{"administration":"pref80","administration_name":"Pr\u00e9fecture de la Somme","content":"PR\u00c9FET\nDE LA SOMME\nRECUEIL DES ACTES\nADMINISTRATIFS SP\u00c9CIAL\nN\u00b02024-212\nPUBLI\u00c9 LE  5 NOVEMBRE 2024\nSommaire\nMaison d'Arr\u00eat d'Amiens /\n80-2024-11-01-00001 - 01 11 2024 ARRETE CSA MA AMIENS (2 pages) Page 3\nPr\u00e9fecture de la Somme /\n80-2024-11-04-00003 - 114 - 2024 - AIP Designation collectivites territ au CG\nPNM EPMO (2 pages) Page 6\n80-2024-11-04-00002 - 115 - 2024 - AIP Nomination membres CG PNM EPMO\n(7 pages) Page 9\nPr\u00e9fecture de la Somme - Cabinet / Cabinet\n80-2024-11-04-00001 - AP 24/785 portant autorisation provisoire d'un\nsyst\u00e8me de vid\u00e9oprotection sur la ville d'Amiens (2 pages) Page 17\nPr\u00e9fecture de la Somme-Service de la Coordination des Politiques\nInterminist\u00e9rielles / Service de laCoordination des Politiques\nInterminist\u00e9rielles\n80-2024-10-31-00003 - AP 31.10.2025 relatif aux campagnes de prophylaxie\ncollectives (11 pages) Page 20\n2\nMaison d'Arr\u00eat d'Amiens\n80-2024-11-01-00001\n01 11 2024 ARRETE CSA MA AMIENS\nMaison d'Arr\u00eat d'Amiens - 80-2024-11-01-00001 - 01 11 2024 ARRETE CSA MA AMIENS 3\nREPUBLIQUE  FRANCAISE\nMinist\u00e8re  de la justice\nArr\u00eat\u00e9  du 1\u00b0\" novembre  2024\nfixant  la liste  des repr\u00e9sentants  si\u00e9geant  au sein  de la formation  sp\u00e9cialis\u00e9e  du comit\u00e9\nsocial  d'administration  de la MAISON  D'ARRET  D' AMIENS\nLe garde  des  sceaux,  ministre  de la justice,\nVu le code  g\u00e9n\u00e9ral  de la fonction  publique,\nVu le d\u00e9cret  n\u00b0 2020-1427  du 20 novembre  2020  modifi\u00e9  relatif  aux comit\u00e9s  sociaux\nd'administration  dans  les administrations  et les \u00e9tablissements  publics  de l'Etat  ;\nVu l'arr\u00eat\u00e9  du 25 avril  2022  modifi\u00e9  portant  cr\u00e9ation  des comit\u00e9s  sociaux  d'administration\nrelevant  du minist\u00e8re  de la justice  ;\nVu l'arr\u00eat\u00e9  du 16 d\u00e9cembre  2022  fixant  la liste  des organisations  syndicales  et de leurs\nrepr\u00e9sentants  aptes  \u00e0 si\u00e9ger  au sein  du comit\u00e9  social  d'administration  de la Maison  d'Arr\u00eat\nd'Amiens  ;\nVu les d\u00e9signations  de repr\u00e9sentants  titulaires  et suppl\u00e9ants  au sein  de la formation  sp\u00e9cialis\u00e9e\ndu comit\u00e9  social  d'administration  de la Maison  d'Arr\u00e9t  d'Amiens,  auxquelles  ont proc\u00e9d\u00e9  les\norganisations  syndicales  si\u00e9geant  au sein  de ce comit\u00e9,  conform\u00e9ment  aux  dispositions  de\nl'article  24 du d\u00e9cret  n\u00b0 2020-1427  du 20 novembre  2020  susvis\u00e9,\nArr\u00eate  :\nArticle  1\nLa liste  des repr\u00e9sentants  titulaires  et suppl\u00e9ants  si\u00e9geant  au sein  de la formation  sp\u00e9cialis\u00e9e  du\ncomit\u00e9  social  d'administration  de la Maison  d' Arr\u00eat  d' Amiens  est fix\u00e9e  comme  suit  :\nORGANISATIONS  MEMBRE(S)  MEMBRE(S)\nSYNDICALES  TITULAIRE(S)  SUPPLEANT(S)\nM. LEBOUCHER  Luc  M. MORELLE  Jean-Philippe\nDORCEREMRIERENUSIMICE  M. LEFEVRE  Fr\u00e9d\u00e9ric  M. RAOULT  Vincent\nUFAP/UNSA  JUSTICE  M. BASCOP  Matthieu  M. DROPSY  Franck\nCFDT  M. STROZYK  J\u00e9r\u00f4me  M. BREUIL  Vincent\nMaison d'Arr\u00eat d'Amiens - 80-2024-11-01-00001 - 01 11 2024 ARRETE CSA MA AMIENS 4\nArticle  2\nLes membres  titulaires  et suppl\u00e9ants  sont  nomm\u00e9s  pour  un mandat  de quatre  ans soit  jusqu'au\n31 d\u00e9cembre  2026.\nArticle  3\nLe Chef  d'\u00e9tablissement  de la Maison  d' Arr\u00e9t  d' Amiens  est charg\u00e9  de l'application  du pr\u00e9sent\narr\u00e9t\u00e9,  qui sera  publi\u00e9  au recueil  des actes  administratifs  de la Pr\u00e9fecture  de la Somme.\nFait  a Amiens,  le 1% novembre  2024\nLe Chef  d'\u00e9tablissement,\nMaison d'Arr\u00eat d'Amiens - 80-2024-11-01-00001 - 01 11 2024 ARRETE CSA MA AMIENS 5\nPr\u00e9fecture de la Somme\n80-2024-11-04-00003\n114 - 2024 - AIP Designation collectivites territ au\nCG PNM EPMO\nPr\u00e9fecture de la Somme - 80-2024-11-04-00003 - 114 - 2024 - AIP Designation collectivites territ au CG PNM EPMO 6\nPREFET  PREFET\nMARITIME  DE LA SOMME\nDE LA MANCHE  Liberte\nET DE LA MER  DU NORD  mal\neal\nFraternit\u00e9  2Pr\u00e9fecture  maritime  de la Manche  Pr\u00e9fecture  de la Somme\net de la mer  du Nord\nDivision  \u00ab action  de l'\u00c9tat  en mer  \u00bb\nN\u00b0 114/2024/PR\u00c9MAR  MANCHE/AEM/NP\nARR\u00caT\u00c9  INTER-PR\u00c9FECTORAL\nportant  d\u00e9signation  des groupements  de collectivit\u00e9s  territoriales  mentionn\u00e9s  aux eet g du\n2\u00b0 du | de l'article  2 du d\u00e9cret  n\u00b0 2024-554  du 17 juin  2024  modifiant  le d\u00e9cret  n\u00b0 2012-1389  du\n11 d\u00e9cembre  2012  portant  cr\u00e9ation  du parc  naturel  marin  des estuaires  picards  et de la mer\nd'Opale.\nLe pr\u00e9fet  maritime  de la Manche  Le pr\u00e9fet  de la Somme,\net de la mer  du Nord,\nOfficier  de la L\u00e9gion  d'honneur,  Chevalier  de la L\u00e9gion  d'honneur,\nOfficier  de l'ordre  national  du M\u00e9rite,\nChevalier  du M\u00e9rite  Maritime,\nVu le code  de l'environnement,  et notamment  son article  R334-31;\nVu le d\u00e9cret  n\u00b0 2012-1389  du 11 d\u00e9cembre  2012  portant  cr\u00e9ation  du parc  naturel  marin  des\nestuaires  picards  et de la mer  d'Opale  ;\nVu le d\u00e9cret  n\u00b0 2024-554  du 17 juin  2024  modifiant  le d\u00e9cret  n\u00b0 2012-1389  du\n11 d\u00e9cembre  2012  portant  cr\u00e9ation  du parc  naturel  marin  des estuaires  picards  et de la\nmer  d'Opale  ;\nVu l'avis  du pr\u00e9fet  de la Seine-Maritime  en date  du 31 octobre  2024;\nVu l'avis  du pr\u00e9fet  du Pas-de-Calais  en date  du 31 octobre  2024.\nARR\u00caTENT\nArticle  1\u00b0\nLes six \u00e9tablissements  de coop\u00e9ration  intercommunale  impliqu\u00e9s  dans  le parc  naturel  marin\nsont :\n- la communaut\u00e9  de communes  de la Terre  des deux  caps;\n- la communaut\u00e9  d'agglom\u00e9ration  du Boulonnais  ;\n- la communaut\u00e9  d'agglom\u00e9ration  des deux  baies  en Montreuillois  ;\n- la communaut\u00e9  de communes  du Ponthieu  Marquenterre  ;\n- la communaut\u00e9  d'agglom\u00e9ration  de la baie  de Somme;\n- la communaut\u00e9  de communes  des  Villes  S\u0153urs.\nPr\u00e9fecture  maritime  de la Manche  et de la mer  du Nord  Pr\u00e9fecture  de la Somme\nTC 01 - 50115  Cherbourg-en-Cotentin  Cedex  51 rue de la R\u00e9publique  - 80000  Amiens\nM\u00e9l.  : sec.aem@premar-manche.gouv.fr  M\u00e9l.  : pref-courrier@somme.gouv.fr\n1/2\nPr\u00e9fecture de la Somme - 80-2024-11-04-00003 - 114 - 2024 - AIP Designation collectivites territ au CG PNM EPMO 7\nLes deux  syndicats  mixtes  comp\u00e9tents  sur la gestion  du trait  de c\u00f4te  et la pr\u00e9vention  des\nrisques  littoraux  dans  le Pas-de-Calais  et dans  la Somme  sont:\n- le Syndicat  mixte  du P\u00f4le  M\u00e9tropolitain  de la c\u00f4te  d'Opale;\n- le Syndicat  mixte  Baie  Somme  Grand  Littoral  Picard.\nLa structure  porteuse  des sch\u00e9mas  d'am\u00e9nagement  et de gestion  des eaux  des bassins  versants\nsitu\u00e9s  en amont  des  estuaires  inclus  dans  le p\u00e9rim\u00e8tre  du parc  naturel  marin  est  :\n- le Syndicat  mixte  pour  le sch\u00e9ma  d'am\u00e9nagement  et de gestion  des eaux  du Boulonnais  pour\nle titulaire  ;\n- le Syndicat  mixte  Canche  et Authie,  pour  le repr\u00e9sentant  suppl\u00e9ant.\nArticle  2\nL'arr\u00eat\u00e9  inter-pr\u00e9fectoral  n\u00b0 34/2013  du pr\u00e9fet  maritime  de la Manche  et de la mer  du Nord  et\ndu pr\u00e9fet  de la Somme  du 18 juin  2013  portant  nomination  au conseil  de gestion  du parc\nnaturel  marin  des  estuaires  picards  et de la mer  du d'Opale,  est abrog\u00e9.\nArticle  3\nLa sous-pr\u00e9f\u00e8te  d'Abbeville,  l'adjoint  du pr\u00e9fet  maritime  de la Manche  et de la mer  du Nord\npour  l'action  de l'\u00c9tat  en mer  et le directeur  de l'office  fran\u00e7ais  de la biodiversit\u00e9  sont  charg\u00e9s\nde l'ex\u00e9cution  du pr\u00e9sent  arr\u00eat\u00e9  qui sera  publi\u00e9  au recueil  des actes  administratifs  de la\npr\u00e9fecture  de la Somme  et de l'office  fran\u00e7ais  de la biodiversit\u00e9  ainsi  qu'au  recueil  des actes\nadministratifs  \u00e9lectronique  de la pr\u00e9fecture  maritime  de la Manche  et de la mer  du Nord\nw.premar-manche.gouv.fr).\n\u00c0 Cherbourg-en-Cotentin,  le novembre  2024  \u00c0 Amiens,  le 04 novembre  2024\nLe pr\u00e9fet  maritime  de la Manche  Le pr\u00e9fet  de la Somme,\net de la mer  du Nord,\nKa jus\nBenoit  de Guibert  Rollon  Mouchel-Blaisot\n2/2\nPr\u00e9fecture de la Somme - 80-2024-11-04-00003 - 114 - 2024 - AIP Designation collectivites territ au CG PNM EPMO 8\nPr\u00e9fecture de la Somme\n80-2024-11-04-00002\n115 - 2024 - AIP Nomination membres CG PNM\nEPMO\nPr\u00e9fecture de la Somme - 80-2024-11-04-00002 - 115 - 2024 - AIP Nomination membres CG PNM EPMO 9\nPREFET  -\nMARITIME  PREFET\nDE LA MANCHE  DE LA SOMME\nET DE LA MER  DU NORD  Les\nLibert\u00e9 | Fraternit\u00e9\n\u00c9galit\u00e9\nFraternit\u00e9  .\nPr\u00e9fecture  maritime  de la Manche\net de la mer  du Nord\nDivision  \u00ab action  de l'\u00c9tat  en mer  \u00bb\nN\u00b0 115/2024/PR\u00c9MAR  MANCHE/AEM/NPPr\u00e9fecture  de la Somme\nARR\u00caT\u00c9  INTER-PR\u00c9FECTORAL\nportant  nomination  au conseil  de gestion  du parc  naturel  marin  des estuaires  picards  et de la\nmer  d'Opale.\nLe pr\u00e9fet  maritime  de la Manche  Le pr\u00e9fet  de la Somme,\net de la mer  du Nord,\nOfficier  de la L\u00e9gion  d'honneur,  Chevalier  de la L\u00e9gion  d'honneur,\nOfficier  de l'ordre  national  du M\u00e9rite,\nChevalier  du M\u00e9rite  Maritime,\nVu le code  de l'environnement,  et notamment  son  article  R334-31;\nVu le d\u00e9cret  n\u00b0 2012-1389  du 11 d\u00e9cembre  2012  portant  cr\u00e9ation  du parc  naturel  marin  des\nestuaires  picards  et de la mer  d'Opale  ;\nVu le d\u00e9cret  n\u00b0 2024-554  du 17 juin  2024  modifiant  le d\u00e9cret  n\u00b0 2012-1389  du 11 d\u00e9cembre\n2012  portant  cr\u00e9ation  du parc  naturel  marin  des estuaires  picards  et de la mer  d'Opale;\nVu le d\u00e9cret  du 13 juillet  2023  portant  nomination  du pr\u00e9fet  de la Somme,  M. Rollon\nMouchel-Blaisot,  \u00e0 compter  du 23 ao\u00fbt  2022  ;\nVu le d\u00e9cret  du 19 juin 2024  portant  nominations  d'officiers  g\u00e9n\u00e9raux,  et notamment  son\narticle  10 portant  nomination  du pr\u00e9fet  maritime  de la Manche  et de la mer  du Nord,\ncommandant  de la zone  maritime  Manche  et mer  du Nord,  commandant  de\nl'arrondissement  maritime  Manche-mer  du Nord,  M. le vice-amiral  Benoit  de Guibert,  a\ncompter  du 1\u00b0 aout  2024  ;\nVu l'arr\u00eat\u00e9  inter-pr\u00e9fectoral  n\u00b0114/2024/PREMAR  MANCHE/AEM/NP  du pr\u00e9fet  maritime  de la\nManche  et de la mer  du Nord  et du pr\u00e9fet  de la Somme  du 4 novembre  2024,  portant\nd\u00e9signation  des groupements  de collectivit\u00e9s  territoriales  mentionn\u00e9s  aux  f) et  i) du 2\u00b0 du\n| de l'article  2 du d\u00e9cret  n\u00b0 2012-1389  du 11 d\u00e9cembre  2012  portant  cr\u00e9ation  du parc\nnaturel  marin  des  estuaires  picards  et de la mer  d'Opale.\nPr\u00e9fecture  maritime  de la Manche  et de la mer  du Nord  Pr\u00e9fecture  de la Somme\nTC 01 - 50115  Cherbourg-en-Cotentin  Cedex  51 rue de la R\u00e9publique  \u2014 80000  Amiens\nM\u00e9l.  : sec.aem@premar-manche.gouv.fr  M\u00e9l.  : pref-courrier@somme.gouv.fr\n1/7\nPr\u00e9fecture de la Somme - 80-2024-11-04-00002 - 115 - 2024 - AIP Nomination membres CG PNM EPMO 10\nConsid\u00e9rant  les propositions  formul\u00e9es  par les organes  d\u00e9lib\u00e9rants  des collectivit\u00e9s\nterritoriales  ou groupements  de collectivit\u00e9s  et par les personnes  morales\ncomposant  le conseil  de gestion  du parc  naturel  marin  des estuaires  picards  et\nde la mer  d'Opale,  suite  aux modifications  intervenues  dans  la composition  de\nleur  repr\u00e9sentation.\nARRETENT\nArticle  1\u00b0:\nI. Sont  nomm\u00e9s  membres  du conseil  de gestion  du parc  naturel  marin  des estuaires  picards\net de la mer  d'Opale:\n1. Au titre  des sept  repr\u00e9sentants  de l'\u00c9tat  et de ses \u00e9tablissements  publics  :\n- le commandant  de la zone  maritime  Manche-mer  du Nord;\n- le directeur  interr\u00e9gional  de la mer  Manche-Est  mer  du Nord;\n- le directeur  r\u00e9gional  de l'environnement,  de l'am\u00e9nagement  et du logement  des Hauts-de-\nFrance  ;\n- le directeur  d\u00e9partemental  des territoires  et de la mer  du Pas-de-Calais  ;\n- le directeur  d\u00e9partemental  des territoires  et de la mer  de la Somme;\n- le directeur  d\u00e9l\u00e9gu\u00e9  r\u00e9gional  Manche-mer  du Nord  du conservatoire  de l'espace  littoral  et\ndes  rivages  lacustres  ;\n- le directeur  de l'agence  de l'eau  Artois-Picardie.\n2. Au titre  des  treize  repr\u00e9sentants  des collectivit\u00e9s  territoriales  et de leurs  groupements  :\na) Pour  la r\u00e9gion  Hauts-de-France  :\n- M. Jean-Michel  TACCOEN,  titulaire  ;\n- M. Franck  GONSSE,  suppl\u00e9ant.\nb) Pour  la r\u00e9gion  Normandie  :\n- M. Pierre  VOGT,  titulaire  ;\n- M. Jean-Fran\u00e7ois  BLOC,  suppl\u00e9ant.\nc) Pour  le d\u00e9partement  du Pas-de-Calais  :\n- Mme  Mireille  HINGREZ-CEREDA,  titulaire  ;\n- Mme  Sandra  MILLE,  suppl\u00e9ante.\nd) Pour  le d\u00e9partement  de la Somme:\n- M. St\u00e9phane  HAUSSOULIER,  titulaire  ;\n- M. Hubert  DE JENLIS,  suppl\u00e9ant.\ne) Pour  les \u00e9tablissements  de coop\u00e9ration  intercommunale  impliqu\u00e9s  dans  le parc  na-\nturel  marin  :\ne La communaut\u00e9  de communes  de la Terre  des deux  Caps:\n- Non  d\u00e9sign\u00e9,  titulaire  ;\n- Non  d\u00e9sign\u00e9,  suppl\u00e9ant.\ne La communaut\u00e9  d'agglom\u00e9ration  du Boulonnais  :\n- M. Dominique  GODEFROY,  titulaire  ;\n2/7\nPr\u00e9fecture de la Somme - 80-2024-11-04-00002 - 115 - 2024 - AIP Nomination membres CG PNM EPMO 11\n- M. Olivier  BARBARIN,  suppl\u00e9ant.\ne La communaut\u00e9  d'agglom\u00e9ration  des deux  Baies  en Montreuillois  :\n- M. Bruno  COUSEIN,  titulaire  ;\n- M. Claude  VILCOT,  suppl\u00e9ant.\ne La communaut\u00e9  de communes  Ponthieu-Marquenterre  :\n- M. Eric  KRAEMER,  titulaire  ;\n- M. Alain  BAILLET,  suppl\u00e9ant.\ne La communaut\u00e9  d'agglom\u00e9ration  de la Baie  de Somme:\n- M. Pascal  DEMARTHE,  titulaire  ;\n- M. Jean-Paul  LECOMTE,  suppl\u00e9ant.\ne La communaut\u00e9  de communes  des  Villes  Soeurs  :\n- M. Jean-Jacques  LOUUVEL,  titulaire  ;\n- M. Michel  DELEPINE,  suppl\u00e9ant.  |\nf) Pour  les syndicats  mixtes  comp\u00e9tents  sur la gestion  du trait  de c\u00f4te  et la prevention\ndes risques  littoraux  dans  le Pas-de-Calais  et dans  la Somme:\ne Le p\u00f4le  m\u00e9tropolitain  de la C\u00f4te  d'Opale:\n- Non  d\u00e9sign\u00e9,  titulaire  ;\n- Non  d\u00e9sign\u00e9,  suppl\u00e9ant  ;\ne Le syndicat  mixte  Baie  de Somme-Grand  Littoral  Picard  :\n- M. Philippe  EVRARD,  titulaire  ;\n- M. Jean-Marie  MACHAT,  suppl\u00e9ant.\ng) Pour  les structures  porteuses  des sch\u00e9mas  d'am\u00e9nagement  et de gestion  des eaux\ndes bassins  versants  situ\u00e9s  en amont  des estuaires  inclus  dans  le RETIENS  du parc\nnaturel  marin:\ne Le Syndicat  mixte  pour  le sch\u00e9ma  d'am\u00e9nagement  et de gestion  des eaux  du\nBoulonnais  et Le Syndicat  mixte  Canche  et Authie:\n- M. Philippe  GODEAU,  titulaire  ;\n- M. Jean-Claude  DESCHARLES,  suppl\u00e9ant.\nAu titre  du repr\u00e9sentant  des parcs  naturels  r\u00e9gionaux  int\u00e9ress\u00e9s  (Parc  naturel  r\u00e9gional\ndes Caps  et Marais  d'Opale,  et Parc  naturel  r\u00e9gional  Baie  de Somme  Picardie  Maritime)  :\n- M. Emmanuel  MAQUET,  titulaire  ;\n- M. Benoit  LEMAIRE,  suppl\u00e9ant.\nAu titre  du repr\u00e9sentant  de l'organisme  de gestion  d'une  aire  marine  prot\u00e9g\u00e9e  contigu\u00e9,\nchoisi  parmi  les organismes  gestionnaires  des r\u00e9serves  naturelles  nationales  de la baie  de\nCanche  et de la baie  de Somme  :\n- M. Dominique  COCQUET,  titulaire  ;\n- Mme  Emmanuelle  LEVEUGLE,  suppl\u00e9ante.\n3/7\nPr\u00e9fecture de la Somme - 80-2024-11-04-00002 - 115 - 2024 - AIP Nomination membres CG PNM EPMO 12\nAu titre  des  dix-neuf  repr\u00e9sentants  des  organisations  repr\u00e9sentatives  des\nprofessionnels  :\na) Pour  les deux  comit\u00e9s  r\u00e9gionaux  des p\u00eaches  maritimes  et des \u00e9levages  marins  des\nHauts  de France  et de Normandie  :\n- M. Olivier  LEPRETRE,  titulaire;\n- M. Louis  GUSTIN,  suppl\u00e9ant;\n- Mme  Jana  COLLI-CANTONI,  titulaire  ;\n- Mme  Aline  MEIDINGER,  suppl\u00e9ante.\nb) Pour  les professionnels  de la p\u00eache,  repr\u00e9sentant  les diff\u00e9rents  m\u00e9tiers  et ports  de\nd\u00e9barquement,  d\u00e9sign\u00e9s  sur proposition  des  deux  comit\u00e9s  r\u00e9gionaux  des  p\u00eaches  ma-\nritimes  et des  \u00e9levages  marins  des  Hauts  de France  et de Normandie  :\n- M. Samuel  GAMAIN,  titulaire  ;\n- Mme  Morgane  RICARD,  suppl\u00e9ante  ;\n- M. St\u00e9phane  PINTO,  titulaire  ;\n- Mme  Peggy  SEILLIER,  suppl\u00e9ante  ;\n_- Mme  Ren\u00e9e  MICHON,  titulaire  ;\n- M. Thomas  BOUDOU,  suppl\u00e9ant  ;\n- M. Laurent  LEPRETRE,  titulaire  ;\n- M. Philippe  FOURNIER,  suppl\u00e9ant  ;\n- M. Fabrice  MONTASSINE,  titulaire  ;\n- M. Baptiste  MONTASSINE,  suppl\u00e9ant.\nc) Pour  les organisations  de producteurs  de p\u00e9che  maritime:\n- Mme  Delphine  RONCIN,  titulaire  ;\n- Mme  Sol\u00e9ne  PREVALET,  suppl\u00e9ante  ;\n- M. Etienne  DACHICOURT,  titulaire  ;\n- M. Guillaume  LOTH,  suppl\u00e9ant.\nd) Pour  le comit\u00e9  r\u00e9gional  de la conchyliculture  Normandie-mer  du Nord:\n- M. Jean-Etienne  VALLE,  titulaire;\n- M. Paulin  LECONTE,  suppl\u00e9ant.\ne) Pour  l'autorit\u00e9  portuaire  du Tr\u00e9port:\n- M. Alain  BAZILLE,  titulaire  ;\n- M. Eddie  FACQUE,  suppl\u00e9ant.\nf) Pour  l'autorit\u00e9  portuaire  de Boulogne-sur-Mer  \u2014 Calais  :\n- Mme  Paulette  JUILIEN-PEUVION,  titulaire  ;\n- Mme  Laurence  CHARPENTIER,  suppl\u00e9ante.\ng) Pour  les industries  de carri\u00e8res  et mat\u00e9riaux  de construction  :\n- Mme  La\u00ebtitia  PAPORE,  titulaire  ;\n- M. Jean-Fran\u00e7ois  BULTEAU,  suppl\u00e9ant.\n4/7\nPr\u00e9fecture de la Somme - 80-2024-11-04-00002 - 115 - 2024 - AIP Nomination membres CG PNM EPMO 13\nh) Pour  les entreprises  qui interviennent  dans  le secteur  des \u00e9nergies  renouvelables  ou\nun repr\u00e9sentant  des entreprises  d'\u00e9nergies  renouvelables  :\n- M. Yannick  RAYMOND,  titulaire  ;\n- Mme  Julie  FRAIX,  suppl\u00e9ante.\ni) Pour  la chambre  de commerce  et d'industrie  locale:\n- M. Yves  SZRAMA,  titulaire  ;\n- M. Xavier  MENNESSON,  suppl\u00e9ant;\nj) Pour  les structures  comp\u00e9tentes  en mati\u00e8re  de tourisme:\n- M. Francis  LEPINE,  titulaire  ;\nM. Jean-Luc  DUBA\u00cbLE,  suppl\u00e9ant  ;\n- Non  d\u00e9sign\u00e9,  titulaire  ;\n- Non  d\u00e9sign\u00e9,  suppl\u00e9ant.\nk) Pour  les op\u00e9rateurs  de tourisme  embarqu\u00e9s  en mer:\n- M. Christophe  MARIE,  titulaire  ;\n- M. Yann  JOLY,  suppl\u00e9ant.\nI) Pour  les structures  locales  de guides  nature:\n- M. Olivier  HERNANDEZ,  titulaire  ;\n- M. Ga\u00ebtan  DUPONCHELLE,  suppl\u00e9ant.\nAu titre  des  six repr\u00e9sentants  d'organisations  d'usagers  :\na) Pour  les p\u00eacheurs  de loisir  et r\u00e9cr\u00e9atif  :\n- M. Fabrice  GOSSELIN,  titulaire  ;\n- Non  d\u00e9sign\u00e9,  suppl\u00e9ant.\n_b) Pour  les ports  de plaisance  :\n- Non  d\u00e9sign\u00e9,  titulaire  ;\n- Non  d\u00e9sign\u00e9,  suppl\u00e9ant.\nc) Pour  les sports  sous-marins  :\n- Mme  Ingrid  RICHARD,  titulaire  ;\n- Mme  Christelle  LEBASSARD  suppl\u00e9ante.\nd) Pour  les structures  sportives  :\n- M. Ludovic  PELCZYK,  titulaire  ;\n- M. Fran\u00e7ois  JOLIVEAU,  suppl\u00e9ant.\ne) Pour  les associations  de chasse  maritime  impliqu\u00e9s  dans  le parc  naturel  marin:\nM. Thierry  FORESTIER,  titulaire  ;\n- M. Benjamin  BIGOT,  suppl\u00e9ant  ;\nM. Bernard  FLORIN,  titulaire  ;\nMme  Justine  LIEUBRAY,  suppl\u00e9ante.\n5/7\nPr\u00e9fecture de la Somme - 80-2024-11-04-00002 - 115 - 2024 - AIP Nomination membres CG PNM EPMO 14\nAu titre  des  six repr\u00e9sentants  d'associations  ou de f\u00e9d\u00e9rations  de protection  de l'envi-\nronnement  et du patrimoine  culturel  :\na)\nb)\nc)\nd)Pour  l'association  comp\u00e9tente  en mati\u00e8re  de protection  des milieux  marins  d\u00e9sign\u00e9e\npar la F\u00e9d\u00e9ration  fran\u00e7aise  des  soci\u00e9t\u00e9s  de protection  de la nature,  dite  \u00ab France  Na-\nture  Environnement  \u00bb :\n- M. Marc  EVERARD,  titulaire  ;\n- M. Philippe  MASSET,  suppl\u00e9ant.\nPour  l'association  Picardie  nature  :\n- M. Patrick  THIERY,  titulaire  ;\n- M. Thierry  RIGAUX,  suppl\u00e9ant.\nPour  le groupe  ornithologique  et naturaliste  de Nord  - Pas-de-Calais  :\n- M. Quentin  SPRIET,  titulaire  ;\n- M. Denis  TIRMARCHE,  suppl\u00e9ant.\nPour  la coordination  mammalogique  du nord  de la France  :\n- M. Jacky  KARPOUZOPOULOS,  titulaire  ;\n- Mme  C\u00e9lia  RAULT,  suppl\u00e9ante.\nPour  la Ligue  pour  la protection  des  oiseaux  :\n- M. Alain  WARD,  titulaire  ;\n- M. Pierre  FRISCH,  suppl\u00e9ant.\nPour  l'association  comp\u00e9tente  en mati\u00e8re  d'\u00e9tude  et de valorisation  du patrimoine\nculturel  local:\n- Mme  Paule  PORQUET,  titulaire  ;\n- M. Fran\u00e7ois  GUENNOC,  suppl\u00e9ant.\n8. Autitre  des  huit  personnalit\u00e9s  qualifi\u00e9es  :\na)\nb)\nc)\nd)Sur la connaissance  en sciences  de la mer  et sur les changements  globaux  :\n- M. Lionel  DENIS.\nSur la connaissance  sur les ressources  halieutiques  :\n- M. Arnaud  AUBER.\nSur les sciences  humaines  et sociales  :\n- M. J\u00e9r\u00f4me  BURIDANT.\nSur  l'\u00e9ducation  \u00e0 l'environnement  :\n- Mme  Agn\u00e8s  LAVERGNE.\nSur la connaissance  des oiseaux  marins  :\n= M. Nathan  LEGROUX.\nSur la connaissance  des  milieux  estuariens  :\n- Mme  C\u00e9line  ROLET.\n6/7\nPr\u00e9fecture de la Somme - 80-2024-11-04-00002 - 115 - 2024 - AIP Nomination membres CG PNM EPMO 15\ng) Sur  la connaissance  des  v\u00e9g\u00e9tations  estuariennes  et littorales  :\n- M. Christophe  BLONDEL.\nh) Sur  la connaissance  des  ph\u00e9nom\u00e9nes  hydros\u00e9dimentaires  et gestion  du trait  de\nc\u00f4te  :\n- M. Alain  TRENTESAUX.\nArticle  2\nLa sous-pr\u00e9f\u00e9te  d'Abbeville,  l'adjoint  du pr\u00e9fet  maritime  de la Manche  et de la mer  du Nord\npour  l'action  de l'\u00c9tat  en mer  et le directeur  de l'office  fran\u00e7ais  de la biodiversit\u00e9  sont  charg\u00e9s\nde l'ex\u00e9cution  du pr\u00e9sent  arr\u00eat\u00e9  qui sera  publi\u00e9  au recueil  des  actes  administratifs  de la\npr\u00e9fecture  de la Somme  et de l'office  fran\u00e7ais  de la biodiversit\u00e9  ainsi  qu'au  recueil  des  actes\nadministratifs  \u00e9lectronique  de la Pr\u00e9fecture  maritime  de la Manche  et de la mer  du Nord\nr r-m  Louv.fr).\nA Cherbourg-en-Cotentin,  le novembre  2024  \u00c0 Amiens,  le 04 novembre  2024\nLe pr\u00e9fet  maritime  de la Manche  Le pr\u00e9fet  de la Somme,\net de la mer  du Nord,\nSat\nBenoit  de Guibert  Rollon  Mouchel-Blaisot\n7/7\nPr\u00e9fecture de la Somme - 80-2024-11-04-00002 - 115 - 2024 - AIP Nomination membres CG PNM EPMO 16\nPr\u00e9fecture de la Somme - Cabinet\n80-2024-11-04-00001\nAP 24/785 portant autorisation provisoire d'un\nsyst\u00e8me de vid\u00e9oprotection sur la ville d'Amiens\nPr\u00e9fecture de la Somme - Cabinet - 80-2024-11-04-00001 - AP 24/785 portant autorisation provisoire d'un syst\u00e8me de vid\u00e9oprotection\nsur la ville d'Amiens 17\nPREFET\nDE LA SOMME\nLibert\u00e9\n\u00c9galit\u00e9\nFraternit\u00e9Arr\u00eat\u00e9  CAB/BSI/PA  n\u00b0 24/785\nARR\u00caT\u00c9\nPortant  autorisation  provisoire\nd'un  syst\u00e8me  de vid\u00e9oprotection\nLE PR\u00c9FET  DE LA SOMME\nCHEVALIER  DE LA L\u00c9GION  D'HONNEUR\nVu le code  de la s\u00e9curit\u00e9  int\u00e9rieure  et notamment  ses articles  L.252-6  et 7;\nVu le d\u00e9cret  du 13 juillet  2023  nommant  M. Rollon  MOUCHEL-BLAISOT,  pr\u00e9fet  de la Somme  \u00e0\ncompter  du 24 juillet  2023  ;\nVu le d\u00e9cret  du 03 janvier  2024  nommant  M. Victor  JOZON  sous-pr\u00e9fet,  directeur  de cabinet\ndu pr\u00e9fet  de la Somme  ;\nVu l'arr\u00eat\u00e9  minist\u00e9riel  du 03 ao\u00fbt  2007  portant  d\u00e9finition  des normes  techniques  des\nsyst\u00e8mes  de vid\u00e9oprotection  et ses annexes  techniques  ;\nVu l'arr\u00eat\u00e9  pr\u00e9fectoral  du 15 janvier  2024  portant  d\u00e9l\u00e9gation  de signature  \u00e0 M. Victor  JOZON\nsous-pr\u00e9fet,  directeur  de cabinet  du pr\u00e9fet  de la Somme  ;\nVu la demande  pr\u00e9sent\u00e9e  par le maire  de la ville  d'Amiens,  en date  du 17 octobre  2024,  en\nvue  d'obtenir  l'autorisation  d'installer  un syst\u00e8me  de vid\u00e9oprotection  temporaire  ;\nConsid\u00e9rant  que  les demandes  d'autorisation  sont  constitu\u00e9es  conform\u00e9ment  aux  textes\napplicables  en mati\u00e8re  d'exploitation  de syst\u00e8me  de vid\u00e9oprotection  concernant  les voies\npubliques  ou les espaces  ouverts  au public  ;\nSur proposition  du sous-pr\u00e9fet,  directeur  de cabinet  du pr\u00e9fet  de la Somme  ;\nARR\u00caTE\nArticle  1\": Monsieur  Hubert  de Jenlis,  maire  de la ville  d'Amiens  (80000),  est autoris\u00e9,  sous\nr\u00e9serve  du respect  des dispositions  \u00e9dict\u00e9es  dans  le pr\u00e9sent  arr\u00eat\u00e9,  \u00e0 mettre  en \u0153uvre  un\nsyst\u00e8me  de vid\u00e9oprotection  compos\u00e9  de deux  (2) cam\u00e9ras  de voie  publique  sises\nrespectivement  rue St Honor\u00e9  et rue de Cagny  \u00e0 AMIENS  (80000).\nL'autorisation  est d\u00e9livr\u00e9e  pour  une dur\u00e9e  de quatre  mois  (4 mois)  \u00e0 compter  de la date  de\nsignature  du pr\u00e9sent  arr\u00eat\u00e9.\nArticle  2 : Le public  est inform\u00e9  de la pr\u00e9sence  de cam\u00e9ras  par une  signal\u00e9tique  appropri\u00e9e\nde mani\u00e8re  claire  et significative,  \u00e0 chaque  point  d'acc\u00e8s  du public  de l'existence  du syst\u00e8me\nde vid\u00e9oprotection  et de l'autorit\u00e9  ou de la personne  responsable  du droit  d'acc\u00e8s  aux\nimages,  conform\u00e9ment  \u00e0 l'article  L.251-3  du code  de la s\u00e9curit\u00e9  int\u00e9rieure.\nPr\u00e9fecture de la Somme - Cabinet - 80-2024-11-04-00001 - AP 24/785 portant autorisation provisoire d'un syst\u00e8me de vid\u00e9oprotection\nsur la ville d'Amiens 18\nArticle  3: Le responsable  de la mise  en ceuvre  du syst\u00e9me  doit  se porter  garant  des\npersonnes  susceptibles  d'intervenir  dans  l'exploitation  ou le visionnage  des  images,  ainsi  que\ndans  la maintenance  du syst\u00e8me  mis en place.  Des  consignes  tr\u00e8s  pr\u00e9cises  sur la\nconfidentialit\u00e9  des images  capt\u00e9es  ou/et  enregistr\u00e9es  et des atteintes  \u00e0 la vie priv\u00e9e  qu'elles\npeuvent  \u00e9ventuellement  impliquer  sont  donn\u00e9es  \u00e0 toutes  les personnes  concern\u00e9es,\nArticle  4: L'acc\u00e8s  \u00e0 la salle  de visionnage,  d'enregistrement  et de traitement  des images,\ndevra  \u00eatre  strictement  interdit  \u00e0 toute  personne  n'y ayant  pas une fonction  pr\u00e9cise  ou qui\nn'aura  pas \u00e9t\u00e9 pr\u00e9alablement  habilit\u00e9e  et autoris\u00e9e  par le responsable  du syst\u00e8me  ou de son\nexploitation.\nArticle  5 : Les agents  des  services  de police,  de gendarmerie,  de douanes  et/ou  d'incendie  et\nde secours  d\u00fbment  habilit\u00e9s  et d\u00e9sign\u00e9s  dans  les conditions  de l'article  L.252-3  du code  de la\ns\u00e9curit\u00e9  int\u00e9rieure,  peuvent  acc\u00e9der  \u00e0 tout  moment  aux images  et enregistrements  de ce\nsyst\u00e8me  de vid\u00e9oprotection  autoris\u00e9.\nArticle  6 : Sans  pr\u00e9judice  des sanctions  p\u00e9nales  applicables,  la pr\u00e9sente  autorisation  peut,\napr\u00e8s  que  l'int\u00e9ress\u00e9  ait \u00e9t\u00e9 mis \u00e0 m\u00eame  de pr\u00e9senter  ses observations,  \u00eatre  retir\u00e9e  en cas de\nmanquement  aux  dispositions  du code  de la s\u00e9curit\u00e9  int\u00e9rieure  susvis\u00e9  et en cas de\nmodification  des conditions  au vu desquelles  cette  autorisation  a \u00e9t\u00e9 d\u00e9livr\u00e9e.\nArticle  7 : Monsieur  le sous-pr\u00e9fet,  directeur  du cabinet  et le directeur  interd\u00e9partemental\nde la police  nationale  de la Somme  sont  charg\u00e9s,  chacun  en ce qui le concerne,  de\nl'ex\u00e9cution  du pr\u00e9sent  arr\u00eat\u00e9,  qui sera  publi\u00e9  au recueil  des actes  administratifs  de la\npr\u00e9fecture  de la Somme.\nAmiens,  le 04 NOV, 2024\nPour  le pr\u00e9fet  et par d\u00e9l\u00e9gation,\nLe sous-pr\u00e9fet,  dire\u00a2teur  de cabinet,\nVOIES  ET DELAIS  DE RECOURS\nLa pr\u00e9sente  d\u00e9cision  est susceptible  de faire,  dans  le d\u00e9lai  de deux  mois  suivant  la notification,  l'objet  dos voies  de racours  suivantes  :\n- Un recours  gracieux,  formul\u00e9  aupr\u00e9s  du pr\u00e9fet  de la Somme,  cubinet,  bureau  de la s\u00e9curit\u00e9  int\u00e9rieure,  51 rue de la R\u00e9publique  80020  Amiens,\n- un recours  hi\u00e9rarchique,  aupr\u00e8s  du ministre  de l'int\u00e9rieur,  direction  des libert\u00e9s  publiques  et des affaires  juridiques  - sous-direction  des polices  administratives  - bureau\ndes polices  administratives  - place  Beauvau  75800  Paris  cedex  08,\nCes recours  sont  d\u00e9pourvus  de caract\u00e8re  suspensif,  En l'absence  de r\u00e9ponse  de l'administration  dans  un d\u00e9lai  de deux  mois  \u00e0 compter  de la date  de r\u00e9ception  de votre\nracours,  celui-ci  doit  \u00eatre  consid\u00e9r\u00e9  comme  implicitement  rejet\u00e9.\n- Un recours  contentieux,  devant  le tribunal  administratif  d'Amiens  - 14 rue Lemerchier  80000  Amiens  ou par voie  \u00e9lectronique  par le site www  telerecours  fr\nCe recours  juridictionnel  doit \u00eatre d\u00e9pos\u00e9  au plus tard avant  l'expiration  du deuxi\u00e8me  mois  \u00e0 compter  de la date  de notification  de la d\u00e9cision  contest\u00e9e,  ou dans  les deux\nmois  suivant  la date  du rejet  de votre  recours  gracieux  ou hi\u00e9rarchique,\nPr\u00e9fecture de la Somme - Cabinet - 80-2024-11-04-00001 - AP 24/785 portant autorisation provisoire d'un syst\u00e8me de vid\u00e9oprotection\nsur la ville d'Amiens 19\nPr\u00e9fecture de la Somme-Service de la\nCoordination des Politiques Interminist\u00e9rielles\n80-2024-10-31-00003\nAP 31.10.2025 relatif aux campagnes de\nprophylaxie collectives\nPr\u00e9fecture de la Somme-Service de la Coordination des Politiques Interminist\u00e9rielles - 80-2024-10-31-00003 - AP 31.10.2025 relatif aux\ncampagnes de prophylaxie collectives 20\nE = | Direction  D\u00e9partementale  de la Protection\nPR\u00c9FET  des Populations  de la SommeDE LA SOMME  PU\nLibert\u00e9\nee Arr\u00e9t\u00e9  n\u00b0 DDPP80-2024-02831\nARRETE\nportant  organisation  des op\u00e9rations  de prophylaxie  collectives  obligatoires  dans  la\nSomme  pour  la campagne  2024-2025\nLE PREFET  DE LA SOMME\nVu le r\u00e8glement  (UE)  n\u00b02016/429  du Parlement  Europ\u00e9en  et du Conseil  du 9 mars  2016  modifi\u00e9  relatif\naux maladies  animales  transmissibles  et modifiant  et abrogeant  certains  actes  dans  le domaine  de la\nsant\u00e9  animale  (\u00ab l\u00e9gislation  sur la sant\u00e9  animale  \u00bb) ;\nVu le r\u00e8glement  d'ex\u00e9cution  (UE)  n\u00b02018/1882  de la Commission  du 3 d\u00e9cembre  2018  modifi\u00e9  sur\nl'application  de certaines  dispositions  en mati\u00e8re  de pr\u00e9vention  et de lutte  contre  les maladies  a des\ncat\u00e9gories  de maladies  r\u00e9pertori\u00e9es  et \u00e9tablissant  une liste  des esp\u00e8ces  et des groupes  d'esp\u00e8ces  qui\npr\u00e9sentent  un risque  consid\u00e9rable  du point  de vue de la propagation  de ces maladies  r\u00e9pertori\u00e9es  ;\nVu le r\u00e8glement  d\u00e9l\u00e9gu\u00e9  (UE)  n\u00b02020/689  du 17 d\u00e9cembre  2019  modifi\u00e9  compl\u00e9tant  le r\u00e8glement  (UE)\n2016/429  du Parlement  et du Conseil  en ce qui concerne  les r\u00e8gles  applicables  \u00e0 la surveillance,  aux\nprogrammes  d'\u00e9radication  et au statut  \u00ab indemne  \u00bb de certaines  maladies  r\u00e9pertori\u00e9es  et \u00e9mergentes  ;\nVu le code  rural  et de la p\u00eache  maritime,  et notamment  les articles  L.201-1  \u00e0 L.201-13,  L.203-1,  L.203-4,\nL.221-1,  L.223-4,  D.201-1,  R.201-5,  R.203-14,  D.221-1,  D.221-2,  D.221-3,  R.224-1  et R.224-3  ;\nVu le d\u00e9cret  n\u00b080-516  du 4 juillet  1980  modifi\u00e9  relatif  a l'ex\u00e9cution  des mesures  de prophylaxie  des\nmaladies  des animaux  ;\nVu le d\u00e9cret  n\u00b02004-374  du 29 avril  2004  modifi\u00e9  relatif  aux pouvoirs  des pr\u00e9fets,  \u00e0 l'organisation  et \u00e0\nl'action  des  services  de l'\u00c9tat  dans  les r\u00e9gions  et d\u00e9partements  ;\nVu le d\u00e9cret  du 13 juillet  2023  portant  nomination  de M. le pr\u00e9fet  de la Somme,  M. Rollon  Mouchel-\nBlaisot  \u00e0 compter  du 24 juillet  2023  ;\nVu le d\u00e9cret  du 21 juillet  2023  portant  nommination  de M. Emmanuel  MOULARD,  administrateur  de\nl'\u00c9tat  du deuxi\u00e8me  grade,  secr\u00e9taire  g\u00e9n\u00e9ral  de la pr\u00e9fecture  de la Somme  ;\nVu l'arr\u00eat\u00e9  minist\u00e9riel  du 31 d\u00e9cembre  1990  modifi\u00e9  fixant  les mesures  techniques  et administratives\nrelatives  \u00e0 la prophylaxie  collective  de la leucose  bovine  enzootique  ;\nVu l'arr\u00eat\u00e9  minist\u00e9riel  du 29 juin  1993  modifi\u00e9  relatif  \u00e0 la prophylaxie  de la peste  porcine  classique  ;\nVu l'arr\u00eat\u00e9  minist\u00e9riel  du 22 f\u00e9vrier  2005  modifi\u00e9  fixant  les conditions  sanitaires  de d\u00e9tention,  de\ncirculation  et de commercialisation  des  bovins  ;\nVu l'arr\u00eat\u00e9  minist\u00e9riel  du 24 novembre  2005  modifi\u00e9  relatif  \u00e0 l'identification  du cheptel  porcin  ;\nVu l'arr\u00eat\u00e9  minist\u00e9riel  du 19 d\u00e9cembre  2005  modifi\u00e9  relatif  \u00e0 l'identification  des animaux  des esp\u00e8ces\novine  et caprine  ;\nVu l'arr\u00eat\u00e9  minist\u00e9riel  du 22 avril 2008  modifi\u00e9  fixant  les mesures  techniques  et administratives  relatives\n\u00e0 la prophylaxie  et \u00e0 la police  sanitaire  de la brucellose  des bovin\u00e9s  ;\nVu l'arr\u00eat\u00e9  minist\u00e9riel  du 4 novembre  2008  modifi\u00e9  relatif  aux conditions  de police  sanitaire  applicables\naux animaux  et aux produits  d'aquaculture  et relatif  \u00e0 la pr\u00e9vention  de certaines  maladies  chez  les\nanimaux  aquatiques  et aux mesures  de lutte  contre  ces maladies  ;\n1/11\nPr\u00e9fecture de la Somme-Service de la Coordination des Politiques Interminist\u00e9rielles - 80-2024-10-31-00003 - AP 31.10.2025 relatif aux\ncampagnes de prophylaxie collectives 21\nVu l'arr\u00eat\u00e9  minist\u00e9riel  du 21 janvier  2009  modifi\u00e9  fixant  les mesures  de prophylaxie  collective  et de la\npolice  sanitaire  de I'hypodermose  bovine  ;\nVu l'arr\u00eat\u00e9  minist\u00e9riel  du 28 janvier  2009  modifi\u00e9  fixant  les mesures  techniques  et administratives\nrelatives  \u00e0 la prophylaxie  collective  et \u00e0 la police  sanitaire  de la maladie  d'Aujeszky  dans  les\nd\u00e9partements  reconnus  \u00ab indemnes  de maladie  d'Aujeszky  \u00bb ;\nVu l'arr\u00eat\u00e9  du 23 juillet  2012  modifi\u00e9  relatif  aux conditions  d'exercice  du v\u00e9t\u00e9rinaire  sanitaire  ;\nVu l'arr\u00eat\u00e9  minist\u00e9riel  du 21 d\u00e9cembre  2012  modifi\u00e9  fixant  le montant  de l'acte  m\u00e9dical  v\u00e9t\u00e9rinaire  en\nl'application  de l'article  L.203-10  du code  rural  et de la p\u00eache  maritime  ;\nVu l'arr\u00eat\u00e9  minist\u00e9riel  du 6 ao\u00fbt  2013  modifi\u00e9  relatif  \u00e0 l'identification  des animaux  de l'esp\u00e8ce  bovine  ;\nVu l'arr\u00eat\u00e9  minist\u00e9riel  du 10 octobre  2013  modifi\u00e9  relatif  aux mesures  techniques  et administratives\nrelatives  \u00e0 la police  sanitaire  et \u00e0 la prophylaxie  collective  de la brucellose  caprine  et ovine  ;\nVu l'arr\u00eat\u00e9  minist\u00e9riel  du 27 juin  2017  modifi\u00e9  \u00e9tablissant  la liste  des interventions  relatives  \u00e0 des\nmesures  de surveillance  ou de pr\u00e9vention  obligatoires  mentionn\u00e9es  \u00e0 l'article  L.203-1  du code  rural  et\nde la p\u00eache  maritime  ;\nVu l'arr\u00eat\u00e9  minist\u00e9riel  du 31 juillet  2019 modifi\u00e9  fixant  des mesures  de surveillance  et de lutte contre  la\nmaladie  des  muqueuses/diarrh\u00e9e  virale  bovine  (BVD)  ;\nVu l'arr\u00eat\u00e9  minist\u00e9riel  du 8 octobre  2021  modifi\u00e9  fixant  les mesures  techniques  et administratives\nrelatives  \u00e0 la pr\u00e9vention,  la surveillance  et la police  sanitaire  de l'infection  par le complexe\nMycobacterium  tuberculosis  des animaux  des esp\u00e8ces  bovine,  caprine  et porcine  ainsi  que  des \u00e9levages\nde cam\u00e9lid\u00e9s  et de cervid\u00e9s  ;\nVu l'arr\u00eat\u00e9  minist\u00e9riel  du 3 mai 2022  modifi\u00e9  listant  les maladies  animales  r\u00e9glement\u00e9es  d'int\u00e9r\u00eat\nnational  en application  de l'article  L. 221-1  du code  rural  et de la p\u00eache  maritime  ;\nVu l'arr\u00eat\u00e9  minist\u00e9riel  du 25 juillet  2022  modifi\u00e9  instituant  une  participation  financi\u00e8re  de l'\u00c9tat  pour  le\nd\u00e9pistage  de la tuberculose  bovine  ;\nVu l'arr\u00eat\u00e9  minist\u00e9riel  du 27 f\u00e9vrier  2023  modifi\u00e9  relatif  \u00e0 la lutte  contre  les infections  \u00e0 Salmonella  dans\nles troupeaux  de l'esp\u00e8ce  Gallus  gallus  en fili\u00e8re  ponte  d'\u0153ufs  de consommation  et dans  les troupeaux\nde reproducteurs  de l'esp\u00e8ce  Gallus  gallus  ou Meleagris  gallopavo  ;\nVu l'arr\u00eat\u00e9  du 25 septembre  2023  modifi\u00e9  relatif  aux mesures  de surveillance,  de pr\u00e9vention,  de lutte  et\nde vaccination  contre  l'influenza  aviaire  hautement  pathog\u00e8ne  (IAHP)  ;\nVu l'arr\u00eat\u00e9  minist\u00e9riel  du 10 juin  2024  modifi\u00e9  fixant  les mesures  de pr\u00e9vention,  de surveillance  et de\nlutte  contre  la rhinotrach\u00e9ite  infectieuse  bovine  ;\nVu l'instruction  technique  DGAL/SDSBEA/2023-19  du 10 janvier  2023  d\u00e9taillant  le programme\nd'\u00e9radication  de la rhinotrach\u00e9ite  infectieuse  bovine  ;\nVu l'arr\u00eat\u00e9  pr\u00e9fectoral  du 2 novembre  2023  portant  organisation  de la campagne  de prophylaxie  2023-\n2024  est abrog\u00e9  ;\nVu l'arr\u00eat\u00e9  pr\u00e9fectoral  du 15 janvier  2024 portant  d\u00e9l\u00e9gation  de signature  \u00e0 M. Emmanuel  MOULARD,\nsecr\u00e9taire  g\u00e9n\u00e9ral  de la p\u00e9fecture  de la Somme  ;\nVu la convention  quadripartite  sign\u00e9e  le 19 septembre  2024  pour  l'ex\u00e9cution  des missions  d\u00e9l\u00e9gu\u00e9es\ndans  le cadre  de l'organisation  et du suivi  des prophylaxies  bovines  collectives,  dans  les d\u00e9partements\nde la r\u00e9gion  Hauts-de-France  pour  la campagne  2024-2025  ;\nSUR  proposition  de la Directrice  d\u00e9partementale  de la protection  des populations  :\nARR\u00caTE\nCHAPITRE  | - DISPOSITIONS  G\u00c9N\u00c9RALES\nArticle  1\u00b0 - Le pr\u00e9sent  arr\u00eat\u00e9  s'applique  au d\u00e9partement  de la Somme.  II concerne  tous  les animaux  de\nrente,  qu'ils  soient  d\u00e9tenus  par des professionnels  ou des particuliers.\n2/11\nPr\u00e9fecture de la Somme-Service de la Coordination des Politiques Interminist\u00e9rielles - 80-2024-10-31-00003 - AP 31.10.2025 relatif aux\ncampagnes de prophylaxie collectives 22\nArticle  2 - Les conditions  permettant  aux \u00e9levages  officiellement  indemnes  pour  les =\nconcern\u00e9es  de conserver  ce statut  sont  de deux  ordres.  Il s'agit  :\n\u2014 d'une  part,  de mesures  de surveillance  des animaux  introduits  dans  le cheptel  ; ces mesures  sont\nd\u00e9finies  dans  les arr\u00eat\u00e9s  minist\u00e9riels  pr\u00e9cit\u00e9s  ;\n\u2014 d'autre  part,  de mesures  de surveillance  des animaux  pr\u00e9sents  dans  le cheptel  ; ces mesures  sont\nd\u00e9finies  dans  les arr\u00eat\u00e9s  minist\u00e9riels  pr\u00e9cit\u00e9s  et sont,  le cas \u00e9ch\u00e9ant,  pr\u00e9cis\u00e9es  dans  le pr\u00e9sent\narr\u00eat\u00e9.\nArticle  3 - Les op\u00e9rations  de surveillance  obligatoire,  ou de prophylaxie  collective,  sont  r\u00e9alis\u00e9es  par les\nv\u00e9t\u00e9rinaires  sanitaires  d\u00e9sign\u00e9s  au titre  de l'article  L. 203-1  du code  rural  et de la p\u00eache  maritime.  Ils\ns'engagent  \u00e0 ex\u00e9cuter  ces op\u00e9rations  en respectant  les conditions  techniques  et administratives  fix\u00e9es\npar la r\u00e9glementation  et la convention  quadripartite  en vigueur.\n\" Article  4 - Sont  et restent  interdits  et frapp\u00e9s  de nullit\u00e9,  tous  les actes  ainsi  que tous  les documents\n\u00e9dit\u00e9s  \u00e0 leur occasion  concernant  les op\u00e9rations  de prophylaxie  lorsque  lesdits  actes  auront  \u00e9t\u00e9 faits\npar un v\u00e9t\u00e9rinaire  non habilit\u00e9  \u00e0 cet effet  par la directrice  d\u00e9partementale  de la protection  des\npopulations,  en particulier  dans  une exploitation  relevant  officiellement  pour  les prophylaxies\ncollectives  d'un  autre  v\u00e9t\u00e9rinaire.\nArticle  5 - Les v\u00e9t\u00e9rinaires  sanitaires  ne peuvent  se faire  assister  pour  l'ex\u00e9cution  des prophylaxies  que\npar des docteurs  v\u00e9t\u00e9rinaires  ou des \u00e9l\u00e8ves  des \u00e9coles  v\u00e9t\u00e9rinaires  fran\u00e7aises,  titulaires  du dipl\u00f4me\nd'\u00e9tudes  fondamentales  v\u00e9t\u00e9rinaires,  sanctionnant  la formation  re\u00e7ue  au cours  du deuxi\u00e8me  cycle\nd'\u00e9tudes  v\u00e9t\u00e9rinaires  ou d'un  dipl\u00f4me  qui en permet  la dispense,  eux-m\u00eames  titulaires  de l'habilitation\nsanitaire.\nArticle  6 - Le changement  de v\u00e9t\u00e9rinaire  sanitaire  est interdit  pendant  la campagne  en cours,  sauf\nd\u00e9rogation  accord\u00e9e  par la direction  d\u00e9partementale  de la protection  des populations  (DDPP)  en cas\nde force  majeure.\nArticle  7 \u2014 Les v\u00e9t\u00e9rinaires  sanitaires  qui ne s'estimeraient  pas en mesure  de remplir  leur mission  doivent\nen faire  la d\u00e9claration  \u00e9crite  et motiv\u00e9e  \u00e0 la DDPP.\nArticle  8 - Les animaux  doivent  \u00eatre  identifi\u00e9s  conform\u00e9ment  \u00e0 la r\u00e9glementation  en vigueur  pour\nb\u00e9n\u00e9ficier  des op\u00e9rations  de prophylaxies.  La DDPP  doit  \u00eatre  pr\u00e9venue  de l'absence  d'identification\nd'un  animal.\nArticle  9 - Il incombe  aux propri\u00e9taires  et d\u00e9tenteurs  des animaux  de prendre  toutes  dispositions\nn\u00e9cessaires  pour  aider  \u00e0 la r\u00e9alisation  des mesures  prescrites  par le pr\u00e9sent  arr\u00eat\u00e9,  notamment  en\nassurant  la contention  de leurs  animaux.\nSi un d\u00e9faut  de contention  emp\u00eache  la r\u00e9alisation  de tout  ou partie  de la prophylaxie  sur un cheptel,  le\nv\u00e9t\u00e9rinaire  sanitaire  concern\u00e9  doit  en avertir  la section  d\u00e9partementale  de la FRGDS  et la DDPP  en\nportant  cette  information  sur le document  d'accompagnement  de prophylaxie  (DAP).\nSi malgr\u00e9  la pr\u00e9sence  de moyens  de contention,  un animal  ne peut  \u00eatre  d\u00e9pist\u00e9  en raison  de jsa\ndangerosit\u00e9,  le v\u00e9t\u00e9rinaire  sanitaire  concern\u00e9  doit  en avertir  la section  d\u00e9partementale  de la FRGDS  et\nla DDPP,  en portant  la mention  \u00ab animal  dangereux  \u00bb sur le DAP  en face  de l'animal  concern\u00e9.\nArticle  10 - Les tarifs  de r\u00e9mun\u00e9ration  des agents  qui ex\u00e9cutent  les op\u00e9rations  de prophylaxie\nmentionn\u00e9es  dans  le pr\u00e9sent  arr\u00eat\u00e9  sont  fix\u00e9s  par convention  conclue  entre  les repr\u00e9sentants  des\nv\u00e9t\u00e9rinaires  et les repr\u00e9sentants  des \u00e9leveurs.  Cette  convention  est accessible  depuis  le lien suivant\n(https://draaf.  hauts-de-france.agriculture.gouv.fr/prophylaxies-r709.html).  Sauf  indication  contraire,  les\nparticipations  \u00e9ventuelles  de l'\u00c9tat  fix\u00e9es  hors  taxes  viennent  en d\u00e9duction  de ces tarifs.\nCHAPITRE  II - DISPOSITIONS  CONCERNANT  LES PROPHYLAXIES  OBLIGATOIRES  POUR  LES BOVINS\nSECTION  |: DISPOSITIONS  COMMUNES\n3/11\nPr\u00e9fecture de la Somme-Service de la Coordination des Politiques Interminist\u00e9rielles - 80-2024-10-31-00003 - AP 31.10.2025 relatif aux\ncampagnes de prophylaxie collectives 23\nArticle  11 - Tout  propri\u00e9taire  ou d\u00e9tenteur  d'animaux  de l'esp\u00e8ce  bovine  est tenu  de faire  appel  au\nv\u00e9t\u00e9rinaire  sanitaire  qu'il  aura  d\u00e9sign\u00e9  pour  la r\u00e9alisation  des prophylaxies.\nArticle  12 - La p\u00e9riode  de r\u00e9alisation  des prophylaxies  dans  l'esp\u00e8ce  bovine  est fix\u00e9e  du 1\u00b0 novembre\n2024  au 30 avril  2025.\nArticle  13 - Les listes  des troupeaux  \u00e0 d\u00e9pister  et les modalit\u00e9s  de r\u00e9alisation  des prophylaxies  sont\ntransmises  aux acteurs  concern\u00e9s  (v\u00e9t\u00e9rinaires  sanitaires  et section  d\u00e9partementale  de la FRGDS).\nArticle  14  - Les op\u00e9rations  de prophylaxie  relatives  \u00e0 la tuberculose,  la brucellose  et la leucose  bovine\nenzootique,  sur demande  de l'\u00e9leveur  et apr\u00e8s  autorisation  de la DDPP,  peuvent  ne pas \u00eatre appliqu\u00e9s\naux animaux  destin\u00e9s  exclusivement  \u00e0 la boucherie  introduits  et entretenus  dans  des ateliers  bovins\nd'engraissement  (appel\u00e9s  ateliers  d'engraissement  d\u00e9rogataires),  sous  r\u00e9serve  du respect  des conditions\nsuivantes.\nLa structure  et la conduite  de l'atelier  bovin  d\u00e9rogataire  sont  strictement  s\u00e9par\u00e9es  de toute  autre  unit\u00e9\nde production  d'esp\u00e8ces  sensibles  \u00e0 la brucellose,  \u00e0 la leucose  bovine  enzootique  ou \u00e0 la tuberculose\nbovine  et pour  la tuberculose,  les bovins  doivent  \u00eatre  d\u00e9tenus  exclusivement  en b\u00e2timent  d\u00e9di\u00e9  ferm\u00e9.\nDes mesures  de bios\u00e9curit\u00e9  doivent  \u00eatre  mises  en place  afin d'\u00e9viter  les contacts  avec  des animaux  de\nla faune  sauvage.\nPour  l'hypodermose  bovine,  la BVD  et l'IBR,  sur demande  de l'\u00e9leveur  et apr\u00e8s  autorisation  de la DDPP\net de la section  d\u00e9partementale  de la FRGDS,  les op\u00e9rations  de d\u00e9pistage  pr\u00e9vues  dans  les sections  Il,\nV, VI et VII peuvent  ne pas \u00eatre  appliqu\u00e9es  aux animaux  d\u00e9tenus  dans  les ateliers  de bovins\nd'engraissement  d\u00e9tenus  exclusivement  en b\u00e2timent  d\u00e9di\u00e9  ferm\u00e9.\nCes ateliers  font,  au moment  de la demande  puis  annuellement,  l'objet  d'une  visite  d'\u00e9valuation  par le\nv\u00e9t\u00e9rinaire  sanitaire  de l'exploitation  permettant  de v\u00e9rifier  le respect  de ces conditions.  Cette  visite\nest \u00e0 r\u00e9aliser  en d\u00e9but  de campagne  de prophylaxie  afin de s'assurer  du respect  des conditions  de\nd\u00e9rogation  pour  la campagne  en cours,  et dans  tous  les cas avant  le 30 avril  2025.  |\nArticle  15 - En application  de l'article  6 de l'arr\u00eat\u00e9  minist\u00e9riel  du 22 avril  2008  susvis\u00e9  et de l'article  6 de\nl'arr\u00eat\u00e9  minist\u00e9riel  du 8 octobre  2021  susvis\u00e9,  des mesures  de surveillance  renforc\u00e9es  peuvent  \u00eatre\nprescrites  par d\u00e9cision  individuelle  du pr\u00e9fet  dans  les ErOUPERUX  pr\u00e9sentant  un risque  sanitaire\nparticulier  en regard  de la tuberculose  ou de la brucellose.  |\nSECTION  II : DISPOSITIONS  SP\u00c9CIFIQUES  \u00c0 LA TUBERCULOSE\nArticle  16 - En application  de l'article  12 de l'arr\u00eat\u00e9  du 8 octobre  2021  susvis\u00e9,  les troupeaux  de bovin\u00e9s\nofficiellement  \u00ab indemnes  d'infection  par le complexe  Mycobacterium  tuberculosis  \u00bb du d\u00e9partement\nsont  dispens\u00e9s  de l'obligation  de d\u00e9pistage  collectif  p\u00e9riodique,  \u00e0 l'exception  des cheptels  pr\u00e9sentant\nun risque  sanitaire  particulier.  Sur la base  des dispositions  de l'article  5 de l'arr\u00eat\u00e9  du 8 octobre  2021\nsusvis\u00e9,  les risques  sanitaires  particuliers  sont  d\u00e9crits  ci-apr\u00e8s  :\n1. Les troupeaux  ayant  recouvr\u00e9  leur qualification  apr\u00e8s  avoir  \u00e9t\u00e9 reconnus  infect\u00e9s  de tuberculose\nfont  l'objet  d'un  d\u00e9pistage  annuel  par intradermotuberculination  comparative.  Ce d\u00e9pistage\nconcerne  les bovins  \u00e2g\u00e9s  de 12 mois  et plus  pendant  une p\u00e9riode  de cinq  ans.  |\n2. Les troupeaux  pour  lesquels  un lien \u00e9pid\u00e9miologique  a \u00e9t\u00e9 constat\u00e9  avec  un animal  ou un\ntroupeau  infect\u00e9  de tuberculose  ou avec  un cas confirm\u00e9  de tuberculose  dans  la faune  sauvage,\nfont  l'objet  d'un  d\u00e9pistage  annuel  par intradermotuberculination  comparative.  Ces d\u00e9pistages\nconcernent  les bovins  \u00e2g\u00e9s  de 12 mois  et plus  et sont  mis en \u0153uvre  selon  les modalit\u00e9s  pr\u00e9cis\u00e9es\npar une d\u00e9cision  individuelle  du pr\u00e9fet  pendant  une p\u00e9riode  de cinq  ans maximum.\nx3. Les troupeaux  pour  lesquels  il est \u00e9tabli  que des dispositions  r\u00e9glementaires  \u00e0 l'identification,  \u00e0\nla circulation  des animaux,  aux conditions  de maintien  de la qualification  \u00abindemne  d'infection\npar le complexe  \u00ab Mycobacterium  tuberculosis  \u00bb ou les obligations  de formation  en mati\u00e8re  de\nbios\u00e9curit\u00e9  pr\u00e9vues  aux articles  29 et 30 de l'arr\u00eat\u00e9  du 8 octobre  2021 susvis\u00e9  n'ont  pas \u00e9t\u00e9\nrespect\u00e9es,  font l'objet  d'un d\u00e9pistage  annuel  par intradermotuberculination  comparative  des\nbovin\u00e9s  \u00e2g\u00e9s  de 12 mois  et plus.  Ces troupeaux  sont  consid\u00e9r\u00e9s  \u00e0 risque  sanitaire  par une\nd\u00e9cision  individuelle  du pr\u00e9fet  jusqu'\u00e0  la mise  en place  des mesures  correctives  permettant  de\n4/11\nPr\u00e9fecture de la Somme-Service de la Coordination des Politiques Interminist\u00e9rielles - 80-2024-10-31-00003 - AP 31.10.2025 relatif aux\ncampagnes de prophylaxie collectives 24\nr\u00e9pondre  a ces obligations.  Le statut  de ces troupeaux  est r\u00e9vis\u00e9  chaque  ann\u00e9e  en fin de\ncampagne  de prophylaxie.  |\nSECTION  III : DISPOSITIONS  SP\u00c9CIFIQUES  \u00c0 LA BRUCELLOSE\nArticle  17 - Les op\u00e9rations  de prophylaxie  de la brucellose  bovine  sont  obligatoires  dans  l'ensemble  des\ncheptels  bovins  du d\u00e9partement  officiellement  indemne  de brucellose  selon  un rythme  annuel,  dans\nles conditions  suivantes  :\n1. Dans  les cheptels  laitiers  livrant  r\u00e9guli\u00e8rement  du lait en laiterie,  le d\u00e9pistage  est effectu\u00e9  sur le\nlait de m\u00e9lange  produit  par le cheptel  contr\u00f4l\u00e9.\n2. Les autres  cheptels  sont  soumis  \u00e0 Un examen  s\u00e9rologique  portant  sur 20%  des bovins  \u00e2g\u00e9s  d'au\nmoins  24 mois  avec  un minimum  de 10 bovins.  Si l'effectif  des bovins  \u00e9ligibles  est inf\u00e9rieur  \u00e0 10,\ntous  les bovins  \u00e9ligibles  doivent  \u00eatre  pr\u00e9lev\u00e9s.\nSECTION  IV : DISPOSITIONS  SP\u00c9CIFIQUES  \u00c0 LA LEUCOSE  BOVINE  ENZOOTIQUE\nArticle  18 - Les cheptels  officiellement  indemnes  de leucose  bovine  enzootique  font  l'objet  d'un\nd\u00e9pistage  selon  un rythme  quinquennal  (d\u00e9pistage  dans  un cinqui\u00e8me  des communes  du d\u00e9partement\npar rotation).  |\n1. Dans  les cheptels  laitiers  livrant  r\u00e9guli\u00e8rement  du lait en laiterie,  le d\u00e9pistage  est effectu\u00e9  sur le\nlait de m\u00e9lange  produit  par le cheptel  contr\u00f4l\u00e9.  |\n2. Les autres  cheptels  sont  soumis  \u00e0 un examen  s\u00e9rologique  portant  sur 20%  des bovins  \u00e2g\u00e9s  d'au\nmoins  24 mois  avec  un minimum  de 10 bovins.  Si l'effectif  des bovins  \u00e9ligibles  est inf\u00e9rieur  \u00e0 10,\ntous  les bovins  \u00e9ligibles  doivent  \u00eatre  pr\u00e9lev\u00e9s.\nLa liste  des communes  concern\u00e9es  pour  la campagne  est annex\u00e9e  au pr\u00e9sent  arr\u00eat\u00e9.\nSECTION  V : DISPOSITIONS  SP\u00c9CIFIQUES  \u00c0 LA RHINOTRACHEITE  INFECTIEUSE  BOVINE  (IBR)\nArticle  19 - Les op\u00e9rations  de prophylaxie  de l'IBR  sont  obligatoires  dans  l'ensemble  des cheptels  bovins\ndu d\u00e9partement,  quelle  que  soit  leur  qualification  ou leur  statut  et dans  les conditions  suivantes  :\n1. Tous  les cheptels  laitiers  et les ateliers  laitiers  des cheptels  mixtes  livrant  r\u00e9guli\u00e8rement  du lait\nen laiterie  sont  contr\u00f4l\u00e9s  par une analyse  semestrielle  sur le lait de m\u00e9lange  s'ils disposent  de la\nqualification  \u00ab indemne  d'IBR  (vaccin\u00e9)  - all\u00e8gement  \u00bb et d'une  analyse  bimestrielle  sur lait de\nm\u00e9lange  s'ils  disposent  de la qualification  \u00ab indemne  d'IBR  (vaccin\u00e9)  \u00bb.\n2. Les autres  cheptels  sont  soumis  \u00e0 un examen  s\u00e9rologique  portant  sur tous  les bovins  \u00e2g\u00e9s  de 24\nmois  et plus  lorsque  :\n\u2014 ils disposent  de la qualification  \u00ab indemne  IBR (vaccin\u00e9)  \u00bb\nOU\n\u2014 ils disposent  de la qualification  \u00ab indemne  IBR (vaccin\u00e9)  - allegement  \u00bb ET d\u00e9tiennent  au plus\n40 bovins  ag\u00e9s  de 24 mois  et plus.\nLes autres  cheptels  disposant  de la qualification  \u00ab indemne  IBR (vaccin\u00e9)  - allegement  \u00bb sont  soumis  a un\nexamen  s\u00e9rologique  all\u00e9g\u00e9  portant  sur un \u00e9chantillon  de 40 bovins  ag\u00e9s  de 24 mois  et plus  dans  les\nateliers  disposant  de 41 bovins  ou plus  ag\u00e9s  de 24 mois  et plus.\nCependant,  cet all\u00e8gement  n'est  pas valable  dans  les cas suivants,  pour  lesquels  les cheptels  bovins\nsont  reconnus  \u00ab \u00e0 risques  \u00bb, tous  les bovins  \u00e2g\u00e9s  de plus  de 24 mois  devant  \u00eatre  soumis  \u00e0 un examen\ns\u00e9rologique  :\n5/11\nPr\u00e9fecture de la Somme-Service de la Coordination des Politiques Interminist\u00e9rielles - 80-2024-10-31-00003 - AP 31.10.2025 relatif aux\ncampagnes de prophylaxie collectives 25\n+ l'existence  d'un  lien \u00e9pid\u00e9mliogique  avec  un troupeau  reconnu  infect\u00e9  d'IBR  lors de la\npr\u00e9c\u00e9dente  campagne  de prophylaxie  ;\n\u00b0 la pr\u00e9sence  d'un  atelier  d\u00e9rogataire  d'engraissement  de bovins  sur le m\u00eame  site qu'un  atelier\nd'\u00e9levage  bovin  non d\u00e9rogataire,  sauf  si seuls  des bovins  indemnes  d'IBR  ou indemnes  d'IBR\nvaccin\u00e9s  sont  introduits  dans  l'atelier  d\u00e9rogataire  ; '\n\u00b0 la pr\u00e9sence  d'un  centre  de rassemblement  de bovins  sur le m\u00eame  site que  l'atelier  d'\u00e9levage\nbovin.\nDans  tous  les cas, en l'absence  de bovins  de 24 mois  et plus,  le d\u00e9pistage  portera  sur les bovins  de 12\nmois  et plus.\nArticle  20 - Les cheptels  non indemnes  au sens  de l'arr\u00eat\u00e9  du 10 juin 2024  susvis\u00e9  sont  soumis  \u00e0 un\nexamen  s\u00e9rologique  annuel  portant  sur l'ensemble  des bovins  de 12 mois  et plus,  non connus  infect\u00e9s.\nTout  bovin  nouvellement  reconnu  infect\u00e9  d'IBR  sera  g\u00e9r\u00e9  selon  l'instruction  technique\nDGAL/SDSBEA/2023-19  du 10 janvier  2023.\nPour  les troupeaux  non  indemnes  d'IBR  qui d\u00e9tiennent  des bovins  infect\u00e9s  d'IBR,  les pr\u00e9l\u00e8vements\nsanguins  n\u00e9cessaires  \u00e0 la prophylaxie  devront  \u00eatre  r\u00e9alis\u00e9s  au plus  tard  le 31 d\u00e9cembre  2024.\nPour  les troupeaux  non  indemnes  d'IBR  et ne d\u00e9tenant  pas de bovins  infect\u00e9s  d'IBR,  et pour  les\ntroupeaux  pr\u00e9sentant  un risque  sp\u00e9cifique  vis-\u00e0-vis  de l'IBR,  ces pr\u00e9l\u00e8vements  devront  \u00eatre  r\u00e9alis\u00e9s  au\nplus  tard  le 31 janvier  2025.\nA compter  de la campagne  de prophylaxie  bovine  2024-2025,  les bovins  indemnes  d'IBR  vaccin\u00e9s  avec\nun vaccin  permettant  de distinguer  la souche  sauvage  d'IBR  de la souche  vaccinale  doivent  faire  l'objet\nd'un  d\u00e9pistage  s\u00e9rologique  annuel  conform\u00e9ment  aux prescriptions  de l'article  6 de l'arr\u00eat\u00e9  du 10 juin\n2024  susvis\u00e9.\nSECTION  VI: DISPOSITIONS  SP\u00c9CIFIQUES  \u00c0 LA DIARRHEE  VIRALE  BOVINE  (BVD)\nArticle  21 - Les op\u00e9rations  de prophylaxie  de la BVD  sont  obligatoires  dans  l'ensemble  des cheptels\nbovins  du d\u00e9partement  et s'effectuent  conform\u00e9ment  \u00e0 l'arr\u00eat\u00e9  du 31 juillet  2019  susvis\u00e9.\nLe d\u00e9pistage  est effectu\u00e9  par recherche  directe  du virus  BVD  sur tous  les animaux  naissant  dans  le\ntroupeau  par un pr\u00e9l\u00e8vement  de cartilage  auriculaire  r\u00e9alis\u00e9  dans  les 20 jours  suivant  leur  naissance.\nDans  les cheptels  non  d\u00e9pist\u00e9s  par pr\u00e9l\u00e8vements  auriculaires,  une  autre  technique  de d\u00e9pistage  sera\npr\u00e9vue.  Dans  ce cas,  le d\u00e9pistage  devra  \u00eatre  r\u00e9alis\u00e9  avant  le 30 avril  2025.\nSECTION  VII : DISPOSITIONS  SP\u00c9CIFIQUES  \u00c0 LA L'HYPODERMOSE  BOVINE  (VARRON)\nArticle  22 - La section  d\u00e9partementale  de la FRGDS,  en tant  que  ma\u00eetre  d'\u0153uvre  de la prophylaxie  vis-a-\nvis du varron,  \u00e9tablit  un plan  de contr\u00f4le  al\u00e9atoire  annuel  ou orient\u00e9  pour  le d\u00e9pistage  des bovins.  Tout\nbovin  appartenant  \u00e0 une  exploitation  faisant  partie  d'un  plan  de contr\u00f4le  fera  l'objet  soit  d'un  contr\u00f4le\nvisuel  soit  d'un  contr\u00f4le  s\u00e9rologique.|\n. |\nLes v\u00e9t\u00e9rinaires  des cheptels  faisant  l'objet  du d\u00e9pistage  en seront  inform\u00e9s  (DAP).  |\n|\n|\n|\n|CHAPITRE  III - DISPOSITIONS  CONCERNANT  LES PROPHYLAXIES  OBLIGATOIRES  POUR  LES PETITS\nRUMINANTS\n|\n|\nSECTION  |: DISPOSITIONS  COMMUNES  |\n|\nArticle  23 - Les dispositions  du pr\u00e9sent  chapitre  ne s'appliquent  pas aux \u00ab petits  d\u00e9tenteurs  \u00bb d'ovins\net/ou  caprins.  Les \u00ab petits  d\u00e9tenteurs  \u00bb sont  d\u00e9finis  comme  suit  :\n1. d\u00e9tenteurs  de 5 (ou moins)  petits  ruminants  de plus  de six mois,  et\n2. ne disposant  pas  de SIRET,  et\n6/11\nPr\u00e9fecture de la Somme-Service de la Coordination des Politiques Interminist\u00e9rielles - 80-2024-10-31-00003 - AP 31.10.2025 relatif aux\ncampagnes de prophylaxie collectives 26\n3. ne d\u00e9tenant  pas d'autres  esp\u00e8ces  sensibles  \u00e0 la brucellose  (exemple,  des bovins),  et\n4. ne proc\u00e9dant  \u00e0 aucune  vente,  pr\u00eat,  ou mise  en pension  d'animaux  dans  d'autres  troupeaux,  et\n5. n'envoyant  pas d'animaux  \u00e0 l'abattoir  sauf  pour  consommation  personnelle.\nArticle  24 - La p\u00e9riode  pour  effectuer  les op\u00e9rations  de prophylaxie  ovine  et caprine  est fix\u00e9e  du 1\u00b0\njanvier  2025  au 31 octobre  2025.\nSECTION  II : DISPOSITIONS  SP\u00c9CIFIQUES  \u00c0 LA TUBERCULOSE  DANS  LES CHEPTELS  CAPRINS\nArticle  25 - La surveillance  de la tuberculose  dans  les troupeaux  de caprins  est bas\u00e9e  sur la recherche\npost-mortem  des animaux  infect\u00e9s  fond\u00e9e  sur l'observation  puis  l'analyse  de l\u00e9sions  suspectes  trouv\u00e9es\nlors  de l'abattage  ou apr\u00e8s  autopsie.\nSECTION  III : DISPOSITIONS  SP\u00c9CIFIQUES  \u00c0 LA BRUCELLOSE\nArticle  26 - Les cheptels  officiellement  indemnes  de brucellose  font l'objet  d'un  d\u00e9pistage  selon  un\nrythme  quinquennal.  La liste  des \u00e9levages  \u00e0 contr\u00f4ler  est \u00e9tablie  par la DDPP  et adress\u00e9e  aux\nv\u00e9t\u00e9rinaires  sanitaires  en d\u00e9but  de campagne.\nSont  soumis  \u00e0 un pr\u00e9l\u00e8vement  de sang  en vue d'une  \u00e9preuve  \u00e0 l'antig\u00e8ne  tamponn\u00e9  les ovins  ou caprins\nsuivants  :\n1. tous  les animaux  m\u00e2les  non  castr\u00e9s  \u00e2g\u00e9s  de plus  de six mois  ;\n2. tous  les animaux  introduits  (hors  naissance)  dans  le cheptel  depuis  le contr\u00f4le  pr\u00e9c\u00e9dent  ;\n3. 25 % au moins  des femelles  en \u00e2ge de reproduction  (sexuellement  mature)  ou en lactation  sans\nque leur nombre  puisse  \u00eatre  inf\u00e9rieur  \u00e0 50, choisies  sur l'ensemble  des sites  de l'exploitation.\nDans  les cheptels  comprenant  moins  de 50 de ces femelles,  l'ensemble  de ces femelles  doit  \u00eatre\ncontr\u00f4l\u00e9.\nCHAPITRE  IV - DISPOSITIONS  CONCERNANT  LA SURVEILLANCE  DE LA TUBERCULOSE  DANS  LES\nCHEPTELS  DE CAM\u00c9LID\u00c9S  ET DE CERVID\u00c9S\nArticle  27 - La surveillance  de la tuberculose  dans  les troupeaux  de cervid\u00e9s  et de cam\u00e9lid\u00e9s  est bas\u00e9e\nsur la recherche  post-mortem  des animaux  infect\u00e9s  fond\u00e9e  sur l'observation  puis  l'analyse  de l\u00e9sions\nsuspectes  trouv\u00e9es  lors  de l'abattage  ou apr\u00e8s  autopsie.\nCHAPITRE  V - DISPOSITIONS  CONCERNANT  LES PROPHYLAXIES  OBLIGATOIRES  POUR  LES SUID\u00c9S\nArticle  28 - La p\u00e9riode  pour  effectuer  les op\u00e9rations  de prophylaxie  des suid\u00e9s  est fix\u00e9e  du 1\u00b0 janvier\n2025  au 31 octobre  2025.\nArticle  29  - Les d\u00e9pistages  obligatoires  pour  la lutte  contre  la peste  porcine  classique  dans  les \u00e9levages\ns'effectuent  en \u00e9levage  de s\u00e9lection  et/ou  multiplication  par le contr\u00f4le  s\u00e9rologique  annuel  de 15\nporcins  reproducteurs  (ou de tous  les reproducteurs  si l'\u00e9levage  en d\u00e9tient  moins  de 15)  .\n|\n1\n|\nLa liste  des \u00e9levages  concern\u00e9s  est tenue  a jour  par la DDPP.  |\nArticle  30 - La surveillance  de la maladie  d'Aujeszky  dans  la Somme  d\u00e9clar\u00e9  indemne  repose  \u00e0 la fois :\n1. sur une surveillance  clinique  avec  d\u00e9claration  obligatoire  de toute  suspicion  \u00e0 la DDPP  ;\n2. sur une surveillance  s\u00e9rologique  pour  les sites  de s\u00e9lection-multiplication  de porcs  domestiques\nou diffusant  des porcs  domestiques  reproducteurs  ou futurs  reproducteurs  avec  un contr\u00f4le\ntrimestriel  sur 15 porcs  reproducteurs  ou futurs  reproducteurs  ou sur tous les animaux.  si\nl'\u00e9levage  en d\u00e9tient  moins  de 15; |\n3. sur une surveillance  s\u00e9rologique  des sites d'\u00e9levage  plein air :\n7/11\nPr\u00e9fecture de la Somme-Service de la Coordination des Politiques Interminist\u00e9rielles - 80-2024-10-31-00003 - AP 31.10.2025 relatif aux\ncampagnes de prophylaxie collectives 27\na) pour  les sites  de naisseurs  ou naisseurs  engraisseurs:  contr\u00f4le  annuel  sur 15 porcs\nreproducteurs  si l'\u00e9levage  ou sur tous  s'il en d\u00e9tient  moins  de 15 ;\nb) pour  les sites  d'\u00e9levages  post-sevreurs  et engraisseurs:  contr\u00f4le  annuel  de 20 porcins\ncharcutiers  ou sur tous  si l'\u00e9levage  en d\u00e9tient  moins  de 20.\nLa liste  des \u00e9levages  concern\u00e9s  est tenue  a jour  par la DDPP.\nCHAPITRE  VI - DISPOSITIONS  CONCERNANT  LA PROPHYLAXIE  AVIAIRE\nSECTION  | : DISPOSITIONS  SP\u00c9CIFIQUES  AUX  SALMONELLES\nArticle  31 - Conform\u00e9ment  aux prescriptions  de l'annexe  | de l'arr\u00eat\u00e9  du 27 f\u00e9vrier  2023  susvis\u00e9,  les\ntroupeaux  de volailles  de rente  d\u00e9tenant  250 animaux  ou plus  sont  soumis  \u00e0 un d\u00e9pistage  obligatoire\ndes infections  \u00e0 salmonelles  des groupes  1 et 2, telle  que  mentionn\u00e9es  \u00e0 l'annexe  | de l'arr\u00eat\u00e9  du 3 mai\n2022  susvis\u00e9.\nLes pr\u00e9l\u00e8vements  n\u00e9cessaires  \u00e0 ces d\u00e9pistages  sont  effectu\u00e9s  sous  la responsabilit\u00e9  du v\u00e9t\u00e9rinaire\nsanitaire  d\u00e9sign\u00e9  par l'exploitant.  Le v\u00e9t\u00e9rinaire  peut  d\u00e9l\u00e9guer  la r\u00e9alisation  de ces pr\u00e9l\u00e8vements  \u00e0 une\nou des personnes  sous  sa responsabilit\u00e9  et sous  sa supervision.  Il s'assure  alors  de leur  connaissance  des\nmodalit\u00e9s  de d\u00e9pistage,  de leurs  comp\u00e9tences  techniques  et de leur sensibilisation  \u00e0 l'existence  de\nproduits  ou proc\u00e9d\u00e9s  susceptibles  de fausser  le r\u00e9sultat  du d\u00e9pistage.\nLes couvoirs  mettent  en \u0153uvre  une surveillance  de l'\u00e9tat  sanitaire  de leurs  \u00e9tablissements\nconform\u00e9ment  aux prescriptions  de l'annexe  1 du m\u00eame  arr\u00eat\u00e9.\nSECTION  II : DISPOSITIONS  SP\u00c9CIFIQUES  A L'INFLUENZA  AVIAIRE  HAUTEMENT  PATHOG\u00c8NE  (IAHP)\nArticle  32 - La vaccination  contre  l'IAHP  est strictement  interdite,  conform\u00e9ment  aux prescriptions  de\nl'arr\u00eat\u00e9  du 25 septembre  2023  susvis\u00e9,  sauf  dans  les conditions  d\u00e9crites  ci-dessous.\nUne  vaccination  pr\u00e9ventive  est mise  en place  dans  les \u00e9tablissements  d\u00e9tenant  plus  de 250 canards\nmulards,  P\u00e9kin  ou Barbarie  destin\u00e9s  \u00e0 la consommation  \u00e0 compter  du 1\u00b0\" octobre  2024.\nCes  \u00e9tablissements  sont  soumis  \u00e0 :\n1. une  vaccination  obligatoire  de toute  nouvelle  bande  de canards  mise  en place  contre  l'IAHP  \u00e0\nl'aide  d'un  vaccin  b\u00e9n\u00e9ficiant  d'une  autorisation  temporaire  d'utilisation  d\u00e9livr\u00e9e  par l'Agence\nNationale  du M\u00e9dicament  V\u00e9t\u00e9rinaire,  cette  vaccination  est r\u00e9alis\u00e9e  par le v\u00e9t\u00e9rinaire  sanitaire\nmandat\u00e9  ou sous  sa supervision  ;\n2. une  surveillance  passive  quotidienne  r\u00e9alis\u00e9e  par chaque  d\u00e9tenteur,  constitu\u00e9e  d'une  analyse\ncibl\u00e9e  des animaux  morts  et morbides  au sein  de la bande  de canards,  et de la r\u00e9alisation\nheddomadaire  de 5 pr\u00e9l\u00e8vements  trach\u00e9aux  ou oropharyng\u00e9s,  de pr\u00e9f\u00e9rence  sur les animaux\nmorts  ou sur les animaux  morbides,  pour  recherche  ;\n3. une  surveillance  active  r\u00e9alis\u00e9e  par le v\u00e9t\u00e9rinaire  sanitaire  mandat\u00e9,  dans  les 30 jours  \u00e0 compter\nde l'injection  de la premi\u00e8re  dose  vaccinale,  comprenant  :\na. Une visite mensuelle  constitu\u00e9e  d'un examen  clinique  des animaux  et du registre  d \u00e9levage  ;\nb. la r\u00e9alisation  de 60 pr\u00e9l\u00e8vements  trach\u00e9aux  ou oropharyng\u00e9s  de canards  vivants  vaccin\u00e9s\n(incluant  les \u00e9ventuels  canards  morts  dans  la semaine  en cours,  dans  la limite  de 5 animaux)\npour  recherche  virologique  par RT-PCR  en laboratoire  agr\u00e9\u00e9.  |\nLa liste  des laboratoires  agr\u00e9\u00e9s  est consultable  sur le site du Minist\u00e8re  de l'Agriculture:\nhttps://agriculture.gouv.fr/laboratoires-officiels-et-reconnus-en-sante-animale.\n8/11\nPr\u00e9fecture de la Somme-Service de la Coordination des Politiques Interminist\u00e9rielles - 80-2024-10-31-00003 - AP 31.10.2025 relatif aux\ncampagnes de prophylaxie collectives 28\nCHAPITRE  VI - DISPOSITIONS  FINALES\nArticle  33 - L'arr\u00eat\u00e9  pr\u00e9fectoral  du 2 novembre  2023  portant  organisation  de la campagne  de\nprophylaxie  2023-2024  est abrog\u00e9.\nArticle  34 - Le secr\u00e9taire  g\u00e9n\u00e9ral  de la pr\u00e9fecture  de la Somme,  les sous-pr\u00e9fets  des arrondissements\nd'Abbeville,  de P\u00e9ronne  et de Montdidier,  la Ddrectrice  d\u00e9partementale  de la protection  des\npopulations  de la Somme,  le Pr\u00e9sident  de la F\u00e9d\u00e9ration  r\u00e9gionale  des groupements  de d\u00e9fense  sanitaire\ndes Hauts-de-France  et les v\u00e9t\u00e9rinaires  sanitaires  sont  charg\u00e9s,  chacun  en ce qui le concerne,  de\nl'ex\u00e9cution  du pr\u00e9sent  arr\u00eat\u00e9  qui sera publi\u00e9  au recueil  des actes  administratifs  de la pr\u00e9fecture  de la\nsomme.  |\n3 1 OCT. 2024\nAmiens,  le\nt et par d\u00e9l\u00e9gation,\nLe Secr\u00e9taire  g\u00e9n\u00e9ral\nEmmanuel  MOUL.  #25\nConform\u00e9ment  aux dispositions  de l'article  R.421-5  du code  de justice  administrative,  la pr\u00e9sente\nd\u00e9cision  peut faire l'objet  d'un recours  contentieux  devant  le tribunal  administratif  d'Amiens  dans le\nd\u00e9lai  de deux  mois  \u00e0 compter  de la notification  de celle-ci.  Le tribunal  administratif  peut  \u00eatre saisi au\nmoyen  de l'application  informatique  \u00abt\u00e9l\u00e9recours  citoyen\u00bb  accessible  par le biais  du site\nwww.telerecours.fr.  Des pr\u00e9cisions  sont  disponibles  a l'adresse  suivante  :\nhttps://www.service-public.fr/particuliers/vosdroits/F2474  \u00bb\nqn\nPr\u00e9fecture de la Somme-Service de la Coordination des Politiques Interminist\u00e9rielles - 80-2024-10-31-00003 - AP 31.10.2025 relatif aux\ncampagnes de prophylaxie collectives 29\nAnnexe  - Liste  des communes  faisant  l'objet  d'un d\u00e9pistage  leucose  au cours  de la campagne  2024-2025\n001\n003\n005\no11\n017\n019\n028\n030\n031\n037\n041\n044\n045\n048\n050\n053\n056\n058\n063\n065\n069\n078\n080\n081\n089\n094\n106\n113\n121\n125\n129\n133\n140\n144\n148\n155\n161\n163\n169\n172\n181\n183\n195\n200\n208\n212\n220\n225\n231\n236\n239\n248\n252\n262\n271ABBEVILLE\nACHEUX-EN-AMIENOIS\nAGENVILLE\nAILLY-SUR-SOMME\nALLAINES\nALLERY\nARQUEVES\nARRY\nARVILLERS\nAUBVILLERS\nAUMONT\nAUTHIEULE\nAUTHUILLE\nAVESNES-CHAUSSOY\nBACOUEL-SUR-SELLE\nBALATRE\nBAVELINCOURT\nBAYONVILLERS\nBEAUCHAMPS\nBEAUCOURT-SUR-L'ANCRE\nBEAUMONT-HAMEL\nBELLANCOURT\nBELLOY-EN-SANTERRE\nBELLOY-SAINT-LEONARD\nBERNEUIL\nBERTEAUCOURT-LES-THENNES\nBLANGY-SOUS-POIX\nBONNEVILLE\nBOUILLANCOURT-LA-BATAILLE.\nBOUSSICOURT\nBOUZINCOURT\nBRAILLY-CORNEHOTTE\nBREVILLERS\nBROUCHY\nBUIGNY-LES-GAMACHES\nBUSSUS-BUSSUEL\nCAHON\nCAMBRON\nCANNESSIERES\nCAPPY\nCAYEUX-EN-SANTERRE  :\nCERISY-BULEUX\nCHUIGNOLLES\nCOCQUEREL\nCONTEVILLE\nCORBIE\nCOURTEMANCHE\nCREUSE\nCURLU\nDAVENESCOURT\nDEVISE\nDOMPIERRE-SUR-AUTHIE\nDOUILLY\nEAUCOURT-SUR-SOMME\nEPEHY280\n289\n291\n293\n302\n312\n318\n321\n328\n334\n337\n342\n351\n357\n362\n374\n377\n388\n395\n396\n407\n413\n427\n431\n434\n445\n446\n452\n462\n470\n109\n228\n651\n477\n493\n498\n500\n507\n511\n514\n518\n524\n529\n538\n548\n549\n556\n559\n569\n570\n576\n580\n587\n600ERCOURT\nESTREES-MONS\nESTREES-SUR-NOYE\nETELFAY\nFAVEROLLES\nFINS\nFLIXECOURT\n'FOLLEVILLE\nFONTAINE-SUR-SOMME\nFOSSEMANANT\nFOUENCAMPS\nFRAMERVILLE-RAINECOURT\nFRECHENCOURT\nFRESNOY-AU-VAL\nFRETTEMEULE\nGAMACHES\nGEZAINCOURT\nGREBAULT-MESNIL\nGUERBIGNY\nGUESCHART\nHALLIVILLERS\nHANCOURT\nHEM-HARDINVAL\nHERISSART\nHERVILLY\nHUMBERCOURT\nHUPPY  ~\nJUMEL\nLAMOTTE-BULEUX\nLEALVILLERS\nLE BOISLE\nLE CROTOY\nLE QUESNE\nLIGESCOURT\nLOUVENCOURT\nMAILLY-MAILLET\nMAISNIERES\nMARCELCAVE\nMARESTMONTIERS\nMARIEUX\nMARTAINNEVILLE\nMEHARICOURT\nMERELESSART\nMESNIL-EN-ARROUAISE\nMILLENCOURT-EN-PONTHIEU\nMIRAUMONT\nMONS-BOUBERT\nMONTAGNE-FAYEL\nMORCOURT\nMOREUIL\nMOYENCOURT\nNAMPONT\nNESLETTE\nNOYELLES-SUR-MER\n10/11\nPr\u00e9fecture de la Somme-Service de la Coordination des Politiques Interminist\u00e9rielles - 80-2024-10-31-00003 - AP 31.10.2025 relatif aux\ncampagnes de prophylaxie collectives 30\n274\n485\n602\n605\n616\n622\n624\n632\n635\n647\n656\n657\n668\n671\n679\n682\n690\n699\n703\n706\n710\n724\n725\n733\n736\n743\n747\n751\n758\n766\n768\n774\n778\n785\n789\n793\n802\n806\n805\n812\n820\n826\n832EPPEVILLE\n\u00d4 DE SELLE\nOCCOCHES\nOFFOY\nPARGNY\nPICQUIGNY\nPIERREGOT\nPONT-DE-METZ\nPONT-REMY\nPUZEAUX\nQUEVAUVILLERS\nQUIRY-LE-SEC\nREMIENCOURT\nRIBEAUCOURT\nRONSSOY\nROUVROY-EN-SANTERRE\nRUMIGNY\n' SAINT-AUBIN-RIVIERE\nSAINT-GERMAIN-SUR-BRESLE\nSAINT-LEGER-LES-DOMART\nSAINT-MAXENT\nSALEUX\nSALOUEL\nSENLIS-LE-SEC\nSOREL-EN-VIMEU\nSUZANNE\nTEMPLEUX-LA-FOSSE\nTHENNES\nTHORY\nTOUTENCOURT\nTREUX\nVAIRE-SOUS-CORBIE\nVAUCHELLES-LES-DOMART\nVECQUEMONT\nVERMANDOVILLERS\nVIGNACOURT\nVILLERS-FAUCON\nVILLERS-SUR-AUTHIE\nVILLERS-TOURNELLE\nVRAIGNES-EN-VERMANDOIS\nWARLOY-BAILLON\nWOIGNARUE\nYVRENCH\n11/11\nPr\u00e9fecture de la Somme-Service de la Coordination des Politiques Interminist\u00e9rielles - 80-2024-10-31-00003 - AP 31.10.2025 relatif aux\ncampagnes de prophylaxie collectives 31","date":"2024-11-05","first_seen_on":"2024-11-05T09:21:33+00:00","id":"40f9f32e3f486bf7bf7d0f490a1c77d4fa68f2b83e68f06b4f00741263887707","name":"RAA n\u00b0212 sp\u00e9cial du 5 novembre 2024","pdf_creation_date":"2024-11-05T09:01:45+00:00","pdf_modification_date":null,"timezone":"Europe/Paris","url":"https://www.somme.gouv.fr/contenu/telechargement/49895/331673/file/recueil-2024-212-recueil-des-actes-administratifs-special.pdf"}
