{"administration":"pref03","administration_name":"Pr\u00e9fecture de l\u2019Allier","content":"ALLIER\nRECUEIL DES ACTES\nADMINISTRATIFS SP\u00c9CIAL\nN\u00b003-2026-048\nPUBLI\u00c9 LE  4 MARS 2026\nSommaire\n03_DDT_Direction D\u00e9partementale des Territoires de l'Allier /\nSecr\u00e9tariat de Direction\n03-2026-02-27-00003 - Extrait de l'arr\u00eat\u00e9 n\u00b0423/2026 en date du 27\nf\u00e9vrier 2026 portant abrogation de la carte communale de Chassenard (1\npage) Page 3\n03-2026-03-03-00003 - Extrait de l'arr\u00eat\u00e9 n\u00b0438/2026 en date du 03\nmars 2026 portant abrogation de la carte communale de Biozat (1 page) Page 5\n63_REC_Rectorat de l'Acad\u00e9mie de Clermont-Ferrand /\n03-2026-02-20-00005 - Arr\u00eat\u00e9 INTRA 2026 POUR PUBLI RAA (3 pages) Page 7\n2\n03_DDT_Direction D\u00e9partementale des\nTerritoires de l'Allier\n03-2026-02-27-00003\nExtrait de l'arr\u00eat\u00e9 n\u00b0423/2026 en date du 27\nf\u00e9vrier 2026 portant abrogation de la carte\ncommunale de Chassenard\n03_DDT_Direction D\u00e9partementale des Territoires de l'Allier - 03-2026-02-27-00003 - Extrait de l'arr\u00eat\u00e9 n\u00b0423/2026 en date du 27\nf\u00e9vrier 2026 portant abrogation de la carte communale de Chassenard 3\nDIRECTION D\u00c9PARTEMENTALE DES TERRITOIRES DE L'ALLIER\nService Am\u00e9nagement et urbanisme des territoires\nExtrait de l'arr\u00eat\u00e9 n\u00b0423/2026 en date du 27 f\u00e9vrier 2026 portant abrogation de la carte communale  \nde Chassenard\nArticle 1er\u00a0:\u00a0L'abrogation\u00a0de\u00a0la\u00a0carte\u00a0communale\u00a0de\u00a0la\u00a0commune\u00a0de\u00a0Chassenard,\u00a0en\u00a0application\u00a0des\u00a0articles\u00a0L.160-1\u00a0\n\u00e0\u00a0L.163-10\u00a0et\u00a0R.161-1\u00a0\u00e0\u00a0R.163-10\u00a0du\u00a0Code\u00a0de\u00a0l'urbanisme,\u00a0est\u00a0approuv\u00e9e\u00a0;\nArticle 2  :  Monsieur le \u00a0secr\u00e9taire \u00a0g\u00e9n\u00e9ral\u00a0 de\u00a0la \u00a0pr\u00e9fecture, \u00a0Monsieur\u00a0le \u00a0maire\u00a0de\u00a0 la\u00a0 commune\u00a0 de\u00a0Chassenard,\u00a0\nMonsieur\u00a0le\u00a0sous-pr\u00e9fet\u00a0de\u00a0Vichy\u00a0et\u00a0Monsieur\u00a0le\u00a0directeur\u00a0d\u00e9partemental\u00a0des\u00a0territoires\u00a0sont\u00a0charg\u00e9s,\u00a0chacun\u00a0en\u00a0ce\u00a0qui\u00a0\nle\u00a0concerne,\u00a0de\u00a0l'ex\u00e9cution\u00a0du\u00a0pr\u00e9sent\u00a0arr\u00eat\u00e9\u00a0qui\u00a0sera\u00a0affich\u00e9\u00a0un\u00a0mois\u00a0en\u00a0mairie\u00a0de\u00a0Chassenard.\u00a0 Il\u00a0sera\u00a0\u00e9galement\u00a0\npubli\u00e9\u00a0au\u00a0recueil\u00a0des\u00a0actes\u00a0administratifs\u00a0de\u00a0la\u00a0Pr\u00e9fecture.\nPour\u00a0Le\u00a0pr\u00e9fet\u00a0de\u00a0l'Allier,\u00a0\net\u00a0par\u00a0d\u00e9l\u00e9gation\nMadame\u00a0la\u00a0Directrice\u00a0de\u00a0Cabinet\nSign\u00e9\nCyrielle\u00a0FRANCHI \nMoulins,\u00a0le\u00a027\u00a0f\u00e9vrier\u00a02026\n03_DDT_Direction D\u00e9partementale des Territoires de l'Allier - 03-2026-02-27-00003 - Extrait de l'arr\u00eat\u00e9 n\u00b0423/2026 en date du 27\nf\u00e9vrier 2026 portant abrogation de la carte communale de Chassenard 4\n03_DDT_Direction D\u00e9partementale des\nTerritoires de l'Allier\n03-2026-03-03-00003\nExtrait de l'arr\u00eat\u00e9 n\u00b0438/2026 en date du 03 mars\n2026 portant abrogation de la carte communale\nde Biozat\n03_DDT_Direction D\u00e9partementale des Territoires de l'Allier - 03-2026-03-03-00003 - Extrait de l'arr\u00eat\u00e9 n\u00b0438/2026 en date du 03\nmars 2026 portant abrogation de la carte communale de Biozat 5\nDIRECTION D\u00c9PARTEMENTALE DES TERRITOIRES DE L'ALLIER\nService Am\u00e9nagement et urbanisme des territoires\nExtrait de l'arr\u00eat\u00e9 n\u00b0438/2026 en date du 03 mars 2026 portant abrogation de la carte communale de  \nBiozat\nArticle 1er\u00a0:\u00a0L'abrogation\u00a0de\u00a0la\u00a0carte\u00a0communale\u00a0de\u00a0la\u00a0commune\u00a0de\u00a0Biozat,\u00a0en\u00a0application\u00a0des\u00a0articles\u00a0L.160-1\u00a0et\u00a0\nL.161-2\u00a0du\u00a0Code\u00a0de\u00a0l'urbanisme,\u00a0est\u00a0approuv\u00e9e\u00a0;\nArticle 2 : Monsieur le\u00a0secr\u00e9taire\u00a0g\u00e9n\u00e9ral\u00a0de\u00a0la\u00a0pr\u00e9fecture,\u00a0Madame\u00a0le\u00a0maire\u00a0de\u00a0la\u00a0commune\u00a0de\u00a0Biozat,\u00a0Monsieur\u00a0le\u00a0\nsous-pr\u00e9fet\u00a0 de \u00a0 Vichy \u00a0 et \u00a0 Monsieur\u00a0 le \u00a0 directeur \u00a0 d\u00e9partemental \u00a0 des \u00a0 territoires \u00a0 sont \u00a0 charg\u00e9s, \u00a0 chacun \u00a0 en \u00a0 ce \u00a0 qui \u00a0 le\u00a0\nconcerne,\u00a0de\u00a0l'ex\u00e9cution\u00a0du\u00a0pr\u00e9sent\u00a0arr\u00eat\u00e9\u00a0qui\u00a0sera\u00a0affich\u00e9\u00a0un\u00a0mois\u00a0\u00a0en\u00a0mairie\u00a0de\u00a0Biozat.\u00a0Il\u00a0sera\u00a0\u00e9galement\u00a0publi\u00e9\u00a0au\u00a0\nrecueil\u00a0des\u00a0actes\u00a0administratifs\u00a0de\u00a0la\u00a0Pr\u00e9fecture.\nMoulins,\u00a0le\u00a003\u00a0mars\u00a02025\nPour\u00a0Le\u00a0pr\u00e9fet\u00a0de\u00a0l'Allier,\u00a0\net\u00a0par\u00a0d\u00e9l\u00e9gation\nMadame\u00a0la\u00a0Directrice\u00a0de\u00a0Cabinet\nSign\u00e9\nCyrielle\u00a0FRANCHI \n03_DDT_Direction D\u00e9partementale des Territoires de l'Allier - 03-2026-03-03-00003 - Extrait de l'arr\u00eat\u00e9 n\u00b0438/2026 en date du 03\nmars 2026 portant abrogation de la carte communale de Biozat 6\n63_REC_Rectorat de l'Acad\u00e9mie de\nClermont-Ferrand\n03-2026-02-20-00005\nArr\u00eat\u00e9 INTRA 2026 POUR PUBLI RAA\n63_REC_Rectorat de l'Acad\u00e9mie de Clermont-Ferrand - 03-2026-02-20-00005 - Arr\u00eat\u00e9 INTRA 2026 POUR PUBLI RAA 7\nEsACADEMIEDE CLERMONT-FERRANDLibert\u00e9Egalit\u00e9Fraternit\u00e9\n \n \n \nMNGD INTRA 2026 \nDRH - DPE \n \n \n \n \n \n \nARR\u00caT\u00c9 RECTORAL DU 20 FEVRIER 2026 \n \n \nRELATIF \u00c0 LA PHASE INTRA ACAD\u00c9MIQUE DU MOUVEMENT NATIONAL \n\u00c0 GESTION D\u00c9CONCENTR\u00c9E DES PERSONNELS ENSEIGNANTS DU SECOND DEGR\u00c9,  \nDES PERSONNELS D'\u00c9DUCATION, DES PSYCHOLOGUES DE L'EDUCATION NATIONALE ET DES PEGC \n \n \nLA RECTRICE DE L'ACAD\u00c9MIE DE CLERMONT-FERRAND \n \nVu le code g\u00e9n\u00e9ral de la fonction publique ; \nVu le d\u00e9cret n\u00b060-403 du 22 avril 1960 modifi\u00e9 ; \nVu le d\u00e9cret n\u00b070-738 du 12 ao\u00fbt 1970 modifi\u00e9 ; \nVu le d\u00e9cret n\u00b072-580 du 4 juillet 1972 modifi\u00e9 ; \nVu le d\u00e9cret n\u00b072-581 du 4 juillet 1972 modifi\u00e9 ; \nVu le d\u00e9cret n\u00b072-582 du 4 juillet 1972 modifi\u00e9 ; \nVu le d\u00e9cret n\u00b072-583 du 4 juillet 1972 modifi\u00e9 ; \nVu le d\u00e9cret n\u00b080-627 du 4 ao\u00fbt 1980 modifi\u00e9 ; \nVu le d\u00e9cret n\u00b092-1189 du 6 novembre 1992 modifi\u00e9 ; \nVu le d\u00e9cret n\u00b02017-120 du 1\ner f\u00e9vrier 2017 modifi\u00e9 ; \nVu le d\u00e9cret n\u00b02018-303 du 25 avril 2018 ; \nVu l'arr\u00eat\u00e9 du 9 ao\u00fbt 2004 portant d\u00e9l\u00e9gation de pouvoirs du ministre charg\u00e9 de l'\u00e9ducation aux recteurs  \nd'acad\u00e9mie en mati\u00e8re de gestion des personnels enseignants, d'\u00e9ducation, d'information et d'orientation de \nl'enseignement du second degr\u00e9 ; \nVu les lignes directrices de gestion minist\u00e9rielles relatives \u00e0 la mobilit\u00e9s des personnels des minist\u00e8res charg\u00e9s \nde l'\u00e9ducation nationale, de la jeunesse et des sports du 22 octobre 2024 ;  \nVu l'arr\u00eat\u00e9 minist\u00e9riel du 9 octobre 2025 ; \n \nARRETE \n \nArticle 1 \n \nLes personnels enseignants et d'\u00e9ducation du second degr\u00e9 et les psychologues de l'\u00e9ducation nationale nomm\u00e9s \ndans l'acad\u00e9mie de Clermont -Ferrand \u00e0 l'issue de la phase inter -acad\u00e9mique du mouvement pour la rentr\u00e9e \nscolaire de septembre 2026 et devant recevoir une affectation, ou d\u00e9j\u00e0 nomm\u00e9s dans l'acad\u00e9mie et sollicitant une \nr\u00e9int\u00e9gration ou un changement d'affectation, doivent obligatoirement formuler leur demande, sous peine de \nnullit\u00e9, par l'outil de gestion Internet d\u00e9nomm\u00e9 I-Prof rubrique \u00ab les services/Siam \u00bb (https://portailrectorat.in.ac-\nclermont.fr/iprof/servletiprofa) d u mardi 17 mars 12 heures au jeudi 2 avril 2026 12 heures. \n \n \nApr\u00e8s signature et rectifications si n\u00e9cessaire, le candidat se connecte obligatoirement \u00e0 l'adresse https://portail-\nclermont.colibris.education.gouv.fr/personnels-enseignants-deducation-et-psy/, av ant le 9 avril 2026, muni de sa \nconfirmation et des \u00e9ventuelles pi\u00e8ces justificatives au format pdf.  \nEn cas d'absence de pi\u00e8ce, aucun rappel ne sera effectu\u00e9, les candidats sont donc invit\u00e9s \u00e0 consulter \nattentivement les lignes directrices de gestion ou \u00e0 contacter la division des personnels enseignants  lors de la \nconstitution de leur dossier. \nAucun dossier papier ne sera accept\u00e9. \n \nEn signant la confirmation de demande de mutation, le candidat s'engage \u00e0 accepter la nomination qu'il recevra \ndans le cadre de la phase intra-acad\u00e9mique du mouvement. \n \n  \n63_REC_Rectorat de l'Acad\u00e9mie de Clermont-Ferrand - 03-2026-02-20-00005 - Arr\u00eat\u00e9 INTRA 2026 POUR PUBLI RAA 8\n>jonID\n~~\" 6.\nconjoint.\n28 mai 2026\nje\npourront\n \nMNGD INTRA 2026 \nDRH - DPE \n \n \nArticle 2 \n \nLes bar\u00e8mes v\u00e9rifi\u00e9s par les services du rectorat sont consultables sur SIAM \u00e0 partir du mercredi 13 mai 2026. \nLes demandes \u00e9ventuelles de modifications peuvent \u00eatre pr\u00e9sent\u00e9es au plus tard le jeudi  28 mai 2026 \u00e0 12 \nheures.  \n \nArticle 3 \n \nLes demandes formul\u00e9es au titre du handicap sont envoy\u00e9e s ou d\u00e9pos\u00e9es aupr\u00e8s du m\u00e9decin du travail pour le \njeudi 2 avril 2026. \n \nArticle 4 \n \nApr\u00e8s la fermeture du serveur SIAM accessible par I-prof, les demandes tardives de participation, de modification \nou d'annulation de participation \u00e0 la phase intra-acad\u00e9mique du mouvement doivent \u00eatre adress\u00e9es par courriel \u00e0 \nl'adresse mouvement@ac-clermont.fr\n avant le 28 mai 2026 \u00e0 12 heures. \n \nLes demandes d\u00fbment justifi\u00e9es de participation tardives pourront notamment \u00eatre accord\u00e9es pour les motifs \nsuivants :  \n\u2022 d\u00e9c\u00e8s du conjoint ou d'un enfant ; \n\u2022 cas m\u00e9dical aggrav\u00e9 d'un des enfants ; \n\u2022 mutation impr\u00e9visible du conjoint \n \nLes demandes d\u00fbment justifi\u00e9es de modification d'une demande de participation au mouvement pourront  \nnotamment \u00eatre accord\u00e9es pour les motifs suivants :  \n\u2022 enfant n\u00e9 ou \u00e0 na\u00eetre ; \n\u2022 mutation impr\u00e9visible du conjoint. \n \nLes demandes d'annulation de participation au mouvement seront accept\u00e9es sans justificatif. \n \nArticle 5 \n \nLes personnels seront avis\u00e9s par un message dans I- Prof de la suite donn\u00e9e \u00e0 leur demande de mutation le \nmercredi 17 juin 2026. \n \nArticle 6 \n \nLes demandes de participation au mouvement sp\u00e9cifique acad\u00e9mique pour la rentr\u00e9e 2026 sont enregistr\u00e9es sur \nle serveur SIAM accessible exclusivement depuis I-Prof (https://portailrectorat.in.ac-clermont.fr/iprof/servletiprofa\n) \ndu mardi 17 mars 12 heures au jeudi 2 avril 2026 12 heures. \n \nLes candidats d\u00e9posent les documents constituant leur candidature sur la plateforme d\u00e9di\u00e9e (\nhttps://portail-\nclermont.colibris.education.gouv.fr/personnels-enseignants-deducation-et-psy/) avant le 9 avr il 2026. Les \ndemandes seront notamment soumises \u00e0 l'avis des corps d'inspection. \n  \n63_REC_Rectorat de l'Acad\u00e9mie de Clermont-Ferrand - 03-2026-02-20-00005 - Arr\u00eat\u00e9 INTRA 2026 POUR PUBLI RAA 9\nIN\n \nMNGD INTRA 2026 \nDRH - DPE \n \n \nArticle 7 \n \nLe Secr\u00e9taire G\u00e9n\u00e9ral de l'Acad\u00e9mie est charg\u00e9 de l'ex\u00e9cution du pr\u00e9sent arr\u00eat\u00e9 qui sera publi\u00e9 au recueil des \nactes administratifs des pr\u00e9fectures de l'Allier, du Cantal, de la Haute-Loire et du Puy-de-D\u00f4me. \n \n \n \n \n \n \n \nSIGN\u00c9 \n \n \n \nVirginie DUPONT \n63_REC_Rectorat de l'Acad\u00e9mie de Clermont-Ferrand - 03-2026-02-20-00005 - Arr\u00eat\u00e9 INTRA 2026 POUR PUBLI RAA 10","date":"2026-03-04","first_seen_on":"2026-03-04T17:04:51+00:00","id":"413054b76db503edd39d673d19cf573c0d5793c906de14020fbd3d14b0cbcd91","name":"recueil nr sp\u00e9cial - \u00e9dit\u00e9 le 04 mars 2026","pdf_creation_date":"2026-03-04T15:20:54+00:00","pdf_modification_date":null,"timezone":"Europe/Paris","url":"https://www.allier.gouv.fr/contenu/telechargement/19598/133598/file/recueil-03-2026-048-recueil-des-actes-administratifs-special.pdf"}
