{"administration":"pref21","administration_name":"Pr\u00e9fecture de C\u00f4te-d\u2019Or","content":"PR\u00c9FET\nDE LA C\u00d4TE-D'OR\nRECUEIL DES ACTES\nADMINISTRATIFS SP\u00c9CIAL\nN\u00b021-2024-108\nPUBLI\u00c9 LE  1 AO\u00dbT 2024\nSommaire\nARS Bourgogne-Franche-Comt\u00e9 /\n21-2024-07-31-00003 - D\u00e9cision n\u00b0 ARS-BFC-DOSA-2024-1353 autorisant\nla soci\u00e9t\u00e9 par actions simplifi\u00e9e GENEDIS, structure dispensatrice sise\nParc Bourdarias - 2 rue Gabriel Bourdarias \u00e0 V\u00e9nissieux (69200) \u00e0\ndispenser \u00e0 domicile de l'oxyg\u00e8ne \u00e0 usage m\u00e9dical pour un site de\nrattachement sis 165 rue de l'Innovation \u00e0 Ouges (21600) (2 pages) Page 3\nDirection d\u00e9partementale des territoires de la C\u00f4te-d'Or / Service de l'eau\net des risques\n21-2024-08-01-00002 - Arr\u00eat\u00e9 pr\u00e9fectoral n\u00b0 1248 du 1er ao\u00fbt 2024\nportant prorogation d'une ann\u00e9e des 2 d\u00e9versoirs d'orage temporaires\ndu r\u00e9seau de collecte du syst\u00e8me d'assainissement de SANTENAY. (4\npages) Page 6\nDirection d\u00e9partementale des territoires de la C\u00f4te-d'Or / Service\nS\u00e9curit\u00e9 et \u00c9ducation Routi\u00e8re\n21-2024-07-29-00004 - AP 1249 20240729 M274 EntretienTunnelS37-41 RAA\n(14 pages) Page 11\n21-2024-07-29-00003 - Arr\u00eat\u00e9 pr\u00e9fectoral n\u00b0 1245 modifiant\nl'arr\u00eat\u00e9 n\u00b0805 du 14 d\u00e9cembre 2017 d\u00e9finissant les r\u00e9seaux\nroutiers \u00ab\u00a0120\u00a0tonnes\u00a0\u00bb, \u00ab\u00a094 tonnes\u00a0\u00bb et \u00ab\u00a072\ntonnes\u00a0\u00bb de la C\u00f4te\u00a0d'Or accessibles aux convois exceptionnels\nsous r\u00e9serve du respect des caract\u00e9ristiques de poids et gabarit\nmaximales et des prescriptions associ\u00e9es (17 pages) Page 26\n21-2024-08-01-00001 - Arr\u00eat\u00e9 pr\u00e9fectoral n\u00b0 1247 autorisant\nl'\u00e9preuve automobile intitul\u00e9e \u00ab 62\u00e8me course de C\u00f4te\nd'Urcy \u00bb qui se d\u00e9roulera les samedi 3 et dimanche 4 ao\u00fbt 2024. (3\npages) Page 44\nPr\u00e9fecture de la C\u00f4te-d'Or / Cabinet\n21-2024-07-31-00004 - Arr\u00eat\u00e9 pr\u00e9fectoral n\u00b0 1250 autorisant la\ncaptation, l'enregistrement et la transmission d'images au moyen de\ncam\u00e9ras install\u00e9es sur des a\u00e9ronefs  (3 pages) Page 48\n2\nARS Bourgogne-Franche-Comt\u00e9\n21-2024-07-31-00003\nD\u00e9cision n\u00b0 ARS-BFC-DOSA-2024-1353 autorisant\nla soci\u00e9t\u00e9 par actions simplifi\u00e9e GENEDIS,\nstructure dispensatrice sise Parc Bourdarias - 2\nrue Gabriel Bourdarias \u00e0 V\u00e9nissieux (69200) \u00e0\ndispenser \u00e0 domicile de l'oxyg\u00e8ne \u00e0 usage\nm\u00e9dical pour un site de rattachement sis 165 rue\nde l'Innovation \u00e0 Ouges (21600)\nARS Bourgogne-Franche-Comt\u00e9 - 21-2024-07-31-00003 - D\u00e9cision n\u00b0 ARS-BFC-DOSA-2024-1353 autorisant la soci\u00e9t\u00e9 par actions\nsimplifi\u00e9e GENEDIS, structure dispensatrice sise Parc Bourdarias - 2 rue Gabriel Bourdarias \u00e0 V\u00e9nissieux (69200) \u00e0 dispenser \u00e0 domicile\nde l'oxyg\u00e8ne \u00e0 usage m\u00e9dical pour un site de rattachement sis 165 rue de l'Innovation \u00e0 Ouges (21600)\n3\nREPUBLIQUEFRAN\u00c7AISEL'z'bert\u00e9Egalit\u00e9Fraternit\u00e9\nA@ D'Agence R\u00e9gionale de Sant\u00e9Bourgogne-Franche-Comt\u00e9\n \n \n \n \n    \n   \n   \n \n \n \n \n \nD\u00e9cision n\u00b0 ARS -BFC-DOSA-2024-1353 autorisant la soci\u00e9t\u00e9 par actions simplifi\u00e9e GENEDIS , \nstructure dispensatrice sise Parc Bourdarias - 2 rue Gabriel Bourdarias \u00e0 V\u00e9nissieux (69200) \u00e0 \ndispenser \u00e0 domicile de l'oxyg\u00e8ne \u00e0 usage m\u00e9dical pour un site de rattachement sis 165 rue de \nl'Innovation \u00e0 Ouges (21600) \n \n \nLe directeur g\u00e9n\u00e9ral \nde l'Agence R\u00e9gionale de Sant\u00e9 de Bourgogne-Franche-Comt\u00e9 \n \n \nVU le code de la sant\u00e9 publique, notamment les articles L. 4211 -5, L. 5232 -3, R. 4211 -15 et \nD. 5232-2 \u00e0 D. 5232-12 ; \n  \nVU l'arr\u00eat\u00e9 minist\u00e9riel du 16 juillet 2015 relatifs aux bonnes pratiques de dispensation \u00e0 domicile de \nl'oxyg\u00e8ne \u00e0 usage m\u00e9dical ; \n \nVU la d\u00e9cision ARS BFC/SG/202 4-042 portant d\u00e9l\u00e9gation de signature du directeur g\u00e9n\u00e9ral de \nl'agence r\u00e9gionale de sant\u00e9 de Bourgogne-Franche-Comt\u00e9 en date du 1er juillet 2024 ; \n \nVU la demande  du 27 mars 2024 du directeur g\u00e9n\u00e9ral de la soci\u00e9t\u00e9 par actions simplifi\u00e9e (SAS) \nGENEDIS, sise Parc Bour darias - 2 rue Gabriel Bourdarias \u00e0 V\u00e9nissieux (69200), adress\u00e9e au \ndirecteur g\u00e9n\u00e9ral de l'agence r\u00e9gionale de sant\u00e9 de Bourgogne -Franche-Comt\u00e9 en vue d'obtenir une \nautorisation de dispenser de l'oxyg\u00e8ne \u00e0 usage m\u00e9dical pour un site de rattachement situ\u00e9 165 rue de \nl'Innovation \u00e0 Ouges (21600). Cette demande , r\u00e9ceptionn\u00e9e le 5 avril 2024, s'inscrit dans le cadre du \nprojet de transfert de l'activit\u00e9 du site de rattachement sis 9 rue Jean Fran\u00e7ois Champollion \u00e0 Beaune \n(21200) vers le site de rattachement d'Ouges objet de la demande ; \n \nVU le courrier du 29 avril 2024 du directeur g\u00e9n\u00e9ral de l'agence r\u00e9gionale de sant\u00e9 de \nBourgogne-Franche-Comt\u00e9 informant le directeur g\u00e9n\u00e9ral de la SAS GENEDIS que la demande \nd'autorisation de dispenser \u00e0 domicile de l'oxyg\u00e8ne \u00e0 usage m\u00e9dical accompagn\u00e9e d'un dossier \ncomplet ayant \u00e9t\u00e9 re\u00e7ue le 5 avril  2024, le d\u00e9lai d'instruction de quatre  mois pr\u00e9vu \u00e0 l'article \nR. 4211-15 du code de la sant\u00e9 publique court depuis le 5 avril 2024 ;  \n \nVU l'avis du 23 mai 2024 du conseil central de la section D de l'ordre national des pharmaciens,  \n \nConsid\u00e9rant que selon les dispositions de  l'arr\u00eat\u00e9 minist\u00e9riel du 16 juillet 2015 susvis\u00e9  le transfert \ntotal ou partiel des activit\u00e9s de dispensation de l'oxyg\u00e8ne \u00e0 usage m\u00e9dical r\u00e9alis\u00e9es sur un site de \nrattachement vers d'autres locaux, quelle que soit la distance de ce transfert, n'est pas consid\u00e9r\u00e9 \ncomme une modification de l'autorisation initiale. Cette op\u00e9ration doit faire l'objet d'une autorisation \npr\u00e9alable apr\u00e8s d\u00e9p\u00f4t d'une nouvelle demande ; la  pr\u00e9c\u00e9dente autorisation attach\u00e9e aux anciens \nlocaux fait l'objet d'une abrogation d\u00e8s leur fermeture ; \n \nConsid\u00e9rant ainsi que le transfert de l'activit\u00e9 du site de rattachement sis 9 rue Jean Fran\u00e7ois \nChampollion \u00e0 Beaune dans des locaux sis 165 rue de l'Innovation \u00e0 Ouges est conditionn\u00e9 par \nl'octroi d'une autorisation du directeur g\u00e9n\u00e9ral de l'agence r\u00e9gionale de sant\u00e9 permettant \u00e0 la SAS \nGENEDIS de dispenser \u00e0 domicile de l'oxyg\u00e8ne \u00e0 usage m\u00e9dical  pour ce  nouveau site de \nrattachement, \n \n \nDECIDE \n \n \nArticle 1 : La soci\u00e9t\u00e9 par actions simplifi\u00e9e GENEDIS, structure dispensatrice dont le si\u00e8ge social est \nsitu\u00e9 Parc Bourdarias - 2 rue Gabriel Bourdarias \u00e0 V\u00e9nissieux (69200), n\u00b0 FINESS EJ 69  004 918 4, \nest autoris\u00e9e, pour son site de rattachement sis 165 rue de l'Innovation \u00e0 Ouges (21600), n\u00b0 FINESS \nET 21  001 332 2, \u00e0 dispenser \u00e0 domicile de l'oxyg\u00e8ne \u00e0 usage m\u00e9dical dans l'aire g\u00e9ographique \nd\u00e9clar\u00e9e dans sa demande, \u00e0 savoir : \n\u2026/\u2026 \nARS Bourgogne-Franche-Comt\u00e9 - 21-2024-07-31-00003 - D\u00e9cision n\u00b0 ARS-BFC-DOSA-2024-1353 autorisant la soci\u00e9t\u00e9 par actions\nsimplifi\u00e9e GENEDIS, structure dispensatrice sise Parc Bourdarias - 2 rue Gabriel Bourdarias \u00e0 V\u00e9nissieux (69200) \u00e0 dispenser \u00e0 domicile\nde l'oxyg\u00e8ne \u00e0 usage m\u00e9dical pour un site de rattachement sis 165 rue de l'Innovation \u00e0 Ouges (21600)\n4\n \n2 \n \n \nListe des d\u00e9partements desservis : \n \n- Aube (10)   - C\u00f4te d'Or (21)                     - Doubs (25)   \n- Jura (39)   - Haute-Marne (52)  - Ni\u00e8vre (58)    \n- Haute-Sa\u00f4ne (70)  - Sa\u00f4ne-et-Loire (71)  - Yonne (89). \n \n \nArticle 2 : La d\u00e9cision n\u00b0 D OS/ASPU/002/2021 du 15 janvier 2021  autorisant la soci\u00e9t\u00e9 par actions \nsimplifi\u00e9e GENEDIS, dont le si\u00e8ge social est situ\u00e9 Parc Bourdarias - 2 rue Gabriel Bourdarias \u00e0 \nV\u00e9nissieux (69200), \u00e0 dispenser \u00e0 domicile de l'oxyg\u00e8ne \u00e0 usage m\u00e9dical pour un site de \nrattachement sis ZAC Porte de Beaune - 9 rue Jean -Fran\u00e7ois Champollion \u00e0 Beaune (21200) est \nabrog\u00e9e. \nArticle 3 : Toute modification des \u00e9l\u00e9ments figurant dans le dossier de demande d'autorisation du 27 \nmars 2024 doit donner lieu \u00e0 d\u00e9claration au directeur g\u00e9n\u00e9ral de l'agence r\u00e9gionale de sant\u00e9 de \nBourgogne-Franche-Comt\u00e9. \n \nArticle 4  : Les activit\u00e9s du site de rattachement sis 165 rue de l'Innovation \u00e0 Ouges doivent \u00eatre \nr\u00e9alis\u00e9es en conformit\u00e9 avec les dispositions de l'arr\u00eat\u00e9 du 16 juillet 2015 relatif aux bonnes pratiques \nde dispensation \u00e0 domicile de l'oxyg\u00e8ne \u00e0 usage m\u00e9dical. \n \nArticle 5  : Toute infraction aux dispositions de l'arr\u00eat\u00e9 du 16 juillet 2015 pourra entra\u00eener la \nsuspension ou la suppression de la pr\u00e9sente autorisation. \n \nArticle 6 : La pr\u00e9sente d\u00e9cision peut faire l'objet d'un recours gracieux aupr\u00e8s du directeur g\u00e9n\u00e9ral de \nl'agence r\u00e9gionale de sant\u00e9 de Bourgogne -Franche-Comt\u00e9, d'un recours hi\u00e9rarchique aupr\u00e8s du \nministre charg\u00e9 de la sant\u00e9 ou d'un recours contentieux aupr\u00e8s du tribunal administratif  comp\u00e9tent dans \nun d\u00e9lai de deux mois \u00e0 compter de sa notification au demandeur.  \nA l'\u00e9gard des tiers, ce d\u00e9lai court \u00e0 compter de la publication aux recueils des actes administratifs de la \npr\u00e9fecture de la r\u00e9gion Bourgogne -Franche-Comt\u00e9 et de la pr\u00e9fecture du d\u00e9partement de la C\u00f4te-d'Or. \nLe tribunal administratif peut \u00eatre saisi via l'application T\u00e9l\u00e9recours citoyens accessible par le site \n\u00ab www.telerecours.fr \u00bb. \n \nArticle 7 : La directrice de l'organisation des soins et de l'autonomie de l'agence r\u00e9gionale de sant\u00e9 de \nBourgogne-Franche-Comt\u00e9 est charg\u00e9e de l'ex\u00e9cution de la pr\u00e9sente d\u00e9cision qui sera publi\u00e9e au \nrecueil des actes administratifs de la pr\u00e9fecture de la r\u00e9gion Bourgogne -Franche-Comt\u00e9 et au recueil \ndes actes administratifs de la pr\u00e9fecture du d\u00e9partement de la C\u00f4te-d'Or.  \n \nCette d\u00e9cision sera notifi\u00e9e au directeur g\u00e9n\u00e9ral de la SAS GENEDIS et une copie sera adress\u00e9e : \n \n\u27a2 A la directrice g\u00e9n\u00e9rale de l'agence r\u00e9gionale de sant\u00e9 Grand Est ;  \n\u27a2 Au pr\u00e9sident du conseil central de la section D de l'ordre national des pharmaciens.  \n \n \nFait \u00e0 Dijon, le 31 juillet 2024 \n \nPour le directeur g\u00e9n\u00e9ral, \nLa directrice de l'organisation des \nsoins et de l'autonomie, \n \nSign\u00e9 \n \nAnne-Laure MOSER-MOULAA \n \nARS Bourgogne-Franche-Comt\u00e9 - 21-2024-07-31-00003 - D\u00e9cision n\u00b0 ARS-BFC-DOSA-2024-1353 autorisant la soci\u00e9t\u00e9 par actions\nsimplifi\u00e9e GENEDIS, structure dispensatrice sise Parc Bourdarias - 2 rue Gabriel Bourdarias \u00e0 V\u00e9nissieux (69200) \u00e0 dispenser \u00e0 domicile\nde l'oxyg\u00e8ne \u00e0 usage m\u00e9dical pour un site de rattachement sis 165 rue de l'Innovation \u00e0 Ouges (21600)\n5\nDirection d\u00e9partementale des territoires de la\nC\u00f4te-d'Or\nService de l'eau et des risques\n21-2024-08-01-00002\nArr\u00eat\u00e9 pr\u00e9fectoral n\u00b0 1248 du 1er ao\u00fbt 2024\nportant prorogation d'une ann\u00e9e des 2\nd\u00e9versoirs d'orage temporaires du r\u00e9seau de\ncollecte du syst\u00e8me d'assainissement de\nSANTENAY.\nDirection d\u00e9partementale des territoires de la C\u00f4te-d'Or - 21-2024-08-01-00002 - Arr\u00eat\u00e9 pr\u00e9fectoral n\u00b0 1248 du 1er ao\u00fbt 2024 portant\nprorogation d'une ann\u00e9e des 2 d\u00e9versoirs d'orage temporaires du r\u00e9seau de collecte du syst\u00e8me d'assainissement de SANTENAY. 6\nExPREFETDE LACOTE-D'ORL,z'bert\u00e9Egalit\u00e9Fraternit\u00e9\nDirection d\u00e9partementale des territoires\nService de l'Eau et des Risques\nPr\u00e9servation de la qualit\u00e9 de l'eau et des milieux aquatiques\nAffaire suivie par Carole Diaz\nT\u00e9l : 03.80.29.42.39\nm\u00e9l : ddt-ser-ope@cote-dor.gouv.fr\nArr\u00eat\u00e9 pr\u00e9fectoral n\u00b0 1248 du 1er ao\u00fbt 2024\nportant prorogation d'une ann\u00e9e des 2 d\u00e9versoirs d'orage temporaires du\nr\u00e9seau de collecte du syst\u00e8me d'assainissement de SANTENAY\nLe pr\u00e9fet de la C\u00f4te-d'Or\nVU la  directive  Europ\u00e9enne  91/271/CEE  du  21  mai  1991  relative  au  traitement  des  eaux\nr\u00e9siduaires urbaines (ERU) ;\nVU la  directive  2000/60/CE  du  Parlement  Europ\u00e9en  et  du  Conseil  du  23  octobre  2000\n\u00e9tablissant un cadre pour une politique communautaire dans le domaine de l'eau (DCE) ;\nVU la directive 2006/11/CE du 15 f\u00e9vrier 2006 concernant la pollution caus\u00e9e par certaines\nsubstances dangereuses d\u00e9vers\u00e9es dans le milieu aquatique de la Communaut\u00e9 ;\nVU  la  directive  2008/105/CE  du  16  d\u00e9cembre  2008  \u00e9tablissant  les  normes  de  qualit\u00e9\nenvironnementale dans le domaine de l'eau ;\nVU le  code  de  l'environnement,  et  notamment  les  articles  L.211-1  et  L211-3,  ainsi  que  les\narticles L.214-1 \u00e0 11, L.181-1 et suivants et R.181-1 et suivants dans leur r\u00e9daction en vigueur \u00e0 la\ndate de la demande de renouvellement ;\nVU le code g\u00e9n\u00e9ral des collectivit\u00e9s territoriales, et notamment les articles L.2224-6, L.2224-8,\nL.2224-10 \u00e0 13 et L.2224-17 , R.2224-6 \u00e0 17 ;\nVU le code de la sant\u00e9 publique, et notamment les articles L.1331-1 \u00e0 7 et L.1331-10 ;\nVU l'arr\u00eat\u00e9 du 20 avril 2005 modifi\u00e9 pris en application du d\u00e9cret du 20 avril 2005 et l'arr\u00eat\u00e9\ndu  30  juin  2005,  relatifs  au  programme  national  d'action  contre  la  pollution  des  milieux\naquatiques par certaines substances dangereuses ;\n1/4\nDirection d\u00e9partementale des territoires de la C\u00f4te-d'Or\n57 , rue de Mulhouse - BP 53317 - 21033 Dijon CEDEX\nT\u00e9l. : 03 80 29 44 44\nC/ourriel : ddt@cote-dor.gouv.fr - Site internet : \nhttp://www.cote-dor.gouv.fr\nDirection d\u00e9partementale des territoires de la C\u00f4te-d'Or - 21-2024-08-01-00002 - Arr\u00eat\u00e9 pr\u00e9fectoral n\u00b0 1248 du 1er ao\u00fbt 2024 portant\nprorogation d'une ann\u00e9e des 2 d\u00e9versoirs d'orage temporaires du r\u00e9seau de collecte du syst\u00e8me d'assainissement de SANTENAY. 7\nVU l'arr\u00eat\u00e9 du 9 ao\u00fbt 2006 relatif aux niveaux \u00e0 prendre en compte lors d'une analyse de rejets\ndans les eaux de surface ;\nVU l'arr\u00eat\u00e9 du 25 janvier 2010 modifi\u00e9 relatif aux m\u00e9thodes et crit\u00e8res d'\u00e9valuation de l'\u00e9tat\n\u00e9cologique,  de  l'\u00e9tat  chimique  et  du  potentiel  \u00e9cologique  des  eaux  de  surface  pris  en\napplication des articles R. 212-10, R. 212-11 et R. 212-18 du code de l'environnement ;\nVU l'a rr\u00eat\u00e9 du 21 juillet 2015  modifi\u00e9  relatif aux syst\u00e8mes d'assainissement collectif et aux\ninstallations d'assainissement non collectif, \u00e0 l'exception des installations d'assainissement non\ncollectif recevant une charge brute de pollution organique inf\u00e9rieure ou \u00e9gale \u00e0 1,2 kg/j de\nDBO5 modifi\u00e9 par les arr\u00eat\u00e9s du 24 ao\u00fbt 2017 et du 31 juillet 2020 ;\nVU le Sch\u00e9ma Directeur d'Am\u00e9nagement et de Gestion des Eaux (SDAGE RMC) du bassin\nRh\u00f4ne-M\u00e9diterran\u00e9e approuv\u00e9 par le pr\u00e9fet coordonnateur de bassin le 21 mars 2022 ;\nVU la demande de prorogation d'une ann\u00e9e formul\u00e9e par la Communaut\u00e9 d'Agglom\u00e9ration de\nBeaune C\u00f4te et Sud (CABCS) et r\u00e9ceptionn\u00e9e le 26 juillet 2024 ;\nVU l'arr\u00eat\u00e9  pr\u00e9fectoral  du  06  novembre  2017  relatif  au  renouvellement  de  l'autorisation\nd'exploiter le syst\u00e8me d'assainissement de SANTENAY ;\nVU l'arr\u00eat\u00e9  pr\u00e9fectoral  n\u00b01256  du  17  septembre  2021  portant  cr\u00e9ation  de  2  d\u00e9versoirs\ntemporaires sur le r\u00e9seau de collecte du syst\u00e8me d'assainissement de SANTENAY ;\nVU l'arr\u00eat\u00e9 pr\u00e9fectoral n\u00b0 1438/SG du 29 septembre 2023 donnant d\u00e9l\u00e9gation de signature \u00e0\nMadame Florence LAUBIER, directrice d\u00e9partementale des Territoires de la C\u00f4te d'Or ;\nVU l'arr\u00eat\u00e9 n\u00b0 76 du 06 mai 2024  portant d\u00e9l\u00e9gation de signature aux agents de la direction\nd\u00e9partementale des Territoires de C\u00f4te d'Or ;\nCONSID\u00c9RANT le principe de protection des eaux et de lutte contre toute pollution par\nd\u00e9versements, \u00e9coulements, rejets, d\u00e9p\u00f4ts directs ou indirects de mati\u00e8res de toute nature et\nplus g\u00e9n\u00e9ralement par tout fait susceptible de provoquer ou d'accro\u00eetre la d\u00e9gradation des\neaux  en  modifiant  leurs  caract\u00e9ristiques  physiques,  chimiques,  biologiques  ou\nbact\u00e9riologiques, qu'il s'agisse des eaux superficielles, souterraines ou des eaux de la mer dans\nla limite des eaux territoriales ;\nCONSID\u00c9RANT les dispositions en mati\u00e8re de gestion \u00e9quilibr\u00e9e et durable de la ressource en\neau  et  que  celles-ci  doivent  notamment  satisfaire  les  exigences  de  sant\u00e9  et  de  salubrit\u00e9\npublique ;\nCONSID\u00c9RANT que le pr\u00e9fet peut, \u00e0 tout moment, imposer par arr\u00eat\u00e9 toutes prescriptions\nparticuli\u00e8res n\u00e9cessaires \u00e0 en assurer le respect ;\nCONSID\u00c9RANT que les installations, ouvrages, travaux et activit\u00e9s vis\u00e9s \u00e0 l'article L. 214-1 du\ncode de l'environnement sont soumis \u00e0 autorisation ou \u00e0 d\u00e9claration suivant les dangers qu'ils\npr\u00e9sentent et la gravit\u00e9 de leurs effets sur la ressource en eau et les \u00e9cosyst\u00e8mes aquatiques ;\nCONSID\u00c9RANT les  exigences  de  l'arr\u00eat\u00e9  du  21  juillet  2015  modifi\u00e9  relatif  aux  syst\u00e8mes\nd'assainissement collectif et aux installations d'assainissement non collectif, \u00e0 l'exception des\ninstallations d'assainissement non collectif recevant une charge brute de pollution organique\ninf\u00e9rieure ou \u00e9gale \u00e0 1,2 kg/j de DBO5 ;\n2/4\nDirection d\u00e9partementale des territoires de la C\u00f4te-d'Or - 21-2024-08-01-00002 - Arr\u00eat\u00e9 pr\u00e9fectoral n\u00b0 1248 du 1er ao\u00fbt 2024 portant\nprorogation d'une ann\u00e9e des 2 d\u00e9versoirs d'orage temporaires du r\u00e9seau de collecte du syst\u00e8me d'assainissement de SANTENAY. 8\nCONSID\u00c9RANT que la cr\u00e9ation de deux(2) d\u00e9versoirs d'orage temporaires sur le r\u00e9seau de\ncollecte  du  syst\u00e8me  d'assainissement  de  SANTENAY  a  pour  objet  de  supprimer  les\nd\u00e9bordements d'eaux us\u00e9es sur la voie publique (chemin sous le Seurre) et chez les riverains, le\ntemps que les travaux de mises en conformit\u00e9 de raccordements individuels soient r\u00e9alis\u00e9s ;\nCONSID\u00c9RANT que les deux(2) d\u00e9versoirs temporaires ont \u00e9t\u00e9 mis en service au d\u00e9but de\nl'ann\u00e9e 2023 ;\nCONSID\u00c9RANT  que les  travaux  de  mise  en  conformit\u00e9  sont  engag\u00e9s  mais  ne  seront  pas\nachev\u00e9s le 17 septembre 2024, date de mise hors service des d\u00e9versoirs d'orage temporaires\nprescrite par l'article 6 de l'arr\u00eat\u00e9 pr\u00e9fectoral n\u00b01256 du 17 septembre 2021 ;\nCONSID\u00c9RANT qu'il convient de garantir la s\u00e9curit\u00e9 et la salubrit\u00e9 publique pendant ce d\u00e9lai\nde mise en conformit\u00e9 ;\nCONSID\u00c9RANT que, sous r\u00e9serve du respect des prescriptions d\u00e9finies aux articles ci-apr\u00e8s, le\nsyst\u00e8me  d'assainissement  de  SANTENAY,  respecte  les  prescriptions  relatives  \u00e0  la  gestion\n\u00e9quilibr\u00e9e et durable de la ressource en eau telles que d\u00e9finies \u00e0 l'article L.211-1 du code de\nl'environnement ;\nCONSID\u00c9RANT que  le  pr\u00e9sent  arr\u00eat\u00e9  est  compatible  avec  le  Sch\u00e9ma  Directeur\nd'Am\u00e9nagement  et  de  Gestion  des  Eaux  (SDAGE  RM)  du  bassin  Rh\u00f4ne-M\u00e9diterran\u00e9e  en\nvigueur ;\nCONSID\u00c9RANT qu'il  convient  de  proroger  d'une  ann\u00e9e  le  fonctionnement  des  deux(2)\nd\u00e9versoirs  d'orage  temporaires en  accompagnement  de  la  mise  en  conformit\u00e9  des\nraccordements individuels, ceci afin de garantir la s\u00e9curit\u00e9 et la salubrit\u00e9 publique ;\nSUR proposition de la directrice d\u00e9partementale des territoires de la C\u00f4te-d'Or :\nARRETE\nARTICLE 1  er   : Objet de l'autorisation\nLe d\u00e9lai prescrit \u00e0 l'article 6 de l'arr\u00eat\u00e9 pr\u00e9fectoral n\u00b01256 du 17 septembre 2021 est port\u00e9 \u00e0\n4 ans.\nL'exploitation des deux(2) d\u00e9versoirs d'orage temporaires se poursuit, sur la p\u00e9riode fix\u00e9e,\nselon les autres termes inchang\u00e9s de l'arr\u00eat\u00e9 pr\u00e9fectoral n\u00b01256 du 17 septembre 2021.\nARTICLE   2   : Droits des tiers\nLes droits des tiers sont et demeurent express\u00e9ment r\u00e9serv\u00e9s.\n3/4\nDirection d\u00e9partementale des territoires de la C\u00f4te-d'Or - 21-2024-08-01-00002 - Arr\u00eat\u00e9 pr\u00e9fectoral n\u00b0 1248 du 1er ao\u00fbt 2024 portant\nprorogation d'une ann\u00e9e des 2 d\u00e9versoirs d'orage temporaires du r\u00e9seau de collecte du syst\u00e8me d'assainissement de SANTENAY. 9\nARTICLE   3     :   Publication et information des tiers\nLe pr\u00e9sent arr\u00eat\u00e9 de prescriptions sera affich\u00e9 pendant une dur\u00e9e minimale d'un mois \u00e0 la\nmairie  de  SANTENAY.  Cette  formalit\u00e9  sera  justifi\u00e9e  par  un  proc\u00e8s-verbal  de  la  mairie\nconcern\u00e9e.\nLe pr\u00e9sent arr\u00eat\u00e9 ser a mis \u00e0 disposition du public sur le site internet des services de l'\u00c9tat en\nC\u00f4te-d'Or  http://www.cote-dor.gouv.fr pendant une dur\u00e9e d'au moins 6 mois et  le pr\u00e9sent\narr\u00eat\u00e9 sera ins\u00e9r\u00e9 au recueil des actes administratifs de la pr\u00e9fecture de la C\u00f4te-d'Or.\nARTICLE   4     :   Voies et d\u00e9lais de recours\nLe pr\u00e9sent arr\u00eat\u00e9 est susceptible de recours contentieux devant le tribunal administratif de\nDijon (22 rue d'Assas \u2013BP 61916- 21016 Dijon Cedex) par le p\u00e9titionnaire dans un d\u00e9lai de deux\n(2) mois \u00e0 compter de la date \u00e0 laquelle la d\u00e9cision lui a \u00e9t\u00e9 notifi\u00e9e et par les tiers dans un\nd\u00e9lai de quatre (4) mois \u00e0 compter du premier jour de la publication ou de l'affichage de la\npr\u00e9sente  d\u00e9cision.  Le  tribunal  administratif  peut  \u00eatre  saisi  par  un  recours  d\u00e9pos\u00e9  via\nl'application T\u00e9l\u00e9recours citoyens accessible par le site internet www.telerecours.fr  .  \nDans  le  d\u00e9lai  de  deux  mois,  un  recours  gracieux  peut  \u00eatre  form\u00e9  aupr\u00e8s  de  l'autorit\u00e9\ncomp\u00e9tente ayant pris la pr\u00e9sente d\u00e9cision. Le silence gard\u00e9 par l'administration pendant plus\nde deux mois sur la demande de recours gracieux emporte d\u00e9cision implicite de rejet de cette\ndemande conform\u00e9ment aux articles R421-1 \u00e0 R421-5 du code de justice administrative.\nCe recours administratif prolonge de deux mois les d\u00e9lais de recours contentieux pr\u00e9cit\u00e9s.\nARTICLE   5     :   Ex\u00e9cution\nLa directrice d\u00e9partementale des territoires de la C\u00f4te-d'Or, l e pr\u00e9sident d e la Communaut\u00e9\nd'Agglom\u00e9ration de  Beaune  C\u00f4te  et Sud (CABCS),  le maire de  SANTENAY,  le responsable\nd\u00e9partemental  de  l'Office  Fran\u00e7ais  pour la  Biodiversit\u00e9  de  la  C\u00f4te-d'Or,  le  directeur  de\nl'Agence R\u00e9gionale de Sant\u00e9 de Bourgogne-Franche-Comt\u00e9, sont charg\u00e9s, chacun en ce qui le\nconcerne, de l'ex\u00e9cution du pr\u00e9sent arr\u00eat\u00e9 qui sera notifi\u00e9 au p\u00e9titionnaire et dont une copie\nsera tenue \u00e0 la disposition du public dans la mairie int\u00e9ress\u00e9e.\nDIJON, le 1er ao\u00fbt 2024\nPour le pr\u00e9fet et par d\u00e9l\u00e9gation,\nPour la directrice d\u00e9partementale et par d\u00e9l\u00e9gation,\nLe chef du service de l'eau et des risques,\nSign\u00e9\nYann DUFOUR\n4/4\nDirection d\u00e9partementale des territoires de la C\u00f4te-d'Or - 21-2024-08-01-00002 - Arr\u00eat\u00e9 pr\u00e9fectoral n\u00b0 1248 du 1er ao\u00fbt 2024 portant\nprorogation d'une ann\u00e9e des 2 d\u00e9versoirs d'orage temporaires du r\u00e9seau de collecte du syst\u00e8me d'assainissement de SANTENAY. 10\nDirection d\u00e9partementale des territoires de la\nC\u00f4te-d'Or\nService S\u00e9curit\u00e9 et \u00c9ducation Routi\u00e8re\n21-2024-07-29-00004\nAP 1249 20240729 M274 EntretienTunnelS37-41\nRAA\nDirection d\u00e9partementale des territoires de la C\u00f4te-d'Or - 21-2024-07-29-00004 - AP 1249 20240729 M274 EntretienTunnelS37-41 RAA 11\nPREFETDE LACOTE-D'ORL,z'berte'Egalit\u00e9Fraternit\u00e9\nDirection d\u00e9partementale des territoires\nde la C\u00f4te-d'Or\nService de la S\u00e9curit\u00e9 et de l'\u00c9ducation Routi\u00e8re\nBureau de la S\u00e9curit\u00e9 Routi\u00e8re\nDijon, le 29 juillet 2024\nArr\u00eat\u00e9 N\u00b0 1249\nportant r\u00e9glementation temporaire de la circulation sur la M274 dans les 2 sens pour les\ntravaux d'entretien des r\u00e9seaux d'\u00e9vacuation des eaux pluviales, le nettoyage des ouvrages\nd'art et la maintenance pr\u00e9ventive des \u00e9quipements de s\u00e9curit\u00e9 des ouvrages d'art\nsouterrains sur les communes de Longvic, Dijon, Saint-Apollinaire, Ruffey-l\u00e8s-Echirey, Ahuy,\nFontaine-Les-Dijon, Daix, Talant et Plombi\u00e8res-Les-Dijon.\nLe pr\u00e9fet de la C\u00f4te-d'Or\nVU le Code de la Route ;\nVU le Code de la Voirie Routi\u00e8re ;\nVU la loi n\u00b02022-217 du 21 f\u00e9vrier 2022 relative \u00e0 la diff\u00e9renciation, la d\u00e9centralisation, la\nd\u00e9concentration  et  portant  diverses  mesures  de  simplification  de  l'action  publique\nlocale ;\nVU le  d\u00e9cret  en  Conseil  d'\u00c9tat  du  6  f\u00e9vrier  1980  d\u00e9clarant  d'utilit\u00e9  publique  la\nconstruction de la rocade Est de Dijon et lui conf\u00e9rant le statut de route express ;\nVU le d\u00e9cret 2009- 615 du 3 juin 2009 modifi\u00e9, fixant la liste des routes class\u00e9es \u00e0 grande\ncirculation ;\nVU le d\u00e9cret n\u00b02022-459 du 30 mars 2022 fixant la liste des voies non conc\u00e9d\u00e9es du\ndomaine  public  routier  national  qui  peuvent  \u00eatre  transf\u00e9r\u00e9es  aux  d\u00e9partements  et\nDirection d\u00e9partementale des territoires de la C\u00f4te-d'Or\n57 rue de Mulhouse- BP 53317 - 21033 DIJON cedex\nt\u00e9l : 03 80 29 44 44 \u2013 Courriel : ddt@cote-dor.gouv.fr\nDirection d\u00e9partementale des territoires de la C\u00f4te-d'Or - 21-2024-07-29-00004 - AP 1249 20240729 M274 EntretienTunnelS37-41 RAA 12\n2/14\nm\u00e9tropoles ou mises \u00e0 disposition des r\u00e9gions dans les conditions pr\u00e9vues aux articles 38\net 40 de la loi n\u00b02022-217 du 21 f\u00e9vrier 2022 ;\nVU le d\u00e9cret du 26 septembre 2022 nommant Monsieur  Franck ROBINE, pr\u00e9fet de la\nr\u00e9gion Bourgogne-Franche-Comt\u00e9, Pr\u00e9fet de la C\u00f4te-d'Or (hors classe) ;\nVU  l'arr\u00eat\u00e9 interminist\u00e9riel du 24 novembre 1967 modifi\u00e9, relatif \u00e0 la signalisation des\nroutes et autoroutes ;\nVU  l'arr\u00eat\u00e9 interminist\u00e9riel du 6 novembre 1992 modifi\u00e9, approuvant les dispositions de\nl'instruction interminist\u00e9rielle sur la signalisation routi\u00e8re ;\nVU l'arr\u00eat\u00e9  pr\u00e9fectoral  n\u00b021-2023-05-02-00001  du  2  mai  2023  relatif  au  transfert  au\nd\u00e9partement de C\u00f4te-d'Or de sections de routes et autoroutes class\u00e9es dans le domaine\npublic routier national ;\nVU  l'arr\u00eat\u00e9  pr\u00e9fectoral  n\u00b021-2023-05-02-00002  du  2  mai  2023  relatif  au  transfert  \u00e0  la\nM\u00e9tropole de Dijon de sections de routes et autoroutes class\u00e9es dans le domaine public\nroutier national ;\nVU  l'arr\u00eat\u00e9 pr\u00e9fectoral n\u00b0148/SG du 18 janvier 2024 donnant d\u00e9l\u00e9gation de signature \u00e0\nMonsieur Olivier GERSTLE, sous-pr\u00e9fet, directeur de cabinet du pr\u00e9fet de la C\u00f4te-d'Or ;\nVU  la circulaire du 2 f\u00e9vrier 2024 relative au calendrier des jours \u00ab  hors chantier  \u00bb pour\nl'ann\u00e9e 2024 et le mois de janvier 2025 ;\nVU la demande pr\u00e9sent\u00e9e par la M\u00e9tropole de Dijon  - CEI de Dijon le 2 juillet 2024 ;\nVU l'avis favorable d'APRR en date du 2 juillet 2024 ;\nCONSID\u00c9RANT que pendant les travaux d'entretien et de maintenance pr\u00e9ventive des\n\u00e9quipements de s\u00e9curit\u00e9 des OA souterrains, effectu\u00e9s sur la M  274, dans les deux sens de\ncirculation,  entre  les  PR0+000  et  PR18+300,  il  y  a  lieu  de  pr\u00e9ciser  les  conditions  de\ncirculation afin de pr\u00e9venir tout risque d'accident, de faciliter la bonne ex\u00e9cution des\ntravaux et d'assurer un \u00e9coulement satisfaisant du trafic ;\nCONSID\u00c9RANT  que  des  travaux  d'entretien  courant  pourront  \u00eatre  effectu\u00e9s  dans  la\nm\u00eame zone, sans restrictions compl\u00e9mentaires ;\nCONSID\u00c9RANT que la section concern\u00e9e par l'inspection est situ\u00e9e hors agglom\u00e9ration ;\nSUR proposition de Madame la Directrice D\u00e9partementale des  Territoires  de la C\u00f4te-\nd'Or ;\nARR\u00caTE\nArticle 1 :\nLa campagne d'entretien des r\u00e9seaux d'\u00e9vacuation des eaux pluviales, du nettoyage des\nOA et de la maintenance pr\u00e9ventive des \u00e9quipements de s\u00e9curit\u00e9 des OA souterrains\nconcernent la M274 entre les PR0+000 et PR18+300.\nDirection d\u00e9partementale des territoires de la C\u00f4te-d'Or\n57 rue de Mulhouse- BP 53317 - 21033 DIJON cedex\nt\u00e9l : 03 80 29 44 44 \u2013 Courriel : ddt@cote-dor.gouv.fr\nDirection d\u00e9partementale des territoires de la C\u00f4te-d'Or - 21-2024-07-29-00004 - AP 1249 20240729 M274 EntretienTunnelS37-41 RAA 13\n3/14\nLes dispositions du pr\u00e9sent arr\u00eat\u00e9 s'appliqueront la nuit de 21h \u00e0 6h:\nPhase 1     :  \n\u2022 pour 4 nuits du lundi 9 au vendredi 13 septembre 2024.\n\u2022 pour 2 nuits du lundi 30 septembre au mercredi 2 octobre 2024.\n\u2022 pour 2 nuits du lundi 7 au mercredi 9 octobre 2024.\nPhase 2     :  \n\u2022 pour 2 nuits du lundi 16 au mercredi 18 septembre 2024.\nPhase 3     :  \n\u2022 pour 2 nuits du mercredi 18 au vendredi 20 septembre 2024.\nPhase 4     :  \n\u2022 pour 2 nuits du lundi 23 au mercredi 25 septembre 2024.\nPhase 5     :  \n\u2022 pour 1 nuit du mercredi 25 au jeudi 26 septembre 2024.\nPhase 6     :  \n\u2022 pour 1 nuit du jeudi 26 au vendredi 27 septembre 2024.\nPhase 7     :\n\u2022 pour 2 nuits du mercredi 2 au vendredi 4 octobre 2024.\nArticle 2 :\nPendant l'ex\u00e9cution des travaux ci-dessus d\u00e9sign\u00e9s sur la M274, la circulation s'effectuera\ndans les conditions suivantes :\nPhase 1\nCoupure d'axe et fermetures de bretelles\nLa M274 sera ferm\u00e9e \u00e0 la circulation de l'\u00e9changeur n\u00b037 Ahuy (PR13+050) \u00e0 l'\u00e9changeur\nn\u00b034 Plombi\u00e8res les Dijon (PR18+262) dans les 2 sens de circulation.\n\u2022 \u00c9changeur  n\u00b034  Plombi\u00e8res-les-Dijon,  fermeture  de  la  section  courante  au  PR\n18+275 sens 2\n\u2022 \u00c9changeur n\u00b035 de Talant, fermeture de la section courante au PR 16+250 sens 1 et\nPR16+225 sens 2\n\u2022 \u00c9changeur n\u00b036 Daix, fermeture de la bretelle n\u00b02\n\u2022 \u00c9changeur n\u00b037 Ahuy, fermeture de la section courante au PR 13+150 sens 1 et de la\nbretelle d'entr\u00e9e n\u00b02\nDes d\u00e9viations seront mises en place \u00e0 l'attention des usagers :\nEn direction de Lyon, depuis l'\u00e9changeur :\n\u2022 n\u00b034 Plombi\u00e8res (PR18+262)  \n\u2022 M905,\n\u2022 Bd de l'Ouest,\n\u2022 Bd de Ch\u00e8vre Morte,\n\u2022 Bd des Clomiers,\n\u2022 Bd Fran\u00e7ois Pompom,\n\u2022 Bd des Aiguilottes,\n\u2022 Bd des Allobroges,\nDirection d\u00e9partementale des territoires de la C\u00f4te-d'Or\n57 rue de Mulhouse- BP 53317 - 21033 DIJON cedex\nt\u00e9l : 03 80 29 44 44 \u2013 Courriel : ddt@cote-dor.gouv.fr\nDirection d\u00e9partementale des territoires de la C\u00f4te-d'Or - 21-2024-07-29-00004 - AP 1249 20240729 M274 EntretienTunnelS37-41 RAA 14\n4/14\n\u2022 Bd Mar\u00e9chal Gallieni,\n\u2022 Bd Pascal,\n\u2022 Place St Exup\u00e9ry,\n\u2022 Bd Joffre,\n\u2022 M974 (av de Langres),\n\u2022 retour sur M274 via la bretelle 4 de l'\u00e9changeur n\u00b038 Pompidou (PR12+070)\n\u2022 n\u00b035 Talant (PR16+400)  \n\u2022 M971 (Bd de Troyes),\n\u2022 Bd Fran\u00e7ois Pompom,\n\u2022 Bd des Aiguilottes,\n\u2022 Bd des Allobroges,\n\u2022 Bd Mar\u00e9chal Gallieni,\n\u2022 Bd Pascal,\n\u2022 Place Saint-Exup\u00e9ry,\n\u2022 Bd Joffre,\n\u2022 M974 (av de Langres),\n\u2022 retour sur M274 via la bretelle 4 de l'\u00e9changeur n\u00b038 Pompidou (PR12+070)\n\u2022 n  \u00b036 Daix (PR15+600  )\n\u2022 Rue d'Hauteville,\n\u2022 Route de Dijon,\n\u2022 M107 (rue d'Hauteville, rue de Dijon),\n\u2022 Bd des Allobroges,\n\u2022 Bd Mar\u00e9chal Gallieni,\n\u2022 Bd Pascal,\n\u2022 Place Saint-Exup\u00e9ry,\n\u2022 Bd Joffre,\n\u2022 M974 (av de Langres),\n\u2022 retour sur M274 via la bretelle 4 de l'\u00e9changeur n\u00b038 Pompidou (PR12+070).\nEn direction de Paris, depuis l'\u00e9changeur :\n\u2022 n\u00b037 Ahuy (PR13+050)  \n\u2022 M274,\n\u2022 \u00c9changeur n\u00b038 Pompidou bretelle n\u00b03,\n\u2022 M974 (av de Langres/ av du Drapeau),\n\u2022 Bd Mar\u00e9chal Gallieni,\n\u2022 Bd des Allobroges,\n\u2022 Bd des Aiguilottes,\n\u2022 Bd Fran\u00e7ois Pompom,\n\u2022 Bd des Clomiers,\n\u2022 Bd de Ch\u00e8vre Morte,\n\u2022 Bd de l'Ouest,\n\u2022 M905,\n\u2022 retour  sur  M274  via  bretelle  d'acc\u00e8s  de  l'\u00e9changeur  n\u00b034  Plombi\u00e8res\n(PR18+262)\nDirection d\u00e9partementale des territoires de la C\u00f4te-d'Or\n57 rue de Mulhouse- BP 53317 - 21033 DIJON cedex\nt\u00e9l : 03 80 29 44 44 \u2013 Courriel : ddt@cote-dor.gouv.fr\nDirection d\u00e9partementale des territoires de la C\u00f4te-d'Or - 21-2024-07-29-00004 - AP 1249 20240729 M274 EntretienTunnelS37-41 RAA 15\n5/14\n\u2022 n\u00b035 Talant (PR16+400)  \n\u2022 M971 (Bd de Troyes),\n\u2022 Bd des Clomiers,\n\u2022 Bd de Ch\u00e8vre Morte,\n\u2022 Bd de l'Ouest,\n\u2022 M905,\n\u2022 retour  sur  M274  via  bretelle  d'acc\u00e8s  de  l'\u00e9changeur  n\u00b034  Plombi\u00e8res\n(PR18+262).\nPhase 2\nCoupure d'axe et fermetures de bretelles\nLa M274 sera ferm\u00e9e \u00e0 la circulation dans le sens 2 du PR 13+150 (sortie par bretelle 3 de\nl'\u00e9changeur n\u00b037 Ahuy) au PR 8+200 (retour par la bretelle 3 de l'\u00e9changeur n\u00b041 Cracovie).\n\u2022 Fermeture des bretelles n\u00b04 des \u00e9changeurs n\u00b037 Ahuy, n\u00b038 Pompidou (+shunt),\nn\u00b039 Valmy et n\u00b040 Malines.\n\u2022 Fermeture de la section courante sens 2 au PR13+150.\nDes d\u00e9viations seront mises en place \u00e0 l'attention des usagers :\n\u2022 depuis l'\u00e9changeur n\u00b040 de Malines (PR9+625)  \n\u2022 Rue Dr Quignard,\n\u2022 Rue de Mayence,\n\u2022 Rue de Cracovie,\n\u2022 retour M274 via la bretelle d'acc\u00e8s de l'\u00e9changeur n\u00b041 Cracovie (PR6+830)\n\u2022 depuis l'\u00e9changeur n\u00b039 Valmy (PR11+350)  \n\u2022 Parc Commercial de la Toison d'Or,\n\u2022 Rue de Clochide,\n\u2022 Bd W Churchill,\n\u2022 Rue de Malines,\n\u2022 Rue Dr Quignard,\n\u2022 Rue de Mayence,\n\u2022 Rue de Cracovie,\n\u2022 retour M274 via la bretelle d'acc\u00e8s de l'\u00e9changeur n\u00b041 Cracovie (PR6+830)\n\u2022 depuis l'\u00e9changeur n\u00b038 Pompidou (PR12+070)  \n\u2022 Av de Langres,\n\u2022 Av du Drapeau,\n\u2022 Bd Pascal,\n\u2022 Place Saint Exupery\n\u2022 Bd des martyrs de la r\u00e9sistance,\n\u2022 Av de Dallas,\n\u2022 Rue de Cracovie,\n\u2022 retour M274 via la bretelle d'acc\u00e8s de l'\u00e9changeur n\u00b041 Cracovie (PR6+830)\nDirection d\u00e9partementale des territoires de la C\u00f4te-d'Or\n57 rue de Mulhouse- BP 53317 - 21033 DIJON cedex\nt\u00e9l : 03 80 29 44 44 \u2013 Courriel : ddt@cote-dor.gouv.fr\nDirection d\u00e9partementale des territoires de la C\u00f4te-d'Or - 21-2024-07-29-00004 - AP 1249 20240729 M274 EntretienTunnelS37-41 RAA 16\n6/14\n\u2022 depuis l'\u00e9changeur n\u00b037 d'Ahuy (13+050)  \n\u2022 M107A (route d'Ahuy),\n\u2022 Bd Gallieni,\n\u2022 Bd Pascal,\n\u2022 Place Saint Exupery\n\u2022 Bd des martyrs de la r\u00e9sistance,\n\u2022 Av de Dallas,\n\u2022 Rue de Cracovie,\n\u2022 retour M274 via la bretelle d'acc\u00e8s de l'\u00e9changeur n\u00b041 Cracovie (PR6+830).\nPhase 3\nCoupure d'axe et fermeture de bretelles.\nLa M274 sera ferm\u00e9e \u00e0 la circulation dans le sens 1 du PR8+080 (sortie par bretelle 1 de\nl'\u00e9changeur n\u00b041 Cracovie) au PR13+200 (retour par l'\u00e9changeur n\u00b037 Ahuy).\n\u2022 Fermeture des bretelles d'entr\u00e9es n\u00b02 des \u00e9changeurs n\u00b040 Malines (PR9+625), n\u00b039\nValmy (PR11+350) et n\u00b038 Pompidou (PR12+070).\n\u2022 Fermeture de la section courante sens 1 au PR8+080.\nDes d\u00e9viations seront mises en place \u00e0 l'attention des usagers :\n\u2022 depuis l'\u00e9changeur n\u00b041 Cracovie (PR6+830)  \n\u2022 Rue de Bastogne,\n\u2022 Rue de Cracovie,\n\u2022 Av de Dallas,\n\u2022 Bd des Martyrs de la R\u00e9sistance,\n\u2022 Place Saint Exupery,\n\u2022 Bd Pascal,\n\u2022 Bd Gallieni,\n\u2022 M107A (route d'Ahuy),\n\u2022 retour M274 via la bretelle d'acc\u00e8s de l'\u00e9changeur n\u00b037 Ahuy (PR13+050).\n\u2022 depuis l'\u00e9changeur n\u00b040 de Malines (PR9+625)  \n\u2022 Rue de Malines,\n\u2022 Rue du Dr Quignard,\n\u2022 Av de Mayence,\n\u2022 Av de Dallas,\n\u2022 Bd des Martyrs de la R\u00e9sistance,\n\u2022 Place Saint Exupery,\n\u2022 Bd Pascal,\n\u2022 Bd Gallieni,\n\u2022 M107A (route d'Ahuy),\n\u2022 retour M274 via la bretelle d'acc\u00e8s de l'\u00e9changeur n\u00b037 Ahuy (PR13+050).\n\u2022 depuis l'\u00e9changeur n\u00b039 Valmy (PR11+350)  \n\u2022 Parc Commercial de la Toison d'Or,\n\u2022 Rue de Clochide,\nDirection d\u00e9partementale des territoires de la C\u00f4te-d'Or\n57 rue de Mulhouse- BP 53317 - 21033 DIJON cedex\nt\u00e9l : 03 80 29 44 44 \u2013 Courriel : ddt@cote-dor.gouv.fr\nDirection d\u00e9partementale des territoires de la C\u00f4te-d'Or - 21-2024-07-29-00004 - AP 1249 20240729 M274 EntretienTunnelS37-41 RAA 17\n7/14\n\u2022 Bd W Churchill,\n\u2022 Rue de Malines,\n\u2022 Rue Dr Quignard,\n\u2022 Rue de Mayence,\n\u2022 Av de Dallas,\n\u2022 Bd des Martyrs de la R\u00e9sistance,\n\u2022 Place Saint Exupery,\n\u2022 Bd Pascal,\n\u2022 Bd Gallieni,\n\u2022 M107A (route d'Ahuy),\n\u2022 retour M274 via la bretelle d'acc\u00e8s de l'\u00e9changeur n\u00b037 Ahuy (PR13+050).\n\u2022 depuis l'\u00e9changeur n\u00b038 Pompidou (PR12+070)  \n\u2022 Av de Langres,\n\u2022 Av du Drapeau,\n\u2022 Bd Gallieni,\n\u2022 M107A (route d'Ahuy),\n\u2022 retour M274 via la bretelle d'acc\u00e8s de l'\u00e9changeur n\u00b037 Ahuy (PR13+050).\nRestriction de circulation\nNeutralisation  des  voies  rapides  et  lentes  par  balisage  FLR  (fl\u00e8che  de  rabattement\nlumineuse) 500m en amont de la bretelle de sortie obligatoire n\u00b01 de l'\u00e9changeur n\u00b041 de\nCracovie (PR8+080) de la M274.\nPhase 4     :  \nCoupure d'axe et fermeture de bretelles\nLa M274 sera ferm\u00e9e \u00e0 la circulation dans le sens 1 du PR0+000 (sortie par bretelle n\u00b01 de\nl'\u00e9changeur n\u00b047 Beauregard) au PR4+200 (retour par la bretelle 2 de l'\u00e9changeur n\u00b045\nFranche-Comt\u00e9).\n\u2022 Fermeture des bretelles n\u00b02, 3 et 6 de l'\u00e9changeur n\u00b047 de Beauregard (PR0+010).\n\u2022 Fermeture de section courante par APRR du PR32D de l'A311 au PR 0+000 de la\nM274\nDes d\u00e9viations seront mises en place \u00e0 l'attention des usagers :\n\u2022 depuis l'\u00e9changeur n\u00b047 de Beauregard (PR0+010)  \n\u2022 M122A Bd de Beauregard,\n\u2022 M124 Bd Eiffel,\n\u2022 M124 Bd des Industries,\n\u2022 M996 route de Dijon,\n\u2022 Av de l'Europe,\n\u2022 Bd de Chicago,\n\u2022 M905,\n\u2022 retour  M274  via  la  bretelle  2  de  l'\u00e9changeur  n\u00b045  de  Franche-Comt\u00e9\n(PR4+250).\nDirection d\u00e9partementale des territoires de la C\u00f4te-d'Or\n57 rue de Mulhouse- BP 53317 - 21033 DIJON cedex\nt\u00e9l : 03 80 29 44 44 \u2013 Courriel : ddt@cote-dor.gouv.fr\nDirection d\u00e9partementale des territoires de la C\u00f4te-d'Or - 21-2024-07-29-00004 - AP 1249 20240729 M274 EntretienTunnelS37-41 RAA 18\n8/14\nPhase 5     :  \nCoupure d'axe et fermetures de bretelles\nLa M274 sera ferm\u00e9e \u00e0 la circulation dans le sens 1 du PR3+950 (sortie par bretelle n\u00b01 de\nl'\u00e9changeur n\u00b045 Franche-Comt\u00e9) au PR9+975 (retour par la bretelle n\u00b02 de l'\u00e9changeur\nn\u00b040 Malines).\n\u2022 Fermeture  de  la  bretelle  d'entr\u00e9e  n\u00b04  de  l'\u00e9changeur  n\u00b045  de  Franche-Comt\u00e9\n(PR4+250) par APRR.\n\u2022 Fermeture  des  bretelles  d'entr\u00e9es  n\u00b02  des  \u00e9changeurs  n\u00b045  Franche-Comt\u00e9\n(PR4+250), n\u00b044 de Mirande (PR5+340), n\u00b043 de Quetigny (PR5+625) et n\u00b042 de l'Arc\n(PR6+830).\nDes d\u00e9viations seront mises en place \u00e0 l'attention des usagers :\n\u2022 depuis l'\u00e9changeur n\u00b045 Franche-Comt\u00e9 (PR4+250)  \n\u25aa B2 ferm\u00e9e  \n\u2022 A39 sortie n\u00b02,\n\u2022 M905B (Av du Mont Blanc),\n\u2022 M122A (route de Chevigny),\n\u2022 M107 (route de Dijon, Bd J Jaur\u00e9s),\n\u2022 M125 (Bd de l'Europe),\n\u2022 M125D\n\u2022 M700,\n\u2022 Rue Jean Moulin,\n\u2022 Rond point du 8 mai 1945,\n\u2022 Av Champollion,\n\u2022 Av de Dallas,\n\u2022 Rue de Cracovie,\n\u2022 Rue de l'Yser,\n\u2022 Rue de Malines,\n\u2022 retour M274 via \u00e9changeur n\u00b040 Malines (PR9+625).\n\u2022 depuis l'\u00e9changeur n\u00b045 Franche-Comt\u00e9 (PR4+250)\n\u25aa B4 ferm\u00e9e  \n\u2022 Bretelle n\u00b06, n\u00b07 de l'\u00e9changeur n\u00b045 de Franche-Comt\u00e9,\n\u2022 M905B (Av du Mont Blanc),\n\u2022 M122A (route de Chevigny),\n\u2022 M107 (route de Dijon, Bd J Jaur\u00e8s),\n\u2022 M125 (Bd de l'Europe),\n\u2022 M125D\n\u2022 M700,\n\u2022 Rue Jean Moulin,\n\u2022 Rond point du 8 mai 1945,\n\u2022 Av Champollion,\n\u2022 Av de Dallas,\n\u2022 Rue de Cracovie,\n\u2022 Rue de l'Yser,\nDirection d\u00e9partementale des territoires de la C\u00f4te-d'Or\n57 rue de Mulhouse- BP 53317 - 21033 DIJON cedex\nt\u00e9l : 03 80 29 44 44 \u2013 Courriel : ddt@cote-dor.gouv.fr\nDirection d\u00e9partementale des territoires de la C\u00f4te-d'Or - 21-2024-07-29-00004 - AP 1249 20240729 M274 EntretienTunnelS37-41 RAA 19\n9/14\n\u2022 Rrue de Malines,\n\u2022 retour M274 via \u00e9changeur n\u00b040 Malines (PR9+625).\n\u2022 depuis l'\u00e9changeur n\u00b044 Mirande (PR5+340)  \n\u25aa B2 ferm\u00e9e  \n\u2022 M126 (rue Pierre de Coubertin),\n\u2022 Rue Alain Bombard,\n\u2022 Rue Champeau,\n\u2022 M125 (Bd de l'Europe),\n\u2022 M125D,\n\u2022 M700,\n\u2022 Rue Jean Moulin,\n\u2022 Rond point du 8 mai 1945,\n\u2022 Av Champollion,\n\u2022 Av de Dallas,\n\u2022 Rue de Cracovie,\n\u2022 Rue de l'Yser,\n\u2022 Rue de Malines,\n\u2022 retour M274 via \u00e9changeur n\u00b040 Malines (PR9+625).\n\u2022 depuis l'\u00e9changeur n\u00b043 Qu\u00e9tigny (PR5+625)  \n\u25aa B2 ferm\u00e9e  \n\u2022 Rue Alain Bombard,\n\u2022 Rue Champeau,\n\u2022 M125 (Bd de l'Europe),\n\u2022 M125D,\n\u2022 M700,\n\u2022 Rue Jean Moulin,\n\u2022 Rond point du 8 mai 1945,\n\u2022 Av Champollion,\n\u2022 Av de Dallas,\n\u2022 Rue de Cracovie,\n\u2022 Rue de l'Yser,\n\u2022 Rue de Malines,\n\u2022 retour M274 via \u00e9changeur n\u00b040 Malines (PR9+625).\n\u2022 depuis l'\u00e9changeur n\u00b042 de l'Arc (PR6+830)  \n\u2022 Rue Jean Moulin,\n\u2022 Rond point du 8 mai 1945,\n\u2022 Av Champollion,\n\u2022 Av de Dallas,\n\u2022 Rue de Cracovie,\n\u2022 Rue de l'Yser,\n\u2022 Rue de Malines,\n\u2022 retour M274 via \u00e9changeur n\u00b040 Malines (PR9+625).\nDirection d\u00e9partementale des territoires de la C\u00f4te-d'Or\n57 rue de Mulhouse- BP 53317 - 21033 DIJON cedex\nt\u00e9l : 03 80 29 44 44 \u2013 Courriel : ddt@cote-dor.gouv.fr\nDirection d\u00e9partementale des territoires de la C\u00f4te-d'Or - 21-2024-07-29-00004 - AP 1249 20240729 M274 EntretienTunnelS37-41 RAA 20\n10/14\nRestriction de circulation\nNeutralisation  des  voies  rapides  et  lentes  par  balisage  FLR  (fl\u00e8che  de  rabattement\nlumineuse) 500m en amont de la bretelle de sortie obligatoire n\u00b01 de l'\u00e9changeur n\u00b045\nFranche-Comt\u00e9 (PR3+950) de la M274.\nPhase 6     :  \nCoupure d'axe et fermetures de bretelles\nLa M274 sera ferm\u00e9e \u00e0 la circulation dans le sens 2 du PR10+225 (sortie par bretelle n\u00b04 de\nl'\u00e9changeur  n\u00b040  Malines)  au  PR4+000  (retour  par  la  bretelle  n\u00b08  de  l'\u00e9changeur  n\u00b045\nFranche-Comt\u00e9).\n\u2022 Fermeture des bretelles d'entr\u00e9e n\u00b04 des \u00e9changeurs n\u00b040 de Malines (PR9+625),\nn\u00b042 de l'Arc (PR6+830), n\u00b043 de Quetigny (PR5+625) et n\u00b044 de Mirande (PR5+340).\n\u2022 Fermeture  de  la  bretelle  d'entr\u00e9e  n\u00b06  de  l'\u00e9changeur  n\u00b045  de  Franche-Comt\u00e9\n(PR4+250).\n\u2022 Fermeture de la bretelle d'entr\u00e9e n\u00b03 de l'\u00e9changeur n\u00b041 de Cracovie (PR8+530).\nDes d\u00e9viations seront mises en place \u00e0 l'attention des usagers :\n\u2022 depuis l'\u00e9changeur n\u00b040 de Malines (PR9+625)  \n\u2022 Rue du Dr Quignard,\n\u2022 Rue de Mayence,\n\u2022 Av de Dallas,\n\u2022 Av de Champollion,\n\u2022 Rond point du 8 mai 1945,\n\u2022 Rue Jean Moulin,\n\u2022 M700,\n\u2022 M125D,\n\u2022 M125 (bd de l'Europe),\n\u2022 M107 (Bd J Jaur\u00e9s, route de Dijon),\n\u2022 M122A (route de Chevigny),\n\u2022 M905B (Av de Mont Blanc),\n\u2022 M905,\n\u2022 retour  M274  via  bretelle  n\u00b08  de  l'\u00e9changeur  de  Franche-Comt\u00e9  n\u00b045\n(PR4+250).\n\u2022 depuis l'\u00e9changeur n\u00b041 Cracovie (PR8+530)  \n\u2022 Rue de Cracovie,\n\u2022 Av de Dallas,\n\u2022 Av de Champollion,\n\u2022 Rond point du 8 mai 1945,\n\u2022 Rue Jean Moulin,\n\u2022 M700,\n\u2022 M125D,\n\u2022 M125 (bd de l'Europe),\n\u2022 M107 (Bd J Jaur\u00e9s, route de Dijon),\nDirection d\u00e9partementale des territoires de la C\u00f4te-d'Or\n57 rue de Mulhouse- BP 53317 - 21033 DIJON cedex\nt\u00e9l : 03 80 29 44 44 \u2013 Courriel : ddt@cote-dor.gouv.fr\nDirection d\u00e9partementale des territoires de la C\u00f4te-d'Or - 21-2024-07-29-00004 - AP 1249 20240729 M274 EntretienTunnelS37-41 RAA 21\n11/14\n\u2022 M122A (route de Chevigny),\n\u2022 M905B (Av de Mont Blanc),\n\u2022 M905,\n\u2022 retour  M274  via  bretelle  n\u00b08  de  l'\u00e9changeur  de  Franche-Comt\u00e9  n\u00b045\nPR4+250).\n\u2022 depuis l'\u00e9changeur n\u00b042 de l'Arc (PR6+830)  \n\u2022 Rue Jean Moulin,\n\u2022 M700,\n\u2022 M125D,\n\u2022 M125 (bd de l'Europe),\n\u2022 M107 (Bd J Jaur\u00e9s, route de Dijon),\n\u2022 M122A (route de Chevigny),\n\u2022 M905B (Av de Mont Blanc),\n\u2022 M905,\n\u2022 retour  M274  via  bretelle  n\u00b08  de  l'\u00e9changeur  de  Franche-Comt\u00e9  n\u00b045\n(PR4+250).\n\u2022 depuis l'\u00e9changeur n\u00b043 Qu\u00e9tigny (PR5+625)  \n\u2022 M107 (rue de Sully, Av de l'Universit\u00e9, Bd Jean Jaur\u00e9s, route de Dijon),\n\u2022 M122A (route de Chevigny),\n\u2022 M905B (Av de Mont Blanc),\n\u2022 M905,\n\u2022 retour  M274  via  bretelle  n\u00b08  de  l'\u00e9changeur  de  Franche-Comt\u00e9  n\u00b045\n(PR4+250).\n\u2022 depuis l'\u00e9changeur n\u00b044 Mirande (PR5+340)  \n\u2022 Rue en vieille Fourche,\n\u2022 M107(rue de Sully, Av de l'Universit\u00e9, Bd Jean Jaur\u00e9s, route de Dijon),\n\u2022 M122A (route de Chevigny),\n\u2022 M905B (Av de Mont Blanc),\n\u2022 M905,\n\u2022 retour  M274  via  bretelle  n\u00b08  de  l'\u00e9changeur  de  Franche-Comt\u00e9  n\u00b045\n(PR4+250).\n\u2022 depuis l'\u00e9changeur n\u00b045 Franche-Comt\u00e9 (PR4+250)  \n\u2022 B6 ferm\u00e9e  \n\u2022 M905,\n\u2022 Rue de Neuilly,\n\u2022 M905,\n\u2022 retour  M274  via  bretelle  n\u00b08  de  l'\u00e9changeur  de  Franche-Comt\u00e9  n\u00b045\n(PR4+250).\nRestriction de circulation\nNeutralisation  des  voies  rapides  et  lentes  par  balisage  FLR  (fl\u00e8che  de  rabattement\nlumineuse) 500m en amont de la bretelle de sortie obligatoire n\u00b04 de l'\u00e9changeur n\u00b040\nMalines (PR9+625) de la M274.\nDirection d\u00e9partementale des territoires de la C\u00f4te-d'Or\n57 rue de Mulhouse- BP 53317 - 21033 DIJON cedex\nt\u00e9l : 03 80 29 44 44 \u2013 Courriel : ddt@cote-dor.gouv.fr\nDirection d\u00e9partementale des territoires de la C\u00f4te-d'Or - 21-2024-07-29-00004 - AP 1249 20240729 M274 EntretienTunnelS37-41 RAA 22\n12/14\nPhase 7     :  \nCoupure d'axe et fermetures de bretelles\nLa M274 sera ferm\u00e9e \u00e0 la circulation dans le sens 2 du PR 4+500 (sortie par bretelle n\u00b05 de\nl'\u00e9changeur n\u00b045 Franche-Comt\u00e9) au PR0+000 (retour par la bretelle n\u00b06 de l'\u00e9changeur\nn\u00b047 Beauregard).\n\u2022 Fermeture des bretelles n\u00b06 et 8 de l'\u00e9changeur n\u00b045 de Franche-Comt\u00e9 (PR4+250)\net de la bretelle n\u00b05 de l'\u00e9changeur n\u00b047 de Beauregard (PR0+010).\nDes d\u00e9viations seront mises en place \u00e0 l'attention des usagers :\n\u2022 depuis l'\u00e9changeur n\u00b045 Franche-Comt\u00e9 sortie par B5 et B6 ferm\u00e9e  \n\u2022 M905,\n\u2022 Bd de Chicago,\n\u2022 Av de l'europe,\n\u2022 M996 route de Dijon,\n\u2022 M124 Bd des Industries,\n\u2022 M124 Bd Eiffel,\n\u2022 M122A Bd de Beauregard,\n\u2022 M122r,\n\u2022 RP de Palissy,\n\u2022 M122r,\n\u2022 retour par B6 de l'\u00e9changeur n\u00b047 de Beauregard.\n\u2022 depuis l'\u00e9changeur n\u00b045 de Franche-Comt\u00e9, B8 ferm\u00e9e  \n\u2022 M905,\n\u2022 \u00c9changeur n\u00b045 Franche-Comt\u00e9 B2, B3,\n\u2022 M905,\n\u2022 Bd de Chicago,\n\u2022 Av de l'Europe,\n\u2022 M996 route de Dijon,\n\u2022 M124 Bd des Industries,\n\u2022 M124 Bd Eiffel,\n\u2022 M122A Bd de Beauregard,\n\u2022 M122r,\n\u2022 RP de Palissy,\n\u2022 M122R,\n\u2022 retour par B6 de l'\u00e9changeur n\u00b047 de Beauregard.\n\u2022 depuis l'\u00e9changeur n\u00b047 de Beauregard, B5 ferm\u00e9e  \n\u2022 M122R,\n\u2022 RP de Palissy,\n\u2022 M122r,\n\u2022 retour par B6 de l'\u00e9changeur n\u00b047 de Beauregard.\nDirection d\u00e9partementale des territoires de la C\u00f4te-d'Or\n57 rue de Mulhouse- BP 53317 - 21033 DIJON cedex\nt\u00e9l : 03 80 29 44 44 \u2013 Courriel : ddt@cote-dor.gouv.fr\nDirection d\u00e9partementale des territoires de la C\u00f4te-d'Or - 21-2024-07-29-00004 - AP 1249 20240729 M274 EntretienTunnelS37-41 RAA 23\n13/14\nRestriction de circulation\nNeutralisation  des  voies  rapides  et  lentes  par  balisage  FLR  (fl\u00e8che  de  rabattement\nlumineuse) 500m en amont de la bretelle de sortie obligatoire n\u00b05 de l'\u00e9changeur n\u00b045\nFranche-Comt\u00e9 (PR) de la M274.\nArticle 3 :\nCertaines  phases  pr\u00e9paratoires  ou  de  mise  en  place  de  la  signalisation  du  chantier\npourront  n\u00e9cessiter  des  r\u00e9ductions  momentan\u00e9es  de  chauss\u00e9e  ou  des  interruptions\ncourtes de circulation.\nArticle 4 :\nSur le parcours des sections soumises \u00e0 ces restrictions provisoires, les conducteurs des\nv\u00e9hicules devront le cas \u00e9ch\u00e9ant, se conformer aux indications des services de police et\ndes  agents  de la direction  interd\u00e9partementale des  routes  Centre-Est,  tant en ce qui\nconcerne le trajet \u00e0 suivre que l'arr\u00eat s'il leur est prescrit.\nArticle 5 :\nLe passage des convois exceptionnels sera interdit sur l'itin\u00e9raire de d\u00e9viation.\nArticle 6 :\nLa  signalisation  r\u00e9glementaire,  conforme  \u00e0  l'instruction  interminist\u00e9rielle  (Livre I  \u2013  8e\npartie) approuv\u00e9e par arr\u00eat\u00e9 interminist\u00e9riel le 6 novembre 1992 et aux manuels du chef\nde chantier, sera fournie, mise en place et maintenue par le CEI de Dijon.\nArticle 7 :\nLes infractions au pr\u00e9sent arr\u00eat\u00e9 seront constat\u00e9es par proc\u00e8s-verbaux dress\u00e9s par les\nforces de l'ordre.\nArticle 8 :\nLors de l'ach\u00e8vement des travaux et avant le r\u00e9tablissement normal de la circulation, la\nchauss\u00e9e devra \u00eatre propre et satisfaire aux conditions normales de s\u00e9curit\u00e9.\nArticle 9 :\nLe pr\u00e9sent arr\u00eat\u00e9 sera affich\u00e9 aux abords imm\u00e9diats du chantier.\nArticle 10 :\nLe pr\u00e9sent arr\u00eat\u00e9 peut faire l'objet d'un recours gracieux aupr\u00e8s  du pr\u00e9fet et/ou d'un\nrecours contentieux devant le tribunal administratif dans un d\u00e9lai de 2 mois \u00e0 compter de\nsa notification.\nLe tribunal administratif peut \u00eatre saisi par un recours d\u00e9pos\u00e9 via l'application T\u00e9l\u00e9recours\ncitoyens accessible par le site internet www.telerecours.fr \u00bb.\nDirection d\u00e9partementale des territoires de la C\u00f4te-d'Or\n57 rue de Mulhouse- BP 53317 - 21033 DIJON cedex\nt\u00e9l : 03 80 29 44 44 \u2013 Courriel : ddt@cote-dor.gouv.fr\nDirection d\u00e9partementale des territoires de la C\u00f4te-d'Or - 21-2024-07-29-00004 - AP 1249 20240729 M274 EntretienTunnelS37-41 RAA 24\n14/14\nArticle 11 :\n- Le Directeur de Cabinet du pr\u00e9fet de la C\u00f4te-d'Or,\n- Le Pr\u00e9sident de Dijon M\u00e9tropole,\n- Le Directeur Interd\u00e9partemental de la Police Nationale,\n- Le  Commandant  de  la  R\u00e9gion  de  Gendarmerie  de  Bourgogne-Franche-Comt\u00e9  et  du\nGroupement de C\u00f4te-d'Or,\nsont charg\u00e9s, chacun en ce qui le concerne, de l'ex\u00e9cution du pr\u00e9sent arr\u00eat\u00e9.\nLe pr\u00e9sent arr\u00eat\u00e9 sera publi\u00e9 au recueil des actes administratifs de la Pr\u00e9fecture de la\nC\u00f4te-d'Or.\nUne copie du pr\u00e9sent arr\u00eat\u00e9 sera adress\u00e9e pour information :\n- au Service D\u00e9partemental d'Incendie et de Secours de la C\u00f4te-d'Or,\n- \u00e0 la direction du SAMU de Dijon,\n- au Service R\u00e9gional d'Exploitation de Moulins de la DIR Centre-Est (Cellule Gestion de la\nRoute, PC et district de M\u00e2con),\n- au  service exploitation et s\u00e9curit\u00e9/cellule exploitation et gestion  du  trafic  de la DIR\nCentre-Est,\n- au CEI de Dijon M\u00e9tropole,\n- \u00e0 la direction de l'exploitation de Dijon M\u00e9tropole,\n- \u00e0 la soci\u00e9t\u00e9 APRR,\n- aux communes de Dijon, Longvic et Ruffey-les-Echirey, Saint-Apollinaire, Ahuy, Fontaine-\nLes-Dijon, Daix, Talant et Plombi\u00e8res-les-Dijon.\nFait \u00e0 Dijon, le 29 juillet 2024\nLe pr\u00e9fet,\nPour le pr\u00e9fet, par d\u00e9l\u00e9gation,\nLe directeur de cabinet,\nSIGN\u00c9\nOlivier GERSTLE\nDirection d\u00e9partementale des territoires de la C\u00f4te-d'Or\n57 rue de Mulhouse- BP 53317 - 21033 DIJON cedex\nt\u00e9l : 03 80 29 44 44 \u2013 Courriel : ddt@cote-dor.gouv.fr\nDirection d\u00e9partementale des territoires de la C\u00f4te-d'Or - 21-2024-07-29-00004 - AP 1249 20240729 M274 EntretienTunnelS37-41 RAA 25\nDirection d\u00e9partementale des territoires de la\nC\u00f4te-d'Or\nService S\u00e9curit\u00e9 et Education Routi\u00e8re\n21-2024-07-29-00003\nArr\u00eat\u00e9 pr\u00e9fectoral n\u00b0 1245 modifiant l'arr\u00eat\u00e9\nn\u00b0805 du 14 d\u00e9cembre 2017 d\u00e9finissant les\nr\u00e9seaux routiers \u00ab\u00a0120\u00a0tonnes\u00a0\u00bb, \u00ab\u00a094 tonnes\u00a0\u00bb\net \u00ab\u00a072 tonnes\u00a0\u00bb de la C\u00f4te\u00a0d'Or accessibles\naux convois exceptionnels sous r\u00e9serve du\nrespect des caract\u00e9ristiques de poids et gabarit\nmaximales et des prescriptions associ\u00e9es\nDirection d\u00e9partementale des territoires de la C\u00f4te-d'Or - 21-2024-07-29-00003 - Arr\u00eat\u00e9 pr\u00e9fectoral n\u00b0 1245 modifiant l'arr\u00eat\u00e9 n\u00b0805\ndu 14 d\u00e9cembre 2017 d\u00e9finissant les r\u00e9seaux routiers \u00ab\u00a0120\u00a0tonnes\u00a0\u00bb, \u00ab\u00a094 tonnes\u00a0\u00bb et \u00ab\u00a072 tonnes\u00a0\u00bb de la C\u00f4te\u00a0d'Or accessibles\naux convois exceptionnels sous r\u00e9serve du respect des caract\u00e9ristiques de poids et gabarit maximales et des prescriptions associ\u00e9es\n26\nE . | Direction d\u00e9partementale des territoiresPR\u00c9FET de Sa\u00f4ne-et-LoireDE LACOTE-D'ORLibert\u00e9\u00c9galit\u00e9Fraternit\u00e9\nService circulation et s\u00e9curit\u00e9 routi\u00e8resUnit\u00e9 transports exceptionnels' T\u00e9l : 03.80.21.29.41m\u00e9l : ddt-te-21@saone-et-loire.gouv.fr\nArr\u00eat\u00e9 pr\u00e9fectoral n\u00b0 1245modifiant l'arr\u00eat\u00e9 n\u00b0805 du 14 d\u00e9cembre 2017 d\u00e9finissant les r\u00e9seaux routiers\u00ab 120 tonnes \u00bb, \u00ab 94 tonnes \u00bb et \u00ab 72 tonnes \u00bb de la C\u00f4te d'Or accessibles aux convoisexceptionnels sous r\u00e9serve du respect des caracterlsthues de poids et gabarit maximaleset des prescriptions associ\u00e9es\nLe pr\u00e9fet de la r\u00e9gion Bourgogne-Franche-Comt\u00e9Pr\u00e9fet de la C\u00f4te-d'Or\n; VU le code de la route, notamment les articles L110-3, R.433-1 \u00e0 R.433-6, R.433-8, R.435-1 etR.436-1 ;VU le code de la voirie routi\u00e8re ;VU le code g\u00e9n\u00e9ral des collectivit\u00e9s territoriales ;VU le d\u00e9cret 2004-374 du 29 avril 2004 modifi\u00e9 relatif aux pouvoirs des pr\u00e9fets, \u00e0l'organisation et \u00e0 l'action des services de l'\u00c9tat dans les r\u00e9gions et d\u00e9partements etnotamment ses articles 24 et 441;VU le d\u00e9cret n\u00b02005-1499 du 5 d\u00e9cembre 2005 relatif \u00e0 la consistance du r\u00e9seau routiernational ; ' 'VU le d\u00e9cret n\u00b02009-615 du 3 juin 2009 modifi\u00e9 fixant la liste des routes \u00e0 grandecirculation et son annexe;VU le d\u00e9cret n\u00b0201716 du 6 janvier 2017 relatnc \u00e0 la circulation des transportsexceptlonnelsVU le d\u00e9cret du 26 septembre 2022 nommant M. Franck ROBINE pr\u00e9fet de la r\u00e9gionBourgogne-Franche-Comt\u00e9, pr\u00e9fet de la C\u00f4te-d'Or (hors classe) ;VU l'arr\u00e9t\u00e9 du 4 mai 2006 modifi\u00e9 relatif aux transports exceptionnels de marchandises,d'engins ou de v\u00e9hicules et ensembles de v\u00e9hicules comportant plus d''une remorque,notamment son article 9 bis ;Direction d\u00e9partementale des territoires de Sa\u00f4ne-et-Loire37UIH ..._\u00ee_ JNANT \\'30...( 1\u00bbX ON CEDEXSite internet : 'wt'\u00ab:\u00eea:,',/w\\.r-,'w.s.'_!.or'\\,z\u2014e\u2014et\u2014lo|:'e.gouv.tr\nDirection d\u00e9partementale des territoires de la C\u00f4te-d'Or - 21-2024-07-29-00003 - Arr\u00eat\u00e9 pr\u00e9fectoral n\u00b0 1245 modifiant l'arr\u00eat\u00e9 n\u00b0805\ndu 14 d\u00e9cembre 2017 d\u00e9finissant les r\u00e9seaux routiers \u00ab\u00a0120\u00a0tonnes\u00a0\u00bb, \u00ab\u00a094 tonnes\u00a0\u00bb et \u00ab\u00a072 tonnes\u00a0\u00bb de la C\u00f4te\u00a0d'Or accessibles\naux convois exceptionnels sous r\u00e9serve du respect des caract\u00e9ristiques de poids et gabarit maximales et des prescriptions associ\u00e9es\n27\nVU l'arr\u00eat\u00e9 n\u00b0 805 du 14 d\u00e9cembre 2017 d\u00e9finissant les r\u00e9seaux routiers \u00ab 120 tonnes \u00bb,\u00ab 94 tonnes \u00bb et \u00ab 72 tonnes \u00bb de la C\u00f4te d'Or accessibles aux convois exceptionnels sousr\u00e9serve du respect des caract\u00e9ristiques de poids et gabarit maximales et des prescriptionsassoci\u00e9es ; :VU le transfert des routes nationales au d\u00e9partement de la C\u00f4te-d'Or et \u00e0 la m\u00e9tropole deDijon dans le cadre de la loi n\u00b0 2022-217 du 21 f\u00e9vrier 2022 relative \u00e0 la diff\u00e9renciation, lad\u00e9centralisation, la d\u00e9concentration et portant diverses mesures de simplification del'action publique locale ;VU l'avis et les prescriptions associ\u00e9es de la ville de Beaune du 16 mai 2022 ;VU l'avis d'APRR du 19 mai 2022 ;VU l'avis et les prescriptions associ\u00e9es de RTE du 28 juin 2022;VU l'avis et les prescriptions associ\u00e9es de ENEDIS du 19 juillet 2022 ;VU l'avis et les prescriptions associ\u00e9es de la ville de Aignay-le-Duc du 14 novembre 2022 ;VU l'avis et les prescriptions associ\u00e9es de la SNCF Dijon du 13 f\u00e9vrier 2023 ;VU les avis et les prescriptions associ\u00e9es de la SNCF Paris Sud des 25 ao\u00fbt 2022 et 21 avril2023;VU l'avis et les prescriptions associ\u00e9es de KEOLIS du 16 octobre 2023 ;VU l'avis et les prescriptions associ\u00e9es de Dijon M\u00e9tropole du 28 novembre 2022 et du 11juin 2024 ;VU l'avis et les prescriptions associ\u00e9es du Conseil D\u00e9partemental de la C\u00f4te-d'Or du 23novembre 2022, du 7 avril 2023, du 6 juin 2023, et du 20juin 2024;SUR proposition du directeur d\u00e9partemental des territoires ;\nARRETE\nARTICLE 1\u00b0\":L'arr\u00eat\u00e9 n\u00b0805 du 14 d\u00e9cembre 2017 est modifi\u00e9 comme suit :\u00ab ARTICLE 1er : D\u00e9finition du r\u00e9seau \u00ab TE120\u00bbLe r\u00e9seau routier \u00ab TE120 \u00bb du d\u00e9partement de la C\u00f4te-d'Or ouvert \u00e0 la circulationdes transports exceptionnels, dont le poids total roulant n'exc\u00e9de pas 120 tonnes,est constitu\u00e9 des voies list\u00e9es en annexe 1 et report\u00e9es sur la carte en annexe 2.ARTICLE 2 : D\u00e9finition du r\u00e9seau \u00ab TE94 \u00bbLe r\u00e9seau routier \u00ab TE94 \u00bb du d\u00e9partement de la C\u00f4te-d'Or ouvert \u00e0 la circulationdes transports exceptionnels, dont le poids total roulant n'excede pas 94 tonnes,est constitu\u00e9 des voies list\u00e9es en annexe 1 et report\u00e9es sur la carte en annexe 3.directiond\u00e9partement 'll\" des territoires de Sa\u00f4ne-et-Loire37 bd Henri DUN '\\I CS 80140 MA(,,l.)T\u00e9l.: 03 85 21 28 00.. 2\no\n-~ [ \\/X\nDirection d\u00e9partementale des territoires de la C\u00f4te-d'Or - 21-2024-07-29-00003 - Arr\u00eat\u00e9 pr\u00e9fectoral n\u00b0 1245 modifiant l'arr\u00eat\u00e9 n\u00b0805\ndu 14 d\u00e9cembre 2017 d\u00e9finissant les r\u00e9seaux routiers \u00ab\u00a0120\u00a0tonnes\u00a0\u00bb, \u00ab\u00a094 tonnes\u00a0\u00bb et \u00ab\u00a072 tonnes\u00a0\u00bb de la C\u00f4te\u00a0d'Or accessibles\naux convois exceptionnels sous r\u00e9serve du respect des caract\u00e9ristiques de poids et gabarit maximales et des prescriptions associ\u00e9es\n28\nARTICLE 3: D\u00e9finition du r\u00e9seau \u00ab TE72 \u00bbLe r\u00e9seau routier \u00ab TE72 \u00bb du d\u00e9partement de la C\u00f4te-d'Or ouvert \u00e0 la circulationdes transports exceptionnels, dont le poids total roulant n'exc\u00e9de pas 72 tonnes,est constitu\u00e9 des voies list\u00e9es en annexe 1 et report\u00e9es sur la carte en annexe 4.ARTICLE 4 : Caract\u00e9ristiques maximales des v\u00e9hicules autoris\u00e9sCes r\u00e9seaux sont accessibles aux convois exceptionnels circulant sous couvertd'une autorisation pr\u00e9fectorale dite \u00ab autorisation individuelle \u00bb relative \u00e0 tout oupartie du r\u00e9seau routier \u00ab TE120 \u00bb, \u00ab TE94 \u00bb ou \u00ab TE72 \u00bb.Les convois autoris\u00e9s \u00e0 circuler sur ces trois r\u00e9seaux doivent respecter, outre leslimites de tonnage propres \u00e0 chacun de ces r\u00e9seaux, les conditions g\u00e9n\u00e9ralessuivantes:< la charge maximale \u00e0 l'essieu ne doit pas exc\u00e9der 12 tonnes ;- la distance entre deux essieux cons\u00e9cutifs doit \u00eatre sup\u00e9rieure ou \u00e9gale \u00e0 1,35 m ;< les convois doivent respecter une largeur maximale de 4 m et une longueurmaximale de 25 m pour le r\u00e9seau \u00ab TE72\u00bb ;\u00ab les convois doivent respecter une largeur maximale de 5 m et une longueurmaximale de 35 M pour les r\u00e9seaux \u00ab TE94 \u00bb et \u00ab TE120 \u00bb.Le gestionnaire peut d\u00e9finir des limites plus contraignantes sur tout ou partie deson r\u00e9seau qu'elles soient mentionn\u00e9es dans les prescriptions g\u00e9n\u00e9rales (annexe 5)ou particuli\u00e8res (annexe 6), ou \u00e0 l'occasion de travaux ponctuels.Toutefois, seule une reconnaissance de l'itin\u00e9raire pourra garantir le passage duconvoi.Les passages sur les ouvrages d'art franchissant les voies SNCF sur les itin\u00e9raires dupr\u00e9sent arr\u00eat\u00e9, ouvrages identifi\u00e9s par des triangles rose ou orange sur les cartes enannexes 2, 3 et 4 et list\u00e9s en annexe 6, sont soumis \u00e0 consultation de la SNCF \u00e0partir de 48 tonnes et 72 tonnes respectivement.ARTICLE 5 : R\u00e8gles de circulationLa circulation des convois est autoris\u00e9e en respectant les prescriptions d\u00e9finiesdans les annexes 5 et 6 et associ\u00e9es aux voiries, ouvrages et \u00e9quipements d\u00e9finiesaux annexes 1, 5 et 6.Les transporteurs doivent imp\u00e9rativement informer les gestionnairespr\u00e9alablement au passage du convoi, suivant les conditions et d\u00e9lais d\u00e9finis dansles cahiers de prescriptions et au plus tard deux jours avant le passage du convoi.La liste des gestionnaires est d\u00e9finie en annexe 7. |ARTICLE 6 : Mise \u00e0 jourCet article est supprim\u00e9.ARTICLE 7 : D\u00e9mat\u00e9rialisationLes demandes d'autorisation de transport \u2014 exceptionnel = devrontpr\u00e9f\u00e9rentiellement parvenir par voie d\u00e9mat\u00e9rialis\u00e9e, \u00e0 l'aide de l'applicationd\u00e9di\u00e9e.ARTICLE 8:Les cartes et leurs prescriptions seront transmises \u00e0 la D\u00e9l\u00e9gation \u00e0 la s\u00e9curit\u00e9routi\u00e8re pour int\u00e9gration au niveau national. \u00bbDirection d\u00e9partementale des territoires de Sa\u00f4ne-et-Loire37 bd Henri DUNANT - CS 80140 M\u00c2CON CEDEXT\u00e9l. :03 85 21 28 00Site internet : http://www.saone-et-loire.gouv.fr\nDirection d\u00e9partementale des territoires de la C\u00f4te-d'Or - 21-2024-07-29-00003 - Arr\u00eat\u00e9 pr\u00e9fectoral n\u00b0 1245 modifiant l'arr\u00eat\u00e9 n\u00b0805\ndu 14 d\u00e9cembre 2017 d\u00e9finissant les r\u00e9seaux routiers \u00ab\u00a0120\u00a0tonnes\u00a0\u00bb, \u00ab\u00a094 tonnes\u00a0\u00bb et \u00ab\u00a072 tonnes\u00a0\u00bb de la C\u00f4te\u00a0d'Or accessibles\naux convois exceptionnels sous r\u00e9serve du respect des caract\u00e9ristiques de poids et gabarit maximales et des prescriptions associ\u00e9es\n29\nARTICLE 2 :Le pr\u00e9sent arr\u00eat\u00e9 peut faire l'objet d'un recours contentieux devant le tribunaladministratif de Dijon dans un d\u00e9lai de deux mois \u00e0 compter de sa publication. Un recourspeut \u00eatre d\u00e9pos\u00e9 via l'application T\u00e9l\u00e9recours citoyens accessible par le site internetwww.telerecours.frARTICLE 3 :Le pr\u00e9fet de la C\u00f4te-d'Or et la directrice d\u00e9partementale des territoires de la C\u00f4te-d'Orsont charg\u00e9s, chacun en ce qui le concerne, de l'ex\u00e9cution du pr\u00e9sent arr\u00e9t\u00e9 qui serapubli\u00e9 au recueil des actes administratifs de la C\u00f4te-d'Or.\nFait \u00e0 Dijon, le 29 juillet 2024Le pr\u00e9fet,SIGNEFranck ROBINE\nAnnexes :Annexe 1-\u2014 Description des itin\u00e9raires ;Annexe 2 - Carte du r\u00e9seau TE120 ;Annexe 3 - Carte du r\u00e9seau TE94 ;Annexe 4 \u2014 Carte du r\u00e9seau TE72 ;Annexe 5 - Prescriptions g\u00e9n\u00e9rales ;Annexe 6 - Prescriptions particuli\u00e8res ;Annexe 7 - Liste des gestionnaires \u00e0 contacter pour d\u00e9lais de pr\u00e9venance.\nDirection d\u00e9partementale des territoires de Sa\u00f4ne-et-Loire37 bd Henri DUNANT \u2014-Site internet : http://www.saone-et-loire.gouv.fr\nDirection d\u00e9partementale des territoires de la C\u00f4te-d'Or - 21-2024-07-29-00003 - Arr\u00eat\u00e9 pr\u00e9fectoral n\u00b0 1245 modifiant l'arr\u00eat\u00e9 n\u00b0805\ndu 14 d\u00e9cembre 2017 d\u00e9finissant les r\u00e9seaux routiers \u00ab\u00a0120\u00a0tonnes\u00a0\u00bb, \u00ab\u00a094 tonnes\u00a0\u00bb et \u00ab\u00a072 tonnes\u00a0\u00bb de la C\u00f4te\u00a0d'Or accessibles\naux convois exceptionnels sous r\u00e9serve du respect des caract\u00e9ristiques de poids et gabarit maximales et des prescriptions associ\u00e9es\n30\n1obeduolig-saj-saia1quiold-JUE|ELaJieul|jodyJuIes-uofig\u201421A8uo1:uolig9PJUSWAUINOIUOI2100-e|-Aeuuesiel]B#Z6WN2jD9ABUOIJOUOfauneagapPIONNe$/0Ld2jDONJUIOd-PUOYtZL6Aauneagappnsne#ZOLQejd9A2JUIOJ-YUOYnead10o7e906B|59A2UOIZIUO(|746(L\u00a39@U\u00aejusawa8uojoid)DUISS-INS-IIE|N-QUIESBLOGAB|D9ARINOJOJIENLL6Gaulas-1ns-Aa11eyIeaqny,|opJuswaliedapnpayrwI]9z9g-1ns-neaqgall|yBLOZGB|D9A2QUIOd-PUOY2UQBS-1NS-13||IBIUOdBL96(B|D9AEINOJa1lIeD6s6de(909USJuswalduojoid)SUUOL,|apJuswalledapawm..._...\",_\u00e6_\".__Nesd1o2\u20ac$/60/90601N98uey232060Keu8ieuneEOGA\u20ac]d9A8UOIZHUO|Des-a|-AUBinese\u00a306QB|29ABUOIJOUOfsigeoeda3||1L-iNS-S|BLOGAB|29AEJN04a1ieDAeu8ieyDesige0ed2|29ABUOIZOUOf\u20ac064d295-9|-Au8ineseSIFEOGAB|D2ABUOIIDUOEO6WB|dan2UOIZIUO(|\u20ac06dDUIDS-INS-IJE|N-JUIESBL/GQB|29AEIN0OJ214RD3||1L-1NS-S|\u20ac\u20ac060|29AEIN0J211eDLo6a9z9g-Ins-neaqall|y9P353,|\u20acOZLQ2j99AeqUIOd-puoy222g-1Ns-Neaga.ljy9PIUSWBUINOIUOD)9z3g-Ins-neaqalilyoppnsne0/|denejulod-puoyLozZaJlU51g-U2-oy2DOY-2TE906B|OSABJUAWBSIO1T|1Y1-snOs-A581dB9\u20ac\u20ac|19086(B|D9AEJUBWSSI0LD)0/z4a9A2UDYeauges-ojneHe|opquowayIEdapnpaywIT9z3g-Ins-neaqalily9P351,|LOZAB|22AeJulod-puoy0zda973g-Ins-neaqalilappnsneLO/G|29AeqQuIOd-puoyUOUJ33N07eLEV,|9po3ead19OOZA2jdoA2INOSUEUII0ZaKi\\leregLGedoneUOIIDUO(|}NESIN3B#/6QE|D9ABUOIZIUO(EZAJIn9313}NB2110739auQeswv\u0152ch....mflfiW\u0152flmu:M...HflAllteL\u20ac\u00a32qe|93neuonsuof8LaDUIDS-INS-UO||IIEUDSPPIONNES9EQB|D9A2QUEWBESIO1TSUISS-INS-UOI|IJEUDELZ6QEJ59AEJUSWSSIoLDJ8LLdDUISS-INS-UO||I1EUDB0860B|D9AEBJUSWSSIOID3UIaS-INs-Uo||i3eYyDE\u00a796(|DOA2JUBWISIOIDveLLaauneagpPJONNey/6B|D3ABQUIOd-PUOYauneagapapesoyauneagappnsne/60B|D9AEJUIOd-QUOYbZOLGSIOXNY-U3-A|JINOdEL8GAE|19SIEZZGA\u20ac|'9V,|29AeINGBUEUIFUOofiG-sa|-so121GUO|dBSOGNB|DOA2UONOUOf]8LV93N0JOJ9WUINN\n0clILsjouuondeox3suodsue1|xneasgy\nTaxauuy\nDirection d\u00e9partementale des territoires de la C\u00f4te-d'Or - 21-2024-07-29-00003 - Arr\u00eat\u00e9 pr\u00e9fectoral n\u00b0 1245 modifiant l'arr\u00eat\u00e9 n\u00b0805\ndu 14 d\u00e9cembre 2017 d\u00e9finissant les r\u00e9seaux routiers \u00ab\u00a0120\u00a0tonnes\u00a0\u00bb, \u00ab\u00a094 tonnes\u00a0\u00bb et \u00ab\u00a072 tonnes\u00a0\u00bb de la C\u00f4te\u00a0d'Or accessibles\naux convois exceptionnels sous r\u00e9serve du respect des caract\u00e9ristiques de poids et gabarit maximales et des prescriptions associ\u00e9es\n31\nzobed\n3|JIKa1pnogedulely33neHopjuowayedapnpaywr\u00c6KguisseiweDBLLAEj29AEUOIZOUO(S9GAaJiesauniuigailesaunl|1e29GaJlesaunylanqaq33N01cJ3WNNonQg-9|-Aeulye906\u20ac|D9A2qUAWBSIO1Tsloxny-ua-A||InodEsig//6d|328EY,|'9V,|29AeinaSueyd]Le6daJieJauniUIjallesaunll[IE39Galiesauniangaqg23N01OJ9WNNoxouu\nsjouuondeox3suodsue1|xneasayL\u00a5\nDirection d\u00e9partementale des territoires de la C\u00f4te-d'Or - 21-2024-07-29-00003 - Arr\u00eat\u00e9 pr\u00e9fectoral n\u00b0 1245 modifiant l'arr\u00eat\u00e9 n\u00b0805\ndu 14 d\u00e9cembre 2017 d\u00e9finissant les r\u00e9seaux routiers \u00ab\u00a0120\u00a0tonnes\u00a0\u00bb, \u00ab\u00a094 tonnes\u00a0\u00bb et \u00ab\u00a072 tonnes\u00a0\u00bb de la C\u00f4te\u00a0d'Or accessibles\naux convois exceptionnels sous r\u00e9serve du respect des caract\u00e9ristiques de poids et gabarit maximales et des prescriptions associ\u00e9es\n32\nEJxPR\u00c9FETDE SA\u00d4NE-ET-LOIRE\u00c9galit\u00e9Fraternit\u00e9\n\u00c0\nAube (10)\nYonne (89)\nNi\u00e8vre (58)\nAnnexe 2Carte du r\u00e9seau TE120D\u00e9partement de C\u00f4te-d'Or\nSa\u00f4ne-et-Loire (71)\n0 f\nD104~ \u2014,\u00cbs VN\nHaute-Marne (52)\nHaute-Sa\u00f4ne (70)oL\\SAVIGNY LEl ;s #A\nJura (39)\nR\u00e9seau TE 120Ouvrages limit\u00e9s en hauteurConsultation obligatoire SNCF > 48TConsultation obligatoire SNCF > 72TAutoroutesPas.sagf\u00ef \u00ee:\"'ea\" 0 source : DDT 71 IGN Parisps o r\u00e9alis\u00e9e par MCTP - GEOCours d'eau le : 23/01/2024\nDirection d\u00e9partementale des territoires de la C\u00f4te-d'Or - 21-2024-07-29-00003 - Arr\u00eat\u00e9 pr\u00e9fectoral n\u00b0 1245 modifiant l'arr\u00eat\u00e9 n\u00b0805\ndu 14 d\u00e9cembre 2017 d\u00e9finissant les r\u00e9seaux routiers \u00ab\u00a0120\u00a0tonnes\u00a0\u00bb, \u00ab\u00a094 tonnes\u00a0\u00bb et \u00ab\u00a072 tonnes\u00a0\u00bb de la C\u00f4te\u00a0d'Or accessibles\naux convois exceptionnels sous r\u00e9serve du respect des caract\u00e9ristiques de poids et gabarit maximales et des prescriptions associ\u00e9es\n33\nn Annexe 3PR\u00c9FET Carte du r\u00e9seau TE94BN RONERTAGIRE D\u00e9partement de C\u00f4te-d'Or\u00c9galit\u00e9Fraternit\u00e9\nN\u00c2\nAube (10)\nHaute-Marne (52)\nYonne (89) \u00bb1 / XMONTBARI\nHaute-Sadne (70)\nNi\u00e8vre (58)\nJura (39)\nSa\u00f4ne-et-Loire (71) R\u00e9seau TE 94Ouvrages limit\u00e9s en hauteurConsultation obligatoire SNCF > 48TConsultation obligatoire SNCF > 72TAutoroutesPassages \u00e0 niveau (PN) source : DDT 71 IGN ParisVoies ferr\u00e9es r\u00e9alis\u00e9e par MCTP-GEO\u2014\u2014 Cours d'eau le : 23/01/2024\nDirection d\u00e9partementale des territoires de la C\u00f4te-d'Or - 21-2024-07-29-00003 - Arr\u00eat\u00e9 pr\u00e9fectoral n\u00b0 1245 modifiant l'arr\u00eat\u00e9 n\u00b0805\ndu 14 d\u00e9cembre 2017 d\u00e9finissant les r\u00e9seaux routiers \u00ab\u00a0120\u00a0tonnes\u00a0\u00bb, \u00ab\u00a094 tonnes\u00a0\u00bb et \u00ab\u00a072 tonnes\u00a0\u00bb de la C\u00f4te\u00a0d'Or accessibles\naux convois exceptionnels sous r\u00e9serve du respect des caract\u00e9ristiques de poids et gabarit maximales et des prescriptions associ\u00e9es\n34\nAnnexe 4. -\u00e4srsr Carte du r\u00e9seau TE72DE SRS E FLOIRE D\u00e9partement de C\u00f4te-d'Or\nN\nAube (10)\nHaute-Marne (52)\nYonne (89)\nHaute-Sa\u00f4ne (70)\nr'v%, POUILLY ENN2 AUXOIS /\nNi\u00e8vre (58)\nJura (39)\nSa\u00f4ne-et-Loire (71) R\u00e9 TE 72seauOuvrages limit\u00e9s en hauteurConsultation obligatoire SNCF > 48TAutoroutesPassages \u00e0 niveau (PN); ; source : DDT 71 IGN ParisVoies ferr\u00e9es r\u00e9alis\u00e9e par MCTP-GEO\u2014\u2014 Cours d'eau le : 23/01/2024\nDirection d\u00e9partementale des territoires de la C\u00f4te-d'Or - 21-2024-07-29-00003 - Arr\u00eat\u00e9 pr\u00e9fectoral n\u00b0 1245 modifiant l'arr\u00eat\u00e9 n\u00b0805\ndu 14 d\u00e9cembre 2017 d\u00e9finissant les r\u00e9seaux routiers \u00ab\u00a0120\u00a0tonnes\u00a0\u00bb, \u00ab\u00a094 tonnes\u00a0\u00bb et \u00ab\u00a072 tonnes\u00a0\u00bb de la C\u00f4te\u00a0d'Or accessibles\naux convois exceptionnels sous r\u00e9serve du respect des caract\u00e9ristiques de poids et gabarit maximales et des prescriptions associ\u00e9es\n35\n%\n]\ne\n|\ni\n= ]\nSIPSIGASUERGOUPISIC\nsoyduisssnoyJIOponbijIdadsuoiJesisoIneaun'a3139Y91N0423390PSIOY3Pu3\"WOE'E19W0g'L243UdSSIIdUIOO2139JIOPSNOSSIP-1DDISIIBWPYDSIJESISASUEILSOUEISIPB\u20acJONSunJasoddoesinodajodo139Nuolig'(\"'aZ18y5apvoneywI|sunqueUjRIQUS33eIANOINSBIPIOSPP'JOIJUEUXUN,pJUSUWID|NOIIP)UOIIN|OADUOS39NE3SI1NP3239,|UOJSSapoZessed9|quenesasANOSINO(USYZ/WNWIUIWNESSUISIUOS(UOIJUSAIDIU|,P39U211913U],Po1JU9I)13DSO]NO9jJUAWDAIZEISdWIjoWJEdespuaiagidinapodsuesy37\"IOAUOONPsonbI3SI19398185SO]JUBAINSUOIJEINIOE]BSOSSIUUNOSJUOJDSSUOIJEISAIdS3I|359aJodo119{uoligapsuoneysaidsop1nayigap97'esiwpe31393NadouJUBWISINOqUIRI3Payjepouasjneaunony'DIJqNd10S9133]Jeduondadiadap21313UN,pUOISSIWDJed'SUOIJUSAISQUISOSBS9AIZE|91SasuadapsapJuswWasInoquial3|siNnoyUUOdsUe1]xneJuswanbilewisAsLISpueWApa10d0139|Nuolig'ap0od0o119NUOfiGpsuiosse|18danb29SI|e9191191nadau(-\"sjuawadinba,pa110SiAO1doSejuowap'xneauuedapasodap)OIjqndsuiewop3|1INsaliessaduanbisAyduonuaalaiul33N03snid9G'lOAUOSUN,pa8essedNPS10|JIUSAIDIUIB9UBWE139SANEIUIUOSEELINOd3j0d0139NuoligBjodonsuuofigpuonusAsIU]\"SD9SJDAB1]JUOS'33N01B|Papo9NPsuasne'suoespuO|SSesa|JUOPSBUNWWODsapp10208,|ap191Nsse,sJuewa|eSsj10pJnayiodsuely37\"Juege3apsJulesJuOI33N033PSIABSIAJUDUIUIEIOUSSJUNIdUISSDIIBIDUIY]SOPSOUESSIEUUOIE1EJ9Pa1gesuodsesquewAI2IQUEainawapJnaliodsuel)a7:SOJIBJQUIFISOPHIUESSIEUUOIOYaJodo119W\nsalOAsapaxe,|suep30y/WX9:sedne19p1no|spioda13nesuessyuodsa|SN0apquowessiyoue141410p2309\u00ae]23s'1ep'3ped'ps3p:1nsquenesinof/10Auodnpa8essednpnuaaa1d2139eapuewepLZQI3|:INSYUOdSUE.I9|Jeds0UPEUDAIISUOfiqapajj!A\u20ac|3221107-39-2UQESapaywI]B]s1U3JNVSLINNV1ALIQUALNI359SjoUVOIdEIXESIOAUODSPUOIZE[NDIIDETLcdd\nLOOOLZTOILCODd\nSI1VY13N39SNOILdIHOSIAd\nJ4/VNNOILS39STATVHIANTOSNOILLdIHISHAd-10,P-01099pJusawapedaqsjouuondaox3suodsue1|xneasey\nGaxauuy\nDirection d\u00e9partementale des territoires de la C\u00f4te-d'Or - 21-2024-07-29-00003 - Arr\u00eat\u00e9 pr\u00e9fectoral n\u00b0 1245 modifiant l'arr\u00eat\u00e9 n\u00b0805\ndu 14 d\u00e9cembre 2017 d\u00e9finissant les r\u00e9seaux routiers \u00ab\u00a0120\u00a0tonnes\u00a0\u00bb, \u00ab\u00a094 tonnes\u00a0\u00bb et \u00ab\u00a072 tonnes\u00a0\u00bb de la C\u00f4te\u00a0d'Or accessibles\naux convois exceptionnels sous r\u00e9serve du respect des caract\u00e9ristiques de poids et gabarit maximales et des prescriptions associ\u00e9es\n36\n\u20aclCZLSE\u00a36S8\u20ac0|91//144P13-speua@o3e30]1d-10p33100:[IEW:sipeu3:3neYapw\u00a7<I0AU09!(4na1ney121N9812|'INnaNSuO|'spiod)sonbiIsis9308185sOS1910AUODNp911039183B-:apueulape|op232pe|-!apueuwiapap0JWNU3|JIOAES\u20ac(W)LAQSOp99U219191E]-:BUIIUIUI@193110dwodj10Papuewape\"UOIZEJNIIE]BSOSIUINOSQUOS{DNS2U9BE,pSUOIJE]S31ds37'InAYIOdsUE1]np9Bessed3jJULAESPIANOSINOfLZWNWIUILWNESOSIUUNOS9119JUDAIOPNE9SSYJDNSSPsaidneuone1sa1dapsopuewapseino|'alJIQUap!23139nde,uUOIINIIISGNSapSINOIIEdunone,nb13JuAWIASSIYDUEJLPSUOILIPUOIanenbsapaunsed9299ds21U10AU0Duosanbaunsse2139,SSa1deJuawanbiunNeasayJONS2P[B20]35EJUOO3]SJIOI|OSINSJIOdsUE1]3]'SOUVOIOZLNO#6'ZZSOYEDSBPoun1Nsa1yIJUOp!359Nd9|IS\"S31IBIAO143419S3JZ[INO1SUOIJE|jEISUISOP2211B93U1,)BSJUISMEJaLUOdIU'a1311nolUOIJE|NIJIDE|SPNOIOAUODNPUOIJESI|IQOWWI,|JOUIEJJUSSUES9911434JIOAEJJIYOUEILassind|1,nb1NOdSJUBESILINS159NEDAIUea8essednpFIO1PneJOIJUNIdWS2UOIJE[NIJIDSPSIOAE|SP91G1|IN3B1E|ejanbJainsse,sIOPINOJIOdsUE1]9]'83N0JEJ3PSPODNPSajeIJHUISSOUWI|S|SPZOXOIOAUOONP1N0B1E]ejaNnbs107rjusWsssiqsUel]spsjeWTxeurINSSIET\u20ac'Jaljnoiyjeduawexaun,p19[gqo,|31184JUAAIOPneaAluesa8essedsa|Sno3'SUOIPUODs9IesedpuodauauIOAUO03]onbs107'1noysOdsue.)318d101jnOILIEduswexa4ONSpOO0JINSLCODdun,p19[qo,|31184JUSAIOPJUSWOSSIYOUE1LSPSII/NIILLIPSOPJUEQUOSSS1dswwodspjeudisNEDAIUesadessedsa|S|NaS'sUOIIPUOIS9IEpuOda1I0AUOD3]onbs107'W9sp|e30)juowaddojsaapun1nsWSL'O9PUOIE[|SAIUDPaunquesies'sonbujauAssuedxnap1e8dangiasuosaue,psopun-!%9opadwe1aun19ajuadaunque1ja1UOARIapW05apaijjiesu9NOxna1DUSIPUOLIEUN-:JYDUE14ap23/|IGISSOde|JIOAESe\"INDLISLUI|1JOJdapsajewiuiwSUOI11PUO2s3]910adsal'ISSIEGINSIIJNIIYSAUN,P318e,s|1,SJUAUIWEJOU\"JOAUOO3|'JosneapJede|au195UO0INb22UA,nbJainsse,sJIOPINSIIOdSUE1]977T0s\u00f1eopie3sspsuonipuo5\u00ab'saJeDO|satal|nonJed\nSUONIPUODs9]suepS39SID91d(91N9Y19JINU/1NOf)SUOILIPUODSOUIEZIOOINS3DUOIJEINIOELBSOSIWUNOSJUOSNEDSPYJONSJedsopINSSE9111N29SJPSOINSOU$37'\u20ac9enbiz1odapseda3sixa,u||puenbWgye-!\u20ac9sonbiz1odapadinba159neaniuea8essed311sZLgxneauuedsa|INsaanbipulajjo0e-:21na112dNns15310AUODNPJNdiney|puenbnesaiueoZessednp1UBWIBSSIYDURLYSPSUOIIPUOD3|JUESIDId3118/A04134JUBYIO|dXD,|SP31159P1000E8,|\u20ac|1,sonbneaaluea8essedunsiyouely1nadauJnariodsuelyoTIUSWISSSIYOUEI}spsjeurxeurinomneH\u20ac000L/009\u20acx(\u00a3/(2139wud10AUODNP1NONBUOT+813USneaalueadessednpa9siaAes)apinanZuo])):8JUBAINSUOSE;EJSPS9/NI|EDSSSIIIASUIRLIDDSUNBJIYOUE143]LIOPIOAUOO3]anba1yIUSISEj9T'sopuoDes/9peulixeusieJppsa|suepneaAluesadessedsa|11yDUE14SP94373W10dIN]QUAAIOP('UOIZE|NI11D3PSSSOIIA'INGNSUO|)I0AUODNPSanbilsiigloeledSOrquowsssiqouel]spsjewixewssind\u20ac\"S?1dE-15SUOIJIPUOI#$3]1491504531JIOPIOAUOO3:NEeaAIU\u20acsoBessedsopjuowessigoue143]INOSI1VY3N39SNOILdIHOSIUd-10.p-23099pjuewayedaqGaxauuy\ns|jauuondaoxgspodsuel]Xneasay\nDirection d\u00e9partementale des territoires de la C\u00f4te-d'Or - 21-2024-07-29-00003 - Arr\u00eat\u00e9 pr\u00e9fectoral n\u00b0 1245 modifiant l'arr\u00eat\u00e9 n\u00b0805\ndu 14 d\u00e9cembre 2017 d\u00e9finissant les r\u00e9seaux routiers \u00ab\u00a0120\u00a0tonnes\u00a0\u00bb, \u00ab\u00a094 tonnes\u00a0\u00bb et \u00ab\u00a072 tonnes\u00a0\u00bb de la C\u00f4te\u00a0d'Or accessibles\naux convois exceptionnels sous r\u00e9serve du respect des caract\u00e9ristiques de poids et gabarit maximales et des prescriptions associ\u00e9es\n37\n\u20ac/\u20ac\n'lOAUODnpa8esseda|inodneasg1\nIN3|INSS1/ESSSHIEU1S9UOIJUSAISQUISUNISJUOJSUIWISIEPINb'aZUP1O,psanbiuyo3lS3IdIAISSSOPUONEI[NSUOOSPN3I|U3}SUSI|USXNBABI)apapuewap3792\"JDEJUOI9Pssauuop1009SOAJaudiasualapapueuwapadelpswagARNVHO7'ossa1peu993n013PLUUNsanbipul,ps|qissod353|1'sa1103ES1jq0JUOSBUNWWIOD|19|B3sOdapoo3|jnas\"XNEARI)aposseipeoun19UB1esuasespne;SNOA||LOOONVHYOLCODd\"(UOIJUDAJSIUI,pNO)XNEA813SPULJIPS971EYNOS332p.|zanbipul13,|auuondasxaIOAUOI,JUEUVOIQUEUI$3||29SINd,9SI1d912U3,,OSEDB|ZoUUOINII|9Sapuewap/iya8ueioxneaesy-satadalf/:sdiiyJOUJSQUI91IS3JINSUOIQUSAJSQUI,PSPUBWSPSUN21184'l1oAuodnpa8essed3]|NVAYSYNOfOEwWnwiulwne:J39NVYO1N91219d0,|apouZisuo7\u20ac:2neYapu\u00a7<IoAUO7SS'SS'ZZ'S8'\u00a3O:J91//WO5's0UE14-011@S1912-oUBOZ1INOG-1W3-152-231:|IEIN\"SISSINDIOLZLZ-9d9SS0YSUUESfJUOd31y90003.141209dou8o81n0gYWO/AoueNapsoueuaquieup213U3Ld\n:BI0AUODNPSONDIASIIPIIE1EDSa]19S1/EJPUII,|91179WSUE13:10Auodnpa8essedajJueaesinolOL(931911399],pHOdsue13apneas1)JLYJIUDADIY\u20ac:3n8Y3PW\u00a7<IOAUOD-10,p-9109opwawauedagSIIVHANAOSNOILdIHISAd-10.p-219'\u00a2axouuysjouuondeox3suodsuel]xneasay\nDirection d\u00e9partementale des territoires de la C\u00f4te-d'Or - 21-2024-07-29-00003 - Arr\u00eat\u00e9 pr\u00e9fectoral n\u00b0 1245 modifiant l'arr\u00eat\u00e9 n\u00b0805\ndu 14 d\u00e9cembre 2017 d\u00e9finissant les r\u00e9seaux routiers \u00ab\u00a0120\u00a0tonnes\u00a0\u00bb, \u00ab\u00a094 tonnes\u00a0\u00bb et \u00ab\u00a072 tonnes\u00a0\u00bb de la C\u00f4te\u00a0d'Or accessibles\naux convois exceptionnels sous r\u00e9serve du respect des caract\u00e9ristiques de poids et gabarit maximales et des prescriptions associ\u00e9es\n38\n'BUO|apWQgesinauadnssioAuods3]Jnodajld1LLIpoBenbeug--uonesswo3de,|-2-Aeusly,pINDEIPIROISE]0Z0ON9IVLZOddsuepa3essed3]jueneOOHb7'PZ'86'LZ'08'90NEYAINYVONVHOHaq|1D2uIOfpe191UOs9pNO6H'ZS'LL'S8'90NedU9P2141INIAYNOE|OPSISABIL-3TAVNOIV\"N3118N3]\"ND9ABINEJSPB'PL'Z8'E6O6\u00b0EOSLIEUEJ2aAeSJLIOIIdUS35EJUOOaipuaidJuswaniesadwieiAspJnajiodsuesy97--1064\"UIJEUInpsainayp39YLS1JUSJUAWDANEJSdUIIsadessedsapjuauIeIquEUONEZIO|dXa,psoquIesJUOOs3]'OyE|opuoNneuSisuos9PsesU3'WVYLNP23SIJOAOSZB15EJUO05pouVALISEOUSI||PUOINNEUSISUOISUNJUIIISSSIQUINDINEYSPOpwsSPSAIdapsIOAUOSs97\"191|IgOWNP193U0W9P9PNODYB|JSUSISUOI9P91ISS3IOUB[19Sa|GISSOdsaJIE1OYSa|'NaISsa,|e2818539INONBuO|'INJINEUe|UOJosJUASWASSIYDUE14SPSUOIIPUOS3|351994ddYQET'INSYLOdSUE1]nesIAapUNesassalpeInbDyE|opqueTIo|dxa,|'a3lOINIKusjendoneUal|3]8134SIIOS)\"sa1|OSSSIDE$3SSPNO(D7)J5EJUO5apauvalISEOUSI|EjPUOIJEUSISUOISUNSyISSSIEU10AUODNpo8essed9|ISapauo3e118ZO.:D6L001034LZ0dd;;SITO3H\n\"95S2JPESUIQUI93195E919|dWOod19U1N0191IN9|B39WOD'SIIOSY@JEP'ElAIPEJIeWJeday/pepowrjnuolig-7L6WSIJ0SHapsa1dne1019dn591EjuUAWINIOG'aSessedapanaa1da3epe|juenesouiewes\u20acBWIUIWB39N3984J03139JIOPapuewapeT'JOAUODopa8essed3n031nod9y/jepowI3jnNUO(IQSION&O9SS9JPE9139JIOPSUIEJEUII,|D9AE()\u00b0BessegapuonjesuoIny,papuewagounAYMNVYL19VSSVd(31q1e419JUa]51JE13E3944SUSI|INSNd)AuUSisseyopaunuwoo:596QY-(91G!e;39JUI]51JE1]B3914SUSI|INSNd)SOUSIETpounuuoo:596QY-JONS8LO04INSLZOdd!(ZLOZ1911A948Z3|91HIPOW)9007IEU\u00ffNPp3QUE,|JedssyuaWAI|SI1QUOS\u2014asionbini-na|qSJUIOd\u2014(Nd)neaAiuesoSessedsa](OZA)UeAION-US-11SIdWOG(086Q)sioxny-ua-Aejjuon(906Q)sieu1a17\n:(soyUEDs3]INS\u00abejualew3SO1\u00bb3j3ueny)SJUBEAINS(N4Y9|JUEQUO|dINSSJUOd)sa3n01syuodsa|1NOd14Jous\u00aesiedpns-eo-192:sSUUO]83Pejap-neSIXVdJONSIOIYIOLVOIEONOILVLINSNOI-(NEZLK754LS4S3u0dJONSZLOO4INSLZOdd(rZ6Q)xneswso(rZea)\u00c6Suojas(\u00a3ZA)ynessnau\n:(S9yUEDs|INS\u00abUOWNES9SO1\u00bb9|BUEL13)SJUBAINS(JeUOIJEU94194NEDSI19]QUEQUIO|dINSsJUOd)Sa]N01syuodsa|inod(9Z00Zb\u00a78\u20ac0)1JJOUS'Nessa1@;0US\"1d'[p:ssuuo1ZZapejep-neNOfIG4ONS303YIOLVOINEONOILVLINSNOD--1O,p-0109E|opjuawayedaSIYIMNILLHVdSNOILAIHOSAUAd-1O.P-0390|opJuswapedsq9sxeuuysjouuondoox3suodsue1|xneasay\nDirection d\u00e9partementale des territoires de la C\u00f4te-d'Or - 21-2024-07-29-00003 - Arr\u00eat\u00e9 pr\u00e9fectoral n\u00b0 1245 modifiant l'arr\u00eat\u00e9 n\u00b0805\ndu 14 d\u00e9cembre 2017 d\u00e9finissant les r\u00e9seaux routiers \u00ab\u00a0120\u00a0tonnes\u00a0\u00bb, \u00ab\u00a094 tonnes\u00a0\u00bb et \u00ab\u00a072 tonnes\u00a0\u00bb de la C\u00f4te\u00a0d'Or accessibles\naux convois exceptionnels sous r\u00e9serve du respect des caract\u00e9ristiques de poids et gabarit maximales et des prescriptions associ\u00e9es\n39\nsod1099\n'(NOfIA9PPION22J3Ud,|SPW)9UOJIAUSEUOIJEJSUIO|SSE91392JUEUINOQUOIUCIIBIADP|SPS9SJ9A81]STIAEZOODYONLZOdde|apPNS)ITTIA-VT-SIOYON2S9N71$S1IB,|INSJDUUOIJEISUlosaqISJUOLINOd#Z6OY\u20ac|1EdSIYONVT9P2oueuanoidUSsinayiodsuel)sa7-t/6CV1SIDYON1JANOS'1noU2UloLHWIEPUSSO1LZ1SP9198//9\u00b00/\u00b008\u00b0\u20ac0NLOSIYVd1N:2583U09nead1o9:NOfIA9PYSQ3,|d\u00b0ONC\"JUEAEWNWIUIWNES91NOYpZJOULIIJUOD93INSUS3310AUOD1|npoSessed|apJna8ueyd]NVIddOOZZOOdHOILZOdd3]Juenesinofs|sulowne3oe3u0dJalwaldUNaipuaidJuawaliozedijqoFIOPJnariodsuesy3]\"JUAWASSIYDUELLNEApIe,pUOISSIWEJINOd|-#Z6O\u2014906434PU31dJIOPIOAUO33]19/3N01JUOd3]JuBAYF\u00f1EY9POGUIF<SIOAUODSE]INOd3110738SUQES<-oUUOXSUSS:NVIdYOI10YNIONYHI3Jyouneaq-ou1ew\u00ae\u0152uoneuewa|Sa1e|lewJedaZessedanbey>quereOOH8pouneagapajjiAejapuoizequawa|Saya51A18SNeInblunwwod3139BIAIPSIACUN\"'\u00a72\u00b060\u00b0SZ\u00b008\u00b0\u20ac0neuoneipwo|38e,|aps9S19A813EJINOdINNVIgop\u00b001/0d9pa11essiwWOI3|INAISUO|daAeafessedanbeysqueneHgJ5EJUOIJuswalloiedijqoeipuaidinajiodsuesy97-IpowsesneIpaJPUSANPjinue;suep}pJaju|O0H9BOOHEZ\u00a9PuInl0gNe24G0350sLNQ!SJUBAINSSOJIBJOYXNeaua.d3|suepSIO/Eesanyoa))s,sadesseda7-ajeuorzeNad1jod934053auneag\"SZ'60'SZ'O8'\u00a3O|PL-INNV3IG9P321|0d9P91/ESSLUWIOT3|'jI3ALJUBAEUL31103\u20ac81|qO3583U07-\"FeriaSIpawes33SIPaJPUaAsejUP1SQU|OOH6LEOEH9L-SLHbL\u20acOEHEL-OEHZLBOEHLL-SLH6\u20acSLHZ:apaypsaquI153auneagapaj[IAejapaasJ9A81221-SINNODILVDSWIE792WIZ'a3Ze1Ano,|apnaljiwne3|qissodIS39a3INP21ISSIIA\u20ac'S|N3SSIOAUOD:S9BE1ANOSDPJUAWBSSIYDUE4\"Juswajewsou311849sInadquiod-puo:3|suepuonelide|onbJUSWVIEIOUJSINSSE,S39'2IBIJUIY,|SPSDUBSSIBUUODDLSUNNIJIOARQUAWAIGELESIdeiAapalieuuoininado-10,p-3109E]|opjuowaUEedagSIYAINOLLHVdSNOILdIHOSAUd\u00abP-8100E]op59axeuuysjouuondeox3syuodsue1|xneasay\nDirection d\u00e9partementale des territoires de la C\u00f4te-d'Or - 21-2024-07-29-00003 - Arr\u00eat\u00e9 pr\u00e9fectoral n\u00b0 1245 modifiant l'arr\u00eat\u00e9 n\u00b0805\ndu 14 d\u00e9cembre 2017 d\u00e9finissant les r\u00e9seaux routiers \u00ab\u00a0120\u00a0tonnes\u00a0\u00bb, \u00ab\u00a094 tonnes\u00a0\u00bb et \u00ab\u00a072 tonnes\u00a0\u00bb de la C\u00f4te\u00a0d'Or accessibles\naux convois exceptionnels sous r\u00e9serve du respect des caract\u00e9ristiques de poids et gabarit maximales et des prescriptions associ\u00e9es\n40\nYdddvYCCLN\nSLOO3WIALZOdd\nO0ZWa|0od0113WN\nuofig\nFLOOIWNIALZOdd\nssaloA\nuofig\nvH90+0L0\u00a5dAFHIHDIS37AF4dNY-82AD-NSOLId6SEO+Z00\u00a5dOIADNOT-VAISd-SINO-9660Y-OEZId6000+200\u00a5dDIADNOT-dOISd-1S3-HINO.1-30\u20acHd0980+L00\u00a5dDINONOT-d8-NITNOWNA43189-8LHd:98e1AN0O,|apoxe,|suep39sedne's|NassyueAInsYOsapo8essed:ssuuo3p6apsnidapSIOAUOD\u2014apesoy)VLWaJodo119WNL9Z9EZ08\n\u20ac0Ne135npa3u1a1352,|apajgesuodsa:13|'a8essed31JueaeYZLwnwiuiw19/9ddeeiAapJnayneyd9|'9j0d0119Nuolig18dspuSedwodoe9119JUOJAApNaissaJeda8ieydapsa31Wi|apsa|821xnejue2So1apa11089185awaZapXNID392110891385SWIE3PSIOAUOD$37JJ'UOfip-ajod0133W\u00ae139:IOAUOSanbeysapa8essed3|JueaesasANOsinofusYZZwnwiuiwneNOfIA3P13D9]uswaanesadwijpwJEdespuainaidINAJIOdSUE1]o)SoJLISUISsuoinduosaidsa|suepanbipuiauWOoIOOU9&OOUtSPNOOOUEZ@OOULZSP:31108182dWRIESPILOOU9\u20acOOULZ9P:a110B9185SWRIZSPIL:UOIJE|N31159PalleloHqueje|apJouun|3]33XIEG9payDANOSS9YDUE1]EJINOdWQS'pES9J1WI|INGINEHW/'y\u20acS9YUI|INSINEH\u2014apesoy)VLTaJodo113WNLLOOINIALZOdd\nsjouuondeox3suodsue1,xneasay\n9axauuy\nDirection d\u00e9partementale des territoires de la C\u00f4te-d'Or - 21-2024-07-29-00003 - Arr\u00eat\u00e9 pr\u00e9fectoral n\u00b0 1245 modifiant l'arr\u00eat\u00e9 n\u00b0805\ndu 14 d\u00e9cembre 2017 d\u00e9finissant les r\u00e9seaux routiers \u00ab\u00a0120\u00a0tonnes\u00a0\u00bb, \u00ab\u00a094 tonnes\u00a0\u00bb et \u00ab\u00a072 tonnes\u00a0\u00bb de la C\u00f4te\u00a0d'Or accessibles\naux convois exceptionnels sous r\u00e9serve du respect des caract\u00e9ristiques de poids et gabarit maximales et des prescriptions associ\u00e9es\n41\naulas\nInayneyapw5z'9&oyquog|SHEW-906012dd9000Lca1z0dd-Uo-oYI0YLCOOSOOOLZAILZOddIney9ps8W\u20ac9HWI]JUOd\u2014\u20ac06d\u00e6dyroo0LeaoLe0ddanbeyoapa8esseda|quenesauANOSINno[u9YZZWNWIUIWNe[ejuswaliedap[19suod9]Juswannesadwieipuaindidinajiodsuesy9700Y9\u20acOOULZ9P:9110891385SWRIZSP1LrUOIe|n31153PSSITEIOHUOfIG-A{jINOgsuasw59'yBS9Y1WI|INSINEHCLAL-\u00a5631\u20140CL3LXneasay-JO,Pp-01009\u20ac|opHC\u0152E\u0152\u00cb\u0152QQDsjouuondaox3suodsue1|xneasoy\nDirection d\u00e9partementale des territoires de la C\u00f4te-d'Or - 21-2024-07-29-00003 - Arr\u00eat\u00e9 pr\u00e9fectoral n\u00b0 1245 modifiant l'arr\u00eat\u00e9 n\u00b0805\ndu 14 d\u00e9cembre 2017 d\u00e9finissant les r\u00e9seaux routiers \u00ab\u00a0120\u00a0tonnes\u00a0\u00bb, \u00ab\u00a094 tonnes\u00a0\u00bb et \u00ab\u00a072 tonnes\u00a0\u00bb de la C\u00f4te\u00a0d'Or accessibles\naux convois exceptionnels sous r\u00e9serve du respect des caract\u00e9ristiques de poids et gabarit maximales et des prescriptions associ\u00e9es\n42\nAnnexe 7 Liste des gestionnaires a contacterpour d\u00e9lais de pr\u00e9venanceD\u00e9partement de la C\u00f4te-d'OrEn l'absence d'exigences temporelles sp\u00e9cifiques pr\u00e9cis\u00e9es dans les prescriptionsg\u00e9n\u00e9rales ou particuli\u00e8res, le p\u00e9titionnaire signale son passage aupr\u00e9s du gestionnaire,deux jours ouvrables avant son passage.> Conseil D\u00e9partemental 21 : dgsd.paddt.dstt.scat@cotedor.fr> Dijon M\u00e9tropole : pccirculation@metropole-dijon.fr- Pour la M274, contacter le CEI de Dijon : cei@metropole-dijon.fr> APRR : convoips@aprr.frpour tout franchissement d'un passage sup\u00e9rieur au-dessus d'une autoroute-> ville de Beaune : reglementation@mairie-beaune.fr ( 48H00 avant chaque passage)etPolice nationale de BEAUNE au 03.80.25.09.25 (en cas de travers\u00e9e de l'agglom\u00e9rationsous escorte)> Ville de Nuits-Saint-Georges :Gendarmerie de Nuits-Saint-Georges - tel. 03.80.62.44.51(pour \u00e9viter le croisement de deux convois dans la travers\u00e9e de l'agglom\u00e9ration)> Ville de Aignay-Le-Duc :24h avant le passage du convoi, contacter la mairie \u2014 T\u00e9l. 03.80.93.82.14 (24h avant lepassage du convoi)ou M. BOURDENET Fr\u00e9d\u00e9ric, maire : 06.85.11.57.49ou M. Gilbert CHANGARNIER, 1er adjoint : 06.80.71.98.24> Keolis Dijon :Envoi du formulaire de demande d'autorisation de passage : divia.dat@keolis.comPour les situations d'urgence :Poste de commande centralis\u00e9 : 03.80.58.99.19Astreinte g\u00e9n\u00e9rale : 06.11.22.36.85\nDirection d\u00e9partementale des territoires de la C\u00f4te-d'Or - 21-2024-07-29-00003 - Arr\u00eat\u00e9 pr\u00e9fectoral n\u00b0 1245 modifiant l'arr\u00eat\u00e9 n\u00b0805\ndu 14 d\u00e9cembre 2017 d\u00e9finissant les r\u00e9seaux routiers \u00ab\u00a0120\u00a0tonnes\u00a0\u00bb, \u00ab\u00a094 tonnes\u00a0\u00bb et \u00ab\u00a072 tonnes\u00a0\u00bb de la C\u00f4te\u00a0d'Or accessibles\naux convois exceptionnels sous r\u00e9serve du respect des caract\u00e9ristiques de poids et gabarit maximales et des prescriptions associ\u00e9es\n43\nDirection d\u00e9partementale des territoires de la\nC\u00f4te-d'Or\nService S\u00e9curit\u00e9 et Education Routi\u00e8re\n21-2024-08-01-00001\nArr\u00eat\u00e9 pr\u00e9fectoral n\u00b0 1247 autorisant l'\u00e9preuve\nautomobile intitul\u00e9e \u00ab 62\u00e8me course de C\u00f4te\nd'Urcy \u00bb qui se d\u00e9roulera les samedi 3 et\ndimanche 4 ao\u00fbt 2024.\nDirection d\u00e9partementale des territoires de la C\u00f4te-d'Or - 21-2024-08-01-00001 - Arr\u00eat\u00e9 pr\u00e9fectoral n\u00b0 1247 autorisant l'\u00e9preuve\nautomobile intitul\u00e9e \u00ab 62\u00e8me course de C\u00f4te d'Urcy \u00bb qui se d\u00e9roulera les samedi 3 et dimanche 4 ao\u00fbt 2024. 44\nExPREFETDE LACOTE-D'ORL,z'bert\u00e9Egalit\u00e9Fraternit\u00e9\nDirection d\u00e9partementale des territoires\nde la C\u00f4te-d'Or\nService de la s\u00e9curit\u00e9 et de l'\u00e9ducation routi\u00e8re\nBureau de la s\u00e9curit\u00e9 routi\u00e8re\nDijon, le 1er ao\u00fbt 2024\nArr\u00eat\u00e9 pr\u00e9fectoral n\u00b0 1247\nautorisant l'\u00e9preuve automobile intitul\u00e9e \u00ab 62\u00e8me course de C\u00f4te d'Urcy \u00bb\nqui se d\u00e9roulera les samedi 3 et dimanche 4 ao\u00fbt 2024.\nLe pr\u00e9fet de la C\u00f4te-d'Or\nVU le  code  g\u00e9n\u00e9ral  des  collectivit\u00e9s  territoriales,  notamment  ses  articles  L.  2212-1  et\nsuivants, L. 2215-1, L. 3221-4 et L. 3221-5 ;\nVU le code de la route, notamment ses articles R.411-5, R.411-10, R.411-29, R.411-30, R411-31\net R.411-32 ; \nVU le code du sport, notamment ses articles L. 231-2 \u00e0  L .231-2-1 L.331-5 \u00e0 L. 331-10 ; D.331-\n5, R.331-18 \u00e0 R.331-34, R.331-45, A.331-18 et A.331-23, ainsi que son annexe III-22 ;\nVU le d\u00e9cret n\u00b0 2010-365 du 9 avril 2010 relatif \u00e0 l'\u00e9valuation des incidences Natura 2000 ;\nVU l'arr\u00eat\u00e9 temporaire du pr\u00e9sident du conseil d\u00e9partemental n\u00b0 24-T-00333 en date du 30\njuillet 2024 r\u00e9glementant la circulation et le stationnement sur les RD104 , RD35 et RD104J,\ncommunes de Arcey, Fleurey-sur-Ouche, Urcy et Gergeuil.\nVU le  dossier  d\u00e9pos\u00e9  sur  la  plateforme  SIMS  le  25  avril  2024  par  le  pr\u00e9sident  de\nl'association Sportive de l'Automobile Club de Bourgogne Organisation aux fins d'obtenir\nl'autorisation d'organiser les samedi 3 et  dimanche 4 ao\u00fbt 2024  la course d\u00e9nomm\u00e9e\n\u00ab62\u00e8me couse de C\u00f4te d'Urcy \u00bb ;\nVU le permis d'organisation n\u00b0 39-302 d\u00e9livr\u00e9e le 16 avril 2024 par la F\u00e9d\u00e9ration Fran\u00e7aise\ndu Sport Automobile.\nVU l'attestation  de  police  d'assurance  LESTIENNE d\u00e9livr\u00e9e  le  24  mai  2024  relative  au\ncontrat souscrit par l'association \u00ab ASAC BOURGOGNE \u00bb pour l'organisation de la \u00ab 62\u00e8me\ncourse de C\u00f4te d'Urcy \u00bb;\nVU  la reconnaissance du parcours effectu\u00e9e le mardi 21 mai 2024 par les membres de la\ncommission d\u00e9partementale de la s\u00e9curit\u00e9 routi\u00e8re ;\n1/3\nDirection d\u00e9partementale des territoires de la C\u00f4te-d'Or\n57 , rue de Mulhouse - BP 53317 - 21033 Dijon CEDEX\nT\u00e9l. : 03 80 29 44 44\nCourriel : ddt@cote-dor.gouv.fr - Site internet : \nhttp://www.cote-dor.gouv.fr\nDirection d\u00e9partementale des territoires de la C\u00f4te-d'Or - 21-2024-08-01-00001 - Arr\u00eat\u00e9 pr\u00e9fectoral n\u00b0 1247 autorisant l'\u00e9preuve\nautomobile intitul\u00e9e \u00ab 62\u00e8me course de C\u00f4te d'Urcy \u00bb qui se d\u00e9roulera les samedi 3 et dimanche 4 ao\u00fbt 2024. 45\nVU l'avis \u00e9mis par le D\u00e9l\u00e9gu\u00e9 D\u00e9partemental MFF en date du 5 mai 2024, de la Direction\ndes  Services  D\u00e9partementaux  de  l'\u00c9ducation  Nationale  de  C\u00f4te-d'Or  \u2013  Service\nD\u00e9partemental  Jeunesse,  Engagement  et  Sports  en  date  du  14  mai  2024,  du  Service\nPr\u00e9servation et Am\u00e9nagement de l'Espace de la Direction D\u00e9partementale des Territoires\nde la C\u00f4te-d'Or en date du 22 mai 2024, du D\u00e9l\u00e9gu\u00e9 D\u00e9partemental FFSA en date du 21\nmai 2024, du Pr\u00e9sident du Conseil D\u00e9partemental en date du 10 juin 2024\nCONSID\u00c9RANT  que  la  commission  d\u00e9partementale  de  la  s\u00e9curit\u00e9  routi\u00e8re  \u00ab  section\nsp\u00e9cialis\u00e9e pour les \u00e9preuves sportives  \u00bb a \u00e9mis le mardi 25 juin 2024, un avis favorable au\nd\u00e9roulement de cette manifestation impliquant des v\u00e9hicules \u00e0 moteur ;\nSUR proposition de Madame la directrice d\u00e9partementale des territoires de la C\u00f4te-d'Or ;\nARR\u00caTE\nArticle  1  :  La  manifestation  sportive  d\u00e9nomm\u00e9e  \u00ab  62\u00e8me  course  de  C\u00f4te  d'Urcy  \u00bb\norganis\u00e9e par l'ASAC de Bourgone \u2013 9 rue de la Grande Fin 21121 Fontaine-les-Dijon, est\nautoris\u00e9e  \u00e0  se  d\u00e9rouler  les  samedi  3  et  dimanche  4  ao\u00fbt  2024  sur  le  territoire  des\ncommunes d'Arcey et d'Urcy, conform \u00e9ment aux modalit\u00e9s expos\u00e9es dans la demande\nd\u00e9pos\u00e9e sur la plateforme SIMS.\nArticle 2  : Comform\u00e9ment au parcours d\u00e9pos\u00e9 sur la plateforme SIMS, les conditions de\npassage de cette course sont fix\u00e9es par arr\u00eat\u00e9 n\u00b024-T-00333 en date du 30 juillet 2024\ndu pr\u00e9sident du conseil d\u00e9partemental sur les routes d\u00e9partementales RD104, RD104J et\nRD35 hors agglom\u00e9ration.\nLe pr\u00e9sent arr\u00eat\u00e9 ou l'arr\u00eat\u00e9 au premier alin\u00e9a traitent, \u00e0 raison des particularit\u00e9s locales,\ndes  garanties  sp\u00e9cifiques  exig\u00e9es  des  organisateurs  pour  la  s\u00e9curit\u00e9  du  public  et  des\nconcurrents, notamment pour le parcours routier ferm\u00e9 \u00e0 la circulation publique.\nLes participants et les organisateurs sont tenus de respecter les dispositions du code de la\nroute sur les voies ouvertes \u00e0 la circulation publique.\nArticle     3     : Les emplacements o\u00f9 le public est admis ainsi que ceux interdits au public\nseront d\u00e9limit\u00e9s avec soin et clairement signal\u00e9s conform\u00e9ment au plan joint au dossier\nL'organisateur mettra en place de la signalisation (rubalise + panneau \u00ab  interdiction au\npublic \u00bb) sur tous les sentiers pouvant mener au parcours.\nLes itin\u00e9raires doivent \u00eatre balis\u00e9s afin de canaliser les participants et le public spectateur\net d'en emp\u00eacher la divagation en dehors des secteurs qui leur sont d\u00e9di\u00e9s\nL'utilisation de peintures pour le balisage est interdite, le marquage dans l'\u00e9corce des\narbres  est  proscrit.  Seul  un  balisage  temporaire  (rubans,  rubalises,  marquages\nbiod\u00e9gradables, balises temporaires d'orientation\u2026) peut \u00eatre r\u00e9alis\u00e9. Il devra \u00eatre retir\u00e9\nd\u00e8s la fin de la manifestation\nLes stockages de produits dommageables pour l'environnement seront s\u00e9curis\u00e9s \nLes v\u00e9hicules doivent \u00eatre stationn\u00e9s sur des surfaces imperm\u00e9abilis\u00e9es de fa\u00e7on \u00e0 \u00e9viter\nles fuites d'hydrocarbures dans l'environnement\nLe d\u00e9p\u00f4t d'ordures en dehors des zones pr\u00e9vues \u00e0 cet effet est interdit. Les d\u00e9chets\ndevront \u00eatre ramass\u00e9s, ramen\u00e9s et tri\u00e9s ;\nLes feux, le bivouac, le camping sont interdits\n2/3\nDirection d\u00e9partementale des territoires de la C\u00f4te-d'Or\n57 , rue de Mulhouse - BP 53317 - 21033 Dijon CEDEX\nT\u00e9l. : 03 80 29 44 44\nCourriel : ddt@cote-dor.gouv.fr - Site internet : \nhttp://www.cote-dor.gouv.fr\nDirection d\u00e9partementale des territoires de la C\u00f4te-d'Or - 21-2024-08-01-00001 - Arr\u00eat\u00e9 pr\u00e9fectoral n\u00b0 1247 autorisant l'\u00e9preuve\nautomobile intitul\u00e9e \u00ab 62\u00e8me course de C\u00f4te d'Urcy \u00bb qui se d\u00e9roulera les samedi 3 et dimanche 4 ao\u00fbt 2024. 46\nL'organisateur  doit  sensibiliser  et  pr\u00e9senter  la  r\u00e9glementation  et  les  enjeux\nenvironnementaux du territoire aux participants et \u00e9ventuels spectateurs (panneaux de\nsensibilisation, rappel oral avant la manifestation \u2026)\nArticle     4   : La pr\u00e9sente autorisation est accord\u00e9e, sous r\u00e9serve que l'organisateur prenne \u00e0\nsa  charge  les  frais  du  service  d'ordre,  mis  en  place  \u00e0  l'occassion  du  d\u00e9roulement  de\nl'\u00e9preuve et assure la r\u00e9parations des dommages, d\u00e9gradations, modifications de toutes\nsortes  de  la  voie  publique  ou  de  ses  d\u00e9pendances,  imputables  aux  concurrents,  aux\norganisateurs ou \u00e0 leur pr\u00e9pos\u00e9s.\nArticle 5  : Avant la manifestation, les organisateurs devront interroger M\u00e9t\u00e9o France (soit\npar  le  r\u00e9pondeur  t\u00e9l\u00e9phonique  au  08.99.71.02.21  ou  soit  par  internet  :\nhttp://france.meteofrance.com/)  afin  de  conna\u00eetre  la  couleur  de  la  carte  de  vigilance\nm\u00e9t\u00e9o et prendre toute mesure adapt\u00e9e. Dans l'hypoth\u00e8se d'une carte orange ou rouge, il\nleur  appartiendra  de  prendre  les  dispositions  qui  s'imposent,  voire  d'annuler  la\nmanifestation.\nArticle 6     : Le pr\u00e9sent arr\u00eat\u00e9 peut faire l'objet d'un recours contentieux devant le tribunal\nadministratif de Dijon dans un d\u00e9lai de deux mois \u00e0 compter de sa publication. Un recours\npeut  \u00eatre  d\u00e9pos\u00e9  via  l'application  t\u00e9l\u00e9recours  citoyens  accessible  par  le  site  internet\nhttp://ww.telerecours.fr./ \nArticle  7 :  La  directrice  d\u00e9partementale  des  territoires,  l a  directrice  des  Services\nD\u00e9partementaux de l'\u00c9ducation Nationale de C\u00f4te-d'Or (Service D\u00e9partemental Jeunesse\n-Engagement-Sports), le commandant de la r\u00e9gion de gendarmerie de Bourgogne/Franche-\nComt\u00e9 et du groupement de C\u00f4te-d'Or  sont charg\u00e9s, chacun en ce qui le concerne, de\nl'ex\u00e9cution du pr\u00e9sent arr\u00eat\u00e9 qui sera notifi\u00e9 au maire d'Arcey et d'Urcy, au pr\u00e9sident du\nde l'ASAC Bourgogne, et publi\u00e9 au recueil des actes administratifs.\nFait \u00e0 Dijon, le 1er ao\u00fbt 2024 \nPour le pr\u00e9fet et par d\u00e9l\u00e9gation,\nLe chef du bureau de la s\u00e9curit\u00e9 routi\u00e8re,\nSIGN\u00c9\nPhilippe MUNIER\n3/3\nDirection d\u00e9partementale des territoires de la C\u00f4te-d'Or\n57 , rue de Mulhouse - BP 53317 - 21033 Dijon CEDEX\nT\u00e9l. : 03 80 29 44 44\nCourriel : ddt@cote-dor.gouv.fr - Site internet : \nhttp://www.cote-dor.gouv.fr\nDirection d\u00e9partementale des territoires de la C\u00f4te-d'Or - 21-2024-08-01-00001 - Arr\u00eat\u00e9 pr\u00e9fectoral n\u00b0 1247 autorisant l'\u00e9preuve\nautomobile intitul\u00e9e \u00ab 62\u00e8me course de C\u00f4te d'Urcy \u00bb qui se d\u00e9roulera les samedi 3 et dimanche 4 ao\u00fbt 2024. 47\nPr\u00e9fecture de la C\u00f4te-d'Or\nCabinet\n21-2024-07-31-00004\nArr\u00eat\u00e9 pr\u00e9fectoral n\u00b0 1250 autorisant la\ncaptation, l'enregistrement et la transmission\nd'images au moyen de cam\u00e9ras install\u00e9es sur des\na\u00e9ronefs \nPr\u00e9fecture de la C\u00f4te-d'Or - 21-2024-07-31-00004 - Arr\u00eat\u00e9 pr\u00e9fectoral n\u00b0 1250 autorisant la captation, l'enregistrement et la\ntransmission d'images au moyen de cam\u00e9ras install\u00e9es sur des a\u00e9ronefs 48\n \n \n \n \n \n   \nPr\u00e9fecture de la C\u00f4te-d'Or - 21-2024-07-31-00004 - Arr\u00eat\u00e9 pr\u00e9fectoral n\u00b0 1250 autorisant la captation, l'enregistrement et la\ntransmission d'images au moyen de cam\u00e9ras install\u00e9es sur des a\u00e9ronefs 49\nmat\u00e9rialiser tant par des individus seuls que par des menaces projet\u00e9es depuis un th\u00e9atre ext\u00e9rieur oudirectement activ\u00e9es depuis le territoire national par des organisations terroristes; qu'\u00e0 la suite deI'attentat d'Arras le 13 octobre 2023 le plan Vigipirate a \u00e9t\u00e9 \u00e9lev\u00e9 au niveau \u00ab Alerte Attentat \u00bb ; qu'\u00e0 lasuite de l'attaque terroriste revendiqu\u00e9e par l'\u00c9tat islamique \u00e0 Moscou le 22 mars 2024, le Gouvernementa rehauss\u00e9 le plan Vigipirate \u00e0 son niveau le plus \u00e9lev\u00e9, \u00ab urgence attentat \u00bb ;CONSID\u00c9RANT en deuxi\u00e8me lieu que, d''une mani\u00e8re g\u00e9n\u00e9rale, les grands \u00e9v\u00e8nements sportifs, comptetenu de leur exposition m\u00e9diatique, leur concentration de foules et l'accueil de personnalit\u00e9s publiques;qu'ainsi divers \u00e9v\u00e9nements sportifs d'ampleur ont \u00e9t\u00e9 la cible d'attaques ou de projets d'attentats par desdjihadistes; que tel a notamment \u00e9t\u00e9 le cas le 15 avril 2013, o\u00f9 deux terroristes ont commis un doubleattentat \u00e0 l'explosif \u00e0 proximit\u00e9 de la ligne d'arriv\u00e9e du marathon de Boston au Etats-Unis provoquanttrois morts et plus de 200 bless\u00e9s, le 13 novembre 2015 au Stade de France o\u00f9 deux kamikazes se sont faitexploser alors que se d\u00e9roulait un match amical de football entre la France et l'Allemagne, provoquant unmort et une cinquantaine de bless\u00e9s, le 30 d\u00e9cembre 2021, un attentat \u00e0 l'explosif a vis\u00e9 une voitured'assistance fran\u00e7aise du Rallye Dakar \u00e0 Djeddah en Arabie Saoudite et le 16 octobre 2023, \u00e0 Bruxelles o\u00f9un djihadiste se r\u00e9clamant de l'\u00c9tat islamique a tu\u00e9 deux supporters de l'\u00e9quipe su\u00e9doise de football enmarge d'un match opposant I'\u00e9quipe de Su\u00e8de \u00e0 celle de Belgique; que les organisations terroristes ontr\u00e9guli\u00e8rement menac\u00e9 les grands \u00e9v\u00e8nements sportifs au travers de leurs organes de propagande et laFrance a \u00e9t\u00e9 la cible de contenus de propagande, diffus\u00e9s le 13 d\u00e9cembre 2022, appelant \u00e0 la r\u00e9alisationd'actions violentes contre des joueurs et supporters fran\u00e7ais \u00e0 l'occasion du match France-Maroc sed\u00e9roulant le 14 d\u00e9cembre 2022; qu'enfin par un message diffus\u00e9 sur les r\u00e9seaux sociaux, I'El a appel\u00e9 \u00e0viser directement les stades accueillant les matchs de quarts de finale de la Ligue des champions defootball en diffusant le slogan suivant: \u00ab Kill Them All \u00bb ; que cette menace orient\u00e9e sur les \u00e9v\u00e8nementssportifs est nettement major\u00e9e au regard du niveau \u00e9lev\u00e9 du risque terroriste d'une part et de la naturem\u00eame des Jeux olympiques d'autre part ;CONSID\u00c9RANT qu'en amont de l'ouverture des Jeux olympiques et paralympiques, le relais de la flammeolympique (du 8 mai au 26 juillet 2024) et de la flamme paralympique (du 25 au 28 ao\u00fbt) pr\u00e9sentent lesm\u00eames caract\u00e9ristiques d'affluence, de symbolique et de m\u00e9diatisation que les Jeux eux-m\u00eames et sontexpos\u00e9s de ce fait aux m\u00eames menaces; que notamment leur organisation sur tout le territoire, sur la voiepublique et sur de longues distances, sont autant d'\u00e9l\u00e9ments qui les rendent susceptibles d'\u00eatre plusdirectement vis\u00e9es par des actions terroristes ou visant \u00e0 perturber le bon d\u00e9roulement du relais ainsi quede troubler gravement l'ordre publicCONSID\u00c9RANT, par ailleurs, que les forces de l'ordre sont tr\u00e9s fortement mobilis\u00e9es sur I'ensemble duterritoire dans le cadre du plan Vigipirate et pour assurer la s\u00e9curit\u00e9 des Jeux olympiques et des festivit\u00e9squi leur sont li\u00e9es; qu'en outre, elles seront, au moment de la manifestation, mobilis\u00e9es pour assurer las\u00e9curit\u00e9 de nombreux \u00e9v\u00e9nements organis\u00e9s dans le d\u00e9partement dans le cadre du relais de la flamme ;que, dans ce contexte, la disponibilit\u00e9 de ces forces est insuffisante pour assurer, en outre, la s\u00e9curisationde la manifestation envisag\u00e9e, sauf \u00e0 les distraire de leurs missions prioritaires ;CONSID\u00c9RANT d\u00e8s lors que le parcours de la flamme paralympique g\u00e9n\u00e9rera n\u00e9cessairementd'importants rassemblements de personnes sur la voie publique et dans les lieux ouverts au public; queces rassemblements sont susceptibles de cr\u00e9er des troubles graves \u00e0 l'ordre public, notamment \u00e0 las\u00e9curit\u00e9 publique; qu'il y a lieu d'en assurer la s\u00e9curit\u00e9 ainsi que l'appui de personnels au sol charg\u00e9 dumaintien et de l'\u00e9ventuel r\u00e9tablissement de l'ordre public; que le relais de la flamme paralympique a \u00e9t\u00e9au demeurant d\u00e9sign\u00e9 comme grand \u00e9v\u00e9nement par le d\u00e9cret susvis\u00e9 du 22 d\u00e9cembre 2023; que lademande formul\u00e9e r\u00e9pondant aux finalit\u00e9s d\u00e9finies par ce texte, il y a lieu de faire application desdispositions de l'article L.242-5 I. 2\u00b0 du code de la s\u00e9curit\u00e9 int\u00e9rieure;CONSID\u00c9RANT que dans ces circonstances, le recours au dispositif de captation install\u00e9 sur I'a\u00e9ronef estn\u00e9cessaire et adapt\u00e9; qu'il n'existe pas de dispositif moins intrusif permettant de parvenir aux m\u00e9mesfins;CONSIDERANT que la demande porte sur l'engagement de deux cam\u00e9ras a\u00e9roport\u00e9es pour la s\u00e9curit\u00e9des rassemblements sur la ville \u00e9tape et la protection du convoi olympique ;SUR proposition de monsieur le directeur de cabinet du pr\u00e9fet de la r\u00e9gion Bourgogne-Franche-Comt\u00e9,pr\u00e9fet de la C\u00f4te-d'Or,\n \n \n   \n \n \n \n \n    \n \n ;\nPr\u00e9fecture de la C\u00f4te-d'Or - 21-2024-07-31-00004 - Arr\u00eat\u00e9 pr\u00e9fectoral n\u00b0 1250 autorisant la captation, l'enregistrement et la\ntransmission d'images au moyen de cam\u00e9ras install\u00e9es sur des a\u00e9ronefs 50\nARRETE\nArticle 1er: La captation, l'enregistrement et la transmission d'images par le groupement de gendarmeried\u00e9partementale de la C\u00f4te-d'Or, est autoris\u00e9e pour la pr\u00e9vention des atteintes \u00e0 la s\u00e9curit\u00e9 des personneset des biens, pour la s\u00e9curit\u00e9 des rassemblements de personnes sur la voie publique ou dans des lieuxouverts au public et pour la pr\u00e9vention des actes de terrorisme.\nArticle 2 : Le nombre maximal de cam\u00e9ras pouvant proc\u00e9der simultan\u00e9ment aux traitements mentionn\u00e9s\u00e0 l'article 1\u00b0 est fix\u00e9 \u00e0 deux, install\u00e9es sur des a\u00e9ronefs dont les r\u00e9f\u00e9rences et immatriculations sont list\u00e9esci-dessous :- drone DJI MAVIC 3 THERMAL n\u00b01581F5F]723CDO0AZOKG- H\u00e9licopt\u00e8re Eurocopter EC 135 n\u00b0797 immatricul\u00e9 FMJDI\nArticle 3 : La pr\u00e9sente autorisation est limit\u00e9e au territoire de la commune de Ch\u00e2tillon-sur-Seine.\nArticle 4 : La pr\u00e9sente autorisation est d\u00e9livr\u00e9e pour le lundi 26 ao\u00fbt 2024, de 14h00 \u00e0 20h00.\nArticle 5 : Le registre mentionn\u00e9 \u00e0 l'article L. 242-4 du code de la s\u00e9curit\u00e9 int\u00e9rieure est transmis aurepr\u00e9sentant de l'Etat dans le d\u00e9partement \u00e0 l'issue de la p\u00e9riode d'utilisation.\nArticle G : Le pr\u00e9sent arr\u00e9t\u00e9 est publi\u00e9 au recueil des actes administratifs de la pr\u00e9fecture et peut faireI'objet d'un recours contentieux devant le tribunal administratif de Dijon dans un d\u00e9lai de deux mois \u00e0compter de sa publication.\nArticle 7 : Le directeur de cabinet du pr\u00e9fet de la r\u00e9gion Bourgogne-Franche-Comt\u00e9, pr\u00e9fet de la C\u00f4te-d'Or, le secr\u00e9taire g\u00e9n\u00e9ral de la pr\u00e9fecture de la C\u00f4te-d'Or et le g\u00e9n\u00e9ral commandant la r\u00e9gion degendarmerie de Bourgogne-Franche-Comt\u00e9, commandant le groupement de gendarmeried\u00e9partementale de la C\u00f4te-d'Or sont charg\u00e9s, chacun en ce qui le concerne, de |'ex\u00e9cution du pr\u00e9sentarr\u00eat\u00e9 qui sera adress\u00e9 pour copie \u00e0 monsieur le procureur de la R\u00e9publique pr\u00e8s le tribunal judiciaire deDijon.\nFait \u00e0 Dijon, le 31 juillet 2024\nLe pr\u00e9fet,original sign\u00e9\nFranck ROBINE\nPr\u00e9fecture de la C\u00f4te-d'Or - 21-2024-07-31-00004 - Arr\u00eat\u00e9 pr\u00e9fectoral n\u00b0 1250 autorisant la captation, l'enregistrement et la\ntransmission d'images au moyen de cam\u00e9ras install\u00e9es sur des a\u00e9ronefs 51","date":"2024-08-01","first_seen_on":"2025-09-14T14:52:16+00:00","id":"4178a32f4f30e7c54c56ed77abb8565c06f20fe8289ac93cdc604e37d9a91999","name":"RAA n\u00b0 108 du 01 ao\u00fbt 2024","pdf_creation_date":"2024-08-01T14:07:45+00:00","pdf_modification_date":null,"timezone":"Europe/Paris","url":"https://www.cote-dor.gouv.fr/contenu/telechargement/21942/167975/file/recueil-21-2024-108-recueil-des-actes-administratifs-special.pdf"}
