{"administration":"prefidf","administration_name":"Pr\u00e9fecture de la r\u00e9gion \u00cele-de-France","content":"PREFECTURE\nREGION ILE DE\nFRANCE\nRECUEIL DES ACTES\nADMINISTRATIFS SP\u00c9CIAL\nN\u00b0IDF-060-2025-10\nPUBLI\u00c9 LE 27 OCTOBRE 2025\nSommaire\nAgence R\u00e9gionale de Sant\u00e9 /\nIDF-2025-10-27-00002 - Arr\u00eat\u00e9 n\u00b0 2025-280 portant autorisation de\ncr\u00e9ation d'un PASA de 14 places au sein de l'EHPAD \u00ab Le Parc \u00bb\nsis 1 rue Scarron \u00e0 Fontenay-aux-Roses (92260)  (3 pages) Page 3\nIDF-2025-10-27-00003 - Arr\u00eat\u00e9 n\u00b02025-281 portant autorisation de\ncr\u00e9ation d'un PASA de nuit de 14 places au sein de l'EHPAD \u00ab\nLasserre \u00bb sis 4 rue S\u00e9verine \u00e0 Issy-les-Moulineaux (92130) \n (3 pages) Page 7\nDirection r\u00e9gionale des affaires culturelles d'Ile-de-France  / Conservation\nr\u00e9gionale des monuments historiques\nIDF-2025-10-21-00007 - Arr\u00eat\u00e9 portant inscription en totalit\u00e9 au titre\ndes monuments historiques de la salle principale du restaurant Fournaise, y\ncompris ses peintures murales, \u00e0 Chatou (Yvelines). (3 pages) Page 11\n2\nAgence R\u00e9gionale de Sant\u00e9\nIDF-2025-10-27-00002\nArr\u00eat\u00e9 n\u00b0 2025-280 portant autorisation de\ncr\u00e9ation d'un PASA de 14 places au sein de\nl'EHPAD \u00ab Le Parc \u00bb sis 1 rue Scarron \u00e0\nFontenay-aux-Roses (92260) \nAgence R\u00e9gionale de Sant\u00e9 - IDF-2025-10-27-00002 - Arr\u00eat\u00e9 n\u00b0 2025-280 portant autorisation de cr\u00e9ation d'un PASA de 14 places au\nsein de l'EHPAD \u00ab Le Parc \u00bb sis 1 rue Scarron \u00e0 Fontenay-aux-Roses (92260) 3\n| =\u00c9 hauts-de-REPUBLIQUE NautsGesemeFRAN CA ISE \u00a9 D Agence R\u00e9gionale de Sant\u00e9Libert\u00e9 \u00cele-de-FranceEgalit\u00e9Fraternit\u00e9\n                                                                                              \n \nARR\u00caT\u00c9 N\u00b0 2025-280 \n \nportant autorisation de cr\u00e9ation d'un P\u00f4le d'Activit\u00e9s et de Soins Adapt\u00e9s de soir\u00e9e  \nde 14 places au sein de l'Etablissement d'H\u00e9bergement pour Personnes Ag\u00e9es \nD\u00e9pendantes (EHPAD) \u00ab Le Parc \u00bb sis 1 rue Scarron \u00e0 Fontenay-aux-Roses (92260)  \n \n \nLE DIRECTEUR G\u00c9N\u00c9RAL DE L'AGENCE R\u00c9GIONALE DE SANT\u00c9 \u00ceLE-DE-FRANCE  \n \nLE PR\u00c9SIDENT DU CONSEIL D\u00c9PARTEMENTAL DES HAUTS-DE-SEINE \n \n \nVU la loi n\u00b0 2015-1776 du 28 d\u00e9cembre 2015 relative \u00e0 l'adaptation de la soci\u00e9t\u00e9 au vieillissement \n(loi ASV) et ses d\u00e9crets d'application n\u00b02016-1164 du 26 ao\u00fbt 2016 et n\u00b02016 -1814 du 21 \nd\u00e9cembre 2016 ; \n \nVU le code de l'action sociale et des familles et notamment les articles L312 -1, L313-1, L314-3 \net suivants ; \n   \nVU le code g\u00e9n\u00e9ral des collectivit\u00e9s territoriales ; \n \nVU \n \nle r\u00e8glement d\u00e9partemental d'aide sociale approuv\u00e9 en mars 2017 ; \nVU le d\u00e9cret du 10 avril 2024 portant nomination de Monsieur Denis ROBIN, Directeur g\u00e9n\u00e9ral \nde l'Agence r\u00e9gionale de sant\u00e9 \u00cele-de-France \u00e0 compter du 29 avril 2024 ; \n  \nVU l'arr\u00eat\u00e9 DS N\u00b0115/2024 du 25 septembre 2024 portant d\u00e9l\u00e9gation de signature \u00e0 Madame \nSt\u00e9phanie TALBOT, Directrice de l'autonomie ; \n \nVU l'arr\u00eat\u00e9 n\u00b02023-DAJA-43 du 21 juillet 2023 accordant d\u00e9l\u00e9gation de signature \u00e0 Monsieur \nJean-Michel RAPINAT, Directeur g\u00e9n\u00e9ral adjoint Responsable du P\u00f4le Solidarit\u00e9s et \u00e0 \nMadame Laurence HAUCK, adjointe au Directeur g\u00e9n\u00e9ral adjoint ; \n  \nVU l'arr\u00eat\u00e9 n\u00b0 DIRNOV -2023/08 du 26 octobre 2023 de la Directrice g\u00e9n\u00e9rale de l'Agence \nr\u00e9gionale de sant\u00e9 \u00cele-de-France portant modification du cadre d'orientation strat\u00e9gique \n2018-2028 du projet r\u00e9gional de sant\u00e9 \u00cele-de-France ; \n \nVU l'arr\u00eat\u00e9 n\u00b0 DIRNOV-2023/09 du 26 octobre 2023 de la Directrice g\u00e9n\u00e9rale de l'Agence \nr\u00e9gionale de sant\u00e9 \u00cele-de-France portant adoption du sch\u00e9ma r\u00e9gional de sant\u00e9 2023 -2028 \ndu projet r\u00e9gional de sant\u00e9 \u00cele-de-France ; \n  \nVU \n \n \n \nl'arr\u00eat\u00e9 n\u00b0 2023-162 de la Directrice g\u00e9n\u00e9rale de l'Agence r\u00e9gionale de sant\u00e9 \u00cele-de-France \ndu 19 juin 2023 \u00e9tablissant le programme interd\u00e9partemental d'accompagnement des \nhandicaps et de la perte d'autonomie (PRIAC) 2022-2026 pour la r\u00e9gion \u00cele-de-France ; \nVU l'instruction n\u00b0 DGCS/SD3A/DREES/DMSI/2019/180 du 19 juillet 2019 relative \u00e0 \nl'enregistrement sur le fichier national des \u00e9tablissements sanitaires et sociaux (FINESS) des \ndispositifs sp\u00e9cifiques de prise en charge et d'accompagnement adapt\u00e9 des personnes \n\u00e2g\u00e9es atteintes de maladies neuro-d\u00e9g\u00e9n\u00e9ratives et de leurs proches aidants (PASA, UHR, \nPFR et ESA) ; \nAgence R\u00e9gionale de Sant\u00e9 - IDF-2025-10-27-00002 - Arr\u00eat\u00e9 n\u00b0 2025-280 portant autorisation de cr\u00e9ation d'un PASA de 14 places au\nsein de l'EHPAD \u00ab Le Parc \u00bb sis 1 rue Scarron \u00e0 Fontenay-aux-Roses (92260) 4\n \n  \nVU le Plan national maladies neuro-d\u00e9g\u00e9n\u00e9ratives 2014-2019 ;  \n \nVU la Feuille de route maladies neuro-d\u00e9g\u00e9n\u00e9ratives 2021-2022 ; \n  \nVU l'arr\u00eat\u00e9 conjoint n\u00b0 2009-634 du 29 octobre 2009 portant la capacit\u00e9 totale de l'EHPAD \u00ab Le \nParc \u00bb \u00e0 124 places (110 places d'h\u00e9bergement permanent, 2 places d'h\u00e9bergement \ntemporaire et 12 places d'accueil de jour) ;  \n \nVU l'arr\u00eat\u00e9 conjoint n\u00b0  2025-211 du 5 ao\u00fbt 2025 portant autorisation de transformation  de 2 \nplaces d'h\u00e9bergement temporaire en 2 places d'h\u00e9bergement permanent  au sein de \nl'EHPAD \u00ab Le Parc \u00bb sis 1, rue Scarron \u00e0 Fontenay-aux-Roses (92260) ;  \n  \nVU l'avis d'appel \u00e0 candidatures pour la cr\u00e9ation de p\u00f4le d'activit\u00e9s et de soins adapt\u00e9s (PASA) \nen \u00cele-de-France publi\u00e9 le 5 mai 2024 ; \n  \nVU l'avis de s\u00e9lection de l'appel \u00e0 candidatures pour la cr\u00e9ation de p\u00f4le d'activit\u00e9s et de soins \nadapt\u00e9s en \u00cele-de-France en date du 6 mars 2025, retenant le projet de PASA de l'EHPAD \n\u00ab Le Parc \u00bb ; \n \n  \nCONSID\u00c9RANT que le PASA permet de prendre en charge et d'accueillir, sur une ouverture de \n6 jours par semaine  de 17h00 \u00e0 00h00, les personnes \u00e2g\u00e9es atteintes de la \nmaladie d'Alzheimer ou de maladies apparent\u00e9es ; \n  \nCONSID\u00c9RANT le montant de la dotation forfaitaire annuelle de 68 572 euros qui s'ajoute \u00e0 la \ndotation initiale de fonctionnement de l'EHPAD ;  \n \n       ARR\u00caTENT \n \nARTICLE 1er : L'EHPAD \u00ab Le Parc \u00bb sis 1, rue Scarron \u00e0 Fontenay -aux-Roses (92260), est \nautoris\u00e9 \u00e0 cr\u00e9er un P\u00f4le d'Activit\u00e9s et de Soins Adapt\u00e9s (PASA) de soir\u00e9e de 14 \nplaces pour accueillir et prendre en charge des personnes atteintes de la maladie \nd'Alzheimer ou de maladies apparent\u00e9es. \n \nLe P\u00f4le d'Activit\u00e9s et de Soins Adapt\u00e9s est un lieu de vie au sein duquel sont \norganis\u00e9es et propos\u00e9es, durant la soir\u00e9e, des activit\u00e9s sociales et th\u00e9rapeutiques \naux r\u00e9sidents de l'EHPAD ayant des troubles du comportement mod\u00e9r\u00e9s.  \n \nARTICLE 2e : Le montant du forfait annuel dans le cadre du fonctionnement du PASA de soir\u00e9e \ns'\u00e9l\u00e8ve \u00e0 68 572 euros (hors taux d'\u00e9volution) en ann\u00e9e pleine pour un PASA de  \n14 places et une ouverture de 6 jours par semaine de 17h00 \u00e0 00h00. \n \nARTICLE 3e : La capacit\u00e9 totale de l'EHPAD reste inchang\u00e9e et demeure fix\u00e9e \u00e0  124 places \nr\u00e9parties de la mani\u00e8re suivante : \n\u2022 112 places d'h\u00e9bergement permanent  \n\u2022 12 places d'accueil de jour. \nL'EHPAD comprend un P\u00f4le d'activit\u00e9s et de Soins Adapt\u00e9s (PASA) de jour de 14 \nplaces ainsi qu'un PASA de soir\u00e9e de 14 places. \n \nARTICLE 4e : \n \nCette structure est r\u00e9pertori\u00e9e dans le Fichier National des Etablissements \nSanitaires et Sociaux (FINESS) de la fa\u00e7on suivante : \n \nEntit\u00e9 \u00e9tablissement : EHPAD Le Parc \nNum\u00e9ro FINESS \u00e9tablissement : 92 071 038 1 \nCode cat\u00e9gorie : [500] EHPAD \nCode MFT (mode de fixation des tarifs) : [41] ARS TG HAS sans PUI \nAgence R\u00e9gionale de Sant\u00e9 - IDF-2025-10-27-00002 - Arr\u00eat\u00e9 n\u00b0 2025-280 portant autorisation de cr\u00e9ation d'un PASA de 14 places au\nsein de l'EHPAD \u00ab Le Parc \u00bb sis 1 rue Scarron \u00e0 Fontenay-aux-Roses (92260) 5\n \n \nCode discipline : [924] Accueil pour Personnes \u00c2g\u00e9es  \nCode fonctionnement (type d'activit\u00e9) : [11] H\u00e9bergement Complet Internat  \nCode client\u00e8le : [711] Personnes \u00c2g\u00e9es d\u00e9pendantes  \nCapacit\u00e9 : 112 \n \nCode discipline : [924] Accueil pour Personnes \u00c2g\u00e9es   \nCode fonctionnement (type d'activit\u00e9) : [21] Accueil de jour \nCode client\u00e8le : [436] Personnes Alzheimer ou maladies apparent\u00e9es \nCapacit\u00e9 : 12 \n \nCode discipline : [961] P\u00f4le d'activit\u00e9s et de soins adapt\u00e9s   \nCode fonctionnement (type d'activit\u00e9) : [21] Accueil de jour \nCode client\u00e8le : [436] Personnes Alzheimer ou maladies apparent\u00e9es \n  \nCode discipline : [961] P\u00f4le d'activit\u00e9s et de soins adapt\u00e9s   \nCode fonctionnement (type d'activit\u00e9) : [22] Accueil de nuit \nCode client\u00e8le : [436] Personnes Alzheimer ou maladies apparent\u00e9es \n  \nEntit\u00e9 gestionnaire : La Maison de Retraite du Parc \nNum\u00e9ro FINESS gestionnaire : 92 000 127 8 \nCode statut : [21] Etablissement Sociale et M\u00e9dico-social Communal \n \nARTICLE 5e :  \n \n \n \nLe pr\u00e9sent arr\u00eat\u00e9 est sans effet concernant la dur\u00e9e d'autorisation accord\u00e9e \u00e0 \nl'\u00e9tablissement pour 15 ans \u00e0 compter de sa date de cr\u00e9ation ou de renouvellement \nd'autorisation conform\u00e9ment aux conditions pr\u00e9vues aux articles L .312-8 et                 \nL.313-5 du code de l'action sociale et des familles. \n \nARTICLE 6e : Un recours contre le pr\u00e9sent arr\u00eat\u00e9 peut \u00eatre form\u00e9 devant le tribunal administratif \ncomp\u00e9tent dans un d\u00e9lai de deux mois \u00e0 compter de sa notification.   \n  \nARTICLE 7e : Le Directeur de la D\u00e9l\u00e9gation d\u00e9partementale des Hauts -de-Seine de l'Agence \nr\u00e9gionale de sant\u00e9 \u00cele-de-France et le Directeur G\u00e9n\u00e9ral des Services du Conseil \nD\u00e9partemental des Hauts-de-Seine sont charg\u00e9s, chacun en ce qui le concerne, \nde l'ex\u00e9cution du pr\u00e9sent arr\u00eat\u00e9 qui sera notifi\u00e9 au demandeur, publi\u00e9 aux recueils \ndes actes administratifs de la R\u00e9gion \u00cele-de-France et du D\u00e9partement des Hauts-\nde-Seine. \n \n \nFait \u00e0 Saint-Denis, le 27/10/2025 \n \n \nPour le Directeur g\u00e9n\u00e9ral \nde l'Agence r\u00e9gionale de sant\u00e9 \n\u00cele-de-France et par d\u00e9l\u00e9gation \n \n \nSt\u00e9phanie TALBOT \nDirectrice de l'autonomie \nPour le Pr\u00e9sident du Conseil d\u00e9partemental \net par d\u00e9l\u00e9gation \nL'adjointe du Directeur g\u00e9n\u00e9ral adjoint \nP\u00f4le Solidarit\u00e9s \n \nLaurence HAUCK \n \nAgence R\u00e9gionale de Sant\u00e9 - IDF-2025-10-27-00002 - Arr\u00eat\u00e9 n\u00b0 2025-280 portant autorisation de cr\u00e9ation d'un PASA de 14 places au\nsein de l'EHPAD \u00ab Le Parc \u00bb sis 1 rue Scarron \u00e0 Fontenay-aux-Roses (92260) 6\nAgence R\u00e9gionale de Sant\u00e9\nIDF-2025-10-27-00003\nArr\u00eat\u00e9 n\u00b02025-281 portant autorisation de\ncr\u00e9ation d'un PASA de nuit de 14 places au sein\nde l'EHPAD \u00ab Lasserre \u00bb sis 4 rue S\u00e9verine \u00e0\nIssy-les-Moulineaux (92130) \nAgence R\u00e9gionale de Sant\u00e9 - IDF-2025-10-27-00003 - Arr\u00eat\u00e9 n\u00b02025-281 portant autorisation de cr\u00e9ation d'un PASA de nuit de 14\nplaces au sein de l'EHPAD \u00ab Lasserre \u00bb sis 4 rue S\u00e9verine \u00e0 Issy-les-Moulineaux (92130) 7\n| =\u00c9 hauts-de-REPUBLIQUE nautsde-seineFRAN CA ISE \u00a9 D Agence R\u00e9gionale de Sant\u00e9Libert\u00e9 \u00cele-de-France\u00c9galit\u00e9Fraternit\u00e9\n                                                                                              \n  \n \n \nARR\u00caT\u00c9 N\u00b0 2025-281   \n \nportant autorisation de cr\u00e9ation d'un P\u00f4le d'Activit\u00e9s et de Soins Adapt\u00e9s de nuit  \nde 14 places au sein de l'Etablissement d'H\u00e9bergement pour Personnes Ag\u00e9es \nD\u00e9pendantes (EHPAD) \u00ab Lasserre \u00bb sis 4 rue S\u00e9verine \u00e0 Issy-les-Moulineaux (92130)  \n \n \nLE DIRECTEUR G\u00c9N\u00c9RAL DE L'AGENCE R\u00c9GIONALE DE SANT\u00c9 \u00ceLE-DE-FRANCE  \n \nLE PR\u00c9SIDENT DU CONSEIL D\u00c9PARTEMENTAL DES HAUTS-DE-SEINE \n \n \nVU la loi n\u00b0 2015-1776 du 28 d\u00e9cembre 2015 relative \u00e0 l'adaptation de la soci\u00e9t\u00e9 au vieillissement \n(loi ASV) et ses d\u00e9crets d'application n\u00b02016-1164 du 26 ao\u00fbt 2016 et n\u00b02016 -1814 du 21 \nd\u00e9cembre 2016 ; \n \nVU le code de l'action sociale et des familles et notamment les articles L312 -1, L313-1, L314-3 \net suivants ; \n   \nVU le code g\u00e9n\u00e9ral des collectivit\u00e9s territoriales ; \n \nVU le r\u00e8glement d\u00e9partemental d'aide sociale approuv\u00e9 en mars 2017 ; \n \nVU le d\u00e9cret du 10 avril 2024 portant nomination de Monsieur Denis ROBIN, Directeur g\u00e9n\u00e9ral \nde l'Agence r\u00e9gionale de sant\u00e9 \u00cele-de-France \u00e0 compter du 29 avril 2024 ; \n  \nVU l'arr\u00eat\u00e9 DS N\u00b0115/2024 du 25 septembre 2024 portant d\u00e9l\u00e9gation de signature \u00e0 Madame \nSt\u00e9phanie TALBOT, Directrice de l'autonomie ; \n  \nVU l'arr\u00eat\u00e9 n\u00b02023-DAJA-43 du 21 juillet 2023 accordant d\u00e9l\u00e9gation de signature \u00e0 Monsieur \nJean-Michel RAPINAT, Directeur g\u00e9n\u00e9ral adjoint Responsable du P\u00f4le Solidarit\u00e9s et \u00e0 \nMadame Laurence HAUCK, adjointe au Directeur g\u00e9n\u00e9ral adjoint ; \n \nVU l'arr\u00eat\u00e9 n\u00b0 DIRNOV -2023/08 du 26 octobre 2023 de la Directrice g\u00e9n\u00e9rale de l'Agence \nr\u00e9gionale de sant\u00e9 \u00cele-de-France portant modification du cadre d'orientation strat\u00e9gique \n2018-2028 du projet r\u00e9gional de sant\u00e9 \u00cele-de-France ; \n \nVU l'arr\u00eat\u00e9 n\u00b0 DIRNOV-2023/09 du 26 octobre 2023 de la Directrice g\u00e9n\u00e9rale de l'Agence \nr\u00e9gionale de sant\u00e9 \u00cele-de-France portant adoption du sch\u00e9ma r\u00e9gional de sant\u00e9 2023 -2028 \ndu projet r\u00e9gional de sant\u00e9 \u00cele-de-France ; \n  \nVU \n \n \n \n \n \n \nl'arr\u00eat\u00e9 n\u00b0 2023-162 de la Directrice g\u00e9n\u00e9rale de l'Agence r\u00e9gionale  de sant\u00e9 Ile-de-France \ndu 19 juin 2023 \u00e9tablissant le programme interd\u00e9partemental d'accompagnement des \nhandicaps et de la perte d'autonomie (PRIAC) 2022-2026 pour la r\u00e9gion \u00cele-de-France ; \n \n \n \nAgence R\u00e9gionale de Sant\u00e9 - IDF-2025-10-27-00003 - Arr\u00eat\u00e9 n\u00b02025-281 portant autorisation de cr\u00e9ation d'un PASA de nuit de 14\nplaces au sein de l'EHPAD \u00ab Lasserre \u00bb sis 4 rue S\u00e9verine \u00e0 Issy-les-Moulineaux (92130) 8\nVU l'instruction n\u00b0 DGCS/SD3A/DREES/DMSI/2019/180 du 19 juillet 2019 relative \u00e0 \nl'enregistrement sur le fichier national des \u00e9tablissements sanitaires et sociaux (FINESS) des \ndispositifs sp\u00e9cifiques de prise en charge et d'accompagnement adapt\u00e9 des personnes \n\u00e2g\u00e9es atteintes de maladies neuro-d\u00e9g\u00e9n\u00e9ratives et de leurs proches aidants (PASA, UHR, \nPFR et ESA) ; \n \nVU le Plan national maladies neuro-d\u00e9g\u00e9n\u00e9ratives 2014-2019 ;  \n \nVU la Feuille de route maladies neuro-d\u00e9g\u00e9n\u00e9ratives 2021-2022 ; \n \nVU \n \nl'arr\u00eat\u00e9 conjoint n\u00b0 2016 -247 du 30 juin 2016 portant autorisation de cr\u00e9ation d'un P\u00f4le \nd'Activit\u00e9s et de Soins Adapt\u00e9s (PASA) de 14 places au sein de l'EHPAD Lasserre sis 4 rue \nS\u00e9verine \u00e0 Issy-les-Moulineaux (92130) ; \n \nVU l'arr\u00eat\u00e9 conjoint n\u00b0 2025-141 du 2 mai 2025 portant autorisation de cr\u00e9ation d'un centre de \nressources territorial port\u00e9 par l'EHPAD public autonome Lasserre ; \n \nVU l'avis d'appel \u00e0 candidatures pour la cr\u00e9ation de p\u00f4le d'activit\u00e9s et de soins adapt\u00e9s (PASA) \nen \u00cele-de-France publi\u00e9 le 5 mai 2024 ; \n \nVU l'avis de s\u00e9lection de l'appel \u00e0 candidatures pour la cr\u00e9ation de p\u00f4le d'activit\u00e9s et de soins \nadapt\u00e9s en \u00cele-de-France en date du 6 mars 2025, retenant le projet de PASA de l'EHPAD \n\u00ab Lasserre \u00bb ; \n \n \nCONSID\u00c9RANT que le PASA permet de prendre en charge et d'accueillir, sur une ouverture de \n6 jours par semaine  de 20h30 \u00e0 07h00, les personnes \u00e2g\u00e9es atteintes de la \nmaladie d'Alzheimer ou de maladies apparent\u00e9es ; \n  \nCONSID\u00c9RANT le montant de la dotation forfaitaire annuelle de 100 000 euros qui s'ajoute \u00e0 la \ndotation initiale de fonctionnement de l'EHPAD ;  \n \n \n       ARR\u00caTENT \n \n \nARTICLE 1er : L'EHPAD \u00ab L asserre \u00bb sis 4, rue S\u00e9verine \u00e0 Issy -les-Moulineaux (92130) , est \nautoris\u00e9 \u00e0 cr\u00e9er un P\u00f4le d'Activit\u00e9s et de Soins Adapt\u00e9s (PASA) de nuit de 14 \nplaces pour accueillir et prendre en charge des personnes atteintes de la maladie \nd'Alzheimer ou de maladies apparent\u00e9es. \n \nLe P\u00f4le d'Activit\u00e9s et de Soins Adapt\u00e9s est un lieu de vie au sein duquel sont \norganis\u00e9es et propos\u00e9es, durant la nuit, des activit\u00e9s th\u00e9rapeutiques aux r\u00e9sidents \nde l'EHPAD ayant des troubles du comportement mod\u00e9r\u00e9s.  \n \nARTICLE 2e : Le montant du forfait annuel dans le cadre du fonctionnement du PASA  de nuit \ns'\u00e9l\u00e8ve \u00e0 100 000 euros (hors taux d'\u00e9volution) en ann\u00e9e pleine pour un PASA de \n14 places et une ouverture de 6 jours par semaine de 20h30 \u00e0 07h00. \n \nARTICLE 3e : La capacit\u00e9 totale de l'EHPAD reste inchang\u00e9e et demeure fix\u00e9e \u00e0 131 places \nd'h\u00e9bergement permanent. \nL'EHPAD comprend un PASA de jour de 14 places ainsi qu'un PASA de nuit de 14 \nplaces. \n \nL'EHPAD est porteur d'un centre de ressources territorial sur le d\u00e9partement des \nHauts-de-Seine, sur le territoire du dispositif d'appui \u00e0 la coordination (DAC) 92 Sud. \nAgence R\u00e9gionale de Sant\u00e9 - IDF-2025-10-27-00003 - Arr\u00eat\u00e9 n\u00b02025-281 portant autorisation de cr\u00e9ation d'un PASA de nuit de 14\nplaces au sein de l'EHPAD \u00ab Lasserre \u00bb sis 4 rue S\u00e9verine \u00e0 Issy-les-Moulineaux (92130) 9\n \nARTICLE 4e : Cette structure est r\u00e9pertori\u00e9e dans le Fichier National des Etablissements \nSanitaires et Sociaux (FINESS) de la fa\u00e7on suivante : \n \nN\u00b0 FINESS Etablissement : 92 071 068 8 \nCode cat\u00e9gorie : [500] EHPAD \nCode MFT : [41] ARS/PCD, Tarif global, habilit\u00e9 aide sociale, sans PUI \n \nCode discipline : [924] Accueil pour Personnes Ag\u00e9es \nCode fonctionnement : [11] H\u00e9bergement Complet Internat \nCode client\u00e8le : [711] Personnes Ag\u00e9es d\u00e9pendantes \nCapacit\u00e9 : 131 \n \nCode discipline : [961] P\u00f4le d'activit\u00e9s et de soins adapt\u00e9s \nCode fonctionnement : [21] Accueil de Jour \nCode client\u00e8le : [436] Personnes Alzheimer ou maladies apparent\u00e9es \n  \nCode discipline : [961] P\u00f4le d'activit\u00e9s et de soins adapt\u00e9s   \nCode fonctionnement (type d'activit\u00e9) : [22] Accueil de nuit \nCode client\u00e8le : [436] Personnes Alzheimer ou maladies apparent\u00e9es \n  \nCode discipline : [412] Centre de ressources territorial pour les personnes \u00e2g\u00e9es   \nCode fonctionnement : [48] Tous modes d'accueil et d'accompagnement  \nCode client\u00e8le : [040] Aidants/aid\u00e9s Personnes \u00e2g\u00e9es \n \nN\u00b0 FINESS Gestionnaire : 92 000 138 5 \nCode statut : [21] Etablissement social et m\u00e9dico-social communal \n \nARTICLE 5e : \n \nLe pr\u00e9sent arr\u00eat\u00e9 est sans effet concernant la dur\u00e9e d'autorisation accord\u00e9e \u00e0 \nl'\u00e9tablissement pour 15 ans \u00e0 compter de sa date de cr\u00e9ation ou de renouvellement \nd'autorisation conform\u00e9ment aux conditions pr\u00e9vues aux articles L .312-8 et                                  \nL.313-5 du code de l'action sociale et des familles. \n \nARTICLE 6e : Un recours contre le pr\u00e9sent arr\u00eat\u00e9 peut \u00eatre form\u00e9 devant le tribunal administratif \ncomp\u00e9tent dans un d\u00e9lai de deux mois \u00e0 compter de sa notification.   \n  \nARTICLE 7e : Le Directeur de la D\u00e9l\u00e9gation d\u00e9partementale des Hauts -de-Seine de l'Agence \nr\u00e9gionale de sant\u00e9 \u00cele-de-France et le Directeur G\u00e9n\u00e9ral des Services du Conseil \nD\u00e9partemental des Hauts-de-Seine sont charg\u00e9s, chacun en ce qui le concerne, \nde l'ex\u00e9cution du pr\u00e9sent arr\u00eat\u00e9 qui sera notifi\u00e9 au demandeur, publi\u00e9 aux recueils \ndes actes administratifs de la R\u00e9gion \u00cele-de-France et du D\u00e9partement des Hauts-\nde-Seine. \n \nFait \u00e0 Saint-Denis, le 27/10/2025 \n \nPour le Directeur g\u00e9n\u00e9ral \nde l'Agence r\u00e9gionale de sant\u00e9 \n\u00cele-de-France et par d\u00e9l\u00e9gation \n \n \nSt\u00e9phanie TALBOT \nDirectrice de l'autonomie \nPour le Pr\u00e9sident du Conseil d\u00e9partemental \net par d\u00e9l\u00e9gation \nL'adjointe du Directeur g\u00e9n\u00e9ral adjoint \nP\u00f4le Solidarit\u00e9s \n \nLaurence HAUCK \n \nAgence R\u00e9gionale de Sant\u00e9 - IDF-2025-10-27-00003 - Arr\u00eat\u00e9 n\u00b02025-281 portant autorisation de cr\u00e9ation d'un PASA de nuit de 14\nplaces au sein de l'EHPAD \u00ab Lasserre \u00bb sis 4 rue S\u00e9verine \u00e0 Issy-les-Moulineaux (92130) 10\nDirection r\u00e9gionale des affaires culturelles\nd'Ile-de-France \nIDF-2025-10-21-00007\nArr\u00eat\u00e9 portant inscription en totalit\u00e9 au titre des\nmonuments historiques de la salle principale du\nrestaurant Fournaise, y compris ses peintures\nmurales, \u00e0 Chatou (Yvelines).\nDirection r\u00e9gionale des affaires culturelles d'Ile-de-France  - IDF-2025-10-21-00007 - Arr\u00eat\u00e9 portant inscription en totalit\u00e9 au titre des\nmonuments historiques de la salle principale du restaurant Fournaise, y compris ses peintures murales, \u00e0 Chatou (Yvelines). 11\nE=PREFET |DE LA REGIOND'\u00ceLE-DE-FRANCELibert\u00e9Egalit\u00e9Fraternit\u00e9\n \nPr\u00e9fecture de la r\u00e9gion d'Ile-de-France \n5 rue Leblanc  75015 Paris \u2013 Standard  01 82 52 40 00  \u2022 T\u00e9l\u00e9copie 01 82 52 40 16 \nAdresse Internet : www.paris-idf.gouv.fr  \n \n \n \n \n \n \n \n \n \n \n \nA R R \u00ca T \u00c9  N\u00b0  \n \nportant inscription en totalit\u00e9 au titre des monuments historiques de la salle principale du \nrestaurant Fournaise, y compris ses peintures murales, \u00e0 Chatou (Yvelines). \n \n \n \nLE PR\u00c9FET DE LA R\u00c9GION D'\u00ceLE-DE-FRANCE \nPR\u00c9FET DE PARIS \nCOMMANDEUR DE LA L\u00c9GION D'HONNEUR \nOFFICIER DE L'ORDRE NATIONAL DU M\u00c9RITE  \n \n \n \n \nVU le code du patrimoine, livre VI, titres I et II  ;  \n \nVU le d\u00e9cret n\u00b0 2004-374 du 29 avril 2004 relatif a ux pouvoirs des pr\u00e9fets, \u00e0 l'organisation et \u00e0 \nl'action des services de l'Etat dans les r\u00e9gions et d\u00e9partements ; \n \nVU l'article 113 de la loi n\u00b0 2016-925 du 7 juillet 2016 modifi\u00e9e relative \u00e0 la libert\u00e9 de la cr\u00e9ation, \u00e0 \nl'architecture et au patrimoine ;  \n \nVU l'arr\u00eat\u00e9 du 10 juin 1982 portant inscription de certaines parties du restaurant Fournaise \u00e0 \nChatou ; \n \nVU l'avis de la commission r\u00e9gionale du patrimoine et de l'architecture en date du 3 d\u00e9cembre \n2024  ; \n \nVU la lettre de demande de protection en date du 19 octobre 2023 ;  \n \nVU les autres pi\u00e8ces produites et jointes au dossier ; \n \nConsid\u00e9rant que les d\u00e9cors peints de la salle principale du restaurant Fournaise, situ\u00e9 sur l'\u00eele des \nImpressionnistes \u00e0 Chatou, t\u00e9moignent de la pratique r\u00e9pandue des artistes \u00e0 orner les murs des \nauberges qu'ils fr\u00e9quentaient, notamment au XIX \ne si\u00e8cle, et que ces caricatures murales sont \nrepr\u00e9sentatives de l'actualit\u00e9 nationale et internationale qui a marqu\u00e9 la d\u00e9cennie 1870-1880  ; \n \n \n            Direction r\u00e9gionale  \n  des affaires culturelles  \n  d'\u00cele-de-France  \n \nDirection r\u00e9gionale des affaires culturelles d'Ile-de-France  - IDF-2025-10-21-00007 - Arr\u00eat\u00e9 portant inscription en totalit\u00e9 au titre des\nmonuments historiques de la salle principale du restaurant Fournaise, y compris ses peintures murales, \u00e0 Chatou (Yvelines). 12\n \n \n \n \nA R R \u00ca T E \n \nARTICLE I \ner -. Est inscrite en totalit\u00e9 au titre des monuments historiques la salle principale du \nrestaurant Fournaise, y compris ses peintures murales, situ\u00e9 3, rue du Bac \u00e0 Chatou (78400, Yvelines), \nsitu\u00e9 sur la parcelle AH 24 d'une contenance de 550 m\u00e8tres carr\u00e9s telle que d\u00e9limit\u00e9e sur le plan \nannex\u00e9 :  \n \nLa Ville de Chatou est propri\u00e9taire du restaurant Fournaise par acte du 3 septembre 1979 , pass\u00e9 \ndevant ma\u00eetre Antin, notaire \u00e0 Chatou, publi\u00e9 au bureau des hypoth\u00e8ques de Versailles le 10 octobre \n1979, volume 9078 n\u00b0 10.   \n \nARTICLE 2-. Le pr\u00e9sent arr\u00eat\u00e9 compl\u00e8te l'arr\u00eat\u00e9 d'inscription du 10 juin 1982.  \n \nARTICLE 3-. Le pr\u00e9sent arr\u00eat\u00e9 sera notifi\u00e9 aux propri\u00e9taires, aux maires des communes concern\u00e9es et \nle cas \u00e9ch\u00e9ant, \u00e0 l'autorit\u00e9 comp\u00e9tente en mati\u00e8re de plan local d'urbanisme. \n \nARTICLE 4-. Le pr\u00e9fet de la r\u00e9gion d'\u00cele-de-France est charg\u00e9 de l'ex\u00e9cution du pr\u00e9sent arr\u00eat\u00e9, qui \nsera publi\u00e9 au fichier immobilier de la situation de l'immeuble inscrit et au recueil des actes \nadministratifs de la pr\u00e9fecture de r\u00e9gion. \n \n \n \n \n \nFait \u00e0 Paris, le 21 octobre 2025 \n \nLe pr\u00e9fet de la r\u00e9gion d'\u00cele-de-France, \nPr\u00e9fet de Paris \n \n \nSIGNE \nMarc GUILLAUME \n \n \n \n \nDirection r\u00e9gionale des affaires culturelles d'Ile-de-France  - IDF-2025-10-21-00007 - Arr\u00eat\u00e9 portant inscription en totalit\u00e9 au titre des\nmonuments historiques de la salle principale du restaurant Fournaise, y compris ses peintures murales, \u00e0 Chatou (Yvelines). 13\nid,ma\n \n \nA R R \u00ca T \u00c9  n\u00b0  \n \nPortant inscription en totalit\u00e9 au titre des monuments historiques de la salle principale du restaurant Fournaise, y compris ses peintures murales, \u00e0 Chatou \n(Yvelines). \nPlan du premier \n\u00e9tage  \n \n \n \n \n \n \n \n \n \n \n \n \n \n \n \n \n \n \n \n \n \nFait \u00e0 Paris, le 21 octobre 2025 \nLe pr\u00e9fet de la r\u00e9gion d'\u00cele-de-France, \nPr\u00e9fet de Paris \n \n \nSIGNE \nMarc GUILLAUME \n \n \nDirection r\u00e9gionale des affaires culturelles d'Ile-de-France  - IDF-2025-10-21-00007 - Arr\u00eat\u00e9 portant inscription en totalit\u00e9 au titre des\nmonuments historiques de la salle principale du restaurant Fournaise, y compris ses peintures murales, \u00e0 Chatou (Yvelines). 14","date":"2025-10-27","first_seen_on":"2025-10-27T18:02:15+00:00","id":"41af7b3c2634415e5fb75a52d70fad93a0b24315142e3b74e5731e91d264482e","name":"recueil-idf-060-2025-10-recueil-des-actes-administratifs-special du 27.10.2025","pdf_creation_date":"2025-10-27T16:07:18+00:00","pdf_modification_date":null,"timezone":"Europe/Paris","url":"https://www.prefectures-regions.gouv.fr/ile-de-france/irecontenu/telechargement/132146/969992/file/recueil-idf-060-2025-10-recueil-des-actes-administratifs-special%20du%2027.10.2025.pdf"}
