{"administration":"prefidf","administration_name":"Pr\u00e9fecture de la r\u00e9gion \u00cele-de-France","content":"PREFECTURE\nREGION ILE DE\nFRANCE\nRECUEIL DES ACTES\nADMINISTRATIFS SP\u00c9CIAL\nN\u00b0IDF-058-2025-06\nPUBLI\u00c9 LE 27 JUIN 2025\nSommaire\nD\u00e9l\u00e9gation r\u00e9gionale acad\u00e9mique \u00e0 la jeunesse, \u00e0 l'engagement\net aux sports /\nIDF-2025-06-16-00012 - Arr\u00eat\u00e9 de labellisation SIJ, CIJ de Seine-et-Marne -\n16 juin 2025 (2 pages) Page 3\nIDF-2025-06-16-00027 - Arr\u00eat\u00e9 de Labellisation Structure Information\nJeunesse  (SIJ)  Bezons - 16 juin 2025 (2 pages) Page 6\nIDF-2025-06-16-00024 - Arr\u00eat\u00e9 de labellisation Structure Information\nJeunesse  (SIJ)  Boissy-Saint-L\u00e9ger - 16 juin 2025 (2 pages) Page 9\nIDF-2025-06-16-00028 - Arr\u00eat\u00e9 de Labellisation Structure Information\nJeunesse  (SIJ)  Domont - 16 juin 2025 (2 pages) Page 12\nIDF-2025-06-16-00029 - Arr\u00eat\u00e9 de labellisation Structure Information\nJeunesse  (SIJ)  Ermont - 16 juin 2025 (2 pages) Page 15\nIDF-2025-06-16-00025 - Arr\u00eat\u00e9 de labellisation Structure Information\nJeunesse  (SIJ)  Kremlin-Bic\u00eatre - 16 juin 2025 (2 pages) Page 18\nIDF-2025-06-16-00013 - Arr\u00eat\u00e9 de labellisation Structure Information\nJeunesse  (SIJ)  Lieusaint - 16 juin 2025 (2 pages) Page 21\nIDF-2025-06-16-00026 - Arr\u00eat\u00e9 de labellisation Structure Information\nJeunesse  (SIJ)  Maisons-Alfort - 16 juin 2025 (2 pages) Page 24\nIDF-2025-06-16-00030 - Arr\u00eat\u00e9 de labellisation Structure Information\nJeunesse  (SIJ)  Montmorency - 16 juin 2025 (2 pages) Page 27\nIDF-2025-06-16-00014 - Arr\u00eat\u00e9 de Labellisation Structure Information\nJeunesse  (SIJ) Ach\u00e8res - 16 juin 2025 (2 pages) Page 30\n2\nD\u00e9l\u00e9gation r\u00e9gionale acad\u00e9mique \u00e0 la jeunesse, \u00e0\nl'engagement et aux sports\nIDF-2025-06-16-00012\nArr\u00eat\u00e9 de labellisation SIJ, CIJ de Seine-et-Marne -\n16 juin 2025\nD\u00e9l\u00e9gation r\u00e9gionale acad\u00e9mique \u00e0 la jeunesse, \u00e0 l'engagement et aux sports - IDF-2025-06-16-00012 - Arr\u00eat\u00e9 de labellisation SIJ, CIJ de\nSeine-et-Marne - 16 juin 2025 3\nREGION ACADEMIQUE\u00ceLE-DE-FRANCELibert\u00e9Egalit\u00e9Fraternit\u00e9\n \nDirection des services d\u00e9partementaux  \nde l'\u00e9ducation nationale de Seine-et-Marne \n  \n                                                                               \n \n \nD\u00e9l\u00e9gation r\u00e9gionale acad\u00e9mique jeunesse,  \nengagement et sports (DRAJES) \n6/8 rue Eug\u00e8ne Oudin\u00e9 - CS 81360 \n75634 PARIS CEDEX 13 \n1/2  \n \nARRETE N\u00b0 2025 \u2013 41 \n \n \nPORTANT ATTRIBUTION OU RENOUVELLEMENT DU LABEL \u00ab INFORMATION JEUNESSE \u00bb \n \n*** MELUN *** \n \nLA RECTRICE DE LA REGION ACADEMIQUE D'\u00ceLE-DE-FRANCE, RECTRICE DE PARIS, CHANCELIERE \nDES UNIVERSITES DE PARIS ET D'\u00ceLE-DE-FRANCE \n \nVU la loi n\u00b0 2017-86 du 27 janvier 2017 relative \u00e0 l'\u00e9galit\u00e9 et \u00e0 la citoyennet\u00e9 ; \n \nVU le d\u00e9cret n\u00b02017-574 du 19 avril 2017 relatif \u00e0 la labe llisation des structures \u00ab Information \nJeunesse \u00bb pris pour l'application de la loi relative \u00e0 l'\u00e9galit \u00e9 et \u00e0 la citoyennet\u00e9 n\u00b02017 -86 du 27 \njanvier 2017 ; \n \nVU le d\u00e9cret n\u00b0 2019-1200 du 20 novembre 20 19, relatif \u00e0 l'organisation des services d\u00e9concentr\u00e9s \ndes ministres charg\u00e9s de l'\u00c9ducation nationale et de l'Enseignement sup\u00e9rieur, de la Recherche et de \nl'Innovation ; \n \nVU le d\u00e9cret n\u00b0 2019-1201 du 20 novembre 2019 relatif \u00e0 l a nomination des recteurs d\u00e9l\u00e9gu\u00e9s \u00e0 \nl'\u00c9ducation nationale, \u00e0 l'Enseignement sup\u00e9rieur, \u00e0 la Recherche et \u00e0 l'Innovation en Conseil des \nministres ;  \n  \nVU le d\u00e9cret n\u00b0 2022-1184 du 25 ao\u00fbt 2022 portant modific ation du d\u00e9cret no 2017-574 du 19 avril \n2017 modifi\u00e9 relatif \u00e0 la labellisation des structures \u00ab Information Jeunesse \u00bb, pris pour l'application  \nde la loi relative \u00e0 l'\u00e9galit\u00e9 et \u00e0 la citoyennet\u00e9 no 2017-86 du 27 janvier 2017 ; \n \nVU le d\u00e9cret du 12 mars 2025 portant nomination de Julie Benetti, rectrice de la r\u00e9gion acad\u00e9mique \nIle-de-France, rectrice de l'acad\u00e9mie de Paris ; \n \nVU l'arr\u00eat\u00e9 du 19 avril 2017 pris en application du d\u00e9cret relatif \u00e0 la labellisation des structures \n\u00ab Information jeunesse \u00bb pris pour l'application de la loi relative \u00e0 l'\u00e9galit\u00e9 et \u00e0 la citoyennet\u00e9 n\u00b02017-\n86 du 27 janvier 2017 ; \n \nVU l'arr\u00eat\u00e9 IDF-2023-02-0015 n\u00b023-02 du 03 f\u00e9vrier 2023 relatif \u00e0 la constitution, \u00e0 la composition \nr\u00e9gionale et au fonctionnement de la formation sp\u00e9cialis\u00e9 e \u00ab Information Jeunesse \u00bb de la \nCommission r\u00e9gionale de la jeunesse, des sports et de la vie associative d'Ile-de-France (CRJSVA IDF) ; \nVU l'arr\u00eat\u00e9 2025-024 du 27 mars 2025 portant d\u00e9l\u00e9gation et subd\u00e9l\u00e9gation de signature de la rectrice de \nla r\u00e9gion acad\u00e9mique d'Ile -de-France en mati\u00e8re administrative pour la mise en \u0153uvre des missions de \njeunesse, d'engagement et de sports ; \nD\u00e9l\u00e9gation r\u00e9gionale acad\u00e9mique \u00e0 la jeunesse, \u00e0 l'engagement et aux sports - IDF-2025-06-16-00012 - Arr\u00eat\u00e9 de labellisation SIJ, CIJ de\nSeine-et-Marne - 16 juin 2025 4\nD\u00e9l\u00e9gation r\u00e9gionale acad\u00e9mique jeunesse,  \nengagement et sports (DRAJES) \n6/8 rue Eug\u00e8ne Oudin\u00e9 - CS 81360 \n75634 PARIS CEDEX 13 2/2  \n \nVU l'avis formul\u00e9 par la formation sp\u00e9cialis\u00e9e Information jeunesse d'\u00cele-de-France du 05 Juin 2025, issue \nde la commission r\u00e9gionale de la jeunesse, des sports et de la vie associative en Ile de France  \n \nARR\u00caTE : \nArticle 1er : \nEst labellis\u00e9e \u00ab Information Jeunesse \u00bb la structure suivante : \n \nStructure : Centre Information Jeunesse de Seine-et-Marne \n \nSitu\u00e9e : Amphith\u00e9\u00e2tre de la Courtille \u2013 6 bis Quai de la Courtille \u2013 77000 Melun \n \nArticle 2 : \n \nL'Etat accorde le Label, sous r\u00e9serve du respect des crit\u00e8res des conditions de sa d\u00e9livrance. \n \nLes services d\u00e9partementaux \u00e0 la jeunesse, \u00e0 l'engagement et aux sports, sont garants du respect des \nvaleurs du Label et sont responsables de la mise en \u0153uvre du Label et de l'organisation du processus \nde labellisation.  \n \nArticle 3 : \n \nL'entr\u00e9e en vigueur du label se fait \u00e0 la date de publication du pr\u00e9sent arr\u00eat\u00e9. \nLe label est attribu\u00e9 ou renouvel\u00e9 pour une dur\u00e9e de 6 ans  \u00e0 compter de la date de publication du \npr\u00e9sent arr\u00eat\u00e9 sous r\u00e9serve d'un bilan de sa mise en \u0153uvre par la structure au bout de 3 ans.  \n \nArticle 4 : \n \nLa D\u00e9l\u00e9gation r\u00e9gionale acad\u00e9mique \u00e0 la jeunesse, \u00e0 l 'engagement et aux sports est charg\u00e9e de \nl'ex\u00e9cution du pr\u00e9sent arr\u00eat\u00e9, qui sera publi\u00e9 au recueil des actes administratifs de la pr\u00e9fecture.  \n \nIl sera notifi\u00e9 aux maires des communes et aux responsables l\u00e9gaux des structures concern\u00e9es. \n \n \n \nFait \u00e0 Paris, le 16 juin 2025, \n \nPour la rectrice de r\u00e9gion acad\u00e9mique, rectrice de Paris, \nchanceli\u00e8re des universit\u00e9s de Paris et d'Ile-de-France, \nPar d\u00e9l\u00e9gation, \nLa d\u00e9l\u00e9gu\u00e9e r\u00e9gionale acad\u00e9mique \u00e0 la jeunesse,  \n\u00e0 l'engagement et aux sports d'Ile-de-France  \n \n                                                                                                                 SIGNE \n \nC\u00e9cile NICOL \nD\u00e9l\u00e9gation r\u00e9gionale acad\u00e9mique \u00e0 la jeunesse, \u00e0 l'engagement et aux sports - IDF-2025-06-16-00012 - Arr\u00eat\u00e9 de labellisation SIJ, CIJ de\nSeine-et-Marne - 16 juin 2025 5\nD\u00e9l\u00e9gation r\u00e9gionale acad\u00e9mique \u00e0 la jeunesse, \u00e0\nl'engagement et aux sports\nIDF-2025-06-16-00027\nArr\u00eat\u00e9 de Labellisation Structure Information\nJeunesse  (SIJ)  Bezons - 16 juin 2025\nD\u00e9l\u00e9gation r\u00e9gionale acad\u00e9mique \u00e0 la jeunesse, \u00e0 l'engagement et aux sports - IDF-2025-06-16-00027 - Arr\u00eat\u00e9 de Labellisation\nStructure Information Jeunesse  (SIJ)  Bezons - 16 juin 2025 6\nREGION ACADEMIQUE\u00ceLE-DE-FRANCELibert\u00e9Egalit\u00e9Fraternit\u00e9\n \nDirection des services d\u00e9partementaux  \nde l'\u00e9ducation nationale du Val d'Oise \n                                                                   \n \n \nD\u00e9l\u00e9gation r\u00e9gionale acad\u00e9mique jeunesse,  \nengagement et sports (DRAJES) \n6/8 rue Eug\u00e8ne Oudin\u00e9 - CS 81360 \n75634 PARIS CEDEX 13 \n1/2  \n \n \nARRETE N\u00b0 2025 - 56 \n \n \nPORTANT ATTRIBUTION OU RENOUVELLEMENT DU LABEL \u00ab INFORMATION JEUNESSE \u00bb \n \n*** BEZONS *** \n \nLA RECTRICE DE LA REGION ACADEMIQUE D'ILE-DE-FRANCE, RECTRICE DE PARIS, CHANCELIERE \nDES UNIVERSITES DE PARIS ET D'ILE-DE-FRANCE \n \nVU la loi n\u00b0 2017-86 du 27 janvier 2017 relative \u00e0 l'\u00e9galit\u00e9 et \u00e0 la citoyennet\u00e9 ; \n \nVU le d\u00e9cret n\u00b02017-574 du 19 avril 2017 relatif \u00e0 la labe llisation des structures \u00ab Information \nJeunesse \u00bb pris pour l'application de la loi relative \u00e0 l'\u00e9galit \u00e9 et \u00e0 la citoyennet\u00e9 n\u00b02017 -86 du 27 \njanvier 2017 ; \n \nVU le d\u00e9cret n\u00b0 2019-1200 du 20 novembre 2019, relatif \u00e0 l'organisation des services d\u00e9concentr\u00e9s \ndes ministres charg\u00e9s de l'\u00c9ducation nationale et de l'Enseignement sup\u00e9rieur, de la Recherche et de \nl'Innovation ; \n \nVU le d\u00e9cret n\u00b0 2019-1201 du 20 novembre 2019 relatif \u00e0 l a nomination des recteurs d\u00e9l\u00e9gu\u00e9s \u00e0 \nl'\u00c9ducation nationale, \u00e0 l'Enseignement sup\u00e9rieur, \u00e0 la Recherche et \u00e0 l'Innovation en Conseil des \nministres ;  \n  \nVU le d\u00e9cret n\u00b0 2022-1184 du 25 ao\u00fbt 2022 portant modific ation du d\u00e9cret no 2017-574 du 19 avril \n2017 modifi\u00e9 relatif \u00e0 la labelli sation des structures \u00ab Information Jeunesse \u00bb, pris pou r l'application  \nde la loi relative \u00e0 l'\u00e9galit\u00e9 et \u00e0 la citoyennet\u00e9 no 2017-86 du 27 janvier 2017 ; \n \nVU le d\u00e9cret du 12 mars 2025 portant nomination de Julie Benetti, rectrice de la r\u00e9gion acad\u00e9mique \nIle-de-France, rectrice de l'acad\u00e9mie de Paris ; \n \nVU l'arr\u00eat\u00e9 du 19 avril 2017 pris en application du d\u00e9cret relatif \u00e0 la labellisation des structures \n\u00ab Information jeunesse \u00bb pris pour l'application de la loi relative \u00e0 l'\u00e9galit\u00e9 et \u00e0 la citoyennet\u00e9 n\u00b02017-\n86 du 27 janvier 2017 ; \n \nVU l'arr\u00eat\u00e9 IDF-2023-02-0015 n\u00b023-02 du 03 f\u00e9vrier 2023 relatif \u00e0 la constitution, \u00e0 la composition \nr\u00e9gionale et au fonctionnement de la formation sp\u00e9cialis\u00e9 e \u00ab Information Jeunesse \u00bb de la \nCommission r\u00e9gionale de la jeunesse, des sports et de la vie associative d'Ile-de-France (CRJSVA IDF) ; \nVU l'arr\u00eat\u00e9 2025-024 du 27 mars 2025 portant d\u00e9l\u00e9gation et subd\u00e9l\u00e9gation de signature de la rectrice de \nla r\u00e9gion acad\u00e9mique d'Ile -de-France en mati\u00e8re administrative pour la mise en \u0153uvre des missions de \njeunesse, d'engagement et de sports ; \nD\u00e9l\u00e9gation r\u00e9gionale acad\u00e9mique \u00e0 la jeunesse, \u00e0 l'engagement et aux sports - IDF-2025-06-16-00027 - Arr\u00eat\u00e9 de Labellisation\nStructure Information Jeunesse  (SIJ)  Bezons - 16 juin 2025 7\nD\u00e9l\u00e9gation r\u00e9gionale acad\u00e9mique jeunesse,  \nengagement et sports (DRAJES) \n6/8 rue Eug\u00e8ne Oudin\u00e9 - CS 81360 \n75634 PARIS CEDEX 13 2/2  \n \nVU l'avis formul\u00e9 par la formation sp\u00e9cialis\u00e9e Information jeunesse d'Ile-de-France du 05 Juin 2025, issue \nde la commission r\u00e9gionale de la jeunesse, des sports et de la vie associative en Ile de France  \n \n \nARR\u00caTE : \n \nArticle 1er : \nEst labellis\u00e9e \u00ab Information Jeunesse \u00bb la structure suivante : \n \nStructure : Structure Information Jeunesse de Bezons \nSitu\u00e9e : Maison de la Jeunesse, Espace Elsa Triolet Aragon, 2 avenue Gabriel-P\u00e9ri \u2013 95870 Bezons \n \nArticle 2 : \n \nL'Etat accorde le Label, sous r\u00e9serve du respect des crit\u00e8res des conditions de sa d\u00e9livrance. \n \nLes services d\u00e9partementaux \u00e0 la jeunesse, \u00e0 l'engagement et aux sports, sont garants du respect des \nvaleurs du Label et sont responsables de la mise en \u0153uvre du Label et de l'organisation du processus \nde labellisation.  \n \nArticle 3 : \n \nL'entr\u00e9e en vigueur du label se fait \u00e0 la date de publication du pr\u00e9sent arr\u00eat\u00e9. \nLe label est attribu\u00e9 ou renouvel\u00e9 pour une dur\u00e9e de 6 ans  \u00e0 compter de la date de publication du \npr\u00e9sent arr\u00eat\u00e9 sous r\u00e9serve d'un bilan de sa mise en \u0153uvre par la structure au bout de 3 ans.  \n \nArticle 4 : \n \nLa D\u00e9l\u00e9gation r\u00e9gionale acad\u00e9mique \u00e0 la jeunesse, \u00e0 l 'engagement et aux sports est charg\u00e9e de \nl'ex\u00e9cution du pr\u00e9sent arr\u00eat\u00e9, qui sera publi\u00e9 au recueil des actes administratifs de la pr\u00e9fecture.  \n \nIl sera notifi\u00e9 aux maires des communes et aux responsables l\u00e9gaux des structures concern\u00e9es. \n \n \nFait \u00e0 Paris, le 16 juin 2025, \n \nPour la rectrice de r\u00e9gion acad\u00e9mique, rectrice de Paris, \nchanceli\u00e8re des universit\u00e9s de Paris et d'Ile-de-France, \nPar d\u00e9l\u00e9gation, \nLa d\u00e9l\u00e9gu\u00e9e r\u00e9gionale acad\u00e9mique \u00e0 la jeunesse,  \n\u00e0 l'engagement et aux sports d'Ile-de-France  \n \n                                                                                                                 SIGNE \n \nC\u00e9cile NICOL \n \nD\u00e9l\u00e9gation r\u00e9gionale acad\u00e9mique \u00e0 la jeunesse, \u00e0 l'engagement et aux sports - IDF-2025-06-16-00027 - Arr\u00eat\u00e9 de Labellisation\nStructure Information Jeunesse  (SIJ)  Bezons - 16 juin 2025 8\nD\u00e9l\u00e9gation r\u00e9gionale acad\u00e9mique \u00e0 la jeunesse, \u00e0\nl'engagement et aux sports\nIDF-2025-06-16-00024\nArr\u00eat\u00e9 de labellisation Structure Information\nJeunesse  (SIJ)  Boissy-Saint-L\u00e9ger - 16 juin 2025\nD\u00e9l\u00e9gation r\u00e9gionale acad\u00e9mique \u00e0 la jeunesse, \u00e0 l'engagement et aux sports - IDF-2025-06-16-00024 - Arr\u00eat\u00e9 de labellisation Structure\nInformation Jeunesse  (SIJ)  Boissy-Saint-L\u00e9ger - 16 juin 2025 9\nREGION ACADEMIQUE\u00ceLE-DE-FRANCELibert\u00e9Egalit\u00e9Fraternit\u00e9\n \nDirection des services d\u00e9partementaux  \nde l'\u00e9ducation nationale du Val de Marne \n                                                                   \n \n \nD\u00e9l\u00e9gation r\u00e9gionale acad\u00e9mique jeunesse,  \nengagement et sports (DRAJES) \n6/8 rue Eug\u00e8ne Oudin\u00e9 - CS 81360 \n75634 PARIS CEDEX 13 \n1/2  \n \nARRETE N\u00b0 2025 - 53 \n \n \nPORTANT ATTRIBUTION OU RENOUVELLEMENT DU LABEL \u00ab INFORMATION JEUNESSE \u00bb \n \n*** BOISSY-SAINT-LEGER *** \n \nLA RECTRICE DE LA REGION ACADEMIQUE D'ILE-DE-FRANCE, RECTRICE DE PARIS, CHANCELIERE \nDES UNIVERSITES DE PARIS ET D'ILE-DE-FRANCE \n \nVU la loi n\u00b0 2017-86 du 27 janvier 2017 relative \u00e0 l'\u00e9galit\u00e9 et \u00e0 la citoyennet\u00e9 ; \n \nVU le d\u00e9cret n\u00b02017-574 du 19 avril 2017 relatif \u00e0 la labe llisation des structures \u00ab Information \nJeunesse \u00bb pris pour l'application de la loi relative \u00e0 l'\u00e9galit \u00e9 et \u00e0 la citoyennet\u00e9 n\u00b02017 -86 du 27 \njanvier 2017 ; \n \nVU le d\u00e9cret n\u00b0 2019-1200 du 20 novembre 2019, relatif \u00e0 l'organisation des services d\u00e9concentr\u00e9s \ndes ministres charg\u00e9s de l'\u00c9ducation nationale et de l'Enseignement sup\u00e9rieur, de la Recherche et de \nl'Innovation ; \n \nVU le d\u00e9cret n\u00b0 2019-1201 du 20 novembre 2019 relatif \u00e0 l a nomination des recteurs d\u00e9l\u00e9gu\u00e9s \u00e0 \nl'\u00c9ducation nationale, \u00e0 l'Enseignement sup\u00e9rieur, \u00e0 la Recherche et \u00e0 l'Innovation en Conseil des \nministres ;  \n  \nVU le d\u00e9cret n\u00b0 2022-1184 du 25 ao\u00fbt 2022 portant modific ation du d\u00e9cret no 2017-574 du 19 avril \n2017 modifi\u00e9 relatif \u00e0 la labelli sation des structures \u00ab Information Jeunesse \u00bb, pris pou r l'application  \nde la loi relative \u00e0 l'\u00e9galit\u00e9 et \u00e0 la citoyennet\u00e9 no 2017-86 du 27 janvier 2017 ; \n \nVU le d\u00e9cret du 12 mars 2025 portant nomination de Julie Benetti, rectrice de la r\u00e9gion acad\u00e9mique \nIle-de-France, rectrice de l'acad\u00e9mie de Paris ; \n \nVU l'arr\u00eat\u00e9 du 19 avril 2017 pris en application du d\u00e9cret relatif \u00e0 la labellisation des structures \n\u00ab Information jeunesse \u00bb pris pour l'application de la loi relative \u00e0 l'\u00e9galit\u00e9 et \u00e0 la citoyennet\u00e9 n\u00b02017-\n86 du 27 janvier 2017 ; \n \nVU l'arr\u00eat\u00e9 IDF-2023-02-0015 n\u00b023-02 du 03 f\u00e9vrier 2023 relatif \u00e0 la constitution, \u00e0 la composition \nr\u00e9gionale et au fonctionnement de la formation sp\u00e9cialis\u00e9 e \u00ab Information Jeunesse \u00bb de la \nCommission r\u00e9gionale de la jeunesse, des sports et de la vie associative d'Ile-de-France (CRJSVA IDF) ; \nVU l'arr\u00eat\u00e9 2025-024 du 27 mars 2025 portant d\u00e9l\u00e9gation et subd\u00e9l\u00e9gation de signature de la rectrice de \nla r\u00e9gion acad\u00e9mique d'Ile -de-France en mati\u00e8re administrative pour la mise en \u0153uvre des missions de \njeunesse, d'engagement et de sports ; \n \nD\u00e9l\u00e9gation r\u00e9gionale acad\u00e9mique \u00e0 la jeunesse, \u00e0 l'engagement et aux sports - IDF-2025-06-16-00024 - Arr\u00eat\u00e9 de labellisation Structure\nInformation Jeunesse  (SIJ)  Boissy-Saint-L\u00e9ger - 16 juin 2025 10\nD\u00e9l\u00e9gation r\u00e9gionale acad\u00e9mique jeunesse,  \nengagement et sports (DRAJES) \n6/8 rue Eug\u00e8ne Oudin\u00e9 - CS 81360 \n75634 PARIS CEDEX 13 2/2  \nVU l'avis formul\u00e9 par la formation sp\u00e9cialis\u00e9e Information jeunesse d'Ile-de-France du 05 Juin 2025, issue \nde la commission r\u00e9gionale de la jeunesse, des sports et de la vie associative en Ile de France  \n \n \nARR\u00caTE : \n \nArticle 1er : \nEst labellis\u00e9e \u00ab Information Jeunesse \u00bb la structure suivante : \n \nStructure : Structure Information Jeunesse \u00ab Maison des Jeunes \u00bb de Boissy-Saint-L\u00e9ger \nSitu\u00e9e : Maison des Jeunes, 11 rue Gis\u00e8le Halimi - 94470 Boissy-Saint-L\u00e9ger \n \nArticle 2 : \n \nL'Etat accorde le Label, sous r\u00e9serve du respect des crit\u00e8res des conditions de sa d\u00e9livrance. \n \nLes services d\u00e9partementaux \u00e0 la jeunesse, \u00e0 l'engagement et aux sports, sont garants du respect des \nvaleurs du Label et sont responsables de la mise en \u0153uvre du Label et de l'organisation du processus \nde labellisation.  \n \nArticle 3 : \n \nL'entr\u00e9e en vigueur du label se fait \u00e0 la date de publication du pr\u00e9sent arr\u00eat\u00e9. \nLe label est attribu\u00e9 ou renouvel\u00e9 pour une dur\u00e9e de 6 ans  \u00e0 compter de la date de publication du \npr\u00e9sent arr\u00eat\u00e9 sous r\u00e9serve d'un bilan de sa mise en \u0153uvre par la structure au bout de 3 ans.  \n \nArticle 4 : \n \nLa D\u00e9l\u00e9gation r\u00e9gionale acad\u00e9mique \u00e0 la jeunesse, \u00e0 l 'engagement et aux sports est charg\u00e9e de \nl'ex\u00e9cution du pr\u00e9sent arr\u00eat\u00e9, qui sera publi\u00e9 au recueil des actes administratifs de la pr\u00e9fecture.  \n \nIl sera notifi\u00e9 aux maires des communes et aux responsables l\u00e9gaux des structures concern\u00e9es. \n \n \nFait \u00e0 Paris, le 16 juin 2025, \n \nPour la rectrice de r\u00e9gion acad\u00e9mique, rectrice de Paris, \nchanceli\u00e8re des universit\u00e9s de Paris et d'Ile-de-France, \nPar d\u00e9l\u00e9gation, \nLa d\u00e9l\u00e9gu\u00e9e r\u00e9gionale acad\u00e9mique \u00e0 la jeunesse,  \n\u00e0 l'engagement et aux sports d'Ile-de-France  \n \n                                                                                                                 SIGNE \n \nC\u00e9cile NICOL \n \nD\u00e9l\u00e9gation r\u00e9gionale acad\u00e9mique \u00e0 la jeunesse, \u00e0 l'engagement et aux sports - IDF-2025-06-16-00024 - Arr\u00eat\u00e9 de labellisation Structure\nInformation Jeunesse  (SIJ)  Boissy-Saint-L\u00e9ger - 16 juin 2025 11\nD\u00e9l\u00e9gation r\u00e9gionale acad\u00e9mique \u00e0 la jeunesse, \u00e0\nl'engagement et aux sports\nIDF-2025-06-16-00028\nArr\u00eat\u00e9 de Labellisation Structure Information\nJeunesse  (SIJ)  Domont - 16 juin 2025\nD\u00e9l\u00e9gation r\u00e9gionale acad\u00e9mique \u00e0 la jeunesse, \u00e0 l'engagement et aux sports - IDF-2025-06-16-00028 - Arr\u00eat\u00e9 de Labellisation\nStructure Information Jeunesse  (SIJ)  Domont - 16 juin 2025 12\nREGION ACADEMIQUE\u00ceLE-DE-FRANCELibert\u00e9Egalit\u00e9Fraternit\u00e9\n \nDirection des services d\u00e9partementaux  \nde l'\u00e9ducation nationale du Val d'Oise \n                                                                   \n \n \nD\u00e9l\u00e9gation r\u00e9gionale acad\u00e9mique jeunesse,  \nengagement et sports (DRAJES) \n6/8 rue Eug\u00e8ne Oudin\u00e9 - CS 81360 \n75634 PARIS CEDEX 13 \n1/2  \n \n \nARRETE N\u00b0 2025 - 57 \n \n \nPORTANT ATTRIBUTION OU RENOUVELLEMENT DU LABEL \u00ab INFORMATION JEUNESSE \u00bb \n \n*** DOMONT *** \n \nLA RECTRICE DE LA REGION ACADEMIQUE D'ILE-DE-FRANCE, RECTRICE DE PARIS, CHANCELIERE \nDES UNIVERSITES DE PARIS ET D'ILE-DE-FRANCE \n \nVU la loi n\u00b0 2017-86 du 27 janvier 2017 relative \u00e0 l'\u00e9galit\u00e9 et \u00e0 la citoyennet\u00e9 ; \n \nVU le d\u00e9cret n\u00b02017-574 du 19 avril 2017 relatif \u00e0 la labe llisation des structures \u00ab Information \nJeunesse \u00bb pris pour l'application de la loi relative \u00e0 l'\u00e9galit \u00e9 et \u00e0 la citoyennet\u00e9 n\u00b02017 -86 du 27 \njanvier 2017 ; \n \nVU le d\u00e9cret n\u00b0 2019-1200 du 20 novembre 2019, relatif \u00e0 l'organisation des services d\u00e9concentr\u00e9s \ndes ministres charg\u00e9s de l'\u00c9ducation nationale et de l'Enseignement sup\u00e9rieur, de la Recherche et de \nl'Innovation ; \n \nVU le d\u00e9cret n\u00b0 2019-1201 du 20 novembre 2019 relatif \u00e0 l a nomination des recteurs d\u00e9l\u00e9gu\u00e9s \u00e0 \nl'\u00c9ducation nationale, \u00e0 l'Enseignement sup\u00e9rieur, \u00e0 la Recherche et \u00e0 l'Innovation en Conseil des \nministres ;  \n  \nVU le d\u00e9cret n\u00b0 2022-1184 du 25 ao\u00fbt 2022 portant modific ation du d\u00e9cret no 2017-574 du 19 avril \n2017 modifi\u00e9 relatif \u00e0 la labellisation des structures \u00ab Information Jeunesse \u00bb, pris pour l'application  \nde la loi relative \u00e0 l'\u00e9galit\u00e9 et \u00e0 la citoyennet\u00e9 no 2017-86 du 27 janvier 2017 ; \n \nVU le d\u00e9cret du 12 mars 2025 portant nomination de Julie Benetti, rectrice de la r\u00e9gion acad\u00e9mique \nIle-de-France, rectrice de l'acad\u00e9mie de Paris ; \n \nVU l'arr\u00eat\u00e9 du 19 avril 2017 pris en application du d\u00e9cret relatif \u00e0 la labellisation des structures \n\u00ab Information jeunesse \u00bb pris pour l'application de la loi relative \u00e0 l'\u00e9galit\u00e9 et \u00e0 la citoyennet\u00e9 n\u00b02017-\n86 du 27 janvier 2017 ; \n \nVU l'arr\u00eat\u00e9 IDF-2023-02-0015 n\u00b023-02 du 03 f\u00e9vrier 2023 relatif \u00e0 la constitution, \u00e0 la composition \nr\u00e9gionale et au fonctionnement de la formation sp\u00e9cialis\u00e9 e \u00ab Information Jeunesse \u00bb de la \nCommission r\u00e9gionale de la jeunesse, des sports et de la vie associative d'Ile-de-France (CRJSVA IDF) ; \nVU l'arr\u00eat\u00e9 2025-024 du 27 mars 2025 portant d\u00e9l\u00e9gation et subd\u00e9l\u00e9gation de signature de la rectrice de \nla r\u00e9gion acad\u00e9mique d'Ile -de-France en mati\u00e8re administrative pour la mise en \u0153u vre des missions de \njeunesse, d'engagement et de sports ; \nD\u00e9l\u00e9gation r\u00e9gionale acad\u00e9mique \u00e0 la jeunesse, \u00e0 l'engagement et aux sports - IDF-2025-06-16-00028 - Arr\u00eat\u00e9 de Labellisation\nStructure Information Jeunesse  (SIJ)  Domont - 16 juin 2025 13\nD\u00e9l\u00e9gation r\u00e9gionale acad\u00e9mique jeunesse,  \nengagement et sports (DRAJES) \n6/8 rue Eug\u00e8ne Oudin\u00e9 - CS 81360 \n75634 PARIS CEDEX 13 2/2  \n \nVU l'avis formul\u00e9 par la formation sp\u00e9cialis\u00e9e Information jeunesse d'Ile-de-France du 05 Juin 2025, issue \nde la commission r\u00e9gionale de la jeunesse, des sports et de la vie associative en Ile de France  \n \n \nARR\u00caTE : \n \nArticle 1er : \nEst labellis\u00e9e \u00ab Information Jeunesse \u00bb la structure suivante : \n \nStructure : Structure Information Jeunesse de Domont \nSitu\u00e9e Service Municipal Jeunesse les Tournesols, 83 rue Aristide Briand \u2013 95330 Domont \n \nArticle 2 : \n \nL'Etat accorde le Label, sous r\u00e9serve du respect des crit\u00e8res des conditions de sa d\u00e9livrance. \n \nLes services d\u00e9partementaux \u00e0 la jeunesse, \u00e0 l'engagement et aux sports, sont garants du respect des \nvaleurs du Label et sont responsables de la mise en \u0153uvre du Label et de l'organisation du processus \nde labellisation.  \n \nArticle 3 : \n \nL'entr\u00e9e en vigueur du label se fait \u00e0 la date de publication du pr\u00e9sent arr\u00eat\u00e9. \nLe label est attribu\u00e9 ou renouvel\u00e9 pour une dur\u00e9e de 6 ans  \u00e0 compter de la date de publication du \npr\u00e9sent arr\u00eat\u00e9 sous r\u00e9serve d'un bilan de sa mise en \u0153uvre par la structure au bout de 3 ans.  \n \nArticle 4 : \n \nLa D\u00e9l\u00e9gation r\u00e9gionale acad\u00e9mique \u00e0 la jeunesse, \u00e0 l 'engagement et aux sports est charg\u00e9e de \nl'ex\u00e9cution du pr\u00e9sent arr\u00eat\u00e9, qui sera publi\u00e9 au recueil des actes administratifs de la pr\u00e9fecture.  \n \nIl sera notifi\u00e9 aux maires des communes et aux responsables l\u00e9gaux des structures concern\u00e9es. \n \n \nFait \u00e0 Paris, le 16 juin 2025, \n \nPour la rectrice de r\u00e9gion acad\u00e9mique, rectrice de Paris, \nchanceli\u00e8re des universit\u00e9s de Paris et d'Ile-de-France, \nPar d\u00e9l\u00e9gation, \nLa d\u00e9l\u00e9gu\u00e9e r\u00e9gionale acad\u00e9mique \u00e0 la jeunesse,  \n\u00e0 l'engagement et aux sports d'Ile-de-France  \n \n                                                                                                                 SIGNE \n \nC\u00e9cile NICOL \nD\u00e9l\u00e9gation r\u00e9gionale acad\u00e9mique \u00e0 la jeunesse, \u00e0 l'engagement et aux sports - IDF-2025-06-16-00028 - Arr\u00eat\u00e9 de Labellisation\nStructure Information Jeunesse  (SIJ)  Domont - 16 juin 2025 14\nD\u00e9l\u00e9gation r\u00e9gionale acad\u00e9mique \u00e0 la jeunesse, \u00e0\nl'engagement et aux sports\nIDF-2025-06-16-00029\nArr\u00eat\u00e9 de labellisation Structure Information\nJeunesse  (SIJ)  Ermont - 16 juin 2025\nD\u00e9l\u00e9gation r\u00e9gionale acad\u00e9mique \u00e0 la jeunesse, \u00e0 l'engagement et aux sports - IDF-2025-06-16-00029 - Arr\u00eat\u00e9 de labellisation Structure\nInformation Jeunesse  (SIJ)  Ermont - 16 juin 2025 15\nREGION ACADEMIQUE\u00ceLE-DE-FRANCELibert\u00e9Egalit\u00e9Fraternit\u00e9\n \nDirection des services d\u00e9partementaux  \nde l'\u00e9ducation nationale du Val d'Oise \n                                                                   \n \n \nD\u00e9l\u00e9gation r\u00e9gionale acad\u00e9mique jeunesse,  \nengagement et sports (DRAJES) \n6/8 rue Eug\u00e8ne Oudin\u00e9 - CS 81360 \n75634 PARIS CEDEX 13 \n1/2  \n \n \nARRETE N\u00b0 2025 - 58 \n \n \nPORTANT ATTRIBUTION OU RENOUVELLEMENT DU LABEL \u00ab INFORMATION JEUNESSE \u00bb \n \n*** ERMONT *** \n \nLA RECTRICE DE LA REGION ACADEMIQUE D'ILE-DE-FRANCE, RECTRICE DE PARIS, CHANCELIERE \nDES UNIVERSITES DE PARIS ET D'ILE-DE-FRANCE \n \nVU la loi n\u00b0 2017-86 du 27 janvier 2017 relative \u00e0 l'\u00e9galit\u00e9 et \u00e0 la citoyennet\u00e9 ; \n \nVU le d\u00e9cret n\u00b02017-574 du 19 avril 2017 relatif \u00e0 la labe llisation des structures \u00ab Information \nJeunesse \u00bb pris pour l'application de la loi relative \u00e0 l'\u00e9galit \u00e9 et \u00e0 la citoyennet\u00e9 n\u00b02017 -86 du 27 \njanvier 2017 ; \n \nVU le d\u00e9cret n\u00b0 2019-1200 du 20 novembre 2019, relatif \u00e0 l'organisation des services d\u00e9concentr\u00e9s \ndes ministres charg\u00e9s de l'\u00c9ducation nationale et de l'Enseignement sup\u00e9rieur, de la Recherche et de \nl'Innovation ; \n \nVU le d\u00e9cret n\u00b0 2019-1201 du 20 novembre 2019 relatif \u00e0 l a nomination des recteurs d\u00e9l\u00e9gu\u00e9s \u00e0 \nl'\u00c9ducation nationale, \u00e0 l'Enseignement sup\u00e9rieur, \u00e0 la Recherche et \u00e0 l'Innovation en Conseil des \nministres ;  \n  \nVU le d\u00e9cret n\u00b0 2022-1184 du 25 ao\u00fbt 2022 portant modific ation du d\u00e9cret no 2017-574 du 19 avril \n2017 modifi\u00e9 relatif \u00e0 la labelli sation des structures \u00ab Information Jeunesse \u00bb, pris pou r l'application  \nde la loi relative \u00e0 l'\u00e9galit\u00e9 et \u00e0 la citoyennet\u00e9 no 2017-86 du 27 janvier 2017 ; \n \nVU le d\u00e9cret du 12 mars 2025 portant nomination de Julie Benetti, rectrice de la r\u00e9gion acad\u00e9mique \nIle-de-France, rectrice de l'acad\u00e9mie de Paris ; \n \nVU l'arr\u00eat\u00e9 du 19 avril 2017 pris en application du d\u00e9cret relatif \u00e0 la labellisation des structures \n\u00ab Information jeunesse \u00bb pris pour l'application de la loi relative \u00e0 l'\u00e9galit\u00e9 et \u00e0 la citoyennet\u00e9 n\u00b02017-\n86 du 27 janvier 2017 ; \n \nVU l'arr\u00eat\u00e9 IDF-2023-02-0015 n\u00b023-02 du 03 f\u00e9vrier 2023 relatif \u00e0 la constitution, \u00e0 la composition \nr\u00e9gionale et au fonctionnement de la formation sp\u00e9cialis\u00e9 e \u00ab Information Jeunesse \u00bb de la \nCommission r\u00e9gionale de la jeunesse, des sports et de la vie associative d'Ile-de-France (CRJSVA IDF) ; \nVU l'arr\u00eat\u00e9 2025-024 du 27 mars 2025 portant d\u00e9l\u00e9gation et subd\u00e9l\u00e9gation de signature de la rectrice de \nla r\u00e9gion acad\u00e9mique d'Ile -de-France en mati\u00e8re administrative pour la mise en \u0153uvre des missions de \njeunesse, d'engagement et de sports ; \nD\u00e9l\u00e9gation r\u00e9gionale acad\u00e9mique \u00e0 la jeunesse, \u00e0 l'engagement et aux sports - IDF-2025-06-16-00029 - Arr\u00eat\u00e9 de labellisation Structure\nInformation Jeunesse  (SIJ)  Ermont - 16 juin 2025 16\nD\u00e9l\u00e9gation r\u00e9gionale acad\u00e9mique jeunesse,  \nengagement et sports (DRAJES) \n6/8 rue Eug\u00e8ne Oudin\u00e9 - CS 81360 \n75634 PARIS CEDEX 13 2/2  \n \nVU l'avis formul\u00e9 par la formation sp\u00e9cialis\u00e9e Information jeunesse d'Ile-de-France du 05 Juin 2025, issue \nde la commission r\u00e9gionale de la jeunesse, des sports et de la vie associative en Ile de France  \n \n \nARR\u00caTE : \n \nArticle 1er : \nEst labellis\u00e9e \u00ab Information Jeunesse \u00bb la structure suivante : \n \nStructure : Structure Information Jeunesse d'Ermont \nSitu\u00e9e : Centre socio-culturel Fran\u00e7ois Rude, All\u00e9e Jean-de-Florette - 95120 Ermont. \n \nArticle 2 : \n \nL'Etat accorde le Label, sous r\u00e9serve du respect des crit\u00e8res des conditions de sa d\u00e9livrance. \n \nLes services d\u00e9partementaux \u00e0 la jeunesse, \u00e0 l'engagement et aux sports, sont garants du respect des \nvaleurs du Label et sont responsables de la mise en \u0153uvre du Label et de l'organisation du processus \nde labellisation.  \n \nArticle 3 : \n \nL'entr\u00e9e en vigueur du label se fait \u00e0 la date de publication du pr\u00e9sent arr\u00eat\u00e9. \nLe label est attribu\u00e9 ou renouvel\u00e9 pour une dur\u00e9e de 6 ans  \u00e0 compter de la date de publication du \npr\u00e9sent arr\u00eat\u00e9 sous r\u00e9serve d'un bilan de sa mise en \u0153uvre par la structure au bout de 3 ans.  \n \nArticle 4 : \n \nLa D\u00e9l\u00e9gation r\u00e9gionale acad\u00e9mique \u00e0 la jeunesse, \u00e0 l 'engagement et aux sports est charg\u00e9e de \nl'ex\u00e9cution du pr\u00e9sent arr\u00eat\u00e9, qui sera publi\u00e9 au recueil des actes administratifs de la pr\u00e9fecture.  \n \nIl sera notifi\u00e9 aux maires des communes et aux responsables l\u00e9gaux des structures concern\u00e9es. \n \n \nFait \u00e0 Paris, le 16 juin 2025, \n \nPour la rectrice de r\u00e9gion acad\u00e9mique, rectrice de Paris, \nchanceli\u00e8re des universit\u00e9s de Paris et d'Ile-de-France, \nPar d\u00e9l\u00e9gation, \nLa d\u00e9l\u00e9gu\u00e9e r\u00e9gionale acad\u00e9mique \u00e0 la jeunesse,  \n\u00e0 l'engagement et aux sports d'Ile-de-France  \n \n                                                                                                                 SIGNE \n \nC\u00e9cile NICOL \n \nD\u00e9l\u00e9gation r\u00e9gionale acad\u00e9mique \u00e0 la jeunesse, \u00e0 l'engagement et aux sports - IDF-2025-06-16-00029 - Arr\u00eat\u00e9 de labellisation Structure\nInformation Jeunesse  (SIJ)  Ermont - 16 juin 2025 17\nD\u00e9l\u00e9gation r\u00e9gionale acad\u00e9mique \u00e0 la jeunesse, \u00e0\nl'engagement et aux sports\nIDF-2025-06-16-00025\nArr\u00eat\u00e9 de labellisation Structure Information\nJeunesse  (SIJ)  Kremlin-Bic\u00eatre - 16 juin 2025\nD\u00e9l\u00e9gation r\u00e9gionale acad\u00e9mique \u00e0 la jeunesse, \u00e0 l'engagement et aux sports - IDF-2025-06-16-00025 - Arr\u00eat\u00e9 de labellisation Structure\nInformation Jeunesse  (SIJ)  Kremlin-Bic\u00eatre - 16 juin 2025 18\nREGION ACADEMIQUE\u00ceLE-DE-FRANCELibert\u00e9Egalit\u00e9Fraternit\u00e9\n \nDirection des services d\u00e9partementaux  \nde l'\u00e9ducation nationale du Val de Marne \n                                                                   \n \n \nD\u00e9l\u00e9gation r\u00e9gionale acad\u00e9mique jeunesse,  \nengagement et sports (DRAJES) \n6/8 rue Eug\u00e8ne Oudin\u00e9 - CS 81360 \n75634 PARIS CEDEX 13 \n1/2  \n \n \nARRETE N\u00b0 2025 - 54 \n \n \nPORTANT ATTRIBUTION OU RENOUVELLEMENT DU LABEL \u00ab INFORMATION JEUNESSE \u00bb \n \n*** KREMLIN-BICETRE *** \n \nLA RECTRICE DE LA REGION ACADEMIQUE D'ILE-DE-FRANCE, RECTRICE DE PARIS, CHANCELIERE \nDES UNIVERSITES DE PARIS ET D'ILE-DE-FRANCE \n \nVU la loi n\u00b0 2017-86 du 27 janvier 2017 relative \u00e0 l'\u00e9galit\u00e9 et \u00e0 la citoyennet\u00e9 ; \n \nVU le d\u00e9cret n\u00b02017-574 du 19 avril 2017 relatif \u00e0 la labe llisation des structures \u00ab Information \nJeunesse \u00bb pris pour l'application de la loi relative \u00e0 l'\u00e9galit \u00e9 et \u00e0 la citoyennet\u00e9 n\u00b02017 -86 du 27 \njanvier 2017 ; \n \nVU le d\u00e9cret n\u00b0 2019-1200 du 20 novembre 2019, relatif \u00e0 l'organisation des services d\u00e9concentr\u00e9s \ndes ministres charg\u00e9s de l'\u00c9ducation nationale et de l'Enseignement sup\u00e9rieur, de la Recherche et de \nl'Innovation ; \n \nVU le d\u00e9cret n\u00b0 2019-1201 du 20 novembre 2019 relatif \u00e0 l a nomination des recteurs d\u00e9l\u00e9gu\u00e9s \u00e0 \nl'\u00c9ducation nationale, \u00e0 l'Enseignement sup\u00e9rieur, \u00e0 la Recherche et \u00e0 l'Innovation en Conseil des \nministres ;  \n  \nVU le d\u00e9cret n\u00b0 2022-1184 du 25 ao\u00fbt 2022 portant modific ation du d\u00e9cret no 2017-574 du 19 avril \n2017 modifi\u00e9 relatif \u00e0 la labelli sation des structures \u00ab Information Jeunesse \u00bb, pris pou r l'application  \nde la loi relative \u00e0 l'\u00e9galit\u00e9 et \u00e0 la citoyennet\u00e9 no 2017-86 du 27 janvier 2017 ; \n \nVU le d\u00e9cret du 12 mars 2025 portant nomination de Julie Benetti, rectrice de la r\u00e9gion acad\u00e9mique \nIle-de-France, rectrice de l'acad\u00e9mie de Paris ; \n \nVU l'arr\u00eat\u00e9 du 19 avril 2017 pris en application du d\u00e9cret relatif \u00e0 la labellisation des structures \n\u00ab Information jeunesse \u00bb pris pour l'application de la loi relative \u00e0 l'\u00e9galit\u00e9 et \u00e0 la citoyennet\u00e9 n\u00b02017-\n86 du 27 janvier 2017 ; \n \nVU l'arr\u00eat\u00e9 IDF-2023-02-0015 n\u00b023-02 du 03 f\u00e9vrier 2023 relatif \u00e0 la constitution, \u00e0 la composition \nr\u00e9gionale et au fonctionnement de la formation sp\u00e9cialis\u00e9 e \u00ab Information Jeunesse \u00bb de la \nCommission r\u00e9gionale de la jeunesse, des sports et de la vie associative d'Ile-de-France (CRJSVA IDF) ; \nVU l'arr\u00eat\u00e9 2025-024 du 27 mars 2025 portant d\u00e9l\u00e9gation et subd\u00e9l\u00e9gation de signature de la rectrice de \nla r\u00e9gion acad\u00e9mique d'Ile -de-France en mati\u00e8re administrative pour la mise en \u0153uvre des missions de \njeunesse, d'engagement et de sports ; \nD\u00e9l\u00e9gation r\u00e9gionale acad\u00e9mique \u00e0 la jeunesse, \u00e0 l'engagement et aux sports - IDF-2025-06-16-00025 - Arr\u00eat\u00e9 de labellisation Structure\nInformation Jeunesse  (SIJ)  Kremlin-Bic\u00eatre - 16 juin 2025 19\nD\u00e9l\u00e9gation r\u00e9gionale acad\u00e9mique jeunesse,  \nengagement et sports (DRAJES) \n6/8 rue Eug\u00e8ne Oudin\u00e9 - CS 81360 \n75634 PARIS CEDEX 13 2/2  \n \nVU l'avis formul\u00e9 par la formation sp\u00e9cialis\u00e9e Information jeunesse d'Ile-de-France du 05 Juin 2025, issue \nde la commission r\u00e9gionale de la jeunesse, des sports et de la vie associative en Ile de France  \n \n \nARR\u00caTE : \nArticle 1er : \nEst labellis\u00e9e \u00ab Information Jeunesse \u00bb la structure suivante : \n \nStructure : Structure Information Jeunesse du Kremlin-Bic\u00eatre \nSitu\u00e9e : 40 avenue Charles Gide \u2013 94270 Le Kremlin-Bic\u00eatre \n \nArticle 2 : \n \nL'Etat accorde le Label, sous r\u00e9serve du respect des crit\u00e8res des conditions de sa d\u00e9livrance. \n \nLes services d\u00e9partementaux \u00e0 la jeunesse, \u00e0 l'engagement et aux sports, sont garants du respect des \nvaleurs du Label et sont responsables de la mise en \u0153uvre du Label et de l'organisation du processus \nde labellisation.  \n \nArticle 3 : \n \nL'entr\u00e9e en vigueur du label se fait \u00e0 la date de publication du pr\u00e9sent arr\u00eat\u00e9. \nLe label est attribu\u00e9 ou renouvel\u00e9 pour une dur\u00e9e de 6 ans  \u00e0 compter de la date de publication du \npr\u00e9sent arr\u00eat\u00e9 sous r\u00e9serve d'un bilan de sa mise en \u0153uvre par la structure au bout de 3 ans.  \n \nArticle 4 : \n \nLa D\u00e9l\u00e9gation r\u00e9gionale acad\u00e9mique \u00e0 la jeunesse, \u00e0 l 'engagement et aux sports est charg\u00e9e de \nl'ex\u00e9cution du pr\u00e9sent arr\u00eat\u00e9, qui sera publi\u00e9 au recueil des actes administratifs de la pr\u00e9fecture.  \n \nIl sera notifi\u00e9 aux maires des communes et aux responsables l\u00e9gaux des structures concern\u00e9es. \n \nFait \u00e0 Paris, le 16 juin 2025, \n \nPour la rectrice de r\u00e9gion acad\u00e9mique, rectrice de Paris, \nchanceli\u00e8re des universit\u00e9s de Paris et d'Ile-de-France, \nPar d\u00e9l\u00e9gation, \nLa d\u00e9l\u00e9gu\u00e9e r\u00e9gionale acad\u00e9mique \u00e0 la jeunesse,  \n\u00e0 l'engagement et aux sports d'Ile-de-France  \n \n                                                                                                                 SIGNE \n \nC\u00e9cile NICOL \n \nD\u00e9l\u00e9gation r\u00e9gionale acad\u00e9mique \u00e0 la jeunesse, \u00e0 l'engagement et aux sports - IDF-2025-06-16-00025 - Arr\u00eat\u00e9 de labellisation Structure\nInformation Jeunesse  (SIJ)  Kremlin-Bic\u00eatre - 16 juin 2025 20\nD\u00e9l\u00e9gation r\u00e9gionale acad\u00e9mique \u00e0 la jeunesse, \u00e0\nl'engagement et aux sports\nIDF-2025-06-16-00013\nArr\u00eat\u00e9 de labellisation Structure Information\nJeunesse  (SIJ)  Lieusaint - 16 juin 2025\nD\u00e9l\u00e9gation r\u00e9gionale acad\u00e9mique \u00e0 la jeunesse, \u00e0 l'engagement et aux sports - IDF-2025-06-16-00013 - Arr\u00eat\u00e9 de labellisation Structure\nInformation Jeunesse  (SIJ)  Lieusaint - 16 juin 2025 21\nREGION ACADEMIQUE\u00ceLE-DE-FRANCELibert\u00e9Egalit\u00e9Fraternit\u00e9\n \nDirection des services d\u00e9partementaux  \nde l'\u00e9ducation nationale de Seine-et-Marne \n                                                                   \n \n \nD\u00e9l\u00e9gation r\u00e9gionale acad\u00e9mique jeunesse,  \nengagement et sports (DRAJES) \n6/8 rue Eug\u00e8ne Oudin\u00e9 - CS 81360 \n75634 PARIS CEDEX 13 \n1/2  \n \n \nARRETE N\u00b0 2025 \u2013 42 \n \n \nPORTANT ATTRIBUTION OU RENOUVELLEMENT DU LABEL \u00ab INFORMATION JEUNESSE \u00bb \n \n*** LIEUSAINT *** \n \nLA RECTRICE DE LA REGION ACADEMIQUE D'ILE-DE-FRANCE, RECTRICE DE PARIS, CHANCELIERE \nDES UNIVERSITES DE PARIS ET D'ILE-DE-FRANCE \n \nVU la loi n\u00b0 2017-86 du 27 janvier 2017 relative \u00e0 l'\u00e9galit\u00e9 et \u00e0 la citoyennet\u00e9 ; \n \nVU le d\u00e9cret n\u00b02017-574 du 19 avril 2017 relatif \u00e0 la labe llisation des structures \u00ab Information \nJeunesse \u00bb pris pour l'application de la loi relative \u00e0 l'\u00e9galit \u00e9 et \u00e0 la citoyennet\u00e9 n\u00b02017 -86 du 27 \njanvier 2017 ; \n \nVU le d\u00e9cret n\u00b0 2019-1200 du 20 novembre 2019, relatif \u00e0 l'organisation des services d\u00e9concentr\u00e9s \ndes ministres charg\u00e9s de l'\u00c9ducation nationale et de l'Enseignement sup\u00e9rieur, de la Recherche et de \nl'Innovation ; \n \nVU le d\u00e9cret n\u00b0 2019-1201 du 20 novembre 2019 relatif \u00e0 l a nomination des recteurs d\u00e9l\u00e9gu\u00e9s \u00e0 \nl'\u00c9ducation nationale, \u00e0 l'Enseignement sup\u00e9rieur, \u00e0 la Recherche et \u00e0 l'Innovation en Conseil des \nministres ;  \n  \nVU le d\u00e9cret n\u00b0 2022-1184 du 25 ao\u00fbt 2022 portant modific ation du d\u00e9cret no 2017-574 du 19 avril \n2017 modifi\u00e9 relatif \u00e0 la labellisation des structures \u00ab Information Jeunesse \u00bb, pris pour l'application  \nde la loi relative \u00e0 l'\u00e9galit\u00e9 et \u00e0 la citoyennet\u00e9 no 2017-86 du 27 janvier 2017 ; \n \nVU le d\u00e9cret du 12 mars 2025 portant nomination de Julie Benetti, rectrice de la r\u00e9gion acad\u00e9mique \nIle-de-France, rectrice de l'acad\u00e9mie de Paris ; \n \nVU l'arr\u00eat\u00e9 du 19 avril 2017 pris en application du d\u00e9cret relatif \u00e0 la labellisation des structures \n\u00ab Information jeunesse \u00bb pris pour l'application de la loi relative \u00e0 l'\u00e9galit\u00e9 et \u00e0 la citoyennet\u00e9 n\u00b02017-\n86 du 27 janvier 2017 ; \n \nVU l'arr\u00eat\u00e9 IDF-2023-02-0015 n\u00b023-02 du 03 f\u00e9vrier 2023 relatif \u00e0 la constitution, \u00e0 la composition \nr\u00e9gionale et au fonctionnement de la formation sp\u00e9cialis\u00e9 e \u00ab Information Jeunesse \u00bb de la \nCommission r\u00e9gionale de la jeunesse, des sports et de la vie associative d'Ile-de-France (CRJSVA IDF) ; \nVU l'arr\u00eat\u00e9 2025-024 du 27 mars 2025 portant d\u00e9l\u00e9gation et subd\u00e9l\u00e9gation de signature de la rectrice de \nla r\u00e9gion acad\u00e9mique d'Ile -de-France en mati\u00e8re administrative pour la mise en \u0153u vre des missions de \njeunesse, d'engagement et de sports ; \nD\u00e9l\u00e9gation r\u00e9gionale acad\u00e9mique \u00e0 la jeunesse, \u00e0 l'engagement et aux sports - IDF-2025-06-16-00013 - Arr\u00eat\u00e9 de labellisation Structure\nInformation Jeunesse  (SIJ)  Lieusaint - 16 juin 2025 22\nD\u00e9l\u00e9gation r\u00e9gionale acad\u00e9mique jeunesse,  \nengagement et sports (DRAJES) \n6/8 rue Eug\u00e8ne Oudin\u00e9 - CS 81360 \n75634 PARIS CEDEX 13 2/2  \n \nVU l'avis formul\u00e9 par la formation sp\u00e9cialis\u00e9e Information jeunesse d'Ile-de-France du 05 Juin 2025, issue \nde la commission r\u00e9gionale de la jeunesse, des sports et de la vie associative en Ile de France  \n \n \nARR\u00caTE : \nArticle 1er : \nEst labellis\u00e9e \u00ab Information Jeunesse \u00bb la structure suivante : \n \nStructure : Structure Information Jeunesse de Lieusaint \n \nSitu\u00e9e : 50 rue de Paris \u2013 77127 Lieusaint \n \n \nArticle 2 : \n \nL'Etat accorde le Label, sous r\u00e9serve du respect des crit\u00e8res des conditions de sa d\u00e9livrance. \n \nLes services d\u00e9partementaux \u00e0 la jeunesse, \u00e0 l'engagement et aux sports, sont garants du respect des \nvaleurs du Label et sont responsables de la mise en \u0153uvre du Label et de l'organisation du processus \nde labellisation.  \n \nArticle 3 : \n \nL'entr\u00e9e en vigueur du label se fait \u00e0 la date de publication du pr\u00e9sent arr\u00eat\u00e9. \nLe label est attribu\u00e9 ou renouvel\u00e9 pour une dur\u00e9e de 6 ans  \u00e0 compter de la date de publication du \npr\u00e9sent arr\u00eat\u00e9 sous r\u00e9serve d'un bilan de sa mise en \u0153uvre par la structure au bout de 3 ans.  \n \nArticle 4 : \n \nLa D\u00e9l\u00e9gation r\u00e9gionale acad\u00e9mique \u00e0 la jeunesse, \u00e0 l 'engagement et aux sports est charg\u00e9e de \nl'ex\u00e9cution du pr\u00e9sent arr\u00eat\u00e9, qui sera publi\u00e9 au recueil des actes administratifs de la pr\u00e9fecture.  \n \nIl sera notifi\u00e9 aux maires des communes et aux responsables l\u00e9gaux des structures concern\u00e9es. \n \n \nFait \u00e0 Paris, le 16 juin 2025, \n \nPour la rectrice de r\u00e9gion acad\u00e9mique, rectrice de Paris, \nchanceli\u00e8re des universit\u00e9s de Paris et d'Ile-de-France, \nPar d\u00e9l\u00e9gation, \nLa d\u00e9l\u00e9gu\u00e9e r\u00e9gionale acad\u00e9mique \u00e0 la jeunesse,  \n\u00e0 l'engagement et aux sports d'Ile-de-France  \n \n                                                                                                                 SIGNE \n \nC\u00e9cile NICOL \nD\u00e9l\u00e9gation r\u00e9gionale acad\u00e9mique \u00e0 la jeunesse, \u00e0 l'engagement et aux sports - IDF-2025-06-16-00013 - Arr\u00eat\u00e9 de labellisation Structure\nInformation Jeunesse  (SIJ)  Lieusaint - 16 juin 2025 23\nD\u00e9l\u00e9gation r\u00e9gionale acad\u00e9mique \u00e0 la jeunesse, \u00e0\nl'engagement et aux sports\nIDF-2025-06-16-00026\nArr\u00eat\u00e9 de labellisation Structure Information\nJeunesse  (SIJ)  Maisons-Alfort - 16 juin 2025\nD\u00e9l\u00e9gation r\u00e9gionale acad\u00e9mique \u00e0 la jeunesse, \u00e0 l'engagement et aux sports - IDF-2025-06-16-00026 - Arr\u00eat\u00e9 de labellisation Structure\nInformation Jeunesse  (SIJ)  Maisons-Alfort - 16 juin 2025 24\nREGION ACADEMIQUE\u00ceLE-DE-FRANCELibert\u00e9Egalit\u00e9Fraternit\u00e9\n \nDirection des services d\u00e9partementaux  \nde l'\u00e9ducation nationale du Val de Marne \n                                                                   \n \n \nD\u00e9l\u00e9gation r\u00e9gionale acad\u00e9mique jeunesse,  \nengagement et sports (DRAJES) \n6/8 rue Eug\u00e8ne Oudin\u00e9 - CS 81360 \n75634 PARIS CEDEX 13 \n1/2  \n \n \nARRETE N\u00b0 2025 - 55 \n \n \nPORTANT ATTRIBUTION OU RENOUVELLEMENT DU LABEL \u00ab INFORMATION JEUNESSE \u00bb \n \n*** MAISONS-ALFORT *** \n \nLA RECTRICE DE LA REGION ACADEMIQUE D'ILE-DE-FRANCE, RECTRICE DE PARIS, CHANCELIERE \nDES UNIVERSITES DE PARIS ET D'ILE-DE-FRANCE \n \nVU la loi n\u00b0 2017-86 du 27 janvier 2017 relative \u00e0 l'\u00e9galit\u00e9 et \u00e0 la citoyennet\u00e9 ; \n \nVU le d\u00e9cret n\u00b02017-574 du 19 avril 2017 relatif \u00e0 la labe llisation des structures \u00ab Information \nJeunesse \u00bb pris pour l'application de la loi relative \u00e0 l'\u00e9galit \u00e9 et \u00e0 la citoyennet\u00e9 n\u00b02017 -86 du 27 \njanvier 2017 ; \n \nVU le d\u00e9cret n\u00b0 2019-1200 du 20 novembre 2019, relatif \u00e0 l'organisation des services d\u00e9concentr\u00e9s \ndes ministres charg\u00e9s de l'\u00c9ducation nationale et de l'Enseignement sup\u00e9rieur, de la Recherche et de \nl'Innovation ; \n \nVU le d\u00e9cret n\u00b0 2019-1201 du 20 novembre 2019 relatif \u00e0 l a nomination des recteurs d\u00e9l\u00e9gu\u00e9s \u00e0 \nl'\u00c9ducation nationale, \u00e0 l'Enseignement sup\u00e9rieur, \u00e0 la Recherche et \u00e0 l'Innovation en Conseil des \nministres ;  \n  \nVU le d\u00e9cret n\u00b0 2022-1184 du 25 ao\u00fbt 2022 portant modific ation du d\u00e9cret no 2017-574 du 19 avril \n2017 modifi\u00e9 relatif \u00e0 la labelli sation des structures \u00ab Information Jeunesse \u00bb, pris pou r l'application  \nde la loi relative \u00e0 l'\u00e9galit\u00e9 et \u00e0 la citoyennet\u00e9 no 2017-86 du 27 janvier 2017 ; \n \nVU le d\u00e9cret du 12 mars 2025 portant nomination de Julie Benetti, rectrice de la r\u00e9gion acad\u00e9mique \nIle-de-France, rectrice de l'acad\u00e9mie de Paris ; \n \nVU l'arr\u00eat\u00e9 du 19 avril 2017 pris en application du d\u00e9cret relatif \u00e0 la labellisation des structures \n\u00ab Information jeunesse \u00bb pris pour l'application de la loi relative \u00e0 l'\u00e9galit\u00e9 et \u00e0 la citoyennet\u00e9 n\u00b02017-\n86 du 27 janvier 2017 ; \n \nVU l'arr\u00eat\u00e9 IDF-2023-02-0015 n\u00b023-02 du 03 f\u00e9vrier 2023 relatif \u00e0 la constitution, \u00e0 la composition \nr\u00e9gionale et au fonctionnement de la formation sp\u00e9cialis\u00e9 e \u00ab Information Jeunesse \u00bb de la \nCommission r\u00e9gionale de la jeunesse, des sports et de la vie associative d'Ile-de-France (CRJSVA IDF) ; \nVU l'arr\u00eat\u00e9 2025-024 du 27 mars 2025 portant d\u00e9l\u00e9gation et subd\u00e9l\u00e9gation de signature de la rectrice de \nla r\u00e9gion acad\u00e9mique d'Ile -de-France en mati\u00e8re administrative pour la mise en \u0153uvre des missions de \njeunesse, d'engagement et de sports ; \nD\u00e9l\u00e9gation r\u00e9gionale acad\u00e9mique \u00e0 la jeunesse, \u00e0 l'engagement et aux sports - IDF-2025-06-16-00026 - Arr\u00eat\u00e9 de labellisation Structure\nInformation Jeunesse  (SIJ)  Maisons-Alfort - 16 juin 2025 25\nD\u00e9l\u00e9gation r\u00e9gionale acad\u00e9mique jeunesse,  \nengagement et sports (DRAJES) \n6/8 rue Eug\u00e8ne Oudin\u00e9 - CS 81360 \n75634 PARIS CEDEX 13 2/2  \n \nVU l'avis formul\u00e9 par la formation sp\u00e9cialis\u00e9e Information jeunesse d'Ile-de-France du 05 Juin 2025, issue \nde la commission r\u00e9gionale de la jeunesse, des sports et de la vie associative en Ile de France  \n \n \nARR\u00caTE : \n \nArticle 1er : \nEst labellis\u00e9e \u00ab Information Jeunesse \u00bb la structure suivante : \n \nStructure : Structure Information Jeunesse \u00ab Quartier jeunes de Maisons-Alfort \u00bb \nSitu\u00e9e : 31 cours des Juilliottes - 94700 Maisons-Alfort \n \nArticle 2 : \n \nL'Etat accorde le Label, sous r\u00e9serve du respect des crit\u00e8res des conditions de sa d\u00e9livrance. \n \nLes services d\u00e9partementaux \u00e0 la jeunesse, \u00e0 l'engagement et aux sports, sont garants du respect des \nvaleurs du Label et sont responsables de la mise en \u0153uvre du Label et de l'organisation du processus \nde labellisation.  \n \nArticle 3 : \n \nL'entr\u00e9e en vigueur du label se fait \u00e0 la date de publication du pr\u00e9sent arr\u00eat\u00e9. \nLe label est attribu\u00e9 ou renouvel\u00e9 pour une dur\u00e9e de 6 ans  \u00e0 compter de la date de publication du \npr\u00e9sent arr\u00eat\u00e9 sous r\u00e9serve d'un bilan de sa mise en \u0153uvre par la structure au bout de 3 ans.  \n \nArticle 4 : \n \nLa D\u00e9l\u00e9gation r\u00e9gionale acad\u00e9mique \u00e0 la jeunesse, \u00e0 l 'engagement et aux sports est charg\u00e9e de \nl'ex\u00e9cution du pr\u00e9sent arr\u00eat\u00e9, qui sera publi\u00e9 au recueil des actes administratifs de la pr\u00e9fecture.  \n \nIl sera notifi\u00e9 aux maires des communes et aux responsables l\u00e9gaux des structures concern\u00e9es. \n \nFait \u00e0 Paris, le 16 juin 2025, \n \nPour la rectrice de r\u00e9gion acad\u00e9mique, rectrice de Paris, \nchanceli\u00e8re des universit\u00e9s de Paris et d'Ile-de-France, \nPar d\u00e9l\u00e9gation, \nLa d\u00e9l\u00e9gu\u00e9e r\u00e9gionale acad\u00e9mique \u00e0 la jeunesse,  \n\u00e0 l'engagement et aux sports d'Ile-de-France  \n \n                                                                                                                 SIGNE \n \nC\u00e9cile NICOL \n \nD\u00e9l\u00e9gation r\u00e9gionale acad\u00e9mique \u00e0 la jeunesse, \u00e0 l'engagement et aux sports - IDF-2025-06-16-00026 - Arr\u00eat\u00e9 de labellisation Structure\nInformation Jeunesse  (SIJ)  Maisons-Alfort - 16 juin 2025 26\nD\u00e9l\u00e9gation r\u00e9gionale acad\u00e9mique \u00e0 la jeunesse, \u00e0\nl'engagement et aux sports\nIDF-2025-06-16-00030\nArr\u00eat\u00e9 de labellisation Structure Information\nJeunesse  (SIJ)  Montmorency - 16 juin 2025\nD\u00e9l\u00e9gation r\u00e9gionale acad\u00e9mique \u00e0 la jeunesse, \u00e0 l'engagement et aux sports - IDF-2025-06-16-00030 - Arr\u00eat\u00e9 de labellisation Structure\nInformation Jeunesse  (SIJ)  Montmorency - 16 juin 2025 27\nREGION ACADEMIQUE\u00ceLE-DE-FRANCELibert\u00e9Egalit\u00e9Fraternit\u00e9\n \nDirection des services d\u00e9partementaux  \nde l'\u00e9ducation nationale du Val d'Oise \n                                                                   \n \n \nD\u00e9l\u00e9gation r\u00e9gionale acad\u00e9mique jeunesse,  \nengagement et sports (DRAJES) \n6/8 rue Eug\u00e8ne Oudin\u00e9 - CS 81360 \n75634 PARIS CEDEX 13 \n1/2  \n \n \nARRETE N\u00b0 2025 - 59 \n \n \nPORTANT ATTRIBUTION OU RENOUVELLEMENT DU LABEL \u00ab INFORMATION JEUNESSE \u00bb \n \n*** MONTMORENCY *** \n \nLA RECTRICE DE LA REGION ACADEMIQUE D'ILE-DE-FRANCE, RECTRICE DE PARIS, CHANCELIERE \nDES UNIVERSITES DE PARIS ET D'ILE-DE-FRANCE \n \nVU la loi n\u00b0 2017-86 du 27 janvier 2017 relative \u00e0 l'\u00e9galit\u00e9 et \u00e0 la citoyennet\u00e9 ; \n \nVU le d\u00e9cret n\u00b02017-574 du 19 avril 2017 relatif \u00e0 la labe llisation des structures \u00ab Information \nJeunesse \u00bb pris pour l'application de la loi relative \u00e0 l'\u00e9galit \u00e9 et \u00e0 la citoyennet\u00e9 n\u00b02017 -86 du 27 \njanvier 2017 ; \n \nVU le d\u00e9cret n\u00b0 2019-1200 du 20 novembre 2019, relatif \u00e0 l'organisation des services d\u00e9concentr\u00e9s \ndes ministres charg\u00e9s de l'\u00c9ducation nationale et de l'Enseignement sup\u00e9rieur, de la Recherche et de \nl'Innovation ; \n \nVU le d\u00e9cret n\u00b0 2019-1201 du 20 novembre 2019 relatif \u00e0 l a nomination des recteurs d\u00e9l\u00e9gu\u00e9s \u00e0 \nl'\u00c9ducation nationale, \u00e0 l'Enseignement sup\u00e9rieur, \u00e0 la Recherche et \u00e0 l'Innovation en Conseil des \nministres ;  \n  \nVU le d\u00e9cret n\u00b0 2022-1184 du 25 ao\u00fbt 2022 portant modific ation du d\u00e9cret no 2017-574 du 19 avril \n2017 modifi\u00e9 relatif \u00e0 la labelli sation des structures \u00ab Information Jeunesse \u00bb, pris pou r l'application  \nde la loi relative \u00e0 l'\u00e9galit\u00e9 et \u00e0 la citoyennet\u00e9 no 2017-86 du 27 janvier 2017 ; \n \nVU le d\u00e9cret du 12 mars 2025 portant nomination de Julie Benetti, rectrice de la r\u00e9gion acad\u00e9mique \nIle-de-France, rectrice de l'acad\u00e9mie de Paris ; \n \nVU l'arr\u00eat\u00e9 du 19 avril 2017 pris en application du d\u00e9cret relatif \u00e0 la labellisation des structures \n\u00ab Information jeunesse \u00bb pris pour l'application de la loi relative \u00e0 l'\u00e9galit\u00e9 et \u00e0 la citoyennet\u00e9 n\u00b02017-\n86 du 27 janvier 2017 ; \n \nVU l'arr\u00eat\u00e9 IDF-2023-02-0015 n\u00b023-02 du 03 f\u00e9vrier 2023 relatif \u00e0 la constitution, \u00e0 la composition \nr\u00e9gionale et au fonctionnement de la formation sp\u00e9cialis\u00e9 e \u00ab Information Jeunesse \u00bb de la \nCommission r\u00e9gionale de la jeunesse, des sports et de la vie associative d'Ile-de-France (CRJSVA IDF) ; \nVU l'arr\u00eat\u00e9 2025-024 du 27 mars 2025 portant d\u00e9l\u00e9gation et subd\u00e9l\u00e9gation de signature de la rectrice de \nla r\u00e9gion acad\u00e9mique d'Ile -de-France en mati\u00e8re administrative pour la mise en \u0153uvre des missions de \njeunesse, d'engagement et de sports ; \nD\u00e9l\u00e9gation r\u00e9gionale acad\u00e9mique \u00e0 la jeunesse, \u00e0 l'engagement et aux sports - IDF-2025-06-16-00030 - Arr\u00eat\u00e9 de labellisation Structure\nInformation Jeunesse  (SIJ)  Montmorency - 16 juin 2025 28\nD\u00e9l\u00e9gation r\u00e9gionale acad\u00e9mique jeunesse,  \nengagement et sports (DRAJES) \n6/8 rue Eug\u00e8ne Oudin\u00e9 - CS 81360 \n75634 PARIS CEDEX 13 2/2  \n \nVU l'avis formul\u00e9 par la formation sp\u00e9cialis\u00e9e Information jeunesse d'Ile-de-France du 05 Juin 2025, issue \nde la commission r\u00e9gionale de la jeunesse, des sports et de la vie associative en Ile de France  \n \n \nARR\u00caTE : \n \nArticle 1er : \nEst labellis\u00e9e \u00ab Information Jeunesse \u00bb la structure suivante : \n \nStructure : Structure Information Jeunesse \u00ab Infos Jeunes Montmorency \u00bb \nSitu\u00e9e : 21 bis rue de Jaigny \u2013 95160 Montmorency \n \nArticle 2 : \n \nL'Etat accorde le Label, sous r\u00e9serve du respect des crit\u00e8res des conditions de sa d\u00e9livrance. \n \nLes services d\u00e9partementaux \u00e0 la jeunesse, \u00e0 l'engagement et aux sports, sont garants du respect des \nvaleurs du Label et sont responsables de la mise en \u0153uvre du Label et de l'organisation du processus \nde labellisation.  \n \nArticle 3 : \n \nL'entr\u00e9e en vigueur du label se fait \u00e0 la date de publication du pr\u00e9sent arr\u00eat\u00e9. \nLe label est attribu\u00e9 ou renouvel\u00e9 pour une dur\u00e9e de 6 ans  \u00e0 compter de la date de publication du \npr\u00e9sent arr\u00eat\u00e9 sous r\u00e9serve d'un bilan de sa mise en \u0153uvre par la structure au bout de 3 ans.  \n \nArticle 4 : \n \nLa D\u00e9l\u00e9gation r\u00e9gionale acad\u00e9mique \u00e0 la jeunesse, \u00e0 l 'engagement et aux sports est charg\u00e9e de \nl'ex\u00e9cution du pr\u00e9sent arr\u00eat\u00e9, qui sera publi\u00e9 au recueil des actes administratifs de la pr\u00e9fecture.  \n \nIl sera notifi\u00e9 aux maires des communes et aux responsables l\u00e9gaux des structures concern\u00e9es. \n \n \nFait \u00e0 Paris, le 16 juin 2025, \n \nPour la rectrice de r\u00e9gion acad\u00e9mique, rectrice de Paris, \nchanceli\u00e8re des universit\u00e9s de Paris et d'Ile-de-France, \nPar d\u00e9l\u00e9gation, \nLa d\u00e9l\u00e9gu\u00e9e r\u00e9gionale acad\u00e9mique \u00e0 la jeunesse,  \n\u00e0 l'engagement et aux sports d'Ile-de-France  \n \n                                                                                                                 SIGNE \n \nC\u00e9cile NICOL \n \nD\u00e9l\u00e9gation r\u00e9gionale acad\u00e9mique \u00e0 la jeunesse, \u00e0 l'engagement et aux sports - IDF-2025-06-16-00030 - Arr\u00eat\u00e9 de labellisation Structure\nInformation Jeunesse  (SIJ)  Montmorency - 16 juin 2025 29\nD\u00e9l\u00e9gation r\u00e9gionale acad\u00e9mique \u00e0 la jeunesse, \u00e0\nl'engagement et aux sports\nIDF-2025-06-16-00014\nArr\u00eat\u00e9 de Labellisation Structure Information\nJeunesse  (SIJ) Ach\u00e8res - 16 juin 2025\nD\u00e9l\u00e9gation r\u00e9gionale acad\u00e9mique \u00e0 la jeunesse, \u00e0 l'engagement et aux sports - IDF-2025-06-16-00014 - Arr\u00eat\u00e9 de Labellisation Structure\nInformation Jeunesse  (SIJ) Ach\u00e8res - 16 juin 2025 30\nREGION ACADEMIQUE\u00ceLE-DE-FRANCELibert\u00e9Egalit\u00e9Fraternit\u00e9\n \nDirection des services d\u00e9partementaux  \nde l'\u00e9ducation nationale des Yvelines \n                                                                   \n \n \nD\u00e9l\u00e9gation r\u00e9gionale acad\u00e9mique jeunesse,  \nengagement et sports (DRAJES) \n6/8 rue Eug\u00e8ne Oudin\u00e9 - CS 81360 \n75634 PARIS CEDEX 13 \n1/2  \n \n \nARRETE N\u00b0 2025 \u2013 43 \n \n \nPORTANT ATTRIBUTION OU RENOUVELLEMENT DU LABEL \u00ab INFORMATION JEUNESSE \u00bb \n \n*** ACHERES *** \n \nLA RECTRICE DE LA REGION ACADEMIQUE D'ILE-DE-FRANCE, RECTRICE DE PARIS, CHANCELIERE \nDES UNIVERSITES DE PARIS ET D'ILE-DE-FRANCE \n \nVU la loi n\u00b0 2017-86 du 27 janvier 2017 relative \u00e0 l'\u00e9galit\u00e9 et \u00e0 la citoyennet\u00e9 ; \n \nVU le d\u00e9cret n\u00b02017-574 du 19 avril 2017 relatif \u00e0 la labe llisation des structures \u00ab Information \nJeunesse \u00bb pris pour l'application de la loi relative \u00e0 l'\u00e9galit \u00e9 et \u00e0 la citoyennet\u00e9 n\u00b02017 -86 du 27 \njanvier 2017 ; \n \nVU le d\u00e9cret n\u00b0 2019-1200 du 20 novembre 2019, relatif \u00e0 l'organisation des services d\u00e9concentr\u00e9s \ndes ministres charg\u00e9s de l'\u00c9ducation nationale et de l'Enseignement sup\u00e9rieur, de la Recherche et de \nl'Innovation ; \n \nVU le d\u00e9cret n\u00b0 2019-1201 du 20 novembre 2019 relatif \u00e0 l a nomination des recteurs d\u00e9l\u00e9gu\u00e9s \u00e0 \nl'\u00c9ducation nationale, \u00e0 l'Enseignement sup\u00e9rieur, \u00e0 la Recherche et \u00e0 l'Innovation en Conseil des \nministres ;  \n  \nVU le d\u00e9cret n\u00b0 2022-1184 du 25 ao\u00fbt 2022 portant modific ation du d\u00e9cret no 2017-574 du 19 avril \n2017 modifi\u00e9 relatif \u00e0 la labellisation des structures \u00ab Information Jeunesse \u00bb, pris pour l'application  \nde la loi relative \u00e0 l'\u00e9galit\u00e9 et \u00e0 la citoyennet\u00e9 no 2017-86 du 27 janvier 2017 ; \n \nVU le d\u00e9cret du 12 mars 2025 portant nomination de Julie Benetti, rectrice de la r\u00e9gion acad\u00e9mique \nIle-de-France, rectrice de l'acad\u00e9mie de Paris ; \n \nVU l'arr\u00eat\u00e9 du 19 avril 2017 pris en application du d\u00e9cret relatif \u00e0 la labellisation des structures \n\u00ab Information jeunesse \u00bb pris pour l'application de la loi relative \u00e0 l'\u00e9galit\u00e9 et \u00e0 la citoyennet\u00e9 n\u00b02017-\n86 du 27 janvier 2017 ; \n \nVU l'arr\u00eat\u00e9 IDF-2023-02-0015 n\u00b023-02 du 03 f\u00e9vrier 2023 relatif \u00e0 la constitution, \u00e0 la composition \nr\u00e9gionale et au fonctionnement de la formation sp\u00e9cialis\u00e9 e \u00ab Information Jeunesse \u00bb de la \nCommission r\u00e9gionale de la jeunesse, des sports et de la vie associative d'Ile-de-France (CRJSVA IDF) ; \nVU l'arr\u00eat\u00e9 2025-024 du 27 mars 2025 portant d\u00e9l\u00e9gation et subd\u00e9l\u00e9gation de signature de la rectrice de \nla r\u00e9gion acad\u00e9mique d'Ile -de-France en mati\u00e8re administrative pour la mise en \u0153u vre des missions de \njeunesse, d'engagement et de sports ; \nD\u00e9l\u00e9gation r\u00e9gionale acad\u00e9mique \u00e0 la jeunesse, \u00e0 l'engagement et aux sports - IDF-2025-06-16-00014 - Arr\u00eat\u00e9 de Labellisation Structure\nInformation Jeunesse  (SIJ) Ach\u00e8res - 16 juin 2025 31\nD\u00e9l\u00e9gation r\u00e9gionale acad\u00e9mique jeunesse,  \nengagement et sports (DRAJES) \n6/8 rue Eug\u00e8ne Oudin\u00e9 - CS 81360 \n75634 PARIS CEDEX 13 2/2  \n \nVU l'avis formul\u00e9 par la formation sp\u00e9cialis\u00e9e Information jeunesse d'Ile-de-France du 05 Juin 2025, issue \nde la commission r\u00e9gionale de la jeunesse, des sports et de la vie associative en Ile de France  \n \nARR\u00caTE : \nArticle 1er : \nEst labellis\u00e9e \u00ab Information Jeunesse \u00bb la structure suivante : \n \nStructure : Structure Information Jeunesse \u00ab Bureau Information Jeunesse \u00bb de Ach\u00e8res \n \nSitu\u00e9e : 4/6 Place Georges Brassens \u2013 78260 Ach\u00e8res \n \nArticle 2 : \n \nL'Etat accorde le Label, sous r\u00e9serve du respect des crit\u00e8res des conditions de sa d\u00e9livrance. \n \nLes services d\u00e9partementaux \u00e0 la jeunesse, \u00e0 l'engagement et aux sports, sont garants du respect des \nvaleurs du Label et sont responsables de la mise en \u0153uvre du Label et de l'organisation du processus \nde labellisation.  \n \nArticle 3 : \n \nL'entr\u00e9e en vigueur du label se fait \u00e0 la date de publication du pr\u00e9sent arr\u00eat\u00e9. \nLe label est attribu\u00e9 ou renouvel\u00e9 pour une dur\u00e9e de 6 ans  \u00e0 compter de la date de publication du \npr\u00e9sent arr\u00eat\u00e9 sous r\u00e9serve d'un bilan de sa mise en \u0153uvre par la structure au bout de 3 ans.  \n \nArticle 4 : \n \nLa D\u00e9l\u00e9gation r\u00e9gionale acad\u00e9mique \u00e0 la jeunesse, \u00e0 l 'engagement et aux sports est charg\u00e9e de \nl'ex\u00e9cution du pr\u00e9sent arr\u00eat\u00e9, qui sera publi\u00e9 au recueil des actes administratifs de la pr\u00e9fecture.  \n \nIl sera notifi\u00e9 aux maires des communes et aux responsables l\u00e9gaux des structures concern\u00e9es. \n \n \nFait \u00e0 Paris, le 16 juin 2025, \n \nPour la rectrice de r\u00e9gion acad\u00e9mique, rectrice de Paris, \nchanceli\u00e8re des universit\u00e9s de Paris et d'Ile-de-France, \nPar d\u00e9l\u00e9gation, \nLa d\u00e9l\u00e9gu\u00e9e r\u00e9gionale acad\u00e9mique \u00e0 la jeunesse,  \n\u00e0 l'engagement et aux sports d'Ile-de-France  \n \n                                                                                                                 SIGNE \n \nC\u00e9cile NICOL \n \nD\u00e9l\u00e9gation r\u00e9gionale acad\u00e9mique \u00e0 la jeunesse, \u00e0 l'engagement et aux sports - IDF-2025-06-16-00014 - Arr\u00eat\u00e9 de Labellisation Structure\nInformation Jeunesse  (SIJ) Ach\u00e8res - 16 juin 2025 32","date":"2025-06-27","first_seen_on":"2025-06-27T17:39:22+00:00","id":"41e6cdce4de503f514248b0bb0752cfe7ce1c50b4331800424e50e000587248d","name":"recueil-idf-058-2025-06-recueil-des-actes-administratifs-special du 27.06.2025","pdf_creation_date":"2025-06-27T14:34:34+00:00","pdf_modification_date":null,"timezone":"Europe/Paris","url":"https://www.prefectures-regions.gouv.fr/ile-de-france/irecontenu/telechargement/128909/949885/file/recueil-idf-058-2025-06-recueil-des-actes-administratifs-special%20du%2027.06.2025.pdf"}
