{"administration":"prefidf","administration_name":"Pr\u00e9fecture de la r\u00e9gion \u00cele-de-France","content":"PREFECTURE\nREGION ILE DE\nFRANCE\nRECUEIL DES ACTES\nADMINISTRATIFS SP\u00c9CIAL\n(NOMINATIFS)\nN\u00b0IDF-020-2025-08\nPUBLI\u00c9 LE 11 AO\u00dbT 2025\nSommaire\nAgence R\u00e9gionale de Sant\u00e9 / Agence r\u00e9gionale de sant\u00e9\nd'Ile-de-France-Direction de l'Innovation, de la Recherche  et de la\nTransformation num\u00e9rique\nIDF-2025-06-24-00014 - Arr\u00eat\u00e9 N\u00b0 SG/DRH 2025-06 portant nomination\nde Monsieur Philippe DOMINGUES aux fonctions de Directeur de\nl'Inspection R\u00e9gionale Autonomie Sant\u00e9 par int\u00e9rim de\nl'Agence r\u00e9gionale de sant\u00e9 \u00cele-de-France (1 page) Page 3\nAgence R\u00e9gionale de Sant\u00e9 / service r\u00e9gional des transports sanitaires\nIDF-2025-08-11-00004 - Arr\u00eat\u00e9 n\u00b0DOS-2025-3786 portant retrait\nd'agr\u00e9ment de la SASU KD 78 APS (2 pages) Page 5\nIDF-2025-08-11-00005 - Arr\u00eat\u00e9 n\u00b0DOS-2025-3787 portant agr\u00e9ment\nde la SAS AMBULANCES AMADEUS (95140 GARGES-LES-GONESSE) (2\npages) Page 8\nIDF-2025-08-11-00003 - Arr\u00eat\u00e9 n\u00b0DOS-2025/3622 portant transfert des\nlocaux de la SARL AMBULANCES POUCHET (2 pages) Page 11\n2\nAgence R\u00e9gionale de Sant\u00e9\nIDF-2025-06-24-00014\nArr\u00eat\u00e9 N\u00b0 SG/DRH 2025-06 portant nomination\nde Monsieur Philippe DOMINGUES aux fonctions\nde Directeur de l'Inspection R\u00e9gionale\nAutonomie Sant\u00e9 par int\u00e9rim de l'Agence\nr\u00e9gionale de sant\u00e9 \u00cele-de-France\nAgence R\u00e9gionale de Sant\u00e9 - IDF-2025-06-24-00014 - Arr\u00eat\u00e9 N\u00b0 SG/DRH 2025-06 portant nomination de Monsieur Philippe\nDOMINGUES aux fonctions de Directeur de l'Inspection R\u00e9gionale Autonomie Sant\u00e9 par int\u00e9rim de l'Agence r\u00e9gionale de sant\u00e9\n\u00cele-de-France\n3\n| |REPUBLIQUEFRAN CAI SE \u00a9 D Agence R\u00e9gionale de Sant\u00e9Libert\u00e9 Ile-de-France\u00c9galit\u00e9Fraternit\u00e9\n2 _\nAn 7mL  nu  mm  mms  \u2014  \u2014 \u2014=\n_ D  _ \u2014 = \u2014 2 Hee  _ \u2014\u2014 \u2014 ER  Le  Le ~\u2014\nBO 6 ROBIN,\nln RO = = um\n \n  \n \n \nAGENCE R\u00c9GIONALE DE SANT\u00c9 \u00ceLE-DE-FRANCE \n \nARR\u00caT\u00c9 N\u00b0 SG/DRH 2025-06 \n \nportant nomination de Monsieur Philippe DOMINGUES aux fonctions de \nDirecteur de l'Inspection R\u00e9gionale Autonomie Sant\u00e9 par int\u00e9rim \nde l'Agence r\u00e9gionale de sant\u00e9 \u00cele-de-France \n \n \n \nLE DIRECTEUR G\u00c9N\u00c9RAL DE L'AGENCE R\u00c9GIONALE DE SANT\u00c9 \u00ceLE-DE-FRANCE \n \n \n \nVU le code de la sant\u00e9 publique et notamment le titre III du livre IV de la premi\u00e8re partie, consacr\u00e9 \naux Agences r\u00e9gionales de sant\u00e9 ; \nVU le d\u00e9cret du 10 avril 2024 portant nomination de Monsieur Denis ROBIN, Directeur g\u00e9n\u00e9ral de \nl'Agence r\u00e9gionale de sant\u00e9 \u00cele-de-France \u00e0 compter du 29 avril 2024 ; \n \n \n \nARR\u00caTE \n \n \n \nARTICLE 1er : Monsieur Philippe DOMINGUES est charg\u00e9 de l'int\u00e9rim des fonctions de Directeur de \nl'Inspection R\u00e9gionale Autonomie Sant\u00e9 de l'Agence r\u00e9gionale de sant\u00e9 \u00cele-de-France, \n\u00e0 compter du 1er juillet 2025. \nARTICLE 2 : Le Directeur de l'Inspection R\u00e9gionale Autonomie Sant\u00e9 par int\u00e9rim de l'Agence \nr\u00e9gionale de sant\u00e9 \u00cele-de-France est charg\u00e9 de l'ex\u00e9cution du pr\u00e9sent arr\u00eat\u00e9 qui sera \npubli\u00e9 au recueil des actes administratifs de la Pr\u00e9fecture de la R\u00e9gion d'\u00cele-de-France. \n \n \n \n \nFait \u00e0 Saint-Denis, le 24 juin 2025 \n \nLe Directeur g\u00e9n\u00e9ral \nde l'Agence r\u00e9gionale de sant\u00e9 \n\u00cele-de-France \n \n \n \nSIGNE \nAgence R\u00e9gionale de Sant\u00e9 - IDF-2025-06-24-00014 - Arr\u00eat\u00e9 N\u00b0 SG/DRH 2025-06 portant nomination de Monsieur Philippe\nDOMINGUES aux fonctions de Directeur de l'Inspection R\u00e9gionale Autonomie Sant\u00e9 par int\u00e9rim de l'Agence r\u00e9gionale de sant\u00e9\n\u00cele-de-France\n4\nAgence R\u00e9gionale de Sant\u00e9\nIDF-2025-08-11-00004\nArr\u00eat\u00e9 n\u00b0DOS-2025-3786 portant retrait\nd'agr\u00e9ment de la SASU KD 78 APS\nAgence R\u00e9gionale de Sant\u00e9 - IDF-2025-08-11-00004 - Arr\u00eat\u00e9 n\u00b0DOS-2025-3786 portant retrait d'agr\u00e9ment de la SASU KD 78 APS 5\nREPUBLIQUEFRANCAISELibert\u00e9Egalit\u00e9Fraternit\u00e9\ne \u00bb Agence R\u00e9gionale de Sant\u00e9Ile-de-France\n \n \n \n \n \n \n \nAGENCE R\u00c9GIONALE DE SANT\u00c9 \u00ceLE-DE-FRANCE \nARR\u00caT\u00c9 N\u00b0DOS-2025- 3786 \nPortant retrait d'agr\u00e9ment de la SASU KD 78 APS \n(78140 V\u00e9lizy-Villacoublay) \n \nLE DIRECTEUR G\u00c9N\u00c9RAL DE L'AGENCE R\u00c9GIONALE DE SANT\u00c9 \u00ceLE-DE-FRANCE \n \nVU le Code de la Sant\u00e9 Publique et notamment ses articles L.6311-1 \u00e0 L.6311-2, L.6312-1 \u00e0 L.6312-\n5, L.6313-1, R.6312-1 \u00e0 R.6312-23, R.6312-29 \u00e0 R.6312-43, R.6313-5 \u00e0 R.6313-7-1 ;  \n \nVU la loi n\u00b0 2009-879 du 21 juillet 2009 portant r\u00e9forme de l'h\u00f4pital et relative aux patients, \u00e0 la sant\u00e9 \net aux territoires ; \n \nVU le d\u00e9cret n\u00b0 2010 -344 du 31 mars 2010  tirant les cons\u00e9quences, au niveau r\u00e8glementaire, de \nl'intervention de la loi n\u00b0 2009 -879 du 21 juillet 2009 portant r\u00e9forme de l'h\u00f4pital et relative aux \npatients, \u00e0 la sant\u00e9 et aux territoires ; \n \nVU le d\u00e9cret du 10 avril 2024  portant nomination de Monsieur Denis ROBIN, Directeur g\u00e9n\u00e9ral de \nl'Agence r\u00e9gionale d'\u00cele de France \u00e0 compter du 29 avril 2024 ; \n \nVU l'arr\u00eat\u00e9 minist\u00e9riel du 21 d\u00e9cembre 1987 modifi\u00e9 relatif \u00e0 la composition du dossier d'agr\u00e9ment \ndes personnes effectuant des transports sanitaires terrestres et au contr\u00f4le des v\u00e9hicules \naffect\u00e9s aux transports sanitaires ; \n \nVU l'arr\u00eat\u00e9 du 12 d\u00e9cembre 2017  modifi\u00e9 fixant les caract\u00e9ristiques et les installations mat\u00e9rielles \nexig\u00e9es pour les v\u00e9hicules affect\u00e9s aux transports sanitaires terrestres ; \n \nVU l'arr\u00eat\u00e9 DS N\u00b0034/2024 du Directeur g\u00e9n\u00e9ral de l'Agence r\u00e9gionale de sant\u00e9 \u00cele de France en \ndate du 29 avril 2024, portant d\u00e9l\u00e9gation de signature \u00e0 Monsieur Arnaud CORVAISIER, \nDirecteur de l'offre de soins, et \u00e0 certains de ses collaborateurs ; \n \nVU l'arr\u00eat\u00e9 n\u00b0DOS-2020/1488 du Directeur g\u00e9n\u00e9ral de l'Agence r\u00e9gionale de sant\u00e9 Ile de France en \ndate du 30 JUIN 2020, portant agr\u00e9ment sous le n\u00b0 ARS-IDF-TS/223, de la SASU KD 78 APS, \nsise 16, rue de la Grange Dame Rose \u00e0 V\u00e9lizy -Villacoublay, dont la pr\u00e9sidente est Madame \nKarima DRISSI ;  \n     \nCONSIDERANT l'accord de transfert des autorisations de mise en service rattach\u00e9es \u00e0 cinq v\u00e9hicules \nde Cat\u00e9gorie C type A  immatricul\u00e9s GJ-870-KE, EJ-254-ZZ, EM-557-EV, FK-786-AF et FK-878-AF \u00e0 \nla soci\u00e9t\u00e9 AMA 78 APS, sise 16, rue Grange Dame Rose \u00e0 V\u00e9lizy - Villacoublay dont le responsable \nl\u00e9gal est Monsieur Azdine OUAHBI, d\u00e9livr\u00e9 par les services de l'ARS Ile de France le 15 mai 2025 ; \n \nCONSIDERANT par cons\u00e9quent que l'agr\u00e9ment de la SASU KD 78 APS est d\u00e9sormais sans objet ; \n \n \n \n \n \nAgence R\u00e9gionale de Sant\u00e9 - IDF-2025-08-11-00004 - Arr\u00eat\u00e9 n\u00b0DOS-2025-3786 portant retrait d'agr\u00e9ment de la SASU KD 78 APS 6\n2 \n \n \nARR\u00caTE \n \nARTICLE 1 er : L'agr\u00e9ment de la SASU KD 78 APS, sise 16, rue Grange Dame Rose \u00e0 V\u00e9lizy - \nVillacoublay dont le responsable l\u00e9gal est Madame Karima DRISSI est retir\u00e9 \u00e0 compter de la date du \npr\u00e9sent arr\u00eat\u00e9. \n \nARTICLE 2  : La pr\u00e9sente d\u00e9cision peut faire l'objet d'un recours gracieux aupr\u00e8s de Monsieur le \nDirecteur g\u00e9n\u00e9ral de l'Agence r\u00e9gionale de sant\u00e9, sise 13, rue du Landy 93200 Saint-Denis. \n Un recours contentieux peut \u00e9galement \u00eatre d\u00e9pos\u00e9 aupr\u00e8s du tribunal administratif comp\u00e9tent.   \n Le d\u00e9lai de recours est de deux mois \u00e0 compter de la notification de l'arr\u00eat\u00e9 pour l'int\u00e9ress\u00e9 ou de sa \npublication pour les tiers. \n Ces recours n'ont pas pour effet de suspendre le caract\u00e8re ex\u00e9cutoire de la pr\u00e9sente d\u00e9cision.    \n \nARTICLE 3 : Le Directeur de l'offre de soins est charg\u00e9 de l'ex\u00e9cution du pr\u00e9sent arr\u00eat\u00e9, qui sera publi\u00e9 \nau Recueil des Actes Administratifs des services de l'\u00c9tat.  \n \n \n \n \nFait \u00e0 Saint-Denis, le     11/08/2025     \n \nP/Le Directeur g\u00e9n\u00e9ral \nde l'Agence r\u00e9gionale de sant\u00e9 \nIle-de-France,  \nLa Responsable du service r\u00e9gional \ndes transports sanitaires, \n \n \nSIGNE \n \n \nS\u00e9verine TEISSEDRE \nAgence R\u00e9gionale de Sant\u00e9 - IDF-2025-08-11-00004 - Arr\u00eat\u00e9 n\u00b0DOS-2025-3786 portant retrait d'agr\u00e9ment de la SASU KD 78 APS 7\nAgence R\u00e9gionale de Sant\u00e9\nIDF-2025-08-11-00005\nArr\u00eat\u00e9 n\u00b0DOS-2025-3787 portant agr\u00e9ment de la\nSAS AMBULANCES AMADEUS (95140\nGARGES-LES-GONESSE)\nAgence R\u00e9gionale de Sant\u00e9 - IDF-2025-08-11-00005 - Arr\u00eat\u00e9 n\u00b0DOS-2025-3787 portant agr\u00e9ment de la SAS AMBULANCES AMADEUS\n(95140 GARGES-LES-GONESSE) 8\nREPUBLIQUEFRANCAISELibert\u00e9Egalit\u00e9Fraternit\u00e9\ne \u00bb Agence R\u00e9gionale de Sant\u00e9Ile-de-France\n \n \n \n \n \n \n \nAGENCE R\u00c9GIONALE DE SANT\u00c9 \u00ceLE-DE-FRANCE \nARR\u00caT\u00c9 N\u00b0DOS-2025-3787 \nPortant agr\u00e9ment de la SAS AMBULANCES AMADEUS \n(95140 GARGES-LES-GONESSE)  \n \nLE DIRECTEUR G\u00c9N\u00c9RAL DE L'AGENCE R\u00c9GIONALE DE SANT\u00c9 \u00ceLE-DE-FRANCE \n \n \nVU le Code de la Sant\u00e9 Publique et notamment ses articles L.6311-1 \u00e0 L.6311-2, L.6312-1 \u00e0 L.6312-\n5, L.6313-1, R.6312-1 \u00e0 R.6312-23, R.6312-29 \u00e0 R.6312-43, R.6313-5 \u00e0 R.6313-7-1 ;   \n \nVU la loi n\u00b0 2009-879 du 21 juillet 2009 portant r\u00e9forme de l'h\u00f4pital et relative aux patients, \u00e0 la sant\u00e9 \net aux territoires ; \n \nVU le d\u00e9cret n\u00b0 2010 -344 du 31 mars 2010 tirant les cons\u00e9quences, au niveau r\u00e8glementaire, de \nl'intervention de la loi n\u00b0 2009 -879 du 21 juillet 2009 portant r\u00e9forme de l'h\u00f4pital et relative aux \npatients, \u00e0 la sant\u00e9 et aux territoires ;  \n \nVU le d\u00e9cret du 10 avril 2024  portant nomination de Monsieur Denis ROBIN, Directeur g\u00e9n\u00e9ral de \nl'Agence r\u00e9gionale de sant\u00e9 \u00cele de France \u00e0 compter du 29 avril 2024 ; \n \nVU l'arr\u00eat\u00e9 minist\u00e9riel du 21 d\u00e9cembre 1987 modifi\u00e9 relatif \u00e0 la composition du dossier d'agr\u00e9ment \ndes personnes effectuant des transports sanitaires terrestres et au contr\u00f4le des v\u00e9hicules \naffect\u00e9s aux transports sanitaires ; \n \nVU l'arr\u00eat\u00e9 du 12 d\u00e9cembre 2017  modifi\u00e9 fixant les caract\u00e9ristiques et les installations mat\u00e9rielles \nexig\u00e9es pour les v\u00e9hicules affect\u00e9s aux transports sanitaires terrestres ; \n \nVU l'arr\u00eat\u00e9 DS N\u00b0034/2024 du Directeur g\u00e9n\u00e9ral de l'Agence r\u00e9gionale  de sant\u00e9 \u00cele de France en \ndate du 29 avril 2024, portant d\u00e9l\u00e9gation de signature \u00e0 Monsieur Arnaud CORVAISIER, \nDirecteur de l'offre de soins, et \u00e0 certains de ses collaborateurs ; \n \nVU le dossier de demande d'agr\u00e9ment pr\u00e9sent\u00e9 par le responsable l\u00e9gal , Monsi eur Hamid \nACHMOUKH de la SAS AMBULANCES AMADEUS , sise 13, aven ue de S talingrad \u00e0 Garges -\nl\u00e8s-Gonesse ; \n \nCONSIDERANT l'accord de transfert de l'autorisation de mise en service de d'un v\u00e9hicule de cat\u00e9gorie \nC type A immatricul\u00e9 GD-664-BS et d'un v\u00e9hicule de cat\u00e9gorie D immatricul\u00e9 FK-441-DK provenant de \nla soci\u00e9t\u00e9 AMBULANCES EDEN 95 \u00e0 Garges-l\u00e8s-Gonesse d\u00e9livr\u00e9 par les services de l'ARS Ile -de- \nFrance le 28 juin 2025 ; \n \nCONSIDERANT la conformit\u00e9 du dossier de demande d'agr\u00e9ment, des installations mat\u00e9rielles, des \nv\u00e9hicules et des \u00e9quipages, aux dispositions du code de la sant\u00e9 publique et des arr\u00eat\u00e9s ci -dessus \nvis\u00e9s relatifs \u00e0 la composition du dossier d'agr\u00e9ment et fixant les carac t\u00e9ristiques exig\u00e9es pour les \nv\u00e9hicules et les installations mat\u00e9rielles affect\u00e9s aux transports sanitaires terrestres  ; \n \nAgence R\u00e9gionale de Sant\u00e9 - IDF-2025-08-11-00005 - Arr\u00eat\u00e9 n\u00b0DOS-2025-3787 portant agr\u00e9ment de la SAS AMBULANCES AMADEUS\n(95140 GARGES-LES-GONESSE) 9\n2 \n \nCONSIDERANT l'attestation sur l'honneur du responsable l\u00e9gal de la soci\u00e9t\u00e9 relative \u00e0 la conformit\u00e9 \ndes installations mat\u00e9rielles, aux normes d\u00e9finies par l'arr\u00eat\u00e9 du 12 d\u00e9cembre 2017 ci-dessus vis\u00e9 ainsi \nqu'aux normes d'hygi\u00e8ne et de salubrit\u00e9 ; \n \nCONSIDERANT les attestations sur l'honneur du responsable l\u00e9gal de la soci\u00e9t\u00e9 relative \u00e0 la conformit\u00e9 \ndes v\u00e9hicules de transports sanitaires, aux normes d\u00e9finies par l'arr\u00eat\u00e9 du 12 d\u00e9cembre 2017 ci-dessus \nvis\u00e9 ; \n \n \nARR\u00caTE \n \n \nARTICLE 1 er :  La SAS AMBULANCES AMADEUS, sise 13, avenue de S talingrad \u00e0 Garges -l\u00e8s-\nGonesse, dont le g\u00e9rant est Monsieur Hamid ACHMOU KH, est agr\u00e9\u00e9e sous le n\u00b0 ARS -IDF-TS/ 413 \u00e0 \ncompter de la date du pr\u00e9sent arr\u00eat\u00e9. \n \n ARTICLE 2 : La liste des v\u00e9hicules et des personnels composant les \u00e9quipages est pr\u00e9cis\u00e9e en annexe \nau pr\u00e9sent arr\u00eat\u00e9. \n \nARTICLE 3  : La pr\u00e9sente d\u00e9cision peut faire l'objet d'un recours gracieux aupr\u00e8s de Monsieur le \nDirecteur g\u00e9n\u00e9ral de l'Agence r\u00e9gionale de sant\u00e9, sise 13, rue du Landy 93200 Saint-Denis. \n Un recours contentieux peut \u00e9galement \u00eatre d\u00e9pos\u00e9 aupr\u00e8s du tribunal administratif comp\u00e9tent.   \n Le d\u00e9lai de recours est de deux mois \u00e0 compter de la notification de l'arr\u00eat\u00e9 pour l'int\u00e9ress\u00e9 ou de sa \npublication pour les tiers. \n Ces recours n'ont pas pour effet de suspendre le caract\u00e8re ex\u00e9cutoire de la pr\u00e9sente d\u00e9cision.    \n \nARTICLE 4 : Le Directeur de l'offre de soins est charg\u00e9 de l'ex\u00e9cution du pr\u00e9sent arr\u00eat\u00e9, qui sera publi\u00e9 \nau Recueil des Actes Administratifs des services de l'\u00c9tat. \n \n \nFait \u00e0 Saint-Denis, le 11/08/2025                              \n \nP/Le Directeur g\u00e9n\u00e9ral \nde l'Agence r\u00e9gionale de sant\u00e9 \nIle-de-France, \nLa Responsable du Service r\u00e9gional \ndes transports sanitaires, \n \n \nSIGNE \n \nS\u00e9verine TEISSEDRE \n \n \nAgence R\u00e9gionale de Sant\u00e9 - IDF-2025-08-11-00005 - Arr\u00eat\u00e9 n\u00b0DOS-2025-3787 portant agr\u00e9ment de la SAS AMBULANCES AMADEUS\n(95140 GARGES-LES-GONESSE) 10\nAgence R\u00e9gionale de Sant\u00e9\nIDF-2025-08-11-00003\nArr\u00eat\u00e9 n\u00b0DOS-2025/3622 portant transfert des\nlocaux de la SARL AMBULANCES POUCHET\nAgence R\u00e9gionale de Sant\u00e9 - IDF-2025-08-11-00003 - Arr\u00eat\u00e9 n\u00b0DOS-2025/3622 portant transfert des locaux de la SARL AMBULANCES\nPOUCHET 11\nREPUBLIQUEFRANCAISELibert\u00e9Egalit\u00e9Fraternit\u00e9\ne \u00bb Agence R\u00e9gionale de Sant\u00e9Ile-de-France\n \n \n \n \n \n \n \nAGENCE R\u00c9GIONALE DE SANT\u00c9 \u00ceLE-DE-FRANCE \nARR\u00caT\u00c9 N\u00b0DOS-2025/3622 \nportant transfert des locaux de la SARL AMBULANCES POUCHET \n(75017 Paris) \n \nLE DIRECTEUR G\u00c9N\u00c9RAL DE L'AGENCE R\u00c9GIONALE DE SANT\u00c9 \u00ceLE-DE-FRANCE \n \n \nVU le Code de la Sant\u00e9 Publique et notamment ses articles L.6311-1 \u00e0 L.6311-2, L.6312-1 \u00e0 L.6312-\n5, L.6313-1, R.6312-1 \u00e0 R.6312-23, R.6312-29 \u00e0 R.6312-43, R.6313-5 \u00e0 R.6313-7-1 ; \n \nVU la loi n\u00b0 2009-879 du 21 juillet 2009 portant r\u00e9forme de l'h\u00f4pital et relative aux patients, \u00e0 la sant\u00e9 \net aux territoires ; \n \nVU le d\u00e9cret n\u00b0 2010 -344 du 31 mars 2010 tirant les cons\u00e9quences, au niveau r\u00e8glementaire, de \nl'intervention de la loi n\u00b0 2009 -879 du 21 juillet 2009 portant r\u00e9forme de l'h\u00f4pital et relative aux \npatients, \u00e0 la sant\u00e9 et aux territoires ; \n \nVU le d\u00e9cret du 10 avril 2024  portant nomination de Monsieur Denis ROBIN, Directeur g\u00e9n\u00e9ral de \nl'Agence r\u00e9gionale d'\u00cele de France \u00e0 compter du 29 avril 2024 ; \n \nVU l'arr\u00eat\u00e9 minist\u00e9riel du 21 d\u00e9cembre 1987 modifi\u00e9 relatif \u00e0 la composition du dossier d'agr\u00e9ment \ndes personnes effectuant des transports sanitaires terrestres et au contr\u00f4le des v\u00e9hicules \naffect\u00e9s aux transports sanitaires ; \n \nVU l'arr\u00eat\u00e9 du 12 d\u00e9cembre 2017  modifi\u00e9 fixant les caract\u00e9ristiques et les installations mat\u00e9rielles \nexig\u00e9es pour les v\u00e9hicules affect\u00e9s aux transports sanitaires terrestres ; \n \nVU l'arr\u00eat\u00e9 DS N\u00b0034/2024 du Directeur g\u00e9n\u00e9ral de l'Agence r\u00e9gionale d'\u00cele de France en date du \n29 avril 2024, portant d\u00e9l\u00e9gation de signature \u00e0 Monsieur Arnaud CORVAISIER, Directeur de \nl'offre de soins, et \u00e0 certains de ses collaborateurs ; \n \nVU l'arr\u00eat\u00e9 n\u00b0 DOS-2022/4726 de la Directrice g\u00e9n\u00e9rale de l'Agence r\u00e9gionale de sant\u00e9 Ile de France \nen date  du 10 d\u00e9cembre 2022 portant agr\u00e9ment sous  le n\u00b0  ARS-IDF-TS/308 de la SARL \nAMBULANCES POUCHET sise 64 rue du Mont Cenis \u00e0 Paris (75018), dont le g\u00e9rant est \nMonsieur Samir RAMDANI ; \n \n \nCONSIDERANT l'accord de transfert des autorisations de mise en service des v\u00e9hicules de cat\u00e9gorie \nC type A immatricul\u00e9 GP-814-YT et de cat\u00e9gorie D immatricul\u00e9 GH-221-MA d\u00e9livr\u00e9 par les services de \nl'ARS Ile-de-France le 3 juillet 2025 ; \n \nCONSIDERANT l'accord de transfert de l'autorisation de mise  en service du v\u00e9hicules de cat\u00e9gorie C \ntype A immatricul\u00e9 GG-889-DG provenant de la soci\u00e9t\u00e9 Ambulances Curie \u00e0 Paris 17\u00e8me d\u00e9livr\u00e9 par les \nservices de l'ARS Ile-de-France le 3 juillet 2025 ; \n \n \nAgence R\u00e9gionale de Sant\u00e9 - IDF-2025-08-11-00003 - Arr\u00eat\u00e9 n\u00b0DOS-2025/3622 portant transfert des locaux de la SARL AMBULANCES\nPOUCHET 12\n2 \n \nCONSIDERANT la demande de modification de l'agr\u00e9ment d\u00e9pos\u00e9e par le responsable l\u00e9gal de la \nSARL AMBULANCES POUCHET relative au transfert des locaux ; \n \nCONSIDERANT la conformit\u00e9 du dossier de demande de transfert des locaux aux dispositions de \nl'arr\u00eat\u00e9 du 21 d\u00e9cembre 1987 modifi\u00e9 ci-dessus vis\u00e9 ; \n \nCONSIDERANT l'attestation sur l'honneur relative \u00e0 la conformit\u00e9 des installations mat\u00e9rielles, aux \nnormes d\u00e9finies par l'arr\u00eat\u00e9 du 12 d\u00e9cembre 2017 ci -dessus vis\u00e9 ainsi qu'aux normes d'hygi\u00e8ne et de \nsalubrit\u00e9 ; \n \n \nARR\u00caTE \n \nARTICLE 1er : La SARL AMBULANCES POUCHET est autoris\u00e9e \u00e0 transf\u00e9rer ses locaux du 64 rue du \nMont Cenis \u00e0 Paris (75018) au 111 rue de Rome \u00e0 Paris (75017) \u00e0 la date du pr\u00e9sent arr\u00eat\u00e9. \n \nARTICLE 2  : La pr\u00e9sente d\u00e9cision peut faire l'objet d'un recours gracieux aupr\u00e8s de Monsieur le \nDirecteur g\u00e9n\u00e9ral de l'Agence r\u00e9gionale de sant\u00e9, sise 13, rue du Landy 93200 Saint-Denis. \n Un recours contentieux peut \u00e9galement \u00eatre d\u00e9pos\u00e9 aupr\u00e8s du tribunal administratif comp\u00e9tent.   \n Le d\u00e9lai de recours est de deux mois \u00e0 compter de la notification de l'arr\u00eat\u00e9 pour l'int\u00e9ress\u00e9 ou de sa \npublication pour les tiers. \n Ces recours n'ont pas pour effet de suspendre le caract\u00e8re ex\u00e9cutoire de la pr\u00e9sente d\u00e9cision.    \n \nARTICLE 3 : Le Directeur de l'offre de soins est charg\u00e9 de l'ex\u00e9cution du pr\u00e9sent arr\u00eat\u00e9, qui sera publi\u00e9 \nau Recueil des Actes Administratifs des services de l'\u00c9tat.  \n \n \n \n \nFait \u00e0 Saint-Denis, le 11 ao\u00fbt 2025 \n \nP/Le Directeur g\u00e9n\u00e9ral \nde l'Agence r\u00e9gionale de sant\u00e9 \nIle-de-France,  \nLa Responsable du service r\u00e9gional \ndes transports sanitaires, \n \n \nSign\u00e9 \n \n         \nS\u00e9verine TEISSEDRE \n \nAgence R\u00e9gionale de Sant\u00e9 - IDF-2025-08-11-00003 - Arr\u00eat\u00e9 n\u00b0DOS-2025/3622 portant transfert des locaux de la SARL AMBULANCES\nPOUCHET 13","date":"2025-08-11","first_seen_on":"2025-08-11T16:39:00+00:00","id":"420851b79e5b6f3e1cd6a9b719db54908875942df16b5d87e51f6cbf68f4fced","name":"recueil-idf-020-2025-08-RAA-nominatifs du 11.08.2025","pdf_creation_date":"2025-08-11T15:04:08+00:00","pdf_modification_date":null,"timezone":"Europe/Paris","url":"https://www.prefectures-regions.gouv.fr/ile-de-france/irecontenu/telechargement/130174/957820/file/recueil-idf-020-2025-08-RAA-nominatifs%20du%2011.08.2025.pdf"}
