{"administration":"prefidf","administration_name":"Pr\u00e9fecture de la r\u00e9gion \u00cele-de-France","content":"PREFECTURE\nREGION ILE DE\nFRANCE\nRECUEIL DES ACTES\nADMINISTRATIFS SP\u00c9CIAL\nN\u00b0IDF-055-2025-12\nPUBLI\u00c9 LE 23 D\u00c9CEMBRE 2025\nSommaire\nD\u00e9l\u00e9gation r\u00e9gionale acad\u00e9mique \u00e0 la jeunesse, \u00e0 l'engagement\net aux sports /\nIDF-2025-12-23-00008 - Arr\u00eat\u00e9 n\u00b02025 - portant attribution ou\nrenouvellement du label \"information jeunesse\"\n*** ARGENTEUIL *** (2\npages) Page 4\nIDF-2025-12-23-00004 - Arr\u00eat\u00e9 n\u00b02025 - portant attribution ou\nrenouvellement du label \"information jeunesse\"\n*** BRETIGNY-SUR-ORGE\n*** (2 pages) Page 7\nIDF-2025-12-23-00006 - Arr\u00eat\u00e9 n\u00b02025 - portant attribution ou\nrenouvellement du label \"information jeunesse\"\n*** BRUNOY *** (2 pages) Page 10\nIDF-2025-12-23-00009 - Arr\u00eat\u00e9 n\u00b02025 - portant attribution ou\nrenouvellement du label \"information jeunesse\"\n*** CERGY *** (2 pages) Page 13\nIDF-2025-12-23-00010 - Arr\u00eat\u00e9 n\u00b02025 - portant attribution ou\nrenouvellement du label \"information jeunesse\"\n*** ECOUEN *** (2 pages) Page 16\nIDF-2025-12-23-00007 - Arr\u00eat\u00e9 n\u00b02025 - portant attribution ou\nrenouvellement du label \"information jeunesse\"\n*** FRESNES *** (2 pages) Page 19\nIDF-2025-12-23-00011 - Arr\u00eat\u00e9 n\u00b02025 - portant attribution ou\nrenouvellement du label \"information jeunesse\"\n*** HERBLAY-SUR-SEINE\n*** (2 pages) Page 22\nIDF-2025-12-23-00003 - Arr\u00eat\u00e9 n\u00b02025 - portant attribution ou\nrenouvellement du label \"information jeunesse\"\n*** MANTES-LA-JOLIE ***\n(2 pages) Page 25\nIDF-2025-12-23-00005 - Arr\u00eat\u00e9 n\u00b02025 - portant attribution ou\nrenouvellement du label \"information jeunesse\"\n*** PARIS ***   (3 pages) Page 28\nIDF-2025-12-23-00012 - Arr\u00eat\u00e9 n\u00b02025 - portant attribution ou\nrenouvellement du label \"information jeunesse\"\n***\nSAINT-BRICE-SOUS-FORET *** (2 pages) Page 32\nIDF-2025-12-23-00002 - Arr\u00eat\u00e9 n\u00b02025 - portant attribution ou\nrenouvellement du label \"information jeunesse\"\n***\nVILLENEUVE-SAINT-GEORGES *** (2 pages) Page 35\nDirection r\u00e9gionale des affaires culturelles d'Ile-de-France  /\nIDF-2025-12-22-00006 - Arr\u00eat\u00e9 portant inscription au titre des\nmonuments historiques de l'ensemble constitu\u00e9 par le Palais de Tokyo\net le Mus\u00e9e d'art moderne de la Ville de Paris situ\u00e9 aux n\u00b011 et 13\nde l'avenue du Pr\u00e9sident Wilson \u00e0 PARIS (16e arrondissement) (3\npages) Page 38\nDirection r\u00e9gionale des affaires culturelles d'Ile-de-France  / Conservation\nr\u00e9gionale des monuments historiques\nIDF-2025-12-22-00005 - Arr\u00eat\u00e9 portant inscription au titre des\nmonuments historiques de la chapelle de l'ancienne maison de retraite\nChardon-Lagache situ\u00e9e 1 rue Chardon-Lagache \u00e0 PARIS (16e\narrondissement) (2 pages) Page 42\n2\nDirection r\u00e9gionale et interd\u00e9partementale de l'environnement, de\nl'am\u00e9nagement et des transports d'\u00cele-de-France / D\u00e9partement\ndes affaires juridiques, des archives et de la documentation\nIDF-2025-12-23-00001 - D\u00e9cision DRIEAT-IDF portant organisation des\nservices de la direction r\u00e9gionale et interd\u00e9partementale de\nl'environnement, de l'am\u00e9nagement et des transports\nd'\u00cele-de-France (5 pages) Page 45\n3\nD\u00e9l\u00e9gation r\u00e9gionale acad\u00e9mique \u00e0 la jeunesse, \u00e0\nl'engagement et aux sports\nIDF-2025-12-23-00008\nArr\u00eat\u00e9 n\u00b02025 - portant attribution ou\nrenouvellement du label \"information jeunesse\"\n*** ARGENTEUIL ***\nD\u00e9l\u00e9gation r\u00e9gionale acad\u00e9mique \u00e0 la jeunesse, \u00e0 l'engagement et aux sports - IDF-2025-12-23-00008 - Arr\u00eat\u00e9 n\u00b02025 - portant\nattribution ou renouvellement du label \"information jeunesse\"\n*** ARGENTEUIL ***\n4\nREGION ACADEMIQUE\u00ceLE-DE-FRANCELibert\u00e9Egalit\u00e9Fraternit\u00e9\n \nDirection des services d\u00e9partementaux  \nde l'\u00e9ducation nationale du Val-d'Oise \n                                                                   \n \n \nD\u00e9l\u00e9gation r\u00e9gionale acad\u00e9mique jeunesse,  \nengagement et sports (DRAJES) \n6/8 rue Eug\u00e8ne Oudin\u00e9 - CS 81360 \n75634 PARIS CEDEX 13 \n1/2  \n \n \nARR\u00caT\u00c9 N\u00b0 2025 \u2013 \n \n \nPortant attribution ou renouvellement du label \u00ab information jeunesse \u00bb \n \n *** ARGENTEUIL ***  \n \nLa rectrice de la R\u00e9gion Acad\u00e9mique d'\u00cele-de-France, Rectrice de Paris, Chanceli\u00e8re des universit\u00e9s de \nParis et d'\u00cele-de-France \n \nVU la loi n\u00b0 2017-86 du 27 janvier 2017 relative \u00e0 l'\u00e9galit\u00e9 et \u00e0 la citoyennet\u00e9  ; \n \nVU le d\u00e9cret n\u00b02017-574 du 19 avril 2017 relatif \u00e0 la labellisation des structures \u00ab Information \nJeunesse \u00bb pris pour l'application de la loi relative \u00e0 l'\u00e9galit\u00e9 et \u00e0 la citoyennet\u00e9 n\u00b02017 -86 du 27 \njanvier 2017 ; \n \nVU le d\u00e9cret n\u00b0 2019-1200 du 20 novembre 20 19, relatif \u00e0 l'organisation des services d\u00e9concentr\u00e9s \ndes ministres charg\u00e9s de l'\u00c9ducation nationale et de l'Enseignement sup\u00e9rieur, de la Recherche et de \nl'Innovation ; \n \nVU le d\u00e9cret n\u00b0 2019-1201 du 20 novembre 2019 relatif \u00e0 la nomination des rec teurs d\u00e9l\u00e9gu\u00e9s \u00e0 \nl'\u00c9ducation nationale, \u00e0 l'Enseignement sup\u00e9rieur, \u00e0 la Recherche et \u00e0 l'In novation en Conseil des \nministres ;  \n  \nVU le d\u00e9cret n\u00b0 2022-1184 du 25 ao\u00fbt 2022 portant modification du d\u00e9cret no 2017-574 d u 19 avril \n2017 modifi\u00e9 relatif \u00e0 la labellisation des structures \u00ab Information Jeunesse \u00bb, pris pour l'application  \nde la loi relative \u00e0 l'\u00e9galit\u00e9 et \u00e0 la citoyennet\u00e9 no 2017 -86 du 27 janvier 2017 ; \n \nVU le d\u00e9cret du 12 mars 2025 portant nomination de Julie BENETTI, rectrice de la r\u00e9gion acad\u00e9mique \nd'\u00cele-de-France, rectrice de l'acad\u00e9mie de Paris , chanceli\u00e8re des universit\u00e9s de Paris et d'\u00cele -de-\nFrance ; \n \nVU l'arr\u00eat\u00e9 IDF -2025-12-04 n\u00b000006 du 17 d\u00e9cembre 2025 relatif \u00e0 la constitution, \u00e0 la c omposition \nr\u00e9gionale et au fonctionnement de la formation sp\u00e9cialis\u00e9e \u00ab Information Jeunesse \u00bb de l a \nCommission r\u00e9gionale de la jeunesse, des sports et de la vie associative d'\u00cele-de-France (CRJSVA IDF) ; \nVU l'arr\u00eat\u00e9 2025-024 du 27 mars 2025 portant d\u00e9l\u00e9gation et subd\u00e9l\u00e9gation de signature de la rectrice de \nla r\u00e9gion acad\u00e9mique d'\u00cel e-de-France en mati\u00e8re administrative pour la mise en \u0153uvre des missions de \njeunesse, d'engagement et de sports ;  \n \nVU l'avis formul\u00e9 par la formation sp\u00e9cialis\u00e9e information jeunesse d'\u00cele-de-France du 09 d\u00e9cembre 2025, \nissue de la commission r\u00e9gionale de la jeunesse, des sports et de la vie associative en \u00cele -de-France \n \nD\u00e9l\u00e9gation r\u00e9gionale acad\u00e9mique \u00e0 la jeunesse, \u00e0 l'engagement et aux sports - IDF-2025-12-23-00008 - Arr\u00eat\u00e9 n\u00b02025 - portant\nattribution ou renouvellement du label \"information jeunesse\"\n*** ARGENTEUIL ***\n5\nD\u00e9l\u00e9gation r\u00e9gionale acad\u00e9mique jeunesse,  \nengagement et sports (DRAJES) \n6/8 rue Eug\u00e8ne Oudin\u00e9 - CS 81360 \n75634 PARIS CEDEX 13 2/2   \n \nARR\u00caTE : \nArticle 1er : \nEst labellis\u00e9e \u00ab Information Jeunesse \u00bb la structure suivante : \n \nStructure : Information Jeunesse \n \nSitu\u00e9e : 7 rue des Gobelins - 95100 Argenteuil \n \nArticle 2 : \n \nL'Etat accorde le label, sous r\u00e9serve du respect des crit\u00e8res tels qu'indiqu\u00e9s dans l'instruction relative \n\u00e0 la d\u00e9livrance par l'Etat du \u00ab label information jeunesse \u00bb du 18 mars 2022. \n \nLes services d\u00e9partementaux \u00e0 la jeunesse, \u00e0 l'engagement et aux sports sont garants du respect des \nvaleurs du label, de sa mise en \u0153uvre et de l'organisation du processus de labellisation.  \n \nArticle 3 : \n \nL'entr\u00e9e en vigueur du label se fait \u00e0 la date de publication du pr\u00e9sent arr\u00eat\u00e9.  \nLe label est attribu\u00e9 ou renouvel\u00e9 pour une dur\u00e9e de 6 ans  \u00e0 compter de la date de publication du \npr\u00e9sent arr\u00eat\u00e9 sous r\u00e9serve d'un bilan de sa mise en \u0153uvre par la structure au bout de 3 ans.  \n \nArticle 4 : \n \nLa d\u00e9l\u00e9gu\u00e9e r\u00e9gionale acad\u00e9mique \u00e0 la jeunesse, \u00e0 l'engagement et aux sports d'\u00cele -de-France est \ncharg\u00e9e de l'ex\u00e9cution du pr\u00e9sent arr\u00eat\u00e9, qui sera publi\u00e9 au recueil des actes administratifs de la  \npr\u00e9fecture.  \n \nIl sera notifi\u00e9 aux maires des communes et aux responsables l\u00e9gaux des structures concern\u00e9es. \n \n \nFait \u00e0 Paris, le 23 d\u00e9cembre 2025, \n \nPour la rectrice de la r\u00e9gion acad\u00e9mique d'\u00cele-de-France, \nrectrice de l'acad\u00e9mie de Paris, chanceli\u00e8re des universit\u00e9s \nde Paris et d'\u00cele-de-France, Par d\u00e9l\u00e9gation, \nLa d\u00e9l\u00e9gu\u00e9e r\u00e9gionale acad\u00e9mique \u00e0 la jeunesse,  \n\u00e0 l'engagement et aux sports d'\u00cele-de-France,  \n \nSIGN\u00c9 \n \n                                                                     C\u00e9cile NICOL \n \n \nD\u00e9l\u00e9gation r\u00e9gionale acad\u00e9mique \u00e0 la jeunesse, \u00e0 l'engagement et aux sports - IDF-2025-12-23-00008 - Arr\u00eat\u00e9 n\u00b02025 - portant\nattribution ou renouvellement du label \"information jeunesse\"\n*** ARGENTEUIL ***\n6\nD\u00e9l\u00e9gation r\u00e9gionale acad\u00e9mique \u00e0 la jeunesse, \u00e0\nl'engagement et aux sports\nIDF-2025-12-23-00004\nArr\u00eat\u00e9 n\u00b02025 - portant attribution ou\nrenouvellement du label \"information jeunesse\"\n*** BRETIGNY-SUR-ORGE ***\nD\u00e9l\u00e9gation r\u00e9gionale acad\u00e9mique \u00e0 la jeunesse, \u00e0 l'engagement et aux sports - IDF-2025-12-23-00004 - Arr\u00eat\u00e9 n\u00b02025 - portant\nattribution ou renouvellement du label \"information jeunesse\"\n*** BRETIGNY-SUR-ORGE ***\n7\nREGION ACADEMIQUE\u00ceLE-DE-FRANCELibert\u00e9Egalit\u00e9Fraternit\u00e9\n \nDirection des services d\u00e9partementaux  \nde l'\u00e9ducation nationale de l'Essonne \n                                                                   \n \n \nD\u00e9l\u00e9gation r\u00e9gionale acad\u00e9mique jeunesse,  \nengagement et sports (DRAJES) \n6/8 rue Eug\u00e8ne Oudin\u00e9 - CS 81360 \n75634 PARIS CEDEX 13 \n1/2  \n \n \nARR\u00caT\u00c9 N\u00b0 2025 \u2013 \n \n \nPortant attribution ou renouvellement du label \u00ab information jeunesse \u00bb \n \n *** BR\u00c9TIGNY-SUR-ORGE ***  \n \nLa rectrice de la R\u00e9gion Acad\u00e9mique d'\u00cele-de-France, Rectrice de Paris, Chanceli\u00e8re des universit\u00e9s de \nParis et d'\u00cele-de-France \n \nVU la loi n\u00b0 2017-86 du 27 janvier 2017 relative \u00e0 l'\u00e9galit\u00e9 et \u00e0 la citoyennet\u00e9  ; \n \nVU le d\u00e9cret n\u00b02017-574 du 19 avril 2017 relatif \u00e0 la labellisation des structures \u00ab Information \nJeunesse \u00bb pris pour l'application de la loi relative \u00e0 l'\u00e9galit\u00e9 et \u00e0 la citoyennet\u00e9 n\u00b02017 -86 du 27 \njanvier 2017 ; \n \nVU le d\u00e9cret n\u00b0 2019-1200 du 20 novembre 20 19, relatif \u00e0 l'organisation des services d\u00e9concentr\u00e9s \ndes ministres charg\u00e9s de l'\u00c9ducation nationale et de l'Enseignement sup\u00e9rieur, de la Recherche et de \nl'Innovation ; \n \nVU le d\u00e9cret n\u00b0 2019-1201 du 20 novembre 2019 relatif \u00e0 la nomination des rec teurs d\u00e9l\u00e9gu\u00e9s \u00e0 \nl'\u00c9ducation nationale, \u00e0 l'Enseignement sup\u00e9rieur, \u00e0 la Recherche et \u00e0 l'In novation en Conseil des \nministres ;  \n  \nVU le d\u00e9cret n\u00b0 2022-1184 du 25 ao\u00fbt 2022 portant modification du d\u00e9cret no 2017-574 d u 19 avril \n2017 modifi\u00e9 relatif \u00e0 la labellisation des structures \u00ab Information Jeunesse \u00bb, pris pour l'application  \nde la loi relative \u00e0 l'\u00e9galit\u00e9 et \u00e0 la citoyennet\u00e9 no 2017 -86 du 27 janvier 2017 ; \n \nVU le d\u00e9cret du 12 mars 2025 portant nomination de Julie BENETTI, rectrice de la r\u00e9gion acad\u00e9mique \nd'\u00cele-de-France, rectrice de l'acad\u00e9mie de Paris , chanceli\u00e8re des universit\u00e9s de Paris et d'\u00cele -de-\nFrance ; \n \nVU l'arr\u00eat\u00e9 IDF -2025-12-04 n\u00b000006 du 17 d\u00e9cembre 2025 relatif \u00e0 la constitution, \u00e0 la c omposition \nr\u00e9gionale et au fonctionnement de la formation sp\u00e9cialis\u00e9e \u00ab Information Jeunesse \u00bb de l a \nCommission r\u00e9gionale de la jeunesse, des sports et de la vie associative d'\u00cele-de-France (CRJSVA IDF) ; \nVU l'arr\u00eat\u00e9 2025-024 du 27 mars 2025 portant d\u00e9l\u00e9gation et subd\u00e9l\u00e9gation de signature de la rectrice de \nla r\u00e9gion acad\u00e9mique d'\u00cel e-de-France en mati\u00e8re administrative pour la mise en \u0153uvre des missions de \njeunesse, d'engagement et de sports ;  \n \nVU l'avis formul\u00e9 par la formation sp\u00e9cialis\u00e9e information jeunesse d'\u00cele-de-France du 09 d\u00e9cembre 2025, \nissue de la commission r\u00e9gionale de la jeunesse, des sports et de la vie associative en \u00cele -de-France \n \nD\u00e9l\u00e9gation r\u00e9gionale acad\u00e9mique \u00e0 la jeunesse, \u00e0 l'engagement et aux sports - IDF-2025-12-23-00004 - Arr\u00eat\u00e9 n\u00b02025 - portant\nattribution ou renouvellement du label \"information jeunesse\"\n*** BRETIGNY-SUR-ORGE ***\n8\nD\u00e9l\u00e9gation r\u00e9gionale acad\u00e9mique jeunesse,  \nengagement et sports (DRAJES) \n6/8 rue Eug\u00e8ne Oudin\u00e9 - CS 81360 \n75634 PARIS CEDEX 13 2/2   \n \nARR\u00caTE : \nArticle 1er : \nEst labellis\u00e9e \u00ab Information Jeunesse \u00bb la structure suivante : \n \nStructure : L'atelier 220  \n \nSitu\u00e9e : 5 rue Albert Camus - 91220 Br\u00e9tigny-sur-Orge \n \nArticle 2 : \n \nL'Etat accorde le label, sous r\u00e9serve du respect des crit\u00e8res tels qu'indiqu\u00e9s dans l'instruction relative \n\u00e0 la d\u00e9livrance par l'Etat du \u00ab label information jeunesse \u00bb du 18 mars 2022. \n \nLes services d\u00e9partementaux \u00e0 la jeunesse, \u00e0 l'engagement et aux sports sont garants du respect des \nvaleurs du label, de sa mise en \u0153uvre et de l'organisation du processus de labellisation.  \n \nArticle 3 : \n \nL'entr\u00e9e en vigueur du label se fait \u00e0 la date de publication du pr\u00e9sent arr\u00eat\u00e9.  \nLe label est attribu\u00e9 ou renouvel\u00e9 pour une dur\u00e9e de 6 ans  \u00e0 compter de la date de publication du \npr\u00e9sent arr\u00eat\u00e9 sous r\u00e9serve d'un bilan de sa mise en \u0153uvre par la structure au bout de 3 ans.  \n \nArticle 4 : \n \nLa d\u00e9l\u00e9gu\u00e9e r\u00e9gionale acad\u00e9mique \u00e0 la jeunesse, \u00e0 l'engagement et aux sports d'\u00cele -de-France est \ncharg\u00e9e de l'ex\u00e9cution du pr\u00e9sent arr\u00eat\u00e9, qui sera publi\u00e9 au recueil des actes administratifs de la  \npr\u00e9fecture.  \n \nIl sera notifi\u00e9 aux maires des communes et aux responsables l\u00e9gaux des structures concern\u00e9es. \n \n \nFait \u00e0 Paris, le 23 d\u00e9cembre 2025, \n \nPour la rectrice de la r\u00e9gion acad\u00e9mique d'\u00cele-de-France, \nrectrice de l'acad\u00e9mie de Paris, chanceli\u00e8re des universit\u00e9s \nde Paris et d'\u00cele-de-France, Par d\u00e9l\u00e9gation, \nLa d\u00e9l\u00e9gu\u00e9e r\u00e9gionale acad\u00e9mique \u00e0 la jeunesse,  \n\u00e0 l'engagement et aux sports d'\u00cele-de-France,  \n \nSIGN\u00c9 \n \n                                                                     C\u00e9cile NICOL \n \n \nD\u00e9l\u00e9gation r\u00e9gionale acad\u00e9mique \u00e0 la jeunesse, \u00e0 l'engagement et aux sports - IDF-2025-12-23-00004 - Arr\u00eat\u00e9 n\u00b02025 - portant\nattribution ou renouvellement du label \"information jeunesse\"\n*** BRETIGNY-SUR-ORGE ***\n9\nD\u00e9l\u00e9gation r\u00e9gionale acad\u00e9mique \u00e0 la jeunesse, \u00e0\nl'engagement et aux sports\nIDF-2025-12-23-00006\nArr\u00eat\u00e9 n\u00b02025 - portant attribution ou\nrenouvellement du label \"information jeunesse\"\n*** BRUNOY ***\nD\u00e9l\u00e9gation r\u00e9gionale acad\u00e9mique \u00e0 la jeunesse, \u00e0 l'engagement et aux sports - IDF-2025-12-23-00006 - Arr\u00eat\u00e9 n\u00b02025 - portant\nattribution ou renouvellement du label \"information jeunesse\"\n*** BRUNOY ***\n10\nREGION ACADEMIQUE\u00ceLE-DE-FRANCELibert\u00e9Egalit\u00e9Fraternit\u00e9\n \nDirection des services d\u00e9partementaux  \nde l'\u00e9ducation nationale de l'Essonne \n                                                                   \n \n \nD\u00e9l\u00e9gation r\u00e9gionale acad\u00e9mique jeunesse,  \nengagement et sports (DRAJES) \n6/8 rue Eug\u00e8ne Oudin\u00e9 - CS 81360 \n75634 PARIS CEDEX 13 \n1/2  \n \n \nARR\u00caT\u00c9 N\u00b0 2025 \u2013  \n \n \nPortant attribution ou renouvellement du label \u00ab information jeunesse \u00bb \n \n *** BRUNOY ***  \n \nLa rectrice de la R\u00e9gion Acad\u00e9mique d'\u00cele-de-France, Rectrice de Paris, Chanceli\u00e8re des universit\u00e9s de \nParis et d'\u00cele-de-France \n \nVU la loi n\u00b0 2017-86 du 27 janvier 2017 relative \u00e0 l'\u00e9galit\u00e9 et \u00e0 la citoyennet\u00e9  ; \n \nVU le d\u00e9cret n\u00b02017-574 du 19 avril 2017 relatif \u00e0 la labellisation des structures \u00ab Information \nJeunesse \u00bb pris pour l'application de la loi relative \u00e0 l'\u00e9galit\u00e9 et \u00e0 la citoyennet\u00e9 n\u00b02017 -86 du 27 \njanvier 2017 ; \n \nVU le d\u00e9cret n\u00b0 2019-1200 du 20 novembre 20 19, relatif \u00e0 l'organisation des services d\u00e9concentr\u00e9s \ndes ministres charg\u00e9s de l'\u00c9ducation nationale et de l'Enseignement sup\u00e9rieur, de la Recherche et de \nl'Innovation ; \n \nVU le d\u00e9cret n\u00b0 2019-1201 du 20 novembre 2019 relatif \u00e0 la nomination des rec teurs d\u00e9l\u00e9gu\u00e9s \u00e0 \nl'\u00c9ducation nationale, \u00e0 l'Enseignement sup\u00e9rieur, \u00e0 la Recherche et \u00e0 l'In novation en Conseil des \nministres ;  \n  \nVU le d\u00e9cret n\u00b0 2022-1184 du 25 ao\u00fbt 2022 portant modification du d\u00e9cret no 2017-574 d u 19 avril \n2017 modifi\u00e9 relatif \u00e0 la labellisation des structures \u00ab Information Jeunesse \u00bb, pris pour l'application  \nde la loi relative \u00e0 l'\u00e9galit\u00e9 et \u00e0 la citoyennet\u00e9 no 2017 -86 du 27 janvier 2017 ; \n \nVU le d\u00e9cret du 12 mars 2025 portant nomination de Julie BENETTI, rectrice de la r\u00e9gion acad\u00e9mique \nd'\u00cele-de-France, rectrice de l'acad\u00e9mie de Paris , chanceli\u00e8re des universit\u00e9s de Paris et d'\u00cele -de-\nFrance ; \n \nVU l'arr\u00eat\u00e9 IDF -2025-12-04 n\u00b000006 du 17 d\u00e9cembre 2025 relatif \u00e0 la constitution, \u00e0 la c omposition \nr\u00e9gionale et au fonctionnement de la formation sp\u00e9cialis\u00e9e \u00ab Information Jeunesse \u00bb de l a \nCommission r\u00e9gionale de la jeunesse, des sports et de la vie associative d'\u00cele-de-France (CRJSVA IDF) ; \nVU l'arr\u00eat\u00e9 2025-024 du 27 mars 2025 portant d\u00e9l\u00e9gation et subd\u00e9l\u00e9gation de signature de la rectrice de \nla r\u00e9gion acad\u00e9mique d'\u00cel e-de-France en mati\u00e8re administrative pour la mise en \u0153uvre des missions de \njeunesse, d'engagement et de sports ;  \n \nVU l'avis formul\u00e9 par la formation sp\u00e9cialis\u00e9e information jeunesse d'\u00cele-de-France du 09 d\u00e9cembre 2025, \nissue de la commission r\u00e9gionale de la jeunesse, des sports et de la vie associative en \u00cele -de-France \n \nD\u00e9l\u00e9gation r\u00e9gionale acad\u00e9mique \u00e0 la jeunesse, \u00e0 l'engagement et aux sports - IDF-2025-12-23-00006 - Arr\u00eat\u00e9 n\u00b02025 - portant\nattribution ou renouvellement du label \"information jeunesse\"\n*** BRUNOY ***\n11\nD\u00e9l\u00e9gation r\u00e9gionale acad\u00e9mique jeunesse,  \nengagement et sports (DRAJES) \n6/8 rue Eug\u00e8ne Oudin\u00e9 - CS 81360 \n75634 PARIS CEDEX 13 2/2   \n \nARR\u00caTE : \nArticle 1er : \nEst labellis\u00e9e \u00ab Information Jeunesse \u00bb la structure suivante : \n \nStructure : Bureau Information Jeunesse  \n \nSitu\u00e9e : 2 rue du R\u00e9veillon - 91800 Brunoy \n \nArticle 2 : \n \nL'Etat accorde le label, sous r\u00e9serve du respect des crit\u00e8res tels qu'indiqu\u00e9s dans l'instruction relative \n\u00e0 la d\u00e9livrance par l'Etat du \u00ab label information jeunesse \u00bb du 18 mars 2022. \n \nLes services d\u00e9partementaux \u00e0 la jeunesse, \u00e0 l'engagement et aux sports sont garants du respect des \nvaleurs du label, de sa mise en \u0153uvre et de l'organisation du processus de labellisation.  \n \nArticle 3 : \n \nL'entr\u00e9e en vigueur du label se fait \u00e0 la date de publication du pr\u00e9sent arr\u00eat\u00e9.  \nLe label est attribu\u00e9 ou renouvel\u00e9 pour une dur\u00e9e de 6 ans  \u00e0 compter de la date de publication du \npr\u00e9sent arr\u00eat\u00e9 sous r\u00e9serve d'un bilan de sa mise en \u0153uvre par la structure au bout de 3 ans.  \n \nArticle 4 : \n \nLa d\u00e9l\u00e9gu\u00e9e r\u00e9gionale acad\u00e9mique \u00e0 la jeunesse, \u00e0 l'engagement et aux sports d'\u00cele -de-France est \ncharg\u00e9e de l'ex\u00e9cution du pr\u00e9sent arr\u00eat\u00e9, qui sera publi\u00e9 au recueil des actes administratifs de la  \npr\u00e9fecture.  \n \nIl sera notifi\u00e9 aux maires des communes et aux responsables l\u00e9gaux des structures concern\u00e9es. \n \n \nFait \u00e0 Paris, le 23 d\u00e9cembre 2025, \n \nPour la rectrice de la r\u00e9gion acad\u00e9mique d'\u00cele-de-France, \nrectrice de l'acad\u00e9mie de Paris, chanceli\u00e8re des universit\u00e9s \nde Paris et d'\u00cele-de-France, Par d\u00e9l\u00e9gation, \nLa d\u00e9l\u00e9gu\u00e9e r\u00e9gionale acad\u00e9mique \u00e0 la jeunesse,  \n\u00e0 l'engagement et aux sports d'\u00cele-de-France,  \n \nSIGN\u00c9 \n \n                                                                     C\u00e9cile NICOL \n \n \nD\u00e9l\u00e9gation r\u00e9gionale acad\u00e9mique \u00e0 la jeunesse, \u00e0 l'engagement et aux sports - IDF-2025-12-23-00006 - Arr\u00eat\u00e9 n\u00b02025 - portant\nattribution ou renouvellement du label \"information jeunesse\"\n*** BRUNOY ***\n12\nD\u00e9l\u00e9gation r\u00e9gionale acad\u00e9mique \u00e0 la jeunesse, \u00e0\nl'engagement et aux sports\nIDF-2025-12-23-00009\nArr\u00eat\u00e9 n\u00b02025 - portant attribution ou\nrenouvellement du label \"information jeunesse\"\n*** CERGY ***\nD\u00e9l\u00e9gation r\u00e9gionale acad\u00e9mique \u00e0 la jeunesse, \u00e0 l'engagement et aux sports - IDF-2025-12-23-00009 - Arr\u00eat\u00e9 n\u00b02025 - portant\nattribution ou renouvellement du label \"information jeunesse\"\n*** CERGY ***\n13\nREGION ACADEMIQUE\u00ceLE-DE-FRANCELibert\u00e9Egalit\u00e9Fraternit\u00e9\n \nDirection des services d\u00e9partementaux  \nde l'\u00e9ducation nationale du Val-d'Oise \n                                                                   \n \n \nD\u00e9l\u00e9gation r\u00e9gionale acad\u00e9mique jeunesse,  \nengagement et sports (DRAJES) \n6/8 rue Eug\u00e8ne Oudin\u00e9 - CS 81360 \n75634 PARIS CEDEX 13 \n1/2  \n \n \nARR\u00caT\u00c9 N\u00b0 2025 \u2013  \n \n \nPortant attribution ou renouvellement du label \u00ab information jeunesse \u00bb \n \n *** CERGY ***  \n \nLa rectrice de la R\u00e9gion Acad\u00e9mique d'\u00cele-de-France, Rectrice de Paris, Chanceli\u00e8re des universit\u00e9s de \nParis et d'\u00cele-de-France \n \nVU la loi n\u00b0 2017-86 du 27 janvier 2017 relative \u00e0 l'\u00e9galit\u00e9 et \u00e0 la citoyennet\u00e9  ; \n \nVU le d\u00e9cret n\u00b02017-574 du 19 avril 2017 relatif \u00e0 la labellisation des structures \u00ab Information \nJeunesse \u00bb pris pour l'application de la loi relative \u00e0 l'\u00e9galit\u00e9 et \u00e0 la citoyennet\u00e9 n\u00b02017 -86 du 27 \njanvier 2017 ; \n \nVU le d\u00e9cret n\u00b0 2019-1200 du 20 novembre 20 19, relatif \u00e0 l'organisation des services d\u00e9concentr\u00e9s \ndes ministres charg\u00e9s de l'\u00c9ducation nationale et de l'Enseignement sup\u00e9rieur, de la Recherche et de \nl'Innovation ; \n \nVU le d\u00e9cret n\u00b0 2019-1201 du 20 novembre 2019 relatif \u00e0 la nomination des rec teurs d\u00e9l\u00e9gu\u00e9s \u00e0 \nl'\u00c9ducation nationale, \u00e0 l'Enseignement sup\u00e9rieur, \u00e0 la Recherche et \u00e0 l'In novation en Conseil des \nministres ;  \n  \nVU le d\u00e9cret n\u00b0 2022-1184 du 25 ao\u00fbt 2022 portant modification du d\u00e9cret no 2017-574 d u 19 avril \n2017 modifi\u00e9 relatif \u00e0 la labellisation des structures \u00ab Information Jeunesse \u00bb, pris pour l'application  \nde la loi relative \u00e0 l'\u00e9galit\u00e9 et \u00e0 la citoyennet\u00e9 no 2017 -86 du 27 janvier 2017 ; \n \nVU le d\u00e9cret du 12 mars 2025 portant nomination de Julie BENETTI, rectrice de la r\u00e9gion acad\u00e9mique \nd'\u00cele-de-France, rectrice de l'acad\u00e9mie de Paris , chanceli\u00e8re des universit\u00e9s de Paris et d'\u00cele -de-\nFrance ; \n \nVU l'arr\u00eat\u00e9 IDF -2025-12-04 n\u00b000006 du 17 d\u00e9cembre 2025 relatif \u00e0 la constitution, \u00e0 la c omposition \nr\u00e9gionale et au fonctionnement de la formation sp\u00e9cialis\u00e9e \u00ab Information Jeunesse \u00bb de l a \nCommission r\u00e9gionale de la jeunesse, des sports et de la vie associative d'\u00cele-de-France (CRJSVA IDF) ; \nVU l'arr\u00eat\u00e9 2025-024 du 27 mars 2025 portant d\u00e9l\u00e9gation et subd\u00e9l\u00e9gation de signature de la rectrice de \nla r\u00e9gion acad\u00e9mique d'\u00cel e-de-France en mati\u00e8re administrative pour la mise en \u0153uvre des missions de \njeunesse, d'engagement et de sports ;  \n \nVU l'avis formul\u00e9 par la formation sp\u00e9cialis\u00e9e information jeunesse d'\u00cele-de-France du 09 d\u00e9cembre 2025, \nissue de la commission r\u00e9gionale de la jeunesse, des sports et de la vie associative en \u00cele -de-France \n \nD\u00e9l\u00e9gation r\u00e9gionale acad\u00e9mique \u00e0 la jeunesse, \u00e0 l'engagement et aux sports - IDF-2025-12-23-00009 - Arr\u00eat\u00e9 n\u00b02025 - portant\nattribution ou renouvellement du label \"information jeunesse\"\n*** CERGY ***\n14\nD\u00e9l\u00e9gation r\u00e9gionale acad\u00e9mique jeunesse,  \nengagement et sports (DRAJES) \n6/8 rue Eug\u00e8ne Oudin\u00e9 - CS 81360 \n75634 PARIS CEDEX 13 2/2   \n \nARR\u00caTE : \nArticle 1er : \nEst labellis\u00e9e \u00ab Information Jeunesse \u00bb la structure suivante : \n \nStructure : Information Jeunesse \n \nSitu\u00e9e : 3 place Olympe de Gouges \u2013 95100 Cergy \n \nArticle 2 : \n \nL'Etat accorde le label, sous r\u00e9serve du respect des crit\u00e8res tels qu'indiqu\u00e9s dans l'instruction relative \n\u00e0 la d\u00e9livrance par l'Etat du \u00ab label information jeunesse \u00bb du 18 mars 2022. \n \nLes services d\u00e9partementaux \u00e0 la jeunesse, \u00e0 l'engagement et aux sports sont garants du respect des \nvaleurs du label, de sa mise en \u0153uvre et de l'organisation du processus de labellisation.  \n \nArticle 3 : \n \nL'entr\u00e9e en vigueur du label se fait \u00e0 la date de publication du pr\u00e9sent arr\u00eat\u00e9.  \nLe label est attribu\u00e9 ou renouvel\u00e9 pour une dur\u00e9e de 6 ans  \u00e0 compter de la date de publication du \npr\u00e9sent arr\u00eat\u00e9 sous r\u00e9serve d'un bilan de sa mise en \u0153uvre par la structure au bout de 3 ans.  \n \nArticle 4 : \n \nLa d\u00e9l\u00e9gu\u00e9e r\u00e9gionale acad\u00e9mique \u00e0 la jeunesse, \u00e0 l'engagement et aux sports d'\u00cele -de-France est \ncharg\u00e9e de l'ex\u00e9cution du pr\u00e9sent arr\u00eat\u00e9, qui sera publi\u00e9 au recueil des actes administratifs de la  \npr\u00e9fecture.  \n \nIl sera notifi\u00e9 aux maires des communes et aux responsables l\u00e9gaux des structures concern\u00e9es. \n \n \nFait \u00e0 Paris, le 23 d\u00e9cembre 2025, \n \nPour la rectrice de la r\u00e9gion acad\u00e9mique d'\u00cele-de-France, \nrectrice de l'acad\u00e9mie de Paris, chanceli\u00e8re des universit\u00e9s \nde Paris et d'\u00cele-de-France, Par d\u00e9l\u00e9gation, \nLa d\u00e9l\u00e9gu\u00e9e r\u00e9gionale acad\u00e9mique \u00e0 la jeunesse,  \n\u00e0 l'engagement et aux sports d'\u00cele-de-France,  \n \nSIGN\u00c9 \n \n                                                                     C\u00e9cile NICOL \n \n \nD\u00e9l\u00e9gation r\u00e9gionale acad\u00e9mique \u00e0 la jeunesse, \u00e0 l'engagement et aux sports - IDF-2025-12-23-00009 - Arr\u00eat\u00e9 n\u00b02025 - portant\nattribution ou renouvellement du label \"information jeunesse\"\n*** CERGY ***\n15\nD\u00e9l\u00e9gation r\u00e9gionale acad\u00e9mique \u00e0 la jeunesse, \u00e0\nl'engagement et aux sports\nIDF-2025-12-23-00010\nArr\u00eat\u00e9 n\u00b02025 - portant attribution ou\nrenouvellement du label \"information jeunesse\"\n*** ECOUEN ***\nD\u00e9l\u00e9gation r\u00e9gionale acad\u00e9mique \u00e0 la jeunesse, \u00e0 l'engagement et aux sports - IDF-2025-12-23-00010 - Arr\u00eat\u00e9 n\u00b02025 - portant\nattribution ou renouvellement du label \"information jeunesse\"\n*** ECOUEN ***\n16\nREGION ACADEMIQUE\u00ceLE-DE-FRANCELibert\u00e9Egalit\u00e9Fraternit\u00e9\n \nDirection des services d\u00e9partementaux  \nde l'\u00e9ducation nationale du Val-d'Oise \n                                                                   \n \n \nD\u00e9l\u00e9gation r\u00e9gionale acad\u00e9mique jeunesse,  \nengagement et sports (DRAJES) \n6/8 rue Eug\u00e8ne Oudin\u00e9 - CS 81360 \n75634 PARIS CEDEX 13 \n1/2  \n \n \nARR\u00caT\u00c9 N\u00b0 2025 \u2013  \n \n \nPortant attribution ou renouvellement du label \u00ab information jeunesse \u00bb \n \n *** ECOUEN ***  \n \nLa rectrice de la R\u00e9gion Acad\u00e9mique d'\u00cele-de-France, Rectrice de Paris, Chanceli\u00e8re des universit\u00e9s de \nParis et d'\u00cele-de-France \n \nVU la loi n\u00b0 2017-86 du 27 janvier 2017 relative \u00e0 l'\u00e9galit\u00e9 et \u00e0 la citoyennet\u00e9  ; \n \nVU le d\u00e9cret n\u00b02017-574 du 19 avril 2017 relatif \u00e0 la labellisation des structures \u00ab Information \nJeunesse \u00bb pris pour l'application de la loi relative \u00e0 l'\u00e9galit\u00e9 et \u00e0 la citoyennet\u00e9 n\u00b02017 -86 du 27 \njanvier 2017 ; \n \nVU le d\u00e9cret n\u00b0 2019-1200 du 20 novembre 20 19, relatif \u00e0 l'organisation des services d\u00e9concentr\u00e9s \ndes ministres charg\u00e9s de l'\u00c9ducation nationale et de l'Enseignement sup\u00e9rieur, de la Recherche et de \nl'Innovation ; \n \nVU le d\u00e9cret n\u00b0 2019-1201 du 20 novembre 2019 relatif \u00e0 la nomination des rec teurs d\u00e9l\u00e9gu\u00e9s \u00e0 \nl'\u00c9ducation nationale, \u00e0 l'Enseignement sup\u00e9rieur, \u00e0 la Recherche et \u00e0 l'In novation en Conseil des \nministres ;  \n  \nVU le d\u00e9cret n\u00b0 2022-1184 du 25 ao\u00fbt 2022 portant modification du d\u00e9cret no 2017-574 d u 19 avril \n2017 modifi\u00e9 relatif \u00e0 la labellisation des structures \u00ab Information Jeunesse \u00bb, pris pour l'application  \nde la loi relative \u00e0 l'\u00e9galit\u00e9 et \u00e0 la citoyennet\u00e9 no 2017 -86 du 27 janvier 2017 ; \n \nVU le d\u00e9cret du 12 mars 2025 portant nomination de Julie BENETTI, rectrice de la r\u00e9gion acad\u00e9mique \nd'\u00cele-de-France, rectrice de l'acad\u00e9mie de Paris , chanceli\u00e8re des universit\u00e9s de Paris et d'\u00cele -de-\nFrance ; \n \nVU l'arr\u00eat\u00e9 IDF -2025-12-04 n\u00b000006 du 17 d\u00e9cembre 2025 relatif \u00e0 la constitution, \u00e0 la c omposition \nr\u00e9gionale et au fonctionnement de la formation sp\u00e9cialis\u00e9e \u00ab Information Jeunesse \u00bb de l a \nCommission r\u00e9gionale de la jeunesse, des sports et de la vie associative d'\u00cele-de-France (CRJSVA IDF) ; \nVU l'arr\u00eat\u00e9 2025-024 du 27 mars 2025 portant d\u00e9l\u00e9gation et subd\u00e9l\u00e9gation de signature de la rectrice de \nla r\u00e9gion acad\u00e9mique d'\u00cel e-de-France en mati\u00e8re administrative pour la mise en \u0153uvre des missions de \njeunesse, d'engagement et de sports ;  \n \nVU l'avis formul\u00e9 par la formation sp\u00e9cialis\u00e9e information jeunesse d'\u00cele-de-France du 09 d\u00e9cembre 2025, \nissue de la commission r\u00e9gionale de la jeunesse, des sports et de la vie associative en \u00cele -de-France \n \nD\u00e9l\u00e9gation r\u00e9gionale acad\u00e9mique \u00e0 la jeunesse, \u00e0 l'engagement et aux sports - IDF-2025-12-23-00010 - Arr\u00eat\u00e9 n\u00b02025 - portant\nattribution ou renouvellement du label \"information jeunesse\"\n*** ECOUEN ***\n17\nD\u00e9l\u00e9gation r\u00e9gionale acad\u00e9mique jeunesse,  \nengagement et sports (DRAJES) \n6/8 rue Eug\u00e8ne Oudin\u00e9 - CS 81360 \n75634 PARIS CEDEX 13 2/2   \n \nARR\u00caTE : \nArticle 1er : \nEst labellis\u00e9e \u00ab Information Jeunesse \u00bb la structure suivante : \n \nStructure : Information Jeunesse \n \nSitu\u00e9e : 21 rue du Four Gaudon - 95440 Ecouen \n \nArticle 2 : \n \nL'Etat accorde le label, sous r\u00e9serve du respect des crit\u00e8res tels qu'indiqu\u00e9s dans l'instruction relative \n\u00e0 la d\u00e9livrance par l'Etat du \u00ab label information jeunesse \u00bb du 18 mars 2022. \n \nLes services d\u00e9partementaux \u00e0 la jeunesse, \u00e0 l'engagement et aux sports sont garants du respect des \nvaleurs du label, de sa mise en \u0153uvre et de l'organisation du processus de labellisation.  \n \nArticle 3 : \n \nL'entr\u00e9e en vigueur du label se fait \u00e0 la date de publication du pr\u00e9sent arr\u00eat\u00e9.  \nLe label est attribu\u00e9 ou renouvel\u00e9 pour une dur\u00e9e de 6 ans  \u00e0 compter de la date de publication du \npr\u00e9sent arr\u00eat\u00e9 sous r\u00e9serve d'un bilan de sa mise en \u0153uvre par la structure au bout de 3 ans.  \n \nArticle 4 : \n \nLa d\u00e9l\u00e9gu\u00e9e r\u00e9gionale acad\u00e9mique \u00e0 la jeunesse, \u00e0 l'engagement et aux sports d'\u00cele -de-France est \ncharg\u00e9e de l'ex\u00e9cution du pr\u00e9sent arr\u00eat\u00e9, qui sera publi\u00e9 au recueil des actes administratifs de la  \npr\u00e9fecture.  \n \nIl sera notifi\u00e9 aux maires des communes et aux responsables l\u00e9gaux des structures concern\u00e9es. \n \n \nFait \u00e0 Paris, le 23 d\u00e9cembre 2025, \n \nPour la rectrice de la r\u00e9gion acad\u00e9mique d'\u00cele-de-France, \nrectrice de l'acad\u00e9mie de Paris, chanceli\u00e8re des universit\u00e9s \nde Paris et d'\u00cele-de-France, Par d\u00e9l\u00e9gation, \nLa d\u00e9l\u00e9gu\u00e9e r\u00e9gionale acad\u00e9mique \u00e0 la jeunesse,  \n\u00e0 l'engagement et aux sports d'\u00cele-de-France,  \n \nSIGN\u00c9 \n \n                                                                     C\u00e9cile NICOL \n \n \nD\u00e9l\u00e9gation r\u00e9gionale acad\u00e9mique \u00e0 la jeunesse, \u00e0 l'engagement et aux sports - IDF-2025-12-23-00010 - Arr\u00eat\u00e9 n\u00b02025 - portant\nattribution ou renouvellement du label \"information jeunesse\"\n*** ECOUEN ***\n18\nD\u00e9l\u00e9gation r\u00e9gionale acad\u00e9mique \u00e0 la jeunesse, \u00e0\nl'engagement et aux sports\nIDF-2025-12-23-00007\nArr\u00eat\u00e9 n\u00b02025 - portant attribution ou\nrenouvellement du label \"information jeunesse\"\n*** FRESNES ***\nD\u00e9l\u00e9gation r\u00e9gionale acad\u00e9mique \u00e0 la jeunesse, \u00e0 l'engagement et aux sports - IDF-2025-12-23-00007 - Arr\u00eat\u00e9 n\u00b02025 - portant\nattribution ou renouvellement du label \"information jeunesse\"\n*** FRESNES ***\n19\nREGION ACADEMIQUE\u00ceLE-DE-FRANCELibert\u00e9Egalit\u00e9Fraternit\u00e9\n \nDirection des services d\u00e9partementaux  \nde l'\u00e9ducation nationale du Val-de-Marne \n                                                                   \n \n \nD\u00e9l\u00e9gation r\u00e9gionale acad\u00e9mique jeunesse,  \nengagement et sports (DRAJES) \n6/8 rue Eug\u00e8ne Oudin\u00e9 - CS 81360 \n75634 PARIS CEDEX 13 \n1/2  \n \n \nARR\u00caT\u00c9 N\u00b0 2025 \u2013  \n \n \nPortant attribution ou renouvellement du label \u00ab information jeunesse \u00bb \n \n *** FRESNES ***  \n \nLa rectrice de la R\u00e9gion Acad\u00e9mique d'\u00cele-de-France, Rectrice de Paris, Chanceli\u00e8re des universit\u00e9s de \nParis et d'\u00cele-de-France \n \nVU la loi n\u00b0 2017-86 du 27 janvier 2017 relative \u00e0 l'\u00e9galit\u00e9 et \u00e0 la citoyennet\u00e9  ; \n \nVU le d\u00e9cret n\u00b02017-574 du 19 avril 2017 relatif \u00e0 la labellisation des structures \u00ab Information \nJeunesse \u00bb pris pour l'application de la loi relative \u00e0 l'\u00e9galit\u00e9 et \u00e0 la citoyennet\u00e9 n\u00b02017 -86 du 27 \njanvier 2017 ; \n \nVU le d\u00e9cret n\u00b0 2019-1200 du 20 novembre 20 19, relatif \u00e0 l'organisation des services d\u00e9concentr\u00e9s \ndes ministres charg\u00e9s de l'\u00c9ducation nationale et de l'Enseignement sup\u00e9rieur, de la Recherche et de \nl'Innovation ; \n \nVU le d\u00e9cret n\u00b0 2019-1201 du 20 novembre 2019 relatif \u00e0 la nomination des rec teurs d\u00e9l\u00e9gu\u00e9s \u00e0 \nl'\u00c9ducation nationale, \u00e0 l'Enseignement sup\u00e9rieur, \u00e0 la Recherche et \u00e0 l'In novation en Conseil des \nministres ;  \n  \nVU le d\u00e9cret n\u00b0 2022-1184 du 25 ao\u00fbt 2022 portant modification du d\u00e9cret no 2017-574 d u 19 avril \n2017 modifi\u00e9 relatif \u00e0 la labellisation des structures \u00ab Information Jeunesse \u00bb, pris pour l'application  \nde la loi relative \u00e0 l'\u00e9galit\u00e9 et \u00e0 la citoyennet\u00e9 no 2017 -86 du 27 janvier 2017 ; \n \nVU le d\u00e9cret du 12 mars 2025 portant nomination de Julie BENETTI, rectrice de la r\u00e9gion acad\u00e9mique \nd'\u00cele-de-France, rectrice de l'acad\u00e9mie de Paris , chanceli\u00e8re des universit\u00e9s de Paris et d'\u00cele -de-\nFrance ; \n \nVU l'arr\u00eat\u00e9 IDF -2025-12-04 n\u00b000006 du 17 d\u00e9cembre 2025 relatif \u00e0 la constitution, \u00e0 la c omposition \nr\u00e9gionale et au fonctionnement de la formation sp\u00e9cialis\u00e9e \u00ab Information Jeunesse \u00bb de l a \nCommission r\u00e9gionale de la jeunesse, des sports et de la vie associative d'\u00cele-de-France (CRJSVA IDF) ; \nVU l'arr\u00eat\u00e9 2025-024 du 27 mars 2025 portant d\u00e9l\u00e9gation et subd\u00e9l\u00e9gation de signature de la rectrice de \nla r\u00e9gion acad\u00e9mique d'\u00cel e-de-France en mati\u00e8re administrative pour la mise en \u0153uvre des missions de \njeunesse, d'engagement et de sports ;  \n \nVU l'avis formul\u00e9 par la formation sp\u00e9cialis\u00e9e information jeunesse d'\u00cele-de-France du 09 d\u00e9cembre 2025, \nissue de la commission r\u00e9gionale de la jeunesse, des sports et de la vie associative en \u00cele -de-France \n \nD\u00e9l\u00e9gation r\u00e9gionale acad\u00e9mique \u00e0 la jeunesse, \u00e0 l'engagement et aux sports - IDF-2025-12-23-00007 - Arr\u00eat\u00e9 n\u00b02025 - portant\nattribution ou renouvellement du label \"information jeunesse\"\n*** FRESNES ***\n20\nD\u00e9l\u00e9gation r\u00e9gionale acad\u00e9mique jeunesse,  \nengagement et sports (DRAJES) \n6/8 rue Eug\u00e8ne Oudin\u00e9 - CS 81360 \n75634 PARIS CEDEX 13 2/2   \n \nARR\u00caTE : \nArticle 1er : \nEst labellis\u00e9e \u00ab Information Jeunesse \u00bb la structure suivante : \n \nStructure : Point Information Jeunesse  \n \nSitu\u00e9e : 46-48 rue du Docteur Charcot - 94260 Fresnes \n \nArticle 2 : \n \nL'Etat accorde le label, sous r\u00e9serve du respect des crit\u00e8res tels qu'indiqu\u00e9s dans l'instruction relative \n\u00e0 la d\u00e9livrance par l'Etat du \u00ab label information jeunesse \u00bb du 18 mars 2022. \n \nLes services d\u00e9partementaux \u00e0 la jeunesse, \u00e0 l'engagement et aux sports sont garants du respect des \nvaleurs du label, de sa mise en \u0153uvre et de l'organisation du processus de labellisation.  \n \nArticle 3 : \n \nL'entr\u00e9e en vigueur du label se fait \u00e0 la date de publication du pr\u00e9sent arr\u00eat\u00e9. \nLe label est attribu\u00e9 ou renouvel\u00e9 pour une dur\u00e9e de 6 ans  \u00e0 compter de la date de publication du \npr\u00e9sent arr\u00eat\u00e9 sous r\u00e9serve d'un bilan de sa mise en \u0153uvre par la structure au bout de 3 ans.  \n \nArticle 4 : \n \nLa d\u00e9l\u00e9gu\u00e9e r\u00e9gionale acad\u00e9mique \u00e0 la jeunesse, \u00e0 l'engagement et aux sports d'\u00cele -de-France est \ncharg\u00e9e de l'ex\u00e9cution du pr\u00e9sent arr\u00eat\u00e9, qui sera publi\u00e9 au recueil des actes administratifs de la  \npr\u00e9fecture.  \n \nIl sera notifi\u00e9 aux maires des communes et aux responsables l\u00e9gaux des structures concern\u00e9es. \n \n \nFait \u00e0 Paris, le 23 d\u00e9cembre 2025, \n \nPour la rectrice de la r\u00e9gion acad\u00e9mique d'\u00cele-de-France, \nrectrice de l'acad\u00e9mie de Paris, chanceli\u00e8re des universit\u00e9s \nde Paris et d'\u00cele-de-France, Par d\u00e9l\u00e9gation, \nLa d\u00e9l\u00e9gu\u00e9e r\u00e9gionale acad\u00e9mique \u00e0 la jeunesse,  \n\u00e0 l'engagement et aux sports d'\u00cele-de-France,  \n \nSIGN\u00c9 \n \n                                                                     C\u00e9cile NICOL \n \n \nD\u00e9l\u00e9gation r\u00e9gionale acad\u00e9mique \u00e0 la jeunesse, \u00e0 l'engagement et aux sports - IDF-2025-12-23-00007 - Arr\u00eat\u00e9 n\u00b02025 - portant\nattribution ou renouvellement du label \"information jeunesse\"\n*** FRESNES ***\n21\nD\u00e9l\u00e9gation r\u00e9gionale acad\u00e9mique \u00e0 la jeunesse, \u00e0\nl'engagement et aux sports\nIDF-2025-12-23-00011\nArr\u00eat\u00e9 n\u00b02025 - portant attribution ou\nrenouvellement du label \"information jeunesse\"\n*** HERBLAY-SUR-SEINE ***\nD\u00e9l\u00e9gation r\u00e9gionale acad\u00e9mique \u00e0 la jeunesse, \u00e0 l'engagement et aux sports - IDF-2025-12-23-00011 - Arr\u00eat\u00e9 n\u00b02025 - portant\nattribution ou renouvellement du label \"information jeunesse\"\n*** HERBLAY-SUR-SEINE ***\n22\nREGION ACADEMIQUE\u00ceLE-DE-FRANCELibert\u00e9Egalit\u00e9Fraternit\u00e9\n \nDirection des services d\u00e9partementaux  \nde l'\u00e9ducation nationale du Val-d'Oise \n                                                                   \n \n \nD\u00e9l\u00e9gation r\u00e9gionale acad\u00e9mique jeunesse,  \nengagement et sports (DRAJES) \n6/8 rue Eug\u00e8ne Oudin\u00e9 - CS 81360 \n75634 PARIS CEDEX 13 \n1/2  \n \n \nARR\u00caT\u00c9 N\u00b0 2025 \u2013  \n \n \nPortant attribution ou renouvellement du label \u00ab information jeunesse \u00bb \n \n *** HERBLAY-SUR-SEINE ***  \n \nLa rectrice de la R\u00e9gion Acad\u00e9mique d'\u00cele-de-France, Rectrice de Paris, Chanceli\u00e8re des universit\u00e9s de \nParis et d'\u00cele-de-France \n \nVU la loi n\u00b0 2017-86 du 27 janvier 2017 relative \u00e0 l'\u00e9galit\u00e9 et \u00e0 la citoyennet\u00e9  ; \n \nVU le d\u00e9cret n\u00b02017-574 du 19 avril 2017 relatif \u00e0 la labellisation des structures \u00ab Information \nJeunesse \u00bb pris pour l'application de la loi relative \u00e0 l'\u00e9galit\u00e9 et \u00e0 la citoyennet\u00e9 n\u00b02017 -86 du 27 \njanvier 2017 ; \n \nVU le d\u00e9cret n\u00b0 2019-1200 du 20 novembre 20 19, relatif \u00e0 l'organisation des services d\u00e9concentr\u00e9s \ndes ministres charg\u00e9s de l'\u00c9ducation nationale et de l'Enseignement sup\u00e9rieur, de la Recherche et de \nl'Innovation ; \n \nVU le d\u00e9cret n\u00b0 2019-1201 du 20 novembre 2019 relatif \u00e0 la nomination des rec teurs d\u00e9l\u00e9gu\u00e9s \u00e0 \nl'\u00c9ducation nationale, \u00e0 l'Enseignement sup\u00e9rieur, \u00e0 la Recherche et \u00e0 l'In novation en Conseil des \nministres ;  \n  \nVU le d\u00e9cret n\u00b0 2022-1184 du 25 ao\u00fbt 2022 portant modification du d\u00e9cret no 2017-574 d u 19 avril \n2017 modifi\u00e9 relatif \u00e0 la labellisation des structures \u00ab Information Jeunesse \u00bb, pris pour l'application  \nde la loi relative \u00e0 l'\u00e9galit\u00e9 et \u00e0 la citoyennet\u00e9 no 2017 -86 du 27 janvier 2017 ; \n \nVU le d\u00e9cret du 12 mars 2025 portant nomination de Julie BENETTI, rectrice de la r\u00e9gion acad\u00e9mique \nd'\u00cele-de-France, rectrice de l'acad\u00e9mie de Paris , chanceli\u00e8re des universit\u00e9s de Paris et d'\u00cele -de-\nFrance ; \n \nVU l'arr\u00eat\u00e9 IDF -2025-12-04 n\u00b000006 du 17 d\u00e9cembre 2025 relatif \u00e0 la constitution, \u00e0 la c omposition \nr\u00e9gionale et au fonctionnement de la formation sp\u00e9cialis\u00e9e \u00ab Information Jeunesse \u00bb de l a \nCommission r\u00e9gionale de la jeunesse, des sports et de la vie associative d'\u00cele-de-France (CRJSVA IDF) ; \nVU l'arr\u00eat\u00e9 2025-024 du 27 mars 2025 portant d\u00e9l\u00e9gation et subd\u00e9l\u00e9gation de signature de la rectrice de \nla r\u00e9gion acad\u00e9mique d'\u00cel e-de-France en mati\u00e8re administrative pour la mise en \u0153uvre des missions de \njeunesse, d'engagement et de sports ;  \n \nVU l'avis formul\u00e9 par la formation sp\u00e9cialis\u00e9e information jeunesse d'\u00cele-de-France du 09 d\u00e9cembre 2025, \nissue de la commission r\u00e9gionale de la jeunesse, des sports et de la vie associative en \u00cele -de-France \n \nD\u00e9l\u00e9gation r\u00e9gionale acad\u00e9mique \u00e0 la jeunesse, \u00e0 l'engagement et aux sports - IDF-2025-12-23-00011 - Arr\u00eat\u00e9 n\u00b02025 - portant\nattribution ou renouvellement du label \"information jeunesse\"\n*** HERBLAY-SUR-SEINE ***\n23\nD\u00e9l\u00e9gation r\u00e9gionale acad\u00e9mique jeunesse,  \nengagement et sports (DRAJES) \n6/8 rue Eug\u00e8ne Oudin\u00e9 - CS 81360 \n75634 PARIS CEDEX 13 2/2   \n \nARR\u00caTE : \nArticle 1er : \nEst labellis\u00e9e \u00ab Information Jeunesse \u00bb la structure suivante : \n \nStructure : Information Jeunesse \n \nSitu\u00e9e : Espace Andr\u00e9 Malraux, 5 chemin de Montigny \u2013 95220 Herblay-sur-Seine \n \nArticle 2 : \n \nL'Etat accorde le label, sous r\u00e9serve du respect des crit\u00e8res tels qu'indiqu\u00e9s dans l'instruction relative \n\u00e0 la d\u00e9livrance par l'Etat du \u00ab label information jeunesse \u00bb du 18 mars 2022. \n \nLes services d\u00e9partementaux \u00e0 la jeunesse, \u00e0 l'engagement et aux sports sont garants du respect des \nvaleurs du label, de sa mise en \u0153uvre et de l'organisation du processus de labellisation.  \n \nArticle 3 : \n \nL'entr\u00e9e en vigueur du label se fait \u00e0 la date de p ublication du pr\u00e9sent arr\u00eat\u00e9. \nLe label est attribu\u00e9 ou renouvel\u00e9 pour une dur\u00e9e de 6 ans  \u00e0 compter de la date de publication du \npr\u00e9sent arr\u00eat\u00e9 sous r\u00e9serve d'un bilan de sa mise en \u0153uvre par la structure au bout de 3 ans.  \n \nArticle 4 : \n \nLa d\u00e9l\u00e9gu\u00e9e r\u00e9gionale acad\u00e9mique \u00e0 la jeunesse, \u00e0 l'engagement et aux sports d'\u00cele -de-France est \ncharg\u00e9e de l'ex\u00e9cution du pr\u00e9sent arr\u00eat\u00e9, qui sera publi\u00e9 au recueil des actes administratifs de la  \npr\u00e9fecture.  \n \nIl sera notifi\u00e9 aux maires des communes et aux responsables l\u00e9gaux des structures concern\u00e9es. \n \n \nFait \u00e0 Paris, le 23 d\u00e9cembre 2025, \n \nPour la rectrice de la r\u00e9gion acad\u00e9mique d'\u00cele-de-France, \nrectrice de l'acad\u00e9mie de Paris, chanceli\u00e8re des universit\u00e9s \nde Paris et d'\u00cele-de-France, Par d\u00e9l\u00e9gation, \nLa d\u00e9l\u00e9gu\u00e9e r\u00e9gionale acad\u00e9mique \u00e0 la jeunesse,  \n\u00e0 l'engagement et aux sports d'\u00cele-de-France,  \n \nSIGN\u00c9 \n \n                                                                     C\u00e9cile NICOL \n \n \nD\u00e9l\u00e9gation r\u00e9gionale acad\u00e9mique \u00e0 la jeunesse, \u00e0 l'engagement et aux sports - IDF-2025-12-23-00011 - Arr\u00eat\u00e9 n\u00b02025 - portant\nattribution ou renouvellement du label \"information jeunesse\"\n*** HERBLAY-SUR-SEINE ***\n24\nD\u00e9l\u00e9gation r\u00e9gionale acad\u00e9mique \u00e0 la jeunesse, \u00e0\nl'engagement et aux sports\nIDF-2025-12-23-00003\nArr\u00eat\u00e9 n\u00b02025 - portant attribution ou\nrenouvellement du label \"information jeunesse\"\n*** MANTES-LA-JOLIE ***\nD\u00e9l\u00e9gation r\u00e9gionale acad\u00e9mique \u00e0 la jeunesse, \u00e0 l'engagement et aux sports - IDF-2025-12-23-00003 - Arr\u00eat\u00e9 n\u00b02025 - portant\nattribution ou renouvellement du label \"information jeunesse\"\n*** MANTES-LA-JOLIE ***\n25\nREGION ACADEMIQUE\u00ceLE-DE-FRANCELibert\u00e9Egalit\u00e9Fraternit\u00e9\n \nDirection des services d\u00e9partementaux  \nde l'\u00e9ducation nationale des Yvelines \n                                                                   \n \n \nD\u00e9l\u00e9gation r\u00e9gionale acad\u00e9mique jeunesse,  \nengagement et sports (DRAJES) \n6/8 rue Eug\u00e8ne Oudin\u00e9 - CS 81360 \n75634 PARIS CEDEX 13 \n1/2  \n \n \nARR\u00caT\u00c9 N\u00b0 2025 \u2013  \n \n \nPortant attribution ou renouvellement du label \u00ab information jeunesse \u00bb \n \n *** MANTES-LA-JOLIE ***  \n \nLa rectrice de la R\u00e9gion Acad\u00e9mique d'\u00cele-de-France, Rectrice de Paris, Chanceli\u00e8re des universit\u00e9s de \nParis et d'\u00cele-de-France \n \nVU la loi n\u00b0 2017-86 du 27 janvier 2017 relative \u00e0 l'\u00e9galit\u00e9 et \u00e0 la citoyennet\u00e9  ; \n \nVU le d\u00e9cret n\u00b02017-574 du 19 avril 2017 relatif \u00e0 la labellisation des structures \u00ab Information \nJeunesse \u00bb pris pour l'application de la loi relative \u00e0 l'\u00e9galit\u00e9 et \u00e0 la citoyennet\u00e9 n\u00b02017 -86 du 27 \njanvier 2017 ; \n \nVU le d\u00e9cret n\u00b0 2019-1200 du 20 novembre 20 19, relatif \u00e0 l'organisation des services d\u00e9concentr\u00e9s \ndes ministres charg\u00e9s de l'\u00c9ducation nationale et de l'Enseignement sup\u00e9rieur, de la Recherche et de \nl'Innovation ; \n \nVU le d\u00e9cret n\u00b0 2019-1201 du 20 novembre 2019 relatif \u00e0 la nomination des rec teurs d\u00e9l\u00e9gu\u00e9s \u00e0 \nl'\u00c9ducation nationale, \u00e0 l'Enseignement sup\u00e9rieur, \u00e0 la Recherche et \u00e0 l'In novation en Conseil des \nministres ;  \n  \nVU le d\u00e9cret n\u00b0 2022-1184 du 25 ao\u00fbt 2022 portant modification du d\u00e9cret no 2017-574 d u 19 avril \n2017 modifi\u00e9 relatif \u00e0 la labellisation des structures \u00ab Information Jeunesse \u00bb, pris pour l'application  \nde la loi relative \u00e0 l'\u00e9galit\u00e9 et \u00e0 la citoyennet\u00e9 no 2017 -86 du 27 janvier 2017 ; \n \nVU le d\u00e9cret du 12 mars 2025 portant nomination de Julie BENETTI, rectrice de la r\u00e9gion acad\u00e9mique \nd'\u00cele-de-France, rectrice de l'acad\u00e9mie de Paris , chanceli\u00e8re des universit\u00e9s de Paris et d'\u00cele -de-\nFrance ; \n \nVU l'arr\u00eat\u00e9 IDF -2025-12-04 n\u00b000006 du 17 d\u00e9cembre 2025 relatif \u00e0 la constitution, \u00e0 la c omposition \nr\u00e9gionale et au fonctionnement de la formation sp\u00e9cialis\u00e9e \u00ab Information Jeunesse \u00bb de l a \nCommission r\u00e9gionale de la jeunesse, des sports et de la vie associative d'\u00cele-de-France (CRJSVA IDF) ; \nVU l'arr\u00eat\u00e9 2025-024 du 27 mars 2025 portant d\u00e9l\u00e9gation et subd\u00e9l\u00e9gation de signature de la rectrice de \nla r\u00e9gion acad\u00e9mique d'\u00cel e-de-France en mati\u00e8re administrative pour la mise en \u0153uvre des missions de \njeunesse, d'engagement et de sports ;  \n \nVU l'avis formul\u00e9 par la formation sp\u00e9cialis\u00e9e information jeunesse d'\u00cele-de-France du 09 d\u00e9cembre 2025, \nissue de la commission r\u00e9gionale de la jeunesse, des sports et de la vie associative en \u00cele -de-France \n \nD\u00e9l\u00e9gation r\u00e9gionale acad\u00e9mique \u00e0 la jeunesse, \u00e0 l'engagement et aux sports - IDF-2025-12-23-00003 - Arr\u00eat\u00e9 n\u00b02025 - portant\nattribution ou renouvellement du label \"information jeunesse\"\n*** MANTES-LA-JOLIE ***\n26\nD\u00e9l\u00e9gation r\u00e9gionale acad\u00e9mique jeunesse,  \nengagement et sports (DRAJES) \n6/8 rue Eug\u00e8ne Oudin\u00e9 - CS 81360 \n75634 PARIS CEDEX 13 2/2   \n \nARR\u00caTE : \nArticle 1er : \nEst labellis\u00e9e \u00ab Information Jeunesse \u00bb la structure suivante : \n \nStructure : Info Jeunes  \n \nSitu\u00e9e : 1 rue de la Fontaine \u2013 78200 Mantes-la-Jolie \n \nArticle 2 : \n \nL'Etat accorde le label, sous r\u00e9serve du respect des crit\u00e8res tels qu'indiqu\u00e9s dans l'instruction relative \n\u00e0 la d\u00e9livrance par l'Etat du \u00ab label information jeunesse \u00bb du 18 mars 2022. \n \nLes services d\u00e9partementaux \u00e0 la jeunesse, \u00e0 l'engagement et aux sports sont garants du respect des \nvaleurs du label, de sa mise en \u0153uvre et de l'organisation du processus de labellisation.  \n \nArticle 3 : \n \nL'entr\u00e9e en vigueur du label se fait \u00e0 la date de publication du pr\u00e9sent arr\u00eat\u00e9.  \nLe label est attribu\u00e9 ou renouvel\u00e9 pour une dur\u00e9e de 6 ans  \u00e0 compter de la date de publication du \npr\u00e9sent arr\u00eat\u00e9 sous r\u00e9serve d'un bilan de sa mise en \u0153uvre par la structure au bout de 3 ans.  \n \nArticle 4 : \n \nLa d\u00e9l\u00e9gu\u00e9e r\u00e9gionale acad\u00e9mique \u00e0 la jeunesse, \u00e0 l'engagement et aux sports d'\u00cele -de-France est \ncharg\u00e9e de l'ex\u00e9cution du pr\u00e9sent arr\u00eat\u00e9, qui sera publi\u00e9 au recueil des actes administratifs de la  \npr\u00e9fecture.  \n \nIl sera notifi\u00e9 aux maires des communes et aux responsables l\u00e9gaux des structures concern\u00e9es. \n \n \nFait \u00e0 Paris, le 23 d\u00e9cembre 2025, \n \nPour la rectrice de la r\u00e9gion acad\u00e9mique d'\u00cele-de-France, \nrectrice de l'acad\u00e9mie de Paris, chanceli\u00e8re des universit\u00e9s \nde Paris et d'\u00cele-de-France, Par d\u00e9l\u00e9gation, \nLa d\u00e9l\u00e9gu\u00e9e r\u00e9gionale acad\u00e9mique \u00e0 la jeunesse,  \n\u00e0 l'engagement et aux sports d'\u00cele-de-France,  \n \nSIGN\u00c9 \n \n                                                                     C\u00e9cile NICOL. \n \n \nD\u00e9l\u00e9gation r\u00e9gionale acad\u00e9mique \u00e0 la jeunesse, \u00e0 l'engagement et aux sports - IDF-2025-12-23-00003 - Arr\u00eat\u00e9 n\u00b02025 - portant\nattribution ou renouvellement du label \"information jeunesse\"\n*** MANTES-LA-JOLIE ***\n27\nD\u00e9l\u00e9gation r\u00e9gionale acad\u00e9mique \u00e0 la jeunesse, \u00e0\nl'engagement et aux sports\nIDF-2025-12-23-00005\nArr\u00eat\u00e9 n\u00b02025 - portant attribution ou\nrenouvellement du label \"information jeunesse\"\n*** PARIS ***  \nD\u00e9l\u00e9gation r\u00e9gionale acad\u00e9mique \u00e0 la jeunesse, \u00e0 l'engagement et aux sports - IDF-2025-12-23-00005 - Arr\u00eat\u00e9 n\u00b02025 - portant\nattribution ou renouvellement du label \"information jeunesse\"\n*** PARIS ***  \n28\nREGION ACADEMIQUE\u00ceLE-DE-FRANCELibert\u00e9Egalit\u00e9Fraternit\u00e9\n \nDirection des services d\u00e9partementaux  \nde l'\u00e9ducation nationale de Paris \n                                                                   \n \n \nD\u00e9l\u00e9gation r\u00e9gionale acad\u00e9mique jeunesse,  \nengagement et sports (DRAJES) \n6/8 rue Eug\u00e8ne Oudin\u00e9 - CS 81360 \n75634 PARIS CEDEX 13 \n1/3  \n \n \nARR\u00caT\u00c9 N\u00b0 2025 \u2013  \n \n \nPortant attribution ou renouvellement du label \u00ab information jeunesse \u00bb \n \n *** PARIS ***  \n \nLa rectrice de la R\u00e9gion Acad\u00e9mique d'\u00cele-de-France, Rectrice de Paris, Chanceli\u00e8re des universit\u00e9s de \nParis et d'\u00cele-de-France \n \nVU la loi n\u00b0 2017-86 du 27 janvier 2017 relative \u00e0 l'\u00e9galit\u00e9 et \u00e0 la citoyennet\u00e9  ; \n \nVU le d\u00e9cret n\u00b02017-574 du 19 avril 2017 relatif \u00e0 la labellisation des structures \u00ab Information \nJeunesse \u00bb pris pour l'application de la loi relative \u00e0 l'\u00e9galit\u00e9 et \u00e0 la citoyennet\u00e9 n\u00b02017 -86 du 27 \njanvier 2017 ; \n \nVU le d\u00e9cret n\u00b0 2019-1200 du 20 novembre 20 19, relatif \u00e0 l'organisation des services d\u00e9concentr\u00e9s \ndes ministres charg\u00e9s de l'\u00c9ducation nationale et de l'Enseignement sup\u00e9rieur, de la Recherche et de \nl'Innovation ; \n \nVU le d\u00e9cret n\u00b0 2019-1201 du 20 novembre 2019 relatif \u00e0 la nomination des rec teurs d\u00e9l\u00e9gu\u00e9s \u00e0 \nl'\u00c9ducation nationale, \u00e0 l'Enseignement sup\u00e9rieur, \u00e0 la Recherche et \u00e0 l'In novation en Conseil des \nministres ;  \n  \nVU le d\u00e9cret n\u00b0 2022-1184 du 25 ao\u00fbt 2022 portant modification du d\u00e9cret no 2017-574 d u 19 avril \n2017 modifi\u00e9 relatif \u00e0 la labellisation des structures \u00ab Information Jeunesse \u00bb, pris pour l'application  \nde la loi relative \u00e0 l'\u00e9galit\u00e9 et \u00e0 la citoyennet\u00e9 no 2017 -86 du 27 janvier 2017 ; \n \nVU le d\u00e9cret du 12 mars 2025 portant nomination de Julie BENETTI, rectrice de la r\u00e9gion acad\u00e9mique \nd'\u00cele-de-France, rectrice de l'acad\u00e9mie de Paris , chanceli\u00e8re des universit\u00e9s de Paris et d'\u00cele -de-\nFrance ; \n \nVU l'arr\u00eat\u00e9 IDF -2025-12-04 n\u00b000006 du 17 d\u00e9cembre 2025 relatif \u00e0 la constitution, \u00e0 la c omposition \nr\u00e9gionale et au fonctionnement de la formation sp\u00e9cialis\u00e9e \u00ab Information Jeunesse \u00bb de l a \nCommission r\u00e9gionale de la jeunesse, des sports et de la vie associative d'\u00cele-de-France (CRJSVA IDF) ; \nVU l'arr\u00eat\u00e9 2025-024 du 27 mars 2025 portant d\u00e9l\u00e9gation et subd\u00e9l\u00e9gation de signature de la rectrice de \nla r\u00e9gion acad\u00e9mique d'\u00cel e-de-France en mati\u00e8re administrative pour la mise en \u0153uvre des missions de \njeunesse, d'engagement et de sports ;  \n \nVU l'avis formul\u00e9 par la formation sp\u00e9cialis\u00e9e information jeunesse d'\u00cele-de-France du 09 d\u00e9cembre 2025, \nissue de la commission r\u00e9gionale de la jeunesse, des sports et de la vie associative en \u00cele -de-France \n \nD\u00e9l\u00e9gation r\u00e9gionale acad\u00e9mique \u00e0 la jeunesse, \u00e0 l'engagement et aux sports - IDF-2025-12-23-00005 - Arr\u00eat\u00e9 n\u00b02025 - portant\nattribution ou renouvellement du label \"information jeunesse\"\n*** PARIS ***  \n29\nD\u00e9l\u00e9gation r\u00e9gionale acad\u00e9mique jeunesse,  \nengagement et sports (DRAJES) \n6/8 rue Eug\u00e8ne Oudin\u00e9 - CS 81360 \n75634 PARIS CEDEX 13 2/3   \n \nARR\u00caTE : \nArticle 1er : \nSont labellis\u00e9es \u00ab Information Jeunesse \u00bb les structures suivantes :  \n  \n- Structure : Point Information Jeunesse Didot  \n- Situ\u00e9e : 40 rue Didot - 75014 Paris \n \n- Structure : Point Information Jeunesse Belleville \n- Situ\u00e9e : 4 rue Louis Bonnet - 75011 Paris \n  \n- Structure : Point Information Jeunesse Hautefeuille  \n- Situ\u00e9e : 19 bis rue Hautefeuille - 75006 Paris \n \n- Structure : Espace Paris Jeunes La Salle  \n- Situ\u00e9e : 6 rue de la Goutte d'Or - 75018 Paris \n \n- Structure : Point Information Jeunesse La Villa  \n- Situ\u00e9e : 48 rue Charles Hermite - 75018 Paris \n \n- Structure : Point Information Jeunesse Mont-Cenis  \n- Situ\u00e9e : 119 rue du Mont-Cenis - 75018 Paris \n \nLa Ville de Paris a confi\u00e9 la gestion des structures d'information jeunesse \u00e0 des gestionnaires associatifs. \n \n \nArticle 2 : \n \nL'Etat accorde le label, sous r\u00e9serve du respect des crit\u00e8res tels qu'indiqu\u00e9s dans l'instruction relative \n\u00e0 la d\u00e9livrance par l'Etat du \u00ab label information jeunesse \u00bb du 18 mars 2022. \n \nLes services d\u00e9partementaux \u00e0 la jeunesse, \u00e0 l'engagement et aux sports sont garants du respect des \nvaleurs du label, de sa mise en \u0153uvre et de l'organisation du processus de labellisation.  \n \nArticle 3 : \n \nL'entr\u00e9e en vigueur du label se fait \u00e0 la date de publication du pr\u00e9sent arr\u00eat\u00e9.  \nLe label est attribu\u00e9 ou renouvel\u00e9 pour une dur\u00e9e de 6 ans  \u00e0 compter de la date de publication du \npr\u00e9sent arr\u00eat\u00e9 sous r\u00e9serve d'un bilan de sa mise en \u0153uvre par la structure au bout de 3 ans.  \n \nArticle 4 : \n \nLa d\u00e9l\u00e9gu\u00e9e r\u00e9gionale acad\u00e9mique \u00e0 la jeunesse, \u00e0 l'engagement et aux sports d'\u00cele -de-France est \ncharg\u00e9e de l'ex\u00e9cution du pr\u00e9sent arr\u00eat\u00e9, qui sera publi\u00e9 au recueil des actes administratifs de la \npr\u00e9fecture.  \n \nIl sera notifi\u00e9 aux maires des communes et aux responsables l\u00e9gaux des structures concern\u00e9es. \nD\u00e9l\u00e9gation r\u00e9gionale acad\u00e9mique \u00e0 la jeunesse, \u00e0 l'engagement et aux sports - IDF-2025-12-23-00005 - Arr\u00eat\u00e9 n\u00b02025 - portant\nattribution ou renouvellement du label \"information jeunesse\"\n*** PARIS ***  \n30\nD\u00e9l\u00e9gation r\u00e9gionale acad\u00e9mique jeunesse,  \nengagement et sports (DRAJES) \n6/8 rue Eug\u00e8ne Oudin\u00e9 - CS 81360 \n75634 PARIS CEDEX 13 3/3   \n \n \nFait \u00e0 Paris, le 23 d\u00e9cembre 2025, \n \nPour la rectrice de la r\u00e9gion acad\u00e9mique d'\u00cele-de-France, \nrectrice de l'acad\u00e9mie de Paris, chanceli\u00e8re des universit\u00e9s \nde Paris et d'\u00cele-de-France, Par d\u00e9l\u00e9gation, \nLa d\u00e9l\u00e9gu\u00e9e r\u00e9gionale acad\u00e9mique \u00e0 la jeunesse,  \n\u00e0 l'engagement et aux sports d'\u00cele-de-France,  \n \nSIGN\u00c9 \n \n                                                                     C\u00e9cile NICOL \n \n \nD\u00e9l\u00e9gation r\u00e9gionale acad\u00e9mique \u00e0 la jeunesse, \u00e0 l'engagement et aux sports - IDF-2025-12-23-00005 - Arr\u00eat\u00e9 n\u00b02025 - portant\nattribution ou renouvellement du label \"information jeunesse\"\n*** PARIS ***  \n31\nD\u00e9l\u00e9gation r\u00e9gionale acad\u00e9mique \u00e0 la jeunesse, \u00e0\nl'engagement et aux sports\nIDF-2025-12-23-00012\nArr\u00eat\u00e9 n\u00b02025 - portant attribution ou\nrenouvellement du label \"information jeunesse\"\n*** SAINT-BRICE-SOUS-FORET ***\nD\u00e9l\u00e9gation r\u00e9gionale acad\u00e9mique \u00e0 la jeunesse, \u00e0 l'engagement et aux sports - IDF-2025-12-23-00012 - Arr\u00eat\u00e9 n\u00b02025 - portant\nattribution ou renouvellement du label \"information jeunesse\"\n*** SAINT-BRICE-SOUS-FORET ***\n32\nREGION ACADEMIQUE\u00ceLE-DE-FRANCELibert\u00e9Egalit\u00e9Fraternit\u00e9\n \nDirection des services d\u00e9partementaux  \nde l'\u00e9ducation nationale du Val-d'Oise \n                                                                   \n \n \nD\u00e9l\u00e9gation r\u00e9gionale acad\u00e9mique jeunesse,  \nengagement et sports (DRAJES) \n6/8 rue Eug\u00e8ne Oudin\u00e9 - CS 81360 \n75634 PARIS CEDEX 13 \n1/2  \n \n \nARR\u00caT\u00c9 N\u00b0 2025 \u2013  \n \n \nPortant attribution ou renouvellement du label \u00ab information jeunesse \u00bb \n \n *** SAINT-BRICE-SOUS-FOR\u00caT ***  \n \nLa rectrice de la R\u00e9gion Acad\u00e9mique d'\u00cele-de-France, Rectrice de Paris, Chanceli\u00e8re des universit\u00e9s de \nParis et d'\u00cele-de-France \n \nVU la loi n\u00b0 2017-86 du 27 janvier 2017 relative \u00e0 l'\u00e9galit\u00e9 et \u00e0 la citoyennet\u00e9  ; \n \nVU le d\u00e9cret n\u00b02017-574 du 19 avril 2017 relatif \u00e0 la labellisation des structures \u00ab Information \nJeunesse \u00bb pris pour l'application de la loi relative \u00e0 l'\u00e9galit\u00e9 et \u00e0 la citoyennet\u00e9 n\u00b02017 -86 du 27 \njanvier 2017 ; \n \nVU le d\u00e9cret n\u00b0 2019-1200 du 20 novembre 20 19, relatif \u00e0 l'organisation des services d\u00e9concentr\u00e9s \ndes ministres charg\u00e9s de l'\u00c9ducation nationale et de l'Enseignement sup\u00e9rieur, de la Recherche et de \nl'Innovation ; \n \nVU le d\u00e9cret n\u00b0 2019-1201 du 20 novembre 2019 relatif \u00e0 la nomination des rec teurs d\u00e9l\u00e9gu\u00e9s \u00e0 \nl'\u00c9ducation nationale, \u00e0 l'Enseignement sup\u00e9rieur, \u00e0 la Recherche et \u00e0 l'In novation en Conseil des \nministres ;  \n  \nVU le d\u00e9cret n\u00b0 2022-1184 du 25 ao\u00fbt 2022 portant modification du d\u00e9cret no 2017-574 d u 19 avril \n2017 modifi\u00e9 relatif \u00e0 la labellisation des structures \u00ab Information Jeunesse \u00bb, pris pour l'application  \nde la loi relative \u00e0 l'\u00e9galit\u00e9 et \u00e0 la citoyennet\u00e9 no 2017 -86 du 27 janvier 2017 ; \n \nVU le d\u00e9cret du 12 mars 2025 portant nomination de Julie BENETTI, rectrice de la r\u00e9gion acad\u00e9mique \nd'\u00cele-de-France, rectrice de l'acad\u00e9mie de Paris , chanceli\u00e8re des universit\u00e9s de Paris et d'\u00cele -de-\nFrance ; \n \nVU l'arr\u00eat\u00e9 IDF -2025-12-04 n\u00b000006 du 17 d\u00e9cembre 2025 relatif \u00e0 la constitution, \u00e0 la c omposition \nr\u00e9gionale et au fonctionnement de la formation sp\u00e9cialis\u00e9e \u00ab Information Jeunesse \u00bb de l a \nCommission r\u00e9gionale de la jeunesse, des sports et de la vie associative d'\u00cele-de-France (CRJSVA IDF) ; \nVU l'arr\u00eat\u00e9 2025-024 du 27 mars 2025 portant d\u00e9l\u00e9gation et subd\u00e9l\u00e9gation de signature de la rectrice de \nla r\u00e9gion acad\u00e9mique d'\u00cel e-de-France en mati\u00e8re administrative pour la mise en \u0153uvre des missions de \njeunesse, d'engagement et de sports ;  \n \nVU l'avis formul\u00e9 par la formation sp\u00e9cialis\u00e9e information jeunesse d'\u00cele-de-France du 09 d\u00e9cembre 2025, \nissue de la commission r\u00e9gionale de la jeunesse, des sports et de la vie associative en \u00cele -de-France \n \nD\u00e9l\u00e9gation r\u00e9gionale acad\u00e9mique \u00e0 la jeunesse, \u00e0 l'engagement et aux sports - IDF-2025-12-23-00012 - Arr\u00eat\u00e9 n\u00b02025 - portant\nattribution ou renouvellement du label \"information jeunesse\"\n*** SAINT-BRICE-SOUS-FORET ***\n33\nD\u00e9l\u00e9gation r\u00e9gionale acad\u00e9mique jeunesse,  \nengagement et sports (DRAJES) \n6/8 rue Eug\u00e8ne Oudin\u00e9 - CS 81360 \n75634 PARIS CEDEX 13 2/2   \n \nARR\u00caTE : \nArticle 1er : \nEst labellis\u00e9e \u00ab Information Jeunesse \u00bb la structure suivante : \n \nStructure : Information Jeunesse \n \nSitu\u00e9e : 39 rue des deux piliers - 95350 Saint-Brice-sous-For\u00eat \n \n \nArticle 2 : \n \nL'Etat accorde le label, sous r\u00e9serve du respect des crit\u00e8res tels qu'indiqu\u00e9s dans l'instruction relative \n\u00e0 la d\u00e9livrance par l'Etat du \u00ab label information jeunesse \u00bb du 18 mars 2022. \n \nLes services d\u00e9partementaux \u00e0 la jeunesse, \u00e0 l'engagement et aux sports sont garants du respect des \nvaleurs du label, de sa mise en \u0153uvre et de l'organisation du processus de labellisation.  \n \nArticle 3 : \n \nL'entr\u00e9e en vigueur du label se fait \u00e0 la date de publication du pr\u00e9sent arr\u00eat\u00e9. \nLe label est attribu\u00e9 ou renouvel\u00e9 pour une dur\u00e9e de 6 ans  \u00e0 compter de la date de publication du \npr\u00e9sent arr\u00eat\u00e9 sous r\u00e9serve d'un bilan de sa mise en \u0153uvre par la structure au bout de 3 ans.  \n \nArticle 4 : \n \nLa d\u00e9l\u00e9gu\u00e9e r\u00e9gionale acad\u00e9mique \u00e0 la jeunesse, \u00e0 l'engagement et aux sports d'\u00cele -de-France est \ncharg\u00e9e de l'ex\u00e9cution du pr\u00e9sent arr\u00eat\u00e9, qui sera publi\u00e9 au recueil des actes administratifs de la  \npr\u00e9fecture.  \n \nIl sera notifi\u00e9 aux maires des communes et aux responsables l\u00e9gaux des structures concern\u00e9es. \n \n \nFait \u00e0 Paris, le 23 d\u00e9cembre 2025, \n \nPour la rectrice de la r\u00e9gion acad\u00e9mique d'\u00cele-de-France, \nrectrice de l'acad\u00e9mie de Paris, chanceli\u00e8re des universit\u00e9s \nde Paris et d'\u00cele-de-France, Par d\u00e9l\u00e9gation, \nLa d\u00e9l\u00e9gu\u00e9e r\u00e9gionale acad\u00e9mique \u00e0 la jeunesse,  \n\u00e0 l'engagement et aux sports d'\u00cele-de-France,  \n \nSIGN\u00c9 \n \n                                                                     C\u00e9cile NICOL \n \n \nD\u00e9l\u00e9gation r\u00e9gionale acad\u00e9mique \u00e0 la jeunesse, \u00e0 l'engagement et aux sports - IDF-2025-12-23-00012 - Arr\u00eat\u00e9 n\u00b02025 - portant\nattribution ou renouvellement du label \"information jeunesse\"\n*** SAINT-BRICE-SOUS-FORET ***\n34\nD\u00e9l\u00e9gation r\u00e9gionale acad\u00e9mique \u00e0 la jeunesse, \u00e0\nl'engagement et aux sports\nIDF-2025-12-23-00002\nArr\u00eat\u00e9 n\u00b02025 - portant attribution ou\nrenouvellement du label \"information jeunesse\"\n*** VILLENEUVE-SAINT-GEORGES ***\nD\u00e9l\u00e9gation r\u00e9gionale acad\u00e9mique \u00e0 la jeunesse, \u00e0 l'engagement et aux sports - IDF-2025-12-23-00002 - Arr\u00eat\u00e9 n\u00b02025 - portant\nattribution ou renouvellement du label \"information jeunesse\"\n*** VILLENEUVE-SAINT-GEORGES ***\n35\nREGION ACADEMIQUE\u00ceLE-DE-FRANCELibert\u00e9Egalit\u00e9Fraternit\u00e9\n \nDirection des services d\u00e9partementaux  \nde l'\u00e9ducation nationale du Val-de-Marne \n                                                                   \n \n \nD\u00e9l\u00e9gation r\u00e9gionale acad\u00e9mique jeunesse,  \nengagement et sports (DRAJES) \n6/8 rue Eug\u00e8ne Oudin\u00e9 - CS 81360 \n75634 PARIS CEDEX 13 \n1/2  \n \n \nARR\u00caT\u00c9 N\u00b0 2025 \u2013  \n \n \nPortant attribution ou renouvellement du label \u00ab information jeunesse \u00bb \n \n *** VILLENEUVE-SAINT-GEORGES ***  \n \nLa rectrice de la R\u00e9gion Acad\u00e9mique d'\u00cele-de-France, Rectrice de Paris, Chanceli\u00e8re des universit\u00e9s de \nParis et d'\u00cele-de-France \n \nVU la loi n\u00b0 2017-86 du 27 janvier 2017 relative \u00e0 l'\u00e9galit\u00e9 et \u00e0 la citoyennet\u00e9  ; \n \nVU le d\u00e9cret n\u00b02017-574 du 19 avril 2017 relatif \u00e0 la labellisation des structures \u00ab Information \nJeunesse \u00bb pris pour l'application de la loi relative \u00e0 l'\u00e9galit\u00e9 et \u00e0 la citoyennet\u00e9 n\u00b02017 -86 du 27 \njanvier 2017 ; \n \nVU le d\u00e9cret n\u00b0 2019-1200 du 20 novembre 20 19, relatif \u00e0 l'organisation des services d\u00e9concentr\u00e9s \ndes ministres charg\u00e9s de l'\u00c9ducation nationale et de l'Enseignement sup\u00e9rieur, de la Recherche et de \nl'Innovation ; \n \nVU le d\u00e9cret n\u00b0 2019-1201 du 20 novembre 2019 relatif \u00e0 la nomination des rec teurs d\u00e9l\u00e9gu\u00e9s \u00e0 \nl'\u00c9ducation nationale, \u00e0 l'Enseignement sup\u00e9rieur, \u00e0 la Recherche et \u00e0 l'In novation en Conseil des \nministres ;  \n  \nVU le d\u00e9cret n\u00b0 2022-1184 du 25 ao\u00fbt 2022 portant modification du d\u00e9cret no 2017-574 d u 19 avril \n2017 modifi\u00e9 relatif \u00e0 la labellisation des structures \u00ab Information Jeunesse \u00bb, pris pour l'application  \nde la loi relative \u00e0 l'\u00e9galit\u00e9 et \u00e0 la citoyennet\u00e9 no 2017 -86 du 27 janvier 2017 ; \n \nVU le d\u00e9cret du 12 mars 2025 portant nomination de Julie BENETTI, rectrice de la r\u00e9gion acad\u00e9mique \nd'\u00cele-de-France, rectrice de l'acad\u00e9mie de Paris , chanceli\u00e8re des universit\u00e9s de Paris et d'\u00cele -de-\nFrance ; \n \nVU l'arr\u00eat\u00e9 IDF -2025-12-04 n\u00b000006 du 17 d\u00e9cembre 2025 relatif \u00e0 la constitution, \u00e0 la c omposition \nr\u00e9gionale et au fonctionnement de la formation sp\u00e9cialis\u00e9e \u00ab Information Jeunesse \u00bb de l a \nCommission r\u00e9gionale de la jeunesse, des sports et de la vie associative d'\u00cele-de-France (CRJSVA IDF) ; \nVU l'arr\u00eat\u00e9 2025-024 du 27 mars 2025 portant d\u00e9l\u00e9gation et subd\u00e9l\u00e9gation de signature de la rectrice de \nla r\u00e9gion acad\u00e9mique d'\u00cel e-de-France en mati\u00e8re administrative pour la mise en \u0153uvre des missions de \njeunesse, d'engagement et de sports ;  \n \nVU l'avis formul\u00e9 par la formation sp\u00e9cialis\u00e9e information jeunesse d'\u00cele-de-France du 09 d\u00e9cembre 2025, \nissue de la commission r\u00e9gionale de la jeunesse, des sports et de la vie associative en \u00cele -de-France \n \nD\u00e9l\u00e9gation r\u00e9gionale acad\u00e9mique \u00e0 la jeunesse, \u00e0 l'engagement et aux sports - IDF-2025-12-23-00002 - Arr\u00eat\u00e9 n\u00b02025 - portant\nattribution ou renouvellement du label \"information jeunesse\"\n*** VILLENEUVE-SAINT-GEORGES ***\n36\nD\u00e9l\u00e9gation r\u00e9gionale acad\u00e9mique jeunesse,  \nengagement et sports (DRAJES) \n6/8 rue Eug\u00e8ne Oudin\u00e9 - CS 81360 \n75634 PARIS CEDEX 13 2/2   \n \nARR\u00caTE : \nArticle 1er : \nEst labellis\u00e9e \u00ab Information Jeunesse \u00bb la structure suivante : \n \nStructure : Point Information Jeunesse  \n \nSitu\u00e9e : 9 rue de la Marne - 94190 Villeneuve-Saint-Georges \n \nArticle 2 : \n \nL'Etat accorde le label, sous r\u00e9serve du respect des crit\u00e8res tels qu'indiqu\u00e9s dans l'instruction relative \n\u00e0 la d\u00e9livrance par l'Etat du \u00ab label information jeunesse \u00bb du 18 mars 2022. \n \nLes services d\u00e9partementaux \u00e0 la jeunesse, \u00e0 l'engagement et aux sports sont garants du respect des \nvaleurs du label, de sa mise en \u0153uvre et de l'organisation du processus de labellisation.  \n \nArticle 3 : \n \nL'entr\u00e9e en vigueur du label se fait \u00e0 la date de publication du  pr\u00e9sent arr\u00eat\u00e9. \nLe label est attribu\u00e9 ou renouvel\u00e9 pour une dur\u00e9e de 6 ans  \u00e0 compter de la date de publication du \npr\u00e9sent arr\u00eat\u00e9 sous r\u00e9serve d'un bilan de sa mise en \u0153uvre par la structure au bout de 3 ans.  \n \nArticle 4 : \n \nLa d\u00e9l\u00e9gu\u00e9e r\u00e9gionale acad\u00e9mique \u00e0 la jeunesse, \u00e0 l'engagement et aux sports d'\u00cele -de-France est \ncharg\u00e9e de l'ex\u00e9cution du pr\u00e9sent arr\u00eat\u00e9, qui sera publi\u00e9 au recueil des actes administratifs de la  \npr\u00e9fecture.  \n \nIl sera notifi\u00e9 aux maires des communes et aux responsables l\u00e9gaux des structures concern\u00e9es. \n \n \nFait \u00e0 Paris, le 23 d\u00e9cembre 2025, \n \nPour la rectrice de la r\u00e9gion acad\u00e9mique d'\u00cele-de-France, \nrectrice de l'acad\u00e9mie de Paris, chanceli\u00e8re des universit\u00e9s \nde Paris et d'\u00cele-de-France, Par d\u00e9l\u00e9gation, \nLa d\u00e9l\u00e9gu\u00e9e r\u00e9gionale acad\u00e9mique \u00e0 la jeunesse,  \n\u00e0 l'engagement et aux sports d'\u00cele-de-France,  \n \nSIGN\u00c9 \n \n                                                                     C\u00e9cile NICOL \n \n \nD\u00e9l\u00e9gation r\u00e9gionale acad\u00e9mique \u00e0 la jeunesse, \u00e0 l'engagement et aux sports - IDF-2025-12-23-00002 - Arr\u00eat\u00e9 n\u00b02025 - portant\nattribution ou renouvellement du label \"information jeunesse\"\n*** VILLENEUVE-SAINT-GEORGES ***\n37\nDirection r\u00e9gionale des affaires culturelles\nd'Ile-de-France \nIDF-2025-12-22-00006\nArr\u00eat\u00e9 portant inscription au titre des\nmonuments historiques de l'ensemble constitu\u00e9\npar le Palais de Tokyo et le Mus\u00e9e d'art moderne\nde la Ville de Paris situ\u00e9 aux n\u00b011 et 13 de\nl'avenue du Pr\u00e9sident Wilson \u00e0 PARIS (16e\narrondissement)\nDirection r\u00e9gionale des affaires culturelles d'Ile-de-France  - IDF-2025-12-22-00006 - Arr\u00eat\u00e9 portant inscription au titre des monuments\nhistoriques de l'ensemble constitu\u00e9 par le Palais de Tokyo et le Mus\u00e9e d'art moderne de la Ville de Paris situ\u00e9 aux n\u00b011 et 13 de\nl'avenue du Pr\u00e9sident Wilson \u00e0 PARIS (16e arrondissement)\n38\nE=PREFET |DE LA REGIOND'\u00ceLE-DE-FRANCELibert\u00e9Egalit\u00e9Fraternit\u00e9\nPr\u00e9fecture de la r\u00e9gion d'Ile-de-France \n5 rue Leblanc  75015 Paris \u2013 Standard  01 82 52 40 00  \u2022 T\u00e9l\u00e9copie 01 82 52 40 16  \nAdresse Internet : www.paris-idf.gouv.fr \n \n \n \n \n \n \n \n \nA R R \u00ca T \u00c9  N\u00b0 \n \nportant inscription au titre des monuments historiques de l'ensemble constitu\u00e9 par le Palais de Tokyo et le Mus\u00e9e d'art moderne de la \nVille de Paris situ\u00e9 aux n\u00b011 et 13 de l'avenue du Pr\u00e9sident Wilson \u00e0 PARIS (16e arrondissement) ; \n \n \nLE PR\u00c9FET DE LA R\u00c9GION D'\u00ceLE-DE-FRANCE \nPR\u00c9FET DE PARIS \nCOMMANDEUR DE LA L\u00c9GION D'HONNEUR \nOFFICIER DE L'ORDRE NATIONAL DU M\u00c9RITE \n \n \nVU le code du patrimoine, livre VI, titres I et II ;  \n \nVU le d\u00e9cret n\u00b0 2004-374 du 29 avril 2004 relatif aux pouvoirs des pr\u00e9fets, \u00e0 l'organisation et \u00e0 l'action des services de l'\u00c9tat dans les \nr\u00e9gions et d\u00e9partements ; \n \nVU l'avis de la commission r\u00e9gionale du patrimoine et de l'architecture en date du 17 juin 2025 ; \n \nVU les autres pi\u00e8ces produites et jointes au dossier ; \n \nConsid\u00e9rant que le double b\u00e2timent accueillant le Palais de Tokyo et le Mus\u00e9e d'art moderne de la Ville de Paris poss\u00e8de un caract\u00e8re \nembl\u00e9matique dans l'histoire de l'architecture et des mus\u00e9es  dans l'entre-deux guerres, qu'il comporte une valeur de t\u00e9moignage de \nl'exposition universelle de 1937, qu'il constitue un \u00e9l\u00e9ment notable du paysage parisien des bords de Seine , et pr\u00e9sente de grandes \nqualit\u00e9s constructives ainsi qu'un second-\u0153uvre bien pr\u00e9serv\u00e9, et que pour ces raisons il pr\u00e9sente un int\u00e9r\u00eat suffisant d'un point de vue \nde l'histoire et de l'art pour en rendre d\u00e9sirable la pr\u00e9servation ; \n \n \nA R R \u00ca T E \n \nARTICLE Ier-. Sont inscrits au titre des monuments historiques l'ensemble des fa\u00e7ades et toitures et d es parvis et, pour le Palais de \nTokyo, le grand escalier monumental et ses d\u00e9gagements, l'ancienne salle de conf\u00e9rences dite salle 37 ; pour le Mus\u00e9e d'art moderne, la \nrotonde d'acc\u00e8s c\u00f4t\u00e9 quai de New -York ; le tout situ\u00e9 11 -13 avenue du Pr\u00e9sident Wilson  \u00e0 Paris (75016) sur la parcelle n\u00b01 d'une \ncontenance de 20 981m2, figurant au cadastre section FU, tels que figur\u00e9s sur les plans annex\u00e9s.  \nLe Palais de Tokyo appartient \u00e0 l'\u00c9tat et le Mus\u00e9e d'art moderne \u00e0 la Ville de Paris depuis une date ant\u00e9rieure au 1er janvier 1956. \n \nARTICLE 2-. Le pr\u00e9sent arr\u00eat\u00e9 sera notifi\u00e9 au maire de la commune concern\u00e9e et le cas \u00e9ch\u00e9ant, \u00e0 l'autorit\u00e9 comp\u00e9tente en mati\u00e8re de \nplan local d'urbanisme. \n \nARTICLE 3-. Le pr\u00e9fet de la r\u00e9gion d'\u00cele-de-France est charg\u00e9 de l'ex\u00e9cution du pr\u00e9sent arr\u00eat\u00e9, qui sera publi\u00e9 au fichier immobilier de \nla situation de l'immeuble inscrit et au recueil des actes administratifs de la pr\u00e9fecture de r\u00e9gion. \n \n  \nFait \u00e0 Paris, le 22 d\u00e9cembre 2025 \nLe Pr\u00e9fet de la r\u00e9gion d'Ile-de-France \nPr\u00e9fet de Paris \n \nSIGNE \n \nMarc GUILLAUME \n \n \n \n \n \n \nPlan 1 annex\u00e9 \u00e0 l'arr\u00eat\u00e9 n\u00b0                                                                   portant inscription au titre des monuments historiques de \nl'ensemble constitu\u00e9 par le Palais de Tokyo et le Mus\u00e9e d'art moderne de la Ville de Paris situ\u00e9 aux n\u00b011 et 14 de l'avenue du Pr\u00e9sident \nWilson \u00e0 PARIS (16e arrondissement)  \n \n \n            Direction r\u00e9gionale \n  des affaires culturelles \n  d'\u00cele-de-France \n \nDirection r\u00e9gionale des affaires culturelles d'Ile-de-France  - IDF-2025-12-22-00006 - Arr\u00eat\u00e9 portant inscription au titre des monuments\nhistoriques de l'ensemble constitu\u00e9 par le Palais de Tokyo et le Mus\u00e9e d'art moderne de la Ville de Paris situ\u00e9 aux n\u00b011 et 13 de\nl'avenue du Pr\u00e9sident Wilson \u00e0 PARIS (16e arrondissement)\n39\n21N19[?SpINWUOSDaAeWSU!|OS/2|[82124TC]S3INO]Sopuondi12su]\u2014sopedsejsapUONdH2SU,=\n \n \nPr\u00e9fecture de la r\u00e9gion d'Ile-de-France \n5 rue Leblanc  75015 Paris \u2013 Standard  01 82 52 40 00  \u2022 T\u00e9l\u00e9copie 01 82 52 40 16  \nAdresse Internet : www.paris-idf.gouv.fr \n \n \n \n \nFait \u00e0 Paris, le 22 d\u00e9cembre 2025 \nLe Pr\u00e9fet de la r\u00e9gion d'Ile-de-France \nPr\u00e9fet de Paris \n \nSIGNE \n \nMarc GUILLAUME \n \n \n  \nDirection r\u00e9gionale des affaires culturelles d'Ile-de-France  - IDF-2025-12-22-00006 - Arr\u00eat\u00e9 portant inscription au titre des monuments\nhistoriques de l'ensemble constitu\u00e9 par le Palais de Tokyo et le Mus\u00e9e d'art moderne de la Ville de Paris situ\u00e9 aux n\u00b011 et 13 de\nl'avenue du Pr\u00e9sident Wilson \u00e0 PARIS (16e arrondissement)\n40\nS9D9E,PBPUOJOY\u2014BassNeYd-sp-ZaJ'BWAaPOWUV,PsesnwWOsaa|gjeqoyueuonduosu]fyXNE9AIUSB}SNO}eSJUBWAaFeFZapSS19JEJUBWINUOW1212253pues\u2014WENeaalu'OAYOYapsiejegXNBAAIUSa]SNO}eSJUaWAZeRapsasjajequaWwAUOWJaljeosepues'ZEayes\u2014DLneaAIU'O\u00c2XOLapsiejedLe|=|=XNB9AIUSa]SNO}ES}UBWAZeFapsasJojeqUaWINUOWJaije9sapuels'ZEaljes\u2014WLNeaAtU'OAYOYapsiejegTx~<oOeeeemm\nPr\u00e9fecture de la r\u00e9gion d'Ile-de-France \n5 rue Leblanc  75015 Paris \u2013 Standard  01 82 52 40 00  \u2022 T\u00e9l\u00e9copie 01 82 52 40 16  \nAdresse Internet : www.paris-idf.gouv.fr \n \nPlan 2 annex\u00e9 \u00e0 l'arr\u00eat\u00e9 n\u00b0                                                                   portant inscription au titre des monuments historiques de \nl'ensemble constitu\u00e9 par le Palais de Tokyo et le Mus\u00e9e d'art moderne de la Ville de Paris situ\u00e9 aux n\u00b011 et 14 de l'avenue du Pr\u00e9sident \nWilson \u00e0 PARIS (16e arrondissement)  \n \n \n \nFait \u00e0 Paris, le 22 d\u00e9cembre 2025 \nLe Pr\u00e9fet de la r\u00e9gion d'Ile-de-France \nPr\u00e9fet de Paris \n \nSIGNE \n \nMarc GUILLAUME \n \nDirection r\u00e9gionale des affaires culturelles d'Ile-de-France  - IDF-2025-12-22-00006 - Arr\u00eat\u00e9 portant inscription au titre des monuments\nhistoriques de l'ensemble constitu\u00e9 par le Palais de Tokyo et le Mus\u00e9e d'art moderne de la Ville de Paris situ\u00e9 aux n\u00b011 et 13 de\nl'avenue du Pr\u00e9sident Wilson \u00e0 PARIS (16e arrondissement)\n41\nDirection r\u00e9gionale des affaires culturelles\nd'Ile-de-France \nIDF-2025-12-22-00005\nArr\u00eat\u00e9 portant inscription au titre des\nmonuments historiques de la chapelle de\nl'ancienne maison de retraite Chardon-Lagache\nsitu\u00e9e 1 rue Chardon-Lagache \u00e0 PARIS (16e\narrondissement)\nDirection r\u00e9gionale des affaires culturelles d'Ile-de-France  - IDF-2025-12-22-00005 - Arr\u00eat\u00e9 portant inscription au titre des monuments\nhistoriques de la chapelle de l'ancienne maison de retraite Chardon-Lagache situ\u00e9e 1 rue Chardon-Lagache \u00e0 PARIS (16e\narrondissement)\n42\nE=PREFET |DE LA REGIOND'\u00ceLE-DE-FRANCELibert\u00e9Egalit\u00e9Fraternit\u00e9\nPr\u00e9fecture de la r\u00e9gion d'Ile-de-France \n5 rue Leblanc  75015 Paris \u2013 Standard  01 82 52 40 00  \u2022 T\u00e9l\u00e9copie 01 82 52 40 16  \nAdresse Internet : www.paris-idf.gouv.fr \n \n \n \n \n \n \n \n \nA R R \u00ca T \u00c9  N\u00b0 \n \nportant inscription au titre des monuments historiques de la chapelle de l'ancienne maison de retraite Chardon -Lagache situ\u00e9e 1 rue \nChardon-Lagache \u00e0 PARIS (16e arrondissement) ; \n \n \nLE PR\u00c9FET DE LA R\u00c9GION D'\u00ceLE-DE-FRANCE \nPR\u00c9FET DE PARIS \nCOMMANDEUR DE LA L\u00c9GION D'HONNEUR \nOFFICIER DE L'ORDRE NATIONAL DU M\u00c9RITE \n \n \nVU le code du patrimoine, livre VI, titres I et II ;  \n \nVU le d\u00e9cret n\u00b0 2004-374 du 29 avril 2004 relatif aux pouvoirs des pr\u00e9fets, \u00e0 l'organisation et \u00e0 l'action des services de l'\u00c9tat dans les \nr\u00e9gions et d\u00e9partements ; \n \nVU l'avis de la commission r\u00e9gionale du patrimoine et de l'architecture en date du 17 juin 2025 ; \n \nVU les autres pi\u00e8ces produites et jointes au dossier ; \n \nConsid\u00e9rant que l'int\u00e9r\u00eat de la chapelle, articulant un ensemble hospitalier du XIXe si\u00e8cle d\u00e9di\u00e9 au soin des personnes \u00e2g\u00e9es, ainsi que \nla qualit\u00e9 du d\u00e9cor peint attribu\u00e9 \u00e0 Charles Lameire , pr\u00e9sentent un int\u00e9r\u00eat suffisant d'un point de vue de l'histoire et de l'art pour en \nrendre d\u00e9sirable la pr\u00e9servation ; \n \n \nA R R \u00ca T E \n \nARTICLE Ier-. Est inscrite au titre des monuments historiques la chapelle de l'ancienne maison de retraite Chardon-Lagache en totalit\u00e9 \navec ses peintures murales int\u00e9rieures, situ\u00e9e 1 rue Chardon-Lagache \u00e0 PARIS (16e arrondissement), sur la parcelle 61, d'une contenance \nde 13 402 m2, figurant au cadastre section AL. \nL'Assistance publique \u2013 H\u00f4pitaux de Paris (AP-HP) en est propri\u00e9taire depuis une date ant\u00e9rieure au 1er janvier 1956. \n \nARTICLE 2-. Le pr\u00e9sent arr\u00eat\u00e9 sera notifi\u00e9 au maire de la commune concern\u00e9e et le cas \u00e9ch\u00e9ant, \u00e0 l'autorit\u00e9 comp\u00e9tente en mati\u00e8re de \nplan local d'urbanisme. \n \nARTICLE 3-. Le pr\u00e9fet de la r\u00e9gion d'\u00cele-de-France est charg\u00e9 de l'ex\u00e9cution du pr\u00e9sent arr\u00eat\u00e9, qui sera publi\u00e9 au fichier immobilier de \nla situation de l'immeuble inscrit et au recueil des actes administratifs de la pr\u00e9fecture de r\u00e9gion. \n \n \nFait \u00e0 Paris, le 22 d\u00e9cembre 2025 \nLe Pr\u00e9fet de la r\u00e9gion d'Ile-de-France \nPr\u00e9fet de Paris \n \nSIGNE \n \nMarc GUILLAUME \n \nPlan annex\u00e9 \u00e0 l'arr\u00eat\u00e9 n\u00b0                                                                   portant inscription au titre des monuments historiques de la \nchapelle de l'ancienne maison de retraite Chardon-Lagache situ\u00e9e 1 rue Chardon-Lagache \u00e0 PARIS (16e arrondissement) \n \n \n            Direction r\u00e9gionale \n  des affaires culturelles \n  d'\u00cele-de-France \n \nDirection r\u00e9gionale des affaires culturelles d'Ile-de-France  - IDF-2025-12-22-00005 - Arr\u00eat\u00e9 portant inscription au titre des monuments\nhistoriques de la chapelle de l'ancienne maison de retraite Chardon-Lagache situ\u00e9e 1 rue Chardon-Lagache \u00e0 PARIS (16e\narrondissement)\n43\n''\nd=) Inscription en totalit\u00e9\n \n \nPr\u00e9fecture de la r\u00e9gion d'Ile-de-France \n5 rue Leblanc  75015 Paris \u2013 Standard  01 82 52 40 00  \u2022 T\u00e9l\u00e9copie 01 82 52 40 16  \nAdresse Internet : www.paris-idf.gouv.fr \n \n \n \n \nFait \u00e0 Paris, le 22 d\u00e9cembre 2025 \nLe Pr\u00e9fet de la r\u00e9gion d'Ile-de-France \nPr\u00e9fet de Paris \n \nSIGNE \n \nMarc GUILLAUME \n \nDirection r\u00e9gionale des affaires culturelles d'Ile-de-France  - IDF-2025-12-22-00005 - Arr\u00eat\u00e9 portant inscription au titre des monuments\nhistoriques de la chapelle de l'ancienne maison de retraite Chardon-Lagache situ\u00e9e 1 rue Chardon-Lagache \u00e0 PARIS (16e\narrondissement)\n44\nDirection r\u00e9gionale et interd\u00e9partementale de\nl'environnement, de l'am\u00e9nagement et des\ntransports d'\u00cele-de-France\nIDF-2025-12-23-00001\nD\u00e9cision DRIEAT-IDF portant organisation des\nservices de la direction r\u00e9gionale et\ninterd\u00e9partementale de l'environnement, de\nl'am\u00e9nagement et des transports d'\u00cele-de-France\nDirection r\u00e9gionale et interd\u00e9partementale de l'environnement, de l'am\u00e9nagement et des transports d'\u00cele-de-France -\nIDF-2025-12-23-00001 - D\u00e9cision DRIEAT-IDF portant organisation des services de la direction r\u00e9gionale et interd\u00e9partementale de\nl'environnement, de l'am\u00e9nagement et des transports d'\u00cele-de-France\n45\nE 3PREFET |DE LA REGIOND'\u00ceLE-DE-FRANCELibert\u00e9Egalit\u00e9Fraternit\u00e9\n \nT\u00e9l : 01 40 61 80 80 \nDRIEAT \n21-23 rue Miollis \u2013 75732 PARIS Cedex 15  \nwww.drieat.ile-de-france.developpement-durable.gouv.fr                     1 \n \nDirection r\u00e9gionale et interd\u00e9partementale \nde l'environnement, de l'am\u00e9nagement \net des transports d'\u00cele-de-France \n \n \n \nD\u00e9cision DRIEAT-IDF portant organisation des services de la direction r\u00e9gionale et \ninterd\u00e9partementale de l'environnement, de l'am\u00e9nagement et des transports d'\u00cele-de-France  \n \n \nLa directrice r\u00e9gionale et interd\u00e9partementale de l'environnement, de l'am\u00e9nagement et des transports \nd'\u00cele-de-France, \n \nVu le d\u00e9cret n\u00b0 2010-687 du 24 juin 2010 modifi\u00e9 relatif \u00e0 l'organisation et aux missions des services  de \nl'\u00c9tat dans la r\u00e9gion et les d\u00e9partements d'\u00cele-de-France ; \n \nVu l'arr\u00eat\u00e9 interminist\u00e9riel du 8 juillet 2022 port ant nomination d'une directrice r\u00e9gionale et \ninterd\u00e9partementale de l'environnement, de l'am\u00e9nagement et des transports d'\u00cele-de-France ; \n \nVu l'arr\u00eat\u00e9 du pr\u00e9fet de la r\u00e9gion \u00cele-de-France, pr\u00e9fet de Paris, n\u00b0 IDF-2025-02-07-00001 du 7 f\u00e9vrier 2025 \nportant organisation des services de la direction r\u00e9gionale et interd\u00e9partementale de l'environnement, \nde l'am\u00e9nagement et des transports d'\u00cele-de-France ; \n \nVu la d\u00e9cision de la directrice r\u00e9gionale et interd\u00e9partementale de l'environnement, de l'am\u00e9nagement \net des transports d'\u00cele-de-France n\u00b0 IDF-2025-02-25 -00007 du 25 f\u00e9vrier 2025 portant organisation des \nservices de la direction r\u00e9gionale et interd\u00e9partementale de l'environnement, de l'am\u00e9nagement et des \ntransports d'\u00cele-de-France ; \n \nVu l'avis du comit\u00e9 social d'administration de la d irection r\u00e9gionale et interd\u00e9partementale de \nl'environnement, de l'am\u00e9nagement et des transports d'\u00cele-de-France du 24 novembre 2025 ; \n \n \nD\u00c9CIDE \n \n \nArticle 1 \ner  \n \nI.  - La directrice r\u00e9gionale et interd\u00e9partementale d e l'environnement, de l'am\u00e9nagement et des \ntransports d'\u00cele-de-France est assist\u00e9e par les adjoints suivants : \n \n\u2022 un directeur adjoint charg\u00e9 des ressources humaines et de la gestion des moyens ; \n\u2022 un directeur adjoint, directeur des routes d'\u00cele-de-France ; \n\u2022 un directeur adjoint charg\u00e9 de la s\u00e9curit\u00e9 des transports et des missions de d\u00e9fense et de s\u00e9curit\u00e9 ; \n\u2022 un directeur adjoint charg\u00e9 de l'am\u00e9nagement durable et des transports ; \n\u2022 une directrice adjointe charg\u00e9e de l'eau et du d\u00e9veloppement durable ; \nDirection r\u00e9gionale et interd\u00e9partementale de l'environnement, de l'am\u00e9nagement et des transports d'\u00cele-de-France -\nIDF-2025-12-23-00001 - D\u00e9cision DRIEAT-IDF portant organisation des services de la direction r\u00e9gionale et interd\u00e9partementale de\nl'environnement, de l'am\u00e9nagement et des transports d'\u00cele-de-France\n46\n \nT\u00e9l : 01 40 61 80 80 \nDRIEAT \n21-23 rue Miollis \u2013 75732 PARIS Cedex 15  \nwww.drieat.ile-de-france.developpement-durable.gouv.fr                     2 \n\u2022 un directeur adjoint charg\u00e9 des risques, de l'\u00e9nergie et de la nature ; \n\u2022 un adjoint au directeur charg\u00e9 du pilotage ; \n\u2022 quatre directeurs(trices) adjoint(e)s, respectivement directeurs(trices) des unit\u00e9s d\u00e9partementales de \nParis, des Hauts-de-Seine, de la Seine-Saint -Denis et du Val-de-Marne. \n \nII.  - L'\u00e9quipe de direction peut \u00eatre compl\u00e9t\u00e9e par des directeurs ou chefs de projets. \n \nIII.  - Sont directement rattach\u00e9s \u00e0 la direction : \n\u2022 le cabinet de la direction ; \n\u2022 le service communication, y compris la mission comm unication plac\u00e9e aupr\u00e8s du directeur adjoint \ncharg\u00e9 de la direction des routes ; \n\u2022 la mission s\u00e9curit\u00e9-d\u00e9fense. \n \nArticle 2  \n \nI.  - La direction des routes d'\u00cele-de-France comprend , outre une mission de la politique et moyens de \nl'exploitation : \n \n\u2022 un service de la gestion patrimoniale du r\u00e9seau (SGPR) compos\u00e9 de :  \n- un d\u00e9partement des techniques de la route (DTR) ; \n- un d\u00e9partement de la politique et programmation routi\u00e8res (DPPR) ;  \n- un d\u00e9partement des ouvrages d'art (DOA) ; \n \n\u2022 un service de modernisation du r\u00e9seau (SMR) compos\u00e9 de : \n- un d\u00e9partement des \u00e9tudes g\u00e9n\u00e9rales et des voies r\u00e9serv\u00e9es (DEGVR) ; \n- un d\u00e9partement de la modernisation du r\u00e9seau Est (DMRE) \n- un d\u00e9partement de la modernisation du r\u00e9seau Sud-Ouest (DMRSO) ;  \n- un d\u00e9partement de la modernisation du r\u00e9seau Nord (DMRNo) \n- une cellule assistance \u00e0 maitrise d'ouvrage (CAMO) \n- un bureau des affaires fonci\u00e8res (BAF) ; \n- un bureau programmation, gestion et ordonnancement (BPGO) ; \n \n\u2022 un service du trafic et des tunnels (STT) compos\u00e9 de : \n- un d\u00e9partement de l'ing\u00e9nierie et de la modernisation des \u00e9quipements et des tunnels (DIMET) ; \n- un d\u00e9partement de l'exploitation du trafic et des tunnels (DETT) ; \n \n\u2022 quatre arrondissements de gestion et d'exploitation de la route (AGER) Est, Nord, Ouest et Sud. \n \nIl.  - La direction des routes d'\u00cele-de-France s'appuie  par ailleurs sur un secr\u00e9tariat g\u00e9n\u00e9ral d\u00e9l\u00e9gu\u00e9, u n \nd\u00e9partement commande publique et politique d'achat, et une mission communication. \n \nArticle 3 \n \nLe service de la connaissance et du d\u00e9veloppement durable comprend : \n- un d\u00e9partement des donn\u00e9es-g\u00e9ographiques et statistiques ; \n- un d\u00e9partement de la connaissance, de l'am\u00e9nagement et des territoires ; \n- un d\u00e9partement de la mod\u00e9lisation et des \u00e9tudes sur la mobilit\u00e9 ; \nDirection r\u00e9gionale et interd\u00e9partementale de l'environnement, de l'am\u00e9nagement et des transports d'\u00cele-de-France -\nIDF-2025-12-23-00001 - D\u00e9cision DRIEAT-IDF portant organisation des services de la direction r\u00e9gionale et interd\u00e9partementale de\nl'environnement, de l'am\u00e9nagement et des transports d'\u00cele-de-France\n47\n \nT\u00e9l : 01 40 61 80 80 \nDRIEAT \n21-23 rue Miollis \u2013 75732 PARIS Cedex 15  \nwww.drieat.ile-de-france.developpement-durable.gouv.fr                     3 \n- un d\u00e9partement de l'\u00e9valuation environnementale ; \n- un d\u00e9partement du d\u00e9veloppement durable. \n \nArticle 4 \n \nLe service de la politique des transports comprend : \n- un d\u00e9partement des transports urbains ; \n- un d\u00e9partement des mobilit\u00e9s et de la logistique ; \n- une unit\u00e9 du budget et de la synth\u00e8se financi\u00e8re. \n \nArticle 5 \n \nLe service de la s\u00e9curit\u00e9 des transports et des v\u00e9hicules comprend : \n- un d\u00e9partement de la s\u00e9curit\u00e9 des transports fluviaux ; \n- un d\u00e9partement de la s\u00e9curit\u00e9, de l'\u00e9ducation et de la circulation routi\u00e8res ;  \n- un d\u00e9partement de la r\u00e9gulation des transports routiers ; \n- un d\u00e9partement de l'homologation et de la surveillance des v\u00e9hicules. \n \nArticle 6 \n \nLe service de l'\u00e9nergie et du b\u00e2timent comprend : \n- un d\u00e9partement du climat, de l'air et de l'\u00e9nergie ; \n- un d\u00e9partement du b\u00e2timent ; \n- un d\u00e9partement du patrimoine immobilier. \n \nArticle 7 \n \nLe service de l'am\u00e9nagement durable comprend : \n- un d\u00e9partement de la planification et des territoires ; \n- un d\u00e9partement de l'am\u00e9nagement op\u00e9rationnel et foncier ;  \n- une mission \u00ab ville durable \u00bb ; \n- une mission \u00ab immobilier d'entreprise \u00bb ; \n- une unit\u00e9 budg\u00e9taire et financi\u00e8re. \n \nArticle 8 \n \nLe service des politiques et de la police de l'eau comprend : \n- un d\u00e9partement de l'assainissement ; \n- un d\u00e9partement de l'instruction \u00ab Loi sur l'eau \u00bb ; \n- un d\u00e9partement de la ressource et des milieux aquatiques ; \n- une mission \u00ab strat\u00e9gies eau et planification \u00bb. \n \nArticle 9 \n \nLe service de la pr\u00e9vention des risques comprend : \n- un d\u00e9partement des risques chroniques ;  \n- un d\u00e9partement des risques accidentels ; \nDirection r\u00e9gionale et interd\u00e9partementale de l'environnement, de l'am\u00e9nagement et des transports d'\u00cele-de-France -\nIDF-2025-12-23-00001 - D\u00e9cision DRIEAT-IDF portant organisation des services de la direction r\u00e9gionale et interd\u00e9partementale de\nl'environnement, de l'am\u00e9nagement et des transports d'\u00cele-de-France\n48\n \nT\u00e9l : 01 40 61 80 80 \nDRIEAT \n21-23 rue Miollis \u2013 75732 PARIS Cedex 15  \nwww.drieat.ile-de-france.developpement-durable.gouv.fr                     4 \n- un d\u00e9partement des risques naturels ; \n- un d\u00e9partement de l'hydrologie et de la pr\u00e9vision des crues. \n \nArticle 10 \n \nLe service de la nature et du paysage comprend :  \n- un d\u00e9partement des sites et paysages ; \n- un d\u00e9partement des espaces naturels ; \n- un d\u00e9partement de la faune et de la flore sauvages. \n \nArticle 11 \n \nLe service de l'accompagnement et du pilotage comprend : \n- un d\u00e9partement de l'accompagnement et de la qualit\u00e9 de vie au travail ; \n- un d\u00e9partement de la qualit\u00e9 et de l'innovation ; \n- un d\u00e9partement des affaires juridiques, de l'archivage et de la documentation ; \n- un d\u00e9partement du pilotage des ressources humaines, des effectifs et du budget. \n \nArticle 12 \n \nLe service du num\u00e9rique comprend : \n- un d\u00e9partement de l'environnement num\u00e9rique du travail ; \n- un d\u00e9partement des infrastructures, des syst\u00e8mes d'information et de la s\u00e9curit\u00e9. \n \nArticle 13 \n \nLe secr\u00e9tariat g\u00e9n\u00e9ral comprend : \n- un secr\u00e9tariat g\u00e9n\u00e9ral d\u00e9l\u00e9gu\u00e9 plac\u00e9 aupr\u00e8s du directeur adjoint charg\u00e9 de la direction des routes ; \n- un d\u00e9partement de la s\u00e9curit\u00e9 et de la pr\u00e9vention ; \n- un d\u00e9partement des ressources humaines et des comp\u00e9tences ; \n- un d\u00e9partement des affaires financi\u00e8res ; \n- un d\u00e9partement de la commande publique et de la politique d'achat ;  \n- un d\u00e9partement de la logistique et de la gestion immobili\u00e8re. \n \nArticle 14 \n \nLes unit\u00e9s d\u00e9partementales des Hauts-de-Seine, de l a Seine-Saint-Denis et du Val-de-Marne \ncomprennent : \n- un service des risques et des installations class\u00e9es ; \n- un service de l'\u00e9ducation et de la s\u00e9curit\u00e9 routi\u00e8re ; \n- un service de la planification et de l'am\u00e9nagement des territoires ; \n- un service de l'urbanisme et de la construction durable ; \n- un p\u00f4le v\u00e9hicules infra-r\u00e9gional ; \n- un p\u00f4le d'appui au pilotage local. \n \n \n \nDirection r\u00e9gionale et interd\u00e9partementale de l'environnement, de l'am\u00e9nagement et des transports d'\u00cele-de-France -\nIDF-2025-12-23-00001 - D\u00e9cision DRIEAT-IDF portant organisation des services de la direction r\u00e9gionale et interd\u00e9partementale de\nl'environnement, de l'am\u00e9nagement et des transports d'\u00cele-de-France\n49\n \nT\u00e9l : 01 40 61 80 80 \nDRIEAT \n21-23 rue Miollis \u2013 75732 PARIS Cedex 15  \nwww.drieat.ile-de-france.developpement-durable.gouv.fr                     5 \nArticle 15 \n \nL'unit\u00e9 d\u00e9partementale de Paris comprend : \n- un service de l'am\u00e9nagement durable et de la connaissance des territoires ; \n- un service du patrimoine, du paysage et du droit des sols ;  \n- le service de l'utilit\u00e9 publique et des \u00e9quilibres territoriaux ; \n- une mission d'appui au pilotage. \n \nArticle 16 \n \nLes unit\u00e9s d\u00e9partementales de Seine-et-Marne, des Yvelines, de l'Essonne et du Val d'Oise, comprennent, \nsous l'autorit\u00e9 d'un chef d'unit\u00e9 d\u00e9partementale, des cellules g\u00e9ographiques et th\u00e9matiques en charge \ndes installations class\u00e9es. \n \nArticle 17 \n \nLa d\u00e9cision de la directrice r\u00e9gionale et interd\u00e9partementale de l'environnement, de l'am\u00e9nagement et \ndes transports d'\u00cele-de-France n\u00b0 IDF-2025-02-25-00 007 du 25 f\u00e9vrier 2025 portant organisation des \nservices de la direction r\u00e9gionale et interd\u00e9partementale de l'environnement, de l'am\u00e9nagement et des \ntransports d'\u00cele-de-France est abrog\u00e9e. \n \nLa pr\u00e9sente d\u00e9cision entre en vigueur au 1 \ner  janvier 2026. \n \nLe secr\u00e9taire g\u00e9n\u00e9ral est charg\u00e9 de l'ex\u00e9cution de la pr\u00e9sente d\u00e9cision qui sera publi\u00e9e au recueil de s \nactes administratifs de la pr\u00e9fecture de la r\u00e9gion d'\u00cele-de-France. \n \nFait \u00e0 Paris, le 23 d\u00e9cembre 2025 \n \nLa directrice r\u00e9gionale et interd\u00e9partementale  \nde l'environnement, de l'am\u00e9nagement  \net des transports d'\u00cele-de-France \n \n \nSign\u00e9 \n \n \nEmmanuelle GAY \nDirection r\u00e9gionale et interd\u00e9partementale de l'environnement, de l'am\u00e9nagement et des transports d'\u00cele-de-France -\nIDF-2025-12-23-00001 - D\u00e9cision DRIEAT-IDF portant organisation des services de la direction r\u00e9gionale et interd\u00e9partementale de\nl'environnement, de l'am\u00e9nagement et des transports d'\u00cele-de-France\n50","date":"2025-12-23","first_seen_on":"2025-12-23T16:49:20+00:00","id":"42b9b58afdb6341fff9314611035086b5207a387745b38ee3e9c03844bf16dcf","name":"recueil-idf-055-2025-12-recueil-des-actes-administratifs-special du 23.12.2025","pdf_creation_date":"2025-12-23T15:54:03+00:00","pdf_modification_date":null,"timezone":"Europe/Paris","url":"https://www.prefectures-regions.gouv.fr/ile-de-france/irecontenu/telechargement/134033/982208/file/recueil-idf-055-2025-12-recueil-des-actes-administratifs-special%20du%2023.12.2025.pdf"}
