{"administration":"pref21","administration_name":"Pr\u00e9fecture de C\u00f4te-d\u2019Or","content":"PR\u00c9FET\nDE LA C\u00d4TE-D'OR\nRECUEIL DES ACTES\nADMINISTRATIFS SP\u00c9CIAL\nN\u00b021-2026-043\nPUBLI\u00c9 LE  2 MARS 2026\nSommaire\nPr\u00e9fecture de la C\u00f4te-d'Or / Direction des s\u00e9curit\u00e9s\n21-2026-03-02-00003 - Arr\u00eat\u00e9 N\u00b0 447\nautorisant les services de la\ngendarmerie nationale \u00e0 utiliser des dispositifs de brouillage\ndestin\u00e9s\n\u00e0 rendre inop\u00e9rant l'\u00e9quipement radio\u00e9lectrique\nd'a\u00e9ronefs circulant\nsans personne \u00e0 bord le 03 mars 2026 (2\npages) Page 3\n21-2026-03-02-00001 - Arr\u00eat\u00e9 pr\u00e9fectoral N\u00b0445\nautorisant la\ncaptation, l'enregistrement et la transmission d'images\nau moyen\nde cam\u00e9ras install\u00e9es sur des a\u00e9ronefs (2 pages) Page 6\n21-2026-03-02-00002 - Arr\u00eat\u00e9 pr\u00e9fectoral N\u00b0446\nautorisant la\ncaptation, l'enregistrement et la transmission d'images\nau moyen\nde cam\u00e9ras install\u00e9es sur des a\u00e9ronefs (2 pages) Page 9\n21-2026-03-02-00004 - Arr\u00eat\u00e9 pr\u00e9fectoral N\u00b0449 autorisant les\nservices de la gendarmerie nationale \u00e0 utiliser un dispositif destin\u00e9 \u00e0\nneutraliser un a\u00e9ronef circulant sans personne \u00e0 bord \u00e0 l'occasion\nde la visite officielle \ndu Ministre de l'Int\u00e9rieur le 3 mars 2026 \u00e0\nPlombi\u00e8res-les-Dijon (2 pages) Page 12\n2\nPr\u00e9fecture de la C\u00f4te-d'Or\nDirection des s\u00e9curit\u00e9s\n21-2026-03-02-00003\nArr\u00eat\u00e9 N\u00b0 447\nautorisant les services de la gendarmerie\nnationale \u00e0 utiliser des dispositifs de brouillage\ndestin\u00e9s \u00e0 rendre inop\u00e9rant l'\u00e9quipement\nradio\u00e9lectrique d'a\u00e9ronefs circulant\nsans personne \u00e0 bord le 03 mars 2026\nPr\u00e9fecture de la C\u00f4te-d'Or - 21-2026-03-02-00003 - Arr\u00eat\u00e9 N\u00b0 447\nautorisant les services de la gendarmerie nationale \u00e0 utiliser des dispositifs de brouillage\ndestin\u00e9s \u00e0 rendre inop\u00e9rant l'\u00e9quipement radio\u00e9lectrique d'a\u00e9ronefs circulant\nsans personne \u00e0 bord le 03 mars 2026\n3\nExPREFETDE LACOTE-D'ORLibert\u00e9Egalit\u00e9Fraternit\u00e9\n     \nDIRECTION DES S\u00c9CURIT\u00c9S\nBureau D\u00e9fense et S\u00e9curit\u00e9\nArr\u00eat\u00e9 N\u00b0 447\nautorisant les services de la gendarmerie nationale \u00e0 utiliser des dispositifs de brouillage\ndestin\u00e9s \u00e0 rendre inop\u00e9rant l'\u00e9quipement radio\u00e9lectrique d'a\u00e9ronefs circulant \nsans personne \u00e0 bord le 03 mars 2026\nLe pr\u00e9fet de la C\u00f4te-d'Or\nVu le code de la s\u00e9curit\u00e9 int\u00e9rieure, notamment ses articles L.213-2 et R.213-2 \u00e0 R213-7 ;\nVu le d\u00e9cret n\u00b02004-374 du 29 avril 2004 relatif aux pouvoir s des pr\u00e9fets, \u00e0 l'organisation et \u00e0 l'action\ndes services de l'\u00c9tat dans les r\u00e9gions et d\u00e9partements ;\nVu  l'arr\u00eat\u00e9  du  14  juin  2024  d\u00e9signant  les  dispositifs  de  protection  contre  les  menaces  r\u00e9sultant\nd'a\u00e9ronefs circulant sans personne \u00e0 bord\u00a0;\nVu l'arr\u00eat\u00e9 du 14 juin 2024 relatif \u00e0 la mise en \u0153uvre des dispositifs de protection contre les menaces\nr\u00e9sultant d'a\u00e9ronefs circulant sans personne \u00e0 bord\u00a0;\nVu le d\u00e9cret du 10 octobre 2024 portant nomination du Monsieur Paul MOURIER, pr\u00e9fet de la r\u00e9gion\nBourgogne-Franche-Comt\u00e9, pr\u00e9fet de la C\u00f4te-d'Or ;\nVu l'arr\u00eat\u00e9 pr\u00e9fectoral n\u00b0 1010/SG du 2 juillet 2025 donnant d\u00e9l\u00e9gation de signature \u00e0 Madame Aur\u00e9lie\nCONTRECIVILE, sous-pr\u00e9f\u00e8te, directrice de cabinet d u pr\u00e9fet de la r\u00e9gion Bourgogne-Franche-Comt\u00e9,\npr\u00e9fet de la C\u00f4te-d'Or ;\nVu la demande en date du 0 2 mars 2026,  form\u00e9e par  la compagnie de gendarmerie des transports\na\u00e9riens de Strasbourg, sollicitant l'autorisation de mettre en \u0153uvre un dispositif de brouillage destin\u00e9\n\u00e0 rendre inop\u00e9rant  l'\u00e9quipement radio\u00e9lectrique d' a\u00e9ronefs circulant sans personne \u00e0 bord aux fins\nd'assurer la s\u00e9curisation de l'a\u00e9roport de Dijon-Longvic pour la journ\u00e9e du 03 mars 2026 ;\nVu l'\u00e9tude d'impact r\u00e9alis\u00e9e par l'Agence nationale des fr\u00e9quences (ANFR) et ses recommandations\ntemporaires ;\nConsid\u00e9rant  que les dispositions susvis\u00e9es permettent aux forces de s\u00e9curit\u00e9  sp\u00e9cialis\u00e9es de rendre\ninop\u00e9rant au moyen du brouillage, un a\u00e9ronef circulant sans personne \u00e0 bord, en cas de menace\nimminente, pour les besoins de l'ordre public, de la s\u00e9curit\u00e9 nationale ou du service public de la justice\nou afin de pr\u00e9venir le survol d'une zone mentionn\u00e9e \u00e0 l'article L.6211-4 du code des transports\u00a0;\nConsid\u00e9rant que la demande d'autorisation susvis\u00e9e est justifi\u00e9e en raison des menaces qui p\u00e8sent sur\nles  installations  a\u00e9ronautiques,  que  les  \u00e9l\u00e9ments  figurant  dans  cette  demande  r\u00e9pondent  aux\nexigences de l'article R.213-4 du code de la s\u00e9curit\u00e9 int\u00e9rieure\u00a0;\nSUR proposition de la sous-pr\u00e9f\u00e8te, directrice de cabinet du pr\u00e9fet de la r\u00e9gion Bourgogne-Franche-\nComt\u00e9, pr\u00e9fet de la C\u00f4te-d'Or ;\nPr\u00e9fecture de la C\u00f4te-d'Or - 53, rue de la Pr\u00e9fecture \u2013 21041 Dijon Cedex\nT\u00e9l. 03.80.44.64.00 \u2013 Mel : pref-polices-administratives@cote-dor.gouv.fr\nPr\u00e9fecture de la C\u00f4te-d'Or - 21-2026-03-02-00003 - Arr\u00eat\u00e9 N\u00b0 447\nautorisant les services de la gendarmerie nationale \u00e0 utiliser des dispositifs de brouillage\ndestin\u00e9s \u00e0 rendre inop\u00e9rant l'\u00e9quipement radio\u00e9lectrique d'a\u00e9ronefs circulant\nsans personne \u00e0 bord le 03 mars 2026\n4\nARR\u00caTE\nArticle 1er  \u2013  La compagnie de gendarmerie des transports a\u00e9riens de Strasbourg est autoris\u00e9e \u00e0\nmettre en \u0153uvre le dispositif de brouillage destin\u00e9 \u00e0 rendre inop\u00e9rant un a\u00e9ronef circulant sans\npersonne \u00e0 bord pour assurer la s\u00e9curit\u00e9 de l'a\u00e9roport de Dijon-Longvic le 03 mars 2026.\nArticle  2 \u2013  Le  dispositif  de  brouillage  des  fr\u00e9quences  peut-\u00eatre  r\u00e9alis\u00e9  \u00e0  l'aide  des  brouilleurs\nWATSON, WILSON ou BAD.\nArticle   3   \u2013 La pr\u00e9sente autorisation est d\u00e9livr\u00e9e pour la journ\u00e9e du 03 mars 2026 de 9h00 \u00e0 15h00.\nArticle 4  \u2013  La pr\u00e9sente autorisation est strictement limit\u00e9e au p\u00e9rim\u00e8tre g\u00e9ographique du rayon\nd'action du dispositif de brouillage \u00e0 partir du point d\u00e9fini par les coordonn\u00e9es suivantes\u00a0: \nLong\u00a0: 005\u00b005'42'' E\nLat\u00a0: 47\u00b015'57'' N\nAltitude : 222m (728ft)\nArticle   5   \u2013 La sous-pr\u00e9f\u00e8te, directrice de cabinet du pr\u00e9fet de la r\u00e9gion Bourgogne-Franche-Comt\u00e9 ,\npr\u00e9fet de la C\u00f4te-d'Or et le commandant de la compagnie GTA de Strasbourg  sont charg\u00e9s, chacun\nen  ce  qui  le  concerne,  de  l'ex\u00e9cution  du  pr\u00e9sent  arr\u00eat\u00e9  qui  sera  publi\u00e9  au  recueil  des  actes\nadministratifs de la pr\u00e9fecture de C\u00f4te d'Or.\nFait \u00e0 Dijon, le 02 mars 2026\nLe pr\u00e9fet,\nPour le pr\u00e9fet et par d\u00e9l\u00e9gation,\nLa directrice de cabinet\noriginal sign\u00e9\nAur\u00e9lie CONTRECIVILE\nD\u00c9LAIS ET VOIES DE RECOURS\nLa pr\u00e9sente d\u00e9cision peut \u00eatre contest\u00e9 selon les voies de recours et dans les d\u00e9lais mentionn\u00e9s ci-dessous.\nDans les deux mois \u00e0 compter de la notification de la pr\u00e9sente d\u00e9cision les recours suivants peuvent \u00eatre introduits :\n- un recours gracieux adress\u00e9 \u00e0 : Pr\u00e9fecture de la C\u00f4te-d'Or - Direction des S\u00e9curit\u00e9s - Bureau de la d\u00e9fense et de la s\u00e9curit\u00e9 - 53 rue de la \nPr\u00e9fecture - 21041 Dijon Cedex\n- un recours hi\u00e9rarchique adress\u00e9 \u00e0 M. le Ministre de l'Int\u00e9rieur - Secr\u00e9tariat G\u00e9n\u00e9ral - Place Beauvau -75800 Paris Cedex 08\n- un recours contentieux adress\u00e9 au Tribunal Administratif de Dijon - 22 rue d'Assas - BP 61616 - 21016 Dijon Cedex\nLe  tribunal  administratif  peut  \u00eatre  saisi  par  un  recours  d\u00e9pos\u00e9  via  l'application  T\u00e9l\u00e9recours  citoyens  accessible  par  le  site  internet\nwww.t\u00e9l\u00e9recours.fr. Ce recours juridictionnel doit \u00eatre d\u00e9pos\u00e9 au plus tard avant l'expiration du 2 e mois suivant la date de notification de la\nd\u00e9cision contest\u00e9e (ou bien du 2e mois suivant la date du rejet du recours gracieux ou hi\u00e9rarchique).\nPr\u00e9fecture de la C\u00f4te-d'Or - 53, rue de la Pr\u00e9fecture \u2013 21041 Dijon Cedex\nT\u00e9l. 03.80.44.64.00 \u2013 Mel : pref-polices-administratives@cote-dor.gouv.fr\nPr\u00e9fecture de la C\u00f4te-d'Or - 21-2026-03-02-00003 - Arr\u00eat\u00e9 N\u00b0 447\nautorisant les services de la gendarmerie nationale \u00e0 utiliser des dispositifs de brouillage\ndestin\u00e9s \u00e0 rendre inop\u00e9rant l'\u00e9quipement radio\u00e9lectrique d'a\u00e9ronefs circulant\nsans personne \u00e0 bord le 03 mars 2026\n5\nPr\u00e9fecture de la C\u00f4te-d'Or\nDirection des s\u00e9curit\u00e9s\n21-2026-03-02-00001\nArr\u00eat\u00e9 pr\u00e9fectoral N\u00b0445\nautorisant la captation, l'enregistrement et la\ntransmission d'images\nau moyen de cam\u00e9ras install\u00e9es sur des a\u00e9ronefs\nPr\u00e9fecture de la C\u00f4te-d'Or - 21-2026-03-02-00001 - Arr\u00eat\u00e9 pr\u00e9fectoral N\u00b0445\nautorisant la captation, l'enregistrement et la transmission d'images\nau moyen de cam\u00e9ras install\u00e9es sur des a\u00e9ronefs\n6\nPREFETDELACOTE-D'ORLibert\u00e9Egalit\u00e9Fraternit\u00e9\nDirection des s\u00e9curit\u00e9s\nArr\u00eat\u00e9 pr\u00e9fectoral N\u00b0 445\nautorisant la captation, l'enregistrement et la transmission d'images\nau moyen de cam\u00e9ras install\u00e9es sur des a\u00e9ronefs\nLe pr\u00e9fet de la C\u00f4te-d'Or\nVU le code de la s\u00e9curit\u00e9 int\u00e9rieure et notamment son article L.242-5 \u00e0 L. 242-8 et R. 242-8 \u00e0 R. 242-14 ;\n \nVU le d\u00e9cret n\u00b0 2004-374 du 29 avril 2004 relatif aux pouvoirs des pr\u00e9fets, \u00e0 l'organisation et \u00e0 l'action des \nservices de l'\u00c9tat dans les r\u00e9gions et d\u00e9partements ;\nVU le d\u00e9cret du Pr\u00e9sident de la R\u00e9publique du 10 octobre 2024 nommant monsieur Paul MOURIER, pr\u00e9fet \nde la r\u00e9gion Bourgogne-Franche-Comt\u00e9, pr\u00e9fet de la C\u00f4te-d'Or ;\nVU l'arr\u00eat\u00e9 du ministre de l'Int\u00e9rieur et des outre-mer, en date du 19 avril 2023 relatif au nombre maximal \nde cam\u00e9ras install\u00e9es sur des a\u00e9ronefs pouvant \u00eatre simultan\u00e9ment utilis\u00e9es dans chaque d\u00e9partement et \ncollectivit\u00e9 d'outre-mer ;\nVU l'arr\u00eat\u00e9  pr\u00e9fectoral  n\u00b01010/SG  du  02  juillet  2025  donnant  d\u00e9l\u00e9gation  de  signature  \u00e0  madame  \nAur\u00e9lie CONTRECIVILE, sous-pr\u00e9f\u00e8te, directrice de cabinet du pr\u00e9fet de la r\u00e9gion Bourgogne Franche-\nComt\u00e9, pr\u00e9fet de C\u00f4te-d'Or ;\nVU la demande re\u00e7ue le 27 f\u00e9vrier 2026 formul\u00e9e par le groupement de gendarmerie d\u00e9partementale de  \nla C\u00f4te-d'Or, visant \u00e0 obtenir l'autorisation de capter, d'enregistrer et de transmettre des images au  \nmoyen de cam\u00e9ras install\u00e9es sur des a\u00e9ronefs aux fins d'assurer la s\u00e9curit\u00e9 de la visite officielle de  \nMonsieur Laurent NU \u00d1EZ, Ministre de l'Int\u00e9rieur,  sur la commune de Plombi\u00e8res-l\u00e8s-Dijon le mardi 03  \nmars 2026 ; \nCONSID\u00c9RANT que dans le cadre de la posture vigipirate \"urgence attentat\" actuellement en vigueur, il  \nconvient pour les forces de s\u00e9curit\u00e9 int\u00e9rieure de garantir la protection des personnes et des biens contre \nles risques d'attentats ;\nCONSID\u00c9RANT que les dispositions susvis\u00e9es et notamment les 1\u00b0, 2\u00b0 et 3\u00b0 de l'article L. 242-5 du code de \nla s\u00e9curit\u00e9 int\u00e9rieure permettent aux forces de s\u00e9curit\u00e9 int\u00e9rieure, dans le cadre de la pr\u00e9vention des  \natteintes \u00e0 la s\u00e9curit\u00e9 des personnes et des biens, de la s\u00e9curit\u00e9 des rassemblements de personnes sur la  \nvoie publique ou dans des lieux ouverts au public ainsi que pour la pr\u00e9vention d'actes de terrorisme, de  \nproc\u00e9der \u00e0 la captation, \u00e0 l'enregistrement et \u00e0 la transmission d'images au moyen de cam\u00e9ras install\u00e9es  \nsur des a\u00e9ronefs  ; \nCONSID\u00c9RANT l'int\u00e9r\u00eat pour les forces de s\u00e9curit\u00e9 int\u00e9rieure, de disposer d'une vision en grand angle  \npour permettre le maintien et le r\u00e9tablissement de l'ordre public et prot\u00e9ger l'int\u00e9grit\u00e9 physique des  \nautorit\u00e9s ;\nPr\u00e9fecture de la C\u00f4te-d'Or - 21-2026-03-02-00001 - Arr\u00eat\u00e9 pr\u00e9fectoral N\u00b0445\nautorisant la captation, l'enregistrement et la transmission d'images\nau moyen de cam\u00e9ras install\u00e9es sur des a\u00e9ronefs\n7\nCONSID\u00c9RANT que  dans  ces  circonstances,  le  recours  aux  dispositifs  de  captation  install\u00e9s  sur  des \na\u00e9ronefs est n\u00e9cessaire et adapt\u00e9  ; qu'il n'existe pas de dispositif moins intrusif permettant de parvenir  \naux m\u00eames fins ;\nCONSID\u00c9RANT que la demande porte sur l'engagement de deux cam\u00e9ras a\u00e9roport\u00e9es sur deux drones  \ndans les secteurs o\u00f9 sont susceptibles de se commettre les troubles \u00e0 l'ordre public pr\u00e9cit\u00e9s ; qu'au regard \ndes circonstances susmentionn\u00e9es, la demande n'appara\u00eet pas disproportionn\u00e9e ;\nSUR proposition de madame la directrice de cabinet du pr\u00e9fet de la r\u00e9gion Bourgogne-Franche-Comt\u00e9,  \npr\u00e9fet de la C\u00f4te-d'Or,\nARR\u00caTE\nArticle 1er : La captation, l'enregistrement et la transmission d'images par le groupement de gendarmerie \nd\u00e9partementale de la C\u00f4te-d'Or, est autoris\u00e9e aux fins d'assurer la s\u00e9curit\u00e9 de la visite officielle du mardi  \n03 mars 2026 de Monsieur Laurent NU \u00d1EZ, Ministre de l'Int\u00e9rieur, sur la commune de Plombi\u00e8res-l\u00e8s-\nDijon.\nArticle 2 : Le nombre maximal de cam\u00e9ras pouvant proc\u00e9der simultan\u00e9ment aux traitements mentionn\u00e9s \n\u00e0 l'article 1er est fix\u00e9 \u00e0 2, install\u00e9es sur des a\u00e9ronefs dont les r\u00e9f\u00e9rences et immatriculations sont list\u00e9es ci-\ndessous :\n- un drone Mavic 3T n\u00b0 1581F5FJ723CD00AZ0KG ;\n- un drone Matrice 4T n\u00b0 1581F7K3C253R00DG2E8 .\nArticle 3 : La pr\u00e9sente autorisation est limit\u00e9e au p\u00e9rim\u00e8tre g\u00e9ographique de la commune de Plombi\u00e8res-\nl\u00e8s-Dijon.\nArticle 4 : La pr\u00e9sente autorisation est d\u00e9livr\u00e9e pour le mardi 03 mars 2026 de 10 heures 30 \u00e0 13 heures  \n00.\nArticle 5  : Le registre mentionn\u00e9 \u00e0 l'article L. 242-4 du code de la s\u00e9curit\u00e9 int\u00e9rieure est transmis au  \nrepr\u00e9sentant de l'\u00c9tat dans le d\u00e9partement \u00e0 l'issue de la p\u00e9riode d'utilisation.\nArticle 6  : Le pr\u00e9sent arr\u00eat\u00e9 est publi\u00e9 au recueil des actes administratifs de la pr\u00e9fecture et peut faire  \nl'objet d'un recours contentieux devant le tribunal administratif de Dijon dans un d\u00e9lai de deux mois \u00e0  \ncompter de sa publication.\nArticle 7  : La directrice de cabinet du pr\u00e9fet de la r\u00e9gion Bourgogne-Franche-Comt\u00e9, pr\u00e9fet de la C\u00f4te-\nd'Or,  le  secr\u00e9taire  g\u00e9n\u00e9ral  de  la  pr\u00e9fecture  de  la  C\u00f4te-d'Or  et  le  g\u00e9n\u00e9ral  commandant  la  r\u00e9gion  de \ngendarmerie  de  Bourgogne-Franche-Comt\u00e9,  commandant  le  groupement  de  gendarmerie  \nd\u00e9partementale de la C\u00f4te-d'Or sont charg\u00e9s, chacun en ce qui le concerne, de l'ex\u00e9cution du pr\u00e9sent  \narr\u00eat\u00e9 qui sera adress\u00e9 pour copie \u00e0 monsieur le procureur de la R\u00e9publique pr\u00e8s le tribunal judiciaire de  \nDijon.\nFait \u00e0 Dijon, le 02 mars 2026\nLe pr\u00e9fet,\nPour le pr\u00e9fet et par d\u00e9l\u00e9gation,\nLa sous-pr\u00e9f\u00e8te, directrice de cabinet,\n               original sign\u00e9                                        \nAur\u00e9lie CONTRECIVILE\nPr\u00e9fecture de la C\u00f4te-d'Or - 21-2026-03-02-00001 - Arr\u00eat\u00e9 pr\u00e9fectoral N\u00b0445\nautorisant la captation, l'enregistrement et la transmission d'images\nau moyen de cam\u00e9ras install\u00e9es sur des a\u00e9ronefs\n8\nPr\u00e9fecture de la C\u00f4te-d'Or\nDirection des s\u00e9curit\u00e9s\n21-2026-03-02-00002\nArr\u00eat\u00e9 pr\u00e9fectoral N\u00b0446\nautorisant la captation, l'enregistrement et la\ntransmission d'images\nau moyen de cam\u00e9ras install\u00e9es sur des a\u00e9ronefs\nPr\u00e9fecture de la C\u00f4te-d'Or - 21-2026-03-02-00002 - Arr\u00eat\u00e9 pr\u00e9fectoral N\u00b0446\nautorisant la captation, l'enregistrement et la transmission d'images\nau moyen de cam\u00e9ras install\u00e9es sur des a\u00e9ronefs\n9\nExPREFETDE LACOTE-D'ORLibert\u00e9Egalit\u00e9Fraternit\u00e9\nDirection des s\u00e9curit\u00e9s\nArr\u00eat\u00e9 pr\u00e9fectoral N\u00b0 446   \nautorisant la captation, l'enregistrement et la transmission d'images\nau moyen de cam\u00e9ras install\u00e9es sur des a\u00e9ronefs\nLe pr\u00e9fet de la C\u00f4te-d'Or\nVU le code de la s\u00e9curit\u00e9 int\u00e9rieure et notamment ses articles L. 242-1 \u00e0 L. 242-8 et R. 242-8 \u00e0 R. 242-14 ;\nVU le d\u00e9cret n\u00b02004-374 du 29 avril 2004 relatif aux pouvoirs des pr\u00e9fets, \u00e0 l'organisation et \u00e0 l'action des \nservices de l'\u00c9tat dans les r\u00e9gions et d\u00e9partements ;\nVU le d\u00e9cret du Pr\u00e9sident de la R\u00e9publique du 10 octobre 2024 nommant monsieur Paul MOURIER, pr\u00e9fet \nde la r\u00e9gion Bourgogne-Franche-Comt\u00e9, pr\u00e9fet de la C\u00f4te-d'Or ;\nVU l'arr\u00eat\u00e9 du ministre de l'Int\u00e9rieur et des outre-mer, en date du 19 avril 2023 relatif au nombre maximal \nde cam\u00e9ras install\u00e9es sur des a\u00e9ronefs pouvant \u00eatre simultan\u00e9ment utilis\u00e9es dans chaque d\u00e9partement et \ncollectivit\u00e9 d'outre-mer ;\nVU l'arr\u00eat\u00e9  pr\u00e9fectoral  n\u00b01010/SG  du  02  juillet  2025  donnant  d\u00e9l\u00e9gation  de  signature  \u00e0  madame  \nAur\u00e9lie CONTRECIVILE, sous-pr\u00e9f\u00e8te, directrice de cabinet du pr\u00e9fet de la r\u00e9gion Bourgogne Franche-\nComt\u00e9, pr\u00e9fet de C\u00f4te-d'Or ;\nVU la demande re\u00e7ue le 27 f\u00e9vrier 2026, formul\u00e9e par le groupement de gendarmerie d\u00e9partementale de \nla C\u00f4te-d'Or, visant \u00e0 obtenir l'autorisation de capter, d'enregistrer et de transmettre des images au  \nmoyen de cam\u00e9ras install\u00e9es sur des a\u00e9ronefs dans le cadre de la lutte contre les vols de carburant et de  \nfret sur les aires d'autoroute ;\nCONSID\u00c9RANT que les dispositions susvis\u00e9es et notamment les 1\u00b0 et 4\u00b0 de l'article L. 242-5 du code de la \ns\u00e9curit\u00e9 int\u00e9rieure permettent aux forces de s\u00e9curit\u00e9 int\u00e9rieure, dans le cadre d'op\u00e9rations de pr\u00e9vention \ndes atteintes \u00e0 la s\u00e9curit\u00e9 des personnes et des biens dans des lieux particuli\u00e8rement expos\u00e9s, en raison  \nde leurs caract\u00e9ristiques ou des faits qui s'y sont d\u00e9j\u00e0 d\u00e9roul\u00e9s, \u00e0 des risques d'agressions, de vols ou de  \ntrafics d'armes, d'\u00eatres humains ou de stup\u00e9fiants, et de la r\u00e9gulation des flux de transport de proc\u00e9der \u00e0 \nla captation, \u00e0 l'enregistrement et \u00e0 la transmission d'images au moyen de cam\u00e9ras install\u00e9es sur des  \na\u00e9ronefs ;\nCONSID\u00c9RANT que des vols de carburant et de fret sont tr\u00e8s r\u00e9guli\u00e8rement constat\u00e9s de nuit sur les aires \nde repos et de service de l'A31, de l'A39 et de l'A6  ; ainsi depuis le d\u00e9but de l'ann\u00e9e, 12 vols ont \u00e9t\u00e9  \nrecens\u00e9s sur les aires de Merceuil, 7 sur Brognon, 6 sur l'aire de Pont-Val de Sa\u00f4ne, et un vol sur les aires de \nGevrey, Tailly et Spoy ;\nCONSID\u00c9RANT que la superficie des aires de service ainsi que la proximit\u00e9 des v\u00e9hicules stationn\u00e9s  \nemp\u00eachent une d\u00e9tection des vols de carburant et de fret depuis le sol ; qu'un drone permettrait de  \nvisualiser les espaces entre les poids-lourds et d\u00e9celer les individus se trouvant autour de ceux-ci durant  \nles cr\u00e9neaux nocturnes ;\nPr\u00e9fecture de la C\u00f4te-d'Or - 21-2026-03-02-00002 - Arr\u00eat\u00e9 pr\u00e9fectoral N\u00b0446\nautorisant la captation, l'enregistrement et la transmission d'images\nau moyen de cam\u00e9ras install\u00e9es sur des a\u00e9ronefs\n10\nCONSID\u00c9RANT l'int\u00e9r\u00eat de disposer d'une vision en grand angle pour permettre la coordination des  \nmoyens, l'articulation des man\u0153uvres et le suivi de l'\u00e9v\u00e9nement, notamment au regard de la localisation  \ng\u00e9ographique et du relief escarp\u00e9 de certains secteurs du d\u00e9partement ;\nCONSID\u00c9RANT que dans ces circonstances, la captation, l'enregistrement et la transmission des images  \nau  moyen  d'une  cam\u00e9ra  instal l\u00e9e  sur  un  a\u00e9ronef  sera  strictement  limit\u00e9  aux  aires  de  service  des  \nautoroutes A31, A39 et A6 suivantes :\n- A31 : Dijon-Brognon , Dijon-Spoy, Gevrey-Chambertin ;\n- A39 : Pont-Val de Sa\u00f4ne ;\n- A6 : Beaune-Tailly, Beaune-Merceuil.\nCONSID\u00c9RANT qu'en vertu de l'article R. 242-13 du code de la s\u00e9curit\u00e9 int\u00e9rieure, il y a lieu de d\u00e9roger au \nprincipe d'information du public d\u00e8s lors que cette information entre en contradiction avec les finalit\u00e9s  \npour lesquelles le dispositif est autoris\u00e9 ;\nSUR proposition de madame la directrice de cabinet du pr\u00e9fet de la r\u00e9gion Bourgogne-Franche-Comt\u00e9,  \npr\u00e9fet de la C\u00f4te-d'Or,\nARR\u00caTE\nArticle 1er : La captation, l'enregistrement et la transmission d'images par le groupement de gendarmerie \nd\u00e9partementale de la C\u00f4te-d'Or, est autoris\u00e9e  au titre de la pr\u00e9vention des atteintes \u00e0 la s\u00e9curit\u00e9 des  \npersonnes et des biens et de r\u00e9gulation des flux de transport dans le cadre de la lutte contre les vols de  \ncarburant et de fret sur les aires d'autoroute pour la p\u00e9riode du 02 au 31 mars 2026 inclus de 20h \u00e0 6h.\nArticle 2 : Le nombre maximal de cam\u00e9ras pouvant proc\u00e9der simultan\u00e9ment aux traitements mentionn\u00e9s \n\u00e0 l'article 1er est fix\u00e9 \u00e0 deux, install\u00e9es sur des a\u00e9ronefs dont les r\u00e9f\u00e9rences et immatriculations sont list\u00e9es \nci-dessous :\n- drone MAVIC 3T n\u00b01581F5FJ723CD00AZ0KG ;\n- drone Matrice 4T n\u00b0 1581F7K3C253R00DG2E8.\nArticle 3 : La pr\u00e9sente autorisation est limit\u00e9e aux aires de services suivantes :\n- A31 : Dijon-Brognon , Dijon-Spoy, Gevrey-Chambertin ;\n- A39 : Pont-Val de Sa\u00f4ne ;\n- A6 : Beaune-Tailly, Beaune-Merceuil.\nArticle 4  : Le registre mentionn\u00e9 \u00e0 l'article L. 242-4 du code de la s\u00e9curit\u00e9 int\u00e9rieure est transmis au  \nrepr\u00e9sentant de l'\u00c9tat dans le d\u00e9partement \u00e0 l'issue de la p\u00e9riode d'utilisation.\nArticle 5  : Le pr\u00e9sent arr\u00eat\u00e9 est publi\u00e9 au recueil des actes administratifs de la pr\u00e9fecture et peut faire  \nl'objet d'un recours contentieux devant le tribunal administratif de Dijon dans un d\u00e9lai de deux mois \u00e0  \ncompter de sa publication.\nArticle 6  : La directrice de cabinet du pr\u00e9fet de la r\u00e9gion Bourgogne-Franche-Comt\u00e9, pr\u00e9fet de la C\u00f4te-\nd'Or,  le  secr\u00e9taire  g\u00e9n\u00e9ral  de  la  pr\u00e9fecture  de  la  C\u00f4te-d'Or  et  le  g\u00e9n\u00e9ral  commandant  la  r\u00e9gion  de \ngendarmerie  de  Bourgogne-Franche-Comt\u00e9,  commandant  le  groupement  de  gendarmerie  \nd\u00e9partementale de la C\u00f4te-d'Or sont charg\u00e9s, chacun en ce qui le concerne, de l'ex\u00e9cution du pr\u00e9sent  \narr\u00eat\u00e9 qui sera adress\u00e9 pour copie \u00e0 monsieur le procureur de la R\u00e9publique pr\u00e8s le tribunal judiciaire de  \nDijon.\nFait \u00e0 Dijon, le 02 mars 2026\nLe pr\u00e9fet,\nPour le pr\u00e9fet et par d\u00e9l\u00e9gation,\nLa sous-pr\u00e9f\u00e8te, directrice de cabinet,\noriginal sign\u00e9                                          \nAur\u00e9lie CONTRECIVILE\nPr\u00e9fecture de la C\u00f4te-d'Or - 21-2026-03-02-00002 - Arr\u00eat\u00e9 pr\u00e9fectoral N\u00b0446\nautorisant la captation, l'enregistrement et la transmission d'images\nau moyen de cam\u00e9ras install\u00e9es sur des a\u00e9ronefs\n11\nPr\u00e9fecture de la C\u00f4te-d'Or\nDirection des s\u00e9curit\u00e9s\n21-2026-03-02-00004\nArr\u00eat\u00e9 pr\u00e9fectoral N\u00b0449 autorisant les services\nde la gendarmerie nationale \u00e0 utiliser un\ndispositif destin\u00e9 \u00e0 neutraliser un a\u00e9ronef\ncirculant sans personne \u00e0 bord \u00e0 l'occasion de la\nvisite officielle \ndu Ministre de l'Int\u00e9rieur le 3 mars 2026 \u00e0\nPlombi\u00e8res-les-Dijon\nPr\u00e9fecture de la C\u00f4te-d'Or - 21-2026-03-02-00004 - Arr\u00eat\u00e9 pr\u00e9fectoral N\u00b0449 autorisant les services de la gendarmerie nationale \u00e0\nutiliser un dispositif destin\u00e9 \u00e0 neutraliser un a\u00e9ronef circulant sans personne \u00e0 bord \u00e0 l'occasion de la visite officielle \ndu Ministre de l'Int\u00e9rieur le 3 mars 2026 \u00e0 Plombi\u00e8res-les-Dijon\n12\nExPREFETDE LACOTE-D'ORLibert\u00e9Egalit\u00e9Fraternit\u00e9\nDIRECTION DES S\u00c9CURIT\u00c9S\nBureau D\u00e9fense et S\u00e9curit\u00e9\nArr\u00eat\u00e9 pr\u00e9fectoral N\u00b0449\nautorisant les services de la gendarmerie nationale \u00e0 utiliser un dispositif destin\u00e9 \u00e0 neutraliser un \na\u00e9ronef circulant sans personne \u00e0 bord \u00e0 l'occasion de la visite officielle\ndu Ministre de l'Int\u00e9rieur le 3 mars 2026 \u00e0 Plombi\u00e8res-les-Dijon\nLe pr\u00e9fet de la C\u00f4te-d'Or\nVU le code de la s\u00e9curit\u00e9 int\u00e9rieure, notamment les articles L.213-2 et  R213-2 \u00e0 R213-7;\nVU le d\u00e9cret n\u00b02004-374 du 29 avril 2004 modifi\u00e9, relatif aux pouvoirs des pr\u00e9fets, \u00e0 l'organisation et \n\u00e0 l'action des services de l'\u00c9tat dans la r\u00e9gion et les d\u00e9partements ;\nVU l'arr\u00eat\u00e9 du 14 juin 2024 d\u00e9signant les dispositifs de protection contre les menaces r\u00e9sultant  \nd'a\u00e9ronefs circulant sans personne \u00e0 bord ;\nVU l'arr\u00eat\u00e9 du 14 juin 2024 relatif \u00e0 la mise en \u0153uvre des dispositifs de protection contre les  \nmenaces r\u00e9sultant d'a\u00e9ronefs circulant sans personne \u00e0 bord ;\nVU  l'arr\u00eat\u00e9  pr\u00e9fectoral  n\u00b01010/SG  du  2  juillet  2025  donnant  d\u00e9l\u00e9gation  de  signature  \u00e0  \nMme Aur\u00e9lie  CONTRECIVILE,  sous-pr\u00e9f\u00e8te,  directrice  de  cabinet  du  pr\u00e9fet  de  la  r\u00e9gion  \nBourgogne-Franche-Comt\u00e9, pr\u00e9fet de la C\u00f4te-d'Or ;\nVU l'\u00e9tude  d'impact  CCED_DNUM_05112024  transmise  par  le  groupement  de  gendarmerie \nd\u00e9partementale de la C\u00f4te d'Or le 25 ao\u00fbt 2025 ;\nVU la  demande  d'autorisation  de  mise  en  \u0153uvre  d'un  dispositif  de  brouillage  pr\u00e9sent\u00e9e  le \n02 mars 2026 par le groupement de gendarmerie d\u00e9partementale de la C\u00f4te-d'Or ;\nCONSID\u00c9RANT qu'il appartient \u00e0 l'autorit\u00e9 de police administrative de prendre les mesures adapt\u00e9es, \nn\u00e9cessaires et proportionn\u00e9es \u00e0 la pr\u00e9vention des troubles \u00e0 l'ordre public ;\nCONSID\u00c9RANT que la visite officielle du ministre de l'Int\u00e9rieur, Monsieur Laurent NUNEZ \u00e0 la CRS  \nde Plombi\u00e8res-les-Dijon le 03 mars 2026 peut faire l'objet d'attaques terroristes par voie a\u00e9rienne,  \nque le survol de drones illicites et malveillants peut repr\u00e9senter un danger pour la d\u00e9l\u00e9gation  \nofficielle et qu'il convient de mettre en place un dispositif de lutte anti-drones ;\nCONSID\u00c9RANT que ce dispositif de lutte anti-drones est mis en place pour les besoins de l'ordre \npublic, de la d\u00e9fense et de la s\u00e9curit\u00e9 nationales ainsi que la s\u00e9curit\u00e9 et la s\u00fbret\u00e9 de l'aviation  \ncivile ;\nSUR proposition de madame la directrice de cabinet du pr\u00e9fet de la r\u00e9gion Bourgogne-Franche-\nComt\u00e9, pr\u00e9fet de la C\u00f4te-d'Or,\nPr\u00e9fecture de la C\u00f4te-d'Or \u2013 53 rue de la pr\u00e9fecture \u2013 21041 Dijon Cedex\nMel : pref-direction-securites@cote-dor.gouv.fr\nPr\u00e9fecture de la C\u00f4te-d'Or - 21-2026-03-02-00004 - Arr\u00eat\u00e9 pr\u00e9fectoral N\u00b0449 autorisant les services de la gendarmerie nationale \u00e0\nutiliser un dispositif destin\u00e9 \u00e0 neutraliser un a\u00e9ronef circulant sans personne \u00e0 bord \u00e0 l'occasion de la visite officielle \ndu Ministre de l'Int\u00e9rieur le 3 mars 2026 \u00e0 Plombi\u00e8res-les-Dijon\n13\nARR\u00caTE\nArticle  1er :  Aux  fins  de  lutte  contre  les  actions  malveillantes  de  pilotes  d'a\u00e9ronefs  sans  \n\u00e9quipage \u00e0 bord, le groupement de gendarmerie d\u00e9partementale de la C\u00f4te-d'Or est autoris\u00e9  \n\u00e0 mettre en \u0153uvre un dispositif de brouillage dans le respect de sa comp\u00e9tence territoriale et  \nconform\u00e9ment aux modalit\u00e9s contenues dans la demande susvis\u00e9e sur le p\u00e9rim\u00e8tre de la  \ncommune de Plombi\u00e8res-les-Dijon (21370).\nArticle 2 : Le dispositif de brouillage autoris\u00e9 \u00e0 l'article 1 er sera mis en \u0153uvre, aux coordonn\u00e9es \ng\u00e9ographiques indiqu\u00e9es ci-dessous le mardi 03 mars 2026 de 10h00 \u00e0 14h00.\nLAT : 47\u00b019'16.7'' N\nLONG 004\u00b055'10.0'' E\nAltitude : 274,5 m\u00e8tres\nArticle 3 : Le mat\u00e9riel pouvant \u00eatre utilis\u00e9 dans le cadre de ce dispositif est d\u00e9termin\u00e9 comme  \nsuit : \n\u2013 fusil anti-drone type WATSON\n\u2013 fusil anti-drone type BAD\n\u2013 pistolet anti-drone type WILSON\nArticle  4:  La  sous-pr\u00e9f\u00e8te, directrice  de  cabinet du  pr\u00e9fet  de  la  C\u00f4te-d'Or  et  le  g\u00e9n\u00e9ral  \ncommandant  la  r\u00e9gion  de  gendarmerie  de  Bourgogne-Franche-Comt\u00e9,  commandant  le  \ngroupement de gendarmerie d\u00e9partementale de la C\u00f4te-d'Or sont charg\u00e9s chacun en ce qui le \nconcerne de l'ex\u00e9cution du pr\u00e9sent arr\u00eat\u00e9 qui sera publi\u00e9 au recueil des actes administratifs de \nla pr\u00e9fecture .\nFait \u00e0 Dijon, le 02 mars 2026\nLe pr\u00e9fet,\nPour le pr\u00e9fet et par d\u00e9l\u00e9gation,\nLa directrice de cabinet,\noriginal sign\u00e9\nAur\u00e9lie CONTRECIVILE\nD\u00c9LAIS ET VOIES DE RECOURS\nLa pr\u00e9sente d\u00e9cision peut \u00eatre contest\u00e9 selon les voies de recours et dans les d\u00e9lais mentionn\u00e9s ci-dessous.\nDans les deux mois \u00e0 compter de la notification de la pr\u00e9sente d\u00e9cision les recours suivants peuvent \u00eatre introduits :\n- un recours gracieux adress\u00e9 \u00e0 : Pr\u00e9fecture de la C\u00f4te-d'Or - Direction des S\u00e9curit\u00e9s - Bureau de la d\u00e9fense et de la s\u00e9curit\u00e9 -  \n53 rue de la Pr\u00e9fecture - 21041 Dijon Cedex\n- un recours hi\u00e9rarchique adress\u00e9 \u00e0 M. le Ministre de l'Int\u00e9rieur- Secr\u00e9tariat G\u00e9n\u00e9ral - Place Beauvau -75800 Paris Cedex 08\n- un recours contentieux adress\u00e9 au Tribunal Administratif de Dijon - 22 rue d'Assas - BP 61616 - 21016 Dijon Cedex\nLe tribunal administratif peut \u00eatre saisi par un recours d\u00e9pos\u00e9 via l'application T\u00e9l\u00e9recours citoyens accessible par le site  \ninternet www.t\u00e9l\u00e9recours.fr. Ce recours juridictionnel doit \u00eatre d\u00e9pos\u00e9 au plus tard avant l'expiration du 2e mois suivant la  \ndate  de  notification  de  la  d\u00e9cision  contest\u00e9e  (ou  bien  du  2e  mois  suivant  la  date  du  rejet  du  recours  gracieux  ou  \nhi\u00e9rarchique).\nPr\u00e9fecture de la C\u00f4te-d'Or - 21-2026-03-02-00004 - Arr\u00eat\u00e9 pr\u00e9fectoral N\u00b0449 autorisant les services de la gendarmerie nationale \u00e0\nutiliser un dispositif destin\u00e9 \u00e0 neutraliser un a\u00e9ronef circulant sans personne \u00e0 bord \u00e0 l'occasion de la visite officielle \ndu Ministre de l'Int\u00e9rieur le 3 mars 2026 \u00e0 Plombi\u00e8res-les-Dijon\n14","date":"2026-03-02","first_seen_on":"2026-03-02T17:17:17+00:00","id":"43485f7f08ae12ef9b98b2c52c87bac2707b9b3ef744e96ca6cfc54399a36712","name":"RAA n\u00b0 043 du 02 mars 2026","pdf_creation_date":"2026-03-02T15:49:45+00:00","pdf_modification_date":null,"timezone":"Europe/Paris","url":"https://www.cote-dor.gouv.fr/contenu/telechargement/25657/196327/file/recueil-21-2026-043-recueil-des-actes-administratifs-special.pdf"}
