{"administration":"pref70","administration_name":"Pr\u00e9fecture de Haute-Sa\u00f4ne","content":"HAUTE-SA\u00d4NE\nRECUEIL DES ACTES\nADMINISTRATIFS SP\u00c9CIAL\nN\u00b070-2025-109\nPUBLI\u00c9 LE  3 SEPTEMBRE 2025\nSommaire\nDREAL Bourgogne Franche-Comt\u00e9 /\n70-2025-09-02-00022 - D\u00e9cision portant subd\u00e9l\u00e9gation de signature\naux agents de la DREAL pour les missions\nsous autorit\u00e9 du pr\u00e9fet de\nd\u00e9partement de la Haute-Sa\u00f4ne (3 pages) Page 3\n2\nDREAL Bourgogne Franche-Comt\u00e9\n70-2025-09-02-00022\nD\u00e9cision portant subd\u00e9l\u00e9gation de signature aux\nagents de la DREAL pour les missions\nsous autorit\u00e9 du pr\u00e9fet de d\u00e9partement de la\nHaute-Sa\u00f4ne\nDREAL Bourgogne Franche-Comt\u00e9 - 70-2025-09-02-00022 - D\u00e9cision portant subd\u00e9l\u00e9gation de signature aux agents de la DREAL pour\nles missions\nsous autorit\u00e9 du pr\u00e9fet de d\u00e9partement de la Haute-Sa\u00f4ne\n3\nPREFET Direction r\u00e9gionale de l'environnement,DE LA HAUTE- de l'am\u00e9nagement et du logementSA\u00d4N E Bourgogne Franche-Comt\u00e9Libert\u00e9\u00c9galit\u00e9Fraternit\u00e9\nD\u00e9cision n\u00b0 70 - 2025 -portant subd\u00e9l\u00e9gation de signature aux agents de la DREAL pour les missionssous autorit\u00e9 du pr\u00e9fet de d\u00e9partement de la Haute-Sa\u00f4neLe Directeur r\u00e9gional de l'environnement, de l'am\u00e9nagement et du logement deBourgogne-Franche-Comt\u00e9VULe d\u00e9cret n\u00b0 2004-374 du 29 avril 2004, modifi\u00e9, relatif aux pouvoirs des pr\u00e9fets, \u00e0l'organisation et \u00e0 l'action des services de l'\u00c9tat dans les r\u00e9gions et d\u00e9partements,Le d\u00e9cret n\u00b02009-235 du 27 f\u00e9vrier 2009 relatif \u00e0 l'organisation et aux missions desdirections r\u00e9gionales de l'environnement, de l'am\u00e9nagement et du logement ;Le d\u00e9cret du 23 juillet 2025 portant nomination de Serge JACOB pr\u00e9fet de la Haute-Sa\u00f4ne;L'arr\u00eat\u00e9 minist\u00e9riel du 17 novembre 2023 nommant Olivier DAVID, directeur r\u00e9gional del'environnement, de l'am\u00e9nagement et du logement de Bourgogne-Franche-Comt\u00e9 ;L'arr\u00e9t\u00e9 minist\u00e9riel du 20 juillet 2022 nommant Virginie PUCELLE, directrice r\u00e9gionaleadjointe;L'arr\u00e9t\u00e9 minist\u00e9riel du 26 f\u00e9vrier 2024 nommant Thierry DELORME, directeur r\u00e9gionaladjoint;L'arr\u00e9t\u00e9 minist\u00e9riel du 1% juillet 2024 nommant C\u00e9cile BRENNE, directrice r\u00e9gionaleadjointe ;l'arr\u00eat\u00e9 de M. le pr\u00e9fet de R\u00e9gion n\u00b0 25-09 BAG du 14 janvier 2025 portant organisationde la DREAL Bourgogne-Franche-Comt\u00e9.L'arr\u00e9t\u00e9 de M. le pr\u00e9fet de la Haute-Sa\u00f4ne du 1 septembre 2025 portant d\u00e9l\u00e9gation designature \u00e0 Olivier DAVID.D\u00c9CIDE\nArticle 1 : Pour toutes d\u00e9cisions et tous documents dont la signature m'a \u00e9t\u00e9 d\u00e9l\u00e9gu\u00e9e parle pr\u00e9fet du d\u00e9partement de la Haute-Sa\u00f4ne par arr\u00eat\u00e9 susvis\u00e9, d\u00e9l\u00e9gation de signature estconf\u00e9r\u00e9e, selon les missions dont ils ont la charge, \u00e0:\nPR\u00c9FET\nDE LA HAUTE-\nSA\u00d4NE\nLibert\u00e9\n\u00c9galit\u00e9\nFraternit\u00e9\nDirection r\u00e9gionale de l'environnement, \nde l'am\u00e9nagement et du logement \nBourgogne Franche-Comt\u00e9\nD\u00e9cision n\u00b0 70 - 2025 - \nportant subd\u00e9l\u00e9gation de signature aux agents de la DREAL pour les missions \nsous autorit\u00e9 du pr\u00e9fet de d\u00e9partement de la Haute-Sa\u00f4ne\nLe Directeur r\u00e9gional de l'environnement, de l'am\u00e9nagement et du logement de \nBourgogne-Franche-Comt\u00e9\nVU\nLe d\u00e9cret n\u00b0 2004-374 du 29 avril 2004, modifi\u00e9, relatif aux pouvoirs des pr\u00e9fets, \u00e0 \nl'organisation et \u00e0 l'action des services de l'\u00c9tat dans les r\u00e9gions et d\u00e9partements,\nLe d\u00e9cret n\u00b02009-235 du 27 f\u00e9vrier 2009 relatif \u00e0 l'organisation et aux missions des \ndirections r\u00e9gionales de l'environnement, de l'am\u00e9nagement et du logement ;\nLe d\u00e9cret du 23 juillet 2025 portant nomination de Serge JACOB pr\u00e9fet de la Haute- \nSa\u00f4ne ;\nL'arr\u00eat\u00e9 minist\u00e9riel du 17 novembre 2023 nommant Olivier DAVID, directeur r\u00e9gional de \nl'environnement, de l'am\u00e9nagement et du logement de Bourgogne-Franche-Comt\u00e9 ;\nL'arr\u00eat\u00e9 minist\u00e9riel du 20 juillet 2022 nommant Virginie PUCELLE, directrice r\u00e9gionale \nadjointe ;\nL'arr\u00eat\u00e9 minist\u00e9riel du 26 f\u00e9vrier 2024 nommant Thierry DELORME, directeur r\u00e9gional \nadjoint ;\nL'arr\u00eat\u00e9 minist\u00e9riel du 1er juillet 2024 nommant C\u00e9cile BRENNE, directrice r\u00e9gionale \nadjointe ;\nl'arr\u00eat\u00e9 de M. le pr\u00e9fet de R\u00e9gion n\u00b0 25-09 BAG du 14 janvier 2025 portant organisation \nde la DREAL Bourgogne-Franche-Comt\u00e9.\nL'arr\u00eat\u00e9 de M. le pr\u00e9fet de la Haute-Sa\u00f4ne du 1er septembre 2025 portant d\u00e9l\u00e9gation de \nsignature \u00e0 Olivier DAVID.\nD\u00c9CIDE\nArticle 1 : Pour toutes d\u00e9cisions et tous documents dont la signature m'a \u00e9t\u00e9 d\u00e9l\u00e9gu\u00e9e par \nle pr\u00e9fet du d\u00e9partement de la Haute-Sa\u00f4ne par arr\u00eat\u00e9 susvis\u00e9, d\u00e9l\u00e9gation de signature est \nconf\u00e9r\u00e9e, selon les missions dont ils ont la charge, \u00e0:\nDREAL Bourgogne Franche-Comt\u00e9 - 70-2025-09-02-00022 - D\u00e9cision portant subd\u00e9l\u00e9gation de signature aux agents de la DREAL pour\nles missions\nsous autorit\u00e9 du pr\u00e9fet de d\u00e9partement de la Haute-Sa\u00f4ne\n4\n- Virginie PUCELLE, directrice r\u00e9gionale adjointe ;Thierry DELORME, directeur r\u00e9gional adjoint ;\u00bb C\u00e9cile BRENNE, directrice r\u00e9gionale adjointe ;\u00ab Yann DUFOUR chef de service Transports Mobilit\u00e9s, Fr\u00e9d\u00e9ric GUIBOURG et XavierCURELY chefs de service adjoints ;- Vanessa GROLLEMUND, cheffe du service Pr\u00e9vention des Risques, Sarah KASSIMI etNicolas GUERIN, chefs de services adjoints ;- Hadrien MAURIAC, chef du service Biodiversit\u00e9-eau-patrimoine, Antoine SION etJean-Yves PESEUX chefs de service adjoints ;- Muriel CHABERT, cheffe du service Transition \u00c9cologique, Oscar VINESSE et OlivierBOUJARD, chefs de service adjoints ;* Franck NASS chef de l'unit\u00e9 interd\u00e9partementale Doubs, Haute-Sa\u00f4ne et Territoirede Belfort, Yvan BARTZ et Val\u00e9rie MEYNADIER, chefs d'unit\u00e9 adjoints.Article 2 : Concernant l'activit\u00e9 relative aux permis et certificats relevant de l'applicationdu r\u00e8glement (CE) n\u00b0338/97 du 9 d\u00e9cembre 1996 modifi\u00e9, sans pr\u00e9judice des d\u00e9l\u00e9gationsconf\u00e9r\u00e9es \u00e0 l'article 1, d\u00e9l\u00e9gation de signature est donn\u00e9e \u00e0 :\u00bb Dominique ORTH, chef de d\u00e9partement- Jenny BERTHIER, cheffe de d\u00e9partement adjointe- Pierre DZIADKOWIAK, chef de d\u00e9partement adjointArticle 3: En mati\u00e8re d'installations class\u00e9es pour la protection de l'environnement, ded\u00e9chets et substances chimiques, de canalisations et d'\u00e9quipements sous pression, demines, et sans pr\u00e9judice des d\u00e9l\u00e9gations conf\u00e9r\u00e9es \u00e0 l'article 1, d\u00e9l\u00e9gation de signature estdonn\u00e9e \u00e0 :- Carole MORTAS, cheffe du d\u00e9partement risques chroniques, et Soizick GUERN,cheffe de d\u00e9partement adjointe ;* Franck MARZORATI, chef du d\u00e9partement risques accidentels, et Alain PARADIS,chef de d\u00e9partement adjoint ;- Beno\u00ef\u00eet CHESNEAU, chef du p\u00f4le interr\u00e9gional ESP, en mati\u00e8re d'\u00e9quipements souspression ;Article 4 : En mati\u00e8re de risques naturels et d'ouvrages hydrauliques, et sans pr\u00e9judice desd\u00e9l\u00e9gations conf\u00e9r\u00e9es \u00e0 l'article 1, d\u00e9l\u00e9gation de signature est donn\u00e9e \u00e0 MalikaLACHAMBRE, cheffe du d\u00e9partement risques naturels et ouvrages hydrauliques, ThomasDEVILLERS, chef de d\u00e9partement adjoint.Article 5 : Sans pr\u00e9judice des d\u00e9l\u00e9gations conf\u00e9r\u00e9es\u00e0 l'article 1, d\u00e9l\u00e9gation de signature estdonn\u00e9e Elisabeth de JESUS, cheffe du d\u00e9partement Transition \u00c9nerg\u00e9tique et St\u00e9phanieVUILLOT, son adjointe dans les mati\u00e8res suivantes :* production, transport et distribution de gaz et d'\u00e9lectricit\u00e9 ;- Utilisation de l'\u00e9nergie, certificat d'\u00e9conomie d'\u00e9nergie, consultation pr\u00e9alable enmati\u00e8re d'action de ma\u00eetrise de l'\u00e9nergie ;\u00b0 certificat ouvrant droit \u00e0 l'obligation d'achat d'\u00e9lectricit\u00e9.Article 6: En mati\u00e8re de transports (r\u00e9ception, diverses autorisations et contr\u00f4letechnique des v\u00e9hicules), sans pr\u00e9judice des d\u00e9l\u00e9gations conf\u00e9r\u00e9es \u00e0 l'article 1, d\u00e9l\u00e9gationde signature est donn\u00e9e Lionel PERRETTE chef du d\u00e9partement R\u00e9gulation des transports,\n\u2022 Virginie PUCELLE, directrice r\u00e9gionale adjointe ;\n\u2022 Thierry DELORME, directeur r\u00e9gional adjoint ;\n\u2022 C\u00e9cile BRENNE, directrice r\u00e9gionale adjointe ;\n\u2022 Yann DUFOUR chef de service Transports Mobilit\u00e9s, Fr\u00e9d\u00e9ric GUIBOURG et Xavier \nCURELY chefs de service adjoints ;\n\u2022 Vanessa GROLLEMUND, cheffe du service Pr\u00e9vention des Risques, Sarah KASSIMI et \nNicolas GUERIN, chefs de services adjoints ;\n\u2022 Hadrien MAURIAC, chef du service Biodiversit\u00e9-eau-patrimoine, Antoine SION et \nJean-Yves PESEUX chefs de service adjoints ;\n\u2022 Muriel CHABERT, cheffe du service Transition \u00c9cologique, Oscar VINESSE et Olivier \nBOUJARD, chefs de service adjoints ;\n\u2022 Franck NASS chef de l'unit\u00e9 interd\u00e9partementale Doubs, Haute-Sa\u00f4ne et Territoire \nde Belfort, Yvan BARTZ et Val\u00e9rie MEYNADIER, chefs d'unit\u00e9 adjoints.\nArticle 2 : Concernant l'activit\u00e9 relative aux permis et certificats relevant de l'application \ndu r\u00e8glement (CE) n\u00b0338/97 du 9 d\u00e9cembre 1996 modifi\u00e9, sans pr\u00e9judice des d\u00e9l\u00e9gations \nconf\u00e9r\u00e9es \u00e0 l'article 1, d\u00e9l\u00e9gation de signature est donn\u00e9e \u00e0 :\n\u2022 Dominique ORTH, chef de d\u00e9partement\n\u2022 Jenny BERTHIER, cheffe de d\u00e9partement adjointe\n\u2022 Pierre DZIADKOWIAK, chef de d\u00e9partement adjoint\nArticle 3 : En mati\u00e8re d'installations class\u00e9es pour la protection de l'environnement, de \nd\u00e9chets et substances chimiques, de canalisations et d'\u00e9quipements sous pression, de \nmines, et sans pr\u00e9judice des d\u00e9l\u00e9gations conf\u00e9r\u00e9es \u00e0 l'article 1, d\u00e9l\u00e9gation de signature est \ndonn\u00e9e \u00e0 :\n\u2022 Carole MORTAS, cheffe du d\u00e9partement risques chroniques, et Soizick GUERN, \ncheffe de d\u00e9partement adjointe ;\n\u2022 Franck MARZORATI, chef du d\u00e9partement risques accidentels, et Alain PARADIS, \nchef de d\u00e9partement adjoint ;\n\u2022 Beno\u00eet CHESNEAU, chef du p\u00f4le interr\u00e9gional ESP, en mati\u00e8re d'\u00e9quipements sous \npression ;\nArticle 4 : En mati\u00e8re de risques naturels et d'ouvrages hydrauliques, et sans pr\u00e9judice des \nd\u00e9l\u00e9gations conf\u00e9r\u00e9es \u00e0 l'article 1, d\u00e9l\u00e9gation de signature est donn\u00e9e \u00e0 Malika \nLACHAMBRE, cheffe du d\u00e9partement risques naturels et ouvrages hydrauliques, Thomas \nDEVILLERS, chef de d\u00e9partement adjoint.\nArticle 5 : Sans pr\u00e9judice des d\u00e9l\u00e9gations conf\u00e9r\u00e9es \u00e0 l'article 1, d\u00e9l\u00e9gation de signature est \ndonn\u00e9e Elisabeth de JESUS, cheffe du d\u00e9partement Transition \u00c9nerg\u00e9tique et St\u00e9phanie \nVUILLOT, son adjointe dans les mati\u00e8res suivantes :\n\u2022 production, transport et distribution de gaz et d'\u00e9lectricit\u00e9 ;\n\u2022 utilisation de l'\u00e9nergie, certificat d'\u00e9conomie d'\u00e9nergie, consultation pr\u00e9alable en \nmati\u00e8re d'action de ma\u00eetrise de l'\u00e9nergie ;\n\u2022 certificat ouvrant droit \u00e0 l'obligation d'achat d'\u00e9lectricit\u00e9.\nArticle 6 : En mati\u00e8re de transports (r\u00e9ception, diverses autorisations et contr\u00f4le \ntechnique des v\u00e9hicules), sans pr\u00e9judice des d\u00e9l\u00e9gations conf\u00e9r\u00e9es \u00e0 l'article 1, d\u00e9l\u00e9gation \nde signature est donn\u00e9e Lionel PERRETTE chef du d\u00e9partement R\u00e9gulation des transports, \nDREAL Bourgogne Franche-Comt\u00e9 - 70-2025-09-02-00022 - D\u00e9cision portant subd\u00e9l\u00e9gation de signature aux agents de la DREAL pour\nles missions\nsous autorit\u00e9 du pr\u00e9fet de d\u00e9partement de la Haute-Sa\u00f4ne\n5\nainsi qu'aux agents habilit\u00e9s selon les attributions et les domaines d'activit\u00e9s dont ils ont lacharge :< Alain AUPECLE* Eric GIROUD\u00b0 Jean-Michel GLOMBARD* Jean-Paul SEQUEIRA* J\u00e9r\u00f4me NICOLAS- Laurent LAGARDE* Ludovic HERLIN< Mathieu AMAURY* Olivier PARIGOT< Philippe GUYOT- Radouane FIKRIS\u00e9bastien RYCHTER* J\u00e9r\u00f4me BOILLON< Christophe LEBEUF\u00bb Claire ANDREArticle 7 : Lorsqu'ils effectuent une p\u00e9riode d'astreinte, ont subd\u00e9l\u00e9gation pour signer lesactes urgents n\u00e9cessaires \u00e0 la gestion d'un accident ou incident les personnes :e AnneLEFRANC e Oc\u00e9ane LACHAUSSEEe Antoine SION - Olivier BOUJARDe C\u00e9cile BRENNE e Oscar VINESSE\u00bb Dominique VANDERSPEETEN \u00ab Pierre CHRISMENT* Emmanuel DIVERS e Quentin CHABERNAUDe Franck NASS e Sarah KASSIMIe Fr\u00e9d\u00e9ric GUIBOURG : e Thierry DELORMEe Hadrien MAURIAC e Vanessa GROLLEMUND* Jean-Yves PESEUX e Virginie PUCELLE\u00b0 J\u00e9r\u00f4me VOULAND e Xavier BERTUITe Muriel CHABERT e Xavier CURELY* Naima ATILLAH e Yann DUFOURe Nicolas GUERINArticle 8: Cette d\u00e9cision sera notifi\u00e9e \u00e0 M. le pr\u00e9fet de Haute-Sa\u00f4ne au directeurd\u00e9partemental des finances publiques de Haute-Sa\u00f4ne ainsi qu'aux agents ci-dessusd\u00e9sign\u00e9s, et sera publi\u00e9e au recueil des actes administratifs de la pr\u00e9fecture de Haute-Sa\u00f4ne.Article 9: Toute d\u00e9l\u00e9gation ant\u00e9rieure \u00e0 la pr\u00e9sente d\u00e9cision et toutes dispositionscontraires \u00e0 celle-ci sont abrog\u00e9es.Fait \u00e0 Besan\u00e7on, le \u00dc:} SEP 2025Le directeur r\u00e9gional de I'environnement,de I'am\u00e9nagement et du logementgp -; \"\nfOlivier\u00ff/\n//\nainsi qu'aux agents habilit\u00e9s selon les attributions et les domaines d'activit\u00e9s dont ils ont la \ncharge :\n\u2022 Alain AUPECLE\n\u2022 EricGIROUD\n\u2022 Jean-Michel GLOMBARD\n\u2022 Jean-Paul SEQUEIRA\n\u2022 J\u00e9r\u00f4me NICOLAS\n\u2022 Laurent LAGARDE\n\u2022 Ludovic HERLIN\n\u2022 Mathieu AMAURY\n\u2022 Olivier PARIGOT\n\u2022 Philippe GUYOT\n\u2022 Radouane FIKRI\n\u2022 S\u00e9bastien RYCHTER\n\u2022 J\u00e9r\u00f4me BOILLON\n\u2022 Christophe LEBEUF\n\u2022 Claire ANDRE\nArticle 7 : Lorsqu'ils effectuent une p\u00e9riode d'astreinte, ont subd\u00e9l\u00e9gation pour signer les \nactes urgents n\u00e9cessaires \u00e0 la gestion d'un accident ou incident les personnes :\n\u2022 Anne LEFRANC\n\u2022 Antoine SION\n\u2022 C\u00e9cile BRENNE\n\u2022 Dominique VANDERSPEETEN\n\u2022 Emmanuel DIVERS\n\u2022 Franck NASS\n\u2022 Fr\u00e9d\u00e9ric GUIBOURG\n\u2022 Hadrien MAURIAC\n\u2022 Jean-Yves PESEUX\n\u2022 J\u00e9r\u00f4me VOULAND\n\u2022 Muriel CHABERT\n\u2022 Na\u00efma ATILLAH\n\u2022 Nicolas GU\u00c9RIN\nOc\u00e9ane LACHAUSSEE\nOlivier BOUJARD\nOscar VINESSE\nPierre CHRISMENT\nQuentin CHABERNAUD\nSarah KASSIMI\nThierry DELORME\nVanessa GROLLEMUND\nVirginie PUCELLE\nXavier BERTUIT\nXavier CURELY\nYann DUFOUR\nArticle 8 : Cette d\u00e9cision sera notifi\u00e9e \u00e0 M. le pr\u00e9fet de Haute-Sa\u00f4ne au directeur \nd\u00e9partemental des finances publiques de Haute-Sa\u00f4ne ainsi qu'aux agents ci-dessus \nd\u00e9sign\u00e9s, et sera publi\u00e9e au recueil des actes administratifs de la pr\u00e9fecture de Haute- \nSa\u00f4ne.\nArticle 9 : Toute d\u00e9l\u00e9gation ant\u00e9rieure \u00e0 la pr\u00e9sente d\u00e9cision et toutes dispositions \ncontraires \u00e0 celle-ci sont abrog\u00e9es.\nFait \u00e0 Besan\u00e7on, le 02 SEP. 2025\nLe directeur r\u00e9gional de l'environnement, \nde l'am\u00e9nagement et du logement\nOlivier DA'\nDREAL Bourgogne Franche-Comt\u00e9 - 70-2025-09-02-00022 - D\u00e9cision portant subd\u00e9l\u00e9gation de signature aux agents de la DREAL pour\nles missions\nsous autorit\u00e9 du pr\u00e9fet de d\u00e9partement de la Haute-Sa\u00f4ne\n6","date":"2025-09-03","first_seen_on":"2025-09-13T22:45:20+00:00","id":"442dbae93ac57353309ce4124bc43ba9ebe4674442c69ec5a9217a3651408944","name":"RAA 70-2025-109 Sp\u00e9cial","pdf_creation_date":"2025-09-03T14:57:45+00:00","pdf_modification_date":null,"timezone":"Europe/Paris","url":"https://www.haute-saone.gouv.fr/contenu/telechargement/45816/365800/file/RAA%2070-2025-109%20Sp%C3%A9cial%20.pdf"}
