{"administration":"pref01","administration_name":"Pr\u00e9fecture de l\u2019Ain","content":"AIN\nRECUEIL DES ACTES\nADMINISTRATIFS SP\u00c9CIAL\n(NOMINATIFS)\nN\u00b001-2026-119\nPUBLI\u00c9 LE 10 AVRIL 2026\nSommaire\n01_Pref_Pr\u00e9fecture de l'Ain /\n01-2026-04-09-00003 - 20260409 Arr\u00eat\u00e9fixantCTS-2 (1 page) Page 3\n2\n01_Pref_Pr\u00e9fecture de l'Ain\n01-2026-04-09-00003\n20260409 Arr\u00eat\u00e9fixantCTS-2\n01_Pref_Pr\u00e9fecture de l'Ain - 01-2026-04-09-00003 - 20260409 Arr\u00eat\u00e9fixantCTS-2 3\nET i DIRECTION DE LA CITOYENNETE ET DEL'INTEGRATIONPREFET Bureau de l'accueil et du s\u00e9jour des \u00e9trangersDE L'AINLibert\u00e9\u00c9galit\u00e9Fraternit\u00e9\nArr\u00eat\u00e9 pr\u00e9fectoral portant composition de la commission du titre de s\u00e9jour du d\u00e9partement de l'AinLe Pr\u00e9fet de l'AinVu le code de l'entr\u00e9e et du s\u00e9jour des \u00e9trangers et du droit d'asile et notamment ses articles L.432-13 \u00e0L.432-15 et R.432-6 \u00e0 R.432-14 ;Vu la d\u00e9cision du 9 avril 2026 du pr\u00e9sident de l'association d\u00e9partementale des Maires et desPr\u00e9sidents d'Intercommunalit\u00e9 de l'Ain d\u00e9signant les \u00e9lus si\u00e9geant \u00e0 la commission du titre de s\u00e9jourpour la mandature 2026-2032 ;Sur proposition de Madame la secr\u00e9taire g\u00e9n\u00e9rale de la pr\u00e9fecture de l'Ain;ARRETE- Article 1: Il est institu\u00e9 dans le d\u00e9partement de l'Ain une commission du titre de s\u00e9jour ;Article 2 : La commission d\u00e9partementale du titre de s\u00e9jour du d\u00e9partement de l'Ain est compos\u00e9ecomme suit :Maires :* Madame V\u00e9ronique RAVET, Maire de Bellignat en qualit\u00e9 de titulaire ;* Monsieur Philippe BELAIR, Maire de Montluel, en qualit\u00e9 de suppl\u00e9ant.Personnalit\u00e9s qualifi\u00e9es :+ Monsieur Romuald BOKASSA, commandant de police, direction d\u00e9partementale de lapolice nationale en qualit\u00e9 de titulaire ;* Monsieur Thierry PILLOT, commandant de police, direction d\u00e9partementale de la policenationale de l'Ain en qualit\u00e9 de suppl\u00e9ant ;* Madame Annie VINCENT, responsable de service, direction d\u00e9partementale de l'emploi,du travail et des solidarit\u00e9s de l'Ain, en qualit\u00e9 de titulaire;* Monsieur Aubin OBERGFELL, charg\u00e9e de mission, direction d\u00e9partementale de l'emploi,du travail et des solidarit\u00e9s de l'Ain, en qualit\u00e9 de suppl\u00e9ante.\nArticle 3: La pr\u00e9sidence de la commission est assur\u00e9e par Monsieur Romuald BOKASSA et en casd'absence ou d'emp\u00e9chement par Monsieur Thierry PILLOT.Article 4: L'arr\u00eat\u00e9 du 04 juillet 2025 portant composition de la commission du titre de s\u00e9jour dud\u00e9partement de l'Ain est abrog\u00e9.Article 5 : La secr\u00e9taire g\u00e9n\u00e9rale de la pr\u00e9fecture de l'Ain est charg\u00e9e de l'ex\u00e9cutiondu pr\u00e9sent arr\u00eat\u00e9qui sera publi\u00e9 au recueil des actes administratifs du d\u00e9partement de l'Ain.Fait \u00e0 Bourg-en-RENE avril 2026pus--pr\u00e9f\u00e9te, secr\u00e9taire g\u00e9n\u00e9rale\nVirginie GUERIN-ROBINET\nLe pres\n01_Pref_Pr\u00e9fecture de l'Ain - 01-2026-04-09-00003 - 20260409 Arr\u00eat\u00e9fixantCTS-2 4","date":"2026-04-10","first_seen_on":"2026-04-10T14:05:07+00:00","id":"443d19f7531ab6ed09c9dc7d4bfa37fe4150a09795fb67920519ca7e5f2260df","name":"recueil-01-2026-119-recueil-des-actes-administratifs-nominatif 10-04-2026","pdf_creation_date":"2026-04-10T12:45:23+00:00","pdf_modification_date":null,"timezone":"Europe/Paris","url":"https://www.ain.gouv.fr/contenu/telechargement/35458/247532/file/recueil-01-2026-119-recueil-des-actes-administratifs-nominatif%2010-04-2026%20.pdf"}
