{"administration":"prefidf","administration_name":"Pr\u00e9fecture de la r\u00e9gion \u00cele-de-France","content":"PREFECTURE\nREGION ILE DE\nFRANCE\nRECUEIL DES ACTES\nADMINISTRATIFS SP\u00c9CIAL\n(NOMINATIFS)\nN\u00b0IDF-002-2025-10\nPUBLI\u00c9 LE  1 OCTOBRE 2025\nSommaire\nAgence R\u00e9gionale de Sant\u00e9 / Agence r\u00e9gionale de sant\u00e9\nd'Ile-de-France-Cellule officines de pharmacie\nIDF-2025-09-30-00011 - Arr\u00eat\u00e9 n \u00b0DOS/EFF/OFF/2025/93 portant\nautorisation de transfert d'une officine de pharmacie (3 pages) Page 3\nIDF-2025-09-30-00012 - Arr\u00eat\u00e9 n\u00b0DOS/EFF/OFF/2025/98 portant\nmodification de l'arr\u00eat\u00e9 N\u00b0 DOS/EFF/OFF/2025/59 portant\nautorisation de transfert d'une officine de pharmacie\n (2 pages) Page 7\nAgence R\u00e9gionale de Sant\u00e9 / Agence r\u00e9gionale de sant\u00e9\nd'Ile-de-France-Direction de la sant\u00e9\nIDF-2025-09-16-00007 - Arr\u00eat\u00e9 2025-09-DSP-35917\nportant autorisation\nd'extension de 5 places d'Appartements de\nCoordination\nTh\u00e9rapeutique Hors les Murs (ACT HLM) \u00ab Maison des\nchamps \u00bb g\u00e9r\u00e9s par la Fondation Maison des Champs (3 pages) Page 10\n2\nAgence R\u00e9gionale de Sant\u00e9\nIDF-2025-09-30-00011\nArr\u00eat\u00e9 n \u00b0DOS/EFF/OFF/2025/93 portant\nautorisation de transfert d'une officine de\npharmacie\nAgence R\u00e9gionale de Sant\u00e9 - IDF-2025-09-30-00011 - Arr\u00eat\u00e9 n \u00b0DOS/EFF/OFF/2025/93 portant autorisation de transfert d'une officine\nde pharmacie 3\nREPUBLIQUEFRANCAISELibert\u00e9Egalit\u00e9Fraternit\u00e9 @ D Agence R\u00e9gionale de Sant\u00e9\u00cele-de-France\n \n \n \nAGENCE R\u00c9GIONALE DE SANT\u00c9 \u00ceLE-DE-FRANCE \nARR\u00caT\u00c9 N\u00b0 DOS/EFF/OFF/2025/93 \nportant autorisation de transfert d'une officine de pharmacie \n \nLE DIRECTEUR G\u00c9N\u00c9RAL DE L'AGENCE R\u00c9GIONALE DE SANT\u00c9 \u00ceLE-DE-FRANCE \n \n \nVU le code de la sant\u00e9 publique et notamment ses articles L. 5125-3 et suivants et R. 5125-1  \net suivants ; \n \nVU l'ordonnance n\u00b0 2018 -3 du 3 janvier 2018 relative \u00e0 l'adaptation des conditions de cr\u00e9ation, \ntransfert, regroupement et cession des officines de pharmacie ; \n \nVU le d\u00e9cret n\u00b0 2018-671 du 30 juillet 2018 pris en application de l'article L. 5125 -3, 1\u00b0 du code de \nla sant\u00e9 publique d\u00e9finissant les conditions de transport pour l'acc\u00e8s \u00e0 une officine en vue de \ncaract\u00e9riser un approvisionnement en m\u00e9dicament compromis pour la population ; \n \nVU l'arr\u00eat\u00e9 minist\u00e9riel du 30 juillet 2018 fixant la liste des pi\u00e8ces justificatives accompagnant toute \ndemande de cr\u00e9ation, de transfert ou de regroupement d'officines de pharmacie  ; \n \nVU le d\u00e9cret du 10 avril 2024 portant nomination de Monsieur Denis ROBIN, Directeur g\u00e9n\u00e9ral de \nl'Agence r\u00e9gionale de sant\u00e9 \u00cele-de-France, \u00e0 compter du 29 avril 2024 ; \n \nVU l'arr\u00eat\u00e9 n\u00b0 DS 034/2024 du 29 avril 2024, publi\u00e9 le 30 avril 2024, portant d\u00e9l\u00e9gation de signature \ndu Directeur g\u00e9n\u00e9ral de l'Agence r\u00e9gionale de sant\u00e9 \u00cele -de-France \u00e0 \nMonsieur Arnaud CORVAISIER, Directeur de l'offre de soins et \u00e0 plusieurs de ses \ncollaborateurs ;  \n \nVU l'arr\u00eat\u00e9 du 28 janvier 1943 portant octroi de la licence n\u00b092#002314 \u00e0 l'officine de pharmacie \nsise 16 rue Pierre Brossolette \u00e0 Colombes (92700) ; \n \nVU la demande enregistr\u00e9e le 17 juin 2025, pr\u00e9sent\u00e9e par Madame G\u00e9raldine DELIEUZE, \npharmacien titulaire et repr\u00e9sentant de la SELAS PHARMACIE DE LA PETITE GARENNE \u00e0 \nColombes (92700) en vue du transfert de cette officine vers le 12 boulevard Charles de Gaulle \n\u00e0 Colombes (92700) ; \n \nVU l'avis sur la conformit\u00e9 du local propos\u00e9 aux conditions minimales d'installation rendu le  \n12 septembre  2025 par le D\u00e9partement Qualit\u00e9 S\u00e9curit\u00e9 Pharmacie M \u00e9dicament Biologie de \nl'Agence r\u00e9gionale de sant\u00e9 d'Ile-de-France ; \n \nVU l'avis r\u00e9put\u00e9 rendu du repr\u00e9sentant de l'Union des Syndicats de Pharmaciens d' Officine pour la \nr\u00e9gion Ile-de-France ; \n \nVU l'avis r\u00e9put\u00e9 rendu du repr\u00e9sentant de la F\u00e9d\u00e9ration des Syndicats Pharmaceutiques de France \npour la r\u00e9gion Ile-de-France ; \n \nVU l'avis du Conseil R\u00e9gional de l'Ordre des Pharmac iens d'Ile -de-France en date du                                \n8 septembre 2025 ; \nAgence R\u00e9gionale de Sant\u00e9 - IDF-2025-09-30-00011 - Arr\u00eat\u00e9 n \u00b0DOS/EFF/OFF/2025/93 portant autorisation de transfert d'une officine\nde pharmacie 4\n \n \n \n \n \n \n \n \n \n \nCONSID\u00c9RANT \n \n \n \n \nque le d\u00e9placement envisag\u00e9 se fera \u00e0 350 m\u00e8tres de l'emplacement actuel de \nl'officine, dans le m\u00eame quartier d\u00e9limit\u00e9 au nord par la rue des Gros Gr\u00e8s et \u00e0 l'est \npar la rue du Commerce, la rue Pierre Deloron et le Square M\u00e9d\u00e9ric, au sud par la \nvoie ferr\u00e9e et \u00e0 l'ouest par la route d\u00e9partementale D992 ( Le Boulevard Charles de \nGaulle) ; \n  \nCONSID\u00c9RANT que le transfert n'aura pas pour effet de compromettre l'approvisionnement \nn\u00e9cessaire en m\u00e9dicaments de la population r\u00e9sidente du quartier d'origine ; \n  \n \nCONSID\u00c9RANT \n \nque l'acc\u00e8s \u00e0 la nouvelle officine sera ais\u00e9 par sa visibilit\u00e9, par des am\u00e9nagements \npi\u00e9tonniers et des stationnements ; \n \nCONSID\u00c9RANT que le local propos\u00e9, qui est situ\u00e9 dans un lieu garantissant un acc\u00e8s permanent du \npublic \u00e0 la pharmacie, est conforme aux conditions minimales d'installation et remplit \nles conditions d'accessibilit\u00e9 ; \n \nCONSID\u00c9RANT que le transfert envisag\u00e9 permet de r\u00e9pondre de fa\u00e7on optimale aux besoins en \nm\u00e9dicaments de la population r\u00e9sidente du quartier d'accueil de l'officine ; \n \n \nARR\u00caTE \n \n \n \n \nARTICLE 1er : Madame G\u00e9raldine DELIEUZE , pharmacien titulaire et repr\u00e9sentant de la SELAS \nPHARMACIE DE LA PETITE GARENNE , est autoris\u00e9e \u00e0 transf\u00e9rer  l'officine de \npharmacie dont elle est titulaire du 16 rue Pierre Brossolette \u00e0 Colombes (92700) vers \nle 12 boulevard Charles de Gaulle \u00e0 Colombes (92700). \n \nARTICLE 2e : La licence n\u00b0 92#002398 est octroy\u00e9e \u00e0 l'officine au 12 boulevard Charles de Gaulle \u00e0 \nColombes (92700). \n \nCette licence ne pourra \u00eatre c\u00e9d\u00e9e ind\u00e9pendamment du fonds de commerce auquel \nelle se rapporte. \n \nARTICLE 3e : La licence n\u00b0 92#002314 devra \u00eatre restitu\u00e9e \u00e0 l'Agence r\u00e9gionale de sant\u00e9 \nd'Ile-de-France avant l'ouverture au public de la nouvelle officine. \n \nARTICLE 4e : Conform\u00e9ment aux dispositions de l'article L. 5125-19 du code de la sant\u00e9 publique, la \npr\u00e9sente autorisation de transfert ne prendra effet qu'\u00e0 l'issue d'un d\u00e9lai de trois mois \n\u00e0 compter de la notification de l'arr\u00eat\u00e9 d'autorisation au pharmacien demandeur.  \n \nARTICLE 5e : Sauf cas de force majeure constat\u00e9 par le Directeur  g\u00e9n\u00e9ral de l'Agence r\u00e9gionale de \nsant\u00e9 Ile -de-France, l'officine ainsi transf\u00e9r\u00e9e devra \u00eatre effectivement ouverte au \npublic au plus tard \u00e0 l'issue d'un d\u00e9lai de deux ans \u00e0 compter de la notification du \npr\u00e9sent arr\u00eat\u00e9. \nARTICLE 6e : Un recours contentieux contre le pr\u00e9sent arr\u00eat\u00e9 peut \u00eatre form\u00e9 aupr\u00e8s du Tribunal \nadministratif comp\u00e9tent. Le d\u00e9lai de recours est de deux mois \u00e0 compter de la \nnotification de l'arr\u00eat\u00e9 pour les int\u00e9ress\u00e9s ou de sa publication pour les tiers.  \n \nAgence R\u00e9gionale de Sant\u00e9 - IDF-2025-09-30-00011 - Arr\u00eat\u00e9 n \u00b0DOS/EFF/OFF/2025/93 portant autorisation de transfert d'une officine\nde pharmacie 5\n \n \n \n \n \n \n \nARTICLE 7e : Le Directeur g\u00e9n\u00e9ral de l'Agence r\u00e9gionale de sant\u00e9  Ile-de-France est charg\u00e9 de \nl'ex\u00e9cution du pr\u00e9sent arr\u00eat\u00e9 qui sera publi\u00e9 au recueil des actes administratifs de la \npr\u00e9fecture de la r\u00e9gion Ile-de-France. \n \n \n          Fait \u00e0 Saint-Denis, le 30 septembre 2025 \n \nLe Directeur g\u00e9n\u00e9ral \nde l'Agence r\u00e9gionale de sant\u00e9 \n\u00cele-de-France \n \nPar d\u00e9l\u00e9gation, \nLe directeur du P\u00f4le Efficience \n  \nSIGN\u00c9 \n    \n    \n    \nFabien P\u00c9RUS \n \n     \n \n    \n  \n   \n \n \n \n \n \n \n \n \n \n \n \n \n \n \n \n \n \n \n \n \n \n \n \n \n \n \n \n \nAgence R\u00e9gionale de Sant\u00e9 - IDF-2025-09-30-00011 - Arr\u00eat\u00e9 n \u00b0DOS/EFF/OFF/2025/93 portant autorisation de transfert d'une officine\nde pharmacie 6\nAgence R\u00e9gionale de Sant\u00e9\nIDF-2025-09-30-00012\nArr\u00eat\u00e9 n\u00b0DOS/EFF/OFF/2025/98 portant\nmodification de l'arr\u00eat\u00e9 N\u00b0\nDOS/EFF/OFF/2025/59 portant autorisation de\ntransfert d'une officine de pharmacie\nAgence R\u00e9gionale de Sant\u00e9 - IDF-2025-09-30-00012 - Arr\u00eat\u00e9 n\u00b0DOS/EFF/OFF/2025/98 portant modification de l'arr\u00eat\u00e9 N\u00b0\nDOS/EFF/OFF/2025/59 portant autorisation de transfert d'une officine de pharmacie 7\nREPUBLIQUEFRANCAISELibert\u00e9Egalit\u00e9Fraternit\u00e9\ne \u00bb Agence R\u00e9gionale de Sant\u00e9Ile-de-France\n \n \n \nAGENCE R\u00c9GIONALE DE SANT\u00c9 \u00ceLE-DE-FRANCE \nARR\u00caT\u00c9 N\u00b0 DOS/EFF/OFF/2025/98 \nportant modification de l'arr\u00eat\u00e9 N\u00b0 DOS/EFF/OFF/2025/59 \nportant autorisation de transfert d'une officine de pharmacie \n \n \nLE DIRECTEUR G\u00c9N\u00c9RAL DE L'AGENCE R\u00c9GIONALE DE SANT\u00c9 \u00ceLE-DE-FRANCE \n \n \nVU le d\u00e9cret du 10 avril 2024 portant nomination de Monsieur Denis ROBIN, Directeur g\u00e9n\u00e9ral de \nl'Agence r\u00e9gionale de sant\u00e9 \u00cele-de-France, \u00e0 compter du 29 avril 2024 ; \n \nVU l'arr\u00eat\u00e9 n\u00b0 DS 034/2024 du 29 avril 2024, publi\u00e9 le 30 avril 2024, portant d\u00e9l\u00e9gation de signature \ndu Directeur g\u00e9n\u00e9ral de l'Agence r\u00e9gionale de sant\u00e9 \u00cele -de-France \u00e0 \nMonsieur Arnaud CORVAISIER, Directeur de l'offre de soins et \u00e0 plusieurs de ses \ncollaborateurs ;  \n \nVU l'arr\u00eat\u00e9 N\u00b0DOS/EFF/OFF/2025/59 en date du 15 mai 2025  portant autorisation de transfert \nd'une officine de pharmacie ; \n \nVU la demande en date du 22 septembre 2025 par laquelle Monsieur Laurent BICHEREL sollicite la \nmodification du num\u00e9ro 10 place Gergovie \u00e0 CORMEILLES-EN-PARIS (95240) ; \n \n \nCONSIDERANT que l'arr\u00eat\u00e9 DOS/EFF/OFF/2025/59 en date du 15 mai 2025  portant autorisation de \ntransfert d'une officine de pharmacie est entach\u00e9 d'une erreur mat\u00e9rielle qu'il convient \nde rectifier ; \n \nCONSIDERANT que les conditions d'ex ploitation de l'officine dont est titulaire Madame Josiane \nPADOVANI sont pour le reste inchang\u00e9es ; \n  \n \nARR\u00caTE \n \n \nARTICLE 1er : \n \n \nl'arr\u00eat\u00e9 DOS/EFF/OFF/202 5/59 en date du 15 mai 2025  portant autorisation de \ntransfert d'une officine de pharmacie est modifi\u00e9 comme suit, \n \n \nLes termes :  \n \n\u00ab 10 place Gergovie \u00e0 CORMEILLES-EN-PARIS (95240) \u00bb \n \nsont remplac\u00e9s par les termes : \n \n\u00ab 12 place Gergovie \u00e0 CORMEILLES-EN-PARIS (95240) \u00bb \n \n \nLe reste sans changement. \n \nAgence R\u00e9gionale de Sant\u00e9 - IDF-2025-09-30-00012 - Arr\u00eat\u00e9 n\u00b0DOS/EFF/OFF/2025/98 portant modification de l'arr\u00eat\u00e9 N\u00b0\nDOS/EFF/OFF/2025/59 portant autorisation de transfert d'une officine de pharmacie 8\n \n \nARTICLE 2e : Un recours contentieux contre le pr\u00e9sent ar r\u00eat\u00e9 peut \u00eatre form\u00e9 aupr\u00e8s du t ribunal \nadministratif comp\u00e9tent. Le d\u00e9lai de recours est de deux mois \u00e0 compter de la \nnotification de l'arr\u00eat\u00e9 pour les int\u00e9ress\u00e9s ou de sa publication pour les tiers. \n \nARTICLE 3e : Le Directeur g\u00e9n\u00e9ral de l'Agence r\u00e9gionale de sant\u00e9 \u00cele-de-France est charg\u00e9 de \nl'ex\u00e9cution du pr\u00e9sent arr\u00eat\u00e9 qui sera publi\u00e9 au recueil des actes administratifs de \nla pr\u00e9fecture de la r\u00e9gion Ile-de-France. \n        \n \n \n                                                                                                     Fait \u00e0 Saint-Denis, le 30 septembre 2025 \n \n \nPour le Directeur g\u00e9n\u00e9ral \nde l'Agence r\u00e9gionale de sant\u00e9  \n\u00cele-de-France \n \nEt par d\u00e9l\u00e9gation, \nLe Directeur du P\u00f4le Efficience \n \nSIGN\u00c9 \n     \n       \nFabien P\u00c9RUS \n \n \n \n     \n       \n \n \n \n \n \n \n \n \n \n \n \n \n \nAgence R\u00e9gionale de Sant\u00e9 - IDF-2025-09-30-00012 - Arr\u00eat\u00e9 n\u00b0DOS/EFF/OFF/2025/98 portant modification de l'arr\u00eat\u00e9 N\u00b0\nDOS/EFF/OFF/2025/59 portant autorisation de transfert d'une officine de pharmacie 9\nAgence R\u00e9gionale de Sant\u00e9\nIDF-2025-09-16-00007\nArr\u00eat\u00e9 2025-09-DSP-35917\nportant autorisation d'extension de 5 places\nd'Appartements de Coordination\nTh\u00e9rapeutique Hors les Murs (ACT HLM) \u00ab Maison\ndes champs \u00bb g\u00e9r\u00e9s par la Fondation Maison des\nChamps\nAgence R\u00e9gionale de Sant\u00e9 - IDF-2025-09-16-00007 - Arr\u00eat\u00e9 2025-09-DSP-35917\nportant autorisation d'extension de 5 places d'Appartements de Coordination\nTh\u00e9rapeutique Hors les Murs (ACT HLM) \u00ab Maison des champs \u00bb g\u00e9r\u00e9s par la Fondation Maison des Champs\n10\nREPUBLIQUEFRANCAISELibert\u00e9Egalit\u00e9Fraternit\u00e9\n4@ D Agence R\u00e9gionale de Sant\u00e9Ile-de-France\n \n \n \n \n \n \n \nAGENCE R\u00c9GIONALE DE SANT\u00c9 \u00ceLE-DE-FRANCE \nARR\u00caT\u00c9 N\u00b02025-09-DSP-35917 \nportant autorisation d'extension de 5 places d'Appartements de Coordination \nTh\u00e9rapeutique Hors les Murs (ACT HLM) \u00ab Maison des champs \u00bb \ng\u00e9r\u00e9s par la Fondation Maison des Champs \n \n \n \nLE DIRECTEUR G\u00c9N\u00c9RAL DE L'AGENCE R\u00c9GIONALE DE SANT\u00c9 D'\u00ceLE-DE-FRANCE \n \n \nVU le code de l'action sociale et des familles et notamment les articles L. 312-1,9\u00b0, L. 313-1 et \nsuivants, L. 314-3 et suivants ; \nVU le code de la sant\u00e9 publique ; \nVU le code de la s\u00e9curit\u00e9 sociale ; \nVU le code de justice administrative et notamment son article R. 312-1 ; \nVU le d\u00e9cret du 10 avril 2024  portant nomination de Monsieur Denis ROBIN en qualit\u00e9 de Directeur \ng\u00e9n\u00e9ral de l'Agence r\u00e9gionale de sant\u00e9 d'\u00cele-de-France \u00e0 compter du 29 avril 2024 ; \nVU l'arr\u00eat\u00e9 pr\u00e9fectoral n\u00b02003-1336 du 10 juillet 2003 portant transformation des Appartements de \nCoordination Th\u00e9rapeutique (ACT) g\u00e9r\u00e9s par l'association ALTERNATHIV en un \u00e9tablissement \nm\u00e9dico-social ; \n \nVU l'arr\u00eat\u00e9 pr\u00e9fectoral n\u00b02007-2927 du 24 juillet 2007 portant autorisation du transfert de gestion \ndes 19 places d'h\u00e9bergement en appartements de coordination th\u00e9rapeutique de l'association \nALTERNATHIV \u00e0 la Fondation Maison des Champs ; \n \nVU l'arr\u00eat\u00e9 n\u00b02009-983 du 19 mars 2009 portant autorisation d'extension de 6 places des \nappartements de coordination th\u00e9rapeutique (ACT) \u00ab Relais Val-de-Marne \u00bb g\u00e9r\u00e9s par la \nFondation Maison des Champs portant la capacit\u00e9 totale \u00e0 25 places ; \n \nVU l'arr\u00eat\u00e9 n\u00b02010-4024 du 23 f\u00e9vrier 2010 portant autorisation d'extension de 6 places des \nappartements de coordination th\u00e9rapeutique (ACT) situ\u00e9s dans le Val-de-Marne g\u00e9r\u00e9s par  la \nFondation Maison des Champs de St Fran\u00e7ois d'Assise portant la capacit\u00e9 totale \u00e0 31 places \n; \n \nVU l'arr\u00eat\u00e9 DGARS n\u00b02014-20 du 11 f\u00e9vrier 2014 portant autorisation d'extension d'une place des \nappartements de coordination th\u00e9rapeutique (ACT) \u00ab Relais Val-de-Marne \u00bb g\u00e9r\u00e9s par la \nFondation Maison des Champs portant la capacit\u00e9 totale \u00e0 32 places ; \n \nVU l'arr\u00eat\u00e9 DGARS n\u00b02015-364 du 15 d\u00e9cembre 2015 portant autorisation d'extension d'une place \ndes appartements de coordination th\u00e9rapeutique (ACT) \u00ab Relais Val-de-Marne \u00bb g\u00e9r\u00e9s par la \nFondation Maison des Champs portant la capacit\u00e9 totale \u00e0 33 places ; \n \nVU l'arr\u00eat\u00e9 DGARS n\u00b02021-29 du 30 mars 2021 portant autorisation d'extension de 7 places des \nappartements de coordination th\u00e9rapeutique (ACT) avec h\u00e9bergement \u00ab Maison des \nChamps \u00bb g\u00e9r\u00e9s par la Fondation Maison des Champs portant la capacit\u00e9 totale \u00e0 40 places ; \n \nAgence R\u00e9gionale de Sant\u00e9 - IDF-2025-09-16-00007 - Arr\u00eat\u00e9 2025-09-DSP-35917\nportant autorisation d'extension de 5 places d'Appartements de Coordination\nTh\u00e9rapeutique Hors les Murs (ACT HLM) \u00ab Maison des champs \u00bb g\u00e9r\u00e9s par la Fondation Maison des Champs\n11\n2 \n \nVU l'arr\u00eat\u00e9 DGARS n\u00b02021-156 du 22 novembre 2021 portant autorisation d'extension de 10 \nplaces des appartements de coordination th\u00e9rapeutique Hors les murs (ACT HLM) \u00ab Maison \ndes Champs \u00bb g\u00e9r\u00e9s par la Fondation Maison des Champs portant la capacit\u00e9 totale \u00e0 50 \nplaces ; \n \nVU l'arr\u00eat\u00e9 DGARS n\u00b02022-203 du 09 d\u00e9cembre 2022 portant autorisation d'extension de 4 places \ndes appartements de coordination th\u00e9rapeutique (ACT) avec h\u00e9bergement \u00ab Maison des \nChamps \u00bb g\u00e9r\u00e9s par la Fondation Maison des Champs portant la capacit\u00e9 totale \u00e0 54 places ; \n \nVU l'arr\u00eat\u00e9 DGARS n\u00b02023-301 du 27 novembre 2023 portant autorisation d'extension de 5 \nplaces des appartements de coordination th\u00e9rapeutique Hors les murs (ACT HLM) \u00ab Maison \ndes Champs \u00bb g\u00e9r\u00e9s par la Fondation Maison des Champs portant la capacit\u00e9 totale \u00e0 59 \nplaces ; \n \nVU l'arr\u00eat\u00e9 DGARS n\u00b02024-39 du 13 novembre 2024 portant autorisation d'extension de 3 places \ndes appartements de coordination th\u00e9rapeutique Hors les murs (ACT HLM) \u00ab Maison des \nChamps \u00bb g\u00e9r\u00e9s par la Fondation Maison des Champs portant la capacit\u00e9 totale \u00e0 62 places ; \n \nVU l'arr\u00eat\u00e9 du 04 ao\u00fbt 2025 fixant les dotations r\u00e9gionales de d\u00e9penses m\u00e9dico-sociales des \n\u00e9tablissements et services m\u00e9dico-sociaux publics et priv\u00e9s mentionn\u00e9s \u00e0 l'article L. 314-3-3 \ndu code de l'action sociale et des familles ; \n \nVU l'instruction interminist\u00e9rielle N\u00b0DGCS/SD5B/SD1B/DSS/SD1A/DGS/SP2/SP3/2025/71 du 7 \nao\u00fbt 2025  relative \u00e0 la campagne budg\u00e9taire pour l'ann\u00e9e 2025 des \u00e9tablissements et services \nm\u00e9dico-sociaux accueillant des personnes confront\u00e9es \u00e0 des difficult\u00e9s sp\u00e9cifiques : \nappartements de coordination th\u00e9rapeutique (ACT), lits halte soins sant\u00e9 (LHSS), centres \nd'accueil et d'accompagnement \u00e0 la r\u00e9duction des risques pour les usagers de drogues \n(CAARUD), centres de soins, d'accompagnement et de pr\u00e9vention en addictologie (CSAPA), \nlits d'accueil m\u00e9dicalis\u00e9 (LAM), et \u00ab Un chez-soi d'abord \u00bb (publication BO du 07/08/2025) ; \n \nVU le rapport d'Orientation Budg\u00e9taire du 13 ao\u00fbt 2025 des \u00e9tablissements et services accueillant \ndes personnes confront\u00e9es \u00e0 des difficult\u00e9s sp\u00e9cifiques (ESMS PDS) et financ\u00e9s par des \ncr\u00e9dits d'assurance maladie ; \n \nCONSID\u00c9RANT Que le projet r\u00e9pond aux besoins sociaux et m\u00e9dico-sociaux constat\u00e9s dans le \nd\u00e9partement ; \n \nCONSID\u00c9RANT Que le projet satisfait aux r\u00e8gles d'organisation et de fonctionnement pr\u00e9vues par le \ncode de l'action sociale et des familles ; \n \nCONSID\u00c9RANT Qu'il pr\u00e9sente un co\u00fbt de fonctionnement en ann\u00e9e pleine compatible avec le \nmontant des dotations mentionn\u00e9es \u00e0 l'article L.313-4 du Code de l'Action Sociale et \ndes Familles ;  \nCONSID\u00c9RANT \n \nLa situation sociale sp\u00e9cifique du d\u00e9partement pr\u00e9sentant un public h\u00e9berg\u00e9 ou \u00e0 la \nrue et souffrant de maladies chroniques et psychiques ayant des besoins de prise en \ncharge en Appartements de Coordination Th\u00e9rapeutique Hors les murs. \n \nARR\u00caTE \n \n \nARTICLE 1 \n \nL'autorisation visant \u00e0 l'extension de 5 places d'Appartements de Coordination Th\u00e9rapeutique Hors les Murs \n\u00ab Maison des champs \u00bb, situ\u00e9 au 110 rue de Fontainebleau, 94270, Kremlin-Bic\u00eatre est accord\u00e9e \u00e0 la Fondation \nMaison des Champs, dont le si\u00e8ge social se situe au 16 rue du G\u00e9n\u00e9ral Brunet, 75019 Paris. \n \n \n \nAgence R\u00e9gionale de Sant\u00e9 - IDF-2025-09-16-00007 - Arr\u00eat\u00e9 2025-09-DSP-35917\nportant autorisation d'extension de 5 places d'Appartements de Coordination\nTh\u00e9rapeutique Hors les Murs (ACT HLM) \u00ab Maison des champs \u00bb g\u00e9r\u00e9s par la Fondation Maison des Champs\n12\n3 \n \nARTICLE 2 \n \nLa capacit\u00e9 totale de l'ACT \u00ab Maison des champs \u00bb est fix\u00e9e \u00e0 67 places r\u00e9parties comme suit :  \n- 44 places d'appartement th\u00e9rapeutique avec h\u00e9bergement ; \n- 23 places d'appartements de coordination th\u00e9rapeutique Hors les murs. \n \nLe financement est assur\u00e9 par une dotation globale vers\u00e9e par l'assurance maladie. \n \n \nARTICLE 3 \n \nCette structure est r\u00e9pertori\u00e9e dans le Fichier National des \u00c9tablissements Sanitaires et Sociaux (FINESS) de \nla fa\u00e7on suivante : \n- N\u00b0FINESS de l'\u00e9tablissement : 94 000 399 9 \n- N\u00b0 FINESS du gestionnaire : 75 081 536 7 \n \n \nARTICLE 4 \n \nLe pr\u00e9sent arr\u00eat\u00e9 est sans effet concernant la dur\u00e9e d'autorisation accord\u00e9e \u00e0 l'\u00e9tablissement pour quinze ans \n\u00e0 compter de sa date de cr\u00e9ation ou de renouvellement d'autorisation.  \n  \nAu terme de cette p\u00e9riode de quinze ans, l'autorisation sera renouvel\u00e9e par tacite reconduction au vu des \nr\u00e9sultats des \u00e9valuations transmis dans la p\u00e9riode comprise entre la date de l'autorisation et au plus tard deux \nans avant la date de fin de l'autorisation, conform\u00e9ment \u00e0 l'article D. 312-204 du code de l'action sociale et des \nfamilles.   \n \n \nARTICLE 5 \n \nConform\u00e9ment aux dispositions d\u00e9rogatoires pr\u00e9vues \u00e0 l'article D313-7-2 du code de l'action sociale et des \nfamilles, la pr\u00e9sente autorisation est r\u00e9put\u00e9e caduque en l'absence d'ouverture au public de la structure dans \nun d\u00e9lai de quatre ans suivant la notification de la pr\u00e9sente d\u00e9cision.  \n \n \nARTICLE 6 \n \nUn recours peut \u00eatre form\u00e9 devant le tribunal administratif comp\u00e9tent dans un d\u00e9lai de deux mois \u00e0 compter de \nla notification de la pr\u00e9sente d\u00e9cision. \n \n \nARTICLE 7 \n \nLe Directeur de la sant\u00e9 publique de l'Agence r\u00e9gionale de sant\u00e9 d'\u00cele-de-France et le Directeur de la D\u00e9l\u00e9gation \nd\u00e9partementale du Val-de-Marne sont charg\u00e9s, chacun en ce qui les concerne, de l'ex\u00e9cution du pr\u00e9sent arr\u00eat\u00e9 \nqui sera notifi\u00e9 au demandeur et publi\u00e9 aux recueils des actes administratifs des pr\u00e9fectures de la r\u00e9gion \n\u00cele-de-France et du d\u00e9partement du Val-de-Marne. \n \nFait \u00e0 Saint-Denis, le 16/09/2025 \n \nLe Directeur g\u00e9n\u00e9ral \nde l'Agence r\u00e9gionale de sant\u00e9 \nd'\u00cele-de-France \nSIGN\u00c9 \nDenis ROBIN \nAgence R\u00e9gionale de Sant\u00e9 - IDF-2025-09-16-00007 - Arr\u00eat\u00e9 2025-09-DSP-35917\nportant autorisation d'extension de 5 places d'Appartements de Coordination\nTh\u00e9rapeutique Hors les Murs (ACT HLM) \u00ab Maison des champs \u00bb g\u00e9r\u00e9s par la Fondation Maison des Champs\n13","date":"2025-10-01","first_seen_on":"2025-10-01T17:17:09+00:00","id":"446896761d3bbcd514e8a5e7480e13c6e798e9ee2fa49506d5a9f8dbfeede618","name":"recueil-idf-002-2025-10-RAA-nominatifs  du 01.10.2025","pdf_creation_date":"2025-10-01T14:54:51+00:00","pdf_modification_date":null,"timezone":"Europe/Paris","url":"https://www.prefectures-regions.gouv.fr/ile-de-france/irecontenu/telechargement/131470/965590/file/recueil-idf-002-2025-10-RAA-nominatifs%20%20du%2001.10.2025.pdf"}
