{"administration":"prefidf","administration_name":"Pr\u00e9fecture de la r\u00e9gion \u00cele-de-France","content":"PREFECTURE\nREGION ILE DE\nFRANCE\nRECUEIL DES ACTES\nADMINISTRATIFS SP\u00c9CIAL\nN\u00b0IDF-015-2025-06\nPUBLI\u00c9 LE 10 JUIN 2025\nSommaire\nAgence R\u00e9gionale de Sant\u00e9 /\nIDF-2025-06-03-00004 - Arr\u00eat\u00e9 2025-176 portant renouvellement de\nl'autorisation de l'Etablissement M\u00e9dicalis\u00e9 en tout ou partie pour\npersonnes handicap\u00e9es \"Jacques Saint-Amaux\" \u00e0 Limay g\u00e9r\u00e9 par\nl'association Handi Val de Seine (4 pages) Page 3\nAgence R\u00e9gionale de Sant\u00e9 / Agence r\u00e9gionale de sant\u00e9\nd'Ile-de-France-D\u00e9l\u00e9gation d\u00e9partementale de Paris\nIDF-2025-06-06-00011 - D\u00e9cision n\u00b0DOS 2025-2306 portant modification\nde la d\u00e9cision n\u00b0DOS 2024 2555 CH4V (4 pages) Page 8\n2\nAgence R\u00e9gionale de Sant\u00e9\nIDF-2025-06-03-00004\nArr\u00eat\u00e9 2025-176 portant renouvellement de\nl'autorisation de l'Etablissement M\u00e9dicalis\u00e9 en\ntout ou partie pour personnes handicap\u00e9es\n\"Jacques Saint-Amaux\" \u00e0 Limay g\u00e9r\u00e9 par\nl'association Handi Val de Seine\nAgence R\u00e9gionale de Sant\u00e9 - IDF-2025-06-03-00004 - Arr\u00eat\u00e9 2025-176 portant renouvellement de l'autorisation de l'Etablissement\nM\u00e9dicalis\u00e9 en tout ou partie pour personnes handicap\u00e9es \"Jacques Saint-Amaux\" \u00e0 Limay g\u00e9r\u00e9 par l'association Handi Val de Seine 3\nREPUBLIQUEFRAN\u00c7AISELibert\u00e9Egalit\u00e9Fraternit\u00e9\nYvelinesLe D\u00e9partementAr@ D Agence R\u00e9gionale de Sant\u00e9lle-de-France\n \n \n \n \n \n \n \n \nAGENCE R\u00c9GIONALE DE SANT\u00c9 \u00ceLE-DE-FRANCE \n \nARRETE N\u00b0 2025- 176  \n \nportant renouvellement de l'autorisation de l'Etablissement M\u00e9dicalis\u00e9 en tout ou partie \npour personnes handicap\u00e9es \u00ab Jacques Saint-Amaux \u00bb sis 2 rue des Coquelicots \u00e0 Limay \n(78520) \n \ng\u00e9r\u00e9 par l'association HANDI VAL DE SEINE      \n \n \nLE DIRECTEUR G\u00c9N\u00c9RAL DE L'AGENCE R\u00c9GIONALE DE SANT\u00c9 \u00ceLE-DE-FRANCE \nLE PRESIDENT DU CONSEIL DEPARTEMENTAL DES YVELINES \n \n \n \nVU le code de l'action sociale et des familles et notamment les articles L. 312-1, L. 313-1,   L. \n314-3 et suivants ; \n \n   VU le code g\u00e9n\u00e9ral des collectivit\u00e9s territoriales ;  \n \nVU        le d\u00e9cret du 10 avril 2024 portant nomination de Monsieur Denis ROBIN, Directeur g\u00e9n\u00e9ral \nde l'Agence r\u00e9gionale de sant\u00e9 \u00cele-de-France \u00e0 compter du 29 avril 2024 ; \n \nVU l'arr\u00eat\u00e9 n\u00b0 2022-305 du 12 juillet 2022 donnant d\u00e9l\u00e9gation de signature du pr\u00e9sident du \nConseil d\u00e9partemental des Yvelines \u00e0 Monsieur Albert Fernandez, directeur g\u00e9n\u00e9ral \nd\u00e9l\u00e9gu\u00e9 aux solidarit\u00e9s ; \n \nVU l'arr\u00eat\u00e9 DS n\u00b0007/2025 du 24 mars 2025 portant d\u00e9l\u00e9gation de signature du Directeur \nG\u00e9n\u00e9ral de l'Agence r\u00e9gionale de sant\u00e9 \u00cele -de-France vers le directeur de la d\u00e9l\u00e9gation \nd\u00e9partementale des Yvelines ; \n \nVU l'arr\u00eat\u00e9 n\u00b0 DIRNOV-2023/08 de la Directrice g\u00e9n\u00e9rale de l'Agence r\u00e9gionale de sant\u00e9 \u00cele-\nde-France en date du 26 octobre 2023 portant adoption du cadre d'orientation strat\u00e9gique \n2018-2028 du projet r\u00e9gional de sant\u00e9 d'\u00cele-de-France ; \n \nVU l'arr\u00eat\u00e9 n\u00b0 DIRNOV-2023/09 de la Directrice g\u00e9n\u00e9rale de l'Agence r\u00e9gionale de sant\u00e9 \u00cele-\nde-France en date du 26 octobre 2023 portant adoption du sch\u00e9ma r\u00e9gional de sant\u00e9 \n2023-2028 du projet r\u00e9gional de sant\u00e9 d'\u00cele-de-France, modifi\u00e9 par l'arr\u00eat\u00e9 n\u00b0DIRNOV -\n2023/09 en date du 12 janvier 2024 ; \n \n \n \n \nVU l'arr\u00eat\u00e9 n\u00b0 2023-346 de la Directrice g\u00e9n\u00e9rale de l'Agence r\u00e9gionale de sant\u00e9 \u00cele-de-France \nen date du 4 d\u00e9cembre 2023 \u00e9tablissant le programme interd\u00e9partemental \nAgence R\u00e9gionale de Sant\u00e9 - IDF-2025-06-03-00004 - Arr\u00eat\u00e9 2025-176 portant renouvellement de l'autorisation de l'Etablissement\nM\u00e9dicalis\u00e9 en tout ou partie pour personnes handicap\u00e9es \"Jacques Saint-Amaux\" \u00e0 Limay g\u00e9r\u00e9 par l'association Handi Val de Seine 4\n2 \n \n \nd'accompagnement des handicaps et de la perte d'autonomie (PRIAC) 2023-2027 pour la \nr\u00e9gion \u00cele-de-France ; \n \nVU  le Sch\u00e9ma autonomie 2024-2028 du d\u00e9partement des Yvelines du 29 mars 2024 ; \n \nVU  l'arr\u00eat\u00e9 conjoint n\u00b0 A -09-0017 et N\u00b0 2009 -Tarif-199 du 28 juillet 2009 autorisant \nl'association Handi Val de Seine \u00e0 cr\u00e9er \u00e0 Limay un Foyer d'Accueil M\u00e9dicalis\u00e9 d'une \ncapacit\u00e9 de 65 places pour des adultes ayant une d\u00e9ficience intellectuelle et des \nhandicaps associ\u00e9s ;  \n \nVU l'arr\u00eat\u00e9 n\u00b02024-334 et 2024-POMS-310 portant autorisation d'extension de capacit\u00e9 de 65 \n\u00e0 67 places de l'Etablissement M\u00e9dicalis\u00e9 en tout ou partie pour personnes handicap\u00e9es \n\u00ab Jacques Saint-Amaux \u00bb sis 2 rue des Coquelicots \u00e0 Limay (78520) g\u00e9r\u00e9 par l'Association \nHANDI VAL DE SEINE \n \nVU les conclusions du rapporteur de l'\u00e9valuation externe adress\u00e9es \u00e0 l'Agence r\u00e9gionale de \nsant\u00e9 \u00cele-de-France et au Conseil D\u00e9partemental des Yvelines le 16 janvier 2024. \n \nCONSID\u00c9RANT         que l'autorisation initiale accord\u00e9e \u00e0 l'\u00e9tablissement a \u00e9t\u00e9 d\u00e9livr\u00e9e le 28 \njuillet 2009 ; \n \nCONSID\u00c9RANT  que l'offre propos\u00e9e r\u00e9pond \u00e0 un besoin de d\u00e9veloppement de l'offre \nm\u00e9dico-sociale identifi\u00e9 sur le d\u00e9partement des Yvelines  pour les \npersonnes concern\u00e9es par la d\u00e9ficience intellectuelle ;  \n \nCONSID\u00c9RANT qu'elle est compatible avec les objectifs et r\u00e9pond aux besoins sociaux et \nm\u00e9dico-sociaux fix\u00e9s par le sch\u00e9ma r\u00e9gional de sant\u00e9 ;  \n \nCONSID\u00c9RANT qu'elle satisfait aux r\u00e8gles d'organisation et de fonctionnement pr\u00e9vues par \nle code de l'action sociale et des familles ;  \n \nCONSID\u00c9RANT qu'elle pr\u00e9sente un co\u00fbt de fonctionnement  en ann\u00e9e pleine compatible \navec le PRIAC \u00cele-de-France et avec le montant de l'une des dotations \nmentionn\u00e9es \u00e0 l'article L. 314-3 du code de l'action sociale et des familles ; \n \nCONSID\u00c9RANT  que l'op\u00e9ration peut s'effectuer \u00e0 moyens constants  et n'entra\u00eene donc \naucun surco\u00fbt ; \n \nCONSID\u00c9RANT  que l'op\u00e9ration peut s'effectuer \u00e0 moyens constants et n'entra\u00eene donc \naucun surco\u00fbt ; \n \n       \n \nARR\u00caTENT  \n \n \nARTICLE 1er : L'autorisation d\u00e9livr\u00e9e \u00e0 l'Etablissement d'Accueil M\u00e9dicalis\u00e9 en tout ou partie pour \npersonnes handicap\u00e9es (EAM) Jacques Saint -Amaux sis 2 rue des Coquelicots \u00e0 \nLimay destin\u00e9 \u00e0 accueillir des adultes \u00e0 partir de 20 ans et g\u00e9r\u00e9 par l'association Handi \nVal de Seine, est renouvel\u00e9e \u00e0 compter du 28 ao\u00fbt 2024 pour une dur\u00e9e de quinze \nans. \nAgence R\u00e9gionale de Sant\u00e9 - IDF-2025-06-03-00004 - Arr\u00eat\u00e9 2025-176 portant renouvellement de l'autorisation de l'Etablissement\nM\u00e9dicalis\u00e9 en tout ou partie pour personnes handicap\u00e9es \"Jacques Saint-Amaux\" \u00e0 Limay g\u00e9r\u00e9 par l'association Handi Val de Seine 5\n3 \n \n \nARTICLE 2e :  La capacit\u00e9 totale de l'EAM Jacques Saint-Amaux est de 67 places destin\u00e9es \u00e0 des \npersonnes pr\u00e9sentant une d\u00e9ficience intellectuelle et des handicap\u00e9s associ\u00e9s  \nr\u00e9parties comme suit : \n \n- 51 places en h\u00e9bergement complet internat  \n- 4 places en h\u00e9bergement temporaire \n- 12 places en semi-internat \n \n \nARTICLE 3e :  Conform\u00e9ment aux termes du dernier alin\u00e9a du I de l'article D. 312 -0-3 du code de \nl'action sociale et des familles, aucune sp\u00e9cialisation n'exclut la prise en charge de \npersonnes pr\u00e9sentant des troubles associ\u00e9s \u00e0 ceux qui font l'objet de la pr\u00e9sente \nautorisation.  \n \n \nARTICLE 4e :  Cette structure est r\u00e9pertori\u00e9e dans le Fichier National des Etablissements \nSanitaires et Sociaux (FINESS) de la fa\u00e7on suivante : \n \nN\u00b0 FINESS de l'\u00e9tablissement : 78 002 038 4 \n \nCode \ncat\u00e9gorie : \n[448] Etablissement M\u00e9dicalis\u00e9 en toute ou partie pour \npersonnes handicap\u00e9es  \n \nCode \ndiscipline :  \n \n[966] Accueil et accompagnement \nm\u00e9dicalis\u00e9 personnes \nHandicap\u00e9es \n \n \n \nCode \nfonctionnement  \n(mode d'accueil et \nd'accompagnement) :  \n \n[11] H\u00e9bergement complet internat \n \n[21] Accueil de jour \n \n[11] Accueil temporaire \n \n51 places \n \n12 places \n \n4 places \nCode client\u00e8le : \n \n[117] D\u00e9ficience intellectuelle 67 \nplaces \nCode mode de fixation des tarifs : [09] ARS PCD mixte \u2013 habilit\u00e9 Aide Sociale  \n \nN\u00b0 FINESS du gestionnaire : 78 080 441 5 \n \nCode statut : [60] Association Loi 1901 non reconnue d'utilit\u00e9 publique \n \n \nARTICLE 5e : Tout changement important dans l'activit\u00e9, l'installation, l'organisation, la direction ou \nle fonctionnement de l'\u00e9tablissement ou du service doit \u00eatre port\u00e9 \u00e0 la connaissance \ndes autorit\u00e9s comp\u00e9tentes. \n \n \nARTICLE 6e : Un recours contre le pr\u00e9sent arr\u00eat\u00e9 peut \u00eatre form\u00e9 devant le tribunal administratif \ncomp\u00e9tent dans un d\u00e9lai de deux mois \u00e0 compter de sa notification ou, pour les tiers, \n\u00e0 compter de sa publication.   \n \n \n \nAgence R\u00e9gionale de Sant\u00e9 - IDF-2025-06-03-00004 - Arr\u00eat\u00e9 2025-176 portant renouvellement de l'autorisation de l'Etablissement\nM\u00e9dicalis\u00e9 en tout ou partie pour personnes handicap\u00e9es \"Jacques Saint-Amaux\" \u00e0 Limay g\u00e9r\u00e9 par l'association Handi Val de Seine 6\ncgf\u00b0age\n4 \n \n \n \n \nARTICLE 7e : Le Directeur de la d\u00e9l\u00e9gation d\u00e9partementale des Yvelines de l'Agence r\u00e9gionale de \nsant\u00e9 \u00cele-de-France et le Pr\u00e9sident  du Conseil d\u00e9partemental de s Yvelines sont \ncharg\u00e9s, chacun en ce qui le concerne, de l'ex\u00e9cution du pr\u00e9sent arr\u00eat\u00e9 qui sera \npubli\u00e9 aux recueils des actes administratifs de la R\u00e9gion \u00cele-de-France et au bulletin \nofficiel du D\u00e9partement des Yvelines. \n \n        Fait \u00e0 Versailles, le 26 mai 2025  \n \n         \nPour le Directeur g\u00e9n\u00e9ral \nde l'Agence r\u00e9gionale sant\u00e9 \n\u00cele-de-France et par d\u00e9l\u00e9gation \nLe Directeur de la d\u00e9l\u00e9gation \nD\u00e9partementale des Yvelines \n \n \n \n \nSimon KIEFFER \n \nLe Pr\u00e9sident du Conseil d\u00e9partemental \ndes Yvelines,  \nEt par d\u00e9l\u00e9gation,  \nLe Directeur g\u00e9n\u00e9ral d\u00e9l\u00e9gu\u00e9 aux \nsolidarit\u00e9s \n \n \n \n \nDr Albert FERNADEZ \n \nAgence R\u00e9gionale de Sant\u00e9 - IDF-2025-06-03-00004 - Arr\u00eat\u00e9 2025-176 portant renouvellement de l'autorisation de l'Etablissement\nM\u00e9dicalis\u00e9 en tout ou partie pour personnes handicap\u00e9es \"Jacques Saint-Amaux\" \u00e0 Limay g\u00e9r\u00e9 par l'association Handi Val de Seine 7\nAgence R\u00e9gionale de Sant\u00e9\nIDF-2025-06-06-00011\nD\u00e9cision n\u00b0DOS 2025-2306 portant modification\nde la d\u00e9cision n\u00b0DOS 2024 2555 CH4V\nAgence R\u00e9gionale de Sant\u00e9 - IDF-2025-06-06-00011 - D\u00e9cision n\u00b0DOS 2025-2306 portant modification de la d\u00e9cision n\u00b0DOS 2024 2555\nCH4V 8\nREPUBLIQUEFRAN\u00c7AISELibert\u00e9Egalit\u00e9Fraternit\u00e9\ne \u00bb Agence R\u00e9gionale de Sant\u00e9Ile-de-France\n \n \n \n \n \n \n \nAGENCE R\u00c9GIONALE DE SANT\u00c9 \u00ceLE-DE-FRANCE \n \nD\u00c9CISION N\u00b0DOS-2025/2306 \n \nPortant modification de la d\u00e9cision n\u00b0DOS-2024/2555 du Directeur g\u00e9n\u00e9ral de l'Agence \nr\u00e9gionale de sant\u00e9 \u00cele-de-France en date du 12 septembre 2024 \n \nLE DIRECTEUR G\u00c9N\u00c9RAL DE L'AGENCE R\u00c9GIONALE DE SANT\u00c9 \u00ceLE-DE-FRANCE \n \n \nVU le Code de la sant\u00e9 publique notamment les articles L.6122 -1 et suivants, L.6123 -1 et  \nL.6124-1, R.6122 -23 et suivants et en particulier les articles D.6121 -10, R.6122 -37 et  \nD.6122-38 ; les articles D.6124-267 \u00e0 D.6124-290, R.6123-201 et R.6123-212 ;  \n \nVU l'ordonnance n\u00b02021-583 du 12 mai 2021 portant modification du r\u00e9gime des autorisations \nd'activit\u00e9s de soins et des \u00e9quipements mat\u00e9riels lourds ;  \n \nVU la loi n\u00b02023-1268 du 27 d\u00e9cembre 2023 visant \u00e0 am\u00e9liorer l'acc\u00e8s aux soins par l'engagement \nterritorial des professionnels ; \n \nVU le d\u00e9cret n\u00b02022-1765 du 29 d\u00e9cembre 2022 relatif aux conditions d'implantation des activit\u00e9s \nde soins de chirurgie, de chirurgie cardiaque et de neurochirurgie ; \n \nVU le d\u00e9cret n\u00b02022 -1766 du 29 d\u00e9cembre 2022 relatif aux conditions techniques de \nfonctionnement des activit\u00e9s de soins de chirurgie, de chirurgie cardiaque et de neurochirurgie ; \n \nVU le d\u00e9cret du 10 avril 2024 portant nomination de Monsieur Denis ROBIN Directeur g\u00e9n\u00e9ral de \nl'Agence r\u00e9gionale de sant\u00e9 d'\u00cele-de-France \u00e0 compter du 29 avril 2024 ; \n \nVU le d\u00e9cret n\u00b0 2025-189 du 27 f\u00e9vrier 2025 relatif \u00e0 la simplification des proc\u00e9dures d'autorisation \ndes activit\u00e9s de soins et d'\u00e9quipements mat\u00e9riels lourds ; \n \nVU l'arr\u00eat\u00e9 n\u00b02023-171 du 27 juin 2023 de la Directrice g\u00e9n\u00e9rale de l'Agence r\u00e9gionale de sant\u00e9 \nd'\u00cele-de-France portant d\u00e9limitation des zones donnant lieu \u00e0 la r\u00e9partition des activit\u00e9s de \nsoins et des \u00e9quipements mat\u00e9riels lourds ; \n \nVU l'arr\u00eat\u00e9 n\u00b0DIRNOV -2024/02 du 12 janvier 2024 portant modification de l'arr\u00eat\u00e9 N\u00b0DIRNOV -\n2023/09 portant adoption du Sch\u00e9ma r\u00e9gional de sant\u00e9 2023\u20132028 du Projet r\u00e9gional de sant\u00e9 \nd'\u00cele-de-France ; \n \nVU l'instruction n\u00b0DGOS/R3/2023/125 du 1er ao\u00fbt 2023 relative \u00e0 la mise en \u0153uvre de la r\u00e9forme \ndes activit\u00e9s de soins de chirurgie, de chirurgie cardiaque et de neurochirurgie ; \n \n  \nAgence R\u00e9gionale de Sant\u00e9 - IDF-2025-06-06-00011 - D\u00e9cision n\u00b0DOS 2025-2306 portant modification de la d\u00e9cision n\u00b0DOS 2024 2555\nCH4V 9\n2 \n \nVU la demande pr\u00e9sent\u00e9e par le Centre hospitalier des Quatre Villes  (CH4V) (n\u00b0Finess EJ  : \n920009909), dont le si\u00e8ge social est situ\u00e9  3 place Silly 92210 Saint -Cloud, en vue d'exercer \nl'activit\u00e9 de chirurgie adulte pour les pratiques th\u00e9rapeutiques sp\u00e9cifiques (PTS) suivantes :  \n \n- chirurgie maxillo -faciale, stomatologie et chirurgie orale en hospitalisation \u00e0 temps \ncomplet et en ambulatoire \n- chirurgie orthop\u00e9dique et traumatologique en hospitalisation \u00e0 temps complet et en \nambulatoire  \n- chirurgie visc\u00e9rale et digestive en hospitalisation \u00e0 temps complet et en ambulatoire \n- chirurgie gyn\u00e9cologique et obst\u00e9trique \u00e0 l'exception des actes li\u00e9s \u00e0 l'accouchement \nr\u00e9alis\u00e9s au titre de l'activit\u00e9 de gyn\u00e9cologie -obst\u00e9trique en hospitalisation \u00e0 temps \ncomplet et en ambulatoire \n- chirurgie oto-rhino-laryngologique et cervico-faciale en hospitalisation \u00e0 temps complet \net en ambulatoire \n- chirurgie urologique en hospitalisation \u00e0 temps complet et en ambulatoire \n \nsur le site Saint-Cloud du CH des Quatre Villes (n\u00b0Finess ET : 920000619), 3 place Silly 92210 \nSaint-Cloud ; \n \nVU la d\u00e9cision n\u00b0DOS-2024/2555 du Directeur g\u00e9n\u00e9ral de l'Agence r\u00e9gionale de san t\u00e9 d'\u00cele-de-\nFrance en date du 12 septembre 2024  autorisant le Centre hospitalier des Quatre Villes \n(n\u00b0Finess EJ : 920009909) \u00e0 exercer l'activit\u00e9 de  chirurgie adulte sur le site de Saint-Cloud  \n(n\u00b0Finess ET : 920000619), 3 place Silly 92210 Saint-Cloud ; \n \nVU le courriel  du Centre hospitalier des Quatre Villes  en date du 3 avril 2025  de demande de \nmodification des conditions d'ex\u00e9cution de l'autorisation d'exercer l'activit\u00e9 de soins de \nchirurgie en vue de solliciter l'ajout de la PTS de \u00ab Chirurgie plastique reconstructrice  \u00bb \u00e0 la \nliste des PTS autoris\u00e9es dans le cadre de la modalit\u00e9 adulte sur le site de Saint-Cloud, 3 place \nSilly 92210 Saint-Cloud ; \n \nVU la consultation de la Commission sp\u00e9cialis\u00e9e de l'organisation des soins en date du  \n22 mai 2025 ; \n \n \nCONSID\u00c9RANT \n \nla demande susvis\u00e9e ; \n \nCONSID\u00c9RANT \n \nque le Centre hospitalier des Quatre Villes  sollicite la modification de la d\u00e9cision \nsusvis\u00e9e afin de pouvoir exercer la pratique th\u00e9rapeutique sp\u00e9cifique (PTS) \n\u00ab Chirurgie plastique reconstructrice \u00bb ;  \n \nCONSID\u00c9RANT que le promoteur souhaite d\u00e9velopper cette nouvelle activit\u00e9 en hospitalisation \ncompl\u00e8te et en hospitalisation de jour, pour des cures de gyn\u00e9comastie, chirurgie du \nsein (r\u00e9duction mammaire et traitement de malformations mammaires en dehors des \ninterventions r\u00e9alis\u00e9es par l'Institut Curie), chirurgie de la silhouette \n(dermolipectomies abdominales, curoplasties, brachoplasties apr\u00e8s amaigrissement \nmassif), rhinoplasties, septoplasties fonctionnelles et otoplasties, chirurgie \ndermatologique (tumeurs cutan\u00e9es), carcinologie s basiques (basocellulaires, \nspinocellulaires, m\u00e9lanomes), tumeurs b\u00e9nignes, kystes, lipomes, pathologies \ninflammatoires (Verneuil, kystes pilonidaux), hypertrophies et ch\u00e9lo\u00efdes  ;  \n \ns'agissant particuli\u00e8rement des chirurgies oncologiques , que l' \u00e9tablissement ne \npourra assurer que les interventions diagnostiques non document\u00e9es en pr\u00e9 -\nop\u00e9ratoire ; \n \nCONSID\u00c9RANT que l'\u00e9quipe sera constitu\u00e9e de deux chirurgiennes \u00e0 temps partiel \u00e0 hauteur de deux \nvacations op\u00e9ratoires et une vacation de consultation chacune ; \nCONSID\u00c9RANT que cet ajout de PTS n'a pas d'impact sur le bilan des objectifs quantitatifs de l'offre \nde soins de la zone de proximit\u00e9 des Hauts-de-Seine ; \n \nAgence R\u00e9gionale de Sant\u00e9 - IDF-2025-06-06-00011 - D\u00e9cision n\u00b0DOS 2025-2306 portant modification de la d\u00e9cision n\u00b0DOS 2024 2555\nCH4V 10\n3 \n \nCONSID\u00c9RANT que l'\u00e9tablissement devra mettre en place  une astreinte d'anesth\u00e9siste \nsuppl\u00e9mentaire pour assurer les \u00e9ventuelles reprises chirurgicales , celles -ci ne \npouvant \u00eatre prises en charge par l'anesth\u00e9siste  de garde  d\u00e9di\u00e9 \u00e0 l'activit\u00e9 \nobst\u00e9tricale et aux urgences gyn\u00e9co-obst\u00e9tricales ; \n \nCONSID\u00c9RANT que sous r\u00e9serve de cette organisation, les \u00e9l\u00e9ments fournis dans le cadre de cette \ndemande n'appellent pas de remarque particuli\u00e8re quant au respect des conditions \nd'implantation et conditions techniques de fonctionnement sp\u00e9cifiques \u00e0 l'autorisation \nde chirurgie adulte ;  \n \nCONSID\u00c9RANT que le promoteur s'engage \u00e0 respecter les engagements pris lors de la d\u00e9livrance de \nl'autorisation initiale ; \n \nCONSID\u00c9RANT \n \nau vu de l'ensemble de ces \u00e9l\u00e9ments, qu'il convient de proc\u00e9der \u00e0 la modification de \nl'autorisation n\u00b0DOS-2024/2555 afin de prendre acte de l'ajout de la nouvelle PTS ; \n \nCONSID\u00c9RANT \n \nque les membres de la Commission sp\u00e9cialis\u00e9e de l'organisation des soins (CSOS) \nde la Conf\u00e9rence r\u00e9gionale de la sant\u00e9 et de l'autonomie (CRSA) Ile -de-France, \nr\u00e9unis en s\u00e9ance du 22 mai 2025, ont \u00e9mis un avis favorable \u00e0 la demande pr\u00e9sent\u00e9e \npar le Centre hospitalier des Quatre Villes ; \n \nD\u00c9CIDE \n \nARTICLE 1 : L'annexe de la d\u00e9cision n\u00b0DOS-2024/2555 du 12 septembre 2024 est compl\u00e9t\u00e9e par \nl'ajout de la pratique th\u00e9rapeutique sp\u00e9cifique \u00ab  Chirurgie plastique reconstructrice  \u00bb \ndans la modalit\u00e9 Chirurgie adule.  \n \nARTICLE 2 : Les autres articles de la d\u00e9cision n\u00b0DOS-2024/2555 du 12 septembre 2024 demeurent \ninchang\u00e9s. \n \nLa dur\u00e9e de validit\u00e9 de l'autorisation initiale n'est pas modifi\u00e9e. \n \nARTICLE 3 : \n \nCette d\u00e9cision peut faire l'objet d'un recours hi\u00e9rarchique aupr\u00e8s de la Ministre du \nTravail, de la Sant\u00e9 , des Solidarit\u00e9s et des Familles  par le demandeur dans un d\u00e9lai \nde deux mois \u00e0 compter de sa notification et par toute personne int\u00e9ress\u00e9e dans un \nd\u00e9lai de deux mois \u00e0 compter de sa publication. Ce recours hi\u00e9rarchique ne constitue \npas un pr\u00e9alable obligatoire au recours contentieux, qui peut \u00eatre form\u00e9 devant le \ntribunal administratif comp\u00e9tent dans les deux mois suivant la notification ou la \npublication de la pr\u00e9sente d\u00e9cision. \n \nARTICLE 4 : La pr\u00e9sente d\u00e9cision sera publi\u00e9e au recueil des actes administratifs de la pr\u00e9fecture \nde la r\u00e9gion \u00cele-de-France.  \n \n \nFait \u00e0 Saint-Denis, le 6 juin 2025 \n \nLe Directeur g\u00e9n\u00e9ral \nde l'Agence r\u00e9gionale de sant\u00e9 \n\u00cele-de-France \n \n \n \nDenis ROBIN \nAgence R\u00e9gionale de Sant\u00e9 - IDF-2025-06-06-00011 - D\u00e9cision n\u00b0DOS 2025-2306 portant modification de la d\u00e9cision n\u00b0DOS 2024 2555\nCH4V 11\n4 \n \n \nAnnexe : liste des modalit\u00e9s et des pratiques th\u00e9rapeutiques sp\u00e9cifiques (PTS) de chirurgie sollicit\u00e9es \n \nCentre Hospitalier des Quatre Villes (n\u00b0Finess EJ : 920009909) \n \nCH des Quatre Villes site Saint-Cloud (n\u00b0Finess ET : 920000619) \n \n \nAutorisation \naccord\u00e9e \n(OUI/NON) \nD\u00e9rogation \nPrise en \ncharge des \nenfants \nCHIRURGIE ADULTE OUI  \nChirurgie maxillo-faciale, stomatologie et chirurgie orale  \n\u2022 en hospitalisation \u00e0 temps complet  \n\u2022 en ambulatoire \n \nOUI \nOUI \nChirurgie plastique reconstructrice  \n\u2022 en hospitalisation \u00e0 temps complet  \n\u2022 en ambulatoire \nOUI \nOUI \nChirurgie orthop\u00e9dique et traumatologique \n\u2022 en hospitalisation \u00e0 temps complet  \n\u2022 en ambulatoire \n \nOUI \nOUI \nChirurgie visc\u00e9rale et digestive \n\u2022 en hospitalisation \u00e0 temps complet  \n\u2022 en ambulatoire \n \nOUI \nOUI \nChirurgie gyn\u00e9cologique et obst\u00e9trique \u00e0 l'exception des actes \nli\u00e9s \u00e0 l'accouchement r\u00e9alis\u00e9s au titre de l'activit\u00e9 de \ngyn\u00e9cologie-obst\u00e9trique \n\u2022 en hospitalisation \u00e0 temps complet  \n\u2022 en ambulatoire \n \n \n \nOUI \nOUI \nChirurgie oto-rhino-laryngologique et cervico-faciale \n\u2022 en hospitalisation \u00e0 temps complet \n\u2022 en ambulatoire \n \nOUI \nOUI \nChirurgie urologique \n\u2022 en hospitalisation \u00e0 temps complet  \n\u2022 en ambulatoire \n \nOUI \nOUI \n \n \n \n \nAgence R\u00e9gionale de Sant\u00e9 - IDF-2025-06-06-00011 - D\u00e9cision n\u00b0DOS 2025-2306 portant modification de la d\u00e9cision n\u00b0DOS 2024 2555\nCH4V 12","date":"2025-06-10","first_seen_on":"2025-06-10T16:39:32+00:00","id":"44e9397c510393ba32a23ec8b53161244ee9196e43ea4800725a7daaeaa07d2e","name":"recueil-idf-015-2025-06-recueil-des-actes-administratifs-special du 10.06.2025","pdf_creation_date":"2025-06-10T14:36:12+00:00","pdf_modification_date":null,"timezone":"Europe/Paris","url":"https://www.prefectures-regions.gouv.fr/ile-de-france/irecontenu/telechargement/128348/946324/file/recueil-idf-015-2025-06-recueil-des-actes-administratifs-special%20du%2010.06.2025.pdf"}
