{"administration":"pref83","administration_name":"Pr\u00e9fecture du Var","content":"VAR\nRECUEIL DES ACTES\nADMINISTRATIFS\nN\u00b083-2025-186\nPUBLI\u00c9 LE  3 JUIN 2025\nSommaire\nDirection d\u00e9partementale des finances publiques du Var / Direction de la\nDDFIP\n83-2025-06-03-00003 - Arr\u00eat\u00e9 portant subd\u00e9l\u00e9gation de signature en\nmati\u00e8re domaniale (2 pages) Page 3\n83-2025-06-03-00002 - D\u00e9cision de subd\u00e9l\u00e9gation de signature en\nmati\u00e8re d'ordonnancement secondaire.\n (2 pages) Page 6\n83-2025-06-03-00005 - D\u00e9l\u00e9gation de signature du responsable de la\nTr\u00e9sorerie Hospitali\u00e8re du Var (2 pages) Page 9\nPr\u00e9fecture du VAR / Direction de la coordination des politiques publiques\net de l'appui territorial\n83-2025-06-02-00044 - ARR\u00caT\u00c9 PR\u00c9FECTORAL n\u00b02025/52/MCI du 2\njuin 2025\nportant d\u00e9l\u00e9gation de signature pour l'ordonnancement\nsecondaire\ndes d\u00e9penses et des recettes\nde la pr\u00e9fecture de\nTOULON et des sous-pr\u00e9fectures de DRAGUIGNAN et\nBRIGNOLES\nimput\u00e9es sur le budget de l'\u00c9tat (8 pages) Page 12\n2\nDirection d\u00e9partementale des finances\npubliques du Var\n83-2025-06-03-00003\nArr\u00eat\u00e9 portant subd\u00e9l\u00e9gation de signature en\nmati\u00e8re domaniale\nDirection d\u00e9partementale des finances publiques du Var - 83-2025-06-03-00003 - Arr\u00eat\u00e9 portant subd\u00e9l\u00e9gation de signature en\nmati\u00e8re domaniale 3\nREPUBLIQUEFRANCAISELibert\u00e9Egalit\u00e9Fraternit\u00e9\nTFINANCES PUBLIQUES\nCS 91409\n83056 TOULON CEDEX\nArr\u00eat\u00e9 portant subd\u00e9l\u00e9gation de signature en mati\u00e8re domaniale\nVu le d\u00e9cret n\u00b0 2004-374 du 29 avril 2004 relatif aux pouvoirs des pr\u00e9fets, \u00e0 l'organisation et \u00e0 l'action des services\nde l'Etat dans les r\u00e9gions et d\u00e9partements ;\nVu le d\u00e9cret n\u00b0 2008-309 du 3 avril 2008 portant dispositions transitoires relatives \u00e0 la direction g\u00e9n\u00e9rale des\nfinances publiques ;\nVu le d\u00e9cret n\u00b0 2009-707 du 16 juin 2009 relatif aux services d\u00e9concentr\u00e9s de la direction g\u00e9n\u00e9rale des finances\npubliques ;\nVu l'arr\u00eat\u00e9 du 9 juin 2010 portant cr\u00e9ation de la direction d\u00e9partementale des finances publiques du Var ; \nVu le d\u00e9cret n\u00b02011-1962 du 22 novembre 2011 relatif aux premi\u00e8re, deuxi\u00e8me, troisi\u00e8me et quatri\u00e8me parties\nr\u00e9glementaires du code g\u00e9n\u00e9ral de la propri\u00e9t\u00e9 des personnes publiques ; \nVu le d\u00e9cret du 18 novembre 2022 portant nomination de M. Jean-Michel BLANCHARD en qualit\u00e9 de Directeur\nd\u00e9partemental des Finances publiques du Var ;\nVu  le  d\u00e9cret  en  date  du  18  novembre  2022  fixant  au  12  d\u00e9cembre  2022  la  date  d'installation  de  \nM. Jean-Michel BLANCHARD, dans les fonctions de Directeur d\u00e9partemental des Finances publiques du Var ;\nVu le d\u00e9cret du Pr\u00e9sident de la R\u00e9publique du 15 mai 2025 nommant M. Simon BABRE, Pr\u00e9fet du Var ;\nVu l'arr\u00eat\u00e9 n\u00b0 2025/27/MCI du Pr\u00e9fet du Var en date du 2 juin 2025, accordant d\u00e9l\u00e9gation de signature \u00e0 M. Jean-\nMichel BLANCHARD, Directeur d\u00e9partemental des Finances publiques du Var  ; \nArr\u00eate :\nArt. 1\ner. \u2013 En application de l'article 1 de l'arr\u00eat\u00e9 du 2 juin 2025, le sous-sign\u00e9 donne d\u00e9l\u00e9gation de signature en\nmati\u00e8re domaniale \u00e0 M. G\u00e9rard BLANC, Administrateur de l'Etat, responsable du p\u00f4le partenaires aux fins de\nsigner tous actes vis\u00e9s \u00e0 l'article 1 en mati\u00e8re domaniale de ce m\u00eame arr\u00eat\u00e9.\nArt. 2. -  En  cas  d'absence  ou  d'emp\u00eachement,  la  m\u00eame  d\u00e9l\u00e9gation  sera  exerc\u00e9e  par  M.  Philippe  MOLINIER,\nAdministrateur  de  l'Etat,  M.  Jos\u00e9  SCHIAVO,  Administ rateur  des  Finances  publiques  adjoint,\nMme Marie-Christine BELLUOT, Inspectrice divisionnaire des Finances publiques.\nArt. 3. \u2013 La d\u00e9l\u00e9gation de signature est \u00e9galement donn\u00e9e,  pour ce qui concerne  les  attributions vis\u00e9es  sous\nl'article 1  en mati\u00e8re domaniale de l'arr\u00eat\u00e9 du 2 juin 2025 susvis\u00e9,\naux Inspectrices des Finances publiques dont le nom suit :\n- Mme Dragana LLORENS, Inspectrice des Finances publiques,\nDIRECTION D\u00c9PARTEMENTALE\nDES FINANCES PUBLIQUES DU VAR\nDirection d\u00e9partementale\ndes Finances publiques du Var\nDivision Strat\u00e9gie \u2013 Relations aux publics - Cabinet-\nCommunication\nPlace Besagne \u2013 Centre Mayol\nDirection d\u00e9partementale des finances publiques du Var - 83-2025-06-03-00003 - Arr\u00eat\u00e9 portant subd\u00e9l\u00e9gation de signature en\nmati\u00e8re domaniale 4\n- Mme Claudie CARION, Inspectrice des Finances publiques,\n- Mme Karine JULIEN, Inspectrice des Finances publiques,\ndans les limites fix\u00e9es \u00e0 700 000 euros en valeur v\u00e9nale.\nArt. 4. - Le pr\u00e9sent arr\u00eat\u00e9 prend effet au 3 juin 2025. Il sera publi\u00e9 au Recueil des actes administratifs de la\npr\u00e9fecture et affich\u00e9 dans les locaux de la Direction d\u00e9partementale des Finances publiques du Var.\nFait \u00e0 Toulon, le 3 juin 2025\nPour le Pr\u00e9fet,\nLe Directeur d\u00e9partemental des Finances publiques du Var,\nSign\u00e9\nJean-Michel BLANCHARD\nDirection d\u00e9partementale des finances publiques du Var - 83-2025-06-03-00003 - Arr\u00eat\u00e9 portant subd\u00e9l\u00e9gation de signature en\nmati\u00e8re domaniale 5\nDirection d\u00e9partementale des finances\npubliques du Var\n83-2025-06-03-00002\nD\u00e9cision de subd\u00e9l\u00e9gation de signature en\nmati\u00e8re d'ordonnancement secondaire.\nDirection d\u00e9partementale des finances publiques du Var - 83-2025-06-03-00002 - D\u00e9cision de subd\u00e9l\u00e9gation de signature en mati\u00e8re\nd'ordonnancement secondaire. 6\nREPUBLIQUEFRANCAISELibert\u00e9Egalit\u00e9Fraternit\u00e9\nTFINANCES PUBLIQUES\nD\u00e9cision de subd\u00e9l\u00e9gation de signature en mati\u00e8re d'ordonnancement secondaire\nLe Directeur du p\u00f4le partenaire de la Direction D\u00e9partementale des Finances publiques du Var,\nVu le d\u00e9cret n\u00b062-1587 du 29 d\u00e9cembre 1962 modifi\u00e9 portant r\u00e8glement g\u00e9n\u00e9ral sur la comptabilit\u00e9 publique\nactualis\u00e9 par le d\u00e9cret n\u00b02012-1246 du 07 novembre 2012 relatif \u00e0 la gestion budg\u00e9taire et comptable publique ; \nVu le d\u00e9cret n\u00b02004-374 du 29 avril 2004 relatif au pouvoir des pr\u00e9fets, \u00e0 l'organisation et \u00e0 l'action des services de\nl'\u00c9tat dans les r\u00e9gions et les d\u00e9partements, modifi\u00e9 par le d\u00e9cret n\u00b02010-146 du 16 f\u00e9vrier 2010 et par le d\u00e9cret\nn\u00b02010-687 du 24 juin 2010 ;\nVu le  d\u00e9cret  n\u00b0  2009-208  du  20  f\u00e9vrier  2009  relatif  au  statut  particulier  des  administrateurs  des  finances\npubliques ; \nVu le d\u00e9cret n\u00b0 2009-707 du 16 juin 2009 relatif aux services d\u00e9concentr\u00e9s de la Direction G\u00e9n\u00e9rale des Finances\nPubliques ; \nVu le d\u00e9cret du 24 ao\u00fbt 2015 portant nomination de M. G\u00e9rard BLANC, Administrateur de l'Etat, et l'affectant \u00e0 la\nDirection D\u00e9partementale des Finances Publiques du Var ;\nVu le d\u00e9cret du Pr\u00e9sident de la R\u00e9publique du 15 mai 2025, portant nomination de M. Simon BABRE, Pr\u00e9fet du Var ;\nVu l'arr\u00eat\u00e9 pr\u00e9fectoral n\u00b0 2025/27/MCI en date du 2 juin 2025 portant d\u00e9l\u00e9gation de signature \u00e0 M. G\u00e9rard BLANC,\nAdministrateur de l'Etat, pour les actes relevant du pouvoir adjudicateur ;\nVu l'arr\u00eat\u00e9 pr\u00e9fectoral  n\u00b0 2024/51/MCI en date du 2 juin 2025 accordant \u00e0 M. G\u00e9rard BLANC, Administrateur de\nl'Etat, d\u00e9l\u00e9gation de signature en mati\u00e8re d'ordonnancement secondaire ;\nD\u00e9cide :\nEn cas d'absence ou d'emp\u00eachement, les d\u00e9l\u00e9gations qui me sont conf\u00e9r\u00e9es par arr\u00eat\u00e9s du Pr\u00e9fet du Var en date\ndu 2 juin 2025, seront exerc\u00e9es par :\nPhilippe MOLINIER, Administrateur de l'Etat, adjoint au P\u00f4le Partenaires,  \u00e0 l'effet de signer tous documents et\nactes relatifs aux activit\u00e9s de la division Budget Logistique Immobilier ;\nPierrick DELOURME, Administrateur des Finances publiques adjoint, responsable de la division Budget Logistique\nImmobilier,  \u00e0 l'effet de signer tous documents et actes relatifs aux activit\u00e9s de la division Budget Logistique\nImmobilier ;\nFr\u00e9d\u00e9ric  BOMY,  Inspecteur  divisionnaire des Finances  publiques, adjoint au responsable de  la  division  Budget\nLogistique Immobilier,  \u00e0 l'effet de signer tous documents et actes relatifs aux activit\u00e9s de la division Budget\nLogistique Immobilier.\nEn outre,\nsont habilit\u00e9s pour tous les actes relatifs \u00e0 la recette et \u00e0 la d\u00e9pense sur l'ensemble des budgets g\u00e9r\u00e9s au sein de la\ndivision,\nDIRECTION D\u00c9PARTEMENTALE\nDES FINANCES PUBLIQUES DU VAR\nDirection d\u00e9partementale\ndes Finances publiques du Var\nPlace Besagne \u2013 CS 91409\n83056 TOULON CEDEX\nDirection d\u00e9partementale des finances publiques du Var - 83-2025-06-03-00002 - D\u00e9cision de subd\u00e9l\u00e9gation de signature en mati\u00e8re\nd'ordonnancement secondaire. 7\n- Jean-Romain ANNET, Inspecteur des Finances publiques\n- Delphine MOUYER, Contr\u00f4leuse des Finances publiques\n- Corinne DEBIAIS, Contr\u00f4leuse des Finances publiques\nsont habilit\u00e9s pour tous les actes relatifs \u00e0 la d\u00e9pense uniquement,\n-  Philippe PELLESI, Contr\u00f4leur principal des Finances publiques\n-  Gr\u00e9gory BOISSIN, agent administratif des Finances publiques\nsont habilit\u00e9s uniquement pour les actes relatifs aux frais de d\u00e9placements et de remboursement de SATD \u00e9mis \u00e0\ntort :\n- Alexandra PIRLOT, Inspectrice des Finances publiques\n- Fatima NEMER, Agente administrative des Finances publiques\n- Gr\u00e9gory BOISSIN, agent administratif des Finances publiques\nPar ailleurs, sont habilit\u00e9s pour les actes relatifs \u00e0 l'engagement des cr\u00e9dits, les mises en paiement et l'\u00e9mission des\ntitres de recettes g\u00e9r\u00e9s au sein de la division des ressources humaines et de la formation professionnelle,\n- Laurent CROMPAGNE, Administrateur des Finances Publiques Adjoint ;\n- Christophe DETIER, contr\u00f4leur principal des Finances publiques ;\n- S\u00e9verine LETULLIER, contr\u00f4leuse principale des Finances publiques.\nEst habilit\u00e9e pour les actes relatifs \u00e0 l'engagement des cr\u00e9dits g\u00e9r\u00e9s au sein de la mission Strat\u00e9gie \u2013 Relations aux\npublics \u2013 Cabinet - Communication :\n- C\u00e9line NADAL, Inspectrice principale des Finances publiques.\nCette d\u00e9cision prend effet au 3 juin 2025. Elle sera publi\u00e9e au recueil des actes administratifs du d\u00e9partement.\nFait \u00e0 Toulon, le 3 juin 2025\nSign\u00e9\nL'Administrateur de l'\u00c9tat,\nResponsable du P\u00f4le Partenaires,\nG\u00e9rard BLANC\nDirection d\u00e9partementale des finances publiques du Var - 83-2025-06-03-00002 - D\u00e9cision de subd\u00e9l\u00e9gation de signature en mati\u00e8re\nd'ordonnancement secondaire. 8\nDirection d\u00e9partementale des finances\npubliques du Var\n83-2025-06-03-00005\nD\u00e9l\u00e9gation de signature du responsable de la\nTr\u00e9sorerie Hospitali\u00e8re du Var\nDirection d\u00e9partementale des finances publiques du Var - 83-2025-06-03-00005 - D\u00e9l\u00e9gation de signature du responsable de la\nTr\u00e9sorerie Hospitali\u00e8re du Var 9\nREPUBLIQUEFRANCAISELibert\u00e9Egalit\u00e9Fraternit\u00e9\nTFINANCES PUBLIQUES\nDirection d\u00e9partementale des finances publiques du Var\nCENTRE DES FINANCES PUBLIQUES \nZI LES ESPALUNS\n 1 IMPASSE LAVOISSIER\n CS 30608 - 83041 TOULON CEDEX 9\nD\u00c9L\u00c9GATION DE SIGNATURE DU RESPONSABLE DE LA TR\u00c9SORERIE HOSPITALI\u00c8RE DU VAR\nLe comptable, responsable de la tr\u00e9sorerie hospitali\u00e8re du VAR\nVu le d\u00e9cret n\u00b0 2008-309 du 3 avril 2008 portant di verses dispositions relatives \u00e0 la direction g\u00e9n\u00e9ra le des\nfinances publiques ;\nVu le d\u00e9cret n\u00b0 2009-707 du 16 juin 2009 relatif aux services d\u00e9concentr\u00e9s de la direction g\u00e9n\u00e9rale de s\nfinances publiques ;\nVu le d\u00e9cret n\u00b0 2012-1246 du 7 novembre 2012 relatif \u00e0 la gestion budg\u00e9taire et comptable publique, et\nnotamment son article 16 ;\nArr\u00eate :\nArticle 1\ner\nD\u00e9l\u00e9gation de signature est donn\u00e9e \u00e0  Mesdames COWEZ Sandra,  LACHAUX Catherine, Inspectrices,\nainsi  qu'\u00e0 Messieurs  HERAIL Nicolas  et   GRZELAKOWSKI  Christopher,  inspecteurs   adjoints  au\ncomptable charg\u00e9 de la tr\u00e9sorerie hospitali\u00e8re du VAR, \u00e0 l'effet de signer au nom et sous la responsab ilit\u00e9 du\ncomptable soussign\u00e9, \na) les d\u00e9cisions relatives aux demandes de d\u00e9lai de  paiement, le d\u00e9lai accord\u00e9 ne pouvant exc\u00e9der\n24  mois et porter sur une somme sup\u00e9rieure \u00e0 30 000 \u20ac ;\nb) l'ensemble des actes relatifs au recouvrement, e t notamment  les actes de poursuites et les\nd\u00e9clarations de cr\u00e9ances ainsi que pour ester en justice ;\nc) tous actes d'administration et de gestion du service.\nArticle 2\nD\u00e9l\u00e9gation de signature est donn\u00e9e \u00e0 l'effet de signer :\na) les d\u00e9cisions relatives aux demandes de d\u00e9lai de  paiement, dans les limites de dur\u00e9e et de\nmontant indiqu\u00e9es dans le tableau ci-apr\u00e8s ;\nb) l'ensemble des actes relatifs au recouvrement, et notamment  les actes de poursuites et les\nd\u00e9clarations de cr\u00e9ances;\nc) les rejets de d\u00e9penses dans le cadre du visa de mandat\naux agents d\u00e9sign\u00e9s ci-apr\u00e8s :\nNom et pr\u00e9nom des agents grade Dur\u00e9e et Montant\nDORMY S\u00e9bastien Contr\u00f4leur principal 12 mois et 5.000 \u20ac\nRYCKELYNCK Olivier Contr\u00f4leur principal 12 mois et 5.000 \u20ac\nDirection d\u00e9partementale des finances publiques du Var - 83-2025-06-03-00005 - D\u00e9l\u00e9gation de signature du responsable de la\nTr\u00e9sorerie Hospitali\u00e8re du Var 10\nNom et pr\u00e9nom des agents grade Dur\u00e9e et Montant\nRIERA Colette Contr\u00f4leur principal 12 mois et 5.000 \u20ac\nDRAGONNE St\u00e9phanie Contr\u00f4leur principal 12 mois et 5.000 \u20ac\nGRASSO Christophe Contr\u00f4leur 12 mois et 5.000 \u20ac\nMOLINA Maryline Contr\u00f4leur 12 mois et 5.000 \u20ac\nMAUDHUIT Vincent Contr\u00f4leur 12 mois et 5.000 \u20ac\nArticle 3\nLe pr\u00e9sent arr\u00eat\u00e9 sera publi\u00e9 au recueil des actes administratifs du d\u00e9partement du Var\nA LA VALETTE DU VAR, le 3 juin  2025\nLe comptable,\nSign\u00e9\nFABRICE BITTAN  \nAdministrateur des Finances Publiques adjoint\nDirection d\u00e9partementale des finances publiques du Var - 83-2025-06-03-00005 - D\u00e9l\u00e9gation de signature du responsable de la\nTr\u00e9sorerie Hospitali\u00e8re du Var 11\nPr\u00e9fecture du VAR\n83-2025-06-02-00044\nARR\u00caT\u00c9 PR\u00c9FECTORAL n\u00b02025/52/MCI du 2 juin\n2025\nportant d\u00e9l\u00e9gation de signature pour\nl'ordonnancement secondaire\ndes d\u00e9penses et des recettes\nde la pr\u00e9fecture de TOULON et des\nsous-pr\u00e9fectures de DRAGUIGNAN et\nBRIGNOLES\nimput\u00e9es sur le budget de l'\u00c9tat\nPr\u00e9fecture du VAR - 83-2025-06-02-00044 - ARR\u00caT\u00c9 PR\u00c9FECTORAL n\u00b02025/52/MCI du 2 juin 2025\nportant d\u00e9l\u00e9gation de signature pour l'ordonnancement secondaire\ndes d\u00e9penses et des recettes\nde la pr\u00e9fecture de TOULON et des sous-pr\u00e9fectures de DRAGUIGNAN et BRIGNOLES\nimput\u00e9es sur le budget de l'\u00c9tat\n12\n=mPREFETDU VARLibert\u00e9Egalit\u00e9Fraternit\u00e9\nDirection de la coordination des politiques publiques\net de l'appui territorial\nMission de coordination interminist\u00e9rielle\nARR\u00caT\u00c9 PR\u00c9FECTORAL n\u00b02025/52/MCI du 2 juin 2025\nportant d\u00e9l\u00e9gation de signature pour l'ordonnancement secondaire \ndes d\u00e9penses et des recettes\nde la pr\u00e9fecture de TOULON et des sous-pr\u00e9fectures de DRAGUIGNAN et BRIGNOLES \n imput\u00e9es sur le budget de l'\u00c9tat\nLe Pr\u00e9fet du Var,\nChevalier de la L\u00e9gion d'Honneur,\nChevalier de l'Ordre National du M\u00e9rite,\nVu la loi n\u00b0 82-213 du 2 mars 1982 modifi\u00e9e relative aux droits et libert\u00e9s des communes, des \nd\u00e9partements et des r\u00e9gions ;\nVu la loi n\u00b0 83-8 du 7 janvier 1983 modifi\u00e9e relative \u00e0 la r\u00e9partition des comp\u00e9tences entre les  \ncommunes, les d\u00e9partements, les r\u00e9gions et l'\u00c9tat ;\nVu  la  loi  d'orientation  n\u00b0  92-125  du  6  f\u00e9vrier  1992  modifi\u00e9e  relative  \u00e0  l'administration \nterritoriale de la R\u00e9publique ;\nVu la loi n\u00b0 2004-809 du 13 ao\u00fbt 2004 modifi\u00e9e relative aux libert\u00e9s et responsabilit\u00e9s locales ;\nVu le d\u00e9cret n\u00b0 97-34 du 15 janvier 1997 modifi\u00e9 relatif \u00e0 la d\u00e9concentration des d\u00e9cisions  \nadministratives individuelles ;\nVu  le  d\u00e9cret  n\u00b0  2004-374  du  29  avril  2004  modifi\u00e9  relatif  aux  pouvoirs  des  pr\u00e9fets,  \u00e0 \nl'organisation et \u00e0 l'action des services de l'\u00c9tat dans les r\u00e9gions et d\u00e9partements ;\nVu  le  d\u00e9cret  n\u00b0  2007-1488  du  17  octobre  2007  modifi\u00e9  relatif  \u00e0  l'emploi  de  conseiller \nd'administration de l'int\u00e9rieur et de l'outre-mer ;\nVu le d\u00e9cret n\u00b0 2011-1317 du 17 octobre 2011 modifi\u00e9 portant statut particulier du corps  \ninterminist\u00e9riel des attach\u00e9s d'administration de l'\u00c9tat ;\nVu le d\u00e9cret n\u00b0 2012-1246 du 7 novembre 2012 modifi\u00e9 relatif \u00e0 la gestion budg\u00e9taire et  \ncomptable publique ;\nVu le d\u00e9cret n\u00b0 2012-1247 du 7 novembre 2012 modifi\u00e9 portant adaptation de divers textes  \naux nouvelles r\u00e8gles de la gestion budg\u00e9taire et comptable publique ;\n1/8\nPr\u00e9fecture du VAR - 83-2025-06-02-00044 - ARR\u00caT\u00c9 PR\u00c9FECTORAL n\u00b02025/52/MCI du 2 juin 2025\nportant d\u00e9l\u00e9gation de signature pour l'ordonnancement secondaire\ndes d\u00e9penses et des recettes\nde la pr\u00e9fecture de TOULON et des sous-pr\u00e9fectures de DRAGUIGNAN et BRIGNOLES\nimput\u00e9es sur le budget de l'\u00c9tat\n13\nVu  le  d\u00e9cret  du  Pr\u00e9sident  de  la  R\u00e9publique  du  15  avril  2022  portant  nomination  de \nM.  Lucien  GIUDICELLI,  secr\u00e9taire  g\u00e9n\u00e9ral  de  la  pr\u00e9fecture  du  Var,  sous-pr\u00e9fet  de  \nl'arrondissement de Toulon ;\nVu  le  d\u00e9cret  du  Pr\u00e9sident  de  la  R\u00e9publique  du  6  juillet  2023  portant  nomination  de \nMme Myriam GARCIA, sous-pr\u00e9f\u00e8te de l'arrondissement de Draguignan ;\nVu  le  d\u00e9cret  du  Pr\u00e9sident  de  la  R\u00e9publique  du  3  avril  2024  portant  nomination  de \nMme Jos\u00e9phine GUIGLIANO-BOUTONNET, sous-pr\u00e9f\u00e8te, directrice de cabinet du pr\u00e9fet du  \nVar ;\nVu le d\u00e9cret du Pr\u00e9sident de la R\u00e9publique du 21 septembre 2024 portant nomination de  \nM.  Jean-Baptiste  MORINAUD,  sous-pr\u00e9fet  charg\u00e9  de  mission  aupr\u00e8s  du  pr\u00e9fet  du  Var, \nsecr\u00e9taire g\u00e9n\u00e9ral adjoint de la pr\u00e9fecture du Var ;\nVu le d\u00e9cret du Pr\u00e9sident de la R\u00e9publique du 14 novembre 2024 portant nomination de Mme \nAnne-Cecile VIALLE, sous-pr\u00e9f\u00e8te de l'arrondissement de Brignoles ;\nVu le d\u00e9cret du Pr\u00e9sident de la R\u00e9publique du 15 mai 2025 portant nomination de M. Simon  \nBABRE, pr\u00e9fet du Var ;\nVu  l'arr\u00eat\u00e9  pr\u00e9fectoral  n\u00b02020/96/MCI  du  29  d\u00e9cembre  2020  portant  organisation  du \nsecr\u00e9tariat  g\u00e9n\u00e9ral  commun  d\u00e9partemental  du  Var,  modifi\u00e9  par  l'arr\u00eat\u00e9  pr\u00e9fectoral  \nn\u00b02022/18/MCI du 10 juin 2022  et par l'arr\u00eat\u00e9 pr\u00e9fectoral  n\u00b0 2022/45/ MCI du 7 novembre  \n2022 ;\nVu l'arr\u00eat\u00e9 pr\u00e9fectoral n\u00b02024/43/MCI du 30 d\u00e9cembre 2024 portant organisation des services \nde la pr\u00e9fecture du Var ;\nSur proposition du secr\u00e9taire g\u00e9n\u00e9ral de la pr\u00e9fecture,\nARR\u00caTE :\nARTICLE  1 : D\u00e9l\u00e9gation  est  donn\u00e9e,  en  qualit\u00e9  d'ordonnateur  secondaire  d\u00e9l\u00e9gu\u00e9,  \u00e0 \nM.  Lucien  GIUDICELLI,  secr\u00e9taire  g\u00e9n\u00e9ral  de  la  pr\u00e9fecture  du  Var,  sous-pr\u00e9fet  de  \nl'arrondissement de Toulon, aux fins de proc\u00e9der \u00e0 toutes les op\u00e9rations et de signer tous les  \nactes se traduisant par l'ordonnancement secondaire des recettes et des d\u00e9penses de l'\u00c9tat  \npour les cr\u00e9dits ex\u00e9cut\u00e9s \u00e0 l'\u00e9chelon d\u00e9partemental, notamment les march\u00e9s et les arr\u00eat\u00e9s  \nattributifs de subvention ou d'allocation relevant de tous les programmes.\nCette d\u00e9l\u00e9gation porte sur l'engagement, la liquidation et le mandatement des d\u00e9penses,  \nainsi que sur l'\u00e9mission et la signature des titres de recettes.\nSont exclus de la d\u00e9l\u00e9gation les actes de r\u00e9quisition du comptable public assignataire et les  \nd\u00e9cisions de passer outre au refus de visa du contr\u00f4leur budg\u00e9taire local. \nARTICLE 2 : D\u00e9l\u00e9gation est donn\u00e9e \u00e0 M. Jean-Baptiste MORINAUD , secr\u00e9taire g\u00e9n\u00e9ral adjoint \nde la pr\u00e9fecture du Var, sous-pr\u00e9fet charg\u00e9 de mission aupr\u00e8s du pr\u00e9fet du Var,  aux fins de  \nsigner, dans son domaine de comp\u00e9tence, tous actes, documents ou d\u00e9cisions se traduisant  \npar l'ordonnancement secondaire des recettes et des d\u00e9penses de l'\u00c9tat et imput\u00e9es sur les  \nprogrammes suivants :\n 2/8\nPr\u00e9fecture du VAR - 83-2025-06-02-00044 - ARR\u00caT\u00c9 PR\u00c9FECTORAL n\u00b02025/52/MCI du 2 juin 2025\nportant d\u00e9l\u00e9gation de signature pour l'ordonnancement secondaire\ndes d\u00e9penses et des recettes\nde la pr\u00e9fecture de TOULON et des sous-pr\u00e9fectures de DRAGUIGNAN et BRIGNOLES\nimput\u00e9es sur le budget de l'\u00c9tat\n14\n\uf0a7 147  \u00ab  Politique de la ville \u00bb ;\n\uf0a7 177 \u00ab Pr\u00e9vention de l'exclusion et insertion des personnes vuln\u00e9rables \u00bb;\n\uf0a7 135 \u00ab Urbanisme, territoires et am\u00e9lioration de l'habitat \u00bb ;\n\uf0a7 216 \u00ab Conduite et pilotage des politiques de l'int\u00e9rieur  \u00bb, en ce qu'elles concernent  \nl'action 6 \u00ab  Conseil juridique et traitement du contentieux  \u00bb, hors d\u00e9penses d'action  \nsociale ;\n\uf0a7 303 \u00ab Immigration et asile \u00bb ;\n\uf0a7 104 \u00ab Int\u00e9gration et acc\u00e8s \u00e0 la nationalit\u00e9 fran\u00e7aise \u00bb;\n\uf0a7 304 \u00ab Inclusion sociale et protection des personnes \u00bb ;\n\uf0a7 157 \u00abHandicap et d\u00e9pendance\u00bb;\n\uf0a7 129 \u00abLutte contre le racisme, l'antis\u00e9mitisme et la haine anti-LGBT\u00bb.\nEn  cas  d'absence  ou  d'emp\u00eachement  de  M.  Jean-Baptiste  MORINAUD,  la  d\u00e9l\u00e9gation  de \nsignature qui lui est consentie au titre du pr\u00e9sent article est exerc\u00e9e par par Mme Sandrine  \nPOLYCHRONOPOULOS, directrice d\u00e9partementale de l'emploi, du travail et des solidarit\u00e9s du \nVar.\nARTICLE 3 : D\u00e9l\u00e9gation est donn\u00e9e \u00e0 Mme Jos\u00e9phine GUIGLIANO-BOUTONNET, sous-pr\u00e9f\u00e8te, \ndirectrice de cabinet du pr\u00e9fet du Var, aux fins de signer, dans son domaine de comp\u00e9tence,  \ntous  actes,  documents  ou  d\u00e9cisions  se  traduisant  par  l'ordonnancement  secondaire  des \nrecettes et des d\u00e9penses de l'\u00c9tat et imput\u00e9es sur les programmes suivants :\n\uf0a7 122 \"Concours sp\u00e9cifiques et administration\" ;\n\uf0a7 129 \"Coordination du travail gouvernemental\" (MILDECA) ;\n\uf0a7 161 \"S\u00e9curit\u00e9 civile\" ;\n\uf0a7 207 \"S\u00e9curit\u00e9 et \u00e9ducation routi\u00e8res\" ;\n\uf0a7 216 \"Conduite et pilotage des politiques de l'int\u00e9rieur\", hors d\u00e9penses d'action sociale.\nARTICLE  4 : D\u00e9l\u00e9gation  est  donn\u00e9e  \u00e0  M  Vincent  BARASTIER,  attach\u00e9  hors  classe  \nd'administration de l'\u00c9tat, directeur des s\u00e9curit\u00e9s, aux fins de signer tous actes, documents ou \nd\u00e9cisions se traduisant par l'ordonnancement secondaire des recettes et des d\u00e9penses de  \nl'\u00c9tat relevant des attributions et du fonctionnement  de cette direction et imput\u00e9es sur les  \nprogrammes suivants : \n\uf0a7 122 \"Concours sp\u00e9cifiques et administration\"  ;\n\uf0a7 129 \"Coordination du travail gouvernemental\" (MILDECA) ;\n\uf0a7 161 \"S\u00e9curit\u00e9 civile\" ;\n\uf0a7 207 \"S\u00e9curit\u00e9 et \u00e9ducation routi\u00e8res\" ;\n\uf0a7 216 \"Conduite et pilotage des politiques de l'int\u00e9rieur\", hors d\u00e9penses d'action sociale.\n \n3/8\nPr\u00e9fecture du VAR - 83-2025-06-02-00044 - ARR\u00caT\u00c9 PR\u00c9FECTORAL n\u00b02025/52/MCI du 2 juin 2025\nportant d\u00e9l\u00e9gation de signature pour l'ordonnancement secondaire\ndes d\u00e9penses et des recettes\nde la pr\u00e9fecture de TOULON et des sous-pr\u00e9fectures de DRAGUIGNAN et BRIGNOLES\nimput\u00e9es sur le budget de l'\u00c9tat\n15\nEn cas d'absence ou d'emp\u00eachement de M. Vincent BARASTIER,  la d\u00e9l\u00e9gation de signature  \nqui lui est accord\u00e9e au titre du pr\u00e9sent article, est exerc\u00e9e par Mme Audrey BORGO, c heffe \ndu Cabinet, directrice adjointe des s\u00e9curit\u00e9s.\nEn cas d'absence ou d'emp\u00eachement de M. Vincent BARASTIER et de Mme Audrey BORGO, la \nd\u00e9l\u00e9gation de signature qui leur est accord\u00e9e au titre du pr\u00e9sent article, est exerc\u00e9e par :\n   \n- M. R\u00e9mi PIERRET, attach\u00e9 d'administration de l'\u00c9tat, chef du bureau de la s\u00e9curit\u00e9 publique,  \nMme Sandrine DE RIDDER, attach\u00e9e d'administration de l'\u00c9tat, adjointe au chef du bureau de \nla s\u00e9curit\u00e9 publique, dans la limite de leurs attributions relevant des programmes 122, 129 et \n216 exclusivement ;\n- Mme H\u00e9l\u00e8ne ADELAIDE, secr\u00e9taire administratif de classe sup\u00e9rieure, cheffe de la section  \n\u00ab Pr\u00e9vention de la d\u00e9linquance \u00bb et Mme France FOUGERE, adjointe administrative principale  \n2\u00e8me classe, pour les programmes 129 et 216 exclusivement ;\n- Mme La\u00ebtitia PELLISSIER. attach\u00e9e d'administration de l'\u00c9tat, cheffe du bureau des polices  \nadministratives  de  s\u00e9curit\u00e9,  dans  la  limite  des  attributions  de  ce  bureau  et  relevant  du \nprogramme 216 exclusivement ;\n- Mme C\u00e9line PAGE, secr\u00e9taire administrative de classe exceptionnelle, adjointe \u00e0 la cheffe du \nservice i nterminist\u00e9riel de d\u00e9fense et de protection civile, dans la limite de ses attributions  \nrelevant du programme 161 exclusivement ;\n- Mme Sophie BARASTIER, attach\u00e9e principale d'administration de l'\u00c9tat, cheffe du service de  \nl'\u00e9ducation et de la s\u00e9curit\u00e9 routi\u00e8res, M. Thierry LE GRAND, attach\u00e9 d'administration de  \nl'\u00c9tat,  M.  St\u00e9phane  C\u00c9SARI,  Technicien  sup\u00e9rieur  en  chef  du  d\u00e9veloppement  durable, \nM. Dominique THIEL, d\u00e9l\u00e9gu\u00e9 au permis de conduire et \u00e0 la s\u00e9curit\u00e9 routi\u00e8re, M. Roland  \nESQUIVA,  inspecteur  des  permis  de  conduire  et  de  la  s\u00e9curit\u00e9  routi\u00e8re  de  1\u00e8re  classe, \nMme Isabelle DELECOURT, adjointe administrative principale de 1\u00e8re classe, Mme Isabelle  \nBOURIQUAT, adjointe administrative principale de 1\u00e8re classe, pour effectuer tous les actes et \nop\u00e9rations d'ordonnancement de la d\u00e9pense (saisie, validation, certification de service fait,  \nordre \u00e0 payer) dans les applications Chorus Formulaires et Chorus DT ainsi que la consultation \ndans Chorus-coeur, dans la limite des attributions de ce service et relevant du programme 207 \nexclusivement.\nARTICLE 5 : D\u00e9l\u00e9gation est donn\u00e9e \u00e0 Mme Myriam GARCIA, sous-pr\u00e9f\u00e8te de l'arrondissement \nde  DRAGUIGNAN,  aux fins de signer tous actes, documents ou d\u00e9cisions se traduisant par  \nl'ordonnancement secondaire des recettes et des d\u00e9penses de l'\u00c9tat relevant des attributions \net du fonctionnement des services et de la r\u00e9sidence de la sous-pr\u00e9fecture et imput\u00e9es sur les \nprogrammes suivants :\n\uf0a7 216 \"Conduite et pilotage des politiques de l'int\u00e9rieur\", en ce qu'elles concernent  \nl'action 6  \"Conseil juridique et traitement du contentieux\" .\nEn cas d'absence ou d'emp\u00eachement de Mme Myriam GARCIA, la d\u00e9l\u00e9gation qui lui est  \naccord\u00e9e  au  titre  du  pr\u00e9sent  article  est  exerc\u00e9e  par  M.  Philippe  SAVIGNAT,  conseiller \nd'administration de l'int\u00e9rieur et de l'outre-mer, secr\u00e9taire g\u00e9n\u00e9ral de la sous-pr\u00e9fecture de  \nDRAGUIGNAN, en ce qui concerne le programme 216. \n 4/8\nPr\u00e9fecture du VAR - 83-2025-06-02-00044 - ARR\u00caT\u00c9 PR\u00c9FECTORAL n\u00b02025/52/MCI du 2 juin 2025\nportant d\u00e9l\u00e9gation de signature pour l'ordonnancement secondaire\ndes d\u00e9penses et des recettes\nde la pr\u00e9fecture de TOULON et des sous-pr\u00e9fectures de DRAGUIGNAN et BRIGNOLES\nimput\u00e9es sur le budget de l'\u00c9tat\n16\nMme Christelle CHARLES, secr\u00e9taire administrative de classe sup\u00e9rieure, responsable de la  \nsection  logement/expulsion,  a  en  charge  d' effectuer  les  actes  et  op\u00e9rations  \nd'ordonnancement  de  la  d\u00e9pense  (saisie,  validation,  certification  de  service  fait,  ordre  \u00e0 \npayer) dans l'application Chorus Formulaires dans la limite exclusive de ce programme.\nARTICLE  6 :  D\u00e9l\u00e9gation  est  donn\u00e9e  \u00e0  Mme  Anne-Cecile  VIALLE,  sous-pr\u00e9f\u00e8te  de  \nl'arrondissement de BRIGNOLES,  aux fins de signer tous actes, documents ou d\u00e9cisions se  \ntraduisant par l'ordonnancement secondaire des recettes et des d\u00e9penses de l'\u00c9tat relevant  \ndes attributions et du fonctionnement des services et de la r\u00e9sidence de la sous-pr\u00e9fecture et \nimput\u00e9es sur les programmes suivants :\n\uf0a7 216 \"Conduite et pilotage des politiques de l'int\u00e9rieur\", en ce qu'elles concernent  \nl'action 6 \"Conseil juridique et traitement du contentieux\" ;\nEn cas d'absence ou d'emp\u00eachement de Mme Anne-C\u00e9cile VIALLE, la d\u00e9l\u00e9gation de signature \nqui  lui  est  accord\u00e9e  au  titre  du  pr\u00e9sent  article  est  exerc\u00e9e  par M.  Serge  ORTIS,  attach\u00e9 \nprincipal d'administration de l'\u00c9tat, secr\u00e9taire g\u00e9n\u00e9ral de la sous-pr\u00e9fecture de BRIGNOLES,  \nen ce qui concerne le programme 216.\nEn cas d'absence ou d'emp\u00eachement de  M. Serge ORTIS , d\u00e9l\u00e9gation est donn\u00e9e, dans les  \nm\u00eames conditions et sous son contr\u00f4le, \u00e0 : \n- Monsieur GUILBERT Pascal, secr\u00e9taire administratif de classe exceptionnelle, chef du  \nBureau de l'Administration et la R\u00e9glementation G\u00e9n\u00e9rale, pour tous les actes de gestion  \ndans chorus formulaires.\nARTICLE 7  :  D\u00e9l\u00e9gation est donn\u00e9e \u00e0 M. Thibaut DARGON, conseiller d'administration de  \nl'Int\u00e9rieur et de l'outre-mer,  directeur de la citoyennet\u00e9 et de la l\u00e9galit\u00e9,  aux fins de signer  \ntous  actes,  documents  ou  d\u00e9cisions  se  traduisant  par  l'ordonnancement  secondaire  des \nrecettes et des d\u00e9penses de l'\u00c9tat relevant des attributions et du fonctionnement  de cette  \ndirection et imput\u00e9es sur les programmes suivants :\n\u2022 119 \u00ab  Concours financiers aux communes et groupements de communes \u00bb;\n\u2022 122 \"Concours sp\u00e9cifiques et administration\" ;\n\u2022 176 \"Police nationale  en ce qu'elles concernent les demandes de remboursement de  \nfrais d'indemnisation des gardiens de fourri\u00e8res automobiles\" ;\n\u2022 216 \"Conduite et pilotage des politiques de l'int\u00e9rieur\", en ce qu'elles concernent les  \nd\u00e9penses de contentieux de la direction de la citoyennet\u00e9 et de la l\u00e9galit\u00e9 ;\n\u2022 218  \"Conduite  et  pilotage  des  politiques  \u00e9conomique  et  financi\u00e8re\" en  ce  qu'elles \nconcernent  les  frais  d'organisation  des  \u00e9lections  des  juges  des  tribunaux  de  \ncommerce ;\n\u2022 232 \"Vie politique, cultuelle et associative\", dans la limite de 15 000 \u20ac TTC ;\n\u2022 754 \"Contribution \u00e0 l'\u00e9quipement des collectivit\u00e9s territoriales pour l'am\u00e9lioration des  \ntransports en commun, de la s\u00e9curit\u00e9 et de la circulation routi\u00e8res\".\nEn cas d'absence ou d'emp\u00eachement de M. Thibaut DARGON, la d\u00e9l\u00e9gation de signature qui  \nlui est accord\u00e9e au titre du pr\u00e9sent article est exerc\u00e9e par : \n5/8\nPr\u00e9fecture du VAR - 83-2025-06-02-00044 - ARR\u00caT\u00c9 PR\u00c9FECTORAL n\u00b02025/52/MCI du 2 juin 2025\nportant d\u00e9l\u00e9gation de signature pour l'ordonnancement secondaire\ndes d\u00e9penses et des recettes\nde la pr\u00e9fecture de TOULON et des sous-pr\u00e9fectures de DRAGUIGNAN et BRIGNOLES\nimput\u00e9es sur le budget de l'\u00c9tat\n17\n- M. Lionel GARENTE, attach\u00e9 principal d'administration de l'\u00c9tat, chef du bureau du contr\u00f4le  \nde l\u00e9galit\u00e9 et de l'intercommunalit\u00e9, adjoint au directeur, pour les d\u00e9penses  li\u00e9es \u00e0 l'exercice \ndes  attributions  de  ce  bureau  et  relevant  du  programme  216 exclusivement,  ou,  en  cas \nd'absence  ou  d'emp\u00eachement  de  celui-ci,  par  Mme  Rachel  BOURDARIAT,  attach\u00e9e  \nd'administration de l'\u00c9tat, adjointe au chef de bureau ;\n- Mme Laure RESSEGUIER, attach\u00e9e d'administration de l'\u00c9tat, cheffe du bureau des finances  \nlocales, pour les d\u00e9penses li\u00e9es \u00e0 l'exercice des attributions de ce bureau et relevant des  \nprogrammes 119, 122, 216, 754 et 833 exclusivement, ou, en cas d'absence ou d'emp\u00eachement \nde celle-ci, par M. Jean-Fran\u00e7ois RUIZ, secr\u00e9taire administratif de classe sup\u00e9rieure, adjoint \u00e0 la \ncheffe de bureau ;\nD\u00e9l\u00e9gation  est  \u00e9galement  donn\u00e9e  \u00e0  Mme  Morgane  JAMET-MOREAU,  secr\u00e9taire \nadministrative de classe normale, charg\u00e9e du contr\u00f4le budg\u00e9taire et des concours  \nfinanciers  aux  collectivit\u00e9s  territoriales,  et  \u00e0  Mme  Nathalie  CLEMENT,  secr\u00e9taire \nadministrative  de  classe  exceptionnelle,  charg\u00e9e  du  contr\u00f4le  budg\u00e9taire  et  des \nconcours  financiers  aux  collectivit\u00e9s  territoriales,  pour  effectuer  tous  les  actes  et \nop\u00e9rations  d'ordonnancement  de  la  d\u00e9pense  (saisie,  validation,  certification  de \nservice  fait,  ordre  \u00e0  payer)  dans  l'application  Chorus  Formulaires  ainsi  que  la \nconsultation dans Chorus-coeur, dans la limite des attributions du bureau. \n- M. Thibaud RIVIECCIO , attach\u00e9 d'administration de l'\u00c9tat, chef de bureau des \u00e9lections et  \nde la r\u00e9glementation g\u00e9n\u00e9rale, pour les d\u00e9penses li\u00e9es \u00e0 l'exercice des attributions de ce  \nbureau et relevant des p rogrammes 216, 218, 232 et 176 exclusivement, et dans la limite de 2  \n300 \u20ac TTC pour ces trois derniers programmes, ou, en cas d'absence ou d'emp\u00eachement de  \ncelui-ci, par Mme Chantal HERNANDEZ, attach\u00e9e d'administration de l'\u00c9tat, adjointe au chef  \nde bureau, dans la m\u00eame limite de ce montant.\nD\u00e9l\u00e9gation est \u00e9galement donn\u00e9e \u00e0 M. Thomas GRIMMELPONT, secr\u00e9taire administratif de  \nclasse  normale,  chef  de  la  section  \u00ab \u00e9lections \u00bb,  et  Mme  Carine  CHIMENTO,  adjointe \nadministrative de 2\u00e8me classe, gestionnaire des \u00e9lections, pour effectuer tous les actes et  \nop\u00e9rations d'ordonnancement de la d\u00e9pense (saisie, validation, certification de service fait,  \nordre \u00e0 payer) dans les applications Chorus Formulaires et m\u00e9tiers ainsi que la consultation  \ndans Chorus-coeur,  pour les d\u00e9penses li\u00e9es \u00e0 l'exercice des attributions de ce bureau et  \nrelevant des programmes 218 et 232 exclusivement.\nD\u00e9l\u00e9gation est \u00e9galement donn\u00e9e \u00e0 M. Jean-Manuel PAIS, agent contractuel, chef de la section \n\u00ab r\u00e9glementation g\u00e9n\u00e9rale \u00bb et Mme Silvana BIANCOTTO, secr\u00e9taire administratif de classe  \nnormale,  agent  de  la  section  r\u00e9glementation  g\u00e9n\u00e9rale,  pour  effectuer  tous  les  actes  et \nop\u00e9rations d'ordonnancement de la d\u00e9pense (saisie, validation, certification de service fait,  \nordre \u00e0 payer) dans les applications Chorus Formulaires et m\u00e9tiers ainsi que la consultation  \ndans Chorus-coeur,  pour les d\u00e9penses li\u00e9es \u00e0 l'exercice des attributions de ce bureau et  \nrelevant du programme 176 exclusivement.\nARTICLE 8 : D\u00e9l\u00e9gation est donn\u00e9e \u00e0 Mme M\u00e9lanie COLLAR, conseill\u00e8re d'administration de \nl'int\u00e9rieur  et  de  l'outre-mer,  directrice  de  la  coordination  des  politiques  publiques  et  de \nl'appui  territorial  (DCPPAT)  aux  fins  de  signer  tous  actes,  documents  ou  d\u00e9cisions  se \ntraduisant par l'ordonnancement secondaire des recettes et des d\u00e9penses de l'\u00c9tat relevant  \ndes attributions  et du fonctionnement  de cette direction et imput\u00e9es sur les programmes  \nsuivants :\n 6/8\nPr\u00e9fecture du VAR - 83-2025-06-02-00044 - ARR\u00caT\u00c9 PR\u00c9FECTORAL n\u00b02025/52/MCI du 2 juin 2025\nportant d\u00e9l\u00e9gation de signature pour l'ordonnancement secondaire\ndes d\u00e9penses et des recettes\nde la pr\u00e9fecture de TOULON et des sous-pr\u00e9fectures de DRAGUIGNAN et BRIGNOLES\nimput\u00e9es sur le budget de l'\u00c9tat\n18\n\u2022 112 \u00abImpulsion et coordination de la politique d'am\u00e9nagement du territoire  \u00bb ;\n\u2022 119 \u00ab  Concours financiers aux communes et groupements de communes \u00bb;\n\u2022 122 \u00ab Concours sp\u00e9cifiques et administration \u00bb ;\n\u2022 216  \u00ab Conduite  et  pilotage  des  politiques  de  l'int\u00e9rieur \u00bb,  hors  d\u00e9penses  d'action \nsociale ;\n\u2022 362 \u00ab Plan de relance - \u00e9cologie \u00bb;\n\u2022 363 \u00ab Comp\u00e9titivit\u00e9 \u00bb ;\n\u2022 364 \" Coh\u00e9sion\"  ;\n\u2022 380 \u00ab Fonds d'acc\u00e9l\u00e9ration de la transition \u00e9cologique \u00bb ;\nEn cas d'absence ou d'emp\u00eachement de Mme M\u00e9lanie COLLAR, la d\u00e9l\u00e9gation de signature qui \nlui est accord\u00e9e au titre du pr\u00e9sent article est exerc\u00e9e par :\n- M. David DOLIQUE, attach\u00e9 principal d'administration, chef du bureau de l'environnement  \net  du  d\u00e9veloppement  durable,  adjoint  \u00e0  la  directrice de  la  coordination  des  politiques \npubliques et de l'appui territorial, pour les d\u00e9penses  li\u00e9es \u00e0 l'exercice des attributions de ce  \nbureau et relevant du programme 216  exclusivement. En cas  d'absence ou d'emp\u00eachement  \nde celui-ci, par Mme Catherine FALOURD, attach\u00e9e d'administration de l'\u00c9tat, adjointe au  \nchef de bureau ; \n- Mme Catherine LEPECUCHEL, attach\u00e9e d'administration de l'\u00c9tat, cheffe du b ureau des  \nsubventions d'investissement (BSI), aux fins de signer tous actes, documents ou d\u00e9cisions se  \ntraduisant par l'ordonnancement secondaire des recettes et des d\u00e9penses de l'\u00c9tat, relevant  \ndes attributions et du fonctionnement du bureau et imput\u00e9es sur les programmes suivants :\n\u25aa 112 \u00abImpulsion et coordination de la politique d'am\u00e9nagement du territoire\u00bb ;\n\u25aa 119 \u00ab Concours financiers aux communes et groupements de communes \u00bb;\n\u25aa 122 \u00ab Concours sp\u00e9cifiques et administration\u00bb ;\n\u25aa 362 \u00ab Plan de relance - \u00e9cologie \u00bb;\n\u25aa 363 \u00ab comp\u00e9titivit\u00e9\u00bb ;\n\u25aa 364 \" Coh\u00e9sion\"  ;\n\u25aa 380 \u00ab Fonds d'acc\u00e9l\u00e9ration de la transition \u00e9cologique\u00bb.\nAinsi que :\n\u2022 la validation des demandes de subventions et la constatation et la certification des  \nservices faits dans l'application Chorus formulaires ;\n\u2022 la visualisation des actes de gestion dans l'application Chorus Coeur ;\nD\u00e9l\u00e9gation est \u00e9galement donn\u00e9e, pour tous les actes de gestion dans Chorus Formulaires et  \nChorus Coeur , \u00e0  Mme Agn\u00e8s HELUIN et Mme Martine LUBRANO, adjointes administratives  \nprincipales de 1\u00e8re classe. \n  \nARTICLE 9 : D\u00e9l\u00e9gation est donn \u00e9e \u00e0 M. Emmanuel SADOUX,  conseiller d'administration de  \nl'int\u00e9rieur et de l'outre-mer,  directeur des titres d'identit\u00e9 et de l'immigration , aux fins de  \nsigner tous actes, documents ou d\u00e9cisions se traduisant par l'ordonnancement secondaire des \nrecettes et des d\u00e9penses de l'\u00c9tat relevant des attributions  et du fonctionnement  de la  \ndirection des titres d'identit\u00e9 et de l'immigration et imput\u00e9es sur les programmes suivants :\n7/8\nPr\u00e9fecture du VAR - 83-2025-06-02-00044 - ARR\u00caT\u00c9 PR\u00c9FECTORAL n\u00b02025/52/MCI du 2 juin 2025\nportant d\u00e9l\u00e9gation de signature pour l'ordonnancement secondaire\ndes d\u00e9penses et des recettes\nde la pr\u00e9fecture de TOULON et des sous-pr\u00e9fectures de DRAGUIGNAN et BRIGNOLES\nimput\u00e9es sur le budget de l'\u00c9tat\n19\n\u2022 216  \"Conduite  et  pilotage  des  politiques  de  l'int\u00e9rieur\"  en  ce  qu'elles  concernent \nl'action 6 \"Conseil juridique et traitement du contentieux\" ;\nEn cas d'absence ou d'emp\u00eachement de M. Emmanuel SADOUX , la d\u00e9l\u00e9gation de signature  \nqui lui est accord\u00e9e au titre du pr\u00e9sent article est exerc\u00e9e par  Mme Anne-Sophie GADIN,  \nattach\u00e9e  d'administration  de  l'\u00c9tat,  adjointe  au  chef  du  CERT  pour  ce  qui  concerne  les \nattributions du CERT et par  M. Thomas LORMAILLE, attach\u00e9 principal d'administration de  \nl'\u00c9tat, chef du bureau de l'immigration , pour ce qui concerne les attributions du bureau de  \nl'immigration. \nD\u00e9l\u00e9gation est \u00e9galement donn\u00e9e, pour tous les actes de gestion dans chorus formulaires, \u00e0 :\n- Mme Coralie OTULAKOWSKI, attach\u00e9e d'administration de l'\u00c9tat, adjointe au chef du\n  bureau de l'immigration\n- Mme Anne BELLEC, bureau de l'immigration\n- Mme Marie-Christine CLOTAIRE, bureau de l'immigration\n- Mme Caroline RAYMOND, bureau de l'immigration.\nARTICLE  10     :   Le  secr\u00e9taire  g\u00e9n\u00e9ral  de  la  pr\u00e9fecture  du  Var,  la  sous-pr\u00e9f\u00e8te,  directrice  de \ncabinet, le secr\u00e9taire g\u00e9n\u00e9ral adjoint de la pr\u00e9fecture du Var, sous-pr\u00e9fet charg\u00e9 de mission  \naupr\u00e8s du pr\u00e9fet ,  la  sous-pr\u00e9f\u00e8te de l'arrondissement de DRAGUIGNAN, la sous-pr\u00e9f\u00e8te de  \nl'arrondissement de BRIGNOLES, sont charg\u00e9s, chacun en ce qui le concerne, de l'ex\u00e9cution  \ndu pr\u00e9sent arr\u00eat\u00e9 qui sera publi\u00e9 au recueil des actes administratifs de la pr\u00e9fecture du Var.\nFait \u00e0 Toulon, le 2 juin 2025\nPr\u00e9fet du Var\nSign\u00e9\nSimon BABRE\n                    \n 8/8\nPr\u00e9fecture du VAR - 83-2025-06-02-00044 - ARR\u00caT\u00c9 PR\u00c9FECTORAL n\u00b02025/52/MCI du 2 juin 2025\nportant d\u00e9l\u00e9gation de signature pour l'ordonnancement secondaire\ndes d\u00e9penses et des recettes\nde la pr\u00e9fecture de TOULON et des sous-pr\u00e9fectures de DRAGUIGNAN et BRIGNOLES\nimput\u00e9es sur le budget de l'\u00c9tat\n20","date":"2025-06-03","first_seen_on":"2025-06-03T16:42:30+00:00","id":"44eef4048b90a960a36083d8ae0c1dcc640e68715be849e07329d75260da8d01","name":"RAA N\u00b0186 du 3 juin 2025","pdf_creation_date":"2025-06-03T15:27:29+00:00","pdf_modification_date":null,"timezone":"Europe/Paris","url":"https://www.var.gouv.fr/contenu/telechargement/41213/269594/file/RAA%20N%C2%B0186%20du%203%20juin%202025.pdf"}
