{"administration":"pref83","administration_name":"Pr\u00e9fecture du Var","content":"VAR\nRECUEIL DES ACTES\nADMINISTRATIFS\nN\u00b083-2024-069\nPUBLI\u00c9 LE 12 AVRIL 2024\nSommaire\nCentre p\u00e9nitentiaire Toulon La Farl\u00e8de  / Direction du centre p\u00e9nitentiaire\nToulon La Farl\u00e8de\n83-2024-04-09-00008 - D\u00e9l\u00e9gation de signature \u00e9lections 2024 C. JAUFFRES\n(1 page) Page 4\n83-2024-04-09-00009 - D\u00e9l\u00e9gation de signature \u00e9lections 2024 Q.\nLAMOUREUX (1 page) Page 6\n83-2024-04-09-00010 - D\u00e9l\u00e9gation de signature \u00e9lections 2024 S. ARDUCA (1\npage) Page 8\nPr\u00e9fecture du VAR / Direction de la citoyennet\u00e9 et de la l\u00e9galit\u00e9\n83-2024-03-28-00005 - RAA ARRETE PREFECTORAL MANZO  (2 pages) Page 10\nPr\u00e9fecture du VAR / Direction de la coordination des politiques publiques et\nde l'appui territorial\n83-2024-04-12-00002 - AP 2024 13 deleg signat DIR CAB (8 pages) Page 13\n83-2024-04-12-00003 - AP 2024 15 d\u00e9l\u00e9g signat SP Brignoles-3 (6 pages) Page 22\n83-2024-04-12-00005 - ARR\u00caT\u00c9 PR\u00c9FECTORAL n\u00b0 2024 / 14 / MCI du 12 avril\n2024 portant d\u00e9l\u00e9gation de signature \u00e0 M. Lucien GIUDICELLI, secr\u00e9taire\ng\u00e9n\u00e9ral de la pr\u00e9fecture du Var, sous-pr\u00e9fet de l\u25a1arrondissement de Toulon\n(3 pages) Page 29\n83-2024-04-12-00007 - ARR\u00caT\u00c9 PR\u00c9FECTORAL n\u00b0 2024/15/MCI du 12 avril\n2024 portant d\u00e9l\u00e9gation de signature \u00e0 M. Charbel ABOUD sous-pr\u00e9fet de\nl\u25a1arrondissement de BRIGNOLES (6 pages) Page 33\n83-2024-04-12-00004 - ARR\u00caT\u00c9 PR\u00c9FECTORAL n\u00b02024/13/MCI du 12 avril\n2024 portant d\u00e9l\u00e9gation de signature \u00e0 Mme Jos\u00e9phine\nGUIGLIANO-BOUTONNET, directrice de cabinet du pr\u00e9fet du Var (8 pages) Page 40\n83-2024-04-12-00006 - ARR\u00caT\u00c9 PR\u00c9FECTORAL n\u00b02024/16/MCI du 12 avril\n2024 portant d\u00e9l\u00e9gation de signature \u00e0 Mme Myriam GARCIA, sous-pr\u00e9f\u00e8te\nde l\u25a1arrondissement de DRAGUIGNAN (8 pages) Page 49\n83-2024-04-12-00008 - ARR\u00caT\u00c9 PR\u00c9FECTORAL n\u00b02024/17/MCI du 12 avril\n2024 portant d\u00e9l\u00e9gation de signature pour l\u25a1ordonnancement secondaire\ndes d\u00e9penses et des recettes de la pr\u00e9fecture de TOULON et des\nsous-pr\u00e9fectures de DRAGUIGNAN et BRIGNOLES \n imput\u00e9es sur le\nbudget de l\u25a1\u00c9tat (7 pages) Page 58\nPr\u00e9fecture du VAR / Direction des s\u00e9curit\u00e9s\n83-2024-04-12-00001 - AP n\u00b0 2024_04_DS_SIDPC_17\nportant\nrenouvellement de l\u25a1habilitation n\u00b0H83-3-93 pour la formation aux\ngestes\n de premiers secours du service d\u00e9partemental d\u25a1incendie et de\nsecours du Var (SDIS83). (2 pages) Page 66\n2\n83-2024-04-12-00009 - Arr\u00eat\u00e9 pr\u00e9fectoral n\u00b02024-04-004 ESC du 12 avril\n2024 modifiant l'arr\u00eat\u00e9 n\u00b02024-04-002 ESC du 05 avril 2024 portant\nr\u00e9glementation temporaire de la circulation sur les autoroutes A50 et A57\nsur le territoire des communes de Bandol, Sanary-sur-Mer, Ollioules, La\nFarl\u00e8de, Solli\u00e8s-Ville, Solli\u00e8s-Pont et Solli\u00e8s-Toucas.  (4 pages) Page 69\n3\nCentre p\u00e9nitentiaire Toulon La Farl\u00e8de \n83-2024-04-09-00008\nD\u00e9l\u00e9gation de signature \u00e9lections 2024 C.\nJAUFFRES\nCentre p\u00e9nitentiaire Toulon La Farl\u00e8de  - 83-2024-04-09-00008 - D\u00e9l\u00e9gation de signature \u00e9lections 2024 C. JAUFFRES 4\nMINISTERE\nDE LA JUSTICE\nL'iberte'\nEgalit\u00e9\nFraternit\u00e9\nMinist\u00e8re  de la Justice\nDirection  interr\u00e9gionale  des  services  p\u00e9nitentiaires  de Marseille\nCentre  P\u00e9nitentiaire  de Toulon  La Farl\u00e8de\n\u00c0 La Farl\u00e8de,\nLe 09 avril  2024\nArr\u00eat\u00e9  portant  d\u00e9l\u00e9gation  de signature\nVu l'article  R 57-7-97  du code  de proc\u00e9dure  p\u00e9nale  ;\nVu l'arr\u00eat\u00e9  du ministre  de la justice  nommant  Monsieur  Charpentier-tity  Jean-Pierre  en qualit\u00e9  de\nchef  d'\u00e9tablissement  du centre  p\u00e9nitentiaire  de Toulon  La Farl\u00e8de  \u00e0 compter  du 01 f\u00e9vrier  2023.\nLe chef  de l'\u00e9tablissement  du Centre  P\u00e9nitentiaire  de Toulon  La Farl\u00e8de\nARR\u00caTE\nArticle  1\u00b0:  D\u00e9l\u00e9gation  de signature  est donn\u00e9e  \u00e0 Madame  Claire  JAUFFRES,  Directrice  de d\u00e9tention  au\ncentre  p\u00e9nitentiaire  de Toulon  - La Farl\u00e8de,  \u00e0 l'effet  de signer  toutes  d\u00e9cisions  et documents  se\nrapportant  aux  attributions  relatives  \u00e0 l'inscription  sur les listes  \u00e9lectorales  et au vote  par  correspondance\ndes  personnes  d\u00e9tenues  et d\u00e9finies  \u00e0 l'article  R 57-7-97  du code  de proc\u00e9dure  p\u00e9nale.\nArticle  2: Madame  Claire  JAUFFRES,  Directrice  de d\u00e9tention  au centre  p\u00e9nitentiaire  de Toulon  - La\nFarlede,  assiste  en tant  que  de besoin  le chef  de l'\u00e9tablissement  de Toulon-  La Farl\u00e8de  dans  les attributions\npour  lesquelles  elle  a re\u00e7u  d\u00e9l\u00e9gation  de signature  \u00e0 l'article  1\u00a2\" de l'arr\u00eat\u00e9  du chef  de l'\u00e9tablissement\nToulon-  La Farl\u00e8de  lui donnant  d\u00e9l\u00e9gation  de signature.\nArticle  3: Le pr\u00e9sent  arr\u00eat\u00e9  est publi\u00e9  au recueil  des  actes  administratifs  du d\u00e9partement  dans  lequel\nl'\u00e9tablissement  a son  si\u00e8ge  et affich\u00e9  au sein  de l'\u00e9tablissement  p\u00e9nitentiaire.\nFait  \u00e0 Toulon-  La Farl\u00e8de\nLe 09 avril  2024\n\u00ab Pour  le Pr\u00e9fet  et par  d\u00e9l\u00e9gation  \u00bb\nLe chef  d'\u00e9tablissement,\nJean-Pierre  CHARPENTIER-TITY\n\u00ab SIGNE  \u00bb\n \n- \n  \n- \n \n \n \nCentre p\u00e9nitentiaire Toulon La Farl\u00e8de  - 83-2024-04-09-00008 - D\u00e9l\u00e9gation de signature \u00e9lections 2024 C. JAUFFRES 5\nCentre p\u00e9nitentiaire Toulon La Farl\u00e8de \n83-2024-04-09-00009\nD\u00e9l\u00e9gation de signature \u00e9lections 2024 Q.\nLAMOUREUX\nCentre p\u00e9nitentiaire Toulon La Farl\u00e8de  - 83-2024-04-09-00009 - D\u00e9l\u00e9gation de signature \u00e9lections 2024 Q. LAMOUREUX 6\nMINISTERE\nDE LA JUSTICE\nL'iberte'\nEgalit\u00e9\nFraternit\u00e9\nMinist\u00e8re  de la Justice\nDirection  interr\u00e9gionale  des  services  p\u00e9nitentiaires  de Marseille\nCentre  P\u00e9nitentiaire  de Toulon  La Farl\u00e8de\n\u00c0 La Farl\u00e8de,\nLe 09 avril  2024\nArr\u00eat\u00e9  portant  d\u00e9l\u00e9gation  de signature\nVu l'article  R 57-7-97  du code  de proc\u00e9dure  p\u00e9nale  ;\nVu l'arr\u00eat\u00e9  du ministre  de la justice  nommant  Monsieur  Charpentier-tity  Jean-Pierre  en qualit\u00e9  de\nchef  d'\u00e9tablissement  du centre  p\u00e9nitentiaire  de Toulon  La Farl\u00e8de  \u00e0 compter  du 01 f\u00e9vrier  2023.\nLe chef  de l'\u00e9tablissement  du Centre  P\u00e9nitentiaire  de Toulon  La Farl\u00e8de\nARR\u00caTE\nArticle  1\u00b0\":  D\u00e9l\u00e9gation  de signature  est donn\u00e9e  \u00e0 Madame  Quitterie  LAMOUREUX,  Directrice  de d\u00e9tention\nau centre  p\u00e9nitentiaire  de Toulon  - La Farl\u00e8de,  \u00e0 l'effet  de signer  toutes  d\u00e9cisions  et documents  se\nrapportant  aux  attributions  relatives  \u00e0 l'inscription  sur les listes  \u00e9lectorales  et au vote  par  correspondance\ndes  personnes  d\u00e9tenues  et d\u00e9finies  \u00e0 l'article  R 57-7-97  du code  de proc\u00e9dure  p\u00e9nale.\nArticle  2: Madame  Quitterie  LAMOUREUX,  Directrice  de d\u00e9tention  au centre  p\u00e9nitentiaire  de Toulon  - La\nFarlede,  assiste  en tant  que  de besoin  le chef  de l'\u00e9tablissement  de Toulon-  La Farl\u00e8de  dans  les attributions\npour  lesquelles  elle  a re\u00e7u  d\u00e9l\u00e9gation  de signature  \u00e0 l'article  1\u00b0 de l'arr\u00eat\u00e9  du chef  de l'\u00e9tablissement\nToulon-  La Farl\u00e8de  lui donnant  d\u00e9l\u00e9gation  de signature.\nArticle  3: Le pr\u00e9sent  arr\u00eat\u00e9  est publi\u00e9  au recueil  des  actes  administratifs  du d\u00e9partement  dans  lequel\nl'\u00e9tablissement  a son  si\u00e8ge  et affich\u00e9  au sein  de l'\u00e9tablissement  p\u00e9nitentiaire.\nFait  \u00e0 Toulon-  La Farl\u00e8de\nLe 09 avril  2024\n\u00ab Pour  le Pr\u00e9fet  et par  d\u00e9l\u00e9gation  \u00bb\nLe chef  d'\u00e9tablissement,\nJean-Pierre  CHARPENTIER-TITY\n\u00ab SIGNE  \u00bb\n \n- \n  \n- \n \n \n \nCentre p\u00e9nitentiaire Toulon La Farl\u00e8de  - 83-2024-04-09-00009 - D\u00e9l\u00e9gation de signature \u00e9lections 2024 Q. LAMOUREUX 7\nCentre p\u00e9nitentiaire Toulon La Farl\u00e8de \n83-2024-04-09-00010\nD\u00e9l\u00e9gation de signature \u00e9lections 2024 S.\nARDUCA\nCentre p\u00e9nitentiaire Toulon La Farl\u00e8de  - 83-2024-04-09-00010 - D\u00e9l\u00e9gation de signature \u00e9lections 2024 S. ARDUCA 8\nMINISTERE\nDE LA JUSTICE\nL'iberte'\nEgalit\u00e9\nFraternit\u00e9\nMinist\u00e8re  de la Justice\nDirection  interr\u00e9gionale  des  services  p\u00e9nitentiaires  de Marseille\nCentre  P\u00e9nitentiaire  de Toulon  La Farl\u00e8de\n\u00c0 La Farl\u00e8de,\nLe 09 avril  2024\nArr\u00eat\u00e9  portant  d\u00e9l\u00e9gation  de signature\nVu l'article  R 57-7-97  du code  de proc\u00e9dure  p\u00e9nale  ;\nVu l'arr\u00eat\u00e9  du ministre  de la justice  nommant  Monsieur  Charpentier-tity  Jean-Pierre  en qualit\u00e9  de\nchef  d'\u00e9tablissement  du centre  p\u00e9nitentiaire  de Toulon  La Farl\u00e8de  \u00e0 compter  du 01 f\u00e9vrier  2023.\nLe chef  de l'\u00e9tablissement  du Centre  P\u00e9nitentiaire  de Toulon  La Farl\u00e8de\nARR\u00caTE\nArticle  1\u00b0\":  D\u00e9l\u00e9gation  de signature  est donn\u00e9e  \u00e0 Madame  Sandrine  ARDUCA,  Directrice  adjointe  au chef\nd'\u00e9tablissement  au centre  p\u00e9nitentiaire  de Toulon  - La Farl\u00e8de,  \u00e0 l'effet  de signer  toutes  d\u00e9cisions  et\ndocuments  se rapportant  aux  attributions  relatives  \u00e0 l'inscription  sur les listes  \u00e9lectorales  et au vote  par\ncorrespondance  des  personnes  d\u00e9tenues  et d\u00e9finies  \u00e0 l'article  R 57-7-97  du code  de proc\u00e9dure  p\u00e9nale.\nArticle  2: Madame  Sandrine  ARDUCA,  Directrice  adjointe  au chef  d'\u00e9tablissement  au centre  p\u00e9nitentiaire\nde Toulon  - La Farlede,  assiste  en tant  que  de besoin  le chef  de l'\u00e9tablissement  de Toulon-  La Farl\u00e8de  dans\nles attributions  pour  lesquelles  elle  a re\u00e7u  d\u00e9l\u00e9gation  de signature  \u00e0 l'article  1\u00b0\" de l'arr\u00eat\u00e9  du chef  de\nl''\u00e9tablissement  Toulon-  La Farlede  lui donnant  d\u00e9l\u00e9gation  de signature.\nArticle  3: Le pr\u00e9sent  arr\u00eat\u00e9  est publi\u00e9  au recueil  des  actes  administratifs  du d\u00e9partement  dans  lequel\nl'\u00e9tablissement  a son  si\u00e8ge  et affich\u00e9  au sein  de l'\u00e9tablissement  p\u00e9nitentiaire.\nFait  \u00e0 Toulon-  La Farl\u00e8de\nLe 09 avril  2024\n\u00ab Pour  le Pr\u00e9fet  et par  d\u00e9l\u00e9gation  \u00bb\nLe chef  d'\u00e9tablissement,\nJean-Pierre  CHARPENTIER-TITY\n\u00ab SIGNE  \u00bb\n \n- \n  \n- \n \n \n \nCentre p\u00e9nitentiaire Toulon La Farl\u00e8de  - 83-2024-04-09-00010 - D\u00e9l\u00e9gation de signature \u00e9lections 2024 S. ARDUCA 9\nPr\u00e9fecture du VAR\n83-2024-03-28-00005\nRAA ARRETE PREFECTORAL MANZO \nPr\u00e9fecture du VAR - 83-2024-03-28-00005 - RAA ARRETE PREFECTORAL MANZO 10\nEx\nPREFET\nDU  VAR\nL,z'berte'\nEgalit\u00e9\nFraternit\u00e9\nDirection de la citoyennet\u00e9 et de la l\u00e9galit\u00e9\nBureau des \u00e9lections et de la r\u00e9glementation g\u00e9n\u00e9rale\nARR\u00caT\u00c9 PR\u00c9FECTORAL  n\u00b0 DCL/BERG/2024/ 67 du 28 mars 2024\n portant renouvellement de l'habilitation\n dans le domaine fun\u00e9raire \nde l'\u00e9tablissement \u00abPOMPES FUNEBRES MANZO B&L\u00bb\n8, boulevard Jean Jaur\u00e8s \n83300 DRAGUIGNAN\nHabilitation N\u00b0 24-83-0030\nLe Pr\u00e9fet du Var,\nVu le code g\u00e9n\u00e9ral des collectivit\u00e9s territoriales  ;\nVu la loi n\u00b0 2008-1350 du 19 d\u00e9cembre 2008 relative \u00e0 la l\u00e9gislation fun\u00e9raire  ;\nVu  le  d\u00e9cret  du  Pr\u00e9sident  de  la  R\u00e9publique  du  13  juillet  2023,  portant  nomination  de\nMonsieur Philippe MAHE, pr\u00e9fet du Var  ;\nVu l'arr\u00eat\u00e9 pr\u00e9fectoral n\u00b02023/47/MCI du 21 ao\u00fbt 2023 portant d\u00e9l\u00e9gation de signature \u00e0\nMonsieur Lucien GIUDICELLI, secr\u00e9taire g\u00e9n\u00e9ral de la pr\u00e9fecture du Var  ;\nVu l'arr\u00eat\u00e9 pr\u00e9fectoral n\u00b0 2023/26/MCI du 21 ao\u00fbt 2023 portant d\u00e9l\u00e9gation de signature \u00e0\nMonsieur Thibaut DARGON, directeur de la citoyennet\u00e9 et de la l\u00e9galit\u00e9 de la pr\u00e9fecture du\nVar ;\nVu la demande formul\u00e9e par Monsieur Benoit MANZO, repr\u00e9sentant l\u00e9gal, en vue d'obtenir le\nrenouvellement  de  l'habilitation  fun\u00e9raire  \u00ab POMPES  FUNEBRES  MANZO  B&L   \u00bb,  situ\u00e9e  8,\nboulevard Jean Jaur\u00e8s 83300 DRAGUIGNAN.\nConsid\u00e9rant la compl\u00e9tude du dossier  ;\nSur proposition du  secr\u00e9taire g\u00e9n\u00e9ral de la pr\u00e9fecture  ;\nARR\u00caTE\nArticle 1 : L'\u00e9tablissement de pompes fun\u00e8bres exploit\u00e9 sous le nom commercial et sous\nl'enseigne  \u00abPOMPES  FUNEBRES  MANZO  B&L \u00bb,  situ\u00e9  8,  boulevard  Jean  Jaur\u00e8s  83300\nDRAGUIGNAN, et dont le repr\u00e9sentant l\u00e9gal est Monsieur Benoit MANZO, est habilit\u00e9 pour\nexercer les activit\u00e9s suivantes  :\n1 - Transport de corps avant et apr\u00e8s mise en bi\u00e8re,\n2 - Organisation des obs\u00e8ques,\n3  \u2013  Soins  de  conservation ,  en  sous-traitance  avec  l'\u00e9tablissement  \u00ab  OLEA  SERVICES\nFUNERAIRES \u00bb, sis \u00e0 La Seyne-sur-Mer (Var), habilit\u00e9 sous le num\u00e9ro 22-83-0097 ,\n1/2\nPr\u00e9fecture du VAR - 83-2024-03-28-00005 - RAA ARRETE PREFECTORAL MANZO 11\n4 - Fourniture des housses, cercueils et accessoires int\u00e9rieur et ext\u00e9rieur ainsi que des urnes\ncin\u00e9raires,\n7 - Fourniture des corbillards et voitures de deuil,\n8  -  Fourniture  de  personnels  et  des  objets  et  prestations  n\u00e9cessaires  aux  obs\u00e8ques,\ninhumations, exhumations et cr\u00e9mations.\n \nArticle 2     : L'habilitation porte le num\u00e9ro 24-83-0030.\nArticle 3     : La pr\u00e9sente habilitation prendra effet \u00e0 compter de sa date de signature, pour une\ndur\u00e9e de cinq ans.\nPour  solliciter  le  renouvellement  de  la  pr\u00e9sente  habilitation,  le  b\u00e9n\u00e9ficiaire  devra  faire\nparvenir sa demande en pr\u00e9fecture au plus tard deux mois avant sa date de fin de validit\u00e9.\nArticle 4     : Conform\u00e9ment aux articles L.2223-25 et R.2223-64, D.2223-87 du code g\u00e9n\u00e9ral des\ncollectivit\u00e9s  territoriales,  et  \u00e0  d\u00e9faut  de  la  production,  dans  les  meilleurs  d\u00e9lais,  des\njustificatifs de conformit\u00e9 des \u00e9quipements, la pr\u00e9sente habilitation pourra \u00eatre suspendue\npour  une  dur\u00e9e  maximale  d'un  an  ou  retir\u00e9e,  apr\u00e8s  mise  en  demeure,  pour  les  motifs\nsuivants :\n-non-respect des conditions de sa d\u00e9livrance telles qu'elles sont d\u00e9finies par les dispositions\ndu code g\u00e9n\u00e9ral des collectivit\u00e9s territoriales  ;\n-non exercice ou cessation d'exercice des activit\u00e9s au titre desquelles elle a \u00e9t\u00e9 d\u00e9livr\u00e9e  ;\n-atteinte \u00e0 l'ordre public ou danger pour la salubrit\u00e9 publique.\nDans  les  cas  o\u00f9  le  b\u00e9n\u00e9ficiaire  est  un  d\u00e9l\u00e9gataire,  le  retrait  d'habilitation  entra\u00eene  la\nd\u00e9ch\u00e9ance des d\u00e9l\u00e9gations.\nArticle 5     :   Le secr\u00e9taire g\u00e9n\u00e9ral de la pr\u00e9fecture du Var est charg\u00e9 de l'ex\u00e9cution du pr\u00e9sent\narr\u00eat\u00e9 qui sera publi\u00e9 au recueil des actes administratifs de la pr\u00e9fecture du Var et dont une\ncopie sera adress\u00e9e au maire de la commune d e Draguignan pour information.\nPour le pr\u00e9fet et par d\u00e9l\u00e9gation,\nLe directeur de la citoyennet\u00e9\net de la l\u00e9galit\u00e9,\nle 28 mars 2024\nThibaut DARGON\nDans un d\u00e9lai de deux mois \u00e0 compter de la date de la notification ou de la publication du pr\u00e9sent arr\u00eat\u00e9 au recueil des actes administratifs de la pr\u00e9fecture, les recours suivants peuvent \u00eatre introduits conform\u00e9ment aux dispositions des articles R. 421-1 et suivants du code de justice administrative :-un recours gracieux, adress\u00e9 \u00e0 :M. le Pr\u00e9fet du Var - Boulevard du 112 \u00e8me r\u00e9giment d'infanterie - CS 31209 - 83070 TOULON CEDEX-un recours hi\u00e9rarchique, adress\u00e9  au(x) ministre(s) concern\u00e9(s)  ;Dans ces deux cas, le silence de l'Administration vaut rejet implicite au terme d'un d\u00e9lai de deux mois.Apr\u00e8s un recours gracieux ou hi\u00e9rarchique, le d\u00e9lai du recours contentieux ne court qu'\u00e0 compter du rejet explicite ou implicite de l'un de ces recours.-un recours contentieux, en saisissant le Tribunal Administratif de Toulon : 5 rue Racine -BP 40510 - 83  041 TOULON CEDEX Le tribunal administratif peut \u00eatre saisi par l'application informatique \u00ab  T\u00e9l\u00e9cours \u00bb accessible par le site internet www.telecours.fr.\n2/2Pr\u00e9fecture du VAR - 83-2024-03-28-00005 - RAA ARRETE PREFECTORAL MANZO 12\nPr\u00e9fecture du VAR\n83-2024-04-12-00002\nAP 2024 13 deleg signat DIR CAB\nPr\u00e9fecture du VAR - 83-2024-04-12-00002 - AP 2024 13 deleg signat DIR CAB 13\nEx\nPREFET\nDU  VAR\nL'z'berte'\nEgalit\u00e9\nFraternit\u00e9\nDirection de la coordination \ndes politiques publiques\n   et de l'appui territorial \nMission de coordination interminist\u00e9rielle\nARR\u00caT\u00c9 PR\u00c9FECTORAL n\u00b02024/13/MCI du  12 avril 2024\nportant d\u00e9l\u00e9gation de signature \u00e0\nMme Jos\u00e9phine GUIGLIANO-BOUTONNET, directrice de cabinet du pr\u00e9fet du Var\nLe Pr\u00e9fet du Var,\nOfficier de la L\u00e9gion d'Honneur,\nVu la loi n\u00b0 82-213 du 2 mars 1982 modifi\u00e9e, relative aux droits et libert\u00e9s des communes, des\nd\u00e9partements et des r\u00e9gions  ;\nVu la loi n\u00b0 83-8 du 7 janvier 1983 modifi\u00e9e, relative \u00e0 la r\u00e9partition des comp\u00e9tences entre les\ncommunes, les d\u00e9partements, les r\u00e9gions et l'\u00c9tat  ;\nVu  la  loi  d'orientation  n\u00b0  92-125  du  6  f\u00e9vrier  1992  modifi\u00e9e  relative  \u00e0  l'administration\nterritoriale de la R\u00e9publique ;\nVu la loi n\u00b0 2004-809 du 13 ao\u00fbt 2004 modifi\u00e9e relative aux libert\u00e9s et responsabilit\u00e9s locales  ;\nVu le d\u00e9cret n\u00b0 97-34 du 15 janvier 1997 modifi\u00e9 relatif \u00e0 la d\u00e9concentration des d\u00e9cisions\nadministratives individuelles  ;\nVu  le  d\u00e9cret  n\u00b0  2004-374  du  29  avril  2004  modifi\u00e9  relatif  aux  pouvoirs  des  pr\u00e9fets,  \u00e0\nl'organisation et \u00e0 l'action des services de l'\u00c9tat dans les r\u00e9gions et d\u00e9partements  ;\nVu le d\u00e9cret n\u00b0 2015-510 du 7 mai 2015 portant charte de la d\u00e9concentration  ;\nVu  le  d\u00e9cret  du  Pr\u00e9sident  de  la  R\u00e9publique  du  15  avril  2022  portant  nomination  de\nM.  Lucien  GIUDICELLI,  secr\u00e9taire  g\u00e9n\u00e9ral  de  la  pr\u00e9fecture  du  Var,  sous-pr\u00e9fet  de\nl'arrondissement de Toulon  ; \nVu  le  d\u00e9cret  du  Pr\u00e9sident  de  la  R\u00e9publique  du  2  mars  2023  portant  nomination  de\nMme Agn\u00e8s BONJEAN, sous-pr\u00e9f\u00e8te charg\u00e9e de mission aupr\u00e8s du pr\u00e9fet du Var, secr\u00e9taire\ng\u00e9n\u00e9rale adjointe de la pr\u00e9fecture du Var  ; \nVu  le  d\u00e9cret  du  Pr\u00e9sident  de  la  R\u00e9publique  du  13  juillet  2023  portant  nomination  de\nM. Philippe MAHE, pr\u00e9fet du Var  ;\nVu  le  d\u00e9cret  du  Pr\u00e9sident  de  la  R\u00e9publique  du  3  avril  2024  portant  nomination  de\nMme Jos\u00e9phine GUIGLIANO-BOUTONNET, sous-pr\u00e9f\u00e8te, directrice de cabinet du pr\u00e9fet du\nVar ;\nVu l'avis du comit\u00e9 social d'administration de la pr\u00e9fecture du Var r\u00e9uni le 7 avril 2023 ; \n1/8\nPr\u00e9fecture du VAR - 83-2024-04-12-00002 - AP 2024 13 deleg signat DIR CAB 14\nVu l'arr\u00eat\u00e9 pr\u00e9fectoral n\u00b02024/03/MCI du 19 f\u00e9vrier 2024 portant organisation de la pr\u00e9fecture\ndu Var ; \nVu l'arr\u00eat\u00e9 pr\u00e9fectoral n\u00b02024/04/MCI  du 9 f\u00e9vrier 2024 portant d\u00e9l\u00e9gation de signature \u00e0\nMme Agn\u00e8s BONJEAN, sous-pr\u00e9f\u00e8te charg\u00e9e de mission, secr\u00e9taire g\u00e9n\u00e9rale adjointe, assurant\nl'int\u00e9rim du directeur de cabinet du pr\u00e9fet du Var \u00e0 compter du 12 f\u00e9vrier 2024  ;\nSur proposition du secr\u00e9taire g\u00e9n\u00e9ral de la pr\u00e9fecture du Var  ;\n                                                                                       \nARRETE :\nARTICLE  1er : D\u00e9l\u00e9gation  est  donn\u00e9e  \u00e0  Mme Jos\u00e9phine  GUIGLIANO-BOUTONNET,  sous-\npr\u00e9f\u00e8te,  directrice  de  cabinet  du  pr\u00e9fet  du  Var ,  \u00e0  l'effet  de  signer  tous  actes,  arr\u00eat\u00e9s,\nd\u00e9cisions, m\u00e9moires en d\u00e9fense, correspondances administratives et notes de service, dans\nles  domaines  relevant  des  attributions  du  bureau  de  la  repr\u00e9sentation  de  l'\u00c9tat,  de  la\ndirection  des  s\u00e9curit\u00e9s  et  de  la  d\u00e9l\u00e9gation  d\u00e9partementale  aux  droits  des  femmes  et  \u00e0\nl'\u00e9galit\u00e9, \u00e0 l'exclusion des r\u00e9quisitions des moyens militaires. \nARTICLE  2 :  Lorsque  Mme  Jos\u00e9phine  GUIGLIANO-BOUTONNET  assure  le  service  de\npermanence institu\u00e9 conform\u00e9ment \u00e0 l'ordre des permanences fix\u00e9 par le pr\u00e9fet du Var,\nd\u00e9l\u00e9gation sp\u00e9ciale lui est accord\u00e9e \u00e0 l'effet de signer, pour l'ensemble du d\u00e9partement, tous\narr\u00eat\u00e9s  et  toutes  d\u00e9cisions  relevant  des  attributions  de  l'\u00c9tat  dans  le  d\u00e9partement,\nnotamment :\na)Les d\u00e9cisions de suspension provisoire imm\u00e9diate des permis de conduire  ;\nb)Les mesures d'\u00e9loignement relevant de la comp\u00e9tence du repr\u00e9sentant de l'\u00c9tat dans le\nd\u00e9partement et concernant les \u00e9trangers s\u00e9journant irr\u00e9guli\u00e8rement sur le territoire\nfran\u00e7ais  ainsi  que  les  d\u00e9cisions  de  placement  en  r\u00e9tention  administrative  ou\nd'assignation \u00e0 r\u00e9sidence des \u00e9trangers objet de ces mesures prises en application des\ndispositions du code de l'entr\u00e9e et du s\u00e9jour des \u00e9trangers et du droit d'asile (CESEDA)  ;\nc)Tout courrier relatif aux proc\u00e9dures d'\u00e9loignement concernant les \u00e9trangers s\u00e9journant\nirr\u00e9guli\u00e8rement  sur  le  territoire  fran\u00e7ais,  y  compris  toute  requ\u00eate  adress\u00e9e  aux\njuridictions en mati\u00e8re de r\u00e9tention administrative, notamment au juge des libert\u00e9s et\nde  la  d\u00e9tention  en  application  des  articles  L.  552-1  \u00e0  L.  552-8  du  CESEDA  en  vue\nd'obtenir la prolongation de la r\u00e9tention administrative  ;\nd)La d\u00e9livrance de passeports et de titres d'identit\u00e9  ;\ne)Les  arr\u00eat\u00e9s  pronon\u00e7ant  l'admission  sans  consentement  en  soins  psychiatriques  des\npersonnes dont les troubles mentaux n\u00e9cessitent des soins et compromettent la s\u00fbret\u00e9\ndes  personnes  ou  portent  atteinte,  de  fa\u00e7on  grave,  \u00e0  l'ordre  public,  ainsi  que  les\noppositions  aux  demandes  d'autorisation  de  sortie  de  courte  dur\u00e9e  prises  en\napplication de l'article L. 3211-11-1 du code de la sant\u00e9 publique  ;\nf)Les gardes statiques et escortes de d\u00e9tenus  ;\ng)Les autorisations de transport de corps en dehors du territoire m\u00e9tropolitain.\nD\u00e9l\u00e9gation lui est \u00e9galement donn\u00e9e pour signer toute r\u00e9quisition, toute requ\u00eate ou tout\nm\u00e9moire  aupr\u00e8s  des  juridictions,  notamment  en  mati\u00e8re  de  r\u00e9tention  administrative,  \u00e0\nl'exclusion des d\u00e9clinatoires de comp\u00e9tence et arr\u00eat\u00e9s de conflit.\n2/8Pr\u00e9fecture du VAR - 83-2024-04-12-00002 - AP 2024 13 deleg signat DIR CAB 15\nARTICLE  3 : D\u00e9l\u00e9gation  est  donn\u00e9e  \u00e0  Mme  Rebecca  FERRARIS  MORENO,  attach\u00e9e\nd'administration de l'\u00c9tat, cheffe du bureau de la repr\u00e9sentation de l'\u00c9tat, aux fins de signer,\ndans les limites des attributions de ce bureau, tous actes, documents et correspond ances ne\npr\u00e9sentant pas un caract\u00e8re d\u00e9cisionnel.\nEn cas d'absence ou d'emp\u00eachement de Mme Rebecca FERRARIS MORENO , la d\u00e9l\u00e9gation qui\nlui  est  accord\u00e9e  par  le  pr\u00e9sent  article,  est  exerc\u00e9e  dans  les  m\u00eames  conditions  par\nMme Hannelore PAULET, secr\u00e9taire administrative de classe sup\u00e9rieure, adjointe \u00e0 la cheffe\ndu bureau de la repr\u00e9sentation de l'\u00c9tat. \nEst exclue du champ de cette d\u00e9l\u00e9gation la signature des requ\u00eates et m\u00e9moires aupr\u00e8s des\njuridictions, des lettres circulaires et des lettres personnelles aux \u00e9lus.\nARTICLE  4 : D\u00e9l\u00e9gation  est  donn\u00e9e  \u00e0  M.  Vincent  BARASTIER,  attach\u00e9  hors  classe\nd'administration de  l'\u00c9tat, directeur des s\u00e9curit\u00e9s,  aux fins de signer,  dans les limites des\nattributions de cette direction, tous actes, documents et correspondances, notamment  :\na)  les  autorisations  de  vente  au  d\u00e9tail  d'armes  hors  d'un  local  fixe  et  permanent,  les\nagr\u00e9ments d'armurier, les autorisations d'ouverture d'un commerce d'armes, les autorisations\nde  recompl\u00e9tement  des  stocks  de  munitions  des  soci\u00e9t\u00e9s  de  convoyage  de  fonds,  les\nautorisations d'acquisition et de d\u00e9tention d'armes de cat\u00e9gorie B et les ports d'armes pour\nles lieutenants de louveterie  ;\nb) les accus\u00e9s de r\u00e9ception de demandes d'acquisition et de d\u00e9tention d'armes de cat\u00e9gorie\nB,  les  accus\u00e9s  de  r\u00e9ception  de  demandes  de  renouvellement  de  d\u00e9tention  d'armes  de\ncat\u00e9gorie B valant autorisation provisoire de d\u00e9tention, les autorisations d'acquisition et de\nd\u00e9tention d'armes de cat\u00e9gorie B et de munitions, les r\u00e9c\u00e9piss\u00e9s de d\u00e9claration d'acquisition\nd'armes de cat\u00e9gorie C, les cartes europ\u00e9ennes d'armes \u00e0 feu  ;\nc) l'agr\u00e9ment des agents asserment\u00e9s d'organismes publics ou priv\u00e9s, les autorisations de port\nd'armes des convoyeurs de fonds et des agents asserment\u00e9s des organismes publics ou pr iv\u00e9s,\nles autorisations d'acquisition, de d\u00e9tention et de port d'armes des organismes priv\u00e9s de\ns\u00e9curit\u00e9  (protection  physique  arm\u00e9e  des  personnes  ou  mission  de  surveillance  ou  de\ngardiennage), des lieutenants de louveterie et des organismes de formation dispensant des\nformations  \u00e0  une  activit\u00e9  priv\u00e9e  de  s\u00e9curit\u00e9,  les  autorisations  pr\u00e9alables  \u00e0  l'acc\u00e8s  aux\nformations aux m\u00e9tiers de l'armurerie et de l'armement  ;\nd) 1\u00b0 pour l'arrondissement de Toulon  :\nles  d\u00e9cisions  relatives  aux  demandes  d'agr\u00e9ment  des  policiers  municipaux  et  des\nassistants  temporaires  de  police  municipale,  le  visa  des  cartes  professionnelles  des\nagents  de  police  municipale,  les  conventions  de  coordination  entre  les  polices\nmunicipales et les force s de s\u00e9curit\u00e9 int\u00e9rieure de l'\u00c9tat  ;\n2\u00b0 pour le d\u00e9partement  :\nles arr\u00eat\u00e9s d'autorisation d'acquisition et de d\u00e9tention d'armes et munitions d\u00e9livr\u00e9s aux\ncommunes  pour  l'armement  des  polices  municipales,  les  d\u00e9cisions  relatives  aux\ndemandes d'autorisations de port d'armes pour les policiers municipaux, les d\u00e9cisions\nrelatives aux demandes d'autorisations d'enregistrement audiovisuel des interventions\ndes  policiers  municipaux  au  moyen  de  cam\u00e9ras  individuelles,  les  mutualisations  de\nplusieurs polices municipales, les visas des cartes professionnelles des garde-champ\u00eatres,\n3/8Pr\u00e9fecture du VAR - 83-2024-04-12-00002 - AP 2024 13 deleg signat DIR CAB 16\nles  visas  relatifs  \u00e0  l'armement  des  garde-champ\u00eatres,  les  d\u00e9cisions  relatives  aux\nagr\u00e9ments locaux de visionnage des images de vid\u00e9oprotection  ;\ne) les r\u00e9c\u00e9piss\u00e9s de d\u00e9clarations de spectacles pyrotechniques, les interdictions de spectacles\npyrotechniques, les autorisations d'animation pyrotechnique dans les enceintes sportives, les\nautorisations pr\u00e9alables \u00e0 l'acc\u00e8s aux formations d'explosifs, les certificats de qualification\nd'artificier F4-T2, les agr\u00e9ments des artificiers  ;\nf) les autorisations de manifestations a\u00e9riennes et des spectacles a\u00e9riens publics , les d\u00e9cisions\nrelatives aux demandes de  d\u00e9rogation aux hauteurs de survol,  les d\u00e9cisions relatives aux\ndemandes  d'autorisations  de  survol  a\u00e9rien  en  zone  urbaine,  les  d\u00e9cisions  relatives  aux\ndemandes d'habilitations des pilotes \u00e0 utiliser les h\u00e9lisurfaces ou hydrosurfaces, les r\u00e9c\u00e9piss\u00e9s\nde  d\u00e9claration  d'utilisation  d'un  a\u00e9ronef  t\u00e9l\u00e9-pilot\u00e9  (drone),  les  interdictions  suite  \u00e0  une\nd\u00e9claration d'utilisation d'un a\u00e9ronef t\u00e9l\u00e9-pilot\u00e9 (drone), les d\u00e9cisions relatives aux demandes\nd'agr\u00e9ments des associations a\u00e9ronautiques (a\u00e9roclubs),  cr\u00e9ation de plateformes sanitaires,\nd'h\u00e9listations,  cr\u00e9ation  d'h\u00e9lisurfaces,  \u00e0  l'exclusion  de  celles  situ\u00e9es  sur  le  territoire  des\ncommunes de la communaut\u00e9 de communes du golfe de Saint-Tropez, cr\u00e9ation d'altisurface,\nd'avisurface, cr\u00e9ation et exploitation de plateforme r\u00e9serv\u00e9e \u00e0 la pratique des a\u00e9ronefs ULM,\nzones d'interdiction de survol temporaire, d\u00e9rogations aux zones interdites \u00e0 la captation de\ndonn\u00e9es relevant du ministre de l'int\u00e9rieur  ;\ng)  les  d\u00e9cisions  relatives  aux  transferts  de  licence  des  d\u00e9bits  de  boissons,  les  d\u00e9cisions\nrelatives aux demandes de d\u00e9rogation \u00e0 l'heure l\u00e9gale de fermeture tardive des d\u00e9bits de\nboissons, les d\u00e9cisions et courriers relatifs \u00e0 la police administrative des d\u00e9bits de boissons,\nles courriers d'observations et les fermetures administratives dans  le  cadre du contr\u00f4le \u00e0\nposteriori des d\u00e9clarations faites  en mairie, relatives aux d\u00e9bits de boissons \u00e0 consommer sur\nplace,  les  d\u00e9cisions  relatives  aux  demandes  d'agr\u00e9ments  des  organismes  dispensant  aux\nexploitants des d\u00e9bits de boissons une formation mentionn\u00e9e \u00e0 l'article L.3332-1-1 du code de\nla sant\u00e9 publique, mesures administratives \u00e0 l'encontre des \u00e9tablissements signal\u00e9s par les\nservices de la Douane (vente ill\u00e9gale de tabac)  ;\nh) les d\u00e9cisions relatives aux demandes d'installation, de renouvellement ou de modification\nd'un  syst\u00e8me  de  vid\u00e9oprotection,  les  r\u00e9c\u00e9piss\u00e9s  de  demande  d'installation,  de\nrenouvellement ou de modification d'un syst\u00e8me de vid\u00e9oprotection  ;\ni)  les  r\u00e9c\u00e9piss\u00e9s  de  d\u00e9clarations  de  manifestations  sportives,  assortis  d'\u00e9ventuelles\nprescriptions ;\nj) les autorisations d'exercice d'activit\u00e9s priv\u00e9es de s\u00e9curit\u00e9 sur la voie publique  ;\nk)  les  habilitations  et  agr\u00e9ments  des  agents  de  s\u00fbret\u00e9  portuaire,  a\u00e9roportuaire  et\nferroviaire ;\nl)  les  bons  de  commandes  et  certi ficats  d'acquisition  d'explosifs  et  de  d\u00e9tonateurs,  les\nagr\u00e9ments techniques d'installation ou de d\u00e9p\u00f4t d'explosifs, les autorisations d'exploitation\nd'installation ou de d\u00e9p\u00f4t d'explosifs, les habilitations \u00e0 l'emploi pour les personnes charg\u00e9es\nde la garde, la mise en \u0153uvre et le tir de produits explosifs, les autorisations d'utilisation de\nproduits explosifs d\u00e8s r\u00e9ception, les agr\u00e9ments des personnels travaillant dans les installations\n4/8Pr\u00e9fecture du VAR - 83-2024-04-12-00002 - AP 2024 13 deleg signat DIR CAB 17\nfixes ou mobiles de produits explosifs et des personnes intervenant dans ces installations en\nvue de l'entretien des \u00e9quipements de s\u00fbret\u00e9, les agr\u00e9ments de tir mortier  ;\nm) les documents relatifs \u00e0 la gestion des cr\u00e9dits du BOP 207 ainsi que les documents et\ncontrats ou avenants d'assurance relatifs au v\u00e9hicule du SESR, \u00e0 l'activit\u00e9 de la MSR-Var et \u00e0\nl'organisation de journ\u00e9es sp\u00e9cifiques de s\u00e9curit\u00e9 routi\u00e8re  ;\nn) toutes d\u00e9cisions relatives aux suspensions provisoires du permis de conduire ainsi que les\nagr\u00e9ments et habilitations des m\u00e9decins et des centres psychotechniques  ;\no) toutes d\u00e9cisions relatives aux d\u00e9cisions de restriction de la conduite aux seuls v\u00e9hicules\n\u00e9quip\u00e9s d'un \u00e9thylotest anti- d\u00e9marrage (EAD)  ;\np) les arr\u00eat\u00e9s temporaires et permanents concernant le r\u00e9seau autoroutier conc\u00e9d\u00e9 (ESCOTA)\net non conc\u00e9d\u00e9 (DIRMED), ainsi que les avis de police de circulation concernant les routes \u00e0\ngrande circulation (RGC)  ;\nq) les d\u00e9rogations de circulation des poids-lourds de plus de 7 ,5 tonnes et des transports de\nmati\u00e8res dangereuses (TMD)  ;\nr) les habilitations des policiers municipaux et gardes champ\u00eatres pour la consultation du\nfichier du syst\u00e8me national des permis de conduire (SNPC)  ;\ns) les d\u00e9cisions relatives aux mesures administratives cons\u00e9cutives \u00e0 un contr\u00f4le m\u00e9dical de\nl'aptitude \u00e0 la conduite.\nt) les ordres de missions permanents et temporaires dans le d\u00e9partement du Var et hors\nd\u00e9partement ;\nu) les conventions entre l'\u00c9tat et les \u00e9coles de conduite dans le cadre du dispositif du permis \u00e0\nun euro, le label qualit\u00e9  et la certification qualiopi;\nv) les actes d'hom ologation des centres d'examens pratiques et professionnels  ;\nw) les autorisations d'enseigner la conduite des v\u00e9hicules terrestres \u00e0 moteur  ;\nx) tous actes, y compris les arr\u00eat\u00e9s, relatifs  :\n1\u00b0  \u00e0  la  gestion  ou  au  contr\u00f4le  des  agr\u00e9ments  d'exploitation  des  \u00e9tablissements\nd'enseignement \u00e0 la conduite et des centres de sensibilisation \u00e0 la s\u00e9curit\u00e9 routi\u00e8re  ;\n2\u00b0  au  contr\u00f4le  du  d\u00e9roulement  et  du  calendrier  des  stages  des  centres  de\nsensibilisation \u00e0 la s\u00e9curit\u00e9 routi\u00e8re  ;\n3\u00b0 \u00e0 la gestion en ligne des places d'examen du permis de conduire aux auto-\u00e9coles  ;\n4\u00b0 \u00e0 la d\u00e9livrance des autorisations d'animer les stages  ;\n5\u00b0 \u00e0 l'organisation des examens du permis de conduire et des permis professionnels.\n5/8Pr\u00e9fecture du VAR - 83-2024-04-12-00002 - AP 2024 13 deleg signat DIR CAB 18\nEst exclue du champ de cette d\u00e9l\u00e9gation la signature des requ\u00eates et m\u00e9moires aupr\u00e8s des\njuridictions, des lettres circulaires, des lettres personnelles aux \u00e9lus, d es d\u00e9cisions valant refus,\ndes  d\u00e9cisions  portant  retrait  d'autorisation  ou  d'agr\u00e9ment  et  des actes,  documents  et\ncorrespondances pr\u00e9sentant un caract\u00e8re d\u00e9cisionnel, autres que ceux \u00e9num\u00e9r\u00e9s du a) au x)\ndu pr\u00e9sent article.\nEn cas d'absence ou d'emp\u00eachement de M.  Vincent BARASTIER, la d\u00e9l\u00e9gation qui lui est\naccord\u00e9e par le pr\u00e9sent article, est exerc\u00e9e dans les m\u00eames conditions par  M. Guillaume\nJAUBERT, attach\u00e9 principal d'administration de l'\u00c9tat, chef de cabinet, directeur adjoint des\ns\u00e9curit\u00e9s.\nARTICLE 5 :  D\u00e9l\u00e9gation est donn\u00e9e \u00e0 M. R\u00e9mi PIERRET, attach\u00e9 d'administration de l'\u00c9tat,\nchef du bureau de la s\u00e9curit\u00e9 publique pour signer, dans les limites des attributions du bureau\nde la s\u00e9curit\u00e9 publique, tous actes, documents et correspondances ne pr\u00e9sentant pas un\ncaract\u00e8re d\u00e9cisionnel, \u00e0 l'exclusion des requ\u00eates et m\u00e9moires aupr\u00e8s des juridictions, des\nlettres circulaires et des lettres personnelles aux \u00e9lus.\nD\u00e9l\u00e9gation lui est \u00e9galement donn\u00e9e pour les actes relevant des attributions mentionn\u00e9es aux\ni), j) et k) de l'article 4. \nEn cas d'absence ou d'emp\u00eachement de M. R\u00e9mi PIERRET, la d\u00e9l\u00e9gation qui lui est consentie\npar le pr\u00e9sent article est exerc\u00e9e par Mme Sandrine DE RIDDER, attach\u00e9e d'administration de\nl'\u00c9tat, adjointe au chef de bureau de la s\u00e9curit\u00e9 publique et dans la limite des attributions de\nleur  section  respective  par  Mme  Nathalie  ROSSA,  secr\u00e9taire  administrative  de  classe\nexceptionnelle,  charg\u00e9e  de  la  mission  \u00ab  pr\u00e9vention  de  la  radicalisation  \u00bb,  Mme  H\u00e9l\u00e8ne\nADELAIDE, secr\u00e9taire administrative de classe sup\u00e9rieure, cheffe de la section \u00ab  pr\u00e9vention\nde la d\u00e9linquance  \u00bb, Mme Nathalie CHAMPION, secr\u00e9taire administrative de classe normale,\ncheffe de la section \u00ab  d\u00e9fense civile - s\u00fbret\u00e9  \u00bb et Mme Marie FACCI, secr\u00e9taire administrative\nde classe normale, cheffe de la section \u00ab  ordre public - manifestations  \u00bb.\nARTICLE 6 : D\u00e9l\u00e9gation est donn\u00e9e \u00e0 Mme Laetitia PELLISSIER, attach\u00e9e d'administration de\nl'\u00c9tat, cheffe du bureau des polices administratives de s\u00e9curit\u00e9, pour signer, dans les limites\ndes attributions de ce bureau, tous actes, documents et correspondances ne pr\u00e9sentant pas\nun caract\u00e8re d\u00e9cisionnel, \u00e0 l'exclusion des requ\u00eates et m\u00e9moires aupr\u00e8s des juridictions, des\nlettres circulaires et des lettres personnelles aux \u00e9lus.\nD\u00e9l\u00e9gation de signature lui est \u00e9galement donn\u00e9e pour les actes relevant d es attributions\nmentionn\u00e9es  aux  a),  b),  c),  d),  e),  f),  g)  et  h)  de  l'article  4,  \u00e0  l'exception  des  d\u00e9cisions\nd\u00e9favorables et des d\u00e9cisions portant retrait d'autorisation ou d'agr\u00e9ment .\nD\u00e9l\u00e9gation est \u00e9galement donn\u00e9e \u00e0  : \n\u2022Mme Delphine BONNASSIES, attach\u00e9e d'administration de l'\u00c9tat, adjointe au chef de\nbureau, cheffe de la section \u00ab  armes et pyrotechnie  \u00bb, \n6/8Pr\u00e9fecture du VAR - 83-2024-04-12-00002 - AP 2024 13 deleg signat DIR CAB 19\npour signer, dans les limites des attributions de leur section respective, tous actes, documents\net correspondances ne pr\u00e9sentant pas un caract\u00e8re d\u00e9cisionnel, \u00e0 l'exclusion des requ\u00eates et\nm\u00e9moires aupr\u00e8s des juridictions, des lettres circulaires et des lettres personnelles aux \u00e9lus.\nEn cas d'absence ou d'emp\u00eachement de Mme Laetitia PELLISSIER, la d\u00e9l\u00e9gation qui lui est\naccord\u00e9e par le pr\u00e9sent article est exerc\u00e9e dans les m\u00eames conditions par Mme Delphine\nBONNASSIES.\nARTICLE  7 : D\u00e9l\u00e9gation  est  donn\u00e9e  \u00e0  Mme  Florence  MILLONI,  attach\u00e9e  principale\nd'administration de l'\u00c9tat , cheffe du service interminist\u00e9riel de d\u00e9fense et de protection\nciviles, pour signer, dans les limites des attributions de ce service, tous actes, documents et\ncorrespondances ne pr\u00e9sentant pas un caract\u00e8re d\u00e9cisionnel, \u00e0 l'exclusion des requ\u00eates et\nm\u00e9moires aupr\u00e8s des juridictions, des lettres circulaires et des lettres personnelles aux \u00e9lus.\nD\u00e9l\u00e9gation lui est \u00e9galement donn\u00e9e pour les actes relevant des attributions mentionn\u00e9es au\nl) de l'article 4.\nEn cas d'absence ou d'emp\u00eachement de Mme Florence MILLONI , la d\u00e9l\u00e9gation de signature\nqui lui est accord\u00e9e par le pr\u00e9sent article est exerc\u00e9e dans les m\u00eames conditions par  Mme\nC\u00e9line  PAGE,  secr\u00e9taire  administrative  de  classe  exceptionnelle,  adjointe \u00e0  la  cheffe  du\nservice.\nARTICLE  8 : D\u00e9l\u00e9gation  est  donn\u00e9e  \u00e0  Mme  Sophie  BARASTIER,  attach\u00e9e  principale\nd'administration de l'\u00c9tat, cheffe du service de l'\u00e9ducation et de la s\u00e9curit\u00e9 routi\u00e8res, pour\nsigner tous les actes mentionn\u00e9s aux m), n), o), p), q), r), s), t), u), v), w) et x) de l'article 4 et,\ndans les limites des attributions de ce service, tous les actes, documents et correspondances\nne pr\u00e9sentant pas un caract\u00e8re d\u00e9cisionnel, \u00e0 l'exclusion des requ\u00eates et m\u00e9moires aupr\u00e8s des\njuridictions, des lettres circulaires et des lettres personnelles aux \u00e9lus.\nDans  les  m\u00eames  conditions  et  dans  les  limites  des  attributions  de  leur  p\u00f4le  respectif,\nd\u00e9l\u00e9gation de signature est donn\u00e9e \u00e0  :\n- M. Dominique THIEL, d\u00e9l\u00e9gu\u00e9 au permis de conduire et \u00e0 la s\u00e9curit\u00e9 routi\u00e8re, chef du p\u00f4le\n\u00e9ducation routi\u00e8re et adjoint \u00e0 la cheffe du service de l'\u00e9ducation et de la s\u00e9curit\u00e9 routi\u00e8res,\npour les actes mentionn\u00e9s aux m), t), u), v), w) et x) de l'article 4  ;\n- Mme Laurence CAIRE, attach\u00e9e d'administration de l'\u00c9tat, cheffe du p\u00f4le droits \u00e0 conduire\net adjointe \u00e0 la cheffe du service de l'\u00e9ducation et de la s\u00e9curit\u00e9 routi\u00e8res, pour les actes\nmentionn\u00e9s aux m), n), o), r), s) de l'article 4  ;\n- M. Thierry LE GRAND, attach\u00e9 d'administration de l'Etat, chef du p\u00f4le \u00e9tudes et ing\u00e9nierie et\nadjoint  \u00e0  la  cheffe  du  service  de  l'\u00e9ducation  et  de  la  s\u00e9curit\u00e9  routi\u00e8res,  pour  les  actes\nmentionn\u00e9s aux m), n), o), p), q), s), t) de l'article 4  ;\n- M. Roland ESQUIVA, inspecteur des permis de conduire et de la s\u00e9curit\u00e9 routi\u00e8re de 1\u00e8re\nclasse, adjoint au d\u00e9l\u00e9gu\u00e9 au permis de conduire et \u00e0 la s\u00e9curit\u00e9 routi\u00e8re, pour les actes\nmentionn\u00e9s aux t), u), v), w), x) de l'article 4 et les courriers simples relevant de son p\u00f4le  ;\n- M. St\u00e9phane CESARI, technicien sup\u00e9rieur en chef du d\u00e9veloppement durable, chef du p\u00f4le\npr\u00e9vention, pour les actes mentionn\u00e9s aux m), t) de l'article 4. \nARTICLE 9 : D\u00e9l\u00e9gation est donn\u00e9e \u00e0 Mme Ma\u00efka ROCHE, M. S\u00e9bastien GRIFFO et M. Jean-\nMarc SERRUS, inspecteurs du permis de conduire et de la s\u00e9curit\u00e9 routi\u00e8re, pour signer les\ncourriers  simples  du  p\u00f4le  \u00e9ducation  routi\u00e8re  du  service  de  l'\u00e9ducation  et  de  la  s\u00e9curit\u00e9\nrouti\u00e8res.\n7/8Pr\u00e9fecture du VAR - 83-2024-04-12-00002 - AP 2024 13 deleg signat DIR CAB 20\nARTICLE   10   : Lorsque le service de l'\u00e9ducation et de la s\u00e9curit\u00e9 routi\u00e8res assure le service de\npermanence de week-end et de jours f\u00e9ri\u00e9s institu\u00e9 conform\u00e9ment \u00e0 l'ordre des permanences\nfix\u00e9  par  le  pr\u00e9fet  du  Var,  d\u00e9l\u00e9gation  sp\u00e9ciale  est  accord\u00e9e  \u00e0  Mme  Sophie  BARASTIER,\nM.  Thierry  LE  GRAND,  et  Mme  Laurence  CAIRE ,  \u00e0  l'effet  de  signer,  pour  l'ensemble  du\nd\u00e9partement, les d\u00e9cisions de suspension provisoire imm\u00e9diate des permis de conduire.\nARTICL  E  11    : D\u00e9l\u00e9gation  est  donn\u00e9e  \u00e0  Mme  Chantal  MOLINES,  attach\u00e9e  principale\nd'administration de l'\u00c9tat, d\u00e9l\u00e9gu\u00e9e d\u00e9partementale aux droits des femmes et \u00e0 l'\u00e9galit\u00e9, pour\nsigner, dans les limites de ses attributions, tous actes, documents et correspondances ne\npr\u00e9sentant pas un caract\u00e8re d\u00e9cisionnel, \u00e0 l'exclusion des requ\u00eates et m\u00e9moires aupr\u00e8s des\njuridictions, des lettres circulaires et des lettres personnelles aux \u00e9lus.\nARTICL  E  12    : En  cas  d'absence  ou  d'emp\u00eachement  de  Mme  Jos\u00e9phine  GUIGLIANO-\nBOUTONNET, la d\u00e9l\u00e9gation de signature qui lui est accord\u00e9e \u00e0 l'article 1er est exerc\u00e9e par\nM. Vincent BARASTIER, directeur des s\u00e9curit\u00e9s, et en son absence, par M. Guillaume JAUBERT,\nchef de cabinet, directeur adjoint des s\u00e9curit\u00e9s.\nEst exclue des dispositions du pr\u00e9sent article, la signature des lettres circulaires et des lettres\npersonnelles aux \u00e9lus du d\u00e9partement.\nARTICLE   13   :  L'arr\u00eat\u00e9  pr\u00e9fectoral  n\u00b02024/04/MCI  du  9  f\u00e9vrier  2024 portant  d\u00e9l\u00e9gation  de\nsignature  \u00e0  Mme  Agn\u00e8s  BONJEAN,  sous-pr\u00e9f\u00e8te  charg\u00e9e  de  mission,  secr\u00e9taire  g\u00e9n\u00e9rale\nadjointe, assurant l'int\u00e9rim du directeur de cabinet du pr\u00e9fet du Var , est abrog\u00e9 \u00e0 compter du\n15 avril 2024.\nARTICLE   14   : Le secr\u00e9taire g\u00e9n\u00e9ral de la pr\u00e9fecture et la directrice de cabinet du pr\u00e9fet du\nVar, sont  charg\u00e9s, chacun en ce qui le concerne, de l'ex\u00e9cution du pr\u00e9sent arr\u00eat\u00e9  qui sera\npubli\u00e9 au recueil des actes administratifs de la pr\u00e9fecture du Var.\nFait \u00e0 Toulon, le 12 avril 2024\nPr\u00e9fet du Var\nSign\u00e9 :       Philippe MAH\u00c9\n8/8Pr\u00e9fecture du VAR - 83-2024-04-12-00002 - AP 2024 13 deleg signat DIR CAB 21\nPr\u00e9fecture du VAR\n83-2024-04-12-00003\nAP 2024 15 d\u00e9l\u00e9g signat SP Brignoles-3\nPr\u00e9fecture du VAR - 83-2024-04-12-00003 - AP 2024 15 d\u00e9l\u00e9g signat SP Brignoles-3 22\nEx\nPREFET\nDU  VAR\nL'z'berte'\nEgalit\u00e9\nFraternit\u00e9\nDirection de la coordination\n des politiques publiques\net de l'appui territorial\nMission de coordination interminist\u00e9rielle\nARR\u00caT\u00c9 PR\u00c9FECTORAL n\u00b0 2024/15/MCI du 12 avril 2024\nportant d\u00e9l\u00e9gation de signature \u00e0 M. Charbel ABOUD\nsous-pr\u00e9fet de l'arrondissement de BRIGNOLES\nLe Pr\u00e9fet du Var,\nOfficier de la L\u00e9gion d'Honneur,\nVu la loi n\u00b0 82-213 du 2 mars 1982 modifi\u00e9e, relative aux droits et libert\u00e9s des communes, des\nd\u00e9partements et des r\u00e9gions  ;\nVu la loi n\u00b0 83-8 du 7 janvier 1983 modifi\u00e9e, relative \u00e0 la r\u00e9partition des comp\u00e9tences entre les\ncommunes, les d\u00e9partements, les r\u00e9gions et l'\u00c9tat  ;\nVu  la  loi  d'orientation  n\u00b0  92-125  du  6  f\u00e9vrier  1992  modifi\u00e9e  relative  \u00e0  l'administration\nterritoriale de la R\u00e9publique ;\nVu la loi n\u00b0 2004-809 du 13 ao\u00fbt 2004 modifi\u00e9e relative aux libert\u00e9s et responsabilit\u00e9s locales  ;\nVu le  d\u00e9cret n\u00b0 97-34 du 15 janvier 1997 modifi\u00e9 relatif \u00e0 la d\u00e9concentration des d\u00e9cisions\nadministratives individuelles  ;\nVu  le  d\u00e9cret  n\u00b0  2004-374  du  29  avril  2004  modifi\u00e9  relatif  aux  pouvoirs  des  pr\u00e9fets,  \u00e0\nl'organisation et \u00e0 l'action des services de l'\u00c9tat dans les r\u00e9gions et d\u00e9partements  ;\nVu le d\u00e9cret n\u00b0 2015-510 du 7 mai 2015 portant charte de la d\u00e9concentration  ;\nVu le d\u00e9cret du Pr\u00e9sident de la R\u00e9publique du 8 septembre 2021  portant nomination de\nM. Charbel ABOUD,  sous-pr\u00e9fet de l'arrondissement de Brignoles  ;\nVu  le  d\u00e9cret  du  Pr\u00e9sident  de  la  R\u00e9publique  du  15  avril  2022  portant  nomination  de\nM.  Lucien  GIUDICELLI,  secr\u00e9taire  g\u00e9n\u00e9ral  de  la  pr\u00e9fecture  du  Var,  sous-pr\u00e9fet  de\nl'arrondissement de Toulon  ;\nVu  le  d\u00e9cret  du  Pr\u00e9sident  de  la  R\u00e9publique  du  2  mars  2023  portant  nomination  de\nMme Agn\u00e8s BONJEAN, sous-pr\u00e9f\u00e8te charg\u00e9e de mission aupr\u00e8s du pr\u00e9fet du Var, secr\u00e9taire\ng\u00e9n\u00e9rale adjointe de la pr\u00e9fecture du Var;\nVu  le  d\u00e9cret  du  Pr\u00e9sident  de  la  R\u00e9publique  du  6  juillet  2023  portant  nomination  de\nMme Myriam GARCIA, sous-pr\u00e9f\u00e8te de l'arrondissement de Draguignan;\n \nVu  le  d\u00e9cret  du  Pr\u00e9sident  de  la  R\u00e9publique  du  13  juillet  2023  portant  nomination  de\nM. Philippe MAHE, pr\u00e9fet du Var ;\n1/6\nPr\u00e9fecture du VAR - 83-2024-04-12-00003 - AP 2024 15 d\u00e9l\u00e9g signat SP Brignoles-3 23\nVu  le  d\u00e9cret  du  Pr\u00e9sident  de  la  R\u00e9publique  du  3  avril  2024  portant  nomination  de\nMme Jos\u00e9phine GUIGLIANO-BOUTONNET, sous-pr\u00e9f\u00e8te, directrice de cabinet du pr\u00e9fet du\nVar ;\nVu l'arr\u00eat\u00e9 pr\u00e9fectoral n\u00b02024/03/MCI du 19 f\u00e9vrier 2024 portant organisation de la pr\u00e9fecture\ndu Var ;\nVu l'arr\u00eat\u00e9 pr\u00e9fectoral  n\u00b02024/01/MCI du 29 janvier 2024  portant d\u00e9l\u00e9gation de signature \u00e0\nM. Charbel ABOUD, sous-pr\u00e9fet de l'arrondissement de BRIGNOLES ;\nSur proposition du s ecr\u00e9taire g\u00e9n\u00e9ral de la pr\u00e9fecture du Var  ;\n ARRETE :\nARTICLE  1er     :  Ind\u00e9pendamment  des  attributions  qui  sont  conf\u00e9r\u00e9es  aux  sous-pr\u00e9fets\nd'arrondissement par les lois et r\u00e8glements,  d\u00e9l\u00e9gation est donn\u00e9e \u00e0  M. Charbel ABOUD ,\nsous-pr\u00e9fet de Brignoles, \u00e0 l'effet de signer tous actes de gestion relatifs au fonctionnement\ndes  services  de  la  sous-pr\u00e9fecture,  ainsi  que  pour  signer  les  arr\u00eat\u00e9s,  circulaires  et\ncorrespondances concernant, pour l'arrondissement de Brignoles, les affaires suivante s, \u00e0\nl'exclusion des requ\u00eates et m\u00e9moires aupr\u00e8s des juridictions :\nI \u2013 Administration g\u00e9n\u00e9rale  :\na)d\u00e9claration d'option pour l'incorporation dans le service national fran\u00e7ais des jeunes bi-\nnationaux ;\nb)l\u00e9gislation  fun\u00e9raire  :  laissez-passer  de  corps  et  urnes  cin\u00e9raires  vers  l'\u00e9tranger,\nautorisation de transport de corps et urne cin\u00e9raire vers l'\u00e9tranger, d\u00e9rogation au d\u00e9lai\nr\u00e9glementaire  de  six  jours  en  vue  de  l'inhumation  ou  de  l'incin\u00e9ration  des  corps  des\npersonnes d\u00e9c\u00e9d\u00e9es, autorisation d'inhumation en propri\u00e9t\u00e9 priv\u00e9e  ;\nc)r\u00e9c\u00e9piss\u00e9 de d\u00e9claration des associations de la loi de 1901 et des associations syndicales\nlibres ;\nd)octroi ou refus du concours de la force publique pour l'ex\u00e9cution des d\u00e9cisions de justice\nen mati\u00e8re d'expulsion locative, domiciliaire et immobili\u00e8re r\u00e8glement transactionnel des\ndossiers  aff\u00e9rents,  r\u00e9ception  des  notifications  d'assignation  aux  fins  de  constat  de\nr\u00e9siliation  du  bail  pour  impay\u00e9s  de  loyers,  protocole  d'accord  de  pr\u00e9vention  des\nexpulsions locatives, mise en \u0153uvre des d\u00e9cisions \u00ab  DALO \u00bb, instruction des demandes de\nlogement social et proposition de logements aux bailleurs sociaux  ;\ne)avis pr\u00e9alable aux mesures de police administrative des d\u00e9bits de boissons et des h\u00f4tels  ;\nf)autorisation de toutes \u00e9preuves, manifestations et comp\u00e9titions sportives se d\u00e9roulant\nsur le plan d'eau du lac de Sainte-Croix  ;\ng)arr\u00eat\u00e9 instaurant un p\u00e9rim\u00e8tre de protection en application de l'article L. 226-1 du code\nde la s\u00e9curit\u00e9 int\u00e9rieure  ;\nh)d\u00e9cision de suspension de permis de conduire  ;\ni)d\u00e9livrance des r\u00e9c\u00e9piss\u00e9s de revendeurs d'objets mobiliers  ;\nj)engagement des d\u00e9penses et signature des contrats relatifs \u00e0 la gestion du centre de\nresponsabilit\u00e9 de la sous-pr\u00e9fecture  ;\n                                                                                                                                                                                                                        2/6Pr\u00e9fecture du VAR - 83-2024-04-12-00003 - AP 2024 15 d\u00e9l\u00e9g signat SP Brignoles-3 24\nk)instruction des dossiers relatifs \u00e0 certains rassemblements festifs \u00e0 caract\u00e8re musical  ;\nl)d\u00e9lib\u00e9ration et proc\u00e8s-verbal de r\u00e9union ou de visite des commissions de s\u00e9curit\u00e9 et\nd'accessibilit\u00e9 de l'arrondissement de Brignoles  ;\nm)attestation en vue de l'\u00e9tablissement d'un duplicata de permis de chasser  ;\nn)re\u00e7u  de  d\u00e9p\u00f4t  d'une  d\u00e9claration  de  candidature  aux  \u00e9lections  municipales  pour  les\ncommunes de l'arrondissement  ;\no)r\u00e9c\u00e9piss\u00e9 d\u00e9finitif d'enregistrement d'une candidature aux \u00e9lections municipales pour les\ncommunes de l'arrondissement  ;\np)refus  de  d\u00e9livrance  du  r\u00e9c\u00e9piss\u00e9  d\u00e9finitif  d'enregistrement  d'une  candidature  aux\n\u00e9lections municipales pour les communes de l'arrondissement.                       \n              \nII \u2013 Administration locale :\na) suivi du contr\u00f4le de l\u00e9galit\u00e9 des actes administratifs des collectivit\u00e9s locales et de leurs\n\u00e9tablissements du ressort de l'arrondissement (\u00e0 l'exception des syndicats mixtes dont le\nconseil d\u00e9partemental du Var est membre), et des soci\u00e9t\u00e9s d'\u00e9conomie mixte locales, en ce\nqu'il comprend :\n- l'information de l'autorit\u00e9 locale sur sa demande de la d\u00e9cision du repr\u00e9sentant de\nl'\u00c9tat dans le d\u00e9partement de ne pas d\u00e9f\u00e9rer un acte au tribunal administratif  ;\n- l'information de l'autorit\u00e9 locale qu'un acte est entach\u00e9 d'ill\u00e9galit\u00e9 et la communication\ndes pr\u00e9cisions utiles lui permettant de rendre l\u00e9gal l'acte concern\u00e9  ;\n-  la signature des recours gracieux.\nb) suivi du contr\u00f4le budg\u00e9taire des collectivit\u00e9s locales et de leurs \u00e9tablissements du ressort\nde l'arrondissement (\u00e0 l'exception des syndicats mixtes dont le conseil d\u00e9partemental du Var\nest membre), incluant la signature des recours gracieux  ;\nc)suivi des demandes de mandatement d'office des d\u00e9penses obligatoires  ;\nd) en mati\u00e8re d'urbanisme  : signature des autorisations ou actes relatifs \u00e0 l'utilisation et \u00e0\nl'occupation du sol pour les op\u00e9rations relevant de l'article R. 422-2 du code de l'urbanisme ; \ne)  signature  des  avis  de  l'\u00c9tat  en  qualit\u00e9  de  personne  publique  associ\u00e9e  au  titre  de\nl'\u00e9laboration des documents d'urbanisme, constitution des commissions consultatives de\nl'environnement des a\u00e9rodromes, des commissions locales de l'eau et des comit\u00e9s de rivi\u00e8re  ;\nf) substitution aux maires dans les cas pr\u00e9vus aux articles L. 2215-1 et L. 2215-5 du code\ng\u00e9n\u00e9ral des collectivit\u00e9s locales  ;\ng) occupation temporaire et autorisation de p\u00e9n\u00e9trer sur les propri\u00e9t\u00e9s priv\u00e9es  ;\nh) constitution des groupes de travail pr\u00e9vus par les dispositions du titre VIII du code de\nl'environnement relatif \u00e0 la protection du cadre de vie (publicit\u00e9, enseignes et pr\u00e9-enseignes)\net les mesures administratives d'application  ;\ni) arr\u00eat\u00e9 se rapportant aux \u00e9tablissements publics de coop\u00e9ration intercommunale dont le\nsi\u00e8ge se trouve dans l'arrondissement \u00e0 l'exception des communaut\u00e9s d'agglom\u00e9ration, des\n3/6Pr\u00e9fecture du VAR - 83-2024-04-12-00003 - AP 2024 15 d\u00e9l\u00e9g signat SP Brignoles-3 25\ncommunaut\u00e9s  de  communes,  du  syndicat  mixte  d\u00e9partemental  d'\u00e9lectricit\u00e9  du  Var\n(SYMIELECVAR), des syndicats mixtes dont le conseil d\u00e9partemental du Var est membre en\nce  qui  concerne  les  arr\u00eat\u00e9s  de  cr\u00e9ation,  de  modification  des  attributions,  de  retrait  de\ncommunes membres, d'adh\u00e9sion de nouvelles communes et de dissolution  ;\nj) signature des lettres de demandes de pi\u00e8ces compl\u00e9mentaires de contr\u00f4le de l\u00e9galit\u00e9 et\nbudg\u00e9taire ne valant pas recours gracieux  ; \nk) autorisation d'utilisation du plan d'eau du lac d'Esparron-de-Verdon, retenue de Gr\u00e9oux,\npard\u00e9rogation aux dispositions des arr\u00eat\u00e9s inter-pr\u00e9fectoraux du 23 novembre 2018.\nIII  \u2013  Coordination  de  l'action  des  services  d\u00e9concentr\u00e9s  :  tous  actes  ou  documents\nn\u00e9cessaires \u00e0 l'exercice de son pouvoir de coordination de l'action des services d\u00e9concentr\u00e9s\nde l'\u00c9tat pr\u00e9vu par le d\u00e9cret n\u00b0 2004-374 du 29 avril 2004 modifi\u00e9, et notamment toutes\ndemandes d'information.\n                      \nARTICLE 2 : D\u00e9l\u00e9gation est \u00e9galement donn\u00e9e \u00e0 M. Charbel ABOUD , sous-pr\u00e9fet de Brignoles,\n\u00e0 l'effet de signer, pour l'ensemble du d\u00e9partement du Var, tous actes et documents relatifs\naux attributions suivantes  : \n\u2022cr\u00e9ation, extension, dissolution, contr\u00f4le administratif, contr\u00f4le et tutelle financiers\ndes associations syndicales autoris\u00e9es (ASA)  ;\n\u2022l\u00e2chers de ballons.\nARTICLE 3  : En cas d'absence ou d'emp\u00eachement de M. Charbel ABOUD, d\u00e9l\u00e9gation de\nsignature est donn\u00e9e dans les m\u00eames conditions \u00e0 Mme Myriam GARCIA, sous-pr\u00e9f\u00e8te de\nDraguignan, ou, en cas d'absence ou d'emp\u00eachement de cette derni\u00e8re, \u00e0 Mme Jos\u00e9phine\nGUIGLIANO-BOUTONNET, sous-pr\u00e9f\u00e8te, directrice de cabinet du pr\u00e9fet du Var, ou, en cas\nd'absence ou d'emp\u00eachement de celle-ci, \u00e0 Mme Agn\u00e8s BONJEAN, sous-pr\u00e9f\u00e8te charg\u00e9e de\nmission aupr\u00e8s du pr\u00e9fet du Var, secr\u00e9taire g\u00e9n\u00e9rale adjointe de la pr\u00e9fecture du Var.\nARTICLE  4 : Lorsque  M.  Charbel  ABOUD  assure  le  service  de  permanence  institu\u00e9\nconform\u00e9ment \u00e0 l'ordre des permanences fix\u00e9 p\u00e9riodiquement par le pr\u00e9fet, d\u00e9l\u00e9gation lui\nest  alors  accord\u00e9e  \u00e0  l'effet  de  signer,  pour  l'ensemble  du  d\u00e9partement,  toute  d\u00e9cision\nn\u00e9cessit\u00e9e par une situation d'urgence, notamment  :\n-les d\u00e9cisions de suspension provisoire imm\u00e9diate des permis de conduire  ;\n-les mesures d'\u00e9loignement relevant de la comp\u00e9tence du repr\u00e9sentant de l'\u00c9tat dans le\nd\u00e9partement et concernant les \u00e9trangers s\u00e9journant irr\u00e9guli\u00e8rement sur le territoire\nfran\u00e7ais et les d\u00e9cisions de placement en r\u00e9tention administrative ou d'assignation \u00e0\nr\u00e9sidence des \u00e9trangers objet de ces mesures, prises en application des dispositions du\ncode de l'entr\u00e9e et du s\u00e9jour des \u00e9trangers et du droit d'asile (CESEDA)  ;\n-tout courrier relatif aux proc\u00e9dures d'\u00e9loignement concernant les \u00e9trangers s\u00e9journant\nirr\u00e9guli\u00e8rement  sur  le  territoire  fran\u00e7ais,  y  compris  toute  requ\u00eate  adress\u00e9e  aux\njuridictions en mati\u00e8re de r\u00e9tention administrative, notamment au juge des libert\u00e9s et\nde  la  d\u00e9tention  en  application  des  articles  L.552-1  \u00e0  L.552-8  du  CESEDA,  en  vue\nd'obtenir la prolongation de la r\u00e9tention administrative  ;\n-la d\u00e9livrance de passeports et de titres d'identit\u00e9  ;\n-les  arr\u00eat\u00e9s  pronon\u00e7ant  l'admission  sans  consentement  en  soins  psychiatriques  des\npersonnes  dont  les  troubles  mentaux  n\u00e9cessitent  des  soins  et  compromettent  la\ns\u00fbret\u00e9 des personnes ou portent atteinte, de fa\u00e7on grave, \u00e0 l'ordre public ainsi que les\n                                                                                                                                                                                                                        4/6Pr\u00e9fecture du VAR - 83-2024-04-12-00003 - AP 2024 15 d\u00e9l\u00e9g signat SP Brignoles-3 26\noppositions  aux  demandes  d'autorisation  de  sortie  de  courte  dur\u00e9e  prises  en\napplication de l'article L.3211-11-1 du code de la sant\u00e9 publique  ;\n-les gardes statiques et escortes de d\u00e9tenus  ;\n-les autorisations de transport de corps en dehors du territoire m\u00e9tropolitain.\nARTICLE  5 : D\u00e9l\u00e9gation  de  signature  est  donn\u00e9e  \u00e0  M.  Serge  ORTIS,  attach\u00e9  principal\nd'administration de l'\u00c9tat, secr\u00e9taire g\u00e9n\u00e9ral de la sous-pr\u00e9fecture de Brignoles, pour ce qui\nconcerne les attributions vis\u00e9es \u00e0 l'article 2 et celles mentionn\u00e9es aux rubriques suivantes  :\nI \u2013 Administration g\u00e9n\u00e9rale  :  rubriques a), b), c), d) seulement en ce qui concerne la\ngestion du contingent pr\u00e9fectoral de logements sociaux, f), h), i), j), l), m), n), o) et p),\nainsi que l'engagement des d\u00e9penses courantes \u00e0 hauteur maximale de 2  300 euros dans\nle cadre du centre de responsabilit\u00e9 de la sous-pr\u00e9fecture  ;\nII \u2013 Administration locale  : rubrique j).\nD\u00e9l\u00e9gation de signature lui est \u00e9galement donn\u00e9e pour la signature des documents suivants  :\n-correspondances administratives ordinaires avec la pr\u00e9fecture, les chefs des services\nr\u00e9gionaux et d\u00e9partementaux des administrations de l'\u00c9tat, les autorit\u00e9s r\u00e9gionales,\nd\u00e9partementales et municipales, les \u00e9tablissements publics et les particuliers, ainsi\nque les notes de service  ;\n-ampliations des arr\u00eat\u00e9s et copies conformes des pi\u00e8ces administratives  ;\n-autorisations de cong\u00e9s du personnel de la sous-pr\u00e9fecture de Brignoles \u00e0 l'exception\ndes personnels de cat\u00e9gorie A.\nARTICLE 6  : En cas d'absence ou  d'emp\u00eachement de M. Serge ORTIS, la d\u00e9l\u00e9gation de\nsignature qui lui est donn\u00e9e, est exerc\u00e9e par  :\n-Mme  Elvire  HATSCH-BARBE,  attach\u00e9e  d'administration  de  l'\u00c9tat  au  bureau  de\nl'ing\u00e9nierie territoriale  ;\n-M. Pascal GUILBERT, secr\u00e9taire administratif de classe exceptionnelle, chef du bureau\nde l'administration et de la r\u00e9glementation g\u00e9n\u00e9rale  ;\nSont exclus de cette d\u00e9l\u00e9gation les actes \u00e0 caract\u00e8re d\u00e9cisoire portant sur les attributions\nmentionn\u00e9es aux rubriques d), h), j) et o) du  I \u2013 Administration g\u00e9n\u00e9rale et sur celles vis\u00e9es \u00e0\nl'article 2. \nARTICLE 7 : D\u00e9l\u00e9gation est \u00e9galement donn\u00e9e \u00e0   M. Serge ORTIS, secr\u00e9taire g\u00e9n\u00e9ral de la\nsous-pr\u00e9fecture de Brignoles et \u00e0 M. Pascal GUILBERT, chef du bureau de l'administration et\nde la r\u00e9glementation g\u00e9n\u00e9rale  ,  pour pr\u00e9sider les r\u00e9unions ou visites des commissions de\ns\u00e9curit\u00e9 et d'accessibilit\u00e9 de l'arrondissement de Brignoles.\nARTICLE 8 :  L' arr\u00eat\u00e9 pr\u00e9fectoral  n\u00b02024/01/MCI du 29 janvier 2024 portant d\u00e9l\u00e9gation de\nsignature \u00e0 M. Charbel ABOUD, sous-pr\u00e9fet de l'arrondissement de BRIGNOLES est abrog\u00e9 \u00e0\ncompter du 15 avril 2024.\nARTICLE 9 : Le secr\u00e9taire g\u00e9n\u00e9ral de la pr\u00e9fecture et le sous-pr\u00e9fet de l'arrondissement de\nBrignoles sont charg\u00e9s, chacun en ce qui le concerne, de l'ex\u00e9cution du pr\u00e9sent arr\u00eat\u00e9 qui\nsera publi\u00e9 au recueil des actes administratifs de la pr\u00e9fecture du Var.\n    \n                                                                          Toulon, le  12 avril 2024\n                                                                              Le Pr\u00e9fet du Var      \n                                                                         Sign\u00e9  :  Philippe MAH\u00c9 \n5/6Pr\u00e9fecture du VAR - 83-2024-04-12-00003 - AP 2024 15 d\u00e9l\u00e9g signat SP Brignoles-3 27\n                                                                                                                                                                                                                        6/6Pr\u00e9fecture du VAR - 83-2024-04-12-00003 - AP 2024 15 d\u00e9l\u00e9g signat SP Brignoles-3 28\nPr\u00e9fecture du VAR\n83-2024-04-12-00005\nARR\u00caT\u00c9 PR\u00c9FECTORAL n\u00b0 2024 / 14 / MCI du 12\navril 2024 portant d\u00e9l\u00e9gation de signature \u00e0 M.\nLucien GIUDICELLI, secr\u00e9taire g\u00e9n\u00e9ral de la\npr\u00e9fecture du Var, sous-pr\u00e9fet de\nl\u25a1arrondissement de Toulon\nPr\u00e9fecture du VAR - 83-2024-04-12-00005 - ARR\u00caT\u00c9 PR\u00c9FECTORAL n\u00b0 2024 / 14 / MCI du 12 avril 2024 portant d\u00e9l\u00e9gation de signature \u00e0\nM. Lucien GIUDICELLI, secr\u00e9taire g\u00e9n\u00e9ral de la pr\u00e9fecture du Var, sous-pr\u00e9fet de l\u25a1arrondissement de Toulon 29\nEx\nPREFET\nDU  VAR\nL'z'berte'\nEgalit\u00e9\nFraternit\u00e9\n               Direction de la coordination \n                                                                  des politiques publiques\n   et de l'appui territorial \nMission de coordination interminist\u00e9rielle\nARR\u00caT\u00c9 PR\u00c9FECTORAL n\u00b0 2024 / 14 / MCI du 12 avril 2024\nportant d\u00e9l\u00e9gation de signature \u00e0 M. Lucien GIUDICELLI,\nsecr\u00e9taire g\u00e9n\u00e9ral de la pr\u00e9fecture du Var, \nsous-pr\u00e9fet de l'arrondissement de Toulon\nLe Pr\u00e9fet du Var,\nOfficier de la L\u00e9gion d'Honneur,\nVu la loi n\u00b0 82-213 du 2 mars 1982 modifi\u00e9e relative aux droits et libert\u00e9s des communes, des\nd\u00e9partements et des r\u00e9gions ;\nVu la loi n\u00b0 83-8 du 7 janvier 1983 modifi\u00e9e, relative \u00e0 la r\u00e9partition des comp\u00e9tences entre les\ncommunes, les d\u00e9partements, les r\u00e9gions et l'\u00c9tat  ;\nVu  la  loi  d'orientation  n\u00b0  92-125  du  6  f\u00e9vrier  1992  modifi\u00e9e  relative  \u00e0  l'administration\nterritoriale de la R\u00e9publique ;\nVu la loi n\u00b0 2004-809 du 13 ao\u00fbt 2004 modifi\u00e9e relative aux libert\u00e9s et responsabilit\u00e9s locales  ;\nVu le  d\u00e9cret  n\u00b0  97-34  du  15  janvier  1997  relatif  \u00e0  la  d\u00e9concentration  des  d\u00e9cisions\nadministratives individuelles  ;\nVu le  d\u00e9cret  n\u00b0  2004-374  du  29  avril  2004  modifi\u00e9  relatif  aux  pouvoirs  des  pr\u00e9fets,  \u00e0\nl'organisation et \u00e0 l'action des services de l'\u00c9tat dans les r\u00e9gions et d\u00e9partements ;\nVu le d\u00e9cret n\u00b0 2015-510 du 7 mai 2015 portant charte de la d\u00e9concentration  ;\nVu le d\u00e9cret du Pr\u00e9sident de la R\u00e9publique du 8 septembre 2021  portant nomination de\nM. Charbel ABOUD,  sous-pr\u00e9fet de l'arrondissement de Brignoles  ;\nVu le d\u00e9cret du Pr\u00e9sident de la R\u00e9publique du 15 avril 2022 portant nomination de M. Lucien\nGIUDICELLI, secr\u00e9taire g\u00e9n\u00e9ral de la pr\u00e9fecture du Var, sous-pr\u00e9fet de l'arrondissement de\nToulon ;\nVu le d\u00e9cret du Pr\u00e9sident de la R\u00e9publique du 2 mars 2023 portant nomination de Mme\nAgn\u00e8s BONJEAN, sous-pr\u00e9f\u00e8te charg\u00e9e de mission aupr\u00e8s du pr\u00e9fet du Var,  secr\u00e9taire g\u00e9n\u00e9rale\nadjointe de la pr\u00e9fecture du Var \u00a0 ; \nVu  le  d\u00e9cret  du  Pr\u00e9sident  de  la  R\u00e9publique  du  6  juillet  2023  portant  nomination  de\nMme Myriam GARCIA, sous-pr\u00e9f\u00e8te de l'arrondissement de Draguignan  ;\n1/3\nPr\u00e9fecture du VAR - 83-2024-04-12-00005 - ARR\u00caT\u00c9 PR\u00c9FECTORAL n\u00b0 2024 / 14 / MCI du 12 avril 2024 portant d\u00e9l\u00e9gation de signature \u00e0\nM. Lucien GIUDICELLI, secr\u00e9taire g\u00e9n\u00e9ral de la pr\u00e9fecture du Var, sous-pr\u00e9fet de l\u25a1arrondissement de Toulon 30\nVu  le  d\u00e9cret  du  Pr\u00e9sident  de  la  R\u00e9publique  du  13  juillet  2023  portant  nomination  de\nM. Philippe MAHE, pr\u00e9fet du Var ;\nVu  le  d\u00e9cret  du  Pr\u00e9sident  de  la  R\u00e9publique  du  3  avril  2024  portant  nomination  de\nMme Jos\u00e9phine GUIGLIANO-BOUTONNET, sous-pr\u00e9f\u00e8te, directrice de cabinet du pr\u00e9fet du\nVar ;\nVu l'arr\u00eat\u00e9 pr\u00e9fectoral n\u00b0 2024/03/MCI du 19 f\u00e9vrier 2024 portant organisation de la pr\u00e9fecture\ndu Var ;\nVu l'arr\u00eat\u00e9 pr\u00e9fectoral n\u00b02023/47/MCI du 21 ao\u00fbt 2023 portant d\u00e9l\u00e9gation de signature \u00e0\nM.  Lucien  GIUDICELLI,  secr\u00e9taire  g\u00e9n\u00e9ral  de  la  pr\u00e9fecture  du  Var,  sous-pr\u00e9fet  de\nl'arrondissement de Toulon  ;\nSur proposition du secr \u00e9taire g\u00e9n\u00e9ral de la pr\u00e9fecture du Var  ;\nARRETE :\nARTICLE 1er : Sans pr\u00e9judice des dispositions de l'article 45 du d\u00e9cret n\u00b02004-374 du 29 avril\n2004 susvis\u00e9 relatif aux comp\u00e9tences du secr\u00e9taire g\u00e9n\u00e9ral de la pr\u00e9fecture en cas d'absence\nou d'emp\u00eachement du pr\u00e9fet, d\u00e9l\u00e9gation de signature est donn\u00e9e \u00e0 M. Lucien GIUDICELLI,\nsecr\u00e9taire g\u00e9n\u00e9ral de la pr\u00e9fecture du Var, sous-pr\u00e9fet de l'arrondissement Toulon, \u00e0 l'effet de\nsigner : \n- tous actes, d\u00e9cisions, recours juridictionnels,  saisines juridictionnelles notamment en mati\u00e8re\nde police des \u00e9trangers  ;\n- tous arr\u00eat\u00e9s, dont notamment les arr\u00eat\u00e9s portant placement en r\u00e9tention administrative et\nm\u00e9moires s'y rapportant  ;\n- toutes demandes de prolongation de r\u00e9tention et m\u00e9moires en d\u00e9fense adress\u00e9s au juge des\nlibert\u00e9s et de la d\u00e9tention, ainsi que toutes requ\u00eates en appel, d\u00e9f\u00e9r\u00e9s et m\u00e9moires en\nd\u00e9fense produits aupr\u00e8s des juridictions comp\u00e9tentes  ;\n- toutes circulaires, rapports, correspondances et documents relevant des attributions de\nl'\u00c9tat dans le d\u00e9partement du Var, notamment en ce qui concerne les mati\u00e8res int\u00e9ressant\nplusieurs chefs de services d\u00e9partementaux des administrations de l'\u00c9tat.\nM. Lucien GIUDICELLI, secr\u00e9taire g\u00e9n\u00e9ral de la pr\u00e9fecture du Var, est en outre charg\u00e9 de\nl'administration de l'arrondissement de Toulon.\nSont exclus du champ de la pr\u00e9sente d\u00e9l\u00e9gation de signature : \n\u2022les d\u00e9clinatoires de comp\u00e9tence et les arr\u00eat\u00e9s de conflit  ;\n\u2022la r\u00e9quisition du comptable public  ;\n\u2022les actes pour lesquels une d\u00e9l\u00e9gation a \u00e9t\u00e9 conf\u00e9r\u00e9e \u00e0 un chef de service de l'\u00c9tat\ndans le d\u00e9partement.\nARTICLE 2 : En cas d'absence ou d'emp\u00eachement de M. Lucien GIUDICELLI, la d\u00e9l\u00e9gation qui\nlui est conf\u00e9r\u00e9e par l'article 1er du pr\u00e9sent arr\u00eat\u00e9 est exerc\u00e9e par Mme Jos\u00e9phine GUIGLIANO-\nBOUTONNET, directrice de cabinet du pr\u00e9fet du Var, ou en cas d'absence ou d'emp\u00eachement\n                                                                                                                                                                                                                                2/3Pr\u00e9fecture du VAR - 83-2024-04-12-00005 - ARR\u00caT\u00c9 PR\u00c9FECTORAL n\u00b0 2024 / 14 / MCI du 12 avril 2024 portant d\u00e9l\u00e9gation de signature \u00e0\nM. Lucien GIUDICELLI, secr\u00e9taire g\u00e9n\u00e9ral de la pr\u00e9fecture du Var, sous-pr\u00e9fet de l\u25a1arrondissement de Toulon 31\nde celle-ci, par Mme Agn\u00e8s BONJEAN, sous-pr\u00e9f\u00e8te, charg\u00e9e de mission aupr\u00e8s du pr\u00e9fet du\nVar, secr\u00e9taire g\u00e9n\u00e9rale adjointe de la pr\u00e9fecture du Var .\nEn cas d'absence ou d'emp\u00eachement simultan\u00e9 de M. Lucien GIUDICELLI, de Mme Jos\u00e9phine\nGUIGLIANO-BOUTONNET et de Mme Agn\u00e8s BONJEAN, la d\u00e9l\u00e9gation \u00e9nonc\u00e9e \u00e0 l'article 1er du\npr\u00e9sent arr\u00eat\u00e9 est exerc\u00e9e par  Mme Myriam GARCIA, sous-pr\u00e9f\u00e8te de l'arrondissement de\nDraguignan, ou en cas d'absence ou d'emp\u00eachement de celle-ci, par M . Charbel ABOUD, sous-\npr\u00e9fet de l'arrondissement de Brignoles.\nARTICLE  3 : L'arr\u00eat\u00e9  pr\u00e9fectoral  n\u00b02023/47/MCI  du  21  ao\u00fbt  2023  portant  d\u00e9l\u00e9gation  de\nsignature \u00e0 M. Lucien GIUDICELLI, secr\u00e9taire g\u00e9n\u00e9ral de la pr\u00e9fecture du Var, sous-pr\u00e9fet de\nl'arrondissement de Toulon est abrog\u00e9 \u00e0 compter du 15 avril 2024.\nARTICLE 4 : Le secr\u00e9taire g\u00e9n\u00e9ral de la pr\u00e9fecture, la directrice de cabinet du pr\u00e9fet, la sous-\npr\u00e9f\u00e8te  charg\u00e9e  de  mission  aupr\u00e8s  du  pr\u00e9fet,  la  sous-pr\u00e9f\u00e8te  de  l'arrondissement  de\nDraguignan et le sous-pr\u00e9fet de l'arrondissement de Brignoles sont charg\u00e9s, chacun en ce qui\nle  concerne,  de  l'ex\u00e9cution  du  pr\u00e9sent  arr\u00eat\u00e9  qui  sera  publi\u00e9  au  recueil  des  actes\nadministratifs de la pr\u00e9fecture du Var.\n                                                                                                         Toulon, le  12 avril 2024\n                                                                       Le Pr\u00e9fet du Var              \n                                                                                                         Philippe MAH\u00c9 \n                                                                                              \n3/3Pr\u00e9fecture du VAR - 83-2024-04-12-00005 - ARR\u00caT\u00c9 PR\u00c9FECTORAL n\u00b0 2024 / 14 / MCI du 12 avril 2024 portant d\u00e9l\u00e9gation de signature \u00e0\nM. Lucien GIUDICELLI, secr\u00e9taire g\u00e9n\u00e9ral de la pr\u00e9fecture du Var, sous-pr\u00e9fet de l\u25a1arrondissement de Toulon 32\nPr\u00e9fecture du VAR\n83-2024-04-12-00007\nARR\u00caT\u00c9 PR\u00c9FECTORAL n\u00b0 2024/15/MCI du 12 avril\n2024 portant d\u00e9l\u00e9gation de signature \u00e0 M.\nCharbel ABOUD sous-pr\u00e9fet de l\u25a1arrondissement\nde BRIGNOLES\nPr\u00e9fecture du VAR - 83-2024-04-12-00007 - ARR\u00caT\u00c9 PR\u00c9FECTORAL n\u00b0 2024/15/MCI du 12 avril 2024 portant d\u00e9l\u00e9gation de signature \u00e0\nM. Charbel ABOUD sous-pr\u00e9fet de l\u25a1arrondissement de BRIGNOLES 33\nEx\nPREFET\nDU  VAR\nL'z'berte'\nEgalit\u00e9\nFraternit\u00e9\nDirection de la coordination\n des politiques publiques\net de l'appui territorial\nMission de coordination interminist\u00e9rielle\nARR\u00caT\u00c9 PR\u00c9FECTORAL n\u00b0 2024/15/MCI du 12 avril 2024\nportant d\u00e9l\u00e9gation de signature \u00e0 M. Charbel ABOUD\nsous-pr\u00e9fet de l'arrondissement de BRIGNOLES\nLe Pr\u00e9fet du Var,\nOfficier de la L\u00e9gion d'Honneur,\nVu la loi n\u00b0 82-213 du 2 mars 1982 modifi\u00e9e, relative aux droits et libert\u00e9s des communes, des\nd\u00e9partements et des r\u00e9gions  ;\nVu la loi n\u00b0 83-8 du 7 janvier 1983 modifi\u00e9e, relative \u00e0 la r\u00e9partition des comp\u00e9tences entre les\ncommunes, les d\u00e9partements, les r\u00e9gions et l'\u00c9tat  ;\nVu  la  loi  d'orientation  n\u00b0  92-125  du  6  f\u00e9vrier  1992  modifi\u00e9e  relative  \u00e0  l'administration\nterritoriale de la R\u00e9publique ;\nVu la loi n\u00b0 2004-809 du 13 ao\u00fbt 2004 modifi\u00e9e relative aux libert\u00e9s et responsabilit\u00e9s locales  ;\nVu le  d\u00e9cret n\u00b0 97-34 du 15 janvier 1997 modifi\u00e9 relatif \u00e0 la d\u00e9concentration des d\u00e9cisions\nadministratives individuelles  ;\nVu  le  d\u00e9cret  n\u00b0  2004-374  du  29  avril  2004  modifi\u00e9  relatif  aux  pouvoirs  des  pr\u00e9fets,  \u00e0\nl'organisation et \u00e0 l'action des services de l'\u00c9tat dans les r\u00e9gions et d\u00e9partements  ;\nVu le d\u00e9cret n\u00b0 2015-510 du 7 mai 2015 portant charte de la d\u00e9concentration  ;\nVu le d\u00e9cret du Pr\u00e9sident de la R\u00e9publique du 8 septembre 2021  portant nomination de\nM. Charbel ABOUD,  sous-pr\u00e9fet de l'arrondissement de Brignoles  ;\nVu  le  d\u00e9cret  du  Pr\u00e9sident  de  la  R\u00e9publique  du  15  avril  2022  portant  nomination  de\nM.  Lucien  GIUDICELLI,  secr\u00e9taire  g\u00e9n\u00e9ral  de  la  pr\u00e9fecture  du  Var,  sous-pr\u00e9fet  de\nl'arrondissement de Toulon  ;\nVu  le  d\u00e9cret  du  Pr\u00e9sident  de  la  R\u00e9publique  du  2  mars  2023  portant  nomination  de\nMme Agn\u00e8s BONJEAN, sous-pr\u00e9f\u00e8te charg\u00e9e de mission aupr\u00e8s du pr\u00e9fet du Var, secr\u00e9taire\ng\u00e9n\u00e9rale adjointe de la pr\u00e9fecture du Var;\nVu  le  d\u00e9cret  du  Pr\u00e9sident  de  la  R\u00e9publique  du  6  juillet  2023  portant  nomination  de\nMme Myriam GARCIA, sous-pr\u00e9f\u00e8te de l'arrondissement de Draguignan;\n \nVu  le  d\u00e9cret  du  Pr\u00e9sident  de  la  R\u00e9publique  du  13  juillet  2023  portant  nomination  de\nM. Philippe MAHE, pr\u00e9fet du Var ;\n1/6\nPr\u00e9fecture du VAR - 83-2024-04-12-00007 - ARR\u00caT\u00c9 PR\u00c9FECTORAL n\u00b0 2024/15/MCI du 12 avril 2024 portant d\u00e9l\u00e9gation de signature \u00e0\nM. Charbel ABOUD sous-pr\u00e9fet de l\u25a1arrondissement de BRIGNOLES 34\nVu  le  d\u00e9cret  du  Pr\u00e9sident  de  la  R\u00e9publique  du  3  avril  2024  portant  nomination  de\nMme Jos\u00e9phine GUIGLIANO-BOUTONNET, sous-pr\u00e9f\u00e8te, directrice de cabinet du pr\u00e9fet du\nVar ;\nVu l'arr\u00eat\u00e9 pr\u00e9fectoral n\u00b02024/03/MCI du 19 f\u00e9vrier 2024 portant organisation de la pr\u00e9fecture\ndu Var ;\nVu l'arr\u00eat\u00e9 pr\u00e9fectoral  n\u00b02024/01/MCI du 29 janvier 2024  portant d\u00e9l\u00e9gation de signature \u00e0\nM. Charbel ABOUD, sous-pr\u00e9fet de l'arrondissement de BRIGNOLES ;\nSur proposition du s ecr\u00e9taire g\u00e9n\u00e9ral de la pr\u00e9fecture du Var  ;\n ARRETE :\nARTICLE  1er     :  Ind\u00e9pendamment  des  attributions  qui  sont  conf\u00e9r\u00e9es  aux  sous-pr\u00e9fets\nd'arrondissement par les lois et r\u00e8glements,  d\u00e9l\u00e9gation est donn\u00e9e \u00e0  M. Charbel ABOUD ,\nsous-pr\u00e9fet de Brignoles, \u00e0 l'effet de signer tous actes de gestion relatifs au fonctionnement\ndes  services  de  la  sous-pr\u00e9fecture,  ainsi  que  pour  signer  les  arr\u00eat\u00e9s,  circulaires  et\ncorrespondances concernant, pour l'arrondissement de Brignoles, les affaires suivante s, \u00e0\nl'exclusion des requ\u00eates et m\u00e9moires aupr\u00e8s des juridictions :\nI \u2013 Administration g\u00e9n\u00e9rale  :\na)d\u00e9claration d'option pour l'incorporation dans le service national fran\u00e7ais des jeunes bi-\nnationaux ;\nb)l\u00e9gislation  fun\u00e9raire  :  laissez-passer  de  corps  et  urnes  cin\u00e9raires  vers  l'\u00e9tranger,\nautorisation de transport de corps et urne cin\u00e9raire vers l'\u00e9tranger, d\u00e9rogation au d\u00e9lai\nr\u00e9glementaire  de  six  jours  en  vue  de  l'inhumation  ou  de  l'incin\u00e9ration  des  corps  des\npersonnes d\u00e9c\u00e9d\u00e9es, autorisation d'inhumation en propri\u00e9t\u00e9 priv\u00e9e  ;\nc)r\u00e9c\u00e9piss\u00e9 de d\u00e9claration des associations de la loi de 1901 et des associations syndicales\nlibres ;\nd)octroi ou refus du concours de la force publique pour l'ex\u00e9cution des d\u00e9cisions de justice\nen mati\u00e8re d'expulsion locative, domiciliaire et immobili\u00e8re r\u00e8glement transactionnel des\ndossiers  aff\u00e9rents,  r\u00e9ception  des  notifications  d'assignation  aux  fins  de  constat  de\nr\u00e9siliation  du  bail  pour  impay\u00e9s  de  loyers,  protocole  d'accord  de  pr\u00e9vention  des\nexpulsions locatives, mise en \u0153uvre des d\u00e9cisions \u00ab  DALO \u00bb, instruction des demandes de\nlogement social et proposition de logements aux bailleurs sociaux  ;\ne)avis pr\u00e9alable aux mesures de police administrative des d\u00e9bits de boissons et des h\u00f4tels  ;\nf)autorisation de toutes \u00e9preuves, manifestations et comp\u00e9titions sportives se d\u00e9roulant\nsur le plan d'eau du lac de Sainte-Croix  ;\ng)arr\u00eat\u00e9 instaurant un p\u00e9rim\u00e8tre de protection en application de l'article L. 226-1 du code\nde la s\u00e9curit\u00e9 int\u00e9rieure  ;\nh)d\u00e9cision de suspension de permis de conduire  ;\ni)d\u00e9livrance des r\u00e9c\u00e9piss\u00e9s de revendeurs d'objets mobiliers  ;\nj)engagement des d\u00e9penses et signature des contrats relatifs \u00e0 la gestion du centre de\nresponsabilit\u00e9 de la sous-pr\u00e9fecture  ;\n                                                                                                                                                                                                                        2/6Pr\u00e9fecture du VAR - 83-2024-04-12-00007 - ARR\u00caT\u00c9 PR\u00c9FECTORAL n\u00b0 2024/15/MCI du 12 avril 2024 portant d\u00e9l\u00e9gation de signature \u00e0\nM. Charbel ABOUD sous-pr\u00e9fet de l\u25a1arrondissement de BRIGNOLES 35\nk)instruction des dossiers relatifs \u00e0 certains rassemblements festifs \u00e0 caract\u00e8re musical  ;\nl)d\u00e9lib\u00e9ration et proc\u00e8s-verbal de r\u00e9union ou de visite des commissions de s\u00e9curit\u00e9 et\nd'accessibilit\u00e9 de l'arrondissement de Brignoles  ;\nm)attestation en vue de l'\u00e9tablissement d'un duplicata de permis de chasser  ;\nn)re\u00e7u  de  d\u00e9p\u00f4t  d'une  d\u00e9claration  de  candidature  aux  \u00e9lections  municipales  pour  les\ncommunes de l'arrondissement  ;\no)r\u00e9c\u00e9piss\u00e9 d\u00e9finitif d'enregistrement d'une candidature aux \u00e9lections municipales pour les\ncommunes de l'arrondissement  ;\np)refus  de  d\u00e9livrance  du  r\u00e9c\u00e9piss\u00e9  d\u00e9finitif  d'enregistrement  d'une  candidature  aux\n\u00e9lections municipales pour les communes de l'arrondissement.                       \n              \nII \u2013 Administration locale :\na) suivi du contr\u00f4le de l\u00e9galit\u00e9 des actes administratifs des collectivit\u00e9s locales et de leurs\n\u00e9tablissements du ressort de l'arrondissement (\u00e0 l'exception des syndicats mixtes dont le\nconseil d\u00e9partemental du Var est membre), et des soci\u00e9t\u00e9s d'\u00e9conomie mixte locales, en ce\nqu'il comprend :\n- l'information de l'autorit\u00e9 locale sur sa demande de la d\u00e9cision du repr\u00e9sentant de\nl'\u00c9tat dans le d\u00e9partement de ne pas d\u00e9f\u00e9rer un acte au tribunal administratif  ;\n- l'information de l'autorit\u00e9 locale qu'un acte est entach\u00e9 d'ill\u00e9galit\u00e9 et la communication\ndes pr\u00e9cisions utiles lui permettant de rendre l\u00e9gal l'acte concern\u00e9  ;\n-  la signature des recours gracieux.\nb) suivi du contr\u00f4le budg\u00e9taire des collectivit\u00e9s locales et de leurs \u00e9tablissements du ressort\nde l'arrondissement (\u00e0 l'exception des syndicats mixtes dont le conseil d\u00e9partemental du Var\nest membre), incluant la signature des recours gracieux  ;\nc)suivi des demandes de mandatement d'office des d\u00e9penses obligatoires  ;\nd) en mati\u00e8re d'urbanisme  : signature des autorisations ou actes relatifs \u00e0 l'utilisation et \u00e0\nl'occupation du sol pour les op\u00e9rations relevant de l'article R. 422-2 du code de l'urbanisme ; \ne)  signature  des  avis  de  l'\u00c9tat  en  qualit\u00e9  de  personne  publique  associ\u00e9e  au  titre  de\nl'\u00e9laboration des documents d'urbanisme, constitution des commissions consultatives de\nl'environnement des a\u00e9rodromes, des commissions locales de l'eau et des comit\u00e9s de rivi\u00e8re  ;\nf) substitution aux maires dans les cas pr\u00e9vus aux articles L. 2215-1 et L. 2215-5 du code\ng\u00e9n\u00e9ral des collectivit\u00e9s locales  ;\ng) occupation temporaire et autorisation de p\u00e9n\u00e9trer sur les propri\u00e9t\u00e9s priv\u00e9es  ;\nh) constitution des groupes de travail pr\u00e9vus par les dispositions du titre VIII du code de\nl'environnement relatif \u00e0 la protection du cadre de vie (publicit\u00e9, enseignes et pr\u00e9-enseignes)\net les mesures administratives d'application  ;\ni) arr\u00eat\u00e9 se rapportant aux \u00e9tablissements publics de coop\u00e9ration intercommunale dont le\nsi\u00e8ge se trouve dans l'arrondissement \u00e0 l'exception des communaut\u00e9s d'agglom\u00e9ration, des\n3/6Pr\u00e9fecture du VAR - 83-2024-04-12-00007 - ARR\u00caT\u00c9 PR\u00c9FECTORAL n\u00b0 2024/15/MCI du 12 avril 2024 portant d\u00e9l\u00e9gation de signature \u00e0\nM. Charbel ABOUD sous-pr\u00e9fet de l\u25a1arrondissement de BRIGNOLES 36\ncommunaut\u00e9s  de  communes,  du  syndicat  mixte  d\u00e9partemental  d'\u00e9lectricit\u00e9  du  Var\n(SYMIELECVAR), des syndicats mixtes dont le conseil d\u00e9partemental du Var est membre en\nce  qui  concerne  les  arr\u00eat\u00e9s  de  cr\u00e9ation,  de  modification  des  attributions,  de  retrait  de\ncommunes membres, d'adh\u00e9sion de nouvelles communes et de dissolution  ;\nj) signature des lettres de demandes de pi\u00e8ces compl\u00e9mentaires de contr\u00f4le de l\u00e9galit\u00e9 et\nbudg\u00e9taire ne valant pas recours gracieux  ; \nk) autorisation d'utilisation du plan d'eau du lac d'Esparron-de-Verdon, retenue de Gr\u00e9oux,\npard\u00e9rogation aux dispositions des arr\u00eat\u00e9s inter-pr\u00e9fectoraux du 23 novembre 2018.\nIII  \u2013  Coordination  de  l'action  des  services  d\u00e9concentr\u00e9s  :  tous  actes  ou  documents\nn\u00e9cessaires \u00e0 l'exercice de son pouvoir de coordination de l'action des services d\u00e9concentr\u00e9s\nde l'\u00c9tat pr\u00e9vu par le d\u00e9cret n\u00b0 2004-374 du 29 avril 2004 modifi\u00e9, et notamment toutes\ndemandes d'information.\n                      \nARTICLE 2 : D\u00e9l\u00e9gation est \u00e9galement donn\u00e9e \u00e0 M. Charbel ABOUD , sous-pr\u00e9fet de Brignoles,\n\u00e0 l'effet de signer, pour l'ensemble du d\u00e9partement du Var, tous actes et documents relatifs\naux attributions suivantes  : \n\u2022cr\u00e9ation, extension, dissolution, contr\u00f4le administratif, contr\u00f4le et tutelle financiers\ndes associations syndicales autoris\u00e9es (ASA)  ;\n\u2022l\u00e2chers de ballons.\nARTICLE 3  : En cas d'absence ou d'emp\u00eachement de M. Charbel ABOUD, d\u00e9l\u00e9gation de\nsignature est donn\u00e9e dans les m\u00eames conditions \u00e0 Mme Myriam GARCIA, sous-pr\u00e9f\u00e8te de\nDraguignan, ou, en cas d'absence ou d'emp\u00eachement de cette derni\u00e8re, \u00e0 Mme Jos\u00e9phine\nGUIGLIANO-BOUTONNET, sous-pr\u00e9f\u00e8te, directrice de cabinet du pr\u00e9fet du Var, ou, en cas\nd'absence ou d'emp\u00eachement de celle-ci, \u00e0 Mme Agn\u00e8s BONJEAN, sous-pr\u00e9f\u00e8te charg\u00e9e de\nmission aupr\u00e8s du pr\u00e9fet du Var, secr\u00e9taire g\u00e9n\u00e9rale adjointe de la pr\u00e9fecture du Var.\nARTICLE  4 : Lorsque  M.  Charbel  ABOUD  assure  le  service  de  permanence  institu\u00e9\nconform\u00e9ment \u00e0 l'ordre des permanences fix\u00e9 p\u00e9riodiquement par le pr\u00e9fet, d\u00e9l\u00e9gation lui\nest  alors  accord\u00e9e  \u00e0  l'effet  de  signer,  pour  l'ensemble  du  d\u00e9partement,  toute  d\u00e9cision\nn\u00e9cessit\u00e9e par une situation d'urgence, notamment  :\n-les d\u00e9cisions de suspension provisoire imm\u00e9diate des permis de conduire  ;\n-les mesures d'\u00e9loignement relevant de la comp\u00e9tence du repr\u00e9sentant de l'\u00c9tat dans le\nd\u00e9partement et concernant les \u00e9trangers s\u00e9journant irr\u00e9guli\u00e8rement sur le territoire\nfran\u00e7ais et les d\u00e9cisions de placement en r\u00e9tention administrative ou d'assignation \u00e0\nr\u00e9sidence des \u00e9trangers objet de ces mesures, prises en application des dispositions du\ncode de l'entr\u00e9e et du s\u00e9jour des \u00e9trangers et du droit d'asile (CESEDA)  ;\n-tout courrier relatif aux proc\u00e9dures d'\u00e9loignement concernant les \u00e9trangers s\u00e9journant\nirr\u00e9guli\u00e8rement  sur  le  territoire  fran\u00e7ais,  y  compris  toute  requ\u00eate  adress\u00e9e  aux\njuridictions en mati\u00e8re de r\u00e9tention administrative, notamment au juge des libert\u00e9s et\nde  la  d\u00e9tention  en  application  des  articles  L.552-1  \u00e0  L.552-8  du  CESEDA,  en  vue\nd'obtenir la prolongation de la r\u00e9tention administrative  ;\n-la d\u00e9livrance de passeports et de titres d'identit\u00e9  ;\n-les  arr\u00eat\u00e9s  pronon\u00e7ant  l'admission  sans  consentement  en  soins  psychiatriques  des\npersonnes  dont  les  troubles  mentaux  n\u00e9cessitent  des  soins  et  compromettent  la\ns\u00fbret\u00e9 des personnes ou portent atteinte, de fa\u00e7on grave, \u00e0 l'ordre public ainsi que les\n                                                                                                                                                                                                                        4/6Pr\u00e9fecture du VAR - 83-2024-04-12-00007 - ARR\u00caT\u00c9 PR\u00c9FECTORAL n\u00b0 2024/15/MCI du 12 avril 2024 portant d\u00e9l\u00e9gation de signature \u00e0\nM. Charbel ABOUD sous-pr\u00e9fet de l\u25a1arrondissement de BRIGNOLES 37\noppositions  aux  demandes  d'autorisation  de  sortie  de  courte  dur\u00e9e  prises  en\napplication de l'article L.3211-11-1 du code de la sant\u00e9 publique  ;\n-les gardes statiques et escortes de d\u00e9tenus  ;\n-les autorisations de transport de corps en dehors du territoire m\u00e9tropolitain.\nARTICLE  5 : D\u00e9l\u00e9gation  de  signature  est  donn\u00e9e  \u00e0  M.  Serge  ORTIS,  attach\u00e9  principal\nd'administration de l'\u00c9tat, secr\u00e9taire g\u00e9n\u00e9ral de la sous-pr\u00e9fecture de Brignoles, pour ce qui\nconcerne les attributions vis\u00e9es \u00e0 l'article 2 et celles mentionn\u00e9es aux rubriques suivantes  :\nI \u2013 Administration g\u00e9n\u00e9rale  :  rubriques a), b), c), d) seulement en ce qui concerne la\ngestion du contingent pr\u00e9fectoral de logements sociaux, f), h), i), j), l), m), n), o) et p),\nainsi que l'engagement des d\u00e9penses courantes \u00e0 hauteur maximale de 2  300 euros dans\nle cadre du centre de responsabilit\u00e9 de la sous-pr\u00e9fecture  ;\nII \u2013 Administration locale  : rubrique j).\nD\u00e9l\u00e9gation de signature lui est \u00e9galement donn\u00e9e pour la signature des documents suivants  :\n-correspondances administratives ordinaires avec la pr\u00e9fecture, les chefs des services\nr\u00e9gionaux et d\u00e9partementaux des administrations de l'\u00c9tat, les autorit\u00e9s r\u00e9gionales,\nd\u00e9partementales et municipales, les \u00e9tablissements publics et les particuliers, ainsi\nque les notes de service  ;\n-ampliations des arr\u00eat\u00e9s et copies conformes des pi\u00e8ces administratives  ;\n-autorisations de cong\u00e9s du personnel de la sous-pr\u00e9fecture de Brignoles \u00e0 l'exception\ndes personnels de cat\u00e9gorie A.\nARTICLE 6  : En cas d'absence ou  d'emp\u00eachement de M. Serge ORTIS, la d\u00e9l\u00e9gation de\nsignature qui lui est donn\u00e9e, est exerc\u00e9e par  :\n-Mme  Elvire  HATSCH-BARBE,  attach\u00e9e  d'administration  de  l'\u00c9tat  au  bureau  de\nl'ing\u00e9nierie territoriale  ;\n-M. Pascal GUILBERT, secr\u00e9taire administratif de classe exceptionnelle, chef du bureau\nde l'administration et de la r\u00e9glementation g\u00e9n\u00e9rale  ;\nSont exclus de cette d\u00e9l\u00e9gation les actes \u00e0 caract\u00e8re d\u00e9cisoire portant sur les attributions\nmentionn\u00e9es aux rubriques d), h), j) et o) du  I \u2013 Administration g\u00e9n\u00e9rale et sur celles vis\u00e9es \u00e0\nl'article 2. \nARTICLE 7 : D\u00e9l\u00e9gation est \u00e9galement donn\u00e9e \u00e0   M. Serge ORTIS, secr\u00e9taire g\u00e9n\u00e9ral de la\nsous-pr\u00e9fecture de Brignoles et \u00e0 M. Pascal GUILBERT, chef du bureau de l'administration et\nde la r\u00e9glementation g\u00e9n\u00e9rale  ,  pour pr\u00e9sider les r\u00e9unions ou visites des commissions de\ns\u00e9curit\u00e9 et d'accessibilit\u00e9 de l'arrondissement de Brignoles.\nARTICLE 8 :  L' arr\u00eat\u00e9 pr\u00e9fectoral  n\u00b02024/01/MCI du 29 janvier 2024 portant d\u00e9l\u00e9gation de\nsignature \u00e0 M. Charbel ABOUD, sous-pr\u00e9fet de l'arrondissement de BRIGNOLES est abrog\u00e9 \u00e0\ncompter du 15 avril 2024.\nARTICLE 9 : Le secr\u00e9taire g\u00e9n\u00e9ral de la pr\u00e9fecture et le sous-pr\u00e9fet de l'arrondissement de\nBrignoles sont charg\u00e9s, chacun en ce qui le concerne, de l'ex\u00e9cution du pr\u00e9sent arr\u00eat\u00e9 qui\nsera publi\u00e9 au recueil des actes administratifs de la pr\u00e9fecture du Var.\n    \n                                                                          Toulon, le  12 avril 2024\n                                                                              Le Pr\u00e9fet du Var      \n                                                                         Sign\u00e9  :  Philippe MAH\u00c9 \n5/6Pr\u00e9fecture du VAR - 83-2024-04-12-00007 - ARR\u00caT\u00c9 PR\u00c9FECTORAL n\u00b0 2024/15/MCI du 12 avril 2024 portant d\u00e9l\u00e9gation de signature \u00e0\nM. Charbel ABOUD sous-pr\u00e9fet de l\u25a1arrondissement de BRIGNOLES 38\n                                                                                                                                                                                                                        6/6Pr\u00e9fecture du VAR - 83-2024-04-12-00007 - ARR\u00caT\u00c9 PR\u00c9FECTORAL n\u00b0 2024/15/MCI du 12 avril 2024 portant d\u00e9l\u00e9gation de signature \u00e0\nM. Charbel ABOUD sous-pr\u00e9fet de l\u25a1arrondissement de BRIGNOLES 39\nPr\u00e9fecture du VAR\n83-2024-04-12-00004\nARR\u00caT\u00c9 PR\u00c9FECTORAL n\u00b02024/13/MCI du 12 avril\n2024 portant d\u00e9l\u00e9gation de signature \u00e0 Mme\nJos\u00e9phine GUIGLIANO-BOUTONNET, directrice\nde cabinet du pr\u00e9fet du Var\nPr\u00e9fecture du VAR - 83-2024-04-12-00004 - ARR\u00caT\u00c9 PR\u00c9FECTORAL n\u00b02024/13/MCI du 12 avril 2024 portant d\u00e9l\u00e9gation de signature \u00e0\nMme Jos\u00e9phine GUIGLIANO-BOUTONNET, directrice de cabinet du pr\u00e9fet du Var 40\nEx\nPREFET\nDU  VAR\nL'z'berte'\nEgalit\u00e9\nFraternit\u00e9\nDirection de la coordination \ndes politiques publiques\n   et de l'appui territorial \nMission de coordination interminist\u00e9rielle\nARR\u00caT\u00c9 PR\u00c9FECTORAL n\u00b02024/13/MCI du  12 avril 2024\nportant d\u00e9l\u00e9gation de signature \u00e0\nMme Jos\u00e9phine GUIGLIANO-BOUTONNET, directrice de cabinet du pr\u00e9fet du Var\nLe Pr\u00e9fet du Var,\nOfficier de la L\u00e9gion d'Honneur,\nVu la loi n\u00b0 82-213 du 2 mars 1982 modifi\u00e9e, relative aux droits et libert\u00e9s des communes, des\nd\u00e9partements et des r\u00e9gions  ;\nVu la loi n\u00b0 83-8 du 7 janvier 1983 modifi\u00e9e, relative \u00e0 la r\u00e9partition des comp\u00e9tences entre les\ncommunes, les d\u00e9partements, les r\u00e9gions et l'\u00c9tat  ;\nVu  la  loi  d'orientation  n\u00b0  92-125  du  6  f\u00e9vrier  1992  modifi\u00e9e  relative  \u00e0  l'administration\nterritoriale de la R\u00e9publique ;\nVu la loi n\u00b0 2004-809 du 13 ao\u00fbt 2004 modifi\u00e9e relative aux libert\u00e9s et responsabilit\u00e9s locales  ;\nVu le d\u00e9cret n\u00b0 97-34 du 15 janvier 1997 modifi\u00e9 relatif \u00e0 la d\u00e9concentration des d\u00e9cisions\nadministratives individuelles  ;\nVu  le  d\u00e9cret  n\u00b0  2004-374  du  29  avril  2004  modifi\u00e9  relatif  aux  pouvoirs  des  pr\u00e9fets,  \u00e0\nl'organisation et \u00e0 l'action des services de l'\u00c9tat dans les r\u00e9gions et d\u00e9partements  ;\nVu le d\u00e9cret n\u00b0 2015-510 du 7 mai 2015 portant charte de la d\u00e9concentration  ;\nVu  le  d\u00e9cret  du  Pr\u00e9sident  de  la  R\u00e9publique  du  15  avril  2022  portant  nomination  de\nM.  Lucien  GIUDICELLI,  secr\u00e9taire  g\u00e9n\u00e9ral  de  la  pr\u00e9fecture  du  Var,  sous-pr\u00e9fet  de\nl'arrondissement de Toulon  ; \nVu  le  d\u00e9cret  du  Pr\u00e9sident  de  la  R\u00e9publique  du  2  mars  2023  portant  nomination  de\nMme Agn\u00e8s BONJEAN, sous-pr\u00e9f\u00e8te charg\u00e9e de mission aupr\u00e8s du pr\u00e9fet du Var, secr\u00e9taire\ng\u00e9n\u00e9rale adjointe de la pr\u00e9fecture du Var  ; \nVu  le  d\u00e9cret  du  Pr\u00e9sident  de  la  R\u00e9publique  du  13  juillet  2023  portant  nomination  de\nM. Philippe MAHE, pr\u00e9fet du Var  ;\nVu  le  d\u00e9cret  du  Pr\u00e9sident  de  la  R\u00e9publique  du  3  avril  2024  portant  nomination  de\nMme Jos\u00e9phine GUIGLIANO-BOUTONNET, sous-pr\u00e9f\u00e8te, directrice de cabinet du pr\u00e9fet du\nVar ;\nVu l'avis du comit\u00e9 social d'administration de la pr\u00e9fecture du Var r\u00e9uni le 7 avril 2023 ; \n1/8\nPr\u00e9fecture du VAR - 83-2024-04-12-00004 - ARR\u00caT\u00c9 PR\u00c9FECTORAL n\u00b02024/13/MCI du 12 avril 2024 portant d\u00e9l\u00e9gation de signature \u00e0\nMme Jos\u00e9phine GUIGLIANO-BOUTONNET, directrice de cabinet du pr\u00e9fet du Var 41\nVu l'arr\u00eat\u00e9 pr\u00e9fectoral n\u00b02024/03/MCI du 19 f\u00e9vrier 2024 portant organisation de la pr\u00e9fecture\ndu Var ; \nVu l'arr\u00eat\u00e9 pr\u00e9fectoral n\u00b02024/04/MCI  du 9 f\u00e9vrier 2024 portant d\u00e9l\u00e9gation de signature \u00e0\nMme Agn\u00e8s BONJEAN, sous-pr\u00e9f\u00e8te charg\u00e9e de mission, secr\u00e9taire g\u00e9n\u00e9rale adjointe, assurant\nl'int\u00e9rim du directeur de cabinet du pr\u00e9fet du Var \u00e0 compter du 12 f\u00e9vrier 2024  ;\nSur proposition du secr\u00e9taire g\u00e9n\u00e9ral de la pr\u00e9fecture du Var  ;\n                                                                                       \nARRETE :\nARTICLE  1er : D\u00e9l\u00e9gation  est  donn\u00e9e  \u00e0  Mme Jos\u00e9phine  GUIGLIANO-BOUTONNET,  sous-\npr\u00e9f\u00e8te,  directrice  de  cabinet  du  pr\u00e9fet  du  Var ,  \u00e0  l'effet  de  signer  tous  actes,  arr\u00eat\u00e9s,\nd\u00e9cisions, m\u00e9moires en d\u00e9fense, correspondances administratives et notes de service, dans\nles  domaines  relevant  des  attributions  du  bureau  de  la  repr\u00e9sentation  de  l'\u00c9tat,  de  la\ndirection  des  s\u00e9curit\u00e9s  et  de  la  d\u00e9l\u00e9gation  d\u00e9partementale  aux  droits  des  femmes  et  \u00e0\nl'\u00e9galit\u00e9, \u00e0 l'exclusion des r\u00e9quisitions des moyens militaires. \nARTICLE  2 :  Lorsque  Mme  Jos\u00e9phine  GUIGLIANO-BOUTONNET  assure  le  service  de\npermanence institu\u00e9 conform\u00e9ment \u00e0 l'ordre des permanences fix\u00e9 par le pr\u00e9fet du Var,\nd\u00e9l\u00e9gation sp\u00e9ciale lui est accord\u00e9e \u00e0 l'effet de signer, pour l'ensemble du d\u00e9partement, tous\narr\u00eat\u00e9s  et  toutes  d\u00e9cisions  relevant  des  attributions  de  l'\u00c9tat  dans  le  d\u00e9partement,\nnotamment :\na)Les d\u00e9cisions de suspension provisoire imm\u00e9diate des permis de conduire  ;\nb)Les mesures d'\u00e9loignement relevant de la comp\u00e9tence du repr\u00e9sentant de l'\u00c9tat dans le\nd\u00e9partement et concernant les \u00e9trangers s\u00e9journant irr\u00e9guli\u00e8rement sur le territoire\nfran\u00e7ais  ainsi  que  les  d\u00e9cisions  de  placement  en  r\u00e9tention  administrative  ou\nd'assignation \u00e0 r\u00e9sidence des \u00e9trangers objet de ces mesures prises en application des\ndispositions du code de l'entr\u00e9e et du s\u00e9jour des \u00e9trangers et du droit d'asile (CESEDA)  ;\nc)Tout courrier relatif aux proc\u00e9dures d'\u00e9loignement concernant les \u00e9trangers s\u00e9journant\nirr\u00e9guli\u00e8rement  sur  le  territoire  fran\u00e7ais,  y  compris  toute  requ\u00eate  adress\u00e9e  aux\njuridictions en mati\u00e8re de r\u00e9tention administrative, notamment au juge des libert\u00e9s et\nde  la  d\u00e9tention  en  application  des  articles  L.  552-1  \u00e0  L.  552-8  du  CESEDA  en  vue\nd'obtenir la prolongation de la r\u00e9tention administrative  ;\nd)La d\u00e9livrance de passeports et de titres d'identit\u00e9  ;\ne)Les  arr\u00eat\u00e9s  pronon\u00e7ant  l'admission  sans  consentement  en  soins  psychiatriques  des\npersonnes dont les troubles mentaux n\u00e9cessitent des soins et compromettent la s\u00fbret\u00e9\ndes  personnes  ou  portent  atteinte,  de  fa\u00e7on  grave,  \u00e0  l'ordre  public,  ainsi  que  les\noppositions  aux  demandes  d'autorisation  de  sortie  de  courte  dur\u00e9e  prises  en\napplication de l'article L. 3211-11-1 du code de la sant\u00e9 publique  ;\nf)Les gardes statiques et escortes de d\u00e9tenus  ;\ng)Les autorisations de transport de corps en dehors du territoire m\u00e9tropolitain.\nD\u00e9l\u00e9gation lui est \u00e9galement donn\u00e9e pour signer toute r\u00e9quisition, toute requ\u00eate ou tout\nm\u00e9moire  aupr\u00e8s  des  juridictions,  notamment  en  mati\u00e8re  de  r\u00e9tention  administrative,  \u00e0\nl'exclusion des d\u00e9clinatoires de comp\u00e9tence et arr\u00eat\u00e9s de conflit.\n2/8Pr\u00e9fecture du VAR - 83-2024-04-12-00004 - ARR\u00caT\u00c9 PR\u00c9FECTORAL n\u00b02024/13/MCI du 12 avril 2024 portant d\u00e9l\u00e9gation de signature \u00e0\nMme Jos\u00e9phine GUIGLIANO-BOUTONNET, directrice de cabinet du pr\u00e9fet du Var 42\nARTICLE  3 : D\u00e9l\u00e9gation  est  donn\u00e9e  \u00e0  Mme  Rebecca  FERRARIS  MORENO,  attach\u00e9e\nd'administration de l'\u00c9tat, cheffe du bureau de la repr\u00e9sentation de l'\u00c9tat, aux fins de signer,\ndans les limites des attributions de ce bureau, tous actes, documents et correspond ances ne\npr\u00e9sentant pas un caract\u00e8re d\u00e9cisionnel.\nEn cas d'absence ou d'emp\u00eachement de Mme Rebecca FERRARIS MORENO , la d\u00e9l\u00e9gation qui\nlui  est  accord\u00e9e  par  le  pr\u00e9sent  article,  est  exerc\u00e9e  dans  les  m\u00eames  conditions  par\nMme Hannelore PAULET, secr\u00e9taire administrative de classe sup\u00e9rieure, adjointe \u00e0 la cheffe\ndu bureau de la repr\u00e9sentation de l'\u00c9tat. \nEst exclue du champ de cette d\u00e9l\u00e9gation la signature des requ\u00eates et m\u00e9moires aupr\u00e8s des\njuridictions, des lettres circulaires et des lettres personnelles aux \u00e9lus.\nARTICLE  4 : D\u00e9l\u00e9gation  est  donn\u00e9e  \u00e0  M.  Vincent  BARASTIER,  attach\u00e9  hors  classe\nd'administration de  l'\u00c9tat, directeur des s\u00e9curit\u00e9s,  aux fins de signer,  dans les limites des\nattributions de cette direction, tous actes, documents et correspondances, notamment  :\na)  les  autorisations  de  vente  au  d\u00e9tail  d'armes  hors  d'un  local  fixe  et  permanent,  les\nagr\u00e9ments d'armurier, les autorisations d'ouverture d'un commerce d'armes, les autorisations\nde  recompl\u00e9tement  des  stocks  de  munitions  des  soci\u00e9t\u00e9s  de  convoyage  de  fonds,  les\nautorisations d'acquisition et de d\u00e9tention d'armes de cat\u00e9gorie B et les ports d'armes pour\nles lieutenants de louveterie  ;\nb) les accus\u00e9s de r\u00e9ception de demandes d'acquisition et de d\u00e9tention d'armes de cat\u00e9gorie\nB,  les  accus\u00e9s  de  r\u00e9ception  de  demandes  de  renouvellement  de  d\u00e9tention  d'armes  de\ncat\u00e9gorie B valant autorisation provisoire de d\u00e9tention, les autorisations d'acquisition et de\nd\u00e9tention d'armes de cat\u00e9gorie B et de munitions, les r\u00e9c\u00e9piss\u00e9s de d\u00e9claration d'acquisition\nd'armes de cat\u00e9gorie C, les cartes europ\u00e9ennes d'armes \u00e0 feu  ;\nc) l'agr\u00e9ment des agents asserment\u00e9s d'organismes publics ou priv\u00e9s, les autorisations de port\nd'armes des convoyeurs de fonds et des agents asserment\u00e9s des organismes publics ou pr iv\u00e9s,\nles autorisations d'acquisition, de d\u00e9tention et de port d'armes des organismes priv\u00e9s de\ns\u00e9curit\u00e9  (protection  physique  arm\u00e9e  des  personnes  ou  mission  de  surveillance  ou  de\ngardiennage), des lieutenants de louveterie et des organismes de formation dispensant des\nformations  \u00e0  une  activit\u00e9  priv\u00e9e  de  s\u00e9curit\u00e9,  les  autorisations  pr\u00e9alables  \u00e0  l'acc\u00e8s  aux\nformations aux m\u00e9tiers de l'armurerie et de l'armement  ;\nd) 1\u00b0 pour l'arrondissement de Toulon  :\nles  d\u00e9cisions  relatives  aux  demandes  d'agr\u00e9ment  des  policiers  municipaux  et  des\nassistants  temporaires  de  police  municipale,  le  visa  des  cartes  professionnelles  des\nagents  de  police  municipale,  les  conventions  de  coordination  entre  les  polices\nmunicipales et les force s de s\u00e9curit\u00e9 int\u00e9rieure de l'\u00c9tat  ;\n2\u00b0 pour le d\u00e9partement  :\nles arr\u00eat\u00e9s d'autorisation d'acquisition et de d\u00e9tention d'armes et munitions d\u00e9livr\u00e9s aux\ncommunes  pour  l'armement  des  polices  municipales,  les  d\u00e9cisions  relatives  aux\ndemandes d'autorisations de port d'armes pour les policiers municipaux, les d\u00e9cisions\nrelatives aux demandes d'autorisations d'enregistrement audiovisuel des interventions\ndes  policiers  municipaux  au  moyen  de  cam\u00e9ras  individuelles,  les  mutualisations  de\nplusieurs polices municipales, les visas des cartes professionnelles des garde-champ\u00eatres,\n3/8Pr\u00e9fecture du VAR - 83-2024-04-12-00004 - ARR\u00caT\u00c9 PR\u00c9FECTORAL n\u00b02024/13/MCI du 12 avril 2024 portant d\u00e9l\u00e9gation de signature \u00e0\nMme Jos\u00e9phine GUIGLIANO-BOUTONNET, directrice de cabinet du pr\u00e9fet du Var 43\nles  visas  relatifs  \u00e0  l'armement  des  garde-champ\u00eatres,  les  d\u00e9cisions  relatives  aux\nagr\u00e9ments locaux de visionnage des images de vid\u00e9oprotection  ;\ne) les r\u00e9c\u00e9piss\u00e9s de d\u00e9clarations de spectacles pyrotechniques, les interdictions de spectacles\npyrotechniques, les autorisations d'animation pyrotechnique dans les enceintes sportives, les\nautorisations pr\u00e9alables \u00e0 l'acc\u00e8s aux formations d'explosifs, les certificats de qualification\nd'artificier F4-T2, les agr\u00e9ments des artificiers  ;\nf) les autorisations de manifestations a\u00e9riennes et des spectacles a\u00e9riens publics , les d\u00e9cisions\nrelatives aux demandes de  d\u00e9rogation aux hauteurs de survol,  les d\u00e9cisions relatives aux\ndemandes  d'autorisations  de  survol  a\u00e9rien  en  zone  urbaine,  les  d\u00e9cisions  relatives  aux\ndemandes d'habilitations des pilotes \u00e0 utiliser les h\u00e9lisurfaces ou hydrosurfaces, les r\u00e9c\u00e9piss\u00e9s\nde  d\u00e9claration  d'utilisation  d'un  a\u00e9ronef  t\u00e9l\u00e9-pilot\u00e9  (drone),  les  interdictions  suite  \u00e0  une\nd\u00e9claration d'utilisation d'un a\u00e9ronef t\u00e9l\u00e9-pilot\u00e9 (drone), les d\u00e9cisions relatives aux demandes\nd'agr\u00e9ments des associations a\u00e9ronautiques (a\u00e9roclubs),  cr\u00e9ation de plateformes sanitaires,\nd'h\u00e9listations,  cr\u00e9ation  d'h\u00e9lisurfaces,  \u00e0  l'exclusion  de  celles  situ\u00e9es  sur  le  territoire  des\ncommunes de la communaut\u00e9 de communes du golfe de Saint-Tropez, cr\u00e9ation d'altisurface,\nd'avisurface, cr\u00e9ation et exploitation de plateforme r\u00e9serv\u00e9e \u00e0 la pratique des a\u00e9ronefs ULM,\nzones d'interdiction de survol temporaire, d\u00e9rogations aux zones interdites \u00e0 la captation de\ndonn\u00e9es relevant du ministre de l'int\u00e9rieur  ;\ng)  les  d\u00e9cisions  relatives  aux  transferts  de  licence  des  d\u00e9bits  de  boissons,  les  d\u00e9cisions\nrelatives aux demandes de d\u00e9rogation \u00e0 l'heure l\u00e9gale de fermeture tardive des d\u00e9bits de\nboissons, les d\u00e9cisions et courriers relatifs \u00e0 la police administrative des d\u00e9bits de boissons,\nles courriers d'observations et les fermetures administratives dans  le  cadre du contr\u00f4le \u00e0\nposteriori des d\u00e9clarations faites  en mairie, relatives aux d\u00e9bits de boissons \u00e0 consommer sur\nplace,  les  d\u00e9cisions  relatives  aux  demandes  d'agr\u00e9ments  des  organismes  dispensant  aux\nexploitants des d\u00e9bits de boissons une formation mentionn\u00e9e \u00e0 l'article L.3332-1-1 du code de\nla sant\u00e9 publique, mesures administratives \u00e0 l'encontre des \u00e9tablissements signal\u00e9s par les\nservices de la Douane (vente ill\u00e9gale de tabac)  ;\nh) les d\u00e9cisions relatives aux demandes d'installation, de renouvellement ou de modification\nd'un  syst\u00e8me  de  vid\u00e9oprotection,  les  r\u00e9c\u00e9piss\u00e9s  de  demande  d'installation,  de\nrenouvellement ou de modification d'un syst\u00e8me de vid\u00e9oprotection  ;\ni)  les  r\u00e9c\u00e9piss\u00e9s  de  d\u00e9clarations  de  manifestations  sportives,  assortis  d'\u00e9ventuelles\nprescriptions ;\nj) les autorisations d'exercice d'activit\u00e9s priv\u00e9es de s\u00e9curit\u00e9 sur la voie publique  ;\nk)  les  habilitations  et  agr\u00e9ments  des  agents  de  s\u00fbret\u00e9  portuaire,  a\u00e9roportuaire  et\nferroviaire ;\nl)  les  bons  de  commandes  et  certi ficats  d'acquisition  d'explosifs  et  de  d\u00e9tonateurs,  les\nagr\u00e9ments techniques d'installation ou de d\u00e9p\u00f4t d'explosifs, les autorisations d'exploitation\nd'installation ou de d\u00e9p\u00f4t d'explosifs, les habilitations \u00e0 l'emploi pour les personnes charg\u00e9es\nde la garde, la mise en \u0153uvre et le tir de produits explosifs, les autorisations d'utilisation de\nproduits explosifs d\u00e8s r\u00e9ception, les agr\u00e9ments des personnels travaillant dans les installations\n4/8Pr\u00e9fecture du VAR - 83-2024-04-12-00004 - ARR\u00caT\u00c9 PR\u00c9FECTORAL n\u00b02024/13/MCI du 12 avril 2024 portant d\u00e9l\u00e9gation de signature \u00e0\nMme Jos\u00e9phine GUIGLIANO-BOUTONNET, directrice de cabinet du pr\u00e9fet du Var 44\nfixes ou mobiles de produits explosifs et des personnes intervenant dans ces installations en\nvue de l'entretien des \u00e9quipements de s\u00fbret\u00e9, les agr\u00e9ments de tir mortier  ;\nm) les documents relatifs \u00e0 la gestion des cr\u00e9dits du BOP 207 ainsi que les documents et\ncontrats ou avenants d'assurance relatifs au v\u00e9hicule du SESR, \u00e0 l'activit\u00e9 de la MSR-Var et \u00e0\nl'organisation de journ\u00e9es sp\u00e9cifiques de s\u00e9curit\u00e9 routi\u00e8re  ;\nn) toutes d\u00e9cisions relatives aux suspensions provisoires du permis de conduire ainsi que les\nagr\u00e9ments et habilitations des m\u00e9decins et des centres psychotechniques  ;\no) toutes d\u00e9cisions relatives aux d\u00e9cisions de restriction de la conduite aux seuls v\u00e9hicules\n\u00e9quip\u00e9s d'un \u00e9thylotest anti- d\u00e9marrage (EAD)  ;\np) les arr\u00eat\u00e9s temporaires et permanents concernant le r\u00e9seau autoroutier conc\u00e9d\u00e9 (ESCOTA)\net non conc\u00e9d\u00e9 (DIRMED), ainsi que les avis de police de circulation concernant les routes \u00e0\ngrande circulation (RGC)  ;\nq) les d\u00e9rogations de circulation des poids-lourds de plus de 7 ,5 tonnes et des transports de\nmati\u00e8res dangereuses (TMD)  ;\nr) les habilitations des policiers municipaux et gardes champ\u00eatres pour la consultation du\nfichier du syst\u00e8me national des permis de conduire (SNPC)  ;\ns) les d\u00e9cisions relatives aux mesures administratives cons\u00e9cutives \u00e0 un contr\u00f4le m\u00e9dical de\nl'aptitude \u00e0 la conduite.\nt) les ordres de missions permanents et temporaires dans le d\u00e9partement du Var et hors\nd\u00e9partement ;\nu) les conventions entre l'\u00c9tat et les \u00e9coles de conduite dans le cadre du dispositif du permis \u00e0\nun euro, le label qualit\u00e9  et la certification qualiopi;\nv) les actes d'hom ologation des centres d'examens pratiques et professionnels  ;\nw) les autorisations d'enseigner la conduite des v\u00e9hicules terrestres \u00e0 moteur  ;\nx) tous actes, y compris les arr\u00eat\u00e9s, relatifs  :\n1\u00b0  \u00e0  la  gestion  ou  au  contr\u00f4le  des  agr\u00e9ments  d'exploitation  des  \u00e9tablissements\nd'enseignement \u00e0 la conduite et des centres de sensibilisation \u00e0 la s\u00e9curit\u00e9 routi\u00e8re  ;\n2\u00b0  au  contr\u00f4le  du  d\u00e9roulement  et  du  calendrier  des  stages  des  centres  de\nsensibilisation \u00e0 la s\u00e9curit\u00e9 routi\u00e8re  ;\n3\u00b0 \u00e0 la gestion en ligne des places d'examen du permis de conduire aux auto-\u00e9coles  ;\n4\u00b0 \u00e0 la d\u00e9livrance des autorisations d'animer les stages  ;\n5\u00b0 \u00e0 l'organisation des examens du permis de conduire et des permis professionnels.\n5/8Pr\u00e9fecture du VAR - 83-2024-04-12-00004 - ARR\u00caT\u00c9 PR\u00c9FECTORAL n\u00b02024/13/MCI du 12 avril 2024 portant d\u00e9l\u00e9gation de signature \u00e0\nMme Jos\u00e9phine GUIGLIANO-BOUTONNET, directrice de cabinet du pr\u00e9fet du Var 45\nEst exclue du champ de cette d\u00e9l\u00e9gation la signature des requ\u00eates et m\u00e9moires aupr\u00e8s des\njuridictions, des lettres circulaires, des lettres personnelles aux \u00e9lus, d es d\u00e9cisions valant refus,\ndes  d\u00e9cisions  portant  retrait  d'autorisation  ou  d'agr\u00e9ment  et  des actes,  documents  et\ncorrespondances pr\u00e9sentant un caract\u00e8re d\u00e9cisionnel, autres que ceux \u00e9num\u00e9r\u00e9s du a) au x)\ndu pr\u00e9sent article.\nEn cas d'absence ou d'emp\u00eachement de M.  Vincent BARASTIER, la d\u00e9l\u00e9gation qui lui est\naccord\u00e9e par le pr\u00e9sent article, est exerc\u00e9e dans les m\u00eames conditions par  M. Guillaume\nJAUBERT, attach\u00e9 principal d'administration de l'\u00c9tat, chef de cabinet, directeur adjoint des\ns\u00e9curit\u00e9s.\nARTICLE 5 :  D\u00e9l\u00e9gation est donn\u00e9e \u00e0 M. R\u00e9mi PIERRET, attach\u00e9 d'administration de l'\u00c9tat,\nchef du bureau de la s\u00e9curit\u00e9 publique pour signer, dans les limites des attributions du bureau\nde la s\u00e9curit\u00e9 publique, tous actes, documents et correspondances ne pr\u00e9sentant pas un\ncaract\u00e8re d\u00e9cisionnel, \u00e0 l'exclusion des requ\u00eates et m\u00e9moires aupr\u00e8s des juridictions, des\nlettres circulaires et des lettres personnelles aux \u00e9lus.\nD\u00e9l\u00e9gation lui est \u00e9galement donn\u00e9e pour les actes relevant des attributions mentionn\u00e9es aux\ni), j) et k) de l'article 4. \nEn cas d'absence ou d'emp\u00eachement de M. R\u00e9mi PIERRET, la d\u00e9l\u00e9gation qui lui est consentie\npar le pr\u00e9sent article est exerc\u00e9e par Mme Sandrine DE RIDDER, attach\u00e9e d'administration de\nl'\u00c9tat, adjointe au chef de bureau de la s\u00e9curit\u00e9 publique et dans la limite des attributions de\nleur  section  respective  par  Mme  Nathalie  ROSSA,  secr\u00e9taire  administrative  de  classe\nexceptionnelle,  charg\u00e9e  de  la  mission  \u00ab  pr\u00e9vention  de  la  radicalisation  \u00bb,  Mme  H\u00e9l\u00e8ne\nADELAIDE, secr\u00e9taire administrative de classe sup\u00e9rieure, cheffe de la section \u00ab  pr\u00e9vention\nde la d\u00e9linquance  \u00bb, Mme Nathalie CHAMPION, secr\u00e9taire administrative de classe normale,\ncheffe de la section \u00ab  d\u00e9fense civile - s\u00fbret\u00e9  \u00bb et Mme Marie FACCI, secr\u00e9taire administrative\nde classe normale, cheffe de la section \u00ab  ordre public - manifestations  \u00bb.\nARTICLE 6 : D\u00e9l\u00e9gation est donn\u00e9e \u00e0 Mme Laetitia PELLISSIER, attach\u00e9e d'administration de\nl'\u00c9tat, cheffe du bureau des polices administratives de s\u00e9curit\u00e9, pour signer, dans les limites\ndes attributions de ce bureau, tous actes, documents et correspondances ne pr\u00e9sentant pas\nun caract\u00e8re d\u00e9cisionnel, \u00e0 l'exclusion des requ\u00eates et m\u00e9moires aupr\u00e8s des juridictions, des\nlettres circulaires et des lettres personnelles aux \u00e9lus.\nD\u00e9l\u00e9gation de signature lui est \u00e9galement donn\u00e9e pour les actes relevant d es attributions\nmentionn\u00e9es  aux  a),  b),  c),  d),  e),  f),  g)  et  h)  de  l'article  4,  \u00e0  l'exception  des  d\u00e9cisions\nd\u00e9favorables et des d\u00e9cisions portant retrait d'autorisation ou d'agr\u00e9ment .\nD\u00e9l\u00e9gation est \u00e9galement donn\u00e9e \u00e0  : \n\u2022Mme Delphine BONNASSIES, attach\u00e9e d'administration de l'\u00c9tat, adjointe au chef de\nbureau, cheffe de la section \u00ab  armes et pyrotechnie  \u00bb, \n6/8Pr\u00e9fecture du VAR - 83-2024-04-12-00004 - ARR\u00caT\u00c9 PR\u00c9FECTORAL n\u00b02024/13/MCI du 12 avril 2024 portant d\u00e9l\u00e9gation de signature \u00e0\nMme Jos\u00e9phine GUIGLIANO-BOUTONNET, directrice de cabinet du pr\u00e9fet du Var 46\npour signer, dans les limites des attributions de leur section respective, tous actes, documents\net correspondances ne pr\u00e9sentant pas un caract\u00e8re d\u00e9cisionnel, \u00e0 l'exclusion des requ\u00eates et\nm\u00e9moires aupr\u00e8s des juridictions, des lettres circulaires et des lettres personnelles aux \u00e9lus.\nEn cas d'absence ou d'emp\u00eachement de Mme Laetitia PELLISSIER, la d\u00e9l\u00e9gation qui lui est\naccord\u00e9e par le pr\u00e9sent article est exerc\u00e9e dans les m\u00eames conditions par Mme Delphine\nBONNASSIES.\nARTICLE  7 : D\u00e9l\u00e9gation  est  donn\u00e9e  \u00e0  Mme  Florence  MILLONI,  attach\u00e9e  principale\nd'administration de l'\u00c9tat , cheffe du service interminist\u00e9riel de d\u00e9fense et de protection\nciviles, pour signer, dans les limites des attributions de ce service, tous actes, documents et\ncorrespondances ne pr\u00e9sentant pas un caract\u00e8re d\u00e9cisionnel, \u00e0 l'exclusion des requ\u00eates et\nm\u00e9moires aupr\u00e8s des juridictions, des lettres circulaires et des lettres personnelles aux \u00e9lus.\nD\u00e9l\u00e9gation lui est \u00e9galement donn\u00e9e pour les actes relevant des attributions mentionn\u00e9es au\nl) de l'article 4.\nEn cas d'absence ou d'emp\u00eachement de Mme Florence MILLONI , la d\u00e9l\u00e9gation de signature\nqui lui est accord\u00e9e par le pr\u00e9sent article est exerc\u00e9e dans les m\u00eames conditions par  Mme\nC\u00e9line  PAGE,  secr\u00e9taire  administrative  de  classe  exceptionnelle,  adjointe \u00e0  la  cheffe  du\nservice.\nARTICLE  8 : D\u00e9l\u00e9gation  est  donn\u00e9e  \u00e0  Mme  Sophie  BARASTIER,  attach\u00e9e  principale\nd'administration de l'\u00c9tat, cheffe du service de l'\u00e9ducation et de la s\u00e9curit\u00e9 routi\u00e8res, pour\nsigner tous les actes mentionn\u00e9s aux m), n), o), p), q), r), s), t), u), v), w) et x) de l'article 4 et,\ndans les limites des attributions de ce service, tous les actes, documents et correspondances\nne pr\u00e9sentant pas un caract\u00e8re d\u00e9cisionnel, \u00e0 l'exclusion des requ\u00eates et m\u00e9moires aupr\u00e8s des\njuridictions, des lettres circulaires et des lettres personnelles aux \u00e9lus.\nDans  les  m\u00eames  conditions  et  dans  les  limites  des  attributions  de  leur  p\u00f4le  respectif,\nd\u00e9l\u00e9gation de signature est donn\u00e9e \u00e0  :\n- M. Dominique THIEL, d\u00e9l\u00e9gu\u00e9 au permis de conduire et \u00e0 la s\u00e9curit\u00e9 routi\u00e8re, chef du p\u00f4le\n\u00e9ducation routi\u00e8re et adjoint \u00e0 la cheffe du service de l'\u00e9ducation et de la s\u00e9curit\u00e9 routi\u00e8res,\npour les actes mentionn\u00e9s aux m), t), u), v), w) et x) de l'article 4  ;\n- Mme Laurence CAIRE, attach\u00e9e d'administration de l'\u00c9tat, cheffe du p\u00f4le droits \u00e0 conduire\net adjointe \u00e0 la cheffe du service de l'\u00e9ducation et de la s\u00e9curit\u00e9 routi\u00e8res, pour les actes\nmentionn\u00e9s aux m), n), o), r), s) de l'article 4  ;\n- M. Thierry LE GRAND, attach\u00e9 d'administration de l'Etat, chef du p\u00f4le \u00e9tudes et ing\u00e9nierie et\nadjoint  \u00e0  la  cheffe  du  service  de  l'\u00e9ducation  et  de  la  s\u00e9curit\u00e9  routi\u00e8res,  pour  les  actes\nmentionn\u00e9s aux m), n), o), p), q), s), t) de l'article 4  ;\n- M. Roland ESQUIVA, inspecteur des permis de conduire et de la s\u00e9curit\u00e9 routi\u00e8re de 1\u00e8re\nclasse, adjoint au d\u00e9l\u00e9gu\u00e9 au permis de conduire et \u00e0 la s\u00e9curit\u00e9 routi\u00e8re, pour les actes\nmentionn\u00e9s aux t), u), v), w), x) de l'article 4 et les courriers simples relevant de son p\u00f4le  ;\n- M. St\u00e9phane CESARI, technicien sup\u00e9rieur en chef du d\u00e9veloppement durable, chef du p\u00f4le\npr\u00e9vention, pour les actes mentionn\u00e9s aux m), t) de l'article 4. \nARTICLE 9 : D\u00e9l\u00e9gation est donn\u00e9e \u00e0 Mme Ma\u00efka ROCHE, M. S\u00e9bastien GRIFFO et M. Jean-\nMarc SERRUS, inspecteurs du permis de conduire et de la s\u00e9curit\u00e9 routi\u00e8re, pour signer les\ncourriers  simples  du  p\u00f4le  \u00e9ducation  routi\u00e8re  du  service  de  l'\u00e9ducation  et  de  la  s\u00e9curit\u00e9\nrouti\u00e8res.\n7/8Pr\u00e9fecture du VAR - 83-2024-04-12-00004 - ARR\u00caT\u00c9 PR\u00c9FECTORAL n\u00b02024/13/MCI du 12 avril 2024 portant d\u00e9l\u00e9gation de signature \u00e0\nMme Jos\u00e9phine GUIGLIANO-BOUTONNET, directrice de cabinet du pr\u00e9fet du Var 47\nARTICLE   10   : Lorsque le service de l'\u00e9ducation et de la s\u00e9curit\u00e9 routi\u00e8res assure le service de\npermanence de week-end et de jours f\u00e9ri\u00e9s institu\u00e9 conform\u00e9ment \u00e0 l'ordre des permanences\nfix\u00e9  par  le  pr\u00e9fet  du  Var,  d\u00e9l\u00e9gation  sp\u00e9ciale  est  accord\u00e9e  \u00e0  Mme  Sophie  BARASTIER,\nM.  Thierry  LE  GRAND,  et  Mme  Laurence  CAIRE ,  \u00e0  l'effet  de  signer,  pour  l'ensemble  du\nd\u00e9partement, les d\u00e9cisions de suspension provisoire imm\u00e9diate des permis de conduire.\nARTICL  E  11    : D\u00e9l\u00e9gation  est  donn\u00e9e  \u00e0  Mme  Chantal  MOLINES,  attach\u00e9e  principale\nd'administration de l'\u00c9tat, d\u00e9l\u00e9gu\u00e9e d\u00e9partementale aux droits des femmes et \u00e0 l'\u00e9galit\u00e9, pour\nsigner, dans les limites de ses attributions, tous actes, documents et correspondances ne\npr\u00e9sentant pas un caract\u00e8re d\u00e9cisionnel, \u00e0 l'exclusion des requ\u00eates et m\u00e9moires aupr\u00e8s des\njuridictions, des lettres circulaires et des lettres personnelles aux \u00e9lus.\nARTICL  E  12    : En  cas  d'absence  ou  d'emp\u00eachement  de  Mme  Jos\u00e9phine  GUIGLIANO-\nBOUTONNET, la d\u00e9l\u00e9gation de signature qui lui est accord\u00e9e \u00e0 l'article 1er est exerc\u00e9e par\nM. Vincent BARASTIER, directeur des s\u00e9curit\u00e9s, et en son absence, par M. Guillaume JAUBERT,\nchef de cabinet, directeur adjoint des s\u00e9curit\u00e9s.\nEst exclue des dispositions du pr\u00e9sent article, la signature des lettres circulaires et des lettres\npersonnelles aux \u00e9lus du d\u00e9partement.\nARTICLE   13   :  L'arr\u00eat\u00e9  pr\u00e9fectoral  n\u00b02024/04/MCI  du  9  f\u00e9vrier  2024 portant  d\u00e9l\u00e9gation  de\nsignature  \u00e0  Mme  Agn\u00e8s  BONJEAN,  sous-pr\u00e9f\u00e8te  charg\u00e9e  de  mission,  secr\u00e9taire  g\u00e9n\u00e9rale\nadjointe, assurant l'int\u00e9rim du directeur de cabinet du pr\u00e9fet du Var , est abrog\u00e9 \u00e0 compter du\n15 avril 2024.\nARTICLE   14   : Le secr\u00e9taire g\u00e9n\u00e9ral de la pr\u00e9fecture et la directrice de cabinet du pr\u00e9fet du\nVar, sont  charg\u00e9s, chacun en ce qui le concerne, de l'ex\u00e9cution du pr\u00e9sent arr\u00eat\u00e9  qui sera\npubli\u00e9 au recueil des actes administratifs de la pr\u00e9fecture du Var.\nFait \u00e0 Toulon, le 12 avril 2024\nPr\u00e9fet du Var\nSign\u00e9 :       Philippe MAH\u00c9\n8/8Pr\u00e9fecture du VAR - 83-2024-04-12-00004 - ARR\u00caT\u00c9 PR\u00c9FECTORAL n\u00b02024/13/MCI du 12 avril 2024 portant d\u00e9l\u00e9gation de signature \u00e0\nMme Jos\u00e9phine GUIGLIANO-BOUTONNET, directrice de cabinet du pr\u00e9fet du Var 48\nPr\u00e9fecture du VAR\n83-2024-04-12-00006\nARR\u00caT\u00c9 PR\u00c9FECTORAL n\u00b02024/16/MCI du 12 avril\n2024 portant d\u00e9l\u00e9gation de signature \u00e0 Mme\nMyriam GARCIA, sous-pr\u00e9f\u00e8te de\nl\u25a1arrondissement de DRAGUIGNAN\nPr\u00e9fecture du VAR - 83-2024-04-12-00006 - ARR\u00caT\u00c9 PR\u00c9FECTORAL n\u00b02024/16/MCI du 12 avril 2024 portant d\u00e9l\u00e9gation de signature \u00e0\nMme Myriam GARCIA, sous-pr\u00e9f\u00e8te de l\u25a1arrondissement de DRAGUIGNAN 49\nEx\nPREFET\nDU  VAR\nL'z'berte'\nEgalit\u00e9\nFraternit\u00e9\nDirection de la coordination\n des politiques publiques\net de l'appui territorial\nMission de coordination interminist\u00e9rielle\nARR\u00caT\u00c9 PR\u00c9FECTORAL n\u00b02024/16/MCI du 12 avril 2024\nportant d\u00e9l\u00e9gation de signature \u00e0 Mme Myriam GARCIA,\nsous-pr\u00e9f\u00e8te de l'arrondissement de DRAGUIGNAN\nLe Pr\u00e9fet du Var,\nOfficier de la L\u00e9gion d'Honneur,\nVu la loi n\u00b0 82-213 du 2 mars 1982 modifi\u00e9e, relative aux droits et libert\u00e9s des communes, des\nd\u00e9partements et des r\u00e9gions  ;\nVu la loi n\u00b0 83-8 du 7 janvier 1983 modifi\u00e9e, relative \u00e0 la r\u00e9partition des comp\u00e9tences entre les\ncommunes, les d\u00e9partements, les r\u00e9gions et l'\u00c9tat  ;\nVu  la  loi  d'orientation  n\u00b0  92-125  du  6  f\u00e9vrier  1992  modifi\u00e9e  relative  \u00e0  l'administration\nterritoriale de la R\u00e9publique ;\nVu la loi n\u00b0 2004-809 du 13 ao\u00fbt 2004 modifi\u00e9e relative aux libert\u00e9s et responsabilit\u00e9s locales  ;\nVu le d\u00e9cret n\u00b0 97-34 du 15 janvier 1997 modifi\u00e9 relatif \u00e0 la d\u00e9concentration des d\u00e9cisions\nadministratives individuelles  ;\nVu  le  d\u00e9cret  n\u00b0  2004-374  du  29  avril  2004  modifi\u00e9  relatif  aux  pouvoirs  des  pr\u00e9fets,  \u00e0\nl'organisation et \u00e0 l'action des services de l'\u00c9tat dans les r\u00e9gions et d\u00e9partements  ;\nVu le d\u00e9cret n\u00b0 2015-510 du 7 mai 2015 portant charte de la d\u00e9concentration  ;\nVu le d\u00e9cret du Pr\u00e9sident de la R\u00e9publique du 8 septembre 2021 portant nomination de\nM. Charbel ABOUD, sous-pr\u00e9fet de l'arrondissement de Brignoles  ;\nVu  le  d\u00e9cret  du  Pr\u00e9sident  de  la  R\u00e9publique  du  15  avril  2022  portant  nomination  de\nM.  Lucien  GIUDICELLI,  secr\u00e9taire  g\u00e9n\u00e9ral  de  la  pr\u00e9fecture  du  Var,  sous-pr\u00e9fet  de\nl'arrondissement de Toulon; \nVu  le  d\u00e9cret  du  Pr\u00e9sident  de  la  R\u00e9publique  du  2  mars  2023  portant  nomination  de\nMme Agn\u00e8s BONJEAN, sous-pr\u00e9f\u00e8te charg\u00e9e de mission aupr\u00e8s du pr\u00e9fet du Var, secr\u00e9taire\ng\u00e9n\u00e9rale adjointe de la pr\u00e9fecture du Var;\nVu  le  d\u00e9cret  du  Pr\u00e9sident  de  la  R\u00e9publique  du  6  juillet  2023  portant  nomination  de\nMme Myriam GARCIA, sous-pr\u00e9f\u00e8te de l'arrondissement de Draguignan  ; \nVu  le  d\u00e9cret  du  Pr\u00e9sident  de  la  R\u00e9publique  du  13  juillet  2023  portant  nomination  de\nM. Philippe MAHE, pr\u00e9fet du Var  ;\n1/8\nPr\u00e9fecture du VAR - 83-2024-04-12-00006 - ARR\u00caT\u00c9 PR\u00c9FECTORAL n\u00b02024/16/MCI du 12 avril 2024 portant d\u00e9l\u00e9gation de signature \u00e0\nMme Myriam GARCIA, sous-pr\u00e9f\u00e8te de l\u25a1arrondissement de DRAGUIGNAN 50\nVu  le  d\u00e9cret  du  Pr\u00e9sident  de  la  R\u00e9publique  du  3  avril  2024  portant  nomination  de\nMme Jos\u00e9phine GUIGLIANO-BOUTONNET, sous-pr\u00e9f\u00e8te, directrice de cabinet du pr\u00e9fet du\nVar ;\nVu l'arr\u00eat\u00e9 pr\u00e9fectoral n\u00b02024/03/MCI du 19 f\u00e9vrier 2024  portant organisation de la pr\u00e9fecture\ndu Var ; \nVu l'arr\u00eat\u00e9 pr\u00e9fectoral n\u00b02023/102/MCI du 6 novembre 2023  portant d\u00e9l\u00e9gation de signature\n\u00e0 Mme Myriam GARCIA, sous-pr\u00e9f\u00e8te de l'arrondissement de Draguignan  ;\nSur proposition du secr\u00e9taire g\u00e9n\u00e9ral de la pr\u00e9fecture du Var  ;\nARR\u00caTE :\nARTICLE  1er     :  Ind\u00e9pendamment  des  attributions  qui  sont  conf\u00e9r\u00e9es  aux  sous-pr\u00e9fets\nd'arrondissement par les lois et r\u00e8glements, d\u00e9l\u00e9gation est donn\u00e9e \u00e0 Mme Myriam GARCIA ,\nsous-pr\u00e9f\u00e8te de l'arrondissement de Draguignan, \u00e0 l'effet d'instruire et de signer tous actes de\ngestion relatifs au fonctionnement des services de la sous-pr\u00e9fecture, ainsi que pour signer les\narr\u00eat\u00e9s, circulaires et correspondances concernant, pour l'arrondissement de Draguignan, les\naffaires suivantes, \u00e0 l'exclusion des requ\u00eates et m\u00e9moires aupr\u00e8s des juridictions  :\nI \u2013 Administration g\u00e9n\u00e9rale  :\na) re\u00e7us de d\u00e9p\u00f4t d'une d\u00e9claration de candidature pour le 1er tour de scrutin des \u00e9lections\nmunicipales pour les communes de l'arrondissement lors du renouvellement g\u00e9n\u00e9ral  ;\nb) pour les communes de l'arrondissement, lors du renouvellement g\u00e9n\u00e9ral  :\n1) r\u00e9c\u00e9piss\u00e9 d\u00e9finitif d'enregistrement d'une d\u00e9claration de candidature aux \u00e9lections\nmunicipales ;\n2)  refus  de  d\u00e9livrance  du  r\u00e9c\u00e9piss\u00e9  d\u00e9finitif  d'enregistrement  d'une  d\u00e9claration  de\ncandidature aux \u00e9lections municipales  ;\nc) r\u00e9c\u00e9piss\u00e9s d\u00e9finitifs d'une d\u00e9claration de candidature pour le second tour de scrutin des\n\u00e9lections  municipales  pour  les  communes  de  l'arrondissement  lors  du  renouvellement\ng\u00e9n\u00e9ral ;\nd) organisation des \u00e9lections municipales partielles  ;\nII \u2013 Administration locale  :\na) suivi  du contr\u00f4le de l\u00e9galit\u00e9 des actes administratifs des collectivit\u00e9s locales et de leurs\n\u00e9tablissements du ressort de l'arrondissement (\u00e0 l'exception des syndicats mixtes dont le\nconseil d\u00e9partemental du Var est membre) et des soci\u00e9t\u00e9s d'\u00e9conomie mixte locales, en ce\nqu'il comprend :\n-l'information de l'autorit\u00e9 locale sur sa demande de la d\u00e9cision du repr\u00e9sentant de\nl'\u00c9tat dans le d\u00e9partement de ne pas d\u00e9f\u00e9rer un acte au tribunal administratif  ;\n-l'information  de  l'autorit\u00e9  locale  qu'un  acte  est  entach\u00e9  d'ill\u00e9galit\u00e9  et  la\ncommunication des pr\u00e9cisions utiles lui permettant de rendre l\u00e9gal l'acte concern\u00e9  ;\n-la signature des recours gracieux  ;\n                                                                                                                                                                                                                           2/8Pr\u00e9fecture du VAR - 83-2024-04-12-00006 - ARR\u00caT\u00c9 PR\u00c9FECTORAL n\u00b02024/16/MCI du 12 avril 2024 portant d\u00e9l\u00e9gation de signature \u00e0\nMme Myriam GARCIA, sous-pr\u00e9f\u00e8te de l\u25a1arrondissement de DRAGUIGNAN 51\n-la  signature  des  lettres  de  demandes  de  pi\u00e8ces  compl\u00e9mentaires  en  mati\u00e8re  de\ncontr\u00f4le de l\u00e9galit\u00e9 ne valant pas recours gracieux  ;\nb) suivi du contr\u00f4le budg\u00e9taire des collectivit\u00e9s locales du ressort de l'arrondissement et de\nleurs \u00e9tablissements (\u00e0 l'exception des syndicats mixtes dont le conseil d\u00e9partemental du Var\nest  membre),  incluant  la  signature  des  recours  gracieux  et  la  signature  des  lettres  de\ndemandes de pi\u00e8ces compl\u00e9mentaires ne valant pas recours gracieux  ;\nc) suivi des demandes de mandatement d'office des d\u00e9penses obligatoires  ;\nd) en mati\u00e8re d'urbanisme  :\n-la signature des avis de l'\u00c9tat  ;\n-la signature des avis sur les permis de d\u00e9molir  ;\n-la signature des autorisations ou actes relatifs \u00e0 l'utilisation et \u00e0 l'occupation du sol\npour les op\u00e9rations relevant de l'article R. 422-2 du code de l'urbanisme  ;\n-la signature des autorisations ou actes relatifs \u00e0 l'utilisation et \u00e0 l'occupation du sol\ndans les communes non dot\u00e9es d'un document d'urbanisme approuv\u00e9, pour les cas\npr\u00e9vus \u00e0 l'article L. 422-1-b du code de l'urbanisme  ;\ne) substitution aux maires dans les cas pr\u00e9vus aux articles L. 2215-1 et L. 2215-5 du code\ng\u00e9n\u00e9raldes collectivit\u00e9s territoriales  ;\nf) autorisation d'occupation temporaire et autorisation de p\u00e9n\u00e9trer sur les propri\u00e9t\u00e9s priv\u00e9es  ;\ng) constitution des groupes de travail pr\u00e9vus par les dispositions du titre VIII du code de\nl'environnement relatif \u00e0 la protection du cadre de vie (publicit\u00e9, enseignes et pr\u00e9-enseignes)\net mesures administratives d'application  ;\nh) arr\u00eat\u00e9s se rapportant aux \u00e9tablissements publics de coop\u00e9ration intercommunale dont le\nsi\u00e8ge setrouve dans l'arrondissement, \u00e0 l'exception des communaut\u00e9s d'agglom\u00e9ration, des\ncommunaut\u00e9s de communes, des syndicats mixtes dont le conseil d\u00e9partemental du Var est\nmembre en ce qui concerne les arr\u00eat\u00e9s de cr\u00e9ation, de modification des attributions, de\nretrait de communes membres, d'adh\u00e9sion de nouvelles communes et de dissolution.\nIII  \u2013  Coordination  de  l'action  des  services  d\u00e9concentr\u00e9s  :  tous  actes  ou  documents\nn\u00e9cessaires \u00e0 l'exercice de son pouvoir de coordination de l'action des services d\u00e9concentr\u00e9s\nde l'\u00c9tat pr\u00e9vu par le d\u00e9cret n\u00b0 2004-374 du 29 avril 2004, et notamment toutes demandes\nd'information.\nARTICLE  2 :  Ind\u00e9pendamment  des  attributions  qui  sont  conf\u00e9r\u00e9es  aux  sous-pr\u00e9fets\nd'arrondissement par les lois et r\u00e8glements, d\u00e9l\u00e9gation est donn\u00e9e \u00e0 Mme Myriam GARCIA ,\nsous-pr\u00e9f\u00e8te de l'arrondissement de Draguignan, \u00e0 l'effet d'instruire et de signer tous les\narr\u00eat\u00e9s,  circulaires  et  correspondances  concernant  le  bureau  de  l'administration  et  de  la\nr\u00e9glementation g\u00e9n\u00e9rale, \u00e0 l'exclusion des requ\u00eates et m\u00e9moires aupr\u00e8s des juridictions  :\nI \u2013 Pour l'arrondissement de Draguignan\na) opposition \u00e0 sortie du territoire pour les enfants mineurs  ;\n3/8Pr\u00e9fecture du VAR - 83-2024-04-12-00006 - ARR\u00caT\u00c9 PR\u00c9FECTORAL n\u00b02024/16/MCI du 12 avril 2024 portant d\u00e9l\u00e9gation de signature \u00e0\nMme Myriam GARCIA, sous-pr\u00e9f\u00e8te de l\u25a1arrondissement de DRAGUIGNAN 52\nb)  l\u00e9gislation  fun\u00e9raire  :  les  laissez-passer  de  corps  et  urnes  cin\u00e9raires  vers  l'\u00e9tranger,  les\nautorisations de transport de corps et urnes cin\u00e9raires vers l'\u00e9tranger, les d\u00e9rogations au d\u00e9lai\nr\u00e9glementaire  de  six  jours  en  vue  de  l'inhumation  ou  de  l'incin\u00e9ration  des  corps  des\npersonnes d\u00e9c\u00e9d\u00e9es, les autorisations d'inhumation en propri\u00e9t\u00e9 priv\u00e9e  ;\nc) instruction des demandes d'enqu\u00eates sociales et administratives en mati\u00e8re de logement\nsocial et d'expulsion,  propositions de logements aux bailleurs sociaux  ;\nd)  instruction  et  signature  des  octrois  ou  refus  du  concours  de  la  force  publique  pour\nl'ex\u00e9cution  des  d\u00e9cisions  de  justice  en  mati\u00e8re  d'expulsion  locative,  domiciliaire  et\nimmobili\u00e8re, des demandes d'indemnit\u00e9s amiables, r\u00e8glement transactionnel des dossiers\naff\u00e9rents, protocole d'accord de pr\u00e9vention des expulsions locatives, mise en \u0153uvre des\nd\u00e9cisions \u00ab droit au logement opposable  \u00bb (DALO) y compris les radiations et les recours\ngracieux DALO ;\ne) avis pr\u00e9alable aux mesures de police des d\u00e9bits de boissons et des h\u00f4tels  ;\nf)  autorisation  d'utilisation du  plan  d'eau  du  lac  de  Saint-Cassien  par  d\u00e9rogation  aux\ndispositions de l'arr\u00eat\u00e9 pr\u00e9fectoral du 16 juin 1977  ;\ng)  d\u00e9cision de suspension des permis de  conduire, d\u00e9cision de restriction de validit\u00e9 de\npermis de conduire cons\u00e9cutive aux examens en commission m\u00e9dicale d'aptitude, d\u00e9cision\nde  mise  en  \u0153uvre  des  visites  m\u00e9dicales  par  autorit\u00e9,  d\u00e9cision  de  mise  en  \u0153uvre  des\ndispositions  sp\u00e9cifiques  \u00e0  l'\u00e9thylotest  antid\u00e9marrage,  mise  en  \u0153uvre  de  la  proc\u00e9dure\nd'\u00e9change de permis de conduire \u00e9tranger apr\u00e8s suspension  ;\nh) d\u00e9livrance des attestations de duplicata des permis de chasser  ;\ni) d\u00e9livrance des r\u00e9c\u00e9piss\u00e9s de revendeurs d'objets mobiliers  ;\nj) d\u00e9livrance des autorisations d'installation de liaisons d'alarme avec le commissariat de\npolice de Draguignan  ;\nk)  d\u00e9clarations  d'option  pour  l'incorporation  dans  le  service  national  des  jeunes  double-\nnationaux ;\nl)  instruction  et  signature  des  arr\u00eat\u00e9s  instaurant  un  p\u00e9rim\u00e8tre  de  protection  pour  les\nmanifestations dont il a la responsabilit\u00e9, en application de l'article L. 226-1 du code de la\ns\u00e9curit\u00e9 int\u00e9rieure  ;\nm)  suivi  des  proc\u00e8s-verbaux  de  r\u00e9union  ou  de  visite  de  la  commission  de  s\u00e9curit\u00e9  et\nd'accessibilit\u00e9 de l'arrondissement dont il assure la pr\u00e9sidence  ;\nn) commission des polices de l'environnement (COPOLLEN) op\u00e9rationnelle d'arrondissement  ;\no)  suivi  des  enqu\u00eates  de  moralit\u00e9  concernant  les  visiteurs  de  prison  et  agr\u00e9ment  des\naum\u00f4niers pour le centre p\u00e9nitentiaire de Draguignan  ;\np) gardes statiques et escortes de d\u00e9tenus  ;\n                                                                                                                                                                                                                           4/8Pr\u00e9fecture du VAR - 83-2024-04-12-00006 - ARR\u00caT\u00c9 PR\u00c9FECTORAL n\u00b02024/16/MCI du 12 avril 2024 portant d\u00e9l\u00e9gation de signature \u00e0\nMme Myriam GARCIA, sous-pr\u00e9f\u00e8te de l\u25a1arrondissement de DRAGUIGNAN 53\nII \u2013 Pour les arrondissements de Draguignan et de Brignoles  :\na) signature des conventions de coordination des interventions de la police municipale et des\nforces de s\u00e9curit\u00e9 de l'\u00c9tat  ;\nb) agr\u00e9ments et cartes professionnelles des policiers municipaux et des assistants temporaires\nde police municipale  ;\nc) cartes professionnelles des policiers municipaux  ;\nIII \u2013 Sur l'ensemble du d\u00e9partement du Var  : agr\u00e9ments des gardes particuliers.\nARTICLE  3 :  Ind\u00e9pendamment  des  attributions  qui  sont  conf\u00e9r\u00e9es  aux  sous-pr\u00e9fets\nd'arrondissement par les lois et r\u00e8glements, d\u00e9l\u00e9gation est donn\u00e9e \u00e0 Mme Myriam GARCIA ,\nsous-pr\u00e9f\u00e8te de l'arrondissement de Draguignan, \u00e0 l'effet d'instruire et de signer tous les\narr\u00eat\u00e9s,  circulaires  et  correspondances,  y  compris  les  requ\u00eates  et  m\u00e9moires  aupr\u00e8s  des\njuridictions, concernant la r\u00e9duction des nuisances caus\u00e9es par l'activit\u00e9 des h\u00e9licopt\u00e8res sur\nles communes de la communaut\u00e9 de communes du golfe de Saint-Tropez et \u00e0 ce titre, de\ng\u00e9rer les autorisations d'h\u00e9lisurfaces, d'h\u00e9listations et les rotations d'h\u00e9licopt\u00e8res aff\u00e9rentes.\nARTICLE  4 :  Ind\u00e9pendamment  des  attributions  qui  sont  conf\u00e9r\u00e9es  aux  sous-pr\u00e9fets\nd'arrondissement par les lois et r\u00e8glements, d\u00e9l\u00e9gation est donn\u00e9e \u00e0 Mme Myriam GARCIA ,\nsous-pr\u00e9f\u00e8te de l'arrondissement de DRAGUIGNAN, \u00e0 l'effet d'instruire et de signer tous les\narr\u00eat\u00e9s, circulaires et correspondances concernant le bureau de l'immigration,  \u00e0 l'exclusion\ndes requ\u00eates et m\u00e9moires aupr\u00e8s des juridictions  :\n \u2013 Pour les arrondissements de Draguignan et de Brignoles  :\na) r\u00e9c\u00e9piss\u00e9s de demande de titre de s\u00e9jour  ; autorisations provisoires de s\u00e9jour  ; documents\nde circulation pour enfants mineurs \u00e9trangers  ; prolongations de visa  ; visas pr\u00e9fectoraux  ;\nd\u00e9cisions, rapports, correspondances, documents et actes relatifs \u00e0 ces attributions  ;\nb) arr\u00eat\u00e9s pr\u00e9fectoraux relatifs au refus de s\u00e9jour et \u00e0 l'obligation de quitter le territoire\nfran\u00e7ais ;\nARTICLE 5 : Except\u00e9 pour les conventions mentionn\u00e9es \u00e0 l'article 2 II-a), en cas d'absence ou\nd'emp\u00eachement  de  Mme  Myriam  GARCIA ,  d\u00e9l\u00e9gation  de  signature  est  donn\u00e9e  dans  les\nm\u00eames conditions \u00e0 M. Charbel ABOUD, sous-pr\u00e9fet de l'arrondissement de BRIGNOLES, ou,\nen  cas  d'absence  ou  d'emp\u00eachement  de  ce  dernier,  \u00e0  Mme  Jos\u00e9phine  GUIGLIANO-\nBOUTONNET, sous-pr\u00e9f\u00e8te, directrice de cabinet du pr\u00e9fet du Var, ou, en cas d'absence ou\nd'emp\u00eachement de celle-ci, \u00e0 Mme Agn\u00e8s BONJEAN, sous-pr\u00e9f\u00e8te charg\u00e9e de mission aupr\u00e8s\ndu pr\u00e9fet du Var, secr\u00e9taire g\u00e9n\u00e9rale adjointe de la pr\u00e9fecture du Var  ;\nARTICLE  6 : Lorsque  Mme  Myriam  GARCIA  assure  le  service  de  permanence  institu\u00e9\nconform\u00e9ment  \u00e0  l'ordre  des  permanences  fix\u00e9  p\u00e9riodiquement  par  le  pr\u00e9fet  du  Var,\n5/8Pr\u00e9fecture du VAR - 83-2024-04-12-00006 - ARR\u00caT\u00c9 PR\u00c9FECTORAL n\u00b02024/16/MCI du 12 avril 2024 portant d\u00e9l\u00e9gation de signature \u00e0\nMme Myriam GARCIA, sous-pr\u00e9f\u00e8te de l\u25a1arrondissement de DRAGUIGNAN 54\nd\u00e9l\u00e9gation lui est alors accord\u00e9e \u00e0 l'effet de signer, pour l'ensemble du d\u00e9partement, toute\nd\u00e9cision n\u00e9cessit\u00e9e par une situation d'urgence, notamment  :\n-les d\u00e9cisions de suspension provisoire imm\u00e9diate des permis de conduire  ;\n-les mesures d'\u00e9loignement relevant de la comp\u00e9tence du repr\u00e9sentant de l'\u00c9tat dans le\nd\u00e9partement et concernant les \u00e9trangers s\u00e9journant irr\u00e9guli\u00e8rement sur le territoire\nfran\u00e7ais et les d\u00e9cisions de placement en r\u00e9tention administrative ou d'assignation \u00e0\nr\u00e9sidence des \u00e9trangers objets de ces mesures, prises en application des dispositions\ndu code de l'entr\u00e9e et du s\u00e9jour des \u00e9trangers et du droit d'asile (CESEDA)  ;\n-tout courrier relatif aux proc\u00e9dures d'\u00e9loignement concernant les \u00e9trangers s\u00e9journant\nirr\u00e9guli\u00e8rement  sur  le  territoire  fran\u00e7ais,  y  compris  toute  requ\u00eate  adress\u00e9e  aux\njuridictions en mati\u00e8re de r\u00e9tention administrative, notamment au juge des libert\u00e9s et\nde  la  d\u00e9tention  en  application  des  articles  L  552-1  \u00e0  L  552-8  du  CESEDA,  en  vue\nd'obtenir la prolongation de la r\u00e9tention administrative  ;\n-la d\u00e9livrance de passeports et de titres d'identit\u00e9  ;\n-les  arr\u00eat\u00e9s  pronon\u00e7ant  l'admission  sans  consentement  en  soins  psychiatriques  des\npersonnes dont les troubles mentaux n\u00e9cessitent des soins et compromettent la s\u00fbret\u00e9\ndes  personnes  ou  portent  atteinte,  de  fa\u00e7on  grave,  \u00e0  l'ordre  public,  ainsi  que  les\noppositions  aux  demandes  d'autorisation  de  sortie  de  courte  dur\u00e9e  prises  en\napplication de l'article L 3211-11-1 du code de la sant\u00e9 publique  ;\n-les gardes statiques et escortes de d\u00e9tenus  ;\n-les autorisations de transport de corps en dehors du territoire m\u00e9tropolitain.\nARTICLE  7 : D\u00e9l\u00e9gation  de  signature  est  donn\u00e9e  \u00e0  M.  Philippe  SAVIGNAT,  conseiller\nd'administration de l'int\u00e9rieur et de l'outre-mer, secr\u00e9taire g\u00e9n\u00e9ral de la sous-pr\u00e9fecture de\nDraguignan, pour  :\n-les actes mentionn\u00e9s aux rubriques I et II  de l'article 1er ;\n-les actes mentionn\u00e9s aux alin\u00e9as I-a), I-b), I-c), I-d) pour la demande d'\u00e9mission de\nperception et versement des indemnit\u00e9s amiables dans le contentieux des expulsions\nlocatives, I-e), I-g), I-h), I-i), I-j), I-k), I-m), I-o), I-p), II-b), II-c)  et \u00e0 la rubrique III de l'article\n2 ;\n-l'engagement des d\u00e9penses courantes \u00e0 hauteur de 2300 euros toutes taxes comprises\net la signature des contrats dans le cadre la gestion du centre de responsabilit\u00e9 de la\nsous-pr\u00e9fecture ;\n-les actes mentionn\u00e9s \u00e0 l'article 4 ;\n-les correspondances administratives ordinaires avec la pr\u00e9fecture, les chefs de service\nr\u00e9gionaux et d\u00e9partementaux des administrations de l'\u00c9tat, les autorit\u00e9s r\u00e9gionales\n                                                                                                                                                                                                                           6/8Pr\u00e9fecture du VAR - 83-2024-04-12-00006 - ARR\u00caT\u00c9 PR\u00c9FECTORAL n\u00b02024/16/MCI du 12 avril 2024 portant d\u00e9l\u00e9gation de signature \u00e0\nMme Myriam GARCIA, sous-pr\u00e9f\u00e8te de l\u25a1arrondissement de DRAGUIGNAN 55\nd\u00e9partementales et municipales, les \u00e9tablissements publics et les particuliers, ainsi que\nles notes de service  ;\n-les autorisations de cong\u00e9s de la sous-pr\u00e9fecture de Draguignan.\nARTICLE  8 : D\u00e9l\u00e9gation  de  signature  est  donn\u00e9e  \u00e0  Mme  Claire  CHAPELAND,  attach\u00e9e\nprincipale d'administration de l'\u00c9tat, cheffe du bureau de l'ing\u00e9nierie territoriale, pour  :\n-les actes mentionn\u00e9s aux rubriques I et II  de l'article 1er ;\n-les actes mentionn\u00e9s aux alin\u00e9as I-a), I-b), I-c), I-d) pour la demande d'\u00e9mission de\nperception et versement des indemnit\u00e9s amiables dans le contentieux des expulsions\nlocatives, I-g) I-h), I-i), I-j),  I-k), I-m), I-p), II-b) et II-c) de l'article 2  ;\n-les actes mentionn\u00e9s \u00e0 l'alin\u00e9a I-a) et \u00e0 la rubrique II de l'article 4  ;\n-les correspondances administratives ordinaires avec la pr\u00e9fecture, les chefs de service\nr\u00e9gionaux et d\u00e9partementaux des administrations de l'\u00c9tat, les autorit\u00e9s r\u00e9gionales\nd\u00e9partementales et municipales, les \u00e9tablissements publics et les particuliers, ainsi que\nles notes de service  ;\n-les autorisations de cong\u00e9s de la sous-pr\u00e9fecture de Draguignan.\nARTICLE 9 :  En cas d'absence ou d'emp\u00eachement de  M. Philippe SAVIGNAT,  d\u00e9l\u00e9gation est\ndonn\u00e9e \u00e0 M. Alain PASSERON, secr\u00e9taire administratif de classe normale, adjoint au chef du\nbureau de l'administration  et de la r\u00e9glementation  g\u00e9n\u00e9rale, pour les actes concernant les\nattributions mentionn\u00e9es aux alin\u00e9as I-b), I-c)  en ce qui concerne  les demandes d'enqu\u00eate\nsociale et administrative en mati\u00e8re de logement et I-g)  en ce qui concerne  les courriers\nsimples, les arr\u00eat\u00e9s d'inaptitude, les proc\u00e9dures contradictoires apr\u00e8s avis de la commission\nm\u00e9dicale des permis de conduire et les arr\u00eat\u00e9s de suspension administrative des permis de\nconduire, I-h) et I-i) de l'article 2  et les cartes professionnelles mentionn\u00e9es \u00e0 l'alin\u00e9a II-c) de\nl'article 2.\nARTICLE  10 : D\u00e9l\u00e9gation  de  signature  est  donn\u00e9e  \u00e0  Mme  Marie-Laure  LAMASA,  attach\u00e9e\nd'administration  de  l'\u00c9tat,  cheffe  du  bureau  de  l'immigration,  en  ce  qui  concerne  les\nattributions mentionn\u00e9es \u00e0 l'alin\u00e9a a) de l'article 4.\nARTICLE  11 : En  cas  d'absence  ou  d'emp\u00eachement  de  Madame  Marie-Laure  LAMASA,  la\nd\u00e9l\u00e9gation de signature qui lui est donn\u00e9e \u00e0 l'article 10 est exerc\u00e9e par Monsieur Alexandre\nTAHERI,  secr\u00e9taire  administratif  de  classe  normale,  adjoint  \u00e0  la  cheffe  du  bureau  de\nl'immigration, en ce qui concerne les attributions mentionn\u00e9es \u00e0 l'alin\u00e9a a) de l'article 4.\n7/8Pr\u00e9fecture du VAR - 83-2024-04-12-00006 - ARR\u00caT\u00c9 PR\u00c9FECTORAL n\u00b02024/16/MCI du 12 avril 2024 portant d\u00e9l\u00e9gation de signature \u00e0\nMme Myriam GARCIA, sous-pr\u00e9f\u00e8te de l\u25a1arrondissement de DRAGUIGNAN 56\nARTICLE 12 :  L'arr\u00eat\u00e9 pr\u00e9fectoral n\u00b02023/102/MCI du 6 novembre 2023  portant d\u00e9l\u00e9gation de\nsignature \u00e0 Mme Myriam GARCIA, sous-pr\u00e9f\u00e8te de l'arrondissement de Draguignan , est abrog\u00e9\n\u00e0 compter du 15 avril 2024.\nARTICLE   13    : Le secr\u00e9taire g\u00e9n\u00e9ral de la pr\u00e9fecture et la sous-pr\u00e9f\u00e8te de l'arrondissement de\nDRAGUIGNAN sont charg\u00e9s, cha cun en ce qui le concerne, de l'ex\u00e9cution du pr\u00e9sent arr\u00eat\u00e9\nqui sera publi\u00e9 au recueil des actes administratifs de la pr\u00e9fecture du Var.\nFait \u00e0 Toulon, le 12 avril 2024\nLe Pr\u00e9fet du Var\nSign\u00e9 : Philippe MAH\u00c9 \n                                                                                                                                                                                                                           8/8Pr\u00e9fecture du VAR - 83-2024-04-12-00006 - ARR\u00caT\u00c9 PR\u00c9FECTORAL n\u00b02024/16/MCI du 12 avril 2024 portant d\u00e9l\u00e9gation de signature \u00e0\nMme Myriam GARCIA, sous-pr\u00e9f\u00e8te de l\u25a1arrondissement de DRAGUIGNAN 57\nPr\u00e9fecture du VAR\n83-2024-04-12-00008\nARR\u00caT\u00c9 PR\u00c9FECTORAL n\u00b02024/17/MCI du 12 avril\n2024 portant d\u00e9l\u00e9gation de signature pour\nl\u25a1ordonnancement secondaire des d\u00e9penses et\ndes recettes de la pr\u00e9fecture de TOULON et des\nsous-pr\u00e9fectures de DRAGUIGNAN et\nBRIGNOLES \n imput\u00e9es sur le budget de l\u25a1\u00c9tat\nPr\u00e9fecture du VAR - 83-2024-04-12-00008 - ARR\u00caT\u00c9 PR\u00c9FECTORAL n\u00b02024/17/MCI du 12 avril 2024 portant d\u00e9l\u00e9gation de signature\npour l\u25a1ordonnancement secondaire des d\u00e9penses et des recettes de la pr\u00e9fecture de TOULON et des sous-pr\u00e9fectures de\nDRAGUIGNAN et BRIGNOLES \n imput\u00e9es sur le budget de l\u25a1\u00c9tat58\nEx\nPREFET\nDU  VAR\nL'z'berte'\nEgalit\u00e9\nFraternit\u00e9\n Direction de la coordination \ndes politiques publiques\net de l'appui territorial\nMission de coordination interminist\u00e9rielle\nARR\u00caT\u00c9 PR\u00c9FECTORAL n\u00b02024/17/MCI du 12 avril 2024\nportant d\u00e9l\u00e9gation de signature pour l'ordonnancement secondaire \ndes d\u00e9penses et des recettes\nde la pr\u00e9fecture de TOULON et des sous-pr\u00e9fectures de DRAGUIGNAN et BRIGNOLES \n imput\u00e9es sur le budget de l'\u00c9tat\nLe Pr\u00e9fet du Var,\nOfficier de la L\u00e9gion d'Honneur,\nVu la loi n\u00b0 82-213 du 2 mars 1982 modifi\u00e9e relative aux droits et libert\u00e9s des communes, des \nd\u00e9partements et des r\u00e9gions  ;\nVu la loi n\u00b0 83-8 du 7 janvier 1983 modifi\u00e9e relative \u00e0 la r\u00e9partition des comp\u00e9tences entre les\ncommunes, les d\u00e9partements, les r\u00e9gions et l'\u00c9tat  ;\nVu  la  loi  d'orientation  n\u00b0  92-125  du  6  f\u00e9vrier  1992  modifi\u00e9e  relative  \u00e0  l'administration\nterritoriale de la R\u00e9publique ;\nVu la loi n\u00b0 2004-809 du 13 ao\u00fbt 2004 modifi\u00e9e relative aux libert\u00e9s et responsabilit\u00e9s locales  ;\nVu le d\u00e9cret n\u00b0 97-34 du 15 janvier 1997 modifi\u00e9 relatif \u00e0 la d\u00e9concentration des d\u00e9cisions\nadministratives individuelles  ;\nVu  le  d\u00e9cret  n\u00b0  2004-374  du  29  avril  2004  modifi\u00e9  relatif  aux  pouvoirs  des  pr\u00e9fets,  \u00e0\nl'organisation et \u00e0 l'action des services de l'\u00c9tat dans les r\u00e9gions et d\u00e9partements  ;\nVu  le  d\u00e9cret  n\u00b0  2007-1488  du  17  octobre  2007  modifi\u00e9  relatif  \u00e0  l'emploi  de  conseiller\nd'administration de l'int\u00e9rieur et de l'outre-mer ;\nVu le d\u00e9cret n\u00b0 2011-1317 du 17 octobre 2011 modifi\u00e9 portant statut particulier du corps\ninterminist\u00e9riel des attach\u00e9s d'administration de l'\u00c9tat ;\nVu le d\u00e9cret n\u00b0 2012-1246 du 7 novembre 2012 modifi\u00e9 relatif \u00e0 la gestion budg\u00e9taire et\ncomptable publique  ;\nVu le d\u00e9cret n\u00b0 2012-1247 du 7 novembre 2012 modifi\u00e9 portant adaptation de divers textes\naux nouvelles r\u00e8gles de la gestion budg\u00e9taire et comptable publique  ;\nVu le d\u00e9cret du Pr\u00e9sident de la R\u00e9publique du 8 septembre 2021 portant nomination de\nM. Charbel ABOUD, sous-pr\u00e9fet de l'arrondissement de Brignoles  ;\n1/7\nPr\u00e9fecture du VAR - 83-2024-04-12-00008 - ARR\u00caT\u00c9 PR\u00c9FECTORAL n\u00b02024/17/MCI du 12 avril 2024 portant d\u00e9l\u00e9gation de signature\npour l\u25a1ordonnancement secondaire des d\u00e9penses et des recettes de la pr\u00e9fecture de TOULON et des sous-pr\u00e9fectures de\nDRAGUIGNAN et BRIGNOLES \n imput\u00e9es sur le budget de l\u25a1\u00c9tat59\nVu  le  d\u00e9cret  du  Pr\u00e9sident  de  la  R\u00e9publique  du  15  avril  2022  portant  nomination  de\nM.  Lucien  GIUDICELLI,  secr\u00e9taire  g\u00e9n\u00e9ral  de  la  pr\u00e9fecture  du  Var,  sous-pr\u00e9fet  de\nl'arrondissement de Toulon  ;\nVu  le  d\u00e9cret  du  Pr\u00e9sident  de  la  R\u00e9publique  du  2  mars  2023  portant  nomination  de\nMme Agn\u00e8s BONJEAN, sous-pr\u00e9f\u00e8te charg\u00e9e de mission aupr\u00e8s du pr\u00e9fet du Var, secr\u00e9taire\ng\u00e9n\u00e9rale adjointe de la pr\u00e9fecture du Var  ;\nVu  le  d\u00e9cret  du  Pr\u00e9sident  de  la  R\u00e9publique  du  6  juillet  2023  portant  nomination  de\nMme Myriam GARCIA, sous-pr\u00e9f\u00e8te de l'arrondissement de Draguignan  ;\nVu  le  d\u00e9cret  du  Pr\u00e9sident  de  la  R\u00e9publique  du  13  juillet  2023  portant  nomination  de\nM. Philippe MAHE, pr\u00e9fet du Var ;\nVu  le  d\u00e9cret  du  Pr\u00e9sident  de  la  R\u00e9publique  du  3  avril  2024  portant  nomination  de\nMme Jos\u00e9phine GUIGLIANO-BOUTONNET, sous-pr\u00e9f\u00e8te, directrice de cabinet du pr\u00e9fet du\nVar ;\nVu l'arr\u00eat\u00e9 pr\u00e9fectoral n\u00b02024/03/MCI du 19 f\u00e9vrier 2024 portant organisation de la pr\u00e9fecture\ndu Var ;\nVu  l'arr\u00eat\u00e9  pr\u00e9fectoral  n\u00b02020/96/MCI  du  29  d\u00e9cembre  2020  portant  organisation  du\nsecr\u00e9tariat  g\u00e9n\u00e9ral  commun  d\u00e9partemental  du  Var,  modifi\u00e9  par  l'arr\u00eat\u00e9  pr\u00e9fectoral\nn\u00b02022/18/MCI du 10 juin 2022  et par l'arr\u00eat\u00e9 pr\u00e9fectoral  n\u00b0 2022/45/ MCI du 7 novembre\n2022;\nVu l'arr\u00eat\u00e9 pr\u00e9fectoral n\u00b02023/46/MCI du 21 ao\u00fbt 2023 portant d\u00e9l\u00e9gation de signature pour\nl'ordonnancement secondaire des d\u00e9penses et des recettes de la pr\u00e9fecture de TOULON et\ndes sous-pr\u00e9fectures de DRAGUIGNAN et BRIGNOLES imput\u00e9es sur le budget de l'\u00c9tat  ;\nSur proposition du secr\u00e9taire g\u00e9n\u00e9ral de la pr\u00e9fecture  ;\nARR\u00caT\u00c9 :\nARTICLE  1 : D\u00e9l\u00e9gation  est  donn\u00e9e,  en  qualit\u00e9  d'ordonnateur  secondaire  d\u00e9l\u00e9gu\u00e9,  \u00e0\nM.  Lucien  GIUDICELLI,  secr\u00e9taire  g\u00e9n\u00e9ral  de  la  pr\u00e9fecture  du  Var,  sous-pr\u00e9fet  de\nl'arrondissement de Toulon, aux fins de proc\u00e9der \u00e0 toutes les op\u00e9rations et de signer tous les\nactes se traduisant par l'ordonnancement secondaire des recettes et des d\u00e9penses de l'\u00c9tat\npour les cr\u00e9dits ex\u00e9cut\u00e9s \u00e0 l'\u00e9chelon d\u00e9partemental, notamment les march\u00e9s et les arr\u00eat\u00e9s\nattributifs de subvention ou d'allocation relevant de tous les programmes.\nCette d\u00e9l\u00e9gation porte sur l'engagement, la liquidation et le mandatement des d\u00e9penses,\nainsi que sur l'\u00e9mission et la signature des titres de recettes.\nSont exclus de la d\u00e9l\u00e9gation les actes de r\u00e9quisition du comptable public assignataire et les\nd\u00e9cisions de passer outre au refus de visa du contr\u00f4leur budg\u00e9taire local. \nARTICLE 2 : D\u00e9l\u00e9gation est donn\u00e9e \u00e0 Mme Agn\u00e8s BONJEAN, sous-pr\u00e9f\u00e8te charg\u00e9e de mission\naupr\u00e8s du pr\u00e9fet du Var, secr\u00e9taire g\u00e9n\u00e9rale adjointe de la pr\u00e9fecture du Var, aux fins de\nsigner, dans son domaine de comp\u00e9tence, tous actes, documents ou d\u00e9cisions se traduisant\n                                                                                                                                                                                                                              2/7Pr\u00e9fecture du VAR - 83-2024-04-12-00008 - ARR\u00caT\u00c9 PR\u00c9FECTORAL n\u00b02024/17/MCI du 12 avril 2024 portant d\u00e9l\u00e9gation de signature\npour l\u25a1ordonnancement secondaire des d\u00e9penses et des recettes de la pr\u00e9fecture de TOULON et des sous-pr\u00e9fectures de\nDRAGUIGNAN et BRIGNOLES \n imput\u00e9es sur le budget de l\u25a1\u00c9tat60\npar l'ordonnancement secondaire des recettes et des d\u00e9penses de l'\u00c9tat et imput\u00e9es sur les\nprogrammes suivants :\n\uf0a7147  \u00ab  Politique de la ville  \u00bb ;\n\uf0a7177 \u00ab Pr\u00e9vention de l'exclusion et insertion des personnes vuln\u00e9rables \u00bb;\n\uf0a7135 \u00ab Urbanisme, territoires et am\u00e9lioration de l'habitat  \u00bb ;\n\uf0a7216 \u00ab Conduite et pilotage des politiques de l'int\u00e9rieur  \u00bb, en ce qu'elles concernent\nl'action 6 \u00ab Conseil juridique et traitement du contentieux  \u00bb, hors d\u00e9penses d'action\nsociale ;\n\uf0a7303 \u00ab Immigration et asile  \u00bb ;\n\uf0a7104 \u00ab Int\u00e9gration et acc\u00e8s \u00e0 la nationalit\u00e9 fran\u00e7aise  \u00bb;\n\uf0a7304 \u00ab Inclusion sociale et protection des personnes  \u00bb ;\n\uf0a7157 \u00abHandicap et d\u00e9pendance\u00bb;\n\uf0a7129 \u00abLutte contre le racisme, l'antis\u00e9mitisme et la haine anti-LGBT \u00bb.\nEn cas d'absence ou d'emp\u00eachement de Mme Agn\u00e8s BONJEAN, la d\u00e9l\u00e9gation de signature qui\nlui est consentie au titre du pr\u00e9sent article est exerc\u00e9e par M. Arnaud POULY, directeur\nd\u00e9partemental de l'emploi, du travail et des solidarit\u00e9s .\nARTICLE 3 : D\u00e9l\u00e9gation est donn\u00e9e \u00e0 Mme Jos\u00e9phine GUIGLIANO-BOUTONNET, sous-pr\u00e9f\u00e8te,\ndirectrice de cabinet du pr\u00e9fet du Var, aux fins de signer, dans son domaine de comp\u00e9tence,\ntous  actes,  documents  ou  d\u00e9cisions  se  traduisant  par  l'ordonnancement  secondaire  des\nrecettes et des d\u00e9penses de l'\u00c9tat et imput\u00e9es sur les programmes suivants :\n\uf0a7122 \"Concours sp\u00e9cifiques et administration\"- Fonds interminist\u00e9riel de pr\u00e9vention de\nla d\u00e9linquance ;\n\uf0a7129 \"Coordination du travail gouvernemental\" (MILDECA) ;\n\uf0a7161 \"S\u00e9curit\u00e9 civile\"  ;\n\uf0a7207 \"S\u00e9curit\u00e9 et \u00e9ducation routi\u00e8res\"  ;\n\uf0a7216 \"Conduite et pilotage des politiques de l'int\u00e9rieur\", hors d\u00e9penses d'action sociale.\nARTICLE  4 : D\u00e9l\u00e9gation  est  donn\u00e9e  \u00e0  M  Vincent  BARASTIER,  attach\u00e9  hors  classe\nd'administration de l'\u00c9tat, directeur des s\u00e9curit\u00e9s, aux fins de signer  tous actes, documents ou\nd\u00e9cisions se traduisant par l'ordonnancement secondaire des recettes et des d\u00e9penses de\nl'\u00c9tat relevant des attributions et du fonctionnement  de cette direction et imput\u00e9es sur les\nprogrammes suivants  : \n\uf0a7122 \"Concours sp\u00e9cifiques et administration\" - Fonds interminist\u00e9riel de pr\u00e9vention de\nla d\u00e9linquance ;\n\uf0a7129 \"Coordination du travail gouvernemental\" (MILDECA)  ;\n\uf0a7161 \"S\u00e9curit\u00e9 civile\"  ;\n\uf0a7207 \"S\u00e9curit\u00e9 et \u00e9ducation routi\u00e8res\" ;\n\uf0a7216 \"Conduite et pilotage des politiques de l'int\u00e9rieur\", hors d\u00e9penses d'action sociale.\n \nEn cas d'absence ou d'emp\u00eachement de M. Vincent BARASTIER,  la d\u00e9l\u00e9gation de signature\nqui lui est accord\u00e9e au titre du pr\u00e9sent article, est exerc\u00e9e par M. Guillaume JAUBERT, attach\u00e9\nprincipal d'administration de l'\u00c9tat, chef du cabinet, directeur adjoint des s\u00e9curit\u00e9s.\n3/7Pr\u00e9fecture du VAR - 83-2024-04-12-00008 - ARR\u00caT\u00c9 PR\u00c9FECTORAL n\u00b02024/17/MCI du 12 avril 2024 portant d\u00e9l\u00e9gation de signature\npour l\u25a1ordonnancement secondaire des d\u00e9penses et des recettes de la pr\u00e9fecture de TOULON et des sous-pr\u00e9fectures de\nDRAGUIGNAN et BRIGNOLES \n imput\u00e9es sur le budget de l\u25a1\u00c9tat61\nEn cas d'absence ou d'emp\u00eachement de M. Vincent BARASTIER et de M. Guillaume JAUBERT,\nla d\u00e9l\u00e9gation de signature qui leur est accord\u00e9e au titre du pr\u00e9sent article, est exerc\u00e9e par  :\n   \n - M. R\u00e9mi PIERRET, attach\u00e9 d'administration de l'\u00c9tat, chef du bureau de la s\u00e9curit\u00e9\npublique,  Mme Sandrine DE RIDDER, attach \u00e9e d'administration de l'\u00c9tat, adjointe au\nchef du bureau de la s\u00e9curit\u00e9 publique, dans la limite de leurs attributions relevant des\nprogrammes 122, 129 et 216 exclusivement, ainsi que Mme H\u00e9l\u00e8ne ADELAIDE, secr\u00e9taire\nadministratif de classe sup\u00e9rieure, cheffe de la section \u00ab  Pr\u00e9vention de la d\u00e9linquance  \u00bb\net  Mme  France  FOUGERE,  adjointe  administrative  principale  2\u00e8me  classe,  pour  le\nprogramme 216 exclusivement. ;\n- Mme La\u00ebtitia PELLISSIER. attach\u00e9e d'administration de l'\u00c9tat, cheffe du bureau des\npolices  administratives  de  s\u00e9curit\u00e9,  dans  la  limite  de  ses  attributions  relevant  du\nprogramme 216 exclusivement  ;\n-  Mme  Florence  MILLONI,  attach\u00e9e  principale  d' administration  de  l'\u00c9tat ,  cheffe  du\nservice  interminist\u00e9riel  de  d\u00e9fense  et  de  protection  civile  dans  la  limite  de  ses\nattributions relevant du programme 161 exclusivement  ;\n-  Mme  Sophie  BARASTIER,  attach\u00e9e  principale  d'administration  de  l'\u00c9tat,  cheffe  du\nservice  de  l'\u00e9ducation  et  de  la  s\u00e9curit\u00e9  routi\u00e8res,  M.  Thierry  LE  GRAND,  attach\u00e9\nd'administration  de  l'Etat,  M.  St\u00e9phane  C\u00c9SARI,  Technicien  sup\u00e9rieur  en  chef  du\nd\u00e9veloppement durable, M. Dominique THIEL, d\u00e9l\u00e9gu\u00e9 au permis de conduire et \u00e0 la\ns\u00e9curit\u00e9  routi\u00e8re,  M.  Roland  ESQUIVA,  inspecteur  des  permis  de  conduire  et  de  la\ns\u00e9curit\u00e9  routi\u00e8re  de  1\u00e8re  classe,  Mme  Isabelle  DELECOURT,  adjointe  administrative\nprincipale de 1\u00e8re classe, Mme Isabelle BOURIQUAT, adjointe administrative principale\nde 1\u00e8re classe, pour effectuer tous les actes et op\u00e9rations d'ordonnancement de la\nd\u00e9pense  (saisie,  validation,  certification  de  service  fait,  ordre  \u00e0  payer)  dans  les\napplications Chorus Formulaires et Chorus DT ainsi que la consultation dans Chorus-\ncoeur,  dans  la  limite  des  attributions  du  service  relevant  du  programme  207\nexclusivement.\nARTICLE 5 : D\u00e9l\u00e9gation est donn\u00e9e \u00e0 Mme Myriam GARCIA, sous-pr\u00e9f\u00e8te de l'arrondissement\nde  DRAGUIGNAN,  aux fins de signer tous actes, documents ou d\u00e9cisions se traduisant par\nl'ordonnancement secondaire des recettes et des d\u00e9penses de l'\u00c9tat relevant des attributions\net du fonctionnement  des services et de la r\u00e9sidence de la sous-pr\u00e9fecture et imput\u00e9es sur les\nprogrammes suivants :\n\uf0a7216 \"Conduite et pilotage des politiques de l'int\u00e9rieur\", en ce qu'elles concernent\nl'action 6  \"Conseil juridique et traitement du contentieux\"  .\nEn cas d'absence ou d'emp\u00eachement de Mme Myriam GARCIA, la d\u00e9l\u00e9gation qui lui est\naccord\u00e9e  au  titre  du  pr\u00e9sent  article  est  exerc\u00e9e  par  M.  Philippe  SAVIGNAT ,  conseiller\nd'administration de l'int\u00e9rieur et de l'outre-mer, secr\u00e9taire g\u00e9n\u00e9ral de la sous-pr\u00e9fecture de\nDRAGUIGNAN, en ce qui concerne le programme 216. \nMme Christelle CHARLES, secr\u00e9taire administrative de classe sup\u00e9rieure, responsable de la\nsection logement/expulsion, a en charge tous les actes de gestion dans Chorus-formulaire.\n                                                                                                                                                                                                                              4/7Pr\u00e9fecture du VAR - 83-2024-04-12-00008 - ARR\u00caT\u00c9 PR\u00c9FECTORAL n\u00b02024/17/MCI du 12 avril 2024 portant d\u00e9l\u00e9gation de signature\npour l\u25a1ordonnancement secondaire des d\u00e9penses et des recettes de la pr\u00e9fecture de TOULON et des sous-pr\u00e9fectures de\nDRAGUIGNAN et BRIGNOLES \n imput\u00e9es sur le budget de l\u25a1\u00c9tat62\nARTICLE 6 : D\u00e9l\u00e9gation est donn\u00e9e \u00e0 M. Charbel ABOUD, sous-pr\u00e9fet de l'arrondissement de\nBRIGNOLES  aux  fins  de  signer  tous  actes,  documents  ou  d\u00e9cisions  se  traduisant  par\nl'ordonnancement secondaire des recettes et des d\u00e9penses de l'\u00c9tat relevant des attributions\net du fonctionnement  des services et de la r\u00e9sidence de la sous-pr\u00e9fecture et imput\u00e9es sur les\nprogrammes suivants :\n\uf0a7216 \"Conduite et pilotage des politiques de l'int\u00e9rieur\", en ce qu'elles concernent\nl'action 6 \"Conseil juridique et traitement du contentieux\"  ;\nEn cas d'absence ou d'emp\u00eachement de M. Charbel ABOUD, la d\u00e9l\u00e9gation de signature qui lui\nest accord\u00e9e au titre du pr\u00e9sent article est exerc\u00e9e par  M. Serge ORTIS, attach\u00e9 principal\nd'administration de l'\u00c9tat, secr\u00e9taire g\u00e9n\u00e9ral de la sous-pr\u00e9fecture de BRIGNOLES,  en ce qui\nconcerne le programme 216.\nEn cas d'absence ou d'emp\u00eachement de  M. Serge ORTIS, d\u00e9l\u00e9gation est donn\u00e9e, dans les\nm\u00eames conditions et sous son contr\u00f4le, \u00e0  : \n- Monsieur GUILBERT Pascal, secr\u00e9taire administratif de classe exceptionnelle, chef du Bureau\nde l'Administration et la R\u00e9glementation G\u00e9n\u00e9rale, pour tous les actes de gestion dans chorus\nformulaires.\nARTICLE 7 : D\u00e9l\u00e9gation est donn\u00e9e \u00e0 M. Thibaut DARGON, conseiller d'administration de\nl'int\u00e9rieur et de l'outre-mer,  directeur de la citoyennet\u00e9 et de la l\u00e9galit\u00e9,  aux fins de signer\ntous  actes,  documents  ou  d\u00e9cisions  se  traduisant  par  l'ordonnancement  secondaire  des\nrecettes et des d\u00e9penses de l'\u00c9tat relevant des attributions et du fonctionnement  de cette\ndirection et imput\u00e9es sur les programmes suivants :\n\uf0a7112 \"Impulsion et coordination de la politique d'am\u00e9nagement du territoire\"  ;\n\uf0a7119 \"Concours financiers aux communes et groupements de communes\"  ;\n\uf0a7122 \"Concours sp\u00e9cifiques et administration\"  ;\n\uf0a7176 \"Police nationale   en ce qu'elles concernent les demandes de remboursement de\nfrais d'indemnisation des gardiens de fourri\u00e8res automobiles \" ;\n\uf0a7216 \"Conduite et pilotage des politiques de l'int\u00e9rieur\", en ce qu'elles concernent les\nd\u00e9penses de contentieux de la direction de la citoyennet\u00e9 et de la l\u00e9galit\u00e9  ;\n\uf0a7218 \"Conduite et pilotage des politiques \u00e9conomique et financi\u00e8re\" en ce qu'elles\nconcernent  les  f rais  d'organisation  des  \u00e9lections  des  juges  des  tribunaux  de\ncommerce ;\n\uf0a7232 \"Vie politique, cultuelle et associative\", dans la limite de 15 000 \u20ac TTC  ;\n\uf0a7362 \"Plan de relance - \u00e9cologie  \" ;\n\uf0a7363 \" Comp\u00e9titivit\u00e9\" ;\n\uf0a7364 \" Coh\u00e9sion\"  ;\n\uf0a7380 \" Fonds d'acc\u00e9l\u00e9ration de la transition \u00e9cologique dans les territoires  \"  ;\n5/7Pr\u00e9fecture du VAR - 83-2024-04-12-00008 - ARR\u00caT\u00c9 PR\u00c9FECTORAL n\u00b02024/17/MCI du 12 avril 2024 portant d\u00e9l\u00e9gation de signature\npour l\u25a1ordonnancement secondaire des d\u00e9penses et des recettes de la pr\u00e9fecture de TOULON et des sous-pr\u00e9fectures de\nDRAGUIGNAN et BRIGNOLES \n imput\u00e9es sur le budget de l\u25a1\u00c9tat63\n\uf0a7754 \"Contribution \u00e0 l'\u00e9quipement des collectivit\u00e9s territoriales pour l'am\u00e9lioration\ndes transports en commun, de la s\u00e9curit\u00e9 et de la circulation routi\u00e8res\".\nEn cas d'absence ou d'emp\u00eachement de M. Thibaut DARGON, la d\u00e9l\u00e9gation de signature qui\nlui est accord\u00e9e au titre du pr\u00e9sent article est exerc\u00e9e  par : \n- M. Lionel GARENTE, attach\u00e9 principal d'administration de l'\u00c9tat, chef du bureau du contr\u00f4le\nde l\u00e9galit\u00e9 et de l'intercommunalit\u00e9, adjoint au directeur,  pour les d\u00e9penses  li\u00e9es \u00e0 l'exercice\ndes  attributions  de  ce  bureau  et  relevant  du  programme  216  exclusivement, ou,  en  cas\nd'absence  ou  d'emp\u00eachement  de  celui-ci,  par  Mme  Rachel  BOURDARIAT,  attach\u00e9e\nd'administration de l'\u00c9tat, adjointe au chef de bureau ; \n- Mme Viviane SCHULER attach\u00e9e d'administration de l'\u00c9tat, cheffe du bureau des finances\nlocales, pour les d\u00e9penses li\u00e9es \u00e0 l'exercice des attributions de ce bureau et relevant des\nprogrammes 112, 119, 122, 362, 363, 364, 380 et 754 exclusivement, ou, en cas d'absence ou\nd'emp\u00eachement de celle-ci, par Mme Laure RESSEGUIER, attach\u00e9e d'administration de l'\u00c9tat,\nadjointe \u00e0 la cheffe de bureau  ;\n- M. Thibaud RIVIECCIO , attach\u00e9 d'administration de l'\u00c9tat, chef de bureau des \u00e9lections et\nde la r\u00e9glementation g\u00e9n\u00e9rale, pour les d\u00e9penses li\u00e9es \u00e0 l'exercice des attributions de ce\nbureau et relevant des p rogrammes 216, 218, 232 et 176 exclusivement, et dans la limite de 2\n300 \u20ac TTC pour ces trois derniers programmes, ou, en cas d'absence ou d'emp\u00eachement de\ncelui-ci, par Mme Chantal HERNANDEZ, attach\u00e9e d'administration de l'\u00c9tat, adjointe au chef\nde bureau, dans la m\u00eame limite de ce montant.\nARTICLE 8 : D\u00e9l\u00e9gation est donn\u00e9e \u00e0 M. S\u00e9bastien ODDONE, conseiller d'administration de\nl'int\u00e9rieur et de l'outre-mer, directeur de la coordination des politiques publiques et de l'appui\nterritorial,  aux  fins  de  signer  tous  actes,  documents  ou  d\u00e9cisions  se  traduisant  par\nl'ordonnancement secondaire des recettes et des d\u00e9penses de l'\u00c9tat relevant des attributions\net du fonctionnement  de cette direction et imput\u00e9es sur les programmes suivants  :\n                                                                                                \n \u25aa216 \"Conduite et pilotage des politiques de l'int\u00e9rieur\", hors d\u00e9penses d'action sociale.\nARTICLE 9 : D\u00e9l\u00e9gation est donn \u00e9e \u00e0 M. Alexandre PROUD, attach\u00e9 principal d'administration\nde l'Etat, chef du CERT,  aux fins de signer tous actes, documents ou d\u00e9cisions se traduisant\npar  l'ordonnancement  secondaire  des  recettes  et  des  d\u00e9penses  de  l'\u00c9tat  relevant  des\nattributions et du fonctionnement  de la direction des titres d'identit\u00e9 et de l'immigration et\nimput\u00e9es sur les programmes suivants :\n\u25aa 216 \"Conduite et pilotage des politiques de l'int\u00e9rieur\" en ce qu'elles concernent  l'action 6\n\"Conseil juridique et traitement du contentieux\"  ;\nEn cas d'absence ou d'emp\u00eachement de M. Alexandre PROUD , la d\u00e9l\u00e9gation de signature qui\nlui est accord\u00e9e au titre du pr\u00e9sent article est exerc\u00e9e par  M. Thomas LORMAILLE , attach\u00e9\nprincipal d'administration de l'\u00c9tat, chef du bureau de l'immigration .\nD\u00e9l\u00e9gation est \u00e9galement donn\u00e9e, pour tous les actes de gestion dans chorus formulaires, \u00e0  :\n-  Mme  Coralie  OTULAKOWSKI,  attach\u00e9e  d'administration  de  l'\u00c9tat,  adjointe  au  chef  du\nbureau de l'immigration\n                                                                                                                                                                                                                              6/7Pr\u00e9fecture du VAR - 83-2024-04-12-00008 - ARR\u00caT\u00c9 PR\u00c9FECTORAL n\u00b02024/17/MCI du 12 avril 2024 portant d\u00e9l\u00e9gation de signature\npour l\u25a1ordonnancement secondaire des d\u00e9penses et des recettes de la pr\u00e9fecture de TOULON et des sous-pr\u00e9fectures de\nDRAGUIGNAN et BRIGNOLES \n imput\u00e9es sur le budget de l\u25a1\u00c9tat64\n- Mme Anne BELLEC, bureau de l'immigration\n- Mme Marie-Christine CLOTAIRE, bureau de l'immigration\n- Mme Caroline RAYMOND, bureau de l'immigration.\nARTICLE  10     : L'arr\u00eat\u00e9  pr\u00e9fectoral  n\u00b02023/46/MCI  du  21  ao\u00fbt  2023  portant  d\u00e9l\u00e9gation  de\nsignature pour l'ordonnancement secondaire des d\u00e9penses et des recettes de la pr\u00e9fecture de\nTOULON et des sous-pr\u00e9fectures de DRAGUIGNAN et BRIGNOLES imput\u00e9es sur le budget de\nl'\u00c9tat, susvis\u00e9, est abrog\u00e9 \u00e0 compter du 15 avril 2024.\nARTICLE  11     :   Le  secr\u00e9taire  g\u00e9n\u00e9ral  de  la  pr\u00e9fecture  du  Var,  la  sous-pr\u00e9f\u00e8te,  directrice  de\ncabinet, la sous-pr\u00e9f\u00e8te charg\u00e9e de mission aupr\u00e8s du pr\u00e9fet, secr\u00e9taire g\u00e9n\u00e9rale adjointe de\nla pr\u00e9fecture du Var, la sous-pr\u00e9f\u00e8te de l'arrondissement de DRAGUIGNAN et le sous-pr\u00e9fet\nde l'arrondissement de BRIGNOLES  sont charg\u00e9s, chacun en ce qui le concerne, de l'ex\u00e9cution\ndu pr\u00e9sent arr\u00eat\u00e9 qui  sera publi\u00e9 au recueil des actes administratifs de la pr\u00e9fecture du Var.\n                        Fait \u00e0 Toulon, le  12 avril 2024\n                       Le Pr\u00e9fet du Var\n                        Sign\u00e9  : Philippe MAH\u00c9 \n                                                                                     \n7/7Pr\u00e9fecture du VAR - 83-2024-04-12-00008 - ARR\u00caT\u00c9 PR\u00c9FECTORAL n\u00b02024/17/MCI du 12 avril 2024 portant d\u00e9l\u00e9gation de signature\npour l\u25a1ordonnancement secondaire des d\u00e9penses et des recettes de la pr\u00e9fecture de TOULON et des sous-pr\u00e9fectures de\nDRAGUIGNAN et BRIGNOLES \n imput\u00e9es sur le budget de l\u25a1\u00c9tat65\nPr\u00e9fecture du VAR\n83-2024-04-12-00001\nAP n\u00b0 2024_04_DS_SIDPC_17\nportant renouvellement de l\u25a1habilitation\nn\u00b0H83-3-93 pour la formation aux gestes\n de premiers secours du service d\u00e9partemental\nd\u25a1incendie et de secours du Var (SDIS83).\nPr\u00e9fecture du VAR - 83-2024-04-12-00001 - AP n\u00b0 2024_04_DS_SIDPC_17\nportant renouvellement de l\u25a1habilitation n\u00b0H83-3-93 pour la formation aux gestes\n de premiers secours du service d\u00e9partemental d\u25a1incendie et de secours du Var (SDIS83).66\nEx\nPREFET\nDU  VAR\nL'z'berte'\nEgalit\u00e9\nFraternit\u00e9\nCabinet du pr\u00e9fet\nDirection des s\u00e9curit\u00e9s\nService interminist\u00e9riel de d\u00e9fense et protection civiles\nARR\u00caT\u00c9 PR\u00c9FECTORAL n\u00b0  2024_04_DS_SIDPC_17\nportant renouvellement de l'habilitation n\u00b0H83-3-93 pour la formation aux gestes\n de premiers secours du service d\u00e9partemental d'incendie et de secours du Var (SDIS83).\nLe Pr\u00e9fet du Var,\nVU le d\u00e9cret n\u00b0 91-834 du 30 ao\u00fbt 1991 modifi\u00e9, relatif \u00e0 la formation aux premiers secours;\nVU le d\u00e9cret n\u00b0 92-514 du 12 juin 1992 modifi\u00e9, relatif \u00e0 la formation de moniteur des premiers\nsecours;\nVU l'arr\u00eat\u00e9 du 08 juillet 1992 modifi\u00e9, relatif aux conditions d'habilitation ou d'agr\u00e9ment pour\nles formations aux premiers secours et notamment les articles 12 \u00e0 17;\nVU l'arr\u00eat\u00e9 du 21 d\u00e9cembre 2020 modifi\u00e9 porta nt organisation de la formation continue dans\nle domaine des premiers secours;\nVU la  demande  formul\u00e9e  par  le  service  d\u00e9partemental  d'incendie  et  de  secours  du  Var\n(SDIS83) en date du 05 avril 2024;\nSUR proposition de Madame la sous-pr\u00e9f\u00e8te charg\u00e9e de mission, secr\u00e9taire g\u00e9n\u00e9rale adjointe, \ndirectrice de cabinet du pr\u00e9fet du Var par int\u00e9rim  ;\nARR\u00caTE\nARTICLE 1 : \nL'habilitation pour l'enseignement des formations aux premiers secours enregistr\u00e9e sous le\nn\u00b0H83-3-93 est renouvel\u00e9e \u00e0 compter d u 15 avril 2024 au p rofit du SDIS83.\nARTICLE 2 : \nLes enseignements dispens\u00e9s par l'organisme vis\u00e9 dans cet arr\u00eat\u00e9, concernent les formations \ninitiales et continues se d\u00e9roulant g\u00e9ographiquement dans le Var pour  :\nPSE 1, premiers secours en \u00e9quipe de niveau 1.\nPSE 2, premiers secours en \u00e9quipe de niveau 2.\nPIC F, p\u00e9dagogie initiale et commune de formateur\nPAE FPS, p\u00e9dagogie appliqu\u00e9e \u00e0 l'emploi de formateur aux premiers \nsecours.\nLa facult\u00e9 de dispenser ces unit\u00e9s d'enseignement est subordonn\u00e9e \u00e0 la d\u00e9tention d'une \nd\u00e9cision d'agr\u00e9ment, en cours de validit\u00e9, d\u00e9livr\u00e9e par la direction g\u00e9n\u00e9rale de la s\u00e9curit\u00e9 \ncivile et de la gestion des crises, relative aux r\u00e9f\u00e9rentiels internes de formation et de \ncertification.\n1/2\nPr\u00e9fecture du VAR - 83-2024-04-12-00001 - AP n\u00b0 2024_04_DS_SIDPC_17\nportant renouvellement de l\u25a1habilitation n\u00b0H83-3-93 pour la formation aux gestes\n de premiers secours du service d\u00e9partemental d\u25a1incendie et de secours du Var (SDIS83).67\nARTICLE 3 : \nCette habilitation est renouvel\u00e9e pour une dur\u00e9e de deux ans, soit le 15 avril 2026 e t sera\nrenouvelable, sous r\u00e9serve: \n-  du respect des conditions fix\u00e9es par l'arr\u00eat\u00e9 du 08 juillet 1992 susvis\u00e9, relatif aux conditions\nd'habilitation ou d'agr\u00e9ment pour l'enseignement des formations aux premiers secours,\n-  du d\u00e9roulement effectif de ces sessions  en se limitant aux limites g\u00e9ographiques du\nd\u00e9partement, , \n-  de la transmission par le b\u00e9n\u00e9ficiaire d'une demande \u00e9crite de renouvellement deux mois\navant la date d'\u00e9ch\u00e9ance de cet agr\u00e9ment.\nARTICLE 4 : \nL'organisme s'engage \u00e0 :\n- assurer les formations aux premiers secours conform\u00e9ment aux conditions d\u00e9crites dans le\ndossier, dans le respect de l'habilitation et des dispositions organisant les premiers secours et\nleurs formations,\n-  disposer d'un nombre suffisant de formateurs, m\u00e9decins et moniteurs pour la conduite\nsatisfaisante des sessions qu'elle organise toute la dur\u00e9e de validit\u00e9 de l'habilitation,\n- assurer ou faire assurer la mise \u00e0 jour des connaissances de ses moniteurs et de ses \u00e9quipiers\net adresser \u00e0 la pr\u00e9fecture la liste des moniteurs ayant suivi la formation continue, \n- proposer \u00e0 la pr\u00e9fecture des formateurs pour participer aux jurys d'examens des diff\u00e9rentes\nformations aux premiers secours,\n- adresser annuellement \u00e0 la pr\u00e9fecture un bilan d'activit\u00e9s.\n- adresser au plus tard le 20 de chaque mois, \u00e0 la pr\u00e9fecture, un tableau pr\u00e9visionnel des\nformations pr\u00e9vues par l'organisme pour le mois suivant.\nARTICLE 5 : \nMadame la sous-pr\u00e9f\u00e8te charg\u00e9e de mission, secr\u00e9taire g\u00e9n\u00e9rale adjointe, directrice de cabinet \ndu pr\u00e9fet du Var par int\u00e9rim, est charg\u00e9e de l'ex\u00e9cution du pr\u00e9sent arr\u00eat\u00e9, qui sera publi\u00e9 au \nrecueil des actes administratifs.\nFait \u00e0 Toulon, le 12/04/2024\nOriginal sign\u00e9\nMme A. BONJEAN\nDirectrice de cabinet par int\u00e9rim\n1 Dans un d\u00e9lai de deux mois \u00e0 compter de la date de la notification ou de la publication du pr\u00e9sent arr\u00eat\u00e9 au recueil des actes administratifs de la pr\u00e9fecture, les recours suivants peuvent \u00eatre introduits conform\u00e9ment aux dispositions des articles R. 421-1 et suivants du code de justice administrative :\u2013 un recours gracieux, adress\u00e9 \u00e0  :M. le Pr\u00e9fet du Var \u2013 Boulevard du 112 \u00e8me r\u00e9giment d'infanterie \u2013 CS 31  209 \u2013 83 070 TOULON CEDEX\u2013 un recours hi\u00e9rarchique, adress\u00e9  au(x) ministre(s) concern\u00e9(s)  ;Dans ces deux cas, le silence de l'Administration vaut rejet implicite au terme d'un d\u00e9lai de deux mois.Apr\u00e8s un recours gracieux ou hi\u00e9rarchique, le d\u00e9lai du recours contentieux ne court qu'\u00e0 compter du rejet explicite ou implicite de l'un de ces recours.\u2013 un recours contentieux, en saisissant le Tribunal Administratif de Toulon  : 5 rue Racine -BP 40 510 \u2013 83 041 TOULON CEDEX 9. Le tribunaladministratif peut \u00e9galement \u00eatre saisi par l'application informatique \"T\u00e9l\u00e9recours citoyens\", accessible par le site internet www.telerecours.fr.\n2/2Pr\u00e9fecture du VAR - 83-2024-04-12-00001 - AP n\u00b0 2024_04_DS_SIDPC_17\nportant renouvellement de l\u25a1habilitation n\u00b0H83-3-93 pour la formation aux gestes\n de premiers secours du service d\u00e9partemental d\u25a1incendie et de secours du Var (SDIS83).68\nPr\u00e9fecture du VAR\n83-2024-04-12-00009\nArr\u00eat\u00e9 pr\u00e9fectoral n\u00b02024-04-004 ESC du 12 avril\n2024 modifiant l'arr\u00eat\u00e9 n\u00b02024-04-002 ESC du 05\navril 2024 portant r\u00e9glementation temporaire de\nla circulation sur les autoroutes A50 et A57 sur le\nterritoire des communes de Bandol,\nSanary-sur-Mer, Ollioules, La Farl\u00e8de, Solli\u00e8s-Ville,\nSolli\u00e8s-Pont et Solli\u00e8s-Toucas. \nPr\u00e9fecture du VAR - 83-2024-04-12-00009 - Arr\u00eat\u00e9 pr\u00e9fectoral n\u00b02024-04-004 ESC du 12 avril 2024 modifiant l'arr\u00eat\u00e9 n\u00b02024-04-002\nESC du 05 avril 2024 portant r\u00e9glementation temporaire de la circulation sur les autoroutes A50 et A57 sur le territoire des communes\nde Bandol, Sanary-sur-Mer, Ollioules, La Farl\u00e8de, Solli\u00e8s-Ville, Solli\u00e8s-Pont et Solli\u00e8s-Toucas. 69\nEx\nPREFET\nDU  VAR\nL'z'berte'\nEgalit\u00e9\nFraternit\u00e9\nDirection des s\u00e9curit\u00e9s\nService de l'\u00e9ducation et\nde la s\u00e9curit\u00e9 routi\u00e8res\nP\u00f4le \u00e9tudes et ing\u00e9nierie\n                          ARR\u00caT\u00c9 PR\u00c9FECTORAL n\u00b0 2024-04-004 ESC du 12 avril 2024 02/07/2020\nmodifiant l'arr\u00eat\u00e9 n\u00b02024-04-002 ESC du 05 avril 2024 portant r\u00e9glementation temporaire de\nla circulation sur les autoroutes A50 et A57 sur le territoire des communes de Bandol, Sanary-\nsur-Mer, Ollioules, La Farl\u00e8de, Solli\u00e8s-Ville, Solli\u00e8s-Pont et Sollies-Toucas\nLe Pr\u00e9fet du Var,\nVu le Code de la route  ;\nVu le Code de la voirie routi\u00e8re  ;\nVu  le d\u00e9cret du 29 novembre 1982 approuvant la convention de concession pass\u00e9e entre\nl'\u00c9tat et la soci\u00e9t\u00e9 de l'autoroute Est\u00e9rel, C\u00f4te d'Azur, Provence Alpes (ESCOTA) en vue de la\nconstruction, de l'entretien et de l'exploitation des autoroutes conc\u00e9d\u00e9es et ses avenants\nult\u00e9rieurs ;\nVu le d\u00e9cret n\u00b0 2015-1045 du 21 ao\u00fbt 2015 approuvant le transfert de la travers\u00e9e autorouti\u00e8re\nde  Toulon  entre  l'\u00c9tat  et la  soci\u00e9t\u00e9  des  autoroutes  Est\u00e9rel,  C\u00f4te  d'Azur,  Provence  Alpes\n(ESCOTA) ;\nVu  l'arr\u00eat\u00e9  interminist\u00e9riel  du  24  novembre  1967  relatif  \u00e0  la  signalisation  des  routes  et\nautoroutes et des textes subs\u00e9quents  ;\nVu  l'arr\u00eat\u00e9 pr\u00e9fectoral n\u00b0 2461 en date du 17 mars 2014, portant approbation du Plan de\ngestion et de Trafic de la liaison A50 / A57 et des itin\u00e9raires associ\u00e9s  ;\nVu  l'arr\u00eat\u00e9 pr\u00e9fectoral n\u00b0 2020-12-001 BR du 16 d\u00e9cembre 2020, portant modification de\nl'arr\u00eat\u00e9 pr\u00e9fectoral n\u00b0 2523 du 20 mars 2018, portant r\u00e9glementation de la circulation des\nv\u00e9hicules de transport de bois ronds dans le d\u00e9partement du Var  ;\nVu  l'arr\u00eat\u00e9  pr\u00e9fectoral  n\u00b0  2020-12-001  PC  en  date  du  17  d\u00e9cembre  2020,  portant\nr\u00e9glementation de la police de circulation sur l'autoroute A50  ;\nVu l'arr\u00eat\u00e9 pr\u00e9fectoral  n\u00b0 2021-03-001 PC  en date du 23 mars 2021, portant modification de\nl'arr\u00eat\u00e9 pr\u00e9fectoral  n\u00b0 2483 en date du 23 f\u00e9vrier 2016, portant r\u00e9glementation de la police de\nla circulation sur l'autoroute A57  ;\nVu  l'arr\u00eat\u00e9 pr\u00e9fectoral n\u00b0 2023-06-004 en date du 26 juin 2023, autorisant l'ouverture de\nchantiers d'entretien courant ou de r\u00e9paration sur les autoroutes A8, A50 et A57 dans la\ntravers\u00e9e du d\u00e9partement du Var  ;\nVu  l'arr\u00eat\u00e9 pr\u00e9fectoral n\u00b0  2024/04/MCI du 9 f\u00e9vrier 2024  portant d\u00e9l\u00e9gation de signature \u00e0\nMme Agn\u00e8s BONJEAN, sous-pr\u00e9f\u00e8te charg\u00e9e de mission, secr\u00e9taire g\u00e9n\u00e9rale adjointe, assurant\nl'int\u00e9rim du directeur de cabinet du pr\u00e9fet du Var \u00e0 compter du 12 f\u00e9vrier 2024  ;\nVu l'arr\u00eat\u00e9 pr\u00e9fectoral n\u00b02024-04-002 ESC du 05 avril 2024 portant r\u00e9glementation temporaire\nde la circulation sur les autoroutes A50 et A57 sur le territoire des communes de Bandol,\nSanary-sur-Mer, Ollioules, La Farl\u00e8de, Solli\u00e8s-Ville, Solli\u00e8s-Pont et Sollies-Toucas  ;\nVu la note technique du 14 avril 2016 du minist\u00e8re de l'Environnement, de l'\u00c9nergie et de la\nMer (DGITM/DIT) relative \u00e0 la coordination des chantiers sur le r\u00e9seau routier national (RRN)  ;\nArr\u00eat\u00e9 pr\u00e9fectoral n\u00b0 2024-04-004 ESC Page 1/4\nPr\u00e9fecture du VAR - 83-2024-04-12-00009 - Arr\u00eat\u00e9 pr\u00e9fectoral n\u00b02024-04-004 ESC du 12 avril 2024 modifiant l'arr\u00eat\u00e9 n\u00b02024-04-002\nESC du 05 avril 2024 portant r\u00e9glementation temporaire de la circulation sur les autoroutes A50 et A57 sur le territoire des communes\nde Bandol, Sanary-sur-Mer, Ollioules, La Farl\u00e8de, Solli\u00e8s-Ville, Solli\u00e8s-Pont et Solli\u00e8s-Toucas. 70\nVu le r\u00e8glement d'exploitation de la soci\u00e9t\u00e9 des autoroutes ESCOTA en date du 27 juin 2023  ;\nVu la demande de la soci\u00e9t\u00e9 des autoroutes ESCOTA en date du 20 f\u00e9vrier 2024  ;\nVu  l'avis  favorable  de  la  Direction  G\u00e9n\u00e9rale  des  Infrastructures,  des  Transports  et  des\nMobilit\u00e9s sur le dossier d'exploitation sous chantier n\u00b0 2024-038 en date du 23 f\u00e9vrier 2024  ;\nVu l'avis favorable du conseil d\u00e9partemental du Var en date du 20 mars 2024  ;\nVu les avis favorables de la commune de Sanary-sur-Mer des 03 avril et 05 avril 2024  ;\nConsid\u00e9rant que pour assurer la s\u00e9curit\u00e9 des usagers de l'autoroute, des agents de la soci\u00e9t\u00e9\ndes  autoroutes  Est\u00e9rel,  C\u00f4te  d'Azur,  Provence  Alpes  (ESCOTA)  et  des  personnels  de\nl'entreprise charg\u00e9s d'effectuer les travaux de construction de trois \u00e9crans acoustiques et de\nd\u00e9voiement de r\u00e9seaux au niveau des bretelles d'entr\u00e9e et de sortie des diffuseurs N\u00b012\n\u00ab Bandol \u00bb et N\u00b012.1 \u00ab Ollioules \u00bb sur l'autoroute A50 et N\u00b06   \u00ab La Farl\u00e8de \u00bb et N\u00b0 7 \u00ab Sollies-\nToucas \u00bb sur l'autoroute A57 , il convient de r\u00e9glementer la circulation sur le territoire du\nd\u00e9partement du Var, dans les deux sens de circulation, sur les autoroutes A50 et A57 , de la\nsemaine 15/2024 \u00e0 la semaine 26/2024, semaines de r\u00e9serve comprises  ;\nSur proposition de la sous-pr\u00e9f\u00e8te charg\u00e9e de mission, secr\u00e9taire g\u00e9n\u00e9rale adjointe, assurant\nl'int\u00e9rim du directeur de cabinet du pr\u00e9fet du Var,  \nARR\u00caTE :\nArticle 1  er   : L'article 3, de l'arr\u00eat\u00e9 pr\u00e9fectoral  n\u00b02024-04-002 ESC du 05 avril 2024 portant\nr\u00e9glementation temporaire de la circulation sur les autoroutes A50 et A57 sur le territoire des\ncommunes de Bandol, Sanary-sur-Mer, Ollioules, La Farl\u00e8de, Solli\u00e8s-Ville, Solli\u00e8s-Pont et Sollies-\nToucas est remplac\u00e9 comme suit  : \nAutoroute A50\nFermeture de l'entr\u00e9e du diffuseur N\u00b012.1 \u00ab  Ollioules \u00bb au PR 61.300\nDans les deux sens de circulation\nA raison de 4 nuits par semaine, de 21h00 \u00e0 06h00, du lundi 15 avril 2024 au 26 avril 2024\nLa semaine 18/2024 constitue la semaine de r\u00e9serve\nItin\u00e9raires de d\u00e9viation     :  \nDans le sens Marseille vers Toulon, fermeture de la bretelle d'entr\u00e9e du diffuseur N\u00b012.1\n\u00ab     Ollioules     \u00bb     :  \nLes automobilistes continueront sur la D11 jusqu'au giratoire Schuman (croisement D26),\nprendront la D26 en direction de La Seyne sur Mer et emprunteront la bretelle d'entr\u00e9e\nN\u00b013 \u00ab Six-Fours-les-Plages au PR 63.800 en direction de Toulon.\nDans le sens Toulon vers Marseille, fermeture de la bretelle d'entr\u00e9e du diffuseur N\u00b012.1\n\u00ab     Ollioules     \u00bb     :  \nLes  automobilistes  poursuivront  sur  la  D11  jusqu'au  Rond-point  du  diffuseur  N\u00b0  12.1\n\u00ab Ollioules \u00bb puis prendront l'ancien chemin de Toulon (C2) en direction de Bandol, suivront\nl'ancien chemin de Toulon jusqu'au rond-point de la route du Beausset (croisement D559) et\nprendront la direction de l'A50, jusqu'au diffuseur N\u00b0 12 \u00ab  Bandol \u00bb au PR 56.100 en direction\nde Marseille.\nPour les Poids-lourds de plus de 19 T suivre la D11 puis la D211 et la D559 pour \u00e9viter le\ncentre -ville de Sanary-sur-Mer et prendre la direction de l'A50 jusqu'au diffuseur N\u00b0 12\n\u00ab Bandol \u00bb au PR 56.100 en direction de Marseille.\nArr\u00eat\u00e9 pr\u00e9fectoral n\u00b0 2024-04-004 ESC Page 2/4Pr\u00e9fecture du VAR - 83-2024-04-12-00009 - Arr\u00eat\u00e9 pr\u00e9fectoral n\u00b02024-04-004 ESC du 12 avril 2024 modifiant l'arr\u00eat\u00e9 n\u00b02024-04-002\nESC du 05 avril 2024 portant r\u00e9glementation temporaire de la circulation sur les autoroutes A50 et A57 sur le territoire des communes\nde Bandol, Sanary-sur-Mer, Ollioules, La Farl\u00e8de, Solli\u00e8s-Ville, Solli\u00e8s-Pont et Solli\u00e8s-Toucas. 71\nAutoroute A50\nFermeture de l'entr\u00e9e du diffuseur N\u00b012 \u00ab  Bandol \u00bb au PR 56.100)\nDans le sens Marseille vers Toulon\nDe 21h00 \u00e0 06h00, du lundi 17 juin 2024 au jeudi 20 juin 2024\nLa nuit du jeudi 20 juin 2024 au vendredi 21 juin 2024 ainsi que la semaine 26/2024\nconstituent la r\u00e9serve.\nItin\u00e9raire de d\u00e9viation     :  \nLes  automobilistes  prendront  la  D559  en  direction  de  Saint-Cyr/Le  Beausset,  suivront\nl'Ancien chemin de Toulon en direction d'Ollioules pour rejoindre le rond-point de la D11\npuis la D26 et emprunteront le diffuseur N\u00b0 13 \u00ab  Six-Fours les Plages   \u00bb au PR 63.800, en\ndirection de Toulon.\nAutoroute A50\nFermeture de la sortie du diffuseur N\u00b012.1 \u00ab  Ollioules \u00bb au PR 61.300\nDans le sens Marseille vers Toulon\nDe 21h00 \u00e0 06h00, du lundi 17 juin 2024 au jeudi 20 juin 2024\nLa nuit du jeudi 20 juin 2024 au vendredi 21 juin 2024 ainsi que la semaine 26/2024\nconstituent la r\u00e9serve.\nItin\u00e9raire de d\u00e9viation     :  \nLes automobilistes devront sortir au diffuseur N\u00b012 \u00ab  Bandol \u00bb au PR 56.100, prendront la\nD559 en direction de Saint-Cyr/Le Beausset et suivront l'Ancien chemin de Toulon pour\nrejoindre le rond-point de la D11 en direction d'Ollioules.\nPour les poids-lourds de plus de 19 T suivre la D559 direction Bandol puis la D211 et la D11\npour \u00e9viter le centre -ville de Sanary-sur-Mer.\nAutoroute A57\nDans le sens Toulon vers Nice\nFermeture de la bretelle d'entr\u00e9e du diffuseur N\u00b06 \u00ab  La Farl\u00e8de \u00bb au PR 8.700 \nFermeture de la section courante ainsi que des bretelles de sortie des diffuseurs \nN\u00b07 \u00ab Sollies-Toucas \u00bb au PR 13.500 et N\u00b08 \u00ab  zone artisanale \u00bb au PR 14.800 \nSortie obligatoire au diffuseur n\u00b06 \u00ab  La Farl\u00e8de \u00bb et reprise de l'autoroute \nau diffuseur n\u00b08 \u00ab   zone artisanale \u00bb\n \nDe 21h00 \u00e0 06h00, du mercredi 19 juin 2024 au vendredi 21 juin 2024\nLa semaine 26/2024 constitue la semaine de r\u00e9serve\nItin\u00e9raire de d\u00e9viation     :  \nFermeture de la bretelle d'entr\u00e9e du diffuseur N\u00b06 \u00ab     La Farl\u00e8de     \u00bb     :   \nLes  v\u00e9hicules  l\u00e9gers  souhaitant  entrer  sur  l'A57  en  direction  de  Nice  devront  suivre\nl'itin\u00e9raire de d\u00e9viation par la D554, Chemin de Hy\u00e8res, D258 puis la Route 258 annexe,la\nD58 et la D97 , pour rejoindre le diffuseur N\u00b08 \u00ab  Zone Artisanale\u00bb en direction de Nice. \nLes poids-lourds et convois exceptionnels souhaitant entrer sur l'A57 en direction de Nice\nseront d\u00e9vi\u00e9s sur l'A570 avant la bifurcation et devront emprunter l'A570 puis suivre la D98,\nla D12, la D559A puis la D12, la D412 et enfin la D14, pour rejoindre finalement l'A57 par\nl'entr\u00e9e du diffuseur N\u00b010 \u00ab  Puget Ville \u00bb en direction de Nice. \nCe trajet permet d'\u00e9viter les travers\u00e9es des centres villes de La Farl\u00e8de et Solli\u00e8s-Pont,\nlimit\u00e9s en tonnage. Il est cependant limit\u00e9 \u00e0 4m30 de hauteur.\nArr\u00eat\u00e9 pr\u00e9fectoral n\u00b0 2024-04-004 ESC Page 3/4Pr\u00e9fecture du VAR - 83-2024-04-12-00009 - Arr\u00eat\u00e9 pr\u00e9fectoral n\u00b02024-04-004 ESC du 12 avril 2024 modifiant l'arr\u00eat\u00e9 n\u00b02024-04-002\nESC du 05 avril 2024 portant r\u00e9glementation temporaire de la circulation sur les autoroutes A50 et A57 sur le territoire des communes\nde Bandol, Sanary-sur-Mer, Ollioules, La Farl\u00e8de, Solli\u00e8s-Ville, Solli\u00e8s-Pont et Solli\u00e8s-Toucas. 72\nArticle 2 : Le reste de l'arr\u00eat\u00e9 pr\u00e9fectoral  n\u00b0 2024-04-002 ESC du 05 avril 2024 demeure\ninchang\u00e9. \nArticle 3 : La sous-pr\u00e9f\u00e8te charg\u00e9e de mission, secr\u00e9taire g\u00e9n\u00e9rale adjointe, assurant l'int\u00e9rim\ndu directeur de cabinet du pr\u00e9fet du Var , le pr\u00e9sident du conseil d\u00e9partemental du Var, le\ndirecteur  de  la  direction  interd\u00e9partementale  de  la  police  nationale  du  Var,  le  chef  du\nd\u00e9tachement de Toulon de la CRS autorouti\u00e8re Provence, le commandant du groupement de\ngendarmerie du Var, le directeur d\u00e9partemental des services d'incendie et de secours du Var,\nles maires des communes de Bandol, Sanary-sur-Mer, Ollioules, La Farl\u00e8de, Solli\u00e8s-Ville, Solli\u00e8s-\nPont et Sollies-Toucas , le directeur de la soci\u00e9t\u00e9 des autoroutes Est\u00e9rel, C\u00f4te d'Azur, Provence\nAlpes, sont charg\u00e9s, chacun en ce qui le concerne, de l'ex\u00e9cution du pr\u00e9sent arr\u00eat\u00e9 qui sera\npubli\u00e9 au recueil des actes administratifs de la pr\u00e9fecture du Var.\nFait \u00e0 Toulon, le 12 avril 2024\n                                                              Pour le Pr\u00e9fet et par d\u00e9l\u00e9gation, \n                                                           La cheffe du service \n                                                           de l'\u00e9ducation et de la s\u00e9curit\u00e9 routi\u00e8res\n                                                          sign\u00e9  :  Sophie BARASTIER\nConform\u00e9ment aux dispositions de l'article R. 421-1 et suivants du code de justice administrative, le pr\u00e9sent arr\u00eat\u00e9\npeut faire l'objet dans un d\u00e9lai de deux mois \u00e0 compter de sa parution  :\n\u2013  d'un recours administratif (recours gracieux aupr\u00e8s du pr\u00e9fet du Var ou recours hi\u00e9rarchique aupr\u00e8s du ministre de\nl'int\u00e9rieur)\n\u2013 d'un recours contentieux devant le tribunal administratif de Toulon. Le tribunal administratif peut \u00eatre saisi par\nl'application informatique \u00ab  T\u00e9l\u00e9recours citoyens \u00bb accessible par le site Internet www.telerecours.fr\nArr\u00eat\u00e9 pr\u00e9fectoral n\u00b0 2024-04-004 ESC Page 4/4Pr\u00e9fecture du VAR - 83-2024-04-12-00009 - Arr\u00eat\u00e9 pr\u00e9fectoral n\u00b02024-04-004 ESC du 12 avril 2024 modifiant l'arr\u00eat\u00e9 n\u00b02024-04-002\nESC du 05 avril 2024 portant r\u00e9glementation temporaire de la circulation sur les autoroutes A50 et A57 sur le territoire des communes\nde Bandol, Sanary-sur-Mer, Ollioules, La Farl\u00e8de, Solli\u00e8s-Ville, Solli\u00e8s-Pont et Solli\u00e8s-Toucas. 73","date":"2024-04-12","first_seen_on":"2024-05-12T18:51:15+00:00","id":"45788c06e02240d1f58dd361b5e73e1aeae067a2eb0503f8b68af2cbc079428a","name":"RAA N\u00b0069 du 12 avril 2024","pdf_creation_date":"2024-04-12T14:41:48+00:00","pdf_modification_date":null,"timezone":"Europe/Paris","url":"https://www.var.gouv.fr/contenu/telechargement/34067/226860/file/RAA%20N%C2%B0069%20du%2011%20avril%202024%20Non%20Nominatif.pdf"}
