{"administration":"pref75","administration_name":"Pr\u00e9fecture de Paris","content":"PREFECTURE\nDE PARIS\nRECUEIL DES ACTES\nADMINISTRATIFS SP\u00c9CIAL\n(NOMINATIFS)\nN\u00b075-2026-066\nPUBLI\u00c9 LE 29 JANVIER 2026\nSommaire\nPr\u00e9fecture de la r\u00e9gion d'Ile-de-France, pr\u00e9fecture de Paris-Cabinet /\nService de la coordination des affaires parisiennes-Bureau de la coordination\nd\u00e9partementale interminist\u00e9rielle\n75-2026-01-29-00001 - Arr\u00eat\u00e9 modifiant l'arr\u00eat\u00e9\nn\u00b075-2025-05-08-00002 portant nomination des membres du comit\u00e9\nd\u00e9partemental pour l'emploi de Paris (4 pages) Page 3\n2\nPr\u00e9fecture de la r\u00e9gion d'Ile-de-France,\npr\u00e9fecture de Paris-Cabinet\n75-2026-01-29-00001\nArr\u00eat\u00e9 modifiant l'arr\u00eat\u00e9 n\u00b075-2025-05-08-00002\nportant nomination des membres du comit\u00e9\nd\u00e9partemental pour l'emploi de Paris\nPr\u00e9fecture de la r\u00e9gion d'Ile-de-France, pr\u00e9fecture de Paris-Cabinet - 75-2026-01-29-00001 - Arr\u00eat\u00e9 modifiant l'arr\u00eat\u00e9\nn\u00b075-2025-05-08-00002 portant nomination des membres du comit\u00e9 d\u00e9partemental pour l'emploi de Paris 3\nPREFET _DE LA REGIOND'ILE-DE-FRANCEFraternit\u00e9\n \n \n \n \n \nARR\u00caT\u00c9 N\u00b0 \n22025-75-06-114-12-23-0000  \nmodifiant l'arr\u00eat\u00e9 n\u00b075-2025-05-08-00002 portant  \nPortant nomination des membres du comit\u00e9 d\u00e9partemental pour l'emploi de Paris \n \nLe Pr\u00e9fet de la r\u00e9gion d'Ile-de-France, \nPr\u00e9fet de Paris, \nGrand officier de la L\u00e9gion d'honneur, \nOfficier de l'Ordre National du M\u00e9rite \n \n \n \nVu le code des relations entre le public et l'admin istration, notamment son article \nL. 411-2 ;  \n \nVu le code du travail, notamment ses articles L. 53 11-10, R. 5311-23, R. 5311-24, R. 5311-\n25, et R. 5311-36  ; \n \nVu l'arr\u00eat\u00e9 n\u00b075-2024-12-23-00005 du 23 d\u00e9cembre 20 24 portant composition et \nr\u00e9partition des voix au sein du comit\u00e9 d\u00e9partemental pour l'emploi ; \n \nVu l'arr\u00eat\u00e9 n\u00b075-2025-05-08-00002 du 8 mai 2025 portant nomination au sein du comit\u00e9 \nd\u00e9partemental pour l'emploi de Paris  ; \n \n \nARR\u00caTE \n \n \nArticle 1 \ner  \n \nL'annexe de l'arr\u00eat\u00e9 n\u00b075-2025-05-08-00002 du 8 mai  2025 est remplac\u00e9e par l'annexe \njointe au pr\u00e9sent arr\u00eat\u00e9.\n \n \nArticle 2 \n \nLe pr\u00e9sent arr\u00eat\u00e9 peut faire l'objet d'un recours c ontentieux aupr\u00e8s du Tribunal \nadministratif de Paris dans un d\u00e9lai de deux mois \u00e0 compter de sa publication.  \nIl peut \u00e9galement, dans le m\u00eame d\u00e9lai, faire l'obje t d'un recours gracieux aupr\u00e8s du \nPr\u00e9fet de r\u00e9gion Ile-de-France, Pr\u00e9fet de Paris, et  d'un recours hi\u00e9rarchique aupr\u00e8s du \nministre charg\u00e9 de l'emploi.  \n \nLe recours gracieux ou/et hi\u00e9rarchique prolonge le d\u00e9lai de recours contentieux qui doit \nalors \u00eatre introduit dans les deux mois suivant la d\u00e9cision implicite ou explicite de \nl'autorit\u00e9 comp\u00e9tente, le silence de l'administrati on pendant un d\u00e9lai de deux mois \nvalant d\u00e9cision implicite de rejet. \n \n \n \n \nPr\u00e9fecture de la r\u00e9gion d'Ile-de-France, pr\u00e9fecture de Paris-Cabinet - 75-2026-01-29-00001 - Arr\u00eat\u00e9 modifiant l'arr\u00eat\u00e9\nn\u00b075-2025-05-08-00002 portant nomination des membres du comit\u00e9 d\u00e9partemental pour l'emploi de Paris 4\nArticle 3 \n \nLa pr\u00e9f\u00e8te, directrice de cabinet du pr\u00e9fet de la r \u00e9gion d'Ile-de-France, pr\u00e9fet de Paris \net le directeur de l'unit\u00e9 d\u00e9partementale de Paris de la direction r\u00e9gionale et \ninterd\u00e9partementale de l'\u00e9conomie, de l'emploi, du travail et des solidarit\u00e9s sont \ncharg\u00e9s, chacun en ce qui les concerne, de l'ex\u00e9cution du pr\u00e9sent arr\u00eat\u00e9 qui sera publi\u00e9 \nau recueil des actes administratifs (\u00e9chelon de Paris) de la pr\u00e9fecture de la r\u00e9gion d'Ile-\nde-France, pr\u00e9fecture de Paris, accessible sur le s ite Internet de la pr\u00e9fecture  : \nwww/prefectures-r\u00e9gions.gouv.fr/ile-de-France/. \n \n \n \n  Fait \u00e0 Paris, le  29 janvier 2026  \n \nPour le pr\u00e9fet de la r\u00e9gion d'Ile-de-France, \npr\u00e9fet de Paris, et par d\u00e9l\u00e9gation, \nla pr\u00e9f\u00e8te, directrice de cabinet, \n \nSIGN\u00c9 \n \nKarine DELAMARCHE \n \nPr\u00e9fecture de la r\u00e9gion d'Ile-de-France, pr\u00e9fecture de Paris-Cabinet - 75-2026-01-29-00001 - Arr\u00eat\u00e9 modifiant l'arr\u00eat\u00e9\nn\u00b075-2025-05-08-00002 portant nomination des membres du comit\u00e9 d\u00e9partemental pour l'emploi de Paris 5\nAnnexe \nMembres du comit\u00e9 d\u00e9partemental pour l'emploi de Paris \n \n \nColl\u00e8ge Organisation Titulaire Suppl\u00e9ant(s) \nColl\u00e8ge Etat \n \nPr\u00e9fecture de r\u00e9gion d'Ile-de-France, Pr\u00e9fecture \nde Paris \nKarine DELAMARCHE Marc ZARROUATI \nLucie CHARBONNEAU \nLe\u00efla LE BOUCHER BOUACHE \nUnit\u00e9 d\u00e9partementale de Paris de la Direction \nR\u00e9gionale et Interd\u00e9partementale de l'emploi, des \nentreprises et des solidarit\u00e9s d'Ile-de-France \n(UD75-DRIEETS) \nRiad BOUHAFS \n \nMartine BAUDOIN \nMarie MARCENA \nV\u00e9ronique DELARUE \n \nDirection d\u00e9partementale de Paris de l'Agence \nR\u00e9gionale de Sant\u00e9 d'Ile-de-France (ARS) \nTanguy BODIN  Esther LEPAICHEUX \nCoralie TREMBLAY  \nDirection d\u00e9partementale de Paris de la Direction \nr\u00e9gionale et interd\u00e9partementale de \nl'h\u00e9bergement et du logement (DRIHL) \nMarthe POMMIE Rosaline FOUQUEREAU  \nColl\u00e8ge des collectivit\u00e9s  \nterritoriales \nR\u00e9gion  \nIle-de-France  \nConseiller r\u00e9gional Habib SHOUKRY  \n \nVille de Paris \nAdjoint \u00e0 la Maire de Paris \nAfaf GABELOTAUD ou   \nL\u00e9a FILOCHE \n \nDirection des solidarit\u00e9s G\u00e9raldine DUVERNEUIL  Mat hilde REYNAUDI \nDirection de l'attractivit\u00e9 et \nde l'emploi \nDominique FRENTZ Catherine TROMBETTA \nDirection de la d\u00e9mocratie, \ndes citoyens et des  \nterritoires \nMarianne FONTAN Olivier ROQUAIN \nColl\u00e8ge des repr\u00e9sentants des \norganisations syndicales  \nrepr\u00e9sentatives au niveau  \nnational et  \ninterprofessionnel  \n \nConf\u00e9d\u00e9ration fran\u00e7aise d\u00e9mocratique du travail \n(CFDT) \nAur\u00e9lie LAGAVILLE C\u00e9sar OVIEDO \nConf\u00e9d\u00e9ration g\u00e9n\u00e9rale du travail (CGT) Magalie AMA OUZ Julie LABET \nConf\u00e9d\u00e9ration g\u00e9n\u00e9rale du travail-Force ouvri\u00e8re \n(CGT-FO) \nAlex DELUGE Brahim MESSAOUDEN   \nDidier POULIER \nConf\u00e9d\u00e9ration fran\u00e7aise de l'encadrement-\nConf\u00e9d\u00e9ration g\u00e9n\u00e9rale des cadres (CFE-CGC)   \nMich\u00e8le CABARET LE- \nFRANCOIS \nFr\u00e9d\u00e9ric-Paul MARTIN \nMathieu HERVE-BARROUYER \nConf\u00e9d\u00e9ration fran\u00e7aise des travailleurs chr\u00e9tiens \n(CFTC) \nNathalie LE DISERT Philippe JACQ   \nSophie DU FAYET DE LA TOUR \nColl\u00e8ge des organisations  Mouvement des employeurs  de France (MEDEF) Guillaume SIMONIN Martine VIVES AUDRAIN \nPr\u00e9fecture de la r\u00e9gion d'Ile-de-France, pr\u00e9fecture de Paris-Cabinet - 75-2026-01-29-00001 - Arr\u00eat\u00e9 modifiant l'arr\u00eat\u00e9\nn\u00b075-2025-05-08-00002 portant nomination des membres du comit\u00e9 d\u00e9partemental pour l'emploi de Paris 6\nprofessionnelles d'employeurs \nrepr\u00e9sentatives au niveau  \nnational et interprofessionnel \n \nConf\u00e9d\u00e9ration des petites et moyennes entre- \nprises (CPME) \nAnthony METAYER Olivier SALVANO-LUBESPERE \nFanny LHOTE \nUnion des entreprises de proximit\u00e9 (U2P) Jonathan S ALMON  \nColl\u00e8ge des organisations pro- \nfessionnelles d'employeurs \nrepr\u00e9sentatives au niveau  \nnational et multi professionnel\n \n \nF\u00e9d\u00e9ration des entreprises du spectacle vivant, de \nla musique, de l'audiovisuel et du cin\u00e9ma (FESAC) \nKatell CHEVILLER  \nF\u00e9d\u00e9ration nationale des syndicats d'exploitants \nagricoles (FNSEA) \nPas de repr\u00e9sentant  \nUnion des employeurs de l'\u00e9conomie sociale et \nsolidaire (UDES) \nFran\u00e7ois LONGERINAS Muriel AUCHER \nFrance Travail \n \nDirection d\u00e9partementale de Paris de France  \nTravail \nJean-Philippe DELCOURT S\u00e9verine LEDUC-WISNIOWSKI \nCyrille JUTTEAU \nDalida EL-OUGLI \nMissions locales Mission locale de Paris Mario GONZ ALEZ Nicolas GARNIER \nBarbara GOMEZ \nOrganismes de placement \nsp\u00e9cialis\u00e9s dans l'insertion  \nprofessionnelle des personnes \nen situation de handicap \nCap emploi de Paris Alain FROUARD Franck SEURIN \nMyl\u00e8ne BERMONT \nMembres invit\u00e9s permanents \n(article 4 de l'arr\u00eat\u00e9 n\u00b075-\n2024-12-23-00005 du 23 d\u00e9- \ncembre 2024) \nCaisse d'allocation familiale de Paris Tahar BELMOU NES Esther TRICOIT \nAxelle PATRY \nMutualit\u00e9 sociale agricole de Paris Laurent PILETTE  Emmanuelle COHADON \nMatthieu REMBARZ \nChambre de commerce et d'industrie de Paris G\u00e9rald BARBIER Damien WALKER \nChambre de commerce et d'artisanat de Paris Mouhssi ne BERRADA Aur\u00e9lie RIBAY \nPriscilla HAYERTZ \nF\u00e9d\u00e9ration des acteurs de la solidarit\u00e9 IdF Steven MARCHAND Isabelle MEDOU-MARERE \nAgence nationale de la formation professionnelle \ndes adultes (AFPA) \nRabah KAABECHE Arnaud HABER \nPascal HIRT \nLeila JORIOZ-HADJ \nAnne BEZIERS \nEnsemble Paris Emploi Comp\u00e9tences (EPEC) Genevi\u00e8ve GARRIGOS Sylvie CLEMENCON \nAlain GACHET \nJuliette CARON \n \nPr\u00e9fecture de la r\u00e9gion d'Ile-de-France, pr\u00e9fecture de Paris-Cabinet - 75-2026-01-29-00001 - Arr\u00eat\u00e9 modifiant l'arr\u00eat\u00e9\nn\u00b075-2025-05-08-00002 portant nomination des membres du comit\u00e9 d\u00e9partemental pour l'emploi de Paris 7","date":"2026-01-29","first_seen_on":"2026-01-29T17:52:58+00:00","id":"45ab9d9718cb4d05deb593257ae77f88df10dcda9e69abbe1502af67c33cab12","name":"recueil-75-2026-066-RAA-nominatifs du 29.01.2026","pdf_creation_date":"2026-01-29T15:57:16+00:00","pdf_modification_date":null,"timezone":"Europe/Paris","url":"https://www.prefectures-regions.gouv.fr/ile-de-france/irecontenu/telechargement/135047/988817/file/recueil-75-2026-066-RAA-nominatifs%20du%2029.01.2026.pdf"}
