{"administration":"pref92","administration_name":"Pr\u00e9fecture des Hauts-de-Seine","content":"PREFETDES HAUTS-DE-SEINELibert\u00e9ExaltedFraternit\u00e9\nAL AR SS M 24 A PREBEHERIEC =F Pm \u00c0 FEF 2\nA \u00ae FE BI 4) = mea SN E * BE A  = ree MF A BO\noe PR mr SR Pa Pe Me\n1\nRECUEIL\nDES\nACTES ADMINISTRATIFS\nAGENCE REGIONALE DE SANTE\nN\u00b0 Sp\u00e9cial 20 f\u00e9vrier 2026\nee  En un  OL RER  LA ER ees,\nara = L4 CE  PDF aA . Am FT . an nn\nm DRE  SI\n. . =  \u00ab a et ee ee  ee ee eee ee ee\n= 7 soe \" Cr \" ar oo 1 ral wo . . .Am MM  MA MMM\n~~ IMIMmR Amina me NR  8 wena ses A rN\nAm  mm  el\nAT MI  PMP =\nAm  mm  mm  mr\nAT MI  PMP =\nAT MI  PMP =\nM \u00c6MIMIMR RE \"A FRI arr RINMm am MR RAI\n(el a ae a RE \"A PRI arr MAR RAR  INT AIR RS\nM \u00c6MIMIMR RE AMI a~arr MAR PAR  Reins AIR!\nM \u00c6MIMIMR RE AMI arr MR RARE Reins AIR!\n2\nPREFET DES HAUTS-DE-SEINE\nRECUEIL DES ACTES ADMINISTRATIFS\nN\u00b0 Sp\u00e9cial ARS-DD92 du 20 f\u00e9vrier 2026\nSOMMAIRE\nD\u00e9cisions Dates AGENCE REGIONALE DE SANTE Pages\nARS\nn\u00b02025-001 06.01.2025\nD\u00e9cision tarifaire portant fixation du forfait global\nde soins pour 2025 de EAM MAISON EN PLUS -\n920030194\n7\nARS\nn\u00b02025-242 17.06.2025\nDECISION TARIFAIRE PORTANT FIXATION\nPOUR 2025 DU MONTANT ET DE LA\nREPARTITION DE LA DOTATION\nGLOBALISEE COMMUNE PREVUE AU\nCONTRAT PLURIANNUEL D'OBJECTIFS ET\nDE MOYENS DE ASS.DEP.PUPILLES\nENSEIGN.PUBLIC - 920812757\n9\nARS\nn\u00b02025-243 17.06.2025\nDECISION TARIFAIRE N\u00b0243 PORTANT\nFIXATION POUR 2025 DU MONTANT ET DE\nLA REPARTITION DE LA DOTATION\nGLOBALISEE COMMUNE PREVUE AU\nCONTRAT PLURIANNUEL D'OBJECTIFS ET\nDE MOYENS DE ASSOCIATION AUXILIA -\n920718376\n12\nARS\nn\u00b02025-245 17.06.2025\nDECISION TARIFAIRE PORTANT FIXATION\nPOUR 2025 DU MONTANT ET DE LA\nREPARTITION DE LA DOTATION\nGLOBALISEE COMMUNE PREVUE AU\nCONTRAT PLURIANNUEL D'OBJECTIFS ET\nDE MOYENS DE L'ASSOCIATION \"EHS\" -\n920807930\n15\nARS\nn\u00b02025-255 17.06.2025\nDECISION TARIFAIRE PORTANT FIXATION\nPOUR 2025 DU MONTANT ET DE LA\nREPARTITION DE LA DOTATION\nGLOBALISEE COMMUNE PREVUE AU\nCONTRAT PLURIANNUEL D'OBJECTIFS ET\nDE MOYENS DE ASSOCIATION PAIDEIA\n920170057\n18\nARS\nn\u00b02025-275 17.06.2025\nDECISION TARIFAIRE PORTANT FIXATION\nPOUR 2025 DU MONTANT ET DE LA\nREPARTITION DE LA DOTATION GLOBALISEE\nCOMMUNE PREVUE AU CONTRAT\nPLURIANNUEL D'OBJECTIFS ET DE MOYENS\nDE ASSOCIATION CITES CARITAS \u2013\n750720591\n21\n(el a ae ae RE \"A  PRI arr rN A oe Reins AIR!\nPM  OMR PP En = ma\n(el a ae ae RE \"A PRI arr rN  A oe Reins AIR!\nPTa ant mm  mm  mm um el mm\nM \u00c6MIMIMR RE AMI arr MAR ERA  Reins AIR!Am ma  mm  mm mm = ma\n(el a ae ae RE \"A PRI arr rN  A oe Reins AIR!Am mA  MM  MM = mm\nM \u00c6MIMIMR RE AMI arr MAR ERA  Reins AIR!\nAm PM  OMR PP En = =\nM \u00c6MIMIMR RE AMI arr MAR ERA  Reins AIR!\nmara - el  am\n(el a ae a RE \"A PRI arr MAR RAR\nAm mA  MM  MM = am\nM \u00c6MIMIMR RE AMI arr MAR ERA  Reins AIR!\nam = mA  MM  MM = aa\n~~ Re  Amina me NR  8 wena ses A rN\nAm ms  mm  mm mm el a\u2014\n3\nARS\nn\u00b02025-277 23.06.2025\nDECISION TARIFAIRE PORTANT FIXATION\nPOUR 2025 DU MONTANT ET DE LA\nREPARTITION DE LA DOTATION\nGLOBALISEE COMMUNE PREVUE AU\nCONTRAT PLURIANNUEL D'OBJECTIFS ET\nDE MOYENS DE APEI DE LA BOUCLE DE LA\nSEINE \u2013 920800281\n24\nARS\nn\u00b02025-359 23.06.2025\nDECISION TARIFAIRE PORTANT FIXATION\nPOUR 2025 DU MONTANT ET DE LA\nREPARTITION DE LA DOTATION\nGLOBALISEE COMMUNE PREVUE AU\nCONTRAT PLURIANNUEL D'OBJECTIFS ET\nDE MOYENS DE LA FONDATION PERCE\nNEIGE - 920809829\n28\nARS\nn\u00b02025-1183 24.06.2025\nDECISION TARIFAIRE PORTANT FIXATION\nDU FORFAIT GLOBAL DE SOINS POUR 2025\nDE EAM LA CHARTRAINE - 920028974\n31\nARS\nn\u00b02025-1226 24.06.2025\nDECISION TARIFAIRE PORTANT FIXATION\nDU FORFAIT GLOBAL DE SOINS POUR 2025\nDE EAM LA FORET - 920041001\n33\nARS\nn\u00b02025-1384 23.06.2025\nDECISION TARIFAIRE PORTANT FIXATION\nPOUR 2025 DU MONTANT ET DE LA\nREPARTITION DE LA DOTATION\nGLOBALISEE COMMUNE PREVUE AU\nCONTRAT PLURIANNUEL D'OBJECTIFS ET\nDE MOYENS DE PAPILLONS BLANCS DE LA\nCOLLINE - 920718186\n35\n35ARS\nn\u00b02025-1533 24.06.2025\nDECISION TARIFAIRE PORTANT FIXATION\nDU FORFAIT GLOBAL DE SOINS POUR 2025\nDE FAM ET FOYER DE VIE SIMON DE\nCYRENE - 920027539\n40\nARS\nn\u00b02025-2641 24.06.2025\nDECISION TARIFAIRE PORTANT\nMODIFICATION DU FORFAIT GLOBAL DE\nSOINS POUR 2025 DE EAM LA MAISON EN\nPLUS - 920030194\n42\nARS\nn\u00b02025-3649 24.06.2025\nDECISION TARIFAIRE PORTANT FIXATION\nPOUR 2025 DU MONTANT ET DE LA\nREPARTITION DE LA DOTATION\nGLOBALISEE COMMUNE PREVUE AU\nCONTRAT PLURIANNUEL D'OBJECTIFS ET\nDE MOYENS DE CENTRE HOSPITALIER\nRIVES DE SEINE - 920026374\n44\nARS\nn\u00b02025-9834 27.06.2025\nDECISION TARIFAIRE PORTANT FIXATION\nPOUR 2025 DU MONTANT ET DE LA\nREPARTITION DE LA DOTATION\nGLOBALISEE COMMUNE PREVUE AU\nCONTRAT PLURIANNUEL D'OBJECTIFS ET\nDE MOYENS DE ASSOCIATION OEUVRES\nD'AVENIR - 920028271\n47\n(el a ae ae RE \"A  PRI a~arren MAR RAR\nmm  mm  mr\nM \u00c6MIMIMR RE\nM \u00c6MIMIMR RE\nAMI arr MAR ERA  Reins AIR!\nAMImAI\u0153m MAR RAR\nFo  ne  Le Le =\"\nM \u00c6MIMIMR RE AMI arr MAR ERA  Reins AIR!Am mm  mur mm um el =\n~~ IMIMmR Amina me En PER AR wis AIM RS\nAm ne  Le Le mm\n(el a ae a RE \"A PRI arr MAR RARAm ne  Le Le = a\nM \u00c6MIMIMR RE AMI arr MAR ERA  Reins AIR!\nAm AT MM  PMR  n=\n~R  Amina me En PmeAR\nAm MIO OL MR = __\"\nM \u00c6MIMIMR RE AMI arr MAR RAR\nAm MIO OL MR = =~\n(el a ae ae RE \"A PRI a~arren MAR RAR\nAm MIO OL MR = A\n4\nARS\nn\u00b02025-10901 03.07.2025\nDECISION TARIFAIRE PORTANT\nMODIFICATION POUR 2025 DU MONTANT ET\nDE LA REPARTITION DE LA DOTATION\nGLOBALISEE COMMUNE PREVUE AU\nCONTRAT PLURIANNUEL D'OBJECTIFS ET\nDE MOYENS DE ASSOCIATION NOTRE DAME\n- 920690229\n51\nARS\nn\u00b02025-14855 15.07.2025\nDECISION TARIFAIRE PORTANT FIXATION\nDE LA DOTATION GLOBALE DE\nFINANCEMENT POUR 2025 DE L'ESAT LES\nATELIERS DE LA GARENNE - 920814738\n54\nARS\nn\u00b02025-15146 22.07.2025\nDECISION TARIFAIRE PORTANT\nMODIFICATION DU PRIX DE JOURNEE 2025\nDE LA MAS HOPITAL NORD VILLENEUVE 92 -\n920017258\n56\nARS\nn\u00b02025-15171 22.07.2025\nDECISION TARIFAIRE PORTANT FIXATION\nDU PRIX DE JOURNEE POUR 2025 DE CMPP\nPRADIER - 920680121\n58\nARS\nn\u00b02025-15642 29.07.2025\nDECISION TARIFAIRE PORTANT FIXATION\nDU PRIX DE JOURNEE GLOBALISE POUR\n2025 DE IME AGIR ET VIVRE L AUTISME\nSURESNES - 920026168\n60\nARS\nn\u00b02025-15812 29.07.2025\nDECISION TARIFAIRE PORTANT\nMODIFICATION DU PRIX DE JOURNEE 2025\nDE CMPP GALLIENI - 920680063\n64\nARS\nn\u00b02025-16266 17.09.2025\nDECISION TARIFAIRE PORTANT FIXATION\nDE LA DOTATION GLOBALE DE\nFINANCEMENT POUR 2025 DE SESSAD SUD\n- 920007739\n67\nARS\nn\u00b02025-18071 02.12.2025\nDECISION TARIFAIRE PORTANT\nMODIFICATION POUR 2025 DU MONTANT\nET DE LA REPARTITION DE LA DOTATION\nGLOBALISEE COMMUNE PREVUE AU\nCONTRAT PLURIANNUEL D'OBJECTIFS ET\nDE MOYENS DE ASSOCIATION AUXILIA \u2013\n920718376\n70\nARS\nn\u00b02025-18072 02.12.2025\nDECISION TARIFAIRE PORTANT\nMODIFICATION POUR 2025 DU MONTANT ET\nDE LA REPARTITION DE LA DOTATION\nGLOBALISEE COMMUNE PREVUE AU\nCONTRAT PLURIANNUEL D'OBJECTIFS ET\nDE MOYENS DE ASSOCIATION PAIDEIA -\n920170057\n73\nARS\nn\u00b02025-18073 02.12.2025\nDECISION TARIFAIRE PORTANT\nMODIFICATION DU FORFAIT GLOBAL DE\nSOINS POUR 2025 DE EAM LA FORET -\n920041001\n76\nmm Am  mm  mE=\nM \u00c6MIMIMR RE AMI  arr MAR RAR\nmm Am  mm  mE=\n~~IMIMmR Amina  me En Pme AR\nmm AIR MM =\nM \u00c6MIMIMR RE AMI  arr MAR ERA\nmm AIR MM =\nM \u00c6MIMIMR RE AMImAI\u0153m MAR RAR\nmm AIR MM =\nM \u00c6MIMIMR RE AMI  arr MAR ERA\nmm AIR MM =\nM \u00c6MIMIMR RE AMImAI\u0153m MAR RAR\nAm  mm  mE=\n~~IMIMmR Amina  me En Pme AR\n5\nARS\nn\u00b02025-18075 02.12.2025\nDECISION TARIFAIRE PORTANT\nMODIFICATION POUR 2025 DU MONTANT ET\nDE LA REPARTITION DE LA DOTATION\nGLOBALISEE COMMUNE PREVUE AU\nCONTRAT PLURIANNUEL D'OBJECTIFS ET\nDE MOYENS DE L'ASSOCIATION \"EHS\" -\n920807930\n78\nARS\nn\u00b02025-18094 02.12.2025\nDECISION TARIFAIRE PORTANT\nMODIFICATION POUR 2025 DU MONTANT ET\nDE LA REPARTITION DE LA DOTATION\nGLOBALISEE COMMUNE PREVUE AU\nCONTRAT PLURIANNUEL D'OBJECTIFS ET\nDE MOYENS DE CENTRE HOSPITALIER\nRIVES DE SEINE - 920026374\n81\nARS\nn\u00b02025-18173 02.12.2025\nDECISION TARIFAIRE PORTANT\nMODIFICATION POUR 2025 DU MONTANT ET\nDE LA REPARTITION DE LA DOTATION\nGLOBALISEE COMMUNE PREVUE AU\nCONTRAT PLURIANNUEL D'OBJECTIFS ET\nDE MOYENS DE ASSOCIATION CITES\nCARITAS - 750720591\n84\nARS\nn\u00b02025-19523 02.12.2025\nDECISION TARIFAIRE PORTANT\nMODIFICATION DU PRIX DE JOURNEE\nGLOBALISE POUR 2025 DE IME AGIR ET\nVIVRE L AUTISME SURESNES - 920026168\n88\nARS\nn\u00b02025-23500 08.12.2025\nDECISION TARIFAIRE PORTANT\nMODIFICATION POUR 2025 DU MONTANT ET\nDE LA REPARTITION DE LA DOTATION\nGLOBALISEE COMMUNE PREVUE\nAUCONTRAT PLURIANNUEL D'OBJECTIFS\nET DE MOYENS DE FONDATION PERCE\nNEIGE - 920809829\n91\nARS\nn\u00b02025-23501 08.12.2025\nDECISION TARIFAIRE PORTANT\nMODIFICATION POUR 2025 DU MONTANT ET\nDE LA REPARTITION DE LA DOTATION\nGLOBALISEE COMMUNE PREVUE AU\nCONTRAT PLURIANNUEL D'OBJECTIFS ET\nDE MOYENS DE ASSOCIATION NOTRE DAME\n- 920690229\n94\nARS\nn\u00b02025-23503 08.12.2025\nDECISION TARIFAIRE PORTANT\nMODIFICATION POUR 2025 DU MONTANT ET\nDE LA REPARTITION DE LA DOTATION\nGLOBALISEE COMMUNE PREVUE AU\nCONTRAT PLURIANNUEL D'OBJECTIFS ET\nDE MOYENS DE APEI DE LA BOUCLE DE LA\nSEINE - 920800281\n97\n(el a ae ae RE \"A  PRI a~arren MAR RAR\n= a MM  AM MMM  Am\nEM MIN  R AMI arr MR RAI\n= mm  Im  mm  mE= am\u2014\nM \u00c6MIMIMR RE AMImAI\u0153m MAR RAR\n= a MM  AM MMM  aan\n(el a ae ae RE \"A PRI arr rN NRFA AI\n= a Fo  AM MMM  A Am\nM \u00c6MIMIMR RE AMI arr MAR ERA  Reins AIR!= a MM  AM MMM  aa\n(el a ae ae RE \"A PRI a~arren MAR RAR= a MM  LM MMM = Am\nM \u00c6MIMIMR RE AMImAI\u0153m MAR RAR\n= MM  LM MMM = Am\n6\nARS\nn\u00b02025-23504 08.12.2025\nDECISION TARIFAIRE PORTANT\nMODIFICATION POUR 2025 DU MONTANT ET\nDE LA REPARTITION DE LA DOTATION\nGLOBALISEE COMMUNE PREVUE\nAUCONTRAT PLURIANNUEL D'OBJECTIFS\nET DE MOYENS DE PAPILLONS BLANCS DE\nLA COLLINE - 920718186\n102\nARS\nn\u00b02025-24311 08.12.2025\nDECISIION TARIFAIRE PORTANT\nMODIFICATION DU PRIX DE JOURNEE 2025\nDU CMPP PRADIER - 920680121\n107\nARS\nn\u00b02025-25799 08.12.2025\nDECISION TARIFAIRE PORTANT\nMODIFICATION DU PRIX DE JOURNEE 2025\nDE LA MAS HOPITAL NORD VILLENEUVE 92 -\n920017258\n110\nARS\nn\u00b02025-26298 08.12.2025\nDECISION TARIFAIRE PORTANT\nMODIFICATION POUR 2025 DU MONTANT ET\nDE LA REPARTITION DE LA DOTATION\nGLOBALISEE COMMUNE PREVUE AU\nCONTRAT PLURIANNUEL D'OBJECTIFS ET\nDE MOYENS DE ASSOCIATION OEUVRES\nD'AVENIR - 920028271\n113\nARS\nn\u00b02025-27560 08.12.2025\nDECISION TARIFAIRE PORTANT FIXATION\nDU PRIX DE JOURNEE POUR 2025 DE IMP -\n920690203\n117\nARS\nn\u00b02025-27701 09.12.2025\nDECISION TARIFAIRE PORTANT\nMODIFICATION DU PRIX DE JOURNEE 2025\nDE CMPP GALLIENI - 920680063\n120\nARS\nn\u00b02025-27899 09.12.2025\nDECISION TARIFAIRE PORTANT\nMODIFICATION DU FORFAIT GLOBAL DE\nSOINS POUR 2025 DE EAM LA MAISON EN\nPLUS - 920030194\n123\nar\nDECISION  TARIFAIRE  N\u00b0202S-001  PORTANT  FIXATION  DU  FORFAIT  GLOBAL  DE  SOINS\nPOUR  2025  DE\nEAM  MAISON  EN  PLUS  - 920030194\nLe  Directeur  G\u00e9n\u00e9ral  de  ARS  Ile-de-France\nvu\nvu\nvu\nvu\nvu\nvu\nLe  Code  de  l'Action Sociale  et des  Familles ;\nle Code  de  la S\u00e9curit\u00e9  Social  ;\nLa loi n\u00b0  2023-1250  du  26/12/2023  de\nau  Journal  Office!  du  27/12/2023  ;\nancement  de  la S\u00e9curit\u00e9  Sociale  pour  2024  publi\u00e9e\nl'arr\u00eat\u00e9 minist\u00e9riel du  16/05/2024  publi\u00e9  au  Journal  Office  du  17/05/2024  pris  en  application\nde  l'article 1314-3  du  Code  de  l'Action Sociale et des Familles  fiamt, pour  l'ann\u00e9e 2024\nl'objectif  global  de  d\u00e9penses  d'assurance  maladie  et Le montant  total de  d\u00e9penses  pour  Les\n\u00e9tablissements  et services  relevant  de  I  Caisse  nationale de  solidarit\u00e9 pour  autonomic\nLa d\u00e9cision du  25/10/2024  publi\u00e9e au Journal Offciel  du  09/11/2024  relative aux  dotations\nr\u00e9gionales limitatives 2024  et \u00e0 la moyenne  nationale des besoins en soins requis 2024  ;\nt\u00e9 dele d\u00e9cret  du  10/04/2024  portant  nomination  de  Monsieur  ROBIN  Denis  en  qu\nDirecteur  G\u00e9n\u00e9ral  de  l'agence  r\u00e9gionale  de  sant\u00e9  Ile-de-France  ;\na  d\u00e9cision  de  d\u00e9l\u00e9gation  de  signature  du  Directeur  G\u00e9n\u00e9ral  de  I\"ARS  vers  le directeur  dela\n\u00e9l\u00e9vation  d\u00e9partementale  des  Hauts-de-Seine  en  date  du  04/11/2024 ;\nautorisation  ou  le renouvellement  d'autorisation  en  date  du  29/06/2011  de  la structure\nEtab.Ace.M\u00e9dicalis\u00e9  en tout  ou  parte  personnes  handicap\u00e9es  d\u00e9nomm\u00e9e  EAM  MAISON  EN\nPLUS  (920030194)  sis 56  rue  de Garches  92420  Vaveresson  et g\u00e9r\u00e9  par l'entit\u00e9 d\u00e9nomm\u00e9e\nCESAP  (750815821)  ;\nl'arr\u00eat\u00e9 n\u00b0  2024/443  du  31  d\u00e9cembre  2024  portant  approbation  de  cession  d'autorisation  de\nl'\u00e9tablissement  d'accueil  m\u00e9dicalis\u00e9  \u00ab La  Maison  en  plus  \u00bb  d\u00e9tenue  par  l'association\n\u00ab Quelque  chose  en  plus\u00bb  et g\u00e9r\u00e9  par  'association  \u00ab  UNAPEI  92  \u00bb, au  prof  de  l'assoiation\nA CESAP\u00bb;\nAnicle  1*__ \u00c0  compter  du  01/01/2025,  le Forfait global  de  soins  est fix\u00e9  \u00e0 1 145  725,48  \u20ac  au  tie  de\n2025,  dont D \u20ac  \u00e0 titre non  reconduetbl.\nPour  2025,  la fraction  forfaitaire mensuelle  s'\u00e9tablit, en  application de l'article R314-\n111  du  CASF, 495  477,12\u20ac.\nSoit un forfait journaler de  soins  de  99,83 \u20ac.\n\nAnicle  2\nAnicle3\nAnite  4\nArticle  5\n'A compter  du  01/01/2026,  en  application  de  Particle  L314-7  du  CASF,  les tarifs de\nreconduetion  sont  \u00e9s,  tire  transitoire, \u00e0\n+ forfait annuel  global de  soins 2026: I 145 725,48 \u20ac (douzi\u00e8me  applicable s'\u00e9levant\n49547720)\n+ rfait  journaler  de  soins  de  reconduction  de  99,83  \u20ac\nLes  recours  contentieux  dirig\u00e9s  conte  la pr\u00e9sente  d\u00e9cision  doivent  \u00eatre port\u00e9  devant  le\n'Tribunal  administratif de Versailles,  56  avenue de  Saint-Cloud, 78000  Versailles,  dans\nun  d\u00e9lai d'un  mois \u00e0 compter  de sa publication ou, pour  les personnes  auxquelles  elle\nser  notifi\u00e9, \u00e0 compter  de  sa notification\nLa  pr\u00e9sente  d\u00e9cision  sera  publi\u00e9e  au  recueil  des  actes  administratifs.\nLe  Directeur  G\u00e9n\u00e9ral  de  'ARS  Ile-de-France  est charg\u00e9  de  l'ex\u00e9cution de  la pr\u00e9sente\nd\u00e9cision qui sera notifi\u00e9e \u00e0 l'ent\u00e9  gestionnaire CESAP  (750815821)  et \u00e0\nl'\u00e9tablissement  concern\u00e9.\nFait Nanterre,  le 6 janvier  2025\nLe  Directeur  dela d\u00e9l\u00e9gation  D\u00e9partementale\ndes  Hauts-de-Seine\nRenaud c\n\ntex A\nea\nDECISION  TARIFAIRE  N\u00b0242  PORTANT  FIXATION  POUR  2025  DU  MONTANT  ET  DE  LA\nREPARTITION  DE  LA  DOTATION  GLOBALISEE  COMMUNE  PREVUE  AU\nCONTRAT  PLURIANNUEL  D'OBJECTIFS  ET  DE  MOYENS  DE\n'ASS  DEPPUPILLES  ENSEIGN  PUBLIC  - 920812757\nPOUR  LES  ETABLISSEMENTS  ET  SERVICES  SUIVANTS\nService d'\u00c9ducation Sp\u00e9ciale et de Soins \u00e0 Domicile - SESSAD  EREA  TOULOUSE  LAUTREC  PEP  92 -\n920803434\nLe  Directeur  G\u00e9n\u00e9ral de  ARS  Ile-de-France\nVU  le Code  de  l'Action  Sociale  et des  Familles\nVU  le Code  dela  S\u00e9curit\u00e9 Sociale;\nVU  la loi n\u00b0 2025-199 du  28/02/2025  de  financement de  la S\u00e9curit\u00e9 Sociale pour  2025 publi\u00e9e au\nJournal  Officiel  du  28/02/2025  ;\n'VU  Marte  minist\u00e9riel du  02/06/2025  publi\u00e9 au Journal Offciel  du 0606/2025  pris en application\nde  Varticle L314-3  du  Code  de  l'Action Sociale et des Familles  fixant, pour  l'ann\u00e9e 2025\nl'objectif global  de  d\u00e9penses  d'assurance  maladie  et le montant  total de  d\u00e9penses  pour  Les\n\u00e9tablissement  et services  relevant  de  la Caisse  nationale  de  solidarit\u00e9 pour  l'autonomie;\nVU  la d\u00e9cision  du  02/06/2025  publi\u00e9  au  Journal  Officiel  du  06/06/2025  relative aux  dotations\nr\u00e9gionales limitties  2025  et la moyenne  nationale des  besoins en  soins requis 2025  ;\nVU  le d\u00e9cret du  10/04/2024  portant nomination  de  Monsieur  Denis  ROBIN  en  qualit\u00e9 de\nDirecteur  G\u00e9n\u00e9ral de  l'Agence  r\u00e9gionale  de  sant\u00e9  Ile-de-France;\nVU  Ia d\u00e9l\u00e9gation  de  signature  du  Directeur  G\u00e9n\u00e9ral de 'ARS  vers  le Directeur  de  La d\u00e9l\u00e9gation\nD\u00e9partementale  des HAUTS-DE-SEINE  en  date du  04/11/2024 ;\nVU  le Conteat  Plriannuel  d'Objetifs  et de  Moyens  conclu  le 18/12/2024  prenant effet au\novov202s ;\nAmicle  1  A  compter du  01/01/2025,  au  tire  de  2025,  la dotation  globalis\u00e9e  commune  des\n\u00e9tablissements et services m\u00e9dico-sociaux  financ\u00e9s pa  l'Assurance  Maladie, g\u00e9r\u00e9s par\nl'entit\u00e9 d\u00e9nomm\u00e9e  ASS  DEPPUPILLES  ENSEIGN  PUBLIC  (920812757),  a \u00e9t\u00e9 fix\u00e9e\n\u00c0  6  658  463 A1 \u20ac, dont  0,00  \u20ac  de  \u00e9dit  non  reconductibles  vers\u00e9  en  une  seule  fos\nElle se r\u00e9parti de  la mani\u00e8re  suivant,  les prix de  journ\u00e9e  \u00e0 compter  de  01/01/2025\n\u00e9tant  \u00e9galement  mentionn\u00e9s\n\n- personnes  handicap\u00e9es:  6  658  463,41  \u20ac (dont  6  658  463,41  \u20ac imputable  \u00e0\nl'assurance  maladie)\nDasa\nnes  000 cm | ow | om | cassusar | om | om a\nLAUTREC EP  2\naa ee)\nTRESS a  EI Bo  a  a  a  7\nmay  a\u00bb cm |  ow | am | ww |  ow | ax a\nLala  PEER\nPour  2025,  la fraction fofatire  mensuelle,  pour  le secteur personnes  handicap\u00e9es,  s'\u00e9tablit \u00e0\n554  871,95  \u20ac  (dont  $54  871,95  \u20ac imputable  \u00e0 l'Assurance  Maladie).\nAricle2  A  compter  du  01/01/2026,  en  application  de  l'article L314-7  du  CASF,  la dotation\nglobals\u00e9e  commune  s'\u00e9l\u00e8ve, \u00e0 ire  transitoire, \u00e0 7 066  89,57  \u20ac. Elle se r\u00e9partit de  La\nmani\u00e8re  suivante, les prix de  jou\u00e9e  de  reconduction  \u00e9tant \u00e9galement  mentionn\u00e9s\npersonnes  handicap\u00e9es :  7 066  895,57  \u20ac\ndont 7 066  895,57  \u20ac imputable \u00e0 l'Assurance  Maladie)\nsessaptaeaToutouse  |  02e  ae  |  0  |  om  |  romsrssr|  om  |  ooo  |  ooo\n'ave  pense\nFa  QE\nET\nsuis  |  a  om  |  om  |  om  |  aes  |  om  |  ow  |  ooo\nPour  2026,  la fraction  forte  mensuelle,  pour  le secteur  personnes  handicap\u00e9es,  s'\u00e9tablit \u00e0\n588  907,96 \u20ac (dont  88  907,96 \u20ac imputable \u00e0 l'Assurance  Maladie)\nArtcle3  Les  recours contentieux dirig\u00e9s contre la pr\u00e9sente d\u00e9cision doivent \u00eatre port\u00e9s devant  le\nTribunal  administratif de Versailles,  $  avenue de Saint-Cloud,  78000  Versailles dan  un\nd\u00e9lai de  deux  mois  \u00e0  compter  de  sa  publication  ou,  pour  les personnes  auxquelles  elle\nsera notifi\u00e9e, \u00e0 compter  de  sa notification. Le  tribunal administratif peut  \u00eatre saisi par\napplication  \u00ab  T\u00e9l\u00e9recours  citoyens\u00bb  accessible  par  le site www  elerecours.f\n\n'Amtcle4  La  pr\u00e9sente d\u00e9cision sera publi\u00e9e au recueil des acts  administratifs.\nAnicle  5 Le  Directeur G\u00e9n\u00e9ral de l'ARS  Ile-de-France est charg\u00e9  de  l'ex\u00e9cution de  la pr\u00e9sente\nd\u00e9cision qui ser  notii\u00e9e  \u00e0 l'emti\u00e9 gestionnaire (ASS.DEPPUPILLES\nENSEIGN  PUBLIC  920812757)  et aux  structures  concern\u00e9es.\nFait \u00e0  Nanterre,  le 17 juin  2025\nLe  Directeur  de  la d\u00e9l\u00e9gation  d\u00e9partementale\ndes  Hauts-de-Seine\nde  l'Agence  r\u00e9gionale  de  sant\u00e9\n\u00cele-de-France\nRenaud  PELLE\n\nmage\nEtablissement  et Service  de  R\u00e9adapt\nDECISION  TARIFAIRE  N\u00b0243  PORTANT  FIXATION  POUR  2025  DU  MONTANT  ET  DE  LA\nREPARTITION  DE  LA  DOTATION  GLOBALISEE  COMMUNE  PREVUE  AU\n{CONTRAT  PLURIANNUEL  D'OBJECTIFS  ET  DE  MOYENS  DE.\nASSOCIATION  AUXILIA  - 920718376\nPOUR  LES  ETABLISSEMENTS  ET  SERVICES  SUIVANTS.\njon Professionnelle -ESRP  AUXILIA - 920710019\nLe  Directeur  G\u00e9n\u00e9ral  de  \"ARS  Ile-de-France\nvu\nvu\nvu\nvu\nvu\nvu\nvu\nvu\ne  Code de l'Action  Sociale  et des  Familles;\nle Code  dela  S\u00e9curit\u00e9  Sociale;\nJa loin?  2025-199 du  28/02/2025  de financement dela  S\u00e9curit\u00e9  Sociale  pour  2025  publi\u00e9e  au\nJournal  Office!  du  28/02/2025  ;\nl'arr\u00e8t\u00e9  minist\u00e9riel  du 02/06/2025  publi\u00e9  au  Journal  Office!  du 06/06/2025  pris en  application\nde  l'aile  L314-3  du  Code  de  l'Action  Sociale  et des  Familles  fixant, pour  l'ann\u00e9e  2025\nl'objectif global  de  d\u00e9penses  d'assurance  maladie  et le montant  total de  d\u00e9penses  pour  les\n\u00e9tablissement  et services  relevant  de  la Caisse  nationale  de  solidarit\u00e9 pour  Fautonomie  ;\na  d\u00e9cision du  02/06/2025  publi\u00e9e au  Journal Officiel du  06/06/2025  relative aux  dotations\nr\u00e9gionales  limitatives  2025  et \u00e0  la  moyenne  nationale  des  besoins  en  soins  requis  2025;\nLe d\u00e9cret du  10/04/2024  portant nomination  de  Monsieur  Denis  ROBIN  en  qualit\u00e9 de\nDirecteur  G\u00e9n\u00e9ral  de  l'Agence  r\u00e9gionale  de  sant\u00e9  Ile-de-France  ;\nd\u00e9l\u00e9gation de  signature du  Directeur G\u00e9n\u00e9ral  de  \"ARS  vers Le Directeur de  La d\u00e9l\u00e9gation\nD\u00e9partementale  des  HAUTS-DE-SEINE  en  date du  04/11/2024  ;\nle Contrat  Pluriannuel d'Objectifs et de  Moyens  conclu  le 29/12/2023  prenant effet au\n01012024:\nDECIDE\nAAricle I\" \u00c0 compter  du  01/01/2025,  au  titre de  2025,  a  dotation globalis\u00e9e commune  des\n\u00e9tablissements  et services  m\u00e9dico-sociaux  financ\u00e9s  par  l'Assurance  Maladie,  g\u00e9r\u00e9s  par\nl'entit\u00e9 d\u00e9nomm\u00e9e  ASSOCIATION  AUXILIA  (920718376),  a  \u00e9t\u00e9 fix\u00e9e \u00e0\n2 868  063,72  \u20ac  dont  0,00\u20ac de cr\u00e9dits non  reconduetbles  vers\u00e9s en  une  seule fois.\nElle  se  r\u00e9partit de  la mani\u00e8re  suivant,  les prix  de journ\u00e9e  \u00e0  compter  de  01/01/2025\n\u00e9tant  \u00e9galement  mentionn\u00e9s.\n\n- personnes  handicap\u00e9es  : 2  868  063,72  \u20ac(dont  2  868  063,72  \u20ac  imputable  \u00e0\n\"assurance  maladie)\nETUI\nstrana  |  000 CHER  uw [uw |  om 200\nETC)\na  |  CRETE  am  |  ow  |  ax  a\nPour  2025,  la fraction forfaitaire mensuelle,  pour  le secteur personnes  handicap\u00e9es,  s'\u00e9tablit \u00e0\n239  005,31  \u20ac (dont 239  005,31  \u20ac imputable \u00e0 l'Assurance  Maladie).\nAnicle2  \u00c0  compter  du  01/01/2026,  en  application de  l'article L.314-7  du  CASF,\nslobalise  commune  s'\u00e9l\u00e8ve, \u00e0 ire  transitoire, \u00e0 2 878  759,12  \u20ac. Elle se r\u00e9partit de  La\nmani\u00e8re  suivant,  les prix de  journ\u00e9e  de  reconduction  \u00e9tant \u00e9galement  mentionn\u00e9s\npersonnes  handicap\u00e9es : 2 878  759,12  \u20ac\ndont 2 878 759,12 \u20ac imputable \u00e0 l'Assurance Maladie)\nes\nmass wr so] oem | om | oa [aus | a  | sus\nmon  aae,  cm  |  om  femme  om  |  an  |  om  |  om\nRE  RET\nmess wwe sew  | om | me [aus | mer | somo\nom  om  |  om  |  usm  |  om  |  om  |  om  |  om  |  om\nPour 2026, la fraction forfaitaire mensuelle, pour le secteur personnes handicap\u00e9es, s'\u00e9tablit \u00e0\n239  896,59 \u20ac (dont 239  896,59 \u20ac imputale  \u00e0 l'Assurance  Maladie).\nAAnicle 3 Les  recours contentieux dirig\u00e9s contre la pr\u00e9sente d\u00e9cision doivent \u00eatre port\u00e9s devant  le\nTribunal  administratifde Versailles, 86 avenue  de  Saint-Cloud, 78000 Versailles dans  un\nd\u00e9lai de  deux  mois  \u00e0 compter de sa  publication ou, pour  ls  personnes  auxquelles  elle\nser  notifi\u00e9e, \u00e0 compter  de  sa notification, Le  tribunal administratif peut \u00eatre sais  par\nl'application \u00ab T\u00e9l\u00e9recours  citoyens  \u00bb accessible par Le site www.elerecours  fr.\nArticle 4 La  pr\u00e9sente d\u00e9cision sera publi\u00e9e au recueil des acts  administratifs\n\n'AnicleS  Le  Directeur  G\u00e9n\u00e9ral  de  ARS  Ile-de-France  est charg\u00e9  de  l'ex\u00e9cution  de  la pr\u00e9sente\nd\u00e9cision  qui  sera  notifi\u00e9e \u00e0 l'emtt\u00e9  gestionnaire  (ASSOCIATION.  AUXILIA\n920718376) et aux  structures  concern\u00e9es.\nFait & Nanterre,  le 17 juin  2025\nLe  Directeur  de  la d\u00e9l\u00e9gation  d\u00e9partementale\ndes  Hauts-de-Seine\nde  l'Agence  r\u00e9gionale de  sant\u00e9\nHe-de-Fr\nRenaud PELLE\n\nDECISION  TARIFAIRE  N\u00b0245  PORTANT  FIXATION  POUR  2025  DU  MONTANT  ET  DE  LA\nREPARTITION  DE  LA  DOTATION  GLOBALISEE  COMMUNE  PREVUE  AU\nCONTRAT  PLURIANNUEL  D'OBJECTIFS  ET  DE  MOYENS  DE\nL'ASSOCIATION  \"EHS\" -  920807930\nPOUR  LES  ETABLISSEMENTS ET  SERVICES  SUIVANTS\nFoyer  d'Aceucil  M\u00e9dicalis\u00e9  pour  Adultes  Handicap\u00e9s  (F.A.M,)  - FAM  LA  FONTAINE  DES  VOEUX  -\nSer\n920024981\nd'accompagnement  m\u00e9dico-social adultes  handicap\u00e9s  - SAMSAH  ESPERANCE - 920017209\nEtablissement  et Service d'Aide par le Travail (E.S.A.T.) -  ESAT  JEAN  CAURANT - 920804648\nLe  Directeur  G\u00e9n\u00e9ral  de  VARS  Ile-de-France\nVU.  le Code  de  l'Action  Sociale  et des Famille  ;\nVU.  le Code  dela  S\u00e9curit\u00e9  Sociale;\nVU.  I oi  n\u00b0 2025-199  du  28/02/2025 de financement  dela  S\u00e9curit\u00e9 Sociale pour  2025  publi\u00e9e au\nJournal Ofiiel  du  28/02/2025  ;\nVU.  l'ar\u00eat\u00e9 minstrel  du 02/06/2025  publi\u00e9 au Journal Office!  du 06/06/2025  pris en application\nde  l'aicle  L314-3  du  Code  de  l'Action Sociale et des Familles  fixant, pour  l'ann\u00e9e 202$\nL'objectif global  de  d\u00e9penses  d'asurance  maladie  et le montant total de  d\u00e9penses  pour  es\n\u00e9tablissement et services relevant de  la Caisse  nationale de  solidarit\u00e9 pour  l'autonomie;\nVU  a  d\u00e9cision  du  02/06/2025  publi\u00e9  au  Journal  Officiel  du  06/06/2025  relative aux  dotations\nr\u00e9gionales limitatives 2025  et la moyenne  nationale des besoins en  soins requis 2025  ;\nVU  le d\u00e9cret du  10/04/2024  portant nomination  de  Monsieur  Denis  ROBIN  en  qualit\u00e9 de\nDirecteur  G\u00e9n\u00e9ral  de  l'Agence  r\u00e9gionale  de  sant\u00e9  Ile-de-France;\nVU  In d\u00e9l\u00e9gation  de  signature  du  Directeur  G\u00e9n\u00e9ral  de  l'ARS  vers  le Directeur  dela d\u00e9l\u00e9gation\nD\u00e9partementale  des  HAUTS-DE-SEINE  en  date  du  04/11/2024  ;\nVU  le Contrat  Pluriannuel d'Objectifs et de  Moyens  conclu  le 21/12/2018  prenant effet au\novov2019;\nCIDE\nArticle  1% A  compter  du  01/01/2025, au  tite  de  2025,  la dotation  globalis\u00e9e  commune  des\n\u00e9tablissements  et services  m\u00e9dico-sociaux  financ\u00e9s  par  l'Assurance  Maladie,  g\u00e9r\u00e9s  par\nl'entit\u00e9 d\u00e9nomm\u00e9e  L'ASSOCIATION  \"EHS\"  (920807930),  a \u00e9t\u00e9 fix\u00e9e \u00e0\n3 156  363,71 \u20ac, dont  0,00\u20ac de cr\u00e9dits non  reconduetbles vers\u00e9s en une  seule fis.\n\nElle  se  r\u00e9partit de  la mani\u00e8re  suivante, les prix de journ\u00e9e \u00e0 compter  de  01/01/2025\n\u00e9tant \u00e9galement  mentionn\u00e9s.\npersonnes  handicap\u00e9es  : 3 186  363,71  \u20ac  (dont  3 156  363,71  \u20ac  imputable  \u00e0\nl'assurance  maladie)\nETUI\nEu\nES  200 |  am | o\u00f9 | risooinse | ooo |  000 oon\natiarowtane  | sm  |  om  |  a  |  ao  oo  |  am  |  ow  000\nASATIEAN om |  sree | ow | ooo a  |  om | ow 000\nANT.\nETC)\nsaut m  cm | ow | oo | wo | ow | ox oo\u00bb\nmit  |  nm  |  ome  |  om  |  aw  oo  |  ow  |  ax  oon\nASATIEAN me es | om |  om oo |  ow | apo 000\nANT\nPour  2025,  la fraction fofataire  mensuelle,  pour  le secteur personnes  handicap\u00e9es,  s'\u00e9tablit \u00e0\n263  030,31  \u20ac  (dont  263  030,1  \u20ac imputable \u00e0 l'Assurance  Maladie).\nAnicle2  A compter  du  01/01/2026,  en  application de  l'article L.314-7  du  CASF,  la dotation\nglobalis\u00e9e  commune  s'\u00e9l\u00e8ve,  \u00e0  tire  transitoire, \u00e0  3  156  363,71  \u20ac. Elle  se  r\u00e9partit de  la\nmani\u00e8re  suivante, les prix de  journ\u00e9e  de  reconduction  \u00e9tant \u00e9galement  mentionn\u00e9s  :\n=  personnes  handicap\u00e9es : 3  156  363,71  \u20ac\ndont 3 156 363,71 \u20ac imputable \u00e0 l'Assurance Maladie)\nDans\nFes  mr  s  |  er  [me  |  nur  |  ae  [aus  |  sun\nnovni TE see on om | ac | oo [uwonw| oo | oo | 00\nRa\nmasAtontanenes  |  sossraars  |  ooo  |  om  |  ow  |  om  |  om  |  ooo  |  ow\npr\na  oe:  ac joes} om | om | ao | om | of | om\n\nRae\nmess wr w]e  | oom | ome | ame [ans | sso\nsw ce  |  om  |  am  |  am  |  om  |  mn  |  om  |  om  |  om\nrawtarostanenss | num ao |  oo |  oo |  om |  om | oo |  om\nYouu\nsoar tor  |  ue  |  ne  |  om  |  ow  |  om  |  om  |  om  |  om\nPour  2026,  la faction  forfaitaire mensuelle,  pour  le secteur  personnes  handicap\u00e9es,  s'\u00e9tablit \u00e0\n263  030,31  \u20ac (dont 263  030,31  \u20ac imputable \u00e0 l'Assurance  Maladie).\nAnicle3\nAnicle  4\nAnicle  $\nLes  recours  contentieux  dirig\u00e9s  contre  la pr\u00e9sente  d\u00e9cision  doivent  \u00eatre port\u00e9s  devant  le\n'Tribunal administratif de Versailles, 56  avenue  de  Saint-Cloud,  78000  Versailles dans\nun  d\u00e9lai  de deux  mois  \u00e0 compter  de  sa publication  ou,  pour  les personnes  auxquelles\ncelle sera  notifi\u00e9e, \u00e0  compter  de  sa notification. Le tribunal administratif peut  te  sais\npar l'application \u00ab T\u00e9l\u00e9recours  citoyens\u00bb  accessible par le site www  tlerecours.\nLa  pr\u00e9sente  d\u00e9cision  sera  publi\u00e9e  au  recueil  des  actes  administratifs.\nLe  Directeur  G\u00e9n\u00e9ral  de  'ARS  Ile-de-France  est charg\u00e9  de  l'ex\u00e9eution  de  a  pr\u00e9sente\nd\u00e9cision  qui  sera  notifi\u00e9e \u00e0 l'enit\u00e9  gestionnaire  (L'ASSOCIATION  \"EHS\"  920807930)\ntaux  structures  concern\u00e9es.\nFait \u00e0  Nanterre,  Le 17  juin  2025\nLe  Directeur  dela d\u00e9l\u00e9gation d\u00e9partementale\ndes Hauts-de-Seine\nde  l'Agence  r\u00e9gionale de sant\u00e9\n\u00cele-de-France\nRenaud  PHL\n\nar\nrs\nDECISION  TARIFAIRE  N\u00b0255  PORTANT  FIXATION  POUR  2025  DU  MONTANT  ET  DE  LA\nREPARTITION  DE  LA  DOTATION  GLOBALISEE  COMMUNE  PREVUE  AU\n{CONTRAT  PLURIANNUEL  D'OBJECTIFS  ET  DE  MOYENS  DE.\nASSOCIATION  PAIDEIA -  920170057\nPOUR  LES  ETABLISSEMENTS  ET  SERVICES  SUIVANTS\nCentre  M\u00e9dico-Psycho-P\u00e9dagogique  (C-M.PP)  - CMPP  - BAPU  INSTITUT  EDOUARD  CLAPAREDE  -\n920680055\nCentre  M\u00e9dico-Psycho-P\u00e9dagogique  (C.M.PP.)  - CMPP - BAPU  CLAUDE  BERNARD  - 750680076\nLe  Directeur  G\u00e9n\u00e9ral de  \"ARS  Ile-de-France\nVU  le Code  de  l'Action Sociale et des  Familes  ;\nVU  le Code  de  la S\u00e9curit\u00e9  Sociale;\nVU  loin?  2025-199  du  28/02/2025  de financement  dela  S\u00e9curit\u00e9  Social  pour  2025  publi\u00e9e  au\nJournal  Officiel  du  28/02/2025  +\nVU  l'arr\u00eat\u00e9 minist\u00e9riel du  020672025  publi\u00e9 au Journal Office! du  06/06/2025  pris en application\nde Particle L314-3  du  Code  de  l'Action Sociale et des Familles fixant, pour  l'ann\u00e9e 2025\nobject  global de  d\u00e9penses  assurance maladie  et le montant  total de  d\u00e9penses  pour  les\n_rablissements  ot services relevant de In Caisse  nationale de  solidarit\u00e9 pour  Fautonomie ;\nvu d\u00e9cision  du  02/06/2025  publi\u00e9e  au  Journal  Officiel  du  06/06/202$  relative aux  dotations\nr\u00e9gionales  limitatives  2025  et \u00e0 la moyenne  nationale des  besoins  en  soins  requis  2025  ;\nVU  le d\u00e9cret du  10/04/2024  portant nomination  de  Monsieur  Denis  ROBIN  en  qualit\u00e9 de\nDirecteur  G\u00e9n\u00e9ral  de l'agence  r\u00e9gionale de sant\u00e9  le-de-France ;\n'VU  la d\u00e9l\u00e9gation  de  signature  du  Directeur  G\u00e9n\u00e9ral  de  I\"ARS  vers  le Directeur  de  la d\u00e9l\u00e9gation\nd\u00e9partementale  des  HAUTS-DE-SEINE  en  date  du  04/11/2024 ;\nVU  le Contrat  Pluriannuel  d'Objectfs  et de  Moyens  conclu  le 19/12/2023  prenant  effet au\n01012024\nDECIDE\nAAricle 1\" A  compter  du  01/01/2025,  au  ttre de  2025, la dotation globalis\u00e9e commune  des\n\u00e9tablissements  et services  m\u00e9dico-sociaux  financ\u00e9spar  l'Assurance  Maladie,  g\u00e9r\u00e9s  par\nl'entit\u00e9 d\u00e9nomm\u00e9e  ASSOCIATION  PAIDEIA  (920170057),  a t\u00e9  fix\u00e9e \u00e0\n7-445 995,08  \u20ac, dont  0,00 \u20ac de er\u00e9dis  non reconductbles  vers\u00e9s en ue  seule fis.\nElle se r\u00e9partt de  la mani\u00e8re  suivante, les prix de journ\u00e9e  \u00e0 compter de  01/01/2025\n\u00e9tant  \u00e9galement  mentionn\u00e9s\n\n=  personnes  handicap\u00e9es:  7 445  995,08  \u20ac (dont  7 445  995,08  \u20ac  imputable  \u00e0\nl'assurance maladie)\naon  en\nARES\npo\nLAUDE  BERNARD\narmas\nAUS\n000 sos a ooo\n28 000 oo\u00bb 00 090\nEDOUARD\nRARE\nPour  2025,  la fraction  forfaitaire mensuelle,  pour  le secteur  personnes  handicap\u00e9es,  s'ablit  \u00e0\n620  499,59 \u20ac (dont 620  499,59  \u20ac  imputable  \u00e0 l'Assurance  Maladie)\nAticle2  A  compter  du  01/01/2026,  en  application  de  l'article L.314-7  du  CASE,  la dotation\nglobalis\u00e9e  commune  s'\u00e9l\u00e8ve, \u00e0  te  transitoire, \u00e0 7  465  401,28 \u20ac. Elle  se r\u00e9partit de  la\nmani\u00e8re  suivante,  les prix de journ\u00e9e  de  reconduction  \u00e9tant  \u00e9galement  mentionn\u00e9s\npersonnes  handicap\u00e9es :  7 465  401,28  \u20ac\ndont  7 465  401,28 \u20ac imputable\u00e0 l'Assurance Maladie)\nLCL]\nmess nr so er | we | nur | nus | ans | sun\n'eu BARU CLAUDE m  om | om | oo | sro)  am | om | 00\naeRRaRD\nons\nage aur ret  000 om | oo | ooo [sexes | oo | ow | apo\nFie ee)\nNESS nt si | eer | oe | ar | ama | ana | sun\nowe APU CLAUDE 000 a  | ow | om | mn | om | ao | om\nBRAS\n\"tess\ncare Sake rrr  ms om | o\u00f9 | om | our | ow | a0 | 0%\n\nPour  2026,  la fraction  forf\u00eftaire  mensuelle,  pour  le secteur  personnes  handicap\u00e9es,  s'\u00e9tablit \u00e0\n{622 116,77 \u20ac (dont  622  116,77 \u20ac  imputable \u00e0 l'Assurance  Maladie).\nAnticle3  Les  recours  contentieux  dirig\u00e9s  contre  la pr\u00e9sente  d\u00e9cision  doivent  \u00eatre port\u00e9s  devant  le\nTribunal  administratif de Versailles, 56  avenue  de  Saint-Cloud,  78000  Versailles  dans\nun  d\u00e9lai de deux  mois  \u00e0 compter  de  sa publication ou, pour  le  personnes  auxquelles\nelle sera  notifi\u00e9e, \u00e0  compter  de  sa  notification. Le  tribunal  administratif peut  \u00eatre saisi\npar aplication  \u00ab T\u00e9l\u00e9recous  citoyens \u00bb accessible par Le site wwwteerecours.f\nAmicle4  La  pr\u00e9sente  d\u00e9cision  sera  publi\u00e9e  au  recueil des actes administratif.\nAmicleS  Le  Directeur G\u00e9n\u00e9ral  de  'ARS  Ile-de-Franceest  charg\u00e9  de  l'ex\u00e9cution de  I  pr\u00e9sente\nd\u00e9cision  qui sera notifi\u00e9e \u00e0 l'emtt\u00e9 gestionnaire (ASSOCIATION.  PAIDEIA\n1920170057) et aux  structures  concern\u00e9es.\nFait \u00e0 Nanterre,  le 17 juin  2025\nLe  Directeur  de  a  d\u00e9l\u00e9gation  d\u00e9partementale\ndes  Hauts-de-Seine\nde  l'Agence  r\u00e9gionale de  sant\u00e9\nIle-de-France\nRenaud  PEQL\u00c9\n\ntone\nto  AL\nDECISION  TARIFAIRE  N\u00b0275  PORTANT  FIXATION  POUR  202$  DU  MONTANT  ET  DE  LA\nREPARTITION  DE  LA  DOTATION  GLOBALISEE  COMMUNE  PREVUE  AU\nCONTRAT  PLURIANNUEL  D'OBJECTIFS  ET  DE  MOYENS  DE\n'ASSOCIATION  CITES  CARITAS  - 750720591\nPOUR  LES  ETABLISSEMENTS  ET  SERVICES  SUIVANTS\nEtab,Ace  M\u00e9dicalis\u00e9  en  tout ou  parie  personnes  handicap\u00e9es  - EAM  CITE  JACQUES  DESCAMPS  -\n920009289\nService  d'accompagnement  m\u00e9dico-social  adultes  handicap\u00e9s -SAMSAH  CITES  CARITAS  RUEIL\nMALMAISON  - 920039039\nService  d'accompagnement  m\u00e9dico-social  adultes  handicap\u00e9s  - SAMSAH  CITES  CARITAS\nGENNEVILLIERS  - 920043544\nEtablissement  et Service  d'Aide  par  le Travail  (E.S.A.T.)  - ESAT  FOURNEAUX  DE  MARTHE  ET\nMATTHIEU  - 920814472\nLe  Directeur  G\u00e9n\u00e9ral de  'ARS  Ile-de-France\nVU  Ie Code  de  l'Action  Social et des Familles;\nVU  le Code  dela  S\u00e9curit\u00e9  Sociale ;\nVU.  la oi  n\u00b0 2025-199 du 28/02/2025  de financement de a  S\u00e9curit\u00e9 Sociale pour 2025  publi\u00e9e au\nJournal  Officiel  du  28022025  ;\nVU  l'arr\u00eat\u00e9 minist\u00e9riel  du  02/06/2025  publi  au  Journal  Ofiiel  du  06/06/2025  pris en application\nde  l'amicle  L314-3  du  Code  de  l'Action  Sociale  et des  Familles  fixant, pour  l'ann\u00e9e  2025\nl'objectif global de  d\u00e9penses  d'assurance  maladie  et le montant  total de d\u00e9penses  pour  les\n\u00e9tablissements  et services  relevant  de  la Caisse  nationale  de  soliart\u00e9  pour  l'autonomie  ;\nVU  a  d\u00e9cision du  02/0672025  publi\u00e9e au  Journal Officiel du  06/06/2025  relative aux  dotations\nr\u00e9gionales  limitatives  2025 et \u00e0  la moyenne  nationale  ds  besoins en soins  requis  2025;\nVU  Je d\u00e9cret du  10/04/2024  portant nomination  de  Monsieur  Denis ROBIN  en  qualit\u00e9 de\nDirecteur  G\u00e9n\u00e9ral  de  l'agence  r\u00e9gionale  de  sant\u00e9  Ile-de-France  ;\nVU  la d\u00e9l\u00e9gation de signature du  Directeur  G\u00e9n\u00e9ral  de  l'ARS  vers le Directeur dela  d\u00e9l\u00e9gation\nD\u00e9partementale  des  HAUTS-DE-SEINE  en  date  du  04/11/2024  ;\nVU  le Contrat  Plurianmuel d'Objetifs  et de  Moyens  conclu  le 30/12/2021  prenant  effet au\n01/01/2022;\n\nA  compter  du  01/01/2025,  au  tite  de  2025,  la dotation  globalis\u00e9e  commune  des\ntblissements et services  m\u00e9dico-sociaux  financ\u00e9s par  l'Assurance  Maladie, g\u00e9r\u00e9s par\nl'enit\u00e9 d\u00e9nomm\u00e9e  ASSOCIATION  CITES  CARITAS  (750720591),  a \u00e9t\u00e9 fix\u00e9e \u00e0\n3 141 421,59 \u20ac, dont  0,00 \u20ac de er\u00e9its  non  reconduetbles  vers\u00e9  en ue  seule fois.\nElle  se r\u00e9partitde  la mani\u00e8re  suivante,  les prix  de journ\u00e9e  \u00e0 compter  de  01/01/2025  \u00e9tant\n\u00e9galement  mentionn\u00e9s,\n= personnes  handicap\u00e9es:  3141  421,59\u20ac  (dont  3141  421,59\u20ac  imputable  \u00e0\nl'assurance  maladie)\nDamo\nro\nEE\nDSC\ntaavenas  |  aoamas  |  om  |  oo  am  |  ow  |  00  00\nCas  RUE.\nALASON\noo  om  PTT  cm  |  ow  |  0x  oo\n00  co  |aosme|  uw  om  |  ow  |  a\u00bb  a\ncon\n00  |  rome  |  am  |  og  om  |  o\u00f9  |  ooo  000\nFind  pare)\nCoa\nSACQUES\nmo  |  ass  |  ow  |  ox  oc  |  om  |  om  a\n200 00 |  am | om cm |  ow | ox a\namas\ncvs\n000 a  |  ss | ono om |  ow | ao uw\nESA  FOURNEAUX\nPour  2025,  la fraction  forfaitaire mensuelle,  pour  le secteur  personnes  handicap\u00e9es,  s'\u00e9tablit \u00e0\n261  785,13  \u20ac  (dont  261  785,13 \u20ac imputable  \u00e0 l'Assurance  Maladie)\nAnicle  2 Acompter  du  01/01/2026,  en  application  de  l'article L.314-7  du  CASF,  la dotation\nglobalis\u00e9e commune  s'\u00e9l\u00e8ve, \u00e0 tire transitoire,\u00e0 3 188 662,52 \u20ac. Elle se r\u00e9partide a\nmani\u00e8re  suivant,  Les prix de  journ\u00e9e  de  reconduction  \u00e9tant \u00e9galement  mentionn\u00e9s\n+ personnes  handicap\u00e9es :  3  188  662,52  \u20ac\ndont 3 188  662,52 \u20ac imputable \u00e0 l'Assurance  Maladie)\n\nCL)\nNess mr si our | me | nur [aus | ans | sun\na\neawerneiacgues  |  mms  |  assis  |  a  |  ow  |  om  |  oo  |  om  |  ow\nEl\nsausaemescaums  |  o\u00f9  ooo  |  sasssreo|  op  |  0  |  oo  |  om  |  og\nUL MA  MAISON\nsasaiemscums  |  0  og  |  nosmo|  oo  |  am  |  ow  |  uw  |  om\nANNEES\nmor\nSAT FOURNEAUX DE am | msonm| oo | om | om | om | am | om\nFt\nHess we sf er | we | nur | ame | aus | sun\nBAM IACQUES vo\u00bb | sar | ao | ao | om | am | om | ow\nDescAMS\nsueacnscaums  |  200  om  |  am  |  ow  |  ao  |  ow  |  oo  |  oon\nons\nsawsaitcrrescanitas  |  200  am  |  sa  |  ow  |  oo  |  ow  |  oo  |  oo\"\nESAT FOURNEAUX DE a  was | om | ao | om | am | om | a\nMARTEL\nPour  2026,  la fraction  forfaitaire mensuelle,  pour  le secteur  personnes  handicap\u00e9es,  s'\u00e9tablit \u00e0\n265  721,88 \u20ac  (dont  265  721,88 \u20ac  imputable \u00e0  l'Assurance  Maladie)\nAnicle  3\nAnicle  4\nArticle  5\nLes  recours contentieux dirig\u00e9s contre Ia pr\u00e9sente d\u00e9cision doivent  \u00eatre port\u00e9s devant  le\nTribunal administratif de Versailles, 56  avenue  de  Saint-Cloud,  78000  Versailles dans\nun  d\u00e9lai de  deux  mois  \u00e0 compter de  sa publication ou, pour  les personnes  auxquelles\nlle  sera notifi\u00e9e, \u00e0 compter  de  sa notification. Le  tribunal administratif peut \u00eatre saisi\npar l'aplicarion \u00ab T\u00e9l\u00e9recours citoyens \u00bb accessible par Le site ww  telerccours.f.\nLa  pr\u00e9sente d\u00e9cision ser  publie  au  recueil es  actes administratifs\nLe  Directeur G\u00e9n\u00e9ral  de  I'ARS  Ile-de-France est charg\u00e9  de  l'ex\u00e9cution de a  pr\u00e9sente\nd\u00e9cision qui sera notfige  \u00e0 l'entit\u00e9 gestionnaire (ASSOCIATION  CITES  CARITAS.\n750720591)  taux  structures  concern\u00e9es.\nFait  a Nanterre,  le 17  juin  2025\nLe  Directeur de La d\u00e9l\u00e9gation  d\u00e9partementale\ndes  Hauts-de-Seine\nde  l'Agence  r\u00e9pfodale de sant\u00e9\ne-de-Fran\nRenaud PEYLE\n\n=\"\nR\u00e9puauique\nFRANCAISE | Sas\nDECISION  TARIFAIRE  N\u00b0277  PORTANT  FIXATION  POUR  2025  DU  MONTANT  ET  DE  LA\nREPARTITION  DE  LA  DOTATION  GLOBALISEE  COMMUNE  PREVUE  AU\nCONTRAT  PLURIANNUEL  D'OBJECTIFS  ET  DE  MOYENS  DE\nAPELDE  LA  BOUCLE  DE  LA  SEINE  - 920800281\nPOUR  LES  ETABLISSEMENTS  ET  SERVICES  SUIVANTS.\nInstitut M\u00e9dico-Educati -  IME  LA  DAUPHINELLE  -  920690153\nService d'ducation  Sp\u00e9cial et de Soins \u00e0 Domicile -  SESSAD  LA  DAUPHINELLE  - 920690153,\nUnit\u00e9 d'enseignement  \u00e9l\u00e9mentaire  - UEEA  LA  DAUPHINELLE  -  920690153\nEtablissement  pour  Enfants  ou  Adolescents  Polyhandicap\u00e9s  - SECTION  POLY  HANDICAP  EMP\nLES  TILLEULS  - 920004629,\nService  Education  Sp\u00e9cial  et de  Soins  \u00e0 Domicile  - SESSAD  LES  TILLEULS  - 920007689\nFoyer  d'Accueil  M\u00e9dicais\u00e9  pour  Adultes  Handicap\u00e9s -  FAM  VILLEBOIS  MAREUIL -  920025335\nInstitut M\u00e9dieo-Educaif-  IME  EXTERNAT  MED  PEDAG  LES  TILLEULS  -  920690120\nEtablissement et Service  d'Aide  par  le Travail - ESAT  LES  VOIES  DU  BOIS  - 920710803,\nEtablissement  et Service  d'Aide  par  le Travail  - ESAT  LE  CASTEL  ~  920718558\ntablissement  et Service  d'Aide  parle  Travail  - ESAT  LES  CERISIERS  \u2014  920804879\nFoyer  Accueil  M\u00e9dicalis\u00e9  pour  Adultes  Handicap\u00e9s -  FAM  LES  ROSEAUX  -  920813698,\nFtablissement  et Service  Aide  parle  Travail  - ESAT  LES  BOULEAUX  - 920815537\nLe  Directeur  G\u00e9n\u00e9ral  de  VARS  Ile-de-France\nVU  le Code  de  l'Action  Sociale et des  Familles;\nVU  le Code  dela  S\u00e9curit\u00e9  Sociale;\nVU  la loi n\u00b0  2025-199  du  28  f\u00e9vrier  2025  de  financement  de  la S\u00e9curit\u00e9  Sociale  pour  2025\npubli\u00e9e au Journal Oil  du  28 f\u00e9vrier 2025 ;\nVU  l'arr\u00eat\u00e9 minist\u00e9riel  du  02  juin  2025  publi\u00e9  au  Joumal  Officiel  du  06  juin  2025  pris en\napplication  de  l'aile  L314-3  du  Code  de  l'Action  Sociale  et des  Familles  sant,  pour\nl'ann\u00e9e 2025  l'objectif global de  d\u00e9penses  d'assurance  maladie  et le montant  total de\nd\u00e9penses  pour  les \u00e9ablissements  et services  relevant  de  la Caisse  nationale  de  solidarit\u00e9\nour  l'autonomie ;\nVU  la d\u00e9cision  du  02  juin  2025  publi\u00e9e  au  Journal  Officiel  du  06  juin  2025  relative  aux\ndotations  r\u00e9gionales  limiatives  2025  et \u00e0 la moyenne  national  des  besoins  en  soins  requis\n2025;\nVU  Ie d\u00e9cret  du  10  avril 2024  portant  nomination  de  Monsieur  ROBIN  Denis  en  qualit\u00e9  de\nDirecteur  G\u00e9n\u00e9ral  de  l'Agence  r\u00e9gionale  de  sant\u00e9  Ile-de-France;\nVU  l'ar\u00e8t\u00e9  n\u00b0119-2024  portant  d\u00e9l\u00e9gation  de  signature  du  Directeur  G\u00e9n\u00e9ral  de  l'Agence\nr\u00e9gionale de sant\u00e9 Ile-de-France au Directeur de la d\u00e9l\u00e9gation d\u00e9partementale des HAUTS-\nDE-SEINE en date  du  4 novembre  2024  ;\nVU.  le  Contrat  Pluriannuel  d'Objectifs et de  Moyens  conclu  le 30  novembre  2017  prenant  effet\nau  1\" janvier  2018;\n\nDECIDE\n'A  compter  du  1  janvier 2025, au  tive de  2025, la dotationglobalis\u00e9e  commune  des\n\u00e9tablissements  et services  m\u00e9dico-sociaux  financ\u00e9s  par  l'Assurance  Maladie,  g\u00e9r\u00e9s\npar lentit\u00e9 d\u00e9nomm\u00e9e  APEI  DE  LA  BOUCLE  DE  LA  SEINE  (920800281), a t\u00e9\nfix\u00e9e \u00e0 13 100  237,93  \u20ac, dont  0,00 \u20ac de cr\u00e9dits non  reconductbles  vers\u00e9s en une  seule\nfois.\nElle  se  r\u00e9partit de  la mani\u00e8re  suivante,  les prix  de  jou\u00e9e  \u00e0  compter  du  1*  janvier\n2025  \u00e9tat  \u00e9galement  mentionn\u00e9s.\n= Personnes handicap\u00e9es+ 13 100 23793 \u20ac (dont 13 10023793 \u20ac imputable \u00e0\nassurance  maladie)\nDoes  a6)\nFINES  mr  si Er  [re  [amt  [awa  [aus  [sun\n720008629\nsmite  ee  uw  |  96588788  |  000  |  000] om  |  ow  |  000  |  om\n920007689\nSESSAD LES TILLEULS bod Lid 000 | 9.00 | 62190665 | 000 | oo | 0,00\n2025335\nFav eee  ameun  |  195261  aco  [was]  00  |  00  |  ow  |  000  |  000\n'300990120\nmn sus  |  0m  |  rassoss79|  000  [uw] ow  |  om  |  000  |  ow\n'690153\nMELA cus  |  000  [auras  o00  [oo  [ses  | 37438650] os  |  0.00\n520710803\nESAT mors  |  00  |  113128925  000  [uw] ow  |  ow  |  00  |  om\nDOTS\nHE  a0  [130830239] 000  |  o00| om  |  om  |  000  |  om\n200079\nrues  |  om  |  585336  |  000  |  a  |  000  |  ow  |  uw  |  000\n813698\nFae ux  [25m]  000  |  000  |  000  |  ow  |  ow  |  000  |  ow\n'Sn0815837\near  eaux  |  000  [sms  |  ow  |  000] ow  |  ogo  |  oo  |  ow\nide  joan)\nFES  i  a Er [re | awi [ aw? [aus sun\nTao\nSPULES THLLEULS aw | as  | 000 [uw] oo | om | 000 | ow\n32000768\naie  eins  |  100  uw  |  ow  |  00]  75  |  om  |  00  |  om\n02535,\nramvuteporswancun|  57  |  0  |  198  | oa  |  000 |  ow  |  uw  |  000\nal  am  |  20650 |  000 | 000] om  |  ow  |  000 |  oo\nieewr  testiueus  |  04 3 100 |  ooo |  os 6 6\n2060185\nmerapsemivene  |  00  |  weir |  om  [oo | 15  |  2071 |  000 | 000\n'20710803\nesariesvouspusos| 00  |  7351 |  ow  |  o00| ow  |  om  |  000 | ow\nRiise ew |  m3 | 000 [uw] oo | om |  000 | 00ESATLECASTEL x 3 :\nSEE\nesariteermisicns |  99  |  7661 |  090 |ow] ow  |  ow  |  090 |  ow\nSRO813698\nFAME ux  |  10907 |  000  |  ow  |  000  |  og  |  uw  |  oon  |  ago\n320818557\nssartespouteaux  |  00  |  766 |  00  [uw] ow  |  ow  |  oo  | om\n\nPour  2025,  la fraction  forfaitaire mensuelle,  pour  le secteur  personnes  handicap\u00e9es,  s'\u00e9tablit \u00e0\n1  091  68649 \u20ac (dont  1 091  686,49  \u20ac  imputable \u00e0  l'Assurance  Maladie)\nAnicle2  A  compter  du  1\" janvier  2026,  en  application  de  l'aricle  L.314-7  du  CASF,  la\ndotation  globalis\u00e9e  commune  s'\u00e9l\u00e8ve,  \u00e0  tire  transitoire, \u00e0  13  100 237,93 \u20ac Elle se\nr\u00e9partit de  la mani\u00e8re  suivante, les prix de journ\u00e9e  de  reconduction  \u00e9tant \u00e9galement\n= Personnes  handicap\u00e9es :  13  100237,93  \u20ac  (dont  13  100  237.93  \u20ac  imputable  \u00e0\nl'Assurance  Maladie)\nDS\nTRES A  EN  PTE EEE\nus  |  ow |  96625] om |  om | om |  ow | uw  |  ono\nSessa us  |  00  |  am  |  uw  |  ooo [arisesss| ow  |  ox  | om\nPAM VE eS  ancun.| 1003261 | 000 | 10347296 | om  | om  |  om |  ow | ow\nimeemperseus | 0% |  1490567 | no | om | oo |  oo | om | om\nme eue  | 000 Jean]  oon |  apo [24991 | 37438650] no | no\nps  [00 [ismse\u00bb] aso [uw] om |  om  | om | om\nrsarveserniens |  9% [wma  | now | oo | om |  ow | ogo | om\nPAM eux  [ma]  a9  |  ow  [uw] oo  |  a0  |  om  | uw\nESAT aS aux Le  |  serra  |  oo  [om| om  |  om  |  ox  | om\nEEE)\nms  |  ow  |  m6  |  om  [om] ow  |  og  |  ooo | om\nSessa uns  |  000 |  00 |  aw [uw] 7558 |  om  | ow | om\na  neu (7  |  om  |  s19\u00a2 [om |  om  |  om  |  om  | om\nMee  ens  |  00  |  2065 | uw [oo |  om  |  om |  om  | om\nMem ue  |  om  [mr  |  om  |  om| ms  |  ana  [ax | om\nsn  uno  | 0m |  31  | uw |  om| ow |  ow |  oo | ow\n|  om  |  25  |  oo  [ow] om  |  ow  |  om  | og\nsr ens  |  00 | 7681 |  ax  | ooo] om |  ao |  om | ooo\nramitsroceaux |  10907 |  0  |  ow [uw] ow |  oo |  ooo | no\nsr  equx [0m | es  | ox [om] om |  om |  ow | om\nPour  2026,  la fraction  forfaitaire mensuelle,  pour  le secteur  personnes  handicap\u00e9es,  s'\u00e9tablit \u00e0\n1 091  68649 \u20ac (dont  1 091  686,49 \u20ac  imputable \u00e0 l'Assurance  Maladie),\n\nAmtcle3  Les  recours  contentieux  dirig\u00e9s  contre  la pr\u00e9sente  d\u00e9cision  doivent  \u00eatre  port\u00e9s  devant\nle Tribunal  administratif  de  Versailles, 56  avenue  de  Saint-Cloud,  78000  Versailles\ndans  un  d\u00e9lai de  deux  mois  \u00e0 compter  de  sa publication  ou,  pour  les personnes\nauxquelles  ele  sera  notifi\u00e9e, \u00e0 compter  de  sa  notification. Le  tribunal  administratif\npeut  \u00eatre saisi par  l'aplcation  \u00ab  T\u00e9l\u00e9recours  citoyens  \u00bb accessible  par  le site\n'wrwtelerecours fi\nAmicle4  La  pr\u00e9sente  d\u00e9cision  sera  publi\u00e9e  au  recueil  des  actes  administratif.\nArticle  5 Le  Directeur  G\u00e9n\u00e9ral  de  l'ARS  \u00cele-de-France est charg\u00e9  de  l'ex\u00e9cution  de  la pr\u00e9sente\nd\u00e9cision  qui  sera no\u00ebfi\u00e9e  \u00e0  l'entit\u00e9 gestionnaire  (APEI  DE  LA  BOUCLE  DE  LA\n'SEINE  920800281) et aux  structures  concem\u00e9es.\nFait  Nanterre,  le 23  juin  2025\nLe Directeur de la d\u00e9l\u00e9gation D\u00e9parteratale)des Hauts-de-Scine\nde  l'Agence  r\u00e9gional  de  sant\u00e9  Tle-de/Fra\n\nRerustique\nFRANCAISE | neanstes\nDECISION  TARIFAIRE  N\u00b0359  PORTANT  FIXATION  POUR  2025  DU  MONTANT  ET  DE  LA,\nREPARTITION  DE  LA  DOTATION  GLOBALISEE  COMMUNE  PREVUE  AU\n{CONTRAT  PLURIANNUEL  D'OBJECTIFS  ET  DE  MOYENS  DE\nLA  FONDATION  PERCE  NEIGE  - 920809829\nPOUR  LES  ETABLISSEMENTS  ET  SERVICES  SUIVANTS.\nEtab.Ace.  M\u00e9dicalis\u00e9  en  tout ou  parie  personnes  handicap\u00e9es  - MAISON  PERCE  NEIGE\nEAM  ALTERNAT  - 920000304\nInstitut M\u00e9dico-Educatif  (LME)  - MAISON  PERCE-NEIGE\nIME  ALTERNANCE  DE  PARIS  - 750002255\nInstitut M\u00e9dico-Educatif  (LME) - MAISON  PERCE-NEIGE\nIME  ALTERNANCE  DE  BOURG-LA-REINE  - 920814795\nLe  Directeur  G\u00e9n\u00e9ral  de  VARS  Ile-de-France\nvu\nvu\nvu\nvu\nvu\nvu\nvu\nvu\nle Code  de  l'Action  Social  et des  Familles\nle Code  deta  S\u00e9curit\u00e9  Sociale;\nLa loi n\u00b0  2025-199 du  28  f\u00e9vrier 2025 de financement de la S\u00e9curit\u00e9  Sociale  pour  2025\npubli\u00e9e  au  Journal  Officiel du 28  f\u00e9vrier 2025  ;\nVrar\u00e9t\u00e9 minist\u00e9riel du  02  juin 2025  publi\u00e9 au  Journal Officiel du  06  juin 2025  pris en\napplication  de  Varticle  L314-3  du  Code  de  l'Action  Sociale  et des  Familles  fixant, pour\nl'ann\u00e9e  2025  l'objectif global  de  d\u00e9penses  d'assurance  maladie  et le montant  total de\nd\u00e9penses  pour  Les \u00e9tablissements  et services  relevant  de  la Caisse  nationale  de  solidarit\u00e9\npour l'autonomie;\nLa d\u00e9cision  du  02/06/2025  publi\u00e9e  au  Journal  Ofiiel  du  06/06/2025  relative aux dotations\nr\u00e9gionales limitatives 202$  et la moyenne  nationale des besoins en soins requis 202$\nle d\u00e9cret  du  10  avril 2024  portant  nomination  de  Monsieur  ROBIN  Denis  en  qualit\u00e9  de\nDirecteur  G\u00e9n\u00e9ral  de  l'agence  r\u00e9gionale  de  sant\u00e9  Ile-de-France  ;\nl'arr\u00eat\u00e9 n\u00b0119-2024  portant  d\u00e9l\u00e9gation  de  signature  du  Directeur  G\u00e9n\u00e9ral  de  l'Agence\nr\u00e9gionale  de  sant\u00e9  Ile-de-France  au  Directeur  de  la d\u00e9l\u00e9gation  d\u00e9partementale  des  HAUTS-\nDE-SEINE  en  date  du  4  novembre  2024 ;\nJe Contrat  Pluriannuel  d'Objectifs et de  Moyens  conclu  le 21 d\u00e9cembre  2021  prenant  effet\nau  1* janvier  2022  ;\nDECIDE\nArticle  I\"  A  compter  du  1  janvier  2025,  au  titre de  2025,  la dotation  lobalis\u00e9e  commune  des\n\u00e9tablissements et services m\u00e9dico-sociaux  financ\u00e9s par l'Assurance  Maladie,  g\u00e9r\u00e9s\n\npar l'entit\u00e9 d\u00e9nomm\u00e9e  FONDATION  PERCE  NEIGE  (920809829), a &\u00e9  fix\u00e9e \u00e0\n4376  215,64  \u20ac, dont  0,00  \u20ac de cr\u00e9dits  non  reconductibles  vers\u00e9s  en  une  seule  fois.\nElle  se r\u00e9partit de  la mani\u00e8re  suivante,  les prix  de  journ\u00e9e  \u00e0  compter  du  1*  janvier\n202$  \u00e9tant  \u00e9galement  mentionn\u00e9s,\n+ Personnes  handicap\u00e9es:  4376215,64\u20ac  (dont  4376215,64\u20ac  imputable  \u00e0\nl'assurance  maladie)\nDos  fn\nFINES NT SET ET | per [Aut Au2 [Aw | SSIAD\n70002255\nMAISON  PERCE-NEIGEIME  |  621  50999  |  1075792,18  |  0,00  |  00  |  000  |  000  |  oo  |  0,00\n(ALTERNANCE DE  PARIS.\n92000304\nMAISON PERCE NEIGE 75858672 | 19835596 | 0,00 | 0,00 | 000 | 000 | 000 | 0.00\nEAM  ALTERNAT\n920814795\nMAISON  PERCE-NEIGEIME  |  92981624  |  21818  |  000  |  0400  |  0,00  |  000  |  000  |  000\nALTERNANCE  DE  BOURG-LA-REINE\nrx de journ\u00e9es (en \u20ac)\nFINESS NT 'SI ext | per | AwI [Aw | Aes | SSIAD\n75002285\nMAISON PERCE-NEIGE IME sv  | 444 | 0.00 | 000 | 000 | 000 | 000 | 0.00\n\"ALTERNANCE DE  PARIS.\n920000304\nMAISON PERCE NEIGE mois | 45705 | 000 | 000 | 000 | 000 | 000 | 000\n'BAM  ALTERNAT\n'20814795\nMAISON PERCE-NEIGE IME smas | 38060 | 000 | 0,00 | 000 | 0.00 | 0.00 | 0,00\nALTERNANCE DE  BOURG-LA-REINE\nPour  2025,  la fraction forfaitaire mensuelle,  pour  le secteur personnes  handicap\u00e9es, s'\u00e9tablit \u00e0\n364  684,64 \u20ac (dont  364  684,61  \u20ac  imputable\u00e0 l'Assurance  Maladie)\nAmicle2  A  compter  du  1\" janvier  2026,  en  application de  l'article L.314-7  du  CASF,  la\ndotation  globalis\u00e9e  commune  s'\u00e9l\u00e8ve,  \u00e0  tite  transitoire, \u00e0  4 698  311,76\u20ac.  Elle  se\nr\u00e9partit de  Ia mani\u00e8re  suivante, les prix de  journ\u00e9e  de  reconduction  tant  \u00e9galement\nmentiom\u00e9s\n= Personnes  handicap\u00e9es :  4698  311,76  \u20ac  (dont  4698311,16\u20ac  imputable  \u00e0\nl'Assurance  Maladie)\nDouions (en  9]\nFINESS NT SE JET | Per | awrt [Aw2 [aus | SSIAD\n73000225\nMAISON  PERCE-NEIGE  IME  |  roots  | 1214896561  |  0,00  |  00  |  000  |  000  |  000  |  000\n(ALTERNANCE DE  PARIS.\n92000504\nMAISON PERCE NEIGE 7585673 | 19835896 | 0,00 | 000 | 600 | 000 | 000 | 000\nEAM  ALTERNAT\n920814795\nMAISON  PERCE-NEIGEIME  |  98517273  |  83934402  |  000  |  0.00  |  0.00  |  000  |  0,00  |  00\n(ALTERNANCE DE  BOURG-LA-REINE\n\nPrix  de  joues (en  \u20ac)\nFINESS NE SEL exr | pre | au1 | Au2] Au5 | SsIAD\n750002258\nMAISON PERCE-NEIGE IME 57  | 444 | 0.00 | 000 | 000 | 000 | 000 | oo\nALTERNANCE  DE  PARIS.\n920000304\nMAISON PERCE NEIGE 10,12 | 48705 | 000 | 000 | 000 | 0.00 | 0.00 | 000\nEAM  ALTERNAT\n'920818795\nMAISON PERCE-NEIGE IME snias | 38060 | 0.00 | 000 | 0,00 | 000 | 0.00 | 000\nALTERNANCE  DE  BOURG-LA-REINE\nPour  2026,  la fraction fofa\u00efaire mensuelle,  pour  le secteur personnes  handicap\u00e9es,  s'\u00e9ublit \u00e0\n391  525,98 \u20ac (dont  391  525,98 \u20ac  imputable  \u00e0  l'Assurance  Maladie).\nAAnicle 3  Les  recours  contentieux  dirig\u00e9s  contre  la pr\u00e9sente  d\u00e9cision  doivent  \u00eatre  port\u00e9s  devant\nle Tribunal  administratif de  Versailles, 56  avenue  de  Saint-Cloud,  78000  Versailles\ndans  un  d\u00e9lai de  deux  mois  \u00e0 compter  de  sa  publication  ou,  pour  les personnes\nauxquelles  ele  sera  notifi\u00e9e, \u00e0  compter  de  sa  notification. Le  tribunal  administratif\npeut \u00eate saisi par l'application \u00ab T\u00e9l\u00e9recours citoyens \u00bb accessible par le site\n'wwnwtelerecours\nArticles  La  pr\u00e9sente  d\u00e9cision  sera  publi\u00e9e  au  recueil  des  acts  administratif.\nAmtcle $ Le  Directeur G\u00e9n\u00e9ral de  l'ARS  Ile-de-France est charg\u00e9 de l'ex\u00e9etion de la pr\u00e9sente\nd\u00e9cision  qui  sera  notifi\u00e9e  \u00e0 l'entit\u00e9 gestionnaire  (FONDATION  PERCE  NEIGE.\n920809829) et aux  structures  concern\u00e9es.\nFait  Nanterre,  le 23  juin  2025\nLe  Directeur  de  a  d\u00e9l\u00e9gation  D\u00e9payfinentale  des  Hauts-de-Seine\nde  l'Agence  r\u00e9gionale  de  sant\u00e9  I\n\npad\ni\nar\nDECISION  TARIFAIRE  N\u00b01183  PORTANT  FIXATION  DU  FORFAIT  GLOBAL  DE  SOINS\nPOUR  2025  DE\nEAM  LA  CHARTRAINE  - 920028974\nLe  Directeur  G\u00e9n\u00e9ral de  VARS  Ile-de-France\nVU  le Code  de  l'Action  Sociale  et des  Familles;\nVU  le Code  dela  S\u00e9curit\u00e9  Social  ;\nVU.  la oi  n\u00b0 2025-199 du  28/02/2025 de financement  de  la S\u00e9curit\u00e9 Sociale pour  2025  publi\u00e9e au\nJournal  Offciel  du  28/02/2025  ;\nVU.  l'arr\u00eat\u00e9 minstrel  du 0210672025  publi\u00e9 au Journal Office  du 0606/2025\nde  l'amicle  L314-3  du  Code  de  l'Action  Sociale  et des  Familles  fixant, pour\nl'objectif global  de  d\u00e9penses  d'assurance  maladie  et le montant  total de  d\u00e9penses  pour  Les\n\u00e9tablissements  et services  relevant  de  la Caisse nationale  de  solidarit\u00e9 pour  l'autonomie ;\nVU  Ia d\u00e9cision du  02/06/2025  publi\u00e9e au  Journal Officiel du  06/06/2025  relative aux  dotations\nr\u00e9gionales  limitatives  2025  et la moyenne  nationale  des  besoins  en  sons  requis  2025  ;\nVU  le d\u00e9eret du  10 Avril 2024  portant nomination  de  Monsieur  Denis  ROBIN  en  qualit\u00e9 de\nDirecteur  G\u00e9n\u00e9ral de  l'agence r\u00e9gional  de  sant\u00e9  Hle-de-France ;\nVU.  I d\u00e9cision de d\u00e9l\u00e9gation de  signature du  Directeur G\u00e9n\u00e9ral de  ARS  vers le Directeur de  la\nd\u00e9l\u00e9gation  D\u00e9partementale  des  HAUTS-DE-SEINE  en  date  du  04/11/2024 ;\nVU  l'autorisation ou  le renouvellement  d'autorisation en  date du  11/04/2014  de  la structure\ntab.AccM\u00e9dicalis\u00e9  en  tout  ou  parie  personnes  handicap\u00e9es  d\u00e9nomm\u00e9e  EAM  LA\nCHARTRAINE  (920028974)  sise 14  R  DE  L  ESPERANCE  92160  Antony  et g\u00e9r\u00e9e  par\nl'entit\u00e9 d\u00e9nomm\u00e9e  OMEG  AGE  GESTION  (920039914)  ;\nAAricle 1\"  \u00c0  compter  du  01/01/2025,  le forfait global de  soins est fix\u00e9 \u00e0 1 060  230,98  \u20ac au  tte  de\n2025,  dont  0,00  de  cr\u00e9dits  non  reconductibes  vers\u00e9s  en  une  seule  fis\nPour  202$,  la fraction forfaitaire mensuelle  s'\u00e9tablit, en  application de  l'article R314-\n111  du  CASF, \u00e0 88  352,58 \u20ac.\nSoit un  forfait journaler de  soins de  85,43 \u20ac\nAnticle  2A compter  du  01/01/2026,  en  application  de  l'article L.314-7  du  CASF,  le  tarifs de\nreconducton  sont fix, \u00e0 tire transitoire, \u00e0 +\nforfait  annuel  global  de  soins  2026  : 1 060 230,98 \u20ac  (douzi\u00e8me  applicable\ns'\u00e9levant  \u00e0  88  352,58  \u20ac)\n+ forfait journalier  de soins  de  reconduction de 85,43  \u20ac\nArticle}  Les  recours contentieux dirig\u00e9s contre a  pr\u00e9sente d\u00e9cision doivent \u00eatre port\u00e9s devant  le\n1\n\n'Tribunal  administratif de  Versailles,  6  avenue  de  Saint-Cloud,  78000  Versailles  dans\nun  d\u00e9lai de deux  mois \u00e0 compte de sa publication ou, pour es  personnes  auxquelles elle\nsera notifi\u00e9e, \u00e0 compter  de  sa notification. Le  tribunal administratifpeut \u00eatre saisi par\napplication  \u00ab T\u00e9l\u00e9recours  citoyens  \u00bb  accessible  par  este  www  telerecours Fr.\nAntcle4  La  pr\u00e9sente d\u00e9cision sera publi\u00e9e au  recueil des actes administratifs.\nArticle $ Le  Directeur G\u00e9n\u00e9ral  de  I'ARS  Ile-de-France est charg\u00e9  de  l'ex\u00e9eution de  Ia pr\u00e9sente\nd\u00e9cision qu  sera notifi\u00e9e \u00e0 l'entit\u00e9 gestionnaire OMEG'AGE  GESTION  (920039914) et\n\u00e0 l'\u00e9tablissement  concer,\nFait  \u00e0 Nanterre,  le 24  juin  2025\nLe  Directeur  de  la D\u00e9l\u00e9gation  d\u00e9partementale\ndes  Hauts-de-Seine\nde  l'Agence  r\u00e9gionale de  sant\u00e9\n\u00cele-de-France\nRenaud  P\u00c9LL\u00c9\n\nDECISION  TARIFAIRE  N\u00b01226  PORTANT  FIXATION  DU  FORFAIT  GLOBAL  DE  SOINS\nPOUR  2025  DE\nEAM  LA  FORET  - 920041001\nLe  Directeur  G\u00e9n\u00e9ral  de  VARS  \u00cele-de-France\nVU  leCode  de  l'Action  Sociale  et des  Familles;\nVU  le Code  deta  S\u00e9curit\u00e9  Sociale ;\nVU.  loi  n\u00b0  2025-199  du  28/02/2025  de  financement  de  Ia S\u00e9curit\u00e9  Sociale  pour  2025  publi\u00e9e  au\nJournal  Ofiiel  du  28/02/2025  ;\nVU.  l'ar\u00eat\u00e9 minist\u00e9riel du 02/0622025  publi\u00e9 au Journal  Office! du  06/06/2025  pris en application\nde  l'amicle L314-3  du  Code  de  l'Action Sociale et des Familles fixant, pour  l'ann\u00e9e 2025\nl'objectif global de  d\u00e9penses  d'assurance  maladie  et le montant  total de  d\u00e9penses  pour  Les\nablissements et services  relevant  dela  Caisse  nationale  de  solidarit\u00e9 pour  autonomie ;\nVU  [a d\u00e9cision  du  02/06/2025  publi\u00e9e  au  Journal  Officiel  du  06/06/2025  relative  aux  dotations\nr\u00e9gionales  limiatives  2025  et \u00e0 la moyenne  nationale des  besoins  en  soins  requis  2025  ;\nVU  le d\u00e9cret  du  10/04/2024  portant  nomination  de  Monsieur  Denis  ROBIN  en  qualit\u00e9  de\nDirecteur  G\u00e9n\u00e9ral  de  l'agence  r\u00e9gional  de  sant\u00e9  Ile-de-France ;\nVU.  la d\u00e9cision de d\u00e9l\u00e9gation de signature  du  Directeur  G\u00e9n\u00e9ral  de  'ARS  vers le  Direteur de  la\nd\u00e9l\u00e9gation  D\u00e9partementale  des  HAUTS-DE-SEINE  en  date  du  04/11/2025  ;\nVU  l'autorisation  ou  le renouvellement  d'autorisation  en  date  du  25/05/2023  de  la strueture\ntab Ace-M\u00e9dicalis\u00e9  en  tou  ou  parie  personnes  handicap\u00e9es  d\u00e9nomm\u00e9e  EAM  LA  FORET\n92041001)  sise 5 AV  HENRI  DALSEME  92361  Meudon  et g\u00e9r\u00e9e  par l'entit\u00e9 d\u00e9nomm\u00e9e\nAAPEI  DE  MEUDON  (920801016)  ;\nArticle  1  \u00c0  compter  du  01/01/2025,  le forfait global  de  soins  est fix\u00e9 \u00e0 1 960  996,08 \u20ac au  tire de\n202$,  dont  0,00 de  er\u00e9dits non  reconduetbes  vers\u00e9s en  une  seule foi.\nPour  2025,  la fraction  forfaitaire mensuelle  s'\u00e9tablit, en  application  de  l'article R314-\n111  du  CASF, \u00e0  163416, \u20ac\nSoit  un  forfait journalier de  soins  de  134,18 \u20ac.\nAicle 2  \u00c0  compter  du  01/01/2026,  en  application de l'article L.314-7  du  CASF,  les tarifs de\nreconduction  sont fix\u00e9s,\u00e0 bre  transitoire,:\nforfait  annuel  global de  soins 2026;  1 960 996,08 \u20ac (douzi\u00e8me  applicable\ns'\u00e9levam  \u00e0 163  416,34  \u20ac)\nforfait  journalier  de  soins  de  reconduction  de  134,78 \u20ac\nArticle 3 Les recours contentieux dirig\u00e9s contre la pr\u00e9sente d\u00e9cision doivent  \u00eatre port\u00e9s devant  le\n1\n\n'Tribunal adminstraif de  Versailles, 6  avenue de  Saint-Cloud, 78000  Versailles dans\nun  d\u00e9lai de  deux  mois  \u00e0 compter de  sa publication  ou,  pour es  personnes  auxquelles  elle\nsera not\u00e9e,  \u00e0 compter  de  sa notification, Le  tribunal administratif peut \u00eatre sais  par\nl'application \u00ab T\u00e9lrecourscitoyens  \u00bb accessible ar  Le sit ww  elerecours.fr\nAmicle4  La  pr\u00e9sente  d\u00e9cision  sera  publi\u00e9e  au  recueil es  actes  administratif.\nAmicle  S Le  Directeur  G\u00e9n\u00e9ral  de  'ARS  Ile-de-France  et  charg\u00e9  de  l'exdeution  de  a  pr\u00e9sente\nd\u00e9cision  qui  sera  notifi\u00e9e  \u00e0 l'entit\u00e9 gestionnaire  APEI  DE  MEUDON  (920801016)  et \u00e0\nl'\u00e9tablissement  concern\u00e9.\nFait  \u00e0 Nanterre,  le 24  juin  2025\nLe  Directeur  dela D\u00e9l\u00e9gation\n'd\u00e9partementale  des  Hauts-de-Seine\nde  l'Agence  r\u00e9gjefale de  sant\u00e9\n\u00cele-de-France,\nRenaud  PEL] 7\n\n=\nR\u00c9PUBLIQUE\nFRANCAISE |  Shuecrmeoseater\nDECISION  TARIFAIRE  N\u00b01384  PORTANT  FIXATION  POUR  2025  DU  MONTANT  ET  DE  LA\nREPARTITION  DE  LA  DOTATION  GLOBALISEE  COMMUNE  PREVUE  AU\nCONTRAT  PLURIANNUEL  D'OBJECTIFS  ET  DE  MOYENS  DE\nPAPILLONS  BLANCS  DE  LA  COLLINE  - 920718186\nPOUR  LES  ETABLISSEMENTS  ET  SERVICES  SUIVANTS  :\nInstitut M\u00e9dico-Educatif  (LME  ) - IME  L  MALECOT  EXTERNAT - 920812351\nEtab.Ace  M\u00e9dicalis\u00e9  en  tout  ou  partie personnes  handicap\u00e9es -EAM  LE  CEDRE  BLEU  - 920003597\nInstitut M\u00e9dico-Educatif  (LMLE.) - IME  JEUNE  APPEDIA - 920003910\nService  d'\u00c9ducation  Sp\u00e9ciale  et de  Soins  \u00e0 Domicile  - SESSAD  DU  VAL  D  OR  - 920004389\nInstitut M\u00e9dico-Educatif  (LM.E.) - IME  LA  VILLA  D  AVRAY  - 920012358.\nInstitut M\u00e9dico-Educatif(LM.E.) - IME  DU  PARC  - 920023439\nEtablissement  et Service  d'Aide  par  le Travail  (E.S.A.T.)  - ESAT  ALEMBERT  - 920800216\nInstitut M\u00e9dico-Educatif  (LMLE.) - IME  EXTERNALISE  SISS  APPEDIA - 920812559\nEtablissement et Service  d'Aide  par  le Travail  (E.S.A.T.  - ESAT  COPERNIC  -  920814183\nEtablissement  pour  Enfants  ou  Adolescents  Polyhandicap\u00e9s  - SECTION  QUELQUE  CHOSE  EN  PLUS  -\n920816055\nLe  Directeur  G\u00e9n\u00e9ral  de  l'ARS  Ile-de-France\nVU  le Code  de l'Action  Sociale  et des  Familles;\nVU  le Code  dela  S\u00e9curit\u00e9  Sociale;\nVU  Ia loi n\u00b0  2025-199  du  28  f\u00e9vrier  2025  de  financement  de  la S\u00e9curit\u00e9  Sociale  pour  2025\npubli\u00e9e au  Journal Officel du 2  f\u00e9vrier 2028  ;\nVU  l'ar\u00eat\u00e9  minist\u00e9riel  du  2  juin  2025  publi\u00e9  au  Journal  Officiel  du  6  juin  2025  pris en\napplication  de  l'aricle  L314-3  du  Code  de  l'Action  Sociale  et des  Familles  fixant, pour\nl'ann\u00e9e  2025  l'objectif global  de  d\u00e9penses  d'assurance  maladie  et le montant  total de\nd\u00e9penses  pour  Les \u00e9tablissements  et services  relevant  de  la Caisse  nationale  de  solidarit\u00e9\npour l'autonomie;\nVU  In d\u00e9cision du  2 juin  2025  publi\u00e9e  au  Journal  Ofiiel  du  6 juin  2025  relative aux  doutions\nr\u00e9gionales  imitatives  202$  et la moyenne  nationale  des  besoins  en  soins  requis  202$  ;\nVU  Ie d\u00e9cret  du  10  avril 2024  portant  nomination  de  Monsieur  Denis  ROBIN  en  qualit\u00e9  de\nDirecteur  G\u00e9n\u00e9ral  de  l'Agence  r\u00e9gionale  de  sant\u00e9  Ile-de-France ;\nVU  l'a\u00eat\u00e9  n\u00b0119-2024  portant  d\u00e9l\u00e9gation  de  signature  du  Directeur  G\u00e9n\u00e9ral  de  l'Agence\nr\u00e9gionale  de  sant\u00e9 Ile-de-France  au  Directeur  de  la d\u00e9l\u00e9gation  d\u00e9partementale  des  HAUTS-\nDE-SEINE  en date  du  4 novembre  2024 ;\n\nVU  le Contrat  Pluriannuel  'Objctfs  et de  Moyens  conclu  le 19  d\u00e9cembre  2022  prenant  effet,\nau  1  janvier  2023  ;\nDECIDE\nAnicle  1\"  A  compter  du  1 janvier  2025,  au  ire  de  202,  la dotation  globalis\u00e9e  commune  des\n\u00e9tablissements  et services m\u00e9dico-sociaux  financ\u00e9s par l'Assurance  Maladie,  g\u00e9r\u00e9s\npar  l'entit\u00e9 d\u00e9nomm\u00e9e  PAPILLONS  BLANCS  DE  LA  COLLINE  (920718186),  a t\u00e9\nfix\u00e9e \u00e0 23  455  25989  \u20ac, dont  0,00\u20ac de cr\u00e9dits  non reconductibles  vers\u00e9s en une  seule\nfois.\nElle  se  r\u00e9partit de  la mani\u00e8re  suivante,  les prix  de journ\u00e9e  \u00e0 compter  du  1*  janvier\n2025  \u00e9tant  \u00e9galement  mentionn\u00e9s;\n= Personnes  handicap\u00e9es:  23  455  259,89 \u20ac  (dont  23  455  259,89  \u20ac  imputables  \u00e0\nl'assurance maladie)\nDons (en  \u20ac)\nFINES NT si EXT [PRR | au  Aw? Aus [san\n'20003507\nEAMLE | 169158487 22859254 | oo | 000 | oo 0.00 000 | 0.00\nCEDRE  BLEU\n920003910\nIME JEUNE | 76668221 | 8305743 | 000 | 000] oo 090 000 | 00\n'APPEDIA,\n\"20004389\nsESsADDU | 000 000 000 |  0.00 | 300253735 | 147859001 | 299278321 | 0.00\nVAL  DOR.\n'920012358\nIMELAVILLA  |  65968490  |  890.0809  |  34724588  |  0.00  |  000  000  ow  |  000\nDAVRAY\n920023439\nace  | 000 [isssms] om [om] oo 0.00 000 |  0.00\n'920800216\nESAT oo |  roisaas2s| ow |  00 | 000 00 00 | 0.00\nALEMBERT\n920812351\nMeL | 20212401 158818998] 000 | 000 | 000 0.00 000 | 00MALECOT. s x M\nEXTERNAT\n'920812559\nIME\nexrenanise | 000 000 000 | 090 | 237641612] 000 000 | 000\nSISS  APPEDIA\n920814183\nESAT 0.00 | 6sv08178 | 000 | 000 | oo 000 a0 | 000\nCCOPERNIC\n'920816055\nSECTION\nquerque | 000 |  125080843) oo |  ooo | on 0.00 000 | 000\nCHOSE  EN\nPLUS\n\nPrix  de  journ\u00e9e (en  \u20ac)\nFINESS INT si Ext PER Aut aa? Aus SSIAD\n920003397\nEAMLE  |  108\nCEDRE  BLEU\n20668 0.00 090 000 000 000\n520003910\nIME  JEUNE  |  469,17\nAPPEDIA\nsus 090 000 000 000 000\n320004389\nSESSADDU  |  000\nVALDOR\n000 000 000 176532 000\n'920012358\nIMELA\nVILLAD\n'AVRAY\n42699 43971 0.00 0.00 0.00 0.00 090 000\n92002339\nIMEDU  |  000\nPARC\n32059 0.00 0.00 000 0.00 000 0.00\nB2oso02i6\nESAT 000\nALEMBERT.\nmis 000 000 000 000 000 0.00\n820812351\nIMEL\nMALECOT\nEXTERNAT\n54356 278.65 000 000 000 000 000 000\n'920812559\nIME\nEXTERNALI  |  000\nSESISS\nAPPEDIA\n0.00 0.00 0.00 25147 000 000 000\n'920814185\nESAT 000\n'COPERNIC\n1939 000 0.00 000 000 000 000\n'920816055\nSECTION\nQUELQUE  |  000\nCHOSE  EN\nPLUS\n45531 000 000 000 000 000 000\nPour  2025,  la fraction  fofa\u00efaire  mensuelle,  pour  le secteur  personnes  handicap\u00e9es,  s'\u00e9tablit \u00e0\n1.954  604,9 \u20ac (dont  1 954  604,99 \u20ac imputables  \u00e0  l'Assurance  Maladie.\nAnicle  2\ndotation globalis\u00e9e commune  see\nmentionn\u00e9s +\n= Personnes  handicap\u00e9es\nl'Assurance  Maladie)\nAA compter  du  1  janvier  2026,  en  application  de  article  L.314-7  du  CAS,  la\n\u00e0 tire transitoire, \u00e0 24 006  837,18 \u20ac Elle se\nr\u00e9partit de  la manire  suivante,  les prix de  journ\u00e9e  de  reconduction  tant  \u00e9galement\n4 006  837,18.  \u20ac  (dont  24  006  837,18 \u20ac  imputabes  \u00e0\n\novations (en  \u20ac)\nFINESS INT si PER Aut Au? Aus SSD\n920003597\nEAM  LE  CEDRE\nBLEU\n1 668  000.91 22540552 000 000 0.00 000 0.90\n920003910\nIME  JEUNE\n'APPEDIA\n85295165 92403100 000 000 0.00 000 000 000\n\"20008389\nSESSAD  DU\nVALDOR\n000 000 000 000 20744945 1464  758.06, 2964756554 000\n320012358\nIME  LA  VILLA  D\nAVRAY\n85450856 1062  101,84 au  1s737 00 000 000 000 000\n920023439\nIME  DU  PARC\n0.00 1575379,59 000 000 000 000 000 000\n'920800216\nESAT\nALEMBERT.\n000 1015  423,25, 000 000 000 000 000 000\n920812351\nIMEL\nMALECOT\nEXTERNAT\n207788339 1626177 000 000 000 000 000 000\n'920812559\nIME\nEXTERNALISE\nSISS  APPEDIA\n000 000 000 0.00 2376416,12 0.00 000 000\n'920818183\nESAT\nCOPERNIC\n0.00 CE 000 000 000 000 000 000\n'920816055\nSECTION\nQUELQUE\nCHOSE  EN\nPLUS\n000 12449540 00 000 000 000 000 0.00\nPrix  de  journ\u00e9e (en  \u00a9)\nFINES s EXT PER Au au? Aus SSIAD\n'20003597\nEAMLE\n(CEDRE  BLEU\nEU 203,80 000 000 000 000 000 000\n92003910\nIME  JEUNE\nAPPEDIA.\n469,17 ous 000 000 000 000 000 000\n'920004389\nSESSAD  DU\nVALDOR\n000 000 000 000 17486 139,50 9573 090\n920012358\nIME  LA  VILLA\nDAVRAY.\n23,39 43600 000 000 000 000 000 0.00\n920023439\nIME  DU  PARC\n0.00 320,59 000 00 00 0.00 0.00 090\n\"0800216\nESAT\nALEMBERT\n0.00 000 000 000 000 000 000\n\nSOS\nIMEL\nMALECOT\nEXTERNAT\n5436  |  276s  |  oo  |  000  |  000  |  000  |  oo\n'920812559\nIME\nEXTERNALISE\nSISS  APPEDIA\n000  |  om  |  000  |  ow  |  25147  |  000  |  000\n'920818183\nESAT 000 | 739 | 000 | 000 | 000 | 000 | 000\nCCOPERNIC\n9208  16055\nSECTION\nQUELQUE  |  000  |  45325  |  ooo  |  000  |  ooo  |  000  |  0.0\n(CHOSE  EN\nPLUS\nPour  2026,  la fraction forfaitaire mensuelle,  pour  le secteur personnes  handicap\u00e9es,  s'\u00e9tablit \u00e0\n2  000 569,76  \u20ac (dont  2 000  569,76  \u20ac  imputabes \u00e0  l'Assurance  Maladie).\nAmtcle3  Les  recours  contentieux  dirig\u00e9s  contre  la pr\u00e9sente  d\u00e9cision  doivent  \u00eatre  port\u00e9s  devant\nle Tribunal  adminisrati  de  Versailles, 56  avenue  de  Saint-Cloud,  78000  Versailles\ndans  un  d\u00e9lai de  deux  mois  \u00e0 compter  de  sa publication ou, pour  les personnes\nauxquelles  elle sera  notifi\u00e9e, \u00e0  compter  de  sa  notification. Le  tribunal  administratif\npeut  \u00eare  saisi par  l'application  \u00ab T\u00e9l\u00e9recours  citoyens  \u00bb accessible  par  le site\n'worwtelerecours  fr\nAmicle4  La  pr\u00e9sente d\u00e9cision era publi\u00e9e au recueil des actes administratif.\nArticle  $ Le  Directeur  G\u00e9n\u00e9ral  de  'ARS  Ile-de-France  est charg\u00e9  de  l'ex\u00e9cution  de  I  pr\u00e9sente\nd\u00e9cision  qui  sera  notifi\u00e9e  \u00e0 l'ent\u00e9  gestionnaire  (PAPILLONS  BLANCS  DE  LA\n(COLLINE  920718186) et aux structures concern\u00e9es.\nFait \u00e0  Nanterre,  le 23  juin  2025\nLe  Directeur de  a  d\u00e9l\u00e9gation D\u00e9par le des Hauts-de-Seine\nde  l'Agence  r\u00e9gionale de  sant\u00e9\n\nDECISION  TARIFAIRE  N\u00b01533  PORTANT  FIXATION  DU  FORFAIT  GLOBAL  DE  SOINS\nPOUR  2025  DE\nFAM  ET  FOYER  DE  VIE  SIMON  DE  CYRENE - 920027539\nLe  Directeur  G\u00e9n\u00e9ral  de  \"ARS  He-de-France\nVU  leCode  de  Action  Social  et des Familles ;\nVU  le Code  de  la S\u00e9curit\u00e9  Sociale;\nVU.  la oi  n\u00b0  2025-199 du  28/02/2025  de  financement  dela  S\u00e9curit\u00e9  Sociale  pour  2025  publi\u00e9e  au\nJournal  Ofiiel  du  2/02/2025  ;\nVU.  l'ar\u00eat\u00e9 minist\u00e9riel  du  0210672025  publi\u00e9  au Journal  Office!  du 06/06/2025  pris en application\nde  l'aicle  L314-3  du  Code  de  l'Action Sociale et des Familles fixant, pour  l'ann\u00e9e 2025\nl'objectif global de  d\u00e9penses  d'assurance  maladie et le montant  total de  d\u00e9penses  pour  les\n\u00e9tablissements  et services  relevant  de  la Caisse  nationale  de  solidarit\u00e9 pour  l'autonomie ;\nVU  d\u00e9cision du  020672025  publi\u00e9e au  Journal Officiel du  06/06/2025  relative aux  dotations\nr\u00e9gionales  limitatives  202$  et \u00e0 a  moyenne  nationale  des  besoins  en  soins  requis  2025  ;\nVU  le d\u00e9cret du  10/04/2024  portant nomination  de  Monsieur  Denis  ROBIN  en  qualit\u00e9 de\nDirecteur  G\u00e9n\u00e9ral de l'Agence  r\u00e9gionale  de  sant\u00e9  Ile-de-France  ;\nVU  la d\u00e9cision de d\u00e9l\u00e9gation de  signature du  Directeur G\u00e9n\u00e9ral  de  l'ARS  vers Le Directeur  dela\nd\u00e9l\u00e9gation  d\u00e9partementale  des  HAUTS-DE-SEINE  en  date  du  04/11/2028  ;\nVU  l'autorisation ou  le renouvellement  d'autorisation en  date du  20/12/2019  de  la structure\ntab  Ace  M\u00e9dicalis\u00e9  en  tout  ou  partie personnes  handicap\u00e9es  d\u00e9nomm\u00e9e  FAM  ET  FOYER\nDE  VIE  SIMON  DE  CYRENE  (920027539)  sise 13 R  DISSY  92170  Vanves  et g\u00e9r\u00e9e par\nl'enit\u00e9 d\u00e9nomm\u00e9e  ASSOCIATION  SIMON  DE  CYRENE  VANVES  (7300501  14);\nArticle I\" \u00c0  compter  du  01/01/2025,  le forfait global de  soins est fix\u00e9 \u00e0 578  481,18 \u20ac au  titre de\n202$,  dont  0,00  de  cr\u00e9dits non  reconductbles  vers\u00e9s en  une  seule fois.\nPour  2025,  la fraction forf\u00efaire  mensuelle  s'\u00e9tablit, en  application de  l'article R314-\n111  du  CASF,  \u00e0 48  206,77 \u20ac\nSoit un  Forfait journalier de soins de 107,30 \u20ac.\nAniele 2 A  compter  du  01/01/2026,  en  application de l'aricle  L.314-7 du  CASF,  les tarifsde\nreconduction sont ins,  \u00e0 titre transitoire, \u00e0\n'\u00a9 forfait annuel  global  de  soins  2026  : 578  481,18  \u20ac  (douzi\u00e8me  applicable\ns'\u00e9levant  \u00e0 48  206,77  \u20ac)\nforfait  journaler de soins  de  recondution  de  107,30 \u20ac\nArticle  Les  recours contentieux  dirig\u00e9s contre la pr\u00e9sente d\u00e9cision doivent \u00eatre port\u00e9s devant  le\n1\n\nAniele  4\nActe  5\n'Tribunal  administratif de Versailles,  6  avenue  de  Saint-Cloud,  78000  Versailles  dans\nun  d\u00e9lai de deux  mois \u00e0 compter de  sa publication ou, pour les personnes auxquelles lle\nsera notifi\u00e9e, \u00e0 compter  de  sa notification. Le  tribunal administratif peut tre  sis par\napplication  \u00ab T\u00e9l\u00e9recours  citoyens \u00bb accessible par  este  ww  elerecours  fr\nLa  pr\u00e9sente d\u00e9cision sera publi\u00e9 au recueil des actes administratifs.\nLe  Directeur  G\u00e9n\u00e9ral  de  ARS  Ile-de-France  est charg\u00e9  de  l'ex\u00e9cution  de  Ia pr\u00e9sente\nd\u00e9cision qu  sera potifi\u00e9e \u00e0 l'entit\u00e9 gestionnaire ASSOCIATION  SIMON  DE  CYRENE\nVANVES  (75050114) et \u00e0  l'\u00e9tablissement  concern\u00e9.\nFait  \u00e0 Nanterre,  Le 24  juin  2025\nLe  Directeur de  la d\u00e9l\u00e9gation\nd\u00e9partementale  des  Hauts-de-Seine\nde  l'Agence r\u00e9gionale de sant\u00e9\n\u00cele-de-France\nRenaud  PEL]\n\nDECISION  TARIFAIRE  N\u00b02641  PORTANT  MODIFICATION  DU  FORFAIT  GLOBAL  DE  SOINS\nPOUR  2025  DE.\nEAM  LA  MAISON  EN  PLUS -  920030194\nLe  Directeur  G\u00e9n\u00e9ral  de  VARS  Ile-de-France\nVU  leCode  de  l'Action  Sociale  et des  Familles  ;\nVU  le Code  dela  S\u00e9curit\u00e9  Social\nVU.  la oi  n\u00b0  2025-199 du  2802/2025 de  financement  de  Ia S\u00e9curit\u00e9  Sociale  pour  2025  publi\u00e9e  au\nJournal  Officiel  du  2/02/2025  ;\nVU  l'ar\u00eat\u00e9  minist\u00e9riel  du  02/06/2025  publi\u00e9  au Journal  Office!  du 06/06/2025  pris en application\nde  l'aricle  1314-3  du  Code  de  l'Action  Sociale  et des  Famillesfixant,  pour  l'ann\u00e9e  2025\nl'objectif  global  de  d\u00e9penses  d'assurance  maladie  et le montant  total de  d\u00e9penses  pour  les\n\u00e9tablissement  et services  relevant  de  la Caisse  nationale  de  solidarit\u00e9 pour  l'autonomie  ;\nVU  Ia  d\u00e9cision du 02/06/2025  publie  au  Journal  Offciel  du  06/06/2025 relative  aux  dotations\nr\u00e9gionales  limitatives  2025  et \u00e0 la moyenne  nationale  des  besoins  en  Soins  requis  2025  ;\nVU  le d\u00e9cret  du  1010472024  portant  nomination  de  Monsieur  Denis  ROBIN  en  qualit\u00e9  de\nDirecteur  G\u00e9n\u00e9ral  de  l'agence  r\u00e9gionale  de sant\u00e9  Ile-de-France  ;\nVU.  la  d\u00e9cision  de d\u00e9l\u00e9gation de signature  du  Directeur  G\u00e9n\u00e9ral  de  l'ARS  vers  le Directeur  dela\nd\u00e9l\u00e9gation  d\u00e9partementale des  HAUTS-DE-SEINE  en  date  du  04/11/2024  ;\nVU  l'autorisation  ou  fe renouvellement  d'autorisation  en  date  du  29/06/2011  de  fa structure\ntab. Ace.  M\u00e9dicalis\u00e9  en  tout ou  parte  personnes  handicap\u00e9es  d\u00e9nomm\u00e9e  EAM  LA  MAISON\nEN  PLUS  (920030194)  sie  56  R  DE  GARCHES  92420  Vaucresson  et g\u00e9r\u00e9e  par  l'entit\u00e9\nd\u00e9nomm\u00e9e  CESAP  (750815821)  ;\nConsid\u00e9rant  ta d\u00e9cision  tarifaire initiale n\u00b0  2025-001  en  date  du 06/01/2025  portant  fixation  du\nforfait global  de  soins  pour  2025  de  la structure  d\u00e9nomm\u00e9e  EAM  MAISON  EN\nPLUS  920030194  ;\nArticle  1\"  \u00c0  compter du  01/01/2025,  le forfait global de soins  est n\u00e9 \u00e0  1 175  613,29 \u20ac au  tite de\n2025,  dont  0,00  de  er\u00e9dits  non  reconductibles  vers\u00e9s  en  une  seule  fos.\nPour  2025,  la fraction forfaitaire mensuelle  s'\u00e9tablit, en  application  de  article  R314\nT1  du  CASE, \u00e0  97  967,77 \u20ac.\nSoit un  forfait journalierde  soins de  102,70  \u20ac.\nAAnicle2  A  compter  du  01/01/2026,  en  application de  l'article L.314-7  du  CAS,  les tarifs de\nreconduction sont  ins,  \u00e0 tire  transitoire, \u00e0  +\n'\u00a9 forfait annuel  global  de  soins  2026:  1 175  613,29\u20ac  (douzi\u00e8me  appl\nevant  497  967,77  \u20ac)\nforfait  journaler de soins  de  reconduction  de  102,70 \u20ac\nble\nArticle}  Les  recours  contentieux  dirig\u00e9s  conte  Ia pr\u00e9sente  d\u00e9cision  doivent  \u00eatre port\u00e9  devant  Le\n1\n\nAnicle  4\nAnicle  5\n'Tribunal  administratif de Versailles,  6  avenue  de  Saint-Cloud,  78000  Versailles  dans\nun  d\u00e9lai de  deux  mois  \u00e0 compter  de  sa publication  ou,  pour  les personnes  auxquels  lle\nsera notifi\u00e9e, \u00e0 compter  de  sa notification. Le  tribunal administratif peut \u00eatre sis  par\napplication  \u00ab T\u00e9\u00e9recours  citoyens  \u00bb accessible  ar  le site www  telerecours\nLa  pr\u00e9sente d\u00e9cision sera publi\u00e9  au  recueil des actes administratifs.\nLe  Directeur  G\u00e9n\u00e9ral  de  I'ARS  Ile-de-France  est charg\u00e9  de  l'ex\u00e9cution  de  Ia pr\u00e9sente\nd\u00e9cision qui sera notfige \u00e0 l'entit\u00e9 gestionnaire CESAP  (750815821)et\u00e0  l'\u00e9tablissement\nconcern\u00e9.\nFait Nanterre,  le 24  juin  2025\nLe  Directeur de  a  D\u00e9l\u00e9gation\nd\u00e9partementale  des  Hauts-de-Seine\nde  l'Agence\nIle-de-France\nRenaud\nde  sant\u00e9\n\nDECISION  TARIFAIRE  N\u00b03649  PORTANT  FIXATION  POUR  2025  DU  MONTANT  ET  DE  LA\nREPARTITION  DE  LA  DOTATION  GLOBALISEE  COMMUNE  PREVUE  AU\n{CONTRAT  PLURIANNUEL  D'OBJECTIFS  ET  DE  MOYENS  DE.\n'CENTRE  HOSPITALIER  RIVES  DE  SEINE  - 920026374\nPOUR  LES  ETABLISSEMENTS  ET  SERVICES  SUIVANTS\nCentre  Action  M\u00e9dico-Sociale  Pr\u00e9coce  (C.A.M.S.P)  - CAMSP  RIVES  DE  SEINE  SITE  COURBEVOIE  -\n920813730\nLe  Directeur  G\u00e9n\u00e9ral  de  \"ARS  Ile-de-France\nVU  le  Code  de  l'Action  Sociale  et des  Familles  ;\nVU  le Code  de  la S\u00e9curit\u00e9  Sociale  ;\nVU.  la lo  n\u00b0 2025-199  du  28/02/2025  de  financement  dela  S\u00e9curit\u00e9 Sociale pour  2025  publi\u00e9e au\nJournal  Ofiie  du  28/02/2025  ;\nVU  l'arr\u00eat\u00e9 minist\u00e9rieldu 02/06/2025  publi\u00e9 au Journal Office  du 06/06/2025  pris en application\nde  l'article L314:3  du  Code  de  l'Action  Sociale  et des  Familles  fixant, pour  l'ann\u00e9e  2025\nl'objectif  global  de  d\u00e9penses  d'assurance  maladie  et Le montant  total de  d\u00e9penses  pour  Les.\n\"tblissements  et services relevant de la Caisse  nationale de  solidarit\u00e9 pour  Fautonomie  ;\nVU  Ia d\u00e9cision  du  02/06/2025  publie  au  Journal  Officiel  du  06/06/2025  relative aux  dotations\nr\u00e9gionales limitaives 2025 et \u00e0 la moyenne  nationaledes  besoins en  soins requis 2025  ;\nVU  le d\u00e9cret du  10/04/2024  portant nomination  de  Monsieur  Denis  ROBIN  en  qualit\u00e9 de\nDirecteur G\u00e9n\u00e9ral  de  l'agence r\u00e9gionale de sant\u00e9 le-de-France;\n'VU  la d\u00e9l\u00e9gation de signature du  Directeur G\u00e9n\u00e9ral  de  ARS  vers le Directeur de  la d\u00e9l\u00e9gation\nd\u00e9partementale  des  HAUTS-DE-SEINE  en  date du  04/11/2024  ;\nVU  le Contrat Pluriannuel d'Objectfs  et de Moyens  conclu  le 11/01/2021  prenant effet au\novo1/2021  ;\nDECIDE\nArticle \u00a9  A  compter  du  01/01/2025,  au  tite  de  2025,  Ia dotation  globalis\u00e9e  commune  des\n\u00e9tablissement et services m\u00e9dieo-solaux  financ\u00e9s par l'Assurance  Maladie,  g\u00e9r\u00e9s par\nl'entit\u00e9 d\u00e9nomm\u00e9e  CENTRE  HOSPITALIER  RIVES  DE  SEINE  (920026374),  a \u00e9t\u00e9\nfix\u00e9e \u00e0  2 090  890,96  \u20ac, dont  0,00 \u20ac  de  cr\u00e9dits  non  reconduetibles  vers\u00e9s  en  une  seule\nis\nElle se r\u00e9parti de  la mani\u00e8re  suivante, les prix de journ\u00e9e  \u00e0 compter  de  01/01/2025\n\u00e9tant  \u00e9galement  mentionn\u00e9s.\n\nrsonnes  handicap\u00e9es : 3 669  298,14 \u20ac (dont 2 990  890,96 \u20ac imputable  &\nl'assurance maladie)\nETUI\nFE  nr  x  es\naaa\nggusmives  |  oo  |  om  [\u00e9mu  om  |  0  |  ow  |  om  |  ow\neen\nFRE i  = \u2014  ee  [Sa\nSai\ngsm  |g  |  amo |  ms  |  om  |  am  |  om  |  am  |  ome\nPour  2025,  la fraction  forfaitaire mensuelle,  pour  le secteur  personnes  handicap\u00e9es,  s'\u00e9tablit \u00e0\n305  774,84  \u20ac  (dont  249  240,9  \u20ac imputable  \u00e0  l'Assurance  Maladie).\nPour  les)  seu(s)  CAMSP  du  CPOM  la dotaton  globalis\u00e9e commune  imputable  \u00e0 l'Assurance Maladie\ns'\u00e9l\u00e8ve \u00e0 2 990  890,96 \u20ac.  Celle imputable  au  D\u00e9partement de  678407,18\u20ac.  La  fraction forfaitaire\nimputable au D\u00e9partement  s'\u00e9tablit\u00e0  56 533,93  \u20ac.\nFE  i  I a  TTC\ncave ves SIN SITE COURBEVOEE ETS  EC\n'Amicle2  A compter du  01/01/2026,  en  application de  l'article L.314-7  du  CASE,  la dotation\nlobalis\u00e9e  commune  s'\u00e9l\u00e8ve, \u00e0 tire transitoire, \u00e0 2 990  90,96 \u20ac. Elle se r\u00e9partit de La\nmani\u00e8re  suivante,  prix de  jou\u00e9e de  reconduction \u00e9tant \u00e9galement  mentionn\u00e9s\n- personnes  handicap\u00e9es: 3 669  298,14  \u20ac\n(ont  2  990  890,96  \u20ac imputable  \u00e0 l'Assurance  Maladie)\nDe\nmuse wr s mr [one [our [aus [ous | sun\ncusraene  | yg  |  om  |susu|  uw  |  om  |  am  |  om  |  ono\nFE  eT\naOR\nDE  |  om  |  ow  |  mue  |  uw  |  am]  em  |  am  |  un\n\nPour  2026,  la fraction  forfstare  mensuelle,  pour  le secteur  personnes  handicap\u00e9es,  s'\u00e9tablit \u00e0\n305  774,85  \u20ac  (dont  249  24091  \u20ac imputable  \u00e0  l'Assurance  Maladie).\nPour  le(s) seu(s) CAMSP  du  CPOM,  la dotation globalis\u00e9e commune  imputable  \u00e0 l'Assurance  Maladie\ns'\u00e9l\u00e8ve \u00e0 2990  890,96  \u20ac. La  dotation imputable  au  D\u00e9partement  est de  678  407,18\u20ac.  La  fraction\nforfaitaire imputable au  D\u00e9partement  s'\u00e9tablit\u00e0 56  533,93  \u20ac.\nmess Dei ae Ace  Mae en) Dion lleDiem en)\n'case RIVES De SEINE STE zone  uns\nAmicle3  Les  recours  contentieux dirig\u00e9s contre La pr\u00e9sente d\u00e9cision doivent \u00eatre port\u00e9s devant  le\nTribunal administratif de Versailles, 56  avenue  de Saint-Cloud,  78000  Versailles dans\nun  d\u00e9lai de deux  mois  \u00e0 compter  de sa publication ou, pour  les personnes  auxquelles\nelle sera notifi\u00e9e, \u00e0 compter  de  sa notification. Le  tribunal administratif peut \u00eatre saisi\npar l'apliation  \u00ab T\u00e9l\u00e9recours  itoyens  \u00bb accessible par le site wwwtelerecours.f.\n(Anicle 4 La  pr\u00e9sente d\u00e9cision sea  publie au  reeuil  des actes administratifs.\nAnicle  5 Le  Directeur G\u00e9n\u00e9ral  de  ARS  Ile-de-France est charg\u00e9  de  l'ex\u00e9cution de  la pr\u00e9sente\nd\u00e9cision qui sera notifi\u00e9e \u00e0 l'entit\u00e9 gestionnaire (CENTRE  HOSPITALIER  RIVES  DE\nSEINE  920026374)  et aux structures  concern\u00e9s.\nFait \u00e0  Nanterre,  Le 24 juin  2025\nLe  Directeur de  la d\u00e9l\u00e9gation  d\u00e9partementale\ndes  Hauts-de-Seine\n\nDECISION  TARIFAIRE  N\u00b09834  PORTANT  FIXATION  POUR  2025  DU  MONTANT  ET  DE  LA\nREPARTITION  DE  LA  DOTATION  GLOBALISEE  COMMUNE  PREVUE  AU\n{CONTRAT  PLURIANNUEL  D'OBJECTIFS ET  DE  MOYENS  DE\nASSOCIATION  OEUVRES  D'AVENIR  - 920028271,\nVTS  ET  SERVICES  SUIVANTS.POUR  LES  ETABLISSEMEN\nInstitut pour  D\u00e9ficients  Auditifs -  INSTITUT  DE  JEUNES  SOURDS  BG  LA  REINE - 920690062\nEtab  Ace  M\u00e9dicalis\u00e9  en  tout ou  partie personnes  handicap\u00e9es - EAM  ANNI RGUNION  - 750036758,\nService d'\u00c9ducation Sp\u00e9ciale et de Soins \u00e0 Domicile-SESSAD  SIAM  75 - 750044042\nInstitut pour  D\u00e9ficients  Visuels  - INSTITUT  D  EDUCATION  SENSORIELLE  - 750710691\nEtab  Ace  M\u00e9dicalis\u00e9  en  tout  ou  partie personnes  handicap\u00e9es - EAM  NOTRE  DAME  - 920018199\nService d'\u00c9ducation Sp\u00e9ciale et de Soins \u00e0 Domicile - SAFEP  ET  SSEFIS  DE  BOURG  LA  REINE  -\n920025400\nLe  Directeur  G\u00e9n\u00e9ral  de  VARS  Ile-de-France\nvu\nvu\nvu\nvu\nvu\nvu\nvu\nLe Code  de  l'Action  Sociale  et des  Familles;\nle Code  de  la S\u00e9curit\u00e9  Soc\nLa loin? 2025-199 du  28  f\u00e9vrier 2025  de  financement de la S\u00e9curit\u00e9 Sociale pour 2025 publi\u00e9e\nau  Journal Office!  du  28/02/2025  ;\nVar\u00e9t\u00e9  minist\u00e9riel  du  02/06/2025  publi\u00e9  au Journal  Ociel  du  06/06/2025  pris en application\nde  Particle  L314-3  du  Code  de  l'Action  Sociale  et des  Famille  fixant, pour  l'ann\u00e9e  2025\nl'objectif global  de  d\u00e9penses  d'assurance  maladie  et le montant  total de  d\u00e9penses  pour  les\n\u00e9tablissements  et services  relevant  de  la Caisse  nationale  de  solidarit\u00e9 pour  l'autonomie  ;\nJa d\u00e9cision  du  02/06/2025  publi\u00e9  au  Journal  Office!  du  0610672025  relative aux  dotations\nr\u00e9gionales  limitaives  2025  et la  moyenne  nationale  des  besoins en  soins requis  2025  ;\nle d\u00e9cret  du  10  Avril  2024  portant  nomination  de  Monsieur  ROBIN  Denis  en  qualit\u00e9  de\nDirecteur  G\u00e9n\u00e9ral  de  l'agence  r\u00e9gionale  de  sant\u00e9  Ile-de-France ;\nVar\u00e9t\u00e9  n\u00b0119-2024  portant  d\u00e9l\u00e9gation  de  signature  du  Directeur  G\u00e9n\u00e9ral  de  l'Agence\nr\u00e9gionale  de  sant\u00e9  Ile-de-France  au  Directeur de la d\u00e9l\u00e9gation  d\u00e9partementale des  HAUTS-\nDE-SEINE  en  date  du  4  novembre  2024;\nle Contrat  Pluriannuel  d'Objectfs  et de  Moyens  conclu  le 13/12/2018  prenant  effet au\n01/01/2019;\n\nDECIDE\nAmicle  \u00a9  A  compter  du  01/01/2025,  au titre de  2025,  la dotation globalis\u00e9e commune  des\nablissements et services m\u00e9dico-sociaux  financ\u00e9s par I Assurance  Maladie,  g\u00e9r\u00e9s par\nt\u00e9  d\u00e9nomm\u00e9e  ASSOCIATION  OEUVRES  D'AVENIR  (920028271),  a  \u00e9t\u00e9 fix\u00e9e\u00e0\n18 026 898,82  \u20ac, dont  0,00 \u20ac de  cr\u00e9dits non  reconductibles vers\u00e9s en  une  seule fois\nElle se r\u00e9partitde Ia mani\u00e8re  suivante, Les prix de  journ\u00e9e \u00e0 compter  de  01/01/2025\n\u00e9tant  \u00e9galement  mentionn\u00e9s.\n- Personnes  handicap\u00e9e  : 18  026 898,82  \u20ac (dont 18 026  898,81  \u20ac imputable  \u00e0\nl'assurance  maladie).\nauton  (16\ness mr s er we | amt | am? | ams | sun\nSERGUNION\nassazs| om ooo om oon on oon co\n%.\na  000 090 00 |  1628510 | ao 090 oo\nsong\nnner ussouse | mme  | 000 200 an am a  000\n'DAME\nrem  | eu  | 000 ax am am am oo\nSense\noun  LA\noo 00 a  a  oo | ares | ax a\nrome\nSUN  De\nRENE\nasso  | vs  | 000 oo res  | om 000 a\n\nsae  ome)\none\n000 090\n400 000 00\nSESSORIELLE\namas 490 000 a 00\neauwore  |  906\nDa.\nm oon 100\nRMS\nSarerer\nSee  |  0 000 090 oon\nSOURDS BG  LA\nRE\nPour  2025,  la fraction forfaitaire mensuelle,  pour  le secteur personnes  handicap\u00e9es,  s'\u00e9tablit \u00e0\n1502  241,57 \u20ac  (dont 1 502 241,57 \u20ac imputable  \u00e0 l'Assurance  Maladie).\nAil?  \u00c0  compter  du  1\u00b0 janvier 2026,  en  application de  l'article L147  du  CASE,  la\ndotation  lobais\u00e9  commune  s'\u00e9l\u00e8ve,  \u00e0  ire  transite,  \u00e0  18  037  355,71  \u20ac. Elle  se\nr\u00e9partit de  la mani\u00e8re  suivante, les prix de  journ\u00e9e  de  reconduction \u00e9tant \u00e9galement\nmentionn\u00e9s\n- personnes  handicap\u00e9es  : 18057  885,71  \u20ac\n(dont  8  057  585,71 \u20ac imputable \u00e0 l'Assurance  Maladie)\nses\nmas wr s me [one au [our [au | sun\nsaa  |  som  |  oo  |  om  |  om  |  am  |  0  |  om  |  om\nee,  |  om  |  om  |  om  |  om  [immo]  ow  |  ow  |  ow\na\naso  Laws  [uen  |  am  |  om  |  om  |  ow  |  om  |  om\nnie\ncanons  |  iswsae  |  roms  |  am  |  om  |  oo  |  ow  |  oo  |  om\nsarererssens |  os  |  am  |  om  |  ow  |  ome sa  |  om  |  ooo\nRE\nARSTTUTDE |  asso  |  rmmsmas  |  om  |  am  [ion  | am  |  ogo |  on\n\nPa  ae ST\nnr s er ee |  amt | ane | aus | sun\nEAM  ANNE\nBERG\nm  200 a0 om |  sor | om 00 a\nPT\nRER en  | ss  |  ooo a  aw sw oo 009\nont\nEAMNOTRE vm | os |  om 009 2  00 000 oo\nSI\now a  000 am 0  | ms  | 00 co\nRUNES  SOURDS\nAOLARENE\n05  | 20m | ago om | as  | om oo a\nPour  2026,  la fraction forfaitaire mensuelle,  pour  le secteur personnes  handicap\u00e9es,  s'\u00e9tablit \u00e0\n1 503  129,64  \u20ac  (dont  1 $03  129,64  \u20ac  imputable  \u00e0 l'Assurance  Maladie)\nAnicle3\nAnicle  4\nArticle 5\nLes  recours  contentieux  dirig\u00e9s  contre  la pr\u00e9sente  d\u00e9cision  doivent  \u00eatre port\u00e9s  devant  le\n\"Tribunal Administratif sis 1, Place du  Palais Royal,  75100  PARIS  dans un  d\u00e9lai de  deux\nmois  \u00e0  compter de  sa  publication  ou,  pour  es  personnes  auxquelles  ele  sera  notifi\u00e9,  \u00e0\nCompter  de  sa notification. Le  tribunal administratifpeut tre  sais  par l'application \u00ab\nT\u00e9l\u00e9recours  citoyens  \u00bb  accessible  par  este  www.telerecous\nLa  pr\u00e9sente  d\u00e9cision  sera  publi\u00e9e  recueil  des  actes  administratifs\nLe  Directeur G\u00e9n\u00e9ral  de  l'ARS  Ile-de-France est charg\u00e9  de  l'ex\u00e9eurion de  la pr\u00e9sente\nd\u00e9cision  qui  sera  notifi\u00e9e  \u00e0 l'emit\u00e9  gestionnaire  (ASSOCIATION  OEUVRES\nD'AVENIR  920028271)  et aux  structures  concern\u00e9es,\nFait  Nanterre,  Le 27  juin  2025\nLe  Directeur de a  d\u00e9l\u00e9gation  D\u00e9partementale  des  Hauts-de-Seine\nRenaud  PEL\n\nRescue\nge ar\nLe\nDECISION  TARIFAIRE  N\u00b010901  PORTANT  FIXATION  POUR  2025  DU  MONTANT  ET  DE  LA\nREPARTITION  DE  LA  DOTATION  GLOBALISEE  COMMUNE  PREVUE  AU\nCONTRAT  PLURIANNUEL  D'OBJECTIFS  ET  DE  MOYENS  DE\nASSOCIATION  NOTRE-DAME  - 920690229\nPOUR  LES  ETABLISSEMENTS  ET  SERVICES  SUIVANTS.\nInstitut d'\u00e9dueation  motrice  - IEM  MICHEL  ARTHUIS  - 920040607\nMaison  d'Accueil  Sp\u00e9cialis\u00e9e  (M.A.S.)  - MAS  PRINCESSE  MATHILDE  - 920804598\nService d'\u00c9ducation Sp\u00e9ciale et de Soins \u00e0 Domicile - SESSAD  MICHEL  ARTHUIS  - 920812377\nLe  Directeur  G\u00e9n\u00e9ral  de ARS  Ile-de-France\nVU  le  Code  de l'Action Social  et des Familles;\nVU  le Code de Ia S\u00e9curit\u00e9  Sociale;\nVU  a  loi n\u00b0  2025-199 du  28  f\u00e9vrier 2025  de  financement  de  la S\u00e9curit\u00e9  Sociale  pour  2025\npubli\u00e9e au Journal Oil  du  28 f\u00e9vrier 2025\nVU  l'arr\u00eat\u00e9 minist\u00e9riel  du  02  juin  2025  publi\u00e9  au  Journal  Officiel  du  06  juin  2025  pris en\napplication de  l'aticle L314-3  du  Code  de  l'Action Sociale et des  Famille  fixant, pour\nl'ann\u00e9e  2025  l'objectif  global  de  d\u00e9penses  d'assurance  maladie  et le montant  toal  de\n'd\u00e9penses pour  les \u00e9ablissements  et services relevant de  la Caisse  nationale de solidarit\u00e9\npour l'autonomie ;\nVU  la d\u00e9cision du  02  juin 2025  publi\u00e9e au Joumal  Ofiiel  du  06  juin 2025  relative aux\ndotations r\u00e9gionales limitatives 2025  et \u00e0 la moyenne  nationale des besoins en soins requis\n2025;\nVU  le d\u00e9cret  du  10  avril 2024  portant  nomination  de  Monsieur  Denis  ROBIN  en  qualit\u00e9  de\nDirecteur  G\u00e9n\u00e9ral  de  l'Agence  r\u00e9gionale  de  sant\u00e9  Ile-de-France  ;\nVU  Marrt\u00e9  n\u00b0119-2024  portant  d\u00e9l\u00e9gation  de  signature  du  Directeur  G\u00e9n\u00e9ral  de  l'Agence\nr\u00e9gionale de  sant\u00e9  Ile-de-France  au  Directeur  de  la d\u00e9l\u00e9gation  d\u00e9partementale  des  HAUTS\nDE-SEINE  en  date  du  \u00e0  novembre  2024  ;\nVU  le Contrat  Pluriannuel d'Objectfset  de  Moyens  conelu  le 20  f\u00e9vrier 2025  prenant effet au\n1 janvier  2025  ;\nDECIDE\nAAnicle 1\"  A compter  du  1\"  janvier 2025,  au  tte  de 2025,  la dottion  globalis\u00e9e commune  des\n\u00e9tablissements  et services  m\u00e9dico-sociaux  financ\u00e9s  par  l'Assurance  Maladie,  g\u00e9r\u00e9s\npar l'entit\u00e9 d\u00e9nomm\u00e9e  ASSOCIATION  NOTRE-DAME  (920690229), a \u00e9t\u00e9 fix\u00e9e \u00e0.\n14 001  838,40  \u20ac, dont  0,00 \u20ac de  cr\u00e9dits non  reconductibles vers\u00e9s en  une  seule fois.\n\nElle  se  r\u00e9partit de  la mani\u00e8re  suivante,  les prix  de  journ\u00e9e  \u00e0 compter  du  1\u00b0  janvier\n2025  \u00e9tant  \u00e9galement  mentionn\u00e9s,\n= Personnes  handicap\u00e9es:  14 001  838,40 \u20ac  (dont  14  001  838,40 \u20ac  imputables  \u00e0\nl'assurance  maladie)\novations (en \u20ac)\nNT si EXT |  PR [Aut | Au? | Aus | SsiAD\n224116987 | 4491 090.93, 0.00 00 | 090 | 090 | 00 | 00\nMAS PRINCESSE | 483851320 | 636 156.62 000 000 | 000 | 000 | 000 | 000\nMATHILDE.\n'920812577\nSESSAD MICHEL 0.00 000 179490818 | 000 | 000 | 000 | 000 | 000\nARTHUIS\nix  de  Jour\u00e9e (en  \u00a9)\nFINESS NT si EXT [PR [auci | Aw? [aus | SSIAD\n920040607\nTEM MICHEL 58046 36207 0.00 000 | 000 | 000 | 000 | 000\nARTHUIS\n920804595\nMAS PRINCESSE | 33466 204.88 0.00 000 | 000 | 000 | 000 | 000\nMATHILDE.\n320812577\nSESSAD MICHEL, 000 0.00 16739 |  000 | oo | oo | oo | 000\nARTHUIS\nPour  2025,  ta fraction forfaitaire mensuelle,  pour  le secteur personnes  handicap\u00e9es,  s'\u00e9tablit \u00e0\n1 166  819,87 \u20ac (dont 1 166 819,87  \u20ac imputables \u00e0 l'Assurance  Maladie)\nAnicle 2  A  compter  du  1\"  janvier  2026,  en  application  de  l'article L.314-7  du  CASF,  la\ndotation globalis\u00e9e commune  s'\u00e9l\u00e8ve,\u00e0 tire transitoire,\u00e0 14 001  838,40  \u20ac.\nElle se r\u00e9partit de la mani\u00e8re  suivante, les prix de journ\u00e9e  de  reconduction  \u00e9tant\n\u00e9galement  mentionn\u00e9s\n= Personnes  handicap\u00e9e : 14  001  38,40\u20ac (dont  14  001  838,40 \u20ac  imputables &\nl'Assurance  Maladie)\novations (en  \u20ac)\nFINESS Nt a EXT | PR | Amt | Aw? | Au  | SSIAD\n52000607\nIEMMICHEL  |  22411647  |  449100095  000  000  |  000  |  00  |  000  |  000\nARTHUIS\n'320804398\nMAS PRINCESSE | 483851320 | 636 156.2 000 0.00 | 000 | 090 | 000 | 000\nMATHILDE\n920812377\nSESSAD MICHEL 0.00 000 179490818 | 000 | 000 | 000 | 000 | 000\nARTHUIS\n\nPri  de  lure a6)\nFINESS INT si EXT PER | Awt | Aw? | Aw  | SSIAD\n'00t0607\nJEM MICHEL 580.46 36207 000 00 | 00 | oo | om | ooo\nARTHUIS\n320808598\nMAS PRINCESSE | 33466 204.88 0.00 000 | 000 | 000 | 0.00 | 000\n'MATHILDE.\n920812377\nSESSAD MICHEL 0.00 000 169 |  000 | 000 | 000 | oo | 000\n\"ARTHUIS.\nPour  2026, la fiaction fofataire  mensuelle,  pour  le secteur personnes  handicap\u00e9es,  s'\u00e9tablit \u00e0\n1 16681987 \u20ac (dont  1 166  819,87  \u20ac  imputabes \u00e0 l'Assurance  Maladie).\n'Amtcle3  Les  recours  contentieux  dirig\u00e9s  contre  la pr\u00e9sente  d\u00e9cision  doivent  \u00eatre port\u00e9s  devant\nle Tribunal  administratif de  Versailles, 56  avenue  de  Saint-Cloud,  78000  Versailles\ndans  un  d\u00e9lai de  deux  mois  \u00e0 compter  de  sa publication ou, pour  les personnes\nauxquelles  elle sera notifie, \u00e0 compter  de  sa notification. Le  tribunal administratif\npeut  \u00eatre saisi par l'application \u00ab T\u00e9l\u00e9recours  citoyens \u00bb accessible par le site\nnu  telerecoursf\nAnicle  4 La  pr\u00e9sente d\u00e9cision era  publi\u00e9e au recueil des acts  administra\nArticle  Le  Directeur G\u00e9n\u00e9ral  de  I'ARS Ile-de-France est charg\u00e9  de  l'ex\u00e9eution de  a pr\u00e9sente\nd\u00e9cision  qui sera notifi\u00e9e \u00e0 l'entit\u00e9 gestionnaire (ASSOCIATION  NOTRE-DAME\n1920690229) et aux  structures  concern\u00e9es.\nFait  Nanterre,  le 03  juillet 2025\nLe  Directeur  dela  D\u00e9l\u00e9gation  d\u00e9pare\nde  l'Agence  r\u00e9gionale de  sant\u00e9I\ndes  Hauts-de-Seine\n\nR\u00c9PUBLIQUE\nFRAN\u00c7AISE ar\n| Sens\nDECISION  TARIFAIRE  N\u00b014855  PORTANT  FIXATION\nDE  LA  DOTATION  GLOBALE  DE  FINANCEMENT  POUR  2025\nDE  L'ESAT  LES  ATELIERS  DE  LA  GARENNE  - 920814738,\nLe  Directeur  G\u00e9n\u00e9ral de  'ARS  Ile-de-France\nvu\nvu\nvu\nvu\nvu\nvu\nvu\nLe Code de l'Action  Sociale et des Familles;\nle Code  dela  S\u00e9curit\u00e9  Sociale;\nLa loi n\u00b0  2025-199  du  28  f\u00e9vrier  2025  de  financement  de  la S\u00e9curit\u00e9  Sociale  pour  2025\npubli\u00e9e au Journal Officel du 28 f\u00e9vrier 2025  ;\nVae\u00e9t\u00e9  minist\u00e9riel  du  02  juin  2025  publi\u00e9  au  Joural  Officiel  du  06  juin  2025  pris en\napplication  de  Varticle  L314-3  du  Code  de  l'Action  Sociale et des  Familles  fixant, pour\nann\u00e9e  2025  l'objectif  global  de  d\u00e9penses  d'assurance  maladie  et le montant  total de\nd\u00e9penses  pour  les \u00e9tablissements et  services relevant  de  la Caisse  nationale  de  solidarit\u00e9\npour l'autonomie;\nla d\u00e9cision  du  02  juin  2025  publi\u00e9e  au  Journal  Officiel  du  06  juin  2025  relative aux\n'dotations  r\u00e9gionales  limiatives  2025  et \u00e0 la moyenne  nationale  des  besoins  en  soins  requis\n2025;\nle d\u00e9cret  du  10  avril 2024  portant  nomination  de  Monsieur  ROBIN  Denis  en  qualit\u00e9  de\nDirecteur  G\u00e9n\u00e9ral  de  l'agence  r\u00e9gionale  de  sant\u00e9  \u00cele-de-France;\nl'ar\u00e8t\u00e9  n\u00b0119-2024  portant  d\u00e9l\u00e9gation  de  signature  du  Directeur  G\u00e9n\u00e9ral  de  l'Agence\nr\u00e9gional  de  sant\u00e9  Ile-de-France  au  Directeur  de  la d\u00e9l\u00e9gation  d\u00e9partementale  des  HAUTS.\nDE-SEINE  en  date  du  4  novembre  2024 ;\nl'autorisation  ou  Le renouvellement  d'autorisation en  date  du  03  janvier  2017  de  la structure\nEtablissement  et Service  d'Aide  par  le Travail  (ES.AT.)  d\u00e9nomm\u00e9e  ESAT  LES\nATELIERS  DE  LA  GARENNE  (920814738)  sise 85 RUE  VEUVE  LACROIX  92000\nNanterre  et g\u00e9r\u00e9e  par  l'entit\u00e9 d\u00e9nomm\u00e9e  ASSOCIATION  AURORE  (750719361) ;\n{Consid\u00e9rant  1a transmission  des  propositions  budg\u00e9taires  et de  ses  annexes  en  date  du  31  octobre\n2024  par  la personne  ayant  qualit\u00e9  pour  repr\u00e9senter  la structure  d\u00e9nomm\u00e9e  ESAT.\nLES  ATELIERS  DE  LA  GARENNE  (920814738)  pour  2025  ;\n'Consid\u00e9rant  les propositions  de  modifications  budg\u00e9taires  transmises  par courier  en  date  du  08\njuillet 2025  par VARS  D\u00e9l\u00e9gation d\u00e9partementale des Hauts-de-Seine ;\n(Consid\u00e9rant  absence  de  r\u00e9ponse  de  la structure;\nCConsid\u00e9rant  la d\u00e9cision  d'autorisation  budg\u00e9taie  finale en  date  du  15 juillet 2025;\n\nif\nAile  1\nArticle  2\nArticle  3\nActe  4\nAnicleS\nDECIDE\nAA compter  du  1  janvier  2025,  au  ire  de  2025,  la dotation  globale  de  financement\nes  fix\u00e9e  \u00e0 490  51,91  \u20ac, dot  0,00  de  cr\u00e9dits non  reconduetbles  vers\u00e9  en  une  seule\nfois.\nPour  2025,  la fraction forfaitaire mensuelle  s'\u00e9tablit \u00e0 40 879,33 \u20ac.\nLe  prix  de  journ\u00e9e  est de  69,49 \u20ac.\n'A  compter  du  1 janvier  2026,  en  application de  Particle L.314-7  du  CASF,  les tarifs\nde  reconduction  sont  fix\u00e9s, tite  transioire,  \u00e0\n'\u00a9 Dotation  globale  de financement 2026  : 461  523,77 \u20ac\ndouzi\u00e8me  applicable s'\u00e9levant\u00e0 38 460,31 \u20ac)\n'+ Prix  de  journ\u00e9e  de  reconduction:  65,38  \u20ac\nLes  recours  contentieux  dirig\u00e9s  contre  la pr\u00e9sente  d\u00e9cision  doivent  \u00eatre port\u00e9s  devant\nle Tribunal  administratif de  Versailles,  $6  avenue  de  Saint-Cloud,  78000  Versailles\ndans  un  d\u00e9lai  de  deux  mois  \u00e0  compter  de  sa  publication  ou,  pour  les personnes\nauxquelles  elle sera  not\u00e9e, \u00e0  compter  de  sa  notification. Le  tribunal  administratif\npeut  \u00eatre sais  par  l'application  \u00ab  T\u00e9l\u00e9recours  citoyens  \u00bb accessible  par  le site\n'wow  telerecours  fr\nLa  pr\u00e9sente  d\u00e9cision  sera  publi\u00e9e  au  recueil  des  actes  administratifs\nLe  Directeur  G\u00e9n\u00e9ral de  'ARS  Ile-de-France est charg\u00e9 de  l'ex\u00e9cution de a  pr\u00e9sente\nd\u00e9cision  qui  sera  notifi\u00e9e  \u00e0 l'emt\u00e9  gestionnaire  ASSOCIATION  AURORE\n(750719361)  et \u00e0 l'\u00e9tablissement concern\u00e9.\nFait \u00e0 Nanterre, le 15 juillet 2025\nle Directeur de  la d\u00e9l\u00e9gation  D\u00e9partementale  des  Hat de  Seine\nde  Agence  r\u00e9gionale  de  sant\u00e9 \u00cele-de-France\n'Agence  R\u00e9gionale  de  Sant\u00e9 le-de-France\nLa directrice  ajoime de\nDilton  d\u00e9partements ds  Hats  Sine\nV\u00e9ronigdd OUGAY\n\nRepusuique\nFRANCAISE\nDECISION  TARIFAIRE  N\u00b015146  PORTANT  FIXATION  DU\nPRIX  DE  JOURNEE  POUR  2025  DE.\nMAS  HOPITAL  NORD  VILLENEUVE  92  - 920017258\nLe  Directeur  G\u00e9n\u00e9ral  de  VARS  Ile-de-France\nVU  leCodede  l'Action Social et  des  Familles  ;\nVU  le Code  dela  S\u00e9curit\u00e9 Soc\nVU  la loi n\u00b0  2025-199  du  28  f\u00e9vrier 2025  de  financement  de  la S\u00e9curit\u00e9  Sociale  pour  2025\npubli\u00e9e  au Journal Officel  du  28  f\u00e9vrier 2025  ;\nVU  lar\u00eat\u00e9  minist\u00e9riel  du  02  juin  2025  publi\u00e9  au  Journal  Ofiiel  du  06  juin  2025  pris  en\npplication de  Particle L314-3  du  Code  de  l'Action Sociale et des Fails  fixant, pour\nl'ann\u00e9e  2025  l'objectif global  de  d\u00e9penses  d'assurance  maladie  et le montant  total de\nd\u00e9penses  pour  les \u00e9tablissements  et services  relevant  de  la Caisse  nationale  de  solidarit\u00e9\npour  l'autonomie ;\nVU  la d\u00e9cision  du  02 juin  2025  publi\u00e9e  au  Journal  Officiel  du  06  juin  2025  relative aux\ndotations  r\u00e9gionales  limiaives  2025  et \u00e0 la moyenne  nationale  des  besoin  en  soins  requis\n2025;\nVU  le d\u00e9cret  du  10  avril 2024  portant  nomination  de  Monsieur  ROBIN  Denis  en  qualit\u00e9  de\nDirecteur  G\u00e9n\u00e9ral  de  l'agence  r\u00e9gionale  de  sant\u00e9  lle-de-France ;\nVU  l'ar\u00eat\u00e9  n\u00b0119-2024  portant  d\u00e9l\u00e9gtion  de  signature  du  Directeur  G\u00e9n\u00e9ral  de  l'Agence\nr\u00e9gionale  de sant\u00e9  Ile-de-France  au  Directeur  dela d\u00e9l\u00e9gation  d\u00e9partementale des  HAUTS-\nDE-SEINE  en  date  du  4 novembre  2024\nVU  l'autorisation  ou  le renouvellement  d'autorisation  en  date  du  29  juin  2007  de  Ia structure\nMaison  d'Accueil  Sp\u00e9cialis\u00e9e  (MAS)  d\u00e9nomm\u00e9e  MAS  HOPITAL.  NORD\nVILLENEUVE  92  (920017258)  sise 75  AVENUE  DE  VERDUN  92390  Villeneuve-a-\nGarenne  et g\u00e9r\u00e9e  par  Ventit\u00e9  d\u00e9nomm\u00e9e  ASSOCIATION  HOPITAL  NORD  92\n(620810330);\nDECIDE\nAnicle  1* A  compter  du  1*  juillet 2025, pour  2025,  les recettes et les d\u00e9penses  pr\u00e9visionnelle\ne  a  structure  sont  autoris\u00e9s  comme  suit\nSROUPES FONCTIONNI MONTANTS\nsi se EN EUROS\n'Groupe\nD\u00e9penses aff\u00e9rentes\u00e0 exploitation courante 1 168 36676\u20ac\n= dont  CNR  aio\nDereNses  |  Groupe  It\nD\u00e9penses aff\u00e9rentes au personnel 4199 770,186\n= dont CNR a\nGroupe IL TE? w2565\n\nD\u00e9penses  aff\u00e9rentes  fla  eue\ndont  CNR.  ia\n[Reprise  de  d\u00e9fis  2\nTOTAL  D\u00e9penses  |__  6720  96357\nGroupe\nProduitsde a tarification 6 182 148,32\n= dont  CNR.  iw\nGroupe  It\nRecerres | Autres produit relatifs \u00e0 exploitation 416 153.3\n'Groupe  II\nProduits financiers et produits non encaissables, 103 26730\nReprise  d'exc\u00e9dents  TRE\nTOTAL  Recetes|__ 6720  963,57\nD\u00e9penses  exclues  du  tri:  0,00 \u20ac\nAmtcle2  Pour  2025,  la tarification des  prestations  de  la structure  d\u00e9nomm\u00e9e  MAS  HOPITAL\nNORD  VILLENEUVE  92  (920017258)  est fix\u00e9e  comme  sui,  \u00e0  compter  du  1  j let\noi\nAmtcle3  \u00c0  compte  du  1  janvier  2026,  en  application  de  l'article L.314-7  du  CASF,  les tarifs\nde  reconduction, \u00e0 transitoire, sont  Les suivants\nMod  [  mr  [semenr]  ext  vee  |  aurs  |  aur2  |  aurs\n\u00e9me  | 32934 | 000 0.00 0.00 0.00 0.00 0,00\nAntcle4  Les  recours  contentieux  dirig\u00e9s  contre  la pr\u00e9sente  d\u00e9cision  doivent  tr  port\u00e9s  devant\nTe Tribunal  administratif de Versailles,  56  avenue  de  Saint-Cloud,  78000  Versailles\ndans  un  d\u00e9lai de  deux  mois  \u00e0 compter  de  sa publication ou, pour  les personnes\nauxquelles  elle sera  notifi\u00e9e, \u00e0  compter  de  sa  notification. Le  tribunal  administratif\npeut  \u00e9tre saisi par  l'application  \u00ab  T\u00e9l\u00e9recours  citoyens  \u00bb accessible  par  le site\ntelerecours  fr\nArticle  La  pr\u00e9sente  d\u00e9cision  era  publi\u00e9e  au  recueil des  actes  administratifs.\nFait \u00e0  Nanterre,  le 22  juillet 2025\nLe  Dir de l\u00e9gion  D\u00e9partement es Hate  San\nAE  Age  lo  an  ede  Pan\nagence Rial  dant  ede  race\n=  La directrice adjointe de la\nsn  hu See\npurr\n\nDECISION  TARIFAIRE  N\u00b015171  PORTANT  FIXATION\nDU  PRIX  DE  JOURNEE  POUR  2025  DE\n[CMP  PRADIER  - 920680121\nLe  Directeur  G\u00e9n\u00e9ral  de  l'ARS  Ile-de-France\nVU  le Code  de l'Action  Social et  des  Familles  ;\nVU  le Code  de  a  S\u00e9curit\u00e9  Sociale\nVU  ta li  n\u00b0  2025-199  du  28  f\u00e9vrier  2025  de  financement  de  la S\u00e9curit\u00e9  Sociale  pour  2025\npublie au Journal Officel du 2  f\u00e9vrier 2025;\nVU  arr\u00e9t\u00e9  minist\u00e9riel  du  02  juin 2025  publi\u00e9  au  Journal  Officiel  du  06  juin  2025  pris en\nplication de Particle L314-3  du  Code  de I'Action Sociale et des Familles fixant, pour\n'ann\u00e9e 2025  l'objectif global de  d\u00e9penses  d'assurance  maladie  et le montant  total de\nd\u00e9penses  pour  les \u00e9tablissements  et services  relevant  de  la Caisse  nationale  de  solidart\u00e9\npour l'autonomie;\nVU  la d\u00e9cision  du 02 juin  2025  publi\u00e9e au  Journal  Officiel du  06  juin  2025  relative aux\n'dotations r\u00e9gionales lim\u00e4atives 2025 et la moyenne  nationale des besoins en  soins requis\n2025;\nVU  Ie d\u00e9cret du  10  avril 2024  portant nomination  de  Monsieur  ROBIN  Denis  en  qualit\u00e9 de\nDirecteur  G\u00e9n\u00e9ral  de  l'agence  r\u00e9gionale  de  sant\u00e9  Ile-de-France  ;\nVU  l'am\u00eat\u00e9 n\u00b0119-2024  portant d\u00e9l\u00e9gation de  signature du  Directeur G\u00e9n\u00e9ral  de  l'Agence\nr\u00e9gionale  de  sant\u00e9  Ile-de-France  au  Directeur de la d\u00e9l\u00e9gation  d\u00e9partementale  des  HAUTS.\nDE-SEINE en  date  du  4 novembre 2024  ;\nvu trisation  ou  le renouvellement  d'autorisation en  date  du  03  janvier  2017  de  la\nstructure  Centre  M\u00e9dico-Psycho-P\u00e9dagogique  (CM.P.P.)  d\u00e9nomm\u00e9e  CMPP  PRADIER\n(920680121) sise 26 RUE  PRADIER  92410  Ville-d'Avray et g\u00e9r\u00e9e par l'entit\u00e9 d\u00e9nomm\u00e9e\nCTRE  INTERVENTION  DYN  EDUCATIVE  (920718053)  ;\nDECIDE\nAntcle  1\" \u00c0 compter  du  ler juillet 2025,  pour  2025,  les recettes et les d\u00e9penses  pr\u00e9visi\nde  a  structure  sont  autoris\u00e9es comme  suit\n'MONTANTS\n{GROUPES  FONCTIONNELS  rE\n\"Groupe \"un\nD\u00e9penses aff\u00e9rentes \u00e0 exploitation courante 1392786\n= dont  CNR  im\nGroupe  It\nDEFENSES | D\u00e9penses aff\u00e9rentes aupersonnel 428.854,72\n= dont  CNR  im\nGroupe  II\nD\u00e9penses af\u00e9enes \u00e0 a structure 226242\n\ndont CNR 0.0\nReprise  de  d\u00e9s  0,00\nTOTAL  D\u00e9penses|  465  305,00\n'Groupe\nProduitsde Le tarification 152050\ndont  CNR.  I\nGroupe  IT as\nReceTTES  |  Autres  produit  relatif & l'exploitation 2\nGroupe  IMT me]\nProduits  financiers et produits  non  encaisables  '\nReprise  d'exc\u00e9dents  Goo\nTOTAL  Reveties| 165  305,00\nD\u00e9penses  exclues du  tarif: 0,00 \u20ac\nAve 2  Pour  205,  ition  ds  rss  de bte  d\u00e9nomm\u00e9e  CPP  PRADIER\n(S001)  de  mme  compre 2025\nRae  |r  [sewer] exr |  re  |  avr.  |  avn  |  avns\nFs\u00e9ejoumt  | 000 |  ooo |  ooo |  om  |  160  |  apo |  ooo\nAri  \u00c0  compe  d \"janie  206,  en pain  de ace  147d  CASE,  iif\ndered, re  tran,  ate  et\nNessie [or [em]  ext |  mm  |  aura  |  ata  |  avrs\nFixseiowns |  om  |  ooo |  ow  |  a0  |  ie  |  ow  |  a0o\nAe  Les  recu conten  icon  la prs  cn  dent  re  ponds  devant\nRat  sina de  Vale  ae  de  Silo,  1000  Vion\ndouse  id  deux  ce  compe  ex  pletion  o\u00f9  pour  es  pnce\nles  ee  wa  nin,  \u00e0 compe  ew  eso,  Le  na  aise\nFor  tee  tid  pr  Pine  \u00e0  Tee  ches\u00bb  eae  per  Fe\nDates\nio  \"apoio  ii  ono  dans  ia\nota Nar, 23  jul  2025\n( ecran  Deparment des Hate Seine\nl'Agence  \u00e9gal  de  sant\u00e9  ede  France\n'Agence R\u00e9gionale de Sant\u00e9 le-de-Fronce\nLa  directrice jaime  dela\nD\u00e9\u00e9guiond\u00e9arementae des Hausde Seine\n(eo\n\\ronigu  DUGAY\n\nme AL\nne\nDECISION  TARIFAIRE  N\u00b015642  PORTANT  FIXATION  DU  PRIX  DE  JOURNEE  GLOBALISE\nPOUR  2025  DE\nIME  AGIR  ET  VIVRE  L  AUTISME  SURESNES  - 920026168\nLe  Directeur  G\u00e9n\u00e9ral  de  TARS  Ile-de-France\nVU  |  le Code  de  l'Action  Social  et des  Familles ;\nVU  le Code  de  a  S\u00e9curit\u00e9  Sociale;\nVU  oi  n\u00b0  2025-199  du  28/02/2025  de  financement de  la S\u00e9curit\u00e9  Sociale  pour  2025  publi\u00e9e  au\nJournal  Ofiie  du  28/02/2025  ;\nVU  |  l'ar\u00eat\u00e9  minist\u00e9riel  du  02/06/2025  publi\u00e9  au Journal  Officiel  du  06/06/2025  pris  en application\nde  l'aicle  L314-3  du  Code  de  l'Action  Sociale  et des  Familles  fixant, pour  l'ann\u00e9e  2025,\nobject  global de  d\u00e9penses  d'assurance  maladie  et le montant  total de  d\u00e9penses  pour  les\n\"tblissement  et services  relevant  dela Caisse  nationale  de  solidarit\u00e9  pour  autonomie\n'VU  la d\u00e9cision du  0206/2025  publi\u00e9e au Journal Officiel du  06/06/2025  relative aux  dotations\nr\u00e9gionales  limitatives  2025  et \u00e0 la moyenne  nationale des besoins  en soins  requis  2025  ;\nVU  le d\u00e9cret du  10 avril 2024  portant nomination  de  Monsieur  Denis  ROBIN  en  qualit\u00e9 de\nDirecteur  G\u00e9n\u00e9ral  de  l'Agence  r\u00e9gionale  de  sant\u00e9  Ile-de-France ;\nVU  la d\u00e9cision de  d\u00e9l\u00e9gation de  signature du  Directeur G\u00e9n\u00e9ral  de  l'ARS  vers le Directeur dela\nD\u00e9l\u00e9gation  d\u00e9partementale  des  HAUTS-DE-SEINE en  date  du  04/11/2028  ;\nVU  l'autorisationou  le renouvellement  d'autorisation en te  du  12/01/2010 dela  struture  Institut\nM\u00e9dico-Fducatf  (LME)  d\u00e9nomm\u00e9e  IME  AGIR  ET  VIVRE  L  AUTISME  SURESNES\n(920026168)  sise 1 AV  GUSTAVE  STRESEMANN  92150  Suresnes et g\u00e9r\u00e9e par l'entit\u00e9\nd\u00e9nomm\u00e9e  ASSOCIATION  AGIR  ET  VIVRE  L  AUTISME  (750062234);\n(Consid\u00e9rant  la transmission  des  propositions  budg\u00e9taires  et de  ses  annexes  en  date  du  28/10/2024\nparla  personne  ayant  qualit\u00e9  pour  repr\u00e9senter  a  structure  d\u00e9nomm\u00e9e  IME  AGIR  ET\n'VIVRE  L  AUTISME  SURESNES  (920026168)  pour  2025  ;\n\"Consid\u00e9rant les propositions de  modifications budg\u00e9taires transmises  par couriel  en date du\n1107/2025,  par la D\u00e9l\u00e9gation  d\u00e9partementale  des  Hauts-de-Seine;\n(Consid\u00e9rant  1a r\u00e9ponse  \u00e0 la proc\u00e9dure  contradictoire  en date du  18/07/2025 ;\n{Consid\u00e9rant  ta d\u00e9cision  d'autorisation  budg\u00e9taire  finale en  date  du  29/07/2025  ;\nArticle 1\"  A. compter  du  01/01/2025,  au tire  de  2025,  la dotation globalis\u00e9e  est fix\u00e9e \u00e0\n1 990  407,98  \u20ac dont  0,00 \u20ac de er\u00e9its  non  reconduetibles vers\u00e9s en  une  seule fois.\n\nLes  recettes et les d\u00e9penses  pr\u00e9visionnels de  la structure  sont autoris\u00e9es  comme  suit\nSS  SON\nie  awe\nses  ats  Pini  comme\nPear  a\ner  jes\nSr  ai  cc\nfirme;  om\nFa  Re\nSn  ce\npe\nte  Es\nne\nGet\nProduitsde la tarification sh\nET  su\nae  a\nmers  [Se  ts  api\nEen  Ta\nrs  nn  can oc\nnr  =\nee\nAntcle2\nAnicle3\nArticle 4\nD\u00e9penses  exclues du tarif: $ 166,02\u20ac\nPour  2025,  Ia fraction forfaitaire mensuelle  s'\u00e9tablit \u00e0 165 867,33  \u20ac. Soit un  prix de\njourn\u00e9e  globalis\u00e9 de 236,95  \u20ac\n'A compter  du  01/01/2026,  en  application de  l'ariele L.314-7  du  CASF,  les tarifs de\nreconduction  sont  fix\u00e9s, tte  transitoire, \u00e0\n+ dotation  globalis\u00e9e 2026  :  1 990  463,98 \u20ac (douzi\u00e8me  applicable  s'\u00e9levant  \u00e0\n165  872,00  \u20ac)\n+ prix de  journ\u00e9e de  reconduction de 236,96  \u20ac\nLes recours contentieux dirig\u00e9s contre Ia pr\u00e9sente d\u00e9cision doivent \u00eatre port\u00e9s devant  le\n'Tribunal administratif de  Versailles, 56  avenue  de  Saint-Cloud, 78000  Versailles dans\nun  d\u00e9li  de  deux  mois \u00e0 compter de  sa  publication  ou,  pour  Les personnes  auxquelles  ele\nsera notifi\u00e9e, \u00e0 compter  de  sa notification. Le  tribunal administratif peut \u00eatre saisi par\napplication  \u00ab  T\u00e9l\u00e9recours  citoyens  \u00bb  accessible  par  Le site www  telerecous  fr\nLa  pr\u00e9sente d\u00e9cision sera publie  au  recueil des  actes administratif.\n\nAmicle  $ Le  Directeur  G\u00e9n\u00e9ral  de  'ARS  Ile-de-France  est charg\u00e9  de  l'ex\u00e9ution  dela  pr\u00e9sente\nd\u00e9cision  qu  sera  notifi\u00e9  \u00e0  l'entit\u00e9 gestionnaire  ASSOCIATION  AGIR  ET  VIVRE  L\n'AUTISME  (750062234) et \u00e0  l'\u00e9tablissement  concern\u00e9.\nFait Nanterre,  Le 29  juillet 2025\nenr deb tno  paren\naus de  Seine\nder'Agence  ional  de  sans\nIle-de-France\nAgence  R\u00e9gionale  de  Sant\u00e9  le-de-France\nLa  diveewiceasjointe  de\nDean  d\u00e9arementae  des  Hauts de  Sine\nRenaud  PELLE  e\nVeronigle ouGay\n\n\nDECISION  TARIFAIRE  N\u00b01$812  PORTANT  FIXATION  DU  PRIX  DE  JOURNEE  POUR  2025  DE\n(CMP  GALLIENI  -920680063\nLe  Directeur  G\u00e9n\u00e9ral de  \"ARS  Ile-de-France\nVU  leCode  de  l'Action  Sociale  et des  Familles  ;\nVU  le Code de a  S\u00e9curit\u00e9  Sociale;\nVU  I loi n\u00b0  2025-199  du  28  f\u00e9vrier 2025  de  financement  de  la S\u00e9curit\u00e9  Sociale  pour  2025\npubli\u00e9e au Journal Oficil du 28022025  ;\nVU  arr  minist\u00e9riet  du  02/06/2025  publi\u00e9 au Journal  Offciel  du  06/06/2025  pris en\napplication  de  article L314-3  du  Code  de  l'Action  Sociale  et des  Familles  fixant, pour\nl'ann\u00e9e  2025  l'objectif global  de  d\u00e9penses  d'assurance  maladie  et le montant  total de\n'd\u00e9penses  pour  es  \u00e9tablissements et services  relevant dela  Caisse  national de  solidarit\u00e9 pour\nl'autonomie ;\nVU  la d\u00e9cision  du  02/06/2025  publi\u00e9e au  Journal  Oil  du  0606/202  relative aux dotations\nr\u00e9gionales  limitaties  2025  et \u00e0  a  moyenne  nationale des besoins  en  soins  requis  202  ;\nVU  le d\u00e9cret  du  10  Avril  2024  portant  nomination  de  Monsieur  ROBIN  Denis  en  qualit\u00e9  de\nDirecteur  G\u00e9n\u00e9ral  de  l'agence  r\u00e9gionale  de  sant\u00e9  Ile-de-France;\nVU  l'am\u00e8t\u00e9  n\u00b0119-2024  portant  d\u00e9l\u00e9gation  de  signature  du  Directeur  G\u00e9n\u00e9ral  de  l'Agence\nr\u00e9gional  de  sant\u00e9  le-de-France  au  Directeur de a  d\u00e9l\u00e9gation  d\u00e9partementale  des  HAUTS-\nIDE-SEINE  en  date  du  4  novembre  2024  ;\nVU  l'autorisation  ou  le renouvellement  d'autorisation  en  date  du  03/01/2017  de  I  structure\nCentre  M\u00e9dico-Psycho-P\u00e9dagogique  (CMPP)  d\u00e9nomm\u00e9e  CMPP  GALLIENI\n(920680063) sise 25  R GALLIENI  92500  Rueil-Malmaison et g\u00e9r\u00e9  par l'entit\u00e9 d\u00e9nomm\u00e9e\nASSOCIATION  JEU-DI  (920718244)  ;\n\nAce 1  Acomptru01082025, pou 22,  estes  ts  pense  pve  de\npie  nis\naSS  Lou\namet ses\nRE  at  gb  rte\npe\nrowel\nmous  PER\nPes  eae\ncae  oo\nigri vs  de\nTOTAL  Dens  \u2014  3\nGouget\nProduits de la tarification Lace ii\nee  90\nFi  0\npuces  |e  ped  mie  rai\nGrape 5\nats  tances  pois  an  ens\nates  Tama\nTOTAL  esta]  \u2014\u00a5  et\nDien  xs  di  000\nAce 2 You  22,  trifeion  ds  prions  de  at  \u00e9rom\u00e9e  CMP  GALLIENT\nAG  M cn  np  1082038\nRARE  Jr  [ser]  ext |  ome |  avr  |  are  |  ans\nPdejoume  | no  |  uw  |  ooo |  om  |  su  |  ooo |  ax\nAile 3 \u00c0  comps  juni  2026  en plication  de re  314-7  CAF,  st\nSade tre  tanh,  at  sen\nMoai  [nr [semen] ext |  pe  |  avr  |  are  |  ans\ndune  [ooo |  ow  |  ow  |  ow  |  15537 |  oo  |  om\n\nAAnicle  4  Les  recours  contentieux  dirig\u00e9s  contre  la pr\u00e9sente  d\u00e9cision  doivent \u00eatre  port\u00e9s  devant\nle Tribunal Administratif sis 1 Place du  Palais Royal  75100  PARIS  dans  un  d\u00e9lai de\n'deux  mois  \u00e0  compter  de  sa  publication  ou,  pour  les personnes  auxquelles  elle sera\nnotifi\u00e9e, \u00e0 compter  de  sa notification. Le  tribunal  administratif  peut  \u00e9re  sais  par\napplication  \u00ab T\u00e9l\u00e9recours  citoyens \u00bb accessible parle  site www.elerecours\nAntcle  S La  pr\u00e9sente  d\u00e9cision  sera  publie  recueil  des  actes  administratifs\nFait  Nanterre,  le 29  juillet 2025\nLe  Directeur  de  tion D\u00e9partementale  des  Hauts-de-Seine\ny )\nRenaud  PELLE,\n\n5\nachat\niw\na\nDECISION  TARIFAIRE  N\u00b016266  PORTANT  FIXATION  DE  LA  DOTATION  GLOBALE  DE.\nFINANCEMENT  POUR  2025  DE.\nSESSAD SUD  - 920007739\nLe  Directeur  G\u00e9n\u00e9ral  de  ARS  Ile-de-France\nvu\nvu\nvu\nvu\nvu\nvu\nvw\nvu\nle Code  de  l'Action Sociale et des Familles\nle Code  de  la S\u00e9curit\u00e9  Sociale;\na  loi n\u00b0  2025-199 du  28  f\u00e9vrier  2025  de  financement  de  la S\u00e9curit\u00e9  Sociale  pour  2025,\npubli\u00e9e au Journal Oil  du 28/02/2028 ;\nl'ar\u00e8t\u00e9  minist\u00e9riel du  02/06/2025  publi\u00e9  au  Journal  Officel  du  06/06/2025  pris en\napplication  de  l'aricle  L314-3  du  Code  de  l'Action  Sociale  et des  Familles  fixant, pour\nl'ann\u00e9e 2025  l'objectif global de  d\u00e9penses  d'assurance  maladie  et le montant  total de\nd\u00e9penses  pour  les \u00e9tablissements  et services  relevant  de  la Caisse nationale  de  solidarit\u00e9\npour l'autonomie\nLa d\u00e9cision du  02/06/2025  publi\u00e9e  au Journal  Officiel  du  06/06/2025  relative aux dotations\nr\u00e9gionales  imitatives  2025  et \u00e0 la moyenne  nationale  des  besoins  en  soins  requis  2025  ;\nLe d\u00e9cret  du  10  Avril  2024  portant  nomination  de  Monsieur  ROBIN  Denis en qualit\u00e9  de\nDirecteur  G\u00e9n\u00e9ral  de  agence  r\u00e9gional  de  sant\u00e9  le-de-France ;\nl'arr\u00eat\u00e9 n\u00b0119-2024  portant  d\u00e9l\u00e9gation  de  signature  du  Directeur  G\u00e9n\u00e9ral  de  l'Agence\nr\u00e9gionale de  sant\u00e9  le-de-France  au  Directeur de  la d\u00e9l\u00e9gation  d\u00e9partementale  des\nHAUTS-DE-SEINE  en  date  du 4  novembre  2024 ;\nl'autorisation  ou  le renouvellement  d'autorisation  en  date  du  30/10/2004  de  a  structure\nService d'Education Sp\u00e9ciale et de Soins \u00e0 Domicile d\u00e9nomm\u00e9e  SESSAD  SUD\n(620007739)  sis  2 AV  VICTOR  HUGO  92220  Bagneux  et g\u00e9r\u00e9e  par  l'entit\u00e9 d\u00e9nomm\u00e9e\nAIDES  AUX  ENFANTS  DIFFICULTE  A  E  D  1 (920001  179);\nConsid\u00e9rant  absence  de  r\u00e9ponse  de  la structure;\nAAricle  1  A  compter du  01/01/2025,  au  tire  de  2025,  la doution  globale  de  financement  est fix\u00e9e\n2922  131,15  \u20ac dont  0,00  de  er\u00e9its  non  reconduetibles  vers\u00e9s  en  une  seule  fo\n\nLes  recettes et les d\u00e9penses  pr\u00e9visioanlles  dela  structure sont autoris\u00e9es comme  suit\nHO\nGrocers roses  Los\nFree Too 19.12\nD\u00e9pression  courante\ndont CNR LI\nGroupe  OS\nD\u00e9s  frente  a pen\neressts  [:den  CN  Go\nGroupe i TS\nD\u00e9penses  amer\nEden CNR coReprise de A  LCI\nA\nGT\nols de afin  ms\ndis CNR GoGroupe 00\nrcerres  |  Astros aif  exploitation\n'Groupe it LC]\nProt  nancies  et rods  on  esses\nReprised exces om\nTOTAL  Rts]  PP  1118\nD\u00e9penses  exclues  du  tarif: 0,00  \u20ac\nPour  2025,  la fraction fofataire  mensuelle  s'\u00e9tablit \u00e0 76  84,26 \u20ac.\nLe  prix de journ\u00e9e  est de  73,19\u20ac.\nAAnicle2  A  compter  du  1\u00b0 janvier 2026,  en  application de  l'article L314-7  du  CASF,  les tarifs de\nreconduetion sont fix\u00e9s, \u00e0  ire  transitoire,\u00e0\n'+ dotaton  globale  de  financement  2026:\n922  131,15 \u20ac (douzi\u00e8me  applicable s'\u00e9levant \u00e0 76 844,26 \u20ac)\n+  prix  de  journ\u00e9e  de  reconduetion:  73,19\u20ac\nAnicle  3  Les  recours  contentieux  dirig\u00e9s  contre  Ia pr\u00e9sent  d\u00e9cision  doivent  \u00eatre port\u00e9s  devant  Le Tribunal\nAdministra sis  1, Place du  Palais Royal  75100  PARIS  dans un  d\u00e9lai de  deux  mois  \u00e0 comper  de\nsa publication ou, pour  es  personnes  auxquels  elle sera notifi\u00e9e, \u00e0 compter  de  sa  notification. Le\ntribunal  administratif peut  tre saisi par  application \u00ab T\u00e9l\u00e9recours  citoyens  \u00bb accessible par Le site\nsr  telerecours  Fr.\nAicle 4  La  pr\u00e9sent  d\u00e9cision  sera  publi\u00e9e  recueil  es  acts  administratifs\n\nAmtcle  5 Le  Ditecteur G\u00e9n\u00e9ral de I ARS  Ile-de-France est charg\u00e9  de  l'ex\u00e9eution de  la pr\u00e9sente d\u00e9cision qui\nsera notifi\u00e9e\u00e0 l'entit\u00e9 gestionnaire AIDES  AUX  ENFANTS  DIFFICULTE  A  E D  1 (920001179)\net  l'\u00e9tablissement  concern\u00e9.\nFait \u00e0  Nanterre,  Le 17 septembre  2025\n[Le  Dir  del dl\u00e9guion D\u00e9paremenate\n'Agence R\u00e9ginale de Sant\u00e9 lede-France\nL\u00e0  directrice  adjoint  dela\nD\u00e9l\u00e9gation d\u00e9partementale des  aus  de sine\nok\nMonde\n\na\nRruuque\nme  |  CD\nDECISION  TARIFAIRE  N\u00b018071  PORTANT  MODIFICATION  POUR  2025  DU  MONTANT  ET  DE  LA\nREPARTITION  DE  LA  DOTATION  GLOBALISEE  COMMUNE  PREVUE  AU\nCONTRAT  PLURIANNUEL  D'OBJECTIFS  ET  DE  MOYENS  DE\nASSOCIATION  AUXILIA  - 920718376\nPOUR  LES  ETABLISSEMENTS  ET  SERVICES  SUIVANTS\nEtablissement  et Service de R\u00e9adaptation  Professionnelle - ESRP  AUXILIA  - 920710019\nLe  Directeur G\u00e9n\u00e9ral  de  ARS  \u00cele-de-France\nVU.  le  Code  de l'Action  Sociale et  des  Familles;\nVU  le Code  dela  S\u00e9curit\u00e9  Sociale  ;\nVU  loi  n\u00b0 2025-199  du  28/02/2025  de  financement  dela  S\u00e9curit\u00e9 Sociale pour  2025  publi\u00e9e au\nJournal  Office!  du  28/02/2025  ;\nVU.  Mar\u00e9t\u00e9  minist\u00e9riel  du 02/06/2025  publi\u00e9  au Journal  Office  du  06/06/2025  pris  en application\nde  l'article L314-3  du  Code  de  l'Action Social  et des Familles  fixant, pour  l'ann\u00e9e 2025\nl'objectif global de  d\u00e9penses  assurance  maladie  et le montant  total de  d\u00e9penses  pour  les\n\u00e9tablissements  et services  relevant  de  la Caisse  nationale de solidarit\u00e9 pour  Fautonomie  ;\nVU  la d\u00e9cision du  02/06/2025  publi\u00e9e au  Journal Officiel du  06/06/2025  relative aux  dotations\nr\u00e9gionales  limitaives  2025  et \u00e0 la moyenne  nationale  des  besoins  en  soins  requis  2025\nVU  le d\u00e9cret du  10/04/2024  portant nomination  de  Monsieur  ROBIN  Denis  en  qualit\u00e9 de\nDirecteur  G\u00e9n\u00e9ral  de l'agence  r\u00e9gional de sant\u00e9  Ile-de-France ;\n'VU  la d\u00e9l\u00e9gation de signature du  Directeur G\u00e9n\u00e9ral  de  \"ARS  vers le Directeur de  la d\u00e9l\u00e9gation\nd\u00e9partementale  des  HAUTS-DE-SEINE  en  date  du  15/07/2025  ;\nVU  le Contrat Pluriannusl d'Objectifs et de  Moyens  conclu  le 29/12/2023  prenant effet au\novou2024 ;\nConsid\u00e9rant  ta d\u00e9cision  tarifaire initiale n\u00b0243 en  date  du  17  juin  2025 ;\nAAnicle \"A  compter  du  01/01/2025,  au  tte  de  2025,  la dotation globalis\u00e9e commune  des\n\u00e9tablissements et services m\u00e9dico-sociaux  financ\u00e9s par l'Assurance  Maladie, g\u00e9r\u00e9s par\nl'entit\u00e9 d\u00e9nomm\u00e9e  ASSOCIATION  AUXILIA  (920718376),  a t\u00e9  f\u00e9e  \u00e0\n12929  383,72  \u20ac, dont  0,00 \u20ac de  cr\u00e9dits non  reconductibles vers\u00e9 en une  seule fos.\nElle se r\u00e9partitde la mani\u00e8re  suivante, es  prix de journ\u00e9e  \u00e0 compter  de  01/01/2025\ntant  \u00e9galement  mentionn\u00e9s\n\npersonnes  handicap\u00e9es: 2929:383,72\u20ac (dont 2929 383,72  imputable \u00e0\n'assurance  maladie)\ner  x  es  Em\nPR  | ow  RS  ECC  | em  |  aw  |  om  |  am  |  am\nFaxon\nmer  x  a  eV\nmeee,  |  ew  |  ew  |  ms  [em |  ew  |  om  |  om  |  am\nPour  202,  la faction  forse  mensuelle,  pour  le secteur  personnes  handicap\u00e9s,  sabi  \u00e0\n24411531  \u20ac (dont  244  115,31  \u20ac  imputable \u00e0 Assurance  Maladie)\nAricle 2  A  Gomper  du 01/01/2026,  en  application  de  l'aile  1.3147  du  CASF,  la tation\nobalis\u00e9e  commune  seve,  tre  transite, \u00c0 2 878  759,12 \u20ac,  Elle se r\u00e9parti de\nmani\u00e8re  suivant,  les prix de  journ\u00e9e  de  reconduction  \u00e9lan  \u00e9galement  metinn\u00e9s\n= personnes  handicap\u00e9es  : 2  878  759,12  \u20ac\n(dont 2878  759,12 \u20ac imputable \u00e0 Assurance  Maladie)\nES\nmess we s er [om | me | mez [ous [sue\nsomone.  | om  |  om  sm]  ow  |  am  |  om  |  om  |  om\nFRE  RRR  ET\nmess wr 3 er form | at [ac | aw | suo\nsauna | 600 a  ma | oo as 000 00 a\nPour  2026,  la faction  forfaitaire mensuelle,  pour  le secteur  personnes  handicap\u00e9es,  s'\u00e9tl\n239  896,59 \u20ac (dont 239  896,59  \u20ac imputable  \u00e0 l'Assurance  Maladie)\nAnicle3\nAnicle  4\nLes  recours  contentieux  dirig\u00e9s contre I  pr\u00e9sente  d\u00e9cision  doivent  \u00eatre port\u00e9s  devant  le\ntribunal  administratif eritoralement comp\u00e9tent  tel que  pr\u00e9vu par l'articleR.  312-10-1\n'du  Code  de  justice administrative  dans  un  d\u00e9lai  de  deux  mois  \u00e0 compter  de  sa\npublication ou, pour les personnes auxquelles elle sera notifi\u00e9e, \u00e0 compter  de sa\nnotification. Le  tribunal administrati  peut \u00eatre saisi par l'application \u00ab T\u00e9l\u00e9recours\n'itoyens\u00bb  accessible  parle  site wow.telerecours\nion sera publi\u00e9e au  recueil des actes administratifs,La pr\u00e9sente\n\nAicle  Ss Le  Directeur G\u00e9n\u00e9ral  de  ARS  Ile-de-France est charg\u00e9  de  l'ex\u00e9cution de  la pr\u00e9sente\nd\u00e9cision  qui  sera  notifi\u00e9e \u00e0  Venti\u00e9  gesionnaire  (ASSOCIATION.  AUXILIA\n1920718376) et aux  structures  concern\u00e9es\nFait \u00e0  Nanterre,  le 02  d\u00e9cembre  2025\n0 Le  iter dea  ation  dares\n| estima Sine de Agnes pone\ndean  ed  Face\ner  cence  ee\nDUGAY\n\nt :se\nar\nPs\nitt\nDECISION  TARIFAIRE  N\u00b018072  PORTANT  MODIFICATION  POUR  2025  DU  MONTANT  ET  DE  LA\nREPARTITION  DE  LA  DOTATION  GLOBALISEE  COMMUNE  PREVUE AU.\nCONTRAT  PLURIANNUEL  D'OBJECTIFS  ET  DE  MOYENS  DE\nASSOCIATION  PAIDEIA -  920170057\nPOUR  LES  ETABLISSEMENTS  ET  SERVICES  SUIVANTS.\nCentre  M\u00e9dico-Psycho-P\u00e9dagogique  (C.M.PP)  - CMPP  - BAPU  INSTITUT  EDOUARD  CLAPAREDE  =\n920680055\nCentre  M\u00e9dico-Psycho-P\u00e9dagogique  (C.M.PP.  - CMPP - BAPU  CLAUDE  BERNARD  - 750680076\nLe  Directeur  G\u00e9n\u00e9ral  de  'ARS  Ile-de-France\nVU  le  Code de l'Action  Sociale ot des Familles;\nVU  le Code  dela  S\u00e9curit\u00e9  Sociale ;\nVU  a  loi n\u00b0  2025-199 du  28/02/2025  de  financement dela  S\u00e9curit\u00e9  Sociale  pour  2025  publi\u00e9e  au\nJournal  Office!  du  28/02/2025  ;\nVU  l'arr\u00eat\u00e9 minist\u00e9riel  du  02/06/2025  publi\u00e9 au Journal  Office  du  06/06/2025  pris en application\nde  l'aicle  1314-3 du  Code  de  I'Action  Sociale  et des  Familles  fixant, pour  l'ann\u00e9e  2025\nl'objectif global  de  d\u00e9penses  d'assurance  maladie  et le montant  total de  d\u00e9penses  pour  les\n\u00e9tablissement  et services  relevant  dela  Caisse  nationale  de  solidarit\u00e9 pour  l'autonomie;\nVU  la d\u00e9cision  du  02/06/2025  publi\u00e9e  au  Journal  Officiel  du  06/06/2025  relative  aux  dotations\nr\u00e9gionales  limitatives  2025  et \u00e0 a  moyenne  nationale  des  besoins  en  sons  requis  2025  ;\nVU  le d\u00e9cret  du  10/04/2024  portant  nomination  de  Monsieur  ROBIN  Denis  en  qualit\u00e9  de\nDirecteur  G\u00e9n\u00e9ral  de  l'agence  r\u00e9gionale  de  sant\u00e9  Hede-France ;\n'VU  Ia d\u00e9l\u00e9gation  de  signature  du  Directeur  G\u00e9n\u00e9ral  de  l'AS  vers le Directeur  dela  d\u00e9l\u00e9gation\nd\u00e9partementale  des  HAUTS-DE-SEINE  en  date  du  15/07/2025  ;\nVU  le Contrat  Pluriammuel  d'Objectits  et de  Moyens  conclu  le 19/12/2023  prenant  effet au\n01012024;\nCConsid\u00e9rant  la d\u00e9cision  tarifaire initiale n\u00b0255 en date  du  17 jui  2025;\nDECIDE\nAnicle  1*__ A  compter  du  01/01/2025,  au  tire  de  2025,  a  dotation globalis\u00e9  commune  des\n\u00e9tablissements et services  m\u00e9dico-sociaux  financ\u00e9s par  l'Assurance  Maladie,  g\u00e9r\u00e9s par\nl'enit\u00e9 d\u00e9nomm\u00e9e  ASSOCIATION  PAIDEIA  (920170057),  a \u00e9t\u00e9 fix\u00e9e \u00e0\n7215  311,04  \u20ac, dont  0,00 \u20ac de  cr\u00e9dits  non  recondutibles  vers\u00e9s  en  une  seule  foi.\n\nElle se r\u00e9partit de  la mani\u00e8re  suivante, les prix de journ\u00e9e  \u00e0 compter  de  01/01/2025\n\u00e9tant \u00e9galement  mentionn\u00e9s.\n- personnes  handicap\u00e9es:  7218  311,04\u20ac  (dont  7215  311,04\u20ac  imputable  \u00e0\nl'assurance  maladie)\nBoast\n2\nll\nB|\ncamer  | om  |  om  |  am  |  om  |  seasoms  |  000 |  0  |  om\nSERA.\ncoureenary\nmener  |  og  00  m0  oo  [sms  |  0  a  000\nrasa  ee)\ni  Lis T RS\n/\n\u00cb\nmsrnur | om 000 000 om |  woe | ooo oo 000\nPour  2025,  la fraction forfaaire  mensuelle, pour  le secteur personnes  handicap\u00e9es,  s'\u00e9tablit \u00e0\n{601 275,92  \u20ac (dont  601  275,92  \u20ac  imputable  \u00e0 l'Assurance  Maladie.\nAnicle2  A  compter  du  01/01/2026, en  application de  article  L.314-7  du  CASE,  la dotation\nslobalise  commune  s'\u00e9l\u00e8ve, tie  transitoire, \u00e0 7 465  401,28  \u20ac. Elle se r\u00e9patt  dela\nmani\u00e8re  suivant,  les prix de  journ\u00e9e  de  reconduction  \u00e9tant  \u00e9galement  mentionn\u00e9s  +\n=  personnes  handicap\u00e9es  : 7  465  401,28  \u20ac\n(dont  7465  401,28  \u20ac  imputable a l'Assurance  Maladie)\nDaa\ncman  |  om  |  am  |  ow  |  om  om  |  om  |  am\noo am 200 om | samse | oo 000 a\n\nPa  ae\nNess at  s  er  pm  |  aes  |  nus  |  aus  |  san\nson\nrar a  000 00 ov |  mn |  apo ooo\nSSS\nGARDE.\n00  a  a  ooo  |  me  |  ope  a0\nPour  2026,  la fraction  forfaitaire mensuelle,  pour  le secteur  personnes  handicap\u00e9es,  s\n(622 116,77 \u20ac (dont  622  116,77 \u20ac  imputable \u00e0 l'Assurance  Maladie).\nAricle3\nArticle 4\nArticle $\nLes  recours contentieux dirig\u00e9s contre a  pr\u00e9sent  d\u00e9cision doivent tr  port\u00e9s devant  le\ntribunal  administratif  teritorialement  comp\u00e9tent  tel que pr\u00e9vu par  article R.312-10-1\ndu  Code  de  justice  administrative  dans  un  d\u00e9lai de  deux  mois  \u00e0 compter  de  sa.\npublication ou, pour les personnes auxquelles elle sera notifi\u00e9e, \u00e0 compter de sa\nnotification. Le  tribunal  administratif peut  \u00eatre  saisi par  l'application  \u00ab T\u00e9l\u00e9recours\ncitayens \u00bb accessible  par Le site  wa  telerccours  fr,\nLa  pr\u00e9sente  d\u00e9cision  sera  publi\u00e9e  au  recueil  des  actes  administratifs.\nLe  Directeur G\u00e9n\u00e9ral  de  \"ARS  Ile-de-France est charg\u00e9  de  l'ex\u00e9euion  de  la pr\u00e9sente\nd\u00e9cision  qui  sera  notifi\u00e9e \u00e0  l'entit\u00e9 gestionnaire  (ASSOCIATION  PAIDEIA\n92017007)  et aux  structures  concern\u00e9es\nFait  \u00e0 Nanterre,  le 02  d\u00e9cembre  2025\nQ /Le Deter de  tation  d\u00e9partement\n'stint Sale  de  Agence  pole\nSante  tree\nD\u00e9s\nAgence  R\u00e9gionale de  Sant\u00e9 Hee  France\nLa  rectie  ajo  de\nsen  darementae de  aus de Seine\nV\u00e9rone DUGAY\n\nDECISION  TARIFAIRE  N\u00b018073  PORTANT  MODIFICATION  DU  FORFAIT  GLOBAL  DE\nSOINS  POUR  2025  DE.\nEAM  LA  FORET  - 920041001,\nLe  Directeur  G\u00e9n\u00e9ral  de  ARS  Ile-de-France\nVU  le Code  de  \"Action  Sociale  et des  Familles;\nVU  le Code de  la S\u00e9curit\u00e9  Sociale  ;\nVU  la loi n\u00b0  2025-199 du 28/02/2025  de  financement  de  la S\u00e9curit\u00e9  Sociale  pour  2025  publi\u00e9e au\nJournal Offciel  du  28/02/2025  ;\nVU  l'ar\u00e8t\u00e9  minist\u00e9riel  du  02/06/2025  publi\u00e9  au  Journal  Officiel  du  06/06/2025  pris en\napplication de  l'article L314-3  du  Code  de  l'Action Sociale et des Familles  fixant, pour\nl'ann\u00e9e  2025  l'objectif global  de  d\u00e9penses  d'assurance  maladie  et le montant  total de\n'd\u00e9penses  pour  es  \u00e9tablissements et services  relevant  de  Ia Caisse  nationale de solidarit\u00e9 pour\nautonomic ;\nVU  la d\u00e9cision  du  02/06/2025  publi\u00e9e  au  Journal  Officiel  du  06/06/2025  relative aux  dotations\nr\u00e9gionales limitatives 2025  et \u00e0 la moyenne  nationaledes  besoins en  soins requis 2025  ;\nVU  le d\u00e9cret du  10/04/2024  portant nomination  de  Monsieur  ROBIN  Denis  en qualit\u00e9 de\nDirecteur  G\u00e9n\u00e9ral de l'Agence  r\u00e9gionale de  sant\u00e9  Ile-de-France ;\nVU  a  d\u00e9cision  de  d\u00e9l\u00e9gation  de  signature  du  Directeur  G\u00e9n\u00e9ral de  ARS  vers  le Directeur  deta\nd\u00e9l\u00e9gation  d\u00e9partementale  des  HAUTS-DE-SEINE  en  date  du  15/07/2025  ;\nVU  l'auorisation  ou  le renouvellement  d'autorisation  en  date  du  25/05/2023  de  la structure\nEtab  Ace  M\u00e9dicalis\u00e9 en  tou  ou  partie personnes  handicap\u00e9es  d\u00e9nomm\u00e9e  EAM  LA  FORET\n(020081001) sise \u00a7 AV  HENRI  DALSEME  92361 Meudon  et g\u00e9r\u00e9e par l'entit\u00e9 d\u00e9nomm\u00e9e\nAPEI  DE  MEUDON  (920801016);\nConsid\u00e9rant  la d\u00e9cision  tarifaire initiale n\u00b0  1226  en  date du 24/06202S  portant  fixation  du  forfait\nloba  de soins pour 2025  dela structure d\u00e9nomm\u00e9e  EAM  LA  FORET-  920041001\nAnicle  A  compter  du  01/01/2025,  le forfait global  de soins  est fig  & 1 962  037,60 \u20ac au  titre\n'de 2025,  dont  0,00  \u20ac de  cr\u00e9dits non  reconductibles  vers\u00e9s  en  une  seule  fois.\nPour  2025,  la action  forfaitaire mensuelle  s'\u00e9tablit  en  application  de  l'article R314-\n111  du  CASF, \u00e0  163  503,13  \u20ac\nSoit un forfait journaler de  soins de  134,85  \u20ac.\nAAnicle 2  A  compter du  01/01/2026,  en application  de  article  L.314-7  du  CASF,  les  tarifs de\nreconduetion  sont fxs,  \u00e0 ir  transitoire, \u00e0\n\n+forfait  annuel  global de  sins  2026; 1 960  996,08 \u20ac (douzi\u00e9me  appli\n4163  416,346)\n*  forfait journaler de soins  de  reconduction  de  134,78 \u20ac\nble s\u00e9levant\nAntcle3  Les  recours  contentieux  dirig\u00e9s  contre  la pr\u00e9sente  d\u00e9cision  doivent  \u00eatre port\u00e9s  devant\nLe tribunal  administratif  tertorialement  comp\u00e9tent  tel que  pr\u00e9vu  par  article  R.  312-\n10-1 du  Code  de  justice administrative dans  un  d\u00e9lai de  deux  mois  \u00e0 compter  de  sa\npublication  ou,  pour  les personnes  auxquelles  elle sera  notifi\u00e9e, \u00e0  compter  de  sa\nnotification, Le  tribunal  administratif  peut  re  saisi par  l'application \u00ab  T\u00e9l\u00e9recours\ncitoyens \u00bb accessible parle  site www.telerecours  fr.\nArticle  4 La  pr\u00e9sent  d\u00e9cision  sera  publi\u00e9  au  recueil  des  actes  administra,\nAicle  $ Le  Directeur  G\u00e9n\u00e9ral  de  \"ARS  \u00cele-de-France  est charg\u00e9  de  l'ex\u00e9ution  de  la pr\u00e9sente\nd\u00e9cision  qui  sera notifi\u00e9e  \u00e0 l'entit\u00e9 gestionnaire  APEI  DE  MEUDON  (920801016)  et\nA l'\u00e9tablissement concern\u00e9.\nFait \u00e0 Nanterre, le 02  d\u00e9cembre  2025\n(Ue Directeur de  1 d\u00e9l\u00e9gation d\u00e9partementale\ndes  Hauts-de-Seine  de  l'Agence  r\u00e9gionale\nde  sant\u00e9  Ile-de-France\n'Agence R\u00e9gionale de Sant\u00e9 de  France\nLa  directrice  ajointe  dela\nD\u00e9l\u00e9gation  s\u00e9pcteantl de  sts de Seine\nV\u00e9ronidle DUGAY\n\nEsSe 1\nDECISION  TARIFAIRE  N\u00b018075  PORTANT  MODIFICATION  POUR  2025  DU  MONTANT  ET  DE  LA\nREPARTITION  DE  LA  DOTATION  GLOBALISEE  COMMUNE  PREVUE  AU\nCONTRAT  PLURIANNUEL  D'OBJECTIFS  ET  DE  MOYENS  DE\nL'ASSOCIATION  \"EHS\"  - 920807930\nPOUR  LES  ETABLISSEMENTS  ET  SERVICES  SUIVANTS\nFoyer  d'Accueil  M\u00e9dicalis\u00e9  pour  Adultes  Handicap\u00e9s  (F.A.M.) - FAM  LA  FONTAINE  DES  VOEUX  -\n920024981\nService  d'accompagnement  m\u00e9dico-social adultes  handicap\u00e9s -SAMSAH  ESPERANCE  - 920017209\nEtablissement  et Service d'Aide  par le Travail (E.S.A.T) - ESAT  JEAN  CAURANT  - 920804648\nLe  Directeur  G\u00e9n\u00e9ral  de  VARS  Ile-de-France\nvu\nvu\nvu\nvu\nvu\nvu\n(Consid\u00e9rant  ta d\u00e9cision  tarifaire init\nle Code  de  Action  Sociale  et des  F\nle Code  de  la S\u00e9curit\u00e9  Sociale;\nla loi n\u00b0 2025-199 du 28/02/2025  de  financement  de  la S\u00e9curit\u00e9 Sociale pour  2025  publi\u00e9e au\nJournal Offciel  du  28/02/2025  ;\nl'art\u00e9t\u00e9  minist\u00e9riel  du 02/06/2025  publi\u00e9  au  Journal  Offiiel  du  06/06/2025  pris en appl\nde  l'article L314-3  du  Code  de  l'Action Sociale et des Familles  fixant, pour  l'ann\u00e9e 2025\nl'objectif global  de  d\u00e9penses  d'assurance  maladie  et le montant  total de  d\u00e9penses  pour  Les\n\u00e9tablissements et services relevant dela  Caisse  nationale de  solidarit\u00e9 pour  l'autonomie ;\nLa d\u00e9cision  du  02/06/2025  publi\u00e9e  au  Journal  Offciel  du  06/06/2025  relative aux  dottions\nr\u00e9gionales limitaives 2025  et \u00e0 a  moyenne  nationale des besoins en soins requis 2025  ;\nle d\u00e9cret du  10/04/2024  portant nomination  de  Monsieur  ROBIN  Denis  en  qualit\u00e9 de\nDirecteur  G\u00e9n\u00e9ral  de l'Agence  r\u00e9gionale de  sant\u00e9  Ile-de-France  ;\nLa  d\u00e9l\u00e9gation de  signature du  Directeur G\u00e9n\u00e9ral  de  l'ARS  vers le Directeur de  la d\u00e9l\u00e9gation\nd\u00e9partementale  des  HAUTS-DE-SEINE en  te  du  15/07/2025 ;\nLe Contrat Pluriannvel d'Objectfs  et de  Moyens  conclu  le 21/12/2018  prenant effet au\n0012019:\nle n\u00b0245 en date  du  17  juin  2025 ;\nDECIDE\n\nAAnicle 1\"  A  compter  du  01/01/2025, re de  2025,  la dotation globalis\u00e9e commune  des\n\u00c9tablissements et services m\u00e9dico-sociaux  financ\u00e9s par l'Assurance  Maladie, g\u00e9r\u00e9s par\nl'entit\u00e9 d\u00e9nomm\u00e9e  L'ASSOCIATION  \"EHS\"  (920807930),  a \u00e9t\u00e9 fix\u00e9e \u00e0\n3 133 163,45 \u20ac, dont  0,00 \u20ac de  cr\u00e9dits non  reconduetbles  vers\u00e9  en une  seule fis.\nElle  se  r\u00e9parit  de  la mani\u00e8re  suivante,  les prix  de  journ\u00e9e  &  compter  de  01/01/2025\n\u00e9tant  \u00e9galement  mentionn\u00e9s.\npersonnes  handicap\u00e9es:  3133  163,45\u20ac  (dont  3133  16345\u20ac  imputable  \u00e0\n'assurance  maladie)\nLT\nFaut | ou 090 0  om [una  | 000 00 0%\ncolts  | roma  |  om  |  om  |  om  |  0m  |  0m  |  om  |  om\nwou\nEs  |  000  [us  |  ow  |  om  |  am  |  om  |  om  |  om\neat\nRES\nES  [os  [om  |  om  |  am  [um  |  ww  |  om  |  am\nroles  |  me  |  om  |  om  |  om  |  om  |  ow  |  0m  |  00\nwon\nsams  |  om  [ee  [om  [ue  [om  |  am  |  om  |  om\nPour  2025, la fraction forfaitaire mensuelle,  pour  le secteur personnes  handicap\u00e9es,  s'\u00e9tablit \u00e0\n261 096,95 \u20ac (dont 261 096,95 \u20ac impatable \u00e0 l'Assurance  Maladie)\nAile 2  \u00c0  compter  du  01/01/2026,  en aplcation  de acl  L314-7  du  CASF,  la dation\nlobais\u00e9e  commune  s'\u00e9l\u00e8ve tire  transe, \u00e0  3 17  48,1  \u20ac. Elles  rept  ola\nmani\u00e8re  suivante,  les prix de  jou\u00e9e  de  reconduction  \u00e9lan  \u00e9galement  mentionn\u00e9s\n= personnes  handicap\u00e9es  3  173  43871 \u20ac\n(dont  3173 438,71  \u20ac imputable  Assurance  Maladie)\nes\nmess or [os | ex |  mm [au [au | ana | som\nShear  |  am  |  om  |  ow  |  om  [wow]  am  |  om  |  om\nsee\ner\nmaine]  1m  |  om  |  om  |  am  |  am  |  am  |  om  |  om\nfara  |  ono  |  ee  |  om  |  am  |  om  |  om  |  om  |  om\nENT\n\nraNEss\nESPERANCE\nam oon 000 em 000 m\nvse |  000 00 me 000 a  00\nsnot\nESATTEAN em es |  om 00 000 as m\nPour  2026,  la fraction forfaitaire mensuelle,  pour  le secteur personnes  handicap\u00e9es, s'\u00e9tablit \u00e0\n264  453,22  \u20ac (dont 264  453,22  \u20ac imputable  \u00e0 l'Assurance  Maladie).\nAniele3\nAricle  4\nAricle  5\nLes  recours contentieux dirig\u00e9s contre la pr\u00e9sente d\u00e9cision doivent tre  port\u00e9s devant le\ntribunal administratif eritoralement  comp\u00e9tent  tel qu  pr\u00e9vu  par l'article R. 312-10-1\ndu  Code  de  jusice  administrative dans  un  d\u00e9lai de  deux  mois \u00e0 compter  de  sa\npublication o\u00f9, pour  les personnes  auxquelles  elle sera notifi\u00e9e, \u00e0 compter  de  sa\nnotification. Le  tribunal administratif peut \u00eatre saisi par l'application \u00ab T\u00e9l\u00e9recours\ncitoyens\u00bb  accesible  par le site ww  elerecours fr:\nLa  pr\u00e9sente d\u00e9cision sera publi\u00e9e au  recueil es  acts  administratifs\nLe  Directeur G\u00e9n\u00e9ral  de  I\"ARS  He-de-France  est charg\u00e9  de  l'ex\u00e9cution de  la pr\u00e9sente\nd\u00e9cision qui sera notifi\u00e9e \u00e0 l'entit\u00e9 gestionnaire (L'ASSOCIATION  \"EHS\"  920807930)\ntaux  structures  concern\u00e9s.\nit \u00e0  Nanterre,  le 02  d\u00e9cembre  2025\n0 fue Dre  \u00e9l\u00e9gton\u00e9parenenuie\nde Su  Tage  che\nTien  Fee\n'Agence R\u00e9gionale de Sant\u00e9 le-de France\nLa  drectrice adjine  dela\nD\u00e9  \u00e9pris  as de Se\n2\nnu  |  aus  |  sun\n\nLil\nR\u00c9PUBLIQUE\nDECISION  TARIFAIRE  N\u00b018094  PORTANT  MODIFICATION  POUR  2025  DU  MONTANT  ET  DE  LA\nREPARTITION  DE  LA  DOTATION  GLOBALISEE  COMMUNE  PREVUE  AU\nCONTRAT  PLURIANNUEL  D'OBJECTIFS  ET  DE  MOYENS  DE\nCENTRE  HOSPITALIER  RIVES  DE  SEINE - 920026374\nPOUR  LES  ETABLISSEMENTS  ET  SERVICES  SUIVANTS:\nCentre  Action  M\u00e9dico-Sociale  Pr\u00e9coe  (C.A.MS.P.  - CAMSP  RIVES  DE  SEINE  SITE  COURBEVOIE  -\n'920813730\nLe  Directeur  G\u00e9n\u00e9ral  de  l'ARS  Hle-de-France\nlect  des FaVU  le Code  de  l'Action Socis\nVU  le Code  de a  S\u00e9curit\u00e9 Sociale\nVU  Ia loin? 2025-199 du  28/02/2025 de  financement de la S\u00e9ou\nJournal Officiel du  28/02/2025  ;\nSocial  pour  2025  publi\u00e9e  au\nVU  l'arr\u00eat\u00e9 minist\u00e9riel du  02/06/2025  publi au Journal Officiel du  06/06/2025  pris en application\nde  l'aricle L314-3  du  Code  de  l'Action Sociale et des Familles  fixant, pour  l'ann\u00e9e 2025\nl'objectif global de  d\u00e9penses  d'assurance  maladie  et le montant  total de  d\u00e9penses  pour  Les\n\u00e9tablissement  et services relevant de  la Caisse  nationale de  solidarit\u00e9 pour  l'autonomie;\nVU  a  d\u00e9cision du  02/06/2025  publi\u00e9e au Journal Officiel du  06/06/2025  relative aux  dotations\nr\u00e9gionales limitatives 2025  et la moyenne  nationale des  besoins en  sons  requis 2025  ;\nVU  le d\u00e9cret du  10/04/2024  portant nomination  de  Monsieur  ROBIN  Denis  en  qualit\u00e9 de\nDirecteur G\u00e9n\u00e9ral  de  l'agence r\u00e9gionale de  sant\u00e9 Ile-de-France ;\nVU  d\u00e9l\u00e9gation de signature du  Directeur G\u00e9n\u00e9ral  de  'ARS  vers Le Directeur de  La d\u00e9l\u00e9gation\nd\u00e9partementale  des  HAUTS-DE-SEINE  en date du  15/07/2025  ;\nVU  le Contrat Pluriannuel d'Objectifs et de Moyens  conclu  le 11/01/2021  prenant effet au\novo12021  ;\nre  initiale n\u00b03649  on date du  241062025 ;\nDECIDE\nAnicle 17 A  compter  du 01/01/2025, au ttre de 2025, la dotation glbalis\u00e9e commune  des\n\u00e9tablissements  et services m\u00e9dico-sociaux  financ\u00e9s par l'Assurance  Maladie,  g\u00e9r\u00e9s par\nl'entit\u00e9 d\u00e9nomm\u00e9e  CENTRE  HOSPITALIER  RIVES  DE  SEINE  (920026374),  a \u00e9t\u00e9\nfix\u00e9e \u00e0 3 700  805,35  \u20ac, dont  0,00 \u20ac  de cr\u00e9dits non  reconductibles vers\u00e9s en  une  seule\nfois.\nConsid\u00e9rant  ta d\u00e9cision tat\n\nElle se r\u00e9partit dela  mani\u00e8re  suivante,  les prix de journ\u00e9e \u00e0  compter  de  01/01/2025\n\u00e9tant  \u00e9galement  mentionn\u00e9s.\n- personnes  handicap\u00e9es:  3700  80,35\u20ac  (dont 3022  308,17\u20ac  imputable  \u00e0\nl'assurance  maladie)\nea  ee)\nSar  ci Du Fa D  ee\ncase  avesgages  | 00 ago | smowsss | a  000 as a  oo\nTrae  oie)\nSeer  = Lu cs a a  a\n'causpaivesgasseaves | ono oo |  ao  | oo\u00bb a  uw om ax\nPour  2025,  la fraction  forfaitare  mensuelle,  pour  le secteur  personnes  handicap\u00e9es,  s'\u00e9tablit \u00e0\n308  400,44 \u20ac (dont 251 866,51  \u20ac imputable \u00e0 l'Assurance  Maldie)\nPour  le)  seuls)  CAMSP  du  CPOM,  la dotation globalis\u00e9e commune  imputable  \u00e0 l'Assurance\nMaladie  s'\u00e9l\u00e8ve  \u00e0 3 022  398,17 \u20ac.  Celle  imputable  au  D\u00e9partement  de  678  407,18 \u20ac  La  fraction\nforfaitaire imputable au D\u00e9partement  s'\u00e9tablit \u00e0  6  533,93  \u20ac.\nFE  D OR  T  D  pe  aT\nss  IVES DE SEINE STE COURBEVORE EE  orn\n'Antcle2  A  compter  du  01/01/2026,  en  application  de  l'article L.314-7  du  CASF,  a  dotation\nglobalis\u00e9e commune  s'\u00e9l\u00e8ve, ate  transitoire, 3 669  298,14 \u20ac. Ellese r\u00e9parit de la\nmani\u00e8re  suivante, ls  prix de journ\u00e9e  de  reconduction  \u00e9tant \u00e9galement  mentionn\u00e9s\n- personnes  handicap\u00e9es  :3  669  298,14  \u20ac\nont  2 990  890,96 \u20ac imputable \u00e0 l'Assurance Maladie)\nCU)\nmess wr a our | me | es | ana [ous | su\ncenysenivisoe | gon |  oo  | summons  |  os  |  oa  |  amo |  om  |  un\ned\nress wr s er [om [our [ner | as | sun\nETS\nFrame  |  00  |  am  |  us  |  ow  |  om  |  om  |  am  |  om\n\nPour  2026,  la faction  forfaitaire mensuelle,  pour  le secteur  personnes  handicap\u00e9es,  s'\u00e9ublit  \u00e0\n305  774,85 \u20ac  (dont  249  24091  \u20ac imputable \u00e0 l'Assurance  Maladie)\nPour  le(s) seul(s) CAMSP  du  CPOM,  la dotation  globalis\u00e9e  commune  imputable \u00e0  l'Assurance  Maladie\ns'\u00e9l\u00e8ve  \u00e0 2990  890,96  \u20ac. La  dotation  imputable  au  D\u00e9partement  est de  678  407,18  \u20ac  La  fraction\nforfaitaire imputable au  D\u00e9partement  s'\u00e9tablit\u00e0 6  533,93  \u20ac.\nmess Dan  ie Asn ate en) Dat ae D\u00e9pt (0)\n'cans  WES  De  SNe  SITE  29  9096  onus\n'Anticle3  Les  recours  contentieux  dirig\u00e9s contre  la pr\u00e9sente  d\u00e9cision  doivent  ere  port\u00e9s devant  le\ntribunal administratif teritorialement comp\u00e9tent  tel que pr\u00e9vu par article R. 312-10-1\ndu  Code  de  justice  administrative  dans  un  d\u00e9lai de  deux  mois  \u00e0 compter  de  sa\npublication ou, pour les personnes auxquelles elle sera notifi\u00e9e, \u00e0 compter de sa\nnotification, Le  tribunal  administratif  peut  \u00eatre saisi par  l'application  \u00ab T\u00e9l\u00e9recours\ncitoyens\u00bb  accessible  par  Le it  wwwtclerecours  fF,\nAntcle  4 La  pr\u00e9sente d\u00e9cision sea  publie  au  recueil des actes administratifs.\nAAnicle $ Le  Directeur G\u00e9n\u00e9ral  de  ARS  Ile-de-France est charg\u00e9  de  l'ex\u00e9cution de  Ia pr\u00e9sente\nd\u00e9cision  qui  sera  notifi\u00e9e  \u00e0 l'entit\u00e9 gestionnaire  (CENTRE  HOSPITALIER  RIVES  DE\n'SEINE  920026374)  et aux  structures  concern\u00e9es.\nFait \u00e0  Nanterre,  le 02  d\u00e9cembre  2025\nLE  Dis de  delegation  dpanementale\ndes  Hauts-de-Seine  de  l'Agence  r\u00e9gionale\nde  sant\u00e9 Ile-de-France\n'Agence R\u00e9gionale de Sant\u00e9 led France\nla directrice adjointe  de\nD\u00e9l\u00e9gation  d\u00e9part des  Ha. de ene\nV\u00e9roniae OUGAY\n\nDECISION  TARIFAIRE  N\u00b018173  PORTANT  MODIFICATION  POUR  2025  DU  MONTANT  ET  DE  LA\nREPARTITION  DE  LA  DOTATION  GLOBALISEE  COMMUNE  PREVUE  AU\nCONTRAT  PLURIANNUEL  D'OBJECTIFS  ET  DE  MOYENS  DE\n'ASSOCIATION  CITES  CARITAS -  750720591\nPOUR  LES  ETABLISSEMENTS  ET  SERVICES  SUIVANTS\ntab.Ace.M\u00e9iicalis\u00e9  en  tout ou  partie personnes  handicap\u00e9es  - EAM  CITE  JACQUES  DESCAMPS  -\n920009289\nService  d'accompagnement  m\u00e9dico-social  adultes  handicap\u00e9s  - SAMSAH  CITES  CARITAS  RUEIL.\nMALMAISON  - 920039039\nService  d'accompagnement  m\u00e9dico-social  adultes  handicap\u00e9s  - SAMSAH  CITES  CARITAS\nGENNEVILLIERS  - 920043544\nEtablissement  et Service  d'Aide  par  le Travail  (E.S.A.T.) - ESAT  FOURNEAUX  DE  MARTHE  ET\nMATTHIEU  - 920814472\nLe  Directeur  G\u00e9n\u00e9ral  de  \"ARS  Ile-de-France\nvu\nvu\nvu\nvu\nvu\nvu\nvu\nConsid\u00e9rant  ta d\u00e9cision tarifaire\nle Code  de  l'Action  Sociale  et des  Familles\nle Code  de  la S\u00e9curit\u00e9  Sociale;\n{a loin? 2025-199 du  28/02/2025 de financement  dela  S\u00e9curit\u00e9 Sociale pour  2025  publi\u00e9e au\nJournal  Officel  du  28/02/2025  ;\nl'arr\u00eat\u00e9 minist\u00e9riel  du 02/06/2025  publi\u00e9  au Journal  Office!  du 06/06/2025  pris en application\nde Particle L314-3  du  Code  de  l'Action Sociale et des Familles  fixant, pour  l'ann\u00e9e 2025\nl'objectif global de  d\u00e9penses  d'assurance  maladie  et le montant  total de  d\u00e9penses  pour  les\ntblissement  et services  relevant de la  Caisse  nationale  de  solidarit\u00e9 pou  l'autonomie;\nLa d\u00e9cision du  02/06/2025  publi\u00e9e au  Journal Ofiiel  du  06/06/2025  relative aux  dotations\nr\u00e9gionales  limitatives  2025 et \u00e0  la moyenne  nationale des besoins  en  soins  requis  2025  ;\nle d\u00e9cret du  10/04/2024  portant nomination  de  Monsieur  ROBIN  Denis  en  qualit\u00e9 de\nDirecteur  G\u00e9n\u00e9ral  de l'agence  r\u00e9gionale de sant\u00e9  Ile-de-France ;\nLa d\u00e9t\u00e9gation de  signature du  Directeur G\u00e9n\u00e9ral  de  I'ARS  vers le Directeur  dela d\u00e9l\u00e9gation\nd\u00e9partementale  des  HAUTS-DE-SEINE  en  date  du  15/07/2025 ;\nLe Contrat Pluriannuel d'Objectifs et de  Moyens  conclu  le 30/12/2021  prenant effet au\n0101/2022 ;\ntale  n\u00b0275 en date du  17  juin  2025 ;\n\n'Anicle \u00a9  \u00c0  compter  du  01/01/2025, au  titre de  2025,  la dotation globalis\u00e9e commune  des\n\u00c9tablissements et services m\u00e9dico-sociaux  financ\u00e9s par l'Assurance  Maladie, g\u00e9r\u00e9s par\nl'entit\u00e9 d\u00e9nomm\u00e9e  ASSOCIATION  CITES  CARITAS  (750720591),  a \u00e9t\u00e9 fix\u00e9e  \u00e0\n3 311 632,59  \u20ac, dont  0,00 \u20ac de  cr\u00e9its  non  resonductiblesvers\u00e9sen  une  seule fois.\nElle  se r\u00e9partit de  la mani\u00e8re  suivante,  les prix  de  journ\u00e9e  \u00e0  compter  de  01/01/2025\n\u00e9tat  \u00e9galement  mentionn\u00e9s.\n- personnes  handicap\u00e9es:  3311  632,59\u20ac  (dont  3311632,59\u20ac  imputable  \u00e0\nl'assurance  maladie)\nETUI\n\u00cbl\nDCE  | sages  | 21s\n5 00 es 000 00 400\nsauisancrtes\ngusaires | 00 CRETE  a  oon a  am\nSAMAON\nRon\nsanisaicites\neamas  |  om  a 090 oon 000 000 2\nLUI\nqrouewtaux | ome |  sms  |  a  a  000 000 ooo oo\nMATTHIEU\nide oom  en\nran | am | om om 090 00 oon 299\nCARAS oo\" a  ss a  on 100 am 000\nrourntaux | ogo nas 000 a  000 a  a  oon\nPour  2025,  la faction  forfaitaire mensuelle,  pour  le secteur  personnes  handicap\u00e9es,  s'\u00e9tablit \u00e0\n275  969,38  \u20ac  (dont  275  969,38  \u20ac  imputable  \u00e0 l'Assurance  Maladie).\n\nAAnicle2  A  compter  du  01/01/2026,  en  application  de  l'article L.314-7  du  CASF,  la dotation\nglobalis\u00e9e  commune  s'\u00e9l\u00e8ve,  tie  transitoire, \u00e0 3 219  018,52  \u20ac. Elle se r\u00e9partit  dela\nmani\u00e8re  suivant,  les prix de  jou\u00e9e  de  reconduction  \u00e9tant \u00e9galement  mentionn\u00e9s\npersonnes  handicap\u00e9e  : 3 219  018,52  \u20ac\ndont  3 219 018,52 \u20ac imputable \u00e0 l'Assurance  Maladie)\nDeaton  ee)\ns er pe |  amt |  aus | ans | san\nDAC  amas  | messes | os 00 ax coo 00 000\noon 00 |  swam | 000 000 a  0  000\nnav\na  CRETE  uw  as  am  00\nsar  FOURNEALX|\nDEMARTHE ET aco | rome | 000 00 ooo a  as 000\nFax aT\nINES or s et pe | amt | nu | aus | sun\nae\nms | usm | om on 000 a  00 a\nSD\n090 om |  am |  apo 00 a  000 490\noeSMELLIERS\noo\" a  sa |  on 000 a\u00bb a  000\nSAT  OURNEAUX|\nPE  MARIE  ET a  os ooo 000 200 oo oo oon\nPour  2026,  la fraction  forfaitaire mensuelle,  pour  le secteur  personnes  handicap\u00e9es,  s'\u00e9tablit \u00e0\n268  251,54 \u20ac (dont  268  251,54 \u20ac imputable \u00e0  l'Assurance  Maladie).\nAnicle3  Les  recours  contentieux  dirig\u00e9s  contre  a  pr\u00e9sente  d\u00e9cision  doivent  tr  port\u00e9s  devant  le\ntribunal administratif teritoralement  competent tel ue  pr\u00e9vu par  l'article R.312-10-1\ndu  Code  de  justice  administrative  dans  un  d\u00e9lai  de  deux  mois  \u00e0  compter  de  sa\npublication ou, pour les personnes auxquelles elle sera notifi\u00e9e, \u00e0 compter de sa\nnotification. Le  tribunal administratif peut \u00eatre saisi par l'application \u00ab T\u00e9l\u00e9recours\ncitoyens  \u00bb accessible par Le site wwwtelerecours  fr.\nAAricle 4  La  pr\u00e9sente d\u00e9cision sera publi\u00e9e au recueil es  acts  administratifs.\n\nArticle $ Le  Directeur G\u00e9n\u00e9ral  de  ARS  Ile-de-France est  charg\u00e9 de  l'ex\u00e9etion  dela  pr\u00e9sente\nd\u00e9cision qui sera notifi\u00e9e \u00e0 l'entit\u00e9 gestionnaire (ASSOCIATION  CITES  CARITAS\n750720591) et aux structures  concern\u00e9es.\nFait \u00e0  Nanterre,  le 02  d\u00e9cembre  2025\n(2\nes  Hauts-de-Seine  de  l'Agence  r\u00e9gionale\nde  sant\u00e9  Ile-de-France\n'Agence R\u00e9gionale de Sat  le de: France\nLa eetrice adjointe  dela\nDtdgtion departs  Hautsde Seine\nV\u00e9ronique DUGAY\n\nGu\nDECISION  TARIFAIRE  N\u00b019523  PORTANT  MODIFICATION  DU  PRIX  DE  JOURNEE\nBALISE  POUR  2025  DE  IME  AGIR  ET  VIVRE  L AUTISME  SURESNES  - 920026168\nLe  Directeur G\u00e9n\u00e9ral  de  VARS  \u00cele-de-France\nvu\nvu\nvu\nvu\nvu\nvu\nvu\nCon\nle Code de  l'Action  Sociale  et des  Familles;\nle Code  de  la S\u00e9curit\u00e9  Sociale;\nLa loi n\u00b0 2025-199  du  28/02/2025  de  financement  de  la S\u00e9curit\u00e9 Sociale pour  202S  publi\u00e9e au\nJournal  Officiel  du  28/02/2025;\nVare\u00e9t\u00e9 minist\u00e9rieldu  02/06/2025 publi\u00e9  au Journal Offciel du  06/06/2025 pris en application\nde  article  L314-3  du  Code  de  l'Action  Sociale  et des  Familles  fixant, pour  l'ann\u00e9e  2025\nl'objectif  global  de  d\u00e9penses  d'assurance  maladie  et le montant  total de  d\u00e9penses  pour  Les\n\u00e9tablissements et services relevant de  la Caisse  nationale de  solidarit\u00e9 pour  l'autonomie ;\nla d\u00e9cision  du  19/11/2025  publi\u00e9  au  Journal  Officiel  du  26/11/2025  relative aux  dotations\nr\u00e9gionales limiaives  2025  et \u00e0 la moyenne  nationale des besoins en  soins requis 2025  ;\nle d\u00e9cret  du  10/04/2024  portant  nomination  de  Monsieur  ROBIN  Denis  en  qualit\u00e9  de\nDirecteur  G\u00e9n\u00e9ral  de l'agence r\u00e9gionale  de  sant\u00e9  Ile-de-France ;\nLa  d\u00e9cision de  d\u00e9l\u00e9gation de  signature du  Directeur  G\u00e9n\u00e9ral de  l'ARS  vers le Directeur de la\nd\u00e9l\u00e9gation  d\u00e9partementale  des  HAUTS-DE-SEINE en date du 15/07/2025  ;\nLe renouvellement  d'autorisation et l'emtr\u00e9e dans  le droit commun  en  date du  11/06/2020  de\nl'institut m\u00e9dico-\u00e9ducatif  (IME)  \u00ab Agir  et Vivre  l'Autisme  Suresnes  \u00bb (920026168)  sis | AV\nGUSTAVE  STRESEMANN  92150  Suresnes  et g\u00e9r\u00e9  par  l'association  AGIR  ET  VIVRE\nL'AUTISME  (750062234)  ;\nsid\u00e9rant la d\u00e9cision tarifaire initiale n\u00b0 15682  en  date du  29/07/2025  portant fixation du  prix\nde  journ\u00e9e  global  pour  2025  de  la structure  d\u00e9nomm\u00e9e  IME  AGIR  ET  VIVRE  L\nAUTISME  SURESNES  - 920026168\nAnicle 1\u00ae  A  compter  du  01/01/2025, au  titre de  2025,  la dotation plobalis\u00e9e est fix\u00e9e \u00e0\n2 160 430,15 \u20ac dont 0,00 \u20ac de er\u00e9dits non  reconductibles vers\u00e9s en une seule fos.\nLes  recettes et les d\u00e9pensespr\u00e9visionnelles de  la structure sont autoris\u00e9es comme  suit\n\nTONTANTS\n(GROUPES FONCTIONNELS ET\nGrouper ET\nD\u00e9penses  aff\u00e9rentes \u00e0 exploitation  courante\n= dont  CNR  00\nGroupe  It 1506  65,55\nD\u00e9penses  af\u00e9renes au personnel\nDerexses  |  dont  CNR  CET)\n\"Groupe  tt 392  41386\nD\u00e9penses  arenes \u00c0 La structure\n= dont  CNR.  ToT\nReprise  de  dis  000\nTOTAL  D\u00e9penses  |  2197  54691\nGroupe  21604501\nProdu de  a  tarifcation\n= dont CNR. EAU\nGroupe  It 000\nRecerres  |  Autres  produit  relatif  exploitation\nGroupe  lit ELU]\nProdu  finances  e  produits non  enaissables\nReprise d'exc\u00e9dents ET\n\"TOTAL  Receties| 2192  380,59\nD\u00e9penses  exclues du  tarif: 5 166,02  \u20ac\nPour  202$,  la fraction forfaitaire mensuelle  s'\u00e9tablit \u00e0 180 035,85 \u20ac.  Soit un  prix de\njou\u00e9e  globalis\u00e9  de  257,19  \u20ac.\nArticle?  \u00c0  compter  du  01/01/2026, en application de  l'article L.314-7  du  CASF,  les tarifs de\nreconduction  sont  fix,  \u00e0  ire  transitoire, \u00e0\n+dotation  globalis\u00e9e  2026:  1 990  463,98  \u20ac\n(douzi\u00e8me  applicable  s'\u00e9levant \u00e0  165  872,00  \u20ac)\n+prix  de journ\u00e9e de reconduction de 236,96 \u20ac\nAAnicle  3 Les  recours  contentieux  dirig\u00e9s  contre  la pr\u00e9sente  d\u00e9cision  doivent  \u00eatre port\u00e9s  devant\n\u00cee tribunal administratif trritorialement  comp\u00e9tent  tel que  pr\u00e9vu  par l'article R. 312-\n10-1 du  Code  de  justice administrative dans  un  d\u00e9lai de deux  mois  \u00c0 compter  de  sa\npublication  ou,  pour  les personnes  auxquelles  elle sera  notifi\u00e9e, \u00e0  compter  de  sa\nnotification. Le  tribunal administratif peut  \u00eatre saisi par l'application \u00ab T\u00e9l\u00e9recours\ncitoyens \u00bb accessible  parle site  www.  telerecous\nAicle4  La  pr\u00e9sent  d\u00e9cision sera publi\u00e9e au  recueil des acts  administratifs.\n\nAmicle$  Le  Directeur G\u00e9n\u00e9ral  de  ARS  Ile-de-France est charg\u00e9  de  l'ex\u00e9cution de  la pr\u00e9sente\nd\u00e9cision  qui  sera  notifi\u00e9e  \u00e0  l'entit\u00e9 gestionnaire  ASSOCIATION  AGIR  ET  VIVRE  L.\nAUTISME  (750062234) et \u00e0 l'\u00e9tablissement  concern\u00e9\nFait  Nanterre,  Le 02  d\u00e9cembre  2025\n{einem  de  tn  cence\ndes  Hauts-de-Seine  de  l'Agence  r\u00e9gionale\nde  sant\u00e9  Ile-de-France\n'Agence R\u00e9gionle de Sant\u00e9 ede  France\nLa  drectrice ajointe  de a\nDigi  arme de Hats de See\nV\u00e9ronidle DUGAY\n\npt i ar\nSocnonnasee\nDECISION  TARIFAIRE  N\u00b023500  PORTANT  MODIFICATION  POUR  2025  DU  MONTANT\nET  DE  LA  REPARTITION  DE  LA  DOTATION  GLOBALISEE  COMMUNE  PREVUE\nAUCONTRAT  PLURIANNUEL  D'OBJECTIFS  ET  DE  MOYENS  DE\nFONDATION  PERCE  NEIGE  - 920809829\nPOUR  LES ETABLISSEMENTS  ET  SERVICES  SUIVANTS\ntab  Ace  M\u00e9dicalis\u00e9  en  tout ou  partie personnes  handicap\u00e9es  - MAISON  PERCE  NEIGE\n'ALTERNAT  - 920000304\nInstitut M\u00e9dico-ducatif  (LM.E.)- MAISON  PERCE-NEIGE  ALTERNANCE\nDE  PARIS  - 750002255\nInstitut M\u00e9dico-Eavcatif  (LM-E.)- MAISON  PERCE-NEIGE  ALTERNANCE\nDE  BOURG-LA-REINE-  920814795\nLe  Directeur  G\u00e9n\u00e9ral  de  \"ARS  Hle-de-France\nvu\nvu\nvu\nvu\nvu\nvu\nvu\nvu\nle Code  de  l'Action  Sociale  et des  Familles;\nle Code  de  la S\u00e9curit\u00e9  Sociale;\nLa lo  n\u00b0  2025-199 du  28  f\u00e9vrier 2025  de  financement  de  la S\u00e9curit\u00e9  Sociale  pour  2025\npubli\u00e9e  au  Journal  Officiel  du  28  f\u00e9vrier  2025  ;\nl'arr\u00e8t\u00e9 minist\u00e9riel  du  02  juin  2025  publi\u00e9  au  Journal  Officiel  du  06  juin  2025  pris en\napplication de Particle L314-3 du Code  de l'Action Sociale et des Familles fiant, pour\nl'ann\u00e9e 2025  l'objectif global de  d\u00e9penses  d'assurance  maladie  et le montant  total de\nd\u00e9penses  pour  les \u00e9tablissements  et services  relevant  de  la Caisse  nationale  de  solidarit\u00e9\npour  l'autonomie ;\nLa d\u00e9cision  du  19  novembre  2025  publi\u00e9e au  Journal  Officiel  du  26  novembre  2025  relative\naux  dotations r\u00e9gionales  limitatives 2025 et \u00e0 Ia moyenne  nationale des besoins en soins\nrequis 2025 ;\nLe d\u00e9cret du  10 avril 2024  portant nomination  de  Monsieur  ROBIN  Denis  en  qualit\u00e9 de\nDirecteur G\u00e9n\u00e9ral  de  l'agence  r\u00e9gionale de  sant\u00e9 Le-de-France ;\nl'ar\u00e9t\u00e9 n\u00b0119-2024  portant d\u00e9l\u00e9gation de  signature du  Directeur G\u00e9n\u00e9ral  de  l'Agence\nr\u00e9gionale de sant\u00e9 Ile-de-France au  Directeur de la d\u00e9l\u00e9gation d\u00e9partemental  des  Hauis-de-\nSeine  en  date  du  4  novembre  2024  ;\nLe Contrat Pluriannuel d'Objectf  et de  Moyens  conclu  le 21 d\u00e9cembre  2021  prenant effet\nau  1  janvier  2022  ;\nConsid\u00e9rant  Ia d\u00e9cision tarifaire initiale n\u00b0359  en  date du  23  juin 2025  ;\n\nDECIDE\nAnicle  1\" A  compter  du  1  janvier 2025, au  ttre de  2025,  a  dotation globalis\u00e9e commune  des\n\u00e9tablissements et services m\u00e9dico-sociaux  financ\u00e9s par l'Assurance  Maladie,  g\u00e9r\u00e9s\npar l'entit\u00e9 d\u00e9nomm\u00e9e  FONDATION  PERCE  NEIGE  (920809829), a \u00e9t\u00e9 fix\u00e9e \u00e0\n4  474  305,64  \u20ac, dont  0,00  \u20ac  de cr\u00e9dits non reconductibes  vers\u00e9s  en  une seule  fois\nElle  se  r\u00e9parit  de  la mani\u00e8re  suivante,  les prix  de  journ\u00e9e  \u00e0  compter  du  1  janvier\n2025  \u00e9tant  \u00e9galement  mentionn\u00e9s;\n+ Personnes  handicap\u00e9es :  4.474  305,64\u20ac  (dont  4474305,64\u20ac  imputable  \u00e0\nl'assurance  maladie)\n'Deaions  ea)\nPRES i  =  Er  FR  |  Aw  |  mur  |\n73000285\nMAISON\nPERCE-NEIGE\nALTERNANCE\nDE  PAS.\n\u00e9sraas | rn7sssor | 000 om ao 00 ago\ncl\nEAM  MAISON\nPERCE  NEIGE\n[ALTERNAT\nmesse | isessass | ago 00 ono 00 a\nSORT\nMAISON\nPERCENEIGE\nALTERNANCE\nRENE\nsuc  | miss  | 000 oon 000 00 00\nFans 0\nNES Tr  FI Er  PR  |  Aut  [aw  |  au SAD\n\"soins\nMAISON\nPERCE-NEIGE\nALTERNANCE\nDE  PARIS\nan  | som |  00 oo oo 000 aso oo\nSao\nEAMMAISON\nPERCE  NEIGE\n'ALTERNAT\ntwas  |  ares  |  090  0  po  oo  ano\n'OORT\nPERCENEIGE\nALTERNANCE\nBOURGLA-\nRENE\nsnas | 5060 | 00 000 0  00 a0 0\nPour  2025,  l\u00e0 fraction forfaitaire mensuelle, pour  le secteur personnes  handicap\u00e9es,  s'\u00e9tablit\n372858,\nAnicle2\n0\u00b0  (dont  372  858,80 \u20ac  imputable \u00e0  l'Assurance  Maladie)\nAA compter  du  1\u00b0 janvier 2026,  en  application de  l'article L.314-7  du  CAS,  la\ndotation  globalis\u00e9e  commune  s'\u00e9l\u00e8ve,  \u00e0  titre transitoire, \u00e0  4  698  311,76 \u20ac. Elle se\nr\u00e9partit de la mani\u00e8re  suivante, les prix de  journ\u00e9e  de  reconduction  \u00e9tant \u00e9galement\nmentionn\u00e9s :\n+ Personnes  handicap\u00e9es  :  4698311,76  \u20ac  (dont  4698311,76\u20ac  imputable  \u00e0\nl'Assurance  Maladie)\n\nDouions  en)\nTNE NT s ET  FR |  ai  mu  |  a san\nsons\nMAISON  PERCE-\nNEIGE\nALTERNANCE\nDE  PARIS\nrun  |iaus\u00e9ser | 000 000 apo aso oo ow\nPl\nEAM  MAISON\nPERCE  NEIGE.\nAALTERNAT\nmus\u00e9e | ws3sa96 | 000 oo ano 0  00 00\nSAR  LATOS\nMAISON  PERCE-\nNEIGE\nALTERNANCE\nBOURGLA\nRENE\noxsira74 | sos  | 000 oo om 00  no oo\nTan  ene)\nPRES NT a Er PR] aura  | aus ET\nsus\nMAISON  PERCE-\nNEIGE\nALTERNANCE\nDE  PARIS\nsom | ww  | ago 0  om oo  o\u0153 om\n20000308\nEAM  MAISON\nPERCE  NEIGE.\n[ALTERNAT\nwo  | asso | ogo 000 oo 00 om 0\n5208  UT\nMAISON  PERCE-\nNEIGE\nALTERNANCE\nBOURGLAY\nsnas | 50  | om\" 00 00 0  00 om\nPour  2026, Ia fraction forfaitaire mensuelle,  pour  le secteur personnes  handicap\u00e9es,  s'\u00e9ubl\n391 525,97 \u20ac (dont 391 525,97  \u20ac imputable \u00e0 l'Assurance  Maladie).\nAnicle  3\nAnicle  4\nAnicleS\nLes  recours contentieux dirig\u00e9s contre la pr\u00e9sente d\u00e9cision doivent \u00eatre port\u00e9s devant\nLe tribunal administratif terrtorialement comp\u00e9tent  tel que  pr\u00e9vu  par l'article R. 312\n10.1 du  Code  de justice administrative dans  un  d\u00e9lai de deux  mois  \u00e0 compter  de  sa\npublication ou, pour les personnes auxquelles elle sera notifi\u00e9e, \u00e0 compter de sa\noften  Le  tibunal  administra  put  dre  sisi  par application \u00ab T\u00e9l\u00e9rsours\neitoyens  \u00bb accessible par le site www  telerecours.f\nLa  pr\u00e9sente  d\u00e9cision ser  publi\u00e9e au  recueil des  acts  administratifs\nLe  Directeur G\u00e9n\u00e9ral de  ARS  Ile-de-France est charg\u00e9  de  l'ex\u00e9cution dela  pr\u00e9sente\nd\u00e9cision qui sera notifi\u00e9e \u00e0 l'enit\u00e9 gestionnaire (FONDATION  PERCE  NEIGE.\n920809829) et  aux  structures  concern\u00e9es.\nFait \u00e0  Nanterre,  le 08  d\u00e9cembre  2025\n(/ Le Directeurde  deegaton D\u00e9paremen des Haute  Seine\neel eantvadledertaeeee\nLa  drectice  adjointe  del\n{Daten peer es aus de See\n\n=n\nR\u00c9PUBLIQUE\nFRAN\u00c7AI\nMaison  d'Accueil  Sp\u00e9ci\nService  d}\nLeDi\nvu\nvu\nvu\nvu\nvu\nvu\nvu\nvu\nar\nDECISION  TARIFAIRE  N\u00b023501  PORTANT  MODIFICATION  POUR  2025  DU  MONTANT  ET\nDE  LA  REPARTITION  DE  LA  DOTATION  GLOBALISEE  COMMUNE  PREVUE\nAU  CONTRAT  PLURIANNUEL  D'OBJECTIFS  ET  DE  MOYENS  DE\n'ASSOCIATION  NOTRE  DAME  - 920690229\nPOUR  LES  ETABLISSEMENTS  ET  SERVICES  SUIVANTS\nInstitut d'\u00e9ducation  motrice  - IEM  MICHEL  ARTHUIS  - 920040607\nfe (M.A.S,) - MAS  PRINCESSE  MATHILDE  - 920804598,\n\"Education Sp\u00e9ciale et de Soins \u00e0 Domicile - SESSAD  MICHEL  ARTHUIS - 920812377\nrecteur  G\u00e9n\u00e9ral  de  VARS  Ile-de-France\nle Code  de  l'Action Sociale et des  Familles;\nle Code  de  la S\u00e9curit\u00e9  Social\nLa oi  n\u00b0  2025-199 du  28  f\u00e9vrier 2025  de  financement  de  la S\u00e9curit\u00e9  Sociale  pour  2025\npubli\u00e9e au  Journal Oil  du  28  f\u00e9vrier 2025  ;\nl'ar\u00eat\u00e9  minist\u00e9riel  du  02  juin  2025  publi\u00e9  au  Journal  Officiel  du  06  juin  2025  pris en\napplication de  Panicle  L314-3  du  Code  de  l'Action Sociale et des  Familles  fixant, pour\nl'ann\u00e9e 2025  l'objectif global de  d\u00e9penses  d'assurance  maladie  et le montant  total de\nd\u00e9penses  pour  les tablissements et  services relevant de la Caisse nationale de  solidarit\u00e9\npour autonomie  ;\nLa d\u00e9cision du  19 novembre  2025  publi\u00e9e au  Journal Offisiel du  26  novembre  2025  relative\naux  dotations r\u00e9gionales limtatives  2025  et \u00e0 la moyenne  nationale des  besoins  en  soins\nrequis  2025  ;\nLe d\u00e9cret du  10 avril 2024  portant nomination  de  Monsieur  ROBIN  Denis  en  qualit\u00e9 de\nDirecteur G\u00e9n\u00e9ral  de  l'agence r\u00e9gionale de  sant\u00e9 le-de-France ;\nl'arr\u00eat\u00e9 n\u00b0119-2028  portant d\u00e9l\u00e9gation  de  signature du  Directeur G\u00e9n\u00e9ral  de  l'Agence\nr\u00e9gionale de sant\u00e9 Hle-de-France au  Directeur dela d\u00e9l\u00e9gation  d\u00e9partementale  des  Hauts-de-\nSeine  en  date  du 4  novembre  2024 ;\nLe Contrat  Pluriannuel d'Objectifs et de  Moyens  conclu  le 20  f\u00e9vrier 2025  prenant effet au\n1 janvier  2025  ;\nConsid\u00e9rant  ta d\u00e9cision tarifaire initiale n\u00b010901 en date du  03 juillet 2025  ;\nDECIDE\n'Amtcle  1\"  A  compter du  1 janvier  2025, au  tt  de  2025,  a  dotation  globalis\u00e9e  commune  des\ntblissements  et services m\u00e9dico-sociaux  financ\u00e9s par l'Assurance  Maladie, g\u00e9r\u00e9s.\npar l'entit\u00e9 d\u00e9nomm\u00e9e  ASSOCIATION  NOTRE  DAME  (920690229),  a \u00e9t\u00e9 fix\u00e9e \u00e0\n15 361  252,83  \u20ac, dont  0,00\u20ac  de  er\u00e9dis  non  reconductibles vers\u00e9s en  une  seul  fis,\n\nEile se r\u00e9par\u00e9  de  la mani\u00e8re  suivante, les prix de  journ\u00e9e  \u00e0 compter  du  1\u00b0janvier\n2025  Gant  \u00e9galement  mentionn\u00e9s.\n= Personnes  handicap\u00e9es:  18 361  252,83 \u20ac (dont 15 361 252,83 \u20ac imputables  \u00e0\nl'assurance  maladie)\nDoss  eo)\nFINES Nt a xr re [aut | aa? [aus [Sp\nTopo\nwentMaciet, | 258192069 | 517973535 | aon 000 000 aso a0 oo\nARTHUS\nDE]\nMASme  [so  | \u00e9massas | no 00 0  000 on 0\nMATHILDE.\nCEE\nmo  |  ye  |  oo  [isa]  om  |  ow  |  om  |  ow  |  om\nARTHUIS\nPik  Joule en  9\nFINES i  5 Br PR | Ai  [ aw? | aus | san\nonto\nwemnacee  |  eur  |  ans  |  00  0  oo  oo  00  go\nARTHUIS\nSoONSN\nMAS.Se  | 3827 | nea | oo 90 oo  oo 00 oo\nMATHILDE\nB08  12377\n\"SESSAD s\u00e9Sead  |  oo  am  |  ts  |  0m\"  00  00  6 00\nARTHUIS\nPour  2025,  la fraction forfaitaire mensuelle,  pour  le secteur personnes  handicap\u00e9es,  s'\u00e9tablit \u00e0\n1 280  10440 \u20ac (dont 1 280  104,40 \u20ac imputables \u00e0  l'Assurance  Maladie).\nAnicle2  A  compter  du  1\" janvier 2026,  en  application de  l'anicle L.314-7  du  CASE,  la\ndotation globalis\u00e9e commune  s'\u00e9l\u00e8ve, \u00e0 tte transitoire, \u00e0 14 001 838,40 \u20ac  Elle se\nr\u00e9partit de  la mani\u00e8re  suivante, les prix de jou\u00e9e  de  reconduction  \u00e9tant \u00e9galement\nmentionn\u00e9s\nPersonnes  handicap\u00e9es  : 14 001  838,40  \u20ac  (dont 14 001  $38,40\u20ac  imputables  \u00e0\nl'Assurance Mal\nDasnns  (a)\nTNS  mr a Er FR Awl | Aad] A  | sup\nan\nmice  |  217365437  | 435579705]  000  oo  000  go  0  oo\nARTHUIS\nSUR\nMAS PRINCESSE | 301778580 | \u00ab3972501 | 000 00 om go 0  oo\n'MATHILDE\n52081250\nSESSAD MICHEL | 0,00 CRETE  400 000 00 ao\nARTHUIS\n\nFr  joue  en)\nNESS  NT  a  EXT  ve  Aut  [awd  [Aw  |  sun\nFan\nwesc  |  ses  |  sue  |  000  000  oo  oo  00  ao\nARIUS\n2006\nsaspuncesse | uno | 2247 | 00 00 00 000 no oo\n'MATHILDE\n920813377\nSESSAD MICHEL | 000 om |  15  | 000 ao 000 ono 0\n\"ARTHUIS\nPour  2026,  la fraction forfaitaire mensuelle,  pour  le secteur personnes  handicap\u00e9es,  s'\u00e9tablit \u00e0\n1 166 810,86 \u20ac (dont 1 166 819,86  \u20ac imputabes \u00e0 l'Assurance  Maladie)\nAnicle3\nArticle 4\nAnicle  5\nLes  recours contentieux dirig\u00e9s contre Ia pr\u00e9sente d\u00e9cision doivent  \u00eare  port\u00e9s devant\nLe tribunal administratif terrtrialement  comp\u00e9tent  tel que  pr\u00e9vu  par l'article R.312-\n10-1 du  Code  de  justice administrative dans  un  d\u00e9lai de  deux  mois  \u00e0 compter  de  sa\npublication ou, pour  les personnes  auxquelles  elle sera notifi\u00e9e, \u00e0 compter  de  sa\nnotification, Le  tribunal administaif  peut \u00eatre sais par l'application \u00ab Tel\u00e9recours\ncitoyens \u00bb accessible par Le site www.telerecours\nLa  pr\u00e9sent  d\u00e9cision sera publi\u00e9e au  recuel  des actes administratifs\nLe  Directeur G\u00e9n\u00e9ral de  I'ARS  Ile-de-France et  charg\u00e9 de  l'ex\u00e9cution dela  pr\u00e9sente\nd\u00e9cision qui sera notifge  \u00e0 l'entit\u00e9 gestionnaire (ASSOCIATION  NOTRE  DAME.\n92069029) et  aux  structures  concern\u00e9es.\nFait  \u00e0 Nanterre,  le 08  d\u00e9cembre  2025\n\u20ac] Le ice  de d\u00e9l\u00e9gation D\u00e9partementale es Hans-deSie\nde  tagene  soe Sosn  leds  rane\nAgence R\u00e9gionale de Sant\u00e9 le de-France\nLA  drectice ajointede\nDai  d\u00e9anementaledes ausde Seine\nV\u00e9rone UGAY\n\nService d'ducation  Sp\u00e9cial  et de Soins \u00e0 Domicile - SESSAD  LA  DAUPHINEL\nUnit\u00e9  d'escignement  \u00e9l\u00e9mentaire  - UEEA  LA  DAUPHINELLE ~  920690183\nDECISION  TARIFAIRE  N\u00b023503  PORTANT  MODIFICATION  POUR  2025  DU  MONTANT\nET  DE  LA  REPARTITION  DE  LA  DOTATION  GLOBALISEE  COMMUNE  PREVUE\nAU  CONTRAT  PLURIANNUEL  D'OBJECTIFS  ET  DE  MOYENS  DE\nAPEL  DE  LA  BOUCLE  DE  LA  SEINE  - 920800281\nPOUR  LES  ETABLISSEMENTS  ET  SERVICES  SUIVANTS\nInstitut M\u00e9dico-Fducatif  (LM. -  IME LA  DAUPHINELLE  ~  9206901 53\n920690153\nEtablissement  pour  Enfants  ou  Adolescents  Polyhandicap\u00e9s  - SECTION  POLYHANDICAP  EMP  LES\nTILLEULS  - 920004629\nService  d'\u00c9ducation  Sp\u00e9ciale  et  de  Soins  \u00e0  Domicile -  SESSAD  LES  TILLEULS  - 920007689\nFtab  Ace  M\u00e9dicalis\u00e9  en  tout  ou  partie personnes  handicap\u00e9es  - FAM  VILLEBOIS  MAREUIL -  920025335\nInstitut M\u00e9dico-Educatf  (LM.E.) - IME  EXTERNAT  MED  PEDAGOGIQUE  LES  TILLEULS  - 920690120\nEtablissement  et Service  d'Aide  par le Travail  (E.S.A.T.) - ESAT  LES  VOIES  DU  BOIS  - 920710803\nBuablissement  et Service  d'Aide  par  le Travail  (E.S.A.1.)  - ESAT  LE  CASTEL  - 920718558\nEtablissement  et Service  d'Aide  par  le Travail  (E.S.A.T.)  - ESAT  LES  CERISIERS  - 920804879\nFoyer  d'Aceueil  M\u00e9dicalis\u00e9  pour  Adultes  Handicap\u00e9s  (F.A.M.) - FAM  LES  ROSEAUX - 920813698\nEtablissement  et Service  d'Aide par  le Travail (E.$..T.) - ESAT  LES  BOULEAUX  - 920815537\nLe  Directeur  G\u00e9n\u00e9ral  de  ARS  Ile-de-France\nvu\nvu\nvu\nvu\nvu\nvu\nvu\nle Code  de  l'Action  Sociale  et des  Familles  ;\nle Code  de  Ia S\u00e9curit\u00e9  Sociale;\nla loi n\u00b0  2025-199  du  28  f\u00e9vrier 2025  de  financement  de  la S\u00e9curit\u00e9  Sociale  pour  2025\npubli\u00e9e au Journal Oficiel du  28 f\u00e9vrier 2025;\nl'ar\u00e9t\u00e9  minist\u00e9riel  du  02  juin  2025  publi\u00e9  au  Journal  Officiel  du  06 juin  2025  pris en\napplication  de  l'aile  L314-3  du  Code  de  l'Action  Sociale  et des  Familles  fixant, pour\nl'ann\u00e9e  2025  l'objectif  global  de  d\u00e9penses  d'assurance  maladie  et le montant  total de\nd\u00e9penses  pour  les \u00e9tablissements  et services  relevant  de  la Caisse  nationale  de  solidarit\u00e9\npour l'autonomie;\nLa d\u00e9cision  du  19 novembre  2025  publi\u00e9e au  Journal  Miel  du  26  novembre  2025  relative\naux  doutions  r\u00e9gionales  limitatives  2025  et \u00e0  la moyenne  nationale  des  besoins  en  soins\nrequis 2025 ;\nJe d\u00e9cret  du  10  avril 2024  portant  nomination  de  Monsieur  ROBIN  Denis  en  qualit\u00e9  de\nDirecteur  G\u00e9n\u00e9ral  de  agence  r\u00e9gionale  de  sant\u00e9  Ile-de-France\nl'arr\u00e8t\u00e9 n\u00b0119-2024  portant  d\u00e9l\u00e9gation  de  signature du  Directeur  G\u00e9n\u00e9ral  de  l'Agence\nr\u00e9gionale  de  sant\u00e9  le-de-France  au  Directeur  de  la d\u00e9l\u00e9gation  d\u00e9partementale  des  Hauts-de-\nSeine  en  date  du  4 novembre  2024  ;\n\nVU  le Contrat  Puriannuel  d* Objectif et de  Moyens  conclu  le 30  novembre  2017  prenant  effet\nau  1 janvier  2018  ;\nCConsid\u00e9rant la d\u00e9cision tarifaire initiale n\u00b0277  en date du  23 juin 2025  ;\nDECIDE\n'Antcle 1\u00b0 A compter  du  1 janvier  2025,  au  titre de  2025,  la dotation globalis\u00e9e commune  des\n'iablissements  et services  m\u00e9dico-sociaux  financ\u00e9s  par  l'Assurance  Maladie,  g\u00e9r\u00e9s.\npar l'entit\u00e9 d\u00e9nomm\u00e9e  APEI  DE  LA  BOUCLE  DE  LA  SEINE  (920800281), a \u00e9t\u00e9\nFix\u00e9e \u00e0 13 825  006,74 \u20ac, dont  0,00 \u20ac de  cr\u00e9dits non  reconductibles vers\u00e9s en  une seule\nfois.\nElle se r\u00e9partt de  la mani\u00e8re  suivante, les prix de  journ\u00e9e  \u00e0 compter  du  1* jai\n202$  cant  \u00e9galement  mentionn\u00e9s,\n+ Personnes  handicap\u00e9es:  13  825  006,74 \u20ac  (dont  13825  006,74 \u20ac  imputable  \u00e0\nl'assurance maladie)\nDowns  eo)\nFINES NE = EXT Fe A  a  | a  | su\nFans\nSECTION\npouvianpic | oo |  mu\u00e9r\u00e9ss | 000 00 0  oo a  000\n\"APEMPLES\nTILLEULS\nsam\nSESSADIES  |  000  00  00  aso  |\u00e9mosas  |  ago  oo  00\nLLEULS\nBST\npa  7 000vos  | 140292077 | a  000 oo om  00\nMAREUL\nSE\nIME\nexrennar | 000 | 154688279] 00 om  00 000 000 00\nMEDPEDAG\nLES  TILLEUES\nPOS\nIMELA om |2smss | 000 om |  sssaser | swiss | 000 0\nDAUPINELLE\n20710803\nESATLES.\nESAS  | goo | 117310000] oo oo 00 000 000 00\nBOIS.\nTaree\nESATLE ago | 161019225] oo aso 000 oo oo 000\nCASTE\nesartes | 000 | vossszsas| 00 000 oo 000 00 oo\nCERISERS\n520868\nFAMLES | 13685908] \u2014 900 aco 000 oo 000 00 ao\nROSEAUX\nS20K15837\nesaries | oo | ones  | 000 000 00 000 ao 00\nBOULEAUX.\n\nPin  de Joe  en)\nFINS me 5 Er PR |  Aut [Au |  Aw) | san\nFES\nSECTION\npowvwanpic | oo | \u00abusr |  amo om 00 0  amo ago\n\"APEMP  LES\nTILLEULS\nSono\nsessabres | 000 oo 000 oo\" m0 |  00 ao 000\nTILLEULS.\nSans\ni  oo  6ms  | 9735 oo uw  | oo 200 a0 100\nMAREUIL\n'520650120\nME\nexrenvar | 000 |  21838 | a0 oo 0  00 00 oo\nMED  PEDAG\nLES  TILLEULS.\nLUE)\nIMELA am |  20m | 00 mo |  us  | asar | 00 oo\nDAUPNELLE\n\"20710803\n\u00c9SATLES.  \u00ef 7\"Sars  | 0  1622 00 on 00 apo 00 a0\nBOIS\nUE\n\"ESAT LE oo m2 00 000 000 0  000 so\nCASTEL.\nDoom\nESATLES | 000 mn | a  oo oo 000 m0 000\nCERISIERS\n'aOR\nramus | 1207 | ax 00 0  oo 0  amo 0\nROSEAUX\nDONS\nsates | 000 ss oo 000 00 om 00 om\"\nBOULEAUX\nPour  2025, la fraction forfaitaire mensuelle,  pour  le secteur personnes  handicap\u00e9es,  s'\u00e9tablit \u00e0\n1152  083,90 \u20ac (dont 1 152 083,90 \u20ac imputable \u00e0 l'Assurance  Maladie).\nAticle2  A  compter  du  1\u00b0 janvier 2026,  en  application de  l'arile  L.314-7  du  CAS,  la\ndotation globais\u00e9e  commune  s'\u00e9l\u00e8ve, \u00e0 tire transitoire, \u00e0 13 100 237,93  \u20ac. Elle se\nr\u00e9partit de  la mani\u00e8re  suivante,  ls  prix  de  journ\u00e9e  de reconduction \u00e9tant  \u00e9galement\nmentionn\u00e9s.\nPersonnes  handicap\u00e9es :  13 100  237,93  \u20ac  (dont 13 100 237,93 \u20ac imputable  \u00e0\nl'Assurance  Maladie)\nDates  (n\u00ae)\nNES  Nr  = EXT mr] ur  EME\nFaro\nSECTION\npotynanpicar| 000 |  m\u00e9ssrso | oo apo 00 0  00 000\nEMPLES\nLIEU\nsons\nsessapies | a  apo 200 ago | arm\u00e9es | om 0  000\nLIEU\nSSI\nFAMVILLEBOIS | 1o05s261 | ago |  10347296 | 000 om a  000 00\nMAREUIL\n\nror\nIMEEXTERNAT\nMED  PEDAG.\nLES  TILFULS\n00 143  05679 000 oo ao 90 0 a0\nSWISS\nMELA\nDAUPHINELLE\n0 arma 0m 000 ss 37438650\n'920710803\nESATLES  VOIES.\nDUBOIS\nMES oy om 000\nETS\nSAT  LE  CASTEL, 00 1  08  02.40 oo 0 0 00 00 m\nBoul\n\u00c9SATLES\nCERISIERS\nass oo oon\n'20813698\nFAMLES\nROSEAUX,\nET 00 000 oo 00 aso oo om\nPAUSE\n\u00c9SATLES.\nBOULEAUX\n00 6872920 00 no 0 am 0\nPi  due  (en)\nFR En LE\nLEURS\n000 2630 00 000 00 om\n520006\nSESSADLES\n\"TULEULS\n0 0 00 00 1393 00 ano\n10035338\nFAMVILLEROIS\nMAREUL.\na7 000 os oo 000 00 00 a0\n520590120\nIME  EXTERNAT\nMED  PEDAG\nLES  LLEULS.\noo 0 aso 000 oo 0.0\nSESS\nIMELA\nDAUPHINELLE\n00 war 00 17839 awa apo oo\n\"20710803\nESATLESVOIES\n'DUBOIS\n0 ms oo 00 ao om\nET\nESATLECASTEL, 000 ns 00 0 oo\nEl\n\u00c9SATLES\nCERISIERS\n261 ago 200 ano\n'SDR\nFAMLES\nROSEAUX\n1007 0 000 00 00 00 0 aso\nDOS\nESATLES\nBOULEAUX.\nooo ET 0 oo ao 00 0\nPour  2026,  la fraction forfaitaire mensuelle,  pour  le secteur personnes  handicap\u00e9es,  s'\u00e9tablit\n1091  686,50 \u20ac (nt  1 091  686,50 \u20ac  imputable  \u00e0 l'Assurance  Maladie)\n\nIl\nAnicle  3\nAniele  4\nArticle  S\nLes  recours  contentieux  dirig\u00e9s  conte  Ia pr\u00e9sente  d\u00e9cision  doivent  \u00eatre  port\u00e9s  devant\nle tribunal  administratif  terrioralement  comp\u00e9tent  tel que  pr\u00e9vu  par l'articleR.  312-\n10-1 du  Code  de  justice administrative dans  un  d\u00e9lai de  deux  mois  \u00e0 compter  de  sa.\npublication  ou,  pour  les personnes  auxquelles  elle sera  notifi\u00e9e, \u00e0  compter  de  sa\nnotification. Le  tribunal  administratif peut  \u00eatre saisi par  application  \u00ab Tel\u00e9recours\nitoyens \u00bb accessible par le site ww.elerecous  ff;\nLa  pr\u00e9sente  d\u00e9cision  sera  publi\u00e9e  au  recueil  des  actesadministratifs\nLe  Directeur  G\u00e9n\u00e9ral  de  'ARS  Ile-de-France  est charg\u00e9 de  l'ex\u00e9cution  de  la pr\u00e9sente\nd\u00e9cision  qui  sera  notifi\u00e9e  \u00e0  l'entit\u00e9 gestionnaire  (APEI  DE  LA  BOUCLE  DE  LA\nSEINE  920800281)  et aux  structures  concern\u00e9es,\nFait  Nanterre,  le 08 d\u00e9cembre  2025\nLe  Directeur de  la d\u00e9l\u00e9gation  D\u00e9partementale  des  Hauts-de-Seine\nde  l'Agence  r\u00e9gionale de  sant\u00e9 Ile-de-France\nAgence gon,  aimee\nLa  direct  ut\nP\u00e9lton  erate  cs  Hats de  sue\n\nR\u00e9PueL\nFRANCA ar\nDECISION  TARIFAIRE  N\u00b023504  PORTANT  MODIFICATION  POUR  2025  DU  MONTANT\nET  DE  LA  REPARTITION  DE  LA  DOTATION  GLOBALISEE  COMMUNE  PREVUE\n'AUCONTRAT  PLURIANNUEL  D'OBJECTIFS  ET  DE  MOYENS  DE,\nPAPILLONS  BLANCS  DE  LA  COLLINE  - 920718186\nPOUR  LES  ETABLISSEMENTS  ET  SERVICES  SUIVANTS\nInstitut M\u00e9dico-Fducatif  (LME )  - IME  LEONCE  MALECOT  EXTERNAT - 920812351\ntab.  Ace. M\u00e9dicals\u00e9  en  tout ou  parte  personnes  handicap\u00e9es  - EAM  LE  CEDRE  BLEU  - 920003597\nInstitut M\u00e9dico-Educatif  (M.E.) - IME  JEUNE  APPEDIA - 920003910\nService  d'\u00c9dueation  Sp\u00e9ciale  et de Soins  \u00e0 Domicile  - SESSAD  DU  VAL  D'OR - 920004389\nInstitut M\u00e9dico-Educatif  (LM.E.) - IME  LA  VILLA  D'AVRAY  - 920012358\nInstitut M\u00e9dico-Edueati  (LM.E.) - IME  DU  PARC  - 920023439\nEtablissement  et Service  d'Aide  par le Travail  (E.S.A.T.) -  ESAT  ALEMBERT - 920800216\nInstitut M\u00e9dico-Educatif  (LM.E.)- IME  EXTERNALISE  SISS  APPEDIA - 920812559\nEtablissement  et Service  d'Aide  par le Travail (E.S.A.T.) - ESAT  COPERNIC  - 920814183,\nEtablissement  pour  Enfants  ou  Adolescents  Polyhandicap\u00e9s  - SECTION  QUELQUE  CHOSE  EN  PLUS  -\n920816055\nLe  Directeur  G\u00e9n\u00e9ral  de  'ARS  Ile-de-France\nvu Le Code de l'Action Socialeet des Famille ;\nvu le Code dela S\u00e9curit\u00e9 Sociale;\nvu  a  loi n\u00b0  2025-199 du  28  f\u00e9vrier  2025  de  financement  de  la S\u00e9curit\u00e9  Sociale  pour  2025\npubli\u00e9e au Journal Ofiiel du 28 f\u00e9vrier 2025 ;\nvu  l'ar\u00e8t\u00e9  minist\u00e9riel  du  02  juin  2025  publi\u00e9  au  Journal  Officiel  du  06 juin  2025  pris en\napplication de  l'art  L314-3  du  Code  de l'Action Social  et des Familles  fixant, pour\n'ann\u00e9e  2025  l'objectif  global  de  d\u00e9penses  d'assurance  maladie  et le montant  total de\n'd\u00e9penses pour  Les \u00e9tablissements  et services relevant de  Ia Caisse  nationale de solidarit\u00e9\npour l'autonomie ;\nvu  La d\u00e9cision du  19 novembre  2025  publi\u00e9e au Journal Officiel du  26  novembre  2025\nrelative aux  dottions  r\u00e9gionales limitatives 2025  et \u00e0 la moyenne  nationale des  besoins\nen  soins  requis  2025  ;\nvu  Le d\u00e9cret du  10 avril 2024  portant nomination  de  Monsieur  ROBIN  Denis  en qualit\u00e9 de\nDirecteur  G\u00e9n\u00e9ral de l'agence  r\u00e9gionale  de  sant\u00e9  Ile-de-France ;\nvu  l'arr\u00eat\u00e9 n\u00b0119-2024  portant d\u00e9l\u00e9gation de  signature du  Directeur G\u00e9n\u00e9ral  de  l'Agence\nr\u00e9gionale  de  sant\u00e9  Ile-de-France  au  Directeur  de  la d\u00e9l\u00e9gation  d\u00e9partementale  des\nHauts-de-Seine  en  date  du  4 novembre  2024  ;\nvu Le Contrat Pluriannuel d'Objectifs et de Moyens conclu le 19 d\u00e9cembre 2022 prenant\neffet au  1 janvier  2023  ;\nConsid\u00e9rant  ta d\u00e9cision tarifaire initiale n\u00b01384  en date du  23 juin 2025  ;\n\nDECIDE\nAAricle I\" \u00c0 compter  du  1  janvier 2025,  au  tre  de  2025,  la dotation globalis\u00e9  commune  des\ntblissement  et services m\u00e9dico-sociaux  finane\u00e9s par l'Assurance  Maladie,  g\u00e9r\u00e9s\npar  l'entit\u00e9 d\u00e9nomm\u00e9e  PAPILLONS  BLANCS  DE  LA  COLLINE  (920718186),  \u00e0  \u00e9t\u00e9\nfix\u00e9e \u00e0 25 598  999,41 \u20ac, dont 0,00\u20ac  de cr\u00e9dits non reconduetbles  vers\u00e9s en ue  seule\nfois.\nElle se r\u00e9partit de  la mani\u00e8re  suivante, les prix de  journ\u00e9e  \u00e0 compter  du  1*  janvier\n2025  \u00e9tant \u00e9galement  mentionn\u00e9s,\n= Personnes  handicap\u00e9es:  25 598  999,41 \u20ac  (dont  25.598  999,41  \u20ac  imputable  \u00e0\nl'assurance maladie)\n'Denon x  @)\nNES i  a EXT CE  EE  EEE ET\nToner\nEAMLE [19520529 | 26573091 | ao 00 om  000 oon oo\nEDR  BLEU\n'3003910\nIMEEUNE | sopoissz | 97350376 | 000 0  000 oo oo 00\n'APPEDIA\nSama\nsessappu | a  00 000 oo | s3ssosias | 16674006 | ssvesiras| 000\nDIE\nIMELAVILLA | 78521026 | 99935855 | aw\u00e9iir | 090 00 000 ao 000\nDAVRAY.\n\"Sain\nmee  | oo [iso] amo oo 00 000 00 oo\n'SIRO\nSAT a  | 1078523] 000 oo a0 om 0  amo\nALEMBERT.\nSa\nIMELEONCEMELEONCE | 2oq2s922 | 1086751 | 000 00 000 00  0  so\nEXTERNAT\n520812559\nMEexe ise|  000  oo  00  om  |  2420ms9  |  000  om  00\nSISS  APPEDIA\nROIS\nESAT  oo  |  \u00e9rmsss  |  000  0  0  oo  om  om\ncore:\n'2081638\nSECTION\naueique | om [issauss| 000 om oo apo oo oo\nCHOSEEN\nPLUS\nFide  Found  a)\nPRES i  a mr  me | Aut | Aw? | Aus | san\nFans\name  |  nas  |  as  |  00  00  so  0  oo  oo\nCEDRE  BLEU\n2003910\nIMEUNE | sus | 56  | 000 000 00  0  po 00\n'APPEDIN\n\nFANS\nME\nEXTERNALISE\nSISSAPPEDIA\n00 000 257641612 000 a 00\nET\nESAT  COPERNIC\nsain amo 00 oo 90 0\nHONTE\nSECTION\nQUELQUE\n(CHOSE  ENPLUS\n00 1408450 00 00 oo 00\na  deu  (\u20ac\nFES Nr I PAR nat Le Eu]\nTa\nEAMLE  CEDRE,\nBLEU\nans\nRE 00 0 oo om\n\"20003910\nIME  JEUNE sis 000 0 000 om 000\n0\nSESSAD DU  VAL\nDOR\n000 000 m0 21898 0\nSawa\nIM\u00c9LAMLLAD\nAVRAY.\nass ao om ono\npre\nIM\u00c9DUPARC\nm san ago oo oo m m1 oo\nEn\nESATALENBIERT 0 mn oo 00 a0 oo\nHOT\nIMELMALECOT\nEXTERNAT.\n556 26 000 oo 00 0 a oo\nRSS)\nME\nEXTERNALISE\nSISSAPPEDIA,\noo apo asia oo om 000\n920814183\nESAT  COPERNIC 000 000 oo oo 000 00 00\nSamos\nSECTION\nQUELQUE\n'CHOSE  EN  PLUS\n000 as 000 0 00 oo oo\nPour  2026,  Ia fraction forfaaire  mensuelle,  pour  le secteur personnes  handicap\u00e9es,  s'\u00e9tablit \u00e0\n2 380  555,02  \u20ac (dont 2 380  555,02  \u20ac imputables  \u00e0 l'Assurance  Maladie)\nAntcle3\nAnicle  4\nLes  recours contentieux  dirig\u00e9s contre la pr\u00e9sente d\u00e9cision doivent \u00eatre port\u00e9s devant\nLe tribunal administratif tevtorialement  comp\u00e9tent  tel que  pr\u00e9vu  par l'article R. 312-\n10.1 du  Code  de justice administrative dans  un  d\u00e9lai de  deux  mois  \u00e0 compter de sa\npublication ou, pour  les personnes  auxquelles  elle sera notifi\u00e9e, \u00e0 compter  de  sa\nnotification. Le  tbunal  administratif peut  \u00eatre saisi par l'application \u00ab T\u00e9l\u00e9recours\ncitoyens \u00bb accessible par le site www  telerecours.f\nLa  pr\u00e9sente d\u00e9cision sera publi\u00e9e au  recueil des acts  administratif.\n\non\nsessapbu  |  000  0  0  am  |  106  |  assso  |  ss  |  no\nVAL  D'OR\n20012358\nIMELAVILLA | as\u00bb | asus | 000 ono 000 m0 a0 on\nDAVRAY\n20023439mame  | ag |  ss  | mn on ow 000 oo 000\nSRE\nSAT. 000 eu oo 000 000 00 a  oo\nALEMBERT.\nSOS\nIMELEONCEMELEONCE | ssou | 4x  |  000 000 00 a0 oo  00\nEXTERNAL.\n2082859\nMEmuse  | 00 000 000 om |  ass | 00 oon ao\nSISSAPPEDIA,\nSBR\nSAT a0 sou 00 00 00 00  om 00\nCORNE\n'amos\nSECTION\nqueque | 00 |  snr | om 000 000 00 ooo 000\nCHOSEN\nPLUS.\nPour  2025,  Ia fraction forfaitaire mensuelle,  pour  le secteur personnes  handicap\u00e9es,  s'\u00e9tablit \u00e0\n2133  249,95 \u20ac (dont 2 133 249,95  \u20ac imputabes \u00e0 l'Assurance  Maladie).\nAnicle2  A  compter  du  1*  janvier  2026,  en  application  de  l'article L314-7  du  CASE,  la\ndotation globalis\u00e9e commune  s'\u00e9l\u00e8ve  \u00e0 tte  transitoire, \u00e0 28  566  660,18 \u20ac. Elle se\nr\u00e9partitde  la mani\u00e8re  suivant,  les prix de journ\u00e9e de  reconduction  \u00e9tant \u00e9galement\nmentionn\u00e9s\n= Personnes  handicap\u00e9es  : 28  566  660,18 \u20ac  (dont  28  566  660,18\u20ac  imputables \u00e0\nAssurance  Maladie)\nDonne\nFES  mr I ET FR] nur [awe | aus | sup\nrooms\nEAMLECEDRE | 166800080 | 22840881 | ao 000 oo 000 400 oon\nFOI\nmeeuxe | 93814973 [ro  | 000 00 o0 00 000 ao\n\"APPEDIA\nSno\nSESSADDU VAL | ao 000 a0 |  4eaposo94 | 22092826 | 4681587) 000\nD'OR\nRo\nIMELAVILLA  |  99330879  | 113787108  |  44358593  |  000  00  00  00  00\nDAVRAY\nons  |  900 ms  00ss  | ago [issms| 00 000 ano 00 0\nET  omer]  00 | 1o1sa2s23| 00 000 oo 00 00\nANRT\nIME LEONCE i mn oi DMON  Laomausso|  1eme  | 000  06 om  0  |  0\"\nEXTERNAT,\n\nAmicleS  Le  Directeur  G\u00e9n\u00e9ral  de  l'ARS  Ile-de-France  est charg\u00e9  de  l'ex\u00e9eution  de  la pr\u00e9sente\nd\u00e9cision  qui  sera  notifi\u00e9e  \u00e0  l'entit\u00e9 gestionnaire  (PAPILLONS  BLANCS  DE  LA\n(COLLINE)  920718186 et aux structures concern\u00e9es.\nFait  Nanterre,  le 08  d\u00e9cembre  2025\n0 i Dr  et  quon  Degree  es  Hated  See\nde  l'Agence  r\u00e9gionale  de  sant\u00e9  de  France\nPond  n\u00e9  ted  once\nA  La directrice adjoinie dela\npain  destin Se\n'Weronique OUGAY\n\nDECISION  TARIFAIRE  N\u00b024311  PORTANT  MODIFICATION\nDU  PRIX  DE  JOURNEE  2025  DU\n(CMP  PRADIER  - 920680121,\nLe  Directeur  G\u00e9n\u00e9ral  de  'ARS  Ile-de-France\nVU  le  Code de l'Action  Sociale  et des  Familles;\nVU  le Code  dela  S\u00e9curit\u00e9  Sociale;\nVU  Ia loi n\u00b0 2025-199  du  28  f\u00e9vrier 2025  de  financement  de  la S\u00e9curit\u00e9 Sociale pour  2025\npubli\u00e9  au Journal Officiel du  28 f\u00e9vrier 2025  ;\nVU  Varr\u00e9t\u00e9  minstrel  du  02  juin  2025  publi\u00e9  au  Journal  Officiel  du  06  juin  2025  pris en\napplication de l'article L314-3  du  Code  de  l'Action Sociale et des  Familles  fixamt, pour\nl'ann\u00e9e  2025  l'objectif global  de  d\u00e9penses  d'assurance  maladie  et Le montant  total de\nd\u00e9penses  pour  Les \u00e9tablissements et  services relevant de la Caisse  nationale de  solidarit\u00e9\npour autonomie ;\nVU  d\u00e9cision  du  19 novembre  2025  publi\u00e9e au  Journal Officiel du  26  novembre  2025  relative\naux  doutions  r\u00e9gionales limitatives 2025  et \u00e0 la moyenne  nationale des  besoins en  soins\nrequis  2025  ;\nVU  Le d\u00e9cret du  10 avril 2024  portant nomination  de  Monsieur  ROBIN  Denis en qualit\u00e9 de\nDirecteur  G\u00e9n\u00e9ral  de l'agence  r\u00e9gionale  de sant\u00e9  He-de-France ;\nVU  ar\u00e9t\u00e9  1\u00b0119-2024  portant  d\u00e9l\u00e9gation  de  signature  du  Directeur G\u00e9n\u00e9ral  de  l'Agence\nr\u00e9gionale de sant\u00e9 Ile-de-France au Directeur de la d\u00e9l\u00e9gation d\u00e9partementale des Haut-de~\nSeine  en  date  du  4 novembre  2024  ;\nVU  l'autorisation ou  le renouvellement  d'autorisation en date du  03  janvier 2017 de la structure\nCentre  M\u00e9dico-Psycho-P\u00e9dagogique  (C.M P.P)  d\u00e9nomm\u00e9e  CMPP  PRADIER  (920680121)\nsise  26  R  PRADIER  92410  Ville-Avray  et g\u00e9r\u00e9e  par  l'entit\u00e9 d\u00e9nomm\u00e9e  CENTRE\nINTERVENTION  DYNAMIQUE  EDUCATIVE  (920718053)  ;\nConsid\u00e9rant  Ia  d\u00e9cision tarifaire intale  n\u00b0 15171  en date du  18 juillet 2028  portant fixation du\nprix de  journ\u00e9e  globals\u00e9  pour  2025  de  la structure  d\u00e9nomm\u00e9e  CMPP  PRADIER -\n920680121\nDECIDE\nAticle  A. compter  du  1  d\u00e9cembre  2025,  pour  2025,  les recettes  et les d\u00e9penses\npr\u00e9visionnelles de la structure sont autoris\u00e9es comme  suit\n\nMONTANTS(GROUPES FONCTIONNELS. pe\n'Groupe  T\nDe\u00e9pensesaff\u00e9entes \u00e0 l'exploitation courante 13 827,86\n\"dont  CNR  77\nGroupe  I\nD\u00e9penses aff\u00e9rentes aupersonnel 42885472\nDerexses  [=dont CNR  DC)\nGroupe  IIL\n[D\u00e9penses aff\u00e9rentes la structure 86 482,42\n= dont CNR. sax\nReprise  de  d\u00e9ncts  7.00\nTOTAL  D\u00e9penses|  529  16500\nGroupe  T\nProduits dela tarification 529 165,01\n= dont  CNR  6  86000\n\"Groupe  It aaa\nRecerres  |  Autres  produits relatifs exploitation  L\nGroupe  I  Fr\nProduits  financiers et produit  non  encassables\n[Reprise d'exc\u00e9dents ae\nTOTAL  Recettes|  529  165,01\nD\u00e9penses  exclues  du  tarif 0,00 \u20ac\nAse?  Pour  2025,  l\u00e0 ion  dev  posais  de  ste  dinamo  CMPP\nPRADIER  MN  fe  cme  ut,  some  d\u00e9cembre  325\nRe  [on [eee]  ext |  mm  |  aura  |  are  | aura\nPas\u00e9sioumt |  oo  |  ao  |  ow  |  om  |  us  |  a00 |  ooo\nAle  \u00c0  camper  a  javier  2026  en  pp  de  ail  13147  CASE,  le\nttf  dren  een  et  er  oe\nFous mr |semunr| exr PER aut  | aur2 | aur3\nFricdejoum\u00e9s | og  |  000 |  ooo |  000 |  14600 |  oo  |  00\nAside  Les  ctr  cote  dig  cot  le ios  d\u00e9bion  dive  Oe  pnd\nArata  sista  erro  comp  go  rev  pr  oe\nStaats  Cote  de  jer  stminsrave  ane  un  de  dax  mob  \u00c0\nns de  mn  us  pour  he  pes  mal  a  we  og  \u00e0\ncae  ce  nn  tonal  sins  pt  sa  pa ape\n(Tena  cie  acl  pare  te  meee\nAries  Larsen  dion  ea  publi  uel  des at  mit\n\nAmicle6  Le  Directeur  G\u00e9n\u00e9ral  de  l'ARS  Ile-de-France  est charg\u00e9  de  l'ex\u00e9cution  de  Ia\npr\u00e9sente d\u00e9cision qui sera notfi\u00e9e  \u00e0 l'emit\u00e9 gestionnaire CENTRE\nINTERVENTION  DYNAMIQUE  EDUCATIVE  (920718053)  et \u00e0 l'\u00e9tablissement\nconcern\nFait \u00e0 Nanterre, le 08  d\u00e9cembre  2025\ndl  Directeurde la D\u00e9l\u00e9gation d\u00e9partementale des Hauts-de-Seine\nde  Agence  r\u00e9gionale  de  sant\u00e9  Ile-de-France\nAg ee Re  \u00c9lede  France\nLidrec  ointedels\nDelton  aparece Hauts de  Sale\nei\n\nR\u00c9PUBLIQUE\nFRAN\u00c7AISE ar\nLS\nDECISION  TARIFAIRE  N\u00b0  25799  PORTANT  MODIFICATION\nDU  PRIX  DE  JOURNEE  2025  DE  LA\nMAS  HOPITAL  NORD  VILLENEUVE  92  - 920017258\nLe  Directeur G\u00e9n\u00e9ral  de  ARS  Ile-de-France\nvu\nvu\nvu\nvu\nvu\nConsid\u00e9rant  la d\u00e9cision  tarifaire init\nArticle\nle Code  de  l'Action  Sociale  et des  Familles;\nLe Code  dela  S\u00e9curit\u00e9  Sociale;\nLa lo  n\u00b0 2025-199 du  28  f\u00e9vrier 2025  de financement  de la S\u00e9curit\u00e9 Sociale pour  2025\npubli\u00e9e au Journal  Officiel  du  28  f\u00e9vrier 2025  ;\nVart\u00e9t\u00e9 minist\u00e9riel du  02  juin 2025  publi\u00e9 au  Journal Officiel du  06  juin 2025  pris en\napplication de  Matic  L314-3  du  Code  de  l'Action Sociale et des Familles  fixant, pour\nl'ann\u00e9e 2025  l'objectif global de  d\u00e9penses  d'assurance  maladie  et le montant  total de\nd\u00e9penses  pour  les \u00e9tablissements et services relevant de  la Caisse  nationale de  solidarit\u00e9\npour  Fautonomie;\nLa d\u00e9cision du  19 novembre  2025  publi\u00e9e au Journal Officiel du  26  novembre  2025  relative\naux  dotations  r\u00e9gionale  limiatives  2025  et \u00e0  Ia moyenne  nationale  des  besoins  en  soins\nrequis 2025 ;\nle d\u00e9cret du  10 avril 2024  portant nomination  de  Monsieur  ROBIN  Denis  en  qualit\u00e9 de\nDirecteur G\u00e9n\u00e9ral  de  l'agence r\u00e9gionale de  sant\u00e9 le-de-France ;\nVaret\u00e9  n\u00b0119-2024  portant d\u00e9l\u00e9gation de  signature du  Directeur G\u00e9n\u00e9ral  de  l'Agence\nr\u00e9gionale de sant\u00e9 Ile-de-France au Directeur de la d\u00e9l\u00e9gation d\u00e9partementale  des  Hauts-de-\nSeine  en  date  du  4  novembre  2024  ;\nl'autorisation ou  le renouvellement  d'autorisation en  date du  29  juin 2007  de la structure\nMaison  d'Aceucil  Sp\u00e9cialis\u00e9e  (M.A.S.) d\u00e9nomm\u00e9e  MAS  HOPITAL  NORD  VILLENEUVE\n92  (920017258)  sise 75  AVENUE  DE  VERDUN  92390  Villenouve-la-Garenne  et g\u00e9r\u00e9  par\nl'enit\u00e9 d\u00e9nomm\u00e9e  ASSOCIATION  HOPITAL  NORD  92  (920810330);\nde n\u00b0 15146  en date du  22  juillet 202$  portant fixation du\nprix de  journ\u00e9e  globalis\u00e9 pour  2025  de  la structure d\u00e9nomm\u00e9e  MAS  HOPITAL\nNORD  VILLENEUVE  92  - 920017258,\nDECIDE\n'A compter  du  1\"  d\u00e9cembre  2025,  pour  2025,  les recettes et les d\u00e9penses\npr\u00e9visionnelles dela  structure sont autoris\u00e9es comme  suit\n\nMoNTaNis'GnouPes  FONCTIONNELS  i\nGroupe Res\nD\u00e9penses afl\u00e9rete exploitation courante EE\ndot  CHR. 44 590,38\nGroupe\nD\u00e9penses aff\u00e9rentesau personnel 4276 18453\nDerenses  [=  dont CNR  ea\n'Groupe  HT\nD\u00e9peresaf\u00e9rentes \u00e0 a stucture 13528266\n= dont  CNR  mi\nReprise  de  dE  oe\nTOTAL  Dipenses|  6841  968,30\nGroupe\nProdu det tarification 6303 15305\nDL\nRecerres A exploitation 41615339\n'Groupe  II\nProduits financiers e produits non encaissabes 103 26730\n[Reprise d'exc\u00e9dents LE\nTOTAL  Recettes] 6841  968,30\nD\u00e9penses  exclues  du  tarif: 0,00  \u20ac\nAnicle2  Pour  2025,  la tarification des  prestations  de  In structure  d\u00e9nomm\u00e9e  MAS  HOPITAL\nNORD  VILLENEUVE  92  (920017258)  est fix\u00e9e comme  suit, \u00e0 compter  du  1\"\nd\u00e9cembre  2025\nModalit\u00e9  d'accueil  |  INT  [SEMENT]  EXT  |  PFR  |  AUT!  |  AUT2  |  AUT3\nPrix  de journ\u00e9e  (en \u20ac)  |  418,10  |  0.00  |  000  |  000  |  000  |  000  |  000\nAmtcle3  A  compter  du  1*  janvier  2026,  en  application  de  l'article L314-7  du  CASF,  les\ntarifs de  reconduction, \u00e0 titre transitoire,sont les suivants\nModali\u00e9  d'accueil |  INT  [sEMENT]  EXT  |  PFR  |  AUT!  |  AUT2  |  avr:\nPrix  de  journ\u00e9e  (en \u00a9) |  32034  |  000  |  000  |  000  |  oo  |  oo  |  000\nAnicle4  Les  recours  contentieux  dirig\u00e9s  contre  la pr\u00e9sente  d\u00e9cision  doivent  \u00eatre port\u00e9s\ndevant  le tribunal administratif tertrialement  comp\u00e9tent  tel que  pr\u00e9vu par article\nR. 312-10-1  du  Code  de  justice administrative dans  un  d\u00e9lai de  deux  mois  \u00e0\ncompter  de  sa  publication  ou,  pour  les personnes  auxquelles  elle sera  notifi\u00e9e, \u00e0\ncompter  de  sa notification. Le  tibunal  administratif peut \u00eatre saisi par l'application\nT\u00e9l\u00e9recours  citoyens \u00bb accessible par Le site www  elerecoursfr.\nAnicleS  La  pr\u00e9sent  d\u00e9cision era  publi\u00e9e au recueil des acts  administratif.\n\nAnicle6  Le  Directeur G\u00e9n\u00e9ral  de  ARS  Ile-de-France est charg\u00e9  de l'ex\u00e9cution de  la\npr\u00e9sente d\u00e9cision qui sera notifi\u00e9e \u00c0 l'entit\u00e9 gestionnaire ASSOCIATION\nHOPITAL  NORD  92  (920810330) et \u00e0  l'\u00e9tablissement  concern\u00e9.\nFait  \u00e0 Nanterre,  le 08  d\u00e9cembre  2025\n[ue Directeur de  la d\u00e9l\u00e9gation D\u00e9partementale  des  Hauts-de-Seine\nde  l'Agence  r\u00e9gionale  de  sant\u00e9  Ile-de-France\n'Agence  R\u00e9gionale de Sant\u00e9 le  de  France\nLa directe  ajointe de  a\nD\u00e9atnddprterntal des Hauts de Sena\n<  :\nV\u00e9ronique  DUGAY\n\nDECISION  TARIFAIRE  N\u00b026298  PORTANT  MODIFICATION  POUR  2025  DU  MONTANT  ET  DE  LA\nREPARTITION  DE  LA  DOTATION  GLOBALISEE  COMMUNE  PREVUE  AU\nCONTRAT  PLURIANNUEL  D'OBJECTIFS  ET  DE  MOYENS  DE\n'ASSOCIATION  OEUVRES  D'AVENIR  - 920028271\nPOUR  LES  ETABLISSEMENTS  ET  SERVICES  SUIVANTS\nInstitut pour  D\u00e9ficients Auditifs - INSTITUT  DE  JEUNES  SOURDS  BG  LA  REINE  - 920690062\nEtab.Ace  M\u00e9di en  tout ou  parte  personnes  handicap\u00e9es  - EAM  ANNE  BERGUNION  - 750036758\nService d'\u00c9ducation Sp\u00e9ciale et de Soins \u00e0 Domicile - SESSAD  SIAM  75 - 750044042\nInstitut pour  D\u00e9ficients Visuels - INSTITUT  D  EDUCATION  SENSORIELLE  - 750710691\nBtab.Ace.M\u00e9dicalis\u00e9 en tout ou  partie personnes  handicap\u00e9es  - EAM  NOTRE  DAME  - 920018199\nService d'\u00c9ducation Sp\u00e9ciale et de Soins \u00e0 Domicile - SAFEP  ET  SSEFIS DE  BOURG  LA  REINE  -\n'920025400\nLe  Directeur  G\u00e9n\u00e9ral  de  'ARS  Ile-de-France\nvu\nvu\nvu\nvu\nvu\nvu\nvu\nConsid\u00e9rant  la  d\u00e9cision  taf\nle Code de l'Action  Sociale et des Familles;\nle Code  de  la S\u00e9curit\u00e9  Sociale;\nLa lo n\u00b0  2025-199  du  28  f\u00e9vrier  2025  de  financement  de  la S\u00e9curit\u00e9  Sociale  pour  2025\npubli\u00e9e au Journal Offeil  du 2802/2025  ;\nl'arr\u00e9t\u00e9 minist\u00e9riel  du  02/06/2025  publi\u00e9  au  Journal  Officiel  du  06/06/2025  pris en\npplication  de  Varicle  L314-3  du  Code  de  l'Action Sociale et des Familles  fixant, pour\nl'ann\u00e9e 2025  l'objectif global de  d\u00e9penses  d'assurance  maladie  et le montant  total de\nd\u00e9penses  pour  les \u00e9tablissements  et services  relevant  de  la Caisse  nationale  de  solidarit\u00e9\npour  l'autonomie ;\na  d\u00e9cision  du  19/11/2025  publi\u00e9e  au  Journal  Oficiel  du  26/11/2025  relative aux  dotations\nr\u00e9gionales limitatives 2025  et la moyenne  nationale des Besoins en  soins requis 2025;\nion de  Monsieur  ROBIN  Denis  en  qualit\u00e9  de\nDirecteur  G\u00e9n\u00e9ral  de l'agence r\u00e9gionale  de  sant\u00e9  Tede-France ;\nl'ar\u00e8t\u00e9  n\u00b0119-2024  portant  d\u00e9l\u00e9gation  de  signature  du  Directeur  G\u00e9n\u00e9ral de  l'Agence\nr\u00e9gionale de sant\u00e9 le-de-France  au  Directeur de  la d\u00e9l\u00e9gation d\u00e9partementale  des  Hauts-de-\nSeine  en  date  du  4  novembre  202.\nle Contrat  Pluriannuel d'Objectifs et de  Moyens  conclu  le 13/12/2018  prenant effet au\n01012019;\ninitiale n\u00b09834  en  date  du  27  juin  2025  ;\n\nAAnicle 1\"  A  compter  du  01/01/2025,  au  titre de  2025,  la dotation globalis\u00e9e commune  des\n\u00e9tablissements  et services  m\u00e9dico-sociaux  financ\u00e9s  par  l'Assurance  Maladie,  g\u00e9r\u00e9s\npar l'entit\u00e9 d\u00e9nomm\u00e9e  ASSOCIATION  OEUVRES  D'AVENIR  (920028271), a \u00e9t\u00e9\nfix\u00e9e \u00e0 20  252  104,26 \u20ac,  dont  0,00\u20ac  de  cr\u00e9dits non  rconductibles  vers\u00e9s en  une  seule\nfois.\nElle se r\u00e9parit de  La mani\u00e8re  suivante, les prix de  journ\u00e9e  \u00e0 compter  de  01/01/2025\n\u00e9tant  \u00e9galement  mentionn\u00e9s\n+ personnes  handicap\u00e9es  : 20  282 104,26 \u20ac (dont 20  252  104,26 \u20ac imputable  \u00e0\nassurance  maladie)\nET)\nDu = Br TE 'a ae a\naman  | 00 a  000 00 me 000 nm\nseSSADSiAM mn 090 om CRT  00\nsnr ins  | asso  | 000 am 000 om oo\nEU\nasso  | seas | oc 000 000 m  m m\n200 00 00 oo ac |  sms  | 000\narame  |  sou  |  000  do  Lime  |  00  000\n\nTree  me\nour | a  400 000 099 m0 000\nooo 00 M  com |  om |  ox a\nDSTTUT  D)\n\u00c9DUCATION as  | su  | om 190 ow 400 om\nCon\n000\nsou  |  ame  |  oo  om  |  su  |  ono  a a\nPour  202$,  la fraction forfaitaire mensuelle,  pour  le secteur personnes  handicap\u00e9es,  s'\u00e9tablit \u00e0\n1 687  675,35 \u20ac  (dont 1 687  675,35 \u20ac imputable  \u00e0 l'Assurance  Maladie)\n'Anicle2  \u00c0  compter du  1\" janvier 2026,  en  application de  l'article L314-7  du  CASE,  la\n'ottion  globalis\u00e9e commune  s'lve,  tie  tensor,  \u00c0 18234  679,70 \u20ac.  Elle se\nr\u00e9partitde  la mani\u00e8re  suivante, les prix de journ\u00e9e  de  reconduction  \u00e9tant \u00e9galement\nmentions\npersonnes  handicap\u00e9es:  18234  679,71  \u20ac\n{ont  18 254  679,71 \u20ac imputable\u00e0 l'Assurance Malic).\nses\nmess wr s wo om [au [ous [us | su\nul\nsee  |  2snans|  ow  |  am  |  om  |  om  |  om  |  om  |  om\nee  |  om  | om  |  om  |  ow  [russe] om  |  ow |  om\nASMP  | ions  | ancean|  om  |  am  |  on  |  oo  |  om  |  oo\nSOREL\new agg] vara  |  roma  |  om  |  am  |  om  |  om  |  om  |  0m\nsense  |  om  |  ou  |  am  |  om  |  ow  |  emsna  |  am  |  om\nfun\nASEM  | sasanse  |  imma  | am  |  om  ion]  ow  |  aw  |  om\n\nFane\nNess ot s ext ree mas | nar | ams sino\nBERENS\n000\nesta  Sats a  00 oo ax voor am 200\nen  | sus | om 2  000 a  am 000\nsous\nEAM  NOTRE  DANE\nax\nEE\n00 200 a  000 000 ms |  ow\nJEUNES  SOURDS\nCARE\nws  |  rm  |  oo  aco  |  am  |  a0  cm\nPour  2026,  la fraction forfstare  mensuelle,  pour  le secteur personnes  handicap\u00e9es,  s'\u00e9tablit \u00e0\n1519  556,64 \u20ac  (dont  1 519  556,64 \u20ac imputable  \u00e0 l'Assurance  Maladie)\nAnicle3\nAniele  4\nArticle  S\nLes  recours  contentieux  dirig\u00e9s  contre  Ia pr\u00e9sente  d\u00e9cision  doivent  \u00eatre  port\u00e9s devant\nle tribunal  administratif  terrtorialement  comp\u00e9tent  tel que  pr\u00e9vu  par  l'article R. 312-\n10-1 du  Code  de  justice administrative dans  un  d\u00e9lai de  deux  mois  \u00e0 compter  de  sa\npublication  ou,  pour  les personnes  auxquelles  elle sera  notifi\u00e9e, \u00e0  compter  de  sa\nnotification, Le  tribunal  administratif  peut  \u00eatre sais  par  l'application  \u00ab  T\u00e9l\u00e9recours\ncitoyens \u00bb accessible pare  site www.telerecours\nLa  pr\u00e9sente  d\u00e9cision sera publi\u00e9e au  recueil des  actes administratifs.\nLe  Directeur  G\u00e9n\u00e9ral de l'ARS  Ile-de-France  est charg\u00e9  de l'ex\u00e9cution  dela\nd\u00e9cision  qui  sera  notifi\u00e9e  \u00e0  l'enit\u00e9  gestiomaire  (ASSOCIATION.  OEUVRES\nD'AVENIR  920028271)  et aux structures concern\u00e9es.\nFait \u00e0 Nanterre, Le 08  d\u00e9cembre  2025\n{| Le Directeurde la d\u00e9l\u00e9gation D\u00e9partementale\nAgence R\u00e9gionalede Sant\u00e9 lle de-France\nL\u00e0 directrice adjoint  d\nD\u00e9l\u00e9gation aparemertle des aus  de ne\nV\u00e9ronique  DUGAY\n\nDECISION  TARIFAIRE  N\u00b027560  PORTANT  FIXATION  DU  PRIX  DE  JOURNEE  POUR  2025  DE.\nLe  Directeur  G\u00e9n\u00e9ral  de  'ARS  Hle-de-Fr\nvu\nvu\nvu\nvu\nvu\nvu\nvu\nIMP - 920690203\nle  Code de  Action  Sociale  et des  Familles:\nle Code  dela  S\u00e9curit\u00e9  Sociale  ;\nla Joi n\u00b0  2025-199  du  28  f\u00e9vrier  2025  de  financement  de  Ia S\u00e9curit\u00e9  Sociale  pour  2025\npubli\u00e9e au Journal Ofiiel  du  28022025  ;\nl'ar\u00e8t\u00e9  minist\u00e9riel  du  02/06/2025  publi\u00e9  au  Journal  Officiel  du  06/06/2025  pris en\napplication  de  l'article L314-3  du  Code  de  l'Action  Sociale  et des  Familles  fixant, pour\nl'ann\u00e9e  2025  l'objectif  global  de  d\u00e9penses  d'assurance  maladie  et le montant  total de\n'd\u00e9penses  pour  les \u00e9tablissements  et services  relevant  de  la Caisse  nationale  de  solidarit\u00e9\npour l'autonomie;\na  d\u00e9cision  du  19/11/2025  publi\u00e9e  au  Journal  Officiel  du  26/11/2025  relative aux  dotations\nr\u00e9gionales  limitatives  2025  et \u00e0  a  moyenne  nationale  des  besoins en  soins  requis  2025  ;\nle d\u00e9cret  du  10  Avril  2024  portant  nomination  de  Monsieur  ROBIN  Denis  en  qualit\u00e9  de\nDirecteur  G\u00e9n\u00e9ral de  l'agence  r\u00e9gionale  de  sant\u00e9  \u00cele-de-France;\nl'arr\u00e8t\u00e9 n\u00b0119:2024  portant  d\u00e9l\u00e9gation  de  signature  du  Directeur  G\u00e9n\u00e9ral  de  l'Agence\nr\u00e9gionale  de  sant\u00e9  Ile-de-France  au  Directeur  dela  d\u00e9l\u00e9gation  d\u00e9partementale  des  Hauts-\nde-Seine  en  date  du  4  novembre  2024  ;\nl'autorisation ou  Le renouvellement  d'autorisation en  date du  03/01/2017  de  la structure\nInstitut M\u00e9dico-Educaif(LME.)  d\u00e9nomm\u00e9e IMP  (920690203)  sise 68  R  DE  LA  VANNE\n92120  Montrouge  et g\u00e9r\u00e9e  par  l'entit\u00e9 d\u00e9nomm\u00e9e  AIDES  AUX  ENFANTS  DIFFICULTE\nAED  I(920001179);\nAAnicle  1*  A  compter  du  01/12/2025,  pour  2025,  ls  recettes  et les d\u00e9penses  pr\u00e9visionnels  de\nLa structure  sont  autoris\u00e9s  comme  suit:\n\nMONS\n'GnoUures FONCTIONNELS pap\nGrouper  306  79437\nDepensesaf\u00e9entes'expliation  courante\n= dont CNR. 300\n'Groupe  It 1209  46730\nD\u00e9penses  aff\u00e9rentes au  personnel\nerexses  [dont  CNR  om\n'Groupe  i  TO  SAS\nD\u00e9penses  afferents \u00e0 la sucre\ndont  CNR  50\nReprise de  ds  000\nTOTAL  Dipenses|  T9  045.35\nGrouper\nFrets de tion  10077\n= dont  CNR.  oo\n'Groupe  it 10200\nRecerres  | | aures  produits relatifs exploitation\n'Groupe  iL  3600.06\nProduits  finances  etproduits  non  ensissables\nReprise d'exc\u00e9dents 5625600\nTOTAL  Receites|  1 619  045.26\nD\u00e9penses  exclues  du  tart: 0,00 \u20ac\nAmtcle2  Pour  2025, l  tarficaton  des prestations dela  structure d\u00e9nomm\u00e9e  IMP  (920690203)\nest fix\u00e9e comme  suit, \u00e0  compter  du  01/12/2025  +\nposte [our [semen] Ex  pr  |  aura |  aur2 |  avr:\nPrices' | oo | 20451 | 000 0.00 0.00 0.00 0.00\nL.314-7  du  CASE,  les tarifsAmicle3  A compter du  1 janvier  2026,  en  aplication  de  1\n'de reconduction,  \u00c0  titre transitoire, sont  les suivants\nRe  [nr [semen] on  |  me  |  ava  |  ae  |  aura\nFixseiun  | o\u00f9  |  moe  |  ow  |  ao  |  ow  |  om  |  om\nArticle  Les  recours  contentieux  dirig\u00e9s  contre  la pr\u00e9sente  d\u00e9cision  doivent  \u00eatre port\u00e9s  devant\nLe tribunal  administratif  teritoralement  comp\u00e9tent  tel que  pr\u00e9vu  par  l'arile  R.312-\n10-1  du  Code  de  justice  administrative  dans  un  d\u00e9lai  de  deux  mois  \u00e0 compter de  sa\nPublication ou, pour les personnes auxquelles elle sera not\u00e9e, \u00e0 compter de sa\n'notification. Le  tribunal  administratif  peut  \u00eatre  sais  par  l'application  \u00ab  Tel\u00e9recours\ncitoyens\u00bb  accesible  par  este  www  elerecours fr\n\nArticle  5 La  pr\u00e9sente  d\u00e9cision  sera  publie  au  recueil des  actes  administratif.\nAicle 6  Le  Directeur  G\u00e9n\u00e9ral  de  'ARS  Ile-de-France  est charg\u00e9  de  l'ex\u00e9euton  de  a  pr\u00e9sente\nd\u00e9cision  qui  sers  noii\u00e9e  \u00e0 l'entit\u00e9 gestionnaire  AIDES  AUX  ENFANTS\nDIFFICULTE  A  E  D  I (920001179)  et \u00e0  l'\u00e9tablissement  concern\u00e9\nFait  \u00e0 Nanterre,  le 08  d\u00e9cembre  2025\n{[ Le  Directeur dela  dl\u00e9gtion  D\u00e9partementale\nagence R\u00e9gionale de Sant\u00e9 ede  France\nLa direcrice agjinte de\nb\u00e9tgation S\u00e9anementaedesHaus Sine\nvvronighy DUGAY\n\nDECISION  TARIFAIRE  N\u00b027701  PORTANT  MODIFICATION  DU  PRIX  DE  JOURNEE  2025  DE\n'CMPP  GALLIENI  - 920680063\nLe  Directeur  G\u00e9n\u00e9ral  de  'ARS  Ile-de-France\nvu\nvu\nvu\nvu\nvu\nvu\nvu\nle Code  de  l'Action  Sociale  et des  Familles ;\nLe Code  de  la S\u00e9curit\u00e9  Sociale;\nLa loi n\u00b0  2025-199  du  28  f\u00e9vrier 2025  de  financement  de  la S\u00e9curit\u00e9  Sociale  pour  2025\npubli\u00e9e  au  Journal  Officiel  du  28/02/2025  ;\nl'ar\u00eat\u00e9  minist\u00e9riel  du  02/062025  publi\u00e9  au  Journal  Officiel  du  06/06/2025  pris en\napplication de  l'article L314-3  du  Code  de  l'Action Sociale et des Familles  fixant, pour\nl'ann\u00e9e  2025  l'objectif  global  de  d\u00e9penses  d'assurance  maladie  et le montant  total de\nd\u00e9penses  pour  les \u00e9tablissements  et services  relevant  de  la Caisse  nationale  de  solidarit\u00e9\npour  l'autonomie ;\nLa  d\u00e9cision  du  19/11/2025.  publi\u00e9e  au  Journal  Officiel  du  26/11/2025  relative aux  doutions\nr\u00e9gionales  imitatives  2025  et \u00e0 la moyenne  nationale  des  Besoins  en  soins  requis  2025  ;\nle d\u00e9cret  du  10  Avril  2024  portant  nomination  de  Monsieur  ROBIN  Denis  en  qualit\u00e9  de\nDirecteur  G\u00e9n\u00e9ral  de  l'agence  r\u00e9gionale  de  sant\u00e9  Ile-de-France  ;\nl'ar\u00e8t\u00e9  n\u00b0119-2024  portant  d\u00e9l\u00e9gation  de  signature  du  Directeur  G\u00e9n\u00e9ral  de  l'Agence\nr\u00e9gionale  de  sant\u00e9  Ile-de-France  au  Directeur  de  Ia d\u00e9l\u00e9gation  d\u00e9partementale des  Haut-de-\nSeine  en  date  du  4  novembre  2024  ;\nl'autorisation  ou  le renouvellement  d'autorisation  en  date  du  03/01/2017  de  la structure\nCentre  M\u00e9dico-Psycho-P\u00e9dagogique  (CMP)  d\u00e9nomm\u00e9e  CPP.  GALLIENI\n(920680063) sise 25  R  GALLIENI  92500  Rueil-Malmaison  et g\u00e9r\u00e9  par l'entit\u00e9 d\u00e9nomm\u00e9e\n{ASSOCIATION  JEU-DI  (920718244) ;\nConsid\u00e9rant  Ia  d\u00e9cision  tarifaire initiale n\u00b0  17981  en  date  du  24  novembre  2025  portant  fixation\ndu  prix de  journ\u00e9e  globalis\u00e9 pour  2025  de  la structure d\u00e9nomm\u00e9e  CMPP\nGALLIENI  - 920680063,\n\nArticle 1\u00b0 A  compter  du  01/122025,  pour  2025,  les recetes et les d\u00e9penses\nla structure  sont autoris\u00e9es comme  suit\npr\u00e9visionnelles de\nMOTS'GROUPES  FONCTIONNELS.  wre\nGroupe 39605,70\nD\u00e9penses  af\u00e9rentes \u00e0 l'expl\u00efation  courante\ndont CNR 008\n\"Groupe  11 B15  432.10\nD\u00e9penses  af\u00e9rentes  au personnel\nD\u00e9penses  [-dont  CNR  1148.00\n'Groupe  i  202  630,17\nD\u00e9penses  af\u00e9rentes  \u00e0  la structure\ndont  CNR.  FI202S\nReprise  de d\u00e9fis  0,00\nTOTAL  D\u00e9penses|  1057  567.91\n873  597,72\n= dont CNR 12336825\nGroupe  I 000\nRecerres  |  Autres  produits  relatif \u00e0  l'exploitation\n'Groupe  I  0.00\nProduits  fnanciers  et  produits  non  encaissables\nReprise  d'exc\u00e9dents  778  030.18.\nTOTAL  Recettes  |  1 061  867,91\nD\u00e9penses  exclues  du  tarif:0,00 \u20ac\nAnkle?  Pur  2025,  arf de  pousse  le ancre  donn\u00e9  CME\nGALLIEN  Rene  doom  DOS\nNie  [vr [eme]  ext |  me  |  aura |  ave  |  as\nPRE\nframe  |  000  |  ow  |  ooo  |  ow  |  am  |  ooo  |  o\u00f9\nrat\nAles  \u00c0  conper  du  1  janie  22,  en  apa  de  Frise  L314-7d  CAS,  es\ntui  dient  oe  ioe  teas\nNoe  [Or sewer  eo  [re |  aor  | ava  | as\nae\nfame  |  ooo  |  oc  |  om  |  oo  |  ism  |  ao  |  om\n'eo\n\nAnicle4  Les  recours  contentieux  dirig\u00e9s  contre  la pr\u00e9sente  d\u00e9cision  doivent  \u00eatre port\u00e9s\ndevant  le tribunal  administratif  tertrialement  comp\u00e9tent  tel que  pr\u00e9vu  par  l'article\nR. 312-101  du  Code  de  justice  administrative  dans  un  d\u00e9lai  de  deux  mois  \u00e0\ncompter  de  sa publication ou, pour  les personnes  auxquelles  ele  sera notifi\u00e9e, \u00e0\ncompter  de  sa notification. Le  tribunal  administratif peut  \u00eatre saisi par  application\n\u00ab  T\u00e9l\u00e9recour  citoyens  \u00bb accessible par Le site  www.clerecours  fr.\nAvticle  5 La  pr\u00e9sente  d\u00e9cision  sera  publi\u00e9e  au  recueil  des  actes  administratif.\nAnicle  6  Le  Directeur  G\u00e9n\u00e9ral  de  ARS  Ile-de-France  est charg\u00e9  de  l'ex\u00e9cution  de  la\npr\u00e9sente d\u00e9cision qui sera notifi\u00e9e \u00e0 l'entit\u00e9 gestionnaire ASSOCIATION  JEU-DI\n(920718244)  et \u00e0 l'\u00e9tablissement concern\u00e9.\nFait \u00e0 Nanterre, le 09  d\u00e9cembre  2025\n\u00a2 Le  Directeur dela  d\u00e9l\u00e9gation D\u00e9partementale\nAgence Regionale de Sant\u00e9 e-de-France\na  drectie  cine  dela\nD\u00e9l\u00e9gation d\u00e9partement des aus  de Seine\nV\u00e9ronique DUGAY\n\nu\nne\naise ar\nDECISION  TARIFAIRE  N-27899  PORTANT  MODIFICATION  DU  FORFAIT  GLOBAL  DE\nSOINS  POUR  2025  DE.\nEAM  LA  MAISON  EN  PLUS  - 920030194\nLe  Directeur  G\u00e9n\u00e9ral de  l'ARS  Ile-de-France\nVU  le Code  de  l'Action  Sociale  et des  Familles;\nVU  le Code  de  la S\u00e9curit\u00e9  Sociale;\nVU  aot  n\u00b0  2025-199 du 28  f\u00e9vrier 2025  de  financement  de  la S\u00e9curit\u00e9  Sociale  pour  2025  publi\u00e9e\nau  Journal  Office!  du  2802/2025  ;\nVU  l'ar\u00eat\u00e9  minist\u00e9riel  du  020672025  publi\u00e9  au  Journal  Officiel  du  0610672025  pris en\napplication  de  l'article L.314-3  du  Code  de  l'Action  Sociale  et des  Familles  fixant, pour\nl'ann\u00e9e  202$  l'objectif global  de  d\u00e9penses  d'assurance  maladie  et le montant  total de\nd\u00e9penses  pour  es  dablissements  et services  relevant de la Case  nationale de  solidarit\u00e9 pour\nautonomic;\nVU  la d\u00e9cision  du  19/11/2025  publi\u00e9e  au  Journal  Officiel  du  26/11/2025  relative  aux  dotations\nr\u00e9gionales  limitatives 2025  et la moyenne  national  des  besoins  en  soins  requis  2025  ;\nVU  le d\u00e9cret  du  10  Avril  2024  portant  nomination  de  Monsieur  ROBIN  Denis  en  qualit\u00e9  de\nDirecteur  G\u00e9n\u00e9ral  de  l'agence  r\u00e9gionale  de  sant\u00e9  He-de-France  ;\nVU  la d\u00e9cision  de  d\u00e9l\u00e9gation  de  signature  du  Directeur  G\u00e9n\u00e9ral  de  I'ARS  vers  le Directeur  de  la\n\u00e9l\u00e9vation  d\u00e9partementale  des  HAUTS-DE-SEINE  en  date  du  04/11/2024 ;\nVU  l'autorisation  ou  te renouvellement  d'autorisation  en  date  du  29/06/2011  de  La structure\ntab.  Ace.  M\u00e9dicalis\u00e9  en  toutou  parte  personnes  handicap\u00e9es  d\u00e9nomm\u00e9e  EAM  LA MAISON\nEN  PLUS  (920030194)  sie  56  R  DE  GARCHES  92420  Vaucresson  et g\u00e9r\u00e9e  par  l'entit\u00e9\nd\u00e9nomm\u00e9e  CESAP  (750815821\nConsid\u00e9rant  la d\u00e9cision  tarifaire initiale n\u00b0  2641  en  date  du  24  juin  2025  portant  fixation  du\nfat  global  de  soins  pour  2025  del  structure  d\u00e9nomm\u00e9e  EAM  LA  MAISON  EN\nPLUS-  920030194\nArticle  1\u00b0  \u00c0  compter  du  01/01/2025,  le forfait global  de  soins  est fix\u00e9 \u00e0  1 533  148,29 \u20ac  au  tte\n'de  2025,  dont  0,00 \u20ac de  cr\u00e9dits  non  reconduetibles vers\u00e9s  en  une  seule  fois.\nPour  2025,  la fraction forfaitaie mensuelle  s'\u00e9tablit, en  application de l'article R314-\n111  du  CASF, \u00e0  127  762,36 \u20ac.\nSoit  un  forfait journaler de  soins  de  133,93 \u20ac.\n\nArticle  2\nArticle3\nAnicle  4\nAnicle  $\nA  compter du  1\u00b0 janvier 2026, en application de  Particle L  3147  du  CASF,  les tarifs\nde  reconduction  sont  fix\u00e9s, \u00e0 tre  transitoire, \u00e0\n+ forfait annuel  global de soins 2026:  1 175 613,29 \u20ac (douzi\u00e8me  applicable s'\u00e9levant\n497  967,776)\n+  fofatjouralier de soins  de  reconduetion de 102,70 \u20ac\nLes  recours  contentieux  dirig\u00e9s  contre  la pr\u00e9sente  d\u00e9cision  doivent  \u00eatre port\u00e9s  devant\nJe tribunal administratif tertorialement  comp\u00e9tent  el  que  pr\u00e9vu  par l'article R. 312-\n10-1 du  Code  de  justice  administrative  dans  un  d\u00e9lai  de  deux  mois  \u00e0 compter  de  sa\npublication  ou,  pour  les personnes  auxquelles  elle sera notifi\u00e9e, \u00e0  compter  de  sa\nnotification. Le  tribunal administratif peut \u00eatre saisi par l'application \u00ab T\u00e9l\u00e9recours\ncitoyens  \u00bb accessible  par  Le site wwwtelerecous\nLa  pr\u00e9sente  d\u00e9cision  sera  publi\u00e9e  au  recueil  des  actes  administratifs\nLe  Directeur  G\u00e9n\u00e9ral  de \"ARS  Hle-de-France  est charg\u00e9 de  l'ex\u00e9cution  de La pr\u00e9sent\nd\u00e9cision  qui  sera  notifi\u00e9e  \u00e0 l'entit\u00e9 gestionnaire  CESAP  (750815821)  et \u00e0\nl'\u00e9tablissement concern\u00e9.\nFait \u00e0  Nanterre,  le 09 d\u00e9cembre  2025\nLe  Diner de  d\u00e9l\u00e9gnion  D\u00e9panenenale\nAgence Rionae de San\u00e9 le de-France\nLa deciice  sine  dela\nD\u00e9\u00e9gien C\u00e9aremenalees Hauts Se\nke\n\n=e ee SE eee Bm ee a SR EEE SR 2 MR SERIES em 4264 UE D SR\nIMmMRI AA M  =\n= \" \" 1 1 1 x\nMP  RPM  Da  ee  el\n~  , . \u00ab , , 1\nAR IA == a . \" CS  .\n1 \" 1 . . \" oe \" 1. 4  - 1 \"4 1 1\n\u2014_s \u00ab CI oo. an\nat 1 rr  ATs rT\nwe  Re  ke  me  ere\n125\nRECUEIL DES ACTES ADMINISTRATIFS\nDU\nPREFET DES HAUTS-DE-SEINE\nISSN 0985 - 5955\nPour toute correspondance, s'adresser \u00e0 :\nPREFET DES HAUTS-DE-SEINE\nSecr\u00e9tariat g\u00e9n\u00e9ral\nSecr\u00e9tariat g\u00e9n\u00e9ral aux affaires d\u00e9partementales\n167/177, Avenue Joliot Curie\n92013 NANTERRE CEDEX\nLe recueil des actes administratifs est consultable en ligne sur le site de la pr\u00e9fecture\nAdresse Internet : https://www.hauts-de-seine.gouv.fr/\nDirecteur de la publication :\nAlexandre BRUGERE\nPREFET DES HAUTS-DE-SEINE\nwe es  ER = ~-,\n126\nPREFECTURE DES HAUTS-DE-SEINE\n167-177, avenue Joliot Curie 92013 NANTERRE Cedex\nCourriel : sgc-courrier@hauts-de-seine.gouv.fr\nStandard : 01.40.97.20.00 T\u00e9l\u00e9copie 01.40.97.25.21\nAdresse Internet : https://www.hauts-de-seine.gouv.fr/","date":"2026-02-20","first_seen_on":"2026-02-20T13:37:58+00:00","id":"47a38c110a7915ea8e22b7523b7396efc7c2382d54010f37a7153fd3af22f545","name":"2026-02-20 RAA sp\u00e9cial ARS-DD92 du 20 f\u00e9vrier 2026-avec compression","pdf_creation_date":null,"pdf_modification_date":null,"timezone":"Europe/Paris","url":"https://www.hauts-de-seine.gouv.fr/contenu/telechargement/28230/195336/file/2026-02-20%20RAA%20sp%C3%A9cial%20ARS-DD92%20du%2020%20f%C3%A9vrier%202026.pdf"}
