{"administration":"pref30","administration_name":"Pr\u00e9fecture du Gard","content":"PR\u00c9FET\nDU GARD\nRECUEIL DES ACTES\nADMINISTRATIFS SP\u00c9CIAL\nN\u00b030-2024-191\nPUBLI\u00c9 LE 28 NOVEMBRE 2024\nSommaire\nPrefecture du Gard /\n30-2024-11-28-00004 - Arr\u00eat\u00e9 donnant d\u00e9l\u00e9gation de signature \u00e0 M.\nFranck LACOSTE, directeur des s\u00e9curit\u00e9s, directeur de cabinet adjoint,\ndu pr\u00e9fet du Gard (5 pages) Page 3\n30-2024-11-28-00003 - Arr\u00eat\u00e9 portant abrogation des arr\u00eat\u00e9s donnant\nd\u00e9l\u00e9gation de signature aux d\u00e9l\u00e9gu\u00e9s du pr\u00e9fet dans les\nquartiers prioritaires politique de la ville (3 pages) Page 9\n2\nPrefecture du Gard\n30-2024-11-28-00004\nArr\u00eat\u00e9 donnant d\u00e9l\u00e9gation de signature \u00e0 M.\nFranck LACOSTE, directeur des s\u00e9curit\u00e9s,\ndirecteur de cabinet adjoint, du pr\u00e9fet du Gard\nPrefecture du Gard - 30-2024-11-28-00004 - Arr\u00eat\u00e9 donnant d\u00e9l\u00e9gation de signature \u00e0 M. Franck LACOSTE, directeur des s\u00e9curit\u00e9s,\ndirecteur de cabinet adjoint, du pr\u00e9fet du Gard 3\nExPREFETDU GARDL,iberte'Egalit\u00e9Fraternit\u00e9\nPr\u00e9fecture - Direction de la citoyennet\u00e9,\nde la l\u00e9galit\u00e9 et de la coordination\nService de la coordination des\npolitiques publiques et de l'appui territorial\nARRETE\ndonnant d\u00e9l\u00e9gation de signature \u00e0 M. Franck LACOSTE,\ndirecteur des s\u00e9curit\u00e9s, directeur de cabinet adjoint, du pr\u00e9fet du Gard\nLe pr\u00e9fet du Gard\nChevalier de la L\u00e9gion d'honneur,\nChevalier de l'ordre national du M\u00e9rite \nVu la  loi  n\u00b0  82-213  du  2  mars  1982  relative  aux  droits  et  libert\u00e9s  des  communes,  des \nd\u00e9partements et des r\u00e9gions, notamment son article 34 ;\nVu la  loi  d'orientation  n\u00b0  92-125  du  6  f\u00e9vrier  1992  modifi\u00e9e  relative  \u00e0  l'administration \nterritoriale de la R\u00e9publique ;\nVu le d\u00e9cret n\u00b0 97.34 du 15 janvier 1997 modifi\u00e9 relatif \u00e0 la d\u00e9concentration des d\u00e9cisions  \nadministratives individuelles ;\nVu le  d\u00e9cret  n\u00b0  2004-374  du  29  avril  2004  modifi\u00e9  relatif  aux  pouvoirs  des  pr\u00e9fets,  \u00e0 \nl'organisation et \u00e0 l'action des services de l'\u00c9tat dans les r\u00e9gions et d\u00e9partements ;\nVu le d\u00e9cret n\u00b0 2015-510 du 7 mai 2015 portant charte de la d\u00e9concentration ;\nVu le d\u00e9cret du 13 juillet 2023 nommant M. J\u00e9r\u00f4me BONET, pr\u00e9fet du Gard ;\nVu l'arr\u00eat\u00e9 30-2024-08-28-00003 du 28 ao\u00fbt 2024 portant organisation en directions, services et  \nbureaux de la pr\u00e9fecture du Gard ;\nVu l'arr\u00eat\u00e9 minist\u00e9riel n\u00b0 U12961050780868 du 23 janvier 2024 portant affectation de  M. \nFranck LACOSTE, attach\u00e9 principal d'administration, \u00e0 la pr\u00e9fecture du Gard \u00e0 Nimes ;\nVu la note de service du 13 f\u00e9vrier 2024 portant affectation de M. Franck LACOSTE aux fonc-\ntions de directeur des s\u00e9curit\u00e9s, directeur de cabinet adjoint du pr\u00e9fet du Gard ;\nVu L'arr\u00eat\u00e9 du 26 mars 2024 , publi\u00e9 au recueil des actes administratifs de la pr\u00e9fecture du  \nGard sous le n\u00b0  30-2024-03-26-00003, portant d\u00e9signation et d\u00e9l\u00e9gation de signature \u00e0  M. \nFranck LACOSTE directeur des s\u00e9curit\u00e9s, directeur de cabinet adjoint\nSur proposition du secr\u00e9taire g\u00e9n\u00e9ral de la pr\u00e9fecture du Gard ;\nArr\u00eate\nArticle 1 : D\u00e9l\u00e9gation de signature est donn\u00e9e \u00e0 M. Franck LACOSTE, directeur des s\u00e9curit\u00e9s, \ndirecteur de cabinet adjoint du pr\u00e9fet du Gard ,  pour signer toutes d\u00e9cisions relevant des  \nattributions de ses services ci apr\u00e8s d\u00e9finies :\nI- MISSION RADICALISATION\nSecr\u00e9tariat des diff\u00e9rentes cellules de lutte contre la radicalisation - Suivi des signalements  \nindividuels en liaison avec le CNAPR, l'UCLAT et la Zone de D\u00e9fense et de S\u00e9curit\u00e9 Sud - Mise  \nen \u0153uvre des mesures d'Interdiction et d'Opposition de Sortie du Territoire \u2013 Coordination  \nPrefecture du Gard - 30-2024-11-28-00004 - Arr\u00eat\u00e9 donnant d\u00e9l\u00e9gation de signature \u00e0 M. Franck LACOSTE, directeur des s\u00e9curit\u00e9s,\ndirecteur de cabinet adjoint, du pr\u00e9fet du Gard 4\net suivi des actions de pr\u00e9vention de la radicalisation men\u00e9es par l'ensemble des services de  \nl'Etat  et  op\u00e9rateurs  concern\u00e9s  :  police,  gendarmerie,  \u00e9ducation  nationale,  protection \njudiciaire  de  la  jeunesse,  services  sociaux,  collectivit\u00e9s  -  Formation  et  sensibilisation  des \nacteurs  locaux  au  ph\u00e9nom\u00e8ne  de  radicalisation  et  \u00e0  la  d\u00e9tection  des  signaux  faibles  \u2013 \nOrganisation d'actions de pr\u00e9vention primaire (pour promouvoir la citoyennet\u00e9 et les valeurs  \nde la R\u00e9publique) - Relations avec les responsables des cultes et prise en compte de la  \ndimension religieuse dans les dispositifs de pr\u00e9vention de la radicalisation - Lutte contre le  \ncommunautarisme en lien avec les dispositifs de la politique de la ville \u2013 D\u00e9fense de la La\u00efcit\u00e9  \n\u2013   Suivi des d\u00e9rives sectaires - Suivi de l'A\u00efd El K\u00e9bir. - Gestion des hospitalisations d'office sur \nd\u00e9cision du pr\u00e9fet (HO), suivi des d\u00e9cisions de soins des directeurs d'\u00e9tablissements de sant\u00e9, \ngestion des escortes devant le JLD des d\u00e9tenus hospitalis\u00e9s au mas Careiron. \nII SERVICE INTERMINISTERIEL DE DEFENSE ET DE PROTECTION CIVILE (SIDPC)\n1-Bureau de la planification et gestion de crise\nSuivi information vigilance et m\u00e9t\u00e9o \u2013 Alerte des institutionnels et services (GALA) - Gestion  \nadministrative de l'astreinte s\u00e9curit\u00e9 civile \u2013 \u00c9criture et r\u00e9vision des plans ORSEC - Suivi des  \nPUI et POI \u2013 Gestion de crise  : activation, armement, fonctionnement des COD, CIPE, PCO,  \nGALA \u2013 Administration et suivi du portail ORSEC \u2013 Exercices de s\u00e9curit\u00e9 civile  : planification, \norganisation, RETEX \u2013 Instruction des demandes de reconnaissance de catastrophe naturelle  \n\u2013 Agr\u00e9ment des associations de s\u00e9curit\u00e9 civile \u2013 Secourisme  : jurys et dipl\u00f4mes \u2013 Animation  \ndes plans communaux de sauvegarde \u2013 Pr\u00e9vention et information des populations  : DDRM et \nDICRIM  \u2013  Feux  d'artifice :  instruction  des  demandes  des  communes  \u2013  Risques  de  la  vie \ncourante : coordination des campagnes d'information pr\u00e9ventionnelle \u2013 Suivi PPRN et PPRT\n2-Bureau de la pr\u00e9vention et de la d\u00e9fense nationale\nSecr\u00e9tariat des CODERNIM et CDSC \u2013 R\u00e9seaux d'alerte \u2013 \u00c9criture et r\u00e9vision des plans de  \nd\u00e9fense \u2013 R\u00e9glementation SAIV \u2013 Plan Vigipirate \u2013 Habilitations secret d\u00e9fense \u2013 Suivi des  \ntransports sensibles \u2013 S\u00e9curit\u00e9 des a\u00e9rodromes, a\u00e9roports et h\u00e9liports \u2013 R\u00e9glementation de  \nd\u00e9fense \u2013 D\u00e9minage \u2013 Secr\u00e9tariat et animation de la commission d\u00e9partementale de s\u00e9curit\u00e9  \net d'accessibilit\u00e9 \u2013 Campings  : appui aux communes, cahiers de prescriptions de s\u00e9curit\u00e9 \u2013  \nImmatriculation des CTS \u2013 Agr\u00e9ment des SSIAP \u2013 Grands rassemblements  : animation et suivi \n\u2013 Secr\u00e9tariat de la sous-commission de mise en s\u00e9curit\u00e9 des terrains de camping \u2013 Actes  \nrelatifs \u00e0 la proc\u00e9dure d'autorisation de manifestations nautiques et assimil\u00e9es sur les voies  \nnavigables  -  Animation  et  coordination  des  attributions  du  d\u00e9l\u00e9gu\u00e9  \u00e0  la  d\u00e9fense  et  \u00e0  la \ns\u00e9curit\u00e9 de la pr\u00e9fecture et des sous-pr\u00e9fectures\nIII- SERVICE DE L'ANIMATION DES POLITIQUES DE SECURITE INTERIEURE (SAPSI)\n1-Bureau de l'ordre public et de la lutte contre la d\u00e9linquance\nSecr\u00e9tariat  de  l'\u00c9tat-major  de  s\u00e9curit\u00e9  \u2013  Pr\u00e9paration  des  r\u00e9unions  d'ordre  public  - \nInterventions  d'ordre  public  \u2013  Suivi  des  statistiques  de  la  d\u00e9linquance  \u2013  Suivi  des \nmanifestations  de  voie  publique  \u2013  Suivi  de  la  s\u00e9curit\u00e9  du  club  de  football  de  N\u00eemes-\nOlympique  \u2013  Interdictions  administratives  de  stade  -  Suivi  des  \u00ab Rave  party \u00bb  -  Suivi  des \npolitiques d'accueil des gens du voyage \u2013 Suivi des cr\u00e9dits de pr\u00e9vention de la d\u00e9linquance et  \nradicalisation  (FIPDR,  MILDECA)  et  bilan/\u00e9valuation  des  projets  \u2013  Suivi  des  dispositifs \npartenariaux de pr\u00e9vention de la d\u00e9linquance (CLSPD, CISPD, ZSP) \u2013 Suivi des protocoles de  \nparticipation citoyenne \u2013 Suivi des f\u00eates traditionnelles et des chartes de pr\u00e9vention des  \nconsommations  \u00e0  risque\u2013  Mise  en  \u0153uvre  et  suivi  des  dispositifs  de  s\u00e9curit\u00e9  dans  les \nPr\u00e9fecture du Gard\n10 avenue Feuch\u00e8res \u2013 30 045 N\u00ceMES CEDEX 9\nT\u00e9l. 04 66 36 43 90\nwww.gard.gouv.fr\nPrefecture du Gard - 30-2024-11-28-00004 - Arr\u00eat\u00e9 donnant d\u00e9l\u00e9gation de signature \u00e0 M. Franck LACOSTE, directeur des s\u00e9curit\u00e9s,\ndirecteur de cabinet adjoint, du pr\u00e9fet du Gard 5\ntransports en commun \u2013 Suivi des protocoles de s\u00e9curit\u00e9 avec des professions particuli\u00e8res -  \nSecr\u00e9tariat de la sous-commission  d\u00e9partementale pour les \u00e9tudes de s\u00fbret\u00e9 et de s\u00e9curit\u00e9  \npublique \u2013 Liaison avec les r\u00e9f\u00e9rents s\u00fbret\u00e9 \u2013 Proc\u00e9dures d'expulsions commerciales\n2-Bureau des polices administratives\nS\u00e9curit\u00e9 priv\u00e9e : autorisations d'exercice des agents de s\u00e9curit\u00e9 priv\u00e9e sur voie publique ou  \ndomaine public, double agr\u00e9ment des agents a\u00e9roportuaires, autorisations en lien avec l'\u00e9tat  \nd'urgence (palpations et inspections visuelles), retrait d'agr\u00e9ment des entreprises de s\u00e9curit\u00e9  \npriv\u00e9e (agr\u00e9\u00e9es par le CNAPS) et des cartes professionnelles des agents de s\u00e9curit\u00e9 priv\u00e9e en  \ncas  d'urgence  ou  en  raison  de  troubles  \u00e0  l'ordre  public  \u2013  Proc\u00e9dures  de  fermetures \nadministratives de commerces pour vente illicite de boissons alcoolis\u00e9es, de tabacs et trafic  \nde  stup\u00e9fiants  \u2013  Vid\u00e9oprotection  :  instruction  des  demandes,  autorisations,  refus,  \nmodifications  des  installations,  renouvellement  des  autorisations,  syst\u00e8mes  hors  champ \nd'application  \u2013  Polices  municipales :  d\u00e9livrance  des  cartes  professionnelles,  agr\u00e9ments  et \nretraits d'agr\u00e9ments, autorisations de port d'armes, autorisations provisoires de port d'armes, \ncontr\u00f4le de la formation des agents au tir et de la formation continue, enqu\u00eates de moralit\u00e9,  \nautorisations  d'acquisition  d'armes  et  de  munitions  par  les  collectivit\u00e9s,  conventions  de \ncoordination  polices  municipales  /  police  nationale  ou  gendarmerie  nationale  \u2013  Gardes \nparticuliers : reconnaissance d'aptitudes, agr\u00e9ments et retraits d'agr\u00e9ments \u2013 P\u00e9nitentiaire  : \nvisite  \u00e0  d\u00e9tenus,  suivi  maison  d'arr\u00eat  de  N\u00eemes  et  concours  p\u00e9nitentiaires  \u2013  D\u00e9bits  de \nboissons : transferts de licences, autorisations de fermeture tardive, contr\u00f4le de l\u00e9galit\u00e9 des  \narr\u00eat\u00e9s des maires, contr\u00f4le des permis d'exploitation et des d\u00e9clarations des d\u00e9bits de  \nboissons  \u00e0  consommer  sur  place,  des  restaurants  et  d\u00e9bits  de  boissons  \u00e0  emporter  \u2013 \nEnqu\u00eates administratives - Armes : d\u00e9clarations et autorisations d'acquisition et de d\u00e9tention, \ndessaisissements, saisies administratives, enregistrements au FINIADA, suivi des clubs de tir,  \nhabilitations et contr\u00f4les des armuriers, bourses aux armes, transferts \u00e0 l'\u00c9tat, fabrique ou  \ncommerce  d'armes,  d\u00e9livrance  des  cartes  europ\u00e9ennes  d'armes  \u00e0  feu,  attestations  de \nd\u00e9livrance initiale de permis de chasser\n3-Bureau de la pr\u00e9vention routi\u00e8re\n Gestion de tout dossier ayant trait aux droits \u00e0 conduire, en particulier : permis de conduire - \narr\u00eat\u00e9s de suspension des permis de conduire - demandes aux forces de l'ordre d'ex\u00e9cution  \ndes d\u00e9cisions minist\u00e9rielles d'annulation pour solde de points nul - mesures administratives  \ncons\u00e9cutives \u00e0 un examen m\u00e9dical, de notification de la perte de validit\u00e9 d'un permis de  \nconduire - r\u00e9c\u00e9piss\u00e9s de remise d'un permis de conduire invalid\u00e9 pour solde de points nul -  \nactes relatifs aux commissions m\u00e9dicales et aux brevets de s\u00e9curit\u00e9 routi\u00e8re - agr\u00e9ments des  \norganismes r\u00e9alisant des tests psychotechniques - m\u00e9moires en r\u00e9ponse devant les juges  \nadministratifs en mati\u00e8re de droits \u00e0 conduire.\nMise en \u0153uvre des politiques de s\u00e9curit\u00e9 routi\u00e8re (interventions, statistiques, PVE) \u2013 Suivi du  \nPDASR et de l'ensemble des actions de pr\u00e9vention qu'il pr\u00e9voit, en lien avec le coordinateur  \nd\u00e9partemental S\u00e9curit\u00e9 routi\u00e8re \u00e0 la DDTM - \nArticle   2   : La pr\u00e9sente d\u00e9l\u00e9gation de signature donn\u00e9e \u00e0 M. Franck LACOSTE , directeur des \ns\u00e9curit\u00e9s, directeur de cabinet adjoint du pr\u00e9fet du Gard,  ne comprend pas les exceptions  \nmentionn\u00e9es ci-dessous \n- saisines du tribunal administratif,\n- d\u00e9rogations, sanctions et fermetures concernant les d\u00e9bits de boissons,\n- arr\u00eat\u00e9s portant constitution des commissions d\u00e9partementales,\nPr\u00e9fecture du Gard\n10 avenue Feuch\u00e8res \u2013 30 045 N\u00ceMES CEDEX 9\nT\u00e9l. 04 66 36 43 90\nwww.gard.gouv.fr\nPrefecture du Gard - 30-2024-11-28-00004 - Arr\u00eat\u00e9 donnant d\u00e9l\u00e9gation de signature \u00e0 M. Franck LACOSTE, directeur des s\u00e9curit\u00e9s,\ndirecteur de cabinet adjoint, du pr\u00e9fet du Gard 6\n- autorisations de man\u0153uvres hors terrains militaires,\n- arr\u00eat\u00e9s relatifs aux attestations de conformit\u00e9 des chapiteaux, tentes et structures,\n- mise en \u0153uvre des op\u00e9rations du service d\u00e9partemental d'incendie et de secours,\n- actes relatifs \u00e0 la carri\u00e8re des sapeurs pompiers, \u00e0 la formation des jeunes sapeurs  \npompiers et \u00e0 l'organisation du brevet national de jeunes sapeurs pompiers,\n- arr\u00eat\u00e9s relatifs aux agr\u00e9ments d'organismes de formation aux qualifications d'agent de  \ns\u00e9curit\u00e9  incendie  et  d'assistance  \u00e0  personne  (SSIAP1),  de  chef  d'\u00e9quipe  de  s\u00e9curit\u00e9 \nincendie et d'assistance \u00e0 personne (SSIAP2), et de chef de service de s\u00e9curit\u00e9 incendie  \net d'assistance \u00e0 personne (SSIAP3),\n- arr\u00eat\u00e9s relatifs aux agr\u00e9ments d'associations de s\u00e9curit\u00e9 civile,\n- arr\u00eat\u00e9s relatifs aux habilitations d'organismes de s\u00e9curit\u00e9 civile,\n-d\u00e9cisions relatives \u00e0 l'octroi de la force publique pour les expulsions domiciliaires et\n commerciales,\n-indemnisations pour refus d'octroi de la force publique,\n-autorisations de poursuite par voie de vente des d\u00e9biteurs du Tr\u00e9sor,\n-d\u00e9livrance des habilitations pr\u00e9alablement \u00e0 l'acc\u00e8s aux zones a\u00e9roportuaires r\u00e9serv\u00e9es \net aux lieux o\u00f9 sont effectu\u00e9es des op\u00e9rations de s\u00fbret\u00e9 a\u00e9roportuaire,\n-tous les actes relatifs \u00e0 la proc\u00e9dure de mise en demeure et \u00e9vacuation forc\u00e9e des oc -\ncupants illicites d'un terrain,\n-arr\u00eat\u00e9s de fermeture d'autoroute n\u00e9cessit\u00e9e par une situation d'urgence,\n-agr\u00e9ments des personnels assurant la mise en \u0153uvre des artifices de divertissement et  \ndes articles pyrotechniques destin\u00e9s au th\u00e9\u00e2tre ainsi que la d\u00e9livrance des r\u00e9c\u00e9piss\u00e9s de  \nd\u00e9claration d'organisation de spectacles pyrotechniques,\n-concernant les adjoints de s\u00e9curit\u00e9 et les cadets de la R\u00e9publique  : les actes relatifs \u00e0  \nl'organisation  de  la  commission  de  s\u00e9lection,  l'agr\u00e9ment  de  la  liste  des  candidats \nretenus et les sanctions disciplinaires de l'avertissement et du bl\u00e2me inflig\u00e9es sans sai -\nsine de la commission consultative paritaire,\n-actes relatifs \u00e0 la commission de surveillance de la maison d'arr\u00eat de NIMES.\nArticle     3     : En mati\u00e8re financi\u00e8re, d\u00e9l\u00e9gation est donn\u00e9e \u00e0 M. Franck LACOSTE, directeur des \ns\u00e9curit\u00e9s, directeur de cabinet adjoint du pr\u00e9fet du Gard, par pour proc\u00e9der \u00e0 l'expression  \ndes besoins et \u00e0 la constatation du service fait, pour les programmes :\n- 129 \u2013 cr\u00e9dits MILDECA\n- 207 \u2013 s\u00e9curit\u00e9 routi\u00e8re\nArticle     4     : En cas d'absence ou d'emp\u00eachement de M. Franck LACOSTE, directeur des s\u00e9curi-\nt\u00e9s, directeur de cabinet adjoint du pr\u00e9fet du Gard, d\u00e9l\u00e9gation de signature est donn\u00e9e \u00e0 :\n- M. Christophe PERRIN, attach\u00e9 principal d'administration de l'\u00c9tat, chef du service inter -\nminist\u00e9riel de d\u00e9fense et de protection civile,\n- Mme Laurence FRANCESETTO,  attach\u00e9e d'administration de l'\u00c9tat, cheffe du service de  \nl'animation des politiques de s\u00e9curit\u00e9 int\u00e9rieure, \npour signer, dans la limite des attributions de leur service respectif, tous documents, hors les  \nexceptions vis\u00e9es \u00e0 l'article 2  du pr\u00e9sent arr\u00eat\u00e9.\nArticle     5   : En cas d'absence ou d'emp\u00eachement de M. Franck LACOSTE, directeur des s\u00e9curi-\nt\u00e9s, directeur de cabinet adjoint du pr\u00e9fet du Gard, et de l'un des chefs de service de la direc-\ntion, les autres d\u00e9l\u00e9gataires mentionn\u00e9s \u00e0 l'article 8 du pr\u00e9sent arr\u00eat\u00e9 ont d\u00e9l\u00e9gation pour  \nsigner en lieu et place du directeur et dudit chef de service.\nArticle     6   : D\u00e9l\u00e9gation de signature est donn\u00e9e  \u00e0 M. Franck LACOSTE, directeur des s\u00e9curit\u00e9s, \nPr\u00e9fecture du Gard\n10 avenue Feuch\u00e8res \u2013 30 045 N\u00ceMES CEDEX 9\nT\u00e9l. 04 66 36 43 90\nwww.gard.gouv.fr\nPrefecture du Gard - 30-2024-11-28-00004 - Arr\u00eat\u00e9 donnant d\u00e9l\u00e9gation de signature \u00e0 M. Franck LACOSTE, directeur des s\u00e9curit\u00e9s,\ndirecteur de cabinet adjoint, du pr\u00e9fet du Gard 7\ndirecteur de cabinet adjoint du pr\u00e9fet du Gard, et en cas d'absence ou d'emp\u00eachement  \u00e0 M. \nChristophe PERRIN, chef du service interminist\u00e9riel de d\u00e9fense et de protection civile , pour \nsigner les correspondances relevant des attributions du SIDPC, les proc\u00e8s-verbaux d'examens  \nde  secourisme  et  de  formations  aux  premiers  secours,  les  brevets  et  certificats  de \nsecourisme, les r\u00e9c\u00e9piss\u00e9s de d\u00e9claration d'organisation de spectacles pyrotechniques, les  \nactes relatifs \u00e0 la commission consultative d\u00e9partementale de s\u00e9curit\u00e9 et d'accessibilit\u00e9 ainsi  \nque  ceux  des  sous-commissions  et  commissions  qui  en  d\u00e9pendent,  les  \u00e9tats  de  frais \nd'indemnit\u00e9s vers\u00e9es aux membres des jurys de secourisme.\nArticle 7 : D\u00e9l\u00e9gation de signature est donn\u00e9e \u00e0 M. Franck LACOSTE, directeur des s\u00e9curit\u00e9s, \ndirecteur de cabinet adjoint du pr\u00e9fet du Gard,  et en cas d'absence ou d'emp\u00eacheme nt \u00e0 \nMme Laurence FRANCESETTO, cheffe du service de l'animation des politiques de s\u00e9curit\u00e9 in -\nt\u00e9rieure, pour signer les correspondances relevant des attributions du SAPSI, les arr\u00eat\u00e9s et d\u00e9-\ncisions portant sur la mise en \u0153uvre de la politique d\u00e9partementale de s\u00e9curit\u00e9 routi\u00e8re, les  \narr\u00eat\u00e9s et d\u00e9cisions relatifs \u00e0 la suspension des permis de conduire.\nArticle 8     : En cas d'absence ou d'emp\u00eachement :  \n\u2013 de M. Christophe PERRIN , la d\u00e9l\u00e9gation de signature qui lui est conf\u00e9r\u00e9e est exerc\u00e9e  \npour son bureau par M. Julien BACHELET, attach\u00e9 d'administration de l'\u00c9tat, chef du  \nbureau de la planification et de la gestion de crise et adjoint au chef du service inter -\nminist\u00e9riel de d\u00e9fense et de protection civile ou par M. Herv\u00e9 FAVIER, chef du bureau \nde la pr\u00e9vention et de la d\u00e9fense nationale au chef du service interminist\u00e9riel de d\u00e9 -\nfense et de protection civile  ou par M. Rapha\u00ebl VIR GA, attach\u00e9 d'administration de  \nl'\u00c9tat, charg\u00e9 de mission Plannification /Exercice au sein du service interminist\u00e9riel de  \nd\u00e9fense et de protection civile.\n\uf0b7 de Mme Laurence FRANCESETTO, la d\u00e9l\u00e9gation de signature qui lui est conf\u00e9r\u00e9e est  \nexerc\u00e9e pour son bureau par Mme Val\u00e9rie PERRIN, attach\u00e9e d'administration de l'\u00c9tat, \ncheffe du Bureau des polices administratives, ou par  M. Sacha PALPACUER , agent  \ncontractuel de cat\u00e9gorie A qui assure les fonctions de chef de bureau ordre public et  \nlutte contre la d\u00e9linquance ou, pour son bureau, par  Mme Evelyse PEYRE,  secr\u00e9taire \nadministrative de classe normale, cheffe du Bureau de la pr\u00e9vention routi\u00e8re.\nArticle 9  :   L'arr\u00eat\u00e9 du 26 mars 2024, publi\u00e9 au recueil des actes administratifs de la pr\u00e9fecture  \ndu Gard sous le n\u00b0 30-2024-03-26-00003, portant d\u00e9signation et d\u00e9l\u00e9gation de signature \u00e0 M. \nFranck LACOSTE directeur des s\u00e9curit\u00e9s, directeur de cabinet adjoint, est abrog\u00e9.\nArticle 10     :   Le pr\u00e9sent arr\u00eat\u00e9 prend effet d\u00e8s sa publication.\nArticle 11 : Le secr\u00e9taire g\u00e9n\u00e9ral de la pr\u00e9fecture du Gard et le directeur de cabinet du pr\u00e9fet  \ndu Gard sont charg\u00e9s de l'ex\u00e9cution du pr\u00e9sent arr\u00eat\u00e9, qui sera publi\u00e9 au recueil des actes  \nadministratifs de la pr\u00e9fecture.\nN\u00eemes, le 28 novembre 2024\nLe pr\u00e9fet,\n             sign\u00e9\nJ\u00e9r\u00f4me BONET\nPr\u00e9fecture du Gard\n10 avenue Feuch\u00e8res \u2013 30 045 N\u00ceMES CEDEX 9\nT\u00e9l. 04 66 36 43 90\nwww.gard.gouv.fr\nPrefecture du Gard - 30-2024-11-28-00004 - Arr\u00eat\u00e9 donnant d\u00e9l\u00e9gation de signature \u00e0 M. Franck LACOSTE, directeur des s\u00e9curit\u00e9s,\ndirecteur de cabinet adjoint, du pr\u00e9fet du Gard 8\nPrefecture du Gard\n30-2024-11-28-00003\nArr\u00eat\u00e9 portant abrogation des arr\u00eat\u00e9s donnant\nd\u00e9l\u00e9gation de signature aux d\u00e9l\u00e9gu\u00e9s du pr\u00e9fet\ndans les quartiers prioritaires politique de la ville\nPrefecture du Gard - 30-2024-11-28-00003 - Arr\u00eat\u00e9 portant abrogation des arr\u00eat\u00e9s donnant d\u00e9l\u00e9gation de signature aux d\u00e9l\u00e9gu\u00e9s du\npr\u00e9fet dans les quartiers prioritaires politique de la ville 9\nPREFETDU GARDLibert\u00e9\u00c9galit\u00e9Fraternit\u00e9\nDirection de la citoyennet\u00e9, de la l\u00e9galit\u00e9 et de la coordination\nService de la coordination des politiques publiques et de l'appui territorial\nArr\u00eat\u00e9\nPortant abrogation des arr\u00eat\u00e9s donnant d\u00e9l\u00e9gation de signature aux\nd\u00e9l\u00e9gu\u00e9s du pr\u00e9fet dans les quartiers prioritaires politique de la ville \nLe pr\u00e9fet du Gard\nChevalier de la L\u00e9gion d'honneur,\nChevalier de l'ordre national du M\u00e9rite \nVu la  loi  n\u00b0  82-213  du  2  mars  1982  relative  aux  droits  et  libert\u00e9s  des  communes,  des \nd\u00e9partements et des r\u00e9gions, notamment son article 34 ;\nVu le d\u00e9cret n\u00b0 97-34 du 15 janvier 1997 modifi\u00e9 relatif \u00e0 la d\u00e9concentration des d\u00e9cisions  \nadministratives individuelles ;\nVu le d\u00e9cret n\u00b0 2008-158 du 22 f\u00e9vrier  2008 relatif \u00e0 la suppl\u00e9ance des Pr\u00e9fets de r\u00e9gion et \u00e0  \nla  d\u00e9l\u00e9gation  de  signature  des  Pr\u00e9fets  et  des  Hauts  Commissaires  de  la  R\u00e9publique  en \nPolyn\u00e9sie fran\u00e7aise et en Nouvelle-Cal\u00e9donie ;\nVu le d\u00e9cret n\u00b0 2009-176 du 16 f\u00e9vrier 2009 modifiant le d\u00e9cret n\u00b0 64-805 du 29 juillet 1964  \nfixant les dispositions r\u00e9glementaires applicables aux Pr\u00e9fets et le d\u00e9cret n\u00b0 2004-374 du 29  \navril 2004 relatif aux pouvoirs des Pr\u00e9fets, \u00e0 l'organisation et \u00e0 l'action des services de l'Etat  \ndans les r\u00e9gions et d\u00e9partements ;\nVu le d\u00e9cret n\u00b02010-146 du 16 f\u00e9vrier 2010 modifiant le d\u00e9cret n\u00b02004-374 du 29 avril 2004  \nrelatifs aux pouvoirs des pr\u00e9fets, \u00e0 l'organisation et \u00e0 l'action des services de l'Etat dans les  \nr\u00e9gions et d\u00e9partements ;\nVu le d\u00e9cret n\u00b0 2015-510 du 7 mai 2015 portant charte de la d\u00e9concentration ;\nVu le d\u00e9cret du 13 juillet 2023 nommant M. J\u00e9r\u00f4me BONET, Pr\u00e9fet du Gard ;\nVu le d\u00e9cret du 25 octobre 2023 nommant M. Mathias NIEPS, sous-pr\u00e9fet charg\u00e9 de mission  \naupr\u00e8s du pr\u00e9fet du Gard, secr\u00e9taire g\u00e9n\u00e9ral adjoint de la pr\u00e9fecture du Gard ;\nVu la convention en date du 5 d\u00e9cembre 2022 relative \u00e0 la mise \u00e0 disposition aupr\u00e8s de la  \npr\u00e9f\u00e8te du Gard de  M. J\u00e9r\u00f4me AUBRY , en qualit\u00e9 de d\u00e9l\u00e9gu\u00e9 du pr\u00e9fet dans les  quartiers \nprioritaires  politique  de  la  ville  des  communes  de  Vauvert,  Saint-Gilles  et Beaucaire  et  \npr\u00e9cisant les fonctions des d\u00e9l\u00e9gu\u00e9s du pr\u00e9fet ;\nVu l'avenant en date du 1er janvier 2021 \u00e0 la convention en date du 14 f\u00e9vrier 2013 relatif \u00e0 la  \nmise \u00e0 disposition aupr\u00e8s du Pr\u00e9fet du Gard de  Mme Yasmine FONTAINE , en qualit\u00e9 de  \nd\u00e9l\u00e9gu\u00e9e du pr\u00e9fet dans les quartiers politique de la ville d u Chemin Bas d'Avignon et du Mas  \nde Mingue, du Clos d'Orville, Gambetta-Richelieu, de Nemausus-Jonquille-Haute-Magaille, des  \nOliviers et de Route de Beaucaire, \u00e0 Nimes et pr\u00e9cisant les fonctions des d\u00e9l\u00e9gu\u00e9s du pr\u00e9fet ;\nVu  la convention en date du 28 f\u00e9vrier 2022 relative \u00e0 la mise \u00e0 disposition aupr\u00e8s de la  \npr\u00e9f\u00e8te du Gard de  Mme Sabine PIERREDON , en qualit\u00e9 de d\u00e9l\u00e9gu\u00e9e du pr\u00e9fet dans les  \nquartiers prioritaires politique de la ville d'Al\u00e8s et pr\u00e9cisant les fonctions des d\u00e9l\u00e9gu\u00e9s du  \npr\u00e9fet ;\nPrefecture du Gard - 30-2024-11-28-00003 - Arr\u00eat\u00e9 portant abrogation des arr\u00eat\u00e9s donnant d\u00e9l\u00e9gation de signature aux d\u00e9l\u00e9gu\u00e9s du\npr\u00e9fet dans les quartiers prioritaires politique de la ville 10\nVu la convention en date du 19 juillet 2023 relative \u00e0 la mise \u00e0 disposition aupr\u00e8s du pr\u00e9fet du \nGard  de  M.  Thomas  PROUTEAU ,  en  qualit\u00e9  de  d\u00e9l\u00e9gu\u00e9  du  pr\u00e9fet  dans  les  quartiers \nprioritaires de la politique de la ville de N\u00eemes \u2013 quartiers Valdegour- Pissevin et pr\u00e9cisant les  \nfonctions des d\u00e9l\u00e9gu\u00e9s du pr\u00e9fet ;\nVu l'avenant en date du 10 novembre 2020 \u00e0 la convention en date du 9 octobre 2017 relatif  \n\u00e0 la mise \u00e0 disposition aupr\u00e8s du pr\u00e9fet du Gard de M. Micha\u00ebl PULCI, en qualit\u00e9 de d\u00e9l\u00e9gu\u00e9  \ndu  pr\u00e9fet  dans  les  quartiers  situ\u00e9s  dans  les  communes  de  Bagnols-sur-C\u00e8ze  (quartiers \nEscanaux \u2013 Coronelle \u2013 Citadelle \u2013 Vigan Braquet), de Pont Saint Esprit (quartier Centre  \nancien)  et  d'Uz\u00e8s  (quartier  prioritaire  d'Uz\u00e8s)  et  pr\u00e9cisant  les  fonctions  des  d\u00e9l\u00e9gu\u00e9s  du \npr\u00e9fet ;\nVu l'arr\u00eat\u00e9 n\u00b0 30-2023-11-06-00006 du 6 novembre 2023 donnant d\u00e9l\u00e9gation de signature \u00e0 M. \nJ\u00e9r\u00f4me AUBRY, d\u00e9l\u00e9gu\u00e9 de la Pr\u00e9f\u00e8te dans les quartiers prioritaires politique de la ville des  \ncommunes de Vauvert, Saint-Gilles et Beaucaire ;\nVu l'arr\u00eat\u00e9 n\u00b0 30-2023-11-06-0007 du 6 novembre 2023  donnant d \u00e9l\u00e9gation de signature \u00e0  \nMme Yasmine FONTAINE, d\u00e9l\u00e9gu\u00e9e de la Pr\u00e9f\u00e8te dans les quartiers du Chemin Bas d'Avignon  \net du Mas de Mingue, du Clos d'orville, de Gambetta-Richelieu, Nemausus-Jonquille-Haute-\nMagaille, des Oliviers et de Route de Beaucaire \u00e0 N\u00eemes ;\nVu l'arr\u00eat\u00e9 n\u00b030-2023-011-06-0008 du  6 novembre 2023 donnant d\u00e9l\u00e9gation de signature \u00e0  \nMme sabine PIERREDON, d\u00e9l\u00e9gu\u00e9e de la pr\u00e9f\u00e8te dans les quartiers prioritaires politique de la  \nville d'Al\u00e8s ;\nVu  l'arr\u00eat\u00e9 n\u00b030-2023-011-06-00009 du 6 nov embre 2023 donnant d\u00e9l\u00e9gation de signature \u00e0  \nM.Thomas PROUTEAU, d\u00e9l\u00e9gu\u00e9 du pr\u00e9fet dans les quartiers prioritaires de la politique de la  \nville Pissevin et Valdegour \u00e0 N\u00eemes ;\nVu l'arr\u00eat\u00e9 n\u00b030-2023-11-06-00010 du 6 novembre 2023, donnant d\u00e9l\u00e9gation de signature \u00e0 M. \nMicha\u00ebl PULCI, d\u00e9l\u00e9gu\u00e9 du pr\u00e9fet dans les quartiers prioritaires de la politique de la ville si -\ntu\u00e9s dans les communes de Bagnols-sur-C\u00e8ze (quartiers Escanaux \u2013 Coronelle \u2013 Citadelle \u2013 Vi -\ngan Braquet), de Pont-Saint-Esprit (quartier Centre ancien) et d'Uz\u00e8s ;\nVu l'arr\u00eat\u00e9 30-2024-08-28-00003 du 28 ao\u00fbt 2024 portant organisation en directions, services  \net bureaux de la pr\u00e9fecture du Gard ;\nSur proposition du secr\u00e9taire g\u00e9n\u00e9ral de la pr\u00e9fecture du Gard ;\nArr\u00eate\nArticle 1: L'arr\u00eat\u00e9 n\u00b0 30-2023-11-06-00006 du 6 novem bre 2023 donnant d\u00e9l\u00e9gation de signature  \n\u00e0 M. J\u00e9r\u00f4me AUBRY, d\u00e9l\u00e9gu\u00e9 de la Pr\u00e9f\u00e8te dans les quartiers prioritaires politique de la ville  \ndes communes de Vauvert, Saint-Gilles et Beaucaire, est abrog\u00e9,\nArticle 2: L'arr\u00eat\u00e9 n\u00b0 30-2023-11-06-0007 du 6 novembre 2023 donnant d\u00e9l\u00e9gation de signature \u00e0 \nMme Yasmine FONTAINE, d\u00e9l\u00e9gu\u00e9e de la Pr\u00e9f\u00e8te dans les quartiers du Chemin Bas d'Avignon  \net du Mas de Mingue, du Clos d'orville, de Gambetta-Richelieu, Nemausus-Jonquille-Haute-\nMagaille, des Oliviers et de Route de Beaucaire \u00e0 N\u00eemes, est abrog\u00e9,\nArticle  3:  L'arr\u00eat\u00e9  n\u00b030-2023-011-06-0008  du   6  novembre  2023  donnant  d\u00e9l\u00e9gation  de \nsignature \u00e0  Mme sabine PIERREDON ,  d\u00e9l\u00e9gu\u00e9e de la pr\u00e9f\u00e8te dans les quartiers prioritaires  \npolitique de la ville d'Al\u00e8s, est abrog\u00e9;\nPrefecture du Gard - 30-2024-11-28-00003 - Arr\u00eat\u00e9 portant abrogation des arr\u00eat\u00e9s donnant d\u00e9l\u00e9gation de signature aux d\u00e9l\u00e9gu\u00e9s du\npr\u00e9fet dans les quartiers prioritaires politique de la ville 11\nArticle  4:  L'arr\u00eat\u00e9  n\u00b030-2023-011-06-00009  du  6  novembre  2023  donnant  d\u00e9l\u00e9gation  de \nsignature \u00e0  M. Thomas PROUTEAU ,  d\u00e9l\u00e9gu\u00e9 du pr\u00e9fet dans les quartiers prioritaires de la  \npolitique de la ville Pissevin et Valdegour \u00e0 N\u00eemes, est abrog\u00e9 ; \nArticle  5:  L'arr\u00eat\u00e9  n\u00b030-2023-11-06-00010  du  6  novembre  2023,  donnant  d\u00e9l\u00e9gation  de \nsignature \u00e0 M. Micha\u00ebl PULCI, d\u00e9l\u00e9gu\u00e9 du pr\u00e9fet dans les quartiers prioritaires de la politique  \nde la ville situ\u00e9s dans les communes de Bagnols-sur-C\u00e8ze (quartiers Escanaux \u2013 Coronelle \u2013  \nCitadelle \u2013 Vigan Braquet), de Pont-Saint-Esprit (quartier Centre ancien) et d'Uz\u00e8s, est abrog\u00e9.\nArticle 6: Le pr\u00e9sent arr\u00eat\u00e9 prend effet \u00e0 compter de sa publication .\nArticle 7: Le secr\u00e9taire g\u00e9n\u00e9ral de la pr\u00e9fecture est charg\u00e9 de l'ex\u00e9cution du pr\u00e9sent arr\u00eat\u00e9  \nqui sera publi\u00e9 au recueil des actes administratifs de la pr\u00e9fecture.\nN\u00eemes, le 28 novembre 2024\nLe pr\u00e9fet,\n            sign\u00e9\n  J\u00e9r\u00f4me BONET\nPrefecture du Gard - 30-2024-11-28-00003 - Arr\u00eat\u00e9 portant abrogation des arr\u00eat\u00e9s donnant d\u00e9l\u00e9gation de signature aux d\u00e9l\u00e9gu\u00e9s du\npr\u00e9fet dans les quartiers prioritaires politique de la ville 12","date":"2024-11-28","first_seen_on":"2025-01-08T15:43:06+00:00","id":"47ba794d8b3100b21489816629979bf905754e98b4d20fb5ec27ffa6c3ac65ee","name":"recueil-30-2024-191-special du 28 11 2024","pdf_creation_date":"2024-11-28T14:53:38+00:00","pdf_modification_date":null,"timezone":"CET","url":"https://www.gard.gouv.fr/contenu/telechargement/61333/455243/file/recueil-30-2024-191-special%20du%2028%2011%202024.pdf"}
