{"administration":"prefidf","administration_name":"Pr\u00e9fecture de la r\u00e9gion \u00cele-de-France","content":"PREFECTURE\nREGION ILE DE\nFRANCE\nRECUEIL DES ACTES\nADMINISTRATIFS SP\u00c9CIAL\nN\u00b0IDF-025-2025-04\nPUBLI\u00c9 LE  9 AVRIL 2025\nSommaire\nDirection r\u00e9gionale et interd\u00e9partementale de l'\u00e9conomie, de l'emploi,\ndu travail et des solidarit\u00e9s d'\u00cele-de-France / secr\u00e9tariat de direction\nIDF-2025-04-09-00006 - Arr\u00eat\u00e9 n\u00b0 2025-061 du 9 avril 2025 portant\nsubd\u00e9l\u00e9gation de signature en mati\u00e8re d'ordonnancement\nsecondaire des recettes et des d\u00e9penses de l'\u00c9tat aux agents de la\nDRIEETS d'\u00cele-de-France (15 pages) Page 4\nIDF-2025-04-09-00010 - D\u00e9cision  n\u00b0 2025-061 du 9 avril 2025 \nPortant\nsubd\u00e9l\u00e9gation de signature de Monsieur Marc Rohfritsch, Directeur\nr\u00e9gional et interd\u00e9partemental de l'\u00c9conomie, de l'Emploi, du\nTravail et des Solidarit\u00e9s d'\u00cele-de-France\npar int\u00e9rim, aux agents\nde l'unit\u00e9 d\u00e9partementale de Paris (10 pages) Page 20\nIDF-2025-04-09-00008 - D\u00e9cision  n\u00b0 2025-073 du 9 avril 2025\nportant\nsubd\u00e9l\u00e9gation de signature de Monsieur Marc Rohfritsch, Directeur\nr\u00e9gional et interd\u00e9partemental de l'\u00c9conomie, de l'Emploi, du\nTravail et des Solidarit\u00e9s d'\u00cele-de-France\npar int\u00e9rim, aux agents\nde l'unit\u00e9 d\u00e9partementale de la Seine-Saint-Denis (9 pages) Page 31\nIDF-2025-04-09-00009 - D\u00e9cision  n\u00b02025-060 du 9 avril 2025\nPortant\nsubd\u00e9l\u00e9gation de signature de Monsieur Marc Rohfritsch, Directeur\nr\u00e9gional et interd\u00e9partemental de l'\u00c9conomie, de l'Emploi, du\nTravail et des Solidarit\u00e9s d'\u00cele-de-France par int\u00e9rim, aux agents de\nl'unit\u00e9 du Val-de-Marne (4 pages) Page 41\nIDF-2025-04-09-00001 - D\u00e9cision n\u00b0 2025-056 du 9 avril 2025\nportant\nsubd\u00e9l\u00e9gation de signature de Monsieur Marc Rohfritsch, Directeur\nr\u00e9gional et interd\u00e9partemental de l'\u00c9conomie, de l'Emploi, du\nTravail et des Solidarit\u00e9s d'\u00cele-de-France\npar int\u00e9rim, aux agents\nde l'unit\u00e9 r\u00e9gionale (6 pages) Page 46\nIDF-2025-04-09-00011 - D\u00e9cision n\u00b0 2025-057 du 9 avril 2024\nportant\nsubd\u00e9l\u00e9gation de signature de Monsieur Marc Rohfritsch, Directeur\nr\u00e9gional et interd\u00e9partemental de l'\u00c9conomie, de l'Emploi, du\nTravail et des Solidarit\u00e9s d'\u00cele-de-France\npar int\u00e9rim, aux agents\nde l'unit\u00e9 d\u00e9partementale de Paris (4 pages) Page 53\nIDF-2025-04-09-00003 - D\u00e9cision n\u00b0 2025-058 du 9 avril 2025\nPortant\nsubd\u00e9l\u00e9gation de signature de Monsieur Marc Rohfritsch, Directeur\nr\u00e9gional et interd\u00e9partemental de l'\u00c9conomie, de l'Emploi, du\nTravail et des Solidarit\u00e9s d'\u00cele-de-France par int\u00e9rim, aux agents de\nl'unit\u00e9 d\u00e9partementale des Hauts-de-Seine (4 pages) Page 58\nIDF-2025-04-09-00004 - D\u00e9cision n\u00b0 2025-059 du 9 avril 2025\nportant\nsubd\u00e9l\u00e9gation de signature de Monsieur Marc Rohfritsch, Directeur\nr\u00e9gional et interd\u00e9partemental de l'\u00c9conomie, de l'Emploi, du\nTravail et des Solidarit\u00e9s d'\u00cele-de-France\npar int\u00e9rim, aux agents\nde l'unit\u00e9 d\u00e9partementale de Seine-Saint-Denis (4 pages) Page 63\n2\nIDF-2025-04-09-00007 - D\u00e9cision n\u00b0 2025-063 du 9 avril 2025\nPortant\nsubd\u00e9l\u00e9gation de signature de Monsieur Marc Rohfritsch, Directeur\nr\u00e9gional et interd\u00e9partemental de l'\u00c9conomie, de l'Emploi, du\nTravail et des Solidarit\u00e9s d'\u00cele-de-France par int\u00e9rim (4 pages) Page 68\nRectorat de la r\u00e9gion acad\u00e9mique d'Ile-de-France, rectorat de\nl'acad\u00e9mie de Paris /\nIDF-2025-04-04-00023 - Arr\u00eat\u00e9 n\u00b0 2025-032-RRA portant\nsubd\u00e9l\u00e9gation de signature en mati\u00e8re administrative dans le\ndomaine des politiques de la jeunesse, de l'\u00e9ducation populaire, de la vie\nassociative, de l'engagement civique et des sports (3 pages) Page 73\n3\nDirection r\u00e9gionale et interd\u00e9partementale de\nl'\u00e9conomie, de l'emploi, du travail et des\nsolidarit\u00e9s d'\u00cele-de-France\nIDF-2025-04-09-00006\nArr\u00eat\u00e9 n\u00b0 2025-061 du 9 avril 2025 portant\nsubd\u00e9l\u00e9gation de signature en mati\u00e8re\nd'ordonnancement secondaire des recettes et\ndes d\u00e9penses de l'\u00c9tat aux agents de la DRIEETS\nd'\u00cele-de-France\nDirection r\u00e9gionale et interd\u00e9partementale de l'\u00e9conomie, de l'emploi, du travail et des solidarit\u00e9s d'\u00cele-de-France -\nIDF-2025-04-09-00006 - Arr\u00eat\u00e9 n\u00b0 2025-061 du 9 avril 2025 portant subd\u00e9l\u00e9gation de signature en mati\u00e8re d'ordonnancement\nsecondaire des recettes et des d\u00e9penses de l'\u00c9tat aux agents de la DRIEETS d'\u00cele-de-France\n4\nPREFET |DE LA REGIOND'\u00ceLE-DE-FRANCELibert\u00e9Egalit\u00e9Fraternit\u00e9\n Direction r\u00e9gionale et interd\u00e9partementale \nde l'\u00e9conomie, de l'emploi, du travail  \net des solidarit\u00e9s d'\u00cele-de-France  \n \n \nDRIEETS d'Ile de France \n21 rue Madeleine Vionnet \n93300 AUBERVILLIERS \n \n \n \nArr\u00eat\u00e9 n\u00b0 2025-061 du 9 avril 2025 \n \nPortant subd\u00e9l\u00e9gation de signature en mati\u00e8re d'ordonnancement secondaire des recettes et des \nd\u00e9penses de l'\u00c9tat aux agents de la DRIEETS d'\u00cele-de-France \n \nLE PR\u00c9FET DE LA R\u00c9GION D'\u00ceLE-DE-FRANCE \nPR\u00c9FET DE PARIS \nCOMMANDEUR DE LA L\u00c9GION D'HONNEUR \nOFFICIER DE L'ORDRE NATIONAL DU M\u00c9RITE \n \n \nVU le code de la commande publique ;  \n \nVU la loi organique n\u00b0 2001-692 du 1er ao\u00fbt 2001 modifi\u00e9e relative aux lois de finances ;  \n \nVU la loi du 4 juillet 1837 modifi\u00e9e relative aux poids et mesures ;  \n \nVU l'ordonnance n\u00b02020-921 du 29 juillet 2020 portant diverses mesures d'accompagnement des salari\u00e9s \ndans le cadre de la fermeture des centrales \u00e0 charbon, notant son article 19  ; \n \nVU le d\u00e9cret n\u00b0 98 -81 du 11 f\u00e9vrier 1998 modifi\u00e9, modifiant la loi n\u00b0 68 -1250 du 31 d\u00e9cembre 1968, et \nrelatif aux d\u00e9cisions prises par l'\u00c9tat en mati\u00e8re de prescription quadriennale ;  \n \nVU le d\u00e9cret n\u00b0 2004-374 du 29 avril 2004 modifi\u00e9 par le d\u00e9cret n\u00b0 2010-146 du 16 f\u00e9vrier 2010, relatif aux \npouvoir des pr\u00e9fets, \u00e0 l'organisation et \u00e0 l'action des services de l'\u00c9tat dans les r\u00e9gions et les \nd\u00e9partements ;  \n \nVU le d\u00e9cret n\u00b02020 -139 du 19 f\u00e9vrier 2020 modifi\u00e9 modifiant certaines dispositions relatives \u00e0 la \npr\u00e9fecture de la r\u00e9gion d'Ile de France, pr\u00e9fecture de Paris ;  \n \nVU le d\u00e9cret n\u00b0 2010-687 du 24 juin 2010 modifi\u00e9 relatif \u00e0 l'organisation et aux missions des services de \nl'\u00c9tat dans la r\u00e9gion et les d\u00e9partements d'\u00cele-de-France ;  \n \nVU le d\u00e9cret n\u00b0 2012 -1246 du 7 novembre 2012 modifi\u00e9 relatif \u00e0 la gestion budg\u00e9taire et comptable \npublique et autorisant diverses exp\u00e9rimentations ;  \n \nVU le d\u00e9cret n\u00b0 2015-510 du 7 mai 2015 modifi\u00e9 portant charte de la d\u00e9concentration ;  \n \nVU le d\u00e9cret n\u00b0 2019-1594 du 31 d\u00e9cembre 2019 modifi\u00e9 relatif aux emplois de direction de l'\u00c9tat ;  \n \nVU le d\u00e9cret n\u00b02020 -1545 du 9 d\u00e9cembre 2020 modifi\u00e9 relatif \u00e0 l'organisation et aux missions des \ndirections r\u00e9gionales de l'\u00e9conomie, de l'emploi, du travail et des solidarit\u00e9s, des directions \nd\u00e9partementales de l'emploi, du travail et des solidarit\u00e9s et des directions d\u00e9partementales de l'emploi, \ndu travail, des solidarit\u00e9s et de la protection des populations ;  \n \nDirection r\u00e9gionale et interd\u00e9partementale de l'\u00e9conomie, de l'emploi, du travail et des solidarit\u00e9s d'\u00cele-de-France -\nIDF-2025-04-09-00006 - Arr\u00eat\u00e9 n\u00b0 2025-061 du 9 avril 2025 portant subd\u00e9l\u00e9gation de signature en mati\u00e8re d'ordonnancement\nsecondaire des recettes et des d\u00e9penses de l'\u00c9tat aux agents de la DRIEETS d'\u00cele-de-France\n5\n \n2 / 15 \nVU le d\u00e9cret n\u00b0 2021-297 du 18 mars 2021 relatif aux conditions d'application de l'ordonnance n\u00b0 2020 -\n921 du 29 juillet 2020 portant diverses mesures d'accompagnement des salari\u00e9s dans le cadre de la \nfermeture des centrales \u00e0 charbon, notant ses articles 21 \u00e0 24 ; \n \nVU le d\u00e9cret du 22 juillet 2020 portant nomination de Monsieur Marc GUILLAUME en qualit\u00e9 de pr\u00e9fet \nde la r\u00e9gion d'\u00cele-de-France, pr\u00e9fet de Paris ;  \n \nVU l'arr\u00eat\u00e9 minist\u00e9riel du 20 avril 2020 relatif au r\u00e9gime des allocations pour la diversit\u00e9 dans la fonction \npublique ; \n \nVu l'arr\u00eat\u00e9 interminist\u00e9riel du 20 mars 2025 nommant Marc ROHFRITSCH directeur r\u00e9gional et \ninterd\u00e9partemental de l'\u00e9conomie, de l'emploi, du travail et des solidarit\u00e9s d'\u00cele-de-France par int\u00e9rim \u00e0 \ncompter du 1er avril 2025 ; \n \nVU l'arr\u00eat\u00e9 pr\u00e9fectoral n\u00b0 75 -2021-03-30-00003 du 30 mars 2021 portant organisation de la direction \nr\u00e9gionale et interd\u00e9partementale de l'\u00e9conomie, de l'emploi, du travail, et des solidarit\u00e9s d'\u00cele -de-\nFrance ;  \n \nVU l'arr\u00eat\u00e9 pr\u00e9fectoral IDF-2025-04-04-00006 du 4 avril 2025 portant d\u00e9l\u00e9gation de signature \u00e0 M. Marc \nROHFRITSCH, directeur r\u00e9gional et interd\u00e9partemental de l'\u00e9conomie, de l'emploi, du travail et des \nsolidarit\u00e9s d'\u00cele -de-France par int\u00e9rim , en mati\u00e8re d'ordonnancement secondaire au titre de ses \nresponsabilit\u00e9s de niveau r\u00e9gional ; \n \nVU pr\u00e9fectoral n\u00b0  75-2025-04-04-00005 du 4 avril 2025  portant d\u00e9l\u00e9gation de signature \u00e0 M. Marc \nROHFRITSCH, directeur r\u00e9gional et interd\u00e9partemental de l'\u00e9conomie, de l'emploi, du travail et des \nsolidarit\u00e9s d'\u00cele -de-France par int\u00e9rim , en mati\u00e8re d'ordonnancement secondaire au titre du \nd\u00e9partement de Paris ; \n \nVU l'arr\u00eat\u00e9 pr\u00e9fectoral n\u00b0 2025-11 du 31 mars 2025 du pr\u00e9fet des Hauts-de-Seine, portant d\u00e9l\u00e9gation de \nsignature \u00e0 M. Marc ROHFRITSCH, directeur r\u00e9gional et interd\u00e9partemental de l'\u00e9conomie, de l'emploi, \ndu travail et des solidarit\u00e9s d'\u00cele -de-France par int\u00e9rim , en mati\u00e8re d'ordonnancement secondaire au \ntitre du d\u00e9partement des Hauts-de-Seine ; \n \nVU l'arr\u00eat\u00e9 pr\u00e9fectoral n\u00b0 2025-1368 du 2 avril 2025 du pr\u00e9fet de Seine-Saint-Denis, portant d\u00e9l\u00e9gation \nde signature \u00e0 M. Marc ROHFRITSCH,  directeur r\u00e9gional et interd\u00e9partemental de l'\u00e9conomie, de \nl'emploi, du travail et des solidarit\u00e9s d'\u00cele -de-France par int\u00e9rim , en mati\u00e8re d'ordonnancement \nsecondaire au titre du d\u00e9partement de la Seine-Saint-Denis ; \n \nVU l'arr\u00eat\u00e9 pr\u00e9fectoral n\u00b0 2025/01312 du 2 avril 2025 du pr\u00e9fet du Val-de-Marne, portant d\u00e9l\u00e9gation de \nsignature \u00e0 M. Marc ROHFRITSCH, directeur r\u00e9gional et interd\u00e9partemental de l'\u00e9conomie, de l'emploi, \ndu travail et des solidarit\u00e9s d'\u00cele -de-France par int\u00e9rim , en mati\u00e8re d'ordonnancement secondaire au \ntitre du d\u00e9partement du Val-de-Marne ;  \n \n \n  \nDirection r\u00e9gionale et interd\u00e9partementale de l'\u00e9conomie, de l'emploi, du travail et des solidarit\u00e9s d'\u00cele-de-France -\nIDF-2025-04-09-00006 - Arr\u00eat\u00e9 n\u00b0 2025-061 du 9 avril 2025 portant subd\u00e9l\u00e9gation de signature en mati\u00e8re d'ordonnancement\nsecondaire des recettes et des d\u00e9penses de l'\u00c9tat aux agents de la DRIEETS d'\u00cele-de-France\n6\n \n3 / 15 \nARR\u00caTE \n \n \nSECTION 1 \u2013 SUBD\u00c9L\u00c9GATION DE SIGNATURE AUX AGENTS DE L'UNIT\u00c9 R\u00c9GIONALE  \n \nARTICLE 1  : Marc ROHFRITSCH  en qualit\u00e9 de responsable de budget op\u00e9rationnel de programme \nd\u00e9l\u00e9gu\u00e9, donne subd\u00e9l\u00e9gation de signature \u00e0 :  \n \n\u27a2 Evelyne LE-GALL, cheffe de la mission du pilotage budg\u00e9taire r\u00e9gional ; \n\u27a2 David KOULIBALY, gestionnaire budg\u00e9taire ; \n\u27a2 C\u00e9cile BARCELO, responsable coordination cellule programmation du p\u00f4le Emploi, \u00c9conomie, \nSolidarit\u00e9s  \nPour recevoir et mettre \u00e0 disposition des services responsables d'unit\u00e9s op\u00e9rationnelles les cr\u00e9dits des \nbudgets op\u00e9rationnels des programmes r\u00e9gionaux suivants :  \n \n\u27a2 102 \u00ab Acc\u00e8s et retour \u00e0 l'emploi \u00bb ;  \n\u27a2 103 \u00ab Accompagnement des mutations \u00e9conomiques et d\u00e9veloppement de l'emploi \u00bb ;  \n\u27a2 104 \u00ab Int\u00e9gration et acc\u00e8s \u00e0 la nationalit\u00e9 fran\u00e7aise  \u00bb - Action 12, pour les missions autres que le \ndispositif \u00ab Int\u00e9gration des r\u00e9fugi\u00e9s franciliens (mission IRF) \u00bb ; \n\u27a2 177 \u00ab H\u00e9bergement, parcours vers le logement et insertion des personnes vuln\u00e9rables \u00bb - Action \n12 ;  \n\u27a2 304 \u00ab Inclusion sociale et protection des personnes \u00bb.  \n \nPour proc\u00e9der \u00e0 des r\u00e9allocations en  cours d'exercice budg\u00e9taire entre les services charg\u00e9s de \nl'ex\u00e9cution de la d\u00e9pense au titre des budgets des programmes cit\u00e9s, ci-dessus.  \n \nARTICLE 2  : Subd\u00e9l\u00e9gation de signature est donn\u00e9e sous la forme d'une habilitation \u00e0 valider dans \nl'application financi\u00e8re CHORUS, les op\u00e9rations d'ordonnancement secondaire et les actes de gestion \nen qualit\u00e9 de service prescripteur pour les recettes et les d\u00e9penses de l'\u00c9tat, aux agents d\u00e9sign\u00e9s ci-apr\u00e8s \n:  \n \n- Au titre des programmes vis\u00e9s \u00e0 l'article 4 \n\u27a2 Evelyne LE-GALL, cheffe de la mission du pilotage budg\u00e9taire r\u00e9gional ; \n\u27a2 David KOULIBALY, gestionnaire budg\u00e9taire et comptable. \n \n- Au titre des cr\u00e9dits communautaires vis\u00e9s \u00e0 l'article 10  \n\u27a2 Yannick YAO, chef du service gestion financi\u00e8re et m\u00e9thodes ; \n\u27a2 Arthur POTOT, adjoint au chef du service Gestion financi\u00e8re et m\u00e9thodes ; \n\u27a2 Nathalie EMIDOF, responsable de la cellule financi\u00e8re ; \n\u27a2 Mamadi KEITA, charg\u00e9 de mission ; \n\u27a2 Jeanie FAIRFORT, gestionnaire financier. \n \nARTICLE 3 : Subd\u00e9l\u00e9gation de signature est donn\u00e9e \u00e0 Evelyne LE GALL, cheffe de la mission du pilotage \nbudg\u00e9taire r\u00e9gional, \u00e0 l'effet de signer tous actes budg\u00e9taires et comptables ou pi\u00e8ces dans le p\u00e9rim\u00e8tre \nde la mission du pilotage budg\u00e9taire r\u00e9gional. \n \nARTICLE 4  : En cas d'absence ou d'emp\u00eachement de Marc ROHFRITSCH , directeur r\u00e9gional et \ninterd\u00e9partemental de l'\u00e9conomie, de l'emploi, du travail et des solidarit\u00e9s d'\u00cele -de-France par int\u00e9rim, \nsubd\u00e9l\u00e9gation de signature est donn\u00e9e \u00e0 :  \n \n\u27a2 M\u00e9lanie CACHET, directrice de cabinet ; \n\u27a2 Jean-Fran\u00e7ois DALVAI, responsable du p\u00f4le politique du travail (p\u00f4le T) \n\u27a2 Murielle LIZZI, responsable du p\u00f4le concurrence, consommation, r\u00e9pression des fraudes et \nDirection r\u00e9gionale et interd\u00e9partementale de l'\u00e9conomie, de l'emploi, du travail et des solidarit\u00e9s d'\u00cele-de-France -\nIDF-2025-04-09-00006 - Arr\u00eat\u00e9 n\u00b0 2025-061 du 9 avril 2025 portant subd\u00e9l\u00e9gation de signature en mati\u00e8re d'ordonnancement\nsecondaire des recettes et des d\u00e9penses de l'\u00c9tat aux agents de la DRIEETS d'\u00cele-de-France\n7\n \n4 / 15 \nm\u00e9trologie l\u00e9gale (p\u00f4le C) ; \n\u27a2 Alexandre MARTINET, directeur r\u00e9gional d\u00e9l\u00e9gu\u00e9 charg\u00e9 des affaires g\u00e9n\u00e9rales ; \n\u27a2 Erwan SAMYN, responsable adjoint du p\u00f4le \u00e9conomie, emploi et solidarit\u00e9s (p\u00f4le EES) \n\u00e0 l'effet de signer, tous actes budg\u00e9taires et comptables, arr\u00eat\u00e9s, d\u00e9cisions, pi\u00e8ces ou conventions, y \ncompris les prescriptions quadriennales, pour proc\u00e9der \u00e0 l'ordonnancement secondaire des d\u00e9penses \net des recettes de l'\u00c9tat dans le cadre des programmes suivants :  \n \n\u27a2 102 \u00ab Acc\u00e8s et retour \u00e0 l'emploi \u00bb,  \n\u27a2 103 \u00ab Accompagnement des mutations \u00e9conomiques et d\u00e9veloppement de l'emploi \u00bb,  \n\u27a2 104 \u00ab Int\u00e9gration et acc\u00e8s \u00e0 la nationalit\u00e9 fran\u00e7aise \u00bb action 12,  \n\u27a2 111 \u00ab Am\u00e9lioration de la qualit\u00e9 de l'emploi et des relations du travail \u00bb, \n\u27a2 124 \u00ab Conduite et soutien des politiques sanitaires et sociales \u00bb,  \n\u27a2 134 \u00ab D\u00e9veloppement des entreprises et de l'emploi \u00bb,  \n\u27a2 148 \u00ab Fonction publique \u00bb, \n\u27a2 155 \u00ab Conception, gestion et \u00e9valuation des politiques de l'emploi et du travail \u00bb,  \n\u27a2 157 \u00ab Handicap et d\u00e9pendance \u00bb,  \n\u27a2 174 \u00ab Energie, climat et apr\u00e8s mines \u00bb action 1 \u00ab Politique de l'\u00e9nergie \u00bb  \n\u27a2 177 \u00ab H\u00e9bergement, parcours vers le logement et insertion des personnes vuln\u00e9rables \u00bb - action \n12,  \n\u27a2 183 \u00ab Protection maladie \u00bb,  \n\u27a2 304 \u00ab Inclusion sociale et protection des personnes \u00bb - actions 15, 16, 17, 19, 21 et 22, \n\u27a2 305 \u00ab Strat\u00e9gies \u00e9conomiques \u00bb,  \n\u27a2 354 \u00ab Administration territoriale de l'\u00c9tat \u00bb  \n\u27a2 362 \u00ab \u00c9cologie \u00bb,  \n\u27a2 363 \u00ab Comp\u00e9titivit\u00e9 \u00bb,  \n\u27a2 364 \u00ab Coh\u00e9sion \u00bb,  \n\u27a2 723 \u00ab Op\u00e9rations immobili\u00e8res et entretiens des b\u00e2timents de l'\u00c9tat \u00bb.  \n \n \nCABINET \n \nARTICLE 5  : En cas d'absence ou d'emp\u00eachement de Marc ROHFRITSCH  et de M\u00e9lanie CACHET , \nsubd\u00e9l\u00e9gation de signature est donn\u00e9e \u00e0 :  \n \n\u27a2 Laurence GR\u00c8ZE, cheffe du service communication ; \n\u27a2 David HOYRUP, chef du service - \u00c9tudes, statistiques et \u00e9valuation \n\u00e0 l'effet de signer, dans la limite de leurs attributions, tous arr\u00eat\u00e9s, d\u00e9cisions, pi\u00e8ces ou conventions pour \nproc\u00e9der \u00e0 l'ordonnancement secondaire des d\u00e9penses et recettes de l'\u00c9tat, dans le cadre des \nprogrammes suivants :  \n \n- 124 \u00ab Conduite et soutien des politiques sanitaires et sociales \u00bb,  \n- 155 \u00ab Conception, gestion et \u00e9valuation des politiques de l'emploi et du travail \u00bb,  \n- 354 \u00ab Administration territoriale de l'\u00c9tat \u00bb,  \n \nToute d\u00e9pense sup\u00e9rieure \u00e0 400 000 euros pour le  dernier programme cit\u00e9 devra faire l'objet d'un visa \npr\u00e9alable du Pr\u00e9fet de la r\u00e9gion d'\u00cele-de-France.  \n \n \nP\u00d4LE APPUI AUX M\u00c9TIERS  \n \nARTICLE 6 : En cas d'absence ou d'e mp\u00eachement de Marc ROHFRITSCH  et d 'Alexandre MARTINET , \nsubd\u00e9l\u00e9gation de signature est donn\u00e9e \u00e0 :  \n \nDirection r\u00e9gionale et interd\u00e9partementale de l'\u00e9conomie, de l'emploi, du travail et des solidarit\u00e9s d'\u00cele-de-France -\nIDF-2025-04-09-00006 - Arr\u00eat\u00e9 n\u00b0 2025-061 du 9 avril 2025 portant subd\u00e9l\u00e9gation de signature en mati\u00e8re d'ordonnancement\nsecondaire des recettes et des d\u00e9penses de l'\u00c9tat aux agents de la DRIEETS d'\u00cele-de-France\n8\n \n5 / 15 \n\u27a2 Anne SCANDELLA, secr\u00e9taire g\u00e9n\u00e9rale ; \n\u27a2 El\u00e9a WERMELINGER, secr\u00e9taire g\u00e9n\u00e9rale adjointe ; \n\u27a2 Freddy FRAN\u00c7OISE, chef du service des syst\u00e8mes d'information et de communication ; \n\u27a2 Guilhem GOUBERT, adjoint au chef du service des syst\u00e8mes d'information et de communication ; \n\u27a2 Jacky HAZIZA, chef du service interd\u00e9partemental des conseils m\u00e9dicaux ; \n\u27a2 Zahira MONJOIN, adjointe au chef du service interd\u00e9partemental des conseils m\u00e9dicaux ; \n\u27a2 Marika DEMORTIER, cheffe du service pilotage des ressources humaines  ; \n\u27a2 Yasmina REDOUANE, adjointe \u00e0 la cheffe du service pilotage des ressources humaines ;  \n\u27a2 B\u00e9atrice JEAN-MARIE, adjointe au chef du service pr\u00e9vention et qualit\u00e9 de vie au travail  \n\u00e0 l'effet de signer, dans la limite de leurs attributions, tous arr\u00eat\u00e9s, d\u00e9cisions, pi\u00e8ces ou conventions pour \nproc\u00e9der \u00e0 l'ordonnancement secondaire des d\u00e9penses et recettes de l'\u00c9tat, dans le cadre des \nprogrammes suivants :  \n \n- 124 \u00ab Conduite et soutien des politiques sanitaires et sociales \u00bb,  \n- 155 \u00ab Conception, gestion et \u00e9valuation des politiques de l'emploi et du travail \u00bb,  \n- 354 \u00ab Administration territoriale de l'\u00c9tat \u00bb,  \n- 362 \u00ab \u00c9cologie \u00bb,  \n- 363 \u00ab Comp\u00e9titivit\u00e9 \u00bb,  \n- 723 \u00ab Op\u00e9rations immobili\u00e8res et entretiens des b\u00e2timents de l'\u00c9tat \u00bb.  \n \nToute d\u00e9pense sup\u00e9rieure \u00e0 400 000 euros pour les quatre derniers programmes cit\u00e9s devra faire l'objet \nd'un visa pr\u00e9alable du pr\u00e9fet de la r\u00e9gion d'\u00cele-de-France. \n \n \nP\u00d4LE \u00c9CONOMIE, EMPLOI ET SOLIDARIT\u00c9S \n \nARTICLE 7 : En cas d'absence ou d'emp\u00eachement de Marc ROHFRITSCH, d\u00e9l\u00e9gation de signature est \ndonn\u00e9e \u00e0 :  \n \n\u27a2 Erwan SAMYN, adjoint au responsable du EES \n\u00e0 l'effet de signer, dans la limite des attributions du p\u00f4le, tous arr\u00eat\u00e9s, d\u00e9cisions, pi\u00e8ces ou conventions, \ny compris ceux relatifs \u00e0 la prescription quadriennale pour proc\u00e9der \u00e0 l'ordonnancement secondaire des \nd\u00e9penses et recettes de l'\u00c9tat dans le cadre des programmes suivants :  \n \n- 102 \u00ab Acc\u00e8s et retour \u00e0 l'emploi \u00bb,  \n- 103 \u00ab Accompagnement des mutations \u00e9conomiques et d\u00e9veloppement de l'emploi \u00bb,  \n- 104 \u00ab Int\u00e9gration et acc\u00e8s \u00e0 la nationalit\u00e9 fran\u00e7aise \u00bb action 12,  \n- 124 \u00ab Conduite et soutien des politiques sanitaires et sociales \u00bb,  \n- 148 \u00ab Fonction publique \u00bb, \n- 155 \u00ab Conception, gestion et \u00e9valuation des politiques de l'emploi et du travail \u00bb, action 7 \u2013 FSE,  \n- 174 \u00ab \u00c9nergie, climat et apr\u00e8s mines \u00bb - Action 1 : \u00ab Politique de l'\u00e9nergie \u00bb, \n- 177 \u00ab H\u00e9bergement, parcours vers le logement et insertion des personnes vuln\u00e9rables \u00bb action \n12,  \n- 183 \u00ab Protection maladie \u00bb,  \n- 304 \u00ab Inclusion sociale et protection des personnes \u00bb,  \n- 305 \u00ab Strat\u00e9gies \u00e9conomiques \u00bb,  \n- 354 \u00ab Administration territoriale de l'\u00c9tat (uniquement carte mobilit\u00e9 insertion) \n- 364 \u00ab Coh\u00e9sion \u00bb.  \n \nARTICLE 8 : En cas d'absence ou d'emp\u00eachement de Marc ROHFRITSCH  et d 'Erwan SAMYN , \nsubd\u00e9l\u00e9gation de signature est donn\u00e9e \u00e0 :  \n \n\u27a2 Emmanuel BEZY, chef du d\u00e9partement solidarit\u00e9s et emploi ; \nDirection r\u00e9gionale et interd\u00e9partementale de l'\u00e9conomie, de l'emploi, du travail et des solidarit\u00e9s d'\u00cele-de-France -\nIDF-2025-04-09-00006 - Arr\u00eat\u00e9 n\u00b0 2025-061 du 9 avril 2025 portant subd\u00e9l\u00e9gation de signature en mati\u00e8re d'ordonnancement\nsecondaire des recettes et des d\u00e9penses de l'\u00c9tat aux agents de la DRIEETS d'\u00cele-de-France\n9\n \n6 / 15 \n\u27a2 Manon NGUYEN VAN MAI, cheffe du d\u00e9partement entreprises ; \n\u27a2 Cl\u00e9ment MAYOT, adjoint \u00e0 la cheffe du d\u00e9partement entreprises ; \n\u27a2 Isabelle ANTOINE, cheffe du d\u00e9partement certifications, \u00e0 compter du 1er mars, \n\u00e0 l'effet de signer, dans la limite de leurs attributions, tous arr\u00eat\u00e9s, d\u00e9cisions, pi\u00e8ces ou conventions pour \nproc\u00e9der \u00e0 l'ordonnancement secondaire des d\u00e9penses et recettes de l'\u00c9tat dans le cadre des \nprogrammes cit\u00e9s \u00e0 l'article 7.  \n \nARTICLE 9 : En cas d'absence ou d'emp\u00eachement des personnes mentionn\u00e9es \u00e0 l'article 8, subd\u00e9l\u00e9gation \nde signature est donn\u00e9e \u00e0 :  \n \n\u27a2 Jean MENJON, adjoint au chef du d\u00e9partement solidarit\u00e9s et emploi ; \n\u27a2 S\u00e9bastien AGOT, chef du service protection et insertion des jeunes ; \n\u27a2 David ANGLARET, chef du service d\u00e9veloppement des comp\u00e9tences ; \n\u27a2 Adrien EHLINGER, chef du service des professions sociales ; \n\u27a2 Catherine GWET, cheffe du service des titres \n\u27a2 Mathilde MANDONNET, adjointe au chef du service protection et insertion des majeurs  ; \n\u00e0 l'effet de signer, dans la limite de leurs attributions, tous arr\u00eat\u00e9s, d\u00e9cisions, pi\u00e8ces ou conventions pour \nproc\u00e9der \u00e0 l'ordonnancement secondaire des d\u00e9penses et recettes de l'\u00c9tat dans le cadre des \nprogrammes cit\u00e9s \u00e0 l'article 7.  \n \nARTICLE 10 : En cas d'absence ou d'emp\u00eachement de Marc ROHFRITSCH, subd\u00e9l\u00e9gation est donn\u00e9e \u00e0 :  \n \n\u27a2 Erwan SAMYN, adjoint au responsable du p\u00f4le EES ; \n\u00e0 l'effet de signer, dans la limite de leurs attributions, tous actes budg\u00e9taires et comptables, arr\u00eat\u00e9s, \nd\u00e9cisions, pi\u00e8ces ou conventions y compris ceux relatifs \u00e0 la prescription quadriennale, pour proc\u00e9der \u00e0 \nl'ordonnancement des recettes et des d\u00e9penses relatives aux cr\u00e9dits communautaires du \u00ab Fonds social \neurop\u00e9en \u00bb (FSE), du \u00ab Fonds social europ\u00e9en plus \u00bb (FSE+) et de \u00abl'Initiative pour l'emploi des jeunes \u00bb \n(IEJ) et au programme 155, action 7 (FSE). \n \nARTICLE 1 1 : En cas d'absence ou d'emp\u00eachement des personnes mentionn\u00e9es \u00e0 l'article 10, \nsubd\u00e9l\u00e9gation est donn\u00e9e \u00e0 : \n \n\u27a2 Liana CAMARUT, cheffe du service programmation et organismes interm\u00e9diaires ; \n\u27a2 Emilie REUGE, cheffe du service projets r\u00e9gionaux ; \n\u27a2 Yannick YAO, chef du service gestion financi\u00e8re et m\u00e9thodes \n\u00e0 l'effet de signer, dans la limite de leurs attributions, tous actes budg\u00e9taires et comptables, arr\u00eat\u00e9s, \nd\u00e9cisions, pi\u00e8ces ou conventions pour proc\u00e9der \u00e0 l'ordonnancement des recettes et des d\u00e9penses \nrelatives aux cr\u00e9dits c ommunautaires du \u00ab Fonds social  europ\u00e9en \u00bb (FSE) , du \u00ab  Fonds social europ\u00e9en \nplus \u00bb (FSE+) et de \u00abl'initiative pour l'emploi des jeunes \u00bb (IEJ) et au programme 155, action 7 (FSE).  \n \n \nP\u00d4LE CONCURRENCE, CONSOMMATION, R\u00c9PRESSION DES FRAUDES ET M\u00c9TROLOGIE L\u00c9GALE  \n \nARTICLE 1 2 : En cas d'absence ou d'emp\u00eachement de Marc ROHFRITSCH  et de Murielle LIZZI, \nsubd\u00e9l\u00e9gation de signature est donn\u00e9e \u00e0 : \n \n\u27a2 Aur\u00e9lie LEHOUCK, cheffe du service Pilotage ; \n\u27a2 Micha\u00ebl DELHAIE, chef de service Appui aux r\u00e9seaux ; \n\u27a2 Aur\u00e9lien NICOT, chef de la brigade interr\u00e9gionale d'enqu\u00eates concurrence (BIEC) et de la \ncommande publique (CP) ; \n\u27a2 Marion VIRUEGA, cheffe de la Brigade des relations interentreprises (BRIE) ;  \n\u27a2 Philippe RICHARD, charg\u00e9 de mission ; \n\u27a2 Nathalie CAUVIN, cheffe du service M\u00e9trologie l\u00e9gale \nDirection r\u00e9gionale et interd\u00e9partementale de l'\u00e9conomie, de l'emploi, du travail et des solidarit\u00e9s d'\u00cele-de-France -\nIDF-2025-04-09-00006 - Arr\u00eat\u00e9 n\u00b0 2025-061 du 9 avril 2025 portant subd\u00e9l\u00e9gation de signature en mati\u00e8re d'ordonnancement\nsecondaire des recettes et des d\u00e9penses de l'\u00c9tat aux agents de la DRIEETS d'\u00cele-de-France\n10\n \n7 / 15 \n\u00e0 l'effet de signer, dans la limite de leurs attributions, tous arr\u00eat\u00e9s, d\u00e9cisions, pi\u00e8ces ou conventions pour \nproc\u00e9der \u00e0 l'ordonnancement secondaire des d\u00e9penses et recettes de l'\u00c9tat, du programme 134 \u00ab \nD\u00e9veloppement des entreprises et de l'emploi \u00bb, relevant de la comp\u00e9tence du P\u00f4le C.  \n \n \nP\u00d4LE TRAVAIL \n \nARTICLE 13 : En cas d'absence ou d'emp\u00eachement de Marc ROHFRITSCH et de Jean-Fran\u00e7ois DALVAI, \nsubd\u00e9l\u00e9gation de signature est donn\u00e9e \u00e0 :  \n \n\u27a2 Dominique-Anne MICHEL, adjointe du responsable du p\u00f4le T \n\u00e0 l'effet de signer, dans la limite de leurs attributions, tous arr\u00eat\u00e9s, d\u00e9cisions, pi\u00e8ces ou conventions, y \ncompris ceux relatifs \u00e0 la prescription quadriennale, pour proc\u00e9der \u00e0 l'ordonnancement des d\u00e9penses \net des recettes de l'\u00c9tat dans le cadre du programme 111 \u00abAm\u00e9lioration de la qualit\u00e9 de l'emploi et des \nrelations du travail \u00bb.  \n \nARTICLE 1 4 : En cas d'absence ou d'emp\u00eachement des personnes mentionn\u00e9es \u00e0 l'article 13, \nsubd\u00e9l\u00e9gation est donn\u00e9e \u00e0 :  \n \n\u27a2 Guy LEBON, chef du service relations du travail  \n\u00e0 l'effet de signer, dans la limite de ses attributions, tous actes, arr\u00eat\u00e9s, d\u00e9cisions, pi\u00e8ces ou conventions \npour proc\u00e9der \u00e0 l'ordonnancement secondaire des d\u00e9penses et des recettes de l'\u00c9tat, dans le cadre du \nprogramme indiqu\u00e9 \u00e0 l'article 13. \n \n  \nDirection r\u00e9gionale et interd\u00e9partementale de l'\u00e9conomie, de l'emploi, du travail et des solidarit\u00e9s d'\u00cele-de-France -\nIDF-2025-04-09-00006 - Arr\u00eat\u00e9 n\u00b0 2025-061 du 9 avril 2025 portant subd\u00e9l\u00e9gation de signature en mati\u00e8re d'ordonnancement\nsecondaire des recettes et des d\u00e9penses de l'\u00c9tat aux agents de la DRIEETS d'\u00cele-de-France\n11\n \n8 / 15 \nSECTION 2 \u2013 SUBD\u00c9L\u00c9GATION DE SIGNATURE AUX AGENTS DES UNIT\u00c9S D\u00c9PARTEMENTALES  \n \nARTICLE 15 : Subd\u00e9l\u00e9gation de signature est donn\u00e9e \u00e0 l'effet de signer, dans la limite de leurs attributions \ntous actes, arr\u00eat\u00e9s, d\u00e9cisions, pi\u00e8ces ou conventions, y compris ceux relatifs \u00e0 la prescription \nquadriennale pour proc\u00e9der \u00e0 l'ordonnancement secondaire des d\u00e9penses et des recettes de l'\u00c9tat dans \nle cadre des programmes suivants : 102, 103, 111, 104, 157, 177, 183, 304, 305, et 354 (uniquement carte \nmobilit\u00e9 insertion) \u00e0 :  \n \n\u27a2 Martine BAUDOIN, directrice adjointe de l'unit\u00e9 d\u00e9partementale de Paris, directrice de l'unit\u00e9 \nd\u00e9partementale de Paris par int\u00e9rim, pour le territoire de Paris ; \n\u27a2 Azadeh AKRAMI-CASTANON, directrice de l'unit\u00e9 d\u00e9partementale des Hauts-de-Seine, pour le \nterritoire des Hauts-de-Seine ; \n\u27a2 David SOUBRI\u00c9, directeur de l'unit\u00e9 d\u00e9partementale de la Seine-Saint-Denis, pour le territoire de \nSeine-Saint-Denis ; \n\u27a2 Didier TILLET, directeur de l'unit\u00e9 d\u00e9partementale du Val-de-Marne, pour le territoire du Val-de-\nMarne. \n \n \nUNIT\u00c9 D\u00c9PARTEMENTALE DE PARIS \n \nARTICLE 16 : Subd\u00e9l\u00e9gation de signature est donn\u00e9e sous la forme d'une habilitation \u00e0 valider dans \nl'application financi\u00e8re chorus, les op\u00e9rations d'ordonnancement secondaire et les actes de gestion en \nqualit\u00e9 de service prescripteur pour les recettes et les d\u00e9penses de l'\u00c9tat, aux agents d\u00e9sign\u00e9s ci-apr\u00e8s : \n \n\u27a2 Rapha\u00ebl BUZULIER, gestionnaire budg\u00e9taire et comptable ; \n\u27a2 Eric REMERAND, chef du service protection au sein du d\u00e9partement protection et insertion des \nadultes ; \n\u27a2 Sylviane DUNAJSKA, gestionnaire budg\u00e9taire et comptable. \n \nP\u00d4LE EMPLOI SOLIDARIT\u00c9S \n \nARTICLE 17 : En cas d'absence ou d'emp\u00eachement de Martine BAUDOIN, subd\u00e9l\u00e9gation est donn\u00e9e \u00e0 :  \n \n\u27a2 Marie MARCENA, responsable du p\u00f4le entreprises, emploi et solidarit\u00e9s \n\u27a2 V\u00e9ronique DELARUE, adjointe \u00e0 la responsable du p\u00f4le entreprises, emploi et solidarit\u00e9s , cheffe \nde la mission animation territoriale \n\u00e0 l'effet de signer, dans la limite de ses attributions, tous actes, arr\u00eat\u00e9s, d\u00e9cisions, pi\u00e8ces ou conventions \npour proc\u00e9der \u00e0 l'ordonnancement secondaire des d\u00e9penses et des recettes de l'\u00c9tat dans le cadre des \nprogrammes indiqu\u00e9s \u00e0 l'article 15.  \n \nARTICLE 1 8 : En cas d'absence ou d'emp\u00eachement des personnes mentionn\u00e9es \u00e0 l'article  17, \nsubd\u00e9l\u00e9gation est donn\u00e9e \u00e0 :  \n \n\u27a2 Jean-Philippe DEVOUCOUX, chef du d\u00e9partement accompagnement des entreprises ; \n\u27a2 Patricia RENUCCI, chef du d\u00e9partement protection et insertion des jeunes ; \n\u27a2 Corinne ROUXEL, chef du d\u00e9partement protection et insertion des adultes  \n\u00e0 l'effet de signer, dans la limite de leurs attributions, tous actes, arr\u00eat\u00e9s, d\u00e9cisions, pi\u00e8ces ou \nconventions pour proc\u00e9der \u00e0 l'ordonnancement secondaire des d\u00e9penses et des recettes de l'\u00c9tat dans \nle cadre des programmes indiqu\u00e9s \u00e0 l'article 15.  \n \n \n \n \nDirection r\u00e9gionale et interd\u00e9partementale de l'\u00e9conomie, de l'emploi, du travail et des solidarit\u00e9s d'\u00cele-de-France -\nIDF-2025-04-09-00006 - Arr\u00eat\u00e9 n\u00b0 2025-061 du 9 avril 2025 portant subd\u00e9l\u00e9gation de signature en mati\u00e8re d'ordonnancement\nsecondaire des recettes et des d\u00e9penses de l'\u00c9tat aux agents de la DRIEETS d'\u00cele-de-France\n12\n \n9 / 15 \nP\u00d4LE TRAVAIL \n \nARTICLE 19 : En cas d'absence ou d'emp\u00eachement de Martine BAUDOIN, subd\u00e9l\u00e9gation est donn\u00e9e \u00e0 :  \n \n\u27a2 Herv\u00e9 LEGRAND, responsable du p\u00f4le travail \n\u00e0 l'effet de signer, dans la limite de ses attributions, tous actes, arr\u00eat\u00e9s, d\u00e9cisions, pi\u00e8ces ou conventions \npour proc\u00e9der \u00e0 l'ordonnancement secondaire des d\u00e9penses et des recettes de l'\u00c9tat dans le cadre, des \nprogrammes indiqu\u00e9s \u00e0 l'article 15.  \n \nARTICLE 2 0 : En cas d'absence ou d'emp\u00eachement des personnes mentionn\u00e9es \u00e0 l'article 19, \nsubd\u00e9l\u00e9gation est donn\u00e9e \u00e0 :  \n \n\u27a2 Niklas VASSEUX, adjoint au responsable du p\u00f4le travail ; \n\u27a2 Catherine BARRAS, directrice de secteur nord des services de l'inspection du travail  ; \n\u27a2 M\u00e9linda MARONE, directrice de secteur sud des services de l'inspection du travail  ; \n\u00e0 l'effet de signer, dans la limite de leurs attributions, tous actes, arr\u00eat\u00e9s, d\u00e9cisions, pi\u00e8ces ou \nconventions pour proc\u00e9der \u00e0 l'ordonnancement secondaire des d\u00e9penses et des recettes de l'\u00c9tat dans \nle cadre, des programmes indiqu\u00e9s \u00e0 l'article 15.  \n \n \nUNIT\u00c9 D\u00c9PARTEMENTALE DES HAUTS-DE-SEINE \n \nARTICLE 21 : En cas d'absence ou d'emp\u00eachement d'Azadeh  AKRAMI-CASTANON, subd\u00e9l\u00e9gation est \ndonn\u00e9e \u00e0 : \n \n\u27a2  Gwena\u00eblle BOISARD, directrice adjointe de l'unit\u00e9 d\u00e9partementale  \n\u00e0 l'effet de signer, dans la limite des attributions de l'unit\u00e9 d\u00e9partementale des Hauts -de-Seine, tous \nactes, arr\u00eat\u00e9s, d\u00e9cisions, pi\u00e8ces ou conventions, pour proc\u00e9der \u00e0 l'ordonnancement secondaire des \nd\u00e9penses et des recettes de l'\u00c9tat dans le cadre des programmes indiqu\u00e9s \u00e0 l'article 1 5. \n \nARTICLE 22 : Subd\u00e9l\u00e9gation de signature est donn\u00e9e sous la forme d'une habilitation \u00e0 valider dans \nl'application financi\u00e8re chorus, les op\u00e9rations d'ordonnancement secondaire et les actes de gestion en \nqualit\u00e9 de service prescripteur pour les recettes et les d\u00e9penses de l'\u00c9tat \u00e0 : \n \n\u27a2 Nicole MONSIGNY, gestionnaire budg\u00e9taire et comptable ; \n\u27a2 Marianne GABET, gestionnaire des dispositifs d'int\u00e9gration ; \n\u27a2 In\u00e8s EKOUYA, gestionnaire budg\u00e9taire et comptable. \n \nP\u00d4LE EMPLOI SOLIDARIT\u00c9S \n \nARTICLE 2 3 : En cas d'absence ou d'emp\u00eachement d'Azadeh AKRAMI -CASTANON et Gwena\u00eblle \nBOISARD, subd\u00e9l\u00e9gation est donn\u00e9e \u00e0 :  \n \n\u27a2 Val\u00e9rie GUERN, responsable du p\u00f4le Entreprises, Emploi, Solidarit\u00e9s \n\u00e0 l'effet de signer, dans la limite de ses attributions, tous actes, arr\u00eat\u00e9s, d\u00e9cisions, pi\u00e8ces ou conventions, \npour proc\u00e9der \u00e0 l'ordonnancement secondaire des d\u00e9penses et des recettes de l'\u00c9tat dans le cadre des \nprogrammes indiqu\u00e9s \u00e0 l'article 15. \n \n \nARTICLE 2 4 : En cas d'absence ou d'emp\u00eachement des perso nnes mentionn\u00e9es \u00e0 l'article 23, \nsubd\u00e9l\u00e9gation est donn\u00e9e \u00e0 :  \n \n\u27a2 Isabelle CHABBERT, cheffe du d\u00e9partement accompagnement des entreprises ; \nDirection r\u00e9gionale et interd\u00e9partementale de l'\u00e9conomie, de l'emploi, du travail et des solidarit\u00e9s d'\u00cele-de-France -\nIDF-2025-04-09-00006 - Arr\u00eat\u00e9 n\u00b0 2025-061 du 9 avril 2025 portant subd\u00e9l\u00e9gation de signature en mati\u00e8re d'ordonnancement\nsecondaire des recettes et des d\u00e9penses de l'\u00c9tat aux agents de la DRIEETS d'\u00cele-de-France\n13\n \n10 / 15 \n\u27a2 Carole-Laure CHICOUARD, cheffe du d\u00e9partement animation territoriale ; \n\u27a2 Deborah GILBERT, cheffe du d\u00e9partement protection et insertion des jeunes et des primo -\narrivants ; \n\u27a2 Nathalie LASMARRIGUES-MARQUIS, cheffe du d\u00e9partement protection et insertion des adultes  \n\u00e0 l'effet de signer, dans la limite de leurs attributions, tous actes, arr\u00eat\u00e9s, d\u00e9cisions, pi\u00e8ces ou \nconventions pour proc\u00e9der \u00e0 l'ordonnancement secondaire des d\u00e9penses et des recettes de l'\u00c9tat dans \nle cadre des programmes indiqu\u00e9s \u00e0 l'article 15.  \nARTICLE 25 : En cas d'absence ou d'emp\u00eachement des perso nnes mentionn\u00e9es aux articles 23 et 24, \nsubd\u00e9l\u00e9gation est donn\u00e9e \u00e0 :  \n \n\u27a2 Nadia BOURAS, cheffe du service de protection des majeurs vuln\u00e9rables ; \n\u27a2 St\u00e9phanie MEDARD, cheffe du service protection de l'enfance et int\u00e9gration ; \n\u27a2 Mariama CONDE, cheffe du service d\u00e9veloppement de l'emploi et des comp\u00e9tences  ; \n\u27a2 Julien KERLEAU, chef du service des restructurations \n\u00e0 l'effet de signer, dans la limite de leurs attributions, tous actes, arr\u00eat\u00e9s, d\u00e9cisions, pi\u00e8ces ou \nconventions pour proc\u00e9der \u00e0 l'ordonnancement secondaire des d\u00e9penses et des recettes de l'\u00c9tat dans \nle cadre des programmes indiqu\u00e9s \u00e0 l'article 15.  \n \nP\u00d4LE TRAVAIL \n \nARTICLE 2 6 : En cas d'absence ou d'emp\u00eachement d'Azadeh AKRAMI -CASTANON et  Gwena\u00eblle \nBOISARD, subd\u00e9l\u00e9gation est donn\u00e9e \u00e0 : \n \n\u27a2 J\u00e9r\u00f4me SAJOT, responsable du p\u00f4le travail ; \n\u27a2 Lolita REINA-RICO, adjointe du responsable du p\u00f4le travail  \n\u00e0 l'effet de signer, dans la limite de leurs attributions, tous actes, arr\u00eat\u00e9s, d\u00e9cisions, pi\u00e8ces ou \nconventions pour proc\u00e9der \u00e0 l'ordonnancement secondaire des d\u00e9penses et des recettes de l'\u00c9tat dans \nle cadre des programmes indiqu\u00e9s \u00e0 l'article 15.  \n \nARTICLE 2 7 : En cas d'absence ou d'emp\u00eacheme nt des pe rsonnes mentionn\u00e9es \u00e0 l'article 2 6, \nsubd\u00e9l\u00e9gation est donn\u00e9e \u00e0 :  \n \n\u27a2 Alexandra KOSNAR, responsable du service des relations du travail \n\u00e0 l'effet de signer, dans la limite de ses attributions, tous actes, arr\u00eat\u00e9s, d\u00e9cisions, pi\u00e8ces ou conventions \npour proc\u00e9der \u00e0 l'ordonnancement secondaire des d\u00e9penses et des recettes de l'\u00c9tat dans le cadre des \nprogrammes indiqu\u00e9s \u00e0 l'article 15. \n \n \nUNIT\u00c9 D\u00c9PARTEMENTALE DE LA SEINE-SAINT-DENIS \n \n \nARTICLE 2 8 : Subd\u00e9l\u00e9gation de signature est donn\u00e9e sous la forme d'une habilitation \u00e0 valider dans \nl'application financi\u00e8re chorus, les op\u00e9rations d'ordonnancement secondaire et les actes de gestion en \nqualit\u00e9 de service prescripteur pour les recettes et les d\u00e9penses de l'\u00c9tat, \u00e0  : \n \n\u27a2 Catherine CORVO, gestionnaire budg\u00e9taire et comptable ; \n\u27a2 Ang\u00e9lica TRINDADE-CHADEAU, responsable du d\u00e9partement animation territoriale ; \n\u27a2 Th\u00e9o COPPEL, responsable du d\u00e9partement protection et insertion des jeunes  ; \n\u27a2 Elodie ALMERAS, responsable du d\u00e9partement protection et insertion des adultes ;  \n\u27a2 Maureen LE BIAN, charg\u00e9e de mission protection des adultes ; \n\u27a2 Matthieu CHAPELON, responsable du p\u00f4le entreprises, emploi et solidarit\u00e9s.  \n \n \nDirection r\u00e9gionale et interd\u00e9partementale de l'\u00e9conomie, de l'emploi, du travail et des solidarit\u00e9s d'\u00cele-de-France -\nIDF-2025-04-09-00006 - Arr\u00eat\u00e9 n\u00b0 2025-061 du 9 avril 2025 portant subd\u00e9l\u00e9gation de signature en mati\u00e8re d'ordonnancement\nsecondaire des recettes et des d\u00e9penses de l'\u00c9tat aux agents de la DRIEETS d'\u00cele-de-France\n14\n \n11 / 15 \nARTICLE 29 : En cas d'absence ou d'emp\u00eachement de David SOUBRI\u00c9, subd\u00e9l\u00e9gation est donn\u00e9e \u00e0  : \n \n\u27a2 Laurence DEGENNE-SHORTEN directrice adjointe de l'unit\u00e9 d\u00e9partementale,  \n\u00e0 l'effet de signer, dans la limite des attributions de l'unit\u00e9 d\u00e9partementale de la Seine-Saint-Denis, tous \nactes, arr\u00eat\u00e9s, d\u00e9cisions, pi\u00e8ces ou conventions, pour proc\u00e9der \u00e0 l'ordonnancement secondaire des \nd\u00e9penses et des recettes de l'\u00c9tat dans le cadre des programmes indiqu\u00e9es \u00e0 l'article 15. \n \nP\u00d4LE ENTREPRISES, EMPLOI SOLIDARITES \n \nARTICLE 3 0 : En cas d'absence ou d'emp\u00eachement de David SOUBRI\u00c9 et de Laurence DEGENNE -\nSHORTEN subd\u00e9l\u00e9gation est donn\u00e9e \u00e0 : \n \n\u27a2 Matthieu CHAPELON, responsable du p\u00f4le entreprises, emploi et solidarit\u00e9s  \n\u00e0 l'effet de signer, dans la limite de ses attributions, tous actes, arr\u00eat\u00e9s, d\u00e9cisions, pi\u00e8ces ou conventions \npour proc\u00e9der \u00e0 l'ordonnancement secondaire des d\u00e9penses et des recettes de l'\u00c9tat dans le cadre des \nprogrammes indiqu\u00e9s \u00e0 l'article 15. \n \nARTICLE 3 1 : En cas d'absence ou d'emp\u00eachement des personnes mentionn\u00e9es \u00e0 l'article 3 0 \nsubd\u00e9l\u00e9gation est donn\u00e9e \u00e0 : \n \n\u27a2 Th\u00e9o COPPEL, responsable du d\u00e9partement protection et insertion des jeunes  ; \n\u27a2 Yves DOUBLIER, responsable du d\u00e9partement accompagnement des entreprises  ; \n\u27a2 Ang\u00e9lica TRINDADE-CHADEAU, responsable du d\u00e9partement animation territoriale ; \n\u27a2 Elodie ALMERAS, responsable du d\u00e9partement protection et insertion des adultes  \n\u00e0 l'effet de signer, dans la limite de leurs attributions, tous actes, arr\u00eat\u00e9s, d\u00e9cisions, pi\u00e8ces ou \nconventions pour proc\u00e9der \u00e0 l'ordonnancement secondaire des d\u00e9penses et des recettes de l'\u00c9tat dans \nle cadre des programmes indiqu\u00e9s \u00e0 l'article 15.  \n \nARTICLE 32 : En cas d'absence ou d'emp\u00eachement des personnes mentionn\u00e9es aux articles 3 0 et 31 \nsubd\u00e9l\u00e9gation est donn\u00e9e \u00e0 :  \n \n\u27a2 Sayaf EL MABROUK, chef du service int\u00e9gration, adjoint du responsable du d\u00e9partement \nprotection et insertion des jeunes \n\u27a2 M\u00e9lissa CHOLLET \u2013 MAKOUCHE, cheffe du service d\u00e9veloppement de l'emploi et des \ncomp\u00e9tences, adjointe au responsable du d\u00e9partement accompagnement des entreprises,  \n\u00e0 l'effet de signer, dans la limite de leurs attributions, tous actes, arr\u00eat\u00e9s, d\u00e9cisions, pi\u00e8ces ou \nconventions pour proc\u00e9der \u00e0 l'ordonnancement secondaire des d\u00e9penses et des recettes de l'\u00c9tat dans \nle cadre des programmes indiqu\u00e9s \u00e0 l'article 15.  \n \nP\u00d4LE TRAVAIL \n \nARTICLE 3 3 : En cas d'absence ou d'emp\u00eachement de David SOUBRI\u00c9 et de Laurence DEGENNE -\nSHORTEN, subd\u00e9l\u00e9gation est donn\u00e9e \u00e0 :  \n \n\u27a2 Alexandre AZARI, responsable du p\u00f4le des politiques du travail ; \n\u27a2 Pierre-Yves HANNUS, responsable adjoint du p\u00f4le politique du travail, chef du service d'appui \ndu syst\u00e8me d'inspection du travail \n\u00e0 l'effet de signer, dans la limite de leurs attributions tous actes, arr\u00eat\u00e9s, d\u00e9cisions, pi\u00e8ces ou conventions \npour proc\u00e9der \u00e0 l'ordonnancement secondaire des d\u00e9penses et des recettes de l'\u00c9tat dans le cadre des \nprogrammes indiqu\u00e9s \u00e0 l'article 15.  \n \n \nDirection r\u00e9gionale et interd\u00e9partementale de l'\u00e9conomie, de l'emploi, du travail et des solidarit\u00e9s d'\u00cele-de-France -\nIDF-2025-04-09-00006 - Arr\u00eat\u00e9 n\u00b0 2025-061 du 9 avril 2025 portant subd\u00e9l\u00e9gation de signature en mati\u00e8re d'ordonnancement\nsecondaire des recettes et des d\u00e9penses de l'\u00c9tat aux agents de la DRIEETS d'\u00cele-de-France\n15\n \n12 / 15 \nARTICLE 3 4 : En cas d'absence ou d'emp\u00eachement des personnes mentionn\u00e9es \u00e0 l'article 3 3 \nsubd\u00e9l\u00e9gation est donn\u00e9e \u00e0 :  \n \n\u27a2 Kaevin TALON, chef de la section centrale du travail \n\u00e0 l'effet de signer, dans la limite de leurs attributions, tous actes, arr\u00eat\u00e9s, d\u00e9cisions, pi\u00e8ces ou \nconventions pour proc\u00e9der \u00e0 l'ordonnancement secondaire des d\u00e9penses et des recettes de l'\u00c9tat dans \nle cadre des programmes indiqu\u00e9s \u00e0 l'article 15.  \n \n \nUNIT\u00c9 D\u00c9PARTEMENTALE DU VAL-DE-MARNE \n \n \nARTICLE 35 : Subd\u00e9l\u00e9gation de signature est donn\u00e9e sous la forme d'une habilitation \u00e0 valider dans \nl'application financi\u00e8re chorus, les op\u00e9rations d'ordonnancement secondaire et les actes de gestion en \nqualit\u00e9 de service prescripteur pour les recettes et les d\u00e9penses de l'\u00c9tat, \u00e0 : \n \n\u27a2 C\u00e9lia CLEMENT -DEMANGE, adjointe de la cheffe du d\u00e9partement protection et insertion des \njeunes, int\u00e9gration ; \n\u27a2 Audrey VENTADOUR, cheffe du d\u00e9partement protection et insertion des adultes. \n \nARTICLE 36 : En cas d'absence ou d'emp\u00eachement de Didier TILLET, subd\u00e9l\u00e9gation est donn\u00e9e \u00e0 :  \n \n\u27a2 Fr\u00e9d\u00e9rique CHADEL, directrice adjointe de l'unit\u00e9 d\u00e9partementale \n\u00e0 l'effet de signer, dans la limite des attributions de l'unit\u00e9 d\u00e9partementale du Val-de-Marne, tous actes, \narr\u00eat\u00e9s, d\u00e9cisions, pi\u00e8ces ou convention, y compris ceux relatifs \u00e0 la prescription quadriennale pour \nproc\u00e9der \u00e0 l'ordonnancement secondaire des d\u00e9pe nses et des recettes dans le cadre des programmes \nindiqu\u00e9es \u00e0 l'article 15. \n \nP\u00d4LE ENTREPRISES, EMPLOI SOLIDARIT\u00c9S \n \nARTICLE 3 7 : En cas d'absence ou d'emp\u00eachement de Didier TILLET et de Fr\u00e9d\u00e9rique CHADEL , \nsubd\u00e9l\u00e9gation est donn\u00e9e \u00e0 :  \n \n\u27a2 Virginie RUE, responsable du p\u00f4le entreprises, emploi et solidarit\u00e9s \n\u00e0 l'effet de signer, dans la limite de leurs attributions, tous actes, arr\u00eat\u00e9s, d\u00e9cisions, pi\u00e8ces ou \nconventions pour proc\u00e9der \u00e0 l'ordonnancement secondaire des d\u00e9penses et des recettes de l'\u00c9tat dans \nle cadre des programmes indiqu\u00e9s \u00e0 l'article 15.  \n \nARTICLE 38 : En cas d'absence ou d'emp\u00eachement des personnes mentionn\u00e9es \u00e0 l'article 3 7, \nsubd\u00e9l\u00e9gation est donn\u00e9e \u00e0 :  \n \n\u27a2 Karima HALLAL, cheffe du d\u00e9partement protection et insertion des jeunes, int\u00e9gration  ; \n\u27a2 Peggy TRONY, cheffe du d\u00e9partement accompagnement des entreprises ; \n\u27a2 Audrey VENTADOUR, cheffe du d\u00e9partement protection et insertion des adultes \n\u00e0 l'effet de signer, dans la limite de leurs attributions, tous actes, arr\u00eat\u00e9s, d\u00e9cisions, pi\u00e8ces ou \nconventions pour proc\u00e9der \u00e0 l'ordonnancement secondaire des d\u00e9penses et des recettes de l'\u00c9tat dans \nle cadre des programmes indiqu\u00e9s \u00e0 l'article 15. \n \nArticle 39 : En cas d'absence ou d'emp\u00eachement des personnes mentionn\u00e9es aux articles 3 7 et 3 8 \nsubd\u00e9l\u00e9gation est donn\u00e9e \u00e0 :  \n \n\u27a2 C\u00e9lia CLEMENT -DEMANGE, adjointe de  la cheffe du d\u00e9partement protection et insertion des \njeunes, int\u00e9gration ; \nDirection r\u00e9gionale et interd\u00e9partementale de l'\u00e9conomie, de l'emploi, du travail et des solidarit\u00e9s d'\u00cele-de-France -\nIDF-2025-04-09-00006 - Arr\u00eat\u00e9 n\u00b0 2025-061 du 9 avril 2025 portant subd\u00e9l\u00e9gation de signature en mati\u00e8re d'ordonnancement\nsecondaire des recettes et des d\u00e9penses de l'\u00c9tat aux agents de la DRIEETS d'\u00cele-de-France\n16\n \n13 / 15 \n\u27a2 Sandrine DUCEPT, adjointe de la cheffe du d\u00e9partement accompagnement des entreprises ; \n\u27a2 Clara SCHMID  et Marie K ARSELADZE, adjointe s de la cheffe du d\u00e9partement protection et \ninsertion des adultes \n\u00e0 l'effet de signer, dans la limite de leurs attributions, tous actes, arr\u00eat\u00e9s, d\u00e9cisions, pi\u00e8ces ou \nconventions pour proc\u00e9der \u00e0 l'ordonnancement secondaire des d\u00e9penses et des recettes de l'\u00c9tat dans \nle cadre des programmes indiqu\u00e9s \u00e0 l'article 15. \n \nP\u00d4LE TRAVAIL \n \nARTICLE 40 : En cas d'absence ou d'emp\u00eachement de Didier TILLET et de Fr\u00e9d\u00e9rique CHADEL , \nsubd\u00e9l\u00e9gation est donn\u00e9e \u00e0 :  \n \n\u27a2 Joseph-Marie NDZANAH, responsable du p\u00f4le politique du travail \n\u27a2 Jean-No\u00ebl PONZEVERA, adjoint du responsable du p\u00f4le politique du travail \n\u00e0 l'effet de signer, dans la limite de leurs attributions, tous actes, arr\u00eat\u00e9s, d\u00e9cisions, pi\u00e8ces ou \nconventions pour proc\u00e9der \u00e0 l'ordonnancement secondaire des d\u00e9penses et des recettes de l'\u00c9tat dans \nle cadre des programmes indiqu\u00e9s \u00e0 l'article 15.  \n \nARTICLE 4 1 : En cas d'absence ou d'emp\u00eachement des personnes mentionn\u00e9es \u00e0 l'article 40, \nsubd\u00e9l\u00e9gation est donn\u00e9e \u00e0 :  \n \n\u27a2 S\u00e9lina PERTAYS, cheffe de la Section Centrale Travail \n\u00e0 l'effet de signer, dans la limite de leurs attributions, tous actes, arr\u00eat\u00e9s, d\u00e9cisions, pi\u00e8ces ou \nconventions pour proc\u00e9der \u00e0 l'ordonnancement secondaire des d\u00e9penses et des recettes de l'\u00c9tat dans \nle cadre des programmes indiqu\u00e9s \u00e0 l'article 15. \n \n \nSECTION 3 \u2013 SUBD\u00c9L\u00c9GATION DE SIGNATURE POUR LE REMBOURSEMENT DES FRAIS DE \nD\u00c9PLACEMENT  \n \nARTICLE 42 : Subd\u00e9l\u00e9gation de signature est donn\u00e9e \u00e0 l'effet de valider tout ordre de mission et \u00e9tat de \nfrais dans l'application CHORUS DT \u00e0 :  \n \nPOUR L'UNIT\u00c9 R\u00c9GIONALE \n \n\u27a2 Nathalie CAUVIN, cheffe du service m\u00e9trologie l\u00e9gale \u2013 P\u00f4le C ; \n\u27a2 Aur\u00e9lie LEHOUCK, cheffe du service pilotage g\u00e9n\u00e9ral \u2013 P\u00f4le C ; \n\u27a2 Marion VIRUEGA, adjointe \u00e0 la cheffe du service pratiques commerciales restrictives \u2013 P\u00f4le C ; \n\u27a2 Philippe RICHARD, chef du service accueil des publics \u2013 P\u00f4le C ; \n\u27a2 Fran\u00e7oise CHADUC, charg\u00e9e de formation \u2013 P\u00f4le C ; \n\u27a2 Guy LEBON, chef du service relations du travail \u2013 P\u00f4le T ; \n\u27a2 Thierry DAB\u00c9E, chef de l'unit\u00e9 de lutte contre le travail ill\u00e9gal \u2013 P\u00f4le T ; \n\u27a2 Val\u00e9rie VICENS, cheffe de l'unit\u00e9 contr\u00f4le grands chantiers \u2013 P\u00f4le T ; \n\u27a2 Marion QUENEDEY, adjointe au chef de l'unit\u00e9 de lutte contre le travail ill\u00e9gal \u2013 P\u00f4le T ; \n\u27a2 Th\u00e9r\u00e8se ROSSI, cheffe du d\u00e9partement du contr\u00f4le de la formation professionnelle \u2013 P\u00f4le EES ; \n\u27a2 Isabelle ANTOINE, cheffe du d\u00e9partement certifications, \u00e0 compter du 1er mars, P\u00f4le EES ; \n\u27a2 B\u00e9atrice JEAN-MARIE, adjointe au chef du service pr\u00e9vention et qualit\u00e9 de vie au travail  - PAM. \n \nPOUR L'UNIT\u00c9 D\u00c9PARTEMENTALE DE PARIS \n \n\u27a2 Martine BAUDOIN, directrice par int\u00e9rim de l'unit\u00e9 d\u00e9partementale de Paris ; \n\u27a2 Herv\u00e9 LEGRAND, chef du p\u00f4le T de l'unit\u00e9 d\u00e9partementale de Paris ; \nDirection r\u00e9gionale et interd\u00e9partementale de l'\u00e9conomie, de l'emploi, du travail et des solidarit\u00e9s d'\u00cele-de-France -\nIDF-2025-04-09-00006 - Arr\u00eat\u00e9 n\u00b0 2025-061 du 9 avril 2025 portant subd\u00e9l\u00e9gation de signature en mati\u00e8re d'ordonnancement\nsecondaire des recettes et des d\u00e9penses de l'\u00c9tat aux agents de la DRIEETS d'\u00cele-de-France\n17\n \n14 / 15 \n\u27a2 Marie MARCENA, cheffe du P\u00f4le EES de l'unit\u00e9 d\u00e9partementale de Paris  ; \n\u27a2 V\u00e9ronique DELARUE, adjointe \u00e0 la responsable du P\u00f4le EES de l'unit\u00e9 d\u00e9partementale de Paris,  \n\u27a2 Niklas VASSEUX, adjoint au responsable du p\u00f4le travail ; \n\u27a2 Catherine BARRAS, directrice de secteur nord des services de l'inspection du travail  ; \n\u27a2 M\u00e9linda MARONE, directrice de secteur sud des services de l'inspection du travail.  \n \nPOUR L'UNIT\u00c9 D\u00c9PARTEMENTALE DES HAUTS-DE-SEINE  \n \n\u27a2 Azadeh AKRAMI-CASTANON, directrice de l'unit\u00e9 d\u00e9partementale des Hauts-de-Seine ; \n\u27a2 Gwena\u00eblle BOISARD, directrice adjointe de l'unit\u00e9 d\u00e9partementale des Hauts -de-Seine ; \n\u27a2 Val\u00e9rie GUERN, responsable du p\u00f4le \u00c9conomie, Emploi, Solidarit\u00e9s ; \n\u27a2 J\u00e9r\u00f4me SAJOT, responsable du p\u00f4le travail ; \n\u27a2 Lolita REINA-RICO, adjointe du responsable du p\u00f4le travail. \n \nPOUR L'UNIT\u00c9 D\u00c9PARTEMENTALE DE LA SEINE-SAINT-DENIS  \n \n\u27a2 David SOUBRI\u00c9, directeur de l'unit\u00e9 d\u00e9partementale de la Seine-Saint-Denis ; \n\u27a2 Laurence DEGENNE-SHORTEN, directrice adjointe de l'unit\u00e9 d\u00e9partementale ; \n\u27a2 Yves DOUBLIER, responsable du d\u00e9partement accompagnement des entreprises  ; \n\u27a2 Matthieu CHAPELON, responsable du p\u00f4le entreprises, emploi et solidarit\u00e9s  ; \n\u27a2 Alexandre AZARI, responsable du p\u00f4le politiques du travail ; \n\u27a2 Pierre-Yves HANNUS, adjoint au responsable du p\u00f4le politiques du travail  ; \n\u27a2 Th\u00e9o COPPEL, responsable du d\u00e9partement protection et insertion des jeunes  ; \n\u27a2 Ang\u00e9lica TRINDADE-CHADEAU, cheffe du d\u00e9partement animation territoriale ; \n\u27a2 Linda ABERKAN, responsable de l'unit\u00e9 de contr\u00f4le de l'inspection du travail 1  ; \n\u27a2 Elodie GIRON, responsable de l'unit\u00e9 de contr\u00f4le de l'inspection du travail 2  ; \n\u27a2 Lynda KEHILA, responsable de l'unit\u00e9 de contr\u00f4le de l'inspection du travail 3  ; \n\u27a2 St\u00e9phanie CARRASSET, responsable de l'unit\u00e9 de contr\u00f4le de l'inspection du travail 4 ; \n\u27a2 Ingrid BURGUNDER, responsable de l'unit\u00e9 de contr\u00f4le de l'inspection du travail 5.  \n \nPOUR L'UNIT\u00c9 D\u00c9PARTEMENTALE DU VAL-DE-MARNE  \n \n\u27a2 Didier TILLET, directeur de l'unit\u00e9 d\u00e9partementale du Val-de-Marne ; \n\u27a2 Fr\u00e9d\u00e9rique CHADEL, directrice adjointe de l'unit\u00e9 d\u00e9partementale ; \n\u27a2 Virginie RUE, responsable du p\u00f4le entreprises, emploi et solidarit\u00e9s ; \n\u27a2 Joseph-Marie NDZANAH, responsable du p\u00f4le politique du travail \n\u27a2 Jean-No\u00ebl PONZEVERA, adjoint du responsable du p\u00f4le politique du travail. \n \nARTICLE 43 : Demeurent r\u00e9serv\u00e9s \u00e0 la signature du pr\u00e9fet de la r\u00e9gion d'\u00cele -de-France :  \n- Les ordres de r\u00e9quisition du comptable public,  \n- Les d\u00e9cisions de passer outre \u00e0 l'avis d\u00e9favorable du contr\u00f4leur budg\u00e9taire r\u00e9gional,  \n- Les conventions avec les collectivit\u00e9s territoriales et leurs \u00e9tablissements publics,  \n- Les contrats de bail.  \n \nARTICLE 44 : Un exemplaire du pr\u00e9sent arr\u00eat\u00e9 et les sp\u00e9cimens de signature des subd\u00e9l\u00e9gataires sont \nadress\u00e9s au comptable assignataire de la r\u00e9gion d'\u00cele-de-France. \n \nARTICLE 45 : L'arr\u00eat\u00e9 n\u00b0 2025-025 du 3 mars 2025 portant subd\u00e9l\u00e9gation de signature en mati\u00e8re \nd'ordonnancement secondaire des recettes et d\u00e9penses de l'\u00c9tat aux agents de la DRIEETS \u00cele-de-\nFrance est abrog\u00e9.  \n \nDirection r\u00e9gionale et interd\u00e9partementale de l'\u00e9conomie, de l'emploi, du travail et des solidarit\u00e9s d'\u00cele-de-France -\nIDF-2025-04-09-00006 - Arr\u00eat\u00e9 n\u00b0 2025-061 du 9 avril 2025 portant subd\u00e9l\u00e9gation de signature en mati\u00e8re d'ordonnancement\nsecondaire des recettes et des d\u00e9penses de l'\u00c9tat aux agents de la DRIEETS d'\u00cele-de-France\n18\n \n15 / 15 \nARTICLE 46 : Le Directeur r\u00e9gional et interd\u00e9partemental de l'\u00e9conomie, de l'emploi, du travail et des \nsolidarit\u00e9s d'\u00cele-de-France, et les subd\u00e9l\u00e9gataires d\u00e9sign\u00e9s, chacun en ce qui le concerne, sont charg\u00e9s \nde l'ex\u00e9cution du pr\u00e9sent arr\u00eat\u00e9 qui sera publi\u00e9 aux recueils des actes administratifs de la pr\u00e9fecture de \nla r\u00e9gion d'\u00cele-de-France, pr\u00e9fecture de Paris.  \n \n \nFait \u00e0 Aubervilliers le 9 avril 2025 \n \nLe Directeur r\u00e9gional et interd\u00e9partemental de \nl'\u00e9conomie, de l'emploi, du travail et des \nsolidarit\u00e9s par int\u00e9rim, \n \n \n           SIGN\u00c9 \n \n \nMarc ROHFRITSCH \n \n \nDirection r\u00e9gionale et interd\u00e9partementale de l'\u00e9conomie, de l'emploi, du travail et des solidarit\u00e9s d'\u00cele-de-France -\nIDF-2025-04-09-00006 - Arr\u00eat\u00e9 n\u00b0 2025-061 du 9 avril 2025 portant subd\u00e9l\u00e9gation de signature en mati\u00e8re d'ordonnancement\nsecondaire des recettes et des d\u00e9penses de l'\u00c9tat aux agents de la DRIEETS d'\u00cele-de-France\n19\nDirection r\u00e9gionale et interd\u00e9partementale de\nl'\u00e9conomie, de l'emploi, du travail et des\nsolidarit\u00e9s d'\u00cele-de-France\nIDF-2025-04-09-00010\nD\u00e9cision  n\u00b0 2025-061 du 9 avril 2025 \nPortant subd\u00e9l\u00e9gation de signature de Monsieur\nMarc Rohfritsch, Directeur r\u00e9gional et\ninterd\u00e9partemental de l'\u00c9conomie, de l'Emploi,\ndu Travail et des Solidarit\u00e9s d'\u00cele-de-France\npar int\u00e9rim, aux agents de l'unit\u00e9\nd\u00e9partementale de Paris\nDirection r\u00e9gionale et interd\u00e9partementale de l'\u00e9conomie, de l'emploi, du travail et des solidarit\u00e9s d'\u00cele-de-France -\nIDF-2025-04-09-00010 - D\u00e9cision  n\u00b0 2025-061 du 9 avril 2025 \nPortant subd\u00e9l\u00e9gation de signature de Monsieur Marc Rohfritsch, Directeur r\u00e9gional et interd\u00e9partemental de l'\u00c9conomie, de l'Emploi,\ndu Travail et des Solidarit\u00e9s d'\u00cele-de-France\npar int\u00e9rim, aux agents de l'unit\u00e9 d\u00e9partementale de Paris\n20\nPREFETDE PARISLibert\u00e9Egalit\u00e9Fraternit\u00e9\n \n Direction r\u00e9gionale et interd\u00e9partementale \nde l'\u00e9conomie, de l'emploi, \ndu travail et des solidarit\u00e9s \n   \n   \n \n \nDRIEETS \u00cele-de-France \n21 rue Madeleine Vionnet \u2013 93300 Aubervilliers \nhttps://idf.drieets.gouv.fr  \n \nD\u00c9CISION n\u00b0 2025-061 du 9 avril 2025 \n \nPortant subd\u00e9l\u00e9gation de signature de Monsieur Marc Rohfritsch, Directeur r\u00e9gional et \ninterd\u00e9partemental de l'\u00c9conomie, de l'Emploi, du Travail et des Solidarit\u00e9s d'\u00cele -de-France \npar int\u00e9rim, aux agents de l'unit\u00e9 d\u00e9partementale de Paris \n \n \nLe Directeur r\u00e9gional et interd\u00e9partemental de l'\u00e9conomie, de l'emploi, du travail et des \nsolidarit\u00e9s d'\u00cele-de-France, \n \nVu le code du commerce ; \n \nVu le code du tourisme ; \n \nVu le code du travail ; \n \nVu la loi n\u00b0 47-1775 du 10 septembre 1947 modifi\u00e9 portant statut de la coop\u00e9ration ;  \n \nVu la loi n\u00b0 73-548 du 27 juin 1973 relative \u00e0 l'h\u00e9bergement collectif ; \n \nVu la loi n\u00b0 78 -763 du 19 juillet 1978 modifi\u00e9e portant statut des soci\u00e9t\u00e9s coop\u00e9ratives \nouvri\u00e8res de production ; \n \nVu la loi n\u00b0 82 -213 du 2 mars 1982 relative aux droits et libert\u00e9s des communes, des \nd\u00e9partements et des r\u00e9gions, modifi\u00e9e ; \n \nVu la loi d'orientation n\u00b0 92 -125 du 6 f\u00e9vrier 1992 modifi\u00e9e relative \u00e0 l'administration \nterritoriale de la R\u00e9publique, notamment ses articles 4 et 6 ; \n \nVu la loi n\u00b0 2002-73 du 17 janvier 2002 de modernisation sociale ; \n \nVu la loi n\u00b0 2014-856 du 31 juillet 2014 modifi\u00e9e relative \u00e0 l'\u00e9conomie sociale et solidaire ;  \n \nVu le d\u00e9cret n\u00b079-376 du 10 mai 1979 modifi\u00e9 fixant les conditions d'\u00e9tablissement de la liste \ndes soci\u00e9t\u00e9s coop\u00e9ratives ouvri\u00e8res de production ; \n \nVu le d\u00e9cret n\u00b071 -797 du 20 septembre 1971 portant publication de l'accord europ\u00e9en sur \nle placement au pair ; \n \nVu le d\u00e9cret n\u00b02001-387 du 3 mai 2001 relatif au contr\u00f4le des instruments de mesure ;  \n \nVu le d\u00e9cret n\u00b0 2002 -615 du 26 avril 2002 pris pour l'application de l'article 900 -1 du code \ndu travail et des articles L. 335-5 et L. 335-6 du code de l'\u00e9ducation relatif \u00e0 la validation des \nacquis de l'exp\u00e9rience pour la d\u00e9livrance d'une certification professionnelle ; \n \nVu le d\u00e9cret n\u00b0 2004 -374 du 29 avril 2004 modifi\u00e9 relatif aux pouvoirs des pr\u00e9fets, \u00e0 \nl'organisation et \u00e0 l'action des services de l'Etat dans les r\u00e9gions et d\u00e9partements ;  \n \nVu le d\u00e9cret n\u00b0 2010-687 du 24 juin 2010 relatif \u00e0 l'organisation et \u00e0 l'action des services de \nl'\u00c9tat dans la r\u00e9gion et les d\u00e9partements d'Ile de France ; \nVu le d\u00e9cret n\u00b0 2015 -1103 du 1er septembre 2015 relatif au dispositif local \nd'accompagnement ; \nDirection r\u00e9gionale et interd\u00e9partementale de l'\u00e9conomie, de l'emploi, du travail et des solidarit\u00e9s d'\u00cele-de-France -\nIDF-2025-04-09-00010 - D\u00e9cision  n\u00b0 2025-061 du 9 avril 2025 \nPortant subd\u00e9l\u00e9gation de signature de Monsieur Marc Rohfritsch, Directeur r\u00e9gional et interd\u00e9partemental de l'\u00c9conomie, de l'Emploi,\ndu Travail et des Solidarit\u00e9s d'\u00cele-de-France\npar int\u00e9rim, aux agents de l'unit\u00e9 d\u00e9partementale de Paris\n21\n2 / 10 \nVu le d\u00e9cret n\u00b0 2019-1594 du 31 d\u00e9cembre 2019 modifi\u00e9 relatif aux emplois de direction de \nl'\u00c9tat ; \n \nVu le d\u00e9cret n\u00b0 2020 -67 du 30 janvier 2020 relatif \u00e0 la d\u00e9concentration des d\u00e9cisions \nadministratives individuelles dans les domaines de l'\u00e9conomie et des finances ;  \n \nVu le d\u00e9cret n\u00b0 2020-1545 du 9 d\u00e9cembre 2020 relatif \u00e0 l'organisation et aux missions des \ndirections r\u00e9gionales de l'\u00e9conomie, de l'emploi, du travail et des solidarit\u00e9s, des directions \nd\u00e9partementales de l'emploi, du travail et des solidarit\u00e9s et des directions d\u00e9partementales \nde l'emploi, du travail, des solidarit\u00e9s et de la protection des populations ;  \n \nVu le d\u00e9cret du 22 juillet 2020 portant nomination de Monsieur Marc GUILLAUME en qualit\u00e9 \nde pr\u00e9fet de la r\u00e9gion d'Ile-de-France, pr\u00e9fet de Paris ; \n \nVu l'arr\u00eat\u00e9 du 26 ao\u00fbt 2020 relatif aux instruments de mesure ; \n \nVu l'arr\u00eat\u00e9 pr\u00e9fectoral du 30 mars 2021 portant organisation de la direction r\u00e9gionale et \ninterd\u00e9partementale de l'\u00e9conomie, de l'emploi, du travail et des solidarit\u00e9s d'\u00cele-de-France ; \n \nVu l'arr\u00eat\u00e9 interminist\u00e9riel du 23 d\u00e9cembre 2022 nommant Madame Martine BAUDOIN \ndirectrice adjointe de l'unit\u00e9 d\u00e9partementale de Paris ; \nVu l'arr\u00eat\u00e9 interminist\u00e9riel du 20 mars 2025 nommant Marc ROHFRITSCH directeur r\u00e9gional \net interd\u00e9partemental de l'\u00e9conomie, de l'emploi, du travail et des solidarit\u00e9s d'\u00cele -de-\nFrance par int\u00e9rim \u00e0 compter du 1er avril 2025 ; \n \nVu l'arr\u00eat\u00e9 pr\u00e9fectoral n\u00b0  75-2025-04-04-00005du 4 avril 2025 par lequel le  Pr\u00e9fet de Paris \nd\u00e9l\u00e8gue sa signature \u00e0 Monsieur Marc ROHFRITSCH , directeur r\u00e9gional et \ninterd\u00e9partemental de l'\u00e9conomie, de l'emploi, du travail et des solidarit\u00e9s d'\u00cele -de-France \npar int\u00e9rim ; \n \nD\u00c9CIDE \n \nArticle 1er \n \nSubd\u00e9l\u00e9gation de signature est donn\u00e9e \u00e0  Martine BAUDOIN, directrice adjointe de l'unit\u00e9 \nd\u00e9partementale de Paris, directrice de l'unit\u00e9 d\u00e9partementale de Paris par int\u00e9rim, \u00e0 l'effet \nde signer, au nom du pr\u00e9fet de Paris, pour le d\u00e9partement de Paris, dans le cadre de ses \nattributions et comp\u00e9tences, toutes d\u00e9cisions figurant ci -dessous ainsi celles relevant des \nmissions de coh\u00e9sion sociale dans le d\u00e9partement de Paris de la d irection r\u00e9gionale et \ninterd\u00e9partementale, \u00e0 l'exception des arr\u00eat\u00e9s r\u00e9glementaires g\u00e9n\u00e9raux et des d\u00e9cisions \nmentionn\u00e9es \u00e0 l'article 3 : \n \n \n1\u00b0 Nature de la mati\u00e8re \u2013 Salaires et conseillers des salari\u00e9s \n \nEtablissement du tableau des temps n\u00e9cessaires \u00e0 l'ex\u00e9cution des travaux des travailleurs \u00e0 \ndomicile \u2013 article L.7422-2 du code du travail \n \nFixation du salaire horaire minimum et des frais d'atelier ou accessoires des travailleurs \u00e0 \ndomicile \u2013 articles L.7422-6 \u00e0 7422-7 et L.7422-11 du code du travail \n \nFixation de la valeur des avantages et prestations en nature entrant dans le calcul de \nl'indemnit\u00e9 de cong\u00e9s pay\u00e9s - article L.3141-23 code du travail \n \nDirection r\u00e9gionale et interd\u00e9partementale de l'\u00e9conomie, de l'emploi, du travail et des solidarit\u00e9s d'\u00cele-de-France -\nIDF-2025-04-09-00010 - D\u00e9cision  n\u00b0 2025-061 du 9 avril 2025 \nPortant subd\u00e9l\u00e9gation de signature de Monsieur Marc Rohfritsch, Directeur r\u00e9gional et interd\u00e9partemental de l'\u00c9conomie, de l'Emploi,\ndu Travail et des Solidarit\u00e9s d'\u00cele-de-France\npar int\u00e9rim, aux agents de l'unit\u00e9 d\u00e9partementale de Paris\n22\n3 / 10 \nD\u00e9cisions relatives au remboursement \u00e0 l'employeur de l'allocation compl\u00e9mentaire servie \naux salari\u00e9s b\u00e9n\u00e9ficiant de la r\u00e9mun\u00e9ration mensuelle minimale - Articles L.3232 -7 et -8 \nR.3232-3 et 4 du code du travail \n \nD\u00e9cisions relatives au paiement direct aux salari\u00e9s de l'allocation compl\u00e9mentaire servie aux \nsalari\u00e9s b\u00e9n\u00e9ficiant de la r\u00e9mun\u00e9ration mensuelle minimale - articles L.3232-7 et -8, R.3232-\n6 du code du travail \n \nD\u00e9cisions en mati\u00e8re de remboursement des frais de d\u00e9placement (r\u00e9els ou forfaitaires) \nexpos\u00e9s par les conseillers du salari\u00e9 - articles D.1232-7 et 8 du code du travail \n \nD\u00e9cisions en mati\u00e8re de remboursement aux employeurs des salaires maintenus aux \nconseillers du salari\u00e9 pour l'exercice de leur mission - article L.1232-11 du code du travail \n \nAgr\u00e9ment des contr\u00f4leurs des caisses de cong\u00e9s pay\u00e9s - article D.3141-11 du code du travail \n \nExtension des avenants de salaires en agriculture au niveau d\u00e9partemental - article D.2261-\n6 du code du travail \n \n2\u00b0 Nature de la mati\u00e8re \u2013 Jeunes de moins de 18 ans \n \nD\u00e9livrance, renouvellement, suspension, retrait de l'agr\u00e9ment des caf\u00e9s et brasseries pour \nemployer ou recevoir en stage des jeunes de 16 \u00e0 18 ans suivant une formation en alternance \n- articles L.4153-6, R.4153-8 et R.4153 -12 du code du travail, article L. 2336-4 du code de la \nsant\u00e9 publique ; \n \nD\u00e9livrance, retrait des autorisations individuelles d'emploi des enfants dans les spectacles, \nles professions ambulantes et comme mannequins dans la publicit\u00e9 et la mode - article \nL.7124-1 du code du travail ; \n \nD\u00e9livrance, renouvellement, retrait, suspension de l'agr\u00e9ment de l'agence de mannequins \nlui permettant d'engager des enfants - articles L.7124-5 et R.7124-1 du code du travail ; \n \nFixation de la r\u00e9partition de la r\u00e9mun\u00e9ration per\u00e7ue par l'enfant, employ\u00e9 dans les \nspectacles, les professions ambulantes ou comme mannequin dans la publicit\u00e9 et la mode, \nentre ses repr\u00e9sentants l\u00e9gaux et le p\u00e9cule ; autorisation de pr\u00e9l\u00e8vement - article L.7124-9 \ndu code du travail ; \n \n3\u00b0 Nature de la mati\u00e8re \u2013 Agences de mannequins \n \nAttribution, renouvellement, suspension, retrait de la licence d'agence de man nequins - \narticles L.7123-14 et R.7123-8 \u00e0 -17 du code du travail ; \n \n4\u00b0 Nature de la mati\u00e8re \u2013 H\u00e9bergement collectif \n \nAccus\u00e9 de r\u00e9ception de la d\u00e9claration par un employeur de l'affectation d'un local \u00e0 \nl'h\u00e9bergement, mises en demeures et d\u00e9cision de fermeture concernant ce local - articles 1, \n5, 6 et 7 de la loi n\u00b0 73-548 du 27/06/1973 susvis\u00e9e ; \n \n5\u00b0 Nature de la mati\u00e8re \u2013 Conciliation \n \nProc\u00e9dure de conciliation - articles L.2522-4 et R.2522-1 \u00e0 R.2522-21 du code du travail ; \n \nDirection r\u00e9gionale et interd\u00e9partementale de l'\u00e9conomie, de l'emploi, du travail et des solidarit\u00e9s d'\u00cele-de-France -\nIDF-2025-04-09-00010 - D\u00e9cision  n\u00b0 2025-061 du 9 avril 2025 \nPortant subd\u00e9l\u00e9gation de signature de Monsieur Marc Rohfritsch, Directeur r\u00e9gional et interd\u00e9partemental de l'\u00c9conomie, de l'Emploi,\ndu Travail et des Solidarit\u00e9s d'\u00cele-de-France\npar int\u00e9rim, aux agents de l'unit\u00e9 d\u00e9partementale de Paris\n23\n4 / 10 \n6\u00b0 Nature de la mati\u00e8re - Coll\u00e8ge Interentreprises de S\u00e9curit\u00e9, de Sant\u00e9 et des Conditions \nde Travail (CISSCT) \n \nMise en place d'un CISSCT dans le p\u00e9rim\u00e8tre d'un plan de pr\u00e9vention des risq ues \ntechnologiques (d\u00e9cision de mise en place, invitation des membres) - articles L.4524 -1 et \nR.4524-1 \u00e0 -9 du code du travail ; \n \n7\u00b0 Nature de la mati\u00e8re \u2013 Apprentissage et Alternance \nD\u00e9cision d'opposition \u00e0 l'engagement d'apprentis et \u00e0 la poursuite des contrats en cours - \narticles L.6223-1 et L.6225-1 \u00e0 L.6225-3, R.6223-16 et R.6225-4 \u00e0 R.6225-8 du code du travail \n; \n \n8\u00b0 Nature de la mati\u00e8re \u2013 Placement au pair \n \nAutorisation de placement au pair de stagiaires \"aides familiales\" \u2013 d\u00e9cret n\u00b071-797 du \n20/09/1971 susvis\u00e9, circulaire n\u00b090-20 du 03/01/1999, accord europ\u00e9en du 21/11/1999 ; \n \n9\u00b0 Nature de la mati\u00e8re \u2013 Aide aux salari\u00e9s plac\u00e9s en activit\u00e9 partielle \n \nAttribution de l'allocation d'activit\u00e9 partielle- articles L.5122-1, R.5122-1 \u00e0 R.5122-19 du code \ndu travail ; \n \nAccord pr\u00e9alable d'autorisation d'activit\u00e9 partielle \u2013 articles L.5122-1, R.5122-2 \u00e0 R.5122-4 du \ncode du travail ; \n \n10\u00b0 Nature de la mati\u00e8re \u2013 Mise en place de l'activit\u00e9 partielle de longue dur\u00e9e \n \nD\u00e9cision de validation ou de refus de validation des accords collectifs d'activit\u00e9 partielle de \nlongue dur\u00e9e - Loi n\u00b02020-734 du 17/06/2020 relative \u00e0 diverses dispositions li\u00e9es \u00e0 la crise \nsanitaire, \u00e0 d'autres mesures urgentes  ainsi qu'au retrait du Royaume -Uni de l'Union \neurop\u00e9enne, notamment son article 53 ; article 5 du d\u00e9cret n\u00b02020-926 du 28/07/2020 relatif \nau dispositif sp\u00e9cifique d'activit\u00e9 partielle en cas de r\u00e9duction d'activit\u00e9  durable ; article R. \n5122-4 du code du travail ; \n \nD\u00e9cision d'homologation ou de refus d'homologation des documents unilat\u00e9raux d'activit\u00e9 \npartielle de longue dur\u00e9e - Loi n\u00b0 2020 -734 du 17/06/2020 relative \u00e0 diverses dispositions \nli\u00e9es \u00e0 la crise sanitaire, \u00e0 d'autres  mesures urgentes ainsi qu'au retrait du Royaume -Uni de \nl'Union europ\u00e9enne, notamment son article 53 ; article  5 du d\u00e9cret n\u00b02020 -926 du \n28/07/2020 relatif au dispositif sp\u00e9cifique d'activit\u00e9 partielle en cas de r\u00e9duction  d'activit\u00e9 \ndurable ; article R. 5122-4 du code du travail ; \n \nD\u00e9cision de demande de remboursement \u00e0 l'Agence de Services et de Paie ment des \nallocations d'activit\u00e9 partielle de longue dur\u00e9e - Loi n\u00b0 2020 -734 du 17/06/2020 relative \u00e0 \ndiverses dispositions li\u00e9es \u00e0 la crise sanitaire, \u00e0 d'autres mesures urgentes ainsi qu'au retrait \ndu Royaume -Uni de l'Union europ\u00e9enne, notamment  son article 53 ; article 5 du d\u00e9cret \nn\u00b02020-926 du 28/07/2020 relatif au dispositif sp\u00e9cifique d'activit\u00e9 partielle en  cas de \nr\u00e9duction d'activit\u00e9 durable ; \n \nD\u00e9cision d'autorisation de renouvellement ou de refus de renouvellement de la d\u00e9cision de \nvalidation de l'accord ou d'homologation du document d'activit\u00e9 partielle de longue dur\u00e9e \n- Loi n\u00b0 2020 -734 du 17/06/2020 relative \u00e0  diverses dispositions li\u00e9es \u00e0 la crise sanitaire, \u00e0 \nd'autres mesures urgentes ainsi qu'au retrait du Royaume-Uni de l'Union europ\u00e9enne, \nnotamment son article 53 ; article 5 du d\u00e9cret n\u00b02020-926 du 28/07/2020 relatif au dispositif \nDirection r\u00e9gionale et interd\u00e9partementale de l'\u00e9conomie, de l'emploi, du travail et des solidarit\u00e9s d'\u00cele-de-France -\nIDF-2025-04-09-00010 - D\u00e9cision  n\u00b0 2025-061 du 9 avril 2025 \nPortant subd\u00e9l\u00e9gation de signature de Monsieur Marc Rohfritsch, Directeur r\u00e9gional et interd\u00e9partemental de l'\u00c9conomie, de l'Emploi,\ndu Travail et des Solidarit\u00e9s d'\u00cele-de-France\npar int\u00e9rim, aux agents de l'unit\u00e9 d\u00e9partementale de Paris\n24\n5 / 10 \nsp\u00e9cifique d'activit\u00e9 partielle en cas de r\u00e9duction d'activit\u00e9 durable ; article R. 5122 -4 du \ncode du travail ; \n \n11\u00b0 Nature de la mati\u00e8re \u2013 Emploi \n \nConvention conclue avec des entreprises de - de 300 salari\u00e9s pour faire proc\u00e9der  \u00e0 \u00e9tude \nde situation en termes d'\u00e9galit\u00e9 professionnelle \u2013 article R.1143-1 du code du travail, D.1143-\n2 et suivants du code du travail  Conventions FNE, notamment : d'allocation temporaire \nd\u00e9gressive, d'allocation sp\u00e9ciale, de cong\u00e9 de  conversion, de cellule d e reclassement, de \nformation et d'adaptation, cessation d'activit\u00e9 de certains travailleurs  salari\u00e9s - articles \nL.5111-1 \u00e0 3, L.5123-1 \u00e0 41, L.1233-1-3-4, R.5112-11, et L.5124-1, R.5123-3 et R.5111-1 et 2 du code \ndu travail, circulaire DGEFP n\u00b02011/12 du 01/05/2011, instruction DGEFP/MADE/2016/66 du  \n8/03/2016 ; \nD\u00e9cision d'agr\u00e9ment des accords et conventions d'aide \u00e0 l'adaptation des salari\u00e9s aux \n\u00e9volutions de l'emploi - articles L.5121-3 \u00e0 5 et R.5121-14 \u00e0 18 du code du travail ; \n \nConvention d'appui \u00e0 l'\u00e9laboration d'un plan de gestion pr\u00e9visionnelle de l 'emploi et des \ncomp\u00e9tences pour pr\u00e9parer les entreprises \u00e0 la GPEC - articles L.5121-3, R.5121-14 et R.5121-\n15 du code du travail ; \n \nConvention d'engagement de d\u00e9veloppement de l'emploi et des comp\u00e9tence s - article \nL.5121-1, L.5121-2, D.5121-1 \u00e0 D.5121-3 du code du travail ; \n \nD\u00e9cisions d'opposition \u00e0 la qualification d'emplois menac\u00e9s pr\u00e9vue aux articles L.2242-16 et \n2242-17 du code du travail \u2013 D.2241-3 et 2241-4 du code du travail ; \n \nNotification d'assujettissement \u00e0 l'obligation d'une convention de revitalisation - articles \nL.1233-84 \u00e0 L.1233-89, D1233-37, D.1233-38, D1233-45, D.1233-46 du code du travail ; \n \nAgr\u00e9ment de reconnaissance de la qualit\u00e9 de soci\u00e9t\u00e9 coop\u00e9rative ouvri\u00e8re et de production \n(SCOP) - Loi n\u00b047- 1775 du 19/09/47 susvis\u00e9e, loi n\u00b078 -763 du 19/07/1978 susvis\u00e9e, d\u00e9cret \nn\u00b079-376 du 10/05/1979 susvis\u00e9, loi n\u00b02014-856 du 31/07/2014 susvis\u00e9e ; \n \nDispositifs locaux d'accompagnement - circulaires DGEFP 2002-53 du 10/12/2002 et 2003-04 \ndu 04/03/2003, d\u00e9cret n\u00b02015-1103 du 01/09/2015 susvis\u00e9 ; \n \nAttribution, extension, renouvellement, retrait d'agr\u00e9ment d'une association ou d' une \nentreprise de services \u00e0 la personne - articles L7232-1 et suivants du code du travail, article \nD.312-6-1 du code de l'action sociale et des familles ; \n \nConventions relatives \u00e0 l'insertion par l'activit\u00e9 \u00e9conomique - articles R.5132 -1 \u00e0  6, 44, \nD.5132-10-1, R 5132-10- 6 \u00e0 R 5132-10-11, D.5132-26, R 5132-27 \u00e0 R 5132-43, R 5132-44 \u00e0 R.5132-\n47 du code du travail, l'instruction DGEFP n\u00b02014-2 du 2/02/2014 ; \n \nConventionnement des missions locales - articles L.5314-1 \u00e0 L5314-4 du code du travail ; \n \nAttribution, extension, renouvellement et retrait des agr\u00e9ments \" entreprises solida ires\" \u2013 \narticles L.3332-17-1 et R.3332-21-3 du code du travail ; \n \n12\u00b0 Nature de la mati\u00e8re - Garanties de ressources des travailleurs priv\u00e9s d'emploi \n \nExclusion ou r\u00e9duction temporaire ou d\u00e9finitive du revenu de remplacement - articles \nL.5426-2 \u00e0 L.5426-9, R.5426-1 et suivants du code du travail ; \nDirection r\u00e9gionale et interd\u00e9partementale de l'\u00e9conomie, de l'emploi, du travail et des solidarit\u00e9s d'\u00cele-de-France -\nIDF-2025-04-09-00010 - D\u00e9cision  n\u00b0 2025-061 du 9 avril 2025 \nPortant subd\u00e9l\u00e9gation de signature de Monsieur Marc Rohfritsch, Directeur r\u00e9gional et interd\u00e9partemental de l'\u00c9conomie, de l'Emploi,\ndu Travail et des Solidarit\u00e9s d'\u00cele-de-France\npar int\u00e9rim, aux agents de l'unit\u00e9 d\u00e9partementale de Paris\n25\n6 / 10 \n \n13\u00b0 Nature de la mati\u00e8re - Formation professionnelle et certification \n \nRemboursement des r\u00e9mun\u00e9rations per\u00e7ues par les stagiaires AFPA abando nnant, sans \nmotif valable, leur stage de formation - articles R.6341-45 \u00e0 R.6341-48 du code du travail ; \n \nD\u00e9livrance du titre professionnel - D\u00e9signation du jury \u2013 Valorisation des acquis et de \nl'exp\u00e9rience (V AE) : recevabilit\u00e9 VAE \u2013 articles R.338 -6 et 7 du code de  l'\u00e9ducation - loi \nn\u00b02002-73 du 17/01/2002 susvis\u00e9e, d\u00e9cret  n\u00b02002-615 du 26/04/2002 susvis\u00e9, arr\u00eat\u00e9 du \n9/03/2006 ; \n \n14\u00b0 Nature de la mati\u00e8re \u2013 Obligation d'emploi des travailleurs en situation de handicap \n \nSanction administrative pour non-respect des obligations d'emploi \u2013 articles L. 5212-2, \nL.5112-6 \u00e0 L.5212-12 et R.5212-31 du code du travail ; \n \nAgr\u00e9ment des accords de groupe, d'entreprise ou d'\u00e9tablissement en faveur des travailleurs \nhandicap\u00e9s - articles L.5212-8 et R.5212-15 du code du travail ; \n \n \n15\u00b0 Nature de la mati\u00e8re \u2013 Travailleurs en situation de handicap \n \nSubvention d'installation d'un travailleur handicap\u00e9 - articles R.5213-52, D.5213-53 \u00e0 5213-61 \ndu code du travail ; \n \nAides financi\u00e8res pour l'adaptation du lieu de travail et pour le renforcement de \nl'encadrement des travailleurs  handicap\u00e9s \u2013 L.5213-10, R.5213 -32 \u00e0 R.5213 -38 du code du \ntravail ; \n \nPrime pour l'embauche d'un jeune handicap\u00e9 en contrat d'apprentissage - articles L.6222-\n38, R.6222-55 \u00e0 6222- 58 du code du travail, arr\u00eat\u00e9 du 15/03/78 \n \nAide aux postes des entreprises adapt\u00e9es \u2013 R.5213-74 \u00e0 76 du code du travail ; \n \n16\u00b0 Nature de la mati\u00e8re \u2013 M\u00e9trologie L\u00e9gale \n \nAttribution, suspension ou retrait de marque d'identification aux fabricant s, r\u00e9parateurs et \ninstallateurs d'instruments de mesure et aux organismes agr\u00e9\u00e9s - article 37 du d\u00e9cret n\u00b02001-\n387 du 03/05/01 susvis\u00e9 et article 45 de l'arr\u00eat\u00e9 du 31/12/2001 ; \n \nApprobation, suspension ou retrait d'approbation des syst\u00e8mes d'assuranc e de la qualit\u00e9 \ndes fabricants, r\u00e9parateurs et installateurs des instruments de mesure (en cas d'absence \nd'organisme d\u00e9sign\u00e9) - articles 18 et 23 du d\u00e9cret n\u00b02001-387 du 03/05/2001 pr\u00e9cit\u00e9 ; \n \nInjonctions aux installateurs d'instruments de mesure - article 26 du d\u00e9cret 2001 -387 du \n03/05/2001 pr\u00e9cit\u00e9 ; \n \nD\u00e9livrance, suspension ou retrait d'agr\u00e9ment, mise en demeure des organisme s agr\u00e9\u00e9s - \narticle 37 du d\u00e9cret n\u00b02001-387 du 03/05/2001 pr\u00e9cit\u00e9, article 43 de l'arr\u00eat\u00e9 du 31/12/01, \narr\u00eat\u00e9s du 01/10/1981 et du 07/07/2004 ; \n \nD\u00e9rogations aux dispositions r\u00e9glementaires normalement applicables aux ins truments de \nmesure - article 41 d\u00e9cret n\u00b02007-387 du 03/05/2001 pr\u00e9cit\u00e9 ; \nDirection r\u00e9gionale et interd\u00e9partementale de l'\u00e9conomie, de l'emploi, du travail et des solidarit\u00e9s d'\u00cele-de-France -\nIDF-2025-04-09-00010 - D\u00e9cision  n\u00b0 2025-061 du 9 avril 2025 \nPortant subd\u00e9l\u00e9gation de signature de Monsieur Marc Rohfritsch, Directeur r\u00e9gional et interd\u00e9partemental de l'\u00c9conomie, de l'Emploi,\ndu Travail et des Solidarit\u00e9s d'\u00cele-de-France\npar int\u00e9rim, aux agents de l'unit\u00e9 d\u00e9partementale de Paris\n26\n7 / 10 \nAm\u00e9nagement ou retrait des dispenses de v\u00e9rification p\u00e9riodique et de v \u00e9rification apr\u00e8s \nr\u00e9paration ou modification accord\u00e9es aux d\u00e9tenteurs d'instruments de mesure - article 62-\n3 de l'arr\u00eat\u00e9 du 31/12/2001 ; \n \nAm\u00e9nagements aux dispositions de v\u00e9rification de moyens d'essais - article 5 du d\u00e9cret \nn\u00b02001-387 du 03/05/2001 pr\u00e9cit\u00e9 et article 3 arr\u00eat\u00e9 du 31/12/2001 \n \nInvitation d'un op\u00e9rateur \u00e9conomique \u00e0 mettre un terme \u00e0 une non-conformit\u00e9 constat\u00e9e ; \nordre de remis e en conformit\u00e9, de rappel ou de retrait du march\u00e9 d'un instrument de \nmesure non conforme ; interdiction ou restriction de mise sur le march\u00e9, de mise en service \nou d'utilisation d'un ins trument de mesure non conforme - article 5-20 du d\u00e9cret n\u00b02007 -\n387 du 03/05/2001 pr\u00e9cit\u00e9 ; \n \nD\u00e9livrance de certificat d'examen de type en l'absence d'organisme d\u00e9sign\u00e9 - articles 7 et 8 \ndu d\u00e9cret n\u00b02007- 387 du 03/05/2001 pr\u00e9cit\u00e9 ; \n \nAutorisation de mise en service d'un nombre limit\u00e9 d'instruments d'un type pour lequel une \ndemande d'examen de type a \u00e9t\u00e9 pr\u00e9sent\u00e9e-article 12 du d\u00e9cret n\u00b02007-387 du 03/05/2001 \npr\u00e9cit\u00e9 ; \nInjonction au titulaire d'un certificat d'examen de type de porter rem\u00e8de aux d \u00e9fauts \nconstat\u00e9s et de demander un nouvel examen de type ; suspension du b\u00e9n\u00e9fice de la marque \nd'examen de type et suspension de la mise sur le march\u00e9 des instruments du type pr\u00e9sentant \ndes d\u00e9fauts ; \n \nMise en demeure d'un b\u00e9n\u00e9ficiaire de certificat d'examen de type de rem\u00e9die r aux d\u00e9fauts \nconstat\u00e9s sur les instruments en service ; interdiction d'utilisation des instruments restant \nd\u00e9fectueux-article 13 du d\u00e9cret n\u00b02007- 387 du 03/05/2001 pr\u00e9cit\u00e9 ; \nSuspension de la v\u00e9rification primitive et de la mise sur le march\u00e9 des instrumen ts d'un \nmod\u00e8le donn\u00e9-article 21 du d\u00e9cret n\u00b02007-387 du 03/05/2001 pr\u00e9cit\u00e9 ; \n \nSuspension de la mise sur le march\u00e9 et de la mise en service d'instruments pr\u00e9 sentant \u00e0 \nl'usage un d\u00e9faut qui les rend impropres \u00e0 leur destination (instruments ayant fait l'objet \nd'une approbation CEE de mod\u00e8le)-IV de l'article 10 du d\u00e9cret du 4/08/1973 ; \n \nApprobation, suspension ou retrait d'approbation des syst\u00e8mes d'assuranc e de la qualit\u00e9 \ndes fabricants, r\u00e9parateurs et installateurs d'instruments de mesure en cas d'absence \nd'organisme d\u00e9sign\u00e9-articles 18 et 23 du d\u00e9cret n\u00b02007-387 du 03/05/2001 pr\u00e9cit\u00e9 ; \n \nInjonctions aux installateurs d'instruments de mesure -article 26 du d\u00e9cret n\u00b02007 -387 du \n03/05/2001 pr\u00e9cit\u00e9 ; \n \nD\u00e9signation d'organismes et retrait de d\u00e9signation d'organisme s d\u00e9sign\u00e9s -article 36 du \nd\u00e9cret n\u00b02007-387 du 03/05/2001 pr\u00e9cit\u00e9 ; \n \nD\u00e9signation d'organismes pour l'approbation CEE de mod\u00e8le et pour la v\u00e9rification primitive \nCEE-article 1er de l'arr\u00eat\u00e9 du 8/11/1973 ; \n \nD\u00e9cision d'agr\u00e9ment, suspension ou retrait d'agr\u00e9ment, mise en demeure des or ganismes \nagr\u00e9\u00e9s- articles 37 et 39 du d\u00e9cret n\u00b02007 -387 du 03/05/2001 pr\u00e9cit\u00e9 - articles 40 et 43 de \nl'arr\u00eat\u00e9 du 31/12/2001-arr\u00eat\u00e9s du 01/10/1981, du 14/09/1981 et du 07/07/2004 ; \n \nD\u00e9rogation aux dispositions r\u00e9glementaires normalement applicables aux instr uments de \nmesures-article 41 du d\u00e9cret n\u00b02007-387 du 03/05/2001 pr\u00e9cit\u00e9 ; \nDirection r\u00e9gionale et interd\u00e9partementale de l'\u00e9conomie, de l'emploi, du travail et des solidarit\u00e9s d'\u00cele-de-France -\nIDF-2025-04-09-00010 - D\u00e9cision  n\u00b0 2025-061 du 9 avril 2025 \nPortant subd\u00e9l\u00e9gation de signature de Monsieur Marc Rohfritsch, Directeur r\u00e9gional et interd\u00e9partemental de l'\u00c9conomie, de l'Emploi,\ndu Travail et des Solidarit\u00e9s d'\u00cele-de-France\npar int\u00e9rim, aux agents de l'unit\u00e9 d\u00e9partementale de Paris\n27\n8 / 10 \nAttribution, refus d'attribution ou retrait de marque d'identification aux fabricant s, \nr\u00e9parateurs et installateurs d'instruments de mesure et aux organismes d\u00e9sign\u00e9s ou agr\u00e9\u00e9s -\narticle 45 de l'arr\u00eat\u00e9 du 31/12/2001 ; \n \nAm\u00e9nagement ou retrait des dispenses de v\u00e9rification p\u00e9riodique et de v \u00e9rification apr\u00e8s \nr\u00e9paration ou modification accord\u00e9es aux d\u00e9tenteurs d'instruments de mesure -article 62.3 \nde l'arr\u00eat\u00e9 du 31/12/2001 ; \n \nAm\u00e9nagements aux dispositions de v\u00e9rification de moyens d'essais -article 5 du d \u00e9cret du \n3/05/2001 et article 3 de l'arr\u00eat\u00e9 du 31/12/2001 ; \n \nInvitation d'un op\u00e9rateur \u00e9conomique \u00e0 mettre un terme \u00e0 une non -conformit\u00e9 constat\u00e9e \narticle 5-20 du d\u00e9cret du 3/05/2001 ; \n \nOrdre de remise en conformit\u00e9, de rappel ou de retrait du march\u00e9 d'un in strument de \nmesure non conforme article 5 -20 du d\u00e9cret du 3/05/2001 article 5 -20 du d\u00e9cret du \n3/05/2001 ; \n \nInterdiction ou la restriction de mise sur le march\u00e9, de mise en service ou d'utilis ation d'un \ninstrument de mesure non conforme article 5-20 du d\u00e9cret du 3/05/2001 ; \nD\u00e9livrance de certificat d'examen de type en l'absence d'organisme d\u00e9si gn\u00e9 aux articles 7 \net 8 du d\u00e9cret du 3/05/2001 ; \nAutorisation de mise en service d'un nombre limit\u00e9 d'instruments d'un type pour lequel une \ndemande d'examen de type a \u00e9t\u00e9 pr\u00e9sent\u00e9e-article 12 du d\u00e9cret du 3/05/2001 ; \n \nInjonction au titulaire d'un certificat d'examen de type de porter rem\u00e8de aux d \u00e9fauts \nconstat\u00e9s et de demander un nouvel examen de type article 13 du d\u00e9cret du 3/05/2001 ;  \n \nSuspension du b\u00e9n\u00e9fice de la marque d'examen de type et suspension de la mise sur le \nmarch\u00e9 des \nInstruments du type pr\u00e9sentant des d\u00e9fauts type article 13 du d\u00e9cret du 3/05/2001 ;  \nMise en demeure d'un b\u00e9n\u00e9ficiaire de certificat d'examen de type de rem\u00e9die r aux d\u00e9fauts \nconstat\u00e9s sur les instruments en service type article 13 du d\u00e9cret du 3/05/2001 ;  \n \nInterdiction d'utilisation des instruments restant d\u00e9fectueux type article 13 du d\u00e9cret du \n3/05/2001 ; \nSuspension de la v\u00e9rification primitive et de la mise sur le march\u00e9 des ins truments d'un \nmod\u00e8le donn\u00e9 type article 21 du d\u00e9cret du 3/05/2001 ; \n \nSuspension de la mise sur le march\u00e9 et de la mise en service d'instruments pr\u00e9sentant \u00e0 \nl'usage un d\u00e9faut qui les rend impropres \u00e0 leur destination (instruments ayant fait l'objet \nd'une approbation CEE de mod\u00e8le) IV de l'article 10 du d\u00e9cret du 04/08/1973 ; \n \nApprobation, suspension ou retrait d'approbation des syst\u00e8mes d'assurance de la qualit\u00e9 \ndes fabricants, r\u00e9parateurs et installateurs d'instruments de mesu re en cas d'absence \nd'organisme d\u00e9sign\u00e9 - articles 18 et 23 du d\u00e9cret du 3/05/2001 ; \n \nInjonctions aux installateurs d'instruments de mesure- article 26 du d\u00e9cret du 3/05/2001 ; \nD\u00e9signation d'organismes et retrait de d\u00e9signation d'organismes d\u00e9sign\u00e9s - article 36 du \nd\u00e9cret du 3/05/2001 ; \n \nD\u00e9signation d'organismes pour l'approbation CEE de mod\u00e8le et pour la v\u00e9rification primitive \nCEE - article 1 de l'arr\u00eat\u00e9 du 8/11/1973 ; \nDirection r\u00e9gionale et interd\u00e9partementale de l'\u00e9conomie, de l'emploi, du travail et des solidarit\u00e9s d'\u00cele-de-France -\nIDF-2025-04-09-00010 - D\u00e9cision  n\u00b0 2025-061 du 9 avril 2025 \nPortant subd\u00e9l\u00e9gation de signature de Monsieur Marc Rohfritsch, Directeur r\u00e9gional et interd\u00e9partemental de l'\u00c9conomie, de l'Emploi,\ndu Travail et des Solidarit\u00e9s d'\u00cele-de-France\npar int\u00e9rim, aux agents de l'unit\u00e9 d\u00e9partementale de Paris\n28\n9 / 10 \nD\u00e9cision d'agr\u00e9ment, suspension ou retrait d'agr\u00e9ment, mise en demeure des organismes \nagr\u00e9\u00e9s- articles 37 et 39 du d\u00e9cret du 3/05/2001 ; articles 40 et 43 de l'arr\u00eat\u00e9 du 31/12/2001 ; \narr\u00eat\u00e9s du 01/10/1981, du 14/09/1981 et du 07/07/2004 ; \n \nD\u00e9rogation aux dispositions r\u00e9glementaires normalement applicables aux instrum ents de \nmesures - article 41 du d\u00e9cret du 3/05/2001 ; \n \nAttribution, refus d'attribution ou retrait de marque d'identification aux fabricants, \nr\u00e9parateurs et installateurs d'instruments de mesure et aux organismes d\u00e9sign\u00e9s ou agr\u00e9\u00e9s - \narticle 45 de l'arr\u00eat\u00e9 du 31/12/2001 ; \n \nAm\u00e9nagement ou retrait des dispenses de v\u00e9rification p\u00e9riodique et de v \u00e9rification apr\u00e8s \nr\u00e9paration ou modification accord\u00e9es aux d\u00e9tenteurs d'instruments de mesure- article 62.3 \nde l'arr\u00eat\u00e9 du 31/12/2001 ; \n \nAm\u00e9nagements aux dispositions de v\u00e9rification de moyens d'essais - article 5 du d\u00e9cret du \n3/05/2001 et article 3 de l'arr\u00eat\u00e9 du 31/12/2001 ; \n \nD\u00e9cision autorisant le contr\u00f4le des instruments par leur d\u00e9tenteur - article 18 de l'arr\u00eat\u00e9 du \n6/03/2007 ; article 25 de l'arr\u00eat\u00e9 du 1er/08/2013 ; article 25 de l'arr\u00eat\u00e9 du 21/10/2010.  \n \nArticle 2 \n \nEn cas d'absence ou d'emp\u00eachement de Martine BAUDOIN  la subd\u00e9l\u00e9gation de signature sera \nexerc\u00e9e, \u00e0 l'exclusion des comp\u00e9tences relevant du syst\u00e8me d'inspection du travail , par : \n \n- Herv\u00e9 LEGRAND, directeur du p\u00f4le \"politique du Travail\" ; \n- Marie MARCENA, directrice du p\u00f4le \"entreprises, emploi et solidarit\u00e9s\" ; \n- Catherine BARRAS, directrice de secteur nord des services de l'inspection du \ntravail ; \n- M\u00e9linda MARONE, directrice de secteur sud des services de l'inspection du travail ; \n \nEt dans la limite de leurs attributions, par : \n \n- Niklas VASSEUX, adjoint au responsable du p\u00f4le \"politique du Travail\"  ; \n- Jean-Philippe DEVOUCOUX, responsable du d\u00e9partement accompagnement \ndes entreprises ;  \n- Patricia RENUCCI, responsable du d\u00e9partement protection et insertion des \njeunes ;  \n- Corinne ROUXEL, responsable du d\u00e9partement protection et insertion des \nadultes ;  \n- Eric REMERAND, chef du service protection au sein du d\u00e9partement protection \net insertion des adultes ; \n- Franck LEPERTEL pour la protection de l'enfance ;  \n- Sophie BIDON pour les enfants du spectacle ; \n- Magalie MASSIP, pour les pupilles ;  \n- Sylvie VONGIN pour l'insertion par l'activit\u00e9 \u00e9conomique ; \n- Nicolas BOUVET pour l'activit\u00e9 partielle ; \n- Rapha\u00ebl BUZULIER pour l'activit\u00e9 partielle ; \n- Rhizlaine NAIT SI pour les services \u00e0 la personne ;  \n- Florence DEMONREDON pour les services \u00e0 la personne ;  \n \n \nDirection r\u00e9gionale et interd\u00e9partementale de l'\u00e9conomie, de l'emploi, du travail et des solidarit\u00e9s d'\u00cele-de-France -\nIDF-2025-04-09-00010 - D\u00e9cision  n\u00b0 2025-061 du 9 avril 2025 \nPortant subd\u00e9l\u00e9gation de signature de Monsieur Marc Rohfritsch, Directeur r\u00e9gional et interd\u00e9partemental de l'\u00c9conomie, de l'Emploi,\ndu Travail et des Solidarit\u00e9s d'\u00cele-de-France\npar int\u00e9rim, aux agents de l'unit\u00e9 d\u00e9partementale de Paris\n29\n10 / 10 \nArticle 3 \n \nSont exclus de la d\u00e9l\u00e9gation consentie \u00e0 l'article 1 du pr\u00e9sent arr\u00eat\u00e9 : \n \n1\u00b0 la signature des conventions pass\u00e9es au nom de l'Etat avec le d\u00e9partement, une ou plusieurs \ncommunes, leurs groupements ainsi que leurs \u00e9tablissements publics, \n2\u00b0 les d\u00e9cisions portant attribution de subvention ou de pr\u00eats de l'Etat aux collectivit\u00e9s locales, \naux \u00e9tablissements et organismes d\u00e9partementaux, communaux et intercommunaux,  \n3\u00b0 les notifications de ces subventions ou pr\u00eats aux collectivit\u00e9s locales, \u00e9tablissements et \norganismes b\u00e9n\u00e9ficiaires, \n4\u00b0 les correspondances relatives au contr\u00f4le de l\u00e9galit\u00e9 pr\u00e9vu par le titre I de la loi du 2 mars 1982, \n5\u00b0 les circulaires aux maires, \n6\u00b0 les arr\u00eat\u00e9s ayant un caract\u00e8re r\u00e9glementaire, \n7\u00b0 toutes correspondances adress\u00e9es aux administrations centrales et qui sont relatives aux \nprogrammes d'\u00e9quipement et \u00e0 leur financement, ainsi que celles dont le pr\u00e9fet se r\u00e9serve \nexpress\u00e9ment la signature ; toutes correspondances adress\u00e9es aux cabinets minist\u00e9riels (les autres \ncorrespondances \u00e9tant sous le r\u00e9gime du sous-couvert), \n8\u00b0 toutes correspondances adress\u00e9es aux pr\u00e9sidents des assembl\u00e9es r\u00e9gionales et \nd\u00e9partementales ainsi que les r\u00e9ponses aux interventions des parlementaires et des conseillers \ng\u00e9n\u00e9raux lorsqu'elles portent sur les comp\u00e9tences de l'Etat, \u00e0 l'exception de cel les concernant \nl'inspection du travail. \n \nArticle 4 \n \nUne copie de cette d\u00e9cision de subd\u00e9l\u00e9gation sera adress\u00e9e au Pr\u00e9fet de Paris. \n \nArticle 5 \n \nLa d\u00e9cision n\u00b0 2023-186 du 6 d\u00e9cembre 2023 est abrog\u00e9e. \n \nArticle 6 \n \nLe Directeur r\u00e9gional et interd\u00e9partemental de l'\u00e9conomie, de l'emploi, du travail et des solidarit\u00e9s \nd'\u00cele-de-France, et les subd\u00e9l\u00e9gataires mentionn\u00e9 s ci -dessus, sont charg\u00e9s, chacun  en ce qui l e \nconcerne, de l'ex\u00e9cution de la pr\u00e9sente d\u00e9cision  qui sera publi\u00e9 e aux recueils des actes \nadministratifs de la pr\u00e9fecture de la r\u00e9gion et de la pr\u00e9fecture du Paris. \n \n \n \nFait \u00e0 Aubervilliers, le 9 avril 2025 \n \nPour le Pr\u00e9fet et par d\u00e9l\u00e9gation, \nLe Directeur r\u00e9gional et interd\u00e9partemental de \nl'\u00e9conomie, de l'emploi, du travail et des \nsolidarit\u00e9s d'\u00cele-de-France par int\u00e9rim, \n \nSIGN\u00c9 \n \nMarc ROHFRITSCH \nDirection r\u00e9gionale et interd\u00e9partementale de l'\u00e9conomie, de l'emploi, du travail et des solidarit\u00e9s d'\u00cele-de-France -\nIDF-2025-04-09-00010 - D\u00e9cision  n\u00b0 2025-061 du 9 avril 2025 \nPortant subd\u00e9l\u00e9gation de signature de Monsieur Marc Rohfritsch, Directeur r\u00e9gional et interd\u00e9partemental de l'\u00c9conomie, de l'Emploi,\ndu Travail et des Solidarit\u00e9s d'\u00cele-de-France\npar int\u00e9rim, aux agents de l'unit\u00e9 d\u00e9partementale de Paris\n30\nDirection r\u00e9gionale et interd\u00e9partementale de\nl'\u00e9conomie, de l'emploi, du travail et des\nsolidarit\u00e9s d'\u00cele-de-France\nIDF-2025-04-09-00008\nD\u00e9cision  n\u00b0 2025-073 du 9 avril 2025\nportant subd\u00e9l\u00e9gation de signature de Monsieur\nMarc Rohfritsch, Directeur r\u00e9gional et\ninterd\u00e9partemental de l'\u00c9conomie, de l'Emploi,\ndu Travail et des Solidarit\u00e9s d'\u00cele-de-France\npar int\u00e9rim, aux agents de l'unit\u00e9\nd\u00e9partementale de la Seine-Saint-Denis\nDirection r\u00e9gionale et interd\u00e9partementale de l'\u00e9conomie, de l'emploi, du travail et des solidarit\u00e9s d'\u00cele-de-France -\nIDF-2025-04-09-00008 - D\u00e9cision  n\u00b0 2025-073 du 9 avril 2025\nportant subd\u00e9l\u00e9gation de signature de Monsieur Marc Rohfritsch, Directeur r\u00e9gional et interd\u00e9partemental de l'\u00c9conomie, de l'Emploi,\ndu Travail et des Solidarit\u00e9s d'\u00cele-de-France\npar int\u00e9rim, aux agents de l'unit\u00e9 d\u00e9partementale de la Seine-Saint-Denis\n31\nE 3PR\u00c9FETDE LA SEINE-SAINT-DENISLibert\u00e9Egalit\u00e9Fraternit\u00e9\n Direction r\u00e9gionale et interd\u00e9partementale \nde l'\u00e9conomie, de l'emploi, \ndu travail et des solidarit\u00e9s \n \n \n             \n  \n \nD\u00c9CISION n\u00b0 2025-073 du 9 avril 2025 \n \nPortant subd\u00e9l\u00e9gation de signature de Monsieur Marc Rohfritsch, Directeur r\u00e9gional et \ninterd\u00e9partemental de l'\u00c9conomie, de l'Emploi, du Travail et des Solidarit\u00e9s d'\u00cele-de-France \npar int\u00e9rim, aux agents de l'unit\u00e9 d\u00e9partementale de la Seine-Saint-Denis \n \n \nVu le code de l'action sociale et des familles ;  \n \nVu le code de la sant\u00e9 publique ;  \n \nVu le code de la s\u00e9curit\u00e9 sociale ; \n \nVu le code du travail ; \n \nVu la loi n\u00b0 82-213 du 2 mars 1982 relative aux droits et libert\u00e9s des communes, des d\u00e9partements et \ndes r\u00e9gions, modifi\u00e9e ; \n \nVu la loi n\u00b0 83-663 du 22 juillet 1983 compl\u00e9tant la loi n\u00b0 83-8 du 7 janvier 1983 relative \u00e0 la r\u00e9partition \nde comp\u00e9tences entre les communes, les d\u00e9partements, les r\u00e9gions et l'\u00c9tat ; \nVu la loi d'orientation n\u00b0 92 -125 du 6 f\u00e9vrier 1992 modifi\u00e9e relative \u00e0 l'administration territoriale de \nla R\u00e9publique, notamment ses articles 4 et 6 ;  \n \nVu la loi d'orientation n\u00b0 95 -115 du 4 f\u00e9vrier 1995 modifi\u00e9e relative \u00e0 l'am\u00e9nagement et au \nd\u00e9veloppement du territoire ; \nVu la loi n\u00b0 2004-809 du 13 ao\u00fbt 2004 modifi\u00e9e relative aux libert\u00e9s et responsabilit\u00e9s locales  ; \nVu la loi n\u00b02014-856 du 31 juillet 2014 modifi\u00e9e relative \u00e0 l'\u00e9conomie sociale et solidaire  ; \nVu le d\u00e9cret n\u00b0 82-332 du 13 avril 1982 modifi\u00e9 relatif \u00e0 la mise \u00e0 la disposition du pr\u00e9sident du conseil \ng\u00e9n\u00e9ral des services ext\u00e9rieurs de l'\u00c9tat dans le d\u00e9partement ; \nVu le d\u00e9cret n\u00b084-591 du 4 juillet 1984 modifi\u00e9 relatif \u00e0 la m\u00e9daille d'honneur du travail  ; \nVu le d\u00e9cret  n\u00b086-442 du 14 mars 1986 modifi\u00e9 relatif \u00e0 la d\u00e9signation des m\u00e9decins agr\u00e9\u00e9s, \u00e0 \nl'organisation des comit\u00e9s m\u00e9dicaux et des commissions de r\u00e9forme, aux conditions d'aptitude \nphysique pour l'admission aux emplois publics et au r\u00e9gime de cong\u00e9s de maladie des \nfonctionnaires ; \nVu le d\u00e9cret n\u00b0 2004-374 du 29 avril 2004 modifi\u00e9 relatif aux pouvoirs des pr\u00e9fets, \u00e0 l'organisation et \n\u00e0 l'action des services de l'\u00c9tat dans les r\u00e9gions et d\u00e9partements ; \n \nVu le d\u00e9cret n\u00b0 2010-687 du 24 juin 2010 modifi\u00e9 relatif \u00e0 l'organisation et \u00e0 l'action des services de \nl'\u00e9tat dans la r\u00e9gion et les d\u00e9partements d'\u00cele de France ; \n \nVu le d\u00e9cret n\u00b0 2015-510 du 7 mai 2015 modifi\u00e9 portant charte de la d\u00e9concentration ;  \nDirection r\u00e9gionale et interd\u00e9partementale de l'\u00e9conomie, de l'emploi, du travail et des solidarit\u00e9s d'\u00cele-de-France -\nIDF-2025-04-09-00008 - D\u00e9cision  n\u00b0 2025-073 du 9 avril 2025\nportant subd\u00e9l\u00e9gation de signature de Monsieur Marc Rohfritsch, Directeur r\u00e9gional et interd\u00e9partemental de l'\u00c9conomie, de l'Emploi,\ndu Travail et des Solidarit\u00e9s d'\u00cele-de-France\npar int\u00e9rim, aux agents de l'unit\u00e9 d\u00e9partementale de la Seine-Saint-Denis\n32\n2 / 9 \nVu le d\u00e9cret n\u00b02015 -1689 du 17 d\u00e9cembre 2015 portant diverses mesures d'organisation et de \nfonctionnement dans les r\u00e9gions de l'administration territoriale de l' \u00c9tat et de commissions \nadministratives ; \n \nVu le d\u00e9cret n\u00b0 2020-1545 du 9 d\u00e9cembre 2020 relatif \u00e0 l'organisation et aux missions des directions \nr\u00e9gionales de l'\u00e9conomie, de l'emploi, du travail et des solidarit\u00e9s, des directions d\u00e9partementales \nde l'emploi, du travail et des solidarit\u00e9s et des directions d\u00e9partementales de l'emploi, du travail, des \nsolidarit\u00e9s et de la protection des populations ; \nVu le d\u00e9cret du pr\u00e9sident de la R\u00e9publique du 6 novembre 2024 nommant M. Julien CHARLES, pr\u00e9fet \nde la Seine-Saint-Denis ; \n \nVu l'arr\u00eat\u00e9 interminist\u00e9riel du 16 juin 2021 nommant Laurence DEGENNE -SHORTEN directrice \nadjointe de l'unit\u00e9 d\u00e9partementale de Seine -Saint-Denis \u00e0 la direction r\u00e9gionale et \ninterd\u00e9partementale de l'\u00e9conomie, de l'emploi, du travail et des solidarit\u00e9s d'Ile -de-France ; \n \nVu l'arr\u00eat\u00e9 interminist\u00e9riel du 13 d\u00e9cembre 2022 nommant Monsieur David SOUBRI\u00c9 directeur \nr\u00e9gional et interd\u00e9partemental adjoint de l'\u00e9conomie, de l'emploi, du travail et des solidarit\u00e9s d'\u00cele -\nde-France, charg\u00e9 des fonctions de directeur de l'unit\u00e9 d\u00e9partementale de Seine-Saint-Denis ; \n \nVu l'arr\u00eat\u00e9 interminist\u00e9riel du 20 mars 2025 nommant Marc ROHFRITSCH directeur r\u00e9gional et \ninterd\u00e9partemental de l'\u00e9conomie, de l'emploi, du travail et des solidarit\u00e9s d'\u00cele -de-France par \nint\u00e9rim \u00e0 compter du 1er avril 2025, \n \nVu l'arr\u00eat\u00e9 pr\u00e9fectoral n\u00b02025-1367 du 02/04/2025 par lequel le pr\u00e9fet de la Seine -Saint-Denis \nd\u00e9l\u00e8gue sa signature \u00e0 Monsieur Marc ROHFRITSCH , directeur r\u00e9gional et interd\u00e9partemental de \nl'\u00e9conomie, de l'emploi, du travail et des solidarit\u00e9s d'\u00cele-de-France par int\u00e9rim ; \n \n \nD\u00e9cide \nArticle 1er \n \nSubd\u00e9l\u00e9gation de signature est donn\u00e9e \u00e0  Monsieur David SOUBRI\u00c9 , directeur r\u00e9gional adjoint , \ndirecteur par int\u00e9rim de l'unit\u00e9 d\u00e9partementale de la Seine-Saint-Denis, \u00e0  l'effet de signer, les \nd\u00e9cisions, actes administratifs et correspondances concernant les attributions de la Direction \nr\u00e9gionale et interd\u00e9partementale de l'\u00e9conomie, de l'emploi, du travail et des solidarit\u00e9s (DRIEETS) \nde la r\u00e9gion \u00cele-de-France dans les domaines suivants relevant de la comp\u00e9tence du pr\u00e9fet de la \nSeine-Saint-Denis : \n \n \n Nature du pouvoir R\u00e9f\u00e9rence l\u00e9gislative et \nr\u00e8glementaire \n1- Dispositions relatives \u00e0 la lutte contre les exclusions \nTutelle des \npupilles de \nl'\u00c9tat : \n \nExercice de la tutelle des pupilles de l'\u00c9tat ; \nActes d'administration des deniers des \npupilles ; \nArticle L.224-1 et suivants du \ncode de l'action sociale et des \nfamilles \nAide sociale \n \nAdmission au b\u00e9n\u00e9fice de l'aide sociale \u00e0 la \ncharge de l'\u00c9tat ; \nArticle L.131-1 \u00e0 L.134-10 du \ncode de l'action sociale et des \nfamilles \nDirection r\u00e9gionale et interd\u00e9partementale de l'\u00e9conomie, de l'emploi, du travail et des solidarit\u00e9s d'\u00cele-de-France -\nIDF-2025-04-09-00008 - D\u00e9cision  n\u00b0 2025-073 du 9 avril 2025\nportant subd\u00e9l\u00e9gation de signature de Monsieur Marc Rohfritsch, Directeur r\u00e9gional et interd\u00e9partemental de l'\u00c9conomie, de l'Emploi,\ndu Travail et des Solidarit\u00e9s d'\u00cele-de-France\npar int\u00e9rim, aux agents de l'unit\u00e9 d\u00e9partementale de la Seine-Saint-Denis\n33\n3 / 9 \nRecours devant les juridictions d'aide sociale \net la notification des d\u00e9cisions prises apr\u00e8s \nexamen en commission d\u00e9partementale \nd'aide sociale ; \nAdmission dans un CHRS. \nArticle L. 345-1 du code de \nl'action sociale et des familles \n D\u00e9cisions relatives aux \u00e9valuation et prime de \nfonctions et de r\u00e9sultats des directeurs \nd'\u00e9tablissements sanitaires, sociaux et \nm\u00e9dico-sociaux des \u00e9tablissements \nmentionn\u00e9s aux 4\u00b0 et 6\u00b0 de l'article L5 du \ncode g\u00e9n\u00e9ral de la fonction publique, portant \ndispositions statutaires relatives \u00e0 la fonction \npublique hospitali\u00e8re. \n- Code g\u00e9n\u00e9ral de la fonction \npublique (partie l\u00e9gislative) ; \n- D\u00e9cret n\u00b0 2002-550 du 19 avril \n2002 modifi\u00e9 portant statut \nparticulier du corps de \ndirecteur des soins de la \nfonction publique hospitali\u00e8re \n; \n- D\u00e9cret n\u00b0 2005-921 du 2 ao\u00fbt \n2005 modifi\u00e9 portant statut \nparticulier des grades et \nemplois des personnels de \ndirection des \u00e9tablissements \nmentionn\u00e9s \u00e0 l'article 2 (1\u00b0 et \n2\u00b0) de la loi n\u00b0 86-33 du 9 \njanvier 1986 portant \ndispositions statutaires \nrelatives \u00e0 la fonction publique \nhospitali\u00e8re ; \n- D\u00e9cret n\u00b0 2007-1930 du 26 \nd\u00e9cembre 2007 modifi\u00e9 \nportant statut particulier du \ncorps des directeurs \nd'\u00e9tablissements sanitaires, \nsociaux et m\u00e9dico-sociaux de \nla fonction publique \nhospitali\u00e8re ; \n- D\u00e9cret n\u00b0 2012-749 du 9 mai \n2012 modifi\u00e9 relatif \u00e0 la prime \nde fonctions et de r\u00e9sultats \ndes corps ou emplois \nfonctionnels des personnels de \ndirection et des directeurs des \nsoins de la fonction publique \nhospitali\u00e8re ; \n- D\u00e9cret n\u00b0 2018-255 du 9 avril \n2018 relatif aux modalit\u00e9s \nd'indemnisation des p\u00e9riodes \nd'int\u00e9rim et \u00e0 l'indemnit\u00e9 de \ndirection commune pour \ncertains personnels de la \nfonction publique hospitali\u00e8re \n; \n- D\u00e9cret n\u00b0 2020-719 du 12 juin \n2020 relatif aux conditions \nDirection r\u00e9gionale et interd\u00e9partementale de l'\u00e9conomie, de l'emploi, du travail et des solidarit\u00e9s d'\u00cele-de-France -\nIDF-2025-04-09-00008 - D\u00e9cision  n\u00b0 2025-073 du 9 avril 2025\nportant subd\u00e9l\u00e9gation de signature de Monsieur Marc Rohfritsch, Directeur r\u00e9gional et interd\u00e9partemental de l'\u00c9conomie, de l'Emploi,\ndu Travail et des Solidarit\u00e9s d'\u00cele-de-France\npar int\u00e9rim, aux agents de l'unit\u00e9 d\u00e9partementale de la Seine-Saint-Denis\n34\n4 / 9 \ng\u00e9n\u00e9rales de l'appr\u00e9ciation de \nla valeur professionnelle des \nfonctionnaires de la fonction \npublique hospitali\u00e8re \nProtection \njuridique \ndes \nmajeurs : \n \nConventionnement des services tut\u00e9laires \nhabilit\u00e9s par le procureur de la R\u00e9publique \u00e0 \nexercer des mesures de tutelle et curatelle \nd'\u00c9tat ; \nListe des mandataires judiciaires de la \nprotection des majeurs ; \n \nArticle L. 471-2 du code de \nl'action sociale et des familles. \n \nArticles L. 472-1 \u00e0 L. 472 -4 du \ncode de l'action sociale et des \nfamilles compl\u00e9t\u00e9 par le d\u00e9cret \n2008-1553 du 31 d\u00e9cembre \n2008 relatif \u00e0 l'exercice \u00e0 titre \nindividuel de l'activit\u00e9 de \nmandataire judiciaire \u00e0 la \nprotection des majeurs et de \nl'activit\u00e9 de d\u00e9l\u00e9gu\u00e9 aux  \nprestations familial \nD\u00e9livrance des agr\u00e9ments aux mandataires \njudiciaires de la protection des majeurs et \naux d\u00e9l\u00e9gu\u00e9s aux prestations familiales en \ntant que personnes physiques ; \nArticles L.313-1 \u00e0 L.313 -10, \narticles L.313 -13 et L.313 -14 du \ncode de l'action sociale et des \nfamilles \nConventionnement des mandataires \njudiciaires de la protection des majeurs, \npersonnes physiques, relatif \u00e0 leur \nr\u00e9mun\u00e9ration relevant de la part \u00c9tat ; \nArticles L. 314 -1 et L.314 -2 du \ncode de l'action sociale et des \nfamilles \nArr\u00eat\u00e9s d'autorisation de cr\u00e9ation, \nd'extension et de transformation de services \ntut\u00e9laires ; \nArticle L 351.1 du code de \nl'action sociale t des familles \nArr\u00eat\u00e9s de tarification des prestations \nfournies par les services tut\u00e9laires ; \n- Contr\u00f4le et approbation des documents \nbudg\u00e9taires et des d\u00e9lib\u00e9rations ; \n- M\u00e9moires en r\u00e9ponse au contentieux de \nla tarification ; \n- Exercice des missions de tutelle et de \ncontr\u00f4le : inspections, contr\u00f4les et \npouvoir d'injonctions \nArticles L 331 -1 \u00e0 L 331 -9 du \ncode de l'action sociale et des \nfamilles \n2. Dispositions relatives \u00e0 la protection des personnes vuln\u00e9rables  \nDroits des \npersonnes \nhandicap\u00e9es  \nD\u00e9livrance des cartes de stationnement aux \norganismes utilisant un v\u00e9hicule destin\u00e9 au \ntransport collectif des personnes \nhandicap\u00e9es \nArticles L.241-3-2 et R.241-18 \ndu code de l'action sociale et \ndes familles \nDirection r\u00e9gionale et interd\u00e9partementale de l'\u00e9conomie, de l'emploi, du travail et des solidarit\u00e9s d'\u00cele-de-France -\nIDF-2025-04-09-00008 - D\u00e9cision  n\u00b0 2025-073 du 9 avril 2025\nportant subd\u00e9l\u00e9gation de signature de Monsieur Marc Rohfritsch, Directeur r\u00e9gional et interd\u00e9partemental de l'\u00c9conomie, de l'Emploi,\ndu Travail et des Solidarit\u00e9s d'\u00cele-de-France\npar int\u00e9rim, aux agents de l'unit\u00e9 d\u00e9partementale de la Seine-Saint-Denis\n35\n5 / 9 \nM\u00e9moires en r\u00e9ponse pour les contentieux \nform\u00e9s devant le tribunal administratif et \nrelatifs \u00e0 l'attribution des cartes de \nstationnement aux personnes handicap\u00e9es \nArticles L 111 -7 et R.111-18 et \nsuivants du code de la \nconstruction et de l'habitation  \n3- Travail et emploi \nSalaires et \nconseillers des \nsalari\u00e9s \n \n\u00c9tablissement du tableau des temps \nn\u00e9cessaires \u00e0 l'ex\u00e9cution des travaux des \ntravailleurs \u00e0 domicile \nArticle L.7422-2 du code du \ntravail \nFixation du salaire horaire minimum et des frais \nd'atelier ou accessoires des travailleurs \u00e0 \ndomicile  \nArticles L.7422-6 et L.7422-11 \ndu code du travail  \nFixation de la valeur des avantages et \nprestations en nature entrant dans le calcul de \nl'indemnit\u00e9 de cong\u00e9s pay\u00e9s \nArticle L.3141-23 du code du \ntravail \nD\u00e9cision relative au remboursement \u00e0 \nl'employeur de l'allocation compl\u00e9mentaire \nservie aux salari\u00e9s b\u00e9n\u00e9ficiant de la \nr\u00e9mun\u00e9ration mensuelle minimale \nArticles L.3232-7 et L.3232-8, \nR.3232-3 et R.3232-4 du code \ndu travail \nD\u00e9cision relative au paiement direct aux \nsalari\u00e9s de l'allocation compl\u00e9mentaire servie \naux salari\u00e9s b\u00e9n\u00e9ficiant de la r\u00e9mun\u00e9ration \nmensuelle minimale \nArticles L.3232-7 et L.3232-8, \nR.3232-6 du code du travail \nArr\u00eat\u00e9 fixant la liste des conseillers des salari\u00e9s Articles D.1232-4 et - D.12325 \ndu code du travail \nD\u00e9cision en mati\u00e8re de remboursement des \nfrais de d\u00e9placement (r\u00e9els ou forfaitaires) \nexpos\u00e9s par les conseillers du salari\u00e9 \nArticles D. 1232-7 et D. 1232-8 \ndu code du travail \nD\u00e9cision en mati\u00e8re de remboursement aux \nemployeurs des salaires maintenus aux \nconseillers du salari\u00e9 pour l'exercice de leur \nmission \nArticle L.1232-11 du code du \ntravail ; \nAgr\u00e9ment des contr\u00f4leurs des caisses de \ncong\u00e9s pay\u00e9s \nArticle D.3141-11 du code du \ntravail \nExtension des avenants de salaires en \nagriculture au niveau d\u00e9partemental \nArticle D.2261-6 du code du \ntravail  \nRepos \ndominical \nD\u00e9rogation au repos dominical Articles L.3132-20 et L. 3132-21 \ndu code du travail  \nJeunes de \nmoins de 18 ans \n \nD\u00e9livrance, renouvellement, suspension, retrait \nde l'agr\u00e9ment des caf\u00e9s et brasseries pour \nemployer ou recevoir en stage des jeunes de 16 \n\u00e0 18 ans suivant une formation en alternance \nArticles L.4153-6, R.4153-8 et \nR.4153-12 du code du travail, \narticle L.2336-4 du code de la \nsant\u00e9 publique \nDirection r\u00e9gionale et interd\u00e9partementale de l'\u00e9conomie, de l'emploi, du travail et des solidarit\u00e9s d'\u00cele-de-France -\nIDF-2025-04-09-00008 - D\u00e9cision  n\u00b0 2025-073 du 9 avril 2025\nportant subd\u00e9l\u00e9gation de signature de Monsieur Marc Rohfritsch, Directeur r\u00e9gional et interd\u00e9partemental de l'\u00c9conomie, de l'Emploi,\ndu Travail et des Solidarit\u00e9s d'\u00cele-de-France\npar int\u00e9rim, aux agents de l'unit\u00e9 d\u00e9partementale de la Seine-Saint-Denis\n36\n6 / 9 \nH\u00e9bergement \ncollectif \n \nAccus\u00e9 de r\u00e9ception de la d\u00e9claration par un \nemployeur de l'affectation d'un local \u00e0 \nl'h\u00e9bergement, mises en demeures et d\u00e9cision \nde fermeture concernant le local \nArticles 1, 5, 6 et 7 de la loi n\u00b0 \n73-548 du 27 juin 1973 \nmodifi\u00e9e sur l'h\u00e9bergement \ncollectif \nConciliation Proc\u00e9dure de conciliation Articles L.2522-4 et R.2522-1 \u00e0 \nR.2522-21 du code du travail \nComit\u00e9 \ninterentreprises \nde sant\u00e9 et \ns\u00e9curit\u00e9 au \ntravail (CISST) \nMise en place d'un CISST dans le p\u00e9rim\u00e8tre \nd'un plan de pr\u00e9vention des risques \ntechnologiques (d\u00e9cision de mise en place, \ninvitation des membres) \nArticles L.4524-1 et R.4524-1 \u00e0 \nR.4524-9 du code du travail \nApprentissage \net alternance \nD\u00e9cision d'opposition \u00e0 l'engagement \nd'apprentis et \u00e0 la poursuite des contrats en \ncours \nArticles L.6223-1 et L.6225-l \u00e0 \nL.6225-3-1, R.6223-16 et \nR.6225-4 \u00e0 R.6225-8 du code \ndu travail \nD\u00e9p\u00f4t du contrat dans le secteur public non \nindustriel et commercial  \nArticles L. 6227-11, D. 6275-1, \nD.6275-2, R.6275-3, D.6275-4 \net D. 6275-5 du code du \ntravail); \nAide aux \nsalari\u00e9s plac\u00e9s \nen activit\u00e9 \npartielle \nD\u00e9cisions relatives au placement en activit\u00e9 \npartielle et \u00e0 son indemnisation. M\u00e9moires en \nd\u00e9fense relatifs \u00e0 l'activit\u00e9 partielle de droit \ncommun. \nArt. L.5122-1 et 2, R.5122-1 \u00e0 29 \nActivit\u00e9 \npartielle de \nlongue dur\u00e9e \n \n \nD\u00e9cision de validation ou de refus de validation \ndes accords collectifs d'activit\u00e9 partielle de \nlongue dur\u00e9e, d\u00e9cision d'homologation ou de \nrefus d'homologation des documents \nunilat\u00e9raux d'activit\u00e9 partielle de longue dur\u00e9e, \n\u00e0 l'exclusion des \u00e9tablissements dont le si\u00e8ge \nest en Seine-Saint-Denis et dont l'effectif \nconcern\u00e9 par l'accord est \u00e9gal ou sup\u00e9rieur \u00e0 \n250 (deux-cent-cinquante) salari\u00e9s ;  \n \nArticle 53 de la loi n\u00b02020-734 \ndu 17 juin 2020 relative \u00e0 \ndiverses dispositions li\u00e9es \u00e0 la \ncrise sanitaire, \u00e0 d'autres \nmesures urgentes ainsi qu'au \nretrait du Royaume-Uni de \nl'Union europ\u00e9enne ; \n  \nArticles 2 et 5 du d\u00e9cret \nn\u00b02020-926 du 28 juillet 2020 \nrelatif au dispositif sp\u00e9cifique \nd'activit\u00e9 partielle en cas de \nr\u00e9duction d'activit\u00e9 durable ; \n \nArticle R. 5122-4 du code du \ntravail ; \n \nD\u00e9cision d'autorisation de renouvellement ou \nde refus de renouvellement de la d\u00e9cision de \nvalidation de l'accord ou d'homologation du \ndocument d'activit\u00e9 partielle de longue dur\u00e9e ;  \nD\u00e9cision de retrait d'autorisation de placement \nen activit\u00e9 partielle de longue dur\u00e9e ; \nM\u00e9moires en d\u00e9fense relatifs \u00e0 l'activit\u00e9 \npartielle de longue dur\u00e9e \nEmploi \n \n \n \nConvention conclue avec des entreprises de \nmoins de 300 salari\u00e9s pour- faire proc\u00e9der \u00e0 \nune \u00e9tude de situation en terme d'\u00e9galit\u00e9 \nprofessionnelle \nArticle R.1143-1 du code du \ntravail  \nConvention FNE, notamment : d'allocation \ntemporaire d\u00e9gressive, d'allocation sp\u00e9ciale, de \ncong\u00e9 de conversion, de cellule de \nArticles L.5111-1 \u00e0 L.5111-3, \nL.5123-1 \u00e0 L.5123-9, L.1233-1, \nL.1233-3, L.1233-4, R.5112-11, et \nDirection r\u00e9gionale et interd\u00e9partementale de l'\u00e9conomie, de l'emploi, du travail et des solidarit\u00e9s d'\u00cele-de-France -\nIDF-2025-04-09-00008 - D\u00e9cision  n\u00b0 2025-073 du 9 avril 2025\nportant subd\u00e9l\u00e9gation de signature de Monsieur Marc Rohfritsch, Directeur r\u00e9gional et interd\u00e9partemental de l'\u00c9conomie, de l'Emploi,\ndu Travail et des Solidarit\u00e9s d'\u00cele-de-France\npar int\u00e9rim, aux agents de l'unit\u00e9 d\u00e9partementale de la Seine-Saint-Denis\n37\n7 / 9 \n \n \n \n \n \n \n \n \n \n \n \n \n \n \n \n \n \n \n \n \n \nreclassement, de formation et d'adaptation, \ncessation d'activit\u00e9 de certains travailleurs \nsalari\u00e9s \nL.5124-1, R.5123-3 et R.5111-1 et \nR.5111-2, R. 5123-1 \u00e0 R 5123-41 \ndu code du travail, circulaires \nDGEFP n\u00b02004-004 du 30 juin \n2004 et n\u00b02008-09 du 19 juin \n2008 \nD\u00e9cision d'agr\u00e9ment des accords et \nconventions d'aide \u00e0 l'adaptation des salari\u00e9s \naux \u00e9volutions de l'emploi \nArticles L.5121-4 et L. 5121-5 et \nR.5121-14 \u00e0 R. 5121-18 du code \ndu travail \nConvention d'appui \u00e0 l'\u00e9laboration d'un plan \nde gestion pr\u00e9visionnelle de l'emploi et des \ncomp\u00e9tences pour pr\u00e9parer les entreprises \u00e0 la \nGPEC \nArticles L.5121-3, D.5121-4 \u00e0 \nD.5121-13 du code du travail \nConvention d'engagement de d\u00e9veloppement \nde l'emploi et des comp\u00e9tences \nArticles L.5121-1, L.5121-23, \nD.5121-1 \u00e0 D.5121-3 du code du \ntravail \nNotification d'assujettissement \u00e0 l'obligation \nd'une convention de revitalisation \nArticles L.1233-84 \u00e0 L.1233-89, \nD.1233-37, D.1233-38, D.1233-\n45 et  D.1233-46 du code du \ntravail \nDispositif local d'accompagnement \u2013 DLA- Article 61 de la loi n\u00b02014 -856 \ndu 31 juillet 2014 relative \u00e0 \nl'\u00e9conomie sociale et solidaire \net d\u00e9cret n\u00b02015 -1103 du 1 er \nseptembre 2015 relatif au \ndispositif local \nd'accompagnement \nAttribution, extension, renouvellement, retrait \nd'agr\u00e9ment d'une association ou d'une \nentreprise de services \u00e0 la personne \nArticles L.7232-1 et suivants du \ncode du travail \nConventionnement des missions locales Articles L. 5314-1 \u00e0 L. 5314-4 du \ncode du travail \nConvention relative \u00e0 l'insertion par l'activit\u00e9 \n\u00e9conomique \nArticles L.5132-2 et L.5132 -4, \nL.5132- L.5132-5, L.5132 -7, \nL.5132-8, L.5132-15, L.5132-16, R. \n5132-4 \u00e0 R. 5132-6, R. 5132- 15 et \nR. 5132-16, R.  5132-22, R.  5132-\n23, R.  5132-32 et R.  5132-33, \nR. 5132-36, R.  5132- 38 \u00e0 \nR. 5132- 47 du code du travail \nD\u00e9cision d'admission \u00e0 titre conservatoire ou \u00e0 \ntitre d\u00e9rogatoire, de prolongation, de \nsuspension ou de suppression de la garantie \njeunes \nArticles L.5131-5, L.5131-6, \nR.5131-17 et R.5131-18 du code \ndu travail \nAttribution, extension, renouvellement et \nretrait d'agr\u00e9ment \u00ab entreprises solidaires \nd'utilit\u00e9 sociale \u00bb \nArticle R 3332- 21-3 du code du \ntravail \nGarantie de \nressources des \ntravailleurs \npriv\u00e9s \nd'emploi \nExclusion ou r\u00e9duction temporaire ou d\u00e9finitive \ndu revenu de remplacement \nArticles L.5426- 2 \u00e0 L.5426-9, \nR.5426-1 \u00e0 R.5426-17 du code \ndu travail  \nDirection r\u00e9gionale et interd\u00e9partementale de l'\u00e9conomie, de l'emploi, du travail et des solidarit\u00e9s d'\u00cele-de-France -\nIDF-2025-04-09-00008 - D\u00e9cision  n\u00b0 2025-073 du 9 avril 2025\nportant subd\u00e9l\u00e9gation de signature de Monsieur Marc Rohfritsch, Directeur r\u00e9gional et interd\u00e9partemental de l'\u00c9conomie, de l'Emploi,\ndu Travail et des Solidarit\u00e9s d'\u00cele-de-France\npar int\u00e9rim, aux agents de l'unit\u00e9 d\u00e9partementale de la Seine-Saint-Denis\n38\n8 / 9 \nFormation \nprofessionnelle \net certification \nRemboursement des r\u00e9mun\u00e9rations per\u00e7ues \npar les stagiaires AFPA abandonnant, sans motif \nvalable, leur stage de formation \nArticles R.6341-45 \u00e0 6341-48 du \ncode du travail \nObligation \nd'emploi des \ntravailleurs en \nsituation de \nhandicap \nSanction administrative pour non-respect des \nobligations d'emploi \nArticles L.5212-12 et R.5212-31 \ndu code du travail  \nAgr\u00e9ment des accords de groupe, d'entreprise \nou d'\u00e9tablissement en faveur des travailleurs \nhandicap\u00e9s \nArticles L.5212-8 et R.5212-15 \ndu code du travail  \nTravailleurs en \nsituation de \nhandicap \nSubvention d'installation d'un travailleur \nhandicap\u00e9 \nArticles R.5213-52, D.5213-53 \u00e0 \nD.5213- 61 du code du travail  \nAides financi\u00e8res pour l'adaptation du lieu de \ntravail et pour le renforcement de \nl'encadrement des travailleurs handicap\u00e9s \nArticles L.5213-10 ; R.5213.33 \u00e0 \nR.5213.38 du code du travail \nM\u00e9dailles \nd'honneur du \ntravail \nAttribution de la m\u00e9daille d'honneur du travail \n(secteur priv\u00e9) \nD\u00e9cret n\u00b084-591 du 4 juillet \n1984 modifi\u00e9 relatif \u00e0 la \nm\u00e9daille d'honneur du travail \n \nArticle 2 \n \nEn cas d'absence ou d'emp\u00eachement de David SOUBRI\u00c9 , la subd\u00e9l\u00e9gation de signature sera exerc\u00e9e \npar : \n \n- Madame Laurence DEGENNE-SHORTEN, directrice adjointe de l'unit\u00e9 d\u00e9partementale \nde Seine-Saint-Denis ; \n- Monsieur Matthieu CHAPELON , responsable du p\u00f4le \u00ab  Entreprises, Emploi et \nsolidarit\u00e9s \u00bb ; \n- Monsieur Alexandre AZARI, responsable du p\u00f4le \u00ab Politiques du travail \u00bb ; \n- Monsieur Pierre -Yves HANNUS, chef du service d'appui du syst\u00e8me d'inspection du \ntravail. \n \nEt dans la limite de leurs attributions, par : \n \n- Monsieur Th\u00e9o COPPEL, chef du d\u00e9partement \u00ab protection et insertion des jeunes \u00bb \n; \n- Monsieur Yves DOUBLIER, chef du d\u00e9partement accompagnement des entreprises ; \n- Madame M\u00e9lissa CHOLLET -MAKOUCHE, cheffe du service \u00ab d\u00e9veloppement de \nl'emploi et des comp\u00e9tences \u00bb, adjointe \u00e0 la cheffe du d\u00e9partement accompagnement \ndes entreprises ; \n- Monsieur Sayaf EL -MABROUK, chef du service \u00ab int\u00e9gration \u00bb, adjoint au chef du \nd\u00e9partement protection et insertion des jeunes  \n- Madame Ang\u00e9 lica TRINDADE -CHADEAU, cheffe du d\u00e9partement \u00ab  animation \nterritoriale \u00bb ; \n- Madame Elodie ALMERAS, cheffe du d\u00e9partement \u00ab protection et insertion des \nadultes \u00bb. \n \nArticle 3 \n \nSont exclus de la d\u00e9l\u00e9gation consentie \u00e0 l'article 1 du pr\u00e9sent arr\u00eat\u00e9 : \n \n- Les arr\u00eat\u00e9s ayant un caract\u00e8re r\u00e9glementaire de port\u00e9e g\u00e9n\u00e9rale ; \n- Les circulaires et instructions g\u00e9n\u00e9rales adress\u00e9es aux maires du d\u00e9partement et aux pr\u00e9sidents \nDirection r\u00e9gionale et interd\u00e9partementale de l'\u00e9conomie, de l'emploi, du travail et des solidarit\u00e9s d'\u00cele-de-France -\nIDF-2025-04-09-00008 - D\u00e9cision  n\u00b0 2025-073 du 9 avril 2025\nportant subd\u00e9l\u00e9gation de signature de Monsieur Marc Rohfritsch, Directeur r\u00e9gional et interd\u00e9partemental de l'\u00c9conomie, de l'Emploi,\ndu Travail et des Solidarit\u00e9s d'\u00cele-de-France\npar int\u00e9rim, aux agents de l'unit\u00e9 d\u00e9partementale de la Seine-Saint-Denis\n39\n9 / 9 \ndes \u00e9tablissements publics territoriaux. \n \nArticle 4 \n \nLes d\u00e9cisions relatives \u00e0 la pr\u00e9sente d\u00e9l\u00e9gation ainsi que toutes les correspondances ou actes relatifs aux \ndossiers instruits par la direction r\u00e9gionale et interd\u00e9partementale de l'\u00e9conomie, de l'emploi, du travail \net des solidarit\u00e9s d'\u00cele-de- France doivent \u00eatre sign\u00e9s dans les conditions suivantes : \n \nPOUR LE PR\u00c9FET DE LA SEINE-SAINT-DENIS \nET PAR SUBD\u00c9L\u00c9GATION \n(suivi de la fonction, du pr\u00e9nom et du nom du b\u00e9n\u00e9ficiaire de la subd\u00e9l\u00e9gation) et adress\u00e9s sous le timbre \nsuivant : \n \nPR\u00c9FET DE LA SEINE-SAINT-DENIS \nDirection r\u00e9gionale et interd\u00e9partementale de l'\u00e9conomie, de l'emploi, du travail et des solidarit\u00e9s d'\u00cele-\nde-France \n \nArticle 4 \n \nUne copie de cette d\u00e9cision de subd\u00e9l\u00e9gation sera adress\u00e9e \u00e0 la pr\u00e9fecture de la Seine-Saint-Denis. \n \n \nArticle 5 \n \nLa d\u00e9cision prend effet \u00e0 la date de sa publication et abroge la d\u00e9cision n\u00b0 2025-065 du 4 avril 2025. \n \n \nArticle 6 \n \nLe Directeur r\u00e9gional et interd\u00e9partemental de l'\u00e9conomie, de l'emploi, du travail et des solidarit\u00e9s d'\u00cele-\nde-France et les subd\u00e9l\u00e9gataires mentionn\u00e9s ci-dessus, sont charg\u00e9s, chacun  en ce qui l e concerne, de \nl'ex\u00e9cution de la pr\u00e9sente d\u00e9cision qui sera publi\u00e9e aux recueils des actes administratifs de la pr\u00e9fecture \nde la r\u00e9gion et de la pr\u00e9fecture de la Seine-Saint-Denis. \n \n \nFait \u00e0 Aubervilliers le 9 avril 2025 \n \nLe Directeur r\u00e9gional et interd\u00e9partemental de \nl'\u00e9conomie, de l'emploi, du travail et des \nsolidarit\u00e9s par int\u00e9rim \n \nSIGN\u00c9 \n \nMarc ROHFRITSCH \n \nDirection r\u00e9gionale et interd\u00e9partementale de l'\u00e9conomie, de l'emploi, du travail et des solidarit\u00e9s d'\u00cele-de-France -\nIDF-2025-04-09-00008 - D\u00e9cision  n\u00b0 2025-073 du 9 avril 2025\nportant subd\u00e9l\u00e9gation de signature de Monsieur Marc Rohfritsch, Directeur r\u00e9gional et interd\u00e9partemental de l'\u00c9conomie, de l'Emploi,\ndu Travail et des Solidarit\u00e9s d'\u00cele-de-France\npar int\u00e9rim, aux agents de l'unit\u00e9 d\u00e9partementale de la Seine-Saint-Denis\n40\nDirection r\u00e9gionale et interd\u00e9partementale de\nl'\u00e9conomie, de l'emploi, du travail et des\nsolidarit\u00e9s d'\u00cele-de-France\nIDF-2025-04-09-00009\nD\u00e9cision  n\u00b02025-060 du 9 avril 2025\nPortant subd\u00e9l\u00e9gation de signature de Monsieur\nMarc Rohfritsch, Directeur r\u00e9gional et\ninterd\u00e9partemental de l'\u00c9conomie, de l'Emploi,\ndu Travail et des Solidarit\u00e9s d'\u00cele-de-France par\nint\u00e9rim, aux agents de l'unit\u00e9 du Val-de-Marne\nDirection r\u00e9gionale et interd\u00e9partementale de l'\u00e9conomie, de l'emploi, du travail et des solidarit\u00e9s d'\u00cele-de-France -\nIDF-2025-04-09-00009 - D\u00e9cision  n\u00b02025-060 du 9 avril 2025\nPortant subd\u00e9l\u00e9gation de signature de Monsieur Marc Rohfritsch, Directeur r\u00e9gional et interd\u00e9partemental de l'\u00c9conomie, de l'Emploi,\ndu Travail et des Solidarit\u00e9s d'\u00cele-de-France par int\u00e9rim, aux agents de l'unit\u00e9 du Val-de-Marne\n41\nExPR\u00c9FET _DE LA R\u00c9GIOND'\u00ceLE-DE-FRANCELibert\u00e9Egalit\u00e9Fraternit\u00e9\n Direction r\u00e9gionale et interd\u00e9partementale \nde l'\u00e9conomie, de l'emploi, \ndu travail et des solidarit\u00e9s  \n \n \n \n \n \nDRIEETS d'Ile-de-France  \n21 rue Madeleine Vionnet  \n93300 AUBERVILLIERS \n \n \n           D\u00c9CISION n\u00b02025-060 du 9 avril 2025 \n \nPortant subd\u00e9l\u00e9gation de signature de Monsieur Marc Rohfritsch, Directeur r\u00e9gional et \ninterd\u00e9partemental de l'\u00c9conomie, de l'Emploi, du Travail et des Solidarit\u00e9s d'\u00cele -de-France \npar int\u00e9rim, aux agents de l'unit\u00e9 du Val-de-Marne \n \n \nLE PR\u00c9FET DE LA R\u00c9GION D'\u00ceLE-DE-FRANCE \nPR\u00c9FET DE PARIS \nCOMMANDEUR DE LA L\u00c9GION D'HONNEUR \nOFFICIER DE L'ORDRE NATIONAL DU MERITE \n \nLe Directeur r\u00e9gional et interd\u00e9partemental de l'\u00e9conomie, de l'emploi, du travail et des solidarit\u00e9s d'\u00cele-\nde-France, \n \nVu le code de justice administrative ; \n \nVu le code de l'action sociale et des familles ; \n \nVu le code de la commande publique ; \n \nVu le code du commerce ; \n \nVu le code de la consommation ; \n \nVu le code de la s\u00e9curit\u00e9 sociale ; \n \nVu le code du tourisme ; \n \nVu le code du travail ; \n \nVu la loi du 4 juillet 1837 modifi\u00e9e relative aux poids et mesures ;  \n \nVu la loi n\u00b0 82 -213 du 2 mars 1982 modifi\u00e9e relative aux droits et libert\u00e9s des communes, des \nd\u00e9partements et des r\u00e9gions ; \n \nVu le d\u00e9cret n\u00b0 2004-374 du 29 avril 2004 modifi\u00e9 relatif aux pouvoirs des pr\u00e9fets, \u00e0 l'organisation et \u00e0 \nl'action des services de l'Etat dans les r\u00e9gions et d\u00e9partements ; \n \nVu le d\u00e9cret n\u00b0 2010 -687 du 24 juin 2010 modifi\u00e9 relatif \u00e0 l'organisation et aux missions des services de \nl'\u00c9tat dans la r\u00e9gion et les d\u00e9partements d'Ile-de-France et notamment ses articles 20-1 et 20-2 ; \n \nVu le d\u00e9cret n\u00b0 2013-571 du 1er juillet 2013 modifi\u00e9 autorisant les ministres charg\u00e9s des affaires sociales, \nde la sant\u00e9, des sports, de la jeunesse, de l'\u00e9ducation populaire et de la vie associative \u00e0 d\u00e9l\u00e9guer certains \nde leurs pouvoirs pour le recrutement et la gestion d'agents plac\u00e9s sous leur autorit\u00e9 ;  \nDirection r\u00e9gionale et interd\u00e9partementale de l'\u00e9conomie, de l'emploi, du travail et des solidarit\u00e9s d'\u00cele-de-France -\nIDF-2025-04-09-00009 - D\u00e9cision  n\u00b02025-060 du 9 avril 2025\nPortant subd\u00e9l\u00e9gation de signature de Monsieur Marc Rohfritsch, Directeur r\u00e9gional et interd\u00e9partemental de l'\u00c9conomie, de l'Emploi,\ndu Travail et des Solidarit\u00e9s d'\u00cele-de-France par int\u00e9rim, aux agents de l'unit\u00e9 du Val-de-Marne\n42\n \n 2 \n \nVu l'arr\u00eat\u00e9 du 25 novembre 2014 portant d\u00e9l\u00e9gation de certains pouvoirs de recrutement et de gestion \nd'agents relevant du ministre charg\u00e9 du travail et de l'emploi ; \n \nVu le d\u00e9cret n\u00b0 2015-510 du 7 mai 2015 portant charte de la d\u00e9concentration ; \n \nVu l'arr\u00eat\u00e9 du 29 d\u00e9cembre 2016 fixant la liste des actes relatifs \u00e0 la situation individuelle des agents \npublics exer\u00e7ant leurs fonctions dans les services d\u00e9concentr\u00e9s des administrations civiles de l'\u00c9tat pour \nlesquels l'avis du chef de service d\u00e9concentr\u00e9 sous l'autorit\u00e9 duquel sont plac\u00e9s ces personnels est requis \npr\u00e9alablement \u00e0 leur \u00e9diction ; \n \nVu l'arr\u00eat\u00e9 du 29 d\u00e9cembre 2016 portant d\u00e9concentration des actes relatifs \u00e0 la situation individuelle \ndes agents publics exer\u00e7ant leurs fonctions dans les services d\u00e9concentr\u00e9s des administrations civiles de \nl'\u00c9tat au sens de  l'article 15 du d\u00e9cret n\u00b0 2004 -374 du 29 avril 2004 modifi\u00e9 relatif aux pouvoirs des \npr\u00e9fets, \u00e0 l'organisation et \u00e0 l'action des services de l'\u00c9tat dans les r\u00e9gions et d\u00e9partements ; \n \nVu le d\u00e9cret du 22 juillet 2020 portant nomination de Monsieur Marc GUILLAUME en qualit\u00e9 de pr\u00e9fet \nde la r\u00e9gion d'\u00cele-de-France, pr\u00e9fet de Paris ; \n \nVu le d\u00e9cret n\u00b0 2020 -1545 du 9 d\u00e9cembre 2020 relatif \u00e0 l'organisation et aux missions des directions \nr\u00e9gionales de l'\u00e9conomie, de l'emploi, du travail et des solidarit\u00e9s, des directions d\u00e9partementales de \nl'emploi, du travail et  des solidarit\u00e9s et des directions d\u00e9partementales de l'emploi, du travail, des \nsolidarit\u00e9s et de la protection des populations ; \n \nVu l'arr\u00eat\u00e9 interminist\u00e9riel du 28 f\u00e9vrier 2025 reconduisant Monsieur Didier TILLET, directeur r\u00e9gional et \ninterd\u00e9partemental adjoint de l'\u00e9conomie, de l'emploi, du travail et des solidarit\u00e9s d'\u00cele -de-France, sur \nl'emploi de directeur de l'unit\u00e9 d\u00e9partementale du Val de Marne, \n \nVu l'arr\u00eat\u00e9 interminist\u00e9riel du 19 juin 2023 nommant Madame Fr\u00e9d\u00e9rique CHADEL sur l'emploi de \ndirecteur adjoint de l'unit\u00e9 d\u00e9partementale du Val-de-Marne, \n \nVu l'arr\u00eat\u00e9 interminist\u00e9riel du 20 mars 2025 nommant Marc ROHFRITSCH directeur r\u00e9gional et \ninterd\u00e9partemental de l'\u00e9conomie, de l'emploi, du travail et des solidarit\u00e9s d'\u00cele-de-France par int\u00e9rim \u00e0 \ncompter du 1er avril 2025, \n \nVu l'arr\u00eat\u00e9 l'arr\u00eat\u00e9 IDF -2025-04-04-00007 du 4 avril 2025  de Monsieur Marc GUILLAUME, Pr\u00e9fet de la \nr\u00e9gion d'Ile de France, Pr\u00e9fet de Paris, portant d\u00e9l\u00e9gation de signature \u00e0 Monsieur Marc ROHFRITSCH, \nDirecteur r\u00e9gional et interd\u00e9partemental de l'\u00c9conomie, de l'Emploi, du Travail et des Solidarit\u00e9s d'Ile -\nde-France (DRIEETS) par int\u00e9rim en mati\u00e8re administrative, \n \n \nD\u00e9cide \n \n \nArticle 1  \n \nSubd\u00e9l\u00e9gation de signature est donn\u00e9e \u00e0 Monsieur Didier TILLET,  directeur de l'unit\u00e9 d\u00e9partementale \ndu Val-de-Marne, \u00e0 effet de signer dans le cadre de ses attributions, tous les actes, arr\u00eat\u00e9s, d\u00e9cisions, \nconventions, circulaires, rapports, correspondances dans le champ des comp\u00e9tences que la pr\u00e9fecture \nde r\u00e9gion d\u00e9l\u00e8gue \u00e0 la direction r\u00e9gionale et interd\u00e9partementale  de l'\u00e9conomie, de l'emploi, du travail \net des solidarit\u00e9s d'Ile -de-France (DRIEETS) \u00e0 l'exclusion des actes mentionn\u00e9s \u00e0 l'article 3 du pr\u00e9sent \narr\u00eat\u00e9. \n \nDirection r\u00e9gionale et interd\u00e9partementale de l'\u00e9conomie, de l'emploi, du travail et des solidarit\u00e9s d'\u00cele-de-France -\nIDF-2025-04-09-00009 - D\u00e9cision  n\u00b02025-060 du 9 avril 2025\nPortant subd\u00e9l\u00e9gation de signature de Monsieur Marc Rohfritsch, Directeur r\u00e9gional et interd\u00e9partemental de l'\u00c9conomie, de l'Emploi,\ndu Travail et des Solidarit\u00e9s d'\u00cele-de-France par int\u00e9rim, aux agents de l'unit\u00e9 du Val-de-Marne\n43\n \n 3 \nAucune subd\u00e9l\u00e9gation ne pourra \u00eatre op\u00e9r\u00e9e par le directeur d'unit\u00e9 concernant la signature des \nconventions attributives de subventions accord\u00e9es au titre du fond d\u00e9partemental pour l'insertion (FDI), \ndans le cadre de l'insertion par l'activit\u00e9 \u00e9conomique (IAE). \n \nUne copie de cette d\u00e9cision de subd\u00e9l\u00e9gation sera adress\u00e9e au directeur r\u00e9gional et interd\u00e9partemental \nde l'\u00e9conomie, de l'emploi, du travail et des solidarit\u00e9s d'\u00cele-de-France. \n \nArticle 2  \n \nEn cas d'absence ou d'emp\u00eachement du directeur de l'unit\u00e9 d\u00e9partementale concern\u00e9e, la \nsubd\u00e9l\u00e9gation de signature, est exerc\u00e9e par les personnes ci-dessous mentionn\u00e9es, dans la limite de leurs \ncomp\u00e9tences : \n \n- Mme Fr\u00e9d\u00e9rique CHADEL, directrice adjointe de l'unit\u00e9 d\u00e9partementale ; \n- Mme Virginie RUE, responsable du p\u00f4le \u00ab entreprises, emploi, solidarit\u00e9s \u00bb ; \n- Joseph-Marie NDZANAH, responsable du p\u00f4le \u00ab politique du travail \u00bb ; \n- M. Jean-No\u00ebl PONZEVERA, adjoint au responsable du p\u00f4le \u00ab politique du travail \u00bb. \n \n \nArticle 3 \n \nSont exclus de la d\u00e9l\u00e9gation consentie \u00e0 l'article 1 : \n \n- Les conventions avec les collectivit\u00e9s territoriales et leurs \u00e9tablissements publics ; \n- Les conventions des appels \u00e0 projets r\u00e9gionaux du plan d'investissement dans les comp\u00e9tences \n; \n- Les conventions pluriannuelles d'objectifs (CPO) des missions locales, except\u00e9 les avenants \npour les soldes annuels ; \n- Les m\u00e9moires en d\u00e9fense pr\u00e9sent\u00e9s au nom de l'\u00c9tat \u00e0 l'occasion des recours form\u00e9s devant les \njuridictions administratives et n\u00e9s de l'activit\u00e9 de la DRIEETS, de la DIRECCTE ou de la DRCS \nd'Ile-de-France, sauf en ce qui concerne ceux n\u00e9s de l'exercice des comp\u00e9tences propres \nexerc\u00e9es par le directeur r\u00e9gional de la DIRECCTE ou le Directeur r\u00e9gional et \ninterd\u00e9partemental de la DRIEETS ou des agents qui lui sont hi\u00e9rarchiquement rattach\u00e9s, en \nmati\u00e8re d'accompagnement des restructurations d'entreprise et d'ins pection de la l\u00e9gislation \ndu travail, de mesures de police administrative prises en application du code de commerce et \ndu code de la consommation et en mati\u00e8re de m\u00e9trologie l\u00e9gale, ainsi que dans les cas de \nproc\u00e9dure d'urgence pr\u00e9vus au livre V du code de justice administrative ; \n- Les correspondances avec les parlementaires, les anciens ministres, les conseillers r\u00e9gionaux et \nd\u00e9partementaux, les pr\u00e9sidents des associations des maires, la maire de Paris et les maires des \ncommunes chefs-lieux de d\u00e9partement ; \n- Les correspondances entrant dans le cadre de la n\u00e9gociation du contrat de plan \u00c9tat r\u00e9gion ;  \n \nPar ailleurs, une copie de toutes correspondances destin\u00e9es aux autres \u00e9lus, maires, conseillers \nmunicipaux ainsi que de celles concernant le contr\u00f4le de l\u00e9galit\u00e9 et les m\u00e9moires produits dans le cadre \ndes proc\u00e9dures d'urgence susmentionn\u00e9es, sera simultan\u00e9ment adress\u00e9e au pr\u00e9fet de la r\u00e9gion d'Ile-de-\nFrance. \n \n \nArticle 4 \n \nLa pr\u00e9sente d\u00e9cision de d\u00e9l\u00e9gation de signature porte abrogation de la d\u00e9cision n\u00b0 2025-027 du 17 mars \n2025. \n \nDirection r\u00e9gionale et interd\u00e9partementale de l'\u00e9conomie, de l'emploi, du travail et des solidarit\u00e9s d'\u00cele-de-France -\nIDF-2025-04-09-00009 - D\u00e9cision  n\u00b02025-060 du 9 avril 2025\nPortant subd\u00e9l\u00e9gation de signature de Monsieur Marc Rohfritsch, Directeur r\u00e9gional et interd\u00e9partemental de l'\u00c9conomie, de l'Emploi,\ndu Travail et des Solidarit\u00e9s d'\u00cele-de-France par int\u00e9rim, aux agents de l'unit\u00e9 du Val-de-Marne\n44\n \n 4 \nArticle 5 \n \nLe Directeur r\u00e9gional et interd\u00e9partemental de l'\u00e9conomie, de l'emploi, du travail et des solidarit\u00e9s d'\u00cele-\nde-France est charg\u00e9 de l'ex\u00e9cution de la pr\u00e9sente d\u00e9cision qui sera publi\u00e9e au recueil des actes \nadministratifs de la r\u00e9gion Ile-de-France. \n  \n \nFait \u00e0 Aubervilliers le 9 avril 2025 \n \nLe Directeur r\u00e9gional et interd\u00e9partemental \nde l'\u00e9conomie, de l'emploi, du travail et des \nsolidarit\u00e9s par int\u00e9rim \n \nSIGN\u00c9 \n \nMarc ROHFRITSCH \n \n \nDirection r\u00e9gionale et interd\u00e9partementale de l'\u00e9conomie, de l'emploi, du travail et des solidarit\u00e9s d'\u00cele-de-France -\nIDF-2025-04-09-00009 - D\u00e9cision  n\u00b02025-060 du 9 avril 2025\nPortant subd\u00e9l\u00e9gation de signature de Monsieur Marc Rohfritsch, Directeur r\u00e9gional et interd\u00e9partemental de l'\u00c9conomie, de l'Emploi,\ndu Travail et des Solidarit\u00e9s d'\u00cele-de-France par int\u00e9rim, aux agents de l'unit\u00e9 du Val-de-Marne\n45\nDirection r\u00e9gionale et interd\u00e9partementale de\nl'\u00e9conomie, de l'emploi, du travail et des\nsolidarit\u00e9s d'\u00cele-de-France\nIDF-2025-04-09-00001\nD\u00e9cision n\u00b0 2025-056 du 9 avril 2025\nportant subd\u00e9l\u00e9gation de signature de Monsieur\nMarc Rohfritsch, Directeur r\u00e9gional et\ninterd\u00e9partemental de l'\u00c9conomie, de l'Emploi,\ndu Travail et des Solidarit\u00e9s d'\u00cele-de-France\npar int\u00e9rim, aux agents de l'unit\u00e9 r\u00e9gionale\nDirection r\u00e9gionale et interd\u00e9partementale de l'\u00e9conomie, de l'emploi, du travail et des solidarit\u00e9s d'\u00cele-de-France -\nIDF-2025-04-09-00001 - D\u00e9cision n\u00b0 2025-056 du 9 avril 2025\nportant subd\u00e9l\u00e9gation de signature de Monsieur Marc Rohfritsch, Directeur r\u00e9gional et interd\u00e9partemental de l'\u00c9conomie, de l'Emploi,\ndu Travail et des Solidarit\u00e9s d'\u00cele-de-France\npar int\u00e9rim, aux agents de l'unit\u00e9 r\u00e9gionale\n46\nPREFET .DE LA REGIOND'\u00ceLE-DE-FRANCEL ibert\u00e9Egalit\u00e9Fraternit\u00e9\n Direction r\u00e9gionale et interd\u00e9partementale \nde l'\u00e9conomie, de l'emploi, \ndu travail et des solidarit\u00e9s  \n \n \nDRIEETS Ile de France  \n21 rue Madeleine Vionnet  \n93300 AUBERVILLIERS \n \n \n            \n \n D\u00c9CISION n\u00b0 2025-056 du 9 avril 2025  \n \nPortant subd\u00e9l\u00e9gation de signature de Monsieur Marc Rohfritsch, Directeur r\u00e9gional et \ninterd\u00e9partemental de l'\u00c9conomie, de l'Emploi, du Travail et des Solidarit\u00e9s d'\u00cele -de-France \npar int\u00e9rim, aux agents de l'unit\u00e9 r\u00e9gionale \n \n \nLE PR\u00c9FET DE LA R\u00c9GION D'\u00ceLE-DE-FRANCE \nPR\u00c9FET DE PARIS \nCOMMANDEUR DE LA L\u00c9GION D'HONNEUR \nOFFICIER DE L'ORDRE NATIONAL DU M\u00c9RITE \n \n \nLe Directeur r\u00e9gional et interd\u00e9partemental de l'\u00e9conomie, de l'emploi, du travail et des solidarit\u00e9s d'\u00cele-\nde-France, \n \nVu le code g\u00e9n\u00e9ral de fonction publique, notamment son article L.323-1 ; \n \nVu le code de l'action sociale et des familles ; \n \nVu le code de la commande publique ; \n \nVu le code de commerce ; \n \nVu le code de la consommation ; \n \nVu le code de justice administrative ; \n \nVu le code de la s\u00e9curit\u00e9 sociale ; \n \nVu le code du tourisme ; \n \nVu le code du travail ; \n \nVu la loi du 4 juillet 1837 modifi\u00e9e relative aux poids et mesures ;  \n \nVu la loi n\u00b0 82 -213 du 2 mars 1982 modifi\u00e9e relative aux droits et libert\u00e9s des communes, des \nd\u00e9partements et des r\u00e9gions ; \n \nVu le d\u00e9cret n\u00b0 2004 -374 du 29 avril 2004 modifi\u00e9 relatif aux pouvoirs des pr\u00e9fets, \u00e0 l'organisation et \u00e0 \nl'action des services de l'\u00c9tat dans les r\u00e9gions et d\u00e9partements ; \n \nVu le d\u00e9cret n\u00b0 2010-687 du 24 juin 2010 modifi\u00e9 relatif \u00e0 l'organisation et aux missions des services de \nl'\u00c9tat dans la r\u00e9gion et les d\u00e9partements d'Ile-de-France et notamment ses articles 20-1 et 20-2 ; \n \nDirection r\u00e9gionale et interd\u00e9partementale de l'\u00e9conomie, de l'emploi, du travail et des solidarit\u00e9s d'\u00cele-de-France -\nIDF-2025-04-09-00001 - D\u00e9cision n\u00b0 2025-056 du 9 avril 2025\nportant subd\u00e9l\u00e9gation de signature de Monsieur Marc Rohfritsch, Directeur r\u00e9gional et interd\u00e9partemental de l'\u00c9conomie, de l'Emploi,\ndu Travail et des Solidarit\u00e9s d'\u00cele-de-France\npar int\u00e9rim, aux agents de l'unit\u00e9 r\u00e9gionale\n47\n \n 2 / 6 \n \nVu le d\u00e9cret n\u00b0 2013-571 du 1er juillet 2013 modifi\u00e9 autorisant les ministres charg\u00e9s des affaires sociales, \nde la sant\u00e9, des sports, de la jeunesse, de l'\u00e9ducation populaire et de la vie associative \u00e0 d\u00e9l\u00e9guer certains \nde leurs pouvoirs pour le recrutement et la gestion d'agents plac\u00e9s sous leur autorit\u00e9 ; \n \nVu le d\u00e9cret n\u00b0 2015-510 du 7 mai 2015 modifi\u00e9 portant charte de la d\u00e9concentration ;  \n \nVu le d\u00e9cret du 22 juillet 2020 portant nomination de Monsieur Marc GUILLAUME en qualit\u00e9 de pr\u00e9fet \nde la r\u00e9gion d'\u00cele-de-France, pr\u00e9fet de Paris ; \n \nVu le d\u00e9cret n\u00b0 2020 -1545 du 9 d\u00e9cembre 2020 modifi\u00e9 relatif \u00e0 l'organisation et aux missions des \ndirections r\u00e9gionales de l'\u00e9conomie, de l'emploi, du travail et des solidarit\u00e9s, des directions \nd\u00e9partementales de l'emploi, du travail et des solidarit\u00e9s et des directions d\u00e9partementales de l'emploi, \ndu travail, des solidarit\u00e9s et de la protection des populations ; \n \nVu l'arr\u00eat\u00e9 du 25 novembre 2014 modifi\u00e9 portant d\u00e9l\u00e9gation de certains pouvoirs de recrutement et de \ngestion d'agents relevant du ministre charg\u00e9 du travail et de l'emploi ; \n \nVu l'arr\u00eat\u00e9 du 29 d\u00e9cembre 2016 fixant la liste des actes relatifs \u00e0 la situation individuelle des agents \npublics exer\u00e7ant leurs fonctions dans les services d\u00e9concentr\u00e9s des administrations civiles de l'Etat pour \nlesquels l'avis du chef de service d\u00e9concentr\u00e9 sous l'autorit\u00e9 duquel sont plac\u00e9s ces personnels est requis \npr\u00e9alablement \u00e0 leur \u00e9diction ; \n \nVu l'arr\u00eat\u00e9 du 29 d\u00e9cembre 2016 modifi\u00e9 portant d\u00e9concentration des actes relatifs \u00e0 la situation \nindividuelle des agents publics exer\u00e7ant leurs fonctions dans les services d\u00e9concentr\u00e9s des \nadministrations civiles de l'Etat au sens de l'article 15 du d\u00e9cre t n\u00b0 2004 -374 du 29 avril 2004 modifi\u00e9 \nrelatif aux pouvoirs des pr\u00e9fets, \u00e0 l'organisation et \u00e0 l'action des services de l' \u00c9tat dans les r\u00e9gions et \nd\u00e9partements ; \n \nVu l'arr\u00eat\u00e9 interminist\u00e9riel du 29 mars 2021  nommant Murielle LIZZI  directrice r\u00e9gionale et \ninterd\u00e9partementale adjointe de l'\u00c9conomie, de l'Emploi, du Travail et des Solidarit\u00e9s d'\u00cele -de-France, \ncharg\u00e9e des fonctions de responsable du p\u00f4le Concurrence, Consommation, R\u00e9pression des fraudes et \nM\u00e9trologie l\u00e9gale ; \n \nVu l'arr\u00eat\u00e9 interminist\u00e9riel du 24 mai 2023 nommant Alexandre MARTINET directeur r\u00e9gional et \ninterd\u00e9partemental adjoint de l'\u00e9conomie, de l'emploi, du travail et des solidarit\u00e9s d'\u00cele -de-France, \ncharg\u00e9 des fonctions de directeur r\u00e9gional d\u00e9l\u00e9gu\u00e9 ; \n \nVu l'arr\u00eat\u00e9 interminist\u00e9riel du 17 mai 2024 nommant M\u00e9lanie CACHET directrice r\u00e9gionale et \ninterd\u00e9partementale adjointe de l'\u00e9conomie, de l'emploi, du travail et des solidarit\u00e9s d'\u00cele -de-France, \ncharg\u00e9e des fonctions de directrice de cabinet ; \n \nVu l'arr\u00eat\u00e9 interminist\u00e9riel du 14 f\u00e9vrier 2025 nommant Jean -Fran\u00e7ois DALVAI directeur r\u00e9gional et \ninterd\u00e9partemental adjoint de l'\u00e9conomie, de l'emploi, du travail et des solidarit\u00e9s d'\u00cele -de-France, \ncharg\u00e9 des fonctions de responsable du p\u00f4le politiques du travail ; \n \nVu l'arr\u00eat\u00e9 interminist\u00e9riel du 20 mars 2025 nommant Marc ROHFRITSCH directeur r\u00e9gional et \ninterd\u00e9partemental de l'\u00e9conomie, de l'emploi, du travail et des solidarit\u00e9s d'\u00cele-de-France par int\u00e9rim \u00e0 \ncompter du 1er avril 2025, \n \nVu l'arr\u00eat\u00e9 pr\u00e9fectoral du 30 mars 2021 portant organisation de la direction r\u00e9gionale et \ninterd\u00e9partementale de l'\u00e9conomie, de l'emploi, du travail et des solidarit\u00e9s d'Ile-de-France ; \nDirection r\u00e9gionale et interd\u00e9partementale de l'\u00e9conomie, de l'emploi, du travail et des solidarit\u00e9s d'\u00cele-de-France -\nIDF-2025-04-09-00001 - D\u00e9cision n\u00b0 2025-056 du 9 avril 2025\nportant subd\u00e9l\u00e9gation de signature de Monsieur Marc Rohfritsch, Directeur r\u00e9gional et interd\u00e9partemental de l'\u00c9conomie, de l'Emploi,\ndu Travail et des Solidarit\u00e9s d'\u00cele-de-France\npar int\u00e9rim, aux agents de l'unit\u00e9 r\u00e9gionale\n48\n \n 3 / 6 \n \nVu l'arr\u00eat\u00e9 IDF-2025-04-04-00007 du 4 avril 2025 de Monsieur Marc GUILLAUME, Pr\u00e9fet de la r\u00e9gion d'Ile \nde France, Pr\u00e9fet de Paris, portant d\u00e9l\u00e9gation de signature \u00e0 Monsieur Marc ROHFRITSCH , Directeur \nr\u00e9gional et interd\u00e9partemental de l'\u00c9conomie, de l'Emploi, du Travail et des Solidarit\u00e9s d'Ile-de-France \n(DRIEETS) par int\u00e9rim en mati\u00e8re administrative ;  \n \nD\u00e9cide \n \nArticle 1  \n \nLa pr\u00e9sente subd\u00e9l\u00e9gation de signature est donn\u00e9e aux agents de l'Unit\u00e9 r\u00e9gionale mentionn\u00e9s aux \narticles 2 et 3, \u00e0 effet de signer tous arr\u00eat\u00e9s, d\u00e9cisions, pi\u00e8ces ou conventions relevant des attributions \nde la direction r\u00e9gionale et interd\u00e9partementale de l'\u00e9conomie, de l'emploi, du travail et des solidarit\u00e9s \n\u00e0 l'exclusion des actes mentionn\u00e9s \u00e0 l'article 4 du pr\u00e9sent arr\u00eat\u00e9. \n \n \nArticle 2  \n \nSubd\u00e9l\u00e9gation de signature est donn\u00e9e \u00e0 : \n \n- M\u00e9lanie CACHET, directrice de cabinet ; \n- Jean-Fran\u00e7ois DALVAI, responsable du p\u00f4le Politique du Travail (P\u00f4le T) ; \n- Murielle LIZZI, responsable du p\u00f4le Concurrence, Consommation, R\u00e9pression des Fraudes et \nM\u00e9trologie (P\u00f4le C) ; \n- Alexandre MARTINET, directeur r\u00e9gional d\u00e9l\u00e9gu\u00e9 charg\u00e9 des affaires g\u00e9n\u00e9rales  (PAM). \n \n1/ La subd\u00e9l\u00e9gation de signature pourra \u00e9galement \u00eatre exerc\u00e9e, dans la limite de leur champ de \ncomp\u00e9tence et des modalit\u00e9s d'organisation interne du p\u00f4le \u00e9conomie, emploi et solidarit\u00e9s, par : \n \n- Erwan SAMYN, adjoint au responsable du p\u00f4le EES ; \n- Emmanuel BEZY, responsable du d\u00e9partement Solidarit\u00e9s et Emploi ; \n- Manon NGUYEN VAN MAI, responsable du d\u00e9partement Entreprises ; \n- Th\u00e9r\u00e8se ROSSI, responsable du d\u00e9partement Contr\u00f4le de la Formation Professionnelle  ; \n- Isabelle ANTOINE, responsable du d\u00e9partement Certification. \n \nDans la limite du champ de comp\u00e9tence du d\u00e9partement \u00ab solidarit\u00e9s et emploi \u00bb, la subd\u00e9l\u00e9gation de \nsignature pourra \u00eatre exerc\u00e9e par : \n \n- Jean MENJON, adjoint au responsable du d\u00e9partement Solidarit\u00e9s et Emploi ; \n- S\u00e9bastien AGOT, responsable du service Insertion des Jeunes et des Primo-Arrivants ; \n- David ANGLARET, responsable du service D\u00e9veloppement des Comp\u00e9tences \n- Mathilde MANDONNET, adjointe au responsable du service Protection et Insertion des Majeurs . \n \nDans la limite du champ de comp\u00e9tence du d\u00e9partement \u00ab entreprises \u00bb, la subd\u00e9l\u00e9gation de signature \npourra \u00eatre exerc\u00e9e par : \n \n- Cl\u00e9ment MAYOT, adjoint \u00e0 la responsable du d\u00e9partement Entreprises  ; \n- L\u00e9a BEN-CHEIKH, responsable du service Protection du Tissu \u00c9conomique. \n \nDans la limite du champ de comp\u00e9tence du d\u00e9partement du \u00ab  contr\u00f4le de la formation \nprofessionnelle \u00bb, la subd\u00e9l\u00e9gation de signature pourra \u00eatre exerc\u00e9e par : \n \n- Marie-Violaine COLAS, responsable du service Contr\u00f4le de l'Apprentissage ; \nDirection r\u00e9gionale et interd\u00e9partementale de l'\u00e9conomie, de l'emploi, du travail et des solidarit\u00e9s d'\u00cele-de-France -\nIDF-2025-04-09-00001 - D\u00e9cision n\u00b0 2025-056 du 9 avril 2025\nportant subd\u00e9l\u00e9gation de signature de Monsieur Marc Rohfritsch, Directeur r\u00e9gional et interd\u00e9partemental de l'\u00c9conomie, de l'Emploi,\ndu Travail et des Solidarit\u00e9s d'\u00cele-de-France\npar int\u00e9rim, aux agents de l'unit\u00e9 r\u00e9gionale\n49\n \n 4 / 6 \n- Marie-H\u00e9l\u00e8ne RUAULT, responsable du service Contr\u00f4le FSE ; \n- St\u00e9phane FEIGNON, responsable du service Relations avec les OPCO et Signalement.  \n \nDans la limite du champ de comp\u00e9tence du d\u00e9partement du \u00ab fonds social europ\u00e9en \u00bb, la subd\u00e9l\u00e9gation \nde signature pourra \u00eatre exerc\u00e9e par : \n \n- Emilie REUGE, responsable du service Projets R\u00e9gionaux ; \n- Yannick YAO, responsable du service Gestion Financi\u00e8re et M\u00e9thodes ; \n- Liana CAMARUT, responsable du service Programmation et Organismes Interm\u00e9diaires.  \n \nDans la limite du champ de comp\u00e9tence du d\u00e9partement \u00ab certification \u00bb, la subd\u00e9l\u00e9gation de \nsignature pourra \u00eatre exerc\u00e9e par : \n \n- Adrien EHLINGER, responsable du service des professions sociales ; \n- Catherine GWET, responsable du service des Titres ; \n- Laurent SANDERS, responsable du service des professions param\u00e9dicales, \u00e0 compter du 1 er mai \n2025 ; \n- Virginie DAMION, responsable de fili\u00e8re au service des professions sociales ;  \n- Alexandra KIM, responsable de fili\u00e8re au service des professions param\u00e9dicales ;  \n- Hania NESSIB, responsable de fili\u00e8re au service des professions sociales  ; \n- Jamila BEKRAR, responsable de fili\u00e8re au service des professions sociales ;  \n- Timorine MAFOUTA, responsable de fili\u00e8re au service des professions param\u00e9dicales ; \n- Eswar RADJARAME, responsable de fili\u00e8re au service des professions param\u00e9dicales . \n \n2/ La subd\u00e9l\u00e9gation de signature pourra \u00e9galement \u00eatre exerc\u00e9e , dans la limite de leur champ de \ncomp\u00e9tence et des modalit\u00e9s d'organisation interne du p\u00f4le Politique du Travail par : \n \n- Dominique-Anne MICHEL, adjointe \u00e0 la responsable du p\u00f4le Politique du Travail  ; \n- Guy LEBON, responsable du service relations du Travail. \n \n3/ La subd\u00e9l\u00e9gation de signature pourra \u00e9galement \u00eatre exerc\u00e9e , dans la limite de leur champ de \ncomp\u00e9tence et des modalit\u00e9s d'organisation interne du p\u00f4le Concurrence, consommation, r\u00e9pression \ndes fraudes et m\u00e9trologie, par : \n \n- Aur\u00e9lie LEHOUCK, responsable du service pilotage ; \n- Marion VIRUEGA, responsable du service pratiques commerciales restrictives de concurrence ; \n- Nathalie CAUVIN, responsable du service m\u00e9trologie l\u00e9gale ; \n- Aur\u00e9lien NICOT, responsable du service de la brigade inter-r\u00e9gionale d'enqu\u00eates concurrence \net commande publique ; \n- Micha\u00ebl DELHAIE, chef de service Appui aux r\u00e9seaux ;  \n- Philippe RICHARD, charg\u00e9 de mission. \n \n4/ Dans la limite du champ de comp\u00e9tence du p\u00f4le Appui aux M\u00e9tier, la subd\u00e9l\u00e9gation de signature \npourra \u00eatre exerc\u00e9e par : \n \n- Anne SCANDELLA, secr\u00e9taire g\u00e9n\u00e9rale ; \n- El\u00e9a WERMELINGER, secr\u00e9taire g\u00e9n\u00e9rale adjointe. \n \nDans la limite du champ de comp\u00e9tence du service du pilotage RH, la subd\u00e9l\u00e9gation pourra \u00eatre \nexerc\u00e9e par : \n \n- Marika DEMORTIER, responsable du service du pilotage des ressources humaines ; \n- Yasmina REDOUANE, adjointe \u00e0 la responsable du service du pilotage des ressources humaines . \nDirection r\u00e9gionale et interd\u00e9partementale de l'\u00e9conomie, de l'emploi, du travail et des solidarit\u00e9s d'\u00cele-de-France -\nIDF-2025-04-09-00001 - D\u00e9cision n\u00b0 2025-056 du 9 avril 2025\nportant subd\u00e9l\u00e9gation de signature de Monsieur Marc Rohfritsch, Directeur r\u00e9gional et interd\u00e9partemental de l'\u00c9conomie, de l'Emploi,\ndu Travail et des Solidarit\u00e9s d'\u00cele-de-France\npar int\u00e9rim, aux agents de l'unit\u00e9 r\u00e9gionale\n50\n \n 5 / 6 \nDans la limite du champ de comp\u00e9tence du service pr\u00e9vention et qualit\u00e9 de vie au travail la \nsubd\u00e9l\u00e9gation pourra \u00eatre exerc\u00e9e par : \n \n- B\u00e9atrice JEAN-MARIE, adjointe au responsable du service Pr\u00e9vention et Qualit\u00e9 de vie au travail.  \n \nDans la limite du champ de comp\u00e9tence du service interd\u00e9partemental Commission m\u00e9dicale/comit\u00e9 \nde r\u00e9forme la subd\u00e9l\u00e9gation pourra \u00eatre exerc\u00e9e par : \n \n- Jacky HAZIZA, responsable du service interd\u00e9partemental des Conseils M\u00e9dicaux ; \n- Zahira MONJOIN, adjointe au chef du service interd\u00e9partemental des comit\u00e9s m\u00e9dicaux. \n \nDans la limite du champ de comp\u00e9tence du service ESIC, la subd\u00e9l\u00e9gation pourra \u00eatre exerc\u00e9e par  : \n \n- Freddy FRANCOISE, responsable du service Syst\u00e8me d'Information et Communication  ; \n- Guilhem GOUBERT, adjoint au responsable du service Syst\u00e8me d'Information et \nCommunication. \n \nDans la limite du champ de comp\u00e9tence de la mission budg\u00e9taire et financi\u00e8re, la subd\u00e9l\u00e9gation \npourra \u00eatre exerc\u00e9e par :  \n \n- Evelyne LE GALL, responsable de la mission Pilotage budg\u00e9taire r\u00e9gional. \n \nArticle 3 \n \nSubd\u00e9l\u00e9gation de signature est donn\u00e9e, en cas d'emp\u00eachement, \u00e0 :  \n \n- Murielle LIZZI, responsable du p\u00f4le Concurrence, Consommation, R \u00e9pression des Fraudes et \nM\u00e9trologie l\u00e9gale (P\u00f4le C) ; \n- Alexandre MARTINET, directeur r\u00e9gional d\u00e9l\u00e9gu\u00e9 en charge des affaires g\u00e9n\u00e9rales \n\u00e0 effet de signer les m\u00e9moires en d\u00e9fense pr\u00e9sent\u00e9s au nom de l'\u00c9tat \u00e0 l'occasion des recours form\u00e9s \ndevant les juridictions administratives et n\u00e9s de l'activit\u00e9 de la direction r\u00e9gionale des entreprises, de la \nconcurrence, de la consommation, du travail e t de l'emploi d'Ile -de-France en ce qui concerne ses \ncomp\u00e9tences propres en mati\u00e8re de mesures de police administrative prises en application du code de \ncommerce et du code de la consommation par les agents de la direction g\u00e9n\u00e9rale de la concurrence, de \nla consommation et de la r\u00e9pression des fraudes et de la direction g\u00e9n\u00e9rale des entreprises plac\u00e9s sous \nson autorit\u00e9 et de sanctions administratives prononc\u00e9es en application des m\u00eames codes et en mati\u00e8re \nde m\u00e9trologie l\u00e9gale, ainsi que dans les cas de proc\u00e9dure d'urgence pr\u00e9vus au livre V du code de justice \nadministrative. \n \nSubd\u00e9l\u00e9gation de signature est donn\u00e9e, en cas d'emp\u00eachement \u00e0 : \n \n- Erwan SAMYN, responsable adjoint du p\u00f4le \u00c9conomie, Emploi et Solidarit\u00e9s (P\u00f4le EES) ; \n- Alexandre MARTINET, directeur r\u00e9gional d\u00e9l\u00e9gu\u00e9 en charge des affaires g\u00e9n\u00e9rales  \n\u00e0 effet de signer les m\u00e9moires en d\u00e9fense pr\u00e9sent\u00e9s au nom de l'\u00c9tat \u00e0 l'occasion des recours form\u00e9s \ndevant les juridictions administratives dans les cas de proc\u00e9dure d'urgence pr\u00e9vus au livre V du code de \njustice administrative et n\u00e9s de l'activit\u00e9 de la DRIEETS en mati\u00e8re de contr\u00f4le de la formation \nprofessionnelle. \n \nLes autres m\u00e9moires en d\u00e9fense pr\u00e9sent\u00e9s au nom de l'\u00c9tat \u00e0 l'occasion des recours form\u00e9s devant les \njuridictions administratives et n\u00e9s de l'activit\u00e9 de la directeur r\u00e9gional et interd\u00e9partemental de \nl'\u00e9conomie, de l'emploi, du travail et des solidarit\u00e9s  d'Ile-de-France ne sont pas inclus dans la pr\u00e9sente \nsubd\u00e9l\u00e9gation. \n \nDirection r\u00e9gionale et interd\u00e9partementale de l'\u00e9conomie, de l'emploi, du travail et des solidarit\u00e9s d'\u00cele-de-France -\nIDF-2025-04-09-00001 - D\u00e9cision n\u00b0 2025-056 du 9 avril 2025\nportant subd\u00e9l\u00e9gation de signature de Monsieur Marc Rohfritsch, Directeur r\u00e9gional et interd\u00e9partemental de l'\u00c9conomie, de l'Emploi,\ndu Travail et des Solidarit\u00e9s d'\u00cele-de-France\npar int\u00e9rim, aux agents de l'unit\u00e9 r\u00e9gionale\n51\n \n 6 / 6 \nArticle 4 \n \nSont exclus de la d\u00e9l\u00e9gation consentie aux articles 1, 2 et 3 du pr\u00e9sent arr\u00eat\u00e9 : \n \n- Les conventions avec les collectivit\u00e9s territoriales et leurs \u00e9tablissements publics ;  \n- Les conventions des appels \u00e0 projets r\u00e9gionaux du plan d'investissement dans les comp\u00e9tences ; \n- Les conventions pluriannuelles d'objectifs (CPO) des missions locales, except\u00e9 les avenants pour \nles soldes annuels ; \n- Les conventions avec les structures de soutien \u00e0 l'insertion par l'activit\u00e9 \u00e9conomique, except\u00e9 \nles avenants et les actes de gestion aff\u00e9rents ; un tableau de suivi de la programmation par \nstructure est transmis trimestriellement ; \n- Les m\u00e9moires en d\u00e9fense pr\u00e9sent\u00e9s au nom de l'\u00c9tat \u00e0 l'occasion des recours form\u00e9s devant les \njuridictions administratives et n\u00e9s de l'activit\u00e9 de la DRIEETS, de la DIRECCTE ou de la DRCS d'Ile-\nde-France, sauf en ce qui concerne ceux n\u00e9s de l'exercice des comp\u00e9tences propres exerc\u00e9es par \nle Directeur r\u00e9gional et interd\u00e9partemental de la DRIEETS ou des agents qui lui sont \nhi\u00e9rarchiquement rattach\u00e9s, en mati\u00e8re d'accompagnement des restructurations d'entreprise et \nd'inspection de la l\u00e9gislation du travail, de mesures de police administrative prises en application \ndu code de commerce et du code de la consommation et en mati\u00e8re de m\u00e9trologie l\u00e9gale, ainsi \nque dans les cas de proc\u00e9dure d'urgence pr\u00e9vus au livre V du code de justice administrative ;  \n- Les correspondances avec les parlementaires, les anciens ministres, les conseillers r\u00e9gionaux et \nd\u00e9partementaux, les pr\u00e9sidents des associations des maires, la maire de Paris et les maires des \ncommunes chefs-lieux de d\u00e9partement ; \n- Les correspondances entrant dans le cadre de la n\u00e9gociation du contrat de plan \u00c9tat-r\u00e9gion ; \n \nPar ailleurs, une copie de toutes correspondances destin\u00e9es aux autres \u00e9lus, maires, conseillers \nmunicipaux ainsi que de celles concernant le contr\u00f4le de l\u00e9galit\u00e9 et les m\u00e9moires produits dans le cadre \ndes proc\u00e9dures d'urgence susmentionn\u00e9es, sera simultan\u00e9ment adress\u00e9e au pr\u00e9fet de la r\u00e9gion d'Ile-de-\nFrance. \n \n \nArticle 5 \n \nLa pr\u00e9sente d\u00e9cision de d\u00e9l\u00e9gation de signature porte abrogation de la d\u00e9cision  n\u00b0 2025-035 du 3 mars \n2025. \n \nArticle 6 \n \nLe Directeur r\u00e9gional et interd\u00e9partemental de l'\u00c9conomie, de l'Emploi, du Travail et des Solidarit\u00e9s d'\u00cele-\nde-France est charg\u00e9 de l'ex\u00e9cution de la pr\u00e9sente d\u00e9cision qui sera publi\u00e9e au recueil des actes \nadministratifs de la r\u00e9gion Ile-de-France. \n  \nFait \u00e0 Aubervilliers le 9 avril 2025 \n \nLe Directeur r\u00e9gional et interd\u00e9partemental \nde l'\u00e9conomie, de l'emploi, du travail et des \nsolidarit\u00e9s par int\u00e9rim, \n \nSIGN\u00c9 \n \n \nMarc ROHFRITSCH \n \nDirection r\u00e9gionale et interd\u00e9partementale de l'\u00e9conomie, de l'emploi, du travail et des solidarit\u00e9s d'\u00cele-de-France -\nIDF-2025-04-09-00001 - D\u00e9cision n\u00b0 2025-056 du 9 avril 2025\nportant subd\u00e9l\u00e9gation de signature de Monsieur Marc Rohfritsch, Directeur r\u00e9gional et interd\u00e9partemental de l'\u00c9conomie, de l'Emploi,\ndu Travail et des Solidarit\u00e9s d'\u00cele-de-France\npar int\u00e9rim, aux agents de l'unit\u00e9 r\u00e9gionale\n52\nDirection r\u00e9gionale et interd\u00e9partementale de\nl'\u00e9conomie, de l'emploi, du travail et des\nsolidarit\u00e9s d'\u00cele-de-France\nIDF-2025-04-09-00011\nD\u00e9cision n\u00b0 2025-057 du 9 avril 2024\nportant subd\u00e9l\u00e9gation de signature de Monsieur\nMarc Rohfritsch, Directeur r\u00e9gional et\ninterd\u00e9partemental de l'\u00c9conomie, de l'Emploi,\ndu Travail et des Solidarit\u00e9s d'\u00cele-de-France\npar int\u00e9rim, aux agents de l'unit\u00e9\nd\u00e9partementale de Paris\nDirection r\u00e9gionale et interd\u00e9partementale de l'\u00e9conomie, de l'emploi, du travail et des solidarit\u00e9s d'\u00cele-de-France -\nIDF-2025-04-09-00011 - D\u00e9cision n\u00b0 2025-057 du 9 avril 2024\nportant subd\u00e9l\u00e9gation de signature de Monsieur Marc Rohfritsch, Directeur r\u00e9gional et interd\u00e9partemental de l'\u00c9conomie, de l'Emploi,\ndu Travail et des Solidarit\u00e9s d'\u00cele-de-France\npar int\u00e9rim, aux agents de l'unit\u00e9 d\u00e9partementale de Paris\n53\nPREFET .DE LA REGIOND'\u00ceLE-DE-FRANCELibert\u00e9Egalit\u00e9Fraternit\u00e9\n Direction r\u00e9gionale et interd\u00e9partementale \nde l'\u00e9conomie, de l'emploi, \ndu travail et des solidarit\u00e9s  \n \n \nDRIEETS Ile de France  \n21 rue Madeleine Vionnet  \n93300 AUBERVILLIERS \n \n \nD\u00c9CISION n\u00b0 2025-057 du 9 avril 2024 \n \nPortant subd\u00e9l\u00e9gation de signature de Monsieur Marc Rohfritsch, Directeur r\u00e9gional et \ninterd\u00e9partemental de l'\u00c9conomie, de l'Emploi, du Travail et des Solidarit\u00e9s d'\u00cele -de-France \npar int\u00e9rim, aux agents de l'unit\u00e9 d\u00e9partementale de Paris \n \n \nLE PR\u00c9FET DE LA R\u00c9GION D'\u00ceLE-DE-FRANCE \nPR\u00c9FET DE PARIS \nCOMMANDEUR DE LA L\u00c9GION D'HONNEUR \nOFFICIER DE L'ORDRE NATIONAL DU M\u00c9RITE \n \nLe Directeur r\u00e9gional et interd\u00e9partemental de l'\u00e9conomie, de l'emploi, du travail et des solidarit\u00e9s d'\u00cele-\nde-France, \n \nVu le code g\u00e9n\u00e9ral de fonction publique, notamment son article L.323-1 ; \n \nVu le code de l'action sociale et des familles ; \n \nVu le code de la commande publique ; \n \nVu le code de commerce ; \n \nVu le code de la consommation ; \n \nVu le code de justice administrative ; \n \nVu le code de la s\u00e9curit\u00e9 sociale ; \n \nVu le code du tourisme ; \n \nVu le code du travail ; \n \nVu la loi du 4 juillet 1837 modifi\u00e9e relative aux poids et mesures ;  \n \nVu la loi n\u00b0 82 -213 du 2 mars 1982 modifi\u00e9e relative aux droits et libert\u00e9s des communes, des \nd\u00e9partements et des r\u00e9gions ; \n \nVu le d\u00e9cret n\u00b0 2004 -374 du 29 avril 2004 modifi\u00e9 relatif aux pouvoirs des pr\u00e9fets, \u00e0 l'organisation et \u00e0 \nl'action des services de l'\u00c9tat dans les r\u00e9gions et d\u00e9partements ; \n \nVu le d\u00e9cret n\u00b0 2010 -687 du 24 juin 2010 modifi\u00e9 relatif \u00e0 l'organisation et aux missions des services de \nl'\u00c9tat dans la r\u00e9gion et les d\u00e9partements d'Ile-de-France et notamment ses articles 20-1 et 20-2 ; \n \nVu le d\u00e9cret n\u00b0 2013-571 du 1er juillet 2013 modifi\u00e9 autorisant les ministres charg\u00e9s des affaires sociales, \nde la sant\u00e9, des sports, de la jeunesse, de l'\u00e9ducation populaire et de la vie associative \u00e0 d\u00e9l\u00e9guer certains \nde leurs pouvoirs pour le recrutement et la gestion d'agents plac\u00e9s sous leur autorit\u00e9 ;  \nDirection r\u00e9gionale et interd\u00e9partementale de l'\u00e9conomie, de l'emploi, du travail et des solidarit\u00e9s d'\u00cele-de-France -\nIDF-2025-04-09-00011 - D\u00e9cision n\u00b0 2025-057 du 9 avril 2024\nportant subd\u00e9l\u00e9gation de signature de Monsieur Marc Rohfritsch, Directeur r\u00e9gional et interd\u00e9partemental de l'\u00c9conomie, de l'Emploi,\ndu Travail et des Solidarit\u00e9s d'\u00cele-de-France\npar int\u00e9rim, aux agents de l'unit\u00e9 d\u00e9partementale de Paris\n54\n \n 2/4 \n \nVu le d\u00e9cret n\u00b0 2015-510 du 7 mai 2015 modifi\u00e9 portant charte de la d\u00e9concentration ;  \n \nVu le d\u00e9cret du 22 juillet 2020 portant nomination de Monsieur Marc GUILLAUME en qualit\u00e9 de pr\u00e9fet \nde la r\u00e9gion d'\u00cele-de-France, pr\u00e9fet de Paris ; \n \nVu le d\u00e9cret n\u00b0 2020 -1545 du 9 d\u00e9cembre 2020 modifi\u00e9 relatif \u00e0 l'organisation et aux missions des \ndirections r\u00e9gionales de l'\u00e9conomie, de l'emploi, du travail et des solidarit\u00e9s, des directions \nd\u00e9partementales de l'emploi, du travail et des solidarit\u00e9s et des directions d\u00e9partementales de l'emploi, \ndu travail, des solidarit\u00e9s et de la protection des populations ; \n \nVu l'arr\u00eat\u00e9 du 25 novembre 2014 modifi\u00e9 portant d\u00e9l\u00e9gation de certains pouvoirs de recrutement et de \ngestion d'agents relevant du ministre charg\u00e9 du travail et de l'emploi ;  \n \nVu l'arr\u00eat\u00e9 du 29 d\u00e9cembre 2016 fixant la liste des actes relatifs \u00e0 la situation individuelle des agents \npublics exer\u00e7ant leurs fonctions dans les services d\u00e9concentr\u00e9s des administrations civiles de l'Etat pour \nlesquels l'avis du chef de service d\u00e9concentr\u00e9 sous l'autorit\u00e9 duquel sont plac\u00e9s ces personnels est requis \npr\u00e9alablement \u00e0 leur \u00e9diction ; \n \nVu l'arr\u00eat\u00e9 du 29 d\u00e9cembre 2016 modifi\u00e9 portant d\u00e9concentration des actes relatifs \u00e0 la situation \nindividuelle des agents publics exer\u00e7ant leurs fonctions dans les services d\u00e9concentr\u00e9s des \nadministrations civiles de l'Etat au sens de l'article 15 du d\u00e9cre t n\u00b0 2004 -374 du 29 avril 2004 modifi\u00e9 \nrelatif aux pouvoirs des pr\u00e9fets, \u00e0 l'organisation et \u00e0 l'action des services de l'Etat dans les r\u00e9gions et \nd\u00e9partements ; \n \n \nVu l'arr\u00eat\u00e9 interminist\u00e9riel du 23 d\u00e9cembre 2022 nommant Madame Martine BAUDOIN directrice \nadjointe de l'unit\u00e9 d\u00e9partementale de Paris, \n \nVu l'arr\u00eat\u00e9 interminist\u00e9riel du 20 mars 2025 nommant Marc ROHFRITSCH directeur r\u00e9gional et \ninterd\u00e9partemental de l'\u00e9conomie, de l'emploi, du travail et des solidarit\u00e9s d'\u00cele-de-France par int\u00e9rim \u00e0 \ncompter du 1er avril 2025, \n \nVu l'arr\u00eat\u00e9 IDF-2025-04-04-00007 du 4 avril 2025 de Monsieur Marc GUILLAUME, Pr\u00e9fet de la r\u00e9gion d'Ile-\nde-France, Pr\u00e9fet de Paris, portant d\u00e9l\u00e9gation de signature \u00e0 Monsieur Marc ROHFRITSCH , directeur \nr\u00e9gional et interd\u00e9partemental de l'\u00e9conomie, de l'emploi, du travail et des solidarit\u00e9s d'Ile -de-France \n(DRIEETS) par int\u00e9rim en mati\u00e8re administrative, \n \n \nD\u00c9CIDE \nArticle 1  \n \nSubd\u00e9l\u00e9gation de signature est donn\u00e9e \u00e0 Martine BAUDOIN, directrice adjointe de l'unit\u00e9 \nd\u00e9partementale de Paris, directrice par int\u00e9rim  de l'Unit\u00e9 D\u00e9partemen tale de Paris,  \u00e0 effet de signer \ndans le cadre de ses attributions, tous les actes, arr\u00eat\u00e9s, d\u00e9cisions, conventions, circulaires, rapports, \ncorrespondances dans le champ des comp\u00e9tences que la pr\u00e9fecture de r\u00e9gion d\u00e9l\u00e8gue \u00e0 la direction \nr\u00e9gionale et interd\u00e9partementale de l'\u00e9conomie, de l'emploi, du travail et des solidarit\u00e9s d'Ile-de-France \n(DRIEETS) \u00e0 l'exclusion des actes mentionn\u00e9s \u00e0 l'article 3 du pr\u00e9sent arr\u00eat\u00e9. \n \n \nAucune subd\u00e9l\u00e9gation ne pourra \u00eatre op\u00e9r\u00e9e par le directeur d'unit\u00e9 concernant la signature des \nconventions attributives de subventions accord\u00e9es au titre du fonds de d\u00e9veloppement de l'inclusion \n(FDI), dans le cadre de l'insertion par l'activit\u00e9 \u00e9conomique (IAE). \nDirection r\u00e9gionale et interd\u00e9partementale de l'\u00e9conomie, de l'emploi, du travail et des solidarit\u00e9s d'\u00cele-de-France -\nIDF-2025-04-09-00011 - D\u00e9cision n\u00b0 2025-057 du 9 avril 2024\nportant subd\u00e9l\u00e9gation de signature de Monsieur Marc Rohfritsch, Directeur r\u00e9gional et interd\u00e9partemental de l'\u00c9conomie, de l'Emploi,\ndu Travail et des Solidarit\u00e9s d'\u00cele-de-France\npar int\u00e9rim, aux agents de l'unit\u00e9 d\u00e9partementale de Paris\n55\n \n 3/4 \n \nUne copie de cette d\u00e9cision de subd\u00e9l\u00e9gation sera adress\u00e9e au directeur r\u00e9gional et interd\u00e9partemental \nde l'\u00e9conomie, de l'emploi, du travail et des solidarit\u00e9s d'\u00cele-de-France. \n \nArticle 2  \n \nEn cas d'absence ou d'emp\u00eachement de la directrice de l'unit\u00e9 d\u00e9partementale  par int\u00e9rim, la \nsubd\u00e9l\u00e9gation de signature, est exerc\u00e9e par les personnes ci-dessous mentionn\u00e9es, dans la limite de leurs \ncomp\u00e9tences : \n \n- Marie MARCENA, directrice du p\u00f4le \u00ab entreprises, emploi, solidarit\u00e9 \u00bb \n- Jean-Philippe DEVOUCOUX, responsable du d\u00e9partement accompagnement des entreprises  \n- Patricia RENUCCI, responsable du d\u00e9partement protection et insertion des jeunes  \n- Corinne ROUXEL, responsable du d\u00e9partement insertion et protection des adultes  \n- Herv\u00e9 LEGRAND, directeur du p\u00f4le \u00ab politique du travail \u00bb \n- Niklas VASSEUX, adjoint du directeur du p\u00f4le \u00ab politique du travail \u00bb  \n- Catherine BARRAS, directrice de secteur nord des services de l'inspection du travail  ; \n- M\u00e9linda MARONE, directrice de secteur sud des services de l'inspection du travail  ; \n \nArticle 3 \n \nSont exclus de la d\u00e9l\u00e9gation consentie \u00e0 l'article 1 du pr\u00e9sent arr\u00eat\u00e9 : \n \n- Les conventions avec les collectivit\u00e9s territoriales et leurs \u00e9tablissements publics ;  \n- Les conventions des appels \u00e0 projets r\u00e9gionaux du plan d'investissement dans les comp\u00e9tences ; \n- Les conventions pluriannuelles d'objectifs (CPO) des missions locales, except\u00e9 les avenants pour \nles soldes annuels ; \n- Les conventions avec les structures de soutien \u00e0 l'insertion par l'activit\u00e9 \u00e9conomique, except\u00e9 \nles avenants et les actes de gestion aff\u00e9rents ; un tableau de suivi de la programmation par \nstructure est transmis trimestriellement ; \n- Les m\u00e9moires en d\u00e9fense pr\u00e9sent\u00e9s au nom de l'\u00c9tat \u00e0 l'occasion des recours form\u00e9s devant les \njuridictions administratives et n\u00e9s de l'activit\u00e9 de la DRIEETS, de la DIRECCTE ou de la DRCS d'Ile-\nde-France, sauf en ce qui concerne ceux n\u00e9s de l'exercice des comp\u00e9tences propres exerc\u00e9es le \nDirecteur r\u00e9gional et interd\u00e9partemental de la DRIEETS ou des agents qui lui sont \nhi\u00e9rarchiquement rattach\u00e9s, en mati\u00e8re d'accompagnement des restructurations d'entreprise et \nd'inspection de la l\u00e9gislation du travail, de mesures de police administrative prises en application \ndu code de commerce et du code de la consommation et en mati\u00e8re de m\u00e9trologie l\u00e9gale, ainsi \nque dans les cas de proc\u00e9dure d'urgence pr\u00e9vus au livre V du code de justice administrative ;  \n- Les correspondances avec les parlementaires, les anciens ministres, les conseillers r\u00e9gionaux et \nd\u00e9partementaux, les pr\u00e9sidents des associations des maires, la maire de Paris et les maires des \ncommunes chefs-lieux de d\u00e9partement ; \n- Les correspondances entrant dans le cadre de la n\u00e9gociation du contrat de plan \u00c9tat r\u00e9gion ;  \n \nPar ailleurs, une copie de toutes correspondances destin\u00e9es aux autres \u00e9lus, maires, conseillers \nmunicipaux ainsi que de celles concernant le contr\u00f4le de l\u00e9galit\u00e9 et les m\u00e9moires produits dans le cadre \ndes proc\u00e9dures d'urgence susmentionn\u00e9es, sera simultan\u00e9ment adress\u00e9e au pr\u00e9fet de la r\u00e9gion d'Ile-de-\nFrance. \n \n \nArticle 4 \n \nLa pr\u00e9sente d\u00e9cision de d\u00e9l\u00e9gation de signature porte abrogation de la d\u00e9cision n\u00b0  2023-183 du 6 \nd\u00e9cembre 2023. \nDirection r\u00e9gionale et interd\u00e9partementale de l'\u00e9conomie, de l'emploi, du travail et des solidarit\u00e9s d'\u00cele-de-France -\nIDF-2025-04-09-00011 - D\u00e9cision n\u00b0 2025-057 du 9 avril 2024\nportant subd\u00e9l\u00e9gation de signature de Monsieur Marc Rohfritsch, Directeur r\u00e9gional et interd\u00e9partemental de l'\u00c9conomie, de l'Emploi,\ndu Travail et des Solidarit\u00e9s d'\u00cele-de-France\npar int\u00e9rim, aux agents de l'unit\u00e9 d\u00e9partementale de Paris\n56\n \n 4/4 \n \nArticle 6 \n \nLe Directeur r\u00e9gional et interd\u00e9partemental de l'\u00e9conomie, de l'emploi, du travail et des solidarit\u00e9s d'\u00cele-\nde-France est charg\u00e9 de l'ex\u00e9cution de la pr\u00e9sente d\u00e9cision qui sera publi\u00e9e au recueil des actes \nadministratifs de la r\u00e9gion Ile-de-France. \n                                                                                               \nFait \u00e0 Aubervilliers le 9 avril 2025 \n \nLe Directeur r\u00e9gional et interd\u00e9partemental \nde l'\u00e9conomie, de l'emploi, du travail et des \nsolidarit\u00e9s par int\u00e9rim \n \n \nSIGN\u00c9 \n \n. \nMarc ROHFRITSCH \n \nDirection r\u00e9gionale et interd\u00e9partementale de l'\u00e9conomie, de l'emploi, du travail et des solidarit\u00e9s d'\u00cele-de-France -\nIDF-2025-04-09-00011 - D\u00e9cision n\u00b0 2025-057 du 9 avril 2024\nportant subd\u00e9l\u00e9gation de signature de Monsieur Marc Rohfritsch, Directeur r\u00e9gional et interd\u00e9partemental de l'\u00c9conomie, de l'Emploi,\ndu Travail et des Solidarit\u00e9s d'\u00cele-de-France\npar int\u00e9rim, aux agents de l'unit\u00e9 d\u00e9partementale de Paris\n57\nDirection r\u00e9gionale et interd\u00e9partementale de\nl'\u00e9conomie, de l'emploi, du travail et des\nsolidarit\u00e9s d'\u00cele-de-France\nIDF-2025-04-09-00003\nD\u00e9cision n\u00b0 2025-058 du 9 avril 2025\nPortant subd\u00e9l\u00e9gation de signature de Monsieur\nMarc Rohfritsch, Directeur r\u00e9gional et\ninterd\u00e9partemental de l'\u00c9conomie, de l'Emploi,\ndu Travail et des Solidarit\u00e9s d'\u00cele-de-France par\nint\u00e9rim, aux agents de l'unit\u00e9 d\u00e9partementale\ndes Hauts-de-Seine\nDirection r\u00e9gionale et interd\u00e9partementale de l'\u00e9conomie, de l'emploi, du travail et des solidarit\u00e9s d'\u00cele-de-France -\nIDF-2025-04-09-00003 - D\u00e9cision n\u00b0 2025-058 du 9 avril 2025\nPortant subd\u00e9l\u00e9gation de signature de Monsieur Marc Rohfritsch, Directeur r\u00e9gional et interd\u00e9partemental de l'\u00c9conomie, de l'Emploi,\ndu Travail et des Solidarit\u00e9s d'\u00cele-de-France par int\u00e9rim, aux agents de l'unit\u00e9 d\u00e9partementale des Hauts-de-Seine\n58\nPREFET |DE LA REGIOND'\u00ceLE-DE-FRANCELibert\u00e9Egalit\u00e9Fraternit\u00e9\n Direction r\u00e9gionale et interd\u00e9partementale \nde l'\u00e9conomie, de l'emploi, \ndu travail et des solidarit\u00e9s  \n \n \nDRIEETS Ile de France  \n21 rue Madeleine Vionnet  \n93 300 AUBERVILLIERS \n \n \n \n \n           D\u00c9CISION n\u00b0 2025-058 du 9 avril 2025 \n \nPortant subd\u00e9l\u00e9gation de signature de Monsieur Marc Rohfritsch, Directeur r\u00e9gional et \ninterd\u00e9partemental de l'\u00c9conomie, de l'Emploi, du Travail et des Solidarit\u00e9s d'\u00cele -de-France \npar int\u00e9rim, aux agents de l'unit\u00e9 d\u00e9partementale des Hauts-de-Seine \n \n \nLE PR\u00c9FET DE LA R\u00c9GION D'\u00ceLE-DE-FRANCE \nPR\u00c9FET DE PARIS \nCOMMANDEUR DE LA L\u00c9GION D'HONNEUR \nOFFICIER DE L'ORDRE NATIONAL DU M\u00c9RITE \n \n \nLe Directeur r\u00e9gional et interd\u00e9partemental de l'\u00e9conomie, de l'emploi, du travail et des solidarit\u00e9s d'\u00cele-\nde-France, \n \nVu le code g\u00e9n\u00e9ral de fonction publique, notamment son article L.323-1 ; \n \nVu le code de l'action sociale et des familles ; \n \nVu le code de la commande publique ; \n \nVu le code de commerce ; \n \nVu le code de la consommation ; \n \nVu le code de justice administrative ; \n \nVu le code de la s\u00e9curit\u00e9 sociale ; \n \nVu le code du tourisme ; \n \nVu le code du travail ; \n \nVu la loi du 4 juillet 1837 modifi\u00e9e relative aux poids et mesures ;  \n \nVu la loi n\u00b0 82 -213 du 2 mars 1982 modifi\u00e9e relative aux droits et libert\u00e9s des communes, des \nd\u00e9partements et des r\u00e9gions ; \n \nVu le d\u00e9cret n\u00b0 2004 -374 du 29 avril 2004 modifi\u00e9 relatif aux pouvoirs des pr\u00e9fets, \u00e0 l'organisation et \u00e0 \nl'action des services de l'\u00c9tat dans les r\u00e9gions et d\u00e9partements ; \n \nVu le d\u00e9cret n\u00b0 2010 -687 du 24 juin 2010 modifi\u00e9 relatif \u00e0 l'organisation et aux missions des services de \nl'\u00c9tat dans la r\u00e9gion et les d\u00e9partements d'Ile-de-France et notamment ses articles 20-1 et 20-2 ; \n \nDirection r\u00e9gionale et interd\u00e9partementale de l'\u00e9conomie, de l'emploi, du travail et des solidarit\u00e9s d'\u00cele-de-France -\nIDF-2025-04-09-00003 - D\u00e9cision n\u00b0 2025-058 du 9 avril 2025\nPortant subd\u00e9l\u00e9gation de signature de Monsieur Marc Rohfritsch, Directeur r\u00e9gional et interd\u00e9partemental de l'\u00c9conomie, de l'Emploi,\ndu Travail et des Solidarit\u00e9s d'\u00cele-de-France par int\u00e9rim, aux agents de l'unit\u00e9 d\u00e9partementale des Hauts-de-Seine\n59\n \n 2 / 4 \nVu le d\u00e9cret n\u00b0 2013-571 du 1er juillet 2013 modifi\u00e9 autorisant les ministres charg\u00e9s des affaires sociales, \nde la sant\u00e9, des sports, de la jeunesse, de l'\u00e9ducation populaire et de la vie associative \u00e0 d\u00e9l\u00e9guer certains \nde leurs pouvoirs pour le recrutement et la gestion d'agents plac\u00e9s sous leur autorit\u00e9 ; \n \nVu le d\u00e9cret n\u00b0 2015-510 du 7 mai 2015 modifi\u00e9 portant charte de la d\u00e9concentration ;  \n \nVu le d\u00e9cret du 22 juillet 2020 portant nomination de Monsieur Marc GUILLAUME en qualit\u00e9 de pr\u00e9fet \nde la r\u00e9gion d'\u00cele-de-France, pr\u00e9fet de Paris ; \n \nVu le d\u00e9cret n\u00b0 2020 -1545 du 9 d\u00e9cembre 2020 modifi\u00e9 relatif \u00e0 l'organisation et aux missions des \ndirections r\u00e9gionales de l'\u00e9conomie, de l'emploi, du travail et des solidarit\u00e9s, des directions \nd\u00e9partementales de l'emploi, du travail et des solidarit\u00e9s et des directions d\u00e9partementales de l'emploi, \ndu travail, des solidarit\u00e9s et de la protection des populations ; \n \nVu l'arr\u00eat\u00e9 du 25 novembre 2014 modifi\u00e9 portant d\u00e9l\u00e9gation de certains pouvoirs de recrutement et de \ngestion d'agents relevant du ministre charg\u00e9 du travail et de l'emploi ;  \n \nVu l'arr\u00eat\u00e9 du 29 d\u00e9cembre 2016 fixant la liste des actes relatifs \u00e0 la situation individuelle des agents \npublics exer\u00e7ant leurs fonctions dans les services d\u00e9concentr\u00e9s des administrations civiles de l'Etat pour \nlesquels l'avis du chef de service d\u00e9concentr\u00e9 sous l'autorit\u00e9 duquel sont plac\u00e9s ces personnels est requis \npr\u00e9alablement \u00e0 leur \u00e9diction ; \n \nVu l'arr\u00eat\u00e9 du 29 d\u00e9cembre 2016 modifi\u00e9 portant d\u00e9concentration des actes relatifs \u00e0 la situation \nindividuelle des agents publics exer\u00e7ant leurs fonctions dans les services d\u00e9concentr\u00e9s des \nadministrations civiles de l'Etat au sens de l'article 15 du d\u00e9cre t n\u00b0 2004 -374 du 29 avril 2004 modifi\u00e9 \nrelatif aux pouvoirs des pr\u00e9fets, \u00e0 l'organisation et \u00e0 l'action des services de l'Etat dans les r\u00e9gions et \nd\u00e9partements ; \n \nVu l'arr\u00eat\u00e9 interminist\u00e9riel du 10 janvier 2024  nommant Azadeh AKRAMI -CASTANON directrice \nr\u00e9gionale et interd\u00e9partementale adjointe de l'\u00e9conomie, de l'emploi, du travail et des solidarit\u00e9s d'\u00cele -\nde-France, charg\u00e9e des fonctions de directrice de l'unit\u00e9 d\u00e9partementale des Hauts-de-Seine, \n \nVu l'arr\u00eat\u00e9 interminist\u00e9riel du 13 octobre 2023 nommant Gwena\u00eblle BOISARD directrice adjointe \nde l'unit\u00e9 d\u00e9partementale adjointe des Hauts de Seine, \n \nVu l'arr\u00eat\u00e9 interminist\u00e9riel du 20 mars 2025 nommant Marc ROHFRITSCH directeur r\u00e9gional et \ninterd\u00e9partemental de l'\u00e9conomie, de l'emploi, du travail et des solidarit\u00e9s d'\u00cele-de-France par int\u00e9rim \u00e0 \ncompter du 1er avril 2025, \n \nVu l'arr\u00eat\u00e9 IDF-2025-04-04-00007 du 4 avril 2025 de Monsieur Marc GUILLAUME, Pr\u00e9fet de la r\u00e9gion d'\u00cele-\nde-France, Pr\u00e9fet de Paris , portant d\u00e9l\u00e9gation de signature \u00e0 Monsieur Marc ROHFRITSCH , Directeur \nr\u00e9gional et interd\u00e9partemental de l'\u00c9conomie, de l'Emploi, du Travail et des Solidarit\u00e9s d'Ile -de-France \n(DRIEETS) par int\u00e9rim en mati\u00e8re administrative, \n \nD\u00e9cide \nArticle 1  \n \nSubd\u00e9l\u00e9gation de signature est donn\u00e9e \u00e0 Azadeh AKRAMI -CASTANON,  directrice de l'unit\u00e9 \nd\u00e9partementale des Hauts-de-Seine, \u00e0 effet de signer dans le cadre de ses attributions, tous les actes, \narr\u00eat\u00e9s, d\u00e9cisions, conventions, circulaires, rapports, correspondances dans le champ des comp\u00e9tences \nque la pr\u00e9fecture de r\u00e9gion d\u00e9l\u00e8gue \u00e0 la direction r\u00e9gionale et interd\u00e9partementale  de l'\u00e9conomie, de \nl'emploi, du travail et des solidarit\u00e9s d'Ile -de-France (DRIEETS) \u00e0 l'exclusion des actes mentionn\u00e9s \u00e0 \nl'article 3 du pr\u00e9sent arr\u00eat\u00e9. \nDirection r\u00e9gionale et interd\u00e9partementale de l'\u00e9conomie, de l'emploi, du travail et des solidarit\u00e9s d'\u00cele-de-France -\nIDF-2025-04-09-00003 - D\u00e9cision n\u00b0 2025-058 du 9 avril 2025\nPortant subd\u00e9l\u00e9gation de signature de Monsieur Marc Rohfritsch, Directeur r\u00e9gional et interd\u00e9partemental de l'\u00c9conomie, de l'Emploi,\ndu Travail et des Solidarit\u00e9s d'\u00cele-de-France par int\u00e9rim, aux agents de l'unit\u00e9 d\u00e9partementale des Hauts-de-Seine\n60\n \n 3 / 4 \nAucune subd\u00e9l\u00e9gation ne pourra \u00eatre op\u00e9r\u00e9e par le directeur d'unit\u00e9 concernant la signature des \nconventions attributives de subventions accord\u00e9es au titre du fonds de d\u00e9veloppement de l'inclusion \n(FDI), dans le cadre de l'insertion par l'activit\u00e9 \u00e9conomique (IAE). \n \nUne copie de cette d\u00e9cision de subd\u00e9l\u00e9gation sera adress\u00e9e au directeur r\u00e9gional et interd\u00e9partemental \nde l'\u00e9conomie, de l'emploi, du travail et des solidarit\u00e9s d'\u00cele-de-France. \n \n \nArticle 2  \n \nEn cas d'absence ou d'emp\u00eachement du responsable de l'unit\u00e9 d\u00e9partementale concern\u00e9e, la \nsubd\u00e9l\u00e9gation de signature, est exerc\u00e9e par les personnes ci-dessous mentionn\u00e9es, dans la limite de leurs \ncomp\u00e9tences : \n \n- Gwena\u00eblle BOISARD, directrice adjointe de l'unit\u00e9 d\u00e9partementale, \n- Val\u00e9rie GUERN, responsable du p\u00f4le \u00ab \u00e9conomie, emploi, solidarit\u00e9s \u00bb \n- J\u00e9r\u00f4me SAJOT, responsable du p\u00f4le \u00ab politique du travail \u00bb, \n- Lolita REINA-RICO, adjointe au responsable du p\u00f4le \u00ab politique du travail \u00bb. \n \nArticle 3 \n \nSont exclus de la d\u00e9l\u00e9gation consentie aux articles 1 du pr\u00e9sent arr\u00eat\u00e9 : \n \n- Les conventions avec les collectivit\u00e9s territoriales et leurs \u00e9tablissements publics ; \n- Les conventions des appels \u00e0 projets r\u00e9gionaux du plan d'investissement dans les comp\u00e9tences ; \n- Les conventions pluriannuelles d'objectifs (CPO) des missions locales, except\u00e9 les avenants pour \nles soldes annuels ; \n- Les conventions avec les structures de soutien \u00e0 l'insertion par l'activit\u00e9 \u00e9conomique, except\u00e9 \nles avenants et les actes de gestion aff\u00e9rents ; un tableau de suivi de la programmation par \nstructure est transmis trimestriellement ; \n- Les m\u00e9moires en d\u00e9fense pr\u00e9sent\u00e9s au nom de l'\u00c9tat \u00e0 l'occasion des recours form\u00e9s devant les \njuridictions administratives et n\u00e9s de l'activit\u00e9 de la DRIEETS, de la DIRECCTE ou de la DRCS d'Ile-\nde-France, sauf en ce qui concerne ceux n\u00e9s de l'exercice des comp\u00e9tences propres exerc\u00e9es par \nle directeur r\u00e9gional de la DIRECCTE ou le Directeur r\u00e9gional et interd\u00e9partemental de la \nDRIEETS ou des agents qui lui sont hi\u00e9rarchiquement rattach\u00e9s, en mati\u00e8re d'accompagnement \ndes restructurations d'entreprise et d'inspection de la l\u00e9gislation du travail, de mesures de police \nadministrative prises en application du code de commerce et du code de la consommation et \nen mati\u00e8re de m\u00e9trologie l\u00e9gale, ainsi que dans les cas de proc\u00e9dure d'urgence pr\u00e9vus au livre V \ndu code de justice administrative ; \n- Les correspondances avec les parlementaires, les anciens ministres, les conseillers r\u00e9gionaux et \nd\u00e9partementaux, les pr\u00e9sidents des associations des maires, la maire de Paris et les maires des \ncommunes chefs-lieux de d\u00e9partement ; \n- Les correspondances entrant dans le cadre de la n\u00e9gociation du contrat de plan \u00c9tat-r\u00e9gion ; \n \nPar ailleurs, une copie de toutes correspondances destin\u00e9es aux autres \u00e9lus, maires, conseillers \nmunicipaux ainsi que de celles concernant le contr\u00f4le de l\u00e9galit\u00e9 et les m\u00e9moires produits dans le cadre \ndes proc\u00e9dures d'urgence susmentionn\u00e9es, sera simultan\u00e9ment adress\u00e9e au pr\u00e9fet de la r\u00e9gion d'\u00cele-de-\nFrance. \n \nArticle 4 \n \nLa pr\u00e9sente d\u00e9cision de d\u00e9l\u00e9gation de signature porte abrogation de la d\u00e9cision n\u00b0  2024-055 du 8 avril \n2024. \nDirection r\u00e9gionale et interd\u00e9partementale de l'\u00e9conomie, de l'emploi, du travail et des solidarit\u00e9s d'\u00cele-de-France -\nIDF-2025-04-09-00003 - D\u00e9cision n\u00b0 2025-058 du 9 avril 2025\nPortant subd\u00e9l\u00e9gation de signature de Monsieur Marc Rohfritsch, Directeur r\u00e9gional et interd\u00e9partemental de l'\u00c9conomie, de l'Emploi,\ndu Travail et des Solidarit\u00e9s d'\u00cele-de-France par int\u00e9rim, aux agents de l'unit\u00e9 d\u00e9partementale des Hauts-de-Seine\n61\n \n 4 / 4 \nArticle 5 \n \nLe Directeur r\u00e9gional et interd\u00e9partemental de l'\u00e9conomie, de l'emploi, du travail et des solidarit\u00e9s d'\u00cele-\nde-France est charg\u00e9 de l'ex\u00e9cution de la pr\u00e9sente d\u00e9cision qui sera publi\u00e9e au recueil des actes \nadministratifs de la r\u00e9gion Ile-de-France. \n  \n \nFait \u00e0 Aubervilliers le 9 avril 2025 \n \nLe Directeur r\u00e9gional et interd\u00e9partemental de \nl'\u00e9conomie, de l'emploi, du travail et des \nsolidarit\u00e9s par int\u00e9rim \n \n \nSIGN\u00c9 \n \n \nMarc ROHFRITSCH \n \n \nDirection r\u00e9gionale et interd\u00e9partementale de l'\u00e9conomie, de l'emploi, du travail et des solidarit\u00e9s d'\u00cele-de-France -\nIDF-2025-04-09-00003 - D\u00e9cision n\u00b0 2025-058 du 9 avril 2025\nPortant subd\u00e9l\u00e9gation de signature de Monsieur Marc Rohfritsch, Directeur r\u00e9gional et interd\u00e9partemental de l'\u00c9conomie, de l'Emploi,\ndu Travail et des Solidarit\u00e9s d'\u00cele-de-France par int\u00e9rim, aux agents de l'unit\u00e9 d\u00e9partementale des Hauts-de-Seine\n62\nDirection r\u00e9gionale et interd\u00e9partementale de\nl'\u00e9conomie, de l'emploi, du travail et des\nsolidarit\u00e9s d'\u00cele-de-France\nIDF-2025-04-09-00004\nD\u00e9cision n\u00b0 2025-059 du 9 avril 2025\nportant subd\u00e9l\u00e9gation de signature de Monsieur\nMarc Rohfritsch, Directeur r\u00e9gional et\ninterd\u00e9partemental de l'\u00c9conomie, de l'Emploi,\ndu Travail et des Solidarit\u00e9s d'\u00cele-de-France\npar int\u00e9rim, aux agents de l'unit\u00e9\nd\u00e9partementale de Seine-Saint-Denis\nDirection r\u00e9gionale et interd\u00e9partementale de l'\u00e9conomie, de l'emploi, du travail et des solidarit\u00e9s d'\u00cele-de-France -\nIDF-2025-04-09-00004 - D\u00e9cision n\u00b0 2025-059 du 9 avril 2025\nportant subd\u00e9l\u00e9gation de signature de Monsieur Marc Rohfritsch, Directeur r\u00e9gional et interd\u00e9partemental de l'\u00c9conomie, de l'Emploi,\ndu Travail et des Solidarit\u00e9s d'\u00cele-de-France\npar int\u00e9rim, aux agents de l'unit\u00e9 d\u00e9partementale de Seine-Saint-Denis\n63\nPREFET |DE LA REGIOND'\u00ceLE-DE-FRANCELibert\u00e9Egalit\u00e9Fraternit\u00e9\n Direction r\u00e9gionale et interd\u00e9partementale \nde l'\u00e9conomie, de l'emploi, \ndu travail et des solidarit\u00e9s  \n \n \nDRIEETS \u00cele-de-France \n21 rue Madeleine Vionnet  \n93300 AUBERVILLIERS \n \n \n \n \n           D\u00c9CISION n\u00b0 2025-059 du 9 avril 2025 \n \nPortant subd\u00e9l\u00e9gation de signature de Monsieur Marc Rohfritsch, Directeur r\u00e9gional et \ninterd\u00e9partemental de l'\u00c9conomie, de l'Emploi, du Travail et des Solidarit\u00e9s d'\u00cele -de-France \npar int\u00e9rim, aux agents de l'unit\u00e9 d\u00e9partementale de Seine-Saint-Denis \n \n \nLE PR\u00c9FET DE LA R\u00c9GION D'\u00ceLE-DE-FRANCE \nPR\u00c9FET DE PARIS \nCOMMANDEUR DE LA L\u00c9GION D'HONNEUR \nOFFICIER DE L'ORDRE NATIONAL DU M\u00c9RITE \n \n \nLe Directeur r\u00e9gional et interd\u00e9partemental de l'\u00e9conomie, de l'emploi, du travail et des solidarit\u00e9s d'\u00cele-\nde-France, \n \nVu le code g\u00e9n\u00e9ral de fonction publique, notamment son article L.323-1 ; \n \nVu le code de l'action sociale et des familles ; \n \nVu le code de la commande publique ; \n \nVu le code de commerce ; \n \nVu le code de la consommation ; \n \nVu le code de justice administrative ; \n \nVu le code de la s\u00e9curit\u00e9 sociale ; \n \nVu le code du tourisme ; \n \nVu le code du travail ; \n \nVu la loi du 4 juillet 1837 modifi\u00e9e relative aux poids et mesures ;  \n \nVu la loi n\u00b0 82 -213 du 2 mars 1982 modifi\u00e9e relative aux droits et libert\u00e9s des communes, des \nd\u00e9partements et des r\u00e9gions ; \n \nVu le d\u00e9cret n\u00b0 2004 -374 du 29 avril 2004 modifi\u00e9 relatif aux pouvoirs des pr\u00e9fets, \u00e0 l'organisation et \u00e0 \nl'action des services de l'\u00c9tat dans les r\u00e9gions et d\u00e9partements ; \n \nVu le d\u00e9cret n\u00b0 2010 -687 du 24 juin 2010 modifi\u00e9 relatif \u00e0 l'organisation et aux missions des services de \nl'\u00c9tat dans la r\u00e9gion et les d\u00e9partements d'Ile-de-France et notamment ses articles 20-1 et 20-2 ; \n \nDirection r\u00e9gionale et interd\u00e9partementale de l'\u00e9conomie, de l'emploi, du travail et des solidarit\u00e9s d'\u00cele-de-France -\nIDF-2025-04-09-00004 - D\u00e9cision n\u00b0 2025-059 du 9 avril 2025\nportant subd\u00e9l\u00e9gation de signature de Monsieur Marc Rohfritsch, Directeur r\u00e9gional et interd\u00e9partemental de l'\u00c9conomie, de l'Emploi,\ndu Travail et des Solidarit\u00e9s d'\u00cele-de-France\npar int\u00e9rim, aux agents de l'unit\u00e9 d\u00e9partementale de Seine-Saint-Denis\n64\n \n \n2 / 4 \nVu le d\u00e9cret n\u00b0 2013-571 du 1er juillet 2013 modifi\u00e9 autorisant les ministres charg\u00e9s des affaires sociales, \nde la sant\u00e9, des sports, de la jeunesse, de l'\u00e9ducation populaire et de la vie associative \u00e0 d\u00e9l\u00e9guer certains \nde leurs pouvoirs pour le recrutement et la gestion d'agents plac\u00e9s sous leur autorit\u00e9 ;  \n \nVu le d\u00e9cret n\u00b0 2015-510 du 7 mai 2015 modifi\u00e9 portant charte de la d\u00e9concentration ;  \n \nVu le d\u00e9cret du 22 juillet 2020 portant nomination de Monsieur Marc GUILLAUME en qualit\u00e9 de pr\u00e9fet \nde la r\u00e9gion d'\u00cele-de-France, pr\u00e9fet de Paris ; \n \nVu le d\u00e9cret n\u00b0 2020 -1545 du 9 d\u00e9cembre 2020 modifi\u00e9 relatif \u00e0 l'organisation et aux missions des \ndirections r\u00e9gionales de l'\u00e9conomie, de l'emploi, du travail et des solidarit\u00e9s, des directions \nd\u00e9partementales de l'emploi, du travail et des solidarit\u00e9s et des directions d\u00e9partementales de l'emploi, \ndu travail, des solidarit\u00e9s et de la protection des populations ; \n \nVu l'arr\u00eat\u00e9 du 25 novembre 2014 modifi\u00e9 portant d\u00e9l\u00e9gation de certains pouvoirs de recrutement et de \ngestion d'agents relevant du ministre charg\u00e9 du travail et de l'emploi ;  \n \nVu l'arr\u00eat\u00e9 du 29 d\u00e9cembre 2016 fixant la liste des actes relatifs \u00e0 la situation individuelle des agents \npublics exer\u00e7ant leurs fonctions dans les services d\u00e9concentr\u00e9s des administrations civiles de l'\u00c9tat pour \nlesquels l'avis du chef de service d\u00e9concentr\u00e9 sous l'autorit\u00e9 duquel sont plac\u00e9s ces personnels est requis \npr\u00e9alablement \u00e0 leur \u00e9diction ; \n \nVu l'arr\u00eat\u00e9 du 29 d\u00e9cembre 2016 modifi\u00e9 portant d\u00e9concentration des actes relatifs \u00e0 la situation \nindividuelle des agents publics exer\u00e7ant leurs fonctions dans les services d\u00e9concentr\u00e9s des \nadministrations civiles de l' \u00c9tat au sens de l'article 15 du d\u00e9cret n\u00b0 2004 -374 du 29 avril 2004 modifi\u00e9 \nrelatif aux pouvoirs des pr\u00e9fets, \u00e0 l'organisation et \u00e0 l'action des services de l' \u00c9tat dans les r\u00e9gions et \nd\u00e9partements ; \n \nVu l'arr\u00eat\u00e9 interminist\u00e9riel du 13 d\u00e9cembre 2022 nommant Monsieur David SOUBRI\u00c9 directeur r\u00e9gional \net interd\u00e9partemental adjoint de l'\u00e9conomie, de l'emploi, du travail et des solidarit\u00e9s d'\u00cele-de-France, \ncharg\u00e9 des fonctions de directeur de l'unit\u00e9 d\u00e9partementale de Seine -Saint-Denis \u00e0 la direction \nr\u00e9gionale et interd\u00e9partementale de l'\u00e9conomie, de l'emploi, du travail et des solidarit\u00e9s d'Ile -de-\nFrance ; \n \nVu l'arr\u00eat\u00e9 interminist\u00e9riel du 16 juin 2021 nommant Madame Laurence DEGENNE-SHORTEN directrice \nadjointe de l 'unit\u00e9 d\u00e9partementale de  la Seine-Saint-Denis \u00e0 la direction r\u00e9gionale et \ninterd\u00e9partementale de l'\u00e9conomie, de l'emploi, du travail et des solidarit\u00e9s d'Ile-de-France ; \n \nVu l'arr\u00eat\u00e9 interminist\u00e9riel du 20 mars 2025 nommant Marc ROHFRITSCH directeur r\u00e9gional et \ninterd\u00e9partemental de l'\u00e9conomie, de l'emploi, du travail et des solidarit\u00e9s d'\u00cele-de-France par int\u00e9rim \u00e0 \ncompter du 1er avril 2025, \n \nVu l'arr\u00eat\u00e9 IDF-2025-04-04-00007 du 4 avril 2025, de Monsieur Marc GUILLAUME, Pr\u00e9fet de la r\u00e9gion d'\u00cele-\nde-France, Pr\u00e9fet de Paris, portant d\u00e9l\u00e9gation de signature \u00e0 Monsieur Marc ROHFRITSCH , Directeur \nr\u00e9gional et interd\u00e9partemental de l'\u00c9conomie, de l'Emploi, du Travail et des Solidarit\u00e9s d'Ile -de-France \n(DRIEETS) par int\u00e9rim en mati\u00e8re administrative ;  \n \n \nD\u00e9cide \n  \nDirection r\u00e9gionale et interd\u00e9partementale de l'\u00e9conomie, de l'emploi, du travail et des solidarit\u00e9s d'\u00cele-de-France -\nIDF-2025-04-09-00004 - D\u00e9cision n\u00b0 2025-059 du 9 avril 2025\nportant subd\u00e9l\u00e9gation de signature de Monsieur Marc Rohfritsch, Directeur r\u00e9gional et interd\u00e9partemental de l'\u00c9conomie, de l'Emploi,\ndu Travail et des Solidarit\u00e9s d'\u00cele-de-France\npar int\u00e9rim, aux agents de l'unit\u00e9 d\u00e9partementale de Seine-Saint-Denis\n65\n \n \n3 / 4 \nArticle 1  \n \nSubd\u00e9l\u00e9gation de signature est donn\u00e9e \u00e0 Monsieur David SOUBRI\u00c9 , directeur  par int\u00e9rim de l'unit\u00e9 \nd\u00e9partementale de la Seine-Saint-Denis, \u00e0 effet de signer dans le cadre de ses attributions, tous les actes, \narr\u00eat\u00e9s, d\u00e9cisions, conventions, circulaires, rapports, correspondances dans le champ des comp\u00e9tences \nque la pr\u00e9fecture de r\u00e9gion d\u00e9l\u00e8gue \u00e0 la direction r\u00e9gionale et interd\u00e9partementale  de l'\u00e9conomie, de \nl'emploi, du travail et des solidarit\u00e9s d'Ile -de-France (DRIEETS) \u00e0 l'exclusion des actes mentionn\u00e9s \u00e0 \nl'article 3 du pr\u00e9sent arr\u00eat\u00e9. \n \nAucune subd\u00e9l\u00e9gation ne pourra \u00eatre op\u00e9r\u00e9e par le directeur d'unit\u00e9 concernant la signature des \nconventions attributives de subventions accord\u00e9es au titre du fond s de d\u00e9veloppement de l'inclusion \n(FDI), dans le cadre de l'insertion par l'activit\u00e9 \u00e9conomique (IAE). \n \nUne copie de cette d\u00e9cision de subd\u00e9l\u00e9gation sera adress\u00e9e au directeur r\u00e9gional et interd\u00e9partemental \nde l'\u00e9conomie, de l'emploi, du travail et des solidarit\u00e9s d'\u00cele-de-France. \n \n \nArticle 2  \n \nEn cas d'absence ou d'emp\u00eachement du responsable de l'unit\u00e9 d\u00e9partementale concern\u00e9e, la \nsubd\u00e9l\u00e9gation de signature, est exerc\u00e9e par les personnes ci-dessous mentionn\u00e9es, dans la limite de leurs \ncomp\u00e9tences : \n \n- Mme Laurence DEGENNE-SHORTEN, directrice adjointe de l'unit\u00e9 d\u00e9partementale de la Seine-\nSaint-Denis ; \n- M. Matthieu CHAPELON, responsable du p\u00f4le \u00ab entreprises, emploi et solidarit\u00e9s \u00bb ;  \n- M. Alexandre AZARI, responsable du p\u00f4le politique du travail ; \n- M. Pierre-Yves HANNUS, chef du service d'appui du syst\u00e8me d'inspection du travail  ; \n- M. Yves DOUBLIER, chef du d\u00e9partement accompagnement des entreprises  ; \n- Mme M\u00e9lissa CHOLLET -MAKOUCHE, c heffe du service d\u00e9veloppement de l'emploi et des \ncomp\u00e9tences, adjointe \u00e0 la cheffe du d\u00e9partement accompagnement des entreprises  \n- M. Th\u00e9o COPPEL, chef du d\u00e9partement protection et insertion des jeunes ; \n- M. Sayaf EL -MABROUK, chef du service int\u00e9gration, adjoint au chef du d\u00e9partement \nprotection et insertion des jeunes ;  \n- Mme Elodie ALMERAS, cheffe du d\u00e9partement \u00ab protection et insertion des adultes \u00bb.  \n- Mme Sylvie HEDDEBAUT, cheffe du service acc\u00e8s au droit, renseignement du  public et accords \nd'entreprise ; \n- M. Kaevin TALON, chef de la section centrale du travail ; \n- Mme Ang\u00e9lica TRINDADE-CHADEAU, cheffe du d\u00e9partement animation territoriale.  \n \n \nArticle 3 \n \nSont exclus de la d\u00e9l\u00e9gation consentie \u00e0 l'article 1 du pr\u00e9sent arr\u00eat\u00e9 : \n \n- Les conventions avec les collectivit\u00e9s territoriales et leurs \u00e9tablissements publics ;  \n- Les conventions des appels \u00e0 projets r\u00e9gionaux du plan d'investissement dans les comp\u00e9tences ; \n- Les conventions pluriannuelles d'objectifs (CPO) des missions locales, except\u00e9 les avenants pour \nles soldes annuels ; \n- Les conventions avec les structures de soutien \u00e0 l'insertion par l'activit\u00e9 \u00e9conomique, except\u00e9 \nles avenants et les actes de gestion aff\u00e9rents ; un tableau de suivi de la programmation par \nstructure est transmis trimestriellement ; \n- Les m\u00e9moires en d\u00e9fense pr\u00e9sent\u00e9s au nom de l'\u00c9tat \u00e0 l'occasion des recours form\u00e9s devant les \nDirection r\u00e9gionale et interd\u00e9partementale de l'\u00e9conomie, de l'emploi, du travail et des solidarit\u00e9s d'\u00cele-de-France -\nIDF-2025-04-09-00004 - D\u00e9cision n\u00b0 2025-059 du 9 avril 2025\nportant subd\u00e9l\u00e9gation de signature de Monsieur Marc Rohfritsch, Directeur r\u00e9gional et interd\u00e9partemental de l'\u00c9conomie, de l'Emploi,\ndu Travail et des Solidarit\u00e9s d'\u00cele-de-France\npar int\u00e9rim, aux agents de l'unit\u00e9 d\u00e9partementale de Seine-Saint-Denis\n66\n \n \n4 / 4 \njuridictions administratives et n\u00e9s de l'activit\u00e9 de la DRIEETS, de la DIRECCTE ou de la DRCS d'Ile-\nde-France, sauf en ce qui concerne ceux n\u00e9s de l'exercice des comp\u00e9tences propres exerc\u00e9es par \nle directeur r\u00e9gional de la DIRECCTE ou le Directeur r\u00e9gional  et interd\u00e9partemental de la \nDRIEETS ou des agents qui lui sont hi\u00e9rarchiquement rattach\u00e9s, en mati\u00e8re d'accompagnement \ndes restructurations d'entreprise et d'inspection de la l\u00e9gislation du travail, de mesures de police \nadministrative prises en applicatio n du code de commerce et du code de la consommation et \nen mati\u00e8re de m\u00e9trologie l\u00e9gale, ainsi que dans les cas de proc\u00e9dure d'urgence pr\u00e9vus au livre V \ndu code de justice administrative ; \n- Les correspondances avec les parlementaires, les anciens ministres, les conseillers r\u00e9gionaux et \nd\u00e9partementaux, les pr\u00e9sidents des associations des maires et les maires des communes chefs -\nlieux de d\u00e9partement ; \n- Les correspondances entrant dans le cadre de la n\u00e9gociation du contrat de plan \u00c9tat r\u00e9gion ;  \n \nPar ailleurs, une copie de toute correspondance destin\u00e9e aux autres \u00e9lus, maires, conseillers municipaux \nainsi que de celles concernant le contr\u00f4le de l\u00e9galit\u00e9 et les m\u00e9moires produits dans le cadre des \nproc\u00e9dures d'urgence susmentionn\u00e9es, sera simultan\u00e9me nt adress\u00e9e au pr\u00e9fet de la r\u00e9gion d' \u00cele-de-\nFrance. \n \n \nArticle 4 \n \nLa pr\u00e9sente d\u00e9cision de d\u00e9l\u00e9gation de signature porte abrogation de la d\u00e9cision n \u00b0 2024-210 du 10 \nd\u00e9cembre 2024. \n \n \nArticle 5 \n \nLe Directeur r\u00e9gional et interd\u00e9partemental de l'\u00e9conomie, de l'emploi, du travail et des solidarit\u00e9s d'\u00cele-\nde-France est charg\u00e9 de l'ex\u00e9cution de la pr\u00e9sente d\u00e9cision qui sera publi\u00e9e au recueil des actes \nadministratifs de la pr\u00e9fecture de la r\u00e9gion \u00cele-de-France, pr\u00e9fecture de Paris. \n  \n \n \nFait \u00e0 Aubervilliers le 9 avril 2025 \n \nLe Directeur r\u00e9gional et interd\u00e9partemental \nde l'\u00e9conomie, de l'emploi, du travail et des \nsolidarit\u00e9s par int\u00e9rim \n \n \nSIGN\u00c9 \n \n \nMarc ROHFRITSCH \n \n \nDirection r\u00e9gionale et interd\u00e9partementale de l'\u00e9conomie, de l'emploi, du travail et des solidarit\u00e9s d'\u00cele-de-France -\nIDF-2025-04-09-00004 - D\u00e9cision n\u00b0 2025-059 du 9 avril 2025\nportant subd\u00e9l\u00e9gation de signature de Monsieur Marc Rohfritsch, Directeur r\u00e9gional et interd\u00e9partemental de l'\u00c9conomie, de l'Emploi,\ndu Travail et des Solidarit\u00e9s d'\u00cele-de-France\npar int\u00e9rim, aux agents de l'unit\u00e9 d\u00e9partementale de Seine-Saint-Denis\n67\nDirection r\u00e9gionale et interd\u00e9partementale de\nl'\u00e9conomie, de l'emploi, du travail et des\nsolidarit\u00e9s d'\u00cele-de-France\nIDF-2025-04-09-00007\nD\u00e9cision n\u00b0 2025-063 du 9 avril 2025\nPortant subd\u00e9l\u00e9gation de signature de Monsieur\nMarc Rohfritsch, Directeur r\u00e9gional et\ninterd\u00e9partemental de l'\u00c9conomie, de l'Emploi,\ndu Travail et des Solidarit\u00e9s d'\u00cele-de-France par\nint\u00e9rim\nDirection r\u00e9gionale et interd\u00e9partementale de l'\u00e9conomie, de l'emploi, du travail et des solidarit\u00e9s d'\u00cele-de-France -\nIDF-2025-04-09-00007 - D\u00e9cision n\u00b0 2025-063 du 9 avril 2025\nPortant subd\u00e9l\u00e9gation de signature de Monsieur Marc Rohfritsch, Directeur r\u00e9gional et interd\u00e9partemental de l'\u00c9conomie, de l'Emploi,\ndu Travail et des Solidarit\u00e9s d'\u00cele-de-France par int\u00e9rim\n68\nPREFETDE PARISLibert\u00e9Egalit\u00e9Fraternit\u00e9\nPR\u00c9FETDES HAUTS-DE-SEINELibert\u00e9\u00c9galit\u00e9Fraternit\u00e9\nEnPREFETDE SEINE-ET-MARNELibert\u00e9Egalit\u00e9Fraternit\u00e9\nPR\u00c9FETDE LA SEINE-SAINT-DENISLibert\u00e9Egalit\u00e9Fraternit\u00e9\nPR\u00c9FETDE L'ESSONNELibert\u00e9Egalit\u00e9Fraternit\u00e9\nPR\u00c9FETDU VAL-DE-MARNELibert\u00e9Egalit\u00e9Fraternit\u00e9\n \nDRIEETS Ile de France  \n21 rue Madeleine Vionnet  \n93300 AUBERVILLIERS \n    \n    \n \n \n \n \n \n \n \n \n \n \n \n \n \n \n \n \nDirection r\u00e9gionale et interd\u00e9partementale \nde l'\u00e9conomie, de l'emploi, \ndu travail et des solidarit\u00e9s  \n \n \n \n            \nD\u00c9CISION n\u00b0 2025-063 du 9 avril 2025 \n \nPortant subd\u00e9l\u00e9gation de signature de Monsieur Marc Rohfritsch, Directeur r\u00e9gional et \ninterd\u00e9partemental de l'\u00c9conomie, de l'Emploi, du Travail et des Solidarit\u00e9s d'\u00cele -de-France par int\u00e9rim \n \n \nVu le code du commerce ;  \n \nVu le code de la consommation ; \n \nVu le code de la sant\u00e9 publique ; \n \nVu le code du tourisme ; \n \nVu le code du travail ; \n \nVu la loi n\u00b0 82 -213 du 2 mars 1982 relative aux droits et libert\u00e9s des communes, des \nd\u00e9partements et des r\u00e9gions, modifi\u00e9e ; \n \nVu la loi d'orientation n\u00b0 92 -125 du 6 f\u00e9vrier 1992 modifi\u00e9e relative \u00e0 l'administration \nterritoriale de la R\u00e9publique, notamment ses articles 4 et 6 ;  \n \nVu le d\u00e9cret n\u00b0 97 -34 du 15 janvier 1997 relatif \u00e0 la d\u00e9concentration des d\u00e9cisions \nadministratives individuelles ;  \n \nVu le d\u00e9cret n\u00b02001-387 du 3 mai 2001 relatif au contr\u00f4le des instruments de mesure ;  \n \nDirection r\u00e9gionale et interd\u00e9partementale de l'\u00e9conomie, de l'emploi, du travail et des solidarit\u00e9s d'\u00cele-de-France -\nIDF-2025-04-09-00007 - D\u00e9cision n\u00b0 2025-063 du 9 avril 2025\nPortant subd\u00e9l\u00e9gation de signature de Monsieur Marc Rohfritsch, Directeur r\u00e9gional et interd\u00e9partemental de l'\u00c9conomie, de l'Emploi,\ndu Travail et des Solidarit\u00e9s d'\u00cele-de-France par int\u00e9rim\n69\n2 / 4 \nVu le d\u00e9cret n\u00b0 2004 -374 du 29 avril 2004 modifi\u00e9 relatif aux pouvoirs des pr\u00e9fets, \u00e0 \nl'organisation et \u00e0 l'action des services de l'\u00c9tat dans les r\u00e9gions et d\u00e9partements ; \n \nVu le d\u00e9cret n\u00b0 2009-360 du 31 mars 2009 relatif aux emplois de direction de l'administration \nterritoriale de l'\u00c9tat ; \n \nVu le d\u00e9cret n\u00b02010-146 du 16 f\u00e9vrier 2010 modifiant le d\u00e9cret n\u00b0 2004 -374 du 29 avril 2004 \nrelatif aux pouvoirs des pr\u00e9fets, \u00e0 l'organisation et \u00e0 l'action des services de l' \u00c9tat dans les \nr\u00e9gions et d\u00e9partements ; \n \nVu le d\u00e9cret n\u00b0 2010-687 du 24 juin 2010 relatif \u00e0 l'organisation et \u00e0 l'action des services de \nl'\u00e9tat dans la r\u00e9gion et les d\u00e9partements d'Ile de France ; \n \nVu le d\u00e9cret n\u00b02015 -1689 du 17 d\u00e9cembre 2015 portant diverses mesures d'organisation et \nde fonctionnement dans les r\u00e9gions de l'administration territoriale de l' \u00c9tat et de \ncommissions administratives ; \n \nVu le d\u00e9cret n\u00b0 2020 -1545 du 9 d\u00e9cembre 2020 relatif \u00e0 l'organisation et aux missions des \ndirections r\u00e9gionales de l'\u00e9conomie, de l'emploi, du travail et des solidarit\u00e9s, des directions \nd\u00e9partementales de l'emploi, du travail et des solidarit\u00e9s et des directions d\u00e9partementales \nde l'emploi, du travail, des solidarit\u00e9s et de la protection des populations ;  \n \nVu le d\u00e9cret du 22 juillet 2020 portant nomination de Monsieur Marc GUILLAUME en qualit\u00e9 \nde pr\u00e9fet de la r\u00e9gion d'Ile-de-France, pr\u00e9fet de Paris ; \n \nVu le d\u00e9cret du 6 septembre 2023 portant nomination de M. Pierre ORY, pr\u00e9fet de Seine-et-\nMarne ; \n \nVu le d\u00e9cret du 7 f\u00e9vrier 2024  portant nomination de Madame Fr\u00e9d\u00e9rique CAMILLERI  en \nqualit\u00e9 de Pr\u00e9f\u00e8te de l'Essonne ; \n \nVu le d\u00e9cret du 31 octobre 2024  portant nomination de Monsieur Alexandre BRUGERE en \nqualit\u00e9 de Pr\u00e9fet des Hauts-de-Seine ; \n \nVu le d\u00e9cret du 6 novembre 2024  portant nomination de Monsieur Julien CHARLES  en \nqualit\u00e9 de Pr\u00e9fet de la Seine-Saint-Denis ; \n \nVu le d\u00e9cret du 6 novembre 2024  portant nomination de Monsieur \u00c9tienne STOSKOPF  en \nqualit\u00e9 de Pr\u00e9fet du Val-de-Marne ; \n \nVu l'arr\u00eat\u00e9 interminist\u00e9riel du 23 d\u00e9cembre 2022 nommant Madame Martine BAUDOIN \ndirectrice adjointe de l'unit\u00e9 d\u00e9partementale de Paris, \nVu l'arr\u00eat\u00e9 interminist\u00e9riel du 20 mars 2025 nommant Marc ROHFRITSCH directeur r\u00e9gional \net interd\u00e9partemental de l'\u00e9conomie, de l'emploi, du travail et des solidarit\u00e9s d'\u00cele -de-\nFrance par int\u00e9rim \u00e0 compter du 1er avril 2025, \n \nVu l'arr\u00eat\u00e9 pr\u00e9fectoral n\u00b0 75-2025-04-04-00005 du 4 avril 2025 par lequel le Pr\u00e9fet de Paris \nd\u00e9l\u00e8gue sa signature \u00e0 Monsieur Marc ROHFRITSCH , directeur r\u00e9gional et \ninterd\u00e9partemental de l'\u00e9conomie, de l'emploi, du travail et des solidarit\u00e9s d'\u00cele -de-France \npar int\u00e9rim ; \n \nVu l'arr\u00eat\u00e9 pr\u00e9fectoral n\u00b025/DCSE/1 du 2 avril 2025  par lequel le pr\u00e9fet de Seine -et-Marne \nd\u00e9l\u00e8gue sa signature \u00e0 Monsieur Marc ROHFRITSCH , directeur r\u00e9gional et \ninterd\u00e9partemental de l'\u00e9conomie, de l'emploi, du travail et des solidarit\u00e9s d'\u00cele -de-France \npar int\u00e9rim ; \n \n \nDirection r\u00e9gionale et interd\u00e9partementale de l'\u00e9conomie, de l'emploi, du travail et des solidarit\u00e9s d'\u00cele-de-France -\nIDF-2025-04-09-00007 - D\u00e9cision n\u00b0 2025-063 du 9 avril 2025\nPortant subd\u00e9l\u00e9gation de signature de Monsieur Marc Rohfritsch, Directeur r\u00e9gional et interd\u00e9partemental de l'\u00c9conomie, de l'Emploi,\ndu Travail et des Solidarit\u00e9s d'\u00cele-de-France par int\u00e9rim\n70\n3 / 4 \nVu l'arr\u00eat\u00e9 pr\u00e9fectoral n\u00b02025-PREF-DCPPAT-BCA-050 du 3 avril  par lequel l a Pr\u00e9f\u00e8te de \nl'Essonne d\u00e9l\u00e8gue sa signature \u00e0 Monsieur Marc ROHFRITSCH , directeur r\u00e9gional et \ninterd\u00e9partemental de l'\u00e9conomie, de l'emploi, du travail et des solidarit\u00e9s d'\u00cele -de-France \npar int\u00e9rim ; \n \nVu l'arr\u00eat\u00e9 pr\u00e9fectoral n\u00b0 2025-10 du 31 mars 2025  par lequel le Pr\u00e9f et des Hauts-de-Seine \nd\u00e9l\u00e8gue sa signature \u00e0 Monsieur Marc ROHFRITSCH , directeur r\u00e9gional et \ninterd\u00e9partemental de l'\u00e9conomie, de l'emploi, du travail et des solidarit\u00e9s d'\u00cele -de-France \npar int\u00e9rim ; \n \nVu l'arr\u00eat\u00e9 pr\u00e9fectoral n\u00b0  2025-065 du 04 avril 2025  par lequel le pr\u00e9fet de la Seine -Saint-\nDenis d\u00e9l\u00e8gue sa signature \u00e0 Monsieur Marc ROHFRITSCH , directeur r\u00e9gional et \ninterd\u00e9partemental de l'\u00e9conomie, de l'emploi, du travail et des solidarit\u00e9s d'\u00cele -de-France \npar int\u00e9rim ; \n \nVu l'arr\u00eat\u00e9 pr\u00e9fectoral n\u00b0  2025/01311 du 02 avril 2025  par lequel le Pr\u00e9fet du Val-de-Marne \nd\u00e9l\u00e8gue sa signature \u00e0 Monsieur Marc ROHFRITSCH , directeur r\u00e9gional et \ninterd\u00e9partemental de l'\u00e9conomie, de l'emploi, du travail et des solidarit\u00e9s d'\u00cele -de-France \npar int\u00e9rim ; \n \n \nD\u00c9CIDE \n \nArticle 1er \n \nSubd\u00e9l\u00e9gation de signature est donn\u00e9e \u00e0 Martine BAUDOIN , directrice adjointe  de l'unit\u00e9 \nd\u00e9partementale de Paris , directrice de l'unit\u00e9 d\u00e9partementale de Paris  par int\u00e9rim , \u00e0 effet de \nsigner les d\u00e9cisions, actes administratifs et correspondances relatives aux enfants du \nspectacle dont l'attribution a \u00e9t\u00e9 confi\u00e9e \u00e0 Marc ROHFRITSCH , directeur r\u00e9gional et \ninterd\u00e9partemental de l'\u00e9conomie, de l'emploi, du travail et des solidarit\u00e9s d'\u00cele -de-France par \nint\u00e9rim, par le pr\u00e9fet de la r\u00e9gion d'\u00cele -de-France, pr\u00e9fet de Paris, le pr\u00e9fet de Seine -et-Marne, la \npr\u00e9f\u00e8te de l'Essonne,  le pr\u00e9fet des Hauts-de-Seine, le pr\u00e9fet de la Seine-Saint-Denis, le pr\u00e9fet du \nVal-de-Marne : \n \nD\u00e9livrance, retrait des autorisations individuelles d'emploi des enfants dans les spectacles, les \nprofessions ambulantes et comme mannequins dans la publicit\u00e9 et la mode - article L.7124-1 \u00e0 \nL.7124-19 du code du travail. \n \nD\u00e9livrance, renouvellement, retrait, suspension de l'agr\u00e9ment de l'agence de mannequins \npermettant d'engager des enfants - Articles L.7124-5 et R.7124-1 du code du travail. \n \nLa s ubd\u00e9l\u00e9gation est donn\u00e9e \u00e0 Martine BAUDOIN  \u00e0 effet de signer les m\u00e9moires en d\u00e9fense \nproduits devant les juridictions administratives dans le cadre de proc\u00e9dures contentieuses \u00e0 \nl'encontre des d\u00e9cisions mentionn\u00e9es ci-dessus.  \n \nEn cas d'absence ou d'emp\u00eachement de Martine BAUDOIN , subd\u00e9l\u00e9gation de signature est \ndonn\u00e9e \u00e0 : \n- Marie MARCENA, directrice du p\u00f4le entreprises, emplois et solidarit\u00e9s ; \n- Patricia RENUCCI, directrice du d\u00e9partement protection et insertion des jeunes ; \n- Franck LEPERTEL, chef de la mission protection de l'enfance \nafin de signer les d\u00e9cisions et les m\u00e9moires en d\u00e9fense mentionn\u00e9s ci-dessus. \n \n  \nDirection r\u00e9gionale et interd\u00e9partementale de l'\u00e9conomie, de l'emploi, du travail et des solidarit\u00e9s d'\u00cele-de-France -\nIDF-2025-04-09-00007 - D\u00e9cision n\u00b0 2025-063 du 9 avril 2025\nPortant subd\u00e9l\u00e9gation de signature de Monsieur Marc Rohfritsch, Directeur r\u00e9gional et interd\u00e9partemental de l'\u00c9conomie, de l'Emploi,\ndu Travail et des Solidarit\u00e9s d'\u00cele-de-France par int\u00e9rim\n71\n4 / 4 \nArticle 2 \n \nUne copie de cette d\u00e9cision de subd\u00e9l\u00e9gation sera adress\u00e9e aux pr\u00e9fets de Paris, de la Seine -et-\nMarne, de l'Essonne, des Hauts-de-Seine, de la Seine-Saint-Denis, du Val-de-Marne.  \n \nArticle 3 \n \nLa d\u00e9cision n\u00b0 2023-184 du 6 d\u00e9cembre 2023 est abrog\u00e9e. \n \nArticle 4 \n \nLe Directeur r\u00e9gional et interd\u00e9partemental de l'\u00e9conomie, de l'emploi, du travail et des solidarit\u00e9s \nd'\u00cele-de-France, et les subd\u00e9l\u00e9gataires mentionn\u00e9 s ci -dessus, sont charg\u00e9s, chacun  en ce qui l e \nconcerne, de l'ex\u00e9cution de la pr\u00e9sente d\u00e9cision  qui sera publi\u00e9 e aux recueils des actes \nadministratifs de la pr\u00e9fecture de la r\u00e9gion  d'\u00cele-de-France, ainsi qu'aux recueils administratifs des \npr\u00e9fectures des d\u00e9partements de la r\u00e9gion d'\u00cele-de-France. \n \n \n \n \nFait \u00e0 Aubervilliers le 9 avril 2025 \n \nLe Directeur r\u00e9gional et interd\u00e9partemental de \nl'\u00e9conomie, de l'emploi, du travail et des \nsolidarit\u00e9s par int\u00e9rim \n \nSIGN\u00c9 \n \nMarc ROHFRITSCH \n \nDirection r\u00e9gionale et interd\u00e9partementale de l'\u00e9conomie, de l'emploi, du travail et des solidarit\u00e9s d'\u00cele-de-France -\nIDF-2025-04-09-00007 - D\u00e9cision n\u00b0 2025-063 du 9 avril 2025\nPortant subd\u00e9l\u00e9gation de signature de Monsieur Marc Rohfritsch, Directeur r\u00e9gional et interd\u00e9partemental de l'\u00c9conomie, de l'Emploi,\ndu Travail et des Solidarit\u00e9s d'\u00cele-de-France par int\u00e9rim\n72\nRectorat de la r\u00e9gion acad\u00e9mique\nd'Ile-de-France, rectorat de l'acad\u00e9mie de Paris\nIDF-2025-04-04-00023\nArr\u00eat\u00e9 n\u00b0 2025-032-RRA portant subd\u00e9l\u00e9gation\nde signature en mati\u00e8re administrative dans le\ndomaine des politiques de la jeunesse, de\nl'\u00e9ducation populaire, de la vie associative, de\nl'engagement civique et des sports\nRectorat de la r\u00e9gion acad\u00e9mique d'Ile-de-France, rectorat de l'acad\u00e9mie de Paris - IDF-2025-04-04-00023 - Arr\u00eat\u00e9 n\u00b0 2025-032-RRA\nportant subd\u00e9l\u00e9gation de signature en mati\u00e8re administrative dans le domaine des politiques de la jeunesse, de l'\u00e9ducation populaire,\nde la vie associative, de l'engagement civique et des sports\n73\nREGION ACADEMIQUE\u00ceLE-DE-FRANCE\nFraternit\u00e9\n \n1 \n \n \nArr\u00eat\u00e9 n\u00b02025-032-RRA portant subd\u00e9l\u00e9gation de signature  \nen mati\u00e8re administrative dans le domaine des politiques de la jeunesse, \nde l'\u00e9ducation populaire, de la vie associative, de l'engagement civique et des sports \n \n \nLA RECTRICE DE LA REGION ACADEMIQUE \u00ceLE-DE-FRANCE, \nRECTRICE DE L'ACAD\u00c9MIE DE PARIS \nCHANCELIERE DES UNIVERSIT\u00c9S DE PARIS  \nET D'\u00ceLE-DE-FRANCE \n \nVu le code de justice administrative ; \nVu le code du sport ; \nVu le code de l'action sociale et des familles ; \nVu le code de l'\u00e9ducation ; \nVu le code de la sant\u00e9 publique ; \nVu le code du travail ; \nVu le code g\u00e9n\u00e9ral des collectivit\u00e9s territoriales ; \nVu la loi n\u00b072-619 du 5 juillet 1972 modifi\u00e9e portant cr\u00e9ation et organisation des r\u00e9gions; \nVu la loi n\u00b082-213 du 2 mars 1982 modifi\u00e9e relative aux droits et libert\u00e9s des communes, des d\u00e9partements et \ndes r\u00e9gions ; \nVu la loi n\u00b092-125 du 6 f\u00e9vrier 1992 modifi\u00e9e relative \u00e0 l'administration territoriale de la R\u00e9publique ; \nVu le d\u00e9cret n\u00b097 -34 du 15 janvier 1997 modifi\u00e9 relatif \u00e0 la d\u00e9concentration des d\u00e9cisions administratives \nindividuelles ; \nVu le d\u00e9cret n\u00b02004-374 du 29 avril 2004 modifi\u00e9 relatif aux pouvoirs des pr\u00e9fets, \u00e0 l'organisat ion et \u00e0 l'action \ndes services de l'Etat dans les r\u00e9gions et d\u00e9partements ; \nVu le d\u00e9cret n\u00b02010 -687 du 24 juin 2010 modifi\u00e9 relatif \u00e0 l'organisation et aux missions des  services de l'Etat \ndans la r\u00e9gion et les d\u00e9partements d'Ile-de-France ; \nVu le d\u00e9cret n\u00b02020-139 du 19 f\u00e9vrier 2020 modifiant certaines dispositions relatives \u00e0 la pr\u00e9fecture de la r\u00e9gion \nd'Ile-de-France, pr\u00e9fecture de Paris ; \nVu le d\u00e9cret n\u00b02020 -1542 du 9 d\u00e9cembre 2020 relatif aux comp\u00e9tences des autorit\u00e9s acad\u00e9miques dans le \ndomaine des politiques de jeunesse, de l'\u00e9ducation populaire, de la vie associative, de l'engagement civique et \ndes sports et \u00e0 l'organisation des services charg\u00e9s de leur mise en \u0153uvre et notamment les articles 5 \u00e0 8 ; \nVu le d\u00e9cret du 22 juillet 2020 portant nominati on de M. Marc GUILLAUME en qualit\u00e9 de pr\u00e9fet de la r\u00e9gion \nd'Ile-de-France, pr\u00e9fet de Paris ; \nVu le d\u00e9cret du Pr\u00e9sident de la R\u00e9publique du 12 mars 2025 nommant Mme Julie BENETTI rectrice de la r\u00e9gion \nacad\u00e9mique Ile-de-France, rectrice de l'acad\u00e9mie de Paris ; \nVu l'arr\u00eat\u00e9 minist\u00e9riel en date du 8 d\u00e9cembre 2023 nommant Mme C\u00e9cile NICOL dans l'emploi de d\u00e9l\u00e9gu\u00e9e \nr\u00e9gionale acad\u00e9mique \u00e0 la jeunesse, \u00e0 l'engagement et aux sports de la r\u00e9gion acad\u00e9mique d'Ile-de-France ; \nVu l'arr\u00eat\u00e9 n\u00b02020 -32 du 21 d\u00e9cembre 2020 modifi\u00e9 portant organisation de la d\u00e9l\u00e9gation r\u00e9gionale \nacad\u00e9mique \u00e0 la jeunesse, \u00e0 l'engagement et aux sports d'Ile-de-France ; \n \n \nRectorat de la r\u00e9gion acad\u00e9mique d'Ile-de-France, rectorat de l'acad\u00e9mie de Paris - IDF-2025-04-04-00023 - Arr\u00eat\u00e9 n\u00b0 2025-032-RRA\nportant subd\u00e9l\u00e9gation de signature en mati\u00e8re administrative dans le domaine des politiques de la jeunesse, de l'\u00e9ducation populaire,\nde la vie associative, de l'engagement civique et des sports\n74\n \n2 \n \nVu l'arr\u00eat\u00e9 du pr\u00e9fet de la r\u00e9gion Ile-de-France n\u00b0IDF-2025-03-26-00003 du 26 mars 2025 portant d\u00e9l\u00e9gation de \nsignature \u00e0 Mme Julie BENETTI rectrice de la r\u00e9gion acad\u00e9mique Ile-de-France, rectrice de l'acad\u00e9mie de Paris, \nen mati\u00e8re administrative ; \nVu le protocole national du 15 d\u00e9cembre 2020 conclu entre le minist\u00e8re de l'int\u00e9rieur et l e minist\u00e8re de \nl'\u00e9ducation nationale, de la jeunesse et des sports relatif \u00e0 l'articulation des comp\u00e9tences entre les pr\u00e9fets et \nles recteurs pour la mise en \u0153uvre des missions concernant la jeunesse, l'engagement et les sports ; \nVu le protocole r\u00e9gional e t d\u00e9partemental du 24 d\u00e9cembre 2020 conclu entre le pr\u00e9fet de la r\u00e9gion d'Ile -de-\nFrance, pr\u00e9fet de Paris, et le recteur de la r\u00e9gion acad\u00e9mique d'\u00cele-de-France, recteur de l'acad\u00e9mie de Paris. \n \nARRETE \nARTICLE 1 : \nSubd\u00e9l\u00e9gation de signature, en mati\u00e8re administrative, est donn\u00e9e \u00e0 Mme C\u00e9cile NICOL, \nd\u00e9l\u00e9gu\u00e9e r\u00e9gionale acad\u00e9mique \u00e0 la jeunesse, \u00e0 l'engagement et aux sports d'\u00cele -de-France, \u00e0 \nl'effet de signer tous arr\u00eat\u00e9s, circulaires, d\u00e9cisions, pi\u00e8ces, conventions et correspondances \ndans le domaine des politiques de la jeunesse, de l'\u00e9ducation populaire, de la vie associative, de \nl'engagement civique et des sports relevant du d\u00e9cret n\u00b02004-374 du 29 avril 2004 susvis\u00e9, dans \nles conditions et r\u00e9serves fix\u00e9es aux articles 1 er et 2 de l'arr\u00eat\u00e9 pr\u00e9fectoral n\u00b0IDF-2025-03-26-\n00003 du 26 mars 2025 pr\u00e9cit\u00e9. \nARTICLE 2 : \nEn cas d'absence ou d'emp\u00eachement de Mme C\u00e9cile NICOL, d\u00e9l\u00e9gu\u00e9e r\u00e9gionale acad\u00e9miq ue \u00e0 \nla jeunesse, \u00e0 l'engagement et aux sports d'Ile-de-France subd\u00e9l\u00e9gation de signature est donn\u00e9e \n\u00e0 l'effet de signer tous actes, arr\u00eat\u00e9s, d\u00e9cisions et correspondances dans les conditions et \nr\u00e9serves fix\u00e9es aux articles 1er et 2 de l'arr\u00eat\u00e9 n\u00b0IDF-2025-03-26-00003 du 26 mars 2025 pr\u00e9cit\u00e9, \ndans la limite de leurs attributions respectives, \u00e0 Mme Alexandra NOEL, adjointe \u00e0 la d\u00e9l\u00e9gu\u00e9e \nr\u00e9gionale acad\u00e9mique \u00e0 la jeunesse, \u00e0 l'engagement et aux sports d'\u00cele-de-France. \nCette m\u00eame d\u00e9l\u00e9gation est donn\u00e9e, dans la limite de leurs attributions respectives, \u00e0 : \n\uf0a7 Mme Virginie THOBOR, responsable du p\u00f4le sport ; \n\uf0a7 M. Farid MEBARKI, responsable du p\u00f4le jeunesse, engagement et SNU ; \n\uf0a7 Mme Isabelle MARTIN, responsable du p\u00f4le formation-certification ; \n\uf0a7 Mme Pauline CASADIO-LORETI, responsable du p\u00f4le fonctions support ; \nARTICLE 3 : \nEn cas d'absence ou d'emp\u00eachement de Mme C\u00e9cile NICOL, d\u00e9l\u00e9gu\u00e9e r\u00e9gionale acad\u00e9mique \u00e0 \nla jeunesse, \u00e0 l'engagement et aux sports d'Ile-de-France, de Mme Alexandra NOEL, adjointe \u00e0 \nla d\u00e9l\u00e9gu\u00e9e r\u00e9gionale acad\u00e9mique \u00e0 la jeunesse, \u00e0 l'engagement et aux sports d'\u00cele -de-France \net de Mme Virginie THOBOR, responsable du p\u00f4le sport, subd\u00e9l\u00e9gation de signature, en mati\u00e8re \nadministrative, est donn\u00e9e, \u00e0 l'effet de signer les arr\u00eat\u00e9s, d\u00e9cisions, pi\u00e8ces ou conventions, dans \nla limite de ses attributions fonctionnelles et dans les conditions et r\u00e9serves fix\u00e9es aux articles \n1er et 2 de l'arr\u00eat\u00e9 n\u00b0IDF-2025-03-26-00003 du 26 mars 2025 pr\u00e9cit\u00e9 \u00e0 : \n\uf0a7 Mme Cl\u00e9mence LACOUR, adjointe \u00e0 la responsable du p\u00f4le sport. \nARTICLE 4 : \nEn cas d'absence ou d'emp\u00eachement de Mme C\u00e9cile NICOL, d\u00e9l\u00e9gu\u00e9e r\u00e9gionale acad\u00e9mique \u00e0 \nla jeunesse, \u00e0 l'engagement et aux sports d'Ile-de-France, de Mme Alexandra NOEL, adjointe \u00e0 \nla d\u00e9l\u00e9gu\u00e9e r\u00e9gionale acad\u00e9mique \u00e0 la jeunesse, \u00e0 l'engagement et aux sports d '\u00cele-de-France \net de M. Farid MEBARKI, responsable du p\u00f4le jeunesse, engagement, service national universel, \nsubd\u00e9l\u00e9gation de signature, en mati\u00e8re administrative, est donn\u00e9e, \u00e0 l'effet de signer les \narr\u00eat\u00e9s, d\u00e9cisions, pi\u00e8ces ou conventions, dans la limit e de ses attributions fonctionnelles et \ndans les conditions et r\u00e9serves fix\u00e9es aux articles 1er et 2 de l'arr\u00eat\u00e9 n\u00b0IDF-2025- n\u00b0IDF-2025-03-\n26-00003 du 26 mars 2025 pr\u00e9cit\u00e9 \u00e0: \n\uf0a7 Mme Mathilde CARDON, adjointe au responsable du p\u00f4le jeunesse, engagement, \nservice national universel. \n  \nRectorat de la r\u00e9gion acad\u00e9mique d'Ile-de-France, rectorat de l'acad\u00e9mie de Paris - IDF-2025-04-04-00023 - Arr\u00eat\u00e9 n\u00b0 2025-032-RRA\nportant subd\u00e9l\u00e9gation de signature en mati\u00e8re administrative dans le domaine des politiques de la jeunesse, de l'\u00e9ducation populaire,\nde la vie associative, de l'engagement civique et des sports\n75\n \n3 \nARTICLE 5 : \nEn cas d'absence ou d'emp\u00eachement de Mme C\u00e9cile NICOL, d\u00e9l\u00e9gu\u00e9e r\u00e9gionale acad\u00e9mique \u00e0 \nla jeunesse, \u00e0 l'engagement et aux sports d'Ile-de-France, de Mme Alexandra NOEL, adjointe \u00e0 \nla d\u00e9l\u00e9gu\u00e9e r\u00e9gionale acad\u00e9mique \u00e0 la jeunesse, \u00e0 l'engagement et aux sports d'\u00cele -de-France \net de Mme Pauline CASADIO-LORETI, responsable du p\u00f4le fonctions support, subd\u00e9l\u00e9gation de \nsignature, en mati\u00e8re administrative, est donn\u00e9e, \u00e0 l'effet de signer les arr\u00eat\u00e9s, d\u00e9cisions, pi\u00e8ces \nou conventions, dans la limite de ses attributions fonctionnelles et dans les conditions et \nr\u00e9serves fix\u00e9es aux articles 1er et 2 de l'arr\u00eat\u00e9 n\u00b0IDF-2025-03-26-00003 du 26 mars 2025 pr\u00e9cit\u00e9 \u00e0: \n\uf0a7 Mme Safia BENFERROUDJ, adjointe \u00e0 la responsable du p\u00f4le fonctions support. \nARTICLE 6 : \nEn cas d'absence ou d'emp\u00eachement de Mme C\u00e9cile NICOL, d\u00e9l\u00e9gu\u00e9e r\u00e9gionale acad\u00e9mique \u00e0 \nla jeunesse, \u00e0 l'engagement et aux sports d'Ile-de-France, de Mme Alexandra NOEL, adjointe \u00e0 \nla d\u00e9l\u00e9gu\u00e9e r\u00e9gionale acad\u00e9mique \u00e0 la jeunesse, \u00e0 l'engagement et aux sports d'\u00cele -de-France \net de Mme Isabelle MARTIN, responsable du p\u00f4le formation \u2013 certification, subd\u00e9l\u00e9gation de \nsignature, en mati\u00e8re administrative, est donn\u00e9e, \u00e0 l'effet de signer les arr\u00eat\u00e9s, d\u00e9cisions, pi\u00e8ces \nou conventions, dans la limite de ses attributions fonctionnelles et dans les conditions et \nr\u00e9serves fix\u00e9es aux articles 1er et 2 de l'arr\u00eat\u00e9 n\u00b0IDF-2025-03-26-00003 du 26 mars 2025 pr\u00e9cit\u00e9 \u00e0: \n\uf0a7 Mme Pauline AUG\u00c9, adjointe \u00e0 la responsable du p\u00f4le formation \u2013 certification ; \n\uf0a7 Mme Anne-Claire MIE, adjointe \u00e0 la responsable du p\u00f4le formation \u2013 certification. \nARTICLE 7 : \nL'arr\u00eat\u00e9 n\u00b02024 -127-RRA du 4 octobre 2025  portant subd\u00e9l\u00e9gation de signature en mati\u00e8re \nadministrative est abrog\u00e9. \nARTICLE 8 : \nLe secr\u00e9taire g\u00e9n\u00e9ral de la r\u00e9gion acad\u00e9mique \u00cele-de-France est charg\u00e9 de l'ex\u00e9cution du pr\u00e9sent \narr\u00eat\u00e9 qui sera publi\u00e9 au recueil des actes administratif s de la pr\u00e9fecture de r\u00e9gion d'\u00ce le-de-\nFrance, pr\u00e9fecture de Paris. \n \nFait \u00e0 Paris, le 04 avril 2025 \nLa rectrice de la r\u00e9gion acad\u00e9mique d'\u00cele-de-France, \nRectrice de l'acad\u00e9mie de Paris, \nChanceli\u00e8re des universit\u00e9s de Paris et d'\u00cele-de France \n \n \nSign\u00e9 \n \nJulie BENETTI \n \nRectorat de la r\u00e9gion acad\u00e9mique d'Ile-de-France, rectorat de l'acad\u00e9mie de Paris - IDF-2025-04-04-00023 - Arr\u00eat\u00e9 n\u00b0 2025-032-RRA\nportant subd\u00e9l\u00e9gation de signature en mati\u00e8re administrative dans le domaine des politiques de la jeunesse, de l'\u00e9ducation populaire,\nde la vie associative, de l'engagement civique et des sports\n76","date":"2025-04-09","first_seen_on":"2025-04-09T19:03:06+00:00","id":"47e5f6e4f3ea14b7ee97268a85742982a68c300252a765ca636d73b41957e868","name":"recueilDS-idf-025-2025-04-recueil-des-actes-administratifs-special du 09.04.2025","pdf_creation_date":"2025-04-09T15:43:43+00:00","pdf_modification_date":null,"timezone":"Europe/Paris","url":"https://www.prefectures-regions.gouv.fr/ile-de-france/irecontenu/telechargement/126920/937058/file/recueilDS-idf-025-2025-04-recueil-des-actes-administratifs-special%20du%2009.04.2025.pdf"}
