{"administration":"pref30","administration_name":"Pr\u00e9fecture du Gard","content":"PR\u00c9FET\nDU GARD\nRECUEIL DES ACTES\nADMINISTRATIFS SP\u00c9CIAL\nN\u00b030-2025-118\nPUBLI\u00c9 LE  4 JUILLET 2025\nSommaire\nAgence R\u00e9gionale de la Sant\u00e9- d\u00e9l\u00e9gation d\u00e9partementale du Gard\n/\n30-2025-07-03-00003 - Arr\u00eat\u00e9 portant r\u00e9quisition d'officines de\npharmacie  (4 pages) Page 5\n30-2025-07-03-00002 - Arr\u00eat\u00e9 pr\u00e9fectoral portant r\u00e9quisition d'un\npersonnel naviguant (pilote et assistant de vol) afin de garantir la\ncontinuit\u00e9 de l'activit\u00e9 H\u00e9liSMUR dans le cadre de l'aide m\u00e9dicale\nurgente les vendredi 04, samedi 05, dimanche 06, lundi 07, mardi 08,\nmercredi 09 et jeudi 10 juillet 2025 de 08h00 \u00e0 20h00 (heure de Paris). (4\npages) Page 10\n30-2025-06-26-00006 - D\u00e9cision n\u00b0 2025-3605 du 26 juin 2025 relative\nau droit \u00e0 d\u00e9rogation pour le\nprojet de Mammobile de\nl'Association Montpellier-H\u00e9rault pour le\nD\u00e9pistage du Cancer du\nSein (2 pages) Page 15\nCentre Hostpitalier Universitaire  de N\u00eemes /\n30-2025-07-01-00014 - D\u00e9l\u00e9gation de signature - Direction du\npatrimoine et des s\u00e9curit\u00e9s-01.07.2025 (3 pages) Page 18\n30-2025-07-01-00015 - D\u00e9l\u00e9gation de signature- Direction des achats, de\nla politique h\u00f4teli\u00e8re et de la logistique-01.07.2025 (4 pages) Page 22\n30-2025-06-23-00007 - D\u00e9l\u00e9gation de signature- Direction des\nressources humaines-23.06.2025 (4 pages) Page 27\nDirection D\u00e9partementale de la Protection des Populations du Gard  /\nservice de la S\u00e9curit\u00e9 sanitaire des aliments\n30-2025-07-01-00007 - 20250701- arr\u00eat\u00e9 fermeture \u00e9tablissement- le\nsaigon- bellegarde (4 pages) Page 32\n30-2025-07-02-00001 - AP FERMETURE URGENCE APAVE BAGNOLS O GRILL\n(4 pages) Page 37\nDirection d\u00e9partementale des Finances Publiques du Gard /\n30-2025-07-02-00002 - Arr\u00eat\u00e9 de fermeture exceptionnelle du SPFE (1\npage) Page 42\nDirection D\u00e9partementale des Tetrritoires et de la Mer du Gard /\n30-2025-06-30-00006 - ARR\u00caT\u00c9 Portant exception au plan de\npr\u00e9vention des risques d'inondation de N\u00eemes en vertu de\nl'article L\u00a0562-4-2 du Code de l'Environnement (6 pages) Page 44\n30-2025-07-03-00001 - Arr\u00eat\u00e9 pr\u00e9fectoral portant prorogation d'un an\nde l'arr\u00eat\u00e9 pr\u00e9fectoral n\u00b030-20190131-007 d\u00e9clarant d'int\u00e9r\u00eat\ng\u00e9n\u00e9ral les travaux d'entretien des cours d'eau du bassin versant du\nVistre (3 pages) Page 51\n2\nDirection territoriale de la protection judiciaire de la jeunesse - Gard et\nLoz\u00e8re (DTPJJ) (Nimes 30) /\n30-2025-07-01-00010 - ARRETE D'HABILITATION JUSTICE MECS COSTE (3\npages) Page 55\n30-2025-07-01-00011 - ARRETE HABILITATION JUSTICE MECS PAUL RABAUT\n(3 pages) Page 59\n30-2025-07-01-00012 - ARRETE PORTANT RENOUVELLEMENT\nD'HABILITATION JUSTICE MECS CLARENCE (3 pages) Page 63\n30-2025-07-01-00013 - ARRETE PORTANT RENOUVELLEMENT\nD'HABILITATION JUSTICE MECS LA PROVIDENCE  (3 pages) Page 67\nPrefecture du Gard /\n30-2025-07-04-00001 - AP 2025-07-03 portant modification de l'arr\u00eat\u00e9\n2019-02-0006 portant agr\u00e9ment d'un organisme de formations (SDIS30)\naux qualifications de SSIAP1, SSIAP2, SSIAP3 (6 pages) Page 71\n30-2025-07-04-00002 - AP 2025-07-04 portant modification de l'AP\n2025-04-09 portant agr\u00e9ment de la soci\u00e9t\u00e9 ENS  aux qualifications\nd'agent de s\u00e9curit\u00e9 incendie SSIAP1, 2, 3 - Ajout d'un formateur (2\npages) Page 78\n30-2025-07-04-00003 - Arr\u00eat\u00e9 donnant d\u00e9l\u00e9gation de signature \u00e0\nMme Sylvie ALARCON, directrice du service des migrations et de\nl'int\u00e9gration de la pr\u00e9fecture du Gard (3 pages) Page 81\n30-2025-06-16-00007 - Arr\u00eat\u00e9 portant subd\u00e9l\u00e9gation de signature de\nMme Anne BRONNER, directrice d\u00e9partementale des territoires de\nl'Ard\u00e8che (2 pages) Page 85\nPrefecture du Gard / Cabinet du pr\u00e9fet\n30-2025-07-04-00004 - Arr\u00eat\u00e9 portant attribution de la m\u00e9daille\nd'honneur des sapeurs-pompiers (3 pages) Page 88\n30-2025-06-30-00004 - Arr\u00eat\u00e9 portant attribution de la m\u00e9daille pour\nacte de courage et de d\u00e9vouement (2 pages) Page 92\nPrefecture du Gard / Sous Pr\u00e9fecture d'Al\u00e8s\n30-2025-07-01-00016 - Arr\u00eat\u00e9 n\u00b02025-01-07-001 du 1er juillet 2025\nportant extension du p\u00e9rim\u00e8tre du Syndicat intercommunal des Hautes\nVall\u00e9es C\u00e9venoles (SHVC) (2 pages) Page 95\nSous Pr\u00e9fecture d'Al\u00e8s /\n30-2025-06-30-00013 - Arr\u00eat\u00e9 de cr\u00e9ation habilitation n\u00b025-06-49 du\n30-06-2025 Cr\u00e9matorium N\u00eemes (2 pages) Page 98\n30-2025-06-26-00004 - Arr\u00eat\u00e9 de cr\u00e9ation habilitation pour 5 ans\nn\u00b025-06-33 du 26-06-2025 PF ARNAL La Grand Combe (2 pages) Page 101\n30-2025-06-26-00003 - Arr\u00eat\u00e9 de cr\u00e9ation habilitation pour 5 ans\nn\u00b025-06-34 du 26-06-2025 PF ARNAL Saint Christol (2 pages) Page 104\n3\n30-2025-07-03-00004 - Arr\u00eat\u00e9 de renouvellement habilitation\nn\u00b025-07-01 du 03-07-25 pour 5 ans MARTINEZ Carole (2 pages) Page 107\n30-2025-06-26-00005 - Arr\u00eat\u00e9 de retrait habilitation n\u00b025-06-35\ndu26-06-25 PF ARNAL  (2 pages) Page 110\n4\nAgence R\u00e9gionale de la Sant\u00e9- d\u00e9l\u00e9gation\nd\u00e9partementale du Gard\n30-2025-07-03-00003\nArr\u00eat\u00e9 portant r\u00e9quisition d'officines de\npharmacie \nAgence R\u00e9gionale de la Sant\u00e9- d\u00e9l\u00e9gation d\u00e9partementale du Gard - 30-2025-07-03-00003 - Arr\u00eat\u00e9 portant r\u00e9quisition d'officines de\npharmacie 5\nmin ArPREFETD U GARD \u00a9 > Agence R\u00e9gionale de Sant\u00e9ne OccitanieLibert\u00e9\u00c9galit\u00e9Fraternit\u00e9 D\u00e9l\u00e9gation d\u00e9partementale du Gard\nLe pr\u00e9fet du GardChevalier de la L\u00e9gion d'honneurChevalier de l'Ordre national du M\u00e9riteArr\u00eat\u00e9 portant r\u00e9quisition d'officines de pharmacieVU le code de la sant\u00e9 publique et notamment les articles L.5125-17 et R.4235-49 ;VU le code g\u00e9n\u00e9ral des collectivit\u00e9s territoriales et notamment les articles L.2212-2 et L.2215-1;VU le d\u00e9cret n\u00b0 2004-374 du 29 avril 2004 modifi\u00e9 relatif aux pouvoirs des pr\u00e9fets ;VU le d\u00e9cret n\u00b02010-336 du 31 mars 2010 portant cr\u00e9ation des agences r\u00e9gionales de sant\u00e9 :VU le d\u00e9cret du 20 avril 2022 portant nomination de Monsieur Didier JAFFRE en qualit\u00e9 dedirecteur g\u00e9n\u00e9ral de l'agence r\u00e9gionale de sant\u00e9 Occitanie ;VU le d\u00e9cret du 13 juillet 2023 portant nomination du Pr\u00e9fet du Gard, Monsieur J\u00e9r\u00f4meBONET ;VU l'arr\u00eat\u00e9 ARS-OC n\u00b02025-3608 en date du 27/06/2025 fixant le service de garde etd'urgence des officines de pharmacie du Gard ;VU l'appel \u00e0 la gr\u00e8ve des services de garde et d'urgence d\u00e9pos\u00e9 par les organisationsprofessionnelles repr\u00e9sentatives, la F\u00e9d\u00e9ration des Syndicats Pharmaceutiques de France etl'Union des Syndicats de Pharmaciens d'Officine, \u00e0 compter du 1er juillet 2025 et pour une dur\u00e9eind\u00e9termin\u00e9e ;CONSIDERANT l'obligation pour un pharmacien d'officine de participer \u00e0 la mission de servicepublic de la permanence des soins conform\u00e9ment \u00e0 l'article L 5125-1-1-A alin\u00e9a 3 du code de lasant\u00e9 publique ; qu'\u00e0 cet effet, le service est organis\u00e9 pour r\u00e9pondre aux besoins de la population\nCONSIDERANT le risque de difficult\u00e9 d'approvisionnement en m\u00e9dicaments de la population encas de fermeture d'une d'officine de pharmacie et par voie de cons\u00e9quence le risque sanitairepour les patients ;SUR PROPOSITION du Directeur de la D\u00e9l\u00e9gation d\u00e9partementale de l''ARS du Gard agissantpar d\u00e9l\u00e9gation du Directeur G\u00e9n\u00e9ral de l'Agence R\u00e9gionale de Sant\u00e9 d'Occitanie ;\nARRETEARTICLE 1 : Les officines de pharmacie participant au service de garde et d'urgence sontr\u00e9quisitionn\u00e9es du vendredi 4 juillet 2025 au lundi 14 juillet 2025 selon le tableau joint en annexe.\nAgence R\u00e9gionale de la Sant\u00e9- d\u00e9l\u00e9gation d\u00e9partementale du Gard - 30-2025-07-03-00003 - Arr\u00eat\u00e9 portant r\u00e9quisition d'officines de\npharmacie 6\nARTICLE 2: Le ou les pharmaciens titulaires de l'officine sont charg\u00e9s de l'organisation de lacontinuit\u00e9 du fonctionnement de leur officine pendant la p\u00e9riode de r\u00e9quisition.ARTICLE 3 : Le pr\u00e9sent arr\u00eat\u00e9 est notifi\u00e9 au(x) titulaire(s) de l'officine.ARTICLE 4: La pr\u00e9sente r\u00e9quisition prendra fin d\u00e9s la lev\u00e9e du mouvement de gr\u00e9ve par lesorganisations professionnelles repr\u00e9sentatives pr\u00e9cit\u00e9es.ARTICLE 5 : Le recours \u00e9ventuel contre le pr\u00e9sent arr\u00e9t\u00e9 doit parvenir au Tribunal Administratifterritorialement comp\u00e9tent dans un d\u00e9lai de deux mois \u00e0 compter de sa notification pour lespersonnes auxquelles il a \u00e9t\u00e9 notifi\u00e9. Le Tribunal Administratif peut \u00eatre saisi par l'applicationinformatique \u00ab T\u00e9l\u00e9recours citoyens \u00bb accessible par le site internet www.telerecours.frARTICLE 6: Monsieur le Pr\u00e9fet du Gard et Monsieur le Directeur de la D\u00e9l\u00e9gationd\u00e9partementale du Gard de l'Agence r\u00e9gionale de sant\u00e9 Occitanie sont charg\u00e9s, chacun en cequi le concerne, de l'ex\u00e9cution du pr\u00e9sent arr\u00eat\u00e9.\nJ\u00e9r\u00f4me BONET\n2/2\nAgence R\u00e9gionale de la Sant\u00e9- d\u00e9l\u00e9gation d\u00e9partementale du Gard - 30-2025-07-03-00003 - Arr\u00eat\u00e9 portant r\u00e9quisition d'officines de\npharmacie 7\nJour (pour dimanche) /\nAnnexe\nD\u00e9nomination de la pharmacieNuit / F\u00e9ri\u00e9 30560 - SAINT-HILAIRE-DE-BRETHMASvendredi 4 juillet 2025 Nuit Al\u00e8s + Petite Couronne PHARMACIE LE COSTOECsamedi 5 juillet 2025 Nuit Nimes PHARMACIE DAHRA 30000 - NIMESdimanche 6 juillet 2025 Nuit Nimes PHARMACIE DAHRA 30000 - NIMESlundi 7 juillet 2025 Nuit Nimes PHARMACIE DAHRA 30000 - NIMESae F\u00e9ri\u00e9 Roquemaure-Villeneuve PHARMACIE TRAINEAU-SENDRAL 30400 - VILLENEUVE-LES-AVIGNONlundi 14 juillet 2025 a \"F\u00e9ri\u00e9 N\u00eemes PHARMACIE PLOVIER 30900 - NIMES\nAgence R\u00e9gionale de la Sant\u00e9- d\u00e9l\u00e9gation d\u00e9partementale du Gard - 30-2025-07-03-00003 - Arr\u00eat\u00e9 portant r\u00e9quisition d'officines de\npharmacie 8\nAgence R\u00e9gionale de la Sant\u00e9- d\u00e9l\u00e9gation d\u00e9partementale du Gard - 30-2025-07-03-00003 - Arr\u00eat\u00e9 portant r\u00e9quisition d'officines de\npharmacie 9\nAgence R\u00e9gionale de la Sant\u00e9- d\u00e9l\u00e9gation\nd\u00e9partementale du Gard\n30-2025-07-03-00002\nArr\u00eat\u00e9 pr\u00e9fectoral portant r\u00e9quisition d'un\npersonnel naviguant (pilote et assistant de vol)\nafin de garantir la continuit\u00e9 de l'activit\u00e9\nH\u00e9liSMUR dans le cadre de l'aide m\u00e9dicale\nurgente les vendredi 04, samedi 05, dimanche\n06, lundi 07, mardi 08, mercredi 09 et jeudi 10\njuillet 2025 de 08h00 \u00e0 20h00 (heure de Paris).\nAgence R\u00e9gionale de la Sant\u00e9- d\u00e9l\u00e9gation d\u00e9partementale du Gard - 30-2025-07-03-00002 - Arr\u00eat\u00e9 pr\u00e9fectoral portant r\u00e9quisition\nd'un personnel naviguant (pilote et assistant de vol) afin de garantir la continuit\u00e9 de l'activit\u00e9 H\u00e9liSMUR dans le cadre de l'aide\nm\u00e9dicale urgente les vendredi 04, samedi 05, dimanche 06, lundi 07, mardi 08, mercredi 09 et jeudi 10 juillet 2025 de 08h00 \u00e0 20h00\n(heure de Paris).\n10\nPR\u00c9FETD U GARD : @ } Agence R\u00e9gionale de Sant\u00e9Tibort\u00e9 Occitanie |Libert\u00e9\u00c9galit\u00e9Fraternit\u00e9 D\u00e9l\u00e9gation d\u00e9partementale du GardLe Pr\u00e9fet du Gard\nLe pr\u00e9fet du GardChevalier de la L\u00e9gion d'honneurChevalier de l'Ordre national du M\u00e9rite\nArr\u00eat\u00e9 pr\u00e9fectoral portant r\u00e9quisition d'un personnel navigant (pilote et assistant de vol)afin de garantir la continuit\u00e9 de l'activit\u00e9 H\u00e9liSMUR dans le cadre de l'aide m\u00e9dicaleurgenteles vendredi 04, samedi 05, dimanche 06, lundi 07, mardi 08, mercredi 09 et jeudi 10juillet 2025 de 08h00 \u00e0 20h00 (heure de Paris)\nVU l'alin\u00e9a 7 du Pr\u00e9ambule de la Constitution du 27 octobre 1946 :VU le r\u00e8glement (CE) n\u00b0 216/2008 modifi\u00e9 du Parlement europ\u00e9en et du Conseil du 20 f\u00e9vrier2008 concernant des r\u00e8gles communes dans le domaine de l'aviation civile et instituant uneAgence europ\u00e9enne de la s\u00e9curit\u00e9 a\u00e9rienne, et abrogeant la directive 91/670/CEE du Conseil, ler\u00e8glement (CE) n\u00b0 1592/2002 et la directive 2004/36/CE ;:VU la sous-partie \u00ab TC \u00e9quipage technique dans le cadre d'op\u00e9rations SMUH, HHO ou NVIS \u00bb dur\u00e8glement (UE) n\u00b0 965/2012 de la Commission du 5 octobre 2012 d\u00e9terminant les exigencestechniques et les proc\u00e9dures administratives applicables aux op\u00e9rations a\u00e9riennesconform\u00e9ment au r\u00e8glement (CE) n\u00b0 216/2008 du Parlement europ\u00e9en et du Conseil ;VU le code g\u00e9n\u00e9ral des collectivit\u00e9s territoriales et notamment le 4\u00b0 de l'article L. 2215-1 ;VU le code de la sant\u00e9 publique et notamment les articles L. 6112-1, L. 6311-1, L. 6311-2, R.6311-1 aR. 6311-7, R. 6123-14 a R. 6123-17, R. 6312-24 a R. 6312-28, et D. 6124-14 a D. 6124-16 relatifs \u00e0 l'aide m\u00e9dicale urgente et aux structures mobiles d'urgence et de r\u00e9animation ;VU le d\u00e9cret n\u00b0 2004-374 du 29 avril 2004 relatif aux pouvoirs des pr\u00e9fets et \u00e0 l'action des serviceset organismes publics de l'Etat ;VU le d\u00e9cret n\u00b0 2010-336 du 31 mars 2010 portant cr\u00e9ation des agences r\u00e9gionales de sant\u00e9 ;VU le d\u00e9cret du 20 avril 2022 portant nomination de Monsieur Didier JAFFRE en qualit\u00e9 dedirecteur g\u00e9n\u00e9ral de l'agence r\u00e9gionale de sant\u00e9 Occitanie ;\nVU le d\u00e9cret du 13 juillet 2023 portant nomination du Pr\u00e9fet du Gard, Monsieur J\u00e9r\u00f4me BONETVU l'instruction n\u00b0 DGOS/R2/2015/333 du 10 novembre 2015 relative \u00e0 la mise en conformit\u00e9 desmissions H\u00e9liSMUR avec la r\u00e9glementation europ\u00e9enne de l'aviation civile le 1er janvier 2016 auplus tardVU l'instruction interminist\u00e9rielle n\u00b0 DGOS/R2/DGSCGC/2017/102 du 24 mars 2017 relative auxmoyens h\u00e9liport\u00e9s de la direction g\u00e9n\u00e9rale de la s\u00e9curit\u00e9 civile et de la gestion des crises et des\nAgence R\u00e9gionale de la Sant\u00e9- d\u00e9l\u00e9gation d\u00e9partementale du Gard - 30-2025-07-03-00002 - Arr\u00eat\u00e9 pr\u00e9fectoral portant r\u00e9quisition\nd'un personnel naviguant (pilote et assistant de vol) afin de garantir la continuit\u00e9 de l'activit\u00e9 H\u00e9liSMUR dans le cadre de l'aide\nm\u00e9dicale urgente les vendredi 04, samedi 05, dimanche 06, lundi 07, mardi 08, mercredi 09 et jeudi 10 juillet 2025 de 08h00 \u00e0 20h00\n(heure de Paris).\n11\n\u00e9tablissements de sant\u00e9 utilis\u00e9s dans le cadre du secours \u00e0 personne et de l'aide m\u00e9dicaleurgente ;VU la note d'information n\u00b0 DGOS/R2/2016/219 du 4 juillet 2016 relative \u00e0 l'activit\u00e9 SMURh\u00e9liport\u00e9e : Point d'\u00e9tape de la mise en \u0153uvre de la r\u00e9glementation europ\u00e9enne de l'aviation civile\u2014 Composition des \u00e9quipes d'intervention SMUR h\u00e9liport\u00e9esVU le courrier en date du par lequel le Syndicat National des Personnels Navigants del''A\u00e9ronautique (SNPNAC)a d\u00e9pos\u00e9 le 20 mai 2025 aupr\u00e8s des soci\u00e9t\u00e9s mettant \u00e0 disposition des\u00e9tablissements de sant\u00e9 si\u00e8ges d'H\u00e9liSMUR par voie de march\u00e9 public des moyens h\u00e9liport\u00e9s unpr\u00e9avis de gr\u00e8ve national des assistants de vol (TCM) pour la p\u00e9riode du jeudi 29 mai 2025 a07h00 au mercredi 4 juin 2025 \u00e0 06h59 (heure de Paris), p\u00e9riode reconductible ;VU le courrier en date du par lequel le Syndicat National des Pilotes de Lignes (SNPL) a d\u00e9pos\u00e9 le16 mai 2025 aupr\u00e8s des soci\u00e9t\u00e9s mettant \u00e0 disposition des \u00e9tablissements de sant\u00e9 si\u00e8gesd'H\u00e9liSMUR par voie de march\u00e9 public des moyens h\u00e9liport\u00e9s un pr\u00e9avis de gr\u00e8ve national desassistants de vol (TCM) pour la p\u00e9riode du jeudi 29 mai 2025 \u00e0 07h00 au mercredi 4 juin 2025 \u00e006h59 (heure de Paris), p\u00e9riode reconductible ;Consid\u00e9rant les missions de la structure mobile d'urgence et de r\u00e9animation, fix\u00e9es \u00e0 l'article R.6123-15 du code de la sant\u00e9 publique, lesquelles sont les suivantes : \u00ab assurer, en permanence,en tous lieux et prioritairement hors de l'\u00e9tablissement de sant\u00e9 auquel il est rattach\u00e9, la prise encharge d'un patient dont l'\u00e9tat requiert de fa\u00e7on urgente une prise en charge m\u00e9dicale et der\u00e9animation, et, le cas \u00e9ch\u00e9ant, et apr\u00e8s r\u00e9gulation par le SAMU, le transport de ce patient vers un\u00e9tablissement de sant\u00e9 \u00bb, et \u00ab assurer le transfert entre deux \u00e9tablissements de sant\u00e9 d'un patientn\u00e9cessitant une prise en charge m\u00e9dicale pendant le trajet \u00bb ;Consid\u00e9rant qu'en application de l'article D. 6124-13 du code de la sant\u00e9 publique, l'\u00e9quiped'intervention de la structure mobile d'urgence et de r\u00e9animation comprend au moins un m\u00e9decin,un infirmier et un conducteur ou pilote ;Consid\u00e9rant la nature des fonctions de l'assistant de vol, lesquelles consistent \u00e0 assister le pilotependant la mission et a porter secours \u00e0 toute personne ayant besoin d'une assistance m\u00e9dicaletransport\u00e9e \u00e0 bord de l'h\u00e9licopt\u00e8re ;Consid\u00e9rant la n\u00e9cessit\u00e9 de garantir l'acc\u00e8s aux vecteurs H\u00e9liSMUR dans le cadre de l'aidem\u00e9dicale urgente dans les conditions actuelles du r\u00e9gime de vol SMUH, soit un \u00e9quipageconstitu\u00e9 d'un pilote et d'un assistant de vol, ou de deux pilotes ainsi que de l'\u00e9quipe SMURcompos\u00e9e d'un m\u00e9decin et d'un IDE ;Consid\u00e9rant l'impact de l'interruption d'activit\u00e9 des assistants de vol sur la disponibilit\u00e9 duvecteur H\u00e9liSMUR ;Consid\u00e9rant la n\u00e9cessit\u00e9 de garantir la continuit\u00e9 de l'activit\u00e9 H\u00e9liSMUR r\u00e9gul\u00e9e dans le cadrede l'aide m\u00e9dicale urgente afin de garantir la s\u00e9curit\u00e9 des patients ainsi que la continuit\u00e9 des_ Soins, mission de service public ;Consid\u00e9rant que l'article L. 2215-1 4\u00b0 du code g\u00e9n\u00e9ral des collectivit\u00e9s territoriales dispose que\u00ab en cas d'urgence, lorsque l'atteinte constat\u00e9e ou pr\u00e9visible au bon ordre, a la salubrit\u00e9, a latranquillit\u00e9 et \u00e0 la s\u00e9curit\u00e9 publiques l'exige et que les moyens dont dispose le pr\u00e9fet ne_ permettent plus de poursuivre les objectifs pour lesquels il d\u00e9tient des pouvoirs de police, celui-cipeut, par arr\u00eat\u00e9 motiv\u00e9, pour toutes les communes du d\u00e9partement ou plusieurs ou une seuled'entre elles, r\u00e9quisitionner tout bien ou service, requ\u00e9rir toute personne n\u00e9cessaire aufonctionnement de ce service ou \u00e0 l'usage de ce bien et prescrire toute mesure utile jusqu'\u00e0 ceque l'atteinte \u00e0 l'ordre public ait pris fin ou que les conditions de son maintien soient assur\u00e9es \u00bb.\n213\nAgence R\u00e9gionale de la Sant\u00e9- d\u00e9l\u00e9gation d\u00e9partementale du Gard - 30-2025-07-03-00002 - Arr\u00eat\u00e9 pr\u00e9fectoral portant r\u00e9quisition\nd'un personnel naviguant (pilote et assistant de vol) afin de garantir la continuit\u00e9 de l'activit\u00e9 H\u00e9liSMUR dans le cadre de l'aide\nm\u00e9dicale urgente les vendredi 04, samedi 05, dimanche 06, lundi 07, mardi 08, mercredi 09 et jeudi 10 juillet 2025 de 08h00 \u00e0 20h00\n(heure de Paris).\n12\nConsid\u00e9rant le pr\u00e9avis de gr\u00e8ve d\u00e9pos\u00e9 par le syndicat national du personnel navigant del'a\u00e9ronautique et le Syndicat National des Pilotes de Lignes \u00e0 compter du 29 mai 2025 de 07h00heure de Paris jusqu'au 4 juin 2025 06h59 (heure de Paris) ;Consid\u00e9rant la reconduction du pr\u00e9avis de gr\u00e8ve d\u00e9pos\u00e9e par le SNPL \u00e0 compter du mercredi 4juin 2025 \u00e0 7h00 (heure de Paris) pour une dur\u00e9e illimit\u00e9e ;Consid\u00e9rant ainsi qu'il y a lieu de constater l'atteinte pr\u00e9visible \u00e0 la s\u00e9curit\u00e9 publique parl'existence d'un risque grave pour la sant\u00e9 publique et d'une situation d'urgence ;Consid\u00e9rant dans ces conditions, qu'il convient de prendre des mesures impos\u00e9es par l'urgenceet proportionn\u00e9es aux n\u00e9cessit\u00e9s d'ordre public, au nombre desquelles figurent les imp\u00e9ratifs desant\u00e9 publique en assurant le service de l'activit\u00e9 H\u00e9liSMUR dans le d\u00e9partement du GARD par lavoie de la r\u00e9quisition des personnels d'assistants de vol ;Sur proposition du Directeur de la D\u00e9l\u00e9gation d\u00e9partementale de l''ARS du Gard agissant pard\u00e9l\u00e9gation du Directeur G\u00e9n\u00e9ral de l'Agence R\u00e9gionale de Sant\u00e9 d'Occitanie\nARRETEArticle 1\u00b0 \u2014 Monsieur Jean-Pierre HU, pilote demeurant \u00e0 LE THORONET (83), est r\u00e9quisitionn\u00e9les vendredi 04, samedi 05, dimanche 06, lundi 07, mardi 08, mercredi 09 et jeudi 10 juillet 2025de 08h00 a 20h00 (heure de Paris), afin d'assurer la continuit\u00e9 de l'activit\u00e9 H\u00e9liSMUR pour lesecteur N\u00eemes. |Article 2 \u2014 Le pr\u00e9sent arr\u00eat\u00e9 sera notifi\u00e9 individuellement \u00e0 Monsieur Jean-Pierre HU.Article 3 \u2014 En cas de refus de d\u00e9f\u00e9rer aux r\u00e9quisitions de l'autorit\u00e9 publique, la personne requises'expose aux sanctions p\u00e9nales ou administratives pr\u00e9vues \u00e0 l'article L. 2215-1 du code g\u00e9n\u00e9raldes collectivit\u00e9s territoriales.Article 4 \u2014 Le pr\u00e9sent arr\u00eat\u00e9 est susceptible dans un d\u00e9lai de deux mois \u00e0 compter de sanotification ou de sa publication de faire l'objet d'une recours contentieux devant le tribunaladministratif territorialement comp\u00e8tent. Le tribunal administratif peut \u00eatre saisi par requ\u00eateadress\u00e9e par lettre recommand\u00e9e avec accus\u00e9 de r\u00e9ception ou de mani\u00e8re d\u00e9mat\u00e9rialis\u00e9e vial'application \u00ab T\u00e9l\u00e9recours citoyen \u00bb accessible sur le site www.telerecours.frArticle 5 : Monsieur le Pr\u00e9fet du Gard et Monsieur le Directeur de la D\u00e9l\u00e9gation d\u00e9partementale duGard de l'Agence r\u00e9gionale de sant\u00e9 Occitanie sont charg\u00e9s, chacun en ce qui le concerne, del'ex\u00e9cution du pr\u00e9sent arr\u00eat\u00e9 qui sera publi\u00e9 au recueil des actes administratifs de la pr\u00e9fecture duGard et notifi\u00e9 a un repr\u00e9sentant l\u00e9gal de la soci\u00e9t\u00e9 exploitant l'activit\u00e9 d'H\u00e9liSMUR.\nFait \u00e0 N\u00ceMES, le\nAgence R\u00e9gionale de la Sant\u00e9- d\u00e9l\u00e9gation d\u00e9partementale du Gard - 30-2025-07-03-00002 - Arr\u00eat\u00e9 pr\u00e9fectoral portant r\u00e9quisition\nd'un personnel naviguant (pilote et assistant de vol) afin de garantir la continuit\u00e9 de l'activit\u00e9 H\u00e9liSMUR dans le cadre de l'aide\nm\u00e9dicale urgente les vendredi 04, samedi 05, dimanche 06, lundi 07, mardi 08, mercredi 09 et jeudi 10 juillet 2025 de 08h00 \u00e0 20h00\n(heure de Paris).\n13\n6 | | \u00f9| v. \u00e0 :\nAgence R\u00e9gionale de la Sant\u00e9- d\u00e9l\u00e9gation d\u00e9partementale du Gard - 30-2025-07-03-00002 - Arr\u00eat\u00e9 pr\u00e9fectoral portant r\u00e9quisition\nd'un personnel naviguant (pilote et assistant de vol) afin de garantir la continuit\u00e9 de l'activit\u00e9 H\u00e9liSMUR dans le cadre de l'aide\nm\u00e9dicale urgente les vendredi 04, samedi 05, dimanche 06, lundi 07, mardi 08, mercredi 09 et jeudi 10 juillet 2025 de 08h00 \u00e0 20h00\n(heure de Paris).\n14\nAgence R\u00e9gionale de la Sant\u00e9- d\u00e9l\u00e9gation\nd\u00e9partementale du Gard\n30-2025-06-26-00006\nD\u00e9cision n\u00b0 2025-3605 du 26 juin 2025 relative\nau droit \u00e0 d\u00e9rogation pour le\nprojet de Mammobile de l'Association\nMontpellier-H\u00e9rault pour le\nD\u00e9pistage du Cancer du Sein\nAgence R\u00e9gionale de la Sant\u00e9- d\u00e9l\u00e9gation d\u00e9partementale du Gard - 30-2025-06-26-00006 - D\u00e9cision n\u00b0 2025-3605 du 26 juin 2025\nrelative au droit \u00e0 d\u00e9rogation pour le\nprojet de Mammobile de l'Association Montpellier-H\u00e9rault pour le\nD\u00e9pistage du Cancer du Sein\n15\n| |REPUBLIQUEFRAN CA ISE @ ) Agence R\u00e9gionale de Sant\u00e9Libert\u00e9 OccitanieEgalit\u00e9Fraternit\u00e9\n\u00a5 \u00a9\n  \n \n \n \n \n \nAgence R\u00e9gionale de Sant\u00e9 Occitanie \n26-28 Parc-Club du Mill\u00e9naire \n1025, rue Henri Becquerel - CS 30001 \n34067 MONTPELLIER CEDEX 2 \noccitanie.ars.sante.fr     \n \n \n \n \n \nD\u00e9cision n\u00b0 2025-3605 du 26 juin 2025 relative au droit \u00e0 d\u00e9rogation pour le \nprojet de Mammobile de l'Association Montpellier-H\u00e9rault pour le \nD\u00e9pistage du Cancer du Sein \n \n \nLe Directeur G\u00e9n\u00e9ral de l'Agence R\u00e9gionale de Sant\u00e9 Occitanie \n \n \n \nVu  le code de la sant\u00e9 publique, notamment ses article L.1411-6, L.4151-1 et R.4351-29 ; \n \nVu le d\u00e9cret du 20 avril 2022 portant nomination de Monsieur Didier JA FFRE, Directeur G\u00e9n\u00e9ral de l'Agence \nR\u00e9gionale de Sant\u00e9 Occitanie ; \n \nVu  le d\u00e9cret n\u00b0 2023 -260 du 7 avril 2023 relatif au droit \u00e0 d\u00e9rogation du Directeur G\u00e9n\u00e9ral de l'Agence \nR\u00e9gionale de Sant\u00e9 ; \n \nVu l'arr\u00eat\u00e9 du 29 septembre 2006 modifi\u00e9 relatif aux programmes de d\u00e9pistage organis\u00e9 des cancers ; \n \n \nConsid\u00e9rant la proposition de d\u00e9roger aux dispositions de l'arr\u00eat\u00e9 du 29 septembre 2066 modifi\u00e9 relatif aux \nprogrammes de d\u00e9pistage organis\u00e9 des cancers, qui demande pour les Mammobiles d'avoir un m\u00e9decin \nform\u00e9 \u00e0 la radioprotection qui effectue l'examen cl inique des seins, en autorisant qu'une sage -femme \neffectue cet examen clinique des seins dans le cadre du projet de Mammobile de Association Montpellier-\nH\u00e9rault pour le D\u00e9pistage du Cancer du Sein  pour le d\u00e9partement du Gard, afin de permettre un acc\u00e8s \nfacilit\u00e9 pour une partie de la population de ces trois d\u00e9partements au d\u00e9pistage de pathologies et donc une \nprise en charge efficiente des patientes ; \n \nConsid\u00e9rant que dans le d\u00e9partement du Gard, la faible densit\u00e9 de gyn\u00e9cologues et m\u00e9decins sur ce territoir e \nrend difficile la disponibilit\u00e9 de ces derniers, ce qui est susceptible d'entra\u00eener des risques de retard de \ndiagnostic et de prise en charge des patientes ; \n \nConsid\u00e9rant que, les sages-femmes ont dans leurs missions le suivi gyn\u00e9cologique de pr\u00e9vention (article L.4151-\n1 du code de la sant\u00e9 publique) et qu'elles peuvent r\u00e9aliser des examens cliniques des seins  ; \n \nConsid\u00e9rant que, selon les termes de l'article R.1435-41 du code de la sant\u00e9 publique, la d\u00e9rogation doit r\u00e9pondre \naux conditions suivantes : \n- Etre justifi\u00e9e par un motif d'int\u00e9r\u00eat g\u00e9n\u00e9ral et l'existence de circonstances locales  ; \n- Avoir pour effet d'all\u00e9ger les d\u00e9marches administratives, de r\u00e9duire les d\u00e9lais de proc\u00e9dure ou \nde favoriser l'acc\u00e8s aux aides publiques et notamment aux financements accord\u00e9s par l'ARS ; \n- Etre compatible avec les engagements europ\u00e9ens et internationaux de la France  ; \n- Ne pas porter atteinte aux int\u00e9r\u00eats de la d\u00e9fense ou de la s\u00e9curit\u00e9 des personnes et des biens, \n\u00e0 la qualit\u00e9 et \u00e0 la s\u00e9curit\u00e9 des prises en charge, ni une atteinte disproportionn\u00e9e aux objectifs \npoursuivis par les dispositions auxquelles il est d\u00e9rog\u00e9 ; \n \nAgence R\u00e9gionale de la Sant\u00e9- d\u00e9l\u00e9gation d\u00e9partementale du Gard - 30-2025-06-26-00006 - D\u00e9cision n\u00b0 2025-3605 du 26 juin 2025\nrelative au droit \u00e0 d\u00e9rogation pour le\nprojet de Mammobile de l'Association Montpellier-H\u00e9rault pour le\nD\u00e9pistage du Cancer du Sein\n16\n* D\n \nAgence R\u00e9gionale de Sant\u00e9 Occitanie \n26-28 Parc-Club du Mill\u00e9naire \n1025, rue Henri Becquerel - CS 30001 \n34067 MONTPELLIER CEDEX 2 \noccitanie.ars.sante.fr     \n#2 \nConsid\u00e9rant que cette d\u00e9rogation r\u00e9pond aux conditions cumulatives du d\u00e9cret  ; \n \nConsid\u00e9rant que l'organisation de l'offre de services de sant\u00e9 de mani\u00e8re \u00e0 r\u00e9p ondre aux besoins en mati\u00e8re de \npr\u00e9vention fait partie des missions de l'ARS \u00e9num\u00e9r\u00e9es \u00e0 l'article L.1431-2 du code de la sant\u00e9 publique ; \n \nConsid\u00e9rant que le d\u00e9pistage organis\u00e9 du cancer du sein est important pour la sant\u00e9 publique  ; \n \nConsid\u00e9rant que dans le Gard, une partie de la population est \u00e9loign\u00e9e des services de sant\u00e9 ; \n \nConsid\u00e9rant que le projet est compatible avec les engagements europ\u00e9ens et internationaux de la France  ; \n \nConsid\u00e9rant que le projet ne porte pas atteinte aux int\u00e9r\u00eats de la d\u00e9fense  ou de la s\u00e9curit\u00e9 des personnes et des \nbiens, ni \u00e0 la qualit\u00e9 et \u00e0 la s\u00e9curit\u00e9 des prises en charges ; \n \n \nDECIDE \n \n \nArticle 1 :  \nLa proposition de faire r\u00e9aliser l'examen clinique des seins par une sage -femme dans le cadre de projet de \nMammobile de l'Association Montpellier-H\u00e9rault pour le D\u00e9pistage du Cancer du Sein dans le d\u00e9partement du \nGard est accept\u00e9e en vertu du d\u00e9cret n\u00b0 2023-260 du 7 avril 2023 susvis\u00e9 donnant droit \u00e0 d\u00e9rogation au Directeur \nG\u00e9n\u00e9ral de l'Agence R\u00e9gionale de Sant\u00e9. \n \nArticle 2 : \nLa pr\u00e9sente d\u00e9cision vaut pour toute la dur\u00e9e du projet. \n \nArticle 3 : \nLa pr\u00e9sente d\u00e9cision peut faire l'objet, dans un d\u00e9lai de deux mois suivant sa publication au recueil des actes \nadministratifs de la pr\u00e9fecture de la r\u00e9gion Occitanie, d'un recours contenti eux aupr\u00e8s du tribunal administratif \nterritorialement comp\u00e9tent. Le tribunal administratif peut \u00eatre saisi par l'application informatique \u00ab  t\u00e9l\u00e9recours \ncitoyens \u00bb accessible depuis le site www.telerecours.fr. \n \nArticle 4 : \nLe Directeur de la D\u00e9l\u00e9gation D\u00e9partementale du Gard et la Directrice de la Sant\u00e9 Publique de l'Agence R\u00e9gionale \nde Sant\u00e9 Occitanie sont charg\u00e9s, chacun en ce qui le concerne, de l'ex\u00e9cution du pr\u00e9sent arr\u00eat\u00e9 qui sera publi\u00e9 \nau recueil des actes administratifs de la pr\u00e9fecture de la r\u00e9gion Occitanie et du d\u00e9partement du Gard. \n \n \n \nFait \u00e0 Montpellier, le 26 juin 2025 \n \n \nLe Directeur G\u00e9n\u00e9ral de l'ARS Occitanie \n \n \n \n \n \nDidier JAFFRE \n \n \nAgence R\u00e9gionale de la Sant\u00e9- d\u00e9l\u00e9gation d\u00e9partementale du Gard - 30-2025-06-26-00006 - D\u00e9cision n\u00b0 2025-3605 du 26 juin 2025\nrelative au droit \u00e0 d\u00e9rogation pour le\nprojet de Mammobile de l'Association Montpellier-H\u00e9rault pour le\nD\u00e9pistage du Cancer du Sein\n17\nCentre Hostpitalier Universitaire  de N\u00eemes\n30-2025-07-01-00014\nD\u00e9l\u00e9gation de signature - Direction du\npatrimoine et des s\u00e9curit\u00e9s-01.07.2025\nCentre Hostpitalier Universitaire  de N\u00eemes - 30-2025-07-01-00014 - D\u00e9l\u00e9gation de signature - Direction du patrimoine et des\ns\u00e9curit\u00e9s-01.07.2025 18\nCO Fi LJ\nSSS\nD\u00c9CISION 143_ 2025PORTANT DELEGATION DE SIGNATURE DU DIRECTEUR GENERALDirection du Patrimoine et des S\u00e9curit\u00e9s\nLe Directeur g\u00e9n\u00e9ral du Centre Hospitalier Universitaire de Nimes,Vu la loi n\u00b02009-879 du 21 juillet 2009 portant r\u00e9forme de l'h\u00f4pital et relative aux patients \u00e0 la sant\u00e9 et auxterritoires, et notamment les dispositions de l'article L.6143-7 du Code de la Sant\u00e9 Publique, et l'article L. 134-9 duCode g\u00e9n\u00e9ral de la Fonction publique,Vu les articles D 6143-33 a D 6143-35 du code de la sant\u00e9 publique relatifs a la d\u00e9l\u00e9gation de signature dudirecteur d'\u00e9tablissement,Vu l'article R 6143-38 du code de la sant\u00e9 publique relatif au r\u00e9gime de publicit\u00e9 des actes,Vu le d\u00e9cret de Monsieur le Pr\u00e9sident de la R\u00e9publique, en date du 26 mars 2024, nommant Monsieur Fr\u00e9d\u00e9ricRIMATTEI Directeur g\u00e9n\u00e9ral du Centre hospitalier universitaire de Nimes, du CH du Vigan et des EHPAD de Sauve,Saint-Gilles, Saint-Hippolyte-du-Fort, Beauvoisin, Lasalle et Ganges,Vu l'arr\u00eat\u00e9 du Centre national de gestion en date du 2 avril 2024 nommant Monsieur Fr\u00e9d\u00e9ric RIMATTEI Directeurg\u00e9n\u00e9ral du Centre hospitalier universitaire de N\u00eemes, du CH du Vigan et des EHPAD de Sauve, Saint-Gilles, Saint-Hippolyte-du-Fort, Beauvoisin, Lasalle et Ganges,Vu l'arr\u00eat\u00e9 du Centre national de gestion en date du 9 janvier 2023 nommant Monsieur Christophe BACOU,directeur adjoint au CHU de N\u00eemes, au CH du Vigan et aux EHPAD de Sauve, Saint-Gilles, Saint-Hippolyte-du-Fort,Beauvoisin, Lasalle et Ganges,Vu les fonctions de Monsieur Christophe BACOU, Directeur du patrimoine et des s\u00e9curit\u00e9s, telles qu'elles sontsp\u00e9cifi\u00e9es dans l'organigramme de l'\u00e9tablissement,\nDECIDE:Article 1 : DISPOSITIONS G\u00c9N\u00c9RALESLa pr\u00e9sente d\u00e9cision pr\u00e9cise les modalit\u00e9s de d\u00e9l\u00e9gation de signature de Monsieur Fr\u00e9d\u00e9ric RIMATTEI, Directeurg\u00e9n\u00e9ral du CHU de N\u00eemes, au directeur du patrimoine et des s\u00e9curit\u00e9s.S'agissant d'une d\u00e9l\u00e9gation de signature, le Directeur g\u00e9n\u00e9ral peut \u00e9voquer toutes affaires relevant des mati\u00e8resd\u00e9l\u00e9gu\u00e9es et les d\u00e9l\u00e9gataires peuvent \u00e9galement soumettre au Directeur g\u00e9n\u00e9ral tous dossiers relevant de leurdomaine d\u00e9l\u00e9gu\u00e9, qui n\u00e9cessiteraient \u00e0 leurs yeux un examen sp\u00e9cifique.En cas d'emp\u00eachement simultan\u00e9 des d\u00e9l\u00e9gataires, les services de la direction du patrimoine et des s\u00e9curit\u00e9speuvent soumettre une d\u00e9cision urgente \u00e0 la signature du Directeur g\u00e9n\u00e9ral.A leur initiative, les d\u00e9l\u00e9gataires tiennent le Directeur g\u00e9n\u00e9ral inform\u00e9 des actes, documents et correspondancessign\u00e9s dans le cadre de la pr\u00e9sente d\u00e9l\u00e9gation qui justifient d'\u00eatre port\u00e9s \u00e0 sa connaissance.\n1/3R\u00e9f : DS 2025 \u2014 Direction G\u00e9n\u00e9rale\nCentre Hostpitalier Universitaire  de N\u00eemes - 30-2025-07-01-00014 - D\u00e9l\u00e9gation de signature - Direction du patrimoine et des\ns\u00e9curit\u00e9s-01.07.2025 19\nqc Fi UJ\nSSS  SSS SSS\nArticle 2 : DISPOSITIONS SPECIFIQUESD\u00e9l\u00e9gation de signature permanente est donn\u00e9e a Monsieur Christophe BACOU, directeur du patrimoine et dess\u00e9curit\u00e9s du CHU de Nimes, pour signer en lieu et place du Directeur g\u00e9n\u00e9ral tous les actes, documents etcorrespondances relatifs \u00e0 la continuit\u00e9 des activit\u00e9s de la direction du patrimoine et des s\u00e9curit\u00e9s et notamment :2.1. Les correspondances, les actes et les d\u00e9cisions administratifs en vue d'assurer la continuit\u00e9 du fonctionnementde la direction du patrimoine et des s\u00e9curit\u00e9s\n2.2. Toutes d\u00e9cisions et tous documents relatifs aux engagements et liquidation des d\u00e9penses au titre des comptesdont la direction du patrimoine et des s\u00e9curit\u00e9s assure la gestion et ce, dans la limite des cr\u00e9dits approuv\u00e9s\nArticle 3 : DISPOSITIONS EXCLUES DE LA DELEGATIONSont exclus par ailleurs de la pr\u00e9sente d\u00e9l\u00e9gation, les actes, d\u00e9cisions et correspondances qui engagentinstitutionnellement le CHU de N\u00eemes dans ses relations avec les autorit\u00e9s judiciaires, militaires et civiles de l'\u00c9tat,Ministres, Pr\u00e9fets, Directeurs g\u00e9n\u00e9raux des autorit\u00e9s de tutelles et des services ext\u00e9rieurs, Directeurd\u00e9partemental des finances publiques, magistrats administratifs, ainsi que les correspondances avec les \u00e9lusnationaux et des collectivit\u00e9s territoriales, les directeurs d'\u00e9tablissement de sant\u00e9 publics et priv\u00e9s, la presse\u00e9crite, audiovisuelle et internet, sauf demande expresse du Directeur g\u00e9n\u00e9ral.Sont \u00e9galement exclus, tous actes et d\u00e9cisions concernant les membres de l'\u00e9quipe de direction du CHU de Nimes.Toutefois, les r\u00e9ponses urgentes sous forme \u00e9lectronique \u00e0 des demandes des autorit\u00e9s de tutelle exprim\u00e9es elles-m\u00eames sous forme \u00e9lectronique pourront \u00eatre adress\u00e9es directement au demandeur par le d\u00e9l\u00e9gataire avec copieau Directeur g\u00e9n\u00e9ral.\nArticle 4 : DISPOSITIONS EN CAS D'ABSENCEEn cas d'absence ou d'emp\u00e9chement de Monsieur Christophe BACOU, la m\u00eame d\u00e9l\u00e9gation est donn\u00e9e a MonsieurJos\u00e9 PULIDO, directeur des achats, de la politique h\u00f4teli\u00e8re et de la logistique, pour signer tous actes, d\u00e9cisions etcorrespondances relevant de la Direction du patrimoine et des s\u00e9curit\u00e9s.\nArticle 5 : DISPOSITIONS RELATIVES A LA GARDE DE DIRECTIOND\u00e9l\u00e9gation permanente est donn\u00e9e au directeur du patrimoine et des s\u00e9curit\u00e9s, pour signer tous les actes,d\u00e9cisions et correspondances n\u00e9cessaires \u00e0 la continuit\u00e9 du bon fonctionnement du service public hospitalier, prisen tant que directeur de garde pour les p\u00e9riodes d\u00e9termin\u00e9es par le tableau de garde de direction du CHU deN\u00eemes et des \u00e9tablissements en direction commune.Cette d\u00e9l\u00e9gation en tant que directeur de garde comprend notamment tous actes, d\u00e9cisions et correspondancesrelatifs aux soins sans consentement (en application de la Loi n\u00b0 2011-803 du 5 juillet 2011 et de ses d\u00e9crets) etaux pr\u00e9l\u00e8vements multi-organes. Cette disposition s'\u00e9tend \u00e9galement en journ\u00e9e pendant les p\u00e9riodes de cong\u00e9sdu directeur des op\u00e9rations et des parcours patients.\nArticle 6 : SIGNATURE, EFFET ET PUBLICIT\u00c9Les d\u00e9l\u00e9gataires apposent leurs signatures sur cette d\u00e9cision qui leur sera notifi\u00e9e.La pr\u00e9sente d\u00e9cision sera port\u00e9e \u00e0 la connaissance du Conseil de surveillance et transmise \u00e0 la Tr\u00e9sori\u00e8reprincipale du CHU de N\u00eemes. 2/3R\u00e9f : DS 2025 \u2014 Direction G\u00e9n\u00e9rale\nCentre Hostpitalier Universitaire  de N\u00eemes - 30-2025-07-01-00014 - D\u00e9l\u00e9gation de signature - Direction du patrimoine et des\ns\u00e9curit\u00e9s-01.07.2025 20\nc Fi US\nSSS  Sa\nElle sera port\u00e9e a la connaissance du public sur le site internet du CHU de Nimes et sera transmise \u00e0 Monsieur lePr\u00e9fet du Gard pour publication au recueil des actes administratifs du D\u00e9partement du Gard.La pr\u00e9sente d\u00e9cision peut \u00eatre contest\u00e9e dans les deux mois suivant publication soit en d\u00e9posant un recoursgracieux devant l'administration auteur de la d\u00e9cision, soit un recours contentieux devant le Tribunal Administratifterritorialement comp\u00e9tent.\nElle abroge la d\u00e9cision 022 2024\nFait \u00e0 N\u00eemes, de 1\u00b0 juillet 2025\nLe Directeur g\u00e9n\u00e9ral,\nFr\u00e9d\u00e9ric RIMATTE!\nDELEGATAIRES FONCTIONS SIGNATURESChristophe BACOU Directeur du patrimoine et des s\u00e9curit\u00e9s =o 8 calJos\u00e9 PULIDO Directeur des achats, de la politique h\u00f4teli\u00e8re et dela logistique\nA\n3/3R\u00e9f : DS 2025 \u2014 Direction G\u00e9n\u00e9rale\nCentre Hostpitalier Universitaire  de N\u00eemes - 30-2025-07-01-00014 - D\u00e9l\u00e9gation de signature - Direction du patrimoine et des\ns\u00e9curit\u00e9s-01.07.2025 21\nCentre Hostpitalier Universitaire  de N\u00eemes\n30-2025-07-01-00015\nD\u00e9l\u00e9gation de signature- Direction des achats, de\nla politique h\u00f4teli\u00e8re et de la\nlogistique-01.07.2025\nCentre Hostpitalier Universitaire  de N\u00eemes - 30-2025-07-01-00015 - D\u00e9l\u00e9gation de signature- Direction des achats, de la politique\nh\u00f4teli\u00e8re et de la logistique-01.07.2025 22\nqc Fi LI\nSS  SSS\nDECISION 142_2025PORTANT DELEGATION DE SIGNATURE DU DIRECTEUR GENERALDirection des achats, de la politique h\u00f4teli\u00e8re et de la logistique\nLe Directeur g\u00e9n\u00e9ral du Centre Hospitalier Universitaire de N\u00eemes,Vu la loi n\u00b02009-879 du 21 juillet 2009 portant r\u00e9forme de l'h\u00f4pital et relative aux patients \u00e0 la sant\u00e9 et auxterritoires, et notamment les dispositions de l'article L.6143-7 du Code de la Sant\u00e9 Publique, et l'article L. 134-9 duCode g\u00e9n\u00e9ral de la Fonction publique,Vu les articles D 6143-33 \u00e0 D 6143-35 du code de la sant\u00e9 publique relatifs \u00e0 la d\u00e9l\u00e9gation de signature dudirecteur d'\u00e9tablissement,Vu l'article R 6143-38 du code de la sant\u00e9 publique relatif au r\u00e9gime de publicit\u00e9 des actes,Vu le d\u00e9cret de Monsieur le Pr\u00e9sident de la R\u00e9publique, en date du 26 mars 2024, nommant Monsieur Fr\u00e9d\u00e9ricRIMATTEI Directeur g\u00e9n\u00e9ral du Centre hospitalier universitaire de N\u00eemes, du CH du Vigan et des EHPAD de Sauve,Saint-Gilles, Saint-Hippolyte-du-Fort, Beauvoisin, Lasalle et Ganges,Vu l'arr\u00eat\u00e9 du Centre national de gestion en date du 2 avril 2024 nommant Monsieur Fr\u00e9d\u00e9ric RIMATTE! Directeurg\u00e9n\u00e9ral du Centre hospitalier universitaire de N\u00eemes, du CH du Vigan et des EHPAD de Sauve, Saint-Gilles, Saint-Hippolyte-du-Fort, Beauvoisin, Lasalle et Ganges,Vu les fonctions de Monsieur Jos\u00e9 PULIDO, Directeur des achats, de la politique h\u00f4teli\u00e8re et de la logistique, tellesqu'elles sont sp\u00e9cifi\u00e9es dans l'organigramme de l'\u00e9tablissement,\nDECIDE:Article 1 : DISPOSITIONS G\u00c9N\u00c9RALESLa pr\u00e9sente d\u00e9cision pr\u00e9cise les modalit\u00e9s de d\u00e9l\u00e9gation de signature de Monsieur Fr\u00e9d\u00e9ric RIMATTEI, Directeurg\u00e9n\u00e9ral du CHU de N\u00eemes, au directeur des achats, de la politique h\u00f4teli\u00e8re et de la logistique.S'agissant d'une d\u00e9l\u00e9gation de signature, le Directeur g\u00e9n\u00e9ral peut \u00e9voquer toutes affaires relevant des mati\u00e8resd\u00e9l\u00e9gu\u00e9es et les d\u00e9l\u00e9gataires peuvent \u00e9galement soumettre au Directeur g\u00e9n\u00e9ral tous dossiers relevant de leurdomaine d\u00e9l\u00e9gu\u00e9, qui n\u00e9cessiteraient \u00e0 leurs yeux un examen sp\u00e9cifique.En cas d'emp\u00e9chement simultan\u00e9 des d\u00e9l\u00e9gataires, les services de la direction des achats, de la politique h\u00f4teli\u00e8reet de la logistique peuvent soumettre une d\u00e9cision urgente \u00e0 la signature du Directeur g\u00e9n\u00e9ral.A leur initiative, les d\u00e9l\u00e9gataires tiennent le Directeur g\u00e9n\u00e9ral inform\u00e9 des actes, documents et correspondancessign\u00e9s dans le cadre de la pr\u00e9sente d\u00e9l\u00e9gation qui justifient d'\u00eatre port\u00e9s \u00e0 sa connaissance.\nArticle 2 : DISPOSITIONS SP\u00c9CIFIQUESD\u00e9l\u00e9gation de signature permanente est donn\u00e9e \u00e0 Monsieur Jos\u00e9 PULIDO, directeur des achats, de la politiqueh\u00f4teli\u00e8re et de la logistique du CHU de N\u00eemes, pour signer en lieu et place du Directeur g\u00e9n\u00e9ral tous les actes,documents et correspondances relatifs aux activit\u00e9s de la direction des achats, de la politique h\u00f4teli\u00e8re et de lalogistique et notamment :\n1/4R\u00e9f : DS 2025 \u2014 Direction G\u00e9n\u00e9rale\nCentre Hostpitalier Universitaire  de N\u00eemes - 30-2025-07-01-00015 - D\u00e9l\u00e9gation de signature- Direction des achats, de la politique\nh\u00f4teli\u00e8re et de la logistique-01.07.2025 23\nc- Fi UU\nESSE  er\n2.1. Concernant les achats, les march\u00e9s publics, la politique h\u00f4teli\u00e8re et la logistique, les correspondances, lesactes et d\u00e9cisions administratifs portant sur les contrats de la commande publique inf\u00e9rieurs \u00e0 90 000 \u20ac HT,notamment :e Les dossiers march\u00e9s avant publication, attribution et notificatione Les actes d'engagement et leurs annexese Tous les contrats de la commande publique ind\u00e9pendamment de leur nature et de la proc\u00e9dure depassation (march\u00e9s de services, fournitures, travaux, concessions, march\u00e9 sans publicit\u00e9 ni mise enconcurrence pr\u00e9alables, proc\u00e9dure adapt\u00e9e, formalis\u00e9e, les techniques d'achat comme l'accord-cadre...)Les dossiers de consultation, ses annexes, pi\u00e8ces de march\u00e9s et tous les documents y aff\u00e9rantLes modifications de march\u00e9s publicsLes lettres de consultationLes lettres d'attributionLes compl\u00e9ments de candidatureLettres aux candidats non retenusLettres relatives aux offres irr\u00e9guli\u00e9res, inacceptables, offres inappropri\u00e9es, offres anormalement bassese Les lettres de rejet de sous-traitancee Lettres aux candidats pressentisLes lettres de convocation pour les d\u00e9monstrationsLes courriers de reconduction de march\u00e9e Les courriers de notificatione Les invitations a n\u00e9gocierLes invitations a r\u00e9gulariserLes lettres d'admissionLes courriers de r\u00e9siliationLes mises en demeureLes d\u00e9clarations sans suiteLes courriers d'indemnisation et d'augmentation des prixLe registres de d\u00e9p\u00f4ts des offresLes rapports d'analyse des candidatures et offresLes conventions d'adh\u00e9sion \u00e0 une centrale d'achat ou groupements de commande nationaux ou r\u00e9gionauxen conformit\u00e9 avec la politique achats du CHU et du GHTe Les certificats administratifs de rattachement de r\u00e9f\u00e9rence \u00e0 un march\u00e9 publice Les certificats administratifs relatifs au changement de relev\u00e9 d'identit\u00e9 bancaire ou aux coordonn\u00e9es desfournisseurse Les certificats administratifs et tous les documents justifiant le paiement d'une facture provenant d'unmarch\u00e9 pass\u00e9 sans publicit\u00e9 ni mise en concurrence pr\u00e9alablese Les courriers de rejet des factures fournisseursLes achats pour compte, march\u00e9 de substitutionLes fiches de demande d'achat des \u00e9tablissements parties du GHTLes bons de commande issus d'un accord-cadre peu importe sa nature (services, fournitures et travaux)Les march\u00e9s subs\u00e9quents issus d'un accord-cadre peu importe sa nature (services, fournitures et travaux)Les devis et offres de prix+ Les avenants sans incidence financi\u00e8re ou avec une incidence financi\u00e8re de faible montant (pourcentaged'augmentation par rapport aux march\u00e9s initiaux n'exc\u00e8de pas 10 % pour les march\u00e9s de services etfournitures et 15 % pour les march\u00e9s de travaux)Les actes de sous-traitanceLes d\u00e9comptes des march\u00e9s publicsTous les actes relatifs \u00e0 la r\u00e9ception des march\u00e9s publicsLes attestations de service fait\neee + @ @ @\n2/4R\u00e9f : DS 2025 \u2014 Direction G\u00e9n\u00e9rale\nCentre Hostpitalier Universitaire  de N\u00eemes - 30-2025-07-01-00015 - D\u00e9l\u00e9gation de signature- Direction des achats, de la politique\nh\u00f4teli\u00e8re et de la logistique-01.07.2025 24\n<_ iJ\nSSS  SSS SS\n2.2. Toutes d\u00e9cisions, et tous documents relatifs \u00e0 la passation et l'ex\u00e9cution des march\u00e9s publics, achats, politiqueh\u00f4teli\u00e8re et logistique dont la direction des achats, de la politique h\u00f4teli\u00e8re et de la logistique assure la gestion autitre de ses pr\u00e9rogatives institutionnelles.\n2.3. Toutes d\u00e9cisions, et tous documents relatifs aux engagements et liquidation des d\u00e9penses au titre descomptes dont la direction des achats, de la politique h\u00f4teli\u00e8re et de la logistique assure la gestion et ce, dans lalimite des cr\u00e9dits approuv\u00e9s.Article 3 : DISPOSITIONS EXCLUES DE LA D\u00c9L\u00c9GATIONSont exclus par ailleurs de la pr\u00e9sente d\u00e9l\u00e9gation, les actes, d\u00e9cisions et correspondances qui engagentinstitutionnellement le CHU de N\u00eemes dans ses relations avec les autorit\u00e9s judiciaires, militaires et civiles de l'\u00c9tat,Ministres, Pr\u00e9fets, Directeurs g\u00e9n\u00e9raux des autorit\u00e9s de tutelles et des services ext\u00e9rieurs, Directeurd\u00e9partemental des finances publiques, magistrats administratifs, ainsi que les correspondances avec les \u00e9lusnationaux et des collectivit\u00e9s territoriales, les directeurs d'\u00e9tablissement de sant\u00e9 publics et priv\u00e9s, la presse\u00e9crite, audiovisuelle et internet, sauf demande expresse du Directeur g\u00e9n\u00e9ral.Sont \u00e9galement exclus, tous actes et d\u00e9cisions concernant les membres de l'\u00e9quipe de direction du CHU de N\u00eemes.Toutefois, les r\u00e9ponses urgentes sous forme \u00e9lectronique \u00e0 des demandes des autorit\u00e9s de tutelle exprim\u00e9es elles-m\u00eames sous forme \u00e9lectronique pourront \u00eatre adress\u00e9es directement au demandeur par le d\u00e9l\u00e9gataire avec copieau Directeur g\u00e9n\u00e9ral.Sont exclus totalement et rigoureusement de la pr\u00e9sente d\u00e9l\u00e9gation, tous les achats et march\u00e9s publics,correspondances, actes et d\u00e9cisions administratifs portant sur les contrats de la commande publique sup\u00e9rieurs\u00e0 90 000 \u20ac HT qui rel\u00e8vent de la signature du Directeur g\u00e9n\u00e9ral.\nArticle 4 : DISPOSITIONS EN CAS D'ABSENCEEn cas d'absence ou d'emp\u00e9chement de Monsieur Jos\u00e9 PULIDO, la m\u00eame d\u00e9l\u00e9gation est donn\u00e9e \u00e0 MonsieurChristophe BACOU, directeur du patrimoine et des s\u00e9curit\u00e9s, pour signer tous actes, d\u00e9cisions et correspondancesrelevant de la direction des achats, de la politique h\u00f4teli\u00e8re et de la logistique.\nArticle 5 : DISPOSITIONS RELATIVES A LA GARDE DE DIRECTIOND\u00e9l\u00e9gation permanente est donn\u00e9e au directeur des achats, de la politique h\u00f4teli\u00e8re et de la logistique, poursigner tous les actes, d\u00e9cisions et correspondances n\u00e9cessaires \u00e0 la continuit\u00e9 du bon fonctionnement du servicepublic hospitalier, pris en tant que directeur de garde pour les p\u00e9riodes d\u00e9termin\u00e9es par le tableau de garde dedirection du CHU de N\u00eemes et des \u00e9tablissements en direction commune.Cette d\u00e9l\u00e9gation en tant que directeur de garde comprend notamment tous actes, d\u00e9cisions et correspondancesrelatifs aux soins sans consentement (en application de la Loi n\u00b0 2011-803 du 5 juillet 2011 et de ses d\u00e9crets) etaux pr\u00e9l\u00e8vements multi-organes. Cette disposition s'\u00e9tend \u00e9galement en journ\u00e9e pendant les p\u00e9riodes de cong\u00e9sdu directeur des op\u00e9rations et des parcours patients.\nArticle 6 : SIGNATURE, EFFET ET PUBLICIT\u00c9Les d\u00e9l\u00e9gataires apposent leurs signatures sur cette d\u00e9cision qui leur sera notifi\u00e9e.La pr\u00e9sente d\u00e9cision sera port\u00e9e \u00e0 la connaissance du Conseil de surveillance et transmise \u00e0 la Tr\u00e9sori\u00e8reprincipale du CHU de N\u00eemes.\n3/4R\u00e9f : DS 2025 \u2014 Direction G\u00e9n\u00e9rale\nCentre Hostpitalier Universitaire  de N\u00eemes - 30-2025-07-01-00015 - D\u00e9l\u00e9gation de signature- Direction des achats, de la politique\nh\u00f4teli\u00e8re et de la logistique-01.07.2025 25\nc Fi LJ\nRE)\nElle sera \u00e9galement port\u00e9e \u00e0 la connaissance du public sur le site internet du CHU de N\u00eemes et sera transmise \u00e0Monsieur le Pr\u00e9fet du Gard pour publication au recueil des actes administratifs du D\u00e9partement du Gard.La pr\u00e9sente d\u00e9cision peut \u00eatre contest\u00e9e dans les deux mois suivant publication soit en d\u00e9posant un recoursgracieux devant l'administration auteur de la d\u00e9cision, soit un recours contentieux devant le Tribunal Administratifterritorialement comp\u00e9tent.\nFait \u00e0 N\u00eemes, \u00c0 1\u00b0\" juillet 2025\nLe Directeur g\u00e9n\u00e9ral,\u2014CFr\u00e9d\u00e9ric/RIMATTEIEtD\u00c9L\u00c9GATAIRESFONCTIONS SIGNATURES |Jos\u00e9 PULIDODirecteur des achats, de la politique h\u00f4teli\u00e8re et dela logistique\nChristophe BACOUDirecteur du patrimoine et des s\u00e9curit\u00e9s\nR\u00e9f : DS 2025 \u2014 Direction G\u00e9n\u00e9rale 4/4\nCentre Hostpitalier Universitaire  de N\u00eemes - 30-2025-07-01-00015 - D\u00e9l\u00e9gation de signature- Direction des achats, de la politique\nh\u00f4teli\u00e8re et de la logistique-01.07.2025 26\nCentre Hostpitalier Universitaire  de N\u00eemes\n30-2025-06-23-00007\nD\u00e9l\u00e9gation de signature- Direction des\nressources humaines-23.06.2025\nCentre Hostpitalier Universitaire  de N\u00eemes - 30-2025-06-23-00007 - D\u00e9l\u00e9gation de signature- Direction des ressources\nhumaines-23.06.2025 27\nqc Fi LJ\nSSS  ee)\nD\u00c9CISION 139_ 2025PORTANT D\u00c9L\u00c9GATION DE SIGNATURE DU DIRECTEUR G\u00c9N\u00c9RALDirection des Ressources Humaines\nLe Directeur g\u00e9n\u00e9ral du Centre Hospitalier Universitaire de N\u00eemes,Vu la loi n\u00b02009-879 du 21 juillet 2009 portant r\u00e9forme de l'h\u00f4pital et relative aux patients \u00e0 la sant\u00e9 et auxterritoires, et notamment les dispositions de l'article L.6143-7 du Code de la Sant\u00e9 Publique, et l'article L. 134-9 duCode g\u00e9n\u00e9ral de la Fonction publique,Vu les articles D 6143-33 \u00e0 D 6143-35 du code de la sant\u00e9 publique relatifs \u00e0 la d\u00e9l\u00e9gation de signature dudirecteur d'\u00e9tablissement,Vu l'article R 6143-38 du code de la sant\u00e9 publique relatif au r\u00e9gime de publicit\u00e9 des actes,Vu le d\u00e9cret de Monsieur le Pr\u00e9sident de la R\u00e9publique, en date du 26 mars 2024, nommant Monsieur Fr\u00e9d\u00e9ricRIMATTEI Directeur g\u00e9n\u00e9ral du Centre hospitalier universitaire de Nimes, du CH du Vigan et des EHPAD de Sauve,Saint-Gilles, Saint-Hippolyte-du-Fort, Beauvoisin, Lasalle et Ganges,Vu l'arr\u00eat\u00e9 du Centre national de gestion en date du 2 avril 2024 nommant Monsieur Fr\u00e9d\u00e9ric RIMATTEI Directeurg\u00e9n\u00e9ral du Centre hospitalier universitaire de N\u00eemes, du CH du Vigan et des EHPAD de Sauve, Saint-Gilles, Saint-Hippolyte-du-Fort, Beauvoisin, Lasalle et Ganges,Vu l'arr\u00eat\u00e9 du Centre national de gestion en date du 21 mars 2025 nommant Monsieur Patrice TANCHE, directeuradjoint au CHU de N\u00eemes, au CH du Vigan et aux EHPAD de Sauve, Saint-Gilles, Saint-Hippolyte-du-Fort, Beauvoisin,Lasalle et Ganges,Vu l'arr\u00eat\u00e9 du Centre national de gestion en date du 18 d\u00e9cembre 2023 nommant Madame L\u00e9a GRASSE, directriceadjointe au CHU de N\u00eemes, aux EHPAD de Saint-Gilles et de Beauvoisin, au CH le Vigan et aux EHPAD de Sauve, StHippolyte du Fort, Lasalle et Ganges dans le cadre de la convention de direction commune,Vu les fonctions de Monsieur Patrice TANCHE, Directeur des Ressources Humaines, et de Madame L\u00e9a GRASSE,Directrice adjointe des Ressources Humaines, telles qu'elles sont sp\u00e9cifi\u00e9es dans l'organigramme del'\u00e9tablissement,\nDECIDE:Article 1 : DISPOSITIONS G\u00c9N\u00c9RALESLa pr\u00e9sente d\u00e9cision pr\u00e9cise les modalit\u00e9s de d\u00e9l\u00e9gation de signature de Monsieur Fr\u00e9d\u00e9ric RIMATTEI, Directeurg\u00e9n\u00e9ral du CHU de N\u00eemes, au directeur des ressources humaines ainsi qu'\u00e0 son adjointe.S'agissant d'une d\u00e9l\u00e9gation de signature, le Directeur g\u00e9n\u00e9ral peut \u00e9voquer toutes affaires relevant des mati\u00e8resd\u00e9l\u00e9gu\u00e9es et les d\u00e9l\u00e9gataires peuvent \u00e9galement soumettre au Directeur g\u00e9n\u00e9ral tous dossiers relevant de leurdomaine d\u00e9l\u00e9gu\u00e9, qui n\u00e9cessiteraient \u00e0 leurs yeux un examen sp\u00e9cifique.En cas d'emp\u00e9chement simultan\u00e9 des d\u00e9l\u00e9gataires, les services de la direction des ressources humaines peuventsoumettre une d\u00e9cision urgente \u00e0 la signature du Directeur g\u00e9n\u00e9ral.A leur initiative, les d\u00e9l\u00e9gataires tiennent le Directeur g\u00e9n\u00e9ral inform\u00e9 des actes, documents et correspondancessign\u00e9s dans le cadre de la pr\u00e9sente d\u00e9l\u00e9gation qui justifient d'\u00eatre port\u00e9s \u00e0 sa connaissance.1/4R\u00e9f : DS 2025 \u2014 Direction G\u00e9n\u00e9rale\nCentre Hostpitalier Universitaire  de N\u00eemes - 30-2025-06-23-00007 - D\u00e9l\u00e9gation de signature- Direction des ressources\nhumaines-23.06.2025 28\nHA  LJ\na\nArticle 2 : DISPOSITIONS SPECIFIQUESD\u00e9l\u00e9gation de signature permanente est donn\u00e9e a Monsieur Patrice TANCHE, directeur des ressources humainesdu CHU de Nimes, pour signer en lieu et place du Directeur g\u00e9n\u00e9ral tous les actes, documents et correspondancesrelatifs \u00e0 la gestion des activit\u00e9s de la direction des ressources humaines notamment :2.1. Actes, documents et correspondances relatifs \u00e0 la gestion de la paie notamment :L'ensemble des documents ordonnateurs validant la paie pour l'ensemble du personnel del'\u00e9tablissementLes documents ordonnateurs validant la paie pour l'ensemble des grades de l'\u00e9tablissementEl\u00e9ments variables de paieTitres de recettes pour les bulletins n\u00e9gatifsD\u00e9claration sociale nominativeBordereau des charges annuellesOrdre de mission et \u00e9tat de fraisFormulaire p\u00f4le emploi et aide au retour \u00e0 l'emploiTitre de recettes cong\u00e9 de formation professionnelleAttestations (salaire, cessations de paiement, perte de primes, suppl\u00e9ment familial...)Acompte sur salaire2.2. Actes, documents et correspondances relatifs \u00e0 la gestion du temps de travail notamment :Tableaux de serviceAutorisations d'absenceCong\u00e9s (notamment cong\u00e9s bonifi\u00e9s, cong\u00e9s exceptionnels)Gestion des comptes \u00e9pargne temps\n2.3. Actes, documents et correspondances relatifs \u00e0 la politique handicap notamment :D\u00e9clarations aupr\u00e8s du Fonds pour l'insertion des Personnes Handicap\u00e9es dans la FonctionPublique (FIPHFP)2.4. Actes, documents et correspondances diverses relatifs \u00e0 la gestion des carri\u00e8res notamment :D\u00e9cisions de carri\u00e8res notamment : mise en stage, titularisation, avancement d'\u00e9chelon,avancement de grade, d\u00e9tachement, int\u00e9gration, disponibilit\u00e9, convention de mise \u00e0disposition, reclassement, cong\u00e9s parental, mutation, retraite, radiation des cadres \u00e0exception des d\u00e9cisions de sanctions disciplinairesPrimes et indemnit\u00e9s relevant de la gestion des carri\u00e8resFiches de posteOrdres de mission et remboursement de frais des professionnels non m\u00e9dicauxTemps partielsContrats : CDD, CDI, avenant contrat, courriers de renouvellement ou non renouvellement,licenciementCertificats de travailCompte-rendu de l'entretien professionnelCumul d'activit\u00e9sContrats de t\u00e9l\u00e9travailMaladies ordinaires, maladies professionnelles, accidents du travailConvocations aux expertises m\u00e9dicales2.5. Discipline : convocation, mise en demeure et notification de sanction, suspension \u00e0 titreconservatoire 2/4R\u00e9f : DS 2025 \u2014 Direction G\u00e9n\u00e9rale\nCentre Hostpitalier Universitaire  de N\u00eemes - 30-2025-06-23-00007 - D\u00e9l\u00e9gation de signature- Direction des ressources\nhumaines-23.06.2025 29\nqc\" Fi LJ\ni  \u20142.6. Actes, documents et correspondances sp\u00e9cifiques \u00e0 la gestion statutaire collective des personnels nonm\u00e9dicaux (fonctionnaires et contractuels) notamment :e Concours : avis d'ouverture, d\u00e9cision fixant la composition des jurys...\u00b0 Convocation des membres de la Commission Administrative Paritaire (CAP) et proc\u00e9s-verbaux des Commissions Administratives Paritaires (CAP)+ Convocation des membres de la Commission Consultative Paritaire (CCP) et proc\u00e9s-verbauxde la Commission Consultative Paritaire (CCP)2.7. Formation professionnelle notamment :Convention de stageConvention de formation m\u00e9dicale et non m\u00e9dicaleCahier des charges offres de formationAttestation de stageDemande de remboursement des frais li\u00e9s \u00e0 l'Association Nationale pour la Formation dupersonnel Hospitalier (ANFH)e Dossier cong\u00e9 de formation professionnelle, bilan de comp\u00e9tences, validation des acquis etdes exp\u00e9riences\u00b0 Titres de recettes relatifs au formation catalogue\u00b0 Titres de recettes li\u00e9s \u00e0 l'Association Nationale pour la Formation du personnel Hospitalier(ANFH - hors cong\u00e9 de formation professionnelle)e D\u00e9cision de promotion professionnelle pour les personnels du CHU2.8. Actes ayant trait au fonctionnement de la direction des ressources humaines2.9. Actes, documents et correspondances relatifs a la politique des ressources humaines notamment :e Contrats et avenants des intervenants ext\u00e9rieurs (psychologue...)e Contrats de cr\u00e8che\nArticle 3 : DISPOSITIONS EXCLUES DE LA DELEGATIONSont exclus par ailleurs de la pr\u00e9sente d\u00e9l\u00e9gation, les actes, d\u00e9cisions et correspondances qui engagentinstitutionnellement le CHU de Nimes dans ses relations avec les autorit\u00e9s judiciaires, militaires et civiles de l'\u00c9tat,Ministres, Pr\u00e9fets, Directeurs g\u00e9n\u00e9raux des autorit\u00e9s de tutelles et des services ext\u00e9rieurs, Directeurd\u00e9partemental des finances publiques, magistrats administratifs, ainsi que les correspondances avec les \u00e9lusnationaux et des collectivit\u00e9s territoriales, les directeurs d'\u00e9tablissement de sant\u00e9 publics et priv\u00e9s, la presse\u00e9crite, audiovisuelle et internet, sauf demande expresse du Directeur g\u00e9n\u00e9ral.Sont \u00e9galement exclus, tous actes et d\u00e9cisions concernant les membres de l'\u00e9quipe de direction du CHU de Nimes.Toutefois, les r\u00e9ponses urgentes sous forme \u00e9lectronique \u00e0 des demandes des autorit\u00e9s de tutelle exprim\u00e9es elles-m\u00eames sous forme \u00e9lectronique pourront \u00eatre adress\u00e9es directement au demandeur par le d\u00e9l\u00e9gataire avec copieau Directeur g\u00e9n\u00e9ral.Article 4 : DISPOSITIONS EN CAS D'ABSENCEEn cas d'absence ou d'emp\u00e9chement de M. Patrice TANCHE, et sur sa proposition, la m\u00eame d\u00e9l\u00e9gation est donn\u00e9e\u00e0 Mme L\u00e9a GRASSE pour signer tous actes, d\u00e9cisions et correspondances relevant de la Direction des ressourceshumaines.\n3/4R\u00e9f : DS 2025 \u2014 Direction G\u00e9n\u00e9rale\nCentre Hostpitalier Universitaire  de N\u00eemes - 30-2025-06-23-00007 - D\u00e9l\u00e9gation de signature- Direction des ressources\nhumaines-23.06.2025 30\nqc FHA LJ\nSSS SSS\nArticle 5 : DISPOSITIONS RELATIVES A LA GARDE DE DIRECTIOND\u00e9l\u00e9gation permanente est donn\u00e9e au directeur des ressources humaines, pour signer tous les actes, d\u00e9cisions etcorrespondances n\u00e9cessaires a la continuit\u00e9 du bon fonctionnement du service public hospitalier, pris en tant quedirecteur de garde pour les p\u00e9riodes d\u00e9termin\u00e9es par le tableau de garde de direction du CHU de Nimes et des\u00e9tablissements en direction commune.Cette d\u00e9l\u00e9gation en tant que directeur de garde comprend notamment tous actes, d\u00e9cisions et correspondancesrelatifs aux soins sans consentement (en application de la Loi n\u00b0 2011-803 du 5 juillet 2011 et de ses d\u00e9crets) etaux pr\u00e9l\u00e8vements multi-organes. Cette disposition s'\u00e9tend \u00e9galement en journ\u00e9e pendant les p\u00e9riodes de cong\u00e9sdu directeur des op\u00e9rations et des parcours patients.La m\u00eame d\u00e9l\u00e9gation est donn\u00e9e \u00e0 Mme L\u00e9a GRASSE pour signer tous actes, d\u00e9cisions et correspondancesn\u00e9cessaires \u00e0 la continuit\u00e9 du bon fonctionnement du service public hospitalier, pris en tant que directeur degarde pour les p\u00e9riodes d\u00e9termin\u00e9es par le tableau de garde de direction du CHU de N\u00eemes et des \u00e9tablissementsen direction commune.\nArticle 6 : SIGNATURE, EFFET ET PUBLICIT\u00c9Les d\u00e9l\u00e9gataires de la direction des ressources humaines sont inform\u00e9es et apposent leurs signatures respectives \u00e0la pr\u00e9sente d\u00e9l\u00e9gation.La pr\u00e9sente d\u00e9cision est accessible sur le site internet du CHU de N\u00eemes et fait \u00e9galement l'objet d'une publicationau bulletin des actes administratifs de la Pr\u00e9fecture du Gard. Elle sera port\u00e9e \u00e0 la connaissance du Conseil desurveillance et transmise \u00e0 la Tr\u00e9sori\u00e8re principale du CHU de N\u00eemes.La pr\u00e9sente d\u00e9cision peut \u00eatre contest\u00e9e dans les deux mois suivant affichage soit en d\u00e9posant un recours gracieuxdevant l'administration auteur de la d\u00e9cision, soit un recours contentieux devant le Tribunal Administratifterritorialement comp\u00e9tent.\nElle annule la d\u00e9cision 113_2025 et prend effet \u00e0 compter du 24 juin 2025.\nFait \u00e0 Nimes, lb 23 juin 2025\n(SeDELEGATAIRES FONCTIONS 'SIGNATURES _)Patrice TANCHE Directeur des Ressources humaines ell\nL\u00e9a GRASSE Directrice adjointe des Ressources humaines\n4/4R\u00e9f : DS 2025 \u2014 Direction G\u00e9n\u00e9rale\nCentre Hostpitalier Universitaire  de N\u00eemes - 30-2025-06-23-00007 - D\u00e9l\u00e9gation de signature- Direction des ressources\nhumaines-23.06.2025 31\nDirection D\u00e9partementale de la Protection des\nPopulations du Gard \n30-2025-07-01-00007\n20250701- arr\u00eat\u00e9 fermeture \u00e9tablissement- le\nsaigon- bellegarde\nDirection D\u00e9partementale de la Protection des Populations du Gard  - 30-2025-07-01-00007 - 20250701- arr\u00eat\u00e9 fermeture\n\u00e9tablissement- le saigon- bellegarde 32\nPREFET Direction d\u00e9partementaleDU GARD de la protection des populationsLibert\u00e9Egalit\u00e9Fraternit\u00e9Arr\u00eat\u00e9 pr\u00e9fectoral n\u00b0 2025-Pronongant la fermeture de l'\u00e9tablissement :\u00ab LE SAIGON \u00bbSis 2 RUE DE L'HOTEL DE VILLE 30127 BELLEGARDEExploit\u00e9 par : Van Linh NGUYENSiret : 940 166 887 00015Le pr\u00e9fet du GardChevalier de la L\u00e9gion d'Honneur,\nVU le r\u00e8glement (CE) n\u00b0 178/2002 du Parlement europ\u00e9en et du conseil du 29 avril 2004 \u00e9tablis-sant les principes g\u00e9n\u00e9raux et les prescriptions g\u00e9n\u00e9rales de la l\u00e9gislation alimentaire, instituantl'autorit\u00e9 europ\u00e9enne de s\u00e9curit\u00e9 des aliments et fixant des proc\u00e9dures relatives \u00e0 la s\u00e9curit\u00e9 desdenr\u00e9es alimentaires ;VU le r\u00e8glement (CE) n\u00b0 852/2004 du Parlement europ\u00e9en et du conseil du 29 avril 2004 relatif \u00e0l'hygi\u00e8ne des aliments ;VU le r\u00e8glement (CE) n\u00b0 853/2004 du Parlement europ\u00e9en et du conseil du 29 avril 2004 fixantdes r\u00e8gles sp\u00e9cifiques d'hygi\u00e8ne applicables aux denr\u00e9es alimentaires d'origine animale ;VU le r\u00e8glement (CE) n\u00b0 2073/2005 de la Commission du 15 novembre 2005 concernant les cri-t\u00e8res microbiologiques applicables aux denr\u00e9es alimentaires ;VU le code rural et de la p\u00eache maritime, notamment les articles L.233-1 et D 233-20 ;VU le code des relations entre le public et l'administration, notamment les articles L.122-1 etL.122-2 ;VU le code g\u00e9n\u00e9ral des collectivit\u00e9s territoriales, et notamment l'article L.2512-13 ;VU le d\u00e9cret du Pr\u00e9sident de la R\u00e9publique en date du 13 juillet 2023 nommant Monsieur J\u00e9r\u00f4meBONET, pr\u00e9fet du Gard \u00e0 compter du 21 ao\u00fbt 2023 ;VU l'arr\u00eat\u00e9 minist\u00e9riel du 18 d\u00e9cembre 2009 relatif aux r\u00e8gles sanitaires applicables aux produitsd'origine animale et aux denr\u00e9es alimentaires en contenant ;VU l'arr\u00eat\u00e9 minist\u00e9riel du 21 d\u00e9cembre 2009 relatif aux r\u00e8gles sanitaires applicables aux activit\u00e9sde commerce de d\u00e9tail, d'entreposage et de transport de produits d'origine animale et denr\u00e9esalimentaires en contenant ;VU l'arr\u00eat\u00e9 du premier ministre du 8 janvier 2025 nommant M. Fr\u00e9d\u00e9ric FORNER, directeurd\u00e9partemental de la protection des populations; .VU l'arr\u00eat\u00e9 pr\u00e9fectoral n\u00b0 30-2025-01-27-00002 donnant d\u00e9l\u00e9gation de signature et mandat derepr\u00e9sentation \u00e0 M. Fr\u00e9d\u00e9ric FORNER, directeur d\u00e9partemental de la protection des populations ;Consid\u00e9rant que l'inspection r\u00e9alis\u00e9e le 01 juillet 2025 par Delphine GRANCHI dansl'\u00e9tablissement \u00e0 l'enseigne \u00abLE SAIGON\u00bb sis 2 RUE DE L'HOTEL DE VILLE 30127BELLEGARDE, exploit\u00e9 par Van, Linh NGUYEN a permis de constater de graves manquementsaux r\u00e8gles d'hygi\u00e8ne et d'entretien g\u00e9n\u00e9ral des lieux et installations ;\nDirection D\u00e9partementale de la Protection des Populations du Gard  - 30-2025-07-01-00007 - 20250701- arr\u00eat\u00e9 fermeture\n\u00e9tablissement- le saigon- bellegarde 33\nConsid\u00e9rant que l'ensemble de ces constats permet de conclure que les conditions defonctionnement de cet \u00e9tablissement sont telles que les produits fabriqu\u00e9s, d\u00e9tenus ou mis envente, sont susceptibles de pr\u00e9senter un danger imm\u00e9diat pour la sant\u00e9 publique ;Consid\u00e9rant que d\u00e8s lors, il y a n\u00e9cessit\u00e9 et urgence \u00e0 ce que des mesures soient prises pourpr\u00e9server la sant\u00e9 publique ;Consid\u00e9rant que les articles L 233-1 et D 233-20 du code rural et de la p\u00eache maritime autorisentle Pr\u00e9fet, en cas d'urgence et pour pr\u00e9venir les dangers graves et imminents pour la sant\u00e9 pu-blique, a ordonner la fermeture imm\u00e9diate de tout ou partie de |'\u00e9tablissement ou l'arr\u00eat imm\u00e9diatd'une ou plusieurs activit\u00e9s jusqu'\u00e0 r\u00e9alisation des mesures permettant la r\u00e9ouverture de l'\u00e9tablis-sement ou la reprise des activit\u00e9s sans risque pour la sant\u00e9 publique ;Consid\u00e9rant que compte-tenu de l'urgence (article L.121-2 du code des relations entre le public etl'administration), il n'y a. pas lieu de respecter la proc\u00e9dure contradictoire pr\u00e9vue aux articlesL.121-1 et L.122-1 du m\u00eame code ;\nArr\u00eate :Article 1 : L'\u00e9tablissement \u00ab LE SAIGON \u00bb sis 2 RUE DE L'HOTEL DE VILLE 30127BELLEGARDE exploit\u00e9 par Van, Linh NGUYEN est ferm\u00e9 \u00e0 compter de la notification du pr\u00e9sentarr\u00eat\u00e9, pour des raisons sanitaires.Article 2 : L''abrogation du pr\u00e9sent arr\u00eat\u00e9 est subordonn\u00e9e \u00e0 la constatation sur place, parles agents de la direction d\u00e9partementale de la protection des populations, de la r\u00e9alisation int\u00e9-grale des mesures correctives et travaux prescrits \u00e0 la suite de l'inspection r\u00e9alis\u00e9e dans cet \u00e9ta-blissement.Il convient notamment de :Locaux :- Proc\u00e9der au rangement des locaux de production et de stockage- Proc\u00e9der au nettoyage et \u00e0 une d\u00e9sinfection efficace des locaux de production (murs, sols,plafonds) et de tous les \u00e9quipements pr\u00e9sents (r\u00e9frig\u00e9rateurs, cong\u00e9lateurs, hotte) ;- Equiper la porte situ\u00e9e en zone de production d'une moustiquaire\u00c9quipements :- \u00c9quiper le lavabo de la zon\u00e9 de production d'une commande non manuelle, de distributeur desavon et de papier essuie mains \u00e0 usage unique e- Equiper les enceintes froides de thermom\u00e8tres \u00e0 lecture directe ;\nFonctionnement :- R\u00e9aliser une \u00e9tude des dangers et mettre en place des proc\u00e9dures HACCP permettant d'assurerla ma\u00eetrise des points critiques identifi\u00e9s dans l'\u00e9tablissement (cong\u00e9lation, d\u00e9cong\u00e9lation,d\u00e9contamination des v\u00e9g\u00e9taux, gestion des huiles de friture, cuisson au barbecue). Devrontappara\u00eetre notamment les moyens mis en \u0153uvre pour ma\u00eetriser ces points critiques, les limitescritiques d\u00e9finies ainsi que les actions correctives pr\u00e9vues en cas de d\u00e9passement de ces limites(l'utilisation du GBPH Restaurateur est possible)- Mettre en place un syst\u00e8me de tra\u00e7abilit\u00e9 des denr\u00e9es efficient ;- Prot\u00e9ger, identifier et dater les denr\u00e9es conserv\u00e9es dans les enceintes froides;- Mettre en place le plan de nettoyage et d\u00e9sinfection des locaux et \u00e9quipements;\nDirection D\u00e9partementale de la Protection des Populations du Gard  - 30-2025-07-01-00007 - 20250701- arr\u00eat\u00e9 fermeture\n\u00e9tablissement- le saigon- bellegarde 34\n- Acqu\u00e9rir des produits de nettoyage et d\u00e9sinfection professionnels, bact\u00e9ricides et agr\u00e9\u00e9scontact alimentaire ; |- Proc\u00e9der au relev\u00e9 quotidien des temp\u00e9ratures des enceintes froides et les enregistrer dansun document d\u00e9di\u00e9 ;- Prendre contact avec un laboratoire afin de mettre en place un plan d'autocontr\u00f4lesmicrobiologiques, physiques et chimiques adapt\u00e9 a votre \u00e9tablissement et fonctionnement ;- Suivre une formation en hygi\u00e8ne alimentaire aupr\u00e8s d'un \u00e9tablissement agr\u00e9\u00e9 et transmettrel'attestation de formation \u00e0 la DDPP ;- Souscrire aupr\u00e8s d'une soci\u00e9t\u00e9 un contrat d'entretien de la hotte ;- Suspendre les balais et raclettes- Mettre en place un plan de lutte contre les nuisibles ;- Transmettre la d\u00e9claration d'activit\u00e9 (CERFA 13984);- S'approvisionner aupr\u00e8s de fournisseurs agr\u00e9\u00e9s- Mettre en place une collecte des huiles usag\u00e9es par un prestataire agr\u00e9\u00e9- S\u00e9parer les produits d'entretien des denr\u00e9es alimentaires- S'\u00e9quiper de testeur pour l'huile et mettre en place un contr\u00f4le r\u00e9gulier de ces derni\u00e8resPersonnel :- Equiper le personnel d'une tenue de travail\nArticle 3 : Le niveau d'hygi\u00e8ne de l'\u00e9tablissement \u00ab LE SAIGON\u00bb sis 2 RUE DE L'HOTELDE VILLE 30127 BELLEGARDE exploit\u00e9 par Van Linh NGUYEN , \u00ab \u00c0 CORRIGER DE MANIEREURGENTE \u00bb sera publi\u00e9 sur le site internet : |https://dgal.opendatasoft.com/pages/alimconfiance jusqu'au prochain contr\u00f4le, ou pour une dur\u00e9ed'un an maximum.Article 4: Le pr\u00e9sent arr\u00eat\u00e9 devra \u00eatre affich\u00e9 \u00e0 l'entr\u00e9e de l'\u00e9tablissement afin que lesclients puissent en prendre connaissance.Article 5: La pr\u00e9sente d\u00e9cision peut faire l'objet d'un recours devant la juridictionadministrative territorialement comp\u00e9tente dans un d\u00e9lai de deux mois \u00e0 compter de sa notifica-tion, soit par courrier, soit par l'application informatique T\u00e9l\u00e9recours accessible, sur le site :http://www.telerecours.fr.Article 6 : Dans le cas o\u00f9 il serait contrevenu \u00e0 l'article 1 du pr\u00e9sent arr\u00eat\u00e9, l'exploitants'expose aux sanctions pr\u00e9vues par l'article L.532-3 du Code de la consommation (peine de deuxans d'emprisonnement et amende de 15 000 euros) et aux sanctions pr\u00e9vues \u00e0 l'article L.237-2 IIdu code rural et de la p\u00eache maritime (peine de 2 ans d'emprisonnement et 30 000 eurosd'amende).\nArticle 7 : Le secr\u00e9taire g\u00e9n\u00e9ral de la pr\u00e9fecture, la directrice de cabinet du pr\u00e9fet, ledirecteur d\u00e9partemental de la protection des populations,le directeur interd\u00e9partemental de las\u00e9curit\u00e9 publique, le maire de Bellegarde, sont charg\u00e9s, chacun en ce qui les concerne, del'ex\u00e9cution du pr\u00e9sent arr\u00eat\u00e9 qui sera notifi\u00e9 \u00e0 l'exploitant.\nA N\u00eemes, le 01/07/2025\nDirection D\u00e9partementale de la Protection des Populations du Gard  - 30-2025-07-01-00007 - 20250701- arr\u00eat\u00e9 fermeture\n\u00e9tablissement- le saigon- bellegarde 35\nDirection D\u00e9partementale de la Protection des Populations du Gard  - 30-2025-07-01-00007 - 20250701- arr\u00eat\u00e9 fermeture\n\u00e9tablissement- le saigon- bellegarde 36\nDirection D\u00e9partementale de la Protection des\nPopulations du Gard \n30-2025-07-02-00001\nAP FERMETURE URGENCE APAVE BAGNOLS O\nGRILL\nDirection D\u00e9partementale de la Protection des Populations du Gard  - 30-2025-07-02-00001 - AP FERMETURE URGENCE APAVE\nBAGNOLS O GRILL 37\n=mPREFETDU GARDLibert\u00e9Egalit\u00e9Fraternit\u00e9\nDirec tion d\u00e9partementale  \nde la protec tion des populations\n                                                          Arr\u00eat\u00e9 pr\u00e9fectoral n\u00b0 \nPronon\u00e7ant la fermeture de l'\u00e9tablissement :\n \u00abBAGNOLS O GRILL\u00bb\nSis 14 Chemin du Pont du diable, 30200 Bagnols-sur-C\u00e8ze\nExploit\u00e9 par : Mohamed MEZOUAGH\nSiret : 97795935200013 \nLe pr\u00e9fet du Gard\nChevalier de la L\u00e9gion d'Honneur,\nOfficier de l'Ordre National du M\u00e9rite,\nVU le r\u00e8glement (CE) n\u00b0 178/2002 du Parlement europ\u00e9en et du conseil du 29 avril 2004 \u00e9tablis-\nsant les principes g\u00e9n\u00e9raux et les prescriptions g\u00e9 n\u00e9rales de la l\u00e9gislation alimentaire, instituant\nl'autorit\u00e9 europ\u00e9enne de s\u00e9curit\u00e9 des aliments et fixant des proc\u00e9dures relatives \u00e0 la s\u00e9curit\u00e9 des\ndenr\u00e9es     alimentaires ;\nVU le r\u00e8glement (CE) n\u00b0 852/2004 du Parlement europ\u00e9en  et du conseil du 29 avril 2004 relatif \u00e0\nl'hygi\u00e8ne des aliments ;\nVU le r\u00e8glement (CE) n\u00b0 853/2004 du Parlement europ\u00e9en  et du conseil du 29 avril 2004 fixant\ndes r\u00e8gles sp\u00e9cifiques d'hygi\u00e8ne applicables aux denr\u00e9es alimentaires d'origine animale ;\nVU le r\u00e8glement (CE) n\u00b0 2073/2005 de la Commission du  15 novembre 2005 concernant les cri-\nt\u00e8res microbiologiques applicables aux denr\u00e9es alimentaires ;\nVU le code rural et de la p\u00eache maritime, notamment les articles L.233-1 et D 233-20 ;\nVU le code des relations entre le public et l'adminis tration, notamment les articles L.122-1 et\nL.122-2 ;\nVU le code g\u00e9n\u00e9ral des collectivit\u00e9s territoriales, et notamment l'article L.2512-13 ;\nVU le d\u00e9cret du Pr\u00e9sident de la R\u00e9publique en date du 13 juillet 2023 nommant Monsieur J\u00e9r\u00f4me\nBONET, pr\u00e9fet du Gard \u00e0 compter du 21 ao\u00fbt 2023 ;\nVU l'arr\u00eat\u00e9 minist\u00e9riel du 18 d\u00e9cembre 2009 relatif a ux r\u00e8gles sanitaires applicables aux produits\nd'origine animale et aux denr\u00e9es alimentaires en contenant ;\nVU l'arr\u00eat\u00e9 minist\u00e9riel du 21 d\u00e9cembre 2009 relatif a ux r\u00e8gles sanitaires applicables aux activit\u00e9s\nde commerce de d\u00e9tail, d'entreposage et de transpor t de produits d'origine animale et denr\u00e9es\nalimentaires en contenant ;\nVU l'arr\u00eat\u00e9 du premier ministre du  8 janvier 2025 no mmant M. Fr\u00e9d\u00e9ric FORNER, directeur d\u00e9-\npartemental de la protection des populations ;\nVU l'arr\u00eat\u00e9 pr\u00e9fectoral n\u00b0 30-2025-01-27-00002 donnant d\u00e9l\u00e9gation de signature et mandat de re-\npr\u00e9sentation \u00e0 M. Fr\u00e9d\u00e9ric FORNER, directeur d\u00e9partemental de la protection des populations ;\nConsid\u00e9rant\n que l'inspection r\u00e9alis\u00e9e le 1er juillet 2025 par C\u00e9line STEINFORT, agent APAVE EX-\nPLOITATION FRANCE pour le compte et sous l'autorit\u00e9 du pr\u00e9fet de d\u00e9partement, dans l'\u00e9tablis-\nsement \u00e0 l'enseigne \u00ab BAGNOLS O GRILL \u00bb sis 14 Chem in du Pont du diable, 30200 Bagnols-\nsur-C\u00e8ze, exploit\u00e9 par Monsieur Mohamed MEZOUAGH,a permis de constater de graves man-\nquements aux r\u00e8gles d'hygi\u00e8ne et d'entretien g\u00e9n\u00e9ral des lieux et installations ;\nDirection D\u00e9partementale de la Protection des Populations du Gard  - 30-2025-07-02-00001 - AP FERMETURE URGENCE APAVE\nBAGNOLS O GRILL 38\n \nConsid\u00e9rant que l'ensemble  de  ces  constats  permet  de  conclure  que  les  conditions  de\nfonctionnement de cet \u00e9tablissement sont telles que  les produits fabriqu\u00e9s, d\u00e9tenus ou mis en\nvente, sont susceptibles de pr\u00e9senter un danger imm\u00e9diat pour la sant\u00e9 publique ;\nConsid\u00e9rant que d\u00e8s lors, il y a n\u00e9cessit\u00e9 et urgence \u00e0 ce que  des mesures soient prises pour\npr\u00e9server la sant\u00e9 publique ;\nConsid\u00e9rant\n que les articles L 233-1 et D 233-20 du Code rural et de la p\u00eache maritime autorisent\nle Pr\u00e9fet, en cas d'urgence et pour pr\u00e9venir les da ngers graves et imminents pour la sant\u00e9 pu-\nblique, \u00e0 ordonner la fermeture imm\u00e9diate de tout o u partie de l'\u00e9tablissement ou l'arr\u00eat imm\u00e9diat\nd'une ou plusieurs activit\u00e9s jusqu'\u00e0 r\u00e9alisation des mesures permettant la r\u00e9ouverture de l'\u00e9tablis-\nsement ou la reprise des activit\u00e9s sans risque pour la sant\u00e9 publique ;\nConsid\u00e9rant que compte-tenu de l'urgence (article L.121-2 du code des relations entre le public et\nl'administration), il n'y a pas lieu de respecter l a proc\u00e9dure contradictoire pr\u00e9vue aux articles\nL.121-1 et L.122-1 du m\u00eame code ;\n \nArr\u00eate :\nArticle 1\n :  L'\u00e9tablissement  \u00ab BAGNOLS O GRILL\u00bb sis 14 Chemin du  Pont du diable,\n30200 Bagnols-sur-C\u00e8ze exploit\u00e9 par Monsieur Mohame d MEZOUAGH est ferm\u00e9 \u00e0 compter de\nla notification du pr\u00e9sent arr\u00eat\u00e9, pour des raisons sanitaires.\nArticle 2 : L'abrogation du pr\u00e9sent arr\u00eat\u00e9 est subordonn\u00e9e \u00e0 la constatation sur place, par\nles agents de la direction d\u00e9partementale de la pro tection des populations, de la r\u00e9alisation int\u00e9-\ngrale des mesures correctives et travaux prescrits \u00e0 la suite de l'inspection r\u00e9alis\u00e9e dans cet \u00e9ta-\nblissement.\nIl convient notamment de :\nLocaux : \n-Proc\u00e9der  au  d\u00e9sencombrement  et  au  rangement  des  locaux  et  \u00e9liminer  les  mat\u00e9riels  hors\nservice, non utilis\u00e9s qui encombrent certaines zones ;\n-Reprendre les rev\u00eatements muraux d\u00e9grad\u00e9s \u00e0 proxim it\u00e9 de la hotte et de bac de plonge et\nproc\u00e9der au remplacement de la fa\u00efence murale manquante ;\n-Mettre en conformit\u00e9 la zone ext\u00e9rieure o\u00f9 sont pr \u00e9par\u00e9es les frites fra\u00eeches et r\u00e9alis\u00e9es les\ngrillades ou en proscrire l'usage. Si vous souhaite z maintenir une activit\u00e9 alimentaire dans cet\nespace, il ne doit pas \u00eatre source de contamination  pour les denr\u00e9es et respecter les exigences\nr\u00e9glementaires (murs, sols lisses, lavables, r\u00e9sist ants et non poreux...) Ils doivent pouvoir \u00eatre\nnettoy\u00e9s et d\u00e9sinfect\u00e9s de mani\u00e8re efficace. Vous d evez pr\u00e9venir et prendre l'ensemble des\nmesures n\u00e9cessaires afin d'emp\u00eacher l'introduction de nuisibles...\n- Proc\u00e9der au nettoyage et \u00e0 la d\u00e9sinfection des lo caux  (murs, sols, plafonds...) et de tous les\n\u00e9quipements pr\u00e9sents (r\u00e9frig\u00e9rateurs y compris joints, cong\u00e9lateurs, hotte) ;\n- \u00c9quiper les ouvrants d'\u00e9crans type moustiquaires afin d'\u00e9viter l'introduction de nuisibles et\npoussi\u00e8res, sources de contaminations pour les denr\u00e9es et surfaces ou les maintenir ferm\u00e9s.\n\u00c9quipements :\n- \u00c9quiper le lavabo de la zone de production de distributeurs de savon bact\u00e9ricide pour le lavage\ndes  mains  et  de  papier  essuie-mains  \u00e0  usage  unique  qui  devront  \u00eatre  aliment\u00e9s  d\u00e8s  que\nn\u00e9cessaire ;\nDirection D\u00e9partementale de la Protection des Populations du Gard  - 30-2025-07-02-00001 - AP FERMETURE URGENCE APAVE\nBAGNOLS O GRILL 39\n-  \u00c9quiper  les enceintes froides positives  et  n\u00e9gatives de thermom\u00e8tres  \u00e0 lecture directe  et\nacqu\u00e9rir un thermom\u00e8tre permettant de contr\u00f4ler les  temp\u00e9ratures des produits ou pr\u00e9parations\nfabriqu\u00e9es sur place ;\n-Mettre en place des poubelles \u00e0 commande non manuelle munies de couvercles qui doivent\nrester ferm\u00e9es, pendant la production notamment.\nFonctionnement :l\n- R\u00e9aliser une \u00e9tude des dangers et mettre en place des proc\u00e9dures HACCP permettant d'assurer\nla  ma\u00eetrise  des  points  critiques  identifi\u00e9s  dans  l'\u00e9tablissement  (cong\u00e9lation,  d\u00e9cong\u00e9lation,\nd\u00e9contamination des v\u00e9g\u00e9taux,  gestion  des  huiles  de friture,  cuisson  au barbecue).  Devront\nappara\u00eetre notamment les moyens mis en \u0153uvre pour m a\u00eetriser ces points critiques, les limites\ncritiques d\u00e9finies ainsi que les actions corrective s pr\u00e9vues en cas de d\u00e9passement de ces limites\n(l'utilisation du GBPH Restaurateur est possible) ;\n- Mettre en place un syst\u00e8me de tra\u00e7abilit\u00e9 des denr\u00e9es efficient ;\n- Respecter le principe de marche en avant dans le temps ou dans l'espace ;\n-  Respecter  les  prescriptions  r\u00e9glementaires  et  ma\u00eetriser  la  d\u00e9cong\u00e9lation  des  denr\u00e9es\n(d\u00e9cong\u00e9lation \u00e0  temp\u00e9rature ambiante proscrite), l e refroidissement  rapide des pr\u00e9parations\n(respect du couple temps/temp\u00e9rature requis pour le  refroidissement rapide : passage de plus de\n63\u00b0C \u00e0 moins de 10\u00b0C en moins de 2 heures) ; la d\u00e9c ontamination des v\u00e9g\u00e9taux \u2026 ; qualit\u00e9 et\nconformit\u00e9 des huiles de friture (proc\u00e9der \u00e0 tests des huiles alimentaires et les changer d\u00e8s que\nn\u00e9cessaires);\n- Prot\u00e9ger, identifier et dater les denr\u00e9es conserv\u00e9es dans les enceintes froides;\n- Mettre en place le plan de nettoyage et d\u00e9sinfection des locaux et \u00e9quipements;\n- Acqu\u00e9rir des produits de nettoyage et d\u00e9sinfection professionnels, bact\u00e9ricides et agr\u00e9\u00e9s\ncontact alimentaire ;\n- Proc\u00e9der au relev\u00e9 quotidien des temp\u00e9ratures des enceintes froides et les enregistrer dans\nun document d\u00e9di\u00e9 ;\n- Suspendre les balais et raclettes ;\n- Proscrire le stockage de cartons sur les plans de travail ;\n- Vous fournir exclusivement aupr\u00e8s de fournisseurs  agr\u00e9\u00e9s ou disposant d'une d\u00e9rogation \u00e0\nl'agr\u00e9ment sanitaire ;\n- Acqu\u00e9rir des plaques eutectiques pour \u00e9quiper la glaci\u00e8re servant au transport des denr\u00e9es\nacheter par vos soins afin de garantir le maintien de la cha\u00eene du froid pendant le transport et\neffectuer des contr\u00f4les de temp\u00e9rature \u00e0 l'arriv\u00e9e ;\n- D\u00e9conditionner les produits en conserves ouverts type harissa ;\n-  Prendre  contact  avec  un  laboratoire  afin  de  mettre  en  place  un  plan  d'autocontr\u00f4les\nmicrobiologiques, physiques et chimiques adapt\u00e9 \u00e0 votre \u00e9tablissement et fonctionnement ;\n- Suivre une formation en hygi\u00e8ne alimentaire aupr\u00e8 s d'un \u00e9tablissement agr\u00e9\u00e9 et transmettre\nl'attestation de formation \u00e0 la DDPP ;\n- Proc\u00e9der \u00e0 l'affichage des allerg\u00e8nes \u00e0 d\u00e9claration obligatoire ;\n- Mettre en place un plan de lutte contre les nuisi bles, d\u00e9placer l'insectocuteur actuellement plac\u00e9\nau-dessus de la zone de stockage de la vaisselle propre ;\n- Mettre \u00e0 jour la d\u00e9claration d'activit\u00e9 (CERFA 13984);\n- Mettre en place une collecte des huiles usag\u00e9es p ar un prestataire agr\u00e9\u00e9 ou si tel est d\u00e9j\u00e0 le\ncas, fournir les bons d'enl\u00e8vement \u00e0 la DDPP.\nPersonnel :\n- Fournir ou cr\u00e9er un am\u00e9nagement pour que le personnel puisse se changer et leur procurer un\nmoyen de stockage des affaires personnelles hors de la zone de production;\n- Equiper le personnel de tenues professionnelles ;\n- Afficher les instructions \u00e9crites \u00e0 l'usage du personnel ;\nDirection D\u00e9partementale de la Protection des Populations du Gard  - 30-2025-07-02-00001 - AP FERMETURE URGENCE APAVE\nBAGNOLS O GRILL 40\nArticle 3 : Le niveau d'hygi\u00e8ne de l'\u00e9tablissement \u00ab BAGNOS O GRILL \u00bb sis 14 Route du\nPont du Diable 30200 Bagnos-sur-C\u00e8ze exploit\u00e9 par M ohamed MEZOUAGH , \u00ab \u00c0 CORRIGER\nDE MANIERE URGENTE \u00bb sera publi\u00e9 sur le site internet :\nhttps://dgal.opendatasoft.com/pages/alimconfiance jusqu'au prochain contr\u00f4le, ou pour une dur\u00e9e\nd'un an maximum.\nArticle 4 : Le pr\u00e9sent arr\u00eat\u00e9 devra \u00eatre affich\u00e9 \u00e0 l'entr\u00e9e de l'\u00e9tablissement afin que les\nclients puissent en prendre connaissance.\nArticle  5 :  La  pr\u00e9sente  d\u00e9cision  peut  faire  l'objet  d'un  recours  devant  la  juridiction\nadministrative territorialement comp\u00e9tente dans un d\u00e9lai de deux mois \u00e0 compter de sa notifica-\ntion, soit par courrier, soit par l'application informatique T\u00e9l\u00e9recours accessible, sur le site : \nhttp://www.telerecours.fr.\nArticle 6 : Dans le cas o\u00f9 il serait contrevenu \u00e0 l'article 1 d u pr\u00e9sent arr\u00eat\u00e9, l'exploitant\ns'expose aux sanctions pr\u00e9vues par l'article L.532-3 du Code de la consommation (peine de deux\nans d'emprisonnement et amende de 15 000 euros) et aux sanctions pr\u00e9vues \u00e0 l'article L.237-2 II\ndu  code  rural  et  de  la  p\u00eache  maritime  (peine  de  2 ans  d'emprisonnement  et  30 000 euros\nd'amende).\nArticle   7    : Le secr\u00e9taire g\u00e9n\u00e9ral de la pr\u00e9fecture, la directri ce de cabinet du pr\u00e9fet, le di-\nrecteur d\u00e9partemental de la protection des populati ons, le directeur interd\u00e9partemental de la s\u00e9-\ncurit\u00e9 publique, le maire de Bagnols-sur-C\u00e8ze, sont charg\u00e9s, chacun en ce qui les concerne, de\nl'ex\u00e9cution du pr\u00e9sent arr\u00eat\u00e9 qui sera notifi\u00e9 \u00e0 Monsieur MEZOUAGH.\nA N\u00eemes, le 2 juillet 2025\n                                                                                                            Pour le pr\u00e9fet et par d\u00e9l\u00e9gation,\n                                La chef de service \n  Audrey MARTINEZ\nDirection D\u00e9partementale de la Protection des Populations du Gard  - 30-2025-07-02-00001 - AP FERMETURE URGENCE APAVE\nBAGNOLS O GRILL 41\nDirection d\u00e9partementale des Finances\nPubliques du Gard\n30-2025-07-02-00002\nArr\u00eat\u00e9 de fermeture exceptionnelle du SPFE\nDirection d\u00e9partementale des Finances Publiques du Gard - 30-2025-07-02-00002 - Arr\u00eat\u00e9 de fermeture exceptionnelle du SPFE 42\nREPUBLIQUEFRANCAISELibert\u00e9Egalit\u00e9Fraternit\u00e9\nTFINANCES PUBLIQUES\nDirection d\u00e9partementale\ndes Finances publiques du Gard\nArr\u00eat\u00e9 relatif au r\u00e9gime d'ouverture et de fermeture exceptionnelle au public\ndes services de la direction d\u00e9partementale des finances publiques du Gard\nLa Directrice d\u00e9partementale des Finances publiques du Gard,\nVu le d\u00e9cret n\u00b071-69 du 26 janvier 1971 relatif au r\u00e9gime d'ouverture au public des services ext\u00e9rieurs de l'Etat ;\nVu  les  articles  26  et  43  du  d\u00e9cret  n\u00b02004-374  du  29  avril  2004  modifi\u00e9  relatif  au  pouvoir  des  pr\u00e9fets,  \u00e0\nl'organisation et \u00e0 l'action des services de l'Etat, dans les r\u00e9gions et les d\u00e9partements ;\nVu le d\u00e9cret n\u00b02008-310 du 3 avril 2008 relatif \u00e0 la direction g\u00e9n\u00e9rale des finances publiques ;\nVu le d\u00e9cret n\u00b02009-208 du 20 f\u00e9vrier 2009 relatif au statut particulier des administrateurs des finances publiques\n;\nVu le d\u00e9cret n\u00b02009-707 du 16 juin 2009 modifi\u00e9 relatif aux services d\u00e9concentr\u00e9s de la direction g\u00e9n\u00e9rale des\nfinances publiques ;\nVu l'arr\u00eat\u00e9 pr\u00e9fectoral n\u00b030-2024-09-16-00006 en date du 16 septembre 2024 portant d\u00e9l\u00e9gation de signature en\nmati\u00e8re de fermeture exceptionnelle des services d\u00e9concentr\u00e9s de la direction d\u00e9partementale des finances\npubliques du Gard ;\nVu l'arr\u00eat\u00e9 du directeur d\u00e9partemental des finances publiques du Gard sign\u00e9 en date du 27 f\u00e9vrier 2024 relatif au\nr\u00e9gime d'ouverture au public des services de la direction d\u00e9partementale des finances publiques du Gard ;\nArr\u00eate :\nArticle 1er\nLe  service  de  la  publicit\u00e9  fonci\u00e8re  et  de  l'enregistrement  de  N\u00eemes  situ\u00e9  67  rue  Salomon  Reinach  sera\nexceptionnellement ferm\u00e9 au public le jeudi 17 juillet 2025.\nArticle 2\nLe pr\u00e9sent arr\u00eat\u00e9 sera publi\u00e9 au recueil des actes administratifs de la Pr\u00e9fecture du Gard et affich\u00e9 dans les \nlocaux du service vis\u00e9 \u00e0 l'article 1er.\nFait \u00e0 N\u00eemes, le 02 juillet 2025\nPour le Pr\u00e9fet et par d\u00e9l\u00e9gation,\nL'Administratrice de l'\u00c9tat,\nDirectrice d\u00e9partementale des Finances publiques du Gard,\nSign\u00e9\nChristine BESSOU-NICAISE\nDirection d\u00e9partementale des Finances Publiques du Gard - 30-2025-07-02-00002 - Arr\u00eat\u00e9 de fermeture exceptionnelle du SPFE 43\nDirection D\u00e9partementale des Tetrritoires et de\nla Mer du Gard\n30-2025-06-30-00006\nARR\u00caT\u00c9 Portant exception au plan de pr\u00e9vention\ndes risques d'inondation de N\u00eemes en vertu de\nl'article L\u00a0562-4-2 du Code de l'Environnement\nDirection D\u00e9partementale des Tetrritoires et de la Mer du Gard - 30-2025-06-30-00006 - ARR\u00caT\u00c9 Portant exception au plan de\npr\u00e9vention des risques d'inondation de N\u00eemes en vertu de l'article L\u00a0562-4-2 du Code de l'Environnement 44\nPREFETDU GARDLibert\u00e9Egalit\u00e9Fraternit\u00e9\nDirection d\u00e9partementale\ndes territoires et de la mer\nService Eau et Risques\nddtm-ser-pr@gard.gouv.fr\nARR\u00caT\u00c9 N\u00b0\nPortant exception au plan de pr\u00e9vention des risques d'inondation de N\u00eemes en vertu de l'article L 562\u2013\n4\u20132 du Code de l'Environnement\nLe pr\u00e9fet du Gard\nChevalier de l'ordre de la L\u00e9gion d'honneur,\nOfficier de l'ordre national du M\u00e9rite\nVU le Code de l'Environnement et ses articles L 562-1 \u00e0 L 562-9 et R 562-1 \u00e0 R 562-10 relatifs aux Plans de  \nPr\u00e9vention des Risques Naturels ;\nVU la loi portant Acc\u00e9l\u00e9ration de la Production d'\u00c9nergies Renouvelables du 10 mars 2023 ;\nVU  le d\u00e9cret n\u00b02024-318 du 8 avril 2024 relatif au d\u00e9veloppement de l'agrivolta\u00efsme et aux conditions  \nd'implantation des installations photovolta\u00efques sur des terrains agricoles, naturels ou forestiers ;\nVU le d\u00e9cret du 13 juillet 2023 nommant J. BONET pr\u00e9fet du Gard ;\nVU l'arr\u00eat\u00e9 pr\u00e9fectoral n\u00b02014-185-0030 du 4 juillet 2014 approuvant le PPRI de N\u00eemes ;\nVU la feuille de route pour l 'acc\u00e9l\u00e9ration du d\u00e9veloppement des \u00e9nergies renouvelables en Occitanie du  \n9 d\u00e9cembre 2022 ;\nVU la lettre du pr\u00e9fet de la r\u00e9gion Occitanie du 28 d\u00e9cembre 2022 fixant la contribution du d\u00e9partement \ndu Gard dans les objectifs de d\u00e9veloppement des \u00e9nergies renouvelables en Occitanie ;\nVU les courriers de consultation de la commune de N\u00eemes et du syndicat mixte du SCOT Sud Gard sur le  \nprojet d'arr\u00eat\u00e9 portant exception au PPRI de N\u00eemes ;\nVU les avis recueillis au cours de la consultation ;\nCONSID\u00c9RANT que le PPRI de N\u00eemes n'autorise pas l'implantation d'ombri\u00e8res photovolta\u00efques dans les  \nzones class\u00e9es F-U, TF-U, TF-Ucu, TF-Utcsp et TF-Uch du plan de zonage r\u00e9glementaire du PPRI ;\nCONSID\u00c9RANT les objectifs territoriaux de d\u00e9veloppement de la production d'\u00e9nergie photovolta\u00efque  \nfix\u00e9s \u00e0 53 TWh/an en 2028 et \u00e0 123 TWh/an en 2050 \u00e0 l'\u00e9chelle de la r\u00e9gion Occitanie, et \u00e0 1 550 GWh en \n2028 \u00e0 l'\u00e9chelle du d\u00e9partement du Gard ;\nCONSID\u00c9RANT que l'article 40 de la loi portant Acc\u00e9l\u00e9ration de la Production d'\u00c9nergies Renouvelables  \nimpose l'installation d'ombri\u00e8res sur au moins la moiti\u00e9 de leur superficie d 'ici le 1 er juillet 2026 pour les \n89, rue Weber \u2013 30907 NIMES CEDEX 2\nT\u00e9l : 04 66 62 62 00 - Fax : 04 66 23 28 79 - www.gard.gouv.fr\nDirection D\u00e9partementale des Tetrritoires et de la Mer du Gard - 30-2025-06-30-00006 - ARR\u00caT\u00c9 Portant exception au plan de\npr\u00e9vention des risques d'inondation de N\u00eemes en vertu de l'article L\u00a0562-4-2 du Code de l'Environnement 45\nparcs de stationnement de plus de 1  500 m\u00b2 , et porte l 'objectif de d\u00e9velopper la production d'\u00e9nergies  \nrenouvelables, et notamment photovolta\u00efque, sur les surfaces d\u00e9j\u00e0 urbanis\u00e9es ;\nCONSID\u00c9RANT  qu'une surface d'environ 43  hectares de parkings existants de plus de  500 m\u00b2 a \u00e9t\u00e9  \nestim\u00e9e en zone inconstructible (zone rouge) du PPRI de N\u00eemes ;\nCONSID\u00c9RANT que cette surface repr\u00e9sente une part substantielle (57  %) du potentiel de parkings \u00e0  \nl'\u00e9chelle du d\u00e9partement du Gard qui pourraient \u00eatre \u00e9quip\u00e9s d'ombri\u00e8res photovolta\u00efques ;\nCONSID\u00c9RANT ainsi que ces surfaces pourraient contribuer \u00e0 l'atteinte des objectifs d\u00e9partementaux et \nr\u00e9gionaux sus-cit\u00e9s ;\nCONSID\u00c9RANT que l'article L 562-4-2 du Code de l'Environnement permet au pr\u00e9fet de d\u00e9finir des  \nexceptions au PPRI en vigueur afin de permettre l'implantation de syst\u00e8mes de production d'\u00e9nergie  \nphotovolta\u00efque d\u00e8s lors qu'il n'en r\u00e9sulte pas une aggravation des risques ;\nCONSID\u00c9RANT que de telles exceptions ne sont plus opposables si une proc\u00e9dure de modification du  \nPPRI en question n 'a pas \u00e9t\u00e9 conclue dans un d\u00e9lai de 18  mois suivant la publication des arr\u00eat\u00e9s portant  \nrespectivement ces exceptions ;\nCONSID\u00c9RANT que l'implantation d'ombri\u00e8res photovolta\u00efques en zone d\u00e9j\u00e0 urbanis\u00e9es F-U, TF-U, TF-\nUcu, TF-Utcsp et TF-Uch du PPRI ne conduit pas \u00e0 une aggravation du risque inondation ;\nCONSID\u00c9RANT que l'implantation d'ombri\u00e8res photovolta\u00efques sur des parcs de stationnement relais  \n(souvent d\u00e9nomm\u00e9s P + R), \u00e0 proximit\u00e9 du r\u00e9seau de transport en commun local, d\u00e9finis par l'autorit\u00e9  \norganisatrice des transports urbains sur la commune telle que d\u00e9finie \u00e0  l'article L 1231-1 du Code des  \ntransports en zones TF-NU, F-NU, M-NU et R-NU du PPRI ne conduit pas \u00e0 une aggravation du risque  \ninondation ;\nCONSID\u00c9RANT que les installations agrivolta\u00efques sont r\u00e9put\u00e9es contribuer durablement \u00e0 l 'installation, \nau maintien ou au d\u00e9veloppement d'une production agricole, en vertu de l'article 54 de la loi portant  \nAcc\u00e9l\u00e9ration de la Production d'\u00c9nergies Renouvelables ;\nCONSID\u00c9RANT que ces installations agrivolta\u00efques contribuent directement \u00e0 l'atteinte des objectifs  \nr\u00e9gionaux et d\u00e9partementaux en termes de production d'\u00e9nergie photovolta\u00efque sus-cit\u00e9s ;\nCONSID\u00c9RANT que le d\u00e9cret n\u00b02024-318 du 8 avril 2024 relatif au d\u00e9veloppement de l'agrivolta\u00efsme  \nimpose des conditions strictes \u00e0 l'autorisation des installations agrivolta\u00efques, des obligations de contr\u00f4le \net de remise en \u00e9tat, notamment dans ses articles 3 et 6 ;\nCONSID\u00c9RANT que ces conditions permettent d'assurer que l'implantation d'ombri\u00e8res agrivolta\u00efques  \nne conduit pas \u00e0 une aggravation du risque inondation des secteurs agricoles concern\u00e9s ;\nCONSID\u00c9RANT  que les collectivit\u00e9s conservent la possibilit\u00e9 de permettre ou au contraire d'interdire  \ndes projets d'\u00e9nergie solaire sur certaines zones de leur territoire en fonction des enjeux locaux dans le  \ncadre de leurs comp\u00e9tences en urbanisme ;\nSUR PROPOSITION de Monsieur le Directeur D\u00e9partemental des Territoires et de la Mer du Gard.\nARR\u00caTE\nARTICLE 1 :\nPar exception \u00e0 l'article 1 du II-1 et \u00e0 l'article 1 du II-2 du r\u00e8glement du PPRI de N\u00eemes, les ombri\u00e8res  \nphotovolta\u00efques sont  autoris\u00e9es  en  zones  F-U,  TF-U,  TF-Ucu,  TF-Utcsp  et  TF-Uch  du  plan  de  zonage \nr\u00e9glementaire sous les conditions suivantes :\n89, rue Weber \u2013 30907 NIMES CEDEX 2\nT\u00e9l : 04 66 62 62 00 - Fax : 04 66 23 28 79 - www.gard.gouv.fr\nDirection D\u00e9partementale des Tetrritoires et de la Mer du Gard - 30-2025-06-30-00006 - ARR\u00caT\u00c9 Portant exception au plan de\npr\u00e9vention des risques d'inondation de N\u00eemes en vertu de l'article L\u00a0562-4-2 du Code de l'Environnement 46\n\u2013 le projet se situe en dehors d'une bande de pr\u00e9caution d'une distance en m\u00e8tre \u00e9gale \u00e0 100 fois la  \ndiff\u00e9rence d'altitude entre la cote de la crue de r\u00e9f\u00e9rence et le pied de digue c\u00f4t\u00e9 zone prot\u00e9g\u00e9e (avec  \nun minimum de 50 m) ;\n\u2013 le projet se situe en dehors de l'emprise de tout syst\u00e8me d'endiguement autoris\u00e9 ;\n\u2013 les ombri\u00e8res sont ouvertes sur la totalit\u00e9 de leur p\u00e9rim\u00e8tre ;\n\u2013 la sous-face des panneaux, les postes de relev\u00e9 et connectiques aff\u00e9rentes sont situ\u00e9s au-dessus de la  \ncote de la PHE + 30  cm  (en absence de PHE, les calages forfaitaires sont pr\u00e9cis\u00e9s dans le r\u00e8glement du  \nPPRI) ;\n\u2013 la solidit\u00e9 de l'ancrage des poteaux est garantie en tenant compte :\n> de la nature et de la stabilit\u00e9 du sous-sol (ph\u00e9nom\u00e8ne d'\u00e9rosion en cas de crue),\n> des vitesses et hauteurs d'eau auxquelles seront soumises les installations en cas de survenue de \nla crue de r\u00e9f\u00e9rence,\n> de la capacit\u00e9 de transport solide d'\u00e9l\u00e9ments environnants (\u00e0 d\u00e9terminer en fonction des  \nhauteurs et vitesses des \u00e9coulements) susceptibles de g\u00e9n\u00e9rer l'arrachement des poteaux par choc, par  \nperte des fondations ou d\u00e9stabilisation de l'ensemble \u00e0 la pression g\u00e9n\u00e9r\u00e9e par des emb\u00e2cles,\n> des situations accidentelles possibles, notamment rupture de digues entra\u00eenant des venues  \nd'eau  particuli\u00e8rement  rapides  telles  qu'elles  sont  d\u00e9finies  dans  les  \u00e9tudes  de  danger  des  syst\u00e8mes \nd'endiguement.\n(Des crit\u00e8res d'ancrage forfaitaires sont propos\u00e9s en annexe)\n\u2013 les planchers am\u00e9nag\u00e9s des b\u00e2timents techniques sont situ\u00e9s au-dessus de la cote PHE + 30  cm  (en \nabsence de PHE, les calages forfaitaires sont pr\u00e9cis\u00e9s dans le r\u00e8glement du PPRI).\n\u2013 les ombri\u00e8res ne font l'objet d'aucun changement d'usage ni d'aucun am\u00e9nagement ult\u00e9rieur qui en  \nmodifieraient les caract\u00e9ristiques ou l'usage.\nARTICLE 2 :\nUniquement sur les parcs de stationnement relais (souvent d\u00e9nomm\u00e9s P + R) port\u00e9s et g\u00e9r\u00e9s par une  \nstructure publique situ\u00e9s \u00e0 proximit\u00e9 du r\u00e9seau de transport en commun local, d\u00e9finis par l'autorit\u00e9  \norganisatrice des transports urbains sur la commune telle que d\u00e9finie \u00e0 l'article L1231-1 du Code des  \ntransports, par exception \u00e0 l'article 1 du II-1, \u00e0 l'article 1 du II-2, \u00e0 l'article 1 du II-6, \u00e0 l'article 1 du II-8 du  \nr\u00e8glement du PPRI de N\u00eemes, les ombri\u00e8res photovolta\u00efques sont autoris\u00e9es en zones TF-NU, F-NU, M-NU  \net R-NU du plan de zonage r\u00e9glementaire sous les conditions suivantes :\n\u2013 le projet se situe en dehors d'une bande de pr\u00e9caution d'une distance en m\u00e8tre \u00e9gale \u00e0 100 fois la  \ndiff\u00e9rence d'altitude entre la cote de la crue de r\u00e9f\u00e9rence et le pied de digue c\u00f4t\u00e9 zone prot\u00e9g\u00e9e (avec  \nun minimum de 50 m) ;\n\u2013 le projet se situe en dehors de l'emprise de tout syst\u00e8me d'endiguement autoris\u00e9 ;\n\u2013 les ombri\u00e8res sont ouvertes sur la totalit\u00e9 de leur p\u00e9rim\u00e8tre ;\n\u2013 la sous-face des panneaux, les postes de relev\u00e9 et connectiques aff\u00e9rentes sont situ\u00e9s au-dessus de la  \ncote de la PHE + 30  cm  (en absence de PHE, les calages forfaitaires sont pr\u00e9cis\u00e9s dans le r\u00e8glement du  \nPPRI) ;\n\u2013 la solidit\u00e9 de l'ancrage des poteaux est garantie en tenant compte :\n> de la nature et de la stabilit\u00e9 du sous-sol (ph\u00e9nom\u00e8ne d'\u00e9rosion en cas de crue),\n> des vitesses et hauteurs d'eau auxquelles seront soumises les installations en cas de survenue de \nla crue de r\u00e9f\u00e9rence,\n> de la capacit\u00e9 de transport solide d'\u00e9l\u00e9ments environnants (\u00e0 d\u00e9terminer en fonction des  \nhauteurs et vitesses des \u00e9coulements) susceptibles de g\u00e9n\u00e9rer l'arrachement des poteaux par choc, par  \nperte des fondations ou d\u00e9stabilisation de l'ensemble \u00e0 la pression g\u00e9n\u00e9r\u00e9e par des emb\u00e2cles,\n> des situations accidentelles possibles, notamment rupture de digues entra\u00eenant des venues  \nd'eau  particuli\u00e8rement  rapides  telles  qu'elles  sont  d\u00e9finies  dans  les  \u00e9tudes  de  danger  des  syst\u00e8mes \nd'endiguement.\n(Des crit\u00e8res d'ancrage forfaitaires sont propos\u00e9s en annexe)\n\u2013 les planchers am\u00e9nag\u00e9s des b\u00e2timents techniques sont situ\u00e9s au-dessus de la cote PHE + 30  cm (en \nabsence de PHE, les calages forfaitaires sont pr\u00e9cis\u00e9s dans le r\u00e8glement du PPRI).\n\u2013 les ombri\u00e8res ne font l'objet d'aucun changement d'usage ni d'aucun am\u00e9nagement ult\u00e9rieur qui en  \nmodifieraient les caract\u00e9ristiques ou l'usage.\n89, rue Weber \u2013 30907 NIMES CEDEX 2\nT\u00e9l : 04 66 62 62 00 - Fax : 04 66 23 28 79 - www.gard.gouv.fr\nDirection D\u00e9partementale des Tetrritoires et de la Mer du Gard - 30-2025-06-30-00006 - ARR\u00caT\u00c9 Portant exception au plan de\npr\u00e9vention des risques d'inondation de N\u00eemes en vertu de l'article L\u00a0562-4-2 du Code de l'Environnement 47\nLes parcs de stationnement relais devront respecter la mise en transparence des cl\u00f4tures et ainsi que de  \ntous les dispositifs de s\u00e9curisation du site. Les \u00e9quipements/services annexes aux parkings (bornes de  \nrecharges, transformateurs, bornes de paiements\u2026) devront \u00eatre \u00e9tanches ou cal\u00e9s \u00e0 PHE + 30 cm.\nARTICLE 3 :\nPar exception \u00e0 articles 1 du II-1,\u00e0 l'article 1 du II-2, \u00e0 l'article 1 du II-6 et \u00e0 l'article 1 du II-8 du r\u00e8glement  \ndu PPRI de N\u00eemes, les ombri\u00e8res agrivolta\u00efques,  d\u00e9finies par l'article L.314-36 du Code de l'\u00e9nergie et  \nrelevant de l'article L111-27 du Code de l'urbanisme, sont autoris\u00e9es en zones TF-NU, F-NU, M-NU et R-NU \ndu plan de zonage r\u00e9glementaire du PPRI de N\u00eemes sous les conditions suivantes :\n\u2013 les conditions d'installation, de type d'exploitation, de contr\u00f4le ainsi que les contraintes techniques  \nd\u00e9crites par le d\u00e9cret n\u00b02024-318 du 8 avril 2024 relatif au d\u00e9veloppement de l'agrivolta\u00efsme et aux  \nconditions  d'implantation  des  installations  photovolta\u00efques  sur  des  terrains  agricoles,  naturels  ou \nforestiers sont respect\u00e9es. Le dossier de demande d'autorisation devra pr\u00e9voir les pi\u00e8ces pr\u00e9vues au 4\u00b0  \nde l'article 3 du m\u00eame d\u00e9cret.\n\u2013 dans  le  cas  o\u00f9  l'am\u00e9nagement  est  pr\u00e9vu  dans  l'emprise  d'un  syst\u00e8me  d'endiguement  autoris\u00e9,  un \naccord du GEMAPIEN apr\u00e8s avis favorable du service de contr\u00f4le des ouvrages hydrauliques (DREAL) est  \nfourni, ainsi que la convention liant l'am\u00e9nageur au GEMAPIEN ;\n\u2013 le projet se situe \u00e0 plus de 100  m compt\u00e9s \u00e0 partir du pied des remblais non repris dans un syst\u00e8me  \nd'endiguement autoris\u00e9 au titre de la rubrique 3260 ;\n\u2013 la sous-face des panneaux, les postes de relev\u00e9 et connectiques aff\u00e9rentes sont situ\u00e9s au-dessus de la  \ncote de la PHE + 30 cm (en absence de PHE, les calages forfaitaires sont pr\u00e9cis\u00e9s dans le r\u00e8glement du PPRI  \nde N\u00eemes) ;\n\u2013 tout \u00e9l\u00e9ment pos\u00e9 au sol assure la transparence hydraulique jusqu'\u00e0 la PHE, ne constitue pas d'obstacle \naux \u00e9coulements ni ne modifie le sens d'\u00e9coulement et est compens\u00e9 a minima en volume. \u00c0 d\u00e9faut de  \npouvoir assurer ces \u00e9l\u00e9ments, une mod\u00e9lisation sera exig\u00e9e afin de v\u00e9rifier la transparence hydraulique et \nl'absence d'impact de l'installation. \n\u2013 la solidit\u00e9 de l'ancrage des \u00e9quipements et infrastructures techniques est garantie en tenant compte :\n> de la nature et de la stabilit\u00e9 du sous-sol (ph\u00e9nom\u00e8ne d'affouillement en cas de crue) \n> des vitesses et hauteurs d'eau auxquelles seront soumises les installations en cas de survenue de \nla crue de r\u00e9f\u00e9rence\n> de la capacit\u00e9 de transport solide d'\u00e9l\u00e9ments environnants (\u00e0 d\u00e9terminer en fonction des  \nhauteurs et vitesses des \u00e9coulements) susceptibles de g\u00e9n\u00e9rer l'arrachement des panneaux par choc, par  \nperte des fondations ou d\u00e9stabilisation de l'ensemble \u00e0 la pression g\u00e9n\u00e9r\u00e9e par des emb\u00e2cles,\n> des situations accidentelles possibles, notamment rupture de digues entra\u00eenant des venues  \nd'eau  particuli\u00e8rement  rapides  telles  qu'elles  sont  d\u00e9finies  dans  les  \u00e9tudes  de  danger  des  syst\u00e8mes \nd'endiguement.\n(Des crit\u00e8res d'ancrage forfaitaires sont propos\u00e9s en annexe au pr\u00e9sent arr\u00eat\u00e9)\nSont admis \u00e0 ce titre les b\u00e2timents techniques associ\u00e9s \u00e0 ces unit\u00e9s sous r\u00e9serve du calage des planchers  \nam\u00e9nag\u00e9s \u00e0 la cote de la PHE + 30  cm (en absence de PHE, les calages forfaitaires sont pr\u00e9cis\u00e9s dans le  \nr\u00e8glement du PPRI de N\u00eemes).\nARTICLE 4 :\nCette  exception  est  valable  18 mois  \u00e0  compter  de  l'issue  de  l'accomplissement  des  formalit\u00e9s  de \npublicit\u00e9 relative \u00e0 cet arr\u00eat\u00e9, pr\u00e9vues aux articles 6 \u00e0 8.\nARTICLE 5 :\nUne copie du pr\u00e9sent arr\u00eat\u00e9 sera adress\u00e9e \u00e0 :\n\u2013 la commune de N\u00eemes,\n\u2013 les \u00e9tablissements publics de coop\u00e9ration intercommunale (EPCI) territorialement comp\u00e9tents pour  \nl'\u00e9laboration des documents d'urbanisme,\n\u2013 l'\u00e9tablissement public territorial de bassin Gardons,\n- l'\u00e9tablissement public territorial de bassin Vistre-Vistrenque,\n89, rue Weber \u2013 30907 NIMES CEDEX 2\nT\u00e9l : 04 66 62 62 00 - Fax : 04 66 23 28 79 - www.gard.gouv.fr\nDirection D\u00e9partementale des Tetrritoires et de la Mer du Gard - 30-2025-06-30-00006 - ARR\u00caT\u00c9 Portant exception au plan de\npr\u00e9vention des risques d'inondation de N\u00eemes en vertu de l'article L\u00a0562-4-2 du Code de l'Environnement 48\n\u2013 la direction r\u00e9gionale de l'environnement, de l'am\u00e9nagement et du logement Occitanie,\n\u2013 le service d\u00e9partemental de l'office fran\u00e7ais de la biodiversit\u00e9,\n\u2013 le conseil d\u00e9partemental du Gard,\n\u2013 le conseil r\u00e9gional Occitanie.\nARTICLE 6 :\nUne copie du pr\u00e9sent arr\u00eat\u00e9 sera affich\u00e9e pendant un mois dans la mairie de N\u00eemes ainsi qu'aux EPCI  \nterritorialement comp\u00e9tents en mati\u00e8re d'urbanisme et mention en sera faite en caract\u00e8res apparents  \ndans le journal MIDI-LIBRE.\nARTICLE 7 :\nLe pr\u00e9sent arr\u00eat\u00e9 sera publi\u00e9 au recueil des actes administratifs de la pr\u00e9fecture du Gard.\nARTICLE 8 :\nLe pr\u00e9sent arr\u00eat\u00e9 sera tenu \u00e0 la disposition du public dans les locaux :\n\u2013 de la mairie de N\u00eemes,\n\u2013 du si\u00e8ge de l'EPCI territorialement comp\u00e9tent pour l'\u00e9laboration des documents d'urbanisme,\n\u2013 de la pr\u00e9fecture du Gard,\n\u2013 de la direction d\u00e9partementale des territoires et de la mer du Gard \u2014 89 rue Weber \u2014 30 907 N\u00ceMES.\nARTICLE 9 :\nLe pr\u00e9sent arr\u00eat\u00e9 peut faire l'objet d'un recours contentieux aupr\u00e8s du tribunal administratif de N\u00eemes,  \n16, avenue Feuch\u00e8res CS 88 010 \u2013 30 941 N\u00eemes cedex 9, dans un d\u00e9lai de 2 mois \u00e0 compter de l'ex\u00e9cution \ndes formalit\u00e9s de publicit\u00e9. Le tribunal administratif peut aussi \u00eatre saisi par l'application informatique  \n\u00ab T\u00e9l\u00e9recours Citoyens \u00bb accessible par le site internet www.telerecours.fr.\nARTICLE 10 :\nMonsieur  le  secr\u00e9taire  g\u00e9n\u00e9ral  de  la  pr\u00e9fecture  du  Gard,  Monsieur  le  directeur  d\u00e9partemental  des \nterritoires et de la mer du Gard, Monsieur le chef de service d\u00e9partemental de l'office fran\u00e7ais de la  \nbiodiversit\u00e9 et Monsieur le maire de N\u00eemes sont charg\u00e9s, chacun en ce qui les concerne, de l'ex\u00e9cution  \ndu pr\u00e9sent arr\u00eat\u00e9.\nN\u00eemes, le 30 juin 2025\nLe pr\u00e9fet,\nSIGN\u00c9\nJ\u00e9r\u00f4me BONET\nannexe : Valeurs forfaitaires a minima pour le dimensionnement des ancrages (1 page).\n89, rue Weber \u2013 30907 NIMES CEDEX 2\nT\u00e9l : 04 66 62 62 00 - Fax : 04 66 23 28 79 - www.gard.gouv.fr\nDirection D\u00e9partementale des Tetrritoires et de la Mer du Gard - 30-2025-06-30-00006 - ARR\u00caT\u00c9 Portant exception au plan de\npr\u00e9vention des risques d'inondation de N\u00eemes en vertu de l'article L\u00a0562-4-2 du Code de l'Environnement 49\nAnnexe \u00e0 l'arr\u00eat\u00e9 n\u00b0\nValeurs forfaitaires a minima pour le dimensionnement des ancrages\nLes valeurs forfaitaires suivantes peuvent \u00eatre prises en compte a minima pour le dimensionnement des  \nancrages des ombri\u00e8res photovolta\u00efques autoris\u00e9es \u00e0 l'article 1 de l'arr\u00eat\u00e9 n\u00b0\net des ombri\u00e8res agrivolta\u00efques autoris\u00e9es \u00e0 l'article 2 de l'arr\u00eat\u00e9 n\u00b0\nEn dynamique rapide En al\u00e9a mod\u00e9r\u00e9 En al\u00e9a fort En al\u00e9a tr\u00e8s fort\nHauteur (H) et vitesses (v) des \n\u00e9coulements H=0,5 m et v=2 m/s H= 1 m et v = 3 m/s H = 3 m et v = 4 m/s\nProfondeur des affouillements \nverticaux 75 cm 1 m 2 m\nFlottants et s\u00e9diments \ntransport\u00e9s\nS\u00e9diment de 10 cm ou \nponctuellement plus gros, \net flottants de petite taille \n(branches)\nBlocs de 50 cm ou \nponctuellement plus \ngros, et flottant de \ntaille moyenne (petits \narbres, voitures)\nBlocs de 1 m ou \nponctuellement plus gros, \net flottant de grande taille \n(arbres matures, voitures)\n89, rue Weber \u2013 30907 NIMES CEDEX 2\nT\u00e9l : 04 66 62 62 00 - Fax : 04 66 23 28 79 - www.gard.gouv.fr\nDirection D\u00e9partementale des Tetrritoires et de la Mer du Gard - 30-2025-06-30-00006 - ARR\u00caT\u00c9 Portant exception au plan de\npr\u00e9vention des risques d'inondation de N\u00eemes en vertu de l'article L\u00a0562-4-2 du Code de l'Environnement 50\nDirection D\u00e9partementale des Tetrritoires et de\nla Mer du Gard\n30-2025-07-03-00001\nArr\u00eat\u00e9 pr\u00e9fectoral portant prorogation d'un an\nde l'arr\u00eat\u00e9 pr\u00e9fectoral n\u00b030-20190131-007\nd\u00e9clarant d'int\u00e9r\u00eat g\u00e9n\u00e9ral les travaux\nd'entretien des cours d'eau du bassin versant du\nVistre\nDirection D\u00e9partementale des Tetrritoires et de la Mer du Gard - 30-2025-07-03-00001 - Arr\u00eat\u00e9 pr\u00e9fectoral portant prorogation d'un\nan de l'arr\u00eat\u00e9 pr\u00e9fectoral n\u00b030-20190131-007 d\u00e9clarant d'int\u00e9r\u00eat g\u00e9n\u00e9ral les travaux d'entretien des cours d'eau du bassin versant du\nVistre\n51\n1\nDirection D\u00e9partementale des Tetrritoires et de la Mer du Gard - 30-2025-07-03-00001 - Arr\u00eat\u00e9 pr\u00e9fectoral portant prorogation d'un\nan de l'arr\u00eat\u00e9 pr\u00e9fectoral n\u00b030-20190131-007 d\u00e9clarant d'int\u00e9r\u00eat g\u00e9n\u00e9ral les travaux d'entretien des cours d'eau du bassin versant du\nVistre\n52\nCONSIDERANT le temps n\u00e9cessaire a la concertation territoriale de l'ensemble des intercommunalit\u00e9sadh\u00e9rentes ;CONSIDERANT le temps n\u00e9cessaire \u00e0 l'\u00e9laboration du futur plan de gestion, \u00e0 sa restitution aupr\u00e8s des\u00e9lus du territoire ainsi qu'\u00e0 sa pr\u00e9sentation en Commission Locale de l'Eau;CONSIDERANT que les actions et interventions du Programme Pluriannuel de Gestion valid\u00e9es parl'arr\u00eat\u00e9 pr\u00e9fectoral n\u00b0 30-20190131-007 tendent \u00e0 restaurer un fonctionnement \u00e9quilibr\u00e9 des cours d'eau, \u00e0am\u00e9liorer leur qualit\u00e9 \u00e9cologique et hydromorphologique, \u00e0 r\u00e9duire les cons\u00e9quences des inondations surles infrastructures et les biens des riverains, et \u00e0 limiter la propagation des esp\u00e8ces invasives sur le bassinversant du Vistre ;CONSIDERANT que les prescriptions de l'arr\u00eat\u00e9 pr\u00e9fectoral n\u00b0 30-20190131-007 permettent de garantirune gestion globale et \u00e9quilibr\u00e9e des milieux aquatiques en participant \u00e0 la protection de la ressource eneau et \u00e0 l'objectif de bon \u00e9tat \u00e9cologique des cours d'eau;\nSUR PROPOSITION de M. le directeur d\u00e9partemental des territoires et de la mer du Gard ;\nARR\u00caTE\nArticle 1 : Prorogation de la d\u00e9claration d'int\u00e9r\u00eat g\u00e9n\u00e9ralLa dur\u00e9e fix\u00e9e \u00e0 l'article 17 de l'arr\u00eat\u00e9 pr\u00e9fectoral n\u00b0 30-20190131-007 du 31 janvier 2019, d\u00e9clarantd'int\u00e9r\u00eat g\u00e9n\u00e9ral les travaux d'entretien des cours d'eau du bassin versant du Vistre, est port\u00e9e de 5 ans \u00e07 ans.\nArticle 2 : Mesures de publicit\u00e9 et conditions de recoursLe pr\u00e9sent arr\u00eat\u00e9 est susceptible de recours devant le tribunal administratif territorialement comp\u00e9tent,conform\u00e9ment \u00e0 l'article R514-3-1 du Code de l'environnement :1\u00b0 Par les p\u00e9titionnaires ou exploitants, dans un d\u00e9lai de deux mois \u00e0 compter du jour o\u00f9 la d\u00e9cision leur a\u00e9t\u00e9 notifi\u00e9e ;2\u00b0 Par les tiers int\u00e9ress\u00e9s en raison des inconv\u00e9nients ou des dangers pour les int\u00e9r\u00eats mentionn\u00e9s \u00e0l'article L181-3, dans un d\u00e9lai de quatre mois \u00e0 compter de:a) l'affichage en mairie dans les conditions pr\u00e9vues au 2\u00b0 de l'article R214-37 ;b) la publication de la d\u00e9cision sur le site internet de la pr\u00e9fecture pr\u00e9vue au 4\u00b0 du m\u00eame article.Le d\u00e9lai court \u00e0 compter de la derni\u00e8re formalit\u00e9 accomplie.Le tribunal administratif peut aussi \u00eatre saisi par l'application informatique \u00ab t\u00e9l\u00e9recours citoyens \u00bbaccessible par le site internet www.telerecours.fr.Article 3 : Ex\u00e9cutionLe directeur d\u00e9partemental des territoires et de la mer du Gard,Le pr\u00e9sident de l'EPTB Vistre et les maires des communes concern\u00e9es,Le chef du service d\u00e9partemental de l'Office Fran\u00e7ais de la Biodiversit\u00e9,89, rue Weber - 30907 NIMES CEDEX 2T\u00e9l : 04 66 62 62 00 - Fax : 04 66 23 28 79 - www.gard.gouv.fr\n \n2\nDirection D\u00e9partementale des Tetrritoires et de la Mer du Gard - 30-2025-07-03-00001 - Arr\u00eat\u00e9 pr\u00e9fectoral portant prorogation d'un\nan de l'arr\u00eat\u00e9 pr\u00e9fectoral n\u00b030-20190131-007 d\u00e9clarant d'int\u00e9r\u00eat g\u00e9n\u00e9ral les travaux d'entretien des cours d'eau du bassin versant du\nVistre\n53\nsont charg\u00e9s, chacun en ce qui le concerne, de l'ex\u00e9cution du pr\u00e9sent arr\u00eat\u00e9 qui sera publi\u00e9 au recueil desactes administratifs de la pr\u00e9fecture du Gard.\nN\u00eemes, le 03/07/2027Le Pr\u00e9fet,Pour le Pr\u00e9fet et par d\u00e9l\u00e9gation,le chef du service eau et risques\nSIGN\u00c9Vincent COURTRAY\n89, rue Weber - 30907 NIMES CEDEX 2T\u00e9l : 04 66 62 62 00 - Fax : 04 66 23 28 79 - www.gard.gouv.fr\n3\nDirection D\u00e9partementale des Tetrritoires et de la Mer du Gard - 30-2025-07-03-00001 - Arr\u00eat\u00e9 pr\u00e9fectoral portant prorogation d'un\nan de l'arr\u00eat\u00e9 pr\u00e9fectoral n\u00b030-20190131-007 d\u00e9clarant d'int\u00e9r\u00eat g\u00e9n\u00e9ral les travaux d'entretien des cours d'eau du bassin versant du\nVistre\n54\nDirection territoriale de la protection judiciaire\nde la jeunesse - Gard et Loz\u00e8re (DTPJJ) (Nimes 30)\n30-2025-07-01-00010\nARRETE D'HABILITATION JUSTICE MECS COSTE\nDirection territoriale de la protection judiciaire de la jeunesse - Gard et Loz\u00e8re (DTPJJ) (Nimes 30) - 30-2025-07-01-00010 - ARRETE\nD'HABILITATION JUSTICE MECS COSTE 55\nVuVuVuVu\nVu\nVu\nVuVu\nEuPREFETDU GARDLibert\u00e9\u00c9galit\u00e9Fraternit\u00e9\nPREFECTURE DU GARDArr\u00e9t\u00e9 portant renouvellement d'habilitationDe la maison d'enfant a caract\u00e9re social \u00ab COSTE \u00bbG\u00e9r\u00e9e par l'association \u00ab COSTE \u00bb365 chemin de la Combe des oiseaux \u2014 30 900 NIMES\nLE PREFETChevalier de la L\u00e9gion d'honneur\nle code de l'action sociale et des familles, et notamment son article L. 313-10;le code civil et notamment ses articles 375 4375-8 ;le code de proc\u00e9dure civile, notamment ses articles 1181 et suivants ;le code de justice p\u00e9nale des mineurs, relatif \u00e0 l'enfance d\u00e9linquante ;le d\u00e9cret n\u00b02010-214 du 2 mars 2010 relatif au ressort territorial, \u00e0 l'organisation et auxattributions des services d\u00e9concentr\u00e9s de la protection judiciaire de la jeunesse ;le d\u00e9cret n\u00b088-949 du 6 octobre 1988 modifi\u00e9 relatif \u00e0 l'habilitation des personnes physiques,\u00e9tablissements, services ou organismes publics ou priv\u00e9s auxquels l'autorit\u00e9 judiciaire confiehabituellement des mineurs ou l'ex\u00e9cution de mesures les concernant ;L'arr\u00eat\u00e9 pr\u00e9f\u00e9ctoral du 12 juin 2017 portant renouvellement de l'habilitation justice de laMECS \u00ab COSTE \u00bb ;Le courrier de la MECS COSTE du 31 juillet 2024 sollicitant le renouvellement del'habilitation \u00ab Justice \u00bb ;Le projet territorial de la PJJ Gard-Loz\u00e8re 2023/2026 ;Le sch\u00e9ma d\u00e9partemental des solidarit\u00e9s du conseil d\u00e9partemental du GARD \u2014 2022-2027 ;la demande du 31 juillet 2024 et le dossier pr\u00e9sent\u00e9 par l'association \u00ab COSTE \u00bb ;\nDirection territoriale de la protection judiciaire de la jeunesse - Gard et Loz\u00e8re (DTPJJ) (Nimes 30) - 30-2025-07-01-00010 - ARRETE\nD'HABILITATION JUSTICE MECS COSTE 56\nVu __L'avis favorable de la Procureure de la R\u00e9publique pr\u00e8s le tribunal judiciaire de Nimes endate 25 mars 2025 ;Vu La demande d'avis en date du 23 f\u00e9vrier 2025 et l'absence de r\u00e9ponse du magistratcoordonnateur d\u00e9sign\u00e9 en application -de l'article R522-2-1 du Code de l'organisationjudiciaire ;Vu __L' avis favorable du Pr\u00e9siderit du Conseil d\u00e9partemental du Gard en date du 24 mars 2025 ;Vu L'avis favorable de l'Autorit\u00e9 Acad\u00e9mique du Gard en date du 7 mars 2025 ;Sur proposition de Madame la Directrice interr\u00e9gionale de la protection judiciaire de la jeunesseSud ;\nARRETE\nArticle 1 :La maison d'enfants \u00e0 caract\u00e8re social \u00ab COSTE \u00bb est habilit\u00e9e \u00e0 recevoir des mineurs confi\u00e9s parl'autorit\u00e9 judiciaire au titre des articles 375 \u00e0 375-8 du code civil et du Code de Justice P\u00e9nale desMineurs (CJPM) suivant les capacit\u00e9s autoris\u00e9es.Article 2 :La pr\u00e9sente habilitation est d\u00e9livr\u00e9e pour une p\u00e9riode de 5 ans \u00e0 compter de sa notification etrenouvel\u00e9e dans les conditions fix\u00e9es par le d\u00e9cret du 6 octobre 1988 modifi\u00e9 susvis\u00e9.Article 3 :Tout projet modifiant la capacit\u00e9, le r\u00e9gime de fonctionnement des services habilit\u00e9s, les lieux o\u00f9 ilssont implant\u00e9s, les conditions d'\u00e9ducation et de s\u00e9jour des mineurs confi\u00e9s et, d'une mani\u00e8reg\u00e9n\u00e9rale, tout changement pouvant avoir une incidence sur la nature ou le champ d'application del'habilitation accord\u00e9e, doit \u00eatre port\u00e9 \u00e0 la connaissance de la directrice interr\u00e9gionale de laprotection judiciaire de la jeunesse par la personne physique ou la personne morale gestionnaire.\nArticle 4:Toute modification dans la composition des organes de direction de la personne morale gestionnairedes services habilit\u00e9s doit \u00eatre port\u00e9e \u00e0 la connaissance de la directrice interr\u00e9gionale de laprotection judiciaire de la jeunesse par le repr\u00e9sentant de la personne morale.Doit \u00e9tre \u00e9galement notifi\u00e9 dans les m\u00e9mes conditions tout recrutement de personnel affect\u00e9 dansles services habilit\u00e9s, ou employ\u00e9 par la personne physique habilit\u00e9e. |\nDirection territoriale de la protection judiciaire de la jeunesse - Gard et Loz\u00e8re (DTPJJ) (Nimes 30) - 30-2025-07-01-00010 - ARRETE\nD'HABILITATION JUSTICE MECS COSTE 57\nLe pr\u00e9fet peut \u00e0 tout moment retirer l'habilitation lorsque sont constat\u00e9s des faits de nature acompromettre la mise en oeuvre des mesures judiciaires ou \u00e0 porter atteinte aux int\u00e9r\u00eats des mineursconfi\u00e9s.Article 6 :En application des dispositions des articles R312-1 et R 421-1 du code de justice administrative, lepr\u00e9sent arr\u00eat\u00e9 peut, dans un d\u00e9lai de deux mois \u00e0 compter de sa publication ou de sa notification,faire l'objet :- d'un recours administratif gracieux devant le pr\u00e9fet du d\u00e9partement, autorit\u00e9 signataire decette d\u00e9cision ou d'un recours administratif hi\u00e9rarchique devant le ministre de |' Int\u00e9rieur';- d'un recours contentieux aupr\u00e8s du tribunal administratif territorialement comp\u00e9tent.En cas de recours administratif, le d\u00e9lai de recours contentieux est prorog\u00e9.Article 7:Madame la Directrice Interr\u00e9gionale de la Protection Judiciaire de la Jeunesse Sud est charg\u00e9e del'ex\u00e9cution du pr\u00e9sent arr\u00eat\u00e9.\nFait \u00e0 N\u00eemes leLe Pr\u00e9fet\nfet&r\u00e9ralPour le ple secr\u00e9taire gYann G\u00c9RARD\nDirection territoriale de la protection judiciaire de la jeunesse - Gard et Loz\u00e8re (DTPJJ) (Nimes 30) - 30-2025-07-01-00010 - ARRETE\nD'HABILITATION JUSTICE MECS COSTE 58\nDirection territoriale de la protection judiciaire\nde la jeunesse - Gard et Loz\u00e8re (DTPJJ) (Nimes 30)\n30-2025-07-01-00011\nARRETE HABILITATION JUSTICE MECS PAUL\nRABAUT\nDirection territoriale de la protection judiciaire de la jeunesse - Gard et Loz\u00e8re (DTPJJ) (Nimes 30) - 30-2025-07-01-00011 - ARRETE\nHABILITATION JUSTICE MECS PAUL RABAUT 59\nExPREFETDU GARDLibert\u00e9\u00c9galit\u00e9Fraternit\u00e9\nPREFECTURE DU GARDArr\u00e9t\u00e9 portant renouvellement d'habilitationDe la maison d'enfant \u00e0 caract\u00e8re social \u00ab PAUL RABAUT \u00bb2 Rue RABAUT SAINT- ETIENNE - 30 000 NIMES\nLE PREFETChevalier de la L\u00e9gion d'honneur\nVu le code de l'action sociale et des familles, et notamment son article L. 313-10 ;Vu le code civil et notamment ses articles 375 \u00e0 375-8 ;Vu le code de proc\u00e9dure civile, notamment ses articles 1181 et suivants ;Vu le code de justice p\u00e9nale des mineurs, relatif \u00e0 l'enfance d\u00e9linquante ;Vu le d\u00e9cret n\u00b02010-214 du 2 mars 2010 relatif au ressort territorial, \u00e0 l'organisation et auxattributions des services d\u00e9concentr\u00e9s de la protection judiciaire de la jeunesse ;Vu le d\u00e9cret n\u00b088-949 du 6 octobre 1988 modifi\u00e9 relatif \u00e0 l'habilitation des personnes physiques,\u00e9tablissements, services ou organismes publics ou priv\u00e9s auxquels l'autorit\u00e9 judiciaire confiehabituellement des mineurs ou l'ex\u00e9cution de mesures les concernant ;Vu L'arr\u00eat\u00e9 pr\u00e9fectoral du 18 mars 2015 portant renouvellement de l'habilitation justice de laMECS \u00ab PAUL RABAUT \u00bb ;Vu Le courrier de la MECS \u00ab PAIL RABAUT \u00bb du 26 ao\u00fbt 2024 sollicitant le renouvellement deVhabilitation \u00ab Justice \u00bb ;Vu Le projet territorial de la PJJ Gard-Loz\u00e8re 2023/2026 ;Vu Le sch\u00e9ma d\u00e9partemental des solidarit\u00e9s du conseil d\u00e9partemental du GARD \u2014 2022-2027 ;Vu la demande du 26 ao\u00fbt 2024 et le dossier pr\u00e9sent\u00e9 par l'association \u00ab PAUL RABAUT \u00bb ;\nDirection territoriale de la protection judiciaire de la jeunesse - Gard et Loz\u00e8re (DTPJJ) (Nimes 30) - 30-2025-07-01-00011 - ARRETE\nHABILITATION JUSTICE MECS PAUL RABAUT 60\nVu __L'avis favorable de la Procureure de la R\u00e9publique pr\u00e8s le tribunal judiciaire de Nimes endate 25 mars 2025 ; ;Vu La demande d'avis en date du 23 f\u00e9vrier 2025 et l'absence de r\u00e9ponse du magistratcoordonnateur d\u00e9sign\u00e9 en application de l'article R522-2-1 du Code de l'organisationjudiciaire ;Vu L'avis favorable du Pr\u00e9sident du Conseil d\u00e9partemental du Gard en date du 25 f\u00e9vrier 2025 ;Vu ___L'avis favorable de 1' Autorit\u00e9 Acad\u00e9mique du Gard en date du 7 mars 2025 ;Sur proposition de Madame la Directrice interr\u00e9gionale de la protection judiciaire de la jeunesseSud ;\nARRETE\nArticle 1 :La maison d'enfants \u00e0 caract\u00e8re social \u00ab PAUL RABAUT \u00bb est habilit\u00e9e \u00e0 recevoir des mineursconfi\u00e9s par l'autorit\u00e9'judiciaire au titre des articles 375 \u00e0 375-8 du code civil et du Code de JusticeP\u00e9nale des Mineurs (CJPM) suivant les capacit\u00e9s autoris\u00e9es.Article 2 :La pr\u00e9sente habilitation est d\u00e9livr\u00e9e pour une p\u00e9riode de 5 ans \u00e0 compter de sa notification etrenouvel\u00e9e dans les conditions fix\u00e9es par le d\u00e9cret du 6 octobre 1988 modifi\u00e9 susvis\u00e9.Article 3 :Tout projet modifiant la capacit\u00e9, le r\u00e9gime de fonctionnement des services habilit\u00e9s, les lieux o\u00f9 ilssont implant\u00e9s, les conditions d'\u00e9ducation et de s\u00e9jour des mineurs confi\u00e9s et, d'une mani\u00e8reg\u00e9n\u00e9rale, tout changement pouvant avoir une incidence sur la nature ou le champ d'application del'habilitation accord\u00e9e, doit \u00eatre port\u00e9 \u00e0 la connaissance de la directrice interr\u00e9gionale de laprotection judiciaire de la jeunesse par la personne physique ou la personne morale gestionnaire.\nArticle 4 :Toute modification dans la composition des organes de direction de la personne morale gestionnairedes services habilit\u00e9s doit \u00eatre port\u00e9e \u00e0 la connaissance de la directrice interr\u00e9gionale de laprotection judiciaire de la jeunesse par le repr\u00e9sentant de la personne morale.Doit \u00eatre \u00e9galement notifi\u00e9 dans les m\u00eames conditions tout recrutement de personnel affect\u00e9 dansles services habilit\u00e9s, ou employ\u00e9 par la personne physique habilit\u00e9e.Article 5 :Le pr\u00e9fet peut \u00e0 tout moment retirer l'habilitation lorsque sont constat\u00e9s des faits de nature \u00e0compromettre la mise en oeuvre des mesures judiciaires ou \u00e0 porter atteinte aux int\u00e9r\u00eats des mineursconfi\u00e9s.\nDirection territoriale de la protection judiciaire de la jeunesse - Gard et Loz\u00e8re (DTPJJ) (Nimes 30) - 30-2025-07-01-00011 - ARRETE\nHABILITATION JUSTICE MECS PAUL RABAUT 61\nArticle 6:En application des dispositions des articles R312-1 et R 421-1 du code de justice administrative, lepr\u00e9sent arr\u00eat\u00e9 peut, dans un d\u00e9lai de deux mois \u00e0 compter de sa publication ou de sa notification,faire l'objet :- d'un recours administratif gracieux devant le pr\u00e9fet du d\u00e9partement, autorit\u00e9 signataire decette d\u00e9cision ou d'un recours administratif hi\u00e9rarchique devant le ministre de l'Int\u00e9rieur ;- d'un recours contentieux aupr\u00e8s du tribunal administratif territorialement comp\u00e9tent.En cas de r\u00e9cours administratif, le d\u00e9lai de recours contentieux est prorog\u00e9.Article 7:Madame la Directrice Interr\u00e9gionale de la Protection Judiciaire de la Jeunesse Sud est charg\u00e9e del'ex\u00e9cution du pr\u00e9sent arr\u00eat\u00e9.\nFait \u00e0 N\u00eemes leLe Pr\u00e9fetPour le pr\u00e9fet,cecr\u00e9tairy g\u00e9n\u00e9ral\nDirection territoriale de la protection judiciaire de la jeunesse - Gard et Loz\u00e8re (DTPJJ) (Nimes 30) - 30-2025-07-01-00011 - ARRETE\nHABILITATION JUSTICE MECS PAUL RABAUT 62\nDirection territoriale de la protection judiciaire\nde la jeunesse - Gard et Loz\u00e8re (DTPJJ) (Nimes 30)\n30-2025-07-01-00012\nARRETE PORTANT RENOUVELLEMENT\nD'HABILITATION JUSTICE MECS CLARENCE\nDirection territoriale de la protection judiciaire de la jeunesse - Gard et Loz\u00e8re (DTPJJ) (Nimes 30) - 30-2025-07-01-00012 - ARRETE\nPORTANT RENOUVELLEMENT D'HABILITATION JUSTICE MECS CLARENCE 63\nVuVuVuVu\nVu\nVu\nVuVu\n| =PREFETEDU GARDLibert\u00e9Egalit\u00e9Fraternit\u00e9\nPREFECTURE DU GARDArr\u00e9t\u00e9 portant renouvellement d'habilitationDe la maison d'enfant a caract\u00e9re social \u00ab DE CLARENCE \u00bbG\u00e9r\u00e9e par l'association \u00ab CLAR-TES \u00bb324 chemin de Clarence - 30140 BAGARD\nLE PREFETLe Pr\u00e9fet du Gard,\nle code de l'action sociale et des familles, et notamment son article L. 313-10;le code civil et notamment ses articles 375 4375-8 ;le code de proc\u00e9dure civile, notamment ses articles 1181 et suivants ;le code de justice p\u00e9nale des mineurs, relatif \u00e0 l'enfance d\u00e9linquante ;le d\u00e9cret n\u00b02010-214 du 2 mars 2010 relatif au ressort territorial, a l'organisation et auxattributions des services d\u00e9concentr\u00e9s de la protection judiciaire de la jeunesse ;le d\u00e9cret n\u00b088-949 du 6 octobre 1988 modifi\u00e9 relatif \u00e0 l'habilitation des personnes physiques,\u00e9tablissements, services ou organismes publics ou priv\u00e9s auxquels l'autorit\u00e9 judiciaire confiehabituellement des mineurs ou l'ex\u00e9cution de mesures les concernant ;L'arr\u00eat\u00e9 pr\u00e9fectoral du 4 septembre 2015 portant renouvellement de l'habilitation justice dela MECS \u00ab CLARENCE \u00bb \u00e0 Bagard, G\u00e9r\u00e9e par l'association \u00ab CLAR-TES \u00bbl'arr\u00eat\u00e9 pr\u00e9fectoral du 19 juin 2023 portant renouvellement de l'habilitation justice de laMECS \u00ab CLARENCE \u00bb \u00e0 Bagard, G\u00e9r\u00e9e par l'association \u00ab CLAR-TES \u00bb ; comportant deserreurs mat\u00e9rielles n\u00e9cessitant une correction.Le projet territorial de la PJJ Gard-Loz\u00e8re 2023/2026L\u00e9 sch\u00e9ma d\u00e9partemental des solidarit\u00e9s du conseil d\u00e9partemental du GARD \u2014 2022-2027\nDirection territoriale de la protection judiciaire de la jeunesse - Gard et Loz\u00e8re (DTPJJ) (Nimes 30) - 30-2025-07-01-00012 - ARRETE\nPORTANT RENOUVELLEMENT D'HABILITATION JUSTICE MECS CLARENCE 64\nVu la demande du 22 septembre 2022 et le dossier justificatif pr\u00e9sent\u00e9s par l'association\u00ab CLAR-TES \u00bb, dont le si\u00e9ge est sis 324, chemin de Clarence \u2014 30140 Bagard en vued'obtenir l'habilitation de la Maison d'Enfants \u00e0 Caract\u00e8re Social (MECS) \u00ab CLARENCE \u00bb ;Vu La saisine en date du 5 mai 2023 et l'absence de r\u00e9ponse du Procureur de la R\u00e9publique pr\u00e8sle Tribunal Judiciaire de N\u00eemes ;Vu L'avis favorable du magistrat coordonnateur d\u00e9sign\u00e9 en application de l'article R522-2-1 duCode de l'organisation judiciaire ou, \u00e0 d\u00e9faut, l'avis du juge des enfants pr\u00e8s le tribunalJudiciaire de N\u00eemes en date du 24 mai 2023 ;Vu La saisine en date du 5 mai 2023 et l'absence de r\u00e9ponse du Pr\u00e9sident du Conseild\u00e9partemental du Gard ; hVu La saisine en date du 5 mai 2023 et l'absence de r\u00e9ponse de l'Autorit\u00e9 Acad\u00e9mique duGard ;Sur proposition de Madame la Directrice interr\u00e9gionale de la protection judiciaire de la jeunesseSud ;\nARRETE\nArticle 1 :La maison d'enfants \u00e0 caract\u00e8re social, \u00ab CLARENCE \u00bb G\u00e9r\u00e9e par l'association \u00ab CLAR-TES \u00bb esthabilit\u00e9e \u00e0 recevoir des mineurs confi\u00e9s par l'autorit\u00e9 judiciaire au titre des articles 375 \u00e0 375-8 ducode civil et du Code de Justice P\u00e9nale des Mineurs (CJPM) suivant les capacit\u00e9s autoris\u00e9es.Article 2 :La pr\u00e9sente habilitation est d\u00e9livr\u00e9e pour une p\u00e9riode de 5 ans \u00e0 compter de sa notification etrenouvel\u00e9e dans les conditions fix\u00e9es par le d\u00e9cret du 6 octobre 1988 modifi\u00e9 susvis\u00e9.Article 3 :Tout projet modifiant la capacit\u00e9, le r\u00e9gime de fonctionnement des services habilit\u00e9s, les lieux o\u00f9 ilssont implant\u00e9s, les conditions d'\u00e9ducation et de s\u00e9jour des mineurs confi\u00e9s et, d'une mani\u00e8reg\u00e9n\u00e9rale, tout changement pouvant avoir une incidence sur la nature ou le champ d'application del'habilitation accord\u00e9e, doit \u00eatre port\u00e9 \u00e0 la connaissance de la directrice interr\u00e9gionale de laprotection judiciaire de la jeunesse par la personne physique ou la personne morale gestionnaire.Article 4 :Toute modification dans la composition des organes de direction de la personne morale gestionnairedes services habilit\u00e9s doit \u00eatre port\u00e9e \u00e0 la connaissance de la directrice interr\u00e9gionale de laprotection judiciaire de la jeunesse par le repr\u00e9sentant de la personne morale.Doit \u00eatre \u00e9galement notifi\u00e9 dans les m\u00eames conditions tout recrutement de personnel affect\u00e9 dansles services habilit\u00e9s, ou employ\u00e9 par la personne physique habilit\u00e9e.\nN\nDirection territoriale de la protection judiciaire de la jeunesse - Gard et Loz\u00e8re (DTPJJ) (Nimes 30) - 30-2025-07-01-00012 - ARRETE\nPORTANT RENOUVELLEMENT D'HABILITATION JUSTICE MECS CLARENCE 65\nLe pr\u00e9fet peut \u00e0 tout moment retirer l'habilitation lorsque sont constat\u00e9s des faits de nature acompromettre la mise en oeuvre des mesures judiciaires ou \u00e0 porter atteinte aux int\u00e9r\u00eats des mineursconfi\u00e9s.Article 6:En application des dispositions des articles R312-1 et R 421-1 du code de justice administrative, lepr\u00e9sent arr\u00e9t\u00e9 peut, dans un d\u00e9lai de deux mois 4 compter de sa publication ou de sa notification,faire l'objet :- d'un recours administratif gracieux devant le pr\u00e9fet du d\u00e9partement, autorit\u00e9 signataire decette d\u00e9cision ou d'un recours administratif hi\u00e9rarchique devant le ministre de l'Int\u00e9rieur ;- d'un recours contentieux aupr\u00e8s du tribunal administratif territorialement comp\u00e9tent.En cas de recours administratif, le d\u00e9lai de recours contentieux est prorog\u00e9.Article 7:Madame la Directrice Interr\u00e9gionale de la Protection Judiciaire de la Jeunesse Sud est charg\u00e9e del'ex\u00e9cution du pr\u00e9sent arr\u00eat\u00e9.\nFait \u00e0 N\u00eemes leLe Pr\u00e9fet\nr\u00e9fet,i@ secr\u00e9tairg G\u00e9n\u00e9ralYann G\u00c9RARD\nDirection territoriale de la protection judiciaire de la jeunesse - Gard et Loz\u00e8re (DTPJJ) (Nimes 30) - 30-2025-07-01-00012 - ARRETE\nPORTANT RENOUVELLEMENT D'HABILITATION JUSTICE MECS CLARENCE 66\nDirection territoriale de la protection judiciaire\nde la jeunesse - Gard et Loz\u00e8re (DTPJJ) (Nimes 30)\n30-2025-07-01-00013\nARRETE PORTANT RENOUVELLEMENT\nD'HABILITATION JUSTICE MECS LA PROVIDENCE\nDirection territoriale de la protection judiciaire de la jeunesse - Gard et Loz\u00e8re (DTPJJ) (Nimes 30) - 30-2025-07-01-00013 - ARRETE\nPORTANT RENOUVELLEMENT D'HABILITATION JUSTICE MECS LA PROVIDENCE 67\n=xPREFETDU GARDLibert\u00e9Egalit\u00e9Fraternit\u00e9\nVuVuVuVuVu\nVu\nVu\nVu\nVuVuVu\nPREFECTURE DU GARDArr\u00e9t\u00e9 portant renouvellement d'habilitationDe la maison d'enfant \u00e0 caract\u00e8re social \u00ab LA PROVIDENCE \u00bb1 Rue de la FA\u00cfENCE - 30 000 NIMESLE PREFETChevalier de la L\u00e9gion d'honneur\nle code de l'action sociale et des familles, et notamment son article L. 313-10;le code civil et notamment ses articles 375 a 375-8 ;le code de proc\u00e9dure civile, notamment ses articles 1181 et suivants ;le code de justice p\u00e9nale des mineurs, relatif a l'enfance d\u00e9linquante ;le d\u00e9cret n\u00b02010-214 du 2 mars 2010 relatif au ressort territorial, \u00e0 l'organisation et auxattributions des services. d\u00e9concentr\u00e9s de la protection judiciaire de la jeunesse ;le d\u00e9cret n\u00b088-949 du 6 octobre 1988 modifi\u00e9 relatif \u00e0 l'habilitation des personnes physiques,\u00e9tablissements, services ou organismes publics ou priv\u00e9s auxquels l'autorit\u00e9 judiciaire confiehabituellement des mineurs ou l'ex\u00e9cution de mesures les concernant ;L'arr\u00eat\u00e9 pr\u00e9fectoral du 11 avril 2018 portant renouvellement de l'habilitation justice de laMECS \u00ab LA PROVIDENCE \u00bb ;Le courrier de la MECS \u00ab LA PROVIDENCE \u00bb du 16 novembre 2022 sollicitant lerenouvellement de l'habilitation \u00bb Justice \u00bb ;Le projet territorial de la PJJ Gard-Loz\u00e8re 2023/2026 ;Le sch\u00e9ma d\u00e9partemental des solidarit\u00e9s du conseil d\u00e9partemental du GARD \u2014 2022-2027 ;la demande du 16 novembre 2022 et le dossier pr\u00e9sent\u00e9 par l'association \u00ab LAPROVIDENCE \u00bb ;\nDirection territoriale de la protection judiciaire de la jeunesse - Gard et Loz\u00e8re (DTPJJ) (Nimes 30) - 30-2025-07-01-00013 - ARRETE\nPORTANT RENOUVELLEMENT D'HABILITATION JUSTICE MECS LA PROVIDENCE 68\nVu ___\u2014_L'avis favorable de la Procureure de la R\u00e9publique pr\u00e8s le tribunal judiciaire de Nimes endate 25 mars 2025 ;Vu La demande d'avis en date du 23 f\u00e9vrier 2025 et l'absence de r\u00e9ponse du magistratcoordonnateur d\u00e9sign\u00e9 en application de l'article R522-2-1 du Code de l'organisationjudiciaire ;Vu L'avis favorable du Pr\u00e9sident du Conseil d\u00e9partemental du Gard en date du 25 f\u00e9vrier 2025 :Vu L'avis favorable de l'Autorit\u00e9 Acad\u00e9mique du Gard en date du 7 mars 2025 ;Sur proposition de Madame la Directrice interr\u00e9gionale de la protection judiciaire de la jeunesseSud ;\nARRETE\nArticle 1 :La maison d'enfants \u00e0 caract\u00e8re social \u00ab LA PROVIDENCE \u00bb est habilit\u00e9e \u00e0 recevoir des mineursconfi\u00e9s par l'autorit\u00e9 judiciaire au titre des articles 375 \u00e0 375-8 du code civil et du Code de JusticeP\u00e9nale des Mineurs (CJPM) suivant les capacit\u00e9s autoris\u00e9es.Article 2 :La pr\u00e9sente habilitation est d\u00e9livr\u00e9e pour une p\u00e9riode de 5 ans \u00e0 compter de sa notification etrenouvel\u00e9e dans les conditions fix\u00e9es par le d\u00e9cret du 6 octobre 1988 modifi\u00e9 susvis\u00e9.Article 3 :Tout projet modifiant la capacit\u00e9, le r\u00e9gime de fonctionnement des services habilit\u00e9s, les lieux o\u00f9 ilssont implant\u00e9s, les conditions d'\u00e9ducation et de s\u00e9jour des mineurs confi\u00e9s et, d'une mani\u00e8reg\u00e9n\u00e9rale, tout changement pouvant avoir une incidence sur la nature ou le champ d'application del'habilitation accord\u00e9e, doit \u00eatre port\u00e9 \u00e0 la connaissance de la directrice interr\u00e9gionale de laprotection judiciaire de la jeunesse par la personne physique ou la personne morale gestionnaire.\nArticle 4:Toute modification dans la composition des organes de direction de la personne morale gestionnairedes services habilit\u00e9s doit \u00eatre port\u00e9e \u00e0 la connaissance de la directrice interr\u00e9gionale de laprotection judiciaire de la jeunesse par le repr\u00e9sentant de la personne morale.Doit \u00eatre \u00e9galement notifi\u00e9 dans les m\u00eames conditions tout recrutement de personne! affect\u00e9 dansles services habilit\u00e9s, ou employ\u00e9 par la personne physique habilit\u00e9e.\nDirection territoriale de la protection judiciaire de la jeunesse - Gard et Loz\u00e8re (DTPJJ) (Nimes 30) - 30-2025-07-01-00013 - ARRETE\nPORTANT RENOUVELLEMENT D'HABILITATION JUSTICE MECS LA PROVIDENCE 69\nArticle 5:Le pr\u00e9fet peut \u00e0 tout moment retirer l'habilitation lorsque sont constat\u00e9s des faits de nature \u00e0compromettre la mise en oeuvre des mesures judiciaires ou \u00e0 porter atteinte aux int\u00e9r\u00eats des mineursconfi\u00e9s.Article 6 :En application des dispositions des articles R312-1 et R 421-1 du code de justice administrative, lepr\u00e9sent arr\u00eat\u00e9 peut, dans un d\u00e9lai de deux mois \u00e0 compter de sa publication ou de sa notification,faire l'objet :- d'un recours administratif gracieux devant le pr\u00e9fet du d\u00e9partement, autorit\u00e9 signataire decette d\u00e9cision ou d'un recours administratif hi\u00e9rarchique devant le ministre de l'Int\u00e9rieur ;- d'un recours contentieux aupr\u00e8s du tribunal administratif territorialement comp\u00e9tent.En cas de recours administratif, le d\u00e9lai de recours contentieux est prorog\u00e9.Article 7:Madame la Directrice Interr\u00e9gionale de la Protection Judiciaire de la Jeunesse Sud est charg\u00e9e del'ex\u00e9cution du pr\u00e9sent arr\u00eat\u00e9.\nFait \u00e0 N\u00eemes leLe Pr\u00e9fet\nPour t,(8 secrdial ot PEYann GERARD\nDirection territoriale de la protection judiciaire de la jeunesse - Gard et Loz\u00e8re (DTPJJ) (Nimes 30) - 30-2025-07-01-00013 - ARRETE\nPORTANT RENOUVELLEMENT D'HABILITATION JUSTICE MECS LA PROVIDENCE 70\nPrefecture du Gard\n30-2025-07-04-00001\nAP 2025-07-03 portant modification de l'arr\u00eat\u00e9\n2019-02-0006 portant agr\u00e9ment d'un organisme\nde formations (SDIS30) aux qualifications de\nSSIAP1, SSIAP2, SSIAP3\nPrefecture du Gard - 30-2025-07-04-00001 - AP 2025-07-03 portant modification de l'arr\u00eat\u00e9 2019-02-0006 portant agr\u00e9ment d'un\norganisme de formations (SDIS30) aux qualifications de SSIAP1, SSIAP2, SSIAP3 71\n| 3 . | ,PREFET Cabinet du Pr\u00e9fetBU GARD Direction des S\u00e9curit\u00e9sibert\u00e9\u00c9galit\u00e9Fraternit\u00e9\nArr\u00eat\u00e9 N\u00b02025-07-03portant modification de l'arr\u00eat\u00e9 2019-02-0006 du 21 f\u00e9vrier 2019 portant agr\u00e9ment d'unorganisme de formation aux qualifications d'agent de s\u00e9curit\u00e9 incendie et d'assistance \u00e0personnes (SSIAP1), de chef d'\u00e9quipe de s\u00e9curit\u00e9 incendie et d'assistance \u00e0 personnes (SSIAP2) etde chef de service de s\u00e9curit\u00e9 incendie et d'assistance \u00e0 personnes (SSIAP3)\nLe Pr\u00e9fet du Gard,Chevali\u00e9r de la L\u00e9gion d'HonneurOfficier de l'Ordre National du M\u00e9rite\nVu le code de la construction et de l'habitation ;Vu l'arr\u00eat\u00e9 du 25 juin 1980 modifi\u00e9 portant approbation des dispositions g\u00e9n\u00e9rales dur\u00e8glement de s\u00e9curit\u00e9 contre les risques d'incendie et de panique dans les \u00e9tablissementsrecevant du public et notamment les articles MS 46 et MS 48;Vu l'arr\u00eat\u00e9 du 2 mai 2005 relatif aux missions, \u00e0 l'emploi et \u00e0 la qualification du personnelpermanent des services de s\u00e9curit\u00e9 incendie des \u00e9tablissements recevant du public et desimmeubles de grande hauteur ;Vu le d\u00e9cret du Pr\u00e9sident de la R\u00e9publique du 13 juillet 2023 portant nomination deM J\u00e9r\u00f4me BONET en qualit\u00e9 de pr\u00e9fet du Gard;Vu l'arr\u00eat\u00e9 pr\u00e9fectoral 2019-02-0006 en date du 21 f\u00e9vrier 2019 portant agr\u00e9ment pour 5 ansdu SDIS 30 aux qualifications d'agent de S\u00e9curit\u00e9 Incendie et d'Assistance \u00e0 Personnes(SSIAP), ayant son si\u00e8ge social 982 avenue Joliot Curie \u2014 30000 NIMES, n\u00b0 de formationprofessionnelle DIRECCTE 91 93 035 12 30, N\u00b0 SIRET 283 000 016 00032 ;Vu l'arr\u00eat\u00e9 pr\u00e9fectoral du 18 octobre 2024 sous le n\u00b030-2024-10-18-00009, donnantd\u00e9l\u00e9gation de signature \u00e0 Mme Marie-Charlotte EUVRARD, sous-pr\u00e9f\u00e8te, directrice de cabinetdu pr\u00e9fet du Gard;Vu la demande de renouvellement d'agr\u00e9ment SSIAP transmise par le SDIS 30 en la personnedu Lieutenant-Colonel Olivier TUDELA, re\u00e7ue le 18 juin 2025 ;Vu l'avis favorable \u00e9mis pour l'agr\u00e9ment de cet organisme de formation par le serviced\u00e9partemental d'incendie et de secours du Gard en date du 26 juin 2025;Sur proposition de Madame la sous-pr\u00e9f\u00e8te, directrice de cabinet du pr\u00e9fet du Gard: |ARR\u00caTEArticle1: Le centre de formation PROFESSIONNEL SDIS 30, ayant son si\u00e8ge social 982 avenueJoliot Curie - 30000 NIMES, n\u00b0 de formation professionnelle DIRECCTE 91 93 035 1230, N\u00b0 SIRET 283 000 016 00032, disposant d'un lieu de formation 281 avenue Pavlov30000 N\u00eemes, repr\u00e9sent\u00e9 par Lieutenant-Colonel Olivier TUDELA , est agr\u00e9\u00e9 pourdispenser des formations et organiser des examens relatifs aux qualifications d'agentde s\u00e9curit\u00e9 incendie et d'assistance a personnes (SSIAP1), de chef d'\u00e9quipe des\u00e9curit\u00e9 incendie et d'assistance \u00e0 personnes (SSIAP2) ainsi que de chef de service des\u00e9curit\u00e9 incendie et d'assistance \u00e0 personnes (SSIAP3).\nH\u00f4tel de la Pr\u00e9fecture \u2014 10 avenue Feuch\u00e9res - 30 045 NIMES CEDEX 9T\u00e9l :04 66 36 43 90 - Fax : 04.66.36.00.87 - www.gard.gouv.fr\nPrefecture du Gard - 30-2025-07-04-00001 - AP 2025-07-03 portant modification de l'arr\u00eat\u00e9 2019-02-0006 portant agr\u00e9ment d'un\norganisme de formations (SDIS30) aux qualifications de SSIAP1, SSIAP2, SSIAP3 72\nArticle 2: La dur\u00e9e de validit\u00e9 de l'agr\u00e9ment, dont le num\u00e9ro d'ordre est le 30-19, est fix\u00e9e \u00e0 5ans, soit jusqu'au 3 juillet 2030. |Toute demande de renouvellement devra \u00eatre formul\u00e9e 2 mois, au moins, avant ladate anniversaire du pr\u00e9sent agr\u00e9ment.Article 3: L'organisme de formation proc\u00e9dera \u00e0 des cycles de formation SSIAP 1, SSIAP 2 etSSIAP 3 dispens\u00e9s pour une dur\u00e9e effective de 67 heures (SSIAP1), 70 heures (SSIAP2),216 heures (SSIAP3) sur des programmes d\u00e9finis conform\u00e9ment aux annexes II, III etIV de l'arr\u00eat\u00e9 du 2 mai 2005.Article 4: L'organisation de l'examen pr\u00e9vu au chapitre 2 de l'arr\u00eat\u00e9 du 2 mai 2005 est \u00e0 lacharge de l'organisme de formation selon les dispositions pr\u00e9vues aux articles 8, 9, 10et 11 de l'arr\u00eat\u00e9 du 2 mai 2005.Article 5: Conform\u00e9ment \u00e0 l'article 12 de l'arr\u00eat\u00e9 du 2 mai 2005 pr\u00e9cit\u00e9,* le centre de formation du Gard dispose de 9 formateurs permanents :Guillaume Professionnel Adjudant chef SDIS 30 Mat : 3325DAUNAYNicolas BESSAC Professionnel Lieutenant Hors SDIS 30 Mat : 3548classeBruno DIVOL Professionnel Lieutenant Hors SDIS 30 Mat : 266classeOlivier MARTIN Professionnel Lieutenant 1\u00b0\u00b0 SDIS 30 Mat : 2165classeJ-Philippe MOULIN |Professionnel Adjudant chef SDIS 30 Mat : 3264J-Pierre PASSUTI Professionnel Commandant SDIS 30 Mat : 5561David SAMYN Professionnel Commandant SDIS 30 Mat : 11142Micha\u00ebl ROGER Professionel Lieutenant 1\u00b0 SDIS 30 Mat : 4906classeOlivier VENTRE Professionnel Lieutenant 1\u00b0\"\u00b0 SDIS 30 Mat : 3032| classe\nArticle 6 :\nArticle 7 :\nArticle 8 :\n* d'une convention de mise \u00e0 disposition d'un lieu de formation ou d'exercices surfeu r\u00e9el, situ\u00e9 au 281 avenue Pavlov, BP 48069, 30000 N\u00eemes.Le centre de formation SDIS 30 devra aviser la pr\u00e9fecture du Gard (S.I.D.P.C.) de toutchangement de formateur ou de convention de mise \u00e0 disposition d'un lieu deformation ou d'exercices sur feu r\u00e9el conform\u00e9ment \u00e0 l'article 12 de l'arr\u00eat\u00e9 pr\u00e9cit\u00e9du 2 mai 2005.L'organisme de formation devra \u00e9galement aviser la pr\u00e9fecture du Gard (S.I.D.P.C.)en cas de cessation d'activit\u00e9 conform\u00e9ment \u00e0 l'article 13 de l'arr\u00eat\u00e9 pr\u00e9cit\u00e9 du 2mai 2005.L'agr\u00e9ment peut \u00eatre retir\u00e9, \u00e0 tout moment, par d\u00e9cision motiv\u00e9e du pr\u00e9fet duGard, conform\u00e9ment \u00e0 l'article 14 de l'arr\u00eat\u00e9 du 2 mai 2005.\nPrefecture du Gard - 30-2025-07-04-00001 - AP 2025-07-03 portant modification de l'arr\u00eat\u00e9 2019-02-0006 portant agr\u00e9ment d'un\norganisme de formations (SDIS30) aux qualifications de SSIAP1, SSIAP2, SSIAP3 73\nArticle 9: Cet arr\u00eat\u00e9 peut faire l'objet d'un recours administratif aupr\u00e8s du pr\u00e9fet du Gard(pr\u00e9fecture du Gard 30 045 N\u00eemes Cedex 9), d'un recours hi\u00e9rarchique adress\u00e9 \u00e0Monsieur le ministre de l'Int\u00e9rieur - place Beauvau 75 800 Paris ou d'un recourscontentieux devant le tribunal administratif de N\u00eemes, dans un d\u00e9lai de deux moissuivant la publication du pr\u00e9sent arr\u00eat\u00e9. Le tribunal administratif peut aussi \u00eatresaisi par l'application informatique \"Telerecours Citoyens\" accessible par le siteinternet www.telerecours.fr.Article 10: Le pr\u00e9fet du Gard, le directeur du service d\u00e9partemental d'incendie et de secoursdu Gard et le chef du service interminist\u00e9riel de d\u00e9fense et de protection civile sontcharg\u00e9s, chacun en ce qui le concerne, de l'ex\u00e9cution du pr\u00e9sent arr\u00eat\u00e9 qui serapubli\u00e9 au recueil des actes administratifs de la pr\u00e9fecture du Gard.\nMarie-Charlotte EUVRARD\nPrefecture du Gard - 30-2025-07-04-00001 - AP 2025-07-03 portant modification de l'arr\u00eat\u00e9 2019-02-0006 portant agr\u00e9ment d'un\norganisme de formations (SDIS30) aux qualifications de SSIAP1, SSIAP2, SSIAP3 74\nPrefecture du Gard - 30-2025-07-04-00001 - AP 2025-07-03 portant modification de l'arr\u00eat\u00e9 2019-02-0006 portant agr\u00e9ment d'un\norganisme de formations (SDIS30) aux qualifications de SSIAP1, SSIAP2, SSIAP3 75\nSDIS 30 Groupement Fonctionnel Pr\u00e9ventionArr\u00eat\u00e9 du 2 mai 2005modifi\u00e9 le 22 d\u00e9cembre 2008chapitre 3 article 12 i DEMANDE AGREMENT ORGANISME DE FORMATION \u2014SSIAP1 - MODULE COMPLEMENTAIRE SSIAP 11. RAISON SOCIALE OBSERVATIONSService D\u00e9partemental Incendie et secours2. REPRESENTANT LEGAL Monsieur Christophe MARIN TALLONN\u00e9 le 19 mai 1976Casier judiciaire bulletin n\u00b03 D\u00e9livr\u00e9 le 28 mai 20253. ADRESSE SIEGE SOCIAL 281 AV PAVLOVBP 4806930932 NIMES CEDEX 9TEL : 04-66-63-36-004. Attestation \"responsabilit\u00e9 civile\" RELYENS MUTUAL18 rue Edouard ROCHET- 69372 LYON CEDEX 08 N\u00b0 1748045.6. MOYENS PEDAGOGIQUESou/et convention de mises a disposition\nLieu de formation EDSP 30 3350 AVENUE KENNEDY 30900 NIMESD\u00e9senfumagevolet \u00e9quip\u00e9|mis a dispositionclapet CF \u00e9quip\u00e9|mis \u00e0 dispositionEclairage de s\u00e9curit\u00e9BAES permanent , non permanent|oui b\u00e2timent du SDIS 30Moyens de secoursSSI|oui b\u00e2timent du SDIS 30d\u00e9tecteurs, DM,coupure d'urgence|oui b\u00e2timent du SDIS 30extincteurs, aire de feu , RIA, EAI,|ouiradio ER,mod\u00e9les imprim\u00e9s, registre| OuiEpreuvessyst\u00e9me informatis\u00e9 pour le QCM |ouiSite d'exercice !OUi7- PROGRAMMES DETAILLESSSIAP1; CONFORMEMODULE COMPLEMENTAIRE SSIAP 1; CONFORME\n8. LISTE DES FORMATEURSformateur art.6 PRV3}; PASSUTI J PIERRE CV +CNIformateur - PRV2; DAUNAY GUILLAUME CV +CNIformateur - PRV2/ VENTRE OLIVIER CV +CNIformateur - PRV2; ROGER MICHAEL CV +CN/formateur - PRV2/BAISSAC NICOLAS CV +CNIformateur - PRV2 SAMYN DAVID CV +CNIformateur - PRV2 MOULIN JEAN PHILIPPE CV +CNIformateur - PRV2; MARTIN OLIVIER CV +CNIformateur - PRV2/DIVOL BRUNO CV +CNI9. N\u00b0 FORMATION PROFESSIONNELLE N\u00b0 91300351230 DIRECCTE OCCITANIE10. ATTESTATION FORME JURIDIQUE |ETABLISSEMENT PUBLIC N\u00b0 SIRET 28300001600032( 05/02/2025)AVIS SDISFAVORABLEDATE AGREMENT\u00e0Num\u00e9ro J0- \u00c0 *k 10%] Lo% \u2014 Zict/ 30.\nPrefecture du Gard - 30-2025-07-04-00001 - AP 2025-07-03 portant modification de l'arr\u00eat\u00e9 2019-02-0006 portant agr\u00e9ment d'un\norganisme de formations (SDIS30) aux qualifications de SSIAP1, SSIAP2, SSIAP3 76\nNimes, le 26 juin 2025\nGROUPEMENT FONCTIONNEL PREVENTION MONSIEUR LE PREFET DU GARDREPT EWEN SS SIREN _ Service Interminist\u00e9riel de D\u00e9fenseQ : 04.66.63.36.15. . et de Protection CivilePrev-secretariat@sdis30.fr BPDNAffaire suivie par le Commandant !.P. PASSUTI 30000 NIMESPoste : 5304.\nOBJET/ Demande de renouvellement d'agr\u00e9ment SSIAP concernant le SDIS 30.P.JOINTE/ Tableau r\u00e9capitulatif.\nJ'ai l'honneur de vous transmettre en retour, le dossier pr\u00e9sent\u00e9 par leService d'Incendie et de Secours du Gard (281 avenue Pavlov a Nimes et repr\u00e9sent\u00e9 par leCommandant Christophe Marin Tallon) en vue du renouvellement de l'agr\u00e9ment parMonsieur le Pr\u00e9fet du Gard, pour le niveau de formation SSIAP 1, conform\u00e9ment auxdispositions de l'arr\u00eat\u00e9 du 2 Mai 2005 modifi\u00e9, relatif aux missions, \u00e0 l'emploi et \u00e0 laqualification du personnel permanent des services de s\u00e9curit\u00e9 incendie des \u00e9tablissementsrecevant du public et des immeubles de grande hauteur.En r\u00e9f\u00e9rence \u00e0 l'arr\u00eat\u00e9 pr\u00e9cit\u00e9, et au vu des renseignements fournis par lep\u00e9titionnaire, le dossier r\u00e9pond aux dispositions de l'article 12 pour le niveau de formationSSIAP 1.En cons\u00e9quence, un avis FAVORABLE est \u00e9mis \u00e0 l'agr\u00e9ment de cetorganisme pour le niveau de formation SSIAP 1.\nLe Directeur D\u00e9partemental des Servicesd'Incendie et de SecoursP/O, le Chef de Groupement Fonctionnel Pr\u00e9vention\nLieutenant-C el Christian PEREA\n#\n| 281. Avenue Pavlov - BP 48069 - 30932 NIMES Cedex 9 - Q 04 66 63 36 00 - T\u00e9l\u00e9copieur 04 66 63 36 OIlu Gard Compte Officiel @pompiersdugard> impersonnellema) OCT Af) \u00bb 5 >foule correspondance dou \u00a2Monsieur le Pr\u00e9sident du Conseil d'Administration ou Monsieur le Directeur D\u00e9partemental du Service d'Incendie et de Secours du Gard\nPrefecture du Gard - 30-2025-07-04-00001 - AP 2025-07-03 portant modification de l'arr\u00eat\u00e9 2019-02-0006 portant agr\u00e9ment d'un\norganisme de formations (SDIS30) aux qualifications de SSIAP1, SSIAP2, SSIAP3 77\nPrefecture du Gard\n30-2025-07-04-00002\nAP 2025-07-04 portant modification de l'AP\n2025-04-09 portant agr\u00e9ment de la soci\u00e9t\u00e9 ENS \naux qualifications d'agent de s\u00e9curit\u00e9 incendie\nSSIAP1, 2, 3 - Ajout d'un formateur\nPrefecture du Gard - 30-2025-07-04-00002 - AP 2025-07-04 portant modification de l'AP 2025-04-09 portant agr\u00e9ment de la soci\u00e9t\u00e9\nENS  aux qualifications d'agent de s\u00e9curit\u00e9 incendie SSIAP1, 2, 3 - Ajout d'un formateur 78\ntal Cabinet du Pr\u00e9fetDU GARD | Direction des S\u00e9curit\u00e9s. Libert\u00e9Egalit\u00e9Fraternit\u00e9\nArr\u00eat\u00e9 N\u00b02025-07-04portant modification de l'arr\u00eat\u00e9 2025-04-09 du 9 avril 2025 portant agr\u00e9ment d'un organisme deformation aux qualifications d'agent de s\u00e9curit\u00e9 incendie et d'assistance \u00e0 personnes (SSIAP1), dechef d'\u00e9quipe de s\u00e9curit\u00e9 incendie et d'assistance \u00e0 personnes (SSIAP2) et de chef de service des\u00e9curit\u00e9 incendie et d'assistance \u00e0 personnes (SSIAP3)\nLe Pr\u00e9fet du Gard,Chevalier de la L\u00e9gion d'HonneurOfficier de l'Ordre National du M\u00e9rite\nVu le code de la construction et de l'habitation ;Vu l'arr\u00eat\u00e9 du 25 juin 1980 modifi\u00e9 portant approbation des dispositions g\u00e9n\u00e9rales dur\u00e8glement de s\u00e9curit\u00e9 contre les risques d'incendie et de panique dans les \u00e9tablissementsrecevant du public et notamment les-articles MS 46 et MS 48;Vu l'arr\u00eat\u00e9 du 2 mai 2005 relatif aux missions, \u00e0 l'emploi et \u00e0 la qualification du personnelpermanent des services de s\u00e9curit\u00e9 incendie des \u00e9tablissements recevant du public et desimmeubles de grande hauteur ; :Vu le d\u00e9cret du Pr\u00e9sident de la R\u00e9publique du 13 juillet 2023 portant nomination deM J\u00e9r\u00f4me BONET en qualit\u00e9 de pr\u00e9fet du Gard;Vu l'arr\u00eat\u00e9 pr\u00e9fectoral du 18 octobre 2024 sous le n\u00b030-2024-10-18-00009, donnantd\u00e9l\u00e9gation de signature \u00e0 Mme Marie-Charlotte EUVRARD, sous-pr\u00e9f\u00e8te, directrice de cabinetdu pr\u00e9fet du Gard;Vu l'arr\u00eat\u00e9 pr\u00e9fectoral 2025-04-09 du 18 avril 2023 portant agr\u00e9ment pour 5 ans de la soci\u00e9t\u00e9\u00c9COLE NATIONALE DE LA S\u00c9CURIT\u00c9 (ENS), ayant son si\u00e8ge social 65 rue Vedel - 30900N\u00ceMES, n\u00b0 de formation professionnelle n\u00b076300425330, n\u00b0 Siret 83805240500027 et re\u00e7ue \u00e0la pr\u00e9fecture du Gard le 12 avril 2023 ;Vu l'avis favorable \u00e9mis pour l'agr\u00e9ment de cet organisme de formation par le serviced\u00e9partemental d'incendie et de secours du Gard en date du 17 avril 2023 ;Vu la demande d'ajout d'un formateur \u00e0 la liste des formateurs de l'agr\u00e9ment re\u00e7ue \u00e0 lapr\u00e9fecture du Gard, par mail, le 21 avril 2025 ;Vu l'avis favorable \u00e9mis par le SDIS en date du 26 juin 2025 ;Sur proposition de Madame la sous-pr\u00e9f\u00e8te, directrice de cabinet du pr\u00e9fet du Gard:ARR\u00caTEArticle1: Le centre de formation \u00c9COLE NATIONALE DE LA S\u00c9CURIT\u00c9 (ENS), ayant son si\u00e8gesocial 65 rue Vedel - 30900 NIMES, n\u00b0 de formation professionnelle Dirrecte76300425330, n\u00b0 Siret 83805240500027 disposant d'un lieu de formation Stade desCosti\u00e8res \u2014- 30900 N\u00eemes, repr\u00e9sent\u00e9e par M. William LAROQUE, est agr\u00e9\u00e9 pourdispenser des formations et organiser des examens relatifs aux qualifications d'agentde s\u00e9curit\u00e9 incendie et d'assistance a personnes (SSIAP1), de chef d'\u00e9quipe des\u00e9curit\u00e9 incendie et d'assistance a personnes (SSIAP2) ainsi que de chef de service des\u00e9curit\u00e9 incendie et d'assistance \u00e0 personnes (SSIAP3).H\u00f4tel de la Pr\u00e9fecture \u2014 10 avenue Feuch\u00e8res \u2014 30 045 NIMES CEDEX 9T\u00e9l :04 66 36 43 90 - Fax : 04.66.36.00.87 - www.gard.gouv.fr\nPrefecture du Gard - 30-2025-07-04-00002 - AP 2025-07-04 portant modification de l'AP 2025-04-09 portant agr\u00e9ment de la soci\u00e9t\u00e9\nENS  aux qualifications d'agent de s\u00e9curit\u00e9 incendie SSIAP1, 2, 3 - Ajout d'un formateur 79\nArticle 2: Le centre de formation est \u00e9galement agr\u00e9\u00e9 pour un \u00e9tablissement secondaire, sis 151avenue Andr\u00e9 Malraux 57000 a METZ.Article 3: La dur\u00e9e de validit\u00e9 de l'agr\u00e9ment, dont le num\u00e9ro d'ordre est le 30-23, resteinchang\u00e9e, soit jusqu'au 18 avril 2028.Toute demande de renouvellement devra \u00e9tre formul\u00e9e 2 mois, au moins, avant ladate anniversaire du pr\u00e9sent agr\u00e9ment.Article 4: L'organisme de formation proc\u00e9dera a des cycles de formation SSIAP 1, SSIAP 2 etSSIAP 3 dispens\u00e9s pour une dur\u00e9e effective de 67 heures et 70 heures, sur desprogrammes d\u00e9finis conform\u00e9ment aux annexes Il, Ill et IV de l'arr\u00eat\u00e9 du 2 mai 2005.Article 5: L'organisation de l'examen pr\u00e9vu au chapitre 2 de l'arr\u00eat\u00e9 du 2 mai 2005 est \u00e0 lacharge de l'organisme de formation selon les dispositions pr\u00e9vues aux articles 8, 9, 10et 11 de l'arr\u00eat\u00e9 du 2 mai 2005.Article 6: Conform\u00e9ment \u00e0 l'article 12 de l'arr\u00eat\u00e9 du 2 mai 2005 pr\u00e9cit\u00e9,le centre de formation du Gard dispose :4-a) d'un formateur permanent, M GADOUM Nourdine, n\u00e9 le 26/10/1973 \u00e0 Azeffoun(Alg\u00e9rie) disposant des qualifications requises et des justificatifs n\u00e9cessaires.4-b) les autres formateurs sont: M. Mehdi AKBACHE n\u00e9 le 5 juillet 1981 \u00e0 Gonesse,M. Mohammed ELFADLI n\u00e9 le 19 f\u00e9vrier 1968 \u00e0 El Jadida4-c) d'une convention de mise \u00e0 disposition d'un lieu de formation ou d'exercicessur feu r\u00e9el, situ\u00e9 au Stade des Costi\u00e8res, 30900 N\u00eemes.Le centre de formation secondaire de la Moselle :4-d) d'un formateur permanent, M. Denis DEWALD, n\u00e9 le 28/03/1968 \u00e0 HAYANGE(57), disposant des qualifications requises et des justificatifs n\u00e9cessaires.Article7: Le centre de formation \u00c9COLE NATIONALE DE LA S\u00c9CURIT\u00c9 devra aviser lapr\u00e9fecture du Gard (S.I.D.P.C.) et de la Moselle (S.I.D.P.C) de tout changement deformateur ou de convention de mise \u00e0 disposition d'un lieu de formation oud'exercices sur feu r\u00e9el conform\u00e9ment \u00e0 l'article 12 de l'arr\u00eat\u00e9 pr\u00e9cit\u00e9 du 2 mai2005.Article 8 : L'organisme de formation devra \u00e9galement aviser la pr\u00e9fecture du Gard et de laMoselle (S.I.D.P.C.) en cas de cessation d'activit\u00e9 conform\u00e9ment \u00e0 l'article 13 del'arr\u00eat\u00e9 pr\u00e9cit\u00e9 du 2 mai 2005.Article 9: L'agr\u00e9ment peut \u00eatre retir\u00e9, \u00e0 tout moment, par d\u00e9cision motiv\u00e9e du pr\u00e9fet duGard, conform\u00e9ment \u00e0 l'article 14 de l'arr\u00eat\u00e9 du 2 mai 2005.Article 10: Cet arr\u00eat\u00e9 peut faire l'objet d'un recours administratif aupr\u00e8s du pr\u00e9fet du Gard(pr\u00e9fecture du Gard 30 045 Nimes Cedex 9), d'un recours hi\u00e9rarchique adress\u00e9 \u00e0Monsieur le ministre de l'Int\u00e9rieur - place Beauvau 75 800 Paris ou d'un recourscontentieux devant le tribunal administratif de N\u00eemes, dans un d\u00e9lai de deux moissuivant la publication du pr\u00e9sent arr\u00eat\u00e9. Le tribunal administratif peut aussi \u00eatresaisi par l'application informatique \"Telerecours Citoyens\" accessible par le siteinternet www.telerecours.fr.Article 10: Le pr\u00e9fet du Gard, le directeur du service d\u00e9partemental d'incendie et de secoursdu Gard et le chef du service interminist\u00e9riel de d\u00e9fense et de protection civile sontcharg\u00e9s, chacun en ce qui le concerne, de l'ex\u00e9cution du pr\u00e9sent arr\u00eat\u00e9 qui serapubli\u00e9 au recueil des actes administratifs de la pr\u00e9fecture du Gard.Fait \u00e0 N\u00eemes, le 47 JUIL, 2025\nPrefecture du Gard - 30-2025-07-04-00002 - AP 2025-07-04 portant modification de l'AP 2025-04-09 portant agr\u00e9ment de la soci\u00e9t\u00e9\nENS  aux qualifications d'agent de s\u00e9curit\u00e9 incendie SSIAP1, 2, 3 - Ajout d'un formateur 80\nPrefecture du Gard\n30-2025-07-04-00003\nArr\u00eat\u00e9 donnant d\u00e9l\u00e9gation de signature \u00e0 Mme\nSylvie ALARCON, directrice du service des\nmigrations et de l'int\u00e9gration de la pr\u00e9fecture du\nGard\nPrefecture du Gard - 30-2025-07-04-00003 - Arr\u00eat\u00e9 donnant d\u00e9l\u00e9gation de signature \u00e0 Mme Sylvie ALARCON, directrice du service des\nmigrations et de l'int\u00e9gration de la pr\u00e9fecture du Gard 81\nEuPREFETDU GARDLibert\u00e9Egalit\u00e9Fraternit\u00e9\nPr\u00e9fecture - Direction de la citoyennet\u00e9,\nde la l\u00e9galit\u00e9 et de la coordination\nService de la coordination des\npolitiques publiques\net de l'appui territorial\nBureau de la coordination\nArr\u00eat\u00e9\ndonnant d\u00e9l\u00e9gation de signature \u00e0 Mme Sylvie ALARCON, \ndirectrice du service des migrations et de l'int\u00e9gration \nde la pr\u00e9fecture du Gard\nLe pr\u00e9fet du Gard\nChevalier de la L\u00e9gion d'Honneur,\nChevalier de l'ordre national du M\u00e9rite \nVu  la loi n\u00b082-213 du 2 mars 1982 modifi\u00e9e relative aux droits et libert\u00e9s des communes,  \nd\u00e9partements et des r\u00e9gions, notamment son article 34 ;\nVu le d\u00e9cret n\u00b0 97-34 du 15 janvier 1997 modifi\u00e9 relatif \u00e0 la d\u00e9concentration des d\u00e9cisions  \nadministratives individuelles ;\nVu le d\u00e9cret n\u00b0 2004-374 du 29 avril 2004 modifi\u00e9 relatif aux pouvoirs des pr\u00e9fets, \u00e0 \nl'organisation et \u00e0 l'action des services de l'\u00c9tat dans les r\u00e9gions et d\u00e9partements ;\nVu le d\u00e9cret n\u00b0 2008-158 du 22 f\u00e9vrier 2008 relatif \u00e0 la suppl\u00e9ance des pr\u00e9fets de r\u00e9gion et \u00e0 la \nd\u00e9l\u00e9gation de signature des pr\u00e9fets et des hauts commissaires de la R\u00e9publique en Polyn\u00e9sie  \nfran\u00e7aise et en Nouvelle-Cal\u00e9donie ;\nVu le d\u00e9cret n\u00b0 2009-176 du 16 f\u00e9vrier 2009 modifiant le d\u00e9cret n\u00b0 64-805 du 29 juillet 1964  \nfixant les dispositions r\u00e9glementaires applicables aux pr\u00e9fets et le d\u00e9cret n\u00b0 2004-374 du 29  \navril 2004 relatif aux pouvoirs des pr\u00e9fets, \u00e0 l'organisation et \u00e0 l'action des services de l'\u00c9tat  \ndans les r\u00e9gions et d\u00e9partements ;\nVu le d\u00e9cret n\u00b0 2015-510 du 7 mai 2015 portant charte de la d\u00e9concentration ;\nVu le d\u00e9cret du 13 juillet 2023 nommant M. J\u00e9r\u00f4me BONET, pr\u00e9fet du Gard ;\nVu l'arr\u00eat\u00e9  du  23  juin  2021  portant  organisation  en  directions,  services  et  bureaux  de  la \npr\u00e9fecture du Gard, publi\u00e9 au recueil des actes administratifs de la pr\u00e9fecture du Gard sous le \nn\u00b0 30-2021-06-23-00007 ;\nVu l'arr\u00eat\u00e9  minist\u00e9riel  U12961050452550  du  5  juillet  2022  portant  d\u00e9tachement  de  Mme \nSylvie ALARCON, attach\u00e9e principale d'administration de l'\u00c9tat, dans l'emploi fonctionnel de  \nconseill\u00e8re d'administration de l'Int\u00e9rieur et de l'Outre-Mer tremplin en qualit\u00e9 de directrice  \ndu service des migrations et de l'int\u00e9gration de la pr\u00e9fecture du Gard ;\nVu l'arr\u00eat\u00e9 n\u00b030-2025-02-28-00001 du 28 f\u00e9vrier 2025 donnant d\u00e9l\u00e9gation de signature \u00e0 Mme \nSylvie ALARCON, directrice du service des migrations et de l'int\u00e9gration de la pr\u00e9fecture du  \nGard ;\nSur proposition du secr\u00e9taire g\u00e9n\u00e9ral de la pr\u00e9fecture du Gard \nPrefecture du Gard - 30-2025-07-04-00003 - Arr\u00eat\u00e9 donnant d\u00e9l\u00e9gation de signature \u00e0 Mme Sylvie ALARCON, directrice du service des\nmigrations et de l'int\u00e9gration de la pr\u00e9fecture du Gard 82\nArr\u00eate :\nArticle  1 :  D\u00e9l\u00e9gation  de  signature  est  donn\u00e9e  \u00e0  Mme  Sylvie  ALARCON,  conseill\u00e8re \nd'administration de l'Int\u00e9rieur et de l'Outre-Mer tremplin, directrice du service des migrations \net  de  l'int\u00e9gration,  et  en  cas  d'absence  ou  d'emp\u00eachement  de  cette  derni\u00e8re  \u00e0   Mme \nLaurence BARNOIN, attach\u00e9e principale d'administration de l'\u00c9tat, cadre d'appui charg\u00e9e des \nquestions migratoires.\nA  l'effet  de  signer  tous  documents  et  toutes  d\u00e9cisions  relevant  des  attributions  de  sa \ndirection telles que d\u00e9finies ci-apr\u00e8s :\n\uf0b7 la gestion de tout dossier ayant trait \u00e0 l'immigration et \u00e0 l'int\u00e9gration et au s\u00e9jour des  \n\u00e9trangers  en  France  et  en  particulier :  l'instruction  des  dossiers  de  demandes \nd'admission  au  s\u00e9jour  et  de  regroupement  familial,  la  d\u00e9livrance  des  titres,  toutes \nlettres et documents ayant trait \u00e0 la contribution forfaitaire employeurs, toutes lettres  \net d\u00e9cisions relatives au regroupement familial, les d\u00e9cisions de retrait et d'abrogation \nde tout titre de s\u00e9jour, les visas retour et les prorogations de visa court s\u00e9jour,  les \nd\u00e9cisions  individuelles  d'habilitation  \u00e0  intervenir  au  sein  des  centres  de  r\u00e9tention \nadministrative, les arr\u00eat\u00e9s portant refus de s\u00e9jour, les arr\u00eat\u00e9s portant refus de s\u00e9jour  \nassortis d'une obligation de quitter le territoire, d'un d\u00e9lai de d\u00e9part volontaire, d'un  \npays de destination ou/et d'une interdiction de retour et de circulation ainsi que les  \nd\u00e9cisions de retrait et d'abrogation de tels arr\u00eat\u00e9s, l'organisation de la Commission des \ntitres de S\u00e9jour dont les convocations \u00e0 s'y pr\u00e9senter ;\n\uf0b7 la gestion de tout dossier ayant trait \u00e0 l'\u00e9loignement, au contentieux et aux demandes  \nd'asile et aussi l'organisation de la reconduite \u00e0 la fronti\u00e8re ou de la r\u00e9admission des  \n\u00e9trangers en situation irr\u00e9guli\u00e8re : en particulier la signature des arr\u00eat\u00e9s d'invitations \u00e0  \nquitter  le  territoire,  d'obligations  de  quitter  le  territoire,  d'assignation  \u00e0  r\u00e9sidence, \nd'interdiction  de  retour,  d'interdiction  de  circulation,  les  d\u00e9cisions  de  r\u00e9admission \nSchengen et les arr\u00eat\u00e9s de transfert Dublin, les d\u00e9cisions de placement et de maintien  \nen r\u00e9tention administrative et les saisines du juge des libert\u00e9s et de la d\u00e9tention en  \nmati\u00e8re  de  prolongation  de  r\u00e9tention  administrative,  les  d\u00e9cisions  de  sortie  et \nd'extraction de d\u00e9tenus de la Maison d'Arr\u00eat de N\u00eemes ainsi que toutes les r\u00e9quisitions  \n\u00e0 ces fins, les demandes consulaires, les m\u00e9moires en r\u00e9ponse et les requ\u00eates en appel  \ndevant  les  juges  administratifs,  les  m\u00e9moires  et  requ\u00eates  d\u00e9pos\u00e9s  devant  les \njuridictions  judiciaires  dans  le  domaine  de  l'application  du  droit  des  \u00e9trangers,  les \nd\u00e9cisions  individuelles  d'habilitation  \u00e0  intervenir  au  sein  des  centres  de  r\u00e9tention \nadministrative ;\n\uf0b7 la gestion de tout dossier ayant trait \u00e0 la d\u00e9livrance des titres d'identit\u00e9 nationale et  \nleur  retrait,  en  particulier :  l'instruction  des  dossiers  de  demandes  de  passeport \ntemporaire, de mission ou de service, l'instruction des demandes d'opposition \u00e0 la  \nsortie du territoire des mineurs , la signature des conventions avec les mairies dans le  \ncadre du syst\u00e8me \u00ab  titre \u00e9lectronique s\u00e9curis\u00e9 \u00bb (TES), l'habilitation des agents publics  \ncharg\u00e9s de l'instruction, de la validation, de la r\u00e9ception des demandes et de la remise  \ndes titres s\u00e9curis\u00e9s ;\n\uf0b7 en mati\u00e8re de naturalisation :\n-  les  avis  favorables  relatifs  aux  demandes  de  naturalisation  par  d\u00e9cret  ou  par \nd\u00e9claration ;\n-  les  proc\u00e8s-verbaux  d'assimilation  des  candidats  \u00e0  l'acquisition  de  la  nationalit\u00e9 \nfran\u00e7aise ;\n\uf0b7 En mati\u00e8re de contentieux du droit des \u00e9trangers :\n- le traitement de tout dossier ayant trait au contentieux du droit des \u00e9trangers : les  \nm\u00e9moires  en  r\u00e9ponse  devant  les  juges  administratifs  et  les  requ\u00eates  en  appel \nintroduites devant les Cours administratives d'appel,\n- le traitement de tout dossier d'\u00e9trangers dont la pr\u00e9sence en France trouble l'ordre  \npublic et en particulier  : l'instruction des dossiers, l'organisation de la COMEX, l'\u00e9dict\u00e9  \nPrefecture du Gard - 30-2025-07-04-00003 - Arr\u00eat\u00e9 donnant d\u00e9l\u00e9gation de signature \u00e0 Mme Sylvie ALARCON, directrice du service des\nmigrations et de l'int\u00e9gration de la pr\u00e9fecture du Gard 83\nd'arr\u00eat\u00e9s de refus de titre, d'obligations de quitter le territoire, interdiction de retour  \nou de circulation, arr\u00eat\u00e9s d'expulsion.\nArticle     2     :  En  cas  d'absence  ou  d'emp\u00eachement  de  Mme  Sylvie  ALARCON,  conseill\u00e8re \nd'administration de l'Int\u00e9rieur et de l'Outre-Mer tremplin, directrice du Service des migrations \net de l'int\u00e9gration, et de Mme  Laurence BARNOIN, attach\u00e9e principale d'administration de  \nl'\u00c9tat, cadre d'appui charg\u00e9e des questions migratoires,  la d\u00e9l\u00e9gation de signature conf\u00e9r\u00e9e  \nest exerc\u00e9e :\n\u2022 par M. Damien DUPLOUY, attach\u00e9 principal d'administration de l'\u00c9tat, chef du bureau  \ndu s\u00e9jour des \u00e9trangers,\n\u2022 par Mme Nadine MARIN-GRANADOS, attach\u00e9e d'administration de l'\u00c9tat, adjointe au  \nchef du bureau du s\u00e9jour des \u00e9trangers\n\u2022 par Mme Rita MACHAALLAH, attach\u00e9e d'administration de l'\u00c9tat, adjointe au chef du  \nbureau du s\u00e9jour des \u00e9trangers\n\u2022 par M.  Arnaud  REGNIER,  attach\u00e9  d'administration  de  l'\u00c9tat,  chef  du  bureau  de \nl'\u00e9loignement et de l'asile \n\u2022 par  Mme  Magali  DELMAS,  attach\u00e9e  d'administration  de  l'\u00c9tat,  chef  du  bureau  du \ncontentieux des \u00e9trangers ,\npour signer tous documents et toutes d\u00e9cisions.\nArticle     3   : En cas d'absence ou d'emp\u00eachement de Mme  Sylvie  ALARCON, de Mme Laurence \nBARNOIN,  de  M.  Damien  DUPLOUY,  de  Mme  Nadine  MARIN-GRANADOS,  de  Mme  Rita \nMACHAALLAH,  de  M.  Arnaud  REGNIER et  de  Mme  Magali  DELMAS,  la  d\u00e9l\u00e9gation  de \nsignature conf\u00e9r\u00e9e est exerc\u00e9e par :\n\u2022 M. Nourdine FELLAH, secr\u00e9taire administratif de classe exceptionnelle,\n\u2022 Mme Manon AIRAULT, secr\u00e9taire administrative de classe normale, \n\u2022 Mme C\u00e9cile CUSENZA, secr\u00e9taire administrative de classe normale et \n\u2022 Mme Isabelle VIGNE, secr\u00e9taire administrative de classe normale, \npour  signer  dans  la  limite  de  leurs  attributions:  l'instruction  des  dossiers  de  demandes \nd'admission  au  s\u00e9jour,  la  d\u00e9livrance  des  attestations  de  d\u00e9p\u00f4t,  des  r\u00e9c\u00e9piss\u00e9s,  des \nautorisations provisoires de s\u00e9jour, des titres de s\u00e9jour, des titres de voyage pour r\u00e9fugi\u00e9s et  \ndes titres d'identit\u00e9s et de voyage, des documents de circulation pour \u00e9trangers mineurs  \n(DCEM), toutes lettres et d\u00e9cisions relatives au regroupement familial, les visas retour et les  \nprorogations de visa court s\u00e9jour ;\nArticle  4     :   Toutes  dispositions  ant\u00e9rieures  relatives  \u00e0  une  d\u00e9l\u00e9gation  de  signature  sont \nabrog\u00e9es.\nArticle 5 : Le pr\u00e9sent arr\u00eat\u00e9 prend effet d\u00e8s sa publication.\nArticle     6     : Le secr\u00e9taire g\u00e9n\u00e9ral de la pr\u00e9fecture du Gard est charg\u00e9 de l'ex\u00e9cution du pr\u00e9sent \narr\u00eat\u00e9, qui sera publi\u00e9 au recueil des actes administratifs de la pr\u00e9fecture.\nFait \u00e0 N\u00eemes, le 4 juillet 2025\n  Le Pr\u00e9fet,\nsign\u00e9\nJ\u00e9r\u00f4me BONET\nPrefecture du Gard - 30-2025-07-04-00003 - Arr\u00eat\u00e9 donnant d\u00e9l\u00e9gation de signature \u00e0 Mme Sylvie ALARCON, directrice du service des\nmigrations et de l'int\u00e9gration de la pr\u00e9fecture du Gard 84\nPrefecture du Gard\n30-2025-06-16-00007\nArr\u00eat\u00e9 portant subd\u00e9l\u00e9gation de signature de\nMme Anne BRONNER, directrice d\u00e9partementale\ndes territoires de l'Ard\u00e8che\nPrefecture du Gard - 30-2025-06-16-00007 - Arr\u00eat\u00e9 portant subd\u00e9l\u00e9gation de signature de Mme Anne BRONNER, directrice\nd\u00e9partementale des territoires de l'Ard\u00e8che 85\n= = Direction d\u00e9partementalebul air 5 des territoires de l'Ard\u00e8cheLibert\u00e9Egalit\u00e9Fraternit\u00e9\nARR\u00caT\u00c9 PR\u00c9FECTORAL N\u00b0Portant subd\u00e9l\u00e9gation de signatureLe pr\u00e9fet du Gard,Officier de la L\u00e9gion d'honneur,Officier de l'Ordre national du M\u00e9rite\nVu le code g\u00e9n\u00e9ral de la propri\u00e9t\u00e9 publique r\u00e9glementant le domaine public fluvial ;Vu le code de la navigation int\u00e9rieure ;Vu la loi n\u00b0 64-1245 du 16 d\u00e9cembre 1964 relative au r\u00e9gime et \u00e0 la r\u00e9partition des eaux et \u00e0la lutte contre leur pollution, et les textes subs\u00e9quents ;Vu la loi n\u00b0 92-3 du 3 janvier 1992 sur l'eau, et les textes subs\u00e9quents ;Vu la loi d'orientation n\u00b0 92-125 du 6 f\u00e9vrier 1992 relative \u00e0 l'administration territoriale dela R\u00e9publique ;Vu le d\u00e9cret n\u00b0 73-912 du 21 septembre 1973, portant r\u00e8glement g\u00e9n\u00e9ral de police de lanavigation int\u00e9rieure ;Vu le d\u00e9cret n\u00b0 87-154 du 27 f\u00e9vrier 1987 relatif \u00e0 la coordination interminist\u00e9rielle et \u00e0l'organisation de l'administration dans le domaine de l'eau ;Vu le d\u00e9cret n\u00b0 97.34 du 15 janvier 1997 modifi\u00e9 relatif \u00e0 la d\u00e9concentration des d\u00e9cisionsadministratives individuelles :Vu le d\u00e9cret n\u00b0 2004-374 du 29 avril 2004 relatif aux pouvoirs des Pr\u00e9fets, \u00e0 l'organisationet \u00e0 l'action des services de l'Etat dans les r\u00e9gions et d\u00e9partements ;Vu le d\u00e9cret n\u00b0 2008-158 du 22 f\u00e9vrier 2008 relatif \u00e0 la suppl\u00e9ance des Pr\u00e9fets de r\u00e9gion et\u00e0 la d\u00e9l\u00e9gation de signature des Pr\u00e9fets et des hauts commissaires de la R\u00e9publique enPolyn\u00e9sie fran\u00e7aise et en Nouvelle-Cal\u00e9donie ;Vu le d\u00e9cret n\u00b0 2009-176 du 16 f\u00e9vrier 2009 modifiant le d\u00e9cret n\u00b0 64-805 du 29 juillet 1964fixant les dispositions r\u00e9glementaires applicables aux Pr\u00e9fets et le d\u00e9cret n\u00b0 2004-374 du29 avril 2004 relatif aux pouvoirs des Pr\u00e9fets, \u00e0 l'organisation et \u00e0 l'action des services del'Etat dans les r\u00e9gions et d\u00e9partements ;Vu le d\u00e9cret n\u00b0 2010-146 du 16 f\u00e9vrier 2010 modifiant le d\u00e9cret n\u00b0 2004-374 du 29 avril 2004relatif aux pouvoirs des Pr\u00e9fets, \u00e0 l'organisation et \u00e0 l'action des services de l'Etat dans lesr\u00e9gions et d\u00e9partements ;Vu le d\u00e9cret n\u00b0 2015-510 du 7 mai 2015 portant charte de la d\u00e9concentration ;\nPrefecture du Gard - 30-2025-06-16-00007 - Arr\u00eat\u00e9 portant subd\u00e9l\u00e9gation de signature de Mme Anne BRONNER, directrice\nd\u00e9partementale des territoires de l'Ard\u00e8che 86\nVu le d\u00e9cret du 13 juillet 2023 nommant Monsieur J\u00e9r\u00f4me BONET, pr\u00e9fet du GardVu l'arr\u00eat\u00e9 de la Premi\u00e8re ministre et du ministre de l'int\u00e9rieur et des outres-mer en datedu 26 avril 2023 nommant Madame Sophie BARTHELON en qualit\u00e9 de directriced\u00e9partementale adjointe des territoires de l'Ard\u00e8che ;Vu l'arr\u00eat\u00e9 du Premier ministre et du ministre de l'int\u00e9rieur en date du 17 mars 2025nommant Madame Anne BRONNER, directrice d\u00e9partementale des territoires del'Ard\u00e8che \u00e0 compter du 1* avril 2025 ;Vu l'arr\u00eat\u00e9 pr\u00e9fectoral n\u00b0 30-2025-05-16-00001 du 16 mai 2025 portant d\u00e9l\u00e9gation designature \u00e0 Madame Anne BRONNER, directrice d\u00e9partementale des territoires del'Ard\u00e8che ;\nArr\u00eate\nArticle 1: conform\u00e9ment \u00e0 l'article 3 de l'arr\u00eat\u00e9 n\u00b0 30-2025-05-16-00001 du 16 mai 2025, lad\u00e9l\u00e9gation de signature accord\u00e9e par l'article 1, sous r\u00e9serve des dispositions de l'article 2,a Madame Anne BRONNER, directrice d\u00e9partementale des territoires de l'Ard\u00e8che, pourra\u00eatre exerc\u00e9e par Madame Sophie BARTHELON, directrice d\u00e9partementale adjointe desterritoires de l'Ard\u00e8che.Article 2: la signature du subd\u00e9l\u00e9gataire et sa qualit\u00e9 devront \u00eatre pr\u00e9c\u00e9d\u00e9es de lamention suivante : \u00ab pour le pr\u00e9fet et par d\u00e9l\u00e9gation \u00bbArticle 3 : le pr\u00e9sent arr\u00eat\u00e9 prend effet d\u00e8s sa publicationArticle 4: la directrice d\u00e9partementale des territoires est charg\u00e9e de l'ex\u00e9cution dupr\u00e9sent arr\u00eat\u00e9 qui sera publi\u00e9 au recueil des actes administratifs de la pr\u00e9fecture du Gard.\nFait \u00e0 Privas, le { 6 JUIN 2025Pour le pr\u00e9fet du Gardet par d\u00e9l\u00e9gation,La directrice d\u00e9partementale des territoires de l'Ard\u00e8che\nne BRONNER\nPrefecture du Gard - 30-2025-06-16-00007 - Arr\u00eat\u00e9 portant subd\u00e9l\u00e9gation de signature de Mme Anne BRONNER, directrice\nd\u00e9partementale des territoires de l'Ard\u00e8che 87\nPrefecture du Gard\n30-2025-07-04-00004\nArr\u00eat\u00e9 portant attribution de la m\u00e9daille\nd'honneur des sapeurs-pompiers\nPrefecture du Gard - 30-2025-07-04-00004 - Arr\u00eat\u00e9 portant attribution de la m\u00e9daille d'honneur des sapeurs-pompiers 88\nFREE! Cabinet du pr\u00e9fetDU GARD ' / r\u00e9Plead Bureau de la repr\u00e9sentation de l'\u00c9tat\u00c9galit\u00e9Fraternit\u00e9\nArr\u00eat\u00e9 n\u00b0portant attribution de lam\u00e9daille d'honneur des sapeurs-pompiersPromotion du 14 juillet 2025Le pr\u00e9fet du Gardchevalier de la L\u00e9gion d'honneur,chevalier de l'ordre national du M\u00e9rite,\nVu le d\u00e9cret n\u00b062-1073 du 11 septembre 1962 fixant les conditions d'attribution de la m\u00e9dailled'honneur des sapeurs-pompiers ; |Vu le d\u00e9cret n\u00b068-1055 du 29 novembre 1968 portant d\u00e9concentration en mati\u00e8red'attribution de la distinction susvis\u00e9e ;Vu le d\u00e9cret n\u00b090-850 du 25 septembre 1990 portant dispositions communes \u00e0 l'ensembledes sapeurs-pompiers professionnels ;Vu le d\u00e9cret n\u00b095-384 du 12 avril 1995 modifiant certaines dispositions relatives auxsapeurs- pompiers ;Vu le d\u00e9cret n\u00b099-1039 du 10 d\u00e9cembre 1999 relatif aux sapeurs-pompiers volontaires ;Sur proposition de Madame la sous-pr\u00e9f\u00e8te, directrice de cabinet ;ARR\u00caTEArticle 1\": Des m\u00e9dailles d'honneur pour les \u00e9chelons Bronze, Argent, Or et Grand Or sontd\u00e9cern\u00e9es aux sapeurs-pompiers figurant dans la liste annex\u00e9e au pr\u00e9sent arr\u00eat\u00e9.\nArticle2: Madame la sous-pr\u00e9f\u00e8te, directrice de cabinet, et le directeur par int\u00e9rim duservice d\u00e9partemental d'incendie et de secours du Gard sont charg\u00e9s del'ex\u00e9cution du pr\u00e9sent arr\u00eat\u00e9 qui sera publi\u00e9 au recueil des actes administratifs dela pr\u00e9fecture du Gard. N\u00eemes, le \u20144 jiji.. 2225\nJ\u00e9r\u00f4me BONET .\nPrefecture du Gard - 30-2025-07-04-00004 - Arr\u00eat\u00e9 portant attribution de la m\u00e9daille d'honneur des sapeurs-pompiers 89\nMEDAILLES D'HONNEUR SAPEURS-POMPIERS (SP)M\u00e9dailles de BronzeNOM Pr\u00e9nom Statut Grade ffectationADAMOFF Micka\u00ebl SPV CAPORAL-CHEF NIMESAUBERT Tony SPP CAPORAL-CHEF BAGNOLS-SUR-CEZEBERGERET Anthony SPV CAPORAL-CHEF NIMES SAINT CESAIREBERTHEAU Virginie SPV CAPORALE VILLENEUVE-LES-AVIGNONBOUISSEREN Dominique SPV CAPORAL-CHEF AIGOUALCALIGO Valentin SPP SERGENT NIMESCAZES Gr\u00e9gory SPV CAPORAL-CHEF SAINT HIPPOLYTE DU FORTCERRET Bastien SPP SERGENT NIMES SAINT CESAIRECHAPRON Audrey SPV CAPORALE VERGEZECHOPARD Cl\u00e9ment SPV CAPORAL-CHEF BEAUCAIRECOMBE Pierre SPP SERGENT NIMES SAINT CESAIREDAUSSY K\u00e9win SPV CAPORAL VERGEZEDOMBRE Cyril SPV CAPORAL-CHEF NIMESFAGEON Renaud SPP CAPORAL-CHEF ALESFAUQUEUX Laurent SPV CAPORAL-CHEF SAINT AMBROIXGAGNEPAIN Maxime SPP CAPORAL-CHEF CODIS-CTAGARRITANO Christophe SPV CAPORAL-CHEF NIMESGILETTO Melvin SPV CAPORAL-CHEF VERGEZEJAVEL Franck SPV CAPORAL-CHEF SAINT HIPPOLYTE DU FORTJOUSSEMET Alexandre SPV SERGENT BAGNOLS-SUR-CEZELARGERON Alexandra SPV CAPORALE-CHEFFE SAINT AMBROIX \u2014LASIO Johan SPV CAPORAL-CHEF TERRE DE CAMARGUELE NATUR Armelle SPV CAPORALE-CHEFFE NIMES SAINT CESAIRELE STANC Oc\u00e9ane SPV CAPORALE-CHEFFE PONT SAINT ESPRITLECOINTE GAMONDES Enola SPP CAPORALE NIMESLEDESMA Lo\u00efc SPV CAPORAL NIMESMILLIET COLOMBET Alexis SPP CAPORAL LES ANGLESMINOT Dimitri SPP CAPORAL ALESMIRO Simon SPV CAPORAL-CHEF SAINT JEAN DU GARDNANROCKI Melvin SPV CAPORAL-CHEF BESSEGESPERNET Francis SPV CAPORAL-CHEF LES ANGLESPEYRIC Anthony SPV SERGENT BESSEGESPONZIO Micka\u00e9l SPV CAPORAL-CHEF NIMESREPP S\u00e9bastien SPV SERGENT-CHEF VERGEZEREYNAUD Florian SPV SERGENT NIMESRIBERA Emilie SPV SERGENTE VAUVERTTARDIEU Etienne SPP CAPORAL-CHEF NIMESVENTRE Corentin SPP CAPORAL-CHEF NIMESVIALA Chlo\u00e9 SPV SERGENTE LE VIGANM\u00e9dailles d'ArgentNOM Pr\u00e9nom tatut Grade AffectationANGELI Yannick SPV SERGENT-CHEF BAGNOLS-SUR-CEZEBALLAGER Morgan SPP SERGENT-CHEF NIMES SAINT CESAIREBELLOT Jean-Daniel SPV SERGENT-CHEF LA GRAND-COMBEBEN FREDJ Mahran SPP SERGENT-CHEF NIMESBENOIT Julien SPV ADJUDANT VERGEZEBERRIER Alan SPV SERGENT-CHEF VILLENEUVE-LES-AVIGNONBOSQUIER Serge SPV SERGENT-CHEF SAINT JEAN DU GARDBRIAT Patrice SPP SERGENT-CHEF NIMES SAINT CESAIREBRUN Xavier SPV SERGENT-CHEF BEAUCAIRECADENET J\u00e9r\u00e9my SPP ADJUDANT NIMESCAREL David SPV SERGENT-CHEF AIGOUALCAREL Florent SPV CAPORAL-CHEF AIGOUALCAURLA Anthony SPV ADJUDANT BESSEGESCHAPON Jean-Fran\u00e7ois SPP SERGENT NIMES SAINT CESAIRECRUZ Renaud SPV ADJUDANT-CHEF SAINT HIPPOLYTE DU FORTDE ARAUJO Lionel SPV CAPITAINE SAINT HIPPOLYTE DU FORTDEPETRI Christophe SPV CAPORAL-CHEF BEAUCAIREFERRANDO Florent SPP ADJUDANT-CHEF NIMES SAINT CESAIREGARCIA Sylvain SPP ADJUDANT NIMESGAUBERT Julien SPV ADJUDANT VAUVERTGEAY Johan SPV ADJUDANT SAINT JEAN DU GARDGERACI Loic SPP ADJUDANT-CHEF ALESGIMENEZ Yohann SPV SERGENT-CHEF NIMES SAINT CESAIREJOHNSON Florent SPP SERGENT NIMES\nPrefecture du Gard - 30-2025-07-04-00004 - Arr\u00eat\u00e9 portant attribution de la m\u00e9daille d'honneur des sapeurs-pompiers 90\nLEROY Martin SPP CAPORAL-CHEF BESSEGESLEVEQUE Guillaume SPP SERGENT-CHEF NIMES SAINT CESAIREMAURIN Thibaud SPP ADJUDANT ALESMURY Denis SPV SERGENT-CHEF SAINT AMBROIXPEREZ C\u00e9dric SPV SERGENT-CHEF NIMESREY Aur\u00e9lie SPV CAPORALE ALESSARREAUD Valentin SPP SERGENT-CHEF BAGNOLS-SUR-CEZE. SEUROT Benoit SPP ADJUDANT-CHEF CODIS-CTATURC Fabien SPV ADJUDANT-CHEF AIGOUALVESSE Cyril SPP ADJUDANT-CHEF TERRE DE CAMARGUEVEZINET Julien SPV SERGENT BAGNOLS-SUR-CEZEM\u00e9dailles d'OrNOM Pr\u00e9nom Statut Grade AffectationBECAMEL Nathalie SPV ADJUDANTE-CHEFFE CODIS-CTABESSUGE David SPV ADJUDANT-CHEF SAINT HIPPOLYTE DU FORTBLAD Pascale SPV SERGENTE-CHEFFE SOMMIERESBLANC Nicolas SPP ADJUDANT-CHEF NIMESCAPIT Lionel SPP ADJUDANT-CHEF ALESCARRILLO Jean-Marc SPP ADJUDANT-CHEF NIMES \u00b0CAVENATI Sonny SPV CAPORAL-CHEF BEAUCAIREDAUDET Franck SPP ADJUDANT-CHEF ALESDELAGRANGE Cyril SPV ADJUDANT-CHEF .JSAINT AMBROIXFLANDIN Olivier SPV SERGENT-CHEF BESSEGESGARCIA Olivier SPP ADJUDANT-CHEF NIMESGARD Christian SPP ADJUDANT-CHEF ALESLERIBLE Bastien SPP ADJUDANT-CHEF NIMESMALBOS Lionel SPV ADJUDANT-CHEF BESSEGESMILLIET Bruno SPV ADJUDANT-CHEF PONT SAINT ESPRITROUX Cyril SPP ADJUDANT-CHEF NIMESSALA Christophe SPV ADJUDANT-CHEF VERGEZESOREL S\u00e9bastien SPV SERGENT-CHEF ROQUEMAURESUGIER Alexandre SPP LIEUTENANT HORS CLASSE SAINT AMBROIXTEYSSIER Emmanuel SPP ADJUDANT-CHEF NIMESVIGNAL Lo\u00efc SPP ADJUDANT-CHEF NIMESM\u00e9dailles Grand OrNOM Pr\u00e9nom Statut Grade AffectationBARRIAL Laurent SPP ADJ UDANT-CHEF ALESCHEVALIER Laurent SPV ADJUDANT-CHEF ALESCOMBES Christian SPV ADJUDANT-CHEF LA GRAND-COMBEDAVENNE Jean-Christophe SPV ADJUDANT-CHEF SAINT AMBROIXLIMINANA Laurent SPP ADJUDANT-CHEF LES ANGLES\nPrefecture du Gard - 30-2025-07-04-00004 - Arr\u00eat\u00e9 portant attribution de la m\u00e9daille d'honneur des sapeurs-pompiers 91\nPrefecture du Gard\n30-2025-06-30-00004\nArr\u00eat\u00e9 portant attribution de la m\u00e9daille pour\nacte de courage et de d\u00e9vouement\nPrefecture du Gard - 30-2025-06-30-00004 - Arr\u00eat\u00e9 portant attribution de la m\u00e9daille pour acte de courage et de d\u00e9vouement 92\nPREFET | Cabinet du pr\u00e9fetDU GARD Bureau de la repr\u00e9sentation de l'\u00c9tatLibert\u00e9\u00c9galit\u00e9Fraternit\u00e9\nArr\u00eat\u00e9 n\u00b0portant attribution d'une m\u00e9daillepour acte de courage et de d\u00e9vouementLe pr\u00e9fetchevalier de la L\u00e9gion d'honneur,chevalier de l'ordre national du M\u00e9rite,\nVu le d\u00e9cret du 16 novembre 1901 modifi\u00e9 par le d\u00e9cret du 9 d\u00e9cembre 1924 :Vu le d\u00e9cret n\u00b070 221 du 17 mars 1970 portant d\u00e9concentration en mati\u00e8re d'attribution de la m\u00e9daillepour acte de courage et de d\u00e9vouement ;Vu le rapport du directeur interd\u00e9partemental de la police nationale du Gard, le contr\u00f4leur g\u00e9n\u00e9ralJean-Philippe NAHON, duquel il ressort que, le 11 mars 2025, le brigadier-chef Olivier AVENIERE estintervenu au centre m\u00e9dico-psychologique de Bagnols-sur-C\u00e8ze ; que, ce jour-l\u00e0, un patient en rupturede traitement s'est enferm\u00e9 dans sa chambre et a menac\u00e9 un infirmier en d\u00e9clarant \u00eatre arm\u00e9 d'uncouteau ; que, lors de l'arriv\u00e9e des effectifs de police sur les lieux, l'individu a prof\u00e9r\u00e9 des menaces demort \u00e0 l'encontre des fonctionnaires et a exprim\u00e9 sa volont\u00e9 de \u00ab mourir en martyr \u00bb ; que, les forcesde l'ordre, assist\u00e9es des sapeurs-pompiers, ont entrepris de forcer l'ouverture de la porte ; que le misen cause a alors ouvert brusquement la porte, brandissant un couteau dans chaque main ; que, dansun contexte rendu particuli\u00e8rement difficile. par l'\u00e9troitesse des lieux, le brigadier-chef AVENI\u00c8RE aimm\u00e9diatement \u00e9cart\u00e9 Un pompier se trouvant en danger et a fait face seul \u00e0 l'agresseur ; qu'il estparvenu a le neutraliser en utilisant son bouclier de protection, permettant ainsi son interpellation ;que, bien qu'ayant \u00e9t\u00e9 bless\u00e9 \u00e0 quatre reprises au cours de l'intervention, dont une fois au visage, lebrigadier-chef AVENI\u00c8RE a permis \u00e0 ses coll\u00e8gues d'intervenir sans exposition directe au danger ; que,par son action d\u00e9termin\u00e9e, il a contribu\u00e9 \u00e0 la mise en s\u00e9curit\u00e9 d'un individu potentiellement dangereuxpour lui-m\u00eame et pour autrui ;Consid\u00e9rant le courage, l'abn\u00e9gation et le sens profond du devoir dont a fait preuve Monsieur OlivierAVENIERE ;Sur proposition de Madame la sous-pr\u00e9f\u00e8te, directrice de cabinet du pr\u00e9fet du Gard;| ARR\u00caTEArticle 1 : Une m\u00e9daille de Bronze pour acte de courage et de d\u00e9vouement est d\u00e9cern\u00e9e \u00e0 :- M. Olivier AVENIERE,; brigadier-chef\nPrefecture du Gard - 30-2025-06-30-00004 - Arr\u00eat\u00e9 portant attribution de la m\u00e9daille pour acte de courage et de d\u00e9vouement 93\nArticle 2 : Madame la sous-pr\u00e9f\u00e8te, directrice de cabinet, et Monsieur le contr\u00f4leur g\u00e9n\u00e9ral, directeurinterd\u00e9partemental de la police nationale du Gard, sont charg\u00e9s de l'ex\u00e9cution du pr\u00e9sent arr\u00eat\u00e9 quisera publi\u00e9 au recueil des actes administratifs de la pr\u00e9fecture du Gard.\nN\u00eemes, le 9.9 JUIN 2025Lapr\u00e9fet,\nme BONET\nPrefecture du Gard - 30-2025-06-30-00004 - Arr\u00eat\u00e9 portant attribution de la m\u00e9daille pour acte de courage et de d\u00e9vouement 94\nPrefecture du Gard\n30-2025-07-01-00016\nArr\u00eat\u00e9 n\u00b02025-01-07-001 du 1er juillet 2025\nportant extension du p\u00e9rim\u00e8tre du Syndicat\nintercommunal des Hautes Vall\u00e9es C\u00e9venoles\n(SHVC)\nPrefecture du Gard - 30-2025-07-01-00016 - Arr\u00eat\u00e9 n\u00b02025-01-07-001 du 1er juillet 2025 portant extension du p\u00e9rim\u00e8tre du Syndicat\nintercommunal des Hautes Vall\u00e9es C\u00e9venoles (SHVC) 95\nE =PR\u00c9FETDU GARDLibert\u00e9Egalit\u00e9Fraternit\u00e9\nSous-pr\u00e9fecture d'Al\u00e8s Sous-pr\u00e9fecture de Florac\nBureau des collectivit\u00e9s territoriales \net du d\u00e9veloppement local\n n\u00b0  2025-01-07-001                                                      \n Arr\u00eat\u00e9\nportant extension du p\u00e9rim\u00e8tre du Syndicat intercommunal \ndes Hautes Vall\u00e9es C\u00e9venoles (SHVC)\nLe pr\u00e9fet du Gard\nChevalier de la L\u00e9gion d'honneur,\nChevalier de l'ordre national du M\u00e9rite \nLe pr\u00e9fet de la Loz\u00e8re\nChevalier de l'Ordre \nNational du M\u00e9rite \nVU le code g\u00e9n\u00e9ral des collectivit\u00e9s territoriales notamment l'article L.5211-18 ;\nVU l'arr\u00eat\u00e9 pr\u00e9fectoral n\u00b0 92-1498 du 9 juillet 1992 modifi\u00e9 portant cr\u00e9ation du syndicat intercommunal \nd'am\u00e9nagement de la Vall\u00e9e du Galeizon ;\nVU l'arr\u00eat\u00e9  inter-pr\u00e9fectoral  n\u00b030-2018-10-18-002  du  18  octobre  2018  portant  constatation  des \nmodifications des statuts et extension du p\u00e9rim\u00e8tre du syndicat, devenu intercommunal \u00e0 vocation  \nunique d\u00e9nomm\u00e9 syndicat des Hautes Vall\u00e9es C\u00e9venoles (SHVC) ;\nVU l'arr\u00eat\u00e9 inter-pr\u00e9fectoral n\u00b030-2022-09-26-0003 du 26 septembre 2022 portant constatation des  \nmodifications des statuts du SHVC, devenu syndicat intercommunal \u00e0 vocation multiple \u00ab  \u00e0 la carte  \u00bb \nsuite \u00e0 l'ajout de la comp\u00e9tence DFCI au 1er janvier 2022 ; \nVU la d\u00e9lib\u00e9ration du 18 mars 2025 du conseil municipal de la commune de Ventalon-en-C\u00e9vennes  \ndemandant son adh\u00e9sion au SHVC au titre de la comp\u00e9tence MAB ;\nVU la d\u00e9lib\u00e9ration n\u00b0 D2025_07 du 20 f\u00e9vrier 2025 du conseil municipal de la commune de Saint-\nMartin-de-Valgalgues demandant son adh\u00e9sion au SHVC au titre de la comp\u00e9tence \u00abcr\u00e9ation, entretien \net mise aux normes des \u00e9quipements DFCI (points d'eau, pistes, barri\u00e8res, panneaux\u2026)\u00bb ;\nVU la d\u00e9lib\u00e9ration n\u00b0 D2025-08 du 27 mars 2025 du comit\u00e9 syndical du SHVC acceptant l'adh\u00e9sion de  \nla commune de Saint-Martin-de-Valgalgues au SHVC au titre de la comp\u00e9tence \u00abcr\u00e9ation, entretien et  \nmise aux normes des \u00e9quipements DFCI (points d'eau, pistes, barri\u00e8res, panneaux\u2026)\u00bb et de la commune \nde Ventalon-en-C\u00e9vennes pour la comp\u00e9tence MAB au 1er juillet 2025  ;\nVU la notification de la d\u00e9lib\u00e9ration n\u00b0 D2025-08 faite le 31 mars 2025 par le pr\u00e9sident du SHVC \u00e0  \nl'ensemble de ses communes membres aux fins de recueillir leur avis sur ces adh\u00e9sions ;\nVU les d\u00e9lib\u00e9rations des conseils municipaux des communes membres du SHVC approuvant l'adh\u00e9sion \ndes communes :\nPr\u00e9fecture du Gard\n10 avenue Feuch\u00e8res \u2013 30 045 N\u00ceMES CEDEX 9\nT\u00e9l. 04 66 36 43 90\nwww.gard.gouv.fr\nPrefecture du Gard - 30-2025-07-01-00016 - Arr\u00eat\u00e9 n\u00b02025-01-07-001 du 1er juillet 2025 portant extension du p\u00e9rim\u00e8tre du Syndicat\nintercommunal des Hautes Vall\u00e9es C\u00e9venoles (SHVC) 96\n      - Les Salles-du-Gardon, par d\u00e9lib\u00e9ration du 11 avril 2025,\n- Saint-Jean-de-Val\u00e9riscle, par d\u00e9lib\u00e9ration du 23 juin 2025 ;\nCONSIDERANT qu'en l'absence de d\u00e9lib\u00e9ration des communes membres, dans un d\u00e9lai de trois mois \u00e0 \ncompter de la notification de la d\u00e9lib\u00e9ration du SHVC acceptant les adh\u00e9sions, leur avis est r\u00e9put\u00e9  \nfavorable ;\nCONSIDERANT que les membres du SHVC se sont prononc\u00e9s dans les conditions de majorit\u00e9 requises  \npar le CGCT en faveur de l'adh\u00e9sion de la commune de Saint-Martin-de-Valgalgues pour la comp\u00e9tence \n\u00abcr\u00e9ation, entretien et mise aux normes des \u00e9quipements DFCI  \u00bb et de la commune de Ventalon-en-\nC\u00e9vennes pour la comp\u00e9tence MAB, et qu'il y a lieu d'en donner acte ;\nSUR PROPOSITION des secr\u00e9taires g\u00e9n\u00e9raux de la pr\u00e9fecture du Gard et de Loz\u00e8re ;\n ARRETONS :\nArticle 1er : Est approuv\u00e9e l'adh\u00e9sion au syndicat intercommunal des Hautes Vall\u00e9es C\u00e9venoles (SHVC) \nde la commune de  Saint-Martin-de-Valgalgues  pour la comp\u00e9tence  \u00abcr\u00e9ation, entretien et mise aux  \nnormes des \u00e9quipements DFCI  \u00bb et de la commune de Ventalon-en-C\u00e9vennes pour la comp\u00e9tence  \nMAB au 1er juillet 2025.\nArticle 2  :  Conform\u00e9ment \u00e0 l'article 7 des statuts du SHVC  approuv\u00e9s le  26 septembre 2022,  les  \ncommunes seront repr\u00e9sent\u00e9es au sein du comit\u00e9 syndical de l'\u00e9tablissement par un d\u00e9l\u00e9gu\u00e9 titulaire et \nun d\u00e9l\u00e9gu\u00e9 suppl\u00e9ant appel\u00e9 \u00e0 si\u00e9ger au comit\u00e9 syndical, avec voix d\u00e9lib\u00e9rative en cas d'emp\u00eachement \ndu d\u00e9l\u00e9gu\u00e9 titulaire.\nArticle 3  : Les secr\u00e9taires g\u00e9n\u00e9raux des pr\u00e9fectures du Gard et de la Loz\u00e8re, le pr\u00e9sident du syndicat  \nintercommunal  des  Hautes  Vall\u00e9es  C\u00e9venoles  et  les  maires  de  Saint-Martin-de-Valgalgues et  de  \nVentalon-en-C\u00e9vennes sont charg\u00e9s chacun en ce qui les concerne de l'ex\u00e9cution du pr\u00e9sent arr\u00eat\u00e9 qui \nsera ins\u00e9r\u00e9 au recueil des actes administratifs de la pr\u00e9fecture du Gard.\nFait \u00e0 N\u00eemes, le 1er juillet 2025\nSign\u00e9 Sign\u00e9\nLe pr\u00e9fet du Gard, pour le pr\u00e9fet de Loz\u00e8re \nJ\u00e9r\u00f4me BONNET La sous-pr\u00e9f\u00e8te de Florac\nVal\u00e9rie FUSCIEN\nPrefecture du Gard - 30-2025-07-01-00016 - Arr\u00eat\u00e9 n\u00b02025-01-07-001 du 1er juillet 2025 portant extension du p\u00e9rim\u00e8tre du Syndicat\nintercommunal des Hautes Vall\u00e9es C\u00e9venoles (SHVC) 97\nSous Pr\u00e9fecture d'Al\u00e8s\n30-2025-06-30-00013\nArr\u00eat\u00e9 de cr\u00e9ation habilitation n\u00b025-06-49 du\n30-06-2025 Cr\u00e9matorium N\u00eemes\nSous Pr\u00e9fecture d'Al\u00e8s - 30-2025-06-30-00013 - Arr\u00eat\u00e9 de cr\u00e9ation habilitation n\u00b025-06-49 du 30-06-2025 Cr\u00e9matorium N\u00eemes 98\nSous-pr\u00e9fecture d'Al\u00e8sE = Bureau de la r\u00e9glementation fun\u00e9raire et des associationsPREFET Service d\u00e9partemental du fun\u00e9raireDU GARDLibert\u00e9\u00c9galit\u00e9Fraternit\u00e9\nArr\u00eat\u00e9 n\u00b0 25-06-49portant cr\u00e9ation d'habilitation dans le domaine fun\u00e9raire pour une dur\u00e9e de 5 ansArr\u00eat\u00e9 pr\u00e9fectoral annulant et rempla\u00e7ant l'arr\u00eat\u00e9 n\u00b025-06-30 du 27 juin 2025Le pr\u00e9fet du Gard,Chevalier de la L\u00e9gion d'honneur,Chevalier de l'ordre national du M\u00e9rite,\nVu le code g\u00e9n\u00e9ral des collectivit\u00e9s territoriales, notamment les articles L.2223-19 etsuivants ;Vu l'arr\u00eat\u00e9 pr\u00e9fectoral n\u00b0 30-2024-10-18-00007 du 18 octobre 2024 donnant d\u00e9l\u00e9gationde signature \u00e0 Monsieur \u00c9mile SOUMBO, sous-pr\u00e9fet de l'arrondissement d'Ales ;Vu la demande d'habilitation dans le domaine fun\u00e9raire formul\u00e9e par M. C\u00e9dricTROUBOUL Directeur G\u00e9n\u00e9ral de la SAS \u00ab LA SOCI\u00c9T\u00c9 DU CR\u00c9MATORIUM DE NIMES \u00bb,sise \u00e0 Nimes (30000) 490 rue Max Chabaud \u2014 n\u00b0 SIRET 938 651 833 00023 :Vu l'extrait Kbis du registre du commerce et des soci\u00e9t\u00e9s \u00e0 jour \u00e0 la date du : 7 mai 2025;Consid\u00e9rant que les conditions requises par la r\u00e9glementation pour obtenir unepremi\u00e8re habilitation de 5 ans sont remplies ;Consid\u00e9rant que la demande d'habilitation est constitu\u00e9e conform\u00e9ment \u00e0 lar\u00e9glementation en vigueur ;sur proposition du sous-pr\u00e9fet d'Al\u00e9s ;\nArr\u00eateArticle 1\u00b0: La SAS \u00abLA SOCI\u00c9T\u00c9 DU CREMATORIUM DE NIMES \u00bb, sise \u00e0 N\u00eemes(30000) 490 rue Max Chabaud \u2014 n\u00b0 SIRET 938 651 833 00023, dirig\u00e9e parM. C\u00e9dric TROUBOUL, est habilit\u00e9e, pour exercer sur l'ensemble duterritoire national, l'activit\u00e9 fun\u00e9raire suivante :- gestion d'un cr\u00e9matorium ;- fourniture de personnel, objets et prestations n\u00e9cessaires aux obs\u00e8ques,inhumations, exhumations et cr\u00e9mations.\nSOUS-PREFECTURE d'AL\u00c8S \u2014 3 boulevard Louis Blanc \u2014 - 30100 ALES \u2014 T\u00e9l.: 04.66.56.39.39 \u2014 www.gard.gouv.fr\nSous Pr\u00e9fecture d'Al\u00e8s - 30-2025-06-30-00013 - Arr\u00eat\u00e9 de cr\u00e9ation habilitation n\u00b025-06-49 du 30-06-2025 Cr\u00e9matorium N\u00eemes 99\nArticle 2: Le num\u00e9ro de l'habilitation est : 25-30-0274 .\nArticle 3: La date de validit\u00e9 de la pr\u00e9sente habilitation est fix\u00e9e pour une dur\u00e9e de5 ans soit jusqu'au 01/07/2030.\nArticle 4: La pr\u00e9sente habilitation peut \u00eatre retir\u00e9e ou suspendue pour une ouplusieurs activit\u00e9s pour l'un des motifs pr\u00e9vus par l'article L.2223-25 ducode g\u00e9n\u00e9ral des collectivit\u00e9s territoriales.\nArticle 5: Le sous-pr\u00e9fet d'Al\u00e8s, est charg\u00e9 de l'ex\u00e9cution du pr\u00e9sent arr\u00eat\u00e9 dont unexemplaire est notifi\u00e9 \u00e0 l'int\u00e9ress\u00e9 et ins\u00e9r\u00e9 au recueil des actesadministratifs de la pr\u00e9fecture du Gard (RAA).\nAl\u00e8s le 30 juin 2025\nN\u00b0 d'insertion au RAA\nVoies et d\u00e9lais de recours :La pr\u00e9sente d\u00e9cision peut faire l'objet d'un recours administratif aupr\u00e8s de l'autorit\u00e9 qui l'a d\u00e9livr\u00e9e ou aupr\u00e8s dutribunal administratif de Nimes, dans un d\u00e9lai de deux mois \u00e0 compter de sa notification pour l'int\u00e9ress\u00e9 et de sapublication pour les tiers.\nSOUS-PREFECTURE d'ALES - 3, boulevard Louis Blanc \u2014 30100 ALES -\u2014 T\u00e9l.: 04.66.56.39.39 \u2014 www.gard.gouv.fr\nSous Pr\u00e9fecture d'Al\u00e8s - 30-2025-06-30-00013 - Arr\u00eat\u00e9 de cr\u00e9ation habilitation n\u00b025-06-49 du 30-06-2025 Cr\u00e9matorium N\u00eemes 100\nSous Pr\u00e9fecture d'Al\u00e8s\n30-2025-06-26-00004\nArr\u00eat\u00e9 de cr\u00e9ation habilitation pour 5 ans\nn\u00b025-06-33 du 26-06-2025 PF ARNAL La Grand\nCombe\nSous Pr\u00e9fecture d'Al\u00e8s - 30-2025-06-26-00004 - Arr\u00eat\u00e9 de cr\u00e9ation habilitation pour 5 ans n\u00b025-06-33 du 26-06-2025 PF ARNAL La\nGrand Combe 101\nPREFET Sous-pr\u00e9fecture d'Al\u00e8sDU GARD Bureau de la r\u00e9glementation fun\u00e9raire et des associationsLibert\u00e9 Service d\u00e9partemental du fun\u00e9raire\u00c9galit\u00e9Fraternit\u00e9\nArr\u00eat\u00e9 n\u00b0 25-06-33portant cr\u00e9ation d'habilitation dans le domaine fun\u00e9raireLe pr\u00e9fet du Gard,Chevalier de la l\u00e9gion d'honneur,Chevalier de l'ordre national du M\u00e9rite,\nVu le code g\u00e9n\u00e9ral des collectivit\u00e9s territoriales, notamment les articles L. 2223-19 et suivants;Vu l'arr\u00eat\u00e9 pr\u00e9fectoral n\u00b0 30-2024-10-18-00007 du 18 octobre 2024 donnant d\u00e9l\u00e9gation designature a Monsieur Emile SOUMBO, sous-pr\u00e9fet de l'arrondissement d'Al\u00e8s ;Vu la demande de cr\u00e9ation d'habilitation d\u00e9pos\u00e9e le 06 juin 2025 par M. Christophe SCAFIdirecteur ex\u00e9cutif Adjoint du p\u00f4le Occitanie \u00e0 la Sasu FUNECAP SUD EST, dont le si\u00e8ge se situerue du Souvenir Fran\u00e7ais, quartier Saint Roch \u00e0 Cuers (83390) pour son \u00e9tablissementsecondaire \u00e0 l'enseigne \u00ab ARNAL POMPES FUNEBRES \u00bb situ\u00e9 chemin des Ailantes \u00e0 La Grand-Combe (30110) SIRET n\u00b0302 077 169 03039 ;Vu l'extrait Kbis de la soci\u00e9t\u00e9, \u00e0 jour en date du 22 mai 2025;Consid\u00e9rant que, tout changement de SIRET emporte la fermeture d'un \u00e9tablissement et la cr\u00e9ationd'un nouvel \u00e9tablissement avec une nouvelle habilitation ;Consid\u00e9rant que les conditions requises par la r\u00e9glementation pour obtenir une premi\u00e8rehabilitation de 5 ans sont remplies ;Consid\u00e9rant que la demande d'habilitation et le dossier sont constitu\u00e9s conform\u00e9ment \u00e0 lar\u00e9glementation en vigueur ;sur proposition du sous-pr\u00e9fet d'Al\u00e8s ; ARR\u00caTEArticle ler: La Sasu Funecap Sud Est, pour son \u00e9tablissement secondaire \u00e0 l'enseigne\u00ab ARNAL POMPES FUNEBRES \u00bb situ\u00e9 chemin des Ailantes \u00e0 La Grand-Combe(30110) SIRET n\u00b0302 077 169 03039 dirig\u00e9e par M. Christophe SCAFI directeurex\u00e9cutif Adjoint du p\u00f4le Occitanie, est habilit\u00e9e pour exercer sur l'ensemble duterritoire national, les activit\u00e9s fun\u00e9raires suivantes :- transport de corps avant et apr\u00e8s mise en bi\u00e8re,- organisation des obs\u00e8ques,- soins de conservation (activit\u00e9 sous-trait\u00e9e),- fourniture des housses, des cercueils et de leurs accessoires int\u00e9rieurs et ext\u00e9rieursainsi que des urnes cin\u00e9raires,- gestion et utilisation d'une chambre fun\u00e9raire,- fourniture de corbillards et de voitures de deuils,- fourniture de personnel, objets et prestations n\u00e9cessaires aux obs\u00e8ques,inhumations, exhumations et cr\u00e9mations.\nSOUS-PREFECTURE d'ALES - 3, boulevard Louis Blanc \u2014 30100 ALES -\u2014 T\u00e9l.: 04.66.56.39.39 \u2014 www.gard.gouv.fr\nSous Pr\u00e9fecture d'Al\u00e8s - 30-2025-06-26-00004 - Arr\u00eat\u00e9 de cr\u00e9ation habilitation pour 5 ans n\u00b025-06-33 du 26-06-2025 PF ARNAL La\nGrand Combe 102\nArticle 2: L'op\u00e9rateur fun\u00e9raire d\u00e9clare, dans le cadre d'un contrat de sous-traitance,confier les prestations fun\u00e9raires suivantes :-- soins de conservation\u00e0 l'entreprise habilit\u00e9e \u00ab MISSTHANATO \u00bb sise \u00e0 Al\u00e8s (30100), dirig\u00e9e parMesdames Christelle CORBIER et Salom\u00e9 MENGUS.Article 3: Les prestations de transport de corps apr\u00e8s mise en bi\u00e8re se font au moyen duv\u00e9hicule immatricul\u00e9 : EE-730-MDLes prestations de transport de corps avant et apr\u00e8s mise en bi\u00e8re se font aumoyen des v\u00e9hicules immatricul\u00e9s :FR-805-RB et EE-731-MDArticle 4: Le num\u00e9ro d'habilitation est : 25-30-0276Article5: La date de validit\u00e9 de la pr\u00e9sente habilitation est fix\u00e9e au : 01/05/2030.Article 6: La pr\u00e9sente habilitation peut \u00eatre retir\u00e9e ou suspendue pour une ou plusieursactivit\u00e9s pour l'un des motifs pr\u00e9vus par l'article L.2223-25 du code g\u00e9n\u00e9ral descollectivit\u00e9s territoriales.Article 7: Le sous-pr\u00e9fet d'Al\u00e9s est charg\u00e9 de l'ex\u00e9cution du pr\u00e9sent arr\u00eat\u00e9 dont unexemplaire est notifi\u00e9 \u00e0 l'int\u00e9ress\u00e9 et ins\u00e9r\u00e9 au recueil des actes administratifs(RAA) de la pr\u00e9fecture du Gard.\nAl\u00e8s le 26 juin 2025\nN\u00b0 d'insertion au RAA :\nVoies et d\u00e9lais de recours :La pr\u00e9sente d\u00e9cision peut faire l'objet d'un recours administratif aupr\u00e8s de l'autorit\u00e9 qui l'a d\u00e9livr\u00e9e ou aupr\u00e8s dutribunal administratif de Nimes, dans un d\u00e9lai de deux mois \u00e0 compter de sa notification pour l'int\u00e9ress\u00e9 et de sapublication pour les tiers.\nSOUS-PREFECTURE d'ALES - 3, boulevard Louis Blanc \u2014 30100 ALES \u2014 T\u00e9l.: 04.66.56.39.39 \u2014 www.gard.gouv.fr\nSous Pr\u00e9fecture d'Al\u00e8s - 30-2025-06-26-00004 - Arr\u00eat\u00e9 de cr\u00e9ation habilitation pour 5 ans n\u00b025-06-33 du 26-06-2025 PF ARNAL La\nGrand Combe 103\nSous Pr\u00e9fecture d'Al\u00e8s\n30-2025-06-26-00003\nArr\u00eat\u00e9 de cr\u00e9ation habilitation pour 5 ans\nn\u00b025-06-34 du 26-06-2025 PF ARNAL Saint\nChristol\nSous Pr\u00e9fecture d'Al\u00e8s - 30-2025-06-26-00003 - Arr\u00eat\u00e9 de cr\u00e9ation habilitation pour 5 ans n\u00b025-06-34 du 26-06-2025 PF ARNAL Saint\nChristol 104\nPREFET Sous-pr\u00e9fecture d'Al\u00e8sDU GARD Bureau de la r\u00e9glementation fun\u00e9raire et des associationsLibert\u00e9 Service d\u00e9partemental du fun\u00e9raire\u00c9galit\u00e9Fraternit\u00e9\nArr\u00eat\u00e9 n\u00b0 25-06-34portant cr\u00e9ation d'habilitation dans le domaine fun\u00e9raireLe pr\u00e9fet du Gard,Chevalier de la l\u00e9gion d'honneur,Chevalier de l'ordre national du M\u00e9rite,\nVu le code g\u00e9n\u00e9ral des collectivit\u00e9s territoriales, notamment les articles L. 2223-19 et suivants:Vu l'arr\u00eat\u00e9 pr\u00e9fectoral n\u00b0 30-2024-10-18-00007 du 18 octobre 2024 donnant d\u00e9l\u00e9gation designature a Monsieur Emile SOUMBO, sous-pr\u00e9fet de l'arrondissement d'Al\u00e8s ;Vu la demande de cr\u00e9ation d'habilitation d\u00e9pos\u00e9e le 06 juin 2025 par M. Christophe SCAFIdirecteur ex\u00e9cutif Adjoint du p\u00f4le Occitanie \u00e0 la Sasu FUNECAP SUD EST, dont le si\u00e8ge se situerue du Souvenir Fran\u00e7ais, quartier Saint Roch \u00e0 Cuers (83390) pour son \u00e9tablissementsecondaire \u00e0 l'enseigne \u00ab ARNAL POMPES FUNEBRES \u00bb situ\u00e9 60 avenue Charles de Gaulle aSaint-Christol-l\u00e8s-Al\u00e8s (30380) SIRET n\u00b0302 077 169 03021;Vu l'extrait Kbis de la soci\u00e9t\u00e9, \u00e0 jour en date du 22 mai 2025;Consid\u00e9rant que, tout changement de SIRET emporte la fermeture d'un \u00e9tablissement et la cr\u00e9ationd'un nouvel \u00e9tablissement avec une nouvelle habilitation ;Consid\u00e9rant que les conditions requises par la r\u00e9glementation pour obtenir une premi\u00e8rehabilitation de 5 ans sont remplies ;Consid\u00e9rant que la demande d'habilitation et le dossier sont constitu\u00e9s conform\u00e9ment \u00e0 lar\u00e9glementation en vigueur ;sur proposition du sous-pr\u00e9fet d'Al\u00e8s ; ARR\u00caTEArticle ler: La Sasu Funecap Sud Est, pour son \u00e9tablissement secondaire \u00e0 l'enseigne\u00ab ARNAL POMPES FUNEBRES \u00bb situ\u00e9 60 avenue Charles de Gaulle \u00e0 Saint-Christol-l\u00e9s-Al\u00e9s (30380) SIRET n\u00b0302 077 169 03021 dirig\u00e9e par M. ChristopheSCAFI directeur ex\u00e9cutif Adjoint du p\u00f4le Occitanie, est habilit\u00e9e pour exercer surl'ensemble du territoire national, les activit\u00e9s fun\u00e9raires suivantes :- transport de corps avant et apr\u00e8s mise en bi\u00e8re,- organisation des obs\u00e8ques,- soins de conservation (activit\u00e9 sous-trait\u00e9e),- fourniture des housses, des cercueils et de leurs accessoires int\u00e9rieurs et ext\u00e9rieursainsi que des urnes cin\u00e9raires,- fourniture de corbillards et de voitures de deuils,- fourniture de personnel, objets et prestations n\u00e9cessaires aux obs\u00e8ques,inhumations, exhumations et cr\u00e9mations.\nSOUS-PREFECTURE d'ALES - 3, boulevard Louis Blanc \u2014 30100 ALES - T\u00e9l.: 04.66.56.39.39 \u2014 www.gard.gouv.fr\nSous Pr\u00e9fecture d'Al\u00e8s - 30-2025-06-26-00003 - Arr\u00eat\u00e9 de cr\u00e9ation habilitation pour 5 ans n\u00b025-06-34 du 26-06-2025 PF ARNAL Saint\nChristol 105\nArticle 2: L'op\u00e9rateur fun\u00e9raire d\u00e9clare, dans le cadre d'un contrat de sous-traitance,confier les prestations fun\u00e9raires suivantes :-- soins de conservationa l'entreprise habilit\u00e9e \u00ab MISSTHANATO \u00bb sise \u00e0 Al\u00e8s (30100), dirig\u00e9e parMesdames Christelle CORBIER et Salom\u00e9 MENGUS.Article 3: Les prestations de transport de corps apr\u00e8s mise en bi\u00e8re se font au moyen duv\u00e9hicule immatricul\u00e9 : EE-730-MDLes prestations de transport de corps avant et apr\u00e9s mise en bi\u00e9re se font aumoyen des v\u00e9hicules immatricul\u00e9s :FR-805-RB et EE-731-MDArticle 4: Le num\u00e9ro d'habilitation est : 25-30-0275Article 5: La date de validit\u00e9 de la pr\u00e9sente habilitation est fix\u00e9e au : 01/05/2030.Article6: La pr\u00e9sente habilitation peut \u00eatre retir\u00e9e ou suspendue pour une ou plusieursactivit\u00e9s pour l'un des motifs pr\u00e9vus par l'article L.2223-25 du code g\u00e9n\u00e9ral descollectivit\u00e9s territoriales.Article 7: Le sous-pr\u00e9fet d'Al\u00e9s est charg\u00e9 de l'ex\u00e9cution du pr\u00e9sent arr\u00eat\u00e9 dont unexemplaire est notifi\u00e9 \u00e0 l'int\u00e9ress\u00e9 et ins\u00e9r\u00e9 au recueil des actes administratifs(RAA) de la pr\u00e9fecture du Gard.\nAl\u00e8s le 26 juin 2025\nN\u00b0 d'insertion au RAA :\nVoies et d\u00e9lais de recours :La pr\u00e9sente d\u00e9cision peut faire l'objet d'un recours administratif aupr\u00e8s de l'autorit\u00e9 qui l'a d\u00e9livr\u00e9e ou aupr\u00e8s dutribunal administratif de Nimes, dans un d\u00e9lai de deux mois \u00e0 compter de sa notification pour l'int\u00e9ress\u00e9 et de sapublication pour les tiers.\nSOUS-PREFECTURE d'ALES - 3, boulevard Louis Blanc \u2014 30100 ALES -\u2014 T\u00e9l.: 04.66.56.39.39 \u2014 www.gard.gouv.fr\nSous Pr\u00e9fecture d'Al\u00e8s - 30-2025-06-26-00003 - Arr\u00eat\u00e9 de cr\u00e9ation habilitation pour 5 ans n\u00b025-06-34 du 26-06-2025 PF ARNAL Saint\nChristol 106\nSous Pr\u00e9fecture d'Al\u00e8s\n30-2025-07-03-00004\nArr\u00eat\u00e9 de renouvellement habilitation n\u00b025-07-01\ndu 03-07-25 pour 5 ans MARTINEZ Carole\nSous Pr\u00e9fecture d'Al\u00e8s - 30-2025-07-03-00004 - Arr\u00eat\u00e9 de renouvellement habilitation n\u00b025-07-01 du 03-07-25 pour 5 ans MARTINEZ\nCarole 107\nPREFET Sous-prefecture d'AlesDU GARD Bureau de la r\u00e9glementation Fun\u00e9raire et des associationsLibert\u00e9 Service d\u00e9partemental du fun\u00e9raireEgalit\u00e9Fraternit\u00e9\nArr\u00eat\u00e9 n\u00b0 25-07-01portant renouvellement d'habilitation dans le domaine fun\u00e9raire pour une dur\u00e9e de 5 ansLe pr\u00e9fet du Gard,Chevalier de la l\u00e9gion d'honneur,Chevalier de l'ordre national du M\u00e9rite,\nVule code g\u00e9n\u00e9ral des collectivit\u00e9s territoriales, notamment les articles L. 2223-19 etsuivants;Vu l'arr\u00eat\u00e9 pr\u00e9fectoral n\u00b0 30-2024-10-18-00007 du 18 octobre 2024 donnant d\u00e9l\u00e9gationde signature \u00e0 Monsieur Emile SOUMBO, sous-pr\u00e9fet de l'arrondissement d'Al\u00e8s ;Vu l'arr\u00eat\u00e9 pr\u00e9fectoral n\u00b0 19-07-42 en date du 18/07/2019 portant renouvellementd'habilitation dans le domaine fun\u00e9raire pour une dur\u00e9e de 6 ans sous le n\u00b0 19-30-0136, \u00e0l'entreprise individuelle \u00e0 l'enseigne \u00ab MARTINEZ Carole \u00bb, situ\u00e9e 7, rue du Lavoir, Hameau deCombe, 30200 Sabran - SIRET n\u00b0 823 212 212 00026 ;Vu la demande de renouvellement d'habilitation dans le domaine fun\u00e9raire formul\u00e9e parMme Carole Martinez, dirigeante de l'entreprise sus-mentionn\u00e9e ;Vu l'extrait Kbis de la soci\u00e9t\u00e9, \u00e0 jour en date du 18/04/2025 ;Consid\u00e9rant que l'habilitation n\u00b0 19-30-0136 arrive \u00e0 \u00e9ch\u00e9ance \u00e0 la date du 18/07/2025 ;Consid\u00e9rant que la demande de renouvellement d'habilitation est constitu\u00e9e conform\u00e9-ment \u00e0 la r\u00e9glementation en vigueur ;Sur proposition du sous-pr\u00e9fet d'Al\u00e8s ;\nARR\u00caTEArticle 1\u00b0': L'entreprise individuelle \u00e0 l'enseigne \u00ab MARTINEZ Carole \u00bb, situ\u00e9e 7, rue duLavoir, Hameau de Combe, 30200 Sabran - SIRET n\u00b0 823 212 212 00026,dirig\u00e9e par Mme Carole Martinez, est habilit\u00e9e pour exercer sur l'ensemble duterritoire national, les activit\u00e9s fun\u00e9raires suivantes :- transport de corps avant et apr\u00e8s mise en bi\u00e8re,- organisation des obs\u00e8ques,- fourniture des housses, des cercueils et de leurs accessoires int\u00e9rieurs etext\u00e9rieurs ainsi que des urnes cin\u00e9raires,- fourniture de personnel, objets et prestations n\u00e9cessaires aux obs\u00e8ques,inhumations, exhumations et cr\u00e9mations.\nSOUS-PREFECTURE d'AL\u00c8S \u2014 3 boulevard Louis Blanc \u2014 - 30100 ALES \u2014 T\u00e9l.: 04.66.56.39.39 \u2014 www.gard.gouv fr\nSous Pr\u00e9fecture d'Al\u00e8s - 30-2025-07-03-00004 - Arr\u00eat\u00e9 de renouvellement habilitation n\u00b025-07-01 du 03-07-25 pour 5 ans MARTINEZ\nCarole 108\nArticle 2: Le num\u00e9ro d'habilitation est: 25-30-0136.Article3: La dur\u00e9e de la pr\u00e9sente habilitation est fix\u00e9e pour une dur\u00e9e de 5 ans, soitjusqu'au : 19/07/2030.Article 4: La pr\u00e9sente habilitation peut \u00eatre retir\u00e9e ou suspendue pour une ou plusieursactivit\u00e9s pour l'un des motifs pr\u00e9vus par l'article L.2223-25 du code g\u00e9n\u00e9raldes collectivit\u00e9s territoriales.Article 5: Le sous-pr\u00e9fet d'Al\u00e9s est charg\u00e9 de l'ex\u00e9cution du pr\u00e9sent arr\u00eat\u00e9 dont unexemplaire est notifi\u00e9 \u00e0 l'int\u00e9ress\u00e9 et ins\u00e9r\u00e9 au recueil des actesadministratifs (RAA) de la pr\u00e9fecture du Gard.\nAl\u00e8s le 03 juillet 2025\nLe sousgor\u00e9fet\u2014_ne\nEmileSOUMBO\nN\u00b0 d'insertion au RAA :\nVoies et d\u00e9lais de recours :La pr\u00e9sente d\u00e9cision peut faire l'objet d'un recours administratif aupr\u00e8s de l'autorit\u00e9 qui l'a d\u00e9livr\u00e9e ou aupr\u00e8s dutribunal administratif de Nimes, dans un d\u00e9lai de deux mois \u00e0 compter de sa notification pour l'int\u00e9ress\u00e9 et de sapublication pour les tiers.\nSOUS-PREFECTURE d'AL\u00c8S \u2014 3 boulevard Louis Blanc \u2014 - 30100 ALES \u2014 T\u00e9l.: 04.66.56.39.39 \u2014 www.gard.gouv.fr\nSous Pr\u00e9fecture d'Al\u00e8s - 30-2025-07-03-00004 - Arr\u00eat\u00e9 de renouvellement habilitation n\u00b025-07-01 du 03-07-25 pour 5 ans MARTINEZ\nCarole 109\nSous Pr\u00e9fecture d'Al\u00e8s\n30-2025-06-26-00005\nArr\u00eat\u00e9 de retrait habilitation n\u00b025-06-35\ndu26-06-25 PF ARNAL \nSous Pr\u00e9fecture d'Al\u00e8s - 30-2025-06-26-00005 - Arr\u00eat\u00e9 de retrait habilitation n\u00b025-06-35 du26-06-25 PF ARNAL 110\nSous-pr\u00e9fecture d'Al\u00e8sE 3 Bureau de la r\u00e9glementation fun\u00e9raire et des associationsPREFET Service d\u00e9partemental du fun\u00e9raireDU GARDLibert\u00e9Egalit\u00e9Fraternit\u00e9\nArr\u00eat\u00e9 n\u00b0 25-06-35Portant retrait d'habilitation \u00e0 une entreprise fun\u00e9raireLe pr\u00e9fet du GardChevalier de la L\u00e9gion d'honneur,Chevalier de l'ordre national du M\u00e9rite\nVu le code g\u00e9n\u00e9ral des collectivit\u00e9s territoriales (CGCT), notamment les articles :- L.2223-19 relatif \u00e0 la mission de service public des pompes fun\u00e8bres ;- L.2223-23 relatif aux conditions d'habilitation pour exercer cette mission ;- L.2323-25 relatif \u00e0 la suspension ou au retrait de l'habilitation fun\u00e9raire ;- L.2223-35 relatif aux sanctions p\u00e9nales ;Vu l'arr\u00eat\u00e9 pr\u00e9fectoral n\u00b030-2024-10-18-00007 du 18 octobre 2024 donnant d\u00e9l\u00e9gation designature \u00e0 Monsieur \u00c9mile SOUMBO, sous-pr\u00e9fet de l'arrondissement d'Al\u00e8s ;Vu l'arr\u00eat\u00e9 pr\u00e9fectoral n\u00b0 24-05-38 du 24 mai 2024, portant habilitation dans le domainefun\u00e9raire pour une dur\u00e9e de 5 ans sous le n\u00b0 24-30-0004, \u00e0 la Sarl ARNAL POMPESFUNEBRES, pour son \u00e9tablissement situ\u00e9 \u00e0 La Grand-Combe (30110), chemin des Ailantes,SIRET n\u00b0814 874 384 00073 ;Consid\u00e9rant que, suite au rachat de l'entreprise par FUNECAP SUD EST, il ressort que lasoci\u00e9t\u00e9 sus-nomm\u00e9e, est radi\u00e9 depuis le 13 mai 2025 et a cess\u00e9 toute activit\u00e9 de pompesfun\u00e8bres ;Consid\u00e9rant que les activit\u00e9s au titre desquelles l'habilitation en question a \u00e9t\u00e9 d\u00e9livr\u00e9e,ne sont plus exerc\u00e9es par la Sarl ARNAL POMPES FUNEBRES - SIRET n\u00b0814 874 384 00013,l'habilitation actuellement en cours doit \u00eatre abrog\u00e9e ;\nARR\u00caTE :Article 1\u00b0 :L'habilitation fun\u00e9raire d\u00e9livr\u00e9e le n\u00b0 24-30-0004, pour une dur\u00e9e de 5 ans, soit jusqu'au19/05/2029, \u00e0 la Sarl ARNAL POMPES FUNEBRES, pour son \u00e9tablissement situ\u00e9 \u00e0 La Grand-Combe (30110), chemin des Ailantes, SIRET n\u00b0814 874 384 00013, dirig\u00e9 par M. Loic ARNAL,est retir\u00e9e et abrog\u00e9e.\nSous-Pr\u00e9fecture d'Al\u00e8s -3, boulevard Louis Blanc - 30100 ALES - t\u00e9l\u00e9phone : 04.66.56.39.39 -www.gard.gouv.fr1/2\nSous Pr\u00e9fecture d'Al\u00e8s - 30-2025-06-26-00005 - Arr\u00eat\u00e9 de retrait habilitation n\u00b025-06-35 du26-06-25 PF ARNAL 111\nArticle 2:Cet \u00e9tablissement n'est plus autoris\u00e9 \u00e0 exercer les activit\u00e9s fun\u00e9raires suivantes :- transport de corps avant et apr\u00e8s mise en bi\u00e8re,- organisation des obs\u00e8ques,- fourniture des housses, des cercueils et de leurs accessoires int\u00e9rieurs et ext\u00e9rieurs ainsique des urnes cin\u00e9raires,- gestion d'une chambre fun\u00e9raire,- fourniture de corbillards et de voitures de deuils,- fourniture de personnel, objets et prestations n\u00e9cessaires aux obs\u00e8ques, inhumations,exhumations et cr\u00e9mations.\u00e0 compter de la date de notification de l'arr\u00eat\u00e9 au dirigeant de la soci\u00e9t\u00e9, et ce, surl'ensemble du territoire national.Article 3 :Le fait de diriger en droit ou en fait un \u00e9tablissement fun\u00e9raire sans habilitation est punid'une amende de 75 000 \u20ac. Les personnes physiques, coupables de cette infraction,encourent \u00e9galement les peines compl\u00e9mentaires pr\u00e9vues par le code p\u00e9nal (interdictiondes droits civiques, civils et de famille, interdiction d'exercer l'activit\u00e9 fun\u00e9raire pour unedur\u00e9e de cinq ans au plus, affichage ou diffusion de la d\u00e9cision prononc\u00e9e).Article 4 :Le sous-pr\u00e9fet d'Al\u00e9s est charg\u00e9 de l'ex\u00e9cution du pr\u00e9sent arr\u00eat\u00e9 qui sera notifi\u00e9 \u00e0l'int\u00e9ress\u00e9 et ins\u00e9r\u00e9 au recueil des actes administratifs de la pr\u00e9fecture du Gard (RAA).\nAl\u00e8s, le 26 juin 2025\nn\u00b0 d'insertion au RAA :\nVoies et d\u00e9lais de recours :La pr\u00e9sente d\u00e9cision peut faire l'objet d'un recours administratif aupr\u00e8s de l'autorit\u00e9 qui l'a d\u00e9livr\u00e9e ou aupr\u00e8s dutribunal administratif de N\u00eemes dans un d\u00e9lai de deux mois \u00e0 compter de sa notification pour l'int\u00e9ress\u00e9 et de sapublication pour les tiers.Sous-Pr\u00e9fecture d'Al\u00e9s -3, boulevard Louis Blanc \u2014 30100 ALES - t\u00e9l\u00e9phone : 04.66.56.39.39 -www.gard.gouv.fr2/2\nSous Pr\u00e9fecture d'Al\u00e8s - 30-2025-06-26-00005 - Arr\u00eat\u00e9 de retrait habilitation n\u00b025-06-35 du26-06-25 PF ARNAL 112","date":"2025-07-04","first_seen_on":"2025-07-04T16:18:09+00:00","id":"4888712815c69eb74188a997978da69fb7e1da4a3eef09bb802ce0ea1c4e3268","name":"recueil-30-2025-118-special du 04 07 2025","pdf_creation_date":"2025-07-04T14:55:45+00:00","pdf_modification_date":null,"timezone":"Europe/Paris","url":"https://www.gard.gouv.fr/contenu/telechargement/64158/473802/file/recueil-30-2025-118-special%20du%2004%2007%202025.pdf"}
