{"administration":"pref83","administration_name":"Pr\u00e9fecture du Var","content":"RECUEIL\nDES ACTES\nADMINISTRATIFS\nDE LA\nPR\u00c9FECTURE\nDU VAR\nNum\u00e9ro 21 \nPubli\u00e9 le 31 janvier 2024\nBOULEVARD DU 112EME REGIMENT D'INFANTERIE \u2013 83070 TOULON CEDEX \u2013 TEL 04.94.18.83.83 TELECOPIE 04.94.18.82.83\nRECUEIL DES ACTES ADMINISTRATIFS\nDE LA PR\u00c9FECTURE DU VAR \nSOMMAIRE N\u00b021 publi\u00e9 le   31 janvier 2024  \nDIRECTION DE LA COORDINATION DES POLITIQUES PUBLIQUES ET DE\nL'APPUI TERRITORIAL\n-  Arr\u00eat\u00e9  pr\u00e9fectoral  n\u00b02024/02/MCI  du  29  janvier  2024  portant  d\u00e9l\u00e9gation  de\nsignature Mme Sandra JOIGNEAU et Mme Odile REBOUL, charg\u00e9es de l'int\u00e9rim des\nfonctions de chez de l'Unit\u00e9 d\u00e9partementale de l'architecture et du patrimoine du\nVar de la Direction r\u00e9gionale des affaires culturelles de Provence-Alpes-C\u00f4te d'Azur.\nDIRECTION DES S\u00c9CURIT\u00c9S\n- Arr\u00eat\u00e9 pr\u00e9fectoral n\u00b02024-10 du 29 janvier 2024 portant renouvellement \nd'agr\u00e9ment d'un \u00e9tablissement d'enseignement de la conduite des v\u00e9hicules \u00e0\nmoteur et de la s\u00e9curit\u00e9 routi\u00e8re.\nCONSEIL D\u00c9PARTEMENTAL DE L'ACC\u00c8S AU DROIT\n- D\u00e9cision d'approbation du renouvellement de la convention constitutive du \nconseil d\u00e9partemental de l'acc\u00e8s au droit du Var.\nBOULEVARD DU 112EME REGIMENT D'INFANTERIE \u2013 83070 TOULON CEDEX \u2013 TEL 04.94.18.83.83 TELECOPIE 04.94.18.82.83\nPREFET  : . Direction  de la coordination\nDU  VAR  des  politiques  publiques\nLiert . , __ et de lappui  territorial\nFraternit\u00e9  Mission  de coordination  interminist\u00e9rielle\nARR\u00caT\u00c9  PREFECTORAL  n\u00b0 2024/02/MC1  du 2 9 JAN, 2024\nportant  d\u00e9l\u00e9gation  de signature  \u00e0 Mme  Sandra  JOIGNEAU  et Mme  Odile  REBOUL,\ncharg\u00e9es  de l'int\u00e9rim  des  fonctions  de chef  de l'Unit\u00e9  d\u00e9partementale\nde l'architecture  et du patrimoine  du Var\nde la Direction  r\u00e9gionale  des  affaires  culturelles  de Provence-Alpes-C\u00f4te  d'Azur\nLe Pr\u00e9fet  du Var,\nOfficier  de la L\u00e9gion  d'Honneur,\nVu le Code  de' l'Urbanisme  ;\nVu le Code  de la Construction  et de l'habitation\nVu le Code  du Patrimoine  ;\nVu le Code  de l'Environnement  ;\nVu la loi n\u00b0 82-213  du 2 mars  1982  modifi\u00e9e  relative  aux  droits  et libert\u00e9s  des  comfnunes,  des\nd\u00e9partements  et des  r\u00e9gions  ;\nVu la loi n\u00b0 83-8  du 7 janvier  1983  relative  \u00e0 la r\u00e9partition  des  comp\u00e9tences  entre  les\ncommunes,  les d\u00e9partements,  les r\u00e9gions  de l'Etat,  modifi\u00e9e,  compl\u00e9t\u00e9e  par  la loi n\u00b083-663  du\n22 juillet  1983  modifi\u00e9e  et compl\u00e9t\u00e9e  par  la loi n\u00b0 85-97  du 25 janvier  1985  ;\nVu le d\u00e9cret  n\u00b0 2004-374  du 29 avril  2004  modifi\u00e9  relatif  aux pouvoirs  des pr\u00e9fets,  \u00e0\nI'organisation  et \u00e0 l'action  des  services  de l'Etat  dans  les r\u00e9gions  et les d\u00e9partements  ;\nVU le d\u00e9cret  n\u00b0 2010-633  du 8 juin  2010  relatif  \u00e0 l'organisation  et aux  missions  des  directions\nr\u00e9gionales  des  affaires  culturelles  ;\nVu le d\u00e9cret  du Pr\u00e9sident  de la R\u00e9publique  du 15 avril  2022  portant  nomination  de M. Lucien\nGIUDICELLI,  secr\u00e9taire  g\u00e9n\u00e9ral  de la pr\u00e9fecture  du Var  ;\nVu le d\u00e9cret  du Pr\u00e9sident  de la R\u00e9publique  du 13 juillet  2023  portant  nomination  de\nM. Philippe  MAHE,  pr\u00e9fet  du Var  ;\n1/3\n\nVu l'arr\u00eat\u00e9  de la ministre  de la culture  du 4 janvier  2021  portant  nomination  de Mme\nB\u00e9n\u00e9dicte  LEFEUVRE,  directrice  r\u00e9gionale  des  affaires  culturelles  de la r\u00e9gion  Provence-Alpes-\nC\u00f4te  d'Azur  ;\nVu l'arr\u00eat\u00e9  pr\u00e9fectoral  n\u00b0 2023/69/MCI  du 21 ao\u00fbt  2023  portant  d\u00e9l\u00e9gation  de signature  \u00e0\nMme  Ang\u00e9lique  RAJAONAH  , responsable  de l'Unit\u00e9  d\u00e9partementale  de l'architecture  et du\n. patrimoine  du Var  de la Direction  r\u00e9gionale  des  affaires  culturelles  de Provence-Alpes-C\u00f4te\nd'Azur  ;\nVu les d\u00e9cisions  de la ministre  de la Culture  en date  du 28 d\u00e9cembre  2023  confiant  I'int\u00e9rim\ndes  fonctions  de chef  de l'unit\u00e9  d\u00e9partementale  de l'architecture  et du patrimoine  du Var\nrespectivement  \u00e0 Mme  Odile  JOIGNEAU  durant  la p\u00e9riode  du 01/01/2024  au 16/02/2024  et \u00e0\nMme  Odile  REBOUL  durant  la p\u00e9riode  du 17/02/2024  au 31/03/2024;\nSur  proposition  du secr\u00e9taire  g\u00e9n\u00e9ral  de la pr\u00e9fecture  du Var  ;\nARRETE\nARTICLE  1. D\u00e9l\u00e9gation  de signature  est donn\u00e9e  respectivement  \u00e0 Mme  Sandra  JOIGNEAU,\narchitecte  des  b\u00e2timents  de France  et adjointe,  charg\u00e9e  d'assurer  l'int\u00e9rim  de la responsable\nde I'Unit\u00e9  d\u00e9partementale  de larchitecture  et du patrimoine  du Var,  durant  la p\u00e9riode  du 1\u00b0\"\njanvier  au 16 f\u00e9vrier  2024,  et \u00e0 Mme  Odile  REBOUL,  architecte  des  b\u00e2timents  de France  et\nadjointe,  charg\u00e9e  d'assurer  l'int\u00e9rim  de la responsable  de l'Unit\u00e9  d\u00e9partementale  de\nl'architecture  et du patrimoine  du Var,  durant  la p\u00e9riode  du 17 f\u00e9vrier  au 31 mars  2024,  \u00e0\nl'effet  de signer  dans  le cadre  de leurs  attributions  et comp\u00e9tences  les actes  et d\u00e9cisions\nsuivants  :\nMonuments  historiques  - Immeubles\nD\u00e9cision  d'autorisation  ou refus  de\ntravaux  sur les immeubles  situ\u00e9s  dans\nles abords  d''un  immeuble  monument\nhistorique  class\u00e9  ou inscrit  non\nsoumis  \u00e0 formalit\u00e9  au titre  du Code\nde l'UrbanismeArt.  L.621-32  (modifi\u00e9  par  la loi n\u00b02018-\n1021  du 23 novembre  2018  art.  56) et\nR 621-96  du Code  du Patrimoine\nArt.  R 422-2  du Code  de l'Urbanisme\nArt.  52 du d\u00e9cret  n\u00b0 2007-487  du 30\nmars  2007\nSites\nAvis  pr\u00e9alable  sur demande  de\ntravaux  en site  inscrit  hors  permis  de\nd\u00e9molir\nD\u00e9cision  d'autorisation  ou de refus\nde travaux  en site  class\u00e9,  'champ\nd\u00e9concentr\u00e9Art.  L 341-1,  L. 341-7,  L. 341410  du code\nde l'environnement\nArt.  L. 630-1  du Code  du Patrimoine\nArt.  R. 3419  du Code  de\nl'Environnement\nArt  R, 34110  du Code  de\nl'Environnement\nArt.  R. 34111  du Code  de\nl'Environnement\n2j3\n\nPublicit\u00e9,  Enseignes\nAutorisation  d'enseignes  Art.  L. 581-6,  L. 581-8  et 9, L. 581-44,\nR. 581-9  \u00e0 R. 581-21  du Code  de\nl'Environnement\nARTICLE  2. Durant  la p\u00e9riode  du 1\" janvier  au 16 f\u00e9vrier  2024,  en cas  d'emp\u00eachement  de Mme\nSandra  JOIGNEAU,  subd\u00e9l\u00e9gation  de signature  est  attribu\u00e9e  dans  le cadre  de ses  attributions\net comp\u00e9tences  \u00e0 Mme  Odile  REBOUL,  architecte  des  batiments  de France  et adjointe.\nDurant  la p\u00e9riode  du 17 f\u00e9vrier  au 31 mars  2024,  en cas  d'emp\u00e9chement  de Mme  Odile\nREBOUL,  subd\u00e9l\u00e9gation  de signature  est  attribu\u00e9e  dans  le cadre  de ses  attributions  et\ncomp\u00e9tences  \u00e0 Mme  Sandra  JOIGNEAU,  architecte  des  b\u00e2timents  de France  et adjointe.\nARTICLE  3. Sont  exclus  de la pr\u00e9sente  d\u00e9l\u00e9gation  :\n1 - les conventions  de tous  ordres  avec  des  collectivit\u00e9s  territoriales  ou des  \u00e9tablissements\npublics  engageant  financi\u00e8rement  l'Etat,\n2 \u2014 les instructions  ou circulaires  adress\u00e9es  aux  collectivit\u00e9s  territoriales,\n'\n3 - les lettres  d'observations  valant  recours  gracieux  dans  le cadre  du contr\u00f4le  de l\u00e9galit\u00e9,\n4 - les courriers  adress\u00e9s  aux  ministres  et aux  parlementaires.\nARTICLE  4. L'arr\u00eat\u00e9  pr\u00e9fectoral  n\u00b0 2023/69/MCI  du 21 ao\u00fbt  2023  portant  d\u00e9l\u00e9gation  de\nsignature  \u00e0 Mme  Ang\u00e9lique  RAJAONAH,  responsable  de l'Unit\u00e9  d\u00e9partementale  de\nl'architecture  et du patrimoine  du Var  de la Direction  r\u00e9gionale  des  affaires  culturelles  de\nProvence-Alpes-C\u00f4te  d'Azur  est  abrog\u00e9.\nARTICLE  5. Le secr\u00e9taire  g\u00e9n\u00e9ral  de la pr\u00e9fecture  du Var  et Mmes  Sandra  JOIGNEAU  et Odile\nREBOUL  architectes  des  b\u00e2timents  de France  et adjointes,  assurant  l'int\u00e9rim  de la responsable\nde l'unit\u00e9  d\u00e9partementale  de l'architecture  et du patrimoine  du Var  sont  charg\u00e9s,  chacun  en\nce qui  le concerne,  de l'ex\u00e9cution  du pr\u00e9sent  arr\u00eat\u00e9  qui  sera  publi\u00e9  au recueil  des  actes\nadministratifs  de la pr\u00e9fecture  du Var.  ' ;\n29 18N  7924\nFait  \u00e0 Toulon,  |\nPhilippe  MAHE\n3/3\n\nPREFET  N  N\nDU  VAR  Direction  des  s\u00e9curit\u00e9s\n\u00car'ber_t\u00e9  Service  de l'\u00e9ducation  et\nr  de la s\u00e9curit\u00e9  routi\u00e8res\nP\u00f4le  \u00e9ducation  routi\u00e8re\nARR\u00caT\u00c9  PREFECTORAL  n\u00b02024-10  du \u2014 29 JAN, 2024\nportant  renouvellement  d'agr\u00e9ment  d'un  \u00e9tablissement  d'enseignement\nde la conduite  des  v\u00e9hicules  \u00e0 moteur  et de la s\u00e9curit\u00e9  routi\u00e8re\nLe pr\u00e9fet  du Var,\nOfficier  de la L\u00e9gion  d'honneur\nVu le Code  de la Route  et notamment  ses articles  L 213-1  \u00e0 L 213-8  et R 213-1  \u00e0 R 213-6  ;\nVu le d\u00e9cret  n\u00b0 2009-1678  du 29 d\u00e9cembre  2009  relatif  \u00e0 l'enseignement  de la conduite  et \u00e0\nl'animation  de stages  de sensibilisation  \u00e0 la s\u00e9curit\u00e9  routi\u00e8re  ;\nVu l'arr\u00eat\u00e9  n\u00b0 0100026A  du 8 janvier  2001  modifi\u00e9  du Minist\u00e8re  de l'\u00c9quipement,  des Transports  et\ndu Logement  relatif  \u00e0 l'exploitation  des  \u00e9tablissements  d'enseignement,  \u00e0 titre  on\u00e9reux,  de la\nconduite  des  v\u00e9hicules  \u00e0 moteur  et de la s\u00e9curit\u00e9  routi\u00e8re  ;\nVu le d\u00e9cret  2015-1537  du 25 novembre  2015  portant  diverses  dispositions  relatives  \u00e0 la formation\n\u00e0 la conduite  et \u00e0 la s\u00e9curit\u00e9  routi\u00e8re  ;\nVu l'arr\u00eat\u00e9  pr\u00e9fectoral  n\u00b0 2023/49/MCI  du 21 ao\u00fbt  2023  portant  d\u00e9l\u00e9gation  de signature  \u00e0 Madame\nla Directrice  de cabinet  de la pr\u00e9fecture  du Var  ;\nVu l'arr\u00eat\u00e9  pr\u00e9fectoral  du 18 f\u00e9vrier  2004  autorisant  Monsieur  Jacky  BAUNEL,  \u00e0 exploiter,  \u00e0 titre\non\u00e9reux,  l'\u00e9tablissement  d'enseignement  de la conduite  des  v\u00e9hicules  \u00e0 moteur  et de la s\u00e9curit\u00e9\nrouti\u00e8re  d\u00e9nomm\u00e9  \u00abFORCALQUEIRET  EDUCATION  ROUTIERE\u00bb,  situ\u00e9  Chemin  du Ribbas  des\nMari\u00e9s  83136  FORCALQUEIRET  et identifi\u00e9  sous  le num\u00e9ro  E0408309920  ;\nVu les arr\u00eat\u00e9s  pr\u00e9fectoraux  des  26 janvier  2009  et 24 avril  2014  portant  renouvellement  de l'arr\u00eat\u00e9\nsusmentionn\u00e9  ;\nVu la demande  de Monsieur  Jacky  BAUNEL  re\u00e7ue  en pr\u00e9fecture  les 14 d\u00e9cembre  2023  et 24\njanvier  2024,  par lesquelles  il sollicite  le renouvellement  de son  agr\u00e9ment  d''exploitation  ;\nConsid\u00e9rant  que  la demande  de l'int\u00e9ress\u00e9  remplit,  ce jour,  toutes  les conditions  r\u00e9glementaires  ;\nSur  proposition  de Madame  la directrice  de cabinet  du pr\u00e9fet  du Var  ;\n1/2\n\nARR\u00caTE\nARTICLE  1 :\nL'arr\u00e9t\u00e9  pr\u00e9fectoral  du 18 f\u00e9vrier  2004  autorisant  Monsieur  Jacky  BAUNEL,  \u00e0 exploiter,  \u00e0 titre\non\u00e9reux,  l'\u00e9tablissement  d'enseignement  de la conduite  des  v\u00e9hicules  \u00e0 moteur  et de la s\u00e9curit\u00e9\nrouti\u00e8re  d\u00e9nomm\u00e9  \u00abFORCALQUEIRET  EDUCATION  ROUTIERE\u00bb,  situ\u00e9  Chemin  du Ribbas  des\nMari\u00e9s  83136  FORCALQUEIRET  et identifi\u00e9  sous  le num\u00e9ro  E0408309920  est renouvel\u00e9  pour  une\ndur\u00e9e  de cing  ans  \u00e0 compter  de la date  de publication  du pr\u00e9sent  arr\u00e9t\u00e9  au recueil  des  actes\nadministratifs  de la pr\u00e9fecture  du Var.\nARTICLE  2 :\nL'\u00e9tablissement  est habilit\u00e9,  au vu des  autorisations  d'enseigner  fournies,  \u00e0 dispenser  les\nformations  de cat\u00e9gorie  : AAC  ; B/B1/AM  \u2014 Quadri-i\u00e9ger.\nARTICLE  3 :\nMadame  la directrice  de cabinet  du pr\u00e9fet  du Var  est charg\u00e9e  de l'ex\u00e9cution  du pr\u00e9sent  arr\u00e9t\u00e9  qui\nsera  publi\u00e9  au recueil  des  actes  administratifs  de la pr\u00e9fecture  du Var.\nARTICLE  4:\nLe pr\u00e9sent  arr\u00e9t\u00e9  peut  faire  l'objet  d'un  recours  gracieux  aupr\u00e8s  du pr\u00e9fet  du Var  dans  un d\u00e9lai  de\ndeux  mois  \u00e0 compter  de la notification  du pr\u00e9sent  arr\u00e9t\u00e9  ou d'un  recours  contentieux  devant  le\ntribunal  administratif  territorialement  comp\u00e9tent  dans  les m\u00eames  conditions  de d\u00e9lai.\nFait  \u00e0 Toulon,\nPour  le pr\u00e9fet  et par d\u00e9l\u00e9gation,\nLe D\u00e9l\u00e9gu\u00e9  \u00e0 l'Education  i\u00e8re\ndu\n| Conform\u00e9ment  aux dispositions  de l'article  R. 421-1  et suivants  du code  de justice  administrative,  le pr\u00e9sent  arr\u00e9t\u00e9  peut\nfaire  l'objet  dans  un d\u00e9lai  de deux  mois  \u00e0 compter  de sa parution  :\n- d'un  recours  administratif  (recours  gracieux  aupr\u00e8s  du pr\u00e9fet  du Var  ou recours  hi\u00e9rarchique  aupr\u00e8s  du ministre  de\nl'int\u00e9rieur)\n-\u2014 d'un  recours  contentieux  devant  fe tribunal  administratif  de Toulon.  Le tribunal  administratif  peut  \u00eatre  saisi  par\n' l'application  informatique  \u00ab T\u00e9l\u00e9recours  citoyens  \u00bb accessible  par le site Internet  www.telerecours.f  |\n2j2\n\npoint-justice\nVar\nDECISION  D'APPROBATION\nDU RENOUVELLEMENT  DE LA CONVENTION  CONSTITUTIVE  DU CONSEIL  DEPARTEMENTAL  DE\nL'ACCES  AU DROIT  DU VAR\nLe pr\u00e9fet  du d\u00e9partement  du Var,\nLe premier  pr\u00e9sident  de la cour  d'appel  d'Aix-en-Provence,\nVu la loi n\u00b0 91-647  du 10 juillet  1991  modifi\u00e9e  relative  \u00e0 l'aide  juridique  ;\nVu le d\u00e9cret  n\u00b0 91-1266  du 19 d\u00e9cembre  1991  modifi\u00e9  portant  application  de la loi n\u00b0 91-647  du 10\njuillet  1991  relative  \u00e0 l'aide  juridique  ;\nVu la loi n\u00b0 98-1163  du 18 d\u00e9cembre  1998  relative  \u00e0 l'acc\u00e8s  au droit  et \u00e0 la r\u00e9soiution  amiabie  des\nconflits  ;\nVu le d\u00e9cret  n\u00b0 2000-344  du 19 avril  2000  modifiant  le d\u00e9cret  n\u00b0 91-1266  du 19 d\u00e9cembre  1991  et\nrelatif  \u00e0 la composition  et au fonctionnement  du Conseil  national  de l'aide  juridique  et des  conseils\nd\u00e9partementaux  de l'acc\u00e8s  au droit  ;\nVu la loi n\u00b0 2011-525  du 17 mai  2011  modifi\u00e9e  de simplification  et d'am\u00e9lioration  de la qualit\u00e9  du droit  ;\nVu le d\u00e9cret  n\u00b0 2012-91  du 26 janvier  2012  modifi\u00e9  relatif  aux groupements  d'int\u00e9r\u00eat  public  ;\nVu l'arr\u00eat\u00e9  du 23 mars  2012  pris  en application  de l'article  3 du d\u00e9cret  n\u00b0 2012-91  du 26 janvier  2012\nrelatif  aux  groupements  d'int\u00e9r\u00eat  public  ;\nVu le d\u00e9cret  n\u00b0 2012-1246  du 7 novembre  2012  modifi\u00e9  relatif  \u00e0 la gestion  budg\u00e9taire  et comptable\npublique  ;\nVu le d\u00e9cret  n\u00b0 2013-292  du 5 avril  2013  relatif  au r\u00e9gime  de droit  public  applicable  aux  personnels  des\ngroupements  d'int\u00e9r\u00eat  public  ;\nVu la loi n\u00b0 2016-1547  du 18 novembre  2016  modifi\u00e9e  de modernisation  de la justice  du XXIe  si\u00e8cle  ;\nVu le d\u00e9cret  n\u00b0 2017-822  du 5 mai  2017  portant  diverses  dispositions  relatives  \u00e0 l'aide  juridique  ;\nVu le d\u00e9cret  n\u00b0 2020-1717  du 28 d\u00e9cembre  2020  portant  application  de la loi n\u00b0 91-647  du 10 juillet\n1991  relative  \u00e0 l'aide  juridique  et relatif  \u00e0 l'aide  juridictionnelle  et \u00e0 l'aide  \u00e0 I'intervention  de l'avocat\ndans  les proc\u00e9dures  non  juridictionnelles  ;\n\nVu le d\u00e9cret  n\u00b0 2017-61  du 23 janvier  2017  relatif  \u00e0 la gestion  budg\u00e9taire  et comptable  publique  ;\nVu l'arr\u00eat\u00e9  du 19 avril  2017  portant  suppression  du contr\u00f4le  \u00e9conomique  et financier  de l'Etat  sur des\ngroupements  d'int\u00e9r\u00e9t  public  ;\nVu le d\u00e9cret  n\u00b0 2017-822  du 5 mai  2017  portant  diverses  dispositions  relatives  \u00e0 l'aide  juridique  ;\nVu les arr\u00eat\u00e9s  du 22 mars  2018  et du 16 juillet  2018  portant  d\u00e9l\u00e9gation  du pouvoir  d'approbation  des\nconventions  constitutives  des  groupements  d'int\u00e9r\u00eat  public  \u00ab conseils  d\u00e9partementaux  de l'acc\u00e8s  audroit  \u00bb et \u00ab conseils  de l'acc\u00e8s  au droit  \u00bb !\nVu l'ordonnance  2016-728  du 2 juin  2016,  prise  en application  de la loi \u00ab Macron  \u00bb du 6 ao\u00fbt  2015  quivise  \u00e0 cr\u00e9er  la profession  de commissaire  de justice  ;\nVu l'ordonnance  n\u00b0 2019-964  du 18 d\u00e9cembre  2019  modifi\u00e9e  prise  en application  de la loi n\u00b0 2019-222\ndu 23 mars  2019  de programmation  2018-2022  et de r\u00e9forme  pour  la justice  ;\nVu le d\u00e9cret  n\u00b0 2019-1363  du 16 d\u00e9cembre  2019  relatif  \u00e0 la d\u00e9concentration  de d\u00e9cisions  en mati\u00e8rede groupement  d'int\u00e9r\u00eat  public.\nDECIDENT\nArticle  1\nLa convention  constitutive  renouvel\u00e9e  du Conseil  d\u00e9partemental  de Vacc\u00e9s  au droit  du Var  estapprouv\u00e9e  ce jour.\nLe groupement  d'int\u00e9r\u00eat  public  est renouvel\u00e9  pour  une  dur\u00e9e  de 10 ans  \u00e0 compter  de la date  depublication  de l'approbation  de la convention  constitutive  renouvel\u00e9e  au recueil  des  actesadministratifs  de la Pr\u00e9fecture  du d\u00e9partement  du Var.\nSa comptabilit\u00e9  sera  tenue  selon  les r\u00e8gles  de la gestion  publique.\nIl r\u00e9unit  les membres  suivants  : (membres  de droit).\nLe Pr\u00e9fet  du Var  ;\nLe Pr\u00e9sident  du Tribunal  Judiciaire  de Toulon  ;\nLe Procureur  de la R\u00e9publique  pr\u00e8s  le Tribunal  Judiciaire  de Toulon  ;\nLe Pr\u00e9sident  de la R\u00e9gion  Sud  ;\nLe Pr\u00e9sident  du Conseil  D\u00e9partemental  du Var  ;\nLe Pr\u00e9sident  de I'association  d\u00e9partementale  des  maires  du Var ;\nLe B\u00e2tonnier  de l'Ordre  des  avocats  de Toulon  ;\nLe B\u00e2tonnier  de l'Ordre  des  avocats  de Draguignan  ;\nLe Pr\u00e9sident  de la caisse  des  r\u00e8glements  p\u00e9cuniaires  du barreau  de Toulon  ;\nLe Pr\u00e9sident  de la chambre  r\u00e9gionale  des  commissaires  de justice  pr\u00e8s  de la Cour  d'Appel  d'Aix-en-\nProvence  ;\nLe Pr\u00e9sident  de la chambre  d\u00e9partemental  des  notaires  du Var  ;\nLe Pr\u00e9sident  de l'association  d'aide  aux  victimes  d'infractions  du Var.\n\nArticle  2\nLe pr\u00e9fet  du d\u00e9partement  du Var  et le premier  pr\u00e9sident  de la cour  d'appel  d'Aix-en-Provence  sont\ncharg\u00e9s,  chacun  en ce qui le concerne,  de l'ex\u00e9cution  de la pr\u00e9sente  d\u00e9cision  qui sera  publi\u00e9e  au recueil\ndes  actes  administratifs  de la pr\u00e9fecture  du d\u00e9partement  du Var.\nFaita  TOULoN  Jde 2344123\nEn 1 (un)  exemplaire  original.\nLe Pr\u00e9fet  du D\u00e9partement  du Var  Le premier  pr\u00e9sident  de la cour  d'appel\nd'Aix-en-Provence\nPhillppe  MAH\u00c9\nRenaud  LE BRET@N  de VANNOISE\nPremier  pr\u00e9sident\n\npoint-justice\nVar \n \n \n \n \n \nPUBLICATION DE LA DECISION D'APPROBATION  \nDU RENOUVELLEMENT DE LA CONVENTION CONSTITUTIVE DU CONSEIL DEPARTEMENTAL \nDE L'ACCES AU DROIT DU VAR  \n \nVu la loi n\u00b0 91 -647 du 10 juillet 1991 modifi\u00e9e relative \u00e0 l'aide juridique ;  \nVu le d\u00e9cret n\u00b0 91 -1266 du 19 d\u00e9cembre 1991 modifi\u00e9 portant application de la loi n\u00b0 91 -647 du 10 \njuillet 1991 relative \u00e0 l'aide juridique ;  \nVu la loi n\u00b0 98 -1163 du 18 d\u00e9cembre 1998 relative \u00e0 l'acc\u00e8s au droit et \u00e0 la r\u00e9solution amiable des \nconflits ;  \nVu le d\u00e9cret n\u00b0 2000 -344 du 19 avril 2000 modifiant le d\u00e9cret n\u00b0 91 -1266 du 19 d\u00e9cembre 1991 et \nrelatif \u00e0 la composition et au fonctionnement du Conseil national de l'aide juridique et des conseils \nd\u00e9partemen taux de l'acc\u00e8s au droit ;  \nVu la loi n\u00b0 2011 -525 du 17 mai 2011 modifi\u00e9e de simplification et d'am\u00e9l ioration de la qualit\u00e9 du droit  ; \nVu le d\u00e9cret n\u00b0 2012 -91 du 26 janvier 2012 modifi\u00e9 relatif aux groupements d'int\u00e9r\u00eat public ;  \nVu l'arr\u00eat\u00e9 du 23 mars 2012 pris en application de l'article 3 du d\u00e9cret n\u00b0 2012 -91 du 26 janvier 2012 \nrelatif aux groupements d'int\u00e9r\u00eat public ;  \nVu le d\u00e9cret n\u00b0 2012 -1246 du 7 novembre 2012 modifi\u00e9 relatif \u00e0 la gestion budg\u00e9taire et comptable \npublique ;  \nVu la loi n\u00b0 2016 -1547 du 18 novembre 2016 modifi\u00e9e de modernisation de la justice du XXIe si\u00e8cle ;  \nVu les arr\u00eat\u00e9s du 22 mars 2018 et du 16 juillet 2018 portant d\u00e9l\u00e9gation du pouvoir d'approbation des \nconventions constitutives de s groupements d'int\u00e9r\u00eat public \u00ab conseils d\u00e9partementaux de l'acc\u00e8s au \ndroit \u00bb et \u00ab conseils de l'acc\u00e8s au droit \u00bb ;  \nVu l'ordonnance n\u00b0 2019 -964 du 18 d\u00e9cembre 2019 modifi\u00e9e prise en application de la loi n\u00b0 2019 -222 \ndu 23 mars 2019 de programmation 2018 -2022 et de r\u00e9forme pour la justice ;  \nVu le d\u00e9cret n\u00b0 2019 -1363 du 16 d\u00e9cembre 2019 relatif \u00e0 la d\u00e9concentration de d\u00e9cisions en mati\u00e8re \nde groupement d'int\u00e9r\u00eat public.  \nPar d\u00e9cision du premier pr\u00e9sident de la cour d 'appel d 'Aix-en-Provence et du pr\u00e9fet du d\u00e9partement \ndu Var, la convention cons titutive du conseil d\u00e9partemental de l'acc\u00e8s au droit du Var, groupement \nd'int\u00e9r\u00eat public,  en date du 26 sept embre 2022 , est approuv\u00e9e.  \n \n\nExtraits de la convention constitutive  \n \nD\u00e9nomination  : Le groupement d 'int\u00e9r\u00eat pub lic est d\u00e9nomm\u00e9 \u00ab conseil d\u00e9partemental de l'acc\u00e8s au \ndroit du Var  \u00bb. \nObjet du groupement  : Le conseil d\u00e9partemental de l'acc\u00e8s au droit  a pour objet l'aide \u00e0 l 'acc\u00e8s au \ndroit d ans le d\u00e9partement du V ar. \nIdentit\u00e9 de ses me mbres  :  \nEn application de l'article 55 de la loi n\u00b098 -1163 du 18 d\u00e9cembre 1991, le conseil d\u00e9partemental de \nl'acc\u00e8s au droit du Var  est constitu\u00e9 entre  :  \nLe Pr\u00e9fet du Var  ; \nLe Pr\u00e9sident du Tribunal Judiciaire de Toulon  ; \nLe Procureur de la R\u00e9publique pr\u00e8s le  Tribunal Judiciaire de Toulon  ; \nLe Conseil D \u00e9partemental du Var  ; \nL'association d\u00e9partementale des mai res du Var  ; \nL'ordre des avocats  de Toulon  ; \nLa caisse des r\u00e8glements p\u00e9cuniaires du barreau de To ulon  ;  \nLa chambre r\u00e9gionale des commissaires de justic e pr\u00e8s de la Cour d'Appel d'Aix -en-Provence  ; \nLa chambre d\u00e9partemental des notaires du Var  ;  \nL'association d'aide aux victimes d'infractions du Var  (AAVIV)  ; \nMembres de droit  \nEt par :  \nLa R\u00e9gion Sud  ; \nL'ordre des avocats de Draguignan  ; \nLa commune de Toulon  ; \nLa commune de La Seyne -sur-mer ; \nL'agglom\u00e9ration de la Provence Verte  ; \nL'agglom\u00e9ration Drac\u00e9nie Provence Verdon  ; \nLa commune de Fr\u00e9jus  ; \nLa commune d 'Hy\u00e8res -les-palmiers  ; \nLe Centre d 'Informa tion sur les Droits des Femmes et des Familles du Var (CIDFF)  ; \nMembres associ\u00e9s (dernier al inea de l 'article 55 susvis\u00e9)  \nAdresse du si\u00e8ge du conseil d\u00e9partemental de l'acc\u00e8s au droit du Var  : \nLe si\u00e8g e du groupement est fix\u00e9 au si\u00e8ge du tribunal judiciaire de Tou lon  \nPlace Gabriel P\u00e9ri \u2013 BP 90506 \n83041 TOULON cedex 9  \nDur\u00e9 e du groupement  \nLe groupement est constitu\u00e9 pour une d ur\u00e9e de dix ann\u00e9es, \u00e0 compter d e la publication de la  \nd\u00e9cision appr ouvan t la convention.  \nR\u00e9gime comptable applicable au groupement  : \nLa comptabilit\u00e9 du groupement est  tenue selon les r\u00e8gles de la gestion pub lique.  \nR\u00e9gime de droit applicable aux personn els propres du groupement  : \nLe recrutement direct du personnel du conseil d\u00e9partemental de l'acc\u00e8s au droit du Var s 'effectue \ndans le cadre de con trats de travail de droit public .  \nR\u00e8gles de r esponsabilit\u00e9 des mem bres  :  \nLe groupement est constitu\u00e9 sans capital.  \nLa contribution des membres aux dettes du groupement est d\u00e9 termin\u00e9e \u00e0 raison de leu r contribut ion \naux charges du grou pement.  \nLes membres du groupe ment ne sont pas solidaires \u00e0 l '\u00e9gard des tiers.  \n \n \n \n \n\u00a9\npointjusticeConseil  D\u00e9partemental  de l'acc\u00e8s au Droit\nDu Var\nRENOUVELLEMENT  DE LA CONVENTION  CONSTITUTIVE  DU\nCONSEIL  DEPARTEMENTAL  DE L'ACCES  AU DROIT\nDU  VAR\nLa pr\u00e9sente  convention  fait  suite  \u00e0 celle  sign\u00e9e  le 16 novembre  2012,  approuv\u00e9e\nle 19 novembre  2012  et publi\u00e9e  le 27 novembre  2012,  qui a prorog\u00e9  l'existence\ndu Groupement  d'int\u00e9r\u00eat  Public  \u2014 Conseil  d\u00e9partemental  de l'acc\u00e8s  au droit  du\nVar,  pour  10 ans  et a pour  objet  de proroger  \u00e0 nouveau  son  existence.\nCe Groupement  est constitu\u00e9  entre  les membres  suivants  :\nMembres  de Droit\nL'\u00e9tat,  repr\u00e9sent\u00e9  par  le pr\u00e9fet  du d\u00e9partement  du Var  et par  le\npr\u00e9sident  du tribunal  judiciaire  de Toulon,  et par  le procureur  de la\nR\u00e9publique  pr\u00e8s  ledit  tribunal,\n< Le d\u00e9partement  du Var,  repr\u00e9sent\u00e9  par  le pr\u00e9sident  du Conseil\nd\u00e9partemental,\ne L'association  d\u00e9partementale  des  maires  du Var,  repr\u00e9sent\u00e9e  par  son\npr\u00e9sident,\n\u00ab L'ordre  des  avocats  du barreau  de Toulon,  repr\u00e9sent\u00e9  par  son  b\u00e2tonnier,\ne La caisse  des  r\u00e8glements  p\u00e9cuniaires  du barreau  de Toulon,  repr\u00e9sent\u00e9e\npar  son  pr\u00e9sident,\n\ne La chambre  r\u00e9gionale  des  commissaires  de justice  pr\u00e8s  la Cour  d'appel\nd'Aix  en Provence,  repr\u00e9sent\u00e9e  par  son  pr\u00e9sident,\ne La chambre  d\u00e9partementale  des  notaires  du Var,  repr\u00e9sent\u00e9e  par  son\npr\u00e9sident,\ne L'association  d'aide  aux  victimes  d'infractions  du Var,  repr\u00e9sent\u00e9e  par\nson  pr\u00e9sident.\nCe groupement  d'int\u00e9r\u00eat  public  est r\u00e9gi  par  :\nLes  articles  54 et suivants  de la loi n\u00b0 91-647  du 10 juillet  1991  relative  \u00e0 l'aide\njuridique,  modifi\u00e9e  par  la loi n\u00b0 98-1163  du 18 d\u00e9cembre  1998  relative  \u00e0 l'acc\u00e8s\nau droit  et \u00e0 la r\u00e9solution  amiable  des  conflits,  par  la loi n\u00b0 2011-525  du 17 mai\n2011  de simplification  et d'am\u00e9lioration  de la qualit\u00e9  du droit,  par  la loi n\u00b0 2016-\n1547  du 18 novembre  2016  de modernisation  de la justice  du XXIe  si\u00e8cle,  ainsi\nque  par  l'ordonnance  n\u00b0 2019-964  du 18 d\u00e9cembre  2019  prise  en application  de\nla loi n\u00b0 2019-222  du 23 mars  2019  de programmation  2018-2022  et de r\u00e9forme\npour  la justice,  les articles  141 et suivants  du d\u00e9cret  n\u00b0 91-1266  du 19 d\u00e9cembre\n1991  portant  application  de la loi n\u00b0 91-647  du 10 juillet  1991  relative  \u00e0 l'aide\njuridique,  modifi\u00e9  par  le d\u00e9cret  n\u00b0 2000-344  du 19 avril  2000  relatif  \u00e0 la\ncomposition  et au fonctionnement  du Conseil  national  de l'aide  juridique  et\ndes  conseils  d\u00e9partementaux  de l'acc\u00e8s  au droit,  par  le d\u00e9cret  n\u00b0 2017-822  du\n5 mai  2017  portant  diverses  dispositions  relatives  \u00e0 l'aide  juridique,  et par  le\nd\u00e9cret  n\u00b0 2020-1717  du 28 d\u00e9cembre  2020  portant  application  de la loi n\u00b0 91-\n647  du 10 juillet  1991  relative  \u00e0 l'aide  juridique  et relatif  \u00e0 l'aide  juridictionnelle\net \u00e0 l'aide  \u00e0 l'intervention  de l'avocat  dans  les proc\u00e9dures  non juridictionnelles,\nle d\u00e9cret  n\u00b0 2012-91  du 26 janvier  2012  relatif  aux  groupements  d'int\u00e9r\u00e9t  public,\nmodifi\u00e9  par  le d\u00e9cret  n\u00b0 2012-1246  du 7 novembre  2012  relatif  \u00e0 la gestion\n\nbudg\u00e9taire  et comptable  publique,  compl\u00e9t\u00e9  par  la circulaire  du 18 avril  2012\nd'application  aux  conseiis  d\u00e9partementaux  de l'acc\u00e8s  au droit  (CDAD)  du\nd\u00e9cret  n\u00b0 2012-91  du 26 janvier  2012  relatif  aux  groupements  d'int\u00e9r\u00eat  public,\nainsi  que  le d\u00e9cret  n\u00b0 2019-1363  du 16 d\u00e9cembre  2019  relatif  \u00e0 la\nd\u00e9concentration  de d\u00e9cisions  en mati\u00e8re  de groupement  d'int\u00e9r\u00e9t  public,\nl'arr\u00eat\u00e9  du 23 mars  2012  pris  en application  de l'article  3 du d\u00e9cret  n\u00b0 2012-91\ndu 26 janvier  2012  relatif  aux  groupements  d'int\u00e9r\u00eat  public,  le d\u00e9cret  n\u00b0 2013-\n292  du 5 avril  2013  relatif  au r\u00e9gime  de droit  public  applicable  aux  personnels\ndes  groupements  d'int\u00e9r\u00eat  public,  I'arr\u00e9t\u00e9  du 19 avril  2017  portant  suppression\ndu contr\u00f4le  \u00e9conomique  et financier  de l'\u00c9tat  sur des groupements  d'int\u00e9r\u00eat\npublic,  les arr\u00eat\u00e9s  du 22 mars  2018  et du 16 juillet  2018  portant  d\u00e9l\u00e9gation  du\npouvoir  d'approbation  des  conventions  constitutives  des  groupements\nd'int\u00e9r\u00eat  public  \u00ab conseils  d\u00e9partementaux  de l'acc\u00e8s  au droit  \u00bb et \u00ab conseils\nde l'acc\u00e8s  au droit\u00bb,  par  l'ordonnance  2016-728  du 2 juin  2016,  prise  en\napplication  de la loi \u00ab Macron  \u00bb du 6 ao\u00fbt  2015  qui vise  \u00e0 cr\u00e9er  la profession  de\ncommissaire  de justice  et ainsi  que  la pr\u00e9sente  convention.\nArticle  1er : Personnalit\u00e9  morale\nLe groupement  d'int\u00e9r\u00eat  public  jouit  de la personnalit\u00e9  morale  \u00e0\ncompter  de la publication  de la d\u00e9cision  approuvant  cette  convention.\nIl s'agit  d'une  personne  morale  de droit  public.\n\nArticle  2 : Objet  du groupement\nLe conseil  d\u00e9partemental  de l'acc\u00e8s  au droit  a pour  mission,  de recenser\nles besoins  en mati\u00e8re  d'acc\u00e8s  au droit  dans  le d\u00e9partement  du Var,  de\nd\u00e9finir  une  politique  locale  d'acc\u00e8s  au droit,  de dresser  et diffuser\nl'inventaire  de l'ensemble  des  actions  men\u00e9es  afin  de satisfaire  les\nbesoins  exprim\u00e9s.\nH est saisi  pour  information  de tout  projet  d'action  en mati\u00e8re  d'acc\u00e8s\nau droit  pr\u00e9alablement  \u00e0 sa mise  en \u0153uvre  et pour  avis  de toute\ndemande  de concours  financier  de l'\u00c9tat  pr\u00e9alablement  \u00e0 son\nattribution.\nIl proc\u00e8de  \u00e0 l'\u00e9valuation  de la qualit\u00e9  et de l'efficacit\u00e9  des  dispositifs\nd'acc\u00e8s  au droit  auxquels  il apporte  son  concours.  Il peut  participer  au\nfinancement  des  actions  poursuivies.\nIl re\u00e7oit  et r\u00e9partit  les ressources  destin\u00e9es  au financement  de sa\npolitique.\nIl participe  \u00e0 la mise  en \u0153uvre  d'une  politique  locale  de r\u00e9solution\namiable  des  diff\u00e9rends.\nIl peut  d\u00e9velopper  des  actions  communes  avec  d'autres  conseils\nd\u00e9partementaux  de l'acc\u00e8s  au droit  ou conseils  de l'acc\u00e8s  au droit.\nIl \u00e9tablit  chaque  ann\u00e9e  un rapport  d'activit\u00e9.\nArticle  3 : Si\u00e8ge\nLe si\u00e8ge  du groupement  est fix\u00e9  au si\u00e8ge  du tribunal  judiciaire  de Toulon.\n\nArticle  4 : Dur\u00e9e\nLe groupement  est constitu\u00e9  pour  une  dur\u00e9e  d\u00e9termin\u00e9e  de 10 ans  a\ncompter  de la publication  de la pr\u00e9sente  convention.\nArticle  5 : Adh\u00e9sion,  exclusion,  retrait\nAdh\u00e9sion  : Au cours  de son  existence,  le groupement  peut  accepter  de\nnouveaux  membres  au titre  de l'article  55 dernier  alin\u00e9a  de la loi du 10\njuillet  1991  modifi\u00e9e  par  la loi du 18 d\u00e9cembre  1998,  par  d\u00e9cision  de\nl''assembl\u00e9e  g\u00e9n\u00e9rale.\nExclusion  : L'exclusion  d'un  membre  autre  que  les membres  de droit  peut\n\u00eatre  prononc\u00e9e  sur proposition  du conseil  d'administration  par\nl'assembl\u00e9e  g\u00e9n\u00e9rale,  en cas  d'inex\u00e9cution  de ses obligations  ou pour\nfaute  grave.  Le membre  concern\u00e9  est entendu  au pr\u00e9alable.  Les\ndispositions  financi\u00e8res  et autres  pr\u00e9vues  pour  le retrait  s'appliquent  au\nmembre  exclu.\nRetrait  : En cours  d'ex\u00e9cution  du contrat,  tout  membre  autre  que  de droit  peut\nse retirer  du groupement  pour  motif  l\u00e9gitime  \u00e0 l'expiration  d'un  exercice\nbudg\u00e9taire,  sous  r\u00e9serve  qu'il  ait notifi\u00e9  son  intention  trois  mois  avant  la fin de\nl'exercice  et que  les modalit\u00e9s  financi\u00e8res  et autres  aient  re\u00e7u  l'accord  de\nl'assembl\u00e9e.\nArticle  6 : Capital\nLe groupement  est constitu\u00e9  sans  capital.\n\nArticle  7 : Ressources  du groupement  d'int\u00e9r\u00eat  public  :\nLes ressources  du GIP  comprennent  :\nLes contributions  financi\u00e8res  des  membres,\nLa mise  \u00e0 disposition  sans  contrepartie  financi\u00e8re  de personnels  qui\ncontinuent  \u00e0 \u00eatre  r\u00e9mun\u00e9r\u00e9s  par  l'un  des  membres,  et de locaux  ou\nd'\u00e9quipements  ou de mat\u00e9riels,  ces  derniers  restant  la propri\u00e9t\u00e9  du\nmembre,\nLes subventions,\nToute  autre  forme  de contribution  au fonctionnement  du groupement,\ndont  la valeur  est appr\u00e9ci\u00e9e  d'un  commun  accord,\nLes dons  et les legs.\nLa nature,  les modalit\u00e9s  et les montants  des  contributions  des  membres,\nnotamment  celles  vers\u00e9es  en nature,  sont  d\u00e9finis  lors  de la constitution\ndu groupement  et figurent  en annexe  \u00e0 la pr\u00e9sente  convention.  Cette\nannexe  est sign\u00e9e  par  les membres  du GIP.\nCes  modalit\u00e9s  peuvent  \u00eatre  r\u00e9actualis\u00e9es  chaque  ann\u00e9e  dans  le cadre  de\nla pr\u00e9paration  du projet  de budget.\nLes membres  du groupement  sont  tenus  des  dettes  de ce dernier  \u00e0\nproportion  de leur  contribution  aux  charges  du GIP,  qu'elle  qu'en  soit  la\nforme.  A cet \u00e9gard,  l'\u00e9valuation  des  apports  en nature  permettra  le cas\n\u00e9ch\u00e9ant  de fixer  la participation  des  membres  ayant  opt\u00e9  pour  ce mode\nde participation.\n\nArticle  8 : Mise  \u00e0 disposition  de moyens  et de personnels  :\nLes personneis  mis  \u00e0 la disposition  du groupement  par  les membres\nconservent  leur  statut  d'origine.  Leur  employeur  d'origine  garde  a sa\ncharge  leurs  traitements  ou salaires,  leur  couverture  sociale,  leurs\nassurances  et conserve  la responsabilit\u00e9  de leur  avancement.  Ces\npersonnels  sont  plac\u00e9s  toutefois  sous  l'autorit\u00e9  fonctionnelle  du\nPr\u00e9sident  du conseil  d'administration  du groupement.\nCes  personnels  seront  r\u00e9int\u00e9gr\u00e9s  dans  leur  corps  ou organisme  d'origine  :\no Par d\u00e9cision  du conseil  d'administration  sur proposition  de son\npr\u00e9sident,\no \u00c0 la demande  du corps  ou organisme  d'origine,\no Dans  le cas  o\u00f9 cet  organisme  se retire  du groupement.\nLes mat\u00e9riels  mis  \u00e0 disposition  du groupement  par  un membre  restent  la\npropri\u00e9t\u00e9  de celui-ci.\nArticle  9 : Mise  \u00e0 disposition  de fonctionnaires  et d'agents  des\ncollectivit\u00e9s  publique  :\nDes agents  de l'\u00c9tat,  des collectivit\u00e9s  territoriales  ou des \u00e9tablissements\npublics  peuvent  \u00eatre  mis  \u00e0 disposition  conform\u00e9ment  \u00e0 leurs  statuts  et\naux  r\u00e8gles  de la fonction  publique,  notamment  celles  de la loi n\u00b0 2007-\n148  (articles  10-1  et 14) du 2 f\u00e9vrier  2007  relative  \u00e0 la modernisation  de la\nfonction  publique.\n\nArticle  10 : Recrutement  direct\nA titre  subsidiaire  et dans  le cas  ou les membres  du groupement  ne\npeuvent  mettre  \u00e0 la disposition  de ce dernier  les agents  ayant  les\ncomp\u00e9tences  n\u00e9cessaires  pour  l'exercice  de ses activit\u00e9s,  le conseil\nd'administration,  conform\u00e9ment  aux  r\u00e8gles  \u00e9tablies  \u00e0 I'article  18, peut\nautoriser  leur  recrutement  direct.\nArticle  11 : Propri\u00e9t\u00e9  des  \u00e9quipements\nLe mat\u00e9riel  achet\u00e9  ou d\u00e9velopp\u00e9  en commun  appartient  au groupement.\nEn cas  de dissolution  du groupement,  il est d\u00e9volu  conform\u00e9ment  aux\nr\u00e8gles  \u00e9tablies  \u00e0 l'article  23.\nArticle  12 : Budget\nLe budget,  approuv\u00e9  chaque  ann\u00e9e  par  le conseil  d'administration,  inclut\nles op\u00e9rations  de recettes  et de d\u00e9penses  pr\u00e9vues  pour  l'exercice  et qui\nne sont  pas  prises  en charge  directement  par  les membres  du\ngroupement.\n[l fixe  le montant  d'une  part,  des  cr\u00e9dits  destin\u00e9s  au fonctionnement  du\ngroupement  et d'autre  part,  de ceux  destin\u00e9s  \u00e0 la r\u00e9alisation  du\nprogramme  d'actions  d'aide  \u00e0 l'acc\u00e8s  au Droit.\nArticle  13 : Gestion\nLe groupement  ne donnant  lieu  ni \u00e0 la r\u00e9alisation  ni au partage  de\nb\u00e9n\u00e9fices,  l'exc\u00e9dent  \u00e9ventuel  des  recettes  d'un  exercice  sur les charges\ncorrespondantes  est report\u00e9  sur l'exercice  suivant.\n\nArticle  14 : R\u00e9gime  comptable\nLa comptabilit\u00e9  du groupement  est tenue  et sa gestion  est assur\u00e9e  selon\nles r\u00e8gles  du droit  public  par  un agent  comptable  nomm\u00e9  par  le ministre\ncharg\u00e9  du budget  sur proposition  du directeur  d\u00e9partemental  des\nfinances  publiques.  L'agent  comptable  assiste  aux  s\u00e9ances  des  organes\nde d\u00e9lib\u00e9ration  et d'administration  du groupement  avec  voix\nconsultative.  Avant  ces  s\u00e9ances  les documents  transmis  aux  membres  lui\nsont  communiqu\u00e9s  dans  les m\u00eames  d\u00e9lais.\nLes dispositions  du d\u00e9cret  n\u00b0 2012-1246  du 7 novembre  2012  relatif  \u00e0 la gestion\nbudg\u00e9taire  et comptable  publique  sont  applicables.\nArticle  15 : Contr\u00f4le  \u00e9conomique  et financier  de l'\u00c9tat\nLe groupement  d'int\u00e9r\u00eat  public  est soumis  au contr\u00f4le  de la Cour  des\ncomptes  ou des  chambres  r\u00e9gionales  des  comptes,  dans  les conditions\npr\u00e9vues  par  le code  des juridictions  financi\u00e8res.\nArticle  16 : Commissaire  du Gouvernement\nLe commissaire  du gouvernement  aupr\u00e8s  du Conseil  d\u00e9partemental  de\nl'acc\u00e8s  au droit  est le magistrat  du si\u00e8ge  ou du parquet  de la cour  d'appel\ncharg\u00e9  de la politique  associative,  de l'acc\u00e8s  au droit  et de l'aide  aux\nvictimes,  d\u00e9sign\u00e9  conjointement  par  le premier  pr\u00e9sident  de la cour\nd'appel  dans  le ressort  de laquelle  si\u00e8ge  le conseil  d\u00e9partemental  de\nl'acc\u00e8s  au droit  et par  le procureur  g\u00e9n\u00e9ral  pr\u00e9s  de cette  cour,\nconform\u00e9ment  \u00e0 l'avant-dernier  alin\u00e9a  de l'article  55 de la loi du 10 juillet\n1991.  Il assiste  avec  voix  consultative  aux  s\u00e9ances  des  organes  de\nd\u00e9lib\u00e9ration  et d'administration  du groupement.\n\nIl exerce  sa fonction  conform\u00e9ment  aux  dispositions  des  articles  2 et 5 du\nd\u00e9cret  n\u00b0 2012-91  du 26 janvier  2012.\nArticle  17 : Assembl\u00e9e  G\u00e9n\u00e9ral\nL'assembl\u00e9e  g\u00e9n\u00e9rale  du groupement  est compos\u00e9e  de I'ensemble  des\nmembres  du groupement.\nChaque  membre  dispose  d'une  voix  sauf  le pr\u00e9sident  du groupement  qui\ndispose  de deux  voix.\nChaque  membre  participe  au fonctionnement  du groupement  (en\nnature  ou en num\u00e9raire).\nLes membres  de droit  avec  voix  d\u00e9lib\u00e9rative  :\ne L'\u00e9tat,  repr\u00e9sent\u00e9  par  le pr\u00e9fet  du d\u00e9partement  du Var  et par  le\npr\u00e9sident  du tribunal  judiciaire  de Toulon  et le procureur  de la\nR\u00e9publique  pr\u00e8s  ledit  tribunal,\ne Le d\u00e9partement  du Var,  repr\u00e9sent\u00e9  par  le pr\u00e9sident  du Conseil\nd\u00e9partemental,\n\u00ab L'association  d\u00e9partementale  des  maires  du Var,  repr\u00e9sent\u00e9e  par  son\npr\u00e9sident,\n\u00ab L'ordre  des  avocats  du barreau  de Toulon,  repr\u00e9sent\u00e9  par  son  batonnier,\ne La Caisse  des  r\u00e8glements  p\u00e9cuniaires  du barreau  de Toulon,  repr\u00e9sent\u00e9e\npar  son  pr\u00e9sident,\ne La chambre  r\u00e9gionale  des  commissaires  de Justice  pr\u00e8s  la Cour  d'appel\nd'Aix  en Provence,  repr\u00e9sent\u00e9e  par  son  pr\u00e9sident,\n10\n\ne La chambre  d\u00e9partementale  des  notaires  du Var,  repr\u00e9sent\u00e9e  par  son\npr\u00e9sident,\ne L'association  d'aide  aux  victimes  d'infractions  du Var  (AAVIV),\nrepr\u00e9sent\u00e9e  par  son  pr\u00e9sident.\nElle  comprend  en outre  en application  des  articles  55 et 56 de la loi du 10 juillet\n1991  modifi\u00e9e  par  la loi du 18 d\u00e9cembre  1998  :\nLes  membres  associ\u00e9s  avec  voix  d\u00e9lib\u00e9rative  :\ne L'ordre  des  avocats  du barreau  de Draguignan,  repr\u00e9sent\u00e9  par  son\nbatonnier  ou son  d\u00e9l\u00e9gataire,\n\u00ab La R\u00e9gion  Provence  Alpes  C\u00f4te  d'Azur,  repr\u00e9sent\u00e9e  par  son  Pr\u00e9sident\ne La commune  de Toulon,  repr\u00e9sent\u00e9e  par  son  maire  ou son  d\u00e9l\u00e9gataire,\n\u00ab La commune  de la Seyne  sur Mer,  repr\u00e9sent\u00e9e  par  son  maire  ou son\nd\u00e9l\u00e9gataire,\ne L'agglom\u00e9ration  de la Provence  Verte  repr\u00e9sent\u00e9e  par  son  Pr\u00e9sident,\ne L'agglom\u00e9ration  Drac\u00e9nie  Provence  Verdon,  repr\u00e9sent\u00e9e  par  son\nPr\u00e9sident,\ne Lacommune  de Fr\u00e9jus,  repr\u00e9sent\u00e9e  par  son  maire  ou son  d\u00e9l\u00e9gataire,\n\u00ab La commune  d'Hy\u00e8res-les-Palmiers,  repr\u00e9sent\u00e9e  par  son  maire  ou son\nd\u00e9l\u00e9gataire,\ne Le centre  d'information  sur les droits  des  femmes  et des  familles  du Var\n(CIDFF)  repr\u00e9sent\u00e9  par  son  pr\u00e9sident  ou son  d\u00e9l\u00e9gataire.\n11\n\nEn outre  pourront  \u00e9tre  appel\u00e9es  a si\u00e9ger,  pour  la dur\u00e9e  de la convention,  par\nle Pr\u00e9sident  en application  de l'art  56 de la loi du 10 juillet  1991  les personnes\nqualifi\u00e9es  suivantes  avec  voix  consultative  :\n\u00ab Le magistrat  d\u00e9l\u00e9gu\u00e9  \u00e0 la politique  associative,  conseiller  \u00e0 la cour\nd'appel  d'Aix  en Provence,\n\u00ab Le directeur  d\u00e9partemental  des  finances  publiques  du Var,\ne Le pr\u00e9sident  du tribunal  judiciaire  de Draguignan,\n\u00ab Le directeur  d\u00e9partemental  du service  p\u00e9nitentiaire  d'insertion  et de\nprobation  du Var  (SPIP),\n\u00ab Le directeur  d\u00e9partemental  de la protection  judiciaire  de la jeunesse  du\nVar  (PJJ).\nLe vote  par  procuration  est autoris\u00e9.\nL'assembl\u00e9e  g\u00e9n\u00e9rale  est r\u00e9unie  au moins  une  fois  par  an et \u00e0 la demande\ndu quart  au moins  des  membres  du groupement  ou \u00e0 la demande  d'un  ou\nplusieurs  membres  d\u00e9tenant  au moins  un quart  des  voix.\nElle  est convoqu\u00e9e  par  le pr\u00e9sident  du groupement  par  lettre\nrecommand\u00e9e  ou par  voie  \u00e9lectronique,  quinze  jours  au moins  avant  la date  de\nla s\u00e9ance.  La convocation  indique  l'ordre  du jour,  la date  et le lieu  de r\u00e9union.\nChaque  membre  peut  donner  mandat  \u00e0 un autre  membre  pour  le repr\u00e9senter\ndans  la limite  de deux  mandats  par  membre.\n12\n\nLa pr\u00e9sidence  de l'assembl\u00e9e  g\u00e9n\u00e9rale  est assur\u00e9e  par  le pr\u00e9sident  du\nconseil  d'administration  ou, en cas d'absence  ou d'emp\u00eachement  celui-ci,  par\nle vice-pr\u00e9sident  du groupement.\nA d\u00e9faut,  l'assembl\u00e9e  g\u00e9n\u00e9rale  \u00e9lit elle-m\u00eame  son  pr\u00e9sident  parmi  les\nautres  membres  repr\u00e9sentants  de l'\u00c9tat.\nL'assembl\u00e9e  g\u00e9n\u00e9rale  d\u00e9lib\u00e8re  sur :\na) - l'adoption  du programme  annuel  d'activit\u00e9s,\nb) -I'approbation  des  comptes  de chaque  exercice,\nC) - toute  modification  de la convention  constitutive,  notamment  son\nrenouvellement,\nd) - l'admission  de nouveaux  membres,\ne) -l'exclusion  d'un  membre  associ\u00e9,\nf) - les modalit\u00e9s  financi\u00e9res  et autres  du retrait  d'un  membre  associ\u00e9,\ng) - la dissolution  du groupement.\nL'assembl\u00e9e  g\u00e9n\u00e9rale  ne d\u00e9lib\u00e8re  valablement  sur premi\u00e8re  convocation  que  si\nles deux  tiers  des  membres  sont  pr\u00e9sents  ou repr\u00e9sent\u00e9s.  Si le quorum  n'est\npas  atteint,  l'assembl\u00e9e  est \u00e0 nouveau  convoqu\u00e9e  dans  les quinze  jours  et\nd\u00e9libere  valablement  quel  que  soit  le nombre  de membres  pr\u00e9sents.\nLes d\u00e9cisions  sont  prises  a la majorit\u00e9  des  voix  des  membres  pr\u00e9sents  ou\nrepr\u00e9sent\u00e9s.\n13\n\nLes d\u00e9cisions  vis\u00e9es  au paragraphe  e) sont  prises  \u00e0 l'unanimit\u00e9  des  membres\npr\u00e9sents  ou repr\u00e9sent\u00e9s.\nLe repr\u00e9sentant  du membre  dont  l'exclusion  est envisag\u00e9e  ne d\u00e9lib\u00e9re  pas.\nLes organismes  professionnels  des  avocats,  huissiers  et notaires  et les caisses\ndes  r\u00e8glements  p\u00e9cuniaires  des  avocats  forment,  au sein  de l'assembl\u00e9e\ng\u00e9n\u00e9rale,  un coll\u00e8ge  charg\u00e9  de d\u00e9signer  ceux  ou celles  d'entre  eux  dont  les\nrepr\u00e9sentants  si\u00e9geront  au conseil  d'administration.\nLes d\u00e9cisions  du coll\u00e8ge  des  organismes  professionnels  des  professions\njuridiques  et judiciaires  et des  caisses  des  r\u00e8glements  p\u00e9cuniaires  des  avocats\nobligent  les membres  de ce coll\u00e8ge.\nPour  les repr\u00e9sentants  de l'Ordre  des  Avocats  au Barreau  de Toulon  ou au\nBarreau  de Draguignan  : les ann\u00e9es  paires,  le Barreau  de Toulon  sera  membre\navec  voix  d\u00e9lib\u00e9rative  et les ann\u00e9es  impaires,  le barreau  de Draguignan  aura  le\nm\u00eame  statut.  Le Barreau  n'ayant  pas  voix  d\u00e9lib\u00e9rative  l'ann\u00e9e  concern\u00e9e  aura\nvoix  consultative.\nLes  d\u00e9cisions  de l'assembl\u00e9e  g\u00e9n\u00e9rale  consign\u00e9es  dans  un proc\u00e8s-verbal  de\nr\u00e9union,  obligent  tous  les membres.\nArticle  18 : Conseil  d'administration\nLe conseil  d'administration  se r\u00e9unit  au moins  deux  fois  par  an, avant  le 15 mars\npour  arr\u00eater  les comptes  et avant  le ler d\u00e9cembre  pour  arr\u00eater  le projet  de\nbudget,  et aussi  souvent  que  l'int\u00e9r\u00eat  du groupement  l'exige  sur la convocation\nde son  pr\u00e9sident  ou \u00e0 la demande  du tiers  de ses membres.\n14\n\nChaque  membre  dispose  d'une  voix  sauf  le pr\u00e9sident  du groupement  qui\ndispose  de deux  voix.\nIl comprend  outre  son  pr\u00e9sident  :\nAu titre  des repr\u00e9sentants  de l'\u00c9tat  :\ne Le pr\u00e9fet  ou son  repr\u00e9sentant,\ne Le magistrat  d\u00e9l\u00e9gu\u00e9  \u00e0 la politique  associative,  conseiller  \u00e0 la cour\nd'appel  d'Aix  en Provence.\nAu titre  des  repr\u00e9sentants  des  collectivit\u00e9s  territoriales,  des  organismes  priv\u00e9s  et\nmembres  associatifs  :\ne Le pr\u00e9sident  du Conseil  d\u00e9partemental  ou son  repr\u00e9sentant,\no Le b\u00e2tonnier  de l'ordre  des  avocats  au barreau  de Toulon,  ou son\nd\u00e9l\u00e9gataire,\ne La R\u00e9gion  Provence  Alpes  C\u00f4te  d'Azur,  repr\u00e9sent\u00e9e  par  son  Pr\u00e9sident\ne Le b\u00e2tonnier  de l'ordre  des  avocats  au barreau  de Draguignan,  ou son\nd\u00e9l\u00e9gataire.\n\u00c9tant  pr\u00e9cis\u00e9  que  les ann\u00e9es  paires,  le Barreau  de Toulon  sera  membre  avec\nvoix  d\u00e9lib\u00e9rative  et que  les ann\u00e9es  impaires,  le barreau  de Draguignan  aura  le\nm\u00eame  statut.  Le Barreau  n'ayant  pas  voix  d\u00e9lib\u00e9rative  l'ann\u00e9e  concern\u00e9e  aura\nvoix  consultative.\n\u00ab Le pr\u00e9sident  de la chambre  r\u00e9gionale  des  commissaires  de Justice  pr\u00e8s  la\nCour  d'appel  d'Aix-en-Provence  ou son  repr\u00e9sentant,\n15\n\nLe pr\u00e9sident  de la chambre  d\u00e9partementale  des  notaires  du Var  ou son\nrepr\u00e9sentant,\nLe pr\u00e9sident  de la caisse  des  r\u00e8glements  p\u00e9cuniaires  au barreau  de\nToulon  ou son  repr\u00e9sentant,\nLe pr\u00e9sident  de l'association  d\u00e9partementale  des  maires  du Var  ou son\nrepr\u00e9sentant,\nLe pr\u00e9sident  de l'association  d'aide  aux  victimes  d'infractions  du Var,  ou\nson  repr\u00e9sentant.\nEn outre  pourront  \u00eatre  appel\u00e9es  \u00e0 si\u00e9ger  par  le Pr\u00e9sident,  en application\nde l'art  56 de la loi du 10 juillet  1991,  avec  voix  consultative,  pour  la dur\u00e9e\nde la convention,  les personnes  qualifi\u00e9es  suivantes  :\nLe directeur  d\u00e9partemental  des  finances  publiques  du Var,\nLe Pr\u00e9sident  du tribunal  judiciaire  de Draguignan.\nsLe conseil  d'administration  se r\u00e9unit  en pr\u00e9sence  du magistrat  d\u00e9l\u00e9gu\u00e9  \u00e0 la\npolitique  associative  et \u00e0 l'acc\u00e8s  au droit  mentionn\u00e9  \u00e0 l'avant-dernier  alin\u00e9a  de\nl'article  55 de la loi du 10 juillet  1991  susvis\u00e9e  en sa qualit\u00e9  de commissaire  du\nGouvernement  du conseil  d\u00e9partemental  de l'acc\u00e8s  au droit.\nLe mandat  d'administrateur  est exerc\u00e9  gratuitement.\nLe conseil  d'administration  prend  toutes  les d\u00e9cisions  qui ne rel\u00e8vent  pas  de\nla comp\u00e9tence  de l'assembl\u00e9e  g\u00e9n\u00e9rale.\nIl d\u00e9lib\u00e8re  notamment  sur :\n- L'adoption  du programme  annuel  d'activit\u00e9s  et du budget\n16\n\ncorrespondant,\n- le budget  et la fixation  des  participations  respectives,\n- le fonctionnement  du groupement,\n- la convocation  de l'assembl\u00e9e  g\u00e9n\u00e9rale  et la fixation  de l'ordre  du jour\nde cette  derni\u00e8re.\nLe conseil  d'administration  d\u00e9lib\u00e8re  valablement  si la moiti\u00e9  de ses membres\nest pr\u00e9sente  ou repr\u00e9sent\u00e9e.  Chaque  administrateur  peut  donner  mandat  \u00e0 un\nautre  administrateur  pour  le repr\u00e9senter.\nLes d\u00e9cisions  du conseil  d'administration  sont  prises  selon  les r\u00e8gles  de\nmajorit\u00e9  simple  des  membres  pr\u00e9sents  ou repr\u00e9sent\u00e9s.\nSi le quorum  n'est  pas  atteint,  le conseil  d'administration  est \u00e0 nouveau\nconvoqu\u00e9  dans  les sept  jours  et d\u00e9lib\u00e8re  valablement  quel  que  soit  le nombre\nde membres  pr\u00e9sents.\nLa participation  des  administrateurs  du conseil  d\u00e9partemental  de l'acc\u00e8s  au\ndroit  aux  d\u00e9lib\u00e9rations  leur  accordant  des  subventions  ou financement  est\nprohib\u00e9e.  Dans  cette  hypoth\u00e8se,  les administrateurs  concern\u00e9s  par  cette\nprohibition  ne doivent  prendre  part  ni \u00e0 la discussion  ni au vote  du conseil\nd'administration,  la preuve  de ces  abstentions  peut  \u00eatre  apport\u00e9e  par  la\nmention  figurant  au proc\u00e8s-verbal  de la r\u00e9union.\n17\n\nArticle  19 : Pr\u00e9sident  et vice-pr\u00e9sident  du conseil  d'administration  et du\ngroupement\nLe pr\u00e9sident  du conseil  d'administration  est le pr\u00e9sident  du Tribunal  judiciaire\nde Toulon.\nLe procureur  de la R\u00e9publique  pr\u00e8s  ledit  tribunal  en assure  la vice-pr\u00e9sidence.\nEn cas  d'absence  ou d'emp\u00eachement  du pr\u00e9sident,  cette  voix  pr\u00e9pond\u00e9rante\nest attribu\u00e9e  au vice-pr\u00e9sident.  A d\u00e9faut,  le conseil  d'administration  d\u00e9signe\nlui-m\u00eame  le pr\u00e9sident  de s\u00e9ance  parmi  les autres  membres  repr\u00e9sentants  de\nI'Etat.\nDans  ses rapports  avec  les tiers,  il engage  le groupement  pour  tout  acte\nentrant  dans  son  objet.  Il a le pouvoir  d'ester  en justice  et de transiger.\nIl est ordonnateur  des  recettes  et des  d\u00e9penses  du groupement  et a autorit\u00e9\nsur son  personnel.\nIl ex\u00e9cute  et met  en \u0153uvre  les d\u00e9lib\u00e9rations  de l'assembl\u00e9e  g\u00e9n\u00e9rale  et du\nconseil  d'administration,  dont  il pr\u00e9side  les s\u00e9ances.\nIl communique  aux  membres  du conseil  d'administration  l'ordre  du jour  du\nconseil,  qu'il  fixe,  quinze  jours  avant  sa r\u00e9union.\nIl convoque  le conseil  aussi  souvent  que  l'int\u00e9r\u00eat  du groupement  l'exige  et au\nmoins  deux  fois  par  an, avant  le 15 mars  pour  arr\u00eater  les comptes  qui seront\nsoumis  \u00e0 l'assembl\u00e9e  g\u00e9n\u00e9rale  et avant  le 1er d\u00e9cembre  pour  arr\u00eater  le projet\nde budget.\nLe pr\u00e9sident  peut  d\u00e9l\u00e9guer  ses comp\u00e9tences  au sein  du groupement  \u00e0 toute\nautre  personne  qu'il  d\u00e9signera.\n18\n\nArticle  20 : R\u00e8glement  int\u00e9rieur  :\nLe conseil  d'administration  \u00e9tablit  en tant  que  de besoin  un r\u00e8glement\nint\u00e9rieur  relatif  au fonctionnement  du groupement.\nArticle  21 : Dissolution  :\nLe groupement  d'int\u00e9r\u00eat  public  est dissous  :\n1\u00b0 Par l'arriv\u00e9e  du terme  de la convention  constitutive.\n2\u00b0 Par d\u00e9cision  de l'assembl\u00e9e  g\u00e9n\u00e9rale.\n3\u00b0 Par d\u00e9cision  de l'autorit\u00e9  administrative  qui a approuv\u00e9  la convention\nconstitutive,  notamment  en cas d'extinction  de l'objet.\nArticle  22 : Liquidation  :\nLa dissolution  du groupement  entra\u00eene  sa liquidation,  mais  la personnalit\u00e9\nmorale  du groupement  subsiste  pour  les besoins  de celle-ci.\nL'assembl\u00e9e  g\u00e9n\u00e9rale  fixe  les conditions  de r\u00e9mun\u00e9ration,  les attributions  et\nl'\u00e9tendue  des  pouvoirs  du ou des  liquidateurs.\nArticle  23 : d\u00e9volution  des  biens  :\nEn cas  de dissolution  prononc\u00e9e  par  l'autorit\u00e9  administrative,  les biens  et droits\net dettes  du groupement  sont  r\u00e9partis  entre  les membres  du groupement\nproportionnellement  \u00e0 leur  contribution  aux  charges  du GIP  quelle  qu'en  soit\nla forme.\n19\n\nArticle  24 : Conditions  suspensives\nLa pr\u00e9sente  convention  sign\u00e9e  par les repr\u00e9sentants  habilit\u00e9s  de chacun  des\nmembres  est conclue.  sous  r\u00e9serve  de son  approbation  par  l'autorit\u00e9\nadministrative,  qui en assure  la publicit\u00e9  au recueil  des  actes  administratifs  de\nla pr\u00e9fecture  de d\u00e9partement.\nFait \u00e0 Toulon,  le ../../..Z\u00e9  OS  :27,\nEn 19 exemplaires  de .. pages,\nSuivent  les signatures  par les repr\u00e9sentants  NOM  et PRENOM  habilit\u00e9s  de\nchacun  des  membres.\n(Pouvoir  joint)\nLe Pr\u00e9fet  du Var  La Pr\u00e9sidente  du Tribunal  judiciaire\nde Toulon\nm| | CR  LM/ (a 769\nEve)){e  RICHARD  Sylvie MOTTE\n20\n\nLe Procureur  de la R\u00e9publique  du\nTribunal  Judiciaire  de Toulon\n>\nSa FINIELZ\nLe Pr\u00e9sident  de la R\u00e9gion  Provence\nAlpes  Cote  d'Azur\nAN\nRenaud  MUSELIER\nLe B\u00e2tonnier  de l'Ordre  des  avocats\nau barreau  de Toulon\nSophie  CA\u00cfSLe Pr\u00e9sident  de l'Association\nd\u00e9partementale  des  maires  du Var\nLe Pr\u00e9sident  du Conseil\nd\u00e9partement  du Var\n\" 4 JUIN 2023\n(';gm\u2014l.swa  MASSON\nLe Pr\u00e9sident  de la Caisse  des\nr\u00e8glements  p\u00e9cuniaires  au barreau\nde Toulon\nR\u00e9gis  DURAND\n21\n\nLe Batonnier  de I'Ordre\ndes  avocats  au barreau  de Draguignan\nPlo\nLaurent  LE GLAUNEC\nLe Pr\u00e9sident  de la Chambre  Le Pr\u00e9sident  de la Chambre\nR\u00e9gionale  des  commissaires  de D\u00e9partementale  des  notaires  du Var\nJustice  pr\u00e8s  de la Cour  d'appel  d'Aix-\nen-Provence\n< \u2014r\u2014\u2014\">  / {\u00e7 -\n| = /\n\u00b0\nCl _\nThierry  MARTINEZ  C\u00e9cile  MENARD\nLe Maire  dd Toulon  Le Maire  de La Seyne  sur  Mer\nHubert  FALCO  Nathalie  BICAIS\n22\n\n'.7 \u00c6e Maire d'Hy\u00e8res  ies Palmiers  Le Maire de Fr\u00e9jus\nJean-Pierre  GIRAN  David  RACHLINE\nLe Pr\u00e9sident  de l'Agglom\u00e9ration  de Le Pr\u00e9sident  de la Drac\u00e9nie\nla Provence  Verte  Provence  Verdon  agglom\u00e9ration\nDidi\nidier BREMOND  Richard  STRAMBIO\nLa Pr\u00e9sidente  du Centre  Le Pr\u00e9sident  de l'Association  d'aide\nd'information  sur les droits  des  aux  victimes  d'infractions  du Var\nfemmes  et des  familles  du Var  |\no\nClaudine  RICHARD  Serge  LHOTELLIER\n23","date":"2024-01-31","first_seen_on":"2024-08-21T11:10:23+00:00","id":"48b2149f7856d93aad41ea100295ab699029694c27338f12d917b4f6f54831bf","name":"RAA N\u00b021 du 31 janvier 2024","pdf_creation_date":null,"pdf_modification_date":"2024-01-31T15:25:48+00:00","timezone":"Europe/Paris","url":"https://www.var.gouv.fr/contenu/telechargement/32798/218760/file/RAA%20N%C2%B021%20du%2031%20janvier%202024.pdf"}
