{"administration":"prefidf","administration_name":"Pr\u00e9fecture de la r\u00e9gion \u00cele-de-France","content":"PREFECTURE\nREGION ILE DE\nFRANCE\nRECUEIL DES ACTES\nADMINISTRATIFS SP\u00c9CIAL\nN\u00b0IDF-006-2025-05\nPUBLI\u00c9 LE  5 MAI 2025\nSommaire\nDirection r\u00e9gionale et interd\u00e9partementale de l'alimentation, de\nl'agriculture et de la for\u00eat d'Ile de France /\nIDF-2025-05-05-00002 - Arr\u00eat\u00e9 pr\u00e9fectoral \n\nfixant la liste des\norganisation syndicales d'exploitants agricoles \u00e0 vocation g\u00e9n\u00e9rale\nhabilit\u00e9es \u00e0 si\u00e9ger dans les commissions, comit\u00e9s professionnels ou\norganismes dans la r\u00e9gion d'\u00cele-de-France\n (2 pages) Page 3\n2\nDirection r\u00e9gionale et interd\u00e9partementale de\nl'alimentation, de l'agriculture et de la for\u00eat d'Ile\nde France\nIDF-2025-05-05-00002\nArr\u00eat\u00e9 pr\u00e9fectoral \nfixant la liste des organisation syndicales\nd'exploitants agricoles \u00e0 vocation g\u00e9n\u00e9rale\nhabilit\u00e9es \u00e0 si\u00e9ger dans les commissions, comit\u00e9s\nprofessionnels ou organismes dans la r\u00e9gion\nd'\u00cele-de-France\nDirection r\u00e9gionale et interd\u00e9partementale de l'alimentation, de l'agriculture et de la for\u00eat d'Ile de France - IDF-2025-05-05-00002 -\nArr\u00eat\u00e9 pr\u00e9fectoral \nfixant la liste des organisation syndicales d'exploitants agricoles \u00e0 vocation g\u00e9n\u00e9rale habilit\u00e9es \u00e0 si\u00e9ger dans les commissions, comit\u00e9s\nprofessionnels ou organismes dans la r\u00e9gion d'\u00cele-de-France\n3\n \n \n \n \n  \n \n \n \n \n \nArr\u00eat\u00e9 pr\u00e9fectoral  \n \nfixant la liste des organisation syndicales d'exploitants agricoles \u00e0 vocation g\u00e9n\u00e9rale \nhabilit\u00e9es \u00e0 si\u00e9ger dans les commissions, comit\u00e9s professionnels ou organismes dans la r\u00e9gion \nd'\u00cele-de-France \n \nLe pr\u00e9fet de la r\u00e9gion d'\u00cele-de-France, pr\u00e9fet de Paris, \nCommandeur de la L\u00e9gion d'honneur, \nOfficier de l'Ordre national du m\u00e9rite \n \n \nVu la loi n\u00b099-574 du 9 juillet 1999 d'orientation agricole modifi\u00e9e, notamment son article 2; \nVu le code rural et de la p\u00eache maritime, notamment son article R. 514-38 ; \nVu l'arr\u00eat\u00e9 n\u00b02019-04-10-015 fixant la liste des organisations syndicales d'exploitants agricoles habilit\u00e9es \n\u00e0 si\u00e9ger au sein de certains organismes ou commissions d\u00e9partementales ou r\u00e9gionales  ; \nVu l'arr\u00eat\u00e9 n\u00b02019-04-10-015 fixant la liste des organisations syndicales d'exploitants agricoles habilit\u00e9es \n\u00e0 si\u00e9ger au sein de certains organismes ou commissions d\u00e9partementales ou r\u00e9gionales  ; \nVu les arr\u00eat\u00e9s pr\u00e9fectoraux fixant les listes des organisations syndicales d'exploitants agricoles \u00e0 \nvocation g\u00e9n\u00e9rale habilit\u00e9es \u00e0 si\u00e9ger dans les commissions et comit\u00e9s professionnels d\u00e9partementaux \ndes d\u00e9partements de Seine-et-Marne, des Yvelines, de l'Essonne et du Val-d'Oise, et l'arr\u00eat\u00e9 fixant la \nliste des organisations syndicales d'exploitants agricoles \u00e0 vocation g\u00e9n\u00e9rale habilit\u00e9es \u00e0 si\u00e9ger dans les \ncommissions et comit\u00e9s professionnels pr\u00e9sid\u00e9s par le Pr\u00e9fet de la r\u00e9gion d'\u00cele-de-France, Pr\u00e9fet de \nParis, couvrant les d\u00e9partements de Paris, des Hauts-de-Seine, de Seine-Saint-Denis et du Val-de-\nMarne  ; \nConsid\u00e9rant les r\u00e9sultats de la derni\u00e8re \u00e9lection des membres de la chambre d'agriculture de r\u00e9gion \n\u00cele-de-France (scrutin clos le 31 janvier 2025) ; \nConsid\u00e9rant le fonctionnement ind\u00e9pendant, r\u00e9gulier et effectif depuis au moins cinq ans des \nsyndicats mentionn\u00e9s \u00e0 l'article premier  ; \nSur proposition de la directrice r\u00e9gionale et interd\u00e9partementale de l'alimentation, de l'agriculture et \nde la for\u00eat d'\u00cele-de-France \n \nARR\u00caTE \n \nArticle 1 er . Sont habilit\u00e9es \u00e0 si\u00e9ger dans les commissions, comit\u00e9s professionnels ou organismes de \ntoute nature investis d'une mission de service public ou assurant la gestion de fonds publics ou \nassimil\u00e9s dans la r\u00e9gion d'\u00cele-de-France, les organisations syndicales d'exploitants agricoles \u00e0 vocation \ng\u00e9n\u00e9rale suivantes  : \n- La f\u00e9d\u00e9ration r\u00e9gionale des syndicats d'exploitants agricoles d'\u00cele-de-France (FRSEA \u00cele-de-\nFrance), \n- Jeunes Agriculteurs - R\u00e9gion \u00cele-de-France, \n- La coordination rurale \u00cele-de-France, \n- La conf\u00e9d\u00e9ration paysanne \u00cele-de-France. \n \n \n \nDirection r\u00e9gionale et interd\u00e9partementale de l'alimentation, de l'agriculture et de la for\u00eat d'Ile de France - IDF-2025-05-05-00002 -\nArr\u00eat\u00e9 pr\u00e9fectoral \nfixant la liste des organisation syndicales d'exploitants agricoles \u00e0 vocation g\u00e9n\u00e9rale habilit\u00e9es \u00e0 si\u00e9ger dans les commissions, comit\u00e9s\nprofessionnels ou organismes dans la r\u00e9gion d'\u00cele-de-France\n4\nArticle 2.  L'arr\u00eat\u00e9 n\u00b02019-04-10-015 fixant la liste des organisations syndicales d'exploitants agricoles \nhabilit\u00e9es \u00e0 si\u00e9ger au sein de certains organismes ou commissions d\u00e9partementales ou r\u00e9gionales \nsusvis\u00e9 est abrog\u00e9. \n \nArticle 3. La pr\u00e9f\u00e8te, secr\u00e9taire g\u00e9n\u00e9rale aux politiques publiques et la Directrice r\u00e9gionale et \ninterd\u00e9partementale de l'alimentation, l'agriculture et de la for\u00eat sont charg\u00e9es, chacune en ce qui la \nconcerne, de l'ex\u00e9cution du pr\u00e9sent arr\u00eat\u00e9 qui sera publi\u00e9 au recueil des actes administratifs de la \nPr\u00e9fecture de la r\u00e9gion d'\u00cele-de-France, pr\u00e9fecture de Paris et de la pr\u00e9fecture de Police, accessible sur \nle site internet de la Pr\u00e9fecture de la r\u00e9gion d'\u00cele-de-France, pr\u00e9fecture de Paris ( www.prefectures-\nregions.gouv.fr/ile-de-france ). \n \nFait \u00e0 Paris, le 05 mai 2025 \n \n \n \nLa Pr\u00e9f\u00e8te Secr\u00e9taire G\u00e9n\u00e9rale aux \nPolitiques publiques, assurant la \nsuppl\u00e9ance du Pr\u00e9fet de la r\u00e9gion \n Ile-de-France, Pr\u00e9fet de Paris,  \n \nSIGNE \n \nMarie Gauthier-MELLERAY \nDirection r\u00e9gionale et interd\u00e9partementale de l'alimentation, de l'agriculture et de la for\u00eat d'Ile de France - IDF-2025-05-05-00002 -\nArr\u00eat\u00e9 pr\u00e9fectoral \nfixant la liste des organisation syndicales d'exploitants agricoles \u00e0 vocation g\u00e9n\u00e9rale habilit\u00e9es \u00e0 si\u00e9ger dans les commissions, comit\u00e9s\nprofessionnels ou organismes dans la r\u00e9gion d'\u00cele-de-France\n5","date":"2025-05-05","first_seen_on":"2025-05-05T16:43:45+00:00","id":"48e32d1e55d2a0f6e7b264d152a5ea743ce33c6263f5e8cfb80fd2056ee5e6b3","name":"recueil-idf-006-2025-05-recueil-des-actes-administratifs-special du 05.05.2025","pdf_creation_date":"2025-05-05T15:01:57+00:00","pdf_modification_date":null,"timezone":"Europe/Paris","url":"https://www.prefectures-regions.gouv.fr/ile-de-france/irecontenu/telechargement/127474/940608/file/recueil-idf-006-2025-05-recueil-des-actes-administratifs-special%20du%2005.05.2025.pdf"}
