{"administration":"pref83","administration_name":"Pr\u00e9fecture du Var","content":"VAR\nRECUEIL DES ACTES\nADMINISTRATIFS\nN\u00b083-2025-185\nPUBLI\u00c9 LE  3 JUIN 2025\nSommaire\nPr\u00e9fecture du VAR / Direction de la coordination des politiques publiques\net de l'appui territorial\n83-2025-06-02-00037 - ARR\u00caT\u00c9 PR\u00c9FECTORAL n\u00b0 2025/13/MCI du 2\njuin 2025\nportant d\u00e9l\u00e9gation de signature \u00e0 M. Jean-Baptiste\nMORINAUD,\nSecr\u00e9taire g\u00e9n\u00e9ral adjoint de la pr\u00e9fecture du\nVar,\nSous-pr\u00e9fet charg\u00e9 de mission aupr\u00e8s du pr\u00e9fet du Var, (4\npages) Page 3\n2\nPr\u00e9fecture du VAR\n83-2025-06-02-00037\nARR\u00caT\u00c9 PR\u00c9FECTORAL n\u00b0 2025/13/MCI du 2 juin\n2025\nportant d\u00e9l\u00e9gation de signature \u00e0 M.\nJean-Baptiste MORINAUD,\nSecr\u00e9taire g\u00e9n\u00e9ral adjoint de la pr\u00e9fecture du\nVar,\nSous-pr\u00e9fet charg\u00e9 de mission aupr\u00e8s du pr\u00e9fet\ndu Var,\nPr\u00e9fecture du VAR - 83-2025-06-02-00037 - ARR\u00caT\u00c9 PR\u00c9FECTORAL n\u00b0 2025/13/MCI du 2 juin 2025\nportant d\u00e9l\u00e9gation de signature \u00e0 M. Jean-Baptiste MORINAUD,\nSecr\u00e9taire g\u00e9n\u00e9ral adjoint de la pr\u00e9fecture du Var,\nSous-pr\u00e9fet charg\u00e9 de mission aupr\u00e8s du pr\u00e9fet du Var,\n3\n=mPREFETDU VARLibert\u00e9Egalit\u00e9Fraternit\u00e9\nDirection de la coordination des politiques publiques\net de l'appui territorial\nMission de coordination interminist\u00e9rielle\nARR\u00caT\u00c9 PR\u00c9FECTORAL n\u00b0 2025/13/MCI du 2 juin 2025\nportant d\u00e9l\u00e9gation de signature \u00e0 M. Jean-Baptiste MORINAUD, \nSecr\u00e9taire g\u00e9n\u00e9ral adjoint de la pr\u00e9fecture du Var,\nSous-pr\u00e9fet charg\u00e9 de mission aupr\u00e8s du pr\u00e9fet du Var,\nLe Pr\u00e9fet du Var,\nChevalier de la L\u00e9gion d'Honneur,\nChevalier de l'Ordre National du M\u00e9rite,\nVu la loi n\u00b0 82-213 du 2 mars 1982 modifi\u00e9e, relative aux droits et libert\u00e9s des communes, des  \nd\u00e9partements et des r\u00e9gions ;\nVu la loi n\u00b0 83-8 du 7 janvier 1983 modifi\u00e9e, relative \u00e0 la r\u00e9partition des comp\u00e9tences entre les \ncommunes, les d\u00e9partements, les r\u00e9gions et l'\u00c9tat ;\nVu  la  loi  d'orientation  n\u00b0  92-125  du  6  f\u00e9vrier  1992  modifi\u00e9e  relative  \u00e0  l'administration \nterritoriale de la R\u00e9publique ;\nVu la loi n\u00b0 2004-809 du 13 ao\u00fbt 2004 modifi\u00e9e relative aux libert\u00e9s et responsabilit\u00e9s locales ;\nVu  le  d\u00e9cret  n\u00b0  2004-374  du  29  avril  2004  modifi\u00e9  relatif  aux  pouvoirs  des  pr\u00e9fets,  \u00e0 \nl'organisation et \u00e0 l'action des services de l'\u00c9tat dans les r\u00e9gions et d\u00e9partements ;\nVu le d\u00e9cret n\u00b0 2015-510 du 7 mai 2015 portant charte de la d\u00e9concentration ;\nVu  le  d\u00e9cret  du  Pr\u00e9sident  de  la  R\u00e9publique  du  12  avril  2022  portant  nomination  de \nM.  Lucien  GIUDICELLI,  secr\u00e9taire  g\u00e9n\u00e9ral  de  la  pr\u00e9fecture  du  Var,  sous-pr\u00e9fet  de  \nl'arrondissement de Toulon ;\nVu le d\u00e9cret du Pr\u00e9sident de la R\u00e9publique du  21 septembre 2024 portant nomination de  \nM. Jean-Baptiste MORINAUD, secr\u00e9taire g\u00e9n\u00e9ral adjoint de la pr\u00e9fecture du Var, sous-pr\u00e9fet  \ncharg\u00e9 de mission aupr\u00e8s du pr\u00e9fet du Var ;\nVu le d\u00e9cret du Pr\u00e9sident de la R\u00e9publique du 15 mai 2025 portant nomination de M. Simon  \nBABRE, pr\u00e9fet du Var ;\nVu  l'arr\u00eat\u00e9  pr\u00e9fectoral  n\u00b02024/43/MCI  du  30  d\u00e9cembre  2024  portant  organisation  de  la \npr\u00e9fecture du Var ;\nVu la circulaire n\u00b06344/SG du 20 avril 2022 relative \u00e0 la mise en \u0153uvre territoriale du plan de  \nr\u00e9silience \u00e9conomique et sociale ;\nVu la circulaire n\u00b06375/SG du 6 octobre 2022 relative \u00e0 la mise en \u0153uvre de la politique  \ninterminist\u00e9rielle pour l'inclusion des personnes handicap\u00e9es ;\nPr\u00e9fecture du Var - Bd du 112\u00e8me R\u00e9giment d'Infanterie - CS 31 209 - 83070 TOULON CEDEX\nStandard t\u00e9l\u00e9phonique : 04 94 18 83 83 \u2013 Horaires d'ouverture et modalit\u00e9s d'accueil sur le portail Internet : www.var.gouv.fr\n1/4\nPr\u00e9fecture du VAR - 83-2025-06-02-00037 - ARR\u00caT\u00c9 PR\u00c9FECTORAL n\u00b0 2025/13/MCI du 2 juin 2025\nportant d\u00e9l\u00e9gation de signature \u00e0 M. Jean-Baptiste MORINAUD,\nSecr\u00e9taire g\u00e9n\u00e9ral adjoint de la pr\u00e9fecture du Var,\nSous-pr\u00e9fet charg\u00e9 de mission aupr\u00e8s du pr\u00e9fet du Var,\n4\nVu la circulaire n\u00b06389/SG du 12 janvier 2023 relative aux modalit\u00e9s d'un accompagnement  \nrenforc\u00e9  au  plan  d\u00e9partemental  des  projets  France  2030  et  d'implantation  d'activit\u00e9s \nindustrielles et logistiques ;\nSur proposition du secr\u00e9taire g\u00e9n\u00e9ral de la pr\u00e9fecture du Var,\nARR\u00caTE :\nARTICLE      1  \nM. Jean-Baptiste MORINAUD , secr\u00e9taire g\u00e9n\u00e9ral adjoint de la pr\u00e9fecture du Var, sous-pr\u00e9fet  \ncharg\u00e9 de mission aupr\u00e8s du pr\u00e9fet du Var,  assiste le pr\u00e9fet pour toutes les missions relevant  \nde la politique de la ville, de l'\u00e9galit\u00e9 des chances, de la lutte contre les discriminations, le  \nracisme  et  l'antis\u00e9mitisme.  Il exerce  les  missions  relatives  \u00e0  l'asile  en  lien  direct  avec  le \nsecr\u00e9taire g\u00e9n\u00e9ral de la pr\u00e9fecture du Var. \nAu titre de la politique de la ville, il est notamment charg\u00e9 d'animer et de coordonner les  \ndispositifs de l'\u00c9tat dans les domaines de la r\u00e9novation urbaine, du logement, de l'emploi et \ndu d\u00e9veloppement \u00e9conomique, de la formation professionnelle et des aides aux entreprises.\nDans le cadre des missions de coh\u00e9sion sociale, il est notamment charg\u00e9 d'animer et de  \ncoordonner les dispositifs de l'\u00c9tat  dans les domaines de l'h\u00e9bergement, de  l'insertion par  \nl'activit\u00e9 \u00e9conomique, de l'acc\u00e8s \u00e0 la citoyennet\u00e9 et de la lutte contre les exclusions.\nM.  Jean-Baptiste  MORINAUD  est  d\u00e9sign\u00e9  sous-pr\u00e9fet  r\u00e9f\u00e9rent  d\u00e9partemental,  pour  les \nmissions suivantes :\n\u2022 le handicap et l'inclusion ;\n\u2022 l'accueil des r\u00e9fugi\u00e9s ;\n\u2022 les valeurs de la R\u00e9publique et la\u00efcit\u00e9 ;\n\u2022 la lutte contre l'habitat indigne ;\n\u2022 le plan de r\u00e9silience \u00e9conomique et sociale\u00a0;\n\u2022 France 2030 et l'acc\u00e9l\u00e9ration des projets industriels.\nARTICLE 2\nD\u00e9l\u00e9gation de signature est donn\u00e9e \u00e0 M. Jean-Baptiste MORINAUD \u00e0  l'effet  de  signer,  tous  \nactes, arr\u00eat\u00e9s, d\u00e9cisions, correspo ndances et documents administratifs concernant, dans le  \nd\u00e9partement du Var, les domaines suivants :\n\u2022 la mise en \u0153uvre de la politique de la ville, et notamment les  conventions portant  \nattribution  de  subvention  de  fonctionnement  de  l'\u00c9tat  d'un  montant  sup\u00e9rieur  \u00e0 \n50 000 \u20ac, ainsi que les d\u00e9cisions de subventions d'investissement quel qu'en soit  le \nmontant ;\n\u2022 la pr\u00e9vention de l'exclusion et l'insertion des personnes vuln\u00e9rables, e t notamment les \nconventions  portant  attribution  de  subvention  de  fonctionnement  de  l'\u00c9tat,  d'un \nmontant sup\u00e9rieur \u00e0 50 000 \u20ac, ainsi que les d\u00e9cisions de subventions d'investissement  \nquel qu'en soit le montant ;\n\u2022 la r\u00e9novation urbaine ;\n\u2022 l'\u00e9galit\u00e9 des chances ;\n\u2022 la lutte contre les discriminations, le racisme et l'antis\u00e9mitisme ;\nPr\u00e9fecture du Var - Bd du 112\u00e8me R\u00e9giment d'Infanterie - CS 31 209 - 83070 TOULON CEDEX\nStandard t\u00e9l\u00e9phonique : 04 94 18 83 83 \u2013 Horaires d'ouverture et modalit\u00e9s d'accueil sur le portail Internet : www.var.gouv.fr\n2/4\nPr\u00e9fecture du VAR - 83-2025-06-02-00037 - ARR\u00caT\u00c9 PR\u00c9FECTORAL n\u00b0 2025/13/MCI du 2 juin 2025\nportant d\u00e9l\u00e9gation de signature \u00e0 M. Jean-Baptiste MORINAUD,\nSecr\u00e9taire g\u00e9n\u00e9ral adjoint de la pr\u00e9fecture du Var,\nSous-pr\u00e9fet charg\u00e9 de mission aupr\u00e8s du pr\u00e9fet du Var,\n5\n\u2022 les valeurs de la R\u00e9publique et la la\u00efcit\u00e9 ;\n\u2022 l'int\u00e9gration des populations immigr\u00e9es ;\n\u2022 la lutte contre l'habitat indigne et notamment toutes d\u00e9cisions mettant en \u0153uvre les  \npouvoirs de police sp\u00e9ciale du pr\u00e9fet dans ce domaine ;\n\u2022 le handicap et l'inclusion.\nARTICLE 3\nM. Jean-Baptiste MORINAUD est habilit\u00e9 \u00e0 signer les actes relatifs au fonctionnement et aux  \navis ou d\u00e9cisions des commissions administratives dont il assure la pr\u00e9sidence \u00e0 la demande  \ndu pr\u00e9fet. \nARTICLE 4\nLorsque  M. Jean-Baptiste MORINAUD  assure le service institu\u00e9 conform\u00e9ment \u00e0 l'ordre des  \npermanences fix\u00e9 par le pr\u00e9fet, d\u00e9l\u00e9gation sp\u00e9ciale lui est alors accord\u00e9e \u00e0 l'effet de signer,  \npour  l'ensemble  du  d\u00e9partement,  toute  d\u00e9cision  n\u00e9cessit\u00e9e  par  une  situation  d'urgence, \nnotamment :\n\u2022 les d\u00e9cisions de suspension provisoire imm\u00e9diate des permis de conduire ;\n\u2022 les mesures d'\u00e9loignement relevant de la comp\u00e9tence du repr\u00e9sentant de l'\u00c9tat  \ndans le d\u00e9partement et concernant les \u00e9trangers s\u00e9journant irr\u00e9guli\u00e8rement sur le  \nterritoire  fran\u00e7ais  et  les  d\u00e9cisions  de  placement  en  r\u00e9tention  administrative  ou \nd'assignation \u00e0 r\u00e9sidence des \u00e9trangers objet de ces mesures, prises en application  \ndes dispositions du code de l'entr\u00e9e et du s\u00e9jour des \u00e9trangers et du droit d'asile  \n(CESEDA) ;\n\u2022 tout  courrier  relatif  aux  proc\u00e9dures  d'\u00e9loignement  concernant  les  \u00e9trangers  \ns\u00e9journant  irr\u00e9guli\u00e8rement  sur  le  territoire  fran\u00e7ais,  y  compris  toute  requ\u00eate \nadress\u00e9e aux juridictions en mati\u00e8re de r\u00e9tention administrative, notamment au  \njuge des libert\u00e9s et de la d\u00e9tention en application des articles L 552-1 \u00e0 L 552-8 du  \nCESEDA, en vue d'obtenir la prolongation de la r\u00e9tention administrative ;\n\u2022 la d\u00e9livrance de passeports et de titres d'identit\u00e9 ;\n\u2022 les arr\u00eat\u00e9s pronon\u00e7ant l'admission sans consentement en soins psychiatriques des  \npersonnes dont les troubles mentaux n\u00e9cessitent des soins et compromettent la  \ns\u00fbret\u00e9 des personnes ou portent atteinte, de fa\u00e7on grave, \u00e0 l'ordre public ainsi que  \nles oppositions aux demandes d'autorisation de sortie de courte dur\u00e9e prises en  \napplication de l'article L 3211-11-1 du code de la sant\u00e9 publique ;\n\u2022 La saisine du juge du tribunal judiciaire aux fins de contr\u00f4les des mesures de soins  \nsans consentement ;\n\u2022 La signature des m\u00e9moires  produits dans le cadre des audiences du juge judicaire  \nen mati\u00e8re de soins sans consentement ;\n\u2022 les autorisations de transport de corps en dehors du territoire m\u00e9tropolitain ;\n\u2022 les gardes statiques et escortes de d\u00e9tenus.\nD\u00e9l\u00e9gation lui est \u00e9galement donn\u00e9e pour signer toute r\u00e9quisition, toute requ\u00eate ou tout  \nm\u00e9moire  aupr\u00e8s  des  juridictions,  notamment  en  mati\u00e8re  de  r\u00e9tention  administrative,  \u00e0 \nl'exclusion des d\u00e9clinatoires de comp\u00e9tence et arr\u00eat\u00e9s de conflit.\nPr\u00e9fecture du Var - Bd du 112\u00e8me R\u00e9giment d'Infanterie - CS 31 209 - 83070 TOULON CEDEX\nStandard t\u00e9l\u00e9phonique : 04 94 18 83 83 \u2013 Horaires d'ouverture et modalit\u00e9s d'accueil sur le portail Internet : www.var.gouv.fr\n3/4\nPr\u00e9fecture du VAR - 83-2025-06-02-00037 - ARR\u00caT\u00c9 PR\u00c9FECTORAL n\u00b0 2025/13/MCI du 2 juin 2025\nportant d\u00e9l\u00e9gation de signature \u00e0 M. Jean-Baptiste MORINAUD,\nSecr\u00e9taire g\u00e9n\u00e9ral adjoint de la pr\u00e9fecture du Var,\nSous-pr\u00e9fet charg\u00e9 de mission aupr\u00e8s du pr\u00e9fet du Var,\n6\nARTICLE 5\nLe secr\u00e9taire g\u00e9n\u00e9ral de la pr\u00e9fecture du Var et le secr\u00e9taire g\u00e9n\u00e9ral adjoint de la pr\u00e9fecture  \ndu Var, \u00a0sous-pr\u00e9fet charg\u00e9 de mission aupr\u00e8s du Pr\u00e9fet,  sont charg\u00e9s, chacun en ce qui le  \nconcerne, de l'ex\u00e9cution du pr\u00e9sent arr\u00eat\u00e9 qui sera publi\u00e9 au recueil des actes administratifs  \nde la pr\u00e9fecture du Var. \nFait \u00e0 Toulon, le 2 juin 2025\nPr\u00e9fet du Var\nSign\u00e9\nSimon BABRE\nPr\u00e9fecture du Var - Bd du 112\u00e8me R\u00e9giment d'Infanterie - CS 31 209 - 83070 TOULON CEDEX\nStandard t\u00e9l\u00e9phonique : 04 94 18 83 83 \u2013 Horaires d'ouverture et modalit\u00e9s d'accueil sur le portail Internet : www.var.gouv.fr\n4/4\nPr\u00e9fecture du VAR - 83-2025-06-02-00037 - ARR\u00caT\u00c9 PR\u00c9FECTORAL n\u00b0 2025/13/MCI du 2 juin 2025\nportant d\u00e9l\u00e9gation de signature \u00e0 M. Jean-Baptiste MORINAUD,\nSecr\u00e9taire g\u00e9n\u00e9ral adjoint de la pr\u00e9fecture du Var,\nSous-pr\u00e9fet charg\u00e9 de mission aupr\u00e8s du pr\u00e9fet du Var,\n7","date":"2025-06-03","first_seen_on":"2025-06-03T08:40:44+00:00","id":"49489705495c1827a43343150943b3371fcd9f24c2bf86860a0385266e94f262","name":"RAA N\u00b0185 du 3 juin 2025","pdf_creation_date":"2025-06-03T07:36:35+00:00","pdf_modification_date":null,"timezone":"Europe/Paris","url":"https://www.var.gouv.fr/contenu/telechargement/41194/269481/file/RAA%20N%C2%B0185%20du%203%20juin%202025.pdf"}
