{"administration":"prefidf","administration_name":"Pr\u00e9fecture de la r\u00e9gion \u00cele-de-France","content":"PREFECTURE\nREGION ILE DE\nFRANCE\nRECUEIL DES ACTES\nADMINISTRATIFS SP\u00c9CIAL\nN\u00b0IDF-068-2025-09\nPUBLI\u00c9 LE 30 SEPTEMBRE 2025\nSommaire\nPr\u00e9fecture de la R\u00e9gion d'Ile de France, Pr\u00e9fecture de Paris  / Direction\ndes affaires juridiques\nIDF-2025-09-23-00029 - Arr\u00eat\u00e9\nportant d\u00e9l\u00e9gation de signature \u00e0\nMonsieur Edward de LUMLEY,\ndirecteur r\u00e9gional des affaires culturelles\nde la r\u00e9gion d'\u00cele-de-France, en mati\u00e8re administrative (3 pages) Page 3\nPr\u00e9fecture de la r\u00e9gion d'Ile-de-France, pr\u00e9fecture de\nParis-Secr\u00e9tariat g\u00e9n\u00e9ral aux politiques publiques / Direction des\naffaires juridiques\nIDF-2025-09-23-00030 - Arr\u00eat\u00e9 portant d\u00e9l\u00e9gation de signature \u00e0\nMonsieur Edward de LUMLEY, directeur r\u00e9gional des affaires culturelles de\nla r\u00e9gion d'\u00cele-de-France, en mati\u00e8re d'ordonnancement\nsecondaire (3 pages) Page 7\n2\nPr\u00e9fecture de la R\u00e9gion d'Ile de France,\nPr\u00e9fecture de Paris \nIDF-2025-09-23-00029\nArr\u00eat\u00e9\nportant d\u00e9l\u00e9gation de signature \u00e0 Monsieur\nEdward de LUMLEY,\ndirecteur r\u00e9gional des affaires culturelles de la\nr\u00e9gion d'\u00cele-de-France, en mati\u00e8re administrative\nPr\u00e9fecture de la R\u00e9gion d'Ile de France, Pr\u00e9fecture de Paris  - IDF-2025-09-23-00029 - Arr\u00eat\u00e9\nportant d\u00e9l\u00e9gation de signature \u00e0 Monsieur Edward de LUMLEY,\ndirecteur r\u00e9gional des affaires culturelles de la r\u00e9gion d'\u00cele-de-France, en mati\u00e8re administrative\n3\n=PREFETDE LA REGIOND'\u00ceLE-DE-FRANCELibert\u00e9Egadir\u00e9Fratermit\u00e9\n  \n \nSecr\u00e9tariat g\u00e9n\u00e9ral aux politiques publiques \nDirection des affaires juridiques \n \n \n \nPr\u00e9fecture de la r\u00e9gion d'\u00cele-de-France, pr\u00e9fecture de Paris \n5, rue Leblanc 75 911 Paris Cedex 15 |  Standard : 01 82 52 40 00 \nSite internet : https://www.prefectures-regions.gouv.fr/ile-de-france \nArr\u00eat\u00e9 \nportant d\u00e9l\u00e9gation de signature \u00e0 Monsieur Edward de LUMLEY,  \ndirecteur r\u00e9gional des affaires culturelles de la r\u00e9gion d'\u00cele-de-France, en mati\u00e8re administrative \n \n \nLe pr\u00e9fet de la r\u00e9gion d'Ile-de-France, \nPr\u00e9fet de Paris, \nGrand officier de la L\u00e9gion d'honneur, \nOfficier de l'ordre national du M\u00e9rite \n \nVu le code de justice administrative ; \nVu le code de l'environnement ; \nVu le code de l'urbanisme ; \nVu le code du patrimoine ; \nVu le code du travail ; \nVu le code de l'\u00e9ducation ; \nVu le code du commerce ; \nVu le code g\u00e9n\u00e9ral de la propri\u00e9t\u00e9 des personnes publiques ; \nVu le code g\u00e9n\u00e9ral des collectivit\u00e9s territoriales ; \nVu le code de l'industrie cin\u00e9matographique ; \nVu la loi du 31 d\u00e9cembre 1913 modifi\u00e9e sur les monuments historiques ; \nVu la loi n\u00b077-2 du 3 janvier 1977 modifi\u00e9e sur l'architecture ; \nVu la loi n\u00b082-213 du 2 mars 1982 modifi\u00e9e relative  aux droits et libert\u00e9s des communes, des d\u00e9parteme nts et \ndes r\u00e9gions ; \nVu la loi d'orientation n\u00b092-125 du 6 f\u00e9vrier 1992 modifi\u00e9e relative \u00e0 l'administration territoriale de la R\u00e9publique ; \nVu la loi n\u00b095-115 du 4 f\u00e9vrier 1995 modifi\u00e9e d'ori entation pour l'am\u00e9nagement et le d\u00e9veloppement du  \nterritoire ; \nVu l'ordonnance n\u00b0 45-2339 du 13 octobre 1945 modifi\u00e9e relative aux spectacles ; \nVu le d\u00e9cret n\u00b0 81-544 du 12 mai 1981 relatif aux c onditions de nomination et d'avancement dans l'empl oi de \nconservateur r\u00e9gional des monuments historiques ; \nVu le d\u00e9cret 95-462 du 26 avril 1995 modifi\u00e9 portan t statut de la Caisse nationale des monuments histo riques et \ndes sites ; \nVu le d\u00e9cret n\u00b0 97-1200 du 19 d\u00e9cembre 1997 modifi\u00e9 pris pour l'application par la ministre charg\u00e9e de la culture \net de la communication du 1\u00b0 de l'article 2 du d\u00e9cr et n\u00b0 97-34 du 15 janvier 1997 relatif \u00e0 la d\u00e9conce ntration des \nd\u00e9cisions administratives individuelles ; \nVu le d\u00e9cret n\u00b02004-374 du 29 avril 2004 modifi\u00e9 re latif aux pouvoirs des pr\u00e9fets, \u00e0 l'organisation et  \u00e0 l'action \ndes services de l'Etat dans les r\u00e9gions et d\u00e9partements ; \nVu le d\u00e9cret 2004-474 du 2 juin 2004 modifi\u00e9 portan t statut particulier du corps des architectes et ur banistes de \nl'Etat ;  \n \nPr\u00e9fecture de la R\u00e9gion d'Ile de France, Pr\u00e9fecture de Paris  - IDF-2025-09-23-00029 - Arr\u00eat\u00e9\nportant d\u00e9l\u00e9gation de signature \u00e0 Monsieur Edward de LUMLEY,\ndirecteur r\u00e9gional des affaires culturelles de la r\u00e9gion d'\u00cele-de-France, en mati\u00e8re administrative\n4\n2 \n \nVu le d\u00e9cret n\u00b02004-490 du 3 juin 2004 modifi\u00e9 rela tif aux proc\u00e9dures administratives et financi\u00e8res e n mati\u00e8re \nd'arch\u00e9ologie pr\u00e9ventive ; \nVu le d\u00e9cret n\u00b0 2009-1490 du 2 d\u00e9cembre 2009 modifi \u00e9 relatif \u00e0 la reconnaissance des qualifications \nprofessionnelles pour l'exercice de la profession d'architecte ; \nVu le d\u00e9cret n\u00b02010-633 du 8 juin 2010 modifi\u00e9 rela tif \u00e0 l'organisation et aux missions des directions  r\u00e9gionales \ndes affaires culturelles ; \nVu le d\u00e9cret n\u00b0 2010-687 du 24 juin 2010 modifi\u00e9 re latif \u00e0 l'organisation et aux missions des services  de l'Etat \ndans la r\u00e9gion et les d\u00e9partements d'\u00cele-de-France ; \nVu le d\u00e9cret n\u00b0 2015-510 du 7 mai 2015 modifi\u00e9 portant charte de la d\u00e9concentration ; \nVu le d\u00e9cret n\u00b0 2019-1594 du 31 d\u00e9cembre 2019 relatif aux emplois de direction de l'Etat ; \nVu le d\u00e9cret du 22 juillet 2020 portant nomination de Monsieur Marc GUILLAUME en qualit\u00e9 de pr\u00e9fet de la \nr\u00e9gion d'Ile-de-France, pr\u00e9fet de Paris ; \nVu l'arr\u00eat\u00e9 minist\u00e9riel du 16 juin 2003 modifi\u00e9 rel atif \u00e0 l'examen du dipl\u00f4me d'\u00c9tat de professeur de musique sur \n\u00e9preuves ; \nVu l'arr\u00eat\u00e9 minist\u00e9riel du 29 mars 2006 modifi\u00e9 d\u00e9f inissant le r\u00e9f\u00e9rentiel d'activit\u00e9s et de comp\u00e9tenc es du \ndipl\u00f4me de professeur de musique et fixant les cond itions de son obtention par la validation des acqui s de \nl'exp\u00e9rience ; \nVu l'arr\u00eat\u00e9 minist\u00e9riel du 1er septembre 2025 portant nomination (directions r\u00e9gionales des affaires culturelles) ; \nSur proposition de la pr\u00e9f\u00e8te, secr\u00e9taire g\u00e9n\u00e9rale aux politiques publiques de la pr\u00e9fecture de la r\u00e9g ion d'Ile-de-\nFrance, pr\u00e9fecture de Paris, \n \n \nARR\u00caTE \n \n \nArticle 1 : D\u00e9l\u00e9gation est donn\u00e9e \u00e0 Monsieur Edward de LUMLEY,  directeur r\u00e9gional des affaires culturelles de \nla r\u00e9gion d'\u00cele-de-France, \u00e0 l'effet de signer, au nom du pr\u00e9fet de la r\u00e9gion d'\u00cele-de-France, tous ar r\u00eat\u00e9s, \nd\u00e9cisions, pi\u00e8ces ou conventions relevant des attri butions de la direction r\u00e9gionale des affaires cult urelles d'\u00cele-\nde-France, \u00e0 l'exclusion des actes mentionn\u00e9s \u00e0 l'article 2 du pr\u00e9sent arr\u00eat\u00e9. \n \n \nArticle 2  : Sont exclus de la d\u00e9l\u00e9gation consentie \u00e0 l'article 1er du pr\u00e9sent arr\u00eat\u00e9 : \n1\u00b0 les conventions avec les collectivit\u00e9s territoriales et leurs \u00e9tablissements publics ; \n2\u00b0 les avis et d\u00e9cisions pris au nom du pr\u00e9fet de r \u00e9gion en application des articles L621-32 et R621-9 6 du code \ndu patrimoine ; \n3\u00b0 les m\u00e9moires en d\u00e9fense pr\u00e9sent\u00e9s au nom de l'\u00c9t at \u00e0 l'occasion des recours form\u00e9s devant les jurid ictions \nadministratives et n\u00e9s de l'activit\u00e9 de la direction r\u00e9gionale des affaires culturelles d'\u00cele-de-France, sauf en ce qui \nconcerne les proc\u00e9dures d'urgence pr\u00e9vues au livre V du code de justice administrative ; \n4\u00b0 les correspondances avec les parlementaires, les  anciens ministres, les ex\u00e9cutifs locaux ainsi que les \npr\u00e9sidents des associations d'\u00e9lus locaux ; \n5\u00b0 les correspondances entrant dans le cadre de la n\u00e9gociation du contrat de plan Etat-r\u00e9gion ; \nPar ailleurs, une copie de toutes correspondances a vec les autres \u00e9lus, ainsi que de celles concernant  les \nm\u00e9moires produits dans le cadre des proc\u00e9dures d'ur gence susmentionn\u00e9es, sera simultan\u00e9ment adress\u00e9e a u \npr\u00e9fet de la r\u00e9gion d'\u00cele-de-France.  \n \n \nArticle 3 :  En application des dispositions de l'article 69-5 du d\u00e9cret du 29 avril 2004 susvis\u00e9,  \nM. Edward de LUMLEY, directeur r\u00e9gional des affaire s culturelles de la r\u00e9gion d'\u00cele-de-France peut, so us sa \nresponsabilit\u00e9 et dans le cadre des articles 1 et 2  du pr\u00e9sent arr\u00eat\u00e9, subd\u00e9l\u00e9guer sa signature \u00e0 des agents \nplac\u00e9s sous son autorit\u00e9, dans la limite de leurs attributions, et pour les cas d'absence ou d'emp\u00eachement.  \nPr\u00e9fecture de la R\u00e9gion d'Ile de France, Pr\u00e9fecture de Paris  - IDF-2025-09-23-00029 - Arr\u00eat\u00e9\nportant d\u00e9l\u00e9gation de signature \u00e0 Monsieur Edward de LUMLEY,\ndirecteur r\u00e9gional des affaires culturelles de la r\u00e9gion d'\u00cele-de-France, en mati\u00e8re administrative\n5\n3 \n \n \nSont exclus de la d\u00e9cision de subd\u00e9l\u00e9gation de sign ature les actes, les d\u00e9cisions, les accords, les re fus et les \navis relatifs aux immeubles de l'Etat et de ses \u00e9ta blissements publics class\u00e9s au titre des monuments \nhistoriques et se rapportant aux op\u00e9rations et aux projets concernant : \n1\u00b0 le site de la Cath\u00e9drale Notre-Dame-de-Paris ; \n2\u00b0 le site du Val-de-Gr\u00e2ce ; \n3\u00b0 le site du Fort Neuf de Vincennes ; \n4\u00b0 le site de l'Ecole nationale v\u00e9t\u00e9rinaire \u00e0 Maisons-Alfort (EnvA) ; \n5\u00b0 le site du Ch\u00e2teau de Versailles. \nCette d\u00e9cision fait l'objet d'une publication au re cueil des actes administratifs de la pr\u00e9fecture de la r\u00e9gion d'\u00cele-\nde-France, pr\u00e9fecture de Paris (\u00e9chelon de la r\u00e9gio n d'Ile-de-France). Une copie de cette d\u00e9cision ser a \nadress\u00e9e au pr\u00e9fet de la r\u00e9gion d'\u00cele-de-France (direction des affaires juridiques). \n \n \nArticle 4 : L'arr\u00eat\u00e9 n\u00b0 IDF-2025-08-20-00004 \n du 20 ao\u00fbt  2025  portant d\u00e9l\u00e9gation de signature \u00e0 Mme Carole \nSPADA, directrice r\u00e9gionale adjointe des affaires c ulturelles de la r\u00e9gion d'Ile-de-France, charg\u00e9e d' exercer par \nint\u00e9rim les fonctions de directrice r\u00e9gionale des a ffaires culturelles d'\u00cele-de-France, en mati\u00e8re adm inistrative est \nabrog\u00e9.  \n \n \nArticle 5 : La pr\u00e9f\u00e8te, secr\u00e9taire g\u00e9n\u00e9rale aux politiques pub liques de la pr\u00e9fecture de la r\u00e9gion d'Ile-de-Franc e, \npr\u00e9fecture de Paris, et le directeur r\u00e9gional des a ffaires culturelles de la r\u00e9gion d'\u00cele-de-France so nt charg\u00e9s, \nchacun en ce qui le concerne, de l'ex\u00e9cution du pr\u00e9 sent arr\u00eat\u00e9 qui sera publi\u00e9 au recueil des actes ad ministratifs \n(\u00e9chelon de la r\u00e9gion d'Ile-de-France) de la pr\u00e9fec ture, accessible sur le site internet de la pr\u00e9fect ure \u00e0 l'adresse \nsuivante www.prefectures-regions.gouv.fr/ile-de-france/ et qui entrera en vigueur le lendemain de sa publication. \nFait \u00e0 Paris le 23 septembre 2025, \nLe pr\u00e9fet de la r\u00e9gion d'Ile-de-France, \nPr\u00e9fet de Paris, \n \nSign\u00e9 \n \nMarc GUILLAUME \n \nPr\u00e9fecture de la R\u00e9gion d'Ile de France, Pr\u00e9fecture de Paris  - IDF-2025-09-23-00029 - Arr\u00eat\u00e9\nportant d\u00e9l\u00e9gation de signature \u00e0 Monsieur Edward de LUMLEY,\ndirecteur r\u00e9gional des affaires culturelles de la r\u00e9gion d'\u00cele-de-France, en mati\u00e8re administrative\n6\nPr\u00e9fecture de la r\u00e9gion d'Ile-de-France,\npr\u00e9fecture de Paris-Secr\u00e9tariat g\u00e9n\u00e9ral aux\npolitiques publiques\nIDF-2025-09-23-00030\nArr\u00eat\u00e9 portant d\u00e9l\u00e9gation de signature \u00e0\nMonsieur Edward de LUMLEY, directeur r\u00e9gional\ndes affaires culturelles de la r\u00e9gion\nd'\u00cele-de-France, en mati\u00e8re d'ordonnancement\nsecondaire\nPr\u00e9fecture de la r\u00e9gion d'Ile-de-France, pr\u00e9fecture de Paris-Secr\u00e9tariat g\u00e9n\u00e9ral aux politiques publiques - IDF-2025-09-23-00030 -\nArr\u00eat\u00e9 portant d\u00e9l\u00e9gation de signature \u00e0 Monsieur Edward de LUMLEY, directeur r\u00e9gional des affaires culturelles de la r\u00e9gion\nd'\u00cele-de-France, en mati\u00e8re d'ordonnancement secondaire\n7\n=PREFETDE LA REGIOND'\u00ceLE-DE-FRANCELibert\u00e9EguliteFratermit\u00e9\n  \nSecr\u00e9tariat g\u00e9n\u00e9ral aux politiques publiques \nDirection des affaires juridiques \n \n \nPr\u00e9fecture de la r\u00e9gion d'\u00cele-de-France, pr\u00e9fecture de Paris \n5, rue Leblanc 75 911 Paris Cedex 15 |  Standard : 01 82 52 40 00 \nSite internet : https://www.prefectures-regions.gouv.fr/ile-de-france \n \n \nArr\u00eat\u00e9 \nportant d\u00e9l\u00e9gation de signature \u00e0 Monsieur Edward de LUMLEY, directeur r\u00e9gional des affaires culturelles de la \nr\u00e9gion d'\u00cele-de-France, en mati\u00e8re d'ordonnancement secondaire \n \nLe pr\u00e9fet de la r\u00e9gion d'Ile-de-France, \nPr\u00e9fet de Paris, \nGrand officier de la L\u00e9gion d'honneur, \nOfficier de l'ordre national du M\u00e9rite \n \n \nVu la loi organique n\u00b02001-692 du 1er ao\u00fbt 2001 modifi\u00e9e, relative aux lois de finances ; \nVu le code de la commande publique ; \nVu le code du patrimoine ; \nVu le code de l'urbanisme ; \nVu la loi n\u00b068-1250 du 31 d\u00e9cembre 1968 modifi\u00e9e re lative \u00e0 la prescription des cr\u00e9ances sur l'Etat, l es \nd\u00e9partements, les communes et les \u00e9tablissements publics ; \nVu la loi n\u00b072-619 du 5 juillet 1972 modifi\u00e9e portant cr\u00e9ation et organisation des r\u00e9gions ; \nVu la loi n\u00b082-213 du 2 mars 1982 modifi\u00e9e relative  aux droits et libert\u00e9s des communes, des d\u00e9parteme nts et \ndes r\u00e9gions et notamment son article 34 ; \nVu le d\u00e9cret n\u00b0 98-81 du 11 f\u00e9vrier 1998 modifi\u00e9, m odifiant la loi n\u00b0 68-1250 du 31 d\u00e9cembre 1968, et relatif aux \nd\u00e9cisions prises par l'Etat en mati\u00e8re de prescription quadriennale ; \nVu le d\u00e9cret n\u00b0 99-89 du 8 f\u00e9vrier 1999 modifi\u00e9 pri s pour l'application de l'article 3 du d\u00e9cret n\u00b0 98 -81 du 11 \nf\u00e9vrier 1998 ; \nVu le d\u00e9cret n\u00b0 96-541 du 14 juin 1996 portant d\u00e9co ncentration de certaines proc\u00e9dures relatives aux \nmonuments historiques ; \nVu le d\u00e9cret n\u00b0 2004-374 du 29 avril 2004 modifi\u00e9 r elatif aux pouvoirs des pr\u00e9fets, \u00e0 l'organisation e t \u00e0 l'action \ndes services de l'Etat dans les r\u00e9gions et d\u00e9partements ; \nVu le d\u00e9cret n\u00b0 2004-490 du 3 juin 2004 relatif aux  proc\u00e9dures administratives et financi\u00e8res en mati\u00e8 re \nd'arch\u00e9ologie pr\u00e9ventive ; \nVu le d\u00e9cret n\u00b02010-633 du 8 juin 2010 relatif \u00e0 l' organisation et aux missions des directions r\u00e9giona les des \naffaires culturelles ; \nVu le d\u00e9cret n\u00b0 2010-687 du 24 juin 2010 relatif \u00e0 l'organisation et aux missions des services de l'Et at dans la \nr\u00e9gion et les d\u00e9partements d'\u00cele-de-France ; \nVu le d\u00e9cret n\u00b0 2012-1246 du 7 novembre 2012 modifi\u00e9 relatif \u00e0 la gestion budg\u00e9taire et comptable publique ; \nVu le d\u00e9cret n\u00b0 2019-1594 du 31 d\u00e9cembre 2019 relatif aux emplois de direction de l'Etat ; \nVu le d\u00e9cret n\u00b0 2020-139 du 19 f\u00e9vrier 2020 modifia nt certaines dispositions relatives \u00e0 la pr\u00e9fecture  de la r\u00e9gion \nd'Ile-de-France, pr\u00e9fecture de Paris ; \nVu le d\u00e9cret du 22 juillet 2020 portant nomination de Monsieur Marc GUILLAUME en qualit\u00e9 de pr\u00e9fet de la \nr\u00e9gion d'Ile-de-France, pr\u00e9fet de Paris ; \nVu le d\u00e9cret n\u00b0 2024-993 du 6 novembre 2024 modifiant le d\u00e9cret n\u00b0 2016-511 du 26 avril 2016 relatif au fonds \nde soutien aux m\u00e9dias d'information sociale de proximit\u00e9 ; \nVu l'arr\u00eat\u00e9 minist\u00e9riel du 26 d\u00e9cembre 2013 relatif au cadre de la gestion budg\u00e9taire et au contr\u00f4le budg\u00e9taire du \nminist\u00e8re de la culture et de la communication pris  en application de l'article 105 du d\u00e9cret n\u00b02012-1 246 du 7 \nnovembre 2012 relatif \u00e0 la gestion budg\u00e9taire et comptable publique ; \n \nPr\u00e9fecture de la r\u00e9gion d'Ile-de-France, pr\u00e9fecture de Paris-Secr\u00e9tariat g\u00e9n\u00e9ral aux politiques publiques - IDF-2025-09-23-00030 -\nArr\u00eat\u00e9 portant d\u00e9l\u00e9gation de signature \u00e0 Monsieur Edward de LUMLEY, directeur r\u00e9gional des affaires culturelles de la r\u00e9gion\nd'\u00cele-de-France, en mati\u00e8re d'ordonnancement secondaire\n8\n2 \n \nVu l'arr\u00eat\u00e9 minist\u00e9riel du 1er septembre 2025 portant nomination (directions r\u00e9gionales des affaires culturelles) ; \nSur proposition de la pr\u00e9f\u00e8te, secr\u00e9taire g\u00e9n\u00e9rale aux politiques publiques de la pr\u00e9fecture de la r\u00e9g ion d'Ile-de-\nFrance, pr\u00e9fecture de Paris et du pr\u00e9fet, secr\u00e9tair e g\u00e9n\u00e9ral aux moyens mutualis\u00e9s de la pr\u00e9fecture de  la r\u00e9gion \nd'\u00cele-de-France, pr\u00e9fecture de Paris, \n \nARR\u00caTE \n \nArticle 1 : En qualit\u00e9 de responsable de budget op\u00e9rationnel d e programme d\u00e9l\u00e9gu\u00e9, d\u00e9l\u00e9gation de signature \nest donn\u00e9e \u00e0 Monsieur Edward de LUMLEY , directeur r \u00e9gional des affaires culturelles de la r\u00e9gion d'\u00cele -de-\nFrance, pour recevoir les cr\u00e9dits des programmes suivants : \n- \u00ab Cr\u00e9ation \u00bb (n\u00b0131) ; \n- \u00ab Patrimoines \u00bb (n\u00b0175) ; \n- \u00ab Presse et m\u00e9dias \u00bb (n\u00b0180, action 5 \u00ab Soutien au x m\u00e9dias de proximit\u00e9 \u00bb) ;  \n- \u00ab Soutien des politiques culturelles \u00bb (n\u00b0224) ; \n- \u00ab Livre et industries culturelles \u00bb (n\u00b0334) ; \n- \u00ab Transmission des savoirs et d\u00e9mocratisation de l a culture \u00bb (n\u00b0 361). \n \n \nArticle 2 :  En qualit\u00e9 de responsable d'unit\u00e9s op\u00e9rationnelles , d\u00e9l\u00e9gation de signature est donn\u00e9e \u00e0  \nde Monsieur Edward de LUMLEY , directeur r\u00e9gional des affaires culturelles de la r\u00e9gion d'\u00cele-de-France , \u00e0 l'effet \nde signer, dans la limite de ses attributions, au n om du pr\u00e9fet de la r\u00e9gion d'\u00cele-de-France, tous arr \u00eat\u00e9s, \nd\u00e9cisions, pi\u00e8ces ou  conventions, y compris ceux relatifs \u00e0 la prescript ion quadriennale, pour proc\u00e9der \u00e0 \nl'ordonnancement secondaire des recettes et des d\u00e9penses de l'Etat dans le cadre des programmes suivants : \n- \u00ab Cr\u00e9ation \u00bb (n\u00b0131) ; \n- \u00ab Patrimoines \u00bb (n\u00b0175) ; \n- \u00ab Presse et m\u00e9dias \u00bb (n\u00b0180, action 5 \u00ab Soutien au x m\u00e9dias de proximit\u00e9 \u00bb) ;  \n- \u00ab Soutien des politiques culturelles \u00bb (n\u00b0224) ; \n-  \u00ab Livre et industries culturelles \u00bb (n\u00b0334) ; \n- \u00ab Administration territoriale de l'Etat \u00bb (n\u00b0 354)  ; \n- \u00ab Transmission des savoirs et d\u00e9mocratisation de l a culture \u00bb (n\u00b0 361) ; \n- \u00ab Comp\u00e9titivit\u00e9 \u00bb (n\u00b0 363). \nToute d\u00e9pense sup\u00e9rieure \u00e0 400 000 euros devra fair e l'objet d'un visa pr\u00e9alable du pr\u00e9fet de la r\u00e9gio n d'\u00cele-de-\nFrance, pr\u00e9fet de Paris. \n \n \nArticle 3  : D\u00e9l\u00e9gation de signature est de Monsieur Edward d e LUMLEY , directeur r\u00e9gional des affaires \nculturelles de la r\u00e9gion d'\u00cele-de-France, \u00e0 l'effet  de signer, dans la limite de ses attributions et d ans la limite des \nplafonds de d\u00e9penses qui lui auront \u00e9t\u00e9 notifi\u00e9s pa r le pr\u00e9fet de la r\u00e9gion d'\u00cele-de-France, toutes pi \u00e8ces pour \nproc\u00e9der \u00e0 l'ordonnancement secondaire des d\u00e9penses de l'Etat dans le cadre des programmes suivants : \n- \u00ab Administration territoriale de l'Etat \u00bb (n\u00b0 354)  ; \n- \u00ab Comp\u00e9titivit\u00e9 \u00bb (n\u00b0 363) ; \n- \u00ab Op\u00e9rations immobili\u00e8res et entretien des b\u00e2timen ts de l'Etat \u00bb (n\u00b0 723). \nToute d\u00e9pense sup\u00e9rieure \u00e0 400 000 euros devra fair e l'objet d'un visa pr\u00e9alable du pr\u00e9fet de la r\u00e9gio n d'\u00cele-de-\nFrance, pr\u00e9fet de Paris. \n \n \nArticle 4 :  D\u00e9l\u00e9gation de signature est donn\u00e9e \u00e0 de Monsieur E dward de LUMLEY , directeur r\u00e9gional des \naffaires culturelles de la r\u00e9gion d'\u00cele-de-France, pour signer toutes les pi\u00e8ces relatives \u00e0 la passat ion et \u00e0 \nl'ex\u00e9cution des accords-cadres et des march\u00e9s publi cs pass\u00e9s dans le cadre des programmes vis\u00e9s aux ar ticles \n2 et 3, y compris les arr\u00eat\u00e9s relatifs \u00e0 la composition et au mode de fonctionnement des jurys de concours. \n \nLe pr\u00e9fet de la r\u00e9gion d'\u00cele-de-France, pr\u00e9fet de P aris, est inform\u00e9 pr\u00e9alablement de l'\u00e9volution des march\u00e9s en \nPr\u00e9fecture de la r\u00e9gion d'Ile-de-France, pr\u00e9fecture de Paris-Secr\u00e9tariat g\u00e9n\u00e9ral aux politiques publiques - IDF-2025-09-23-00030 -\nArr\u00eat\u00e9 portant d\u00e9l\u00e9gation de signature \u00e0 Monsieur Edward de LUMLEY, directeur r\u00e9gional des affaires culturelles de la r\u00e9gion\nd'\u00cele-de-France, en mati\u00e8re d'ordonnancement secondaire\n9\n3 \n \ncours et des pr\u00e9visions de conclusion de nouvel acc ord-cadre ou march\u00e9 public d'un montant sup\u00e9rieur \u00e0  \n100 000 euros (HT) par la communication d'un tablea u les listant, en pr\u00e9cisant les organismes b\u00e9n\u00e9fici aires et \nleurs montants. Ce tableau est transmis en d\u00e9but d' exercice, \u00e0 chaque fois que n\u00e9cessaire et avant la signature \nde nouveau contrat ou avenant. \n \n \nArticle 5 : Sont exclus de la pr\u00e9sente d\u00e9l\u00e9gation de signature : \n- les ordres de r\u00e9quisition du comptable public ; \n- les d\u00e9cisions de passer outre \u00e0 l'avis d\u00e9favorable  du contr\u00f4leur budg\u00e9taire r\u00e9gional ; \n- les conventions avec les collectivit\u00e9s territorial es et leurs \u00e9tablissements publics ; \n- les conventions, avenants ou d\u00e9cisions attribuant des subventions aux collectivit\u00e9s territoriales et \u00e0 leurs \n\u00e9tablissements publics d'un montant de 100 000 euros et plus ; \n- les conventions, avenants ou d\u00e9cisions attribuant des subventions d'un montant de 350 000 euros et \nplus ; \n- les contrats de bail. \n \nLe pr\u00e9fet de la r\u00e9gion d'\u00cele-de-France, pr\u00e9fet de P aris, aura \u00e9t\u00e9 pr\u00e9alablement inform\u00e9 des pr\u00e9visions  \nd'attributions des subventions par la communication  d'un tableau listant lesdites subventions en pr\u00e9ci sant les \norganismes b\u00e9n\u00e9ficiaires et les montants propos\u00e9s. Ce tableau est transmis en d\u00e9but d'exercice et \ntrimestriellement. \n \n \nArticle 6 : En application des dispositions de l'article 69-5 du d\u00e9cret du 29 avril 2004 susvis\u00e9, Monsieur Edward  \nde LUMLEY , directeur r\u00e9gional des affaires culturelles de la r\u00e9gion d'\u00cele-de-France, peut, sous sa res ponsabilit\u00e9, \nsubd\u00e9l\u00e9guer sa signature \u00e0 ses collaborateurs, dans  la limite de leurs attributions, et pour les cas d 'absence ou \nd'emp\u00eachement. \n \nCette d\u00e9cision fait l'objet d'une publication au re cueil des actes administratifs de la pr\u00e9fecture de la r\u00e9gion d'\u00cele-\nde-France, pr\u00e9fecture de Paris (\u00e9chelon de la r\u00e9gio n d'Ile-de-France). Une copie de cette d\u00e9cision ser a \nadress\u00e9e au pr\u00e9fet de la r\u00e9gion d'\u00cele-de-France (direction des affaires juridiques). \n \n \nArticle 7 : Un compte-rendu d'utilisation des cr\u00e9dits pour l'exercice budg\u00e9taire sera adress\u00e9 semestriellement au  \npr\u00e9fet de la r\u00e9gion d'\u00cele-de-France, pr\u00e9fet de Paris (secr\u00e9tariat g\u00e9n\u00e9ral aux moyens mutualis\u00e9s). \n \n \nArticle 8 : L'arr\u00eat\u00e9 n\u00b0 IDF- 2025-08-20-00005 du 20 ao\u00fbt 2025  portant d\u00e9l\u00e9gation de signature \u00e0 Mme Carole \nSPADA, directrice r\u00e9gionale adjointe des affaires c ulturelles de la r\u00e9gion d'Ile-de-France, charg\u00e9e d' exercer par \nint\u00e9rim les fonctions de directrice r\u00e9gionale des a ffaires culturelles d'\u00cele-de-France, en mati\u00e8re \nd'ordonnancement secondaire, est abrog\u00e9. \n \n \nArticle 9 : La pr\u00e9f\u00e8te, secr\u00e9taire g\u00e9n\u00e9rale aux politiques p ubliques de la pr\u00e9fecture de la r\u00e9gion d'Ile-de-Fra nce, \npr\u00e9fecture de Paris, le pr\u00e9fet, secr\u00e9taire g\u00e9n\u00e9ral aux moyens mutualis\u00e9s de la pr\u00e9fecture de la r\u00e9gion  d'Ile-de-\nFrance, pr\u00e9fecture de Paris, et le directeur r\u00e9gion al des affaires culturelles de la r\u00e9gion d'\u00cele-de-F rance sont \ncharg\u00e9s, chacun en ce qui le concerne, de l'ex\u00e9cuti on du pr\u00e9sent arr\u00eat\u00e9 qui sera publi\u00e9 au recueil des  actes \nadministratifs (\u00e9chelon de la r\u00e9gion d'Ile-de-Franc e) de la pr\u00e9fecture, accessible sur le site interne t de la \npr\u00e9fecture de Paris et qui entrera en vigueur le lendemain de sa publication. \nFait \u00e0 Paris le 23 septembre 2025, \nLe pr\u00e9fet de la r\u00e9gion d'Ile-de-France, \nPr\u00e9fet de Paris, \n \nSign\u00e9 \n \nMarc GUILLAUME \n \nPr\u00e9fecture de la r\u00e9gion d'Ile-de-France, pr\u00e9fecture de Paris-Secr\u00e9tariat g\u00e9n\u00e9ral aux politiques publiques - IDF-2025-09-23-00030 -\nArr\u00eat\u00e9 portant d\u00e9l\u00e9gation de signature \u00e0 Monsieur Edward de LUMLEY, directeur r\u00e9gional des affaires culturelles de la r\u00e9gion\nd'\u00cele-de-France, en mati\u00e8re d'ordonnancement secondaire\n10","date":"2025-09-30","first_seen_on":"2025-09-30T17:17:53+00:00","id":"49d6b4ea3e0b02846b892f2afbabb5e5ff7c3be7a05c707de906620de3ec8203","name":"recueilDS-idf-068-2025-09-recueil-des-actes-administratifs-special du 30.09.2025","pdf_creation_date":"2025-09-30T15:01:56+00:00","pdf_modification_date":null,"timezone":"Europe/Paris","url":"https://www.prefectures-regions.gouv.fr/ile-de-france/irecontenu/telechargement/131426/965254/file/recueilDS-idf-068-2025-09-recueil-des-actes-administratifs-special%20du%2030.09.2025.pdf"}
