{"administration":"pref30","administration_name":"Pr\u00e9fecture du Gard","content":"PR\u00c9FET\nDU GARD\nRECUEIL DES ACTES\nADMINISTRATIFS SP\u00c9CIAL\n(NOMINATIFS)\nN\u00b030-2025-014\nPUBLI\u00c9 LE 24 JANVIER 2025\nSommaire\nCentre Hospitalier de Bagnols sur C\u00e8ze / Direction G\u00e9n\u00e9rale\n30-2025-01-02-00009 - CH Bagnols d\u00e9l\u00e9gation de signature \u00e0 Yannick\nSIMONCIC Directeur des Soins (1 page) Page 3\nDirection d\u00e9partementale de l'\u00e9conomie, de l'emploi, du travail et des\nsolidarit\u00e9s  /\n30-2025-01-20-00001 - ARRETE RELATIF A LA MEDAILLE DU TRAVAIL ET\nCOMPLEMENTAIRE A L ARRETE PREFECTORAL N\u00b0 39-2924-12-13-00002 DU\n13/12/24 (1 page) Page 5\n30-2025-01-16-00009 - R\u00e9c\u00e9piss\u00e9 d\u00e9claration service \u00e0 la personne\nC\u00e9cile , f\u00e9es des lieux parfaits par C\u00e9cile RENAUD 883957839 le 14\nd\u00e9cembre 2024 \u00e0 Salindres (2 pages) Page 7\n30-2025-01-16-00010 - R\u00e9c\u00e9piss\u00e9 d\u00e9claration service \u00e0 la personne\nM ADELYS par MANON MOUFTIER 937844074 le 02 d\u00e9cembre 2024 \u00e0\nUCHAUD (2 pages) Page 10\n30-2025-01-16-00008 - R\u00e9c\u00e9piss\u00e9 d\u00e9claration service \u00e0 la personne\nmicro entreprise par St\u00e9phanie GRAFF  932371529 le 27 novembre 2024\n\u00e0 Uz\u00e8s (2 pages) Page 13\n2\nCentre Hospitalier de Bagnols sur C\u00e8ze\n30-2025-01-02-00009\nCH Bagnols d\u00e9l\u00e9gation de signature \u00e0 Yannick\nSIMONCIC Directeur des Soins\nCentre Hospitalier de Bagnols sur C\u00e8ze - 30-2025-01-02-00009 - CH Bagnols d\u00e9l\u00e9gation de signature \u00e0 Yannick SIMONCIC Directeur\ndes Soins 3\nYY Centre Hospitalier\nde BAGNOLS-SUR-CEZE\nDELEGATION  DE SIGNATURE\nObjet:  D\u00e9l\u00e9gation  de signature  \u00e0 Monsieur  Yannick  SIMONCIC\nDirecteur  des  soins\nLe Directeur  du Centre  Hospitalier  de BAGNOLS-SUR-CEZE,\nVU larticle  L 6143.7  du Code  de la Sant\u00e9  Publique,\nVU le Code  de la sant\u00e9  publique,  notamment  ses  articles  R 6143-38  et D 6143-33  a\nD 6143-35,  pr\u00e9cisant  les modalit\u00e9s  de d\u00e9l\u00e9gation  de signature  des  directeurs,\nDECIDE\nARTICLE  1 : Nom  et fonction  du d\u00e9l\u00e9gataire  :\nMonsieur  Yannick  SIMONCIC,  Directeur  des  Soins  est habilit\u00e9  \u00e0 signer  certains  documents\nrelevant  de son  secteur  de comp\u00e9tence.\nARTICLE  2 : Nature  des  actes  d\u00e9l\u00e9gu\u00e9s  :\nMonsieur  Yannick  SIMONCIC  est habilit\u00e9  \u00e0 signer  les conventions  de stage  des  \u00e9tudiants\nparam\u00e9dicaux  ou assimil\u00e9s  g\u00e9r\u00e9s  par  la Direction  des  Soins.\nARTICLE  3 :\nLa pr\u00e9sente  d\u00e9cision  est transmise  \u00e0 Madame  la Responsable  de la Tr\u00e9sorerie  Hospitali\u00e8re\nde l'Etablissement  et publi\u00e9e  au recueil  des  actes  administratifs  du Gard.  Elle  est notifi\u00e9e\n\u00e0 l'int\u00e9ress\u00e9  , affich\u00e9e  et sera  communiqu\u00e9e  au Conseil  de surveillance.\nARTICLE  4:\nLa d\u00e9cision  n\u00b0 2024  09 050  du 1\u00b0' septembre  2024,  portant  d\u00e9l\u00e9gation  \u00e0 la Directrice  des\nSoins  par int\u00e9rim  est abrog\u00e9e.\nFait  \u00e0 Bagnols-sur-C\u00e8ze,  le 02 janvier  2025\nVisa  :\n/\nYannick  SIMONCIC  Jean-Philipp\u00e9  SAJUS\nPour  signature  conforme\nCentre Hospitalier de Bagnols sur C\u00e8ze - 30-2025-01-02-00009 - CH Bagnols d\u00e9l\u00e9gation de signature \u00e0 Yannick SIMONCIC Directeur\ndes Soins 4\nDirection d\u00e9partementale de l'\u00e9conomie, de\nl'emploi, du travail et des solidarit\u00e9s \n30-2025-01-20-00001\nARRETE RELATIF A LA MEDAILLE DU TRAVAIL ET\nCOMPLEMENTAIRE A L ARRETE PREFECTORAL N\u00b0\n39-2924-12-13-00002 DU 13/12/24\nDirection d\u00e9partementale de l'\u00e9conomie, de l'emploi, du travail et des solidarit\u00e9s  - 30-2025-01-20-00001 - ARRETE RELATIF A LA\nMEDAILLE DU TRAVAIL ET COMPLEMENTAIRE A L ARRETE PREFECTORAL N\u00b0 39-2924-12-13-00002 DU 13/12/24 5\nE Direction  D\u00e9partementale\nPR\u00c9FET  de l'Emploi,  du Travail  et des  Solidarit\u00e9s\nDU GARD\nLibert\u00e9\n\u00c9galit\u00e9\nFraternit\u00e9\n. ARRETE  N\u00b0\nAccordant  la m\u00e9daille  d'honneur  du travail\n\u00e0 l'occasion  de la promotion  du 1\u00b0' janvier  2025\ncompl\u00e9mentaire  \u00e0 l'arr\u00eat\u00e9  pr\u00e9fectoral  n\u00b030-2024-12-13-00002  du 13 d\u00e9cembre  2024\nLe pr\u00e9fet  du Gard\nChevalier  de la L\u00e9gion  d'Honneur,\nChevalier  de l'Ordre  National  du M\u00e9rite\nVU le code  du travail\nVU le d\u00e9cret  48-852  du 15 mai  1948  modifi\u00e9  instituant  la m\u00e9daille  d'honneur  du travail  ;\nVU le d\u00e9cret  84-591  du 4 juillet  1984  modifi\u00e9  par les d\u00e9crets  2000-1015  du 17 octobre  2000  et 2007-1746  du\n12 d\u00e9cembre  2007  ;\nVU l'arr\u00eat\u00e9  du Ministre  du travail  du 20 mars  2024  relatif  \u00e0 la m\u00e9daille  d'honneur  du travail  ;\nVu le d\u00e9cret  du Pr\u00e9sident  de la R\u00e9publique  du 13 juillet  2023  portant  nomination  de Monsieur  J\u00e9r\u00f4me  BONET  en qualit\u00e9  de\npr\u00e9fet  du d\u00e9partement  du Gard  ;\nVU l'arr\u00eat\u00e9  pr\u00e9fectoral  n\u00b0 30-2024-02-19-00002  du 19 f\u00e9vrier  2024  donnant  d\u00e9l\u00e9gation  de signature  \u00e0 Madame  Sophie\nBOUDOT,  directrice  d\u00e9partementale  de l'emploi,  du travail  et des  solidarit\u00e9s  du Gard  ;\nVU l'arr\u00eat\u00e9  pr\u00e9fectoral  n\u00b0 30-2024-02-21-00001  du 21 f\u00e9vrier  2024  portant  subd\u00e9l\u00e9gation  de signature  aux  agents  de la direction\nd\u00e9partementale  de l'emploi,  du travail  et des  solidarit\u00e9s  du Gard  ;\nVU l'arr\u00eat\u00e9  pr\u00e9fectoral  n\u00b030-2024-12-13-0002  du 13 d\u00e9cembre  2024  accordant  la m\u00e9daille  d'honneur  du travail  \u00e0 l'occasion  de\nla promotion  du 1\u00b0 janvier  2025  ;\nEn compl\u00e9ment  de l'arr\u00eat\u00e9  susmentionn\u00e9  et sur proposition  de la directrice  d\u00e9partemental  de l'emploi,  du travail  et des\nsolidarit\u00e9s,\nARRETE\nArticle  1 : La m\u00e9daille  d'honneur  du travail  OR  est d\u00e9cern\u00e9e  a:\n- Madame  PEYRE-AZAN  Christine\nCadre  administratif  et de gestion\nArticle  2 : Monsieur  le secr\u00e9taire  g\u00e9n\u00e9ral  et Madame  la directrice  d\u00e9partementale  de l'emploi,  du travail  et des  solidarit\u00e9s  sont\ncharg\u00e9s,  chacun  en ce qui le concerne,  de l'ex\u00e9cution  du pr\u00e9sent  arr\u00eat\u00e9  qui sera ins\u00e9r\u00e9  au recueil  des  actes  administratifs  de la\n: \u00cepr\u00e9fecture.  j\n\u00ce\njN\u00eemes, | Lofoll  2515\nP/ La Directrite  D\u00e9partementale\nde l'Emploi,  du Travailet des Soli arit\u00e9s  du Gard\na  pay  d\u00e9l\u00e9gation\nLe direct&ur  d\u00e9partemental adjoint\nMatthieu  GR\u00c9MA UD\nRecours  contre  le pr\u00e9sent  arr\u00eat\u00e9  peut  \u00eatre  form\u00e9  devant  le tribunal  administratif  de N\u00eemes  dans  le d\u00e9lai  de deux  mois  \u00e0 compter\nde sa notification.\nDirection d\u00e9partementale de l'\u00e9conomie, de l'emploi, du travail et des solidarit\u00e9s  - 30-2025-01-20-00001 - ARRETE RELATIF A LA\nMEDAILLE DU TRAVAIL ET COMPLEMENTAIRE A L ARRETE PREFECTORAL N\u00b0 39-2924-12-13-00002 DU 13/12/24 6\nDirection d\u00e9partementale de l'\u00e9conomie, de\nl'emploi, du travail et des solidarit\u00e9s \n30-2025-01-16-00009\nR\u00e9c\u00e9piss\u00e9 d\u00e9claration service \u00e0 la personne\nC\u00e9cile , f\u00e9es des lieux parfaits par C\u00e9cile\nRENAUD 883957839 le 14 d\u00e9cembre 2024 \u00e0\nSalindres\nDirection d\u00e9partementale de l'\u00e9conomie, de l'emploi, du travail et des solidarit\u00e9s  - 30-2025-01-16-00009 - R\u00e9c\u00e9piss\u00e9 d\u00e9claration\nservice \u00e0 la personne C\u00e9cile , f\u00e9es des lieux parfaits par C\u00e9cile RENAUD 883957839 le 14 d\u00e9cembre 2024 \u00e0 Salindres 7\nPREFET  Direction  D\u00e9partementale\nDU GARD  de l'Emploi,  du Travail  et des  Solidarit\u00e9s\nLibert\u00e9\nEgalit\u00e9\nFraternit\u00e9\nR\u00e9c\u00e9piss\u00e9  de d\u00e9claration  n\u00b0 30-2025-01-16-\nd'un  organisme  de services  \u00e0 la personne\nenregistr\u00e9  sous  le n\u00b0 SAP  883957839\nLe pr\u00e9fet  du Gard\nChevalier  de la L\u00e9gion  d'Honneur\nChevalier  de l'Ordre  National  du M\u00e9rite\nVu le code du travail  et notamment  les articles  L.7231-1  \u00e0 L.7233-2,  R.7232-18  \u00e0 R.7232-24,  D.7231-\n1 et D.7233-1  \u00e0 D.7233-5  ;\nVu l'arr\u00eat\u00e9  du ministre  de l'Int\u00e9rieur  et des  outre-mer  du 30 janvier  2024  nommant  Mme  Sophie\nBOUDOT,  attach\u00e9e  d'administration  hors  classe  de l'\u00e9tat,  directrice  d\u00e9partementale,  de l'emploi,  du\ntravail  et des  solidarit\u00e9s  du Gard  ;\nVu l'arr\u00eat\u00e9  du 19 f\u00e9vrier  2024  donnant  d\u00e9l\u00e9gation  de signature  \u00e0 Madame  Sophie  BOUDOT,  directrice\nd\u00e9partementale  de l'emploi,  du travail  et des  solidarit\u00e9s  du Gard  :.\nVu l'arr\u00eat\u00e9  du 21 f\u00e9vrier  2024  portant  subd\u00e9l\u00e9gation  aux agents  de la direction  d\u00e9partementale  de\nl'emploi,  du travail  et des  solidarit\u00e9s  ;\nVu la circulaire  DGE  du 11 avril  2019  relative  aux  activit\u00e9s  de services  \u00e0 la personne  : d\u00e9claration  et\nagr\u00e9ment  des  organismes  de services  \u00e0 la personne  ;\nConstate  :\nQu'une  d\u00e9claration  d'activit\u00e9s  de services  \u00e0 la personne  a \u00e9t\u00e9 d\u00e9pos\u00e9e  aupr\u00e8s  de la direction\nd\u00e9partementale  de l'emploi,  du travail  et des  solidarit\u00e9s,  le 14 d\u00e9cembre  2024,  par RENAUD  C\u00e9cile\nen qualit\u00e9  de responsable,  pour  l'organisme  C\u00e9cile,  F\u00e9e  des  lieux  parfaits  Siret  N\u00b0883957839  00011\nont l'\u00e9tablissement  principal  est situ\u00e9  au 10 rue Raymond  Clot  30340  SALINDRES  et enregistr\u00e9e\nsous  le n\u00b0 SAP  883957839  pour  les activit\u00e9s  suivantes  :\nActivit\u00e9s  relevant  uniquement  de la d\u00e9claration  en mode  prestataire  :\ne __ Entretien  de la maison  et travaux  m\u00e9nagers\nToute  modification  concernant  les activit\u00e9s  exerc\u00e9es  devra  faire  l'objet  d'une  d\u00e9claration  modificative\npr\u00e9alable.\nSous  r\u00e9serve  d'\u00eatre  exerc\u00e9es  \u00e0 titre  exclusif  (ou sous  r\u00e9serve  d'une  comptabilit\u00e9  s\u00e9par\u00e9e  pour  les\npersonnes  morales  dispens\u00e9es  de cette  condition),  ces  activit\u00e9s  ouvrent  droit  au b\u00e9n\u00e9fice  des\ndispositions  des  articles  L. 7233-2  du code  du travail  et L. 241-10  du code  de la s\u00e9curit\u00e9  sociale  dans\nles conditions  pr\u00e9vues  par ces  articles.\nLes  effets  de la d\u00e9claration  courent  \u00e0 compter  du jour  du d\u00e9p\u00f4t  de la d\u00e9claration  sous  r\u00e9serve  des\ndispositions  de l'article  R.7232-18  du code  du travail.\nMas  de l'Agriculture  - 1120  route  de Saint  Gilles  - BP 39081  - 30972  NIMES  CEDEX  9\nT\u00e9l : 04 30 08 61 20 Fax : 04 30 08 61 21 www.gard.gouv.fr\nDirection d\u00e9partementale de l'\u00e9conomie, de l'emploi, du travail et des solidarit\u00e9s  - 30-2025-01-16-00009 - R\u00e9c\u00e9piss\u00e9 d\u00e9claration\nservice \u00e0 la personne C\u00e9cile , f\u00e9es des lieux parfaits par C\u00e9cile RENAUD 883957839 le 14 d\u00e9cembre 2024 \u00e0 Salindres 8\nLe pr\u00e9sent  r\u00e9c\u00e9piss\u00e9  est \u00e0 port\u00e9e  nationale  et n'est  pas  limit\u00e9  dans  le temps,  \u00e0 l'exception  des\nactivit\u00e9s  relevant  de l'agr\u00e9ment  dont  les effets  sont  limit\u00e9s  \u00e0 5 ans.\nL'enregistrement  de la d\u00e9claration  peut  \u00eatre  retir\u00e9  dans  les conditions  fix\u00e9es  aux  articles  R.7232-20  a\nR.7232-22  du code  du travail.\nLe pr\u00e9sent  r\u00e9c\u00e9piss\u00e9  sera  publi\u00e9  au recueil  des  actes  administratifs  de la pr\u00e9fecture  du Gard.\nFait \u00e0 N\u00eemes,  le 16 janvier  2025\nPour  la dir\ndu travail  et des  strice  d\u00e9partementale  de l'emploi,\narit\u00e9s  du Gard  et par d\u00e9l\u00e9gation\ndirecteur  d\u00e9partemental  adjoint\nRenaud  MORIN\nVoies  de recours  :\nLa pr\u00e9sente  d\u00e9cision  peut,  \u00e0 compter  de sa publication,  faire  l'objet  d'un  recours  gracieux  aupr\u00e8s  de la\nDirection  D\u00e9partementale  de l'Emploi,  du Travail  et des  Solidarit\u00e9s-  Mas  de l'Agriculture  \u2014 1120  route\nde Saint  Gilles  \u2014 BP 39081  \u2014 30972  NIMES  CEDEX  9 ou d'un  recours  hi\u00e9rarchique  adress\u00e9  au\nministre  charg\u00e9  de l'\u00e9conomie  - Direction  g\u00e9n\u00e9rale  des  entreprises  - sous-direction  des  services\nmarchands,  6, rue Louise  Weiss,  75703  Paris  cedex13.\nElle  peut  \u00e9galement  faire  l'objet  d'un  recours  contentieux  dans  un d\u00e9lai  de deux  mois  \u00e0 compter  de sa\npublication  aupr\u00e8s  du Tribunal  administratif  de N\u00eemes  - 16 avenue  Feuch\u00e8res  - 30000  N\u00eemes.\nLe tribunal  administratif  peut  \u00eatre  saisi  par l'application  informatique  \u00abT\u00e9l\u00e9recours  citoyen\u00bb  accessible\nsur le site  internet  www.telerecours.fr.\nEn cas  de rejet  du recours  gracieux  ou hi\u00e9rarchique  ou en l'absence  de r\u00e9ponse  \u00e0 ce recours  (rejet\nimplicite),  un recours  contentieux  devant  le tribunal  administratif  peut  \u00e9galement  \u00eatre  form\u00e9  contre  la\nd\u00e9cision  initiale  dans  un d\u00e9lai  de deux  mois  \u00e0 compter  de ce rejet.\nDirection d\u00e9partementale de l'\u00e9conomie, de l'emploi, du travail et des solidarit\u00e9s  - 30-2025-01-16-00009 - R\u00e9c\u00e9piss\u00e9 d\u00e9claration\nservice \u00e0 la personne C\u00e9cile , f\u00e9es des lieux parfaits par C\u00e9cile RENAUD 883957839 le 14 d\u00e9cembre 2024 \u00e0 Salindres 9\nDirection d\u00e9partementale de l'\u00e9conomie, de\nl'emploi, du travail et des solidarit\u00e9s \n30-2025-01-16-00010\nR\u00e9c\u00e9piss\u00e9 d\u00e9claration service \u00e0 la personne M\nADELYS par MANON MOUFTIER 937844074 le 02\nd\u00e9cembre 2024 \u00e0 UCHAUD\nDirection d\u00e9partementale de l'\u00e9conomie, de l'emploi, du travail et des solidarit\u00e9s  - 30-2025-01-16-00010 - R\u00e9c\u00e9piss\u00e9 d\u00e9claration\nservice \u00e0 la personne M ADELYS par MANON MOUFTIER 937844074 le 02 d\u00e9cembre 2024 \u00e0 UCHAUD 10\nPREFET  | Direction  D\u00e9partementale\nDU GARD  de l'Emploi,  du Travail  et des  Solidarit\u00e9s\nLibert\u00e9\n\u00c9galit\u00e9\nFraternit\u00e9\nR\u00e9c\u00e9piss\u00e9  de d\u00e9claration  n\u00b0 30-2025-01-16-\nd'un  organisme  de services  \u00e0 la personne\nenregistr\u00e9  sous  le n\u00b0 SAP  937844074\nLe pr\u00e9fet  du Gard\nChevalier  de la L\u00e9gion  d'Honneur\nChevalier  de l'Ordre  National  du M\u00e9rite\nVu le code  du travail  et notamment  les articles  L.7231-1  \u00e0 L.7233-2,  R 7232-18  \u00e0 R.7232-24,  D.7231-\n1 et D.7233-1  \u00e0 D.7233-5  ;\nVu l'arr\u00eat\u00e9  du ministre  de l'Int\u00e9rieur  et des  outre-mer  du 30 janvier  2024  nommant  Mme  Sophie\nBOUDOT,  attach\u00e9e  d'administration  hors  classe  de l'\u00e9tat,  directrice  Separtementsls,  de l'emploi,  du\ntravail  et des  solidarit\u00e9s  du Gard  ;\nVu l'arr\u00eat\u00e9  du 19 f\u00e9vrier  2024  donnant  d\u00e9l\u00e9gation  de signature  \u00e0 Madame  Sophie  BOUDOT,  directrice\nd\u00e9partementale  de l'emploi,  du travail  et des  solidarit\u00e9s  du Gard  ;\nVu l'arr\u00eat\u00e9  du 21 f\u00e9vrier  2024  portant  subd\u00e9l\u00e9gation  aux  agents  de la direction  d\u00e9partementale  de\nl'emploi,  du travail  et des  solidarit\u00e9s  ;\nVu la circulaire  DGE  du 11 avril  2019  relative  aux  activit\u00e9s  de services  \u00e0 la personne  : d\u00e9claration  et\nagr\u00e9ment  des  organismes  de services  \u00e0 la personne  ;\nConstate  :\nQu'une  d\u00e9claration  d'activit\u00e9s  de services  \u00e0 la personne  a \u00e9t\u00e9 d\u00e9pos\u00e9e  aupr\u00e8s  de la direction\nd\u00e9partementale  de l'emploi,  du travail  et des  solidarit\u00e9s,  le 02 d\u00e9cembre  2024,  par Manon  MOUFTIER\nen qualit\u00e9  de responsable,  pour  l'organisme  M'Adelys  Siret  N\u00b0937844074  00016  dont  l'\u00e9tablissement\nprincipal  est situ\u00e9  au 11 rue des  tamaris  30620  Uchaud  et enregistr\u00e9e  sous  le n\u00b0 SAP  937844074\npour  les activit\u00e9s  suivantes  :\nActivit\u00e9s  relevant  uniquement  de la d\u00e9claration  en mode  prestataire  :\n\u00a2 Entretien  de la maison  et travaux  m\u00e9nagers\n\u00a2 Garde  d'enfants  de plus  de 3 ans  \u00e0 domicile\nToute  modification  concernant  les activit\u00e9s  exerc\u00e9es  devra  faire  l'objet  d'une  d\u00e9claration  modificative\npr\u00e9alable.\nSous  r\u00e9serve  d'\u00eatre  exerc\u00e9es  \u00e0 titre  exclusif  (ou sous  r\u00e9serve  d'une  comptabilit\u00e9  s\u00e9par\u00e9e  pour  les\npersonnes  morales  dispens\u00e9es  de cette  condition),  ces  activit\u00e9s  ouvrent  droit  au b\u00e9n\u00e9fice  des\ndispositions  des  articles  L. 7233-2  du code  du travail  et L. 241-10  du code  de la s\u00e9curit\u00e9  sociale  dans\nles conditions  pr\u00e9vues  par ces  articles.\nLes  effets  de la d\u00e9claration  courent  \u00e0 compter  du jour  du d\u00e9p\u00f4t  de la d\u00e9claration  sous  r\u00e9serve  des\ndispositions  de l'article  R.7232-18  du code  du travail.\nLe pr\u00e9sent  r\u00e9c\u00e9piss\u00e9  est \u00e0 port\u00e9e  nationale  et n'est  pas  limit\u00e9  dans  le temps,  \u00e0 l'exception  des\nMas  de l'Agriculture  - 1120  route  de Saint  Gilles  - BP 39081  - 30972  NIMES  CEDEX  9\nT\u00e9l : 04 30 08 61 20 Fax : 04 30 08 61 21 www.gard.gouv.fr\nDirection d\u00e9partementale de l'\u00e9conomie, de l'emploi, du travail et des solidarit\u00e9s  - 30-2025-01-16-00010 - R\u00e9c\u00e9piss\u00e9 d\u00e9claration\nservice \u00e0 la personne M ADELYS par MANON MOUFTIER 937844074 le 02 d\u00e9cembre 2024 \u00e0 UCHAUD 11\nactivit\u00e9s  relevant  de l'agr\u00e9ment  dont  les effets  sont  limit\u00e9s  \u00e0 5 ans.\nL'enregistrement  de la d\u00e9claration  peut  \u00eatre  retir\u00e9  dans  les conditions  fix\u00e9es  aux  articles  R.7232-20  a\nR.7232-22  du code  du travail.\nLe pr\u00e9sent  r\u00e9c\u00e9piss\u00e9  sera  publi\u00e9  au recueil  des  actes  administratifs  de la pr\u00e9fecture  du Gard.\nFait  \u00e0 N\u00eemes,  le 16 janvier  2025\nPour  la directrite|  d\u00e9partementale  de l'emploi,\ndu travail  et des  solidarit\u00e9s  du Gard  et par d\u00e9l\u00e9gation\nle directeur  d\u00e9part\u00e8mental  adjoint\nRenaud  MORIN\nVoies  de recours  :\nLa pr\u00e9sente  d\u00e9cision  peut,  \u00e0 compter  de sa publication,  faire  l'objet  d'un  recours  gracieux  aupr\u00e8s  de la\nDirection  D\u00e9partementale  de l'Emploi,  du Travail  et des  Solidarit\u00e9s-  Mas  de l'Agriculture  \u2014 1120  route\nde Saint  Gilles  \u2014 BP 39081  \u2014 30972  NIMES  CEDEX  9 ou d'un recours  hi\u00e9rarchique  adress\u00e9  au\nministre  charg\u00e9  de l'\u00e9conomie  - Direction  g\u00e9n\u00e9rale  des  entreprises  - sous-direction  des  services\nmarchands,  6, rue Louise  Weiss,  75703  Paris  cedex13.\nElle peut \u00e9galement  faire l'objet  d'un recours  contentieux  dans un d\u00e9lai de deux mois \u00e0 compter  de sa\npublication  aupr\u00e8s  du Tribunal  administratif  de N\u00eemes  - 16 avenue  Feuch\u00e8res  - 30000  N\u00eemes.\nLe tribunal  administratif  peut  \u00eatre  saisi  par l'application  informatique  \u00abT\u00e9l\u00e9recours  citoyen\u00bb  accessible\nsur le site  internet  www.telerecours.fr.\nEn cas  de rejet  du recours  gracieux  ou hi\u00e9rarchique  ou en l'absence  de r\u00e9ponse  \u00e0 ce recours  (rejet\nimplicite),  un recours  contentieux  devant  le tribunal  administratif  peut  \u00e9galement  \u00eatre  form\u00e9  contre  la\nd\u00e9cision  initiale  dans  un d\u00e9lai  de deux  mois  \u00e0 compter  de ce rejet.\nDirection d\u00e9partementale de l'\u00e9conomie, de l'emploi, du travail et des solidarit\u00e9s  - 30-2025-01-16-00010 - R\u00e9c\u00e9piss\u00e9 d\u00e9claration\nservice \u00e0 la personne M ADELYS par MANON MOUFTIER 937844074 le 02 d\u00e9cembre 2024 \u00e0 UCHAUD 12\nDirection d\u00e9partementale de l'\u00e9conomie, de\nl'emploi, du travail et des solidarit\u00e9s \n30-2025-01-16-00008\nR\u00e9c\u00e9piss\u00e9 d\u00e9claration service \u00e0 la personne\nmicro entreprise par St\u00e9phanie GRAFF \n932371529 le 27 novembre 2024 \u00e0 Uz\u00e8s\nDirection d\u00e9partementale de l'\u00e9conomie, de l'emploi, du travail et des solidarit\u00e9s  - 30-2025-01-16-00008 - R\u00e9c\u00e9piss\u00e9 d\u00e9claration\nservice \u00e0 la personne micro entreprise par St\u00e9phanie GRAFF  932371529 le 27 novembre 2024 \u00e0 Uz\u00e8s 13\n|\nPREFET  ; Direction  D\u00e9partementale\nDU GARD  de l'Emploi,  du Travail  et des  Solidarit\u00e9s\nLibert\u00e9\nEgalit\u00e9\nFraternit\u00e9\nR\u00e9c\u00e9piss\u00e9  de d\u00e9claration  n\u00b0 30-2025-01-16-\nd'un  organisme  de services  a la personne\nenregistr\u00e9  sous  le n\u00b0 SAP  932371529\nLe pr\u00e9fet  du Gard\nChevalier  de la L\u00e9gion  d'Honneur\nChevalier  de l'Ordre  National  du M\u00e9rite\nVu le code  du travail  et notamment  les articles  L.7231-1  \u00e0 L.7233-2,  R.7232-18  \u00e0 R.7232-24,  D.7231-\n1 et D.7233-1  a D.7233-5  ; | |\nVu l'arr\u00eat\u00e9  du ministre  de l'Int\u00e9rieur  et des outre-mer  du 30 janvier  2024  nommant  Mme  Sophie\nBOUDOT,  attach\u00e9e  d'administration  hors  classe  de l'\u00e9tat,  directrice  d\u00e9partementale,  de l'emploi,  du\ntravail  et des  solidarit\u00e9s  du Gard  ;\nVu l'arr\u00eat\u00e9  du 19 f\u00e9vrier  2024  donnant  d\u00e9l\u00e9gation  de signature  \u00e0 Madame  Sophie  BOUDOT,  directrice\nd\u00e9partementale  de l'emploi,  du travail  et des  solidarit\u00e9s  du Gard  ;\nVu l'arr\u00eat\u00e9  du 21 f\u00e9vrier  2024 portant  subd\u00e9l\u00e9gation  aux agents  de la direction  Sopahsmatials  de\nl'emploi,  du travail  et des  solidarit\u00e9s  ;\nVu la circulaire  DGE du 11 avril 2019 relative  aux activit\u00e9s  de services  a la personne  : d\u00e9claration  et\nagr\u00e9ment  des  organismes  de services  \u00e0 la personne  ;\nConstate  :\nQu'une  d\u00e9claration  d'activit\u00e9s  de services  \u00e0 la personne  a \u00e9t\u00e9 d\u00e9pos\u00e9e  aupr\u00e8s  de la direction\nd\u00e9partementale  de l'emploi,  du travail  et des  solidarit\u00e9s,  le 27 novembre  2024,  par GRAFF  St\u00e9phanie  |\nen qualit\u00e9  de responsable,  pour  l'organisme  micro  entreprise  Siret  N\u00b0932371529  00011  dont\nl'\u00e9tablissement  principal  est situ\u00e9  au 23 Chemin  du paradis  30700  Uz\u00e8s  et enregistr\u00e9e  sous  le n\u00b0 SAP\n932371529  pour  les activit\u00e9s  suivantes  :\nActivit\u00e9s  relevant  uniquement  de la d\u00e9claration  en mode  prestataire  :\n\u00a2 Entretien  de la maison  et travaux  m\u00e9nagers\nToute modification  concernant  les activit\u00e9s  exerc\u00e9es  devra faire l'objet d'une d\u00e9claration  modificative\npr\u00e9alable.\nSous  r\u00e9serve  d'\u00eatre  exerc\u00e9es  \u00e0 titre  exclusif  (ou sous  r\u00e9serve  d'une  comptabilit\u00e9  s\u00e9par\u00e9e  pour  les\npersonnes  morales  dispens\u00e9es  de cette  condition),  ces  activit\u00e9s  ouvrent  droit  au b\u00e9n\u00e9fice  des\ndispositions  des  articles  L. 7233-2  du code  du travail  et L. 241-10  du code  de la s\u00e9curit\u00e9  sociale  dans\nles conditions  pr\u00e9vues  par  ces  articles.\nLes effets  de la d\u00e9claration  courent  \u00e0 compter  du jour du d\u00e9p\u00f4t  de la d\u00e9claration  sous r\u00e9serve  des\ndispositions  de l'article  R.7232-18  du code  du travail.\nMas  de l'Agriculture  \u2014 1120  route  de Saint  Gilles  - BP 39081  - 30972  NIMES  CEDEX  9\nT\u00e9l : 04 30 08 61 20 Fax : 04 30 08 61 21 www.gard.gouv.fr\nDirection d\u00e9partementale de l'\u00e9conomie, de l'emploi, du travail et des solidarit\u00e9s  - 30-2025-01-16-00008 - R\u00e9c\u00e9piss\u00e9 d\u00e9claration\nservice \u00e0 la personne micro entreprise par St\u00e9phanie GRAFF  932371529 le 27 novembre 2024 \u00e0 Uz\u00e8s 14\nLe pr\u00e9sent  r\u00e9c\u00e9piss\u00e9  est a port\u00e9e  nationale  et n'est  pas  limit\u00e9  dans  le temps,  a l'exception  des\nactivit\u00e9s  relevant  de l'agr\u00e9ment  dont  les effets  sont  limit\u00e9s  \u00e0 5 ans.\nL'enregistrement  de la d\u00e9claration  peut  \u00eatre  retir\u00e9  dans  les conditions  fix\u00e9es  aux  articles  R.7232-20  \u00e0\nR.7232-22  du code  du travail.\nLe pr\u00e9sent  r\u00e9c\u00e9piss\u00e9  sera  publi\u00e9  au recueil  des  actes  administratifs  de la pr\u00e9fecture  du Gard.\nFait  \u00e0 N\u00eemes,  le 16 janvier  2025\nPour  la directrice  dey artementale  de l'emploi,\ndu travail  et des  solidarit\u00e9s  flu Gard  et par d\u00e9l\u00e9gation\nle direct\u00e9ur  d\u00e9partemental  adjoint\na \"7\nVoies  de recours  :\nLa pr\u00e9sente  d\u00e9cision  peut,  \u00e0 compter  de sa publication,  faire  l'objet  d'un  recours  gracieux  aupr\u00e8s  de la\nDirection  D\u00e9partementale  de l'Emploi,  du Travail  et des  Solidarit\u00e9s-  Mas  de l'Agriculture  \u2014 1120  route\nde Saint  Gilles  \u2014 BP 39081  \u2014 30972  NIMES  CEDEX  9 ou d'un recours  hi\u00e9rarchique  adress\u00e9  au\nministre  charg\u00e9  de l'\u00e9conomie  - Direction  g\u00e9n\u00e9rale  des  entreprises  - sous-direction  des  services\nmarchands,  6, rue Louise  Weiss,  75703  Paris  cedex13.\nElle  peut  \u00e9galement  faire  l'objet  d'un  recours  contentieux  dans  un d\u00e9lai  de deux  mois  \u00e0 compter  de sa\npublication  aupr\u00e8s  du Tribunal  administratif  de N\u00eemes  - 16 avenue  Feuch\u00e8res  - 30000  N\u00eemes.\nLe tribunal  administratif  peut  \u00eatre saisi  par l'application  informatique  \u00abT\u00e9l\u00e9recours  citoyen\u00bb  accessible\nsur le site  internet  www.telerecours.  fr.\nEn cas  de rejet  du recours  gracieux  ou hi\u00e9rarchique  ou en l'absence  de r\u00e9ponse  \u00e0 ce recours  (rejet\nimplicite),  un recours  contentieux  devant  le tribunal  administratif  peut  \u00e9galement  \u00eatre  form\u00e9  contre  la\nd\u00e9cision  initiale  dans  un d\u00e9lai  de deux  mois  \u00e0 compter  de ce rejet.\nDirection d\u00e9partementale de l'\u00e9conomie, de l'emploi, du travail et des solidarit\u00e9s  - 30-2025-01-16-00008 - R\u00e9c\u00e9piss\u00e9 d\u00e9claration\nservice \u00e0 la personne micro entreprise par St\u00e9phanie GRAFF  932371529 le 27 novembre 2024 \u00e0 Uz\u00e8s 15","date":"2025-01-24","first_seen_on":"2025-01-24T15:06:43+00:00","id":"4a3114da82ffda5fb786d724dbb2efbae00e5b8257d1ab46965b8324ec02d089","name":"recueil-30-2025-014-nominatifs du 24 01 2025","pdf_creation_date":"2025-01-24T15:00:34+00:00","pdf_modification_date":null,"timezone":"CET","url":"https://www.gard.gouv.fr/contenu/telechargement/61771/458129/file/recueil-30-2025-014-nominatifs%20du%2024%2001%202025.pdf"}
