{"administration":"pref21","administration_name":"Pr\u00e9fecture de C\u00f4te-d\u2019Or","content":"PR\u00c9FET\nDE LA C\u00d4TE-D'OR\nRECUEIL DES ACTES\nADMINISTRATIFS SP\u00c9CIAL\nN\u00b021-2024-071\nPUBLI\u00c9 LE 14 JUIN 2024\nSommaire\nDirection d\u00e9partementale de l'emploi, du travail et des solidarit\u00e9s de\nC\u00f4te-d'Or /\n21-2024-06-11-00003 - Arr\u00eat\u00e9 renouvellement agr\u00e9ment ESUS/ CREAI 778\n214 148 (3 pages) Page 3\n21-2024-06-14-00001 - Renouvellement agr\u00e9ment SAP/513696583 123\nSERVICE A DOM (4 pages) Page 7\nDirection d\u00e9partementale de la protection des populations de la C\u00f4te-d'Or /\nService Sant\u00e9 et Protections animales, Protection de l'Environnement\n21-2024-06-06-00001 - Arr\u00eat\u00e9 pr\u00e9fectoral N\u00b0933/2024 en date du 6 juin\n2024\nattribuant l habilitation sanitaire \u00e0 Thibault DESRUELLES (2 pages) Page 12\nDirection d\u00e9partementale des territoires de la C\u00f4te-d'Or / Service\nPr\u00e9servation et Am\u00e9nagement de l'Espace (SPAE)\n21-2024-06-13-00001 - Arr\u00eat\u00e9 pr\u00e9fectoral du 13 juin 2024\nportant\nrenouvellement du bureau de l'association fonci\u00e8re \nde\nMESSIGNY-ET-VANTOUX (2 pages) Page 15\nDirection d\u00e9partementale des territoires de la C\u00f4te-d'Or / Service S\u00e9curit\u00e9 et\n\u00c9ducation Routi\u00e8re\n21-2024-06-09-00003 - Arr\u00eat\u00e9 n\u00b0  967  modifiant l\u25a1arr\u00eat\u00e9 pr\u00e9fectoral n\u00b0 492\ndu 6 mars 2023 portant agr\u00e9ment pour des prestations de d\u00e9pannage, de\nremorquage et d\u25a1\u00e9vacuation des v\u00e9hicules l\u00e9gers sur les autoroutes A6,\nA31, A36, A39, A40, A311, A391, A406 et la RN79 (5 pages) Page 18\n21-2024-06-09-00004 - Arr\u00eat\u00e9 n\u00b0 968 modifiant l\u25a1arr\u00eat\u00e9 pr\u00e9fectoral n\u00b0 493\ndu 6 mars 2023 portant agr\u00e9ment pour des prestations de d\u00e9pannage, de\nremorquage et d\u25a1\u00e9vacuation des v\u00e9hicules lourds sur les autoroutes A6,\nA31, A36, A39, A40, A311, A391, A406 et la RN79 (4 pages) Page 24\nPr\u00e9fecture de la C\u00f4te-d'Or / Direction des s\u00e9curit\u00e9s\n21-2024-06-13-00002 - Arr\u00eat\u00e9 pr\u00e9fectoral N\u00b0 977 portant interdiction de\nrassemblements festifs \u00e0 caract\u00e8re musical et interdiction de circulation de\ntout v\u00e9hicule transportant du mat\u00e9riel de son \u00e0 destination d\u25a1un\nrassemblement festif \u00e0 caract\u00e8re musical non autoris\u00e9 (2 pages) Page 29\n21-2024-06-12-00001 - Arr\u00eat\u00e9 pr\u00e9fectoral portant agr\u00e9ment pour l'activit\u00e9\nde domiciliation d'entreprise - MODULO CENTRE D'AFFAIRES (2 pages) Page 32\nSDIS de C\u00f4te-d'Or /\n21-2024-06-01-00002 - Liste Op\u00e9rationnelle Feu de For\u00eat 2024 modificatif\nn\u00b02 (12 pages) Page 35\n2\nDirection d\u00e9partementale de l'emploi, du travail\net des solidarit\u00e9s de C\u00f4te-d'Or\n21-2024-06-11-00003\nArr\u00eat\u00e9 renouvellement agr\u00e9ment ESUS/ CREAI\n778 214 148\nDirection d\u00e9partementale de l'emploi, du travail et des solidarit\u00e9s de C\u00f4te-d'Or - 21-2024-06-11-00003 - Arr\u00eat\u00e9 renouvellement\nagr\u00e9ment ESUS/ CREAI 778 214 148 3\nDirection D\u00e9partementale \nde l'Emploi, du Travail et des Solidarit\u00e9s \nDDETS  \n \nDDETS 21, 21 Bd Voltaire, BP 81110 -  21011 DIJON Cedex \nT\u00e9l. : 03 80 45 75 02 (Accueil) \nwww.cote-dor.gouv.fr \n \n \nAffaire suivie par Ma\u00eblle THIEBAUT  \nCharg\u00e9e de mission \u2013 P\u00f4le Emploi Coh\u00e9sion Territoriale  \nT\u00e9l : 03 80 45 75 07 // 06 75 40 79 13 \nCourriel : \nmaelle.thiebaut@c ote-dor.gouv.fr  \nDijon, le 11 juin 2024  \n \n \n \nCREAI Bourgogne Franche Comt\u00e9  \nMonsieur le Pr\u00e9sident  \n1A rue des ruchottes  \n21121 AHUY  \n \n \nDDETS de la C\u00f4te d'Or   \nARR\u00caT\u00c9 PORTANT AGR\u00c9MENT  \nd'Entreprise Solidaire d'Utilit\u00e9 Sociale (ESUS)   \n \n  \nVu  - La loi n\u00b02014-856 du 31 juillet 2014 relative \u00e0 l'Economie Sociale et Solidaire (ESS) ; \n \nVu  - La loi n\u00b02019-486 du 22 mai 2019 relative \u00e0 la c roissance et la transformation des entreprises \nmodifiant la loi ci-dessus du 31 juillet 2014 ;  \n  \nVu  - Le d\u00e9cret n\u00b02015-719 du 23 juin 2015 relatif \u00e0 l 'agr\u00e9ment \u00ab Entreprise Solidaire d'Utilit\u00e9 Sociale \n(ESUS) \u00bb ; \n  \nVu  - Le d\u00e9cret n\u00b02015-760 du 24 juin 2015 relatif \u00e0 l 'agr\u00e9ment \u00ab Entreprise Solidaire d'Utilit\u00e9 Sociale \n(ESUS) \u00bb ; \n  \nVu  - L'arr\u00eat\u00e9 du 3 ao\u00fbt 2015 fixant la fraction des b \u00e9n\u00e9fices affect\u00e9e au report b\u00e9n\u00e9ficiaire et aux \nr\u00e9serves obligatoires, art 1 loi n\u00b0 2014-856 du 31 juillet 2014 relative \u00e0 l'Economie Sociale et Solidaire \n(ESS) ;  \n  \nVu  - L'arr\u00eat\u00e9 du 5 ao\u00fbt 2015 fixant la composition du  dossier de demande d'agr\u00e9ment \u00ab Entreprise \nSolidaire d'Utilit\u00e9 Sociale (ESUS) \u00bb ; \n \nVu  - L'arr\u00eat\u00e9 pr\u00e9fectoral n\u00b0 1204 du 17 octobre 2022 portant d\u00e9l\u00e9gation de signature \u00e0 Mr Nicolas \nNIBOUREL, Directeur D\u00e9partemental de la DDETS de C\u00f4te d'Or ; \n \nVu  - L'arr\u00eat\u00e9 n\u00b0736/DDETS du 29 avril 2024 \u2013 Pr\u00e9fectu re de la C\u00f4te d'Or, portant subd\u00e9l\u00e9gation de \nsignature ; \n \n \nVu  - Le code du travail, notamment ses articles L 3332-17-1 et R 3332-21-1 \u00e0 R 3332-21-5 ; \n  \nVu -La demande de renouvellement de l'd'agr\u00e9ment Entre prise Solidaire d'Utilit\u00e9 Sociale (ESUS) \npr\u00e9sent\u00e9e par courriel du 5 juin 2024 par l'association \u00ab CREAI Bourgogne Franche Comt\u00e9 \u00bb ; \nDirection d\u00e9partementale de l'emploi, du travail et des solidarit\u00e9s de C\u00f4te-d'Or - 21-2024-06-11-00003 - Arr\u00eat\u00e9 renouvellement\nagr\u00e9ment ESUS/ CREAI 778 214 148 4\n  \n \nDDETS 21, 21 Bd Voltaire, BP 81110 -  21011 DIJON Cedex \nT\u00e9l. : 03 80 45 75 02 (Accueil) \nwww.cote-dor.gouv.fr \n \nVu - L'arr\u00eat\u00e9 portant agr\u00e9ment ESUS du 1 er  ao\u00fbt 2019 d\u00e9j\u00e0 accord\u00e9 \u00e0 \u00ab CREAI Bourgogne Franche  \nComt\u00e9 \u00bb pour une dur\u00e9e de cinq ans; \n \nVu  - Les d\u00e9clarations de la demande d'agr\u00e9ment du dossier B1; \n \nVu  - La situation au r\u00e9pertoire SIRENE de l'INSEE; \n \nVu  - La compl\u00e9tude du dossier le 5 juin 2024. \n \n\u2026\u2026\u2026\u2026. \n \nConsid\u00e9rant,  que l'Economie Sociale et Solidaire (ESS) est \u00ab un  mode d'entreprendre et de \nd\u00e9veloppement \u00e9conomique, adapt\u00e9 \u00e0 tous les domaine s de l'activit\u00e9 humaine remplissant les \nconditions cumulatives, de recherche d'une utilit\u00e9 sociale et non du seul profit, d'une gouvernance \nd\u00e9mocratique, d'une affectation des b\u00e9n\u00e9fices major itairement consacr\u00e9s au maintien ou au \nd\u00e9veloppement de l'entreprise ainsi qu'\u00e0 des r\u00e9serves impartageables et non distribuables (principes \nde bonne gestion) \u00bb ; \n \nConsid\u00e9rant,  la situation  au r\u00e9pertoire SIRENE de l'INSEE de \u00ab CREAI Bourgogn e Franche Comt\u00e9 \n\u00bb indiquant l'appartenance \u00e0 l'Economie Sociale et Solidaire (ESS) ; \n \nConsid\u00e9rant,  que le statut d'association vaut pr\u00e9somption des principes de bonne gestion (affectation \ndes b\u00e9n\u00e9fices au maintien de l'emploi ou de l'activ it\u00e9, r\u00e9serves obligatoires impartageables et non \ndistribuables) ainsi que d'une gouvernance d\u00e9mocratique;   \n \nConsid\u00e9rant,  que l'objet de l'association \u00ab CREAI Bourgogne Franche Comt\u00e9 \u00bb r\u00e9pond aux crit\u00e8res \nde l'utilit\u00e9 sociale notamment \u00e0 celui de soutien \u00e0 des personnes en situation de fragilit\u00e9 ; \n \nConsid\u00e9rant,  l'attestation sur l'honneur d'absence de titres en capital sur les march\u00e9s financiers; \n \n \nConsid\u00e9rant,  les statuts de l'association \u00ab CREAI Bourgogne Fra nche Comt\u00e9 \u00bb ainsi que les \nd\u00e9clarations sign\u00e9es du dossier B1 de demande d'agr\u00e9ment ESUS; \n \n \nConsid\u00e9rant,  notamment le respect des principes de la politique de r\u00e9mun\u00e9ration ; \n \nConsid\u00e9rant,  l'affectation des charges d'exploitation participa nt \u00e0 la recherche d'une utilit\u00e9 sociale, \nrepr\u00e9sentant au moins 66 % des charges d'exploitation totales ; \n \nConsid\u00e9rant,  qu'au vu des \u00e9l\u00e9ments pr\u00e9sent\u00e9s ci-dessus, l'association \u00ab CREAI Bourgogne Franche \nComt\u00e9 \u00bb, remplit les conditions requises pour b\u00e9n\u00e9ficier de l'agr\u00e9ment d'Entreprise Solidaire d'Utilit\u00e9 \nSociale (ESUS) ;\n \n \nARR\u00caTE \n  \nArticle 1 : L'association \u00ab CREAI Bourgogne Franche Comt\u00e9 \u00bb do nt le si\u00e8ge social se situe, 1A rue \ndes ruchottes 21121 AHUY, r\u00e9f\u00e9renc\u00e9e par le num\u00e9ro SIRET 778 214 148 001910 se voit accorder \nl'agr\u00e9ment d'Entreprise Solidaire d'Utilit\u00e9 Sociale  (ESUS) pour 5 ans, \u00e0 compter du 11 juin 2024 et \njusqu'au 10 juin 2029 selon les crit\u00e8res issus de l'article L3332-17-1 du code du travail en vigueur \u00e0 la \ndate de la pr\u00e9sente d\u00e9cision. \n  \n \n \n \nDirection d\u00e9partementale de l'emploi, du travail et des solidarit\u00e9s de C\u00f4te-d'Or - 21-2024-06-11-00003 - Arr\u00eat\u00e9 renouvellement\nagr\u00e9ment ESUS/ CREAI 778 214 148 5\nDirection D\u00e9partementale \nde l'Emploi, du Travail et des Solidarit\u00e9s \nDDETS  \n \nDDETS 21, 21 Bd Voltaire, BP 81110 -  21011 DIJON Cedex \nT\u00e9l. : 03 80 45 75 02 (Accueil) \nwww.cote-dor.gouv.fr \n \n \n \n \n \n \n \nArticle 2 : Le pr\u00e9sent arr\u00eat\u00e9 sera publi\u00e9 au recueil des actes administratifs de la Pr\u00e9fecture de la C\u00f4te \nd'Or.  \n \n \nPour le Pr\u00e9fet de D\u00e9partement, \nEt par d\u00e9l\u00e9gation du Directeur D\u00e9partemental emp\u00each\u00e9, \nLa Responsable de l'Unit\u00e9 Formation, Emploi et Insertion \n \nSIGNE \nMarie BEGRAND \nDirection d\u00e9partementale de l'emploi, du travail et des solidarit\u00e9s de C\u00f4te-d'Or - 21-2024-06-11-00003 - Arr\u00eat\u00e9 renouvellement\nagr\u00e9ment ESUS/ CREAI 778 214 148 6\nDirection d\u00e9partementale de l'emploi, du travail\net des solidarit\u00e9s de C\u00f4te-d'Or\n21-2024-06-14-00001\nRenouvellement agr\u00e9ment SAP/513696583 123\nSERVICE A DOM\nDirection d\u00e9partementale de l'emploi, du travail et des solidarit\u00e9s de C\u00f4te-d'Or - 21-2024-06-14-00001 - Renouvellement agr\u00e9ment\nSAP/513696583 123 SERVICE A DOM 7\nEZ | | Direction D\u00e9partementale,PR\u00c9FET | | de l'Emploi, du TravailDE LA | et des Solidarit\u00e9s - DDETSCOTE-D'OR | |Libert\u00e9Egalit\u00e9Fraternit\u00e9\nAffaire suivie par Sophie LACROIX \" Dijon, le 12/06/2024P\u00f4le Emploi-Coh\u00e9sion Territoriale,T\u00e9l : 03 80 45 78 10 // 06 46 79 36 50Mail : sophie.lacroix@cote-dor.gouv.fr1. 2. 3. SERVICE A DOM14 rue F\u00e9lix Tisserand21700 NUITS ST GEORGES\nARRETE PORTANT RENOUVELLEMENT DE L'AGREMENTpour un Organisme de Services a la Personne (OSP)| - Enregistr\u00e9 sous le n\u00b0 SAP/513696583Le pr\u00e9fet de la C\u00f4te-d'Or, et par d\u00e9l\u00e9gation du Directeur D\u00e9partemental de la DDETS de C\u00f4te d'Or,la Cheffe du P\u00f4le Emploi et Coh\u00e9sion Territoriale/la Responsable de I'Unit\u00e9 Formation, Emploi,Insertion\nVu la loi n\u00b02010-853 du 23 Juillet 2010 relative aux r\u00e9seaux consulaires, au commerce et \u00e0l'artisanat et aux services (article 31) ;Vu les d\u00e9crets n\u00b02011-1132 et n\u00b02011-1133 du 20 septembre 2011 modifiant certaines dispositionsdu code du travail relatives au ch\u00e8que emploi-service universel et aux services \u00e0 la personne,Vu le code du travail, notamment ses articles L. 7231-1 \u00e0 L 7232-9, L 7233-1 \u00e0 L 7233-8, R. 7232-1\u00e0 R. 7232-22, D. 7231-1 et D.7233-1 \u00e0 D.7233-1 ;Vu l'arr\u00eat\u00e9 du 1er octobre 2018 fixant le cahier des charges (C.C) prevu \u00e0 l'article R.7232-6 du codedu travail;Vu la circulaire du 11 avril 2019 porfant sur les activit\u00e9s de service \u00e0 la personne, d\u00e9claration etagr\u00e9ment;Vu le d\u00e9cret du 26 septembre 2022 nommant Monsieur Frank ROBINE, Pr\u00e9fet de la reglonBourgogne-Franche-Comt\u00e9 (BFC), Pr\u00e9fet de la C\u00f4te d'Or (21);Vu L'arr\u00eat\u00e9 n\u00b0 875/SG du 4 Jum 2021 portant d\u00e9l\u00e9gation de S|gnature \u00e0 M. Nicolas NIBOUREL,Directeur D\u00e9partemental de la DDETS de C\u00e9te d'Or;Vu l'arr\u00eat\u00e9 n\u00b01485/DDETS du 19-octobre 2023- Prefecture de la C\u00f4te d'Or, portant subd\u00e9l\u00e9gationde signature;\nDDETS 21, 21 Bd Voltaire, BP 81110- 21011 DIJON CedexT\u00e9l. : 03 80 4575 45(Accueil)www.cote-dor.gouv.fr\nDirection d\u00e9partementale de l'emploi, du travail et des solidarit\u00e9s de C\u00f4te-d'Or - 21-2024-06-14-00001 - Renouvellement agr\u00e9ment\nSAP/513696583 123 SERVICE A DOM 8\nVu le pr\u00e9c\u00e9dent agr\u00e9ment d\u00e9livr\u00e9 le 16 mai 2019 pour une p\u00e9riode de 5 ans ;Vu la demande de renouvellement du pr\u00e9sent agr\u00e9ment de services \u00e0 la personne (SAP), d\u00e9pos\u00e9edans I'application NOVA de la Direction G\u00e9n\u00e9rale des Entreprises, le 14 mars 2024, par la SAS1.2.3. SERVICEA DOM, SIREN, 513 696 583 dont le si\u00e8ge social est situ\u00e9, 14 rue F\u00e9lix Tisserand21700 NUITS ST GEORGES ;Vu la r\u00e9ception des pi\u00e8ces n\u00e9cessaires \u00e0 l'instruction, le 14 mars 2024, lors du d\u00e9p\u00f4t de la demandede renouvellement ; :Vu la compl\u00e9tude du dossier en date du 12 juin 2024 ;Vu la demande d'avis du 28 mai 2024, envoy\u00e9e au Conseil D\u00e9partemental de la C\u00f4te d'Or (21) pourla garde et 'accompagnement d'enfants de moins de trois ans ainsi que pour les personnes demoins de dix-huit ans en situation de handicap ;Vu l'avis favorable \u00e9mis le 5 juin 2024 par le Conseil D\u00e9partemental de la C\u00f4te d'Or (21) ;\nConsid\u00e9rant que l'affectation de moyens humains, mat\u00e9riels et financiers permet de r\u00e9pondre \u00e0 Iexigence de qualit\u00e9 (art R 7232-4 du Code du Travail) et de continuit\u00e9 du service (art R 7232-6 2\u00b0 duCode du Travail) qui sont n\u00e9cessaires au fonctionnement d'un organisme de service \u00e0 la personneagr\u00e9\u00e9 ; .Consid\u00e9rant que le Pr\u00e9fet accorde l'agr\u00e9ment lorsque la personne morale qui en fait la demandedispose en propre ou au sein du r\u00e9seau dont il fait partie, des moyens humains, mat\u00e9riels etfinanciers permettant de satisfaire I'objet pour lequel l'agr\u00e9ment est sollicit\u00e9 (art R 7232-6 Code duTravail) ;Consid\u00e9rant qu'un organisme de services \u00e0 la personne (OSP) doit respecter le cahier des chargeset son annexe d\u00e9finis \u00e0 l'arr\u00eat\u00e9 du 1\" octobre 2018 pr\u00e9vu par l'article R 7232-6 du Code du Travail ;Consid\u00e9rant que linstruction de la demande d'agr\u00e9ment par la SAS 1.2.3. SERVICE A DOM anotamment port\u00e9 sur les v\u00e9rifications au fichier national automatis\u00e9 des auteurs d'infractionssexuelles (FIJAIS) pour les intervenants et les encadrants, sur l'information et la sensibilisation \u00e0 lamaltraitance ;Consid\u00e9rant que l'instruction de la demande a \u00e9galement port\u00e9 sur la v\u00e9rification de la qualificationdu personnel ; 'Consid\u00e9rant que sur cette exigence, le point 26 du cahier des charges pr\u00e9voit pour les intervenantsla possibilit\u00e9 d'une exp\u00e9rience professionnelle d'un an dans le domaine de la petite enfance ;Consid\u00e9rant que cette exp\u00e9rience d'un an a \u00e9t\u00e9 appr\u00e9ci\u00e9e au travers des documents suivants: lafiche de poste concernant la garde/accompagnement des enfants de moins de trois ans et lescurriculums vitae (CV) ;Consid\u00e9rant enfin, qu'il appartient au gestionnaire de l'organisme de services \u00e0 la personne (OSP)de d\u00e9terminer si la prestation attendue est en ad\u00e9quation avec les comp\u00e9tences et les moyens qu'ilpeut mettre en \u0153uvre, s'il n'est pas en capacit\u00e9 de r\u00e9pondre \u00e0 la demande du b\u00e9n\u00e9ficiaire, il doitl'orienter vers une structure plus adapt\u00e9e en substitution ou en compl\u00e9ment (point 6 Cahier desCharges) ;\nDDETS 21, 21 Bd Voltaire, 8P 81110 - 21011 DIJON CedexT\u00e9l.: 03 80 45 75 45 (Accueil)www.cote-dor.gouv.fr\nDirection d\u00e9partementale de l'emploi, du travail et des solidarit\u00e9s de C\u00f4te-d'Or - 21-2024-06-14-00001 - Renouvellement agr\u00e9ment\nSAP/513696583 123 SERVICE A DOM 9\nEx | Direction D\u00e9partementale,PREFET de l'Emploi, du TravailDE LA et des Solidarit\u00e9s - DDETSCOTE-D'OR |\" Libert\u00e9Egalit\u00e9Fraternit\u00e9 ARRETEArticle 1 : |La demande de renouvellement d'agr\u00e9ment de 1. 2. 3. SERVICEA DOM, SIREN 513 696 583, dontle si\u00e8ge social est situ\u00e9, 14 rue F\u00e9lix Tisserand 21700 NUITS ST GEORGES, lui est accord\u00e9e pourune dur\u00e9e de cing ans \u00e0 compter de la date de signature de la pr\u00e9sente d\u00e9cision ;\nArticle 2 :La demande de renouvellement devra \u00eatre d\u00e9pos\u00e9e dans les conditions fix\u00e9es par l'article R.7232-9 et, au plus tard, trois mois avant la fin de cet agr\u00e9ment ;\nArticle 3 :Cet agr\u00e9ment couvre les activit\u00e9s ci-dessous pour le d\u00e9partement de la C\u00f4te d'Or (21), en modeprestataire: : ' .- Garde d'enfants de moins de 3 ans et de moins de 18 ans handicap\u00e9s a domicile- Accompagnement des enfants de moins de 3 ans ou de moins de 18 ans handicap\u00e9s\nArticle 4 :Si l'organisme envisage de fournir des activit\u00e9s ou de fonctionner selon des modes d'interventionautres que ceux pour lesquels il est agr\u00e9\u00e9 ou de d\u00e9ployer ses activit\u00e9s sur un d\u00e9partement autre quecelui pour lequel il est agr\u00e9\u00e9, il devra solliciter une modification pr\u00e9alable de son agr\u00e9ment.La demande devra pr\u00e9ciser les modifications envisag\u00e9es et les moyens nouveaux correspondantsdans les conditions fix\u00e9es par la r\u00e9glementation. L'ouverture d'un nouvel \u00e9tablissement ou d'unnouveau local d'accueil dans un d\u00e9partement pour lequel il est agr\u00e9\u00e9 devra \u00e9galement faire l'objetd'une information pr\u00e9alable aupr\u00e8s de la DDETS ;Article 5 :Le pr\u00e9sent agr\u00e9ment pourra \u00eatre retir\u00e9 (R 7232-12 Cod.Trav) si l'organisme agr\u00e9\u00e9 :* cesse de remplir les conditions ou de respecter les obligations mentionn\u00e9es aux articles R.7232-4 \u00e0R.7232-9 du code du travail,* ne respecte pas les dispositions l\u00e9gales relatives \u00e0 la sant\u00e9 et \u00e0 la s\u00e9curit\u00e9 au travail,* exerce d'autres activit\u00e9s ou sur d'autres d\u00e9partements que ceux mentionn\u00e9s dans le pr\u00e9sent arr\u00eat\u00e9,- ne transmet pas au pr\u00e9fet comp\u00e9tent avant la fin du premier semestre de l'ann\u00e9e, le bilan quantitatifet qualitatif de l'activit\u00e9 exerc\u00e9e au titre de l'ann\u00e9e \u00e9coul\u00e9e ;\nDDETS 21, 21 Bd Voltaire, BP 81110 - 21011 DIJON CedexT\u00e9l. : 03 80 45 75 45 (Accueil)www.cote-dor gouv.fr\nDirection d\u00e9partementale de l'emploi, du travail et des solidarit\u00e9s de C\u00f4te-d'Or - 21-2024-06-14-00001 - Renouvellement agr\u00e9ment\nSAP/513696583 123 SERVICE A DOM 10\nArticle 6 :Cet agr\u00e9ment n'ouvre pas droit aux avantages fiscaux et sociaux fix\u00e9s par l'article L. 7233-2 ducode du travail et L. 241-10 du code de la s\u00e9curit\u00e9 sociale. Conform\u00e9ment \u00e0 l'article L.7232-1-1 ducode du travail, pour ouvrir droit \u00e0 ces dispositions, l'organisme doit se d\u00e9clarer et n'exercer que lesactivit\u00e9s d\u00e9clar\u00e9es, \u00e0 l'exclusion de toute autre (ou tenir une comptabilit\u00e9 s\u00e9par\u00e9e pour lesorganismes dispens\u00e9s de cette condition par l'article L. 7232-1-2) ;Article 7 :Le pr\u00e9sent arr\u00eat\u00e9 sera publi\u00e9 au recueil des actes administratifs de la Pr\u00e9fecture (art R 7232-18Cod. Trav). -\nPour le Pr\u00e9fet de D\u00e9partement et parsubd\u00e9l\u00e9gation du Directeur D\u00e9partemental de laDDETS de la C\u00f4te d'Or,La Responsable de I'Unit\u00e9, Formation, Emploi etInsertion,SIGNEMarie BEGRAND\nDans un d\u00e9lai de deux mois \u00e0 compter de la notification, cette d\u00e9cision est susceptible des voies de recours suivantes :- Recours gracieux aupr\u00e8s de la DDETS de C\u00f4te d'Or \u201421 Boulevard Voltaire \u2014 BP 81110 \u2014 21011 DIJON cedex.- Recours hi\u00e9rarchique adress\u00e9 au Ministre de I'\u00e9conomie, de l'industrie et du num\u00e9rique \u2014 Direction G\u00e9n\u00e9rale desEntreprises \u2014 Mission des services \u00e0 la personne - 6 rue Louise Weiss\u2014 T\u00e9l\u00e9doc 315 - 75703 Paris cedex 13.- Recours contentieux aupr\u00e8s du Tribunal Administratif de Dijon - 22 rue d'Assas - 21000 DIJON. Le recours contentieuxpeut \u00eatre d\u00e9pos\u00e9 par I'application T\u00e9l\u00e9recours citoyens accessible par le lien internet suivant : www.telerecours.fr\nDDETS 21. 21 Bd Voitaire, BP 81110 - 21011 DIJON CedexT\u00e9l. : 03 80 45 75 45 (Accueil)www.cote-dor.gouv.fr\nDirection d\u00e9partementale de l'emploi, du travail et des solidarit\u00e9s de C\u00f4te-d'Or - 21-2024-06-14-00001 - Renouvellement agr\u00e9ment\nSAP/513696583 123 SERVICE A DOM 11\nDirection d\u00e9partementale de la protection des\npopulations de la C\u00f4te-d'Or\nService Sant\u00e9 et Protections animales, Protection\nde l'Environnement\n21-2024-06-06-00001\nArr\u00eat\u00e9 pr\u00e9fectoral N\u00b0933/2024 en date du 6 juin\n2024\nattribuant l habilitation sanitaire \u00e0 Thibault\nDESRUELLES\nDirection d\u00e9partementale de la protection des populations de la C\u00f4te-d'Or - 21-2024-06-06-00001 - Arr\u00eat\u00e9 pr\u00e9fectoral N\u00b0933/2024 en\ndate du 6 juin 2024\nattribuant l habilitation sanitaire \u00e0 Thibault DESRUELLES\n12\nExPREFETDE LACOTE-D'ORLiberteEgalit\u00e9Fraternit\u00e9\nDirection D\u00e9partementale\nde la Protection des Populations\nService Sant\u00e9 et Protection Animales\nProtection de l'Environnement\nAffaire suivie par : Val\u00e9rie LABUSSIERE\nT\u00e9l. : 03 80 29 44 53\nM\u00e9l : ddpp-spa@cote-dor.gouv.fr\nArr\u00eat\u00e9 pr\u00e9fectoral N\u00b0933/2024 en date du 6 juin 2024\nAttribuant l'habilitation sanitaire \u00e0 Thibault DESRUELLES\nPr\u00e9fet de la C\u00f4te-d'Or\nVu  le Code Rural et de la p\u00eache maritime et notamment ses articles L.203-1 \u00e0 L.203-7,\nL.223-6, R.203-1 \u00e0 R.203-15 et R.242-33.\nVu  le d\u00e9cret n\u00b080-516 du 4 juillet 1980, modifi\u00e9 par le d\u00e9cret n\u00b090-1033 du 19 novembre\n1990 et par le d\u00e9cret 2003-768 du 1 er ao\u00fbt 2003, relatif \u00e0 l'ex\u00e9cution des mesures de\nprophylaxie collective des maladies des animaux ;\nVu  le  d\u00e9cret  n\u00b02004-374  du  29  avril  2004  modifi\u00e9,  relatif  aux  pouvoirs  des  pr\u00e9fets,  \u00e0\nl'organisation  et  \u00e0  l'action  des  services  de  l'\u00c9tat  dans  les  r\u00e9gions  et  d\u00e9partements\nnotamment son article 43 ;\nVu    l e d\u00e9cret n\u00b0 du 26 septembre 2022 nommant MR ROBINE Franck, pr\u00e9fet de la Cote d \nOr ;\nVu   l'arr\u00eat\u00e9 pr\u00e9fectoral n\u00b0 1409/SG du 18/09/2023, donnant d\u00e9l\u00e9gation de signature \u00e0\nMonsieur ROOSE Didier ;\nVu l'arr\u00eat\u00e9 pr\u00e9fectoral n\u00b0 1411/DDPP du 21/09/2023, donnant subd\u00e9l\u00e9gation de signature \nConsid\u00e9rant  que  le  Docteur  V\u00e9t\u00e9rinaire  Thibault  DESRUELLES remplit  les  conditions\npermettant l'attribution de l'habilitation sanitaire ;\nSur proposition de Monsieur le directeur d\u00e9partemental de la protection des populations de\nla C\u00f4te-d'Or ;\nDirection D\u00e9partementale de la Protection des Populations - 57 rue de Mulhouse  -  21 033 DIJON Cedex\nt\u00e9l : 03 80 29 43 53... - Fax : 03 80 29 43 53..... - m\u00e8l : ddpp@cote-dor.gouv.fr\nSite internet : http://www.cote-dor.gouv.fr\npage 1\nDirection d\u00e9partementale de la protection des populations de la C\u00f4te-d'Or - 21-2024-06-06-00001 - Arr\u00eat\u00e9 pr\u00e9fectoral N\u00b0933/2024 en\ndate du 6 juin 2024\nattribuant l habilitation sanitaire \u00e0 Thibault DESRUELLES\n13\nA R R E T E\nArticle 1er :\nL'habilitation sanitaire pr\u00e9vue \u00e0 l'article L.203-1 du code rural et de la p\u00eache maritime susvis\u00e9\nest attribu\u00e9e pour une dur\u00e9e de 5 ans, \u00e0 compter de la date de signature du pr\u00e9sent arr\u00eat\u00e9,\n\u00e0 Thibault DESRUELLES , Docteur V\u00e9t\u00e9rinaire, inscrit au Tableau de l'Ordre des V\u00e9t\u00e9rinaires\nde la r\u00e9gion Bourgogne-Franche-Comt\u00e9, sous le n\u00b0 28348,  administrativement domicili\u00e9 au\nSELARL PCS VETERINAIRE 1 ruelle de la croix 21460 VILLARS FREMOY\nArticle 2 :\nDans la mesure o\u00f9 les conditions requises ont \u00e9t\u00e9 respect\u00e9es, cette habilitation sanitaire est\nrenouvelable  par  p\u00e9riode  de  cinq  ann\u00e9es  tacitement  reconduites  sous  r\u00e9serve  pour  le\nv\u00e9t\u00e9rinaire sanitaire de justifier \u00e0 l'issue de chaque p\u00e9riode de cinq ans, aupr\u00e8s du pr\u00e9fet de\nC\u00f4te d'Or du respect de ses obligations de formation continue pr\u00e9vues \u00e0 l'article R.203-12.\nArticle 3 :\nThibault DESRUELLES s'engage \u00e0 respecter les prescriptions techniques, administratives et le\ncas \u00e9ch\u00e9ant financi\u00e8res de mise en \u0153uvre des mesures de pr\u00e9vention, de surveillance ou de\nlutte prescrites par l'autorit\u00e9 administrative et des op\u00e9rations de police sanitaire ex\u00e9cut\u00e9es\nen application de l'article L.203-7 du code rural et de la p\u00eache maritime.\nArticle 4 :\nThibault DESRUELLES pourra \u00eatre appel\u00e9 par le pr\u00e9fet de ses d\u00e9partements d'exercice pour\nla  r\u00e9alisation  d'op\u00e9rations  de  police  sanitaire  au  sein  des  lieux  de  d\u00e9tention  ou  des\n\u00e9tablissements pour lesquels il a \u00e9t\u00e9 d\u00e9sign\u00e9 v\u00e9t\u00e9rinaire sanitaire. Il sera tenu de concourir \u00e0\nces op\u00e9rations en application des dispositions de l'article L.203-7 du code rural et de la\np\u00eache maritime.\nArticle 5 :\nTout  manquement  ou  faute  commis  dans  l'exercice de  la pr\u00e9sente  habilitation  sanitaire\nentra\u00eenera l'application des dispositions pr\u00e9vues aux articles R.203-15, R.228-6 et suivants du\ncode rural et de la p\u00eache maritime.\nArticle 6 :\nLa pr\u00e9sente d\u00e9cision peut faire l'objet d'un recours devant le Tribunal Administratif de Dijon\ndans un d\u00e9lai de deux mois \u00e0 compter de la date de notification, soit par courrier, soit par\nl'application informatique T\u00e9l\u00e9recours accessible sur le site www.telerecours.fr\nArticle 7 : \nMonsieur le directeur d\u00e9partemental de la protection des populations de la C\u00f4te-d'Or est\ncharg\u00e9 de l'ex\u00e9cution du pr\u00e9sent arr\u00eat\u00e9 qui sera publi\u00e9 au recueil des actes administratifs de\nla pr\u00e9fecture de la C\u00f4te-d'Or.\nFait \u00e0 Dijon, le 6 juin 2024\nL'adjointe \u00e0 la cheffe de service\nSign\u00e9\nAdeline PERRONNEAU \nDirection D\u00e9partementale de la Protection des Populations - 57 rue de Mulhouse  -  21 033 DIJON Cedex\nt\u00e9l : 03 80 29 43 53... - Fax : 03 80 29 43 53..... - m\u00e8l : ddpp@cote-dor.gouv.fr\nSite internet : http://www.cote-dor.gouv.fr\npage 2\nDirection d\u00e9partementale de la protection des populations de la C\u00f4te-d'Or - 21-2024-06-06-00001 - Arr\u00eat\u00e9 pr\u00e9fectoral N\u00b0933/2024 en\ndate du 6 juin 2024\nattribuant l habilitation sanitaire \u00e0 Thibault DESRUELLES\n14\nDirection d\u00e9partementale des territoires de la\nC\u00f4te-d'Or\nService Pr\u00e9servation et Am\u00e9nagement de\nl'Espace (SPAE)\n21-2024-06-13-00001\nArr\u00eat\u00e9 pr\u00e9fectoral du 13 juin 2024\nportant renouvellement du bureau de\nl'association fonci\u00e8re \nde MESSIGNY-ET-VANTOUX\nDirection d\u00e9partementale des territoires de la C\u00f4te-d'Or - 21-2024-06-13-00001 - Arr\u00eat\u00e9 pr\u00e9fectoral du 13 juin 2024\nportant renouvellement du bureau de l'association fonci\u00e8re \nde MESSIGNY-ET-VANTOUX\n15\nE :. | Direction d\u00e9partementale des territoiresPREFET de la C\u00f4te-d'OrDE LACOTE-D'ORLibert\u00e9\u00c9galit\u00e9Fraternit\u00e9\nArr\u00eat\u00e9 pr\u00e9fectoral du 13 juin 2024portant renouvellement du bureau de l'association fonci\u00e8rede MESSIGNY-ET-VANTOUXLe Pr\u00e9fet de la C\u00f4te-d'Or\nVU le code rural et de la p\u00eache maritime, notamment ses articles L121-1 \u00e0 L121-26; L123-1 \u00e0L123-35; L131-1 et L133-1 \u00e0 L133-7 ; R131-1 et R133-1 \u00e0 R13315;VU l'arr\u00eat\u00e9 pr\u00e9fectoral du 10 avril 1974 portant constitution de l'association fonci\u00e8re deMESSIGNY-ET-VANTOUX ; 'VU l'arr\u00eat\u00e9 pr\u00e9fectoral du 28 novembre 2007, dernier en date portant renouvellement dubureau de l'association fonci\u00e8re de MESSIGNY-ET-VANTOUX ;VU l'arr\u00eat\u00e9 pr\u00e9fectoral n\u00b0 1438/SG du 29 septembre 2023 donnant d\u00e9l\u00e9gation de signature\u00e0 Mme Florence LAUBIER, directrice d\u00e9partementale des territoires de la C\u00f4te-d'Or ;VU l'arr\u00eat\u00e9 pr\u00e9fectoral n\u00b076 du 6 mai 2024 portant d\u00e9l\u00e9gation de signature aux agents dela direction d\u00e9partementale de la C\u00f4te-d'Or ;VU la d\u00e9lib\u00e9ration du conseil municipal en date du 25 mars 2024 d\u00e9signant la moiti\u00e9 desmembres appel\u00e9s \u00e0 faire partie du nouveau bureau ;VU le courrier du pr\u00e9sident de la chambre d'agriculture en date du 27 mai 2024 d\u00e9signantl'autre moiti\u00e9 des membres;SUR proposition de la directrice d\u00e9partementale des territoires ;ARR\u00caTE\nARTICLE 17 :Le nombre de membres du bureau est fix\u00e9 a six.\n57 rue de Mulhouse - BP 53317 - 21033 Dijon CEDEX\nDirection d\u00e9partementale des territoires de la C\u00f4te-d'Or - 21-2024-06-13-00001 - Arr\u00eat\u00e9 pr\u00e9fectoral du 13 juin 2024\nportant renouvellement du bureau de l'association fonci\u00e8re \nde MESSIGNY-ET-VANTOUX\n16\nARTICLE 2 :Sont nomm\u00e9s membres du bureau de l'association fonci\u00e8re de MESSIGNY-ET-VANTOUXpour une p\u00e9riode de six ans : , ;*le maire de la commune ou un conseiller municipal d\u00e9sign\u00e9 par lui ;*les propri\u00e9taires dont les noms suiventd\u00e9sign\u00e9s parle conseil municipal d\u00e9sign\u00e9s par la chambre d'agricultureM.Alain COGNIARD M. Olivier BEURTHERETM. Mathieu CORREIA | M. Alexandre ESTIVALETM. Jean-Luc COUTURIER ' M. Vincent LEPRETRE* la directrice d\u00e9partementale des territoires de la C\u00f4te-d'Or ou son repr\u00e9sentant, avecvoix consultative.ARTICLE 3 :Le bureau \u00e9lira en son sein le pr\u00e9sident charg\u00e9 de l'ex\u00e9cution de ses d\u00e9lib\u00e9rations ainsi quele vice-pr\u00e9sident et le secr\u00e9taire.ARTICLE 4 :Cette d\u00e9cision peut \u00eatre contest\u00e9e devant le tribunal administratif de Dijon dans un d\u00e9laide 2 mois \u00e0 compter de sa publication.ARTICLE 5 :La directrice d\u00e9partementale des territoires de la C\u00f4te-d'Or, le pr\u00e9sident de l'associationfonci\u00e8re de MESSIGNY-ET-VANTOUX et le maire de la commune de MESSIGNY-ET-VANTOUX, sont charg\u00e9s, chacun en ce qui le concerne, de l'ex\u00e9cution des dispositions dupr\u00e9sent arr\u00eat\u00e9 qui sera publi\u00e9 au recueil des actes administratifs de la pr\u00e9fecture, notifi\u00e9 \u00e0chacun des membres de l'association fonci\u00e9re et affich\u00e9 dans la commune de MESSIGNY-ET-VANTOUX. ' |\nFait \u00e0 Dijon, le 13 juin 2024_ Pour le pr\u00e9fet et par d\u00e9l\u00e9gation,Pour la directrice d\u00e9partementale,le responsable du bureau nature,sites et \u00e9nergies-renouvelables,C Latrenetione=\u2014_\u2014 >\nDirection d\u00e9partementale des territoires de la C\u00f4te-d'Or - 21-2024-06-13-00001 - Arr\u00eat\u00e9 pr\u00e9fectoral du 13 juin 2024\nportant renouvellement du bureau de l'association fonci\u00e8re \nde MESSIGNY-ET-VANTOUX\n17\nDirection d\u00e9partementale des territoires de la\nC\u00f4te-d'Or\nService S\u00e9curit\u00e9 et \u00c9ducation Routi\u00e8re\n21-2024-06-09-00003\nArr\u00eat\u00e9 n\u00b0  967  modifiant l\u25a1arr\u00eat\u00e9 pr\u00e9fectoral n\u00b0\n492 du 6 mars 2023 portant agr\u00e9ment pour des\nprestations de d\u00e9pannage, de remorquage et\nd\u25a1\u00e9vacuation des v\u00e9hicules l\u00e9gers sur les\nautoroutes A6, A31, A36, A39, A40, A311, A391,\nA406 et la RN79\nDirection d\u00e9partementale des territoires de la C\u00f4te-d'Or - 21-2024-06-09-00003 - Arr\u00eat\u00e9 n\u00b0  967  modifiant l\u25a1arr\u00eat\u00e9 pr\u00e9fectoral n\u00b0 492\ndu 6 mars 2023 portant agr\u00e9ment pour des prestations de d\u00e9pannage, de remorquage et d\u25a1\u00e9vacuation des v\u00e9hicules l\u00e9gers sur les\nautoroutes A6, A31, A36, A39, A40, A311, A391, A406 et la RN79\n18\nExPREFETDE LACOTE-D'ORLibert\u00e9Egalit\u00e9Fraternit\u00e9\nDirection d\u00e9partementale des territoires\nde la C\u00f4te-d'Or\nService de la S\u00e9curit\u00e9 et de l'\u00c9ducation Routi\u00e8re\nBureau de la S\u00e9curit\u00e9 Routi\u00e8re\nT\u00e9l. : 03 80 29 44 75\nCourriel :   ddt-sser-bsrgc  @cote-dor.gouv.fr     \nArr\u00eat\u00e9 n\u00b0 967 modifiant l'arr\u00eat\u00e9 pr\u00e9fectoral n\u00b0 492 du 6 mars 2023 portant agr\u00e9ment pour\ndes prestations de d\u00e9pannage, de remorquage et d'\u00e9vacuation des v\u00e9hicules l\u00e9gers sur les\nautoroutes A6, A31, A36, A39, A40, A311, A391, A406 et la RN79\nLe pr\u00e9fet de la r\u00e9gion Bourgogne-Franche-Comt\u00e9\nPr\u00e9fet de la C\u00f4te-d'Or\nVU le code de la route,\nVU le code de la voirie routi\u00e8re,\nVU la  loi  n\u00b082-213  du  2  mars  1982,  relative  aux  droits  des  libert\u00e9s  des  communes,  des\nd\u00e9partements et des r\u00e9gions, modifi\u00e9e et compl\u00e9t\u00e9e par la loi n\u00b082-623 du 22 juillet 1982 et\nla loi du 7 janvier 1983,\nVU le  d\u00e9cret  n\u00b02004-374  du  29  avril  2004,  modifi\u00e9,  relatif  aux  pouvoirs  des  pr\u00e9fets,  \u00e0\nl'organisation et \u00e0 l'action des services de l'\u00c9tat dans les r\u00e9gions et d\u00e9partements,\nVU le  d\u00e9cret  n\u00b02012-953  du  1er ao\u00fbt  2012  portant  sanction  du  d\u00e9pannage  exerc\u00e9  sans\nagr\u00e9ment sur les autoroutes et les ouvrages d'art conc\u00e9d\u00e9s du r\u00e9seau national,\nVU l'arr\u00eat\u00e9 du 25 juin 2001 modifiant l'arr\u00eat\u00e9 du 30 septembre 1975 relatif \u00e0 l'\u00e9vacuation des\nv\u00e9hicules en panne ou accident\u00e9s,\nVU la circulaire du 25 avril 2013 relative \u00e0 l'organisation du d\u00e9pannage sur les autoroutes\nconc\u00e9d\u00e9es et les ouvrages d'art conc\u00e9d\u00e9s du r\u00e9seau national,\nDirection d\u00e9partementale des territoires de la C\u00f4te-d'Or\n57, rue de Mulhouse - BP 53317 - 21033 Dijon CEDEX\nT\u00e9l. : 03 80 29 44 44\nCourriel : ddt@cote-dor.gouv.fr \nDirection d\u00e9partementale des territoires de la C\u00f4te-d'Or - 21-2024-06-09-00003 - Arr\u00eat\u00e9 n\u00b0  967  modifiant l\u25a1arr\u00eat\u00e9 pr\u00e9fectoral n\u00b0 492\ndu 6 mars 2023 portant agr\u00e9ment pour des prestations de d\u00e9pannage, de remorquage et d\u25a1\u00e9vacuation des v\u00e9hicules l\u00e9gers sur les\nautoroutes A6, A31, A36, A39, A40, A311, A391, A406 et la RN79\n19\nVU les cahiers des charges type relatifs au d\u00e9pannage des v\u00e9hicules l\u00e9gers et lourds figurant\nen annexe 3 et 4 de la circulaire du 25 avril 2013 relative \u00e0 l'organisation du d\u00e9pannage sur les\nautoroutes conc\u00e9d\u00e9es et les ouvrages d'art conc\u00e9d\u00e9s du r\u00e9seau national,\nVU l'arr\u00eat\u00e9  interpr\u00e9fectoral  n\u00b0327  portant  cr\u00e9ation  et  composition  de  la  commission\nd'agr\u00e9ment des d\u00e9panneurs sur le r\u00e9seau APRR,\nVU l'arr\u00eat\u00e9 pr\u00e9fectoral n\u00b0  492 du 6 mars 2023  portant agr\u00e9ment pour des prestations de\nd\u00e9pannage, de remorquage et d'\u00e9vacuation des v\u00e9hicules l\u00e9gers sur les autoroutes A6, A31,\nA36, A39, A40, A311, A391, A406 et la RN79,\nVU l'avis  \u00e9mis  par  la  commission  interd\u00e9partementale  d'agr\u00e9ment  des  d\u00e9panneurs  sur\nautoroute du 14 mai 2024,\nCONSID\u00c9RANT  qu'il convient de proc\u00e9der \u00e0 l'agr\u00e9ment ou \u00e0 la modification des agr\u00e9ments\ndes d\u00e9panneurs intervenant pour le d\u00e9pannage des VL sur les autoroutes A6, A31, A36, A39,\nA40, A311, A391, A406 et la RN79;\nSUR proposition de Madame la Directrice D\u00e9partementale des Territoires de la C\u00f4te-d'Or  ;\nARR\u00caTE\nArticle 1 :\nL'annexe  de  l'arr\u00eat\u00e9  pr\u00e9fectoral  n\u00b0  492  du  6  mars  2023  portant  agr\u00e9ment  pour  des\nprestations  de  d\u00e9pannage,  de  remorquage  et  d'\u00e9vacuation  des  v\u00e9hicules  l\u00e9gers  sur  les\nautoroutes A6, A31, A36, A39, A40, A311, A391, A406 et la RN79 est remplac\u00e9e par l'annexe\njointe au pr\u00e9sent arr\u00eat\u00e9.\nArticle 2 : \nLe pr\u00e9sent arr\u00eat\u00e9 peut faire l'objet d'un recours gracieux aupr\u00e8s du pr\u00e9fet et/ou d'un recours\ncontentieux  devant  le  tribunal  administratif  dans  un  d\u00e9lai  de  2  mois  \u00e0  compter  de  sa\nnotification.\nLe tribunal administratif peut \u00eatre saisi par un recours d\u00e9pos\u00e9 via l'application T\u00e9l\u00e9recours\ncitoyens accessible par le site internet www.telerecours.fr \u00bb.\nArticle 3 : \n-Le Directeur de Cabinet du pr\u00e9fet de la C\u00f4te d'Or,\n-Le Directeur d'exploitation d'APRR,\nsont charg\u00e9s, chacun en ce qui le concerne, de l'ex\u00e9cution du pr\u00e9sent arr\u00eat\u00e9.\nDirection d\u00e9partementale des territoires de la C\u00f4te-d'Or\n57, rue de Mulhouse - BP 53317 - 21033 Dijon CEDEX\nT\u00e9l. : 03 80 29 44 44\nCourriel : ddt@cote-dor.gouv.fr\nDirection d\u00e9partementale des territoires de la C\u00f4te-d'Or - 21-2024-06-09-00003 - Arr\u00eat\u00e9 n\u00b0  967  modifiant l\u25a1arr\u00eat\u00e9 pr\u00e9fectoral n\u00b0 492\ndu 6 mars 2023 portant agr\u00e9ment pour des prestations de d\u00e9pannage, de remorquage et d\u25a1\u00e9vacuation des v\u00e9hicules l\u00e9gers sur les\nautoroutes A6, A31, A36, A39, A40, A311, A391, A406 et la RN79\n20\nLe pr\u00e9sent arr\u00eat\u00e9 sera publi\u00e9 au recueil des actes administratifs de la Pr\u00e9fecture de C\u00f4te\nd'Or.\nUne copie du pr\u00e9sent arr\u00eat\u00e9 sera adress\u00e9e pour information  \u00e0 Monsieur le directeur de la\nmission de contr\u00f4le technique de la gestion du r\u00e9seau autoroutier conc\u00e9d\u00e9.\nDijon, le 9 juin 2024\n     Le pr\u00e9fet,\nPour le pr\u00e9fet, par d\u00e9l\u00e9gation,\nLe directeur de cabinet\nSIGN\u00c9\n      Olivier GERSTL\u00c9\nDirection d\u00e9partementale des territoires de la C\u00f4te-d'Or\n57, rue de Mulhouse - BP 53317 - 21033 Dijon CEDEX\nT\u00e9l. : 03 80 29 44 44\nCourriel : ddt@cote-dor.gouv.fr\nDirection d\u00e9partementale des territoires de la C\u00f4te-d'Or - 21-2024-06-09-00003 - Arr\u00eat\u00e9 n\u00b0  967  modifiant l\u25a1arr\u00eat\u00e9 pr\u00e9fectoral n\u00b0 492\ndu 6 mars 2023 portant agr\u00e9ment pour des prestations de d\u00e9pannage, de remorquage et d\u25a1\u00e9vacuation des v\u00e9hicules l\u00e9gers sur les\nautoroutes A6, A31, A36, A39, A40, A311, A391, A406 et la RN79\n21\nAnnexe-D\u00e9panneurs Agr\u00e9\u00e9s \"V\u00e9hicules L\u00e9gers\"\nDistrict APRR Nom secteur D\u00e9finition secteur Nom Garage Adresse Nom g\u00e9rant \u00c9ch\u00e9ance Contrat D\u00e9partement\nBelfort-Montb\u00e9liard\nD51A-Alsace\nD\u00e9pannage JOSSERON Richard JOSSERON 20/11/2026\nD\u00e9pannage JOSSERON Richard JOSSERON 20/11/2026\nD51B-Belfort\nNEDEY Belfort Val\u00e8re NEDEY 20/11/2026 Territoire de Belfort\nSarl LUCCHINA Jean-Christophe CASADEI 20/11/2026 Territoire de Belfort\nD51C-Montb\u00e9liard A36 PR 39.000 au PR 60.200\nLouis GESTER 20/11/2026\nNEDEY Voujeaucourt Val\u00e8re NEDEY 20/11/2026\nD51D-Isle-sur-le Doubs A36 PR 60.200 au PR 76.000\nGARAGE MANSUY Mario MANSUY 20/11/2026 Doubs\nSarl GRILLOT AUTOMOBILES J\u00e9rome GRILLOT 20/11/2026 Doubs\nD51E-Baume-les-Dames A36 PR 76.000 au PR 105.200\nSteve ERSA 20/11/2026 Doubs\nMECANO SERVICE Autechaux Romain RABASSE 20/11/2026 Doubs\nComtois\nD53A-Besan\u00e7on A36 PR 105.200 au PR 124.200\nCITY CAR D\u00e9pannage Steve ERSA 05/03/2027 Doubs\nMECANO SERVICE Chemaudin Romain RABASSE 05/03/2027 Doubs\nD53B-Gendrey A36 PR 124.200 au PR 157.130\nGARAGE PELOT 7 a rue St Vit 25170 LAVERNAY David GUILLAUME 05/03/2027 Doubs/Jura\nMECANO SERVICE Chemaudin Romain RABASSE 05/03/2027 Doubs/Jura\n CITY CAR D\u00e9pannage Steve ERSA 05/03/2027 Doubs/Jura\nD53C-Dole\nGARAGE TROUF-PENNANT Ludovic PENNANT 05/03/2027 C\u00f4te d'Or/Jura\nMECANO SERVICE 39 Cedric RABASSE 05/03/2027 C\u00f4te d'Or/Jura\nD53D-Seurre A36 PR 176.700 au PR 212.000\nMECANO SERVICE 39 Cedric RABASSE 05/03/2027 C\u00f4te d'Or/Jura\nGARAGE DE LA BORDE C\u00e9dric LIEDROID 05/03/2027 C\u00f4te d'Or/Jura\nJura\nD56A-Choisey A39 PR 22.110 au PR 53.000\nMECANO SERVICE 39 Cedric RABASSE 28/01/2027 C\u00f4te d'Or/Jura\nGarage CENTRAL Didier RAMONET 28/01/2027 C\u00f4te d'Or/Jura\nLJ AUTOS Alexandre MIGNARD 28/01/2027 C\u00f4te d'Or/Jura\nD56B-Poligny\nCJ AUTOMOBILES Anthony COMTE 28/01/2027 Jura\nCJ AUTOMOBILES Anthony COMTE 28/01/2027 Jura\nD56C-Beaurepaire\nGARAGE ROUTHIER Philippe ROUTHIER 28/01/2027 Jura/Sa\u00f4ne et Loire\nGARAGE PIRAT Richard PIRAT 28/01/2027 Jura/Sa\u00f4ne et Loire\nGarage le CARROSSE D'OR Valentin CHAMELOT 28/01/2027 Jura/Sa\u00f4ne et Loire\nA36 PR 0 au PR 20.000 S1\nA36 PR 0 au PR 20.740 S2\n1 rue du G\u00e9n\u00e9ral de Gaulle\n90380 ROPPE\nHaut-Rhin/Territoire de \nBelfort\n35 avenue de Belgique \n68110 ILLZACH\nHaut-Rhin/Territoire de \nBelfort\nA36 PR 20.000 S1 au PR 38.400\nA36 PR 20.740 S2 au PR 38.400 \nRue Xavier Bichat \n90 000 BELFORT\n15 route de Vourvenans\n90400 TREVENANS\nDEPANNAGE 25 GESTER \nFRERES\nRue des Plainots\n25550 DUNG \nTerritoire de \nBelfort/Doubs\nZone de la Cray\n25 420 VOUJEAUCOURT\nTerritoire de \nBelfort/Doubs\n8 rue des Lunes\n25 250 ISLE SUR LE DOUBS\nCombe Rosiers \n               25 250 ISLE SUR LE \nDOUBS\nCITY CAR DEPANNAGE Baume-\nles-Dames\n4 route de Luxiol         \n 25 110 AUTECHAUX\nZA la Craye Europolys 2\n25 110 AUTECHAUX\n15 rue st Christophe 25480 ECOLE \nVALENTIN\nZac de l'Echange - Rue Claude \nGirard\n25320 CHEMAUDIN\nZac de l'Echange - Rue Claude \nGirard\n25320 CHEMAUDIN\n15 rue st Christophe 25480 ECOLE \nVALENTIN\nA36 PR 157.130 au PR 176.700\nNoeud A36/A39\nchemin Rougemont\n39100 FOUCHERANS\nZA Chaucheux \n39100 FOUCHERANS\nZA Chaucheux \n39100 FOUCHERANS\n49 rue de Dijon Borde aux Renards\n39 410 ST AUBIN\nZA Chaucheux \n39100 FOUCHERANS\nZI Les Charmes\n39500 TAVAUX  \n4 rue des Digues\n39500 DAMPARIS  \nA39 PR 53.000 au PR 80.610\nA391 PR 0 au PR 4.800\n8 route de Salins\n39380 MONT SOUS VAUDREY\n8 route de Salins\n39380 MONT SOUS VAUDREY\nA39 PR 80.610 au PR 121.211\nAvenue de Chalon\n39570 COURLANS \n7 Quartier de la Gare\n71480 DOMMARTIN LES CUISEAUX\nZA Milleure \u2013 85 Rue des Paddocks\n71 580 FRONTENAUD \nDijon, le 9 juin 2024\nLe pr\u00e9fet,\nPour le pr\u00e9fet, par \nd\u00e9l\u00e9gation,\nLe directeur de cabinet\nSIGN\u00c9\nOlivier GERSTL\u00c9\nDirection d\u00e9partementale des territoires de la C\u00f4te-d'Or - 21-2024-06-09-00003 - Arr\u00eat\u00e9 n\u00b0  967  modifiant l\u25a1arr\u00eat\u00e9 pr\u00e9fectoral n\u00b0 492\ndu 6 mars 2023 portant agr\u00e9ment pour des prestations de d\u00e9pannage, de remorquage et d\u25a1\u00e9vacuation des v\u00e9hicules l\u00e9gers sur les\nautoroutes A6, A31, A36, A39, A40, A311, A391, A406 et la RN79\n22\nDistrict APRR Nom secteur D\u00e9finition secteur Nom Garage Adresse Nom g\u00e9rant \u00c9ch\u00e9ance Contrat D\u00e9partement\nDijonnais\nD57A-Nord A39 A39 PR 0.030 au PR 22.110 GARAGE DES SABLIERES 06/03/2027 C\u00f4te d'Or\nD57B-Crimolois\n06/06/2027 C\u00f4te d'Or\nGARAGE LA NOURROY Alexandre CRAUSAZ 06/03/2027 C\u00f4te d'Or\nCAP SUD Automobiles Antonio LO RUSSO 06/03/2027 C\u00f4te d'Or\nD57C-Dijon Sud\nDIJON NORD AUTOMOBILES Fabien FAISCA 06/03/2027 C\u00f4te d'Or\nDAURELLE PL Arnaud EUVRARD 06/03/2027 C\u00f4te d'Or\nD57D-Til Chatel A31 PR 57.500 au PR 86.500\nDAURELLE PL Arnaud EUVRARD 06/06/2027 C\u00f4te d'Or\nGarage LOMBARDO Jean-Michel LOMBARDO 06/03/2027 C\u00f4te d'Or\nSarl NAIGEON-THEUREL Gaetan NAIGEON 06/03/2027 C\u00f4te d'Or\nD33 A6 Sud/A36\nDES FORGES Chemin des Ronces 21190 Meursault F\u00e9lix Diosdado 05/03/2027 C\u00f4te d'Or\nBEAUNE AUTOMOBILE 78 route de Pommard 21204 Beaune Bernard Guyot 05/03/2027 C\u00f4te d'Or\nBIAIS Benoit Biais 05/03/2027 C\u00f4te d'Or\nD33 A6 Nord/A31\nDES FORGES Chemin des Ronces 21190 Meursault F\u00e9lix Diosdado 05/03/2027 C\u00f4te d'Or\nCHAFFRAIX Florence Chaffraix 05/03/2027 C\u00f4te d'Or\nCHAMPION 42 route de Pommard 21200 Beaune Daniel Augagneur 05/03/2027 C\u00f4te d'Or\nD34 A6 Nord A6 - PR 314+180 au 336\nDE LA THALIE 63 grande rue 71150 Rully Isabelle Bailly 11/03/2026 Sa\u00f4ne et Loire\nCHAGNY AUTO RD 906 71150 Chagny Brice Borsotti 11/03/2026 Sa\u00f4ne et Loire\nCOELHO CM PNEUS Cyril Menigoz 11/03/2026 Sa\u00f4ne et Loire\nD34 A6 Sud A6 - PR 336 au 356+200\nSODIRAC Jean-Francois Troussard 11/03/2026 Sa\u00f4ne et Loire\nDEPANN'AUTO 71 Rodolphe Lacour 11/03/2026 Sa\u00f4ne et Loire\nDUCLOUX Robert Ducloux 11/03/2026 Sa\u00f4ne et Loire\nMORVAN\nPouilly-Nord A6 - PR 233+310 \u00e0 264+400\nMARC PAJOT AUTOMOBILE Marc Pajot 21/05/2026 C\u00f4te d'Or\nJEANNIN Jean Charles Jeannin 21/05/2026 C\u00f4te d'Or\nESPACE AUTOMOBILE POLLIEN Herv\u00e9 Blin 21/05/2026 C\u00f4te d'Or\nPOUILLY AUTOMOBILE Marc Pajot 21/05/2026 C\u00f4te d'Or\nCOL CAMILLE Camille Col 21/05/2026 C\u00f4te d'Or\nTODESCO Antoine Todesco 21/05/2026 C\u00f4te d'Or\nJEANNIN* Jean Charles Jeannin 21/05/2026 C\u00f4te d'Or\nMARC PAJOT AUTOMOBILE* Marc Pajot 21/05/2026 C\u00f4te d'Or\nPOUILLY AUTOMOBILE* Marc Pajot 21/05/2026 C\u00f4te d'Or\nVAL DE SAONE\nD41-Nord A6 - PR 356+200 au 375 avec aire de M\u00e2con saint Albain\nDE LA MULATIERE Sebastien Besseyre 29/04/2026 Sa\u00f4ne et Loire \nCAILLE ET FILS Frederic Caille 29/04/2026 Sa\u00f4ne et Loire \nD41-Centre\nMODERNE AUTO MACON Rue du 19 mars 1962 71000 Sanc\u00e9 Didier Lallement 29/04/2026 Sa\u00f4ne et Loire \nT.C.D 10 rue de la Madone 71000 Sanc\u00e9 Thierry Chiocci 29/04/2026 Sa\u00f4ne et Loire \nTHIVOLLE AUTOMOBILES Gilles Dutang 29/04/2026 Sa\u00f4ne et Loire \nD41-Sud\nLAPIERRE Denis Lapierre 29/04/2026 Sa\u00f4ne et Loire \nJ.P.PERRAUD RN6 71680 Cr\u00e8ches sur Sa\u00f4ne Jean Philippe Perraud 29/04/2026 Sa\u00f4ne et Loire \nTERRIER/DCA RN6 71000 Varennes-les-M\u00e2con David Cornu 29/04/2026 Sa\u00f4ne et Loire \nRoute de St Philibert\n21220 GEVREY CHAMBERTIN Cyril MENIGOZ\nA31 PR 9.000 au PR 37.800\nA311 PR 27.900 au PR 32.200\nGARAGE DES SABLIERES\n(2 agr\u00e9ments)\nRoute de St Philibert\n21220 GEVREY CHAMBERTIN Cyril MENIGOZ\nZA La Nourroy\n21220 GEVREY CHAMBERTIN  \nZA La Nourroy\n21220 GEVREY CHAMBERTIN  \nA31 PR 37.800 au PR 57.500\nbif. A31/A39\n2 rue des Champs aux F\u00e8ves\n21 121 FONTAINE les DIJON\n64 Route de Marsannay\n21490 CLENAY\n65 Route de Marsannay\n21490 CLENAY\n47 route D'Is sur Tille\n21260 SELONGEY \nRoute de la Gare\n21260 SELONGEY \nCENTRE \nBOURGOGNE \nA6 - PR 304+500 au 314+180\nA36 - PR 212 au 216+900\n30 boulevard Mar\u00e9chal Foch 21200 \nBeaune\nA6 - PR 288+740 au 304+500\nA31 - PR 0 au 9\n47 faubourg Saint Nicolas 21200 \nBeaune\n28 rue de la Guerlande 71880 \nChatenoy-le-Royal\nAvenue de l'automobile 71100 \nChalon sur Sa\u00f4ne\n55 bis Ancienne route de Buxy / \n71100 Saint R\u00e9my\n16 avenue De Lattre de Tassigny \n71700 Tournus\n16 avenue Georges Besse 21320 \nCreancey\nLe Seuil Rond-Point A6 21320 Pouilly \nen Auxois\nChemin D\u00e9partemental 18 21320 \nCreancey\nLes Portes de Bourgogne 21320 \nCreancey\nPouilly-Sud A6 - PR 264+400 \u00e0 288+740\nRD 977 bis 21320 Vandenesse en \nAuxois\n15 avenue Georges Besse 21320 \nCreancey\nLe Seuil Rond-Point A6 21320 Pouilly \nen Auxois\n16 avenue Georges Besse 21320 \nCreancey\nLes Portes de Bourgogne 21320 \nCreancey\nLieu dit la Mulati\u00e8re 71290 \nLabergement de Cuisery\nRD 906 71118 Saint Martin Belle \nRoche\nA6 - PR 374 au 388+350 avec aire de M\u00e2con la Salle\nA40 - PR 207+300 au 196+600 360 rue du kilom\u00e8tre 400 71000 \nM\u00e2con\nA6 - PR 388+350 au 403+890\nA40 - PR 196+600 au 189+200\nA406 - PR 0 au 11+165\n710 route de Cluny 71850 Charnay \nles M\u00e2con\nDijon, le 9 juin 2024\nLe pr\u00e9fet,\nPour le pr\u00e9fet, par \nd\u00e9l\u00e9gation,\nLe directeur de cabinet,\nSIGN\u00c9\nOlivier GERSTL\u00c9\nDirection d\u00e9partementale des territoires de la C\u00f4te-d'Or - 21-2024-06-09-00003 - Arr\u00eat\u00e9 n\u00b0  967  modifiant l\u25a1arr\u00eat\u00e9 pr\u00e9fectoral n\u00b0 492\ndu 6 mars 2023 portant agr\u00e9ment pour des prestations de d\u00e9pannage, de remorquage et d\u25a1\u00e9vacuation des v\u00e9hicules l\u00e9gers sur les\nautoroutes A6, A31, A36, A39, A40, A311, A391, A406 et la RN79\n23\nDirection d\u00e9partementale des territoires de la\nC\u00f4te-d'Or\nService S\u00e9curit\u00e9 et \u00c9ducation Routi\u00e8re\n21-2024-06-09-00004\nArr\u00eat\u00e9 n\u00b0 968 modifiant l\u25a1arr\u00eat\u00e9 pr\u00e9fectoral n\u00b0\n493 du 6 mars 2023 portant agr\u00e9ment pour des\nprestations de d\u00e9pannage, de remorquage et\nd\u25a1\u00e9vacuation des v\u00e9hicules lourds sur les\nautoroutes A6, A31, A36, A39, A40, A311, A391,\nA406 et la RN79\nDirection d\u00e9partementale des territoires de la C\u00f4te-d'Or - 21-2024-06-09-00004 - Arr\u00eat\u00e9 n\u00b0 968 modifiant l\u25a1arr\u00eat\u00e9 pr\u00e9fectoral n\u00b0 493\ndu 6 mars 2023 portant agr\u00e9ment pour des prestations de d\u00e9pannage, de remorquage et d\u25a1\u00e9vacuation des v\u00e9hicules lourds sur les\nautoroutes A6, A31, A36, A39, A40, A311, A391, A406 et la RN79\n24\nExPREFETDE LACOTE-D'ORLibert\u00e9Egalit\u00e9Fraternit\u00e9\nDirection d\u00e9partementale des territoires\nde la C\u00f4te-d'Or\nService de la S\u00e9curit\u00e9 et de l'\u00c9ducation Routi\u00e8re\nBureau de la S\u00e9curit\u00e9 Routi\u00e8re\nT\u00e9l. : 03 80 29 44 75\nCourriel :   ddt-sser-bsrgc  @cote-dor.gouv.fr     \nArr\u00eat\u00e9 n\u00b0 968 modifiant l'arr\u00eat\u00e9 pr\u00e9fectoral n\u00b0 493 du 6 mars 2023 portant agr\u00e9ment pour\ndes prestations de d\u00e9pannage, de remorquage et d'\u00e9vacuation des v\u00e9hicules lourds sur les\nautoroutes A6, A31, A36, A39, A40, A311, A391, A406 et la RN79\nLe pr\u00e9fet de la r\u00e9gion Bourgogne-Franche-Comt\u00e9\nPr\u00e9fet de la C\u00f4te-d'Or\nVU le code de la route,\nVU le code de la voirie routi\u00e8re,\nVU la  loi  n\u00b082-213  du  2  mars  1982,  relative  aux  droits  des  libert\u00e9s  des  communes,  des\nd\u00e9partements et des r\u00e9gions, modifi\u00e9e et compl\u00e9t\u00e9e par la loi n\u00b082-623 du 22 juillet 1982 et\nla loi du 7 janvier 1983,\nVU le  d\u00e9cret  n\u00b02004-374  du  29  avril  2004,  modifi\u00e9,  relatif  aux  pouvoirs  des  pr\u00e9fets,  \u00e0\nl'organisation et \u00e0 l'action des services de l'\u00c9tat dans les r\u00e9gions et d\u00e9partements,\nVU le  d\u00e9cret  n\u00b02012-953  du  1er ao\u00fbt  2012  portant  sanction  du  d\u00e9pannage  exerc\u00e9  sans\nagr\u00e9ment sur les autoroutes et les ouvrages d'art conc\u00e9d\u00e9s du r\u00e9seau national,\nVU l'arr\u00eat\u00e9 du 25 juin 2001 modifiant l'arr\u00eat\u00e9 du 30 septembre 1975 relatif \u00e0 l'\u00e9vacuation des\nv\u00e9hicules en panne ou accident\u00e9s,\nVU la circulaire du 25 avril 2013 relative \u00e0 l'organisation du d\u00e9pannage sur les autoroutes\nconc\u00e9d\u00e9es et les ouvrages d'art conc\u00e9d\u00e9s du r\u00e9seau national,\nDirection d\u00e9partementale des territoires de la C\u00f4te-d'Or\n57, rue de Mulhouse - BP 53317 - 21033 Dijon CEDEX\nT\u00e9l. : 03 80 29 44 44\nCourriel : ddt@cote-dor.gouv.fr \nDirection d\u00e9partementale des territoires de la C\u00f4te-d'Or - 21-2024-06-09-00004 - Arr\u00eat\u00e9 n\u00b0 968 modifiant l\u25a1arr\u00eat\u00e9 pr\u00e9fectoral n\u00b0 493\ndu 6 mars 2023 portant agr\u00e9ment pour des prestations de d\u00e9pannage, de remorquage et d\u25a1\u00e9vacuation des v\u00e9hicules lourds sur les\nautoroutes A6, A31, A36, A39, A40, A311, A391, A406 et la RN79\n25\nVU les cahiers des charges type relatifs au d\u00e9pannage des v\u00e9hicules l\u00e9gers et lourds figurant\nen annexe 3 et 4 de la circulaire du 25 avril 2013 relative \u00e0 l'organisation du d\u00e9pannage sur les\nautoroutes conc\u00e9d\u00e9es et les ouvrages d'art conc\u00e9d\u00e9s du r\u00e9seau national,\nVU l'arr\u00eat\u00e9  interpr\u00e9fectoral  n\u00b0327  portant  cr\u00e9ation  et  composition  de  la  commission\nd'agr\u00e9ment des d\u00e9panneurs sur le r\u00e9seau APRR,\nVU l'arr\u00eat\u00e9 pr\u00e9fectoral n\u00b0  493 du 6 mars 2023  portant agr\u00e9ment pour des prestations de\nd\u00e9pannage, de remorquage et d'\u00e9vacuation des v\u00e9hicules lourds sur les autoroutes A6, A31,\nA36, A39, A40, A311, A391, A406 et la RN79,\nVU l'avis  \u00e9mis  par  la  commission  interd\u00e9partementale  d'agr\u00e9ment  des  d\u00e9panneurs  sur\nautoroute du 14 mai 2024,\nCONSID\u00c9RANT  qu'il convient de proc\u00e9der \u00e0 l'agr\u00e9ment ou \u00e0 la modification des agr\u00e9ments\ndes d\u00e9panneurs intervenant pour le d\u00e9pannage des PL sur les autoroutes A6, A31, A36, A39,\nA40, A311, A391, A406 et la RN79;\nSUR proposition de Madame la Directrice D\u00e9partementale des Territoires de la C\u00f4te-d'Or  ;\nARR\u00caTE\nArticle 1 :\nL'annexe  de  l'arr\u00eat\u00e9  pr\u00e9fectoral  n\u00b0  493  du  6  mars  2023  portant  agr\u00e9ment  pour  des\nprestations  de  d\u00e9pannage,  de  remorquage  et  d'\u00e9vacuation  des  v\u00e9hicules  lourds  sur  les\nautoroutes A6, A31, A36, A39, A40, A311, A391, A406 et la RN79 est remplac\u00e9e par l'annexe\njointe au pr\u00e9sent arr\u00eat\u00e9.\nArticle 2 : \nLe pr\u00e9sent arr\u00eat\u00e9 peut faire l'objet d'un recours gracieux aupr\u00e8s du pr\u00e9fet et/ou d'un recours\ncontentieux  devant  le  tribunal  administratif  dans  un  d\u00e9lai  de  2  mois  \u00e0  compter  de  sa\nnotification.\nLe tribunal administratif peut \u00eatre saisi par un recours d\u00e9pos\u00e9 via l'application T\u00e9l\u00e9recours\ncitoyens accessible par le site internet www.telerecours.fr \u00bb.\nArticle 3 : \n-Le Directeur de Cabinet du pr\u00e9fet de la C\u00f4te d'Or,\n-Le Directeur d'exploitation d'APRR,\nsont charg\u00e9s, chacun en ce qui le concerne, de l'ex\u00e9cution du pr\u00e9sent arr\u00eat\u00e9.\nDirection d\u00e9partementale des territoires de la C\u00f4te-d'Or\n57, rue de Mulhouse - BP 53317 - 21033 Dijon CEDEX\nT\u00e9l. : 03 80 29 44 44\nCourriel : ddt@cote-dor.gouv.fr\nDirection d\u00e9partementale des territoires de la C\u00f4te-d'Or - 21-2024-06-09-00004 - Arr\u00eat\u00e9 n\u00b0 968 modifiant l\u25a1arr\u00eat\u00e9 pr\u00e9fectoral n\u00b0 493\ndu 6 mars 2023 portant agr\u00e9ment pour des prestations de d\u00e9pannage, de remorquage et d\u25a1\u00e9vacuation des v\u00e9hicules lourds sur les\nautoroutes A6, A31, A36, A39, A40, A311, A391, A406 et la RN79\n26\nLe pr\u00e9sent arr\u00eat\u00e9 sera publi\u00e9 au recueil des actes administratifs de la Pr\u00e9fecture de C\u00f4te\nd'Or.\nUne copie du pr\u00e9sent arr\u00eat\u00e9 sera adress\u00e9e pour information  \u00e0 Monsieur le directeur de la\nmission de contr\u00f4le technique de la gestion du r\u00e9seau autoroutier conc\u00e9d\u00e9.\nDijon, le 9 juin 2024\n     Le pr\u00e9fet,\nPour le pr\u00e9fet, par d\u00e9l\u00e9gation,\nLe directeur de cabinet\nSIGN\u00c9\n      Olivier GERSTL\u00c9\nDirection d\u00e9partementale des territoires de la C\u00f4te-d'Or\n57, rue de Mulhouse - BP 53317 - 21033 Dijon CEDEX\nT\u00e9l. : 03 80 29 44 44\nCourriel : ddt@cote-dor.gouv.fr\nDirection d\u00e9partementale des territoires de la C\u00f4te-d'Or - 21-2024-06-09-00004 - Arr\u00eat\u00e9 n\u00b0 968 modifiant l\u25a1arr\u00eat\u00e9 pr\u00e9fectoral n\u00b0 493\ndu 6 mars 2023 portant agr\u00e9ment pour des prestations de d\u00e9pannage, de remorquage et d\u25a1\u00e9vacuation des v\u00e9hicules lourds sur les\nautoroutes A6, A31, A36, A39, A40, A311, A391, A406 et la RN79\n27\nAnnexe-D\u00e9panneurs Agr\u00e9\u00e9s \"V\u00e9hicules Lourds\"\nFeuille1\nPage 1\nDistrict Nom secteur D\u00e9finition secteur Nom usage/SAE Adresse Nom g\u00e9rant D\u00e9partement\nNord A36 PR 0 au PR 51,190\nD\u00e9pannage JOSSERON Richard JOSSERON 03/04/2025\nHBM Poids Lourds et Utilitaires Bernard IENN 03/04/2025\nSud A36 PR 51,190 au PR 105,260\nCITY CAR D\u00e9pannage Steve ERSA 03/04/2025 Doubs\nD\u00e9pannage 25 GESTER Fr\u00e8res Louis GESTER 03/04/2025 Doubs\nCOMTOIS\nCITY CAR D\u00e9pannage Steve ERSA 10/02/2026 Doubs / Jura  / C\u00f4te d'Or\nMECANO SERVICE Chemaudin Romain RABASSE 10/02/2026 Doubs / Jura / C\u00f4te d'Or\nJURA\nNord  A39 PR 22,110  au PR 63,500 C\u00e9dric RABASSE 10/02/2026 C\u00f4te d'Or / Jura\nSud JURA LEV Patrick BOUDOUX 10/02/2026 Jura / Sa\u00f4ne et  Loire\nDIJONNAIS\nDAURELLE PL Arnaud EUVRARD 02/05/2025 C\u00f4te d'or\nGMP LOGISTIQUE Cyril MENIGOZ 02/05/2025 C\u00f4te d'or\nD33 Beaune BEAUNE PL Nathalie Balland 07/11/2025 C\u00f4te d'Or / Sa\u00f4ne et Loire\nD34 Chalon A6 PR 316+050 au PR 356+200\nBERNARD TRUCKS CHAGNY Jean-Philippe Charr\u00e9 27/01/2026 Sa\u00f4ne et Loire \nBERNARD TRUCKS CHALON Jean-Philippe Charr\u00e9 27/01/2026 Sa\u00f4ne et Loire \nMORVAN D32 Auxois A6 PR 219+200 au PR 288+740 CONTANT Lionel Contant 21/05/2025 C\u00f4te d'Or\nVAL DE SAONE District BERNARD TRUCKS MACON Jean-Philippe Charr\u00e9 29/04/2025 Sa\u00f4ne et Loire \n\u00c9ch\u00e9ance \nContrat\nBELFORT - \nMONTBELIARD\n1 rue du G\u00e9n\u00e9ral de Gaulle\n 90380 ROPPE\nHaut-Rhin / Territoire de Belfort / \nDoubs\nZA les Guinottes\n70 400 HERICOURT\nHaut-Rhin / Territoire de Belfort / \nDoubs\n4 route de Luxiol        \n 25 110 AUTECHAUX\nRue des Plainots\n25550 DUNG \nDistrict \nComtois\nA36 PR 105,200 au PR 212,000\nBifurcation A36/A39\n15 rue Saint Christophe\n25480 ECOLE VALENTIN\nZac de l'Echange Rue Claude GIRARD\n25320 CHEMAUDIN\nMECANO SERVICE \n39\nZone Chaucheux\n39 chemin de Rougemont ZA\n39100 FOUCHERANS\nA39 PR 63,500  au PR 121,211\nA391 PR 0 au PR 4,600\nLa Croix du Moulin\n39140 DESNES\nDistrict \nDijonnais\nA39 PR 0,030 au PR 22,110\nA31 PR 9,000 au PR 86,500\nA311 PR 27,900 au PR 32,000\n64 Route de Marsannay\n21490 CLENAY\nRoute de St Philibert\n21220 GEVREY CHAMBERTIN \nCENTRE \nBOURGOGNE\nA6 PR 288+740 au PR 316+050\nA31 PR 0 au PR 9\nA36 PR 212 au PR 216+900\n305 rue Amp\u00e8re\n21200 Beaune\nRoute Nationale 6\n71150 Chagny\n14 rue Ren\u00e9 Cassin\n71380 Saint-Marcel\n42 rue Saint-Jacques\n21230 Arnay-le-Duc\nA6 PR 356+200 au PR 403+890\nA40 PR 207+300 au PR 189+200\nA406 PR 0 au PR 11+165\n319 rue de Barbentane\n71000 SENNECE LES MACON\nDijon, le 9 juin 2024\nLe pr\u00e9fet,\nPour le pr\u00e9fet, par \nd\u00e9l\u00e9gation,\nLe directeur de cabinet\nSIGN\u00c9\nOlivier GERSTL\u00c9\nDirection d\u00e9partementale des territoires de la C\u00f4te-d'Or - 21-2024-06-09-00004 - Arr\u00eat\u00e9 n\u00b0 968 modifiant l\u25a1arr\u00eat\u00e9 pr\u00e9fectoral n\u00b0 493\ndu 6 mars 2023 portant agr\u00e9ment pour des prestations de d\u00e9pannage, de remorquage et d\u25a1\u00e9vacuation des v\u00e9hicules lourds sur les\nautoroutes A6, A31, A36, A39, A40, A311, A391, A406 et la RN79\n28\nPr\u00e9fecture de la C\u00f4te-d'Or\nDirection des s\u00e9curit\u00e9s\n21-2024-06-13-00002\nArr\u00eat\u00e9 pr\u00e9fectoral N\u00b0 977 portant interdiction\nde rassemblements festifs \u00e0 caract\u00e8re musical et\ninterdiction de circulation de tout v\u00e9hicule\ntransportant du mat\u00e9riel de son \u00e0 destination\nd\u25a1un rassemblement festif \u00e0 caract\u00e8re musical\nnon autoris\u00e9\nPr\u00e9fecture de la C\u00f4te-d'Or - 21-2024-06-13-00002 - Arr\u00eat\u00e9 pr\u00e9fectoral N\u00b0 977 portant interdiction de rassemblements festifs \u00e0\ncaract\u00e8re musical et interdiction de circulation de tout v\u00e9hicule transportant du mat\u00e9riel de son \u00e0 destination d\u25a1un rassemblement\nfestif \u00e0 caract\u00e8re musical non autoris\u00e9\n29\nPr\u00e9fecture de la C\u00f4te-d'Or - 21-2024-06-13-00002 - Arr\u00eat\u00e9 pr\u00e9fectoral N\u00b0 977 portant interdiction de rassemblements festifs \u00e0\ncaract\u00e8re musical et interdiction de circulation de tout v\u00e9hicule transportant du mat\u00e9riel de son \u00e0 destination d\u25a1un rassemblement\nfestif \u00e0 caract\u00e8re musical non autoris\u00e9\n30\nCONSIDERANT que ce type de rassemblement regroupant un grand nombre de participants peutprovoquer des troubles \u00e0 l'ordre public qu'ils soient li\u00e9s \u00e0 l'augmentation du risque de conduitesous l'emprise d'alcool ou de stup\u00e9fiants ou encore \u00e0 la g\u00eane occasionn\u00e9e par le niveau sonoreextr\u00e9mement \u00e9lev\u00e9 de la musique diffus\u00e9e ; que les moyens appropri\u00e9s en mati\u00e8re de lutte contreI'incendie et de secours aux personnes, ainsi qu'en mati\u00e9re de s\u00e9curit\u00e9 sanitaire et routi\u00e8re nepeuvent \u00eatre r\u00e9unis ;CONSID\u00c9RANT que dans ces circonstances, ces rassemblements sont de nature \u00e0 provoquer destroubles graves \u00e0 l'ordre public; que leur interdiction, qui est strictement n\u00e9cessaire etproportionn\u00e9e aux objectifs poursuivis, est seule de nature \u00e0 pr\u00e9venir efficacement ces troubles;CONSID\u00c9RANT qu'en l'absence d'identification du lieu g\u00e9ographique susceptible d'accueillir lesrassemblements festifs \u00e0 caract\u00e8re musical envisag\u00e9s, et afin de donner un effet utile \u00e0I'interdiction, il y a lieu d'interdire, sauf motif l\u00e9gitime, la circulation des v\u00e9hicules transportant dumat\u00e9riel de sonorisation sur l'ensemble des r\u00e9seaux routiers du d\u00e9partement de la C\u00f4te-d'Or;SUR proposition de monsieur le directeur de cabinet du pr\u00e9fet de la r\u00e9gion Bourgogne-Franche-Comt\u00e9, pr\u00e9fet de la C\u00f4te-d'Or,ARR\u00caTEArticle 1er: Les rassemblements festifs \u00e0 caract\u00e8re musical r\u00e9pondant \u00e0 l'ensemble descaract\u00e9ristiques \u00e9nonc\u00e9es \u00e0 l'article R. 211-2 du code de la s\u00e9curit\u00e9 int\u00e9rieure, autres que ceuxl\u00e9galement d\u00e9clar\u00e9s ou autoris\u00e9s, sont interdits sur l'ensemble du d\u00e9partement de la C\u00f4te-d'Or duvendredi 14 juin 2024 \u00e0 18h au lundi 17 juin 2024 \u00e0 8h.Article 2 : La circulation de tout v\u00e9hicule transportant du mat\u00e9riel de sonorisation (notamment\u00ab sound system \u00bb et amplificateurs) \u00e0 destination d'un rassemblement festif \u00e0 caract\u00e8re musicalnon autoris\u00e9 est interdite sur I'ensemble des r\u00e9seaux routiers du d\u00e9partement de la C\u00f4te-d'Or duvendredi 14 juin 2024 \u00e0 18h au lundi 17 juin 2024 \u00e0 8h.Article 3 : Toute infraction au pr\u00e9sent arr\u00eat\u00e9 est passible des sanctions pr\u00e9vues par l'article R. 211-27du code de la s\u00e9curit\u00e9 int\u00e9rieure et peut donner lieu \u00e0 la saisie du mat\u00e9riel en vue de sa confiscationpar le tribunal.Article 4 : Le secr\u00e9taire g\u00e9n\u00e9ral de la pr\u00e9fecture de la C\u00f4te-d'Or, le directeur de cabinet du pr\u00e9fetde la r\u00e9gion Bourgogne-Franche-Comt\u00e9, pr\u00e9fet de la C\u00f4te-d'Or, le G\u00e9n\u00e9ral, commandant la r\u00e9gionde gendarmerie de Bourgogne-Franche-Comt\u00e9 et le directeur interd\u00e9partemental de la policenationale de la C\u00e9te-d'Or sont charg\u00e9s, chacun en ce qui le concerne, de l'ex\u00e9cution du pr\u00e9sentarr\u00eat\u00e9 qui sera publi\u00e9 au recueil des actes administratifs de la pr\u00e9fecture, et adress\u00e9 pour copie \u00e0monsieur le procureur de la R\u00e9publique pr\u00e8s le tribunal judiciaire de Dijon.Fait \u00e0 Dijon, le 13 juin 2024Le pr\u00e9fet,Pour le pr\u00e9fet et par d\u00e9l\u00e9gation,Le sous-pr\u00e9fet, directeur de cabinet,Original sign\u00e9Olivier GERSTL\u00c9D\u00e9lais et voies de recours :Le pr\u00e9sent arr\u00eat\u00e9 peut faire I'objet, dans un d\u00e9lai de deux mois \u00e0 compter de sa publication :Soit d'un recours gracieux devant le pr\u00e9fet de la C\u00f4te-d'Or ou d'un recours hi\u00e9rarchique aupr\u00e9s du Ministre deI'int\u00e9rieur.Soit d'un recours contentieux devant le tribunal administratif de Dijon (22 Rue d'Assas, 21000 Dijon). La juridictionadministrative comp\u00e9tente peut \u00e9tre saisie par l'application T\u00e9l\u00e9recours citoyens, accessible \u00e0 partir du sitewww.telerecours.fr.Dans le cas du rejet d'un recours gracieux ou hi\u00e9rarchique, le tribunal administratif peut \u00eatre saisi dans un d\u00e9lai de deuxmois \u00e0 compter de la date de la d\u00e9cision de rejet.\n-\n-\nPr\u00e9fecture de la C\u00f4te-d'Or - 21-2024-06-13-00002 - Arr\u00eat\u00e9 pr\u00e9fectoral N\u00b0 977 portant interdiction de rassemblements festifs \u00e0\ncaract\u00e8re musical et interdiction de circulation de tout v\u00e9hicule transportant du mat\u00e9riel de son \u00e0 destination d\u25a1un rassemblement\nfestif \u00e0 caract\u00e8re musical non autoris\u00e9\n31\nPr\u00e9fecture de la C\u00f4te-d'Or\nDirection des s\u00e9curit\u00e9s\n21-2024-06-12-00001\nArr\u00eat\u00e9 pr\u00e9fectoral portant agr\u00e9ment pour\nl'activit\u00e9 de domiciliation d'entreprise -\nMODULO CENTRE D'AFFAIRES\nPr\u00e9fecture de la C\u00f4te-d'Or - 21-2024-06-12-00001 - Arr\u00eat\u00e9 pr\u00e9fectoral portant agr\u00e9ment pour l'activit\u00e9 de domiciliation d'entreprise -\nMODULO CENTRE D'AFFAIRES 32\nEnPREFETDE LACOTE-D'ORLibert\u00e9Egalit\u00e9Fraternit\u00e9\nDIRECTION DES S\u00c9CURIT\u00c9S\nBureau D\u00e9fense et S\u00e9curit\u00e9\nARR\u00caT\u00c9 PR\u00c9FECTORAL N\u00b0969\nportant agr\u00e9ment pour l'exercice de l'activit\u00e9 de domiciliation d'entreprises\nMODULO CENTRE D'AFFAIRES\nLe Pr\u00e9fet de la C\u00f4te-d'Or\nVU le code de commerce notamment les articles de L123-11-3 \u00e0 L123-11-5 et R123-166-2 ;\nVU le code mon\u00e9taire et financier notamment les articles L561-37 \u00e0 L561-44 ;\nVU le d\u00e9cret n\u00b0 2004-374 du 29 avril 2004 relatif aux pouvoirs des pr\u00e9fets, \u00e0 l'organisation et \u00e0\nl'action des services de l'Etat dans les r\u00e9gions et d\u00e9partements ;\nVU l'arr\u00eat\u00e9 pr\u00e9fectoral n\u00b0148/SG du  18 janvier 2024  donnant d\u00e9l\u00e9gation de signature \u00e0 M. Olivier\nGERSTL\u00c9, sous-pr\u00e9fet, directeur de cabinet du pr\u00e9fet de la r\u00e9gion Bourgogne-Franche-Comt\u00e9, pr\u00e9fet\nde la C\u00f4te-d'Or ;\nVU l'arr\u00eat\u00e9 pr\u00e9fectoral N\u00b0168 du 25 f\u00e9vrier 2021 portant agr\u00e9ment pour l'exercice de l'activit\u00e9 de\ndomiciliation concernant la soci\u00e9t\u00e9 MODULO CENTRE D'AFFAIRES repr\u00e9sent\u00e9e par Mme Monique\nTOURDIAS \u00e9pouse GANDREY ;\nVU le dossier de demande d'agr\u00e9ment, pr\u00e9vu \u00e0 l'article L.123-11-3 du code du commerce, pr\u00e9sent\u00e9\npar  M.  Christophe L\u00c9CURET  et  M.  GOUGNOT Rapha\u00ebl,  agissant  pour  le compte de  la  soci\u00e9t\u00e9\nMODULO CENTRE D'AFFAIRES, dont le si\u00e8ge social est situ\u00e9 14E rue Pierre de Coubertin \u00e0 Dijon\n(21000) en qualit\u00e9 de g\u00e9rants, en date du 29 mai 2024 ;\nVU les documents composant le dossier ;\nCONSIDERANT  le changement de g\u00e9rant de la soci\u00e9t\u00e9 MODULO CENTRE D'AFFAIRES d\u00e9sormais\nrepr\u00e9sent\u00e9e par M. Christophe L\u00c9CURET et M. GOUGNOT Rapha\u00ebl ;\nSUR proposition du sous-pr\u00e9fet, directeur de cabinet du pr\u00e9fet de la r\u00e9gion Bourgogne-Franche-\nComt\u00e9, pr\u00e9fet de la C\u00f4te-d'Or ;\nARR\u00caTE\nArticle  1  : L'arr\u00eat\u00e9  pr\u00e9fectoral  N\u00b0168  du  25  f\u00e9vrier  2021  portant  agr\u00e9ment  pour  l'exercice  de\nl'activit\u00e9 de domiciliation concernant  la soci\u00e9t\u00e9 MODULO CENTRE D'AFFAIRES repr\u00e9sent\u00e9e par\nMme Monique TOURDIAS \u00e9pouse GANDREY est abrog\u00e9.\nPr\u00e9fecture de la C\u00f4te d'Or \u2013 Direction des s\u00e9curit\u00e9s -53 rue de la pr\u00e9fecture \u2013 21041 Dijon Cedex\nTel : 03 80 44 64 00 \u2013 Mel : pref-polices-administratives@cote-dor.gouv.fr\nPr\u00e9fecture de la C\u00f4te-d'Or - 21-2024-06-12-00001 - Arr\u00eat\u00e9 pr\u00e9fectoral portant agr\u00e9ment pour l'activit\u00e9 de domiciliation d'entreprise -\nMODULO CENTRE D'AFFAIRES 33\nArticle    2     :  La soci\u00e9t\u00e9  MODULO CENTRE D'AFFAIRES, repr\u00e9sent\u00e9e par  M. Christophe L \u00c9CURET et\nM.  GOUGNOT  Rapha\u00ebl,  est  agr\u00e9\u00e9e  pour  l'exercice  de  l'activit\u00e9  de  domiciliation  pour  son\n\u00e9tablissement situ\u00e9 14E rue Pierre de Coubertin \u00e0 Dijon (21000).\nArticle    3   :   Le pr\u00e9sent agr\u00e9ment est d\u00e9livr\u00e9 pour une p\u00e9riode de  6 ans \u00e0 compter d e la date de\nsignature du pr\u00e9sent arr\u00eat\u00e9.\nArticle    4   :   Tout changement substantiel dans  les pi\u00e8ces constitutives du dossier  list\u00e9es \u00e0 l'article\nR123-166-2 du code du commerce et toute cr\u00e9ation d'un ou plusieurs \u00e9tablissements secondaires\npar l'entreprise de domiciliation sont port\u00e9s \u00e0 la connaissance du  pr\u00e9fet de la C\u00f4te-d'Or, dans un\nd\u00e9lai de deux mois.\nArticle   5   :   L'agr\u00e9ment peut \u00eatre suspendu pour une dur\u00e9e de 6 mois au plus ou retir\u00e9 par le pr\u00e9fet\nl'ayant d\u00e9livr\u00e9 lorsque l'entreprise de domiciliation ne remplit plus les conditions pr\u00e9vues au II de\nl'article L.123-11-3 ou n'a pas signal\u00e9 tout changement substantiel la concernant.\nArticle    6   :   La demande de renouvellement d'agr\u00e9ment devra \u00eatre adress\u00e9e en pr\u00e9fecture 3 mois\navant l'\u00e9ch\u00e9ance du pr\u00e9sent arr\u00eat\u00e9.\nArticle    7     :   Le sous-pr\u00e9fet,  directeur de cabinet du pr\u00e9fet de la r\u00e9gion Bourgogne-Franche-Comt\u00e9 ,\npr\u00e9fet de la C\u00f4te-d'Or  est charg\u00e9 de l'ex\u00e9cution du pr\u00e9sent arr\u00eat\u00e9 dont copie sera adress\u00e9e \u00e0\nM. Christophe L \u00c9CURET et M. GOUGNOT Rapha \u00ebl et publication sera faite au recueil des actes\nadministratifs de la pr\u00e9fecture de la C\u00f4te-d'Or.\nFait \u00e0 Dijon, le 12 juin 2024\nLE PR\u00c9FET\nPour le Pr\u00e9fet et par d\u00e9l\u00e9gation\nLe directeur de cabinet\n   Original sign\u00e9\n         Olivier GERSTL\u00c9\nD\u00c9LAIS ET VOIES DE RECOURS\nLa pr\u00e9sente d\u00e9cision peut \u00eatre contest\u00e9 selon les voies de recours et dans les d\u00e9lais mentionn\u00e9s ci-dessous.\nDans les deux mois \u00e0 compter de la notification de la pr\u00e9sente d\u00e9cision les recours suivants peuvent \u00eatre introduits :\n- un recours gracieux  adress\u00e9 \u00e0  : Pr\u00e9fecture de la C\u00f4te-d'Or - Direction des S\u00e9curit\u00e9s - Bureau de la d\u00e9fense et de la s\u00e9curit\u00e9 - 53 rue de la\nPr\u00e9fecture - 21041 Dijon Cedex\n- un recours hi\u00e9rarchique adress\u00e9 \u00e0 M. le Ministre de l'Int\u00e9rieur et des Outre-Mer - Secr\u00e9tariat G\u00e9n\u00e9ral - Place Beauvau -75800 Paris Cedex 08\n- un recours contentieux adress\u00e9 au Tribunal Administratif de Dijon - 22 rue d'Assas - BP 61616 - 21016 Dijon Cedex\nLe  tribunal  administratif  peut  \u00eatre  saisi  par  un  recours  d\u00e9pos\u00e9  via  l'application  T\u00e9l\u00e9recours  citoyens  accessible  par  le  site  internet\nwww.t\u00e9l\u00e9recours.fr. Ce recours juridictionnel doit \u00eatre d\u00e9pos\u00e9 au plus tard avant l'expiration du 2 e mois suivant la date de notification de la\nd\u00e9cision contest\u00e9e (ou bien du 2e mois suivant la date du rejet du recours gracieux ou hi\u00e9rarchique).\nPr\u00e9fecture de la C\u00f4te d'Or \u2013 Direction des s\u00e9curit\u00e9s -53 rue de la pr\u00e9fecture \u2013 21041 Dijon Cedex\nTel : 03 80 44 64 00 \u2013 Mel : pref-polices-administratives@cote-dor.gouv.fr\nPr\u00e9fecture de la C\u00f4te-d'Or - 21-2024-06-12-00001 - Arr\u00eat\u00e9 pr\u00e9fectoral portant agr\u00e9ment pour l'activit\u00e9 de domiciliation d'entreprise -\nMODULO CENTRE D'AFFAIRES 34\nSDIS de C\u00f4te-d'Or\n21-2024-06-01-00002\nListe Op\u00e9rationnelle Feu de For\u00eat 2024\nmodificatif n\u00b02\nSDIS de C\u00f4te-d'Or - 21-2024-06-01-00002 - Liste Op\u00e9rationnelle Feu de For\u00eat 2024 modificatif n\u00b02 35\nE.PREFETCOTE sDISCOTE-D'OR _Libert\u00e9\u00c9galz't\u00e9 22 D Boulevard Winston ChurchillFraternit\u00e9 CS 16209 - 21 062 DIJON CedexSDIS de la C\u00f4te-d'Or\nAffaire suivie par : sous-direction optimisation du potentiel op\u00e9rationnelSDIS 21 / service \u00e9quipes sp\u00e9cialis\u00e9esT\u00e9l : 03 80 11 27 87M\u00e9l : formation@sdis21.orgArr\u00eat\u00e9Portant sur la liste d'aptitude op\u00e9rationnelleUnit\u00e9 de lutte contre les feux de for\u00eatsAnn\u00e9e 2024 \u2014 modificatif n\u00b0 2Le pr\u00e9fet de la C\u00f4te-d'OrVu le code g\u00e9n\u00e9ral des collectivit\u00e9s territoriales et particuli\u00e8rement l'article R 1424-54 ;Vu le code de la s\u00e9curit\u00e9 int\u00e9rieure et particulierement l'article L 112-2 ;Vu l'arr\u00eat\u00e9 du 6 mai 2000 modifi\u00e9 fixant les conditions d'aptitudes m\u00e9dicales des sapeurs-pompiers professionnels etvolontaires ;Vu l'arr\u00eat\u00e9 du 22 ao\u00fbt 2019 relatif aux formations des sapeurs-pompiers professionnels et volontaires ;Vu l'arr\u00eat\u00e9 du 15 juillet 2022 relatif \u00e0 la d\u00e9signation et aux missions des r\u00e9f\u00e9rents de sp\u00e9cialit\u00e9s mentionn\u00e9s \u00e0 l'articleR. 722-1 du code de la s\u00e9curit\u00e9 int\u00e9rieure ;Vu l'arr\u00eat\u00e9 pr\u00e9fectoral du 18 septembre 2020 fixant la liste des unit\u00e9s op\u00e9rationnelles ;Vu le r\u00e9glement op\u00e9rationnel du service d\u00e9partemental d'incendie et de secours de la C\u00f4te-d'Or en date du 06 octobre2021 ;Vu le SDACR approuv\u00e9 par arr\u00e9t\u00e9 pr\u00e9fectoral n\u00b0 1808, du 22 d\u00e9cembre 2023 ;Vu le guide national de r\u00e9f\u00e9rences\u00ab feux de for\u00eats \u00bb d'ao\u00fbt 1999 modifi\u00e9 ;Vu le guide de doctrine op\u00e9rationnelle et le guide de techniques op\u00e9rationnelles\u00ab feux de for\u00eats et d'espaces naturels \u00bbde f\u00e9vrier 2021 ;Vu la participation des agents d\u00e9sign\u00e9s aux activit\u00e9s de formation de maintien et de perfectionnement des acquis ;Vu le nombre de chef de site (1), chefs de colonne (7), de chefs de groupe (25), de chefs d'agr\u00e8s (170), de \u00e9quipiers(330) ;Sur proposition de monsieur le directeur d\u00e9partemental des services d'incendie et de secours ;ARR\u00caTEArticle 1 : La liste annuelle d\u00e9partementale d'aptitude op\u00e9rationnelle des sapeurs-pompiers de I'unit\u00e9 \u00ab luttecontre les feux de for\u00eats \u00bb du d\u00e9partement de la C\u00e9te-d'Or s'\u00e9tablit comme suit :\n| Nom Pr\u00e9nom Emploi et activit\u00e9 corhpl\u00e9mentaire Formation || DEZA R\u00e9gis Chef de site FDF FDF 5| BIDAU Cyril Chef de colonne FDF FDF 4\n| BOUFENICHE Khamel ; } _____Chef de colonne FDF FDF 4 4 || DOMBEK Christophe Chef de colonne FDF & cadre a\u00e9ro embarqu\u00e9 FDF 4 &AER 3| MARC Jean-Louis Chef de colonne FDF FDF 4| PARDON Christophe | ChefdecolomeFDF Q FDF4 \u2014|THEUREL J\u00e9r\u00f4me * | Chefde colonne FDF & cadrea\u00e9ro embarqu\u00e9 | FDF48AER3 |ANDREUCCETT!I Philippe Chef de groupe FDF FDF 3BLAN-\u00d4IN Pascal Chef de groupe FDVF FDF 3 e\nSDIS de C\u00f4te-d'Or - 21-2024-06-01-00002 - Liste Op\u00e9rationnelle Feu de For\u00eat 2024 modificatif n\u00b02 36\nNom Pr\u00e9nom Emploi et activit\u00e9 compl\u00e9mentaire FormationBOUCHE Luca Chef de groupe FDF FDF 3BREUIL Christophe Chef de groupe FDF FDF 3BRILLET Jason Chef de groupe FDF FDF 3CRETE Laurent Chef de groupe FDF FDF 3DECHAUME Sylvain Chef de groupe FDF FDF 3 & investigateur RCCI FDFDESCHAMPS Olivier Chef de groupe FDF FDF 3DUPONT Luc Chef de groupe FDF FDF 3DUVERNOIS Arnaud Chef de groupe FDF FDF 3EM Fr\u00e9d\u00e9ric Chef de groupe FDF FDF 3GARMATUK Cyril Chef de groupe FDF FDF 3GENELOT Eric Chef de groupe FDF FDF 3JEANNIN S\u00e9bastien Chef de groupe FDF FDF 3PAGEOT Anthony Chef de groupe FDF FDF 3PERU Christophe Chef de groupe FDF FDF 3REGAZZONI Micka\u00ebl Chef de groupe FDF FDF 3RENAUD Sandrine Chef de groupe FDF FDF 3ROUCHE St\u00e9phane Chef de groupe FDF FDF 3SAUSSERET Jean-Michel Chef de groupe FDF FDF 3SENOT Alexandre Chef de groupe FDF FDF 3VANDENSKRICK Julien Chef de groupe FDF FDF 3VERREY Cyril Chef de groupe FDF FDF 3VILBOUX Romain Chef de groupe FDF FDF 3XHAARD-BOLLON Nicolas Chef de groupe FDF FDF 3ALIBERT Brice Chef d'agr\u00e8s FDF FDF 2ALIBERT David Chef d'agr\u00e8s FDF FDF 2ANGEL Nicolas Chef d'agr\u00e8s FDF FDF 2ANTOINE Aymeric Chef d'agr\u00e8s FDF & commando DIS FDF 2 & DIS FDFANTOINE Luc Chef d'agr\u00e8s FDF FDF 2AUVERT Romain Chef d'agr\u00e8s FDF FDF 2BALLAIS Sylvain Chef d'agr\u00e9s FDF FDF 2BARGEOT Cyril Chef d'agr\u00e8s FDF FDF 2BAUDEGARD Marc Chef d'agr\u00e8s FDF FDF 2BAUDRAND Julien Chef d'agr\u00e8s FDF FDF 2BAUDROT Aur\u00e9lien Chef d'agr\u00e8s FDF FDF 2BAZIN Marc Chef d'agr\u00e8s FDF FDF 2BERNARD Philippe Chef d'agr\u00e8s FDF FDF 2BIARD Herv\u00e9 Chef d'agr\u00e8s FDF FDF 2BLANDIN Jean-Fran\u00e7ois Chef d'agr\u00e8s FDF FDF 2BOLE Xavier Chef d'agr\u00e9s FDF FDF 2BONNET St\u00e9phane Chef d'agr\u00e8s FDF FDF 2BORDET Olivier Chef d'agr\u00e8s FDF FDF 2BOS Fr\u00e9d\u00e9ric Chef d'agr\u00e8s FDF FDF 2BOUILLOT Olivier Chef d'agr\u00e8s FDF FDF 2BOUTIER Fabien Chef d'agr\u00e8s FDF FDF 2BOUTIER Florent Chef d'agr\u00e8s FDF FDF 2BROSSEAU Fabrice Chef d'agr\u00e9s FDF FDF 2BRULEY Jean-No\u00ebl Chef d'agr\u00e8s FDF FDF 2BUSI Wilfried Chef d'agr\u00e8s FDF FDF 2CENDRIER Nicolas Chef d'agr\u00e8s FDF & commando DIS FDF 2 & DIS FDFCHANUT Lilian Chef d'agr\u00e8s FDF FDF 2CHAPLOT Elodie Chef d'agr\u00e8s FDF FDF 2\nSDIS de C\u00f4te-d'Or - 21-2024-06-01-00002 - Liste Op\u00e9rationnelle Feu de For\u00eat 2024 modificatif n\u00b02 37\nNom Pr\u00e9nomEmploi et activit\u00e9 compl\u00e9mentaireFormationCHIAOUI Mehdi Chef d'agr\u00e9s FDF FDF 2CHOFFLET Arnaud Chef d'agr\u00e8s FDF FDF 2CHRETIEN Pierre Chef d'agr\u00e8s FDF FDF 2CONTET Cyrill Chef d'agr\u00e8s FDF FDF 2CONVERT Cyril Chef d'agr\u00e8s FDF FDF 2COQUIO Ga\u00eblle Chef d'agr\u00e8s FDF FDF 2COSTER K\u00e9vin Chef d'agr\u00e8s FDF FDF 2COUSIN Lo\u00efc Chef d'agr\u00e8s FDF FDF 2CROCHARD Vincent Chef d'agr\u00e8s FDF FDF 2DABRAINVILLE Geoffroy Chef d'agr\u00e8s FDF FDF 2DAURELLE Jo\u00ebl Chef d'agr\u00e8s FDF FDF 2DESCLOIX Sylvain Chef d'agr\u00e8s FDF & commando DIS FDF 2 & DIS FDFDESSENDRE Romain Chef d'agr\u00e8s FDF FDF 2DESSEREY Gilles Chef d'agr\u00e8s FDF FDF 2DEVAUX Antoine Chef d'agr\u00e8s FDF & commando DIS FDF 2 & DIS FDFDEVAUX Jean-Christophe Chef d'agr\u00e8s FDF FDF 2DEVILLIERS J\u00e9r\u00e9my Chef d'agr\u00e8s FDF FDF 2DREZET David Chef d'agr\u00e8s FDF FDF 2DUBOIS Alexis Chef d'agr\u00e8s FDF FDF 2DUC Matthieu Chef d'agr\u00e8s FDF FDF 2DUPIN Bruno Chef d'agr\u00e8s FDF FDF 2DUPREY Arnaud Chef d'agr\u00e8s FDF FDF 2DURAND Fr\u00e9d\u00e9ric Chef d'agr\u00e8s FDF FDF 2DURAND Nicolas Chef d'agr\u00e8s FDF FDF 2DUTHU J\u00e9r\u00e9my Chef d'agr\u00e8s FDF FDF 2DUTHU Patrice Chef d'agr\u00e9s FDF FDF 2DUTHU Thomas Chef d'agr\u00e8s FDF FDF 2FANJOUX C\u00e9dric Chef d'agr\u00e8s FDF & commando DIS FDF 2 & DIS FDFFARGE David Chef d'agr\u00e8s FDF FDF 2FAVRE Philippe Chef d'agr\u00e8s FDF FDF 2FERNANDEZ Manuel Chef d'agr\u00e8s FDF FDF 2FURDERER Johann Chef d'agr\u00e8s FDF FDF 2FURDIN David Chef d'agr\u00e8s FDF FDF 2GARNIER Nicolas Chef d'agr\u00e9s FDF FDF 2GELIN Gr\u00e9gory Chef d'agr\u00e8s FDF FDF 2GENETIER Bruno Chef d'agr\u00e9s FDF FDF 2GENTILHOMME Damien Chef d'agr\u00e8s FDF FDF 2GEOFFROY Antoine Chef d'agr\u00e8s FDF FDF 2GERMAIN Arnaud Chef d'agr\u00e8s FDF FDF 2GEST Sylvain Chef d'agr\u00e8s FDF FDF 2GONET Ludovic Chef d'agr\u00e8s FDF FDF 2GOUX Fr\u00e9d\u00e9ric Chef d'agr\u00e9s FDF FDF 2GREBILLE Jean Chef d'agr\u00e8s FDF FDF 2GUALDI Fabrice Chef d'agr\u00e8s FDF FDF 2GUERARD S\u00e9bastien Chef d'agr\u00e8s FDF FDF 2GUERIN Maxime Chef d'agr\u00e8s FDF FDF 2GUTKNECHT Jean-Denis Chef d'agr\u00e8s FDF FDF 2HEDIEUX Patrick Chef d'agr\u00e8s FDF FDF 2HENNIENE Mohamed Chef d'agr\u00e8s FDF FDF 2ISAAC Christophe Chef d'agr\u00e8s FDF FDF 2Chef d'agr\u00e8s FDF FDF 2ISTRIA Anthony\nSDIS de C\u00f4te-d'Or - 21-2024-06-01-00002 - Liste Op\u00e9rationnelle Feu de For\u00eat 2024 modificatif n\u00b02 38\nNom Pr\u00e9nomEmploi et activit\u00e9 compl\u00e9mentaireFormationJACQUES Pascal Chef d'agr\u00e8s FDF FDF 2JALLAT G\u00e9rard Chef d'agr\u00e8s FDF FDF 2JAUDAUX David Chef d'agr\u00e8s FDF FDF 2JEAN Micka\u00ebl Chef d'agr\u00e8s FDF FDF 2JEANNE Emmanuel Chef d'agr\u00e8s FDF FDF 2JOUFFROY Herv\u00e9 Chef d'agr\u00e8s FDF FDF 2JUPILLE Thomas Chef d'agr\u00e8s FDF FDF 2KARROUM Hakim Chef d'agr\u00e8s FDF FDF 2KURKLINSKI Quentin Chef d'agr\u00e8s FDF FDF 2LAGNIER Laurent Chef d'agr\u00e8s FDF FDF 2LALLEMAND Mathieu Chef d'agr\u00e8s FDF FDF 2LAMBERT Jean-Robert Chef d'agr\u00e8s FDF FDF 2LAMBOULE Herv\u00e9 Chef d'agr\u00e8s FDF FDF 2LAUPRETRE Mathieu Chef d'agr\u00e8s FDF FDF 2LAVERDAN Jean-Paul Chef d'agr\u00e8s FDF FDF 2LE CARO C\u00e9dric Chef d'agr\u00e8s FDF FDF 2LE GOFF Quentin Chef d'agr\u00e8s FDF FDF 2LEBLOND Andy Chef d'agr\u00e8s FDF FDF 2LEDOUX Alexis Chef d'agr\u00e9s FDF FDF 2LEFOL Geoffroy Chef d'agr\u00e8s FDF FDF 2LEFRANC Nicolas Chef d'agr\u00e8s FDF FDF 2LEGRAND S\u00e9bastien Chef d'agr\u00e8s FDF FDF 2LERAT Alexandre Chef d'agr\u00e8s FDF FDF 2LOPES David Chef d'agr\u00e8s FDF FDF 2LOUIS Thierry Chef d'agr\u00e8s FDF FDF 2MAIRE Johann Chef d'agr\u00e8s FDF FDF 2MANSOTTE Jean-Marc Chef d'agr\u00e8s FDF FDF 2MARCEAU Xavier Chef d'agr\u00e8s FDF FDF 2MARCOS Alex Chef d'agr\u00e8s FDF FDF 2MARDAOUI Mouhssine Chef d'agr\u00e8s FDF FDF 2MARTY Yoann Chef d'agr\u00e8s FDF FDF 2MAUR Christophe Chef d'agr\u00e8s FDF FDF 2MAUROY Anthony Chef d'agr\u00e8s FDF FDF 2MEHAULT Ga\u00ebtan Chef d'agr\u00e8s FDF FDF 2MELOT Christophe Chef d'agr\u00e8s FDF FDF 2MENELOT Patrick Chef d'agr\u00e8s FDF FDF 2MERME Christophe Chef d'agr\u00e8s FDF FDF 2MIGNOT Emmanuel Chef d'agr\u00e8s FDF FDF 2MONTCHARMONT Thomas Chef d'agr\u00e8s FDF FDF 2MOREAU Franck Chef d'agr\u00e8s FDF FDF 2MORELOT Eric Chef d'agr\u00e8s FDF FDF 2MORINEAU Damien Chef d'agr\u00e8s FDF FDF 2MOTUS Julien Chef d'agr\u00e8s FDF FDF 2NAUDET Etienne Chef d'agr\u00e8s FDF FDF 2NESME K\u00e9vin Chef d'agr\u00e8s FDF FDF 2NICOLAS Michel Chef d'agr\u00e8s FDF FDF 2NOUR Yassine Chef d'agr\u00e8s FDF FDF 2PARANT Fr\u00e9d\u00e9ric Chef d'agr\u00e8s FDF FDF 2PERRIN St\u00e9phane Chef d'agr\u00e8s FDF FDF 2PETITOT Marc Chef d'agr\u00e8s FDF FDF 2PIGNET Olivier Chef d'agr\u00e8s FDF FDF 2\nSDIS de C\u00f4te-d'Or - 21-2024-06-01-00002 - Liste Op\u00e9rationnelle Feu de For\u00eat 2024 modificatif n\u00b02 39\nNom Pr\u00e9nomEmploi et activit\u00e9 compl\u00e9mentaireFormationPIGNON S\u00e9bastien Chef d'agr\u00e8s FDF FDF 2PIRARD Vincent Chef d'agr\u00e9s FDF FDF 2POUESSEL Wilfried Chef d'agr\u00e8s FDF FDF 2PRIN Richard Chef d'agr\u00e8s FDF FDF 2PRUDHON R\u00e9gis Chef d'agr\u00e8s FDF FDF 2RAIMBAULT Nicolas Chef d'agr\u00e8s FDF FDF 2REMBERT Thomas Chef d'agr\u00e8s FDF FDF 2REMOND Ga\u00e9tan Chef d'agr\u00e8s FDF FDF 2RENAUD Thomas Chef d'agr\u00e8s FDF FDF 2RICHARD Christophe Chef d'agr\u00e8s FDF FDF 2RICHARD Laurent Chef d'agr\u00e8s FDF FDF 2RICHARD Ludovic Chef d'agr\u00e8s FDF FDF 2RUDE Maxime Chef d'agr\u00e8s FDF FDF 2SAADA Alexandre Chef d'agr\u00e8s FDF FDF 2SAGET Lo\u00efc Chef d'agr\u00e8s FDF FDF 2SALLOT Julien Chef d'agr\u00e8s FDF FDF 2SAMORI Laurent Chef d'agr\u00e8s FDF FDF 2SCHMIDT C\u00e9dric Chef d'agr\u00e8s FDF FDF 2SIERRA Mika\u00ebl Chef d'agr\u00e8s FDF FDF 2SILVESTRE St\u00e9phane Chef d'agr\u00e8s FDF FDF 2SIMON Jean-Baptiste Chef d'agr\u00e8s FDF FDF 2SIRANDRE Thomas Chef d'agr\u00e8s FDF FDF 2SOLDATENKOFF Nicolas Chef d'agr\u00e8s FDF FDF 2SPACZEK Rudy Chef d'agr\u00e8s FDF FDF 2SUCHETET Didier Chef d'agr\u00e8s FDF FDF 2THIBEAULT Laurent Chef d'agr\u00e9s FDF FDF 2THOMAS Christophe Chef d'agr\u00e8s FDF FDF 2THOMAS Guilhem Chef d'agr\u00e8s FDF FDF 2THOMAS J\u00e9r\u00f4me Chef d'agr\u00e8s FDF FDF 2TILLIER Herv\u00e9 Chef d'agr\u00e8s FDF FDF 2TRITZ Fr\u00e9d\u00e9ric Chef d'agr\u00e8s FDF FDF 2VADOT Michel Chef d'agr\u00e8s FDF FDF 2VADOT Thierry Chef d'agr\u00e8s FDF FDF 2VAILLE Olivier Chef d'agr\u00e8s FDF FDF 2VAXILLAIRE Yann Chef d'agr\u00e8s FDF FDF 2VIARDOT Aur\u00e9lien Chef d'agr\u00e8s FDF FDF 2VIDON-BUTHION John Chef d'agr\u00e8s FDF FDF 2VILLEGAS Herv\u00e9 Chef d'agr\u00e8s FDF FDF 2VIVIEN Jo\u00ebl Chef d'agr\u00e8s FDF FDF 2XHAARD-BOLLON Sabine Chef d'agr\u00e8s FDF FDF 2ANNEN Florian Equipier FDF FDF 1ARBEZ Benjamin Equipier FDF FDF 1AUBRY Christophe Equipier FDF FDF 1AUVERT Antonin Equipier FDF FDF 1BAILLIET Jason Equipier FDF FDF 1BAILLY St\u00e9phane Equipier FDF FDF 1BARATA MINHOS Lionel Equipier FDF FDF 1BARBE David Equipier FDF FDF 1BARDET Mathieu Equipier FDF FDF 1BAUDEGARD Romain Equipier FDF FDF 1BEAU Yoann Equipier FDF FDF 1\nSDIS de C\u00f4te-d'Or - 21-2024-06-01-00002 - Liste Op\u00e9rationnelle Feu de For\u00eat 2024 modificatif n\u00b02 40\nNom Pr\u00e9nomEmploi et activit\u00e9 compl\u00e9mentaireFormationBECOUZE Pierre Equipier FDF FDF 1BECQUET J\u00e9r\u00e9my Equipier FDF FDF 1BELDILMI Gilles Equipier FDF FDF 1BENREDJEM Th\u00e9o Equipier FDF FDF 1BERSCHEID Anthony Equipier FDF FDF 1BERTHENET Melvyn Equipier FDF FDF 1BERTHET-BONDET Anthony Equipier FDF FDF 1BERWICK R\u00e9mi Equipier FDF FDF 1BEUTHOT Christophe Equipier FDF FDF 1BIDAULT Richard Equipier FDF FDF 1BIEBER Corentin Equipier FDF FDF 1BILLARD Alexis Equipier FDF FDF 1BLANC Eric Equipier FDF FDF 1BLARDONE Charles Equipier FDF FDF 1BOISSY Philippe Equipier FDF FDF 1BONNARD Matthieu Equipier FDF FDF 1BONNARD Valentin Equipier FDF FDF 1BONNARDEL Xavier Equipier FDF FDF 1BONNASSIEUX J\u00e9r\u00e9my Equipier FDF FDF 1BORDET Th\u00e9o Equipier FDF FDF 1BOUCHEROT Fabien Equipier FDF FDF 1BOUCHEROT Ga\u00ebtan Equipier FDF FDF 1BOUCHEROT Jessica Equipier FDF FDF 1BOUCHEROT Maxime Equipier FDF FDF 1BOUQUET J\u00e9r\u00f4me Equipier FDF FDF 1BOURDIER Roger Equipier FDF FDF 1BOURGEOIS Elodie Equipier FDF FDF 1BOURGETEL Sylvain Equipier FDF FDF 1BOUSSARD Anthony Equipier FDF FDF 1BOUTIER Charles Equipier FDF FDF 1BOUTIN L\u00e9o Equipier FDF FDF 1BOUVIER Marina Equipier FDF FDF 1BOUVIER St\u00e9phane Equipier FDF FDF 1BOUVOT Jayson Equipier FDF FDF 1BREBEL Julie Equipier FDF FDF 1BREUIL Paul Equipier FDF FDF 1BRICHETEAU Florian Equipier FDF FDF 1BRICHETEAU Quentin Equipier FDF FDF 1BRIDON Frangois Equipier FDF FDF 1BRIYS Ludovic Equipier FDF FDF 1BRULEY Baptiste Equipier FDF FDF 1BRULEY Romain Equipier FDF FDF 1BRUNET Charlotte Equipier FDF FDF 1BRUNET Morgan Equipier FDF FDF 1BUATOIS Dylan Equipier FDF FDF 1BUCZEK Alexis Equipier FDF FDF 1BUTHEAU Ludovic Equipier FDF FDF 1CABEZAS Th\u00e9o Equipier FDF FDF 1CAGNE Ga\u00e9tan Equipier FDF FDF 1CALAFATO Alexandre Equipier FDF FDF 1CAMUS David Equipier FDF FDF 1\nSDIS de C\u00f4te-d'Or - 21-2024-06-01-00002 - Liste Op\u00e9rationnelle Feu de For\u00eat 2024 modificatif n\u00b02 41\nNom Pr\u00e9nomEmploi et activit\u00e9 compl\u00e9mentaireFormationCAMUSET J\u00e9r\u00e9me Equipier FDF FDF 1CANAL Amandine Equipier FDF FDF 1CARBILLET Th\u00e9o Equipier FDF FDF 1CARTIER Laurent Equipier FDF FDF 1CASEIRO Gr\u00e9gory Equipier FDF FDF 1CAVARELLI Nicolas Equipier FDF FDF 1CAZENAVE Sandra Equipier FDF FDF 1CHAINARD J\u00e9r\u00e9my Equipier FDF FDF 1CHAKRI Tarik Equipier FDF FDF 1CHAMPONNOIS Cyrille Equipier FDF FDF 1CHAMPONNOIS Damien Equipier FDF FDF 1CHAPOVALOFF Alexis Equipier FDF FDF 1CHAUMET Emmanuel Equipier FDF FDF 1CHEVALIER Victor Equipier FDF FDF 1CHEVALLIER Yannick Equipier FDF FDF 1CHEVASSON Antoine Equipier FDF FDF 1CHIFFLOT Pierre Equipier FDF FDF 1CHIONO J\u00e9r\u00f4me Equipier FDF FDF 1CHIPEAUX C\u00e9dric Equipier FDF FDF 1CHOAIN Cyril Equipier FDF FDF 1CIERLAK J\u00e9r\u00f4me Equipier FDF FDF 1CLERC Damien Equipier FDF FDF 1CLERC Jean-Baptiste Equipier FDF FDF 1CLET C\u00e9cile Equipier FDF FDF 1COISPINE Romain Equipier FDF FDF 1COLAS Micka\u00ebl Equipier FDF FDF 1COLOMBO Jean-Christophe Equipier FDF FDF 1COMBES Cl\u00e9ment Equipier FDF FDF 1COMMARET Guillaume Equipier FDF FDF 1CORDON Hugo Equipier FDF FDF 1CORDON Maxime Equipier FDF FDF 1COUDRET David Equipier FDF FDF 1COURBEZ Thierry Equipier FDF FDF 1COUREAULT Philippe Equipier FDF FDF 1COUTACHOT S\u00e9bastien Equipier FDF FDF 1COYETTE Antoine Equipier FDF FDF 1COZ Paul Equipier FDF FDF 1CRETE-CORTOT Arthur Equipier FDF FDF 1CROTTI Corentin Equipier FDF FDF 1CURE Franck Equipier FDF FDF 1DA ROCHA Florent Equipier FDF FDF 1DA ROCHA Julie Equipier FDF FDF 1DALAUDIERE Nicolas Equipier FDF FDF 1DAMIENS Jean-Baptiste Equipier FDF FDF 1DARROUX Bastien Equipier FDF FDF 1DAUD Jean-Baptiste Equipier FDF FDF 1DE PIZZOL Geoffroy Equipier FDF FDF 1DEGUIN Gaylord Equipier FDF FDF 1DELOLME Bruno Equipier FDF FDF 1DELPIT Geoffrey Equipier FDF FDF 1DEMANDRE Micka\u00ebl Equipier FDF FDF 1\nSDIS de C\u00f4te-d'Or - 21-2024-06-01-00002 - Liste Op\u00e9rationnelle Feu de For\u00eat 2024 modificatif n\u00b02 42\nNom Pr\u00e9nomEmploi et activit\u00e9 compl\u00e9mentaireFormationDEMARCH Johann Equipier FDF FDF 1DENIEL Jordan Equipier FDF FDF 1DENIEL Yannick Equipier FDF FDF 1DERY Ludovic Equipier FDF FDF 1DERY Micka\u00ebl Equipier FDF FDF 1DILLENSEGER Cl\u00e9ment Equipier FDF FDF 1DONNET Dominique Equipier FDF FDF 1DOUSSOT Emilien Equipier FDF FDF 1DRU Guillaume Equipier FDF FDF 1DUBOIS C\u00e9dric Equipier FDF FDF 1DUCHESNE Bertrand Equipier FDF FDF 1DUMONT Guillaume Equipier FDF FDF 1DUMONT Quentin Equipier FDF FDF 1DUNCAN Yann Equipier FDF FDF 1DURUPT Quentin Equipier FDF FDF 1DUTHU Christophe Equipier FDF FDF 1DUTHU Julien Equipier FDF FDF 1DUTHU Romain Equipier FDF FDF 1DUVERGER Luka Equipier FDF FDF 1EL YACOUBI Khalid Equipier FDF FDF 1ESNAUX Manuel Equipier FDF FDF 1FABER Thomas Equipier FDF FDF 1FAIVRE Lucas Equipier FDF FDF 1FARNIER R\u00e9mi Equipier FDF FDF 1FAUCHARD C\u00e9dric Equipier FDF FDF 1FEUGERE Ma\u00ebl Equipier FDF FDF 1FEVRIER Pascal Equipier FDF FDF 1FEVRIER Thomas Equipier FDF FDF 1FLET Am\u00e9lie Equipier FDF FDF 1FOISSEY Bastien Equipier FDF FDF 1FOND K\u00e9vin Equipier FDF FDF 1FOUTELET Christian Equipier FDF FDF 1FOUTELET Jo\u00ebl Equipier FDF FDF 1FROIDUROT Thibaut Equipier FDF FDF 1GABORIEAU Laurent Equipier FDF FDF 1GACECK Ludovic Equipier FDF FDF 1GANDROT L\u00e9o Equipier FDF FDF 1GARDIEN Nicolas Equipier FDF FDF 1GASPARD Julien Equipier FDF FDF 1GAUMONT Emmanuel Equipier FDF FDF 1GAUTHERON Gr\u00e9gory Equipier FDF FDF 1GAUTHEY Eric Equipier FDF FDF 1GAUTHIER Alain Equipier FDF FDF 1GAY Mailys Equipier FDF FDF 1GELINOTTE Steeve Equipier FDF FDF 1GEORGES Maxime Equipier FDF FDF 1GERMAIN Etienne Equipier FDF FDF 1GERVAIS Romain Equipier FDF FDF 1GIGLEUX Thibault Equipier FDF FDF 1GILLOT Adrien Equipier FDF FDF 1GIRARD Thibaut Equipier FDF FDF 1\nSDIS de C\u00f4te-d'Or - 21-2024-06-01-00002 - Liste Op\u00e9rationnelle Feu de For\u00eat 2024 modificatif n\u00b02 43\nNom Pr\u00e9nom'Emploi et activit\u00e9 compl\u00e9mentaireFormationGIRARDOT Fr\u00e9d\u00e9ric Equipier FDF FDF 1GIRARDOT Jonathan Equipier FDF FDF 1GOMES-MARTINS Baptiste Equipier FDF FDF 1GONCALVES Samuel Equipier FDF FDF 1GOUJON S\u00e9bastien Equipier FDF FDF 1GOUX Antonin Equipier FDF FDF 1GRAND Micka\u00ebl Equipier FDF FDF 1GRANGER Pascal Equipier FDF FDF 1GRILLON Lise Equipier FDF FDF 1GRIMAND Renaud Equipier FDF FDF 1GROSGOJAT Steven Equipier FDF FDF 1GUERIN David Equipier FDF FDF 1GUILLOU Valentin Equipier FDF FDF 1GUYOT Baptiste Equipier FDF FDF 1HASELBAUER Julien Equipier FDF FDF 1HENAULT Baptiste Equipier FDF FDF 1HOBENICHE Anthony Equipier FDF FDF 1HOFFERT Edwin Equipier FDF FDF 1HOSTALIER Antoine Equipier FDF FDF 1HUDELOT Thomas Equipier FDF FDF 1INTILIA Damien Equipier FDF FDF 1JARLAUD Maxime Equipier FDF FDF 1JOIE Romain Equipier FDF FDF 1JOMAS Eymeric Equipier FDF FDF 1KISSENBERGER Julien Equipier FDF FDF 1L'HOSTE J\u00e9r\u00f4me Equipier FDF FDF 1LABEAUNE Math\u00e9o Equipier FDF FDF 1LAGRANGE Thibaut Equipier FDF FDF 1LAMBERT Cl\u00e9ment Equipier FDF FDF 1LAMY Sylvain Equipier FDF FDF 1LARGEOT Adrien Equipier FDF FDF 1LAURENT Fabien Equipier FDF FDF 1LAURENT Micka\u00ebl Equipier FDF FDF 1LEBEUF Arthur Equipier FDF FDF 1LE CARO Ang\u00e9lique Equipier FDF FDF 1LE CARO Jordan Equipier FDF FDF 1LEDUCQ Coleen Equipier FDF FDF 1LERAT-JOBARD Baptiste Equipier FDF FDF 1LESSART Jonathan Equipier FDF FDF 1LIORET Christophe Equipier FDF FDF 1LONGOBUCCO Fran\u00e7ois Equipier FDF FDF 1LOPES Valentin Equipier FDF FDF 1LOUET Yann Equipier FDF FDF 1LUCAS K\u00e9vin Equipier FDF FDF 1MACHADO Damien Equipier FDF FDF 1MAGGIOTTO Laurent Equipier FDF FDF 1MAINGAULT Corentin Equipier FDF FDF 1MANCINI Christophe Equipier FDF FDF 1MANCINI Nicolas Equipier FDF FDF 1MANGEMATIN Amaury Equipier FDF FDF 1MARATRAY Brandon Equipier FDF FDF 1\nSDIS de C\u00f4te-d'Or - 21-2024-06-01-00002 - Liste Op\u00e9rationnelle Feu de For\u00eat 2024 modificatif n\u00b02 44\nNom Pr\u00e9nom Emploi et activit\u00e9 compl\u00e9mentaire FormationMARGOT Pierre Equipier FDF FDF 1MARTIN Alexis Equipier FDF FDF 1MARTIN Charlie Equipier FDF FDF 1MARZAK Amir Equipier FDF FDF 1MASSENOT Florian Equipier FDF FDF 1MATHON Oc\u00e9ane Equipier FDF FDF 1MAZUE Eddy Equipier FDF FDF 1MEGARD Brice Equipier FDF FDF 1MENAGE Christophe Equipier FDF FDF 1MERMAZ Emmanuel Equipier FDF FDF 1MEULNET Cyril Equipier FDF FDF 1MICHEL K\u00e9vin Equipier FDF FDF 1MIGNON Claude Equipier FDF FDF 1MIGNOT VERGEOT C\u00e9dric Equipier FDF FDF 1MIRESSI Nicolas Equipier FDF FDF 1MIRMONT Jonathan Equipier FDF FDF 1MISSET S\u00e9bastien Equipier FDF FDF 1MONVAILLIER Julien Equipier FDF FDF 1MOSSON Arnaud Equipier FDF FDF 1MOUCHOUX Maxime Equipier FDF FDF 1MOUREAUX Anthony Equipier FDF FDF 1MULLER Am\u00e9lie Equipier FDF FDF 1MUTEL Joris Equipier FDF FDF 1MUTEL Loic Equipier FDF FDF 1MUTIN Ludovic Equipier FDF FDF 1NAUDET S\u00e9bastien Equipier FDF FDF 1NAVAS-LOPEZ Axel Equipier FDF FDF 1NECTOUX Corentin Equipier FDF FDF 1NOEL Loic Equipier FDF FDF 1OPET Jonathan Equipier FDF FDF 1PACAUD-PEREIRA Mathieu Equipier FDF FDF 1PAINBLANC Steve Equipier FDF FDF 1PAPEZ Julien Equipier FDF FDF 1PARAT C\u00e9dric Equipier FDF FDF 1PARIS H\u00e9l\u00e9na Equipier FDF FDF 1PATOZ Camille Equipier FDF FDF 1PAYEBIN Alain Equipier FDF FDF 1PAYSAN Augustin Equipier FDF FDF 1PEROT Olivier Equipier FDF FDF 1PERRIN Vincent Equipier FDF FDF 1PETIT Jean-Bernard Equipier FDF FDF 1PETIT-PIZZOLO Anthonin Equipier FDF FDF 1PIATON Manuel Equipier FDF FDF 1PICARD J\u00e9r\u00e9my Equipier FDF FDF 1PIQUET Stefan Equipier FDF FDF 1PITOISET julien Equipier FDF FDF 1PLAGNIARD Hugo Equipier FDF FDF 1PLAISIER J\u00e9r\u00e9my Equipier FDF FDF 1POCHEVEUX Martial Equipier FDF FDF 1PORCHERAY Guillaume Equipier FDF FDF 1POUILLY Mathieu Equipier FDF FDF 1\nSDIS de C\u00f4te-d'Or - 21-2024-06-01-00002 - Liste Op\u00e9rationnelle Feu de For\u00eat 2024 modificatif n\u00b02 45\nNom Pr\u00e9nomEmploi et activit\u00e9 compl\u00e9mentaireFormationPOULLOT Maryne Equipier FDF FDF 1PRADO Micha\u00ebl Equipier FDF FDF 1PREIONI Christian Equipier FDF FDF 1QUELLIER Philippe Equipier FDF FDF 1QUENOT S\u00e9bastien Equipier FDF FDF 1RABUT Laurent Equipier FDF FDF 1RAGEAUD Nathan Equipier FDF FDF 1RAILLARD Quentin Equipier FDF FDF 1RAYMOND Sylvain Equipier FDF FDF 1REBOUL Simon Equipier FDF FDF 1REMOND Guillaume Equipier FDF FDF 1RENAUD David Equipier FDF FDF 1RENAUD Lucas Equipier FDF FDF 1RENGEL Teddy Equipier FDF FDF 1RIGOLOT Ga\u00e9l Equipier FDF FDF 1RIMBEAULT Thomas Equipier FDF FDF 1ROMERO ARANDIA Carlos Equipier FDF FDF 1ROSE Audric Equipier FDF FDF 1ROTH DIT BETTONI Guillaume Equipier FDF FDF 1ROUGEGREZ Thomas Equipier FDF FDF 1ROUHETTE Fr\u00e9d\u00e9ric Equipier FDF FDF 1ROUILLON Benjamin Equipier FDF FDF 1ROUILLON Philippe Equipier FDF FDF 1ROULOT Bertrand Equipier FDF FDF 1ROUSSILLON Mathieu Equipier FDF FDF 1ROYER Julien Equipier FDF FDF 1ROYER K\u00e9vin Equipier FDF FDF 1ROZOTTE Chlo\u00e9 Equipier FDF FDF 1SAPIN Philippe Equipier FDF FDF 1SARRAZIN Pauline Equipier FDF FDF 1SEURIOT Guillaume Equipier FDF FDF 1SEVESTRE J\u00e9r\u00e9my Equipier FDF FDF 1SILLY Pierre Equipier FDF FDF 1SILVESTRE Ethan Equipier FDF FDF 1SIMONOT Chlo\u00e9 Equipier FDF FDF 1SIMONOT Cl\u00e9ment Equipier FDF FDF 1SIVET Florent Equipier FDF FDF 1STALL Paul Equipier FDF FDF 1TARTERET Cindy Equipier FDF FDF 1TAUBATY Vincent Equipier FDF FDF 1TERRIER Nicolas Equipier FDF FDF 1TEYSSIER Anthony Equipier FDF 'FDF 1TILLET J\u00e9r\u00f4me Equipier FDF FDF 1TILLIER Arthur Equipier FDF FDF 1TOLLIS Anthony Equipier FDF FDF 1TOURDIAS Aur\u00e9lien Equipier FDF FDF 1TOURRIER Eva Equipier FDF FDF 1TOUSSAINT Rudy Equipier FDF FDF 1TRAME Romain Equipier FDF FDF 1TROUSSARD Nicolas Equipier FDF FDF 1TRUCHOT Yoan Equipier FDF FDF 1\nSDIS de C\u00f4te-d'Or - 21-2024-06-01-00002 - Liste Op\u00e9rationnelle Feu de For\u00eat 2024 modificatif n\u00b02 46\nNom Pr\u00e9nomEmploi et activit\u00e9 compl\u00e9mentaireFormationTURC Rapha\u00ebl Equipier FDF FDF 1VACHEROT Fr\u00e9d\u00e9ric Equipier FDF FDF 1VADOT Pierre Thierry Equipier FDF FDF 1VEFOND Sylvain Equipier FDF FDF 1VELLUET Ludovic Equipier FDF FDF 1VELTEN Tony Equipier FDF FDF 1VERSCHAEVE Ludwig Equipier FDF FDF 1VIGNEAU Anne-Claire Equipier FDF FDF 1VILLEGAS Baptiste Equipier FDF FDF 1VOILLEQUIN Venceslas Equipier FDF FDF 1VOINCHET Etienne Equipier FDF FDF 1VUILLERMOT Damien Equipier FDF FDF 1WIRIG J\u00e9r\u00f4me Equipier FDF FDF 1* R\u00e9f\u00e9rent de sp\u00e9cialit\u00e9 \u00ab lutte contre les feux de for\u00e9ts \u00bbArticle 2 : Seuls les sapeurs-pompiers aptes \u00e0 la constitution des colonnes mobiles de secours (CMS)inscrits sur la liste d\u00e9finie en article 1, sont susceptibles d'\u00eatre engag\u00e9s sur des interventions en colonnesmobiles de secours \u00ab feux de for\u00e9ts \u00bb.Article 3 : Le sous-pr\u00e9fet, directeur de cabinet, et le directeur d\u00e9partemental des services d'incendie et desecours sont charg\u00e9s, chacun en ce qui le concerne, de l'ex\u00e9cution du pr\u00e9sent arr\u00e9t\u00e9 qui sera publi\u00e9 aurecueil des actes administratifs de la pr\u00e9fecture de la Cote-d'Or.Dijon, le 0 1 JUIN 2024\nDirecteur de\nOlivler GERSTLE\nSDIS de C\u00f4te-d'Or - 21-2024-06-01-00002 - Liste Op\u00e9rationnelle Feu de For\u00eat 2024 modificatif n\u00b02 47","date":"2024-06-14","first_seen_on":"2025-09-14T12:36:31+00:00","id":"4a79106b14ea7ed80564da752f7eede985ff020900a4323b31b30194e309458e","name":"RAA n\u00b0 071 du 14 juin 2024","pdf_creation_date":"2024-06-14T13:56:13+00:00","pdf_modification_date":"2024-06-14T15:00:44+00:00","timezone":"Europe/Paris","url":"https://www.cote-dor.gouv.fr/contenu/telechargement/21560/165001/file/recueil-21-2024-071-recueil-des-actes-administratifs-special.pdf"}
