{"administration":"pref83","administration_name":"Pr\u00e9fecture du Var","content":"VAR\nRECUEIL DES ACTES\nADMINISTRATIFS\nN\u00b083-2024-301\nPUBLI\u00c9 LE 29 OCTOBRE 2024\nSommaire\nPr\u00e9fecture du VAR / Direction de la citoyennet\u00e9 et de la l\u00e9galit\u00e9\n83-2024-10-28-00001 - ARR\u00caT\u00c9 n\u00b0 DCL/BERG/2024/406 du 28 octobre\n2024 portant renouvellement d'agr\u00e9ment de la SARL\n\u00ab\u00a0L'ARCHIPEL\u00a0\u00bb,\nsise \u00e0 TOULON (83000), pour exercer\nl'activit\u00e9 de domiciliation d'entreprises. (2 pages) Page 3\nPr\u00e9fecture du VAR / Direction de la coordination des politiques publiques\net de l'appui territorial\n83-2024-10-29-00002 - ARR\u00caT\u00c9 PR\u00c9FECTORAL n\u00b0 2024/39/MCI du 29\noctobre 2024 portant d\u00e9l\u00e9gation de signature \u00e0 M. Jean-Baptiste\nMORINAUD, \nsecr\u00e9taire g\u00e9n\u00e9ral adjoint de la pr\u00e9fecture du Var,\nsous-pr\u00e9fet charg\u00e9 de mission aupr\u00e8s du pr\u00e9fet du Var, (4 pages) Page 6\n83-2024-10-29-00003 - ARR\u00caT\u00c9 PR\u00c9FECTORAL n\u00b0 2024/40/ MCI du 29\noctobre 2024 portant d\u00e9l\u00e9gation de signature \u00e0 M. Lucien\nGIUDICELLI, secr\u00e9taire g\u00e9n\u00e9ral de la pr\u00e9fecture du Var,\nsous-pr\u00e9fet de l'arrondissement de Toulon (3 pages) Page 11\n83-2024-10-29-00001 - ARR\u00caT\u00c9 PR\u00c9FECTORAL n\u00b02024/41/MCI du 29\noctobre 2024 portant d\u00e9l\u00e9gation de signature \u00e0 Mme Jos\u00e9phine\nGUIGLIANO-BOUTONNET, directrice de cabinet du pr\u00e9fet du Var (8\npages) Page 15\n2\nPr\u00e9fecture du VAR\n83-2024-10-28-00001\nARR\u00caT\u00c9 n\u00b0 DCL/BERG/2024/406 du 28 octobre\n2024 portant renouvellement d'agr\u00e9ment de la\nSARL \u00ab\u00a0L'ARCHIPEL\u00a0\u00bb,\nsise \u00e0 TOULON (83000), pour exercer l'activit\u00e9 de\ndomiciliation d'entreprises.\nPr\u00e9fecture du VAR - 83-2024-10-28-00001 - ARR\u00caT\u00c9 n\u00b0 DCL/BERG/2024/406 du 28 octobre 2024 portant renouvellement d'agr\u00e9ment\nde la SARL \u00ab\u00a0L'ARCHIPEL\u00a0\u00bb,\nsise \u00e0 TOULON (83000), pour exercer l'activit\u00e9 de domiciliation d'entreprises.3\n=m\nPREFET\nDU  VAR\nLibert\u00e9\nEgalit\u00e9\nFraternit\u00e9\nDirection de la citoyennet\u00e9 et de la l\u00e9galit\u00e9\nBureau des \u00e9lections et de la r\u00e9glementation g\u00e9n\u00e9rale\nARR\u00caT\u00c9 n\u00b0 DCL/BERG/202 4/406 du 28 octobre 2024\nportant renouvellement d'agr\u00e9ment de la SARL \u00ab L'ARCHIPEL \u00bb,\nsise \u00e0 TOULON (83000), pour exercer l'activit\u00e9 de domiciliation d'entreprises.\nLe Pr\u00e9fet du Var,\nVu  le  code  de  commerce,  notamment  ses  articles  L.  123-11-2  \u00e0  L.  123-11-5,  L.  123-11-7 ,  et  \nR. 123-166-1 et suivants ;\nVu le code mon\u00e9taire et financier, notamment ses articles L. 561-37 \u00e0 L. 561-43  et R. 561-39 et \nsuivants ;\nVu  le d\u00e9cret n\u00b0 2009-1535 du 10 d\u00e9cembre 2009 d\u00e9finissant les modalit\u00e9s de contr\u00f4le du  \nrespect  des  obligations  relatives  \u00e0  la  lutte  contre  le  blanchiment  de  capitaux  et  le  \nfinancement  du  terrorisme  par  les  personnes  mentionn\u00e9es  aux  8\u00b0,  9\u00b0  et  15\u00b0  de  l'article  \nL. 561-2 du code mon\u00e9taire et financier et relatif \u00e0 la commission nationale des sanctions  ;\nVu le d\u00e9cret du Pr\u00e9sident de la R\u00e9publique du 13 juillet 2023 portant nomination de Monsieur  \nPhilippe MAH\u00c9, pr\u00e9fet du Var  ;\nVu l'arr\u00eat\u00e9 du 12 novembre 2018 portant agr\u00e9ment de  la SAS \u00ab L'ARCHIPEL \u00bb, sise \u00e0 Toulon \n(83000), pour exercer l'activit\u00e9 de domiciliation d'entreprises  ;\nVu l'arr\u00eat\u00e9 pr\u00e9fectoral n\u00b0 2024/14/MCI du 12 avril 2024 portant d\u00e9l\u00e9gation de signature \u00e0  \nMonsieur  Lucien  GIUDICELLI,  secr\u00e9taire  g\u00e9n\u00e9ral  de  la  pr\u00e9fecture  du  Var,  sous-pr\u00e9fet  de  \nl'arrondissement de Toulon ;\nVu l'arr\u00eat\u00e9 pr\u00e9fectoral n\u00b0 2024/48/MCI du 22 octobre 2024 portant d\u00e9l\u00e9gation de signature \u00e0  \nMonsieur Thibaut DARGON, directeur de la citoyennet\u00e9 et de la l\u00e9galit\u00e9 de la pr\u00e9fecture du  \nVar ;\nVu la demande re\u00e7ue \u00e0 la pr\u00e9fecture du Var le 25 septembre 2024, par laquelle la  SARL \n\u00ab L'ARCHIPEL \u00bb, repr\u00e9sent\u00e9e par son g\u00e9rant Monsieur Nicolas POTIER , et dont le si\u00e8ge social  \nest situ\u00e9 31 rue Chevalier Paul \u00e0 Toulon (83000), demande le renouvellement de son agr\u00e9ment  \nafin d'exercer l'activit\u00e9 de domiciliation d'entreprises  ;\nConsid\u00e9rant que le dossier de la demande susvis\u00e9e comporte toutes les justifications requises  \npar la r\u00e9glementation ;\nSur proposition du secr\u00e9taire g\u00e9n\u00e9ral de la pr\u00e9fecture du Var,\n1/2\nPr\u00e9fecture du VAR - 83-2024-10-28-00001 - ARR\u00caT\u00c9 n\u00b0 DCL/BERG/2024/406 du 28 octobre 2024 portant renouvellement d'agr\u00e9ment\nde la SARL \u00ab\u00a0L'ARCHIPEL\u00a0\u00bb,\nsise \u00e0 TOULON (83000), pour exercer l'activit\u00e9 de domiciliation d'entreprises.4\nARR\u00caTE\nArticle 1 : La  SARL \u00ab L'ARCHIPEL \u00bb, repr\u00e9sent\u00e9e par son g\u00e9rant Monsieur Nicolas POTIER, et  \ndont le si\u00e8ge social est situ\u00e9 31 rue Chevalier Paul \u00e0 Toulon (83000) , est agr\u00e9\u00e9e pour exercer  \nl'activit\u00e9 de domiciliation d'entreprises.\nArticle  2 :  Cet  agr\u00e9ment  est  accord\u00e9,  pour  une  dur\u00e9e  de  six  ans ,  et  porte  le  num\u00e9ro  \nDE-83-2024-13.\nArticle 3 : Le pr\u00e9sent arr\u00eat\u00e9 prendra effet \u00e0 compter du 13 novembre 2024.\nArticle 4 : Le titulaire de cet agr\u00e9ment devra respecter les obligations relatives \u00e0 la lutte  \ncontre le blanchiment des capitaux et le financement du terrorisme pr\u00e9vues aux parties  \nl\u00e9gislatives et r\u00e9glementaires du code mon\u00e9taire et financier.\nArticle 5 : Tout changement substantiel concernant les donn\u00e9es principales de la soci\u00e9t\u00e9  \nindiqu\u00e9es dans le dossier de demande d'agr\u00e9ment initial devra \u00eatre d\u00e9clar\u00e9, dans un d\u00e9lai de  \ndeux mois, par ladite soci\u00e9t\u00e9 \u00e0 la pr\u00e9fecture du Var.\nArticle 6 : Le secr\u00e9taire g\u00e9n\u00e9ral de la pr\u00e9fecture est charg\u00e9 de l'ex\u00e9cution du pr\u00e9sent arr\u00eat\u00e9  \nqui sera publi\u00e9 au recueil des actes administratifs de la pr\u00e9fecture du Var.\nFait \u00e0 Toulon, le 28 octobre 2024\nPour le pr\u00e9fet et par d\u00e9l\u00e9gation,\nl'adjoint au directeur \nde la citoyennet\u00e9 et de la l\u00e9galit\u00e9\nSign\u00e9 : Lionel GARENTE\nDans un d\u00e9lai de deux mois \u00e0 compter de la date de notification du pr\u00e9sent arr\u00eat\u00e9, les recours suivants peuvent \u00eatre introduits  \nconform\u00e9ment aux dispositions des articles R. 421-1 et suivants du code de justice administrative :\n- un recours gracieux, adress\u00e9 \u00e0 : M. le pr\u00e9fet du Var \u2013 Bd du 112 \u00e8me r\u00e9giment d'infanterie- CS 31209 - 83070 TOULON CEDEX\nDans ce cas, le silence de l'administration vaut rejet implicite au terme d'un d\u00e9lai de deux mois.\nApr\u00e8s un recours gracieux ou hi\u00e9rarchique, le d\u00e9lai du recours contentieux ne court qu'\u00e0 compter du rejet explicite ou implicite  \nde l'un des recours.\n- un recours contentieux, en saisissant le Tribunal Administratif de Toulon  : 5 rue Racine -BP 40510 - 83  041 TOULON CEDEX 9\nLe tribunal administratif peut \u00eatre saisi par l'application informatique \u00ab  T\u00e9l\u00e9recours citoyens \u00bb accessible par le site internet  \n\u00ab www.telerecours.fr \u00bb.\n2/2Pr\u00e9fecture du VAR - 83-2024-10-28-00001 - ARR\u00caT\u00c9 n\u00b0 DCL/BERG/2024/406 du 28 octobre 2024 portant renouvellement d'agr\u00e9ment\nde la SARL \u00ab\u00a0L'ARCHIPEL\u00a0\u00bb,\nsise \u00e0 TOULON (83000), pour exercer l'activit\u00e9 de domiciliation d'entreprises.5\nPr\u00e9fecture du VAR\n83-2024-10-29-00002\nARR\u00caT\u00c9 PR\u00c9FECTORAL n\u00b0 2024/39/MCI du 29\noctobre 2024 portant d\u00e9l\u00e9gation de signature \u00e0\nM. Jean-Baptiste MORINAUD, \nsecr\u00e9taire g\u00e9n\u00e9ral adjoint de la pr\u00e9fecture du\nVar, sous-pr\u00e9fet charg\u00e9 de mission aupr\u00e8s du\npr\u00e9fet du Var,\nPr\u00e9fecture du VAR - 83-2024-10-29-00002 - ARR\u00caT\u00c9 PR\u00c9FECTORAL n\u00b0 2024/39/MCI du 29 octobre 2024 portant d\u00e9l\u00e9gation de\nsignature \u00e0 M. Jean-Baptiste MORINAUD, \nsecr\u00e9taire g\u00e9n\u00e9ral adjoint de la pr\u00e9fecture du Var, sous-pr\u00e9fet charg\u00e9 de mission aupr\u00e8s du pr\u00e9fet du Var,6\n=m\nPREFET\nDU  VAR\nLibert\u00e9\nEgalit\u00e9\nFraternit\u00e9\nDirection de la coordination des politiques publiques\net de l'appui territorial\nMission de coordination interminist\u00e9rielle\nARR\u00caT\u00c9 PR\u00c9FECTORAL n\u00b0 2024/39/MCI du 29 octobre 2024\nportant d\u00e9l\u00e9gation de signature \u00e0 M. Jean-Baptiste MORINAUD , \nsecr\u00e9taire g\u00e9n\u00e9ral adjoint de la pr\u00e9fecture du Var,\nsous-pr\u00e9fet charg\u00e9 de mission aupr\u00e8s du pr\u00e9fet du Var,\nLe Pr\u00e9fet du Var,\nOfficier de la L\u00e9gion d'Honneur,\nVu la loi n\u00b0 82-213 du 2 mars 1982 modifi\u00e9e, relative aux droits et libert\u00e9s des communes, des  \nd\u00e9partements et des r\u00e9gions  ;\nVu la loi n\u00b0 83-8 du 7 janvier 1983 modifi\u00e9e, relative \u00e0 la r\u00e9partition des comp\u00e9tences entre les  \ncommunes, les d\u00e9partements, les r\u00e9gions et l'\u00c9tat  ;\nVu  la  loi  d'orientation  n\u00b0  92-125  du  6  f\u00e9vrier  1992  modifi\u00e9e  relative  \u00e0  l'administration  \nterritoriale de la R\u00e9publique ;\nVu la loi n\u00b0 2004-809 du 13 ao\u00fbt 2004 modifi\u00e9e relative aux libert\u00e9s et responsabilit\u00e9s locales  ;\nVu le d\u00e9cret n\u00b0 97-34 du 15 janvier 1997 modifi\u00e9 relatif \u00e0 la d\u00e9concentration des d\u00e9cisions  \nadministratives individuelles  ;\nVu  le  d\u00e9cret  n\u00b0  2004-374  du  29  avril  2004  modifi\u00e9  relatif  aux  pouvoirs  des  pr\u00e9fets,  \u00e0  \nl'organisation et \u00e0 l'action des services de l'\u00c9tat dans les r\u00e9gions et d\u00e9partements  ;\nVu le d\u00e9cret n\u00b0 2015-510 du 7 mai 2015 portant charte de la d\u00e9concentration  ;\nVu la circulaire n\u00b06344/SG du 20 avril 2022 relative \u00e0 la mise en \u0153uvre territoriale du plan de  \nr\u00e9silience \u00e9conomique et sociale  ;\nVu la circulaire n\u00b06375/SG du 6 octobre 2022 relative \u00e0 la mise en \u0153uvre de la politique  \ninterminist\u00e9rielle pour l'inclusion des personnes handicap\u00e9es  ;\nVu la circulaire n\u00b06389/SG du 12 janvier 2023 relative aux modalit\u00e9s d'un accompagnement  \nrenforc\u00e9  au  plan  d\u00e9partemental  des  projets  France  2030  et  d'implantation  d'activit\u00e9s  \nindustrielles et logistiques  ;\nVu  le  d\u00e9cret  du  Pr\u00e9sident  de  la  R\u00e9publique  du  12  avril  2022  portant  nomination  de  \nM.  Lucien  GIUDICELLI,  secr\u00e9taire  g\u00e9n\u00e9ral  de  la  pr\u00e9fecture  du  Var,  sous-pr\u00e9fet  de  \nl'arrondissement de Toulon  ;\nPr\u00e9fecture du Var - Bd du 112\u00e8me R\u00e9giment d'Infanterie - CS 31 209 - 83070 TOULON CEDEX\nStandard t\u00e9l\u00e9phonique : 04 94 18 83 83 \u2013 Horaires d'ouverture et modalit\u00e9s d'accueil sur le portail Internet : www.var.gouv.fr\n1/4\nPr\u00e9fecture du VAR - 83-2024-10-29-00002 - ARR\u00caT\u00c9 PR\u00c9FECTORAL n\u00b0 2024/39/MCI du 29 octobre 2024 portant d\u00e9l\u00e9gation de\nsignature \u00e0 M. Jean-Baptiste MORINAUD, \nsecr\u00e9taire g\u00e9n\u00e9ral adjoint de la pr\u00e9fecture du Var, sous-pr\u00e9fet charg\u00e9 de mission aupr\u00e8s du pr\u00e9fet du Var,7\nVu le  d\u00e9cret  du  Pr\u00e9sident  de  la  R\u00e9publique  du  13  juillet  2023  portant  nomination  de  \nM. Philippe MAHE, pr\u00e9fet du Var ;\nVu le d\u00e9cret du Pr\u00e9sident de la R\u00e9publique du  21 septembre 2024 portant nomination de  \nM. Jean-Baptiste MORINAUD, secr\u00e9taire g\u00e9n\u00e9ral adjoint de la pr\u00e9fecture du Var, sous-pr\u00e9fet  \ncharg\u00e9 de mission aupr\u00e8s du pr\u00e9fet du Var  ;\nVu l'arr\u00eat\u00e9 pr\u00e9fectoral n\u00b02023/48/MCI du 21 ao\u00fbt 2023 portant d\u00e9l\u00e9gation de signature \u00e0  \nMme Agn\u00e8s BONJEAN, sous-pr\u00e9f\u00e8te charg\u00e9e de mission aupr\u00e8s du pr\u00e9fet du Var, secr\u00e9taire  \ng\u00e9n\u00e9rale adjointe de la pr\u00e9fecture du Var  ;\nVu l'arr\u00eat\u00e9 pr\u00e9fectoral n\u00b02024/03/MCI du 19 f\u00e9vrier 2024 portant organisation de la pr\u00e9fecture  \ndu Var ;\nSur proposition du secr\u00e9taire g\u00e9n\u00e9ral de la pr\u00e9fecture du Var  ;\nARR\u00caTE :\nARTICLE      1  er   :   M. Jean-Baptiste MORINAUD , secr\u00e9taire g\u00e9n\u00e9ral adjoint de la pr\u00e9fecture du Var,  \nsous-pr\u00e9fet  charg\u00e9  de  mission  aupr\u00e8s  du  pr\u00e9fet  du  Var,  assiste  le  pr\u00e9fet  pour  toutes  les  \nmissions relevant de la politique de la ville, de l'\u00e9galit\u00e9 des chances, de la lutte contre les  \ndiscriminations, le racisme et l'antis\u00e9mitisme. Il  exerce les missions relatives \u00e0 l'asile en lien  \ndirect avec le secr\u00e9taire g\u00e9n\u00e9ral de la pr\u00e9fecture du Var.  \nAu titre de la politique de la ville, il est notamment charg\u00e9 d'animer et de coordonner les  \ndispositifs de l'\u00c9tat dans les domaines de la r\u00e9novation urbaine, du logement, de l'emploi et \ndu d\u00e9veloppement \u00e9conomique, de la formation professionnelle et  des aides aux entreprises .\nDans le cadre des missions de coh\u00e9sion sociale, il est notamment charg\u00e9 d'animer et de  \ncoordonner les dispositifs de l'\u00c9tat  dans les domaines de l'h\u00e9bergement, de  l'insertion par \nl'activit\u00e9 \u00e9conomique, de l'acc\u00e8s \u00e0 la citoyennet\u00e9 et de la lutte contre les exclusions.\nM.  Jean-Baptiste  MORINAUD  est  d\u00e9sign\u00e9  sous-pr\u00e9fet  r\u00e9f\u00e9rent  d\u00e9partemental,  pour  les  \nmissions suivantes  :\n\u2022le handicap et l'inclusion  ;\n\u2022l'accueil des r\u00e9fugi\u00e9s  ;\n\u2022valeurs de la r\u00e9publique et la\u00efcit\u00e9  ;\n\u2022la lutte contre l'habitat indigne  ;\n\u2022le plan de r\u00e9silience \u00e9conomique et sociale \u00a0;\n\u2022France 2030 et l'acc\u00e9l\u00e9ration des projets industriels.\nARTICLE 2 : D\u00e9l\u00e9gation de signature est donn\u00e9e \u00e0  M. Jean-Baptiste MORINAUD \u00e0  l'effet  de \nsigner,  tous  actes,  arr\u00eat\u00e9s,  d\u00e9cisions,  correspo ndances  et  documents  administratifs  \nconcernant, dans le d\u00e9partement du Var, les domaines suivants  :\n\u2022la mise en \u0153uvre de la politique de la ville, et notamment les  conventions portant \nattribution  de  subvention  de  fonctionnement  de  l'\u00c9tat  d'un  montant  sup\u00e9rieur  \u00e0  \nPr\u00e9fecture du Var - Bd du 112\u00e8me R\u00e9giment d'Infanterie - CS 31 209 - 83070 TOULON CEDEX\nStandard t\u00e9l\u00e9phonique : 04 94 18 83 83 \u2013 Horaires d'ouverture et modalit\u00e9s d'accueil sur le portail Internet : www.var.gouv.fr\n2/4Pr\u00e9fecture du VAR - 83-2024-10-29-00002 - ARR\u00caT\u00c9 PR\u00c9FECTORAL n\u00b0 2024/39/MCI du 29 octobre 2024 portant d\u00e9l\u00e9gation de\nsignature \u00e0 M. Jean-Baptiste MORINAUD, \nsecr\u00e9taire g\u00e9n\u00e9ral adjoint de la pr\u00e9fecture du Var, sous-pr\u00e9fet charg\u00e9 de mission aupr\u00e8s du pr\u00e9fet du Var,8\n50 000 \u20ac, ainsi que les d\u00e9cisions de subventions d'investissement quel qu'en soit  le \nmontant ;\n\u2022la pr\u00e9vention de l'exclusion et l'insertion des personnes vuln\u00e9rables, e t notamment les \nconventions  portant  attribution  de  subvention  de  fonctionnement  de  l'\u00c9tat,  d'un  \nmontant sup\u00e9rieur \u00e0 50 000 \u20ac, ainsi que les d\u00e9cisions de subventions d'investissement  \nquel qu'en soit le montant  ;\n\u2022la r\u00e9novation urbaine  ;\n\u2022l'\u00e9galit\u00e9 des chances  ;\n\u2022la lutte contre les discriminations, le racisme et l'antis\u00e9mitisme  ;\n\u2022les valeurs de la R\u00e9publique et la la\u00efcit\u00e9  ;\n\u2022l'int\u00e9gration des populations immigr\u00e9es  ;\n\u2022la lutte contre l'habitat indigne et notamment toutes d\u00e9cisions mettant en \u0153uvre les  \npouvoirs de police sp\u00e9ciale du pr\u00e9fet dans ce domaine  ;\n\u2022le handicap et l'inclusion.\nARTICLE  3  : M.  Jean-Baptiste  MORINAUD  est  habilit\u00e9  \u00e0  signer  les  actes  relatifs  au  \nfonctionnement et aux avis ou d\u00e9cisions des commissions administratives dont il assure la  \npr\u00e9sidence \u00e0 la demande du pr\u00e9fet. \nARTICLE 4     :   Lorsque M. Jean-Baptiste MORINAUD  assure le service institu\u00e9 conform\u00e9ment \u00e0  \nl'ordre des permanences fix\u00e9 par le pr\u00e9fet, d\u00e9l\u00e9gation sp\u00e9ciale lui est alors accord\u00e9e \u00e0 l'effet  \nde  signer,  pour  l'ensemble  du  d\u00e9partement,  toute  d\u00e9cision  n\u00e9cessit\u00e9e  par  une  situation  \nd'urgence, notamment  :\n\u2022les d\u00e9cisions de suspension provisoire imm\u00e9diate des permis de conduire  ;\n\u2022les mesures d'\u00e9loignement relevant de la comp\u00e9tence du repr\u00e9sentant de l'\u00c9tat  \ndans le d\u00e9partement et concernant les \u00e9trangers s\u00e9journant irr\u00e9guli\u00e8rement sur le  \nterritoire  fran\u00e7ais  et  les  d\u00e9cisions  de  placement  en  r\u00e9tention  administrative  ou  \nd'assignation \u00e0 r\u00e9sidence des \u00e9trangers objet de ces mesures, prises en application  \ndes dispositions du code de l'entr\u00e9e et du s\u00e9jour des \u00e9trangers et du droit d'asile  \n(CESEDA) ;\n\u2022tout  courrier  relatif  aux  proc\u00e9dures  d'\u00e9loignement  concernant  les  \u00e9trangers  \ns\u00e9journant  irr\u00e9guli\u00e8rement  sur  le  territoire  fran\u00e7ais,  y  compris  toute  requ\u00eate  \nadress\u00e9e aux juridictions en mati\u00e8re de r\u00e9tention administrative, notamment au  \njuge des libert\u00e9s et de la d\u00e9tention en application des articles L 552-1 \u00e0 L 552-8 du  \nCESEDA, en vue d'obtenir la prolongation de la r\u00e9tention administrative  ;\n\u2022la d\u00e9livrance de passeports et de titres d'identit\u00e9  ;\n\u2022les arr\u00eat\u00e9s pronon\u00e7ant l'admission sans consentement en soins psychiatriques des  \npersonnes dont les troubles mentaux n\u00e9cessitent des soins et compromettent la  \ns\u00fbret\u00e9 des personnes ou portent atteinte, de fa\u00e7on grave, \u00e0 l'ordre public ainsi que  \nles oppositions aux demandes d'autorisation de sortie de courte dur\u00e9e prises en  \napplication de l'article L 3211-11-1 du code de la sant\u00e9 publique  ;\n\u2022les autorisations de transport de corps en dehors du territoire m\u00e9tropolitain  ;\n\u2022les gardes statiques et escortes de d\u00e9tenus.\nD\u00e9l\u00e9gation lui est \u00e9galement donn\u00e9e pour signer toute r\u00e9quisition, toute requ\u00eate ou tout  \nm\u00e9moire  aupr\u00e8s  des  juridictions,  notamment  en  mati\u00e8re  de  r\u00e9tention  administrative,  \u00e0  \nl'exclusion des d\u00e9clinatoires de comp\u00e9tence et arr\u00eat\u00e9s de conflit.\nPr\u00e9fecture du Var - Bd du 112\u00e8me R\u00e9giment d'Infanterie - CS 31 209 - 83070 TOULON CEDEX\nStandard t\u00e9l\u00e9phonique : 04 94 18 83 83 \u2013 Horaires d'ouverture et modalit\u00e9s d'accueil sur le portail Internet : www.var.gouv.fr\n3/4Pr\u00e9fecture du VAR - 83-2024-10-29-00002 - ARR\u00caT\u00c9 PR\u00c9FECTORAL n\u00b0 2024/39/MCI du 29 octobre 2024 portant d\u00e9l\u00e9gation de\nsignature \u00e0 M. Jean-Baptiste MORINAUD, \nsecr\u00e9taire g\u00e9n\u00e9ral adjoint de la pr\u00e9fecture du Var, sous-pr\u00e9fet charg\u00e9 de mission aupr\u00e8s du pr\u00e9fet du Var,9\nARTICLE  5  : L'arr\u00eat\u00e9  pr\u00e9fectoral  n\u00b02023/48/MCI  du  21  ao\u00fbt  2023  portant  d\u00e9l\u00e9gation  de  \nsignature \u00e0  Mme Agn\u00e8s BONJEAN, sous-pr\u00e9f\u00e8te charg\u00e9e de mission aupr\u00e8s du pr\u00e9fet du Var,  \nsecr\u00e9taire g\u00e9n\u00e9rale adjointe de la pr\u00e9fecture du Var, est abrog\u00e9.\nARTICLE 6     :   Le secr\u00e9taire g\u00e9n\u00e9ral de la pr\u00e9fecture du Var et le secr\u00e9taire g\u00e9n\u00e9ral adjoint de la  \npr\u00e9fecture du Var ,\u00a0sous-pr\u00e9fet charg\u00e9 de mission aupr\u00e8s du Pr\u00e9fet,  sont charg\u00e9s, chacun en  \nce qui le concerne, de l'ex\u00e9cution du pr\u00e9sent arr\u00eat\u00e9  qui sera publi\u00e9 au recueil des actes  \nadministratifs de la pr\u00e9fecture du Var. \nFait \u00e0 Toulon, le 29 octobre 2024\nLe pr\u00e9fet du Var\nSign\u00e9\nPhilippe MAH\u00c9 \nPr\u00e9fecture du Var - Bd du 112\u00e8me R\u00e9giment d'Infanterie - CS 31 209 - 83070 TOULON CEDEX\nStandard t\u00e9l\u00e9phonique : 04 94 18 83 83 \u2013 Horaires d'ouverture et modalit\u00e9s d'accueil sur le portail Internet : www.var.gouv.fr\n4/4Pr\u00e9fecture du VAR - 83-2024-10-29-00002 - ARR\u00caT\u00c9 PR\u00c9FECTORAL n\u00b0 2024/39/MCI du 29 octobre 2024 portant d\u00e9l\u00e9gation de\nsignature \u00e0 M. Jean-Baptiste MORINAUD, \nsecr\u00e9taire g\u00e9n\u00e9ral adjoint de la pr\u00e9fecture du Var, sous-pr\u00e9fet charg\u00e9 de mission aupr\u00e8s du pr\u00e9fet du Var,10\nPr\u00e9fecture du VAR\n83-2024-10-29-00003\nARR\u00caT\u00c9 PR\u00c9FECTORAL n\u00b0 2024/40/ MCI du 29\noctobre 2024 portant d\u00e9l\u00e9gation de signature \u00e0\nM. Lucien GIUDICELLI, secr\u00e9taire g\u00e9n\u00e9ral de la\npr\u00e9fecture du Var, sous-pr\u00e9fet de\nl'arrondissement de Toulon\nPr\u00e9fecture du VAR - 83-2024-10-29-00003 - ARR\u00caT\u00c9 PR\u00c9FECTORAL n\u00b0 2024/40/ MCI du 29 octobre 2024 portant d\u00e9l\u00e9gation de\nsignature \u00e0 M. Lucien GIUDICELLI, secr\u00e9taire g\u00e9n\u00e9ral de la pr\u00e9fecture du Var, sous-pr\u00e9fet de l'arrondissement de Toulon 11\n=m\nPREFET\nDU  VAR\nLibert\u00e9\nEgalit\u00e9\nFraternit\u00e9\nDirection de la coordination des politiques publiques\net de l'appui territorial\nMission de coordination interminist\u00e9rielle\nARR\u00caT\u00c9 PR\u00c9FECTORAL n\u00b0 2024/40 / MCI du 29 octobre 2024\nportant d\u00e9l\u00e9gation de signature \u00e0 M. Lucien GIUDICELLI,\nsecr\u00e9taire g\u00e9n\u00e9ral de la pr\u00e9fecture du Var,\nsous-pr\u00e9fet de l'arrondissement de Toulon\nLe Pr\u00e9fet du Var,\nOfficier de la L\u00e9gion d'Honneur,\nVu la loi n\u00b0 82-213 du 2 mars 1982 modifi\u00e9e relative aux droits et libert\u00e9s des communes, des  \nd\u00e9partements et des r\u00e9gions  ;\nVu la loi n\u00b0 83-8 du 7 janvier 1983 modifi\u00e9e, relative \u00e0 la r\u00e9partition des comp\u00e9tences entre les  \ncommunes, les d\u00e9partements, les r\u00e9gions et l'\u00c9tat  ;\nVu  la  loi  d'orientation  n\u00b0  92-125  du  6  f\u00e9vrier  1992  modifi\u00e9e  relative  \u00e0  l'administration  \nterritoriale de la R\u00e9publique  ;\nVu la loi n\u00b0 2004-809 du 13 ao\u00fbt 2004 modifi\u00e9e relative aux libert\u00e9s et responsabilit\u00e9s locales  ;\nVu le  d\u00e9cret  n\u00b0  97-34  du  15  janvier  1997  relatif  \u00e0  la  d\u00e9concentration  des  d\u00e9cisions  \nadministratives individuelles  ;\nVu le  d\u00e9cret  n\u00b0  2004-374  du  29  avril  2004  modifi\u00e9  relatif  aux  pouvoirs  des  pr\u00e9fets,  \u00e0  \nl'organisation et \u00e0 l'action des services de l'\u00c9tat dans les r\u00e9gions et d\u00e9partements  ;\nVu le d\u00e9cret n\u00b0 2015-510 du 7 mai 2015 portant charte de la d\u00e9concentration  ;\nVu le d\u00e9cret du Pr\u00e9sident de la R\u00e9publique du 15 avril 2022 portant nomination de M. Lucien  \nGIUDICELLI, secr\u00e9taire g\u00e9n\u00e9ral de la pr\u00e9fecture du Var, sous-pr\u00e9fet de l'arrondissement de  \nToulon ;\nVu  le  d\u00e9cret  du  Pr\u00e9sident  de  la  R\u00e9publique  du  6  juillet  2023  portant  nomination  de  \nMme Myriam GARCIA, sous-pr\u00e9f\u00e8te de l'arrondissement de Draguignan  ;\nVu  le  d\u00e9cret  du  Pr\u00e9sident  de  la  R\u00e9publique  du  13  juillet  2023  portant  nomination  de  \nM. Philippe MAHE, pr\u00e9fet du Var  ;\nVu  le  d\u00e9cret  du  Pr\u00e9sident  de  la  R\u00e9publique  du  3  avril  2024  portant  nomination  de  \nMme Jos\u00e9phine GUIGLIANO-BOUTONNET, sous-pr\u00e9f\u00e8te, directrice de cabinet du pr\u00e9fet du  \nVar ;\nVu le d\u00e9cret du Pr\u00e9sident de la R\u00e9publique du 21 septembre  2024 portant nomination de  \nM. Jean-Baptiste MORINAUD, secr\u00e9taire g\u00e9n\u00e9ral adjoint de la pr\u00e9fecture du Var, sous-pr\u00e9fet  \ncharg\u00e9 de mission aupr\u00e8s du pr\u00e9fet du Var,  ;\n1/3\nPr\u00e9fecture du VAR - 83-2024-10-29-00003 - ARR\u00caT\u00c9 PR\u00c9FECTORAL n\u00b0 2024/40/ MCI du 29 octobre 2024 portant d\u00e9l\u00e9gation de\nsignature \u00e0 M. Lucien GIUDICELLI, secr\u00e9taire g\u00e9n\u00e9ral de la pr\u00e9fecture du Var, sous-pr\u00e9fet de l'arrondissement de Toulon 12\nVu l'arr\u00eat\u00e9 pr\u00e9fectoral n\u00b02024/03/MCI du 19 f\u00e9vrier 2024 portant organisation de la pr\u00e9fecture  \ndu Var ;\nVu  l'arr\u00eat\u00e9  pr\u00e9fectoral  n\u00b02024/14/MCI  du  12  avril  2024  portant  d\u00e9l\u00e9gation  de  signature  \u00e0  \nM.  Lucien  GIUDICELLI,  secr\u00e9taire  g\u00e9n\u00e9ral  de  la  pr\u00e9fecture  du  Var,  sous-pr\u00e9fet  de  \nl'arrondissement de Toulon  ;\nVu l'arr\u00eat\u00e9 pr\u00e9fectoral n\u00b02024/37/MCI du 25 septembre 2024 portant d\u00e9l\u00e9gation de signature  \n\u00e0 Mme Myriam GARCIA, sous-pr\u00e9f\u00e8te de l'arrondissement de Draguignan, assurant l'int\u00e9rim  \ndu sous-pr\u00e9fet de l'arrondissement de Brignoles  ;\nSur proposition du secr \u00e9taire g\u00e9n\u00e9ral de la pr\u00e9fecture du Var  ;\nARRETE :\nARTICLE 1er : Sans pr\u00e9judice des dispositions de l'article 45 du d\u00e9cret n\u00b02004-374 du 29 avril  \n2004 susvis\u00e9 relatif aux comp\u00e9tences du secr\u00e9taire g\u00e9n\u00e9ral de la pr\u00e9fecture en cas d'absence  \nou d'emp\u00eachement du pr\u00e9fet, d\u00e9l\u00e9gation de signature est donn\u00e9e \u00e0 M. Lucien GIUDICELLI,  \nsecr\u00e9taire g\u00e9n\u00e9ral de la pr\u00e9fecture du Var, sous-pr\u00e9fet de l'arrondissement Toulon, \u00e0 l'effet de  \nsigner : \n- tous actes, d\u00e9cisions, recours juridictionnels,  saisines juridictionnelles notamment en mati\u00e8re  \nde police des \u00e9trangers  ;\n- tous arr\u00eat\u00e9s, dont notamment les arr\u00eat\u00e9s portant placement en r\u00e9tention administrative et  \nm\u00e9moires s'y rapportant  ;\n- toutes demandes de prolongation de r\u00e9tention et m\u00e9moires en d\u00e9fense adress\u00e9s au juge des  \nlibert\u00e9s  et  de  la  d\u00e9tention,  ainsi  que  toutes  requ\u00eates  en  appel,  d\u00e9f\u00e9r\u00e9s  et  m\u00e9moires  en  \nd\u00e9fense produits aupr\u00e8s des juridictions comp\u00e9tentes  ;\n- tous circulaires, rapports, correspondances et documents relevant des attributions de l'\u00c9tat  \ndans le d\u00e9partement du Var, notamment en ce qui concerne les mati\u00e8res int\u00e9ressant plusieurs  \nchefs de services d\u00e9partementaux des administrations de l'\u00c9tat.\nM. Lucien GIUDICELLI, secr\u00e9taire g\u00e9n\u00e9ral de la pr\u00e9fecture du Var, est en outre charg\u00e9 de  \nl'administration de l'arrondissement de Toulon.\nSont exclus du champ de la pr\u00e9sente d\u00e9l\u00e9gation de signature  :\n\u2022les d\u00e9clinatoires de comp\u00e9tence et les arr\u00eat\u00e9s de conflit  ;\n\u2022la r\u00e9quisition du comptable public  ;\n\u2022les actes pour lesquels une d\u00e9l\u00e9gation a \u00e9t\u00e9 conf\u00e9r\u00e9e \u00e0 un chef de service de l'\u00c9tat  \ndans le d\u00e9partement.\nARTICLE 2 : En cas d'absence ou d'emp\u00eachement de M. Lucien GIUDICELLI, la d\u00e9l\u00e9gation qui  \nlui est conf\u00e9r\u00e9e par l'article 1er du pr\u00e9sent arr\u00eat\u00e9 est exerc\u00e9e par M. Jean-Baptiste MORINAUD,  \nsecr\u00e9taire g\u00e9n\u00e9ral adjoint de la pr\u00e9fecture du Var,  sous-pr\u00e9fet charg\u00e9 de mission aupr\u00e8s du  \npr\u00e9fet  du  Var,  ou,  en  cas  d'absence  ou  d'emp\u00eachement  de  celui-ci,  par  \nMme Jos\u00e9phine GUIGLIANO-BOUTONNET, directrice de cabinet du pr\u00e9fet du Var.\n                                                                                                                                                                                                                                2/3Pr\u00e9fecture du VAR - 83-2024-10-29-00003 - ARR\u00caT\u00c9 PR\u00c9FECTORAL n\u00b0 2024/40/ MCI du 29 octobre 2024 portant d\u00e9l\u00e9gation de\nsignature \u00e0 M. Lucien GIUDICELLI, secr\u00e9taire g\u00e9n\u00e9ral de la pr\u00e9fecture du Var, sous-pr\u00e9fet de l'arrondissement de Toulon 13\nEn  cas  d'absence  ou  d'emp\u00eachement  simultan\u00e9  de  M.  Lucien  GIUDICELLI,  de  \nM. Jean-Baptiste MORINAUD et de Mme Jos\u00e9phine GUIGLIANO-BOUTONNET, la d\u00e9l\u00e9gation  \n\u00e9nonc\u00e9e \u00e0 l'article 1er du pr\u00e9sent arr\u00eat\u00e9 est exerc\u00e9e par Mme Myriam GARCIA, sous-pr\u00e9f\u00e8te de  \nl'arrondissement de Draguignan et charg\u00e9e de l'int\u00e9rim du sous-pr\u00e9fet de l'arrondissement de  \nBrignoles.\nARTICLE  3  : L'arr\u00eat\u00e9  pr\u00e9fectoral  n\u00b02024/14/MCI  du  12  avril  2024  portant  d\u00e9l\u00e9gation  de  \nsignature \u00e0 M. Lucien GIUDICELLI, secr\u00e9taire g\u00e9n\u00e9ral de la pr\u00e9fecture du Var, sous-pr\u00e9fet de  \nl'arrondissement de Toulon est abrog\u00e9.\nARTICLE 4 :  Le secr\u00e9taire g\u00e9n\u00e9ral de la pr\u00e9fecture, la directrice de cabinet du pr\u00e9fet,  le \nsecr\u00e9taire g\u00e9n\u00e9ral adjoint de la pr\u00e9fecture du Var, sous-pr\u00e9fet charg\u00e9 de mission aupr\u00e8s du  \npr\u00e9fet et la sous-pr\u00e9f\u00e8te de l'arrondissement de  Draguignan, charg\u00e9e de l'int\u00e9rim du sous-\npr\u00e9fet  de  l'arrondissement  de  Brignoles,  sont  charg\u00e9s,  chacun  en  ce  qui  le  concerne,  de  \nl'ex\u00e9cution  du  pr\u00e9sent  arr\u00eat\u00e9  qui  sera  publi\u00e9  au  recueil  des  actes  administratifs  de  la  \npr\u00e9fecture du Var.\nToulon, le 29 octobre 2024\n                                                        Le Pr\u00e9fet du Var\n                                      Sign\u00e9\n                                                                                                  Philippe MAH\u00c9  \n3/3Pr\u00e9fecture du VAR - 83-2024-10-29-00003 - ARR\u00caT\u00c9 PR\u00c9FECTORAL n\u00b0 2024/40/ MCI du 29 octobre 2024 portant d\u00e9l\u00e9gation de\nsignature \u00e0 M. Lucien GIUDICELLI, secr\u00e9taire g\u00e9n\u00e9ral de la pr\u00e9fecture du Var, sous-pr\u00e9fet de l'arrondissement de Toulon 14\nPr\u00e9fecture du VAR\n83-2024-10-29-00001\nARR\u00caT\u00c9 PR\u00c9FECTORAL n\u00b02024/41/MCI du 29\noctobre 2024 portant d\u00e9l\u00e9gation de signature \u00e0\nMme Jos\u00e9phine GUIGLIANO-BOUTONNET,\ndirectrice de cabinet du pr\u00e9fet du Var\nPr\u00e9fecture du VAR - 83-2024-10-29-00001 - ARR\u00caT\u00c9 PR\u00c9FECTORAL n\u00b02024/41/MCI du 29 octobre 2024 portant d\u00e9l\u00e9gation de signature\n\u00e0 Mme Jos\u00e9phine GUIGLIANO-BOUTONNET, directrice de cabinet du pr\u00e9fet du Var 15\n=m\nPREFET\nDU  VAR\nLibert\u00e9\nEgalit\u00e9\nFraternit\u00e9\nDirection de la coordination des politiques publiques\net de l'appui territorial\nMission de coordination interminist\u00e9rielle\nARR\u00caT\u00c9 PR\u00c9FECTORAL n\u00b02024/ 41/MCI du 29 octobre 2024  \nportant d\u00e9l\u00e9gation de signature \u00e0  \nMme Jos\u00e9phine GUIGLIANO-BOUTONNET, directrice de cabinet du pr\u00e9fet du Var\nLe Pr\u00e9fet du Var,\nOfficier de la L\u00e9gion d'Honneur,\nVu la loi n\u00b0 82-213 du 2 mars 1982 modifi\u00e9e, relative aux droits et libert\u00e9s des communes, des  \nd\u00e9partements et des r\u00e9gions  ;\nVu la loi n\u00b0 83-8 du 7 janvier 1983 modifi\u00e9e, relative \u00e0 la r\u00e9partition des comp\u00e9tences entre les  \ncommunes, les d\u00e9partements, les r\u00e9gions et l'\u00c9tat  ;\nVu  la  loi  d'orientation  n\u00b0  92-125  du  6  f\u00e9vrier  1992  modifi\u00e9e  relative  \u00e0  l'administration  \nterritoriale de la R\u00e9publique ;\nVu la loi n\u00b0 2004-809 du 13 ao\u00fbt 2004 modifi\u00e9e relative aux libert\u00e9s et responsabilit\u00e9s locales  ;\nVu le d\u00e9cret n\u00b0 97-34 du 15 janvier 1997 modifi\u00e9 relatif \u00e0 la d\u00e9concentration des d\u00e9cisions  \nadministratives individuelles  ;\nVu  le  d\u00e9cret  n\u00b0  2004-374  du  29  avril  2004  modifi\u00e9  relatif  aux  pouvoirs  des  pr\u00e9fets,  \u00e0  \nl'organisation et \u00e0 l'action des services de l'\u00c9tat dans les r\u00e9gions et d\u00e9partements  ;\nVu le d\u00e9cret n\u00b0 2015-510 du 7 mai 2015 portant charte de la d\u00e9concentration  ;\nVu  le  d\u00e9cret  du  Pr\u00e9sident  de  la  R\u00e9publique  du  15  avril  2022  portant  nomination  de  \nM.  Lucien  GIUDICELLI,  secr\u00e9taire  g\u00e9n\u00e9ral  de  la  pr\u00e9fecture  du  Var,  sous-pr\u00e9fet  de  \nl'arrondissement de Toulon  ; \nVu  le  d\u00e9cret  du  Pr\u00e9sident  de  la  R\u00e9publique  du  13  juillet  2023  portant  nomination  de  \nM. Philippe MAHE, pr\u00e9fet du Var  ;\nVu  le  d\u00e9cret  du  Pr\u00e9sident  de  la  R\u00e9publique  du  3  avril  2024  portant  nomination  de  \nMme Jos\u00e9phine GUIGLIANO-BOUTONNET, sous-pr\u00e9f\u00e8te, directrice de cabinet du pr\u00e9fet du  \nVar ;\nVu le d\u00e9cret du Pr\u00e9sident de la R\u00e9publique du 21 septembre 2024 portant nomination de  \nM.  Jean-Baptiste  MORINAUD,  sous-pr\u00e9fet  charg\u00e9  de  mission  aupr\u00e8s  du  pr\u00e9fet  du  Var,  \nsecr\u00e9taire g\u00e9n\u00e9ral adjoint de la pr\u00e9fecture du Var  ; \nVu l'arr\u00eat\u00e9 pr\u00e9fectoral n\u00b02024/03/MCI du 19 f\u00e9vrier 2024 portant organisation de la pr\u00e9fecture  \ndu Var ; \n1/8\nPr\u00e9fecture du VAR - 83-2024-10-29-00001 - ARR\u00caT\u00c9 PR\u00c9FECTORAL n\u00b02024/41/MCI du 29 octobre 2024 portant d\u00e9l\u00e9gation de signature\n\u00e0 Mme Jos\u00e9phine GUIGLIANO-BOUTONNET, directrice de cabinet du pr\u00e9fet du Var 16\nVu  l'arr\u00eat\u00e9  pr\u00e9fectoral  n\u00b02024/13/MCI  du  12  avril  2024 portant  d\u00e9l\u00e9gation  de  signature  \u00e0  \nMme Jos\u00e9phine GUIGLIANO-BOUTONNET, directrice de cabinet du pr\u00e9fet du Var  ;\nSur proposition du secr\u00e9taire g\u00e9n\u00e9ral de la pr\u00e9fecture du Var  ;\nARR\u00caT\u00c9 :\nARTICLE  1er : D\u00e9l\u00e9gation  est  donn\u00e9e  \u00e0  Mme Jos\u00e9phine  GUIGLIANO-BOUTONNET,  sous-\npr\u00e9f\u00e8te,  directrice  de  cabinet  du  pr\u00e9fet  du  Var ,  \u00e0  l'effet  de  signer  tous  actes,  arr\u00eat\u00e9s,  \nd\u00e9cisions, m\u00e9moires en d\u00e9fense, correspondances administratives et notes de service, dans  \nles  domaines  relevant  des  attributions  du  bureau  de  la  repr\u00e9sentation  de  l'\u00c9tat,  de  la  \ndirection  des  s\u00e9curit\u00e9s  et  de  la  d\u00e9l\u00e9gation  d\u00e9partementale  aux  droits  des  femmes  et  \u00e0  \nl'\u00e9galit\u00e9, \u00e0 l'exclusion des r\u00e9quisitions des moyens militaires. \nARTICLE  2 :  Lorsque  Mme  Jos\u00e9phine  GUIGLIANO-BOUTONNET  assure  le  service  de  \npermanence institu\u00e9 conform\u00e9ment \u00e0 l'ordre des permanences fix\u00e9 par le pr\u00e9fet du Var,  \nd\u00e9l\u00e9gation sp\u00e9ciale lui est accord\u00e9e \u00e0 l'effet de signer, pour l'ensemble du d\u00e9partement, tous  \narr\u00eat\u00e9s  et  toutes  d\u00e9cisions  relevant  des  attributions  de  l'\u00c9tat  dans  le  d\u00e9partement,  \nnotamment :\na)Les d\u00e9cisions de suspension provisoire imm\u00e9diate des permis de conduire  ;\nb)Les mesures d'\u00e9loignement relevant de la comp\u00e9tence du repr\u00e9sentant de l'\u00c9tat dans le  \nd\u00e9partement  et  concernant  les  \u00e9trangers  s\u00e9journant  irr\u00e9guli\u00e8rement  sur  le  territoire  \nfran\u00e7ais  ainsi  que  les  d\u00e9cisions  de  placement  en  r\u00e9tention  administrative  ou  \nd'assignation \u00e0 r\u00e9sidence des \u00e9trangers objet de ces mesures prises en application des  \ndispositions du code de l'entr\u00e9e et du s\u00e9jour des \u00e9trangers et du droit d'asile (CESEDA)  ;\nc)Tout courrier relatif aux proc\u00e9dures d'\u00e9loignement concernant les \u00e9trangers s\u00e9journant  \nirr\u00e9guli\u00e8rement  sur  le  territoire  fran\u00e7ais,  y  compris  toute  requ\u00eate  adress\u00e9e  aux  \njuridictions en mati\u00e8re de r\u00e9tention administrative, notamment au juge des libert\u00e9s et  \nde  la  d\u00e9tention,  en  application  des  articles  L.  552-1  \u00e0  L.  552-8  du  CESEDA  en  vue \nd'obtenir la prolongation de la r\u00e9tention administrative  ;\nd)La d\u00e9livrance de passeports et de titres d'identit\u00e9  ;\ne)Les  arr\u00eat\u00e9s  pronon\u00e7ant  l'admission  sans  consentement  en  soins  psychiatriques  des  \npersonnes dont les troubles mentaux n\u00e9cessitent des soins et compromettent la s\u00fbret\u00e9  \ndes  personnes  ou  portent  atteinte,  de  fa\u00e7on  grave,  \u00e0  l'ordre  public,  ainsi  que  les  \noppositions  aux  demandes  d'autorisation  de  sortie  de  courte  dur\u00e9e  prises  en  \napplication de l'article L. 3211-11-1 du code de la sant\u00e9 publique  ;\nf)Les gardes statiques et escortes de d\u00e9tenus.\ng)Les autorisations de transport de corps en dehors du territoire m\u00e9tropolitain  ;\nD\u00e9l\u00e9gation lui est \u00e9galement donn\u00e9e pour signer toute r\u00e9quisition, toute requ\u00eate ou tout  \nm\u00e9moire  aupr\u00e8s  des  juridictions,  notamment  en  mati\u00e8re  de  r\u00e9tention  administrative,  \u00e0  \nl'exclusion des d\u00e9clinatoires de comp\u00e9tence et arr\u00eat\u00e9s de conflit.\nARTICLE  3 : D\u00e9l\u00e9gation  est  donn\u00e9e  \u00e0  Mme  Rebecca  FERRARIS  MORENO,  attach\u00e9e \nd'administration de l'\u00c9tat, cheffe du bureau de la repr\u00e9sentation de l'\u00c9tat, aux fins de signer,  \n2/8Pr\u00e9fecture du VAR - 83-2024-10-29-00001 - ARR\u00caT\u00c9 PR\u00c9FECTORAL n\u00b02024/41/MCI du 29 octobre 2024 portant d\u00e9l\u00e9gation de signature\n\u00e0 Mme Jos\u00e9phine GUIGLIANO-BOUTONNET, directrice de cabinet du pr\u00e9fet du Var 17\ndans les limites des attributions de ce bureau, tous actes, documents et correspond ances ne \npr\u00e9sentant pas un caract\u00e8re d\u00e9cisionnel.\nEn cas d'absence ou d'emp\u00eachement de Mme Rebecca FERRARIS MORENO , la d\u00e9l\u00e9gation qui  \nlui  est  accord\u00e9e  par  le  pr\u00e9sent  article  est  exerc\u00e9e  dans  les  m\u00eames  conditions  par  \nMme Hannelore PAULET, secr\u00e9taire administrative de classe sup\u00e9rieure, adjointe \u00e0 la cheffe  \ndu bureau de la repr\u00e9sentation de l'\u00c9tat. \nEst exclue du champ de cette d\u00e9l\u00e9gation la signature des requ\u00eates et m\u00e9moires aupr\u00e8s des  \njuridictions, des lettres circulaires et des lettres personnelles aux \u00e9lus.\nARTICLE  4 : D\u00e9l\u00e9gation  est  donn\u00e9e  \u00e0  M.  Vincent  BARASTIER,  attach\u00e9  hors  classe  \nd'administration de  l'\u00c9tat, directeur des s\u00e9curit\u00e9s,  aux fins de signer,  dans les limites des  \nattributions de cette direction, tous actes, documents et correspondances, notamment  :\na)  les  autorisations  de  vente  au  d\u00e9tail  d'armes  hors  d'un  local  fixe  et  permanent,  les  \nagr\u00e9ments d'armurier, les autorisations d'ouverture d'un commerce d'armes, les autorisations  \nde  recompl\u00e9tement  des  stocks  de  munitions  des  soci\u00e9t\u00e9s  de  convoyage  de  fonds,  les  \nautorisations d'acquisition et de d\u00e9tention d'armes de cat\u00e9gorie B et les ports d'armes pour  \nles lieutenants de louveterie  ;\nb) les accus\u00e9s de r\u00e9ception de demandes d'acquisition et de d\u00e9tention d'armes de cat\u00e9gorie  \nB,  les  accus\u00e9s  de  r\u00e9ception  de  demandes  de  renouvellement  de  d\u00e9tention  d'armes  de  \ncat\u00e9gorie B valant autorisation provisoire de d\u00e9tention, les autorisations d'acquisition et de  \nd\u00e9tention d'armes de cat\u00e9gorie B et de munitions, les r\u00e9c\u00e9piss\u00e9s de d\u00e9claration d'acquisition  \nd'armes de cat\u00e9gorie C, les cartes europ\u00e9ennes d'armes \u00e0 feu  ;\nc) l'agr\u00e9ment des agents asserment\u00e9s d'organismes publics ou priv\u00e9s, les autorisations de port  \nd'armes des convoyeurs de fonds et des agents asserment\u00e9s des organismes publics ou pr iv\u00e9s, \nles autorisations d'acquisition, de d\u00e9tention et de port d'armes des organismes priv\u00e9s de  \ns\u00e9curit\u00e9  (protection  physique  arm\u00e9e  des  personnes  ou  mission  de  surveillance  ou  de  \ngardiennage), des lieutenants de louveterie et des organismes de formation dispensant des  \nformations  \u00e0  une  activit\u00e9  priv\u00e9e  de  s\u00e9curit\u00e9,  les  autorisations  pr\u00e9alables  \u00e0  l'acc\u00e8s  aux  \nformations aux m\u00e9tiers de l'armurerie et de l'armement  ;\nd) 1\u00b0 pour l'arrondissement de Toulon  :\nles  d\u00e9cisions  relatives  aux  demandes  d'agr\u00e9ment  des  policiers  municipaux  et  des  \nassistants  temporaires  de  police  municipale,  le  visa  des  cartes  professionnelles  des  \nagents  de  police  municipale,  les  conventions  de  coordination  entre  les  polices  \nmunicipales et les force s de s\u00e9curit\u00e9 int\u00e9rieure de l'\u00c9tat  ;\n2\u00b0 pour le d\u00e9partement  :\nles arr\u00eat\u00e9s d'autorisation d'acquisition et de d\u00e9tention d'armes et munitions d\u00e9livr\u00e9s aux  \ncommunes  pour  l'armement  des  polices  municipales,  les  d\u00e9cisions  relatives  aux  \ndemandes d'autorisations de port d'armes pour les policiers municipaux, les d\u00e9cisions  \nrelatives aux demandes d'autorisations d'enregistrement audiovisuel des interventions  \ndes  policiers  municipaux  au  moyen  de  cam\u00e9ras  individuelles,  les  mutualisations  de  \nplusieurs polices municipales, les visas des cartes professionnelles des garde-champ\u00eatres,  \nles  visas  relatifs  \u00e0  l'armement  des  garde-champ\u00eatres,  les  d\u00e9cisions  relatives  aux  \nagr\u00e9ments locaux de visionnage des images de vid\u00e9oprotection  ;\n3/8Pr\u00e9fecture du VAR - 83-2024-10-29-00001 - ARR\u00caT\u00c9 PR\u00c9FECTORAL n\u00b02024/41/MCI du 29 octobre 2024 portant d\u00e9l\u00e9gation de signature\n\u00e0 Mme Jos\u00e9phine GUIGLIANO-BOUTONNET, directrice de cabinet du pr\u00e9fet du Var 18\ne) les r\u00e9c\u00e9piss\u00e9s de d\u00e9clarations de spectacles pyrotechniques, les interdictions de spectacles  \npyrotechniques, les autorisations d'animation pyrotechnique dans les enceintes sportives, les  \nautorisations pr\u00e9alables \u00e0 l'acc\u00e8s aux formations d'explosifs, les certificats de qualification  \nd'artificier F4-T2, les agr\u00e9ments des artificiers  ;\nf) les autorisations de manifestations a\u00e9riennes et des spectacles a\u00e9riens publics , les d\u00e9cisions \nrelatives aux demandes de  d\u00e9rogation aux hauteurs de survol,  les d\u00e9cisions relatives aux  \ndemandes  d'autorisations  de  survol  a\u00e9rien  en  zone  urbaine,  les  d\u00e9cisions  relatives  aux  \ndemandes d'habilitations des pilotes \u00e0 utiliser les h\u00e9lisurfaces ou hydrosurfaces, les r\u00e9c\u00e9piss\u00e9s  \nde  d\u00e9claration  d'utilisation  d'un  a\u00e9ronef  t\u00e9l\u00e9-pilot\u00e9  (drone),  les  interdictions  suite  \u00e0  une  \nd\u00e9claration d'utilisation d'un a\u00e9ronef t\u00e9l\u00e9-pilot\u00e9 (drone), les d\u00e9cisions relatives aux demandes  \nd'agr\u00e9ments des associations a\u00e9ronautiques (a\u00e9roclubs),  cr\u00e9ation de plateformes sanitaires,  \nd'h\u00e9listations,  cr\u00e9ation  d'h\u00e9lisurfaces,  \u00e0  l'exclusion  de  celles  situ\u00e9es  sur  le  territoire  des  \ncommunes de la communaut\u00e9 de communes du golfe de Saint-Tropez, cr\u00e9ation d'altisurface,  \nd'avisurface, cr\u00e9ation et exploitation de plateforme r\u00e9serv\u00e9e \u00e0 la pratique des a\u00e9ronefs ULM,  \nzones d'interdiction de survol temporaire, d\u00e9rogations aux zones interdites \u00e0 la captation de  \ndonn\u00e9es relevant du ministre de l'int\u00e9rieur  ;\ng)  les  d\u00e9cisions  relatives  aux  transferts  de  licence  des  d\u00e9bits  de  boissons,  les  d\u00e9cisions  \nrelatives aux demandes de d\u00e9rogation \u00e0 l'heure l\u00e9gale de fermeture tardive des d\u00e9bits de  \nboissons, les d\u00e9cisions et courriers relatifs \u00e0 la police administrative des d\u00e9bits de boissons,  \nles courriers d'observations et les fermetures administratives dans  le  cadre du contr\u00f4le \u00e0  \nposteriori des d\u00e9clarations faites  en mairie, relatives aux d\u00e9bits de boissons \u00e0 consommer sur  \nplace,  les  d\u00e9cisions  relatives  aux  demandes  d'agr\u00e9ments  des  organismes  dispensant  aux  \nexploitants des d\u00e9bits de boissons une formation mentionn\u00e9e \u00e0 l'article L.3332-1-1 du code de  \nla sant\u00e9 publique, mesures administratives \u00e0 l'encontre des \u00e9tablissements signal\u00e9s par les  \nservices de la Douane (vente ill\u00e9gale de tabac)  ;\nh) les d\u00e9cisions relatives aux demandes d'installation, de renouvellement ou de modification  \nd'un  syst\u00e8me  de  vid\u00e9oprotection,  les  r\u00e9c\u00e9piss\u00e9s  de  demande  d'installation,  de  \nrenouvellement ou de modification d'un syst\u00e8me de vid\u00e9oprotection  ;\nLes d\u00e9cisions relatives \u00e0 l'agr\u00e9ment des personnels des collectivit\u00e9s territoriales et de leurs  \ngroupements proc\u00e9dant au visionnage des images de vid\u00e9oprotection  ; \ni)  les  r\u00e9c\u00e9piss\u00e9s  de  d\u00e9clarations  de  manifestations  sportives,  assortis  d'\u00e9ventuelles  \nprescriptions ;\nj) les autorisations d'exercice d'activit\u00e9s priv\u00e9es de s\u00e9curit\u00e9 sur la voie publique  ;\nk)  les  habilitations  et  agr\u00e9ments  des  agents  de  s\u00fbret\u00e9  portuaire,  a\u00e9roportuaire  et  \nferroviaire ;\nl)  les  bons  de  commandes  et  certi ficats  d'acquisition  d'explosifs  et  de  d\u00e9tonateurs,  les \nagr\u00e9ments techniques d'installation ou de d\u00e9p\u00f4t d'explosifs, les autorisations d'exploitation  \nd'installation ou de d\u00e9p\u00f4t d'explosifs, les habilitations \u00e0 l'emploi pour les personnes charg\u00e9es  \nde la garde, la mise en \u0153uvre et le tir de produits explosifs, les autorisations d'utilisation de  \nproduits explosifs d\u00e8s r\u00e9ception, les agr\u00e9ments des personnels travaillant dans les installations  \n4/8Pr\u00e9fecture du VAR - 83-2024-10-29-00001 - ARR\u00caT\u00c9 PR\u00c9FECTORAL n\u00b02024/41/MCI du 29 octobre 2024 portant d\u00e9l\u00e9gation de signature\n\u00e0 Mme Jos\u00e9phine GUIGLIANO-BOUTONNET, directrice de cabinet du pr\u00e9fet du Var 19\nfixes ou mobiles de produits explosifs et des personnes intervenant dans ces installations en  \nvue de l'entretien des \u00e9quipements de s\u00fbret\u00e9, les agr\u00e9ments de tir mortier  ;\nm) les documents relatifs \u00e0 la gestion des cr\u00e9dits du BOP 207 ainsi que les documents et  \ncontrats ou avenants d'assurance relatifs au v\u00e9hicule du SESR, \u00e0 l'activit\u00e9 de la MSR-Var et \u00e0  \nl'organisation de journ\u00e9es sp\u00e9cifiques de s\u00e9curit\u00e9 routi\u00e8re  ;\nn) toutes d\u00e9cisions relatives aux suspensions provisoires du permis de conduire ainsi que les  \nagr\u00e9ments et habilitations des m\u00e9decins et des centres psychotechniques  ;\no) toutes d\u00e9cisions relatives aux d\u00e9cisions de restriction de la conduite aux seuls v\u00e9hicules  \n\u00e9quip\u00e9s d'un \u00e9thylotest anti- d\u00e9marrage (EAD)  ;    \n  \np) les arr\u00eat\u00e9s temporaires et permanents concernant le r\u00e9seau autoroutier conc\u00e9d\u00e9 (ESCOTA)  \net non conc\u00e9d\u00e9 (DIRMED), ainsi que les avis de police de circulation concernant les routes \u00e0  \ngrande circulation (RGC)  ;\nq) les d\u00e9rogations de circulation des poids-lourds de plus de 7 ,5 tonnes et des transports de  \nmati\u00e8res dangereuses (TMD)  ;\nr) les habilitations des policiers municipaux et gardes champ\u00eatres pour la consultation du  \nfichier du syst\u00e8me national des permis de conduire (SNPC)  ;\ns) les d\u00e9cisions relatives aux mesures administratives cons\u00e9cutives \u00e0 un contr\u00f4le m\u00e9dical de  \nl'aptitude \u00e0 la conduite  ;\nt) les ordres de missions permanents et temporaires dans le d\u00e9partement du Var et hors  \nd\u00e9partement ;\nu) les conventions entre l'\u00c9tat et les \u00e9coles de conduite dans le cadre du dispositif du permis \u00e0  \nun euro, le label qualit\u00e9  et la certification Qualiopi  ;\nv) les actes d'hom ologation des centres d'examens pratiques et professionnels  ;\nw) les autorisations d'enseigner la conduite des v\u00e9hicules terrestres \u00e0 moteur  ;\nx) tous actes, y compris les arr\u00eat\u00e9s, relatifs  :\n1\u00b0  \u00e0  la  gestion  ou  au  contr\u00f4le  des  agr\u00e9ments  d'exploitation  des  \u00e9tablissements  \nd'enseignement \u00e0 la conduite et des centres de sensibilisation \u00e0 la s\u00e9curit\u00e9 routi\u00e8re  ;\n2\u00b0  au  contr\u00f4le  du  d\u00e9roulement  et  du  calendrier  des  stages  des  centres  de  \nsensibilisation \u00e0 la s\u00e9curit\u00e9 routi\u00e8re  ;\n3\u00b0 \u00e0 la gestion en ligne des places d'examen du permis de conduire aux auto-\u00e9coles  ;\n4\u00b0 \u00e0 la d\u00e9livrance des autorisations d'animer les stages  ;\n5/8Pr\u00e9fecture du VAR - 83-2024-10-29-00001 - ARR\u00caT\u00c9 PR\u00c9FECTORAL n\u00b02024/41/MCI du 29 octobre 2024 portant d\u00e9l\u00e9gation de signature\n\u00e0 Mme Jos\u00e9phine GUIGLIANO-BOUTONNET, directrice de cabinet du pr\u00e9fet du Var 20\n5\u00b0 \u00e0 l'organisation des examens du permis de conduire et des permis professionnels.\nEst exclue du champ de cette d\u00e9l\u00e9gation la signature des requ\u00eates et m\u00e9moires aupr\u00e8s des  \njuridictions, des lettres circulaires, des lettres personnelles aux \u00e9lus, d es d\u00e9cisions valant refus,  \ndes  d\u00e9cisions  portant  retrait  d'autorisation  ou  d'agr\u00e9ment  et  des actes,  documents  et  \ncorrespondances pr\u00e9sentant un caract\u00e8re d\u00e9cisionnel, autres que ceux \u00e9num\u00e9r\u00e9s du a) au x)  \ndu pr\u00e9sent article.\nEn cas d'absence ou d'emp\u00eachement de M.  Vincent BARASTIER, la d\u00e9l\u00e9gation qui lui est  \naccord\u00e9e par le pr\u00e9sent article est exerc\u00e9e, dans les m\u00eames conditions, par  Mme Audrey \nBORGO, attach\u00e9e principale d'administration de l'\u00c9tat, cheffe de cabinet, directrice adjointe  \ndes s\u00e9curit\u00e9s.\nARTICLE 5 :  D\u00e9l\u00e9gation est donn\u00e9e \u00e0 M. R\u00e9mi PIERRET, attach\u00e9 d'administration de l'\u00c9tat,  \nchef du bureau de la s\u00e9curit\u00e9 publique pour signer, dans les limites des attributions du bureau  \nde la s\u00e9curit\u00e9 publique, tous actes, documents et correspondances ne pr\u00e9sentant pas un  \ncaract\u00e8re d\u00e9cisionnel, \u00e0 l'exclusion des requ\u00eates et m\u00e9moires aupr\u00e8s des juridictions, des  \nlettres circulaires et des lettres personnelles aux \u00e9lus.\nD\u00e9l\u00e9gation lui est \u00e9galement donn\u00e9e pour les actes relevant des attributions mentionn\u00e9es aux  \ni), j) et k) de l'article 4. \nEn cas d'absence ou d'emp\u00eachement de M. R\u00e9mi PIERRET, la d\u00e9l\u00e9gation qui lui est consentie  \npar le pr\u00e9sent article est exerc\u00e9e par Mme Sandrine DE RIDDER, attach\u00e9e d'administration de  \nl'\u00c9tat, adjointe au chef du bureau de la s\u00e9curit\u00e9 publique et, dans la limite des attributions de  \nleur  section  respective,  par  Mme  Nathalie  ROSSA,  secr\u00e9taire  administrative  de  classe  \nexceptionnelle,  charg\u00e9e  de  la  mission  \u00ab  pr\u00e9vention  de  la  radicalisation  \u00bb,  Mme  H\u00e9l\u00e8ne \nADELAIDE, secr\u00e9taire administrative de classe sup\u00e9rieure, cheffe de la section \u00ab  pr\u00e9vention \nde la d\u00e9linquance  \u00bb, Mme Nathalie CHAMPION, secr\u00e9taire administrative de classe normale,  \ncheffe de la section \u00ab  d\u00e9fense civile - s\u00fbret\u00e9  \u00bb et Mme Marie FACCI, secr\u00e9taire administrative  \nde classe normale, cheffe de la section \u00ab  ordre public - manifestations  \u00bb.\nARTICLE 6 : D\u00e9l\u00e9gation est donn\u00e9e \u00e0 Mme Laetitia PELLISSIER, attach\u00e9e d'administration de  \nl'\u00c9tat, cheffe du bureau des polices administratives de s\u00e9curit\u00e9, pour signer, dans les limites \ndes attributions de ce bureau, tous actes, documents et correspondances ne pr\u00e9sentant pas  \nun caract\u00e8re d\u00e9cisionnel, \u00e0 l'exclusion des requ\u00eates et m\u00e9moires aupr\u00e8s des juridictions, des  \nlettres circulaires et des lettres personnelles aux \u00e9lus.\nD\u00e9l\u00e9gation de signature lui est \u00e9galement donn\u00e9e pour les actes relevant d es attributions \nmentionn\u00e9es  aux  a),  b),  c),  d),  e),  f),  g)  et  h)  de  l'article  4,  \u00e0  l'exception  des  d\u00e9cisions  \nd\u00e9favorables et des d\u00e9cisions portant retrait d'autorisation ou d'agr\u00e9ment .\nD\u00e9l\u00e9gation est \u00e9galement donn\u00e9e \u00e0  : \n\u2022Mme Delphine BONNASSIES, attach\u00e9e d'administration de l'\u00c9tat, adjointe \u00e0 la cheffe  \nde bureau, cheffe de la section \u00ab  armes et pyrotechnie  \u00bb,  \n\u2022Mme Marielle SOLDANI, secr\u00e9taire administrative de classe exceptionnelle, adjointe \u00e0  \nla cheffe de bureau, cheffe de la section \u00ab  activit\u00e9s de s\u00e9curit\u00e9  \u00bb,\npour signer, dans les limites des attributions de leur section respective, tous actes, documents  \net correspondances ne pr\u00e9sentant pas un caract\u00e8re d\u00e9cisionnel, \u00e0 l'exclusion des requ\u00eates et  \nm\u00e9moires aupr\u00e8s des juridictions, des lettres circulaires et des lettres personnelles aux \u00e9lus.\n6/8Pr\u00e9fecture du VAR - 83-2024-10-29-00001 - ARR\u00caT\u00c9 PR\u00c9FECTORAL n\u00b02024/41/MCI du 29 octobre 2024 portant d\u00e9l\u00e9gation de signature\n\u00e0 Mme Jos\u00e9phine GUIGLIANO-BOUTONNET, directrice de cabinet du pr\u00e9fet du Var 21\nEn cas d'absence ou d'emp\u00eachement de Mme Laetitia PELLISSIER, la d\u00e9l\u00e9gation qui lui est  \naccord\u00e9e par le pr\u00e9sent article est exerc\u00e9e dans les m\u00eames conditions par Mme Delphine  \nBONNASSIES ou par Mme Marielle SOLDANI.\nARTICLE  7 : D\u00e9l\u00e9gation  est  donn\u00e9e  \u00e0  Mme  Florence  MILLONI,  attach\u00e9e  principale  \nd'administration de l'\u00c9tat , cheffe du service interminist\u00e9riel de d\u00e9fense et de protection  \nciviles, pour signer, dans les limites des attributions de ce service, tous actes, documents et  \ncorrespondances ne pr\u00e9sentant pas un caract\u00e8re d\u00e9cisionnel, \u00e0 l'exclusion des requ\u00eates et  \nm\u00e9moires aupr\u00e8s des juridictions, des lettres circulaires et des lettres personnelles aux \u00e9lus.   \nD\u00e9l\u00e9gation lui est \u00e9galement donn\u00e9e pour les actes relevant des attributions mentionn\u00e9es au  \nl) de l'article 4.\nEn cas d'absence ou d'emp\u00eachement de Mme Florence MILLONI , la d\u00e9l\u00e9gation de signature  \nqui lui est accord\u00e9e par le pr\u00e9sent article est exerc\u00e9e dans les m\u00eames conditions par  Mme \nC\u00e9line  PAGE,  secr\u00e9taire  administrative  de  classe  exceptionnelle,  adjointe \u00e0  la  cheffe  du \nservice interminist\u00e9riel de d\u00e9fense et de protection civile .\nARTICLE  8 : D\u00e9l\u00e9gation  est  donn\u00e9e  \u00e0  Mme  Sophie  BARASTIER,  attach\u00e9e  principale  \nd'administration de l'\u00c9tat, cheffe du service de l'\u00e9ducation et de la s\u00e9curit\u00e9 routi\u00e8res, pour  \nsigner tous les actes mentionn\u00e9s aux m), n), o), p), q), r), s), t), u), v), w) et x) de l'article 4 et,  \ndans les limites des attributions de ce service, tous les actes, documents et correspondances  \nne pr\u00e9sentant pas un caract\u00e8re d\u00e9cisionnel, \u00e0 l'exclusion des requ\u00eates et m\u00e9moires aupr\u00e8s des  \njuridictions, des lettres circulaires et des lettres personnelles aux \u00e9lus.\nDans  les  m\u00eames  conditions  et  dans  les  limites  des  attributions  de  leur  p\u00f4le  respectif,  \nd\u00e9l\u00e9gation de signature est donn\u00e9e \u00e0  :\n- M. Dominique THIEL, d\u00e9l\u00e9gu\u00e9 au permis de conduire et \u00e0 la s\u00e9curit\u00e9 routi\u00e8re, chef du  \np\u00f4le \u00ab \u00e9ducation routi\u00e8re  \u00bb et adjoint \u00e0 la cheffe du service de l'\u00e9ducation et de la s\u00e9curit\u00e9  \nrouti\u00e8res, pour les actes mentionn\u00e9s aux m), t), u), v), w) et x) de l'article 4  ;\n- Mme Laurence CAIRE, attach\u00e9e d'administration de l'\u00c9tat, cheffe du p\u00f4le \u00ab  droits \u00e0 \nconduire \u00bb et adjointe \u00e0 la cheffe du service de l'\u00e9ducation et de la s\u00e9curit\u00e9 routi\u00e8res, pour les  \nactes mentionn\u00e9s aux m), n), o), r), s) de l'article 4  ;\n- M. Thierry LE GRAND, attach\u00e9 d'administration de l'\u00c9tat, chef du p\u00f4le \u00ab  \u00e9tudes et \ning\u00e9nierie \u00bb et adjoint \u00e0 la cheffe du service de l'\u00e9ducation et de la s\u00e9curit\u00e9 routi\u00e8res, pour les  \nactes mentionn\u00e9s aux m), n), o), p), q), s), t) de l'article 4  ;\n- M. Roland ESQUIVA, inspecteur des permis de conduire et de la s\u00e9curit\u00e9 routi\u00e8re de  \n1\u00e8re classe, adjoint au d\u00e9l\u00e9gu\u00e9 au permis de conduire et \u00e0 la s\u00e9curit\u00e9 routi\u00e8re, pour les actes  \nmentionn\u00e9s aux t), u), v), w), x) de l'article 4 et les courriers simples relevant de son p\u00f4le  ;\n- M. St\u00e9phane CESARI, technicien sup\u00e9rieur en chef du d\u00e9veloppement durable, chef  \ndu p\u00f4le pr\u00e9vention, pour les actes mentionn\u00e9s aux m), t) de l'article 4. \nARTICLE  9  : D\u00e9l\u00e9gation  est  donn\u00e9e  \u00e0  Mme  Ma\u00efka  ROCHE,  M.  S\u00e9bastien  GRIFFO  et  \nM. Jean-Marc SERRUS, inspecteurs du permis de conduire et de la s\u00e9curit\u00e9 routi\u00e8re, pour  \nsigner les courriers simples du p\u00f4le \u00ab  \u00e9ducation routi\u00e8re  \u00bb du service de l'\u00e9ducation et de la  \ns\u00e9curit\u00e9 routi\u00e8res.\nARTICLE   10   : Lorsque le service de l'\u00e9ducation et de la s\u00e9curit\u00e9 routi\u00e8res assure le service de  \npermanence de week-end et de jours f\u00e9ri\u00e9s institu\u00e9 conform\u00e9ment \u00e0 l'ordre des permanences  \nfix\u00e9  par  le  pr\u00e9fet  du  Var,  d\u00e9l\u00e9gation  sp\u00e9ciale  est  accord\u00e9e  \u00e0  Mme  Sophie  BARASTIER,  \n7/8Pr\u00e9fecture du VAR - 83-2024-10-29-00001 - ARR\u00caT\u00c9 PR\u00c9FECTORAL n\u00b02024/41/MCI du 29 octobre 2024 portant d\u00e9l\u00e9gation de signature\n\u00e0 Mme Jos\u00e9phine GUIGLIANO-BOUTONNET, directrice de cabinet du pr\u00e9fet du Var 22\nM.  Thierry  LE  GRAND,  et  Mme  Laurence  CAIRE ,  \u00e0  l'effet  de  signer,  pour  l'ensemble  du  \nd\u00e9partement, les d\u00e9cisions de suspension provisoire imm\u00e9diate des permis de conduire.\nARTICL  E  11    : D\u00e9l\u00e9gation  est  donn\u00e9e  \u00e0  Mme  Chantal  MOLINES,  attach\u00e9e  principale  \nd'administration de l'\u00c9tat, d\u00e9l\u00e9gu\u00e9e d\u00e9partementale aux droits des femmes et \u00e0 l'\u00e9galit\u00e9, pour  \nsigner, dans les limites de ses attributions, tous actes, documents et correspondances ne  \npr\u00e9sentant pas un caract\u00e8re d\u00e9cisionnel, \u00e0 l'exclusion des requ\u00eates et m\u00e9moires aupr\u00e8s des  \njuridictions, des lettres circulaires et des lettres personnelles aux \u00e9lus.\nARTICL  E 12   : En cas d'absence/d'emp\u00eachement de Mme Jos\u00e9phine GUIGLIANO-BOUTONNET , \nla  d\u00e9l\u00e9gation  de  signature  qui  lui  est  accord\u00e9e  \u00e0  l'article  1er  est  exerc\u00e9e  par  \nM. Vincent BARASTIER, directeur des s\u00e9curit\u00e9s, et, en son absence, par Mme Audrey BORGO,  \ncheffe de cabinet, directrice adjointe des s\u00e9curit\u00e9s.\nEst exclue des dispositions du pr\u00e9sent article, la signature des lettres circulaires et des lettres  \npersonnelles aux \u00e9lus du d\u00e9partement.\nARTICLE   13   :  L'arr\u00eat\u00e9  pr\u00e9fectoral  n\u00b02024/13/MCI  du  12  avril  2024 portant  d\u00e9l\u00e9gation  de  \nsignature \u00e0 Mme Jos\u00e9phine GUIGLIANO-BOUTONNET, directrice de cabinet du pr\u00e9fet du Var,  \nest abrog\u00e9 ;\nARTICLE   14   : Le secr\u00e9taire g\u00e9n\u00e9ral de la pr\u00e9fecture du Var, le secr\u00e9taire g\u00e9n\u00e9ral adjoint de la  \npr\u00e9fecture du Var, sous-pr\u00e9fet charg\u00e9 de mission aupr\u00e8s du Pr\u00e9fet du Var et la directrice de  \ncabinet du pr\u00e9fet du Var, sont  charg\u00e9s, chacun en ce qui le concerne, de l'ex\u00e9cution du  \npr\u00e9sent arr\u00eat\u00e9 qui sera publi\u00e9 au recueil des actes administratifs de la pr\u00e9fecture du Var.\nFait \u00e0 Toulon, le 29 octobre 2024\nLe Pr\u00e9fet du Var\nSign\u00e9\nPhilippe MAH\u00c9 \n8/8Pr\u00e9fecture du VAR - 83-2024-10-29-00001 - ARR\u00caT\u00c9 PR\u00c9FECTORAL n\u00b02024/41/MCI du 29 octobre 2024 portant d\u00e9l\u00e9gation de signature\n\u00e0 Mme Jos\u00e9phine GUIGLIANO-BOUTONNET, directrice de cabinet du pr\u00e9fet du Var 23","date":"2024-10-29","first_seen_on":"2024-10-29T10:24:02+00:00","id":"4a91e445b53b133f81bc15bd83893639633e82ef94b913d6d850fa606652af9f","name":"RAA N\u00b0301 du 29 octobre 2024","pdf_creation_date":"2024-10-29T09:39:21+00:00","pdf_modification_date":null,"timezone":"Europe/Paris","url":"https://www.var.gouv.fr/contenu/telechargement/36844/243923/file/RAA%20N%C2%B0301%20du%2029%20octobre%202024.pdf"}
