{"administration":"pref21","administration_name":"Pr\u00e9fecture de C\u00f4te-d\u2019Or","content":"PR\u00c9FET\nDE LA C\u00d4TE-D'OR\nRECUEIL DES ACTES\nADMINISTRATIFS SP\u00c9CIAL\nN\u00b021-2026-005\nPUBLI\u00c9 LE  6 JANVIER 2026\nSommaire\nPr\u00e9fecture de la C\u00f4te-d'Or / Cabinet\n21-2026-01-06-00001 - Arr\u00eat\u00e9 n\u00b0 24 portant dispositions particuli\u00e8res\nde circulation sur le r\u00e9seau autoroutier en C\u00f4te-d'Or\n\u00e0\nl'occasion des manifestations des agriculteurs (3 pages) Page 3\nPr\u00e9fecture de la C\u00f4te-d'Or / Direction des s\u00e9curit\u00e9s\n21-2026-01-06-00002 - Arr\u00eat\u00e9 pr\u00e9fectoral N\u00b025 autorisant la\ncaptation, l'enregistrement et la transmission d'images\nau moyen\nde cam\u00e9ras install\u00e9es sur des a\u00e9ronefs (2 pages) Page 7\n2\nPr\u00e9fecture de la C\u00f4te-d'Or\nCabinet\n21-2026-01-06-00001\nArr\u00eat\u00e9 n\u00b0 24 portant dispositions particuli\u00e8res de\ncirculation sur le r\u00e9seau autoroutier en C\u00f4te-d'Or\n\u00e0 l'occasion des manifestations des agriculteurs\nPr\u00e9fecture de la C\u00f4te-d'Or - 21-2026-01-06-00001 - Arr\u00eat\u00e9 n\u00b0 24 portant dispositions particuli\u00e8res de circulation sur le r\u00e9seau\nautoroutier en C\u00f4te-d'Or\n\u00e0 l'occasion des manifestations des agriculteurs\n3\nExPREFETDE LACOTE-D'ORLibert\u00e9Egalit\u00e9Fraternit\u00e9\nDirection d\u00e9partementale des territoires\nde la C\u00f4te-d'Or\nDijon, le 06 janvier 2026\nArr\u00eat\u00e9 n\u00b024\nportant dispositions particuli\u00e8res de circulation sur le r\u00e9seau autoroutier en C\u00f4te-d'Or\n\u00e0 l'occasion des manifestations des agriculteurs\nLe pr\u00e9fet de la r\u00e9gion Bourgogne-Franche-Comt\u00e9\nPr\u00e9fet de la C\u00f4te-d'Or\nVU le code de la route, et notamment les articles R. 411-18, R.421-1 \u00e0 R421-10 ,\nVU le d\u00e9cret n\u00b02005-1499 du 5 d\u00e9cembre 2005 relatif \u00e0 la consistance du r\u00e9seau national,\nVU le d\u00e9cret n\u00b02004-374 du 29 avril 2004 relatif aux pouvoirs des pr\u00e9fets, \u00e0 l'organisation et \u00e0  \nl'action des services de l'\u00c9tat dans les r\u00e9gions et les d\u00e9partements,\nVU le d\u00e9cret du 10 octobre 2024 portant nomination de Monsieur Paul MOURIER, pr\u00e9fet de la  \nr\u00e9gion Bourgogne-Franche-Comt\u00e9, pr\u00e9fet de la C\u00f4te-d'Or ;\nVU l'arr\u00eat\u00e9 interminist\u00e9riel du 24 novembre 1967 modifi\u00e9, relatif \u00e0 la signalisation des routes  \net autoroutes,\nVU l'arr\u00eat\u00e9  pr\u00e9fectoral  n\u00b0  1010/SG  du  02  juillet  2025  donnant  d\u00e9l\u00e9gation  de  signature  \u00e0 \nMadame Aur\u00e9lie CONTRECIVILE, directrice de cabinet du pr\u00e9fet de la C\u00f4te-d'Or,\nConsid\u00e9rant le mouvement social des agriculteurs du 06 janvier 2026 sur le d\u00e9partement de  \nla C\u00f4te-d'Or,\nConsid\u00e9rant les difficult\u00e9s de circulation en entr\u00e9e et en sortie des p\u00e9ages de l'autoroute A31  \n\u00e0 TIL-CHATEL, de l'autoroute A6 \u00e0 BEAUNE NORD et BEAUNE SUD,\nConsid\u00e9rant qu'il  y  a  lieu  de  r\u00e9glementer  la  circulation  afin  de  garantir  la  s\u00e9curit\u00e9  des \nusagers et des manifestants,\nConsid\u00e9rant qu'il y a lieu d'activer les mesures de gestion de trafic sur l'autoroute A31 et A6,\n'\nDirection d\u00e9partementale des territoires de la C\u00f4te-d'Or\n57, rue de Mulhouse - BP 53317 - 21033 Dijon CEDEX\nT\u00e9l. : 03 80 29 44 44\nCourriel : ddt@cote-dor.gouv.fr\nPr\u00e9fecture de la C\u00f4te-d'Or - 21-2026-01-06-00001 - Arr\u00eat\u00e9 n\u00b0 24 portant dispositions particuli\u00e8res de circulation sur le r\u00e9seau\nautoroutier en C\u00f4te-d'Or\n\u00e0 l'occasion des manifestations des agriculteurs\n4\nARR\u00caTE\nArticle 1er :\nDes d\u00e9viations sont mises en place dans les deux sens de circulation conform\u00e9ment au Plan  \nde Gestion de Trafic des autoroutes A31 et A6 \u00e0 compter du mardi 06 janvier 2026  comme \nsuit :\n- P\u00e9age de TIL-CHATEL / Sortie de l'autoroute A31     :  \n- usagers en provenance de BEAUNE : sortie \u00e0 ARC-SUR-TILLE puis RD700, M700, M274, \nM974, RD974 jusqu'\u00e0 TIL-CHATEL\n- usagers en provenance de NANCY/PARIS : sortie \u00e0 LANGRES SUD puis RD428, RD974  \njusqu'\u00e0TIL-CHATEL\n- P\u00e9age de TIL-CHATEL / Acc\u00e8s \u00e0 l'autoroute A31     :  \n- en direction de NANCY/PARIS : RD974, RD428 jusqu'\u00e0 LANGRES SUD\n- en direction de BEAUNE : RD974, M974, M274, M700 jusqu\u00e0 ARC-SUR-TILLE\n- P\u00e9age de BEAUNE NORD / Acc\u00e8s \u00e0 l'autoroute A6     :  \n- en direction de LYON : RD974, RD1074, RD974, RD906 jusqu'\u00e0 CHALON-SUR-SA\u00d4NE\n- en direction de PARIS : RD974, RD970, RD977 bis, RD981 jusqu'\u00e0 POUILLY-EN-AUXOIS\n- en direction de NANCY : RD974, RD8 jusqu'\u00e0 NUITS SAINT GEORGES\n- P\u00e9age de BEAUNE NORD / Sortie de l'autoroute A6     :  \n- usagers  en  provenance  de  PARIS :  sortie  \u00e0  POUILLY-EN-AUXOIS  puis  RD981, \nRD977bis, RD970 jusqu'\u00e0 BEAUNE\n- usagers en provenance de NANCY : sortie \u00e0 NUITS-SAINT-GEORGES puis RD8, RD974 \njusqu'\u00e0 BEAUNE\n- usagers en provenance de LYON  : sortie \u00e0 CHALON-SUR-SAONE puis RD906, RD974  \njusqu'\u00e0 BEAUNE\n- P\u00e9age de BEAUNE SUD / Sortie de l'autoroute A6\n- usagers en provenance de LYON  : sortie \u00e0 CHALON-SUR-SAONE puis RD906, RD974  \njusqu'\u00e0 BEAUNE\n- usagers  en  provenance  de  PARIS :  sortie  \u00e0  POUILLY-EN-AUXOIS  puis  RD981, \nRD977bis, RD970 jusqu'\u00e0 BEAUNE\n- usagers en provenance de NANCY : sortie \u00e0 NUITS-SAINT-GEORGES puis RD8, RD974 \njusqu'\u00e0 BEAUNE\n- P\u00e9age de BEAUNE SUD / Acc\u00e8s \u00e0 l'autoroute A6     :  \n- en  direction  de  PARIS :  RD1074,  RD970,  RD977  bis,  RD981  jusqu'\u00e0  POUILLY-EN-\nAUXOIS\n- en direction de NANCY : RD1074, RD974 jusqu'\u00e0 NUITS-SAINT-GEORGES\n- en direction de LYON : RD1074, RD974, RD906 jusqu'\u00e0 CHALON-SUR-SA\u00d4NE\nDirection d\u00e9partementale des territoires de la C\u00f4te-d'Or\n57, rue de Mulhouse - BP 53317 - 21033 Dijon CEDEX\nT\u00e9l. : 03 80 29 44 44\nCourriel : ddt@cote-dor.gouv.fr\nPr\u00e9fecture de la C\u00f4te-d'Or - 21-2026-01-06-00001 - Arr\u00eat\u00e9 n\u00b0 24 portant dispositions particuli\u00e8res de circulation sur le r\u00e9seau\nautoroutier en C\u00f4te-d'Or\n\u00e0 l'occasion des manifestations des agriculteurs\n5\nArticle 2 : \nLes services de gendarmerie pourront, en fonction des circonstances, all\u00e9ger ou renforcer les  \nmesures pr\u00e9vues et prendre toutes initiatives utiles afin de pourvoir \u00e0 la s\u00e9curit\u00e9 des usagers  \nde l'autoroute et faciliter l'\u00e9coulement de la circulation.\nArticle 3 : \nDes  mesures  d'information  des  usagers  seront  prises  par  le  canal  de  messages  sur  les \nPanneaux \u00e0 Messages Variables (PMV) situ\u00e9s sur l'A6.\nArticle 4 : \nLe pr\u00e9sent arr\u00eat\u00e9 peut faire l'objet d'un recours gracieux aupr\u00e8s du pr\u00e9fet et/ou d'un recours  \ncontentieux  devant  le  tribunal  administratif  dans  un  d\u00e9lai  de  2  mois  \u00e0  compter  de  sa \nnotification. Le tribunal administratif peut \u00eatre saisi par un recours d\u00e9pos\u00e9 via l'application  \nT\u00e9l\u00e9recours citoyens accessible par le site internet www.telerecours.fr \u00bb.\nArticle 5 : \n- la Directrice de Cabinet du pr\u00e9fet de la C\u00f4te-d'Or,\n- le Pr\u00e9sident du Conseil D\u00e9partemental de C\u00f4te-d'Or,\n- le pr\u00e9sident de DIJON METROPOLE,\n- le maire de BEAUNE,\n- le Commandant  de  la  R\u00e9gion  de  Gendarmerie  de  Bourgogne-Franche-Comt\u00e9  et  du \nGroupement de C\u00f4te-d'Or,\n- le Directeur Interd\u00e9partemental de la Police Nationale,\n- le directeur d'APRR,\nsont charg\u00e9s, chacun en ce qui le concerne, de l'ex\u00e9cution du pr\u00e9sent arr\u00eat\u00e9.\nLe pr\u00e9sent arr\u00eat\u00e9 sera publi\u00e9 au recueil des actes administratifs de la Pr\u00e9fecture de C\u00f4te-  \nd'Or.\nUne copie du pr\u00e9sent arr\u00eat\u00e9 sera adress\u00e9e pour information:\n- au Directeur D\u00e9partemental des Services d'Incendie et de Secours de la C\u00f4te-d'Or,\n- au SAMU de Dijon,\n- aux pr\u00e9fectures de SA\u00d4NE-ET-LOIRE et de HAUTE-MARNE\n- \u00e0 la pr\u00e9fecture de la zone de d\u00e9fense Est.\nFait \u00e0 Dijon, le 06 janvier 2026\nLe pr\u00e9fet,\npour le pr\u00e9fet et par d\u00e9l\u00e9gation,\nla directrice de cabinet,\noriginal sign\u00e9\nAur\u00e9lie CONTRECIVILE\nDirection d\u00e9partementale des territoires de la C\u00f4te-d'Or\n57, rue de Mulhouse - BP 53317 - 21033 Dijon CEDEX\nT\u00e9l. : 03 80 29 44 44\nCourriel : ddt@cote-dor.gouv.fr\nPr\u00e9fecture de la C\u00f4te-d'Or - 21-2026-01-06-00001 - Arr\u00eat\u00e9 n\u00b0 24 portant dispositions particuli\u00e8res de circulation sur le r\u00e9seau\nautoroutier en C\u00f4te-d'Or\n\u00e0 l'occasion des manifestations des agriculteurs\n6\nPr\u00e9fecture de la C\u00f4te-d'Or\nDirection des s\u00e9curit\u00e9s\n21-2026-01-06-00002\nArr\u00eat\u00e9 pr\u00e9fectoral N\u00b025 autorisant la captation,\nl'enregistrement et la transmission d'images\nau moyen de cam\u00e9ras install\u00e9es sur des a\u00e9ronefs\nPr\u00e9fecture de la C\u00f4te-d'Or - 21-2026-01-06-00002 - Arr\u00eat\u00e9 pr\u00e9fectoral N\u00b025 autorisant la captation, l'enregistrement et la transmission\nd'images\nau moyen de cam\u00e9ras install\u00e9es sur des a\u00e9ronefs\n7\nExPREFETDE LACOTE-D'ORLibert\u00e9Egalit\u00e9Fraternit\u00e9\nDirection des s\u00e9curit\u00e9s\nDijon, le 06 janvier 2026\nArr\u00eat\u00e9 pr\u00e9fectoral N\u00b025\nautorisant la captation, l'enregistrement et la transmission d'images\nau moyen de cam\u00e9ras install\u00e9es sur des a\u00e9ronefs\nLe pr\u00e9fet de la C\u00f4te-d'Or\nVU le code de la s\u00e9curit\u00e9 int\u00e9rieure et notamment ses articles L. 242-1 \u00e0 L. 242-8 et R. 242-8 \u00e0 R. 242-14 ;\nVU le d\u00e9cret n\u00b02004-374 du 29 avril 2004 relatif aux pouvoirs des pr\u00e9fets, \u00e0 l'organisation et \u00e0 l'action des \nservices de l'\u00c9tat dans les r\u00e9gions et d\u00e9partements ;\nVU le d\u00e9cret du Pr\u00e9sident de la R\u00e9publique du 10 octobre 2024 nommant monsieur Paul MOURIER, pr\u00e9fet \nde la r\u00e9gion Bourgogne-Franche-Comt\u00e9, pr\u00e9fet de la C\u00f4te-d'Or ;\nVU l'arr\u00eat\u00e9 du ministre de l'Int\u00e9rieur et des outre-mer, en date du 19 avril 2023 relatif au nombre maximal \nde cam\u00e9ras install\u00e9es sur des a\u00e9ronefs pouvant \u00eatre simultan\u00e9ment utilis\u00e9es dans chaque d\u00e9partement et \ncollectivit\u00e9 d'outre-mer ;\nVU l'arr\u00eat\u00e9  pr\u00e9fectoral  n\u00b01010/SG  du  02  juillet  2025  donnant  d\u00e9l\u00e9gation  de  signature  \u00e0  madame  \nAur\u00e9lie CONTRECIVILE, sous-pr\u00e9f\u00e8te, directrice de cabinet du pr\u00e9fet de la r\u00e9gion Bourgogne Franche-\nComt\u00e9, pr\u00e9fet de C\u00f4te-d'Or ;\nVU la demande re\u00e7ue le 06 janvier 2026, formul\u00e9e par le groupement de gendarmerie d\u00e9partementale de \nla C\u00f4te-d'Or, visant \u00e0 obtenir l'autorisation de capter, d'enregistrer et de transmettre des images au  \nmoyen de cam\u00e9ras install\u00e9es sur des a\u00e9ronefs dans le cadre des manifestations agricoles actuelles ;\nCONSID\u00c9RANT que les dispositions susvis\u00e9es et notamment les 1\u00b0 et 2\u00b0 de l'article L. 242-5 du code de la \ns\u00e9curit\u00e9 int\u00e9rieure permettent aux forces de s\u00e9curit\u00e9 int\u00e9rieure, dans le cadre d'op\u00e9rations de pr\u00e9vention \ndes atteintes \u00e0 la s\u00e9curit\u00e9 des personnes et des biens dans des lieux particuli\u00e8rement expos\u00e9s, en raison  \nde leurs caract\u00e9ristiques ou des faits qui s'y sont d\u00e9j\u00e0 d\u00e9roul\u00e9s, \u00e0 des risques d'agressions, de vols ou de  \ntrafics d'armes, d'\u00eatres humains ou de stup\u00e9fiants, et afin de garantir la s\u00e9curit\u00e9 des rassemblements de  \npersonnes  sur  la  voie  publique  ou  dans  des  lieux  ouverts  au  public,  de  proc\u00e9der  \u00e0  la  captation,  \u00e0 \nl'enregistrement et \u00e0 la transmission d'images au moyen de cam\u00e9ras install\u00e9es sur des a\u00e9ronefs ;\nCONSID\u00c9RANT que la mobilisation du monde agricole dans le d\u00e9partement de la C\u00f4te-d'Or se traduit  \nnotamment par des blocages des gares de p\u00e9ages des autoroutes A6 et A31 ; que ces blocages perturbent \nla circulation sur des grands axes routiers et aux abords des gares de p\u00e9age  ; que la s\u00e9curit\u00e9 des usagers  \ndes autoroutes doit \u00eatre garantie ;\nCONSID\u00c9RANT l'int\u00e9r\u00eat de disposer d'une vision en grand angle pour permettre la coordination des  \nmoyens, l'articulation des man\u0153uvres et le suivi de l'\u00e9v\u00e9nement ;\nCONSID\u00c9RANT que dans ces circonstances, la captation, l'enregistrement et la transmission des images  \nau moyen d'une cam\u00e9ra instal l\u00e9e sur un a\u00e9ronef seront strictement limit\u00e9s aux gares de p\u00e9ages de Til-\nChatel sur l'A31 et Beaune Nord et Sud sur l'A6.\nPr\u00e9fecture de la C\u00f4te-d'Or - 21-2026-01-06-00002 - Arr\u00eat\u00e9 pr\u00e9fectoral N\u00b025 autorisant la captation, l'enregistrement et la transmission\nd'images\nau moyen de cam\u00e9ras install\u00e9es sur des a\u00e9ronefs\n8\nSUR proposition de madame la directrice de cabinet du pr\u00e9fet de la r\u00e9gion Bourgogne-Franche-Comt\u00e9,  \npr\u00e9fet de la C\u00f4te-d'Or,\nARR\u00caTE\nArticle 1er : La captation, l'enregistrement et la transmission d'images par le groupement de gendarmerie \nd\u00e9partementale de la C\u00f4te-d'Or sont autoris\u00e9s au titre de la pr\u00e9vention des atteintes \u00e0 la s\u00e9curit\u00e9 des  \npersonnes et des biens et afin de garantir la s\u00e9curit\u00e9 des rassemblements de personnes sur la voie  \npublique ou dans des lieux ouverts au public, le mardi 06 janvier 2026 de 11h00 \u00e0 20h00 sur deux zones  \ng\u00e9ographiques :\n- gare de p\u00e9age de Til-Chatel (A31),\n- gares de p\u00e9age de Beaune Nord et Sud (A6).\nArticle 2 : Le nombre maximal de cam\u00e9ras pouvant proc\u00e9der simultan\u00e9ment aux traitements mentionn\u00e9s \n\u00e0 l'article 1er est fix\u00e9 \u00e0 deux, install\u00e9es sur des a\u00e9ronefs dont les r\u00e9f\u00e9rences et immatriculations sont list\u00e9es \nci-dessous :\n- drone MAVIC 3T n\u00b01581F5FJ723CD00AZ0KG\n- drone Matrice 4T n\u00b0 1581F7K3C253R00DG2E8\nArticle 3  : Le registre mentionn\u00e9 \u00e0 l'article L. 242-4 du code de la s\u00e9curit\u00e9 int\u00e9rieure est transmis au  \nrepr\u00e9sentant de l'\u00c9tat dans le d\u00e9partement \u00e0 l'issue de la p\u00e9riode d'utilisation.\nArticle 4  : Le pr\u00e9sent arr\u00eat\u00e9 est publi\u00e9 au recueil des actes administratifs de la pr\u00e9fecture et peut faire  \nl'objet d'un recours contentieux devant le tribunal administratif de Dijon dans un d\u00e9lai de deux mois \u00e0  \ncompter de sa publication.\nArticle 5  : La directrice de cabinet du pr\u00e9fet de la r\u00e9gion Bourgogne-Franche-Comt\u00e9, pr\u00e9fet de la C\u00f4te-\nd'Or,  le  secr\u00e9taire  g\u00e9n\u00e9ral  de  la  pr\u00e9fecture  de  la  C\u00f4te-d'Or  et  le  g\u00e9n\u00e9ral  commandant  la  r\u00e9gion  de \ngendarmerie  de  Bourgogne-Franche-Comt\u00e9,  commandant  le  groupement  de  gendarmerie  \nd\u00e9partementale de la C\u00f4te-d'Or sont charg\u00e9s, chacun en ce qui le concerne, de l'ex\u00e9cution du pr\u00e9sent  \narr\u00eat\u00e9 qui sera adress\u00e9 pour copie \u00e0 monsieur le procureur de la R\u00e9publique pr\u00e8s le tribunal judiciaire de  \nDijon.\nFait \u00e0 Dijon, le 06 janvier 2026\nLe pr\u00e9fet,\nPour le pr\u00e9fet et par d\u00e9l\u00e9gation,\nLa sous-pr\u00e9f\u00e8te, directrice de cabinet,\noriginal sign\u00e9\nAur\u00e9lie CONTRECIVILE\nPr\u00e9fecture de la C\u00f4te-d'Or - 21-2026-01-06-00002 - Arr\u00eat\u00e9 pr\u00e9fectoral N\u00b025 autorisant la captation, l'enregistrement et la transmission\nd'images\nau moyen de cam\u00e9ras install\u00e9es sur des a\u00e9ronefs\n9","date":"2026-01-06","first_seen_on":"2026-01-06T11:14:03+00:00","id":"4afca2e4485db6a1dfc06f1b9eb89f8c266d1ba466ebf8aff50a6b1a9e3f6958","name":"RAA n\u00b0 005 du 06 janvier 2026","pdf_creation_date":"2026-01-06T10:11:39+00:00","pdf_modification_date":null,"timezone":"Europe/Paris","url":"https://www.cote-dor.gouv.fr/contenu/telechargement/25363/194050/file/recueil-21-2026-005-recueil-des-actes-administratifs-special.pdf"}
