{"administration":"pref01","administration_name":"Pr\u00e9fecture de l\u2019Ain","content":"AIN\nRECUEIL DES ACTES\nADMINISTRATIFS SP\u00c9CIAL\nN\u00b001-2025-286\nPUBLI\u00c9 LE  9 SEPTEMBRE 2025\nSommaire\n01_DDETS_Direction d\u00e9partementale de l'emploi, du travail et des\nsolidarit\u00e9s de l'Ain / Direction\n01-2025-09-01-00013 - Arr\u00eat\u00e9 portant agr\u00e9ment\nd'un organisme de\nservices \u00e0 la personne\nN\u00b0 SAP948647466\nN\u00b0 SIREN\n948647466\nEXPANSION 01 BELLEY (3 pages) Page 5\n01-2025-08-22-00006 - R\u00e9c\u00e9piss\u00e9 de d\u00e9claration\nd'un organisme\nde services \u00e0 la personne\nenregistr\u00e9 sous le N\u00b0\nSAP341672699\nRoger CELICE (ROGER FACTOTUM) (2 pages) Page 9\n01-2025-08-22-00007 - R\u00e9c\u00e9piss\u00e9 de d\u00e9claration\nd'un organisme\nde services \u00e0 la personne\nenregistr\u00e9 sous le N\u00b0\nSAP808455778\nPINTEAU AOUATIF (2 pages) Page 12\n01-2025-08-26-00010 - R\u00e9c\u00e9piss\u00e9 de d\u00e9claration\nd'un organisme\nde services \u00e0 la personne\nenregistr\u00e9 sous le N\u00b0\nSAP827911496\nEsther SADANI (DUONG) (LACE AND GRACE) (2 pages) Page 15\n01-2025-08-25-00008 - R\u00e9c\u00e9piss\u00e9 de d\u00e9claration\nd'un organisme\nde services \u00e0 la personne\nenregistr\u00e9 sous le N\u00b0\nSAP937846012\nHocine YAKOUBI (ILYAN (2 pages) Page 18\n01-2025-08-26-00008 - R\u00e9c\u00e9piss\u00e9 de d\u00e9claration\nd'un organisme\nde services \u00e0 la personne\nenregistr\u00e9 sous le N\u00b0\nSAP943449058\nLucas TAMI (2 pages) Page 21\n01-2025-09-01-00014 - R\u00e9c\u00e9piss\u00e9 de d\u00e9claration\nd'un organisme\nde services \u00e0 la personne\nenregistr\u00e9 sous le N\u00b0\nSAP948647466\nEXPANSION 01 BELLEY (2 pages) Page 24\n01-2025-08-22-00004 - R\u00e9c\u00e9piss\u00e9 de d\u00e9claration\nd'un organisme\nde services \u00e0 la personne\nenregistr\u00e9 sous le N\u00b0\nSAP984959387\nBryan BALME (2BSERVICES) (2 pages) Page 27\n01-2025-08-25-00009 - R\u00e9c\u00e9piss\u00e9 de d\u00e9claration\nd'un organisme\nde services \u00e0 la personne\nenregistr\u00e9 sous le N\u00b0\nSAP988184933\nCamille JULIEN (CJ SERVICES) (2 pages) Page 30\n01-2025-08-26-00011 - R\u00e9c\u00e9piss\u00e9 de d\u00e9claration\nd'un organisme\nde services \u00e0 la personne\nenregistr\u00e9 sous le N\u00b0\nSAP988383873\nFlavie FAURE (FAURE) (2 pages) Page 33\n01-2025-08-26-00013 - R\u00e9c\u00e9piss\u00e9 de d\u00e9claration\nd'un organisme\nde services \u00e0 la personne\nenregistr\u00e9 sous le N\u00b0\nSAP990021792\nMathieu SCHOENER (LE BIAU CLOS) (2 pages) Page 36\n01-2025-08-26-00014 - R\u00e9c\u00e9piss\u00e9 de d\u00e9claration\nd'un organisme\nde services \u00e0 la personne\nenregistr\u00e9 sous le N\u00b0\nSAP990238768\nGuillaume MOUTIER (GM SERVICES) (2 pages) Page 39\n2\n01-2025-08-22-00005 - R\u00e9c\u00e9piss\u00e9 de d\u00e9claration\nd'un organisme\nde services \u00e0 la personne\nenregistr\u00e9 sous le N\u00b0\nSAP990270910\nGisele ALLENOU (2 pages) Page 42\n01-2025-08-26-00009 - R\u00e9c\u00e9piss\u00e9 de d\u00e9claration\nd'un organisme\nde services \u00e0 la personne\nenregistr\u00e9 sous le N\u00b0\nSAP990385635\nValentine HALILI (2 pages) Page 45\n01-2025-08-26-00012 - R\u00e9c\u00e9piss\u00e9 de d\u00e9claration\nd'un organisme\nde services \u00e0 la personne\nenregistr\u00e9 sous le N\u00b0\nSAP990408809\nLydia AVANOGLU (HANNEQUART) (2 pages) Page 48\n01_DDFIP_Direction d\u00e9partementale des finances publiques de l'Ain /\n01-2025-09-08-00001 - D\u00e9l\u00e9gation de signature - Paierie - septembre\n2025 (1 page) Page 51\n01_DDT_Direction d\u00e9partementale des territoires de l'Ain /\n01-2025-09-08-00003 -\n2025ArreteAttributifSubFondsVertMontagneMatafelonGrangesRaa (7\npages) Page 53\n01-2025-09-08-00005 - Arr\u00eat\u00e9 A R R \u00ca T \u00c9\nportant modification \u00e0\nl'arr\u00eat\u00e9 pr\u00e9fectoral d'autorisation d'occupation du domaine\npublic\nfluvial et de pr\u00e9l\u00e8vement d'eau dans la rivi\u00e8re \u00ab le Furans \u00bb,\nau lieu-dit \u00ab Manillon \u00bb\nsur le territoire de la commune\nd'ARBOYS-EN-BUGEY accord\u00e9e \u00e0 la SCEA la P\u00e9lissi\u00e8re en date du 19\noctobre 2023  (3 pages) Page 61\n01-2025-09-08-00004 - Arr\u00eat\u00e9 portant modification \u00e0 l'arr\u00eat\u00e9\npr\u00e9fectoral d'autorisation d'occupation du domaine public fluvial et\nde pr\u00e9l\u00e8vement d'eau dans la rivi\u00e8re \u00ab le Furans \u00bb, au lieu-dit \u00ab\nOrmaye \u00bb sur le territoire de la commune d'ARBOYS-EN-BUGEY\naccord\u00e9e \u00e0 la SCEA la P\u00e9lissi\u00e8re en date du 19 octobre 2023 (3\npages) Page 65\n01-2025-09-08-00002 - ARR\u00caT\u00c9 PR\u00c9FECTORAL\nPortant d\u00e9l\u00e9gation\nde signature \u00e0 Monsieur Vincent PATRIARCA,\ndirecteur\nd\u00e9partemental des territoires de l'Ain (35 pages) Page 69\n01-2025-09-09-00002 - Habilitation \u00e0 r\u00e9aliser les analyses d'impact\nexig\u00e9es dans la composition des dossiers de demande d'autorisation\nd'exploitation commerciale - BEI_06_2025 (2 pages) Page 105\n01-2025-09-09-00001 - Habilitation \u00e0 r\u00e9aliser les certificats de\nconformit\u00e9 attestant du respect d'une autorisation d'exploitation\ncommerciale - BCC_06_2025 (2 pages) Page 108\n01_Pref_Pr\u00e9fecture de l'Ain /\n01-2025-09-09-00004 -  Arr\u00eat\u00e9 autorisant la captation, l'enregistrement\net la transmission d'images au moyen de cam\u00e9ras install\u00e9es sur des\na\u00e9ronefs (2 pages) Page 111\n3\n01-2025-09-09-00003 - Arr\u00eat\u00e9 autorisant la captation, l'enregistrement et\nla transmission d'images au moyen de cam\u00e9ras install\u00e9es sur des\na\u00e9ronefs  (2 pages) Page 114\n01-2025-09-09-00005 - portant diverses mesures d'interdiction\ndu mardi\n09 septembre 2025 \u00e0 18h00 au jeudi 11 septembre 2025 \u00e0 08h00\nsur\nl'ensemble du d\u00e9partement de l'Ain (3 pages) Page 117\n4\n01_DDETS_Direction d\u00e9partementale de\nl'emploi, du travail et des solidarit\u00e9s de l'Ain\n01-2025-09-01-00013\nArr\u00eat\u00e9 portant agr\u00e9ment\nd'un organisme de services \u00e0 la personne\nN\u00b0 SAP948647466\nN\u00b0 SIREN 948647466\nEXPANSION 01 BELLEY\n01_DDETS_Direction d\u00e9partementale de l'emploi, du travail et des solidarit\u00e9s de l'Ain - 01-2025-09-01-00013 - Arr\u00eat\u00e9 portant agr\u00e9ment\nd'un organisme de services \u00e0 la personne\nN\u00b0 SAP948647466\nN\u00b0 SIREN 948647466\nEXPANSION 01 BELLEY\n5\nEMPREFETE aeDE L'AIN solidarit\u00e9sLibert\u00e9Egalit\u00e9Fraternit\u00e9\nDirection d\u00e9partementale de l'emploi, du travail et des\nArr\u00eat\u00e9 portant agr\u00e9mentd'un organisme de services \u00e0 la personneN\u00b0 SAP948647466N\u00b0 SIREN 948647466\nVu le code du travail, notamment ses articles L. 7232-1, R. 7232-1 \u00e0 R. 7232-10, D. 7231-1, D.7231-2 etD.7233-1 ;Vu le cahier des charges pr\u00e9vu a l'article R. 7232-6 du code du travail ;Vu la demande d'agr\u00e9ment pr\u00e9sent\u00e9e le 10/06/2025, par M. RICHARD Guillaume en qualit\u00e9 dedirigeant;Vu l'avis \u00e9mis le 27/08/2025 par le pr\u00e9sident du conseil d\u00e9partemental de l'Ain pour l'activit\u00e9 degarde d'enfant de moins de 3 ans ou de moins de 18 ans handicap\u00e9s;Vu la compl\u00e9tude du dossier le 01/09/2025;La pr\u00e9f\u00e8te de l'AinArr\u00eate :Article 1erL'agr\u00e9ment de l'organisme EXPANSION 01 BELLEY (SAP948647466), dont l'\u00e9tablissement principalest situ\u00e9 10 Boulevard DU MAIL 01300 BELLEY est accord\u00e9 pour une dur\u00e9e de cinq ans \u00e0 compter du10/06/2025.La demande de renouvellement devra \u00eatre d\u00e9pos\u00e9e dans les conditions fix\u00e9es par l'article R.7232-8et, au plus tard, trois mois avant la fin de cet agr\u00e9ment.Article 2Cet agr\u00e9ment couvre les activit\u00e9s selon le mode d'intervention indiqu\u00e9 et les d\u00e9partements suivants\u00a2\u00ab Garde d'enfants de moins de 3 ans et de moins de 18 ans handicap\u00e9s \u00e0 domicile (moded'intervention Prestataire) - (01)+. Accompagnement des enfants de moins de 3 ans ou de moins de 18 ans handicap\u00e9s(mode d'intervention Prestataire) - (01)\u00ab Assistance aux personnes \u00e2g\u00e9es (mandataire et/ou mise \u00e0 disposition) (moded'intervention Mandataire) - (01)\u00ab Assistance aux personnes handicap\u00e9es (mandataire et/ou mise \u00e0 disposition) (moded'intervention Mandataire) - (01)\n \n \n \n \n01_DDETS_Direction d\u00e9partementale de l'emploi, du travail et des solidarit\u00e9s de l'Ain - 01-2025-09-01-00013 - Arr\u00eat\u00e9 portant agr\u00e9ment\nd'un organisme de services \u00e0 la personne\nN\u00b0 SAP948647466\nN\u00b0 SIREN 948647466\nEXPANSION 01 BELLEY\n6\n+ Conduite de v\u00e9hicule des PA/PH (mandataire et/ou mise \u00e0 disposition) (moded'intervention Mandataire) - (01)e Accompagnement des PA/PH dans leurs d\u00e9placements (mandataire et/ou mise \u00e0disposition) (mode d'intervention Mandataire) - (01)Article 3Si l'organisme envisage de fournir des activit\u00e9s autres que celles pour lesquelles il est agr\u00e9\u00e9 oud'exercer ses activit\u00e9s dans un d\u00e9partement autre que celui pour lequel il est agr\u00e9\u00e9, il devra solliciterune modification pr\u00e9alable de son agr\u00e9ment.Si l'organisme propose des activit\u00e9s de garde ou d'accompagnement d'enfants de moins de 3 ans oude moins de 18 ans handicap\u00e9s, il devra solliciter une modification pr\u00e9alable de son agr\u00e9ment en casde changement de mode d'intervention.L'ouverture d'un nouvel \u00e9tablissement dans un d\u00e9partement pour lequel il est agr\u00e9\u00e9 devra \u00e9galementfaire l'objet d'une information pr\u00e9alable aupr\u00e8s du service instructeur.Article 4Le pr\u00e9sent agr\u00e9ment pourra \u00eatre retir\u00e9 si l'organisme agr\u00e9\u00e9 :- cesse de remplir les conditions ou de respecter les obligations mentionn\u00e9es aux articlesR.7232-4 \u00e0 R.7232-9 du code du travail.- ne respecte pas les dispositions l\u00e9gales relatives \u00e0 la sant\u00e9 et \u00e0 la s\u00e9curit\u00e9 au travail,- exerce d'autres activit\u00e9s que celles mentionn\u00e9es dans le pr\u00e9sent arr\u00eat\u00e9,- ne transmet pas au pr\u00e9fet comp\u00e9tent les statistiques mentionn\u00e9es \u00e0 l'article R.7232-9 du codedu travail.Article 5Cet agr\u00e9ment n'ouvre pas droit aux avantages fiscaux et sociaux fix\u00e9s par l'article L.7233-2 du codedu travail et L.241-10 du code de la s\u00e9curit\u00e9 sociale. Conform\u00e9ment \u00e0 l'article L.7232-1-1 du code dutravail, pour ouvrir droit \u00e0 ces dispositions, l'organisme doit se d\u00e9clarer et n'exercer que les activit\u00e9sd\u00e9clar\u00e9es, \u00e0 l'exclusion de toute autre (ou tenir une comptabilit\u00e9 s\u00e9par\u00e9e pour les organismesdispens\u00e9s de cette condition par l'article L. 7232-1-2).Article 6Le pr\u00e9sent arr\u00eat\u00e9 sera publi\u00e9 au recueil des actes administratifs de la pr\u00e9fecture.Il peut, dans les deux mois \u00e0 compter de sa notification, faire l'objet d'un recours gracieux aupr\u00e8s duservice instructeur de I' Ain ou d'un recours hi\u00e9rarchique adress\u00e9 au ministre charg\u00e9 de l'\u00e9conomie -direction g\u00e9n\u00e9rale des entreprises - sous-direction des services marchands, 61 Boulevard VincentAuriol, 75703 PARIS CEDEX 13.Il peut \u00e9galement faire l'objet d'un recours contentieux aupr\u00e8s du tribunal administratif de Lyon dansun d\u00e9lai de deux mois \u00e0 compter de sa notification.Le tribunal administratif peut aussi \u00eatre saisi par l'application informatique \u00ab T\u00e9l\u00e9recours citoyen \u00bbaccessible sur le site internet http://www.telerecours.fr/\n01_DDETS_Direction d\u00e9partementale de l'emploi, du travail et des solidarit\u00e9s de l'Ain - 01-2025-09-01-00013 - Arr\u00eat\u00e9 portant agr\u00e9ment\nd'un organisme de services \u00e0 la personne\nN\u00b0 SAP948647466\nN\u00b0 SIREN 948647466\nEXPANSION 01 BELLEY\n7\nEn cas de rejet du recours gracieux ou hi\u00e9rarchique ou en l'absence de r\u00e9ponse a ce recours (rejetimplicite), un recours contentieux devant le tribunal administratif peut \u00e9galement \u00eatre form\u00e9 contrela d\u00e9cision initiale dans un d\u00e9lai de deux mois \u00e0 compter de ce rejet.Fait \u00e0 Bourg-en-Bresse, le 01/09/2025Pour la pr\u00e9f\u00e8te et par d\u00e9l\u00e9gation dudirecteur d\u00e9partemental de l'emploi, dutravail et des solidarit\u00e9s de l'AinLa responsable du service Insertionprofessionnelle et EmploiNolwenn DUBAND-GEORGELIN\n \n \n01_DDETS_Direction d\u00e9partementale de l'emploi, du travail et des solidarit\u00e9s de l'Ain - 01-2025-09-01-00013 - Arr\u00eat\u00e9 portant agr\u00e9ment\nd'un organisme de services \u00e0 la personne\nN\u00b0 SAP948647466\nN\u00b0 SIREN 948647466\nEXPANSION 01 BELLEY\n8\n01_DDETS_Direction d\u00e9partementale de\nl'emploi, du travail et des solidarit\u00e9s de l'Ain\n01-2025-08-22-00006\nR\u00e9c\u00e9piss\u00e9 de d\u00e9claration\nd'un organisme de services \u00e0 la personne\nenregistr\u00e9 sous le N\u00b0 SAP341672699\nRoger CELICE (ROGER FACTOTUM)\n01_DDETS_Direction d\u00e9partementale de l'emploi, du travail et des solidarit\u00e9s de l'Ain - 01-2025-08-22-00006 - R\u00e9c\u00e9piss\u00e9 de\nd\u00e9claration\nd'un organisme de services \u00e0 la personne\nenregistr\u00e9 sous le N\u00b0 SAP341672699\nRoger CELICE (ROGER FACTOTUM)\n9\nPREFETE Direction d\u00e9partementale de l'emploi, du travail et desDE L'AIN solidarit\u00e9sLibert\u00e9Egalit\u00e9Fraternit\u00e9\nR\u00e9c\u00e9piss\u00e9 de d\u00e9clarationd'un organisme de services \u00e0 la personneenregistr\u00e9 sous le N\u00b0 SAP341672699\nVu le code du travail et notamment les articles L.7231-1 \u00e0 L.7233-2, R.7232-16 \u00e0 R.7232-22, D.7231-1 etD.7233-1 \u00e0 D.7233-5;\nVu la demande de d\u00e9claration d\u00e9pos\u00e9e par l'organisme ROGER FACTOTUM, 23 IMPASSE DECURTIL SUD 01190 SERMOYER, le 12/08/2025 ;\nLa pr\u00e9f\u00e8te de l'AinConstate :Qu'une d\u00e9claration d'activit\u00e9s de services \u00e0 la personne a \u00e9t\u00e9 d\u00e9pos\u00e9e aupr\u00e8s du service instructeurde l'Ain, le 12/08/2025 par M. CELICE ROGER en qualit\u00e9 de dirigeant, pour l'organisme ROGERFACTOTUM dont l'\u00e9tablissement principal est situ\u00e9 23 IMPASSE DE CURTIL SUD 01190 SERMOYER etenregistr\u00e9 sous le N\u00b0 SAP341672699 pour les activit\u00e9s suivantes :\u00a2 Petits travaux de jardinage (mode d'intervention Prestataire)\u00a2 Travaux de petit bricolage (mode d'intervention Prestataire)Toute modification concernant les activit\u00e9s exerc\u00e9es devra faire l'objet d'une d\u00e9claration modificativepr\u00e9alable.Sous r\u00e9serve d'\u00eatre exerc\u00e9es \u00e0 titre exclusif (ou sous r\u00e9serve d'une comptabilit\u00e9 s\u00e9par\u00e9e pour lespersonnes morales dispens\u00e9es de cette condition), ces activit\u00e9s ouvrent droit au b\u00e9n\u00e9fice desdispositions des articles L. 7233-2 du code du travail et L.241-10 du code de la s\u00e9curit\u00e9 sociale dans lesconditions pr\u00e9vues par ces articles.Les effets de la d\u00e9claration courent \u00e0 compter du jour du d\u00e9p\u00f4t de la d\u00e9claration sous r\u00e9serve desdispositions de l'article R.7232-18 du code du travail. Le pr\u00e9sent r\u00e9c\u00e9piss\u00e9 n'est pas limit\u00e9 dans letemps. La d\u00e9claration a une port\u00e9e nationale.Le cas \u00e9ch\u00e9ant:En application des articles L.7232-1 et R.7232-1 \u00e0 R.7232-15, les activit\u00e9s n\u00e9cessitant un agr\u00e9ment (Ide l'article D.7231-1 du code du travail) n'ouvrent droit \u00e0 ces dispositions que si l'organisme apr\u00e9alablement obtenu l'agr\u00e9ment ou le renouvellement de cet agr\u00e9ment dans le ou lesd\u00e9partement(s) d'exercice de ses activit\u00e9s.De m\u00eame, en application de l'article D.312-6-2 du code de l'action sociale et des familles, les activit\u00e9sn\u00e9cessitant une autorisation n'ouvrent droit \u00e0 ces dispositions que si l'organisme a pr\u00e9alablementobtenu l'autorisation ou le renouvellement de cette autorisation.L'enregistrement de la d\u00e9claration peut \u00eatre retir\u00e9 dans les conditions fix\u00e9es aux articles R.7232-20 \u00e0 R.7232-22 du code du travail.Le pr\u00e9sent r\u00e9c\u00e9piss\u00e9 sera publi\u00e9 au recueil des actes administratifs de la pr\u00e9fecture.Le pr\u00e9sent r\u00e9c\u00e9piss\u00e9 peut, \u00e0 compter de sa notification, faire l'objet d'un recours gracieux aupr\u00e8sservice instructeur de I' Ain ou d'un recours hi\u00e9rarchique adress\u00e9 au ministre charg\u00e9 de l'\u00e9conomie -Direction g\u00e9n\u00e9rale des entreprises \u2014 sous-direction des services marchands, 61 Boulevard VincentAuriol, 75703 PARIS CEDEX 13.Il peut \u00e9galement faire l'objet d'un recours contentieux dans un d\u00e9lai de deux mois \u00e0 compter de sanotification aupr\u00e8s du tribunal administratif Lyon.Le tribunal administratif peut aussi \u00eatre saisi par l'application informatique \u00ab T\u00e9l\u00e9recours citoyen \u00bbaccessible sur le site internet http://www.telerecours.fr/\n \n01_DDETS_Direction d\u00e9partementale de l'emploi, du travail et des solidarit\u00e9s de l'Ain - 01-2025-08-22-00006 - R\u00e9c\u00e9piss\u00e9 de\nd\u00e9claration\nd'un organisme de services \u00e0 la personne\nenregistr\u00e9 sous le N\u00b0 SAP341672699\nRoger CELICE (ROGER FACTOTUM)\n10\nEn cas de rejet du recours gracieux ou hi\u00e9rarchique ou en l'absence de r\u00e9ponse a ce recours (rejetimplicite), un recours contentieux devant le tribunal administratif Lyon peut \u00e9galement \u00eatre form\u00e9contre la d\u00e9cision initiale dans un d\u00e9lai de deux mois \u00e0 compter de ce rejet.\nFait \u00e0 Bourg-en-Bresse, le 22/08/2025Pour la pr\u00e9f\u00e8te et par d\u00e9l\u00e9gation du directeurd\u00e9partemental de l'emploi, du travail et dessolidarit\u00e9s de l'AinLe responsable du P\u00f4le Insertion Emploi etSolidarit\u00e9s\nJean-Eudes BENTATA\n01_DDETS_Direction d\u00e9partementale de l'emploi, du travail et des solidarit\u00e9s de l'Ain - 01-2025-08-22-00006 - R\u00e9c\u00e9piss\u00e9 de\nd\u00e9claration\nd'un organisme de services \u00e0 la personne\nenregistr\u00e9 sous le N\u00b0 SAP341672699\nRoger CELICE (ROGER FACTOTUM)\n11\n01_DDETS_Direction d\u00e9partementale de\nl'emploi, du travail et des solidarit\u00e9s de l'Ain\n01-2025-08-22-00007\nR\u00e9c\u00e9piss\u00e9 de d\u00e9claration\nd'un organisme de services \u00e0 la personne\nenregistr\u00e9 sous le N\u00b0 SAP808455778\nPINTEAU AOUATIF\n01_DDETS_Direction d\u00e9partementale de l'emploi, du travail et des solidarit\u00e9s de l'Ain - 01-2025-08-22-00007 - R\u00e9c\u00e9piss\u00e9 de\nd\u00e9claration\nd'un organisme de services \u00e0 la personne\nenregistr\u00e9 sous le N\u00b0 SAP808455778\nPINTEAU AOUATIF\n12\nPREFETE Direction d\u00e9partementale de l'emploi, du travail et desDE L'AIN solidarit\u00e9sLibert\u00e9\u00c9galit\u00e9Fraternit\u00e9\nR\u00e9c\u00e9piss\u00e9 de d\u00e9clarationd'un organisme de services \u00e0 la personneenregistr\u00e9 sous le N\u00b0 SAP808455778\nVu le code du travail et notamment les articles L.7231-1 \u00e0 L.7233-2, R.7232-16 \u00e0 R.7232-22, D.7231-1 etD.7233-1 \u00e0 D.7233-5;\nVu la demande de d\u00e9claration d\u00e9pos\u00e9e par l'organisme PINTEAU AOUATIF, 36 Route Des Sorbiers01480 FRANS, le 11/08/2025 ;\nLa pr\u00e9f\u00e8te de l'AinConstate :Qu'une d\u00e9claration d'activit\u00e9s de services \u00e0 la personne a \u00e9t\u00e9 d\u00e9pos\u00e9e aupr\u00e8s du service instructeurde l'Ain, le 11/08/2025 par Mme. PINTEAU Aouatif en qualit\u00e9 de dirigeante, pour l'organisme PINTEAUAOUATIF dont l'\u00e9tablissement principal est situ\u00e9 36 Route Des Sorbiers 01480 FRANS et enregistr\u00e9sous le N\u00b0 SAP808455778 pour les activit\u00e9s suivantes :\u00ab Entretien de la maison et travaux m\u00e9nagers (mode d'intervention Prestataire)+ Pr\u00e9paration de repas \u00e0 domicile (mode d'intervention Prestataire)\u00a2 Livraison de courses a domicile (mode d'intervention Prestataire)Toute modification concernant les activit\u00e9s exerc\u00e9es devra faire l'objet d'une d\u00e9claration modificativepr\u00e9alable.Sous r\u00e9serve d'\u00eatre exerc\u00e9es \u00e0 titre exclusif (ou sous r\u00e9serve d'une comptabilit\u00e9 s\u00e9par\u00e9e pour lespersonnes morales dispens\u00e9es de cette condition), ces activit\u00e9s ouvrent droit au b\u00e9n\u00e9fice desdispositions des articles L. 7233-2 du code du travail et L.241-10 du code de la s\u00e9curit\u00e9 sociale dans lesconditions pr\u00e9vues par ces articles.Les effets de la d\u00e9claration courent \u00e0 compter du jour du 01/09/2025 sous r\u00e9serve des dispositions del'article R.7232-18 du code du travail. Le pr\u00e9sent r\u00e9c\u00e9piss\u00e9 n'est pas limit\u00e9 dans le temps. La d\u00e9clarationa une port\u00e9e nationale.Le cas \u00e9ch\u00e9ant:En application des articles L.7232-1 et R.7232-1 \u00e0 R.7232-15, les activit\u00e9s n\u00e9cessitant un agr\u00e9ment (Ide l'article D.7231-1 du code du travail) n'ouvrent droit \u00e0 ces dispositions que si l'organisme apr\u00e9alablement obtenu l'agr\u00e9ment ou le renouvellement de cet agr\u00e9ment dans le ou lesd\u00e9partement(s) d'exercice de ses activit\u00e9s.De m\u00eame, en application de l'article D.312-6-2 du code de l'action sociale et des familles, les activit\u00e9sn\u00e9cessitant une autorisation n'ouvrent droit \u00e0 ces dispositions que si l'organisme a pr\u00e9alablementobtenu l'autorisation ou le renouvellement de cette autorisation.L'enregistrement de la d\u00e9claration peut \u00eatre retir\u00e9 dans les conditions fix\u00e9es aux articles R.7232-20 \u00e0 R.7232-22 du code du travail.Le pr\u00e9sent r\u00e9c\u00e9piss\u00e9 sera publi\u00e9 au recueil des actes administratifs de la pr\u00e9fecture.Le pr\u00e9sent r\u00e9c\u00e9piss\u00e9 peut, \u00e0 compter de sa notification, faire l'objet d'un recours gracieux aupr\u00e8sservice instructeur de I' Ain ou d'un recours hi\u00e9rarchique adress\u00e9 au ministre charg\u00e9 de l'\u00e9conomie -Direction g\u00e9n\u00e9rale des entreprises \u2014 sous-direction des services marchands, 61 Boulevard VincentAuriol, 75703 PARIS CEDEX 13.Il peut \u00e9galement faire l'objet d'un recours contentieux dans un d\u00e9lai de deux mois \u00e0 compter de sanotification aupr\u00e8s du tribunal administratif Lyon.Le tribunal administratif peut aussi \u00eatre saisi par l'application informatique \u00ab T\u00e9l\u00e9recours citoyen \u00bbaccessible sur le site internet http://www.telerecours.fr/\n \n01_DDETS_Direction d\u00e9partementale de l'emploi, du travail et des solidarit\u00e9s de l'Ain - 01-2025-08-22-00007 - R\u00e9c\u00e9piss\u00e9 de\nd\u00e9claration\nd'un organisme de services \u00e0 la personne\nenregistr\u00e9 sous le N\u00b0 SAP808455778\nPINTEAU AOUATIF\n13\nEn cas de rejet du recours gracieux ou hi\u00e9rarchique ou en l'absence de r\u00e9ponse a ce recours (rejetimplicite), un recours contentieux devant le tribunal administratif Lyon peut \u00e9galement \u00eatre form\u00e9contre la d\u00e9cision initiale dans un d\u00e9lai de deux mois \u00e0 compter de ce rejet.\nFait \u00e0 Bourg-en-Bresse, le 22/08/2025Pour la pr\u00e9f\u00e8te et par d\u00e9l\u00e9gation du directeurd\u00e9partemental de l'emploi, du travail et dessolidarit\u00e9s de l'AinLe responsable du P\u00f4le Insertion Emploi etSolidarit\u00e9s\nJean-Eudes BENTATA\n01_DDETS_Direction d\u00e9partementale de l'emploi, du travail et des solidarit\u00e9s de l'Ain - 01-2025-08-22-00007 - R\u00e9c\u00e9piss\u00e9 de\nd\u00e9claration\nd'un organisme de services \u00e0 la personne\nenregistr\u00e9 sous le N\u00b0 SAP808455778\nPINTEAU AOUATIF\n14\n01_DDETS_Direction d\u00e9partementale de\nl'emploi, du travail et des solidarit\u00e9s de l'Ain\n01-2025-08-26-00010\nR\u00e9c\u00e9piss\u00e9 de d\u00e9claration\nd'un organisme de services \u00e0 la personne\nenregistr\u00e9 sous le N\u00b0 SAP827911496\nEsther SADANI (DUONG) (LACE AND GRACE)\n01_DDETS_Direction d\u00e9partementale de l'emploi, du travail et des solidarit\u00e9s de l'Ain - 01-2025-08-26-00010 - R\u00e9c\u00e9piss\u00e9 de\nd\u00e9claration\nd'un organisme de services \u00e0 la personne\nenregistr\u00e9 sous le N\u00b0 SAP827911496\nEsther SADANI (DUONG) (LACE AND GRACE)\n15\nPREFETE Direction d\u00e9partementale de l'emploi, du travail et desDE L'AIN solidarit\u00e9sLibert\u00e9\u00c9galit\u00e9Fraternit\u00e9\nR\u00e9c\u00e9piss\u00e9 de d\u00e9clarationd'un organisme de services \u00e0 la personneenregistr\u00e9 sous le N\u00b0 SAP827911496\nVu le code du travail et notamment les articles L.7231-1 \u00e0 L.7233-2, R.7232-16 \u00e0 R.7232-22, D.7231-1 etD.7233-1 \u00e0 D.7233-5;\nVu la demande de d\u00e9claration d\u00e9pos\u00e9e par l'organisme LACE AND GRACE, 274 Rue Fran\u00e7oisMitterand 01630 SAINT-GENIS-POUILLY, le 21/08/2025 ;\nLa pr\u00e9f\u00e8te de l'AinConstate :Qu'une d\u00e9claration d'activit\u00e9s de services \u00e0 la personne a \u00e9t\u00e9 d\u00e9pos\u00e9e aupr\u00e8s du service instructeurde l'Ain, le 21/08/2025 par Mme. Sadani Esther en qualit\u00e9 de dirigeante, pour l'organisme LACE ANDGRACE dont l'\u00e9tablissement principal est situ\u00e9 274 Rue Fran\u00e7ois Mitterand 01630 SAINT-GENIS-POUILLY et enregistr\u00e9 sous le N\u00b0 SAP827911496 pour les activit\u00e9s suivantes :\u00ab Soutien scolaire ou cours a domicile (mode d'intervention Prestataire)Toute modification concernant les activit\u00e9s exerc\u00e9es devra faire l'objet d'une d\u00e9claration modificativepr\u00e9alable.Sous r\u00e9serve d'\u00eatre exerc\u00e9es \u00e0 titre exclusif (ou sous r\u00e9serve d'une comptabilit\u00e9 s\u00e9par\u00e9e pour lespersonnes morales dispens\u00e9es de cette condition), ces activit\u00e9s ouvrent droit au b\u00e9n\u00e9fice desdispositions des articles L. 7233-2 du code du travail et L.241-10 du code de la s\u00e9curit\u00e9 sociale dans lesconditions pr\u00e9vues par ces articles.Les effets de la d\u00e9claration courent \u00e0 compter du jour du d\u00e9p\u00f4t de la d\u00e9claration sous r\u00e9serve desdispositions de l'article R.7232-18 du code du travail. Le pr\u00e9sent r\u00e9c\u00e9piss\u00e9 n'est pas limit\u00e9 dans letemps. La d\u00e9claration a une port\u00e9e nationale.Le cas \u00e9ch\u00e9ant:En application des articles L.7232-1 et R.7232-1 \u00e0 R.7232-15, les activit\u00e9s n\u00e9cessitant un agr\u00e9ment (Ide l'article D.7231-1 du code du travail) n'ouvrent droit \u00e0 ces dispositions que si l'organisme apr\u00e9alablement obtenu l'agr\u00e9ment ou le renouvellement de cet agr\u00e9ment dans le ou lesd\u00e9partement(s) d'exercice de ses activit\u00e9s.De m\u00eame, en application de l'article D.312-6-2 du code de l'action sociale et des familles, les activit\u00e9sn\u00e9cessitant une autorisation n'ouvrent droit \u00e0 ces dispositions que si l'organisme a pr\u00e9alablementobtenu l'autorisation ou le renouvellement de cette autorisation.L'enregistrement de la d\u00e9claration peut \u00eatre retir\u00e9 dans les conditions fix\u00e9es aux articles R.7232-20 \u00e0 R.7232-22 du code du travail.Le pr\u00e9sent r\u00e9c\u00e9piss\u00e9 sera publi\u00e9 au recueil des actes administratifs de la pr\u00e9fecture.Le pr\u00e9sent r\u00e9c\u00e9piss\u00e9 peut, \u00e0 compter de sa notification, faire l'objet d'un recours gracieux aupr\u00e8sservice instructeur de I' Ain ou d'un recours hi\u00e9rarchique adress\u00e9 au ministre charg\u00e9 de l'\u00e9conomie -Direction g\u00e9n\u00e9rale des entreprises \u2014 sous-direction des services marchands, 61 Boulevard VincentAuriol, 75703 PARIS CEDEX 13.Il peut \u00e9galement faire l'objet d'un recours contentieux dans un d\u00e9lai de deux mois \u00e0 compter de sanotification aupr\u00e8s du tribunal administratif Lyon.Le tribunal administratif peut aussi \u00eatre saisi par l'application informatique \u00ab T\u00e9l\u00e9recours citoyen \u00bbaccessible sur le site internet http://www.telerecours.fr/\n \n01_DDETS_Direction d\u00e9partementale de l'emploi, du travail et des solidarit\u00e9s de l'Ain - 01-2025-08-26-00010 - R\u00e9c\u00e9piss\u00e9 de\nd\u00e9claration\nd'un organisme de services \u00e0 la personne\nenregistr\u00e9 sous le N\u00b0 SAP827911496\nEsther SADANI (DUONG) (LACE AND GRACE)\n16\nEn cas de rejet du recours gracieux ou hi\u00e9rarchique ou en l'absence de r\u00e9ponse a ce recours (rejetimplicite), un recours contentieux devant le tribunal administratif Lyon peut \u00e9galement \u00eatre form\u00e9contre la d\u00e9cision initiale dans un d\u00e9lai de deux mois \u00e0 compter de ce rejet.\nFait \u00e0 Bourg-en-Bresse, le 26/08/2025Pour la pr\u00e9f\u00e8te et par d\u00e9l\u00e9gation du directeurd\u00e9partemental de l'emploi, du travail et dessolidarit\u00e9s de l'AinLe responsable du P\u00f4le Insertion Emploi etSolidarit\u00e9s\nJean-Eudes BENTATA\n01_DDETS_Direction d\u00e9partementale de l'emploi, du travail et des solidarit\u00e9s de l'Ain - 01-2025-08-26-00010 - R\u00e9c\u00e9piss\u00e9 de\nd\u00e9claration\nd'un organisme de services \u00e0 la personne\nenregistr\u00e9 sous le N\u00b0 SAP827911496\nEsther SADANI (DUONG) (LACE AND GRACE)\n17\n01_DDETS_Direction d\u00e9partementale de\nl'emploi, du travail et des solidarit\u00e9s de l'Ain\n01-2025-08-25-00008\nR\u00e9c\u00e9piss\u00e9 de d\u00e9claration\nd'un organisme de services \u00e0 la personne\nenregistr\u00e9 sous le N\u00b0 SAP937846012\nHocine YAKOUBI (ILYAN\n01_DDETS_Direction d\u00e9partementale de l'emploi, du travail et des solidarit\u00e9s de l'Ain - 01-2025-08-25-00008 - R\u00e9c\u00e9piss\u00e9 de\nd\u00e9claration\nd'un organisme de services \u00e0 la personne\nenregistr\u00e9 sous le N\u00b0 SAP937846012\nHocine YAKOUBI (ILYAN\n18\nPREFETE Direction d\u00e9partementale de l'emploi, du travail et desDE L'AIN solidarit\u00e9sLibert\u00e9\u00c9galit\u00e9Fraternit\u00e9\nR\u00e9c\u00e9piss\u00e9 de d\u00e9clarationd'un organisme de services \u00e0 la personneenregistr\u00e9 sous le N\u00b0 SAP937846012\nVu le code du travail et notamment les articles L.7231-1 \u00e0 L.7233-2, R.7232-16 \u00e0 R.7232-22, D.7231-1 etD.7233-1 \u00e0 D.7233-5;\nVu la demande de d\u00e9claration d\u00e9pos\u00e9e par l'organisme Ilyan nettoyage, 36 RUE BERNARDGANGLOFF 01160 PONT-D'AIN, le 18/08/2025 ;\nLa pr\u00e9f\u00e8te de l'AinConstate :Qu'une d\u00e9claration d'activit\u00e9s de services \u00e0 la personne a \u00e9t\u00e9 d\u00e9pos\u00e9e aupr\u00e8s du service instructeurde l'Ain, le 18/08/2025 par M. YAKOUBI HOCINE en qualit\u00e9 de dirigeant, pour l'organisme Ilyannettoyage dont l'\u00e9tablissement principal est situ\u00e9 36 RUE BERNARD GANGLOFF 01160 PONT-D'AIN etenregistr\u00e9 sous le N\u00b0 SAP937846012 pour les activit\u00e9s suivantes :\u00a2 Entretien de la maison et travaux m\u00e9nagers (mode d'intervention Prestataire)\u00ab Petits travaux dejardinage (mode d'intervention Prestataire)\u00a2 Travaux de petit bricolage (mode d'intervention Prestataire)Toute modification concernant les activit\u00e9s exerc\u00e9es devra faire l'objet d'une d\u00e9claration modificativepr\u00e9alable.Sous r\u00e9serve d'\u00eatre exerc\u00e9es \u00e0 titre exclusif (ou sous r\u00e9serve d'une comptabilit\u00e9 s\u00e9par\u00e9e pour lespersonnes morales dispens\u00e9es de cette condition), ces activit\u00e9s ouvrent droit au b\u00e9n\u00e9fice desdispositions des articles L. 7233-2 du code du travail et L.241-10 du code de la s\u00e9curit\u00e9 sociale dans lesconditions pr\u00e9vues par ces articles.Les effets de la d\u00e9claration courent \u00e0 compter du jour du d\u00e9p\u00f4t de la d\u00e9claration sous r\u00e9serve desdispositions de l'article R.7232-18 du code du travail. Le pr\u00e9sent r\u00e9c\u00e9piss\u00e9 n'est pas limit\u00e9 dans letemps. La d\u00e9claration a une port\u00e9e nationale.Le cas \u00e9ch\u00e9ant:En application des articles L.7232-1 et R.7232-1 \u00e0 R.7232-15, les activit\u00e9s n\u00e9cessitant un agr\u00e9ment (|de l'article D.7231-1 du code du travail) n'ouvrent droit \u00e0 ces dispositions que si l'organisme apr\u00e9alablement obtenu l'agr\u00e9ment ou le renouvellement de cet agr\u00e9ment dans le ou lesd\u00e9partement(s) d'exercice de ses activit\u00e9s.De m\u00eame, en application de l'article D.312-6-2 du code de l'action sociale et des familles, les activit\u00e9sn\u00e9cessitant une autorisation n'ouvrent droit \u00e0 ces dispositions que si l'organisme a pr\u00e9alablementobtenu l'autorisation ou le renouvellement de cette autorisation.L'enregistrement de la d\u00e9claration peut \u00eatre retir\u00e9 dans les conditions fix\u00e9es aux articles R.7232-20 \u00e0 R.7232-22 du code du travail.Le pr\u00e9sent r\u00e9c\u00e9piss\u00e9 sera publi\u00e9 au recueil des actes administratifs de la pr\u00e9fecture.Le pr\u00e9sent r\u00e9c\u00e9piss\u00e9 peut, \u00e0 compter de sa notification, faire l'objet d'un recours gracieux aupr\u00e8sservice instructeur de I' Ain ou d'un recours hi\u00e9rarchique adress\u00e9 au ministre charg\u00e9 de l'\u00e9conomie -Direction g\u00e9n\u00e9rale des entreprises \u2014 sous-direction des services marchands, 61 Boulevard VincentAuriol, 75703 PARIS CEDEX 13.Il peut \u00e9galement faire l'objet d'un recours contentieux dans un d\u00e9lai de deux mois \u00e0 compter de sanotification aupr\u00e8s du tribunal administratif Lyon.Le tribunal administratif peut aussi \u00eatre saisi par l'application informatique \u00ab T\u00e9l\u00e9recours citoyen \u00bbaccessible sur le site internet http://www.telerecours.fr/\n \n01_DDETS_Direction d\u00e9partementale de l'emploi, du travail et des solidarit\u00e9s de l'Ain - 01-2025-08-25-00008 - R\u00e9c\u00e9piss\u00e9 de\nd\u00e9claration\nd'un organisme de services \u00e0 la personne\nenregistr\u00e9 sous le N\u00b0 SAP937846012\nHocine YAKOUBI (ILYAN\n19\nEn cas de rejet du recours gracieux ou hi\u00e9rarchique ou en l'absence de r\u00e9ponse a ce recours (rejetimplicite), un recours contentieux devant le tribunal administratif Lyon peut \u00e9galement \u00eatre form\u00e9contre la d\u00e9cision initiale dans un d\u00e9lai de deux mois \u00e0 compter de ce rejet.\nFait \u00e0 Bourg-en-Bresse, le 25/08/2025Pour la pr\u00e9f\u00e8te et par d\u00e9l\u00e9gation du directeurd\u00e9partemental de l'emploi, du travail et dessolidarit\u00e9s de l'AinLe responsable du P\u00f4le Insertion Emploi etSolidarit\u00e9s\nJean-Eudes BENTATA\n01_DDETS_Direction d\u00e9partementale de l'emploi, du travail et des solidarit\u00e9s de l'Ain - 01-2025-08-25-00008 - R\u00e9c\u00e9piss\u00e9 de\nd\u00e9claration\nd'un organisme de services \u00e0 la personne\nenregistr\u00e9 sous le N\u00b0 SAP937846012\nHocine YAKOUBI (ILYAN\n20\n01_DDETS_Direction d\u00e9partementale de\nl'emploi, du travail et des solidarit\u00e9s de l'Ain\n01-2025-08-26-00008\nR\u00e9c\u00e9piss\u00e9 de d\u00e9claration\nd'un organisme de services \u00e0 la personne\nenregistr\u00e9 sous le N\u00b0 SAP943449058\nLucas TAMI\n01_DDETS_Direction d\u00e9partementale de l'emploi, du travail et des solidarit\u00e9s de l'Ain - 01-2025-08-26-00008 - R\u00e9c\u00e9piss\u00e9 de\nd\u00e9claration\nd'un organisme de services \u00e0 la personne\nenregistr\u00e9 sous le N\u00b0 SAP943449058\nLucas TAMI\n21\nPR\u00c9F\u00c8TE Direction d\u00e9partementale de l'emploi, du travail et desDE L'AIN solidarit\u00e9sLibert\u00e9Egalit\u00e9Fraternit\u00e9\nR\u00e9c\u00e9piss\u00e9 de d\u00e9clarationd'un organisme de services \u00e0 la personneenregistr\u00e9 sous le N\u00b0 SAP943449058\nVu le code du travail et notamment les articles L.7231-1 \u00e0 L.7233-2, R.7232-16 \u00e0 R.7232-22, D.7231-1 etD.7233-1 \u00e0 D.7233-5;\nVu la demande de d\u00e9claration d\u00e9pos\u00e9e par l'organisme Lucas Tami, 49 rue des Jardins de l'Egratay01370 MEILLONNAS, le 20/08/2025 ;\nLa pr\u00e9f\u00e8te de l'AinConstate :Qu'une d\u00e9claration d'activit\u00e9s de services \u00e0 la personne a \u00e9t\u00e9 d\u00e9pos\u00e9e aupr\u00e8s du service instructeurde l'Ain, le 20/08/2025 par M. Tami Lucas en qualit\u00e9 de dirigeant, pour l'organisme Lucas Tami dontl'\u00e9tablissement principal est situ\u00e9 49 rue des Jardins de l'Egratay 01370 MEILLONNAS et enregistr\u00e9 sousle N\u00b0 SAP943449058 pour les activit\u00e9s suivantes :\u00ab Soutien scolaire ou cours a domicile (mode d'intervention Prestataire)Toute modification concernant les activit\u00e9s exerc\u00e9es devra faire l'objet d'une d\u00e9claration modificativepr\u00e9alable.Sous r\u00e9serve d'\u00eatre exerc\u00e9es \u00e0 titre exclusif (ou sous r\u00e9serve d'une comptabilit\u00e9 s\u00e9par\u00e9e pour lespersonnes morales dispens\u00e9es de cette condition), ces activit\u00e9s ouvrent droit au b\u00e9n\u00e9fice desdispositions des articles L. 7233-2 du code du travail et L.241-10 du code de la s\u00e9curit\u00e9 sociale dans lesconditions pr\u00e9vues par ces articles.Les effets de la d\u00e9claration courent \u00e0 compter du jour du d\u00e9p\u00f4t de la d\u00e9claration sous r\u00e9serve desdispositions de l'article R.7232-18 du code du travail. Le pr\u00e9sent r\u00e9c\u00e9piss\u00e9 n'est pas limit\u00e9 dans letemps. La d\u00e9claration a une port\u00e9e nationale.Le cas \u00e9ch\u00e9ant:En application des articles L.7232-1 et R.7232-1 \u00e0 R.7232-15, les activit\u00e9s n\u00e9cessitant un agr\u00e9ment (Ide l'article D.7231-1 du code du travail) n'ouvrent droit \u00e0 ces dispositions que si l'organisme apr\u00e9alablement obtenu l'agr\u00e9ment ou le renouvellement de cet agr\u00e9ment dans le ou lesd\u00e9partement(s) d'exercice de ses activit\u00e9s.De m\u00eame, en application de l'article D.312-6-2 du code de l'action sociale et des familles, les activit\u00e9sn\u00e9cessitant une autorisation n'ouvrent droit \u00e0 ces dispositions que si l'organisme a pr\u00e9alablementobtenu l'autorisation ou le renouvellement de cette autorisation.L'enregistrement de la d\u00e9claration peut \u00eatre retir\u00e9 dans les conditions fix\u00e9es aux articles R.7232-20 \u00e0 R.7232-22 du code du travail.Le pr\u00e9sent r\u00e9c\u00e9piss\u00e9 sera publi\u00e9 au recueil des actes administratifs de la pr\u00e9fecture.Le pr\u00e9sent r\u00e9c\u00e9piss\u00e9 peut, \u00e0 compter de sa notification, faire l'objet d'un recours gracieux aupr\u00e8sservice instructeur de |' Ain ou d'un recours hi\u00e9rarchique adress\u00e9 au ministre charg\u00e9 de l'\u00e9conomie -Direction g\u00e9n\u00e9rale des entreprises \u2014 sous-direction des services marchands, 61 Boulevard VincentAuriol, 75703 PARIS CEDEX 13.Il peut \u00e9galement faire l'objet d'un recours contentieux dans un d\u00e9lai de deux mois \u00e0 compter de sanotification aupr\u00e8s du tribunal administratif Lyon.Le tribunal administratif peut aussi \u00eatre saisi par l'application informatique \u00ab T\u00e9l\u00e9recours citoyen \u00bbaccessible sur le site internet http://www.telerecours.fr/\n \n01_DDETS_Direction d\u00e9partementale de l'emploi, du travail et des solidarit\u00e9s de l'Ain - 01-2025-08-26-00008 - R\u00e9c\u00e9piss\u00e9 de\nd\u00e9claration\nd'un organisme de services \u00e0 la personne\nenregistr\u00e9 sous le N\u00b0 SAP943449058\nLucas TAMI\n22\nEn cas de rejet du recours gracieux ou hi\u00e9rarchique ou en l'absence de r\u00e9ponse a ce recours (rejetimplicite), un recours contentieux devant le tribunal administratif Lyon peut \u00e9galement \u00eatre form\u00e9contre la d\u00e9cision initiale dans un d\u00e9lai de deux mois \u00e0 compter de ce rejet.\nFait \u00e0 Bourg-en-Bresse, le 26/08/2025Pour la pr\u00e9f\u00e8te et par d\u00e9l\u00e9gation du directeurd\u00e9partemental de l'emploi, du travail et dessolidarit\u00e9s de l'AinLe responsable du P\u00f4le Insertion Emploi etSolidarit\u00e9s\nJean-Eudes BENTATA\n01_DDETS_Direction d\u00e9partementale de l'emploi, du travail et des solidarit\u00e9s de l'Ain - 01-2025-08-26-00008 - R\u00e9c\u00e9piss\u00e9 de\nd\u00e9claration\nd'un organisme de services \u00e0 la personne\nenregistr\u00e9 sous le N\u00b0 SAP943449058\nLucas TAMI\n23\n01_DDETS_Direction d\u00e9partementale de\nl'emploi, du travail et des solidarit\u00e9s de l'Ain\n01-2025-09-01-00014\nR\u00e9c\u00e9piss\u00e9 de d\u00e9claration\nd'un organisme de services \u00e0 la personne\nenregistr\u00e9 sous le N\u00b0 SAP948647466\nEXPANSION 01 BELLEY\n01_DDETS_Direction d\u00e9partementale de l'emploi, du travail et des solidarit\u00e9s de l'Ain - 01-2025-09-01-00014 - R\u00e9c\u00e9piss\u00e9 de d\u00e9claration\nd'un organisme de services \u00e0 la personne\nenregistr\u00e9 sous le N\u00b0 SAP948647466\nEXPANSION 01 BELLEY\n24\nPREFETE Direction d\u00e9partementale de l'emploi, du travail et desDE L'AIN solidarit\u00e9sLibert\u00e9\u00c9galit\u00e9Fraternit\u00e9\nR\u00e9c\u00e9piss\u00e9 de d\u00e9clarationd'un organisme de services \u00e0 la personneenregistr\u00e9 sous le N\u00b0 SAP948647466Vu le code du travail et notamment les articles L.7231-1 \u00e0 L.7233-2, R.7232-16 \u00e0 R.7232-22, D.7231-1 etD.7233-1 \u00e0 D.7233-5;\nVu la demande de d\u00e9claration d\u00e9pos\u00e9e par l'organisme EXPANSION 01 BELLEY, 10 Boulevard DUMAIL 01300 BELLEY, le 10/06/2025 ;Vu l'agr\u00e9ment d\u00e9livr\u00e9 a l'organisme EXPANSION 01 BELLEY, le 01/09/2025;\nLa pr\u00e9f\u00e8te de l'AinConstate :Qu'une d\u00e9claration d'activit\u00e9s de services \u00e0 la personne a \u00e9t\u00e9 d\u00e9pos\u00e9e aupr\u00e8s du service instructeurde l'Ain, le 10/06/2025 par M. RICHARD Guillaume en qualit\u00e9 de dirigeant, pour l'organismeEXPANSION 01 BELLEY dont l'\u00e9tablissement principal est situ\u00e9 10 Boulevard DU MAIL 01300 BELLEY etenregistr\u00e9 sous le N\u00b0 SAP948647466 pour les activit\u00e9s suivantes :\u00a2\u00ab Garde d'enfants de moins de 3 ans et de moins de 18 ans handicap\u00e9s \u00e0 domicile (moded'intervention Prestataire) - (01)+. Accompagnement des enfants de moins de 3 ans ou de moins de 18 ans handicap\u00e9s (moded'intervention Prestataire) - (01)\u00ab Assistance aux personnes \u00e2g\u00e9es (mandataire et/ou mise \u00e0 disposition) (mode d'interventionMandataire) - (01)\u00ab Assistance aux personnes handicap\u00e9es (mandataire et/ou mise \u00e0 disposition) (mode d'interventionMandataire) - (01)+ Conduite de v\u00e9hicule des PA/PH (mandataire et/ou mise \u00e0 disposition) (mode d'interventionMandataire) - (01)\u00ab Accompagnement des PA/PH dans leurs d\u00e9placements (mandataire et/ou mise \u00e0 disposition)(mode d'intervention Mandataire) - (01)\u00a2 Garde d'enfants de plus de 3 ans \u00e0 domicile (mode d'intervention Mandataire, Prestataire)\u00a2\u00ab Soutien scolaire ou cours a domicile (mode d'intervention Mandataire, Prestataire)\u00ab Accompagnement des enfants de plus de 3 ans dans leurs d\u00e9placements (mode d'interventionMandataire, Prestataire)\u00ab Entretien de la maison et travaux m\u00e9nagers (mode d'intervention Mandataire, Prestataire)\u00ab Pr\u00e9paration de repas \u00e0 domicile (mode d'intervention Mandataire, Prestataire)\u00a2 Livraison de courses a domicile (mode d'intervention Mandataire, Prestataire)+ Maintenance, entretien et vigilance temporaires \u00e0 domicile (mode d'intervention Mandataire,Prestataire)\u00ab Assistance administrative a domicile (mode d'intervention Mandataire, Prestataire)\u00ab Accompagnement des personnes pr\u00e9sentant une invalidit\u00e9 temporaire (mode d'interventionMandataire, Prestataire)\u00ab Assistance aux personnes ayant besoin d'une aide temporaire \u00e0 leur domicile (moded'intervention Mandataire, Prestataire)Toute modification concernant les activit\u00e9s exerc\u00e9es devra faire l'objet d'une d\u00e9claration modificativepr\u00e9alable.Sous r\u00e9serve d'\u00eatre exerc\u00e9es \u00e0 titre exclusif (ou sous r\u00e9serve d'une comptabilit\u00e9 s\u00e9par\u00e9e pour lespersonnes morales dispens\u00e9es de cette condition), ces activit\u00e9s ouvrent droit au b\u00e9n\u00e9fice desdispositions des articles L. 7233-2 du code du travail et L.241-10 du code de la s\u00e9curit\u00e9 sociale dans lesconditions pr\u00e9vues par ces articles.\n \n \n01_DDETS_Direction d\u00e9partementale de l'emploi, du travail et des solidarit\u00e9s de l'Ain - 01-2025-09-01-00014 - R\u00e9c\u00e9piss\u00e9 de d\u00e9claration\nd'un organisme de services \u00e0 la personne\nenregistr\u00e9 sous le N\u00b0 SAP948647466\nEXPANSION 01 BELLEY\n25\nLes effets de la d\u00e9claration courent a compter du jour du d\u00e9p\u00f4t de la d\u00e9claration sous r\u00e9serve desdispositions de l'article R.7232-18 du code du travail. Le pr\u00e9sent r\u00e9c\u00e9piss\u00e9 n'est pas limit\u00e9 dans letemps. La d\u00e9claration a une port\u00e9e nationale.Le cas \u00e9ch\u00e9ant:En application des articles L.7232-1 et R.7232-1 \u00e0 R.7232-15, les activit\u00e9s n\u00e9cessitant un agr\u00e9ment (|de l'article D.7231-1 du code du travail) n'ouvrent droit \u00e0 ces dispositions que si l'organisme apr\u00e9alablement obtenu l'agr\u00e9ment ou le renouvellement de cet agr\u00e9ment dans le ou lesd\u00e9partement(s) d'exercice de ses activit\u00e9s.De m\u00eame, en application de l'article D.312-6-2 du code de l'action sociale et des familles, les activit\u00e9sn\u00e9cessitant une autorisation n'ouvrent droit \u00e0 ces dispositions que si l'organisme a pr\u00e9alablementobtenu l'autorisation ou le renouvellement de cette autorisation.L'enregistrement de la d\u00e9claration peut \u00eatre retir\u00e9 dans les conditions fix\u00e9es aux articles R.7232-20 \u00e0 R.7232-22 du code du travail.Le pr\u00e9sent r\u00e9c\u00e9piss\u00e9 sera publi\u00e9 au recueil des actes administratifs de la pr\u00e9fecture.Le pr\u00e9sent r\u00e9c\u00e9piss\u00e9 peut, \u00e0 compter de sa notification, faire l'objet d'un recours gracieux aupr\u00e8sservice instructeur de I' Ain ou d'un recours hi\u00e9rarchique adress\u00e9 au ministre charg\u00e9 de l'\u00e9conomie -Direction g\u00e9n\u00e9rale des entreprises \u2014 sous-direction des services marchands, 61 Boulevard VincentAuriol, 75703 PARIS CEDEX 13.Il peut \u00e9galement faire l'objet d'un recours contentieux dans un d\u00e9lai de deux mois \u00e0 compter de sanotification aupr\u00e8s du tribunal administratif Lyon.Le tribunal administratif peut aussi \u00eatre saisi par l'application informatique \u00ab T\u00e9l\u00e9recours citoyen \u00bbaccessible sur le site internet http://www.telerecours.fr/En cas de rejet du recours gracieux ou hi\u00e9rarchique ou en l'absence de r\u00e9ponse a ce recours (rejetimplicite), un recours contentieux devant le tribunal administratif Lyon peut \u00e9galement \u00eatre form\u00e9contre la d\u00e9cision initiale dans un d\u00e9lai de deux mois \u00e0 compter de ce rejet.\nFait \u00e0 Bourg-en-Bresse, le 01/09/2025Pour la pr\u00e9f\u00e8te et par d\u00e9l\u00e9gation du directeurd\u00e9partemental de l'emploi, du travail et dessolidarit\u00e9s de l'AinLa responsable du service Insertion professionnelleet EmploiNolwenn DUBAND-GEORGELIN\n01_DDETS_Direction d\u00e9partementale de l'emploi, du travail et des solidarit\u00e9s de l'Ain - 01-2025-09-01-00014 - R\u00e9c\u00e9piss\u00e9 de d\u00e9claration\nd'un organisme de services \u00e0 la personne\nenregistr\u00e9 sous le N\u00b0 SAP948647466\nEXPANSION 01 BELLEY\n26\n01_DDETS_Direction d\u00e9partementale de\nl'emploi, du travail et des solidarit\u00e9s de l'Ain\n01-2025-08-22-00004\nR\u00e9c\u00e9piss\u00e9 de d\u00e9claration\nd'un organisme de services \u00e0 la personne\nenregistr\u00e9 sous le N\u00b0 SAP984959387\nBryan BALME (2BSERVICES)\n01_DDETS_Direction d\u00e9partementale de l'emploi, du travail et des solidarit\u00e9s de l'Ain - 01-2025-08-22-00004 - R\u00e9c\u00e9piss\u00e9 de\nd\u00e9claration\nd'un organisme de services \u00e0 la personne\nenregistr\u00e9 sous le N\u00b0 SAP984959387\nBryan BALME (2BSERVICES)\n27\nPREFETE Direction d\u00e9partementale de l'emploi, du travail et desDE L'AIN solidarit\u00e9sLibert\u00e9Egalit\u00e9Fraternit\u00e9\nR\u00e9c\u00e9piss\u00e9 de d\u00e9clarationd'un organisme de services \u00e0 la personneenregistr\u00e9 sous le N\u00b0 SAP984959387\nVu le code du travail et notamment les articles L.7231-1 \u00e0 L.7233-2, R.7232-16 \u00e0 R.7232-22, D.7231-1 etD.7233-1 \u00e0 D.7233-5;\nVu la demande de d\u00e9claration d\u00e9pos\u00e9e par l'organisme 2bServices, 53 Rue de l'horloge 01120MONTLUEL, le 14/08/2025 ;\nLa pr\u00e9f\u00e8te de l'AinConstate :Qu'une d\u00e9claration d'activit\u00e9s de services \u00e0 la personne a \u00e9t\u00e9 d\u00e9pos\u00e9e aupr\u00e8s du service instructeurde l'Ain, le 14/08/2025 par M. Balme Bryan en qualit\u00e9 de dirigeant, pour l'organisme 2bServices dontl'\u00e9tablissement principal est situ\u00e9 53 Rue de l'horloge 01120 MONTLUEL et enregistr\u00e9 sous le N\u00b0SAP984959387 pour les activit\u00e9s suivantes :\u00a2 Entretien de la maison et travaux m\u00e9nagers (mode d'intervention Prestataire)+ Pr\u00e9paration de repas \u00e0 domicile (mode d'intervention Prestataire)\u00a2 Livraison de courses a domicile (mode d'intervention Prestataire)\u00ab Assistance administrative a domicile (mode d'intervention Prestataire)\u00ab Accompagnement des personnes pr\u00e9sentant une invalidit\u00e9 temporaire (mode d'interventionPrestataire)\u00ab Assistance aux personnes ayant besoin d'une aide temporaire \u00e0 leur domicile (moded'intervention Prestataire)Toute modification concernant les activit\u00e9s exerc\u00e9es devra faire l'objet d'une d\u00e9claration modificativepr\u00e9alable.Sous r\u00e9serve d'\u00eatre exerc\u00e9es \u00e0 titre exclusif (ou sous r\u00e9serve d'une comptabilit\u00e9 s\u00e9par\u00e9e pour lespersonnes morales dispens\u00e9es de cette condition), ces activit\u00e9s ouvrent droit au b\u00e9n\u00e9fice desdispositions des articles L. 7233-2 du code du travail et L.241-10 du code de la s\u00e9curit\u00e9 sociale dans lesconditions pr\u00e9vues par ces articles.Les effets de la d\u00e9claration courent \u00e0 compter du jour du d\u00e9p\u00f4t de la d\u00e9claration sous r\u00e9serve desdispositions de l'article R.7232-18 du code du travail. Le pr\u00e9sent r\u00e9c\u00e9piss\u00e9 n'est pas limit\u00e9 dans letemps. La d\u00e9claration a une port\u00e9e nationale.Le cas \u00e9ch\u00e9ant:En application des articles L.7232-1 et R.7232-1 \u00e0 R.7232-15, les activit\u00e9s n\u00e9cessitant un agr\u00e9ment (Ide l'article D.7231-1 du code du travail) n'ouvrent droit \u00e0 ces dispositions que si l'organisme apr\u00e9alablement obtenu l'agr\u00e9ment ou le renouvellement de cet agr\u00e9ment dans le ou lesd\u00e9partement(s) d'exercice de ses activit\u00e9s.De m\u00eame, en application de l'article D.312-6-2 du code de l'action sociale et des familles, les activit\u00e9sn\u00e9cessitant une autorisation n'ouvrent droit \u00e0 ces dispositions que si l'organisme a pr\u00e9alablementobtenu l'autorisation ou le renouvellement de cette autorisation.L'enregistrement de la d\u00e9claration peut \u00eatre retir\u00e9 dans les conditions fix\u00e9es aux articles R.7232-20 \u00e0 R.7232-22 du code du travail.Le pr\u00e9sent r\u00e9c\u00e9piss\u00e9 sera publi\u00e9 au recueil des actes administratifs de la pr\u00e9fecture.Le pr\u00e9sent r\u00e9c\u00e9piss\u00e9 peut, \u00e0 compter de sa notification, faire l'objet d'un recours gracieux aupr\u00e8sservice instructeur de I' Ain ou d'un recours hi\u00e9rarchique adress\u00e9 au ministre charg\u00e9 de l'\u00e9conomie -Direction g\u00e9n\u00e9rale des entreprises \u2014 sous-direction des services marchands, 61 Boulevard VincentAuriol, 75703 PARIS CEDEX 13.\n \n01_DDETS_Direction d\u00e9partementale de l'emploi, du travail et des solidarit\u00e9s de l'Ain - 01-2025-08-22-00004 - R\u00e9c\u00e9piss\u00e9 de\nd\u00e9claration\nd'un organisme de services \u00e0 la personne\nenregistr\u00e9 sous le N\u00b0 SAP984959387\nBryan BALME (2BSERVICES)\n28\nIl peut \u00e9galement faire l'objet d'un recours contentieux dans un d\u00e9lai de deux mois \u00e0 compter de sanotification aupr\u00e8s du tribunal administratif Lyon.Le tribunal administratif peut aussi \u00eatre saisi par l'application informatique \u00ab T\u00e9l\u00e9recours citoyen \u00bbaccessible sur le site internet http://www.telerecours.fr/En cas de rejet du recours gracieux ou hi\u00e9rarchique ou en l'absence de r\u00e9ponse \u00e0 ce recours (rejetimplicite), un recours contentieux devant le tribunal administratif Lyon peut \u00e9galement \u00eatre form\u00e9contre la d\u00e9cision initiale dans un d\u00e9lai de deux mois \u00e0 compter de ce rejet.\nFait \u00e0 Bourg-en-Bresse, le 22/08/2025Pour la pr\u00e9f\u00e8te et par d\u00e9l\u00e9gation du directeurd\u00e9partemental de l'emploi, du travail et dessolidarit\u00e9s de l'AinLe responsable du P\u00f4le Insertion Emploi etSolidarit\u00e9s\nJean-Eudes BENTATA\n01_DDETS_Direction d\u00e9partementale de l'emploi, du travail et des solidarit\u00e9s de l'Ain - 01-2025-08-22-00004 - R\u00e9c\u00e9piss\u00e9 de\nd\u00e9claration\nd'un organisme de services \u00e0 la personne\nenregistr\u00e9 sous le N\u00b0 SAP984959387\nBryan BALME (2BSERVICES)\n29\n01_DDETS_Direction d\u00e9partementale de\nl'emploi, du travail et des solidarit\u00e9s de l'Ain\n01-2025-08-25-00009\nR\u00e9c\u00e9piss\u00e9 de d\u00e9claration\nd'un organisme de services \u00e0 la personne\nenregistr\u00e9 sous le N\u00b0 SAP988184933\nCamille JULIEN (CJ SERVICES)\n01_DDETS_Direction d\u00e9partementale de l'emploi, du travail et des solidarit\u00e9s de l'Ain - 01-2025-08-25-00009 - R\u00e9c\u00e9piss\u00e9 de\nd\u00e9claration\nd'un organisme de services \u00e0 la personne\nenregistr\u00e9 sous le N\u00b0 SAP988184933\nCamille JULIEN (CJ SERVICES)\n30\nPREFETE Direction d\u00e9partementale de l'emploi, du travail et desDE L'AIN solidarit\u00e9sLibert\u00e9\u00c9galit\u00e9Fraternit\u00e9\nR\u00e9c\u00e9piss\u00e9 de d\u00e9clarationd'un organisme de services \u00e0 la personneenregistr\u00e9 sous le N\u00b0 SAP988184933\nVu le code du travail et notamment les articles L.7231-1 \u00e0 L.7233-2, R.7232-16 \u00e0 R.7232-22, D.7231-1 etD.7233-1 \u00e0 D.7233-5;\nVu la demande de d\u00e9claration d\u00e9pos\u00e9e par l'organisme C]J services, 8 rue de la Caserne 01200Valserh\u00f4ne, le 16/08/2025 ;\nLa pr\u00e9f\u00e8te de l'AinConstate :Qu'une d\u00e9claration d'activit\u00e9s de services \u00e0 la personne a \u00e9t\u00e9 d\u00e9pos\u00e9e aupr\u00e8s du service instructeurde l'Ain, le 16/08/2025 par Mme. Julien Camille en qualit\u00e9 de dirigeante, pour l'organisme CJ servicesdont l'\u00e9tablissement principal est situ\u00e9 8 rue de la Caserne 01200 Valserh\u00f4ne et enregistr\u00e9 sous le N\u00b0SAP988184933 pour les activit\u00e9s suivantes :\u00a2 Entretien de la maison et travaux m\u00e9nagers (mode d'intervention Prestataire)Toute modification concernant les activit\u00e9s exerc\u00e9es devra faire l'objet d'une d\u00e9claration modificativepr\u00e9alable.Sous r\u00e9serve d'\u00eatre exerc\u00e9es \u00e0 titre exclusif (ou sous r\u00e9serve d'une comptabilit\u00e9 s\u00e9par\u00e9e pour lespersonnes morales dispens\u00e9es de cette condition), ces activit\u00e9s ouvrent droit au b\u00e9n\u00e9fice desdispositions des articles L. 7233-2 du code du travail et L.241-10 du code de la s\u00e9curit\u00e9 sociale dans lesconditions pr\u00e9vues par ces articles.Les effets de la d\u00e9claration courent \u00e0 compter du jour du d\u00e9p\u00f4t de la d\u00e9claration sous r\u00e9serve desdispositions de l'article R.7232-18 du code du travail. Le pr\u00e9sent r\u00e9c\u00e9piss\u00e9 n'est pas limit\u00e9 dans letemps. La d\u00e9claration a une port\u00e9e nationale.Le cas \u00e9ch\u00e9ant :En application des articles L.7232-1 et R.7232-1 \u00e0 R.7232-15, les activit\u00e9s n\u00e9cessitant un agr\u00e9ment (Ide l'article D.7231-1 du code du travail) n'ouvrent droit \u00e0 ces dispositions que si l'organisme apr\u00e9alablement obtenu l'agr\u00e9ment ou le renouvellement de cet agr\u00e9ment dans le ou lesd\u00e9partement(s) d'exercice de ses activit\u00e9s.De m\u00eame, en application de l'article D.312-6-2 du code de l'action sociale et des familles, les activit\u00e9sn\u00e9cessitant une autorisation n'ouvrent droit \u00e0 ces dispositions que si l'organisme a pr\u00e9alablementobtenu l'autorisation ou le renouvellement de cette autorisation.L'enregistrement de la d\u00e9claration peut \u00eatre retir\u00e9 dans les conditions fix\u00e9es aux articles R.7232-20 \u00e0 R.7232-22 du code du travail.Le pr\u00e9sent r\u00e9c\u00e9piss\u00e9 sera publi\u00e9 au recueil des actes administratifs de la pr\u00e9fecture.Le pr\u00e9sent r\u00e9c\u00e9piss\u00e9 peut, \u00e0 compter de sa notification, faire l'objet d'un recours gracieux aupr\u00e8sservice instructeur de |' Ain ou d'un recours hi\u00e9rarchique adress\u00e9 au ministre charg\u00e9 de l'\u00e9conomie -Direction g\u00e9n\u00e9rale des entreprises \u2014 sous-direction des services marchands, 61 Boulevard VincentAuriol, 75703 PARIS CEDEX 13.Il peut \u00e9galement faire l'objet d'un recours contentieux dans un d\u00e9lai de deux mois \u00e0 compter de sanotification aupr\u00e8s du tribunal administratif Lyon.Le tribunal administratif peut aussi \u00eatre saisi par l'application informatique \u00ab T\u00e9l\u00e9recours citoyen \u00bbaccessible sur le site internet http://www.telerecours.fr/\n \n01_DDETS_Direction d\u00e9partementale de l'emploi, du travail et des solidarit\u00e9s de l'Ain - 01-2025-08-25-00009 - R\u00e9c\u00e9piss\u00e9 de\nd\u00e9claration\nd'un organisme de services \u00e0 la personne\nenregistr\u00e9 sous le N\u00b0 SAP988184933\nCamille JULIEN (CJ SERVICES)\n31\nEn cas de rejet du recours gracieux ou hi\u00e9rarchique ou en l'absence de r\u00e9ponse a ce recours (rejetimplicite), un recours contentieux devant le tribunal administratif Lyon peut \u00e9galement \u00eatre form\u00e9contre la d\u00e9cision initiale dans un d\u00e9lai de deux mois \u00e0 compter de ce rejet.\nFait \u00e0 Bourg-en-Bresse, le 25/08/25Pour la pr\u00e9f\u00e8te et par d\u00e9l\u00e9gation du directeurd\u00e9partemental de l'emploi, du travail et dessolidarit\u00e9s de l'AinLe responsable du P\u00f4le Insertion Emploi etSolidarit\u00e9s\nJean-Eudes BENTATA\n01_DDETS_Direction d\u00e9partementale de l'emploi, du travail et des solidarit\u00e9s de l'Ain - 01-2025-08-25-00009 - R\u00e9c\u00e9piss\u00e9 de\nd\u00e9claration\nd'un organisme de services \u00e0 la personne\nenregistr\u00e9 sous le N\u00b0 SAP988184933\nCamille JULIEN (CJ SERVICES)\n32\n01_DDETS_Direction d\u00e9partementale de\nl'emploi, du travail et des solidarit\u00e9s de l'Ain\n01-2025-08-26-00011\nR\u00e9c\u00e9piss\u00e9 de d\u00e9claration\nd'un organisme de services \u00e0 la personne\nenregistr\u00e9 sous le N\u00b0 SAP988383873\nFlavie FAURE (FAURE)\n01_DDETS_Direction d\u00e9partementale de l'emploi, du travail et des solidarit\u00e9s de l'Ain - 01-2025-08-26-00011 - R\u00e9c\u00e9piss\u00e9 de d\u00e9claration\nd'un organisme de services \u00e0 la personne\nenregistr\u00e9 sous le N\u00b0 SAP988383873\nFlavie FAURE (FAURE)\n33\nPREFETE Direction d\u00e9partementale de l'emploi, du travail et desDE L'AIN solidarit\u00e9sLibert\u00e9\u00c9galit\u00e9Fraternit\u00e9\nR\u00e9c\u00e9piss\u00e9 de d\u00e9clarationd'un organisme de services \u00e0 la personneenregistr\u00e9 sous le N\u00b0 SAP988383873Vu le code du travail et notamment les articles L.7231-1 \u00e0 L.7233-2, R.7232-16 \u00e0 R.7232-22, D.7231-1 etD.7233-1 \u00e0 D.7233-5;\nVu la demande de d\u00e9claration d\u00e9pos\u00e9e par l'organisme Flav nettoyage, 12 Impasse du Piquet01250 Nivigne et Suran, le 22/08/2025 ;\nLa pr\u00e9f\u00e8te de I' AinConstate :Qu'une d\u00e9claration d'activit\u00e9s de services \u00e0 la personne a \u00e9t\u00e9 d\u00e9pos\u00e9e aupr\u00e8s du service instructeurde l'Ain, le 22/08/2025 par Mme. Faure Flavie en qualit\u00e9 de dirigeante, pour l'organisme Flav nettoyagedont l'\u00e9tablissement principal est situ\u00e9 12 Impasse du Piquet 01250 Nivigne et Suran et enregistr\u00e9 sousle N\u00b0 SAP988383873 pour les activit\u00e9s suivantes :\u00a2 Entretien de la maison et travaux m\u00e9nagers (mode d'intervention Prestataire)Toute modification concernant les activit\u00e9s exerc\u00e9es devra faire l'objet d'une d\u00e9claration modificativepr\u00e9alable.Sous r\u00e9serve d'\u00eatre exerc\u00e9es \u00e0 titre exclusif (ou sous r\u00e9serve d'une comptabilit\u00e9 s\u00e9par\u00e9e pour lespersonnes morales dispens\u00e9es de cette condition), ces activit\u00e9s ouvrent droit au b\u00e9n\u00e9fice desdispositions des articles L. 7233-2 du code du travail et L.241-10 du code de la s\u00e9curit\u00e9 sociale dans lesconditions pr\u00e9vues par ces articles.Les effets de la d\u00e9claration courent \u00e0 compter du jour du d\u00e9p\u00f4t de la d\u00e9claration sous r\u00e9serve desdispositions de l'article R.7232-18 du code du travail. Le pr\u00e9sent r\u00e9c\u00e9piss\u00e9 n'est pas limit\u00e9 dans letemps. La d\u00e9claration a une port\u00e9e nationale.Le cas \u00e9ch\u00e9ant:En application des articles L.7232-1 et R.7232-1 \u00e0 R.7232-15, les activit\u00e9s n\u00e9cessitant un agr\u00e9ment (Ide l'article D.7231-1 du code du travail) n'ouvrent droit \u00e0 ces dispositions que si l'organisme apr\u00e9alablement obtenu l'agr\u00e9ment ou le renouvellement de cet agr\u00e9ment dans le ou lesd\u00e9partement(s) d'exercice de ses activit\u00e9s.De m\u00eame, en application de l'article D.312-6-2 du code de l'action sociale et des familles, les activit\u00e9sn\u00e9cessitant une autorisation n'ouvrent droit \u00e0 ces dispositions que si l'organisme a pr\u00e9alablementobtenu l'autorisation ou le renouvellement de cette autorisation.L'enregistrement de la d\u00e9claration peut \u00eatre retir\u00e9 dans les conditions fix\u00e9es aux articles R.7232-20 \u00e0 R.7232-22 du code du travail.Le pr\u00e9sent r\u00e9c\u00e9piss\u00e9 sera publi\u00e9 au recueil des actes administratifs de la pr\u00e9fecture.Le pr\u00e9sent r\u00e9c\u00e9piss\u00e9 peut, \u00e0 compter de sa notification, faire l'objet d'un recours gracieux aupr\u00e8sservice instructeur de I' Ain ou d'un recours hi\u00e9rarchique adress\u00e9 au ministre charg\u00e9 de l'\u00e9conomie -Direction g\u00e9n\u00e9rale des entreprises \u2014 sous-direction des services marchands, 61 Boulevard VincentAuriol, 75703 PARIS CEDEX 13.Il peut \u00e9galement faire l'objet d'un recours contentieux dans un d\u00e9lai de deux mois \u00e0 compter de sanotification aupr\u00e8s du tribunal administratif Lyon.Le tribunal administratif peut aussi \u00eatre saisi par l'application informatique \u00ab T\u00e9l\u00e9recours citoyen \u00bbaccessible sur le site internet http://www.telerecours.fr/En cas de rejet du recours gracieux ou hi\u00e9rarchique ou en l'absence de r\u00e9ponse \u00e0 ce recours (rejetimplicite), un recours contentieux devant le tribunal administratif Lyon peut \u00e9galement \u00eatre form\u00e9contre la d\u00e9cision initiale dans un d\u00e9lai de deux mois \u00e0 compter de ce rejet.\n \n01_DDETS_Direction d\u00e9partementale de l'emploi, du travail et des solidarit\u00e9s de l'Ain - 01-2025-08-26-00011 - R\u00e9c\u00e9piss\u00e9 de d\u00e9claration\nd'un organisme de services \u00e0 la personne\nenregistr\u00e9 sous le N\u00b0 SAP988383873\nFlavie FAURE (FAURE)\n34\nFait a Bourg-en-Bresse, le 26/08/2025Pour la pr\u00e9f\u00e8te et par d\u00e9l\u00e9gation du directeurd\u00e9partemental de l'emploi, du travail et dessolidarit\u00e9s de l'AinLe responsable du P\u00f4le Insertion Emploi etSolidarit\u00e9s\nJean-Eudes BENTATA\n01_DDETS_Direction d\u00e9partementale de l'emploi, du travail et des solidarit\u00e9s de l'Ain - 01-2025-08-26-00011 - R\u00e9c\u00e9piss\u00e9 de d\u00e9claration\nd'un organisme de services \u00e0 la personne\nenregistr\u00e9 sous le N\u00b0 SAP988383873\nFlavie FAURE (FAURE)\n35\n01_DDETS_Direction d\u00e9partementale de\nl'emploi, du travail et des solidarit\u00e9s de l'Ain\n01-2025-08-26-00013\nR\u00e9c\u00e9piss\u00e9 de d\u00e9claration\nd'un organisme de services \u00e0 la personne\nenregistr\u00e9 sous le N\u00b0 SAP990021792\nMathieu SCHOENER (LE BIAU CLOS)\n01_DDETS_Direction d\u00e9partementale de l'emploi, du travail et des solidarit\u00e9s de l'Ain - 01-2025-08-26-00013 - R\u00e9c\u00e9piss\u00e9 de\nd\u00e9claration\nd'un organisme de services \u00e0 la personne\nenregistr\u00e9 sous le N\u00b0 SAP990021792\nMathieu SCHOENER (LE BIAU CLOS)\n36\nae Direction d\u00e9partementale de l'emploi, du travail et desPREFETE P pDE VAIN solidarit\u00e9sLibert\u00e9\u00c9galit\u00e9Fraternit\u00e9\nR\u00e9c\u00e9piss\u00e9 de d\u00e9clarationd'un organisme de services \u00e0 la personneenregistr\u00e9 sous le N\u00b0 SAP990021792Vu le code du travail et notamment les articles L.7231-1 \u00e0 L.7233-2, R.7232-16 \u00e0 R.7232-22, D.7231-1 etD.7233-1 \u00e0 D.7233-5;\nVu la demande de d\u00e9claration d\u00e9pos\u00e9e par l'organisme Le biau clos, 347 CHEMIN DU HAMEAUDE FAY 01200 MONTANGES, le 19/08/2025 ;\nLa pr\u00e9f\u00e8te de l'AinConstate :Qu'une d\u00e9claration d'activit\u00e9s de services \u00e0 la personne a \u00e9t\u00e9 d\u00e9pos\u00e9e aupr\u00e8s du service instructeurde l'Ain, le 19/08/2025 par M. SCHOENER MATHIEU en qualit\u00e9 de dirigeant, pour l'organisme Le biauclos dont l'\u00e9tablissement principal est situ\u00e9 347 CHEMIN DU HAMEAU DE FAY 01200 MONTANGES etenregistr\u00e9 sous le N\u00b0 SAP990021792 pour les activit\u00e9s suivantes :\u00a2 Entretien de la maison et travaux m\u00e9nagers (mode d'intervention Mandataire, Mise \u00e0 disposition,Prestataire)\u00a2 Petits travaux de jardinage (mode d'intervention Mandataire, Mise \u00e0 disposition, Prestataire)\u00a2 Travaux de petit bricolage (mode d'intervention Mandataire, Mise \u00e0 disposition, Prestataire)Toute modification concernant les activit\u00e9s exerc\u00e9es devra faire l'objet d'une d\u00e9claration modificativepr\u00e9alable.Sous r\u00e9serve d'\u00eatre exerc\u00e9es \u00e0 titre exclusif (ou sous r\u00e9serve d'une comptabilit\u00e9 s\u00e9par\u00e9e pour lespersonnes morales dispens\u00e9es de cette condition), ces activit\u00e9s ouvrent droit au b\u00e9n\u00e9fice desdispositions des articles L. 7233-2 du code du travail et L.241-10 du code de la s\u00e9curit\u00e9 sociale dans lesconditions pr\u00e9vues par ces articles.Les effets de la d\u00e9claration courent \u00e0 compter du jour du d\u00e9p\u00f4t de la d\u00e9claration sous r\u00e9serve desdispositions de l'article R.7232-18 du code du travail. Le pr\u00e9sent r\u00e9c\u00e9piss\u00e9 n'est pas limit\u00e9 dans letemps. La d\u00e9claration a une port\u00e9e nationale.Le cas \u00e9ch\u00e9ant:En application des articles L.7232-1 et R.7232-1 \u00e0 R.7232-15, les activit\u00e9s n\u00e9cessitant un agr\u00e9ment (Ide l'article D.7231-1 du code du travail) n'ouvrent droit \u00e0 ces dispositions que si l'organisme apr\u00e9alablement obtenu l'agr\u00e9ment ou le renouvellement de cet agr\u00e9ment dans le ou lesd\u00e9partement(s) d'exercice de ses activit\u00e9s.De m\u00eame, en application de l'article D.312-6-2 du code de l'action sociale et des familles, les activit\u00e9sn\u00e9cessitant une autorisation n'ouvrent droit \u00e0 ces dispositions que si l'organisme a pr\u00e9alablementobtenu l'autorisation ou le renouvellement de cette autorisation.L'enregistrement de la d\u00e9claration peut \u00eatre retir\u00e9 dans les conditions fix\u00e9es aux articles R.7232-20 \u00e0 R.7232-22 du code du travail.Le pr\u00e9sent r\u00e9c\u00e9piss\u00e9 sera publi\u00e9 au recueil des actes administratifs de la pr\u00e9fecture.Le pr\u00e9sent r\u00e9c\u00e9piss\u00e9 peut, \u00e0 compter de sa notification, faire l'objet d'un recours gracieux aupr\u00e8sservice instructeur de I' Ain ou d'un recours hi\u00e9rarchique adress\u00e9 au ministre charg\u00e9 de l'\u00e9conomie -Direction g\u00e9n\u00e9rale des entreprises \u2014 sous-direction des services marchands, 61 Boulevard VincentAuriol, 75703 PARIS CEDEX 13.Il peut \u00e9galement faire l'objet d'un recours contentieux dans un d\u00e9lai de deux mois \u00e0 compter de sanotification aupr\u00e9s du tribunal administratif Lyon.Le tribunal administratif peut aussi \u00eatre saisi par l'application informatique \u00ab T\u00e9l\u00e9recours citoyen \u00bbaccessible sur le site internet http://www.telerecours.fr/\n \n01_DDETS_Direction d\u00e9partementale de l'emploi, du travail et des solidarit\u00e9s de l'Ain - 01-2025-08-26-00013 - R\u00e9c\u00e9piss\u00e9 de\nd\u00e9claration\nd'un organisme de services \u00e0 la personne\nenregistr\u00e9 sous le N\u00b0 SAP990021792\nMathieu SCHOENER (LE BIAU CLOS)\n37\nEn cas de rejet du recours gracieux ou hi\u00e9rarchique ou en l'absence de r\u00e9ponse a ce recours (rejetimplicite), Un recours contentieux devant le tribunal administratif Lyon peut \u00e9galement \u00eatre form\u00e9contre la d\u00e9cision initiale dans un d\u00e9lai de deux mois \u00e0 compter de ce rejet.\nFait \u00e0 Bourg-en-Bresse, le 26/08/2025Pour la pr\u00e9f\u00e8te et par d\u00e9l\u00e9gation du directeurd\u00e9partemental de l'emploi, du travail et dessolidarit\u00e9s de l'AinLe responsable du P\u00f4le Insertion Emploi etSolidarit\u00e9s\nJean-Eudes BENTATA\n01_DDETS_Direction d\u00e9partementale de l'emploi, du travail et des solidarit\u00e9s de l'Ain - 01-2025-08-26-00013 - R\u00e9c\u00e9piss\u00e9 de\nd\u00e9claration\nd'un organisme de services \u00e0 la personne\nenregistr\u00e9 sous le N\u00b0 SAP990021792\nMathieu SCHOENER (LE BIAU CLOS)\n38\n01_DDETS_Direction d\u00e9partementale de\nl'emploi, du travail et des solidarit\u00e9s de l'Ain\n01-2025-08-26-00014\nR\u00e9c\u00e9piss\u00e9 de d\u00e9claration\nd'un organisme de services \u00e0 la personne\nenregistr\u00e9 sous le N\u00b0 SAP990238768\nGuillaume MOUTIER (GM SERVICES)\n01_DDETS_Direction d\u00e9partementale de l'emploi, du travail et des solidarit\u00e9s de l'Ain - 01-2025-08-26-00014 - R\u00e9c\u00e9piss\u00e9 de\nd\u00e9claration\nd'un organisme de services \u00e0 la personne\nenregistr\u00e9 sous le N\u00b0 SAP990238768\nGuillaume MOUTIER (GM SERVICES)\n39\nPREFETE Direction d\u00e9partementale de l'emploi, du travail et desDE L'AIN solidarit\u00e9sLibert\u00e9\u00c9galit\u00e9Fraternit\u00e9\nR\u00e9c\u00e9piss\u00e9 de d\u00e9clarationd'un organisme de services \u00e0 la personneenregistr\u00e9 sous le N\u00b0 SAP990238768\nVu le code du travail et notamment les articles L.7231-1 \u00e0 L.7233-2, R.7232-16 \u00e0 R.7232-22, D.7231-1 etD.7233-1 \u00e0 D.7233-5;\nVu la demande de d\u00e9claration d\u00e9pos\u00e9e par l'organisme GM services, 212 ROUTE D'ATTIGNAT01310 POLLIAT, le 20/08/2025;\nLa pr\u00e9f\u00e8te de l'AinConstate :Qu'une d\u00e9claration d'activit\u00e9s de services \u00e0 la personne a \u00e9t\u00e9 d\u00e9pos\u00e9e aupr\u00e8s du service instructeurde l'Ain, le 20/08/2025 par M. MOUTIER GUILLAUME en qualit\u00e9 de dirigeant, pour l'organisme GMservices dont l'\u00e9tablissement principal est situ\u00e9 212 ROUTE D'ATTIGNAT 01310 POLLIAT et enregistr\u00e9sous le N\u00b0 SAP990238768 pour les activit\u00e9s suivantes :\u00a2 Entretien de la maison et travaux m\u00e9nagers (mode d'intervention Prestataire)\u00ab Petits travaux dejardinage (mode d'intervention Prestataire)\u00a2 Travaux de petit bricolage (mode d'intervention Prestataire)+ Maintenance, entretien et vigilance temporaires \u00e0 domicile (mode d'intervention Prestataire)\u00a2 Soins et promenade(s) d'animaux pour personnes d\u00e9pendantes (mode d'intervention Prestataire)Toute modification concernant les activit\u00e9s exerc\u00e9es devra faire l'objet d'une d\u00e9claration modificativepr\u00e9alable.Sous r\u00e9serve d'\u00eatre exerc\u00e9es \u00e0 titre exclusif (ou sous r\u00e9serve d'une comptabilit\u00e9 s\u00e9par\u00e9e pour lespersonnes morales dispens\u00e9es de cette condition), ces activit\u00e9s ouvrent droit au b\u00e9n\u00e9fice desdispositions des articles L. 7233-2 du code du travail et L.241-10 du code de la s\u00e9curit\u00e9 sociale dans lesconditions pr\u00e9vues par ces articles.Les effets de la d\u00e9claration courent \u00e0 compter du jour du d\u00e9p\u00f4t de la d\u00e9claration sous r\u00e9serve desdispositions de l'article R.7232-18 du code du travail. Le pr\u00e9sent r\u00e9c\u00e9piss\u00e9 n'est pas limit\u00e9 dans letemps. La d\u00e9claration a une port\u00e9e nationale.Le cas \u00e9ch\u00e9ant:En application des articles L.7232-1 et R.7232-1 \u00e0 R.7232-15, les activit\u00e9s n\u00e9cessitant un agr\u00e9ment (Ide l'article D.7231-1 du code du travail) n'ouvrent droit \u00e0 ces dispositions que si l'organisme apr\u00e9alablement obtenu l'agr\u00e9ment ou le renouvellement de cet agr\u00e9ment dans le ou lesd\u00e9partement(s) d'exercice de ses activit\u00e9s.De m\u00eame, en application de l'article D.312-6-2 du code de l'action sociale et des familles, les activit\u00e9sn\u00e9cessitant une autorisation n'ouvrent droit \u00e0 ces dispositions que si l'organisme a pr\u00e9alablementobtenu l'autorisation ou le renouvellement de cette autorisation.L'enregistrement de la d\u00e9claration peut \u00eatre retir\u00e9 dans les conditions fix\u00e9es aux articles R.7232-20 \u00e0 R.7232-22 du code du travail.Le pr\u00e9sent r\u00e9c\u00e9piss\u00e9 sera publi\u00e9 au recueil des actes administratifs de la pr\u00e9fecture.Le pr\u00e9sent r\u00e9c\u00e9piss\u00e9 peut, \u00e0 compter de sa notification, faire l'objet d'un recours gracieux aupr\u00e8sservice instructeur de I' Ain ou d'un recours hi\u00e9rarchique adress\u00e9 au ministre charg\u00e9 de l'\u00e9conomie -Direction g\u00e9n\u00e9rale des entreprises \u2014 sous-direction des services marchands, 61 Boulevard VincentAuriol, 75703 PARIS CEDEX 13.Il peut \u00e9galement faire l'objet d'un recours contentieux dans un d\u00e9lai de deux mois \u00e0 compter de sanotification aupr\u00e8s du tribunal administratif Lyon.\n \n01_DDETS_Direction d\u00e9partementale de l'emploi, du travail et des solidarit\u00e9s de l'Ain - 01-2025-08-26-00014 - R\u00e9c\u00e9piss\u00e9 de\nd\u00e9claration\nd'un organisme de services \u00e0 la personne\nenregistr\u00e9 sous le N\u00b0 SAP990238768\nGuillaume MOUTIER (GM SERVICES)\n40\nLe tribunal administratif peut aussi \u00eatre saisi par l'application informatique \u00ab T\u00e9l\u00e9recours citoyen \u00bbaccessible sur le site internet http://www.telerecours.fr/En cas de rejet du recours gracieux ou hi\u00e9rarchique ou en l'absence de r\u00e9ponse a ce recours (rejetimplicite), Un recours contentieux devant le tribunal administratif Lyon peut \u00e9galement \u00eatre form\u00e9contre la d\u00e9cision initiale dans un d\u00e9lai de deux mois \u00e0 compter de ce rejet.\nFait \u00e0 Bourg-en-Bresse, le 26/08/2025Pour la pr\u00e9f\u00e8te et par d\u00e9l\u00e9gation du directeurd\u00e9partemental de l'emploi, du travail et dessolidarit\u00e9s de l'AinLe responsable du P\u00f4le Insertion Emploi etSolidarit\u00e9s\nJean-Eudes BENTATA\n01_DDETS_Direction d\u00e9partementale de l'emploi, du travail et des solidarit\u00e9s de l'Ain - 01-2025-08-26-00014 - R\u00e9c\u00e9piss\u00e9 de\nd\u00e9claration\nd'un organisme de services \u00e0 la personne\nenregistr\u00e9 sous le N\u00b0 SAP990238768\nGuillaume MOUTIER (GM SERVICES)\n41\n01_DDETS_Direction d\u00e9partementale de\nl'emploi, du travail et des solidarit\u00e9s de l'Ain\n01-2025-08-22-00005\nR\u00e9c\u00e9piss\u00e9 de d\u00e9claration\nd'un organisme de services \u00e0 la personne\nenregistr\u00e9 sous le N\u00b0 SAP990270910\nGisele ALLENOU\n01_DDETS_Direction d\u00e9partementale de l'emploi, du travail et des solidarit\u00e9s de l'Ain - 01-2025-08-22-00005 - R\u00e9c\u00e9piss\u00e9 de\nd\u00e9claration\nd'un organisme de services \u00e0 la personne\nenregistr\u00e9 sous le N\u00b0 SAP990270910\nGisele ALLENOU\n42\nPREFETE Direction d\u00e9partementale de l'emploi, du travail et desDE L'AIN solidarit\u00e9sLibert\u00e9\u00c9galit\u00e9Fraternit\u00e9\nR\u00e9c\u00e9piss\u00e9 de d\u00e9clarationd'un organisme de services \u00e0 la personneenregistr\u00e9 sous le N\u00b0 SAP990270910\nVu le code du travail et notamment les articles L.7231-1 \u00e0 L.7233-2, R.7232-16 \u00e0 R.7232-22, D.7231-1 etD.7233-1 \u00e0 D.7233-5;\nVu la demande de d\u00e9claration d\u00e9pos\u00e9e par l'organisme Cours Allenou Maths & Co, 264 Route deBourg-en-Bresse 01120 PIZAY, le 13/08/2025 ;\nLa pr\u00e9f\u00e8te de l'AinConstate :Qu'une d\u00e9claration d'activit\u00e9s de services \u00e0 la personne a \u00e9t\u00e9 d\u00e9pos\u00e9e aupr\u00e8s du service instructeurde l'Ain, le 13/08/2025 par Mme. ALLENOU Gis\u00e8le en qualit\u00e9 de dirigeante, pour l'organisme CoursAllenou Maths & Co dont l'\u00e9tablissement principal est situ\u00e9 264 Route de Bourg-en-Bresse 01120 PIZAYet enregistr\u00e9 sous le N\u00b0 SAP990270910 pour les activit\u00e9s suivantes :\u00ab Soutien scolaire ou cours a domicile (mode d'intervention Prestataire)Toute modification concernant les activit\u00e9s exerc\u00e9es devra faire l'objet d'une d\u00e9claration modificativepr\u00e9alable.Sous r\u00e9serve d'\u00eatre exerc\u00e9es \u00e0 titre exclusif (ou sous r\u00e9serve d'une comptabilit\u00e9 s\u00e9par\u00e9e pour lespersonnes morales dispens\u00e9es de cette condition), ces activit\u00e9s ouvrent droit au b\u00e9n\u00e9fice desdispositions des articles L. 7233-2 du code du travail et L.241-10 du code de la s\u00e9curit\u00e9 sociale dans lesconditions pr\u00e9vues par ces articles.Les effets de la d\u00e9claration courent \u00e0 compter du 01/09/2025 sous r\u00e9serve des dispositions de l'articleR.7232-18 du code du travail. Le pr\u00e9sent r\u00e9c\u00e9piss\u00e9 n'est pas limit\u00e9 dans le temps. La d\u00e9claration a uneport\u00e9e nationale.Le cas \u00e9ch\u00e9ant:En application des articles L.7232-1 et R.7232-1 \u00e0 R.7232-15, les activit\u00e9s n\u00e9cessitant un agr\u00e9ment (Ide l'article D.7231-1 du code du travail) n'ouvrent droit \u00e0 ces dispositions que si l'organisme apr\u00e9alablement obtenu l'agr\u00e9ment ou le renouvellement de cet agr\u00e9ment dans le ou lesd\u00e9partement(s) d'exercice de ses activit\u00e9s.De m\u00eame, en application de l'article D.312-6-2 du code de l'action sociale et des familles, les activit\u00e9sn\u00e9cessitant une autorisation n'ouvrent droit \u00e0 ces dispositions que si l'organisme a pr\u00e9alablementobtenu l'autorisation ou le renouvellement de cette autorisation.L'enregistrement de la d\u00e9claration peut \u00eatre retir\u00e9 dans les conditions fix\u00e9es aux articles R.7232-20 \u00e0 R.7232-22 du code du travail.Le pr\u00e9sent r\u00e9c\u00e9piss\u00e9 sera publi\u00e9 au recueil des actes administratifs de la pr\u00e9fecture.Le pr\u00e9sent r\u00e9c\u00e9piss\u00e9 peut, \u00e0 compter de sa notification, faire l'objet d'un recours gracieux aupr\u00e8sservice instructeur de |' Ain ou d'un recours hi\u00e9rarchique adress\u00e9 au ministre charg\u00e9 de l'\u00e9conomie -Direction g\u00e9n\u00e9rale des entreprises \u2014 sous-direction des services marchands, 61 Boulevard VincentAuriol, 75703 PARIS CEDEX 13.Il peut \u00e9galement faire l'objet d'un recours contentieux dans un d\u00e9lai de deux mois \u00e0 compter de sanotification aupr\u00e8s du tribunal administratif Lyon.Le tribunal administratif peut aussi \u00eatre saisi par l'application informatique \u00ab T\u00e9l\u00e9recours citoyen \u00bbaccessible sur le site internet http://www.telerecours.fr/\n \n \n \n01_DDETS_Direction d\u00e9partementale de l'emploi, du travail et des solidarit\u00e9s de l'Ain - 01-2025-08-22-00005 - R\u00e9c\u00e9piss\u00e9 de\nd\u00e9claration\nd'un organisme de services \u00e0 la personne\nenregistr\u00e9 sous le N\u00b0 SAP990270910\nGisele ALLENOU\n43\nEn cas de rejet du recours gracieux ou hi\u00e9rarchique ou en l'absence de r\u00e9ponse a ce recours (rejetimplicite), un recours contentieux devant le tribunal administratif Lyon peut \u00e9galement \u00eatre form\u00e9contre la d\u00e9cision initiale dans un d\u00e9lai de deux mois \u00e0 compter de ce rejet.\nFait \u00e0 Bourg-en-Bresse, le 22/08/2025Pour la pr\u00e9f\u00e8te et par d\u00e9l\u00e9gation du directeurd\u00e9partemental de l'emploi, du travail et dessolidarit\u00e9s de l'AinLe responsable du P\u00f4le Insertion Emploi etSolidarit\u00e9s\nJean-Eudes BENTATA\n \n \n01_DDETS_Direction d\u00e9partementale de l'emploi, du travail et des solidarit\u00e9s de l'Ain - 01-2025-08-22-00005 - R\u00e9c\u00e9piss\u00e9 de\nd\u00e9claration\nd'un organisme de services \u00e0 la personne\nenregistr\u00e9 sous le N\u00b0 SAP990270910\nGisele ALLENOU\n44\n01_DDETS_Direction d\u00e9partementale de\nl'emploi, du travail et des solidarit\u00e9s de l'Ain\n01-2025-08-26-00009\nR\u00e9c\u00e9piss\u00e9 de d\u00e9claration\nd'un organisme de services \u00e0 la personne\nenregistr\u00e9 sous le N\u00b0 SAP990385635\nValentine HALILI\n01_DDETS_Direction d\u00e9partementale de l'emploi, du travail et des solidarit\u00e9s de l'Ain - 01-2025-08-26-00009 - R\u00e9c\u00e9piss\u00e9 de\nd\u00e9claration\nd'un organisme de services \u00e0 la personne\nenregistr\u00e9 sous le N\u00b0 SAP990385635\nValentine HALILI\n45\nPREFETE Direction d\u00e9partementale de l'emploi, du travail et desDE L'AIN solidarit\u00e9sLibert\u00e9\u00c9galit\u00e9Fraternit\u00e9\nR\u00e9c\u00e9piss\u00e9 de d\u00e9clarationd'un organisme de services \u00e0 la personneenregistr\u00e9 sous le N\u00b0 SAP990385635Vu le code du travail et notamment les articles L.7231-1 \u00e0 L.7233-2, R.7232-16 \u00e0 R.7232-22, D.7231-1 etD.7233-1 \u00e0 D.7233-5;\nVu la demande de d\u00e9claration d\u00e9pos\u00e9e par l'organisme HALILI Valentine, 1888 ROUTE DE LAFORET 01800 LE MONTELLIER, le 22/08/2025 ;\nLa pr\u00e9f\u00e8te de l'AinConstate :Qu'une d\u00e9claration d'activit\u00e9s de services \u00e0 la personne a \u00e9t\u00e9 d\u00e9pos\u00e9e aupr\u00e8s du service instructeurde l'Ain, le 22/08/2025 par Mme. HALILI VALENTINE en qualit\u00e9 de dirigeante, pour l'organisme HALILIValentine dont l'\u00e9tablissement principal est situ\u00e9 1888 ROUTE DE LA FORET 01800 LE MONTELLIER etenregistr\u00e9 sous le N\u00b0 SAP990385635 pour les activit\u00e9s suivantes :\u00a2 Entretien de la maison et travaux m\u00e9nagers (mode d'intervention Prestataire)\u00ab Petits travaux dejardinage (mode d'intervention Prestataire)\u00ab Pr\u00e9paration de repas a domicile (mode d'intervention Prestataire)\u00a2 Livraison de repas \u00e0 domicile (mode d'intervention Prestataire)\u00a2 Collecte et livraison \u00e0 domicile de linge repass\u00e9 (mode d'intervention Prestataire)\u00a2 Livraison de courses a domicile (mode d'intervention Prestataire)\u00a2\u00ab Maintenance, entretien et vigilance temporaires \u00e0 domicile (mode d'intervention Prestataire)Toute modification concernant les activit\u00e9s exerc\u00e9es devra faire l'objet d'une d\u00e9claration modificativepr\u00e9alable.Sous r\u00e9serve d'\u00eatre exerc\u00e9es \u00e0 titre exclusif (ou sous r\u00e9serve d'une comptabilit\u00e9 s\u00e9par\u00e9e pour lespersonnes morales dispens\u00e9es de cette condition), ces activit\u00e9s ouvrent droit au b\u00e9n\u00e9fice desdispositions des articles L. 7233-2 du code du travail et L.241-10 du code de la s\u00e9curit\u00e9 sociale dans lesconditions pr\u00e9vues par ces articles.Les effets de la d\u00e9claration courent \u00e0 compter du jour du d\u00e9p\u00f4t de la d\u00e9claration sous r\u00e9serve desdispositions de l'article R.7232-18 du code du travail. Le pr\u00e9sent r\u00e9c\u00e9piss\u00e9 n'est pas limit\u00e9 dans letemps. La d\u00e9claration a une port\u00e9e nationale.Le cas \u00e9ch\u00e9ant :En application des articles L.7232-1 et R.7232-1 \u00e0 R.7232-15, les activit\u00e9s n\u00e9cessitant un agr\u00e9ment (Ide l'article D.7231-1 du code du travail) n'ouvrent droit \u00e0 ces dispositions que si l'organisme apr\u00e9alablement obtenu l'agr\u00e9ment ou le renouvellement de cet agr\u00e9ment dans le ou lesd\u00e9partement(s) d'exercice de ses activit\u00e9s.De m\u00eame, en application de l'article D.312-6-2 du code de l'action sociale et des familles, les activit\u00e9sn\u00e9cessitant une autorisation n'ouvrent droit \u00e0 ces dispositions que si l'organisme a pr\u00e9alablementobtenu l'autorisation ou le renouvellement de cette autorisation.L'enregistrement de la d\u00e9claration peut \u00eatre retir\u00e9 dans les conditions fix\u00e9es aux articles R.7232-20 \u00e0 R.7232-22 du code du travail.Le pr\u00e9sent r\u00e9c\u00e9piss\u00e9 sera publi\u00e9 au recueil des actes administratifs de la pr\u00e9fecture.Le pr\u00e9sent r\u00e9c\u00e9piss\u00e9 peut, \u00e0 compter de sa notification, faire l'objet d'un recours gracieux aupr\u00e8sservice instructeur de I' Ain ou d'un recours hi\u00e9rarchique adress\u00e9 au ministre charg\u00e9 de l'\u00e9conomie -Direction g\u00e9n\u00e9rale des entreprises \u2014 sous-direction des services marchands, 61 Boulevard VincentAuriol, 75703 PARIS CEDEX 13.Il peut \u00e9galement faire l'objet d'un recours contentieux dans un d\u00e9lai de deux mois \u00e0 compter de sanotification aupr\u00e8s du tribunal administratif Lyon.\n \n01_DDETS_Direction d\u00e9partementale de l'emploi, du travail et des solidarit\u00e9s de l'Ain - 01-2025-08-26-00009 - R\u00e9c\u00e9piss\u00e9 de\nd\u00e9claration\nd'un organisme de services \u00e0 la personne\nenregistr\u00e9 sous le N\u00b0 SAP990385635\nValentine HALILI\n46\nLe tribunal administratif peut aussi \u00eatre saisi par l'application informatique \u00ab T\u00e9l\u00e9recours citoyen \u00bbaccessible sur le site internet http://www.telerecours.fr/En cas de rejet du recours gracieux ou hi\u00e9rarchique ou en l'absence de r\u00e9ponse \u00e0 ce recours (rejetimplicite), Un recours contentieux devant le tribunal administratif Lyon peut \u00e9galement \u00eatre form\u00e9contre la d\u00e9cision initiale dans un d\u00e9lai de deux mois \u00e0 compter de ce rejet.\nFait \u00e0 Bourg-en-Bresse, le 26/08/2025Pour la pr\u00e9f\u00e8te et par d\u00e9l\u00e9gation du directeurd\u00e9partemental de l'emploi, du travail et dessolidarit\u00e9s de l'AinLe responsable du P\u00f4le Insertion Emploi etSolidarit\u00e9s\nJean-Eudes BENTATA\n01_DDETS_Direction d\u00e9partementale de l'emploi, du travail et des solidarit\u00e9s de l'Ain - 01-2025-08-26-00009 - R\u00e9c\u00e9piss\u00e9 de\nd\u00e9claration\nd'un organisme de services \u00e0 la personne\nenregistr\u00e9 sous le N\u00b0 SAP990385635\nValentine HALILI\n47\n01_DDETS_Direction d\u00e9partementale de\nl'emploi, du travail et des solidarit\u00e9s de l'Ain\n01-2025-08-26-00012\nR\u00e9c\u00e9piss\u00e9 de d\u00e9claration\nd'un organisme de services \u00e0 la personne\nenregistr\u00e9 sous le N\u00b0 SAP990408809\nLydia AVANOGLU (HANNEQUART)\n01_DDETS_Direction d\u00e9partementale de l'emploi, du travail et des solidarit\u00e9s de l'Ain - 01-2025-08-26-00012 - R\u00e9c\u00e9piss\u00e9 de\nd\u00e9claration\nd'un organisme de services \u00e0 la personne\nenregistr\u00e9 sous le N\u00b0 SAP990408809\nLydia AVANOGLU (HANNEQUART)\n48\nPREFETE Direction d\u00e9partementale de l'emploi, du travail et desDE L'AIN solidarit\u00e9sLibert\u00e9Egalit\u00e9Fraternit\u00e9\nR\u00e9c\u00e9piss\u00e9 de d\u00e9clarationd'un organisme de services \u00e0 la personneenregistr\u00e9 sous le N\u00b0 SAP990408809\nVu le code du travail et notamment les articles L.7231-1 \u00e0 L.7233-2, R.7232-16 \u00e0 R.7232-22, D.7231-1 etD.7233-1 \u00e0 D.7233-5;\nVu la demande de d\u00e9claration d\u00e9pos\u00e9e par l'organisme Ain sourire \u00e0 domicile, 100 RUE DESCHARMES 01130 LE POIZAT-LALLEYRIAT, le 20/08/2025 ;\nLa pr\u00e9f\u00e8te de l'AinConstate :Qu'une d\u00e9claration d'activit\u00e9s de services \u00e0 la personne a \u00e9t\u00e9 d\u00e9pos\u00e9e aupr\u00e8s du service instructeurde l'Ain, le 20/08/2025 par Mme. HANNEQUART LYDIA en qualit\u00e9 de dirigeante, pour l'organisme Ainsourire \u00e0 domicile dont l'\u00e9tablissement principal est situ\u00e9 100 RUE DES CHARMES 01130 LE POIZAT-LALLEYRIAT et enregistr\u00e9 sous le N\u00b0 SAP990408809 pour les activit\u00e9s suivantes :\u00a2 Entretien de la maison et travaux m\u00e9nagers (mode d'intervention Prestataire)+ Pr\u00e9paration de repas \u00e0 domicile (mode d'intervention Prestataire)\u00a2 Livraison de courses a domicile (mode d'intervention Prestataire)\u00ab Assistance informatique \u00e0 domicile (mode d'intervention Prestataire)\u00ab Assistance administrative a domicile (mode d'intervention Prestataire)+ Conduite du v\u00e9hicule des personnes en cas d'invalidit\u00e9 temporaire (mode d'interventionPrestataire)\u00ab Accompagnement des personnes pr\u00e9sentant une invalidit\u00e9 temporaire (mode d'interventionPrestataire)\u00ab Assistance aux personnes ayant besoin d'une aide temporaire \u00e0 leur domicile (moded'intervention Prestataire)\u00a2\u00ab Coordination et d\u00e9livrance des SAP (mode d'intervention Prestataire)Toute modification concernant les activit\u00e9s exerc\u00e9es devra faire l'objet d'une d\u00e9claration modificativepr\u00e9alable.Sous r\u00e9serve d'\u00eatre exerc\u00e9es \u00e0 titre exclusif (ou sous r\u00e9serve d'une comptabilit\u00e9 s\u00e9par\u00e9e pour lespersonnes morales dispens\u00e9es de cette condition), ces activit\u00e9s ouvrent droit au b\u00e9n\u00e9fice desdispositions des articles L. 7233-2 du code du travail et L.241-10 du code de la s\u00e9curit\u00e9 sociale dans lesconditions pr\u00e9vues par ces articles.Les effets de la d\u00e9claration courent \u00e0 compter du jour du d\u00e9p\u00f4t de la d\u00e9claration sous r\u00e9serve desdispositions de l'article R.7232-18 du code du travail. Le pr\u00e9sent r\u00e9c\u00e9piss\u00e9 n'est pas limit\u00e9 dans letemps. La d\u00e9claration a une port\u00e9e nationale.Le cas \u00e9ch\u00e9ant:En application des articles L.7232-1 et R.7232-1 \u00e0 R.7232-15, les activit\u00e9s n\u00e9cessitant un agr\u00e9ment (Ide l'article D.7231-1 du code du travail) n'ouvrent droit \u00e0 ces dispositions que si l'organisme apr\u00e9alablement obtenu l'agr\u00e9ment ou le renouvellement de cet agr\u00e9ment dans le ou lesd\u00e9partement(s) d'exercice de ses activit\u00e9s.De m\u00eame, en application de l'article D.312-6-2 du code de l'action sociale et des familles, les activit\u00e9sn\u00e9cessitant une autorisation n'ouvrent droit \u00e0 ces dispositions que si l'organisme a pr\u00e9alablementobtenu l'autorisation ou le renouvellement de cette autorisation.L'enregistrement de la d\u00e9claration peut \u00eatre retir\u00e9 dans les conditions fix\u00e9es aux articles R.7232-20 \u00e0 R.7232-22 du code du travail.Le pr\u00e9sent r\u00e9c\u00e9piss\u00e9 sera publi\u00e9 au recueil des actes administratifs de la pr\u00e9fecture.\n \n01_DDETS_Direction d\u00e9partementale de l'emploi, du travail et des solidarit\u00e9s de l'Ain - 01-2025-08-26-00012 - R\u00e9c\u00e9piss\u00e9 de\nd\u00e9claration\nd'un organisme de services \u00e0 la personne\nenregistr\u00e9 sous le N\u00b0 SAP990408809\nLydia AVANOGLU (HANNEQUART)\n49\nLe pr\u00e9sent r\u00e9c\u00e9piss\u00e9 peut, \u00e0 compter de sa notification, faire l'objet d'un recours gracieux aupr\u00e8sservice instructeur de |' Ain ou d'un recours hi\u00e9rarchique adress\u00e9 au ministre charg\u00e9 de l'\u00e9conomie -Direction g\u00e9n\u00e9rale des entreprises \u2014 sous-direction des services marchands, 61 Boulevard VincentAuriol, 75703 PARIS CEDEX 13.Il peut \u00e9galement faire l'objet d'un recours contentieux dans un d\u00e9lai de deux mois \u00e0 compter de sanotification aupr\u00e8s du tribunal administratif Lyon.Le tribunal administratif peut aussi \u00eatre saisi par l'application informatique \u00ab T\u00e9l\u00e9recours citoyen \u00bbaccessible sur le site internet http://www.telerecours.fr/En cas de rejet du recours gracieux ou hi\u00e9rarchique ou en l'absence de r\u00e9ponse a ce recours (rejetimplicite), Un recours contentieux devant le tribunal administratif Lyon peut \u00e9galement \u00eatre form\u00e9contre la d\u00e9cision initiale dans un d\u00e9lai de deux mois \u00e0 compter de ce rejet.\nFait \u00e0 Bourg-en-Bresse, le 26/08/2025Pour la pr\u00e9f\u00e8te et par d\u00e9l\u00e9gation du directeurd\u00e9partemental de l'emploi, du travail et dessolidarit\u00e9s de l'AinLe responsable du P\u00f4le Insertion Emploi etSolidarit\u00e9s\nJean-Eudes BENTATA\n01_DDETS_Direction d\u00e9partementale de l'emploi, du travail et des solidarit\u00e9s de l'Ain - 01-2025-08-26-00012 - R\u00e9c\u00e9piss\u00e9 de\nd\u00e9claration\nd'un organisme de services \u00e0 la personne\nenregistr\u00e9 sous le N\u00b0 SAP990408809\nLydia AVANOGLU (HANNEQUART)\n50\n01_DDFIP_Direction d\u00e9partementale des\nfinances publiques de l'Ain\n01-2025-09-08-00001\nD\u00e9l\u00e9gation de signature - Paierie - septembre\n2025\n01_DDFIP_Direction d\u00e9partementale des finances publiques de l'Ain - 01-2025-09-08-00001 - D\u00e9l\u00e9gation de signature - Paierie -\nseptembre 2025 51\nDirection d\u00e9partementale des finances publiques de l'Ain\nPaierie D\u00e9partementale de l'Ain\n34 rue du G\u00e9n\u00e9ral Delestraint\n01000 Bourg-en-Bresse\nD\u00c9L\u00c9GATION DE SIGNATURE DU RESPONSABLE DE LA PAIERIE D\u00c9PARTEMENTALE DE L'AIN\nLe comptable, responsable de la Paierie D\u00e9partementale de l'Ain\nVu le d\u00e9cret n\u00b0 2008-309 du 3 avril 2008 portant diverses dispositions relatives \u00e0 la direction g\u00e9n\u00e9rale des\nfinances publiques ;\nVu le d\u00e9cret n\u00b0 2009-707 du 16 juin 2009 relatif aux services d\u00e9concentr\u00e9s de la direction g\u00e9n\u00e9rale des finances\npubliques ;\nVu le d\u00e9cret n\u00b0 2012-1246 du 7 novembre 2012 relatif \u00e0 la gestion budg\u00e9taire et comptable publique, et\nnotamment son article 16 ;\nArr\u00eate :\nArticle 1er\nD\u00e9l\u00e9gation  de  signature  est  donn\u00e9e  \u00e0  M.  COLLET  Vincent  ,  contr\u00f4leur  des  Finances  Publiques,  faisant\ntemporairement fonction d'adjoint au comptable charg\u00e9 de la Paierie D\u00e9partementale, \u00e0 l'effet de signer au\nnom et sous la responsabilit\u00e9 du comptable soussign\u00e9,\na) les d\u00e9cisions relatives aux demandes de d\u00e9lai de paiement, le d\u00e9lai accord\u00e9 ne pouvant exc\u00e9der 24\nmois et porter sur une somme sup\u00e9rieure \u00e0 10.000 \u20ac ;\nb) l'ensemble des actes relatifs au recouvrement, et notamment, les avis de mise en recouvrement, les\nactes de poursuites et les d\u00e9clarations de cr\u00e9ances ainsi que pour ester en justice ;\nc) tous actes d'administration et de gestion du service.(relev\u00e9s BDF..)\nArticle 2\nD\u00e9l\u00e9gation de signature est donn\u00e9e \u00e0 l'effet de signer :\n1\u00b0) les d\u00e9cisions relatives aux demandes de d\u00e9lai de paiement, dans les limites de dur\u00e9e et de montant\nindiqu\u00e9es dans le tableau ci-apr\u00e8s;\n2\u00b0)  l'ensemble  des  actes  relatifs  au  recouvrement,  et  notamment  les  actes  de  poursuites  et  les\nd\u00e9clarations de cr\u00e9ances ; aux agents d\u00e9sign\u00e9s ci-apr\u00e8s :\nNom et pr\u00e9nom des agents Grade Dur\u00e9e Montant\nSOUCHE Lo\u00efc Contr\u00f4leur 12 mois 5.000 \u20ac\nGERBERON-LEBLANC\nJustine\nContr\u00f4leurse 12 mois 5.000 \u20ac\nDANTON Jessica Agente administrative 6 mois 3.000 \u20ac\nPIERRE Madleen Agente administrative 6 mois 3.000 \u20ac\nArticle 3\nLe pr\u00e9sent arr\u00eat\u00e9 sera publi\u00e9 au recueil des actes administratifs du d\u00e9partement de l'Ain\nA Bourg-en-Bresse, le 08/09/2025\nLe comptable,\nChristian LAMUR,\nPayeur D\u00e9partemental de l'Ain\n01_DDFIP_Direction d\u00e9partementale des finances publiques de l'Ain - 01-2025-09-08-00001 - D\u00e9l\u00e9gation de signature - Paierie -\nseptembre 2025 52\n01_DDT_Direction d\u00e9partementale des\nterritoires de l'Ain\n01-2025-09-08-00003\n2025ArreteAttributifSubFondsVertMontagneMat\nafelonGrangesRaa\n01_DDT_Direction d\u00e9partementale des territoires de l'Ain - 01-2025-09-08-00003 -\n2025ArreteAttributifSubFondsVertMontagneMatafelonGrangesRaa 53\nE 3PREFETEDE LAIN JERTLibert\u00e9 HE Boe Se\u00c9galit\u00e9 Agir - Mobiliser + Acc\u00e9l\u00e9rerFraternit\u00e9\nLE FONDS VERT. pour l'acc\u00e9l\u00e9ration=: de la transition=: \u00e9cologique dans:: les territoires\nARR\u00caT\u00c9 PORTANT ATTRIBUTION D'UNE SUBVENTION\nAU TITRE DU FONDS VERT 2025\nAXE 2 - APPUI AUX COLLECTIVIT\u00c9S DE MONTAGNE SOUMISES\n\u00c0 DES RISQUES \u00c9MERGENTS\nLa Pr\u00e9f\u00e8te de l'Ain\nChevalier de la L\u00e9gion d'honneur,\nOfficier de l'Ordre national du M\u00e9rite\nVu la loi organique n\u00b0 2001-692 du 1er ao\u00fbt 2001 relative aux lois de finances ;\nVu la loi n\u00b0 2025-127 du 14 f\u00e9vrier 2025 de finances pour 2025 ;\nVu  le  code  g\u00e9n\u00e9ral  des  collectivit\u00e9s  territoriales,  notamment  ses  articles  L.  1111-11  et\nD. 1111-8 ;\nVu le d\u00e9cret n\u00b02025-723 du 30 juillet 2025 modifiant le d\u00e9cret n\u00b0 2004-374 du 29 avril 2004\nrelatif aux pouvoirs des pr\u00e9fets, \u00e0 l'organisation et \u00e0 l'action des services de l'\u00c9tat dans les\nr\u00e9gions et d\u00e9partements ;\nVu le d\u00e9cret n\u00b0 2012-1246 du 7 novembre 2012 relatif \u00e0 la gestion budg\u00e9taire et comptable\npublique ; \nVu le d\u00e9cret n\u00b0 2015-510 du 7 mai 2015 modifi\u00e9 portant charte de la d\u00e9concentration ;\nVu le d\u00e9cret n\u00b0 2018-514 du 25 juin 2018 relatif aux subventions de l'\u00c9tat pour des projets\nd'investissement ;\n1/7\n01_DDT_Direction d\u00e9partementale des territoires de l'Ain - 01-2025-09-08-00003 -\n2025ArreteAttributifSubFondsVertMontagneMatafelonGrangesRaa 54\nVu le d\u00e9cret du 22 mars 2023 portant nomination de Mme Chantal MAUCHET en tant que\npr\u00e9f\u00e8te de l'Ain ;\nVu le d \u00e9cret n\u00b0 2025-135 du 14 f\u00e9vrier 2025 pris en application de l'article 44 de la loi\norganique n\u00b0  2001-692 du 1 er ao\u00fbt 2001 relative aux lois de finances, au titre de la loi\nn\u00b0 2025-127 du 14 f\u00e9vrier 2025 de finances pour 2025 ;\nVu la circulaire du 28 f\u00e9vrier 2025 relative aux r\u00e8gles d'emploi en 2025 des dotations de\nsoutien \u00e0 l'investissement des collectivit\u00e9s territoriales et du fonds d'acc\u00e9l\u00e9ration de la\ntransition \u00e9cologique dans les territoires (fonds vert) ;\nVu la demande de subvention n\u00b0 DS 24939426 pr\u00e9sent\u00e9e par la commune de Matafelon-\nGranges  sur  la  plateforme  \u00ab D\u00e9marches  simplifi\u00e9es \u00bb  en  date  du  25  juin  2025,  pour\nl'op\u00e9ration \u00ab travaux de s\u00e9curisation contre les \u00e9boulements rocheux sur la commune de\nMatafelon-Granges \u00bb ;\nSur proposition de M. le directeur d\u00e9partemental des territoires de l'Ain ; \nARR\u00caTE\nArticle 1 : Objet de l'aide financi\u00e8re\nLe pr\u00e9sent arr\u00eat\u00e9 a pour objet de d\u00e9finir les conditions dans lesquelles l'\u00c9tat attribue une\nsubvention  au  titre  du  fonds  d'acc\u00e9l\u00e9ration  de  la  transition  \u00e9cologique  (fonds  vert)  -\n\u00ab Axe 2 \u2013 appui aux collectivit\u00e9s de montagne soumises \u00e0 des risques \u00e9mergents \u00bb, pour la\nr\u00e9alisation de l'op\u00e9ration :\n\u00ab travaux de s\u00e9curisation contre les \u00e9boulements rocheux\nsur la commune de Matafelon-Granges \u00bb\ndont le b\u00e9n\u00e9ficiaire est la commune de Matafelon-Granges, dont le si\u00e8ge se situe au :\n100 rue du Four 01580 MATAFELON-GRANGES, num\u00e9ro SIRET : 210 102 406 00019\nLe montant de la d\u00e9pense subventionnable pr\u00e9visionnelle s'\u00e9l\u00e8ve \u00e0 266 656,80 \u20ac HT.\nL'assiette maximale subventionnable est de 266 656,80 euros HT.\nCette d\u00e9pense subventionnable est fix\u00e9e \u00e0 partir de l'estimation du co\u00fbt de l'op\u00e9ration\nd\u00e9taill\u00e9e ci-dessous :\nCO\u00dbT PR\u00c9VISIONNEL DU PROJET\nPostes de d\u00e9penses Montants HT Assiette subventionnable retenue\n\u00c9tude de s\u00e9curisation \ncontre les \u00e9boulements\nrocheux (AMO, ma\u00eetrise\nd'\u0153uvre, diagnostic et \nsuivi faune et flore)\n59 156,80 \u20ac 59 156,80 \u20ac\nTravaux de s\u00e9curisation\ncontre les \u00e9boulements\nrocheux\n207 500,00 \u20ac 207 500,00 \u20ac\nTotal 266 656,80 \u20ac 266 656,80 \u20ac\n2/7\n01_DDT_Direction d\u00e9partementale des territoires de l'Ain - 01-2025-09-08-00003 -\n2025ArreteAttributifSubFondsVertMontagneMatafelonGrangesRaa 55\nCALENDRIER PR\u00c9VISIONNEL (\u00e9ch\u00e9ancier pr\u00e9sent\u00e9 par le demandeur)\nDate pr\u00e9visionnelle de d\u00e9but d'op\u00e9ration Date pr\u00e9visionnelle de fin d'op\u00e9ration\n01/09/2025 30/06/2027\nArticle 2 : Montant de l'aide financi\u00e8re\nLe montant de la subvention, soit 66 664,00 \u20ac HT \u2013 soixante-six-mille-six-cent-soixante-\nquatre euros (m ontant maximum pr\u00e9visionnel) est imput\u00e9 sur les cr\u00e9dits du  programme\n380 \u00ab Fonds d'acc\u00e9l\u00e9ration de la transition \u00e9cologique dans les territoires \u00bb (\u00ab fonds vert \u00bb).\nLes cr\u00e9dits rel\u00e8vent du budget op\u00e9rationnel de programme (BOP) 380-AURA, d\u00e9l\u00e9gu\u00e9s au\npr\u00e9fet de d\u00e9partement de l'Ain, responsable de l'unit\u00e9 op\u00e9rationnelle 380-AURA-DP-01.\nCette subvention est conditionn\u00e9e au respect des obligations de publicit\u00e9, notamment\ncelle concernant l'affichage de la participation financi\u00e8re de l'\u00c9tat sur le site de r\u00e9alisation\nde l'op\u00e9ration (cf. article 6 du pr\u00e9sent arr\u00eat\u00e9).\nLes imputations budg\u00e9taires seront les suivantes :\nDomaine fonctionnel Centre financier Centre de co\u00fbt Code d'activit\u00e9\n0380-02-02 0380-AURA-DP 01 DDTT001001\n0380-02-02-01-01\n(adaptation aux risques\n\u00e9mergents en montagne)\nAxe minist\u00e9riel 1 correspondant \u00e0 la sous-mesure : pas de sous-mesures\nAxe  minist\u00e9riel  2  r\u00e9f\u00e9rence  du  num\u00e9ro  d'enregistrement  de  d\u00e9marches  simplifi\u00e9es :\n24939426\nAxe localisation interminist\u00e9rielle : N8401240\nLe montant maximum pr\u00e9visionnel de la subvention  repr\u00e9sente 25 % du montant HT de\nl'assiette subventionnable retenue \u00e0 l'article 1 du pr\u00e9sent arr\u00eat\u00e9.\nLe  montant d\u00e9finitif de la subvention  est \u00e9gal au montant maximum pr\u00e9visionnel si le\nb\u00e9n\u00e9ficiaire  justifie  un  montant  de  d\u00e9penses  atteignant  ou  d\u00e9passant  le  montant  de\nl'assiette subventionnable retenue \u00e0 l'article 1 du pr\u00e9sent arr\u00eat\u00e9. A d\u00e9faut, le montant\nd\u00e9finitif de la subvention est calcul\u00e9 par application du taux de subvention mentionn\u00e9\ndans l'alin\u00e9a pr\u00e9c\u00e9dent au montant de la d\u00e9pense r\u00e9elle.\nCe taux ainsi que la nature de la d\u00e9pense subventionnable ne peuvent \u00eatre modifi\u00e9s par\nrapport au pr\u00e9sent arr\u00eat\u00e9.\nSauf exception, le taux de subvention ne peut avoir pour effet de porter le montant total\ndes  aides  publiques  \u00e0  plus  de  80  %  du  montant  pr\u00e9visionnel  de  la  d\u00e9pense\nsubventionnable engag\u00e9e par le b\u00e9n\u00e9ficiaire.\n3/7\n01_DDT_Direction d\u00e9partementale des territoires de l'Ain - 01-2025-09-08-00003 -\n2025ArreteAttributifSubFondsVertMontagneMatafelonGrangesRaa 56\nArticle 3 : Dur\u00e9e et modalit\u00e9s d'ex\u00e9cution du projet\nLe b\u00e9n\u00e9ficiaire est tenu de faire tous les efforts n\u00e9cessaires pour respecter le calendrier\npr\u00e9visionnel d'ex\u00e9cution du projet pr\u00e9cis\u00e9 \u00e0 l'article 1 de la pr\u00e9sente d\u00e9cision attributive\nde subvention.\nSi, \u00e0 l'expiration d'un d\u00e9lai de  deux ans  \u00e0 compter de la notification de la subvention ,\nl'op\u00e9ration  au  titre  de  laquelle  elle  a  \u00e9t\u00e9  accord\u00e9e  n'a  re\u00e7u  aucun  commencement\nd'ex\u00e9cution, la caducit\u00e9 de la pr\u00e9sente d\u00e9cision attributive de subvention sera constat\u00e9e.\nCependant, si le commencement d'ex\u00e9cution du projet se trouve retard\u00e9 pour des causes\nind\u00e9pendantes  de  la  volont\u00e9  du  b\u00e9n\u00e9ficiaire  et  que  celui-ci  en  fait  la  demande\nant\u00e9rieurement  \u00e0  l'expiration  du  d\u00e9lai  de  deux  ans  pr\u00e9cit\u00e9,  la  validit\u00e9  de  la  pr\u00e9sente\nd\u00e9cision  attributive  de  subvention  pourra  \u00eatre  prorog\u00e9e  pour  une  p\u00e9riode\ncompl\u00e9mentaire  n'exc\u00e9dant  pas  un  an  par  arr\u00eat\u00e9  modificatif  pr\u00e9cisant  le  nouveau\ncalendrier pr\u00e9visionnel du projet.\nDans un d\u00e9lai de douze mois \u00e0 compter de la date pr\u00e9visionnelle d'ach\u00e8vement du projet\nmentionn\u00e9e \u00e0 l'article 1, le b\u00e9n\u00e9ficiaire adresse \u00e0 l'autorit\u00e9 comp\u00e9tente une d\u00e9claration\nd'ach\u00e8vement de l'op\u00e9ration accompagn\u00e9e des pi\u00e8ces indiqu\u00e9es \u00e0 l'article 4-1 du pr\u00e9sent\narr\u00eat\u00e9.\nEn l'absence de r\u00e9ception de ces documents par l'autorit\u00e9 comp\u00e9tente au terme de cette\np\u00e9riode de douze mois, aucun paiement ne peut intervenir au profit du b\u00e9n\u00e9ficiaire.\nArticle 4 : Modalit\u00e9s de versement de la subvention et clauses de reversement.\n4-1 Les versements\nLes versements seront effectu\u00e9s,  sous r\u00e9serve des cr\u00e9dits disponibles, selon les modalit\u00e9s\nsuivantes :\n\u2022 une avance de 15 % du montant pr\u00e9visionnel de la subvention peut \u00eatre vers\u00e9e au\nb\u00e9n\u00e9ficiaire au vu du document justifiant du commencement de l'ex\u00e9cution de\nl'op\u00e9ration qui devra \u00eatre accompagn\u00e9 d'une photographie de l'affichage du plan\nde financement (cf article 6 du pr\u00e9sent arr\u00eat\u00e9) ;\n\u2022 des  acomptes n'exc\u00e9dant  pas  au  total  80 %  du  montant  pr\u00e9visionnel  de  la\nsubvention peuvent \u00eatre vers\u00e9s, en fonction de l'avancement de l'op\u00e9ration et au\nprorata du montant des factures acquitt\u00e9es par le b\u00e9n\u00e9ficiaire, l'\u00e9tat r\u00e9capitulatif\ndes d\u00e9penses r\u00e9alis\u00e9es pouvant se pr\u00e9senter sous la forme d'une liste de mandats\nde paiement \u00e9tablie par l'ordonnateur local, dont le r\u00e8glement est certifi\u00e9 par le\ncomptable public de la collectivit\u00e9 b\u00e9n\u00e9ficiaire ;\n\u2022 le  solde de la subvention est vers\u00e9 apr\u00e8s transmission des pi\u00e8ces mentionn\u00e9es ci-\ndessous :\n\u27a2 une lettre de demande de paiement par laquelle le b\u00e9n\u00e9ficiaire certifie que\nl'op\u00e9ration  a  \u00e9t\u00e9  r\u00e9alis\u00e9e  dans  les  conditions  subordonnant  l'octroi  de  la\nsubvention et pr\u00e9cise les montants de la subvention \u00e0 affecter aux d\u00e9penses\nexpos\u00e9es ;\n\u27a2 une d\u00e9claration d'ach\u00e8vement de l'op\u00e9ration ;\n\u27a2 la liste des aides publiques per\u00e7ues et de leur montant respectif ;\n4/7\n01_DDT_Direction d\u00e9partementale des territoires de l'Ain - 01-2025-09-08-00003 -\n2025ArreteAttributifSubFondsVertMontagneMatafelonGrangesRaa 57\n\u27a2 des pi\u00e8ces justificatives des paiements effectu\u00e9s par le b\u00e9n\u00e9ficiaire (factures\nacquitt\u00e9es) ;\n\u27a2 un \u00e9tat r\u00e9capitulatif des d\u00e9penses HT certifi\u00e9 du b\u00e9n\u00e9ficiaire de la subvention\net du tr\u00e9sorier ;\n\u27a2 tout  document  attestant  de  la  r\u00e9alisation  de  l'op\u00e9ration  (rapports,  comptes\nrendus\u2026) ;\n\u27a2 un bilan final du projet pr\u00e9cisant les r\u00e9sultats obtenus en mati\u00e8re d'exemplarit\u00e9\n\u00e9cologique ;\n\u27a2 une preuve de la publicit\u00e9 de l'aide d'\u00c9tat telle que d\u00e9crite \u00e0 l'article 6 du\npr\u00e9sent arr\u00eat\u00e9 ;\n\u27a2 une photographie dat\u00e9e justifiant de l'apposition d'une plaque ou d'un panneau\npermanent (cf. article 6 du pr\u00e9sent arr\u00eat\u00e9).\nChaque appel de fonds sera transmis par voie d\u00e9mat\u00e9rialis\u00e9e sur la boite fonctionnelle  :\nddt-sur-pr@ain.gouv.fr en sp\u00e9cifiant l'objet sous la forme suivante :\n\u00ab Fonds Vert \u2013 n\u00b0 d\u00e9marches simplifi\u00e9es - nature de la demande de versement (avance,\nacompte ou solde) \u00bb.\n4-2 Les situations de r\u00e9duction, de caducit\u00e9 ou de remboursement total ou partiel de la\nsubvention\nLe  b\u00e9n\u00e9ficiaire  qui  souhaite  abandonner  son  projet  s'engage  \u00e0  en  informer  l'autorit\u00e9\ncomp\u00e9tente dans les meilleurs d\u00e9lais pour permettre la cl\u00f4ture de l'op\u00e9ration. Il s'engage \u00e0\nproc\u00e9der au reversement des sommes ind\u00fbment per\u00e7ues dans les plus brefs d\u00e9lais et au\nplus tard dans le mois qui suit la r\u00e9ception du titre de perception.\nLe reversement total ou partiel de la subvention est exig\u00e9 dans les cas suivants :\n\u2022 en cas de d\u00e9passement du plafond des aides publiques fix\u00e9 \u00e0 80  % de la\nd\u00e9pense subventionnable ;\n\u2022 si l'op\u00e9ration n'est pas r\u00e9alis\u00e9e dans les d\u00e9lais pr\u00e9vus \u00e0 l'article 3 du pr\u00e9sent\narr\u00eat\u00e9 ; \n\u2022 en l'absence de conformit\u00e9 de la nature ou du montant des d\u00e9penses au\nregard des justificatifs initialement transmis ou lorsque les sommes vers\u00e9es\nont \u00e9t\u00e9 utilis\u00e9es \u00e0 des fins autres que celles pr\u00e9vues dans l'arr\u00eat\u00e9 d'octroi de\nla subvention ;\n\u2022 en cas de modification de l'affectation de l'investissement sans autorisation\npr\u00e9fectorale  avant  l'expiration  d'un  d\u00e9lai  de  5  ans  \u00e0  compter  de\nl'ach\u00e8vement de l'op\u00e9ration.\nArticle 5 : Obligations du b\u00e9n\u00e9ficiaire vis-\u00e0-vis de l'administration\n\u2022 Avancement de l'op\u00e9ration : le b\u00e9n\u00e9ficiaire doit informer l'autorit\u00e9 comp\u00e9tente du\ncommencement d'ex\u00e9cution de l'op\u00e9ration par courrier. De m\u00eame, il l'informe de\ntous motifs susceptibles de l'emp\u00eacher de r\u00e9aliser tout ou partie de l'op\u00e9ration tel\nque pr\u00e9vu initialement. Par ailleurs, le b\u00e9n\u00e9ficiaire doit  informer r\u00e9guli\u00e8rement les\nservices  de  l'\u00c9tat  de  l'avancement  du  projet  et  transmettre  un  bilan  semestriel\nd'ex\u00e9cution. En particulier, l'\u00c9tat devra \u00eatre inform\u00e9 de la tenue des comit\u00e9s de suivi\n(techniques et de pilotage) relatifs au projet, et pourra y participer.\n5/7\n01_DDT_Direction d\u00e9partementale des territoires de l'Ain - 01-2025-09-08-00003 -\n2025ArreteAttributifSubFondsVertMontagneMatafelonGrangesRaa 58\n\u2022 Obligation d'information : le b\u00e9n\u00e9ficiaire signale \u00e0 l'autorit\u00e9 comp\u00e9tente tout retard\nou d\u00e9gradation significatifs constat\u00e9s dans le d\u00e9roulement du projet notamment en\ncas de diminution des ambitions en mati\u00e8re d'exemplarit\u00e9 \u00e9cologique. Il pr\u00e9cise le\nnouveau terme envisag\u00e9 de r\u00e9alisation du projet.\n\u2022 Contr\u00f4les  op\u00e9r\u00e9s  par  l'administration :  le  b\u00e9n\u00e9ficiaire  s'engage  \u00e0  conserver  les\npi\u00e8ces justificatives pendant une dur\u00e9e de 10  ans et \u00e0 fournir tous justificatifs de\nnature technique, comptable et financi\u00e8re relatifs \u00e0 l'op\u00e9ration dans le cadre de\ncontr\u00f4les diligent\u00e9s par l'administration.\nArticle 6 : Obligations de publicit\u00e9\n\u2022 Conform\u00e9ment \u00e0 l'article D. 1111-8 du CGCT, le b\u00e9n\u00e9ficiaire est tenu d'assurer la\npublicit\u00e9 de la participation financi\u00e8re de l'\u00c9tat \u00e0 l'op\u00e9ration selon les modalit\u00e9s\nsuivantes :\n-  publier  le  plan  de  financement \u00e0  la  mairie  ou  au  si\u00e8ge  de  la  collectivit\u00e9\nterritoriale ou du groupement et le mettre en ligne sur le site internet de la\ncollectivit\u00e9 territoriale ou du groupement, si celui-ci existe. Cette publication\nintervient dans un d\u00e9lai de 15 jours \u00e0 compter du commencement d'ex\u00e9cution\nde l'op\u00e9ration subventionn\u00e9e. La publication fait appara\u00eetre le co\u00fbt total de\nl'op\u00e9ration d'investissement et le montant des subventions apport\u00e9es par les\npersonnes publiques,\n- afficher le plan de financement  pendant la r\u00e9alisation de l'op\u00e9ration en un lieu\nais\u00e9ment visible du public sous la forme d'un panneau d'affichage ou d'une\naffiche. Sous r\u00e9serve des dispositions applicables aux projets s'inscrivant dans\nun programme cofinanc\u00e9 par l'Union europ\u00e9enne, le plan de financement doit\n\u00eatre affich\u00e9 sous la forme de lignes d'\u00e9gale dimension faisant appara\u00eetre, s'il\nexiste, le logotype ou l'embl\u00e8me de la personne publique ayant subventionn\u00e9 le\nprojet, son nom, ainsi que le montant de la subvention,\n-  apposer une plaque ou un panneau permanent , de dimension minimum un\nformat A3 (format : L 297 x H 420 mm) en un lieu ais\u00e9ment visible du public, \u00e0\nl'issue de la r\u00e9alisation de toute op\u00e9ration dont le co\u00fbt total est sup\u00e9rieur \u00e0\n10 000 \u20ac et au plus tard trois mois apr\u00e8s l'ach\u00e8vement de celle-ci, sur lequel\nfigure le logotype de l'\u00c9tat \u00e0 t\u00e9l\u00e9charger sur le site de l'\u00c9tat, sous r\u00e9serve des\ndispositions applicables aux projets s'inscrivant dans un programme cofinanc\u00e9\npar  l'Union  europ\u00e9enne.  Le  logo  et  la  charte  graphique  \u00e0  respecter  sont\ndisponibles  sur  le  site  de  l'\u00c9tat  en  r\u00e9gion  ( https://www.prefectures-\nregions.gouv.fr/auvergne-rhone-alpes/Region-et-institutions/L-action-de-l-Etat/\nAmenagement-du-territoire-logement-transport-numerique/Amenagement-du-\nterritoire/Vous-etes-beneficiaire-d-une-aide-de-l-Etat/Vous-etes-beneficiaire-d-\nune-aide-de-l-Etat/Vous-beneficiez-d-une-subvention-d-investissement-de-la-\npart-de-l-Etat-et-de-ses-operateurs-Voici-vos-obligations-en-matiere-de-\ncommunication/#titre). Le financement du panneau et son installation sont \u00e0 la\ncharge du b\u00e9n\u00e9ficiaire. Si l'op\u00e9ration a fait l'objet de subventions de la part de\nplusieurs  personnes  publiques,  leur  logotype  ou  embl\u00e8me  doit  figurer,  \u00e0\ndimension \u00e9gale, sur la plaque ou le panneau.\n6/7\n01_DDT_Direction d\u00e9partementale des territoires de l'Ain - 01-2025-09-08-00003 -\n2025ArreteAttributifSubFondsVertMontagneMatafelonGrangesRaa 59\n\u2022 Le porteur de projet doit mentionner la participation financi\u00e8re de l'\u00c9tat au titre du\n\u00ab Fonds vert \u2013 France nation verte  \u00bb \u00e0 cette op\u00e9ration. Il devra en faire \u00e9tat, de\nmani\u00e8re  suffisamment  lisible,  sur  l'ensemble  des  documents  \u00e9tablis  (plaquettes,\ninvitations, supports audiovisuels, sites internet ou autres) et lors des manifestations\nvalorisant l'objet du financement. \n\u2022 Les logos du Fonds vert et de \u00ab  France nation verte \u00bb doivent \u00eatre affich\u00e9s sur tous\nces documents et en annonce des travaux (panneaux de chantiers en particulier).\n\u2022 Le  porteur  de  projet  s'engage  par  ailleurs  \u00e0  associer  les  services  de  l'\u00c9tat  \u00e0\nl'organisation  de  toute  manifestation  publique  de  communication  relative  au\nprojet.\n\u2022 Les  actions  de  communication  ou  d'information  mentionneront  \u00e9galement  la\nparticipation des financements publics.\n\u2022 La pr\u00e9f\u00e8te de d\u00e9partement sera associ\u00e9e \u00e0 l'organisation de toute manifestation\npublique relative \u00e0 cette op\u00e9ration.\nArticle 7 : Ex\u00e9cution\nLa secr\u00e9taire g\u00e9n\u00e9rale de la pr\u00e9fecture de l'Ain, le directeur d\u00e9partemental des territoires\nde l'Ain et le directeur r\u00e9gional des finances publiques sont charg\u00e9s, chacun en ce qui le\nconcerne, de l'ex\u00e9cution du pr\u00e9sent arr\u00eat\u00e9 qui sera notifi\u00e9 au maire de la commune de\nMatafelon-Granges par la pr\u00e9f\u00e8te du d\u00e9partement de l'Ain.\nArticle 8 : Litige\nLe  pr\u00e9sent  arr\u00eat\u00e9  peut  faire  l'objet  d'un  recours  contentieux  devant  le  tribunal\nadministratif  de  Lyon,  dans  le  d\u00e9lai  de  deux  mois  \u00e0  compter  de  sa  notification.  La\njuridiction  administrative  peut  aussi  \u00eatre  saisie  par  l'application  T\u00e9l\u00e9recours  citoyens,\naccessible \u00e0 partir du site www.telerecours.fr.\nFait \u00e0 Bourg-en-Bresse, le 08 septembre 2025\nLa pr\u00e9f\u00e8te,\nSIGNE\nChantal MAUCHET\n7/7\n01_DDT_Direction d\u00e9partementale des territoires de l'Ain - 01-2025-09-08-00003 -\n2025ArreteAttributifSubFondsVertMontagneMatafelonGrangesRaa 60\n01_DDT_Direction d\u00e9partementale des\nterritoires de l'Ain\n01-2025-09-08-00005\nArr\u00eat\u00e9 A R R \u00ca T \u00c9\nportant modification \u00e0 l'arr\u00eat\u00e9 pr\u00e9fectoral\nd'autorisation d'occupation du domaine public\nfluvial et de pr\u00e9l\u00e8vement d'eau dans la rivi\u00e8re \u00ab le\nFurans \u00bb, au lieu-dit \u00ab Manillon \u00bb\nsur le territoire de la commune\nd'ARBOYS-EN-BUGEY accord\u00e9e \u00e0 la SCEA la\nP\u00e9lissi\u00e8re en date du 19 octobre 2023 \n01_DDT_Direction d\u00e9partementale des territoires de l'Ain - 01-2025-09-08-00005 - Arr\u00eat\u00e9 A R R \u00ca T \u00c9\nportant modification \u00e0 l'arr\u00eat\u00e9 pr\u00e9fectoral d'autorisation d'occupation du domaine public\nfluvial et de pr\u00e9l\u00e8vement d'eau dans la rivi\u00e8re \u00ab le Furans \u00bb, au lieu-dit \u00ab Manillon \u00bb\nsur le territoire de la commune d'ARBOYS-EN-BUGEY accord\u00e9e \u00e0 la SCEA la P\u00e9lissi\u00e8re en date du 19 octobre 2023 \n61\nEPREFETEDE L'AINLibert\u00e9Igal:it\u00e9Fraternit\u00e9\nA R R \u00ca T \u00c9\nportant modification \u00e0 l'arr\u00eat\u00e9 pr\u00e9fectoral d'autorisation d'occupation du domaine public\nfluvial et de pr\u00e9l\u00e8vement d'eau dans la rivi\u00e8re \u00ab le Furans \u00bb, au lieu-dit \u00ab Manillon \u00bb\nsur le territoire de la commune d'ARBOYS-EN-BUGEY\naccord\u00e9e \u00e0 la SCEA la P\u00e9lissi\u00e8re en date du 19 octobre 2023\nUsage : irrigation agricole\nLa pr\u00e9f\u00e8te de l'Ain,\nChevalier de la L\u00e9gion d'honneur,\nOfficier de l'Ordre national du M\u00e9rite\nVu le code du domaine de l'\u00c9tat ;\nVu le code g\u00e9n\u00e9ral de la propri\u00e9t\u00e9 des personnes publiques ;\nVu le code du domaine public fluvial et de la navigation int\u00e9rieure ;\nVu le code de l'environnement ;\nVu l' arr\u00eat\u00e9 pr\u00e9fectoral du  19 octobre  2023 autorisant  la SCEA  la P\u00e9lissi\u00e8re \u00e0 occuper  le\ndomaine  public  fluvial  et  \u00e0  pr\u00e9lever  de  l'eau  dans  la  rivi\u00e8re  \u00ab le  Furans \u00bb,  au  lieu-dit\n\u00ab Manillon \u00bb sur le territoire de la commune d'ARBOYS-EN-BUGEY pour un usage d'irrigation\nagricole ;\nVu  l'arr\u00eat\u00e9  pr\u00e9fectoral  du  10  avril  2025  portant  d\u00e9l\u00e9gation  de  signature  au  directeur\nd\u00e9partemental des territoires ;\nVu la d\u00e9cision du directeur d\u00e9partemental des territoires de l'Ain du 27 juin 2025 portant\nsubd\u00e9l\u00e9gation de signature en mati\u00e8res de comp\u00e9tences g\u00e9n\u00e9rales ;\nVu  la d\u00e9cision du  4 septembre  2025 de  l'administrateur  g\u00e9n\u00e9ral  des  finances  publiques,\ndirecteur d\u00e9partemental des finances publiques de l'Ain, relative aux conditions financi\u00e8res\nde l'occupation et du pr\u00e9l\u00e8vement ;\nConsid\u00e9rant  que  les  conditions  financi\u00e8res  de  l'occupation  et  du  pr\u00e9l\u00e8vement  ont  \u00e9t\u00e9\nmodifi\u00e9es ;\nSur proposition du directeur d\u00e9partemental des territoires  ;\nService Protection de Gestion de l'Environnement\nUnit\u00e9 Gestion de l'Eau\nDirection d\u00e9partementale\ndes territoires\n01_DDT_Direction d\u00e9partementale des territoires de l'Ain - 01-2025-09-08-00005 - Arr\u00eat\u00e9 A R R \u00ca T \u00c9\nportant modification \u00e0 l'arr\u00eat\u00e9 pr\u00e9fectoral d'autorisation d'occupation du domaine public\nfluvial et de pr\u00e9l\u00e8vement d'eau dans la rivi\u00e8re \u00ab le Furans \u00bb, au lieu-dit \u00ab Manillon \u00bb\nsur le territoire de la commune d'ARBOYS-EN-BUGEY accord\u00e9e \u00e0 la SCEA la P\u00e9lissi\u00e8re en date du 19 octobre 2023 \n62\nARR\u00caTE\nArticle 1\nL'article 12 de l'arr\u00eat\u00e9 pr\u00e9fectoral du 19 octobre 2023 susvis\u00e9 est modifi\u00e9 comme suit :\n\u00ab En raison de l'occupation du domaine public fluvial, en vertu des articles L.2125-1 \u00e0\nL.2125-6  et  R.2125-1  \u00e0  R.2125-6  du  code  g\u00e9n\u00e9ral  de  la  propri\u00e9t\u00e9  des  personnes\npubliques, le montant de la redevance dont fait l'objet la pr\u00e9sente autorisation est\nfix\u00e9 par l'administrateur g\u00e9n\u00e9ral des finances publiques, directeur d\u00e9partemental des\nfinances  publiques  de  l'Ain,  sur  proposition  du  directeur  d\u00e9partemental  des\nterritoires charg\u00e9 de la conservation du domaine public fluvial.\nLa SCEA la P\u00e9lissi\u00e8re verse chaque ann\u00e9e une redevance de 44  \u20ac, payable d'avance, \u00e0\nla caisse de la direction d\u00e9partementale des finances publiques de l'Ain.\nCette redevance n'est pas r\u00e9visable.\nEn cas de retard dans le paiement d'un seul terme, et par application de l'article\nL.2125-5 du code g\u00e9n\u00e9ral de la propri\u00e9t\u00e9 des personnes publiques, les redevances\n\u00e9chues sont major\u00e9es d'un int\u00e9r\u00eat moratoire au taux l\u00e9gal.  \u00bb\nArticle 2\nLes autres articles de l'arr\u00eat\u00e9 pr\u00e9fectoral du 19 octobre 2023 portant renouvellement\nd'autorisation d'occupation du domaine public fluvial et de pr\u00e9l\u00e8vement d'eau dans la\nrivi\u00e8re \u00ab le Furans \u00bb, au lieu-dit \u00ab  Manillon \u00bb sur le territoire de la commune d'ARBOYS-\nEN-BUGEY accord\u00e9e \u00e0 la SCEA la P\u00e9lissi\u00e8re pour un usage d'irrigation sont inchang\u00e9s.\nArticle 3 \u2013 D\u00e9lai et voies de recours\nLa pr\u00e9sente d\u00e9cision peut \u00eatre d\u00e9f\u00e9r\u00e9e \u00e0 la juridiction administrative comp\u00e9tente, le\ntribunal  administratif  de  LYON,  dans  un  d\u00e9lai  de  deux  mois  \u00e0  compter  de  la\nnotification ou de publication du pr\u00e9sent arr\u00eat\u00e9.\nLa saisine du tribunal administratif de LYON peut \u00e9galement se faire par le d\u00e9p\u00f4t d'une\nrequ\u00eate sur le site www.telerecours.fr.\nArticle 4 \u2013 Publication\nLe pr\u00e9sent arr\u00eat\u00e9 est :\n\u2022 publi\u00e9 au recueil des actes administratifs,\n\u2022 affich\u00e9 \u00e0 la mairie du lieu d'occupation du domaine public pour une dur\u00e9e\nminimale d'un mois,\n\u2022 mis \u00e0 la disposition du public sur le site internet des services de l'\u00c9tat dans\nl'Ain pendant un an.\nArticle 5 \u2013 Abrogation\nL'arr\u00eat\u00e9 pr\u00e9fectoral du 29 d\u00e9cembre 2023 susvis\u00e9 est abrog\u00e9.\nArticle 6 \u2013 Ex\u00e9cution\nLe  directeur  d\u00e9partemental  des  territoires  et  l'administrateur  g\u00e9n\u00e9ral  des  finances\npubliques,  directeur  d\u00e9partemental  des  finances  publiques  de  l'Ain,  sont  charg\u00e9s,\nchacun en ce qui le concerne, de l'ex\u00e9cution du pr\u00e9sent arr\u00eat\u00e9.\n2/3\n01_DDT_Direction d\u00e9partementale des territoires de l'Ain - 01-2025-09-08-00005 - Arr\u00eat\u00e9 A R R \u00ca T \u00c9\nportant modification \u00e0 l'arr\u00eat\u00e9 pr\u00e9fectoral d'autorisation d'occupation du domaine public\nfluvial et de pr\u00e9l\u00e8vement d'eau dans la rivi\u00e8re \u00ab le Furans \u00bb, au lieu-dit \u00ab Manillon \u00bb\nsur le territoire de la commune d'ARBOYS-EN-BUGEY accord\u00e9e \u00e0 la SCEA la P\u00e9lissi\u00e8re en date du 19 octobre 2023 \n63\nL'administrateur g\u00e9n\u00e9ral des finances publiques, directeur d\u00e9partemental des finances\npubliques  de  l'Ain,  notifie  le  pr\u00e9sent  arr\u00eat\u00e9  au  p\u00e9titionnaire,  \u00e0  savoir  la  SCEA  la\nP\u00e9lissi\u00e8re, repr\u00e9sent\u00e9e par Monsieur C\u00e9dric PHILIPPE.\nUne copie du pr\u00e9sent arr\u00eat\u00e9 est transmise :\n\u2022 au maire de la commune d'ARBOYS-EN-BUGEY,\n\u2022 au chef du service d\u00e9partemental de l'Office Fran\u00e7ais de la Biodiversit\u00e9 (OFB).\nFait \u00e0 BOURG-EN-BRESSE, le 8 septembre 2025\nPar d\u00e9l\u00e9gation de la pr\u00e9f\u00e8te,\nPar subd\u00e9l\u00e9gation du directeur,\nLe chef de service,\nSign\u00e9 : Jean ROYER\n3/3\n01_DDT_Direction d\u00e9partementale des territoires de l'Ain - 01-2025-09-08-00005 - Arr\u00eat\u00e9 A R R \u00ca T \u00c9\nportant modification \u00e0 l'arr\u00eat\u00e9 pr\u00e9fectoral d'autorisation d'occupation du domaine public\nfluvial et de pr\u00e9l\u00e8vement d'eau dans la rivi\u00e8re \u00ab le Furans \u00bb, au lieu-dit \u00ab Manillon \u00bb\nsur le territoire de la commune d'ARBOYS-EN-BUGEY accord\u00e9e \u00e0 la SCEA la P\u00e9lissi\u00e8re en date du 19 octobre 2023 \n64\n01_DDT_Direction d\u00e9partementale des\nterritoires de l'Ain\n01-2025-09-08-00004\nArr\u00eat\u00e9 portant modification \u00e0 l'arr\u00eat\u00e9\npr\u00e9fectoral d'autorisation d'occupation du\ndomaine public fluvial et de pr\u00e9l\u00e8vement d'eau\ndans la rivi\u00e8re \u00ab le Furans \u00bb, au lieu-dit \u00ab Ormaye \u00bb\nsur le territoire de la commune\nd'ARBOYS-EN-BUGEY accord\u00e9e \u00e0 la SCEA la\nP\u00e9lissi\u00e8re en date du 19 octobre 2023\n01_DDT_Direction d\u00e9partementale des territoires de l'Ain - 01-2025-09-08-00004 - Arr\u00eat\u00e9 portant modification \u00e0 l'arr\u00eat\u00e9 pr\u00e9fectoral\nd'autorisation d'occupation du domaine public fluvial et de pr\u00e9l\u00e8vement d'eau dans la rivi\u00e8re \u00ab le Furans \u00bb, au lieu-dit \u00ab Ormaye \u00bb sur\nle territoire de la commune d'ARBOYS-EN-BUGEY accord\u00e9e \u00e0 la SCEA la P\u00e9lissi\u00e8re en date du 19 octobre 2023\n65\nEPREFETEDE L'AINLibert\u00e9Igal:it\u00e9Fraternit\u00e9\nA R R \u00ca T \u00c9\nportant modification \u00e0 l'arr\u00eat\u00e9 pr\u00e9fectoral d'autorisation d'occupation du domaine public\nfluvial et de pr\u00e9l\u00e8vement d'eau dans la rivi\u00e8re \u00ab le Furans \u00bb, au lieu-dit \u00ab Ormaye \u00bb\nsur le territoire de la commune d'ARBOYS-EN-BUGEY\naccord\u00e9e \u00e0 la SCEA la P\u00e9lissi\u00e8re en date du 19 octobre 2023\nUsage : irrigation agricole\nLa pr\u00e9f\u00e8te de l'Ain,\nChevalier de la L\u00e9gion d'honneur,\nOfficier de l'Ordre national du M\u00e9rite\nVu le code du domaine de l'\u00c9tat ;\nVu le code g\u00e9n\u00e9ral de la propri\u00e9t\u00e9 des personnes publiques ;\nVu le code du domaine public fluvial et de la navigation int\u00e9rieure ;\nVu le code de l'environnement ;\nVu  l'arr\u00eat\u00e9 pr\u00e9fectoral du  19 octobre 2023 autorisant  la SCEA  la P\u00e9lissi\u00e8re \u00e0 occuper  le\ndomaine  public  fluvial  et  \u00e0  pr\u00e9lever  de  l'eau  dans  la  rivi\u00e8re  \u00ab le  Furans \u00bb,  au  lieu-dit\n\u00ab Ormaye \u00bb sur le territoire de la commune d'ARBOYS-EN-BUGEY pour un usage d'irrigation\nagricole ;\nVu  l'arr\u00eat\u00e9 pr\u00e9fectoral du  29 d\u00e9cembre 2023  portant  modification \u00e0 l'arr\u00eat\u00e9  pr\u00e9fectoral\nd'autorisation  d'occupation  du  domaine  public  fluvial  et  de  pr\u00e9l\u00e8vement  d'eau  dans  la\nrivi\u00e8re \u00ab  le Furans  \u00bb, au lieu-dit \u00ab  Ormaye \u00bb sur le territoire de la commune d'ARBOYS-EN-\nBUGEY  accord\u00e9e  \u00e0  la  SCEA  la  P\u00e9lissi\u00e8re  en  date  du  19  octobre  2023  Usage :  irrigation\nagricole ;\nVu  la d\u00e9cision  du  4 septembre 2025 d e l'administrate ur  g\u00e9n\u00e9ral des  finances  publiques,\ndirecteur d\u00e9partemental des finances publiques de l'Ain,  relative aux conditions financi\u00e8res\nde l'occupation et du pr\u00e9l\u00e8vement ;\nVu  l'arr\u00eat\u00e9  pr\u00e9fectoral  du  10  avril  2025  portant  d\u00e9l\u00e9gation  de  signature  au  directeur\nd\u00e9partemental des territoires ;\nVu la d\u00e9cision du directeur d\u00e9partemental des territoires de l'Ain du 27 juin 2025 portant\nsubd\u00e9l\u00e9gation de signature en mati\u00e8res de comp\u00e9tences g\u00e9n\u00e9rales ;\nService Protection de Gestion de l'Environnement\nUnit\u00e9 Gestion de l'Eau\nDirection d\u00e9partementale\ndes territoires\n01_DDT_Direction d\u00e9partementale des territoires de l'Ain - 01-2025-09-08-00004 - Arr\u00eat\u00e9 portant modification \u00e0 l'arr\u00eat\u00e9 pr\u00e9fectoral\nd'autorisation d'occupation du domaine public fluvial et de pr\u00e9l\u00e8vement d'eau dans la rivi\u00e8re \u00ab le Furans \u00bb, au lieu-dit \u00ab Ormaye \u00bb sur\nle territoire de la commune d'ARBOYS-EN-BUGEY accord\u00e9e \u00e0 la SCEA la P\u00e9lissi\u00e8re en date du 19 octobre 2023\n66\nConsid\u00e9rant que les conditions financi\u00e8res de l'occupation et du pr\u00e9l\u00e8vement ont \u00e9t\u00e9\nmodifi\u00e9es ;\nSur proposition du directeur d\u00e9partemental des territoires  ;\nARR\u00caTE\nArticle 1\nL'article 12 de l'arr\u00eat\u00e9 pr\u00e9fectoral du 19 octobre 2023 susvis\u00e9 est modifi\u00e9 comme suit :\n\u00ab En raison de l'occupation du domaine public fluvial, en vertu des articles L.2125-1 \u00e0\nL.2125-6  et  R.2125-1  \u00e0  R.2125-6  du  code  g\u00e9n\u00e9ral  de  la  propri\u00e9t\u00e9  des  personnes\npubliques, le montant de la redevance dont fait l'objet la pr\u00e9sente autorisation est\nfix\u00e9 par l'administrateur g\u00e9n\u00e9ral des finances publiques, directeur d\u00e9partemental\ndes finances publiques de l'Ain, sur proposition du directeur  d\u00e9partemental des\nterritoires charg\u00e9 de la conservation du domaine public fluvial.\nLa SCEA la P\u00e9lissi\u00e8re verse chaque ann\u00e9e une redevance de 40  \u20ac, payable d'avance,\n\u00e0 la caisse de la direction d\u00e9partementale des finances publiques de l'Ain.\nCette redevance n'est pas r\u00e9visable.\nEn cas de retard dans le paiement d'un seul terme, et par application de l'article\nL.2125-5 du code g\u00e9n\u00e9ral de la propri\u00e9t\u00e9 des personnes publiques, les redevances\n\u00e9chues sont major\u00e9es d'un int\u00e9r\u00eat moratoire au taux l\u00e9gal.  \u00bb\nArticle 2\nLes autres articles de l'arr\u00eat\u00e9 pr\u00e9fectoral du 19 octobre 2023 portant renouvellement\nd'autorisation d'occupation du domaine public fluvial et de pr\u00e9l\u00e8vement d'eau dans la\nrivi\u00e8re \u00ab le Furans \u00bb, au lieu-dit \u00ab  Ormaye \u00bb sur le territoire de la commune d'ARBOYS-\nEN-BUGEY accord\u00e9e \u00e0 la SCEA la P\u00e9lissi\u00e8re pour un usage d'irrigation sont inchang\u00e9s.\nArticle 3 \u2013 D\u00e9lai et voies de recours\nLa pr\u00e9sente d\u00e9cision peut \u00eatre d\u00e9f\u00e9r\u00e9e \u00e0 la juridiction administrative comp\u00e9tente, le\ntribunal  administratif  de  LYON,  dans  un  d\u00e9lai  de  deux  mois  \u00e0  compter  de  la\nnotification ou de publication du pr\u00e9sent arr\u00eat\u00e9.\nLa saisine du tribunal administratif de LYON peut \u00e9galement se faire par le d\u00e9p\u00f4t d'une\nrequ\u00eate sur le site www.telerecours.fr. \nArticle 4 \u2013 Publication\nLe pr\u00e9sent arr\u00eat\u00e9 est :\n\u2022 publi\u00e9 au recueil des actes administratifs,\n\u2022 affich\u00e9 \u00e0 la mairie du lieu d'occupation du domaine public pour une dur\u00e9e\nminimale d'un mois,\n\u2022 mis \u00e0 la disposition du public sur le site internet des services de l'\u00c9tat dans\nl'Ain pendant un an.\nArticle 5 \u2013 Abrogation\nL'arr\u00eat\u00e9 pr\u00e9fectoral du 29 d\u00e9cembre 2023 susvis\u00e9 est abrog\u00e9.\n2/3\n01_DDT_Direction d\u00e9partementale des territoires de l'Ain - 01-2025-09-08-00004 - Arr\u00eat\u00e9 portant modification \u00e0 l'arr\u00eat\u00e9 pr\u00e9fectoral\nd'autorisation d'occupation du domaine public fluvial et de pr\u00e9l\u00e8vement d'eau dans la rivi\u00e8re \u00ab le Furans \u00bb, au lieu-dit \u00ab Ormaye \u00bb sur\nle territoire de la commune d'ARBOYS-EN-BUGEY accord\u00e9e \u00e0 la SCEA la P\u00e9lissi\u00e8re en date du 19 octobre 2023\n67\nArticle 6 \u2013 Ex\u00e9cution\nLe  directeur  d\u00e9partemental  des  territoires  et  l'administrateur  g\u00e9n\u00e9ral  des  finances\npubliques,  directeur  d\u00e9partemental  des  finances  publiques  de  l'Ain,  sont  charg\u00e9s,\nchacun en ce qui le concerne, de l'ex\u00e9cution du pr\u00e9sent arr\u00eat\u00e9.\nL'administrateur g\u00e9n\u00e9ral des finances publiques, directeur d\u00e9partemental des finances\npubliques  de  l'Ain,  notifie  le  pr\u00e9sent  arr\u00eat\u00e9  au  p\u00e9titionnaire,  \u00e0  savoir  la  SCEA  la\nP\u00e9lissi\u00e8re, repr\u00e9sent\u00e9e par Monsieur C\u00e9dric PHILIPPE.\nUne copie du pr\u00e9sent arr\u00eat\u00e9 est transmise :\n\u2022 au maire de la commune d'ARBOYS-EN-BUGEY,\n\u2022 au chef du service d\u00e9partemental de l'Office Fran\u00e7ais de la Biodiversit\u00e9 (OFB).\nFait \u00e0 BOURG-EN-BRESSE, le 8 septembre 2025\nPar d\u00e9l\u00e9gation de la pr\u00e9f\u00e8te,\nPar subd\u00e9l\u00e9gation du directeur,\nLe chef de service,\nSign\u00e9 : Jean ROYER\n3/3\n01_DDT_Direction d\u00e9partementale des territoires de l'Ain - 01-2025-09-08-00004 - Arr\u00eat\u00e9 portant modification \u00e0 l'arr\u00eat\u00e9 pr\u00e9fectoral\nd'autorisation d'occupation du domaine public fluvial et de pr\u00e9l\u00e8vement d'eau dans la rivi\u00e8re \u00ab le Furans \u00bb, au lieu-dit \u00ab Ormaye \u00bb sur\nle territoire de la commune d'ARBOYS-EN-BUGEY accord\u00e9e \u00e0 la SCEA la P\u00e9lissi\u00e8re en date du 19 octobre 2023\n68\n01_DDT_Direction d\u00e9partementale des\nterritoires de l'Ain\n01-2025-09-08-00002\nARR\u00caT\u00c9 PR\u00c9FECTORAL\nPortant d\u00e9l\u00e9gation de signature \u00e0 Monsieur\nVincent PATRIARCA,\ndirecteur d\u00e9partemental des territoires de l'Ain\n01_DDT_Direction d\u00e9partementale des territoires de l'Ain - 01-2025-09-08-00002 - ARR\u00caT\u00c9 PR\u00c9FECTORAL\nPortant d\u00e9l\u00e9gation de signature \u00e0 Monsieur Vincent PATRIARCA,\ndirecteur d\u00e9partemental des territoires de l'Ain\n69\nE =PREFETEDE LAINLibert\u00e9Egalit\u00e9Fraternit\u00e9\nARR\u00caT\u00c9 PR\u00c9FECTORAL\nPortant d\u00e9l\u00e9gation de signature \u00e0 Monsieur Vincent PATRIARCA, \ndirecteur d\u00e9partemental des territoires de l'Ain\nLa pr\u00e9f\u00e8te de l'Ain,\nChevalier de la L\u00e9gion d'honneur,\nOfficier de l'Ordre national du M\u00e9rite\nVU le code de la construction et de l'habitation ;\nVU le code de l'environnement ; \nVU le code forestier ;\nVU le code de la route ;\nVU le code rural et de la p\u00eache maritime ;\nVU le code de l'urbanisme ; \nVU la loi n\u00b0 82-213 du 2 mars 1982 relative aux droits et libert\u00e9s des communes, des \nd\u00e9partements et des r\u00e9gions, et notamment son article 34  ;\nVU  la loi n\u00b0  83-8 du 7 janvier 1983 relative \u00e0 la r\u00e9partition de comp\u00e9tences  entre les\ncommunes, les d\u00e9partements, les r\u00e9gions et l'\u00c9tat ;\nVU  la  loi  n\u00b0 92-125  du  6  f\u00e9vrier  1992 relative  \u00e0  l'administration  territoriale  de  la\nR\u00e9publique ;\nVU le d\u00e9cret n\u00b0 2004-374 du 29 avril 2004 relatif aux pouvoirs des pr\u00e9fets, \u00e0 l'organisation\net \u00e0 l'action des services de l'\u00c9tat dans les r\u00e9gions et les d\u00e9partements ;\n1\n01_DDT_Direction d\u00e9partementale des territoires de l'Ain - 01-2025-09-08-00002 - ARR\u00caT\u00c9 PR\u00c9FECTORAL\nPortant d\u00e9l\u00e9gation de signature \u00e0 Monsieur Vincent PATRIARCA,\ndirecteur d\u00e9partemental des territoires de l'Ain\n70\nVU le d\u00e9cret n\u00b0 2015-510 du 7 mai 2015 portant charte de la d\u00e9concentration ;\nVU le d\u00e9cret n\u00b0 2019-1594 du 31 d\u00e9cembre 2019 relatif aux emplois de direction de l'\u00c9tat ;\nVU  le  d\u00e9cret  n\u00b0  2020-1427  du  20  novembre  2020  relatif  aux  comit\u00e9s  sociaux\nd'administration dans les administrations et les \u00e9tablissements publics de l'\u00c9tat ;\nVU  le d\u00e9cret n\u00b0 2020-99 du 7 f\u00e9vrier 2020 relatif \u00e0 l'organisation et aux missions des\nsecr\u00e9tariats g\u00e9n\u00e9raux communs d\u00e9partementaux ;\nVU le d\u00e9cret du 22 mars 2023 portant nomination de Mme Chantal MAUCHET, en qualit\u00e9\nde pr\u00e9f\u00e8te de l'Ain ;\nVU le d\u00e9cret du 2 ao\u00fbt 2023 portant nomination de Madame Virginie GUERIN-ROBINET,\nsecr\u00e9taire g\u00e9n\u00e9rale de la pr\u00e9fecture de l'Ain, sous-pr\u00e9f\u00e8te de l'arrondissement de Bourg-en-\nBresse ;\nVU l'arr\u00eat\u00e9 de la Premi\u00e8re ministre et du ministre de l'Int\u00e9rieur et des outres-mers du 31 \noctobre 2022 portant nomination de Monsieur Vincent PATRIARCA, ing\u00e9nieur des travaux\npublics de l'\u00c9tat hors classe, directeur d\u00e9partemental des territoires \u00e0 compter du 15 \nnovembre 2022 ;  \nVU la circulaire n\u00b0 6092-SG du 12 juin 2019 relative \u00e0 la mise en \u0153uvre de la r\u00e9forme de\nl'organisation territoriale de l'\u00c9tat ;\nVU l'arr\u00eat\u00e9 du 31 juillet 2012 du pr\u00e9fet de la r\u00e9gion Rh\u00f4ne-Alpes donnant d\u00e9l\u00e9gation de\nsignature aux pr\u00e9fets des d\u00e9partements de la r\u00e9gion Rh\u00f4ne-Alpes dans le cadre de la mise\nen \u0153uvre du volet r\u00e9gional du programme de d\u00e9veloppement rural hexagonal ;\nVU l'arr\u00eat\u00e9  pr\u00e9fectoral  du  23  juin  2025  portant  modification  de  l'organisation  de  la\ndirection d\u00e9partementale des territoires de l'Ain ;\nVU l'arr\u00eat\u00e9  pr\u00e9fectoral  du  15  d\u00e9cembre  2020  portant  cr\u00e9ation  et  organisation  du\nsecr\u00e9tariat  g\u00e9n\u00e9ral  commun  \u00e0  la  pr\u00e9fecture  et  aux  directions  d\u00e9partementales\ninterminist\u00e9rielles de l'Ain ;\nVU le programme r\u00e9gional  de  d\u00e9veloppement  agricole  et  rural  Auvergne-Rh\u00f4ne-Alpes\n2022-2027 ; \nSUR  proposition  de  la  secr\u00e9taire  g\u00e9n\u00e9rale  de  la  pr\u00e9fecture  de  l'Ain,  sous-pr\u00e9f\u00e8te  de\nl'arrondissement de Bourg-en-Bresse ;\n                                   A R R \u00ca T E\nArticle     1   : D\u00e9l\u00e9gation est donn\u00e9e \u00e0 Monsieur  Vincent PATRIARCA,  ing\u00e9nieur des travaux\npublics de l'\u00c9tat hors classe, directeur d\u00e9partemental des territoires de l'Ain, \u00e0 l'effet de\nsigner l'ensemble  des  actes,  d\u00e9cisions  et  documents  relevant  des  attributions  et\ncomp\u00e9tences de son service et se rapportant aux mati\u00e8res \u00e9num\u00e9r\u00e9es dans le tableau mis\nen annexe du pr\u00e9sent arr\u00eat\u00e9.\n2\n01_DDT_Direction d\u00e9partementale des territoires de l'Ain - 01-2025-09-08-00002 - ARR\u00caT\u00c9 PR\u00c9FECTORAL\nPortant d\u00e9l\u00e9gation de signature \u00e0 Monsieur Vincent PATRIARCA,\ndirecteur d\u00e9partemental des territoires de l'Ain\n71\nArticle 2 : Sont exclues de la d\u00e9l\u00e9gation consentie dans les termes figurant \u00e0 l'article 1 du\npr\u00e9sent arr\u00eat\u00e9 :\n\u2022 Les circulaires aux maires ;\n\u2022 Toute  correspondance  adress\u00e9e  aux  cabinets  minist\u00e9riels  ainsi  que  celles\nadress\u00e9es aux administrations centrales et qui sont relatives aux programmes\nd'\u00e9quipement et \u00e0 leur financement ;\n\u2022 Toute  correspondance  adress\u00e9e  aux  pr\u00e9sidents  des  assembl\u00e9es  r\u00e9gionale et\nd\u00e9partementale ainsi que les r\u00e9ponses aux interventions des parlementaires et\ndes  conseillers  d\u00e9partementaux  lorsqu'elles  portent  sur  des  comp\u00e9tences\nrelevant de l'\u00c9tat. \nArticle 3 : La signature du d\u00e9l\u00e9gataire sera pr\u00e9c\u00e9d\u00e9e de la mention suivante :\nLa pr\u00e9f\u00e8te \nPour la pr\u00e9f\u00e8te et par d\u00e9l\u00e9gation, \nLe directeur d\u00e9partemental des territoires,\n    \nVincent PATRIARCA \nArticle     4   :  En  cas  d'absence  ou  d'emp\u00eachement  de  Monsieur  Vincent  PATRIARCA,\ning\u00e9nieur des travaux publics de l'\u00c9tat hors classe, directeur d\u00e9partemental des territoires\nde l'Ain,  la d\u00e9l\u00e9gation de signature qui lui est consentie dans  les  termes figurant aux\narticles 1, 2 et 3 du pr\u00e9sent arr\u00eat\u00e9 peut \u00eatre exerc\u00e9e par le directeur adjoint, les chef(fe)s\nde services et leurs adjoint(e)s, les chef(fe)s d'unit\u00e9s ou de bureaux ainsi que les charg\u00e9(e)s\nde missions de cat\u00e9gorie A.\nCette subd\u00e9l\u00e9gation peut \u00eatre \u00e9tendue \u00e0 quelques agents occupant des postes de chef de\np\u00f4le (fiscalit\u00e9, application du droit des sols\u2026).\nL'arr\u00eat\u00e9 de subd\u00e9l\u00e9gation sera transmis \u00e0 la pr\u00e9f\u00e8te de d\u00e9partement et fera l'objet d'une\npublication au recueil des actes administratifs de la pr\u00e9fecture. \nArticle 5 : L'arr\u00eat\u00e9 pr\u00e9fectoral du 10 avril 2025 por tant d\u00e9l\u00e9gation de signature \u00e0 Monsieur\nVincent  PATRIARCA,  ing\u00e9nieur  des  travaux  publics  de  l'\u00c9tat  hors  classe,  directeur\nd\u00e9partemental  des  territoires  de  l'Ain,  est  abrog\u00e9  \u00e0 compter  du  lendemain  de  la\npublication au recueil des actes administratifs de la pr\u00e9fecture de l'Ain du pr\u00e9sent arr\u00eat\u00e9. \nArticle 6  :   Le pr\u00e9sent arr\u00eat\u00e9 peut \u00eatre contest\u00e9 dans un d\u00e9lai de deux mois \u00e0 compter de\nsa publication :\nPar  recours  gracieux  ou  hi\u00e9rarchique  conform\u00e9ment  \u00e0  l'article  L.  411-2  du  code  des\nrelations entre le public et l'administration. L'absence de r\u00e9ponse dans un d\u00e9lai de deux\nmois fait na\u00eetre une d\u00e9cision implicite de rejet qui peut \u00eatre elle-m\u00eame contest\u00e9e devant\nle tribunal administratif dans les deux mois suivants.\nPar  recours  contentieux  devant  le  tribunal  administratif  de  Lyon,  184  rue  Duguesclin\n69003  Lyon,  conform\u00e9ment  \u00e0  l'article  R.  421-1  du  Code  de  justice  administrative.  Ce\nrecours peut \u00eatre r\u00e9alis\u00e9 par voie \u00e9lectronique conform\u00e9ment \u00e0 l'article R. 414-2 du code\nde justice administrative. Depuis le 1 er d\u00e9cembre 2018, le recours contentieux peut ainsi\n\u00eatre d\u00e9pos\u00e9 aupr\u00e8s des juridictions administratives sur l'application internet \"T\u00e9l\u00e9recours\n3\n01_DDT_Direction d\u00e9partementale des territoires de l'Ain - 01-2025-09-08-00002 - ARR\u00caT\u00c9 PR\u00c9FECTORAL\nPortant d\u00e9l\u00e9gation de signature \u00e0 Monsieur Vincent PATRIARCA,\ndirecteur d\u00e9partemental des territoires de l'Ain\n72\ncitoyens\", en suivant les instructions disponibles sur le site : https://citoyens.telerecours.fr.\nArticle     7   : La secr\u00e9taire g\u00e9n\u00e9rale de la pr\u00e9fecture de l'Ain, sous-pr\u00e9f\u00e8te de l'arrondissement\nde Bourg-en-Bresse, et le directeur d\u00e9partemental des territoires de l'Ain sont charg\u00e9s,\nchacun en ce qui le concerne,  de l'ex\u00e9cution du pr\u00e9sent arr\u00eat\u00e9, lequel sera notifi\u00e9 aux\nint\u00e9ress\u00e9(e)s et publi\u00e9 au recueil des actes administratifs de la pr\u00e9fecture.  \nArticle 8     :    Le pr\u00e9sent arr\u00eat\u00e9 prend effet \u00e0 compter du lendemain de sa publication au \nrecueil des actes administratifs de la pr\u00e9fecture de l'Ain.\n                 Bourg-en-Bresse, le 8 septembre 2025\n           \nLa pr\u00e9f\u00e8te, \n       sign\u00e9\nChantal MAUCHET         \n        \n4\n01_DDT_Direction d\u00e9partementale des territoires de l'Ain - 01-2025-09-08-00002 - ARR\u00caT\u00c9 PR\u00c9FECTORAL\nPortant d\u00e9l\u00e9gation de signature \u00e0 Monsieur Vincent PATRIARCA,\ndirecteur d\u00e9partemental des territoires de l'Ain\n73\n                                                       TABLEAU ANNEXE\nNum\u00e9ro\nde\nrubrique\nNature de la d\u00e9l\u00e9gation R\u00e9f\u00e9rences\nA1 ADMINISTRATION G\u00c9N\u00c9RALE\nA1a Actes divers \nA1a1\nActes  de gestion courants  relatifs aux domaines de\ncomp\u00e9tences  de  la  direction  d\u00e9partementale  des\nterritoires de l'Ain (DDT).\nNotification  et  transmission  de  toutes  d\u00e9cisions  et\ndocuments  courants  relatifs  aux  domaines  de\ncomp\u00e9tences de la DDT.\nA1a2 D\u00e9livrance et retrait des autorisations de conduire \nles v\u00e9hicules de l'administration.\nA1a3\nDemandes  d'avis  et  d\u00e9claration  d'un  traitement\nautomatis\u00e9 d'informations nominatives mis en \u0153uvre\nau  sein  de  la  DDT,  adress\u00e9es  \u00e0  la  commission\nnationale de l'informatique et des libert\u00e9s.\nA1a4\nL'\u00e9tablissement  et la signature des  cartes  d'identit\u00e9\nde  fonctionnaires  et  des  cartes  professionnelles,  \u00e0\nl'exclusion  de  celles  qui  permettent  d'exercer  des\ncontr\u00f4les \u00e0 l'ext\u00e9rieur du d\u00e9partement.\nA1a5\nL'\u00e9tablissement  des  arr\u00eat\u00e9s  et  des  cartes  de\ncommissionnement  en  mati\u00e8re  d'infraction  p\u00e9nale\ndes agents en poste \u00e0 la DDT de l'Ain et relevant du\nniveau d\u00e9partemental.\nArt. R.610-1 code de \nl'urbanisme\nArt. L.181-1 et L.183-1 \ndu code de la \nconstruction et de \nl'habitation\nArt L.562-5 et L.581-\n40 code de \nl'environnement\nA1b Proc\u00e9dures contentieuses\nA1b1\n-  Demandes  de  prolongation  de  d\u00e9lais  ou\nd'information de pi\u00e8ces diverses ;\n-  M\u00e9moires  en  d\u00e9fenses  des  contentieux\nadministratifs estim\u00e9s \u00e0 faible enjeu ;\n-  Modifications  mineures  des  m\u00e9moires  en  d\u00e9fense\ninitiaux  (d\u00e9veloppement  d'un  argument,  ajout  de\njurisprudences,  pr\u00e9cision  d'un  \u00e9l\u00e9ment  factuel,\ncorrection de fautes de plume). \n5\n01_DDT_Direction d\u00e9partementale des territoires de l'Ain - 01-2025-09-08-00002 - ARR\u00caT\u00c9 PR\u00c9FECTORAL\nPortant d\u00e9l\u00e9gation de signature \u00e0 Monsieur Vincent PATRIARCA,\ndirecteur d\u00e9partemental des territoires de l'Ain\n74\nA1b2\n- Repr\u00e9sentation aux audiences et aux m\u00e9diations et\npr\u00e9sentation d'observations orales dans le cadre de la\nd\u00e9fense  de  l'\u00c9tat  \u00e0  l'occasion  d'une  proc\u00e9dure\ncontentieuse ;\n- Tout mandat d'avocat ou d'huissier dans le cadre de\nproc\u00e9dures contentieuses.\nA1b3\nCommunication  de  documents  administratifs  et\nr\u00e9ponses dans le cadre des saisines de la commission\nd'acc\u00e8s aux documents administratifs.  \nLivre III du code des \nrelations publiques \nentre le public et \nl'administration, \nnotamment art. L.311-\n1\nA1c Responsabilit\u00e9 civile\nA1c1 R\u00e8glement amiable des dommages mat\u00e9riels.\nA1c2 R\u00e8glement amiable des dommages subis ou caus\u00e9s \npar l'\u00c9tat du fait d'accidents de circulation.\nArticle L. 311-1 du \ncode des relations \nentre le public et \nl'administration\n6\n01_DDT_Direction d\u00e9partementale des territoires de l'Ain - 01-2025-09-08-00002 - ARR\u00caT\u00c9 PR\u00c9FECTORAL\nPortant d\u00e9l\u00e9gation de signature \u00e0 Monsieur Vincent PATRIARCA,\ndirecteur d\u00e9partemental des territoires de l'Ain\n75\nA2\nGESTION DU PERSONNEL\nEn  mati\u00e8re  de  ressources  humaines,  la  r\u00e9partition  des\ncomp\u00e9tences  entre  la  direction  d\u00e9partementale  des\nterritoires et le secr\u00e9tariat g\u00e9n\u00e9ral commun \u00e0 la pr\u00e9fecture\net  aux  directions  d\u00e9partementales  interminist\u00e9rielles  de\nl'Ain est \u00e9tablie selon  l'arr\u00eat\u00e9 pr\u00e9fectoral du 02 avril 2021\nportant  d\u00e9l\u00e9gation  de  signature  \u00e0  Madame  Nathalie\nPICHET,  conseill\u00e8re  d'administration  de  l'Int\u00e9rieur  et  de\nl'Outre-mer, directrice du secr\u00e9tariat g\u00e9n\u00e9ral commun \u00e0 la\npr\u00e9fecture  et  aux  directions  d\u00e9partementales\ninterminist\u00e9rielles de l'Ain.\nA2a Mesures g\u00e9n\u00e9rales\nA2a1\nLes mesures g\u00e9n\u00e9rales relatives \u00e0 l'organisation des \u00e9lec -\ntions  professionnelles  et  au  dialogue  social,  et  notam-\nment  le  r\u00e8glement  int\u00e9rieur  et  les  chartes  relatives  au\nfonctionnement de la direction d\u00e9partementale des terri-\ntoires, les convocations et les comptes rendus des comi -\nt\u00e9s techniques et des comit\u00e9s d' hygi\u00e8ne, de s\u00e9curit\u00e9 et\ndes conditions de travail de la direction d\u00e9partementale\ndes                 territoires et le bilan social. \nA2b Mesures individuelles\nA2b1\nLes  mesures  individuelles  affectant  l'effectif  permanent\nde la structure, et notamment les mutations et autres de -\nmandes entrantes et sortantes, les affectations, les autori -\nsations de recrutement ou de concours, les d\u00e9parts en re -\ntraite, les recrutements et remplacements par des agents\ncontractuels et le recrutement de stagiaires  (y compris la\nsignature des conventions de stage et d\u00e9cisions de gratifi -\ncation des stagiaires).\nA2b2 Les d\u00e9clarations d'accident du travail et d\u00e9cisions d'impu -\ntabilit\u00e9.\nA2b3 Les autorisations d'exercice d'une activit\u00e9 accessoire dans\nle cadre d'un cumul d'activit\u00e9.\nA2b4\nLes d\u00e9cisions relatives \u00e0 la r\u00e9mun\u00e9ration des agents et les\npropositions  de  promotion :nouvelle  bonification  indi-\nciaire, indemnit\u00e9s de  fonctions, de suj\u00e9tions et d'exper -\ntise,  compl\u00e9ments  indemnitaires   annuels,  astreintes  et\nheures suppl\u00e9mentaires et rentes.\nA2b5 Les demandes de temps partiel.\nA2b6 Les demandes de r\u00e9cup\u00e9ration et de r\u00e9gulation.\nA2b7 Les ordres de mission et demandes de remisage de v\u00e9hi -\ncule professionnel.\nA2b8 Les demandes d'ouverture, d'alimentation et d'utilisation\ndes comptes \u00e9pargne-temps.\n7\n01_DDT_Direction d\u00e9partementale des territoires de l'Ain - 01-2025-09-08-00002 - ARR\u00caT\u00c9 PR\u00c9FECTORAL\nPortant d\u00e9l\u00e9gation de signature \u00e0 Monsieur Vincent PATRIARCA,\ndirecteur d\u00e9partemental des territoires de l'Ain\n76\nA2b9 Les d\u00e9cisions relatives aux demandes de t\u00e9l\u00e9travail.\nA2b10 Les d\u00e9cisions relatives \u00e0 la formation des agents, et no-\ntamment les plans et demandes de formation.\nA2b11 Les mesures disciplinaires.\nA2b12\nL'octroi des cong\u00e9s annuels, des jours de repos au titre de\nl'am\u00e9nagement et de la r\u00e9duction du temps de travail, des\ncong\u00e9s  de  maternit\u00e9,  de  paternit\u00e9,  d'adoption  et  du\ncong\u00e9 bonifi\u00e9 (validation CASPER).\nA2b13 L'octroi  des  autorisations  d'absence,  \u00e0  l'exception  de\ncelles relatives au droit syndical.\nA2c Mesures budg\u00e9taires et financi\u00e8res\nA2c1\nPour  le  programme  354  \u00ab Administration  g\u00e9n\u00e9rale  et\nterritoriale de l'\u00c9tat  \u00bb, les mesures g\u00e9n\u00e9rales de program -\nmation budg\u00e9taire des d\u00e9penses non contraintes relevant\ndu centre de co\u00fbt \u00ab  direction d\u00e9partementale des terri -\ntoires \u00bb.\nA2c2\nPour le programme 354 \u00ab  Administration g\u00e9n\u00e9rale et terri-\ntoriale  de  l'\u00c9tat  \u00bb,  l'engagement  des  d\u00e9penses  non\ncontraintes sup\u00e9rieure \u00e0 la somme de 1500 euros relevant\ndu centre de co\u00fbt \u00ab  direction d\u00e9partementale des terri -\ntoires \u00bb.\nA3 ROUTES, CIRCULATION, \u00c9DUCATION \nET S\u00c9CURIT\u00c9 ROUTI\u00c8RE\nA3a Gestion et conservation du domaine public routier \nnational\nRemise \u00e0 France Domaine des terrains devenus inutiles au\nservice.\nCode g\u00e9n\u00e9ral de la \npropri\u00e9t\u00e9 des \npersonnes publiques\nArt. L. 3211-1\nA3b \u00c9ducation routi\u00e8re\nA3b1\nSignature  des  conventions  conclues  avec  les\n\u00e9tablissements  d'enseignement  de  la  conduite  et  de  la\ns\u00e9curit\u00e9 routi\u00e8re relatives au pr\u00eat aid\u00e9 de l'\u00c9tat dans le\ncadre de l'op\u00e9ration \"permis \u00e0 un euro par jour\".\nCirculaire du \nministre des \ntransports, de \nl'\u00e9quipement, du \ntourisme et de la \nmer du 29/07/2005\n8\n01_DDT_Direction d\u00e9partementale des territoires de l'Ain - 01-2025-09-08-00002 - ARR\u00caT\u00c9 PR\u00c9FECTORAL\nPortant d\u00e9l\u00e9gation de signature \u00e0 Monsieur Vincent PATRIARCA,\ndirecteur d\u00e9partemental des territoires de l'Ain\n77\nA3b2 Attribution des places d'examens du permis de conduire\naux \u00e9tablissements d'enseignement.\nArr\u00eat\u00e9 du \n27/04/2021 relatif \u00e0 \nla g\u00e9n\u00e9ralisation \nprogressive d'un \nsyst\u00e8me de \nr\u00e9servation \nnominative des \nplaces pour \nl'\u00e9preuve pratique \ndes examens du \npermis de conduire \ndes cat\u00e9gories A1, \nA2, B1 et B\nA3b3 Pr\u00e9sidence  du  comit\u00e9  de  pilotage  du  service  public  de\nl'\u00e9ducation routi\u00e8re et du permis de conduire.\nArr\u00eat\u00e9 du 21/07/2016\nmodifiant l'arr\u00eat\u00e9 du\n22/10/2014 fixant la \nm\u00e9thode nationale \nd'attribution des \nplaces d'examen du \npermis de conduire\nA3b4 Actes relatifs aux autorisations d'enseigner. Arr\u00eat\u00e9 du 08/01/2001\nA3b5 Actes relatifs aux agr\u00e9ments des autos \u00e9coles. Arr\u00eat\u00e9 du 08/01/2001\nA3b6\nActes  relatifs  aux  agr\u00e9ments  des  \u00e9tablissements\nd'animation stages de sensibilisation \u00e0 la s\u00e9curit\u00e9 routi\u00e8re\net aux autorisations d'animer.\nArr\u00eat\u00e9 du \n20/06/2012\nA3b7\nMise  en  place  et  pr\u00e9sidence  de  la  commission\nd\u00e9partementale  des  \u00e9lections  (repr\u00e9sentants  de  la\nprofession  de  l'enseignement  de  la  conduite  et  de  la\ns\u00e9curit\u00e9 routi\u00e8re).\nArr\u00eat\u00e9 du 31/05/2010\n9\n01_DDT_Direction d\u00e9partementale des territoires de l'Ain - 01-2025-09-08-00002 - ARR\u00caT\u00c9 PR\u00c9FECTORAL\nPortant d\u00e9l\u00e9gation de signature \u00e0 Monsieur Vincent PATRIARCA,\ndirecteur d\u00e9partemental des territoires de l'Ain\n78\nA3b8\nTous  actes  relatifs  aux  audits  du  \u00ab  label  qualit\u00e9  des\nformations au sein des \u00e9coles de conduite \u00bb (instruction\ndes  dossiers  de  demande,  contr\u00f4les,  courriers  et\npr\u00e9paration des d\u00e9cisions apr\u00e8s-audit).\nActes relatifs \u00e0 la certification Qualiopi.\nArr\u00eat\u00e9 du \n26/02/2018 portant \ncr\u00e9ation du label \n\"qualit\u00e9 des \nformations au sein \ndes \u00e9coles de \nconduite\"\nArr\u00eat\u00e9 du 11/03/2021 \nmodifiant l'arr\u00eat\u00e9 du\n26 f\u00e9vrier 2018 \nmodifi\u00e9 portant \ncr\u00e9ation du label \u00ab \nqualit\u00e9 des \nformations au sein \ndes \u00e9coles de \nconduite et \nreconnaissance des \n\u00e9quivalences \u00e0 ce \nlabel \u00bb\nA3b9\n       Tous actes relatifs \u00e0 l'\u00e9ducation routi\u00e8re suivants : \n- accus\u00e9s de r\u00e9ception des courriers de recours \ngracieux ;\n- courriers de r\u00e9ponse aux recours gracieux. \nA3c S\u00e9curit\u00e9 routi\u00e8re\nA3c1 Nomination  et  lettres  de  mission  des  intervenants\nd\u00e9partementaux de s\u00e9curit\u00e9 routi\u00e8re.\nA3c2\nConventions  et  engagements  pour  la  r\u00e9alisation  des\nactions  valid\u00e9es  par  le  comit\u00e9  de  pilotage  s\u00e9curit\u00e9\nrouti\u00e8re ou directement par les pr\u00e9sidents du comit\u00e9.\nA3c3\nR\u00e9ponse aux demandes des particuliers et de leurs \navocats ;\nAccus\u00e9s de r\u00e9ception des courriers de recours gracieux .\nA3d Circulation routi\u00e8re : routes \u00e0 grande circulation et \nautoroutes Code de la route\nA3d1\nAvis sur les projets des collectivit\u00e9s de modification des\ncaract\u00e9ristiques  techniques  et  de  mesures  susceptibles\nd'affecter la circulation.\nArticles L. 110-3 et     \nR. 411-8-1 \n10\n01_DDT_Direction d\u00e9partementale des territoires de l'Ain - 01-2025-09-08-00002 - ARR\u00caT\u00c9 PR\u00c9FECTORAL\nPortant d\u00e9l\u00e9gation de signature \u00e0 Monsieur Vincent PATRIARCA,\ndirecteur d\u00e9partemental des territoires de l'Ain\n79\nA3d2\nApr\u00e8s  consultation  des  collectivit\u00e9s  gestionnaires  et\nlorsque leur avis est favorable :\nArr\u00eat\u00e9s  qui  d\u00e9finissent  les  r\u00e8gles  de  priorit\u00e9  aux\nintersections, qui organisent le passage des v\u00e9hicules en\nintersection  par  une  signalisation  sp\u00e9ciale,  ou  qui\nd\u00e9finissent les zones de vitesse limit\u00e9e.\nArticles R. 411-4, R. \n411-5 et R. 411-7 ,\nA3d3\nArr\u00eat\u00e9  r\u00e9glementant  la  circulation  sur  autoroute\n(modification de signalisation horizontale et verticale et\nen cas de travaux).\nArticles R. 411-9\nA3d4\nActes relatifs aux enqu\u00eates de circulation  sur tous types\nde  voies  (autoroutes,  routes  d\u00e9partementales,  voies\ncommunales).\nArticles  D. 111-2 et \nD. 111-3 du code de \nla voirie routi\u00e8re\nA3d5 Avis sur les travaux ou manifestations sportives sur route \u00e0\ngrande circulation.\nArticle R.331-6 du \nCode du sport\nArticles L.411-7 et \nR.411-7 du Code de \nla route\nA4 GESTION ET CONSERVATION \nDU DOMAINE PUBLIC FLUVIAL\nA4a Tout  acte  d'administration  du  domaine  public  fluvial\n(DPF).\nArticle R. 53 du code\ndu domaine de l'\u00c9tat\nA4b Autorisation d'occupation temporaire. Article R. 53 du code\ndu domaine de l'\u00c9tat\nA4c Autorisations de travaux sur le DPF.\nCode g\u00e9n\u00e9ral de la \npropri\u00e9t\u00e9 des \npersonnes publiques\nart. L. 2124-8\nA4d\nPolice de la navigation.\nR\u00e9glementation  et  autorisations  des  demandes  de\nmanifestation nautique.\nArticles A.4241-26 et \nA.4241-38 -1 et s. du \ncode des transports\n11\n01_DDT_Direction d\u00e9partementale des territoires de l'Ain - 01-2025-09-08-00002 - ARR\u00caT\u00c9 PR\u00c9FECTORAL\nPortant d\u00e9l\u00e9gation de signature \u00e0 Monsieur Vincent PATRIARCA,\ndirecteur d\u00e9partemental des territoires de l'Ain\n80\nA5 CONSTRUCTION - LOGEMENT\nCode de la \nconstruction et de \nl'habitation \nA5a\nApprobation des conventions entre l'\u00c9tat et les bailleurs\ndestin\u00e9es \u00e0 l'attribution de l'APL aux locataires.\nD\u00e9nonciations  unilat\u00e9rales  de  conventions  APL\n\u00c9tat/bailleur priv\u00e9.\nArt. L. 351-2 et R. \n353\nA5b\nD\u00e9cisions  d'agr\u00e9ment  et  de  subvention  pour  la\nconstruction,  l'acquisition,  l'am\u00e9lioration,  la\ntransformation  et  la  d\u00e9molition  de  logements  locatifs\naid\u00e9s.\nArt L. 331 et R. 331\nA5c\nD\u00e9cisions  d'autorisation  de  transformation,  de\nchangement d'affectation et d'ali\u00e9nation du patrimoine\ndes organismes HLM.\nArt L. 443-7 \u00e0 L. \n443-15,               R. \n443-10 \u00e0 R. 443-34, L.\n631-7 et R. 631\nA5d\nInventaires  annuels  de  logements,  pr\u00e9l\u00e8vements  et\nconstats  de  carence  loi  SRU,  exercice  du  droit  de\npr\u00e9emption par l'\u00c9tat :\ntous actes d'instruction, sauf arr\u00eat\u00e9s de pr\u00e9l\u00e8vement et\nd\u00e9cisions de pr\u00e9empter.\nArt L. 302-5 \u00e0 L. \n302-9 et R302-14 et \nsuivants\nA5e\nProgrammes locaux de l'habitat, plan d\u00e9partemental de\nl'habitat  :  tous  actes  d'instruction,  sauf  d\u00e9cision\nd'approbation. \nA5f Lutte contre l'habitat indigne Code de la sant\u00e9 \npublique\n- Locaux impropres \u00e0 l'habitation par nature. Art L. 1331-22 \n- D\u00e9sordres multiples :\n\u2022 proc\u00e9dure ordinaire insalubrit\u00e9 rem\u00e9diable ou\nirr\u00e9m\u00e9diable ;\n\u2022 proc\u00e9dure d'urgence.\nArt L. 1331-26 \u00e0 L. \n1331-29 \nArt L. 1331-26-1 \n- Locaux surpeupl\u00e9s du fait du bailleur. Art L. 1331-23  \n- Locaux dangereux du fait de leur utilisation non \nconforme. Art L. 1331-24 \n- D\u00e9sordres ponctuels \u2013 proc\u00e9dures d'urgence. Art L. 1311-4 \n- Ex\u00e9cution de travaux d'office prescrits au titre de la lutte\ncontre le saturnisme :\n\u2022 Tous actes li\u00e9s \u00e0 ces proc\u00e9dures.\nArt L. 1334-2 al. 7\n12\n01_DDT_Direction d\u00e9partementale des territoires de l'Ain - 01-2025-09-08-00002 - ARR\u00caT\u00c9 PR\u00c9FECTORAL\nPortant d\u00e9l\u00e9gation de signature \u00e0 Monsieur Vincent PATRIARCA,\ndirecteur d\u00e9partemental des territoires de l'Ain\n81\nA5g Accessibilit\u00e9\ncode de la \nconstruction \net de l'habitation\n- Convocations et tout document li\u00e9 au fonctionnement\ndes  commissions  accessibilit\u00e9  (d\u00e9partementale  et\narrondissement).\n-  Le  compte-rendus  des  sous-commissions\nd\u00e9partementales d'accessibilit\u00e9.\n- Les proc\u00e8s-verbaux des d\u00e9cisions prises par les membres\nde la sous-commissions d\u00e9partementales d'accessibilit\u00e9. \n- D\u00e9rogations aux r\u00e8gles d'accessibilit\u00e9.\n-  Tout  document  relatif  \u00e0  l'approbation,  au  refus,  au\nreport de d\u00e9p\u00f4t, \u00e0 la suspension de mise en \u0153uvre, au\nsuivi et au constat de carence des agendas d'accessibilit\u00e9\nprogramm\u00e9e.\nA6 AM\u00c9NAGEMENT \u2013 URBANISME\nA6a Urbanisme de planification\nA6a1 Consultations Code de l'urbanisme\nConsultation des services de l'\u00c9tat et autres intervenants\nafin de conna\u00eetre les servitudes, projets d'int\u00e9r\u00eat g\u00e9n\u00e9ral\net toute information utile sur le territoire concern\u00e9 par les\nplans  locaux d'urbanisme (PLU), les cartes communales,\nles sch\u00e9mas de coh\u00e9rence territoriale.\nArticles L. 132-1 \u00e0 L. \n132-3 et R. 132-1\nConsultation \u00e9ventuelle dans le cadre de l'instruction des\ndossiers de cr\u00e9ation et de r\u00e9alisation des Z.A.C.\nArt R. 311-1 \u00e0 R. \n311-12\nA6a2 -  Annexion  des  servitudes  nouvelles  aux  documents\nd'urbanisme ;\n- Lettres de mise en demeure aux maires et aux pr\u00e9sidents\nde communaut\u00e9s de communes ou d'agglom\u00e9ration.\nArticle L. 153-60 et \nR. 153-18\nL .163-10 et R. 163-8 \ndu code de \nl'urbanisme\nA6a3 - D\u00e9claration de projet ;\n- Tous actes relevant de la proc\u00e9dure, sauf d\u00e9cision finale.\nArticles L. 300-6\nCode de \nl'environnement art. \nL. 126-1\nA6a4\n- Mise en compatibilit\u00e9 des documents d'urbanisme suite\n\u00e0 d\u00e9claration de projet ;\nTous actes relevant de la proc\u00e9dure, sauf d\u00e9cision finale.\nArt L. 143-44 \u00e0 50 et \nR. 143-11 \u00e0 13 et art. \nL. 153-54 \u00e0 59 et R. \n153-16 et 17\n13\n01_DDT_Direction d\u00e9partementale des territoires de l'Ain - 01-2025-09-08-00002 - ARR\u00caT\u00c9 PR\u00c9FECTORAL\nPortant d\u00e9l\u00e9gation de signature \u00e0 Monsieur Vincent PATRIARCA,\ndirecteur d\u00e9partemental des territoires de l'Ain\n82\nA6a5\n- Unit\u00e9s touristiques nouvelles (UTN) ;\n- Tous actes relevant de la proc\u00e9dure, sauf d\u00e9cision finale.\nArt L. 122-20 et R. \n122-7 \u00e0 15\nA6a6 Avis de l'\u00c9tat sur les \u00e9laborations et r\u00e9visions de PLU.  Art L. 153-16 \nA6a7 Avis de l'\u00c9tat sur les modifications de PLU.  Art L .153-40\nA6a8\nInformations port\u00e9es \u00e0 la connaissance des communes et\nde  leurs  groupements  comp\u00e9tents  en  mati\u00e8re\nd'urbanisme par l'\u00c9tat.\nArt L. 132-2 et R. 132-\n1\nA6b Droit des sols Code de l'urbanisme\nInstruction des autorisations\nA6b1\nConvention de mise \u00e0 disposition des services de l'\u00c9tat\npour  l'instruction  de  permis  de construire,  d\u00e9clarations\npr\u00e9alables, certificats d'urbanisme.\nArt. L .422-8 et \nR .422-5\nA6b2\nSaisine du pr\u00e9fet de r\u00e9gion pour les permis concern\u00e9s par\nles proc\u00e9dures administratives et financi\u00e8res en mati\u00e8re\nd'arch\u00e9ologie pr\u00e9ventive.\nArt 8 du d\u00e9cret n\u00b0 \n2004-490 du \n03/06/2004 relatif \naux proc\u00e9dures \nadministratives et \nfinanci\u00e8res en \nmati\u00e8re \nd'arch\u00e9ologie \npr\u00e9ventive.\nA6b3 Notification  de  dossier  incomplet  et  de  majoration  de\nd\u00e9lai y compris majoration exceptionnelle de d\u00e9lai.\n Art R .423-38 \u00e0 \nR .423-48\nA6b4 Consultations  des  personnes  publiques,  services  ou\ncommissions int\u00e9ress\u00e9s, n\u00e9cessaires \u00e0 l'instruction.\nArt R. 423-50 \u00e0 R. \n423-56-1\nA6b5\nAvis  conforme  du  pr\u00e9fet  sur  une  partie  du  territoire\ncommunal non couverte par  une  carte communale,  un\nplan local d'urbanisme ou un document d'urbanisme en\ntenant lieu.\nArt. L. 422-5 a\nA6b6\nAvis  conforme  du  pr\u00e9fet  dans  un  p\u00e9rim\u00e8tre  o\u00f9  des\nmesures  de  sauvegarde  pr\u00e9vues  par  l'article  L  424-1\npeuvent  \u00eatre  appliqu\u00e9es  lorsque  ce  p\u00e9rim\u00e8tre  a  \u00e9t\u00e9\ninstitu\u00e9  \u00e0  l'initiative  d'une  personne  autre  que  la\ncommune.\n Art. L. 422-5 b\nA6b7\nAvis  conforme  du  pr\u00e9fet  en  cas  d'annulation  par  voie\njuridictionnelle ou d'abrogation d'une carte communale,\nd'un  plan  local  d'urbanisme  ou  d'un  document\nd'urbanisme  en  tenant  lieu,  n'ayant  pas  pour  effet  de\nremettre en vigueur un document d'urbanisme ant\u00e9rieur.\n Art. L. 422-6\n14\n01_DDT_Direction d\u00e9partementale des territoires de l'Ain - 01-2025-09-08-00002 - ARR\u00caT\u00c9 PR\u00c9FECTORAL\nPortant d\u00e9l\u00e9gation de signature \u00e0 Monsieur Vincent PATRIARCA,\ndirecteur d\u00e9partemental des territoires de l'Ain\n83\nA6c\nD\u00e9cisions  relatives  aux  certificats  d'urbanisme\ninformatifs,  aux  d\u00e9clarations  pr\u00e9alables,  permis  de\nconstruire, permis d'am\u00e9nager et permis de d\u00e9molir \nCode de l'urbanisme\nA6c1 D\u00e9cisions sur les certificats d'urbanisme informatifs (CUa)\net les d\u00e9clarations pr\u00e9alables (sauf avis divergents).\n Art. L.422-2 , \nR.422-2 a), b), c), et \nd)\nA6c2 D\u00e9cisions  sur  les  permis  de  construire  (sauf  avis\ndivergents).\nArt. L.422-2, R.422-2 \na), b), c), et d)\nA6c3 D\u00e9cisions sur les permis d'am\u00e9nager (sauf avis divergents).\nArt. L.422-2, R.421-19,\nR.422-2 a), b), c), et \nd)\nA6c4 D\u00e9cisions sur les permis de d\u00e9molir (sauf avis divergents).\nArt. L.422-2, \nR.421-27 , R.421-28, \nR.422-2 a), b), c), et \nd)\nA6c5 Attestation de permis de construire tacite et attestation\nde non-opposition \u00e0 une d\u00e9claration pr\u00e9alable tacite. Art. R.424-13\nA6d Contr\u00f4le des travaux\nA6d1\nInformation  pr\u00e9alable  des  travaux  pour  les  d\u00e9cisions\nprises dans les cas pr\u00e9vus aux articles L422 -2 et R422-2 a),\nb), c) et d).\n Art L. 462-2 et R. \n462-8\nA6d2 Courrier  de  mise  en  demeure  du  ma\u00eetre  d'ouvrage  de\nr\u00e9gulariser des travaux non conformes \u00e0 l'autorisation.\n Art L. 462-2 et R. \n462-9\nA6d3 Contestation de la d\u00e9claration attestant l'ach\u00e8vement et\nla conformit\u00e9 des travaux. Art R. 462-6\nA6d4\nD\u00e9livrance  de  l'attestation  de  non  contestation  de  la\nd\u00e9claration attestant l'ach\u00e8vement et la conformit\u00e9 des\ntravaux quand le pr\u00e9fet est l'autorit\u00e9 comp\u00e9tente.\nArt R. 462-10 1er \nalin\u00e9a\nA6d5\nD\u00e9livrance  de  l'attestation  de  non  contestation  de  la\nd\u00e9claration attestant l'ach\u00e8vement et la conformit\u00e9 des\ntravaux  en  cas  de  refus  ou  de  silence  de  la  commune\ncomp\u00e9tente.\nArt R. 462-10 2\u00e8me \nalin\u00e9a\n15\n01_DDT_Direction d\u00e9partementale des territoires de l'Ain - 01-2025-09-08-00002 - ARR\u00caT\u00c9 PR\u00c9FECTORAL\nPortant d\u00e9l\u00e9gation de signature \u00e0 Monsieur Vincent PATRIARCA,\ndirecteur d\u00e9partemental des territoires de l'Ain\n84\nA6e Taxes d'urbanisme\nSignature des titres de recettes et de tous actes, d\u00e9cisions\net documents relatifs \u00e0 l'assiette, \u00e0 la liquidation et aux\nr\u00e9ponses  aux  r\u00e9clamations  pr\u00e9alables  en  mati\u00e8re  de\nredevance d'arch\u00e9ologie pr\u00e9ventive dont les autorisations\net  d\u00e9clarations  pr\u00e9alables  du  code  de  l'urbanisme\nconstituent le fait g\u00e9n\u00e9rateur.\nArticle 9 III de la loi \nn\u00b0 2001-44 du \n17/01/2001 modifi\u00e9e \nrelative \u00e0 \nl'arch\u00e9ologie \npr\u00e9ventive\nCode de l'urbanisme\nart. L332-6 5\u00b0\nA6f Droit p\u00e9nal de l'urbanisme\n16\n01_DDT_Direction d\u00e9partementale des territoires de l'Ain - 01-2025-09-08-00002 - ARR\u00caT\u00c9 PR\u00c9FECTORAL\nPortant d\u00e9l\u00e9gation de signature \u00e0 Monsieur Vincent PATRIARCA,\ndirecteur d\u00e9partemental des territoires de l'Ain\n85\nA6f1\n- Avis techniques au procureur  de la R\u00e9publique ou au\nd\u00e9l\u00e9gu\u00e9 du procureur de la R\u00e9publique en cas d'infraction\nau code de l'urbanisme ou au code de l'environnement.\n-  Transmission  au  Minist\u00e8re  public  des  proc\u00e8s-verbaux\nconstatant des infractions.\n-  Transmission  aux  maires  et  pr\u00e9sidents  des  EPCI  des\ncourriers \u00e0 vis\u00e9e de conseil portant sur les proc\u00e9dures en\ndroit p\u00e9nal de l'urbanisme.\n-   Tous actes li\u00e9s au constat et \u00e0 la sanction des \ninfractions au code de l'urbanisme sauf les actes relevant \ndirectement du pr\u00e9fet de d\u00e9partement.\n- R\u00e9ponses aux demandes des particuliers et de leurs \navocats en mati\u00e8re de police de l'urbanisme.\nCode de l'urbanisme\net code de \nl'environnement\nCode de l'urbanisme\nPartie l\u00e9gislative \nLivre IV, titre VIII   \nPartie r\u00e9glementaire\nLivre IV, titre VIII\nA6g Am\u00e9nagement commercial\nPr\u00e9sidence et signature des avis, des d\u00e9cisions et des \nproc\u00e8s-verbaux de la commission d\u00e9partementale \nd'am\u00e9nagement commercial. Tous actes relevant du \nsecr\u00e9tariat de la commission d\u00e9partementale \nd'am\u00e9nagement commercial .\nCode de commerce, \nPartie l\u00e9gislative \u2013  \nLivre VII \u2013 Titre V \u2013 \nChapitre 1 \u2013 Section \n1 \nD\u00e9cret n\u00b0 2015-165 \ndu 12/02/2015 \nA6h Am\u00e9nagement cin\u00e9matographique\n17\n01_DDT_Direction d\u00e9partementale des territoires de l'Ain - 01-2025-09-08-00002 - ARR\u00caT\u00c9 PR\u00c9FECTORAL\nPortant d\u00e9l\u00e9gation de signature \u00e0 Monsieur Vincent PATRIARCA,\ndirecteur d\u00e9partemental des territoires de l'Ain\n86\nPr\u00e9sidence et signature des avis, d\u00e9cisions et des proc\u00e8s-\nverbaux de la commission d\u00e9partementale \nd'am\u00e9nagement cin\u00e9matographique. Tous actes relevant \ndu secr\u00e9tariat de la commission.\nCode du cin\u00e9ma et \nde l'image anim\u00e9e \u2013 \nPartie l\u00e9gislative \u2013 \nLivre II \u2013Titre 1er  \u2013\nChapitre II \u2013 Section \nII- Sous-section I   \nD\u00e9cret n\u00b0 2015-268 \ndu 10/03/2015 \nmodifiant la partie \nr\u00e9glementaire du \ncode du cin\u00e9ma et \nde l'image anim\u00e9e et\nrelatif \u00e0 \nl'am\u00e9nagement \ncin\u00e9matographique\nA6i Autorisations d'urbanisme \u00c9tat soumises \u00e0 \u00e9tudes \nd'impact\nTous  actes  relevant  de  la  proc\u00e9dure  des  enqu\u00eates\npubliques.\nCode de \nl'environnement art. \nL .123-1 et suivants, \nR. 122-2, R. 123-1 et \nsuivants \nA7 TRANSPORTS\nA7a Chemins de fer d'int\u00e9r\u00eat g\u00e9n\u00e9ral\nA7a1\nPassages \u00e0 niveau : tous actes relatifs au classement et \u00e0 la\nsuppression  des  passages  \u00e0  niveaux,  et  suppression  ou\nremplacement de barri\u00e8res. \nArr\u00eat\u00e9 minist\u00e9riel du \n18/03/1991\nCTP du 17/9/1963\nA7a2\nTous  actes  relatifs  \u00e0  la  proc\u00e9dure  d'alignement  des\nconstructions sur les terrains riverains.\nA7b Transports\n18\n01_DDT_Direction d\u00e9partementale des territoires de l'Ain - 01-2025-09-08-00002 - ARR\u00caT\u00c9 PR\u00c9FECTORAL\nPortant d\u00e9l\u00e9gation de signature \u00e0 Monsieur Vincent PATRIARCA,\ndirecteur d\u00e9partemental des territoires de l'Ain\n87\nA7b1\nRemont\u00e9es m\u00e9caniques :\na) Tous actes relatifs aux avis de l'\u00c9tat et \u00e0 la d\u00e9livrance \nd'autorisations concernant les remont\u00e9es m\u00e9caniques.\nb) Octroi des d\u00e9rogations aux instructions techniques.\nc) Arr\u00eat\u00e9  pr\u00e9fectoral  approuvant  le  r\u00e8glement\nd'exploitation,  le  r\u00e8glement  de  police  et  le  plan\nd'\u00e9vacuation des remont\u00e9es m\u00e9caniques.\nD\u00e9cret n\u00b0 2017-440 \ndu 30 mars 2017 \nrelatif \u00e0 la s\u00e9curit\u00e9 \ndes transports \npublics guid\u00e9s\nCode du tourisme \nart. 342-17 .1, L. 342-15\net R. 342-19\nD\u00e9cret n\u00b0 2007-18 du\n05/01/2007\nCode des transports\nart. L. 1251-2 et L. \n2241-1\nCode de l'urbanisme\nart. R. 472\nArr\u00eat\u00e9 du \n07/08/2009 \n(t\u00e9l\u00e9ph\u00e9riques)\narr\u00eat\u00e9 du 29/09/2010\n(tapis)\narr\u00eat\u00e9 du 09/08/2011 \n(t\u00e9l\u00e9skis)\nA7b2 Actes  li\u00e9s  \u00e0  la  circulation  des  v\u00e9hicules  autres  que  les\nautocars et les autobus destin\u00e9s \u00e0 des usages de tourisme\net de loisirs (petits trains touristiques et autres).\nArr\u00eat\u00e9 du 22/01/2015\nA8 D\u00c9FENSE - S\u00c9CURIT\u00c9 CIVILE\nA8a\nLes  actes  li\u00e9s  \u00e0  la  proc\u00e9dure  de  recensement,  de\nmodification  et  de  radiation  des  entreprises  pour  les\nbesoins  de  d\u00e9fense  et  de  s\u00e9curit\u00e9  dans  le  cadre  de  la\ngestion de crise.\nCirculaire du \n03/02/2012 relative \naux proc\u00e9dures de \nrecensement pour \nles besoins de \nd\u00e9fense et de \ns\u00e9curit\u00e9 des \nentreprises de \ntravaux publics et de\nb\u00e2timent (TP/B), des \nentreprises de \nlocation de mat\u00e9riel \nde g\u00e9nie civil, des \nentreprises de \ntransport routier et \nde leurs moyens \n19\n01_DDT_Direction d\u00e9partementale des territoires de l'Ain - 01-2025-09-08-00002 - ARR\u00caT\u00c9 PR\u00c9FECTORAL\nPortant d\u00e9l\u00e9gation de signature \u00e0 Monsieur Vincent PATRIARCA,\ndirecteur d\u00e9partemental des territoires de l'Ain\n88\nA8b Notification  de  recensement  destin\u00e9e  aux  entreprises\nTP/B soumises aux obligations de d\u00e9fense.\nA9 PR\u00c9VENTION DES RISQUES Code de \nl'environnement \nA9a Plans de Pr\u00e9vention des Risques (P.P.R.)\nTous courriers et arr\u00eat\u00e9s relatifs \u00e0 la proc\u00e9dure des P .P .R.\nsauf les arr\u00eat\u00e9s de prescription et d'approbation.\nA9b Politique g\u00e9n\u00e9rale de pr\u00e9vention et d'information \npr\u00e9ventive\nTous  courriers  et  arr\u00eat\u00e9s  relatifs  \u00e0  la  pr\u00e9vention  des\nrisques  et  \u00e0  l'information  pr\u00e9ventive,  notamment  celle\naux acqu\u00e9reurs et locataires, \u00e0 l'exclusion des arr\u00eat\u00e9s pris\n\u00e0  l'\u00e9chelle  d\u00e9partementale  pour  l'i nformation  des\nacqu\u00e9reurs ou locataires (IAL).\nArt L. 125-5 et R. 125-\n23 \u00e0 27 \nA9c Fonds de pr\u00e9vention des risques naturels majeurs Art L. 561-3 \nTous  actes  relatifs  \u00e0  l'instruction  des  demandes  de\nsubvention des collectivit\u00e9s  et \u00e0 la gestion du fonds de\npr\u00e9vention  des  risques  naturels  majeurs  mentionn\u00e9  \u00e0\nl'article L.561-3 du code de l'environnement, \u00e0 l'exclusion\ndes arr\u00eat\u00e9s et conventions attributifs de subvention d'un\nmontant sup\u00e9rieur \u00e0 90 000 euros. \nA9d Avis sur les demandes d'autorisation d'urbanisme\nAvis rendus sur les demandes d'autorisation d'urbanisme\nsuite \u00e0 consultation par les services instructeurs. \nA10 ENVIRONNEMENT\nA10a\nAssainissement non collectif agr\u00e9ment des vidangeurs\nTous actes relatifs \u00e0 la proc\u00e9dure d'agr\u00e9ment, y compris\nl'arr\u00eat\u00e9 d'agr\u00e9ment.\nTous  actes  relatifs  \u00e0  la  proc\u00e9dure  de  suspension,  de\nrestriction  ou  de  retrait  de  l'agr\u00e9ment,  y  compris  les\narr\u00eat\u00e9s de mise en demeure, de suspension, de restriction\nou de retrait de l'agr\u00e9ment.\nArr\u00eat\u00e9 minist\u00e9riel \ndu 7 septembre 200\n9 modifi\u00e9\n20\n01_DDT_Direction d\u00e9partementale des territoires de l'Ain - 01-2025-09-08-00002 - ARR\u00caT\u00c9 PR\u00c9FECTORAL\nPortant d\u00e9l\u00e9gation de signature \u00e0 Monsieur Vincent PATRIARCA,\ndirecteur d\u00e9partemental des territoires de l'Ain\n89\nA10a1\nTous  documents  et  tous  actes  dans  le  cadre  de\nl'instruction de la demande  d'autorisation de r\u00e9utilisation\ndes eaux us\u00e9es trait\u00e9es, y compris l'arr\u00eat\u00e9 d'autorisation \nPartie \nr\u00e9glementaire - \nLivre II \u2013 Titre I- \nChapitre 1- Section \n8 \nA10b Police de l'eau Code de \nl'environnement\nA 10b1\nAu  titre  des  installations,  ouvrages,  travaux  et  activit\u00e9s\n(IOTA) hors ouvrages r\u00e9glement\u00e9s au titre des installations\nclass\u00e9es pour l'environnement (ICPE) :\n- Proc\u00e9dure de d\u00e9claration : tous documents et tous actes\nrelatifs  \u00e0  la  proc\u00e9dure  de  d\u00e9claration  y  compris  le\nr\u00e9c\u00e9piss\u00e9  de  d\u00e9claration,  les  arr\u00eat\u00e9s  de  prescriptions\nsp\u00e9cifiques ou r\u00e9glementaires et les arr\u00eat\u00e9s d'opposition \u00e0\nd\u00e9claration,\n- Proc\u00e9dure d'autorisation environnementale :\nTous  documents  et  tous  actes  dans  le  cadre  de\nl'instruction  de  la  demande  (phase  amont-   phase\nd'examen- phase d'enqu\u00eate publique- phase de d\u00e9cision),\ny  compris  les  arr\u00eat\u00e9s  d'ouverture  d'enqu\u00eate,\nd'autorisation  environnementale  \u00e0  dominante  eau  y\ncompris lorsqu'elle lorsqu'elle comporte des volets autres\n(esp\u00e8ces  prot\u00e9g\u00e9es,  d\u00e9frichement...),  de  refus,  de\nprescriptions sp\u00e9cifiques.\n-Proc\u00e9dure  de  d\u00e9claration  d'int\u00e9r\u00eat  g\u00e9n\u00e9ral  :  tous\ndocuments et tous actes dans le cadre de l'instruction de\nla demande y compris les arr\u00eat\u00e9s d'ouverture d'enqu\u00eate,\nd'autorisation, de refus, de prescriptions sp\u00e9cifiques.\n- Certificat de projet : tous actes relatifs \u00e0 l'instruction\nd'une demande de certificat de projet \u00e0 dominante eau\n(L.181-1-1\u00b0) sauf d\u00e9livrance du certificat.\nArt L. 211-1 et \nsuivants,\nL. 214-1 et suivants,\nR. 214-1 et suivants\nCode rural et de la \np\u00eache maritime art \nL. 151-36 \u00e0 L. 151-40 \nArt L. 211-1 et \nsuivants,\nL. 214-1 et suivants \nR. 214-1 et suivants,  \nL. 181-1-1\u00b0 et 3\u00b0, et \nsuivants \nart L. 181-2,R. 181-1\net suivants \nL. 123-1 et suivants et\nR. 123-1 et suivants\nArt R. 214-88 \u00e0 R. \n214-103\nart L. 181-6 et R. 181-\n4 \u00e0 R. 181-11\n21\n01_DDT_Direction d\u00e9partementale des territoires de l'Ain - 01-2025-09-08-00002 - ARR\u00caT\u00c9 PR\u00c9FECTORAL\nPortant d\u00e9l\u00e9gation de signature \u00e0 Monsieur Vincent PATRIARCA,\ndirecteur d\u00e9partemental des territoires de l'Ain\n90\nA10b2\nAu  titre  des  installations  utilisant  l'\u00e9nergie  hydraulique\nhors concession :\n- R\u00e9c\u00e9piss\u00e9 de d\u00e9p\u00f4t de demande d'autorisation et tout\ndocument relatif \u00e0 la proc\u00e9dure d'autorisation au titre de\nla  loi  sur  l'eau  y  compris  signature  des  arr\u00eat\u00e9s\n(d'autorisation,  de  refus,  de  prescriptions\ncompl\u00e9mentaires). \n- R\u00e9c\u00e9piss\u00e9  de  porter  \u00e0  connaissance  de  modifications\nd'ouvrages  ou  de  travaux  et  activit\u00e9s  pr\u00e9sentant  un\ncaract\u00e8re  temporaire  et  tout  document  relatif  \u00e0  la\nproc\u00e9dure  y  compris  arr\u00eat\u00e9s  modificatifs  ou  de\nprescriptions compl\u00e9mentaires.\n- Tous documents et tous actes \u00e9tablis dans le cadre des\nremises en service d'installations hydraulique existantes, y\ncompris  les  arr\u00eat\u00e9s  pr\u00e9fectoraux  reconnaissant  et\nr\u00e9glementant le droit d'eau.\n - Tous actes de police des installations hydrauliques.\nArt L. 211-1, L. 214-1 \net\nsuivants, R. 214-1 et \nsuivants \n Art L. 181-1-1\u00b0 et 3\u00b0, \net suivants \nart R. 181-1 et \nsuivants\nCode de l'\u00e9nergie :\nart. L. 511-5 et L. 531-\n1\net suivants\nArt. L. 214-17 et L. \n214-18\nA10b3\nProc\u00e9dure et arr\u00eat\u00e9s de mise en demeure des exploitants\nou propri\u00e9taires en cas  de m\u00e9connaissance des  articles\nL.211-1 L.211-2, L. 211 -3, L. 211 -5, L211-7 , L. 211-12, du II  de\nl'article L. 212-5-1, des articles L. 214-1 \u00e0 L. 214-9, L. 214-11 \u00e0\nL. 214-13, L. 214-17 , L. 214-18, L. 215-14 et L. 215 -15 du code\nde  l'environnement,  ou  des  r\u00e8glements  et  d\u00e9cisions\nindividuelles pris pour leur application, de prescriptions\ndes contr\u00f4les, d'ordonnance de paiement d'une amende\nadministrative,  de  consignation  de  fonds,  d'ex\u00e9cution\nd'office,  de  suspension  d'activit\u00e9s,  de  suspension\nd'autorisation  (temporaire  ou  d\u00e9finitive),  de  mesures\nconservatoires, de r\u00e9gularisation.\nProc\u00e9dure et arr\u00eat\u00e9s de mise en demeure de r\u00e9gulariser\nles installations ou ouvrages exploit\u00e9s ou les travaux ou les\nactivit\u00e9s r\u00e9alis\u00e9es sans avoir fait l'objet de l'autorisation\nou d\u00e9claration reprises  par l'article L214-13 du  code de\nl'environnement.\nArt L. 171 et suivants \nL. 216-3 et suivants\nArt. L. 171-1 et \nsuivants et art. L 216 \net suivants \nA10b4 Mesures prises dans un but de police ou conservation des\neaux non domaniales.\nArt. L. 215-7 \u00e0 L. \n215-13\nA10b5\nTous  actes  concernant  le  curage,  l'\u00e9largissement,  le\nredressement des cours d'eau et l'entretien des ouvrages\ns'y rattachant.\nAutorisation de d\u00e9rivation pour les collectivit\u00e9s publiques\ndes eaux non domaniales superficielles ou souterraines.\nTous  actes  relatifs  \u00e0  la  circulation  des  embarcations  \u00e0\nmoteur sur les cours d'eau non domaniaux.\nArt. L. 215-14 \u00e0 L. \n215-24 \nArt.L.215-13\nArt.L.215-13\n22\n01_DDT_Direction d\u00e9partementale des territoires de l'Ain - 01-2025-09-08-00002 - ARR\u00caT\u00c9 PR\u00c9FECTORAL\nPortant d\u00e9l\u00e9gation de signature \u00e0 Monsieur Vincent PATRIARCA,\ndirecteur d\u00e9partemental des territoires de l'Ain\n91\nA10b6 Mise en \u0153uvre de la transaction p\u00e9nale dans le domaine\nde la police de l'eau.\nArt L. 173-12, L. 216-\n14, L. 437-14, R. 173-1 \n\u00e0 4 et R.415\nCode rural - Article \nL.253-1 et suivants, \nL.256-1 et suivants \nA10b7\nCommissionnement  des  fonctionnaires  et  agents  pour\nl'application  des  articles  L216-3  \u00e0  L216-5  du  code  de\nl'environnement (police de l'eau).\nArt. L. 172-1 et \nsuivants \nA10b8\nToutes  d\u00e9cisions  vis\u00e9es  dans  l'arr\u00eat\u00e9  minist\u00e9riel  du  21\njuillet 2015 modifi\u00e9 relatif aux syst\u00e8mes d'assainissement\ncollectif et aux installations d'assainissement non collectif,\nnotamment celles li\u00e9es aux op\u00e9rations de maintenance,\naux  d\u00e9rogations  \u00e0  l'implantation  d'installations\nd'assainissement  en  zone  \u00e0  usage  sensible  et  en  zone\ninondable, aux manuels d'autosurveillance.\nArr\u00eat\u00e9 minist\u00e9riel \nmodifi\u00e9 du 21 juillet \n2015 relatif aux \nsyst\u00e8mes \nd'assainissement \ncollectif et aux \ninstallations \nd'assainissement non\ncollectif, \u00e0 \nl'exception des \ninstallations \nd'assainissement non\ncollectif recevant \nune charge brute de \npollution organique \ninf\u00e9rieure ou \u00e9gale \u00e0 \n1,2 kg/j de DBO5\nA10c Chasse Code de \nl'environnement \nA10c1 D\u00e9cisions relatives aux plans de chasse.\nLivre IV \u2013 titre II - \nchapitre V - \nsection 3\nA10c2\nAutorisation de recherche \u00e0 l'aide de sources lumineuses\ndes esp\u00e8ces gibiers \u00e0 des fins de comptages dans un but\nscientifique ou de repeuplement.\nArr\u00eat\u00e9 minist\u00e9riel du \n01/08/1986 modifi\u00e9\nA10c3 Autorisations  d'entra\u00eenement,  concours  et  \u00e9preuves  de\nchiens de chasse.\nArr\u00eat\u00e9 minist\u00e9riel du \n21/01/2005\nA10c4 Autorisations de capture et de r\u00e9introduction de lapins. Art. L. 424-11, R. \n427-12\n23\n01_DDT_Direction d\u00e9partementale des territoires de l'Ain - 01-2025-09-08-00002 - ARR\u00caT\u00c9 PR\u00c9FECTORAL\nPortant d\u00e9l\u00e9gation de signature \u00e0 Monsieur Vincent PATRIARCA,\ndirecteur d\u00e9partemental des territoires de l'Ain\n92\nA10c5\nD\u00e9cisions relatives \u00e0 l'introduction de grand gibier ou de\nlapins  et  au  pr\u00e9l\u00e8vement  d'animaux  vivants  d'esp\u00e8ces\ndont la chasse est autoris\u00e9e dans le milieu naturel.\nArt. L424-11\narr\u00eat\u00e9 minist\u00e9riel du \n07/07/2006\nA10c6\nAutorisations  individuelles  de  destruction  \u00e0  tir  des\nesp\u00e8ces class\u00e9es susceptibles d'occasionner des d\u00e9g\u00e2ts.\nArr\u00eat\u00e9s  pr\u00e9fectoraux  relatifs  aux  esp\u00e8ces  susceptibles\nd'occasionner  des  d\u00e9g\u00e2ts  :  liste  et  modalit\u00e9s  de\ndestruction \u00e0 tir.\nArt. L. 427-8, R. \n427-5 \u00e0 R. 427-23\nA10c7 Autorisations individuelles de tir anticip\u00e9.  Art R. 424-8\nA10c8\nAutorisations d'utiliser des oiseaux de chasse au vol pour\nla destruction  d'esp\u00e8ces  susceptibles  d'occasionner  des\nd\u00e9g\u00e2ts.\nArr\u00eat\u00e9 minist\u00e9riel du \n10/08/2004\nA10c9 Autorisations de pr\u00e9l\u00e8vement de grands cormorans. Arr\u00eat\u00e9 minist\u00e9riel du \n26/11/2010\nA10c10 Autorisations de destruction des esp\u00e8ces invasives. Art L. 427-1, L. 427-6\nA10c11 Autorisations  de  r\u00e9gulation  des  blaireaux  causant  des\nd\u00e9g\u00e2ts aux cultures et aux habitations. Art L. 427-1, L. 427-6\nA10c12 Agr\u00e9ment et suspension d'agr\u00e9ment de pi\u00e9geurs. Arr\u00eat\u00e9 minist\u00e9riel du \n29/01/2007\nA10c13 D\u00e9cisions  de  chasses  et  de  battues  g\u00e9n\u00e9rales  ou\nparticuli\u00e8res.\nArt L. 427-1 et L. \n427-6\nA10c14\nSuspension  sur  tout  ou  partie  du  d\u00e9partement  de\nl'exercice de la chasse pendant une p\u00e9riode de 10 j, soit \u00e0\ntout gibier, soit \u00e0 certaines esp\u00e8ces de gibier en cas de\ncalamit\u00e9, incendie, inondation, gel prolong\u00e9.\nArt R. 424-3\nA10c15 Arr\u00eat\u00e9s  pr\u00e9fectoraux d'ouverture et de fermeture de la\nchasse.\nArt R. 424-2, R. 424-5\n\u00e0 9\nA10c16 Mise en \u0153uvre de la transaction p\u00e9nale dans le domaine\nde la chasse.\nD\u00e9cret n\u00b0 2014-368 \ndu 24/03/2014 relatif \n\u00e0 la transaction \np\u00e9nale pr\u00e9vue aux \narticles  L. 173-12, L. \n216-14, L. 437-14 et R.\n173-1 \u00e0 4 \n24\n01_DDT_Direction d\u00e9partementale des territoires de l'Ain - 01-2025-09-08-00002 - ARR\u00caT\u00c9 PR\u00c9FECTORAL\nPortant d\u00e9l\u00e9gation de signature \u00e0 Monsieur Vincent PATRIARCA,\ndirecteur d\u00e9partemental des territoires de l'Ain\n93\nA10c17\nPr\u00e9sidence de la commission d\u00e9partementale de la chasse\net  de  la  faune  sauvage  (CDCFS) r\u00e9unie  en  formation\npl\u00e9ni\u00e8re ou sp\u00e9cialis\u00e9e et signature  des d\u00e9cisions et des\nproc\u00e8s-verbaux de la commission. T ous actes relevant du\nsecr\u00e9tariat de la commission.\nActes  d\u00e9terminant  et  modifiant  la  composition  de  la\ncommission d\u00e9partementale de la chasse et de la faune\nsauvage.\nCode de \nl'environnement, \nPartie r\u00e9glementaire \n\u2013 Livre IV \u2013Titre II \u2013 \nChapitre 1er Section 3\nArt 8 et 9 du d\u00e9cret \nn\u00b0 2006-665 du 7 \njuin 2006 relatif \u00e0 la \nr\u00e9duction du \nnombre et \u00e0 la \nsimplification de la \ncomposition de \ndiverses \ncommissions \nadministrative\nA10c18\n\u00c9tablissement  et  renouvellement  d'attestation  de\nconformit\u00e9 de meute pour tout \u00e9quipage de v\u00e9nerie ou\nde  v\u00e9nerie  sous  terre  dont  le  chenil  est  situ\u00e9  dans  le\nd\u00e9partement. \nArr\u00eat\u00e9 modifi\u00e9 du 18 \nmars 1982 relatif \u00e0 \nl'exercice de la \nv\u00e9nerie. \nA10c19 Tous actes relatifs aux \u00e9tablissements professionnels de \nchasse \u00e0 caract\u00e8re commercial.\nArt. R. 424-13-2, R. \n424-13-3 du CE\nA10c20 Autorisations individuelles de l\u00e2cher d'animaux \nsusceptibles d'occasionner des d\u00e9g\u00e2ts. Art. R. 427-26 du CE\nA10c21 D\u00e9livrance de l'honorariat aux lieutenants de louveterie.\nAM du 14 juin 2010 \nmodifi\u00e9 relatif aux \nlieutenants de \nlouveterie (art. 11)\nA10d Protection de la nature et pastoralisme\nA10d1 D\u00e9cision d'attribution d'indemnisation des \u00e9leveurs pour\nles d\u00e9g\u00e2ts des grands pr\u00e9dateurs.\nD\u00e9cret n\u00b02019-722 \nrelatif \u00e0 \nl'indemnisation des \ndommages caus\u00e9s \naux troupeaux \ndomestiques par le \nloup, l'ours, le lynx \n25\n01_DDT_Direction d\u00e9partementale des territoires de l'Ain - 01-2025-09-08-00002 - ARR\u00caT\u00c9 PR\u00c9FECTORAL\nPortant d\u00e9l\u00e9gation de signature \u00e0 Monsieur Vincent PATRIARCA,\ndirecteur d\u00e9partemental des territoires de l'Ain\n94\nA10d2\nTout  acte  relevant  de  la  proc\u00e9dure  d'agr\u00e9ment  des\nassociations au titre de la protection de l'environnement,\nhors signature de l'arr\u00eat\u00e9 d'agr\u00e9ment ou de refus.\nAgr\u00e9ment des groupements pastoraux.\nProc\u00e9dure  et  d\u00e9cisions  relatives  \u00e0  la  cr\u00e9ation  et  au\nfonctionnement des associations fonci\u00e8res pastorales.\nArt L. 141-1 et \nsuivants et R. 141-1\nCode rural et de la \np\u00eache maritime art. \nL. 113-3\nCode rural et de la \np\u00eache maritime art. \nL. 135-1 et ss.\nA10d3\nD\u00e9rogations esp\u00e8ces prot\u00e9g\u00e9es v\u00e9g\u00e9tales :\ntous  actes  relatifs  \u00e0  la  proc\u00e9dure  de  d\u00e9rogation  \u00e0  la\nprotection des esp\u00e8ces prot\u00e9g\u00e9es v\u00e9g\u00e9tales.\nCode de \nl'environnement art \nL. 411-2 \nA10d4\nProtection de biotopes :\ntous  actes  relatifs  \u00e0  la  proc\u00e9dure  d'\u00e9tablissement,  de\nr\u00e9vision, de modification et de mise en \u0153uvre des arr\u00eat\u00e9s\npr\u00e9fectoraux  de  protection  de  biotopes  (APPB),  sauf  la\nsignature desdits arr\u00eat\u00e9s.\" \nCode de \nl'environnement art \nR. 411-15 \u00e0 17\nA10d5a\nProtection des sites d'int\u00e9r\u00eat g\u00e9ologique :\ntous  actes  relatifs  \u00e0  la  proc\u00e9dure  d'\u00e9tablissement,  de\nr\u00e9vision,  de  modification  des  arr\u00eat\u00e9s  pr\u00e9fectoraux  de\nprotection  de  sites  d'int\u00e9r\u00eat g\u00e9ologique (APPG),  sauf  la\nsignature des-dits arr\u00eat\u00e9s.\nCode de \nl'environnement art \nR. 411-17-1 et 2\nA10d5\nb\nTous  actes  relatifs  \u00e0  la  proc\u00e9dure  d'\u00e9tablissement,  de\nr\u00e9vision,  de  modification  des  arr\u00eat\u00e9s  pr\u00e9fectoraux  de\nprotection  d'habitat  naturel,  sauf  la  signature  des  dits-\narr\u00eat\u00e9s\".\nCode de \nl'environnement art \nR. 411-17-7\nA10d5c\nAccords  au  titre  de  la  r\u00e9glementation  sp\u00e9cifique  des\nArr\u00eat\u00e9s Pr\u00e9fectoraux de Protection de Biotopes (APPB) et\ndes Arr\u00eat\u00e9s de Protection d'Habitats Naturels (APHN) sur\nles documents de gestion \u00e9ligibles \u00e0 la coordination des\nproc\u00e9dures administratives mentionn\u00e9e \u00e0 l'article L. 122-7\ndu code forestier.\nArticles L. 122-7 et L. \n122-8 du code \nforestier\nA10d6 Lutte contre les esp\u00e8ces exotiques envahissantes. Art L.411-8 du code \nde l'environnement\nA10d7 Autorisations de modification de l'\u00e9tat ou de l'aspect de\nr\u00e9serves naturelles nationales.\nCode de \nl'environnement art \nL. 332-9 et art R. 332-\n23 \u00e0 26\n26\n01_DDT_Direction d\u00e9partementale des territoires de l'Ain - 01-2025-09-08-00002 - ARR\u00caT\u00c9 PR\u00c9FECTORAL\nPortant d\u00e9l\u00e9gation de signature \u00e0 Monsieur Vincent PATRIARCA,\ndirecteur d\u00e9partemental des territoires de l'Ain\n95\nA10d8 Mise en \u0153uvre de la transaction p\u00e9nale dans le domaine\nde la nature.\nD\u00e9cret 2014-368 du \n24/03/2014 relatif \u00e0 \nla transaction p\u00e9nale\npr\u00e9vue aux articles L.\n173-12, L. 216-14, L. \n437-14 et R. 173-1 \u00e0 4 \ndu code de \nl'environnement\nA10e P\u00eache Code de \nl'environnement\nA10e1 Autorisation de p\u00eache exceptionnelle. Art L. 436-9\nA10e2 Organisation de concours de p\u00eache dans les cours d'eau\nde 1\u00e9re cat\u00e9gorie. Art R. 436-22\nA10e3\nDans  le  cadre  des  \u00e9lections  de  la  f\u00e9d\u00e9ration\nd\u00e9partementale des associations agr\u00e9\u00e9es de p\u00eache et de\nprotection des milieux aquatiques (FDAAPPMA) :\n- A gr\u00e9ment  des  structures  associatives  de  la  p\u00eache,  de\nleur pr\u00e9sident, tr\u00e9sorier ;\n- Attestation de l'identit\u00e9 des d\u00e9l\u00e9gu\u00e9s ;\n- Certification la liste des candidats.\nArt R. 434-26 et R. \n434-27\nArr\u00eat\u00e9 du 16/01/2013\nfixant les statuts \ntypes des \nFDAAPPMA.\nA10e4 Droit de p\u00eache de l'\u00c9tat : mise en \u0153uvre des conditions\ng\u00e9n\u00e9rales d'exploitation.\nArt L. 435-1 \u00e0 L. \n435-3, R. 435-2 \u00e0 R. \n435-31\nA10e5 Mise en \u0153uvre de la transaction p\u00e9nale dans le domaine\nde la p\u00eache.\nD\u00e9cret 2014-368 du \n24/03/2014 relatif \u00e0 \nla transaction p\u00e9nale\npr\u00e9vue aux articles L.\n173-12, L. 216-14, L. \n437-14 et R. 173-1 \u00e0 4 \ndu code de \nl'environnement\nA10e6 Cr\u00e9ation de r\u00e9serves temporaires de p\u00eache. Art R. 436-69\nA10e7\n-  Pr\u00e9sidence  de  la  commission  consultative\nd\u00e9partementale  en  mati\u00e8re  de  r\u00e9glementation  de  la\np\u00eache dans les grands lacs int\u00e9rieurs de montagne.\n-  R\u00e9daction,  signature  des  comptes  rendus  et  des  avis\nrendus par la commission puis notifications.\n-  Modification  de  l'arr\u00eat\u00e9  portant  composition  de  la\ncommission  technique  d\u00e9partementale  de  la  p\u00eache\n(renouvellement des membres).\nArt. R.435-14 du \ncode de \nl'environnement \nArr\u00eat\u00e9 minist\u00e9riel du \n05/05/1986 \n27\n01_DDT_Direction d\u00e9partementale des territoires de l'Ain - 01-2025-09-08-00002 - ARR\u00caT\u00c9 PR\u00c9FECTORAL\nPortant d\u00e9l\u00e9gation de signature \u00e0 Monsieur Vincent PATRIARCA,\ndirecteur d\u00e9partemental des territoires de l'Ain\n96\nA10e8\nArr\u00eat\u00e9s  r\u00e9glementant  la  p\u00eache  en  eau  douce  dans  le\nd\u00e9partement.\nCode de \nl'environnement \nart. L. 436-4 \u00e0 16, R. \n436-6 \u00e0 42 et R436-6 \net suivants\nA10e9\nD\u00e9livrance des autorisations de l'\u00c9tat pour la pratique de\nla  p\u00eache  \u00e0  l'aimant  dans  les  cours  d'eau,  lacs,  fleuves,\ncanaux et rivi\u00e8res.\n\u00c9dit de Colbert- \nNote minist\u00e9rielle du\n5 juin 2019 relative \u00e0 \nla p\u00eache \u00e0 l'aimant \ndans les cours d'eau, \nlacs, fleuves, canaux \net rivi\u00e8res\nA10e10\nTous  actes  et  d\u00e9cisions  de  classement  autorisant\nl'application  des  dispositions  du  titre  III  du  livre  IV  du\ncode de l'environnement sur la p\u00eache en eau douce et la\ngestion des ressources piscicoles aux plans d'eau en eaux\ncloses.\nCode de \nl'environnement, \nPartie l\u00e9gislative et \nr\u00e9glementaire, Livre \nIV, Titre III\nA10f Sites Natura 2000 Code de \nl'environnement\nA10f1\nTous  documents,  tous  actes  et  d\u00e9cisions  relatifs  \u00e0  la\nproc\u00e9dure sites Natura 2000, sauf les d\u00e9cisions relatives\naux modifications de p\u00e9rim\u00e8tre.\nArt. R. 414-3\nArt R. 414-8 \u00e0 R. 414-\n8-5\nArt R. 414-12 \u00e0 R. 414-\n12-1\nArt R. 414-13 \u00e0 R. 414-\n17\nArt R. 414-20, 28 et \n29\nArt L. 120-1 et L. 120-\n1-1\nArt L. 414-4 IV bis \nIII et IV de l'article L.\n414-4 \nArt L. 414-5 \nA10g Bruit et r\u00e9duction du bruit Code de \nl'environnement\n28\n01_DDT_Direction d\u00e9partementale des territoires de l'Ain - 01-2025-09-08-00002 - ARR\u00caT\u00c9 PR\u00c9FECTORAL\nPortant d\u00e9l\u00e9gation de signature \u00e0 Monsieur Vincent PATRIARCA,\ndirecteur d\u00e9partemental des territoires de l'Ain\n97\nA10g1\nBruit des infrastructures de transport terrestre : \nTout acte relatif au classement sonore des infrastructures\nde transports terrestres.\n Art L. 571-10\nA10g2\n\u00c9valuation, pr\u00e9vention et r\u00e9duction du bruit dans \nl'environnement :\nTout acte relatif \u00e0 l'\u00e9tablissement des cartes de bruit et \ndes plans de pr\u00e9vention du bruit dans l'environnement.\n Art L. 572-1 \u00e0 11\nA10g3\nA\u00e9roport de Lyon-Saint Exup\u00e9ry / a\u00e9rodromes de l'Ain :\n- proc\u00e9dures  li\u00e9es  au plan de pr\u00e9vention du bruit dans\nl'environnement (PPBE) ;\n- proc\u00e9dures li\u00e9es au plan d'exposition au bruit (PEB) ;\n- Proc\u00e9dures li\u00e9es aux plans de servitudes a\u00e9ronautiques ;\nTous actes relatifs \u00e0 ces proc\u00e9dures, sauf d\u00e9cision finale.\nArt R. 572-9 \u00e0 11\nCode de l'urbanisme\nart. L. 112-6 \u00e0 17 et \nR.112-1 \u00e0 17\nCode de l'urbanisme\nart. R. 126-1 \u00e0 3\nA10h Publicit\u00e9s, enseignes et pr\u00e9-enseignes\nTout  acte  relatif  aux  autorisations  et  \u00e0  la  police\nincombant \u00e0 l'\u00c9tat.\nCode de \nl'environnement \nart. L. 581-1 \u00e0 45\nA10i Agenda 21 et projets territoriaux de d\u00e9veloppement \ndurable\nAvis  sur  les  d\u00e9marches  Agenda  21  et  les  projets\nterritoriaux de d\u00e9veloppement durable des collectivit\u00e9s.\nCode de \nl'environnement \nart. L. 110-1\nA10j\nParticipation du public\n- Note de pr\u00e9sentation du projet et ses objectifs ;\n- Modalit\u00e9s de la participation du public ;\n- Note de synth\u00e8se des observations du public.\nCode de \nl'environnement \nart. L. 120-1 et \nsuivants\nA11 AGRICULTURE ET FORET Code rural et de la \np\u00eache maritime\nA11a D\u00e9veloppement et am\u00e9nagement de l'espace rural\n29\n01_DDT_Direction d\u00e9partementale des territoires de l'Ain - 01-2025-09-08-00002 - ARR\u00caT\u00c9 PR\u00c9FECTORAL\nPortant d\u00e9l\u00e9gation de signature \u00e0 Monsieur Vincent PATRIARCA,\ndirecteur d\u00e9partemental des territoires de l'Ain\n98\nA11a1\n- Pr\u00e9paration des modifications de l'arr\u00eat\u00e9 de constitution\nde la commission d\u00e9partementale de la pr\u00e9servation des\nespaces naturels, agricoles et forestiers (CDPENAF).\n- R\u00e9ception des dossiers, \u00e9laboration des ordres du jour,\nconvocations, transmission des dossiers techniques et de\ndocuments  divers  aux  membres  de  la  commission,\ninvitation des structures porteuses \u00e0 pr\u00e9senter leur projet,\nsecr\u00e9tariat  g\u00e9n\u00e9ral  de  la  commission,  pr\u00e9paration  des\ns\u00e9ances.\n- Pr\u00e9sidence de la commission.\n-  R\u00e9daction,  signature  des  comptes  rendus  et  des  avis\nrendus par la commission puis notifications.\nArt. D. 112-1-11\nArr\u00eat\u00e9 pr\u00e9fectoral de\nconstitution de la \nCDPENAF.\nA11a2\nAides compensatoires aux handicaps naturels.\nArr\u00eat\u00e9s fixant les param\u00e8tres de campagne et d\u00e9cisions\nindividuelles.\n Arts. D. 113-18 \u00e0 28\nA11a3\nZones agricoles prot\u00e9g\u00e9es (ZAP) :\ntous actes relevant de la proc\u00e9dure, sauf d\u00e9cision finale.\nArt  R. 112-1-4 A \u00e0 R. \n112-1-10\nA11b Structure et transmission des exploitations agricoles Code rural et de la \np\u00eache maritime \nA11b1\nPr\u00e9sidence  de  la  commission  d\u00e9partementale\nd'orientation  de  l'agriculture  (CDOA)  et  signature  des\nd\u00e9cisions et des proc\u00e8s-verbaux de la commission. T ous\nactes relevant du secr\u00e9tariat de la commission.\nConstitution  de  la  commission  d\u00e9partementale\nd'orientation de l'agriculture (CDOA), de ses sections et\nformations.\nD\u00e9cisions relevant de la CDOA des groupements agricoles\nd'exploitation\nPartie r\u00e9glementaire \n\u2013 livre III\u2013 Titre 1er   \u2013 \nChapitre III du code \nrural\u2013 Section I\nA11b2 D\u00e9cisions  relatives  \u00e0  l'agr\u00e9ment  des  groupements\nd'exploitation en commun (GAEC).\nArticles R. 323-8 \u00e0 \nR. 323-23\nA11b3 D\u00e9cisions individuelles relatives au contr\u00f4le des structures\ndes exploitations agricoles.\nArticles L. 331-3, L. \n331-6 \u00e0 8, R. 331-6\nA11b4 D\u00e9cisions  individuelles  relatives  au  cumul  temporaire\nd'activit\u00e9 agricole et de pension de retraite. Article D. 732-56\nA11b5 D\u00e9cisions individuelles relatives aux aides \u00e0 la transmission\ndes exploitations agricoles.\nArticle D. 343-34 \u00e0 \n36\n30\n01_DDT_Direction d\u00e9partementale des territoires de l'Ain - 01-2025-09-08-00002 - ARR\u00caT\u00c9 PR\u00c9FECTORAL\nPortant d\u00e9l\u00e9gation de signature \u00e0 Monsieur Vincent PATRIARCA,\ndirecteur d\u00e9partemental des territoires de l'Ain\n99\nA11b6 D\u00e9cisions  individuelles  relatives  aux  pr\u00eats  bonifi\u00e9s  \u00e0\nl'investissement.\nArticle D. 344-11 \u00e0 \n26, R. 344-11-1\nA11b7 D\u00e9cisions individuelles relatives aux a ides \u00e0 la r\u00e9insertion\nprofessionnelle. Art. D. 352-15 \u00e0 21 \nA11b8 D\u00e9cisions  individuelles  relatives  aux  a ides  au\nredressement de l'exploitation. Art. D. 354-1 \u00e0 15 \nA11b9\nD\u00e9cisions individuelles relatives aux a ides au d\u00e9marrage\ndes groupements pastoraux et des associations fonci\u00e8res\npastorales.\nArt. D. 343-33\nA11b10 D\u00e9cisions  individuelles  relatives  \u00e0 la mise en valeur  des\nterres incultes.\nArt. L. 125-1 \u00e0  L. 125-\n10\nA11b11\nActes et correspondances relevant de la mise en \u0153uvre\ndu  dispositif  d'autorisation  pr\u00e9alable  de  la  prise  de\ncontr\u00f4le d'une soci\u00e9t\u00e9 poss\u00e9dant ou exploitant des biens\nimmobiliers \u00e0 usage ou \u00e0 vocation agricole. \nArticles L.333-1 \u00e0 \nL.333-5 et R.333-1 \u00e0 \nR.333-16 \nA11c Aides au d\u00e9veloppement rural Code rural et de la \np\u00eache maritime \nA11c1\nEngagements agro-environnementaux.\nArr\u00eat\u00e9s fixant les param\u00e8tres de campagne et d\u00e9cisions\nindividuelles.\nArt D. 341-7 \u00e0 20\nA11c2 D\u00e9cisions individuelles relatives aux aides \u00e0 l'installation. Art D. 343-3 \u00e0 24\nA11c3\nD\u00e9cisions individuelles li\u00e9es aux proc\u00e9dures d'instruction\nd'engagement,  de  mise  en  paiement,  de  contr\u00f4le  des\ndispositifs financ\u00e9s par le fonds europ\u00e9en agricole pour le\nd\u00e9veloppement rural (FEADER).\ny  compris  les  d\u00e9cisions  relatives  aux  cr\u00e9dits  nationaux\nd\u00e9l\u00e9gu\u00e9s par le minist\u00e8re de la transition \u00e9cologique et\nsolidaire.\nDont  aides  \u00e0  la  protection  des  exploitations  et  des\ntroupeaux contre la pr\u00e9dation du loup et de l'ours.\nArt D. 114-11 et s. \n31\n01_DDT_Direction d\u00e9partementale des territoires de l'Ain - 01-2025-09-08-00002 - ARR\u00caT\u00c9 PR\u00c9FECTORAL\nPortant d\u00e9l\u00e9gation de signature \u00e0 Monsieur Vincent PATRIARCA,\ndirecteur d\u00e9partemental des territoires de l'Ain\n100\nA11c4 D\u00e9cisions  individuelles  relatives  aux  mesures\naqua-environnementales.\nR\u00e8glement (CE) \nn\u00b0 1198/2006 du \nConseil du \n27/07/2006 modifi\u00e9 \net ses r\u00e8glements \nd'application\nProgramme \nop\u00e9rationnel 2007-\n2013 approuv\u00e9 par \nd\u00e9cision C (2007) \n6791 du   19/12/2007\nA11d Gestion des risques en agriculture Code rural et de la \np\u00eache maritime\nA11d1\nTous actes, proc\u00e9dures et mesures d'organisation relatifs \naux calamit\u00e9s agricoles et \u00e0 l'indemnisation fond\u00e9e sur la \nsolidarit\u00e9 nationale.\nPartie r\u00e9glementaire \n\u2013 Livre III \u2013 Titre VI \u2013 \nChapitre 1er \u2013 \nSection 2 et Section \n3\nA11d2 D\u00e9cisions individuelles relatives aux aides conjoncturelles.\nR\u00e8glements (CE) \nn\u00b01535/2007 et \nn\u00b01408/2013 du \n18/12/2013 relatifs \naux aides de minimis\ndans le secteur \nagricole et tout \nr\u00e9gime d'aide \nconjoncturelle mis \nen place par le \nministre en charge \nde l'agriculture, de la\nfor\u00eat et de la \nsouverainet\u00e9 \nalimentaire\nA11e Baux ruraux Code rural et de la \np\u00eache maritime \nA11e1 Fixation du prix du bail. Art.  R. 411-1 \u00e0 9-11\nA11e2 R\u00e9siliation du bail.  Art.  L. 411-32\nA11e3\nConstitution de la commission paritaire consultative des\nbaux ruraux.\nD\u00e9cisions individuelles relevant de la commission.\n Art.  R. 414-1 et 2\n32\n01_DDT_Direction d\u00e9partementale des territoires de l'Ain - 01-2025-09-08-00002 - ARR\u00caT\u00c9 PR\u00c9FECTORAL\nPortant d\u00e9l\u00e9gation de signature \u00e0 Monsieur Vincent PATRIARCA,\ndirecteur d\u00e9partemental des territoires de l'Ain\n101\nA11f Soutiens directs dans le cadre de la Politique agricole \ncommune \nCode rural et de la \np\u00eache maritime\nA11f1 D\u00e9cisions individuelles relatives \u00e0 l'instruction et au calcul\ndes demandes d'aides directes.\nPartie r\u00e9glementaire \n\u2013 Livre VI \u2013 Titre 1er \u2013 \nChapitres IV et V  \nA11f2 D\u00e9cisions individuelles relatives \u00e0 l'i nstruction des droits \u00e0\npaiement de base.\nA11f3 D\u00e9cisions individuelles relatives \u00e0 la c oordination et \u00e0 la\ngestion des contr\u00f4les.\nA11g Protection des v\u00e9g\u00e9taux\n- Arr\u00eat\u00e9 fixant les mesures de lutte contre les maladies des\nv\u00e9g\u00e9taux ;\n- D\u00e9cisions individuelles.\nArt. L251-8 et L251-10\nA11h For\u00eat Code forestier\nA11h1 D\u00e9livrance  du  certificat  d'origine  de  bois  brut  :\nconvention franco-suisse.\nTrait\u00e9 de Berne du \n31/01/1938 article 12\nA11h2\nD\u00e9frichements :\nD\u00e9claration  de  d\u00e9frichement  :  d\u00e9p\u00f4t,  instruction,\nreconnaissance.\nArt. L. 214-13, L. 214-\n14 et L341-1\nSanctions : obligation de r\u00e9tablissement de l'\u00e9tat des lieux\nou/et d'ex\u00e9cution de travaux de reboisement.\nArt. L. 341-8 et L. \n341-10\nArr\u00eat\u00e9s d'autorisation de d\u00e9frichement. Art. L341-3 et L341-4\nA11h3\nFor\u00eat priv\u00e9e :\nApprobation des r\u00e8glements d'exploitation pour les for\u00eats\nde  protection  et  autorisation  sp\u00e9ciale  de  coupes  non\npr\u00e9vues.\nR\u00e9gime sp\u00e9cial  d'autorisation  administrative de  coupes,\ninstruction et d\u00e9cision.\nArt. R. 141-19 et R. \n141-20\nArt. R. 312-20\nA11h4\nFor\u00eats des collectivit\u00e9s :\nDistraction  du  r\u00e9gime  forestier  des  terrains  des\ncollectivit\u00e9s.\nSoumission  au  r\u00e9gime  forestier  des  terrains  des\ncollectivit\u00e9s.\nArt. L. 214-5\nArt. L. 214-3\nA11h5\nCr\u00e9ance du Fonds Forestier National (F.F.N.).\nTous actes relatifs aux pr\u00eats en num\u00e9raire et aux pr\u00eats en\ntravaux ainsi que leurs pi\u00e8ces annexes (contrat de pr\u00eat,\nr\u00e9siliation, mainlev\u00e9e d'hypoth\u00e8que, recalcul cr\u00e9ances\u2026).\nArt L. 156-2, L. 156-3 \net R. 156-1 \u00e0 R. 156-5\n33\n01_DDT_Direction d\u00e9partementale des territoires de l'Ain - 01-2025-09-08-00002 - ARR\u00caT\u00c9 PR\u00c9FECTORAL\nPortant d\u00e9l\u00e9gation de signature \u00e0 Monsieur Vincent PATRIARCA,\ndirecteur d\u00e9partemental des territoires de l'Ain\n102\nA11h6 Tous  actes  relatifs  \u00e0  l'acquisition  et  la  vente  des  biens\nforestiers sans ma\u00eetre.\nCode g\u00e9n\u00e9ral de la \npropri\u00e9t\u00e9 des \npersonnes publiques\n\u2013 art. L. 1123-4 et L. \n3211-5\nA12 AM\u00c9NAGEMENT FONCIER \nASSOCIATIONS SYNDICALES DE PROPRI\u00c9TAIRES\nA12a Les op\u00e9rations d'am\u00e9nagement foncier\nA12a1 Actes relatifs aux op\u00e9rations d'am\u00e9nagement foncier rural\nordonn\u00e9es par le pr\u00e9fet avant le 1er janvier 2006.\nCode rural (ancien) \nLivre Ier, titre II\nA12a2 Actes relatifs aux op\u00e9rations d'am\u00e9nagement foncier rural\nordonn\u00e9es par le pr\u00e9fet \u00e0 compter du 1er janvier 2006.\nCode rural et de la \np\u00eache maritime Livre\nIer, titre II\nA12b Les associations syndicales de propri\u00e9taires\nOrdonnance \n2004-632 du      \n01/07/2004 et d\u00e9cret\n2006-504 du \n03/05/2006\nCode rural et de la \np\u00eache maritime\nA12b1 Arr\u00eat\u00e9s portant institution, renouvellement et dissolution\ndes associations fonci\u00e8res.\nOrdonnance \n2004-632 du      \n01/07/2004 et d\u00e9cret\n2006-504 du \n03/05/2006\nCode rural et de la \np\u00eache maritime \nLivre Ier, titre III\n34\n01_DDT_Direction d\u00e9partementale des territoires de l'Ain - 01-2025-09-08-00002 - ARR\u00caT\u00c9 PR\u00c9FECTORAL\nPortant d\u00e9l\u00e9gation de signature \u00e0 Monsieur Vincent PATRIARCA,\ndirecteur d\u00e9partemental des territoires de l'Ain\n103\nA12b2\nTutelle  des  associations  syndicales  de  propri\u00e9taires,\nnotamment approbation des d\u00e9lib\u00e9rations, des r\u00f4les de\ntaxes, des emprunts et march\u00e9s, des pi\u00e8ces comptables.\nOrdonnance \n2004-632 du        \n01/07/2004 et d\u00e9cret\n2006-504 du \n03/05/2006\nCode rural et de la \np\u00eache maritime \nLivre Ier, titre III\nA 13                                         DIVERS\nA13a1\nProjets des collectivit\u00e9s ou des personnes de droit priv\u00e9\nsusceptibles de b\u00e9n\u00e9ficier de l'aide de l'\u00c9tat et dans le\ncadre du PNRR\nTous actes relatifs \u00e0 l'instruction des demandes de \nsubventions ou de pr\u00eats aux personnes morales et \npersonnes physiques  \u00e0 l'exclusion des arr\u00eat\u00e9s et \nconventions attributifs de subvention d'un montant \nsup\u00e9rieur \u00e0 90 000 euros. \nA13a2\nD\u00e9ploiement  du  fonds  d'acc\u00e9l\u00e9ration  de  la  transition\n\u00e9cologique dans les territoires \u00ab fonds verts  \u00bb : courrier,\naccompagnement  et  instruction  dans  le  cadre  du\nd\u00e9ploiement  du  fonds  d'acc\u00e9l\u00e9ration  de  la  transition\n\u00e9cologique dans les territoires (\u00ab Fonds vert \u00bb).\nLois de finances \npour 2023 et 2024\nCirculaire  \nTRE2235937C du 14 \nd\u00e9cembre 2022\nCirculaire \nTREL2334785C du 28\nd\u00e9cembre 2023\nCirculaire \nTREL2408744C du 04\navril 2024 \n35\n01_DDT_Direction d\u00e9partementale des territoires de l'Ain - 01-2025-09-08-00002 - ARR\u00caT\u00c9 PR\u00c9FECTORAL\nPortant d\u00e9l\u00e9gation de signature \u00e0 Monsieur Vincent PATRIARCA,\ndirecteur d\u00e9partemental des territoires de l'Ain\n104\n01_DDT_Direction d\u00e9partementale des\nterritoires de l'Ain\n01-2025-09-09-00002\nHabilitation \u00e0 r\u00e9aliser les analyses d'impact\nexig\u00e9es dans la composition des dossiers de\ndemande d'autorisation d'exploitation\ncommerciale - BEI_06_2025\n01_DDT_Direction d\u00e9partementale des territoires de l'Ain - 01-2025-09-09-00002 - Habilitation \u00e0 r\u00e9aliser les analyses d'impact exig\u00e9es\ndans la composition des dossiers de demande d'autorisation d'exploitation commerciale - BEI_06_2025 105\nPREFETE Direction d\u00e9partementaleDE L'AIN des territoiresLibert\u00e9 .Egalit\u00e9Fraternit\u00e9\n. Service Urbanisme et Risques\nARR\u00caT\u00c9 PR\u00c9FECTORALportant habilitation \u00e0 r\u00e9aliser les analyses d'impact exig\u00e9es dans la composition des dossiersde demande d'autorisation d'exploitation commercialeLa Pr\u00e9f\u00e8te de l'Ain,Chevalier de la L\u00e9gion d'honneur,_ Officier de l'Ordre national du M\u00e9riteVU la loi n\u00b0 2018-1021 du 23 novembre 2018 portant \u00e9volution du logement, del'am\u00e9nagement et du num\u00e9rique;VU le d\u00e9cret n\u00b0 2019-331 du 17 avril 2019 relatif \u00e0 la composition et au fonctionnement descommissions d\u00e9partementales d'am\u00e9nagement commercial et aux demandes d'autorisationd'exploitation commerciale ;VU l'article L.752-6 du Code de commerce ;VU les articles R.752-6-1, R.752-6-2 et R.752-6-3 du Code de commerce ;VU la demande d\u00e9pos\u00e9e le 6 ao\u00fbt 2025, par Mme Elodie CHOPLIN, repr\u00e9sentant la soci\u00e9t\u00e9EC&U; ARRETE :_ Article 1: La soci\u00e9t\u00e9 EC&U, situ\u00e9e 7 Rue de la Galissonni\u00e8re \u2014 44000 NANTES, est habilit\u00e9e \u00e0r\u00e9aliser l'analyse d'impact pr\u00e9vue par l'article L. 752-6 du Code de commerce pour lesdossiers d\u00e9pos\u00e9s dans l'Ain.Article 2 : Cette habilitation est d\u00e9livr\u00e9e pour une dur\u00e9e de 5 ans sans renouvellement tacitepossible. Elle porte le n\u00b0 BEI_06_2025.Article 3 : La secr\u00e9taire g\u00e9n\u00e9rale de la Pr\u00e9fecture est charg\u00e9e de l'ex\u00e9cution du pr\u00e9sent arr\u00eat\u00e9qui sera publi\u00e9 au Recueil des actes administratifs 7 r\u00e9fecture de l'Ain.Fait \u00e0 Bourg-en-Bresse, |= 9 SEP. 2025Pour la pr\u00e9f\u00e8te,Le directeur d\u00e9partemental des territoires,\nVincent PATRIARCA\n01_DDT_Direction d\u00e9partementale des territoires de l'Ain - 01-2025-09-09-00002 - Habilitation \u00e0 r\u00e9aliser les analyses d'impact exig\u00e9es\ndans la composition des dossiers de demande d'autorisation d'exploitation commerciale - BEI_06_2025 106\nD\u00e9lais et voies de recours :Tout recours \u00e0 l'encontre de la pr\u00e9sente d\u00e9cision pourra \u00eatre port\u00e9 devant le tribunaladministratif de Lyon dans un d\u00e9lai de deux mois suivant sa r\u00e9ception. Dans ce m\u00eamed\u00e9lai, un recours gracieux peut \u00eatre pr\u00e9sent\u00e9 \u00e0 l'auteur de la d\u00e9cision. Dans ce cas, lerecours contentieux pourra \u00eatre introduit dans les deux mois suivant la r\u00e9ponse (lesilence gard\u00e9 pendant les deux mois suivant la r\u00e9ception du recours gracieux emporterejet de la demande). Le recours contentieux peut \u00eatre d\u00e9pos\u00e9 aupr\u00e8s des juridictionsadministratives sur l'application internet \"T\u00e9l\u00e9recours citoyens\", en suivant lesinstructions disponibles sur le site : https://citoyens.telerecours.fr\n01_DDT_Direction d\u00e9partementale des territoires de l'Ain - 01-2025-09-09-00002 - Habilitation \u00e0 r\u00e9aliser les analyses d'impact exig\u00e9es\ndans la composition des dossiers de demande d'autorisation d'exploitation commerciale - BEI_06_2025 107\n01_DDT_Direction d\u00e9partementale des\nterritoires de l'Ain\n01-2025-09-09-00001\nHabilitation \u00e0 r\u00e9aliser les certificats de\nconformit\u00e9 attestant du respect d'une\nautorisation d'exploitation commerciale -\nBCC_06_2025\n01_DDT_Direction d\u00e9partementale des territoires de l'Ain - 01-2025-09-09-00001 - Habilitation \u00e0 r\u00e9aliser les certificats de conformit\u00e9\nattestant du respect d'une autorisation d'exploitation commerciale - BCC_06_2025 108\nPREFETE Direction d\u00e9partementaleDE L'AIN des territoiresLibert\u00e9Egalit\u00e9Fraternit\u00e9\nService Urbanisme et Risques\nARR\u00caT\u00c9 PREFECTORALportant habilitation a r\u00e9aliser les certificats de conformit\u00e9 attestant durespect d'une autorisation d'exploitation commercialeLa Pr\u00e9f\u00e8te de l'Ain,Chevalier de la L\u00e9gion d'honneur,Officier de l'Ordre national du M\u00e9riteVU la loi n\u00b0 2018-1021 du 23 novembre 2018 portant \u00e9volution du logement, del'am\u00e9nagement et du num\u00e9rique;VU le d\u00e9cret n\u00b0 2019-563 du 7juin 2019 relatif \u00e0 la proc\u00e9dure devant la commission nationaled'am\u00e9nagement commercial et au contr\u00f4le du respect des autorisations d'exploitationcommerciale ;VU l'article L.752-23 du Code de commerce ;VU les articles R.752-44-2 \u00e0 R.752-44-6 du Code de commerce ;VU la demande d\u00e9pos\u00e9e le 19 ao\u00fbt 2025 par Mme Elodie CHOPLIN, repr\u00e9sentant la soci\u00e9t\u00e9EC&U ; : ARRETE :Article 1: La soci\u00e9t\u00e9 EC&U, situ\u00e9e 7 Rue de la Galissonni\u00e8re \u2014 44000 NANTES, est habilit\u00e9e ar\u00e9aliser le certificat de conformit\u00e9 pr\u00e9vu par l'article L. 752-23 du Code de commerce pourles dossiers d\u00e9pos\u00e9s dans l'Ain.Article 2 : Cette habilitation est d\u00e9livr\u00e9e pour une dur\u00e9e de 5 ans sans renouvellement tacitepossible. Elle porte le n\u00b0BCC _06_2025.Article 3 : La secr\u00e9taire g\u00e9n\u00e9rale de la Pr\u00e9fecture est charg\u00e9e de l'ex\u00e9cution du pr\u00e9sent arr\u00eat\u00e9qui sera publi\u00e9 au Recueil des actes administratifs de la pr\u00e9fecture de l'Ain.Fait \u00e0 Bourg en Bresse, Je = 9 SEP. 2025Pour la Pr\u00e9f\u00e8te,Le Directeur D\u00e9part\u00a2mental des Territoires,\nVincent PATRI\n01_DDT_Direction d\u00e9partementale des territoires de l'Ain - 01-2025-09-09-00001 - Habilitation \u00e0 r\u00e9aliser les certificats de conformit\u00e9\nattestant du respect d'une autorisation d'exploitation commerciale - BCC_06_2025 109\nD\u00e9lais et voies de recours :Tout recours \u00e0 l'encontre de la pr\u00e9sente d\u00e9cision pourra \u00eatre port\u00e9 devant le tribunaladministratif de Lyon dans un d\u00e9lai de deux mois suivant sa r\u00e9ception. Dans ce m\u00eame_ d\u00e9lai, un recours gracieux peut \u00eatre pr\u00e9sent\u00e9 \u00e0 l'auteur de la d\u00e9cision. Dans ce cas, lerecours contentieux pourra \u00eatre introduit dans les deux mois suivant la r\u00e9ponse (lesilence gard\u00e9 pendant les deux mois suivant la r\u00e9ception du recours gracieux emporterejet de la demande). Le recours contentieux peut \u00eatre d\u00e9pos\u00e9 aupr\u00e8s des juridictionsadministratives sur l'application internet \"T\u00e9l\u00e9recours citoyens\", en suivant lesinstructions disponibles sur le site : https://citoyens.telerecours.fr\n01_DDT_Direction d\u00e9partementale des territoires de l'Ain - 01-2025-09-09-00001 - Habilitation \u00e0 r\u00e9aliser les certificats de conformit\u00e9\nattestant du respect d'une autorisation d'exploitation commerciale - BCC_06_2025 110\n01_Pref_Pr\u00e9fecture de l'Ain\n01-2025-09-09-00004\n Arr\u00eat\u00e9 autorisant la captation, l'enregistrement\net la transmission d'images au moyen de\ncam\u00e9ras install\u00e9es sur des a\u00e9ronefs\n01_Pref_Pr\u00e9fecture de l'Ain - 01-2025-09-09-00004 -  Arr\u00eat\u00e9 autorisant la captation, l'enregistrement et la transmission d'images au\nmoyen de cam\u00e9ras install\u00e9es sur des a\u00e9ronefs 111\nE 3PR\u00c9F\u00c8TEDE L'AINLibert\u00e9Egalit\u00e9Fraternit\u00e9\nCabinet de la pr\u00e9f\u00e8te \nDirection des s\u00e9curit\u00e9s\nBureau de la s\u00e9curit\u00e9 int\u00e9rieure\nArr\u00eat\u00e9 autorisant la captation, l'enregistrement et la transmission \nd'images au moyen de cam\u00e9ras install\u00e9es sur des a\u00e9ronefs\nLa pr\u00e9f\u00e8te de l'Ain,\nChevalier de la L\u00e9gion d'honneur\nOfficier de l'ordre national du M\u00e9rite\nVU le Code de la s\u00e9curit\u00e9 int\u00e9rieure  et notamment ses articles L. 242-1 \u00e0 L. 242-8 et R. 242-8 \u00e0 R. 242-\n14 ;\nVU le d\u00e9cret n\u00b0 2004-374 du 29 avril 2004 modifi\u00e9, relatif aux pouvoirs des pr\u00e9fets, \u00e0 l'organisation et \u00e0 l'action\ndes services de l'\u00c9tat dans les r\u00e9gions et d\u00e9partements ;\nVU le d\u00e9cret du 22 mars 2023 portant nomination de Mme Chantal MAUCHET, en qualit\u00e9 de pr\u00e9f\u00e8te de l'Ain ;\nVU l'arr\u00eat\u00e9 du ministre de l'Int\u00e9rieur et des outre-mer, en date du 19 avril 2023 relatif au nombre maximal de\ncam\u00e9ras  install\u00e9es  sur  des  a\u00e9ronefs  pouvant  \u00eatre  simultan\u00e9ment  utilis\u00e9es  dans  chaque  d\u00e9partement  et\ncollectivit\u00e9 d'outre-mer ;\nVU la demande du 05 septembre 2025, form\u00e9e par le groupement de gendarmerie d\u00e9partementale de l'Ain,\nvisant \u00e0 obtenir l'autorisation de capter, d'enregistrer et de  transmettre des images au moyen d'une\ncam\u00e9ra install\u00e9e sur un a\u00e9ronef t\u00e9l\u00e9-pilot\u00e9 aux fins d'assurer la s\u00e9curit\u00e9 des rassemblements de personnes sur la\nvoie publique ou dans des lieux ouverts au public pouvant se d\u00e9rouler le 10 septembre 2025 \u00e0 la suite d'un appel\n\u00e0 manifester et au blocage susceptible d'entra\u00eener des troubles graves \u00e0 l'ordre public sur le d\u00e9partement de\nl'Ain ;\nConsid\u00e9rant que les dispositions susvis\u00e9es permettent aux forces de s\u00e9curit\u00e9 int\u00e9rieure, dans l'exercice\nde leurs missions de pr\u00e9vention des atteintes \u00e0 l'ordre public et de protection de la s\u00e9curit\u00e9 des\npersonnes et des biens, de proc\u00e9der \u00e0 la captation, \u00e0 l'enregistrement et \u00e0 la transmission d'images au\nmoyen de cam\u00e9ras install\u00e9es sur des a\u00e9ronefs aux fins d'assurer la s\u00e9curit\u00e9 des personnes et des biens\net pr\u00e9venir les troubles \u00e0 l'ordre public dans le cadre des op\u00e9rations de r\u00e9tablissement de l'ordre\npublic ; que notamment, le 2\u00b0 de l'article L. 242-5 susvis\u00e9 pr\u00e9voit que ces dispositifs peuvent \u00eatre mis\nen \u0153uvre au titre de la s\u00e9curit\u00e9 des rassemblements de personnes sur la voie publique ou dans les lieux\nouverts au public ainsi que de l'appui des personnels au sol, en vue de leur permettre de maintenir ou\nde r\u00e9tablir l'ordre public, lorsque ces rassemblements sont susceptibles d'entra\u00eener des troubles graves\n\u00e0 l'ordre public ; \nConsid\u00e9rant  que, compte tenu du risque de troubles \u00e0 l'ordre public durant le rassemblement, de\nl'ampleur de la zone \u00e0 s\u00e9curiser, de l'int\u00e9r\u00eat de disposer d'une vision en grand angle pour permettre le\nmaintien et le r\u00e9tablissement de l'ordre public tout en limitant l'engagement des forces au sol, le\nrecours  aux  dispositifs  de  captation  install\u00e9s  sur  l'h\u00e9licopt\u00e8re  et  sur  l'a\u00e9ronef  t\u00e9l\u00e9-pilot\u00e9  sont\nn\u00e9cessaires  et  adapt\u00e9s ;  qu'il  n'existe  pas  de  dispositif  moins  intrusif  permettant  de  parvenir  aux\nm\u00eames fins ;\nCabinet de la pr\u00e9f\u00e8te \u2013 Direction des s\u00e9curit\u00e9s\nLe bureau de la s\u00e9curit\u00e9 int\u00e9rieure\npref-cabinet-prefet@ain.gouv.fr \n1/2\n01_Pref_Pr\u00e9fecture de l'Ain - 01-2025-09-09-00004 -  Arr\u00eat\u00e9 autorisant la captation, l'enregistrement et la transmission d'images au\nmoyen de cam\u00e9ras install\u00e9es sur des a\u00e9ronefs 112\nConsid\u00e9rant que ce type de rassemblement regroupant un grand nombre de v\u00e9hicules et de personnes\npeut provoquer des troubles \u00e0 l'ordre public ;\nConsid\u00e9rant  que  la  demande  porte  sur  l'engagement  d'une  cam\u00e9ra  a\u00e9roport\u00e9e  pendant  cette\np\u00e9riode ; que les lieux surveill\u00e9s sont strictement limit\u00e9s  au d\u00e9partement de l'Ain  ; que la dur\u00e9e de\nl'autorisation est \u00e9galement strictement limit\u00e9e \u00e0 la dur\u00e9e estim\u00e9e du rassemblement  ; qu'au regard\ndes circonstances sus-mentionn\u00e9es, la demande n'appara\u00eet pas disproportionn\u00e9e ;\nConsid\u00e9rant l'urgence et sur le fait que l'information du public entrerait en contradiction avec les\nobjectifs poursuivis par le pr\u00e9sent arr\u00eat\u00e9, le recours \u00e0 la captation, l'enregistrement et la transmission\nd'images ne fera pas l'objet d'une information par plusieurs moyens adapt\u00e9s ; \nSur proposition de la directrice de cabinet de la pr\u00e9f\u00e8te ;\nARR\u00caTE\nArticle 1er La captation, l'enregistrement et la transmission d'images par le groupement de gendarmerie\nd\u00e9partementale  de  l'Ain,  sont  autoris\u00e9s  au  titre  de  la  pr\u00e9vention  des  atteintes  \u00e0  la  s\u00e9curit\u00e9  des\npersonnes et des biens dans des lieux particuli\u00e8rement expos\u00e9s, en raison de leurs caract\u00e9ristiques ou\ndes faits qui s'y sont d\u00e9j\u00e0 d\u00e9roul\u00e9s, ainsi que la protection des b\u00e2timents et installations publics et de\nleurs  abords  imm\u00e9diats,  lorsqu'ils  sont  particuli\u00e8rement  expos\u00e9s  \u00e0  des  risques  d'intrusion  ou  de\nd\u00e9gradation, en l'appui des personnels au sol, en vue de leur permettre de maintenir ou de r\u00e9tablir\nl'ordre public.\nArticle  2  \u2013  Le  nombre  maximal  de  cam\u00e9ras  pouvant  proc\u00e9der  simultan\u00e9ment  aux  traitements\nmentionn\u00e9s \u00e0 l'article 1er est fix\u00e9 \u00e0 une.\nArticle 3 \u2013 La pr\u00e9sente autorisation est d\u00e9livr\u00e9e pour la dur\u00e9e estim\u00e9e du mouvement contestataire,\nsoit  le 10 septembre 2025 de 08 heures 00 \u00e0 23 heures 00.\nArticle 4 \u2013 L'information du public est assur\u00e9e comme suit  : publication du pr\u00e9sent arr\u00eat\u00e9 au recueil\ndes actes administratifs ;\nArticle 5 \u2013  Le registre mentionn\u00e9 \u00e0 l'article L. 242-4 du Code de la s\u00e9curit\u00e9 int\u00e9rieure est transmis au\npr\u00e9fet de l'Ain.\nArticle 6 \u2013 Le pr\u00e9sent arr\u00eat\u00e9 est publi\u00e9 au recueil des actes administratifs de la pr\u00e9fecture et peut faire\nl'objet d'un recours devant le tribunal administratif de Lyon dans un d\u00e9lai de deux mois \u00e0 compter de\nsa publication.\nArticle 7 \u2013  La secr\u00e9taire g\u00e9n\u00e9rale, sous-pr\u00e9f\u00e8te de l'arrondissement de Bourg-en-Bresse, les sous-pr\u00e9fets des\narrondissements de Belley, de Gex et de Nantua, le colonel, commandant le groupement de gendarmerie de\nl'Ain, sont charg\u00e9s, chacun en ce qui les concerne, de l'ex\u00e9cution de la pr\u00e9sente d\u00e9cision.\nBourg-en-Bresse, le 09 septembre 2025\nLa pr\u00e9f\u00e8te,\nSign\u00e9 : Chantal MAUCHET\nCabinet de la pr\u00e9f\u00e8te \u2013 Direction des s\u00e9curit\u00e9s\nLe bureau de la s\u00e9curit\u00e9 int\u00e9rieure\npref-cabinet-prefet@ain.gouv.fr \n2/2\n01_Pref_Pr\u00e9fecture de l'Ain - 01-2025-09-09-00004 -  Arr\u00eat\u00e9 autorisant la captation, l'enregistrement et la transmission d'images au\nmoyen de cam\u00e9ras install\u00e9es sur des a\u00e9ronefs 113\n01_Pref_Pr\u00e9fecture de l'Ain\n01-2025-09-09-00003\nArr\u00eat\u00e9 autorisant la captation, l'enregistrement\net la transmission d'images au moyen de\ncam\u00e9ras install\u00e9es sur des a\u00e9ronefs \n01_Pref_Pr\u00e9fecture de l'Ain - 01-2025-09-09-00003 - Arr\u00eat\u00e9 autorisant la captation, l'enregistrement et la transmission d'images au\nmoyen de cam\u00e9ras install\u00e9es sur des a\u00e9ronefs 114\nE 3PR\u00c9F\u00c8TEDE L'AINLibert\u00e9Egalit\u00e9Fraternit\u00e9\nCabinet de la pr\u00e9f\u00e8te \nDirection des s\u00e9curit\u00e9s\nBureau de la s\u00e9curit\u00e9 int\u00e9rieure\nArr\u00eat\u00e9 autorisant la captation, l'enregistrement et la transmission \nd'images au moyen de cam\u00e9ras install\u00e9es sur des a\u00e9ronefs\nLa pr\u00e9f\u00e8te de l'Ain,\nChevalier de la L\u00e9gion d'honneur\nOfficier de l'ordre national du M\u00e9rite\nVU le Code de la s\u00e9curit\u00e9 int\u00e9rieure  et notamment ses articles L. 242-1 \u00e0 L. 242-8 et R. 242-8 \u00e0 R. 242-\n14 ;\nVU le d\u00e9cret n\u00b0 2004-374 du 29 avril 2004 modifi\u00e9, relatif aux pouvoirs des pr\u00e9fets, \u00e0 l'organisation et \u00e0 l'action\ndes services de l'\u00c9tat dans les r\u00e9gions et d\u00e9partements ;\nVU le d\u00e9cret du 22 mars 2023 portant nomination de Mme Chantal MAUCHET, en qualit\u00e9 de pr\u00e9f\u00e8te de l'Ain ;\nVU l'arr\u00eat\u00e9 du ministre de l'Int\u00e9rieur et des outre-mer, en date du 19 avril 2023 relatif au nombre maximal de\ncam\u00e9ras  install\u00e9es  sur  des  a\u00e9ronefs  pouvant  \u00eatre  simultan\u00e9ment  utilis\u00e9es  dans  chaque  d\u00e9partement  et\ncollectivit\u00e9 d'outre-mer ;\nVU la demande du 09 septembre 2025, form\u00e9e par la direction d\u00e9partementale de la police nationale de l'Ain,\nvisant \u00e0 obtenir l'autorisation de capter, d'enregistrer et de  transmettre des images au moyen d'une\ncam\u00e9ra install\u00e9e sur un a\u00e9ronef t\u00e9l\u00e9-pilot\u00e9 aux fins d'assurer la s\u00e9curit\u00e9 des rassemblements de personnes sur la\nvoie publique ou dans des lieux ouverts au public pouvant se d\u00e9rouler le 10 septembre 2025 \u00e0 la suite d'un appel\n\u00e0 manifester et au blocage susceptible d'entra\u00eener des troubles graves \u00e0 l'ordre public sur les communes de\nBourg-en-Bresse et d'Oyonnax ;\nConsid\u00e9rant que les dispositions susvis\u00e9es permettent aux forces de s\u00e9curit\u00e9 int\u00e9rieure, dans l'exercice\nde leurs missions de pr\u00e9vention des atteintes \u00e0 l'ordre public et de protection de la s\u00e9curit\u00e9 des\npersonnes et des biens, de proc\u00e9der \u00e0 la captation, \u00e0 l'enregistrement et \u00e0 la transmission d'images au\nmoyen de cam\u00e9ras install\u00e9es sur des a\u00e9ronefs aux fins d'assurer la s\u00e9curit\u00e9 des personnes et des biens\net pr\u00e9venir les troubles \u00e0 l'ordre public dans le cadre des op\u00e9rations de r\u00e9tablissement de l'ordre\npublic ; que notamment, le 2\u00b0 de l'article L. 242-5 susvis\u00e9 pr\u00e9voit que ces dispositifs peuvent \u00eatre mis\nen \u0153uvre au titre de la s\u00e9curit\u00e9 des rassemblements de personnes sur la voie publique ou dans les lieux\nouverts au public ainsi que de l'appui des personnels au sol, en vue de leur permettre de maintenir ou\nde r\u00e9tablir l'ordre public, lorsque ces rassemblements sont susceptibles d'entra\u00eener des troubles graves\n\u00e0 l'ordre public ; \nConsid\u00e9rant  que, compte tenu du risque de troubles \u00e0 l'ordre public durant le rassemblement, de\nl'ampleur de la zone \u00e0 s\u00e9curiser, de l'int\u00e9r\u00eat de disposer d'une vision en grand angle pour permettre le\nmaintien et le r\u00e9tablissement de l'ordre public tout en limitant l'engagement des forces au sol, le\nrecours  aux  dispositifs  de  captation  install\u00e9s  sur  l'h\u00e9licopt\u00e8re  et  sur  l'a\u00e9ronef  t\u00e9l\u00e9-pilot\u00e9  sont\nn\u00e9cessaires  et  adapt\u00e9s ;  qu'il  n'existe  pas  de  dispositif  moins  intrusif  permettant  de  parvenir  aux\nm\u00eames fins ;\nConsid\u00e9rant que ce type de rassemblement regroupant un grand nombre de v\u00e9hicules et de personnes\npeut provoquer des troubles \u00e0 l'ordre public ;\nCabinet de la pr\u00e9f\u00e8te \u2013 Direction des s\u00e9curit\u00e9s\nLe bureau de la s\u00e9curit\u00e9 int\u00e9rieure\npref-cabinet-prefet@ain.gouv.fr \n1/2\n01_Pref_Pr\u00e9fecture de l'Ain - 01-2025-09-09-00003 - Arr\u00eat\u00e9 autorisant la captation, l'enregistrement et la transmission d'images au\nmoyen de cam\u00e9ras install\u00e9es sur des a\u00e9ronefs 115\nConsid\u00e9rant  que  la  demande  porte  sur  l'engagement  d'une  cam\u00e9ra  a\u00e9roport\u00e9e  pendant  cette\np\u00e9riode ;  que  les  lieux  surveill\u00e9s  sont  strictement  limit\u00e9s  aux  communes  de  Bourg-en-Bresse  et\nd'Oyonnax ; que la dur\u00e9e de l'autorisation est \u00e9galement strictement limit\u00e9e \u00e0 la dur\u00e9e estim\u00e9e du\nrassemblement ;  qu'au  regard  des  circonstances  sus-mentionn\u00e9es,  la  demande  n'appara\u00eet  pas\ndisproportionn\u00e9e ;\nConsid\u00e9rant l'urgence et sur le fait que l'information du public entrerait en contradiction avec les\nobjectifs poursuivis par le pr\u00e9sent arr\u00eat\u00e9, le recours \u00e0 la captation, l'enregistrement et la transmission\nd'images ne fera pas l'objet d'une information par plusieurs moyens adapt\u00e9s ; \nSur proposition de la directrice de cabinet de la pr\u00e9f\u00e8te ;\nARR\u00caTE\nArticle 1er La captation, l'enregistrement et la transmission d'images par la direction d\u00e9partementale\nde la police nationale de l'Ain, sont autoris\u00e9s au titre de la pr\u00e9vention des atteintes \u00e0 la s\u00e9curit\u00e9 des\npersonnes et des biens dans des lieux particuli\u00e8rement expos\u00e9s, en raison de leurs caract\u00e9ristiques ou\ndes faits qui s'y sont d\u00e9j\u00e0 d\u00e9roul\u00e9s, ainsi que la protection des b\u00e2timents et installations publics et de\nleurs  abords  imm\u00e9diats,  lorsqu'ils  sont  particuli\u00e8rement  expos\u00e9s  \u00e0  des  risques  d'intrusion  ou  de\nd\u00e9gradation, en l'appui des personnels au sol, en vue de leur permettre de maintenir ou de r\u00e9tablir\nl'ordre public.\nArticle  2  \u2013  Le  nombre  maximal  de  cam\u00e9ras  pouvant  proc\u00e9der  simultan\u00e9ment  aux  traitements\nmentionn\u00e9s \u00e0 l'article 1er est fix\u00e9 \u00e0 une.\nArticle 3 \u2013 La pr\u00e9sente autorisation est d\u00e9livr\u00e9e pour la dur\u00e9e estim\u00e9e du mouvement contestataire,\nsoit le 10 septembre 2025 de 08 heures 00 \u00e0 23 heures 00, sur les communes de Bourg-en-Bresse, Saint-\nDenis-les-Bourg, Viriat, P\u00e9ronnas, Oyonnax, Bellignat et Arbent. \nArticle 4 \u2013 L'information du public est assur\u00e9e comme suit  : publication du pr\u00e9sent arr\u00eat\u00e9 au recueil\ndes actes administratifs.\nArticle 5 \u2013  Le registre mentionn\u00e9 \u00e0 l'article L. 242-4 du Code de la s\u00e9curit\u00e9 int\u00e9rieure est transmis au\npr\u00e9fet de l'Ain.\nArticle 6 \u2013 Le pr\u00e9sent arr\u00eat\u00e9 est publi\u00e9 au recueil des actes administratifs de la pr\u00e9fecture et peut faire\nl'objet d'un recours devant le tribunal administratif de Lyon dans un d\u00e9lai de deux mois \u00e0 compter de\nsa publication.\nArticle 7 \u2013  La secr\u00e9taire g\u00e9n\u00e9rale, sous-pr\u00e9f\u00e8te de l'arrondissement de Bourg-en-Bresse, les sous-pr\u00e9fets des\narrondissements de Belley, de Gex et de Nantua, le directeur d\u00e9partemental de la police nationale de l'Ain,\nsont charg\u00e9s, chacun en ce qui les concerne, de l'ex\u00e9cution de la pr\u00e9sente d\u00e9cision.\nBourg-en-Bresse, le 09 septembre 2025\nLa pr\u00e9f\u00e8te,\nPour la pr\u00e9f\u00e8te,\nLa sous-pr\u00e9f\u00e8te, directrice de cabinet,\nSign\u00e9 : Marianne TESSA\nCabinet de la pr\u00e9f\u00e8te \u2013 Direction des s\u00e9curit\u00e9s\nLe bureau de la s\u00e9curit\u00e9 int\u00e9rieure\npref-cabinet-prefet@ain.gouv.fr \n2/2\n01_Pref_Pr\u00e9fecture de l'Ain - 01-2025-09-09-00003 - Arr\u00eat\u00e9 autorisant la captation, l'enregistrement et la transmission d'images au\nmoyen de cam\u00e9ras install\u00e9es sur des a\u00e9ronefs 116\n01_Pref_Pr\u00e9fecture de l'Ain\n01-2025-09-09-00005\nportant diverses mesures d'interdiction\ndu mardi 09 septembre 2025 \u00e0 18h00 au jeudi 11\nseptembre 2025 \u00e0 08h00\nsur l'ensemble du d\u00e9partement de l'Ain\n01_Pref_Pr\u00e9fecture de l'Ain - 01-2025-09-09-00005 - portant diverses mesures d'interdiction\ndu mardi 09 septembre 2025 \u00e0 18h00 au jeudi 11 septembre 2025 \u00e0 08h00\nsur l'ensemble du d\u00e9partement de l'Ain\n117\n| |PREFETEDE LAINLibert\u00e9Egalit\u00e9Fraternit\u00e9\nCabinet de la pr\u00e9f\u00e8te\nDirection des s\u00e9curit\u00e9s\nBureau de la s\u00e9curit\u00e9 int\u00e9rieure\nARR\u00caT\u00c9\nportant diverses mesures d'interdiction\ndu mardi 09 septembre 2025 \u00e0 18h00 au jeudi 11 septembre 2025 \u00e0 08h00\nsur l'ensemble du d\u00e9partement de l'Ain\n       La pr\u00e9f\u00e8te de l'Ain,\nVU le code g\u00e9n\u00e9ral des collectivit\u00e9s territoriales, et notamment son article L.2215-1 ;\nVU le Code p\u00e9nal, notamment ses articles 322-11-1 2\u00b0 et R.610-5 ;\nVU le Code de la sant\u00e9 publique ;\nVU la loi n\u00b0 82-213 du 2 mars 1982 relative aux droits et libert\u00e9s des communes, des d\u00e9partements\net des r\u00e9gions, et notamment son article 34 ;\nVU le d\u00e9cret n\u00b0 2004-374 du 29 avril 2004 modifi\u00e9, relatif aux pouvoirs des pr\u00e9fets, \u00e0 l'organisation\net \u00e0 l'action des services de l'\u00c9tat dans les r\u00e9gions et d\u00e9partements ;\nVU le d\u00e9cret du 22 mars 2023 portant nomination de Mme Chantal MAUCHET , en qualit\u00e9 de pr\u00e9f\u00e8te de l'Ain ;\nCONSID\u00c9RANT  que du mardi 9 septembre 2025 au 11 septembre 2025 des rassemblements de\npersonnes avec des blocages et des d\u00e9gradations sont susceptibles de se produire sur la voie\npublique ;\nCONSID\u00c9RANT que, par ailleurs, toutes les mesures doivent \u00eatre prises pour pr\u00e9venir les d\u00e9lits li\u00e9s\n\u00e0 la consommation d'alcool et notamment les violences et tapages sur la voie publique, ainsi que la\nsurvenance des incendies volontaires et des d\u00e9gradations, ou pour en limiter les cons\u00e9quences ;\nCONSID\u00c9RANT que le tir de feux d'artifice et de p\u00e9tards sur la voie publique sans autorisation est\nsusceptible de provoquer des blessures ;\nCONSID\u00c9RANT que le 10 septembre 2025 aura lieu une journ\u00e9e d'action pour laquelle plusieurs appels\nfont explicitement r\u00e9f\u00e9rence \u00e0 des blocages, des d\u00e9gradations et des violences ; qu'il existe un risque\ns\u00e9rieux que des rassemblements non d\u00e9clar\u00e9s de nature \u00e0 troubler l'ordre public aient lieu \u00e0 cette\noccasion et que des individus fassent un usage d\u00e9tourn\u00e9 de certains artifices de divertissement,\nnotamment \u00e0 l'encontre des forces de l'ordre, des v\u00e9hicules et des biens publics ; que l'usage d\u00e9tourn\u00e9\nde certains artifices de divertissement est de nature \u00e0 cr\u00e9er des d\u00e9sordres et des mouvements de\npanique ; qu'il est n\u00e9cessaire de pr\u00e9venir les d\u00e9gradations de biens publics ou priv\u00e9s ainsi que les\nd\u00e9sordres et les mouvements de panique engendr\u00e9s par la projection de ces \u00e9l\u00e9ments dans une foule\nou sur les forces de s\u00e9curit\u00e9 int\u00e9rieure ;\nCONSID\u00c9RANT la n\u00e9cessit\u00e9 de pr\u00e9venir ces d\u00e9sordres par des mesures adapt\u00e9es et limit\u00e9es dans le\ntemps,  compl\u00e9tant  les  restrictions  nationales  et  permanentes  d'acquisition,  de  d\u00e9tention  et\nd'utilisation des artifices de divertissements con\u00e7us pour \u00eatre lanc\u00e9s par un mortier, ma\nCONSID\u00c9RANT que le niveau \u00e9lev\u00e9 et la pr\u00e9gnance de la menace terroriste mobilisent les forces\nde s\u00e9curit\u00e9 int\u00e9rieure pour assurer la s\u00e9curisation g\u00e9n\u00e9rale du d\u00e9partement de l'Ain dans le cadre\ndu plan VIGIPIRATE port\u00e9 au niveau \u00ab  urgence attentat \u00bb depuis le 24 mars 2024 sur l'ensemble du\nterritoire national ;\n          45, Avenue Alsace-Lorraine -  CS 80400 - 01012  BOURG-EN-BRESSE CEDEX      \n   T\u00e9l\u00e9phone : 04.74.32.30.00  \n  Site internet : www.ain.gouv.fr\n  \n01_Pref_Pr\u00e9fecture de l'Ain - 01-2025-09-09-00005 - portant diverses mesures d'interdiction\ndu mardi 09 septembre 2025 \u00e0 18h00 au jeudi 11 septembre 2025 \u00e0 08h00\nsur l'ensemble du d\u00e9partement de l'Ain\n118\nCat\u00e9gorie(s) concern\u00e9e (s)Type d'article pyrotechnique destin\u00e9 au divertissement\nBatterie n\u00e9cessitant un support externe\nCombinaison\nCombinaison n\u00e9cessitant un support externeP\u00e9tard a\u00e9rienP\u00e9tard \u00e0 compositionflash\nFus\u00e9e\nChandelle romaine\nChandelle monocoup\nF3\nF2 et F3\nF2 et F3\nF2et F3\nF2et F3\nCONSID\u00c9RANT  qu'il  appartient  \u00e0  l'autorit\u00e9  de  police  comp\u00e9tente  de  prendre  les  mesures\nadapt\u00e9es, n\u00e9cessaires et proportionn\u00e9es visant \u00e0 garantir la s\u00e9curit\u00e9 des personnes et des biens  ;\nqu'une  mesure  r\u00e9glementant  temporairement  la  cession  des  artifices  de  divertissements,  des\narticles pyrotechniques les plus dangereux et du carburant, ainsi que le port et transport par des\nparticuliers \u00e0 l'occasion de la journ\u00e9e de mobilisation du 10 septembre 2025 ;\nSUR proposition de Madame la directrice de cabinet ;\nArr\u00eat\u00e9     :   \nArticle 1     :   Du mardi 09 septembre 2025 \u00e0 18h00, au jeudi 11 septembre 2025 \u00e0 08h00, sont interdits sur\nl'ensemble du d\u00e9partement de l'Ain :\n\u2013 la distribution, la vente et l'achat de carburant \u00e0 emporter en bidon ou autre r\u00e9cipient\ntransportable ; \n\u2013 le transport d'acide et de tous produits inflammables ou chimiques ;\n\u2013 le port d'objets destin\u00e9s \u00e0 dissimuler tout ou partie du visage afin de ne pas \u00eatre identifi\u00e9 ;\n\u2013 la d\u00e9tention et l'usage de fumig\u00e8nes ; \n\u2013 la  vente,  la  d\u00e9tention  et  l'usage  des  artifices  de  divertissement  des  cat\u00e9gories  2  et  3\nfigurants sur la liste fix\u00e9e par l'arr\u00eat\u00e9 du 17 d\u00e9cembre 2021 portant application des articles\nL.557-10-1 et R.557-6-14-1 du Code de l'environnement relatifs aux articles pyrotechniques \ndestin\u00e9s au divertissement, et rappel\u00e9s dans le tableau suivant :\nArticle 2     :   Par d\u00e9rogation de l'article 1, les interdictions li\u00e9es aux artifices de divertissement mentionn\u00e9s\nne concernent pas :\n-  l'utilisation  des  artifices  de  divertissement  mentionn\u00e9s  lorsqu'ils  rentrent  dans  le  cadre  d'un\n\u00e9v\u00e8nement organis\u00e9 par une commune ou autoris\u00e9 sur la voie publique par une commune ;\n- le  transport  des  artifices  de  divertissement  mentionn\u00e9s  s'il  est  r\u00e9alis\u00e9  par  un  professionnel  du\ntransport ou de l'artifice de divertissement suivant la r\u00e9glementation en vigueur.\nCabinet de la pr\u00e9f\u00e8te \nDirection des s\u00e9curit\u00e9s\nBureau de la s\u00e9curit\u00e9 int\u00e9rieure \npref-cabinet-prefet@ain.gouv.fr / 04 74 32 59 55 \n2\n01_Pref_Pr\u00e9fecture de l'Ain - 01-2025-09-09-00005 - portant diverses mesures d'interdiction\ndu mardi 09 septembre 2025 \u00e0 18h00 au jeudi 11 septembre 2025 \u00e0 08h00\nsur l'ensemble du d\u00e9partement de l'Ain\n119\nArticle 3     :   En application de l'article L.2353-10 du Code de la D\u00e9fense, le port ou le transport, sans\nmotif l\u00e9gitime, d'artifices non d\u00e9tonants est puni de six mois d'emprisonnement et de 7  500 euros\nd'amende.\nArticle 4     :   L'importation ou l'exportation en provenance ou \u00e0 destination des pays tiers \u00e0 l'Union\neurop\u00e9enne, ou l'introduction ou l'exp\u00e9dition en provenance ou \u00e0 destination des \u00c9tats membres de\nl'Union europ\u00e9enne, par toute personne physique ou morale, d'articles pyrotechniques mentionn\u00e9s \u00e0\nl'article 1 du pr\u00e9sent arr\u00eat\u00e9 est subordonn\u00e9e aux prescriptions fix\u00e9es aux articles R.2352-23 et suivant\ndu  Code  de  la  D\u00e9fense.  Le  non-respect  de  cette  disposition  assimilable  \u00e0  une  importation  en\ncontrebande,  am\u00e8nera  \u00e0  l'interdiction  de  stockage  et  de  vente  des  artifices  et  divertissement\nill\u00e9galement rentr\u00e9s sur le territoire.\nArticle 5     : Tout contrevenant \u00e0 cette interdiction est passible des sanctions p\u00e9nales pr\u00e9vues aux \narticles 431-9 et R. 610-5 du Code p\u00e9nal.\nArticle 6     :   Le pr\u00e9sent arr\u00eat\u00e9 peut faire l'objet d'un recours devant le tribunal administratif de Lyon dans\nun d\u00e9lai de deux mois \u00e0 compter de sa publication, conform\u00e9ment \u00e0 l'article R.421-1 du Code de justice\nadministrative.  Le  tribunal  administratif  peut  \u00eatre  saisi  d'une  requ\u00eate  d\u00e9pos\u00e9e  sur  le  site\nwww.telerecours.fr.\nArticle 7     :   La secr\u00e9taire g\u00e9n\u00e9rale de la pr\u00e9fecture, sous-pr\u00e9f\u00e8te de l'arrondissement de Bourg-en-Bresse,\nles sous-pr\u00e9fets des arrondissements de Belley, de Gex et de Nantua, le directeur d\u00e9partemental de la\npolice nationale, le colonel, commandant le groupement de gendarmerie d\u00e9partementale de l'Ain, le\nchef divisionnaire de l'Ain de la direction r\u00e9gionale des douanes, les maires de l'Ain, sont charg\u00e9s,\nchacun en ce qui le concerne, de l'ex\u00e9cution du pr\u00e9sent arr\u00eat\u00e9 qui sera publi\u00e9 au recueil des actes\nadministratifs de la pr\u00e9fecture.\nBourg-en-Bresse, le 9 septembre 2025\nLa pr\u00e9f\u00e8te,\nPour la pr\u00e9f\u00e8te,\nLa sous-pr\u00e9f\u00e8te, directrice de cabinet\nSign\u00e9 : Marianne TESSA\nCabinet de la pr\u00e9f\u00e8te \nDirection des s\u00e9curit\u00e9s\nBureau de la s\u00e9curit\u00e9 int\u00e9rieure \npref-cabinet-prefet@ain.gouv.fr / 04 74 32 59 55 \n3\n01_Pref_Pr\u00e9fecture de l'Ain - 01-2025-09-09-00005 - portant diverses mesures d'interdiction\ndu mardi 09 septembre 2025 \u00e0 18h00 au jeudi 11 septembre 2025 \u00e0 08h00\nsur l'ensemble du d\u00e9partement de l'Ain\n120","date":"2025-09-09","first_seen_on":"2025-09-09T13:05:09+00:00","id":"4affade5bfbbd7132afd7b3ddb462b1414af2ee02bbe24ba3c13fb3205f74918","name":"recueil-01-2025-286-recueil-des-actes-administratifs-special 09-09-2025","pdf_creation_date":"2025-09-09T13:01:06+00:00","pdf_modification_date":null,"timezone":"Europe/Paris","url":"https://www.ain.gouv.fr/contenu/telechargement/33141/231862/file/recueil-01-2025-286-recueil-des-actes-administratifs-special%2009-09-2025.pdf"}
