{"administration":"pref37","administration_name":"Pr\u00e9fecture d\u2019Indre-et-Loire","content":"INDRE-ET-LOIRE\nRECUEIL DES ACTES\nADMINISTRATIFS SP\u00c9CIAL\nN\u00b037-2025-06010\nPUBLI\u00c9 LE  4 JUIN 2025\nSommaire\nPr\u00e9fecture d'Indre et Loire / Direction des S\u00e9curit\u00e9s\n37-2025-06-02-00006 - 20250604-RAA- interdiction temporaire\nrassemblements festifs (2 pages) Page 3\n37-2025-06-03-00004 - 20250604-RAA- interdiction transport son (2 pages) Page 6\n2\nPr\u00e9fecture d'Indre et Loire\n37-2025-06-02-00006\n20250604-RAA- interdiction temporaire\nrassemblements festifs\nPr\u00e9fecture d'Indre et Loire - 37-2025-06-02-00006 - 20250604-RAA- interdiction temporaire rassemblements festifs 3\nDirection des S\u00e9curit\u00e9s \nService Interminist\u00e9riel de D\u00e9fense et de Protection Civiles\nARR\u00caT\u00c9 n\u00b0 SIDPC-2025-049\nPortant interdiction temporaire de rassemblements festifs \u00e0 caract\u00e8re musical \n(Teknival, rave party) dans le d\u00e9partement d'Indre-et-Loire\nLe pr\u00e9fet d'Indre-et-Loire\nChevalier de la L\u00e9gion d'honneur\nChevalier de l'Ordre National du M\u00e9rite\nVU  le Code g\u00e9n\u00e9ral des collectivit\u00e9s territoriales, notamment son article L. 2215-1 ;\nVU le Code de la s\u00e9curit\u00e9 int\u00e9rieure, notamment ses ar ticles L.211-5 \u00e0 L.211-8, L.211-15, R.211-2 \u00e0 R.211-9,\net R.211-27 \u00e0 R.211-30 ;\nVU  le Code p\u00e9nal ;\nVU  le Code de la sant\u00e9 publique et le Code de l'action sociale et des familles ;\nVU  la loi n\u00b02017-1510 du 30 octobre 2017 renfor\u00e7ant l a s\u00e9curit\u00e9 int\u00e9rieure et la lutte contre le\nterrorisme ;\nVU  le d\u00e9cret n\u00b02004-374 du 29 avril 2004 modifi\u00e9 rela tif aux pouvoirs des pr\u00e9fets, \u00e0 l'organisation et \u00e0\nl'action des services de l'\u00c9tat dans les r\u00e9gions et d\u00e9partements ;\nVU  le d\u00e9cret du 6 novembre 2024 portant nomination de  M. Thomas CAMPEAUX en qualit\u00e9 de pr\u00e9fet\nd'Indre-et-Loire ;\nVU  le d\u00e9cret du 9 d\u00e9cembre 2024 portant nomination de  M. Pierre-Ange SAVELLI en qualit\u00e9 de sous-\npr\u00e9fet, directeur de cabinet du pr\u00e9fet d'Indre-et-Loire ;\nVU  l'arr\u00eat\u00e9 du 30 d\u00e9cembre 2024 donnant d\u00e9l\u00e9gation de  signature \u00e0 M. Pierre-Ange SAVELLI, sous-\npr\u00e9fet directeur de cabinet du pr\u00e9fet d'Indre-et-Loire ;\nConsid\u00e9rant que,  selon  les  \u00e9l\u00e9ments  d'information  disponibles  et concordants  obtenus  par  le\nGroupement de Gendarmerie D\u00e9partemental, un ou plus ieurs rassemblements festifs \u00e0 caract\u00e8re\nmusical pouvant regrouper plusieurs milliers de par ticipants sont susceptibles de se d\u00e9rouler entre le\nvendredi 06 juin 2025 \u00e0 12h00 et le mardi 10 juin 2025 \u00e0 12h00 dans le d\u00e9partement d'Indre-et-Loire ;\nConsid\u00e9rant qu'en application des dispositions de l'article L. 211-5 du Code de la s\u00e9curit\u00e9 int\u00e9rieure, les\nrassemblements festifs \u00e0 caract\u00e8re musical sont sou mis \u00e0 l'obligation de d\u00e9claration pr\u00e9alable aupr\u00e8s\ndu Pr\u00e9fet du d\u00e9partement ;\nConsid\u00e9rant qu'aucune d\u00e9claration pr\u00e9alable n'a \u00e9t\u00e9 d\u00e9pos\u00e9e au pr\u00e8s de la Pr\u00e9fecture d'Indre-et-Loire,\npr\u00e9cisant le nombre pr\u00e9visible de participants ains i que les mesures envisag\u00e9es par l'organisateur pou r\ngarantir la s\u00e9curit\u00e9, la salubrit\u00e9, l'hygi\u00e8ne et la  tranquillit\u00e9 publiques alors m\u00eame qu'il en a l'obl igation\ndans le d\u00e9lai d'un mois avant la date pr\u00e9vue de la manifestation ;\nConsid\u00e9rant la n\u00e9cessit\u00e9 de pr\u00e9venir le risque \u00e9lev\u00e9 de troubl es \u00e0 l'ordre public ; que le nombre de\npersonnes attendues dans ce type de rassemblements est \u00e9lev\u00e9 ; que les moyens dont disposent les\nforces de s\u00e9curit\u00e9 int\u00e9rieures sont mobilis\u00e9s \u00e0 la s\u00e9curisation des axes routiers ; que les moyens\nappropri\u00e9s en mati\u00e8re de lutte contre l'incendie et  de secours aux personnes, ainsi qu'en mati\u00e8re de\ns\u00e9curit\u00e9 sanitaire et routi\u00e8re, ne peuvent \u00eatre r\u00e9unis ; que, dans ces conditions, lesdits rassembleme nts\ncomportent des risques s\u00e9rieux de d\u00e9sordre ;\nConsid\u00e9rant, en outre, l'urgence \u00e0 pr\u00e9venir les risques d'atteinte \u00e0 l'ordre et \u00e0 la tranquillit\u00e9 publique et\nles pouvoirs de police administrative g\u00e9n\u00e9rale que le pr\u00e9fet tient des dispositions de l'article L. 22 15-1\nsusvis\u00e9 du Code g\u00e9n\u00e9ral des collectivit\u00e9s territoriales ;\nPr\u00e9fecture d'Indre et Loire - 37-2025-06-02-00006 - 20250604-RAA- interdiction temporaire rassemblements festifs 4\nARR\u00caTE\nArticle  1er : La tenue des rassemblements festifs \u00e0 caract\u00e8re musical r\u00e9pondant \u00e0 l'ensemble des\ncaract\u00e9ristiques \u00e9nonc\u00e9es \u00e0 l'article R. 211-2 du C ode de la s\u00e9curit\u00e9 int\u00e9rieure, autres que ceux\nl\u00e9galement d\u00e9clar\u00e9s ou autoris\u00e9s, est interdite sur  l'ensemble du territoire du d\u00e9partement d'Indre-et -\nLoire, entre le vendredi 06 juin 2025 \u00e0 12h00  et le mardi 10 juin 2025 \u00e0 12h00.\nArticle 2 : Toute infraction au pr\u00e9sent arr\u00eat\u00e9 est passible des sanctions pr\u00e9vues par l'article R. 211-27 du\nCode de la s\u00e9curit\u00e9 int\u00e9rieure et peut donner lieu \u00e0 la saisie du mat\u00e9riel en vue de sa confiscation par le\ntribunal.\nArticle 3 : Le pr\u00e9sent arr\u00eat\u00e9 est susceptible, dans un d\u00e9lai de deux mois \u00e0 compter de sa notification ou\nde sa publication de faire l'objet :\n\u2022 d'un recours gracieux devant le pr\u00e9fet d'Indre-et-Loire ;\n\u2022 d'un recours hi\u00e9rarchique devant le ministre de l'Int\u00e9rieur ;\n\u2022 d'un recours contentieux devant le tribunal administratif d'Orl\u00e9ans \u2013 28, rue de la Bretonnerie \u2013\n45057 Orl\u00e9ans Cedex 1 par voie postale ou par voie d\u00e9mat\u00e9rialis\u00e9e via \u00ab t\u00e9l\u00e9recours citoyen \u00bb\naccessible sur le site Internet \nwww.telerecours.fr.\nArticle 4 : Le directeur de cabinet, la sous-pr\u00e9f\u00e8te de Chinon, le sous-pr\u00e9fet de Loches, le commandant\ndu groupement de gendarmerie d\u00e9partementale,  la dir ectrice interd\u00e9partementale de la police\nnationale d'Indre-et-Loire, sont charg\u00e9s, chacun en ce qui le concerne, de l'ex\u00e9cution du pr\u00e9sent arr\u00eat\u00e9,\nqui sera publi\u00e9 au recueil des actes administratifs  et sur le site internet des services de l'\u00c9tat dan s le\nd\u00e9partement d'Indre-et-Loire.\nFait \u00e0 TOURS, le 2 juin 2025\nPour le pr\u00e9fet et par d\u00e9l\u00e9gation,\nle directeur de cabinet,\nSign\u00e9 : Pierre-Ange SAVELLI\nPr\u00e9fecture d'Indre et Loire - 37-2025-06-02-00006 - 20250604-RAA- interdiction temporaire rassemblements festifs 5\nPr\u00e9fecture d'Indre et Loire\n37-2025-06-03-00004\n20250604-RAA- interdiction transport son\nPr\u00e9fecture d'Indre et Loire - 37-2025-06-03-00004 - 20250604-RAA- interdiction transport son 6\nDirection des S\u00e9curit\u00e9s \nService Interminist\u00e9riel de D\u00e9fense et de Protection Civiles\nARR\u00caT\u00c9 n\u00b0 SIDPC-2025-050\nPortant interdiction de circulation des v\u00e9hicules transportant du mat\u00e9riel de son \u00e0 \ndestination ou en provenance d'un rassemblement festif \u00e0 caract\u00e8re musical non  \nautoris\u00e9 dans le d\u00e9partement d'Indre-et-Loire\nLe pr\u00e9fet d'Indre-et-Loire\nChevalier de la L\u00e9gion d'honneur\nChevalier de l'Ordre National du M\u00e9rite\nVU  le Code g\u00e9n\u00e9ral des collectivit\u00e9s territoriales, notamment son article L. 2215-1 ;\nVU  le Code de la s\u00e9curit\u00e9 int\u00e9rieure, notamment ses a rticles L.211-5 \u00e0 L.211-8, L.211-15, R.211-2 \u00e0 R.211-8\net R.211-27 \u00e0 R.211-30 ;\nVU  le Code p\u00e9nal, notamment son article 431-9 ;\nVU  le Code de la route ;\nVU  le Code de la voirie routi\u00e8re ;\nVU  le d\u00e9cret n\u00b02004-374 du 29 avril 2004 modifi\u00e9 rela tif aux pouvoirs des pr\u00e9fets, \u00e0 l'organisation et \u00e0\nl'action des services de l'\u00c9tat dans les r\u00e9gions et d\u00e9partements ;\nVU  le d\u00e9cret du 6 novembre 2024 portant nomination de  M. Thomas CAMPEAUX en qualit\u00e9 de pr\u00e9fet\nd'Indre-et-Loire ;\nVU  le d\u00e9cret du 9 d\u00e9cembre 2024 portant nomination de  M. Pierre-Ange SAVELLI en qualit\u00e9 de sous-\npr\u00e9fet, directeur de cabinet du pr\u00e9fet d'Indre-et-Loire ;\nVU  l'arr\u00eat\u00e9 du 02 mars 2015 relatif \u00e0 l'interdiction de circulation des v\u00e9hicules de transport de\nmarchandises \u00e0 certaines p\u00e9riodes ;\nVU  l'arr\u00eat\u00e9 du 30 d\u00e9cembre 2024 donnant d\u00e9l\u00e9gation de  signature \u00e0 M. Pierre-Ange SAVELLI, sous-\npr\u00e9fet directeur de cabinet du pr\u00e9fet d'Indre-et-Loire ;\nVU  l'arr\u00eat\u00e9 pr\u00e9fectoral n\u00b0 SIDPC-2025-049 portant interdiction temporaire de rassemblements festifs \u00e0\ncaract\u00e8re musical (Teknival, rave party) du vendredi 06 juin 2025 \u00e0 12h00 au mardi 10 juin 2025 \u00e0 12h0 0\ndans le d\u00e9partement d'Indre-et-Loire ;\nConsid\u00e9rant  que, selon les renseignements obtenus par le Groupe ment de Gendarmerie d'Indre-et-\nLoire, un ou plusieurs rassemblements festifs \u00e0 car act\u00e8re musical pouvant regrouper plusieurs milliers\nde participants sont susceptibles de se d\u00e9rouler en tre le vendredi 06 juin 2025 \u00e0 12h00 et le mardi 10\njuin 2025 \u00e0 12h00 dans le d\u00e9partement d'Indre-et-Loire ;\nConsid\u00e9rant que cette manifestation n'a pas fait l'objet de la  d\u00e9claration en pr\u00e9fecture exig\u00e9e par la\nr\u00e9glementation en vigueur ;\nConsid\u00e9rant que les forces de s\u00e9curit\u00e9 ainsi que les moyens de secours ne pourront faire face en termes\nde moyens, \u00e0 une telle manifestation, susceptible d e s'installer sans autorisation pr\u00e9alable en divers\npoints du d\u00e9partement ;\nARR\u00caTE\n15, rue Bernard Palissy\n37925 Tours Cedex 9\nT\u00e9l. : 02 47 64 37 37\nM\u00e9l : prefecture@indre-et-loire.gouv.fr\nwww.indre-et-loire.gouv.fr 1/2\nPr\u00e9fecture d'Indre et Loire - 37-2025-06-03-00004 - 20250604-RAA- interdiction transport son 7\nArticle 1er : La circulation des v\u00e9hicules transportant du mat\u00e9riel susceptible d'\u00eatre ou d'avoir \u00e9t\u00e9 utilis\u00e9\npour une manifestation non autoris\u00e9e, notamment des groupes \u00e9lectrog\u00e8nes de puissance sup\u00e9rieure \u00e0\n10 kilovoltamp\u00e8res et de poids sup\u00e9rieur \u00e0 100 kg, sonorisation, sound system, amplificateurs, est\ninterdite sur l'ensemble des r\u00e9seaux routiers (r\u00e9se au routier national et r\u00e9seau secondaire), entre le\nvendredi 06 juin 2025 \u00e0 12h00 et le mardi 10 juin 2025 \u00e0 12h00 dans le d\u00e9partement d'Indre-et-Loire.\nArticle 2 : Les infractions au pr\u00e9sent arr\u00eat\u00e9 sont constat\u00e9es par proc\u00e8s-verbaux dress\u00e9s par les forces de\nl'ordre.\nArticle 3 : Le pr\u00e9sent arr\u00eat\u00e9 est susceptible, dans un d\u00e9lai de deux mois \u00e0 compter de sa notification ou\nde sa publication de faire l'objet :\n\u2022 d'un recours gracieux devant le pr\u00e9fet d'Indre-et-Loire ;\n\u2022 d'un recours hi\u00e9rarchique devant le ministre de l'Int\u00e9rieur ;\n\u2022 d'un recours contentieux devant le tribunal administratif d'Orl\u00e9ans \u2013 28, rue de la Bretonnerie \u2013\n45057 Orl\u00e9ans Cedex 1 par voie postale ou par voie d\u00e9mat\u00e9rialis\u00e9e via \u00ab t\u00e9l\u00e9recours citoyen \u00bb\naccessible sur le site Internet \nwww.telerecours.fr.\nArticle 4 : Le directeur de cabinet, la sous-pr\u00e9f\u00e8te de Chinon, le sous-pr\u00e9fet de Loches, le commandant\ndu groupement de gendarmerie d\u00e9partementale,  la dir ectrice interd\u00e9partementale de la police\nnationale d'Indre-et-Loire, sont charg\u00e9s, chacun en ce qui le concerne, de l'ex\u00e9cution du pr\u00e9sent arr\u00eat\u00e9,\nqui sera publi\u00e9 au recueil des actes administratifs  et sur le site internet des services de l'\u00c9tat dan s le\nd\u00e9partement d'Indre-et-Loire.\nFait \u00e0 TOURS, le 2 juin 2025\nPour le pr\u00e9fet et par d\u00e9l\u00e9gation,\nle directeur de cabinet,\nSign\u00e9 : Pierre-Ange SAVELLI\nPr\u00e9fecture d'Indre et Loire - 37-2025-06-03-00004 - 20250604-RAA- interdiction transport son 8","date":"2025-06-04","first_seen_on":"2025-09-16T01:34:49+00:00","id":"4b13ff1231e3b4077d4cfab6cbe9e45440c46952de8376df41506ec3c482cec7","name":"20250604-RAA sp\u00e9cial- Interdiction temporaire de rassemblements festifs et de transport de mat\u00e9riel de sons","pdf_creation_date":"2025-06-04T14:08:16+00:00","pdf_modification_date":null,"timezone":"Europe/Paris","url":"https://www.indre-et-loire.gouv.fr/contenu/telechargement/45844/318076/file/20250604-RAA%20sp%C3%A9cial-%20Interdiction%20temporaire%20de%20rassemblements%20festifs%20et%20de%20transport%20de%20mat%C3%A9riel%20de%20sons.pdf"}
