{"administration":"pref30","administration_name":"Pr\u00e9fecture du Gard","content":"PR\u00c9FET\nDU GARD\nRECUEIL DES ACTES\nADMINISTRATIFS SP\u00c9CIAL\nN\u00b030-2025-033\nPUBLI\u00c9 LE 25 F\u00c9VRIER 2025\nSommaire\nDirection d\u00e9partementale de l'\u00e9conomie, de l'emploi, du travail et des\nsolidarit\u00e9s  /\n30-2025-02-24-00003 - ADGM Innov' - d\u00e9cision portant d\u00e9livrance de\nl'agr\u00e9ment ESUS sign\u00e9e (2 pages) Page 3\n30-2025-02-24-00004 - APPLICATIFS COLLABORATIFS - d\u00e9cision portant\nd\u00e9livrance de l'agr\u00e9ment ESUS sign\u00e9e (2 pages) Page 6\nDirection D\u00e9partementale de la Protection des Populations du Gard  /\n30-2025-02-21-00002 - Arr\u00eat\u00e9 portant fixation des tarifs des courses en\ntaxi (7 pages) Page 9\nDIRECTION REGIONALE DE L'ENVIRONNEMENT DE\nL'AMENAGEMENT ET DU LOGEMENT -Occitanie (si\u00e8ge \u00e0 Toulouse) /\n30-2025-02-24-00001 - Abrogation AP DEP Abattage platanes (2 pages) Page 17\nPrefecture du Gard / Cabinet du pr\u00e9fet\n30-2025-02-19-00005 - Arr\u00eat\u00e9 portant attribution de la m\u00e9daille\nd'honneur des sapeurs-pompiers (3 pages) Page 20\nPrefecture du Gard / SIDPC\n30-2025-02-20-00005 - Arr\u00eat\u00e9 pr\u00e9fet30 Liste DSM 2025 (4 pages) Page 24\n2\nDirection d\u00e9partementale de l'\u00e9conomie, de\nl'emploi, du travail et des solidarit\u00e9s \n30-2025-02-24-00003\nADGM Innov' - d\u00e9cision portant d\u00e9livrance de\nl'agr\u00e9ment ESUS sign\u00e9e\nDirection d\u00e9partementale de l'\u00e9conomie, de l'emploi, du travail et des solidarit\u00e9s  - 30-2025-02-24-00003 - ADGM Innov' - d\u00e9cision\nportant d\u00e9livrance de l'agr\u00e9ment ESUS sign\u00e9e 3\nEE Direction D\u00e9partementale de l'Emploi,z du Travail et des Solidarit\u00e9sPREFETDU GARDLibert\u00e9Egalit\u00e9Fraternit\u00e9\nDECISION N\u00b0 30-2025-02-24PORTANT DELIVRANCE DE L'AGREMENT\u00ab ENTREPRISE SOLIDAIRE D'UTILITE SOCIALE \u00bb\nVu le Code du Travail, notamment ses articles L.3332-17-1 et R.3332-21-1 \u00e0 5:Vu la Loi n\u00b0 2014-856 du 31 juillet 2014relative \u00e0 l'\u00c9conomie Sociale et Solidaire,notamment ses articles 1, 2 et 11 (ce dernier codifi\u00e9 \u00e0 l'article L.3332-17-1 du Code dutravail); |Vu la Loi n\u00b02019-486 du 22 mai 2019 relative \u00e0 la croissance et \u00e0 la transformation desentreprises, notamment l'article 105 apportant des modifications \u00e0 la d\u00e9finition de l'utilit\u00e9sociale et \u00e0 l'agr\u00e9ment ESUS ;Vu le D\u00e9cret du Pr\u00e9sident de la R\u00e9publique du 13 juillet 2023 portant nomination deMonsieur J\u00e9r\u00f4me BONET en qualit\u00e9 de Pr\u00e9fet du Gard ;Vu l'Arr\u00e9t\u00e9 pris le 5 ao\u00fbt 2015 par le ministre en charge de l'\u00c9conomie sociale et solidaireet fixant la composition du dossier de demande d'agr\u00e9ment \u00ab entreprise solidaire d'utilit\u00e9sociale \u00bb ;Vu l'Arr\u00e9t\u00e9 pr\u00e9fectoral du 19 f\u00e9vrier 2024 portant d\u00e9signation et donnant d\u00e9l\u00e9gation designature a Madame Sophie BOUDOT, directrice d\u00e9partementale de l'emploi, du travail etdes solidarit\u00e9s du Gard,Vu l'Arr\u00eat\u00e9 de subd\u00e9l\u00e9gation de signature du 19 f\u00e9vrier 2025 aux agents de la directiond\u00e9partementale de l'emploi, du travail et des solidarit\u00e9s du Gard,Vu le dossier de demande d'agr\u00e9ment \u00ab Entreprise Solidaire d'Utilit\u00e9 Sociale \u00bb d\u00e9pos\u00e9complet le 3 janvier 2025 par l'EURL ADGM Innov' - Siret 981 847 288 000 17, sise : 303chemin du Mas Souchon - 30000 N\u00eemes ;CONSIDERANT QUE l'EURL ADGM Innov' pr\u00e9sente toutes les garanties mentionn\u00e9es parl'article L.3332-17-1-I du code du travail ;\nMas de l'Agriculture \u2014 1120 route de Saint Gilles \u2014 BP 39081 \u2014 30972 NIMES CEDEX 9T\u00e9l : 04 30 08 61 20 \u2014 Fax : 04 30 08 61 21 \u2014 www.gard.gouv.fr\nDirection d\u00e9partementale de l'\u00e9conomie, de l'emploi, du travail et des solidarit\u00e9s  - 30-2025-02-24-00003 - ADGM Innov' - d\u00e9cision\nportant d\u00e9livrance de l'agr\u00e9ment ESUS sign\u00e9e 4\nDECIDE\nARTICLE1: L'EURL ADGM Innov' est agr\u00e9\u00e9e en qualit\u00e9 d'entreprise solidaire d'utilit\u00e9sociale au sens de l'article L.3332-17-1 du code du travail.ARTICLE 2: Le pr\u00e9sent agr\u00e9ment est accord\u00e9 pour une dur\u00e9e de 2 ans \u00e0 compter de ladate de notification de la pr\u00e9sente d\u00e9cision.ARTICLE 3 : La pr\u00e9sente d\u00e9cision peut faire l'objet d'un recours dans un d\u00e9lai de deuxmois \u00e0 compter de la date de notification, selon les modalit\u00e9s suivantes :- Un recours administratif aupr\u00e8s de l'autorit\u00e9 auteur de la d\u00e9cision, adress\u00e9 a:Monsieur le Pr\u00e9fet du Gard,Direction d\u00e9partementale de l'emploi, du travail et des solidarit\u00e9sMas de l'Agriculture - 1120 route de Saint Gilles - BP 39084 - 30972 Nimes cedex 9.- Un recours hi\u00e9rarchique aupr\u00e8s de la secr\u00e9taire d'Etat charg\u00e9e de l'Economie Sociale etSolidaire, adress\u00e9 \u00e0 :Madame la Secr\u00e9taire d'\u00c9tat en charge de l'\u00c9conomie sociale et solidaire,Minist\u00e8re de l'\u00c9conomie, de l'Industrie et du Num\u00e9rique,D\u00e9l\u00e9gation interminist\u00e9rielle \u00e0 l'\u00c9conomie Sociale et SolidaireT\u00e9l\u00e9doc 151, 139 rue de Bercy, 75572 Paris Cedex 12 (T\u00e9l\u00e9phone : 01 40 04 04 04)- Un recours contentieux aupr\u00e8s du Tribunal administratif comp\u00e9tent, \u00e0 adresser a:Tribunal Administratif de N\u00eemes, 16 avenues Feuch\u00e8res, 30 000 N\u00eemes. Le tribunaladministratif peut \u00eatre saisi par l'application \u00ab T\u00e9l\u00e9recours citoyen \u00bb accessible sur lesite Internet www.telerecours.fr. | |Ce recours doit contenir les nom et adresse de l'EURL ADGM Innov', ainsi quel'expos\u00e9 bref des faits et des motifs pour lesquels la structure demande l'annulationde la pr\u00e9sente d\u00e9cision.ARTICLE 4: Le pr\u00e9sent r\u00e9c\u00e9piss\u00e9 sera publi\u00e9 au recueil des actes administratifs de lapr\u00e9fecture du Gard.Nimes, le 24 f\u00e9vrier 2025 le Pr\u00e9fet et par d\u00e9l\u00e9gation,directeur d\u00e9partemental adjointe l'emploi, du travaildes solidarit\u00e9s du Gard,\nnaud MORIN\nDirection d\u00e9partementale de l'\u00e9conomie, de l'emploi, du travail et des solidarit\u00e9s  - 30-2025-02-24-00003 - ADGM Innov' - d\u00e9cision\nportant d\u00e9livrance de l'agr\u00e9ment ESUS sign\u00e9e 5\nDirection d\u00e9partementale de l'\u00e9conomie, de\nl'emploi, du travail et des solidarit\u00e9s \n30-2025-02-24-00004\nAPPLICATIFS COLLABORATIFS - d\u00e9cision portant\nd\u00e9livrance de l'agr\u00e9ment ESUS sign\u00e9e\nDirection d\u00e9partementale de l'\u00e9conomie, de l'emploi, du travail et des solidarit\u00e9s  - 30-2025-02-24-00004 - APPLICATIFS\nCOLLABORATIFS - d\u00e9cision portant d\u00e9livrance de l'agr\u00e9ment ESUS sign\u00e9e 6\n| = Direction D\u00e9partementale de l'Emploi,z du Travail et des Solidarit\u00e9sPREFETDU GARDLibert\u00e9Egalit\u00e9Fraternit\u00e9\nDECISION N\u00b0 30-2025-02-24PORTANT DELIVRANCE DE L'AGREMENT\u00ab ENTREPRISE SOLIDAIRE D'UTILITE SOCIALE \u00bb\nVu le Code du Travail, notamment ses articles L.3332-17-1 et R.3332-21-1 \u00e0 5;Vu la Loi n\u00b0 2014-856 du 31 juillet 2014relative \u00e0 l'\u00c9conomie Sociale et Solidaire,notamment ses articles 1, 2 et 11 (ce dernier codifi\u00e9 \u00e0 l'article L.3332-17-1 du Code dutravail);Vu la Loi n\u00b02019-486 du 22 mai 2019 relative \u00e0 la croissance et \u00e0 la transformation desentreprises, notamment l'article 105 apportant des modifications \u00e0 la d\u00e9finition de l'utilit\u00e9sociale et \u00e0 l'agr\u00e9ment ESUS ;Vu le D\u00e9cret du Pr\u00e9sident de la R\u00e9publique du 13 juillet 2023 portant nomination deMonsieur J\u00e9r\u00f4me BONET en qualit\u00e9 de Pr\u00e9fet du Gard;Vu l'Arr\u00eat\u00e9 pris le 5 ao\u00fbt 2015 par le ministre en charge de l'\u00c9conomie sociale et solidaireet fixant la composition du dossier de demande d'agr\u00e9ment \u00ab entreprise solidaire d'utilit\u00e9sociale \u00bb ;Vu l'Arr\u00eat\u00e9 pr\u00e9fectoral du 19 f\u00e9vrier 2024 portant d\u00e9signation et donnant d\u00e9l\u00e9gation designature \u00e0 Madame Sophie BOUDOT, directrice d\u00e9partementale de l'emploi, du travail etdes solidarit\u00e9s du Gard,Vu l'Arr\u00eat\u00e9 de subd\u00e9l\u00e9gation de signature du 19 f\u00e9vrier 2025 aux agents de la directiond\u00e9partementale de l'emploi, du travail et des solidarit\u00e9s du Gard,Vu le dossier de demande d'agr\u00e9ment \u00abEntreprise Solidaire d'Utilit\u00e9 Sociale \u00bb d\u00e9pos\u00e9complet le 27 janvier 2025 par l'association APPLICATIFS COLLABORATIFS (AC) - Siret880 362 991 000 15, sise : 16 rue du Chateau \u2014 30730 MONTPEZAT ;CONSIDERANT QUE l'association APPLICATIFS COLLABORATIFS (AC) pr\u00e9sente toutes lesgaranties mentionn\u00e9es par l'article L.3332-17-1-1 du code du travail ;\nMas de l'Agriculture \u2014 1120 route de Saint Gilles \u2014 BP 39081 \u2014 30972 NIMES CEDEX 9T\u00e9l : 04 30 08 61 20 \u2014 Fax : 04 30 08 61 21 \u2014 www.gard.gouv.fr\nDirection d\u00e9partementale de l'\u00e9conomie, de l'emploi, du travail et des solidarit\u00e9s  - 30-2025-02-24-00004 - APPLICATIFS\nCOLLABORATIFS - d\u00e9cision portant d\u00e9livrance de l'agr\u00e9ment ESUS sign\u00e9e 7\nDECIDE\nARTICLE1: L'association APPLICATIFS COLLABORATIFS (AC) est agr\u00e9\u00e9e en qualit\u00e9d'entreprise solidaire d'utilit\u00e9 sociale au sens de l'article L.3332-17-1 du code du travail.ARTICLE 2: Le pr\u00e9sent agr\u00e9ment est accord\u00e9 pour une dur\u00e9e de 5 ans a compter de ladate de notification de la pr\u00e9sente d\u00e9cision.ARTICLE 3 : La pr\u00e9sente d\u00e9cision peut faire l'objet d'un recours dans un d\u00e9lai de deuxmois \u00e0 compter de la date de notification, selon les modalit\u00e9s suivantes :- Un recours administratif aupr\u00e8s de l'autorit\u00e9 auteur de la d\u00e9cision, adress\u00e9 a:Monsieur le Pr\u00e9fet du Gard,Direction d\u00e9partementale de l'emploi, du travail et des solidarit\u00e9sMas de l'Agriculture - 1120 route de Saint Gilles - BP 39084 \u2014 30972 Nimes cedex 9.- Un recours hi\u00e9rarchique aupr\u00e8s de la secr\u00e9taire d'Etat charg\u00e9e de l'Economie Sociale etSolidaire, adress\u00e9 \u00e0 :Madame la Secr\u00e9taire d'\u00c9tat en charge de l'\u00c9conomie sociale et solidaire,Minist\u00e8re de l'\u00c9conomie, de l'Industrie et du Num\u00e9rique,D\u00e9l\u00e9gation interminist\u00e9rielle \u00e0 l'\u00c9conomie Sociale et SolidaireT\u00e9l\u00e9doc 151, 139 rue de Bercy, 75572 Paris Cedex 12 (T\u00e9l\u00e9phone : 01 40 04 04 04)- Un recours contentieux aupr\u00e8s du Tribunal administratif comp\u00e9tent, \u00e0 adresser \u00e0:Tribunal Administratif de N\u00eemes, 16 avenues Feuch\u00e8res, 30 000 N\u00eemes. Le tribunaladministratif peut \u00eatre saisi par l'application \u00ab T\u00e9l\u00e9recours citoyen \u00bb accessible sur lesite Internet www.telerecours.fr.Ce recours doit contenir les nom et adresse de l'association APPLICATIFSCOLLABORATIFS (AC), ainsi que l'expos\u00e9 bref des faits et des motifs pour lesquels lastructure demande l'annulation de la pr\u00e9sente d\u00e9cision.ARTICLE 4: Le pr\u00e9sent r\u00e9c\u00e9piss\u00e9 sera publi\u00e9 au recueil des actes administratifs de lapr\u00e9fecture du Gard.\ni|||N\u00eemes, le 24 f\u00e9vrier 2025 |Pr\u00e9fet et par d\u00e9l\u00e9gation,recteur d\u00e9partemental adjointmploi, du travailsolidarit\u00e9s du Gard,\nP/ |Ledeet\nRenaud MORIN\nDirection d\u00e9partementale de l'\u00e9conomie, de l'emploi, du travail et des solidarit\u00e9s  - 30-2025-02-24-00004 - APPLICATIFS\nCOLLABORATIFS - d\u00e9cision portant d\u00e9livrance de l'agr\u00e9ment ESUS sign\u00e9e 8\nDirection D\u00e9partementale de la Protection des\nPopulations du Gard \n30-2025-02-21-00002\nArr\u00eat\u00e9 portant fixation des tarifs des courses en\ntaxi\nDirection D\u00e9partementale de la Protection des Populations du Gard  - 30-2025-02-21-00002 - Arr\u00eat\u00e9 portant fixation des tarifs des\ncourses en taxi 9\n4\n| af .PREFET DIRECTION DEPARTEMENTALEDE LA PROTECTION DES POPULATIONSDU GARD |Libert\u00e9\u00c9galit\u00e9Fraternit\u00e9 Arr\u00eat\u00e9 n\u00b0 2c . 225 02 -2i CC RFAPortant fixation des tarifs des courses en taxi dans le d\u00e9partement du Gard\nLe pr\u00e9fet du GardChevalier de la L\u00e9gion d'honneur,Chevalier de l'ordre national du M\u00e9rite\nVu le code du commerce, notamment son article L.410-2 ;Vu le code de la consommation, notamment ses articles L.112-1 \u00e0 L.112-3 ;Vu le code des transports, notamment ses articles L.3121-1 \u00e0 12 et L.3124-1 \u00e0 5:Vu la loi n\u00b0 87-588 du 30 juillet 1987 portant diverses mesures d'ordre social notammentson article 88 ; |Vu le d\u00e9cret n\u00b0 78-363 du 13 mars 1978 r\u00e9glementant la cat\u00e9gorie d'instruments demesures taxim\u00e8tres ;Vu le d\u00e9cret n\u00b02001-387 du 03 mai 2001 relatif au contr\u00f4le des instruments de mesure ;Vu le d\u00e9cret n\u00b02015-1252 du 7 octobre 2015 relatif aux tarifs des courses de taxis ;Vu le d\u00e9cret du 13 juillet 2023 nommant Monsieur J\u00e9r\u00f4me BONET, Pr\u00e9fet du Gard ;Vu l'arr\u00eate du Premier ministre et du ministre d'\u00c9tat de l'int\u00e9rieur du 8 janvier 2025nommant Monsieur Fr\u00e9d\u00e9ric FORNER, directeur d\u00e9partemental de la protection despopulations ;Vu l'arr\u00eat\u00e9 du 9 juin 2016 fixant les modalit\u00e9s d'application du titre Il du d\u00e9cret n\u00b0 2001-387 du 3 mai 2001 relatif au contr\u00f4le des instruments de mesure et notamment sonannexe |X;Vu l'arr\u00eat\u00e9 n\u00b083-50/A du 3 octobre 1983, relatif \u00e0 la publicit\u00e9 des prix de tous lesservices; \u2014Vu l'arr\u00e9t\u00e9 du 3 d\u00e9cembre 1987 relatif \u00e0 l'information du consommateur sur les prix ;Vu l'arr\u00eat\u00e9 du 18 juillet 2001 relatif aux taxim\u00e8tres en service ;VU l'arr\u00eat\u00e9 du 13 f\u00e9vrier 2009 relatif aux dispositifs r\u00e9p\u00e9titeurs lumineux de tarifs pour :taxis ;\nDirection D\u00e9partementale de la Protection des Populations du Gard  - 30-2025-02-21-00002 - Arr\u00eat\u00e9 portant fixation des tarifs des\ncourses en taxi 10\nVu l'arr\u00eat\u00e9 du 6 novembre 2015 relatif \u00e0 l'information du consommateur sur les tarifs descourses de taxi;Vu l'arr\u00eat\u00e9 du 30 juillet 2013 relatif \u00e0 la justification de la r\u00e9servation pr\u00e9alable des taxispr\u00e9vue \u00e0 l'article L.3121-11du code des transports ;Vu l'arr\u00eat\u00e9 du 22 janvier 2024 modifi\u00e9 relatif aux tarifs des courses de taxi ;Vu l'arr\u00eat\u00e9 du 20 janvier 2025 relatif aux tarifs des courses de taxi pour 2025:VU l'arr\u00eat\u00e9 pr\u00e9fectoral n\u00b02013-224-0004 du 12 ao\u00fbt 2013 portant d\u00e9finition descaract\u00e9ristiques de la plaque d'identification des taxis ;Vu l'arr\u00eat\u00e9 pr\u00e9fectoral n\u00b030-2024-01-31-00004 du 31 janvier 2024 portant fixation destarifs des courses en taxi dans le d\u00e9partement du Gard ;Vu l'arr\u00eat\u00e9 pr\u00e9fectoral n\u00b030-2025-01-27-00002 du 27 janvier 2025 donnant d\u00e9l\u00e9gation designature et mandat de repr\u00e9sentation \u00e0 Monsieur Fr\u00e9d\u00e9ric FORNER, directeurd\u00e9partemental de la protection des populations ;Vu l'arr\u00eat\u00e9 pr\u00e9fectoral n\u00b030-2025-02-05-00003 du 5 f\u00e9vrier 2025 portant subd\u00e9l\u00e9gation designature et habilitation \u00e0 la direction d\u00e9partementale de la protection des populations ;Apr\u00e8s consultation des organisations professionnelles de taxi du Gard ;ARRETE :Article 1\u00b0Sont soumis aux dispositions du pr\u00e9sent arr\u00eat\u00e9, les taxis du d\u00e9partement du Gard, tels qu'ilssont d\u00e9finis par les articles L3121-1 \u00e0 12 du code des transports et par ses textes d'applicationqui pr\u00e9voient qu'ils doivent \u00eatre munis de :1\u00b0 Un compteur horokilom\u00e9trique homologu\u00e9, dit \" taxim\u00e8tre \", conforme auxprescriptions du d\u00e9cret n\u00b02001-387 du 3 mai 2001 relatif au contr\u00f4le des instruments demesure ;2\u00b0 Un dispositif ext\u00e9rieur lumineux, dont les caract\u00e9ristiques sont fix\u00e9es par le ministrecharg\u00e9 de l'industrie, qui s'illumine en vert lorsque le taxi est libre et en rouge lorsque celui-ciest en charge ou r\u00e9serv\u00e9. Il doit notamment comporter la mention \" taxi \" ainsi que le ressortg\u00e9ographique de son autorisation de stationnement sur sa face avant ;3\u00b0 Une plaque fix\u00e9e au v\u00e9hicule et visible de l'ext\u00e9rieur indiquant le num\u00e9ro del'autorisation de stationnement ainsi que son ressort g\u00e9ographique tel qu'il est d\u00e9fini parl'autorit\u00e9 comp\u00e9tente pour d\u00e9livrer l'autorisation de stationnement ;Ils sont, en outre, munis de:1\u00b0 Une imprimante, connect\u00e9e au taxim\u00e8tre, permettant l'\u00e9dition automatis\u00e9e d'unenote informant le client du prix total \u00e0 payer conform\u00e9ment aux textes d'application del'article L. 112-1 du code de la consommation ;\nDirection D\u00e9partementale de la Protection des Populations du Gard  - 30-2025-02-21-00002 - Arr\u00eat\u00e9 portant fixation des tarifs des\ncourses en taxi 11\n2\u00b0 Un terminal de paiement \u00e9lectronique, mentionn\u00e9 \u00e0 l'article L. 3121-1 du code destransports, en \u00e9tat de fonctionnement et visible, tenu a la disposition du client, afin depermettre au prestataire de services de paiement d'accomplir l'obligation d'informationpr\u00e9vue a l'article L. 314-14 du code mon\u00e9taire et financier.\nArticle 2Les prix maxima, toutes taxes comprises, de transport de personnes par taxis sont fix\u00e9scomme suit, dans le d\u00e9partement du Gard:1\u00b0 prise en charge : 2,90 \u20ac;2\u00b0 tarif horaire (attente ou marche lente) : 29,90 \u20ac (valeur de la chute : 0,1 \u20ac)3\u00b0 tarifs kilom\u00e9triquesTableau des tarifs (valeur de la chute : 0,1 \u20ac)La lampe ext\u00e9rieure indiquantTarif Caract\u00e9ristiques du Tarifs kilom\u00e9triques |le tarif doit \u00eatre allum\u00e9e detransport (\u20ac) mani\u00e8re automatique, visibleet non ambigu\u00ebCourse de jourA avec retour en charge |1,09 A blanche7 heures \u00e0 19 heuresCourse de nuitB avec retour en charge 11,56 B orange19 heures \u00e0 7 heuresCourse de jourC avec retour \u00e0 vide 2,18 C bleue7 heures \u00e0 19 heuresCourse de nuitD avec retour \u00e0 vide 3,12 D verte19 heures \u00e0 7 heures\nArticle 3Quel que soit le montant indiqu\u00e9 au compteur, pour les courses de petites distances le tarifminimum, suppl\u00e9ments inclus, susceptible d'\u00eatre per\u00e7u, est fix\u00e9 \u00e0 8 \u20ac.\nArticle 4L'application des tarifs de nuit est autoris\u00e9e de jour lorsque sont r\u00e9unies les deux conditionssuivantes : |- routes effectivement enneig\u00e9es ou verglac\u00e9es ;- Utilisation d'\u00e9quipements sp\u00e9ciaux (pneumatiques antid\u00e9rapants dits \"pneus hiver\").\nDirection D\u00e9partementale de la Protection des Populations du Gard  - 30-2025-02-21-00002 - Arr\u00eat\u00e9 portant fixation des tarifs des\ncourses en taxi 12\nArticle 5Dispositions g\u00e9n\u00e9rales :Les suppl\u00e9ments suivants peuvent \u00eatre per\u00e7us :1\u00b0 Bagages : un suppl\u00e9ment de 2 \u20ac peut \u00eatre per\u00e7u pour chacun des bagages suivants :- ceux ne pouvant \u00eatre transport\u00e9s dans le coffre ou dans l'habitacle duv\u00e9hicule et n\u00e9cessitant l'utilisation d'un \u00e9quipement ext\u00e9rieur ;- les valises, ou bagages de taille \u00e9quivalente, au-del\u00e0 de trois valises, oubagages de taille \u00e9quivalente, par passager.2\u00b0 Transport \u00e0 partir de la cinqui\u00e8me personne majeure ou mineure :__ - suppl\u00e9ment de 4 \u20ac par personne.3\u00b0 Le tarif de jour est applicable de 7 heures \u00e0 19 heures et le tarif de nuit de 19 heuresa 7 heures. Le tarif de nuit est \u00e9galement appliqu\u00e9 les dimanches et jours f\u00e9ri\u00e9s.4\u00b0 Le conducteur de taxi doit :- mettre le taxim\u00e8tre en position de fonctionnement d\u00e8s le d\u00e9but de lacourse et en position dv \u00e0 la fin de la course ;- signaler au client tout changement de tarif intervenant pendant lacourse ;- laisser le taxim\u00e8tre visible de la client\u00e8le pendant toute la dur\u00e9e de lacourse ;- emprunter, sauf demande expresse du client, l'itin\u00e9raire le plus direct etle plus favorable \u00e0 ce dernier.5\u00b0 Le dispositif lumineux ext\u00e9rieur est allum\u00e9 en vert lorsque le taxi est libre etuniquement dans le ressort g\u00e9ographique de son autorisation de stationnement. Il estallum\u00e9 en rouge lorsque le taxi est en charge ou dispose d'une r\u00e9servation pr\u00e9alable.\nArticle 6Pour toutes les courses r\u00e9alis\u00e9es par un taxi, quel que soit le montant du prix, le passagerpeut payer dans le v\u00e9hicule par carte bancaire.Article 7L'acc\u00e8s au taxi est autoris\u00e9 aux chiens guides d'aveugle ou d'assistance accompagnant lespersonnes titulaires de la carte \"mobilit\u00e9 inclusion\" portant les mentions \"invalidit\u00e9\" et \"prio-rit\u00e9\" ou la personne charg\u00e9e de leur \u00e9ducation pendant toute leur p\u00e9riode de formation.La pr\u00e9sence du chien guide d'aveugle ou d'assistance aux c\u00f4t\u00e9s de la personne handicap\u00e9ene doit pas entra\u00eener de facturation suppl\u00e9mentaire dans l'acc\u00e8s au taxi et dans la prestationfournie. Article 8Les taxim\u00e8tres sont soumis \u00e0 la v\u00e9rification primitive, \u00e0 la v\u00e9rification p\u00e9riodique et \u00e0 lasurveillance pr\u00e9vue au d\u00e9cret n\u00b02001-387 du 03 mai 2001, suivant les modalit\u00e9s fix\u00e9es parl'arr\u00eat\u00e9 du 18 juillet 2001.\nDirection D\u00e9partementale de la Protection des Populations du Gard  - 30-2025-02-21-00002 - Arr\u00eat\u00e9 portant fixation des tarifs des\ncourses en taxi 13\nArticle 9La lettre majuscule \"E\" de couleur bleue (hauteur minimale 10 mm) sera appos\u00e9e sur lecadran du taxim\u00e8tre apr\u00e8s adaptation aux tarifs pour l'ann\u00e9e 2025.\nArticle 10Conform\u00e9ment aux dispositions de l'arr\u00eat\u00e9 minist\u00e9riel du 3 d\u00e9cembre 1987, les tarifs etconditions g\u00e9n\u00e9rales pratiqu\u00e9s doivent \u00eatre affich\u00e9s de fa\u00e7on parfaitement visible et lisiblede toutes les places \u00e0 l'int\u00e9rieur du v\u00e9hicule.Conform\u00e9ment aux dispositions de l'arr\u00eat\u00e9 minist\u00e9riel du 6 novembre 2015 relatif \u00e0l'information du consommateur sur les tarifs des courses de taxi, l'affichage doit comporterles mentions suivantes :1\u00b0 Les taux horaires et kilom\u00e9triques en vigueur et leurs conditions d'application ;2\u00b0 Les montants et les conditions d'application de la prise en charge et dessuppl\u00e9ments ;3\u00b0 Le cas \u00e9ch\u00e9ant, les montants des forfaits et leurs conditions d'application ;4\u00b0 Les conditions dans lesquelles la d\u00e9livrance d'une note est obligatoire ou facultative\nLA\n5\u00b0 L'information selon laquelle le consommateur peut demander que la notementionne son nom ainsi que le lieu de d\u00e9part et le lieu d'arriv\u00e9e de la course :6\u00b0 L'information selon laquelle le consommateur peut r\u00e9gler la course par cartebancaire ;7\u00b0 L'adresse postale suivante, \u00e0 laquelle peut \u00eatre adress\u00e9e une r\u00e9clamation :Direction d\u00e9partementale de la protection des populationsMas de l'Agriculture - 1120 route de Saint-Gilles - CS 1002930023 NIMES CEDEX 01\nArticle 11La d\u00e9livrance d'une note pour toute course d'un montant sup\u00e9rieur ou \u00e9gal \u00e0 25 \u20ac estobligatoire, dans les conditions pr\u00e9vues par l'arr\u00eat\u00e9 minist\u00e9riel du 15 juillet 2010 modifiantl'arr\u00eat\u00e9 n\u00b083-50/A du 3 octobre 1983, relatif \u00e0 la publicit\u00e9 des prix de tous les services.L'original est remis au client. Le double est conserv\u00e9 par le chauffeur pendant 2 ans.La note facultative pour un montant de course inf\u00e9rieur \u00e0 25 \u20ac devient obligatoire \u00e0 lademande expresse d'un client.1\u00b0 Sont mentionn\u00e9s au moyen de l'imprimante mentionn\u00e9e au 1\u00b0 du II de l'article R.3121-1 du code des transports :- la date de r\u00e9daction de la note ;- les heures de d\u00e9but et fin de la course ;- le nom ou la d\u00e9nomination sociale du prestataire ou de sa soci\u00e9t\u00e9 ;- le num\u00e9ro d'immatriculation du v\u00e9hicule de taxi ;- le montant de la course minimum ;- le prix de la course toutes taxes comprises hors suppl\u00e9ments ;\nDirection D\u00e9partementale de la Protection des Populations du Gard  - 30-2025-02-21-00002 - Arr\u00eat\u00e9 portant fixation des tarifs des\ncourses en taxi 14\n- l'adresse postale suivante, \u00e0 laquelle peut \u00eatre adress\u00e9e une r\u00e9clamation :Direction d\u00e9partementale de la protection des populationsMas de l'Agriculture - 1120 route de Saint-Gilles \u2014 CS 1002930023 NIMES CEDEX 012\u00b0 Sont soit imprim\u00e9s, soit port\u00e9s de mani\u00e8re manuscrite :- la somme totale \u00e0 payer toutes taxes comprises, qui inclut les suppl\u00e9ments ;- le d\u00e9tail de chacun des suppl\u00e9ments pr\u00e9vus \u00e0 l'article 5 du pr\u00e9sent arr\u00eat\u00e9. Ced\u00e9tail est pr\u00e9c\u00e9d\u00e9 de la mention \u00ab suppl\u00e9ment(s) \u00bb ;3\u00b0A la demande du client, sont soit imprim\u00e9s, soit port\u00e9s de mani\u00e8re manuscrite :- le nom du client ;- le lieu de d\u00e9part et le lieu d'arriv\u00e9e de la course.\nArticle 12Conform\u00e9ment \u00e0 l'arr\u00eat\u00e9 minist\u00e9riel du 30 juillet 2013 relatif \u00e0 la justification de la r\u00e9servationpr\u00e9alable des taxis pr\u00e9vue \u00e0 l'article L3121-11 du code des transports, lorsqu'un v\u00e9hicule eststationn\u00e9 en attente de client\u00e8le en dehors du ressort g\u00e9ographique de son autorisation destationnement, la justification de la r\u00e9servation pr\u00e9alable du taxi est apport\u00e9e par laproduction d'un support papier ou \u00e9lectronique comportant obligatoirement lesinformations mentionn\u00e9es ci-apr\u00e8s :- nom ou d\u00e9nomination sociale et coordonn\u00e9es de la soci\u00e9t\u00e9 exer\u00e7ant l'activit\u00e9d'exploitant de taxis;- num\u00e9ro d'inscription au registre du commerce et des soci\u00e9t\u00e9s ou au r\u00e9pertoire desm\u00e9tiers;- nom et coordonn\u00e9es t\u00e9l\u00e9phoniques du client sollicitant une prestation de transport;- date et heure de la r\u00e9servation pr\u00e9alable effectu\u00e9e par le client;- date et heure de la prise en charge souhait\u00e9es par le client ;- lieu de prise en charge indiqu\u00e9 par le client.\nArticle 13Toutes infractions aux dispositions du pr\u00e9sent arr\u00eat\u00e9 seront constat\u00e9es, poursuivies etr\u00e9prim\u00e9es conform\u00e9ment \u00e0 la l\u00e9gislation en vigueur.Article 14L'arr\u00eat\u00e9 pr\u00e9fectoral n\u00b0 30-2024-01-31-00004 du 31 janvier 2024 portant fixation des tarifs descourses en taxi dans le d\u00e9partement du Gard est abrog\u00e9.\nArticle 15Le pr\u00e9sent arr\u00eat\u00e9 fait l'objet d'une information aux membres de la commission locale destransports publics particuliers de personnes du Gard pr\u00e9vue \u00e0 l'article D.3120-21 du code destransports.Le secr\u00e9taire g\u00e9n\u00e9ral de la Pr\u00e9fecture du Gard, le sous-Pr\u00e9fet d'Al\u00e9s, la sous-Pr\u00e9f\u00e9te du Vigan,le directeur d\u00e9partemental de la protection des populations, le g\u00e9n\u00e9ral commandant legroupement de gendarmerie du Gard, le directeur interd\u00e9partemental de la police nationale,\nDirection D\u00e9partementale de la Protection des Populations du Gard  - 30-2025-02-21-00002 - Arr\u00eat\u00e9 portant fixation des tarifs des\ncourses en taxi 15\nsont charg\u00e9s, chacun en ce qui le concerne, de l'ex\u00e9cution du pr\u00e9sent arr\u00eat\u00e9 qui est publi\u00e9 aurecueil des actes administratifs de la Pr\u00e9fecture.\nN\u00eemes, le A f\u00e9vrier 2025\nPour le Pr\u00e9fet et par d\u00e9l\u00e9gation,le directeur d\u00e9partementalde la pr tpction des populations\nFr\u00e9\nDirection D\u00e9partementale de la Protection des Populations du Gard  - 30-2025-02-21-00002 - Arr\u00eat\u00e9 portant fixation des tarifs des\ncourses en taxi 16\nDIRECTION REGIONALE DE L'ENVIRONNEMENT\nDE L'AMENAGEMENT ET DU LOGEMENT\n-Occitanie (si\u00e8ge \u00e0 Toulouse)\n30-2025-02-24-00001\nAbrogation AP DEP Abattage platanes\nDIRECTION REGIONALE DE L'ENVIRONNEMENT DE L'AMENAGEMENT ET DU LOGEMENT -Occitanie (si\u00e8ge \u00e0 Toulouse) -\n30-2025-02-24-00001 - Abrogation AP DEP Abattage platanes 17\nExPREFETDU GARDLibert\u00e9Egalit\u00e9Fraternit\u00e9\nDirection r\u00e9gionale de l'environnement,\nde l'am\u00e9nagement et du logement\nd'Occitanie\nArr\u00eat\u00e9 pr\u00e9fectoral n\u00b0 30-2025-01 portant abrogation de l'arr\u00eat\u00e9 pr\u00e9fectoral DREAL-DBMC-\n2020-209-001 du 27 juillet 2020 de d\u00e9rogation aux interdictions relatives aux esp\u00e8ces  \nprot\u00e9g\u00e9es\n  LE PR\u00c9FET DU GARD\nCHEVALIER DE LA L\u00c9GION D'HONNEUR\nCHEVALIER DE L'ORDRE NATIONAL DU M\u00c9RITE\n \nVu le Code de l'environnement et notamment ses articles L 411-1 et L 411-2 ;\nVu l'arr\u00eat\u00e9  pr\u00e9fectoral  n\u00b0  DREAL-DBMC-2020-209-001  du  27  juillet  2020  de  d\u00e9rogation  aux \ninterdictions  relatives  aux  esp\u00e8ces  de  faune  sauvage  prot\u00e9g\u00e9es,  accord\u00e9  \u00e0  la  Direction \nInterd\u00e9partementale des Routes M\u00e9diterran\u00e9e pour la s\u00e9curisation de la RN113 au niveau de  \nla travers\u00e9e de la commune d'Aigues-Vives  pour l'abattage de 126 platanes dans le cadre  \nd'un projet de s\u00e9curisation routi\u00e8re ;\nVu le Porter \u00e0 connaissance en date du 14 octobre 2024 de la Direction Interd\u00e9partementale  \ndes Routes M\u00e9diterran\u00e9e indiquant la mise en place d'une solution alternative \u00e0 l'abattage  \ndes platanes par un syst\u00e8me de retenue et le renoncement \u00e0 l'op\u00e9ration d'abattage ;\nSur proposition du Directeur R\u00e9gional de l'Environnement, de l'Am\u00e9nagement et du Logement ; \nARR\u00caTE\nArticle 1er : \nL'arr\u00eat\u00e9 pr\u00e9fectoral n\u00b0 DREAL-DBMC-2020-209-001 du 27 juillet 2020 portant d\u00e9rogation aux \ninterdictions relatives aux esp\u00e8ces de faune sauvage prot\u00e9g\u00e9es, accord\u00e9e pour la s\u00e9curisation de la \nRN113 au niveau de la travers\u00e9e d'Aigues-Vives, \u00e0 la Direction Interd\u00e9partementale des Routes  \nM\u00e9diterran\u00e9e, est abrog\u00e9.\nDirection r\u00e9gionale de l'environnement,\nde l'am\u00e9nagement et du logement d'Occitanie\n520 all\u00e9e Henri II de Montmorency - CS 69007 \n34064 Montpellier - Cedex 02\nhttp://www.occitanie.developpement-durable.gouv.fr/ \nDIRECTION REGIONALE DE L'ENVIRONNEMENT DE L'AMENAGEMENT ET DU LOGEMENT -Occitanie (si\u00e8ge \u00e0 Toulouse) -\n30-2025-02-24-00001 - Abrogation AP DEP Abattage platanes 18\nArticle 2 : Droits de recours et informations des tiers\nLes droits des tiers sont et demeurent express\u00e9ment r\u00e9serv\u00e9s.\nLe pr\u00e9sent arr\u00eat\u00e9 est notifi\u00e9 au demandeur et publi\u00e9 au recueil des actes administratifs de la  \npr\u00e9fecture du Gard.\nLa pr\u00e9sente d\u00e9cision peut faire l'objet d'un recours contentieux devant le Tribunal administratif de  \nN\u00eemes dans le d\u00e9lai des deux mois suivant sa publication au recueil des actes administratifs.\nDans le m\u00eame d\u00e9lai, un recours gracieux peut \u00eatre form\u00e9 devant le pr\u00e9fet du Gard, ou un recours  \nhi\u00e9rarchique devant la ministre de la Transition \u00e9cologique, de la Biodiversit\u00e9, de la For\u00eat, de la Mer  \net de la P\u00eache \u2013 Direction g\u00e9n\u00e9rale de l'am\u00e9nagement, du logement et de la nature \u2013 Tour S\u00e9quo\u00efa \u2013 \n92055 La D\u00e9fense CEDEX. Dans ce cas, le recours contentieux pourra \u00eatre introduit dans les deux  \nmois suivant la r\u00e9ponse (le silence gard\u00e9 pendant deux mois vaut rejet de la demande).\nArticle 3 : Ex\u00e9cution\nLe secr\u00e9taire g\u00e9n\u00e9ral de la pr\u00e9fecture, le directeur r\u00e9gional de l'environnement de l'am\u00e9nagement  \net du logement Occitanie, le directeur d\u00e9partemental des territoires et de la mer, le chef du service \nd\u00e9partemental  de  l'Office  fran\u00e7ais  de  la  biodiversit\u00e9,  le  commandant  du  groupement  de \ngendarmerie sont charg\u00e9s, chacun en ce qui le concerne, de l'ex\u00e9cution du pr\u00e9sent arr\u00eat\u00e9.\nFait \u00e0 N\u00eemes, \nLe pr\u00e9fet,\npour le pr\u00e9fet et par d\u00e9l\u00e9gation\nle secr\u00e9taire g\u00e9n\u00e9ral\nYann GERARD\nDIRECTION REGIONALE DE L'ENVIRONNEMENT DE L'AMENAGEMENT ET DU LOGEMENT -Occitanie (si\u00e8ge \u00e0 Toulouse) -\n30-2025-02-24-00001 - Abrogation AP DEP Abattage platanes 19\nPrefecture du Gard\n30-2025-02-19-00005\nArr\u00eat\u00e9 portant attribution de la m\u00e9daille\nd'honneur des sapeurs-pompiers\nPrefecture du Gard - 30-2025-02-19-00005 - Arr\u00eat\u00e9 portant attribution de la m\u00e9daille d'honneur des sapeurs-pompiers 20\n|PREFET Cabinet du pr\u00e9fetDU GARD , ' =Bureau de la repr\u00e9sentation de l'\u00c9tatLibert\u00e9Egalit\u00e9Fraternit\u00e9\nArr\u00eat\u00e9 n\u00b0portant attribution de lam\u00e9daille d'honneur des sapeurs-pompiersPromotion du 4 d\u00e9cembre 2024Le pr\u00e9fet du Gardchevalier de la L\u00e9gion d'honneur,chevalier de l'ordre national du M\u00e9rite,Vu le d\u00e9cret n\u00b062-1073 du 11 septembre 1962 fixant les conditions d'attribution de la m\u00e9dailled'honneur des sapeurs-pompiers ;Vu le d\u00e9cret n\u00b068-1055 du 29 novembre 1968 portant d\u00e9concentration en mati\u00e8red'attribution de la distinction susvis\u00e9e :Vu le d\u00e9cret n\u00b090-850 du 25 septembre 1990 portant dispositions communes \u00e0 l'ensembledes sapeurs-pompiers professionnels ;Vu le d\u00e9cret n\u00b095-384 du 12 avril 1995 modifiant certaines dispositions relatives auxsapeurs- pompiers ;Vu le d\u00e9cret n\u00b099-1039 du 10 d\u00e9cembre 1999 relatif aux sapeurs-pompiers volontaires ;Sur proposition de Madame la sous-pr\u00e9f\u00e8te, directrice de cabinet ;ARR\u00caTEArticle 1*: Des m\u00e9dailles d'honneur pour les \u00e9chelons Bronze, Argent, Or et Grand Or sontd\u00e9cern\u00e9es aux sapeurs-pompiers figurant dans la liste annex\u00e9e au pr\u00e9sent arr\u00eat\u00e9.Article 2 :Madame la sous-pr\u00e9f\u00e8te, directrice de cabinet, est charg\u00e9e de l'ex\u00e9cution dupr\u00e9sent arr\u00eat\u00e9 qui sera publi\u00e9 au recueil des actes administratifs de la pr\u00e9fecturedu Gard.\n1 9 FEV, 2025N\u00eemes, leLepr\u00e9fietjet,la $aus-pr\u00e9f\u00e8te\nMario:Oharlatie FUWRARD\nPrefecture du Gard - 30-2025-02-19-00005 - Arr\u00eat\u00e9 portant attribution de la m\u00e9daille d'honneur des sapeurs-pompiers 21\nM\u00e9dailles de BronzeMEDAILLES SAPEURS-POMPIERS (SP) / PROMOTION DU 04/12/2024INOM Pr\u00e9nom [Statut '\\Grade AffectationAUDRAS Ruben SPV Caporal-chef CEVENNES-AIGOUAL LA GRAND COMBEBAYLE Gregory SPV Sergent ICEVENNES-AIGOUAL LE VIGANBIEU Romain SPV Caporal-chef IGARRIGUES CAMARGUE ISOMMIERESCEBELIEU C\u00e9dric SPV Infirmier CEVENNES-AIGOUAL LEDIGNANCONRAZIER C\u00e9dric SPV Sergent-chef IGARRIGUES CAMARGUE VAUVERTDECOMBE Dorian SPV Caporal-chef VALLEE DU RH\u00d4NE LES ANGLESDEHAPIOT Anne SPP Infirmier VALLEE DU RH\u00d4NE PONT SAINT ESPRITDURIAUX J\u00e9r\u00e9my SPV Caporal-chef CEVENNES-AIGOUAL IGENOLHACESTOURNET Alain SPV Caporal-chef VALLEE DU RH\u00d4NE MEJANNES LE CLAPFOSSARD Cl\u00e9ment SPV Sergent VALLEE DU RH\u00d4NE BAGNOLS SUR CEZEFOURNIER Jason SPP Sergent VALLEE DU RH\u00d4NE BAGNOLS SUR CEZEIGIBERT J\u00e9r\u00e9my SPV Caporal-chef VALLEE DU RH\u00d4NE UZESGOURDON Jonathan SPV Caporal-chef VALLEE DU RH\u00d4NE FOURNESGUNDLACH David SPV Caporal IGARRIGUES CAMARGUE SOMMIERESKANNI Driss SPV Caporal-chef VALLEE DU RH\u00d4NE FOURNESLARNICOL Pierre SPV Caporal-chef CEVENNES-AIGOUAL (ALESLESIEUR Clement SPV Caporal-chef CEVENNES-AIGOUAL LEDIGNANLIMOUCHE J\u00e9r\u00e9my SPV Sergent VALLEE DU RH\u00d4NE FOURNESMAGNIN Thibault SPV Sergent VALLEE DU RH\u00d4NE MEJANNES LE CLAPMANCUSO Ga\u00ebl SPV Sergent-chef ICEVENNES-AIGOUAL ALESMARTIN Gr\u00e9gory SPV Caporal-chef IGARRIGUES CAMARGUE SAINT GENIES DE MALGOIRESMOUTON VELEINE Magali SPV Infirmier principal CEVENNES-AIGOUAL SAINT AMBROIXNIETTO Christopher SPV Caporal-chef VALLEE DU RH\u00d4NE BAGNOLS SUR CEZEPEIRANI Floriane SPV Caporal-chef VALLEE DU RH\u00d4NE BARJACRAMIREZ FERNANDEZ Julien SPV -|Sergent-chef VALLEE DU RH\u00d4NE BAGNOLS SUR CEZESARTORY Robin ISPV Sergent IGARRIGUES CAMARGUE VERGEZEISARZI Valentin SPV Sergent IGARRIGUES CAMARGUE SAINT GENIES DE MALGOIRESISIGNORET Franck SPV Caporal-chef VALLEE DU RH\u00d4NE FOURNESVIDAL Luc SPV Caporal-chef ~ JCEVENNES-AIGOUAL ALES\nM\u00e9dailles d'ArgentINOM Pr\u00e9nom tatut rade AffectationIARNOULD Magali SPV Sergente-cheffe IGARRIGUES CAMARGUE SOMMIERESIASTRUC Christine SPV Infirmier-chef DIRECTION SERVICE DE SANTEAUGEY Mathieu SPV Adjudant-chef VALLEE DU RH\u00d4NE FOURNESBARLET David SPP Adjudant VALLEE DU RH\u00d4NE BEAUCAIREBOULVIN Ana\u00ebl SPP Adjudant VALLEE DU RH\u00d4NE PONT SAINT ESPRITBRUSA Herv\u00e9 SPV Sergent-chef CEVENNES-AIGOUAL ALESCABANEL Romain SPV Caporal-chef IGARRIGUES CAMARGUE VAUVERTCALT Rapha\u00ebl SPP Adjudant VALLEE DU RH\u00d4NE PONT SAINT ESPRITCAPEAU Aur\u00e9lie SPP Caporal DIRECTION IGF FORMATIONCASTELL Nicolas SPP Adjudant N/ALLEE DU RH\u00d4NE BAGNOLS SUR CEZECOZZOLINO MATHIEU Annick SPV Sergent-chef VALLEE DU RH\u00d4NE LES ANGLESDE LUCA Anthony ISPV Adjudant IGARRIGUES CAMARGUE SAINT GENIES DE MALGOIRESDROUIN Arnaud SPP Adjudant IGARRIGUES CAMARGUE NIMESFAURE Dominique SPV Infirmier-chef VALLEE DU RH\u00d4NE BEAUCAIREFELGEIROLLES Guilhem SPP Lieutenant hors classe VALLEE DU RH\u00d4NE BAGNOLS SUR CEZEFODOUP FOTSO Louis SPP M\u00e9decin de classe exeptionnelle DIRECTION SERVICE DE SANTEGAUWE Wilfrid SPV Adjudant VALLEE DU RH\u00d4NE BAGNOLS SUR CEZEGONSIOR C\u00e9line SPV Sergente-cheffe CEVENNES-AIGOUAL LEDIGNANGORDOLO Laurent SPV Sergent-chef VALLEE DU RH\u00d4NE BAGNOLS SUR CEZEHILLAIRE Anne Marie SPV Infirmier-chef CEVENNES-AIGOUAL [SAINT AMBROIXHUHN Cl\u00e9mentine SPV Sergent-chef IGARRIGUES CAMARGUE SAINT GILLES,IVASSICH Jean-Marc SPV Sergent-chef VALLEE DU RH\u00d4NE BARJACJALAGUIER Cl\u00e9ment SPV Adjudant-chef IGARRIGUES CAMARGUE ISAINT GENIES DE MALGOIRESLABORDE Guillaume ISPV Adjudant-chef VALLEE DU RH\u00d4NE BARJACLICHTENSTEIN Jonathan SPV Sergent-chef IGARRIGUES CAMARGUE SAINT GILLESLOTTEAU Gr\u00e9gory SPV Sergent-chef GARRIGUES CAMARGUE VERGEZEMARSETTI Tony SPV Adjudant-chef IGARRIGUES CAMARGUE MARGUERITTESPORTERAT Didier SPV Infirmier-chef DIRECTION SERVICE DE SANTEPRADIER Nicolas SPV Sergent-chef VALLEE DU RH\u00d4NE LES ANGLESROCA C\u00e9dric SPV Adjudant IGARRIGUES CAMARGUE ISAINT GENIES DE MALGOIRESROCHE Arnaud SPP Adjudant CEVENNES-AIGOUAL ALESROLLAND Eric SPV Adjudant-chef VALLEE DU RH\u00d4NE FOURNESSAGIT S\u00e9bastien SPV Lieutenant CEVENNES-AIGOUAL LEDIGNANSERRE Alexandre SPV Sergent-chef VALLEE DU RH\u00d4NE BAGNOLS SUR CEZESIGNORI Jean-Marc SPV Adjudant CEVENNES-AIGOUAL LEDIGNANZENOU Edwige SPV Sergente-cheffe IGARRIGUES CAMARGUE SOMMIERES\nPrefecture du Gard - 30-2025-02-19-00005 - Arr\u00eat\u00e9 portant attribution de la m\u00e9daille d'honneur des sapeurs-pompiers 22\nM\u00e9dailles d'OrINOM Pr\u00e9nom tatut rade AffectationALPINO David SPP Sergent-chef ICEVENNES-AIGOUAL ALESBAGGIERI Richard SPP Adjudant-chef VALLEE DU RH\u00d4NE BAGNOLS SUR CEZEBOULANGER Bruno SPP Adjudant-chef IGARRIGUES CAMARGUE ISOMMIERESCASADO Yannick SPP Adjudant-chef ICEVENNES-AIGOUAL ALESCLAUZEL David SPP Adjudant-chef VALLEE DU RH\u00d4NE BARJACCREPAT Jackie SPV Adjudant-chef IGARRIGUES CAMARGUE [SAINT GENIES DE MALGOIRESDESSERTENNE Fabien SPV Sergent-chef VALLEE DU RH\u00d4NE BARJACDUPONT Christophe SPP Lieutenant 1\u00e9re classe VALLEE DU RH\u00d4NE BAGNOLS SUR CEZEDUPOUY James SPP Adjudant-chef IGARRIGUES CAMARGUE [VAUVERTGAUTHIER Lionel SPP Adjudant-chef CEVENNES-AIGOUAL SAINT AMBROIXGOUT S\u00e9bastien SPP Adjudant-chef ICEVENNES-AIGOUAL LEDIGNANIGRASSIN Bruno ISPP Adjudant-chef IGARRIGUES CAMARGUE SAINT GENIES DE MALGOIRESHAOUY Jean-Fran\u00e7ois SPP Adjudant-chef IGARRIGUES CAMARGUE MARGUERITTESIZQUIERDO-GENTES Audrey SPV Adjudant-chef IGARRIGUES CAMARGUE VAUVERTLARGUIER Patrick SPV Sergent-chef IGARRIGUES CAMARGUE [SAINT GENIES DE MALGOIRESLEVEQUE Fabrice SPP Adjudant-chef CEVENNES-AIGOUAL LEDIGNANLOCTIN Claude SPP Caporal-chef DIRECTION IGF OPERATIONS CODIS/CTAMEJEAN Guillaume SPP Adjudant-chef CEVENNES-AIGOUAL [SAINT HIPPOLYTE DU FORTPAYAN Michel SPV Capitaine VALLEE DU RH\u00d4NE UZESROGER Michael SPP Lieutenant de 1\u00e8re classe DIRECTION IGF PREVENTIONSAGNES Laurent SPV Adjudant-chef CEVENNES-AIGOUAL BESSEGES[TESTON S\u00e9bastien SPV Adjudant-chef CEVENNES-AIGOUAL SAINT AMBROIXVILLARET Olivier SPP Lieutenant de 1\u00e8re classe VALLEE DU RH\u00d4NE BEAUCAIRE\nM\u00e9dailles Grand OrOM Pr\u00e9nom Statut (Grade AffectationCHERBETIAN Michel SPP Lieutenant-colonel DIRECTION IGF PILOTAGE EVALUATION CONSEILCOUDENE G\u00e9rard SPV Adjudant-chef CEVENNES-AIGOUAL LEDIGNANFILHOL Jean Pierre SPV Sergent-chef CEVENNES-AIGOUAL LEDIGNANGIRAUD Fr\u00e9d\u00e9ric SPV Adjudant CEVENNES-AIGOUAL LA GRAND COMBEPAGES Jacques SPP Lieutenant-colonel CEVENNES-AIGOUAL LE GROUPEMENTPELE Pascal SPP Adjudant-chef IGARRIGUES CAMARGUE TERRES DE CAMARGUEROBBE Denis SPV Sergent-chef VALLEE DU RH\u00d4NE BARJACSAVIOT JEAN PIERRE SPP Lieutenant de 1\u00e8re classe VALLEE DU RH\u00d4NE BAGNOLS SUR CEZE\nPrefecture du Gard - 30-2025-02-19-00005 - Arr\u00eat\u00e9 portant attribution de la m\u00e9daille d'honneur des sapeurs-pompiers 23\nPrefecture du Gard\n30-2025-02-20-00005\nArr\u00eat\u00e9 pr\u00e9fet30 Liste DSM 2025\nPrefecture du Gard - 30-2025-02-20-00005 - Arr\u00eat\u00e9 pr\u00e9fet30 Liste DSM 2025 24\nPREFET . | Cabinet de la Pr\u00e9f\u00e8tepieiaa Direction des S\u00e9curit\u00e9s\u00c9galit\u00e9 SIDPCFraternit\u00e9 |\nArr\u00eat\u00e9 pr\u00e9fectoral n\u00b0 30-2025-02-20-d\u00e9terminant la liste annuelle d\u00e9partementale des m\u00e9decins habilit\u00e9s aux fonctionsde Directeurs de Secours M\u00e9dicaux (DSM) du Gard pour 2025\nLe pr\u00e9fet du GardChevalier de la L\u00e9gion d'Honneur,Chevalier de l'Ordre National du M\u00e9rite\nVu le code G\u00e9n\u00e9ral des Collectivit\u00e9s Territoriales Livre IV, titre Il, chapitre IV ;Vu le code de la Sant\u00e9 Publique et notamment son article R. 1424-26 ;Vu le code de la S\u00e9curit\u00e9 Int\u00e9rieure Livre VII, titre IV ;Vu l'arr\u00eat\u00e9 du Ministre de l'Int\u00e9rieur en date du 6 mai 2000 fixant les conditions d'aptitudem\u00e9dicale des sapeurs-pompiers professionnel et volontaires et les conditions d'exercicede la m\u00e9decine professionnelle et pr\u00e9ventive au sein des services d\u00e9partementaux d'in-cendie et de secours ; |Vu le d\u00e9cret n\u00b02010-146 du 16 f\u00e9vrier 2010 modifiant le d\u00e9cret n\u00b02004-374 du 29 avril 2004relatif aux pouvoirs des pr\u00e9fets, \u00e0 l'organisation et \u00e0 l'action des services de l'\u00c9tat dans lesR\u00e9gions et d\u00e9partements ;Vu le d\u00e9cret du 13 juillet 2023 nommant M. J\u00e9r\u00f4me BONET Pr\u00e9fet du Gard ;Vu le d\u00e9cret du 09 octobre 2024 nommant Mme Marie-charlotte EUVRARD directrice decabinet du pr\u00e9fet du Gard :Vu l'arr\u00eat\u00e9 pr\u00e9fectoral n\u00b030-2024-10-18-00009 donnant d\u00e9l\u00e9gation de signature \u00e0 MmeMarie-Charlotte EUVRARD, sous-pr\u00e9f\u00e8te, directrice de cabinet du pr\u00e9fet du Gard;Vu l'arr\u00eat\u00e9 du 22 ao\u00fbt 2019 relatif aux formations des sapeurs-pompiers professionnels etvolontaires ;Vu l'arr\u00eat\u00e9 pr\u00e9fectoral n\u00b02020-03-0027 du 12 mars 2020 portant dispositions sp\u00e9cifiquesdu plan NOVI d\u00e9partemental - secours \u00e0 nombreuses victimes ;Vu la note d'information DGS/DGOS du 20 d\u00e9cembre 2009 relative \u00e0 la formationinterminist\u00e9rielle des directeurs de secours m\u00e9dicaux ;Sur proposition du directeur d\u00e9partemental des services d'incendie et de secours (SDIS) etdu directeur m\u00e9dical du service d'aide m\u00e9dicale d'urgence (SAMU) du Gard.\nPrefecture du Gard - 30-2025-02-20-00005 - Arr\u00eat\u00e9 pr\u00e9fet30 Liste DSM 2025 25\nARRETE\nArticle 1: Les m\u00e9decins ci-dessous, sont inscrits sur la liste annuelle d'aptitude pourl'ann\u00e9e 2025, en qualit\u00e9 de directeurs des secours m\u00e9dicaux du Gard :\nSDIS du Gard :M\u00e9decins ayant effectu\u00e9 et valid\u00e9 la formation interminist\u00e9rielle de directeur des secoursm\u00e9dicaux :\u2014 Dr FODOUP Louis\u2014 Dr CHERET Julien\u2014 Dr PONS Franck\u2014 Dr FABBRI Jo\u00ebl_ - Dr CHETIOUI AdrienM\u00e9decins (initialement inscrits sur la liste pr\u00e9fectorale de DSM) dont la reconnaissance desacquis est en cours :\u2014 Dr AGOPIAN Philippe\u2014 Dr ARNAUD Isabelle\nSAMU du Gard :M\u00e9decins ayant effectu\u00e9 et valid\u00e9 la formation interminist\u00e9rielle de directeur des secoursm\u00e9dicaux : |\u2014 Dr BENENATI Sylvain\u2014 Dr CHABANNON Margaux\u2014 Dr POMMET St\u00e9phaneM\u00e9decins (initialement inscrits sur la liste pr\u00e9fectorale de DSM) dont la formation est encours:\u2014 Dr GENRE-GRANPIERRE RomainM\u00e9decins (initialement inscrits sur la liste pr\u00e9fectorale de DSM) dont la reconnaissance desacquis est valid\u00e9e : |\u2014 Dr BENEZET Jean-Fran\u00e7ois\u2014 Dr HERNANDEZ Fran\u00e7ois- Dr MASIA Thibault\u2014 Dr ONDE Olivier\u2014 Dr ROBERT H\u00e9l\u00e8ne\nPrefecture du Gard - 30-2025-02-20-00005 - Arr\u00eat\u00e9 pr\u00e9fet30 Liste DSM 2025 26\nArticle 2 : Le m\u00e9decin amen\u00e9 \u00e0 assurer la fonction de directeur des secours m\u00e9dicaux serad\u00e9termin\u00e9 parmi la liste \u00e9tablie \u00e0 l'article 1 et selon le roulement \u00e9tabli ci-dessous :\nDSM DSM DSM | DSMJanvier SDIS Avril SAMU Juillet SDIS Octobre |SAMUF\u00e9vrier SAMU | Mai SDIS Ao\u00fbt SAMU Novembre |SDISMars | SDIS Juin SAMU Septembre |SDIS D\u00e9cembre SAMU\nArticle 3 : Les m\u00e9decins int\u00e9grant la fonction de directeur des secours m\u00e9dicaux en coursd'ann\u00e9e sont r\u00e9put\u00e9s inscrits sur la liste d'aptitude.Article 4: Le directeur d\u00e9partemental des services d'incendie et de secours (SDIS) et ledirecteur m\u00e9dical du service d'aide m\u00e9dicale d'urgence (SAMU) du Gard sont charg\u00e9s,chacun en ce qui le concerne, de l'ex\u00e9cution du pr\u00e9sent arr\u00eat\u00e9 qui sera publi\u00e9 au recueildes actes administratifs de la pr\u00e9fecture.\n'N\u00eemes, le 20 f\u00e9vrier 2025.. Pour le pr\u00e9fet,la sous-pr\u00e9f\u00e8teDirectrice delcabi\nD ds.*\"Marie-Charlotte EUVRARD\nPrefecture du Gard - 30-2025-02-20-00005 - Arr\u00eat\u00e9 pr\u00e9fet30 Liste DSM 2025 27\nPrefecture du Gard - 30-2025-02-20-00005 - Arr\u00eat\u00e9 pr\u00e9fet30 Liste DSM 2025 28","date":"2025-02-25","first_seen_on":"2025-02-25T16:08:30+00:00","id":"4b56b3250409fb79df7a019cd680e77f13620c3abc3456f515a12a0484192ae4","name":"recueil-30-2025-033-special du 25 02 2025","pdf_creation_date":"2025-02-25T15:58:51+00:00","pdf_modification_date":null,"timezone":"CET","url":"https://www.gard.gouv.fr/contenu/telechargement/62335/461669/file/recueil-30-2025-033-special%20du%2025%2002%202025.pdf"}
