{"administration":"prefidf","administration_name":"Pr\u00e9fecture de la r\u00e9gion \u00cele-de-France","content":"PREFECTURE\nREGION ILE DE\nFRANCE\nRECUEIL DES ACTES\nADMINISTRATIFS SP\u00c9CIAL\nN\u00b0IDF-054-2025-04\nPUBLI\u00c9 LE 24 AVRIL 2025\nSommaire\nAgence R\u00e9gionale de Sant\u00e9 /\nIDF-2025-04-11-00005 - Arr\u00eat\u00e9 n\u00b0 2025-130 portant autorisation\nd'extension de capacit\u00e9 de 25 \u00e0 44 places du centre d'accueil de\njour \u00ab CASA DELTA \u00bb sis 6, rue du colonel Marchand \u00e0 Villejuif (94800)   \ng\u00e9r\u00e9 par l'association \u00ab DELTA 7 \u00bb (3 pages) Page 3\nAgence R\u00e9gionale de Sant\u00e9 / Direction de la D\u00e9mocratie en Sant\u00e9 et\nde la Communication-D\u00e9mocratie Sanitaire\nIDF-2025-04-23-00005 - Avis de consultation sur la r\u00e9vision du projet\nr\u00e9gional de sant\u00e9 2023-2028 (2 pages) Page 7\nDirection r\u00e9gionale des affaires culturelles d'Ile-de-France  / Conservation\nr\u00e9gionale des monuments historiques\nIDF-2025-03-20-00009 - Arr\u00eat\u00e9 portant inscription au titre des\nmonuments historiques de certaines parties de l'atelier d'orf\u00e8vrerie\nLapparra, situ\u00e9 157, rue du Temple, \u00e0 Paris (75003) (6 pages) Page 10\nIDF-2025-04-14-00016 - Arr\u00eat\u00e9 portant inscription au titre des\nmonuments historiques en totalit\u00e9 de l'ancienne mairie du 1er\narrondissement de Paris et du beffroi de Saint-Germain-l'Auxerrois sis 4,\nplace du Louvre \u00e0 Paris\n(75001) (3 pages) Page 17\nDirection r\u00e9gionale et interd\u00e9partementale de l'h\u00e9bergement et du\nlogement / Service ALPE\nIDF-2025-04-23-00007 - Arr\u00eat\u00e9 n\u00b0\nportant agr\u00e9ment\nde\nl'association EMMA\u00dcS SYNERGIE\nau titre de l'interm\u00e9diation locative\net gestion locative sociale (4 pages) Page 21\nIDF-2025-04-15-00018 - Arr\u00eat\u00e9 n\u00b0 portant agr\u00e9ment\nde\nl'Association appui \u00e0 la participation, \u00e0 l'inclusion sociale et\nenvironnementale\n(AAPISE) au titre de l'interm\u00e9diation locative et\ngestion locative sociale (4 pages) Page 26\nDirection r\u00e9gionale et interd\u00e9partementale de l'environnement, de\nl'am\u00e9nagement et des transports d'\u00cele-de-France / Service de la\npolitique des transports\nIDF-2025-04-22-00007 - Arr\u00eat\u00e9 n\u00b0 2025-0307 autorisant la circulation\nde trois rames MP14 8 voitures \u00e9quip\u00e9es de la fonction PRCS sur la ligne\n14 du m\u00e9tro pour la formation des agents (2 pages) Page 31\n2\nAgence R\u00e9gionale de Sant\u00e9\nIDF-2025-04-11-00005\nArr\u00eat\u00e9 n\u00b0 2025-130 portant autorisation\nd'extension de capacit\u00e9 de 25 \u00e0 44 places du\ncentre d'accueil de jour \u00ab CASA DELTA \u00bb sis 6,\nrue du colonel Marchand \u00e0 Villejuif (94800)           \n                        g\u00e9r\u00e9 par l'association \u00ab DELTA 7 \u00bb\nAgence R\u00e9gionale de Sant\u00e9 - IDF-2025-04-11-00005 - Arr\u00eat\u00e9 n\u00b0 2025-130 portant autorisation d'extension de capacit\u00e9 de 25 \u00e0 44 places\ndu centre d'accueil de jour \u00ab CASA DELTA \u00bb sis 6, rue du colonel Marchand \u00e0 Villejuif (94800)                                    g\u00e9r\u00e9 par l'association\n\u00ab DELTA 7 \u00bb\n3\nVAL deMARNEREPUBLIQUE A 4 Vy,FRAN CAI SE \u00a9 > Agence R\u00e9gionale de Sant\u00e9 'A | Le D\u00e9partementLibert\u00e9 Ile-de-France\u00c9galit\u00e9Fraternit\u00e9\n \n                                                                \n \n       \n \n \n \n \n \n  \nARR\u00caT\u00c9 N\u00b0 2025 - 130 \nportant autorisation d'extension de capacit\u00e9 de 25 \u00e0 44 places du centre d'accueil                    \nde jour \u00ab CASA DELTA \u00bb sis 6, rue du colonel Marchand \u00e0 Villejuif (94800)                                    \ng\u00e9r\u00e9 par l'association \u00ab DELTA 7 \u00bb \n \n \nLE DIRECTEUR G\u00c9N\u00c9RAL DE L'AGENCE R\u00c9GIONALE DE SANT\u00c9 \u00ceLE-DE-FRANCE \nLE PR\u00c9SIDENT DU DEPARTEMENT DU VAL-DE-MARNE \n \n \nVU le code de l' action sociale et des familles et notamment les articles L312 -1, L313 -1, L314 -3 et \nsuivants ;  \n \nVU le code g\u00e9n\u00e9ral des collectivit\u00e9s territoriales ; \n \nVU le d\u00e9cret du 10 avril 2024 portant nomination de Monsieur Denis ROBIN, Directeur g\u00e9n\u00e9ral de l'Agence \nr\u00e9gionale de sant\u00e9 \u00cele-de-France \u00e0 compter du 29 avril 2024 ; \n \nVU l'arr\u00eat\u00e9 n\u00b0 DIRNOV-2023/08 du 26 octobre 2023 de la Directrice g\u00e9n\u00e9rale de l'Agence r\u00e9gionale de \nsant\u00e9 \u00cele-de-France portant modification du cadre d'orientation strat\u00e9gique 2018 -2028 du projet \nr\u00e9gional de sant\u00e9 \u00cele-de-France ; \n \nVU l'arr\u00eat\u00e9 n\u00b0 DIRNOV-2023/09 du 26 octobre 2023 de la Directrice g\u00e9n\u00e9rale de l'Agence r\u00e9gionale de \nsant\u00e9 \u00cele-de-France portant adoption du sch\u00e9ma r\u00e9gional de sant\u00e9 2023 -2028 du projet r\u00e9gional de \nsant\u00e9 \u00cele-de-France ; \n \nVU \n \n \n \nVU \nl'arr\u00eat\u00e9 n\u00b0 2023-162 de la Directrice g\u00e9n\u00e9rale de l'Agence r\u00e9gionale de sant\u00e9 \u00cele-de-France en date du \n19 juin 2023 \u00e9tablissant le programme interd\u00e9partemental d'accompagnement des handicaps et de la \nperte d'autonomie (PRIAC) 2022-2026 pour la r\u00e9gion \u00cele-de-France ; \n \nla d\u00e9lib\u00e9ration n\u00b0 2020-7-3.2.30 du 14 d\u00e9cembre 2020 adopt\u00e9e par le Conseil d\u00e9partemental du Val -\nde-Marne et relative au sch\u00e9ma pour l'autonomie \u00e0 destination des personnes \u00e2g\u00e9es, des personnes \nen situation de handicap et de leurs aidants (2020-2025) ; \n \nVU \n \n \nVU \n \n \nl'arr\u00eat\u00e9 conjoint n\u00b0 2003-723 du 3 mars 2003 , autorisant la cr\u00e9ation d'un centre d'accueil de jour \u00e0 \nVillejuif ; \n \nl'arr\u00eat\u00e9 conjoint n\u00b0 2005-4148 bis du 31 octobre 2005, autorisant l'extension de capacit\u00e9 \u00e0 19 places \ndu centre d'accueil de jour \u00ab Casa Delta 7 \u00bb sis 6 rue du Colonel Marchand \u00e0 Villejuif (94800) ; \n \nVU \n \n \nVU \n \n \n \nl'arr\u00eat\u00e9 conjoint n\u00b0 2010-493 du 8 novembre 2010, autorisant l'extension de capacit\u00e9 \u00e0 25 places du \ncentre d'accueil de jour \u00ab Casa Delta \u00bb  sis 6 rue du Colonel Marchand \u00e0 Villejuif (94800) ; \n \nle courrier du Pr\u00e9sident de l'association  \u00ab DELTA 7  \u00bb, en date du 19 juillet 2023 , demandant \nl'extension de 19 places du Centre d'accueil de jour \u00ab CASA DELTA \u00bb \u00e0 Villejuif  ; \n \nAgence R\u00e9gionale de Sant\u00e9 - IDF-2025-04-11-00005 - Arr\u00eat\u00e9 n\u00b0 2025-130 portant autorisation d'extension de capacit\u00e9 de 25 \u00e0 44 places\ndu centre d'accueil de jour \u00ab CASA DELTA \u00bb sis 6, rue du colonel Marchand \u00e0 Villejuif (94800)                                    g\u00e9r\u00e9 par l'association\n\u00ab DELTA 7 \u00bb\n4\nCONSID\u00c9RANT qu'en application de l'article D 313 -2 du code de l'action sociale et des familles, le \nDirecteur g\u00e9n\u00e9ral de l'Agence r\u00e9gionale de sant\u00e9 Ile -de-France peut d\u00e9roger aux seuils \nfix\u00e9s aux I \u00e0 IV de cet article au -del\u00e0 desquels les autorisations d'extension \nd'\u00e9tablissements ou de services m\u00e9dico-sociaux doivent \u00eatre pr\u00e9c\u00e9d\u00e9es de la proc\u00e9dure \nd'appel \u00e0 projet pr\u00e9vue par l'article L. 313 -1-1 du m\u00eame code, lorsqu'un motif d'int\u00e9r\u00eat \ng\u00e9n\u00e9ral le justifie et pour tenir compte de circonstances locales ; \n \nCONSID\u00c9RANT que le projet r\u00e9pond \u00e0 un besoin identifi\u00e9 sur le d\u00e9partement ; \n \nCONSID\u00c9RANT \n \nque le financement de ces 19 nouvelles places sera d\u00e9termin\u00e9 dans la limite de la \ndotation r\u00e9gionale limitative et conform\u00e9ment \u00e0 la r\u00e9glementation sur la tarification des \n\u00e9tablissements et services m\u00e9dico-sociaux en vigueur lors de l'ouverture, sous condition \nd'installation des places ; \n \nARR\u00caTENT \n \n \nARTICLE 1er : L'autorisation visant \u00e0 l'extension de capacit\u00e9 de 19 places du centre d'accueil de jour \n\u00ab CASA DELTA  \u00bb sis 6, rue du Colonel Marchand \u00e0 Villejuif (94800) , est accord\u00e9e \u00e0 \nl'association \u00ab DELTA 7 \u00bb situ\u00e9 53, avenue de Saint Ouen \u00e0 Paris (75017). \n  \nARTICLE 2e : La capacit\u00e9 totale de l '\u00e9tablissement est fix\u00e9e \u00e0  44 places d'accueil de jour  r\u00e9parties sur \nles sites suivants : \n- 25 places d'accueil de jour sur le site de Villejuif, sis 6 rue du Colonel Marchand \u00e0 \nVillejuif (94800)  \n- 19 places d'accueil de jour  sur le site de  Boissy-Saint-L\u00e9ger, sis 2 place Charles \nLouis Boissy-Saint-L\u00e9ger (94470). \nL'\u00e9tablissement comprend une Plateforme d'accompagnement et de r\u00e9pit des aidants  \n(PFR). \n  \nARTICLE 3e : Cette structure est r\u00e9pertori\u00e9e dans le Fichier National des Etablissements Sanitaires et \nSociaux (FINESS) de la fa\u00e7on suivante : \n \n- CAJ DELTA 7 VILLEJUIF  \n \nN\u00b0 FINESS de l'\u00e9tablissement : 94 000 309 8  \nCode cat\u00e9gorie : 207 [Ctre. de Jour P.A.] \nCode discipline : 924 [Accueil Pour Personnes Ag\u00e9es] \n                            963 [Plateforme d'accompagnement et de r\u00e9pit des aidants]  \nCode fonctionnement : 21 [Accueil de jour] \nCode client\u00e8le : 436 [Personnes Alzheimer ou maladies apparent\u00e9es] \n                          040 [Aidants/aid\u00e9s Personnes \u00e2g\u00e9es] \nCapacit\u00e9 : 25 places \n \nN\u00b0 FINESS du gestionnaire : 75 004 421 6 \nCode statut : 60 [Ass. L.1901 non R.U.P] \n \n \n- CAJ DELTA 7 BOISSY-SAINT-LEGER \n \nN\u00b0 FINESS de l'\u00e9tablissement : 94 003 144 6  \nCode cat\u00e9gorie : 207 [Ctre. de Jour P.A.] \nCode discipline : 924 [Accueil Pour Personnes Ag\u00e9es] \nCode fonctionnement : 21 [Accueil de jour] \nCode client\u00e8le : 436 [Personnes Alzheimer ou maladies apparent\u00e9es] \nCapacit\u00e9 : 19 places \n \nN\u00b0 FINESS du gestionnaire : 75 004 421 6 \nCode statut : 60 [Ass. L.1901 non R.U.P] \n \nAgence R\u00e9gionale de Sant\u00e9 - IDF-2025-04-11-00005 - Arr\u00eat\u00e9 n\u00b0 2025-130 portant autorisation d'extension de capacit\u00e9 de 25 \u00e0 44 places\ndu centre d'accueil de jour \u00ab CASA DELTA \u00bb sis 6, rue du colonel Marchand \u00e0 Villejuif (94800)                                    g\u00e9r\u00e9 par l'association\n\u00ab DELTA 7 \u00bb\n5\ngig\"GI\nARTICLE 4e : Le pr\u00e9sent arr\u00eat\u00e9 est sans effet concernant la dur\u00e9e d'autorisation accord\u00e9e \u00e0 \nl'\u00e9tablissement pour 15 ans \u00e0 compter de sa date de cr\u00e9ation ou de renouvellement \nd'autorisation conform\u00e9ment aux conditions pr\u00e9vues aux articles L.312 -8 et L.313 -5 du \ncode de l'action sociale et des familles. \n \nARTICLE 5e : \n \nLa pr\u00e9sente autorisation est r\u00e9put\u00e9e caduque en l'absence d'ouverture au public dans un \nd\u00e9lai de quatre ans \u00e0 compter de sa notification conform\u00e9ment aux articles L313 -1 et       \nD313-7-2 du code de l'action sociale et des familles. \n  \nARTICLE 6e : Tout changement important dans l'activit\u00e9, l'installation, l'organisation, la direction ou le \nfonctionnement de l'\u00e9tablissement ou du service doit \u00eatre port\u00e9 \u00e0 la connaissance des \nautorit\u00e9s comp\u00e9tentes. \n  \nARTICLE 7e : Un recours contre le pr\u00e9sent arr\u00eat\u00e9 peut \u00eatre form\u00e9 devant le tribunal administratif \ncomp\u00e9tent dans un d\u00e9lai de deux mois \u00e0 compter de sa notification.   \n  \nARTICLE 8e : Le Directeur de la D \u00e9l\u00e9gation d\u00e9partementale du Val -de-Marne de l'Agence r\u00e9gionale de \nsant\u00e9 \u00cele-de-France et le Pr\u00e9sident du D\u00e9partement du Val-de-Marne sont charg\u00e9s, chacun \nen ce qui le concerne, de l'ex\u00e9cution du pr\u00e9sent arr\u00eat\u00e9 qui sera notifi\u00e9 au demandeur, \npubli\u00e9 aux recueils des actes administratifs de la R\u00e9gion \u00cele-de-France et du D\u00e9partement \ndu Val-de-Marne. \n \n \n                                                                                                     Fait \u00e0 Saint-Denis, le 11/04/2025 \n \n \nPour le Directeur g\u00e9n\u00e9ral \nde l'Agence r\u00e9gionale de sant\u00e9 \n\u00cele-de-France \nLa Directrice g\u00e9n\u00e9rale adjointe \n \nSophie MARTINON \n Le Pr\u00e9sident du Conseil d\u00e9partemental \ndu Val-de-Marne           \n \n \n \nOlivier CAPITANIO \n \n \n \n \nAgence R\u00e9gionale de Sant\u00e9 - IDF-2025-04-11-00005 - Arr\u00eat\u00e9 n\u00b0 2025-130 portant autorisation d'extension de capacit\u00e9 de 25 \u00e0 44 places\ndu centre d'accueil de jour \u00ab CASA DELTA \u00bb sis 6, rue du colonel Marchand \u00e0 Villejuif (94800)                                    g\u00e9r\u00e9 par l'association\n\u00ab DELTA 7 \u00bb\n6\nAgence R\u00e9gionale de Sant\u00e9\nIDF-2025-04-23-00005\nAvis de consultation sur la r\u00e9vision du projet\nr\u00e9gional de sant\u00e9 2023-2028\nAgence R\u00e9gionale de Sant\u00e9 - IDF-2025-04-23-00005 - Avis de consultation sur la r\u00e9vision du projet r\u00e9gional de sant\u00e9 2023-2028 7\nREPUBLIQUEFRANCAISELibert\u00e9Egalit\u00e9Fraternit\u00e9\nAr\u00a9 D Agence R\u00e9gionale de Sant\u00e9lle-de-France\n \n \n13 rue du Landy \n 93200 SAINT-DENIS \nT\u00e9l : 01 44 02 00 00 \niledefrance.ars.sante.fr \n \nAVIS DE CONSULTATION  \nSUR LA REVISION DU PROJET REGIONAL DE SANTE 2023-2028 \n \nVu les articles L.1434-1 \u00e0 L.1434-6 du code de sant\u00e9 publique, \nVu l'article R.1434-1 du code de sant\u00e9 publique, \n \n1- Emetteur de l'avis de consultation : \n \nAgence r\u00e9gionale de sant\u00e9 \u00cele-de-France \nLe Curve \n13, rue du Landy \n93200 Saint-Denis \nPris en la personne de son Directeur g\u00e9n\u00e9ral, Monsieur Denis ROBIN \n \n2- Objet de la consultation : \n \nLe Directeur g\u00e9n\u00e9ral de l'Agence r\u00e9gionale de sant\u00e9 \u00cele-de-France soumet \u00e0 la proc\u00e9dure de consultation \npour avis, la r\u00e9vision du sch\u00e9ma r\u00e9gional de sant\u00e9 du projet r\u00e9gional de sant\u00e9 2023-2028. \n \n3- Nature des documents soumis \u00e0 consultation : \n \nCet avis est publi\u00e9 avec les documents de r\u00e9f\u00e9rence : \n \n- En ligne : www.iledefrance.ars.sante.fr/revision-du-prs-2023-2028 \n \n- Et au recueil des actes administratifs de la Pr\u00e9fecture de la r\u00e9gion \u00cele-de-France. \n \n4- Instances et autorit\u00e9s consult\u00e9es :  \n \nConform\u00e9ment \u00e0 l'article R.1434 -1 du code de la sant\u00e9 publique, les autorit\u00e9s et instances concern\u00e9es \npar la pr\u00e9sente consultation sont : \n\u2212 La Conf\u00e9rence r\u00e9gionale de la sant\u00e9 et de l'autonomie \u00cele-de-France (CRSA), \n\u2212 Les Conseils d\u00e9partementaux \u00e0 la citoyennet\u00e9 et \u00e0 l'autonomie, \n\u2212 Le Conseil d'administration de l'ARS \u00cele-de-France. \n \n \nAgence R\u00e9gionale de Sant\u00e9 - IDF-2025-04-23-00005 - Avis de consultation sur la r\u00e9vision du projet r\u00e9gional de sant\u00e9 2023-2028 8\nREPUBLIQUEFRA NCAISELibertiEgalitFrater, 't\u00e9\nAr\u00a9 D Agence R\u00e9gionale de Sant\u00e9Ile-de-France\n \n \n13 rue du Landy \n 93200 SAINT-DENIS \nT\u00e9l : 01 44 02 00 00 \niledefrance.ars.sante.fr \n \n \n \n \n \n5- D\u00e9lai d'instruction : \n \nEn application des dispositions r\u00e9glementaires, les autorit\u00e9s et instances consult\u00e9es disposent d'un d\u00e9lai \nde deux mois, \u00e0 compter de la publication sous format \u00e9lectronique de l'avis de consultation, pour faire \nparvenir leur avis \u00e0 l'Agence r\u00e9gionale de sant\u00e9. Pass\u00e9 ce d\u00e9lai, l'avis est r\u00e9put\u00e9 rendu.  \nElles transmettent cet avis, accompagn\u00e9 le cas \u00e9ch\u00e9ant de toute observation, remarque ou proposition, \nsoit par voie \u00e9lectronique au format PDF, soit sous forme papier, selon les modalit\u00e9s suivantes :  \n\u2022 De pr\u00e9f\u00e9rence, par courrier \u00e9lectronique \u00e0 l'adresse suivante : \nARS-IDF-PRS@ars.sante.fr \n \n\u2022 Sinon, en cas d'impossibilit\u00e9 d'envoi par voie \u00e9lectronique , par courrier postal en lettre \nrecommand\u00e9e, \u00e0 l'adresse suivante : \n \nMonsieur le Directeur g\u00e9n\u00e9ral \nAgence r\u00e9gionale de sant\u00e9 \u00cele-de-France \nLe Curve \n13, rue du Landy \n93200 Saint-Denis \n \nSaint-Denis, le 23/04/2025 \nLe Directeur g\u00e9n\u00e9ral  \nde l'Agence r\u00e9gionale de sant\u00e9 \n\u00cele-de-France \n \nDenis Robin \n \n \nAgence R\u00e9gionale de Sant\u00e9 - IDF-2025-04-23-00005 - Avis de consultation sur la r\u00e9vision du projet r\u00e9gional de sant\u00e9 2023-2028 9\nDirection r\u00e9gionale des affaires culturelles\nd'Ile-de-France \nIDF-2025-03-20-00009\nArr\u00eat\u00e9 portant inscription au titre des\nmonuments historiques de certaines parties de\nl'atelier d'orf\u00e8vrerie Lapparra, situ\u00e9 157, rue du\nTemple, \u00e0 Paris (75003)\nDirection r\u00e9gionale des affaires culturelles d'Ile-de-France  - IDF-2025-03-20-00009 - Arr\u00eat\u00e9 portant inscription au titre des monuments\nhistoriques de certaines parties de l'atelier d'orf\u00e8vrerie Lapparra, situ\u00e9 157, rue du Temple, \u00e0 Paris (75003) 10\nE =PREFET |DE LA REGIOND'\u00ceLE-DE-FRANCELibert\u00e9Egalit\u00e9Fraternit\u00e9\n \nPr\u00e9fecture de la r\u00e9gion d'Ile-de-France \n5 rue Leblanc  75015 Paris \u2013 Standard  01 82 52 40 00  \u2022 T\u00e9l\u00e9copie 01 82 52 40 16 \nAdresse Internet : www.paris-idf.gouv.fr  \n \n \n \n \n \n \n \n \n \n \n \nA R R \u00ca T \u00c9  N\u00b0  \n \nportant inscription au titre des monuments historiques de certaines parties de l'atelier d'orf\u00e8vrerie \nLapparra, situ\u00e9 157, rue du Temple, \u00e0 Paris (75003)  \n \n \n \n \nLE PR\u00c9FET DE LA R\u00c9GION D'\u00ceLE-DE-FRANCE \nPR\u00c9FET DE PARIS \nCOMMANDEUR DE LA L\u00c9GION D'HONNEUR \nOFFICIER DE L'ORDRE NATIONAL DU M\u00c9RITE  \n \n \n \n \nVU le code du patrimoine, livre VI, titres I et II  ;  \n \nVU le d\u00e9cret n\u00b0 2004-374 du 29 avril 2004 relatif aux pouvoirs des pr\u00e9fets, \u00e0 l'organisation et \u00e0 \nl'action des services de l'Etat dans les r\u00e9gions et d\u00e9partements ; \n \nVU l'article 113 de la loi n\u00b0 2016-925 du 7 juillet 2016 modifi\u00e9e relative \u00e0 la libert\u00e9 de la cr\u00e9ation, \u00e0 \nl'architecture et au patrimoine ;  \n \nVU l'avis de la commission r\u00e9gionale du patrimoine et de l'architecture en date du 11 juin 2024 ; \n \nVU les autres pi\u00e8ces produites et jointes au dossier ; \n \nCONSID\u00c9RANT que l'atelier d'orf\u00e8vrerie Lapparra pr\u00e9sente au point de vue de l'histoire et de l'art \nun int\u00e9r\u00eat suffisant pour en rendre d\u00e9sirable la pr\u00e9servation tant par son histoire, qui s'inscrit dans \ncelle de l'orf\u00e8vrerie parisienne, de ses techniques et de ses moyens de production, que par son \nemplacement rue du Temple, intimement li\u00e9e \u00e0 l'histoire parisienne des m\u00e9taux pr\u00e9cieux, et qu'en \nraison de son architecture m\u00ealant des caract\u00e9ristiques industrielles et artisanales, et que Lapparra \nest la derni\u00e8re maison d'orf\u00e8vrerie \u00e0 \u00eatre encore pr\u00e9sente \u00e0 son emplacement historique, avec ses \ndispositions des ann\u00e9es 1930, dans le centre de Paris ; \n \n \n \n            Direction r\u00e9gionale  \n  des affaires culturelles  \n  d'\u00cele-de-France  \n \nDirection r\u00e9gionale des affaires culturelles d'Ile-de-France  - IDF-2025-03-20-00009 - Arr\u00eat\u00e9 portant inscription au titre des monuments\nhistoriques de certaines parties de l'atelier d'orf\u00e8vrerie Lapparra, situ\u00e9 157, rue du Temple, \u00e0 Paris (75003) 11\n \n \nA R R \u00ca T E \n \nARTICLE I \ner -. Sont inscrites au titre des monuments historiques les parties suivantes de l'atelier \nd'orf\u00e8vrerie Lapparra, situ\u00e9 157, rue du Temple, \u00e0 Paris (75003), sur la parcelle 47, d'une contenance \nde 647 m\u00e8tres carr\u00e9s, figurant au cadastre section AE, tel que d\u00e9limit\u00e9 sur les plans annex\u00e9s :  \n \n- La fa\u00e7ade d'apparat, \n- Les toitures de l'\u00e9difice,  \n- La boutique, au rez-de-chauss\u00e9e,  \n- Le grand atelier de mise en forme, au-rez-de-chauss\u00e9e, \n- Les galeries et ses balustrades, au premier \u00e9tage,  \n- L'espace de conception et de dessin, au premier \u00e9tage,  \n- L'atelier de finition de l'argent massif, au premier \u00e9tage,  \n- Et les escaliers reliant les diff\u00e9rents espaces de production.  \n \nLes murs de l'atelier d'orf\u00e8vrerie Lapparra appartiennent au groupe OCP, propri\u00e9taire par acte 30 \nnovembre 2023 pass\u00e9 devant maitre Mourgue-Molines, notaire \u00e0 Paris, r\u00e9f\u00e9rence d'enliassement \nB214P01 2023P31547.  \n \nARTICLE 2-. Le pr\u00e9sent arr\u00eat\u00e9 sera notifi\u00e9 au propri\u00e9taire, au maire de la commune concern\u00e9e et le \ncas \u00e9ch\u00e9ant, \u00e0 l'autorit\u00e9 comp\u00e9tente en mati\u00e8re de plan local d'urbanisme. \n \nARTICLE 3-. Le pr\u00e9fet de la r\u00e9gion d'\u00cele-de-France est charg\u00e9 de l'ex\u00e9cution du pr\u00e9sent arr\u00eat\u00e9, qui \nsera publi\u00e9 au fichier immobilier de la situation de l'immeuble inscrit et au recueil des actes \nadministratifs de la pr\u00e9fecture de r\u00e9gion. \n \n \n        \nFait \u00e0 Paris, le 20/03/2025 \nLe pr\u00e9fet de la r\u00e9gion d'\u00cele-de-France, \nPr\u00e9fet de Paris \n \nSIGN\u00c9 \n \nMarc GUILLAUME \n \n \n \n \n \n \n \n \n \n \n \n \n \n \nDirection r\u00e9gionale des affaires culturelles d'Ile-de-France  - IDF-2025-03-20-00009 - Arr\u00eat\u00e9 portant inscription au titre des monuments\nhistoriques de certaines parties de l'atelier d'orf\u00e8vrerie Lapparra, situ\u00e9 157, rue du Temple, \u00e0 Paris (75003) 12\n'TEL 201 <5 72 1 0 - FAX:\npr\" AboN [LL| 3\"= Fa\u00e7ades\n[un Espaces int\u00e9rieurs\n \n \nA R R \u00ca T \u00c9  n\u00b0   Plan portant inscription au titre des monuments historiques de certaines parties de l'atelier d'orf\u00e8vrerie Lapparra, situ\u00e9 157, rue du Temple, \u00e0 Paris (75003)  \n                   \n       \n Fait \u00e0 Paris, le 20/03/2025 \nLe pr\u00e9fet de la r\u00e9gion d'\u00cele-de-France, \nPr\u00e9fet de Paris \n \nSIGN\u00c9 \n \nMarc GUILLAUME \n \nPlan 1/4 Rez-de-chauss\u00e9e du corps central \nDirection r\u00e9gionale des affaires culturelles d'Ile-de-France  - IDF-2025-03-20-00009 - Arr\u00eat\u00e9 portant inscription au titre des monuments\nhistoriques de certaines parties de l'atelier d'orf\u00e8vrerie Lapparra, situ\u00e9 157, rue du Temple, \u00e0 Paris (75003) 13\nFa\u00e7ades\n!\n|\n9\n===  I\n, Sho_+ ]\u00ce EE\nof? sitSR orl\n#$\nte \u2014>\n  \nA R R \u00ca T \u00c9 n\u00b0   Plan portant inscription au titre des monuments historiques de certaines parties de l'atelier d'orf\u00e8vrerie Lapparra, situ\u00e9 157, rue du Temple, \u00e0 Paris (75003)  \n                        \n  \nFait \u00e0 Paris, le 20/03/2025 \nLe pr\u00e9fet de la r\u00e9gion d'\u00cele-de-France, \nPr\u00e9fet de Paris \n \nSIGN\u00c9 \n \nMarc GUILLAUME \n \nPlan 2/4 Rez-de-chauss\u00e9e de l'aile nord \nDirection r\u00e9gionale des affaires culturelles d'Ile-de-France  - IDF-2025-03-20-00009 - Arr\u00eat\u00e9 portant inscription au titre des monuments\nhistoriques de certaines parties de l'atelier d'orf\u00e8vrerie Lapparra, situ\u00e9 157, rue du Temple, \u00e0 Paris (75003) 14\n|\"= Fa\u00e7ades\n7 Espaces int\u00e9rieurs\n \n \nA R R \u00ca T \u00c9  n\u00b0   Plan portant inscription au titre des monuments historiques de certaines parties de l'atelier d'orf\u00e8vrerie Lapparra, situ\u00e9 157, rue du Temple, \u00e0 Paris (75003)  \n                     \n  \nFait \u00e0 Paris, le 20/03/2025 \nLe pr\u00e9fet de la r\u00e9gion d'\u00cele-de-France, \nPr\u00e9fet de Paris \n \nSIGN\u00c9 \n \nMarc GUILLAUME \n    \nPlan 3/4 Premier \u00e9tage du corps central \nDirection r\u00e9gionale des affaires culturelles d'Ile-de-France  - IDF-2025-03-20-00009 - Arr\u00eat\u00e9 portant inscription au titre des monuments\nhistoriques de certaines parties de l'atelier d'orf\u00e8vrerie Lapparra, situ\u00e9 157, rue du Temple, \u00e0 Paris (75003) 15\n|= Fa\u00e7ades\n7 Espaces int\u00e9rieurs\n$90\n  \nA R R \u00ca T \u00c9  n\u00b0   Plan portant inscription au titre des monuments historiques de certaines parties de l'atelier d'orf\u00e8vrerie Lapparra, situ\u00e9 157, rue du Temple, \u00e0 Paris (75003)  \n                      \n   \nFait \u00e0 Paris, le 20/03/2025 \nLe pr\u00e9fet de la r\u00e9gion d'\u00cele-de-France, \nPr\u00e9fet de Paris \n \nSIGN\u00c9 \n \nMarc GUILLAUME \nPlan 4/4 Second \u00e9tage de l'aile nord \nDirection r\u00e9gionale des affaires culturelles d'Ile-de-France  - IDF-2025-03-20-00009 - Arr\u00eat\u00e9 portant inscription au titre des monuments\nhistoriques de certaines parties de l'atelier d'orf\u00e8vrerie Lapparra, situ\u00e9 157, rue du Temple, \u00e0 Paris (75003) 16\nDirection r\u00e9gionale des affaires culturelles\nd'Ile-de-France \nIDF-2025-04-14-00016\nArr\u00eat\u00e9 portant inscription au titre des\nmonuments historiques en totalit\u00e9 de l'ancienne\nmairie du 1er arrondissement de Paris et du\nbeffroi de Saint-Germain-l'Auxerrois sis 4, place\ndu Louvre \u00e0 Paris\n(75001)\nDirection r\u00e9gionale des affaires culturelles d'Ile-de-France  - IDF-2025-04-14-00016 - Arr\u00eat\u00e9 portant inscription au titre des monuments\nhistoriques en totalit\u00e9 de l'ancienne mairie du 1er arrondissement de Paris et du beffroi de Saint-Germain-l'Auxerrois sis 4, place du\nLouvre \u00e0 Paris\n(75001)\n17\nE =PREFET |DE LA REGIOND'\u00ceLE-DE-FRANCELibert\u00e9Egalit\u00e9Fraternit\u00e9\n \nPr\u00e9fecture de la r\u00e9gion d'Ile-de-France \n5 rue Leblanc  75015 Paris \u2013 Standard  01 82 52 40 00  \u2022 T\u00e9l\u00e9copie 01 82 52 40 16 \nAdresse Internet : www.paris-idf.gouv.fr  \n \n \n \n \n \n \n \n \n \n \n \nA R R \u00ca T \u00c9  N\u00b0  \n \nportant inscription au titre des monuments historiques en totalit\u00e9 de l'ancienne mairie du \n1er arrondissement de Paris et du beffroi de Saint-Germain-l'Auxerrois sis 4, place du Louvre \u00e0 Paris \n(75001) \n \n \n \n \nLE PR\u00c9FET DE LA R\u00c9GION D'\u00ceLE-DE-FRANCE \nPR\u00c9FET DE PARIS \nCOMMANDEUR DE LA L\u00c9GION D'HONNEUR \nOFFICIER DE L'ORDRE NATIONAL DU M\u00c9RITE  \n \n \n \n \nVU le code du patrimoine, livre VI, titres I et II  ;  \n \nVU le d\u00e9cret n\u00b0 2004-374 du 29 avril 2004 relatif aux pouvoirs des pr\u00e9fets, \u00e0 l'organisation et \u00e0 \nl'action des services de l'Etat dans les r\u00e9gions et d\u00e9partements ; \n \nVU l'article 113 de la loi n\u00b0 2016-925 du 7 juillet 2016 modifi\u00e9e relative \u00e0 la libert\u00e9 de la cr\u00e9ation, \u00e0 \nl'architecture et au patrimoine ;  \n \nVU l'avis de la commission r\u00e9gionale du patrimoine et de l'architecture en date du 5 d\u00e9cembre \n2023  ; \n \nVu le courrier de demande de protection du 4 octobre 2022 ; \n \nVU les autres pi\u00e8ces produites et jointes au dossier ; \n \nCONSID\u00c9RANT que l'ancienne mairie du 1 \ner  arrondissement et le beffroi de Saint-Germain-\nl'Auxerrois pr\u00e9sentent au point de vue de l'histoire et de l'art, un int\u00e9r\u00eat suffisant pour en rendre \nd\u00e9sirable leur pr\u00e9servation tant par leur histoire commune, qui s'inscrit \u00e0 la fois dans le contexte des \ngrands travaux haussmanniens de la capitale, et de son d\u00e9coupage administratif en 20 \narrondissements, n\u00e9cessitant la construction de nouvelles mairies annexes, que par leur int\u00e9gration \ndans le sch\u00e9ma urbain de la place du Louvre, dont la fa\u00e7ade de l'ancienne mairie est le pendant de \nl'\u00e9glise voisine, que par leurs qualit\u00e9s architecturales, ornementales et d\u00e9coratives, \u0153uvres \nnotamment de l'architecte Jacques-Ignace Hittorf, pour l'ancienne mairie, et du peintre, Albert \nBesnard, pour les d\u00e9cors de la salle des mariages, ainsi que Th\u00e9odore Ballu, pour le beffroi ; \n            Direction r\u00e9gionale  \n  des affaires culturelles  \n  d'\u00cele-de-France  \n \nDirection r\u00e9gionale des affaires culturelles d'Ile-de-France  - IDF-2025-04-14-00016 - Arr\u00eat\u00e9 portant inscription au titre des monuments\nhistoriques en totalit\u00e9 de l'ancienne mairie du 1er arrondissement de Paris et du beffroi de Saint-Germain-l'Auxerrois sis 4, place du\nLouvre \u00e0 Paris\n(75001)\n18\n \n \n \nA R R \u00ca T E \n \nARTICLE I \ner -. Sont inscrits en totalit\u00e9 au titre des monuments historiques l'ancienne mairie du 1 er   \narrondissement de Paris et le beffroi de Saint-Germain-l' Auxerrois, sur la parcelle 13, d'une \ncontenance de 1359 m\u00e8tres carr\u00e9s, figurant au cadastre section AK ainsi que sur la parcelle 15, d'une \ncontenance de 3351 m\u00e8tres carr\u00e9s, figurant au cadastre section AK, de la mani\u00e8re suivante et tels \nque d\u00e9limit\u00e9s sur le plan annex\u00e9 :  \n \n- l'ancienne mairie, son parvis et le sol de ses cours,  \n- le beffroi, son parvis et le sol de l'arri\u00e8re-cour,  \n- et les grilles qui filent devant la mairie et beffroi.  \n \nL'ancienne mairie du 1 \ner  arrondissement de Paris et le beffroi de Saint-Germain-l' Auxerrois sont \npropri\u00e9t\u00e9 de la Ville de Paris depuis une date ant\u00e9rieure au 1 er  janvier 1956.  \n \nARTICLE 2-. Le pr\u00e9sent arr\u00eat\u00e9 sera notifi\u00e9 au propri\u00e9taire, au maire de la commune concern\u00e9e et le \ncas \u00e9ch\u00e9ant, \u00e0 l'autorit\u00e9 comp\u00e9tente en mati\u00e8re de plan local d'urbanisme. \n \nARTICLE 3-. Le pr\u00e9fet de la r\u00e9gion d'\u00cele-de-France est charg\u00e9 de l'ex\u00e9cution du pr\u00e9sent arr\u00eat\u00e9, qui \nsera publi\u00e9 au fichier immobilier de la situation de l'immeuble inscrit et au recueil des actes \nadministratifs de la pr\u00e9fecture de r\u00e9gion. \n \n \nFait \u00e0 Paris, le 14/04/2025 \nLe pr\u00e9fet de la r\u00e9gion d'\u00cele-de-France, \nPr\u00e9fet de Paris \n \nSIGN\u00c9 \n \nMarc GUILLAUME \n \n \n \n \n \n \n \n \n \n \n \n \n \n \n \n \nDirection r\u00e9gionale des affaires culturelles d'Ile-de-France  - IDF-2025-04-14-00016 - Arr\u00eat\u00e9 portant inscription au titre des monuments\nhistoriques en totalit\u00e9 de l'ancienne mairie du 1er arrondissement de Paris et du beffroi de Saint-Germain-l'Auxerrois sis 4, place du\nLouvre \u00e0 Paris\n(75001)\n19\nGrilles inscrites\n \n \nA R R \u00ca T \u00c9  n\u00b0   Plan portant inscription au titre des monuments historiques en totalit\u00e9 de l'ancienne mairie du 1 \ner  arrondissement \nde Paris et du beffroi de Saint-Germain-l' Auxerrois sis 4, place du Louvre \u00e0 Paris (75001)             \n  \nFait \u00e0 Paris, le 14/04/2025 Le pr\u00e9fet de la r\u00e9gion d'\u00cele-de-France, Pr\u00e9fet de Paris \n \nSIGN\u00c9 \n \nMarc GUILLAUME \n \nDirection r\u00e9gionale des affaires culturelles d'Ile-de-France  - IDF-2025-04-14-00016 - Arr\u00eat\u00e9 portant inscription au titre des monuments\nhistoriques en totalit\u00e9 de l'ancienne mairie du 1er arrondissement de Paris et du beffroi de Saint-Germain-l'Auxerrois sis 4, place du\nLouvre \u00e0 Paris\n(75001)\n20\nDirection r\u00e9gionale et interd\u00e9partementale de\nl'h\u00e9bergement et du logement\nIDF-2025-04-23-00007\nArr\u00eat\u00e9 n\u00b0\nportant agr\u00e9ment\nde l'association EMMA\u00dcS SYNERGIE\nau titre de l'interm\u00e9diation locative et gestion\nlocative sociale\nDirection r\u00e9gionale et interd\u00e9partementale de l'h\u00e9bergement et du logement - IDF-2025-04-23-00007 - Arr\u00eat\u00e9 n\u00b0\nportant agr\u00e9ment\nde l'association EMMA\u00dcS SYNERGIE\nau titre de l'interm\u00e9diation locative et gestion locative sociale\n21\nArr\u00eat\u00e9 n\u00b0\nportant agr\u00e9ment\nde l'association EMMA\u00dcS SYNERGIE\nau titre de l'interm\u00e9diation locative et gestion locative sociale\nLe Pr\u00e9fet de la R\u00e9gion \u00cele-de-France, pr\u00e9fet de Paris\nCommandeur de la L\u00e9gion d'Honneur,\nOfficier de l'ordre national du M\u00e9rite\nVU la loi n\u00b0 2009-323 du 25 mars 2009 de mobilisation pour le logement et la lutte\ncontre l'exclusion\nVU  le  d\u00e9cret  n\u00b0  2009-1684  du  30  d\u00e9cembre  2009  relatif aux  agr\u00e9ments  des\norganismes exer\u00e7ant des activit\u00e9s en faveur du loge ment et de l'h\u00e9bergement des\npersonnes d\u00e9favoris\u00e9es\nVU  la circulaire du 18 janvier 2010 relative aux rel ations entre les pouvoirs publics\net les associations\u00a0: conventions d'objectifs et simplification des d\u00e9marches relatives\naux proc\u00e9dures d'agr\u00e9ment\nVU  la  circulaire  du  6  septembre  2010  relative  aux  agr\u00e9ments  des  organismes\nagissant en faveur du logement et de l'h\u00e9bergement des personnes d\u00e9favoris\u00e9es\nVU  l'arr\u00eat\u00e9  n\u00b0  IDF-2023-10-02-00010  en  date  du  02  octobre  2023  portant\nd\u00e9l\u00e9gation  de  signature  \u00e0  Monsieur  Laurent  BRESSON, Directeur  r\u00e9gional  et\ninterd\u00e9partemental  de  l'h\u00e9bergement  et  du  logement  \u00cele-de-France,  en  mati\u00e8re\nadministrative\nVUla  d\u00e9cision  n\u00b0  2024-21  en  date  du  16  mai  2024  portant  subd\u00e9l\u00e9gation  de\nsignature  en  mati\u00e8re  administrative  \u00e0  Monsieur  Jacques  Bertrand  DE  REBOUL,\nT\u00e9l : 01 82 52 48 96\nLe Ponant, 5 rue Leblanc, 75015 Paris\nwww.drihl.ile-de-france.developpement-durable.gouv.fr\n1\nDirection r\u00e9gionale et interd\u00e9partementale de l'h\u00e9bergement et du logement - IDF-2025-04-23-00007 - Arr\u00eat\u00e9 n\u00b0\nportant agr\u00e9ment\nde l'association EMMA\u00dcS SYNERGIE\nau titre de l'interm\u00e9diation locative et gestion locative sociale\n22\noe\nDirecteur r\u00e9gional et interd\u00e9partemental adjoint de  l'h\u00e9bergement et du logement\nde la r\u00e9gion \u00cele-de-France\nVU  la  demande  d'agr\u00e9ment  d\u00e9pos\u00e9e  par  l'association  EMMA\u00dcS  SYNERGIE le\n17 janvier 2025, aupr\u00e8s du Pr\u00e9fet de r\u00e9gion, en vue  d'exercer les activit\u00e9s suivantes,\nvis\u00e9es \u00e0 l'article R 365-1 3\u00b0 a) du Code la construction et de l'habitation\u00a0:\n- Location de logements en vue de l'h\u00e9bergement de personnes d\u00e9favoris\u00e9es dans les\nconditions de l'article L.851-1 du Code de la s\u00e9curit\u00e9 sociale.\nCONSID\u00c9RANT  la  capacit\u00e9  de  l'association  EMMA\u00dcS  SYNERGIE  \u00e0  exercer  les\nactivit\u00e9s  objet  du  pr\u00e9sent  agr\u00e9ment,  compte  tenu  de ses  statuts,  de  ses\ncomp\u00e9tences, des moyens dont elle dispose dans les d\u00e9partements de Paris, de la\nSeine-Saint-Denis  et  du  Val-de-Marne  ainsi  que  des  soutiens  de  la  fondatrion\nEMMA\u00dcS FRANCE et de  l'association  de  pr\u00e9vention  sp\u00e9cialis\u00e9e nationale  (ASPN)\nauxquelles elle adh\u00e8re,\nARRETE\nArticle  1  \ner\n  \nL'agr\u00e9ment  au  titre  de  l'interm\u00e9diation  locative  et gestion  locative  sociale  est\naccord\u00e9  \u00e0  l'association  EMMA\u00dcS  SYNERGIE  pour  les activit\u00e9s suivantes,  vis\u00e9es \u00e0\nl'article R 365-1 3\u00b0 a) du Code la construction et de l'habitation\u00a0:\n- Location de logements en vue de l'h\u00e9bergement de personnes d\u00e9favoris\u00e9es dans les\nconditions de l'article L.851-1 du Code de la s\u00e9curit\u00e9 sociale.\nArticle  2\nL'association  EMMA\u00dcS  SYNERGIE est  agr\u00e9\u00e9e  pour  l'exercice  des  activit\u00e9s\nmentionn\u00e9es \u00e0 l'article 1\ner\n dans le territoire des d\u00e9partements de  Paris,  de S eine-\nSaint-Denis et du Val-de-Marne.\nT\u00e9l : 01 82 52 48 96\nLe Ponant, 5 rue Leblanc, 75015 Paris\nwww.drihl.ile-de-france.developpement-durable.gouv.fr\n2\nDirection r\u00e9gionale et interd\u00e9partementale de l'h\u00e9bergement et du logement - IDF-2025-04-23-00007 - Arr\u00eat\u00e9 n\u00b0\nportant agr\u00e9ment\nde l'association EMMA\u00dcS SYNERGIE\nau titre de l'interm\u00e9diation locative et gestion locative sociale\n23\noe\nArticle 3\nCet agr\u00e9ment est d\u00e9livr\u00e9 pour une dur\u00e9e de cinq ans  renouvelable. Il prend effet \u00e0\npartir de la date de signature du pr\u00e9sent arr\u00eat\u00e9.\nArticle 4\nL'association  EMMA\u00dcS SYNERGIE est tenue d'adresser annuellement au Pr\u00e9fet de\nR\u00e9gion  un  compte-rendu  de  l'activit\u00e9,  objet  du  pr\u00e9sent  agr\u00e9ment,  ainsi  que  ses\ncomptes financiers, conform\u00e9ment \u00e0 l'article R.365- 7 du CCH. Elle doit \u00e9galement\nlui notifier toute modification statutaire.\nLe  Pr\u00e9fet  de  R\u00e9gion  peut  \u00e0  tout  moment  contr\u00f4ler  les conditions d'exercice  de\nl'activit\u00e9 de l'organisme.\nArticle 5\nLe pr\u00e9sent agr\u00e9ment peut \u00eatre retir\u00e9 \u00e0 tout moment par le Pr\u00e9fet de r\u00e9gion, si les\nconditions de d\u00e9livrance de l'agr\u00e9ment ne sont plus satisfaites ou s'il est constat\u00e9 un\nmanquement grave et r\u00e9p\u00e9t\u00e9 aux obligations de l'org anisme. Ce retrait ne pourra\n\u00eatre  prononc\u00e9  qu'apr\u00e8s  avoir  mis  les  dirigeants  de  l'organisme  en  mesure  de\npr\u00e9senter leurs observations.\nArticle 6\nLe pr\u00e9sent arr\u00eat\u00e9 peut faire l'objet d'un recours gracieux devant le Pr\u00e9fet de r\u00e9gion.\nIl peut \u00e9galement faire l'objet d'un recours hi\u00e9rarchique devant l'autorit\u00e9 sup\u00e9rieure\nde l'auteur du pr\u00e9sent arr\u00eat\u00e9, le Ministre d\u00e9l\u00e9gu\u00e9 aupr\u00e8s du Ministre de la Transition\n\u00e9cologique et de la coh\u00e9sion des territoires, charg\u00e9 du logement.\nIl peut aussi faire l'objet d'un recours contentieux devant le tribunal administratif de\nParis, sis au 7 , rue de Jouy, 75004 Paris, dans un d\u00e9lai de deux mois \u00e0 compter de la\ndate de publication au recueil des actes administratifs. Dans ce cas, le pr\u00e9sent arr\u00eat\u00e9\ndoit \u00eatre joint au recours contentieux.\nArticle 7\nLe  Directeur  r\u00e9gional  et  interd\u00e9partemental  de  l'h\u00e9bergement  et  du  logement\nT\u00e9l : 01 82 52 48 96\nLe Ponant, 5 rue Leblanc, 75015 Paris\nwww.drihl.ile-de-france.developpement-durable.gouv.fr\n3\nDirection r\u00e9gionale et interd\u00e9partementale de l'h\u00e9bergement et du logement - IDF-2025-04-23-00007 - Arr\u00eat\u00e9 n\u00b0\nportant agr\u00e9ment\nde l'association EMMA\u00dcS SYNERGIE\nau titre de l'interm\u00e9diation locative et gestion locative sociale\n24\nd'\u00cele-de-France est charg\u00e9 de l'ex\u00e9cution du pr\u00e9sent arr\u00eat\u00e9.\nLe pr\u00e9sent arr\u00eat\u00e9 sera publi\u00e9 au recueil des actes administratifs.\nUne copie du pr\u00e9sent arr\u00eat\u00e9 sera adress\u00e9e aux pr\u00e9fe ts  de  Seine-Saint-Denis et du\nVal-de-Marne.\nParis, le 23 avril 2025\nPour le Pr\u00e9fet de la R\u00e9gion d'\u00cele-de-France,\nPr\u00e9fet de Paris et par d\u00e9l\u00e9gation, \nLe Directeur adjoint de l'H\u00e9bergement et\ndu Logement\n Sign\u00e9\nJacques-Bertrand DE REBOUL\nT\u00e9l : 01 82 52 48 96\nLe Ponant, 5 rue Leblanc, 75015 Paris\nwww.drihl.ile-de-france.developpement-durable.gouv.fr\n4\nDirection r\u00e9gionale et interd\u00e9partementale de l'h\u00e9bergement et du logement - IDF-2025-04-23-00007 - Arr\u00eat\u00e9 n\u00b0\nportant agr\u00e9ment\nde l'association EMMA\u00dcS SYNERGIE\nau titre de l'interm\u00e9diation locative et gestion locative sociale\n25\nDirection r\u00e9gionale et interd\u00e9partementale de\nl'h\u00e9bergement et du logement\nIDF-2025-04-15-00018\nArr\u00eat\u00e9 n\u00b0 portant agr\u00e9ment\nde l'Association appui \u00e0 la participation, \u00e0\nl'inclusion sociale et environnementale\n(AAPISE) au titre de l'interm\u00e9diation locative et\ngestion locative sociale\nDirection r\u00e9gionale et interd\u00e9partementale de l'h\u00e9bergement et du logement - IDF-2025-04-15-00018 - Arr\u00eat\u00e9 n\u00b0 portant agr\u00e9ment\nde l'Association appui \u00e0 la participation, \u00e0 l'inclusion sociale et environnementale\n(AAPISE) au titre de l'interm\u00e9diation locative et gestion locative sociale\n26\nArr\u00eat\u00e9 n\u00b0\nportant agr\u00e9ment\nde l'Association appui \u00e0 la participation, \u00e0 l'inclusion sociale et environnementale\n(AAPISE)\nau titre de l'interm\u00e9diation locative et gestion locative sociale\nLe Pr\u00e9fet de la R\u00e9gion \u00cele-de-France, pr\u00e9fet de Paris\nCommandeur de la L\u00e9gion d'Honneur,\nOfficier de l'ordre national du m\u00e9rite\nVU la loi n\u00b0 2009-323 du 25 mars 2009 de mobilisation pour le logement et la lutte\ncontre l'exclusion\nVU  le  d\u00e9cret  n\u00b0  2009-1684  du  30  d\u00e9cembre  2009  relatif aux  agr\u00e9ments  des\norganismes exer\u00e7ant des activit\u00e9s en faveur du loge ment et de l'h\u00e9bergement des\npersonnes d\u00e9favoris\u00e9es\nVU  la circulaire du 18 janvier 2010 relative aux rel ations entre les pouvoirs publics\net les associations\u00a0: conventions d'objectifs et simplification des d\u00e9marches relatives\naux proc\u00e9dures d'agr\u00e9ment\nVU  la  circulaire  du  6  septembre  2010  relative  aux  agr\u00e9ments  des  organismes\nagissant en faveur du logement et de l'h\u00e9bergement des personnes d\u00e9favoris\u00e9es\nVU  l'arr\u00eat\u00e9  n\u00b0  IDF-2023-10-02-00010  en  date  du  02  octobre  2023  portant\nd\u00e9l\u00e9gation  de  signature  \u00e0  Monsieur  Laurent  BRESSON, Directeur  r\u00e9gional  et\ninterd\u00e9partemental  de  l'h\u00e9bergement  et  du  logement  \u00cele-de-France,  en  mati\u00e8re\nadministrative\nVU  la demande d'agr\u00e9ment d\u00e9pos\u00e9e par l'Association app ui \u00e0 la participation, \u00e0\nl'inclusion sociale et environnementale (AAPISE),  le 05 ao\u00fbt 2025, aupr\u00e8s du Pr\u00e9fet\nde r\u00e9gion, en vue d'exercer les activit\u00e9s suivantes , vis\u00e9es \u00e0 l'article R 365-1 3\u00b0 a) et c)\ndu Code la construction et de l'habitation\u00a0:\nT\u00e9l : 01 82 52 48 96\nLe Ponant, 5 rue Leblanc, 75015 Paris\nwww.drihl.ile-de-france.developpement-durable.gouv.fr\n1\nDirection r\u00e9gionale et interd\u00e9partementale de l'h\u00e9bergement et du logement - IDF-2025-04-15-00018 - Arr\u00eat\u00e9 n\u00b0 portant agr\u00e9ment\nde l'Association appui \u00e0 la participation, \u00e0 l'inclusion sociale et environnementale\n(AAPISE) au titre de l'interm\u00e9diation locative et gestion locative sociale\n27\n Location de logements aupr\u00e8s d'organismes agr\u00e9\u00e9s au titre de l'article L 365-2\nou  d'organismes  d'habitation  \u00e0  loyer  mod\u00e9r\u00e9  en  vue  de  leur  sous-location  \u00e0  des\npersonnes d\u00e9favoris\u00e9es dans les conditions pr\u00e9vues par l'article L 442-8-1\n Location de logements \u00e0 des bailleurs autres que le s organismes d'habitations\n\u00e0  loyer  mod\u00e9r\u00e9  en  vue  de  les  sous-louer  \u00e0  des  personnes  d\u00e9favoris\u00e9es  dans  les\nconditions pr\u00e9vues aux articles L.321-10, L.323-10-1 et L.353-20.\n Location de logements en vue de l'h\u00e9bergement de pe rsonnes d\u00e9favoris\u00e9es\ndans les conditions de l'article L.851-1 du code de la s\u00e9curit\u00e9 sociale.\n Location aupr\u00e8s d'un organisme agr\u00e9\u00e9 au titre de l' article L.365-2 destin\u00e9 \u00e0\nl'h\u00e9bergement.\n La gestion de r\u00e9sidences sociales mentionn\u00e9es \u00e0 l'article R.353-165-1\nCONSID\u00c9RANT  la capacit\u00e9 de l'association AAPISE  \u00e0 exercer les activit\u00e9s objet du\npr\u00e9sent agr\u00e9ment, compte tenu de ses statuts, ses c omp\u00e9tences, des moyens dont\nelle dispose dans les d\u00e9partements de Paris, de la Seine et Marne, des Yvelines, de\nl'Essonne, de la Seine-Saint-Denis, du Val-de-Marne  et du Val d'Oise ainsi que du\nsoutien de l'UNAFO \u00e0 laquelle elle adh\u00e8re,\nARRETE\nArticle  1er\nL'agr\u00e9ment  au  titre  de  l'interm\u00e9diation  locative  et gestion  locative  sociale  est\naccord\u00e9 \u00e0 l'association AAPISE pour les activit\u00e9s suivantes, vis\u00e9es \u00e0 l'article R 365-1 3\u00b0\na) et c) du Code la construction et de l'habitation\u00a0:\n Location de logements aupr\u00e8s d'organismes agr\u00e9\u00e9s au  titre de l'article L.365-2\nou  d'organismes  d'habitation  \u00e0  loyer  mod\u00e9r\u00e9  en  vue  de  leur  sous-location  \u00e0  des\npersonnes d\u00e9favoris\u00e9es dans les conditions pr\u00e9vues par l'article L.442-8-1\n Location de logements \u00e0 des bailleurs autres que le s organismes d'habitations\n\u00e0  loyer  mod\u00e9r\u00e9  en  vue  de  les  sous-louer  \u00e0  des  personnes  d\u00e9favoris\u00e9es  dans  les\nconditions pr\u00e9vues aux articles L.321-10, L.323-10-1 et L.353-20.\n Location de logements en vue de l'h\u00e9bergement de pe rsonnes d\u00e9favoris\u00e9es\ndans les conditions de l'article L.851-1 du code de la s\u00e9curit\u00e9 sociale.\n Location aupr\u00e8s d'un organisme agr\u00e9\u00e9 au titre de l' article L.365-2 destin\u00e9 \u00e0\nl'h\u00e9bergement.\nT\u00e9l : 01 82 52 48 96\nLe Ponant, 5 rue Leblanc, 75015 Paris\nwww.drihl.ile-de-france.developpement-durable.gouv.fr\n2\nDirection r\u00e9gionale et interd\u00e9partementale de l'h\u00e9bergement et du logement - IDF-2025-04-15-00018 - Arr\u00eat\u00e9 n\u00b0 portant agr\u00e9ment\nde l'Association appui \u00e0 la participation, \u00e0 l'inclusion sociale et environnementale\n(AAPISE) au titre de l'interm\u00e9diation locative et gestion locative sociale\n28\n La gestion de r\u00e9sidences sociales mentionn\u00e9es \u00e0 l'article R.353-165-1\nArticle  2\nL'association AAPISE est agr\u00e9\u00e9e pour l'exercice des activit\u00e9s mentionn\u00e9es \u00e0 l'article 1\ndans le territoire des d\u00e9partements de Paris, de la  Seine et Marne, des Yvelines, de\nl'Essonne, de la Seine-Saint-Denis, du Val-de-Marne et du Val.\nArticle 3\nCet agr\u00e9ment est d\u00e9livr\u00e9 pour une dur\u00e9e de cinq ans  renouvelable. Il prend effet \u00e0\npartir de la date de signature du pr\u00e9sent arr\u00eat\u00e9.\nArticle 4\nL'association  AAPISE est  tenue  d'adresser  annuellement  au  Pr\u00e9fet  de  R\u00e9gion  un\ncompte-rendu  de  l'activit\u00e9, objet  du  pr\u00e9sent  agr\u00e9ment,  ainsi  que  ses  comptes\nfinanciers, conform\u00e9ment \u00e0 l'article R 365-7 du CCH . Elle doit \u00e9galement lui notifier\ntoute modification statutaire.\nLe  Pr\u00e9fet  de  R\u00e9gion  peut  \u00e0  tout  moment  contr\u00f4ler  les conditions d'exercice  de\nl'activit\u00e9 de l'organisme.\nArticle 5\nLe pr\u00e9sent agr\u00e9ment peut \u00eatre retir\u00e9 \u00e0 tout moment par le Pr\u00e9fet de r\u00e9gion, si les\nconditions de d\u00e9livrance de l'agr\u00e9ment ne sont plus satisfaites ou s'il est constat\u00e9 un\nmanquement grave et r\u00e9p\u00e9t\u00e9 aux obligations de l'org anisme. Ce retrait ne pourra\n\u00eatre  prononc\u00e9  qu'apr\u00e8s  avoir  mis  les  dirigeants  de  l'organisme  en  mesure  de\npr\u00e9senter leurs observations.\nArticle 6\nLe pr\u00e9sent arr\u00eat\u00e9 peut faire l'objet d'un recours gracieux devant le Pr\u00e9fet de r\u00e9gion.\nIl peut \u00e9galement faire l'objet d'un recours hi\u00e9rarchique devant l'autorit\u00e9 sup\u00e9rieure\nde l'auteur du pr\u00e9sent arr\u00eat\u00e9, le Ministre d\u00e9l\u00e9gu\u00e9 aupr\u00e8s du Ministre de la Transition\n\u00e9cologique et de la coh\u00e9sion des territoires, charg\u00e9 du logement.\nIl peut aussi faire l'objet d'un recours contentieux devant le tribunal administratif de\nParis, 7 , rue de Jouy, 75004 Paris, dans un d\u00e9lai de deux mois \u00e0 compter de la date de\npublication au recueil des actes administratifs. Da ns ce cas, le pr\u00e9sent arr\u00eat\u00e9 doit\n\u00eatre joint au recours contentieux.\nT\u00e9l : 01 82 52 48 96\nLe Ponant, 5 rue Leblanc, 75015 Paris\nwww.drihl.ile-de-france.developpement-durable.gouv.fr\n3\nDirection r\u00e9gionale et interd\u00e9partementale de l'h\u00e9bergement et du logement - IDF-2025-04-15-00018 - Arr\u00eat\u00e9 n\u00b0 portant agr\u00e9ment\nde l'Association appui \u00e0 la participation, \u00e0 l'inclusion sociale et environnementale\n(AAPISE) au titre de l'interm\u00e9diation locative et gestion locative sociale\n29\nArticle 7\nLe  Directeur r\u00e9gional et interd\u00e9partemental de l'h\u00e9 bergement et du logement \u00cele-\nde-France est charg\u00e9 de l'ex\u00e9cution du pr\u00e9sent arr\u00eat\u00e9.\nLe pr\u00e9sent arr\u00eat\u00e9 sera publi\u00e9 au recueil des actes administratifs.\nUne copie du pr\u00e9sent arr\u00eat\u00e9 sera adress\u00e9e aux pr\u00e9fe ts de la Seine et Marne, des\nYvelines, de l'Essonne, de la Seine-Saint-Denis, du Val-de-Marne et du Val d'Oise.\n \nParis, le 15 avril 2025\nPour le Pr\u00e9fet de la R\u00e9gion d'\u00cele-de-France,\nPr\u00e9fet de Paris et par d\u00e9l\u00e9gation, \nLe Directeur adjoint de l'H\u00e9bergement et\ndu Logement\n Sign\u00e9\nJacques-Bertrand DE REBOUL\nT\u00e9l : 01 82 52 48 96\nLe Ponant, 5 rue Leblanc, 75015 Paris\nwww.drihl.ile-de-france.developpement-durable.gouv.fr\n4\nDirection r\u00e9gionale et interd\u00e9partementale de l'h\u00e9bergement et du logement - IDF-2025-04-15-00018 - Arr\u00eat\u00e9 n\u00b0 portant agr\u00e9ment\nde l'Association appui \u00e0 la participation, \u00e0 l'inclusion sociale et environnementale\n(AAPISE) au titre de l'interm\u00e9diation locative et gestion locative sociale\n30\nDirection r\u00e9gionale et interd\u00e9partementale de\nl'environnement, de l'am\u00e9nagement et des\ntransports d'\u00cele-de-France\nIDF-2025-04-22-00007\nArr\u00eat\u00e9 n\u00b0 2025-0307 autorisant la circulation de\ntrois rames MP14 8 voitures \u00e9quip\u00e9es de la\nfonction PRCS sur la ligne 14 du m\u00e9tro pour la\nformation des agents\nDirection r\u00e9gionale et interd\u00e9partementale de l'environnement, de l'am\u00e9nagement et des transports d'\u00cele-de-France -\nIDF-2025-04-22-00007 - Arr\u00eat\u00e9 n\u00b0 2025-0307 autorisant la circulation de trois rames MP14 8 voitures \u00e9quip\u00e9es de la fonction PRCS sur\nla ligne 14 du m\u00e9tro pour la formation des agents\n31\nPREFET .DE LA REGIOND'\u00ceLE-DE-FRANCELibert\u00e9Egalit\u00e9Fraternit\u00e9\nDirection r\u00e9gionale et interd\u00e9partementale\nde l'environnement, de l'am\u00e9nagement\net des transports d'\u00cele-de-France\nArr\u00eat\u00e9 DRIEAT IdF n\u00b02025-0307\nAutorisant la circulation de trois rames MP14 8 voitures \u00e9quip\u00e9es de la fonction PRCS\nsur la ligne 14 du m\u00e9tro francilien pour la formation des agents\nLE PR\u00c9FET DE LA R\u00c9GION D'\u00ceLE-DE-FRANCE,\nPR\u00c9FET DE PARIS\nCOMMANDEUR DE LA L\u00c9GION D'HONNEUR\nOFFICIER DE L'ORDRE NATIONAL DU M\u00c9RITE\nVu le Code des transports ;\nVu le d\u00e9cret n\u00b0 2017-440 du 30 mars 2017 modifi\u00e9, relatif \u00e0 la s\u00e9curit\u00e9 des transports publics guid\u00e9s \net notamment ses articles 25 \u00e0 46 ;\nVu l'arr\u00eat\u00e9 du 23 mai 2003 modifi\u00e9, relatif aux dossiers de s\u00e9curit\u00e9 des syst\u00e8mes de transport public\nguid\u00e9s urbains et notamment ses annexes 4 et 6 ;\nVu l'arr\u00eat\u00e9  IDF-2022-07-19-00005  du  19  juillet  2022  portant  d\u00e9l\u00e9gation  de  signature  \u00e0  Mme\nEmmanuelle  GAY,  directrice  r\u00e9gionale  et  interd\u00e9partementale  de  l'environnement,  de\nl'am\u00e9nagement et des transports d' \u00cele-de-France, en mati\u00e8re administrative\u00a0; \nVu le courrier d'\u00cele-de-France Mobilit\u00e9s du 11 mars 2025 adress\u00e9 au pr\u00e9fet de la r\u00e9gion d'Ile-de-\nFrance, et demandant l'autorisation de faire circuler trois rames MP14 8 voitures \u00e9quip\u00e9es de la\nfonction PRCS, sans voyageurs et en conduite manuelle, sur la ligne 14 du m\u00e9tro francilien pour\nla formation des agents\u00a0;\nVu le dossier d'autorisation des tests et essais \u00ab \u00a0Mat\u00e9riel Roulant MP14 : Formation des agents \u00e0\nl'utilisation de la fonction PRCS \u00a0\u00bb dans sa version 1.2 du 11 f\u00e9vrier 2025, transmis par le courrier\nsusvis\u00e9 du 11 mars 2025 ;\nVu le rapport de s\u00e9curit\u00e9 de l'organisme qualifi\u00e9 et agr\u00e9\u00e9 (OQA) Certifer dans sa version 2 du 18 \nf\u00e9vrier 2025,\nVu l'avis du Bureau Nord Ouest du STRMTG du 2 avril 2025.\nARR\u00caTE\nArticle 1 Le dossier d'autorisation des tests et essais (DAE) relatif \u00e0 la formation des agents \u00e0\nl'utilisation de la fonction prise en charge simplifi\u00e9e (PRCS) sur le mat\u00e9riel roulant MP14 8\nvoitures de la ligne 14 du r\u00e9seau de m\u00e9tro francilien est approuv\u00e9.\n                                                                                                                                                                                                                               1/2\nDirection r\u00e9gionale et interd\u00e9partementale de l'environnement, de l'am\u00e9nagement et des transports d'\u00cele-de-France -\nIDF-2025-04-22-00007 - Arr\u00eat\u00e9 n\u00b0 2025-0307 autorisant la circulation de trois rames MP14 8 voitures \u00e9quip\u00e9es de la fonction PRCS sur\nla ligne 14 du m\u00e9tro pour la formation des agents\n32\nArticle 2 La circulation durant l'exploitation commerciale de trois rames MP14 8 voitures \u00e9quip\u00e9es\nde la fonction PRCS, sans voyageurs et en conduite manuelle, sur la ligne 14 du r\u00e9seau de\nm\u00e9tro francilien, est autoris\u00e9e dans les conditions d\u00e9finies ci-apr\u00e8s.\nArticle 3 Les circulations des rames seront effectu\u00e9es dans le respect des dispositions figurant\ndans le dossier  d'autorisation des  tests et  essais susvis\u00e9,  et  des consignes prises en\napplication  de  ce  dossier.  Les  circulations  autoris\u00e9es  par  le  pr\u00e9sent  arr\u00eat\u00e9  couvrent\nuniquement\u00a0:\n1. l'acheminement des rames vers les voies secondaires utilis\u00e9es pour la formation des\nagents \u00e0 la fonction PRCS\u00a0;\n2. les circulations sur voies secondaires dans le cadre des formations.\nToute autre circulation de rames \u00e9quip\u00e9es de la fonction PRCS pendant l'exploitation\ncommerciale,  notamment  \u00e0  des  fins  d'essais,  devra  faire  l'objet  d'une  nouvelle\nautorisation.\nArticle 4 Les PV de r\u00e9ception des rames modifi\u00e9es devront \u00eatre transmis pour information au\nbureau Nord-Ouest du STRMTG avant le d\u00e9but de la formation.\nArticle 5 Dans son rapport susvis\u00e9, l'OQA Certifer \u00e9met un avis favorable sous r\u00e9serve que les\ncontraintes export\u00e9es donnent lieu \u00e0 une information sp\u00e9cifique aux agents de conduite\nconcern\u00e9s et aux participants aux essais de formation. La preuve de la cl\u00f4ture de cette\nr\u00e9serve par l'OQA Certifer devra \u00eatre transmise pour information au bureau Nord-Ouest\ndu STRMTG avant le d\u00e9but de la formation.\nArticle 6 Tout \u00e9v\u00e9nement li\u00e9 \u00e0 la s\u00e9curit\u00e9 et survenant au cours de cette p\u00e9riode de roulage sera\nport\u00e9 sans d\u00e9lai \u00e0 la connaissance des services de l'\u00c9tat.\nArticle 7 L'autorisation de poursuivre les tests et essais pourra \u00eatre suspendue sans d\u00e9lai si des\n\u00e9l\u00e9ments ou des situations contraires \u00e0 la s\u00e9curit\u00e9 \u00e9taient constat\u00e9s.\nArticle 8 La Pr\u00e9f\u00e8te, Secr\u00e9taire g\u00e9n\u00e9rale aux politiques publiques de la pr\u00e9fecture de la r\u00e9gion\nd'\u00cele-de-France et la Directrice r\u00e9gionale et interd\u00e9partementale de l'environnement, de\nl'am\u00e9nagement et des transports d'\u00cele-de-France sont charg\u00e9es, chacune en ce qui la\nconcerne,  de  l'ex\u00e9cution  du  pr\u00e9sent  arr\u00eat\u00e9  qui  sera  publi\u00e9  au  recueil  des  actes\nadministratifs de la pr\u00e9fecture de la r\u00e9gion d'\u00cele-de-France.\nFait \u00e0 Paris, le 22/04/2025,\nPour le Pr\u00e9fet de la R\u00e9gion d'\u00cele-de-France,\nPr\u00e9fet de Paris, et par d\u00e9l\u00e9gation\nLa directrice r\u00e9gionale et interd\u00e9partementale de\nl'environnement, de l'am\u00e9nagement et des transports d'\u00cele-\nde-France\nSign\u00e9\nEmmanuelle GAY\n                                                                                                                                                    2/2\nDirection r\u00e9gionale et interd\u00e9partementale de l'environnement, de l'am\u00e9nagement et des transports d'\u00cele-de-France -\nIDF-2025-04-22-00007 - Arr\u00eat\u00e9 n\u00b0 2025-0307 autorisant la circulation de trois rames MP14 8 voitures \u00e9quip\u00e9es de la fonction PRCS sur\nla ligne 14 du m\u00e9tro pour la formation des agents\n33","date":"2025-04-24","first_seen_on":"2025-04-24T16:35:48+00:00","id":"4ba41a0e62e04c8f09994840ae2b60efc617527e5db232d3587e12aeb0468c48","name":"recueil-idf-054-2025-04-recueil-des-actes-administratifs-special du 24.04.2025","pdf_creation_date":"2025-04-24T15:00:16+00:00","pdf_modification_date":null,"timezone":"Europe/Paris","url":"https://www.prefectures-regions.gouv.fr/ile-de-france/irecontenu/telechargement/127262/939222/file/recueil-idf-054-2025-04-recueil-des-actes-administratifs-special%20du%2024.04.2025.pdf"}
