{"administration":"prefidf","administration_name":"Pr\u00e9fecture de la r\u00e9gion \u00cele-de-France","content":"PREFECTURE\nREGION ILE DE\nFRANCE\nRECUEIL DES ACTES\nADMINISTRATIFS SP\u00c9CIAL\nN\u00b0IDF-003-2025-07\nPUBLI\u00c9 LE  1 JUILLET 2025\nSommaire\nAgence R\u00e9gionale de Sant\u00e9 /\nIDF-2025-04-22-00009 - Arr\u00eat\u00e9 n\u00b0 2025-190 portant approbation de\ncession d'autorisation du SPASAD g\u00e9r\u00e9 par l'association \u00ab Les\nAmis - Service \u00e0 domicile \u00bb                                                                         \nau profit de l'association \u00ab La Vie \u00e0 Domicile \u00bb,                                       \n\nregroupement avec le SPASAD \u00ab La Vie \u00e0 Domicile \u00bb,  et\nchangement de d\u00e9nomination en \u00ab BCS - Bien Chez Soi \u00bb sis 8 rue\nLaugier \u00e0 Paris (75017) \n (4 pages) Page 4\nAgence R\u00e9gionale de Sant\u00e9 / Agence r\u00e9gionale de sant\u00e9\nd'Ile-de-France-D\u00e9partement de l'autonomie\nIDF-2025-07-01-00004 -  Avis d'appel \u00e0 candidature \nD\u00e9marche de\nsoutien et d'accompagnement \u00e0 la transformation de l'offre, \u00e0\ndestination des ESMS accueillant des enfants en situation de handicap en\n\u00cele-de-France \n (5 pages) Page 9\nAgence R\u00e9gionale de Sant\u00e9 / Direction Veille et S\u00e9curit\u00e9 Sanitaires\nIDF-2025-06-02-00024 - D\u00e9cision n\u00b0 DVSS - QSPHARMBIO - 2025/041\nportant modification de l'autorisation de la pharmacie \u00e0 usage int\u00e9rieur\nde la clinique Saint-Jean de Dieu (2 pages) Page 15\nAgence R\u00e9gionale de Sant\u00e9 - D\u00e9l\u00e9gation D\u00e9partementale du Val\nd'Oise / secr\u00e9tariat de direction\nIDF-2025-07-01-00006 - Arr\u00eat\u00e9 n\u00b02025_DD95_03 portant\nrenouvellement d'autorisation du centre de soins, d'accompagnement et\nde pr\u00e9vention en addictologie (CSAPA) IMAGINE, g\u00e9r\u00e9 par le\ngroupement hospitalier Eaubonne-Montmorency sis 14 rue de Saint-Prix -\n95600 EAUBONNE (2 pages) Page 18\nDirection r\u00e9gionale et interd\u00e9partementale de l'\u00e9conomie, de l'emploi,\ndu travail et des solidarit\u00e9s d'\u00cele-de-France / MJPM\nIDF-2025-07-01-00003 - Arr\u00eat\u00e9 2025-09 portant agr\u00e9ment pour\nl'activit\u00e9 de s\u00e9jours de \u00ab Vacances adapt\u00e9es rganis\u00e9es \u00bb pour\nl'association \"LES JOURS HEUREUX\"\n (2 pages) Page 21\nDirection r\u00e9gionale et interd\u00e9partementale de l'environnement, de\nl'am\u00e9nagement et des transports d'\u00cele-de-France /\nIDF-2025-06-18-00005 - Arr\u00eat\u00e9 de mise en demeure DRIEAT N\u00b0\n2025-0566 portant sur le centre de formation MT LEARNING (2 pages) Page 24\nRectorat de la r\u00e9gion acad\u00e9mique d'Ile-de-France, rectorat de\nl'acad\u00e9mie de Paris /\nIDF-2025-06-26-00003 - Arr\u00eat\u00e9 n\u00b0 2025-081-RRA portant agr\u00e9ment au\ntitre de la Jeunesse et de l'\u00c9ducation Populaire  (association LES FRIPONS -\nSDJES de Paris)\n (2 pages) Page 27\n2\nIDF-2025-06-26-00004 - Arr\u00eat\u00e9 n\u00b0 2025-082-RRA portant\nreconnaissance du tronc commun d'agr\u00e9ment d'une association\n(association LES FRIPONS - SDJES de Paris)\n (2 pages) Page 30\n3\nAgence R\u00e9gionale de Sant\u00e9\nIDF-2025-04-22-00009\nArr\u00eat\u00e9 n\u00b0 2025-190 portant approbation de\ncession d'autorisation du SPASAD g\u00e9r\u00e9 par\nl'association \u00ab Les Amis - Service \u00e0 domicile \u00bb        \n                                                                 au profit de\nl'association \u00ab La Vie \u00e0 Domicile \u00bb,                           \n                                                                                  \nregroupement avec le SPASAD \u00ab La Vie \u00e0\nDomicile \u00bb,  et changement de d\u00e9nomination en\n\u00ab BCS - Bien Chez Soi \u00bb sis 8 rue Laugier \u00e0 Paris\n(75017) \nAgence R\u00e9gionale de Sant\u00e9 - IDF-2025-04-22-00009 - Arr\u00eat\u00e9 n\u00b0 2025-190 portant approbation de cession d'autorisation du SPASAD\ng\u00e9r\u00e9 par l'association \u00ab Les Amis - Service \u00e0 domicile \u00bb                                                                          au profit de l'association \u00ab La Vie \u00e0\nDomicile \u00bb,                                                                                                              \nregroupement avec le SPASAD \u00ab La Vie \u00e0 Domicile \u00bb,  et changement de d\u00e9nomination en \u00ab BCS - Bien Chez Soi \u00bb sis 8 rue Laugier \u00e0\nParis (75017) \n4\nREP ArREPUBLIQUEFRANCAISE @ D Agence R\u00e9gionale de Sant\u00e9 ieee BELibert\u00e9 \u00cele-de-France= PARISFraternit\u00e9\n \n                                                               \n  \n \n \n \n \n \n \n \n \nARR\u00caT\u00c9 N\u00b0 2025 \u2013 190 \n \nPortant approbation de cession d'autorisation du Service polyvalent d'aide et de soins                                       \n\u00e0 domicile (SPASAD) g\u00e9r\u00e9 par l'association \u00ab Les Amis \u2013 Service \u00e0 domicile \u00bb                                                                          \nau profit de l'association \u00ab La Vie \u00e0 Domicile \u00bb,                                                                                                               \nregroupement avec le SPASAD \u00ab La Vie \u00e0 Domicile \u00bb,   \net changement de d\u00e9nomination en \u00ab BCS \u2013 Bien Chez Soi \u00bb \nsis 8 rue Laugier \u00e0 Paris (75017)  \n \n \n \nLE DIRECTEUR G\u00c9N\u00c9RAL DE L'AGENCE R\u00c9GIONALE DE SANT\u00c9 \u00ceLE-DE-FRANCE  \n \nLA MAIRE DE PARIS \n \n \nVU le code de l'action sociale et des familles et notamment les articles L.312-1 et suivants, L313-1, \nL314-3 et suivants ; \n  \nVU le code g\u00e9n\u00e9ral des collectivit\u00e9s territoriales ; \n  \nVU le d\u00e9cret du 10 avril 2024 portant nomination de Monsieur Denis ROBIN en qualit\u00e9 de Directeur \ng\u00e9n\u00e9ral de l'Agence r\u00e9gionale de sant\u00e9 \u00cele-de-France \u00e0 compter du 29 avril 2024 ; \n  \nVU l'arr\u00eat\u00e9 de d\u00e9l\u00e9gation de signature \u00e0 Monsieur Jacques BERGER , Directeur adjoint des \nSolidarit\u00e9s de la Ville de Paris ; \n  \nVU l'arr\u00eat\u00e9 n\u00b0 DIRNOV -2023/08 du 26 octobre 2023 portant modification du cadre d'orientation \nstrat\u00e9gique 2018-2028 du projet r\u00e9gional de sant\u00e9 \u00cele-de-France ; \n \nVU l'arr\u00eat\u00e9 n\u00b0 DIRNOV-2023/09 du 26 octobre 2023 portant adoption du sch\u00e9ma r\u00e9gional de sant\u00e9 \n2023-2028 du projet r\u00e9gional de sant\u00e9 \u00cele-de-France ; \n \nVU le Sch\u00e9ma Seniors \u00e0 Paris 2022 -2026 adopt\u00e9 par le Conseil de Paris en date des 15 au 18 \nnovembre 2022 ; \n \nVU l'arr\u00eat\u00e9 n\u00b0  2023-162 en date du 19 juin 2023 \u00e9tablissant le programme interd\u00e9partemental \nd'accompagnement des handicaps et de la perte d'autonomie (PRIAC) 2022-2026 pour la r\u00e9gion \n\u00cele-de-France ; \n \nVU \n \n \n \n \n \nl'arr\u00eat\u00e9 conjoint n\u00b0 2007-178-90 en date du 5 juillet 2007 accordant la d\u00e9nomination de service \npolyvalent d'aide et de soins \u00e0 domicile (SPASAD) au service de soins infirmiers \u00e0 domicile  \n(SSIAD) et au service d'aide et d'accompagnement \u00e0 domicile  (SAAD) g\u00e9r\u00e9s par l'association \n\u00ab Les Amis\u2013 Service \u00e0 domicile \u00bb sis ensemble 12, rue Jacquemont - 75017 Paris ; \nVU \n \n \n \n \nl'arr\u00eat\u00e9 n\u00b0 2017-149 en date du 31 mars 2017 portant autorisation d'extension de 35 places du \nSPASAD pour personnes \u00e2g\u00e9es et personnes handicap\u00e9es, g\u00e9r\u00e9 par l'association \u00ab Les Amis \n\u2013 Service \u00e0 Domicile  \u00bb portant la capacit\u00e9 totale du SPASAD \u00e0 288 places ( 268 places pour \npersonnes \u00e2g\u00e9es, 10 places pour personnes en situation de handicap et 10 places affect\u00e9es \u00e0 \nla prise en charge des personnes atteintes de la maladie d'Alzheimer) ; \nAgence R\u00e9gionale de Sant\u00e9 - IDF-2025-04-22-00009 - Arr\u00eat\u00e9 n\u00b0 2025-190 portant approbation de cession d'autorisation du SPASAD\ng\u00e9r\u00e9 par l'association \u00ab Les Amis - Service \u00e0 domicile \u00bb                                                                          au profit de l'association \u00ab La Vie \u00e0\nDomicile \u00bb,                                                                                                              \nregroupement avec le SPASAD \u00ab La Vie \u00e0 Domicile \u00bb,  et changement de d\u00e9nomination en \u00ab BCS - Bien Chez Soi \u00bb sis 8 rue Laugier \u00e0\nParis (75017) \n5\n \n \n \nVU \n \n \n \n \nle renouvellement pour 15 ans, soit jusqu'au 5 juillet 2032, de l'autorisation de l'association Les \nAmis \u00e0 g\u00e9rer un  SPASAD accord\u00e9e par courrier conjoint ARS/Ville de Paris en date du 28 \nnovembre 2019 ; \n \nVU \n \n \n \n \nVU \nl'arr\u00eat\u00e9 en date du 31 mai 2007 accordant la d\u00e9nomination de service polyvalent d'aide et de \nsoins \u00e0 domicile (SPASAD) g\u00e9r\u00e9 par l'association \u00ab La Vie \u00e0 Domicile AMSAPAH \u00bb au service \nde soins infirmiers \u00e0 domicile (SSIAD) et au service d'aide et d'accompagnement \u00e0 domicile \n(SAAD) sis ensemble 3, rue de la Faisanderie \u2013 75016 Paris ; \n \nle renouvellement pour 15 ans, soit jusqu'au 31 mai 2032, de l'autorisation de l'association La \nVie \u00e0 Domicile \u00e0 g\u00e9rer un SPASAD accord\u00e9e par courrier conjoint ARS/Ville de Paris en date \ndu 28 novembre 2019 ; \n \nVU \n \n \n \n \nVU \nle trait\u00e9 de fusion entre l'association \u00ab Les Amis-Service \u00e0 domicile \u00bb et l'association \u00ab La Vie \u00e0 \nDomicile \u00bb du 15 septembre 2023 actant la  fusion-absorption de l'association \u00ab  Les Amis -\nService \u00e0 domicile  \u00bb au profit de l'association \u00ab La Vie \u00e0 Domicile \u00bb qui devient l'association                   \n\u00ab BCS \u2013 Bien Chez Soi \u00bb ;   \n \nle trait\u00e9 de fusion indiquant la r\u00e9alisation de la fusion  d'un point de vue juridique, comptable et \nfiscal \u00e0 compter du 1er janvier 2024 ;  \n \n \nCONSID\u00c9RANT  \n \n \n \n \nCONSID\u00c9RANT \n \n \n \n \nCONSID\u00c9RANT \nque le Service de soins Infirmiers \u00e0 domicile (SSIAD) et le Service d'aide et \nd'accompagnement \u00e0 domicile (SAAD) \u00ab Les Amis \u2013 Service \u00e0 domicile \u00bb sis \nensemble 111, rue Cardinet - 75017 Paris, ont \u00e9t\u00e9 autoris\u00e9s \u00e0 fonctionner en qualit\u00e9 \nde SPASAD ; \n \nqu'il convient d'acter la c ession d'autorisation \u00e0 compter du 1 er janvier 2024, du \nSPASAD \u00ab Les Amis \u2013 Service \u00e0 domicile \u00bb de 288 places (FINESS: 75 080 125 0), \nau profit de l'association \u00ab BCS \u2013 Bien Chez Soi \u00bb anciennement d\u00e9nomm\u00e9e \u00ab La \nVie \u00e0 Domicile \u00bb ; \n \nle souhait de l'association \u00ab BCS \u2013 Bien Chez Soi \u00bb de regrouper ces 288 places du \nSPASAD \u00ab Les Amis \u2013 Service \u00e0 domicile \u00bb (FINESS: 75 080 125 0), au sein du \nSPASAD \u00ab La Vie \u00e0 Domicile \u00bb,  sise 8, rue Laugier - 75017 Paris   (FINESS :                        \n75 081 122 6 ) de 280 places, portant la capacit\u00e9 totale du SPASAD \u00e0 568 places \nqui devient le SPASAD \u00ab BCS \u2013 Bien Chez Soi \u00bb ;   \n  \nCONSID\u00c9RANT \n \n \n \nque le regroupement des places de S PASAD permet d'am\u00e9liorer l'efficience des \nprocessus de gestion et de fonctionnement du service par une mutualisation des \nmoyens ;   \n \nCONSID\u00c9RANT qu'\u00e0 l'issue de ce regroupement, le SPASAD \u00ab BCS \u2013 Bien Chez Soi \u00bb conservera \npour site principal les locaux situ\u00e9s 8, rue Laugier - 75017 Paris ;   \n \nCONSID\u00c9RANT que le projet est compatible avec les objectifs et r\u00e9pond aux besoins sociaux et \nm\u00e9dico-sociaux fix\u00e9s par le sch\u00e9ma r\u00e9gional de l'organisation sociale et m\u00e9dico -\nsociale ;   \n \nCONSID\u00c9RANT qu'il satisfait aux r\u00e8gles d'organisation et de fonctionnement pr\u00e9vues par le code de \nl'action sociale et des familles ; \n \n \n \n \n \n \nAgence R\u00e9gionale de Sant\u00e9 - IDF-2025-04-22-00009 - Arr\u00eat\u00e9 n\u00b0 2025-190 portant approbation de cession d'autorisation du SPASAD\ng\u00e9r\u00e9 par l'association \u00ab Les Amis - Service \u00e0 domicile \u00bb                                                                          au profit de l'association \u00ab La Vie \u00e0\nDomicile \u00bb,                                                                                                              \nregroupement avec le SPASAD \u00ab La Vie \u00e0 Domicile \u00bb,  et changement de d\u00e9nomination en \u00ab BCS - Bien Chez Soi \u00bb sis 8 rue Laugier \u00e0\nParis (75017) \n6\n \n \n \n       ARR\u00caTENT \n \n \n \nARTICLE 1er :  La cession d'autorisation du SPASAD de 288 places sis 111, rue Cardinet - 75017 \nParis, d\u00e9tenue par l'association \u00ab Les Amis \u2013 Service \u00e0 Domicile \u00bb, est accord\u00e9e au \nprofit de l'association \u00ab La Vie \u00e0 Domicile \u00bb sise 8, rue Laugier - 75017 Paris, \u00e0 \ncompter du 1er janvier 2024. \nL'association \u00ab La Vie \u00e0 Domicile \u00bb change de d\u00e9nomination sociale et devient \nl'association \u00ab BCS \u2013 Bien Chez Soi \u00bb. \n L'autorisation de regroupement des 288 places de SPASAD au sein du SPASAD \nd\u00e9nomm\u00e9 \u00ab BCS \u2013 Bien Chez Soi \u00bb de 280 places sise 8, rue Laugier - 75017 Paris, \nest accord\u00e9e.                                                  \n \nARTICLE 2 :  La capacit\u00e9 totale du SPASAD \u00ab BCS \u2013 Bien Chez Soi  \u00bb, pour l'activit\u00e9 de soins \u00e0 \ndomicile, est de 568 places ainsi r\u00e9parties : \n- 538 places de jour en faveur des personnes \u00e2g\u00e9es ; \n- 10 places de jour en faveur des personnes en situation de handicap ; \n- 20 places au titre de l'\u00e9quipe sp\u00e9cialis\u00e9e Alzheimer. \n \nARTICLE 3 :  La zone d'intervention pour l'activit\u00e9 de soins \u00e0 domicile  en faveur des personnes \n\u00e2g\u00e9es du SPASAD \u00ab BCS \u2013 Bien Chez Soi \u00bb s'\u00e9tend sur les 8\u00e8me, 16\u00e8me, 17\u00e8me et 18\u00e8me \narrondissements. \n \nARTICLE 4 : La zone d'intervention pour l'activit\u00e9 de soins \u00e0 domicile en faveur des personnes en \nsituation de handicap s'\u00e9tend sur l'ensemble du territoire parisien  \n \nARTICLE 5 :   \n \nLa zone d'intervention de l'\u00e9quipe sp\u00e9cialis\u00e9e Alzheimer (ESA) s'\u00e9tend sur l'ensemble \ndu territoire parisien. \nARTICLE 6 :  La zone d'intervention pour la prise en charge de personnes \u00e2g\u00e9es et de personnes \nen situation de handicap par le S PASAD \u00ab BCS \u2013 Bien Chez Soi \u00bb pour l'activit\u00e9 \nd'aide \u00e0 domicile en mode prestataire correspond \u00e0 l'ensemble du territoire parisien  \n \nARTICLE 7 :  Cette structure est r\u00e9pertori\u00e9e dans le Fichier National des Etablissements Sanitaires \net Sociaux (FINESS) de la fa\u00e7on suivante : \n \nN\u00b0 FINESS juridique de l'entit\u00e9 de rattachement : 75 000 169 5 \nCode statut : 60 (association) \n   \nN\u00b0 FINESS \u00e9tablissement (site principal) : 75 081 122 6  \nCode cat\u00e9gorie : 209 (SPASAD)  \n \n \nARTICLE 8 : En application de l'article L.313 -5 du code de l'action sociale et des familles, \nl'autorisation de g\u00e9rer le SPASAD \u00ab BCS \u2013 Bien Chez Soi \u00bb est accord\u00e9e jusqu'au 31 \nmai 2032. \n \n \n \n \n \n \n \nAgence R\u00e9gionale de Sant\u00e9 - IDF-2025-04-22-00009 - Arr\u00eat\u00e9 n\u00b0 2025-190 portant approbation de cession d'autorisation du SPASAD\ng\u00e9r\u00e9 par l'association \u00ab Les Amis - Service \u00e0 domicile \u00bb                                                                          au profit de l'association \u00ab La Vie \u00e0\nDomicile \u00bb,                                                                                                              \nregroupement avec le SPASAD \u00ab La Vie \u00e0 Domicile \u00bb,  et changement de d\u00e9nomination en \u00ab BCS - Bien Chez Soi \u00bb sis 8 rue Laugier \u00e0\nParis (75017) \n7\nsigsig\n \n \n \n \n \nARTICLE 9e :  Tout changement important dans l'activit\u00e9, l'installation, l'organisation, la direction ou \nle fonctionnement de l'\u00e9tablissement ou du service doit \u00eatre port\u00e9 \u00e0 la connaissance \ndes autorit\u00e9s comp\u00e9tentes. \n \nARTICLE 10e : Un recours contre le pr\u00e9sent arr\u00eat\u00e9 peut \u00eatre form\u00e9 devant le tribunal administratif \ncomp\u00e9tent dans un d\u00e9lai de deux mois \u00e0 compter de sa notification.   \n \nARTICLE 11e : Le Directeur de la D\u00e9l\u00e9gation d\u00e9partementale de Paris de l'Agence r\u00e9gionale de sant\u00e9 \n\u00cele-de-France et la Ville de Paris sont charg\u00e9s, chacun en ce qui le concerne, de \nl'ex\u00e9cution du pr\u00e9sent arr\u00eat\u00e9 qui sera notifi\u00e9 au demandeur, publi\u00e9 aux recueils des \nactes administratifs de la R\u00e9gion \u00cele -de-France, ainsi que sur le portail des \npublications administratives de la Ville de Paris.       \n \n              \n            Fait \u00e0 Saint-Denis, le 22 avril 2025 \n \n \nLe Directeur g\u00e9n\u00e9ral  \nde l'Agence r\u00e9gionale de sant\u00e9  \n\u00cele-de-France \n             \nDenis ROBIN \n \n \n \n \n  \n         Pour la Maire de Paris  \n         Et par d\u00e9l\u00e9gation,   \n         Le Directeur adjoint des solidarit\u00e9s \n           \n         Jacques BERGER \n  \n \n \n  \n \n \nAgence R\u00e9gionale de Sant\u00e9 - IDF-2025-04-22-00009 - Arr\u00eat\u00e9 n\u00b0 2025-190 portant approbation de cession d'autorisation du SPASAD\ng\u00e9r\u00e9 par l'association \u00ab Les Amis - Service \u00e0 domicile \u00bb                                                                          au profit de l'association \u00ab La Vie \u00e0\nDomicile \u00bb,                                                                                                              \nregroupement avec le SPASAD \u00ab La Vie \u00e0 Domicile \u00bb,  et changement de d\u00e9nomination en \u00ab BCS - Bien Chez Soi \u00bb sis 8 rue Laugier \u00e0\nParis (75017) \n8\nAgence R\u00e9gionale de Sant\u00e9\nIDF-2025-07-01-00004\n Avis d'appel \u00e0 candidature \nD\u00e9marche de soutien et d'accompagnement \u00e0 la\ntransformation de l'offre, \u00e0 destination des ESMS\naccueillant des enfants en situation de handicap\nen \u00cele-de-France \nAgence R\u00e9gionale de Sant\u00e9 - IDF-2025-07-01-00004 -  Avis d'appel \u00e0 candidature \nD\u00e9marche de soutien et d'accompagnement \u00e0 la transformation de l'offre, \u00e0 destination des ESMS accueillant des enfants en\nsituation de handicap en \u00cele-de-France \n9\nREPUBLIQUEFRANCAISELibert\u00e9Egalit\u00e9Fraternit\u00e9 e \u00bb Agence R\u00e9gionale de Sant\u00e9Ile-de-France\n \n \n \n \n \n \nAVIS D'APPEL \u00c0 CANDIDATURE \n  \nD\u00e9marche de soutien et \nd'accompagnement \u00e0 la \ntransformation de l'offre, \u00e0 destination \ndes ESMS accueillant des enfants en \nsituation de handicap en \u00cele-de-France \nEn vue de soutenir le passage en plateforme \n \n \n \n \nAutorit\u00e9 responsable de l'avis d'appel \u00e0 candidature : \n \nLe Directeur G\u00e9n\u00e9ral de l'Agence R\u00e9gionale de Sant\u00e9 \u00cele-de-France \nLe Curve, 13 rue de Landy \n93200 Saint-Denis \n \nDate de publication de l'avis d'appel \u00e0 candidature : 1er juillet 2025  \n \nDate limite de d\u00e9p\u00f4t des candidatures : 1er ao\u00fbt 2025  \n \nPour toute question : ars-idf-ami-ph@ars.sante.fr \n \n \n \n \nR\u00e9gion \u00cele-de-France \n \nDans le cadre des actions r\u00e9gionales men\u00e9es pour soutenir l'\u00e9volution de l'offre, l'ARS \u00cele-\nde-France lance un appel \u00e0 candidature pour b\u00e9n\u00e9ficier de la d\u00e9marche de soutien et \nd'appui \u00e0 la transformation de l'offre, port\u00e9e par le CREAI \u00cele-de-France.\nAgence R\u00e9gionale de Sant\u00e9 - IDF-2025-07-01-00004 -  Avis d'appel \u00e0 candidature \nD\u00e9marche de soutien et d'accompagnement \u00e0 la transformation de l'offre, \u00e0 destination des ESMS accueillant des enfants en\nsituation de handicap en \u00cele-de-France \n10\n \n 2/5 \n \nI. Qualit\u00e9 et adresse de l'autorit\u00e9 comp\u00e9tente  \n \nDirecteur g\u00e9n\u00e9ral de l'Agence r\u00e9gionale de sant\u00e9 Ile-de-France Immeuble \"Le Curve\" \n13 rue du Landy \n93200 Saint-Denis \n \nII. Objet de l'appel \u00e0 candidature \n \n \nLe pr\u00e9sent appel \u00e0 candidature porte sur la d\u00e9marche de soutien et d'accompagnement propos\u00e9e aux ESMS \nenfants franciliens accueillant des personnes en situation de handicap, au b\u00e9n\u00e9fice de la transformation de \nl'offre. \nCet accompagnement s'inscrit dans la continuit\u00e9 de la publication du d\u00e9cret du 5 juillet 2024 relatif aux \nmodalit\u00e9s de fonctionnement en dispositif int\u00e9gr\u00e9 des \u00e9tablissements et services m\u00e9dico -sociaux. \n \nL'ensemble des ESMS enfants franciliens, s'inscrivant dans un projet d'\u00e9volution de fonctionnement en \nplateforme, peuvent candidater pour b\u00e9n\u00e9ficier de la d\u00e9marche  \n \nLa dur\u00e9e de la d\u00e9marche est d'une ann\u00e9e. Elle d\u00e9butera en octobre 2025. \nCette d\u00e9marche se compose de 4 \u00e9tapes cl\u00e9s : \n\u25cf La mobilisation d'un comit\u00e9 de pilotage, repr\u00e9sentant l'ensemble des parties prenantes des \ndiff\u00e9rentes entit\u00e9s constituant la future plateforme (personnes accueillies, familles, repr\u00e9sentants \nde l'\u00e9quipe pluridisciplinaire, repr\u00e9sentants de la direction et repr\u00e9sentants du personnel). Il est \npr\u00e9vu 5 rencontres du COPIL qui a pour r\u00f4le de garantir le d\u00e9roulement de la d\u00e9marche  ; \n\u25cf La r\u00e9alisation d'un diagnostic \u00e0 l'aide d'un guide d'autopositionnement d\u00e9di\u00e9 ;  \n\u25cf La participation \u00e0 un parcours de formation socle reprenant les principes de la transformation de \nl'offre ;  \n\u25cf Le soutien d'un cabinet de conseil qui intervient dans l'ensemble de ces \u00e9tapes afin d'aboutir \u00e0 un \nplan d'action concret d'\u00e9volution de l'offre vers un fonctionnement en plateforme. \nLes ESMS enfant pouvant b\u00e9n\u00e9ficier de la d\u00e9marche d'appui et de soutien sont situ\u00e9s sur la R\u00e9gion \u00cele-de-\nFrance. Les ESMS doivent s'engager \u00e0 fonctionner en plateforme \u00e0 l'issue de l'accompagnement. \n \nIII. Cadrage juridique \n \nL'\u00e9laboration du cahier des charges s'inscrit dans la continuit\u00e9 des d\u00e9marches suivantes :  \n \n- La loi du 11 f\u00e9vrier 2005 pour l'\u00e9galit\u00e9 des droits et des chances, la participation et la citoyennet\u00e9 des \npersonnes handicap\u00e9es ; \n- La circulaire du 2 mai 2017 relative \u00e0 la transformation de l'offre d'accompagnement des personnes \nhandicap\u00e9es dans le cadre de la d\u00e9marche  \u00ab une r\u00e9ponse accompagn\u00e9e pour tous  \u00bb de la strat\u00e9gie \nquinquennale de l'\u00e9volution de l'offre m\u00e9dico -sociale (2017 -2021) et de la mise en \u0153uvre des \nd\u00e9cisions du CIH du 2 d\u00e9cembre 2016. \n \n\u00c9galement, il s'inscrit dans le cadre des politiques suivantes :  \n \n- La circulaire du 7 d\u00e9cembre 2023 relative \u00e0 la mise en \u0153uvre du plan de cr\u00e9ation de 50 000 nouvelles \nsolutions et de transformation de l'offre m\u00e9dico -sociale \u00e0 destination des personnes en situation de \nhandicap 2024-2030, issu de la Conf\u00e9rence nationale du handicap 2023 ;  \nAgence R\u00e9gionale de Sant\u00e9 - IDF-2025-07-01-00004 -  Avis d'appel \u00e0 candidature \nD\u00e9marche de soutien et d'accompagnement \u00e0 la transformation de l'offre, \u00e0 destination des ESMS accueillant des enfants en\nsituation de handicap en \u00cele-de-France \n11\n \n 3/5 \n- Le d\u00e9cret du 5 juillet 2024 relatif aux modalit\u00e9s de fonctionnement en dispositif int\u00e9gr\u00e9 des \n\u00e9tablissements et services m\u00e9dico-sociaux. \n \nIV. Avis d'appel \u00e0 candidature  \n \nDans le cadre de la proc\u00e9dure, le secr\u00e9tariat du pr\u00e9sent appel \u00e0 candidature est assur\u00e9 par l 'ARS \u00cele-de \nFrance.  \n \nL'avis d'appel \u00e0 candidature est publi\u00e9 au Recueil des actes administratifs de la Pr\u00e9fecture de la r\u00e9gion \u00cele-de-\nFrance et il est \u00e9galement consultable et t\u00e9l\u00e9chargeable sur le site internet de l'Agence r\u00e9gionale de sant\u00e9 \u00cele-\nde-France : www.ars.iledefrance.sante.fr. \n \n \nV. Cahier des charges \n \nLe cahier des charges sera envoy\u00e9 gratuitement aux candidats qui en feront la demande uniquement par voie \n\u00e9lectronique en mentionnant la r\u00e9f\u00e9rence \u00ab AAC-DEMARCHE APPUI TO  : demande CDC \u00bb en objet du \ncourriel \u00e0 l'adresse suivante : ars-idf-ami-ph@ars.sante.fr  \n \n \nVI. Pr\u00e9cisions compl\u00e9mentaires \n \nLes candidats peuvent \u00e9galement solliciter des informations compl\u00e9mentaires aupr\u00e8s de l'ARS au plus tard le \n24/07/2025 (5 jours ouvr\u00e9s avant la date limite de d\u00e9p\u00f4t des dossiers) , exclusivement par voie \u00e9lectronique \nen mentionnant la r\u00e9f\u00e9rence \u00ab AAC-DEMARCHE APPUI TO : FAQ \u00bb en objet du courriel \u00e0 l'adresse suivante : \nars-idf-ami-ph@ars.sante.fr  \n \n \nVII. Modalit\u00e9s d'instruction des projets \n \nLes dossiers parvenus ou d\u00e9pos\u00e9s apr\u00e8s la date limite de d\u00e9p\u00f4t des dossiers ne seront pas recevables (l'heure \nde r\u00e9ception faisant foi).  \n \nLes projets seront analys\u00e9s par des instructeurs de l'ARS : \n \n- V\u00e9rification de l'\u00e9ligibilit\u00e9 de la candidature, au regard de l'objet de l'appel \u00e0 candidature et du cahier \ndes charges \n \n- Les dossiers re\u00e7us complets \u00e0 la date de cl\u00f4ture de la p\u00e9riode de d\u00e9p\u00f4t et ceux qui auront \u00e9t\u00e9 \ncompl\u00e9t\u00e9s dans le d\u00e9lai indiqu\u00e9 ci-dessus seront analys\u00e9s sur le fond du projet en fonction des crit\u00e8res \nde s\u00e9lection et de notation des projets ci-dessous. \n \nTout dossier incomplet sera d\u00e9clar\u00e9 irrecevable. \n \n \n \n \n \n \n \n \n \nAgence R\u00e9gionale de Sant\u00e9 - IDF-2025-07-01-00004 -  Avis d'appel \u00e0 candidature \nD\u00e9marche de soutien et d'accompagnement \u00e0 la transformation de l'offre, \u00e0 destination des ESMS accueillant des enfants en\nsituation de handicap en \u00cele-de-France \n12\n \n 4/5 \nVIII. Crit\u00e8res de s\u00e9lection  \n \n \nCrit\u00e8res \n \nCotation \nImplication de l'organisme \ngestionnaire et des ESMS dans la \ndynamique de territoire du \nd\u00e9partement  \n10 \n40 \nAnalyse des \u00e9l\u00e9ments de \nmotivation  10 \nEngagement \u00e0 basculer en \nplateforme \u00e0 l'issue de la d\u00e9marche  10 \nVolume de la file active concern\u00e9e \npar la d\u00e9marche  10 \n \nL'avis de r\u00e9sultat comportant la  liste des projets retenus sera publi\u00e9 au Recueil des Actes Administratifs des \nPr\u00e9fectures de la R\u00e9gion Ile-de-France et sur le site internet de l'Agence r\u00e9gionale de sant\u00e9 Ile-de-France. \n \n \nIX. Modalit\u00e9s de d\u00e9p\u00f4t des dossiers de candidatures  \n \nChaque candidat devra adresser un dossier de candidature complet par voie d\u00e9mat\u00e9rialis\u00e9e  \u00e0 l'adresse \n\u00e9lectronique suivante : \n \nars-idf-ami-ph@ars.sante.fr \n \nen mentionnant en objet du courriel \u00ab AAC-DEMARCHE APPUI TO: candidature \u00bb \n \nLa date limite de r\u00e9ception des dossiers \u00e0 l'Agence r \u00e9gionale de sa nt\u00e9 est fix\u00e9e au 1er ao\u00fbt 2025 \u00e0 \n16h00 (heure de r\u00e9ception de l'email faisant foi).  Un email accusant r\u00e9ception du dossier sera envoy\u00e9 \naux candidats. Tout candidat n'ayant pas re\u00e7u d'accus\u00e9 de r\u00e9ception devra le signaler \u00e0 l a m\u00eame \nadresse au plus tard le 1er ao\u00fbt \u00e0 17h00.  \n \n \nX. Composition du dossier \n \n  \nChaque dossier de candidature d\u00e9pos\u00e9 devra comporter des documents pr\u00e9cis mais synth\u00e9tiques (limit\u00e9s \u00e0 5 \npages de pr\u00e9sentation maximum). \n \nChaque dossier de candidature d\u00e9pos\u00e9 devra comporter des documents suivants  :  \n- La fiche de pr\u00e9sentation des ESMS et de l'organisme gestionnaire porteur  \n- Les \u00e9l\u00e9ments de candidature et de motivation  \nAgence R\u00e9gionale de Sant\u00e9 - IDF-2025-07-01-00004 -  Avis d'appel \u00e0 candidature \nD\u00e9marche de soutien et d'accompagnement \u00e0 la transformation de l'offre, \u00e0 destination des ESMS accueillant des enfants en\nsituation de handicap en \u00cele-de-France \n13\nGI\n \n 5/5 \n- Une lettre d'engagement (voir annexe 1), co -sign\u00e9e par le directeur g\u00e9n\u00e9ral de l'organisme \ngestionnaire et indiquant l'interlocuteur privil\u00e9gi\u00e9 au niveau de l'organisme gestionnaire \n \n \n \n        Fait \u00e0 Saint-Denis le 1er juillet 2025 \n \n \nLe Directeur G\u00e9n\u00e9ral \nde l'Agence r\u00e9gionale de sant\u00e9  \nd'Ile-de-France  \n \n \n \n  \n \n  \n \n \n \n \n \n \n \n \nAgence R\u00e9gionale de Sant\u00e9 - IDF-2025-07-01-00004 -  Avis d'appel \u00e0 candidature \nD\u00e9marche de soutien et d'accompagnement \u00e0 la transformation de l'offre, \u00e0 destination des ESMS accueillant des enfants en\nsituation de handicap en \u00cele-de-France \n14\nAgence R\u00e9gionale de Sant\u00e9\nIDF-2025-06-02-00024\nD\u00e9cision n\u00b0 DVSS - QSPHARMBIO - 2025/041\nportant modification de l'autorisation de la\npharmacie \u00e0 usage int\u00e9rieur de la clinique\nSaint-Jean de Dieu\nAgence R\u00e9gionale de Sant\u00e9 - IDF-2025-06-02-00024 - D\u00e9cision n\u00b0 DVSS - QSPHARMBIO - 2025/041 portant modification de\nl'autorisation de la pharmacie \u00e0 usage int\u00e9rieur de la clinique Saint-Jean de Dieu 15\nREPUBLIQUEFRANCAISELibert\u00e9Egalit\u00e9Fraternit\u00e9AT@ D Agence R\u00e9gionale de Sant\u00e9lle-de-France\n \n \nAGENCE REGIONALE DE SANTE ILE-DE-FRANCE \nDECISION N\u00b0 DVSS - QSPHARMBIO \u2013 2025/041 \nPORTANT MODIFICATION DE L'AUTORISATION DE LA PHARMACIE A USAGE INTERIEUR DE \nLA CLINIQUE SAINT JEAN DE DIEU \nLE DIRECTEUR GENERAL DE L'AGENCE REGIONALE DE SANTE ILE-DE-FRANCE \n \n \nVU le code de la sant\u00e9 publique  et notamment les articles L.5126 -1 \u00e0 L.5126 -11 et L.6111-2 \nainsi que les articles R. 5126-1 \u00e0 R. 5126-52 et R. 6111-18 \u00e0 R. 6111-21-1 ; \nVU l'arr\u00eat\u00e9 du 22 juin 2001 relatif aux bonnes pratiques de pharmacie hospitali\u00e8re  ; \nVU la d\u00e9cision du 21 juillet 2023, prise en application des articles L.5121 -1 et L.5121-5 du code \nde la sant\u00e9 publique, relative aux bonnes pratiques de pr\u00e9paration ; \nVU le d\u00e9cret du 10 avril 2024 portant nomination de Monsieur Denis ROBIN, Directeur g\u00e9n\u00e9ral \nde l'Agence r\u00e9gionale de sant\u00e9 d'\u00cele-de-France \u00e0 compter du 29 avril 2024 ; \nVU la d\u00e9cision en date du 22 septembre 2023 ayant autoris\u00e9 le renouvellement de la pharmacie \n\u00e0 usage int\u00e9rieur sous le N\u00b0 DVSS - QSPHARMBIO \u2013 2023/056 de la Clinique Saint-Jean de \nDieu sise 2, rue Rousselet \u00e0 Paris (75007) ; \nVU la demande d\u00e9pos\u00e9e le 10 d\u00e9cembre 2024 par le directeur de l'\u00e9tablissement, en vue de \nmodifier les \u00e9l\u00e9ments figurant dans l'autorisation de la pharmacie \u00e0 usage  int\u00e9rieur au sein \nde Clinique Saint Jean de Dieu sise 2, rue Rousselet \u00e0 Paris (75007) ; \nVU le rapport unique d'instruction, en date du 8 avril 2025,  \u00e9tabli par le pharmacien inspecteur \nde sant\u00e9 publique ; \nVU l'avis favorable du Conseil central de la section H de l'Ordre des pharmaciens en date du \n27 f\u00e9vrier 2025 ; \nCONSIDERANT que les modifications des \u00e9l\u00e9ments de l'autorisation initiale de la pharmacie \u00e0 \nusage int\u00e9rieur sollicit\u00e9es sont consid\u00e9r\u00e9es comme substantielles au titre de \nl'article R. 5126 -32 du code de la sant\u00e9 publique  et consistent en  la demande \nd'autorisation de r\u00e9aliser l'activit\u00e9 de pr\u00e9paration des dispositifs m\u00e9dicaux \nst\u00e9riles par le proc\u00e9d\u00e9 \u00e0 basse temp\u00e9rature ; \nCONSIDERANT que l'activit\u00e9 de pr\u00e9paration des dispositifs m\u00e9dicaux st\u00e9riles par le proc\u00e9d\u00e9 \u00e0 \nbasse temp\u00e9rature est une activit\u00e9 comportant des risques particuliers au sens \ndu 3\u00b0 de l'article R. 5126-33 du code de la sant\u00e9 publique ; \nCONSIDERANT qu'il est attendu la mise en \u0153uvre par l'\u00e9tablissement des mesures suivantes  : \n \n- mettre en quarantaine les charges, en l'absence du pharmacien \nresponsable de l'activit\u00e9, dans l'attente de leur lib\u00e9ration \npharmaceutique et avant toute utilisation ; \n- int\u00e9grer le sas d'acc\u00e8s \u00e0 la zone de conditionnement, dans le p\u00e9rim\u00e8tre \nde la zone d'atmosph\u00e8re contr\u00f4l\u00e9e et proc\u00e9der \u00e0 sa qualification \nannuellement ; \n \nAgence R\u00e9gionale de Sant\u00e9 - IDF-2025-06-02-00024 - D\u00e9cision n\u00b0 DVSS - QSPHARMBIO - 2025/041 portant modification de\nl'autorisation de la pharmacie \u00e0 usage int\u00e9rieur de la clinique Saint-Jean de Dieu 16\n  \n- porter une vigilance particuli\u00e8re au flux des dispositifs m\u00e9dicaux \u00e0 \nst\u00e9riliser par le proc\u00e9d\u00e9 basse temp\u00e9rature afin d'\u00e9viter toute confusion \navec les dispositifs en sortie du st\u00e9rilisateur ; \n- habiliter le personnel en charge de la st\u00e9rilisation basse temp\u00e9rature, \u00e0 \nl'issue de leur formation ; \n- compl\u00e9ter le syst\u00e8me documentaire en y int\u00e9grant le processus de \nst\u00e9rilisation basse temp\u00e9rature et mettre \u00e0 jour, en cons\u00e9quence, \nl'analyse de risques ; \n \nDECIDE \n \n \nARTICLE 1 Est autoris\u00e9e la modification des \u00e9l\u00e9ments de l'autorisation de la pharmacie \u00e0 \nusage int\u00e9rieur de de la Clinique Saint  Jean de Dieu  sise 2, rue Rousselet \u00e0 \nParis (75007) , consistant \u00e0  r\u00e9aliser l'activit\u00e9 de pr\u00e9paration des dispositifs \nm\u00e9dicaux st\u00e9riles par le proc\u00e9d\u00e9 \u00e0 basse temp\u00e9rature. \n \nARTICLE 2  Les locaux de la pharmacie \u00e0 usage int\u00e9rieur autoris\u00e9s par la d\u00e9cision N\u00b0 DVSS \n- QSPHARMBIO \u2013 2023/056 en date du 22 septembre 2023  demeurent \ninchang\u00e9s 331.40 m\u00b2.  \n \nARTICLE 3 Le temps de pr\u00e9sence du pharmacien charg\u00e9 de la g\u00e9rance  de dix demi-\njourn\u00e9es par semaine, est en conformit\u00e9 avec les dispositions de l'article R. 5126-\n39 du code de la sant\u00e9 publique. \nARTICLE 4 Un recours contentieux contre la pr\u00e9sente d\u00e9cision peut \u00eatre form\u00e9 aupr\u00e8s du \nTribunal administratif comp\u00e9tent. Le d\u00e9lai de recours est de deux mois \u00e0 \ncompter de la notification de la d\u00e9cision pour les int\u00e9ress\u00e9s ou de sa publication \npour les tiers. Cette juridiction peut notamment \u00eatre saisie via une requ\u00eate \nremise ou envoy\u00e9e au greffe du Tribunal administratif ou aussi par l'application \n\u00ab T\u00e9l\u00e9recours \u00bb accessible \u00e0 partir du site www.telerecours.fr. \nARTICLE 5 Les directeurs de l'Agence r\u00e9gionale de sant\u00e9 Ile -de-France sont charg\u00e9s, \nchacun en ce qui les concerne, de l'ex\u00e9cution de la pr\u00e9sente d\u00e9cision, qui sera \npubli\u00e9e au recueil des actes administratifs de la pr\u00e9fecture de la r\u00e9gion Ile -de-\nFrance. \n       \nFait \u00e0 Saint-Denis, le 2 juin 2025 \n \nLe Directeur g\u00e9n\u00e9ral \nde l'Agence r\u00e9gionale de sant\u00e9  \nIle-de-France \n \nSign\u00e9 \n \nDenis ROBIN \n \nAgence R\u00e9gionale de Sant\u00e9 - IDF-2025-06-02-00024 - D\u00e9cision n\u00b0 DVSS - QSPHARMBIO - 2025/041 portant modification de\nl'autorisation de la pharmacie \u00e0 usage int\u00e9rieur de la clinique Saint-Jean de Dieu 17\nAgence R\u00e9gionale de Sant\u00e9 - D\u00e9l\u00e9gation\nD\u00e9partementale du Val d'Oise\nIDF-2025-07-01-00006\nArr\u00eat\u00e9 n\u00b02025_DD95_03 portant renouvellement\nd'autorisation du centre de soins,\nd'accompagnement et de pr\u00e9vention en\naddictologie (CSAPA) IMAGINE, g\u00e9r\u00e9 par le\ngroupement hospitalier Eaubonne-Montmorency\nsis 14 rue de Saint-Prix - 95600 EAUBONNE\nAgence R\u00e9gionale de Sant\u00e9 - D\u00e9l\u00e9gation D\u00e9partementale du Val d'Oise - IDF-2025-07-01-00006 - Arr\u00eat\u00e9 n\u00b02025_DD95_03 portant\nrenouvellement d'autorisation du centre de soins, d'accompagnement et de pr\u00e9vention en addictologie (CSAPA) IMAGINE, g\u00e9r\u00e9 par\nle groupement hospitalier Eaubonne-Montmorency sis 14 rue de Saint-Prix - 95600 EAUBONNE\n18\nREPUBLIQUEFRANCAISELibert\u00e9Egalit\u00e9Fraternit\u00e9\ne \u00bb Agence R\u00e9gionale de Sant\u00e9Ile-de-France\n \n \n \n \n \n \n \nAGENCE R\u00c9GIONALE DE SANT\u00c9 \u00ceLE-DE-FRANCE \nARR\u00caT\u00c9 N\u00b02025_DD95_03 \nportant renouvellement d'autorisation du Centre de Soins, d'accompagnement et de \nPr\u00e9vention en Addictologie (CSAPA) IMAGINE, g\u00e9r\u00e9 par le GROUPEMENT HOSPITALIER \nEAUBONNE-MONTMORENCY sis 14 rue de Saint Prix \u2013 95600 EAUBONNE \n \n \nLE DIRECTEUR G\u00c9N\u00c9RAL DE L'AGENCE R\u00c9GIONALE DE SANT\u00c9 \u00ceLE-DE-FRANCE \n \n \nVU le code de l'action sociale et des familles, notamment ses articles L.312 -1, L.312-8, L.313-1, \nL.313-4, L.313-5 et R.313-10-3 et suivants ; \n \nVU le code de la sant\u00e9 publique et notamment ses articles L3311-2 \u00e0 L3311-5, D3411-6 et D3411-\n1 \u00e0 D3411-10 ; \n \nVU le code de la s\u00e9curit\u00e9 sociale ; \n \nVU le code de justice administrative et notamment son article R312-1 ; \n \nVU le d\u00e9cret n\u00b02010-336 du 31 mars 2010 portant cr\u00e9ation des Agences R\u00e9gionales de Sant\u00e9 ; \n \nVU le d\u00e9cret du 10 avril 2024 portant nomination de Monsieur Denis Robin en qualit\u00e9 de Directeur \ng\u00e9n\u00e9ral de l'Agence R\u00e9gionale de Sant\u00e9 Ile-de-France \u00e0 compter du 29 avril 2024 ; \n \nVU l'arr\u00eat\u00e9 n\u00b0 2010 \u2013 377 du 26 f\u00e9vrier 2010 portant autorisation de cr\u00e9ation d'un centre de soins, \nd'accompagnement et de pr\u00e9vention en addictologie (CSAPA) sp\u00e9cialis\u00e9 drogues illicites pour \ntrois ans ; \n \nVU l'arr\u00eat\u00e9 n\u00b0 2014 \u2013 74 du 24 f\u00e9vrier 2014 portant prorogation de l'autorisation du CSAPA \nIMAGINE pour une dur\u00e9e de 15 ans, \u00e0 compter de la date de d\u00e9livrance de l'autorisation initiale  \n \n \n \n \nCONSID\u00c9RANT que le projet est compatible avec les objectifs et r\u00e9pond aux besoins sociaux et \nm\u00e9dico-sociaux constat\u00e9s dans le d\u00e9partement ; \n \nCONSID\u00c9RANT qu'il satisfait aux r\u00e8gles d'organisation et de fonctionnement pr\u00e9vues par le Code de \nl'Action Sociale et des Familles ; \n \nCONSID\u00c9RANT qu'il pr\u00e9sente un co\u00fbt de fonctionnement, en ann\u00e9e pleine compatible avec le \nmontant des dotations mentionn\u00e9es \u00e0 l'article L.314-3 du Code de l'Action Sociale et \ndes Familles ; \n \nCONSID\u00c9RANT les conclusions du rapport d'\u00e9valuation externe du 08/11/2023. \n \nAgence R\u00e9gionale de Sant\u00e9 - D\u00e9l\u00e9gation D\u00e9partementale du Val d'Oise - IDF-2025-07-01-00006 - Arr\u00eat\u00e9 n\u00b02025_DD95_03 portant\nrenouvellement d'autorisation du centre de soins, d'accompagnement et de pr\u00e9vention en addictologie (CSAPA) IMAGINE, g\u00e9r\u00e9 par\nle groupement hospitalier Eaubonne-Montmorency sis 14 rue de Saint-Prix - 95600 EAUBONNE\n19\n2 \n \nARR\u00caTE \n \n \nARTICLE 1er : Le renouvellement d'autorisation du CSAPA IMAGINE est accord\u00e9 au Groupement \nHospitalier Eaubonne-Montmorency pour une dur\u00e9e de 15 ans \u00e0 compter du 26 f\u00e9vrier \n2025. \n \nARTICLE 2 : Cette structure est r\u00e9pertori\u00e9e dans le Fichier National des Etablissements Sanitaires \net Sociaux (FINESS) de la fa\u00e7on suivante : \n\u2212 N\u00b0 FINESS de l'\u00e9tablissement : 95 080 242 1 \n\u2212 N\u00b0 FINESS du gestionnaire :  95 001 387 0 \n\u2212 Cat\u00e9gorie de l'\u00e9tablissement :  197 \n\u2212 Statut juridique de l'EJ :  14 \n\u2212 Mode de tarification :   34 \n \nLe CSAPA dispose d'une antenne situ\u00e9e \u00e0 Argenteuil. \n \nElle assure \u00e9galement : \n- des permanences au sein de la Maison d'Arr\u00eat du Val-d'Oise \n- une consultation jeunes consommateurs \n \n \nARTICLE 3 : \n \nConform\u00e9ment \u00e0 l'article D 3411 -3 du Code de la Sant\u00e9 Publique, le CSAPA assure \ndes prestations ambulatoires et d'h\u00e9bergement (3 places). \n \nARTICLE 4 : Tout changement important dans l'activit\u00e9, l'installation, l'organisation, la direction ou \nle fonctionnement de l'\u00e9tablissement doit \u00eatre port\u00e9 \u00e0 la connaissance des autorit\u00e9s \ncomp\u00e9tentes conform\u00e9ment \u00e0 l'article L. 313 -1 du code de l'action sociale et des \nfamilles. \n \nARTICLE 5 : Un recours peut \u00eatre form\u00e9 devant le tribunal administratif comp\u00e9tent dans un d\u00e9lai de \ndeux mois \u00e0 compter de la notification de la pr\u00e9sente d\u00e9cision. \n \nARTICLE 6 : Le Directeur de la sant\u00e9 publique de l'Agence R\u00e9gionale de Sant\u00e9 \u00cele-de-France et la \nDirectrice de la D\u00e9l\u00e9gation D\u00e9partementale du Val-d'Oise sont charg\u00e9s, chacun en ce \nqui les concerne, de l'ex\u00e9cution du pr\u00e9sent arr\u00eat\u00e9 qui sera notifi\u00e9 au demandeur et \npubli\u00e9 aux recueils des actes administratifs des pr\u00e9fectures de la r\u00e9gion \u00cele-de-France \net du d\u00e9partement du Val-d'Oise. \n \n \n \n \nFait \u00e0 Saint-Denis, le 01/07/2025 \n \nLe Directeur g\u00e9n\u00e9ral  \nde l'Agence R\u00e9gionale de Sant\u00e9 \n\u00cele-de-France \n \n \n \n \n \nDenis ROBIN \nAgence R\u00e9gionale de Sant\u00e9 - D\u00e9l\u00e9gation D\u00e9partementale du Val d'Oise - IDF-2025-07-01-00006 - Arr\u00eat\u00e9 n\u00b02025_DD95_03 portant\nrenouvellement d'autorisation du centre de soins, d'accompagnement et de pr\u00e9vention en addictologie (CSAPA) IMAGINE, g\u00e9r\u00e9 par\nle groupement hospitalier Eaubonne-Montmorency sis 14 rue de Saint-Prix - 95600 EAUBONNE\n20\nDirection r\u00e9gionale et interd\u00e9partementale de\nl'\u00e9conomie, de l'emploi, du travail et des\nsolidarit\u00e9s d'\u00cele-de-France\nIDF-2025-07-01-00003\nArr\u00eat\u00e9 2025-09 portant agr\u00e9ment pour l'activit\u00e9\nde s\u00e9jours de \u00ab Vacances adapt\u00e9es rganis\u00e9es \u00bb\npour l'association \"LES JOURS HEUREUX\"\nDirection r\u00e9gionale et interd\u00e9partementale de l'\u00e9conomie, de l'emploi, du travail et des solidarit\u00e9s d'\u00cele-de-France -\nIDF-2025-07-01-00003 - Arr\u00eat\u00e9 2025-09 portant agr\u00e9ment pour l'activit\u00e9 de s\u00e9jours de \u00ab Vacances adapt\u00e9es rganis\u00e9es \u00bb pour\nl'association \"LES JOURS HEUREUX\"\n21\nPREFET |DE LA REGIOND'\u00ceLE-DE-FRANCELibert\u00e9Egalit\u00e9Fraternit\u00e9\nDirection r\u00e9gionale et interd\u00e9partementale \nde l'\u00e9conomie, de l'emploi,  \ndu travail et des solidarit\u00e9s \n \n \n \n \nARRET\u00c9 2025-09 \n \nPortant agr\u00e9ment pour l'activit\u00e9 de s\u00e9jours de \n\u00ab Vacances adapt\u00e9es organis\u00e9es \u00bb \n \nLE PREFET DE LA REGION D'ILE DE FRANCE, \nPREFET DE PARIS, \nCOMMANDEUR DE LA LEGION D'HONNEUR, \nOFFICIER DE L'ORDRE NATIONAL DU MERITE \n \nVU  le code de l'action sociale et des familles, notamment son article L. 114 ; \n \nVU  le code du tourisme, notamment ses articles L. 211-1, L. 211-2, L. 412-2 et R 412-8 \u00e0 R 412 ; \n \nVU le d\u00e9cret n\u00b0 2020-1545 du 9 d\u00e9cembre 2020 relatif \u00e0 l'organisation et aux missions des directions \nr\u00e9gionales de l'\u00e9conomie, de l'emploi, du travail et des solidarit\u00e9s, des directions \nd\u00e9partementales de l'emploi, du travail et des solidarit\u00e9s et des directions d\u00e9partementales de \nl'emploi, du travail, des solidarit\u00e9s et de la protection des populations ; \n \nVU le d\u00e9cret du 22 juillet 2020 portant nomination de monsieur Marc GUILLAUME en qualit\u00e9 de \npr\u00e9fet de la r\u00e9gion d'\u00cele-de-France, pr\u00e9fet de Paris ; \n \nVU l'arr\u00eat\u00e9 pr\u00e9fectoral du 30 mars 2021 portant organisation de la direction r\u00e9gionale et \ninterd\u00e9partementale de l'\u00e9conomie, de l'emploi, du travail et des solidarit\u00e9s d'Ile-de-France ; \n \nVU l'arr\u00eat\u00e9 interminist\u00e9riel du 20 mars 2025 confiant l'int\u00e9rim \u00e0 monsieur Marc ROHFRITSCH de \nl'emploi de directeur r\u00e9gional et interd\u00e9partemental de l'\u00e9conomie, de l'emploi, du travail et \ndes solidarit\u00e9s d'Ile-de-France, \u00e0 compter du 1er avril 2025 ; \n \nVU l'arr\u00eat\u00e9 pr\u00e9fectoral 202 5-04-04-00007 du 4 avril  2025 portant d\u00e9l\u00e9gation de signature \u00e0 \nmonsieur Marc ROHFRITSCH, responsable du p\u00f4le \u00ab entreprises, emploi et solidarit\u00e9s \u00bb de la \ndirection r\u00e9gional et interd\u00e9partemental de l'\u00e9conomie, de l'emploi, du travail et des \nsolidarit\u00e9s d'\u00cele-de-France, en mati\u00e8re administrative ; \n \nVU la d\u00e9cision n\u00b0 2025-056 du 9 avril 2025 portant subd\u00e9l\u00e9gation de signature de Monsieur Marc \nROHFRITSCH, Directeur r\u00e9gional et interd\u00e9partemental de l'\u00c9conomie, de l'Emploi, du Travail \net des Solidarit\u00e9s d'\u00cele-de-France par int\u00e9rim, aux agents de l'unit\u00e9 r\u00e9gionale ; \n \nVU  le dossier de demande d'agr\u00e9ment \u00ab Vacances adapt\u00e9es organis\u00e9es \u00bb produit ; \n \n \n \n \n \nDirection r\u00e9gionale et interd\u00e9partementale de l'\u00e9conomie, de l'emploi, du travail et des solidarit\u00e9s d'\u00cele-de-France -\nIDF-2025-07-01-00003 - Arr\u00eat\u00e9 2025-09 portant agr\u00e9ment pour l'activit\u00e9 de s\u00e9jours de \u00ab Vacances adapt\u00e9es rganis\u00e9es \u00bb pour\nl'association \"LES JOURS HEUREUX\"\n22\n2/2 \nARR\u00caT\u00c9 : \n \nArticle 1er : L'agr\u00e9ment \u00ab vacances adapt\u00e9es organis\u00e9es \u00bb pr\u00e9vu par l'article R 412-12 du code du tourisme \nest d\u00e9livr\u00e9 \u00e0 l'association : \n \nLES JOURS HEUREUX \n20, rue Rib\u00e9ra \n75 016 PARIS \n \n \nArticle 2 : L'agr\u00e9ment est accord\u00e9 pour une dur\u00e9e de cinq ans \u00e0 compter de la date du pr\u00e9sent arr\u00eat\u00e9. \n \nArticle 3 : L'agr\u00e9ment est d\u00e9livr\u00e9 pour l'organisation de s\u00e9jours en France. \n \nArticle 4 : En r\u00e9f\u00e9rence \u00e0 l'article R 412-13, l'association \u00ab Les jours heureux \u00bb transmettra au pr\u00e9fet de \nr\u00e9gion d'Ile-de-France, un bilan circonstanci\u00e9 quantitatif, qualitatif et financier des activit\u00e9s \nde vacances adapt\u00e9es organis\u00e9es mises en \u0153uvre dans le courant de l'ann\u00e9e \u00e9coul\u00e9e. Le bilan \npr\u00e9cise les moyens mis en \u0153uvre pour rem\u00e9 dier aux dysfonctionnements \u00e9ventuellement \nconstat\u00e9s lors des contr\u00f4les. \n \nArticle 5 : En r\u00e9f\u00e9rence \u00e0 l'article R 412-13-1, l'association \u00ab Les jours heureux \u00bb informera le pr\u00e9fet de \nr\u00e9gion dans un d\u00e9lai de deux mois de tout changement substantiel affectant les \u00e9l\u00e9ments \nmat\u00e9riels au vu desquels l'agr\u00e9ment a \u00e9t\u00e9 d\u00e9livr\u00e9. \n \nArticle 6 : L'agr\u00e9ment pourra \u00eatre retir\u00e9 dans les conditions pr\u00e9vues par l'article R412 -17 du code du \ntourisme. \n \nArticle 7 : Le directeur r\u00e9gional et interd\u00e9partemental de l'\u00e9conomie, de l'emploi, du travail et des \nsolidarit\u00e9s d'\u00cele-de-France, est charg\u00e9 de l'ex\u00e9cution du pr\u00e9sent arr\u00eat\u00e9, qui sera publi\u00e9 au \nrecueil des actes administratifs de la Pr\u00e9fecture et notifi\u00e9 \u00e0 l'association \u00ab Les jours heureux \u00bb. \n \n \nFait \u00e0 Aubervilliers, le 1er juillet 2025 \n \n        \nPour le pr\u00e9fet de la r\u00e9gion d'\u00cele-de-France,  \nPr\u00e9fet de Paris et par d\u00e9l\u00e9gation, \nLe directeur r\u00e9gional et interd\u00e9partemental de \nl'\u00e9conomie, de l'emploi, du travail et des \nsolidarit\u00e9s d'\u00cele-de-France \n \n \nSIGN\u00c9 \n \nJean MENJON \n \n \n \n \n                    \n                                                                                           \n \nDirection r\u00e9gionale et interd\u00e9partementale de l'\u00e9conomie, de l'emploi, du travail et des solidarit\u00e9s d'\u00cele-de-France -\nIDF-2025-07-01-00003 - Arr\u00eat\u00e9 2025-09 portant agr\u00e9ment pour l'activit\u00e9 de s\u00e9jours de \u00ab Vacances adapt\u00e9es rganis\u00e9es \u00bb pour\nl'association \"LES JOURS HEUREUX\"\n23\nDirection r\u00e9gionale et interd\u00e9partementale de\nl'environnement, de l'am\u00e9nagement et des\ntransports d'\u00cele-de-France\nIDF-2025-06-18-00005\nArr\u00eat\u00e9 de mise en demeure DRIEAT N\u00b0\n2025-0566 portant sur le centre de formation MT\nLEARNING\nDirection r\u00e9gionale et interd\u00e9partementale de l'environnement, de l'am\u00e9nagement et des transports d'\u00cele-de-France -\nIDF-2025-06-18-00005 - Arr\u00eat\u00e9 de mise en demeure DRIEAT N\u00b0 2025-0566 portant sur le centre de formation MT LEARNING 24\nDirection r\u00e9gionale et interd\u00e9partementale\nde l'environnement, de l'am\u00e9nagement\net des transports d'\u00cele-de-France\nARR\u00caTE DE MISE EN DEMEURE  \u2013 DRIEAT \u2013 IDF N\u00b0 2025 -  0566\nLE PR\u00c9FET DE LA R\u00c9GION D'\u00ceLE-DE-FRANCE, PR\u00c9FET DE P ARIS,\nOFFICIER DE LA L\u00c9GION D'HONNEUR, OFFICIER DE L'ORDRE NATIONAL DU M\u00c9RITE\nVU l'arr\u00eat\u00e9  du  2  ao\u00fbt  2024  relatif  aux  modalit\u00e9s  de  l'obtention  des  attestations  de  capacit\u00e9\nprofessionnelles en transport  routier l\u00e9ger et not amment le chapitre V de son annexe r\u00e9serv\u00e9e au\ncahier des charges\u00a0;\nVU le d\u00e9cret n\u00b02023-1218 du 20 d\u00e9cembre 2023 portant d iverses dispositions en mati\u00e8re de transports\nroutiers et modifiant le code des transports;\nVU l'arr\u00eat\u00e9 n\u00b0IDF-2022-07-19-00005 du 19 juillet 2022  du pr\u00e9fet de la r\u00e9gion \u00cele-de-France, pr\u00e9fet de\nParis,  portant  d\u00e9l\u00e9gation  de  signature  \u00e0  Madame  Emm anuelle  GAY,  directrice  r\u00e9gionale  et\ninterd\u00e9partementale  de  l'environnement,  de  l'am\u00e9nag ement  et  des  transports  d'\u00cele-de-France\n(DRIEAT), en mati\u00e8re administrative\u00a0;\nVU la d\u00e9cision DRIEAT-IdF n\u00b02025-0393 du 2 mai 2025 p ortant subd\u00e9l\u00e9gation de signature en mati\u00e8re\nadministrative ;\nVU le contr\u00f4le de jury qui s'est tenu au sein du cent re de formation MT LEARNING le 05 juin 2025, et\nconsid\u00e9rant d'une part, que la notation des copies d'examen ne respecte pas le bar\u00e8me pr\u00e9vu au\ncahier des charges, et d'autre part, que les copies  ont fait l'objet d'attribution de points pour des\nr\u00e9ponses fausses\u00a0;\nSur  proposition  de  la  directrice  r\u00e9gionale  et  interd\u00e9partementale  de  l'environnement,  de\nl'am\u00e9nagement et des transports d'\u00cele-de-France\u00a0;\nARR\u00caTE\u00a0:\nT\u00e9l\u00a0: 01 40 61 80 80\nDRIEAT, Site du Ponant,\n27 rue Leblanc - CS 57246 - 75732 PARIS CEDEX 15  \nwww.drieat.ile-de-france.developpement-durable.gouv.fr 1/2\nDirection r\u00e9gionale et interd\u00e9partementale de l'environnement, de l'am\u00e9nagement et des transports d'\u00cele-de-France -\nIDF-2025-06-18-00005 - Arr\u00eat\u00e9 de mise en demeure DRIEAT N\u00b0 2025-0566 portant sur le centre de formation MT LEARNING 25\nArticle 1 : \nLe centre de formation MT LEARNING dont le si\u00e8ge social est situ\u00e9 21 rue Franklin 93100 Montreuil\net dont le num\u00e9ro Siret est 977765155 00014, est mis en demeure d e\u00a0respecter, dans un d\u00e9lai de 2\nmois  le  bar\u00e8me  des  points  d\u00e9crits  au  chapitre  V  de  l'annexe  de  l'arr\u00eat\u00e9  du  2  ao\u00fbt  2024  en\nappliquant les r\u00e8gles de correction des questionnai res d'examen sans attribuer de points lorsque la\nr\u00e9ponse est fausse et sans surnoter les copies\u00a0;\nCette pratique d'attribution de points pour r\u00e9ponses fausses facilite l'obtention de l'examen  pour\ndes candidats qui n'ont pas le niveau.\nArticle 2 : \nLa DRIEAT est charg\u00e9e de l'application du pr\u00e9sent arr \u00eat\u00e9.  Cet arr\u00eat\u00e9 sera notifi\u00e9 au centre de\nformation et publi\u00e9e au recueil des actes administratifs de la pr\u00e9fecture de la r\u00e9gion \u00cele-de-France.\nArticle 3 : \nLe pr\u00e9sent arr\u00eat\u00e9 peut faire l'objet , d'un recours gracieux, d'un recours hi\u00e9rarchique ou d'un recours\ncontentieux aupr\u00e8s du tribunal administratif de Paris, dans les deux mois suivant sa notification.\nA Paris, le 18 juin 2025\n          Pour le Pr\u00e9fet de la r\u00e9gion  d'\u00cele-de-France,\npar d\u00e9l\u00e9gation,\n                       L'Adjoint au  Chef du d\u00e9partement r\u00e9gulation\n               des transports routiers \n                                                  \nSign\u00e9            Ronan MEAR\n2/2\nDirection r\u00e9gionale et interd\u00e9partementale de l'environnement, de l'am\u00e9nagement et des transports d'\u00cele-de-France -\nIDF-2025-06-18-00005 - Arr\u00eat\u00e9 de mise en demeure DRIEAT N\u00b0 2025-0566 portant sur le centre de formation MT LEARNING 26\nRectorat de la r\u00e9gion acad\u00e9mique\nd'Ile-de-France, rectorat de l'acad\u00e9mie de Paris\nIDF-2025-06-26-00003\nArr\u00eat\u00e9 n\u00b0 2025-081-RRA portant agr\u00e9ment au\ntitre de la Jeunesse et de l'\u00c9ducation Populaire \n(association LES FRIPONS - SDJES de Paris)\nRectorat de la r\u00e9gion acad\u00e9mique d'Ile-de-France, rectorat de l'acad\u00e9mie de Paris - IDF-2025-06-26-00003 - Arr\u00eat\u00e9 n\u00b0 2025-081-RRA\nportant agr\u00e9ment au titre de la Jeunesse et de l'\u00c9ducation Populaire  (association LES FRIPONS - SDJES de Paris) 27\nREGION ACADEMIQUE\u00ceLE-DE-FRANCELibert\u00e9\u00c9galit\u00e9Fraternit\u00e9\n  \n \nService d\u00e9partemental \u00e0 la jeunesse,  \n\u00e0 l'engagement et aux sports de Paris  \n \n \n \n \nService D\u00e9partemental \u00e0 la Jeunesse, \u00e0 l'Engagement et aux Sports de Paris \n6/8 rue Eug\u00e8ne Oudin\u00e9 \u2013 CS 81360 - 75634 PARIS CEDEX 13 \n \n \n \n \nARR\u00caT\u00c9 N\u00b02025-081-RRA  \nportant agr\u00e9ment au titre de la Jeunesse et de l'\u00c9ducation Populaire \n \nLA RECTRICE DE LA R\u00c9GION ACAD\u00c9MIQUE \u00ceLE-DE-FRANCE \nRECTRICE DE PARIS \nCHANCELIERE DES UNIVERSIT\u00c9S DE PARIS  \nET D'\u00ceLE-DE-FRANCE  \n \nVu la loi n\u00b0 2001-624 du 17 juillet 2001 portant diverses dispositions d'ordre social, \u00e9ducatif et culturel et notamment \nson article 8 ;  \nVu le d\u00e9cret n\u00b0 2002-571 du 22 avril 2002 pris pour l'application du premier alin\u00e9a de l'article 8 de la loi n\u00b0 2001-624 \net relatif \u00e0 l'agr\u00e9ment des associations de jeunesse et d'\u00e9ducation populaire ;  \nVu le d\u00e9cret n\u00b0 2019-838 du 19 ao\u00fbt 2019 portant diverses mesures de simplification pour le minist\u00e8re de l'\u00e9ducation \nnationale et de la jeunesse ; \nVu le d\u00e9cret du Pr\u00e9sident de la R\u00e9publique du 12 mars 2025 nommant Mme Julie BENETTI, rectrice de la r\u00e9gion \nacad\u00e9mique \u00cele-de-France, rectrice de l'acad\u00e9mie de Paris ;  \nVu l'arr\u00eat\u00e9 n\u00b02020-32 du 21 d\u00e9cembre 2020 modifi\u00e9 portant organisation de la d\u00e9l\u00e9gation r\u00e9gionale acad\u00e9mique \u00e0 \nla jeunesse, \u00e0 l'engagement et aux sports et des services d\u00e9partementaux \u00e0 la jeunesse, \u00e0 l'engagement et aux sports; \nVu le protocole r\u00e9gional d\u00e9partemental conclu entre le pr\u00e9fet de la r\u00e9gion d'Ile -de-France, pr\u00e9fet de Paris, et le \nrecteur de la r\u00e9gion acad\u00e9mique d'Ile-de-France, recteur de l'acad\u00e9mie de Paris, le 24 d\u00e9cembre 2020 ; \n \nVu l'arr\u00eat\u00e9 n\u00b0 75-2025-03-26-00004 du 26 mars 2025 portant d\u00e9l\u00e9gation du pr\u00e9fet de la r\u00e9gion d'Ile-de-France, \npr\u00e9fet de Paris \u00e0 Mme Julie BENETTI, rectrice de la r\u00e9gion acad\u00e9mique Ile-de-France, rectrice de l'acad\u00e9mie de \nParis, en mati\u00e8re administrative ; \n \nVu l'arr\u00eat\u00e9 minist\u00e9riel du 4 mai 2021 nommant Mme Jeanne DELACOURT dans l'emploi d e conseill\u00e8re du directeur \nacad\u00e9mique des services de l'\u00e9ducation en mati\u00e8re de jeunesse, d'engagement et de sports de Paris ; \n \nVu le d\u00e9cret du Pr\u00e9sident de la R\u00e9publique du 26 f\u00e9vrier 2025 portant nomination de M. Laurent NOE en qualit\u00e9 \nde directeur de l'acad\u00e9mie de Paris ;  \n \nVu l'arr\u00eat\u00e9 n\u00b0 2025-033-RRA du 27 mars 2025 portant subd\u00e9l\u00e9gation de signature en mati\u00e8re administrative de la \nrectrice de la r\u00e9gion acad\u00e9mique Ile-de-France, rectrice de l'acad\u00e9mie de Paris pour la mise en \u0153uvre des missions \nde jeunesse, d'engagement et de sports ;  \n \nConsid\u00e9rant la demande compl\u00e8te formul\u00e9e par l'association en date du 14/06/2025 ; \n \nConsid\u00e9rant que l'association ci-dessous d\u00e9tient un arr\u00eat\u00e9 portant tronc commun d'agr\u00e9ment en cours de validit\u00e9 \nau moment de l'instruction de la demande ; \n \nConsid\u00e9rant que l'association ci -dessous remplit les conditions r\u00e9glementaires relatives \u00e0 l'agr\u00e9ment des \nassociations de jeunesse et d'\u00e9ducation populaire ; \nRectorat de la r\u00e9gion acad\u00e9mique d'Ile-de-France, rectorat de l'acad\u00e9mie de Paris - IDF-2025-06-26-00003 - Arr\u00eat\u00e9 n\u00b0 2025-081-RRA\nportant agr\u00e9ment au titre de la Jeunesse et de l'\u00c9ducation Populaire  (association LES FRIPONS - SDJES de Paris) 28\n \n \n2 \n \n \nARR\u00caT\u00c9 \n \nArticle premier : \nL'agr\u00e9ment au titre des associations de jeunesse et d'\u00e9ducation populaire est attribu\u00e9 \u00e0 l'association : \n \nLES FRIPONS \nRNA : W751233069 \n \ndont le si\u00e8ge social est situ\u00e9 \u00e0 : 18 rue Ramus 75020 - Paris \n \n \ndont l'objet statutaire est :  \n \n- promouvoir la diversit\u00e9 et le dialogue social, en sensibilisant notamment aux m\u00e9thodes innovantes de \npartage du savoir et aux questions de soci\u00e9t\u00e9 par la cr\u00e9ation num\u00e9rique, audiovisuelle, et artistique. \n \n \nLe num\u00e9ro de l'agr\u00e9ment \u00e0 rappeler dans les correspondances avec l'administration est le suivant :  \n2025-JEP-18 \n \nArticle 2 :  \nL'association mentionn\u00e9e ci -dessus est tenue d'informer sans d\u00e9lai l'autorit\u00e9 publique comp\u00e9tente de tout \nchangement relatif aux crit\u00e8res d'attribution du pr\u00e9sent agr\u00e9ment et notamment les changements de si\u00e8ge social, \nde statuts et de repr\u00e9sentant l\u00e9gal. \n \nArticle 3 : \nL'association mentionn\u00e9e ci -dessus tiendra \u00e0 disposition de l'administration, dans le cadre d'un contr\u00f4le, tout \ndocument justifiant de l'agr\u00e9ment et notamment les proc\u00e8s -verbaux d'assembl\u00e9e g\u00e9n\u00e9rale, les rapports financiers \ndes exercices \u00e9coul\u00e9s et les rapports annuels d'activit\u00e9s. \n \nArticle 4 : \nCet agr\u00e9ment de jeunesse et d'\u00e9ducation populaire n'est valide que si l'association mentionn\u00e9e ci-dessus d\u00e9tient un \ntronc commun d'agr\u00e9ment en cours de validit\u00e9. \n \nArticle 5 :  \nL'arr\u00eat\u00e9 entre en vigueur \u00e0 compter de la date de sa publication et pour une dur\u00e9e de cinq ans. \n \nArticle 6 : \nLe d\u00e9l\u00e9gu\u00e9 de la r\u00e9gion acad\u00e9mique \u00e0 la jeunesse, \u00e0 l'engagement et aux sports est charg\u00e9 de l'ex\u00e9cution du pr\u00e9sent \narr\u00eat\u00e9 qui sera publi\u00e9 au recueil des actes administratifs de la pr\u00e9fecture de r\u00e9gion d'\u00cele -de-France, pr\u00e9fecture de \nParis. \n \nFait \u00e0 Paris, le 26/06/2025 \n \n \n \n \n \n \n \n \n \n \n \nPour la rectrice, et par subd\u00e9l\u00e9gation, \nla conseill\u00e8re du directeur de l'acad\u00e9mie de \nParis, cheffe du service d\u00e9partemental \u00e0 la \njeunesse, \u00e0 l'engagement et aux sports de Paris \n \n                                     Sign\u00e9 \nJeanne DELACOURT  \n \n \n \n \nRectorat de la r\u00e9gion acad\u00e9mique d'Ile-de-France, rectorat de l'acad\u00e9mie de Paris - IDF-2025-06-26-00003 - Arr\u00eat\u00e9 n\u00b0 2025-081-RRA\nportant agr\u00e9ment au titre de la Jeunesse et de l'\u00c9ducation Populaire  (association LES FRIPONS - SDJES de Paris) 29\nRectorat de la r\u00e9gion acad\u00e9mique\nd'Ile-de-France, rectorat de l'acad\u00e9mie de Paris\nIDF-2025-06-26-00004\nArr\u00eat\u00e9 n\u00b0 2025-082-RRA portant reconnaissance\ndu tronc commun d'agr\u00e9ment d'une association\n (association LES FRIPONS - SDJES de Paris)\nRectorat de la r\u00e9gion acad\u00e9mique d'Ile-de-France, rectorat de l'acad\u00e9mie de Paris - IDF-2025-06-26-00004 - Arr\u00eat\u00e9 n\u00b0 2025-082-RRA\nportant reconnaissance du tronc commun d'agr\u00e9ment d'une association\n (association LES FRIPONS - SDJES de Paris)\n30\nREGION ACADEMIQUE\u00ceLE-DE-FRANCELibert\u00e9\u00c9galit\u00e9Fraternit\u00e9\n  \n \nService d\u00e9partemental \u00e0 la jeunesse,  \n\u00e0 l'engagement et aux sports de Paris  \n \n \n \n \nService D\u00e9partemental \u00e0 la Jeunesse, \u00e0 l'Engagement et aux Sports de Paris  \n6/8 rue Eug\u00e8ne Oudin\u00e9 \u2013 CS 81360 - 75634 PARIS CEDEX 13 \n \n \n \n \n              ARR\u00caT\u00c9 N\u00b02025-082-RRA \n \nportant reconnaissance du tronc commun d'agr\u00e9ment d'une association \n \nLA RECTRICE DE LA R\u00c9GION ACAD\u00c9MIQUE \u00ceLE-DE-FRANCE \nRECTRICE DE PARIS \nCHANCELIERE DES UNIVERSIT\u00c9S DE PARIS  \nET D'\u00ceLE-DE-FRANCE  \n \n \nVU  la loi n\u00b0 2000 -321 du 12 avril 2000 modifi\u00e9e relative aux droits des citoyens dans leurs relations avec les \nadministrations et notamment son article 25-1 ; \nVU le d\u00e9cret n\u00b0 2017 -908 du 6 mai 2017 portant diverses dispositions relatives au r\u00e9gime juridique des \nassociations, des fondations, des fonds de dotation et des organismes faisant appel public \u00e0 la g\u00e9n\u00e9rosit\u00e9 \net notamment ses articles 15 \u00e0 21 ; \nVU le d\u00e9cret du Pr\u00e9sident de la R\u00e9publique du 12 mars 2025 nommant Mme Julie BENETTI, rectrice de la r\u00e9gion \nacad\u00e9mique \u00cele-de-France, rectrice de l'acad\u00e9mie de Paris ;  \nVU l'arr\u00eat\u00e9 n\u00b02020 -32 du 21 d\u00e9cembre 2020 modifi\u00e9 portant organisation de la d\u00e9l\u00e9gation r\u00e9 gionale \nacad\u00e9mique \u00e0 la jeunesse, \u00e0 l'engagement et aux sports et des services d\u00e9partementaux \u00e0 la jeunesse, \u00e0 \nl'engagement et aux sports ; \nVU le protocole r\u00e9gional d\u00e9partemental conclu entre le pr\u00e9fet de la r\u00e9gion d'Ile -de-France, pr\u00e9fet de Paris, et \nle recteur de la r\u00e9gion acad\u00e9mique d'Ile-de-France, recteur de l'acad\u00e9mie de Paris, le 24 d\u00e9cembre 2020; \n \nVU l'arr\u00eat\u00e9 n\u00b0 75-2025-03-26-00004 du 26 mars 2025 portant d\u00e9l\u00e9gation du pr\u00e9fet de la r\u00e9gion d'Ile-de-France, \npr\u00e9fet de Paris \u00e0 Mme Julie BENETTI, rectrice de la r\u00e9gion acad\u00e9mique Ile-de-France, rectrice de \nl'acad\u00e9mie de Paris, en mati\u00e8re administrative ; \n \nVU  l'arr\u00eat\u00e9 minist\u00e9riel du 4 mai 2021 nommant Mme Jeanne DELACOURT dans l'emploi de conseill\u00e8re du \ndirecteur acad\u00e9mique des services de l'\u00e9ducation en mati\u00e8re de jeunesse, d'engagement et de sports de \nParis ; \n \nVU  le d\u00e9cret du Pr\u00e9sident de la R\u00e9publique du 26 f\u00e9vrier 2025 portant nomination de M. Laurent NOE en qualit\u00e9 \nde directeur de l'acad\u00e9mie de Paris ;  \n \nVU l'arr\u00eat\u00e9 n\u00b0 2025-033-RRA du 27 mars 2025 portant subd\u00e9l\u00e9gation de signature en mati\u00e8re administrative \nde la rectrice de la r\u00e9gion acad\u00e9mique Ile-de-France, rectrice de l'acad\u00e9mie de Paris ; pour la mise en \n\u0153uvre des missions de jeunesse, d'engagement et de sports ;  \n \n \n \n \n  \n \nRectorat de la r\u00e9gion acad\u00e9mique d'Ile-de-France, rectorat de l'acad\u00e9mie de Paris - IDF-2025-06-26-00004 - Arr\u00eat\u00e9 n\u00b0 2025-082-RRA\nportant reconnaissance du tronc commun d'agr\u00e9ment d'une association\n (association LES FRIPONS - SDJES de Paris)\n31\n \n \n2 \nARR\u00caT\u00c9 \n \n \nArticle premier :  \nL'association suivante est r\u00e9put\u00e9e satisfaire aux conditions portant sur le tronc commun d'agr\u00e9ment : \nla libert\u00e9 de conscience de ses membres, le respect du principe de non-discrimination, un mode de fonctionnement \nd\u00e9mocratique, une gestion financi\u00e8re transparente, permettre l'\u00e9gal acc\u00e8s des hommes, des femmes et des jeunes \naux instances dirigeantes.et respecter le contrat d'engagement r\u00e9publicain. \n \n \nLES FRIPONS \n \nRNA: W751233069 \n \ndont le si\u00e8ge social est situ\u00e9 \u00e0 : 18 rue Ramus 75020 - Paris \n \n \nArticle 2 :  \nL'arr\u00eat\u00e9 entre en vigueur \u00e0 compter de la date de sa publication et pour une dur\u00e9e de cinq ans. \n \nArticle 3 : \nL'association mentionn\u00e9e ci -dessus est tenue d'informer sans d\u00e9lai l'autorit\u00e9 publique comp\u00e9tente de tout \nchangement relatif aux crit\u00e8res d'attribution de la pr\u00e9sente reconnaissance et notamment les changements de si\u00e8ge \nsocial, de statuts et de repr\u00e9sentant l\u00e9gal. \n \nArticle 4 : \nL'association mentionn\u00e9e ci -dessus tiendra \u00e0 disposition de l'administration, dans le cadre d'un contr\u00f4le, tout \ndocument justifiant de la reconnaissance du tronc commun et notamment les proc\u00e8s -verbaux d'assembl\u00e9e \ng\u00e9n\u00e9rale, les rapports financiers des exercices \u00e9coul\u00e9s et les rapports annuels d'activit\u00e9s. \n \nArticle 5 : \nLe d\u00e9l\u00e9gu\u00e9 de la r\u00e9gion acad\u00e9mique \u00e0 la jeunesse, \u00e0 l'engagement et aux sports est charg\u00e9 de l'ex\u00e9cution du pr\u00e9sent \narr\u00eat\u00e9 qui sera publi\u00e9 au recueil des actes administratifs de la pr\u00e9fecture de r\u00e9gion d'\u00cele -de-France, pr\u00e9fecture de \nParis. \n \n \nFait \u00e0 Paris, le 26/06/2025 \n \n \n \n \n \n \n \n \n \n \n \n \nPour la rectrice, et par subd\u00e9l\u00e9gation, \nla conseill\u00e8re du directeur de l'acad\u00e9mie de \nParis, cheffe du service d\u00e9partemental \u00e0 la \njeunesse, \u00e0 l'engagement et aux sports de Paris \n \nSign\u00e9 \n \nJeanne DELACOURT  \n \n \n \n \n \n \nRectorat de la r\u00e9gion acad\u00e9mique d'Ile-de-France, rectorat de l'acad\u00e9mie de Paris - IDF-2025-06-26-00004 - Arr\u00eat\u00e9 n\u00b0 2025-082-RRA\nportant reconnaissance du tronc commun d'agr\u00e9ment d'une association\n (association LES FRIPONS - SDJES de Paris)\n32","date":"2025-07-01","first_seen_on":"2025-07-01T18:37:26+00:00","id":"4bd77db28b7fd7e22be55ae16bb2dc4942686e8eada1ab0d40a8229119d13510","name":"recueil-idf-003-2025-07-recueil-des-actes-administratifs-special du 01.07.2025","pdf_creation_date":"2025-07-01T14:36:07+00:00","pdf_modification_date":null,"timezone":"Europe/Paris","url":"https://www.prefectures-regions.gouv.fr/ile-de-france/irecontenu/telechargement/129069/950939/file/recueil-idf-003-2025-07-recueil-des-actes-administratifs-special%20du%2001.07.2025.pdf"}
