{"administration":"pref50","administration_name":"Pr\u00e9fecture de la Manche","content":"RECUEIL DES ACTES\nADMINISTRATIFS\nDE LA MANCHE\nDOCUMENTATION\nET\nINFORMATIONS\nJUILLET 2023\nNUMERO SPECIAL N\u00b0 64\nLe contenu int\u00e9gral des textes et/ou les documents et plans annex\u00e9s\npeut \u00eatre consult\u00e9 aupr\u00e8s du service sous le timbre duquel la publication\nest r\u00e9alis\u00e9e et sur le site Internet de la pr\u00e9fecture :\nhttp://www.manche.gouv.fr\nRubrique : Publications - Annonces et avis - Recueil des actes administratifs\n\nS O M M A I R E\nCABINET DU PREFET...............................................................................................................................................................................................2\nArr\u00eat\u00e9 temporaire du 22 juillet 2023 portant interdiction de la circulation fluviale sur la Vire entre la base de cano\u00eb kayak situ\u00e9e \u00e0 \nCond\u00e9 sur Vire et la commune de Tessy-Bocage.......................................................................................................................................................2\nDIRECTION DEPARTEMENTALE DES TERRITOIRES ET DE LA MER.................................................................................................................2\nArr\u00eat\u00e9 n\u00b0 DDTM CM-S-2023-003 du19 juillet 2023 portant autorisation d'ouverture et d'exploitation provisoire de la p\u00eache de palourdes\n(Venerupis decussata) dans la zone 50-18-19 Bricqueville \u00e0 Coudeville...................................................................................................................2\nArr\u00eat\u00e9 n\u00b0DDTM -DIR- 2023-16 du 24 juillet 2023 donnant subd\u00e9l\u00e9gation de signature de Mme Martine CAVALLERA-LEVI \u00e0 certains de\nses collaborateurs........................................................................................................................................................................................................4\nArr\u00eat\u00e9 n\u00b0DDTM-DIR \u2013 2023-17 du 24 juillet 2023 donnant subd\u00e9l\u00e9gation de signature de Mme Martine CAVALLERA-LEVI aux \nordonnateurs secondaires d\u00e9l\u00e9gu\u00e9s...........................................................................................................................................................................9\nDIVERS......................................................................................................................................................................................................................14\nDISP - DIRECTION INTERR\u00c9GIONALE DES SERVICES P\u00c9NITENTIAIRES DE BRETAGNE-NORMANDIE-PAYS DE LOIRE \u2013 MAISON D'ARR\u00caTE DE CHERBOURG\n...................................................................................................................................................................................................................................14\nArr\u00eat\u00e9 du 21 juillet 2023 portant d\u00e9l\u00e9gation de signature \u00e0 Madame Marilyn BENOOT en qualit\u00e9 de cheffe d'\u00e9tablissement de la \nmaison d'arr\u00eat de CHERBOURG \u00e0 compter du 28 juillet 2023.................................................................................................................................14\nArr\u00eat\u00e9 du 21 juillet 2023 portant d\u00e9l\u00e9gation de signature \u00e0 Madame Marilyn BENOOT en qualit\u00e9 de cheffe d'\u00e9tablissement de la \nmaison d'arr\u00eat de CHERBOURG \u00e0 compter du 18 ao\u00fbt 2023..................................................................................................................................14\n\uf0bf\nCABINET DU PREFET\nArr\u00eat\u00e9 temporaire du 22 juillet 2023 portant interdiction de la circulation fluviale sur la Vire entre la base de cano\u00eb kayak situ\u00e9e \u00e0\nCond\u00e9 sur Vire et la commune de Tessy-Bocage\nArt. 1 : \u00c0 compter du 22/07/2023 et jusqu'au 25/07/2023 \u00e0 18h00, les prescriptions suivantes s'appliquent sur la Vire entre la base de cano\u00eb \nkayak situ\u00e9e \u00e0 Cond\u00e9 sur Vire et Tessy-Bocage,\nPour des raisons de s\u00e9curit\u00e9 la circulation fluviale est interdite dans les deux sens entre la base de cano\u00eb kayak situ\u00e9e \u00e0 Cond\u00e9 sur Vire et la \ncommune de Tessy-Bocage,\nArt. 2 : La signalisation r\u00e9glementaire conforme aux dispositions de l'Instruction interminist\u00e9rielle sur la signalisation fluviale sera mise en place \npar Saint-L\u00f4 agglo,\nArt. 3 : Les dispositions d\u00e9finies par le pr\u00e9sent arr\u00eat\u00e9 prendront effet imm\u00e9diatement \u00e0 la signature de l'arr\u00eat\u00e9,\nArt. 4 : Le sous-pr\u00e9fet de l'arrondissement d'Avranches, la sous-pr\u00e9f\u00e8te de l'arrondissement de Saint-L\u00f4, le colonel commandant le groupement \nde gendarmerie d\u00e9partementale de la Manche, le pr\u00e9sident de Saint-L\u00f4 agglo, les maires de Cond\u00e9-sur-Vire et Tessy-Bocage sont charg\u00e9s \nchacun en ce qui les concerne, de l'ex\u00e9cution du pr\u00e9sent arr\u00eat\u00e9 qui sera publi\u00e9 au recueil des actes administratifs de la pr\u00e9fecture de la Manche\net dont une copie sera transmise \u00e0 Monsieur le Procureur de la R\u00e9publique pr\u00e8s le tribunal judiciaire de Coutances.   \nArt. 5 : Conform\u00e9ment aux dispositions des articles R.421-1 \u00e0 R.421-5 du code de justice administrative, le pr\u00e9sent arr\u00eat\u00e9 peut faire l'objet d'un \nrecours contentieux devant le tribunal administratif de Caen \u2013 3 Rue Arthur le Duc, 14000 Caen dans un d\u00e9lai de deux mois \u00e0 compter de la \ndate de sa notification ou de sa publication. Dans ce m\u00eame d\u00e9lai, un recours gracieux peut \u00eatre pr\u00e9sent\u00e9 \u00e0 l'auteur de la d\u00e9cision (ou bien un \nrecours hi\u00e9rarchique devant le minist\u00e8re de l'Int\u00e9rieur). Dans ce cas, le recours contentieux sera introduit dans les deux mois suivant la \nr\u00e9ponse.\nLe tribunal administratif peut \u00eatre saisi par l'application informatique \u00ab T\u00e9l\u00e9recours citoyens \u00bb accessible par le site internet www.telerecours.fr. \nSign\u00e9 : Pour le Pr\u00e9fet et par d\u00e9l\u00e9gation, le Sous-Pr\u00e9fet :Pierre CHAULEUR\nCet arr\u00eat\u00e9 a \u00e9t\u00e9 publi\u00e9 le 22 juillet 2023 sur le site internet de la Pr\u00e9fecture de la Manche \u2013 Rubrique \u00ab  Publications / Recueil des actes\nadministratifs / 2023 / JUILLET \u00bb\n\uf0bf\nDIRECTION DEPARTEMENTALE DES TERRITOIRES ET DE LA MER\nArr\u00eat\u00e9 n\u00b0 DDTM CM-S-2023-003 du19 juillet 2023 portant autorisation d'ouverture et d'exploitation provisoire de la p\u00eache de palourdes\n(Venerupis decussata) dans la zone 50-18-19 Bricqueville \u00e0 Coudeville\nConsid\u00e9rant la demande du Comit\u00e9 R\u00e9gional des P\u00eaches Maritimes et des \u00c9levages Marins (CRPMEM) de Normandie le 21 mars 2023 pour\nl'exploitation du gisement de palourdes  (Venerupis decussata) situ\u00e9 dans la zone 50-18-19 Bricqueville \u00e0 Coudeville ;\nConsid\u00e9rant les r\u00e9sultats des analyses bact\u00e9riologiques effectu\u00e9es sur des pr\u00e9l\u00e8vements de palourdes r\u00e9colt\u00e9s au point REMI n\u00b0 018-P-\n122 situ\u00e9 dans la zone 50-18-19 Bricqueville \u00e0 Coudeville entre le 19 avril 2023 et le 04 juillet 2023   ainsi qu'au point REMI n\u00b0 018-P-091\nsitu\u00e9 dans la zone 50-18-19 Bricqueville \u00e0 Coudeville le 6 avril 2023;\nArt. 1 :En application de la r\u00e9glementation sanitaire, la r\u00e9colte des palourdes (Venerupis decussata)  est autoris\u00e9e dans la zone n\u00b0 50-18-19\nBricqueville \u00e0 Coudeville \u00e0 compter de la signature du pr\u00e9sent arr\u00eat\u00e9 pour une dur\u00e9e de 4 mois \u00e9ventuellement renouvelable.\nLa d\u00e9limitation du gisement autoris\u00e9 pour la p\u00eache est d\u00e9finie comme suit et pr\u00e9cis\u00e9e dans l'annexe 1 jointe au pr\u00e9sent arr\u00eat\u00e9  : - limite nord  :\n100 m au sud des bouchots de Lingreville (coordonn\u00e9es g\u00e9ographiques WGS 84 : N 48\u00b055,6510' W 001\u00b033,6640'W / N 48\u00b056,0360' W\n001\u00b034,8380'  / N 48\u00b056,0050'   W 001\u00b035,7510')  - limite sud  : prolongement  de la cale de Br\u00e9ville(N 48\u00b052,1450'  W 001\u00b034,5470'  / N\n48\u00b052,2140 W 001\u00b035,4860') - limite ouest : laisse de basse mer - limite est : laisse de haute mer\nArt. 2 : La qualit\u00e9 sanitaire des coquillages r\u00e9colt\u00e9s est \u00e9tablie en cat\u00e9gorie B durant la p\u00e9riode autoris\u00e9e d\u00e9finie \u00e0 l'article 1.\nLes coquillages r\u00e9colt\u00e9s sont soumis \u00e0 une purification pr\u00e9alable \u00e0 leur mise \u00e0 la consommation humaine, dans un centre de purification agr\u00e9\u00e9.\nLes lots r\u00e9colt\u00e9s sont achemin\u00e9s dans ces centres accompagn\u00e9s d'un document d'enregistrement conform\u00e9ment \u00e0 la r\u00e9glementation.\nArt.  3 :Une surveillance  bact\u00e9riologique  du gisement  de  la zone  est  mise en  place  tout  au  long  de l'exploitation  selon une  fr\u00e9quence\nbimensuelle.\nTout d\u00e9passement du seuil de 4600 E.coli/100g CLI donne lieu au d\u00e9clenchement d'une alerte et \u00e0 son suivi selon les modalit\u00e9s g\u00e9n\u00e9rales\nd\u00e9crites dans le cahier des sp\u00e9cifications techniques et m\u00e9thodologiques REMI et dans la note de service DGAL/SDSSA/N2013-8166 du 15\noctobre 2013 sur les mesures de gestion lors d'alertes bact\u00e9riologiques dans les zones de production de coquillages.\nArt. 4 : Le non-respect des dispositions d\u00e9finies \u00e0 l'article 3  peut entra\u00eener la suspension ou le retrait de la pr\u00e9sente autorisation d'exploitation.\nArt. 5 : La fin de l'exploitation du gisement dans la zone est signal\u00e9e imm\u00e9diatement par le CRPMEM aupr\u00e8s du p\u00f4le cultures marines de la\nDDTM afin qu'un arr\u00eat\u00e9 pr\u00e9fectoral d'a rr\u00eat d'exploitation soit pris.\nSign\u00e9 : Pour le Pr\u00e9fet et par d\u00e9l\u00e9gation, la Secr\u00e9taire G\u00e9n\u00e9rale : Perrine SERRE\nEXPR\u00c9FET D\u00e9limitations g\u00e9ographiques de la zone deDE LA MANCHE Bricqueville \u00e0 Coudeville (50-18-19) pour leFe groupe des bivalves fouisseurs (GR2)\nFraternit\u00e9\nlimite au large:laisse de basse me!\nPour \u00eatre annex\u00e9 \u00e0 mon arr\u00eat\u00e9 endate du\n4\n{\u00a9 IGN-BDCARTO \u00ae 2013 Source;DDTM50\n\n\uf0bf\nArr\u00eat\u00e9 n\u00b0DDTM -DIR- 2023-16 du 24 juillet 2023 donnant subd\u00e9l\u00e9gation de signature de Mme Martine CAVALLERA-LEVI \u00e0 certains de\nses collaborateurs\nVu le d\u00e9cret n\u00b02004-374 du 29 avril 2004 modifi\u00e9, relatif aux pouvoirs des pr\u00e9fets, \u00e0 l'organisation et \u00e0 l'action des services de l'\u00c9tat dans les\nr\u00e9gions et d\u00e9partements ; \nVu le d\u00e9cret n\u00b02008-158 du 22 f\u00e9vrier 2008 relatif \u00e0 la suppl\u00e9ance des pr\u00e9fets de r\u00e9gion et \u00e0 la d\u00e9l\u00e9gation de signature des pr\u00e9fets, hauts-\ncommissaires de la r\u00e9publique en Polyn\u00e9sie fran\u00e7aise et en Nouvelle-Cal\u00e9donie ; \nVu le d\u00e9cret n\u00b02009-1484 du 3 d\u00e9cembre 2009 relatif aux directions d\u00e9partementales interminist\u00e9rielles ; \nVu la circulaire du 5 mars 2008 du ministre de l'int\u00e9rieur, de l'outre-mer et des collectivit\u00e9s territoriales, portant sur la modification du r\u00e9gime de\nd\u00e9l\u00e9gation de signature des pr\u00e9fets ;\nVu la circulaire du premier ministre n\u00b05389/SG du 15 juin 2009 relative \u00e0 la r\u00e9forme de l'administration territoriale de la mer et du littoral ;\nVu l'arr\u00eat\u00e9 de la Premi\u00e8re ministre et du ministre de l'int\u00e9rieur et des outre-mer du 28 avril 2023 portant nomination de M. Pierre-Arnaud\nMARTIN, en qualit\u00e9 de directeur d\u00e9partemental adjoint des territoires et de la mer de la Manche ; \nVu l'arr\u00eat\u00e9 du Premier ministre et du ministre de l'int\u00e9rieur du 14 janvier 2022 portant nomination de Mme Marianne PIQUERET, en qualit\u00e9 de\ndirectrice d\u00e9partementale adjointe des territoires et de la mer, d\u00e9l\u00e9gu\u00e9e \u00e0 la mer et au littoral de la Manche ;\nVu l'arr\u00eat\u00e9 pr\u00e9fectoral du 4 janvier 2010 modifi\u00e9 portant organisation de la direction d\u00e9partementale des territoires et de la mer de la Manche ; \nVu l'arr\u00eat\u00e9 pr\u00e9fectoral n\u00b0 2023-01 VN du 19 janvier 2023 donnant d\u00e9l\u00e9gation de signature \u00e0 Mme Martine CAVALLERA-LEVI, directrice\nd\u00e9partementale des territoires et de la mer de la Manche ;\nArt. 1 : Subd\u00e9l\u00e9gation de signature est donn\u00e9e \u00e0 :\nM. Pierre-Arnaud MARTIN, attach\u00e9 d'administration de l'Etat hors classe, directeur d\u00e9partemental adjoint des territoires et de la mer de la\nManche, \u00e0 l'effet de signer toutes correspondances administratives, arr\u00eat\u00e9s, d\u00e9cisions portant sur les mati\u00e8res \u00e9num\u00e9r\u00e9es en annexe de la\nd\u00e9l\u00e9gation de signature n\u00b0 2023-01 VN du 19 janvier 2023 conf\u00e9r\u00e9e \u00e0 Mme Martine CAVALLERA-LEVI.\nMme Marianne PIQUERET, ing\u00e9nieure des travaux publics de l'\u00c9tat Hors Classe, directrice d\u00e9partementale adjointe des territoires et de la mer,\nd\u00e9l\u00e9gu\u00e9e \u00e0 la mer et au littoral de la Manche, \u00e0 l'effet de signer toutes correspondances administratives, arr\u00eat\u00e9s, d\u00e9cisions portant sur les\nmati\u00e8res \u00e9num\u00e9r\u00e9es en annexe de la d\u00e9l\u00e9gation de signature n\u00b0 2023-01 VN du 19 janvier 2023 conf\u00e9r\u00e9e \u00e0 Mme Martine CAVALLERA-LEVI.\nArt. 2  : Subd\u00e9l\u00e9gation de signature est donn\u00e9e aux personnes d\u00e9sign\u00e9es ci-apr\u00e8s dans la limite des r\u00e9f\u00e9rences indiqu\u00e9es pour chacun et\nfigurant en annexe de la d\u00e9l\u00e9gation de signature n\u00b0 2023-01 VN du 19 janvier 2023 conf\u00e9r\u00e9e \u00e0 Mme Martine CAVALLERA-LEVI.\nDirection \nPersonnes concern\u00e9es Service/unit\u00e9 D\u00e9l\u00e9gations consenties\nMme Cassandre SIMON attach\u00e9e d'administration,\nen tant que charg\u00e9e de mission juridique.\nDIR/JUR Administration et organisation g\u00e9n\u00e9rale\nA1-b1 \u00e0 A1-b2, A1-d1\nService Expertise Territoriale Risques et S\u00e9curit\u00e9\nPersonnes concern\u00e9es Service/unit\u00e9 D\u00e9l\u00e9gations consenties\nM. Erwan BLONDEL, architecte urbaniste de \nl'\u00c9tat,\nen tant que chef du service Expertise Territoriale\nRisques et S\u00e9curit\u00e9.\nSETRIS/DIR Administration et organisation g\u00e9n\u00e9rale\nparagraphe 1 de A1-a1\nA1-b1 (uniquement pour le r\u00e8glement des litiges r\u00e9gis\npar convention du 2/02/93)\nparagraphe 1 de A1-d1\n\u00c9ducation et circulation routi\u00e8res, transports\nA3-a1 \u00e0 A3-d1\nAm\u00e9nagement et urbanisme\nA5-a6 et A5-a7\ndans le cadre des astreintes : Transports\nA3-c4\nMme Marianne LECONTE, ing\u00e9nieure des \ntravaux publics de l'\u00c9tat,\nen tant que responsable de l'unit\u00e9 gestion des \nconnaissances.\nSETRIS/GC Administration et organisation g\u00e9n\u00e9rale\nparagraphe 1 de A1-a1\nMme Alexandra ISKRA, d\u00e9l\u00e9gu\u00e9e au permis de conduire \net \u00e0 la s\u00e9curit\u00e9 routi\u00e8re,\nen tant que responsable de l'unit\u00e9 \u00e9ducation routi\u00e8re.\nEn cas d'absence ou d'emp\u00eachement de Mme Alexandra \nISKRA, la d\u00e9l\u00e9gation qui lui est conf\u00e9r\u00e9e est donn\u00e9e \u00e0 \nMme Nathalie BRIDEL, inspecteur du permis de conduire \nen tant qu'adjointe de l'unit\u00e9 \u00c9ducation Routi\u00e8re.\nSETRIS/ER Administration et organisation g\u00e9n\u00e9rale\nparagraphe 1 de A1-a1\n\u00c9ducation routi\u00e8re\nA3-a1 \u00e0 A3-a2\nMme M\u00e9lanie LEFRANCOIS secr\u00e9taire administratif de \nclasse normale,\nen tant que responsable de l'unit\u00e9 S\u00e9curit\u00e9 Routi\u00e8re par \ninterim.\nSETRIS/SR Administration et organisation g\u00e9n\u00e9rale\nparagraphe 1 de A1-a1\nA1-b2\n\u00c9ducation et circulation routi\u00e8res, transports\nA3-b1 \u00e0 A3-c1\nA3-c3 \u00e0 A3-d1\nPersonnes concern\u00e9es Service/unit\u00e9 D\u00e9l\u00e9gations consenties\nM. Pierre-Henri BAZIN, ing\u00e9nieur des travaux publics de \nl'\u00c9tat,\nen tant que responsable de l'unit\u00e9 risques et soutien crise.\nEn cas d'absence ou d'emp\u00eachement de M. Pierre-\nHenri BAZIN, la d\u00e9l\u00e9gation qui lui est conf\u00e9r\u00e9e est donn\u00e9e \n\u00e0 Mme Lydie MARC, technicien sup\u00e9rieur en chef du \nd\u00e9veloppement durable, en tant qu'adjointe \u00e0 la \nresponsable de l'unit\u00e9.\nSETRIS/RISC Administration et organisation g\u00e9n\u00e9rale\nparagraphe 1 de A1-a1\n\u00c9ducation et circulation routi\u00e8res, transports\nA3-c2 \u00e0 A3-d1\ndans le cadre des astreintes : Transports\nA3-c4\nService Am\u00e9nagement Durable des Territoires\nPersonnes concern\u00e9es Service/unit\u00e9 D\u00e9l\u00e9gations consenties\nM. R\u00e9mi POCHEZ ing\u00e9nieur des ponts, des eaux \net des for\u00eats,\nen tant que chef du service Am\u00e9nagement \nDurable des Territoires \nSADT/DIR Administration et organisation g\u00e9n\u00e9rale\nparagraphe 1 de A1-a1, A1-b1 (uniquement pour le \nr\u00e8glement des litiges r\u00e9gis par convention du 2/02/93)\nparagraphe 1 de A1-d1, A1-e1\nConstruction\nA4-d1 et A4-e1\nAm\u00e9nagement et urbanisme\nA5-a1 \u00e0 A5-a4, A5-a8, A5-a10 \u00e0 A5-d1\nA5-f1 \u00e0 A5-g1, A5-i1 \u00e0 A5-i5, \nA5-j1, A5-j2 uniquement b), A5-j3 \nIng\u00e9nierie publique\nA6-a1 et A6-b1\nSubventions d'investissement \nA10-a1 et A10-b1\ndans le cadre des astreintes : Transports\nA3-c4\nM. Jean-Michel MARC, ing\u00e9nieur des travaux \npublics de l'\u00c9tat,\nen tant qu' adjoint au chef du SADT.\nSADT/DIR Administration et organisation g\u00e9n\u00e9rale\nparagraphe 1 de A1-a1\nparagraphe 1 de A1-d1\nConstruction\nA4-d1 et A4-e1\nAm\u00e9nagement et urbanisme\nA5-a1 \u00e0 A5-a4\nA5-a8, A5-a10 \u00e0 A5-d1\nA5-i1 \u00e0 A5-i4, \nA5-j1, A5-j2 uniquement b), A5-j3 \nSubventions d'investissement \nA10-a1 et A10-b1\nM. Gilles BERREE, ing\u00e9nieur divisionnaire des \ntravaux publics de l'\u00c9tat,\nen tant que responsable de l'unit\u00e9 droits des sols \net fiscalit\u00e9 de l'am\u00e9nagement.\nMme Anne-Marie BASNIER, secr\u00e9taire \nd'administration et de contr\u00f4le du d\u00e9veloppement \ndurable de classe normale, en tant que \nresponsable du p\u00f4le instruction ADS au \nSADT/DSFA \nSADT/ DSFA Administration et organisation g\u00e9n\u00e9rale\nparagraphe 1 de A1-a1\nAm\u00e9nagement et urbanisme\nA5-a3, A5-a8 \nA5-b1 \u00e0 A5-b7\nA5-d1\nAm\u00e9nagement et urbanisme \nA5-b1 \u00e0 A5-b6\nA5-d1 \u00e0 A5-e1 ; A5-k1 \nMme Nathalie FERRAND, attach\u00e9e \nd'administration,\nen tant que responsable de l'unit\u00e9 qualit\u00e9 de la construction.\nSADT/QC Administration et organisation g\u00e9n\u00e9rale\nparagraphe 1 de A1-a1\nConstruction\nA4-d1\nAm\u00e9nagement et urbanisme\nA5-i1, A5-i2, A5-j1 \nIng\u00e9nierie publique\nA6-a1 et A6-b1\nMme C\u00e9cile LEPETIT, technicien sup\u00e9rieur en chef du \nd\u00e9veloppement durable,\nen tant que responsable de la fili\u00e8re accessibilit\u00e9.\nSADT/QC Am\u00e9nagement et urbanisme\nA5-i2\nPersonnes concern\u00e9es Service/unit\u00e9 D\u00e9l\u00e9gations consenties\nM. Bernard LEPETIT, technicien sup\u00e9rieur en chef\ndu d\u00e9veloppement durable,\nen tant que responsable de la fili\u00e8re qualit\u00e9 \nb\u00e2timent.\nSADT/QC  Construction\nA4-d2\nM. Jean Michel MARC, ing\u00e9nieur des travaux \npublics de l'\u00c9tat,\nen tant que responsable de l'unit\u00e9 \naccompagnement des territoires et planification\nSADT/ATeP Administration et organisation g\u00e9n\u00e9rale\nparagraphe 1 de A1-a1\nService Environnement\nPersonnes concern\u00e9es Service/unit\u00e9 D\u00e9l\u00e9gations consenties\nM. Olivier CATTIAUX, ing\u00e9nieur divisionnaire de \nl'agriculture et de l'environnement, \nen tant que chef du service environnement.\nEn cas d'absence ou d'emp\u00eachement de M. \nOlivier CATTIAUX, la d\u00e9l\u00e9gation qui lui est \nconf\u00e9r\u00e9e est donn\u00e9e \u00e0 M. Laurent VATTIER, \ning\u00e9nieur divisionnaire de l'agriculture et de \nl'environnement, except\u00e9 pour la partie \n\u00ab transports \u00bb\nSE/DIR Administration et organisation g\u00e9n\u00e9rale\nparagraphe 1 de A1-a1\nA1-b1 (uniquement pour le r\u00e8glement des litiges r\u00e9gis\npar convention du 2/02/93)\nparagraphe 1 de A1-d1\nA1-e1\nGestion et conservation du domaine public\nA2-c4, A2-c9, A2-c10 et A2-d1\nAm\u00e9nagement et urbanisme\nA5-h1, A5-k1 , A5-n1\nIng\u00e9nierie publique\nA6-a1 et A6-b1\nEnvironnement\nA8-a1 \u00e0 A8-h1\ndans le cadre des astreintes : Transports\nA3-c4\nMme Nathalie LETELLIER, attach\u00e9e \nd'administration de l'\u00c9tat,\nen tant que charg\u00e9e de mission MISEN.\nSE/DIR Environnement\nA8-a10\nM. Olivier CATTIAUX, ing\u00e9nieur divisionnaire de \nl'agriculture et de l'environnement, \nen tant que responsable de la mission barrage de \nla S\u00e9lune, par int\u00e9rim.\nSE/MBS Administration et organisation g\u00e9n\u00e9rale\nparagraphe 1 de A1-a1\nIng\u00e9nierie publique\nA6-a1, A6-b1\nMme Marie BATAILLE attach\u00e9e d'administration de l'\u00c9tat,\nen tant que responsable de l'unit\u00e9 protection de la ressource\net am\u00e9nagement.\nSE/ PRA Administration et organisation g\u00e9n\u00e9rale\nparagraphe 1 de A1-a1\nAm\u00e9nagement et urbanisme\nA5-h1, A5-k1\nA5-n1\nEnvironnement\nA8-a2, A8-a4 \u00e0 A8-a9 et A8-h1\nGestion des services publics d'eau et assainissement\nA8-g1\nM. Laurent VATTIER, ing\u00e9nieur divisionnaire de \nl'agriculture et de l'environnement,\nen tant que responsable de l'unit\u00e9 for\u00eat, nature et \nbiodiversit\u00e9.\nSE/FNB Administration et organisation g\u00e9n\u00e9rale\nparagraphe 1 de A1-a1\nEnvironnement\nA8-a9\nChasse, For\u00eat, Biodiversit\u00e9\n A8-c1 \u00e0 A8-e1 et A8-h1\nM. Yann DUWELZ, ing\u00e9nieur des travaux \nm\u00e9t\u00e9orologiques,\nen tant que responsable de l'unit\u00e9 Eaux et Milieux \nAquatiques.\nSE/ EMA Administration et organisation g\u00e9n\u00e9rale\nparagraphe 1 de A1-a1\nGestion et conservation du domaine public\nA2-c4, A2-c9, A2-c10 et A2-d1\nEnvironnement\nA8-a1 \u00e0 A8-a7, A8-a9, A8-b1, \nA8-f1 et A8-h1\nService Habitat\nPersonnes concern\u00e9es Service/unit\u00e9 D\u00e9l\u00e9gations consenties\nMme Isabelle DENIS, attach\u00e9e principale d'administration \nde l'\u00c9tat,\nen tant que cheffe du service habitat.\nSH/DIR Administration et organisation g\u00e9n\u00e9rale\nparagraphe 1 de A1-a1\nparagraphe 1 de A1-d1 et A1-e1\nConstruction\nA4-a1 \u00e0 A4-c5 et A4-e1\nPersonnes concern\u00e9es Service/unit\u00e9 D\u00e9l\u00e9gations consenties\ndans le cadre des astreintes : Transports\nA3-c4\nM. St\u00e9phane HEARD, ing\u00e9nieur des travaux publics de \nl'\u00c9tat,\nen tant que chef de l'unit\u00e9 politique de l'habitat social et \nrenouvellement urbain\nSH/PHSRU Administration et organisation g\u00e9n\u00e9rale\nparagraphe 1 de A1-a1\nConstruction\nA4-a1, A4-a6 \u00e0 A4-a7,\nA4-a11 - A4-a17\nA4-b2 \u00e0 A4-b4, A4-e1\nM. Eric MARIE, attach\u00e9 d'administration de l'Etat\nen tant que chef de l'unit\u00e9 habitat et territoires.\nSH/HT Administration et organisation g\u00e9n\u00e9rale\nparagraphe 1 de A1-a1\nConstruction\nA4-a1, A4-a6 \u00e0 A4-a7,\nA4-a11 - A4-a17\nA4-b2 \u00e0 A4-b4, A4-e1\nService \u00c9conomie Agricole et des territoires\nPersonnes concern\u00e9es Service/unit\u00e9 D\u00e9l\u00e9gations consenties\nMme SIMON Catherine, inspecteur en chef de sant\u00e9 \npublique v\u00e9t\u00e9rinaire,\nen tant que cheffe du service \u00e9conomie agricole et des \nterritoires.\nEn cas d'absence ou d'emp\u00eachement de Mme SIMON, la \nd\u00e9l\u00e9gation qui lui est conf\u00e9r\u00e9e est donn\u00e9e \u00e0 Mme Sylviane \nROLLAND, ing\u00e9nieure de l'agriculture et de l'environnement,\nen tant qu'adjointe \u00e0 la cheffe du service, except\u00e9 pour la \npartie\n\u00ab transports \u00bb\nEn cas d'absence ou d'emp\u00eachement de Mme SIMON et de \nMme Sylviane ROLLAND, la d\u00e9l\u00e9gation qui leur est conf\u00e9r\u00e9e\nest donn\u00e9e \u00e0 Marie-Catherine MONIER, ing\u00e9nieure \ndivisionnaire de l'agriculture et de l'environnement en tant \nque cheffe d'unit\u00e9 des aides directes, except\u00e9 pour la partie \n\u00ab transports \u00bb.\nSEAT/DIR Administration et organisation g\u00e9n\u00e9rale\nparagraphe 1 de A1-a1\nparagraphe 1 de A1-d1\n A1-e1\nProduction-organisation \u00e9conomique et conjoncture\nA9-a1 \u00e0 A9-o1\nSubventions d'investissement \nA10-a1 et A10-b1\ndans le cadre des astreintes : Transports\nA3-c4\nMme Marie-Catherine MONIER, ing\u00e9nieure divisionnaire de \nl'agriculture et de l'environnement, \nen tant que responsable de l'unit\u00e9 aides directes.\nSEAT/ aides directes Administration et organisation g\u00e9n\u00e9rale\nparagraphe 1 de A1-a1\nA1-e1\nProduction-organisation \u00e9conomique et conjoncture\nA9-a1 \u00e0 A9-o1\nSubventions d'investissement \nA10-a1 et A10-b1\nM. Pascal BRUN, ing\u00e9nieur divisionnaire de l'agriculture et \nde l'environnement,\nen tant que responsable de l'unit\u00e9 Projets et Vie des \nExploitations Agricoles.\nSEAT/ PVEA Administration et organisation g\u00e9n\u00e9rale\nparagraphe 1 de A1-a1, \nA1-e1\nProduction-organisation \u00e9conomique et conjoncture\nA9-a1 \u00e0 A9-o1\nSubventions d'investissement \nA10-a1 et A10-b1\nService mer et littoral\nPersonnes concern\u00e9es Service/unit\u00e9 D\u00e9l\u00e9gations consenties\nMme Anna MILESI administrateur principal des affaires \nmaritimes,\nen tant que cheffe du service mer et littoral, \nEn cas d'absence ou d'emp\u00eachement de Mme MILESI, la \nd\u00e9l\u00e9gation qui lui est conf\u00e9r\u00e9e est donn\u00e9e \u00e0 Aude DUVAL-\nMOLINOS administratrice 2\u00e8me classe des affaires \nmaritimes, en tant que responsable du p\u00f4le affaires \nmaritimes except\u00e9 pour la partie \u00ab transports \u00bb \nSML/DIR Administration et organisation g\u00e9n\u00e9rale\nparagraphe 1 de A1-a1\nparagraphe 1 de A1-d1 ;A1-e1\nGestion et conservation du domaine public\nA2-b2 \u00e0 A2-b5\nA2-b7 \u00e0 A2-b9\nA2-b11 \nA2-d1\nAm\u00e9nagement et urbanisme\nA5-e1\nDomaine maritime\nA7-a1 \u00e0 A7-i2\nEnvironnement\nPersonnes concern\u00e9es Service/unit\u00e9 D\u00e9l\u00e9gations consenties\nA8-a1 \u00e0 A8-a7, A8-f1 et A8-h1, A8-a9\ndans le cadre des astreintes : Transports\nA3-c4\nM. Laurent de FARCY de PONTFARCY, ing\u00e9nieur des \ntravaux publics de l'\u00c9tat,  en tant que responsable du p\u00f4le \ngestion du littoral\nEn cas d'absence ou d'emp\u00eachement de M. Laurent de \nFARCY de PONTFARCY, la d\u00e9l\u00e9gation qui lui est conf\u00e9r\u00e9e \nest donn\u00e9e  \u00e0 M. Ludovic PESNEL, technicien sup\u00e9rieur de\nla m\u00e9t\u00e9orologie, en tant que adjoint au responsable du p\u00f4le\ngestion du littoral,\nSML/ p\u00f4le GL Administration et organisation g\u00e9n\u00e9rale\nparagraphe 1 de A1-a1\nA1-e1\nGestion et conservation du domaine public\nA2-b2 \u00e0 a2-b4a et A2-b5\nA2-b7 \u00e0 A2-b9, A2-b11, A2-d1\nAm\u00e9nagement et urbanisme\nA5-e1\nEnvironnement\nA8-a1 \u00e0 A8-a7, A8-f1 et A8-h1, A8-a9\nMme V\u00e9ronique LE BRIS, ing\u00e9nieure des travaux publics \nde l'\u00c9tat,\nen tant que responsable du p\u00f4le Cultures Marines.\nSML / p\u00f4le CM Administration et organisation g\u00e9n\u00e9rale\nparagraphe 1 de A1-a1\nA1-e1\nDomaine maritime\nA7-f1 \u00e0 A7-f6, A7-g4 et A7-g5\nMme St\u00e9phanie LAGOUCHE, technicien sup\u00e9rieur principal\ndu d\u00e9veloppement durable,\nM. David ETASSE, technicien sup\u00e9rieur principal du \nd\u00e9veloppement durable,\nMme Julie RIVIERE, technicien sup\u00e9rieur du \nd\u00e9veloppement durable.\nSML / p\u00f4le CM Domaine maritime\n A7-f5 et A7-g5 \nMme Aude DUVAL-MOLINOS, administratrice 2\u00e8me classe \ndes affaires maritimes, en tant que responsable du p\u00f4le \naffaires maritimes\nEn cas d'absence ou d'emp\u00eachement de Mme DUVAL-\nMOLINOS la d\u00e9l\u00e9gation qui lui est conf\u00e9r\u00e9e est donn\u00e9e \u00e0 \nMme R\u00e9gine TAVERNIER, secr\u00e9taire d'administration et de\ncontr\u00f4le du d\u00e9veloppement durable de classe \nexceptionnelle, en tant qu'adjointe au responsable du p\u00f4le \nAffaires Maritimes pour la partie administration et \norganisation g\u00e9n\u00e9rale\nuniquement pour la partie administration g\u00e9n\u00e9rale et A7-c2 \n\u00e0 A7-e2 du domaine maritime.\nSML/\np\u00f4le AM \nAdministration et organisation g\u00e9n\u00e9rale\nparagraphe 1 de A1-a1\nA1-e1\nGestion et conservation du domaine public\nA2-d1\nDomaine maritime\nA7-a1 \u00e0 A7-a2\n A7-c1 \u00e0 A7-e2 \nA7-g1 \u00e0 A7-g6\nA7-i1 \u00e0 A7-i2\nMme R\u00e9gine TAVERNIER, secr\u00e9taire d'administration et de\ncontr\u00f4le du d\u00e9veloppement durable de classe \nexceptionnelle, en tant que responsable du bureau p\u00eaches \net r\u00e9glementation des usages.\nSML/ p\u00f4le AM Administration et organisation g\u00e9n\u00e9rale\nparagraphe 1 de A1-a1, A1-e1\nM. Morgan GARNAUD, technicien sup\u00e9rieur en chef du \nd\u00e9veloppement durable en tant que responsable de l'unit\u00e9 \nlittorale des affaires maritimes\nSML/ p\u00f4le AM Administration et organisation g\u00e9n\u00e9rale\nparagraphe 1 de A1-a1, A1-e1\nM. Fran\u00e7ois MONTAGNE, capitaine de port de 2\u00e8 classe ,\nen tant que commandant de la capitainerie du port de \nCherbourg.\nEn cas d'absence ou d'emp\u00eachement de M. MONTAGNE, \nla d\u00e9l\u00e9gation qui lui est conf\u00e9r\u00e9e est donn\u00e9e \u00e0 Jean-Luc \nMONIN, lieutenant de port 1\u00e8re classe, en tant que \ncommandant adjoint de la capitainerie du port de \nCherbourg par int\u00e9rim.\nSML/\nCapitainerie\nAdministration et organisation g\u00e9n\u00e9rale\nparagraphe 1 de A1-a1\nA1-e1\nD\u00e9l\u00e9gations Territoriales\nPersonnes concern\u00e9es Service/unit\u00e9 D\u00e9l\u00e9gations consenties\nMme Yannick L\u00dcTHI-MAIRE, ing\u00e9nieure divisionnaire des \ntravaux publics de l'\u00c9tat,\nen tant que responsable de la d\u00e9l\u00e9gation territoriale Nord.\nMme Isabelle VERON, attach\u00e9e principale d'administration \nde l'\u00c9tat,\nen tant que responsable de la d\u00e9l\u00e9gation territoriale Centre\nMme Sandra GRIDAINE, attach\u00e9e principale d'administration de \nl'\u00c9tat,\nen tant que responsable de la d\u00e9l\u00e9gation territoriale Sud. \nDT Nord\nDT Centre\nDT Sud\nAdministration et organisation g\u00e9n\u00e9rale\nparagraphe 1 de A1-a1\nGestion et conservation du domaine public\nA2-b2 \u00e0 A2-b4a\nParagraphe 1 de A2-b7 \u2013 A2-b8\nA2-b9 et A2-b11\nA2-c4 ;A2-d1\nAm\u00e9nagement et urbanisme \nA5-d1 \u00e0 A5-e1 ; A5-k1 \n dans le cadre des astreintes : Transports\nA3-c4 \nMme Laura ROSSEMAN, ing\u00e9nieure des travaux publics de \nl'\u00c9tat,\nen tant qu'adjointe au chef de la d\u00e9l\u00e9gation territoriale Nord, \nen cas d'absence ou d'emp\u00eachement de Mme Yannick L\u00dcTHI-\nMAIRE, responsable de la d\u00e9l\u00e9gation territoriale Nord,\nMme Patricia STAB, secr\u00e9taire d'administration et de \ncontr\u00f4le du d\u00e9veloppement durable de classe \nexceptionnelle,\nen tant qu'adjointe au chef de la d\u00e9l\u00e9gation territoriale \nCentre,\nMme Corinne TESNIERE, attach\u00e9e  d'administration de l'\u00c9tat, \nen cas d'absence d'absence ou d'emp\u00eachement de Mme \nIsabelle VERON, responsable de la d\u00e9l\u00e9gation territoriale \nCentre,\nM. Thierry DURAND, attach\u00e9 d'administration de l'\u00c9tat,\nen tant que charg\u00e9 de mission adaptation au changement \nclimatique \u00e0 la DT Sud,\nM. S\u00e9bastien MAZIERES, ing\u00e9nieur de l'agriculture et de \nl'environnement,\nen tant que charg\u00e9 de d\u00e9veloppement de la baie du Mont-\nSt-Michel \u00e0 la DT Sud pour la partie gestion et conservation \ndu domaine public et A5-k1.\nDT Nord\nDT Centre\nDT Sud\nDT Sud\nAdministration et organisation g\u00e9n\u00e9rale\nparagraphe 1 de A1-a1\nGestion et conservation du domaine public\nA2-b2 \u00e0 A2-b4a\nParagraphe 1 de A2-b7 \u2013 A2-b8\nA2-b9 et A2-b11\nA2-c4 ;A2-d1\nAm\u00e9nagement et urbanisme \nA5-d1 \u00e0 A5-e1 ; A5-k1 \nEn cas d'absence ou d'emp\u00eachement de Mme Isabelle DENIS, M. Erwan BLONDEL, M. R\u00e9mi POCHEZ, M. Olivier CATTIAUX, Mme Catherine\nSIMON, Mme Anna MILESI la subd\u00e9l\u00e9gation qui leur est attribu\u00e9e pourra \u00eatre exerc\u00e9e par Mme Isabelle DENIS, M. Erwan BLONDEL, M. R\u00e9mi\nPOCHEZ, M. Olivier CATTIAUX, Mme Catherine SIMON, Mme Anna MILESI.\nArt.  3 :  La  subd\u00e9l\u00e9gation  de  signature  est  accord\u00e9e  nominativement.  Elle  devient  caduque  en  cas  de  changement  du  d\u00e9l\u00e9gant  ou  du\nd\u00e9l\u00e9gataire.\nLe fonctionnaire charg\u00e9 de l'int\u00e9rim (ou le suppl\u00e9ant) re\u00e7oit la subd\u00e9l\u00e9gation de signature, \u00e0 condition qu'il ait \u00e9t\u00e9 nominativement identifi\u00e9 dans\nle pr\u00e9sent arr\u00eat\u00e9 et dans la limite des r\u00e9f\u00e9rences qui lui ont \u00e9t\u00e9 indiqu\u00e9es.\nArt. 4 : Toutes dispositions contraires au pr\u00e9sent arr\u00eat\u00e9 sont abrog\u00e9es.\nSign\u00e9 : Pour le Pr\u00e9fet, la directrice d\u00e9partementale des territoires et de la mer : Martine CAVALLERA-LEVI\n\uf0bf\nArr\u00eat\u00e9 n\u00b0DDTM-DIR \u2013 2023-17 du 24 juillet 2023 donnant subd\u00e9l\u00e9gation de signature de Mme Martine CAVALLERA-LEVI aux\nordonnateurs secondaires d\u00e9l\u00e9gu\u00e9s\nVu le code des collectivit\u00e9s territoriales et le code des march\u00e9s publics ;\nVu la loi organique n\u00b02001-692 du 1er ao\u00fbt 2001 relative aux lois de finances, modifi\u00e9e par la loi organique n\u00b02005-779 du 12 juillet 2005 ; \nVu la loi n\u00b082-213 du 2 mars 1982 relative aux droits et libert\u00e9s des communes, des d\u00e9partements et des r\u00e9gions ; \nVu le d\u00e9cret n\u00b02004-374 du 29 avril 2004 modifi\u00e9, relatif aux pouvoirs des pr\u00e9fets, \u00e0 l'organisation et \u00e0 l'action des services de l'\u00c9tat dans les\nr\u00e9gions et d\u00e9partements ; \nVu le d\u00e9cret n\u00b02005-54 du 27 janvier 2005 modifi\u00e9 relatif au contr\u00f4le financier au sein des administrations de l'\u00c9tat ;\nVu le d\u00e9cret n\u00b02012-1246 du 7 novembre 2012 relatif \u00e0 la gestion budg\u00e9taire et comptable publique ;\nVu la circulaire n\u00b02005-20 du 2 mars 2005 du minist\u00e8re de l'\u00e9quipement, des transports, de l'am\u00e9nagement du territoire, du tourisme et de la\nmer, relative \u00e0 la constatation et \u00e0 la liquidation des d\u00e9penses ;\nVu l'arr\u00eat\u00e9 du 2 mai 2002 portant r\u00e8glement de comptabilit\u00e9 du minist\u00e8re de l'agriculture et de la p\u00eache pour la d\u00e9signation des ordonnateurs\nsecondaires et de leurs d\u00e9l\u00e9gu\u00e9s, modifi\u00e9s par les arr\u00eat\u00e9s du 18 juin 2005 et du 25 octobre 2005 ;\nVu l'arr\u00eat\u00e9 de la Premi\u00e8re ministre et du ministre de l'int\u00e9rieur et des outre-mer du 28 avril 2023 portant nomination de M. Pierre-Arnaud\nMARTIN, en qualit\u00e9 de directeur d\u00e9partemental adjoint des territoires et de la mer de la Manche ;  \nVu l'arr\u00eat\u00e9 du Premier ministre et du ministre de l'int\u00e9rieur du 14 janvier 2022 portant nomination de Mme Marianne PIQUERET, en qualit\u00e9 de\ndirectrice d\u00e9partementale adjointe des territoires et de la mer, d\u00e9l\u00e9gu\u00e9e \u00e0 la mer et au littoral de la Manche ; \nVu l'arr\u00eat\u00e9 pr\u00e9fectoral n\u00b0 2020/072 du 22 d\u00e9cembre 2020 portant organisation du secr\u00e9tariat g\u00e9n\u00e9ral commun du d\u00e9partement de la Manche ;\nVu l'arr\u00eat\u00e9 pr\u00e9fectoral n\u00b0 2020/077/BRH du 22 d\u00e9cembre 2020 portant  affectation au secr\u00e9tariat g\u00e9n\u00e9ral  commun du d\u00e9partement  de la\nManche ;\nVu l'arr\u00eat\u00e9 pr\u00e9fectoral du 4 janvier 2010 modifi\u00e9 portant organisation de la direction d\u00e9partementale des territoires et de la mer de la Manche ; \nVu l'arr\u00eat\u00e9 pr\u00e9fectoral n\u00b0 2021-80-VN du 22 novembre 2021 portant d\u00e9l\u00e9gation de signature de Mme  Martine CAVALLERA-LEVI, ing\u00e9nieure\ndes  travaux  publics  de  l'\u00c9tat  Hors Classe,  directrice d\u00e9partementale  des  territoires  et  de la mer  de la Manche  pour  l'ordonnancement\nsecondaire des recettes et des d\u00e9penses imput\u00e9es sur les programmes du budget de l'\u00c9tat ; \nVu la convention en date du 31 mai 2021 entre le directeur r\u00e9gional de l'environnement, de l'am\u00e9nagement et du logement et la directrice\nd\u00e9partementale des territoires et de la Mer de la Manche relative \u00e0 la d\u00e9l\u00e9gation de gestion et \u00e0 l'utilisation des cr\u00e9dits du plan France Relance\net son avenant en date du 10 novembre;\nVu la convention en date du 9 juin 2023 entre le directeur r\u00e9gional de l'environnement, de l' am\u00e9nagement et du logement de Normandie et la\ndirectrice d\u00e9partementale des territoires et de la mer de la Manche relative \u00e0 la d\u00e9l\u00e9gation de gestion et \u00e0 l'utilisation des cr\u00e9dits du fonds\nd'acc\u00e9l\u00e9ration de la transition \u00e9cologique dans les territoires (Fonds Vert) ;\nArt. 1 : subd\u00e9l\u00e9gation de signature est donn\u00e9e \u00e0 :\n- M. Pierre-Arnaud MARTIN, attach\u00e9 d'administration de l'Etat hors classe, directeur d\u00e9partemental adjoint des territoires et de la mer, \u00e0 l'effet\nde signer, toute pi\u00e8ce relative \u00e0 l'exercice de la comp\u00e9tence d'ordonnateur secondaire d\u00e9l\u00e9gu\u00e9, tant pour les d\u00e9penses que pour les recettes,\npour la totalit\u00e9 des programmes identifi\u00e9s dans l'arr\u00eat\u00e9 pr\u00e9fectoral n\u00b0 2021-80-VN du 22 novembre 2021.\n- Mme Marianne PIQUERET ing\u00e9nieure des travaux publics de l'\u00c9tat Hors Classe, directrice d\u00e9partementale adjointe des territoires et de la\nmer, d\u00e9l\u00e9gu\u00e9e \u00e0 la mer et au littoral de la Manche, \u00e0 l'effet de signer, toute pi\u00e8ce relative \u00e0 l'exercice de la comp\u00e9tence d'ordonnateur\nsecondaire d\u00e9l\u00e9gu\u00e9, tant pour les d\u00e9penses que pour les recettes, pour la totalit\u00e9 des programmes identifi\u00e9s dans l'arr\u00eat\u00e9 pr\u00e9fectoral n\u00b0 2021-\n80-VN du 22 novembre 2021.\nArt. 2 : subd\u00e9l\u00e9gation de signature est donn\u00e9e \u00e0 l'effet de signer dans le cadre de leurs attributions et comp\u00e9tences, en tant que gestionnaires,\nles pi\u00e8ces comptables et documents relatifs \u00e0 l'engagement comptable et juridique, \u00e0 la constatation et \u00e0 la liquidation apr\u00e8s constatation du\nservice fait des d\u00e9penses, \u00e0 :\n- M. Erwan BLONDEL, architecte urbaniste de l'\u00c9tat, chef du service expertise territoriale risques et s\u00e9curit\u00e9,\n- M. R\u00e9mi POCHEZ, ing\u00e9nieur des ponts, des eaux et des for\u00eats, chef du service am\u00e9nagement durable des territoires,\n- M. Olivier CATTIAUX, ing\u00e9nieur divisionnaire de l'agriculture et de l'environnement, chef du service environnement,\n- Mme Isabelle DENIS, attach\u00e9e principale d'administration, cheffe du service habitat,\n- Mme Catherine SIMON, inspecteur en chef de sant\u00e9 publique v\u00e9t\u00e9rinaire, cheffe du service \u00e9conomie agricole et des territoires,\n- Mme Anna MILESI, administrateur principal des affaires maritimes, cheffe du service mer et littoral.\nArt. 3 : sur proposition de la directrice d\u00e9partementale des territoires et de la mer de la Manche, les agents dont les noms suivent, dans les\nlimites de leurs attributions et cr\u00e9dits d\u00e9l\u00e9gu\u00e9s, passent et signent \u00e0 cet effet les engagements juridiques mat\u00e9rialis\u00e9s par des bons ou lettres de\ncommandes et constatent les services faits pour un montant maximum, dans leurs domaines respectifs, d\u00e9fini comme suit : \nService/unit\u00e9 NOM Pr\u00e9nom Macrograde Plafond TTC\nSADT\nSADT/DIR POCHEZ R\u00e9mi A tech 30.000 \u20ac\nSADT/DIR MARC Jean-Michel A tech 5.000 \u20ac\nSADT/DSFA BRIAND V\u00e9ronique C adm 5.000 \u20ac\nSE\nSE/DIR CATTIAUX Olivier A tech 50.000 \u20ac\nSE/MBS PALLY Isabelle B Adm 5.000 \u20ac\nSE/EMA DUWELZ Yann A tech 5.000 \u20ac\nSETRIS\nSETRIS/DIR BLONDEL Erwan A tech 30.000 \u20ac\nSETRIS/RISC BAZIN Pierre Henri A Adm 5.000 \u20ac\nSETRIS/RISC MARC Lydie B tech 5.000 \u20ac\nSETRIS/SR LEFRANCOIS M\u00e9lanie B adm 5.000 \u20ac\nSETRIS/ER ISKRA Alexandra A adm 5.000 \u20ac\nSETRIS/ER BRIDEL Nathalie B Tech 5.000 \u20ac\nSH\nSH/DIR DENIS Isabelle A adm 30.000 \u20ac\nSH/PHSRU HEARD St\u00e9phane A tech 5.000 \u20ac\nSH/HT MARIE \u00c9ric A adm 5.000 \u20ac\nSEAT\nSEAT/DIR SIMON Catherine A tech 30.000 \u20ac\nSEAT/DIR ROLLAND Sylviane A Tech 20.000 \u20ac\nSEAT/PVEA BRUN Pascal A Tech 20.000 \u20ac\nSML\nSML/DIR MILESI Anna A tech 30.000 \u20ac\nSML/GL DE FARCY DE PONTFARCY Laurent A tech 5.000 \u20ac\nSML/AM GARNAUD Morgan B tech 500 \u20ac (BOP 205 \u2013 Carte achat)\nService/unit\u00e9 NOM Pr\u00e9nom Macrograde Plafond TTC\nD\u00e9l\u00e9gations territoriales\nCentre LENOIR Perrine C adm 500 \u20ac (BOP 354 \u2013 Carte achat)\nSud BOUQUILLON Bernard B tech 500 \u20ac (BOP 354 \u2013 Carte achat)\nArt. 4 : subd\u00e9l\u00e9gation de signature est donn\u00e9e aux utilisateurs ci-dessous \u00e0 l'effet d'engager dans CHORUS Formulaires, les d\u00e9penses de la\nDDTM 50, par des demandes d'achat ou de subvention et d'en constater le service fait, apr\u00e8s validation par leur hi\u00e9rarchie.\nSERVICE UNITE NOM-PRENOM PROFIL SAISISSEUR PROFIL VALIDEUR\nDIR\nMARTIN Pierre-Arnaud OUI OUI\nPIQUERET Marianne OUI OUI\nSML\nDIR MILESI Anna OUI OUI \nGL DE FARCY DE PONTFARCY \nLaurent OUI (BOP 113, 203, 205) OUI (BOP 113, 203, 205)\nDIR LETERRIER Claudine OUI (BOP 113, 203, 205, \n181)\nOUI (BOP 113, 203, 205, 181) pour \nacc\u00e8s Fiches Com\nGL ODOARD Catherine OUI (BOP 113, 203, 205, \n181) NON (BOP 113, 203, 205, 181)\nSADT\nDIR POCHEZ R\u00e9mi OUI OUI \nDIR MARC Jean-Michel OUI OUI \nDSFA BERREE Gilles OUI (BOP 135) NON\nDSFA BRANS Sylvie OUI OUI (BOP 135-203-380) pour acc\u00e8s \nFiches Com\nDSFA BRIAND V\u00e9ronique OUI OUI\nSE \nDIR CATTIAUX Olivier OUI OUI\nMBS GIRET Aurore OUI (BOP 113) NON\nMBS PALLY Isabelle OUI OUI\nEMA DUWELZ Yann OUI (BOP 113) OUI (BOP 113)\nEMA LELANDAIS Erik OUI (BOP 113) OUI (BOP 113) pour acc\u00e8s Fiches \nCom\nSETRIS\nDIR BLONDEL Erwan OUI OUI \nER ISKRA Alexandra OUI (BOP 207) OUI (BOP 207)\nER BRIDEL Nathalie OUI (BOP 207) OUI (BOP 207)\nER POMMIER Elodie OUI (BOP 207) OUI (BOP 207) pour acc\u00e8s Fiches \nCom\nRISC MARC Lydie OUI OUI\nRISC BAZIN Pierre-Henri OUI (BOP 181) OUI\nRISC DECASTILLE Sandra OUI (BOP 181) Oui pour acc\u00e8s Fiches Com\nSR LEFRANCOIS M\u00e9lanie OUI (BOP 207) OUI (BOP 207)\nSH DIR DENIS Isabelle OUI OUI\nSH SH/PHSRU HEARD St\u00e9phane OUI OUI \nSH\nSH/PHSRU GARDIE Gis\u00e8le OUI OUI pour acc\u00e8s Fiches Com\nSH/HT MARIE Eric OUI OUI\nSEAT DIR SIMON Catherine OUI OUI\nSEAT DIR ROLLAND Sylviane OUI (BOP 149) OUI(BOP 149)\nSEAT PVEA BRUN Pascal OUI (BOP 149) OUI(BOP 149)\nArt.5 : subd\u00e9l\u00e9gation de signature est donn\u00e9e aux utilisateurs ci-dessous \u00e0 l'effet d'engager les d\u00e9penses de la DDTM 50 \u00e0 l'aide de leur carte\nd'achat et d'en contr\u00f4ler l'utilisation.\nListe des utilisateurs d'une carte d'achat :\nAgents Service Proc\u00e9dure de d\u00e9pense Montant TTC autoris\u00e9 par \ntransaction\nPerrine LENOIR DT Centre Achat de petites fournitures, achat de proximit\u00e9 500 \u20ac\nAgents Service Proc\u00e9dure de d\u00e9pense Montant TTC autoris\u00e9 par \ntransaction\nsur le BOP 354Bernard BOUQUILLON DT Sud 500 \u20ac\nAlexandra ISKRA SETRIS/ER Achat de fournitures de proximit\u00e9 pour le BOP 207\nuniquement 500 \u20ac\nM\u00e9lanie LEFRANCOIS SETRIS/SR Achat de fournitures de proximit\u00e9 pour le BOP 207\nuniquement 500 \u20ac\nMorgan GARNAUD SML/AM achat de fournitures, de proximit\u00e9 pour le BOP \n205 uniquement 500 \u20ac\nResponsables de programme ( = gestionnaire des cartes : cr\u00e9ation, param\u00e9trage... ) :\n- principal : Isabelle PALLY au SE,\n- secondaire : Aline BESSIN \u00e0 la Direction.\nGestion des relev\u00e9s mensuels des d\u00e9penses faites par carte achat :\n- BOP 354 : SGC 50,\n- BOP M\u00e9tier (205 et 207) : DDTM 50 (Isabelle PALLY au SE)\nArt. 6 : subd\u00e9l\u00e9gation de signature est donn\u00e9e aux utilisateurs ci-dessous \u00e0 l'effet d'engager dans CHORUS DT, les d\u00e9penses de la DDTM 50,\npar la validation des ordres de mission :\nSERVICE UNITE NOM-PRENOM PROFIL VH1 PROFIL SERVICE GESTIONNAIRE\nDIR DIR CAVALLERA-LEVI MARTINE OUI\nDIR DIR MARTIN PIERRE-ARNAUD OUI\nDIR DIR PIQUERET MARIANNE OUI\nSML DIR MILESI ANNA OUI\nSML DIR LETERRIER CLAUDINE OUI (BOP 205 et 113)\nSML GL DE FARCY DE PONTFARCY LAURENT OUI\nSML AM DUVAL-MOLINOS AUDE OUI\nSML CM LE BRIS VERONIQUE OUI\nSML CPT MONTAGNE FRANCOIS OUI\nSADT DIR POCHEZ REMI OUI\nSADT DIR MARC JEAN-MICHEL OUI\nSADT DSFA BRIAND VERONIQUE OUI\nSE DIR CATTIAUX OLIVIER OUI\nSE MBS PALLY ISABELLE OUI\nSE FNB VATTIER LAURENT OUI\nSE EMA LELANDAIS Erik OUI (BOP 113)\nSETRIS DIR BLONDEL ERWAN OUI\nSETRIS ER ISKRA ALEXANDRA OUI OUI (BOP 207)\nSETRIS ER BRIDEL NATHALIE OUI OUI (BOP 207)\nSETRIS ER POMMIER ELODIE OUI (BOP 207)\nSH DIR DENIS ISABELLE OUI\nSH PHSRU HEARD St\u00e9phane OUI\nSH HT MARIE Eric OUI\nSEAT DIR SIMON CATHERINE OUI\nSEAT DIR ROLLAND Sylviane OUI\nSEAT PVEA BRUN Pascal OUI\nSEAT PAC MONIER Marie Catherine OUI\nDT NORD DT L\u00dcTHI-MAIRE YANNICK OUI\nDT NORD DT ROSSEMAN Laura OUI\nDT CENTRE DT VERON Isabelle OUI\nDT CENTRE DT TESNIERE CORINNE OUI\nDT SUD DT GRIDAINE SANDRA OUI\nVH1 = valideur hi\u00e9rarchique de niveau 1\nArt. 7 : Subd\u00e9l\u00e9gation de signature est donn\u00e9e aux utilisateurs ci-dessous \u00e0 l'effet d'engager dans CHORUS DT, les d\u00e9penses de la DDTM 50,\npar la validation des \u00e9tats de frais.\nSERVICE UNITE NOM - PRENOM PROFIL VH1 PROFIL GESTIONNAIRE \nCONTROLEUR\nPROFIL \nGESTIONNAIRE \nVALIDEUR\nDIR DIR CAVALLERA-LEVI MARTINE OUI OUI\nDIR DIR MARTIN PIERRE-ARNAUD OUI OUI\nDIR DIR PIQUERET MARIANNE OUI OUI (BOP 205) OUI\nSML DIR MILESI ANNA OUI OUI \u2013 Valideur 1\nSML DIR LETERRIER CLAUDINE OUI  (BOP 205 et 113)\nSML GL DE FARCY DE PONTFARCY LAURENT OUI OUI en l'absence du \nvalideur 1\nSML AM DUVAL-MOLINOS AUDE OUI\nSML CM LE BRIS VERONIQUE OUI\nSML CPT MONTAGNE FRANCOIS OUI\nSADT DIR POCHEZ REMI OUI\nSADT DIR MARC JEAN-MICHEL OUI\nSADT DSFA BRIAND VERONIQUE OUI \nSE DIR CATTIAUX OLIVIER OUI OUI \u2013 Valideur 1\nSE MBS PALLY ISABELLE OUI\nSE FNB VATTIER LAURENT OUI OUI en l'absence du \nvalideur 1\nSE EMA LELANDAIS Erik OUI  (BOP 113)\nSETRIS DIR BLONDEL ERWAN OUI OUI \u2013 Valideur 1\nSETRIS ER ISKRA Alexandra OUI OUI en l'absence du \nvalideur 1 = V2\nSETRIS ER BRIDEL NATHALIE OUI (BOP 207) OUI en l'absence du \nvalideur 2 = V3\nSETRIS ER POMMIER ELODIE OUI (BOP 207)\nSH DIR DENIS ISABELLE OUI\nSH PHSRU HEARD St\u00e9phane OUI\nSH HT MARIE Eric OUI\nSEAT DIR SIMON CATHERINE OUI\nSEAT DIR ROLLAND Sylviane OUI\nSEAT PVEA BRUN Pascal OUI\nSEAT PAC MONIER Marie Catherine OUI\nDT NORD DT L\u00dcTHI-MAIRE YANNICK OUI\nDT NORD DT ROSSEMAN Laura OUI\nDT CENTRE DT VERON Isabelle OUI\nDT CENTRE DT TESNIERE CORINNE OUI\nDT SUD DT GRIDAINE SANDRA OUI\nArt. 8  : subd\u00e9l\u00e9gation de signature est donn\u00e9e \u00e0 l'effet de signer l'ordonnancement des recettes relatives aux d\u00e9comptes des concours de\nservice de la DDTM pour le compte des collectivit\u00e9s et tiers \u00e0 :\n- M. Pierre-Arnaud MARTIN attach\u00e9 d'administration de l'\u00c9tat Hors Classe, directeur d\u00e9partemental adjoint des territoires et de la mer.\n- Mme Marianne PIQUERET ing\u00e9nieure des travaux publics de l'\u00c9tat Hors Classe, directrice d\u00e9partementale adjointe des territoires et de la\nmer, d\u00e9l\u00e9gu\u00e9e \u00e0 la mer et au littoral.\nArt. 9 : en cas d'absence ou d'emp\u00eachement de Mme Isabelle DENIS, M. Erwan BLONDEL, M. R\u00e9mi POCHEZ, M. Olivier CATTIAUX, Mme\nCatherine  SIMON,  Mme Anna MILESI  la subd\u00e9l\u00e9gation qui  leur  est attribu\u00e9e  pourra  \u00eatre exerc\u00e9e  par  Mme Isabelle DENIS,  M. Erwan\nBLONDEL, M. R\u00e9mi POCHEZ, M. Olivier CATTIAUX, Mme Catherine SIMON, Mme Anna MILESI.\nArt. 10 :  toutes dispositions contraires au pr\u00e9sent arr\u00eat\u00e9 sont abrog\u00e9es.\nSign\u00e9 : La directrice d\u00e9partementale des territoires et de la mer : Martine CAVALLERA-LEVI\n\uf0bf\nDIVERS\nDISP - Direction Interr\u00e9gionale Des Services P\u00e9nitentiaires de Bretagne-Normandie-Pays De Loire \u2013 Maison\nd'arr\u00eate de Cherbourg\nArr\u00eat\u00e9 du 21 juillet 2023 portant d\u00e9l\u00e9gation de signature \u00e0 Madame Marilyn BENOOT en qualit\u00e9 de cheffe d'\u00e9tablissement de la\nmaison d'arr\u00eat de CHERBOURG \u00e0 compter du 28 juillet 2023\nVu le code p\u00e9nitentiaire, et notamment en ses articles R.113-65, R.112-7 \u00e0 R.112-9, R.223-2 \u00e0 R.223-7,\nVu  l'arr\u00eat\u00e9  du  29  d\u00e9cembre  2016  modifiant  l'arr\u00eat\u00e9  du  27  d\u00e9cembre  2016  fixant  le  ressort  territorial  des  directions  interr\u00e9gionales  de\nl'administration p\u00e9nitentiaire et de la mission des services p\u00e9nitentiaires de l'outre-mer\nVu le D\u00e9cret n\u00b0 97-3 du 7 janvier 1997 et l'arr\u00eat\u00e9 du 12 mars 2009 relatif \u00e0 la d\u00e9concentration de la gestion de certains personnels des services\nd\u00e9concentr\u00e9s de l'Administration P\u00e9nitentiaire\nVu l'arr\u00eat\u00e9 de la Ministre d'Etat, Garde des Sceaux, Ministre de la Justice du 14 septembre 2018 portant nomination et prise de fonction de\nMadame Marie-Line HANICOT en qualit\u00e9 de Directrice Interr\u00e9gionale des services p\u00e9nitentiaires de Rennes \u00e0 compter du 1er octobre 2018\nVu l'arr\u00eat\u00e9 du 1er juillet 2023 du Directeur de l'Administration P\u00e9nitentiaire portant d\u00e9l\u00e9gation de signature pour la Direction Interr\u00e9gionale des\nServices P\u00e9nitentiaires de Rennes et l'arr\u00eat\u00e9 du Directeur de l'Administration P\u00e9nitentiaire du 13 juillet 2023 modifiant l'arr\u00eat\u00e9 du 1er juillet 2023\ndonnant d\u00e9l\u00e9gation de signature\nVu l'arr\u00eat\u00e9 de la Ministre d'Etat, Garde des Sceaux, Ministre de la Justice du 28 juillet 2015 portant mutation de Madame Marilyn BENOOT \u00e0\ncompter du 31 ao\u00fbt 2015 en qualit\u00e9 de cheffe d'\u00e9tablissement de la maison d'arr\u00eat de Cherbourg\nVu l'arr\u00eat\u00e9 du Garde des Sceaux, Ministre de la Justice du 1er juin 2022 portant nomination de Monsieur Laurent DI NATALE \u00e0 compter du 1er\nmai 2022 en qualit\u00e9 d'adjoint au chef d'\u00e9tablissement de la maison d'arr\u00eat de Cherbourg\nVu l'arr\u00eat\u00e9 du Garde des Sceaux, Ministre de la Justice du 25 janvier 2023 portant mutation de Monsieur Philippe JARZYNKA \u00e0 compter du 1er\nmars 2023 en qualit\u00e9 d'adjoint au chef de d\u00e9tention de la maison d'arr\u00eat de Cherbourg\nVu l'arr\u00eat\u00e9 du Garde des Sceaux, Ministre de la Justice du 8 octobre 2021 faisant l'objet du reclassement de Monsieur J\u00e9r\u00f4me CHAMBRILLON\n\u00e0 compter du 1er janvier 2021 en qualit\u00e9 d'adjoint au chef de d\u00e9tention de la maison d'arr\u00eat de Cherbourg\nVu l'arr\u00eat\u00e9 du Garde des Sceaux, Ministre de la Justice du 31 janvier 2022 portant mutation de Madame Fran\u00e7oise LEDOUX \u00e0 compter du 1er\njuin 2022 en qualit\u00e9 d'officier \u00e0 la maison d'arr\u00eat Fontenay Le Comte\nArt. 1  : Madame Marie-Line HANICOT, Directrice Interr\u00e9gionale des Services P\u00e9nitentiaires de Rennes, donne d\u00e9l\u00e9gation de signature \u00e0\nMadame Marilyn BENOOT, chef d'\u00e9tablissement de la maison d'arr\u00eat de Cherbourg, pour tout acte ou d\u00e9cision relatifs \u00e0 la gestion individuelle\nou collective des personnes plac\u00e9es sous main de justice, des personnels et ressources humaines, \u00e0 la gestion \u00e9conomique et financi\u00e8re de la\nmaison d'arr\u00eat de Cherbourg, ainsi qu'aux relations partenariales et de communication d\u00e9velopp\u00e9es \u00e0 la maison d'arr\u00eat de Cherbourg, et ce\ndans la limite des fonctions et attributions confi\u00e9es \u00e0 la Directrice Interr\u00e9gionale.\nArt. 2  : En cas d'absence ou d'emp\u00eachement de Madame Marilyn BENOOT, d\u00e9l\u00e9gation de signature est donn\u00e9e \u00e0 Monsieur Laurent DI\nNATALE,  Adjoint  au  chef  d'\u00e9tablissement  de  la maison d'arr\u00eat  de  Cherbourg,  d\u00e9l\u00e9gation  de  signature  est  donn\u00e9e  \u00e0 Monsieur  Philippe\nJARZYNKA, chef de d\u00e9tention de la maison d'arr\u00eat de Cherbourg, d\u00e9l\u00e9gation de signature est donn\u00e9e \u00e0 Monsieur J\u00e9r\u00f4me CHAMBRILLON,\nadjoint au chef de d\u00e9tention de la maison d'arr\u00eat de Cherbourg, d\u00e9l\u00e9gation de signature temporaire du 28 juillet 2023 au 11 ao\u00fbt 2023 est\ndonn\u00e9e \u00e0 Madame Fran\u00e7oise LEDOUX, officier \u00e0 la maison d'arr\u00eat Fontenay Le Comte\nArt. 3 : Le pr\u00e9sent arr\u00eat\u00e9 sera publi\u00e9 au recueil des actes administratifs de la Pr\u00e9fecture de la Manche.\nSign\u00e9 : La Directrice Interr\u00e9gionale des Services P\u00e9nitentiaires de Rennes : Marie-Line HANICOT\n\uf0bf\nArr\u00eat\u00e9 du 21 juillet 2023 portant d\u00e9l\u00e9gation de signature \u00e0 Madame Marilyn BENOOT en qualit\u00e9 de cheffe d'\u00e9tablissement de la\nmaison d'arr\u00eat de CHERBOURG \u00e0 compter du 18 ao\u00fbt 2023\nVu le code p\u00e9nitentiaire, et notamment en ses articles R.113-65, R.112-7 \u00e0 R.112-9, R.223-2 \u00e0 R.223-7,\nVu  l'arr\u00eat\u00e9  du  29  d\u00e9cembre  2016  modifiant  l'arr\u00eat\u00e9  du  27  d\u00e9cembre  2016  fixant  le  ressort  territorial  des  directions  interr\u00e9gionales  de\nl'administration p\u00e9nitentiaire et de la mission des services p\u00e9nitentiaires de l'outre-mer\nVu le D\u00e9cret n\u00b0 97-3 du 7 janvier 1997 et l'arr\u00eat\u00e9 du 12 mars 2009 relatif \u00e0 la d\u00e9concentration de la gestion de certains personnels des services\nd\u00e9concentr\u00e9s de l'Administration P\u00e9nitentiaire\nVu l'arr\u00eat\u00e9 de la Ministre d'Etat, Garde des Sceaux, Ministre de la Justice du 14 septembre 2018 portant nomination et prise de fonction de\nMadame Marie-Line HANICOT en qualit\u00e9 de Directrice Interr\u00e9gionale des services p\u00e9nitentiaires de Rennes \u00e0 compter du 1er octobre 2018\nVu l'arr\u00eat\u00e9 du 1er juillet 2023 du Directeur de l'Administration P\u00e9nitentiaire portant d\u00e9l\u00e9gation de signature pour la Direction Interr\u00e9gionale des\nServices P\u00e9nitentiaires de Rennes et l'arr\u00eat\u00e9 du Directeur de l'Administration P\u00e9nitentiaire du 13 juillet 2023 modifiant l'arr\u00eat\u00e9 du 1er juillet 2023\ndonnant d\u00e9l\u00e9gation de signature\nVu l'arr\u00eat\u00e9 de la Ministre d'Etat, Garde des Sceaux, Ministre de la Justice du 28 juillet 2015 portant mutation de Madame Marilyn BENOOT \u00e0\ncompter du 31 ao\u00fbt 2015 en qualit\u00e9 de cheffe d'\u00e9tablissement de la maison d'arr\u00eat de Cherbourg\nVu l'arr\u00eat\u00e9 du Garde des Sceaux, Ministre de la Justice du 1er juin 2022 portant nomination de Monsieur Laurent DI NATALE \u00e0 compter du 1er\nmai 2022 en qualit\u00e9 d'adjoint au chef d'\u00e9tablissement de la maison d'arr\u00eat de Cherbourg\nVu l'arr\u00eat\u00e9 du Garde des Sceaux, Ministre de la Justice du 25 janvier 2023 portant mutation de Monsieur Philippe JARZYNKA \u00e0 compter du 1er\nmars 2023 en qualit\u00e9 d'adjoint au chef de d\u00e9tention de la maison d'arr\u00eat de Cherbourg\nVu l'arr\u00eat\u00e9 du Garde des Sceaux, Ministre de la Justice du 8 octobre 2021 faisant l'objet du reclassement de Monsieur J\u00e9r\u00f4me CHAMBRILLON\n\u00e0 compter du 1er janvier 2021 en qualit\u00e9 d'adjoint au chef de d\u00e9tention de la maison d'arr\u00eat de Cherbourg\nVu l'arr\u00eat\u00e9 du Garde des Sceaux, Ministre de la Justice du 24 juin 2022 portant mutation de Monsieur Mickael MESLIERE \u00e0 compter du 1er\nseptembre 2022 en qualit\u00e9 d'officier au centre p\u00e9nitentiaire Caen Ifs\nArt. 1  : Madame Marie-Line HANICOT, Directrice Interr\u00e9gionale des Services P\u00e9nitentiaires de Rennes, donne d\u00e9l\u00e9gation de signature \u00e0\nMadame Marilyn BENOOT, chef d'\u00e9tablissement de la maison d'arr\u00eat de Cherbourg, pour tout acte ou d\u00e9cision relatifs \u00e0 la gestion individuelle\nou collective des personnes plac\u00e9es sous main de justice, des personnels et ressources humaines, \u00e0 la gestion \u00e9conomique et financi\u00e8re de la\nmaison d'arr\u00eat de Cherbourg, ainsi qu'aux relations partenariales et de communication d\u00e9velopp\u00e9es \u00e0 la maison d'arr\u00eat de Cherbourg, et ce\ndans la limite des fonctions et attributions confi\u00e9es \u00e0 la Directrice Interr\u00e9gionale.\nArt. 2  : En cas d'absence ou d'emp\u00eachement de Madame Marilyn BENOOT, d\u00e9l\u00e9gation de signature est donn\u00e9e \u00e0 Monsieur Laurent DI\nNATALE,  Adjoint  au  chef  d'\u00e9tablissement  de  la maison d'arr\u00eat  de  Cherbourg,  d\u00e9l\u00e9gation  de  signature  est  donn\u00e9e  \u00e0 Monsieur  Philippe\nJARZYNKA, chef de d\u00e9tention de la maison d'arr\u00eat de Cherbourg, d\u00e9l\u00e9gation de signature est donn\u00e9e \u00e0 Monsieur J\u00e9r\u00f4me CHAMBRILLON,\nadjoint au chef de d\u00e9tention de la maison d'arr\u00eat de Cherbourg, d\u00e9l\u00e9gation de signature temporaire du 18 au 25 ao\u00fbt 2023 est donn\u00e9e \u00e0\nMonsieur Mickael MESLIERE, officier au centre p\u00e9nitentiaire Caen Ifs\nArt. 3 : Le pr\u00e9sent arr\u00eat\u00e9 sera publi\u00e9 au recueil des actes administratifs de la Pr\u00e9fecture de la Manche.\nSign\u00e9 : La Directrice Interr\u00e9gionale des Services P\u00e9nitentiaires de Rennes : Marie-Line HANICOT\n\uf0bf\nD\u00e9partement de la Manche - Imprimerie administrative - Directeur de la publication : Mme la Secr\u00e9taire g\u00e9n\u00e9rale","date":"2023-07-24","first_seen_on":"2025-07-18T12:02:00+00:00","id":"4c1bd296d9c390b329eab333a1ba33a49494e4ab4a911ce02e0b3d3f75fb835f","name":"RAA SP n\u00b064","pdf_creation_date":"2023-07-24T13:24:37+00:00","pdf_modification_date":null,"timezone":"Europe/Paris","url":"https://www.manche.gouv.fr/contenu/telechargement/57094/443657/file/SP%2064.pdf"}
