{"administration":"pref72","administration_name":"Pr\u00e9fecture de la Sarthe","content":"SARTHE\nRECUEIL DES ACTES\nADMINISTRATIFS SP\u00c9CIAL\nN\u00b0001 DU 24 01 2024\nPUBLI\u00c9 LE 24 JANVIER 2024\nSommaire\nPr\u00e9fecture de la Sarthe /\n72-2024-01-23-00002 - Arr\u00eat\u00e9 pr\u00e9fectoral du 23 janvier 2024 portant\napplication du r\u00e9glement int\u00e9rieur de la pr\u00e9fecture de la Sarthe, des\nsous-pr\u00e9fectures de La Fl\u00e8che et Mamers, et du SGCD (6 pages) Page 3\n2\nPr\u00e9fecture de la Sarthe\n72-2024-01-23-00002\nArr\u00eat\u00e9 pr\u00e9fectoral du 23 janvier 2024 portant\napplication du r\u00e9glement int\u00e9rieur de la\npr\u00e9fecture de la Sarthe, des sous-pr\u00e9fectures de\nLa Fl\u00e8che et Mamers, et du SGCD\nPr\u00e9fecture de la Sarthe - 72-2024-01-23-00002 - Arr\u00eat\u00e9 pr\u00e9fectoral du 23 janvier 2024 portant application du r\u00e9glement int\u00e9rieur de la\npr\u00e9fecture de la Sarthe, des sous-pr\u00e9fectures de La Fl\u00e8che et Mamers, et du SGCD 3\nExPREFETDE LA SARTHELibert\u00e9Egalit\u00e9Fraternit\u00e9\nSecr\u00e9tariat g\u00e9n\u00e9ral\ncommun d\u00e9partemental\n11/2022\nArr\u00eat\u00e9 pr\u00e9fectoral du 23 janvier 2024\nportant adoption du r\u00e8glement int\u00e9rieur de la pr\u00e9fecture de la Sarthe, des Sous Pr\u00e9fectures de La\nFl\u00e8che et Mamers, et du SGCD\nLe Pr\u00e9fet de la Sarthe\nChevalier de la L\u00e9gion d'honneur\nChevalier de l'Ordre national du M\u00e9rite \nVU le d\u00e9cret n\u00b084-972 du 26 octobre 1984 modifi\u00e9 relatif aux cong\u00e9s annuels des fonctionnaires de\nl'\u00c9tat ;\nVU le d\u00e9cret n\u00b0 2000-815 du 25 ao\u00fbt 2000 modifi\u00e9 relatif \u00e0 l'am\u00e9nagement et \u00e0 la r\u00e9duction du temps\nde travail dans la fonction publique de l'Etat et dans la magistrature ; \nVU le d \u00e9cret n\u00b0 2002-146 du 7 f\u00e9vrier 2002 modifi\u00e9 portant d\u00e9rogations aux garanties minimales de\ndur\u00e9e du travail et de repos applicables \u00e0 certains agents en fonction dans les services relevant de la\ndirection de la d\u00e9fense et de la s\u00e9curit\u00e9 civiles ou relevant de la direction g\u00e9n\u00e9rale de l'administration\ndu minist\u00e8re de l'int\u00e9rieur ; \nVU l'a rr\u00eat\u00e9 du 26 f\u00e9vrier 2002 portant application du d\u00e9cret n\u00b0 2002-146 du 7 f\u00e9vrier 2002 portant\nd\u00e9rogation aux garanties minimales de dur\u00e9e de travail et de repos applicables \u00e0 certains agents en\nfonction dans certains services du minist\u00e8re de l'int\u00e9rieur ; \nVU  le  d\u00e9cret  n\u00b02002-147  du  7  f\u00e9vrier  2002  modifi\u00e9  relatif  aux  modalit\u00e9s  de  r\u00e9mun\u00e9ration  ou  de\ncompensation des astreintes et des interventions de certains personnels g\u00e9r\u00e9s par la direction g\u00e9n\u00e9rale\nde l'administration du minist\u00e8re de l'int\u00e9rieur ;\nVU l'arr\u00eat\u00e9 du 3 novembre 2015 fixant les taux des indemnit\u00e9s et les modalit\u00e9s de compensation des\nastreintes et des interventions des personnels affect\u00e9s au minist\u00e8re de l'int\u00e9rieur ;\nVU l'arr\u00eat\u00e9 du 6 d\u00e9cembre 2001 portant application du d\u00e9cret n\u00b0 2000-815 du 25 ao\u00fbt 2000 relatif \u00e0\nl'am\u00e9nagement et \u00e0 la r\u00e9duction du temps de travail dans la fonction publique de l'Etat pour les\npersonnels relevant de la direction g\u00e9n\u00e9rale de l'administration du minist\u00e8re de l'int\u00e9rieur ;\nVU l'arr\u00eat\u00e9 du 6 d\u00e9cembre 2001 modifi\u00e9 relatif aux cycles de travail applicables \u00e0 certains services du\nminist\u00e8re de l'int\u00e9rieur ;\nVU  l'arr\u00eat\u00e9  du  6  d\u00e9cembre  2001  relatif  aux  cycles  de  travail  applicables  dans  certains  services\ncomp\u00e9tents  dans  le  domaine  des  syst\u00e8mes  d'information  et  de  communication  du  minist\u00e8re  de\nl'int\u00e9rieur ;\nVU la circulaire du 27 f\u00e9vrier 2002 relative \u00e0 l'am\u00e9nagement et \u00e0 la r\u00e9duction du temps de travail pour\nles personnels relevant de la direction g\u00e9n\u00e9rale de l'administration du minist\u00e8re de l'int\u00e9rieur ;\nT\u00e9l : 02 43 39 72 72\nMel : pref-mail@sarthe.gouv.fr\nPlace Aristide Briand - 72041 Le Mans Cedex 9 1/2\nPr\u00e9fecture de la Sarthe - 72-2024-01-23-00002 - Arr\u00eat\u00e9 pr\u00e9fectoral du 23 janvier 2024 portant application du r\u00e9glement int\u00e9rieur de la\npr\u00e9fecture de la Sarthe, des sous-pr\u00e9fectures de La Fl\u00e8che et Mamers, et du SGCD 4\nVU l'avis du comit\u00e9 social d'administration du 29 novembre 2023 ;\nSUR proposition du directeur du Secr\u00e9tariat g\u00e9n\u00e9ral commun d\u00e9partemental,\nARR\u00caTE\nArticle 1     :  \nL'arr\u00eat\u00e9 pr\u00e9fectoral DRHM n\u00b02018-002 du 2 mai 2018 modifi\u00e9 instaurant le r\u00e8glement int\u00e9rieur de la\npr\u00e9fecture et de sous-pr\u00e9fectures est abrog\u00e9 \u00e0 la date du 31 d\u00e9cembre 2023 ; \nArticle 2     :  \nLe r\u00e8glement int\u00e9rieur tel qu'annex\u00e9 au pr\u00e9sent arr\u00eat\u00e9 entre en vigueur au 1er janvier 2024.\nArticle   3   :   D\u00e9lai et voie de recours \nLe pr\u00e9sent arr\u00eat\u00e9 peut faire l'objet d'un recours contentieux aupr\u00e8s du tribunal administratif de Nantes\n(44) dans un d\u00e9lai de deux mois \u00e0 compter de sa publication au recueil des actes administratifs de la\npr\u00e9fecture  de  la  Sarthe.  Le  tribunal  administratif  de  Nantes  peut  \u00eatre  saisi  par  l'application\n\u00ab T\u00e9l\u00e9recours citoyens \u00bb, accessible par le site internet : www.telerecours.fr.\nIl peut faire l'objet d'un recours hi\u00e9rarchique  dans les m\u00eames conditions de d\u00e9lais, aupr\u00e8s du Ministre\nde l'Int\u00e9rieur et des outre-mer.\nArticle   4   :  \nLe secr\u00e9taire g\u00e9n\u00e9ral de la pr\u00e9fecture de la Sarthe et le directeur  du Secr\u00e9tariat g\u00e9n\u00e9ral commun\nd\u00e9partemental sont charg\u00e9s, chacun en ce qui les concerne, de l'ex\u00e9cution du pr\u00e9sent arr\u00eat\u00e9 qui sera\npubli\u00e9 au recueil des actes administratifs de la pr\u00e9fecture de la Sarthe.\nLe pr\u00e9fet,\n2/2\nPr\u00e9fecture de la Sarthe - 72-2024-01-23-00002 - Arr\u00eat\u00e9 pr\u00e9fectoral du 23 janvier 2024 portant application du r\u00e9glement int\u00e9rieur de la\npr\u00e9fecture de la Sarthe, des sous-pr\u00e9fectures de La Fl\u00e8che et Mamers, et du SGCD 5\nPREFET Secr\u00e9tariat g\u00e9n\u00e9ralDE LA SARTHE commun d\u00e9partementalLibert\u00e9\u00c9galit\u00e9Fraternit\u00e9\nService des ressources humaines Le Mans, le 2% D\\ ' 9/!%\nR\u00e8glement int\u00e9rieur de la pr\u00e9fecture, des sous-pr\u00e9fectureset du secr\u00e9tariat g\u00e9n\u00e9ral commun d\u00e9partementalde la Sarthe\nLe corpus des r\u00e8gles relatives au temps de travail et \u00e0 son organisation est tr\u00e8s complet. Ce r\u00e9glementint\u00e9rieur a vocation \u00e0 r\u00e9pondre aux choix d'organisation quand la r\u00e9glementation les autorise.Les r\u00e8gles faisant l'objet du pr\u00e9sent r\u00e8glement int\u00e9rieur ont \u00e9t\u00e9 approuv\u00e9es au comit\u00e9 sociald'administration du 29/11/2023.Le pr\u00e9sent r\u00e8glement int\u00e9rieur s'applique au 01/01/2024 dans les services de la pr\u00e9fecture, des sous-pr\u00e9fectures et du secr\u00e9tariat g\u00e9n\u00e9ral commun d\u00e9partemental de la Sarthe.\nLes cycles de travail :Trois cycles de travail sont propos\u00e9s aux agents (titulaires et contractuels), sauf dispositions contrairespr\u00e9cis\u00e9es dans les r\u00e9gimes particuliers :\u00bb Cycle \u00e0 38h30 / 18 jours ARTT/ 7h42 en moyenne par jour< Cycle \u00e0 38h / 16 jours ARTT / 7h36 en moyenne par jour ;< Cycle \u00e0 37h / 10 jours ARTT/7h24 en moyenne par jour.Le cycle hebdomadaire par d\u00e9faut est celui \u00e0 38 heures.Le cycle hebdomadaire est choisi par l'agent, en accord avec son sup\u00e9rieur hi\u00e9rarchique pour unedur\u00e9e minimale d'un an. Le choix s'applique \u00e0 compter de la premi\u00e8re affectation au sein de lapr\u00e9fecture, du SGCD ou de l'une des sous-pr\u00e9fectures quelle qu'en soit la date ou \u00e0 compter du lerjanvier de l'ann\u00e9e civile suivante. Il est reconduit par tacite reconduction chaque ann\u00e9e.Toute demande de modification doit \u00eatre adress\u00e9e sign\u00e9e et avec l'avis du sup\u00e9rieur hi\u00e9rarchiqueavant le Ter novembre de l'ann\u00e9e N-1 au SGCD. A titre exceptionnel pour 2024, la demande doit \u00eatreadress\u00e9e avant le 31 janvier avec effet au ler janvier 2024.Le cycle hebdomadaire pour les apprentis est fix\u00e9 \u00e0 35 heures, soit une moyenne de 7 heures par jour,sans am\u00e9nagement de r\u00e9duction du temps de travail.Le temps de travail des stagiaires est d\u00e9fini dans la convention de stage en fonction de l'\u00e2ge dustagiaire, dans la limite de 7h/jour. Si le stagiaire a moins de 15 ans, le stage est plafonn\u00e9 \u00e0 30 heures parsemaine ; \u00e0 partir de 16 ans, le temps de stage hebdomadaire est de maximum 35h.Les services civiques ont un r\u00e9gime horaire diff\u00e9rent fix\u00e9 par leur contrat.\nT\u00e9l : 02 85 32 72 72Mel : pref-mail@sarthe.gouv.frPlace Aristide Briand - 72041 Le Mans Cedex 9 1/3\nPr\u00e9fecture de la Sarthe - 72-2024-01-23-00002 - Arr\u00eat\u00e9 pr\u00e9fectoral du 23 janvier 2024 portant application du r\u00e9glement int\u00e9rieur de la\npr\u00e9fecture de la Sarthe, des sous-pr\u00e9fectures de La Fl\u00e8che et Mamers, et du SGCD 6\nLes agents b\u00e9n\u00e9ficiant de l'article 10 du d\u00e9cret n\u00b02000-815 du 25 ao\u00fbt 2000 relatif \u00e0 l'am\u00e9nagement et\u00e0 la r\u00e9duction du temps de travail dans la fonction publique de l'Etat et dans la magistrature sontsoumis au cycle \u00e0 38h.Le cr\u00e9dit-d\u00e9bit :Tous les agents, soumis \u00e0 des horaires variables ou fixes, sauf dispositions contraires, sont tenusd'enregistrer personnellement leur temps de travail \u00e0 l'aide du dispositif informatique de gestion detemps soit sur la borne d\u00e9di\u00e9e soit sur un poste de travail.Dans le cadre de I'horaire variable, la p\u00e9riode de r\u00e9f\u00e9rence correspond au mois calendaire.Un dispositif de cr\u00e9dit/d\u00e9bit permet le report d'une p\u00e9riode de r\u00e9f\u00e9rence sur la suivante d''un maximumde 8 heures de d\u00e9bit et de 12 heures de cr\u00e9dit.Le d\u00e9bit devra \u00eatre r\u00e9sorb\u00e9 dans un d\u00e9lai d'un mois sous peine de retenue sur les cong\u00e9s annuels ou \u00e0'd\u00e9faut de retenue sur traitement pour service non fait (30\u00e8me indivisible). -Le cr\u00e9dit pourra \u00eatre r\u00e9cup\u00e9r\u00e9 sous la forme de 2 demi-journ\u00e9es ou 1 joyrn\u00e9e compl\u00e8te d'absence parmois, et les heures restantes sont r\u00e9gul\u00e9es sur les plages mobiles.En cas d'impossibilit\u00e9 pour raison de service de b\u00e9n\u00e9ficier d'une r\u00e9gulation mensuelle, le directeur peutautoriser son b\u00e9n\u00e9fice le mois suivant, sur feuille cartonn\u00e9e.Toute anomalie sur le logiciel de gestion du temps travail doit faire I'objet d'une demande der\u00e9gularisation dans le d\u00e9lai de 15 jours.Les horaires de fonctionnement :En pr\u00e9fecture, les horaires d'ouverture au public sont de 8h30 \u00e0 12h00 et de 13h30 \u00e0 16h00, et 15h.Dans chacune des sous-pr\u00e9fectures, l'ouverture au public s'effectue de 9h00 \u00e0 12h00 et de 14h \u00e0 16h30.Les horaires de fonctionnement des services sont organis\u00e9s sauf dispositions contraires, sous la formed'horaires variables, comprenant des plages fixes et des plages mobiles. Les agents doiventimp\u00e9rativement \u00eatre pr\u00e9sents pendant les plages fixes. Leur pr\u00e9sence sur les plages variables estsubordonn\u00e9e \u00e0 l'organisation de leur service afin de garantir le fonctionnement normal du service, lacontinuit\u00e9 de l'activit\u00e9 et l'accueil du public le cas \u00e9ch\u00e9ant pendant les horaires au public d\u00e9finis.Le temps de travail hebdomadaire est r\u00e9parti sur 5 jours, du lundi au vendredi inclus. Les agentsrel\u00e8vent du cycle horaire du service dans lequel ils sont affect\u00e9s :\u00ab par d\u00e9faut, un cycle de droit commun sur les horaires de fonctionnement suivants :plages variables : 7h30 - 19ho plages fixes :\u00ab dulundiau jeudi, 9h15 - 11h30 et 14h - 16h15 ;= le vendredi 9h00 - 11h30 et 14h - 15h30.* UN \u00ab cycle des services d'urgence \u00bb pour les services dont les missions ou une partie des missionspeut \u00eatre impr\u00e9visible : le service en charge de la s\u00e9curit\u00e9 civile (BSCGC), le service de lacommunication et de la repr\u00e9sentation de I'Etat (BRECI), les chauffeurs, le service en charge dela reconduite aux fronti\u00e8res :o plages variables : 7h30 - 19ho plages fixes := dulundi au jeudi, 9h45 - 11h30 et 14h - 16h15 ;= levendredi 9h00 - 11h30 et 14h \u2014 15h30.La pr\u00e9sence des secr\u00e9taires du corps pr\u00e9fectoral au cabinet de la pr\u00e9fecture est organis\u00e9e enalternance une semaine sur deux selon les modalit\u00e9s suivantes :8h30-12h30 et 14h-17h9h-12h30 et 14h-18h.\n2/3\nPr\u00e9fecture de la Sarthe - 72-2024-01-23-00002 - Arr\u00eat\u00e9 pr\u00e9fectoral du 23 janvier 2024 portant application du r\u00e9glement int\u00e9rieur de la\npr\u00e9fecture de la Sarthe, des sous-pr\u00e9fectures de La Fl\u00e8che et Mamers, et du SGCD 7\nL'interruption m\u00e9ridienne ne peut \u00e9tre inf\u00e9rieure \u00e0 45 min. Elle doit obligatoirement donner lieu \u00e0 uneop\u00e9ration de sortie et d'entr\u00e9e Elle peut donner lieu \u00e0 une organisation par service afin de garantir lacontinuit\u00e9 de service. L'absence de pointage sur la plage m\u00e9ridienne entra\u00eene automatiquement und\u00e9compte de 2h30 sur le compteur de I'agent. A titre exceptionnel, en cas de n\u00e9cessit\u00e9 de serviced\u00fbment motiv\u00e9e, tendant \u00e0 l'impossibilit\u00e9 de d\u00e9badgeage de 45 minutes sur la pause m\u00e9ridienne,l'agent d\u00e9badge 45 minutes au besoin sur la plage fixe. Il peut b\u00e9n\u00e9ficier sur autorisation de son chef deservice du recr\u00e9dit de 2h30 automatique de p\u00e9nalit\u00e9 sur fiche cartonn\u00e9e.La r\u00e9gulation mensuelle :Une r\u00e9gulation mensuelle d'un jour par mois est autoris\u00e9e correspondant au temps moyen quotidiendu cycle horaire de l'agent. En cas d'impossibilit\u00e9 pour raison de service de poser cette journ\u00e9e, le chefde service peut autoriser un report a titre exceptionnel sur fiche cartonn\u00e9e.En raison des suj\u00e9tions particuli\u00e8res du secr\u00e9tariat du corps pr\u00e9fectoral et des chauffeurs du corpspr\u00e9fectoral, \u00e0 l'exclusion stricte de tout autre service, les horaires \u00e9cr\u00eat\u00e9s au-del\u00e0 de 12h, dans la limitede 25h et sous r\u00e9serve de la consommation de la r\u00e9gulation de droit peuvent faire l'objet d''uner\u00e9cup\u00e9ration de temps, sous 3 mois maximum.Le standard :Le standard de la pr\u00e9fecture de la Sarthe est ouvert du lundi au vendredi, de 7h30 \u00e0 21h. Les agentsaffect\u00e9s au standard travaillent sur une alternance de 3 cycles : matin/soir/mixte, en horaires fixes, surun cycle de 1533 h, sur 5 jours. Ils sont programm\u00e9s d'astreinte une semaine sur trois. D'autresastreintes peuvent \u00eatre programm\u00e9es, selon l'activit\u00e9 des services de la pr\u00e9fecture (\u00e9preuves sportives,\u00e9lections, etc...)'Les agents ne peuvent pas b\u00e9n\u00e9ficier de r\u00e9gulation mensuelle.Les chauffeurs :Une astreinte chauffeur garantissant la continuit\u00e9 de l'action du corps pr\u00e9fectoral est organis\u00e9e encontinue. Le week end, l'astreinte est en priorit\u00e9 impos\u00e9e au personnel associ\u00e9 au sous-pr\u00e9fet depermanence.En cas de besoin des services d'un 'cha.uffeur compl\u00e9mentaire, le soir au-del\u00e0 de 19h ou le week end, il\u00e9marge au dispositif des heures suppl\u00e9mentaires.L'organisation du travail doit veiller \u00e0 ce que les chauffeurs travaillent au moins 4h/mois sur uneastreinte, la r\u00e9mun\u00e9ration accessoire \u00e9tant sous r\u00e9serve de temps travaill\u00e9.Le planning sera joint \u00e0 toute demande de r\u00e9mun\u00e9ration accessoire, la demande est attest\u00e9e par lecorps pr\u00e9fectoral responsable des d\u00e9placements, et vis\u00e9 par le chef de garage qui v\u00e9rifie la conformit\u00e9au planning.\n3/3\nPr\u00e9fecture de la Sarthe - 72-2024-01-23-00002 - Arr\u00eat\u00e9 pr\u00e9fectoral du 23 janvier 2024 portant application du r\u00e9glement int\u00e9rieur de la\npr\u00e9fecture de la Sarthe, des sous-pr\u00e9fectures de La Fl\u00e8che et Mamers, et du SGCD 8\n;\nPr\u00e9fecture de la Sarthe - 72-2024-01-23-00002 - Arr\u00eat\u00e9 pr\u00e9fectoral du 23 janvier 2024 portant application du r\u00e9glement int\u00e9rieur de la\npr\u00e9fecture de la Sarthe, des sous-pr\u00e9fectures de La Fl\u00e8che et Mamers, et du SGCD 9","date":"2024-01-24","first_seen_on":"2025-08-30T22:19:22+00:00","id":"4c895dc8e7fec865329d4042986e27775f28ba823f157daaac2c223bb84cb111","name":"RAA n\u00b015 du 24 janvier 2024","pdf_creation_date":"2024-01-24T15:13:31+00:00","pdf_modification_date":null,"timezone":"Europe/Paris","url":"https://www.sarthe.gouv.fr/contenu/telechargement/18990/121938/file/recueil-001-du-24-01-2024-recueil-des-actes-administratifs-special.pdf"}
