{"administration":"pref83","administration_name":"Pr\u00e9fecture du Var","content":"VAR\nRECUEIL DES ACTES\nADMINISTRATIFS\nN\u00b083-2024-293\nPUBLI\u00c9 LE 21 OCTOBRE 2024\nSommaire\nPr\u00e9fecture du VAR / Direction de la citoyennet\u00e9 et de la l\u00e9galit\u00e9\n83-2024-10-17-00007 - ARRETE n\u00b0 DCL/BERG/2024/384 du 17 octobre 2024\nmodifiant l'arr\u00eat\u00e9 du 11 ao\u00fbt 2022 portant agr\u00e9ment de la SCI\n\u00ab\u00a0S&H\u00a0\u00bb sise \u00e0 Toulon (83000) pour exercer l'activit\u00e9 de\ndomiciliation d'entreprises. (2 pages) Page 4\n83-2024-10-17-00006 - ARR\u00caT\u00c9 n\u00b0 DCL/BERG/2024/385 du 17 octobre\n2024 portant agr\u00e9ment de l'entreprise individuelle de\u00a0Monsieur\nArnaud FRANCHINI, sise \u00e0 Saint-Rapha\u00ebl (83700), pour exercer\nl'activit\u00e9 de domiciliation d'entreprises. (2 pages) Page 7\n83-2024-10-17-00010 - ARR\u00caT\u00c9 n\u00b0 DCL/BERG/2024/392 du 17 octobre\n2024 accordant la d\u00e9nomination de commune touristique \u00e0 la\ncommune de Cavalaire-sur-Mer. (3 pages) Page 10\n83-2024-10-17-00008 - ARR\u00caT\u00c9 n\u00b0 DCL/BERG/2024/395 du 17 octobre\n2024 portant renouvellement d'agr\u00e9ment de la SARL\n\u00ab\u00a0LI-INFO\u00a0\u00bb, sise \u00e0 Hy\u00e8res (83400), pour exercer l'activit\u00e9 de\ndomiciliation d'entreprises. (2 pages) Page 14\n83-2024-10-17-00009 - ARR\u00caT\u00c9 PR\u00c9FECTORAL n\u00b0 DCL/BERG/2024/372\ndu  17 octobre 2024                         portant modification de l'arr\u00eat\u00e9 du\n17 f\u00e9vrier 2022 relatif \u00e0 l'agr\u00e9ment du centre de formation\n\u00ab\u00a0UNT Formations\u00a0\u00bb, habilit\u00e9 \u00e0 dispenser la formation initiale et\ncontinue des conducteurs de taxi, ainsi que leur formation \u00e0 la mobilit\u00e9\ndans le d\u00e9partement du Var. (2 pages) Page 17\nPr\u00e9fecture du VAR / Direction de la coordination des politiques publiques\net de l'appui territorial\n83-2024-10-18-00001 - ARR\u00caT\u00c9 n\u00b0 2024 - du 18 octobre\n2024\nPortant subd\u00e9l\u00e9gation de signature et d'ordonnancement\nsecondaire aux\ncadres du secr\u00e9tariat g\u00e9n\u00e9ral commun\nd\u00e9partemental du Var (9 pages) Page 20\n83-2024-10-21-00002 - ARR\u00caT\u00c9 PR\u00c9FECTORAL n\u00b0 2024/50/MCI du 21\noctobre 2024\nportant d\u00e9l\u00e9gation de signature \u00e0 Madame Nelcie\nFERRERE directrice d\u00e9partementale de l'emploi, du travail et des\nsolidarit\u00e9s du Var par int\u00e9rim pour l'ordonnancement secondaire\ndes recettes et des d\u00e9penses\nimput\u00e9es sur les programmes du\nbudget de l'\u00c9tat (4 pages) Page 30\n83-2024-10-21-00001 - ARR\u00caT\u00c9 PR\u00c9FECTORAL n\u00b02024/49/MCI du 21\noctobre 2024 portant subd\u00e9l\u00e9gation de signature au sein de la\ndirection d\u00e9partementale de l'emploi, du travail et des solidarit\u00e9s\ndu Var (DDETS) (4 pages) Page 35\n2\nPr\u00e9fecture du VAR / Direction des s\u00e9curit\u00e9s\n83-2024-10-15-00010 - Arr\u00eat\u00e9 n\u00b0 2024-BSP-OP-50 autorisant la\ncaptation, l'enregistrement et la transmission d'images au moyen de\ncam\u00e9ras install\u00e9es sur des a\u00e9ronefs (4 pages) Page 40\n3\nPr\u00e9fecture du VAR\n83-2024-10-17-00007\nARRETE n\u00b0 DCL/BERG/2024/384 du 17 octobre\n2024 modifiant l'arr\u00eat\u00e9 du 11 ao\u00fbt 2022 portant\nagr\u00e9ment de la SCI \u00ab\u00a0S&H\u00a0\u00bb sise \u00e0 Toulon\n(83000) pour exercer l'activit\u00e9 de domiciliation\nd'entreprises.\nPr\u00e9fecture du VAR - 83-2024-10-17-00007 - ARRETE n\u00b0 DCL/BERG/2024/384 du 17 octobre 2024 modifiant l'arr\u00eat\u00e9 du 11 ao\u00fbt 2022\nportant agr\u00e9ment de la SCI \u00ab\u00a0S&H\u00a0\u00bb sise \u00e0 Toulon (83000) pour exercer l'activit\u00e9 de domiciliation d'entreprises. 4\n=m\nPREFET\nDU  VAR\nLibert\u00e9\nEgalit\u00e9\nFraternit\u00e9\nDirection de la citoyennet\u00e9 et de la l\u00e9galit\u00e9\nBureau des \u00e9lections et de la r\u00e9glementation g\u00e9n\u00e9rale\nARRETE n\u00b0 DCL/BERG/2024/384 du 17 octobre 2024\nmodifiant l'arr\u00eat\u00e9 du 11 ao\u00fbt 2022 portant agr\u00e9ment\nde la SCI \u00ab S&H \u00bb sise \u00e0 Toulon (83000) \npour exercer l'activit\u00e9 de domiciliation d'entreprises.\nLe Pr\u00e9fet du Var,\nVu le code de commerce, notamment ses articles L. 123-11-3 \u00e0 L. 123-11-5, L. 123-11-7 , et R. 123-\n166-1 et suivants ;\nVu le code mon\u00e9taire et financier, notamment ses articles L. 561-37 \u00e0 L. 561-43  et R. 561-39 et\nsuivants ;\nVu  le d\u00e9cret n\u00b0 2009-1535 du 10 d\u00e9cembre 2009 d\u00e9finissant les modalit\u00e9s de contr\u00f4le du\nrespect  des  obligations  relatives  \u00e0  la  lutte  contre  le  blanchiment  de  capitaux  et  le\nfinancement  du  terrorisme  par  les  personnes  mentionn\u00e9es  aux  8\u00b0,  9\u00b0  et  15\u00b0  de  l'article\nL. 561-2 du code mon\u00e9taire et financier et relatif \u00e0 la commission nationale des sanctions  ;\nVu le d\u00e9cret du Pr\u00e9sident de la R\u00e9publique du 13 juillet 2023 portant nomination de Monsieur\nPhilippe MAH\u00c9, pr\u00e9fet du Var  ;\nVu l'arr\u00eat\u00e9 du 11 ao\u00fbt 2022, portant agr\u00e9ment de la SCI \u00ab  S&H \u00bb, sise \u00e0 Toulon (83000), pour\nexercer l'activit\u00e9 de domiciliation d'entreprises  ; \nVu l'arr\u00eat\u00e9 pr\u00e9fectoral n\u00b0 2024/14/MCI du 12 avril 2024 portant d\u00e9l\u00e9gation de signature \u00e0\nMonsieur  Lucien  GIUDICELLI,  secr\u00e9taire  g\u00e9n\u00e9ral  de  la  pr\u00e9fecture  du  Var,  sous-pr\u00e9fet  de\nl'arrondissement de Toulon  ;\nVu l'arr\u00eat\u00e9 pr\u00e9fectoral n\u00b0 2023/52/MCI du 21 ao\u00fbt 2023 portant d\u00e9l\u00e9gation de signature \u00e0\nMonsieur Thibaut DARGON, directeur de la citoyennet\u00e9 et de la l\u00e9galit\u00e9 de la pr\u00e9fecture du\nVar ;\nVu le courriel re\u00e7u le 19 septembre 2024, \u00e0 la pr\u00e9fecture du Var, et les pi\u00e8ces justificatives qui\ny sont annex\u00e9es, par laquelle Monsieur Mohamed MAAREF, demande la modification de son\nagr\u00e9ment, en d\u00e9clarant le changement de statut juridique et de nom commercial ;\nConsid\u00e9rant que le dossier de la demande susvis\u00e9e comporte toutes les justifications requises\npar la r\u00e9glementation  ;\nSur proposition du  secr\u00e9taire g\u00e9n\u00e9ral de la pr\u00e9fecture  ;\n1/2\nPr\u00e9fecture du VAR - 83-2024-10-17-00007 - ARRETE n\u00b0 DCL/BERG/2024/384 du 17 octobre 2024 modifiant l'arr\u00eat\u00e9 du 11 ao\u00fbt 2022\nportant agr\u00e9ment de la SCI \u00ab\u00a0S&H\u00a0\u00bb sise \u00e0 Toulon (83000) pour exercer l'activit\u00e9 de domiciliation d'entreprises. 5\nARR\u00caTE\nArticle 1 : L'article 1 de l'arr\u00eat\u00e9 du 11 ao\u00fbt 2022 susvis\u00e9 est modifi\u00e9 comme suit  :\nLa SARL \u00ab DOMICILIATION 83  \u00bb, repr\u00e9sent\u00e9e par son g\u00e9rant Monsieur Mohamed MAAREF , et\ndont le si\u00e8ge social est situ\u00e9 39 boulevard Georges Cl\u00e9menceau \u00e0 Toulon (83000) est agr\u00e9\u00e9e\npour exercer l'activit\u00e9 de domiciliation d'entreprises.\nArticle 2 : Le reste est sans changement.\nArticle 3 :Le secr\u00e9taire g\u00e9n\u00e9ral de la pr\u00e9fecture est charg\u00e9 de l'ex\u00e9cution du pr\u00e9sent arr\u00eat\u00e9\nqui sera publi\u00e9 au recueil des actes administratifs de la pr\u00e9fecture du Var.\nFait \u00e0 Toulon, le 17 octobre 2024\nPour le pr\u00e9fet et par d\u00e9l\u00e9gation,\nle Directeur\nSign\u00e9 : Thibaut DARGON\nDans un d\u00e9lai de deux mois \u00e0 compter de la date de notification du pr\u00e9sent arr\u00eat\u00e9, les recours suivants peuvent \u00eatre introduits\nconform\u00e9ment aux dispositions des articles R. 421-1 et suivants du code de justice administrative :\n- un recours gracieux, adress\u00e9 \u00e0 : M. le pr\u00e9fet du Var \u2013 Bd du 112 \u00e8me r\u00e9giment d'infanterie- CS 31209 - 83070 TOULON CEDEX\nDans ce cas, le silence de l'administration vaut rejet implicite au terme d'un d\u00e9lai de deux mois.\nApr\u00e8s un recours gracieux ou hi\u00e9rarchique, le d\u00e9lai du recours contentieux ne court qu'\u00e0 compter du rejet explicite ou\nimplicite de l'un des recours.\n- un recours contentieux, en saisissant le Tribunal Administratif de Toulon  : 5 rue Racine -BP 40510 - 83  041 TOULON CEDEX 9\nLe tribunal administratif peut \u00eatre saisi par l'application informatique \u00ab  T\u00e9l\u00e9recours citoyens \u00bb accessible par le site internet\n\u00ab www.telerecours.fr \u00bb.\n2/2Pr\u00e9fecture du VAR - 83-2024-10-17-00007 - ARRETE n\u00b0 DCL/BERG/2024/384 du 17 octobre 2024 modifiant l'arr\u00eat\u00e9 du 11 ao\u00fbt 2022\nportant agr\u00e9ment de la SCI \u00ab\u00a0S&H\u00a0\u00bb sise \u00e0 Toulon (83000) pour exercer l'activit\u00e9 de domiciliation d'entreprises. 6\nPr\u00e9fecture du VAR\n83-2024-10-17-00006\nARR\u00caT\u00c9 n\u00b0 DCL/BERG/2024/385 du 17 octobre\n2024 portant agr\u00e9ment de l'entreprise\nindividuelle de\u00a0Monsieur Arnaud FRANCHINI,\nsise \u00e0 Saint-Rapha\u00ebl (83700), pour exercer\nl'activit\u00e9 de domiciliation d'entreprises.\nPr\u00e9fecture du VAR - 83-2024-10-17-00006 - ARR\u00caT\u00c9 n\u00b0 DCL/BERG/2024/385 du 17 octobre 2024 portant agr\u00e9ment de l'entreprise\nindividuelle de\u00a0Monsieur Arnaud FRANCHINI, sise \u00e0 Saint-Rapha\u00ebl (83700), pour exercer l'activit\u00e9 de domiciliation d'entreprises. 7\n=m\nPREFET\nDU  VAR\nLibert\u00e9\nEgalit\u00e9\nFraternit\u00e9\nDirection de la citoyennet\u00e9 et de la l\u00e9galit\u00e9\nBureau des \u00e9lections et de la r\u00e9glementation g\u00e9n\u00e9rale\nARR\u00caT\u00c9 n\u00b0 DCL/BERG/202 4/385 du 17 octobre 2024\nportant agr\u00e9ment de l'entreprise individuelle de  Monsieur Arnaud FRANCHINI, \nsise \u00e0 Saint-Rapha\u00ebl (83700), pour exercer l'activit\u00e9 de domiciliation d'entreprises.\nLe Pr\u00e9fet du Var,\nVu  le  code  de  commerce,  notamment  ses  articles  L.  123-11-2  \u00e0  L.  123-11-5,  L.  123-11-7 ,  et\nR. 123-166-1 et suivants ;\nVu le code mon\u00e9taire et financier, notamment ses articles L. 561-37 \u00e0 L. 561-43  et R. 561-39 et\nsuivants ;\nVu  le d\u00e9cret n\u00b0 2009-1535 du 10 d\u00e9cembre 2009 d\u00e9finissant les modalit\u00e9s de contr\u00f4le du\nrespect  des  obligations  relatives  \u00e0  la  lutte  contre  le  blanchiment  de  capitaux  et  le\nfinancement  du  terrorisme  par  les  personnes  mentionn\u00e9es  aux  8\u00b0,  9\u00b0  et  15\u00b0  de  l'article\nL. 561-2 du code mon\u00e9taire et financier et relatif \u00e0 la commission nationale des sanctions  ;\nVu le d\u00e9cret du Pr\u00e9sident de la R\u00e9publique du 13 juillet 2023 portant nomination de Monsieur\nPhilippe MAH\u00c9, pr\u00e9fet du Var  ;\nVu l'arr\u00eat\u00e9 pr\u00e9fectoral n\u00b0 2024/14/MCI du 12 avril 2024 portant d\u00e9l\u00e9gation de signature \u00e0\nMonsieur  Lucien  GIUDICELLI,  secr\u00e9taire  g\u00e9n\u00e9ral  de  la  pr\u00e9fecture  du  Var,  sous-pr\u00e9fet  de\nl'arrondissement de Toulon ;\nVu l'arr\u00eat\u00e9 pr\u00e9fectoral n\u00b0 2023/52/MCI du 21 ao\u00fbt 2023 portant d\u00e9l\u00e9gation de signature \u00e0\nMonsieur Thibaut DARGON, directeur de la citoyennet\u00e9 et de la l\u00e9galit\u00e9 de la pr\u00e9fecture du\nVar ;\nVu  la  demande  re\u00e7ue  \u00e0  la  pr\u00e9fecture  du  Var  le  21  ao\u00fbt  2024,  par  laquelle  l'entreprise\nindividuelle de Monsieur Arnaud FRANCHINI, et dont le si\u00e8ge social est situ\u00e9 70 impasse du\nBellay \u00e0 Saint-Rapha\u00ebl (83700), demande l'agr\u00e9ment afin d'exercer l'activit\u00e9 de domiciliation\nd'entreprises ;\nConsid\u00e9rant que le dossier de la demande susvis\u00e9e comporte toutes les justifications requises\npar la r\u00e9glementation ;\nSur proposition du secr\u00e9taire g\u00e9n\u00e9ral de la pr\u00e9fecture du Var,\n1/2\nPr\u00e9fecture du VAR - 83-2024-10-17-00006 - ARR\u00caT\u00c9 n\u00b0 DCL/BERG/2024/385 du 17 octobre 2024 portant agr\u00e9ment de l'entreprise\nindividuelle de\u00a0Monsieur Arnaud FRANCHINI, sise \u00e0 Saint-Rapha\u00ebl (83700), pour exercer l'activit\u00e9 de domiciliation d'entreprises. 8\nARR\u00caTE\nArticle 1 : L'entreprise individuelle de Monsieur Arnaud FRANCHINI, et dont le si\u00e8ge social est\nsitu\u00e9  70  impasse  du  Bellay  \u00e0  Saint-Rapha\u00ebl  (83700) , est  agr\u00e9\u00e9e  pour  exercer  l'activit\u00e9  de\ndomiciliation d'entreprises.\nArticle  2 :  Cet  agr\u00e9ment  est  accord\u00e9,  pour  une  dur\u00e9e  de  six  ans ,  et  porte  le  num\u00e9ro\nDE-83-2024-11.\nArticle 3 : Le pr\u00e9sent arr\u00eat\u00e9 prendra effet \u00e0 compter de sa date de signature.\nArticle 4 : Le titulaire de cet agr\u00e9ment devra respecter les obligations relatives \u00e0 la lutte\ncontre le blanchiment des capitaux et le financement du terrorisme pr\u00e9vues aux parties\nl\u00e9gislatives et r\u00e9glementaires du code mon\u00e9taire et financier.\nArticle 5 : Tout changement substantiel concernant les donn\u00e9es principales de la soci\u00e9t\u00e9\nindiqu\u00e9es dans le dossier de demande d'agr\u00e9ment initial devra \u00eatre d\u00e9clar\u00e9, dans un d\u00e9lai de\ndeux mois, par ladite soci\u00e9t\u00e9 \u00e0 la pr\u00e9fecture du Var.\nArticle 6 : Le secr\u00e9taire g\u00e9n\u00e9ral de la pr\u00e9fecture est charg\u00e9 de l'ex\u00e9cution du pr\u00e9sent arr\u00eat\u00e9\nqui sera publi\u00e9 au recueil des actes administratifs de la pr\u00e9fecture du Var.\nFait \u00e0 Toulon, le 17 octobre 2024\nPour le pr\u00e9fet et par d\u00e9l\u00e9gation\nle Directeur\nSign\u00e9 : Thibaut DARGON\nDans un d\u00e9lai de deux mois \u00e0 compter de la date de notification du pr\u00e9sent arr\u00eat\u00e9, les recours suivants peuvent \u00eatre introduits\nconform\u00e9ment aux dispositions des articles R. 421-1 et suivants du code de justice administrative :\n- un recours gracieux, adress\u00e9 \u00e0 : M. le pr\u00e9fet du Var \u2013 Bd du 112 \u00e8me r\u00e9giment d'infanterie- CS 31209 - 83070 TOULON CEDEX\nDans ce cas, le silence de l'administration vaut rejet implicite au terme d'un d\u00e9lai de deux mois.\nApr\u00e8s un recours gracieux ou hi\u00e9rarchique, le d\u00e9lai du recours contentieux ne court qu'\u00e0 compter du rejet explicite ou implicite\nde l'un des recours.\n- un recours contentieux, en saisissant le Tribunal Administratif de Toulon  : 5 rue Racine -BP 40510 - 83  041 TOULON CEDEX 9\nLe tribunal administratif peut \u00eatre saisi par l'application informatique \u00ab  T\u00e9l\u00e9recours citoyens \u00bb accessible par le site internet\n\u00ab www.telerecours.fr \u00bb.\n2/2Pr\u00e9fecture du VAR - 83-2024-10-17-00006 - ARR\u00caT\u00c9 n\u00b0 DCL/BERG/2024/385 du 17 octobre 2024 portant agr\u00e9ment de l'entreprise\nindividuelle de\u00a0Monsieur Arnaud FRANCHINI, sise \u00e0 Saint-Rapha\u00ebl (83700), pour exercer l'activit\u00e9 de domiciliation d'entreprises. 9\nPr\u00e9fecture du VAR\n83-2024-10-17-00010\nARR\u00caT\u00c9 n\u00b0 DCL/BERG/2024/392 du 17 octobre\n2024 accordant la d\u00e9nomination de commune\ntouristique \u00e0 la commune de Cavalaire-sur-Mer.\nPr\u00e9fecture du VAR - 83-2024-10-17-00010 - ARR\u00caT\u00c9 n\u00b0 DCL/BERG/2024/392 du 17 octobre 2024 accordant la d\u00e9nomination de\ncommune touristique \u00e0 la commune de Cavalaire-sur-Mer. 10\n=m\nPREFET\nDU  VAR\nLibert\u00e9\nEgalit\u00e9\nFraternit\u00e9\nDirection de la citoyennet\u00e9 et de la l\u00e9galit\u00e9\nBureau des \u00e9lections et de la r\u00e9glementation g\u00e9n\u00e9rale\nARR\u00caT\u00c9 n\u00b0 DCL/BERG/2024/392 du 17 octobre 2024\naccordant la d\u00e9nomination de commune touristique \n\u00e0 la commune de Cavalaire-sur-Mer.\nLe Pr\u00e9fet du Var,\nVu  le code du tourisme, notamment ses articles L. 133-11, L. 133-12, L. 133-15, R. 133-32 et\nsuivants ;\nVu le d\u00e9cret n\u00b02008-884 du 2 septembre 2008 modifi\u00e9 relatif aux communes touristiques et\naux stations class\u00e9es de tourisme, notamment son article 3 ;\nVu  le  d\u00e9cret  du  22  mars  2013  portant  classement  de  la  commune  de  Cavalaire-sur-Mer\ncomme station de tourisme  ;\nVu le d\u00e9cret du Pr\u00e9sident de la R\u00e9publique du 13 juillet 2023 portant nomination de Monsieur\nPhilippe MAH\u00c9, pr\u00e9fet du Var  ;\nVu l'arr\u00eat\u00e9 pr\u00e9fectoral n\u00b0 25/054 en date du 23 mars 2023 relatif au classement dans la\ncat\u00e9gorie I de l'Office de Tourisme de Cavalaire-sur-Mer  ;  \nVu l'arr\u00eat\u00e9 pr\u00e9fectoral n\u00b0 2024/14/MCI du 12 avril 2024 portant d\u00e9l\u00e9gation de signature \u00e0\nMonsieur  Lucien  GIUDICELLI,  secr\u00e9taire  g\u00e9n\u00e9ral  de  la  pr\u00e9fecture  du  Var,  sous-pr\u00e9fet  de\nl'arrondissement de Toulon ;\nVu la  d\u00e9lib\u00e9ration n\u00b0 065/2023  du 31 mai 2023,  du conseil municipal de la commune de\nCavalaire-sur-Mer,  autorisant le maire \u00e0 solliciter la d\u00e9nomination de commune touristique ;\nVu la demande  re\u00e7ue  le 15 juillet 2024, \u00e0 la pr\u00e9fecture,  compl\u00e9t\u00e9e le 04 octobre 2024,  de\nd\u00e9nomination en commune touristique de la commune de Cavalaire-sur-Mer, pr\u00e9sent\u00e9e par le\nmaire ;\nConsid\u00e9rant que la demande pr\u00e9sent\u00e9e est conforme aux textes en vigueur, et notamment\nque la commune satisfait aux conditions fix\u00e9es par les textes susvis\u00e9s  ;\nConsid\u00e9rant que la commune  de Cavalaire-sur-Mer  est class\u00e9e comme station de tourisme\njusqu'au 22 mars 2025 inclus, en application du d\u00e9cret du 22 mars 2013 susvis\u00e9 et de l'article\nL. 133-15 du code du tourisme  ;\nConsid\u00e9rant  que  les  communes  touristiques  \u00e9rig\u00e9es  en  stations  class\u00e9es  de  tourisme\nconservent  la  d\u00e9nomination  \u00ab  commune  touristique  \u00bb  pendant  toute  la  dur\u00e9e  de  leur\nclassement, en application de l'article L. 133-15 du code du tourisme ;\n1/2\nPr\u00e9fecture du VAR - 83-2024-10-17-00010 - ARR\u00caT\u00c9 n\u00b0 DCL/BERG/2024/392 du 17 octobre 2024 accordant la d\u00e9nomination de\ncommune touristique \u00e0 la commune de Cavalaire-sur-Mer. 11\nConsid\u00e9rant qu'il y a lieu de diff\u00e9rer, au 23 mars 2025, la date de prise d'effet du pr\u00e9sent\narr\u00eat\u00e9, soit \u00e0 compter du lendemain de la date d'expiration du classement de la commune\ncomme station de tourisme ;\nSur proposition du secr\u00e9taire g\u00e9n\u00e9ral de la pr\u00e9fecture ;\nA R R E T E\nArticle 1 : La commune de Cavalaire-sur-Mer  est d\u00e9nomm\u00e9e commune touristique, pour une\ndur\u00e9e de cinq ans .\nArticle 2 : Le pr\u00e9sent arr\u00eat\u00e9 prendra effet \u00e0 compter du 23 mars 2025.\nArticle 3 : Le dossier de la demande de d\u00e9nomination en commune touristique est annex\u00e9 au\npr\u00e9sent arr\u00eat\u00e9. Il est consultable \u00e0 la pr\u00e9fecture du Var.\nArticle 4 : Le secr\u00e9taire g\u00e9n\u00e9ral de la pr\u00e9fecture du Var et le maire de Cavalaire-sur-Mer sont\ncharg\u00e9s, chacun en ce qui le concerne, de l'ex\u00e9cution du pr\u00e9sent arr\u00eat\u00e9, qui sera publi\u00e9 au\nrecueil des  actes  administratifs  de la  pr\u00e9fecture  du  Var,  et  dont  copie sera  adress\u00e9e au\nministre de l'\u00e9conomie et des finances, et au directeur des archives d\u00e9partementales .\nFait \u00e0 Toulon, le 17 octobre 2024\nPour le pr\u00e9fet et par d\u00e9l\u00e9gation,\nle secr\u00e9taire g\u00e9n\u00e9ral,\nSign\u00e9 : Lucien GIUDICELLI\nDans un d\u00e9lai de deux mois \u00e0 compter de la date de notification du pr\u00e9sent arr\u00eat\u00e9, les recours suivants peuvent \u00eatre introduits\nconform\u00e9ment aux dispositions des articles R. 421-1 et suivants du code de justice administrative :\n- un recours gracieux, adress\u00e9 \u00e0 : M. le pr\u00e9fet du Var \u2013 Bd du 112 \u00e8me r\u00e9giment d'infanterie- CS 31209 - 83070 TOULON CEDEX\n- un recours hi\u00e9rarchique adress\u00e9 au ministre de l'int\u00e9rieur  .\nDans ce cas, le silence de l'administration vaut rejet implicite au terme d'un d\u00e9lai de deux mois.\nApr\u00e8s un recours gracieux ou hi\u00e9rarchique, le d\u00e9lai du recours contentieux ne court qu'\u00e0 compter du rejet explicite ou \nimplicite de l'un de ces recours.\n- un recours contentieux, en saisissant le tribunal administratif de Toulon  : 5 rue Racine -BP 40510 - 83  041 TOULON CEDEX 9\nLe tribunal administratif peut \u00eatre saisi par l'application informatique \u00ab  T\u00e9l\u00e9recours citoyens \u00bb accessible par le site internet \n\u00ab www.telerecours.fr \u00bb.\n2/2Pr\u00e9fecture du VAR - 83-2024-10-17-00010 - ARR\u00caT\u00c9 n\u00b0 DCL/BERG/2024/392 du 17 octobre 2024 accordant la d\u00e9nomination de\ncommune touristique \u00e0 la commune de Cavalaire-sur-Mer. 12\nAnnexe \u00e0 l'arr\u00eat\u00e9 n\u00b0 DCL/BERG/2024/ 392 du 17 octobre 2024\nportant d\u00e9nomination en commune touristique \nde la commune de Cavalaire-sur-Mer.\nListe  des  documents  annex\u00e9s  et  consultables  \u00e0  la  pr\u00e9fecture  du  Var  /direction  de  la\ncitoyennet\u00e9 et de la l\u00e9galit\u00e9 /bureau des \u00e9lections et de la r\u00e9glementation g\u00e9n\u00e9rale :\n-  d\u00e9lib\u00e9ration  n\u00b0  065/2023  du  31  mai  2023,  du  conseil  municipal  de  la  commune  de\nCavalaire-sur-Mer,  autorisant  le  maire  \u00e0  solliciter  la  d\u00e9nomination  de  commune\ntouristique ;\n- demande de d\u00e9nomination en commune touristique de la commune de  Cavalaire-sur-\nMer, pr\u00e9sent\u00e9e par le maire , re\u00e7ue le 15 juillet 2024, et compl\u00e9t\u00e9e le 04 octobre 2024  ;\n-  arr\u00eat\u00e9 pr\u00e9fectoral n\u00b0 25/054 en date du 23 mars 2023 relatif au classement dans la\ncat\u00e9gorie I de l'Office de Tourisme de Cavalaire-sur-Mer  ;\n- capacit\u00e9s d'h\u00e9bergement de la population non permanente ;\n- pi\u00e8ces justificatives des capacit\u00e9s d'h\u00e9bergement de la population non permanente ;\n- animations touristiques organis\u00e9es en 2022, 2023 et 2024  ;\n- pi\u00e8ces justificatives des animations touristiques.Pr\u00e9fecture du VAR - 83-2024-10-17-00010 - ARR\u00caT\u00c9 n\u00b0 DCL/BERG/2024/392 du 17 octobre 2024 accordant la d\u00e9nomination de\ncommune touristique \u00e0 la commune de Cavalaire-sur-Mer. 13\nPr\u00e9fecture du VAR\n83-2024-10-17-00008\nARR\u00caT\u00c9 n\u00b0 DCL/BERG/2024/395 du 17 octobre\n2024 portant renouvellement d'agr\u00e9ment de la\nSARL \u00ab\u00a0LI-INFO\u00a0\u00bb, sise \u00e0 Hy\u00e8res (83400), pour\nexercer l'activit\u00e9 de domiciliation d'entreprises.\nPr\u00e9fecture du VAR - 83-2024-10-17-00008 - ARR\u00caT\u00c9 n\u00b0 DCL/BERG/2024/395 du 17 octobre 2024 portant renouvellement d'agr\u00e9ment de\nla SARL \u00ab\u00a0LI-INFO\u00a0\u00bb, sise \u00e0 Hy\u00e8res (83400), pour exercer l'activit\u00e9 de domiciliation d'entreprises. 14\n=m\nPREFET\nDU  VAR\nLibert\u00e9\nEgalit\u00e9\nFraternit\u00e9\nDirection de la citoyennet\u00e9 et de la l\u00e9galit\u00e9\nBureau des \u00e9lections et de la r\u00e9glementation g\u00e9n\u00e9rale\nARR\u00caT\u00c9 n\u00b0 DCL/BERG/202 4/395 du 17 octobre 2024\nportant renouvellement d'agr\u00e9ment de la SARL \u00ab LI-INFO \u00bb,\nsise \u00e0 Hy\u00e8res (83400), pour exercer l'activit\u00e9 de domiciliation d'entreprises.\nLe Pr\u00e9fet du Var,\nVu  le code  de commerce,  notamment  ses  articles  L.  123-11-2  \u00e0  L.  123-11-5,  L.  123-11-7 ,  et\nR. 123-166-1 et suivants ;\nVu le code mon\u00e9taire et financier, notamment ses articles L. 561-37 \u00e0 L. 561-43  et R. 561-39 et\nsuivants ;\nVu  le d\u00e9cret n\u00b0 2009-1535 du 10 d\u00e9cembre 2009 d\u00e9finissant les modalit\u00e9s de contr\u00f4le du\nrespect  des  obligations  relatives  \u00e0  la  lutte  contre  le  blanchiment  de  capitaux  et  le\nfinancement  du  terrorisme  par  les  personnes  mentionn\u00e9es  aux  8\u00b0,  9\u00b0  et  15\u00b0  de  l'article\nL. 561-2 du code mon\u00e9taire et financier et relatif \u00e0 la commission nationale des sanctions  ;\nVu le d\u00e9cret du Pr\u00e9sident de la R\u00e9publique du 13 juillet 2023 portant nomination de Monsieur\nPhilippe MAH\u00c9, pr\u00e9fet du Var  ;\nVu l'arr\u00eat\u00e9 du 21 novembre 2018 portant agr\u00e9ment de  la SARL \u00ab LI-INFO \u00bb, sise \u00e0 Hy\u00e8res\n(83400), pour exercer l'activit\u00e9 de domiciliation d'entreprises  ;\nVu l'arr\u00eat\u00e9 du 04 avril 2024 modifiant l'arr\u00eat\u00e9 du 21 novembre 2018 portant agr\u00e9ment de la\nSARL \u00ab LI-INFO \u00bb, sise \u00e0 Hy\u00e8res (83400), pour exercer l'activit\u00e9 de domiciliation d'entreprises  ;\nVu l'arr\u00eat\u00e9 pr\u00e9fectoral n\u00b0 2024/14/MCI du 12 avril 2024 portant d\u00e9l\u00e9gation de signature \u00e0\nMonsieur  Lucien  GIUDICELLI,  secr\u00e9taire  g\u00e9n\u00e9ral  de  la  pr\u00e9fecture  du  Var,  sous-pr\u00e9fet  de\nl'arrondissement de Toulon ;\nVu l'arr\u00eat\u00e9 pr\u00e9fectoral n\u00b0 2023/52/MCI du 21 ao\u00fbt 2023 portant d\u00e9l\u00e9gation de signature \u00e0\nMonsieur Thibaut DARGON, directeur de la citoyennet\u00e9 et de la l\u00e9galit\u00e9 de la pr\u00e9fecture du\nVar ;\nVu la demande re\u00e7ue \u00e0 la pr\u00e9fecture du Var le 18 septembre 2024, par laquelle la SARL \u00ab LI-\nINFO \u00bb, repr\u00e9sent\u00e9e par sa g\u00e9rante Madame Carine FOSSARD ep PONTON , et dont le si\u00e8ge\nsocial  est  situ\u00e9  76  B  avenue  Gambetta  \u2013  Le  Scorpion  \u00e0  Hy\u00e8res  (83400),  demande  le\nrenouvellement de son agr\u00e9ment afin d'exercer l'activit\u00e9 de domiciliation d'entreprises  ;\nConsid\u00e9rant que le dossier de la demande susvis\u00e9e comporte toutes les justifications requises\npar la r\u00e9glementation ;\nSur proposition du secr\u00e9taire g\u00e9n\u00e9ral de la pr\u00e9fecture du Var,\n1/2\nPr\u00e9fecture du VAR - 83-2024-10-17-00008 - ARR\u00caT\u00c9 n\u00b0 DCL/BERG/2024/395 du 17 octobre 2024 portant renouvellement d'agr\u00e9ment de\nla SARL \u00ab\u00a0LI-INFO\u00a0\u00bb, sise \u00e0 Hy\u00e8res (83400), pour exercer l'activit\u00e9 de domiciliation d'entreprises. 15\nARR\u00caTE\nArticle 1 : La  SARL \u00ab LI-INFO \u00bb, repr\u00e9sent\u00e9e par  sa g\u00e9rante Madame Carine FOSSARD ep\nPONTON, et dont le si\u00e8ge social est situ\u00e9 76 B avenue Gambetta \u2013 Le Scorpion \u00e0 Hy\u00e8res\n(83400), est agr\u00e9\u00e9e pour exercer l'activit\u00e9 de domiciliation d'entreprises.\nArticle  2 :  Cet  agr\u00e9ment  est  accord\u00e9,  pour  une  dur\u00e9e  de  six  ans ,  et  porte  le  num\u00e9ro\nDE-83-2024-12.\nArticle 3 : Le pr\u00e9sent arr\u00eat\u00e9 prendra effet \u00e0 compter du 22 novembre 2024.\nArticle 4 : Le titulaire de cet agr\u00e9ment devra respecter les obligations relatives \u00e0 la lutte\ncontre le blanchiment des capitaux et le financement du terrorisme pr\u00e9vues aux parties\nl\u00e9gislatives et r\u00e9glementaires du code mon\u00e9taire et financier.\nArticle 5 : Tout changement substantiel concernant les donn\u00e9es principales de la soci\u00e9t\u00e9\nindiqu\u00e9es dans le dossier de demande d'agr\u00e9ment initial devra \u00eatre d\u00e9clar\u00e9, dans un d\u00e9lai de\ndeux mois, par ladite soci\u00e9t\u00e9 \u00e0 la pr\u00e9fecture du Var.\nArticle 6 : Le secr\u00e9taire g\u00e9n\u00e9ral de la pr\u00e9fecture est charg\u00e9 de l'ex\u00e9cution du pr\u00e9sent arr\u00eat\u00e9\nqui sera publi\u00e9 au recueil des actes administratifs de la pr\u00e9fecture du Var.\nFait \u00e0 Toulon, le 17 octobre 2024\nPour le pr\u00e9fet et par d\u00e9l\u00e9gation,\nle Directeur\nSign\u00e9 : Thibaut DARGON\nDans un d\u00e9lai de deux mois \u00e0 compter de la date de notification du pr\u00e9sent arr\u00eat\u00e9, les recours suivants peuvent \u00eatre introduits\nconform\u00e9ment aux dispositions des articles R. 421-1 et suivants du code de justice administrative :\n- un recours gracieux, adress\u00e9 \u00e0 : M. le pr\u00e9fet du Var \u2013 Bd du 112 \u00e8me r\u00e9giment d'infanterie- CS 31209 - 83070 TOULON CEDEX\nDans ce cas, le silence de l'administration vaut rejet implicite au terme d'un d\u00e9lai de deux mois.\nApr\u00e8s un recours gracieux ou hi\u00e9rarchique, le d\u00e9lai du recours contentieux ne court qu'\u00e0 compter du rejet explicite ou\nimplicite de l'un des recours.\n- un recours contentieux, en saisissant le Tribunal Administratif de Toulon  : 5 rue Racine -BP 40510 - 83  041 TOULON CEDEX 9\nLe tribunal administratif peut \u00eatre saisi par l'application informatique \u00ab  T\u00e9l\u00e9recours citoyens \u00bb accessible par le site internet\n\u00ab www.telerecours.fr \u00bb.\n2/2Pr\u00e9fecture du VAR - 83-2024-10-17-00008 - ARR\u00caT\u00c9 n\u00b0 DCL/BERG/2024/395 du 17 octobre 2024 portant renouvellement d'agr\u00e9ment de\nla SARL \u00ab\u00a0LI-INFO\u00a0\u00bb, sise \u00e0 Hy\u00e8res (83400), pour exercer l'activit\u00e9 de domiciliation d'entreprises. 16\nPr\u00e9fecture du VAR\n83-2024-10-17-00009\nARR\u00caT\u00c9 PR\u00c9FECTORAL n\u00b0 DCL/BERG/2024/372\ndu  17 octobre 2024                         portant\nmodification de l'arr\u00eat\u00e9 du 17 f\u00e9vrier 2022 relatif\n\u00e0 l'agr\u00e9ment du centre de formation \u00ab\u00a0UNT\nFormations\u00a0\u00bb, habilit\u00e9 \u00e0 dispenser la formation\ninitiale et continue des conducteurs de taxi, ainsi\nque leur formation \u00e0 la mobilit\u00e9 dans le\nd\u00e9partement du Var.\nPr\u00e9fecture du VAR - 83-2024-10-17-00009 - ARR\u00caT\u00c9 PR\u00c9FECTORAL n\u00b0 DCL/BERG/2024/372 du  17 octobre 2024                         portant\nmodification de l'arr\u00eat\u00e9 du 17 f\u00e9vrier 2022 relatif \u00e0 l'agr\u00e9ment du centre de formation \u00ab\u00a0UNT Formations\u00a0\u00bb, habilit\u00e9 \u00e0 dispenser la\nformation initiale et continue des conducteurs de taxi, ainsi que leur formation \u00e0 la mobilit\u00e9 dans le d\u00e9partement du Var.17\n=m\nPREFET\nDU  VAR\nLibert\u00e9\nEgalit\u00e9\nFraternit\u00e9\nDirection de la citoyennet\u00e9 et de la l\u00e9galit\u00e9\nBureau des \u00e9lections et de la r\u00e9glementation g\u00e9n\u00e9rale\nARR\u00caT\u00c9 PR\u00c9FECTORAL n\u00b0 DCL/BERG/2024/372  du  17 octobre 2024\nportant modification de l'arr\u00eat\u00e9 du 17 f\u00e9vrier 2022 relatif \u00e0 l'agr\u00e9ment du centre de\nformation \u00ab UNT Formations \u00bb, habilit\u00e9 \u00e0 dispenser la formation initiale et continue des\nconducteurs de taxi, ainsi que leur formation \u00e0 la mobilit\u00e9 dans le d\u00e9partement du Var.\nLe Pr\u00e9fet du Var,\nVu le code des transports, et notamment ses articles R. 3120-8-2 et R. 3120-9 ;\nVu le d\u00e9cret du Pr\u00e9sident de la R\u00e9publique du 13 juillet 2023 portant nomination de Monsieur\nPhilippe MAH\u00c9, pr\u00e9fet du Var  ;\nVu l'arr\u00eat\u00e9 du 6 avril 2017 relatif aux programmes et \u00e0 l'\u00e9valuation des \u00e9preuves des examens\nd'acc\u00e8s aux professions de conducteur de taxi et de conducteur de voiture de transport avec\nchauffeur ;\nVu l'arr\u00eat\u00e9 du 11 ao\u00fbt 2017 relatif \u00e0 l'agr\u00e9ment des centres de formation habilit\u00e9s \u00e0 dispenser\nla formation initiale et continue des conducteurs de taxi et des conducteurs de voiture de\ntransport avec chauffeur  ;\nVu l'arr\u00eat\u00e9 du 11 ao\u00fbt 2017 relatif \u00e0 la formation continue des conducteurs de taxi et des\nconducteurs de voiture de transport avec chauffeur et \u00e0 la mobilit\u00e9 des conducteurs de taxi  ;\nVu  l'arr\u00eat\u00e9  PR\u00c9FECTORAL n\u00b0 DCL/BERG/2022/38 du 17 f\u00e9vrier  2022 portant  agr\u00e9ment  du\ncentre de formation \u00ab  UNT Formations \u00bb, habilit\u00e9 \u00e0 dispenser la formation initiale et continue\ndes conducteurs de taxi, ainsi que leur formation \u00e0 la mobilit\u00e9 dans le d\u00e9partement du Var.\nVu l'arr\u00eat\u00e9 pr\u00e9fectoral n\u00b0 2024/14/MCI du 12 avril 2024 portant d\u00e9l\u00e9gation de signature \u00e0\nMonsieur  Lucien  GIUDICELLI,  secr\u00e9taire  g\u00e9n\u00e9ral  de  la  pr\u00e9fecture  du  Var,  sous-pr\u00e9fet  de\nl'arrondissement de Toulon ;\nVu l'arr\u00eat\u00e9 pr\u00e9fectoral n\u00b0 2023/52/MCI du 21 ao\u00fbt 2023 portant d\u00e9l\u00e9gation de signature \u00e0\nMonsieur Thibaut DARGON, directeur de la citoyennet\u00e9 et de la l\u00e9galit\u00e9 de la pr\u00e9fecture du\nVar ;\nVu la demande, re\u00e7ue le 05 ao\u00fbt 2024, et compl\u00e9t\u00e9e le 03 octobre 2024, par laquelle Madame\nLaurence LEVALLOIS, pr\u00e9sidente de l'association \u00ab  UNION NATIONALE DES FORMATIONS\nTAXIS - UNFT \u00bb, sollicite la modification de l'agr\u00e9ment n\u00b0 83-22-001 du centre de formation\n\u00ab UNFT \u00bb dont le si\u00e8ge social est situ\u00e9 46-48 rue Daubenton \u00e0 Paris (75005), afin de dispenser\nla  formation  initiale  et  continue  des  conducteurs  de  taxi,  ainsi  que  leur  formation  \u00e0  la\nmobilit\u00e9 dans le d\u00e9partement du Var.  ;\nConsid\u00e9rant  que  ledit  centre  de  formation  justifie  des  conditions  pr\u00e9vues  par  la\nr\u00e9glementation susvis\u00e9e pour obtenir l'agr\u00e9ment sollicit\u00e9  ; \n1/2\nPr\u00e9fecture du VAR - 83-2024-10-17-00009 - ARR\u00caT\u00c9 PR\u00c9FECTORAL n\u00b0 DCL/BERG/2024/372 du  17 octobre 2024                         portant\nmodification de l'arr\u00eat\u00e9 du 17 f\u00e9vrier 2022 relatif \u00e0 l'agr\u00e9ment du centre de formation \u00ab\u00a0UNT Formations\u00a0\u00bb, habilit\u00e9 \u00e0 dispenser la\nformation initiale et continue des conducteurs de taxi, ainsi que leur formation \u00e0 la mobilit\u00e9 dans le d\u00e9partement du Var.18\nConsid\u00e9rant  que,  \u00e0  titre  de  rappel,  la  dur\u00e9e  de  validit\u00e9  (17  f\u00e9vrier  2027)  et  le  num\u00e9ro\nd'agr\u00e9ment (83-22-001) restent inchang\u00e9s  ;\nSur proposition du  secr\u00e9taire g\u00e9n\u00e9ral de la pr\u00e9fecture ,\nARR\u00caTE\nArticle 1  er   : L'article 1 de l'arr\u00eat\u00e9 pr\u00e9fectoral du 17 f\u00e9vrier 2022 susvis\u00e9 est modifi\u00e9 comme\nsuit :\nLe centre de formation  \u00ab UNION NATIONALE DES FORMATIONS TAXIS - UNFT  \u00bb, dont le\nsi\u00e8ge social est situ\u00e9 46-48 rue Daubenton \u00e0 Paris (75005) , repr\u00e9sent\u00e9 par Madame Laurence\nLEVALLOIS, est agr\u00e9\u00e9 afin de dispenser la formation initiale et continue des conducteurs de\ntaxi, ainsi que leur formation \u00e0 la mobilit\u00e9 dans le d\u00e9partement du Var.\nLes formations se d\u00e9rouleront dans des locaux situ\u00e9s \u00e0 l'adresse suivante  :\n- CAPEB 83, les Espaluns III \u2013 rue Berthelot \u00e0 La Valette-du-Var (83160).\nArticle 2 : Le reste est sans changement.\nArticle 3 : Le secr\u00e9taire g\u00e9n\u00e9ral de la pr\u00e9fecture est charg\u00e9 de l'ex\u00e9cution du pr\u00e9sent arr\u00eat\u00e9\nqui sera publi\u00e9 au recueil des actes administratifs de la pr\u00e9fecture du Var.\nFait \u00e0 Toulon, le 17 octobre 2024\nPour le pr\u00e9fet et par d\u00e9l\u00e9gation,\nle Directeur\nSign\u00e9 : Thibaut DARGON\nDans un d\u00e9lai de deux mois \u00e0 compter de la date de notification du pr\u00e9sent arr\u00eat\u00e9, les recours suivants peuvent \u00eatre introduits\nconform\u00e9ment aux dispositions des articles R. 421-1 et suivants du code de justice administrative :\n- un recours gracieux, adress\u00e9 \u00e0 : M. le pr\u00e9fet du Var \u2013 Bd du 112 \u00e8me r\u00e9giment d'infanterie- CS 31209 - 83070 TOULON CEDEX\nDans ce cas, le silence de l'administration vaut rejet implicite au terme d'un d\u00e9lai de deux mois.\nApr\u00e8s un recours gracieux ou hi\u00e9rarchique, le d\u00e9lai du recours contentieux ne court qu'\u00e0 compter du rejet explicite ou\nimplicite de l'un des recours.\n- un recours contentieux, en saisissant le Tribunal Administratif de Toulon  : 5 rue Racine -BP 40510 - 83  041 TOULON CEDEX 9\nLe tribunal administratif peut \u00eatre saisi par l'application informatique \u00ab  T\u00e9l\u00e9recours citoyens \u00bb accessible par le site internet\n\u00ab www.telerecours.fr \u00bb.\n2/2Pr\u00e9fecture du VAR - 83-2024-10-17-00009 - ARR\u00caT\u00c9 PR\u00c9FECTORAL n\u00b0 DCL/BERG/2024/372 du  17 octobre 2024                         portant\nmodification de l'arr\u00eat\u00e9 du 17 f\u00e9vrier 2022 relatif \u00e0 l'agr\u00e9ment du centre de formation \u00ab\u00a0UNT Formations\u00a0\u00bb, habilit\u00e9 \u00e0 dispenser la\nformation initiale et continue des conducteurs de taxi, ainsi que leur formation \u00e0 la mobilit\u00e9 dans le d\u00e9partement du Var.19\nPr\u00e9fecture du VAR\n83-2024-10-18-00001\nARR\u00caT\u00c9 n\u00b0 2024 - du 18 octobre 2024\nPortant subd\u00e9l\u00e9gation de signature et\nd'ordonnancement secondaire aux\ncadres du secr\u00e9tariat g\u00e9n\u00e9ral commun\nd\u00e9partemental du Var\nPr\u00e9fecture du VAR - 83-2024-10-18-00001 - ARR\u00caT\u00c9 n\u00b0 2024 - du 18 octobre 2024\nPortant subd\u00e9l\u00e9gation de signature et d'ordonnancement secondaire aux\ncadres du secr\u00e9tariat g\u00e9n\u00e9ral commun d\u00e9partemental du Var20\n=m\nPREFET\nDU  VAR\nLibert\u00e9\nEgalit\u00e9\nFraternit\u00e9\nARR\u00caT\u00c9 n\u00b0 2024 \u2013 du 18 octobre 2024\nPortant subd\u00e9l\u00e9gation de signature et d'ordonnancement secondaire aux\ncadres du secr\u00e9tariat g\u00e9n\u00e9ral commun d\u00e9partemental du Var\nLe Pr\u00e9fet du Var,\nVu la loi organique n\u00b0  2001-692 du 1er ao\u00fbt 2001 modifi\u00e9e, relative aux lois de finances  ;\nVu la loi d'orientation n\u00b0  92-125 du 6 f\u00e9vrier 1992 modifi\u00e9e, relative \u00e0 l'administration\nterritoriale de la R\u00e9publique  ;\nVu le d\u00e9cret n\u00b082-453 du 28 mai 1982 relatif \u00e0 l'hygi\u00e8ne et \u00e0 la s\u00e9curit\u00e9 du travail ainsi\nqu'\u00e0 la pr\u00e9vention m\u00e9dicale dans la fonction publique  ;\nVu le d\u00e9cret n\u00b0 2004-374 du 29 avril 2004 modifi\u00e9, relatif aux pouvoirs des pr\u00e9fets, \u00e0\nl'organisation et \u00e0 l'action des services de l'\u00c9tat dans les r\u00e9gions et d\u00e9partements  ;\nVu le d\u00e9cret n\u00b0 2006-1780 du 23 d\u00e9cembre 2006 modifi\u00e9, portant d\u00e9l\u00e9gation de pouvoir\nen mati\u00e8re de recrutement et de gestion de certains personnels relevant du minist\u00e8re\nde l'int\u00e9rieur ;\nVu  le  d\u00e9cret  n\u00b0  2009-1484  du  3  d\u00e9cembre  2009  modifi\u00e9,  relatif  aux  directions\nd\u00e9partementales interminist\u00e9rielles  ;\nVu le d\u00e9cret n\u00b0 2012-1246 du 7 novembre 2012 modifi\u00e9, relatif \u00e0 la gestion budg\u00e9taire et\ncomptable publique  ;\nVu le d\u00e9cret n\u00b0 2015-510 du 7 mai 2015 modifi\u00e9, portant charte de la d\u00e9concentration  ;\nVu le d\u00e9cret n\u00b0 2019-1594 du 31 d\u00e9cembre 2019 modifi\u00e9, relatif aux emplois de direction\nde l'\u00c9tat, notamment les articles 34 et suivants  ;\nVu le d\u00e9cret n\u00b0 2020-99 du 7 f\u00e9vrier 2020 relatif \u00e0 l'organisation et aux missions des\nsecr\u00e9tariats g\u00e9n\u00e9raux communs d\u00e9partementaux  ;\nVu  le  d\u00e9cret  n\u00b02020-1427  du  20  novembre  2020  relatif  aux  comit\u00e9s  sociaux\nd'administration dans les administrations et les \u00e9tablissements publics de l'\u00c9tat  ;\n1Secr\u00e9tariat g\u00e9n\u00e9ral commun \nd\u00e9partemental\nPr\u00e9fecture du VAR - 83-2024-10-18-00001 - ARR\u00caT\u00c9 n\u00b0 2024 - du 18 octobre 2024\nPortant subd\u00e9l\u00e9gation de signature et d'ordonnancement secondaire aux\ncadres du secr\u00e9tariat g\u00e9n\u00e9ral commun d\u00e9partemental du Var21\nVu le d\u00e9cret du Pr\u00e9sident de la R\u00e9publique du 13 juillet 2023 portant nomination de M.\nPhilippe MAHE, pr\u00e9fet du Var ;\nVu l'arr\u00eat\u00e9 du 31 mars 2011 modifi\u00e9, portant d\u00e9concentration des d\u00e9cisions relatives \u00e0\nla  situation  individuelle  des  fonctionnaires  et  agents  non  titulaires  exer\u00e7ant  leurs\nfonctions dans les directions d\u00e9partementales interminist\u00e9rielles  ;\nVu l'arr\u00eat\u00e9 du 28 d\u00e9cembre 2017 modifi\u00e9, portant d\u00e9l\u00e9gation de pouvoir en mati\u00e8re de\nrecrutement et de gestion des personnels administratifs du minist\u00e8re de l'Int\u00e9rieur  ;\nVu la circulaire du 12 juin 2019 du Premier ministre relative \u00e0 la mise en \u0153uvre de la\nr\u00e9forme de l'organisation territoriale de l'\u00c9tat  ;\nVu la circulaire n\u00b0  6104/SG du 2 ao\u00fbt 2019 du Premier ministre relative \u00e0 la constitution\nde secr\u00e9tariats g\u00e9n\u00e9raux communs aux pr\u00e9fectures et aux directions d\u00e9partementales\ninterminist\u00e9rielles  ;\nVu  l'arr\u00eat\u00e9  du  29  d\u00e9cembre  2020  portant  cr\u00e9ation  du  secr\u00e9tariat  g\u00e9n\u00e9ral  commun\nd\u00e9partemental du Var  ;\nVu  l'arr\u00eat\u00e9  pr\u00e9fectoral  du  29  d\u00e9cembre  2020  portant  organisation  du  secr\u00e9tariat\ng\u00e9n\u00e9ral commun d\u00e9partemental modifi\u00e9;\nVu l'arr\u00eat\u00e9 du Premier ministre et du ministre de l'Int\u00e9rieur du 3 octobre 2024, portant\nnomination de M. S\u00e9bastien ODDONE, attach\u00e9 d'administration de l'Etat hors classe,\ndirecteur du secr\u00e9tariat g\u00e9n\u00e9ral commun d\u00e9partemental du Var, pour une dur\u00e9e de\nquatre ans, \u00e0 compter du 3 octobre 2024  ;\nVu l'arr\u00eat\u00e9 pr\u00e9fectoral n\u00b02024/ MCI du 15 octobre 2024 portant d\u00e9l\u00e9gation de signature\net  d'ordonnancement  secondaire  \u00e0  Monsieur  S\u00e9bastien  ODDONE,  Directeur  du\nsecr\u00e9tariat g\u00e9n\u00e9ral commun d\u00e9partemental du Var  ;\nSur proposition du directeur du secr\u00e9tariat g\u00e9n\u00e9ral commun d\u00e9partemental  ;\nARR\u00caTE\nArticle 1 : La d\u00e9l\u00e9gation de signature donn\u00e9e \u00e0 M. S\u00e9bastien ODDONE directeur du\nsecr\u00e9tariat g\u00e9n\u00e9ral commun d\u00e9partemental du Var, par n\u00b02024/MCI du 15 octobre 2024\nest subd\u00e9l\u00e9gu\u00e9e \u00e0  :\nMme Marie BAILLY, attach\u00e9e principale d'administration de l'\u00c9tat, directrice-adjointe\ndu secr\u00e9tariat g\u00e9n\u00e9ral commun d\u00e9partemental.\nCette  subd\u00e9l\u00e9gation  porte  sur  toutes  les  mati\u00e8res  d\u00e9finies  \u00e0  l'arr\u00eat\u00e9  pr\u00e9fectoral\nn\u00b02024/MCI du 15 octobre 2024 susvis\u00e9, aux fins de signer tous actes, documents ou\nd\u00e9cisions se traduisant par l'ordonnancement secondaire des recettes et des d\u00e9penses\nde l'\u00c9tat, relevant des attributions et du fonctionnement du SGCD, imput\u00e9es sur les\nprogrammes suivants et dans la limite de 100  000 \u20ac :\n2Pr\u00e9fecture du VAR - 83-2024-10-18-00001 - ARR\u00caT\u00c9 n\u00b0 2024 - du 18 octobre 2024\nPortant subd\u00e9l\u00e9gation de signature et d'ordonnancement secondaire aux\ncadres du secr\u00e9tariat g\u00e9n\u00e9ral commun d\u00e9partemental du Var22\n\u2022124 \u00ab Conduite et soutien des politiques sanitaires, sociales, du sport, de\nla  jeunesse  et  de  la  vie  associative  \u00bb,  en  ce  qu'elles  concernent  les\nd\u00e9penses m\u00e9dicales et d'action sociale  \u00bb ;\n\u2022134  \u00ab d\u00e9veloppement  des  entreprises  \u00bb,  en  ce  qu'elles  concernent  les\nd\u00e9penses  m\u00e9dicales et d'action sociale  ;\n\u2022148 \u00ab fonction publique  \u00bb ;\n\u2022155 \u00ab Conception, gestion et \u00e9valuation des politiques de l'emploi et du\ntravail, en ce qu'elles concernent les d\u00e9penses   m\u00e9dicales et d'action\nsociale ;\n\u2022176 \u00ab police nationale \u00bb, en ce qu'elles concernent les commissions de\nsecours et l'action sociale  ; \n\u2022206  \u00ab s\u00e9curit\u00e9  et  qualit\u00e9  sanitaires  de  l'alimentation  \u00bb,  en  ce  qu'elles\nconcernent les d\u00e9penses  m\u00e9dicales et d'action sociale  ;\n\u2022215 \u00ab conduite et pilotage des politiques de l'agriculture  \u00bb, en ce qu'elles\nconcernent les d\u00e9penses  m\u00e9dicales et d'action sociale  ;\n\u2022216 \u00ab conduite et pilotage des politiques de l'Int\u00e9rieur  \u00bb, en ce qu'elles\nconcernent les d\u00e9penses d'action sociale  et l'action 6 affaires juridiques\net contentieuses ;\n\u2022217 \u00ab conduite et pilotage des politiques de l'\u00e9cologie, du d\u00e9veloppement\net  de  la  mobilit\u00e9  durables  \u00bb,  en  ce  qu'elles  concernent  les  d\u00e9penses\nm\u00e9dicales et d'action sociale  ;\n\u2022348  \u00ab r\u00e9novation  des  cit\u00e9s  administratives  et  autres  sites  domaniaux\nmulti-occupants \u00bb ;\n\u2022349 \u00ab fonds pour la transformation de l'action publique  \u00bb ;\n\u2022354 \u00ab administration territoriale de l'\u00c9tat  \u00bb ;\n\u2022362 \u00ab \u00e9cologie \u00bb ;\n\u2022363 \u00ab comp\u00e9titivit\u00e9 \u00bb ;\n\u2022723 \u00ab op\u00e9rations immobili\u00e8res et entretien des b\u00e2timents de l'\u00c9tat  \u00bb.\nArticle  2 :  D\u00e9l\u00e9gation  de  signature  est  donn\u00e9e,  \u00e0  l'effet  de  signer  les  actes  et\ndocuments relevant de la comp\u00e9tence de leur service interminist\u00e9riel \u00e0  :\n\u2022M. Franck MAINAS, attach\u00e9 principal d'administration de l'\u00c9tat, chef du service\ninterminist\u00e9riel des ressources humaines;\n\u2022M. Alexandre PROUD,  attach\u00e9 principal d 'administration de l'\u00c9tat, charg\u00e9 de\nmission service interminist\u00e9riel du budget et des achats  ;\n\u2022Mme Pascale GRAPPIN, Ing\u00e9nieur en chef, cheffe du service interminist\u00e9riel de\nl'immobilier, de la logistique, du courrier, et de l'accueil ;\n\u2022M. Herv\u00e9 MARCY, ing\u00e9nieur des syst\u00e8mes d'information et de communication,\nchef du service interminist\u00e9riel d\u00e9partemental des syst\u00e8mes d'information et de\ncommunication ;\nArticle 3 : D\u00e9l\u00e9gation de signature est donn\u00e9e \u00e0 M. Franck MAINAS, chef du  service\ninterminist\u00e9riel des ressources humaines , pour signer les actes et documents relevant\ndu service interminist\u00e9riel des ressources humaines, \u00e0 savoir la gestion des carri\u00e8res, le\ntemps partiel, le suivi des effectifs, la formation, l'action sociale et le dialogue social, se\ntraduisant par l'ordonnancement secondaire des recettes et des d\u00e9penses de l'\u00c9tat,\nrelevant des attributions et du fonctionnement du SGCD, imput\u00e9es sur les programmes\nsuivants et \u00e0 concurrence de 5  000 \u20ac :\n3Pr\u00e9fecture du VAR - 83-2024-10-18-00001 - ARR\u00caT\u00c9 n\u00b0 2024 - du 18 octobre 2024\nPortant subd\u00e9l\u00e9gation de signature et d'ordonnancement secondaire aux\ncadres du secr\u00e9tariat g\u00e9n\u00e9ral commun d\u00e9partemental du Var23\n\u25aa124 \u00ab conduite et soutien des politiques sanitaires, sociales, du sport, de\nla  jeunesse  et  de  la  vie  associative  \u00bb,  en  ce  qu'elles  concernent  les\nd\u00e9penses m\u00e9dicales et d'action sociale  \u00bb ;\n\u25aa134  \u00ab d\u00e9veloppement  des  entreprises  \u00bb,  en  ce  qu'elles  concernent  les\nd\u00e9penses m\u00e9dicales et d'action sociale  ;\n\u25aa155 \u00ab conception, gestion et \u00e9valuation des  politiques de l'emploi et du\ntravail,  en  ce  qu'elles  concernent  les  d\u00e9penses  m\u00e9dicales  et d'action\nsociale ;\n\u25aa176 \u00ab police nationale \u00bb, en ce qu'elles concernent les commissions de\nsecours et l'action sociale ; \n\u25aa206  \u00ab s\u00e9curit\u00e9  et  qualit\u00e9  sanitaires  de  l'alimentation  \u00bb,  en  ce  qu'elles\nconcernent les d\u00e9penses m\u00e9dicales et d'action sociale  ;\n\u25aa215 \u00ab conduite et pilotage des politiques de l'agriculture  \u00bb, en ce qu'elles\nconcernent les d\u00e9penses m\u00e9dicales et d'action sociale  ;\n\u25aa216 \u00ab conduite et pilotage des politiques de l'Int\u00e9rieur  \u00bb, en ce qu'elles\nconcernent les d\u00e9penses m\u00e9dicales et d'action sociale  ;\n\u25aa217 \u00ab conduite et pilotage des politiques de l'\u00e9cologie, du d\u00e9veloppement\net  de  la  mobilit\u00e9  durables  \u00bb,  en  ce  qu'elles  concernent  les  d\u00e9penses\nm\u00e9dicales et d'action sociale  ;\n\u25aa354 \u00ab administration territoriale de l'Etat  \u00bb, en ce qu'elles concernent les\nd\u00e9penses d'action social e, de formation et  le titre 2.\nEn cas d'absence ou d'emp\u00eachement de M. Franck MAINAS, d\u00e9l\u00e9gation est donn\u00e9e\ndans les m\u00eames conditions et sous son contr\u00f4le \u00e0  :\n\u2022Mme Vanessa GEBELLIN, attach\u00e9e, en sa qualit\u00e9 d'adjointe au chef du SIRH,\ncheffe du p\u00f4le MI et du p\u00f4le contractuels ATE, pou r les actes et documents\nrelevant  du  service  interminist\u00e9riel  des  ressources  humaines  pr\u00e9cit\u00e9s  se\ntraduisant par l'ordonnancement secondaire des recettes et des d\u00e9penses de\nl'\u00c9tat, relevant des attributions et du fonctionnement du SGCD, imput\u00e9es sur les\nprogrammes suivants et \u00e0 concurrence de 5  000 \u20ac ;\n\u2022Mme  Karine  DEON,  inspectrice  du  travail,  en  sa  qualit\u00e9  de  cheffe  de  p\u00f4le\nMASA/MSO, pour les actes et documents relevant de la gestion courante  des\ncarri\u00e8res  du  personnel  du  minist\u00e8re  de  l'agriculture  et  de  la  souverainet\u00e9\nalimentaire  et  du  personnel  relevant  du  secr\u00e9tariat  g\u00e9n\u00e9ral  des  minist\u00e8res\ncharg\u00e9s des affaires sociales ; \n\u2022Mme Caroline MEZIERES, attach\u00e9e d'administration de l'Etat, en sa qualit\u00e9 de\ncheffe de p\u00f4le du minist\u00e8re de la transition \u00e9cologique et du minist\u00e8re des\n\u00e9conomies, pour les actes et documents relevant de la gestio n courante des\ncarri\u00e8res du personnel du minist\u00e8re, d e la transition \u00e9cologique et du minist\u00e8re\ndes \u00e9conomies ;\n\u2022M. Jo\u00ebl BELLENGER, attach\u00e9 d'administration de l'\u00c9tat, en sa qualit\u00e9 de chef de\np\u00f4le action sociale, dialogue social, \u00e0 l'effet de signer les d\u00e9cisions de d\u00e9pense\nrentrant dans le champ d'action de son p\u00f4le, \u00e0 concurrence d'un montant de\n5 000 \u20ac, et de signer les arr\u00eat\u00e9s attributifs de subvention ainsi que les d\u00e9cisions\nindividuelles de prestations d'action sociale  ;\n\u2022D\u00e9l\u00e9gation de signature est \u00e9galement donn\u00e9e \u00e0 Mme Astrid DORNEL, adjointe\nadministrative, pour tous les actes de gestion dans Chorus Formulaires pour les\nd\u00e9penses en mati\u00e8re de RH  ;\n4Pr\u00e9fecture du VAR - 83-2024-10-18-00001 - ARR\u00caT\u00c9 n\u00b0 2024 - du 18 octobre 2024\nPortant subd\u00e9l\u00e9gation de signature et d'ordonnancement secondaire aux\ncadres du secr\u00e9tariat g\u00e9n\u00e9ral commun d\u00e9partemental du Var24\nD\u00e9l\u00e9gation de signature est \u00e9galement donn\u00e9e \u00e0 Mme Sophie NAWROCKI, secr\u00e9taire\nadministrative  de  classe  sup\u00e9rieure  pour  tous  les  actes  de  gestion  dans  Chorus\nFormulaires pour les d\u00e9penses en mati\u00e8re de RH  ;\nArticle   4   : D\u00e9l\u00e9gation de signature est donn\u00e9e \u00e0 M. Alexandre PROUD, en sa qualit\u00e9 de\ncharg\u00e9 de mission service interminist\u00e9riel du budget et des achats, aux fins de signer\ntous actes, documents ou d\u00e9cisions se traduisant par l'ordonnancement secondaire des\nrecettes et des d\u00e9penses de l'\u00c9tat, relevant des attributions et du fonctionnement du\nSGCD et imput\u00e9es sur les programmes suivants, \u00e0 concurrence de 30  000 \u20ac :\n\u25aa124 \u00ab conduite et soutien des politiques sanitaires, sociales, du sport, de\nla  jeunesse  et  de  la  vie  associative  \u00bb,  en  ce  qu'elles  concernent  les\nd\u00e9penses d'action sociale  \u00bb ;\n\u25aa134  \u00ab d\u00e9veloppement  des  entreprises  \u00bb,  en  ce  qu'elles  concernent  les\nd\u00e9penses d'action sociale  ;\n\u25aa148 \u00ab fonction publique  \u00bb ;\n\u25aa155 \u00ab conception, gestion et \u00e9valuation des  politiques de l'emploi et du\ntravail, en ce qu'elles concernent les d\u00e9penses d'action sociale  ;\n\u25aa206  \u00ab s\u00e9curit\u00e9  et  qualit\u00e9  sanitaires  de  l'alimentation  \u00bb,  en  ce  qu'elles\nconcernent les d\u00e9penses d'action sociale  ;\n\u25aa215 \u00ab conduite et pilotage des politiques de l'agriculture  \u00bb, en ce qu'elles\nconcernent les d\u00e9penses d'action sociale  ;\n\u25aa216 \u00ab conduite et pilotage des politiques de l'Int\u00e9rieur  \u00bb, en ce qu'elles\nconcernent les d\u00e9penses d'action sociale  et l'action 6 affaires juridiques\net contentieuses ;\n\u25aa217 \u00ab conduite et pilotage des politiques de l'\u00e9cologie, du d\u00e9veloppement\net  de  la  mobilit\u00e9  durables  \u00bb,  en  ce  qu'elles  concernent  les  d\u00e9penses\nd'action sociale ;\n\u25aa348  \u00ab r\u00e9novation  des  cit\u00e9s  administratives  et  autres  sites  domaniaux\nmulti-occupants \u00bb ;\n\u25aa349 \u00ab fonds pour la transformation de l'action publique  \u00bb pour la saisie\ndes expressions de besoin et la constatation du service fait dans Chorus\nformulaires des actes juridiques \u00e9ligibles au fonds de transformation de\nl'action publique ;\n\u25aa354 \u00ab administration territoriale de l'\u00c9tat  \u00bb, hors titre 2 ;\n\u25aa362 \u00ab \u00e9cologie \u00bb ;\n\u25aa363 \u00ab comp\u00e9titivit\u00e9 \u00bb ;\n723 \u00ab op\u00e9rations immobili\u00e8res et entretien des b\u00e2timents de l'\u00c9tat  \u00bb.\nAinsi que :\n\u2022la validation des demandes d'achat et la constatation des services faits dans les\napplications Chorus formulaires et Chorus DT  ;\n\u2022les actes et documents relevant des march\u00e9s publics;\n\u2022toutes  les  pi\u00e8ces  relatives  \u00e0  la  programmation  et  au  pilotage  de  l'unit\u00e9\nop\u00e9rationnelle (UO) 83 des programmes de la r\u00e9gion Provence-Alpes-C\u00f4te d'Azur\ng\u00e9r\u00e9s par le secr\u00e9tariat g\u00e9n\u00e9ral commun d\u00e9partemental  ;\n\u2022tous  documents  comptables  n\u00e9cessaires  \u00e0  la  gestion  des  cartes  achats  des\nporteurs de cartes achats au titre des programmes suivants  :\n\u25aa354 \u00ab administration territoriale de l'\u00c9tat  \u00bb ;\n\u25aa206 \u00ab s\u00e9curit\u00e9 et qualit\u00e9 sanitaires de l'alimentation  \u00bb ;\n\u25aa149 \u00ab for\u00eat \u00bb ;\n\u25aa205 \u00ab s\u00e9curit\u00e9 et affaires maritimes, p\u00eache et aquaculture  \u00bb.\n5Pr\u00e9fecture du VAR - 83-2024-10-18-00001 - ARR\u00caT\u00c9 n\u00b0 2024 - du 18 octobre 2024\nPortant subd\u00e9l\u00e9gation de signature et d'ordonnancement secondaire aux\ncadres du secr\u00e9tariat g\u00e9n\u00e9ral commun d\u00e9partemental du Var25\nEn cas d'absence ou d'emp\u00eachement de M. Alexandre PROUD, d\u00e9l\u00e9gation est donn\u00e9e,\ndans les m\u00eames conditions et sous son contr\u00f4le, \u00e0  :\n\u2022M. Vincent GOUAUX, Ing\u00e9nieur des travaux publics de l'\u00c9tat, en sa qualit\u00e9 de\nchef  du  p\u00f4le  \u00ab march\u00e9s  et  d\u00e9penses  immobili\u00e8res  \u00bb pour  tous  les  actes  de\ngestion (sauf pilotage et programmation) relatifs aux d\u00e9penses immobili\u00e8res sur\nles programmes suivants  :\n-348  \"r\u00e9novation  des  cit\u00e9s  administratives  et  autres  sites  domaniaux  multi-\noccupants\"\n- 349 \"fonds pour la transformation de l'action publique\" \n- 354 \"administration territoriale de l'\u00c9tat\"\n- 723 \"op\u00e9rations immobili\u00e8res et entretien des b\u00e2timents de l'\u00c9tat\"\net pour les actes et documents relevant des march\u00e9s publics, \u00e0 concurrence de\n5 000 \u20ac ;\n\u2022M. Franck BOUISSOU, ing\u00e9nieur, en sa qualit\u00e9 de chef  du p\u00f4le \u00ab d\u00e9penses de\nfonctionnement et CIC \u00bb  pour  tous les actes de gestion dans Chorus Coeur,\nChorus Formulaires et Chorus DT , \u00e0 concurrence de 5  000 \u20ac\u00a0;\n\u2022tous  documents  comptables  n\u00e9cessaires  \u00e0  la  gestion  des  cartes  achats  des\nporteurs de cartes achats au titre des programmes suivants  :\n\u25aa354 \u00ab administration territoriale de l'\u00c9tat  \u00bb ;\n\u25aa206 \u00ab s\u00e9curit\u00e9 et qualit\u00e9 sanitaires de l'alimentation  \u00bb ;\n\u25aa149 \u00ab for\u00eat \u00bb ;\n\u25aa205 \u00ab s\u00e9curit\u00e9 et affaires maritimes, p\u00eache et aquaculture  \u00bb ;\n\u25aa216 \u00ab conduite et pilotage des politiques de l'int\u00e9rieur  \u00bb\n\u2022Mme Audrey HORNBURG,  secr\u00e9taire administrative de classe sup\u00e9rieure  ; Mme\nTania GIANATI-KOULINSKY, secr\u00e9taire administrative de classe normale  ; Mmes\nMuriel GATTI, Mich\u00e8le RAKOTOZAFY, Val\u00e9rie WEISS, et M. St\u00e9phane DENIAU,\nadjoints  administratifs  principaux;  et  Yolaine  MONI,  Elodie  MIETTE  adjointes\nadministratives,  pour  tous  les  actes  de  gestion  dans  Chorus  Coeur,  Chorus\nFormulaires et Chorus DT.\nArticle     5   : D\u00e9l\u00e9gation de signature est donn\u00e9e \u00e0 Mme Pascale GRAPPIN, cheffe du\nservice interminist\u00e9riel de l'  immobilier, de la logistique, du courrier, et de l'accueil, aux\nfins de signer tous actes, documents ou d\u00e9cisions portant sur la gestion immobili\u00e8re et\nlogistique des sites de la pr\u00e9fecture et des DDI et sur la gestion du parc automobile, sur\nla  gestion  du  courrier  et  de  l'accueil,  imput\u00e9es  sur  les  programmes  suivants,  et  \u00e0\nconcurrence de 5  000 \u20ac :\n- 148 \"fonction publique\"\n- 348 \"r\u00e9novation des cit\u00e9s administratives et autres sites domaniaux multi-occupants\"\n- 349 \"fonds pour la transformation de l'action publique\" \n- 354 \"administration territoriale de l'\u00c9tat\"\n- 362 \u00ab \u00e9cologie \u00bb ;\n- 723 \"op\u00e9rations immobili\u00e8res et entretien des b\u00e2timents de l'\u00c9tat\"\nEn  cas  d'absence  ou  d'emp\u00eachement  de  Mme  Pascale  GRAPPIN,  d\u00e9l\u00e9gation  est\ndonn\u00e9e, dans les m\u00eames conditions et sous son contr\u00f4le, \u00e0  :\n6Pr\u00e9fecture du VAR - 83-2024-10-18-00001 - ARR\u00caT\u00c9 n\u00b0 2024 - du 18 octobre 2024\nPortant subd\u00e9l\u00e9gation de signature et d'ordonnancement secondaire aux\ncadres du secr\u00e9tariat g\u00e9n\u00e9ral commun d\u00e9partemental du Var26\nM.  Jean-Paul  CURT,  ouvrier  des  parcs  et  ateliers,  en  sa  qualit\u00e9  de  chef  du  p\u00f4le\ntechnique ,  pour  les  actes,  documents  et  d\u00e9penses  relevant  de  son  unit\u00e9,  \u00e0\nconcurrence de 5  000 \u20ac ;\nM. Julien MARCELLE, contr\u00f4leur des services techniques, en qualit\u00e9 de chef des sites de\nla DDETS et de la DDPP pour les actes, documents et d\u00e9penses relevant de son unit\u00e9, \u00e0\nconcurrence de 2 500  \u20ac ;\nM.  Jean-Guy  CHRISTOPHE,  contr\u00f4leur  des  services  techniques,  en  qualit\u00e9  de\nresponsable technique du site de la pr\u00e9fecture et de la sous-pr\u00e9fecture de Brignoles,\npour les actes, documents et d\u00e9penses relevant de son unit\u00e9, \u00e0 concurrence de\n2 500 \u20ac  ;\nM. Fabrice VALERE, contr\u00f4leur des services techniques de classe normale, en qualit\u00e9 de\nchef de site \u00e0 Draguignan pour les actes, documents et d\u00e9penses relevant de son unit\u00e9,\n\u00e0 concurrence de 2 500  \u20ac ;\nM.  Jean-No\u00ebl  ARROU-VIGNOD,  charg\u00e9  de  mission  immobilier,  s'agissant  de  la\nconstatation des \u00ab  services r\u00e9alis\u00e9s\u00bb par les entreprises prestataires ext\u00e9rieures  ;\nM. Georges JOLO, adjoint technique principal, en qualit\u00e9 d'agent technique du site de\nla  pr\u00e9fecture  et  des  sous-pr\u00e9fectures,  s'agissant  de  la  constatation  des  \u00ab  services\nr\u00e9alis\u00e9s\u00bb par les entreprises prestataires ext\u00e9rieures  dans son p\u00e9rim\u00e8tre d'intervention ;\nM. Gerald VANDENBROEK, adjoint technique principal, en qualit\u00e9 d'agent technique\ndu  site  de  la  pr\u00e9fecture  et  des  sous-pr\u00e9fectures,  s'agissant  de  la  constatation  des\n\u00ab services  r\u00e9alis\u00e9s\u00bb  par  les  entreprises  prestataires  ext\u00e9rieures  dans  son  p\u00e9rim\u00e8tre\nd'intervention ;\nM. Said LARABI, adjoint technique principal, en qualit\u00e9 d'agent technique du site DDI\nDDTM  Draguignan,  s'agissant  de  la  constatation  des  \u00ab  services  r\u00e9alis\u00e9s\u00bb  par  les\nentreprises prestataires ext\u00e9rieures  dans son p\u00e9rim\u00e8tre d'intervention ;\nMme Sophie BERANGER, secr\u00e9taire administrative de classe sup\u00e9rieure, en qualit\u00e9 de\ncoordinatrice de travaux immobiliers et logistiques, s'agissant de la constatation des\n\u00ab services r\u00e9alis\u00e9s\u00bb par les entreprises prestataires ext\u00e9rieures  ;\nArticle   6   : D\u00e9l\u00e9gation est donn\u00e9e \u00e0 M. Herv\u00e9 MARCY, en sa qualit\u00e9 de chef du service\ninterminist\u00e9riel  d\u00e9partemental  des  syst\u00e8mes  d'information  et  de  communication\n(SIDSIC) ,  aux  fins  de  signer  tous  actes,  contrats,  documents  ou  d\u00e9cisions  pour\nl'ordonnancement secondaire des d\u00e9penses relevant de l'exercice des attributions de\ncette unit\u00e9, dans la limite de 30  000 \u20ac et imput\u00e9es sur les programmes suivants  :\n\u2022216 \u00ab conduite et pilotage des politiques de l'Int\u00e9rieur  \u00bb ;\n\u2022348  \u00ab r\u00e9novation  des  cit\u00e9s  administratives  et  autres  sites  domaniaux  multi-\noccupants \u00bb pour les d\u00e9penses propres au domaine des syst\u00e8mes d'information\net de communication, toutes entit\u00e9s confondues  ;\n\u2022349 \u00ab fonds pour la transformation de l'action publique  \u00bb ;\n\u2022354  \u00ab administration  territoriale  de  l'\u00c9tat  \u00bb  pour  les  d\u00e9penses  propres  au\ndomaine  des  syst\u00e8mes  d'information  et  de  communication,  toutes  entit\u00e9s\nconfondues ;\n\u2022363 \u00ab comp\u00e9titivit\u00e9 \u00bb ;\n\u2022723 \u00ab contribution aux d\u00e9penses immobili\u00e8res  \u00bb pour les d\u00e9penses de travaux\npropres au domaine des syst\u00e8mes d'information et de communication.\n7Pr\u00e9fecture du VAR - 83-2024-10-18-00001 - ARR\u00caT\u00c9 n\u00b0 2024 - du 18 octobre 2024\nPortant subd\u00e9l\u00e9gation de signature et d'ordonnancement secondaire aux\ncadres du secr\u00e9tariat g\u00e9n\u00e9ral commun d\u00e9partemental du Var27\nEn cas d'absence ou d'emp\u00eachement de M. Herv\u00e9 MARCY, la d\u00e9l\u00e9gation de signature\nqui  lui  est  accord\u00e9e  au  titre  du  pr\u00e9sent  article  est  exerc\u00e9e  par  M.  Omar  HAMEL,\ning\u00e9nieur des syst\u00e8mes d'information et de communication, en sa qualit\u00e9 d'adjoint au\nchef de service interminist\u00e9riel dans la limite de 5  000 \u20ac.\nEn cas d'absence de MM. Herv\u00e9 MARCY et Omar HAMEL, d\u00e9l\u00e9gation est donn\u00e9e, dans\nles m\u00eames conditions, \u00e0 Mme Alexandra POLI, ing\u00e9nieure des syst\u00e8mes d'information et\nde communication, dans la limite de 5  000 \u20ac.\nArticle 7 : M. S\u00e9bastien ODDONE  attribue une carte d'achat nominative aux porteurs\nde carte d'achat list\u00e9s dans le tableau en annexe 1 du pr\u00e9sent arr\u00eat\u00e9, afin de l'utiliser\ndans le cadre de leurs attributions, comp\u00e9tences et dans la limite fix\u00e9e.\nArticle 8     :   Toute disposition ant\u00e9rieure contraire \u00e0 celles du pr\u00e9sent arr\u00eat\u00e9, est abrog\u00e9e\n\u00e0 compter de sa publication.\nArticle     9   : Le directeur du secr\u00e9tariat g\u00e9n\u00e9ral commun d\u00e9partemental est charg\u00e9 de\nl'ex\u00e9cution du pr\u00e9sent arr\u00eat\u00e9, qui sera publi\u00e9 au recueil des actes administratifs de la\npr\u00e9fecture.\nFait \u00e0 Toulon, le 18 octobre 2024\nPour Le Pr\u00e9fet et par d\u00e9l\u00e9gation\nLe directeur du secr\u00e9tariat\ng\u00e9n\u00e9ral commun d\u00e9partemental\nSign\u00e9 :\n  S\u00e9bastien ODDONE\n8Pr\u00e9fecture du VAR - 83-2024-10-18-00001 - ARR\u00caT\u00c9 n\u00b0 2024 - du 18 octobre 2024\nPortant subd\u00e9l\u00e9gation de signature et d'ordonnancement secondaire aux\ncadres du secr\u00e9tariat g\u00e9n\u00e9ral commun d\u00e9partemental du Var28\nANNEXE 1\nListe nominative des porteurs de carte achat du secr\u00e9tariat g\u00e9n\u00e9ral commun  \nd\u00e9partemental du Var\nCHRISTOPHE                    JEAN-GUY      \nCURT                          JEAN PAUL     \nVALERE                        FABRICE         \nWEISS                         VALERIE          \nMARCY                       HERVE            \n9Pr\u00e9fecture du VAR - 83-2024-10-18-00001 - ARR\u00caT\u00c9 n\u00b0 2024 - du 18 octobre 2024\nPortant subd\u00e9l\u00e9gation de signature et d'ordonnancement secondaire aux\ncadres du secr\u00e9tariat g\u00e9n\u00e9ral commun d\u00e9partemental du Var29\nPr\u00e9fecture du VAR\n83-2024-10-21-00002\nARR\u00caT\u00c9 PR\u00c9FECTORAL n\u00b0 2024/50/MCI du 21\noctobre 2024\nportant d\u00e9l\u00e9gation de signature \u00e0 Madame\nNelcie FERRERE directrice d\u00e9partementale de\nl'emploi, du travail et des solidarit\u00e9s du Var par\nint\u00e9rim pour l'ordonnancement secondaire des\nrecettes et des d\u00e9penses\nimput\u00e9es sur les programmes du budget de l'\u00c9tat\nPr\u00e9fecture du VAR - 83-2024-10-21-00002 - ARR\u00caT\u00c9 PR\u00c9FECTORAL n\u00b0 2024/50/MCI du 21 octobre 2024\nportant d\u00e9l\u00e9gation de signature \u00e0 Madame Nelcie FERRERE directrice d\u00e9partementale de l'emploi, du travail et des solidarit\u00e9s du Var\npar int\u00e9rim pour l'ordonnancement secondaire des recettes et des d\u00e9penses\nimput\u00e9es sur les programmes du budget de l'\u00c9tat30\n=m\nPREFET\nDU  VAR\nLibert\u00e9\nEgalit\u00e9\nFraternit\u00e9\nDirection de la coordination\n des politiques publiques\net de l'appui territorial\nMission de coordination interminist\u00e9rielle\nARR\u00caT\u00c9 PR\u00c9FECTORAL n\u00b0 2024 /50/MCI du 21 octobre 2024\nportant d\u00e9l\u00e9gation de signature \u00e0 Madame Nelcie FERRERE\ndirectrice d\u00e9partementale de l'emploi, du travail et des solidarit\u00e9s du Var par int\u00e9rim\npour l'ordonnancement secondaire des recettes et des d\u00e9penses \nimput\u00e9es sur les programmes du budget de l'\u00c9tat \nLe Pr\u00e9fet du Var,\nOfficier de la L\u00e9gion d'Honneur,\nVu la  loi  n\u00b0  82-213  du  2  mars  1982  modifi\u00e9e,  relative  aux  droits  et  libert\u00e9s  des  communes,  des\nd\u00e9partements et des r\u00e9gions  ;\nVu la  loi  n\u00b0  83-8  du  7  janvier  1983  modifi\u00e9e,  relative  \u00e0  la  r\u00e9partition  des  comp\u00e9tences  entre  les\ncommunes, les d\u00e9partements, les r\u00e9gions et l'\u00c9tat  ;\nVu la loi d'orientation n\u00b0 92-125 du 6 f\u00e9vrier 1992 modifi\u00e9e relative \u00e0 l'administration territoriale de la\nR\u00e9publique ;\nVu la loi organique n\u00b0 2001-692 du 1er ao\u00fbt 2001 relative aux lois de finances  ;\nVu la loi n\u00b0 2004-809 du 13 ao\u00fbt 2004 modifi\u00e9e relative aux libert\u00e9s et responsabilit\u00e9s locales  ;\nVu le d\u00e9cret n\u00b0 2004-374 du 29 avril 2004 modifi\u00e9 relatif aux pouvoirs des pr\u00e9fets, \u00e0 l'organisation et \u00e0\nl'action des services de l'\u00c9tat dans les r\u00e9gions et d\u00e9partements  ;\nVu le  d\u00e9cret  n\u00b0  2009-1484  du  3  d\u00e9cembre  2009  modifi\u00e9  relatif  aux  directions  d\u00e9partementales\ninterminist\u00e9rielles ;\nVu le d\u00e9cret n\u00b0 2012-1246 du 7 novembre 2012 modifi\u00e9 relatif \u00e0 la gestion budg\u00e9taire et comptable\npublique ;\nVu le  d\u00e9cret  n\u00b0  2012-1247  du  7  novembre  2012  modifi\u00e9  portant  adaptation  de  divers  textes  aux\nnouvelles r\u00e8gles de la gestion budg\u00e9taire et comptable publique ;\nVu le d\u00e9cret n\u00b0 2015-510 du 7 mai 2015 portant charte de la d\u00e9concentration  ;\nVu le  d\u00e9cret  du  Pr\u00e9sident  de  la  R\u00e9publique  du  15  avril  2022, portant  nomination  de\nM. Lucien GIUDICELLI, secr\u00e9taire g\u00e9n\u00e9ral de la pr\u00e9fecture du Var, sous-pr\u00e9fet de l'arrondissement de\nToulon ;\nVu le d\u00e9cret du Pr\u00e9sident de la R\u00e9publique du 13 juillet 2023 portant nomination de M. Philippe MAHE,\npr\u00e9fet du Var ;\nVu l'arr\u00eat\u00e9 pr\u00e9fectoral n\u00b02020/96/MCI du 29 d\u00e9cembre 2020 portant organisation du secr\u00e9tariat g\u00e9n\u00e9ral\ncommun d\u00e9partemental du Var  ;\nVu l'arr\u00eat\u00e9 du Premier Ministre et du ministre de l'Int\u00e9rieur en date du 22 mars 2021 portant nomination\nde Mme Nelcie FERRERE, directrice d\u00e9partementale adjointe de l'emploi, du travail et des solidarit\u00e9s du\nVar ;\nVu l'arr\u00eat\u00e9  pr\u00e9fectoral  du  25  mars  2021 portant  organisation  de  la  direction  d\u00e9partementale  de\nl'emploi, du travail et des solidarit\u00e9s du Var ;\n1/4\nPr\u00e9fecture du VAR - 83-2024-10-21-00002 - ARR\u00caT\u00c9 PR\u00c9FECTORAL n\u00b0 2024/50/MCI du 21 octobre 2024\nportant d\u00e9l\u00e9gation de signature \u00e0 Madame Nelcie FERRERE directrice d\u00e9partementale de l'emploi, du travail et des solidarit\u00e9s du Var\npar int\u00e9rim pour l'ordonnancement secondaire des recettes et des d\u00e9penses\nimput\u00e9es sur les programmes du budget de l'\u00c9tat31\nVu l'arr\u00eat\u00e9  pr\u00e9fectoral  n\u00b0  2024/38/MCI  du  30  septembre  2024  portant  d\u00e9l\u00e9gation  de  signature  \u00e0\nMadame Nelcie FERRERE, directrice d\u00e9partementale adjointe de l'emploi, du travail et des solidarit\u00e9s du\nVar, assurant l'int\u00e9rim du directeur d\u00e9partemental \u00e0 compter du 1er octobre 2024 ;\nSur proposition du secr\u00e9taire g\u00e9n\u00e9ral de la pr\u00e9fecture  ;\nARR\u00caTE\nArticle 1  er   :   \nD\u00e9l\u00e9gation de signature est donn\u00e9e \u00e0 Madame Nelcie FERRERE, directrice d\u00e9partementale de l'emploi,\ndu travail et des solidarit\u00e9s du Var par int\u00e9rim, pour proc\u00e9der \u00e0 l'ordonnancement secondaire des\nrecettes  et  des  d\u00e9penses  de  l'\u00c9tat  relevant  des  attributions  de  sa  direction,  imput\u00e9es  sur  les\nprogrammes  des budgets de l'\u00c9tat suivants :\nMission Administration g\u00e9n\u00e9rale et territoriale de l'\u00c9tat\nProgramme 216 : Conduite et pilotage des politiques de l'int\u00e9rieur (indemnisation aux propri\u00e9taires-\nbailleurs), hors d\u00e9penses d'action sociale\nMission \u00c9galit\u00e9 des territoires et logement\nProgramme 177 : H\u00e9bergement, parcours vers le logement et insertion des personnes vuln\u00e9rables\nProgramme 135 : Urbanisme, territoires et am\u00e9lioration de l'habitat\nMission Immigration, asile et int\u00e9gration\nProgramme 303 : Immigration et asile\nProgramme 104 : Int\u00e9gration et acc\u00e8s \u00e0 la nationalit\u00e9 fran\u00e7aise\nMission Politique des territoires\nProgramme 147 : Politique de la ville  \nMission Sant\u00e9\nProgramme 183 : Protection maladie\nMission  Solidarit\u00e9, insertion et \u00e9galit\u00e9 des chances\nProgramme 304 : Inclusion sociale et protection des personnes\nProgramme 157 : Handicap et d\u00e9pendance\nProgramme 124 : Conduite et soutien des politiques sanitaires, sociales, du sport, de la jeunesse et de la\nvie associative, hors d\u00e9penses d'action sociale\nMission Lutte contre les discriminations (DILCRAH)\nProgramme 129 : Lutte contre le racisme, l'antis\u00e9mitisme et la haine anti-LGBT \nMission Travail et Emploi  :\nProgramme 102 : Acc\u00e8s et retour \u00e0 l'emploi\nProgramme 103 : Accompagnement des mutations \u00e9conomiques et d\u00e9veloppement de l'emploi\nProgramme 111 : Am\u00e9lioration de la qualit\u00e9 de l'emploi et des relations du travail\nProgramme 155 :  Conception, gestion et \u00e9valuation des politiques de l'emploi et du travail\nArticle 2 : \nPour ce qui concerne les programme sus-vis\u00e9s,  demeurent r\u00e9serv\u00e9s \u00e0 la signature du pr\u00e9fet :\n   -  les d\u00e9cisions attributives de subventions de fonctionnement d'un montant sup\u00e9rieur \u00e0 50 000 \u20ac ;\n   -  les arr\u00eat\u00e9s de subvention d'investissement de l'\u00c9tat quel qu'en soit le montant ;\n   -  les ordres de r\u00e9quisition du comptable public pris sur le fondement de l'article 38 du d\u00e9cret            n\u00b0\n2012-1246 du 7 novembre 2012 susvis\u00e9 ;\n   -  en cas d'avis pr\u00e9alable d\u00e9favorable de l'autorit\u00e9 charg\u00e9e du contr\u00f4le financier, le courrier informant\ncette autorit\u00e9 des motifs de la d\u00e9cision de ne pas se conformer \u00e0 l'avis donn\u00e9 ;\n    -  les d\u00e9cisions de passer outre.\n                                                                                                                                                                                                                               2/4Pr\u00e9fecture du VAR - 83-2024-10-21-00002 - ARR\u00caT\u00c9 PR\u00c9FECTORAL n\u00b0 2024/50/MCI du 21 octobre 2024\nportant d\u00e9l\u00e9gation de signature \u00e0 Madame Nelcie FERRERE directrice d\u00e9partementale de l'emploi, du travail et des solidarit\u00e9s du Var\npar int\u00e9rim pour l'ordonnancement secondaire des recettes et des d\u00e9penses\nimput\u00e9es sur les programmes du budget de l'\u00c9tat32\nArticle 2 BIS     :   \nDans  le  cadre  de  la  d\u00e9mat\u00e9rialisation  de  la  proc\u00e9dure  de  validation  des  annexes  financi\u00e8res  des\nstructures d'insertion par l'activit\u00e9 \u00e9conomique (SIAE), les agents suivants de la DDETS sont d\u00e9sign\u00e9s\n\u00ab valideurs  d\u00e9l\u00e9gu\u00e9s  \u00bb  et  pourront  proc\u00e9der  \u00e0  la  validation  d\u00e9mat\u00e9rialis\u00e9e  des  annexes  financi\u00e8res\nl'extranet d\u00e9di\u00e9 quelques soit leur montant  :\nM\u00e9lanie Collar, attach\u00e9e principale d'administration, cheffe du service Acc\u00e8s \u00e0 l'emploi\nCorinne C\u00e9sari, attach\u00e9e principale d'administration, adjointe \u00e0 la cheffe du service Acc\u00e8s \u00e0 l'emploi\nMarie Annick Choisi, Secr\u00e9taire administrative de classe exceptionnelle, gestionnaire. \nArticle 3 :  \nD\u00e9l\u00e9gation de signature est \u00e9galement donn\u00e9e \u00e0 Madame Nelcie FERRERE, directrice d\u00e9partementale\nde  l'emploi,  du  travail  et  des  solidarit\u00e9s  du  Var  par  int\u00e9rim,  pour  proc\u00e9der  \u00e0  l'ordonnancement\nsecondaire des d\u00e9penses r\u00e9alis\u00e9es pour la gestion du fonds national d'accompagnement vers et dans le\nlogement (FNAVDL).\nArticle 4 : \nUn compte-rendu d'utilisation des cr\u00e9dits sera adress\u00e9 trimestriellement  au pr\u00e9fet du Var. Toute r\u00e9-\nallocation  de moyens, effectu\u00e9e en cours d'exercice, exc\u00e9dant  10  % de la  r\u00e9partition  initialement\nop\u00e9r\u00e9e, sera soumise \u00e0 son avis pr\u00e9alable.\nArticle 5 : \nL'annexe jointe au pr\u00e9sent arr\u00eat\u00e9 fixe les conditions d'information dans lesquelles s'exerce la d\u00e9l\u00e9gation.\nArticle 6 :  \nEn  application  du  d\u00e9cret  n\u00b0  2004-374  du  29  avril  2004  modifi\u00e9  susvis\u00e9,  Madame  Nelcie  FERRERE,\ndirectrice d\u00e9partementale de l'emploi, du travail et des solidarit\u00e9s du Var par int\u00e9rim, d\u00e9finira, par\narr\u00eat\u00e9 pris au nom du pr\u00e9fet  et publi\u00e9 au recueil des actes administratifs de la pr\u00e9fecture, la liste de ses\nsubordonn\u00e9s habilit\u00e9s \u00e0 signer les actes \u00e0 sa place. \nLa signature des agents ainsi habilit\u00e9s devra \u00eatre accr\u00e9dit\u00e9e aupr\u00e8s du comptable assignataire.\nArticle   7   :   \nL'arr\u00eat\u00e9  pr\u00e9fectoral  n\u00b02023/103/MCI  du  24  novembre  2023  portant  d\u00e9l\u00e9gation  de  signature  \u00e0\nM.  Arnaud  POULY,  directeur  d\u00e9partemental  de  l'emploi,  du  travail  et  des  solidarit\u00e9s  du  Var  p our\nl'ordonnancement secondaire des recettes et des d\u00e9penses imput\u00e9es sur les programmes du  budget de\nl'\u00c9tat, est abrog\u00e9.\nArticle 8 : \nLe secr\u00e9taire g\u00e9n\u00e9ral de la pr\u00e9fecture du Var et le directeur d\u00e9partemental de l'emploi, du travail et des\nsolidarit\u00e9s du Var sont charg\u00e9s, chacun en ce qui le concerne, de l'ex\u00e9cution du pr\u00e9sent arr\u00eat\u00e9 qui sera\npubli\u00e9 au recueil des actes administratifs de la pr\u00e9fecture du Var, et dont copie sera adress\u00e9e aux\ndirecteurs des finances publiques du Var et des Bouches du Rh\u00f4ne ainsi qu'au  directeur r\u00e9gional  des\nfinances publiques de Provence-Alpes-C\u00f4te d'Azur. \nFait \u00e0 Toulon, le 21 octobre 2024\nLe Pr\u00e9fet du Var,\n                                                                                                                     \n                                                                                                                      Sign\u00e9 :\n                                                                                                                      Philippe MAH\u00c9\n3/4Pr\u00e9fecture du VAR - 83-2024-10-21-00002 - ARR\u00caT\u00c9 PR\u00c9FECTORAL n\u00b0 2024/50/MCI du 21 octobre 2024\nportant d\u00e9l\u00e9gation de signature \u00e0 Madame Nelcie FERRERE directrice d\u00e9partementale de l'emploi, du travail et des solidarit\u00e9s du Var\npar int\u00e9rim pour l'ordonnancement secondaire des recettes et des d\u00e9penses\nimput\u00e9es sur les programmes du budget de l'\u00c9tat33\nAnnexe \u00e0 l'arr\u00eat\u00e9 n\u00b0 2024 /XX/ MCI du 1er octobre 2024\nportant d\u00e9l\u00e9gation de signature \u00e0 Madame Nelcie FERRERE\ndirectrice d\u00e9partementale de l'emploi, du travail et des solidarit\u00e9s du Var par int\u00e9rim\npour l'ordonnancement secondaire des recettes et des d\u00e9penses \nimput\u00e9es sur les programmes du budget de l'\u00c9tat \nLes services relevant de chaque unit\u00e9 op\u00e9rationnelle sont charg\u00e9s d'\u00e9laborer, sous l'autorit\u00e9 du\npr\u00e9fet,  une  proposition  de  budget  indiquant  les  activit\u00e9s  qu'ils  se  proposent  de  mener  et\nl'enveloppe budg\u00e9taire associ\u00e9e pour la mise en \u0153uvre du BOP .\nEn compl\u00e9ment de l'application des dispositions de l'arr\u00eat\u00e9 de d\u00e9l\u00e9gation, afin d'assurer un suivi\nde la gestion d\u00e9l\u00e9gu\u00e9e, seront transmis au pr\u00e9fet   :\n\uf0a7copie des lettres de cadrage adress\u00e9es par le responsable du BOP , dans le cas o\u00f9 elles ne\nseraient pas adress\u00e9es sous son couvert  ;\n\uf0a7la  proposition  du  budget  concernant  chaque  unit\u00e9  op\u00e9rationnelle  sera  transmise  au\nresponsable du BOP , sous couvert du secr\u00e9taire g\u00e9n\u00e9ral de la pr\u00e9fecture  ;\n\uf0a7pr\u00e9alablement \u00e0 la tenue des comit\u00e9s d'engagement concern\u00e9s, le tableau pr\u00e9visionnel des\nop\u00e9rations qui seront propos\u00e9es \u00e0 la programmation au cours de l'exercice dans le cadre de\nl'unit\u00e9 op\u00e9rationnelle concern\u00e9e.\n                                                                                                                                                                                                                               4/4Pr\u00e9fecture du VAR - 83-2024-10-21-00002 - ARR\u00caT\u00c9 PR\u00c9FECTORAL n\u00b0 2024/50/MCI du 21 octobre 2024\nportant d\u00e9l\u00e9gation de signature \u00e0 Madame Nelcie FERRERE directrice d\u00e9partementale de l'emploi, du travail et des solidarit\u00e9s du Var\npar int\u00e9rim pour l'ordonnancement secondaire des recettes et des d\u00e9penses\nimput\u00e9es sur les programmes du budget de l'\u00c9tat34\nPr\u00e9fecture du VAR\n83-2024-10-21-00001\nARR\u00caT\u00c9 PR\u00c9FECTORAL n\u00b02024/49/MCI du 21\noctobre 2024 portant subd\u00e9l\u00e9gation de\nsignature au sein de la direction d\u00e9partementale\nde l'emploi, du travail et des solidarit\u00e9s du Var\n(DDETS)\nPr\u00e9fecture du VAR - 83-2024-10-21-00001 - ARR\u00caT\u00c9 PR\u00c9FECTORAL n\u00b02024/49/MCI du 21 octobre 2024 portant subd\u00e9l\u00e9gation de\nsignature au sein de la direction d\u00e9partementale de l'emploi, du travail et des solidarit\u00e9s du Var (DDETS) 35\n=m\nPREFET\nDU  VAR\nLibert\u00e9\nEgalit\u00e9\nFraternit\u00e9\nDirection d\u00e9partementale de l'emploi, \ndu travail et des solidarit\u00e9s\nDirection\nARR\u00caT\u00c9 PR\u00c9FECTORAL n\u00b02024/49/MCI du 21 octobre 2024\nportant subd\u00e9l\u00e9gation de signature au sein de la direction d\u00e9partementale \nde l'emploi, du travail et des solidarit\u00e9s du Var (DDETS)\nLe Pr\u00e9fet du Var,\nOfficier de la L\u00e9gion d'Honneur,\nVu la loi n\u00b0 82-213 du 2 mars modifi\u00e9e, relative aux droits et libert\u00e9s des communes, des d\u00e9partements\net des r\u00e9gions, \nVu la loi n\u00b0 83-8 du 7 janvier 1983 compl\u00e9t\u00e9e par la loi n\u00b0 3-663 du 22 juillet 1983 modifi\u00e9e par la loi n\u00b0\n86-17 du 6 janvier 1986 relative \u00e0 la r\u00e9partition des comp\u00e9tences entre les communes, les d\u00e9partements,\nles r\u00e9gions et l'\u00c9tat,\nVu la loi n\u00b0 83-634 du 13 juillet 1983 modifi\u00e9e portant droits et obligations des fonctionnaires, ensemble\nla  loi  n\u00b0  84-16  du  11  janvier  1984  modifi\u00e9e  portant  dispositions  statutaires  relatives  \u00e0  la  fonction\npublique de l'\u00c9tat,\nVu la loi d'orientation n\u00b0 92-125 du 6 f\u00e9vrier 1992 relative \u00e0 l'administration territoriale de la R\u00e9publique,\nVu la loi \u00b095-115 du 4 f\u00e9vrier 1995 modifi\u00e9e d'orientation pour l'am\u00e9nagement et le d\u00e9veloppement du\nterritoire, notamment son article 25,\nVu le d\u00e9cret n\u00b0 92-604 du 1er juillet 1992 portant charte de la d\u00e9concentration, modifi\u00e9 par le d\u00e9cret\nn\u00b097-463 du 09 mai 1997 ,\nVu le d\u00e9cret n\u00b0 2004-374 du 29 avril 2004 modifi\u00e9 relatif aux pouvoirs des pr\u00e9fets, \u00e0 l'organisation et \u00e0\nl'action des services de l'\u00c9tat dans les r\u00e9gions et les d\u00e9partements,\nVu le d\u00e9cret n\u00b0 2009-360 du 31 mars 2009 relatif aux emplois de direction de l'administration territoriale\nde l'\u00c9tat,\nVu le  d\u00e9cret  n\u00b0  2009-360  du  3  d\u00e9cembre  2009  modifi\u00e9  relatif  aux  directions  d\u00e9partementales\nminist\u00e9rielles,\nVu le d\u00e9cret n\u00b0 2020-1545 du 9 d\u00e9cembre 2020 relatif \u00e0 l'organisation et aux missions des Directions\nR\u00e9gionales de l'\u00c9conomie, de l'Emploi, du Travail et des Solidarit\u00e9s, des Directions D\u00e9partementales de\nl'Emploi, du Travail et des Solidarit\u00e9s, \nVu le d\u00e9cret du Pr\u00e9sident de la R\u00e9publique du 13 juillet 2023 portant nomination de Monsieur Philippe\nMAHE, Pr\u00e9fet du Var,\nVu l'arr\u00eat\u00e9 conjoint du Premier ministre et du ministre de l'int\u00e9rieur en date du 22 mars 2021 nommant\nMadame Nelcie FERRERE, directrice d\u00e9partementale adjointe de l'emploi, du travail et des solidarit\u00e9s, \n1/4\nPr\u00e9fecture du VAR - 83-2024-10-21-00001 - ARR\u00caT\u00c9 PR\u00c9FECTORAL n\u00b02024/49/MCI du 21 octobre 2024 portant subd\u00e9l\u00e9gation de\nsignature au sein de la direction d\u00e9partementale de l'emploi, du travail et des solidarit\u00e9s du Var (DDETS) 36\nVu l'arr\u00eat\u00e9 du Premier Ministre et du ministre de l'Int\u00e9rieur du 29 mars 2024 portant nomination de\nMme Pascale ROBERDEAU-BEAUGE, directrice d\u00e9partementale adjointe de l'emploi, du travail et des\nsolidarit\u00e9s du Var,\nVu l'arr\u00eat\u00e9 pr\u00e9fectoral en date du 25 mars 2021 portant organisation de la direction d\u00e9partementale de\nl'emploi, du travail et des solidarit\u00e9s du Var,\nVu l'arr\u00eat\u00e9  pr\u00e9fectoral  n\u00b0  2024/38/MCI  du  30  septembre  2024  portant  d\u00e9l\u00e9gation  de  signature  \u00e0\nMadame Nelcie FERRERE, directrice d\u00e9partementale adjointe de l'emploi, du travail et des solidarit\u00e9s du\nVar, assurant l'int\u00e9rim du directeur d\u00e9partemental \u00e0 compter du 1er octobre 2024,\nVu les d\u00e9cisions nommant les chefs des services de la direction d\u00e9partementale de l'emploi, du travail\net des solidarit\u00e9s, \nARR\u00caTE\nArticle 1  er     :  \nEn  cas  d'absence  ou  d'emp\u00eachement  de  Madame  Nelcie  FERRERE,  directrice  d\u00e9partementale  de\nl'emploi, du travail et des solidarit\u00e9s par int\u00e9rim, et de Madame Pascale ROBERDEAU-BEAUGE, directrice\nd\u00e9partementale adjointe de l'emploi, du travail et des solidarit\u00e9s du Var,  d\u00e9l\u00e9gation de signature est\ndonn\u00e9e \u00e0 Madame M\u00e9lanie COLLAR, attach\u00e9e principale d'administration, cheffe du service \u00abAcc\u00e8s \u00e0\nl'emploi\u00bb de la direction de l'emploi du travail et des solidarit\u00e9s, \u00e0 l'effet de signer les actes relevant des\nattributions de son service.\nEn  cas  d'absence  ou  d'emp\u00eachement  de  Madame  M\u00e9lanie  COLLAR,  cheffe  du  service  \u00abAcc\u00e8s  \u00e0\nl'emploi\u00bb,  la  d\u00e9l\u00e9gation  qui  lui  est  consentie  est  exerc\u00e9e  par  Madame  Corinne  CESARI,  attach\u00e9e\nprincipale d'administration, adjointe \u00e0 la cheffe du service \u00abAcc\u00e8s \u00e0 l'emploi\u00bb.\nD\u00e9l\u00e9gation est \u00e9galement donn\u00e9e, en cas d'absence ou d'emp\u00eachement de Madame Corinne CESARI,\nattach\u00e9e principale d'administration, adjointe \u00e0 la cheffe du service \u00abAcc\u00e8s \u00e0 l'emploi\u00bb \u00e0  :\n\u2022Madame Fatiha PERROT, attach\u00e9e d'administration, responsable du d\u00e9partement  \u00abmesures en\nfaveur des publics \u00e9loign\u00e9s de l'emploi\u00bb  pour tous les actes relevant des attributions de son\nd\u00e9partement.\n\u2022Madame  Sylvie GERMI,  attach\u00e9e d'administration, responsable du d\u00e9partement \u00ab\u00c9galit\u00e9  des\nchances\u00bb pour tous les actes relevant des attributions de son d\u00e9partement\nArticle 2     :  \nEn  cas  d'absence  ou  d'emp\u00eachement  de  Madame  Nelcie  FERRERE,  directrice  d\u00e9partementale  de\nl'emploi, du travail et des solidarit\u00e9s par int\u00e9rim, et de Madame Pascale ROBERDEAU-BEAUGE, directrice\nd\u00e9partementale  adjointe  de  l'emploi,  d\u00e9l\u00e9gation  de  signature  est  donn\u00e9e  \u00e0  Madame  Amandine\nMARTIN, inspectrice hors classe de l'action sanitaire et sociale, cheffe du service \u00abAcc\u00e8s au logement\u00bb\nde la direction d\u00e9partementale de l'emploi du travail et des solidarit\u00e9s \u00e0 l'effet de signer les actes\nrelevant des attributions de son service.\nEn cas d'absence ou d'emp\u00eachement de Madame Amandine MARTIN, cheffe du service \u00ab  Acc\u00e8s au\nlogement\u00bb, la d\u00e9l\u00e9gation qui lui est consentie est exerc\u00e9e par Madame Ang\u00e9lique FRITZ, attach\u00e9e\nprincipale d'administration, adjointe \u00e0 la cheffe du service \u00abAcc\u00e8s au logement\u00bb.\n2/4Pr\u00e9fecture du VAR - 83-2024-10-21-00001 - ARR\u00caT\u00c9 PR\u00c9FECTORAL n\u00b02024/49/MCI du 21 octobre 2024 portant subd\u00e9l\u00e9gation de\nsignature au sein de la direction d\u00e9partementale de l'emploi, du travail et des solidarit\u00e9s du Var (DDETS) 37\nD\u00e9l\u00e9gation est \u00e9galement donn\u00e9e, en cas d'absence ou d'emp\u00eachement de Madame Ang\u00e9lique FRITZ,\nattach\u00e9e d'administration, adjointe \u00e0 la cheffe du service \u00abAcc\u00e8s au  logement\u00bb \u00e0  :\n\u2022Madame  Florence  REYGROBELLET,  attach\u00e9e  principale  d'administration,  responsable  du\nd\u00e9partement \u00abpr\u00e9vention des expulsions locatives et contentieux\u00bb  pour tous les actes relevant\ndes attributions de son d\u00e9partement.\n\u2022Madame  Ariane  ROUQUETTE,  attach\u00e9e  d'administration,  responsable  du  d\u00e9partement\n\u00ab Insertion par le logement  \u00bb pour tous les actes relevant des attributions de son d\u00e9partement.\n\u2022Madame  Justine  MASSIP ,  attach\u00e9e  d'administration,  responsable  du  d\u00e9partement\n\u00ab Accompagnement vers le logement  \u00bb pour tous les actes relevant des attributions de son\nd\u00e9partement. \nArticle 3     :  \nEn  cas  d'absence  ou  d'emp\u00eachement  de  Madame  Nelcie  FERRERE,  directrice  d\u00e9partementale  de\nl'emploi, du travail et des solidarit\u00e9s par int\u00e9rim, et de Madame Pascale ROBERDEAU-BEAUGE, directrice\nd\u00e9partementale adjointe de l'emploi,  d\u00e9l\u00e9gation de signature est donn\u00e9e \u00e0 Madame Emma IACIANCIO,\ninspectrice hors classe de l'action sanitaire et sociale, cheffe du service \u00abAcc\u00e8s \u00e0 l'autonomie des\npopulations  vuln\u00e9rables\u00bb  de  la  direction  d\u00e9partementale de l'emploi,  du  travail  et  de la  coh\u00e9sion\nsociale, \u00e0 l'effet de signer les actes relevant des attributions de son service dont celle de tuteur des\npupilles de l'Etat.\nEn  cas  d'absence  ou  d'emp\u00eachement  de  Madame  Emma  IACIANCIO,  cheffe  du  service  \u00ab  Acc\u00e8s  \u00e0\nl'autonomie des populations vuln\u00e9rables\u00bb, la d\u00e9l\u00e9gation qui lui est consentie est exerc\u00e9e par Madame\nVal\u00e9rie LETOURNIANT, attach\u00e9e principale d'administration, adjointe \u00e0 la cheffe du service \u00abAcc\u00e8s \u00e0\nl'autonomie des populations vuln\u00e9rables\u00bb.\nEn  cas  d'absence  ou  d'emp\u00eachement  de  Madame  Emma  IACIANCIO,  cheffe  du  service  \u00ab  Acc\u00e8s  \u00e0\nl'autonomie des populations vuln\u00e9rables\u00bb, la d\u00e9l\u00e9gation qui lui est consentie est exerc\u00e9e par Madame\nMarie-Laure ALVAREZ, charg\u00e9e de mission int\u00e9gration.\nEn  cas  d'absence  ou  d'emp\u00eachement  de  Madame  Emma  IACIANCIO,  cheffe  du  service  \u00ab  Acc\u00e8s  \u00e0\nl'autonomie des populations vuln\u00e9rables\u00bb, la d\u00e9l\u00e9gation qui lui est consentie est exerc\u00e9e par madame\nLine PEYSSELIER, Secr\u00e9taire administrative de classe sup\u00e9rieure sur les actes relatifs \u00e0 la tutelle des\npupilles de l'\u00c9tat.\nArticle 4     :  \nEn  cas  d'absence  ou  d'emp\u00eachement  de  Madame  Nelcie  FERRERE,  directrice  d\u00e9partementale  de\nl'emploi, du travail et des solidarit\u00e9s par int\u00e9rim, et de Madame Pascale ROBERDEAU-BEAUGE, directrice\nd\u00e9partementale adjointe de l'emploi,  d\u00e9l\u00e9gation de signature est donn\u00e9e \u00e0 Monsieur Emmanuel JOLY\ndirecteur du travail, chef du service \u00abAppui et relations du travail\u00bb de la direction d\u00e9partementale de\nl'emploi, du travail et des solidarit\u00e9s \u00e0 l'effet de signer les actes relevant des attributions de son service.\nArticle 5     :  \nEn  cas  d'absence  ou  d'emp\u00eachement  de  Madame  Nelcie  FERRERE,  directrice  d\u00e9partementale  de\nl'emploi, du travail et des solidarit\u00e9s par int\u00e9rim, et de Madame Pascale ROBERDEAU-BEAUGE, directrice\nd\u00e9partementale  adjointe  de  l'emploi,  d\u00e9l\u00e9gation  de  signature  est  donn\u00e9e  \u00e0  Madame  S\u00e9verine\nLARDERET, attach\u00e9e principale d'administration  cheffe du service \u00abAccompagnement  des entreprises\net  d\u00e9veloppement  des  territoires\u00bb  de  la  direction  d\u00e9partementale  de  l'emploi,  du  travail  et  des\nsolidarit\u00e9s \u00e0 l'effet de signer les actes relevant des attributions de son service.\n3/4Pr\u00e9fecture du VAR - 83-2024-10-21-00001 - ARR\u00caT\u00c9 PR\u00c9FECTORAL n\u00b02024/49/MCI du 21 octobre 2024 portant subd\u00e9l\u00e9gation de\nsignature au sein de la direction d\u00e9partementale de l'emploi, du travail et des solidarit\u00e9s du Var (DDETS) 38\nEn  cas  d'absence  ou  d'emp\u00eachement  de  Madame  S\u00e9verine  LARDERET,  attach\u00e9e  principale\nd'administration,  cheffe  du  service  \u00ab  Accompagnement  des  entreprises  et  d\u00e9veloppement  des\nterritoires\u00bb, la d\u00e9l\u00e9gation qui lui est consentie est exerc\u00e9e par Madame Coralie PHILIP-MONGE attach\u00e9e\nd'administration, adjointe \u00e0 la cheffe du service \u00ab Accompagnement des entreprises et d\u00e9veloppement\ndes territoires\u00bb.\nD\u00e9l\u00e9gation est \u00e9galement donn\u00e9e, en cas d'absence ou d'emp\u00eachement de Madame Coralie PHILIP-\nMONGE attach\u00e9e d'administration, adjointe \u00e0 la cheffe du service \u00abAccompagnement des entreprises\net d\u00e9veloppement des territoires\u00bb \u00e0  :\n\u2022Madame  Catherine  ROUSSAT,  inspectrice  du  travail,  charg\u00e9e  de  mission,  pour  tous  les  actes\nrelatifs \u00e0 l'activit\u00e9 partielle.\nArticle 6     :  \nEn  cas  d'absence  ou  d'emp\u00eachement  de  Madame  Nelcie  FERRERE,  directrice  d\u00e9partementale  de\nl'emploi, du travail et des solidarit\u00e9s par int\u00e9rim, et de Madame Pascale ROBERDEAU-BEAUGE, directrice\nd\u00e9partementale adjointe de l'emploi,  d\u00e9l\u00e9gation de signature est donn\u00e9e \u00e0 Madame St\u00e9phanie DESEEZ,\ninspectrice  hors  classe  de  l'action  sanitaire  et  sociale,  cheffe  de  la  mission  \u00abappui  aux  politiques\npubliques\u00bb de la direction d\u00e9partementale de l'emploi, du travail et des solidarit\u00e9s \u00e0 l'effet de signer les\nactes relevant des attributions de cette mission.\nArticle 7     :   \nEn  cas  d'absence  ou  d'emp\u00eachement  de  Madame  Nelcie  FERRERE,  directrice  d\u00e9partementale  de\nl'emploi, du travail et des solidarit\u00e9s par int\u00e9rim, et de Madame Pascale ROBERDEAU-BEAUGE, directrice\nd\u00e9partementale  adjointe  de  l'emploi,  d\u00e9l\u00e9gation  de  signature  est  donn\u00e9e  \u00e0  Madame  Dominique\nRIBERO, attach\u00e9e hors classe d'administration, responsable du conseil m\u00e9dical d\u00e9partemental , \u00e0 l'effet\nde signer les actes relevant des attributions de son service.\nArticle 8 : \nL'arr\u00eat\u00e9  en  date  du  21  ao\u00fbt  2023 portant  subd\u00e9l\u00e9gation  de  signature  au  sein  de  la  direction\nd\u00e9partementale de l'emploi, du travail et des solidarit\u00e9s  du Var est abrog\u00e9.\nArticle 9 : \nLa  directrice  d\u00e9partementale  de  l'emploi,  du  travail  et  des  solidarit\u00e9s  par  int\u00e9rim  est  charg\u00e9e  de\nl'ex\u00e9cution du pr\u00e9sent arr\u00eat\u00e9 qui sera publi\u00e9 au recueil des actes administratifs de la pr\u00e9fecture. \nFait \u00e0 Toulon le 21 octobre 2024\nLe Pr\u00e9fet du Var,\n                                                                                                  Sign\u00e9 :\n                                                                                  \n                                                                                          Philippe MAH\u00c9\n4/4Pr\u00e9fecture du VAR - 83-2024-10-21-00001 - ARR\u00caT\u00c9 PR\u00c9FECTORAL n\u00b02024/49/MCI du 21 octobre 2024 portant subd\u00e9l\u00e9gation de\nsignature au sein de la direction d\u00e9partementale de l'emploi, du travail et des solidarit\u00e9s du Var (DDETS) 39\nPr\u00e9fecture du VAR\n83-2024-10-15-00010\nArr\u00eat\u00e9 n\u00b0 2024-BSP-OP-50 autorisant la\ncaptation, l'enregistrement et la transmission\nd'images au moyen de cam\u00e9ras install\u00e9es sur des\na\u00e9ronefs\nPr\u00e9fecture du VAR - 83-2024-10-15-00010 - Arr\u00eat\u00e9 n\u00b0 2024-BSP-OP-50 autorisant la captation, l'enregistrement et la transmission\nd'images au moyen de cam\u00e9ras install\u00e9es sur des a\u00e9ronefs 40\n=m\nPREFET\nDU  VAR\nLibert\u00e9\nEgalit\u00e9\nFraternit\u00e9\nCabinet du Pr\u00e9fet\nDirection des s\u00e9curit\u00e9s\nBureau de la s\u00e9curit\u00e9 publique\nArr\u00eat\u00e9 n\u00b0 2024-BSP-OP-50\nautorisant la captation, l'enregistrement et la transmission \nd'images au moyen de cam\u00e9ras install\u00e9es sur des a\u00e9ronefs\nVu le code de la s\u00e9curit\u00e9 int\u00e9rieure et notamment ses articles L. 242-1 \u00e0 L. 242-8 et R. 242-8 \u00e0  \nR. 242-14 ;\nVu le d\u00e9cret n\u00b0 2004-374 du 29 avril 2004 relatif aux pouvoirs des pr\u00e9fets, \u00e0 l'organisation et \u00e0  \nl'action des services de l'\u00c9tat dans les r\u00e9gions et d\u00e9partements  ;\nVu le d\u00e9cret du 13 juillet 2023 portant nomination de Monsieur Philippe MAHE, pr\u00e9fet du  \nVar ;\nVu l'arr\u00eat\u00e9  n\u00b0  2024/13/MCI  du  12  avril  2024  portant  d\u00e9l\u00e9gation  de  signature  \u00e0  Madame  \nJos\u00e9phine GUIGLIANO-BOUTONNET, directrice de cabinet du pr\u00e9fet du Var  ;\nVu l'arr\u00eat\u00e9 du ministre de l'Int\u00e9rieur et des outre-mer, en date du 19 avril 2023 relatif au  \nnombre maximal de cam\u00e9ras install\u00e9es sur des a\u00e9ronefs pouvant \u00eatre simultan\u00e9ment utilis\u00e9es  \ndans chaque d\u00e9partement et collectivit\u00e9 d'outre-mer ;\nVu la demande en date du 14 octobre  2024, formul\u00e9e par la direction interd\u00e9partementale  \nde la police nationale du Var, visant \u00e0 obtenir l'autorisation de capter, d'enregistrer et de  \ntransmettre des images au moyen de  deux cam\u00e9ras install\u00e9es sur des drones aux fins de  \nr\u00e9aliser  des  op\u00e9rations  de  pr\u00e9vention  de  la  d\u00e9linquance  sur  la  commune  de  Hy\u00e8res,  \nnotamment dans le secteur du Val des Rougi\u00e8res, le mardi 22 octobre 2024  ; \nConsid\u00e9rant que le 1\u00b0 de l'article L. 242-5 du code de la s\u00e9curit\u00e9 int\u00e9rieure permet aux forces  \nde s\u00e9curit\u00e9 int\u00e9rieure, dans le cadre de la pr\u00e9vention des atteintes \u00e0 la s\u00e9curit\u00e9 des personnes  \net des biens dans des lieux particuli\u00e8rement expos\u00e9s, en raison de leurs caract\u00e9ristiques ou  \ndes faits qui s'y sont d\u00e9j\u00e0 d\u00e9roul\u00e9s, \u00e0 des risques d'agressions, de vols ou de trafics d'armes,  \nd'\u00eatres humains ou de stup\u00e9fiants , de proc\u00e9der \u00e0 la captation, \u00e0 l'enregistrement et \u00e0 la  \ntransmission d'images au moyen de cam\u00e9ras install\u00e9es sur des a\u00e9ronefs  ;\nConsid\u00e9rant que  les  forces  de  l'ordre  ont  conduit  de  nombreuses  op\u00e9rations  de  police  \nadministrative visant \u00e0 pr\u00e9venir les troubles \u00e0 l'ordre public dans  le quartier du Val des  \nRougi\u00e8res; que lors de ces interventions, des atteintes \u00e0 la s\u00e9curit\u00e9 des personnes et des biens  \nont pu \u00eatre constat\u00e9es  ; \nPr\u00e9fecture du VAR - 83-2024-10-15-00010 - Arr\u00eat\u00e9 n\u00b0 2024-BSP-OP-50 autorisant la captation, l'enregistrement et la transmission\nd'images au moyen de cam\u00e9ras install\u00e9es sur des a\u00e9ronefs 41\nConsid\u00e9rant que le 17 septembre 2024, un v\u00e9hicule vol\u00e9 et r\u00e9immatricul\u00e9 est identifi\u00e9 chemin  \nde l'Excelsior puis saisi par les forces de police ; que le 22 septembre 2024, un homme,  \ncontr\u00f4l\u00e9 par la police municipale, s'est d\u00e9lest\u00e9, dans la rue, d'un sac contenant des produits  \nstup\u00e9fiants ; que le 29 septembre 2024, lors d'un passage de s\u00e9curisation dans le quartier, 2  \nindividus, en position de guetteurs, ont \u00e9t\u00e9 contr\u00f4l\u00e9s en possession de 30g de stup\u00e9fiants et  \nde num\u00e9raires ; que le 1er octobre 2024, 52 grammes d'herbe et de r\u00e9sine de cannabis ont \u00e9t\u00e9  \nd\u00e9couverts, cach\u00e9s dans les buissons, par une patrouille de police; que le 3 octobre 2024, les  \nforces de l'ordre sont intervenues, chemin de l'Excelsior, pour une rixe entre bandes, suite \u00e0  \nlaquelle 2 individus ont \u00e9t\u00e9 interpell\u00e9s  ; que le m\u00eame jour, un homme a \u00e9t\u00e9 appr\u00e9hend\u00e9 pour  \nvente de stup\u00e9fiants et des sachets contenant une mati\u00e8re blanch\u00e2tre s'apparentant \u00e0 de la  \ncoca\u00efne ont \u00e9t\u00e9 retrouv\u00e9s  ; \nConsid\u00e9rant  que le risque pour la s\u00e9curit\u00e9 des personnes est consubstantiel au trafic de  \ndrogue, en ce qu'il suppose l'occupation du lieu de trafic en recourant \u00e0 la pression, menace  \net violence sur les riverains  ; qu'il g\u00e9n\u00e8re des violences entre les individus ou les groupes qui  \ns'y livrent pour s'assurer le caract\u00e8re exclusif de cette occupation, violences qui peuvent  \nimpliquer le recours \u00e0 des armes ou des m\u00e9thodes particuli\u00e8rement dangereuses, exposant  \nainsi les riverains et les forces de l'ordre qui interviennent \u00e0 des risques \u00e9lev\u00e9s d'atteinte \u00e0  \nleur s\u00e9curit\u00e9 et \u00e0 leur int\u00e9grit\u00e9 physique; que des personnes sont souvent recrut \u00e9es de gr\u00e9 ou \nde force par ces r \u00e9seaux pour assurer la surveillance du quartier et entraver l 'action des \nforces de s\u00e9curit\u00e9, r\u00e9duisant ainsi l'effectivit\u00e9 de leur action ; que la dissimulation de produits  \nstup\u00e9fiants sur la voie publique ou dans des parties communes peut repr\u00e9senter un danger  \npour toute personne les d\u00e9couvrant, notamment les enfants; que compte tenu des troubles,  \n\u00e0 la fois graves et nombreux, qu'elle engendre et qu'il appartient \u00e0 l'autorit\u00e9 de police de  \npr\u00e9venir, seule une pr\u00e9sence polici\u00e8re continue est de nature \u00e0 d\u00e9courager les vell\u00e9it\u00e9s de ces  \nr\u00e9seaux \u00e0 s'implanter et maintenir durablement leurs activit\u00e9s sur un p\u00e9rim\u00e8tre et \u00e0 r\u00e9tablir  \nl'ordre  public ;  qu'une  telle  pr\u00e9sence  exposerait,  cependant,  les  agents  \u00e0 des  risques \nimportants pour leur s \u00e9curit\u00e9 ; \nConsid\u00e9rant que, dans ce contexte et compte tenu de l'int\u00e9r\u00eat pour les forces de l'ordre de  \ndisposer d'une vision en grand angle au regard de l'ampleur de la zone \u00e0 s\u00e9curiser et de la  \nconfiguration particuli\u00e8re des lieux, le recours aux dispositifs de captation install\u00e9s sur des  \na\u00e9ronefs est n\u00e9cessaire et adapt\u00e9 ; qu'il n'existe pas de dispositif moins intrusif permettant  \nde parvenir aux m\u00eames fins ;\nConsid\u00e9rant que la demande porte sur l'engagement de deux cam\u00e9ras a\u00e9roport\u00e9es dans le  \nseul secteur d\u00e9limit\u00e9 en annexe du pr\u00e9sent arr\u00eat\u00e9  ; que les lieux surveill\u00e9s  sont strictement \nlimit\u00e9s \u00e0 la zone o\u00f9 sont susceptibles de se commettre les atteintes  que l'usage des cam\u00e9ras \na\u00e9roport\u00e9es vise \u00e0 pr\u00e9venir ; que la dur\u00e9e de l'autorisation est \u00e9galement limit\u00e9e \u00e0 une dur\u00e9e \nde six heures ; qu'au regard des circonstances susmentionn\u00e9es, la demande n'appara\u00eet pas  \ndisproportionn\u00e9e ;\nConsid\u00e9rant qu'en vertu de l'article R. 242-13 du code de la s\u00e9curit\u00e9 int\u00e9rieure, il y a lieu de  \nd\u00e9roger  au  principe  d'information  du  public  d\u00e8s  lors  que  cette  information  entre  en  \ncontradiction avec les finalit\u00e9s pour lesquelles le dispositif est autoris\u00e9  ; que cependant, cet  \narr\u00eat\u00e9 fera l'objet d'une publication au recueil des actes administratifs de la pr\u00e9fecture,\nSur proposition de la sous-pr\u00e9f\u00e8te, directrice de cabinet du Var  ;Pr\u00e9fecture du VAR - 83-2024-10-15-00010 - Arr\u00eat\u00e9 n\u00b0 2024-BSP-OP-50 autorisant la captation, l'enregistrement et la transmission\nd'images au moyen de cam\u00e9ras install\u00e9es sur des a\u00e9ronefs 42\nARR\u00caTE\nArticle  1er \u2013  La  captation,  l'enregistrement  et  la  transmission  d'images  par  la  direction  \ninterd\u00e9partementale de la Police Nationale du Var, est autoris\u00e9e au titre de la pr\u00e9vention des  \natteintes \u00e0 la s\u00e9curit\u00e9 des personnes et des biens, de la d\u00e9linquance et de la lutte anti-\nstup\u00e9fiants sur la commune de Hy\u00e8res, le mardi 22 octobre 2024 de 12h00 \u00e0 20h00.\nArticle 2 \u2013 Le nombre maximal de cam\u00e9ras pouvant proc\u00e9der simultan\u00e9ment aux traitements  \nmentionn\u00e9s \u00e0 l'article 1er est fix\u00e9 \u00e0 deux, install\u00e9es sur deux drones DJI Mavic 3 T.\nArticle 3 \u2013 La pr\u00e9sente autorisation est limit\u00e9e au p\u00e9rim\u00e8tre g\u00e9ographique figurant sur le plan  \njoint en annexe, dans le quartier du Val des Rougi\u00e8res \u00e0 Hy\u00e8res, dans un rayon de 500m \u00e0  \ncompter du chemin de l'Excelsior.\nArticle 4\u2013   Le registre mentionn\u00e9 \u00e0 l'article L. 242-4 du code de la s\u00e9curit\u00e9 int\u00e9rieure sera  \ntransmis au repr\u00e9sentant de l'Etat dans le d\u00e9partement \u00e0 l'issue de l'op\u00e9ration.\nArticle 5 \u2013 Le pr\u00e9sent arr\u00eat\u00e9 est publi\u00e9 au recueil des actes administratifs de la pr\u00e9fecture et  \npeut faire l'objet d'un recours devant le tribunal administratif de  Toulon dans un d\u00e9lai de  \ndeux mois \u00e0 compter de sa publication.\nArticle  6  \u2013  La  sous-pr\u00e9f\u00e8te,  directrice  de  cabinet  du  pr\u00e9fet  du  Var  et  le  directeur  \ninterd\u00e9partemental  de  la  Police  Nationale  du  Var,  sont  charg\u00e9s,  chacun  en  ce  qui  les  \nconcerne, de l'ex\u00e9cution du pr\u00e9sent arr\u00eat\u00e9.\nToulon, le 15 octobre 2024\nPour le Pr\u00e9fet et par d\u00e9l\u00e9gation,\nle Directeur des s\u00e9curit\u00e9s\nSign\u00e9\nVincent BARASTIERPr\u00e9fecture du VAR - 83-2024-10-15-00010 - Arr\u00eat\u00e9 n\u00b0 2024-BSP-OP-50 autorisant la captation, l'enregistrement et la transmission\nd'images au moyen de cam\u00e9ras install\u00e9es sur des a\u00e9ronefs 43\ntail geopo\n\"48\"  E\n\"46\"  N\nvisualisation geoportail\n\u00a9 IGN 2023 - www.geoportail.gouv.fr/mentions-legalesLongitude :Latitude :6\u00b0 08\u2032 48\u2033 E\n43\u00b0 07\u2032 46\u2033 N\n200 mVisualisation cartographique - G\u00e9oportail https://www.geoportail.gouv.fr/carte\n1 sur 1 03/10/2024, 16:45Pr\u00e9fecture du VAR - 83-2024-10-15-00010 - Arr\u00eat\u00e9 n\u00b0 2024-BSP-OP-50 autorisant la captation, l'enregistrement et la transmission\nd'images au moyen de cam\u00e9ras install\u00e9es sur des a\u00e9ronefs 44","date":"2024-10-21","first_seen_on":"2024-10-21T15:22:31+00:00","id":"4de72426dc125eaeb4189e4642dcb0739753843cef2739e1796f9834a7f289b6","name":"RAA N\u00b0293 du 21 octobre 2024","pdf_creation_date":"2024-10-21T14:14:59+00:00","pdf_modification_date":null,"timezone":"Europe/Paris","url":"https://www.var.gouv.fr/contenu/telechargement/36735/243235/file/RAA%20N%C2%B0293%20du%2021%20octobre%202024.pdf"}
