{"administration":"pref21","administration_name":"Pr\u00e9fecture de C\u00f4te-d\u2019Or","content":"PR\u00c9FET\nDE LA C\u00d4TE-D'OR\nRECUEIL DES ACTES\nADMINISTRATIFS SP\u00c9CIAL\n(NOMINATIFS)\nN\u00b021-2025-013\nPUBLI\u00c9 LE 20 JANVIER 2025\nSommaire\nPr\u00e9fecture de la C\u00f4te-d'Or /\n21-2025-01-14-00005 - Arr\u00eat\u00e9 n\u00b0106 Composition Conseil famille\nSign\u00e9 (3 pages) Page 3\n2\nPr\u00e9fecture de la C\u00f4te-d'Or\n21-2025-01-14-00005\nArr\u00eat\u00e9 n\u00b0106 Composition Conseil famille Sign\u00e9\nPr\u00e9fecture de la C\u00f4te-d'Or - 21-2025-01-14-00005 - Arr\u00eat\u00e9 n\u00b0106 Composition Conseil famille Sign\u00e9 3\n51 . Direction d\u00e9partementalez de I'emploi, du travail et des solidarit\u00e9sPREFET | eDE LACOTE-D'ORLibert\u00e9Egalit\u00e9Fraternit\u00e9\nARR\u00caT\u00c9 PREFECTORAL n\u00b0 /| 0 6fixant la composition du conseil de famille des pupilles de I'Etat du d\u00e9partement de la C\u00f4te-d'Or\nLe pr\u00e9fet de la C\u00f4te-d'Or\n-VU les articles L 224-1 et L 224-2, R.224-1 \u00e0 R.224-6 du Code de l'Action Sociale et des Familles ; --VU _ laloin\u00b02022-219 du 21 f\u00e9vrier 2022 visant \u00e0 r\u00e9former l'adoption ; |-VU _ le d\u00e9cret n\u00b02024-491 du 30 mai 2024 relatif au conseil de famille des pupilles de l'\u00c9tat ;- VU l'arr\u00eat\u00e9 pr\u00e9fectoral N\u00b0997/2023 du 25 mai 2023 fixant la composition du conseil de familledes pupilles de l'\u00c9tat du d\u00e9partement de la C\u00f4te-d'Or ;\nConsid\u00e9rant les d\u00e9lib\u00e9rations du Conseil D\u00e9partemental de la C\u00f4te-d'Or des 19 juillet 2021 et 5 mai 2023d\u00e9signant Mesdames Christine BLANC et Viviane VUILLERMOT, conseill\u00e8res d\u00e9partementales, en tantque membres titulaires du conseil de familles des pupilles de l'\u00c9tat en qualit\u00e9 de repr\u00e9sentantes duConseil d\u00e9partemental ;Consid\u00e9rant la d\u00e9lib\u00e9ration du Conseil D\u00e9partemental de la Cote-d'Or du 25 octobre 2024 d\u00e9signantMesdames Emmanuelle COINT et C\u00e9line VIALET, conseill\u00e8res d\u00e9partementales, en tant que membressuppl\u00e9antes du conseil de familles des pupilles de I'Etat en qualit\u00e9 de repr\u00e9sentantes du Conseild\u00e9partemental ;\nSur proposition de la directrice d\u00e9partementale de l'emploi, du travail et des solidarit\u00e9s de C\u00f4te-d'Or ;\nDirection d\u00e9partementale de I'emploi, du travail et des solidarit\u00e9sP\u00f4le Solidarit\u00e9s P\u00f4le Travail et entreprises6, Rue Chancelier de l'Hospital- CS 15381 - 21053 Dijon Cedex P\u00f4le Emploi et coh\u00e9sion socialeT\u00e9l : 03 80 68 30 00 - Fax : 03 80 68 30 31 * 21, Boulevard Voltaire \u2014 BP 81110 - 21011 Dijon CedexM\u00e9l : ddets@cote-dor.gouv.fr - Site internet : www.cote-dor.gouv.fr Tel :03 80 45 75 00\nPr\u00e9fecture de la C\u00f4te-d'Or - 21-2025-01-14-00005 - Arr\u00eat\u00e9 n\u00b0106 Composition Conseil famille Sign\u00e9 4\nARRETE\nARTICLE T\u00b0\" :Le pr\u00e9sent arr\u00eat\u00e9 abroge et remplace l'arr\u00eat\u00e9 pr\u00e9fectoral n\u00b0 997/2023 du 25 mai 2023 fixant lacomposition du conseil de famille des pupilles de l'\u00c9tat du d\u00e9partement de la C\u00f4te-d'Or.\nARTICLE 2 :La composition du conseil de famille des pupilles de l'\u00c9tat est fix\u00e9e comme suit :1\u00b0 En qualit\u00e9 de repr\u00e9sentants d'associations de pupilles ou d'anciens pupilles ou depersonnes admises ou ayant \u00e9t\u00e9 admises \u00e0 l'aide sociale \u00e0 l'enfance dans le d\u00e9partement :Monsieur Jean-Claude BOSSAERT - TitulaireMadame C\u00e9cile TR\u00c9MEAU - Suppl\u00e9ante2\u00b0 En qualit\u00e9 de repr\u00e9sentants d'associations familiales concourant \u00e0 la repr\u00e9sentation de ladiversit\u00e9 des familles et de repr\u00e9sentants d'associations de familles adoptives :a) Membres repr\u00e9sentant les associations familiales de C\u00f4te-d'Or (UDAF 21)Madame Anne-Marie DUSSOL - Titulaire 'Madame Odette VERMORELLE - Suppl\u00e9anteb) Membres repr\u00e9sentant de l'association Enfance Famille AdoptiveMadame Fabienne DOIDY - TitulaireMonsieur Olivier MULLER - Suppl\u00e9ant3\u00b0 En qualit\u00e9 de repr\u00e9sentants d'associations d'assistants familiaux :Madame Patricia LASNIER-BINA - TitulaireMadame Delphine JUVING - Suppl\u00e9ante4\u00b0 En qualit\u00e9 de repr\u00e9sentants du conseil d\u00e9partemental :Madame Viviane VUILLERMOT - TitulaireMadame Christine BLANC - TitulaireMadame Emmanuelle COINT -Suppl\u00e9anteMadame C\u00e9line VIALET - Suppl\u00e9ante5\u00b0 En qualit\u00e9 de personnalit\u00e9 qualifi\u00e9e pour leur comp\u00e9tence et leur exp\u00e9rienceprofessionnelles en mati\u00e8re d'\u00e9thique et de lutte contre les discriminations :Monsieur G\u00e9rard LLORCA - TitulaireMadame Martine LORANS - Suppl\u00e9ante6\u00b0 En qualit\u00e9 de personnalit\u00e9 qualifi\u00e9e pour leur exp\u00e9rience et leur comp\u00e9tenceprofessionnelles en mati\u00e8re m\u00e9dicale, psychologique ou sociale :Madame Fran\u00e7oise DE LARAMBERGUE - Titulaire nMadame Marie-Claire DESMEDT - Suppl\u00e9ante\nPr\u00e9fecture de la C\u00f4te-d'Or - 21-2025-01-14-00005 - Arr\u00eat\u00e9 n\u00b0106 Composition Conseil famille Sign\u00e9 5\nARTICLE 3 :La dur\u00e9e du mandat des membres du Conseil de famille des Pupilles de l'\u00c9tat est fix\u00e9e \u00e0 six ans.Nul ne peut exercer plus de trois mandats, dont plus de deux en tant que titulaire.\nARTICLE 4 :Le secr\u00e9taire g\u00e9n\u00e9ral de la pr\u00e9fecture de la C\u00f4te-d'Or et la directrice d\u00e9partementale de l'emploi, du. travail et des solidarit\u00e9s sont charg\u00e9s, chacun en ce qui le concerne, de l'ex\u00e9cution du pr\u00e9sent arr\u00eat\u00e9, qui -sera publi\u00e9 au recueil des actes administratifs.\nDijon, le 14 janvier 2025 Le pr\u00e9fet de la C\u00f4te-d'Or,SIGNE\nPaul MOURIER\nPr\u00e9fecture de la C\u00f4te-d'Or - 21-2025-01-14-00005 - Arr\u00eat\u00e9 n\u00b0106 Composition Conseil famille Sign\u00e9 6","date":"2025-01-20","first_seen_on":"2025-09-13T23:21:34+00:00","id":"4e44e3de06d672e8274be9ce4a044cc91d7d85c9f3c5ee4c00f96913861cdc26","name":"RAA n\u00b0 013 du 20 janvier 2025","pdf_creation_date":"2025-01-20T15:02:19+00:00","pdf_modification_date":null,"timezone":"Europe/Paris","url":"https://www.cote-dor.gouv.fr/contenu/telechargement/22752/173714/file/recueil-21-2025-013-recueil-des-actes-administratifs-nominatifs.pdf"}
