{"administration":"pref21","administration_name":"Pr\u00e9fecture de C\u00f4te-d\u2019Or","content":"PR\u00c9FET\nDE LA C\u00d4TE-D'OR\nRECUEIL DES ACTES\nADMINISTRATIFS SP\u00c9CIAL\nN\u00b021-2024-146\nPUBLI\u00c9 LE 18 OCTOBRE 2024\nSommaire\nARS Bourgogne-Franche-Comt\u00e9 / Direction de l'organisation des soins\n21-2024-10-18-00002 - D\u00e9cision n\u00b0 ARS-BFC-DOSA 2024-1761\nportant\nmodification de la d\u00e9cision du directeur g\u00e9n\u00e9ral de l'agence\nr\u00e9gionale de sant\u00e9 de Bourgogne-Franche-Comt\u00e9 n\u00b0\nDOS/ASPU/239/2017, en date du 08 d\u00e9cembre 2017, portant autorisation\nde dispensation \u00e0 domicile d'oxyg\u00e8ne \u00e0 usage m\u00e9dical de la\nsoci\u00e9t\u00e9 anonyme (S.A.) \u00ab VitalAire \u00bb pour son site de rattachement\nsis rue des Grandes Varennes \u00e0 AHUY (21 121) (2 pages) Page 3\nDirection d\u00e9partementale de l'emploi, du travail et des solidarit\u00e9s de\nC\u00f4te-d'Or /\n21-2024-10-14-00002 - 21 - D\u00e9cision affectation agents en UC  2024-11-01\n(8 pages) Page 6\nDirection d\u00e9partementale des territoires de la C\u00f4te-d'Or / Service de l'eau\net des risques\n21-2024-10-10-00011 - AP n\u00b0 1610 du 10 octobre 2024 portant\nd\u00e9claration d'int\u00e9r\u00eat g\u00e9n\u00e9ral et r\u00e9c\u00e9piss\u00e9 de d\u00e9claration\npour les travaux de restauration de petite continuit\u00e9 \u00e9cologique sur le\nRevinson \u00e0 Etalante. (8 pages) Page 15\n21-2024-10-18-00001 - Arr\u00eat\u00e9 pr\u00e9fectoral n\u00b0 1606 \nportant\ninterdiction temporaire de p\u00eache sur l'\u00e9tang de\nMarcenay,\ncommunes de Marcenay et Larrey (2 pages) Page 24\nDirection d\u00e9partementale des territoires de la C\u00f4te-d'Or / Service\nS\u00e9curit\u00e9 et Education Routi\u00e8re\n21-2024-10-18-00003 - Arr\u00eat\u00e9 Pr\u00e9fectoral N\u00b01609 portant\nd\u00e9rogation \u00e0 titre temporaire \u00e0 l'interdiction de circulation des\nv\u00e9hicules de transport de marchandises \u00e0 certaines p\u00e9riodes pour les\nv\u00e9hicules de plus de 7,5 tonnes de PTAC exploit\u00e9s par la soci\u00e9t\u00e9\nSECULA LOGISTIQUE domicili\u00e9e\n\u00e0 BEAUNE (21) (4 pages) Page 27\nPr\u00e9fecture de la C\u00f4te-d'Or / Direction de la coordination, des politiques\npubliques et de l'appui territorial\n21-2024-10-15-00002 - Arr\u00eat\u00e9 pr\u00e9fectoral n\u00b01607 du 15 octobre 2024\nportant habilitation de l'EURL C2J CONSEIL en application de l'article\nR.752-6-3 du code du commerce pour la r\u00e9alisation de l'analyse d'impact\ndes projets d'am\u00e9nagement commercial (2 pages) Page 32\n21-2024-10-15-00003 - Arr\u00eat\u00e9 pr\u00e9fectoral n\u00b01608 du 15 octobre 2024\nportant habilitation de la SASU DU RIVAU CONSULTING en application de\nl'article R752-6-3 du code du commerce pour la r\u00e9alisation de l'analyse\nd'impact des projets d'am\u00e9nagement commercial (2 pages) Page 35\n2\nARS Bourgogne-Franche-Comt\u00e9\nDirection de l'organisation des soins\n21-2024-10-18-00002\nD\u00e9cision n\u00b0 ARS-BFC-DOSA 2024-1761\nportant modification de la d\u00e9cision du directeur\ng\u00e9n\u00e9ral de l'agence r\u00e9gionale de sant\u00e9 de\nBourgogne-Franche-Comt\u00e9 n\u00b0\nDOS/ASPU/239/2017, en date du 08 d\u00e9cembre\n2017, portant autorisation de dispensation \u00e0\ndomicile d'oxyg\u00e8ne \u00e0 usage m\u00e9dical de la soci\u00e9t\u00e9\nanonyme (S.A.) \u00ab VitalAire \u00bb pour son site de\nrattachement sis rue des Grandes Varennes \u00e0\nAHUY (21 121)\nARS Bourgogne-Franche-Comt\u00e9 - 21-2024-10-18-00002 - D\u00e9cision n\u00b0 ARS-BFC-DOSA 2024-1761\nportant modification de la d\u00e9cision du directeur g\u00e9n\u00e9ral de l'agence r\u00e9gionale de sant\u00e9 de Bourgogne-Franche-Comt\u00e9 n\u00b0\nDOS/ASPU/239/2017, en date du 08 d\u00e9cembre 2017, portant autorisation de dispensation \u00e0 domicile d'oxyg\u00e8ne \u00e0 usage m\u00e9dical de la\nsoci\u00e9t\u00e9 anonyme (S.A.) \u00ab VitalAire \u00bb pour son site de rattachement sis rue des Grandes Varennes \u00e0 AHUY (21 121)\n3\nREPUBLIQUEFRANCAISEijert\u00e9Egalit\u00e9Fraternit\u00e9\nAl@ ) Agence R\u00e9gionale de Sant\u00e9Bourgogne-Franche-Comt\u00e9\n  \n \n \n \nARS Bourgogne-Franche-Comt\u00e9 \nLe Diapason, 2 Place des Savoirs, CS 73535, 21035 Dijon cedex \nT\u00e9l. : 0808 807 107 - Site : www.ars.bourgogne-franche-comte.sante.fr \n \nD\u00e9cision n\u00b0 ARS-BFC-DOSA 2024-1761 \nportant modification de la  d\u00e9cision du directeur g\u00e9n\u00e9ral de l'agence r\u00e9gionale de sant\u00e9 de Bourgogne -\nFranche-Comt\u00e9 n\u00b0 DOS/ASPU/239/2017 , en date du 08 d\u00e9cembre 2017, portant autorisation de \ndispensation \u00e0 domicile d'oxyg\u00e8ne \u00e0 usage m\u00e9dical de la soci\u00e9t\u00e9 anonyme (S.A.) \u00ab VitalAire \u00bb pour son \nsite de rattachement sis rue des Grandes Varennes \u00e0 AHUY (21 121) \n \nLe directeur g\u00e9n\u00e9ral de l'agence \nr\u00e9gionale de sant\u00e9 de Bourgogne-Franche-Comt\u00e9 \n \nVU le code de la sant\u00e9 publique,  notamment les articles L. 4211 -5, L. 5232-3, D. 5232-2 \u00e0 D. 5232-12, R. 4211-\n15 ; \n \nVU l'arr\u00eat\u00e9 minist\u00e9riel du 19 d\u00e9cembre 2006 d\u00e9finissant les modalit\u00e9s de la d\u00e9livrance mentionn\u00e9es aux articles \nD. 5232-10 et D. 5232-12 et fixant la liste des mat\u00e9riels et services pr\u00e9vue \u00e0 l'article L. 5232-3 du code de la sant\u00e9 \npublique ; \n \nVU l'arr\u00eat\u00e9 minist\u00e9riel du 16 juillet 2015 relatifs aux bonnes pratiques de dispensation \u00e0 domicile de l'oxyg\u00e8ne \u00e0 \nusage m\u00e9dical ; \n \nVU la d\u00e9cision ARS BFC/SG/202 4-057 portant d\u00e9l\u00e9gation de signature du directeur g\u00e9n\u00e9ral de l'Agence \nR\u00e9gionale de Sant\u00e9 de Bourgogne-Franche-Comt\u00e9 en date du 16 septembre 2024 ;  \n \nVU la demande, en date du 30 mai 2024, de Monsieur Matthieu ENGGASSER , directeur de zone au sein de la \nsoci\u00e9t\u00e9 anonyme (S.A.) \u00ab VitalAire \u00bb, dont le si\u00e8ge social est situ\u00e9 6 rue Cognacq-Jay \u00e0 PARIS (75 007), visant \u00e0 \n\u00eatre autoris\u00e9 \u00e0 modifier l'aire g\u00e9ographique desservie depuis son site de rattachement sis 21 rue des grandes \nVarennes \u00e0 AHUY (21 121), et \u00e0 transf\u00e9rer le site de stockage annex\u00e9  audit site, sis 5 rue du capitaine Drillien \u00e0 \nCHALON-SUR-SA\u00d4NE (71 100), \u00e0 la rue Joseph Cugnot \u00e0 SAINT-MARCEL (71 380) ; \n \nVU le dossier accompagnant la demande pr\u00e9cit\u00e9e reconnu complet le 25 juin 2024 ; \n \nVU la saisine du conseil central de la section D de l'Ordre national des pharmaciens, en date du 20 ao\u00fbt 2024. \n \n \nConsid\u00e9rant que les d\u00e9partements du Doubs (25) et de la Haute -Sa\u00f4ne (70) , auxquels la SA \u00ab  VitalAire \u00bb \nsouhaite \u00e9tendre la zone g\u00e9ographique de desserte de son site de rattachement sis 21 rue des grandes Varennes \n\u00e0 AHUY (21 121), se situent bien dans la limite d'une prise en charge de 3 heures de route maximum , dans des \nconditions usuelles de circulation, depuis ledit site ; \n \nConsid\u00e9rant que le plan du site de stockage annexe projet\u00e9, sis rue Joseph Cugnot \u00e0 SAINT-MARCEL (71 380), \nainsi que le descriptif des op\u00e9rations qui y sont envisag\u00e9es joint au dossier, permettent de conclure que ses \nconditions de fonctionnement seront conformes aux bonnes pratiques de dispensation \u00e0 domicile de l'oxyg\u00e8ne \u00e0 \nusage m\u00e9dical. \n \nDECIDE \n \nArticle 1 : L'article 1 de la d\u00e9cision du directeur g\u00e9n\u00e9ral de l'agence r\u00e9gionale de sant\u00e9 de Bourgogne -Franche-\nComt\u00e9 n\u00b0 DOS/ASPU/239/2017, en date du 08 d\u00e9cembre 2017, est remplac\u00e9 par les dispositions suivantes : \n \n\u00ab Article 1 : La soci\u00e9t\u00e9 anonyme \u00ab VitalAire \u00bb, dont le si\u00e8ge social est situ\u00e9 6 rue Cognacq-Jay \u00e0 PARIS (75 007), \nn\u00b0 FINESS EJ 75 005 841 4, est autoris\u00e9e, pour son site de rattachement situ\u00e9 21 rue des Grandes Varennes \u00e0 \nAHUY (21 121), n\u00b0 FINESS ET 21 001 286 0, \u00e0 dispenser \u00e0 domicile de l'oxyg\u00e8ne \u00e0 usage m\u00e9dical dans l'aire \ng\u00e9ographique d\u00e9clar\u00e9e dans sa demande, \u00e0 savoir : \n \n \nARS Bourgogne-Franche-Comt\u00e9 - 21-2024-10-18-00002 - D\u00e9cision n\u00b0 ARS-BFC-DOSA 2024-1761\nportant modification de la d\u00e9cision du directeur g\u00e9n\u00e9ral de l'agence r\u00e9gionale de sant\u00e9 de Bourgogne-Franche-Comt\u00e9 n\u00b0\nDOS/ASPU/239/2017, en date du 08 d\u00e9cembre 2017, portant autorisation de dispensation \u00e0 domicile d'oxyg\u00e8ne \u00e0 usage m\u00e9dical de la\nsoci\u00e9t\u00e9 anonyme (S.A.) \u00ab VitalAire \u00bb pour son site de rattachement sis rue des Grandes Varennes \u00e0 AHUY (21 121)\n4\n \nARS Bourgogne-Franche-Comt\u00e9 \nLe Diapason, 2 Place des Savoirs, CS 73535, 21035 Dijon cedex \nT\u00e9l. : 0808 807 107 - Site : www.ars.bourgogne-franche-comte.sante.fr \n \n\u27a2 Liste des d\u00e9partements desservis : \n \n- C\u00f4te d'Or (21) - Doubs (25)  - Jura (39)  - Haute-Marne (52) \n- Ni\u00e8vre (58)  - Haute-Sa\u00f4ne (70) - Sa\u00f4ne-et-Loire (71) \n \nCe site de rattachement comporte un site de stockage annexe d'oxyg\u00e8ne \u00e0 usage m\u00e9dical, \u00e0 l'exclusion de \nl'oxyg\u00e8ne m\u00e9dicinal sous forme liquide, sis rue Joseph Cugnot \u00e0 SAINT-MARCEL (71 380). \u00bb. \n \nArticle 2 : Toute modification substantielle concernant l'agencement des locaux o\u00f9 se d\u00e9roule l'activit\u00e9 li\u00e9e \u00e0 la \ndispensation de l'oxyg\u00e8ne \u00e0 usage m\u00e9dical sur un site de rattachement, ou l'installation d'un site de stockage \nannexe, est soumise \u00e0 autorisation pr\u00e9alable. Toute autre modification doit faire l'objet d'une d\u00e9claration pr\u00e9alable \nau directeur g\u00e9n\u00e9ral de l'agence r\u00e9gionale de sant\u00e9 de Bourgogne-Franche-Comt\u00e9. \nArticle 3 : Les activit\u00e9s de ce site doivent \u00eatre r\u00e9alis\u00e9es en conformit\u00e9 avec les dispositions de l'arr\u00eat\u00e9 du 16 juillet \n2015 relatif aux bonnes pratiques de dispensation \u00e0 domicile de l'oxyg\u00e8ne \u00e0 usage m\u00e9dical.  \nArticle 4 : Toute infraction aux dispositions de l'arr\u00eat\u00e9 du 16 juillet 2015 pourra entra\u00eener la suspension ou la \nsuppression de la pr\u00e9sente autorisation.            \nArticle 5 : La pr\u00e9sente d\u00e9cision peut faire l'objet d'un recours gracieux aupr\u00e8s du directeur g\u00e9n\u00e9ral de l'agence \nr\u00e9gionale de sant\u00e9 de Bourgogne -Franche-Comt\u00e9, d'un recours hi\u00e9rarchique aupr\u00e8s du ministre en charge de la \nSant\u00e9 ou d'un recours contentieux aupr\u00e8s du tribunal administratif comp\u00e9tent dans un d\u00e9lai de deux mois \u00e0 \ncompter de la notification de la pr\u00e9sente d\u00e9cision au demandeur. A l'\u00e9gard des tiers, ce d\u00e9lai court \u00e0 compter de \nla publication aux recueils des actes administratifs de la pr\u00e9fecture de la r\u00e9gion  Bourgogne-Franche-Comt\u00e9 et de \nla pr\u00e9fecture du d\u00e9partement de la C\u00f4te d'Or. Le tribunal administratif peut \u00eatre saisi par l'application T\u00e9l\u00e9recours \ncitoyens accessible par le site www.telerecours.fr.  \n \nArticle 6 : La directrice de l'organisation des soins et de l'autonomie de l'ARS de Bourgogne-Franche-Comt\u00e9 est \ncharg\u00e9e de l'ex\u00e9cution de la pr\u00e9sente d\u00e9cision qui sera publi\u00e9e au recueil des actes administratifs de la pr\u00e9fecture \nde la r\u00e9gion Bourgogne-Franche-Comt\u00e9 et au recueil des actes administratifs de la pr\u00e9fecture du d\u00e9partement de \nla C\u00f4te d'Or. Elle sera notifi\u00e9e \u00e0 Monsieur Matthieu ENGGASSER, directeur de zone au sein de la  SA VitalAire, \nainsi que : \n \n\u2022 \u00e0 la directrice g\u00e9n\u00e9rale de l'agence r\u00e9gionale de sant\u00e9 du Grand Est ; \n\u2022 au pr\u00e9sident du conseil central de la Section D de l'Ordre national des pharmaciens  ; \n\u2022 aux caisses d'assurance-maladie du r\u00e9gime g\u00e9n\u00e9ral et de la mutualit\u00e9 sociale agricole.  \n    \n    Fait \u00e0 DIJON, le 18 octobre 2024 \n \n   Pour le directeur g\u00e9n\u00e9ral, \n La directrice de l'organisation des soins et \n de l'autonomie, \n     \n \n \n \n \n \n   Anne-Laure MOSER-MOULAA \n \n      \nARS Bourgogne-Franche-Comt\u00e9 - 21-2024-10-18-00002 - D\u00e9cision n\u00b0 ARS-BFC-DOSA 2024-1761\nportant modification de la d\u00e9cision du directeur g\u00e9n\u00e9ral de l'agence r\u00e9gionale de sant\u00e9 de Bourgogne-Franche-Comt\u00e9 n\u00b0\nDOS/ASPU/239/2017, en date du 08 d\u00e9cembre 2017, portant autorisation de dispensation \u00e0 domicile d'oxyg\u00e8ne \u00e0 usage m\u00e9dical de la\nsoci\u00e9t\u00e9 anonyme (S.A.) \u00ab VitalAire \u00bb pour son site de rattachement sis rue des Grandes Varennes \u00e0 AHUY (21 121)\n5\nDirection d\u00e9partementale de l'emploi, du travail\net des solidarit\u00e9s de C\u00f4te-d'Or\n21-2024-10-14-00002\n21 - D\u00e9cision affectation agents en UC \n2024-11-01\nDirection d\u00e9partementale de l'emploi, du travail et des solidarit\u00e9s de C\u00f4te-d'Or - 21-2024-10-14-00002 - 21 - D\u00e9cision affectation\nagents en UC  2024-11-01 6\n  \n \nDirection d\u00e9partementale  \nde l'emploi, du travail \net des solidarit\u00e9s de C\u00f4te d'Or \n \n \nD\u00e9cision portant affectation des agents de contr\u00f4le dans les unit\u00e9s de contr\u00f4le de C\u00f4te d'Or et \ngestion des int\u00e9rims  \n \nLe Directeur r\u00e9gional de l'\u00e9conomie, de l'emploi, du travail et des solidarit\u00e9s de la r\u00e9gion \nBourgogne-Franche-Comt\u00e9 \n \nVu le code du travail, notamment ses articles R. 8122-3 et suivants,  \nVu le d\u00e9cret n\u00b0 2020-1545 du 9 d\u00e9cembre 2020 relati f \u00e0 l'organisation et aux missions des directions \nr\u00e9gionales de l'\u00e9conomie, de l'emploi, du travail e t des solidarit\u00e9s, des directions d\u00e9partementales d e \nl'emploi, du travail et des solidarit\u00e9s et des dire ctions d\u00e9partementales de l'emploi, du travail, des  \nsolidarit\u00e9s et de la protection des populations, \nVu le d\u00e9cret n\u00b02021-124 du 5 f\u00e9vrier 2021 relatif \u00e0  la comp\u00e9tence de l'inspection du travail dans les \n\u00e9tablissements et ouvrages des am\u00e9nagements hydro\u00e9l ectriques conc\u00e9d\u00e9s ainsi que dans les mines et \ncarri\u00e8res, \nVu l'arr\u00eat\u00e9 minist\u00e9riel du 19 mars 2024 portant r\u00e9p artition des unit\u00e9s de contr\u00f4le de l'inspection du \ntravail, \nVu l'arr\u00eat\u00e9 du 12 juillet 2023 portant nomination de Monsieur Simon-Pierre EURY  en qualit\u00e9 de Directeur \nR\u00e9gional de l'Economie, de l'Emploi, du Travail et des Solidarit\u00e9s de la r\u00e9gion Bourgogne-Franche-Comt\u00e9, \nVu la d\u00e9cision du DREETS en date du 22 d\u00e9cembre 2023 relative \u00e0 la localisation et \u00e0 la d\u00e9limitation des \nunit\u00e9s de contr\u00f4le et des sections d'inspection du travail pour la r\u00e9gion Bourgogne-Franche-Comt\u00e9, \n \nDECIDE \n \nArticle 1 :  \nSont nomm\u00e9s comme responsables des unit\u00e9s de contr\u00f4 le de la direction d\u00e9partementale de l'emploi, \ndu travail et des solidarit\u00e9s de C\u00f4te d'Or les agents suivants : \n- Unit\u00e9 de contr\u00f4le n\u00b0 1 : Madame THIRION Marie , \n- Unit\u00e9 de contr\u00f4le n\u00b0 2 : Monsieur GASSER Pierre. \n \nArticle 2 :  \nSans pr\u00e9judice des dispositions de l'article R. 812 2-10-I du code du travail et conform\u00e9ment aux \ndispositions de l'article R. 8122-11 du code du tra vail, sont affect\u00e9s dans les sections d'inspection de la \ndirection d\u00e9partementale de l'emploi, du travail et des solidarit\u00e9s de C\u00f4te d'Or les agents suivants : \n \n1.  Unit\u00e9 de contr\u00f4le n\u00b0 1 \n \n- section 1 : Madame BERTHENET Emilie, Inspectrice du travail . \nElle est en outre comp\u00e9tente sur cette section pour  prendre les d\u00e9cisions relevant de la comp\u00e9tence \nexclusive de l'inspecteur du travail en vertu de dispositions l\u00e9gislatives ou r\u00e9glementaires. \n \n- section 2 : Madame BOURILLOT Marianne, Inspectrice du travail . \nElle est en outre comp\u00e9tente sur cette section pour  prendre les d\u00e9cisions relevant de la comp\u00e9tence \nexclusive de l'inspecteur du travail en vertu de dispositions l\u00e9gislatives ou r\u00e9glementaires. \n \n- section 3 : Madame TRIMBALET Sandrine, Inspectrice du travail . \nElle est en outre comp\u00e9tente sur cette section pour  prendre les d\u00e9cisions relevant de la comp\u00e9tence \nexclusive de l'inspecteur du travail en vertu de dispositions l\u00e9gislatives ou r\u00e9glementaires. \n \n- section 4 : Monsieur SKURAS Sylvain, Inspecteur du travail . \nIl est en outre comp\u00e9tent sur cette section pour pr endre les d\u00e9cisions relevant de la comp\u00e9tence \nexclusive de l'inspecteur du travail en vertu de dispositions l\u00e9gislatives ou r\u00e9glementaires. \n \nDirection d\u00e9partementale de l'emploi, du travail et des solidarit\u00e9s de C\u00f4te-d'Or - 21-2024-10-14-00002 - 21 - D\u00e9cision affectation\nagents en UC  2024-11-01 7\n \n \n \n \n2 \n- section 5 : Madame DESPRES C\u00e9line, Inspectrice du travail . \nElle est en outre comp\u00e9tente sur cette section pour  prendre les d\u00e9cisions relevant de la comp\u00e9tence \nexclusive de l'inspecteur du travail en vertu de dispositions l\u00e9gislatives ou r\u00e9glementaires. \n \n- section 6 : Madame LUQUIN Sandrine, Inspectrice du travail . \nElle est en outre comp\u00e9tente sur cette section pour  prendre les d\u00e9cisions relevant de la comp\u00e9tence \nexclusive de l'inspecteur du travail en vertu de dispositions l\u00e9gislatives ou r\u00e9glementaires. \n \n- section 7 : Madame BERTIN M\u00e9lanie, Inspectrice du travail.  \nElle est en outre comp\u00e9tente sur cette section pour  prendre les d\u00e9cisions relevant de la comp\u00e9tence \nexclusive de l'inspecteur du travail en vertu de dispositions l\u00e9gislatives ou r\u00e9glementaires. \n \n- section 8 : Madame GEOFFROY Carole, Inspectrice du travail. \nElle est en outre comp\u00e9tente sur cette section pour  prendre les d\u00e9cisions relevant de la comp\u00e9tence \nexclusive de l'inspecteur du travail en vertu de dispositions l\u00e9gislatives ou r\u00e9glementaires. \n \n2.  Unit\u00e9 de contr\u00f4le n\u00b0 2 \n \n-  section 9 : Monsieur LECOMTE Jean-Fran\u00e7ois, inspecteur du travail. \nIl est en outre comp\u00e9tent sur cette section pour pr endre les d\u00e9cisions relevant de la comp\u00e9tence \nexclusive de l'inspecteur du travail en vertu de dispositions l\u00e9gislatives ou r\u00e9glementaires. \n \n- section 10 : Monsieur COUVAL Fabrice, Inspecteur du travail . \nIl est en outre comp\u00e9tent sur cette section pour pr endre les d\u00e9cisions relevant de la comp\u00e9tence \nexclusive de l'inspecteur du travail en vertu de dispositions l\u00e9gislatives ou r\u00e9glementaires. \n \n- section 11 : Madame JENAKI Margaux, Inspectrice du travail . \nElle est en outre comp\u00e9tente sur cette section pour  prendre les d\u00e9cisions relevant de la comp\u00e9tence \nexclusive de l'inspecteur du travail en vertu de dispositions l\u00e9gislatives ou r\u00e9glementaires. \n \n- section 12 : Madame COLLIGNON Lisa, Inspectrice du travail. \nElle est en outre comp\u00e9tente sur cette section pour  prendre les d\u00e9cisions relevant de la comp\u00e9tence \nexclusive de l'inspecteur du travail en vertu de dispositions l\u00e9gislatives ou r\u00e9glementaires. \n \n- section 13  : Madame LUDMANN Anne, Inspectrice du travail. \nElle est en outre comp\u00e9tente sur cette section pour  prendre les d\u00e9cisions relevant de la comp\u00e9tence \nexclusive de l'inspecteur du travail en vertu de dispositions l\u00e9gislatives ou r\u00e9glementaires. \n \n- section 14 : Monsieur FRAN\u00c7AIS Olivier, Inspecteur du travail . \nIl est en outre comp\u00e9tent sur cette section pour pr endre les d\u00e9cisions relevant de la comp\u00e9tence \nexclusive de l'inspecteur du travail en vertu de dispositions l\u00e9gislatives ou r\u00e9glementaires. \n \n- section 15 : Monsieur MOREY J\u00e9r\u00e9my, Inspecteur du travail . \nIl est en outre comp\u00e9tent sur cette section pour pr endre les d\u00e9cisions relevant de la comp\u00e9tence \nexclusive de l'inspecteur du travail en vertu de dispositions l\u00e9gislatives ou r\u00e9glementaires \n \n- section 16 : Madame MAGUET Sylvie, Inspectrice du travail . \nElle est en outre comp\u00e9tente sur cette section pour  prendre les d\u00e9cisions relevant de la comp\u00e9tence \nexclusive de l'inspecteur du travail en vertu de dispositions l\u00e9gislatives ou r\u00e9glementaires. \nArticle 3 :  \nEn cas d'absence ou d'emp\u00eachement d'un ou plusieurs agents de contr\u00f4le d\u00e9sign\u00e9s \u00e0 l'article 2, l'int\u00e9rim \nest organis\u00e9 selon les modalit\u00e9s ci \u2013 apr\u00e8s :  \n \n1.  Unit\u00e9 de contr\u00f4le n\u00b0 1 \n- section 1 : l'int\u00e9rim est assur\u00e9 par l'inspecteur du travail de  la section 9  \nou, en cas d'absence ou d'emp\u00eachement de ce dernier , par l'inspecteur du travail de la section 6  \nou, en cas d'absence ou d'emp\u00eachement de ce dernier , par l'inspecteur du travail de la section 2  \nou, en cas d'absence ou d'emp\u00eachement de ce dernier , par l'inspecteur du travail de la section 3  \nou, en cas d'absence ou d'emp\u00eachement de ce dernier , par l'inspecteur du travail de la section 4  \nou, en cas d'absence ou d'emp\u00eachement de ce dernier , par l'inspecteur du travail de la section 5  \nou, en cas d'absence ou d'emp\u00eachement de ce dernier , par l'inspecteur du travail de la section 7  \nou, en cas d'absence ou d'emp\u00eachement de ce dernier , par l'inspecteur du travail de la section 8  \nou, en cas d'absence ou d'emp\u00eachement de ce dernier , par l'inspecteur du travail de la section 16  \nDirection d\u00e9partementale de l'emploi, du travail et des solidarit\u00e9s de C\u00f4te-d'Or - 21-2024-10-14-00002 - 21 - D\u00e9cision affectation\nagents en UC  2024-11-01 8\n \n \n \n \n3 \nou, en cas d'absence ou d'emp\u00eachement de ce dernier , par l'inspecteur du travail de la section 15  \nou, en cas d'absence ou d'emp\u00eachement de ce dernier , par l'inspecteur du travail de la section 14  \nou, en cas d'absence ou d'emp\u00eachement de ce dernier , par l'inspecteur du travail de la section 13  \nou, en cas d'absence ou d'emp\u00eachement de ce dernier , par l'inspecteur du travail de la section 12  \nou, en cas d'absence ou d'emp\u00eachement de ce dernier , par l'inspecteur du travail de la section 11  \nou, en cas d'absence ou d'emp\u00eachement de ce dernier, par l'inspecteur du travail de la section 10. \n- section 2 : l'int\u00e9rim est assur\u00e9 par l'inspecteur du travail de  la section 3  \nou, en cas d'absence ou d'emp\u00eachement de ce dernier , par l'inspecteur du travail de la section 8  \nou, en cas d'absence ou d'emp\u00eachement de ce dernier , par l'inspecteur du travail de la section 1  \nou, en cas d'absence ou d'emp\u00eachement de ce dernier , par l'inspecteur du travail de la section 4  \nou, en cas d'absence ou d'emp\u00eachement de ce dernier , par l'inspecteur du travail de la section 5  \nou, en cas d'absence ou d'emp\u00eachement de ce dernier , par l'inspecteur du travail de la section 7  \nou, en cas d'absence ou d'emp\u00eachement de ce dernier , par l'inspecteur du travail de la section 6  \nou, en cas d'absence ou d'emp\u00eachement de ce dernier , par l'inspecteur du travail de la section 16  \nou, en cas d'absence ou d'emp\u00eachement de ce dernier , par l'inspecteur du travail de la section 15  \nou, en cas d'absence ou d'emp\u00eachement de ce dernier , par l'inspecteur du travail de la section 14  \nou, en cas d'absence ou d'emp\u00eachement de ce dernier , par l'inspecteur du travail de la section 13  \nou, en cas d'absence ou d'emp\u00eachement de ce dernier , par l'inspecteur du travail de la section 12  \nou, en cas d'absence ou d'emp\u00eachement de ce dernier , par l'inspecteur du travail de la section 11  \nou, en cas d'absence ou d'emp\u00eachement de ce dernier , par l'inspecteur du travail de la section 10  \nou, en cas d'absence ou d'emp\u00eachement de ce dernier, par l'inspecteur du travail de la section 9. \n- section 3 : l'int\u00e9rim est assur\u00e9 par l'inspecteur du travail de  la section 2  \nou, en cas d'absence ou d'emp\u00eachement de ce dernier , par l'inspecteur du travail de la section 7  \nou, en cas d'absence ou d'emp\u00eachement de ce dernier , par l'inspecteur du travail de la section 4  \nou, en cas d'absence ou d'emp\u00eachement de ce dernier , par l'inspecteur du travail de la section 5  \nou, en cas d'absence ou d'emp\u00eachement de ce dernier , par l'inspecteur du travail de la section 6  \nou, en cas d'absence ou d'emp\u00eachement de ce dernier , par l'inspecteur du travail de la section 8  \nou, en cas d'absence ou d'emp\u00eachement de ce dernier , par l'inspecteur du travail de la section 1  \nou, en cas d'absence ou d'emp\u00eachement de ce dernier , par l'inspecteur du travail de la section 15  \nou, en cas d'absence ou d'emp\u00eachement de ce dernier , par l'inspecteur du travail de la section 14  \nou, en cas d'absence ou d'emp\u00eachement de ce dernier , par l'inspecteur du travail de la section 13  \nou, en cas d'absence ou d'emp\u00eachement de ce dernier , par l'inspecteur du travail de la section 12  \nou, en cas d'absence ou d'emp\u00eachement de ce dernier , par l'inspecteur du travail de la section 16  \nou, en cas d'absence ou d'emp\u00eachement de ce dernier , par l'inspecteur du travail de la section 10  \nou, en cas d'absence ou d'emp\u00eachement de ce dernier , par l'inspecteur du travail de la section 9  \nou, en cas d'absence ou d'emp\u00eachement de ce dernier, par l'inspecteur du travail de la section 11. \n- section 4 : l'int\u00e9rim est assur\u00e9 par l'inspecteur du travail de  la section 16  \nou, en cas d'absence ou d'emp\u00eachement de ce dernier , par l'inspecteur du travail de la section 5  \nou, en cas d'absence ou d'emp\u00eachement de ce dernier , par l'inspecteur du travail de la section 3  \nou, en cas d'absence ou d'emp\u00eachement de ce dernier , par l'inspecteur du travail de la section 1  \nou, en cas d'absence ou d'emp\u00eachement de ce dernier , par l'inspecteur du travail de la section 7  \nou, en cas d'absence ou d'emp\u00eachement de ce dernier , par l'inspecteur du travail de la section 6  \nou, en cas d'absence ou d'emp\u00eachement de ce dernier , par l'inspecteur du travail de la section 2  \nou, en cas d'absence ou d'emp\u00eachement de ce dernier , par l'inspecteur du travail de la section 14  \nou, en cas d'absence ou d'emp\u00eachement de ce dernier , par l'inspecteur du travail de la section 13  \nou, en cas d'absence ou d'emp\u00eachement de ce dernier , par l'inspecteur du travail de la section 12  \nou, en cas d'absence ou d'emp\u00eachement de ce dernier , par l'inspecteur du travail de la section 11  \nou, en cas d'absence ou d'emp\u00eachement de ce dernier , par l'inspecteur du travail de la section 10  \nou, en cas d'absence ou d'emp\u00eachement de ce dernier , par l'inspecteur du travail de la section 9  \nou, en cas d'absence ou d'emp\u00eachement de ce dernier , par l'inspecteur du travail de la section 15  \nou, en cas d'absence ou d'emp\u00eachement de ce dernier, par l'inspecteur du travail de la section 8. \n- section 5 : l'int\u00e9rim est assur\u00e9 par l'inspecteur du travail de  la section 6  \nou, en cas d'absence ou d'emp\u00eachement de ce dernier , par l'inspecteur du travail de la section 1  \nou, en cas d'absence ou d'emp\u00eachement de ce dernier , par l'inspecteur du travail de la section 7  \nou, en cas d'absence ou d'emp\u00eachement de ce dernier , par l'inspecteur du travail de la section 2  \nou, en cas d'absence ou d'emp\u00eachement de ce dernier , par l'inspecteur du travail de la section 8  \nou, en cas d'absence ou d'emp\u00eachement de ce dernier , par l'inspecteur du travail de la section 3  \nDirection d\u00e9partementale de l'emploi, du travail et des solidarit\u00e9s de C\u00f4te-d'Or - 21-2024-10-14-00002 - 21 - D\u00e9cision affectation\nagents en UC  2024-11-01 9\n \n \n \n \n4 \nou, en cas d'absence ou d'emp\u00eachement de ce dernier , par l'inspecteur du travail de la section 15  \nou, en cas d'absence ou d'emp\u00eachement de ce dernier , par l'inspecteur du travail de la section 13  \nou, en cas d'absence ou d'emp\u00eachement de ce dernier , par l'inspecteur du travail de la section 12  \nou, en cas d'absence ou d'emp\u00eachement de ce dernier , par l'inspecteur du travail de la section 11  \nou, en cas d'absence ou d'emp\u00eachement de ce dernier , par l'inspecteur du travail de la section 10  \nou, en cas d'absence ou d'emp\u00eachement de ce dernier , par l'inspecteur du travail de la section 9  \nou, en cas d'absence ou d'emp\u00eachement de ce dernier , par l'inspecteur du travail de la section 16  \nou, en cas d'absence ou d'emp\u00eachement de ce dernier , par l'inspecteur du travail de la section 14  \nou, en cas d'absence ou d'emp\u00eachement de ce dernier, par l'inspecteur du travail de la section 4. \n- section 6 : l'int\u00e9rim est assur\u00e9 par l'inspecteur du travail de  la section 5  \nou, en cas d'absence ou d'emp\u00eachement de ce dernier , par l'inspecteur du travail de la section 4  \nou, en cas d'absence ou d'emp\u00eachement de ce dernier , par l'inspecteur du travail de la section 8  \nou, en cas d'absence ou d'emp\u00eachement de ce dernier , par l'inspecteur du travail de la section 7  \nou, en cas d'absence ou d'emp\u00eachement de ce dernier , par l'inspecteur du travail de la section 1  \nou, en cas d'absence ou d'emp\u00eachement de ce dernier , par l'inspecteur du travail de la section 2  \nou, en cas d'absence ou d'emp\u00eachement de ce dernier , par l'inspecteur du travail de la section 3  \nou, en cas d'absence ou d'emp\u00eachement de ce dernier , par l'inspecteur du travail de la section 12  \nou, en cas d'absence ou d'emp\u00eachement de ce dernier , par l'inspecteur du travail de la section 11  \nou, en cas d'absence ou d'emp\u00eachement de ce dernier , par l'inspecteur du travail de la section 10  \nou, en cas d'absence ou d'emp\u00eachement de ce dernier , par l'inspecteur du travail de la section 9  \nou, en cas d'absence ou d'emp\u00eachement de ce dernier , par l'inspecteur du travail de la section 14  \nou, en cas d'absence ou d'emp\u00eachement de ce dernier , par l'inspecteur du travail de la section 15  \nou, en cas d'absence ou d'emp\u00eachement de ce dernier , par l'inspecteur du travail de la section 16  \nou, en cas d'absence ou d'emp\u00eachement de ce dernier, par l'inspecteur du travail de la section 13. \nDirection d\u00e9partementale de l'emploi, du travail et des solidarit\u00e9s de C\u00f4te-d'Or - 21-2024-10-14-00002 - 21 - D\u00e9cision affectation\nagents en UC  2024-11-01 10\n \n \n \n \n5 \n- section 7 :  \n- en ce qui concerne les professions agricoles et leu rs fili\u00e8res tels que mentionn\u00e9s dans la d\u00e9cision \nr\u00e9gionale du 22 d\u00e9cembre 2023 l'industrie, le commerce, les services, le transports (\u00e0 l'exception \nde la SNCF), situ\u00e9s sur cette section , l'int\u00e9rim est assur\u00e9 par l'inspecteur du travail de la section 8  \nou, en cas d'absence ou d'emp\u00eachement de ce dernier , par l'inspecteur du travail de la section 3  \nou, en cas d'absence ou d'emp\u00eachement de ce dernier , par l'inspecteur du travail de la section 5  \nou, en cas d'absence ou d'emp\u00eachement de ce dernier , par l'inspecteur du travail de la section 6  \nou, en cas d'absence ou d'emp\u00eachement de ce dernier , par l'inspecteur du travail de la section 2  \nou, en cas d'absence ou d'emp\u00eachement de ce dernier , par l'inspecteur du travail de la section 4  \nou, en cas d'absence ou d'emp\u00eachement de ce dernier, par l'inspecteur du travail de la section 10  \nou, en cas d'absence ou d'emp\u00eachement de ce dernier, par l'inspecteur du travail de la section 11  \nou, en cas d'absence ou d'emp\u00eachement de ce dernier , par l'inspecteur du travail de la section 1  \nou, en cas d'absence ou d'emp\u00eachement de ce dernier , par l'inspecteur du travail de la section 9  \nou, en cas d'absence ou d'emp\u00eachement de ce dernier, par l'inspecteur du travail de la section 16  \nou, en cas d'absence ou d'emp\u00eachement de ce dernier, par l'inspecteur du travail de la section 15  \nou, en cas d'absence ou d'emp\u00eachement de ce dernier, par l'inspecteur du travail de la section 13  \nou, en cas d'absence ou d'emp\u00eachement de ce dernier, par l'inspecteur du travail de la section 12  \nou, en cas d'absence ou d'emp\u00eachement de ce dernier, par l'inspecteur du travail de la section 14. \n- en ce qui concerne les mines et carri\u00e8res situ\u00e9es s ur le territoire des sections 1 \u00e0 8 et leurs \nd\u00e9pendances ainsi que pour les entreprises ext\u00e9rieures intervenant au sein de ces \u00e9tablissements , \nl'int\u00e9rim pour ces entreprise est effectu\u00e9 par l'in specteur du travail de la section 10  \nou, en cas d'emp\u00eachement de ce dernier, par l'inspe cteur du travail de la section 8  \nou, en cas d'absence ou d'emp\u00eachement de ce dernier , par l'inspecteur du travail de la section 3  \nou, en cas d'absence ou d'emp\u00eachement de ce dernier , par l'inspecteur du travail de la section 5  \nou, en cas d'absence ou d'emp\u00eachement de ce dernier , par l'inspecteur du travail de la section 6  \nou, en cas d'absence ou d'emp\u00eachement de ce dernier , par l'inspecteur du travail de la section 2  \nou, en cas d'absence ou d'emp\u00eachement de ce dernier , par l'inspecteur du travail de la section 4  \nou, en cas d'absence ou d'emp\u00eachement de ce dernier, par l'inspecteur du travail de la section 11  \nou, en cas d'absence ou d'emp\u00eachement de ce dernier , par l'inspecteur du travail de la section 1  \nou, en cas d'absence ou d'emp\u00eachement de ce dernier , par l'inspecteur du travail de la section 9  \nou, en cas d'absence ou d'emp\u00eachement de ce dernier, par l'inspecteur du travail de la section 16  \nou, en cas d'absence ou d'emp\u00eachement de ce dernier, par l'inspecteur du travail de la section 15  \nou, en cas d'absence ou d'emp\u00eachement de ce dernier, par l'inspecteur du travail de la section 13  \nou, en cas d'absence ou d'emp\u00eachement de ce dernier, par l'inspecteur du travail de la section 12  \nou, en cas d'absence ou d'emp\u00eachement de ce dernier, par l'inspecteur du travail de la section 14. \n- section 8 : l'int\u00e9rim est assur\u00e9 par l'inspecteur du travail de  la section 7  \nou, en cas d'absence ou d'emp\u00eachement de ce dernier , par l'inspecteur du travail de la section 2  \nou, en cas d'absence ou d'emp\u00eachement de ce dernier , par l'inspecteur du travail de la section 6  \nou, en cas d'absence ou d'emp\u00eachement de ce dernier , par l'inspecteur du travail de la section 12  \nou, en cas d'absence ou d'emp\u00eachement de ce dernier , par l'inspecteur du travail de la section 3  \nou, en cas d'absence ou d'emp\u00eachement de ce dernier , par l'inspecteur du travail de la section 1  \nou, en cas d'absence ou d'emp\u00eachement de ce dernier , par l'inspecteur du travail de la section 13  \nou, en cas d'absence ou d'emp\u00eachement de ce dernier , par l'inspecteur du travail de la section 10  \nou, en cas d'absence ou d'emp\u00eachement de ce dernier , par l'inspecteur du travail de la section 9  \nou, en cas d'absence ou d'emp\u00eachement de ce dernier , par l'inspecteur du travail de la section 16  \nou, en cas d'absence ou d'emp\u00eachement de ce dernier , par l'inspecteur du travail de la section 15  \nou, en cas d'absence ou d'emp\u00eachement de ce dernier , par l'inspecteur du travail de la section 11  \nou, en cas d'absence ou d'emp\u00eachement de ce dernier , par l'inspecteur du travail de la section 14  \nou, en cas d'absence ou d'emp\u00eachement de ce dernier , par l'inspecteur du travail de la section 4  \nou, en cas d'absence ou d'emp\u00eachement de ce dernier, par l'inspecteur du travail de la section 5. \n2.  Unit\u00e9 de contr\u00f4le n\u00b0 2 \n-  Section 9  : l'int\u00e9rim est assur\u00e9 par l'inspecteur du travail  de la section 1  \nou, en cas d'absence ou d'emp\u00eachement de ce dernier , par l'inspecteur du travail de la section 11  \nou, en cas d'absence ou d'emp\u00eachement de ce dernier , par l'inspecteur du travail de la section 12  \nou, en cas d'absence ou d'emp\u00eachement de ce dernier , par l'inspecteur du travail de la section 16  \nou, en cas d'absence ou d'emp\u00eachement de ce dernier , par l'inspecteur du travail de la section 14  \nou, en cas d'absence ou d'emp\u00eachement de ce dernier , par l'inspecteur du travail de la section 13  \nDirection d\u00e9partementale de l'emploi, du travail et des solidarit\u00e9s de C\u00f4te-d'Or - 21-2024-10-14-00002 - 21 - D\u00e9cision affectation\nagents en UC  2024-11-01 11\n \n \n \n \n6 \nou, en cas d'absence ou d'emp\u00eachement de ce dernier , par l'inspecteur du travail de la section 8  \nou, en cas d'absence ou d'emp\u00eachement de ce dernier , par l'inspecteur du travail de la section 7  \nou, en cas d'absence ou d'emp\u00eachement de ce dernier , par l'inspecteur du travail de la section 10  \nou, en cas d'absence ou d'emp\u00eachement de ce dernier , par l'inspecteur du travail de la section 4  \nou, en cas d'absence ou d'emp\u00eachement de ce dernier , par l'inspecteur du travail de la section 6  \nou, en cas d'absence ou d'emp\u00eachement de ce dernier , par l'inspecteur du travail de la section 5  \nou, en cas d'absence ou d'emp\u00eachement de ce dernier , par l'inspecteur du travail de la section 3  \nou, en cas d'absence ou d'emp\u00eachement de ce dernier , par l'inspecteur du travail de la section 2  \nou, en cas d'absence ou d'emp\u00eachement de ce dernier, par l'inspecteur du travail de la section 15. \n-  Section 10 : \n- en ce qui concerne l'industrie, le commerce, les se rvices, le transports (\u00e0 l'exception de la \nSNCF) ,situ\u00e9s sur cette section , l'int\u00e9rim est assur\u00e9 par l'inspecteur du travail de la section 11  \nou, en cas d'absence ou d'emp\u00eachement de ce dernier , par l'inspecteur du travail de la section 9  \nou, en cas d'absence ou d'emp\u00eachement de ce dernier, par l'inspecteur du travail de la section 14  \nou, en cas d'absence ou d'emp\u00eachement de ce dernier , par l'inspecteur du travail de la section 8  \nou, en cas d'absence ou d'emp\u00eachement de ce dernier, par l'inspecteur du travail de la section 13  \nou, en cas d'absence ou d'emp\u00eachement de ce dernier, par l'inspecteur du travail de la section 15  \nou, en cas d'absence ou d'emp\u00eachement de ce dernier, par l'inspecteur du travail de la section 16  \nou, en cas d'absence ou d'emp\u00eachement de ce dernier , par l'inspecteur du travail de la section 6  \nou, en cas d'absence ou d'emp\u00eachement de ce dernier , par l'inspecteur du travail de la section 4  \nou, en cas d'absence ou d'emp\u00eachement de ce dernier , par l'inspecteur du travail de la section 3  \nou, en cas d'absence ou d'emp\u00eachement de ce dernier , par l'inspecteur du travail de la section 5  \nou, en cas d'absence ou d'emp\u00eachement de ce dernier , par l'inspecteur du travail de la section 7  \nou, en cas d'absence ou d'emp\u00eachement de ce dernier , par l'inspecteur du travail de la section 2  \nou, en cas d'absence ou d'emp\u00eachement de ce dernier , par l'inspecteur du travail de la section 1  \nou, en cas d'absence ou d'emp\u00eachement de ce dernier, par l'inspecteur du travail de la section 12. \n- en ce qui concerne les mines et carri\u00e8res situ\u00e9es s ur le territoire des sections 9 \u00e0 16 et leurs \nd\u00e9pendances ainsi que pour les entreprises ext\u00e9rieures intervenant au sein de ces \u00e9tablissements , \nl'int\u00e9rim est effectu\u00e9 par l'inspecteur du travail de la section 7  \nou, en cas d'absence ou d'emp\u00eachement de ce dernier, par l'inspecteur du travail de la section 11  \nou, en cas d'absence ou d'emp\u00eachement de ce dernier , par l'inspecteur du travail de la section 9  \nou, en cas d'absence ou d'emp\u00eachement de ce dernier, par l'inspecteur du travail de la section 14  \nou, en cas d'absence ou d'emp\u00eachement de ce dernier , par l'inspecteur du travail de la section 8  \nou, en cas d'absence ou d'emp\u00eachement de ce dernier, par l'inspecteur du travail de la section 13  \nou, en cas d'absence ou d'emp\u00eachement de ce dernier, par l'inspecteur du travail de la section 15  \nou, en cas d'absence ou d'emp\u00eachement de ce dernier, par l'inspecteur du travail de la section 16  \nou, en cas d'absence ou d'emp\u00eachement de ce dernier , par l'inspecteur du travail de la section 6  \nou, en cas d'absence ou d'emp\u00eachement de ce dernier , par l'inspecteur du travail de la section 4  \nou, en cas d'absence ou d'emp\u00eachement de ce dernier , par l'inspecteur du travail de la section 3  \nou, en cas d'absence ou d'emp\u00eachement de ce dernier , par l'inspecteur du travail de la section 5  \nou, en cas d'absence ou d'emp\u00eachement de ce dernier , par l'inspecteur du travail de la section 2  \nou, en cas d'absence ou d'emp\u00eachement de ce dernier , par l'inspecteur du travail de la section 1  \nou, en cas d'absence ou d'emp\u00eachement de ce dernier, par l'inspecteur du travail de la section 12.  \n- Section 11  : l'int\u00e9rim est assur\u00e9 par l'inspecteur du travail  de la section 10  \nou, en cas d'absence ou d'emp\u00eachement de ce dernier , par l'inspecteur du travail de la section 12  \nou, en cas d'absence ou d'emp\u00eachement de ce dernier , par l'inspecteur du travail de la section 9  \nou, en cas d'absence ou d'emp\u00eachement de ce dernier , par l'inspecteur du travail de la section 13  \nou, en cas d'absence ou d'emp\u00eachement de ce dernier , par l'inspecteur du travail de la section 15  \nou, en cas d'absence ou d'emp\u00eachement de ce dernier , par l'inspecteur du travail de la section 14  \nou, en cas d'absence ou d'emp\u00eachement de ce dernier , par l'inspecteur du travail de la section 4  \nou, en cas d'absence ou d'emp\u00eachement de ce dernier , par l'inspecteur du travail de la section 5  \nou, en cas d'absence ou d'emp\u00eachement de ce dernier , par l'inspecteur du travail de la section 3  \nou, en cas d'absence ou d'emp\u00eachement de ce dernier , par l'inspecteur du travail de la section 2  \nou, en cas d'absence ou d'emp\u00eachement de ce dernier , par l'inspecteur du travail de la section 1  \nou, en cas d'absence ou d'emp\u00eachement de ce dernier , par l'inspecteur du travail de la section 8  \nou, en cas d'absence ou d'emp\u00eachement de ce dernier , par l'inspecteur du travail de la section 7  \nou, en cas d'absence ou d'emp\u00eachement de ce dernier , par l'inspecteur du travail de la section 6  \nou, en cas d'absence ou d'emp\u00eachement de ce dernier, par l'inspecteur du travail de la section 16. \nDirection d\u00e9partementale de l'emploi, du travail et des solidarit\u00e9s de C\u00f4te-d'Or - 21-2024-10-14-00002 - 21 - D\u00e9cision affectation\nagents en UC  2024-11-01 12\n \n \n \n \n7 \n-  Section 12  : l'int\u00e9rim est assur\u00e9 par l'inspecteur du travail  de la section 13  \nou, en cas d'absence ou d'emp\u00eachement de ce dernier , par l'inspecteur du travail de la section 15  \nou, en cas d'absence ou d'emp\u00eachement de ce dernier , par l'inspecteur du travail de la section 11  \nou, en cas d'absence ou d'emp\u00eachement de ce dernier , par l'inspecteur du travail de la section 9  \nou, en cas d'absence ou d'emp\u00eachement de ce dernier , par l'inspecteur du travail de la section 10  \nou, en cas d'absence ou d'emp\u00eachement de ce dernier , par l'inspecteur du travail de la section 16  \nou, en cas d'absence ou d'emp\u00eachement de ce dernier , par l'inspecteur du travail de la section 14  \nou, en cas d'absence ou d'emp\u00eachement de ce dernier , par l'inspecteur du travail de la section 4  \nou, en cas d'absence ou d'emp\u00eachement de ce dernier , par l'inspecteur du travail de la section 5  \nou, en cas d'absence ou d'emp\u00eachement de ce dernier , par l'inspecteur du travail de la section 1  \nou, en cas d'absence ou d'emp\u00eachement de ce dernier , par l'inspecteur du travail de la section 8  \nou, en cas d'absence ou d'emp\u00eachement de ce dernier , par l'inspecteur du travail de la section 3  \nou, en cas d'absence ou d'emp\u00eachement de ce dernier , par l'inspecteur du travail de la section 6  \nou, en cas d'absence ou d'emp\u00eachement de ce dernier , par l'inspecteur du travail de la section 7  \nou, en cas d'absence ou d'emp\u00eachement de ce dernier, par l'inspecteur du travail de la section 2. \n-  Section 13  : l'int\u00e9rim est assur\u00e9 par l'inspecteur du travail  de la section 12  \nou, en cas d'absence ou d'emp\u00eachement de ce dernier , par l'inspecteur du travail de la section 14  \nou, en cas d'absence ou d'emp\u00eachement de ce dernier , par l'inspecteur du travail de la section 10  \nou, en cas d'absence ou d'emp\u00eachement de ce dernier , par l'inspecteur du travail de la section 15  \nou, en cas d'absence ou d'emp\u00eachement de ce dernier , par l'inspecteur du travail de la section 16  \nou, en cas d'absence ou d'emp\u00eachement de ce dernier , par l'inspecteur du travail de la section 11  \nou, en cas d'absence ou d'emp\u00eachement de ce dernier , par l'inspecteur du travail de la section 9  \nou, en cas d'absence ou d'emp\u00eachement de ce dernier , par l'inspecteur du travail de la section 3  \nou, en cas d'absence ou d'emp\u00eachement de ce dernier , par l'inspecteur du travail de la section 6  \nou, en cas d'absence ou d'emp\u00eachement de ce dernier , par l'inspecteur du travail de la section 7  \nou, en cas d'absence ou d'emp\u00eachement de ce dernier , par l'inspecteur du travail de la section 4  \nou, en cas d'absence ou d'emp\u00eachement de ce dernier , par l'inspecteur du travail de la section 2  \nou, en cas d'absence ou d'emp\u00eachement de ce dernier , par l'inspecteur du travail de la section 5  \nou, en cas d'absence ou d'emp\u00eachement de ce dernier , par l'inspecteur du travail de la section 8  \nou, en cas d'absence ou d'emp\u00eachement de ce dernier, par l'inspecteur du travail de la section 1. \n-  Section 14  : l'int\u00e9rim est assur\u00e9 par l'inspecteur du travail  de la section 15  \nou, en cas d'absence ou d'emp\u00eachement de ce dernier , par l'inspecteur du travail de la section 13  \nou, en cas d'absence ou d'emp\u00eachement de ce dernier , par l'inspecteur du travail de la section 16  \nou, en cas d'absence ou d'emp\u00eachement de ce dernier , par l'inspecteur du travail de la section 10  \nou, en cas d'absence ou d'emp\u00eachement de ce dernier , par l'inspecteur du travail de la section 11  \nou, en cas d'absence ou d'emp\u00eachement de ce dernier , par l'inspecteur du travail de la section 9  \nou, en cas d'absence ou d'emp\u00eachement de ce dernier , par l'inspecteur du travail de la section 12  \nou, en cas d'absence ou d'emp\u00eachement de ce dernier , par l'inspecteur du travail de la section 2  \nou, en cas d'absence ou d'emp\u00eachement de ce dernier , par l'inspecteur du travail de la section 7  \nou, en cas d'absence ou d'emp\u00eachement de ce dernier , par l'inspecteur du travail de la section 8  \nou, en cas d'absence ou d'emp\u00eachement de ce dernier , par l'inspecteur du travail de la section 3  \nou, en cas d'absence ou d'emp\u00eachement de ce dernier , par l'inspecteur du travail de la section 1  \nou, en cas d'absence ou d'emp\u00eachement de ce dernier , par l'inspecteur du travail de la section 4  \nou, en cas d'absence ou d'emp\u00eachement de ce dernier , par l'inspecteur du travail de la section 5  \nou, en cas d'absence ou d'emp\u00eachement de ce dernier, par l'inspecteur du travail de la section 6. \n-  Section 15  : l'int\u00e9rim est assur\u00e9 par l'inspecteur du travail  de la section 14  \nou, en cas d'absence ou d'emp\u00eachement de ce dernier , par l'inspecteur du travail de la section 16  \nou, en cas d'absence ou d'emp\u00eachement de ce dernier , par l'inspecteur du travail de la section 13  \nou, en cas d'absence ou d'emp\u00eachement de ce dernier , par l'inspecteur du travail de la section 11  \nou, en cas d'absence ou d'emp\u00eachement de ce dernier , par l'inspecteur du travail de la section 12  \nou, en cas d'absence ou d'emp\u00eachement de ce dernier , par l'inspecteur du travail de la section 10  \nou, en cas d'absence ou d'emp\u00eachement de ce dernier , par l'inspecteur du travail de la section 5  \nou, en cas d'absence ou d'emp\u00eachement de ce dernier , par l'inspecteur du travail de la section 9  \nou, en cas d'absence ou d'emp\u00eachement de ce dernier , par l'inspecteur du travail de la section 8  \nou, en cas d'absence ou d'emp\u00eachement de ce dernier , par l'inspecteur du travail de la section 6  \nou, en cas d'absence ou d'emp\u00eachement de ce dernier , par l'inspecteur du travail de la section 2  \nou, en cas d'absence ou d'emp\u00eachement de ce dernier , par l'inspecteur du travail de la section 4  \nou, en cas d'absence ou d'emp\u00eachement de ce dernier , par l'inspecteur du travail de la section 1  \nDirection d\u00e9partementale de l'emploi, du travail et des solidarit\u00e9s de C\u00f4te-d'Or - 21-2024-10-14-00002 - 21 - D\u00e9cision affectation\nagents en UC  2024-11-01 13\n \n \n \n \n8 \nou, en cas d'absence ou d'emp\u00eachement de ce dernier , par l'inspecteur du travail de la section 3  \nou, en cas d'absence ou d'emp\u00eachement de ce dernier, par l'inspecteur du travail de la section 7. \n-  Section 16  : l'int\u00e9rim est assur\u00e9 par l'inspecteur du travail  de la section 4  \nou, en cas d'absence ou d'emp\u00eachement de ce dernier , par l'inspecteur du travail de la section 10  \nou, en cas d'absence ou d'emp\u00eachement de ce dernier , par l'inspecteur du travail de la section 15  \nou, en cas d'absence ou d'emp\u00eachement de ce dernier , par l'inspecteur du travail de la section 14  \nou, en cas d'absence ou d'emp\u00eachement de ce dernier , par l'inspecteur du travail de la section 9  \nou, en cas d'absence ou d'emp\u00eachement de ce dernier , par l'inspecteur du travail de la section 12  \nou, en cas d'absence ou d'emp\u00eachement de ce dernier , par l'inspecteur du travail de la section 11  \nou, en cas d'absence ou d'emp\u00eachement de ce dernier , par l'inspecteur du travail de la section 1  \nou, en cas d'absence ou d'emp\u00eachement de ce dernier , par l'inspecteur du travail de la section 2  \nou, en cas d'absence ou d'emp\u00eachement de ce dernier , par l'inspecteur du travail de la section 5  \nou, en cas d'absence ou d'emp\u00eachement de ce dernier , par l'inspecteur du travail de la section 7  \nou, en cas d'absence ou d'emp\u00eachement de ce dernier , par l'inspecteur du travail de la section 6  \nou, en cas d'absence ou d'emp\u00eachement de ce dernier , par l'inspecteur du travail de la section 8  \nou, en cas d'absence ou d'emp\u00eachement de ce dernier , par l'inspecteur du travail de la section 13  \nou, en cas d'absence ou d'emp\u00eachement de ce dernier, par l'inspecteur du travail de la section 3. \n \nArticle 4 :  \nEn cas d'absence ou d'emp\u00eachement simultan\u00e9 de tous  les inspecteurs du travail affect\u00e9s en sections \nd'inspection faisant obstacle \u00e0 ce que l'int\u00e9rim soit assur\u00e9 selon les modalit\u00e9s de l'article 3, l'int\u00e9rim est \nassur\u00e9 par le responsable de l'unit\u00e9 de contr\u00f4le \u00e0 laquelle correspond la section consid\u00e9r\u00e9e et qui \ndispose des m\u00eames pr\u00e9rogatives et pouvoirs que les inspecteurs du travail, et en cas d'absence ou \nd'emp\u00eachement de celui-ci, par le responsable de l'autre unit\u00e9 de contr\u00f4le. \n \nArticle 5 :  \nLorsque les responsables des unit\u00e9s de contr\u00f4le app ortent un appui \u00e0 une op\u00e9ration collective de \ncontr\u00f4le men\u00e9e sur le territoire de l'unit\u00e9 dont il s sont responsables, ils disposent des m\u00eames pouvoi rs \net pr\u00e9rogatives que les inspecteurs du travail. \n \n \nArticle 6 : \nLe Directeur r\u00e9gional de l'\u00e9conomie, de l'emploi, d u travail et des solidarit\u00e9s de la r\u00e9gion \nBourgogne-Franche-Comt\u00e9 et le Directeur d\u00e9partement al de l'emploi, du travail et des solidarit\u00e9s de \nC\u00f4te d'Or sont charg\u00e9s de l'application de la pr\u00e9se nte d\u00e9cision qui sera publi\u00e9e au recueil des actes \nadministratifs de la pr\u00e9fecture de d\u00e9partement de C\u00f4te d'Or et entrera en vigueur le 1 \ner  novembre 2024. \n \n \n \nFait \u00e0 Besan\u00e7on, le 14 octobre 2024 \n \nLe Directeur r\u00e9gional de l'\u00e9conomie, de l'emploi, du travail \net des solidarit\u00e9s de la r\u00e9gion Bourgogne-Franche-Comt\u00e9 \n \nSIGN\u00c9 \n \nSimon-Pierre EURY   \n \n \n \nDirection d\u00e9partementale de l'emploi, du travail et des solidarit\u00e9s de C\u00f4te-d'Or - 21-2024-10-14-00002 - 21 - D\u00e9cision affectation\nagents en UC  2024-11-01 14\nDirection d\u00e9partementale des territoires de la\nC\u00f4te-d'Or\nService de l'eau et des risques\n21-2024-10-10-00011\nAP n\u00b0 1610 du 10 octobre 2024 portant\nd\u00e9claration d'int\u00e9r\u00eat g\u00e9n\u00e9ral et r\u00e9c\u00e9piss\u00e9 de\nd\u00e9claration pour les travaux de restauration de\npetite continuit\u00e9 \u00e9cologique sur le Revinson \u00e0\nEtalante.\nDirection d\u00e9partementale des territoires de la C\u00f4te-d'Or - 21-2024-10-10-00011 - AP n\u00b0 1610 du 10 octobre 2024 portant d\u00e9claration\nd'int\u00e9r\u00eat g\u00e9n\u00e9ral et r\u00e9c\u00e9piss\u00e9 de d\u00e9claration pour les travaux de restauration de petite continuit\u00e9 \u00e9cologique sur le Revinson \u00e0\nEtalante.\n15\nExPREFETDE LACOTE-D'ORL,z'bert\u00e9Egalit\u00e9Fraternit\u00e9\nDirection d\u00e9partementale des territoires\nde la C\u00f4te-d'Or\nAffaire suivie par : Vincent BOUGET\nService de l'eau et des risques\nBureau police de l'eau\nArr\u00eat\u00e9 pr\u00e9fectoral n\u00b0   1610 du 10 octobre 2024  portant d\u00e9claration d'int\u00e9r\u00eat g\u00e9n\u00e9ral et\nr\u00e9c\u00e9piss\u00e9 de d\u00e9claration pour les travaux de restauration de petite continuit\u00e9 \u00e9cologique\nsur le Revinson \u00e0 Etalante\nLe pr\u00e9fet de la C\u00f4te-d'Or\nVU la Directive Cadre Europ\u00e9enne sur l'Eau n\u00b0 2000/60/CE du 23 octobre 2000 \u00e9tablissant\nun cadre pour une politique communautaire dans le domaine de l'eau ;\nVU le code de l'environnement ;\nVU le code rural et de la p\u00eache maritime et notamment les articles L.151-36 \u00e0 L.151-40 ;\nVU les arr\u00eat\u00e9s pr\u00e9fectoraux du  10 octobre 1962  et du 2 5 septembre 1963 approuvant la\nliste des cours d'eau soumis \u00e0 la servitude de libre passage, pris en application du d\u00e9cret\nn\u00b059-96 du 7 janvier 1959 (bassin \u00ab Seine \u00bb en C\u00f4te-d'Or) ;\nVU  la loi du 29 d\u00e9cembre 1892 relative aux dommages caus\u00e9s \u00e0 la propri\u00e9t\u00e9 priv\u00e9e par\nl'ex\u00e9cution des travaux publics ;\nVU  le  sch\u00e9ma  directeur  d'am\u00e9nagement  et  de  gestion  des  eaux  (SDAGE)  Seine\nNormandie, approuv\u00e9 le 23 mars 2022  ;\nVU le d\u00e9cret n\u00b02005-115 du 7 f\u00e9vrier 2005 portant application des articles L.211-7 et L.213-\n10 du code de l'environnement et de l'article L.151-37-1 du code rural, relatif aux servitudes\nde libre passage ;\nVU l'arr\u00eat\u00e9 pr\u00e9fectoral n\u00b0 1526/SG du 2 octobre 2024 donnant d\u00e9l\u00e9gation de signature \u00e0\nMme Florence LAUBIER, directrice d\u00e9partementale des territoires de la C\u00f4te-d'Or ;\nVU l'arr\u00eat\u00e9 pr\u00e9fectoral n\u00b0 1547 du 4 octobre 2024 portant subd\u00e9l\u00e9gation de signature aux\nagents de la direction d\u00e9partementale de la C\u00f4te-d'Or ;\n1/8\nDirection d\u00e9partementale des territoires de la C\u00f4te-d'Or\n57 , rue de Mulhouse - BP 53317 - 21033 Dijon CEDEX\nT\u00e9l. : 03 80 29 44 44\nCourriel : ddt@cote-dor.gouv.fr - Site internet : http://www.cote-dor.gouv.fr\nDirection d\u00e9partementale des territoires de la C\u00f4te-d'Or - 21-2024-10-10-00011 - AP n\u00b0 1610 du 10 octobre 2024 portant d\u00e9claration\nd'int\u00e9r\u00eat g\u00e9n\u00e9ral et r\u00e9c\u00e9piss\u00e9 de d\u00e9claration pour les travaux de restauration de petite continuit\u00e9 \u00e9cologique sur le Revinson \u00e0\nEtalante.\n16\nVU la d\u00e9claration d'int\u00e9r\u00eat g\u00e9n\u00e9ral re\u00e7ue le 30 ao\u00fbt 2024 pr\u00e9sent\u00e9e par l'EPAGE SEQUANA\nrelative aux   travaux de restauration de petite continuit\u00e9 \u00e9cologique sur le Revinson \u00e0\nEtalante ;\nVU l'avis favorable du 24 septembre 2024 du service d\u00e9partemental de l'Office Fran\u00e7ais de\nla Biodiversit\u00e9 (OFB) de C\u00f4te d'Or ;\nVU l'absence de remarque du p\u00e9titionnaire sur le projet d'arr\u00eat\u00e9 pr\u00e9f\u00e9ctoral qui lui a \u00e9t\u00e9\nsoumis le 10 otobre 2024\nCONSID\u00c9RANT  la  possibilit\u00e9,  en  application  de  l'article  L.211-7  du  code  de\nl'environnement, pour  les collectivit\u00e9s territoriales et leurs groupements de mettre en\n\u0153uvre l'ex\u00e9cution de tous travaux pr\u00e9sentant un caract\u00e8re d'int\u00e9r\u00eat g\u00e9n\u00e9ral ou d'urgence\net visant notamment l'entretien et l'am\u00e9nagement d'un cours d'eau ;\nCONSID\u00c9RANT la  n\u00e9cessit\u00e9  d'assurer  l'entretien,  la  continuit\u00e9,  la  restauration  des\n\u00e9cosyst\u00e8mes aquatiques et le maintien des usages communs li\u00e9s \u00e0 l'eau ;\nCONSID\u00c9RANT que  les  interventions  envisag\u00e9es  par  l'EPAGE  SEQUANA  comprennent\nnotamment  le  r\u00e9tablissement  de  la  continuit\u00e9  longitudinale  par  la  suppression  d'un\ngroupe de la buse mal positionn\u00e9es par un ou plusieurs dalots ;\nCONSID\u00c9RANT que  les  interventions  ainsi  envisag\u00e9es  pr\u00e9sentent  bien  un  caract\u00e8re\nd'int\u00e9r\u00eat g\u00e9n\u00e9ral tant du point de vue de l'environnement que du point de vue de la\nprotection des biens et des personnes ;\nCONSID\u00c9RANT que les travaux sont compatibles avec les orientations et les objectifs du\nSDAGE Seine Normandie et du PGRI du bassin Seine Normandie en vigueur ;\nCONSID\u00c9RANT que conform\u00e9ment aux dispositions de l'article L.151-37 du code rural et\nde la p\u00eache maritime que les travaux d'entretien et de restauration des milieux aquatiques\nsont dispens\u00e9s d'enqu\u00eate publique sous r\u00e9serve qu'ils n'entra\u00eenent aucune expropriation\net que le ma\u00eetre d'ouvrage ne pr\u00e9voie pas de demander une participation financi\u00e8re aux\npersonnes int\u00e9ress\u00e9es ;\nCONSID\u00c9RANT que les travaux n'entra\u00eenent pas d'aggravation du risque d'inondation ;\nSUR proposition de Madame la directrice des territoires de la C\u00f4te-d'Or ;\nARR\u00caTE\nArticle 1  :   objet de la d\u00e9claration d'int\u00e9r\u00eat g\u00e9n\u00e9ral \u2013 b\u00e9n\u00e9ficiaire\nL' EPAGE SEQUANA repr\u00e9sent\u00e9 par son pr\u00e9sident Philippe VINCENT sis :\n21 Boulevard  Gustave Morizot\n21 400  Ch\u00e2tillon sur Seine\n2/8\nDirection d\u00e9partementale des territoires de la C\u00f4te-d'Or - 21-2024-10-10-00011 - AP n\u00b0 1610 du 10 octobre 2024 portant d\u00e9claration\nd'int\u00e9r\u00eat g\u00e9n\u00e9ral et r\u00e9c\u00e9piss\u00e9 de d\u00e9claration pour les travaux de restauration de petite continuit\u00e9 \u00e9cologique sur le Revinson \u00e0\nEtalante.\n17\nest autoris\u00e9 \u00e0 ex\u00e9cuter les travaux  de restauration de petite continuit\u00e9 \u00e9cologique sur le\nRevinson \u00e0 Etalante ;y selon les modalit\u00e9s mentionn\u00e9es dans cet arr\u00eat\u00e9.\nLes travaux sont ex\u00e9cut\u00e9s conform\u00e9ment au dossier de d\u00e9claration dont il est pris acte et\nsont  d\u00e9clar\u00e9s  d'int\u00e9r\u00eat  g\u00e9n\u00e9ral  en  application  de  l'article  L.211-7  du  code  de\nl'environnement.\nLe  pr\u00e9sent  arr\u00eat\u00e9  pr\u00e9fectoral  vaut  \u00e9galement  r\u00e9c\u00e9piss\u00e9  de  d\u00e9claration  au  titre  des\nrubriques suivantes :\nRubrique Intitul\u00e9 R\u00e9gime du projet\n3.3.5.0\nTravaux  mentionn\u00e9s  ci-apr\u00e8s  ayant\nuniquement pour objet la restauration des\nfonctionnalit\u00e9s  naturelles  des  milieux\naquatiques,  y  compris  les  ouvrages\nn\u00e9cessaires \u00e0 la r\u00e9alisation de cet objectif :\n1\u00b0  Arasement  ou  d\u00e9rasement  d'ouvrages\nrelevant  de  la  pr\u00e9sente  nomenclature,\nnotamment de son titre III, lorsque :\na) Ils sont implant\u00e9s dans le lit mineur \ndes cours d'eau, sauf s'il s'agit de barrages \nclass\u00e9s en application de l'article R. 214-112 ;\nLes travaux consistent \u00e0\nsupprimer un seuil\ncons\u00e9quence d'un busage mal\npositionn\u00e9.\nPlusieurs dalots seront\ninstall\u00e9s en lieu et place des\nbuses\nD\u00e9claration\nArticle 2     :   caract\u00e9ristiques des travaux\nCes  am\u00e9nagements  visent  \u00e0  r\u00e9tablir  la  continuit\u00e9  longitudinale  sur  le  cours  d'eau  le\nRevinson \u00e0 Etalante (lieu dit la Rochette)\n3/8\nDirection d\u00e9partementale des territoires de la C\u00f4te-d'Or - 21-2024-10-10-00011 - AP n\u00b0 1610 du 10 octobre 2024 portant d\u00e9claration\nd'int\u00e9r\u00eat g\u00e9n\u00e9ral et r\u00e9c\u00e9piss\u00e9 de d\u00e9claration pour les travaux de restauration de petite continuit\u00e9 \u00e9cologique sur le Revinson \u00e0\nEtalante.\n18\nLe principe g\u00e9n\u00e9ral est la suppression de la buse et son remplacement par plusieurs dalots\n(nombre estimatif : 3 ).La phase de r\u00e9alisation comprend les op\u00e9rations suivantes :\n\u2022 Jalonnage/piquetage des surfaces \u00e0 am\u00e9nager par le ma\u00eetre d'ouvrage,\n\u2022 Suppression  du  passage  bus\u00e9  existant  ou  tout  autre  type  de  petit  obstacle  et\ntraitement des d\u00e9chets en d\u00e9charge appropri\u00e9e ;\n\u2022 Pr\u00e9paration des berges par terrassement si n\u00e9cessaire (d\u00e9blais) ;\n\u2022 Installation des 3 (nombre estimatif) ponts-cadre (dalots), avec ou sans fond, enfoui\nde 30 cm minimum sous le niveau naturel. Les ponts-cadre sont install\u00e9s avec une\npente maximale de 2/1000 de mani\u00e8re \u00e0 conserver en permanence une lame d'eau\nsuffisante. Les  ouvrages seront dispos\u00e9s  de mani\u00e8re \u00e0 ce qu'il ne puisse pas  se\nformer de d\u00e9p\u00f4ts \u00e0 l'amont, d'\u00e9rosion et de chutes \u00e0 l'aval.\nArticle   3   :   dur\u00e9e de validit\u00e9 de l'op\u00e9ration\nLes travaux devront \u00eatre achev\u00e9s dans un d\u00e9lai de 3  ans \u00e0 compter de la notification du\npr\u00e9sent arr\u00eat\u00e9.\nPass\u00e9 ces d\u00e9lais, la pr\u00e9sente d\u00e9claration d'int\u00e9r\u00eat g\u00e9n\u00e9ral deviendra caduque.\nLes travaux seront r\u00e9alis\u00e9s de pr\u00e9f\u00e9rence en p\u00e9riode d'\u00e9tiage du ru.\nArticle 4     :   prescriptions g\u00e9n\u00e9rales\nEn  application  de  l'article  R214-40  du  code  de  l'environnement,  toute  modification\napport\u00e9e aux ouvrages, installations, \u00e0 leur mode d'utilisation, \u00e0 la r\u00e9alisation des travaux\nou  \u00e0  l'am\u00e9nagement  en  r\u00e9sultant,  \u00e0  l'exercice  des  activit\u00e9s  ou  \u00e0  leur  voisinage  et\nentra\u00eenant  un  changement  notable  des  \u00e9l\u00e9ments  du  dossier  doit  \u00eatre  port\u00e9e,  avant\nr\u00e9alisation, \u00e0 la connaissance du pr\u00e9fet qui peut exiger une nouvelle proc\u00e9dure.\nEn  application  de  l'article  R214-45  du  code  de  l'environnement,  le  changement  de\nb\u00e9n\u00e9ficiaire doit \u00eatre d\u00e9clar\u00e9 au pr\u00e9fet par le nouveau b\u00e9n\u00e9ficiaire dans un d\u00e9lai de trois\nmois, de m\u00eame, en cas de cessation d'activit\u00e9 d\u00e9finitive ou pour une p\u00e9riode sup\u00e9rieure \u00e0\ndeux ans, l'exploitant est tenu d'en faire la d\u00e9claration au pr\u00e9fet dans un d\u00e9lai de trente\njours.\nLe service de police de l'eau devra \u00eatre averti de la date de d\u00e9but des travaux ainsi que de\nla date d'ach\u00e8vement des travaux. Les ouvrages, les travaux et les conditions de r\u00e9alisation\net d'exploitation doivent \u00eatre conformes au dossier d\u00e9pos\u00e9.\nL'inobservation des dispositions figurant dans le dossier d\u00e9pos\u00e9 ainsi que celles contenues\ndans les prescriptions g\u00e9n\u00e9rales annex\u00e9es au pr\u00e9sent arr\u00eat\u00e9 pourra entra\u00eener l'application\ndes sanctions pr\u00e9vues \u00e0 l'article R216-12 du code de l'environnement.\nLes agents mentionn\u00e9s \u00e0 l'article L216-3 du code de l'environnement et notamment ceux\ncharg\u00e9s de la police de l'eau et des milieux aquatiques auront libre acc\u00e8s aux installations\n\u00e0 tout moment, dans le cadre d'une recherche d'infraction.\nLe pr\u00e9sent arr\u00eat\u00e9 ne dispense en aucun cas le p\u00e9titionnaire de faire les d\u00e9clarations ou\nd'obtenir les autorisations requises par d'autres r\u00e9glementations.\n4/8\nDirection d\u00e9partementale des territoires de la C\u00f4te-d'Or - 21-2024-10-10-00011 - AP n\u00b0 1610 du 10 octobre 2024 portant d\u00e9claration\nd'int\u00e9r\u00eat g\u00e9n\u00e9ral et r\u00e9c\u00e9piss\u00e9 de d\u00e9claration pour les travaux de restauration de petite continuit\u00e9 \u00e9cologique sur le Revinson \u00e0\nEtalante.\n19\nLe b\u00e9n\u00e9ficiaire est tenu de contacter le s propri\u00e9taires concern\u00e9s avant toute intervention\nsur leur terrain et de notifier le pr\u00e9sent arr\u00eat\u00e9 aux propri\u00e9taires des parcelles concern\u00e9es.\nArticle 5     :   financement des travaux\nLe co\u00fbt total du projet est estim\u00e9 \u00e0  17 911 \u20ac TTC.\nLe  projet  est  financ\u00e9  par  l'Agence  de  l'Eau  Seine  Normandie  \u00e0  hauteur  de  90  %\nsoit 16 120 \u20ac TTC. Le reste \u00e0 charge de 1 791 \u20ac TTC est support\u00e9 par l'EPAGE SEQUANA.\nArticle   6     :   emprise des travaux\nLes travaux projet\u00e9s se situent sur le tron\u00e7on du ruisseau du Revinson \u00e0 Etalante au lieu dit\n\u00ab La Rochette \u00bb\nLe projet se situe en partie sur le domaine communal d'Etalante\nArticle 7     :   caract\u00e9ristiques des travaux et prescriptions particuli\u00e8res\nDans un premier temps, le passage bus\u00e9 sera supprim\u00e9 apr\u00e8s jalonnage et/ou piquetage\ndes  surfaces  \u00e0  am\u00e9nager.  Cela  permettra  de  garantir  pleinement  la  continuit\u00e9\ns\u00e9dimentaire et piscicole. \nLe ou les ponts cadre seront  enfouis de 30  cm minimum sous le niveau naturel.  Chaque\ndalot  est  install\u00e9  avec  une  pente  maximale  de  2/1000  de  mani\u00e8re  \u00e0  conserver  en\npermanence une lame d'eau suffisante. Chaque dalot est install\u00e9  de mani\u00e8re \u00e0 ce qu'il ne\npuisse pas se former de d\u00e9p\u00f4ts \u00e0 l'amont d'\u00e9rosion et de chutes \u00e0 l'aval. Le pont cadre, \u00e0\nminima \u00eatre de la largeur du lit mineur. Le cas \u00e9ch\u00e9ant, plusieurs dalots de tailles 1 X 1 m\nenviron  peuvent  \u00eatre  install\u00e9s  \u00e0  condition  que  ceux-ci  ne  fassent  pas  obstacle  \u00e0\nl'\u00e9coulement. Des blocs d'enrochement seront \u00e9ventuellement install\u00e9s au niveau du ou\ndes dalots afin de stabiliser le passage et \u00e9viter l'\u00e9rosion. \n\u2022 Prescriptions pour l'ensemble des travaux  \nPour les travaux r\u00e9alis\u00e9s dans le lit mineur, le tron\u00e7on pourra si besoin \u00eatre isol\u00e9 par des\nbatardeaux ou \u00e9quivalents (big bags \u00e9tanches par exemple).\nAfin de limiter les ma ti\u00e8res en suspension, des filtres (type filtres \u00e0 pailles ou \u00e9quivalent)\npourront  \u00eatre install\u00e9s  \u00e0  l'aval  direct  de  la  zone  de  chan tier.  Si  la  concentration  en\nmati\u00e8res en suspension \u00e0 l'aval direct du chantier d\u00e9passe les 1  g/l, cette disposition est\nobligatoire.\nCes am\u00e9nagements ne devront pas faire obstacle \u00e0 l'\u00e9coulement des eaux et garantir le\nd\u00e9bit minimum biologique de la rivi\u00e8re \u00e0 l'aval des travaux.\nPendant les travaux, en cas de crue (notamment en cas de fortes pr\u00e9cipitations), une\ncapacit\u00e9 d'intervention rapide de jour comme de nuit doit \u00eatre garantie afin d'assurer le\nrepliement des installations du chantier. Dans ce cas, l'ensemble des mat\u00e9riaux, objets,\noutils du chantier... devront \u00eatres \u00e9vacu\u00e9s du lit mineur du cours d'eau.\nDans une logique de protection des milieux aquatiques et pour faciliter l'ex\u00e9cution du\nprojet, les travaux seront r\u00e9alis\u00e9s en p\u00e9riode d'\u00e9tiage entre mai et octobre. Toutefois, en\ncas d'impr\u00e9vus justifi\u00e9s, sous l'accord de l'administration et \u00e0 condition que ces travaux ne\n5/8\nDirection d\u00e9partementale des territoires de la C\u00f4te-d'Or - 21-2024-10-10-00011 - AP n\u00b0 1610 du 10 octobre 2024 portant d\u00e9claration\nd'int\u00e9r\u00eat g\u00e9n\u00e9ral et r\u00e9c\u00e9piss\u00e9 de d\u00e9claration pour les travaux de restauration de petite continuit\u00e9 \u00e9cologique sur le Revinson \u00e0\nEtalante.\n20\nperturbent pas les milieux aquatiques, les travaux pourront \u00eatre r\u00e9alis\u00e9s en dehors de\ncette p\u00e9riode.\nDu 15 mars au 1 er septembre, pendant la p\u00e9riode de nidification des oiseaux, les haies et\nles ripisylves ne doivent pas \u00eatres arrach\u00e9es ou taill\u00e9es. Toutefois, le d\u00e9broussaillage de la\nv\u00e9g\u00e9tation herbac\u00e9e et l'arrachage des plantes aquatiques sont autoris\u00e9s en veillant, le cas\n\u00e9ch\u00e9ant, \u00e0 limiter les perturbations sur les oiseaux et les milieux aquatique.\nArticle     8     :   gestion des hydrocarbures et acc\u00e8s des engins au chantier\nLe  stockage  des  hydrocarbures  n\u00e9cessaires  au  chantier  est  effectu\u00e9  en  dehors  du  lit\nmajeur du cours d'eau et les risques de pollution des eaux doivent \u00eatre pr\u00e9venus.\nLes pleins de carburant et de tous types de fluides des v\u00e9hicules doivent \u00eatre r\u00e9alis\u00e9s sur\nune zone \u00e9tanche adapt\u00e9e. Des kits de d\u00e9pollution doivent \u00eatre pr\u00e9sents dans chaque\nv\u00e9hicule.  Les  engins  de  chantier  doivent  \u00eatre  exempts  de  toute  fuite  d'huile,\nd'hydrocarbures et autres substances nocives et \u00eatre approvisionn\u00e9s loin du lit. Ces engins\nseront  nettoy\u00e9s  avant  le  d\u00e9but  des  travaux  pour  \u00e9viter  la  colonisation  d'esp\u00e8ces\nind\u00e9sirables (renou\u00e9e du Japon par exemple).\nArticle    9     :   acc\u00e8s aux parcelles \u2013 servitude de libre passage \u2013 occupation temporaire de\nterrain\nConform\u00e9ment \u00e0 la loi du 29 d\u00e9cembre 1892 relative aux dommages caus\u00e9s \u00e0 la propri\u00e9t\u00e9\npriv\u00e9e par l'ex\u00e9cution des travaux publics, l'occupation temporaire des terrains concern\u00e9s\npar le pr\u00e9sent projet est autoris\u00e9e.\nLes  parcelles  et  les  propri\u00e9taires  riverains  concern\u00e9s  par  ces  travaux  sont  rappel\u00e9s  \u00e0\nl'article 6 du pr\u00e9sent arr\u00eat\u00e9.\nSeuls les agents en charge de la r\u00e9alisation et de la surveillance des travaux, ainsi que, le\ncas  \u00e9ch\u00e9ant,  les  engins  m\u00e9caniques  n\u00e9cessaires  \u00e0  leur  r\u00e9alisation  seront  autoris\u00e9s  \u00e0\np\u00e9n\u00e9trer les parcelles priv\u00e9es, closes ou non closes \u00e0 l'exception des locaux d'habitation et\ndes propri\u00e9t\u00e9s attenantes aux habitations et closes par des murs ou par des cl\u00f4tures\n\u00e9quivalentes, suivant les usages du pays.\nChacun des agents concern\u00e9s sera en possession d'une copie certifi\u00e9e conforme du dit\narr\u00eat\u00e9 qu'il devra pr\u00e9senter \u00e0 toute r\u00e9quisition ou \u00e0 la demande du ou des propri\u00e9taires.\nLes  interventions  pr\u00e9vues  ne  pourront  avoir  lieu  que  cinq  jours  apr\u00e8s  notification  au\npropri\u00e9taire de la parcelle concern\u00e9e par les travaux.\nArticle 10      :   reconnaissance des lieux avant travaux \u2013 d\u00e9roulement des travaux et correctifs\n\u00e9ventuels \u00e0 apporter\nAvant  le  d\u00e9marrage  des  travaux,  le  ma\u00eetre  d'ouvrage  r\u00e9unira  ou  contactera  le  ou  les\npropri\u00e9taires,  afin  d'\u00e9changer  sur  la  mise  en  \u0153uvre  des  travaux  et  r\u00e9pond  \u00e0  ces\ninterrogations.\n6/8\nDirection d\u00e9partementale des territoires de la C\u00f4te-d'Or - 21-2024-10-10-00011 - AP n\u00b0 1610 du 10 octobre 2024 portant d\u00e9claration\nd'int\u00e9r\u00eat g\u00e9n\u00e9ral et r\u00e9c\u00e9piss\u00e9 de d\u00e9claration pour les travaux de restauration de petite continuit\u00e9 \u00e9cologique sur le Revinson \u00e0\nEtalante.\n21\nUn bilan des travaux succinct (type planche photographique) sera transmis  au service\ncharg\u00e9 de la police de l'eau de la DDT dans un d\u00e9lai de 3 (trois) mois apr\u00e8s la fin des\ntravaux.\nEn  cas  de  destruction,  d\u00e9t\u00e9rioration  ou  d\u00e9stabilisation  des  am\u00e9nagements  r\u00e9alis\u00e9s,  y\ncompris par une crue, pendant la phase de travaux, le ma\u00eetre d'ouvrage s'engage \u00e0 les\nremettre en \u00e9tat.\nArticle   1  1     :   remise en \u00e9tat des lieux apr\u00e8s travaux\nUne fois les travaux termin\u00e9s, les acc\u00e8s aux diff\u00e9rents points du chantier sont neutralis\u00e9s.\nLe site est d\u00e9blay\u00e9 de tous mat\u00e9riels, mat\u00e9riaux et gravats. Les d\u00e9chets g\u00e9n\u00e9r\u00e9s sur place\nseront syst\u00e9matiquement r\u00e9cup\u00e9r\u00e9s et redistribu\u00e9s vers les fili\u00e8res de collecte de d\u00e9chets\nsp\u00e9cifiques.\nArticle   1  2     :   droits des tiers\nLes droits des tiers sont et demeurent express\u00e9ment r\u00e9serv\u00e9s.\nArticle   1  3     :   publication et information des tiers\nLe pr\u00e9sent arr\u00eat\u00e9 sera affich\u00e9 pendant une dur\u00e9e minimale d'un mois dans la mairie de la\ncommune d'Etalante\nLe pr\u00e9sent arr\u00eat\u00e9 sera mis \u00e0 disposition du public sur le site internet des services de l'\u00c9tat\nen C\u00f4te-d'Or (http://www.cote-dor.gouv.fr) pendant une dur\u00e9e d'au moins 6 mois.\nArticle   1  4     :   ex\u00e9cution et publication\nLa directrice d\u00e9partementale des territoires de la C\u00f4te-d'Or, le maire de la commune\nd'Etalante, sont charg\u00e9s, chacun en ce qui le concerne, de l'ex\u00e9cution du pr\u00e9sent arr\u00eat\u00e9\nqui  sera  notifi\u00e9  au  p\u00e9titionnaire  et  publi\u00e9  au  recueil  des  actes  administratifs  de  la\npr\u00e9fecture de la C\u00f4te d'Or.\nUne copie du pr\u00e9sent arr\u00eat\u00e9 sera adress\u00e9e au  chef du service d\u00e9partemental de l' office\nfran\u00e7ais de la biodiversit\u00e9.\nFait \u00e0 Dijon, le 10 octobre 2024\nLa directrice d\u00e9partementale des territoires\nPour la directrice et par d\u00e9l\u00e9gation\nLa responsable du bureau police de l'eau, par interim\nsign\u00e9\nH\u00e9l\u00e8ne MOUCADEAU\n7/8\nDirection d\u00e9partementale des territoires de la C\u00f4te-d'Or - 21-2024-10-10-00011 - AP n\u00b0 1610 du 10 octobre 2024 portant d\u00e9claration\nd'int\u00e9r\u00eat g\u00e9n\u00e9ral et r\u00e9c\u00e9piss\u00e9 de d\u00e9claration pour les travaux de restauration de petite continuit\u00e9 \u00e9cologique sur le Revinson \u00e0\nEtalante.\n22\nVoies et d\u00e9lais de recours\nLa pr\u00e9sente d\u00e9cision est susceptible de recours contentieux devant le tribunal administratif\nde Dijon \u2013 22, rue d'Assas \u2013 BP 61616 - 21016 DIJON Cedex, par le b\u00e9n\u00e9ficiaire dans un d\u00e9lai\nde deux mois \u00e0 compter du jour o\u00f9 la pr\u00e9sente d\u00e9cision lui a \u00e9t\u00e9 notifi\u00e9e et par les tiers dans\nun d\u00e9lai de deux mois \u00e0 compter de la publication ou de l'affichage de cette d\u00e9cision.\nDans le m\u00eame d\u00e9lai de deux mois, le b\u00e9n\u00e9ficiaire peut pr\u00e9senter un recours gracieux. Le\nsilence gard\u00e9 par l'administration pendant plus de deux mois sur la demande de recours\ngracieux emporte d\u00e9cision implicite de rejet de cette demande conform\u00e9ment \u00e0 l'article\nR421-2 du code de justice administrative. Celui-ci prolonge le d\u00e9lai de recours contentieux\nqui doit \u00eatre introduit dans les deux mois suivant la r\u00e9ponse.\nLe tribunal administratif peut \u00eatre saisi par un recours d\u00e9pos\u00e9 via l'application T\u00e9l\u00e9recours\ncitoyens accessible sur le site internet www.t\u00e9l\u00e9recours.fr.\n8/8\nDirection d\u00e9partementale des territoires de la C\u00f4te-d'Or - 21-2024-10-10-00011 - AP n\u00b0 1610 du 10 octobre 2024 portant d\u00e9claration\nd'int\u00e9r\u00eat g\u00e9n\u00e9ral et r\u00e9c\u00e9piss\u00e9 de d\u00e9claration pour les travaux de restauration de petite continuit\u00e9 \u00e9cologique sur le Revinson \u00e0\nEtalante.\n23\nDirection d\u00e9partementale des territoires de la\nC\u00f4te-d'Or\nService de l'eau et des risques\n21-2024-10-18-00001\nArr\u00eat\u00e9 pr\u00e9fectoral n\u00b0 1606 \nportant interdiction temporaire de p\u00eache sur\nl'\u00e9tang de Marcenay,\ncommunes de Marcenay et Larrey\nDirection d\u00e9partementale des territoires de la C\u00f4te-d'Or - 21-2024-10-18-00001 - Arr\u00eat\u00e9 pr\u00e9fectoral n\u00b0 1606 \nportant interdiction temporaire de p\u00eache sur l'\u00e9tang de Marcenay,\ncommunes de Marcenay et Larrey\n24\nExPREFETDE LACOTE-D'ORL,z'bert\u00e9Egalit\u00e9Fraternit\u00e9\nDirection d\u00e9partementale des territoires\nde la C\u00f4te-d'Or\nService de l'eau et des risques\nBureau pr\u00e9servation de la qualit\u00e9 de l'eau et\ndes milieux aquatiques\nm\u00e9l\u00a0:\u00a0ddt-ser-ope@cote-dor.gouv.fr\nArr\u00eat\u00e9 pr\u00e9fectoral n\u00b0 1606 du 18 octobre 2024\nportant\u00a0interdiction\u00a0temporaire\u00a0de\u00a0p\u00eache\u00a0sur\u00a0l'\u00e9tang\u00a0de\u00a0Marcenay,\u00a0\ncommunes\u00a0de\u00a0Marcenay\u00a0et\u00a0Larrey\nLe\u00a0pr\u00e9fet\u00a0de\u00a0la\u00a0C\u00f4te-d'Or\nVU\u00a0le\u00a0code\u00a0de\u00a0l'environnement\u00a0et\u00a0notamment\u00a0ses\u00a0articles\u00a0L.430-1,\u00a0L.433.3,\u00a0L.434.3,\u00a0L.434.5\net\u00a0R.436.8\u00a0;\nVU\u00a0l'arr\u00eat\u00e9\u00a0pr\u00e9fectoral\u00a0n\u00b0\u00a01767\u00a0du\u00a014\u00a0d\u00e9cembre\u00a02023\u00a0relatif\u00a0\u00e0\u00a0l'exercice\u00a0de\u00a0la\u00a0p\u00eache\u00a0dans\u00a0le\nd\u00e9partement\u00a0de\u00a0la\u00a0C\u00f4te-d'Or\u00a0pour\u00a0l'ann\u00e9e\u00a02024\u00a0;\nVU\u00a0la\u00a0demande\u00a0de\u00a0la\u00a0F\u00e9d\u00e9ration\u00a0de\u00a0C\u00f4te-d'Or\u00a0de\u00a0p\u00eache\u00a0et\u00a0de\u00a0protection\u00a0du\u00a0milieu\naquatique\u00a0du\u00a014\u00a0octobre\u00a02024\u00a0;\nVU  les\u00a0arr\u00eat\u00e9s\u00a0n\u00b0\u00a01526/SG\u00a0du\u00a02\u00a0octobre\u00a02024\u00a0donnant\u00a0d\u00e9l\u00e9gation\u00a0de\u00a0signature\u00a0\u00e0\u00a0Mme\nFlorence\u00a0LAUBIER,\u00a0directrice\u00a0d\u00e9partementale\u00a0des\u00a0territoires\u00a0de\u00a0la\u00a0C\u00f4te-d'Or,\u00a0et\u00a0n\u00b0\u00a01547\u00a0du\n4 \u00a0 octobre \u00a0 2024\u00a0 portant \u00a0 d\u00e9l\u00e9gation \u00a0 de \u00a0 signature \u00a0 aux \u00a0 agents \u00a0 de \u00a0 la \u00a0 direction\nd\u00e9partementale\u00a0des\u00a0territoires\u00a0de\u00a0la\u00a0C\u00f4te-d'Or\u00a0;\nCONSIDERANT\u00a0que\u00a0lorsque\u00a0les\u00a0caract\u00e9ristiques\u00a0locales\u00a0du\u00a0milieu\u00a0aquatique\u00a0justifient\u00a0des\nmesures\u00a0particuli\u00e8res\u00a0de\u00a0protection\u00a0du\u00a0patrimoine\u00a0piscicole,\u00a0le\u00a0pr\u00e9fet\u00a0peut\u00a0interdire\u00a0la\np\u00eache\u00a0d'une\u00a0ou\u00a0de\u00a0plusieurs\u00a0esp\u00e8ces\u00a0de\u00a0poissons\u00a0dans\u00a0certaines\u00a0parties\u00a0de\u00a0cours\u00a0d'eau\u00a0ou\nde\u00a0plans\u00a0d'eau,\u00a0pendant\u00a0une\u00a0dur\u00e9e\u00a0qu'il\u00a0d\u00e9termine\u00a0;\nCONSIDERANT\u00a0que\u00a0les\u00a0op\u00e9rations\u00a0de\u00a0repeuplement\u00a0piscicole\u00a0pr\u00e9vues\u00a0sur\u00a0l'\u00e9tang\u00a0de\nMarcenay\u00a0n\u00e9cessitent\u00a0la\u00a0mise\u00a0en\u00a0place\u00a0de\u00a0mesures\u00a0particuli\u00e8res\u00a0de\u00a0protection\u00a0et\u00a0de\nstabilisation\u00a0du\u00a0patrimoine\u00a0piscicole\u00a0;\nSUR proposition\u00a0de\u00a0la\u00a0directrice\u00a0d\u00e9partementale\u00a0des\u00a0territoires\u00a0de\u00a0C\u00f4te-d'Or\u00a0;\n1\nDirection d\u00e9partementale des territoires de la C\u00f4te-d'Or - 21-2024-10-18-00001 - Arr\u00eat\u00e9 pr\u00e9fectoral n\u00b0 1606 \nportant interdiction temporaire de p\u00eache sur l'\u00e9tang de Marcenay,\ncommunes de Marcenay et Larrey\n25\nA R R \u00ca T E\nArticle 1  er  \nAfin\u00a0d'assurer\u00a0les\u00a0mesures\u00a0de\u00a0protection\u00a0et\u00a0de\u00a0stabilisation\u00a0du\u00a0patrimoine\u00a0piscicole,\u00a0la\npratique\u00a0de\u00a0la\u00a0p\u00eache\u00a0est\u00a0interdite\u00a0sur\u00a0la\u00a0totalit\u00e9\u00a0de\u00a0l'\u00e9tang\u00a0de\u00a0Marcenay,\u00a0situ\u00e9\u00a0sur\u00a0les\ncommunes\u00a0de\u00a0Marcenay\u00a0et\u00a0de\u00a0Larrey,\u00a0du 21 octobre inclus\u00a0jusqu'au 25 avril 2025 inclus.\nArticle 2\nUne\u00a0copie\u00a0du\u00a0pr\u00e9sent\u00a0arr\u00eat\u00e9\u00a0sera\u00a0affich\u00e9e\u00a0dans\u00a0les\u00a0mairies\u00a0de\u00a0Marcenay\u00a0et\u00a0de\u00a0Larrey\npendant\u00a0toute\u00a0la\u00a0dur\u00e9e\u00a0de\u00a0l'interdiction.\nArticle 3\nLe\u00a0pr\u00e9sent\u00a0arr\u00eat\u00e9\u00a0peut\u00a0faire\u00a0l'objet\u00a0soit\u00a0d'un\u00a0recours\u00a0gracieux\u00a0aupr\u00e8s\u00a0du\u00a0pr\u00e9fet,\u00a0soit\u00a0d'un\nrecours\u00a0contentieux\u00a0devant\u00a0le\u00a0tribunal\u00a0administratif\u00a0de\u00a0Dijon\u00a0(22\u00a0rue\u00a0d'Assas\u00a0\u2013BP\u00a061916-\n21016\u00a0Dijon\u00a0Cedex)\u00a0dans\u00a0un\u00a0d\u00e9lai\u00a0maximum\u00a0de\u00a02\u00a0mois\u00a0\u00e0\u00a0compter\u00a0de\u00a0la\u00a0date\u00a0de\u00a0publication\nau\u00a0recueil\u00a0des\u00a0actes\u00a0administratifs.\nLe\u00a0tribunal\u00a0administratif\u00a0peut\u00a0\u00eatre\u00a0saisi\u00a0par\u00a0un\u00a0recours\u00a0d\u00e9pos\u00e9\u00a0via\u00a0l'application\u00a0T\u00e9l\u00e9recours\ncitoyens\u00a0accessible\u00a0par\u00a0le\u00a0site\u00a0internet\u00a0www.telerecours.fr.\nArticle 4 \nLa\u00a0directrice\u00a0d\u00e9partementale\u00a0des\u00a0territoires,\u00a0le\u00a0commandant\u00a0du\u00a0groupement\u00a0de\ngendarmerie\u00a0de\u00a0la\u00a0C\u00f4te-d'Or,\u00a0les\u00a0agents\u00a0de\u00a0l'office\u00a0fran\u00e7ais\u00a0pour\u00a0la\u00a0biodiversit\u00e9,\u00a0les\u00a0garde-\np\u00eache\u00a0et\u00a0tous\u00a0les\u00a0agents\u00a0asserment\u00e9s\u00a0au\u00a0titre\u00a0de\u00a0la\u00a0police\u00a0de\u00a0la\u00a0p\u00eache,\u00a0sont\u00a0charg\u00e9s,\nchacun\u00a0en\u00a0ce\u00a0qui\u00a0le\u00a0concerne,\u00a0de\u00a0l'ex\u00e9cution\u00a0du\u00a0pr\u00e9sent\u00a0arr\u00eat\u00e9\u00a0qui\u00a0sera\u00a0ins\u00e9r\u00e9\u00a0au\u00a0recueil\ndes\u00a0actes\u00a0administratifs\u00a0de\u00a0la\u00a0pr\u00e9fecture\u00a0de\u00a0la\u00a0C\u00f4te-d'Or.\nFait\u00a0\u00e0\u00a0Dijon,\u00a0le\u00a018\u00a0octobre\u00a02024\nPour\u00a0le\u00a0pr\u00e9fet\u00a0et\u00a0par\u00a0d\u00e9l\u00e9gation,\nPour\u00a0la\u00a0directrice\u00a0d\u00e9partementale\u00a0des\u00a0territoires\nLa\u00a0responsable\u00a0du\u00a0bureau\u00a0pr\u00e9servation\u00a0de\u00a0la\u00a0qualit\u00e9\u00a0\nde\u00a0l'eau\u00a0et\u00a0des\u00a0milieux\u00a0aquatiques\nSign\u00e9\nPauline\u00a0SOUCHE-SUCHOVSKY\n2\nDirection d\u00e9partementale des territoires de la C\u00f4te-d'Or - 21-2024-10-18-00001 - Arr\u00eat\u00e9 pr\u00e9fectoral n\u00b0 1606 \nportant interdiction temporaire de p\u00eache sur l'\u00e9tang de Marcenay,\ncommunes de Marcenay et Larrey\n26\nDirection d\u00e9partementale des territoires de la\nC\u00f4te-d'Or\nService S\u00e9curit\u00e9 et Education Routi\u00e8re\n21-2024-10-18-00003\nArr\u00eat\u00e9 Pr\u00e9fectoral N\u00b01609 portant d\u00e9rogation \u00e0\ntitre temporaire \u00e0 l'interdiction de circulation\ndes v\u00e9hicules de transport de marchandises \u00e0\ncertaines p\u00e9riodes pour les v\u00e9hicules de plus de\n7,5 tonnes de PTAC exploit\u00e9s par la soci\u00e9t\u00e9\nSECULA LOGISTIQUE domicili\u00e9e\n\u00e0 BEAUNE (21)\nDirection d\u00e9partementale des territoires de la C\u00f4te-d'Or - 21-2024-10-18-00003 - Arr\u00eat\u00e9 Pr\u00e9fectoral N\u00b01609 portant d\u00e9rogation \u00e0 titre\ntemporaire \u00e0 l'interdiction de circulation des v\u00e9hicules de transport de marchandises \u00e0 certaines p\u00e9riodes pour les v\u00e9hicules de plus\nde 7,5 tonnes de PTAC exploit\u00e9s par la soci\u00e9t\u00e9 SECULA LOGISTIQUE domicili\u00e9e\n\u00e0 BEAUNE (21)\n27\nExPREFETDE LACOTE-D'ORLibert\u00e9\u00c9galit\u00e9Fraternit\u00e9\nDirection d\u00e9partementale des territoires\nde la C\u00f4te-d'Or\nAffaire suivie par Manon BEAULIEU\nService de la s\u00e9curit\u00e9 et de l'\u00e9ducation routi\u00e8re\nBureau de la s\u00e9curit\u00e9 routi\u00e8re\nT\u00e9l : 03 80 29 44 23\nm\u00e9l : ddt-transports@cote-dor.gouv.fr\nArr\u00eat\u00e9 Pr\u00e9fectoral N\u00b01609\nportant d\u00e9rogation \u00e0 titre temporaire \u00e0 l'interdiction de circulation des v\u00e9hicules \nde transport de marchandises \u00e0 certaines p\u00e9riodes pour les v\u00e9hicules\nde plus de 7,5 tonnes de PTAC exploit\u00e9s par la soci\u00e9t\u00e9 SECULA LOGISTIQUE domicili\u00e9e\n\u00e0 BEAUNE (21)\nLe pr\u00e9fet de la r\u00e9gion Bourgogne-Franche-Comt\u00e9\nPr\u00e9fet de la C\u00f4te-d'Or\nVU le Code g\u00e9n\u00e9ral des collectivit\u00e9s territoriales, notamment son article L. 2215-1  ;\nVU le Code de la route, notamment son article R. 411-18 ; \nVU la loi n\u00b0 82-213 du 2 mars 1982 modifi\u00e9e relative aux droits et libert\u00e9s des communes, des\nd\u00e9partements et des r\u00e9gions, notamment son article 34 ;\nVU le d\u00e9cret n\u00b02004-374 du 29 avril 2004 relatif aux pouvoirs des pr\u00e9fets, \u00e0 l'organisation et \u00e0\nl'action des services de l'\u00c9tat dans les r\u00e9gions et les d\u00e9partements ;\nVU le d\u00e9cret n\u00b0 97-34 du 15 janvier 1997 modifi\u00e9 relatif \u00e0 la d\u00e9concentration des d\u00e9cisions\nadministratives individuelles ;\nVU l'arr\u00eat\u00e9 interminist\u00e9riel du 16 avril 2021 relatif \u00e0 l'interdiction de circulation des v\u00e9hicules\nde transport de marchandises \u00e0 certaines p\u00e9riodes et notamment son article 5  ;\nVU l'arr\u00eat\u00e9 pr\u00e9fectoral n\u00b0 1438 / SG du 29 septembre 2023  donnant d\u00e9l\u00e9gation de signature\n\u00e0 Madame Florence LAUBIER, directrice d\u00e9partementale des territoires de la C\u00f4te-d'Or  ;\nVU l'arr\u00eat\u00e9 n\u00b0 76 du 6 mai 2024 portant d\u00e9l\u00e9gation de signature aux agents de la direction\nd\u00e9partementale des territoires de la C\u00f4te-d'Or ;\nDirection d\u00e9partementale des territoires de la C\u00f4te-d'Or\n57, rue de Mulhouse - BP 53317 - 21033 Dijon CEDEX\nT\u00e9l. : 03 80 29 44 44\nCourriel : ddt@cote-dor.gouv.fr\nDirection d\u00e9partementale des territoires de la C\u00f4te-d'Or - 21-2024-10-18-00003 - Arr\u00eat\u00e9 Pr\u00e9fectoral N\u00b01609 portant d\u00e9rogation \u00e0 titre\ntemporaire \u00e0 l'interdiction de circulation des v\u00e9hicules de transport de marchandises \u00e0 certaines p\u00e9riodes pour les v\u00e9hicules de plus\nde 7,5 tonnes de PTAC exploit\u00e9s par la soci\u00e9t\u00e9 SECULA LOGISTIQUE domicili\u00e9e\n\u00e0 BEAUNE (21)\n28\nVU la  demande  pr\u00e9sent\u00e9e  le  10  octobre  2024  par  l'entreprise  S ECULA  LOGISTIQUE\ndomicili\u00e9e \u00e0 BP 50193 BEAUNE (21) ;\nConsid\u00e9rant que la circulation des v\u00e9hicules exploit\u00e9s par l'entreprise susvis\u00e9e permet de\ncontribuer  \u00e0  l'ex\u00e9cution  de  services  publics  a n  de  r\u00e9pondre  \u00e0  des  besoins  collectifsfi\nimm\u00e9diats, conform\u00e9ment \u00e0 l'article 5-II- 4 de l'arr\u00eat\u00e9 interminist\u00e9riel du 16 avril 2021;\nSUR proposition de Madame la directrice d\u00e9partementale des territoires de la C\u00f4te-d'Or  ;\nARRETE\nArticle 1er : \nLes v\u00e9hicules  dont les num\u00e9ros d'immatriculation figurent dans l'annexe jointe au pr\u00e9sent\narr\u00eat\u00e9,  exploit\u00e9s  par  l'entreprise  S ECULA  LOGISTIQUE  domicili\u00e9e  \u00e0  BEAUNE  (21) ,  sont\nautoris\u00e9s \u00e0 circuler en d\u00e9rogation aux articles 1 et 2 de l'arr\u00eat\u00e9 interminist\u00e9riel du 16 avril\n2021  relatif  \u00e0  l'interdiction  de  circulation  des  v\u00e9hicules  de  transport  de  marchandises  \u00e0\ncertaines p\u00e9riodes.\nArticle 2 : \nCette d\u00e9rogation est accord\u00e9e pour le transport de d\u00e9chets issus de la foire gastronomique\nde Dijon :\n\u2022 point  de  d\u00e9part  :  Bourgogne  recyclage,  rue  de  l'ing\u00e9nieur  Stephenson,  21600\nLONGVIC\n\u2022 point de chargement : parc des expositions et des congr\u00e8s , 3 bd de Champagne 21000\nDIJON\n\u2022 point de d\u00e9chargement  : Bourgogne recyclage, rue de l'ing\u00e9nieur Stephenson, 21600\nLONGVIC\nCette d\u00e9rogation est valable de 7h a 19h les jours suivants : \n- vendredi 1er novembre 2024\n- dimanche 3 novembre 2024\n- dimanche 10 novembre 2024\n- lundi 11 novembre 2024\nArticle 3 :\nLe responsable du v\u00e9hicule doit pouvoir justifier, en cas de contr\u00f4le, aupr\u00e8s des agents de\nl'autorit\u00e9 comp\u00e9tente de la conformit\u00e9 du transport effectu\u00e9 au regard des dispositions de\nla pr\u00e9sente d\u00e9rogation.\nUne  copie  du  pr\u00e9sent  arr\u00eat\u00e9  et  de  son  annexe  doivent  se  trouver  \u00e0  bord  du  v\u00e9hicule.\nL'original de l'arr\u00eat\u00e9 est archiv\u00e9 par la direction d\u00e9partementale des territoires de la C\u00f4te-\nd'Or.\nDirection d\u00e9partementale des territoires de la C\u00f4te-d'Or\n57, rue de Mulhouse - BP 53317 - 21033 Dijon CEDEX\nT\u00e9l. : 03 80 29 44 44\nCourriel : ddt@cote-dor.gouv.fr\nDirection d\u00e9partementale des territoires de la C\u00f4te-d'Or - 21-2024-10-18-00003 - Arr\u00eat\u00e9 Pr\u00e9fectoral N\u00b01609 portant d\u00e9rogation \u00e0 titre\ntemporaire \u00e0 l'interdiction de circulation des v\u00e9hicules de transport de marchandises \u00e0 certaines p\u00e9riodes pour les v\u00e9hicules de plus\nde 7,5 tonnes de PTAC exploit\u00e9s par la soci\u00e9t\u00e9 SECULA LOGISTIQUE domicili\u00e9e\n\u00e0 BEAUNE (21)\n29\nArticle 4 :\nLe pr\u00e9sent arr\u00eat\u00e9 peut faire l'objet d'un recours contentieux devant le tribunal administratif\nde Dijon dans un d\u00e9lai de deux mois \u00e0 compter de sa publication. Un recours peut \u00eatre\nd\u00e9pos\u00e9  via  l'application  T\u00e9l\u00e9recours  citoyens  accessible  par  le  site  internet\nwww.telerecours.fr\nArticle 5 :\nLe  directeur  de  cabinet  du  pr\u00e9fet  de  la  C\u00f4te-d'Or  et  la  directrice  d\u00e9partementale  des\nterritoires de la C\u00f4te-d'Or sont charg\u00e9s de l'ex\u00e9cution du pr\u00e9sent arr\u00eat\u00e9 qui sera publi\u00e9 au\nrecueil des actes administratifs de la pr\u00e9fecture de la C\u00f4te-d'Or et notifi\u00e9 au responsable\nl\u00e9gal de l'entreprise SECULA LOGISTIQUE domicili\u00e9e \u00e0 BEAUNE (21).\nFait \u00e0 Dijon, le 18 octobre 2024\nPour le Pr\u00e9fet et par d\u00e9l\u00e9gation,\nLe chef de bureau de la s\u00e9curit\u00e9 routi\u00e8re\nSIGNE\nPhilippe MUNIER\nDirection d\u00e9partementale des territoires de la C\u00f4te-d'Or\n57, rue de Mulhouse - BP 53317 - 21033 Dijon CEDEX\nT\u00e9l. : 03 80 29 44 44\nCourriel : ddt@cote-dor.gouv.fr\nDirection d\u00e9partementale des territoires de la C\u00f4te-d'Or - 21-2024-10-18-00003 - Arr\u00eat\u00e9 Pr\u00e9fectoral N\u00b01609 portant d\u00e9rogation \u00e0 titre\ntemporaire \u00e0 l'interdiction de circulation des v\u00e9hicules de transport de marchandises \u00e0 certaines p\u00e9riodes pour les v\u00e9hicules de plus\nde 7,5 tonnes de PTAC exploit\u00e9s par la soci\u00e9t\u00e9 SECULA LOGISTIQUE domicili\u00e9e\n\u00e0 BEAUNE (21)\n30\nANNEXE\n\u00e0 l'arr\u00eat\u00e9 pr\u00e9fectoral n\u00b01609 du 18 octobre 2024\nArticle R. 411-18 du Code de la route \u2013 Article 5-II de l'arr\u00eat\u00e9 interminist\u00e9riel du 16 avril 2021.\nD\u00e9rogation temporaire aux interdictions de circulations g\u00e9n\u00e9rales et compl\u00e9mentaires\npr\u00e9vues par les articles 1 et 2 de l'arr\u00eat\u00e9 interminist\u00e9riel du 16 avril 2021.\nConform\u00e9ment \u00e0 l'article 8 de l'arr\u00eat\u00e9 interminist\u00e9riel du 16 avril 2021, la d\u00e9rogation\nindividuelle \u00e0 titre temporaire doit \u00eatre obligatoirement compl\u00e9t\u00e9e par son titulaire avant le\nd\u00e9part du v\u00e9hicule en indiquant la date du d\u00e9placement et le num\u00e9ro d'immatriculation du\nv\u00e9hicule.\nDate du d\u00e9placement : 7h a 19h les jours suivants : \n- vendredi 1er novembre 2024\n- dimanche 3 novembre 2024\n- dimanche 10 novembre 2024\n- lundi 11 novembre 2024\nV\u00e9hicules concern\u00e9s (le cas \u00e9ch\u00e9ant)\nType N\u00b0 immatriculation\nPORTEUR FG 567 XG\nPORTEUR GN 707 DR\nPORTEUR GK 421 XP\nUne copie de l'arr\u00eat\u00e9 pr\u00e9fectoral et son annexe doivent se trouver \u00e0 bord du v\u00e9hicule\net pouvoir \u00eatre pr\u00e9sent\u00e9s aux agents charg\u00e9s du contr\u00f4le.\nL'original de l'arr\u00eat\u00e9 est archiv\u00e9 par la direction d\u00e9partementale des territoires de la C\u00f4te-\nd'Or.\nDirection d\u00e9partementale des territoires de la C\u00f4te-d'Or\n57, rue de Mulhouse - BP 53317 - 21033 Dijon CEDEX\nT\u00e9l. : 03 80 29 44 44\nCourriel : ddt@cote-dor.gouv.fr\nDirection d\u00e9partementale des territoires de la C\u00f4te-d'Or - 21-2024-10-18-00003 - Arr\u00eat\u00e9 Pr\u00e9fectoral N\u00b01609 portant d\u00e9rogation \u00e0 titre\ntemporaire \u00e0 l'interdiction de circulation des v\u00e9hicules de transport de marchandises \u00e0 certaines p\u00e9riodes pour les v\u00e9hicules de plus\nde 7,5 tonnes de PTAC exploit\u00e9s par la soci\u00e9t\u00e9 SECULA LOGISTIQUE domicili\u00e9e\n\u00e0 BEAUNE (21)\n31\nPr\u00e9fecture de la C\u00f4te-d'Or\nDirection de la coordination, des politiques\npubliques et de l'appui territorial\n21-2024-10-15-00002\nArr\u00eat\u00e9 pr\u00e9fectoral n\u00b01607 du 15 octobre 2024\nportant habilitation de l'EURL C2J CONSEIL en\napplication de l'article R.752-6-3 du code du\ncommerce pour la r\u00e9alisation de l'analyse\nd'impact des projets d'am\u00e9nagement\ncommercial\nPr\u00e9fecture de la C\u00f4te-d'Or - 21-2024-10-15-00002 - Arr\u00eat\u00e9 pr\u00e9fectoral n\u00b01607 du 15 octobre 2024 portant habilitation de l'EURL C2J\nCONSEIL en application de l'article R.752-6-3 du code du commerce pour la r\u00e9alisation de l'analyse d'impact des projets\nd'am\u00e9nagement commercial\n32\nExPREFETDE LACOTE-D'ORLibert\u00e9Egalit\u00e9Fraternit\u00e9\nDIRECTION DE LA COORDINATION DES POLITIQUES\nPUBLIQUES ET DE L'APPUI TERRITORIAL\nP\u00f4le Environnement et Urbanisme\nArr\u00eat\u00e9 pr\u00e9fectoral n\u00b0 1607 du 15 octobre 2024\nportant habilitation de l'EURL C2J CONSEIL en application de l'article R.752-6-3 du code du\ncommerce pour la r\u00e9alisation de l'analyse d'impact des projets d'am\u00e9nagement commercial\nHabilitation n\u00b0 HAI-21-46-2024-10-15\nLe secr\u00e9taire g\u00e9n\u00e9ral de la pr\u00e9fecture de la C\u00f4te-d'Or\nen charge de l'int\u00e9rim des fonctions de pr\u00e9fet de la C\u00f4te-d'Or\nVU le Code du Commerce, notamment les articles L752-6-III et R752-6-1 \u00e0 R752-6-3 ; \nVU la  loi  n\u00b0  2018-1021  du  23  novembre  2018  portant  \u00e9volution  du  logement,  de\nl'am\u00e9nagement et du num\u00e9rique, notamment son titre IV - article 163 ;\nVU le d\u00e9cret n\u00b0 2019-331 du 17 avril 2019 relatif \u00e0 la composition et au fonctionnement\ndes  commissions  d\u00e9partementales  d'am\u00e9nagement  commercial  et  aux  demandes\nd'autorisation d'exploitation commerciale ;\nVU l'arr\u00eat\u00e9  minist\u00e9riel  du  19  juin  2019  modifi\u00e9  fixant  le  contenu  du  formulaire  de\ndemande d'habilitation pour r\u00e9aliser l'analyse d'impact mentionn\u00e9e au III de l'article\nL.752-6 du code du commerce ;\nVU l'arr\u00eat\u00e9 pr\u00e9fectoral du 11 septembre 2019 habilitant l'EURL C2J CONSEIL pour la\nr\u00e9alisation  de  l'analyse  d'impact  des  projets  d'am\u00e9nagement  commercial  pour  une\ndur\u00e9e de 5 ans ;\nVU  la  demande  d'habilitation  formul\u00e9e  par  l'EURL  C2J  CONSEIL,  4  avenue  de  la\ncr\u00e9ativit\u00e9  \u2013  59650  VILLENEUVE-D'ASCQ,  repr\u00e9sent\u00e9e  par  Mme  Christine  JEANJEAN,\ng\u00e9rante, re\u00e7ue le 13 septembre 2024, pour r\u00e9aliser l'analyse d'impact des dossiers de\ndemande d'autorisation d'exploitation commerciale du d\u00e9partement de la C\u00f4te-d'Or ;\nVU le dossier produit \u00e0 l'appui de la demande susvis\u00e9e et les justificatifs joints ;\nCONSIDERANT que l'extrait de casier judiciaire (bulletin n\u00b0 3) de la repr\u00e9sentante l\u00e9gale\nde la soci\u00e9t\u00e9 susvis\u00e9e charg\u00e9e de r\u00e9aliser les analyses d'impact est vierge ;\nCONSIDERANT  que  la  personne  mentionn\u00e9e  dans  la  demande  d'habilitation,  par\nlaquelle ou sous la responsabilit\u00e9 de laquelle seront r\u00e9alis\u00e9es les analyses d'impact est\ntitulaire des dipl\u00f4mes requis ;\n1/2\nPr\u00e9fecture de la C\u00f4te-d'Or - 21-2024-10-15-00002 - Arr\u00eat\u00e9 pr\u00e9fectoral n\u00b01607 du 15 octobre 2024 portant habilitation de l'EURL C2J\nCONSEIL en application de l'article R.752-6-3 du code du commerce pour la r\u00e9alisation de l'analyse d'impact des projets\nd'am\u00e9nagement commercial\n33\nCONSIDERANT que la soci\u00e9t\u00e9 C2J CONSEIL dispose des moyens et outils de collecte et\nd'analyse des informations relatives aux effets d'un projet commercial sur l'animation et\nle  d\u00e9veloppement  \u00e9conomique  des  centres-villes  des  communes  de  la  zone  de\nchalandise et sur l'emploi \u00e0 l'\u00e9chelle de cette m\u00eame zone ;\nCONSIDERANT que le pr\u00e9c\u00e9dent arr\u00eat\u00e9 pr\u00e9fectoral d'habilitation du 11 septembre 2019\nsusvis\u00e9 \u00e9tait valable jusqu'au 11 septembre 2024 ;\nSUR proposition de Monsieur le secr\u00e9taire g\u00e9n\u00e9ral de la Pr\u00e9fecture de la C\u00f4te-d'Or ;\nA R R E T E\nArticle 1er : La soci\u00e9t\u00e9 C2J CONSEIL sise 4 avenue de la Cr\u00e9ativit\u00e9 \u2013 59650 VILLENEUVE-\nD'ASCQ, est habilit\u00e9e \u00e0 r\u00e9aliser les analyses d'impact pr\u00e9vues au III de l'article L.752-6 du\ncode  du  commerce,  pour  les  projets  d'am\u00e9nagement  commerciaux  situ\u00e9s  dans  le\nd\u00e9partement de la C\u00f4te-d'Or.\nArticle 2 : La pr\u00e9sente habilitation est accord\u00e9e pour une dur\u00e9e de cinq ans, \u00e0 compter\nde ce jour, sans renouvellement tacite. \nArticle 3 : En application du code de justice administrative et notamment des articles R.\n421-1 et R. 421-5, le pr\u00e9sent arr\u00eat\u00e9 peut, dans un d\u00e9lai de deux mois \u00e0 compter de sa\npublication, faire l'objet :\n- soit d'un recours gracieux, adress\u00e9e \u00e0 Monsieur le Pr\u00e9fet de C\u00f4te-d'Or, 53, rue de la\nPr\u00e9fecture \u2013 21041 Dijon Cedex ;\n- soit  d'un  recours  hi\u00e9rarchique,  adress\u00e9  \u00e0  Monsieur  le  Ministre  de  l'Int\u00e9rieur,  Place\nBeauvau \u2013 75008 Paris Cedex 08 ;\n- soit d'un recours contentieux, en saisissant le Tribunal administratif de Dijon, 22, rue\nd'Assas \u2013 21000 Dijon ou t\u00e9l\u00e9recours citoyen.\nLes recours doivent \u00eatre adress\u00e9s par lettre recommand\u00e9e avec accus\u00e9 de r\u00e9ception.\nArticle  4  :  M.  le  secr\u00e9taire  g\u00e9n\u00e9ral  de  la  pr\u00e9fecture  de  la  C\u00f4te-d'Or  est  charg\u00e9  de\nl'ex\u00e9cution du pr\u00e9sent arr\u00eat\u00e9, qui sera publi\u00e9 au recueil des actes administratifs de la\npr\u00e9fecture de la C\u00f4te-d'Or et notifi\u00e9 \u00e0 Mme Christine JEANJEAN, g\u00e9rante.\nFait \u00e0 Dijon,\nLE PREFET,\nLe secr\u00e9taire g\u00e9n\u00e9ral de la pr\u00e9fecture de la C\u00f4te-d'Or, \nen charge de l'int\u00e9rim des fonctions de pr\u00e9fet\nde la C\u00f4te-d'Or\nSign\u00e9\nJohann MOUGENOT\n2/2\nPr\u00e9fecture de la C\u00f4te-d'Or - 21-2024-10-15-00002 - Arr\u00eat\u00e9 pr\u00e9fectoral n\u00b01607 du 15 octobre 2024 portant habilitation de l'EURL C2J\nCONSEIL en application de l'article R.752-6-3 du code du commerce pour la r\u00e9alisation de l'analyse d'impact des projets\nd'am\u00e9nagement commercial\n34\nPr\u00e9fecture de la C\u00f4te-d'Or\nDirection de la coordination, des politiques\npubliques et de l'appui territorial\n21-2024-10-15-00003\nArr\u00eat\u00e9 pr\u00e9fectoral n\u00b01608 du 15 octobre 2024\nportant habilitation de la SASU DU RIVAU\nCONSULTING en application de l'article\nR752-6-3 du code du commerce pour la\nr\u00e9alisation de l'analyse d'impact des projets\nd'am\u00e9nagement commercial\nPr\u00e9fecture de la C\u00f4te-d'Or - 21-2024-10-15-00003 - Arr\u00eat\u00e9 pr\u00e9fectoral n\u00b01608 du 15 octobre 2024 portant habilitation de la SASU DU\nRIVAU CONSULTING en application de l'article R752-6-3 du code du commerce pour la r\u00e9alisation de l'analyse d'impact des projets\nd'am\u00e9nagement commercial\n35\nExPREFETDE LACOTE-D'ORLibert\u00e9Egalit\u00e9Fraternit\u00e9\nDIRECTION DE LA COORDINATION DES POLITIQUES\nPUBLIQUES ET DE L'APPUI TERRITORIAL\nP\u00f4le Environnement et Urbanisme\nArr\u00eat\u00e9 pr\u00e9fectoral n\u00b0 1608 du 15 octobre 2024\nportant habilitation de la SASU DU RIVAU CONSULTING en application de l'article R.752-6-3\ndu code du commerce pour la r\u00e9alisation de l'analyse d'impact des projets d'am\u00e9nagement\ncommercial\nHabilitation n\u00b0 HAI-21-47-2024-10-15\nLe secr\u00e9taire g\u00e9n\u00e9ral de la pr\u00e9fecture de la C\u00f4te-d'Or\nen charge de l'int\u00e9rim des fonctions de pr\u00e9fet de la C\u00f4te-d'Or\nVU le Code du Commerce, notamment les articles L752-6-III et R752-6-1 \u00e0 R752-6-3 ; \nVU la  loi  n\u00b0  2018-1021  du  23  novembre  2018  portant  \u00e9volution  du  logement,  de\nl'am\u00e9nagement et du num\u00e9rique, notamment son titre IV - article 163 ;\nVU le d\u00e9cret n\u00b0 2019-331 du 17 avril 2019 relatif \u00e0 la composition et au fonctionnement\ndes  commissions  d\u00e9partementales  d'am\u00e9nagement  commercial  et  aux  demandes\nd'autorisation d'exploitation commerciale ;\nVU l'arr\u00eat\u00e9  minist\u00e9riel  du  19  juin  2019  modifi\u00e9  fixant  le  contenu  du  formulaire  de\ndemande d'habilitation pour r\u00e9aliser l'analyse d'impact mentionn\u00e9e au III de l'article\nL.752-6 du code du commerce ;\nVU l'arr\u00eat\u00e9 pr\u00e9fectoral du 24 octobre 2019 habilitant la SASU DU RIVAU CONSULTING\npour la r\u00e9alisation de l'analyse d'impact des projets d'am\u00e9nagement commercial pour\nune dur\u00e9e de 5 ans ;\nVU  la demande d'habilitation formul\u00e9e par la SASU DU RIVAU CONSULTING, 34 rue\nVignon \u2013 75009 PARIS, repr\u00e9sent\u00e9e par Mme Am\u00e9lie DU RIVAU, pr\u00e9sidente, re\u00e7ue le 19\nseptembre  2024,  pour  r\u00e9aliser  l'analyse  d'impact  des  dossiers  de  demande\nd'autorisation d'exploitation commerciale du d\u00e9partement de la C\u00f4te-d'Or ;\nVU le dossier produit \u00e0 l'appui de la demande susvis\u00e9e et les justificatifs joints ;\nCONSIDERANT que l'extrait de casier judiciaire (bulletin n\u00b0 3) de la repr\u00e9sentante l\u00e9gale\nde la soci\u00e9t\u00e9 susvis\u00e9e charg\u00e9e de r\u00e9aliser les analyses d'impact est vierge ;\nCONSIDERANT  que  la  personne  mentionn\u00e9e  dans  la  demande  d'habilitation,  par\nlaquelle ou sous la responsabilit\u00e9 de laquelle seront r\u00e9alis\u00e9es les analyses d'impact est\ntitulaire des dipl\u00f4mes requis ;\n1/2\nPr\u00e9fecture de la C\u00f4te-d'Or - 21-2024-10-15-00003 - Arr\u00eat\u00e9 pr\u00e9fectoral n\u00b01608 du 15 octobre 2024 portant habilitation de la SASU DU\nRIVAU CONSULTING en application de l'article R752-6-3 du code du commerce pour la r\u00e9alisation de l'analyse d'impact des projets\nd'am\u00e9nagement commercial\n36\nCONSIDERANT que la soci\u00e9t\u00e9 DU RIVAU CONSULTING dispose des moyens et outils de\ncollecte et d'analyse des informations relatives aux effets d'un projet commercial sur\nl'animation et le d\u00e9veloppement \u00e9conomique des centres-villes des communes de la\nzone de chalandise et sur l'emploi \u00e0 l'\u00e9chelle de cette m\u00eame zone ;\nCONSIDERANT  que le pr\u00e9c\u00e9dent arr\u00eat\u00e9 pr\u00e9fectoral d'habilitation du 24 octobre 2019\nsus-vis\u00e9 est valable jusqu'au 24 octobre 2024 ;\nSUR proposition de Monsieur le secr\u00e9taire g\u00e9n\u00e9ral de la Pr\u00e9fecture de la C\u00f4te-d'Or ;\nA R R E T E\nArticle 1er  : La soci\u00e9t\u00e9 DU RIVAU CONSULTING sise 34 rue Vignon \u2013 75009 PARIS, est\nhabilit\u00e9e \u00e0 r\u00e9aliser les analyses d'impact pr\u00e9vues au III de l'article L.752-6 du code du\ncommerce, pour les projets d'am\u00e9nagement commerciaux situ\u00e9s dans le d\u00e9partement\nde la C\u00f4te-d'Or.\nArticle 2 : La pr\u00e9sente habilitation est accord\u00e9e pour une dur\u00e9e de cinq ans, \u00e0 compter\ndu 24 octobre 2024 sans renouvellement tacite. \nArticle 3 : En application du code de justice administrative et notamment des articles R.\n421-1 et R. 421-5, le pr\u00e9sent arr\u00eat\u00e9 peut, dans un d\u00e9lai de deux mois \u00e0 compter de sa\npublication, faire l'objet :\n- soit d'un recours gracieux, adress\u00e9e \u00e0 Monsieur le Pr\u00e9fet de C\u00f4te-d'Or, 53, rue de la\nPr\u00e9fecture \u2013 21041 Dijon Cedex ;\n- soit  d'un  recours  hi\u00e9rarchique,  adress\u00e9  \u00e0  Monsieur  le  Ministre  de  l'Int\u00e9rieur,  Place\nBeauvau \u2013 75008 Paris Cedex 08 ;\n- soit d'un recours contentieux, en saisissant le Tribunal administratif de Dijon, 22, rue\nd'Assas \u2013 21000 Dijon ou t\u00e9l\u00e9recours citoyen.\nLes recours doivent \u00eatre adress\u00e9s par lettre recommand\u00e9e avec accus\u00e9 de r\u00e9ception.\nArticle  4  :  M.  le  secr\u00e9taire  g\u00e9n\u00e9ral  de  la  pr\u00e9fecture  de  la  C\u00f4te-d'Or  est  charg\u00e9  de\nl'ex\u00e9cution du pr\u00e9sent arr\u00eat\u00e9, qui sera publi\u00e9 au recueil des actes administratifs de la\npr\u00e9fecture de la C\u00f4te-d'Or et notifi\u00e9 \u00e0 Mme Am\u00e9lie DU RIVAU, pr\u00e9sidente.\nFait \u00e0 Dijon,\nLE PREFET,\nLe secr\u00e9taire g\u00e9n\u00e9ral de la pr\u00e9fecture de la C\u00f4te-d'Or, \nen charge de l'int\u00e9rim des fonctions de pr\u00e9fet\nde la C\u00f4te-d'Or\nSign\u00e9\nJohann MOUGENOT\n2/2\nPr\u00e9fecture de la C\u00f4te-d'Or - 21-2024-10-15-00003 - Arr\u00eat\u00e9 pr\u00e9fectoral n\u00b01608 du 15 octobre 2024 portant habilitation de la SASU DU\nRIVAU CONSULTING en application de l'article R752-6-3 du code du commerce pour la r\u00e9alisation de l'analyse d'impact des projets\nd'am\u00e9nagement commercial\n37","date":"2024-10-18","first_seen_on":"2025-09-14T17:16:55+00:00","id":"4e5f900cc5f1861dace94fa076b11111e6757129fa05d4afd87598249019a6f8","name":"RAA n\u00b0 146 du 18 octobre 2024","pdf_creation_date":"2024-10-18T14:17:44+00:00","pdf_modification_date":null,"timezone":"Europe/Paris","url":"https://www.cote-dor.gouv.fr/contenu/telechargement/22217/169792/file/recueil-21-2024-146-recueil-des-actes-administratifs-special.pdf"}
