{"administration":"pref30","administration_name":"Pr\u00e9fecture du Gard","content":"PR\u00c9FET\nDU GARD\nRECUEIL DES ACTES\nADMINISTRATIFS SP\u00c9CIAL\nN\u00b030-2024-032\nPUBLI\u00c9 LE 16 F\u00c9VRIER 2024\nSommaire\nDirection D\u00e9partementale des Tetrritoires et de la Mer du Gard /\n30-2024-02-09-00009 - Arr\u00eat\u00e9 encadrant le d\u00e9lai de d\u00e9p\u00f4t des demandes\nd\u25a1indemnisation fond\u00e9e sur la solidarit\u00e9 nationale suite aux temp\u00e9ratures\n\u00e9lev\u00e9es d\u25a1ao\u00fbt 2023 (2 pages) Page 3\n30-2024-02-15-00004 - Arr\u00eat\u00e9 portant inscription de la commune d'Anduze\nsur la liste d\u00e9partementale des communes habilit\u00e9es \u00e0 prescrire le\nravalement obligatoire des fa\u00e7ades des immeubles. (1 page) Page 6\n30-2024-02-16-00001 - Arr\u00eat\u00e9 pr\u00e9fectoral Portant autorisation de p\u00eache\nprofessionnelle en eau douce sur les \u00e9tangs et les marais du Crey et du\nCharnier sur la commune de Vauvert, pour monsieur Thibault MEYNADIER\n(5 pages) Page 8\nPrefecture du Gard /\n30-2024-02-16-00003 - AP candidatures de l'\u00e9lection partielle de LE GARN\ndes 3 et 10 mars 2024 (2 pages) Page 14\n30-2024-02-16-00002 - AP candidatures de l'\u00e9lection partielle de St \u00c9tienne\ndes sorts des 3 et 10 mars 2024 (2 pages) Page 17\n30-2024-02-14-00007 - Arr\u00eat\u00e9 pr\u00e9fectoral aprouvant l'adh\u00e9sion de\nCavillargues au SIVU des massifs du Gard Rhodanien (2 pages) Page 20\n2\nDirection D\u00e9partementale des Tetrritoires et de\nla Mer du Gard\n30-2024-02-09-00009\nArr\u00eat\u00e9 encadrant le d\u00e9lai de d\u00e9p\u00f4t des\ndemandes d\u25a1indemnisation fond\u00e9e sur la\nsolidarit\u00e9 nationale suite aux temp\u00e9ratures\n\u00e9lev\u00e9es d\u25a1ao\u00fbt 2023\nDirection D\u00e9partementale des Tetrritoires et de la Mer du Gard - 30-2024-02-09-00009 - Arr\u00eat\u00e9 encadrant le d\u00e9lai de d\u00e9p\u00f4t des\ndemandes d\u25a1indemnisation fond\u00e9e sur la solidarit\u00e9 nationale suite aux temp\u00e9ratures \u00e9lev\u00e9es d\u25a1ao\u00fbt 2023 3\nE . | Direction d\u00e9partementaleP RE FE,_T__ _, des territoires et de la merDU GARDLibert\u00e9\u00c9galit\u00e9Fraternit\u00e9\nService \u00c9conomie AgricoleAffaire suivie par : Dominique LETERRIERT\u00e9l. : 04 66 62 62 45 \u2014 07 85 09 29 83ddtm-calam@gard.gouv.fr\n| ARR\u00caT\u00c9 N\u00b0 BTN~ SEA -ROZ/; -OO3ZEncadrant le d\u00e9lai de d\u00e9p\u00f4t des demandes d'indemnisation fond\u00e9e sur la solidarit\u00e9 nationalesuite aux temp\u00e9ratures \u00e9lev\u00e9es d'ao\u00fbt 2023Le pr\u00e9fet du GardChevalier de la L\u00e9gion d'honneur,Chevalier de l'ordre national du M\u00e9rite\nVU le Code rural et de la p\u00eache maritime, notamment son article D. 361-44-7 ;VU l'arr\u00e9t\u00e9 minist\u00e9riel du 08 f\u00e9vrier 2024 reconnaissant l'\u00e9ligibilit\u00e9 des pertes de r\u00e9colte caus\u00e9es par lestemp\u00e9ratures \u00e9lev\u00e9es d'ao\u00fbt 2023 dans le d\u00e9partement du Gard au titre de I'indemnisation fond\u00e9e sur lasolidarit\u00e9 nationale : Raisins de cuveCommunes sinistr\u00e9es : Aigaliers, Aigremont, Aigues-Mortes, Aigues-Vives, Aigueze, Aimargues, Al\u00e8s, Allegre,Anduze, Les Angles, Aramon, Argilliers, Arpaillargues-Et-Aureillac, Asperes, Aubais, Aubord, AubussarguesAujargues, Bagard, Bagnols-Sur-Ceze, Barjac, Baron, La Bastide- -D'engras, Beaucaire, Beauvoisin, Bellegarde,Belvezet, Bernis, Bezouce, Blauzac, Boisset-Et-Gaujac, Boissieres, Boucoiran-Et-Nozieres, Bouillargues,Bouquet, Bourdic, Bragassargues, Brignon, Brouzet-Les-Quissac, Brouzet-Les-Ales, La Bruguiere, Cabrieres,La Cadiere-Et-Cambo, Le Cailar, Caissargues, La Calmette, Calvisson, Canaules-Et-Argentieres, Cannes-Et-Clairan, La Capelle-Et-Masmolene, Cardet, Carnas, Carsan, Cassagnoles, Castelnau-Valence, Castillon-Du-Gard, Caveirac, Cavillargues, Chusclan, Clarensac, Codognan, Codolet, Collias, Collorgues, Combas,Comps, Congenies, Connaux, Conqueyrac, Corbes, Corconne, Cornillon, Crespian, Cruviers-Lascours,Deaux, Dions, Domazan, Domessargues, Durfort-Et-Saint-Martin-De-Sossenac, Estezargues, Euzet, Flaux,Foissac, Fon\u00e4'\"iFon_s-Sur-Lussan Fontanes, Fontareches, Fournes, Fourques, Fressac, Gailhan, Gajan,Gallargues-Les! bon_tueux ,L\u00e9e. Garn Garons, Garrigues-Sainte-Eulalie, Gaujac, Generac, Generargues,Goudargues; lssurac, Jonqmeres\u2014Samt\u2014Vlncent Junas, Langlade, Laudun, Laval-Saint-Roman, Lecques,Ledenon, Ledignan, Le Grau du-Roi, Les Mages, Les Plans, Lezan, Liouc, Lirac, Logrian-Florian, Lussan,Manduel, M\u00e4rguerittes, Martignargues, Maruejols-Les-Gardon, Massanes, Massillargues-Attuech,Mauressargues, Mejannes-Le-Clap, Mejannes-Les-Ales, Meynes, Milhaud, Monoblet, Mons, Montagnac,Montaren-Et-Saint-Mediers, Montclus, Monteils, Montfaucon, Montfrin, - Montignargues, Montmirat,Montpezat, Moulezan, Moussac, Mus, Nages-Et-Solorgues, Navacelles, Ners, Nimes, Orsan, Orthoux-Serignac-Quilhan, Parignargues, Le Pin, Pompignan, Pont-Saint-Esprit, Poteli\u00e8res, Pougnadoresse, Poulx,Pouzilhac, Puechredon, Pujaut, Quissac, Redessan, Remoulins, Ribaute-Les-Tavernes, Rivi\u00e8res, Rochefort-Du-Gard, Rochegude, Rodilhan, Roquemaure, La Roque-Sur-Ceze, Rousson, La Rouviere, Sabran, Saint-Alexandre, Saint-Ambroix, Sainte-Anastasie, Saint-Andre-De-Roquepertuis, Saint-Andre-D'olerargues,\n,\n89, rue Weber - 30907 NIMES CEDEX 2 _T\u00e9l: 04 66 62 62 00 - Fax : 04 66 23 28 79 - www.gard.gouv.fr\nDirection D\u00e9partementale des Tetrritoires et de la Mer du Gard - 30-2024-02-09-00009 - Arr\u00eat\u00e9 encadrant le d\u00e9lai de d\u00e9p\u00f4t des\ndemandes d\u25a1indemnisation fond\u00e9e sur la solidarit\u00e9 nationale suite aux temp\u00e9ratures \u00e9lev\u00e9es d\u25a1ao\u00fbt 2023 4\nSaint-Bauzely, Saint-Benezet, Saint-Bonnet-Du-Gard; Saint-Cesaire-De-Gauzignan, Saint-Chaptes, Saint-Christol-De-Rodieres, Saint-Christol-Les-Ales, Saint-Clement, Saint-Come-Et-Maruejols, Saint-Denis, Saint-Dezery, Saint-Dionizy, Saint-Etienne-De-L'olm, Saint-Etienne-Des-Sorts, Saint-Felix-De-Pallieres, Saint-Genies-De-Comolas, Saint-Genies-De-Malgoires, Saint-Gervais, Saint-Gervasy, Saint-Gilles, Saint-Hilaire-De-Brethmas, Saint-Hilaire-D'ozilhan, Saint-Hippolyte-De-Caton, Saint-Hippolyte-De-Montaigu, Saint-Hippolyte-Du-Fort, Saint-Jean-De-Ceyrargues, Saint-Jean-De-Crieulon, Saint-Jean-De-Maruejols-Et-Avejan,Saint-Jean-De-Serres, Saint-Julien-de-Cassagnas, Saint-Julien-De-Peyrolas, Saint-Just-Et-Vacquieres, Saint-Laurent-d'Aigouze, Saint-Laurent-De-Carnols, Saint-Laurent-Des-Arbres, Saint-Laurent-La-Vernede, Saint--Mamert-Du-Gard, Saint-Marcel-De-Careiret, Saint-Maurice-De-Cazevieille, Saint-Maximin, -Saint-Michel-D'euzet, Saint-Nazaire, Saint-Nazaire-Des-Gardies, Saint-Paulet-De-Caisson, Saint-Paul-Les-Fonts, Saint-Pons-La-Calm, Saint-Privat-De-Champclos, Saint-Privat-Des-Vieux, Saint-Quentin-La-Poterie, Saint-Siffret,Saint-Theodorit, Saint-Victor-de-Malcap, Saint-Victor-Des-Oules, Saint-Victor-La-Coste, Salazac, Salindres,Salinelles, Sanilhac-Sagries, Sardan, Sauve, Sauveterre, Sauzet, Savignargues, Saze, Sernhac, Servas,Serviers-Et-Labaume, Seynes, Sommieres, Souvignargues, Tavel, Tharaux, Theziers, Tornac, Tresques,Uchaud, Uzes, Vallabregues, Vallabrix, Vallerargues, Valliguieres, Vauvert, Venejan, Verfeuil, Vergeze, Vers-Pont-Du-Gard, Vestric-Et-Candiac, Vez\u00e9nobres, Vic-Le-Fesq, Villeneuve-Les-Avignon, Villevieille.\nARR\u00caTEARTICLE 1 :Les demandes d'indemnisation formul\u00e9es par les exploitants agricoles au titre de l'indemnisation fond\u00e9esur la solidarit\u00e9 nationale pour les pertes de r\u00e9coltes en abricots, p\u00eaches, nectarines, pommes, poires,noix, bl\u00e9 tendre d'hiver et orge d'hiver cons\u00e9cutives aux orages de gr\u00eale de mai et juin 2023 doivent \u00eatre_ formalis\u00e9es du 15 f\u00e9vrier 2024 au 15 avril 2024 aupr\u00e8s de la DDTM- Par voie postale \u00e0 l'adresse suivante :' DDTM du GardService \u00c9conomie Agricole89 rue W\u00e9ber \u2014 30907 N\u00eemes CEDEX 2\nARTICLE 2 :Le pr\u00e9sent arr\u00eat\u00e9 sera publi\u00e9 au recueil des actes administratifs du d\u00e9partement du Gard.\nN\u00eemes, le 09 f\u00e9vrier 2024Pour le pr\u00e9fet et par d\u00e9l\u00e9gation,__ Le directeur d\u00e9partementaldes territoires et de la mer duLe chef du service \u00e9conomie\n89, rue Weber - 30907 NIMES CEDEX 2T\u00e9l : 04 66 62 62 00 - Fax : 04 66 23 28 79 - www.gard.gouv.fr\nDirection D\u00e9partementale des Tetrritoires et de la Mer du Gard - 30-2024-02-09-00009 - Arr\u00eat\u00e9 encadrant le d\u00e9lai de d\u00e9p\u00f4t des\ndemandes d\u25a1indemnisation fond\u00e9e sur la solidarit\u00e9 nationale suite aux temp\u00e9ratures \u00e9lev\u00e9es d\u25a1ao\u00fbt 2023 5\nDirection D\u00e9partementale des Tetrritoires et de\nla Mer du Gard\n30-2024-02-15-00004\nArr\u00eat\u00e9 portant inscription de la commune\nd'Anduze sur la liste d\u00e9partementale des\ncommunes habilit\u00e9es \u00e0 prescrire le ravalement\nobligatoire des fa\u00e7ades des immeubles.\nDirection D\u00e9partementale des Tetrritoires et de la Mer du Gard - 30-2024-02-15-00004 - Arr\u00eat\u00e9 portant inscription de la commune\nd'Anduze sur la liste d\u00e9partementale des communes habilit\u00e9es \u00e0 prescrire le ravalement obligatoire des fa\u00e7ades des immeubles. 6\nPREFET Direction d\u00e9partementaleDU GARD des territoires et de la merLibert\u00e9Egalit\u00e9Fraternit\u00e9\nService habitat et construction N\u00eemes,le 1 5 FEV, 2024Affaire suivie par : Fran\u00e7oise ROUXT\u00e9l. : 04 66 62 62 88francoise.roux@gard.gouv.frARR\u00caT\u00c9 N\u00b0portant mscrlptlon de la commune d'Anduze sur la liste d\u00e9partementale des communes habilit\u00e9es \u00e0' prescrire le ravalement obligatoire des fa\u00e7ades des immeublesLe pr\u00e9fet du GardChevalier de la L\u00e9gion d'honneur,\nVU le code de la construction et de l'habitation et notamment ses articles L 126-2, L 126-3 et R 126-1 ;VU le d\u00e9cret du 13 juillet 2023 portant nomination de M. J\u00e9r\u00f4me BONET pr\u00e9fet du Gard ; e\nVU la d\u00e9lib\u00e9ration du conseil municipal de la commune d'Anduze en date du 18 d\u00e9cembre 2023demandant l'inscription de la commune sur la liste d\u00e9partementale des communes habilit\u00e9es \u00e0 prescrirele ravalement obligatoire des fa\u00e7ades des immeubles ;VU l'avis favorable des services de I'Unit\u00e9 d\u00e9partementale de I'architecture et du patrimoine du Gard(UDAP) en date du 9 f\u00e9vrier 2024 ;\nSUR PROPOSITION de Monsieur le secr\u00e9taire g\u00e9n\u00e9ral de la pr\u00e9fecture du Gard ;ARR\u00caTEARTICLE 1 :La commune d'Anduze est inscrite sur la liste des communes habilit\u00e9es \u00e0 prescrire le ravalementobligatoire des fa\u00e7ades, conform\u00e9ment aux dispositions de l'article L 126-2 du code de la construction etde_l'habita_tion.Le p\u00e9rim\u00e8tre concern\u00e9 par cette obligation est celui du coeur de ville et des faubourgs.ARTICLE 2 :Le secr\u00e9taire g\u00e9n\u00e9ral de la pr\u00e9fecture, la maire d'Anduze, le directeur d\u00e9partemental des territoires et dela mer, l'architecte des b\u00e2timents de France sont charg\u00e9s, chacun en ce qui le concerne, de l'ex\u00e9cution dupr\u00e9sent arr\u00eat\u00e9 qui sera publi\u00e9 au recueil des actes administratifs de la pr\u00e9fecture du Gard.Le pr\u00e9fet,\nPour le pr\u00e9fet,89, rue Weber - 30907 NIMES CEDEX 2 le SOUS-PF\u00e9fet diointT\u00e9l : 04 66 62 62 00 - Fax : 04 66 23 28 79 - www.gard.gouv.fr secr\u00e9taire c\u00e9 r'erai adjoinMathias\nDirection D\u00e9partementale des Tetrritoires et de la Mer du Gard - 30-2024-02-15-00004 - Arr\u00eat\u00e9 portant inscription de la commune\nd'Anduze sur la liste d\u00e9partementale des communes habilit\u00e9es \u00e0 prescrire le ravalement obligatoire des fa\u00e7ades des immeubles. 7\nDirection D\u00e9partementale des Tetrritoires et de\nla Mer du Gard\n30-2024-02-16-00001\nArr\u00eat\u00e9 pr\u00e9fectoral Portant autorisation de p\u00eache\nprofessionnelle en eau douce sur les \u00e9tangs et les\nmarais du Crey et du Charnier sur la commune\nde Vauvert, pour monsieur Thibault MEYNADIER\nDirection D\u00e9partementale des Tetrritoires et de la Mer du Gard - 30-2024-02-16-00001 - Arr\u00eat\u00e9 pr\u00e9fectoral Portant autorisation de\np\u00eache professionnelle en eau douce sur les \u00e9tangs et les marais du Crey et du Charnier sur la commune de Vauvert, pour monsieur\nThibault MEYNADIER\n8\nPREFETDU GARDL'iberte'Egalit\u00e9Fraternit\u00e9\nDirection d\u00e9partementale\ndes territoires et de la mer\nService eau et risques\nUnit\u00e9 gestion qualitative et milieux aquatiques\nR\u00e9f. : SER//GQMA/GS\nAffaire suivie par : Genevi\u00e8ve SOLER\nT\u00e9l. : 04.66 62 65 22\nCourriel : genevieve.soler@gard.gouv.fr\nARR\u00caT\u00c9 PREFECTORAL N\u00b0\nPortant autorisation de p\u00eache professionnelle en eau douce sur les \u00e9tangs et les marais du Crey et du\nCharnier sur la commune de Vauvert, pour monsieur Thibault MEYNADIER.\nLe pr\u00e9fet du Gard\nChevalier de la L\u00e9gion d'honneur,\nChevalier de l'ordre national du M\u00e9rite\nVU   le Code de l'Environnement et notamment les articles L.431-1, L.431-3, L.436-1, L.436-13, R.436-14, \nR.436-15, R.436-16, R.436-18, R.436-19, R.436-20, R.436-21, R.436-25, R.436-26 et R.436-28, R.436-65-3, R.436-\n65-4 et R.436-65-5.\nVU l'arr\u00eat\u00e9 minist\u00e9riel du 5 f\u00e9vrier 2016 relatif aux p\u00e9riodesde p\u00eache de l'anguille europ\u00e9enne (Anguilla\nanguilla) aux stades d'anguille jaune et d'anguille argent\u00e9e.\nVU le d\u00e9cret n\u00b02004-374 du 29 avril 2004 relatif aux pouvoirs des pr\u00e9fets, \u00e0 l'organisation et \u00e0 l'action des\nservices de l'Etat dans les r\u00e9gions et d\u00e9partements.\nVU  le d\u00e9cret du 13 juillet 2023 nomment M. J\u00e9r\u00f4me BONET, pr\u00e9fet du Gard. \nVU L'arr\u00eat\u00e9 pr\u00e9fectoral du Gard n\u00b0 30-2023-08-21-00016 du 21 ao\u00fbt 2023 portant d\u00e9l\u00e9gation de signature\nen mati\u00e8re d'administration g\u00e9n\u00e9rale \u00e0 monsieur S\u00e9bastien FERRA, direction d\u00e9partementale des\nterritoires et de la mer du Gard.\nVU La d\u00e9cision n\u00b0 2023-SF-AG03 du 23 ao\u00fbt 2023 portant subd\u00e9l\u00e9g ation de signature en mati\u00e8re\nd'administration g\u00e9n\u00e9rale \u00e0 monsieur S\u00e9bastien FERRA, directeur d\u00e9partemental des territoires et de la\nmer du Gard.\nVU la demande d\u00e9pos\u00e9e le 16 novembre 2023 par monsieur ThibaultMEYNADIER, p\u00eacheur professionnel\nen eau douce et ses compl\u00e9ments en date des 5 d\u00e9cembre 2023, 19 janvier 2024 et 22 janvier 2024.\nVU la convention d'occupation du domaine public de la communau t\u00e9 de communes de petite\nCamargue, en date du 7 juin 2021, relative aux \u00e9tangs et aux marais du Cre y d'une superficie\napproximative de 74 ha, situ\u00e9 sur la commune de Vauvert.\n89, rue Weber \u2013 30907 NIMES CEDEX 2\nT\u00e9l : 04 66 62 62 00 - Fax : 04 66 23 28 79 - www.gard.gouv.fr\nDirection D\u00e9partementale des Tetrritoires et de la Mer du Gard - 30-2024-02-16-00001 - Arr\u00eat\u00e9 pr\u00e9fectoral Portant autorisation de\np\u00eache professionnelle en eau douce sur les \u00e9tangs et les marais du Crey et du Charnier sur la commune de Vauvert, pour monsieur\nThibault MEYNADIER\n9\nVU la convention d'occupation du domaine public de la communau t\u00e9 de communes de petite\nCamargue, en date du 16 juin 2021, relative aux \u00e9tangs et aux marais du Ch arnier d'une superficie\napproximative de 170 ha, situ\u00e9s sur la commune de Vauvert.\nVU l'avis favorable sous r\u00e9serve de l'office fran\u00e7ais de la biodiversit\u00e9 - service d\u00e9partemental du Gard en\ndate du 4 janvier 2023.\nVU  l'accord tacite du pr\u00e9sident de l'A.A.I.P.P.E.D. Rh\u00f4ne aval m\u00e9diterran\u00e9e.\nVU l'accord tacite du pr\u00e9sident de la f\u00e9d\u00e9ration du Gard pour la p\u00eache et la protection des milieux\naquatiques.\nCONSIDERANT que la p\u00eache dans les eaux douces et fluviales du d\u00e9partement du Gard est r\u00e9glement\u00e9e\ndans le but de prot\u00e9ger les diff\u00e9rentes esp\u00e8ces de poissons et notamment les salmonid\u00e9s.\nCONSIDERANT que monsieur Thibault MEYNADIER est adh\u00e9rent \u00e0 l'associati on interd\u00e9partementale\nagr\u00e9\u00e9e des p\u00eacheurs professionnels Rh\u00f4ne Aval M\u00e9diterran\u00e9e. \nCONSIDERANT que la communaut\u00e9 de communes de petite Camargue autorise mo nsieur Thibault\nMEYNADIER, par convention en date du 7 juin 2021, \u00e0 occuper \u00e0 titre pr\u00e9caire et r\u00e9vocable les biens des\n\u00e9tangs et des marais du Crey d'une superficie approximativede 74 ha, situ\u00e9s sur la commune de Vauvert\net par convention en date du 16 juin 2021, \u00e0 occuper \u00e0 titre pr\u00e9caire et r\u00e9vocable les biens des \u00e9tangs et\nmarais du Charnier d'une superficie approximative de 170 ha, situ\u00e9s sur la commune de Vauvert, pour\nexercer son activit\u00e9 de p\u00eache professionnelle.\nCONSIDERANT que la demande de monsieur Thibault MEYNADIER est conforme a ux exigences de\nl'arr\u00eat\u00e9 du 4 octobre 2010 qui r\u00e9git les autorisations de p\u00eache de l'anguille en eau douce.\nSUR PROPOSITION  de monsieur le directeur d\u00e9partemental des territoires et de la mer du Gard.\nARR\u00caTE\nARTICLE 1 : B\u00e9n\u00e9ficiaire de l'autorisation\nMonsieur Thibault MEYNADIER dont le lieu d'habitation est a u chemin vieux de Saint-Gilles \u2013 Mas\nd'Angelin \u2013 30600 Vauvert , est autoris\u00e9 \u00e0 pratiquer la p\u00eache professionnelle en eau do uce dans les\nconditions fix\u00e9es au pr\u00e9sent arr\u00eat\u00e9.\nARTICLE 2 : Validit\u00e9 de l'autorisation\nCette autorisation est valable du 1er janvier au 30 juin 2024  pour l'anguille. \nLes conventions d'occupation du domaine public pour l'occupation \u00e0 titre pr\u00e9caire et r\u00e9vocable des\n\u00e9tangs et des marais du Crey et du Charnier, liant la communaut\u00e9 de communes de petite Camargue au\np\u00eacheur professionnel Thibault MEYNADIER, prennent fin le30 juin 2024 au soir. Le p\u00eacheur\nprofessionnel Thibault MEYNADIER est donc dans l'obligation de renouveler ses conventions avec la\ncommunaut\u00e9 de commune de petite Camargue et de les transmettre \u00e0 la DDTM du Gard afin de pouvoir\nb\u00e9n\u00e9ficier d'une prolongation de la pr\u00e9sente autorisationde p\u00eache pour la p\u00e9riode du 1er juillet au 31\nd\u00e9cembre 2024.\n89, rue Weber \u2013 30907 NIMES CEDEX 2\nT\u00e9l : 04 66 62 62 00 - Fax : 04 66 23 28 79 - www.gard.gouv.fr\nDirection D\u00e9partementale des Tetrritoires et de la Mer du Gard - 30-2024-02-16-00001 - Arr\u00eat\u00e9 pr\u00e9fectoral Portant autorisation de\np\u00eache professionnelle en eau douce sur les \u00e9tangs et les marais du Crey et du Charnier sur la commune de Vauvert, pour monsieur\nThibault MEYNADIER\n10\nARTICLE 3 : Heures et lieux de captures\nLa p\u00eache de l'anguille peut \u00eatre pratiqu\u00e9e \u00e0 toute heure (man\u0153uvre, rel\u00e8ve et pose des engins).\nLa p\u00eache des autres esp\u00e8ces peut \u00eatre pratiqu\u00e9e quatre heures avant le lever du soleil et quatre heures\napr\u00e8s son coucher (man\u0153uvre, rel\u00e8ve et pose des engins).\nLes filets et engins de toute nature doivent \u00eatre retir\u00e9s de l'eau du samedi 18 heures au lundi 6 heures \u00e0\nl'exception toutefois des bosselles \u00e0 anguilles, nasses et verveux (rel\u00e8ve hebdomadaire). Les nasses et\nverveux destin\u00e9s \u00e0 la capture d'autres esp\u00e8ces que l'anguille peuvent rester dans l'eau mais ne peuvent\n\u00eatre man\u0153uvr\u00e9s.\nLes lieux de p\u00eache sont situ\u00e9s sur les \u00e9tangs et les marais appartenant \u00e0 la commune de Vauvert (en 2\u00e8me\ncat\u00e9gorie) d'une superficie approximative de 74 ha (Crey) et d'une superficie approximative de 170 ha\n(Charnier).\nARTICLE 4 : P\u00e9riode d'ouvertures sp\u00e9cifiques et stades autoris\u00e9s pour la p\u00eache de l'anguille\nLa p\u00eache \u00e0 l'anguille est ouverte selon les p\u00e9riodes indiqu\u00e9es ci-dessous (arr\u00eat\u00e9 du 5 f\u00e9vrier 2016 relatif\naux p\u00e9riodes de p\u00eache de l'anguille europ\u00e9enne aux stades d'anguille jaune et d'anguille argent\u00e9e :\n*  La p\u00eache de l'anguille de moins de douze centim\u00e8tre est interdite toute l'ann\u00e9e.\n*  La p\u00eache de l'anguille jaune est autoris\u00e9e du 15 mars au 1er juillet puis du 1er septembre au 15 octobre .\n*  La p\u00eache de l'anguille argent\u00e9e (ou anguille de d\u00e9valaison) est autoris\u00e9e du 1er septembre au 15 octobre.\nARTICLE 5 : Nombre, nature et dimensions des engins et mat\u00e9riels autoris\u00e9s\nEngins utilis\u00e9s :\n*50 verveux \u00e0 ailes, maille de 10 mm minimum (capture d'anguille) d'une longueur de 5 \u00e0 30 m en fonction\ndu lieu de p\u00eache.\nLes divers engins destin\u00e9s \u00e0 la capture de l'anguille (maille de 10mm) sont interdits, en dehors de ces\np\u00e9riodes d'ouverture indiqu\u00e9es sur l'article 4 du pr\u00e9sent arr\u00eat\u00e9 pr\u00e9fectoral.\nL'article R.436.26 du code de l'environnement interdit l'utilisation d'engins \u00e0 mailles inf\u00e9rieures \u00e0 10 mm\nquelle que soit l'esp\u00e8ce piscicole captur\u00e9e.\nARTICLE 6 : Positionnement et marquage des engins\nLes filets et engins de toute nature, fixes ou mobiles, lignes de fond comprises, ne peuvent :\n* Occuper plus des 2/3 de la largeur mouill\u00e9e du cours d'eau, d e la roubine ou du plan d'eau, dans les\nemplacements o\u00f9 ils sont utilis\u00e9s.\n* Etre employ\u00e9s simultan\u00e9ment sur la m\u00eame rive ou sur deux riv es oppos\u00e9es, m\u00eame par des p\u00eacheurs\ndiff\u00e9rents, que s'ils sont s\u00e9par\u00e9s par une distance \u00e9gale \u00e0 t rois fois au moins la longueur du plus long de\nces filets ou engins (Les lignes dormantes ne sont pas concern\u00e9es).\nDans les eaux du domaine priv\u00e9 (cas des \u00e9tangs et marais de Vau vert), la partie sup\u00e9rieure des filets doit\n\u00eatre apparente au-dessus de l'eau sur toute la longueur tendue ou jalonn\u00e9e d'une mani\u00e8re visible.\nLes engins utilis\u00e9s doivent \u00eatre identifi\u00e9s distinctement de mani\u00e8re \u00e0 les diff\u00e9rencier des engins\nappartenant aux autres p\u00eacheurs professionnels r\u00e9guli\u00e8rement autoris\u00e9s dans le m\u00eame secteur. De plus, ce\n89, rue Weber \u2013 30907 NIMES CEDEX 2\nT\u00e9l : 04 66 62 62 00 - Fax : 04 66 23 28 79 - www.gard.gouv.fr\nDirection D\u00e9partementale des Tetrritoires et de la Mer du Gard - 30-2024-02-16-00001 - Arr\u00eat\u00e9 pr\u00e9fectoral Portant autorisation de\np\u00eache professionnelle en eau douce sur les \u00e9tangs et les marais du Crey et du Charnier sur la commune de Vauvert, pour monsieur\nThibault MEYNADIER\n11\nmarquage permet d'\u00e9viter la confusion avec ceux utilis\u00e9s pa r des personnes n'ayant aucun statut de\np\u00eacheur professionnel aux engins.\nMonsieur Thibault MEYNADIER doit obligatoirement identif ier tous ses engins \u00e0 l'aide d'une \u00e9tiquette\nen mati\u00e8re plastique, de couleur visible et portant ses initiales : MT.\nARTICLE 7 :  Pr\u00e9sentation de l'autorisation\nLe b\u00e9n\u00e9ficiaire doit \u00eatre porteur de la pr\u00e9sente autorisation lors des op\u00e9rations de p\u00eache. Il est tenu de la\npr\u00e9senter \u00e0 toute demande des agents charg\u00e9s de la police de la p\u00eache en eau douce.\nARTICLE 8 : Retrait de l'autorisation\nLa pr\u00e9sente autorisation est personnelle et incessible. Elle peut \u00eatre retir\u00e9e \u00e0 tout moment sans indemnit\u00e9\nsi le b\u00e9n\u00e9ficiaire n'a pas respect\u00e9 les clauses ou les prescriptions qui lui sont li\u00e9es. \nARTICLE 9 : Tenue d'un registre de capture\nTout p\u00eacheur professionnel en eau douce d'anguilles jauneset argent\u00e9es d\u00e9clare ses captures une fois par\nmois, au plus tard le 5 du mois suivant.\nLes p\u00eacheurs professionnels doivent \u00e9galement tenir \u00e0 jour, apr\u00e8s chaque relev\u00e9, une fiche de captures en\neau douce.\nDe plus, une fiche de d\u00e9claration de captures d'anguilles doit \u00eatre renseign\u00e9e apr\u00e8s la pes\u00e9e des poissons\navant enl\u00e8vement par le mareyeur. Le b\u00e9n\u00e9ficiaire ne peut exercer les droits qui sont li\u00e9s \u00e0 la pr\u00e9sente\nautorisation que s'il a obtenu l'accord du (ou des) d\u00e9tenteur (s) du droit de p\u00eache.\nLe marin p\u00eacheur Thibault MEYNADIER rel\u00e8ve de l'\u00e9tablissem ent national des invalides de la marine\n(ENIM), ses d\u00e9clarations de captures d'anguilles doivent \u00eatre effectu\u00e9es sur le site dont il d\u00e9pend (cot\u00e9\nmaritime).\nARTICLE 10 : Affichage et publicit\u00e9\nLe pr\u00e9sent arr\u00eat\u00e9 est publi\u00e9 au recueil des actes administra tifs de la pr\u00e9fecture et sur le site internet de la\npr\u00e9fecture : www.gard.gouv.fr.\nARTICLE 11 : D\u00e9lai et voie de recours\nLe pr\u00e9sent arr\u00eat\u00e9 est susceptible d'un recours devant le tribunal administratif de N\u00eemes dans un d\u00e9lai de\ndeux mois \u00e0 compter de sa publication au recueil des actes administratifs de la pr\u00e9fecture du Gard.\nLe tribunal administratif peut aussi \u00eatre saisi par l'appli cation informatique \u00ab  t\u00e9l\u00e9recours citoyens \u00bb\naccessible par le site internet www.telerecours.fr\n89, rue Weber \u2013 30907 NIMES CEDEX 2\nT\u00e9l : 04 66 62 62 00 - Fax : 04 66 23 28 79 - www.gard.gouv.fr\nDirection D\u00e9partementale des Tetrritoires et de la Mer du Gard - 30-2024-02-16-00001 - Arr\u00eat\u00e9 pr\u00e9fectoral Portant autorisation de\np\u00eache professionnelle en eau douce sur les \u00e9tangs et les marais du Crey et du Charnier sur la commune de Vauvert, pour monsieur\nThibault MEYNADIER\n12\nARTICLE 12 : Ex\u00e9cution\nLe secr\u00e9taire g\u00e9n\u00e9rale de la pr\u00e9fecture du Gard, le directeur d\u00e9partemental des territoires et de la mer du\nGard, le chef du service d\u00e9partemental de l'office fran\u00e7aisde la biodiversit\u00e9 du Gard, le commandant du\ngroupement de gendarmerie du Gard sont charg\u00e9s, chacun en ce qui le concerne, de l'ex\u00e9cution du\npr\u00e9sent arr\u00eat\u00e9, dont notification sera adress\u00e9e au b\u00e9n\u00e9ficiaire. Une copie est transmise \u00e0 la f\u00e9d\u00e9ration du\nGard pour la p\u00eache et la protection du milieu aquatique, au pr \u00e9sident de l'association des p\u00eacheurs\nprofessionnels Rh\u00f4ne aval m\u00e9diterran\u00e9e, \u00e0 la communaut\u00e9 decommunes de petite Camargue ainsi qu'\u00e0 la\ncommune de Vauvert.\nN\u00eemes, le 16 f\u00e9vrier 2024\nPour le pr\u00e9fet et par d\u00e9l\u00e9gation,\nLe chef du service eau et risques\nSIGNE\nVincent COURTRAY\n89, rue Weber \u2013 30907 NIMES CEDEX 2\nT\u00e9l : 04 66 62 62 00 - Fax : 04 66 23 28 79 - www.gard.gouv.fr\nDirection D\u00e9partementale des Tetrritoires et de la Mer du Gard - 30-2024-02-16-00001 - Arr\u00eat\u00e9 pr\u00e9fectoral Portant autorisation de\np\u00eache professionnelle en eau douce sur les \u00e9tangs et les marais du Crey et du Charnier sur la commune de Vauvert, pour monsieur\nThibault MEYNADIER\n13\nPrefecture du Gard\n30-2024-02-16-00003\nAP candidatures de l'\u00e9lection partielle de LE\nGARN des 3 et 10 mars 2024\nPrefecture du Gard - 30-2024-02-16-00003 - AP candidatures de l'\u00e9lection partielle de LE GARN des 3 et 10 mars 2024 14\nEZ Direction de la citoyennet\u00e9, de la l\u00eagal\u00eet\u00e9 et de la coordinationPR\u00c9FET Service des \u00e9lections, de la r\u00e9glementation g\u00e9n\u00e9raleDU GARD et de l'environnement\u00c9galit\u00e9 Bureau des \u00e9lectionsFraternit\u00e9\n| Arr\u00eat\u00e9 n\u00b0 du f\u00e4 Yportant \u00e9tat d\u00e9finitif des candidatures enregistr\u00e9es en pr\u00e9fectureTMpour le premier tour de l'\u00e9lection municipale partielle compl\u00e9mentairede LE GARN des 3 et 10 mars 2024\nLe pr\u00e9fet du GardChevalier de la L\u00e9gion d'honneurChevalier de l'ordre national du M\u00e9rite\nVu le Code \u00e9lectoral, notamment ses articles L. 255-4 et R. 28 ;Vu l'arr\u00eat\u00e9 pr\u00e9fectoral n\u00b0 30-2024-01-17-00002 du 17 janvier 2024 fixant les dates del'\u00e9lection municipale partielle compl\u00e9mentaire de LE GARN aux dimanches 3 et 10 mars2024, portant convocation des \u00e9lecteurs et fixant les d\u00e9lais de d\u00e9p\u00f4t des d\u00e9clarations decandidature ;Sur proposition du Secr\u00e9taire G\u00e9n\u00e9ral de la pr\u00e9fecture du Gard ;\nArr\u00eate :Article 1 : l'\u00e9tat d\u00e9finitif des candidatures enregistr\u00e9es en pr\u00e9fecture pour le premier tour deI'\u00e9lection municipale partielle compl\u00e9mentaire de LE GARN, commune de moins de 1 000habitants est annex\u00e9 au pr\u00e9sent arr\u00eat\u00e9.\nArticle 2 : les conseillers municipaux des communes de moins de 1 000 habitants \u00e9tant \u00e9lusau scrutin plurinominal majoritaire \u00e0 deux tours, les candidatures sont pr\u00e9sent\u00e9es par ordrealphab\u00e9tique des candidats.\nArticle 3 : le secr\u00e9taire g\u00e9n\u00e9ral de la pr\u00e9fecture du GARD, la maire de LE GARN sont charg\u00e9s,chacun en qui le concerne, de l'ex\u00e9cution du pr\u00e9sent arr\u00eat\u00e9 qui sera publi\u00e9 au recueil desactes administratifs de la pr\u00e9fecture et ins\u00e9r\u00e9 sur le site internet de I'Etat dans le Gard( www.gard.gouv.fr ).\nLe pr\u00e9fet,Pour le pr\u00e9fet,le sous-pr\u00e9fet, \u2014secr\u00e9taire g\u00e9n\u00e9ral adjointe\nMathias NIE\nPrefecture du Gard - 30-2024-02-16-00003 - AP candidatures de l'\u00e9lection partielle de LE GARN des 3 et 10 mars 2024 15\n(ECTION DE LA CITOYENNETE, DE LA LEGALITEDE LA COORDINATIONWVICE DES ELECTIONS, DE LA REGLEMENTATION GENERALEDE L'ENVIRONNEMENTREAU DES ELECTIONS\nELECTION MUNICIPALE PARTIELLE COMPLEMENTAIREDE LE GARNETAT DES CANDIDATURES ENREGISTREESPOUR LE 1ER TOUR DE SCRUTIN DU 3 MARS 2024\nM. DELARQUE MATTHIEUMme. NICOLAS LOZZI VIRGINIEM. RATH AUDREYM. PELLOUX BERNARD\nPrefecture du Gard - 30-2024-02-16-00003 - AP candidatures de l'\u00e9lection partielle de LE GARN des 3 et 10 mars 2024 16\nPrefecture du Gard\n30-2024-02-16-00002\nAP candidatures de l'\u00e9lection partielle de St\n\u00c9tienne des sorts des 3 et 10 mars 2024\nPrefecture du Gard - 30-2024-02-16-00002 - AP candidatures de l'\u00e9lection partielle de St \u00c9tienne des sorts des 3 et 10 mars 2024 17\nE Direction de la citoyennet\u00e9, de la l\u00e9galit\u00e9 et de la coordinationPR\u00c9FET Service des \u00e9lections, de la r\u00e9glementation g\u00e9n\u00e9raleDU GARD et de l'environnement\u00c9galit\u00e9 Bureau des \u00e9lectionsFraternit\u00e9\nArr\u00eat\u00e9 n du &) b,portant \u00e9tat d\u00e9finitif des candidatures enregistr\u00e9es en pr\u00e9fecturepour le premier tour de l'\u00e9lection municipale partielle compl\u00e9mentairede SAINT-ETIENNE DES SORTS des 3 et 10 mars 2024\nLe pr\u00e9fet du GardChevalier de la L\u00e9gion d'honneurChevalier de l'ordre national du M\u00e9rite\nVu le Code \u00e9lectoral, notamment ses articles L. 255-4 et R. 28 ;Vu l'arr\u00eat\u00e9 pr\u00e9fectoral n\u00b0 30-2024-01-17-00002 du 17 janvier 2024 fixant les dates deI'\u00e9lection municipale partielle compl\u00e9mentaire de SAINT-ETIENNE DES SORTS auxdimanches 3 et 10 mars 2024, portant convocation des \u00e9lecteurs et fixant les d\u00e9lais de d\u00e9p\u00f4tdes d\u00e9clarations de candidature ; :Sur proposition du Secr\u00e9taire G\u00e9n\u00e9ral de la pr\u00e9fecture du Gard ;\nArr\u00eate :Article 1 : l'\u00e9tat d\u00e9finitif des candidatures enregistr\u00e9es en pr\u00e9fecture pour le premier tour del'\u00e9lection municipale partielle compl\u00e9mentaire de SAINT-ETIENNE DES SORTS, commune demoins de 1 000 habitants est annex\u00e9 au pr\u00e9sent arr\u00eat\u00e9.Article 2 : les conseillers municipaux des communes de moins de 1 000 habitants \u00e9tant \u00e9lusau scrutin plurinominal majoritaire \u00e0 deux tours, les candidatures sont pr\u00e9sent\u00e9es par ordrealphab\u00e9tique des candidats.Article 3 : le secr\u00e9taire g\u00e9n\u00e9ral de la pr\u00e9fecture du GARD, le maire par interim de SAINT-ETIENNE DES SORTS sont charg\u00e9s, chacun en qui le concerne, de l'ex\u00e9cution du pr\u00e9sentarr\u00eat\u00e9 qui sera publi\u00e9 au recueil des actes administratifs de la pr\u00e9fecture et ins\u00e9r\u00e9 sur le siteinternet de l'\u00c9tat dans le Gard ( www.gard.gouv.fr ).N\u00eemes, leLe pr\u00e9fet,Pour le pr\u00e9fet,le sous-pr\u00e9fet.secr\u00e9taire g\u00e9ngrai adjointMathias NIEP\nPrefecture du Gard - 30-2024-02-16-00002 - AP candidatures de l'\u00e9lection partielle de St \u00c9tienne des sorts des 3 et 10 mars 2024 18\nPREFECTURE DU GARDDIRECTION DE LA CITOYENNETE, DE LA LEGALITEET DE LA COORDINATION-SERVICE DES ELECTIONS, DE LA REGLEMENTATION GENERALEET DE L'ENVIRONNEMENTBUREAU DES ELECTIONS\nELECTION MUNICIPALE PARTIELLE COMPLEMENTAIREDE SAINT-ETIENNE DES SORTSETAT DES CANDIDATURES ENREGISTREESPOUR LE 1ER TOUR DE SCRUTIN DU 3 MARS 2024\nM. GARCIA VincentMme. GARCIA GUILLAUME MartineM. POLGE LudovicM. RIZZON Jean-Pierre\nPrefecture du Gard - 30-2024-02-16-00002 - AP candidatures de l'\u00e9lection partielle de St \u00c9tienne des sorts des 3 et 10 mars 2024 19\nPrefecture du Gard\n30-2024-02-14-00007\nArr\u00eat\u00e9 pr\u00e9fectoral aprouvant l'adh\u00e9sion de\nCavillargues au SIVU des massifs du Gard\nRhodanien\nPrefecture du Gard - 30-2024-02-14-00007 - Arr\u00eat\u00e9 pr\u00e9fectoral aprouvant l'adh\u00e9sion de Cavillargues au SIVU des massifs du Gard\nRhodanien 20\nPr\u00e9fecture - Direction de la citoyennet\u00e9, \nde la l\u00e9galit\u00e9 et de la coordination\nService des collectivit\u00e9s, des finances \net de l'intercommunalit\u00e9\nBureau des Finances Locales et de l'Intercommunalit\u00e9\nN\u00b0 DCLC-SCFI-BFLI-23-n\u00b0001\nArr\u00eat\u00e9\nportant adh\u00e9sion de la commune de Cavillargues\nau SIVU des massifs du Gard Rhodanien\nLe pr\u00e9fet du Gard\nChevalier de la L\u00e9gion d'honneur,\nChevalier de l'ordre national du M\u00e9rite \nVU  le code g\u00e9n\u00e9ral des collectivit\u00e9s territoriales (CGCT) notamment l'article L.5211-18 ;\nVU l'arr\u00eat\u00e9 pr\u00e9fectoral modifi\u00e9 n\u00b0 90-01858 en date du 28 novembre 1980 portant cr\u00e9ation\ndu SIVU du massif bagnolais ;\nVUl'arr\u00eat\u00e9 pr\u00e9fectoral n\u00b020170303-B1-004 du 3 mars 2017 portant adoption des nouveaux statuts du\nsyndicat et changement de sa d\u00e9nomination en SIVU des massifs du Gard Rhodanien ; \nVU la d\u00e9lib\u00e9ration du conseil municipal de Cavillargues en date du 1 juin 2023 demandant l'adh\u00e9sion de\nla commune au SIVU des massifs du Gard Rhodanien ;\nVUla d\u00e9lib\u00e9ration du comit\u00e9 syndical du SIVU des massifs du Gard Rhodanien acceptant l'adh\u00e9sion de\nla commune de Cavillargues ;\nVUles d\u00e9lib\u00e9rations des conseils municipaux des communes d'Aigueze (6 d\u00e9cembre 2023), Carsan (14\nnovembre 2023), Chusclan (28 novembre 2023), Cornillon (21novembre 2023), Goudargues (16\nnovembre 2023), Issirac (16 novembre 2023), La Roque-sur-C\u00e9ze (23 novembre 2023), Laudun-l'Ardoise\n(5 d\u00e9cembre 2023), Laval-Saint-Roman (6 d\u00e9cembre 2023), Orsan (14 novembre 2023), Sabran (16\nnovembre 2023), Saint-Christol-de-Rodi\u00e8res (5 d\u00e9cembre 2023), Saint-Laurent-de-Carnols (9 novembre\n2023), Saint-Marcel-de-Careiret (14 d\u00e9cembre 2023), Saint-Michel-d'Euzet (12 d\u00e9cembre 2023), Saint-\nNazaire (24 novembre 2023), Saint-Paulet-de-Caisson (27 novembre 2023), Salazac (12 d\u00e9cembre 2023),\nV\u00e9n\u00e9jan (8 novembre 2023), Verfeuil (26 janvier 2024) se pronon\u00e7ant en faveur de l'extension du\np\u00e9rim\u00e8tre du SIVU \u00e0 la commune de Cavillargues ;\nCONSIDERANTqu'en l'absence de d\u00e9lib\u00e9ration de leurs conseils municipaux dans le d\u00e9lai de trois mois\n\u00e0 compter de la notification de la d\u00e9lib\u00e9ration du comit\u00e9 syndical aux communes membres du SIVU\n(Bagnols-sur-C\u00e9ze, Le Garn, Montclus, Saint-Alexandre, Saint-Andr\u00e9-de-Roquepertuis, Saint-Andr\u00e9-\nd'Ol\u00e9rargues, Saint-Etienne-des-Sorts, Saint-Gervais,Saint-Julien-de-Peyrolas, Tresques) l'avis de ces\ncollectivit\u00e9s est r\u00e9put\u00e9 favorable ;\nCONSIDERANTque les membres du SIVU des massifs du Gard Rodhanien se sont prononc\u00e9s dans les\nconditions de majorit\u00e9 requises \u00e0 l'article L. 5211-18 du CGCT en faveur de l'adh\u00e9sion de la commune\nde Cavillargues \u00e0 ce syndicat et qu'il y a lieu d'en donner acte ;\nSUR proposition du secr\u00e9taire g\u00e9n\u00e9ral de la pr\u00e9fecture du Gard ;\nPrefecture du Gard - 30-2024-02-14-00007 - Arr\u00eat\u00e9 pr\u00e9fectoral aprouvant l'adh\u00e9sion de Cavillargues au SIVU des massifs du Gard\nRhodanien 21\nARR\u00caTE :\nArticle 1 : \nEst approuv\u00e9e l'adh\u00e9sion de la commune de Cavillargues au SIVU des massifs du Gard Rhodanien \u00e0 la\ndate du pr\u00e9sent arr\u00eat\u00e9.\nArticle 2 : \nConform\u00e9ment \u00e0 l'article 6 des statuts du SIVU des massifs du Gard Rhodanien approuv\u00e9s le 13 juin\n2023, la commune de Cavillargues disposera d'un si\u00e8ge au sein du comit\u00e9 syndical.\nArticle 3 : \nLe secr\u00e9taire g\u00e9n\u00e9ral de la pr\u00e9fecture du Gard, le directeurd\u00e9partemental des finances publiques, le\ndirecteur d\u00e9partemental des territoires et de la mer, le pr\u00e9sident du SIVU des massifs du Gard\nRhodanien et le maire de la commune de Cavillargues sont charg\u00e9s chacun en ce qui les concerne de\nl'ex\u00e9cution du pr\u00e9sent arr\u00eat\u00e9 qui sera ins\u00e9r\u00e9 au recueil desactes administratifs de la pr\u00e9fecture et des\nservices de l'\u00c9tat.\nN\u00eemes, le 14 f\u00e9vrier 2024\n             Le pr\u00e9fet,\npour le pr\u00e9fet,\nle sous-pr\u00e9fet\nsecr\u00e9taire g\u00e9n\u00e9ral adjoint\nMathias NIEPS\nPrefecture du Gard - 30-2024-02-14-00007 - Arr\u00eat\u00e9 pr\u00e9fectoral aprouvant l'adh\u00e9sion de Cavillargues au SIVU des massifs du Gard\nRhodanien 22","date":"2024-02-16","first_seen_on":"2025-01-08T21:55:06+00:00","id":"4e9a0956287a5cc870fc66e3b19b7973626243f7b9d10d3b30cfa0bca1f2ced1","name":"recueil-30-2024-032-special du 16 02 2024","pdf_creation_date":"2024-02-16T15:07:52+00:00","pdf_modification_date":null,"timezone":"CET","url":"https://www.gard.gouv.fr/contenu/telechargement/56724/425276/file/recueil-30-2024-032-special%20du%2016%2002%202024.pdf"}
