{"administration":"pref83","administration_name":"Pr\u00e9fecture du Var","content":"VAR\nRECUEIL DES ACTES\nADMINISTRATIFS SP\u00c9CIAL\n(NOMINATIFS)\nN\u00b083-2025-026\nPUBLI\u00c9 LE 24 JANVIER 2025\nSommaire\nDirection d\u00e9partementale de l'emploi, du travail et des solidarit\u00e9s du Var\n/ Direction de la DDETS\n83-2025-01-21-00007 - 047-2025-recepisse declaration modificative\nAMFD83-LEROUX LAURENCE du 21012025 (2 pages) Page 3\n83-2025-01-21-00008 - 049-2025-recepisse BENDAHER SONIA du 21012025\n(1 page) Page 6\n83-2025-01-22-00002 - 050-2025-recepisse declaration modificative\nBROUCAS PATRICK du 220125 (2 pages) Page 8\nDirection d\u00e9partementale des territoires et de la mer du Var / Service\nplanifications et prospective de la DDTM\n83-2025-01-08-00014 - 25-001-arrete prefectoral de composition.pdf (2\npages) Page 11\nPr\u00e9fecture du VAR / Direction de la citoyennet\u00e9 et de la l\u00e9galit\u00e9\n83-2025-01-22-00001 - ARR\u00caT\u00c9 PR\u00c9FECTORAL n\u00b0\nDCL/BERG/2025/0025 du 22 janvier 2025\nportant modification dans le\ndomaine fun\u00e9raire\nde la SAS \u00ab\u00a0ACCOMPAGNEMENT ET SERVICES\nFUNERAIRES DU VAR\u00a0\u00bb\n1128 Routes Des Selves \u00e0 SOLLI\u00c8S-VILLE\n(83210) - N\u00b0 20-83-0168 (2 pages) Page 14\nSecr\u00e9tariat g\u00e9n\u00e9ral commun d\u00e9partemental / Direction du SGCD\n83-2025-01-23-00002 - Arr\u00eat\u00e9 n\u00b0SGC/2025 du 23 janvier 2025 portant\nsubd\u00e9l\u00e9gation de signature et d'ordonnancement secondaire aux\ncadres du secr\u00e9tariat g\u00e9n\u00e9ral commun d\u00e9partemental du Var (9\npages) Page 17\n2\nDirection d\u00e9partementale de l'emploi, du travail\net des solidarit\u00e9s du Var\n83-2025-01-21-00007\n047-2025-recepisse declaration modificative\nAMFD83-LEROUX LAURENCE du 21012025\nDirection d\u00e9partementale de l'emploi, du travail et des solidarit\u00e9s du Var - 83-2025-01-21-00007 - 047-2025-recepisse declaration\nmodificative AMFD83-LEROUX LAURENCE du 21012025 3\nPF 4\nLibert\u00e9  + \u00c9galit\u00e9  + Fraternit\u00e9\nR\u00c9PUBLIQUE  FRAN\u00c7AISE\nR\u00e9c\u00e9piss\u00e9 de d\u00e9claration\nd'un organisme de services \u00e0 la personne\nenregistr\u00e9 sous le N\u00b0 SAP783169501\nVu le code du travail et notamment les articles L.7231-1 \u00e0 L.7233-2, R.7232-16 \u00e0 R.7232-22, D.7231-1 et\nD.7233-1 \u00e0 D.7233-5 ; \nLe pr\u00e9fet du Var\nConstate : \nQu'une d\u00e9claration d'activit\u00e9s modificative de services \u00e0 la personne a \u00e9t\u00e9 d\u00e9pos\u00e9e aupr\u00e8s du service\ninstructeur  du  Var,  le  17/01/25  par  Mme.  RENOUX  Laurence  en  qualit\u00e9  de  dirigeant(e),  pour\nl'organisme AMFD83 dont l'\u00e9tablissement principal est situ\u00e9 d\u00e9sormais 1 Rue Vincent All\u00e8gre 83000\nToulon et enregistr\u00e9 sous le N\u00b0 SAP783169501 pour les activit\u00e9s suivantes :\n  \u2022   Garde d'enfants de plus de 3 ans \u00e0 domicile (mode d'intervention Prestataire)\n  \u2022   Entretien de la maison et travaux m\u00e9nagers (mode d'intervention Prestataire)\n  \u2022   Assistance aux personnes \u00e2g\u00e9es (prestataire) (mode d'intervention Prestataire)\n  \u2022   Assistance aux personnes handicap\u00e9es (prestataire) (mode d'intervention Prestataire)\n  \u2022   Conduite de v\u00e9hicule des PA/PH (prestataire) (mode d'intervention Prestataire)\n  \u2022   Accompagnement des PA/PH (prestataire) dans leurs d\u00e9placements (mode d'intervention \nPrestataire)\nToute  modification  concernant  les  activit\u00e9s  exerc\u00e9es  devra  faire  l'objet  d'une  d\u00e9claration\nmodificative pr\u00e9alable.\nSous r\u00e9serve d'\u00eatre exerc\u00e9es \u00e0 titre exclusif (ou sous r\u00e9serve d'une comptabilit\u00e9 s\u00e9par\u00e9e pour les\npersonnes  morales  dispens\u00e9es  de  cette  condition),  ces  activit\u00e9s  ouvrent  droit  au  b\u00e9n\u00e9fice  des\ndispositions des articles L. 7233-2 du code du travail et L.241-10 du code de la s\u00e9curit\u00e9 sociale dans\nles conditions pr\u00e9vues par ces articles.\nLes effets de la d\u00e9claration courent \u00e0 compter du jour du d\u00e9p\u00f4t de la d\u00e9claration sous r\u00e9serve des\ndispositions de l'article R.7232-18 du code du travail. Le pr\u00e9sent r\u00e9c\u00e9piss\u00e9 n'est pas limit\u00e9 dans le\ntemps. La d\u00e9claration a une port\u00e9e nationale.\nL'enregistrement de la d\u00e9claration peut \u00eatre retir\u00e9 dans les conditions fix\u00e9es aux articles R.7232-\n20  \u00e0  R.7232-22  du  code  du  travail.  Le  pr\u00e9sent  r\u00e9c\u00e9piss\u00e9  sera  publi\u00e9  au  recueil  des  actes\nadministratifs de la pr\u00e9fecture.  Le pr\u00e9sent r\u00e9c\u00e9piss\u00e9 peut, \u00e0 compter de sa notification, faire\nl'objet d'un recours gracieux aupr\u00e8s service instructeur  du Var ou d'un recours hi\u00e9rarchique\nadress\u00e9 au ministre charg\u00e9 de l'\u00e9conomie - Direction g\u00e9n\u00e9rale des entreprises \u2013 sous-direction\ndes services marchands, 61 Boulevard Vincent Auriol, 75703 PARIS CEDEX 13.\nIl peut \u00e9galement faire l'objet d'un recours contentieux dans un d\u00e9lai de deux mois \u00e0 compter de sa\nnotification aupr\u00e8s du tribunal administratif de Toulon. Le tribunal administratif peut aussi \u00eatre saisi\npar  l'application  informatique  \u00ab  T\u00e9l\u00e9recours  citoyen  \u00bb  accessible  sur  le  site  internet\nhttp://www.telerecours.fr/     En cas de rejet du recours gracieux ou hi\u00e9rarchique ou en l'absence de\nr\u00e9ponse \u00e0 ce recours (rejet implicite), un recours contentieux devant le tribunal administratif de\nToulon peut \u00e9galement \u00eatre form\u00e9 contre la d\u00e9cision initiale dans un d\u00e9lai de deux mois \u00e0 compter\nde ce rejet. \n Pour le Pr\u00e9fet et par d\u00e9l\u00e9gation\nPour le Directeur d\u00e9partemental \nde l'emploi, du travail et des solidarit\u00e9s du Var \nLa cheffe du service accompagnement \ndes entreprises et d\u00e9veloppement des territoires\nSign\u00e9 : S\u00e9verine LARDERET\nFait \u00e0 CS 31209 - 83070 TOULON Cedex, le 21/01/2025\nDDETS du VarDirection d\u00e9partementale de l'emploi, du travail et des solidarit\u00e9s du Var - 83-2025-01-21-00007 - 047-2025-recepisse declaration\nmodificative AMFD83-LEROUX LAURENCE du 21012025 4\n Direction d\u00e9partementale de l'emploi, du travail et des solidarit\u00e9s du Var - 83-2025-01-21-00007 - 047-2025-recepisse declaration\nmodificative AMFD83-LEROUX LAURENCE du 21012025 5\nDirection d\u00e9partementale de l'emploi, du travail\net des solidarit\u00e9s du Var\n83-2025-01-21-00008\n049-2025-recepisse BENDAHER SONIA du\n21012025\nDirection d\u00e9partementale de l'emploi, du travail et des solidarit\u00e9s du Var - 83-2025-01-21-00008 - 049-2025-recepisse BENDAHER\nSONIA du 21012025 6\nPF 4\nLibert\u00e9  + \u00c9galit\u00e9  + Fraternit\u00e9\nR\u00c9PUBLIQUE  FRAN\u00c7AISE\nR\u00e9c\u00e9piss\u00e9 de d\u00e9claration\nd'un organisme de services \u00e0 la personne\nenregistr\u00e9 sous le N\u00b0 SAP510092976\nVu le code du travail et notamment les articles L.7231-1 \u00e0 L.7233-2, R.7232-16 \u00e0 R.7232-22, D.7231-1 et\nD.7233-1 \u00e0 D.7233-5 ; \nVu la demande de d\u00e9claration d\u00e9pos\u00e9e par l'organisme BENDAHER SONIA, 10 avenue Pr\u00e9 des \np\u00eacheurs 83000 TOULON, le 21/01/25  ;\nLe pr\u00e9fet du Var\nConstate : \nQu'une d\u00e9claration d'activit\u00e9s de services \u00e0 la personne a \u00e9t\u00e9 d\u00e9pos\u00e9e aupr\u00e8s du service instructeur\ndu  Var,  le  21/01/25  par  Mme.  BENDAHER  SONIA  en  qualit\u00e9  de  dirigeant(e),  pour  l'organisme\nBENDAHER  SONIA  dont  l'\u00e9tablissement  principal  est  situ\u00e9  10  avenue  Pr\u00e9  des  p\u00eacheurs  83000\nTOULON et enregistr\u00e9 sous le N\u00b0 SAP510092976 pour les activit\u00e9s suivantes :\n  \u2022   Entretien de la maison et travaux m\u00e9nagers (mode d'intervention Prestataire)\nToute  modification  concernant  les  activit\u00e9s  exerc\u00e9es  devra  faire  l'objet  d'une  d\u00e9claration\nmodificative pr\u00e9alable.\nSous r\u00e9serve d'\u00eatre exerc\u00e9es \u00e0 titre exclusif (ou sous r\u00e9serve d'une comptabilit\u00e9 s\u00e9par\u00e9e pour les\npersonnes  morales  dispens\u00e9es  de  cette  condition),  ces  activit\u00e9s  ouvrent  droit  au  b\u00e9n\u00e9fice  des\ndispositions des articles L. 7233-2 du code du travail et L.241-10 du code de la s\u00e9curit\u00e9 sociale dans\nles conditions pr\u00e9vues par ces articles.\nLes effets de la d\u00e9claration courent \u00e0 compter du jour du d\u00e9p\u00f4t de la d\u00e9claration sous r\u00e9serve des\ndispositions de l'article R.7232-18 du code du travail. Le pr\u00e9sent r\u00e9c\u00e9piss\u00e9 n'est pas limit\u00e9 dans le\ntemps. La d\u00e9claration a une port\u00e9e nationale.\nL'enregistrement de la d\u00e9claration peut \u00eatre retir\u00e9 dans les conditions fix\u00e9es aux articles R.7232-\n20 \u00e0 R.7232-22 du code du travail.\nLe pr\u00e9sent r\u00e9c\u00e9piss\u00e9 sera publi\u00e9 au recueil des actes administratifs de la pr\u00e9fecture.\nLe pr\u00e9sent r\u00e9c\u00e9piss\u00e9 peut, \u00e0 compter de sa notification, faire l'objet d'un recours gracieux aupr\u00e8s\nservice instructeur du Var ou d'un recours hi\u00e9rarchique adress\u00e9 au ministre charg\u00e9 de l'\u00e9conomie -\nDirection g\u00e9n\u00e9rale des entreprises \u2013 sous-direction des services marchands, 61 Boulevard Vincent\nAuriol, 75703 PARIS CEDEX 13.\nIl peut \u00e9galement faire l'objet d'un recours contentieux dans un d\u00e9lai de deux mois \u00e0 compter de sa\nnotification aupr\u00e8s du tribunal administratif de Toulon.\nLe tribunal administratif peut aussi \u00eatre saisi par l'application informatique \u00ab T\u00e9l\u00e9recours citoyen \u00bb\naccessible sur le site internet   http://www.telerecours.fr/\nEn cas de rejet du recours gracieux ou hi\u00e9rarchique ou en l'absence de r\u00e9ponse \u00e0 ce recours (rejet\nimplicite), un recours contentieux devant le tribunal administratif de Toulon peut \u00e9galement \u00eatre\nform\u00e9 contre la d\u00e9cision initiale dans un d\u00e9lai de deux mois \u00e0 compter de ce rejet.\n Pour le Pr\u00e9fet et par d\u00e9l\u00e9gation\nPour le Directeur d\u00e9partemental \nde l'emploi, du travail et des solidarit\u00e9s du Var \nLa cheffe du service accompagnement \ndes entreprises et d\u00e9veloppement des territoires\nSign\u00e9 : S\u00e9verine LARDERET\nFait \u00e0 CS 31209 - 83070 TOULON Cedex, le 21/01/2025\nDDETS du VarDirection d\u00e9partementale de l'emploi, du travail et des solidarit\u00e9s du Var - 83-2025-01-21-00008 - 049-2025-recepisse BENDAHER\nSONIA du 21012025 7\nDirection d\u00e9partementale de l'emploi, du travail\net des solidarit\u00e9s du Var\n83-2025-01-22-00002\n050-2025-recepisse declaration modificative\nBROUCAS PATRICK du 220125\nDirection d\u00e9partementale de l'emploi, du travail et des solidarit\u00e9s du Var - 83-2025-01-22-00002 - 050-2025-recepisse declaration\nmodificative BROUCAS PATRICK du 220125 8\nPF 4\nLibert\u00e9  + \u00c9galit\u00e9  + Fraternit\u00e9\nR\u00c9PUBLIQUE  FRAN\u00c7AISE\nR\u00e9c\u00e9piss\u00e9 de d\u00e9claration \nd'un organisme de services \u00e0 la personne\nenregistr\u00e9 sous le N\u00b0 SAP919006361\nVu le code du travail et notamment les articles L.7231-1 \u00e0 L.7233-2, R.7232-16 \u00e0 R.7232-22, D.7231-1 et\nD.7233-1 \u00e0 D.7233-5 ; \nVu la demande de d\u00e9claration modificative d\u00e9pos\u00e9e par l'organisme BROUCAS SERVICES, R\u00e9sidence \nle Petit D\u00e9fend - 27 All\u00e9e Des serins 83700 ST RAPHAEL, le 20/12/2024;\nLe pr\u00e9fet du Var\nConstate : \nQu'une d\u00e9claration d'activit\u00e9s modificative de services \u00e0 la personne a \u00e9t\u00e9 d\u00e9pos\u00e9e aupr\u00e8s du service\ninstructeur du Var, le 20/12/2024 par M. BROUCAS Patrick en qualit\u00e9 de dirigeant(e), pour l'organisme\nBROUCAS SERVICES dont l'\u00e9tablissement principal est situ\u00e9 d\u00e9sormais R\u00e9sidence le Petit D\u00e9fend, 27\nAll\u00e9e  Des  serins  83700  ST  RAPHAEL  et  enregistr\u00e9  sous  le  N\u00b0  SAP919006361  pour  les  activit\u00e9s\nsuivantes :\n  \u2022   Garde d'enfants de plus de 3 ans \u00e0 domicile (mode d'intervention Prestataire)\n  \u2022   Accompagnement des enfants de plus de 3 ans dans leurs d\u00e9placements (mode d'intervention \nPrestataire)\n  \u2022   Entretien de la maison et travaux m\u00e9nagers (mode d'intervention Prestataire)\n  \u2022   Petits travaux de jardinage (mode d'intervention Prestataire)\n  \u2022   Travaux de petit bricolage (mode d'intervention Prestataire)\n  \u2022   Pr\u00e9paration de repas \u00e0 domicile (mode d'intervention Prestataire)\n  \u2022   Livraison de repas \u00e0 domicile (mode d'intervention Prestataire)\n  \u2022   Collecte et livraison \u00e0 domicile de linge repass\u00e9 (mode d'intervention Prestataire)\n  \u2022   Livraison de courses \u00e0 domicile (mode d'intervention Prestataire)\n  \u2022   Maintenance, entretien et vigilance temporaires \u00e0 domicile (mode d'intervention Prestataire)\n  \u2022   Assistance informatique \u00e0 domicile (mode d'intervention Prestataire)\n  \u2022   Assistance administrative \u00e0 domicile (mode d'intervention Prestataire)\n  \u2022   Soins et promenade(s) d'animaux pour personnes d\u00e9pendantes (mode d'intervention Prestataire)\n  \u2022   Accompagnement des personnes pr\u00e9sentant une invalidit\u00e9 temporaire (mode d'intervention \nPrestataire)\n  \u2022   Assistance aux personnes ayant besoin d'une aide temporaire \u00e0 leur domicile (mode \nd'intervention Prestataire)\nToute  modification  concernant  les  activit\u00e9s  exerc\u00e9es  devra  faire  l'objet  d'une  d\u00e9claration\nmodificative pr\u00e9alable.\nSous r\u00e9serve d'\u00eatre exerc\u00e9es \u00e0 titre exclusif (ou sous r\u00e9serve d'une comptabilit\u00e9 s\u00e9par\u00e9e pour les\npersonnes  morales  dispens\u00e9es  de  cette  condition),  ces  activit\u00e9s  ouvrent  droit  au  b\u00e9n\u00e9fice  des\ndispositions des articles L. 7233-2 du code du travail et L.241-10 du code de la s\u00e9curit\u00e9 sociale dans\nles conditions pr\u00e9vues par ces articles.\nLes effets de la d\u00e9claration courent \u00e0 compter du jour du d\u00e9p\u00f4t de la d\u00e9claration sous r\u00e9serve des\ndispositions de l'article R.7232-18 du code du travail. Le pr\u00e9sent r\u00e9c\u00e9piss\u00e9 n'est pas limit\u00e9 dans le\ntemps. La d\u00e9claration a une port\u00e9e nationale.\nL'enregistrement de la d\u00e9claration peut \u00eatre retir\u00e9 dans les conditions fix\u00e9es aux articles R.7232-\n20 \u00e0 R.7232-22 du code du travail.\nLe pr\u00e9sent r\u00e9c\u00e9piss\u00e9 sera publi\u00e9 au recueil des actes administratifs de la pr\u00e9fecture.\nLe pr\u00e9sent r\u00e9c\u00e9piss\u00e9 peut, \u00e0 compter de sa notification, faire l'objet d'un recours gracieux aupr\u00e8s\nservice instructeur du Var ou d'un recours hi\u00e9rarchique adress\u00e9 au ministre charg\u00e9 de l'\u00e9conomie -\nDirection g\u00e9n\u00e9rale des entreprises \u2013 sous-direction des services marchands, 61 Boulevard Vincent\nAuriol, 75703 PARIS CEDEX 13.Direction d\u00e9partementale de l'emploi, du travail et des solidarit\u00e9s du Var - 83-2025-01-22-00002 - 050-2025-recepisse declaration\nmodificative BROUCAS PATRICK du 220125 9\nIl peut \u00e9galement faire l'objet d'un recours contentieux dans un d\u00e9lai de deux mois \u00e0 compter de sa\nnotification aupr\u00e8s du tribunal administratif de Toulon.\nLe tribunal administratif peut aussi \u00eatre saisi par l'application informatique \u00ab T\u00e9l\u00e9recours citoyen \u00bb\naccessible sur le site internet   http://www.telerecours.fr/\nEn cas de rejet du recours gracieux ou hi\u00e9rarchique ou en l'absence de r\u00e9ponse \u00e0 ce recours (rejet\nimplicite), un recours contentieux devant le tribunal administratif de Toulon peut \u00e9galement \u00eatre\nform\u00e9 contre la d\u00e9cision initiale dans un d\u00e9lai de deux mois \u00e0 compter de ce rejet. \nPour le Pr\u00e9fet et par d\u00e9l\u00e9gation\nPour le Directeur d\u00e9partemental \nde l'emploi, du travail et des solidarit\u00e9s du Var \nLa cheffe du service accompagnement \ndes entreprises et d\u00e9veloppement des territoires\nSign\u00e9 : S\u00e9verine LARDERET\nFait \u00e0 CS 31209 - 83070 TOULON Cedex, le 22/01/2025\nDDETS du Var\n Direction d\u00e9partementale de l'emploi, du travail et des solidarit\u00e9s du Var - 83-2025-01-22-00002 - 050-2025-recepisse declaration\nmodificative BROUCAS PATRICK du 220125 10\nDirection d\u00e9partementale des territoires et de la\nmer du Var\n83-2025-01-08-00014\n25-001-arrete prefectoral de composition.pdf\nDirection d\u00e9partementale des territoires et de la mer du Var - 83-2025-01-08-00014 - 25-001-arrete prefectoral de composition.pdf 11\n=m\nPREFET\nDU  VAR\nLibert\u00e9\nEgalit\u00e9\nFraternit\u00e9\nARR\u00caT\u00c9 PR\u00c9FECTORAL  \nn\u00b0 DDTM-SPP-PAU-2025-02\nfixant la composition de la commission d\u00e9partementale d'am\u00e9nagement commercial du Var,  \ncharg\u00e9e d'examiner  la demande de cr\u00e9ation d'un drive de 5 pistes pour l'Intermarch\u00e9, sur la  \ncommune de Sollies-Pont.\nLe pr\u00e9fet du Var,\nVu le code de commerce, et notamment les articles L. 751-1 et suivants et R. 751-1 et suivants  ;\nVu le code de l'urbanisme  ;\nVu la loi n\u00b0 2008-776 du 4 ao\u00fbt 2008 de modernisation de l'\u00e9conomie, et notamment son  \narticle 102 ;\nVu la loi n\u00b0 2014-626 du 18 juin 2014 relative \u00e0 l'artisanat, au commerce et aux tr\u00e8s petites  \nentreprises ;\nVu le d\u00e9cret n\u00b0 2015-165 du 12 f\u00e9vrier 2015 relatif \u00e0 l'am\u00e9nagement commercial  ;\nVu le d\u00e9cret n\u00b0 2019-331  du 17 avril 2019 relatif \u00e0 la composition et au fonctionnement des  \ncommissions d\u00e9partementales d'am\u00e9nagement commercial et aux demandes d'autorisation  \nd'exploitation commerciale  ;\nVu l'arr\u00eat\u00e9  pr\u00e9fectoral  du  18  septembre  2023  portant  constitution  de  la  commission  \nd\u00e9partementale d'am\u00e9nagement commercial du d\u00e9partement du Var  ;\nVu le d\u00e9cret du Pr\u00e9sident de la R\u00e9publique du 13 juillet 2023 portant nomination de Monsieur  \nPhilippe MAH\u00c9, pr\u00e9fet du Var,\nVu le d\u00e9cret du Pr\u00e9sident de la R\u00e9publique du 29 octobre 2024 portant nomination du  \nsecr\u00e9taire g\u00e9n\u00e9ral de la pr\u00e9fecture du Var, sous-prefet de Toulon, M. Lucien GIUDICELLI,\nVu l'arr\u00eat\u00e9 pr\u00e9fectoral n\u00b0 2024/56/MCI du 10 d\u00e9cembre 2024 portant d\u00e9l\u00e9gation de signature  \n\u00e0  M.  Lucien  GIUDICELLI,  secr\u00e9taire  g\u00e9n\u00e9ral  de  la  pr\u00e9fecture  du  Var,  sous-pr\u00e9fet  de  \nl'arrondissement de Toulon,\nConsid\u00e9rant la  demande de  permis  de  construire  n\u00b0  083  130  24  00032,  d\u00e9pos\u00e9e  le  \n11 d\u00e9cembre 2024 en mairie de Solli\u00e8s-Pont ;\nConsid\u00e9rant  la  transmission  du  dossier  complet  par  la  mairie  de  Sollies-Pont  et  son  \nenregistrement le 7 janvier 2025 sous le num\u00e9ro 25-001 ;\n1/2\nDirection d\u00e9partementale \ndes territoires et de la mer du Var\nService planifications et prospectiveDirection d\u00e9partementale des territoires et de la mer du Var - 83-2025-01-08-00014 - 25-001-arrete prefectoral de composition.pdf 12\nSur proposition de monsieur le secr\u00e9taire g\u00e9n\u00e9ral de la pr\u00e9fecture du Var  ;\nARR\u00caTE\nArticle  1     :   La  commission  d\u00e9partementale  d'am\u00e9nagement  commercial  est  charg\u00e9e  \nd'examiner la demande n\u00b0 25-001.\nLa pr\u00e9sente demande d'autorisation d'am\u00e9nagement commercial concerne  la cr\u00e9ation d'un  \ndrive Intermarch\u00e9 de 5 pistes.\nLe projet se situe 1 bis avenue Lion, sur la commune de Sollies-Pont.\nArticle 2     :   La commission d\u00e9partementale d'am\u00e9nagement commercial charg\u00e9e de statuer sur  \nla demande vis\u00e9e ci-dessus est compos\u00e9e comme suit  :\nLes \u00e9lus (7)     :\n\u2013 Monsieur le maire de la commune de la Sollies-Pont,  en qualit\u00e9 de maire de la commune  \nd'implantation, ou son repr\u00e9sentant,\n\u2013 Monsieur  le  pr\u00e9sident  de  la  communaut\u00e9  de  communes  Vall\u00e9e  du  Gapeau,  ou  son  \nrepr\u00e9sentant,\n\u2013 Monsieur le pr\u00e9sident du Syndicat Mixte  en charge du sch\u00e9ma de coh\u00e9rence territoriale  \nProvence M\u00e9diterran\u00e9e, ou son repr\u00e9sentant,\n\u2013 Monsieur le pr\u00e9sident du conseil d\u00e9partemental du Var, ou son repr\u00e9sentant,\n\u2013 Monsieur  le  pr\u00e9sident  du  conseil  r\u00e9gional  de  Provence-Alpes-C\u00f4te  d'Azur,  ou  son  \nrepr\u00e9sentant,\n\u2013 un membre repr\u00e9sentant les maires du Var, d\u00e9sign\u00e9 par l'association des maires du Var,\n\u2013 un membre repr\u00e9sentant les intercommunalit\u00e9s du Var, d\u00e9sign\u00e9 par l'association des maires  \ndu Var.\nLes personnalit\u00e9s qualifi\u00e9es (4)  :\nEn mati\u00e8re de consommation et de protection des consommateurs  :\n\u2013 Messieurs Patrick Hauti\u00e8re ou Jean-Paul Champion, association consommation logement et  \ncadre de vie,\n\u2013 Monsieur Christian Verbrugge, UFC que choisir.\nEn mati\u00e8re de d\u00e9veloppement durable et d'am\u00e9nagement du territoire  :\n\u2013 Messieurs Christian Luyton, soci\u00e9t\u00e9 fran\u00e7aise des urbanistes ou Christophe Jatareu-Conte,  \nunit\u00e9 d'architecture JC,\n\u2013 Monsieur Pierre Ancelle-Hansen ou Madame Annie Combes, association varoise pour la  \nsauvegarde de l'agriculture, de la nature et de l'environnement (AVSANE) ou Madame ou  \nMonsieur G\u00e9rard Filiot, association ligue pour la protection des oiseaux.\nArticle 3     :   Le secr\u00e9taire g\u00e9n\u00e9ral de la pr\u00e9fecture est charg\u00e9 de l'ex\u00e9cution du pr\u00e9sent arr\u00eat\u00e9  \ndont une ampliation sera notifi\u00e9e aux membres de la commission et au demandeur.\nFait \u00e0 Toulon, le 08/01/2025\nPour le pr\u00e9fet et par d\u00e9l\u00e9gation\nLe secr\u00e9taire g\u00e9n\u00e9ral\nSign\u00e9\nLucien GIUDICELLI\n2/2Direction d\u00e9partementale des territoires et de la mer du Var - 83-2025-01-08-00014 - 25-001-arrete prefectoral de composition.pdf 13\nPr\u00e9fecture du VAR\n83-2025-01-22-00001\nARR\u00caT\u00c9 PR\u00c9FECTORAL n\u00b0 DCL/BERG/2025/0025\ndu 22 janvier 2025\nportant modification dans le domaine fun\u00e9raire\nde la SAS \u00ab\u00a0ACCOMPAGNEMENT ET SERVICES\nFUNERAIRES DU VAR\u00a0\u00bb\n1128 Routes Des Selves \u00e0 SOLLI\u00c8S-VILLE (83210) -\nN\u00b0 20-83-0168\nPr\u00e9fecture du VAR - 83-2025-01-22-00001 - ARR\u00caT\u00c9 PR\u00c9FECTORAL n\u00b0 DCL/BERG/2025/0025 du 22 janvier 2025\nportant modification dans le domaine fun\u00e9raire\nde la SAS \u00ab\u00a0ACCOMPAGNEMENT ET SERVICES FUNERAIRES DU VAR\u00a0\u00bb\n1128 Routes Des Selves \u00e0 SOLLI\u00c8S-VILLE (83210) - N\u00b0 20-83-016814\n=m\nPREFET\nDU  VAR\nLibert\u00e9\nEgalit\u00e9\nFraternit\u00e9\nDirection de la citoyennet\u00e9 et de la l\u00e9galit\u00e9\nBureau des \u00e9lections et de la r\u00e9glementation g\u00e9n\u00e9rale\nARR\u00caT\u00c9 PR\u00c9FECTORAL  n\u00b0 DCL/BERG/2025/0025 du 22 janvier 2025\nportant modification dans le domaine fun\u00e9raire\nde la SAS \u00ab ACCOMPAGNEMENT ET SERVICES FUNERAIRES DU VAR  \u00bb\n1128 Routes Des Selves \u00e0 SOLLI\u00c8S-VILLE (83210)\nN\u00b0 20-83-0168\nLe Pr\u00e9fet du Var,\nVu le code g\u00e9n\u00e9ral des collectivit\u00e9s territoriales  ;\nVu la loi n\u00b0 2008-1350 du 19 d\u00e9cembre 2008 relative \u00e0 la l\u00e9gislation fun\u00e9raire  ;\nVu le d\u00e9cret du Pr\u00e9sident de la R\u00e9publique du 13 juillet 2023, portant nomination de Monsieur  \nPhilippe MAHE, pr\u00e9fet du Var  ;\nVu l'arr\u00eat\u00e9 pr\u00e9fectoral n\u00b0 2024/56/MCI du 10 d\u00e9cembre 2024 portant d\u00e9l\u00e9gation de signature  \n\u00e0 Monsieur Lucien GIUDICELLI, secr\u00e9taire g\u00e9n\u00e9ral de la pr\u00e9fecture du Var, sous-pr\u00e9fet de  \nl'arrondissement de Toulon  ;\nVu l'arr\u00eat\u00e9 pr\u00e9fectoral n\u00b0 2024/48/MCI du 22 octobre 2024 portant d\u00e9l\u00e9gation de signature \u00e0  \nM. Thibaut DARGON, directeur de la citoyennet\u00e9 et de la l\u00e9galit\u00e9 de la pr\u00e9fecture du Var  ;\nVu  l'arr\u00eat\u00e9  pr\u00e9fectoral  n\u00b0DCL/BERG/2022/264  du  10  ao\u00fbt  2022  portant  modification  de  \nl'arr\u00eat\u00e9 DCL/BERG/2020/419 du 21 d\u00e9cembre 2020 relatif au  renouvellement d' habilitation \ndans le domaine fun\u00e9raire de l'auto-entreprise de Madame Anne GIRARD \u00e9pouse STOSSKOPF  \nd\u00e9livr\u00e9 sous le n\u00b0 20-83-0168  ;\nVu la demande formul\u00e9e par  Madame Anne GIRARD \u00e9pouse STOSSKOPF , pr\u00e9sidente de la  \nSAS  \u00ab ACCOMPAGNEMENT ET SERVICES FUNERAIRES DU VAR  \u00bb, situ\u00e9 au 1128 Route Des  \nSelves \u00e0 Solli\u00e8s-Ville (83210)  ;\nConsid\u00e9rant la conformit\u00e9 du dossier pr\u00e9sent\u00e9  ;\nSur proposition du  secr\u00e9taire g\u00e9n\u00e9ral de la pr\u00e9fecture  ;\nARR\u00caTE\nArticle 1 : L'article 1 de l'arr\u00eat\u00e9 pr\u00e9fectoral n\u00b0DCL/BERG/2022/264 du 10 ao\u00fbt 2022 susvis\u00e9 est  \nmodifi\u00e9 comme suit  :\nL'\u00e9tablissement  principal  des  pompes  fun\u00e8bres  exploit\u00e9  sous  le  nom  commercial  SAS  \n\u00ab ACCOMPAGNEMENT  ET  SERVICES  FUNERAIRES  DU  VAR  \u00bb,  sis  1128  route  des  Selves  \u00e0  \nSolli\u00e8s-Ville  (83210),  et  repr\u00e9sent\u00e9  par  la  pr\u00e9sidente  Madame  Anne  GIRARD  \u00e9pouse  \nSTOSSKOPF, est habilit\u00e9 pour exercer l'activit\u00e9 suivante  :\n8-Fourniture de personnel et objets et prestations n\u00e9cessaires aux obs\u00e8ques, inhumations,  \nexhumations et cr\u00e9mations .\n1/2\nPr\u00e9fecture du VAR - 83-2025-01-22-00001 - ARR\u00caT\u00c9 PR\u00c9FECTORAL n\u00b0 DCL/BERG/2025/0025 du 22 janvier 2025\nportant modification dans le domaine fun\u00e9raire\nde la SAS \u00ab\u00a0ACCOMPAGNEMENT ET SERVICES FUNERAIRES DU VAR\u00a0\u00bb\n1128 Routes Des Selves \u00e0 SOLLI\u00c8S-VILLE (83210) - N\u00b0 20-83-016815\nArticle 2     : Le reste est sans changement .\nArticle 3     : Le secr\u00e9taire g\u00e9n\u00e9ral de la pr\u00e9fecture du Var est charg\u00e9 de l'ex\u00e9cution du pr\u00e9sent  \narr\u00eat\u00e9 qui sera publi\u00e9 au recueil des actes administratifs de la pr\u00e9fecture du Var et dont une  \ncopie sera adress\u00e9e au maire de la commune de Solli\u00e8s-Ville pour information.\nToulon, le 22 janvier 2025\nPour le pr\u00e9fet et par d\u00e9l\u00e9gation,\nle directeur de la citoyennet\u00e9\net de la l\u00e9galit\u00e9,\nSign\u00e9\nThibaut DARGON\nDans un d\u00e9lai de deux mois \u00e0 compter de la date de la notification ou de la publication du pr\u00e9sent arr\u00eat\u00e9 au recueil des actes administratifs de la pr\u00e9fecture, les recours suivants peuvent \u00eatre introduits conform\u00e9ment aux dispositions des articles R. 421-1 et suivants du code de justice administrative :-un recours gracieux, adress\u00e9 \u00e0 :M. le Pr\u00e9fet du Var - Boulevard du 112 \u00e8me r\u00e9giment d'infanterie - CS 31209 - 83070 TOULON CEDEX-un recours hi\u00e9rarchique, adress\u00e9  au(x) ministre(s) concern\u00e9(s)  ;Dans ces deux cas, le silence de l'Administration vaut rejet implicite au terme d'un d\u00e9lai de deux mois.Apr\u00e8s un recours gracieux ou hi\u00e9rarchique, le d\u00e9lai du recours contentieux ne court qu'\u00e0 compter du rejet explicite ou implicite de l'un de ces recours.-un recours contentieux, en saisissant le Tribunal Administratif de Toulon : 5 rue Racine -BP 40510 - 83  041 TOULON CEDEX 9Le tribunal administratif peut \u00eatre saisi par l'application informatique \u00ab  T\u00e9l\u00e9cours \u00bb accessible par le site internet www.telecours.fr.\n2/2Pr\u00e9fecture du VAR - 83-2025-01-22-00001 - ARR\u00caT\u00c9 PR\u00c9FECTORAL n\u00b0 DCL/BERG/2025/0025 du 22 janvier 2025\nportant modification dans le domaine fun\u00e9raire\nde la SAS \u00ab\u00a0ACCOMPAGNEMENT ET SERVICES FUNERAIRES DU VAR\u00a0\u00bb\n1128 Routes Des Selves \u00e0 SOLLI\u00c8S-VILLE (83210) - N\u00b0 20-83-016816\nSecr\u00e9tariat g\u00e9n\u00e9ral commun d\u00e9partemental\n83-2025-01-23-00002\nArr\u00eat\u00e9 n\u00b0SGC/2025 du 23 janvier 2025 portant\nsubd\u00e9l\u00e9gation de signature et\nd'ordonnancement secondaire aux cadres du\nsecr\u00e9tariat g\u00e9n\u00e9ral commun d\u00e9partemental du\nVar\nSecr\u00e9tariat g\u00e9n\u00e9ral commun d\u00e9partemental - 83-2025-01-23-00002 - Arr\u00eat\u00e9 n\u00b0SGC/2025 du 23 janvier 2025 portant subd\u00e9l\u00e9gation de\nsignature et d'ordonnancement secondaire aux cadres du secr\u00e9tariat g\u00e9n\u00e9ral commun d\u00e9partemental du Var 17\n=m\nPREFET\nDU  VAR\nLibert\u00e9\nEgalit\u00e9\nFraternit\u00e9\nARR\u00caT\u00c9 n\u00b0 SGC/ 2025 \u2013 du 23 janvier 2025\nPortant subd\u00e9l\u00e9gation de signature et d'ordonnancement secondaire aux  \ncadres du secr\u00e9tariat g\u00e9n\u00e9ral commun d\u00e9partemental du Var\nLe Pr\u00e9fet du Var,\nVu la loi organique n\u00b0  2001-692 du 1er ao\u00fbt 2001 modifi\u00e9e, relative aux lois de finances  ;\nVu la loi d'orientation n\u00b0  92-125 du 6 f\u00e9vrier 1992 modifi\u00e9e, relative \u00e0 l'administration\nterritoriale de la R\u00e9publique  ;\nVu le d\u00e9cret n\u00b082-453 du 28 mai 1982 relatif \u00e0 l'hygi\u00e8ne et \u00e0 la s\u00e9curit\u00e9 du travail ainsi  \nqu'\u00e0 la pr\u00e9vention m\u00e9dicale dans la fonction publique  ;\nVu le d\u00e9cret n\u00b0 2004-374 du 29 avril 2004 modifi\u00e9, relatif aux pouvoirs des pr\u00e9fets, \u00e0\nl'organisation et \u00e0 l'action des services de l'\u00c9tat dans les r\u00e9gions et d\u00e9partements  ;\nVu le d\u00e9cret n\u00b0 2006-1780 du 23 d\u00e9cembre 2006 modifi\u00e9, portant d\u00e9l\u00e9gation de pouvoir  \nen mati\u00e8re de recrutement et de gestion de certains personnels relevant du minist\u00e8re  \nde l'int\u00e9rieur ;\nVu  le  d\u00e9cret  n\u00b0  2009-1484  du  3  d\u00e9cembre  2009  modifi\u00e9,  relatif  aux  directions  \nd\u00e9partementales interminist\u00e9rielles  ;\nVu le d\u00e9cret n\u00b0 2012-1246 du 7 novembre 2012 modifi\u00e9, relatif \u00e0 la gestion budg\u00e9taire et  \ncomptable publique  ;\nVu le d\u00e9cret n\u00b0 2015-510 du 7 mai 2015 modifi\u00e9, portant charte de la d\u00e9concentration  ;\nVu le d\u00e9cret n\u00b0 2019-1594 du 31 d\u00e9cembre 2019 modifi\u00e9, relatif aux emplois de direction  \nde l'\u00c9tat, notamment les articles 34 et suivants  ;\nVu le d\u00e9cret n\u00b0 2020-99 du 7 f\u00e9vrier 2020 relatif \u00e0 l'organisation et aux missions des  \nsecr\u00e9tariats g\u00e9n\u00e9raux communs d\u00e9partementaux  ;\nVu  le  d\u00e9cret  n\u00b02020-1427  du  20  novembre  2020  relatif  aux  comit\u00e9s  sociaux  \nd'administration dans les administrations et les \u00e9tablissements publics de l'\u00c9tat  ;\n1Secr\u00e9tariat g\u00e9n\u00e9ral commun d\u00e9partemental\nSecr\u00e9tariat g\u00e9n\u00e9ral commun d\u00e9partemental - 83-2025-01-23-00002 - Arr\u00eat\u00e9 n\u00b0SGC/2025 du 23 janvier 2025 portant subd\u00e9l\u00e9gation de\nsignature et d'ordonnancement secondaire aux cadres du secr\u00e9tariat g\u00e9n\u00e9ral commun d\u00e9partemental du Var 18\nVu le d\u00e9cret du Pr\u00e9sident de la R\u00e9publique du 13 juillet 2023 portant nomination de M.  \nPhilippe MAHE, pr\u00e9fet du Var ;\nVu l'arr\u00eat\u00e9 du 31 mars 2011 modifi\u00e9, portant d\u00e9concentration des d\u00e9cisions relatives \u00e0  \nla  situation  individuelle  des  fonctionnaires  et  agents  non  titulaires  exer\u00e7ant  leurs  \nfonctions dans les directions d\u00e9partementales interminist\u00e9rielles  ;\nVu l'arr\u00eat\u00e9 du 28 d\u00e9cembre 2017 modifi\u00e9, portant d\u00e9l\u00e9gation de pouvoir en mati\u00e8re de  \nrecrutement et de gestion des personnels administratifs du minist\u00e8re de l'Int\u00e9rieur  ;\nVu la circulaire du 12 juin 2019 du Premier ministre relative \u00e0 la mise en \u0153uvre de la  \nr\u00e9forme de l'organisation territoriale de l'\u00c9tat  ;\nVu la circulaire n\u00b0  6104/SG du 2 ao\u00fbt 2019 du Premier ministre relative \u00e0 la constitution  \nde secr\u00e9tariats g\u00e9n\u00e9raux communs aux pr\u00e9fectures et aux directions d\u00e9partementales  \ninterminist\u00e9rielles  ;\nVu l'arr\u00eat\u00e9 n\u00b02020/96/MCI du 29 d\u00e9cembre 2020 portant cr\u00e9ation et organisation du  \nsecr\u00e9tariat g\u00e9n\u00e9ral commun d\u00e9partemental du Var  ;\nVu l'arr\u00eat\u00e9 du Premier ministre et du ministre de l'Int\u00e9rieur du 3 octobre 2024, portant  \nnomination de M. S\u00e9bastien ODDONE, attach\u00e9 d'administration de l'Etat hors classe,  \ndirecteur du secr\u00e9tariat g\u00e9n\u00e9ral commun d\u00e9partemental du Var  ; \nVu  l'arr\u00eat\u00e9 pr\u00e9fectoral  n\u00b02024/45/MCI  du  15  octobre  2024  portant  d\u00e9l\u00e9gation  de  \nsignature et d'ordonnancement secondaire \u00e0 Monsieur S\u00e9bastien ODDONE, Directeur  \ndu secr\u00e9tariat g\u00e9n\u00e9ral commun d\u00e9partemental du Var  ;\nVu l'arr\u00eat\u00e9 pr\u00e9fectoral SGC/2024 \u2013 du 5 d\u00e9cembre 2024 portant d\u00e9l\u00e9gation de signature  \net  d'ordonnancement  secondaire  aux  cadres  du  secr\u00e9tariat  g\u00e9n\u00e9ral  commun  \nd\u00e9partemental du Var  ;\nSur proposition du directeur du secr\u00e9tariat g\u00e9n\u00e9ral commun d\u00e9partemental  ;\nARR\u00caTE\nArticle 1 : La d\u00e9l\u00e9gation de signature donn\u00e9e \u00e0 M. S\u00e9bastien ODDONE directeur du  \nsecr\u00e9tariat g\u00e9n\u00e9ral commun d\u00e9partemental du Var, par n\u00b02024/MCI du 15 octobre 2024  \nest subd\u00e9l\u00e9gu\u00e9e \u00e0  :\nM. Alexandre PROUD, attach\u00e9 principal d'administration de l'\u00c9tat, directeur adjoint du  \nsecr\u00e9tariat g\u00e9n\u00e9ral commun d\u00e9partemental \u00e0 compter du 15 janvier 2025.\nCette  subd\u00e9l\u00e9gation  porte  sur  toutes  les  mati\u00e8res  d\u00e9finies  \u00e0  l'arr\u00eat\u00e9  pr\u00e9fectoral  \nn\u00b02024/MCI du 15 octobre 2024 susvis\u00e9, aux fins de signer tous actes, documents ou  \nd\u00e9cisions se traduisant par l'ordonnancement secondaire des recettes et des d\u00e9penses  \nde l'\u00c9tat, relevant des attributions et du fonctionnement du SGCD, imput\u00e9es sur les  \nprogrammes suivants et dans la limite de 100  000 \u20ac :\n2Secr\u00e9tariat g\u00e9n\u00e9ral commun d\u00e9partemental - 83-2025-01-23-00002 - Arr\u00eat\u00e9 n\u00b0SGC/2025 du 23 janvier 2025 portant subd\u00e9l\u00e9gation de\nsignature et d'ordonnancement secondaire aux cadres du secr\u00e9tariat g\u00e9n\u00e9ral commun d\u00e9partemental du Var 19\n\u2022124 \u00ab Conduite et soutien des politiques sanitaires, sociales, du sport, de la  \njeunesse  et  de  la  vie  associative  \u00bb,  en  ce  qu'elles  concernent  les  d\u00e9pense s \nm\u00e9dicales et d'action sociale  \u00bb ;\n\u2022134 \u00ab d\u00e9veloppement des entreprises  \u00bb, en ce qu'elles concernent les d\u00e9penses  \nm\u00e9dicales et d'action sociale  ;\n\u2022148 \u00ab fonction publique  \u00bb ;\n\u2022155 \u00ab Conception, gestion et \u00e9valuation des politiques de l'emploi et du travail , \nen ce qu'elles concernent les d\u00e9penses m\u00e9dicales et d'action sociale ;\n\u2022176 \u00ab police nationale \u00bb, en ce qu'elles concernent les commissions de secours  \net l'action sociale  ; \n\u2022206 \u00ab s\u00e9curit\u00e9 et qualit\u00e9 sanitaires de l'alimentation  \u00bb, en ce qu'elles concernent  \nles d\u00e9penses  m\u00e9dicales et d'action sociale  ;\n\u2022207 \u00ab S\u00e9curit\u00e9 et \u00e9ducation routi\u00e8res  \u00bb\n\u2022215  \u00ab conduite  et  pilotage  des  politiques  de  l'agriculture  \u00bb,  en  ce  qu'elles  \nconcernent les d\u00e9penses  m\u00e9dicales et d'action sociale  ;\n\u2022216  \u00ab conduite  et  pilotage  des  politiques  de  l'Int\u00e9rieur  \u00bb,  en  ce  qu'elles  \nconcernent  les  d\u00e9penses  d'action  sociale  et  l'action  6  affaires  juridiques  et  \ncontentieuses ;\n\u2022217 \u00ab conduite et pilotage des politiques de l'\u00e9cologie, du d\u00e9veloppement et de  \nla  mobilit\u00e9  durables  \u00bb,  en  ce  qu'elles  concernent  les  d\u00e9penses  m\u00e9dicales,  \nd'action sociale, de d\u00e9placements et de mission ;\n\u2022232 \u00ab Vie politique \u00bb en ce qu'elles concernent les d\u00e9penses des \u00e9lections  ; \n\u2022348  \u00ab r\u00e9novation  des  cit\u00e9s  administratives  et  autres  sites  domaniaux  multi-\noccupants \u00bb ;\n\u2022349 \u00ab fonds pour la transformation de l'action publique  \u00bb ;\n\u2022354 \u00ab administration territoriale de l'\u00c9tat  \u00bb ;\n\u2022362 \u00ab \u00e9cologie \u00bb ;\n\u2022363 \u00ab comp\u00e9titivit\u00e9 \u00bb ;\n\u2022723 \u00ab op\u00e9rations immobili\u00e8res et entretien des b\u00e2timents de l'\u00c9tat  \u00bb.\nArticle  2 :  D\u00e9l\u00e9gation  de  signature  est  donn\u00e9e,  \u00e0  l'effet  de  signer  les  actes  et  \ndocuments relevant de la comp\u00e9tence de leur service interminist\u00e9riel \u00e0  :\n\u2022M. Franck MAINAS, attach\u00e9 principal d'administration de l'\u00c9tat, chef du service \ninterminist\u00e9riel des ressources humaines;\n\u2022Mme Nathalie TOURET,  attach\u00e9e d'administration de l'\u00c9tat, cheffe du service  \ninterminist\u00e9riel du budget et des achats  ;\n\u2022Mme Pascale GRAPPIN, Ing\u00e9nieur en chef, cheffe du service interminist\u00e9riel de  \nl'immobilier, de la logistique, du courrier, et de l'accueil ;\n\u2022M. Herv\u00e9 MARCY, ing\u00e9nieur des syst\u00e8mes d'information et de communication,  \nchef du service interminist\u00e9riel d\u00e9partemental des syst\u00e8mes d'information et de  \ncommunication ;\nArticle 3 : D\u00e9l\u00e9gation de signature est donn\u00e9e \u00e0 M. Franck MAINAS, chef du  service \ninterminist\u00e9riel des ressources humaines , pour signer les actes et documents relevant  \ndu service interminist\u00e9riel des ressources humaines, \u00e0 savoir la gestion des carri\u00e8res, le  \ntemps partiel, le suivi des effectifs, la formation, l'action sociale et le dialogue social, se \ntraduisant par l'ordonnancement secondaire des recettes et des d\u00e9penses de l'\u00c9tat,  \nrelevant des attributions et du fonctionnement du SGCD, imput\u00e9es sur les programmes  \nsuivants et \u00e0 concurrence de 5  000 \u20ac :\n3Secr\u00e9tariat g\u00e9n\u00e9ral commun d\u00e9partemental - 83-2025-01-23-00002 - Arr\u00eat\u00e9 n\u00b0SGC/2025 du 23 janvier 2025 portant subd\u00e9l\u00e9gation de\nsignature et d'ordonnancement secondaire aux cadres du secr\u00e9tariat g\u00e9n\u00e9ral commun d\u00e9partemental du Var 20\n\u25aa124 \u00ab conduite et soutien des politiques sanitaires, sociales, du sport, de la  \njeunesse  et  de  la  vie  associative  \u00bb,  en  ce  qu'elles  concernent  les  d\u00e9penses  \nm\u00e9dicales et d'action sociale  \u00bb ;\n\u25aa134 \u00ab d\u00e9veloppement des entreprises  \u00bb, en ce qu'elles concernent les d\u00e9penses  \nm\u00e9dicales et d'action sociale  ;\n\u25aa155 \u00ab conception, gestion et \u00e9valuation des politiques de l'emploi et du travail , \nen ce qu'elles concernent les d\u00e9penses  m\u00e9dicales et d'action sociale ;\n\u25aa176 \u00ab police nationale \u00bb, en ce qu'elles concernent les commissions de secours  \net l'action sociale ; \n\u25aa206  \u00ab s\u00e9curit\u00e9  et  qualit\u00e9  sanitaires  de  l'alimentation  \u00bb,  en  ce  qu'elles  \nconcernent les d\u00e9penses m\u00e9dicales et d'action sociale  ;\n\u25aa215  \u00ab conduite  et  pilotage  des  politiques  de  l'agriculture  \u00bb,  en  ce  qu'elles  \nconcernent les d\u00e9penses m\u00e9dicales et d'action sociale  ;\n\u25aa216  \u00ab conduite  et  pilotage  des  politiques  de  l'Int\u00e9rieur  \u00bb,  en  ce  qu'elles  \nconcernent les d\u00e9penses m\u00e9dicales et d'action sociale  ;\n\u25aa217 \u00ab conduite et pilotage des politiques de l'\u00e9cologie, du d\u00e9veloppement et  \nde la mobilit\u00e9 durables  \u00bb, en ce qu'elles concernent les d\u00e9penses m\u00e9dicales et  \nd'action sociale ;\n\u25aa354  \u00ab administration  territoriale  de  l'Etat  \u00bb,  en  ce  qu'elles  concernent  les  \nd\u00e9penses d'action social e, de formation et  le titre 2.\nEn cas d'absence ou d'emp\u00eachement de M. Franck MAINAS, d\u00e9l\u00e9gation est donn\u00e9e  \ndans les m\u00eames conditions et sous son contr\u00f4le \u00e0  :\n\u2022Mme Vanessa GEBELLIN, attach\u00e9e, en sa qualit\u00e9 d'adjointe au chef du SIRH,  \ncheffe du p\u00f4le MI et du p\u00f4le contractuels ATE, pou r les actes et documents  \nrelevant  du  service  interminist\u00e9riel  des  ressources  humaines  pr\u00e9cit\u00e9s  se \ntraduisant par l'ordonnancement secondaire des recettes et des d\u00e9penses de  \nl'\u00c9tat, relevant des attributions et du fonctionnement du SGCD, imput\u00e9es sur les  \nprogrammes suivants et \u00e0 concurrence de 5  000 \u20ac ;\n\u2022Mme  Karine  DEON,  inspectrice  du  travail,  en  sa  qualit\u00e9  de  cheffe  de  p\u00f4le  \nMASA/MSO, pour les actes et documents relevant de la gestion courante  des  \ncarri\u00e8res  du  personnel  du  minist\u00e8re  de  l'agriculture  et  de  la  souverainet\u00e9  \nalimentaire  et  du  personnel  relevant  du  secr\u00e9tariat  g\u00e9n\u00e9ral  des  minist\u00e8res  \ncharg\u00e9s des affaires sociales ; \n\u2022Mme Caroline MEZIERES, attach\u00e9e d'administration de l'Etat, en sa qualit\u00e9 de  \ncheffe de p\u00f4le du minist\u00e8re de la transition \u00e9cologique et du minist\u00e8re des  \n\u00e9conomies, pour les actes et documents relevant de la gestio n courante des \ncarri\u00e8res du personnel du minist\u00e8re, d e la transition \u00e9cologique et du minist\u00e8re  \ndes \u00e9conomies ;\n\u2022M. Jo\u00ebl BELLENGER, attach\u00e9 d'administration de l'\u00c9tat, en sa qualit\u00e9 de chef de  \np\u00f4le action sociale, dialogue social, \u00e0 l'effet de signer les d\u00e9cisions de d\u00e9pense  \nrentrant dans le champ d'action de son p\u00f4le, \u00e0 concurrence d'un montant de  \n5 000 \u20ac, et de signer les arr\u00eat\u00e9s attributifs de subvention ainsi que les d\u00e9cisions  \nindividuelles de prestations d'action sociale  ;\n\u2022D\u00e9l\u00e9gation de signature est \u00e9galement donn\u00e9e \u00e0 Mme Astrid DORNEL, adjointe  \nadministrative, pour tous les actes de gestion dans Chorus Formulaires pour les  \nd\u00e9penses en mati\u00e8re de RH  ;\n4Secr\u00e9tariat g\u00e9n\u00e9ral commun d\u00e9partemental - 83-2025-01-23-00002 - Arr\u00eat\u00e9 n\u00b0SGC/2025 du 23 janvier 2025 portant subd\u00e9l\u00e9gation de\nsignature et d'ordonnancement secondaire aux cadres du secr\u00e9tariat g\u00e9n\u00e9ral commun d\u00e9partemental du Var 21\nD\u00e9l\u00e9gation de signature est \u00e9galement donn\u00e9e \u00e0 Mme Sophie NAWROCKI, secr\u00e9taire  \nadministrative  de  classe  sup\u00e9rieure  pour  tous  les  actes  de  gestion  dans  Chorus  \nFormulaires pour les d\u00e9penses en mati\u00e8re de RH  ;\nArticle   4   : D\u00e9l\u00e9gation de signature est donn\u00e9e \u00e0 Mme Nathalie TOURET, en sa qualit\u00e9  \nde cheffe du service interminist\u00e9riel du budget et des achats, aux fins de signer tous  \nactes,  documents  ou  d\u00e9cisions  se  traduisant  par  l'ordonnancement  secondaire  des  \nrecettes et des d\u00e9penses de l'\u00c9tat, relevant des attributions et du fonctionnement du  \nSGCD et imput\u00e9es sur les programmes suivants, \u00e0 concurrence de 30  000 \u20ac :\n\u25aa124 \u00ab conduite et soutien des politiques sanitaires, sociales, du sport, de la  \njeunesse  et  de  la  vie  associative  \u00bb,  en  ce  qu'elles  concernent  les  d\u00e9penses  \nd'action sociale \u00bb ;\n\u25aa134 \u00ab d\u00e9veloppement des entreprises  \u00bb, en ce qu'elles concernent les d\u00e9penses  \nd'action sociale ;\n\u25aa148 \u00ab fonction publique  \u00bb ;\n\u25aa155 \u00ab conception, gestion et \u00e9valuation des politiques de l'emploi et du travail , \nen ce qu'elles concernent les d\u00e9penses d'action sociale  ;\n\u25aa176 \u00ab police nationale \u00bb, en ce qu'elles concernent l'action sociale ; \n\u25aa206  \u00ab s\u00e9curit\u00e9  et  qualit\u00e9  sanitaires  de  l'alimentation  \u00bb,  en  ce  qu'elles  \nconcernent les d\u00e9penses d'action sociale  ;\n\u25aa207 \u00ab S\u00e9curit\u00e9 et \u00e9ducation routi\u00e8res  \u00bb\n\u25aa215  \u00ab conduite  et  pilotage  des  politiques  de  l'agriculture  \u00bb,  en  ce  qu'elles  \nconcernent les d\u00e9penses d'action sociale  ;\n\u25aa216  \u00ab conduite  et  pilotage  des  politiques  de  l'Int\u00e9rieur  \u00bb,  en  ce  qu'elles  \nconcernent  les  d\u00e9penses  d'action  sociale  et  l'action  6  affaires  juridiques  et  \ncontentieuses ;\n\u25aa217 \u00ab conduite et pilotage des politiques de l'\u00e9cologie, du d\u00e9veloppement et  \nde  la  mobilit\u00e9  durables  \u00bb,  en  ce  qu'elles  concernent  les  d\u00e9penses  d'action  \nsociale, m\u00e9dicales et frais de d\u00e9placements et de mission  ;\n\u25aa232 \u00ab Vie politique \u00bb en ce qu'elles concernent les d\u00e9penses des \u00e9lections  ; \n\u25aa348  \u00ab r\u00e9novation  des  cit\u00e9s  administratives  et  autres  sites  domaniaux  multi-\noccupants \u00bb ;\n\u25aa349 \u00ab fonds pour la transformation de l'action publique  \u00bb pour la saisie des  \nexpressions de besoin et la constatation du service fait dans Chorus formulaires  \ndes actes juridiques \u00e9ligibles au fonds de transformation de l'action publique  ;\n\u25aa354 \u00ab administration territoriale de l'\u00c9tat  \u00bb, hors titre 2 ;\n\u25aa362 \u00ab \u00e9cologie \u00bb ;\n\u25aa363 \u00ab comp\u00e9titivit\u00e9 \u00bb ;\n\u25aa723 \u00ab op\u00e9rations immobili\u00e8res et entretien des b\u00e2timents de l'\u00c9tat  \u00bb.\nAinsi que :\n\u2022la validation des demandes d'achat et la constatation des services faits dans les  \napplications Chorus formulaires et Chorus DT  ;\n\u2022les actes et documents relevant des march\u00e9s publics;\n\u2022toutes  les  pi\u00e8ces  relatives  \u00e0  la  programmation  et  au  pilotage  de  l'unit\u00e9  \nop\u00e9rationnelle (UO) 83 des programmes de la r\u00e9gion Provence-Alpes-C\u00f4te d'Azur  \ng\u00e9r\u00e9s par le secr\u00e9tariat g\u00e9n\u00e9ral commun d\u00e9partemental  ;\n\u2022tous  documents  comptables  n\u00e9cessaires  \u00e0  la  gestion  des  cartes  achats  des  \nporteurs de cartes achats au titre des programmes suivants  :\n5Secr\u00e9tariat g\u00e9n\u00e9ral commun d\u00e9partemental - 83-2025-01-23-00002 - Arr\u00eat\u00e9 n\u00b0SGC/2025 du 23 janvier 2025 portant subd\u00e9l\u00e9gation de\nsignature et d'ordonnancement secondaire aux cadres du secr\u00e9tariat g\u00e9n\u00e9ral commun d\u00e9partemental du Var 22\n\u25aa354 \u00ab administration territoriale de l'\u00c9tat  \u00bb ;\n\u25aa149 \u00ab for\u00eat \u00bb ;\n\u25aa205 \u00ab s\u00e9curit\u00e9 et affaires maritimes, p\u00eache et aquaculture  \u00bb.\n\u25aa206 \u00ab s\u00e9curit\u00e9 et qualit\u00e9 sanitaires de l'alimentation  \u00bb ;\n\u25aa207 \u00ab frais de d\u00e9placements et de mission  \u00bb\nEn cas d'absence ou d'emp\u00eachement de Mme Nathalie TOURET d\u00e9l\u00e9gation est donn\u00e9e,  \ndans les m\u00eames conditions et sous son contr\u00f4le, \u00e0  :\n\u2022Mme Audrey HORNBURG,  secr\u00e9taire administrative de classe sup\u00e9rieure , en sa \nqualit\u00e9 de gestionnaire \u00ab  march\u00e9s et d\u00e9penses immobili\u00e8res  \u00bb pour tous les actes  \nde gestion (sauf pilotage et programmation) relatifs aux d\u00e9penses immobili\u00e8res  \nsur les programmes suivants  :\n\u25aa348  \"r\u00e9novation  des  cit\u00e9s  administratives  et  autres  sites  domaniaux  multi-\noccupants\"\n\u25aa349 \"fonds pour la transformation de l'action publique\" \n354 \"administration territoriale de l'\u00c9tat\"\n\u25aa723 \"op\u00e9rations immobili\u00e8res et entretien des b\u00e2timents de l'\u00c9tat\"\net pour les actes et documents relevant des march\u00e9s publics, \u00e0 concurrence de  \n5 000 \u20ac ;\n\u2022M. Franck BOUISSOU, attach\u00e9, en sa qualit\u00e9 de chef  du p\u00f4le \u00ab d\u00e9penses de \nfonctionnement et CIC \u00bb  pour\n\u25e6tous les actes de gestion dans Chorus Coeur, Chorus Formulaires et Chorus  \nDT, \u00e0 concurrence de 5  000 \u20ac\u00a0;\n\u25e6tous  documents comptables n\u00e9cessaires \u00e0 la gestion des cartes achats des  \nporteurs de cartes achats au titre des programmes suivants  :\n\u25aa149 \u00ab for\u00eat \u00bb ;\n\u25aa205 \u00ab s\u00e9curit\u00e9 et affaires maritimes, p\u00eache et aquaculture  \u00bb ;\n\u25aa206 \u00ab s\u00e9curit\u00e9 et qualit\u00e9 sanitaires de l'alimentation  \u00bb ;\n\u25aa207 \u00ab frais de d\u00e9placements et de mission  \u00bb\n\u25aa216 \u00ab conduite et pilotage des politiques de l'int\u00e9rieur  \u00bb\n\u25aa217 \u00ab conduite et pilotage des politiques de l'\u00e9cologie, du d\u00e9veloppement et  \nde  la  mobilit\u00e9  durables  \u00bb,  en  ce  qu'elles  concernent  les  d\u00e9penses  d'action  \nsociale, m\u00e9dicales et frais de d\u00e9placements et de mission  ;\n\u25aa348 \u00ab r\u00e9novation des cit\u00e9s administratives et autres sites domaniaux multi-\noccupants \u00bb ;\n\u25aa349 \u00ab fonds pour la transformation de l'action publique  \u00bb pour la saisie des  \nexpressions  de  besoin  et  la  constatation  du  service  fait  dans  Chorus  \nformulaires  des  actes  juridiques  \u00e9ligibles  au  fonds  de  transformation  de  \nl'action publique ;\n\u25aa354 \u00ab administration territoriale de l'\u00c9tat  \u00bb ;\n\u25aa723 \u00ab op\u00e9rations immobili\u00e8res et entretien des b\u00e2timents de l'\u00c9tat  \u00bb.\n\u2022Mme Audrey HORNBURG, secr\u00e9taire administrative de classe sup\u00e9rieure  ; Mme \nTania GIANATI-KOULINSKY, secr\u00e9taire administrative de classe normale  ; Mmes \nMuriel GATTI, Mich\u00e8le RAKOTOZAFY, Val\u00e9rie WEISS, et M. St\u00e9phane DENIAU,  \nadjoints  administratifs  principaux;  et  Mmes  Elodie  MIETTE  et  Yolaine  MONI  \nadjointes administratives, pour tous les actes de gestion dans Chorus Coeur,  \nChorus Formulaires et Chorus DT.\n6Secr\u00e9tariat g\u00e9n\u00e9ral commun d\u00e9partemental - 83-2025-01-23-00002 - Arr\u00eat\u00e9 n\u00b0SGC/2025 du 23 janvier 2025 portant subd\u00e9l\u00e9gation de\nsignature et d'ordonnancement secondaire aux cadres du secr\u00e9tariat g\u00e9n\u00e9ral commun d\u00e9partemental du Var 23\nArticle     5   : D\u00e9l\u00e9gation de signature est donn\u00e9e \u00e0 Mme Pascale GRAPPIN, cheffe du  \nservice interminist\u00e9riel de l'  immobilier, de la logistique, du courrier, et de l'accueil, aux \nfins de signer tous actes, documents ou d\u00e9cisions portant sur la gestion immobili\u00e8re et  \nlogistique des sites de la pr\u00e9fecture et des DDI et sur la gestion du parc automobile, sur  \nla  gestion  du  courrier  et  de  l'accueil,  imput\u00e9es  sur  les  programmes  suivants,  et  \u00e0  \nconcurrence de 5  000 \u20ac :\n\u25aa148 \"fonction publique\"\n\u25aa348  \"r\u00e9novation  des  cit\u00e9s  administratives  et  autres  sites  domaniaux  multi-\noccupants\"\n\u25aa349 \"fonds pour la transformation de l'action publique\" \n\u25aa354 \"administration territoriale de l'\u00c9tat\"\n\u25aa362 \u00ab \u00e9cologie \u00bb ;\n\u25aa723  \"op\u00e9rations  immobili\u00e8res  et  entretien  des  b\u00e2timents  de  l'\u00c9tat\"\nEn  cas  d'absence  ou  d'emp\u00eachement  de  Mme  Pascale  GRAPPIN,  d\u00e9l\u00e9gation  est  \ndonn\u00e9e, dans les m\u00eames conditions et sous son contr\u00f4le, \u00e0  :\nM.  Jean-Paul  CURT,  ouvrier  des  parcs  et  ateliers,  en  sa  qualit\u00e9  de  chef  du  p\u00f4le  \ntechnique ,  pour  les  actes,  documents  et  d\u00e9penses  relevant  de  son  unit\u00e9,  \u00e0  \nconcurrence de 5  000 \u20ac ;\nM. Julien MARCELLE, contr\u00f4leur des services techniques, en qualit\u00e9 de chef des sites de  \nla DDETS et de la DDPP pour les actes, documents et d\u00e9penses relevant de son unit\u00e9, \u00e0  \nconcurrence de 2 500  \u20ac ;\nM. Jean-Guy CHRISTOPHE, contr\u00f4leur des services techniques de classe sup\u00e9rieure, en  \nqualit\u00e9 de responsable technique du site de la pr\u00e9fecture et de la sous-pr\u00e9fecture de  \nBrignoles, pour les actes, documents et d\u00e9penses relevant de son unit\u00e9, \u00e0 concurrence  \nde\n2 500 \u20ac  ;\nM. Fabrice VALERE, contr\u00f4leur des services techniques de classe normale, en qualit\u00e9 de  \nchef de site \u00e0 Draguignan pour les actes, documents et d\u00e9penses relevant de son unit\u00e9,  \n\u00e0 concurrence de 2 500  \u20ac ;\nM.  Fabrice  ALLEGRINI,  Contr\u00f4leur  des  services  techniques,  charg\u00e9  de  mission  \nimmobilier,  s'agissant  de  la  constatation  des  \u00ab  services  r\u00e9alis\u00e9s\u00bb  par  les  entreprises  \nprestataires ext\u00e9rieures  ;\nM. Georges JOLO, adjoint technique principal, en qualit\u00e9 d'agent technique du site de  \nla  pr\u00e9fecture  et  des  sous-pr\u00e9fectures,  s'agissant  de  la  constatation  des  \u00ab  services \nr\u00e9alis\u00e9s\u00bb par les entreprises prestataires ext\u00e9rieures  dans son p\u00e9rim\u00e8tre d'intervention ;\nM. Gerald VANDENBROEK, adjoint technique principal, en qualit\u00e9 d'agent technique  \ndu  site  de  la  pr\u00e9fecture  et  des  sous-pr\u00e9fectures,  s'agissant  de  la  constatation  des  \n\u00ab services  r\u00e9alis\u00e9s\u00bb  par  les  entreprises  prestataires  ext\u00e9rieures  dans  son  p\u00e9rim\u00e8tre  \nd'intervention ;\nM. Said LARABI, adjoint technique principal, en qualit\u00e9 d'agent technique du site DDI  \nDDTM  Draguignan,  s'agissant  de  la  constatation  des  \u00ab  services  r\u00e9alis\u00e9s\u00bb  par  les  \nentreprises prestataires ext\u00e9rieures  dans son p\u00e9rim\u00e8tre d'intervention ;\n7Secr\u00e9tariat g\u00e9n\u00e9ral commun d\u00e9partemental - 83-2025-01-23-00002 - Arr\u00eat\u00e9 n\u00b0SGC/2025 du 23 janvier 2025 portant subd\u00e9l\u00e9gation de\nsignature et d'ordonnancement secondaire aux cadres du secr\u00e9tariat g\u00e9n\u00e9ral commun d\u00e9partemental du Var 24\nMme Sophie BERANGER, secr\u00e9taire administrative de classe sup\u00e9rieure, en qualit\u00e9 de  \ncharg\u00e9e de mission immobilier, s'agissant de la constatation des \u00ab  services r\u00e9alis\u00e9s\u00bb par  \nles entreprises prestataires ext\u00e9rieures  ;\nArticle   6   : D\u00e9l\u00e9gation est donn\u00e9e \u00e0 M. Herv\u00e9 MARCY, en sa qualit\u00e9 de chef du service  \ninterminist\u00e9riel  d\u00e9partemental  des  syst\u00e8mes  d'information  et  de  communication  \n(SIDSIC) ,  aux  fins  de  signer  tous  actes,  contrats,  documents  ou  d\u00e9cisions  pour  \nl'ordonnancement secondaire des d\u00e9penses relevant de l'exercice des attributions de  \ncette unit\u00e9, dans la limite de 30  000 \u20ac et imput\u00e9es sur les programmes suivants  :\n\u2022216 \u00ab conduite et pilotage des politiques de l'Int\u00e9rieur  \u00bb ;\n\u2022348  \u00ab r\u00e9novation  des  cit\u00e9s  administratives  et  autres  sites  domaniaux  multi-\noccupants \u00bb pour les d\u00e9penses propres au domaine des syst\u00e8mes d'information  \net de communication, toutes entit\u00e9s confondues  ;\n\u2022349 \u00ab fonds pour la transformation de l'action publique  \u00bb ;\n\u2022354  \u00ab administration  territoriale  de  l'\u00c9tat  \u00bb  pour  les  d\u00e9penses  propres  au  \ndomaine  des  syst\u00e8mes  d'information  et  de  communication,  toutes  entit\u00e9s  \nconfondues ;\n\u2022363 \u00ab comp\u00e9titivit\u00e9 \u00bb ;\n\u2022723 \u00ab contribution aux d\u00e9penses immobili\u00e8res  \u00bb pour les d\u00e9penses de travaux  \npropres au domaine des syst\u00e8mes d'information et de communication.\nEn cas d'absence ou d'emp\u00eachement de M. Herv\u00e9 MARCY, la d\u00e9l\u00e9gation de signature  \nqui  lui  est  accord\u00e9e  au  titre  du  pr\u00e9sent  article  est  exerc\u00e9e  par  M.  Omar  HAMEL,  \ning\u00e9nieur des syst\u00e8mes d'information et de communication, en sa qualit\u00e9 d'adjoint au  \nchef de service interminist\u00e9riel dans la limite de 5  000 \u20ac.\nEn cas d'absence de MM. Herv\u00e9 MARCY et Omar HAMEL, d\u00e9l\u00e9gation est donn\u00e9e, dans  \nles m\u00eames conditions, \u00e0 Mme Alexandra POLI, ing\u00e9nieure des syst\u00e8mes d'information et  \nde communication, dans la limite de 5  000 \u20ac.\nArticle 7 : M. S\u00e9bastien ODDONE  attribue une carte d'achat nominative aux porteurs  \nde carte d'achat list\u00e9s dans le tableau en annexe 1 du pr\u00e9sent arr\u00eat\u00e9, afin de l'utiliser  \ndans le cadre de leurs attributions, comp\u00e9tences et dans la limite fix\u00e9e.\nArticle 8     :   Toute disposition ant\u00e9rieure contraire \u00e0 celles du pr\u00e9sent arr\u00eat\u00e9, est abrog\u00e9e  \n\u00e0 compter de sa publication. L'arr\u00eat\u00e9 pr\u00e9fectoral SGC/2024 \u2013 du 5 d\u00e9cembre 2024  \nportant  d\u00e9l\u00e9gation  de  signature  et  d'ordonnancement  secondaire  aux  cadres  du  \nsecr\u00e9tariat g\u00e9n\u00e9ral commun d\u00e9partemental du Var est abrog\u00e9.\nArticle     9   : Le directeur du secr\u00e9tariat g\u00e9n\u00e9ral commun d\u00e9partemental est charg\u00e9 de  \nl'ex\u00e9cution du pr\u00e9sent arr\u00eat\u00e9, qui sera publi\u00e9 au recueil des actes administratifs de la  \npr\u00e9fecture.\nFait \u00e0 Toulon, le 23 janvier 2025\nPour Le Pr\u00e9fet et par d\u00e9l\u00e9gation\nLe directeur du secr\u00e9tariat\ng\u00e9n\u00e9ral commun d\u00e9partemental\nsign\u00e9\n  S\u00e9bastien ODDONE\n8Secr\u00e9tariat g\u00e9n\u00e9ral commun d\u00e9partemental - 83-2025-01-23-00002 - Arr\u00eat\u00e9 n\u00b0SGC/2025 du 23 janvier 2025 portant subd\u00e9l\u00e9gation de\nsignature et d'ordonnancement secondaire aux cadres du secr\u00e9tariat g\u00e9n\u00e9ral commun d\u00e9partemental du Var 25\nANNEXE 1\nListe nominative des porteurs de carte achat du secr\u00e9tariat g\u00e9n\u00e9ral commun  \nd\u00e9partemental du Var\nCHRISTOPHE                    JEAN-GUY \nCURT                          JEAN PAUL \nVALERE                        FABRICE \nWEISS                         VALERIE \nMARCY                       HERVE \n9Secr\u00e9tariat g\u00e9n\u00e9ral commun d\u00e9partemental - 83-2025-01-23-00002 - Arr\u00eat\u00e9 n\u00b0SGC/2025 du 23 janvier 2025 portant subd\u00e9l\u00e9gation de\nsignature et d'ordonnancement secondaire aux cadres du secr\u00e9tariat g\u00e9n\u00e9ral commun d\u00e9partemental du Var 26","date":"2025-01-24","first_seen_on":"2025-01-24T17:37:35+00:00","id":"4f3dc555b9e4be0182e3a08d3e7d92c3be88d17a7fb9bf26f88d885279445a75","name":"RAA N\u00b0026 du 24 janvier 2025","pdf_creation_date":"2025-01-24T15:43:10+00:00","pdf_modification_date":null,"timezone":"CET","url":"https://www.var.gouv.fr/contenu/telechargement/38946/256082/file/RAA%20N%C2%B0%2026%20du%2024%20janvier%202025%20NOMINATIF%20.pdf"}
