{"administration":"pref21","administration_name":"Pr\u00e9fecture de C\u00f4te-d\u2019Or","content":"PR\u00c9FET\nDE LA C\u00d4TE-D'OR\nRECUEIL DES ACTES\nADMINISTRATIFS\nN\u00b021-2024-047\nPUBLI\u00c9 LE  5 AVRIL 2024\nSommaire\nCHU Dijon Bourgogne /\n21-2024-01-21-00027 - 22 D\u00e9l\u00e9gation Signature Registre refus  -  21 01 2024\n(5 pages) Page 5\n21-2024-01-21-00028 - 47 D\u00e9l\u00e9gation Signature Direction -Cadre de Sant\u00e9\nAnnick MUNERET  -  CH IS SUR TILLE - 21 01 2024 (3 pages) Page 11\n21-2024-01-21-00029 - 54 D\u00e9l\u00e9gation Signature Direction - Infirmi\u00e8re IDEC\nSSIAD-  CH IS SUR TILLE- 21 01 2024 (3 pages) Page 15\nDirection d\u00e9partementale de l'emploi, du travail et des solidarit\u00e9s de\nC\u00f4te-d'Or /\n21-2024-04-05-00001 - Arr\u00eat\u00e9 agr\u00e9ment ESUS/EBE 21 909 062 143 00013 (3\npages) Page 19\n21-2024-04-05-00002 - Arr\u00eat\u00e9 renouvellement ESUS/KER 892 680 174 (2\npages) Page 23\n21-2024-04-04-00008 - R\u00e9c\u00e9piss\u00e9 D\u00e9claration SAP/924779382 GELEY\nQuentin  (2 pages) Page 26\nDirection d\u00e9partementale des territoires de la C\u00f4te-d'Or / Service de l'eau et\ndes risques\n21-2024-04-04-00006 - Arr\u00eat\u00e9 pr\u00e9fectoral n\u00b0 629 du 04 avril 2024 portant\nprescriptions sp\u00e9cifiques au dossier de d\u00e9claration loi sur l'eau concernant\nle projet de cr\u00e9ation de deux forages pour pr\u00e9l\u00e8vement d'eau dans le\nchamp captant de la Rente Logerot sur le territoire de la commune de\nMarsannay-la-C\u00f4te. (6 pages) Page 29\nDirection d\u00e9partementale des territoires de la C\u00f4te-d'Or / Service \u00c9conomie\nAgricole et Environnement des Exploitations\n21-2024-03-30-00001 - Arr\u00eat\u00e9 pr\u00e9fectoral\nrelatif \u00e0 la composition de la\nCommission consultative paritaire d\u00e9partementale des baux ruraux de la\nC\u00f4te-d\u25a1Or (3 pages) Page 36\n21-2024-02-23-00004 - D\u00e9cision pr\u00e9fectorale de retrait de l\u25a1agr\u00e9ment\ndu\nGAEC DE LA CONTREE (2 pages) Page 40\n21-2024-01-23-00006 - D\u00e9cision pr\u00e9fectorale de retrait de l\u25a1agr\u00e9ment\ndu\nGAEC DU CREUX BLEU (2 pages) Page 43\n21-2024-01-23-00005 - D\u00e9cision pr\u00e9fectorale de retrait de l\u25a1agr\u00e9ment\ndu\nGAEC GARDEY (2 pages) Page 46\nDirection d\u00e9partementale des territoires de la C\u00f4te-d'Or / Service\nPr\u00e9servation et Am\u00e9nagement de l'Espace\n21-2024-03-30-00002 - Arr\u00eat\u00e9 pr\u00e9fectoral n\u00b0 639 d'approbation de la carte\ncommunale de Poncey-l\u00e8s-Ath\u00e9e (2 pages) Page 49\n2\nDirection d\u00e9partementale des territoires de la C\u00f4te-d'Or / Service\nPr\u00e9servation et Am\u00e9nagement de l'Espace (SPAE)\n21-2024-03-29-00005 - Arr\u00eat\u00e9 pr\u00e9fectoral du 29 mars 2024 autorisant\nMonsieur J\u00e9r\u00f4me LANIER \u00e0 effectuer des tirs de d\u00e9fense simple en vue de la\nprotection de son troupeau de bovins contre la pr\u00e9dation du loup (Canis\nlupus) (7 pages) Page 52\nDirection d\u00e9partementale des territoires de la C\u00f4te-d'Or / Service S\u00e9curit\u00e9 et\n\u00c9ducation Routi\u00e8re\n21-2024-03-26-00009 - AP 616 20240326 M274 EntretienEchangeur41-37 (6\npages) Page 60\n21-2024-03-26-00010 - AP 617 20240326 M274 EntretienEchangeur37-34 (6\npages) Page 67\n21-2024-03-26-00011 - AP 619 20240326 RAA A6 RepriseChauss\u00e9es (4 pages) Page 74\n21-2024-04-04-00007 - AP 637 20240404 A36A39 Noeud (6 pages) Page 79\nDRAAF Bourgogne-Franche-Comt\u00e9 / Service r\u00e9gional de la for\u00eat et du bois\n21-2024-04-04-00001 - Arr\u00eat\u00e9 portant approbation de l'am\u00e9nagement de la\nfor\u00eat communale de Franxault pour la p\u00e9riode 2024-2043 (2 pages) Page 86\n21-2024-04-04-00004 - Arr\u00eat\u00e9 portant approbation de l'am\u00e9nagement de la\nfor\u00eat communale de Meulson pour la p\u00e9riode 2024-2043 avec application\ndu 2\u00b0 de l'article\n L 122-7 du code forestier (4 pages) Page 89\n21-2024-04-04-00003 - Arr\u00eat\u00e9 portant approbation de l'am\u00e9nagement de la\nfor\u00eat communale de Mirebeau Sur B\u00e8ze pour la p\u00e9riode 2024-2043 (4\npages) Page 94\n21-2024-04-04-00005 - Arr\u00eat\u00e9 portant approbation de l'am\u00e9nagement de la\nfor\u00eat communale de Planay pour la p\u00e9riode 2024-2043  (2 pages) Page 99\n21-2024-04-04-00002 - Arr\u00eat\u00e9 portant approbation de l'am\u00e9nagement des\nfor\u00eats communales de LIERNAIS pour la p\u00e9riode 2024-2043 (2 pages) Page 102\nDRAC Bourgogne-Franche-Comt\u00e9 /\n21-2024-04-03-00001 - 2024 04 03 Subd\u00e9l\u00e9gation de Mme Aym\u00e9e Rog\u00e9 \u00e0\nS\u00e9verine Wodli et Pauline Pontisso sign\u00e9e (2 pages) Page 105\nPr\u00e9fecture de la C\u00f4te-d'Or / Direction de la coordination, des politiques\npubliques et de l'appui territorial\n21-2024-03-28-00006 - ARRETE PREFECTORAL n\u00b0608 du 28 mars 2024\nportant ouverture de l'enqu\u00eate publique relative \u00e0 la modification des\nservitudes radio\u00e9lectriques contre les perturbations \u00e9lectromagn\u00e9tiques et\ncontre les obstacles prot\u00e9geant le centre radio\u00e9lectrique militaire de\nl\u25a1a\u00e9rodrome de Dijon-Longvic (4 pages) Page 108\nPr\u00e9fecture de la C\u00f4te-d'Or / Direction des Collectivit\u00e9s locales et des\nElections\n21-2024-04-03-00002 - Arr\u00eat\u00e9 modificatif n\u00b0 625 relatif \u00e0 la division annuelle\ndes communes en plusieurs bureaux de vote et portant transfert de\ncertains lieux de vote (34 pages) Page 113\n3\n21-2024-04-27-00001 - Arr\u00eat\u00e9 pr\u00e9fectoral 626 du 27 mars 2024 portant\nrenouvellement de l'habilitation dans le domaine fun\u00e9raire de la soci\u00e9t\u00e9\nFUNECAP EST, enseigne commerciale \"Pompes Fun\u00e8bres Marbrerie ROC\nECLERC \u00e0 DIJON (2 pages) Page 148\n21-2024-03-20-00004 - Arr\u00eat\u00e9 pr\u00e9fectoral n\u00b0610 du 20 mars 2024 portant\nhabilitation dans le domaine fun\u00e9raire de la soci\u00e9t\u00e9 \"MARBRERIE DE LA\nTILLE\" \u00e0 MARCILLY SUR TILLE (2 pages) Page 151\nPr\u00e9fecture de la C\u00f4te-d'Or / Direction des s\u00e9curit\u00e9s\n21-2024-04-05-00003 - Arr\u00eat\u00e9 pr\u00e9fectoral portant agr\u00e9ment pour effectuer\nle contr\u00f4le m\u00e9dical de l'aptitude \u00e0 la conduite concernant le docteur\nJean-Michel BALET (2 pages) Page 154\nSous-pr\u00e9fecture de Beaune /\n21-2024-03-28-00005 - ARR\u00caT\u00c9 PR\u00c9FECTORAL N\u00b0 606 portant\nrenouvellement de l\u25a1homologation du circuit de karting de l\u25a1Auxois-sud, sis\nsur le territoire de la commune de Meilly-sur-Rouvres (6 pages) Page 157\n4\nCHU Dijon Bourgogne\n21-2024-01-21-00027\n22 D\u00e9l\u00e9gation Signature Registre refus  -  21 01\n2024\nCHU Dijon Bourgogne - 21-2024-01-21-00027 - 22 D\u00e9l\u00e9gation Signature Registre refus  -  21 01 2024 5\nTINDijon BourgogneDS 2024 - n\u00b0 22\u2014 Consultation du registre national des Refus de Pr\u00e9l\u00e8vement d'organes, de tissus et/oude cellules \u00e0 but th\u00e9rapeutique, scientifique ou autopsie m\u00e9dicale. \u2014 page 1\nEXTRAIT DU REGISTREDES DECISIONS DU DIRECTEUR GENERALDIRECTION GENERALEDELEGATION DE SIGNATURERelative \u00e0 la consultation du Registre National des Refus de pr\u00e9l\u00e8vementd'organes, de tissus et/ou de cellules \u00e0 but th\u00e9rapeutique, scientifique ouautopsie m\u00e9dicale\nDS 2024 \u2014 n\u00b0 22 du 21 janvier 2024DELEGATION DE SIGNATUREMonsieur Freddy SERVEAUXDirecteur G\u00e9n\u00e9ral du Centre Hospitalier du CHU Dijon Bourgogne,Vu la loi n\u00b0 83-634 du 13 juillet 1983 modifi\u00e9e portant droits et obligations des fonctionnaires,ensemble la loi n\u00b0 86-33 du 9 janvier 1986 modifi\u00e9e portant dispositions statutaires relatives\u00e0 la Fonction Publique Hospitali\u00e8re,Vu le Code de la Sant\u00e9 Publique et aux territoires et notamment les articles L6143-7 et D6143-33 \u00e0 D6143-35 relatifs \u00e0 la d\u00e9l\u00e9gation de signature du directeur d'un \u00e9tablissement public desant\u00e9,Vu le d\u00e9cret du Pr\u00e9sident de la R\u00e9publique du 16 mai 2023 publi\u00e9 au Journal Officiel le 17mai 2023 portant nomination du Directeur G\u00e9n\u00e9ral du Centre Hospitalier du CHU DijonBourgogne,Vu le Proc\u00e8s - Verbal d'Installation en date du 05 juin 2023 certifiant l'installation de MonsieurFreddy SERVEAUX, Directeur G\u00e9n\u00e9ral du CHU Dijon Bourgogne \u00e0 compter du 05 juin 2023,Vu les arr\u00eat\u00e9s de nomination et notes d'information relatifs aux agents ci \u2014 dessous concern\u00e9s,Vu la d\u00e9cision N\u00b0 2024/36 relative \u00e0 l'organigramme de direction en date du 21 janvier 2024\nDECIDEARTICLE 1 - D\u00e9l\u00e9gation est donn\u00e9e pour effectuer en mon nom les formalit\u00e9s d'interrogation du RegistreNational des Refus de pr\u00e9l\u00e8vement d'organes, de tissus et/ou de cellules telles que pr\u00e9cis\u00e9es par laCirculaire n\u00b0 98/489 du 31/07/98,pour les pr\u00e9l\u00e8vements d'organes \u00e0 but th\u00e9rapeutique, \u00e0 :Madame BONIN Marie-H\u00e9l\u00e8ne, infirmi\u00e8reMadame Sophie CORPET, infirmi\u00e8reMadame Sophie MARION, Infirmi\u00e8reMadame le docteur Nadine DEFRANCE-MILESI, M\u00e9decin r\u00e9f\u00e9rentMonsieur Ingmar KOHL, InfirmierMadame C\u00e9line DUPASQUIER, Infirmi\u00e8re\nCHU Dijon Bourgogne - 21-2024-01-21-00027 - 22 D\u00e9l\u00e9gation Signature Registre refus  -  21 01 2024 6\n7\\Dijon Bourgogne\nee\nDS 2024 - n\u00b0 22\u2014 Consultation du registre national des Refus de Pr\u00e9l\u00e8vement d'organes, de tissus et/oude cellules \u00e0 but th\u00e9rapeutique, scientifique ou autopsie m\u00e9dicale. \u2014 page 2Madame C\u00e9line GARNIER, Infirmi\u00e8reMadame St\u00e9phanie PASQUET, Infirmi\u00e8reMonsieur le docteur S\u00e9bastien PRIN, M\u00e9decin r\u00e9f\u00e9rentpour les pr\u00e9l\u00e8vements d'organes \u00e0 but scientifique et autopsies m\u00e9dicales, \u00e0 :Madame Sarah AMALRIC, Directrice des coop\u00e9rations m\u00e9dicales,Madame Anne-Lucie BOULANGER, Directrice des affaires m\u00e9dicalesMonsieur Thierry BOURGET, Directeur des affaires \u00e9conomiques et logistiques,Monsieur Kamel BOUYAHIAOUI, Directeur des affaires \u00e9conomiques et logistiques,Madame Corinne CALARD, Coordonnatrice G\u00e9n\u00e9rale des activit\u00e9s de soins infirmiers, der\u00e9\u00e9ducation et m\u00e9dico - techniques,Monsieur Florent CAVELIER, Secr\u00e9taire g\u00e9n\u00e9ral,Monsieur Romain FISCHER, Directeur des ressources humaines,Monsieur Quentin GARNIER, Directeur adjoint aux ressources humaines,Madame Yamina KROUK, Directrice du Campus Param\u00e9dical,Madame Audrey LICANDRO, Directrice de la recherche clinique et de l'Innovation,Madame Florence MARTEL, Directrice de la qualit\u00e9, de la gestion des risques et des relationsavec les usagers,Madame Nathalie MOULENE, Directrice de la communication, de la culture, du m\u00e9c\u00e9nat et del'attractivit\u00e9,Monsieur J\u00e9r\u00e9my PAGEAUX, Directeur des services num\u00e9riques du CHU et du GHT,Monsieur Florent PEEREN, Directeur de la strat\u00e9gie,Madame Christine PHILIPPON, Directrice des services techniques, de la transition \u00e9nerg\u00e9tique etde la s\u00e9curit\u00e9,Monsieur M. Mehdi PICHEGRU, Directeur adjoint des affaires m\u00e9dicales,Monsieur Didier RICHARD, Directeur des CH d'Auxonne, d'Is-Sur-Tille et de l\"EHPAD de Mirebeau-Sur-B\u00e8ze,Monsieur Pascal TAFFUT, Directeur des affaires financi\u00e8res, du contr\u00f4le interne et des recettes,Madame Christine TROJAN, Directrice des parcours patients,Madame Claire TARNIER, Attach\u00e9e d'administration hospitali\u00e8re,ARTICLE 2 - Les signatures ou paraphes du d\u00e9l\u00e9gataire nomm\u00e9\u00e0 l'article 1\u00b0\" sont joints \u00e0 la pr\u00e9sented\u00e9cision.ARTICLE 3 \u2014 La pr\u00e9sente d\u00e9cision sera communiqu\u00e9e au conseil de surveillance, et transmise sansd\u00e9lai au tr\u00e9sorier principal du CHU Dijon Bourgogne.ARTICLE4 \u2014 La pr\u00e9sente d\u00e9cision sera ins\u00e9r\u00e9e au recueil des actes administratifs de la Pr\u00e9fecture dela C\u00f4te \u2014 d'Or. Elle annule et remplace toute d\u00e9cision ant\u00e9rieure.Dijon, le 21 janvier 2024Le Directeur G\u00e9n\u00e9ralSign\u00e9Freddy SERVEAUX\nDirection G\u00e9n\u00e9rale : Extrait du registre des d\u00e9cisions du Directeur G\u00e9n\u00e9ral\nCHU Dijon Bourgogne - 21-2024-01-21-00027 - 22 D\u00e9l\u00e9gation Signature Registre refus  -  21 01 2024 7\n4 '\\\\'l DS 2024 - n\u00b0 22\u2014 Consultation du registre national des Refus de Pr\u00e9l\u00e8vement d'organes, de tissus et/oubicn\u00e9ougems de cellules \u00e0 but th\u00e9rapeutique, scientifique ou autopsie m\u00e9dicale. - page 3D\u00e9p\u00f4t de signature du d\u00e9l\u00e9gataire\nPr\u00e9nom NOM Direction SignatureMme Marie-H\u00e9l\u00e8ne BONIN Infirmi\u00e8re Sign\u00e9Mmesophis SORFET Infirmi\u00e8re S i g n \u00e9\nMme Sophie MARION Infirmi\u00e8re S ] g n \u00e9\nM. Ingmar KOHL Infirmier Slgn\u00e9Mme St\u00e9phanie PASQUET Infirmi\u00e8re Sign\u00e9\nM. le docteur S\u00e9bastien PRIN M\u00e9decin r\u00e9f\u00e9rent Si gn e\nMme C\u00e9line DUPASQUIER Infirmi\u00e8re Sign\u00e9\nMme C\u00e9line GARNIER Infirmi\u00e8re Si gn e\nMme Sarah AMALRIC Directrice des coop\u00e9rations Si gn \u00e9m\u00e9dicales\nMme Anne-Lucie BOULANGER Directrice des affaires m\u00e9dicales Si g n\u00e9\nM. Thierry BOURGET Directeur des affaires S | g n \u00e9\u00e9conomiques et logistiques\nCHU Dijon Bourgogne - 21-2024-01-21-00027 - 22 D\u00e9l\u00e9gation Signature Registre refus  -  21 01 2024 8\nP7T\\ADijon BourgogneDS 2024 - n\u00b0 22\u2014 Consultation du registre national des Refus de Pr\u00e9l\u00e8vement d'organes, de tissus et/oude cellules \u00e0 but th\u00e9rapeutique, scientifique ou autopsie m\u00e9dicale. \u2014 page 4\nM. Kamel BOUYAHIAOUIDirecteur des affaires\u00e9conomiques et logistiquesSign\u00e9\nMme Corinne CALARDCoordonnatrice G\u00e9n\u00e9rale desactivit\u00e9s de soins infirmiers, der\u00e9\u00e9ducation et m\u00e9dico -techniques,Sign\u00e9\nM. Florent CAVELIERSecr\u00e9taire g\u00e9n\u00e9ralSign\u00e9\nM. Romain FISCHERDirecteur des ressourceshumainesSign\u00e9\nM. Quentin GARNIERDirecteur adjoint aux ressourceshumainesSign\u00e9\nMme Yamina KROUK . 4Directrice du Campus Param\u00e9dical Slgne\nMme Audrev LICANDRO Directrice de la recherche clinique S \u00c7Y et de l'Innovation lgne\nDirectrice de la qualit\u00e9, de laMme Florence MARTEL gestion des risques et desrelations avec les usagersSign\u00e9\nMme Nathalie MOULENEDirectrice de la communication,de la culture, du m\u00e9c\u00e9nat et del'attractivit\u00e9Sign\u00e9\nM. J\u00e9r\u00e9my PAGEAUXDirecteur des services num\u00e9riquesdu CHU et du GHT Sign\u00e9\nM. Florent PEERENDirecteur de la strat\u00e9gieSign\u00e9\nMme Christine PHILIPPONDirectrice des servicestechniques, de la transition\u00e9nerg\u00e9tique et de la s\u00e9curit\u00e9Sign\u00e9\nCHU Dijon Bourgogne - 21-2024-01-21-00027 - 22 D\u00e9l\u00e9gation Signature Registre refus  -  21 01 2024 9\nP\\Dijon BourgogneDS 2024 - n\u00b0 22\u2014 Consultation du registre national des Refus de Pr\u00e9l\u00e8vement d'organes, de tissus et/oude cellules \u00e0 but th\u00e9rapeutique, scientifique ou autopsie m\u00e9dicale. \u2014 page 5\nM. Mehdi PICHEGRUDirecteur adjoint des affairesm\u00e9dicalesSign\u00e9\nM. Didier RICHARDDirecteur des CH d'Auxonne,d'Is-Sur-Tille et de 'EHPAD deMirebeau-Sur-B\u00e8ze)Sign\u00e9\nM. Pascal TAFFUTDirecteur des affaires financi\u00e8res,du contr\u00f4le interne et desrecettes Sign\u00e9\nMme Christine TROJANDirectrice des parcours patientsSign\u00e9\nMme Claire TARNIERAttach\u00e9 d'administrationhospitali\u00e8re droit des patientsSign\u00e9\nCHU Dijon Bourgogne - 21-2024-01-21-00027 - 22 D\u00e9l\u00e9gation Signature Registre refus  -  21 01 2024 10\nCHU Dijon Bourgogne\n21-2024-01-21-00028\n47 D\u00e9l\u00e9gation Signature Direction -Cadre de\nSant\u00e9 Annick MUNERET  -  CH IS SUR TILLE - 21 01\n2024\nCHU Dijon Bourgogne - 21-2024-01-21-00028 - 47 D\u00e9l\u00e9gation Signature Direction -Cadre de Sant\u00e9 Annick MUNERET  -  CH IS SUR TILLE\n- 21 01 2024 11\nG,uD'lonl;:g\\ogne DS 2024 - n\u00b0 47 \u2014 D\u00e9l\u00e9gation de signature Centre Hospitalier d'Is-Sur-Tille et de l''EHPAD de Mirebeau-sur-B\u00e8ze \u2014 Annick MUNERET Cadre de sant\u00e9- page 1\nEXTRAIT DU REGISTREDES DECISIONS DU DIRECTEUR GENERALDIRECTION GENERALEDELEGATION DE SIGNATUREDirection du Centre Hospitalier d'Is-sur-Tille et de 'EHPAD de Mirebeau-sur-B\u00e8zePortant d\u00e9l\u00e9gation de signature \u00e0 Annick MUNERET Cadre de Sant\u00e9\nDS 2024 \u2014 n\u00b0 47 du 21 janvier 2024 portantDELEGATION DE SIGNATUREMonsieur Freddy SERVEAUXDirecteur G\u00e9n\u00e9ral du Centre Hospitalier du CHU Dijon Bourgogne,- Vu la loi n\u00b0 83-634 du 13 juillet 1983 modifi\u00e9e portant droits et obligations des fonctionnaires,ensemble la loi n\u00b0 86-33 du 9 janvier 1986 modifi\u00e9e portant dispositions statutaires relatives \u00e0la Fonction Publique Hospitali\u00e8re,- Vu le Code de la Sant\u00e9 Publique et aux territoires et notamment les articles L6143-7 et D6143-33 \u00e0 D6143-35 relatifs \u00e0 la d\u00e9l\u00e9gation de signature du directeur d'un \u00e9tablissement public desant\u00e9,- Vu le d\u00e9cret du Pr\u00e9sident de la R\u00e9publique du 16 mai 2023 publi\u00e9 au Journal Officiel le 17 mai2023 portant nomination du Directeur G\u00e9n\u00e9ral du Centre Hospitalier Universitaire de Dijon,- Vu le Proc\u00e8s - Verbal d'Installation en date du 05 juin 2023 certifiant l'installation de MonsieurFreddy SERVEAUX, Directeur G\u00e9n\u00e9ral du CHU Dijon Bourgogne \u00e0 compter du 05 juin 2023,\u2014 Vu la convention de direction commune CHU Dijon Bourgogne \u2014 CH Auxonne \u2014 CH Is-sur-Tille \u2014EHPAD Mirebeau-sur-B\u00e8ze prenant effet en date du 1er f\u00e9vrier 2020,_ Vu l'arr\u00eat\u00e9 de nomination de Madame Catherine PALLENCHIER, par arr\u00eat\u00e9 en date du 11octobre 2022,- Vu la note d'information en date du 26 octobre 2022 relative \u00e0 la nomination de MadameCatherine PALLENCHIER, Directrice Adjointe, en charge des \u00e9tablissements d'Is- sur-Tille et deMirebeau-sur-B\u00e8ze dans le cadre de la direction commune avec le CH d'Auxonne et le CHUDijon Bourgogne \u00e0 compter du 16 novembre 2022,- Vu l'arr\u00eat\u00e9 de nomination de Monsieur Didier RICHARD, par arr\u00eat\u00e9 en date du 28 avril 2017,- Vu la d\u00e9cision N\u00b0 2024/36 relative \u00e0 l'organigramme de direction en date du 21 janvier 2024\nDECIDE\nCHU Dijon Bourgogne - 21-2024-01-21-00028 - 47 D\u00e9l\u00e9gation Signature Direction -Cadre de Sant\u00e9 Annick MUNERET  -  CH IS SUR TILLE\n- 21 01 2024 12\nARA w{:x: . DS 2024 - n\u00b0 47 \u2014 D\u00e9l\u00e9gation de signature Centre Hospitalier d'Is-Sur-Tille et de l''EHPAD de Mirebeau-sur-B\u00e8ze \u2014 Annick MUNERET Cadre de sant\u00e9- page 2ARTICLE 1 \u2014 D\u00e9l\u00e9gation est donn\u00e9e \u00e0 Madame Catherine PALLENCHIER, Directrice Adjointe des CHd'Auxonne, d'Is-sur-Tille et de 'EHPAD de Mirebeau-sur-B\u00e8ze, et en cas d'emp\u00e9chement, \u00e0 :e Monsieur Didier RICHARD, Directeur des CH d'Auxonne, d'ls-Sur-Tille et de I'EHPAD deMirebeau-Sur-B\u00e8ze, et en cas d'emp\u00eachement, a:e Madame Annick MUNERET \u2014 Cadre de Sant\u00e9 re\u00e7oit d\u00e9l\u00e9gation permanente pour la signaturerelative:\u00bb Organisation des services d'h\u00e9bergement et de soins :- Signature des cong\u00e9s de toute nature,- Signature des notes d'information.> Gestion des stagiaires (tous services confondus) :- Signature des conventions et des \u00e9valuations de stage.> Prise en charge des r\u00e9sidents :- Signature des Projets de Vie et de Soins Individualis\u00e9,- Traitement des demandes d'admission.}> Ev\u00e8nements ind\u00e9sirables :- Signature des signalements de maltraitance et/ou \u00e9pisode infectieux.ARTICLE 2 - Les signatures ou paraphes du d\u00e9l\u00e9gataire nomm\u00e9 \u00e0 l'article 1er sont joints \u00e0 la pr\u00e9sented\u00e9cision.ARTICLE 3 \u2014 La pr\u00e9sente d\u00e9cision sera communiqu\u00e9e au conseil de surveillance, et transmise sans d\u00e9laiau Tr\u00e9sor public.ARTICLE 4 \u2014 La pr\u00e9sente d\u00e9cision sera ins\u00e9r\u00e9e au recueil des actes administratifs de la Pr\u00e9fecture de laC\u00f4te \u2014 d'Or. Elle annule et remplace toute d\u00e9cision ant\u00e9rieure.ARTICLE 5 - La pr\u00e9sente d\u00e9cision peut faire l'objet d'un recours devant le Tribunal Administratif deDijon dans un d\u00e9lai de deux mois \u00e0 compter de sa notification.Dijon, le 21 janvier 2024Le Directeur G\u00e9n\u00e9ralSign\u00e9Freddy SERVEAUX\nDirection G\u00e9n\u00e9rale : Extrait du registre des d\u00e9cisions du Directeur G\u00e9n\u00e9ral\nCHU Dijon Bourgogne - 21-2024-01-21-00028 - 47 D\u00e9l\u00e9gation Signature Direction -Cadre de Sant\u00e9 Annick MUNERET  -  CH IS SUR TILLE\n- 21 01 2024 13\nPy '{\" . . . . .DS 2024 - n\u00b0 47 \u2014 D\u00e9l\u00e9gation de signature Centre Hospitalier d'Is-Sur-Tille et de l'EHPAD de Mirebeau-Dijon Bourgogne .sur-B\u00e8ze \u2014 Annick MUNERET Cadre de sant\u00e9- page 3\nD\u00e9p\u00f4t de signature du d\u00e9l\u00e9gataire\nPr\u00e9nom NOM Direction Signature\nCadre de Sant\u00e9 - Centre Hospitalier S | g n\u00e9Madame Annick MUNERET d'Is-sur-Tille et de 'EHPAD deMirebeau-sur-B\u00e8ze\nMadame Catherine PALLENCHIERDirectrice Adjointe des CHd'Auxonne, d'is-sur-Tille et del'EHPAD de Mirebeau-sur-B\u00e8zeSign\u00e9\nMonsieur Didier RICHARDDirecteur des CH d'Auxonne, d'Is-Sur-Tille et de 'EHPAD deMirebeau-Sur-B\u00e8ze\nCHU Dijon Bourgogne - 21-2024-01-21-00028 - 47 D\u00e9l\u00e9gation Signature Direction -Cadre de Sant\u00e9 Annick MUNERET  -  CH IS SUR TILLE\n- 21 01 2024 14\nCHU Dijon Bourgogne\n21-2024-01-21-00029\n54 D\u00e9l\u00e9gation Signature Direction - Infirmi\u00e8re\nIDEC SSIAD-  CH IS SUR TILLE- 21 01 2024\nCHU Dijon Bourgogne - 21-2024-01-21-00029 - 54 D\u00e9l\u00e9gation Signature Direction - Infirmi\u00e8re IDEC SSIAD-  CH IS SUR TILLE- 21 01 2024 15\nG= #B' A\\ . DS 2024 - n\u00b0 54 \u2014 D\u00e9l\u00e9gation de signature Centre Hospitalier d'Is-Sur-Tille et de l'EHPAD de Mirebeau-1onBewEean\u00ae sur-B\u00e9ze \u2014 Infirmi\u00e8re IDEC SSIAD- page 1\nEXTRAIT DU REGISTREDES DECISIONS DU DIRECTEUR GENERALDIRECTION GENERALEDELEGATION DE SIGNATUREDirection du Centre Hospitalier d'Is-sur-Tille et de l'EHPAD de Mirebeau-sur-B\u00e9zePortant d\u00e9l\u00e9gation de signature \u00e0 Charline JANINISGS 1 grade\u2014 IDEC SSIAD\nDS 2024 \u2014 n\u00b0 54 du 21 janvier 2024 portantDELEGATION DE SIGNATUREMonsieur Freddy SERVEAUXDirecteur G\u00e9n\u00e9ral du Centre Hospitalier du CHU Dijon Bourgogne,- Vu la loi n\u00b0 83-634 du 13 juillet 1983 modifi\u00e9e portant droits et obligations des fonctionnaires,ensemble la loi n\u00b0 86-33 du 9 janvier 1986 modifi\u00e9e portant dispositions statutaires relatives \u00e0la Fonction Publique Hospitali\u00e8re,-\u2014 Vu le Code de la Sant\u00e9 Publique et aux territoires et notamment les articles L6143-7 et D6143-33 \u00e0 D6143-35 relatifs \u00e0 la d\u00e9l\u00e9gation de signature du directeur d'un \u00e9tablissement public desant\u00e9,- Vu le d\u00e9cret du Pr\u00e9sident de la R\u00e9publique du 16 mai 2023 publi\u00e9 au Journal Officiel le 17 mai2023 portant nomination du Directeur G\u00e9n\u00e9ral du Centre Hospitalier Universitaire de Dijon,- Vu le Proc\u00e8s - Verbal d'Installation en date du 05 juin 2023 certifiant I'installation de MonsieurFreddy SERVEAUX, Directeur G\u00e9n\u00e9ral du CHU Dijon Bourgogne \u00e0 compter du 05 juin 2023,- Vu la convention de direction commune CHU Dijon Bourgogne \u2014 CH Auxonne \u2014 CH Is-sur-Tille \u2014EHPAD Mirebeau-sur-B\u00e8ze prenant effet en date du 1er f\u00e9vrier 2020,- Vu l'arr\u00eat\u00e9 de nomination de Madame Catherine PALLENCHIER, par arr\u00eat\u00e9 en date du 11octobre 2022,- Vu la note d'information en date du 26 octobre 2022 relative \u00e0 la nomination de MadameCatherine PALLENCHIER, Directrice Adjointe, en charge des \u00e9tablissements d'Is- sur-Tille et deMirebeau-sur-B\u00e8ze dans le cadre de la direction commune avec le CH d'Auxonne et le CHUDijon Bourgogne \u00e0 compter du 16 novembre 2022,- Vu l'arr\u00eat\u00e9 de nomination de Monsieur Didier RICHARD, par arr\u00eat\u00e9 en date du 28 avril 2017,- Vu la d\u00e9cision N\u00b0 2024/36 relative \u00e0 l'organigramme de direction en date du 21 janvier 2024DECIDE\nCHU Dijon Bourgogne - 21-2024-01-21-00029 - 54 D\u00e9l\u00e9gation Signature Direction - Infirmi\u00e8re IDEC SSIAD-  CH IS SUR TILLE- 21 01 2024 16\ncHaZ 'n'B'w\"\\ DS 2024 - n\u00b0 54 \u2014 D\u00e9l\u00e9gation de signature Centre Hospitalier d'Is-Sur-Tille et de l''EHPAD de Mirebeau-Pon SEMEN sur-B\u00e8ze \u2014 Infirmi\u00e8re IDEC SSIAD- page 2ARTICLE 1 \u2014 D\u00e9l\u00e9gation est donn\u00e9e \u00e0 Madame Catherine PALLENCHIER, Directrice Adjointe des CHd'Auxonne, d'Is-sur-Tille et de 'EHPAD de Mirebeau-sur-B\u00e8ze, et en cas d'emp\u00e9chement, \u00e0 :e Monsieur Didier RICHARD, Directeur des CH d'Auxonne, d'Is-Sur-Tille et de l'EHPAD deMirebeau-Sur-B\u00e8ze, et en cas d'emp\u00eachement, \u00e0 :e Madame Charline JANIN, ISGS 1er grade, IDEC SSIAD re\u00e7oit d\u00e9l\u00e9gation permanente pour lasignature relative :>Organisation des soins :- Signature des cong\u00e9s du personnel plac\u00e9 sous son autorit\u00e9 fonctionnelle,- Signature d'information ou proc\u00e8s - verbaux de r\u00e9unions relatifs \u00e0 son service.>Gestion des stagiaires :- Signature des conventions et des \u00e9valuations de stage pour son service.\u00bb Prise en charge des patients :- Signature du contrat individuel de prise en charge et des documents institutionnels (Projet deVie et de Soins Individualis\u00e9s...),- Traitement des demandes d'admission au SSIAD,- Traitement des r\u00e9clamations relatives \u00e0 son service.ARTICLE 2 - Les signatures ou paraphes du d\u00e9l\u00e9gataire nomm\u00e9 \u00e0 l'article 1er sont joints \u00e0 la pr\u00e9sented\u00e9cision.ARTICLE 3 \u2014 La pr\u00e9sente d\u00e9cision sera communiqu\u00e9e au conseil de surveillance, et transmise sans d\u00e9laiau Tr\u00e9sor public.ARTICLE 4 \u2014 La pr\u00e9sente d\u00e9cision sera ins\u00e9r\u00e9e au recueil des actes administratifs de la Pr\u00e9fecture de laC\u00f4te \u2014 d'Or. Elle annule et remplace toute d\u00e9cision ant\u00e9rieure.ARTICLE 5 - La pr\u00e9sente d\u00e9cision peut faire l'objet d'un recours devant le Tribunal Administratif deDijon dans un d\u00e9lai de deux mois \u00e0 compter de sa notification.Dijon, le 21 janvier 2024Le Directeur G\u00e9n\u00e9ralSign\u00e9Freddy SERVEAUX\nDirection G\u00e9n\u00e9rale : Extrait du registre des d\u00e9cisions du Directeur G\u00e9n\u00e9ral\nCHU Dijon Bourgogne - 21-2024-01-21-00029 - 54 D\u00e9l\u00e9gation Signature Direction - Infirmi\u00e8re IDEC SSIAD-  CH IS SUR TILLE- 21 01 2024 17\nTN . [ - . .DS 2024 - n\u00b0 54 \u2014 D\u00e9l\u00e9gation de signature Centre Hospitalier d'Is-Sur-Tille et de l'EHPAD de Mirebeau-Pilon Bouwgean\u00ae sur-B\u00e8ze \u2014 Infirmi\u00e8re IDEC SSIAD- page 3\nD\u00e9p\u00f4t de signature du d\u00e9l\u00e9gataire\nPr\u00e9nom NOM DirectionSignature\nMadame Charline JANINISGS 1er grade, IDEC SSIAD -Centre Hospitalier d'Is-sur-Tille etde l'EHPAD de Mirebeau-sur-BezeSign\u00e9\nMadame Catherine PALLENCHIERDirectrice Adjointe des CHd'Auxonne, d'Is-sur-Tille et del''EHPAD de Mirebeau-sur-B\u00e8zeSign\u00e9\nMonsieur Didier RICHARDDirecteur des CH d'Auxonne, d'ls-Sur-Tille et de 'EHPAD deMirebeau-Sur-B\u00e8zeSign\u00e9\nCHU Dijon Bourgogne - 21-2024-01-21-00029 - 54 D\u00e9l\u00e9gation Signature Direction - Infirmi\u00e8re IDEC SSIAD-  CH IS SUR TILLE- 21 01 2024 18\nDirection d\u00e9partementale de l'emploi, du travail\net des solidarit\u00e9s de C\u00f4te-d'Or\n21-2024-04-05-00001\nArr\u00eat\u00e9 agr\u00e9ment ESUS/EBE 21 909 062 143 00013\nDirection d\u00e9partementale de l'emploi, du travail et des solidarit\u00e9s de C\u00f4te-d'Or - 21-2024-04-05-00001 - Arr\u00eat\u00e9 agr\u00e9ment ESUS/EBE 21\n909 062 143 00013 19\nPREFETDE LACOTE-D'ORLibert\u00e9Egalit\u00e9Fraternit\u00e9\nDirection D\u00e9partementale \nde l'Emploi, du Travail et des Solidarit\u00e9s \nDDETS  \n \nDDETS 21, 21 Bd Voltaire, BP 81110 -  21011 DIJON Cedex \nT\u00e9l. : 03 80 45 75 02 (Accueil) \nwww.cote-dor.gouv.fr \n \n \nAffaire suivie par Ma\u00eblle THIEBAUT \nCharg\u00e9e de mission \u2013 P\u00f4le Emploi Coh\u00e9sion Territoriale \nT\u00e9l : 03 80 45 75 07 // 06 75 40 79 13 \nCourriel : maelle.thiebaut@cote-dor.gouv.fr \nDijon, le 5 avril 2024 \n \n \n \n \n \nAssociation EBE 21 \nMonsieur le Pr\u00e9sident \n7 rue du Champs de Foire \n21140 SEMUR-EN-AUXOIS \n \n \n \nDDETS de la C\u00f4te d'Or  \nARR\u00caT\u00c9 PORTANT AGR\u00c9MENT  \nd'Entreprise Solidaire d'Utilit\u00e9 Sociale (ESUS)  \n \n  \nVu - La loi n\u00b02014-856 du 31 juillet 2014 relative \u00e0 l'Economie Sociale et Solidaire (ESS) ; \n \nVu - La loi n\u00b02019-486 du 22 mai 2019 relative \u00e0 la croissance et la transformation des entreprises \nmodifiant la loi ci-dessus du 31 juillet 2014 ;  \n  \nVu - Le d\u00e9cret n\u00b02015-719 du 23 juin 2015 relatif \u00e0 l'agr\u00e9ment \u00ab  Entreprise Solidaire d'Utilit\u00e9 Sociale \n(ESUS) \u00bb ; \n  \nVu - Le d\u00e9cret n\u00b02015-760 du 24 juin 2015 relatif \u00e0 l'agr\u00e9ment \u00ab  Entreprise Solidaire d'Utilit\u00e9 Sociale \n(ESUS) \u00bb ; \n  \nVu - L'arr\u00eat\u00e9 du 3 ao\u00fbt 2015 fixant la fraction des b\u00e9n\u00e9fices affect\u00e9e au report b\u00e9n\u00e9ficiaire et aux \nr\u00e9serves obligatoires, art 1 loi n\u00b0 2014-856 du 31 juillet 2014 relative \u00e0 l'Economie Sociale et Solidaire \n(ESS) ;  \n  \nVu - L'arr\u00eat\u00e9 du 5 ao\u00fbt 2015 fixant la composition du dossier de demande d'agr\u00e9ment \u00ab  Entreprise \nSolidaire d'Utilit\u00e9 Sociale (ESUS) \u00bb ; \n \nVu - L'arr\u00eat\u00e9 pr\u00e9fectoral n\u00b0 1204 du 17 octobre 2022 portant d\u00e9l\u00e9gation de signature \u00e0  Mr Nicolas \nNIBOUREL, Directeur D\u00e9partemental de la DDETS de C\u00f4te d'Or ; \n \nVu - L'arr\u00eat\u00e9 n\u00b01485/DDETS du 19 octobre 2023 \u2013 Pr\u00e9fecture de la C\u00f4te d'Or, portant subd\u00e9l\u00e9gation \nde signature; \n \nVu - Le code du travail, notamment ses articles L 3332-17-1 et R 3332-21-1 \u00e0 R 3332-21-5 ; \nDirection d\u00e9partementale de l'emploi, du travail et des solidarit\u00e9s de C\u00f4te-d'Or - 21-2024-04-05-00001 - Arr\u00eat\u00e9 agr\u00e9ment ESUS/EBE 21\n909 062 143 00013 20\n  \n \nDDETS 21, 21 Bd Voltaire, BP 81110 -  21011 DIJON Cedex \nT\u00e9l. : 03 80 45 75 02 (Accueil) \nwww.cote-dor.gouv.fr \n \n  \nVu -La demande d'agr\u00e9ment Entreprise Solidaire d'Utilit\u00e9 Sociale (ESUS) pr\u00e9sent\u00e9e par courriel du 4 \nmars 2024 par l'association \u00ab EBE 21 \u00bb ; \nVu - La date de cr\u00e9ation de l'association \u00ab EBE 21 \u00bb, le 20 janvier 2022; \nVu - Les d\u00e9clarations de la demande d'agr\u00e9ment du dossier B1; \nVu - La situation au r\u00e9pertoire SIRENE de l'INSEE; \nVu - la compl\u00e9tude du dossier le 29 avril 2024. \n\u2026\u2026\u2026\u2026. \n \nConsid\u00e9rant, que l'Economie Sociale et Solidaire (ESS) est \u00ab  un mode d'entreprendre et de \nd\u00e9veloppement \u00e9conomique, adapt\u00e9 \u00e0 tous les domaines de l'acti vit\u00e9 humaine remplissant les \nconditions cumulatives, de recherche d'une utilit\u00e9 sociale et non du seul profit, d'une gouvernance \nd\u00e9mocratique, d'une affectation des b\u00e9n\u00e9fices majoritairement consacr\u00e9s au maintien ou au \nd\u00e9veloppement de l'entreprise ainsi qu'\u00e0 des r\u00e9serves impartageables et non distribuables (principes \nde bonne gestion) \u00bb ; \n \nConsid\u00e9rant, la situation au r\u00e9pertoire SIRENE de l'INSEE de \u00ab EBE 21 \u00bb indiquant l'appartenance \n\u00e0 l'Economie Sociale et Solidaire (ESS); \n \nConsid\u00e9rant, que le statut d'association vaut pr\u00e9somption des principes de bonne gestion (affectation \ndes b\u00e9n\u00e9fices au maintien de l 'emploi ou de l 'activit\u00e9, r\u00e9serves obligatoires impartageables et non \ndistribuables) ainsi que d'une gouvernance d\u00e9mocratique;  \n \nConsid\u00e9rant, que l'objet de l'association \u00ab EBE 21 \u00bb r\u00e9pond aux crit\u00e8res de l'utilit\u00e9 sociale notamment \n\u00e0 celui de soutien \u00e0 des personnes en situation de fragilit\u00e9; \n \nConsid\u00e9rant, l'attestation sur l'honneur d'absence de titres en capital sur les march\u00e9s financiers; \n \nConsid\u00e9rant, les statuts de l'association \u00ab EBE 21 \u00bb ainsi que les d\u00e9clarations sign\u00e9es du dossier B1 \nde demande d'agr\u00e9ment ESUS; \n \nConsid\u00e9rant, notamment le respect des principes de la politique de r\u00e9mun\u00e9ration; \n \nConsid\u00e9rant, l'affectation des charges d 'exploitation participant \u00e0 la recherche d 'une utilit\u00e9 sociale, \nrepr\u00e9sentant au moins 66 % des charges d'exploitation totales; \n \nConsid\u00e9rant, la date de cr\u00e9ation du 20 janvier 2022 (Avis Sirene) qui est de moins de trois ans par \nrapport \u00e0 la date de demande de l'agr\u00e9ment ; \n \nConsid\u00e9rant, que dans ce cas, la dur\u00e9e de l'agr\u00e9ment est de deux ans ; \n \nConsid\u00e9rant, qu'au vu des \u00e9l\u00e9ments pr\u00e9sent\u00e9s ci -dessus, l 'association \u00ab  EBE 21 \u00bb, remplit les \nconditions requises pour b\u00e9n\u00e9ficier de l'agr\u00e9ment d'Entreprise Solidaire d'Utilit\u00e9 Sociale (ESUS); \n \n \n \n \n \n \n \n \nDirection d\u00e9partementale de l'emploi, du travail et des solidarit\u00e9s de C\u00f4te-d'Or - 21-2024-04-05-00001 - Arr\u00eat\u00e9 agr\u00e9ment ESUS/EBE 21\n909 062 143 00013 21\nPREFETDE LACOTE-D'ORLibert\u00e9Egalit\u00e9Fraternit\u00e9\nDirection D\u00e9partementale \nde l'Emploi, du Travail et des Solidarit\u00e9s \nDDETS  \n \nDDETS 21, 21 Bd Voltaire, BP 81110 -  21011 DIJON Cedex \nT\u00e9l. : 03 80 45 75 02 (Accueil) \nwww.cote-dor.gouv.fr \n \n \n \n \n \n \n \nARR\u00caTE \n  \nArticle 1 : L'association \u00ab EBE 21 \u00bb dont le si\u00e8ge social se situe, 9 rue du Champs de foire 21140 \nSemur-en-Auxois, r\u00e9f\u00e9renc\u00e9e par le num\u00e9ro  SIRET 909 062 143 00013 se voit accorder l'agr\u00e9ment \nd'Entreprise Solidaire d'Utilit\u00e9 Sociale (ESUS) pour 2 ans, \u00e0 compter du 5 avril 2024 et jusqu'au 4 avril \n2026 selon les crit\u00e8res issus de l'article L3332 -17-1 du code du travail en vigueur \u00e0 la date de la \npr\u00e9sente d\u00e9cision. \n  \nArticle 2 : Le pr\u00e9sent arr\u00eat\u00e9 sera publi\u00e9 au recueil des actes administratifs de la Pr\u00e9fecture de la C\u00f4te \nd'Or.  \n \n \n \nPour le Pr\u00e9fet de D\u00e9partement, \nEt par d\u00e9l\u00e9gation du Directeur D\u00e9partemental emp\u00each\u00e9, \nLa Responsable de l'Unit\u00e9 Formation, Emploi et Insertion  \n \nMarie BEGRAND - SIGNE \nDirection d\u00e9partementale de l'emploi, du travail et des solidarit\u00e9s de C\u00f4te-d'Or - 21-2024-04-05-00001 - Arr\u00eat\u00e9 agr\u00e9ment ESUS/EBE 21\n909 062 143 00013 22\nDirection d\u00e9partementale de l'emploi, du travail\net des solidarit\u00e9s de C\u00f4te-d'Or\n21-2024-04-05-00002\nArr\u00eat\u00e9 renouvellement ESUS/KER 892 680 174\nDirection d\u00e9partementale de l'emploi, du travail et des solidarit\u00e9s de C\u00f4te-d'Or - 21-2024-04-05-00002 - Arr\u00eat\u00e9 renouvellement\nESUS/KER 892 680 174 23\n  \nDirection D\u00e9partementale de l'Emploi,  \ndu Travail et des Solidarit\u00e9s \nDDETS  \nDDETS 21, 21 Bd Voltaire, BP 81110 -  21011 DIJON Cedex \nT\u00e9l. : 03 80 45 75 02 (Accueil) \nwww.cote-dor.gouv.fr \n \n \n \n \n \n \nAffaire suivie par Ma\u00eblle THIEBAUT  \nCharg\u00e9e de mission \u2013 P\u00f4le Emploi Coh\u00e9sion Territoriale  \nT\u00e9l : 03 80 45 75 07 // 06 75 40 79 13 \nCourriel : \nmaelle.thiebaut@cote-dor.gouv.fr  \nDijon, le 5 avril 2024  \n \n \n \n \nAssociation KER  \nMadame la Pr\u00e9sidente \n2 rue d'Alembert  \n21000 DIJON  \n \n \n \nDDETS de la C\u00f4te d'Or   \nARR\u00caT\u00c9 PORTANT RENOUVELLEMENT AGR\u00c9MENT \nd'Entreprise Solidaire d'Utilit\u00e9 Sociale (ESUS ) \n \n \n  \nVu  - La loi n\u00b02014-856 du 31 juillet 2014 relative \u00e0 l'Economie Sociale et Solidaire (ESS) ; \n  \nVu  - La loi n\u00b02019-486 du 22 mai 2019 relative \u00e0 la c roissance et la transformation des entreprises \nmodifiant la loi ci-dessus du 31 juillet 2014 ; \n  \nVu  - Le d\u00e9cret n\u00b02015-719 du 23 juin 2015 relatif \u00e0 l 'agr\u00e9ment \u00ab Entreprise Solidaire d'Utilit\u00e9 Sociale \n(ESUS) \u00bb; \n  \nVu  - Le d\u00e9cret n\u00b02015-760 du 24 juin 2015 relatif \u00e0 l 'agr\u00e9ment \u00ab Entreprise Solidaire d'Utilit\u00e9 Sociale \n(ESUS) \u00bb; \n  \nVu  - L'arr\u00eat\u00e9 du 3 ao\u00fbt 2015 fixant la fraction des b \u00e9n\u00e9fices affect\u00e9e au report b\u00e9n\u00e9ficiaire et aux r\u00e9s erves \nobligatoires, art 1 loi n\u00b0 2014-856 du 31 juillet 2014 relative \u00e0 l'Economie Sociale et Solidaire (ESS) ; \n  \nVu  - L'arr\u00eat\u00e9 du 5 ao\u00fbt 2015 fixant la composition du dossier de demande d'agr\u00e9ment \u00ab Entreprise Solidaire \nd'Utilit\u00e9 Sociale (ESUS) \u00bb; \n \nVu  - L'arr\u00eat\u00e9 pr\u00e9fectoral n\u00b0 1204 du 17 octobre 2022 portant d\u00e9l\u00e9gation de signature \u00e0 Mr Nicolas \nNIBOUREL, Directeur D\u00e9partemental de la DDETS de C\u00f4te d'Or ; \n \nVu  - L'arr\u00eat\u00e9 n\u00b01485/DDETS du 19 octobre 2023 \u2013 Pr\u00e9fe cture de la C\u00f4te d'Or, portant subd\u00e9l\u00e9gation de \nsignature;  \n  \nVu  - Le code du travail, notamment ses articles L 3332-17-1 et R 3332-21-1 \u00e0 R 3332-21-5; \n  \nVu  - La demande de renouvellement de l'agr\u00e9ment d'Entreprise Solidaire d'Utilit\u00e9 Sociale (ESUS) re\u00e7ue par \ncourriel du 6 f\u00e9vrier 2024 et pr\u00e9sent\u00e9e par la Directrice de l'association \u00ab KER \u00bb, SIREN 892 680 174 ; \n \nVu  - L'arr\u00eat\u00e9 portant agr\u00e9ment ESUS du 16 novembre 20 21 d\u00e9j\u00e0 accord\u00e9 \u00e0 KER pour une dur\u00e9e de deux \nans ; \nDirection d\u00e9partementale de l'emploi, du travail et des solidarit\u00e9s de C\u00f4te-d'Or - 21-2024-04-05-00002 - Arr\u00eat\u00e9 renouvellement\nESUS/KER 892 680 174 24\n \nDDETS 21, 21 Bd Voltaire, BP 81110 -  21011 DIJON Cedex \nT\u00e9l. : 03 80 45 75 02 (Accueil) \nwww.cote-dor.gouv.fr \n \n \nVu - la convention cadre pluriannuelle 2022-2024 n\u00b0 021 010124 ACI 0001 03 portant sur l'insertion par \nl'activit\u00e9 \u00e9conomique ; \n \nVu  - L'article L 3332-17-1, II, 4\u00b0 du Code du Travail, visant les ateliers et chantiers d'insertion (ACI) ;  \n \nVu - La compl\u00e9tude du dossier en date du 29 mars 2024. \n \n\u2026\u2026\u2026\u2026. \n \nConsid\u00e9rant, que l'Economie Sociale et Solidaire (ESS) est \u00ab un  mode d'entreprendre et de \nd\u00e9veloppement \u00e9conomique, adapt\u00e9 \u00e0 tous les domaine s de l'activit\u00e9 humaine remplissant les conditions \ncumulatives, de recherche d'une utilit\u00e9 sociale et non du seul profit, d'une gouvernance d\u00e9mocratique,  \nd'une affectation des b\u00e9n\u00e9fices majoritairement consacr\u00e9s au maintien ou au d\u00e9veloppement de l'entreprise \nainsi qu'\u00e0 des r\u00e9serves impartageables et non distribuables (principes de bonne gestion) \u00bb ; \n \nConsid\u00e9rant, que l'association KER, SIREN 892 680 174, est reconnue Atelier et Chantier d'Insertion ;  \n \nConsid\u00e9rant, que  cette reconnaissance lui permet de b\u00e9n\u00e9ficier de plein droit de l'agr\u00e9ment ESUS ; \n \nConsid\u00e9rant, l'attestation sur l'honneur d'absence de titres en  capital sur les march\u00e9s financiers de \nl'association KER ;   \n \nConsid\u00e9rant,  notamment le respect des principes de la politique de r\u00e9mun\u00e9ration;  \n \nConsid\u00e9rant, qu'au vu des \u00e9l\u00e9ments pr\u00e9sent\u00e9s ci-dessus, l'assoc iation KER, remplit les conditions \nrequises pour b\u00e9n\u00e9ficier de l'agr\u00e9ment d'Entreprise Solidaire et d'Utilit\u00e9 Sociale (ESUS) de plein droit. \n \n \nARR\u00caTE \n \nArticle 1 : L'association KER dont le si\u00e8ge social se situe 2 rue d'Alembert, 2100 DIJON, r\u00e9f\u00e9renc\u00e9e par le \nnum\u00e9ro SIRET 892 680 174 00018 se voit accorder l'a gr\u00e9ment d'Entreprise Solidaire d'Utilit\u00e9 Sociale \n(ESUS) pour 5 ans, \u00e0 compter du 5 avril 2024 et jus qu'au 4 avril 2029 selon les crit\u00e8res issus de l'ar ticle \nL3332-17-1 du code du travail en vigueur \u00e0 la date de la pr\u00e9sente d\u00e9cision ; \n \nArticle 2 : Le pr\u00e9sent arr\u00eat\u00e9 sera publi\u00e9 au recueil des actes administratifs de la Pr\u00e9fecture de la C\u00f4te d'Or. \n \n  \n \n \n \nPour le Pr\u00e9fet de D\u00e9partement, \nEt par d\u00e9l\u00e9gation du Directeur D\u00e9partemental emp\u00each\u00e9, \nLa Responsable de l'Unit\u00e9 Formation, Emploi et Insertion, \n \nMarie BEGRAND - SIGNE \nDirection d\u00e9partementale de l'emploi, du travail et des solidarit\u00e9s de C\u00f4te-d'Or - 21-2024-04-05-00002 - Arr\u00eat\u00e9 renouvellement\nESUS/KER 892 680 174 25\nDirection d\u00e9partementale de l'emploi, du travail\net des solidarit\u00e9s de C\u00f4te-d'Or\n21-2024-04-04-00008\nR\u00e9c\u00e9piss\u00e9 D\u00e9claration SAP/924779382 GELEY\nQuentin \nDirection d\u00e9partementale de l'emploi, du travail et des solidarit\u00e9s de C\u00f4te-d'Or - 21-2024-04-04-00008 - R\u00e9c\u00e9piss\u00e9 D\u00e9claration\nSAP/924779382 GELEY Quentin 26\nE3 | - Direction D\u00e9partementale de l'Emploi,PR\u00c9FET du Travail et des Solidarit\u00e9s - DDETSDE LAC\u00d4TE-D' ORLibert\u00e9\u00c9galit\u00e9Fraternit\u00e9\nAffaire suivie par Sophie LACROIX | Dijon, le 04/04/2024P\u00f4le Emploi-Coh\u00e9sion Territoriale,- T\u00e9l: 03 80 45 78 10 // 06 46 79 36 50m\u00e9l : sophie.lacroix@cote-dor.gouv.frM. GELEY Quentin8 rue Octave Terril!on21121 FONTAINE LES DIJON\nRECEPISSE DE DECLARATIONd'un Organisme de Services \u00e0 la PersonneEnregistr\u00e9 sous le n\u00b0 SAP/924779382\nLe Prefet de la C\u00f4te-d'Or, et par subd\u00e9l\u00e9gation du Directeur D\u00e9partemental de la DDETS, la Cheffedu P\u00f4le Emploi et Coh\u00e9sion Territoriale,\nVU la loi n\u00b0 2015-1776 du 28 d\u00e9cembre 2015 relative a I'adaptati'on de la soci\u00e9t\u00e9 au vieillissement,VU le d\u00e9cret n\u00b0 2016-750 du 6 juin 2016 relatif \u00e0 la liste des activit\u00e9s de services \u00e0 la personnesoumises \u00e0 agr\u00e9ment ou \u00e0 autorisation dans le cadre du r\u00e9gime commun de la d\u00e9claration,VU le code du travail et notamment les articles L 7231-1 \u00e0 L 7233-2, R 7232-16 \u00e0 R 7232-22, D7231- /1 et D 7233-1 \u00e0 D 7233-5.\nConstate\nQu'une d\u00e9claration d'activit\u00e9s de services \u00e0 la personne a \u00e9t\u00e9 d\u00e9pos\u00e9e sous le n\u00b0 768680 aupr\u00e8s dela DDETS de la C\u00f4te d'Or, le 25 mars 2024, par M. GELEY Quentin, dans le cadre d'une entrepriseindividuelle, repr\u00e9sent\u00e9e par M. GELEY Quentin, dont le si\u00e8ge social est situ\u00e9 au 8 rue OctaveTerrillon \u2014 21121 FONTAINE LES DIJON et enregistr\u00e9e sous le n\u00b0 SAP/924779382 pour l'activit\u00e9suivante \u00e0 l'exclusion de toute autre :\n- Soutien scolaire ou cours \u00e0 domicile.\nVoltaire, 5P 81110 - 21011 DIJON Cedexote-dor.gouv.fr\nDirection d\u00e9partementale de l'emploi, du travail et des solidarit\u00e9s de C\u00f4te-d'Or - 21-2024-04-04-00008 - R\u00e9c\u00e9piss\u00e9 D\u00e9claration\nSAP/924779382 GELEY Quentin 27\nCette activit\u00e9 est exerc\u00e9e en qualit\u00e9 de prestataire.L'\u00e9tablissement principal, \u00e9galement si\u00e8ge social, se situe \u00e0 l'adresse ci-dessus et poss\u00e8de le num\u00e9roSIRET suivant, 924 779 382 00010.Toute modification concernant l'activit\u00e9 exerc\u00e9e devra faire lobjet d'une d\u00e9claration modificativepr\u00e9alable.Sous r\u00e9serve d'\u00eatre exerc\u00e9e \u00e0 titre exclusif ou de tenir une comptabilit\u00e9 s\u00e9par\u00e9e pour les organismes.pouvant d\u00e9roger \u00e0 la condition d'activit\u00e9 exclusive (art L 7232-1-2 Code Trav), cette activit\u00e9 ouvredroit au b\u00e9n\u00e9fice des dispositions des articles L. 7233-2 du code du travail et L. 241-10 du code de la- s\u00e9curit\u00e9 sociale dans les cond|t|ons pr\u00e9vues par ces articles.Les effets de la d\u00e9claration courent \u00e0 compter du jour de d\u00e9p\u00f4t de la demande, conform\u00e9ment \u00e0l'article R.7232-18 du code du travail.L'enregistrement de la d\u00e9claration peut \u00eatre retir\u00e9 dans les conditions fix\u00e9es aux articles R.7232-20 \u00e0R.7232-22 du code du travail.Le pr\u00e9sent r\u00e9c\u00e9piss\u00e9 n'est pas limit\u00e9 dans le temps et sera publi\u00e9 au recueil des actes administratifsde la pr\u00e9fecture de la C\u00f4te d'Or.\nPour le Pr\u00e9fet de C\u00f4te d'Or' Et par subd\u00e9l\u00e9gation du Dir\u00e9cteur D\u00e9parfemental emp\u00e9ch\u00e9,La Responsable de I' Unit\u00e9, Formation, Emploi et Insertion, .SIGNEMarie BEGRAND\nDDETS 21. 21 Bd Voltaire, BP 381110 - 21011 DIJON CedexT\u00e9l.: 03 80 45 75 45 (Accuell)\nDirection d\u00e9partementale de l'emploi, du travail et des solidarit\u00e9s de C\u00f4te-d'Or - 21-2024-04-04-00008 - R\u00e9c\u00e9piss\u00e9 D\u00e9claration\nSAP/924779382 GELEY Quentin 28\nDirection d\u00e9partementale des territoires de la\nC\u00f4te-d'Or\nService de l'eau et des risques\n21-2024-04-04-00006\nArr\u00eat\u00e9 pr\u00e9fectoral n\u00b0 629 du 04 avril 2024\nportant prescriptions sp\u00e9cifiques au dossier de\nd\u00e9claration loi sur l'eau concernant le projet de\ncr\u00e9ation de deux forages pour pr\u00e9l\u00e8vement\nd'eau dans le champ captant de la Rente Logerot\nsur le territoire de la commune de\nMarsannay-la-C\u00f4te.\nDirection d\u00e9partementale des territoires de la C\u00f4te-d'Or - 21-2024-04-04-00006 - Arr\u00eat\u00e9 pr\u00e9fectoral n\u00b0 629 du 04 avril 2024 portant\nprescriptions sp\u00e9cifiques au dossier de d\u00e9claration loi sur l'eau concernant le projet de cr\u00e9ation de deux forages pour pr\u00e9l\u00e8vement\nd'eau dans le champ captant de la Rente Logerot sur le territoire de la commune de Marsannay-la-C\u00f4te.\n29\nExPREFETDE LACOTE-D'ORL,z'bert\u00e9Egalit\u00e9Fraternit\u00e9\nDirection d\u00e9partementale des territoires\nde la C\u00f4te-d'Or\nAffaire suivie par : Christophe CHARTON\nService de l'eau et des risques\nBureau police de l'eau\nARR\u00caT\u00c9  PR\u00c9FECTORAL  N\u00b0  629  du 04  avril  2024  portant  prescriptions  sp\u00e9cifiques  au\ndossier de d\u00e9claration loi sur l'eau concernant le projet de cr\u00e9ation de deux forages pour\npr\u00e9l\u00e8vement  d'eau  dans  le champ  captant de la Rente Logerot  sur  le territoire  de  la\ncommune de Marsannay-la-c\u00f4te.\nLe pr\u00e9fet de la C\u00f4te-d'Or\nVU le code de l'environnement et notamment les articles L.211-1, L214-1 \u00e0 L.214-6 et R.214-1\n\u00e0 R.214-56 ;\nVU l'arr\u00eat\u00e9 du 11 septembre 2003 consolid\u00e9 portant application du d\u00e9cret n\u00b0 96.102 du 2\nf\u00e9vrier  1996  et  fixant  les  prescriptions  g\u00e9n\u00e9rales  applicables  aux  sondage,  forage,  y\ncompris  les  essais  de  pompage,  cr\u00e9ation  de  puits  ou  d'ouvrage  souterrain  soumis  \u00e0\nd\u00e9claration en application des articles L.214-1 \u00e0 L.214-3 du code de l'environnement et\nrelevant le la rubrique 1.1.1.0 ;\nVU l e  sch\u00e9ma  directeur  d'am\u00e9nagement  et  de  gestion  des  eaux  (SDAGE)  Rh\u00f4ne-\nM\u00e9diterran\u00e9e en vigueur ;\nVU le sch\u00e9ma d'am\u00e9nagement et de gestion des eaux du bassin de l'Ouche en vigueur ;\nVU le sch\u00e9ma d'am\u00e9nagement et de gestion des eaux du bassin de la Vouge en vigueur ;\nVU l'arr\u00eat\u00e9 pr\u00e9fectoral n\u00b0 1438/SG du 29 septembre 2023 donnant d\u00e9l\u00e9gation de signature\n\u00e0 Madame Florence LAUBIER, directrice d\u00e9partementale des territoires de la C\u00f4te-d'Or ;\nVU l'arr\u00eat\u00e9 pr\u00e9fectoral n\u00b0 43 du 10 janvier 2024 portant d\u00e9l\u00e9gation de signature aux agents\nde la direction d\u00e9partementale des territoires de la C\u00f4te-d'Or ;\nVU le dossier de d\u00e9claration loi sur l'eau re\u00e7ue au guichet unique de l'eau le 9 novembre\n2023,  pr\u00e9sent\u00e9  par  ANTEA  pour  le  compte  Dijon M \u00e9tropole, enregistr\u00e9  sous  le\nn\u00b00100033877 et relatif au projet de cr\u00e9ation de 2 forages pour pr\u00e9l\u00e8vement d'eau dans le\nchamp captant de la Rente Logerot sur le territoire de la commune de Marsannay-la-c\u00f4te ,\ncompl\u00e9t\u00e9 le 13 janvier 2024 ;\n1\nDirection d\u00e9partementale des territoires de la C\u00f4te-d'Or\n57 , rue de Mulhouse - BP 53317 - 21033 Dijon CEDEX\nT\u00e9l. : 03 80 29 44 44\nCourriel : ddt@cote-dor.gouv.fr - Site internet : \nhttp://www.cote-dor.gouv.fr\nDirection d\u00e9partementale des territoires de la C\u00f4te-d'Or - 21-2024-04-04-00006 - Arr\u00eat\u00e9 pr\u00e9fectoral n\u00b0 629 du 04 avril 2024 portant\nprescriptions sp\u00e9cifiques au dossier de d\u00e9claration loi sur l'eau concernant le projet de cr\u00e9ation de deux forages pour pr\u00e9l\u00e8vement\nd'eau dans le champ captant de la Rente Logerot sur le territoire de la commune de Marsannay-la-C\u00f4te.\n30\nVU l'avis favorable de l'agence r\u00e9gionale de sant\u00e9 Bourgogne-Franche-Comt\u00e9 en date du 2\nf\u00e9vrier 2024 ;\nVU l'avis favorable de la commission locale de l'eau de la Vouge  en date du 13 f\u00e9vrier\n2024 ;\nVU le courrier en date du 29 f\u00e9vrier  2024 adress\u00e9 au p\u00e9titionnaire pour  observations\n\u00e9ventuelles sur les prescriptions ;\nVU l'absence d'observation dans la r\u00e9ponse du p\u00e9titionnaire en date du 22 mars 2024 ;\nCONSID\u00c9RANT qu'il convient de g\u00e9rer durablement et de fa\u00e7on \u00e9quilibr\u00e9e la ressource en\neau en pr\u00e9servant les \u00e9cosyst\u00e8mes aquatiques, des sites et des zones humides et qu'il est\nn\u00e9cessaire  de  lutter  contre  la  pollution  par  d\u00e9versements,  \u00e9coulements,  rejets,  d\u00e9p\u00f4ts\ndirects ou indirects de mati\u00e8res de toute nature susceptibles de provoquer ou d'accro\u00eetre la\nd\u00e9gradation des eaux ;\nCONSID\u00c9RANT que les installations, ouvrages, travaux et activit\u00e9s vis\u00e9s \u00e0 l'article L. 214-1\ndu  code  de  l'environnement  sont  soumis  \u00e0  autorisation  ou  \u00e0  d\u00e9claration  suivant  les\ndangers  qu'ils  pr\u00e9sentent  et  la  gravit\u00e9  de  leurs  effets  sur  la  ressource  en  eau  et  les\n\u00e9cosyst\u00e8mes aquatiques ;\nCONSIDERANT  que les travaux  concernant le projet de cr\u00e9ation de deux forages pour\npr\u00e9l\u00e8vement  d'eau  dans  le champ  captant de la Rente Logerot sur  le territoire  de la\ncommune de Marsannay-la-c\u00f4te sont soumis \u00e0 d\u00e9claration loi sur l'eau ;\nCONSIDERANT  que le projet est compatible avec les dispositions du sch\u00e9ma directeur\nd'am\u00e9nagement  et  de  gestion  des  eaux  (SDAGE)  du  bassin  Rh\u00f4ne-M\u00e9diterran\u00e9e  et le\nsch\u00e9ma d'am\u00e9nagement et de gestion des eaux (SAGE) de la Vouge ;\nCONSID\u00c9RANT  que  le pr\u00e9fet peut imposer par arr\u00eat\u00e9 toutes prescriptions particuli\u00e8res\nn\u00e9cessaires ;\nCONSIDERANT qu e les prescriptions du pr\u00e9sent arr\u00eat\u00e9 permettent de garantir que le\nprojet n'aura pas d'impact significatif sur la gestion globale et \u00e9quilibr\u00e9e de la ressource en\neau et sur le maintien du libre \u00e9coulement des eaux ;\nSUR  proposition de la directrice d\u00e9partementale des territoires de la C\u00f4te-d'Or ;\nA R R \u00ca T E\n2\nDirection d\u00e9partementale des territoires de la C\u00f4te-d'Or - 21-2024-04-04-00006 - Arr\u00eat\u00e9 pr\u00e9fectoral n\u00b0 629 du 04 avril 2024 portant\nprescriptions sp\u00e9cifiques au dossier de d\u00e9claration loi sur l'eau concernant le projet de cr\u00e9ation de deux forages pour pr\u00e9l\u00e8vement\nd'eau dans le champ captant de la Rente Logerot sur le territoire de la commune de Marsannay-la-C\u00f4te.\n31\nARTICLE   1   : objet de la d\u00e9claration - b\u00e9n\u00e9ficiaire\nIl est donn\u00e9 acte \u00e0 Monsieur le directeur d'ANTEA \u2013 ZAC du Moulin \u2013 803 boulevard \nDuhamel du Monceau \u2013 45 160 Olivet, d\u00fbment mandat\u00e9 par Dijon M\u00e9tropole de sa \nd\u00e9claration au titre de la loi sur l'eau, sous r\u00e9serve des prescriptions \u00e9nonc\u00e9es aux articles \nsuivants, concernant le projet de cr\u00e9ation de deux forages pour pr\u00e9l\u00e8vement d'eau dans le\nchamp captant de la Rente Logerot sur le territoire de la commune de Marsannay-la-c\u00f4te.\nLa rubrique de la nomenclature annex\u00e9e \u00e0 l'article R.214-1 du code de l'environnement \nconcern\u00e9e par le projet est la suivante :\nRubrique Intitul\u00e9 R\u00e9gime\n1.1.1.0\nSondage, forage, y compris les essais de pompage, cr\u00e9ation de \npuits ou d'ouvrage souterrain, non destin\u00e9 \u00e0 un usage \ndomestique, ex\u00e9cut\u00e9 en vue de la recherche ou de la \nsurveillance d'eaux souterraines ou en vue d'effectuer un \npr\u00e9l\u00e8vement temporaire ou permanent dans les eaux \nsouterraines, y compris dans les nappes d'accompagnement de\ncours d'eau.\nD\u00e9claration\nARTICLE 2     : prescriptions pr\u00e9alables \u00e0 la r\u00e9alisation des travaux\nLe  rebouchage  des  forages  existants  abandonn\u00e9s  P2  et  P3  avec  remise  en  place  de\nl'\u00e9tanch\u00e9it\u00e9 entre  les deux niveaux aquif\u00e8res est un pr\u00e9requis \u00e0 la r\u00e9alisation des deux\nnouveaux ouvrages. Il est en effet n\u00e9cessaire d'assurer l'absence de communication entre\nles deux nappes superficielle et profonde. \nUne v\u00e9rification de cette absence de communication au droit de ces deux ouvrages devra\n\u00eatre r\u00e9alis\u00e9e par un suivi pi\u00e9zom\u00e9trique en nappe profonde et en nappe superficielle\navant et apr\u00e8s travaux, en pompage dans la nappe profonde.\nAu  minimum  un  mois  avant  les  travaux,  les  modalit\u00e9s  de  comblement  devront  \u00eatre\ntransmises au pr\u00e9fet (ddt-ser-pe@cote-dor.gouv.fr) comprenant : \n\u2022 la date pr\u00e9visionnelle des travaux\n\u2022 l'aquif\u00e8re pr\u00e9c\u00e9demment surveill\u00e9 ou exploit\u00e9, une coupe g\u00e9ologique repr\u00e9sentant\nles diff\u00e9rents niveaux g\u00e9ologiques et les formations aquif\u00e8res pr\u00e9sentes au droit du\nforage, \n\u2022 une coupe technique pr\u00e9cisant les  \u00e9quipements  en place,  des  informations  sur\nl'\u00e9tat des cuvelages ou tubages et de la cimentation de l'ouvrage et les techniques\nou m\u00e9thodes qui seront utilis\u00e9s.\nUn c ompte-rendu des travaux  de comblement sera  adress\u00e9 au pr\u00e9fet  (ddt-ser-pe@cote-\ndor.gouv.fr) dans un d\u00e9lai de deux mois suivant la fin des travaux de comblement, avec les\n\u00e9ventuelles modifications par rapport au document transmis pr\u00e9alablement. \n3\nDirection d\u00e9partementale des territoires de la C\u00f4te-d'Or - 21-2024-04-04-00006 - Arr\u00eat\u00e9 pr\u00e9fectoral n\u00b0 629 du 04 avril 2024 portant\nprescriptions sp\u00e9cifiques au dossier de d\u00e9claration loi sur l'eau concernant le projet de cr\u00e9ation de deux forages pour pr\u00e9l\u00e8vement\nd'eau dans le champ captant de la Rente Logerot sur le territoire de la commune de Marsannay-la-C\u00f4te.\n32\nARTICLE   3   : prescriptions li\u00e9es \u00e0 la r\u00e9alisation des travaux\nLes essais de pompage sur les nouveaux forages doivent \u00eatre r\u00e9alis\u00e9s individuellement en\nphase d'arr\u00eat des autres captages du champ captant. \nUn essai de pompage longue dur\u00e9e compl\u00e9mentaire avec l'ensemble des  ouvrages en\nproduction  sera  \u00e9galement  r\u00e9alis\u00e9  pour  d\u00e9finir  les  interf\u00e9rences  entre  les  diff\u00e9rents\nouvrages. La r\u00e9alisation des essais de pompages par palier sera effectu\u00e9e en p\u00e9riode de\nbasses eaux pour  bien identifier le d\u00e9bit critique des  nouveaux ouvrages en situation\nd\u00e9favorable.\nConcernant les deux nouveaux ouvrages P2bis et P3bis, une diagraphie permettant de\nv\u00e9rifier les cimentations annulaires doit \u00eatre pr\u00e9vue en fin de travaux pour s'assurer de la\nbonne \u00e9tanch\u00e9it\u00e9 des deux nappes au droit des deux nouveaux ouvrages.\nToutes les dispositions devront \u00eatre prises en phase travaux afin de ne pas g\u00e9n\u00e9rer de\npollution. A cet \u00e9gard, les travaux seront r\u00e9alis\u00e9s conform\u00e9ment \u00e0 l'arr\u00eat\u00e9 minist\u00e9riel du 11\nseptembre 2003 fixant les prescriptions g\u00e9n\u00e9rales applicables aux sondages et forages.\nUne attention particuli\u00e8re sera port\u00e9e au risque de pollution par les hydrocarbures : les\n\u00e9ventuels stockages d'hydrocarbures et les op\u00e9rations de maintenance des engins seront\neffectu\u00e9s, sur aire \u00e9tanche, en dehors des PPI et PPR ; des kits anti-pollution devront \u00eatre\ndisponibles sur site ; les engins devront \u00eatre en parfait \u00e9tat de fonctionnement et ne\npr\u00e9senter aucune fuite d'huile ou d'hydrocarbure.\nL'ARS devra \u00eatre alert\u00e9e imm\u00e9diatement d'une pollution accidentelle afin de mettre en\nplace des mesures de gestion adapt\u00e9es aux caract\u00e9ristiques de l'accident : arr\u00eat \u00e9ventuel\ndu champs captant, surveillance renforc\u00e9e des ouvrages\u2026 La purge des terres souill\u00e9es\ndevra \u00eatre imm\u00e9diate avec mise en place d'une b\u00e2che \u00e9tanche au-dessus de l'excavation,\ndans l'attente de pr\u00e9l\u00e8vements et analyses d\u00e9montrant l'absence de pollution r\u00e9siduelle.\nLes terres souill\u00e9es seront stock\u00e9es en dehors des p\u00e9rim\u00e8tres de protection imm\u00e9diat et\nrapproch\u00e9, recouvertes d'une b\u00e2che \u00e9tanche, dans l'attente de leur \u00e9vacuation vers une\nfili\u00e8re adapt\u00e9e\nARTICLE     4   : prescriptions apr\u00e8s r\u00e9alisation des travaux\nConform\u00e9ment  \u00e0  l'article  10  de  l'arr\u00eat\u00e9  minist\u00e9riel  du  11  septembre  2003  fixant  les\nprescriptions g\u00e9n\u00e9rales, un rapport de fin de travaux devra \u00eatre transmis au pr\u00e9fet ( ddt-\nser-pe@cote-dor.gouv.fr) dans un d\u00e9lai de deux mois maximum suivant la fin des travaux,\ncomprenant notamment :\n\u2022 le  d\u00e9roulement  du  chantier  :  dates  des  diff\u00e9rentes  op\u00e9rations  et  difficult\u00e9s\n\u00e9ventuelles rencontr\u00e9es ;\n\u2022 le nombre de forages effectivement r\u00e9alis\u00e9s en indiquant pour chacun d'eux s'ils\nsont ou non conserv\u00e9s, leur localisation pr\u00e9cise sur un fond de carte IGN au 1/25\n000, les r\u00e9f\u00e9rences cadastrales de la parcelle o\u00f9 ils sont implant\u00e9s ;\n\u2022 la coupe g\u00e9ologique avec indication du niveau de nappes rencontr\u00e9es et la coupe\ntechnique de l'installation pr\u00e9cisant les caract\u00e9ristiques des \u00e9quipements ;\n\u2022 les r\u00e9sultats des essais de pompage et leur interpr\u00e9tation ;\n4\nDirection d\u00e9partementale des territoires de la C\u00f4te-d'Or - 21-2024-04-04-00006 - Arr\u00eat\u00e9 pr\u00e9fectoral n\u00b0 629 du 04 avril 2024 portant\nprescriptions sp\u00e9cifiques au dossier de d\u00e9claration loi sur l'eau concernant le projet de cr\u00e9ation de deux forages pour pr\u00e9l\u00e8vement\nd'eau dans le champ captant de la Rente Logerot sur le territoire de la commune de Marsannay-la-C\u00f4te.\n33\nARTICLE     5   : d\u00e9claration des accidents et incidents\nLe p\u00e9titionnaire est tenu de d\u00e9clarer, d\u00e8s qu'il en a connaissance, au pr\u00e9fet les accidents\nou incidents int\u00e9ressant les installations, ouvrages, travaux ou activit\u00e9s faisant l'objet de la\npr\u00e9sente autorisation  qui  sont  de  nature  \u00e0 porter  atteinte aux int\u00e9r\u00eats  mentionn\u00e9s  \u00e0\nl'article  L211-1  du  code  de  l'environnement.  Sans  pr\u00e9judice  des  mesures  que  pourra\nprescrire le pr\u00e9fet, le ma\u00eetre d'ouvrage devra prendre ou faire prendre toutes dispositions\nn\u00e9cessaires  pour  mettre  fin  aux  causes  de  l'incident  ou  accident,  pour  \u00e9valuer  ses\ncons\u00e9quences et y rem\u00e9dier.\nLe  p\u00e9titionnaire demeure  responsable  des  accidents  ou  dommages  qui  seraient  la\ncons\u00e9quence de l'activit\u00e9 ou de l'ex\u00e9cution des travaux et de l'am\u00e9nagement.\nARTICLE     6   : acc\u00e8s aux installations\nLes agents mentionn\u00e9s \u00e0 l'article L216-3 du code de l'environnement et notamment ceux\ncharg\u00e9s de la police de l'eau et des milieux aquatiques et ceux charg\u00e9s de la s\u00e9curit\u00e9 des\nouvrages hydrauliques, auront libre acc\u00e8s aux installations, ouvrages, travaux ou activit\u00e9s\nautoris\u00e9s  par  la  pr\u00e9sente  autorisation,  dans  les  conditions  fix\u00e9es  par  le  code  de\nl'environnement. Ils pourront demander communication de toute pi\u00e8ce utile au contr\u00f4le\nde la bonne ex\u00e9cution du pr\u00e9sent arr\u00eat\u00e9.\nL'inobservation des dispositions figurant dans le dossier d\u00e9pos\u00e9 ainsi que celles contenues\ndans  les  prescriptions  du  pr\u00e9sent  arr\u00eat\u00e9  pourra  entra\u00eener  l'application  des  sanctions\npr\u00e9vues \u00e0 l'article R216-12 du code de l'environnement.\nARTICLE     7   :   Autres r\u00e9glementations\nLe pr\u00e9sent arr\u00eat\u00e9 ne dispense en aucun cas le p\u00e9titionnaire de faire les d\u00e9clarations ou \nd'obtenir les autorisations requises par d'autres r\u00e9glementations.\nARTICLE     8 : Droits des tiers\nLes droits des tiers sont et demeurent express\u00e9ment r\u00e9serv\u00e9s.\nARTICLE     9   : Publication et information des tiers\nLe pr\u00e9sent arr\u00eat\u00e9 sera affich\u00e9 pendant une dur\u00e9e minimale d'un mois dans la mairie de la\ncommune de Marsannay-la-c\u00f4te.\nLe pr\u00e9sent arr\u00eat\u00e9 sera mis \u00e0 disposition du public sur le site internet des services de l'\u00c9tat\nen C\u00f4te-d'Or (http://www.cote-dor.gouv.fr) pendant une dur\u00e9e d'au moins 6 mois. \n5\nDirection d\u00e9partementale des territoires de la C\u00f4te-d'Or - 21-2024-04-04-00006 - Arr\u00eat\u00e9 pr\u00e9fectoral n\u00b0 629 du 04 avril 2024 portant\nprescriptions sp\u00e9cifiques au dossier de d\u00e9claration loi sur l'eau concernant le projet de cr\u00e9ation de deux forages pour pr\u00e9l\u00e8vement\nd'eau dans le champ captant de la Rente Logerot sur le territoire de la commune de Marsannay-la-C\u00f4te.\n34\nARTICLE 10 : Ex\u00e9cution et publication\nLa  directrice  d\u00e9partementale  des  territoires  de  la  C\u00f4te-d'Or,  le  directeur  de  l'agence\nr\u00e9gionale de sant\u00e9 de Bourgogne-franche-Comt\u00e9, le maire de la commune de Marsannay-\nla-c\u00f4te, sont charg\u00e9s, chacun en ce qui le concerne, de l'ex\u00e9cution du pr\u00e9sent arr\u00eat\u00e9 qui\nsera notifi\u00e9 au p\u00e9titionnaire et publi\u00e9 au recueil des actes administratifs de la pr\u00e9fecture\nde la C\u00f4te d'Or.\nUne copie du pr\u00e9sent arr\u00eat\u00e9 sera \u00e9galement adress\u00e9e \u00e0 :\n\u2022 Monsieur le chef du service d\u00e9partemental de l'Office Fran\u00e7ais de la biodiversit\u00e9\n\u2022 Madame la pr\u00e9sidente de la CLE de la Vouge\n\u2022 Monsieur le pr\u00e9sident de la CLE de l'Ouche\nFait \u00e0 Dijon, le 04 avril 2024\nLe pr\u00e9fet,\nPour le pr\u00e9fet et par d\u00e9l\u00e9gation,\n     La directrice d\u00e9partementale des territoires de la C\u00f4te-d'Or\n                                     Pour la directrice et par d\u00e9l\u00e9gation,\nLe chef du Service de l'Eau et des Risques\nsign\u00e9\nYann DUFOUR\nVoies et d\u00e9lais de recours     :  \nDans les conditions de l'article R514-3-1 du code de l'environnement, la pr\u00e9sente d\u00e9cision\nest susceptible de recours contentieux devant le tribunal administratif de Dijon \u2013 22, rue\nd'Assas -BP 61616 - 21016 DIJON Cedex, par le b\u00e9n\u00e9ficiaire dans un d\u00e9lai de deux mois \u00e0\ncompter du jour o\u00f9 la pr\u00e9sente d\u00e9cision lui a \u00e9t\u00e9 notifi\u00e9e et par les tiers dans un d\u00e9lai de\nquatre mois \u00e0 compter de la publication ou de l'affichage de cette d\u00e9cision.\nDans le m\u00eame d\u00e9lai de deux mois, le b\u00e9n\u00e9ficiaire peut pr\u00e9senter un recours gracieux. Le\nsilence gard\u00e9 par l'administration pendant plus de deux mois sur la demande de recours\ngracieux emporte d\u00e9cision implicite de rejet de cette demande conform\u00e9ment \u00e0 l'article\nR421-2 du code de justice administrative. Celui-ci prolonge le d\u00e9lai de recours contentieux\nqui doit \u00eatre introduit dans les deux mois suivant la r\u00e9ponse.\nLe  tribunal  administratif  peut  \u00eatre  saisi  par  un  recours  d\u00e9pos\u00e9  via  l'application\nT\u00e9l\u00e9recours citoyens accessible sur le site internet www.t\u00e9l\u00e9recours.fr .\n6\nDirection d\u00e9partementale des territoires de la C\u00f4te-d'Or - 21-2024-04-04-00006 - Arr\u00eat\u00e9 pr\u00e9fectoral n\u00b0 629 du 04 avril 2024 portant\nprescriptions sp\u00e9cifiques au dossier de d\u00e9claration loi sur l'eau concernant le projet de cr\u00e9ation de deux forages pour pr\u00e9l\u00e8vement\nd'eau dans le champ captant de la Rente Logerot sur le territoire de la commune de Marsannay-la-C\u00f4te.\n35\nDirection d\u00e9partementale des territoires de la\nC\u00f4te-d'Or\nService \u00c9conomie Agricole et Environnement des\nExploitations\n21-2024-03-30-00001\nArr\u00eat\u00e9 pr\u00e9fectoral\nrelatif \u00e0 la composition de la Commission\nconsultative paritaire d\u00e9partementale des baux\nruraux de la C\u00f4te-d\u25a1Or\nDirection d\u00e9partementale des territoires de la C\u00f4te-d'Or - 21-2024-03-30-00001 - Arr\u00eat\u00e9 pr\u00e9fectoral\nrelatif \u00e0 la composition de la Commission consultative paritaire d\u00e9partementale des baux ruraux de la C\u00f4te-d\u25a1Or 36\nDirection d\u00e9partementale des territoires de la C\u00f4te-d'Or - 21-2024-03-30-00001 - Arr\u00eat\u00e9 pr\u00e9fectoral\nrelatif \u00e0 la composition de la Commission consultative paritaire d\u00e9partementale des baux ruraux de la C\u00f4te-d\u25a1Or 37\nARRETEARTICLE 1* :C\u00f4te-d'Or est compos\u00e9e comme suit :Membres de droit :- Le pr\u00e9fet ou son repr\u00e9sentant ;\nLa commission consultative paritaire d\u00e9partementale des baux ruraux de la\n- La directrice d\u00e9partementale des Territoires ou son repr\u00e9sentant ;- Le pr\u00e9sident de la chambre d\u00e9partementale d'agriculture ou son repr\u00e9sentant ;- Les pr\u00e9sidents de chacune des organisations syndicales d'exploitants agricoles \u00e0vocation g\u00e9n\u00e9rale habilit\u00e9es en application de l'article R.514-37 du code rural, ou leursrepr\u00e9sentants :F\u00e9d\u00e9ration d\u00e9partementale des syndicats d'exploitants agricoles (FDSEA21),Jeunes Agriculteurs de la C\u00f4te-d'Or (JA21),Coordination rurale,Conf\u00e9d\u00e9ration paysanne- Le pr\u00e9sident du syndicat d\u00e9partemental de la propri\u00e9t\u00e9 priv\u00e9e rurale (organisationd\u00e9partementale des bailleurs ruraux affili\u00e9e \u00e0 l'organisation nationale la plus repr\u00e9sentative)ou son repr\u00e9sentant;- Le pr\u00e9sident de la section d\u00e9partementale des fermiers et m\u00e9tayers de la FDSEA ;- Le pr\u00e9sident de la chambre d\u00e9partementale des notaires ou son repr\u00e9sentant.Membres d\u00e9sign\u00e9srepr\u00e9sentant les bailleurs non preneurs :TitulairesVOISIN Andr\u00e9LAURIER Fran\u00e7oisNOIROT Jean-Fran\u00e7oisMOREY BernardPAUTET AlainWILLERMORZ Fran\u00e7ois\nrepr\u00e9sentant les preneurs non bailleurs :TitulairesLAHAYE Beno\u00eetDURAFORT ChristopheSAUNOIS PhilippeDESCHAMPS PhilippeBEAULIEU CyrilBATHELIER Jean-Fran\u00e7ois\nSuppl\u00e9antsHERVOIS SylvieDE LAURISTON In\u00e8sDEVILLERS Jo\u00eblAUDOIN Marie-Fran\u00e7oiseTACCARD R\u00e9myDUTHU Dominique\nSuppl\u00e9antsCOTETIDOT PhilippeTERILLON Jean-S\u00e9bastienJAVOT HenriPICOCHE DominiqueROZAT PhilippeCARION Alain\nSeuls les membres ainsi d\u00e9sign\u00e9s ont voix d\u00e9lib\u00e9rative.\nddt@cote-dor.gouv.fr\n\u25e6\n\u25e6\n\u25e6\n\u25e6\n\u2022\n\u2022\nDirection d\u00e9partementale des territoires de la C\u00f4te-d'Or - 21-2024-03-30-00001 - Arr\u00eat\u00e9 pr\u00e9fectoral\nrelatif \u00e0 la composition de la Commission consultative paritaire d\u00e9partementale des baux ruraux de la C\u00f4te-d\u25a1Or 38\nARTICLE 2 : les membres sont d\u00e9sign\u00e9s pour une dur\u00e9e de 6 ans \u00e0 compter de la date du pr\u00e9sentarr\u00eat\u00e9.ARTICLE 3 : Quorum : les votes ne peuvent intervenir que si les repr\u00e9sentants des bailleurs et despreneurs disposent du m\u00eame nombre de voix.ARTICLE 4: Le secr\u00e9tariat de cette commission est assur\u00e9 par la direction d\u00e9partementale desterritoires de la C\u00f4te d'Or.ARTICLE 5 : l'arr\u00eat\u00e9 pr\u00e9fectoral n\u00b0 267 du 27/03/2018 relatif \u00e0 la composition de la commissionconsultative paritaire d\u00e9partementale des baux ruraux de la C\u00f4te-d'Or est abrog\u00e9 ;ARTICLE 6 : Le secr\u00e9taire g\u00e9n\u00e9ral de la pr\u00e9fecture de la C\u00f4te-d'Or et la directrice d\u00e9partementaledes territoires sont charg\u00e9s, chacun en ce qui le concerne, de l'ex\u00e9cution du pr\u00e9sent arr\u00eat\u00e9, quisera publi\u00e9 au recueil des actes administratifs de la pr\u00e9fecture de la C\u00f4te-d'Or.\nFait \u00e0 Dijon, le 30/03/2024Pour le pr\u00e9fet et par d\u00e9l\u00e9gation,le secr\u00e9taire g\u00e9n\u00e9ralSIGNEJohann MOUGENOT\nddt@cote-dor.gouv.fr\nDirection d\u00e9partementale des territoires de la C\u00f4te-d'Or - 21-2024-03-30-00001 - Arr\u00eat\u00e9 pr\u00e9fectoral\nrelatif \u00e0 la composition de la Commission consultative paritaire d\u00e9partementale des baux ruraux de la C\u00f4te-d\u25a1Or 39\nDirection d\u00e9partementale des territoires de la\nC\u00f4te-d'Or\nService \u00c9conomie Agricole et Environnement des\nExploitations\n21-2024-02-23-00004\nD\u00e9cision pr\u00e9fectorale de retrait de l\u25a1agr\u00e9ment\ndu GAEC DE LA CONTREE\nDirection d\u00e9partementale des territoires de la C\u00f4te-d'Or - 21-2024-02-23-00004 - D\u00e9cision pr\u00e9fectorale de retrait de l\u25a1agr\u00e9ment\ndu GAEC DE LA CONTREE 40\nDirection d\u00e9partementale des territoires\nde la C\u00f4te-d'Or\nService \u00c9conomie Agricole\net Environnement des Exploitations\nBureau Installation et Structures\nAffaire suivie par : Ingrid COUTANT\nT\u00e9l : 03 80 29 44 71\nm\u00e9l : ddt-modif-exploitation@cote-dor.gouv.fr Dijon, le 23/02/2024\nD\u00e9cision pr\u00e9fectorale de retrait de l'agr\u00e9ment\nd'un groupement agricole d'exploitation en commun\nLe Pr\u00e9fet de la C\u00f4te-d'Or,\nVu la loi n\u00b02014-1170 du 13 octobre 2014 d'avenir pour l'agriculture, l'alimentation et la for\u00eat ;\nVu le code rural et de la p\u00eache maritime et notamment les articles L. 323-1 et suivants, ainsi que les  \narticles R. 323-1 et suivants ;\nVu le d\u00e9cret 2014-1515 du 15 d\u00e9cembre 2014, relatif aux conditions d'acc\u00e8s des groupements agricoles  \nd'exploitation en commun (GAEC) totaux aux aides de la politique agricole commune ;\nVu le  d\u00e9cret  n\u00b02015-215  du  25  f\u00e9vrier  2015  relatif  aux  conditions  et  modalit\u00e9s  d'agr\u00e9ment  des \ngroupements  agricoles  d'exploitation  en  commun  et  portant  diverses  dispositions  d'adaptation \nr\u00e9glementaire,\nVu le  d\u00e9cret  n\u00b02015-216  du  25  f\u00e9vrier  2015  relatif  \u00e0  l'agr\u00e9ment  en  tant  que  groupement  agricole \nd'exploitation en commun ;\nVu l'arr\u00eat\u00e9 minist\u00e9riel du 24 mars 2015, relatif aux statuts types des GAEC et au dossier de demande  \nd'agr\u00e9ment ;\nVu l'arr\u00eat\u00e9 pr\u00e9fectoral n\u00b01205/SG du 17 octobre 2022 donnant d\u00e9l\u00e9gation de signature \u00e0 Mme Florence \nLAUBIER, directrice d\u00e9partementale des territoires de la C\u00f4te-d'Or ;\nVu l'arr\u00eat\u00e9  n\u00b0  1261  du  18  ao\u00fbt  2023  portant  d\u00e9l\u00e9gation  de  signature  aux  agents  de  la  direction \nd\u00e9partementale des territoires de la C\u00f4te-d'Or ;\nVu l'arr\u00eat\u00e9 pr\u00e9fectoral n\u00b01321 du 7 novembre 2022 fixant la composition de la formation sp\u00e9cialis\u00e9e  \nGAEC de la Commission d\u00e9partementale d'Orientation de l'Agriculture,\nVu les modifications statutaires d\u00e9pos\u00e9es par le  GAEC DE LA CONTREE  sis \u00e0 AMPILLY_LES_BORDES  \n(21450) , le 5 janvier 2024,\nConsid\u00e9rant les modifications suivantes :\n\uf02d Cessation d'activit\u00e9 de Madame Bernadette BABOUILLARD et d\u00e9mission de ses fonctions de \ng\u00e9rante,\n\uf02d Transformation du GAEC en SCEA,\n\uf02d Nouvelles r\u00e8gles statutaires,\n\uf02d Modification de la d\u00e9nomination sociale,\n\uf02d Nomination du g\u00e9rant,\nConsid\u00e9rant que ces modifications ont pour cons\u00e9quence la transformation du GAEC en SCEA,\nLE PR\u00c9FET D\u00c9CIDE\nArticle 1 : L'agr\u00e9ment n\u00b0 1275 en date du 01/11/2015 du GAEC DE LA CONTREE est retir\u00e9 \u00e0 compter du\n01/11/2023 .\n1\nDirection d\u00e9partementale des territoires de la C\u00f4te-d'Or - 21-2024-02-23-00004 - D\u00e9cision pr\u00e9fectorale de retrait de l\u25a1agr\u00e9ment\ndu GAEC DE LA CONTREE 41\nArticle     2     :   La pr\u00e9sente d\u00e9cision est publi\u00e9e au recueil des actes administratifs des services de l'\u00c9tat de la \nC\u00f4te-d'Or.  Le  groupement  proc\u00e8de  aux  formalit\u00e9s  de  communication  et  de  publication  d'usage \nconform\u00e9ment \u00e0 l'article R.323-23 du code rural et de la p\u00eache maritime. \nArticle 3     : D\u00e9lais et voies de recours\nCette d\u00e9cision peut  \u00eatre contest\u00e9e dans les deux  mois  qui  suivent  sa notification par  un recours \nadministratif pr\u00e9alable obligatoire aupr\u00e8s du ministre charg\u00e9 de l'agriculture. L'absence de r\u00e9ponse dans \nun d\u00e9lai de deux mois faisant na\u00eetre une d\u00e9cision implicite de rejet qui peut elle-m\u00eame \u00eatre d\u00e9f\u00e9r\u00e9e au  \ntribunal administratif de Dijon dans les deux mois suivants. Le tribunal administratif peut \u00eatre saisi par  \ncourrier  (de pr\u00e9f\u00e9rence en recommand\u00e9 avec accus\u00e9 de r\u00e9ception) ou par la voie de l'application  \n\"TELERECOURS citoyens\" sur le site www. telerecours.fr.\nArticle 4     :   Ex\u00e9cution\nMonsieur le secr\u00e9taire g\u00e9n\u00e9ral de la pr\u00e9fecture de la C\u00f4te-d'Or, Madame la directrice d\u00e9partementale  \ndes  territoires  de la C\u00f4te-d'Or  sont  charg\u00e9s,  chacun  en  ce qui  les  concerne,  de  l'ex\u00e9cution  de  la \npr\u00e9sente d\u00e9cision. \nPour le pr\u00e9fet et par subd\u00e9l\u00e9gation,\nLa cheffe du service \u00e9conomie agricole \net environnement des exploitations\nSIGNE\nMarie KIENTZ\n2\nDirection d\u00e9partementale des territoires de la C\u00f4te-d'Or - 21-2024-02-23-00004 - D\u00e9cision pr\u00e9fectorale de retrait de l\u25a1agr\u00e9ment\ndu GAEC DE LA CONTREE 42\nDirection d\u00e9partementale des territoires de la\nC\u00f4te-d'Or\nService \u00c9conomie Agricole et Environnement des\nExploitations\n21-2024-01-23-00006\nD\u00e9cision pr\u00e9fectorale de retrait de l\u25a1agr\u00e9ment\ndu GAEC DU CREUX BLEU\nDirection d\u00e9partementale des territoires de la C\u00f4te-d'Or - 21-2024-01-23-00006 - D\u00e9cision pr\u00e9fectorale de retrait de l\u25a1agr\u00e9ment\ndu GAEC DU CREUX BLEU 43\nDirection d\u00e9partementale des territoires\nde la C\u00f4te-d'Or\nService \u00c9conomie Agricole\net Environnement des Exploitations\nBureau Installation et Structures\nAffaire suivie par : M. Fran\u00e7ois LARTISANT\nT\u00e9l : 03 80 29 43 35\nm\u00e9l : ddt-modif-exploitation@cote-dor.gouv.fr Dijon le 23/01/2024\nD\u00e9cision pr\u00e9fectorale de retrait de l'agr\u00e9ment\nd'un groupement agricole d'exploitation en commun\nLe Pr\u00e9fet de la C\u00f4te-d'Or\nVu la loi n\u00b02014-1170 du 13 octobre 2014 d'avenir pour l'agriculture, l'alimentation et la for\u00eat ;\nVu le code rural et de la p\u00eache maritime et notamment les articles L. 323-1 et suivants, ainsi que les  \narticles R. 323-1 et suivants ;\nVu le d\u00e9cret 2014-1515 du 15 d\u00e9cembre 2014, relatif aux conditions d'acc\u00e8s des groupements agricoles  \nd'exploitation en commun (GAEC) totaux aux aides de la politique agricole commune ;\nVu le  d\u00e9cret  n\u00b02015-215  du  25  f\u00e9vrier  2015  relatif  aux  conditions  et  modalit\u00e9s  d'agr\u00e9ment  des \ngroupements  agricoles  d'exploitation  en  commun  et  portant  diverses  dispositions  d'adaptation \nr\u00e9glementaire,\nVu le  d\u00e9cret  n\u00b02015-216  du  25  f\u00e9vrier  2015  relatif  \u00e0  l'agr\u00e9ment  en  tant  que  groupement  agricole \nd'exploitation en commun ;\nVu l'arr\u00eat\u00e9 minist\u00e9riel du 24 mars 2015, relatif aux statuts types des GAEC et au dossier de demande  \nd'agr\u00e9ment ;\nVu l'a rr\u00eat\u00e9  pr\u00e9fectoral  n\u00b01438/SG  du  29  septembre  2023  donnant  d\u00e9l\u00e9gation  de  signature  \u00e0  Mme \nFlorence LAUBIER, directrice d\u00e9partementale des territoires de la C\u00f4te-d'Or ;\nVu l'arr\u00eat\u00e9 n\u00b0 1440 du 02 octobre 2023 portant d\u00e9l\u00e9gation de signature aux agents de la direction  \nd\u00e9partementale des territoires de la C\u00f4te-d'Or ;\nVu l'arr\u00eat\u00e9 pr\u00e9fectoral n\u00b01321 du 7 novembre 2022 fixant la composition de la formation sp\u00e9cialis\u00e9e  \nGAEC de la Commission d\u00e9partementale d'Orientation de l'Agriculture,\nVu les modifications statutaires d\u00e9pos\u00e9es par le  GAEC DU CREUX BLEU  sis  10 Grande rue   -  21120 \nVILLECOMTE, le 6 novembre 2023.\nConsid\u00e9rant les modifications suivantes :\ntransformation du GAEC DU CREUX BLEU en EARL DU CREUX BLEU\nConsid\u00e9rant que ces modifications ont pour cons\u00e9quence la transformation du GAEC en EARL  \n1\nDirection d\u00e9partementale des territoires de la C\u00f4te-d'Or - 21-2024-01-23-00006 - D\u00e9cision pr\u00e9fectorale de retrait de l\u25a1agr\u00e9ment\ndu GAEC DU CREUX BLEU 44\nLE PR\u00c9FET D\u00c9CIDE\nArticle 1  : L' agr\u00e9ment num\u00e9ro  1111 en date du  26 mars 2002  du GAEC DU CREUX BLEU  est retir\u00e9 \u00e0  \ncompter du 5 juillet 2023.\nArticle     2     :   La pr\u00e9sente d\u00e9cision est publi\u00e9e au recueil des actes administratifs des services de l'\u00c9tat de la \nC\u00f4te-d'Or.  Le  groupement  proc\u00e8de  aux  formalit\u00e9s  de  communication  et  de  publication  d'usage \nconform\u00e9ment \u00e0 l'article R.323-23 du code rural et de la p\u00eache maritime. \nArticle 3     : d\u00e9lais et voies de recours\nCette d\u00e9cision peut  \u00eatre contest\u00e9e dans les deux  mois  qui  suivent  sa notification par  un recours \nadministratif pr\u00e9alable obligatoire aupr\u00e8s du ministre charg\u00e9 de l'agriculture. L'absence de r\u00e9ponse dans \nun d\u00e9lai de deux mois faisant na\u00eetre une d\u00e9cision implicite de rejet qui peut elle-m\u00eame \u00eatre d\u00e9f\u00e9r\u00e9e au  \ntribunal administratif de Dijon dans les deux mois suivants. Le tribunal administratif peut \u00eatre saisi par  \ncourrier  (de pr\u00e9f\u00e9rence en recommand\u00e9 avec accus\u00e9 de r\u00e9ception) ou par la voie de l'application  \n\"TELERECOURS citoyens\" sur le site www. telerecours.fr.\nArticle 4     :   ex\u00e9cution\nMonsieur le secr\u00e9taire g\u00e9n\u00e9ral de la pr\u00e9fecture de la C\u00f4te-d'Or, Madame la directrice d\u00e9partementale  \ndes  territoires  de la C\u00f4te-d'Or  sont  charg\u00e9s,  chacun  en  ce qui  les  concerne,  de  l'ex\u00e9cution  de  la \npr\u00e9sente d\u00e9cision. \nPour le pr\u00e9fet et par subd\u00e9l\u00e9gation,\nLa cheffe du service \u00e9conomie agricole \net environnement des exploitations\nSIGNE\nMarie KIENTZ\n2\nDirection d\u00e9partementale des territoires de la C\u00f4te-d'Or - 21-2024-01-23-00006 - D\u00e9cision pr\u00e9fectorale de retrait de l\u25a1agr\u00e9ment\ndu GAEC DU CREUX BLEU 45\nDirection d\u00e9partementale des territoires de la\nC\u00f4te-d'Or\nService \u00c9conomie Agricole et Environnement des\nExploitations\n21-2024-01-23-00005\nD\u00e9cision pr\u00e9fectorale de retrait de l\u25a1agr\u00e9ment\ndu GAEC GARDEY\nDirection d\u00e9partementale des territoires de la C\u00f4te-d'Or - 21-2024-01-23-00005 - D\u00e9cision pr\u00e9fectorale de retrait de l\u25a1agr\u00e9ment\ndu GAEC GARDEY 46\nDirection d\u00e9partementale des territoires\nde la C\u00f4te-d'Or\nService \u00c9conomie Agricole\net Environnement des Exploitations\nBureau Installation et Structures\nAffaire suivie par : M. Fran\u00e7ois LARTISANT\nT\u00e9l : 03 80 29 43 35\nm\u00e9l : ddt-modif-exploitation@cote-dor.gouv.fr Dijon le 23/01/2024\nD\u00e9cision pr\u00e9fectorale de retrait de l'agr\u00e9ment\nd'un groupement agricole d'exploitation en commun\nLe Pr\u00e9fet de la C\u00f4te-d'Or\nVu la loi n\u00b02014-1170 du 13 octobre 2014 d'avenir pour l'agriculture, l'alimentation et la for\u00eat ;\nVu le code rural et de la p\u00eache maritime et notamment les articles L. 323-1 et suivants, ainsi que les  \narticles R. 323-1 et suivants ;\nVu le d\u00e9cret 2014-1515 du 15 d\u00e9cembre 2014, relatif aux conditions d'acc\u00e8s des groupements agricoles  \nd'exploitation en commun (GAEC) totaux aux aides de la politique agricole commune ;\nVu le  d\u00e9cret  n\u00b02015-215  du  25  f\u00e9vrier  2015  relatif  aux  conditions  et  modalit\u00e9s  d'agr\u00e9ment  des \ngroupements  agricoles  d'exploitation  en  commun  et  portant  diverses  dispositions  d'adaptation \nr\u00e9glementaire,\nVu le  d\u00e9cret  n\u00b02015-216  du  25  f\u00e9vrier  2015  relatif  \u00e0  l'agr\u00e9ment  en  tant  que  groupement  agricole \nd'exploitation en commun ;\nVu l'arr\u00eat\u00e9 minist\u00e9riel du 24 mars 2015, relatif aux statuts types des GAEC et au dossier de demande  \nd'agr\u00e9ment ;\nVu l'a rr\u00eat\u00e9  pr\u00e9fectoral  n\u00b01438/SG  du  29  septembre  2023  donnant  d\u00e9l\u00e9gation  de  signature  \u00e0  Mme \nFlorence LAUBIER, directrice d\u00e9partementale des territoires de la C\u00f4te-d'Or ;\nVu l'arr\u00eat\u00e9 n\u00b0 1440 du 02 octobre 2023 portant d\u00e9l\u00e9gation de signature aux agents de la direction  \nd\u00e9partementale des territoires de la C\u00f4te-d'Or ;\nVu l'arr\u00eat\u00e9 pr\u00e9fectoral n\u00b01321 du 7 novembre 2022 fixant la composition de la formation sp\u00e9cialis\u00e9e  \nGAEC de la Commission d\u00e9partementale d'Orientation de l'Agriculture,\nVu les modifications statutaires d\u00e9pos\u00e9es par le GAEC GARDEY sis 5 rue Mariotte  - 21310 BEAUMONT\nSUR VINGEANNE, le 19 d\u00e9cembre 2023.\nConsid\u00e9rant les modifications suivantes :\n- transformation du GAEC en EARL\n- adoption des nouveaux statuts de l'EARL\n- pouvoirs en vue des formalit\u00e9s \u00e0 accomplir\nConsid\u00e9rant que ces modifications ont pour cons\u00e9quence la transformation du GAEC en EARL  \n1\nDirection d\u00e9partementale des territoires de la C\u00f4te-d'Or - 21-2024-01-23-00005 - D\u00e9cision pr\u00e9fectorale de retrait de l\u25a1agr\u00e9ment\ndu GAEC GARDEY 47\nLE PR\u00c9FET D\u00c9CIDE\nArticle 1 : L'agr\u00e9ment num\u00e9ro 1310 en date du 15 juin 2016 du GAEC GARDEY est retir\u00e9 \u00e0 compter du 21\nnovembre 2023.\nArticle     2     :   La pr\u00e9sente d\u00e9cision est publi\u00e9e au recueil des actes administratifs des services de l'\u00c9tat de la \nC\u00f4te-d'Or.  Le  groupement  proc\u00e8de  aux  formalit\u00e9s  de  communication  et  de  publication  d'usage \nconform\u00e9ment \u00e0 l'article R.323-23 du code rural et de la p\u00eache maritime. \nArticle 3     : d\u00e9lais et voies de recours\nCette d\u00e9cision peut  \u00eatre contest\u00e9e dans les deux  mois  qui  suivent  sa notification par  un recours \nadministratif pr\u00e9alable obligatoire aupr\u00e8s du ministre charg\u00e9 de l'agriculture. L'absence de r\u00e9ponse dans \nun d\u00e9lai de deux mois faisant na\u00eetre une d\u00e9cision implicite de rejet qui peut elle-m\u00eame \u00eatre d\u00e9f\u00e9r\u00e9e au  \ntribunal administratif de Dijon dans les deux mois suivants. Le tribunal administratif peut \u00eatre saisi par  \ncourrier  (de pr\u00e9f\u00e9rence en recommand\u00e9 avec accus\u00e9 de r\u00e9ception) ou par la voie de l'application  \n\"TELERECOURS citoyens\" sur le site www. telerecours.fr.\nArticle 4     :   ex\u00e9cution\nMonsieur le secr\u00e9taire g\u00e9n\u00e9ral de la pr\u00e9fecture de la C\u00f4te-d'Or, Madame la directrice d\u00e9partementale  \ndes  territoires  de la C\u00f4te-d'Or  sont  charg\u00e9s,  chacun  en  ce qui  les  concerne,  de  l'ex\u00e9cution  de  la \npr\u00e9sente d\u00e9cision. \nPour le pr\u00e9fet et par subd\u00e9l\u00e9gation,\nLa cheffe du service \u00e9conomie agricole \net environnement des exploitations\nSIGNE\nMarie KIENTZ\n2\nDirection d\u00e9partementale des territoires de la C\u00f4te-d'Or - 21-2024-01-23-00005 - D\u00e9cision pr\u00e9fectorale de retrait de l\u25a1agr\u00e9ment\ndu GAEC GARDEY 48\nDirection d\u00e9partementale des territoires de la\nC\u00f4te-d'Or\nService Pr\u00e9servation et Am\u00e9nagement de\nl'Espace\n21-2024-03-30-00002\nArr\u00eat\u00e9 pr\u00e9fectoral n\u00b0 639 d'approbation de la\ncarte communale de Poncey-l\u00e8s-Ath\u00e9e\nDirection d\u00e9partementale des territoires de la C\u00f4te-d'Or - 21-2024-03-30-00002 - Arr\u00eat\u00e9 pr\u00e9fectoral n\u00b0 639 d'approbation de la carte\ncommunale de Poncey-l\u00e8s-Ath\u00e9e 49\nExPREFETDE LACOTE-D'ORL,z'berte'Egalit\u00e9Fraternit\u00e9\nDirection d\u00e9partementale des territoires\nde la C\u00f4te-d'Or\nAffaire suivie par : J\u00e9r\u00f4me CONNAN\nService pr\u00e9servation et am\u00e9nagement\nde l'espace\nBureau planification et pr\u00e9vention des \nrisques technologiques\nT\u00e9l. : 03 80 29 42 09\nM\u00e9l : jerome.connan@cote-dor.gouv.fr\nDijon, le 30/03/2024                   \nArr\u00eat\u00e9 N\u00b0639\nportant r\u00e9vision de la carte communale de PONCEY-LES-ATH\u00c9E\nLe pr\u00e9fet de la C\u00f4te-d'Or\nVU le code de l'urbanisme et notamment les articles L. 160-1 \u00e0 L. 163-10 et R. 111-1 \u00e0 R. 111-\n51, R. 161-1 \u00e0 R. 163-9 ;\nVU  la d\u00e9lib\u00e9ration du conseil munici pal de  PONCEY-LES-ATH\u00c9E, en d ate du  15/02/2024\nd\u00e9cidant d'approuver la carte communale et le dossier correspondant ;\nSUR proposition du secr\u00e9taire g\u00e9n\u00e9ral de la pr\u00e9fecture de la C\u00f4te-d'Or ; \nARR\u00caTE\nArticle 1er  :  La carte communale de la commune  de  PONCEY-LES-ATH\u00c9E est app rouv\u00e9e\nconform\u00e9ment au dossier annex\u00e9 au pr\u00e9sent arr\u00eat\u00e9.\nArticle 2  :  Le dossier d'approbation est tenu \u00e0 la disposition du public \u00e0 la mairie de\nPONCEY-LES-ATH\u00c9E et \u00e0 la direction d\u00e9partementale des territoires.\nArticle 3  : La d\u00e9lib\u00e9ration du conseil municipal approuvant la carte communale ainsi que\nle pr\u00e9sent arr\u00eat\u00e9 pr\u00e9fectoral seront affich\u00e9s pendant un mois en mairie.\nDirection d\u00e9partementale des territoires de la C\u00f4te-d'Or\n57 rue de Mulhouse- BP 53317 - 21033 DIJON cedex\nt\u00e9l : 03 80 29 44 44 \u2013 Courriel : ddt@cote-dor.gouv.fr\nDirection d\u00e9partementale des territoires de la C\u00f4te-d'Or - 21-2024-03-30-00002 - Arr\u00eat\u00e9 pr\u00e9fectoral n\u00b0 639 d'approbation de la carte\ncommunale de Poncey-l\u00e8s-Ath\u00e9e 50\n2\nMention de cet affichage, pr\u00e9cisant les lieux o\u00f9 le dossier peut \u00eatre consult\u00e9, sera ins\u00e9r\u00e9e\npar le maire en caract\u00e8res apparents dans un journal diffus\u00e9 dans le d\u00e9partement.\nLe pr\u00e9sent arr\u00eat\u00e9 sera publi\u00e9 au recueil des actes administratifs de la pr\u00e9fecture de la\nC\u00f4te-d'Or.\nLa  commune  proc\u00e9dera  \u00e0  la  mise  \u00e0  disposition  du  public  de  la  carte  communale\napprouv\u00e9e par publication sur le g\u00e9oportail de l'urbanisme.\nArticle  4 :  L'approbation  de  la  carte  communale  produira  ses  effets  juridiques  d\u00e8s\nl'ex\u00e9cution de l'ensemble des formalit\u00e9s de publicit\u00e9 pr\u00e9vues \u00e0 l'article 3.\nArticle  5 :  Le  secr\u00e9taire  g\u00e9n\u00e9ral  de  la  pr\u00e9fecture  de  la  C\u00f4te-d'Or,  la direct rice\nd\u00e9partementale des  territoires  et  le  maire  de  PONCEY-LES-ATH\u00c9E sont  charg\u00e9s  de\nl'ex\u00e9cution du pr\u00e9sent arr\u00eat\u00e9.\nFait \u00e0 Dijon, le 30/03/2024\nPour le pr\u00e9fet et par d\u00e9l\u00e9gation,\nle secr\u00e9taire g\u00e9n\u00e9ral\nSign\u00e9\nJohann MOUGENOT\nDirection d\u00e9partementale des territoires de la C\u00f4te-d'Or\n57 rue de Mulhouse- BP 53317 - 21033 DIJON cedex\nt\u00e9l : 03 80 29 44 44 \u2013 Courriel : ddt@cote-dor.gouv.fr\nDirection d\u00e9partementale des territoires de la C\u00f4te-d'Or - 21-2024-03-30-00002 - Arr\u00eat\u00e9 pr\u00e9fectoral n\u00b0 639 d'approbation de la carte\ncommunale de Poncey-l\u00e8s-Ath\u00e9e 51\nDirection d\u00e9partementale des territoires de la\nC\u00f4te-d'Or\nService Pr\u00e9servation et Am\u00e9nagement de\nl'Espace (SPAE)\n21-2024-03-29-00005\nArr\u00eat\u00e9 pr\u00e9fectoral du 29 mars 2024 autorisant\nMonsieur J\u00e9r\u00f4me LANIER \u00e0 effectuer des tirs de\nd\u00e9fense simple en vue de la protection de son\ntroupeau de bovins contre la pr\u00e9dation du loup\n(Canis lupus)\nDirection d\u00e9partementale des territoires de la C\u00f4te-d'Or - 21-2024-03-29-00005 - Arr\u00eat\u00e9 pr\u00e9fectoral du 29 mars 2024 autorisant\nMonsieur J\u00e9r\u00f4me LANIER \u00e0 effectuer des tirs de d\u00e9fense simple en vue de la protection de son troupeau de bovins contre la pr\u00e9dation\ndu loup (Canis lupus)\n52\nExPREFETDE LACOTE-D'ORL,z'bert\u00e9Egalit\u00e9Fraternit\u00e9\nDirection d\u00e9partementale des territoires\nde la C\u00f4te-d'Or\nArr\u00eat\u00e9 pr\u00e9fectoral du 29 mars 2024\nautorisant Monsieur J\u00e9r\u00f4me LANIER \u00e0 effectuer des tirs de d\u00e9fense simple\nen vue de la protection de son troupeau de bovins\ncontre la pr\u00e9dation du loup (Canis lupus)\nLe Pr\u00e9fet de la C\u00f4te-d'Or\nVU la  d\u00e9cision  d'ex\u00e9cution  de  la  Commission  europ\u00e9enne  du  31  ao\u00fbt  2022  portant\napprobation du plan strat\u00e9gique relevant de la PAC 2023-2027 de la France en vue d'un\nsoutien  de  l'Union  financ\u00e9  par  le  Fonds  europ\u00e9en  agricole  de  garantie  et  le  Fonds\neurop\u00e9en agricole pour le d\u00e9veloppement rural ;\nVU le  code  de  l'environnement  et  notamment  ses  articles  L.411-2,  L.427-6,  R.411-6  \u00e0\nR.411-14 et R 427-4 ;\nVU le code rural et de la p\u00eache maritime et notamment ses articles L.111-2 et L.113-1 ;\nVU le code de la s\u00e9curit\u00e9 int\u00e9rieure  et notamment ses articles L. 311-2 et suivants, R.311-2\net suivants ;\nVU l'arr\u00eat\u00e9 du 23 a vril 2007 modifi\u00e9 fixant la liste des mammif\u00e8res terrestres prot\u00e9g\u00e9s sur\nl'ensemble du territoire et les modalit\u00e9s de leur protection ;\nVU l'arr\u00eat\u00e9 du 19 f\u00e9vrier 2007 modifi\u00e9 fixant les conditions de demande et d'instruction\ndes d\u00e9rogations d\u00e9finies au 4\u00b0 de l'article L. 411-2 du code de l'environnement portant sur\nles esp\u00e8ces de faune et de flore sauvages prot\u00e9g\u00e9es ;\nVU l'arr\u00eat\u00e9 minist\u00e9riel du  23 octobre 2020  fixant le nombre maximum de sp\u00e9cimens de\nloups (Canis lupus) dont la destruction pourra \u00eatre autoris\u00e9e chaque ann\u00e9e ;\nVU l'arr\u00eat\u00e9 minist\u00e9riel du 21 f\u00e9vrier 2024 fixant les conditions et limites dans lesquelles des\nd\u00e9rogations  aux  interdictions  de  destruction  peuvent  \u00eatre  accord\u00e9es  par  les  pr\u00e9fets\nconcernant le loup (Canis lupus) ;\nVU l'arr\u00eat\u00e9 pr\u00e9fectoral du 10 mars 2021 fixant la liste des personnes habilit\u00e9es \u00e0 participer\naux op\u00e9rations de tir de d\u00e9fense renforc\u00e9e et aux op\u00e9rations de tir de pr\u00e9l\u00e8vement dans\nle d\u00e9partement de la C\u00f4te-d'Or ;\nVU l'arr\u00eat\u00e9 pr\u00e9fectoral du 18 mars 2024  portant nomination des lieutenants de louveterie\ndans le d\u00e9partement de la C\u00f4te-d'Or jusqu'au 31 d\u00e9cembre 2024 ;\n1\nDirection d\u00e9partementale des territoires de la C\u00f4te-d'Or\n57 , rue de Mulhouse - BP 53317 - 21033 Dijon CEDEX\nT\u00e9l. : 03 80 29 44 44\nCourriel : ddt@cote-dor.gouv.fr - Site internet : \nhttp://www.cote-dor.gouv.fr\nDirection d\u00e9partementale des territoires de la C\u00f4te-d'Or - 21-2024-03-29-00005 - Arr\u00eat\u00e9 pr\u00e9fectoral du 29 mars 2024 autorisant\nMonsieur J\u00e9r\u00f4me LANIER \u00e0 effectuer des tirs de d\u00e9fense simple en vue de la protection de son troupeau de bovins contre la pr\u00e9dation\ndu loup (Canis lupus)\n53\nVU la  deman de  en  date  du  27  mars  2024 par  l aquelle  Monsieur  J\u00e9r\u00f4me  LANIER,\nrepr\u00e9sentant  l'EARL  LANIER  J\u00e9r\u00f4me, sollicite  une  autorisation  d'effectuer  des  tirs  de\nd\u00e9fense simple en vue de la protection de son troupeau de bovins contre la pr\u00e9dation du\nloup (Canis lupus) ;\nCONSIDERANT qu'il existe un risque important de dommages au troupeau de Monsieur\nJ\u00e9r\u00f4me LANIER, au vu des 13 constats de dommages sur ovins de ces derniers mois sur le\nsecteur pour lesquels la responsabilit\u00e9 du loup n'a pas \u00e9t\u00e9 \u00e9cart\u00e9e (huit \u00e9levages, dont \u00e0\ndeux reprises, celui de Monsieur J\u00e9r\u00f4me LANIER, pour 56 moutons tu\u00e9s ou bless\u00e9s) et au\nvu du constat de dommage r\u00e9alis\u00e9 le 24 mars 2024 sur le troupeau bovin de Monsieur\nJ\u00e9r\u00f4me LANIER (un veau mort) pour lequel la responsabilit\u00e9 du loup n'a pas \u00e9t\u00e9 \u00e9cart\u00e9e ;\nCONSIDERANT que  la  pr\u00e9sence  d'un  loup  est  av\u00e9r\u00e9e  sur  ce  secteur,  au  vu  des\nphotographies  et  films  r\u00e9cup\u00e9r\u00e9s  par  l'Office  fran\u00e7ais  de  la  biodiversit\u00e9 et  des\nobservations  faites  par  les  lieutenants  de  louveterie,  notamment  sur  la  commune\nd'Echannay ;\nConsid\u00e9rant qu' il n'existe pas, \u00e0 ce jour, de moyens \u00e9prouv\u00e9s de protection des bovins\ncontre le risque  de  pr\u00e9dation  par  le loup  et que,  en cons\u00e9quence,  la protection  des\ntroupeaux bovins ne peut pas \u00eatre subventionn\u00e9e ;\nConsid\u00e9rant  que le troupeau peut \u00eatre reconnu comme n'\u00e9tant pas prot\u00e9geable, au vu\ndes \u00e9l\u00e9ments sus-mentionn\u00e9s ;\nCONSIDERANT qu'il convient de pr\u00e9venir des dommages importants  au troupeau bovin\ndu Monsieur LANIER J\u00e9r\u00f4me  par la mise en \u0153uvre de tirs de d\u00e9fense simple, en l'absence\nd'autre solution satisfaisante ;\nCONSIDERANT que la mise en \u0153uvre de ces tirs de d\u00e9fense ne nuira pas au maintien du\nloup dans un \u00e9tat de conservation favorable dans son aire de r\u00e9partition naturelle, dans la\nmesure o\u00f9 elle s'inscrit dans le respect du nombre maximum de sp\u00e9cimens de loups dont\nla destruction peut \u00eatre autoris\u00e9e chaque ann\u00e9e, fix\u00e9 par l es arr\u00eat\u00e9s minist\u00e9riels sus-vis\u00e9s,\nqui int\u00e8grent cette pr\u00e9occupation ;\nSUR proposition de Madame la directrice d\u00e9partementale des territoires de la C\u00f4te-d'Or ;\nA R R \u00ca T E\nARTICLE 1  er  \nMonsieur J\u00e9r\u00f4me LANIER est autoris\u00e9 \u00e0 mettre en \u0153uvre des tirs de d\u00e9fense simple de son\ntroupeau de bovin contre la pr\u00e9dation du loup, selon les modalit\u00e9s pr\u00e9vues par le pr\u00e9sent\narr\u00eat\u00e9 et par les arr\u00eat\u00e9s minist\u00e9riels du 23 octobre 2020 et du 21 f\u00e9vrier 2024 susvis\u00e9s, ainsi\nque dans le respect des conditions g\u00e9n\u00e9rales de s\u00e9curit\u00e9 \u00e9dict\u00e9es par l'Office fran\u00e7ais de\nla biodiversit\u00e9 qui lui sont communiqu\u00e9es avec le pr\u00e9sent arr\u00eat\u00e9.\nLes modalit\u00e9s de r\u00e9alisation des op\u00e9rations de tirs de d\u00e9fense simple mobilisant plus d 'un\ntireur sont d\u00e9finies sous le contr\u00f4le technique de l'OFB ou d'un lieutenant de louveterie.\n2\nDirection d\u00e9partementale des territoires de la C\u00f4te-d'Or - 21-2024-03-29-00005 - Arr\u00eat\u00e9 pr\u00e9fectoral du 29 mars 2024 autorisant\nMonsieur J\u00e9r\u00f4me LANIER \u00e0 effectuer des tirs de d\u00e9fense simple en vue de la protection de son troupeau de bovins contre la pr\u00e9dation\ndu loup (Canis lupus)\n54\nARTICLE 2\nLa  pr\u00e9sente  autorisation  est  subordonn\u00e9e  \u00e0  l'exposition  du  troupeau  de  bovins  \u00e0  la\npr\u00e9dation.\nLe tir de d\u00e9fense ne peut \u00eatre mis en \u0153uvre que pour d\u00e9fendre le troupeau de bovins\ncontre un loup en situation d'attaque.\nLe troupeau de bovins d\u00e9tenu par  l'EARL LANIER J\u00e9r\u00f4me  \u00e9tant reconnu comme n'\u00e9tant\npas prot\u00e9geable, cette autorisation n'est pas conditionn\u00e9e \u00e0 la mise en \u0153uvre effective de\nmoyens de protection contre la pr\u00e9dation par le loup.\nToutefois, aucun tir ne peut \u00eatre r\u00e9alis\u00e9 \u00e0 proximit\u00e9 d'un b\u00e2timent dans lequel le troupeau\nserait enferm\u00e9 en s\u00e9curit\u00e9.\nARTICLE 3\nLe tir de d\u00e9fense simple peut \u00eatre mis en \u0153uvre par :\n\u2022 le  b\u00e9n\u00e9ficiaire  de  l'autorisation,  sous  r\u00e9serve  qu'il soit  titulaire  d'un  permis  de\nchasser valable pour l'ann\u00e9e en cours et d'une assurance couvrant l'activit\u00e9 de tir\ndu loup ;\n\u2022 toute personne mandat\u00e9e par le b\u00e9n\u00e9ficiaire de l'autorisation et mentionn\u00e9e sur le\nregistre de tir d\u00e9crit \u00e0 l'article 7 , sous r\u00e9serve qu' elle soit titulaire d'un permis de\nchasser valable pour l'ann\u00e9e en cours et d'une assurance couvrant l'activit\u00e9 de tir\ndu loup ;\n\u2022 l'ensemble des chasseurs list\u00e9s dans l 'arr\u00eat\u00e9 pr\u00e9fectoral 10 mars 2021 susvis\u00e9, fixant\nla  liste  des  personnes  habilit\u00e9es  \u00e0  participer  aux  op\u00e9rations  de  tir  de  d\u00e9fense\nrenforc\u00e9e, aux tirs de d\u00e9fense simple mobilisant deux tireurs par lot ou plus et aux\nop\u00e9rations de tir de pr\u00e9l\u00e8vement ;\n\u2022 ainsi que, le cas \u00e9ch\u00e9ant, par les lieutenants de louveterie ou par les agents de\nl'office fran\u00e7ais de la biodiversit\u00e9 , mobilis\u00e9s \u00e0 cette fin par l'autorit\u00e9 administrative.\nLe tir ne peut  pas  \u00eatre r\u00e9alis\u00e9 par  plus de deux tireurs pour chacun des lots d'animaux\nconstitutifs du troupeau et distants les uns des autres.\nToutefois, si deux tireurs (chasseurs) agissent dans le m\u00eame temps, ceux-ci doivent \u00eatre\nhabilit\u00e9s par le pr\u00e9fet.\nARTICLE   4  \nLa r\u00e9alisation des  tirs de d\u00e9fense  simple d oit v\u00e9rifier  l'ensemble des conditions de lieu\nsuivantes :\n\u2022 sur les communes d'Echannay et de Montoillot ;\n\u2022 \u00e0 proximit\u00e9 du troupeau ou des lots constituant le troupeau du b\u00e9n\u00e9ficiaire de\nl'autorisation ;\n\u2022 sur  les  p\u00e2turages,  surfaces  et  parcours  mis  en  valeur  par  le  b\u00e9n\u00e9ficiaire  de\nl'autorisation, ainsi qu'\u00e0 leur proximit\u00e9 imm\u00e9diate.\n3\nDirection d\u00e9partementale des territoires de la C\u00f4te-d'Or - 21-2024-03-29-00005 - Arr\u00eat\u00e9 pr\u00e9fectoral du 29 mars 2024 autorisant\nMonsieur J\u00e9r\u00f4me LANIER \u00e0 effectuer des tirs de d\u00e9fense simple en vue de la protection de son troupeau de bovins contre la pr\u00e9dation\ndu loup (Canis lupus)\n55\nLes  p\u00e2turages,  surfaces  et  parcours,  sur  lesquels  les  animaux  sont  susceptibles  d'\u00eatre\npr\u00e9sents  concernent  les  parcelles  localis\u00e9es  sur  les  deux  cartes  jointes  en  annexe  du\npr\u00e9sent arr\u00eat\u00e9.\nARTICLE   5  \nLes tirs de d\u00e9fense simple peuvent avoir lieu de jour comme de nuit.\nA  l'exception  des  lieutenants  de  louveterie  et  des  agents  de  l'office  fran\u00e7ais  de  la\nbiodiversit\u00e9  op\u00e9rant  avec  une  lunette  \u00e0  vis\u00e9e  thermique,  le  tir  de  nuit  ne  peut  \u00eatre\neffectu\u00e9 qu'apr\u00e8s identification formelle de la cible et de son environnement \u00e0 l'aide\nd'une source lumineuse.\nARTICLE   6  \nLes tirs de d\u00e9fense  simple  sont  exclusivement  r\u00e9alis\u00e9s avec toute arme de cat\u00e9gorie C\nmentionn\u00e9e \u00e0 l'article R.311-2 du code de la s\u00e9curit\u00e9 int\u00e9rieure.\nL'utilisation de dispositifs de r\u00e9duction du son \u00e9mis par le tir n'est pas autoris\u00e9e.\nSous r\u00e9serve d'une validation pr\u00e9alable par l'office fran\u00e7ais de la biodiversit\u00e9, tous les\nmoyens susceptibles d'am\u00e9liorer les tirs de d\u00e9fense simple, notamment les moyens pour\nd\u00e9tecter la pr\u00e9sence de sp\u00e9cimens de loups, ainsi que la s\u00e9curit\u00e9 des participants peuvent\n\u00eatre utilis\u00e9s.\nToutefois, ne peuvent \u00eatre mis en \u0153uvre les moyens visant intentionnellement \u00e0 :\n\u2022 provoquer des r\u00e9actions chez les loups de nature \u00e0 faciliter leur d\u00e9tection par les\ntireurs ;\n\u2022 attirer les loups \u00e0 proximit\u00e9 des tireurs ;\n\u2022 contraindre les loups \u00e0 se rapprocher des tireurs.\nL'utilisation de dispositifs de rep\u00e9rage utilisant la technologie d'amplification de la lumi\u00e8re\nou la d\u00e9tection thermique est autoris\u00e9e.\nL'utilisation de lunettes de tir \u00e0 vis\u00e9e thermique est r\u00e9serv\u00e9e aux lieutenants de louveterie\net aux agents de l'office fran\u00e7ais de la biodiversit\u00e9.\nARTICLE   7  \nLa pr\u00e9sente autorisation est subordonn\u00e9e \u00e0 la tenue d'un registre pr\u00e9cisant :\n\u2022 le(s) nom(s) et pr\u00e9nom(s) du d\u00e9tenteur de l'arme ainsi que le num\u00e9ro de son permis\nde chasser ;\n\u2022 la date et le lieu de l'op\u00e9ration de tir de d\u00e9fense ;\n\u2022 les mesures de protection du troupeau en place lors de l'op\u00e9ration.\n4\nDirection d\u00e9partementale des territoires de la C\u00f4te-d'Or - 21-2024-03-29-00005 - Arr\u00eat\u00e9 pr\u00e9fectoral du 29 mars 2024 autorisant\nMonsieur J\u00e9r\u00f4me LANIER \u00e0 effectuer des tirs de d\u00e9fense simple en vue de la protection de son troupeau de bovins contre la pr\u00e9dation\ndu loup (Canis lupus)\n56\net le cas \u00e9ch\u00e9ant :\n\u2022 les heures de d\u00e9but et de fin de l'op\u00e9ration ;\n\u2022 le nombre de loups observ\u00e9s ;\n\u2022 le nombre de tirs effectu\u00e9s ;\n\u2022 l'estimation de la distance de tir ;\n\u2022 l'estimation de la distance entre le loup et le troupeau au moment du tir ;\n\u2022 la nature de l'arme et des munitions utilis\u00e9es ;\n\u2022 la nature des moyens susceptibles d'am\u00e9liorer le tir qui ont \u00e9t\u00e9 utilis\u00e9s ;\n\u2022 la description du comportement du loup s'il a pu \u00eatre observ\u00e9 (fuite, saut...).\nCe  registre  est  tenu  \u00e0  la  disposition  des  agents  charg\u00e9s  des  missions  de  police.  Les\ninformations qu'il contient sont adress\u00e9es au moins une fois par an au pr\u00e9fet, entre le\n1er et le 31 janvier de l'ann\u00e9e 2025. Le pr\u00e9fet peut \u00e9galement exiger un retour du registre \u00e0\ntout moment dans l'ann\u00e9e.\nARTICLE   8  \nLe b\u00e9n\u00e9ficiaire de la pr\u00e9sente  autorisation informe le service d\u00e9partemental de l'office\nfran\u00e7ais de la biodiversit\u00e9 de tout tir en direction d'un loup dans un d\u00e9lai de 12 heures \u00e0\ncompter de sa r\u00e9alisation.\nPour  un  tir  dont  l'auteur  estime  qu'il  n'a  pas  atteint  sa  cible,  l'office  fran\u00e7ais  de  la\nbiodiversit\u00e9 \u00e9value la n\u00e9cessit\u00e9 de conduire des recherches.\nSi un loup est bless\u00e9 dans le cadre de la pr\u00e9sente autorisation,  son b\u00e9n\u00e9ficiaire informe\nsans d\u00e9lai  le service d\u00e9partemental de  l'office fran\u00e7ais de la biodiversit\u00e9  qui  est charg\u00e9\nd'informer le pr\u00e9fet et de rechercher l'animal.\nSi un loup est tu\u00e9 dans le cadre de la pr\u00e9sente autorisation, son b\u00e9n\u00e9ficiaire informe sans\nd\u00e9lai le service d\u00e9partemental de l'office fran\u00e7ais de la biodiversit\u00e9  (t\u00e9l\u00e9phone : 03 80 29\n43 91) qui informe le pr\u00e9fet et prend en charge le cadavre. Dans l'attente de l'arriv\u00e9e des\nagents de l'office fran\u00e7ais de la biodiversit\u00e9  sur les lieux du tir, le cadavre ne doit pas \u00eatre\nd\u00e9plac\u00e9 ou manipul\u00e9.\nARTICLE   9  \nLa pr\u00e9sente autorisation cesse de produire son effet si le plafond d\u00e9fini  \u00e0 l'article 1 er de\nl'arr\u00eat\u00e9 minist\u00e9riel du 23 octobre 2020 fixant le nombre maximum de sp\u00e9cimens de loups\ndont la destruction pourra \u00eatre autoris\u00e9e chaque ann\u00e9e est atteint.\n5\nDirection d\u00e9partementale des territoires de la C\u00f4te-d'Or - 21-2024-03-29-00005 - Arr\u00eat\u00e9 pr\u00e9fectoral du 29 mars 2024 autorisant\nMonsieur J\u00e9r\u00f4me LANIER \u00e0 effectuer des tirs de d\u00e9fense simple en vue de la protection de son troupeau de bovins contre la pr\u00e9dation\ndu loup (Canis lupus)\n57\nElle redevient valide dans les cas suivants :\n\u2022 \u00e0 la publication de l'arr\u00eat\u00e9 pr\u00e9vu au III de l'article 1 de l'arr\u00eat\u00e9 minist\u00e9riel du  23\noctobre  2020 fixant  le  nombre  maximum  de  sp\u00e9cimens  de  loups  dont  la\ndestruction pourra \u00eatre autoris\u00e9e chaque ann\u00e9e ;\n\u2022 \u00e0  la  publication  sur  le  site  internet  de  la  DREAL  Auvergne-Rh\u00f4ne-Alpes  d'un\nnouveau  nombre  maximum  de  sp\u00e9cimens  de  loups  dont  la  destruction  est\nautoris\u00e9e en application du I de l'article 1 de l'arr\u00eat\u00e9 du 23 octobre 2020 fixant le\nnombre maximum de sp\u00e9cimens de loups dont la destruction pourra \u00eatre autoris\u00e9e\nchaque ann\u00e9e.\nARTICLE   10  \nLa pr\u00e9sente autorisation peut \u00eatre retir\u00e9e  \u00e0 tout moment sans indemnit\u00e9 si le b\u00e9n\u00e9ficiaire\nn'en respecte pas les clauses ou les prescriptions qui lui sont li\u00e9es.\nARTICLE 1  1  \nLa pr\u00e9sente autorisation est valable jusqu'au 31 d\u00e9cembre 2024.\nARTICLE 1  2  \nLa pr\u00e9sente autorisation est d\u00e9livr\u00e9e sous r\u00e9serve des droits des tiers.\nARTICLE 1  3  \nLa pr\u00e9sente d\u00e9cision est publi\u00e9e au recueil des actes administratifs de la pr\u00e9fecture.\nARTICLE 1  4  \nLe pr\u00e9sent arr\u00eat\u00e9 peut faire l'objet d'un recours devant le tribunal administratif de Dijon\ndans un d\u00e9lai de deux mois \u00e0 compter de sa publication. \nLe tribunal administratif peut \u00eatre saisi par un recours d\u00e9pos\u00e9 via l'application T\u00e9l\u00e9recours\ncitoyens accessible par le site internet \u00ab www.telerecours.fr \u00bb.\nARTICLE 1  5  \nLe secr\u00e9taire  g\u00e9n\u00e9ral  de  la  pr\u00e9fecture  de  C\u00f4te-d'Or,  la directrice  d\u00e9partementale  des\nterritoires  de  C\u00f4te-d'Or,  le  chef  du  service  d\u00e9partemental  de  l'Office  fran\u00e7ais  de  la\nbiodiversit\u00e9 et le commandant du groupement de gendarmerie  sont charg\u00e9s, chacun en\nce qui le concerne, de l'ex\u00e9cution du pr\u00e9sent arr\u00eat\u00e9.\nFait \u00e0 Dijon, le 29 mars 2024\nLe pr\u00e9fet,\nsign\u00e9 : Franck ROBINE\n6\nDirection d\u00e9partementale des territoires de la C\u00f4te-d'Or - 21-2024-03-29-00005 - Arr\u00eat\u00e9 pr\u00e9fectoral du 29 mars 2024 autorisant\nMonsieur J\u00e9r\u00f4me LANIER \u00e0 effectuer des tirs de d\u00e9fense simple en vue de la protection de son troupeau de bovins contre la pr\u00e9dation\ndu loup (Canis lupus)\n58\nAnnexe \u00e0 l'arr\u00eat\u00e9 pr\u00e9fectoral du \nautorisant Monsieur J\u00e9r\u00f4me LANIER \u00e0 effectuer des tirs de d\u00e9fense simple \npour la protection de son troupeau bovin \nDirection d\u00e9partementale des territoires de C\u00f4te d'Or \nFait \u00e0 Dijon, le \nLe pr\u00e9fet \nDirection d\u00e9partementale des territoires de la C\u00f4te-d'Or - 21-2024-03-29-00005 - Arr\u00eat\u00e9 pr\u00e9fectoral du 29 mars 2024 autorisant\nMonsieur J\u00e9r\u00f4me LANIER \u00e0 effectuer des tirs de d\u00e9fense simple en vue de la protection de son troupeau de bovins contre la pr\u00e9dation\ndu loup (Canis lupus)\n59\nDirection d\u00e9partementale des territoires de la\nC\u00f4te-d'Or\nService S\u00e9curit\u00e9 et \u00c9ducation Routi\u00e8re\n21-2024-03-26-00009\nAP 616 20240326 M274 EntretienEchangeur41-37\nDirection d\u00e9partementale des territoires de la C\u00f4te-d'Or - 21-2024-03-26-00009 - AP 616 20240326 M274 EntretienEchangeur41-37 60\nPREFETDE LACOTE-D'ORL,z'berte'Egalit\u00e9Fraternit\u00e9\nDirection d\u00e9partementale des territoires\nde la C\u00f4te-d'Or\nService de la S\u00e9curit\u00e9 et de l'\u00c9ducation Routi\u00e8re\nBureau de la S\u00e9curit\u00e9 Routi\u00e8re\nDijon, le 26 mars 2024\nArr\u00eat\u00e9 N\u00b0616  \nportant r\u00e9glementation temporaire de la circulation pour des travaux de balayage et de\nnettoyage des r\u00e9seaux d'\u00e9vacuation des eaux pluviales sur la route m\u00e9tropolitaine\nM274 du PR 8+200 \u00e9changeur n\u00b041 Cracovie au PR 13+150 \u00e9changeur n\u00b037 Ahuy dans les 2\nsens sur les communes de Dijon, Saint-Apollinaire, Ruffey-les-Echirey et Ahuy.\nLe pr\u00e9fet de la C\u00f4te-d'Or\nVU le Code de la Route ;\nVU le Code de la Voirie Routi\u00e8re ;\nVU la loi n\u00b02022-217 du 21 f\u00e9vrier 2022 relative \u00e0 la diff\u00e9renciation, la d\u00e9centralisation, la\nd\u00e9concentration  et  portant  diverses  mesures  de  simplification  de  l'action  publique\nlocale ;\nVU le  d\u00e9cret  en  Conseil  d'\u00c9tat  du  6  f\u00e9vrier  1980  d\u00e9clarant  d'utilit\u00e9  publique  la\nconstruction de la rocade Est de Dijon et lui conf\u00e9rant le statut de route express ;\nVU le d\u00e9cret 2009- 615 du 3 juin 2009 modifi\u00e9, fixant la liste des routes class\u00e9es \u00e0 grande\ncirculation ;\nDirection d\u00e9partementale des territoires de la C\u00f4te-d'Or\n57 rue de Mulhouse- BP 53317 - 21033 DIJON cedex\nt\u00e9l : 03 80 29 44 44 \u2013 Courriel : ddt@cote-dor.gouv.fr\nDirection d\u00e9partementale des territoires de la C\u00f4te-d'Or - 21-2024-03-26-00009 - AP 616 20240326 M274 EntretienEchangeur41-37 61\n2\nVU le d\u00e9cret n\u00b02022-459 du 30 mars 2022 fixant la liste des voies non conc\u00e9d\u00e9es du\ndomaine  public  routier  national  qui  peuvent  \u00eatre  transf\u00e9r\u00e9es  aux  d\u00e9partements  et\nm\u00e9tropoles ou mises \u00e0 disposition des r\u00e9gions dans les conditions pr\u00e9vues aux articles 38\net 40 de la loi n\u00b02022-217 du 21 f\u00e9vrier 2022 ;\nVU le d\u00e9cret du 26 septembre 2022 nommant Monsieur  Franck ROBINE, pr\u00e9fet de la\nr\u00e9gion Bourgogne-Franche-Comt\u00e9, Pr\u00e9fet de la C\u00f4te-d'Or (hors classe) ;\nVU  l'arr\u00eat\u00e9 interminist\u00e9riel du 24 novembre 1967 modifi\u00e9, relatif \u00e0 la signalisation des\nroutes et autoroutes ;\nVU  l'arr\u00eat\u00e9 interminist\u00e9riel du 6 novembre 1992 modifi\u00e9, approuvant les dispositions de\nl'instruction interminist\u00e9rielle sur la signalisation routi\u00e8re ;\nVU l'arr\u00eat\u00e9  pr\u00e9fectoral  n\u00b021-2023-05-02-00001  du  2  mai  2023  relatif  au  transfert  au\nd\u00e9partement de C\u00f4te-d'Or de sections de routes et autoroutes class\u00e9es dans le domaine\npublic routier national ;\nVU  l'arr\u00eat\u00e9  pr\u00e9fectoral  n\u00b021-2023-05-02-00002  du  2  mai  2023  relatif  au  transfert  \u00e0  la\nM\u00e9tropole de Dijon de sections de routes et autoroutes class\u00e9es dans le domaine public\nroutier national ;\nVU  l'arr\u00eat\u00e9 pr\u00e9fectoral n\u00b0148/SG du 18 janvier 2024 donnant d\u00e9l\u00e9gation de signature \u00e0\nMonsieur Olivier GERSTLE, sous-pr\u00e9fet, directeur de cabinet du pr\u00e9fet de la C\u00f4te-d'Or ;\nVU  la circulaire du 2 f\u00e9vrier 2024 relative au calendrier des jours \u00ab  hors chantier  \u00bb pour\nl'ann\u00e9e 2024 et le mois de janvier 2025 ;\nVU la demande pr\u00e9sent\u00e9e par la M\u00e9tropole de Dijon - CEI de Dijon le 13 mars 2024 ;\nCONSID\u00c9RANT  que  pendant  les  travaux  de  nettoyage  et  de  balayage  des  r\u00e9seaux\nd'\u00e9vacuation des eaux pluviales  sur la M274, entre les PR8+200 (\u00e9changeur n\u00b041 Cracovie)\net le PR 13+150 (\u00e9changeur n\u00b037 Ahuy) dans le sens 1 puis dans le sens 2 , il y a lieu de\npr\u00e9ciser les conditions de circulation, afin de pr\u00e9venir tout risque d'accident, de faciliter\nla bonne ex\u00e9cution des travaux et d'assurer un \u00e9coulement satisfaisant du trafic ;\nCONSID\u00c9RANT  que  la  section  concern\u00e9e  par  les  op\u00e9rations  est  situ\u00e9e  hors\nagglom\u00e9ration ;\nSUR proposition de Madame la Directrice D\u00e9partementale des  Territoires  de la C\u00f4te-\nd'Or ;\nDirection d\u00e9partementale des territoires de la C\u00f4te-d'Or\n57 rue de Mulhouse- BP 53317 - 21033 DIJON cedex\nt\u00e9l : 03 80 29 44 44 \u2013 Courriel : ddt@cote-dor.gouv.fr\nDirection d\u00e9partementale des territoires de la C\u00f4te-d'Or - 21-2024-03-26-00009 - AP 616 20240326 M274 EntretienEchangeur41-37 62\n3\nARR\u00caTE\nArticle 1 \nPendant l'ex\u00e9cution des op\u00e9rations ci-dessus d\u00e9sign\u00e9es, la circulation s'effectuera dans les\nconditions suivantes :\nCoupure d'axe et fermeture de bretelles\nPhase 1 - sens 1\nDans le sens 1, la M274 est interdite \u00e0 la circulation du PR 8+200 au PR 13+150.\nLes bretelles d'entr\u00e9e n\u00b02 de l'\u00e9changeur n\u00b040 Malines (PR 9+625), de l'\u00e9changeur n\u00b039\nValmy  (PR11+200),  de  l'\u00e9changeur  n\u00b038  Pompidou  (PR  12+700)  seront  ferm\u00e9es  \u00e0  la\ncirculation.\nUne d\u00e9viation est mise en place \u00e0 l'attention des usagers par : \nDepuis l'\u00e9changeur n\u00b040 de Malines (PR9+625) :\n\u2022 Rue de Malines,\n\u2022 Rue du Docteur Quignard,\n\u2022 Rue de Mayence,\n\u2022 Avenue de Dallas,\n\u2022 Boulevard des Martyrs de la R\u00e9sistance,\n\u2022 Boulevard Pascal,\n\u2022 Boulevard Mar\u00e9chal de Gallieni,\n\u2022 M107A route d'Ahuy,\n\u2022 Retour M274 via \u00e9changeur n\u00b037 Ahuy (PR13+050),\nDepuis l'\u00e9changeur n\u00b039 de Valmy (PR11+200) :\n\u2022 Parc commercial de la Toison d'Or,\n\u2022 Rue de Colchide,\n\u2022 Boulevard Winston Churchill,\n\u2022 Rue de Malines,\n\u2022 rue du docteur Quignard,\n\u2022 Rue de Mayence,\n\u2022 Avenue de Dallas,\n\u2022 Boulevard des Martyrs de la R\u00e9sistance,\n\u2022 Boulevard Pascal,\n\u2022 Boulevard Mar\u00e9chal de Gallieni,\n\u2022 M107A route d'Ahuy,\n\u2022 Retour M274 via \u00e9changeur n\u00b037 Ahuy (PR13+050).\nDepuis l'\u00e9changeur n\u00b038 Pompidou (12+700):\n\u2022 Avenue de Langres,\n\u2022 Avenue du Drapeau,\n\u2022 Boulevard Mar\u00e9chal de Gallieni,\nDirection d\u00e9partementale des territoires de la C\u00f4te-d'Or\n57 rue de Mulhouse- BP 53317 - 21033 DIJON cedex\nt\u00e9l : 03 80 29 44 44 \u2013 Courriel : ddt@cote-dor.gouv.fr\nDirection d\u00e9partementale des territoires de la C\u00f4te-d'Or - 21-2024-03-26-00009 - AP 616 20240326 M274 EntretienEchangeur41-37 63\n4\n\u2022 M107A route d'Ahuy,\n\u2022 Retour M274 via \u00e9changeur n\u00b037 Ahuy (PR13+050).\nRestriction de circulation\nNeutralisation  de  la  voie  rapide  par  FLR  500m  en  amont  de  la  sortie  obligatoire  de\nl'\u00e9changeur n\u00b041 Cracovie.\nPhase 2 - sens 2\nDans le sens 2, la M274 est interdite \u00e0 la circulation du PR 13+150 au PR 8+200.\nLes bretelles d'entr\u00e9e n\u00b04 des \u00e9changeurs n\u00b040 Malines (PR 9+625), n\u00b039 Valmy (PR11+200),\nn\u00b038 Pompidou (PR 12+700), n\u00b037 Ahuy (PR 13+050), ainsi que le shunt de l'\u00e9changeur n\u00b038\nPompidou seront ferm\u00e9es \u00e0 la circulation.\nUne d\u00e9viation est mise en place \u00e0 l'attention des usagers par :\nDepuis l'\u00e9changeur n\u00b037 Ahuy (13+050):\n\u2022 M107A route d'Ahuy,\n\u2022 Boulevard Mar\u00e9chal de Gallieni,\n\u2022 Boulevard Pascal,\n\u2022 Boulevard des Martyrs de la R\u00e9sistance,\n\u2022 Avenue de Dallas,\n\u2022 Rue de Cracovie,\n\u2022 Retour M274 via \u00e9changeur n\u00b041 Cracovie (PR8+530).\nDepuis l'\u00e9changeur n\u00b038 Pompidou (12+700) :\n\u2022 Avenue de Langres,\n\u2022 Avenue du Drapeau,\n\u2022 Boulevard Pascal,\n\u2022 Boulevard des Martyrs de la R\u00e9sistance,\n\u2022 Avenue de Dallas,\n\u2022 Rue de Cracovie,\n\u2022 Retour M274 via \u00e9changeur n\u00b041 Cracovie (PR8+530).\nDepuis l'\u00e9changeur n\u00b039 de Valmy (PR11+200) :\n\u2022 Parc commercial de la Toison d'Or,\n\u2022 Rue de Colchide,\n\u2022 Boulevard Winston Churchill,\n\u2022 Rue de Malines,\n\u2022 Rue du Docteur Quignard,\n\u2022 Rue de Mayence,\n\u2022 Rue de Cracovie,\n\u2022 Retour M274 via \u00e9changeur n\u00b041 Cracovie (PR8+530).\nDepuis l'\u00e9changeur n\u00b040 de Malines(PR9+625) :\n\u2022 Rue du Docteur Quignard,\n\u2022 Rue de Mayence,\n\u2022 Rue de Cracovie,\nDirection d\u00e9partementale des territoires de la C\u00f4te-d'Or\n57 rue de Mulhouse- BP 53317 - 21033 DIJON cedex\nt\u00e9l : 03 80 29 44 44 \u2013 Courriel : ddt@cote-dor.gouv.fr\nDirection d\u00e9partementale des territoires de la C\u00f4te-d'Or - 21-2024-03-26-00009 - AP 616 20240326 M274 EntretienEchangeur41-37 64\n5\n\u2022 Retour M274 via \u00e9changeur n\u00b041 Cracovie (PR8+530).\nArticle 2 \nLes dispositions du pr\u00e9sent arr\u00eat\u00e9 s'appliqueront :\nPhase 1 sens 1     :   \n2 nuits du lundi 15 avril au mardi 16 avril 2024 et du mardi 16 avril au \nmercredi 17 avril 2024 de 21h00 \u00e0 06h00.\nPhase 2 sens 2     :   \n2 nuits du mercredi 17 avril au jeudi 18 avril 2024 et du jeudi 18 avril au \nvendredi 19 avril 2024 de 21h00 \u00e0 06h00.\nArticle 3 \nCertaines  phases  pr\u00e9paratoires  ou  de  mise  en  place  de  la  signalisation  du  chantier\npourront  n\u00e9cessiter  des  r\u00e9ductions  momentan\u00e9es  de  chauss\u00e9e  ou  des  interruptions\ncourtes de circulation.\nArticle 4 \nSur le parcours des sections soumises \u00e0 ces restrictions provisoires, les conducteurs des\nv\u00e9hicules devront le cas \u00e9ch\u00e9ant, se conformer aux indications des services de police et\ndes  agents  de la direction  interd\u00e9partementale des  routes  Centre-Est,  tant en ce qui\nconcerne le trajet \u00e0 suivre que l'arr\u00eat s'il leur est prescrit.\nArticle 5 \nLe passage des convois exceptionnels sera interdit sur l'itin\u00e9raire de d\u00e9viation.\nArticle 6 \nLa  signalisation  r\u00e9glementaire,  conforme  \u00e0  l'instruction  interminist\u00e9rielle  (Livre I  \u2013  8e\npartie) approuv\u00e9e par arr\u00eat\u00e9 interminist\u00e9riel le 6 novembre 1992 et aux manuels du chef\nde chantier, sera fournie, mise en place et maintenue par le CEI de Dijon.\nArticle 7\nLes infractions au pr\u00e9sent arr\u00eat\u00e9 seront constat\u00e9es par proc\u00e8s-verbaux dress\u00e9s par les\nforces de l'ordre.\nArticle 8 \nLors de l'ach\u00e8vement des travaux et avant le r\u00e9tablissement normal de la circulation, la\nchauss\u00e9e devra \u00eatre propre et satisfaire aux conditions normales de s\u00e9curit\u00e9.\nArticle 9 \nLe pr\u00e9sent arr\u00eat\u00e9 sera affich\u00e9 aux abords imm\u00e9diats du chantier.\nDirection d\u00e9partementale des territoires de la C\u00f4te-d'Or\n57 rue de Mulhouse- BP 53317 - 21033 DIJON cedex\nt\u00e9l : 03 80 29 44 44 \u2013 Courriel : ddt@cote-dor.gouv.fr\nDirection d\u00e9partementale des territoires de la C\u00f4te-d'Or - 21-2024-03-26-00009 - AP 616 20240326 M274 EntretienEchangeur41-37 65\n6\nArticle 10\nLe pr\u00e9sent arr\u00eat\u00e9 peut faire l'objet d'un recours gracieux aupr\u00e8s  du pr\u00e9fet et/ou d'un\nrecours contentieux devant le tribunal administratif dans un d\u00e9lai de 2 mois \u00e0 compter de\nsa notification.\nLe tribunal administratif peut \u00eatre saisi par un recours d\u00e9pos\u00e9 via l'application T\u00e9l\u00e9recours\ncitoyens accessible par le site internet www.telerecours.fr \u00bb.\nArticle 11\n- Le Directeur de Cabinet du pr\u00e9fet de la C\u00f4te-d'Or,\n- Le Directeur Interd\u00e9partemental de la Police Nationale,\n- Le Commandant  de  la  R\u00e9gion  de  Gendarmerie  de  Bourgogne-Franche-Comt\u00e9  et  du\nGroupement de C\u00f4te-d'Or,\n- Le Pr\u00e9sident de Dijon M\u00e9tropole,\n- Le Directeur de l'entreprise adjudicataire des travaux,\nsont charg\u00e9s, chacun en ce qui le concerne, de l'ex\u00e9cution du pr\u00e9sent arr\u00eat\u00e9.\nLe pr\u00e9sent arr\u00eat\u00e9 sera publi\u00e9 au recueil des actes administratifs de la Pr\u00e9fecture de la\nC\u00f4te-d'Or.\nUne copie du pr\u00e9sent arr\u00eat\u00e9 sera adress\u00e9e pour information :\n- au Service D\u00e9partemental d'Incendie et de Secours de la C\u00f4te-d'Or,\n- \u00e0 la direction du SAMU de Dijon,\n- au Service R\u00e9gional d'Exploitation de Moulins de la DIR Centre-Est (Cellule Gestion de la\nRoute, PC et district de M\u00e2con),\n- au service exploitation et s\u00e9curit\u00e9/cellule exploitation et gestion du trafic de la DIR\nCentre-Est,\n- au CEI de Dijon M\u00e9tropole,\n- \u00e0 la soci\u00e9t\u00e9 APRR,\n- \u00e0 la direction de l'exploitation de Dijon M\u00e9tropole,\n- aux communes de Dijon, Saint-Apollinaire, Ruffey-les-Echirey et Ahuy.\nFait \u00e0 Dijon, le 26 mars 2024\nLe pr\u00e9fet,\nPour le pr\u00e9fet, par d\u00e9l\u00e9gation,\nLe directeur de cabinet,\nSIGN\u00c9\nOlivier GERSTLE\nDirection d\u00e9partementale des territoires de la C\u00f4te-d'Or\n57 rue de Mulhouse- BP 53317 - 21033 DIJON cedex\nt\u00e9l : 03 80 29 44 44 \u2013 Courriel : ddt@cote-dor.gouv.fr\nDirection d\u00e9partementale des territoires de la C\u00f4te-d'Or - 21-2024-03-26-00009 - AP 616 20240326 M274 EntretienEchangeur41-37 66\nDirection d\u00e9partementale des territoires de la\nC\u00f4te-d'Or\nService S\u00e9curit\u00e9 et \u00c9ducation Routi\u00e8re\n21-2024-03-26-00010\nAP 617 20240326 M274 EntretienEchangeur37-34\nDirection d\u00e9partementale des territoires de la C\u00f4te-d'Or - 21-2024-03-26-00010 - AP 617 20240326 M274 EntretienEchangeur37-34 67\nPREFETDE LACOTE-D'ORL,z'berte'Egalit\u00e9Fraternit\u00e9\nDirection d\u00e9partementale des territoires\nde la C\u00f4te-d'Or\nService de la S\u00e9curit\u00e9 et de l'\u00c9ducation Routi\u00e8re\nBureau de la S\u00e9curit\u00e9 Routi\u00e8re\nDijon, le 26 mars 2024 \nArr\u00eat\u00e9 N\u00b0617\nportant r\u00e9glementation temporaire de la circulation pour des travaux de balayage et de\nnettoyage des r\u00e9seaux d'\u00e9vacuation des eaux pluviales, de la maintenance pr\u00e9ventive des\n\u00e9quipements de s\u00e9curit\u00e9 et de la ventilation, du lavage et nettoyage du tunnel de Talant et\nde la tranch\u00e9e couverte de Daix sur la route m\u00e9tropolitaine M274 du PR13+300 au PR\n18+280 sens 1 et 2 entre l'\u00e9changeur n\u00b037 et l'\u00e9changeur n\u00b034 sur les communes de Ahuy,\nFontaine-les-Dijon, Daix, Talant et Plombi\u00e8res-les-Dijon.\nLe pr\u00e9fet de la C\u00f4te-d'Or\nVU le Code de la Route ;\nVU le Code de la Voirie Routi\u00e8re ;\nVU la loi n\u00b02022-217 du 21 f\u00e9vrier 2022 relative \u00e0 la diff\u00e9renciation, la d\u00e9centralisation, la\nd\u00e9concentration  et  portant  diverses  mesures  de  simplification  de  l'action  publique\nlocale ;\nVU le  d\u00e9cret  en  Conseil  d'\u00c9tat  du  6  f\u00e9vrier  1980  d\u00e9clarant  d'utilit\u00e9  publique  la\nconstruction de la rocade Est de Dijon et lui conf\u00e9rant le statut de route express ;\nVU le d\u00e9cret 2009- 615 du 3 juin 2009 modifi\u00e9, fixant la liste des routes class\u00e9es \u00e0 grande\ncirculation ;\nDirection d\u00e9partementale des territoires de la C\u00f4te-d'Or\n57 rue de Mulhouse- BP 53317 - 21033 DIJON cedex\nt\u00e9l : 03 80 29 44 44 \u2013 Courriel : ddt@cote-dor.gouv.fr\nDirection d\u00e9partementale des territoires de la C\u00f4te-d'Or - 21-2024-03-26-00010 - AP 617 20240326 M274 EntretienEchangeur37-34 68\n2\nVU le d\u00e9cret n\u00b02022-459 du 30 mars 2022 fixant la liste des voies non conc\u00e9d\u00e9es du\ndomaine  public  routier  national  qui  peuvent  \u00eatre  transf\u00e9r\u00e9es  aux  d\u00e9partements  et\nm\u00e9tropoles ou mises \u00e0 disposition des r\u00e9gions dans les conditions pr\u00e9vues aux articles 38\net 40 de la loi n\u00b02022-217 du 21 f\u00e9vrier 2022 ;\nVU le d\u00e9cret du 26 septembre 2022 nommant Monsieur  Franck ROBINE, pr\u00e9fet de la\nr\u00e9gion Bourgogne-Franche-Comt\u00e9, Pr\u00e9fet de la C\u00f4te-d'Or (hors classe) ;\nVU  l'arr\u00eat\u00e9 interminist\u00e9riel du 24 novembre 1967 modifi\u00e9, relatif \u00e0 la signalisation des\nroutes et autoroutes ;\nVU  l'arr\u00eat\u00e9 interminist\u00e9riel du 6 novembre 1992 modifi\u00e9, approuvant les dispositions de\nl'instruction interminist\u00e9rielle sur la signalisation routi\u00e8re ;\nVU l'arr\u00eat\u00e9  pr\u00e9fectoral  n\u00b021-2023-05-02-00001  du  2  mai  2023  relatif  au  transfert  au\nd\u00e9partement de C\u00f4te-d'Or de sections de routes et autoroutes class\u00e9es dans le domaine\npublic routier national ;\nVU  l'arr\u00eat\u00e9  pr\u00e9fectoral  n\u00b021-2023-05-02-00002  du  2  mai  2023  relatif  au  transfert  \u00e0  la\nM\u00e9tropole de Dijon de sections de routes et autoroutes class\u00e9es dans le domaine public\nroutier national ;\nVU  l'arr\u00eat\u00e9 pr\u00e9fectoral n\u00b0148/SG du 18 janvier 2024 donnant d\u00e9l\u00e9gation de signature \u00e0\nMonsieur Olivier GERSTLE, sous-pr\u00e9fet, directeur de cabinet du pr\u00e9fet de la C\u00f4te-d'Or ;\nVU  la circulaire du 2 f\u00e9vrier 2024 relative au calendrier des jours \u00ab  hors chantier  \u00bb pour\nl'ann\u00e9e 2024 et le mois de janvier 2025 ;\nVU la demande pr\u00e9sent\u00e9e par la M\u00e9tropole de Dijon - CEI de Dijon le 13 mars 2024 ;\nCONSID\u00c9RANT  que  pendant  les  travaux  de  nettoyage  et  de  balayage  des  r\u00e9seaux\nd'\u00e9vacuation des eaux pluviales, ainsi que la maintenance pr\u00e9ventive des \u00e9quipements de\ns\u00e9curit\u00e9  et  de  la  ventilation sur  la  M274,  entre  l'\u00e9changeur  n\u00b037  Ahuy  (PR13+050)  et\nl'\u00e9changeur  n\u00b034  Plombi\u00e8res  (PR  18+262),  il  y  a  lieu  de  pr\u00e9ciser  les  conditions  de\ncirculation, afin de pr\u00e9venir tout risque d'accident, de faciliter la bonne ex\u00e9cution des\ntravaux et d'assurer un \u00e9coulement satisfaisant du trafic ;\nCONSID\u00c9RANT  que  la  section  concern\u00e9e  par  les  op\u00e9rations  est  situ\u00e9e  hors\nagglom\u00e9ration ;\nSUR proposition de Madame la Directrice D\u00e9partementale des  Territoires  de la C\u00f4te-\nd'Or ;\nARR\u00caTE\nArticle 1 \nPendant l'ex\u00e9cution des op\u00e9rations ci-dessus d\u00e9sign\u00e9es, la circulation s'effectuera dans les\nconditions suivantes :\nDirection d\u00e9partementale des territoires de la C\u00f4te-d'Or\n57 rue de Mulhouse- BP 53317 - 21033 DIJON cedex\nt\u00e9l : 03 80 29 44 44 \u2013 Courriel : ddt@cote-dor.gouv.fr\nDirection d\u00e9partementale des territoires de la C\u00f4te-d'Or - 21-2024-03-26-00010 - AP 617 20240326 M274 EntretienEchangeur37-34 69\n3\nCoupure d'axe et fermeture de bretelles\nDans les sens 1 et 2, la M274 sera interdite \u00e0 la circulation du PR 13+300, \u00e9changeur n\u00b037\nAhuy (PR 13+050) au PR 18+280, \u00e9changeur n\u00b034 Plombi\u00e8res (PR 18+262).\nL'acc\u00e8s aux usagers \u00e0 la M274 par les bretelles N\u00b04 depuis les giratoires des \u00e9changeurs\nn\u00b037 Ahuy (PR 13+050), n\u00b035 Talant (PR 16+400) et n\u00b034 Plombi\u00e8res (PR 18+262) est interdit.\nL'acc\u00e8s  \u00e0  la  M274  par  les  bretelles  N\u00b02  de  l'\u00e9changeur  n\u00b036  Daix  (PR15+600)  et  de\nl'\u00e9changeur n\u00b037 Ahuy (PR 13+050) est interdit aux usagers.\nUne d\u00e9viation est mise en place \u00e0 l'attention des usagers par :\nDepuis l'\u00e9changeur n\u00b037 Ahuy (PR 13+200) :\n\u2022 M274 jusqu'\u00e0 l'\u00e9changeur n\u00b038 Pompidou (12+070) bretelle n\u00b03,\n\u2022 M974 (avenue de Langres / avenue du Drapeau),\n\u2022 boulevard Mar\u00e9chal Gallieni,\n\u2022 boulevard des Allobroges,\n\u2022 boulevard des Aiguilottes,\n\u2022 boulevard Fran\u00e7ois Pompon,\n\u2022 boulevard des Clomiers,\n\u2022 boulevard de Ch\u00e8vre Morte,\n\u2022 boulevard de l'Ouest,\n\u2022 M905 avenue Albert 1er,\n\u2022 M905 1er Consul,\n\u2022 M905 route de Dijon,\n\u2022 retour M274 via la bretelle d'acc\u00e8s de l'\u00e9changeur n\u00b034 Plombi\u00e8res les \nDijon.\nDepuis l'\u00e9changeur n\u00b036 Daix (PR 15+600) :\n\u2022 M107 (rue d'Hauteville, rue de Dijon),\n\u2022 boulevard des Allobroges,\n\u2022 boulevard Mar\u00e9chal Gallieni,\n\u2022 boulevard Pascal,\n\u2022 place Saint-Exup\u00e9ry,\n\u2022 boulevard Joffres,\n\u2022 M974 (Avenue de Langres),\n\u2022 retour sur M274 via la bretelle 4 de l'\u00e9changeur n\u00b038 Pompidou.\nDepuis l'\u00e9changeur n\u00b035 Talant (PR 16+237), direction Lyon :\n\u2022 M971 (boulevard de Troyes),\n\u2022 boulevard Fran\u00e7ois Pompom,\n\u2022 boulevard des Aiguillotes,\n\u2022 boulevard des Allobroges,\n\u2022 boulevard Mar\u00e9chal Gallieni,\n\u2022 boulevard Pascal,\n\u2022 place Saint-Exup\u00e9ry,\nDirection d\u00e9partementale des territoires de la C\u00f4te-d'Or\n57 rue de Mulhouse- BP 53317 - 21033 DIJON cedex\nt\u00e9l : 03 80 29 44 44 \u2013 Courriel : ddt@cote-dor.gouv.fr\nDirection d\u00e9partementale des territoires de la C\u00f4te-d'Or - 21-2024-03-26-00010 - AP 617 20240326 M274 EntretienEchangeur37-34 70\n4\n\u2022 boulevard Mar\u00e9chal Joffres,\n\u2022 M974 (Avenue de Langres),\n\u2022 retour sur M274 via la bretelle 4 de l'\u00e9changeur n\u00b038 Pompidou.\n    Depuis l'\u00e9changeur n\u00b035 Talant (PR 16+237), direction Paris :\n\u2022 M971 (boulevard de Troyes),\n\u2022 boulevard des Clomiers,\n\u2022 boulevard de Ch\u00e8vre Morte,\n\u2022 boulevard de l'Ouest,\n\u2022 M905 avenue Albert 1er,\n\u2022 M905 1er Consul,\n\u2022 M905 route de Dijon,\n\u2022 retour  sur  M274  via  bretelle  d'acc\u00e8s  de  l'\u00e9changeur  n\u00b034\nPlombi\u00e8res- les-Dijon.\nDepuis l'\u00e9changeur n\u00b034 Plombi\u00e8res les Dijon (PR 18+262) :\n\u2022 M905 route de Dijon,\n\u2022 M905 1er consul,\n\u2022 M905 avenue Albert 1er,\n\u2022 boulevard de l'Ouest,\n\u2022 boulevard de Ch\u00e8vre Morte,\n\u2022 boulevard des Clomiers,\n\u2022 boulevard Fran\u00e7ois Pompom,\n\u2022 boulevard des Aiguillotes,\n\u2022 boulevard des Allobroges,\n\u2022 boulevard Mar\u00e9chal Gallieni,\n\u2022 boulevard Pascal,\n\u2022 place Saint Exup\u00e9ry,\n\u2022 boulevard Mar\u00e9chal Joffres,\n\u2022 M974 (avenue de Langres),\n\u2022 retour sur N274 via la bretelle 4 de l'\u00e9changeur n\u00b038 Pompidou.\nRestriction de circulation\nLa circulation sur les giratoires d'Ahuy, Talant et Plombi\u00e8res les Dijon sera \nmaintenue.\nArticle 2 \nLes dispositions du pr\u00e9sent arr\u00eat\u00e9 s'appliqueront dans les 2 Sens, 4 nuits du lundi 8 avril au\nvendredi 12 avril 2024 de 21h \u00e0 06h00.\nArticle 3 \nCertaines  phases  pr\u00e9paratoires  ou  de  mise  en  place  de  la  signalisation  du  chantier\npourront  n\u00e9cessiter  des  r\u00e9ductions  momentan\u00e9es  de  chauss\u00e9e  ou  des  interruptions\ncourtes de circulation.\nDirection d\u00e9partementale des territoires de la C\u00f4te-d'Or\n57 rue de Mulhouse- BP 53317 - 21033 DIJON cedex\nt\u00e9l : 03 80 29 44 44 \u2013 Courriel : ddt@cote-dor.gouv.fr\nDirection d\u00e9partementale des territoires de la C\u00f4te-d'Or - 21-2024-03-26-00010 - AP 617 20240326 M274 EntretienEchangeur37-34 71\n5\nArticle 4 \nSur le parcours des sections soumises \u00e0 ces restrictions provisoires, les conducteurs des\nv\u00e9hicules devront le cas \u00e9ch\u00e9ant, se conformer aux indications des services de police et\ndes  agents  de la direction  interd\u00e9partementale des  routes  Centre-Est,  tant en ce qui\nconcerne le trajet \u00e0 suivre que l'arr\u00eat s'il leur est prescrit.\nArticle 5 \nLe passage des convois exceptionnels sera interdit sur l'itin\u00e9raire de d\u00e9viation.\nArticle 6 \nLa  signalisation  r\u00e9glementaire,  conforme  \u00e0  l'instruction  interminist\u00e9rielle  (Livre I  \u2013  8e\npartie) approuv\u00e9e par arr\u00eat\u00e9 interminist\u00e9riel le 6 novembre 1992 et aux manuels du chef\nde chantier, sera fournie, mise en place et maintenue par le CEI de Dijon.\nArticle 7\nLes infractions au pr\u00e9sent arr\u00eat\u00e9 seront constat\u00e9es par proc\u00e8s-verbaux dress\u00e9s par les\nforces de l'ordre.\nArticle 8 \nLors de l'ach\u00e8vement des travaux et avant le r\u00e9tablissement normal de la circulation, la\nchauss\u00e9e devra \u00eatre propre et satisfaire aux conditions normales de s\u00e9curit\u00e9.\nArticle 9 \nLe pr\u00e9sent arr\u00eat\u00e9 sera affich\u00e9 aux abords imm\u00e9diats du chantier.\nArticle 10\nLe pr\u00e9sent arr\u00eat\u00e9 peut faire l'objet d'un recours gracieux aupr\u00e8s  du pr\u00e9fet et/ou d'un\nrecours contentieux devant le tribunal administratif dans un d\u00e9lai de 2 mois \u00e0 compter de\nsa notification.\nLe tribunal administratif peut \u00eatre saisi par un recours d\u00e9pos\u00e9 via l'application T\u00e9l\u00e9recours\ncitoyens accessible par le site internet www.telerecours.fr \u00bb.\nArticle 11\n- Le Directeur de Cabinet du pr\u00e9fet de la C\u00f4te-d'Or,\n- La Directrice Interd\u00e9partementale des Routes Centre-Est,\n- Le Directeur Interd\u00e9partemental de la Police Nationale,\nDirection d\u00e9partementale des territoires de la C\u00f4te-d'Or\n57 rue de Mulhouse- BP 53317 - 21033 DIJON cedex\nt\u00e9l : 03 80 29 44 44 \u2013 Courriel : ddt@cote-dor.gouv.fr\nDirection d\u00e9partementale des territoires de la C\u00f4te-d'Or - 21-2024-03-26-00010 - AP 617 20240326 M274 EntretienEchangeur37-34 72\n6\n- Le  Commandant  de  la  R\u00e9gion  de  Gendarmerie  de  Bourgogne-Franche-Comt\u00e9  et  du\nGroupement de C\u00f4te-d'Or,\n- Le Pr\u00e9sident de Dijon M\u00e9tropole,\n- Le Directeur de l'entreprise adjudicataire des travaux,\nsont charg\u00e9s, chacun en ce qui le concerne, de l'ex\u00e9cution du pr\u00e9sent arr\u00eat\u00e9.\nLe pr\u00e9sent arr\u00eat\u00e9 sera publi\u00e9 au recueil des actes administratifs de la Pr\u00e9fecture de la\nC\u00f4te-d'Or.\nUne copie du pr\u00e9sent arr\u00eat\u00e9 sera adress\u00e9e pour information :\n- au Service D\u00e9partemental d'Incendie et de Secours de la C\u00f4te-d'Or,\n- \u00e0 la direction du SAMU de Dijon,\n- au Service R\u00e9gional d'Exploitation de Moulins de la DIR Centre-Est (Cellule Gestion de la\nRoute, PC et district de M\u00e2con),\n- au service exploitation et s\u00e9curit\u00e9/cellule exploitation et gestion du trafic de la DIR\nCentre-Est,\n- au CEI de Dijon M\u00e9tropole,\n- \u00e0 la direction de l'exploitation de Dijon M\u00e9tropole,\n- aux communes de Ahuy, Fontaine-les-Dijon, Daix, Talant et Plombi\u00e8res-les-Dijon.\nFait \u00e0 Dijon, le 26 mars 2024\nLe pr\u00e9fet,\nPour le pr\u00e9fet, par d\u00e9l\u00e9gation,\nLe directeur de cabinet,\nSIGN\u00c9\nOlivier GERSTLE\nDirection d\u00e9partementale des territoires de la C\u00f4te-d'Or\n57 rue de Mulhouse- BP 53317 - 21033 DIJON cedex\nt\u00e9l : 03 80 29 44 44 \u2013 Courriel : ddt@cote-dor.gouv.fr\nDirection d\u00e9partementale des territoires de la C\u00f4te-d'Or - 21-2024-03-26-00010 - AP 617 20240326 M274 EntretienEchangeur37-34 73\nDirection d\u00e9partementale des territoires de la\nC\u00f4te-d'Or\nService S\u00e9curit\u00e9 et \u00c9ducation Routi\u00e8re\n21-2024-03-26-00011\nAP 619 20240326 RAA A6 RepriseChauss\u00e9es\nDirection d\u00e9partementale des territoires de la C\u00f4te-d'Or - 21-2024-03-26-00011 - AP 619 20240326 RAA A6 RepriseChauss\u00e9es 74\nPREFETDE LACOTE-D'ORL,z'berte'Egalit\u00e9Fraternit\u00e9\nDirection d\u00e9partementale des territoires\nde la C\u00f4te-d'Or\nService de la S\u00e9curit\u00e9 et de l'\u00c9ducation Routi\u00e8re\nBureau de la S\u00e9curit\u00e9 Routi\u00e8re\nT\u00e9l. : 03 80 29 44 75\nM\u00e9l : vanessa2.martin@cote-dor.gouv.fr \nDijon, le 26 mars 2024\nArr\u00eat\u00e9 N\u00b0619\nportant r\u00e9glementation temporaire de la circulation sur l'autoroute A6 entre les PR 279 et\n284 dans le sens 1 (Paris/Lyon) \u00e0 l'occasion de travaux de reprise de chauss\u00e9es.\n \nLe pr\u00e9fet de la C\u00f4te-d'Or\nVU le Code de la Route, notamment ses articles R411-8 et R411-25 ;\nVU l'Arr\u00eat\u00e9 Interminist\u00e9riel du  24 novembre 1967  modifi\u00e9 relatif  \u00e0  la signalisation  des\nroutes et autoroutes ;\nVU l'Instruction  Interminist\u00e9rielle  sur  la  signalisation  routi\u00e8re  (Livre  1,  8\u00e8me  partie,\nsignalisation  temporaire)  approuv\u00e9e  par  l'Arr\u00eat\u00e9  Interminist\u00e9riel  du  6  novembre  1992\nmodifi\u00e9 ;\nVU la note technique du 14 avril 2016 du Minist\u00e8re de l'Environnement de l'\u00c9nergie et de la\nMer, relative \u00e0 la coordination des chantiers sur le r\u00e9seau national ;\nVU l'arr\u00eat\u00e9 pr\u00e9fectoral n\u00b0612 du 20 ao\u00fbt 2019 portant r\u00e9glementation permanente de la\ncirculation pour l'exploitation des chantiers courants sur les autoroutes conc\u00e9d\u00e9es \u00e0 APRR\ndans le d\u00e9partement de la C\u00f4te-d'Or ;\nVU l'arr\u00eat\u00e9 pr\u00e9fectoral n\u00b0 1438/SG du 29 septembre 2023 donnant d\u00e9l\u00e9gation de signature\n\u00e0 Madame Florence LAUBIER, Directrice D\u00e9partementale des Territoires de la C\u00f4te-d'Or ;\nVU l'arr\u00eat\u00e9 pr\u00e9fectoral n\u00b043 du 10 janvier 2024 portant d\u00e9l\u00e9gation de signature aux agents\nDirection d\u00e9partementale des territoires de la C\u00f4te-d'Or\n57 rue de Mulhouse- BP 53317 - 21033 DIJON cedex\nt\u00e9l : 03 80 29 44 44 \u2013 Courriel : ddt@cote-dor.gouv.fr\nDirection d\u00e9partementale des territoires de la C\u00f4te-d'Or - 21-2024-03-26-00011 - AP 619 20240326 RAA A6 RepriseChauss\u00e9es 75\n2\nde la Direction D\u00e9partementale des Territoires de la C\u00f4te-d'Or ;\nVU la note du 2 f\u00e9vrier 2024 du Minist\u00e8re de la Transition \u00c9cologique et Solidaire, Minist\u00e8re\ncharg\u00e9 des Transports, fixant le calendrier des jours hors chantiers pour l'ann\u00e9e 2024 ;\nVU la demande en date du 15 mars 2024 de Monsieur le Directeur d'exploitation d'APRR ;\nVU l'avis  favorable de Monsieur  le Sous-Directeur  de la gestion du  r\u00e9seau  autoroutier\nconc\u00e9d\u00e9 du Minist\u00e8re de la Transition \u00c9cologique et Solidaire en date du 18 mars 2024 ;\nVU l'avis favorable du peloton autoroutier de gendarmerie de Pouilly-en-Auxois en date du\n20 mars 2024 ;\nCONSID\u00c9RANT  que  le  chantier  ne  remplit  pas  l'une  ou  plusieurs  des  conditions\ncaract\u00e9ristiques des chantiers courants au sens de la note technique du 14 avril relative \u00e0\nla coordination des chantiers sur le r\u00e9seau routier national  et qu'il est donc class\u00e9 en\n\u00ab chantier non courant \u00bb ;\nCONSID\u00c9RANT qu'il y a lieu d'assurer la s\u00e9curit\u00e9 et la protection des usagers, des agents\nd'APRR et des entreprises charg\u00e9es de l'ex\u00e9cution des travaux et de r\u00e9duire, autant que\npossible, les entraves \u00e0 la circulation provoqu\u00e9es par les travaux ;\nSUR proposition de Madame la Directrice D\u00e9partementale des  Territoires  de la C\u00f4te-\nd'Or ;\nARR\u00caTE\nArticle 1  er     :  \nDu lundi 8 au vendredi 12 avril 2024, APRR effectuera des travaux de reprise de chauss\u00e9es\nsur A6, du PR 279+850 au PR284+965 dans le sens de circulation Paris vers Lyon (Sens 1).\nEn cas d'al\u00e9as m\u00e9t\u00e9o ou technique le chantier pourra \u00eatre prolong\u00e9 jusqu'au vendredi 19\navril.\nArticle 2     :  \nLe chantier est class\u00e9 en \u00ab  chantier non courant  \u00bb en raison de la d\u00e9rogation aux articles\nde l'arr\u00eat\u00e9 permanent d'exploitation sous chantier suivants:\n\u2022 L'inter distance entre ce chantier et un autre chantier pourra \u00eatre r\u00e9duite \u00e0 3 km,\n\u2022 L'aire de repos de la Garenne pourra \u00eatre ferm\u00e9e pendant une dur\u00e9e sup\u00e9rieure \u00e0\n48h,\n\u2022 Longueur de restriction sup\u00e9rieur \u00e0 6km,\nDirection d\u00e9partementale des territoires de la C\u00f4te-d'Or\n57 rue de Mulhouse- BP 53317 - 21033 DIJON cedex\nt\u00e9l : 03 80 29 44 44 \u2013 Courriel : ddt@cote-dor.gouv.fr\nDirection d\u00e9partementale des territoires de la C\u00f4te-d'Or - 21-2024-03-26-00011 - AP 619 20240326 RAA A6 RepriseChauss\u00e9es 76\n3\nArticle 3     :  \nPour l'ex\u00e9cution des travaux, les mesures d'exploitation et de police suivantes seront mises\nen \u0153uvre :\nSEMAINE P\u00e9riode \u00a0\n\u00a0\nFermeture\u00a0\nAire\n\u00a0 \u00a0 Balisage\u00a0 PR\u00a0D\u00e9but\u00a0de\u00a0\nbalisage\nITPC\nPR\u00a0Fin\u00a0de\u00a0\nbalisage \u00a0\n15 8/04 au 12/04\nBascullement \n(1+1/0) sens \n1/sens2\nS1 277+900\n278+950 284+965\n285+200\nAire de la \nGarenne\nS2 285+600 278+600\nArticle 4 :\nDes mesures d'information des usagers seront prises par le canal :\n- de messages sur les Panneaux \u00e0 Messages Variables (PMV) situ\u00e9s en section courante\nde l'autoroute,\n- de messages sur PMVA situ\u00e9 en entr\u00e9e des gares de p\u00e9age,\n- de messages sur \u00ab Autoroute Info 107 .7 \u00bb,\n- du service d'information vocale autoroutier,\n- du site internet www.aprr.fr.\nArticle 5     :  \nLa Direction D\u00e9partementale des Territoires de la C\u00f4te-d'Or devra \u00eatre avertie \u00e0 l'avance\nde la mise en place ou du report et en temps r\u00e9el de la fin des mesures d'exploitation,\nainsi  qu'en  cas  d'\u00e9v\u00e9nement  entra\u00eenant  une  g\u00eane  importante  \u00e0  la  circulation,\nparticuli\u00e8rement en cas d'application du Plan de Gestion de Trafic, et des mesures prises \u00e0\ncet effet.\nArticle 6     :  \nLa signalisation des chantiers devra \u00eatre conforme aux prescriptions r\u00e9glementaires, en\nparticulier \u00e0 celles de l'Instruction Interminist\u00e9rielle sur la Signalisation Routi\u00e8re (8\u00e8me\npartie - Signalisation Temporaire) ainsi qu'aux guides techniques du SETRA subs\u00e9quents :\n- Routes \u00e0 chauss\u00e9es s\u00e9par\u00e9es \u2013 Manuel du Chef de Chantier,\n- Choix d'un mode d'exploitation.\nLa mise en place et le maintien de la signalisation temporaire de ces chantiers seront\nassur\u00e9s sous le contr\u00f4le et la responsabilit\u00e9 des services d'APRR.\nLes forces de l'ordre seront pr\u00e9sentes pour accompagner les agents d'APRR afin de faire\nrespecter  les  mesures  de  police  n\u00e9cessaires  \u00e0  la  mise  en  place  des  balisages  et\nDirection d\u00e9partementale des territoires de la C\u00f4te-d'Or\n57 rue de Mulhouse- BP 53317 - 21033 DIJON cedex\nt\u00e9l : 03 80 29 44 44 \u2013 Courriel : ddt@cote-dor.gouv.fr\nDirection d\u00e9partementale des territoires de la C\u00f4te-d'Or - 21-2024-03-26-00011 - AP 619 20240326 RAA A6 RepriseChauss\u00e9es 77\n4\nsignalisations temporaires (ralentissement de la circulation, fermeture de section courante\nou de bretelles) ainsi qu'\u00e0 la r\u00e9alisation des travaux.\nToutefois,  dans  l'hypoth\u00e8se  o\u00f9,  une  fois  requises,  les  forces  de  l'ordre,  seraient  dans\nl'impossibilit\u00e9  d'\u00eatre  pr\u00e9sentes,  les  agents  d'APRR  seront  autoris\u00e9s  \u00e0  r\u00e9aliser  seuls  ces\nop\u00e9rations.\nArticle 7     :  \nLe pr\u00e9sent arr\u00eat\u00e9 peut faire l'objet d'un recours gracieux aupr\u00e8s  du pr\u00e9fet et/ou d'un\nrecours contentieux devant le tribunal administratif dans un d\u00e9lai de 2 mois \u00e0 compter de\nsa notification.\nLe tribunal administratif peut \u00eatre saisi par un recours d\u00e9pos\u00e9 via l'application T\u00e9l\u00e9recours\ncitoyens accessible par le site internet www.telerecours.fr \u00bb.\nArticle 8     :  \n-  Le Directeur de Cabinet du pr\u00e9fet de la C\u00f4te-d'Or,\n-  Le Commandant  de  la  R\u00e9gion  de  Gendarmerie  de  Bourgogne-Franche-Comt\u00e9  et  du\nGroupement de la C\u00f4te-d'Or,\n-  Le Directeur d'exploitation d'APRR,\nsont charg\u00e9s, chacun en ce qui le concerne, de l'ex\u00e9cution du pr\u00e9sent arr\u00eat\u00e9.\nLe pr\u00e9sent arr\u00eat\u00e9 sera publi\u00e9 au recueil des actes administratifs de la Pr\u00e9fecture de la\nC\u00f4te-d'Or.\nUne copie du pr\u00e9sent arr\u00eat\u00e9 sera adress\u00e9e pour information :\n- au Directeur G\u00e9n\u00e9ral des Infrastructures des Transports et de la Mer du MTECT,\n- au Directeur D\u00e9partemental des Services d'Incendie et de Secours de la C\u00f4te-d'Or,\n- au SAMU de Dijon.\nFait \u00e0 Dijon, le 26 mars 2024\nLe pr\u00e9fet,\nPour le pr\u00e9fet, par d\u00e9l\u00e9gation,\nLa directrice d\u00e9partementale adjointe des\nterritoires,\nSIGN\u00c9\nNadine MUCKENSTURM\nDirection d\u00e9partementale des territoires de la C\u00f4te-d'Or\n57 rue de Mulhouse- BP 53317 - 21033 DIJON cedex\nt\u00e9l : 03 80 29 44 44 \u2013 Courriel : ddt@cote-dor.gouv.fr\nDirection d\u00e9partementale des territoires de la C\u00f4te-d'Or - 21-2024-03-26-00011 - AP 619 20240326 RAA A6 RepriseChauss\u00e9es 78\nDirection d\u00e9partementale des territoires de la\nC\u00f4te-d'Or\nService S\u00e9curit\u00e9 et \u00c9ducation Routi\u00e8re\n21-2024-04-04-00007\nAP 637 20240404 A36A39 Noeud\nDirection d\u00e9partementale des territoires de la C\u00f4te-d'Or - 21-2024-04-04-00007 - AP 637 20240404 A36A39 Noeud 79\nPREFETDE LACOTE-D'ORL,z'berte'Egalit\u00e9Fraternit\u00e9\nDirection d\u00e9partementale des territoires\nde la C\u00f4te-d'Or\nService de la S\u00e9curit\u00e9 et de l'\u00c9ducation Routi\u00e8re\nBureau de la S\u00e9curit\u00e9 Routi\u00e8re\nT\u00e9l. : 03 80 29 44 75\nM\u00e9l : vanessa2.martin@cote-dor.gouv.fr \nDijon, le 4 avril 2024\nArr\u00eat\u00e9 N\u00b0637\nportant r\u00e9glementation temporaire de la circulation sur les autoroutes A36 et A39, n\u0153ud\nA36/A39 \u00e0 l'occasion des travaux sur des ouvrages (joint de chauss\u00e9e, lev\u00e9e des mentions\nS, signalisation) situ\u00e9s sur A36 au PR 175+890 et A39, entre les PR 32+969 et 33+577 , des\ntravaux de r\u00e9fection de chauss\u00e9e dans la bretelle B39F du n\u0153ud A36/A39 entre les PR\n0+400 et 1+100 ainsi que des travaux de signalisation horizontale sur la collectrice de\nl'A39 et les bretelles B36B et B39H du n\u0153ud A36/A39.\n \nLe pr\u00e9fet de la C\u00f4te-d'Or\nVU le Code de la Route, notamment ses articles R411-8 et R411-25 ;\nVU l'Arr\u00eat\u00e9 Interminist\u00e9riel du  24 novembre 1967  modifi\u00e9 relatif  \u00e0  la signalisation  des\nroutes et autoroutes ;\nVU l'Instruction  Interminist\u00e9rielle  sur  la  signalisation  routi\u00e8re  (Livre  1,  8\u00e8me  partie,\nsignalisation  temporaire)  approuv\u00e9e  par  l'Arr\u00eat\u00e9  Interminist\u00e9riel  du  6  novembre  1992\nmodifi\u00e9 ;\nVU la note technique du 14 avril 2016 du Minist\u00e8re de l'Environnement de l'\u00c9nergie et de la\nMer, relative \u00e0 la coordination des chantiers sur le r\u00e9seau national ;\nVU l'arr\u00eat\u00e9 pr\u00e9fectoral n\u00b0612 du 20 ao\u00fbt 2019 portant r\u00e9glementation permanente de la\ncirculation pour l'exploitation des chantiers courants sur les autoroutes conc\u00e9d\u00e9es \u00e0 APRR\ndans le d\u00e9partement de la C\u00f4te-d'Or ;\nDirection d\u00e9partementale des territoires de la C\u00f4te-d'Or\n57 rue de Mulhouse- BP 53317 - 21033 DIJON cedex\nt\u00e9l : 03 80 29 44 44 \u2013 Courriel : ddt@cote-dor.gouv.fr\nDirection d\u00e9partementale des territoires de la C\u00f4te-d'Or - 21-2024-04-04-00007 - AP 637 20240404 A36A39 Noeud 80\n2\nVU l'arr\u00eat\u00e9 pr\u00e9fectoral n\u00b0 1438/SG du 29 septembre 2023 donnant d\u00e9l\u00e9gation de signature\n\u00e0 Madame Florence LAUBIER, Directrice D\u00e9partementale des Territoires de la C\u00f4te-d'Or ;\nVU l'arr\u00eat\u00e9 pr\u00e9fectoral n\u00b043 du 10 janvier 2024 portant d\u00e9l\u00e9gation de signature aux agents\nde la Direction D\u00e9partementale des Territoires de la C\u00f4te-d'Or ;\nVU la note du 2 f\u00e9vrier 2024 du Minist\u00e8re de la Transition \u00c9cologique et Solidaire, Minist\u00e8re\ncharg\u00e9 des Transports, fixant le calendrier des jours hors chantiers pour l'ann\u00e9e 2024 ;\nVU la demande en date du 8 mars 2024 de Monsieur le Directeur d'exploitation d'APRR ;\nVU l'avis favorable du peloton autoroutier de gendarmerie de Beaune en date du 8 mars\n2024 ;\nVU  les avis favorables des communes de SEURRE et SAINT-USAGE en date du 8 mars\n2024 ;\nVU l'avis favorable de la commune de SAINT-JEAN-DE-LOSNE en date du 11 mars 2024 ;\nVU l'avis  favorable de Monsieur  le Sous-Directeur  de la gestion du  r\u00e9seau  autoroutier\nconc\u00e9d\u00e9 du Minist\u00e8re de la Transition \u00c9cologique et Solidaire en date du 11 mars 2024 ;\nVU l'avis favorable de la commune de CHOISEY en date du 17 mars 2024 ;\nVU l'avis favorable du Conseil D\u00e9partemental du Jura en date du 18 mars 2024 ;\nVU l'avis favorable des communes de CHAMPDOTRE et DOLE en date du 25 mars 2024 ;\n \nVU l'avis favorable de la commune de TROUHANS en date du 29 mars 2024 ;\nVU l'avis favorable du Conseil D\u00e9partemental de la C\u00f4te-d'Or en date du 3 avril 2024 ;\nVU les  avis  r\u00e9put\u00e9s  favorables  des  communes  de  CHEMIN,  JALLANGES  et  PAGNY-LE-\nCHATEAU ;\nCONSID\u00c9RANT  que dans  le cadre  des  travaux  sur  des  ouvrages  situ\u00e9s  sur  A36  au  PR\n175+890 et A39, entre les PR 32+969 et 33+577 , des travaux de r\u00e9fection de chauss\u00e9e dans la\nbretelle B39F du n\u0153ud A36/A39 entre les PR 0+400 et 1+100 ainsi que des travaux de\nsignalisation horizontale sur la collectrice de l'A39 et les bretelles B36B et B39H du n\u0153ud\nA36/A39 il y a lieu de r\u00e9glementer la circulation afin d'assurer la s\u00e9curit\u00e9 et la protection des\nusagers, des agents d'APRR et des entreprises charg\u00e9es de l'ex\u00e9cution des travaux et de\nr\u00e9duire, autant que possible, les entraves \u00e0 la circulation provoqu\u00e9es par les travaux ;\nCONSID\u00c9RANT  que  le  chantier  ne  remplit  pas  l'une  ou  plusieurs  des  conditions\ncaract\u00e9ristiques des chantiers courants au sens de la note technique du 14 avril relative \u00e0\nDirection d\u00e9partementale des territoires de la C\u00f4te-d'Or\n57 rue de Mulhouse- BP 53317 - 21033 DIJON cedex\nt\u00e9l : 03 80 29 44 44 \u2013 Courriel : ddt@cote-dor.gouv.fr\nDirection d\u00e9partementale des territoires de la C\u00f4te-d'Or - 21-2024-04-04-00007 - AP 637 20240404 A36A39 Noeud 81\n3\nla coordination des chantiers sur le r\u00e9seau routier national  et qu'il est donc class\u00e9 en\n\u00ab chantier non courant \u00bb ;\nSUR proposition de Madame la Directrice D\u00e9partementale des  Territoires  de la C\u00f4te-\nd'Or ;\nARR\u00caTE\nArticle 1  er     :  \nPour l'ex\u00e9cution des travaux susvis\u00e9s, des restrictions de circulations sont programm\u00e9es\ndu lundi 8 au vendredi 12 avril 2024 . L es mesures d'exploitation et de police suivantes\nseront mises en \u0153uvre :\nSem\n.\nDate phasage (jj-mm hh-\nmin)\nAxe Sen\ns\nPR \nd\u00e9but \nbalisage \n(1er \nc\u00f4ne)\nPR Fin \nde \nbalisage \n(B31)\nMode d'exploitation\nheure\nd\u00e9but\nbalisage\nheure  fin\nbalisage\n15\n09/04/2024\n, 12h00\n12/04/2024\n, 14h00\nA39 2 34+600 32+700 Neutralisation voie de \ndroite\n08/04/202\n4, 14h00\n08/04/202\n4, 18h30\nBretelle\nB39F\n1 0+000 0+400 Neutralisation voie de \ngauche (en vue de la \nfermeture \u00e0 18h30)\n08/04/202\n4, 18h30\n09/0/2024,\n07h30\nBretelle\nB39F\n \n \nFermeture bretelle \nB39F\n09/04/2024\n, 18h30\n10/04/2024\n, 07h30\nBretelles\nB39F;\nB36B;\nB39H\ncollectric\ne\nFermeture bretelles \nB39F, B36B et B39H et \ncollectrice A3910/04/2024\n, 18h30\n11/04/2024,\n07h30\n11/04/2024,\n18h30\n12/04/2024\n, 07h30\nBretelle\nB39F  \n \nFermeture  bretelle\nB39F\n10/04/2024\n, 07h30\n10/04/2024\n, 18h30\nBretelle\nB39F  \n \nNeutralisation d'une \nvoie (pour prot\u00e9ger le \n1er 1/2 joint fait de nuit)\n11/04/2024,\n07h30\n11/04/2024,\n18h30\nBretelle\nB39F  \n \nNeutralisation d'une \nvoie (pour prot\u00e9ger le \n2\u00e8me 1/2 joint fait de \nnuit)\nB39F: en provenance de Mulhouse sur A36 permet de rejoindre l'A39 en direction de\nBourg,\nB39H: en provenance de Beaune sur A36 permet de rejoindre l'A39 en direction de Dijon,\nB36B : en provenance de Bourg sur A39 permet de rejoindre l'A36 en direction de Beaune.\nDirection d\u00e9partementale des territoires de la C\u00f4te-d'Or\n57 rue de Mulhouse- BP 53317 - 21033 DIJON cedex\nt\u00e9l : 03 80 29 44 44 \u2013 Courriel : ddt@cote-dor.gouv.fr\nDirection d\u00e9partementale des territoires de la C\u00f4te-d'Or - 21-2024-04-04-00007 - AP 637 20240404 A36A39 Noeud 82\n4\nEn cas d'al\u00e9as m\u00e9t\u00e9o rologiques ou techniques le chantier pourra \u00eatre prolong\u00e9 dans la\nnuit  du  jeudi  11  au  vendredi  12 avril,  entre  18h30  et  07h30  (fermetures  des  bretelles\nB36B/B39H et collectrice) ou report dans sa globalit\u00e9 en semaine 16, du lundi 15 avril au\nvendredi 19 avril, selon le m\u00eame phasage que pr\u00e9c\u00e9demment.  Le concessionnaire sera\nalors tenu d'en informer par courriel la direction d\u00e9partementale de la C\u00f4te-d'Or ainsi que\nles services consult\u00e9s pour la signature de cet arr\u00eat\u00e9.\nArticle 2     :  \nLe chantier est class\u00e9 en \u00ab  chantier non courant  \u00bb en raison de la d\u00e9rogation aux articles\nde l'arr\u00eat\u00e9 permanent d'exploitation sous chantier suivants:\n\u2022 6, relatif au d\u00e9tournement du trafic sur le r\u00e9seau ordinaire que le chantier entraine,\n\u2022 12, relatif \u00e0 l'inter distance qui pourra \u00eatre inf\u00e9rieure \u00e0 la r\u00e9glementation en vigueur,\nsans pour autant \u00eatre inf\u00e9rieure \u00e0 3 kilom\u00e8tres et ce afin de permettre la r\u00e9alisation\nconcomitante des travaux, objet du pr\u00e9sent arr\u00eat\u00e9 et d'autres chantiers de r\u00e9para -\ntion et d'entretien, courant ou non courant ne laissant libre que deux ou une voie\nde circulation.\nArticle 3     :  \nDes  d\u00e9viations  seront  associ\u00e9es  aux  fermetures  des  bretelles  de  l'\u00e9changeur  A36/A39\nSaint-Seine-en-B\u00e2che :\n- Pour la bretelle B39F Mulhouse vers Bourg-en Bresse : sortir au diffuseur N\u00b02 Dole sur A36\net rejoindre le diffuseur N\u00b06 Dole-Choisey sur A39 via l'itin\u00e9raire S1 en suivant les RD475,\nRD673 et RD905,\n- Pour la bretelle B39H Beaune vers Dijon : sortir au diffuseur N\u00b01 Seurre sur A36 et \nrejoindre le diffuseur N\u00b05 Soirans sur A39 par D976, D968 et D905,\n- Pour la bretelle  B39B Bourg-en Bresse vers Beaune  : sortir au diffuseur N\u00b06 Dole-Choisey\nsur A39 pour rejoindre le diffuseur N\u00b01 Seurre sur A36 par la D673, D973 et D976.\nArticle 4 :\nLors de l'ach\u00e8vement des travaux et avant le r\u00e9tablissement normal de la circulation, la\nchauss\u00e9e devra \u00eatre propre et satisfaire aux normes de s\u00e9curit\u00e9 en vigueur.\nArticle 5 :\nDes mesures d'information des usagers seront prises par le canal :\n- de messages sur les Panneaux \u00e0 Messages Variables (PMV) situ\u00e9s en section courante\nde l'autoroute,\n- de messages sur PMVA situ\u00e9 en entr\u00e9e des gares de p\u00e9age,\n- de messages sur \u00ab Autoroute Info 107 .7 \u00bb,\n- du service d'information vocale autoroutier,\nDirection d\u00e9partementale des territoires de la C\u00f4te-d'Or\n57 rue de Mulhouse- BP 53317 - 21033 DIJON cedex\nt\u00e9l : 03 80 29 44 44 \u2013 Courriel : ddt@cote-dor.gouv.fr\nDirection d\u00e9partementale des territoires de la C\u00f4te-d'Or - 21-2024-04-04-00007 - AP 637 20240404 A36A39 Noeud 83\n5\n- du site internet www.aprr.fr.\nArticle 6     :  \nLa Direction D\u00e9partementale des Territoires de la C\u00f4te-d'Or devra \u00eatre avertie \u00e0 l'avance\nde la mise en place ou du report et en temps r\u00e9el de la fin des mesures d'exploitation,\nainsi  qu'en  cas  d'\u00e9v\u00e9nement  entra\u00eenant  une  g\u00eane  importante  \u00e0  la  circulation,\nparticuli\u00e8rement en cas d'application du Plan de Gestion de Trafic, et des mesures prises \u00e0\ncet effet.\nArticle 7     :  \nLa signalisation des chantiers devra \u00eatre conforme aux prescriptions r\u00e9glementaires, en\nparticulier \u00e0 celles de l'Instruction Interminist\u00e9rielle sur la Signalisation Routi\u00e8re (8\u00e8me\npartie - Signalisation Temporaire) ainsi qu'aux guides techniques du SETRA subs\u00e9quents :\n- Routes \u00e0 chauss\u00e9es s\u00e9par\u00e9es \u2013 Manuel du Chef de Chantier,\n- Choix d'un mode d'exploitation.\nLa mise en place et le maintien de la signalisation temporaire de ces chantiers seront\nassur\u00e9s sous le contr\u00f4le et la responsabilit\u00e9 des services d'APRR.\nLes forces de l'ordre seront pr\u00e9sentes pour accompagner les agents d'APRR afin de faire\nrespecter  les  mesures  de  police  n\u00e9cessaires  \u00e0  la  mise  en  place  des  balisages  et\nsignalisations temporaires (ralentissement de la circulation, fermeture de section courante\nou de bretelles) ainsi qu'\u00e0 la r\u00e9alisation des travaux.\nToutefois,  dans  l'hypoth\u00e8se  o\u00f9,  une  fois  requises,  les  forces  de  l'ordre,  seraient  dans\nl'impossibilit\u00e9  d'\u00eatre  pr\u00e9sentes,  les  agents  d'APRR  seront  autoris\u00e9s  \u00e0  r\u00e9aliser  seuls  ces\nop\u00e9rations.\nArticle 8     :  \nLe pr\u00e9sent arr\u00eat\u00e9 peut faire l'objet d'un recours gracieux aupr\u00e8s  du pr\u00e9fet et/ou d'un\nrecours contentieux devant le tribunal administratif dans un d\u00e9lai de 2 mois \u00e0 compter de\nsa notification.\nLe tribunal administratif peut \u00eatre saisi par un recours d\u00e9pos\u00e9 via l'application T\u00e9l\u00e9recours\ncitoyens accessible par le site internet www.telerecours.fr \u00bb.\nArticle 9     :  \n-  Le Directeur de Cabinet du pr\u00e9fet de la C\u00f4te-d'Or,\n- Le Commandant  de  la  R\u00e9gion  de  Gendarmerie  de  Bourgogne-Franche-Comt\u00e9  et  du\nGroupement de la C\u00f4te-d'Or,\n-  Le Directeur d'exploitation d'APRR,\nsont charg\u00e9s, chacun en ce qui le concerne, de l'ex\u00e9cution du pr\u00e9sent arr\u00eat\u00e9.\nDirection d\u00e9partementale des territoires de la C\u00f4te-d'Or\n57 rue de Mulhouse- BP 53317 - 21033 DIJON cedex\nt\u00e9l : 03 80 29 44 44 \u2013 Courriel : ddt@cote-dor.gouv.fr\nDirection d\u00e9partementale des territoires de la C\u00f4te-d'Or - 21-2024-04-04-00007 - AP 637 20240404 A36A39 Noeud 84\n6\nLe pr\u00e9sent arr\u00eat\u00e9 sera publi\u00e9 au recueil des actes administratifs de la Pr\u00e9fecture de la\nC\u00f4te-d'Or.\nUne copie du pr\u00e9sent arr\u00eat\u00e9 sera adress\u00e9e pour information :\n- au Directeur G\u00e9n\u00e9ral des Infrastructures des Transports et de la Mer du MTECT,\n- au Conseil D\u00e9partemental de la C\u00f4te-d'Or\n- au Conseil D\u00e9partemental du Jura,\n- au Directeur D\u00e9partemental des Services d'Incendie et de Secours de la C\u00f4te-d'Or,\n- au SAMU de Dijon,\n- aux  communes  de  CHEMIN,  CHOISEY,  JALLANGES,  SEURRE,  PAGNY-LE-CHATEAU,\nSAINT-JEAN-DE-LOSNE, SAINT-USAGE, TROUHANS, CHAMPDOTRE et DOLE.\nFait \u00e0 Dijon, le 4 avril 2024\nLe pr\u00e9fet,\nPour le pr\u00e9fet, par d\u00e9l\u00e9gation,\nLa directrice d\u00e9partementale des\nterritoires,\nSIGN\u00c9\nFlorence LAUBIER\nDirection d\u00e9partementale des territoires de la C\u00f4te-d'Or\n57 rue de Mulhouse- BP 53317 - 21033 DIJON cedex\nt\u00e9l : 03 80 29 44 44 \u2013 Courriel : ddt@cote-dor.gouv.fr\nDirection d\u00e9partementale des territoires de la C\u00f4te-d'Or - 21-2024-04-04-00007 - AP 637 20240404 A36A39 Noeud 85\nDRAAF Bourgogne-Franche-Comt\u00e9\nService r\u00e9gional de la for\u00eat et du bois\n21-2024-04-04-00001\nArr\u00eat\u00e9 portant approbation de l'am\u00e9nagement\nde la for\u00eat communale de Franxault pour la\np\u00e9riode 2024-2043\nDRAAF Bourgogne-Franche-Comt\u00e9 - 21-2024-04-04-00001 - Arr\u00eat\u00e9 portant approbation de l'am\u00e9nagement de la for\u00eat communale de\nFranxault pour la p\u00e9riode 2024-2043 86\nPREFET _ Direction r\u00e9gionale de l'alimentation,DE LA REGION de I'agriculture et de la for\u00eatBOURGOGNE- . ;FRANCHE-COMT\u00c9 _ Bourgogne-Franche-Comt\u00e9it Service r\u00e9gional de la for\u00e9t et du bois\u00eet\u00e9Fraternit\u00e9D\u00e9partement : C\u00d4TE-D'ORFor\u00eat communale de FRANXAULTContenance cadastrale : 125,8477 haSurface de gestion : 125,85 haR\u00e9vision du document d'am\u00e9nagement :2024-2043Arr\u00eat\u00e9 d'am\u00e9nagement n\u00b0 2 \\-2 24 04-04_ceco 4portant approbation du document d'Am\u00e9nagement de la for\u00eat communalede Franxault pour la p\u00e9riode 2024-2043Le Pr\u00e9fet de la r\u00e9gionBOURGOGNE-FRANCHE-COMT\u00c9,Pr\u00e9fet de la C\u00f4te d'OrVU les articies L124-1,1\u00b0, L212-i, L212-2, D212-1, D212-2, R212-3, D212-5,2\u00b0, D214-15, etD214-16 du Code Forestier ;VU le sch\u00e9ma r\u00e9gional d'am\u00e9nagement de la r\u00e9gion Bourgogne, arr\u00eat\u00e9 en date du 05/12/2011 :VU 1la D\u00e9lib\u00e9ration du Conseil municipal de la commune de Franxault en date du 12/01/2024,vis\u00e9 par la Pr\u00e9fecture de Dijon le 16/01/2024, donnant son accord au projet d'am\u00e9nagementforestier qui lui a \u00e9t\u00e9 pr\u00e9sent\u00e9 ;VU le d\u00e9cret n\u00b0 2004-374 du 29 avril 2004 modifi\u00e9 relatif aux pouvoirs des pr\u00e9fets, \u00e0l'organisation et \u00e0 l'action des services de l'Etat dans les r\u00e9gions et d\u00e9partements :VU le d\u00e9cret du 26 septembre 2022 nommant M. Franck ROBINE, pr\u00e9fet de la r\u00e9gion Bour-gogne-Franche-Comi\u00e9 ;VU l'arr\u00eat\u00e9 pr\u00e9fectoral n\u00b0 22-631 BAG du 24 octobre 2022 portant d\u00e9l\u00e9gation de signature duPr\u00e9fet \u00e0 Madame Marie-Jeanne FOTRE \u2014 MULLER et la d\u00e9cision n\u00b02023-11 DRAAF-BFC du 31 octobre 2023, portant subd\u00e9l\u00e9gation \u00e0 Monsieur Pierre LAMBARE:SUR proposition du Directeur Territorial de l'Office National des For\u00eats ;SUR proposition de la Directrice R\u00e9gionale de l'Alimentation, de l'Agriculture et de la For\u00eat ;\nARR\u00caTEArticle 19: La for\u00eat communale de FRANXAULT (C\u00d4TE\u2014D'OR), d'une contenance de125,85 ha, est affect\u00e9e prioritairement \u00e0 la fonction de production ligneuse, tout en assurant safonction \u00e9cologique, sociale et de protection physique, dans le cadre d'une gestion durablemultifonctionnelle.Article 2: Cette for\u00eat comprend une partie bois\u00e9e de 123,27 ha, actuellement compos\u00e9e deCh\u00e8ne p\u00e9doncul\u00e9 (54%), Charme (19%), Autres Feuillus (16%), Ch\u00e9ne sessile (8%), Merisier(3%). Le reste, soit 2,58 ha. est constitu\u00e9 de vides boisables.Les peuplements susceptibles de production ligneuse seront trait\u00e9s en Futaie r\u00e9guli\u00e8re, dontconversion, sur 125,85 ha.\nDRAAF Bourgogne-Franche-Comt\u00e9 - 21-2024-04-04-00001 - Arr\u00eat\u00e9 portant approbation de l'am\u00e9nagement de la for\u00eat communale de\nFranxault pour la p\u00e9riode 2024-2043 87\nEn dehors des surfaces consacr\u00e9es aux tests en gestion, les essences-objectif, qui d\u00e9terminent surle long terme les grands choix de gestion de ces peuplements, seront tr\u00e9s majoritairementfeuillues : prioritairement, le Ch\u00eane sessile et le Ch\u00eane p\u00e9doncul\u00e9 et, dans une moindre mesure,le Ch\u00eane pubescent, le Peuplier et le Douglas. N\u00e9anmoins, compte tenu de l'incertitude actuellesur l'\u00e9volution des changements climatiques en cours, ces choix d'essences pourront \u00eatremodul\u00e9s en cours d'application de l'am\u00e9nagement pour assurer l'adaptation du choix de chaqueessence-objectif, ou groupe d'essences-objectif, aux \u00e9volutions des connaissances en mati\u00e8re dechangements climatiques et d'adaptation des essences \u00e0 ces changements.Sur les surfaces consacr\u00e9es aux tests en gestion pour l'adaptation des essences aux changementsclimatiques, les essences-objectif seront choisies au moment de la mise en \u0153uvre de cesplantations parmi un panel d'essences adapt\u00e9es au vu des connaissances actualis\u00e9es sur leschangements climatiques et sur le comportement de ces essences.Les autres essences seront favoris\u00e9es comme essences-objectif associ\u00e9es ou comme essencesd'accompagnement, dans la limite de leur adaptation aux conditions stationnelles futures.Article 3 : Pendant une dur\u00e9e de 20 ans (2024 \u2014 2043) :- La for\u00eat sera divis\u00e9e en 5 groupes de gestion :\u00ab Un groupe de r\u00e9g\u00e9n\u00e9ration, d'une contenance de 32,79 ha en sylviculture, qui serontnouvellement ouverts en r\u00e9g\u00e9n\u00e9ration, et 26,06 ha seront parcourus par une couped\u00e9finitive au cours de la p\u00e9riode ;\u00ab Un groupe de jeunesse, d'une contenance de 10,82 ha en sylviculture, qui fera l'objetdes travaux n\u00e9cessaires \u00e0 l'\u00e9ducation des peuplements ;\u00ab Deux groupes d'am\u00e9lioration, d'une contenance totale de 81,04 ha en sylviculture, quiseront parcourus par des coupes selon une rotation variant de 7 \u00e0 15 ans en fonction dela croissance des peuplements ;= Un groupe d'ilots de vieillissement trait\u00e9 en conversion en futaie r\u00e9guli\u00e8re, d'unecontenance de 1.20 ha en sylviculture, qui fera l'objet d'une gestion sp\u00e9cifique, auprofit de la biodiversit\u00e9 ;- l'Office National des For\u00eats informera r\u00e9guli\u00e8rement le Conseil Municipal de FRAN-XAULT de l'\u00e9tat de l'\u00e9quilibre sylvo-cyn\u00e9g\u00e9tique dans la for\u00eat, et ce dernier mettra en \u0153uvretoutes les mesures n\u00e9cessaires \u00e0 son maintien suivant la capacit\u00e9 d'accueil, et en s'assurant enparticulier que le niveau des demandes de plans de chasse concernant la for\u00eat est adapt\u00e9 comptetenu de l'\u00e9volution des populations de grand gibier et des d\u00e9g\u00e2ts constat\u00e9s sur les peuplements:- les mesures d\u00e9finies par les consignes nationales de gestion visant \u00e0 la pr\u00e9servation de labiodiversit\u00e9 courante (notamment la conservation d'arbres isol\u00e9s \u00e0 cavit\u00e9s ou s\u00e9nescents) ainsiqu'\u00e0 la pr\u00e9servation des sols et des eaux de surface, seront syst\u00e9matiquement mises en \u0153uvre.Article 4 : La Directrice R\u00e9gionale de l'Alimentation, de l'Agriculture, et de la For\u00eat, et ieDirecteur Territorial de l'Office National des For\u00eats sont charg\u00e9s, chacun en ce qui le concerne,de l'ex\u00e9cution du pr\u00e9sent arr\u00eat\u00e9, qui sera publi\u00e9 au recueil des actes administratifs de lapr\u00e9fecture de C\u00d4TE-D'OR.Besan\u00e7on, le b ol 2024Pour le Pr\u00e9fet de la R\u00e9gion Bourgagne-Franche-Comt\u00e9 et par d\u00e9l\u00e9gation,La Directrice R\u00e9gionale de l'Alimentation, de I'Agriculture et de la For\u00e9tet par subd\u00e9l\u00e9gation,L'adjoint au Chef du Service R\u00e9gi la For\u00eat et du Bois\nierre LAMBARE-\u2014\nDRAAF Bourgogne-Franche-Comt\u00e9 - 21-2024-04-04-00001 - Arr\u00eat\u00e9 portant approbation de l'am\u00e9nagement de la for\u00eat communale de\nFranxault pour la p\u00e9riode 2024-2043 88\nDRAAF Bourgogne-Franche-Comt\u00e9\nService r\u00e9gional de la for\u00eat et du bois\n21-2024-04-04-00004\nArr\u00eat\u00e9 portant approbation de l'am\u00e9nagement\nde la for\u00eat communale de Meulson pour la\np\u00e9riode 2024-2043 avec application du 2\u00b0 de\nl'article\n L 122-7 du code forestier\nDRAAF Bourgogne-Franche-Comt\u00e9 - 21-2024-04-04-00004 - Arr\u00eat\u00e9 portant approbation de l'am\u00e9nagement de la for\u00eat communale de\nMeulson pour la p\u00e9riode 2024-2043 avec application du 2\u00b0 de l'article\n L 122-7 du code forestier\n89\nPR\u00c9FET _ Direction r\u00e9gionale de I'alimentation,DE LA REGION de I'agriculture et de |a for\u00e9tBOURGOGNE- )FRANCHE-COMTE Bourgogne-Franche-Comt\u00e9Libert\u00e9 Service r\u00e9gional de la for\u00eat et du boisvailFraternit\u00e9D\u00e9partement : C\u00d4TE-D'ORFor\u00eat communale de MEULSONContenance cadastrale : 100,0820 haSurface de gestion : 100,08 haR\u00e9vision du document d'am\u00e9nagement :2024-2043Arr\u00eat\u00e9 d'am\u00e9nagement n\u00b020 - 2324 - 04 _O4 - o0yPortant approbation du document d'am\u00e9nagement de la for\u00eat deMeulson pour la p\u00e9riode 2024-2043avec application du 2\u00b0 de l'article L122-7 du code forestierLe Pr\u00e9fet de la r\u00e9gionBOURGOGNE-FRANCHE-COMT\u00c9,Pr\u00e9fet de Ja C\u00f4te d'OrVU es articles L124-1,1\u00b0, L212-1, L212-2, D212-1, D212-2, R212-3, D212-5,2\u00b0, D214-15, etD214-16 du Code Forestier ;VU es articles L122-7, L122-8, R122-23 et R122-24 du Code Forestier :VU es articles L414-4 et R414-19 du Code de l'Environnement :VU le sch\u00e9ma r\u00e9gional d'am\u00e9nagement de la r\u00e9gion Bourgogne. arr\u00eat\u00e9 en date du 05/12/2011;VU la d\u00e9lib\u00e9ration du conseil communal de Meulson en date du 09/11/2023, vis\u00e9 par laPr\u00e9fecture de Dijon le 22/11/2023, donnant son accord au projet d'am\u00e9nagement forestierqui lui a \u00e9t\u00e9 pr\u00e9sent\u00e9. et demandant le b\u00e9n\u00e9fice des articles L122-7 et L122-8 du codeforestier au titre de la r\u00e9glementation propre \u00e0 Natura 2000;VU le d\u00e9cret n\u00b0 2004-374 du 29 avril 2004 modifi\u00e9 relatif aux pouvoirs des pr\u00e9fets, \u00e0l'organisation et \u00e0 l'action des services de l'Etat dans les r\u00e9gions et d\u00e9partements ;VU le d\u00e9cret du 26 septembre 2022 nommant M. Franck ROBINE, pr\u00e9fet de la r\u00e9gion Bour-gogne-Franche-Comt\u00e9 ; .VU l'arr\u00eat\u00e9 pr\u00e9fectoral n\u00b0 22-631 BAG du 24 octobre 2022 portant d\u00e9l\u00e9gation de signature duPr\u00e9fet \u00e0 Madame Marie-Jeanne FOTRE - MULLER et la d\u00e9cision n\u00b02023-11 DRAAF-BFC du 31 octobre 2023, portant subd\u00e9l\u00e9gation \u00e0 Monsieur Pierre LAMBARE;SUR proposition du Directeur Territorial de l'Office National des For\u00eats ;SUR proposition de la Directrice R\u00e9gionale de I' Alimentation, de l'Agriculture et de la For\u00eat :\nARR\u00caTE\nArticle I\": La for\u00eat Communale de Meulson, d'une contenance de 100,08 ha, est affect\u00e9eprioritairement \u00e0 la fonction de production ligneuse et \u00e0 la fonction \u00e9cologique, tout en assurantsa fonction sociale et de protection physique, dans le cadre d'une gestion durablemultifonctionnelle.Article 2 : Cette for\u00eat comprend une partie bois\u00e9e de 100,02 ha, actuellement compos\u00e9e de H\u00e9tre(38%), Ch\u00eanes sessiles et p\u00e9doncul\u00e9s (31%), Charme (24%), Erable champ\u00eatre (3%), Merisier\nDRAAF Bourgogne-Franche-Comt\u00e9 - 21-2024-04-04-00004 - Arr\u00eat\u00e9 portant approbation de l'am\u00e9nagement de la for\u00eat communale de\nMeulson pour la p\u00e9riode 2024-2043 avec application du 2\u00b0 de l'article\n L 122-7 du code forestier\n90\n(2%), Alisier torminal (1%) et d'autres feuillus (1%). Le reste, soit 0,06 ha, est constitu\u00e9 d'unepartie de la desserte foresti\u00e8re.Les peuplements susceptibles de production ligneuse seront trait\u00e9s en futaie r\u00e9guli\u00e8re (51,95 ha)et conversion vers la futaie irr\u00e9guli\u00e8re (46,04 ha).Les essences-objectif, qui d\u00e9terminent sur le long terme les grands choix de gestion de cespeuplements, seront feuillues : e ch\u00e9ne sessile et, dans une moindre mesure, les autres feuillusen m\u00e9lange. N\u00e9anmoins, compte tenu de l'incertitude actuelle sur l'\u00e9volution des changementsclimatiques en cours, ces choix d'essences pourront \u00eatre modul\u00e9s en cours d'application del'am\u00e9nagement pour assurer l'adaptation du choix de chaque essence-objectif, ou grouped'essences-objectif, aux \u00e9volutions des connaissances en mati\u00e8re de changements climatiques etd'adaptation des essences \u00e0 ces changements.Les autres essences seront favoris\u00e9es comme comme essences d'accompagnement, dans la limitede leur adaptation aux conditions stationnelles futures.Article 3 : Pendant une dur\u00e9e de 20 ans (2024-2043) :- La for\u00eat sera divis\u00e9e en 8 groupes de gestion := Un groupe de r\u00e9g\u00e9n\u00e9ration, d'une contenance de 5,08 ha en sylviculture, au seinduquel 1,44 ha seront nouvellement ouverts en r\u00e9g\u00e9n\u00e9ration, 5,08 ha seront parcouruspar une coupe d\u00e9finitive au cours de la p\u00e9riode ;= Un groupe de jeunesse, d'une contenance de 4,21 ha en sylviculture, qui fera l'objetdes travaux n\u00e9cessaires \u00e0 l'\u00e9ducation des peuplements ;\u00ab Deux groupes d'am\u00e9lioration, d'une contenance totale de 42,66 ha en sylviculture, quiseront parcourus par des coupes selon une rotation variant de 6 \u00e0 12 ans en fonction dela croissance et l'\u00e2ge des peuplements ;\u00ab Deux groupes de futaie irr\u00e9guli\u00e8re et futaie irr\u00e9guli\u00e8re \u00e0 renouvellement prioritaire,d'une contenance totale de 46,04 ha en sylviculture, qui seront parcourus par descoupes visant \u00e0 se rapprocher d'une structure \u00e9quilibr\u00e9e, selon une rotation variant de11 \u00e0 13 ans en fonction de la pousse et de l'\u00e2ge des peuplements ;\u00ab Un groupe d'attente, d'une contenance de 2,03 ha en sylviculture, qui sera laiss\u00e9 encroissance libre sur la p\u00e9riode ;= Un groupe constitu\u00e9 de routes foresti\u00e8res, d'une contenance de 0,06 ha, qui sera laiss\u00e9en l'\u00e9tat.- l'Office National des For\u00eats informera r\u00e9guli\u00e8rement le Conseil Municipal de la communede Meulson de l'\u00e9tat de d\u00e9s\u00e9quilibre sylvo cyn\u00e9g\u00e9tique dans la for\u00eat entrainant la n\u00e9cessit\u00e9 deprot\u00e9ger tous les plants qui pourraient \u00eatre mis en place, et ce dernier mettra en oeuvre toutes lesmesures n\u00e9cessaires \u00e0 son r\u00e9tablissement suivant la capacit\u00e9 d'accueil, et en s'assurant en particu-lier que le niveau des demandes de plans de chasse concernant la for\u00eat est en nette augmentationcompte tenu de l'\u00e9volution des populations de grand gibier et des d\u00e9g\u00e2ts constat\u00e9s sur les peuple-ments; '- les mesures d\u00e9finies par les consignes nationales d\u00e9 gestion visant \u00e0 la pr\u00e9servation de labiodiversit\u00e9 courante (notamment la conservation d'arbres isol\u00e9s \u00e0 cavit\u00e9s, morts, ou s\u00e9nescents)ainsi qu'\u00e0 la pr\u00e9servation des sols et des eaux de surface, seront syst\u00e9matiquement mises en\u0153uvre.\nArticle 4: Le document d'am\u00e9nagement de la for\u00eat Communale de Meulson, pr\u00e9sentement arr\u00eat\u00e9,est approuv\u00e9 par application du 2\u00b0 de l'article L122-7 du code forestier, pour le programme decoupes et de travaux sylvicoles, au titre :- de la r\u00e9glementation propre \u00e0 Natura 2000 relative \u00e0 la zone de protection sp\u00e9cialeFR2612003-Massifs forestiers et vall\u00e9es du Ch\u00e2tillonnais, instaur\u00e9e au titre de la Directiveeurop\u00e9enne \u00ab Oiseaux \u00bb ; consid\u00e9rant que la for\u00eat est situ\u00e9e \u00e0 100% dans ce site ;\nDRAAF Bourgogne-Franche-Comt\u00e9 - 21-2024-04-04-00004 - Arr\u00eat\u00e9 portant approbation de l'am\u00e9nagement de la for\u00eat communale de\nMeulson pour la p\u00e9riode 2024-2043 avec application du 2\u00b0 de l'article\n L 122-7 du code forestier\n91\nArticle 5 : La Directrice R\u00e9gionale de l'Alimentation, de l'Agriculture, et de la For\u00e9t, et leDirecteur Territorial de l'Office National des For\u00e9ts sont charg\u00e9s, chacun en ce qui le concerne,de l'ex\u00e9cution du pr\u00e9sent arr\u00eat\u00e9, qui sera publi\u00e9 au recueil des actes administratifs de lapr\u00e9fecture de C\u00f4te-D'Or.Besan\u00e7on, le \u00a9 'llauuf 2LPour le Pr\u00e9fet de la R\u00e9gion Bourgogne-Franche-Comt\u00e9 et par d\u00e9l\u00e9gation,La Directrice R\u00e9gionale de l'Alimentation, de l'Agriculture et de la For\u00eatet par subd\u00e9l\u00e9gation,L'adjoint au Chef du Service R\u00e9gignal de.lg For\u00e9t et du BoisVPierre LAMBAR\u00c9\nDRAAF Bourgogne-Franche-Comt\u00e9 - 21-2024-04-04-00004 - Arr\u00eat\u00e9 portant approbation de l'am\u00e9nagement de la for\u00eat communale de\nMeulson pour la p\u00e9riode 2024-2043 avec application du 2\u00b0 de l'article\n L 122-7 du code forestier\n92\nDRAAF Bourgogne-Franche-Comt\u00e9 - 21-2024-04-04-00004 - Arr\u00eat\u00e9 portant approbation de l'am\u00e9nagement de la for\u00eat communale de\nMeulson pour la p\u00e9riode 2024-2043 avec application du 2\u00b0 de l'article\n L 122-7 du code forestier\n93\nDRAAF Bourgogne-Franche-Comt\u00e9\nService r\u00e9gional de la for\u00eat et du bois\n21-2024-04-04-00003\nArr\u00eat\u00e9 portant approbation de l'am\u00e9nagement\nde la for\u00eat communale de Mirebeau Sur B\u00e8ze\npour la p\u00e9riode 2024-2043\nDRAAF Bourgogne-Franche-Comt\u00e9 - 21-2024-04-04-00003 - Arr\u00eat\u00e9 portant approbation de l'am\u00e9nagement de la for\u00eat communale de\nMirebeau Sur B\u00e8ze pour la p\u00e9riode 2024-2043 94\nPR\u00c9FET | Direction r\u00e9gionale de l'alimentation,E\u00cb\u00d9\u00ca\u00cb\u00cb\u00ca\u0152EN de l'agriculture et de la for\u00eatFRANCHE-COMT\u00c9 Bourgogne-F ranche-Comt\u00e9Libert\u00e9 Service r\u00e9gional de la for\u00e9t et du bois\u00c9galit\u00e9Fraternit\u00e9\nD\u00e9partement : C\u00d4TE-D'ORFor\u00eat communale de MIREBEAU SUR B\u00c8ZEContenance cadastrale : 262,4748 haSurface de gestion : 262,47 haR\u00e9vision du document d'am\u00e9nagement :2024-2043Arr\u00eat\u00e9 d'am\u00e9nagement n\u00b0 21- 2074 - O4 -0k- 00005portant approbation du document d'Am\u00e9nagement de la for\u00e9t communalede Mirebeau Sur B\u00e8ze pour la p\u00e9riode 2024-2043Le Pr\u00e9fet de lar\u00e9gionBOURGOGNE-FRANCHE-COMTE,Pr\u00e9fet de la C\u00f4te d'OrVU les articles L124-1,1\u00b0, L212-1, L212-2, D212-1, D212-2, R212-3, D212-5,2\u00b0, D214-15, etD214-16 du Code Forestier ;VU les articles L122-7, L122-8, R122-23 et R122-24 du Code Forestier :VU l'article L621-32 et R621-96 du code du Patrimoine :VU _ le sch\u00e9ma r\u00e9gional d'am\u00e9nagement de la r\u00e9gion Bourgogne, arr\u00eat\u00e9 en date du 05/12/2011 :VU la D\u00e9lib\u00e9ration du Conseil Municipal de Mirebeau Sur B\u00e8ze en date du 03/11/2023, vis\u00e9par la Pr\u00e9fecture de Dijon le 07/11/2023, donnant son accord au projet d'am\u00e9nagementforestier qui lui a \u00e9t\u00e9 pr\u00e9sent\u00e9 ;VU le d\u00e9cret n\u00b0 2004-374 du 29 avril 2004 modifi\u00e9 relatif aux pouvoirs des pr\u00e9fets, \u00e0l'organisation et \u00e0 l'action des services de l'Etat dans les r\u00e9gions et d\u00e9partements :VU le d\u00e9cret du 26 septembre 2022 nommant M. Franck ROBINE, pr\u00e9fet de la r\u00e9gion Bour-gogne-Franche-Comt\u00e9 ;VU l'arr\u00eat\u00e9 pr\u00e9fectoral n\u00b0 22-631 BAG du 24 octobre 2022 portant d\u00e9l\u00e9gation de signature duPr\u00e9fet \u00e0 Madame Marie-Jeanne FOTRE \u2014 MULLER et la d\u00e9cision n\u00b02023-11 DRAAF-BFC du 31 octobre 2023, portant subd\u00e9l\u00e9gation \u00e0 Monsieur Pierre LAMBARE;SUR proposition du Directeur Territoriai de l'Office National des For\u00eats ;SUR proposition de la Directrice R\u00e9gionale de l'Alimentation, de l'Agriculture et de la For\u00eat :\nARR\u00caTE\nArticle 1\" ; La for\u00eat communale de MIREBEAU SUR BEZE (C\u00d4TE-D'OR), d'une contenancede 262,47 ha, est affect\u00e9e prioritairement \u00e0 la fonction de production ligneuse et \u00e0 la fonction\u00e9cologique, tout en assurant sa fonction sociale et de protection physique, dans le cadre d'unegestion durable multifonctionnelle,Article 2: Cette for\u00eat comprend une partie bois\u00e9e de 259,47 ha, actuellement compos\u00e9e deCh\u00eane sessile (28%), Peupliers divers (27%), Ch\u00eane p\u00e9doncul\u00e9 (8%), Sapin de Nordmann (5%),Douglas (3%) et d'autres feuillus (29%),. Le reste, soit 3,00 ha, est constitu\u00e9 d'emprises deroutes et de concessions.\nDRAAF Bourgogne-Franche-Comt\u00e9 - 21-2024-04-04-00003 - Arr\u00eat\u00e9 portant approbation de l'am\u00e9nagement de la for\u00eat communale de\nMirebeau Sur B\u00e8ze pour la p\u00e9riode 2024-2043 95\nLes peuplements susceptibles de production ligneuse seront trait\u00e9s en Futaie r\u00e9guli\u00e8re et enconversion sur 236,94 ha.En dehors des surfaces consacr\u00e9es aux tests en gestion, les essences-objectif, qui d\u00e9terminent surle long terme les grands choix de gestion de ces peuplements, seront prioritairement, le Ch\u00eanesessile et le Peuplier et, dans une moindre mesure, le Ch\u00eane p\u00e9doncul\u00e9, l'Erable sycomore, leSapin de Nordmann et d'autres r\u00e9sineux. N\u00e9anmoins, compte tenu de l'incertitude actuelle surl'\u00e9volution des changements climatiques en cours, ces choix d'essences pourront \u00eatre modul\u00e9s encours d'application de l'am\u00e9nagement pour assurer l'adaptation du choix de chaque essence-objectif, ou groupe d'essences-objectif, aux \u00e9volutions des connaissances en mati\u00e8re dechangements climatiques et d'adaptation des essences \u00e0 ces changements.Sur les surfaces consacr\u00e9es aux tests en gestion pour l'adaptation des essences aux changementsclimatiques, les essences-objectif seront choisies au moment de la mise en \u0153uvre de cesplantations parmi un panel d'essences adapt\u00e9es au vu des connaissances actualis\u00e9es sur leschangements climatiques et sur le comportement de ces essences.Les autres essences seront favoris\u00e9es comme essences-objectif associ\u00e9es ou comme essencesd'accompagnement, dans la limite de leur adaptation aux conditions stationnelles futures.Article 3 : Pendant une dur\u00e9e de 20 ans (2024 \u2014 2043) :- La for\u00eat sera divis\u00e9e en 10 groupes de gestion := Un groupe de r\u00e9g\u00e9n\u00e9ration, d'une contenance de 93,82 ha en sylviculture, au seinduquel 87,11 ha seront nouvellement ouverts en r\u00e9g\u00e9n\u00e9ration, 89,65 ha serontparcourus par une coupe d\u00e9finitive au cours de la p\u00e9riode ;\" Un groupe de jeunesse, d'une contenance de 17,42 ha en sylviculture, qui fera l'objetdes travaux n\u00e9cessaires \u00e0 l'\u00e9ducation des peuplements ;\u00ab 4 groupes d'am\u00e9lioration, d'une contenance totale de 121,91 ha en sylviculture, quiseront parcourus par des coupes selon une rotation variant de 7 \u00e0 15 ans en fonction dela croissance des peuplements ;\u00ab Un groupe d'ilots de vieillissement trait\u00e9 en r\u00e9gulier, d'une contenance de 3,79 ha ensylviculture, qui fera l'objet d'une gestion sp\u00e9cifique, au profit de la biodiversit\u00e9 ;= Un groupe d'int\u00e9r\u00eat \u00e9cologique g\u00e9n\u00e9ral d'une contenance de 8,13 ha, qui sera laiss\u00e9 \u00e0son \u00e9volution naturelle ;= Un groupe \u00e0 vocation d'accueil du public d'une contenance de 14,29 ha, qui seraentretenu par des travaux non sylvicoles ;= Un groupe constitu\u00e9 de diff\u00e9rentes emprises, d'une contenance de 3,11 ha, qui seralaiss\u00e9 en l'\u00e9tat.- 0,39 km de route empierr\u00e9e et 4 places de d\u00e9p\u00f4t seront cr\u00e9\u00e9es afin d'am\u00e9liorer la dessertedu massif ;- l'Office National des For\u00eats informera r\u00e9guli\u00e8rement le Conseil Municipal de MIREBEAUSUR BEZE de l'\u00e9tat de l'\u00e9quilibre sylvo-cyn\u00e9g\u00e9tique dans la for\u00eat, et ce dernier mettra en \u0153uvretoutes les mesures n\u00e9cessaires \u00e0 son maintien suivant la capacit\u00e9 d'accueil, et en s'assurant enparticulier que le niveau des demandes de plans de chasse concernant la for\u00eat est adapt\u00e9 comptetenu de l'\u00e9volution des populations de grand gibier et des d\u00e9g\u00e2ts constat\u00e9s sur les peuplements;- les mesures d\u00e9finies par les consignes nationales de gestion visant \u00e0 la pr\u00e9servation de labiodiversit\u00e9 courante (notamment la conservation d'arbres isol\u00e9s \u00e0 cavit\u00e9s ou s\u00e9nescents) ainsiqu'\u00e0 la pr\u00e9servation des sols et des eaux de surface, seront syst\u00e9matiquement mises en \u0153uvre.\nDRAAF Bourgogne-Franche-Comt\u00e9 - 21-2024-04-04-00003 - Arr\u00eat\u00e9 portant approbation de l'am\u00e9nagement de la for\u00eat communale de\nMirebeau Sur B\u00e8ze pour la p\u00e9riode 2024-2043 96\nArticle 4 : La Directrice R\u00e9gionale de l'Alimentation, de l'Agriculture, et de la For\u00e9t, et leDirecteur Territorial de l'Office National des For\u00eats sont charg\u00e9s, chacun en ce qui le concerne.de l'ex\u00e9cution du pr\u00e9sent arr\u00e9t\u00e9, qui sera publi\u00e9 au recueil des actes administratifs de lapr\u00e9fecture de COTE-D'OR.Besan\u00e7on, le O4 \u00ebt 26Pour le Pr\u00e9fet de la R\u00e9gion Bourgogne-Franche-Comt\u00e9 et par d\u00e9l\u00e9gation,La Directrice R\u00e9gionale de l'Alimentation, de l'Agriculture et de la For\u00eatet par subd\u00e9l\u00e9gation,L'adjoint au Chef du SW For\u00eat et du Boisierr,e\u00ab'[.AI\\\u00c6\u00caR\u00c8\"/V\nDRAAF Bourgogne-Franche-Comt\u00e9 - 21-2024-04-04-00003 - Arr\u00eat\u00e9 portant approbation de l'am\u00e9nagement de la for\u00eat communale de\nMirebeau Sur B\u00e8ze pour la p\u00e9riode 2024-2043 97\nDRAAF Bourgogne-Franche-Comt\u00e9 - 21-2024-04-04-00003 - Arr\u00eat\u00e9 portant approbation de l'am\u00e9nagement de la for\u00eat communale de\nMirebeau Sur B\u00e8ze pour la p\u00e9riode 2024-2043 98\nDRAAF Bourgogne-Franche-Comt\u00e9\nService r\u00e9gional de la for\u00eat et du bois\n21-2024-04-04-00005\nArr\u00eat\u00e9 portant approbation de l'am\u00e9nagement\nde la for\u00eat communale de Planay pour la p\u00e9riode\n2024-2043 \nDRAAF Bourgogne-Franche-Comt\u00e9 - 21-2024-04-04-00005 - Arr\u00eat\u00e9 portant approbation de l'am\u00e9nagement de la for\u00eat communale de\nPlanay pour la p\u00e9riode 2024-2043 99\nPR\u00c9FET | Direction r\u00e9gionale de l'alimentation,E\u00e9fifigggfi\" de l'agriculture et de la for\u00eatFRANCHE-COMT\u00c9 Bourgogne-Franche-Comt\u00e9L Service r\u00e9gional de la for\u00e9t et du bois\u00c9galit\u00e9Fraternit\u00e9\nD\u00e9parternent : COTE-D'ORFor\u00eat communale de PLANAYContenance cadastrale : 111,9770 haSurface de gestion : 111,98 haR\u00e9vision du document d'am\u00e9nagement :2024-2043Arr\u00eat\u00e9 d'am\u00e9nagement n\u00b0 21- 2224-04_04_ 00005portant approbation du document d'am\u00e9nagement de la for\u00eat communalede Planay pour la p\u00e9riode 2024-2043Le Pr\u00e9fet de la r\u00e9gion BOURGOGNE-FRANCHE-COMT\u00c9,Pr\u00e9fet de la C\u00f4te d'OrVU es articles L124-1,1\u00b0, L212-1, L212-2, D212-1, D212-2, R212-3, D212-5,2\u00b0, D214-15, etD214-16 du Code Forestier :VU l'article R212-4 du Code Forestier :VU le sch\u00e9ma r\u00e9gional d'am\u00e9nagement de la r\u00e9gion Bourgogne, arr\u00eat\u00e9 en date du 05/12/2011 :VU l'approbation du conseil municipal de Planay en date du 17/11/2023, vis\u00e9 par la sous-pr\u00e9fecture de Montbard le 21/11/2023, donnant son accord au projet d'am\u00e9nagementforestier qui lui a \u00e9t\u00e9 pr\u00e9sent\u00e9 ;VU le d\u00e9cret n\u00b0 2004-374 du 29 avril 2004 modifi\u00e9 relatif aux pouvoirs des pr\u00e9fets, \u00e0l'organisation et \u00e0 l'action des services de l'Etat dans les r\u00e9gions et d\u00e9partements;VU le d\u00e9cret du 26 septembre 2022 nommant M. Franck ROBINE, pr\u00e9fet de la r\u00e9gion Bour-gogne-Franche-Comt\u00e9:VU l'arr\u00eat\u00e9 pr\u00e9fectoral n\u00b0 22-631 BAG du 24 octobre 2022 portant d\u00e9l\u00e9gation de signature duPr\u00e9fet \u00e0 Madame Marie-Jeanne FOTR\u00c9\u2014 MULLER et la d\u00e9cision n\u00b02023-11 DRAAF-BFC du 31 octobre 2023, portant subd\u00e9l\u00e9gation\u00e0 Monsieur Pierre LAMBARE;SUR proposition du Directeur Territorial de l'Office National des For\u00eats :SUR proposition de la Directrice R\u00e9gionale de I' Alimentation, de l'Agriculture et de la For\u00eat ;\nARR\u00caTEArticle 1\": La for\u00eat communale de PLANAY (C\u00d4TE\u2014D'OR), d'une contenance de 111,98 ha,est affect\u00e9e prioritairement \u00e0 la fonction de production ligneuse et \u00e0 la fonction \u00e9cologique, touten assurant sa fonction sociale et de protection physique, dans le cadre d'une gestion durablemultifonctionnelle.Article 2 : Cette for\u00eat comprend une partie bois\u00e9e de 111,70 ha, actuellement compos\u00e9e deCh\u00eane sessile ou p\u00e9doncul\u00e9 (74 %), Charme (8 %), Erable champ\u00e9tre (8 %), H\u00e9tre (7 %), AutresFeuillus (1 %), Fruitiers (1 %), Pin sylvestre (1 %). Le reste. soit 0,28 ha, est constitu\u00e9 del'emprise de la d\u00e9charge de la parcelle 10.e\nDRAAF Bourgogne-Franche-Comt\u00e9 - 21-2024-04-04-00005 - Arr\u00eat\u00e9 portant approbation de l'am\u00e9nagement de la for\u00eat communale de\nPlanay pour la p\u00e9riode 2024-2043 100\nLes peuplements susceptibles de production ligneuse seront trait\u00e9s en conversion en futaieirr\u00e9guli\u00e8re sur 79,78 ha et en futaie r\u00e9guli\u00e8re dont conversion en futaie r\u00e9guli\u00e8re sur 31,98 ha.Les essences-objectif, qui d\u00e9terminent sur le long terme les grands choix de gestion de cespeuplements, seront tr\u00e8s majoritairement feuillues : prioritairement, le ch\u00eane sessile, ainsi qu'uncort\u00e8ge de feuillus et r\u00e9sineux divers dans certaines zones. N\u00e9anmoins, compte tenu del'incertitude actuelle sur l'\u00e9volution des changements climatiques en cours, ces choix d'essencespourront \u00eatre modul\u00e9s en cours d'application de l'am\u00e9nagement pour assurer l'adaptation duchoix de chaque groupe d'essences-objectif, aux \u00e9volutions des connaissances en mati\u00e8re dechangements climatiques et d'adaptation des essences \u00e0 ces changements.Les autres essences seront favoris\u00e9es comme essences-objectif associ\u00e9es ou comme essencesd'accompagnement, dans la limite de leur adaptation aux conditions stationnelles futures.Article 3 ; Pendant une dur\u00e9e de 20 ans (2024 \u2014 2043) :- La for\u00eat sera divis\u00e9e en huit groupes de gestion := Un groupe de r\u00e9g\u00e9n\u00e9ration, de 5,22 ha en sylviculture, nouvellement ouverts enr\u00e9g\u00e9n\u00e9ration et parcourus par une coupe d\u00e9finitive au cours de la p\u00e9riode := Un groupe de jeunesse, d'une contenance de 3,26 ha en sylviculture, qui fera l'objetdes travaux n\u00e9cessaires \u00e0 l'\u00e9ducation des peuplements et qui pourra \u00eatre parcouru parune premi\u00e8re coupe d'\u00e9claircie en fin de p\u00e9riode ;\u00ab Deux groupes d'am\u00e9lioration, d'une contenance totale de 23,50 ha en sylviculture, quiseront parcourus par des coupes selon une rotation variant de 8 \u00e0 12 ans en fonction dela croissance des peuplements ;= \u2014 Trois groupes de futaie irr\u00e9guli\u00e8re, d'une contenance de 79,78 ha en sylviculture, quiseront parcourus par des coupes visant \u00e0 se rapprocher d'une structure \u00e9quilibr\u00e9e, selonune rotation variant de 10 \u00e0 20 ans en fonction de la croissance des peuplements ;= Un groupe hors sylviculture constitu\u00e9 de l'emprise de la d\u00e9charge de la parcelle 10,d'une contenance de 0,22 ha, qui sera laiss\u00e9 en l'\u00e9tat.- l'Office National des For\u00eats informera r\u00e9guli\u00e8rement le Conseil Municipal de Planay del'\u00e9tat de l'\u00e9quilibre sylvo-cyn\u00e9g\u00e9tique dans la for\u00eat entrainant la n\u00e9cessit\u00e9 de prot\u00e9ger tous lesplants qui pourraient \u00eatre mis en place, et ce dernier mettra en \u0153uvre toutes les mesures n\u00e9ces-saires \u00e0 son r\u00e9tablissement suivant la capacit\u00e9 d'accueil, et en s'assurant en particulier que le ni-veau des demandes de plans de chasse concernant la for\u00eat est en nette augmentation compte tenude l'\u00e9volution des populations de grand gibier et des d\u00e9g\u00e2ts constat\u00e9s sur les peuplements;- les mesures d\u00e9finies par les consignes nationales de gestion visant \u00e0 la pr\u00e9servation de labiodiversit\u00e9 courante (notamment la conservation d'arbres isol\u00e9s \u00e0 cavit\u00e9s ou s\u00e9nescents) ainsiqu'\u00e0 la pr\u00e9servation des sols et des eaux de surface, seront syst\u00e9matiquement mises en \u0153uvre.Article 4 : La Directrice R\u00e9gionale de l'Alimentation, de l'Agriculture, et de la For\u00eat, et leDirecteur Territorial de l'Office National des For\u00eats sont charg\u00e9s. chacun en ce qui le concerne,de l'ex\u00e9cution du pr\u00e9sent arr\u00eat\u00e9, qui sera publi\u00e9 au recueil des actes administratifs de lapr\u00e9fecture de C\u00d4TE-D'OR. ;Besan\u00e7on, le oY avul 2024Pour le Pr\u00e9fet de la R\u00e9gion Bourgogne-Franche-Comt\u00e9 et par d\u00e9l\u00e9gation,La Directrice R\u00e9gionale de l'Alimentation, de l'Agriculture et de la For\u00eatet par subd\u00e9l\u00e9gation,L'adjoint au Chef du Service R\u00e9g1 de la For\u00e9t et du Bois\nDRAAF Bourgogne-Franche-Comt\u00e9 - 21-2024-04-04-00005 - Arr\u00eat\u00e9 portant approbation de l'am\u00e9nagement de la for\u00eat communale de\nPlanay pour la p\u00e9riode 2024-2043 101\nDRAAF Bourgogne-Franche-Comt\u00e9\nService r\u00e9gional de la for\u00eat et du bois\n21-2024-04-04-00002\nArr\u00eat\u00e9 portant approbation de l'am\u00e9nagement\ndes for\u00eats communales de LIERNAIS pour la\np\u00e9riode 2024-2043\nDRAAF Bourgogne-Franche-Comt\u00e9 - 21-2024-04-04-00002 - Arr\u00eat\u00e9 portant approbation de l'am\u00e9nagement des for\u00eats communales de\nLIERNAIS pour la p\u00e9riode 2024-2043 102\nPR\u00c9FET _ Direction r\u00e9gionale de l'atimentation,E\u00cb\u00c8\u00ca\u00cb\u00cb\u00ca\u00cbJ\u00c8N de l'agriculture et de la for\u00eatFRANCHE-COMT\u00c9 Bourgogne-Franche-Comt\u00e9Libert\u00e9 Service r\u00e9gional de la for\u00eat et du bois\u00c9galit\u00e9Fraternit\u00e9\nD\u00e9partement : C\u00d4TE-D'ORFor\u00eat communale de LIERNAISContenance cadastrale : 50,2671 haSurface de gestion : 50,27 haPremier am\u00e9nagement 2024-2043Arr\u00eat\u00e9 d'am\u00e9nagement n\u00b0 74-2024 . O4 -O#- C00 2portant approbation du document d'Am\u00e9nagement des for\u00eatsde Liernais pour la p\u00e9riode 2024-2043Le Pr\u00e9fet de la r\u00e9gion BOURGOGNE-FRANCHE-COMTE,Pr\u00e9fet de fa C\u00f4te d'Or\nVU les articles L124-1,1\u00b0, L212-1, L212-2, D212-1, D212-2, R212-3, D212-5,2\u00b0, D214-15, etD214-16 du Code Forestier ;VU le sch\u00e9ma r\u00e9gional d'am\u00e9nagement de la r\u00e9gion Bourgogne, arr\u00eat\u00e9 en date du 05/12/2011 :VU la d\u00e9lib\u00e9ration du conseil communale de Liernais en date du 13/10/2023, vis\u00e9 par la sous-pr\u00e9fecture de Beaune le 26/10/2023, donnant son accord au projet d'am\u00e9nagement forestierqui lui a \u00e9t\u00e9 pr\u00e9sent\u00e9 ;VU le d\u00e9cret n\u00b0 2004-374 du 29 avril 2004 modifi\u00e9 relatif aux pouvoirs des pr\u00e9fets, \u00e0l'organisation et \u00e0 l'action des services de l'Etat dans les r\u00e9gions et d\u00e9partements ;VU le d\u00e9cret du 26 septembre 2022 nommant M, Franck ROBINE, pr\u00e9fet de la r\u00e9gionBourgogne-Franche-Comt\u00e9 ;VU l'arr\u00eat\u00e9 pr\u00e9fectoral n\u00b0 22-631 BAG du 24 octobre 2022 portant d\u00e9l\u00e9gation de signature duPr\u00e9fet \u00e0 Madame Marie-Jeanne FOTRE \u2014 MULLER et la d\u00e9cision n\u00b02023-11 DRAAF- BFCdu 31 octobre 2023, portant subd\u00e9l\u00e9gation \u00e0 Monsieur Pierre LAMBARE:SUR proposition du Directeur Territorial de l'Office National des For\u00eats ;SUR proposition de la Directrice R\u00e9gionale de l'Alimentation, de l'Agriculture et de la For\u00eat ;\nARR\u00caTEArticle 1 ; La for\u00eat communale de LIERNAIS (C\u00d4TE-D'OR), d'une contenance de 50,27 ha, estaffect\u00e9e prioritairement \u00e0 la fonction de production ligneuse et \u00e0 la fonction \u00e9cologique, tout enassurant sa fonction sociale et de protection physique, dans le cadre d'une gestion durablemultifonctionnelle.Article 2 : Cette for\u00eat comprend une partie bois\u00e9e de 50,27 ha, actuellement compos\u00e9e de Ch\u00e9nesessile ou p\u00e9doncul\u00e9 (80%), Charme (12%), Pin sylvestre (3%), H\u00eatre (2%), Douglas (1%), Erablechamp\u00eatre (1%), Merisier (1%).Les peuplements susceptibles de production ligneuse seront trait\u00e9s en conversion en futaieirr\u00e9guli\u00e8re sur 45,16 ha.\nDRAAF Bourgogne-Franche-Comt\u00e9 - 21-2024-04-04-00002 - Arr\u00eat\u00e9 portant approbation de l'am\u00e9nagement des for\u00eats communales de\nLIERNAIS pour la p\u00e9riode 2024-2043 103\nL'essence objectif, qui d\u00e9termine sur le long terme les grands choix de gestion de ces peuplem\u00e9ntssera le ch\u00eane sessile. N\u00e9anmoins, compte tenu de l'incertitude actuelle sur l'\u00e9volution deschangements climatiques en cours, ce choix d'essence pourra \u00eatre modul\u00e9 en cours d'applicationde l'am\u00e9nagement pour assurer l'adaptation du choix de chaque essence-objectif, ou grouped'essences-objectif, aux \u00e9volutions des connaissances en mati\u00e8re de changements climatiques etd'adaptation des essences \u00e0 ces changements.Les autres essences seront favoris\u00e9es comme comme essences d'accompagnement, dans la limitede leur adaptation aux conditions stationnelles futures.Article 3 : Pendant une dur\u00e9e de 20 ans (2024 \u2014 2043) :- La for\u00eat sera divis\u00e9e en quatre groupes de gestion := Un groupe de futaie irr\u00e9guli\u00e8re, d'une contenance de 40,48 ha en sylviculture, qui seraparcouru par des coupes visant \u00e0 se rapprocher d'une structure \u00e9quilibr\u00e9e, selon unerotation de 12 ans :\u00ab Un groupe de futaie irr\u00e9guli\u00e8re \u00e0 renouvellement prioritaire, d'une contenance de4,68 ha en sylviculture, qui sera parcouru par des coupes, suivies de plantations parplaceaux, visant \u00e0 se rapprocher d'une structure \u00e9quilibr\u00e9e, selon une rotation de 10 ans;\u00ab Un groupe d'ilots de s\u00e9nescence, d'une contenance de 3,00 ha, qui sera laiss\u00e9 \u00e0 son\u00e9volution naturelle, au profit de la biodiversit\u00e9 := Un groupe d'int\u00e9r\u00eat \u00e9cologique g\u00e9n\u00e9ral d'une contenance de 2,11 ha, qui sera laiss\u00e9 \u00e0son \u00e9volution naturelle. .- l'Office National des For\u00eats informera r\u00e9guli\u00e8rement le Conseil Municipal de la communede Liernais de l'\u00e9tat de d\u00e9s\u00e9quilibre sylvo cyn\u00e9g\u00e9tique dans la for\u00eat entrainant la n\u00e9cessit\u00e9 deprot\u00e9ger tous les plants qui pourraient \u00eatre mis en place, et ce dernier mettra en \u0153uvre toutes lesmesures n\u00e9cessaires \u00e0 son r\u00e9tablissement suivant la capacit\u00e9 d'accueil, et en s'assurant enparticulier que le niveau des demandes de plans de chasse concernant la for\u00eat est en netteaugmentation compte tenu de l'\u00e9volution des populations de grand gibier et des d\u00e9g\u00e2ts constat\u00e9ssur les peuplements;- les mesures d\u00e9finies par les consignes nationales de gestion visant \u00e0 la pr\u00e9servation de labiodiversit\u00e9 courante (notamment la conservation d'arbres isol\u00e9s \u00e0 cavit\u00e9s, morts, ou s\u00e9nescents)ainsi qu'\u00e0 la pr\u00e9servation des sols et des eaux de surface, seront syst\u00e9matiquement mises en \u0153uvre.Article 4 : La Directrice R\u00e9gionale de l'Alimentation, de l'Agriculture, et de la For\u00eat, et le DirecteurTerritorial de l'Office National des For\u00eats sont charg\u00e9s, chacun en ce qui le concerne, del'ex\u00e9cution du pr\u00e9sent arr\u00eat\u00e9, qui sera publi\u00e9 au recueil des actes administratifs de la pr\u00e9fecture deC\u00d4TE-D'OR.Besan\u00e7on, le\u00db}.:w-uO 2024Pour le Pr\u00e9fet de la R\u00e9gion Bourgogne-Franche-Comt\u00e9 et par d\u00e9l\u00e9gation,La Directrice R\u00e9gionale de l'Alimentation, de l'Agriculture et de la For\u00eatet par subd\u00e9l\u00e9gation,L'adjoint au Chef du Service R\u00e9gi e la For\u00eat et du Bois\nDRAAF Bourgogne-Franche-Comt\u00e9 - 21-2024-04-04-00002 - Arr\u00eat\u00e9 portant approbation de l'am\u00e9nagement des for\u00eats communales de\nLIERNAIS pour la p\u00e9riode 2024-2043 104\nDRAC Bourgogne-Franche-Comt\u00e9\n21-2024-04-03-00001\n2024 04 03 Subd\u00e9l\u00e9gation de Mme Aym\u00e9e Rog\u00e9\n\u00e0 S\u00e9verine Wodli et Pauline Pontisso sign\u00e9e\nDRAC Bourgogne-Franche-Comt\u00e9 - 21-2024-04-03-00001 - 2024 04 03 Subd\u00e9l\u00e9gation de Mme Aym\u00e9e Rog\u00e9 \u00e0 S\u00e9verine Wodli et Pauline\nPontisso sign\u00e9e 105\nPREFET Direction r\u00e9gionale des affaires culturellesDE LA REGIONBOURGOGNE- ,FRANCHE-COMTELibert\u00e9Egalit\u00e9Fraternit\u00e9\nVu le code de l'environnement ;Vu le code du patrimoine ;Vu le code de l'urbanisme ;Vu la loi n\u00b0 2004-809 du 13 ao\u00fbt 2004 modifi\u00e9e relative aux libert\u00e9s et responsabilit\u00e9s locales ;Vu le d\u00e9cret n\u00b0 2004-374 du 29 avril 2004 modifi\u00e9 relatif aux pouvoirs des pr\u00e9fets, \u00e0 l'organisation et \u00e0l'action des services de l'\u00c9tat dans les r\u00e9gions et d\u00e9partements, modifi\u00e9 par le d\u00e9cret n\u00b02021-146 du 16f\u00e9vrier 2021 et par le d\u00e9cret n\u00b02010-687 du 24 juin 2010 ;Vu le d\u00e9cret n\u00b02004-474 du 2 juin 2004 modifi\u00e9 portant statut du corps des architectes et urbanistes del'\u00c9tat :Vu le d\u00e9cret n\u00b02010-633 du 8 juin 2010 modifi\u00e9 relatif \u00e0 l'organisation et aux missions des directionsr\u00e9gionales des affaires culturelles ;Vu le d\u00e9cret du 26 septembre 2022 portant nomination de M. Franck ROBINE, Pr\u00e9fet de la r\u00e9gionBourgogne-Franche-Comt\u00e9, Pr\u00e9fet de la C\u00f4te-d'Or (hors classe) ; |Vu l'arr\u00e9t\u00e9 minist\u00e9riel du 4 janvier 2021 nommant Mme Aym\u00e9e ROG\u00c9 directrice r\u00e9gionale des affairesculturelles de Bourgogne-Franche-Comt\u00e9, \u00e0 compter du 1\u00b0\" f\u00e9vrier 2021 ;Vu l'arr\u00eat\u00e9 pr\u00e9fectoral n\u00b01211/SG du 17 octobre 2022 donnant d\u00e9l\u00e9gation de signature \u00e0 MadameAym\u00e9e Rog\u00e9, directrice r\u00e9gionale des affaires culturelles de Bourgogne-Franche-Comt\u00e9, pour lescomp\u00e9tences d\u00e9partementales ;\nARR\u00caTE:Article 1 :Subd\u00e9l\u00e9gation est donn\u00e9e au titre de l'article 2 de l'arr\u00eat\u00e9 pr\u00e9fectoral de d\u00e9l\u00e9gation de signaturesusvis\u00e9 \u00e0 :- Madame S\u00e9verine WODLI, Architecte des b\u00e2timents de France, cheffe de l'unit\u00e9 d\u00e9partementalede l'architecture et du patrimoine de la C\u00f4te-d'Or.\nDRAC Bourgogne-Franche-Comt\u00e9 - 21-2024-04-03-00001 - 2024 04 03 Subd\u00e9l\u00e9gation de Mme Aym\u00e9e Rog\u00e9 \u00e0 S\u00e9verine Wodli et Pauline\nPontisso sign\u00e9e 106\n- Madame Pauline PONTISSO, Architecte des batiments de France, adjointe \u00e0 la cheffe de l'unit\u00e9d\u00e9partementale de l'architecture et du patrimoine de la C\u00f4te-d'Or.\nArticle 2 :Toute subd\u00e9l\u00e9gation ant\u00e9rieure et dispositions contraires au pr\u00e9sent arr\u00eat\u00e9 sont annul\u00e9es.\nFen\u00e0DUONJe<33/\u00d4H/\u00ceQZQLa Directrice r\u00e9gionale des affaires culturelles\nm\u00e9e ROG\u00c9\nDRAC Bourgogne-Franche-Comt\u00e9 - 21-2024-04-03-00001 - 2024 04 03 Subd\u00e9l\u00e9gation de Mme Aym\u00e9e Rog\u00e9 \u00e0 S\u00e9verine Wodli et Pauline\nPontisso sign\u00e9e 107\nPr\u00e9fecture de la C\u00f4te-d'Or\nDirection de la coordination, des politiques\npubliques et de l'appui territorial\n21-2024-03-28-00006\nARRETE PREFECTORAL n\u00b0608 du 28 mars 2024\nportant ouverture de l'enqu\u00eate publique relative\n\u00e0 la modification des servitudes radio\u00e9lectriques\ncontre les perturbations \u00e9lectromagn\u00e9tiques et\ncontre les obstacles prot\u00e9geant le centre\nradio\u00e9lectrique militaire de l\u25a1a\u00e9rodrome de\nDijon-Longvic\nPr\u00e9fecture de la C\u00f4te-d'Or - 21-2024-03-28-00006 - ARRETE PREFECTORAL n\u00b0608 du 28 mars 2024 portant ouverture de l'enqu\u00eate\npublique relative \u00e0 la modification des servitudes radio\u00e9lectriques contre les perturbations \u00e9lectromagn\u00e9tiques et contre les\nobstacles prot\u00e9geant le centre radio\u00e9lectrique militaire de l\u25a1a\u00e9rodrome de Dijon-Longvic\n108\nExPREFETDE LACOTE-D'ORLibert\u00e9Egalit\u00e9Fraternit\u00e9\nSECR\u00c9TARIAT G\u00c9N\u00c9RAL\nDirection de la coordination des politiques publiques\net de l'appui territorial\nP\u00f4le environnement et urbanisme\n \nARRETE PREFECTORAL n\u00b0 608 du 28 mars 2024\nportant ouverture de l'enqu\u00eate publique relative \u00e0 la modification des servitudes\nradio\u00e9lectriques contre les perturbations \u00e9lectromagn\u00e9tiques et contre les obstacles\nprot\u00e9geant le centre radio\u00e9lectrique militaire de l'a\u00e9rodrome de Dijon-Longvic\nLe pr\u00e9fet de la C\u00f4te-d'Or\nVU le code des postes et t\u00e9l\u00e9communications \u00e9lectroniques et notamment ses articles\nL. 54 \u00e0 L. 64, ainsi que R. 21 \u00e0 R. 31 ;\nVU le code des relations entre le public et l'administration, notamment les articles L. 134-1\net L. 134-2, L. 134-33 \u00e0 L. 134-35, et R. 134-3 \u00e0 R. 134-32 ;\nVU le d\u00e9cret du 30 septembre 1991 fixant l'\u00e9tendue des zones et les servitudes applicables\nau voisinage du centre de r\u00e9ception de l'a\u00e9rodrome de Dijon-Longvic (C\u00f4te-d'Or) pour la\nprotection des r\u00e9ceptions radio\u00e9lectriques contre les perturbations \u00e9lectromagn\u00e9tiques ;\nVU le  d\u00e9cret  du  29  novembre  1991  fixant  l'\u00e9tendue  des  zones  et  des  secteurs  de\nd\u00e9gagement et les servitudes de protection contre les obstacles applicables au voisinage\ndu centre d'\u00e9mission de l'a\u00e9rodrome de Dijon-Longvic (C\u00f4te-d'Or) ;\nVu le d\u00e9cret du 26 septembre 2022 nommant Monsieur Franck ROBINE, pr\u00e9fet de la r\u00e9gion\nBourgogne-Franche-Comt\u00e9, pr\u00e9fet de la C\u00f4te d'Or (hors classe) ;\nVu  le  d\u00e9cret  du  29  d\u00e9cembre  2022  portant  nomination  de  Mme  Amelle  GHAYOU,\nadministratrice  territoriale,  sous-pr\u00e9f\u00e8te charg\u00e9e  de  mission  apr\u00e8s  du  pr\u00e9fet  de  r\u00e9gion\nBourgogne-Franche-Comt\u00e9, pr\u00e9fet de la C\u00f4te-d'Or ;\nVu le d\u00e9cret du 3 janvier 2024 nommant Monsieur Johann MOUGENOT, secr\u00e9taire g\u00e9n\u00e9ral\nde la pr\u00e9fecture de la C\u00f4te-d'Or, sous-pr\u00e9fet de Dijon (groupe II) ;\nVU la demande du minist\u00e8re des arm\u00e9es, re\u00e7ue \u00e0 la pr\u00e9fecture le 22 juin 2023, d'ouverture\nde l'enqu\u00eate publique relative \u00e0 son projet de modification des servitudes radio\u00e9lectriques\nde protection de son centre radio\u00e9lectrique militaire de l'a\u00e9rodrome de Dijon-Longvic\ncontre les perturbations \u00e9lectromagn\u00e9tiques et contre les obstacles ;\nVU les pi\u00e8ces du dossier d'enqu\u00eate publique joint \u00e0 la demande susvis\u00e9e, modifi\u00e9es et\ncompl\u00e9t\u00e9es par le minist\u00e8re des arm\u00e9es ;\nVU la r\u00e9union de pr\u00e9sentation aux collectivit\u00e9s et op\u00e9rateurs concern\u00e9s par le minist\u00e8re\ndes  arm\u00e9es  \u00e0  la  pr\u00e9fecture  de  C\u00f4te-d'Or  le  20  d\u00e9cembre  2023  de  son  projet  de\nmodification des servitudes radio\u00e9lectriques de protection de son centre radio\u00e9lectrique\nmilitaire de l'a\u00e9rodrome de Dijon-Longvic contre les perturbations \u00e9lectromagn\u00e9tiques et\ncontre les obstacles ;\nVU la  d\u00e9cision  du  30  novembre  2023  par  laquelle  la  commission  d\u00e9partementale\ncomp\u00e9tente a fix\u00e9 la liste d'aptitude aux fonctions de commissaire enqu\u00eateur pour l'ann\u00e9e\n2024 ;\nSUR proposition du secr\u00e9taire g\u00e9n\u00e9ral de la pr\u00e9fecture de la C\u00f4te d'Or,\n1/4\nPr\u00e9fecture de la C\u00f4te-d'Or - 21-2024-03-28-00006 - ARRETE PREFECTORAL n\u00b0608 du 28 mars 2024 portant ouverture de l'enqu\u00eate\npublique relative \u00e0 la modification des servitudes radio\u00e9lectriques contre les perturbations \u00e9lectromagn\u00e9tiques et contre les\nobstacles prot\u00e9geant le centre radio\u00e9lectrique militaire de l\u25a1a\u00e9rodrome de Dijon-Longvic\n109\nARRETE\nArticle 1  er   : Objet de l'enqu\u00eate et communes concern\u00e9es par le projet\nA la demande du minist\u00e8re des arm\u00e9es (direction interarm\u00e9es des r\u00e9seaux d'infrastructure et\ndes syst\u00e8mes d'information, DIRISI), il sera proc\u00e9d\u00e9, dans les conditions fix\u00e9es par le pr\u00e9sent\narr\u00eat\u00e9, \u00e0 une enqu\u00eate publique pr\u00e9alable \u00e0 la modification des servitudes d'utilit\u00e9 publique\ncontre les perturbations \u00e9lectromagn\u00e9tiques et contre les obstacles prot\u00e9geant le centre\nradio\u00e9lectrique  militaire  de  radiocommunications  a\u00e9ronautiques  et  de  surveillance  du\nterritoire, install\u00e9 au niveau de l'a\u00e9rodrome de Dijon-Longvic.\nCette modification, qui entra\u00eene une extension de l'assiette respective desdites servitudes\npar  rapport  \u00e0  celles  institu\u00e9es  par  les  d\u00e9crets  susvis\u00e9s  du  30  septembre  1991  et  du  29\nnovembre  1991,  a  pour  objet  de  tenir  compte  des  \u00e9volutions  apport\u00e9es  \u00e0  la  fois  aux\n\u00e9quipements  composant  le  centre  radio\u00e9lectrique  militaire,  notamment  \u00e0  la  suite  de  la\nfermeture  de  la  base  a\u00e9rienne  102,  et  \u00e0  la  partie  r\u00e9glementaire  du  code  des  postes  et\nt\u00e9l\u00e9communications \u00e9lectroniques par le d\u00e9cret n\u00b0 2019-229 du 25 mars 2019. \nLes communes concern\u00e9es par ce projet de modification des servitudes sont les suivantes :\nArticle 2     : Dates et si\u00e8ge de l'enqu\u00eate  \nCette enqu\u00eate se d\u00e9roulera du jeudi 11 avril 2024  \u00e0 14h00 au vendredi 26 avril 2024 \u00e0 17h00\ninclus, soit pendant 15,5 jours cons\u00e9cutifs.\nLe si\u00e8ge de l'enqu\u00eate est fix\u00e9 \u00e0 la commune de Longvic.\nArticle   3     :   Commissaire enqu\u00eateur  \nM. Georges LECLERCQ, officier g\u00e9n\u00e9ral en retraite de l'arm\u00e9e de l'air, est d\u00e9sign\u00e9 commissaire\nenqu\u00eateur de la pr\u00e9sente enqu\u00eate publique.\nArticle 4 : Lieux d'acc\u00e8s au dossier\nLe dossier d'enqu\u00eate publique sera tenu \u00e0 la disposition du public :\n\u2022 sur support papier, \u00e0 la mairie de Longvic (1 all\u00e9e de la Mairie, 21600 LONGVIC), aux\njours et heures habituels d'ouverture  : du lundi au jeudi de 09h00 \u00e0 12h00 et de 14h00\n\u00e0 18h00 ; le vendredi de 09h00 \u00e0 12h00 et de 13h30 \u00e0 17h00 ;\n\u2022 en version d\u00e9mat\u00e9rialis\u00e9e,  sur le site Internet de la pr\u00e9fecture \u00e0 l'adresse suivante  :\nhttps://www.cote-dor.gouv.fr/index.php/Actions-de-l-Etat/Environnement/Toute-la-\nreglementation-environnementale/Enquetes-publiques-diverses/Sur-plusieurs-\ncommunes.\nArticle 5 : Observations du public et permanences du commissaire enqu\u00eateur\nObservations du public\n2/4\n- Breteni\u00e8re (21110)\n- Chen\u00f4ve (21300)\n- Chevigny-Saint-Sauveur (21800)\n- Dijon (21000)\n- Fauverney (21110)\n- F\u00e9nay (21600)\n- Longvic (21600)\n- Magny-sur-Tille (21110)\n- Marsannay-la-C\u00f4te (21160)\n- Neuilly-Crimolois (21800)\n- Ouges (21600)\n- Perrigny-l\u00e8s-Dijon (21160)\n- Quetigny (21800)\n- Rouvres-en-Plaine (21100)\n-  Saint-Apollinaire (21850)\n-  Saulon-la-Chapelle (21910)\n-  Saulon-la-Rue (21910)\n- Sennecey-l\u00e8s-Dijon (21800)\n-  Thorey-en-Plaine (21110).\nPr\u00e9fecture de la C\u00f4te-d'Or - 21-2024-03-28-00006 - ARRETE PREFECTORAL n\u00b0608 du 28 mars 2024 portant ouverture de l'enqu\u00eate\npublique relative \u00e0 la modification des servitudes radio\u00e9lectriques contre les perturbations \u00e9lectromagn\u00e9tiques et contre les\nobstacles prot\u00e9geant le centre radio\u00e9lectrique militaire de l\u25a1a\u00e9rodrome de Dijon-Longvic\n110\nSera tenu \u00e0 la disposition du public \u00e0 la mairie de Longvic dans les m\u00eames conditions d'acc\u00e8s\nque le dossier papier mentionn\u00e9es \u00e0 l'article pr\u00e9c\u00e9dent, un registre sur support papier, cot\u00e9\net paraph\u00e9 par le commissaire enqu\u00eateur, destin\u00e9 \u00e0 recevoir les observations, les propositions\net les contre-propositions du public sur le projet de modification des servitudes.\nLe public pourra \u00e9galement adresser ses observations, propositions et contre-propositions\navant  la  cl\u00f4ture  de  l'enqu\u00eate  (soit  au  plus  tard  le  vendredi  26  avril  2024  avant  17h00),\nlesquelles seront alors annex\u00e9es au registre mentionn\u00e9 au pr\u00e9sent article :\n- par courrier au commissaire enqu\u00eateur \u00e0 l'adresse postale de la mairie de la commune de\nLongvic (1 all\u00e9e de la Mairie, 21600 LONGVIC) ;\n-  par  voie  \u00e9lectronique  \u00e0  l'adresse  \u00e9lectronique  suivante :  pref-dup-contact-public@cote-\ndor.gouv.fr.\nPermanences du commissaire enqu\u00eateur\nLe commissaire enqu\u00eateur tiendra \u00e9galement des permanences pour recevoir les questions,\nles  observations,  les  propositions  et  les  contre-propositions  du  public  sur  le  projet  de\nmodification des servitudes, qui se d\u00e9rouleront :\n- le jeudi 11 avril 2024 de 14h00 \u00e0 17h00 \u00e0 la mairie de Longvic (1 all\u00e9e de la Mairie) ;\n- le samedi 20 avril 2024 de 09h00 \u00e0 12h00 \u00e0 la m\u00e9diath\u00e8que de Longvic (m\u00e9diath\u00e8que Michel\nEti\u00e9vant, 3 route de Dijon, 21600 LONGVIC) ;\n- le vendredi 26 avril 2024 de 14h00 \u00e0 17h00 \u00e0 la mairie de Longvic (1 all\u00e9e de la Mairie).\nArticle 6 : Publicit\u00e9\nUn avis au public faisant conna\u00eetre l'ouverture et les modalit\u00e9s d'organisation de l'enqu\u00eate\npublique sera publi\u00e9 par  voie d'affiche huit  jours  au  moins  avant  le d\u00e9but  de l'enqu\u00eate\npublique  et  pendant  toute  la  dur\u00e9e  de  celle-ci,  au  lieu  habituel  d'affichage  de  chaque\ncommune concern\u00e9e par le projet selon la liste \u00e9tablie \u00e0 l'article 1er du pr\u00e9sent arr\u00eat\u00e9.\nCet avis sera en outre ins\u00e9r\u00e9 en caract\u00e8res apparents, par les soins du pr\u00e9fet de la C\u00f4te-d'Or\net aux frais du ma\u00eetre d'ouvrage (minist\u00e8re des arm\u00e9es), dans deux journaux r\u00e9gionaux ou\nlocaux diffus\u00e9s dans le d\u00e9partement de C\u00f4te-d'Or, au moins huit jours avant le d\u00e9but de\nl'enqu\u00eate, et rappel\u00e9 dans les huit premiers jours de celle-ci. \nL'avis d'enqu\u00eate sera \u00e9galement publi\u00e9 sur le site internet de la pr\u00e9fecture de la C\u00f4te-d'Or \u00e0\nl'adresse mentionn\u00e9e \u00e0 l'article 4 du pr\u00e9sent arr\u00eat\u00e9.\nArticle 7  : Cl\u00f4ture de l'enqu\u00eate et remise du rapport et des conclusions du commissaire\nenqu\u00eateur\nA l'expiration du d\u00e9lai d'enqu\u00eate fix\u00e9 \u00e0 l'article 2 du pr\u00e9sent arr\u00eat\u00e9, le registre d'enqu\u00eate et\nles  \u00e9ventuels  documents  annex\u00e9s  seront  clos  et  sign\u00e9s  par  le  maire  de  la  commune  de\nLongvic  qui  en  assurera  la  transmission  dans  les  vingt-quatre  heures,  avec  le  dossier\nd'enqu\u00eate, au commissaire enqu\u00eateur.\nLe commissaire enqu\u00eateur examinera les observations recueillies. Il pourra entendre pour ce\nfaire toute personne lui paraissant utile de consulter.\nLe  commissaire  enqu\u00eateur  r\u00e9digera  un  rapport  \u00e9non\u00e7ant  ses  conclusions  motiv\u00e9es,  en\npr\u00e9cisant si elles sont favorables ou non au projet.\n3/4\nPr\u00e9fecture de la C\u00f4te-d'Or - 21-2024-03-28-00006 - ARRETE PREFECTORAL n\u00b0608 du 28 mars 2024 portant ouverture de l'enqu\u00eate\npublique relative \u00e0 la modification des servitudes radio\u00e9lectriques contre les perturbations \u00e9lectromagn\u00e9tiques et contre les\nobstacles prot\u00e9geant le centre radio\u00e9lectrique militaire de l\u25a1a\u00e9rodrome de Dijon-Longvic\n111\nLe commissaire enqu\u00eateur transmettra le dossier et les registres assortis du rapport \u00e9non\u00e7ant\nses conclusions au pr\u00e9fet de la C\u00f4te-d'Or.\nLes op\u00e9rations pr\u00e9vues au pr\u00e9sent article seront termin\u00e9es dans un d\u00e9lai d'un mois \u00e0 compter\nde l'expiration du d\u00e9lai d'enqu\u00eate. Il en sera dress\u00e9 proc\u00e8s-verbal par le pr\u00e9fet de la C\u00f4te-\nd'Or.\nArticle  8 : Mise  \u00e0  disposition  du  public  du  rapport  et  des  conclusions  du  commissaire\nenqu\u00eateur\nUne copie du rapport dans lequel le commissaire enqu\u00eateur \u00e9nonce ses conclusions motiv\u00e9es\nsera d\u00e9pos\u00e9e dans les communes concern\u00e9es par le projet mentionn\u00e9es \u00e0 l'article 1 er du\npr\u00e9sent arr\u00eat\u00e9, par les soins du pr\u00e9fet de la C\u00f4te-d'Or.\nEn outre, une copie des conclusions du commissaire enqu\u00eateur seront communiqu\u00e9es aux\npersonnes int\u00e9ress\u00e9es qui en feront la demande aupr\u00e8s du pr\u00e9fet de la C\u00f4te-d'Or (Pr\u00e9fecture\nde la C\u00f4te-d'Or / Secr\u00e9tariat g\u00e9n\u00e9ral / Direction de la coordination des politiques publiques /\nP\u00f4le environnement et urbanisme \u2013 53 rue de la pr\u00e9fecture, 21000 DIJON).\nCes  conclusions  seront  \u00e9galement  consultables  pendant  un  an  sur  le site Internet  de  la\npr\u00e9fecture \u00e0 l'adresse mentionn\u00e9e \u00e0 l'article 4 du pr\u00e9sent arr\u00eat\u00e9.\nArticle 9 : Ex\u00e9cution\nLe secr\u00e9taire g\u00e9n\u00e9ral de la pr\u00e9fecture de la C\u00f4te-d'Or, le maire de Longvic et les maires des\nautres communes concern\u00e9es par le projet mentionn\u00e9es \u00e0 l'article 1 er du pr\u00e9sent arr\u00eat\u00e9 sont\ncharg\u00e9s, chacun en ce qui le concerne, de l'ex\u00e9cution du pr\u00e9sent arr\u00eat\u00e9, qui sera publi\u00e9 au\nrecueil des actes administratifs de la pr\u00e9fecture de la C\u00f4te-d'Or et dont copie sera adress\u00e9e :\n\u2022 au maire de Longvic ;\n\u2022 aux maires des autres communes concern\u00e9es par le projet mentionn\u00e9es \u00e0 l'article 1 er du\npr\u00e9sent arr\u00eat\u00e9 ;\n\u2022 \u00e0 M. Georges LECLERCQ, commissaire enqu\u00eateur.\n4/4\nPr\u00e9fecture de la C\u00f4te-d'Or - 21-2024-03-28-00006 - ARRETE PREFECTORAL n\u00b0608 du 28 mars 2024 portant ouverture de l'enqu\u00eate\npublique relative \u00e0 la modification des servitudes radio\u00e9lectriques contre les perturbations \u00e9lectromagn\u00e9tiques et contre les\nobstacles prot\u00e9geant le centre radio\u00e9lectrique militaire de l\u25a1a\u00e9rodrome de Dijon-Longvic\n112\nPr\u00e9fecture de la C\u00f4te-d'Or\nDirection des Collectivit\u00e9s locales et des\nElections \n21-2024-04-03-00002\nArr\u00eat\u00e9 modificatif n\u00b0 625 relatif \u00e0 la division\nannuelle des communes en plusieurs bureaux de\nvote et portant transfert de certains lieux de\nvote\nPr\u00e9fecture de la C\u00f4te-d'Or - 21-2024-04-03-00002 - Arr\u00eat\u00e9 modificatif n\u00b0 625 relatif \u00e0 la division annuelle des communes en plusieurs\nbureaux de vote et portant transfert de certains lieux de vote 113\nE ' Direction des collectivit\u00e9s locales et des \u00e9lectionsPREFETDE LACOTE-D'ORLibert\u00e9Egalit\u00e9Fraternit\u00e9Bureau des Elections et de la R\u00e9glementation Dijon, le 3 avril 2024Affaire suivie par : D. HORNY et C. BROUSSET\u00e9l : 03 80 44 65 41/65 40m\u00e9l : pref-elections@cote-cor.rouv.fr\nArr\u00eat\u00e9 modificatif N\u00b0 625relatif \u00e0 la division annuelle des communes en plusieurs bureaux de voteet portant transfert de certains lieux de voteLe pr\u00e9fet de la r\u00e9gion Bourgogne-Franche-Comt\u00e9Pr\u00e9fet de la C\u00f4te-d'Or\nVU le code \u00e9lectoral et notamment ses articles L. 17 et R. 40 ;VU la loi n\u00b0 2016-1048 du 1* ao\u00fbt 2016 r\u00e9novant les modalit\u00e9s d'inscription sur les listes \u00e9lectorales ;VU le d\u00e9cret n\u00b0 2014-175 du 18 f\u00e9vrier 2014 portant d\u00e9limitation des cantons dans le d\u00e9partement dela C\u00f4te-d'Or ;VU le d\u00e9cret n\u00b02018-350 du 14 mai 2018 portant application des lois n\u00b0 2016-1046 et n\u00b0 2016-1048 du 1\u00b0\"ao\u00fbt 2016 r\u00e9novant les modalit\u00e9s d'inscription sur les listes \u00e9lectorales, notamment son article 2-1 ;VU l'arr\u00eat\u00e9 pr\u00e9fectoral n\u00b0 359 du 28 ao\u00fbt 2012 ayant divis\u00e9 la Ville de DIJON en 95 bureaux de vote etl'arr\u00eat\u00e9 pr\u00e9fectoral n\u00b0 571 du 24 ao\u00fbt 2015 ayant reconduit la division des communes en bureaux devote pour la p\u00e9riode du 1\u00b0 d\u00e9cembre 2015 au 28 f\u00e9vrier 2017 et modifi\u00e9 le p\u00e9rim\u00e8tre g\u00e9ographique decertains bureaux de vote de la Ville de DIJON ainsi que le lieu de certains bureaux de vote ;VU l'arr\u00eat\u00e9 pr\u00e9fectoral n\u00b0 1207 du 14 d\u00e9cembre 2020 instituant un bureau de vote au titre de l'articleR.40-1 du code \u00e9lectoral ;VU l''arr\u00eat\u00e9 pr\u00e9fectoral n\u00b0 1012 du 29 ao\u00fbt 2022 relatif \u00e0 la division annuelle des communes enplusieurs bureaux de vote et portant transfert de certains lieux de vote ;VU les informations fournies et l'avis \u00e9mis par les maires consult\u00e9s ;SUR proposition du Secr\u00e9taire G\u00e9n\u00e9ral de la Pr\u00e9fecture de la C\u00f4te d'Or ;ARR\u00caTEArticle 1 : En application de l'article R.40 du code \u00e9lectoral, les emplacements des 908 bureaux de votedu d\u00e9partement de la C\u00f4te-d'Or sont fix\u00e9s conform\u00e9ment au tableau figurant en annexe du pr\u00e9sentarr\u00eat\u00e9 pour la p\u00e9riode du 1*\" janvier 2024 au 31 d\u00e9cembre 2024.\nPr\u00e9fecture de la C\u00f4te-d'Or - 21-2024-04-03-00002 - Arr\u00eat\u00e9 modificatif n\u00b0 625 relatif \u00e0 la division annuelle des communes en plusieurs\nbureaux de vote et portant transfert de certains lieux de vote 114\nArticle 2 : Il est cr\u00e9\u00e9 2 bureaux de vote sur la commune de Saint-Julien avec le d\u00e9coupage \u00e9lectoral ci-dessous :Bureau n\u00b0 1 : Mairie - salle des mariages \u2014 2 rue du Pont neufLe p\u00e9rim\u00e8tre du bureau de vote comporte les rues suivantes :- Du 11 au 29 rue des Louvi\u00e8res - Rue des Poiriers- Du 34 a 56 rue des Louvi\u00e8res - Place de I'Eglise- Rue Virolot - Rue du Lavoir- Rue de la petite fin - Rue du Pont Neuf- Rue en Val Fontaine - Rue du Moulin- Rue de [a Vignotte - Impasse de la Charme- Place de la Croix de Pierre - Rue du Pr\u00e9 Audon- Chemin des Argilli\u00e8res - Rue du Grand Pr\u00e9- Rue des Alleux - Rue de la Dame Blanche- Rue de Revaut - Rue de la Molade- All\u00e9e en Grand Loup -RD 28D- Rue du Joncheroy - Route d'Orgeux- Rue des Pommiers - Rue du Meix d'OrveauBureau n\u00b0 2 : Mairie \u2014 salle des f\u00eates - 2 rue du Pont neufLe p\u00e9rim\u00e8tre du bureau de vote comporte les rues suivantes :- Chemin de Crispin - Rue des bleuets- Rue de la Combe - Rue du muguet- Rue du centre - Chemin de la Tuilerie- Rond-Point Sainte-H\u00e9l\u00e8ne - Rue de Boussy- Chemin des Solaires - Rue Denuit- Rue des Louvi\u00e8res du n\u00b04 au 24 - Rue des Vernes- Rue des Louvi\u00e8res du n\u00b03 au 9 - Rue du Patis de Bey- Rue de la Gare - Rue des Champs d'Oiseaux- Rue de Champoiron - Rue Comblanchet- Chemin de Champoiron - Voie Creuse- Rue au Pr\u00e9 du Bain - Voie Champ Grand Didier- Rue de la Croix Rouge - Chemin de la Garenne- Rue des coquelicots - Rue du Meix Andr\u00e9Le bureau centralisateur de la commune est le 1er bureau.Article 3: Le pr\u00e9sent arr\u00eat\u00e9 ainsi que son annexe listant les bureaux de vote du d\u00e9partement estdisponible sur le site internet de la Pr\u00e9fecture de la C\u00f4te d'Or \u2014 www.cote-dor.gouv.fr.Article3: Le Secr\u00e9taire G\u00e9n\u00e9ral de la Pr\u00e9fecture de la C\u00f4te-d'Or, le Sous-Pr\u00e9fet de l'arrondissement deBeaune, le Sous-Pr\u00e9fet de l'arrondissement de Montbard et les Maires des communes concern\u00e9es sontcharg\u00e9s chacun en ce qui le concerne, de l'ex\u00e9cution du pr\u00e9sent arr\u00eat\u00e9 qui sera publi\u00e9 au Recueil desActes Administratifs de la Pr\u00e9fecture de la C\u00f4te d'Or.\nFait \u00e0 Dijon, le 3 avril 2024Le Pr\u00e9fet,Pour le Pr\u00e9fet et par d\u00e9l\u00e9gation,Le Secr\u00e9taire G\u00e9n\u00e9ral,\nSign\u00e9 Johann MOUGENOTPr\u00e9facture de ia C\u00f4te-d'Or53 rue de la Pr\u00e9fecture - 21041 DIJON cedex11 C3 80 44 64 CO Site internet hiip/fwww. cote-dor.gouv.fr\nPr\u00e9fecture de la C\u00f4te-d'Or - 21-2024-04-03-00002 - Arr\u00eat\u00e9 modificatif n\u00b0 625 relatif \u00e0 la division annuelle des communes en plusieurs\nbureaux de vote et portant transfert de certains lieux de vote 115\n|AsioyL9p@104SIGLLLO00outewLAaonua|5_(3s1133,1ponuau1ewe|apSUO|3]BPNUS)UMINPNEIDBNYLLooo8s1|83,]pens-aisteNLAJONVIHDSKossa,payno3LLL1000ledidluniJ125UODNPajjes-oulelLLOWO19S.1JUBA\u20acUIjNOUINP8NVSL|1000auleWL3NOVLNOW-NI-AYAIDsan1apuesgG}-aBeyin37-ALnelL1000ansapuelSL-o3ejia97-au1eWLNVALYHO31AVNIANVHD5I-outeL1000auew|L C1ONaTELVHOs|ueLu1000auewLANINNVILYHDg|autewL1000au1eWLSITIONDIdWYHDSanapue1osz-SuleWLL000ansapuesgSZ-BLIEWLNO\u00cfNYWYV-ANS-ATIIVHOsAw3[pyaied1SOUIEJUOS3NZL-SUIEWL1000Kwsgipyyeg15SUIEIUOSSNZL-SLIEILAZ93SNADS-5ansspues9L1000JLIEW\u20ac]9PS0\u20ac|d-SHIEWL \"(W1)3HONO\u00a5NSavaissne5auewL1000auleWLA3HNO85Sl9P1939H119P30\u20ac}dL1000o-BHA3P[239H,9P80814-3UIEWLJHONOYNSANOITE5.-uelL1000ajeunwwosayjes-3BejIA91-auiehLLONV185||-anySpueJOZEL1000aulewLAVNONVE-ATUNIE5|(surewSupjsedaoey)AodaidopsinoyLLO00sulewLIWNVHON3A3SSaGS|uelLLO00aueWLATIINOd-SNOS-LON3T1385In@jynpan4LL|LO00a1uslenflodaljesLYANNOat31QYVE5quowrynsLLLO00Juowyan1-ou1EuL1NVXNYsan:spuesdszL|'1000-auelL3INOH-VT-ANDIENY,S_|ueL1000autenL3NIVanv5ogez1000asngenbiv,]po-olunoausloS!ONG31AVNYVsaulewLLO00 5aulehLAZONOOUVSauteuLL00OauteNLI7TIAV1ANDILNYs3DVHDIIA3V.A(S)LNAWIOVIdWAS39/NIISSIYAV;(S)LNIWIDVIdWA.A|NYIANGNA1909JUIWONDNAI31AYNYV.0NOLNVYDtcoc3NNV38301NANASSICNOWUV\u2014ILOA1OXNVIYNEILOA1OiaIHAWONSINNWWOD\nPr\u00e9fecture de la C\u00f4te-d'Or - 21-2024-04-03-00002 - Arr\u00eat\u00e9 modificatif n\u00b0 625 relatif \u00e0 la division annuelle des communes en plusieurs\nbureaux de vote et portant transfert de certains lieux de vote 116\n-sulekeJapan7LL000 -eNL3HONOYNSATHOHL]5ou1eWLL000oulel|L|AIJYINOHLSon1apuesdOLL|LOO0 -iU_._...\u0153z.L.rm...wm\u00fbuw._uy\u00e6m_o_._._.S-2Be|jiA3|-anIeu\u20ac]9P92814Boo os2394sopajjes-OLIEWL |AassnssauelL|1000|o-onleLATUVIWIS5B3UIBWEJJUBASQ-10IBUIEIUOSBNYLLO00B1noq27-u1ewWL |5ATTIAYSSueL|LO00BauleuLxassovs,S21183,1apanyL,LO00|25|83,apany-autew,OL-3SSOLNYSgunIeL-JUIES30yL|1000_INWSSap1101\u00a7-au1eNLANIAVS-ALNIVSg-uelL|1000|-suew|AVNYVS37x\u00ca-._.z_\u0152....saluelB9ps0\u00ebIdL|LO00ouley@opecejdp-ouleNw,OLXNVAN3JYWAIS-LNIVS3ouleuLLO00ouewL |YINV13INILYVH-LNIVSS5au1euLLO00autewtL|ATNAW-SNOS-SIYANONsse394sapajjesLL000sejgysapaes,L(v1)LOdAHOOYgayoieledapne|Duesfaoeds3,L|LO0Oayoiellledapnej9uesfaseds3-ojuojea\u00c6jodajjesLSIOXNY-NI-ATIINOdg-ou1eWLLO00owewLONYTENIVdSSIIIA9P[930H,9P89\u20acid|L|1000c-3IlIA8P[31QH,|8P80\u20acjd-SHIEWL|AVIONSau1ewLLO00ue\u2014JediDIUN|yIBSUSDNPanesLANDISAWgueLL000;-slLLNVNYVHOIL3NVIOLNOW=HENLLO00E_ anleLNV3FLNIVS-LNOWsNesJeUINPONZ-UIENLL000NESJEUINPans\u00a3-ou1EWLLONITOW5autekyEJsp25eidLL000_SuIeI\u20ac]8p93e(dp\u2014JEdioiuny[195U0DPajjesLTNIWIWSuelL100|syLJYIVSSINIWSs66QYOZ-OHIEWL|L000|v66QYOZ-u1ELSAYANON-UNS-ATIIEN,gansspuedZLLL000,omew|L|SIOYLYVW5100BPUBID\u20ac]9P20e}d\u20ac-O1NEW\u20ac]\u00a70By-LL000B-1n093pUBIDe|opany-BLIEILANDO-ATINOUVWSs-SJewGLNP904\u00ffLL000_ORNL|TINIS3HOYVWSXNOAIYL-UIUB}YSP33N01LL000 12nL |AYINVWs.UOI108JIPUSan1E|JUEJUOUEIUBZooh_thnofl_m.n\"_maohmnwh._o@\"wm\"\"u%'\u2014 LO00S__ SHIEW\"A\u00cf;>ZO_._<Z.SueuSyuesanyLL00ONeseenatw_:flwnmu\"who\"__,mwLNIINOVIsP1equeofs0\u00ebjdL-SLIeh|L|L000|pequeaf20e|dL-UENL)ZONOOVH5sjuodxnaponueany|LL0002431152PON-SUIENL.3HONOYNSANOISNTssomasspongL-00S1500pagnHeny-ueW,L|JHONVOVTSKeu1y,p81n01p-53194sapajjesL |1000 .Keu1y,p21001\u00ff-12891Jutess213)Sops1ESLwAanof51USAEUIINOLNPXIOIDEJ3P9n\u20acLLO00uelL|ASSIO4suen[L000auteuL|(37)L34SBiIEjy\u20ac]9PSINODL1000SlIEIEJ9P20E1dLL|A3SS3|sanapuesnL|1000E-anyapue:s9OF-SUIEWLANOILNDIsansapue1gL_LO00surenL-JLVHOI1ASSND.S-auleWL|1000eL-LIIND.5\nPr\u00e9fecture de la C\u00f4te-d'Or - 21-2024-04-03-00002 - Arr\u00eat\u00e9 modificatif n\u00b0 625 relatif \u00e0 la division annuelle des communes en plusieurs\nbureaux de vote et portant transfert de certains lieux de vote 117\n\"an\u0153_ucfiw.answ_u:\u0152w.uEmE.sulewauele[apmum_n_.\n...-+...-_+\u2014-_\u2014-\u2014-_ \u2014-\u2014 o\u0153\nLO00LOOOLOOOLOOOLOOOLO00LO00LOOOLOOO\nSLIE|N-UOJODSIA:\u0153mEmI.aulewSENBl3Pv:mm.Kossogoponyz\u2014ou1ewwt_m_)_.w_l__mz_o_.__mz.aulE}\\B|3P8N4|-XNVA-NI-SYNOf:NeaingawazS11|AL6\nAVNIANOANVAYOWN3SHAITIIA-MIIAS3d$3ADIASIONVIA.JHONOYNSAIANIAATUEASIOXNY-N3-3SSINIANVALNOW-TVA\nW LN UD UN LN LM A M LM\nPr\u00e9fecture de la C\u00f4te-d'Or - 21-2024-04-03-00002 - Arr\u00eat\u00e9 modificatif n\u00b0 625 relatif \u00e0 la division annuelle des communes en plusieurs\nbureaux de vote et portant transfert de certains lieux de vote 118\n14|PLm=-\u2014\u20147 T==v\u00cfgA31e|y29047:nea1ngawapL|MwmSS|OYSopan1p-gaJlejSO|D9997:neaingSwagL:asnaJlleyde|apany_a|JJuJSIEU|[eH-SJOI|EUIFSSP9/093:NeaingawezLZLOOduweyoneysouneu2ny211010249y\n2|099,|ops084U'saBuejeyDapNESWEH-SJaI/ey2]3/0937:nealngawalLlKuS1gspaanoy'seJooIjyquies9j003-0L00Au819sps\u00eenoy_3|I1A3P[23QH.|9P2%eid'3|jIA9PJ920H-PL6000Auginesap910ytLaNnv3gSsonboef15dNZ'sanboefjujesJerrosa1Jueg-mmmmS99ASTsapanyfAUOSUEyI|NEdON339989/J09NPSN1'SPIPID0SSIP|930H-1INODSWIQZS191UUO12199/097:NeaungouesH$99A27sopony|s0001N02313|812|UUO8198/093:Neaungawap|gneaung-[BIDOSs13U87:Nes1NgSWEmmwwYNealng-|[BID0S213U97:neaung|Z000awaz383}|0DNP9Nl-59391905SOP|910H:neaing,.Lneainq\u00bbL\"INNIWWOD]9P\u00a5NILVSITVILNIDJOVHOISAV.GeAvTinEAOVHOIIAV.A(S)1NANIOVTdNISIO/NG3SSIHQV(S)LNIWIDVIdWI.AALOA3a(X)NVIYNdS3A/NAISSaYAVY3gSAINNWWODNOILdNISNODUIDJAGWHONINAWONINNVI830NOINV53\nPr\u00e9fecture de la C\u00f4te-d'Or - 21-2024-04-03-00002 - Arr\u00eat\u00e9 modificatif n\u00b0 625 relatif \u00e0 la division annuelle des communes en plusieurs\nbureaux de vote et portant transfert de certains lieux de vote 119\nTT1Z,UNPNEIAIUneZYanyBPUEID)LLO0021234qsa1dnpassedw)\u2014on1spue19Z1USWNEELANOVS-UNS-NIINOHdWAS-LNIVS5 |- soloopsepedeld L I L000 se3eye|y sop ajjes - UofiQ ap a3noy - MW L 5 INOVS-UNS-ATINOd| 5\n- ans 2pUBID O\u20ac - OHIEW L [ LO00 ans apue19 OF- BU1E] L ITUAWT-ANOVe 5\n- syinf sop any L LO00 ssInf sop ans '\"autejy 'Jediorunus jrasuos NP ajes L - INOVS-YNS-TYI NIV S93WwoDaysue14opany|_L1000PJWODSYDUE143P3N9L-MBILAAHOI1-SaT-SIO8SOYOs-\u00e6napue:gL_1000SuIeuL|NONY195o3ONssogons-aujeu\u20ac]apa3noyvoo\u2014jenssogonysigg-se1edsepalles|L|5LINVXNYYAS 5tenb1000SIISIO]ap39senUODUsapales|LSTUAIHDs\nQee|9P9N-\n-\u00e6unasapainoyLL-BuIeN,Lwoo |21095p21N0YLL-(SASIO|ojjesoxeuuy)oUWLONVIEWVHOsJuowy,pany|1[1000anyapuelOLb\u00a3\u2014SUIEWL-e-NiOgeS|213387SPJEUISIENONI'UuSedled-neainq\u00bbL:INANNOSej\u00b0PYNILVSIIVYLNIDUJeuIJUOLSP33N0YLLO00se21089-15-SUNN8pa1n0y-9/023LLJONOVASINIV1d-N3-A3ZVd910NOLNVI\nPr\u00e9fecture de la C\u00f4te-d'Or - 21-2024-04-03-00002 - Arr\u00eat\u00e9 modificatif n\u00b0 625 relatif \u00e0 la division annuelle des communes en plusieurs\nbureaux de vote et portant transfert de certains lieux de vote 120\nUNpIDASP330019L-SUIE}\nOt\nsb\n1000s9121sop2|je5:n\u00e6asngJaL\nPr\u00e9fecture de la C\u00f4te-d'Or - 21-2024-04-03-00002 - Arr\u00eat\u00e9 modificatif n\u00b0 625 relatif \u00e0 la division annuelle des communes en plusieurs\nbureaux de vote et portant transfert de certains lieux de vote 121\n. suIeN \u20ac] op 99e|d L 1000 amelelapacede L | C XNOLNVN s\naljeuu e| ap ace|d ZL L LO00 auSedweyd e| sp ons 9 L INNV39 S31 ANOIE S |\nPr\u00e9fecture de la C\u00f4te-d'Or - 21-2024-04-03-00002 - Arr\u00eat\u00e9 modificatif n\u00b0 625 relatif \u00e0 la division annuelle des communes en plusieurs\nbureaux de vote et portant transfert de certains lieux de vote 122\n251p83,)8pon19-\u00e6t...\u0153z_\n- - - = -\nLOOOLO0OLO00LOOOLO00\nauneeopo0ejd|-ou1EW,nssnoga3sI1degueafansZ-sno3inodc0m_mz.2s1|83,}apans9-auteuAisAA\u00c6uoneaan1||\u2014sjewif)sopm__mm.2|jpdeygejapany-ay1e8ysjulesm__mm.\nAYNTOASITIONDIAATIIVLINNVI9\u00a737ANDIAYSAYNILNVYS\nm uU DU v\nPr\u00e9fecture de la C\u00f4te-d'Or - 21-2024-04-03-00002 - Arr\u00eat\u00e9 modificatif n\u00b0 625 relatif \u00e0 la division annuelle des communes en plusieurs\nbureaux de vote et portant transfert de certains lieux de vote 123\nuizegsanboe(\u20ac00093|(e\u2014[udnoy211BIUSWR[D91097-PUDLIIOWSPa}jeS:NEAINGSWIE[ au1ejy ej op soe|d L- su1ew L LO00 sule EJ op a0e|d | - sulEk L LNVNYE-LI-NIVLIO S\ni\nLO00(uofi@*114)DIAONOT3PSUNWWODejapneainq.|:NOINVD0PYNILYSITVILNID\n[\nJYANON={2s|FWAWON\nPr\u00e9fecture de la C\u00f4te-d'Or - 21-2024-04-03-00002 - Arr\u00eat\u00e9 modificatif n\u00b0 625 relatif \u00e0 la division annuelle des communes en plusieurs\nbureaux de vote et portant transfert de certains lieux de vote 124\nSIOUOID-1SSLINN39NOLNYI\nJYAWON\nov6e.aLewe}SP30\u20ac|dL|1000seBeuewsapajes-aulewL3INVWOU-INSOA.s--sina||LLsop20e1dL1000$In3|j1LSops0ejd-53194sop3jeSL CBAVAVISYITIIAs |-1@ipoysjo\u00f4uei4an1SL-SU1EWL|LO00J91poySIOSUE143NSL-eIL3NIVLNO#SYVTTIA.S|251|83,/8psnLLO0025183,}9pa0e|]d\u20143u1eHLSIDNOAVSS |xnesJauayosapan1ZLL1000XNEDIBUIYDsapans7-sesjuoouay3Pajes-auleW,LANU-VT-NOTNYSS12k04npany8L |'LO00 L12k04NpBNy-auleuL3T13dVHO-V1-NOTNYS5KosnagspansoL1000Kesn395PansO-53194sopajjes-SuIelL1a3@IHd-LNIVS5xneaygap21n0Y\u00a3LLO00xneayoopognoy\u00a3apnaisaes.LXNVALIO-SII-SVIOOIN-LNIVSSoUjEWIOYSIONOF-SHIELLLO00DUJEWIOYSION9E-SHIELLQUYNYIE-LNIVS,SansapuesgSL-sHEL1000\u20141.o19pueIDSL-SuIe|LAZONINDs1auleyy\u20ac]ap0\u20ac|dL1000XNEABLINODE|9PBN-$219)sapapjesLAASSIdd-XNY3WAHGs9000UIOGUED)19JNBODUCD8PNESWEH:Neaing2Wg1N905u099pNedWeH'as:|83,jSJoA-400021QUIIOGE]OPON\u20ac11085944:NEINgWG21249137E]9P904'SYNNSPUOSIE|-NessnqalL:.NOLNVDNPYNILVSITVYLNIDBangopuesO6-UIEW,LLO00anyapue:9G-uleWLAISSN-SIT-ATUYIWS25183,9ps\u00b0e1d.L1000pieynog[B0JBIINBIOBYBNUBARZ-BUIEW|XNY3LID-STT-ATIIO5 |esnfnpanyg-slieW||L11000_eesnfNPany\u00a7-LBLaNvTH3OSau(ouuyquIesasseduy|L1_'...wowTsHIlewL-A3mm:..._.S|-2511891aps0eIdL |1000assegany-2093euvarouyLXNV3ZAHI3-A3OV14s|aujeueaps0e1d110003LlIEIWe|9P9DE|d-OQUSJEAKOdJjESLNIOT09\u00a50DS\"os183,1apsnyLL000bb6L300VLZNP90E/4-59194SIP'fesLNIIHONVIEWOOsensapues9\u00a7-suew|L1000ansapue1Q\u00a7-s1ELsaouveSe-1Eje;2P92\u20ac|dL00031eje|9P\u00b002]d8-eILLNVNIOUVSIOVHOIAV.A\u2014&%\u00abfinaJ9VHII4Y.A(S)LNANIIVIdNZSIO/NGISSIYGV@._.zwflnumu._,.__:ubALOA1Q(X)Nv3\u00ffngsad/naassaaav3aSINNWKWODNOILJIYDOSNODHID\nPr\u00e9fecture de la C\u00f4te-d'Or - 21-2024-04-03-00002 - Arr\u00eat\u00e9 modificatif n\u00b0 625 relatif \u00e0 la division annuelle des communes en plusieurs\nbureaux de vote et portant transfert de certains lieux de vote 125\ntcoc\n$19150159PN4\u00a7L10005183,19panyL-[einyo0edsgLSLOd-SI1-SYITIIAznaSe(1p208)dLLO00L.JBLOGdWVHIz\nuiledasuoyd|yony-ucwfl.__mw_wmflWWwwm-\u00a3000SOULIY,P8DEjd'S[[PAUSLISUDA]DIES:NeaInGSREJO.p-2100EjapMeduyNPany-.\u2014\u2014JUAWON3TNmflnZ\u00ca...=-\u00a3:\nPr\u00e9fecture de la C\u00f4te-d'Or - 21-2024-04-03-00002 - Arr\u00eat\u00e9 modificatif n\u00b0 625 relatif \u00e0 la division annuelle des communes en plusieurs\nbureaux de vote et portant transfert de certains lieux de vote 126\n[8LvLJoypoynpansg _500014507NP9JEUNUIWOD3Jes:NEDJAGuEmm_r000Quegueaf33\u20acj4)J0U;0ISJ1ej0dsdNOJL):NEa1INGDUH(1SS0JopueYDIOMUISS0P/d)coooUOIZEINE)52;APS/jESpsejaydegJE_posSIS:Ne3INqBWRE142000(snsspuesssap23n0J)JegS3102V1AVNNYSYVIH\u20acAeuugsielyspUOSIELY:neasngawezL000(sn19spueig)sapa3n01)aiyleduea(ajjes-Aeuuesiepyapuosiel]:neainqesJayooyNpang'(Supjred)JeyooynpsjeUNUILIODJ[eS-1egues(aoejdJ2uj0Danepoos3dnoD-.sns9spues$sapanou'Aeuvesiejyapuosiek-NEDING\u00bbL:INNWWOD\u20ac|3PYNILYSIIVILNIIOpoUNE35433NlpLNPanuUaAY-1082n0gpuou\u00c6Aeyany-60001NE'ING3WRE.uinsBuejnedany-8000:Nea1nqswgg;SLIEWIE|sapang-2000:NeasnqowgzJleusnpaseuwX\u00c6321n20/9'soZnogspaduAjoany-2000Jo1UNS|N911814S0EI/dZ:neasnqowgg10)(INS)SWIXEMSN-5000SIJLA8P[930H:NeasngBWRS.\u00absaNajoyA597\u00bb21209sadno18ainpop'AuSisse1apameTapjeydpJENpIerajnog-000:Neasngawgp|K124sojnf9(|2UIBIBW910992INIQ|D'UIZEY1IUBHPICA|NOG-vl\u00a3000:Nea1nGawRE6INONIHD\u20acpueugopnsuy3Ny- 000:Nesungawazsessn]Aegany-Loc0:neasnqL\nomB8u0]speany-\n\u00c6renapxhyang-neasnq\u00bbt:NOLNVONPYNALVSHYYLNII|\n- ;A9VHOId4V.A|JAONZ3H330NOLNVD\nPr\u00e9fecture de la C\u00f4te-d'Or - 21-2024-04-03-00002 - Arr\u00eat\u00e9 modificatif n\u00b0 625 relatif \u00e0 la division annuelle des communes en plusieurs\nbureaux de vote et portant transfert de certains lieux de vote 127\n2000auelgepjuognpesenbs=:neasngaweznea.nq\u00bbL:INNWWO3\u20ac|2P\u00a2:.m._.<m_._<\u00a2._..2mus18813Asapany-90003484NPONUAAY-SIOWCID97:NESINGWYDsedNPanusay-s000ejapualyUoS|3Na11gj09sade:neasngawes8selyJujesany-000SUONEBIDOSSYSOPUOSIEL]:NESANGEWRHSIOWO1INP8NUBAY-\u00a3000SUIPIE(XNESUIEJUO4ET2118|03890:NESINGSWREPOUO|yS30POFUL338-2000aoeds3,|9pony-SOYONHSOp24181025adD):neaungsMEZ7SBDIAIESNESJEUSJUEADP'DLIBWEjdP[EDOSAVIAIDS'90|EJ3PpIensinog-1000aoeds3any\u2014sayon}HsepaJ1ejodsadg:neasnqL\no0eds3,|speny-sauIeSUaq|y32\u20ac|d-,neaunqou2\u00a3iINNWIWODBl2PYNILYSITYALNI2=000JUOJNP3Ny\u2014SIOJOLUZapoxauuedUIELs:NBIINGSWRZ_16000ses1saua|y:neainqWG_ |8000seJgno||y23:neasnqWY_neaJnqau27:NOLNYDNPYANZLYSITYALNIINERNGSUEZ*INAWWOD19PYNILYSITVILNID!\u2014J|IOVHIIE4Y.G=t,'JYEWONI|\ns - : =2 A g = | JUIWON |YNIANYS-LS-ANDIAIHD39NOLNYD\nPr\u00e9fecture de la C\u00f4te-d'Or - 21-2024-04-03-00002 - Arr\u00eat\u00e9 modificatif n\u00b0 625 relatif \u00e0 la division annuelle des communes en plusieurs\nbureaux de vote et portant transfert de certains lieux de vote 128\nquessedneyapAngs'(a3e)sLt0\u00a300S1IBJUOWS|3neadelq5103:neaing3W\u00c8OE9}INS)sauv@JeAapa|pau1aqeu3093-8200SJ1EJUAUIS|33IRIPE|E|3/093:NEBINYBWIGZneadeqnpanuaae'(oZe[ju83|1ns)neaderq31LIUSWRIP(003-9200DIJSUISIEM285033|07:NEJINYSWZIZszo0a|puss)euNEBDUBWS|D8/093:NEBINGBWYSTsoBnu:gapan1'(esnp1oque11011013JNs)ajjne.3PsejeUI99241-1200sifouidlelSLDIdWEQ81007:nealngswLzJa1seg301'(31113e|1ns)auaidweq3(jauialew3/023-0200soZeLiE}NSaps|jes\u2014ajjtASP|910H:NE3INGawagz\n|\nneasnqSWRBL:NOLNYDNPYNALYSITVYLNIInesinq.t;INNNWOS\u20ac8PYNILVSITYELNID\n|\n1OVHII3AY.A(S)LNAW33VIdH3,;G3LOA39CONvaune,ssa/naassauavSANNWWOINOILdIH3SNODUID\n-\nZNO[1Q30NOLNVILNOfIO30NOLNYI|LL_PilZ1002Ss0A2G$2194sapJ||eS:neasungawazL9L002850A9(]52194Sapajjes:neainqs29St002350A959294Sapories:nessngWIStL00UlAIOgB5BUWIAS):nessngawapLUGNappnoeyanuB3p938p,USa|S)UA\"(3/,133EJ1ns)0BNHJ0IDIAS11EJ05SAdNO1G-1100UIAI0g352UWAD;nea1ngauaLLuodwogSIOSUE14pieaajneq\"UrOION3|INS)1edeydiucyy830417-0L00:_.>_.onaseumA9fessnqawa0LS0zsopMm.........w......m_flwh......w.wMw...\"fi...mflwm_mnfi\u00fchfifi...i6000pneujxSNLIEQ32(1YPNEYRISNLIEQ39|V-...%...._\u00cbs\u00e4zDl:neaingawesqueje;apan)'\"(nw3|Jns)SOUBPAOI4-x\u00ae$pudosdo)-LLw%wW...__...MW\"W\u0152W\"...anu...MW\"\u00bbW\"Wou....\"M\"\"\"\"wflwwLNOIIQLguBmasopp/gsa)nog(3IN1QDap1nu3]1ns)A21e(]aurejonsadno19-9000\u00b0auBinfap_:om\u00e6_.o:..e!nessngawgg3S9NQ,i3Ppleas|noq(2Be;ju$2j1N5)159NO[J)JUJSIEU9/033-s000wcw...:\u2014ap|noeyans'@p;nesngawasJO,P-8305\u20ac|9pans'UINIOGSSEUW\u00c9Snp39339-000w__u...._1918}353009/093;neaingwEav,uofig-sej-auje3unySpan)'auRPWF]3|SSJIEUT31enbsAPBIMQIDINS-\u00a3000S/PSUISIELISSNO31093......mu._:nawugepneyjiusaueg33|yJedeysJUO\u00cbaPpsjneHajjausaqeu3(093-z000Ad1eganej095adno1s9:neainqawezLO00K51ego11g055dno1.):neaung181;nessnquL:__NOINVSNP\u00a5NALVSITVELNGD\n|\n_a0VHOIS4V.QRlslLIYIWON\nPr\u00e9fecture de la C\u00f4te-d'Or - 21-2024-04-03-00002 - Arr\u00eat\u00e9 modificatif n\u00b0 625 relatif \u00e0 la division annuelle des communes en plusieurs\nbureaux de vote et portant transfert de certains lieux de vote 129\nT\n1900311E3UBWP|FBIIEL|OA9j0937:NEOUNGSUQLSJOpne|D\u00ff1PUY13@Gyandp\"S)009,[8PSO|[US53]IN$-15005|[2UIBIRINSOUVOY5911341023:NEaINGAWILS\" 0500 L SJIBJUSWP|T PIEZNUQUOL 8/093 : NEBING AWROS; Spuenyapan)'anw3|ans)Joeuudweyssps01dsoHy', eAa(] - [Nea1nq.l:INAWWOD\u20ac3PYNALVSITVULNIO1DVHOIA4V.0(S)LNAWIDVIdW3.QSYSHWON| (SILNAWZIVIdW3.Q310A30(O)Nvaynegs3a/naassauavANSINNHWOINOILdIYISNOIYID|LLL00UOMEBWIWRYS|[IWEDENJQL:NEDINGBWR/LYUOLIEUUIE|4apjiWETENJ'(a8e)|u83]1NS)SISOSOPp3418|025SdnOJH)-ZE00Od9pNeajeyg-9/093:NRAINGIWRLEneaing.l:INANWOD\u20ac9PYUNALVSITVULNII.-54-3WEWON\u2014\n110A3a(X)nvaynasaa/naasssuavENOfIO1GNOLNVD\nSINNWWOINOILdIH3SNODUID\nPr\u00e9fecture de la C\u00f4te-d'Or - 21-2024-04-03-00002 - Arr\u00eat\u00e9 modificatif n\u00b0 625 relatif \u00e0 la division annuelle des communes en plusieurs\nbureaux de vote et portant transfert de certains lieux de vote 130\nzl|oz- atey \u20ac] 9P 30 \u20ac - el t | LO00 8v184 e] 8p sn \u20ac - au1eW L LOYINDIAVTA \u00a339196002]jJU:)EN95ES|y9097:NEBJNGBIIRYG7600x|Jp1agsdwey?s1120953dnoio):nea1snqawa76ousen25opon'(23|189JNS)DIES|Y\u0178OJJJUISJEU2/093L800SOISIHEJUEYZ597;aeaingSUQLE|0800auB$ue1Q,1-asngend:\u00ffy,|apuIpie(:nessnqau208- 3 I9VHII44V.QIDVHII4V.Q(S)LNIWIDV1dWLAITWON(S)LNIWIDVIdIWA.Q310A10(X)Nv34na$3a/NAIssuay849NSANNWWODNOLIJIYISNOONID\n9NOMQIGNOINYDOLZL8200Zo11e1uawA|3squnefuesf8093:neasnqawagzs5200|SseJuSUIR)SSQUNEfuES(9/053:NEBINGBWIRG/\u00a39003]eus@1Ejy[NBIABYD)3]093:NESINGSWIEY-2500SJJU:S)EH|NOJA8YI91097:NES:NGBWIZY\ni3OVHOIA3V.C3Y9NON\nSNOfIO30NOLNYIILOA3I(X)NV3ANISIO/G3SSIYAV\nPr\u00e9fecture de la C\u00f4te-d'Or - 21-2024-04-03-00002 - Arr\u00eat\u00e9 modificatif n\u00b0 625 relatif \u00e0 la division annuelle des communes en plusieurs\nbureaux de vote et portant transfert de certains lieux de vote 131\n\"08304.L*INNWKWOD\u20ac13PYNILYSITVYULNIDSHOUBIUO; Ej 3P 8N \u00ff - SUIEW L 1000 : anjoue3uo4 eJopany - aulew| L SIONVd \u00bb =2000soljjesesopsoeid:NEeaungWYL9000sa(ines-syog:neasnqw9Aneasnqal:NOLNVONP\u00a5NILYSITVYLNID\nPr\u00e9fecture de la C\u00f4te-d'Or - 21-2024-04-03-00002 - Arr\u00eat\u00e9 modificatif n\u00b0 625 relatif \u00e0 la division annuelle des communes en plusieurs\nbureaux de vote et portant transfert de certains lieux de vote 132\nsyuegaps31018L1000sIjuag3P33001\u00a7-MRlLSIONVYYA\u00cbajusjendjodanesBupjuedLL000510gnpans9L-ajuajenAjodajjesLINIVId-NI-ATOHLEon1apue1gZ-UKLLO00snspue19Z-8u1eWLSve-31-luvlE(2AeqqQy,j-1ie)opSUNIWODsuvsDUY)c000soupeusagsepony/-su/E|!NeasnqawazsAeqqy,-He,seuipJeussgsapany-MEH-ej2121SJOUVOGIEGSOPany-z(aneH-a;-UE;spSUNURLODBUUBPUY)4e\u00cb1000ssyBUVOGIE\u00cfsapanyp-So124Sop3||ES:n291NGW)_|AE3INGL*INAWKWOD\u20ac]2PYUNALYSITYELNII_(eu1ewe;apa5e;ua)a1apue1gLL|LO00ansapues,|-soZejieuIsapapjes-auleuLINIVId-NI-STHANOY\u20ac|[>nsspuesgZ-SUIEWL1000ansBPUEIDZ-SUIEWL13ANTde|B-25133,]apenz-autewLLOOD251183,8p804Z-oulewLSNAITYVWN\u20ac|[n-BuofiQ)sps1noyZE\u2014ou11S4BPUBID\u20ac]LLO00uofiqSp83n0y-ousd;apuezSB-sejdiyjnussofesngajjesLINIVTd-NI-1YN0239N01B\u20ac(Qinea\u00f1jgspsunwwodsuvaduy)SH901AJEJ!lWIYBNY/-S0194SapI||ES:neasnqawazB113J0IA[BIIWYANI\u00a3'YNRAN|J3Psunwu102X3-|\u20ac000\u00c7LOOSEULIYmlEJ3P8IN01G-[IDSUOINP2JjES!NEZ1NGLol; neaunq\u00bbL:ENAHHOSBl2P\u00a5NILYSITVYLNID25133,)8p81neHan1Z-ufepLL000Juod1584npa9/je\u00a7-suone[possesapUOSIeLYLdWYHIDNOT\u00a3sayg;sapa|jes2|apJNW8]83UOD25//83,|9PANLoU3JJUBAYLL000351133,9panyg-autewLA3NDIO41N3W3D439V1\u00a3_oypue|gOJUSYEJ9PIN3gLLLO00oydue|gSJUDYEjSPSNEL-GNJS3|lilNPSYUSILAAOdv__mm_L43121\u20acSINBOSxneanySIg\u00c7-2418|025adno19LLO00SINS0Sxne3NySIg\u00c7-a1/2p00sadnosgL34N1Z1\u00a3+000a}|negap|RIPUID)'ACQL-S|UIL)2PBUIEYNE3INGWPsalyeursyneda|jes\u2014squnefuesfonl\u20ac\u00a3000pPNEssIOINEd?[PINYNISdEdS3:NESINGSIZE,esioueAe,apanm9|saunefueafani\u20ac'\"pnesssQ|ned[@Jn)jnosoeds]-\u00a32000\u00c6u4sajnf21093:neaungAW3|INEO9P|[EIFUFOINUPAEG|'BRI-1000pness1Q[NEd\u00bb210ND)30eds]:AB3ING.oneanqs:NOLNVDNP\u00a5NILYSITVYLNIDNesINgolINNHWWODBl2PYNALYSIVALNIOujew\u20ac;spa2e|dLLO00suewe|9pooe|d\u2014aslejuaWA|E91057...o::o...u:u..__LAINYIANYS|\u20ac=susalngautouuyan\u00a7L1000BWIR|INGBUICIUYBN\u00a7\u2014BLIE}YLA3O1H23\u20ac2000(so121L1914SPSUNLWOOSUVSPUY)ONYSPURID/:OESINGawazYspuesg/'SaJ91W3IdSPSUNWVWOSX3-.uq.11049j8489apan1|'sasalwaigSa|s98uO|02apaunutwosx3-[4LO00(s21R1Wa1\u00a2-59|-59BUDJI0DAPSUNUILIODauvaidue)31049|3119gapanyL:NESINYLlGSada|W3dd-L3-S39NOTI05\u20ac|sn1spuesgLL000J1I0A|NPON1\u2014S9194SOpS/[ESLJH/3EWYHD\u20ac!sano[e|span16LL000SuIewWLATULANS-AISSIO\u00a3JUOWY,panIc-m.:_mz.LLO00JUOUIY,p901Z-soSeue)sop(e-auleWLXANYAILID-SITAZSSIE\u00a3SJRINNEJ3pansLZLLO008181A14B|BpBNlLZ-SUIEWNLLYO4-31-34139\u20acesnfnpan:eLLLOD\u00fbeanfnpnpj-JEdIUN}119SUODNP2jjeSLPEEN)4\u00a3.\u20142OVHOISAV.G.ueIDVHII4V,A(S)LNIWIDVIdIW3S30/NAASSaYAV(SJLN3IWIDVIdW3.a310A3(X)Nvayna$3a/naassauav1GSAINNWWODNOILdIYDSNODEIDJYGWON'\nSI1N3924NOLNYD\nPr\u00e9fecture de la C\u00f4te-d'Or - 21-2024-04-03-00002 - Arr\u00eat\u00e9 modificatif n\u00b0 625 relatif \u00e0 la division annuelle des communes en plusieurs\nbureaux de vote et portant transfert de certains lieux de vote 133\noulewLL000aulewLJONVHO-VT-INISIOdbKe8uojesops3n01ZL1000188129AiusHsonbuge;51dajesLITILAYOv TJUBA\u00aeTNP3NYSIZ\u2014SUIEWLL000JUEA@TNPINYSIGE\u2014SHIEWLSIONITAYNNYSYVWHbamoypue|geapany-2000S310UdURdB]SP2Ny\u2014XNBIWIQ)SINOdSOpd|eS:_..u.u:.\u00f1meN,Neasnq\u00bbLFNNHWWOS\u20acl3P\u00a5NILVSITYEINIDaunu1wosB|spade|dLL000SUNUILUOSUOSIEUIB]SP3N/\u2014$8134SOpayjesLA931vayuajen4jodajjese|g85e3'sujondegsepany-L|LO00zAE3JNG\u00bbLrATIL-UNS-SIv\nsinuadneusnusay-\nooynpanyLLO00ooyNPs0yZ-BUIEWLSIONZYIvSinognpanigLL000Brnognpansg-suielyLILLOYASIA-LI-LONDIVHAb Boulewe[apaoe)dLL000aLelN\u20ac]8p908]d|-SUIeWLSINNVA3HD3bJOnC1]8P9N\u00a2LLO00JOAB1L3PINJ#\u2014DY\u2014sajdnnwsagesngajjesLLOAYb\nPr\u00e9fecture de la C\u00f4te-d'Or - 21-2024-04-03-00002 - Arr\u00eat\u00e9 modificatif n\u00b0 625 relatif \u00e0 la division annuelle des communes en plusieurs\nbureaux de vote et portant transfert de certains lieux de vote 134\nneajeyanpansoj|lAxnap213U3any-53124sopa[jes\u00a951183,/3Poum_._.xn]spainoy'&sa194sopa|ese|....:m>wn_.UOJANNO]3Pan/-D1NISPTDLUPPP14SDEId-1yedspsenop3onuaay-agualede|apsn'Unu8]10s)935UISN-3Lely\u20ac]3p202)g-\nLol Rl Kol Gt IR o I I Il\nLO00LO00LO00LO00LO00LO0010001000LO00c000LO00\nne(gXNNPR4L-9_m_)_,se|jiAxnapaqueany-3124sepB[ES.sIOUESSNOg3P23N0Y-BUIEWneijiigNPony-3_mz..[BAY,Pany\u20ac-SUIEUOJANINODSP9N\u00a3-SUIEWasseqany/-w_..._mz\\w_ou..._.uIena(LIUBHBNy\"\u00ab21N9597DU9PH14\u00bbD||ES;NESINGJWIZUIEAO(LIUDHINY\"\u00abSINISOTSLUSPHI4\u00bbBJ|ES!NESINGoLneainqaL:INNNWO3\u20ac2PYNILYSHVULNII\nLu[i-[=[=[=l-[-|=|=|ev\nFTILL-ANS-AITIAILWNOOITUASINNOYIALONYIASIYASIA-SIT-SIONYIAINSYVLAJONOTISAOdS|'vvT T T T YS T\nPr\u00e9fecture de la C\u00f4te-d'Or - 21-2024-04-03-00002 - Arr\u00eat\u00e9 modificatif n\u00b0 625 relatif \u00e0 la division annuelle des communes en plusieurs\nbureaux de vote et portant transfert de certains lieux de vote 135\nNes1gyDnpangL1000IOURRENS1033,15PPIPLROWSPLSel\u00a2NOMG-SI1-ANDINYId\u20acneanqg\u00bbL:INNNWOS&3PYNILVSITVELNIDneainq\u00bbl:NOINVS3NPYnaLVSIVHLN3IneangL:INNWWOD\u20ac|2PYNILVSIIVHULNI3DLLSE-HEceMOP)C22t;SVo=SO.\nPr\u00e9fecture de la C\u00f4te-d'Or - 21-2024-04-03-00002 - Arr\u00eat\u00e9 modificatif n\u00b0 625 relatif \u00e0 la division annuelle des communes en plusieurs\nbureaux de vote et portant transfert de certains lieux de vote 136\nSnofeg-BqUINgouejajSsen3LL-a1tebsLLO00mnofeg-vraqunySUBIAIKSansLL-auleWLINNVIONIAUNS-INIIS-LNIVSz|=='-|No4NP904ELLO004N04NPNs\u00a3\u201459184sap3||es-sulewLINNYIONIAINS-IKINNY\u0178W-ENIYSz_8000s/jnegsp[RIPUPD)SN1-NOJEOG3JES:NBIINGJWRIG\u00c0w%\u0153JUEZSUOTSPSjJOUINOISI,PINEJNI(:NEsINGaWRZ(Bupyed9]aueaap)JIUSAY,|3PBN\u20ac]apsequ]-HSTV(:neaingsweswiayxiaHasenbsnpSuo|)'IneyBuppeda|.__...mDPUNO|4\u20ac7JE(dJOWIWUOD94JU9I-s000uesfquIesan1(:neasnqowesanegapjesrpuggans'pudny,p\u00e6inbega1/8p09Sadno19-000SUOREIDOSSEmw.vuosiepy(:nesngawepJUBISUOT)BBI[BUIN0IST,P[NEJBN'SISI0T3P2189-A>e\u00f9;;9uMOTNzb\u00e9IueafaUIES9N(OJIUE(|\"4'jds3)suOREIOSSEsSPUOSIEUSR3]-3PN-suOnE\u00c9LIO,es:nesingoues\\11\u20ac19W1913]SOIEUSON'SUOHEIZUPOOJJES-\u00a3000fs1i0sp501KNSajjes:neasngowezAa21018p901\"AlinSa1jes-_z000)A2a10143p3yKenouapen:'saunefaceds3-1000seunafaoeds3-viuogpneusyajjes...:neainquaLneaing.l:_NOINVDNpYNALYSIIVYLNID1n04pue19NPanuL|1000=DUEWepapaceidL-auewLIAINTYz|2004apezs-\u00c6ossa1gaponyL|LO00e5189,|apany|LITIILYNSATIWIY\"\u20acs2124sapa(jesLL0000s3124sop911esLINNVIONIAYNS-ATINO|z(suIEueapsesdnes)eygNp1N05e|suep)Jainay,ueafaniLLL1000jasnay]ues[8nLy-DAY-eLNIVYO%z\u00c0B--5duseyosapany|-SuIeWLLO00sdweyDsopany|-LRlLATHSIOz1anyapuesg/LLO003Nyapuesg/-SUIeWL3Z39-YNS-NOYIONz|INNVIONIA .\nane20gL83\u20ac14LLocoOE8L29P14t\"4NS-IANINITTIA-AYNYOW-ANDIINOWz2000anyapue19ZE-NOIWYHDAN90__.Nm\u2014SUIE|y;NERINGBW]IZansdpuesO28LLO00anyapuessZ\u20ac-[edPIUNA[I9SUCDNPajjes-BLIBIA:NEBINGLz7IF-VNS-TIVIETINzneaingL!INNWIWOD\u20ac]2PYNILYSITYYLNII25/183,]apanaLLLLO0095133,8pon1\u2014._....LCUVOIW-INIVS-ANOVWcJLAGNHJUIES201ZLL000suo(333/9sapajes-ot_m_)_...LINNYIONIAHNS-AIIOITzAewie|apaynos\u00a3-o11euLLO00Aewie]apa3n01/-auewLANSOIDNYIz=1ssiesuelySUIEJUOIBP3IN0)|-JUIEULL000DSIESUEJ4SUIEJUOJOPDINO1|\u2014SAISIO]3P39SO/JUOOUEIapSoeds]LITIANILNOIze1\"Apueojesgug9ansL-auteuLLO00\"IApueoepupoaniL-auenLASIVONVE4-INIVLNO4z.SyJLA8P|93QY,|8P8N19-S3194SBPaIJes-SUN\"3E9LLO00S11A8P[210Y,|8P8019-5319S3P3||BS-oUlE}.umm_L3314-13-J8YF(dNVOz|>LanlspuelyLLLO009n19pue1g|-eLAJY3SINDz2000uofigapany\u20ac-asjepoasadno19:neasngawazoM\u20acoINS5pSt;L000Uofiqapany\u20ac-1120953ANOIS:NE3INGel.NONYILAODANEBJN]\u00bbl:INNWIWOD|2PUNILYSITYYLNIIINSANESquiesops3n01ZLLLO00Jnoanesquies3Pon-LWLnsonaxH>|z|aulep4\u20ac]op85\u20ac1dL=SH1EHL1000u1El\u20ac|ap9De]dL\u2014auIeuLdWYHOWNOI-L3-IWNVYHDzanseynpenyLL1000asvaLnpanz-anlewLSIWUVHD|z|aney3019LLO00s1neysn9-sueuLINNVYIONIAUNS-INOVINYHDzIn3zeyzapsngLLO00|In9ZEYI8P3NJ\u00a3-SUONI9|9SSp3||esLNIYYI9YNO8NzSute)yEjsponyLL000auteyejapansgLANNY3ONIA-YNS-ANOVIE|z951)83,19P2Ny@L-21eLLO00951183,9PonggL-BLIEWL3110N0Z39az2.13102U3,)9P3N'seujo\u00cbSep10190-nnCsuotapdueunn_TN]unpiAspSarlzLO0021104dpduiey>npa0e|d-SAUIOW3PBNED.L1zag|z2000sajonesapsn9Z$axewnda/093:neaingawez.JjuannosNP8081L1000senonesap3019sasjeusud9joo3:neaingulz3ANINITTIEzn1251871aps0e1dL1000uofigap2301L-OENLTa1VHO-AT-3NI39|zBBBapanyZ-IRLLO00auielye)apanyZ-su1eWLINNVIONIAUNS-LNOWNY38z|SNdPULIDOF-SUIEWNLLOOO-ony9pue1g)\u00a7-SUIEWLnvaouv\u20ac|2000aule\u20ac]3p310L|zaxeuuy-ajuspemAoda,es:neaingaw@azSRB)9PS0E|d-qL000L9xauuy\u2014udjealjodapeS:neainq.,\u00e8ITNLYNSQUV\u00a3neaunq2L:INNNNOI\u20ac|2PYNILYSITVYLNID.IOVHIIEAV.G\u00eew...__.._o.\u2014wmnn-19VHIISdV.A(S)LNINIIVIdN3SI0/NA3SSIYQVA@.\u2014.ZHENU(.._L:N.D310A30(X)Nvagng$3a/naassauav39SINAWHOINOILAIHOSNODYIDJYEWONWAWONUIVNITIOdYLNIVS30NOLNYD\nPr\u00e9fecture de la C\u00f4te-d'Or - 21-2024-04-03-00002 - Arr\u00eat\u00e9 modificatif n\u00b0 625 relatif \u00e0 la division annuelle des communes en plusieurs\nbureaux de vote et portant transfert de certains lieux de vote 137\nasIeSue14-SUJEJUO4IPHINOYseduigepw:\u0153...8inognpa03mH\nLO00LO0010001000LOO0\n+B1nognpans\u00a7-au1eu)wt_mZ,.6r[\nINDIAIIALONODIYHD13SIOUVASHIHOOYLAYNYLSITIOAYS\nPr\u00e9fecture de la C\u00f4te-d'Or - 21-2024-04-03-00002 - Arr\u00eat\u00e9 modificatif n\u00b0 625 relatif \u00e0 la division annuelle des communes en plusieurs\nbureaux de vote et portant transfert de certains lieux de vote 138\n\u00a3eeL6\u20ac13\u00cfe\u00a3Vasseqan1zLMLO00aulewLNITNOW'13IAvS1Q14EI\u20acap3NyL[L000S121P27B|apany-auleWL.-3YA-SNOS-ATHHIAv[95183,9p3%e)d\u2014s-\u2014LO00BIngsOa0e1d-SIUC\u20acsopo,JesL3HONO-UNS-SUVTEA|L_\u2014\u2014TB{...\u00cefNeaujssnogx1je439|V96000(Ojjes3)13AN0U)J9/8YDIyPUOUIPZJES:nea1nqoE\u00e6a_neauissnogX13439|V98000(ajjesayaanou)1BIBYDIPUOUIPZZJJeS:NE31NG8WR9NEAUISSNOYX1249Pppe939j9UI1iNS(JES-2000UISSUETWNS:NB2INGowazUlAaSue]jneg801'UIASBUETWNS-NlG(010H,\u00eapsnzNa1G-1939H,19PON3Z324[9318|NOfES-9000W32[32.E\u00eafJeS:Nea1nqaua9ado.n3,)9paUIOgPuUOy'UBINYDSLeqoyanes-eadosn3,9p3uj0dpuoy6ANVIVLA8419149GGy2oe|d|'suosse1gwwmh......oosoeds3-s000UEwWNY2SLEGOYBIIES:NeaINgSRSSaIOnes8p8NSUIQUALET-r000auI3ldPqQy0810|'suassesg598090S0E0S3:NeasnqWySHAJOI90JSUIQUNLET-\u20ac000S9IJONESSPMY-SUIGUN]BT:NESINGBWIREauewE)paoe|d|'sl-2000NP0any-BUIGIN|B}:NEBINGBTLO00I8SUOINP3}ES-LBy!NEDINGelneaunql:KNOINVSNpYNILYSITYYLNIDAE3ING4oL:INNWWOD2|8PYNILYSITVYLNID\n7\u2014__,J91u1N042udiupg208jdL|L000205N219|]PUEUIP1843NY\u2014SUIEWLNONY38WOSL|ade491dU3L1000UIB|BI8P33N0Y-BUISIOAAND)SIISIO]3P19mwb\\cou:mwopaceds3LNIVIVYW-SNOS-ANDIAYSranyapuesgSLL-8H1EW3LO00anyapuesgSLL-8LI1EWLJHONO-YNS-IIUVKILNIVSbauielepapacepgZ-8uleWLLO00SUIEB]3P208/gZ\u2014S1s1EWL-3HONO-UNS-YOLDIA-LNIVSvJ[I9AB|9p9IUOL\u20ac|8P9yLL0009184B|9P99IUO\u20ac]Bang-su0:ungyAPaqjesLIN30F-IANVIFINIVS\u2014\u00a5aufew3unyiedLL000Audigny,p81001\u20ac-aulewLLOHLNY-1NIVSve\u2014Tanyapueso)QL-eyLLOOOSnySPUE4LBL-SUIENL_INOVINOW-NI-ATIIWIY|venapuesgLLO0010]11LNP30-21184L1NOTVdvz000su01499(3SapB||ES-sL;:neaunqawazalhAop1939HLLo00SUOIUNGYS9PPUSS-SUIBWNIl5NO\u00ceIA-SAT-SINIIEWONELNE31NGzl:INNWWODel2PYNILYSMVYLNIIBUNUJUIOSVOSIEUSB|aPpBNy-LLO00:\u0153oE._OM_ap202jgL-eyLsIndsva.|Lansapue1g\u00a7\u2014auIewWLLO00anmapuesg-aulelLLOTINIOLNOWvsegnpan;-eyL1000segnp9n3|-dulewLINOWSIW|_vPUP9S3UNEWSNYQE-SLIEWbL000PU99SDUNELY9NyE-8118NLNIVIVH_\u00a5.oute|yB3P80\u20acjdL-[IWD18907-SUIEL|8PJNODL1000sule]apa2e|dL-WDJe207-SE\u20ac]3P1109LAYNILNVT12I4gseidNP8N1L-SUIENL10002114qsa.dOP31L-8HIEWLINOVLNOW-NA-SIOESOYDL95139,pon18-811eLLO00abiewLNONYIJ9NWOS-SIT-CINVNIYO4JON01G21sn8ny30\u20ac/dLLO00J0N01G31530y8084G-JAY-[l8SUOINP3|[ES-eLJHONO-UNS-A3SSIOtayneyan1LL1000auewLNTlanowa9t-nemepnpanizL|10001esoudosnpsny51qL-ouIeUL-2HONO/sA3\u00a5NITLf\u2014cCBBIO4E)apanyg-autenLLO0028104e[panyG-2HIEW)NN4\u201483neH207SL-elL1000\u00e6jneHanySL-sulewL334Q\u00a5JueBuL:4ony$109dZ-2UIEWL1000-3UEBUU430y3IN3dZ-BHIEWLJISId-VTASSNEvnea1gydNPany\u20acL|1000NesIEUTNP8N-SUIEWLLAVH-ASIVIEJr21934qsa1dnpany,L.100081@3Aqsa1qnpany-seLsva-Asivia_v|BueonjedeldL[L000ueonTacedp-autewLJHOOY-VT-IHINVEbsutey\u20ac]apscetdTLLO00SUIEIEJ9P85214-SUIENLJHONO-UNS-AZYISYVE|v|asy33,]apansapue19GuIENLL000anony\u20ac|3PBN\u20ac|LNONYIGWOS-SIT-ANDIANY|vsnsapuesgLL000snlenLA3OUYvasseqanyL1000auowy,p801b-suleuLAIDNYbAayd}jol9Rx1012\u20ac]apanyLLO00w_.__mz.LA0Vv\u2014\u2014\n39VHOIddY.Q(S)LNIWIDOVIdWIa29NSINNWIWODNOLLdIHDSNOIYIIIOVHOAV.Q(S)LN3W3IVIdW3$3d/NA35S3\u00a5aVALOA3\u00a2(O)nvaungSaa/na3Ssauav\nPr\u00e9fecture de la C\u00f4te-d'Or - 21-2024-04-03-00002 - Arr\u00eat\u00e9 modificatif n\u00b0 625 relatif \u00e0 la division annuelle des communes en plusieurs\nbureaux de vote et portant transfert de certains lieux de vote 139\n-\u2014\"\u2014\nrcoz OS31E7)sidueldJuiod_UCOM;+000OO1E2B|[BUIBIE|9/093!NedlngWt\nPr\u00e9fecture de la C\u00f4te-d'Or - 21-2024-04-03-00002 - Arr\u00eat\u00e9 modificatif n\u00b0 625 relatif \u00e0 la division annuelle des communes en plusieurs\nbureaux de vote et portant transfert de certains lieux de vote 140\nxneyoe|apany9L1000Xneyoe|apany9-52124sapdY|es-SU1EWLNOSSOW4_alleE|p20e|dLL000aulewLNIAOWLNOWvaule|dejapansLLLO00SUIE|dEJ8pan1-aulewLSITIFOYUNOO-LI-LOMINOW\u00a5uoquieyduHansgLLLO00uoquieydLIUSHSN29L-OURLJ9NV-UNS-ANDILNONvas1183,|ps0ejdLLO00p1EIIN8n\u20acLNOYLIONv251(83,/apandLL000an1apue19OL-SRRLLONIWvpneusyanyLLO00pneusyan1|-3u1eWLATHANYINveulewL1000auepLAONISSYWvaJediouLIgan1pp\u2014SUIEWLL000sjedoulgON1bhLAYNIOYYWvSu1EWLLOOOsuleWLDNO-3T-A3SIVWvnessunogayany-suuL1000NEasINOgayany-31112LLY39WVTANOVWvameHanyLLO00S3NeH2Ny-ajeunuwogs1jes-SENLA30N1v|auIeuejapansLLLO00UO|UNSYSP3Y{eS-SENEJ3PaniL-aulewL3WS3NO1v.31052j8panuLLLO00Ken8uo7apany-auewLSITIONINOIt[UIE|NQUIESS02/dLLO0O79S;9AJeAapan1Z-DUl1AVION31vSjue1S|S9ysaps0e|dLLO00anmapue196L>..._\u00cb<._...t|189JOIDIAS9E|d-SENLLO0018910191AS9E|d-S9J24SOPS1JES-BUIEWLSINOIV1,ben1311134-8UIEWLLO00@n1811194-SHIEWLXNIaNOIVE-Sa1-SYNofv|as1183,|8pa0e|dL000HIeWLNVALVHO-3TAOYNOv|SUIENB|3PJNODLLO00soquiogsapany-auleuLaTTlAVT-AOUNSvsouZIe]apanLLLO00souZIe]aponipLLSITT3SIYOtSILASP1939H1/8P20e/d6LLO00S11LA8P1920H,]8PSN19L-s9194sopapjes2112LJOYNOINS-AIONVYODvSUIEJUO4e|3P32NyLLO0OK357spa3noy-aulewL(s37)s311109vSUIEIB|9P20\u20acjd|-SHIEWLLO003112jBap80e)dL-8H1EWL..._._.__>..._>__>_oo\u00eevenyapue1gsiqpLLO003Nyapue19-811eNL$31108A3D|v851133,8pade|dLLO00BIJIEWLSIONSINA-NI-SINIV.LNO4v@)lLAp80214LLO00-BUIEWNLA3ONT-SII-SITIONIAVHvJOLJED81#-SUIEWNLLO00J0HJEI87\u00ff-SUIEWLA3HDOYLI4|-aulewe|apanyLLO00anyspuesg|-9HIEWLAVWHOL3boz2gapany\u00a7-alsewLLO00922apany\u00a7-SUIeWL3LNVTYL3vaulelye|apa0e1dLLO00BHIEjNE]9p2081d-DUIEWNLsIOWVSSavS21JUODUE1S9p808|dLLOOO811U8DNP8NY-SUIEWNLJOT1VH33Fan;apue1o6LLLO00ansepue1g6L-UONda09Ypajjes-eLNVaYno9v251183,|PS02[dL-3118NLLO00351133,]3p208jdL-eLDIS-IT-HIIWINOOvW@ltLnp2081dLLO00suIeWLA3SIV.QNIW3HDvaiJleLuE|apon19L39N71SSIEWEjaps584U3LLO00ellEejspan19LLSIO9-ITINONNYHSb\nPr\u00e9fecture de la C\u00f4te-d'Or - 21-2024-04-03-00002 - Arr\u00eat\u00e9 modificatif n\u00b0 625 relatif \u00e0 la division annuelle des communes en plusieurs\nbureaux de vote et portant transfert de certains lieux de vote 141\ni 25183,1 op 20e|d L LO00 a/008, ap oyjes - e5:|83,|3P s0ejd - IR L N3IAITUA .\nB auie|y ej ap s0eid, L 1000 aule|y B] ap s0e|g | \u2014 (SoyoNOg Sujeg SUSIDUY) SUIEW L AZANVA .\n| uojjiTeyO ap any - auteu) L 1000 \" uo|neyD sp any - outeW L JY/YNNVA p\"esu83,1aponLI-Su1EWL100095118319poYLL-auteW)L ..ASIOAVSv\n- aujojuy JUIES ON1 L - JI8SUOD NP 'JjES L 1000 o - auloyuy 3uleS @n | - [1BSUOD NP ajjes L 3NI3S-UNS-DYVW-LNIVS C \u00bb\n| 2s1183,1 9p oy L LO0O 951183,9P ang L - u1E L NOAIYE-\u00a5NS-LYO4IHDOY v\n| - uouZnq np any L LO0O anbiqndey ej sp scejg - 33u3jerf|od ajjes L XNV3-531-131Y +\n( ans apue19 LZ - SUIEN L 1000 on1 apue19 LZ - dUIEW. L . AZYHVT-SIT-NOSNIOd v\nPr\u00e9fecture de la C\u00f4te-d'Or - 21-2024-04-03-00002 - Arr\u00eat\u00e9 modificatif n\u00b0 625 relatif \u00e0 la division annuelle des communes en plusieurs\nbureaux de vote et portant transfert de certains lieux de vote 142\nZoUNe3584UNPISA3PSSDS9P1N'uoliqapa3no\u00f9-\n|\n:healngswayQUVILNON30NOLNVYDZoUNe228}'auJejye|apS-eldIe0sonboefase|d'O111ASP|910H-autel\u20acf9ps0eid,L1000|)sfiedNP30e|d-SUelLCSIOLId-31XNZULINIWPEKeuaquo4apsanoyL1000ueLINOVIWYYIN|\u2014vAoypIeusaganyg-SLleW|LT1Aoypieusagonyg-suleWLLINOHVI-IT-ANORIVWv-ainpejspanysLL000|@sNDe|apony\u00a7-UOLUNZYap3|[eS-suleLONG-3T-AYNIONTvD121UUOI@1G\u20ac|SPUIWBYD-seNUOOUAYSPajJesLLO00S1@/UUO3818B|3PUILIBYD\u2014SesJUOOUBYSPajIesLSYIANOD-SITIANINITTIAV1vsyIejy\u20ac]opseudJojjensyDanyLLO00\"\u00e6suaTnp3Ny-ouleLSNITNOW-S3T-ATTIV/b8|023,}8penOLLLO008|03,8P8NyOL-9003BUUBIOUEajes-autew|OLJHDONALNVHvc|2s1/89,|apenSupyedLL00081B|[238YD\u20ac|apenysIG\u20ac-SUIENtANIZY-ZLNIVS-ANDISIUO|v(a1gnewI>npSupjed'as118,]apanyL\"Loo0xI012e]opaoe;dPL|ANOIAVIFSNOS-AISSIO|Yanyapue1g-SUOIUN?13Pajjes-SLIEINL1LO00anyapue19-SUOJUN?13PD[S-auleL-SIOTOY4\u00bb25//83,18panyOL-u1EL1000osyF3,oponyOL-SHIEN,|-SaNsausbanyspueio9L|LO00|enyapueso9-susionop30soUODUEYpsoeds3LS3HD3S-SII-SINIVLNO4.napeue|dsa,|apujways)L|LO00B-2511831ps0e1d'ZLNIY\u00a5IZO-\u00a5NS-ANDIAYTAb|2j099,|3panyLLO00a[009,}9Pan1Z-a1teNLSYALNOW-STTNIVEv|a1e8e|apon:z-ojdnjnwa8esneajjesLLO00pzeijpquuouapanis-ajo9g|LQYVELNOW-S31-NIV3v|nosnpansLLLO0059194sepajjes-BlL1MENbanyspues9;[LO003Nyapue19)/-SUIEMLeSIONIY3|bsaj039saps0e|d'LO0059|03saps0e|dL)AUVvenbijqndaye|aps0e|dL-SuIeN|\u2014L|LO00ms-\u00e6nbigndayejapsoejd|-auleWLANVdI\u00a5DbAosiouagapSIN0Y-u1ELLO00Kesjouagapa3noy-auleWLOYVELNOW-SI1-SA1139YN05\u2014baustelL[LO00asseg8Ny9L-SUOJUN?1P3|ES-auIeWLeIT13dVHO-VT-H3AOdHODbJuOdNpsnLLLO00JUOgNp8Ny-ou1eWL_AZONAYVHObpisuisoSoyeuIUOIUyBZZLLO00ouleW,L-NYASIO.C-dWVHObsegnpenZ-SIISIO]9P18SesJUOOUE!apa0eds3LLO00segnpanuZ-SIISIO]9P19sesquoouauapwumam...:LANVYO-31-ASSNEb |[251/83,}apany\u00a7-SLIEWLLO00esyS3opony\u00a7-ouleLNO44ndb|onyyopue1r\u20ac-auteLLO00|oyopuesr\u00a2-sulewLISIVINTVS-SNOS-XNOE|\u2014b|\u2014quewpjoan:LLLO00aulen,LA\u00e4sion\u00e4a|\u2014b|o3neHanyLLO00an19pueJ9pZ-IRLJlHLYbenapuelB\u20acLL00OsureWLANOVLNOW-NI-SIYAINSVv|onySpuesD9L-elLLO00angapues99L-ouleWL-snvauv,v|39VHOI44V.aJLOAT|1OVHDI44V,Q(S)LINIWIDVIdW3SIO/NAISSEHAV@.rzwu_wmw.__\"Wi.a311L0A30()Nvaune$3a/naassauav39no......fi_.\u00fc_wuaSINNWWODNOILdIMOSNOIUID\nPr\u00e9fecture de la C\u00f4te-d'Or - 21-2024-04-03-00002 - Arr\u00eat\u00e9 modificatif n\u00b0 625 relatif \u00e0 la division annuelle des communes en plusieurs\nbureaux de vote et portant transfert de certains lieux de vote 143\nB alsIe)N B| 3P 80e]d Z \u2014 58183 SOP aJjes L 1000 SLIel \u00eb| 9P S0e|d Z - 52394 Sep ajjes L | SILOA3Yd-SI1-SINIVTTIA v\n3urejuoy e] sp sce1d''H1NEN djes -| \nDUIEJUO4 EJ SP S0E|d - D1JJNEN SJJES: NedINg JOL\n| - enapueg L | 1000 251/89,1 9p ans L - BuIel L ANDI3S b\n| 0 fouenap anu s, L . '1000\u2014 | \u00c6euanapony s- sejewses sap a9s1019 \u20ac] sp ajes L ISIVWIVS .\n[ 2u1ew L 00 | ue L | ANZY-LNIVS, b\n' augyO Np any L - SHIeW L L00O 2U2YD NP BNY L - 8u1EW L | (v1) NYANNVA-GHDON, \u2014\n| UOId 308|d L- SHIEW L LO00 UOId 80Eld L - BHIEhI L AVNATIINOd b\nT sinoiiLsep sn \u20ac - au1eW \u00e0 | LO00 SIN@yJLL SOPp 3NY \u20ac - SU1EW L QUVELNOW-S3I-LNI9ON v\nPr\u00e9fecture de la C\u00f4te-d'Or - 21-2024-04-03-00002 - Arr\u00eat\u00e9 modificatif n\u00b0 625 relatif \u00e0 la division annuelle des communes en plusieurs\nbureaux de vote et portant transfert de certains lieux de vote 144\nLLO00D/EUNWO)JjjeS-BlLSIOTISOUVNv-SuelB|sps0ejdL-a1eWLLO00311eNe|apd2e|dL-eLITHA-VT-ANDVWb10W9S-S97-231919apaunwWwoI188104Np802|dZ-BUIeWLLO00398104NP20\u20ac|dZ-81EWLATILNYIvauleyye]aps0eidLLO00s2193sopoyes-aLIeWLAYN3DYV.I-HNOIY1b31eNLLO00utewL-AYNaTIInfvSina]113sapansLLLLOOOaueLQ\u00a5ve-sat+xnalv251|33,8P8N1pL118W/3d31098,|8PSJUISDUAPANLLOCO25/83,]9Pony-SUIBKLTAIA-IT-AISSIOvxnespanyLLO0OZ96LSJEUIGLNP308|d\u2014SIEWLSNVITYO4voyo3,|9]/0Ze453PneaweH-3|jozeydapsoe|dLLO008]099,]9PBNG-818NLAONVLNO449350419Ps1n0%LLLOOO@350YL3ps3N0Y\u20ac-3BLANWNAS-S3T-SITIISYNOOv51139,Opan1\u20143131PWISNPNLLO00auelyLSI18WOYHOIvnesjeydnpanigLLoooduIelLAHIWYIDvSIPEJEdNP8N1\u00ffLLO00sipesegAp'ans-aJeunwwosajjesLAVNNVAIHD4NeneTapanyzLLO00Nene7apany-ueLA3ISSYHDv8s1[83,]apanyLLO00uIL\u20ac]8P208jd-SUIEWNLANYYHOv9]N01SUVSIQUE,|3PUIWRYDSIGSLLLO008N01BUUBIDUYSL-SUIEWLANDIYYHObBinog31-112ejapanu\u00a3LLO0OSinoga7-au1ewLNYAYOW-NI-NVIdWYHDvxne1gapon1|-auiewLLO00xne1gapan1|-aulewLANNVIYEbsegnpenZLLL000sufelLxnvagv|S1l0lWl4E]aPpanyLLOOOSNOIWUP14BSPINJ6\u2014SUIEWLA3SSNOErNEauveT3P\"AS2|dL-SJEUNUUWOSs9194SOPSIjESLLO00NeauueTsp'AS0e|dL-9JeUNWUIOS53194SOP3)|eSLSISSIOd3-S31-OYVEv2MIEINE|9P32E|dLLOOO8033LXNYILLIA-SNOS-AYNYYFuo<:u_n_..._<.n.@._.z..._=..._u<._._z...m..._n.:..a_..._w\u00ab..._cv_AVYHOI41Y,e1@\nh'! Fn\n...Fo>qa\u00ca:\u0152zsn=l:.W\\..._mm...:_n.\u2014_#.*SIOXNYN3YNWIS30NOINV3\nZLOAaa(xX)nvaune3C3VWON- SINNWWOD\nPr\u00e9fecture de la C\u00f4te-d'Or - 21-2024-04-03-00002 - Arr\u00eat\u00e9 modificatif n\u00b0 625 relatif \u00e0 la division annuelle des communes en plusieurs\nbureaux de vote et portant transfert de certains lieux de vote 145\nsulew\n'!\u2014V'l\u2014{\u2014l\u2014\n1000| 1000n 1000.1000LO0O\u20ac000\nPLLOUY9|RasijouueAanJ\n= [~ ||||| T\n2000LOOOLOCOL000LO0OLO0CL000LO0OLOOOLOOOLO0OLOGO\nSIINB[IUOIN ONY b \u2014 SUIEW\nL000L000\nauten)\nnea1nqawae:NOLNV3NPYNZLYSITVYLNI2neainqouige:INNNWOSBl3PUNALYSITVYULNII:neaing\u00bbL\nneaing .l : INNWNOO \u20ac] 2P YUNALYSITYVALNID\nL ol B el L ol\nAVEANOY-SITAZONISNainnvs\nbLLQY-QeNIWSIW-LNIVSY3NIH-LNIVSS3Y44vS\nIR|\nAVIANOYATTIOY\nLOOOLOOOLOOO\nTIHI1-SNOS-AOIYdS39NYSOdHIINHON\nLO00LO00\nneAyony1SLIIE|A\nLO00LO00LOOOLOOOLOOOLOOOLOOO1000LO0O|UBAJO|NP8N3\u00a7-SUIEkN\n\u2014 |||t || TT Y\nau1euCIPILANoutewSN\n||| ||\nLINVHLYIZLNOWA3Hd1OW\nT =* vs sT T |  T T T T EN ETE T T T T T|T\nPr\u00e9fecture de la C\u00f4te-d'Or - 21-2024-04-03-00002 - Arr\u00eat\u00e9 modificatif n\u00b0 625 relatif \u00e0 la division annuelle des communes en plusieurs\nbureaux de vote et portant transfert de certains lieux de vote 146\nvazb9z-zoLz6pueugapnsuy\u00b00e|d-.JOIUSNG)BN'\u00abDIBISSNEDYE[\u00bbJUBLUSSSINOT-SLO00SIILAP[910H,18P904EZ-SUIBWLXOVILLIAv\n*uojjeAy,p23001\"Jediorunus2ued-2IA3P[330H,]9p3N'Ou1eN-_B|JIUBANOSNP30E|d-OHIEWL10001|UBANOSNPS0\u20ac|d-BUIEWLSIOXNV-NZ-ATIIA|.|nenyan1z-oulewL1000neayonsz-BtLANOIEVHO-SNOS-FANINITIA,v|au1ewLLO00ajeunuswo)ajjes-aulejLASWISITIA.oansspueid|L1000surewLANY393TIAv-Je10NansL-outeWL1000JeJneansL-elLILLONITTIA-SHVTIA.an1apues8z|L1000elLXIOOUVTTA.b|aljadeyde;apan19-ou1EWLLO00afjadeyoejapns9-auteN,LNVALYHO-XNIIAb-BuIe\u20ac]sp80\u00ebId|-wc_mL_LLO00SHIE||B]3P3084L-SUIEWLTHL-SNOS-DIAb-es1189,]apevedgL10002s1(82,|ap20edsLAYNISSYHO-30-0IAvqau1eWLL000aute,L-)STUASIAbau1eWLLO00.u1wLANSOTIAbenapue:,LLO00snednpengye-auleNLONVUS-ITAIONN|\u00bb|21504Ej9ps0\u00ebfd,L100021504\u20ac|9p80\u20ac|q9-SUIEWLANLNOLbSTL'Loo0u1wLANOINOd-LI-ADHOLv351183,sponu\u00a3-utL100085133,8pany\u00a3-u1ELJ1SOHL.\nPr\u00e9fecture de la C\u00f4te-d'Or - 21-2024-04-03-00002 - Arr\u00eat\u00e9 modificatif n\u00b0 625 relatif \u00e0 la division annuelle des communes en plusieurs\nbureaux de vote et portant transfert de certains lieux de vote 147\nPr\u00e9fecture de la C\u00f4te-d'Or\nDirection des Collectivit\u00e9s locales et des\nElections \n21-2024-04-27-00001\nArr\u00eat\u00e9 pr\u00e9fectoral 626 du 27 mars 2024 portant\nrenouvellement de l'habilitation dans le domaine\nfun\u00e9raire de la soci\u00e9t\u00e9 FUNECAP EST, enseigne\ncommerciale \"Pompes Fun\u00e8bres Marbrerie ROC\nECLERC \u00e0 DIJON\nPr\u00e9fecture de la C\u00f4te-d'Or - 21-2024-04-27-00001 - Arr\u00eat\u00e9 pr\u00e9fectoral 626 du 27 mars 2024 portant renouvellement de l'habilitation\ndans le domaine fun\u00e9raire de la soci\u00e9t\u00e9 FUNECAP EST, enseigne commerciale \"Pompes Fun\u00e8bres Marbrerie ROC ECLERC \u00e0 DIJON 148\nExPREFETDE LACOTE-D'ORLibert\u00e9Egalit\u00e9Fraternit\u00e9\nSECR\u00c9TARIAT G\u00c9N\u00c9RAL\nDirection des Collectivit\u00e9s Locales et des Elections\n                                               \nBureau des Elections et de la R\u00e9glementation \nT\u00e9l :03 80 44 65 36\nm\u00e9l : agnes.fontenille@cote-dor.gouv.fr\nArr\u00eat\u00e9 N\u00b0626\nPortant renouvellement de l'habilitation dans le domaine fun\u00e9raire de la soci\u00e9t\u00e9 FUNECAP EST, \nEnseigne commerciale \u00ab Pompes Fun\u00e8bres Marbrerie ROC ECLERC \u00bb \u00e0 DIJON\nLe Pr\u00e9fet de la r\u00e9gion Bourgogne-Franche-Comt\u00e9\nPr\u00e9fet de la C\u00f4te-d'Or\nVU  le  Code  G\u00e9n\u00e9ral  des  Collectivit\u00e9s  Territoriales  et  notamment  les  dispositions  des  articles  \nL 2223-19 \u00e0 L 2223-30, R 2223-40 \u00e0 R 2223-65 et D 2223-34 \u00e0 D 2223-39 relatifs \u00e0 l'habilitation fun\u00e9raire ;\nVU le d\u00e9cret n\u00b02020-917 du 28 juillet 2020 relatif \u00e0 la dur\u00e9e de l'habilitation dans le secteur fun\u00e9raire et \u00e0 la\nhousse mortuaire ;\nVU l'arr\u00eat\u00e9 pr\u00e9fectoral n\u00b0277 du 6 avril 2018 portant renouvellement de l'habilitation dans le domaine de la\nsoci\u00e9t\u00e9 FUNECAP EST, Enseigne commerciale \u00ab  Pompes Fun\u00e8bres Marbrerie ROC ECLERC  \u00bb situ\u00e9e\n222 rue d'Auxonne \u00e0 DIJON ;\nVU les documents fournis ;\nSUR proposition du Secr\u00e9taire G\u00e9n\u00e9ral de la Pr\u00e9fecture de la C\u00f4te d'Or ;\nARRETE\nArticle  1er : L a  soci\u00e9t\u00e9  FUNECAP  EST,  enseigne  commerciale  \u00ab  Pompes  Fun\u00e8bres  Marbrerie\nROC ECLERC \u00bb situ\u00e9e 222 rue d'Auxonne \u00e0 DIJON , repr\u00e9sent\u00e9e par M. Philippe LE DIOURON, Directeur\nG\u00e9n\u00e9ral, est habilit\u00e9e pour exercer les activit\u00e9s suivantes :\n- transport de corps avant et apr\u00e8s mise en bi\u00e8re,\n- organisation des obs\u00e8ques,\n- soins de conservation d\u00e9finis \u00e0 l'article L.2223-19-1 en sous-traitance,\n- fourniture des housses, des cercueils et de leurs accessoires int\u00e9rieurs et ext\u00e9rieurs ainsi que les\nurnes cin\u00e9raires,\n- gestion et utilisation d'une chambre fun\u00e9raire,\nPr\u00e9fecture de la C\u00f4te-d'Or \n53 rue de la Pr\u00e9fecture - 21041 DIJON cedex\nt\u00e9l : 03 80 44 64 00 \nSite internet : http://www.cote-dor.gouv.fr\nPr\u00e9fecture de la C\u00f4te-d'Or - 21-2024-04-27-00001 - Arr\u00eat\u00e9 pr\u00e9fectoral 626 du 27 mars 2024 portant renouvellement de l'habilitation\ndans le domaine fun\u00e9raire de la soci\u00e9t\u00e9 FUNECAP EST, enseigne commerciale \"Pompes Fun\u00e8bres Marbrerie ROC ECLERC \u00e0 DIJON 149\n-  fourniture  du  personnel  et  des  objets  et  prestations  n\u00e9cessaires  aux  obs\u00e8ques,  inhumations,\nexhumations  et  cr\u00e9mations,  \u00e0  l'exception  des  plaques  fun\u00e9raires,  embl\u00e8mes  religieux,  fleurs,\ntravaux divers d'imprimerie et de marbrerie fun\u00e9raire.\nArticle 2 : le num\u00e9ro de l'habilitation est le 24-21-0001  ;\nArticle 3 : la pr\u00e9sente habilitation est valable cinq ans, soit jusqu'au 27 mars 2029 ;\nArticle 4     :  Pour b\u00e9n\u00e9ficier de la pr\u00e9sente habilitation jusqu'\u00e0 son terme,  M. Philippe LE DIOURON,\nDirecteur G\u00e9n\u00e9ral de l a soci\u00e9t\u00e9 FUNECAP EST, enseigne commerciale \u00ab  Pompes Fun\u00e8bres Marbrerie\nROC ECLERC \u00bb  situ\u00e9e  222  rue  d'Auxonne  \u00e0  DIJON devra  d\u00e9clarer  tout  changement  dans  les\ninformations contenues dans la demande d'habilitation dans un d\u00e9lai de deux mois.\nArticle 5     : La pr\u00e9sente habilitation pourra \u00eatre suspendue pour une dur\u00e9e maximum d'un an ou retir\u00e9e,\napr\u00e8s mise en demeure, par le repr\u00e9sentant de l'\u00c9tat dans le d\u00e9partement o\u00f9 les faits auront \u00e9t\u00e9 constat\u00e9s,\npour les motifs suivants :\n- non-respect des dispositions du pr\u00e9sent code auxquelles sont soumises les r\u00e9gies, entreprises ou\nassociations habilit\u00e9es conform\u00e9ment \u00e0 l'article L 2223-23,\n- non-exercice ou cessation d'exercice des activit\u00e9s au titre desquelles elle a \u00e9t\u00e9 d\u00e9livr\u00e9es,\n- atteinte \u00e0 l'ordre public ou danger pour la salubrit\u00e9 publique.\nArticle 6 : Dans un d\u00e9lai de deux mois \u00e0 compter de sa notification ou de la publication au recueil des\nactes administratifs de la pr\u00e9fecture, la pr\u00e9sente d\u00e9cision peut faire l'objet d'un recours  conform\u00e9ment aux\ndispositions de l'article R 421-1 et suivants du code de justice administrative:\n- le recours gracieux adress\u00e9 \u00e0 M. le Pr\u00e9fet du d\u00e9partement de la C\u00f4te d'Or  (53 rue de la Pr\u00e9fecture\n\u2013 21041 DIJON CEDEX),\n- le recours hi\u00e9rarchique adress\u00e9 au ministre comp\u00e9tent dans le domaine consid\u00e9r\u00e9,\n- le recours contentieux en saisissant le Tribunal Administratif (22 rue d'Assas \u2013 21000 DIJON).\nArticle 7 : Le secr\u00e9taire g\u00e9n\u00e9ral de la pr\u00e9fecture de la C\u00f4te d'Or est charg\u00e9 de l'ex\u00e9cution du pr\u00e9sent \narr\u00eat\u00e9 qui sera publi\u00e9 au recueil des actes administratifs de la Pr\u00e9fecture de la C\u00f4te d'Or dont copie sera \nremise \u00e0 :\n-  Mme  Philippe  LE  DIOURON,  Directeur  G\u00e9n\u00e9rale,  de  la  soci\u00e9t\u00e9  FUNECAP  EST,  enseigne\ncommerciale \u00ab Pompes Fun\u00e8bres Marbrerie ROC ECLERC \u00bb \u00e0 DIJON ,\n- M. le Maire de DIJON,\n- M. le Commissaire Divisionnaire, Directeur D\u00e9partemental de la S\u00e9curit\u00e9 Publique,\n- M. le Directeur de l'Agence R\u00e9gionale de Sant\u00e9.\nFait \u00e0 Dijon, le 27 mars 2024\nLE PREFET\nPour le Pr\u00e9fet et par d\u00e9l\u00e9gation\nLe Secr\u00e9taire G\u00e9n\u00e9ral,\nsign\u00e9 : Johann MOUGENOT\nPr\u00e9fecture de la C\u00f4te-d'Or \n53 rue de la Pr\u00e9fecture - 21041 DIJON cedex\nt\u00e9l : 03 80 44 64 00 \nSite internet : http://www.cote-dor.gouv.fr\nPr\u00e9fecture de la C\u00f4te-d'Or - 21-2024-04-27-00001 - Arr\u00eat\u00e9 pr\u00e9fectoral 626 du 27 mars 2024 portant renouvellement de l'habilitation\ndans le domaine fun\u00e9raire de la soci\u00e9t\u00e9 FUNECAP EST, enseigne commerciale \"Pompes Fun\u00e8bres Marbrerie ROC ECLERC \u00e0 DIJON 150\nPr\u00e9fecture de la C\u00f4te-d'Or\nDirection des Collectivit\u00e9s locales et des\nElections \n21-2024-03-20-00004\nArr\u00eat\u00e9 pr\u00e9fectoral n\u00b0610 du 20 mars 2024\nportant habilitation dans le domaine fun\u00e9raire\nde la soci\u00e9t\u00e9 \"MARBRERIE DE LA TILLE\" \u00e0\nMARCILLY SUR TILLE\nPr\u00e9fecture de la C\u00f4te-d'Or - 21-2024-03-20-00004 - Arr\u00eat\u00e9 pr\u00e9fectoral n\u00b0610 du 20 mars 2024 portant habilitation dans le domaine\nfun\u00e9raire de la soci\u00e9t\u00e9 \"MARBRERIE DE LA TILLE\" \u00e0 MARCILLY SUR TILLE 151\nExPREFETDE LACOTE-D'ORLibert\u00e9Egalit\u00e9Fraternit\u00e9\nSECR\u00c9TARIAT G\u00c9N\u00c9RAL\nDirection des Collectivit\u00e9s Locales et des Elections \n    Dijon, le 20 mars 2024\nr\nArr\u00eat\u00e9 N\u00b0610\nportant habilitation dans le domaine fun\u00e9raire de la soci\u00e9t\u00e9\n\u00ab MARBRERIE DE LA TILLE \u00bb\nLe Pr\u00e9fet de la r\u00e9gion Bourgogne-Franche-Comt\nPr\u00e9fet de la C\u00f4te-d'Or\nVU  le  Code  G\u00e9n\u00e9ral  des  Collectivit\u00e9s  Territoriales  et  notamment  les  dispositions  des  articles  \nL 2223-19 \u00e0 L 2223-30, R 2223-40 \u00e0 R 2223-65 et D 2223-34 \u00e0 D 2223-39 relatifs \u00e0 l'habilitation\nfun\u00e9raire ;\nVU le d\u00e9cret n\u00b02020-917 du 28 juillet 2020 relatif \u00e0 la dur\u00e9e de l'habilitation dans le secteur fun\u00e9raire\net \u00e0 la housse mortuaire ;\nVU  la  demande  et  les  documents  pr\u00e9sent\u00e9s  par  M.  David  FLORENTIN,  g\u00e9rant  de  la  soci\u00e9t\u00e9\n\u00ab MARBRERIE DE LA TILLE  \u00bb situ\u00e9e 26 rue du Puits Perdu \u00e0 21120 MARCILLY SUR TILLE en vue\nde demander l'habilitation dans le domaine fun\u00e9raire de ladite soci\u00e9t\u00e9 ;\nCONSIDERANT  que l'entreprise sus-vis\u00e9e remplit les conditions pour obtenir l'habilitation dans le\ndomaine fun\u00e9raire ;\nSUR proposition du Secr\u00e9taire G\u00e9n\u00e9ral de la Pr\u00e9fecture de la C\u00f4te d'Or ;\nARRETE\nArticle  1er  :  La  Soci\u00e9t\u00e9   \u00ab MARBRERIE  DE  LA  TILLE \u00bb  situ\u00e9e  26  rue  du  Puits  Perdu  \u00e0\n21120 MARCILLY SUR TILLE est habilit\u00e9e pour exercer les activit\u00e9s suivantes :\n- la fourniture des housses, des cercueils et de leurs accessoires int\u00e9rieurs et ext\u00e9rieurs ainsi\nque les urnes cin\u00e9raires,\n- les transports de corps avant et apr\u00e8s mise en bi\u00e8re seront effectu\u00e9s en sous-traitance,\n- la fourniture du personnel et des objets et prestations n\u00e9cessaires aux obs\u00e8ques, inhumations,\nexhumations et cr\u00e9mations, \u00e0 l'exception des plaques fun\u00e9raires, embl\u00e8mes religieux, fleurs,\ntravaux divers d'imprimerie et de marbrerie fun\u00e9raire.\nArticle 2 : Le num\u00e9ro de l'habilitation est le 24-21-0105.\nArticle 3 : La pr\u00e9sente habilitation est accord\u00e9e pour une dur\u00e9e de 5 ans soit jusqu'au  20 mars 2029.\nPr\u00e9fecture de la C\u00f4te-d'Or \n53 rue de la Pr\u00e9fecture - 21041 DIJON cedex\nt\u00e9l : 03 80 44 64 00 \nSite internet : http://www.cote-dor.gouv.fr\nPr\u00e9fecture de la C\u00f4te-d'Or - 21-2024-03-20-00004 - Arr\u00eat\u00e9 pr\u00e9fectoral n\u00b0610 du 20 mars 2024 portant habilitation dans le domaine\nfun\u00e9raire de la soci\u00e9t\u00e9 \"MARBRERIE DE LA TILLE\" \u00e0 MARCILLY SUR TILLE 152\nArticle 4 : Pour b\u00e9n\u00e9ficier de la pr\u00e9sente habilitation jusqu'\u00e0 son terme, M. David FLORENTIN devra\nd\u00e9clarer tout changement dans les informations contenues dans la demande d'habilitation dans un\nd\u00e9lai de deux mois.\nArticle 5  :  La pr\u00e9sente habilitation pourra \u00eatre suspendue pour une dur\u00e9e maximum d'un an ou\nretir\u00e9e, apr\u00e8s mise en demeure, par le repr\u00e9sentant de l'\u00c9tat dans le d\u00e9partement o\u00f9 les faits auront\n\u00e9t\u00e9 constat\u00e9s, pour les motifs suivants :\n- non-respect des dispositions du pr\u00e9sent code auxquelles sont soumises les r\u00e9gies, entreprises\nou associations habilit\u00e9es conform\u00e9ment \u00e0 l'article L 2223-23,\n- non-exercice ou cessation d'exercice des activit\u00e9s au titre desquelles elle a \u00e9t\u00e9 d\u00e9livr\u00e9es,\n- atteinte \u00e0 l'ordre public ou danger pour la salubrit\u00e9 publique.\nArticle 6 : Dans un d\u00e9lai de deux mois \u00e0 compter de sa notification ou de la publication au recueil des\nactes administratifs de la pr\u00e9fecture, la pr\u00e9sente d\u00e9cision peut faire l'objet d'un recours  conform\u00e9ment\naux dispositions de l'article R 421-1 et suivants du code de justice administrative:\n- le recours gracieux  adress\u00e9 \u00e0 M. le Pr\u00e9fet du d\u00e9partement de la C\u00f4te d'Or  (53 rue de la\nPr\u00e9fecture \u2013 21041 DIJON CEDEX),\n- le recours hi\u00e9rarchique adress\u00e9 au ministre comp\u00e9tent dans le domaine consid\u00e9r\u00e9,\n- le recours contentieux en saisissant le Tribunal Administratif (22 rue d'Assas \u2013 21000 DIJON).\nArticle 7 : Le secr\u00e9taire g\u00e9n\u00e9ral de la pr\u00e9fecture de la C\u00f4te d'Or est charg\u00e9 de l'ex\u00e9cution du pr\u00e9sent\narr\u00eat\u00e9 qui sera publi\u00e9 au recueil des actes administratifs de la Pr\u00e9fecture de la C\u00f4te d'Or dont copie\nsera remise \u00e0 :\n- M. David FLORENTIN, g\u00e9rant la soci\u00e9t\u00e9   \u00ab MARBRERIE DE LA TILLE  \u00bb situ\u00e9e 26 rue du\nPuits Perdu \u00e0 21120 MARCILLY SUR TILLE, \n- M. le maire de MARCILLY SUR TILLE,\n- M. le G\u00e9n\u00e9ral commandant la R\u00e9gion de Gendarmerie et le Groupement de C\u00f4te d'Or,\n- M. le Directeur G\u00e9n\u00e9ral de l'Agence R\u00e9gionale de Sant\u00e9.\nLE PREFET\nPour le Pr\u00e9fet et par d\u00e9l\u00e9gation\nLe Secr\u00e9taire G\u00e9n\u00e9ral,\nsign\u00e9 : Johann MOUGENOT \nPr\u00e9fecture de la C\u00f4te-d'Or \n53 rue de la Pr\u00e9fecture - 21041 DIJON cedex\nt\u00e9l : 03 80 44 64 00 \nSite internet : http://www.cote-dor.gouv.fr\nPr\u00e9fecture de la C\u00f4te-d'Or - 21-2024-03-20-00004 - Arr\u00eat\u00e9 pr\u00e9fectoral n\u00b0610 du 20 mars 2024 portant habilitation dans le domaine\nfun\u00e9raire de la soci\u00e9t\u00e9 \"MARBRERIE DE LA TILLE\" \u00e0 MARCILLY SUR TILLE 153\nPr\u00e9fecture de la C\u00f4te-d'Or\nDirection des s\u00e9curit\u00e9s\n21-2024-04-05-00003\nArr\u00eat\u00e9 pr\u00e9fectoral portant agr\u00e9ment pour\neffectuer le contr\u00f4le m\u00e9dical de l'aptitude \u00e0 la\nconduite concernant le docteur Jean-Michel\nBALET\nPr\u00e9fecture de la C\u00f4te-d'Or - 21-2024-04-05-00003 - Arr\u00eat\u00e9 pr\u00e9fectoral portant agr\u00e9ment pour effectuer le contr\u00f4le m\u00e9dical de\nl'aptitude \u00e0 la conduite concernant le docteur Jean-Michel BALET 154\nExPREFETDE LACOTE-D'ORLibert\u00e9Egalit\u00e9Fraternit\u00e9\nDIRECTION DES S\u00c9CURIT\u00c9S\nBureau D\u00e9fense et S\u00e9curit\u00e9\nARR\u00caT\u00c9 PR\u00c9FECTORAL N\u00b0640\nportant agr\u00e9ment d'un m\u00e9decin pour effectuer le contr\u00f4le m\u00e9dical\nde l'aptitude \u00e0 la conduite en commission m\u00e9dicale des permis de conduire\nVU le code de la route ;\nVU l'arr\u00eat\u00e9 du 21 d\u00e9cembre 2005 modifi\u00e9 par l'arr\u00eat\u00e9 interminist\u00e9riel du 31 ao\u00fbt 2010 fixant la\nliste des affections incompatibles avec l'obtention ou le maintien du permis de conduire ou\npouvant donner lieu \u00e0 la d\u00e9livrance de permis de conduire de dur\u00e9e de validit\u00e9 limit\u00e9e ;\nVU l'arr\u00eat\u00e9  minist\u00e9riel  du  20  avril  2012  modifi\u00e9  fixant  les  conditions  d'\u00e9tablissement,  de\nd\u00e9livrance et de validit\u00e9 des permis de conduire ;\nVU le  d\u00e9cret  n\u00b02012-886  du  17  juillet  2012  relatif  au  contr\u00f4le  m\u00e9dical  de  l'aptitude  \u00e0  la\nconduite ;\nVU l'arr\u00eat\u00e9 minist\u00e9riel du 31 juillet 2012 modifi\u00e9 par l es arr\u00eat\u00e9s du 30 mai 2013 et du 28 mars\n2022 relatifs \u00e0 l'organisation du contr\u00f4le m\u00e9dical de l'aptitude \u00e0 la conduite ;\nVU la circulaire du 03 ao\u00fbt 2012 relative \u00e0 l'organisation du contr\u00f4le m\u00e9dical de l'aptitude \u00e0 la\nconduite des conducteurs et des candidats aux permis de conduire ;\nVU le d\u00e9cret n\u00b0 2004-374 du 29 avril 2004 relatif aux pouvoirs des pr\u00e9fets, \u00e0 l'organisation et \u00e0\nl'action des services de l'Etat dans les r\u00e9gions et d\u00e9partements ;\nVU  l'arr\u00eat\u00e9  pr\u00e9fectoral n\u00b01208/SG  du 17  octobre  2022  donnant  d\u00e9l\u00e9gation  de  signature  \u00e0\nMme Nathalie AUBERTIN, directrice des s\u00e9curit\u00e9s ;\nVU  l'arr\u00eat\u00e9 pr\u00e9fectoral du 20 d\u00e9cembre 2019 portant agr\u00e9ment, jusqu'au 11 avril 2024, de\nM. Jean-Michel BALET pour la consultation en cabinet m\u00e9dical et en commission m\u00e9dicale des\npermis de conduire ;\nVU l'attestation de suivi de formation en date du 15 mars 2024 pr\u00e9sent\u00e9e par M. Jean-Michel\nBALET ;\nSUR proposition  du  sous-pr\u00e9fet,  directeur  de  cabinet  du  pr\u00e9fet  de  la  r\u00e9gion  Bourgogne-\nFranche-Comt\u00e9, pr\u00e9fet de la C\u00f4te-d'Or ;\nPr\u00e9fecture de la C\u00f4te-d'Or\n53 rue de la pr\u00e9fecture \u2013 21041 DIJON Cedex\n03 80 44 64 00 \u2013 mel : pref-polices-administratives@cote-dor.gouv.fr\nPr\u00e9fecture de la C\u00f4te-d'Or - 21-2024-04-05-00003 - Arr\u00eat\u00e9 pr\u00e9fectoral portant agr\u00e9ment pour effectuer le contr\u00f4le m\u00e9dical de\nl'aptitude \u00e0 la conduite concernant le docteur Jean-Michel BALET 155\nARR\u00caTE\nArticle 1er : Le docteur M. Jean-Michel BALET , n\u00e9 le 19 juillet 1951 \u00e0 Troyes est agr\u00e9\u00e9 jusqu'au\n19 juillet 2026,  pour effectuer le contr\u00f4le m\u00e9dical, en commission m\u00e9dicale, de l'aptitude \u00e0 la\nconduite des candidats au permis de conduire et des conducteurs de v\u00e9hicules automobiles.\nArticle 2 : L'agr\u00e9ment est abrog\u00e9 par d\u00e9cision du pr\u00e9fet dans les cas suivants : \n- en cas de sanction ordinale\n- d\u00e8s l'\u00e2ge de 75 ans\n- en cas de non respect de l'obligation de formation continue\n- pour tout autre motif\nDans ce dernier cas, le m\u00e9decin est tenu de pr\u00e9senter ses observations dans un d\u00e9lai de\nquinze  jours  suivant  r\u00e9ception  du  courrier  exposant  les  griefs  susceptibles  de  conduire  \u00e0\nl'abrogation de l'agr\u00e9ment.\nArticle    3     : Deux mois avant la fin du pr\u00e9sent agr\u00e9ment, le m\u00e9decin peut en demander le\nrenouvellement au pr\u00e9fet.\nArticle 4  :  Le sous-pr\u00e9fet, directeur de  cabinet du pr\u00e9fet de la  r\u00e9gion Bourgogne-Franche-\nComt\u00e9, pr\u00e9fet de la C\u00f4te-d'Or est charg\u00e9 de l'ex\u00e9cution du pr\u00e9sent arr\u00eat\u00e9 qui sera publi\u00e9 au\nrecueil  des  actes  administratifs  de  la  pr\u00e9fecture  de  la  C\u00f4te-d'Or  et  dont  une  copie  sera\nadress\u00e9e \u00e0 l'int\u00e9ress\u00e9 et au conseil d\u00e9partemental de l'ordre des m\u00e9decins.\nFait \u00e0 Dijon, le 5 avril 2024\n         Le pr\u00e9fet,\nPour le pr\u00e9fet et par d\u00e9l\u00e9gation,\n     La directrice des s\u00e9curit\u00e9s\n    Original sign\u00e9\nNathalie AUBERTIN\nD\u00e9lais et voies de recours\nSi vous entendez contester le pr\u00e9sent arr\u00eat\u00e9, vous pouvez utiliser dans les deux mois \u00e0 compter de la r\u00e9ception de la pr\u00e9sente d\u00e9cision, les\nvoies de recours suivantes :\n\u2022 un recours gracieux adress\u00e9 au service de la Pr\u00e9fecture qui traite le dossier ;\n\u2022 un recours hi\u00e9rarchique adress\u00e9 \u00e0 Monsieur le Ministre de l'int\u00e9rieur, de l'Outre-Mer, des Collectivit\u00e9s Territoriales et de\nl'Immigration (Direction des Libert\u00e9s Publiques et des affaires juridiques, Cabinet, Bureau des polices administratives - Place\nBeauvau \u2013 75008 PARIS).\nEn l'absence de r\u00e9ponse de l'administration dans un d\u00e9lai de deux mois \u00e0 compter de la date de r\u00e9ception de votre recours, celui-ci doit\n\u00eatre consid\u00e9r\u00e9 comme implicitement rejet\u00e9.\n\u2022   un recours contentieux adress\u00e9 au Tribunal Administratif de DIJON \u2013 22 rue d'Assas B.P . 61616 \u2013 21016 Dijon cedex. \n\u2022 le tribunal administratif peut \u00eatre saisi par un recours d\u00e9pos\u00e9 via l'application T\u00e9l\u00e9recours citoyens accessible par le site internet\nwww.t\u00e9l\u00e9recours.fr.\nCe recours juridictionnel doit \u00eatre d\u00e9pos\u00e9 au plus tard avant l'expiration d'une dur\u00e9e de deux mois suivant la date de notification de la d\u00e9cision\ncontest\u00e9e ou la date du rejet de votre recours gracieux ou hi\u00e9rarchique.\nPr\u00e9fecture de la C\u00f4te-d'Or\n53 rue de la pr\u00e9fecture \u2013 21041 DIJON Cedex\n03 80 44 64 00 \u2013 mel : pref-polices-administratives@cote-dor.gouv.fr\nPr\u00e9fecture de la C\u00f4te-d'Or - 21-2024-04-05-00003 - Arr\u00eat\u00e9 pr\u00e9fectoral portant agr\u00e9ment pour effectuer le contr\u00f4le m\u00e9dical de\nl'aptitude \u00e0 la conduite concernant le docteur Jean-Michel BALET 156\nSous-pr\u00e9fecture de Beaune\n21-2024-03-28-00005\nARR\u00caT\u00c9 PR\u00c9FECTORAL N\u00b0 606 portant\nrenouvellement de l\u25a1homologation du circuit de\nkarting de l\u25a1Auxois-sud, sis sur le territoire de la\ncommune de Meilly-sur-Rouvres\nSous-pr\u00e9fecture de Beaune - 21-2024-03-28-00005 - ARR\u00caT\u00c9 PR\u00c9FECTORAL N\u00b0 606 portant renouvellement de l\u25a1homologation du\ncircuit de karting de l\u25a1Auxois-sud, sis sur le territoire de la commune de Meilly-sur-Rouvres 157\nEnPREFETDE LACOTE-D'ORLibert\u00e9Egalit\u00e9Fraternit\u00e9\nSOUS-PREFECTURE DE BEAUNEP\u00f4le s\u00e9curit\u00e9et r\u00e9glementationT\u00e9l : 03 03 45 43 80 11Courriel : cecile.ravry@cote-dor.gouv.fr\nARRETE PREFECTORAL N\u00b0 606portant renouvellement de l'homologation du circuit de karting de l'Auxois-sud,sis sur le territoire de la commune de Meilly-sur-Rouvres:\nVu le code du sport, notamment ses articles R 331-35 \u00e0 R 331-44, R 331-45-1 et A 331-21-2 \u00e0 A331-21-3 ;Vu le code de la route, notammentson article R 411-12 ;Vu le code de la sant\u00e9 publique, notamment ses articles R 1336-4 \u00e0 R 1336-9 ;Vu le d\u00e9cret n\u00b0 2010-365 du 9 avril 2010 relatif \u00e0 l'\u00e9valuation des incidences Natura 2000 ;Vu l'arr\u00eat\u00e9 pr\u00e9fectoral N\u00b0 2020-465 du 11 mai 2020 portant homologation du circuit de karting del'Auxois Sud sis sur le territoire de la commune de Meilly-sur-Rouvres ;Vu l'arr\u00eat\u00e9 pr\u00e9fectoral n\u00b0 150/SG du 18 janvier 2024 donnant d\u00e9l\u00e9gation de signature\u00e0 M. Beno\u00eetBYRSKI, sous-pr\u00e9fet de Beaune :Vu les r\u00e8gles fechniques et de s\u00e9curit\u00e9 relatives aux circuits asphalte d\u00e9finies par la f\u00e9d\u00e9rationfran\u00e7aise du sport automobile et agr\u00e9\u00e9es par le minist\u00e8re de l'Int\u00e9rieur ;Vu la demande de renouvellement d'homologation re\u00e7ue le 2 f\u00e9vrier 2024 et par laquelle M. YvesCOURTOT, pr\u00e9sident de la communaut\u00e9 de communes de Pouilly-en-Auxois / Bligny-sur-Ouche,- dont le si\u00e8ge est situ\u00e9 \u00e0 la Maison de Pays \u2014 Le Seuil \u00e0 Pouilly-en-Auxois (21320), sollicite lerenouvellement de l'homoIOQat_ion du circuit de karting de l'Auxois Sud, sis sur le territoire de lacommune de Meilly-sur-Rouvres ;Vu les pi\u00e8ces compl\u00e9mentaires re\u00e7ues les 21 mars 2024 :Vu la visite du circuit effectu\u00e9e. le 26 mars 2024 par les membres de la commissiond\u00e9partementale de la s\u00e9curit\u00e9 routi\u00e8re ;Vu l'avis favorable de la f\u00e9d\u00e9ration fran\u00e7aise de sport automobile du 21 mars 2024 et du num\u00e9rode classement 21 04 24 2406 E 11 A 1030 accord\u00e9 jusqu'au 21 mars 2028 ;\nSous-pr\u00e9fecture de Beaune - 21-2024-03-28-00005 - ARR\u00caT\u00c9 PR\u00c9FECTORAL N\u00b0 606 portant renouvellement de l\u25a1homologation du\ncircuit de karting de l\u25a1Auxois-sud, sis sur le territoire de la commune de Meilly-sur-Rouvres 158\nVu l'avis favorable du maire de Meilly-sur-Rouvres ;Consid\u00e9rant que la commission d\u00e9partementale de s\u00e9curit\u00e9 routi\u00e8re - section sp\u00e9cialis\u00e9e\"\u00e9preuves et comp\u00e9titions sportives\" - a \u00e9mis un avis favorable, \u00e0 l'unanimit\u00e9, le 26 mars 2024 \u00e0 lademande de renouvellement de l''homologation du circuit de karting de l'Auxois-Sud ;ARRETE:Article 1er : Le circuit de karting de l'Auxois-Sud, situ\u00e9 sur le territoire de la commune de Meilly-sur-Rouvres, est homologu\u00e9, dans le sens horaire, jusqu'au 21 mars 2028 (date de fin declassement de la piste par la FFSA), conform\u00e9ment au trac\u00e9 figurant sur les plans annex\u00e9s aupr\u00e9sent arr\u00eat\u00e9.Article 2 : La piste homologu\u00e9e est un circuit permanent r\u00e9serv\u00e9 \u00e0 l'entra\u00eenement, l'endurance(sont exclues les courses d'endurance) et aux activit\u00e9s de loisirs de cat\u00e9gorie 1.1, pour la pratiquedu karting, conform\u00e9ment aux r\u00e9gles techniques et de s\u00e9curit\u00e9 \u00e9tablies par la f\u00e9d\u00e9ration fran\u00e7aisede sport automobile.Toute comp\u00e9tition, tout classement et tout chronom\u00e9trage sont exclus.Article 3 : Les am\u00e9nagements de ce circuit devront r\u00e9pondre aux normes fix\u00e9es par les r\u00e9glestechniques et de s\u00e9curit\u00e9 \u00e9tablies par la f\u00e9d\u00e9ration fran\u00e7aise du sport automobile . Toutemodification devra \u00eatre port\u00e9e \u00e0 la connaissance de la f\u00e9d\u00e9ration fran\u00e7aise de sport automobile etdes services sous-pr\u00e9fectoraux.Article 4 : Les kartings admis sur ce circuit seront ceux fix\u00e9s par les r\u00e8gles techniques et des\u00e9curit\u00e9 de la f\u00e9d\u00e9ration fran\u00e7aisede sport automobile (cat\u00e9gorie 1.1):Karts de cat\u00e9gorie B2 :Au vu de la longueur de la piste (1 030 m), la capacit\u00e9 maximale de karts admis \u00e0 circulersimultan\u00e9ment sur la piste est de 35.Karts de cat\u00e9gorie A et B1: ; |Entrainement : la capacit\u00e9 maximale est de 34 karts pr\u00e9sents simultan\u00e9ment sur la piste.Article 5 : Un responsable doit \u00eatre pr\u00e9sent en permanence pour encadrer les essais, activit\u00e9s deloisirs et entra\u00eenements quand les v\u00e9hicules roulent sur la piste.Seuls les utilisateurs ont acc\u00e8s \u00e0 la piste ; leurs accompagnateurs ont acc\u00e8s \u00e0 la zone r\u00e9serv\u00e9e \u00e0cet effet et figurant sur le plan joint en annexe du pr\u00e9sent arr\u00eat\u00e9. De m\u00eame, les responsables dusite devront s'assurer que le public \u00e9ventue! sera strictement plac\u00e9 dans cette m\u00eame et uniquezone s\u00e9curis\u00e9e.Article 6 : Le r\u00e8glement int\u00e9rieur d'utilisation du circuit et les consignes de s\u00e9curit\u00e9 devront \u00eatreaffich\u00e9s sur le site. Celles-ci reprendront les modalit\u00e9s d'alerte des sapeurs-pompiers (18 ou 112),les dispositions \u00e0 prendre pour assurer la s\u00e9curit\u00e9 des accompagnateurs, I'emplacement desextincteurs, l'accueil et le guidage des sapeurs-pompiers.\nSous-pr\u00e9fecture de Beaune - 21-2024-03-28-00005 - ARR\u00caT\u00c9 PR\u00c9FECTORAL N\u00b0 606 portant renouvellement de l\u25a1homologation du\ncircuit de karting de l\u25a1Auxois-sud, sis sur le territoire de la commune de Meilly-sur-Rouvres 159\nArticle 7 : Le gestionnaire doit assurer et garantir un acc\u00e9s et une circulation ais\u00e9s pour les enginsde secours et de lutte contre l'incendie, en tout temps et en toutes circonstances.En cas d'accident entrainant le sauvetage ou l'evacuatlon de personnes, il faut pr\u00e9venir lessapeurs-pompiers qui interviendront pas appel du 18 ou du 112. Les consignes de s\u00e9curit\u00e9 doivent\u00eatre affich\u00e9es. Elles reprennent les modalit\u00e9s d'alerte des sapeurs-pompiers, les dispositions \u00e0prendre pour assurer la s\u00e9curit\u00e9 du public, 'emplacement des extincteurs, I'accueil et le guidagedes sapeurs-pompiers.Les moyens de secours pr\u00e9vus doivent pouvoir communiquer entre eux facilement (soit par moyenradio ou autres).La pr\u00e9sence du responsable s\u00e9curit\u00e9 est-obligatoire sur le site, lors de chaque utilisation de lapiste.Article 8 : Un contrat d'assurance doit \u00eatre souscrit par la communaut\u00e9 de communes de Pouilly-en-Auxois/Bligny-sur-Ouche et par tout utilisateur.Article 9 : L'activit\u00e9 g\u00e9n\u00e9r\u00e9e parle circuit, compte tenu de sa situation par rapport aux sites Natura2000, ne pr\u00e9sente pas d'effets n\u00e9gatifs sur ces sites.Le gestionnaire doit n\u00e9anmoins respecter les prescriptions suivantes dans un souci depr\u00e9servation de la biodiversit\u00e9:< Utilisation de v\u00e9hicules motoris\u00e9s soit \u00eatre conforme \u00e0 la r\u00e9glementation en vigueur\u00bb stockage s\u00e9curis\u00e9 de produits dommageables pour I'environnement.< le stockage de carburant et la maintenance des engins et v\u00e9hicules sur place r\u00e9alis\u00e9s surun site \u00e9tanche* ramassage et tri s\u00e9lectif des d\u00e9chets- entretien des zones de pelouses et prairies par fauche tardive* interdiction de destruction par br\u00fblage des d\u00e9chets de chantiers lors de la r\u00e9alisationd'\u00e9ventuels travaux\u00bb interdiction de feux, bivouac et camping.Article 10: Le p\u00e9rim\u00e8tre du circuit doit toujours \u00eatre couvert totalement en limite par des panneauxd'interdiction de p\u00e9n\u00e9trer sur le site, fix\u00e9s au sol, notamment pr\u00e8s de l'a\u00e9rodrome de POUILLY-MACONGE.Article 11: Le Jestionnaire du circuit prend les dispositions n\u00e9cessaires pour que son activit\u00e9respecte les \u00e9mergences sonores r\u00e9glementaires conformes aux r\u00e9gles technlques et de s\u00e9curit\u00e9de la f\u00e9d\u00e9ration fran\u00e7aise de sport automobile, niveau maximum fix\u00e9 actuellement \u00e0 96 d\u00e9cibels.Article 12: Une modification de l'homologation est n\u00e9cessaire lorsque les caract\u00e9ristiques ducircuit font l'objet d'une \u00e9volution, notamment celles figurant sur le plan-masse. La modification delhomologatlon est accord\u00e9e par le sous-pr\u00e9fet de Beaune, apr\u00e8s visite et avis de la commissiond\u00e9partementale de la s\u00e9curit\u00e9 routi\u00e8re.Article 13 : L'autorit\u00e9 qui a d\u00e9livr\u00e9 l'homologation peut, \u00e0 tout moment, v\u00e9rifier ou faire v\u00e9rifier lerespect des conditions ayant p\u00e9rmis l'homologation.L'homologation peut \u00eatre rapport\u00e9e ou suspendue pour une dur\u00e9e maximale de six mois, apr\u00e8saudition du gestionnaire, si la commission comp\u00e9tente a constat\u00e9 qu'une ou plusieurs desconditions qu'elle avait impos\u00e9es ne sont pas respect\u00e9es.\nSous-pr\u00e9fecture de Beaune - 21-2024-03-28-00005 - ARR\u00caT\u00c9 PR\u00c9FECTORAL N\u00b0 606 portant renouvellement de l\u25a1homologation du\ncircuit de karting de l\u25a1Auxois-sud, sis sur le territoire de la commune de Meilly-sur-Rouvres 160\nArticle 14 : Le sous-pr\u00e9fet de l'arrondissement de Beaune,la directrice acad\u00e9mique de la r\u00e9gionBourgogne-Franche Comt\u00e9, la directrice d\u00e9partementale des territoires, le chef d'escadron,commandant la compagnie de gendarmerie d\u00e9partementale de Beaune, le directeur d\u00e9partementaldes services d'incendie et de secours, le maire de Meilly-sur-Rouvres sont charg\u00e9s, chacun en cequi le concerne, de l'ex\u00e9cution du pr\u00e9sent arr\u00eat\u00e9 dont copie sera adress\u00e9e au pr\u00e9sident du comit\u00e9r\u00e9gional du sport automobile de Bourgogne-Franche-Comt\u00e9, au pr\u00e9sident de la ligue motocyclister\u00e9gionale de Bourgogne, au d\u00e9l\u00e9gu\u00e9 d\u00e9partemental de l'UFOLEP de la C\u00f4te-d'Or, et au pr\u00e9sidentde la communaut\u00e9 de communes de Pouilly-en-Auxois / Bligny-sur-OucheCet arr\u00eat\u00e9 sera publi\u00e9 au recueil des actes administratifs de la pr\u00e9fecture de la C\u00f4te-d'Or.\nFait \u00e0 Beaune, le 28 mars 2024\nLe sous-pr\u00e9fet de Beaune,sign\u00e9\nBeno\u00eet BYRSKI\nSous-pr\u00e9fecture de Beaune - 21-2024-03-28-00005 - ARR\u00caT\u00c9 PR\u00c9FECTORAL N\u00b0 606 portant renouvellement de l\u25a1homologation du\ncircuit de karting de l\u25a1Auxois-sud, sis sur le territoire de la commune de Meilly-sur-Rouvres 161\nAAeee|\\\\\\1PSSESRSRSPRek\\3.;\u2014\n*\ngs\u00e9edene\n=0yMs\\\n\"* }\n<,\n3NDIHAYHDOdOLNYId\u2014ONILYVAAQALSId*en[SIOXNV.TACLINDYDx\u2014e)LTPiPBiiM1ASUty\u2014.LLLLAiLLe)L))lacmc=OVP.2ERIANONHEATINSP2NNANIOT\nfatiitUhHUIOPIU1QUS1101\nSous-pr\u00e9fecture de Beaune - 21-2024-03-28-00005 - ARR\u00caT\u00c9 PR\u00c9FECTORAL N\u00b0 606 portant renouvellement de l\u25a1homologation du\ncircuit de karting de l\u25a1Auxois-sud, sis sur le territoire de la commune de Meilly-sur-Rouvres 162\nFFSAWF\u00c9D\u00c9RATION FRAN\u00c7AISE DU SPORT AUTOMOBILEANNEXE\nHy \u00e0 =2 E\u00eb3 = \u00e6 *| = Eq 3 :! :1 \u00e9t\u00e9e RUIP 2 5e =58 Uh\u00f9 28c 83|| #\nT6F \u00c9&\u00eb\nT  e[,\n1)3\n\u00ebl h* \u00ab \u00c0}=GDs\n;ur\nOON\n'\u00db\ne1\u2014\nTn \u00e9 tueL ;\n3 E -Q \" e3 2 E r=~ k- .o -1 t4 o ;; e=i RVv,? *e ' c\nPR PR 4 3AT  U eL\n... AL e el  Tln - A 'l '-.\\\\ . 1 ' 1 \u00ab\n' '-'\\Nd_:l\"(ui';'{.'j'-\"..._;'- GN E Sy LNS\\ TS* .\u00ab'lu...'-fifr'l:'n:..'l_l'.\u2014\".\" \u00ef ..\u00c6'\u0178\"\"'\u00cf' -U  C e  Y L A u J5 ,g ; ; e d A E DE OB AT AR ST B INNEE TN GRI UESALINCORPEDCU REN En EN qatL e a4 arp\u00e9 e \u00ca\nLn\n\\ G- %S s2\n\u00a5,\u00ca\u00cb E \u2014> ) s_ 3e ' % ' : $3 A S \u00c0 ; \u2014\u00c0 R 47 _\u2014 ds A\nF\u00e9d\u00e9ration Fran\u00e7aise du Sport Automobile | 32, avenue de New York 75781 Paris cedex 16 | T\u00e9l - +33(0)1 44 30 24 00 | Fax ; +33(0)1 42 24 16 80 | www.ffsa.orgAssociation loi 1901 - TV.A TR 42 784 663 080 - SIRET 784 663 080 00025 - APE 926C\nSous-pr\u00e9fecture de Beaune - 21-2024-03-28-00005 - ARR\u00caT\u00c9 PR\u00c9FECTORAL N\u00b0 606 portant renouvellement de l\u25a1homologation du\ncircuit de karting de l\u25a1Auxois-sud, sis sur le territoire de la commune de Meilly-sur-Rouvres 163","date":"2024-04-05","first_seen_on":"2025-09-14T10:16:32+00:00","id":"4f9ae8e5c75c6a685689aa24eed3e88cf7b685e8838a1086d0cad27628243369","name":"RAA n\u00b0 047 du 05 avril 2024","pdf_creation_date":"2024-04-05T13:52:17+00:00","pdf_modification_date":null,"timezone":"Europe/Paris","url":"https://www.cote-dor.gouv.fr/contenu/telechargement/21147/161766/file/recueil-21-2024-047-recueil-des-actes-administratifs.pdf"}
