{"administration":"prefidf","administration_name":"Pr\u00e9fecture de la r\u00e9gion \u00cele-de-France","content":"PREFECTURE\nREGION ILE DE\nFRANCE\nRECUEIL DES ACTES\nADMINISTRATIFS SP\u00c9CIAL\nN\u00b0IDF-017-2025-12\nPUBLI\u00c9 LE  5 D\u00c9CEMBRE 2025\nSommaire\nRectorat de l'acad\u00e9mie de Cr\u00e9teil / Affaires juridiques\nIDF-2025-12-05-00001 - Arr\u00eat\u00e9 du 5 d\u00e9cembre 2025 portant\nsubd\u00e9l\u00e9gation de signature \u00e0 monsieur Mehdi CHERFI, secr\u00e9taire\ng\u00e9n\u00e9ral de l'acad\u00e9mie de Cr\u00e9teil (2 pages) Page 3\nIDF-2025-12-05-00002 - Arr\u00eat\u00e9 du 5 d\u00e9cembre 2025 portant\nsubd\u00e9l\u00e9gation de signature \u00e0 monsieur Mehdi CHERFI, secr\u00e9taire\ng\u00e9n\u00e9ral de l'acad\u00e9mie de Cr\u00e9teil, en mati\u00e8re de contr\u00f4le de\nl\u00e9galit\u00e9 des \u00e9tablissements publics locaux d'enseignement\nrattach\u00e9s \u00e0 la r\u00e9gion d'Ile-de-France dans le ressort de\nl'acad\u00e9mie de Cr\u00e9teil (3 pages) Page 6\nIDF-2025-12-05-00003 - Arr\u00eat\u00e9 du 5 d\u00e9cembre 2025 portant\nsubd\u00e9l\u00e9gation de signature \u00e0 monsieur Mehdi CHERFI, secr\u00e9taire\ng\u00e9n\u00e9ral de l'acad\u00e9mie de Cr\u00e9teil, en mati\u00e8re\nd'ordonnancement secondaire (5 pages) Page 10\nRectorat de la r\u00e9gion acad\u00e9mique d'Ile-de-France, rectorat de\nl'acad\u00e9mie de Paris /\nIDF-2025-11-17-00023 - Arr\u00eat\u00e9 n\u00b02025-174-RRA portant\nsubd\u00e9l\u00e9gation de signature en mati\u00e8re d'ordonnancement secondaire\nsur le programme \u00ab Soutien de la politique de l'\u00e9ducation nationale\n\u00bb (n\u00b0214) (3 pages) Page 16\n2\nRectorat de l'acad\u00e9mie de Cr\u00e9teil\nIDF-2025-12-05-00001\nArr\u00eat\u00e9 du 5 d\u00e9cembre 2025 portant\nsubd\u00e9l\u00e9gation de signature \u00e0 monsieur Mehdi\nCHERFI, secr\u00e9taire g\u00e9n\u00e9ral de l'acad\u00e9mie de\nCr\u00e9teil\nRectorat de l'acad\u00e9mie de Cr\u00e9teil - IDF-2025-12-05-00001 - Arr\u00eat\u00e9 du 5 d\u00e9cembre 2025 portant subd\u00e9l\u00e9gation de signature \u00e0 monsieur\nMehdi CHERFI, secr\u00e9taire g\u00e9n\u00e9ral de l'acad\u00e9mie de Cr\u00e9teil 3\nACADEMIEDE CRETEILLibert\u00e9Egalit\u00e9Fraternit\u00e9\n1 \n \nArr\u00eat\u00e9 du 5 d\u00e9cembre 2025 portant subd\u00e9l\u00e9gation de signature \u00e0 monsieur Mehdi CHERFI,  \nsecr\u00e9taire g\u00e9n\u00e9ral de l'acad\u00e9mie de Cr\u00e9teil \n \n \n \n \n \nLE RECTEUR DE L'ACADEMIE DE CRETEIL \n \n \n \nVU le code g\u00e9n\u00e9ral des collectivit\u00e9s territoriales ; \n \nVU le code de l'\u00e9ducation, et notamment ses articles L. 421-1, L. 421-11 et L. 421-14 ; \n \nVU le code des juridictions financi\u00e8res ; \n \nVU le code de la commande publique ; \n \nVU la loi n\u00b0  82-213 du 2 mars 1982 modifi\u00e9e relative aux droits et libert\u00e9s des communes, des d\u00e9partements et \ndes r\u00e9gions ; \n \nVU la loi n\u00b0  83-8 du 7 janvier 1983 modifi\u00e9e relative \u00e0 la r\u00e9partition des comp\u00e9tences entre les communes, les \nd\u00e9partements, les r\u00e9gions et l'Etat ;  \n \nVU la loi n\u00b0  85-97 du 25 janvier 1985 modifiant et compl\u00e9tant la loi n\u00b083 -663 du 22 juillet 1983 et portant \ndispositions diverses relatives aux rapports entre l'Etat et les collectivit\u00e9s territoriales, notamment ses articles \n15-5 et suivants ; \n \nVU la loi n\u00b0 2004-809 du 13 ao\u00fbt 2004 relative aux libert\u00e9s et responsabilit\u00e9s locales ;  \n \nVU l'ordonnance n\u00b0 2015-899 du 23 juillet 2015 relative aux march\u00e9s publics ; \n \nVU le d\u00e9cret n\u00b0 2004-374 du 29 avril 2004 modifi\u00e9 relatif aux pouvoirs des pr\u00e9fets, \u00e0 l'organisation et \u00e0 l'action des \nservices de l'Etat dans les r\u00e9gions et les d\u00e9partements ; \n \nVU le d\u00e9cret du 6 novembre 2024 nommant monsieur Etienne STOSKOPF pr\u00e9fet du Val-de-Marne ; \n \nVU le d\u00e9cret du 12 mars 2025 nommant monsieur Jean-Fran\u00e7ois CHANET recteur de l'acad\u00e9mie de Cr\u00e9teil ; \n \nVU l'arr\u00eat\u00e9 minist\u00e9riel du 30 d\u00e9cembre 2022 portant nomination et classement de monsieur Mehdi CHERFI  dans \nl'emploi de secr\u00e9taire g\u00e9n\u00e9ral de l'acad\u00e9mie de Cr\u00e9teil ; \n \nVU l'arr\u00eat\u00e9 minist\u00e9riel du 21 f\u00e9vrier 2023 portant nomination et classement de m onsieur David BERA HA, attach\u00e9 \nd'administration hors classe, dans l'emploi d e secr\u00e9taire g\u00e9n\u00e9ral adjoint, directeur des relations et ressources \nhumaines de l'acad\u00e9mie de Cr\u00e9teil ; \n \nVU l'arr\u00eat\u00e9 minist\u00e9riel du 27 mars 2024 portant nomination, d\u00e9tachement et classement de monsieur Charles \nNA\u00cfM, inspecteur d'acad\u00e9mie -inspecteur p\u00e9dagogique r\u00e9gional hors classe, dans l'emploi d'administrateur de \nl'\u00e9ducation nationale, de l'enseignement sup\u00e9rieur et de la recherche (AENESR), chef de la division des \n\u00e9tablissements du rectorat de l'acad\u00e9mie de Cr\u00e9teil ; \n \nVU l'arr\u00eat\u00e9 minist\u00e9riel du 27 aout 2025 portant nomination et classement de monsieur Fr\u00e9d\u00e9ric MULLER, attach\u00e9 \nd'administration hors classe, dans l'emploi d'adjoint au secr\u00e9taire g\u00e9n\u00e9ral d'acad\u00e9mie en charge des affaires \ng\u00e9n\u00e9rales, de l'appui au pilotage et de la transformation ; \nRectorat de l'acad\u00e9mie de Cr\u00e9teil - IDF-2025-12-05-00001 - Arr\u00eat\u00e9 du 5 d\u00e9cembre 2025 portant subd\u00e9l\u00e9gation de signature \u00e0 monsieur\nMehdi CHERFI, secr\u00e9taire g\u00e9n\u00e9ral de l'acad\u00e9mie de Cr\u00e9teil 4\n2 \n \nVU     l'arr\u00eat\u00e9 minist\u00e9riel du 25 septembre 2025 portant nomination et classement de monsieur Emmanuel ROUETTE, \nattach\u00e9 d'administration hors classe dans l'emploi d'adjoint au secr\u00e9taire g\u00e9n\u00e9ral d'acad\u00e9mie en charge du \nbudget, des moyens et de l'organisation au rectorat de l'acad\u00e9mie de Cr\u00e9teil ;  \n \nVU    l'arr\u00eat\u00e9 minist\u00e9riel du 23 octobre 2025 portant nomination, d\u00e9tachement et classement de monsieur   Charles \nNAIM, inspecteur d'acad\u00e9mie, inspecteur p\u00e9dagogique r\u00e9gional hors classe, dans l'emploi d'adjoint au \nsecr\u00e9taire g\u00e9n\u00e9ral d'acad\u00e9mie en charge de la performance, du suivi des politiques \u00e9ducatives et des \n\u00e9tablissements ; \n \nVU l'arr\u00eat\u00e9 pr\u00e9fectoral n\u00b0 2025/01191 du 26 mars 2025 donnant d\u00e9l\u00e9gation de signature \u00e0 monsieur Jean-Fran\u00e7ois \nCHANET, recteur de l'acad\u00e9mie de Cr\u00e9teil, pour signer, au nom du pr\u00e9fet  du Val -de-Marne, les accus\u00e9s de \nr\u00e9ception des actes budg\u00e9taires (budgets et d\u00e9cisions budg\u00e9taires modificatives) et pi\u00e8ces justificatives  \nconcernant les coll\u00e8ges ; \nVU  l'arr\u00eat\u00e9 rectoral du 30 octobre 2025, portant nomination de monsieur Freddy LEROUX, attach\u00e9 principal \nd'administration, en qualit\u00e9 de chef de la division des \u00e9tablissements (DE) du rectorat de l'acad\u00e9mie de Cr\u00e9teil ;  \n \n \n \nARRETE \n \n \nARTICLE 1 : Subd\u00e9l\u00e9gation de signature est donn\u00e9e \u00e0  monsieur Mehdi CHERFI, secr\u00e9taire g\u00e9n\u00e9ral de l'acad\u00e9mie \nde Cr\u00e9teil  pour signer les accus\u00e9s de r\u00e9ception des actes budg\u00e9taires (budgets et d\u00e9cisions \nbudg\u00e9taires modificatives) et pi\u00e8ces justificatives concernant les coll\u00e8ges.  \n \n \n \nARTICLE 2 : Subd\u00e9l\u00e9gation de signature est \u00e9galement donn\u00e9e \u00e0 : \n \n-  monsieur David BERAHA, secr\u00e9taire g\u00e9n\u00e9ral adjoint, directeur des relations et ressources humaines ;  \n \n- monsieur Fr\u00e9d\u00e9ric MULLER , secr\u00e9taire g\u00e9n\u00e9ral adjoint, en charge des affaires g\u00e9n\u00e9rales, de l'appui au \npilotage et de la transformation ; \n \n- monsieur Emmanuel ROUETTE , secr\u00e9taire g\u00e9n\u00e9ral adjoint, en charge du budget, des moyens et de \nl'organisation scolaire ;  \n \n- monsieur Charles NAIM, secr\u00e9taire g\u00e9n\u00e9ral adjoint en charge de la performance, du suivi des politiques \n\u00e9ducatives et des \u00e9tablissements, \n \n-monsieur Freddy LEROUX, chef de la division des \u00e9tablissements.  \n \n \nARTICLE 3 : Le pr\u00e9sent arr\u00eat\u00e9 abroge l'arr\u00eat\u00e9 rectoral du 17 avril 2025. \n \n \nARTICLE 4 : Le pr\u00e9sent arr\u00eat\u00e9 sera publi\u00e9 au recueil des actes administratifs de la pr\u00e9fecture de r\u00e9gion d'Ile-de- \n                      France. \n \n \n \n \nFait \u00e0 Cr\u00e9teil, le 5 d\u00e9cembre 2025 \n \n \n \nLe recteur de l'acad\u00e9mie de Cr\u00e9teil \n \nSign\u00e9  \n \nJean-Fran\u00e7ois CHANET \nRectorat de l'acad\u00e9mie de Cr\u00e9teil - IDF-2025-12-05-00001 - Arr\u00eat\u00e9 du 5 d\u00e9cembre 2025 portant subd\u00e9l\u00e9gation de signature \u00e0 monsieur\nMehdi CHERFI, secr\u00e9taire g\u00e9n\u00e9ral de l'acad\u00e9mie de Cr\u00e9teil 5\nRectorat de l'acad\u00e9mie de Cr\u00e9teil\nIDF-2025-12-05-00002\nArr\u00eat\u00e9 du 5 d\u00e9cembre 2025 portant\nsubd\u00e9l\u00e9gation de signature \u00e0 monsieur Mehdi\nCHERFI, secr\u00e9taire g\u00e9n\u00e9ral de l'acad\u00e9mie de\nCr\u00e9teil, en mati\u00e8re de contr\u00f4le de l\u00e9galit\u00e9 des\n\u00e9tablissements publics locaux d'enseignement\nrattach\u00e9s \u00e0 la r\u00e9gion d'Ile-de-France dans le\nressort de l'acad\u00e9mie de Cr\u00e9teil\nRectorat de l'acad\u00e9mie de Cr\u00e9teil - IDF-2025-12-05-00002 - Arr\u00eat\u00e9 du 5 d\u00e9cembre 2025 portant subd\u00e9l\u00e9gation de signature \u00e0 monsieur\nMehdi CHERFI, secr\u00e9taire g\u00e9n\u00e9ral de l'acad\u00e9mie de Cr\u00e9teil, en mati\u00e8re de contr\u00f4le de l\u00e9galit\u00e9 des \u00e9tablissements publics locaux\nd'enseignement rattach\u00e9s \u00e0 la r\u00e9gion d'Ile-de-France dans le ressort de l'acad\u00e9mie de Cr\u00e9teil\n6\nACADEMIEDE CRETEILLibert\u00e9Egalit\u00e9Fraternit\u00e9\n1 \n \nArr\u00eat\u00e9 du 5 d\u00e9cembre 2025 portant subd\u00e9l\u00e9gation de signature \u00e0 monsieur Mehdi CHERFI, \nsecr\u00e9taire g\u00e9n\u00e9ral de l'acad\u00e9mie de Cr\u00e9teil, en mati\u00e8re de contr\u00f4le de l\u00e9galit\u00e9 des \n\u00e9tablissements publics locaux d'enseignement rattach\u00e9s \u00e0 la r\u00e9gion d'Ile-de-France dans le \nressort de l'acad\u00e9mie de Cr\u00e9teil \n \nLE RECTEUR DE L'ACADEMIE DE CRETEIL \n \n \nVU le code g\u00e9n\u00e9ral des collectivit\u00e9s territoriales, notamment son article L. 2131-6 ; \n \nVU le code de l'\u00e9ducation et notamment ses articles L. 421-14 et R. 421-54 ;  \n \nVU le code de la commande publique ; \n \nVU l'ordonnance n\u00b0 2004-631 du 1er juillet 2004 relative \u00e0 la simplification du r\u00e9gime d'entr\u00e9e en \nvigueur, de transmission et de contr\u00f4le des actes des autorit\u00e9s des  \u00e9tablissements publics \nlocaux d'enseignement ; \n \nVU le d\u00e9cret n\u00b0 2004-374 du 29 avril 2004 modifi\u00e9 , relatif aux pouvoirs des pr\u00e9fets, \u00e0 l'organisation \net \u00e0 l'action des services de l'\u00c9tat dans les r\u00e9gions et les d\u00e9partements ; \n \nVU le d\u00e9cret n\u00b0  2019-838 du 19 ao\u00fbt 2019 portant diverses mesures de simplification pour le \nminist\u00e8re de l'\u00e9ducation nationale et de la jeunesse ;  \n \nVU le d\u00e9cret n\u00b0 2019 -1200 du 20 novembre 2019 relatif \u00e0 l'organisation des services d\u00e9concentr\u00e9s \ndes ministres charg\u00e9s de l'\u00e9ducation nationale et de l'enseignement sup\u00e9rieur, de la recherche \net de l'innovation ; \n \nVU le d\u00e9cret du 22 juillet 2020 portant nomination de monsieur Marc GUILLAUME en qualit\u00e9 de \npr\u00e9fet de la r\u00e9gion d'Ile-de-France, pr\u00e9fet de Paris ;  \n \nVU le d\u00e9cret du 12 mars 2025 nommant monsieur Jean-Fran\u00e7ois CHANET recteur de l'acad\u00e9mie \nde Cr\u00e9teil ;  \n \nVU l'arr\u00eat\u00e9 minist\u00e9riel du 30 d\u00e9cembre 2022 portant nomination et classement de monsieur Mehdi \nCHERFI dans l'emploi de secr\u00e9taire g\u00e9n\u00e9ral de l'acad\u00e9mie de Cr\u00e9teil ; \n \nVU l'arr\u00eat\u00e9 minist\u00e9riel du 21 f\u00e9vrier 2023 portant nomination et classement de m onsieur David \nBERAHA, attach\u00e9 d'administration hors classe, dans l'emploi d e secr\u00e9taire g\u00e9n\u00e9ral adjoint, \ndirecteur des relations et ressources humaines de l'acad\u00e9mie de Cr\u00e9teil ; \n \nVU l'arr\u00eat\u00e9 minist\u00e9riel du 27 aout 2025 portant nomination et classement de monsieur Fr\u00e9d\u00e9ric \nMULLER, attach\u00e9 d'administration hors classe, dans l'emploi d'adjoint au secr\u00e9taire g\u00e9n\u00e9ral \nd'acad\u00e9mie en charge des affaires g\u00e9n\u00e9rales, de l'appui au pilotage et de la transformation ;  \n \nVU   l'arr\u00eat\u00e9 minist\u00e9riel du 25 septembre 2025 portant nomination et classement de monsieur \nEmmanuel ROUETTE, attach\u00e9 d'administration hors classe dans l'emploi d'adjoint au secr\u00e9taire \ng\u00e9n\u00e9ral d'acad\u00e9mie en charge du budget, des moyens et de l'organisation au rectorat de \nl'acad\u00e9mie de Cr\u00e9teil ; \n \nRectorat de l'acad\u00e9mie de Cr\u00e9teil - IDF-2025-12-05-00002 - Arr\u00eat\u00e9 du 5 d\u00e9cembre 2025 portant subd\u00e9l\u00e9gation de signature \u00e0 monsieur\nMehdi CHERFI, secr\u00e9taire g\u00e9n\u00e9ral de l'acad\u00e9mie de Cr\u00e9teil, en mati\u00e8re de contr\u00f4le de l\u00e9galit\u00e9 des \u00e9tablissements publics locaux\nd'enseignement rattach\u00e9s \u00e0 la r\u00e9gion d'Ile-de-France dans le ressort de l'acad\u00e9mie de Cr\u00e9teil\n7\n2 \nVU   l'arr\u00eat\u00e9 minist\u00e9riel du 23 octobre 2025 portant nomination, d\u00e9tachement et classement de \nmonsieur   Charles NAIM, inspecteur d'acad\u00e9mie, inspecteur p\u00e9dagogique r\u00e9gional hors classe, \ndans l'emploi d'adjoint au secr\u00e9taire g\u00e9n\u00e9ral d'acad\u00e9mie en charge de la performance, du suivi \ndes politiques \u00e9ducatives et des \u00e9tablissements ; \n \nVU l'arr\u00eat\u00e9 du pr\u00e9fet de la r\u00e9gion d'Ile -de-France n\u00b0 IDF-2025-03-26-00009 du 26 mars 2025 \nportant d\u00e9l\u00e9gation de signature \u00e0 m onsieur Jean-Fran\u00e7ois CHANET, recteur de l'acad\u00e9mie de \nCr\u00e9teil, en mati\u00e8re de contr\u00f4le de l\u00e9galit\u00e9 des \u00e9tablissements publics locaux d'enseignement \nrattach\u00e9s \u00e0 la r\u00e9gion d'Ile-de-France dans le ressort de l'acad\u00e9mie de Cr\u00e9teil ; \n \n \n \nARRETE \n \n \nARTICLE 1 :  \n \nSubd\u00e9l\u00e9gation de signature est donn\u00e9e \u00e0 monsieur Mehdi CHERFI, secr\u00e9taire g\u00e9n\u00e9ral de l'acad\u00e9mie de \nCr\u00e9teil, \u00e0 l'effet de signer les actes mentionn\u00e9s sur l'arr\u00eat\u00e9 pr\u00e9fectoral n\u00b0 IDF-2025-03-26-00009 du 26 \nmars 2025 : \n \n \nI. Au titre du contr\u00f4le de l\u00e9galit\u00e9, les d\u00e9lib\u00e9rations du conseil d'administration des \n\u00e9tablissements publics locaux d'enseignement rattach\u00e9s \u00e0 la r\u00e9gion d'Ile -de-France dans \nle ressort de l'acad\u00e9mie de Cr\u00e9teil, \u00e9num\u00e9r\u00e9es ci -apr\u00e8s, transmises au recteur de \nl'acad\u00e9mie de Cr\u00e9teil, qui en accuse r\u00e9ception : \n \n- d\u00e9lib\u00e9rations relatives \u00e0 la passation des conventions et contrats, et notamment  \ndes march\u00e9s, \n- d\u00e9lib\u00e9rations relatives au recrutement de personnels, \n- d\u00e9lib\u00e9rations relatives au financement des voyages scolaires. \n \nConform\u00e9ment \u00e0 l'article R. 421 -54 du code de l'\u00e9ducation, ces d\u00e9lib\u00e9rations sont ex\u00e9cutoires quinze \njours apr\u00e8s leur transmission. \n \n \nII. Les demandes de pi\u00e8ces compl\u00e9mentaires, lettres d'observations et recours gracieux \nform\u00e9s \u00e0 l'encontre de l'ensemble des actes \u00e9num\u00e9r\u00e9s au I. \n  \nIII. Les actes des \u00e9tablissements publics locaux d'enseignement rattach\u00e9s \u00e0 la r\u00e9gion d'Ile -\nde-France dans le ressort de l'acad\u00e9mie de Cr\u00e9teil, non soumis \u00e0 l'obligation de \ntransmission. \n \n \nARTICLE 2 :  \n \nSubd\u00e9l\u00e9gation de signature est \u00e9galement exerc\u00e9e par : \n \n \n-  Monsieur David BERA HA, secr\u00e9taire g\u00e9n\u00e9ral adjoint, direct eur des relations et ressources \nhumaines ;  \n \n- monsieur Fr\u00e9d\u00e9ric MULLER , secr\u00e9taire g\u00e9n\u00e9ral adjoint, en charge des affaires g\u00e9n\u00e9rales, de \nl'appui au pilotage et de la transformation ; \n \n- monsieur Emmanuel ROUETTE , secr\u00e9taire g\u00e9n\u00e9ral adjoint, en charge du budget, des moyens \net de l'organisation scolaire ;  \n \n- monsieur Charles NAIM, secr\u00e9taire g\u00e9n\u00e9ral adjoint en charge de la performance, du suivi des \npolitiques \u00e9ducatives et des \u00e9tablissements. \n \n \n \nRectorat de l'acad\u00e9mie de Cr\u00e9teil - IDF-2025-12-05-00002 - Arr\u00eat\u00e9 du 5 d\u00e9cembre 2025 portant subd\u00e9l\u00e9gation de signature \u00e0 monsieur\nMehdi CHERFI, secr\u00e9taire g\u00e9n\u00e9ral de l'acad\u00e9mie de Cr\u00e9teil, en mati\u00e8re de contr\u00f4le de l\u00e9galit\u00e9 des \u00e9tablissements publics locaux\nd'enseignement rattach\u00e9s \u00e0 la r\u00e9gion d'Ile-de-France dans le ressort de l'acad\u00e9mie de Cr\u00e9teil\n8\n3 \nARTICLE 3 :  \n \n \nLe pr\u00e9sent arr\u00eat\u00e9 abroge l'arr\u00eat\u00e9 rectoral du 27 mars 2025. \n \n \nARTICLE 4 :  \n \n \nLe pr\u00e9sent arr\u00eat\u00e9 sera publi\u00e9 au recueil des actes administratifs de la pr\u00e9fecture de r\u00e9gion d'Ile -de-\nFrance.  \n \n   \n \n \n \n Fait \u00e0 Cr\u00e9teil, le 5 d\u00e9cembre 2025 \n \n \n Le recteur de l'acad\u00e9mie de Cr\u00e9teil \n \n Sign\u00e9  \n \n  Jean-Fran\u00e7ois CHANET \nRectorat de l'acad\u00e9mie de Cr\u00e9teil - IDF-2025-12-05-00002 - Arr\u00eat\u00e9 du 5 d\u00e9cembre 2025 portant subd\u00e9l\u00e9gation de signature \u00e0 monsieur\nMehdi CHERFI, secr\u00e9taire g\u00e9n\u00e9ral de l'acad\u00e9mie de Cr\u00e9teil, en mati\u00e8re de contr\u00f4le de l\u00e9galit\u00e9 des \u00e9tablissements publics locaux\nd'enseignement rattach\u00e9s \u00e0 la r\u00e9gion d'Ile-de-France dans le ressort de l'acad\u00e9mie de Cr\u00e9teil\n9\nRectorat de l'acad\u00e9mie de Cr\u00e9teil\nIDF-2025-12-05-00003\nArr\u00eat\u00e9 du 5 d\u00e9cembre 2025 portant\nsubd\u00e9l\u00e9gation de signature \u00e0 monsieur Mehdi\nCHERFI, secr\u00e9taire g\u00e9n\u00e9ral de l'acad\u00e9mie de\nCr\u00e9teil, en mati\u00e8re d'ordonnancement\nsecondaire\nRectorat de l'acad\u00e9mie de Cr\u00e9teil - IDF-2025-12-05-00003 - Arr\u00eat\u00e9 du 5 d\u00e9cembre 2025 portant subd\u00e9l\u00e9gation de signature \u00e0 monsieur\nMehdi CHERFI, secr\u00e9taire g\u00e9n\u00e9ral de l'acad\u00e9mie de Cr\u00e9teil, en mati\u00e8re d'ordonnancement secondaire 10\nACADEMIEDE CRETEILLibert\u00e9Egalit\u00e9Fraternit\u00e9\n1 \n \nArr\u00eat\u00e9 du 5 d\u00e9cembre 2025 portant subd\u00e9l\u00e9gation de signature  \n\u00e0 monsieur Mehdi CHERFI, secr\u00e9taire g\u00e9n\u00e9ral de l'acad\u00e9mie de Cr\u00e9teil, \nen mati\u00e8re d'ordonnancement secondaire  \n \n                 LE RECTEUR DE L'ACADEMIE DE CRETEIL \n \nVU la loi organique n\u00b0 2001-692 du 1er ao\u00fbt 2001 modifi\u00e9e relative aux lois de finances ; \n \nVU le code de la commande publique ; \n \nVU la loi n\u00b0  68-1250 du 31 d\u00e9cembre 1968 modifi\u00e9e relative \u00e0 la prescription des cr\u00e9ances sur \nl'\u00c9tat, les d\u00e9partements, les communes et les \u00e9tablissements publics ; \n \nVU la loi n\u00b0  72-619 du 5 juillet 1972 modifi\u00e9e portant cr\u00e9ation et organisation des r\u00e9gions , \nnotamment son article 21-1 ; \n \nVU la loi n\u00b0  82-213 du 2 mars 1982 modifi\u00e9e relative aux droits et libert\u00e9s des communes, des \nd\u00e9partements et des r\u00e9gions, et notamment son article 34 ; \n \nVU le d\u00e9cret n\u00b0 99-89 du 8 f\u00e9vrier 1999 pris pour l'application de l'article 3 du d\u00e9cret n\u00b0  98-81 du 11 \nf\u00e9vrier 1998  modifiant la loi n\u00b0 68 -1250 du 31 d\u00e9cembre 1968 relative \u00e0 la prescription des \ncr\u00e9ances sur l'Etat, les d\u00e9partements, les communes et les \u00e9tablissements publics et relatif aux \nd\u00e9cisions prises par l'Etat en mati\u00e8re de prescription quadriennale ; \n \nVU le d\u00e9cret n\u00b0 2005-801 du 18 juillet 2005 modifiant le d\u00e9cret  n\u00b0 98-81 du 11 f\u00e9vrier 1998 modifi\u00e9 \nmodifiant la loi n\u00b0 68 -1250 du 31 d\u00e9cembre 1968 relative \u00e0 la prescription des cr\u00e9ances sur \nl'\u00c9tat, les d\u00e9partements, les communes et les \u00e9tablissements publics  et relatif aux d\u00e9cisions \nprises par l'Etat en mati\u00e8re de prescription quadriennale ; \n \nVU le d\u00e9cret n\u00b0 2012-1246 du 7 novembre 2012 modifi\u00e9 relatif \u00e0 la gestion budg\u00e9taire et comptable \npublique ;  \n \nVU le d\u00e9cret n\u00b0 2019 -1200 du 20 novembre 2019 relatif \u00e0 l'organisation des services d\u00e9concentr\u00e9s \ndes ministres charg\u00e9s de l'\u00e9ducation nationale et de l'enseignement sup\u00e9rieur, de la recherche \net de l'innovation ; \n \nVU le d\u00e9cret n\u00b0 2020 -139 du 19 f\u00e9vrier 2020 modifiant certaines dispositions relatives \u00e0 la \npr\u00e9fecture de la r\u00e9gion d'Ile-de-France, pr\u00e9fecture de Paris ; \n \nVU le d\u00e9cret du 22 juillet 2020 portant nomination de monsieur Marc GUILLAUME  en qualit\u00e9 de  \npr\u00e9fet de la r\u00e9gion d'Ile-de-France, pr\u00e9fet de Paris ;  \n \nVU le d\u00e9cret du 12 mars 2025  nommant madame Julie BENETTI rectrice de la r\u00e9gion acad\u00e9mique \nd'Ile-de-France, rectrice de l'acad\u00e9mie de Paris, chanceli\u00e8re des universit\u00e9s de Paris et d'Ile-de-\nFrance ; \n \nVU le d\u00e9cret du 12 mars 2025 nommant monsieur Jean-Fran\u00e7ois CHANET recteur de l'acad\u00e9mie de \nCr\u00e9teil ; \n \nRectorat de l'acad\u00e9mie de Cr\u00e9teil - IDF-2025-12-05-00003 - Arr\u00eat\u00e9 du 5 d\u00e9cembre 2025 portant subd\u00e9l\u00e9gation de signature \u00e0 monsieur\nMehdi CHERFI, secr\u00e9taire g\u00e9n\u00e9ral de l'acad\u00e9mie de Cr\u00e9teil, en mati\u00e8re d'ordonnancement secondaire 11\n2 \nVU l'arr\u00eat\u00e9 du 3 juillet 2009 portant r\u00e8glement de comptabilit\u00e9 pour la d\u00e9signation des ordonnateurs \nsecondaires et de leurs d\u00e9l\u00e9gu\u00e9s en ce qui concerne le minist\u00e8re de l'\u00e9ducation nationale  ; \n \nVU l'arr\u00eat\u00e9 du 22 d\u00e9cembre 2022  relatif aux r\u00e8gles de la comptabilit\u00e9 budg\u00e9taire de l'Etat pris en \napplication de l'article 54 du d\u00e9cret n\u00b0 2012 -1246 du 7 novembre 2012 modifi\u00e9 relatif \u00e0 la \ngestion budg\u00e9taire et comptable publique ;   \n \nVU l'arr\u00eat\u00e9 minist\u00e9riel du 30 d\u00e9cembre 2022 portant nomination et classement de monsieur Mehdi \nCHERFI dans l'emploi de secr\u00e9taire g\u00e9n\u00e9ral de l'acad\u00e9mie de Cr\u00e9teil ; \n \nVU l'arr\u00eat\u00e9 minist\u00e9riel du 21 f\u00e9vrier 2023 portant nomination et classement de m onsieur David \nBERAHA, attach\u00e9 d'administration hors classe, dans l'emploi d e secr\u00e9taire g\u00e9n\u00e9ral adjoint, \ndirecteur des relations et ressources humaines de l'acad\u00e9mie de Cr\u00e9teil ; \n \nVU l'arr\u00eat\u00e9 minist\u00e9riel du 27 aout 2025 portant nomination et classement de monsieur Fr\u00e9d\u00e9ric \nMULLER, attach\u00e9 d'administration hors classe, dans l'emploi d'adjoint au secr\u00e9taire g\u00e9n\u00e9ral \nd'acad\u00e9mie en charge des affaires g\u00e9n\u00e9rales, de l'appui au pilotage et de la transformation ;  \n \nVU   l'arr\u00eat\u00e9 minist\u00e9riel du 25 septembre 2025 portant nomination et classement de monsieur \nEmmanuel ROUETTE, attach\u00e9 d'administration hors classe dans l'emploi d'adjoint au secr\u00e9taire \ng\u00e9n\u00e9ral d'acad\u00e9mie en charge du budget, des moyens et de l'organisation au rectorat de \nl'acad\u00e9mie de Cr\u00e9teil ; \n \nVU   l'arr\u00eat\u00e9 minist\u00e9riel du 23 octobre 2025 portant nomination, d\u00e9tachement et classement de \nmonsieur   Charles NAIM, inspecteur d'acad\u00e9mie, inspecteur p\u00e9dagogique r\u00e9gional hors classe, \ndans l'emploi d'adjoint au secr\u00e9taire g\u00e9n\u00e9ral d'acad\u00e9mie en charge de la performance, du suivi \ndes politiques \u00e9ducatives et des \u00e9tablissements ; \n \nVU l'arr\u00eat\u00e9 du pr\u00e9fet de la r\u00e9gion d'Ile -de-France n\u00b0 IDF-2025-03-26-00008 du 26 mars 2025  \nportant d\u00e9l\u00e9gation de signature \u00e0 m onsieur Jean-Fran\u00e7ois CHANET, recteur de l'acad\u00e9mie de \nCr\u00e9teil, en mati\u00e8re d'ordonnancement secondaire ;  \n \nVU l'arr\u00eat\u00e9 du pr\u00e9fet de la r\u00e9gion d'Ile -de-France n\u00b0 IDF-2025-03-26-00007 du 26 mars 2025 \nportant d\u00e9l\u00e9gation de signature \u00e0 monsieur Jean -Fran\u00e7ois CHANET, recteur de l'acad\u00e9mie de \nCr\u00e9teil, en mati\u00e8re d'ordonnancement secondaire sur le programme 354 \u00ab  administration \nterritoriale de l'Etat \u00bb au titre des d\u00e9penses d'occupation de la cit\u00e9 administrative de Melun  ; \n \nVU l'arr\u00eat\u00e9 de la rectrice de la r\u00e9gion acad\u00e9mique d'Ile -de-France, rectrice de l'acad\u00e9mie de Paris, \nchanceli\u00e8re des universit\u00e9s de Paris et d'Ile -de-France n\u00b0 202 5-027-RRA du 2 7 mars 2025  \nportant d\u00e9l\u00e9gation de signature  en mati\u00e8re administrative au secr\u00e9taire g\u00e9n\u00e9ral de la r\u00e9gion \nacad\u00e9mique d'Ile-de-France et aux recteurs d'acad\u00e9mies ainsi que subd\u00e9l\u00e9gation de signature \nen mati\u00e8re d'ordonnancement secondaire au secr\u00e9taire g\u00e9n\u00e9ral de la r\u00e9gion acad\u00e9mique d'Ile -\nde-France et aux recteurs d'acad\u00e9mies ; \n \nVU les d\u00e9cisions du 4 d\u00e9cembre 2019 nommant le recteur de l'acad\u00e9mie de Cr\u00e9teil responsable de \nbudget op\u00e9rationnel de programme (BOP) des programmes 139 \u00ab  enseignement priv\u00e9 du \npremier et du second degr\u00e9s  \u00bb, 140 \u00ab  enseignement scolaire public du premier degr\u00e9  \u00bb, 141 \n\u00ab enseignement scolaire public du second degr\u00e9 \u00bb et 230 \u00ab vie de l'\u00e9l\u00e8ve \u00bb ; \n \nVU la d\u00e9cision du 11 d\u00e9cembre 2020 portant d\u00e9signation des responsables de budget op\u00e9rationnel \nde programme (BOP) et d'unit\u00e9s op\u00e9rationnelles (UO) pour le programme 214 \u00ab  soutien de la \npolitique de l'\u00e9ducation nationale \u00bb ; \n \nVU la d\u00e9cision du 21 d\u00e9cembre 2020 portant d\u00e9signation des responsables de budget op\u00e9rationnel \nde programme (BOP) et d'unit\u00e9s op\u00e9rationnelles (UO) pour le programme 150 \u00ab formations \nsup\u00e9rieures et recherche universitaire \u00bb ; \n \nVU la convention en date du 3 novembre 2023  de d\u00e9l\u00e9gation de gestion relative \u00e0 l'ex\u00e9cution \nfinanci\u00e8re des appels \u00e0 projets pour un socle num\u00e9rique dans les \u00e9coles \u00e9l\u00e9mentaires (AAP \nSNEE) dans le cadre du \u00ab  Plan de relance  \u00bb au titre de l'activit\u00e9 \u00ab  continuit\u00e9 p\u00e9dagogique  \u00bb \nconclue entre la r\u00e9gion acad\u00e9mique Ile-de-France et l'acad\u00e9mie de Cr\u00e9teil ; \n \nRectorat de l'acad\u00e9mie de Cr\u00e9teil - IDF-2025-12-05-00003 - Arr\u00eat\u00e9 du 5 d\u00e9cembre 2025 portant subd\u00e9l\u00e9gation de signature \u00e0 monsieur\nMehdi CHERFI, secr\u00e9taire g\u00e9n\u00e9ral de l'acad\u00e9mie de Cr\u00e9teil, en mati\u00e8re d'ordonnancement secondaire 12\n3 \n \n \n \n \nARRETE \n \nARTICLE 1 :  \n \n \nSubd\u00e9l\u00e9gation de signature est donn\u00e9e \u00e0 monsieur Mehdi CHERFI , secr\u00e9taire g\u00e9n\u00e9ral de \nl'acad\u00e9mie de Cr\u00e9teil, \u00e0 l'effet de signer les actes mentionn\u00e9s sur n\u00b0 IDF-2025-03-26-00008 du 26 \nmars 2025 : \n \nI. En qualit\u00e9 de responsable de budget op\u00e9rationnel de programme, pour : \n \n1. Recevoir les cr\u00e9dits des programmes suivants : \n- \u00ab enseignement priv\u00e9 du premier et du second degr\u00e9s \u00bb (n\u00b0 139) ; \n- \u00ab enseignement scolaire public du premier degr\u00e9 \u00bb (n\u00b0 140) ; \n- \u00ab enseignement scolaire public du second degr\u00e9 \u00bb (n\u00b0 141) ; \n- \u00ab vie de l'\u00e9l\u00e8ve \u00bb (n\u00b0 230). \n \n2. R\u00e9partir ces cr\u00e9dits entre les services responsables d'unit\u00e9s op\u00e9rationnelles, charg\u00e9s de leur \nex\u00e9cution. \n \n3. Proc\u00e9der \u00e0 des r\u00e9allocations en cours d'exercice budg\u00e9taire entre les services responsables \nd'unit\u00e9s op\u00e9rationnelles. \n \n \n \nII. En qualit\u00e9 de responsable d'unit\u00e9s op\u00e9rationnelles, pour : \n \nTous arr\u00eat\u00e9s, d\u00e9cisions, pi\u00e8ces ou conventions, y compris ceux relatifs \u00e0 la prescription \nquadriennale, pour proc\u00e9der \u00e0 l'ordonnancement secondaire des recettes et des d\u00e9penses de \nl'\u00c9tat dans le cadre des programmes suivants : \n- \u00ab enseignement priv\u00e9 du premier et du second degr\u00e9s \u00bb (n\u00b0 139) ; \n- \u00ab enseignement scolaire public du premier degr\u00e9 \u00bb (n\u00b0 140) ; \n- \u00ab enseignement scolaire public du second degr\u00e9 \u00bb (n\u00b0 141) ; \n- \u00ab formations sup\u00e9rieures et recherche universitaire \u00bb (n\u00b0 150) ; \n- \u00ab soutien de la politique de l'\u00e9ducation nationale \u00bb (n\u00b0 214) ; \n- \u00ab vie de l'\u00e9l\u00e8ve \u00bb (n\u00b0 230) ; \n- \u00ab vie \u00e9tudiante \u00bb (n\u00b0 231) ; \n- \u00ab performance et r\u00e9silience des b\u00e2timents de l'Etat et de ses op\u00e9rateurs  \u00bb (n\u00b0 \n348) \u00bb ; \n- \u00ab op\u00e9rations immobili\u00e8res et entretien des b\u00e2timents de l'Etat\u00bb (n\u00b0 723). \n \n \n \nIII.  Pour les subventions d'un montant de 30.000 euros et plus, et pour les op\u00e9rations \nd'investissement d'un montant de 30.000 euros et plus, la d\u00e9l\u00e9gation de signature consentie au \nII ne s'\u00e9tend aux d\u00e9cisions relatives \u00e0 la gestion des cr\u00e9dits des titres 5, 6 et 7 du budget du \nminist\u00e8re que lorsque les op\u00e9rations en cause auront \u00e9t\u00e9 pr\u00e9alablement arr\u00eat\u00e9es par le pr\u00e9fet \nde la r\u00e9gion d'Ile-de-France. \n \nCes dispositions ne s'appliquent pas aux subventions allou\u00e9es au titre des cr\u00e9dits d'\u00e9quipement \np\u00e9dagogique (premier \u00e9quipement) du budget du minist\u00e8re de l'\u00e9ducation nationale. \n \n \n \n \n \n \n \n \nRectorat de l'acad\u00e9mie de Cr\u00e9teil - IDF-2025-12-05-00003 - Arr\u00eat\u00e9 du 5 d\u00e9cembre 2025 portant subd\u00e9l\u00e9gation de signature \u00e0 monsieur\nMehdi CHERFI, secr\u00e9taire g\u00e9n\u00e9ral de l'acad\u00e9mie de Cr\u00e9teil, en mati\u00e8re d'ordonnancement secondaire 13\n4 \nARTICLE 2 :  \n \n \nSubd\u00e9l\u00e9gation de signature est donn\u00e9e \u00e0 monsieur Mehdi CHERFI , secr\u00e9taire g\u00e9n\u00e9ral de \nl'acad\u00e9mie de Cr\u00e9teil,  \u00e0 l'effet de signer les actes mentionn\u00e9s sur l'arr\u00eat\u00e9 pr\u00e9fectoral n\u00b0 IDF 2025-\n03-26-00007 du 26 mars 2025 : \n \nI. En qualit\u00e9 de responsable d'unit\u00e9s op\u00e9rationnelles, tous arr\u00eat\u00e9s, d\u00e9cisions, pi\u00e8ces ou \nconventions, y compris ceux relatifs \u00e0 la prescription quadriennale, du programme 354 \n\u00ab administration territoriale de l'Etat  \u00bb au titre des d\u00e9penses d'occupation de la cit\u00e9 \nadministrative de Melun, \u00e0 l'exception des d\u00e9penses de nettoyage et de gardiennage. \n \n \nII. Toutes pi\u00e8ces, dans la limite de ses attributions et dans la limite des plafonds de d\u00e9penses qui \nlui auraient \u00e9t\u00e9 notifi\u00e9s par le pr\u00e9fet de la r\u00e9gion d'Ile -de-France, pour proc\u00e9der \u00e0 \nl'ordonnancement secondaire des d\u00e9penses de l'Etat dans le cadre du programme 354 \n\u00ab administration territoriale de l'Etat  \u00bb au titre des d\u00e9penses d'occupation de la cit\u00e9 \nadministrative de Melun, \u00e0 l'exception des d\u00e9penses de nettoyage et de gardiennage. \n \n \n \nARTICLE 3 :  \n \n \nSubd\u00e9l\u00e9gation de signature est donn\u00e9e \u00e0 monsieur Mehdi CHERFI , secr\u00e9taire g\u00e9n\u00e9ral de \nl'acad\u00e9mie de Cr\u00e9teil, pour  les march\u00e9s publics inf\u00e9rieurs \u00e0 40 000 euros HT dans les limites de \nses attributions. \n \n \n \nARTICLE 4 :  \n \n \nSubd\u00e9l\u00e9gation de signature est donn\u00e9e \u00e0 monsieur Mehdi CHERFI , secr\u00e9taire g\u00e9n\u00e9ral de \nl'acad\u00e9mie de Cr\u00e9teil, pour toutes pi\u00e8ces pour proc\u00e9der \u00e0 l'ordonnancement secondaire des \nd\u00e9penses relatives au  programme 362 \u00ab Ecologie  \u00bb du Plan France Relance dans la limite de \nl'enveloppe accord\u00e9e \u00e0 l'acad\u00e9mie de Cr\u00e9teil et sur le territoire de l'acad\u00e9mie  dans les conditions \npr\u00e9vues du d\u00e9cret n\u00b0 2004-374 du 29 avril 2004 modifi\u00e9. \n \n \n \nARTICLE 5 :  \n \n \nSubd\u00e9l\u00e9gation de signature est donn\u00e9e \u00e0 monsieur Mehdi CHERFI , secr\u00e9taire g\u00e9n\u00e9ral de \nl'acad\u00e9mie de Cr\u00e9teil, pour  toutes pi\u00e8ces pour proc\u00e9der \u00e0 l'ordonnancement secondaire des \nd\u00e9penses relatives \u00e0 l'activit\u00e9 \u00ab  Continuit\u00e9 p\u00e9dagogique  \u00bb de l'unit\u00e9 op\u00e9rationnelle 0363 -MENJ-\nNUPA du programme plan de relance n\u00b0  363 \u00ab Comp\u00e9titivit\u00e9 \u00bb, dans la limite des appels \u00e0 projets \nretenus pour un socle num\u00e9rique dans les \u00e9coles \u00e9l\u00e9mentaires, ayant fait l'objet d'une notification \net sur le territoire de l'acad\u00e9mie  dans les conditions pr\u00e9vues du d\u00e9cret n\u00b0 2004 -374 du 29 avril \n2004 modifi\u00e9. \n \n \n \nARTICLE 6 :  \n \n \nSubd\u00e9l\u00e9gation de signature est \u00e9galement donn\u00e9e \u00e0 : \n \n- monsieur David BERA HA, secr\u00e9taire g\u00e9n\u00e9ral  adjoint, directeur des relations et ressources \nhumaines ;  \n \nRectorat de l'acad\u00e9mie de Cr\u00e9teil - IDF-2025-12-05-00003 - Arr\u00eat\u00e9 du 5 d\u00e9cembre 2025 portant subd\u00e9l\u00e9gation de signature \u00e0 monsieur\nMehdi CHERFI, secr\u00e9taire g\u00e9n\u00e9ral de l'acad\u00e9mie de Cr\u00e9teil, en mati\u00e8re d'ordonnancement secondaire 14\n5 \n- monsieur Fr\u00e9d\u00e9ric MULLER , secr\u00e9taire g\u00e9n\u00e9ral adjoint, en charge des affaires g\u00e9n\u00e9rales, de \nl'appui au pilotage et de la transformation ; \n \n- monsieur Emmanuel ROUETTE , secr\u00e9taire g\u00e9n\u00e9ral adjoint, en charge du budget, des moyens \net de l'organisation scolaire ;  \n \n- monsieur Charles NAIM, secr\u00e9taire g\u00e9n\u00e9ral adjoint en charge de la performance, du suivi des \npolitiques \u00e9ducatives et des \u00e9tablissements. \n \n \n \nARTICLE 7 :  \n \n \nSont exclus du champ de la pr\u00e9sente d\u00e9l\u00e9gation les actes suivants, qui demeurent r\u00e9serv\u00e9s \u00e0 la \nsignature du pr\u00e9fet de la r\u00e9gion d'Ile-de-France : \n- les ordres de r\u00e9quisition du comptable public ; \n- les d\u00e9cisions de passer outre l'avis d\u00e9favorable du contr\u00f4leur budg\u00e9taire r\u00e9gional ; \n- les conventions avec les collectivit\u00e9s territoriales et leurs \u00e9tablissements publics.  \n \n \n \nARTICLE 8 :  \n \n \nLe pr\u00e9sent arr\u00eat\u00e9 abroge l'arr\u00eat\u00e9 rectoral du 27 mars 2025. \n \n \n \nARTICLE 9 :  \n \n \nLe pr\u00e9sent arr\u00eat\u00e9 sera publi\u00e9 au recueil des actes administratifs de la pr\u00e9fecture de r\u00e9gion d'Ile -de-\nFrance.  \n \n \n \n \n      \n Fait \u00e0 Cr\u00e9teil, le 5 d\u00e9cembre 2025 \n   \n \n \nLe recteur de l'acad\u00e9mie de Cr\u00e9teil \n \n \nSign\u00e9 \n \n \nJean-Fran\u00e7ois CHANET \nRectorat de l'acad\u00e9mie de Cr\u00e9teil - IDF-2025-12-05-00003 - Arr\u00eat\u00e9 du 5 d\u00e9cembre 2025 portant subd\u00e9l\u00e9gation de signature \u00e0 monsieur\nMehdi CHERFI, secr\u00e9taire g\u00e9n\u00e9ral de l'acad\u00e9mie de Cr\u00e9teil, en mati\u00e8re d'ordonnancement secondaire 15\nRectorat de la r\u00e9gion acad\u00e9mique\nd'Ile-de-France, rectorat de l'acad\u00e9mie de Paris\nIDF-2025-11-17-00023\nArr\u00eat\u00e9 n\u00b02025-174-RRA portant subd\u00e9l\u00e9gation de\nsignature en mati\u00e8re d'ordonnancement\nsecondaire sur le programme \u00ab Soutien de la\npolitique de l'\u00e9ducation nationale \u00bb (n\u00b0214)\nRectorat de la r\u00e9gion acad\u00e9mique d'Ile-de-France, rectorat de l'acad\u00e9mie de Paris - IDF-2025-11-17-00023 - Arr\u00eat\u00e9 n\u00b02025-174-RRA\nportant subd\u00e9l\u00e9gation de signature en mati\u00e8re d'ordonnancement secondaire sur le programme \u00ab Soutien de la politique de\nl'\u00e9ducation nationale \u00bb (n\u00b0214)\n16\nww .REGION ACADEMIQUEILE-DE-FRANCELibert\u00e9Egalit\u00e9Fraternit\u00e9\n \n1 \n \n \n \n \n \n \n \n \n \n \nArr\u00eat\u00e9 n\u00b02025-174-RRA portant subd\u00e9l\u00e9gation de signature \nen mati\u00e8re d'ordonnancement secondaire sur le programme \n\u00ab Soutien de la politique de l'\u00e9ducation nationale \u00bb (n\u00b0214) \n \n \nLA RECTRICE DE LA REGION ACADEMIQUE \u00ceLE-DE-FRANCE, \n RECTRICE DE L'ACAD\u00c9MIE DE PARIS \nCHANCELIERE DES UNIVERSIT\u00c9S DE PARIS  \nET D'\u00ceLE-DE-FRANCE \n \nVu la loi organique n\u00b02001-692 du 1er ao\u00fbt 2001 modifi\u00e9e relative aux lois de finances  ; \nVu le code de la commande publique ; \nVu la loi n\u00b068 -1250 du 31 d\u00e9cembre 1968 modifi\u00e9e relative \u00e0 la prescription des cr\u00e9ances sur l'Etat, les \nd\u00e9partements, les communes et les \u00e9tablissements publics ; \nVu la loi n\u00b072-619 du 5 juillet 1972 modifi\u00e9e portant cr\u00e9ation et organisation des r\u00e9gions, notamment son \narticle 21-1 ; \nVu la loi n\u00b082 -213 du 2 mars 1982 modifi\u00e9e relative aux droits et libert\u00e9s des communes, des \nd\u00e9partements et des r\u00e9gions, et notamment son article 34 ; \nVu le d\u00e9cret n\u00b098-81 du 11 f\u00e9vrier 1998 modifi\u00e9 ; \nVu le d\u00e9cret n\u00b099-89 du 8 f\u00e9vrier 1999 modifi\u00e9 pris pour l'application de l'article 3 du d\u00e9cret no 98-81 du \n11 f\u00e9vrier 1998 ; \nVu le d\u00e9cret n\u00b02012-1246 du 7 novembre 2012 relatif \u00e0 la gestion budg\u00e9taire et comptable publique ; \nVu le d \u00e9cret n\u00b02019-1200 du 20 novembre 2019 relatif \u00e0 l'organisation des services d\u00e9concentr\u00e9s des \nministres charg\u00e9s de l'\u00e9ducation nationale et de l'enseignement sup\u00e9rieur, de la recherche et de \nl'innovation ; \nVu le d\u00e9cret n\u00b02020-139 du 19 f\u00e9vrier 2020 modifiant certaines dispositions relatives \u00e0 la pr\u00e9fecture de la \nr\u00e9gion d'\u00cele de France, pr\u00e9fecture de Paris ;  \nVu le d\u00e9cret du 22 juillet 2020 portant nomination de M. Marc GUILLAUME en qualit\u00e9 de pr\u00e9fet de la \nr\u00e9gion d'\u00cele-de-France, pr\u00e9fet de Paris ;  \nVu le d\u00e9cret du Pr\u00e9sident de la R\u00e9publique du 12 mars 2025 portant nomination de Mme Julie BENETTI \nen qualit\u00e9 de rectrice de la r\u00e9gion acad\u00e9mique \u00cele-de-France, rectrice de l'acad\u00e9mie de Paris ; \nVu le d\u00e9cret du Pr\u00e9sident de la R\u00e9publique d u 16 juillet 2024 portant nomination de Mme Isabelle PRAT \nen qualit\u00e9 de rectrice d\u00e9l\u00e9gu\u00e9e pour l'enseignement sup\u00e9rieur, la recherche et l'innovation de la r\u00e9gion \nacad\u00e9mique \u00cele-de-France ; \nVu l'arr\u00eat\u00e9 d u 3 juillet 2009 portant r\u00e8glement de comptabilit\u00e9 pour la d\u00e9signation des ordonnateurs \nsecondaires et de leurs d\u00e9l\u00e9gu\u00e9s en ce qui concerne le minist\u00e8re de l'\u00e9ducation nationale ; \nRectorat de la r\u00e9gion acad\u00e9mique d'Ile-de-France, rectorat de l'acad\u00e9mie de Paris - IDF-2025-11-17-00023 - Arr\u00eat\u00e9 n\u00b02025-174-RRA\nportant subd\u00e9l\u00e9gation de signature en mati\u00e8re d'ordonnancement secondaire sur le programme \u00ab Soutien de la politique de\nl'\u00e9ducation nationale \u00bb (n\u00b0214)\n17\n \n2 \nVu l'arr\u00eat\u00e9 du 2 2 d\u00e9cembre 2022  relatif aux r\u00e8gles de la comptabilit\u00e9 budg\u00e9taire de l'Etat pris en \napplication de l'article 54 du d\u00e9cret 2012-1246 du 7 novembre 2012 modifi\u00e9 relatif \u00e0 la gestion budg\u00e9taire \net comptable publique ; \nVu la d\u00e9cision minist\u00e9rielle NOR MENF2036122S du 11 d\u00e9cem bre 2020 et par laquelle le responsable de \nprogramme nomme le Recteur de la r\u00e9gion acad\u00e9mique \u00cele-de-France, Recteur de l'acad\u00e9mie de Paris en \nqualit\u00e9 de responsable de budget op\u00e9rationnel de programme et d'unit\u00e9s op\u00e9rationnelles des \nprogrammes \u00ab Soutien de la politique de l'\u00e9ducation nationale \u00bb (n\u00b0214) ; \nVu l'arr\u00eat\u00e9 interminist\u00e9riel en date du 31 janvier 2025 nommant M. Fabien OPPERMANN dans l'emploi de \nsecr\u00e9taire g\u00e9n\u00e9ral de la r\u00e9gion acad\u00e9mique \u00cele-de-France ; \nVu l'arr\u00eat\u00e9 n\u00b02025-027-RRA du 27 mars 2025 portant d\u00e9l\u00e9gation de signature au secr\u00e9taire g\u00e9n\u00e9ral de la \nr\u00e9gion acad\u00e9mique Ile-de-France ; \nVu l'arr\u00eat\u00e9 interminist\u00e9riel en date du 22 septembre 2023 nommant Mme Roxane LAVERGNE dans \nl'emploi de secr\u00e9taire g\u00e9n\u00e9rale adjointe de la r\u00e9gion acad\u00e9mique Ile-de-France ; \nVu l'arr\u00eat\u00e9 interminist\u00e9riel en date du 28 janvier 2025 portant affectation de M. Jacques de SURREL en \ntant que Directeur des affaires r\u00e9gionales et immobili\u00e8res de la r\u00e9gion acad\u00e9mique Ile-de-France ; \nVu l'arr\u00eat\u00e9 du pr\u00e9fet de la r\u00e9gion Ile -de-France n\u00b0IDF -2025-03-26-00004 du 26 mars 2025 portant \nd\u00e9l\u00e9gation de signature \u00e0 Madame Julie BENETTI, rectrice de la r\u00e9gion acad\u00e9mique \u00cele-de-France, rectrice \nde l'acad\u00e9mie de Paris, en mati\u00e8re d'ordonnancement secondaire ; \nVu l'arr\u00eat\u00e9 du ministre de l'Education nationale, de la Jeunesse et des Sports et de la ministre de \nl'Enseignement sup\u00e9rieur, de la Recherche et de l'Innovation du 15 mars 2022  portant nomination de       \nM. Alexandre BOSCH en qualit\u00e9 de secr\u00e9taire g\u00e9n\u00e9ral, chef du service r\u00e9gional de l'enseignement \nsup\u00e9rieur, de la recherche et de l'innovation de la r\u00e9gion acad\u00e9mique \u00cele-de-France, secr\u00e9taire g\u00e9n\u00e9ral de \nl'\u00e9tablissement public Chancellerie des universit\u00e9s de Paris ; \n \nARRETE \nARTICLE 1 : \nSubd\u00e9l\u00e9gation de signature est donn\u00e9e \u00e0 Mme Isabelle PRAT, rectrice d\u00e9l\u00e9gu\u00e9e  pour \nl'enseignement sup\u00e9rieur, la recherche et l'innovation de la r\u00e9gion acad\u00e9mique \u00cele-de-France, \u00e0 \nl'effet de signer toutes pi\u00e8ces pour proc\u00e9der \u00e0 l'ordonnancement secondaire des d\u00e9penses \nrelatives au programme 214 \u00ab Soutien de la politique de l'\u00e9ducation nationale \u00bb dans la limite \nde son enveloppe et dans les limites de ses attributions. \nARTICLE 2 : \nEn cas d'absence ou d'emp\u00eachement de Mme Isabelle PRAT, rectrice d\u00e9l\u00e9gu\u00e9e  pour \nl'enseignement sup\u00e9rieur, la recherche et l'innovation de la r\u00e9gion acad\u00e9mique \u00cele -de-France, \nsubd\u00e9l\u00e9gation de signature est donn\u00e9e \u00e0 M. Fabien OPPERMANN, secr\u00e9taire  g\u00e9n\u00e9ral de la \nr\u00e9gion acad\u00e9mique Ile-de-France, Mme Roxane LAVERGNE, secr\u00e9taire g\u00e9n\u00e9rale adjointe de la \nr\u00e9gion acad\u00e9mique Ile-de-France et \u00e0 M. Jacques de SURREL, directeur des affaires g\u00e9n\u00e9rales et \nimmobili\u00e8res de la r\u00e9gion acad\u00e9mique \u00cele -de-France, dans les limites \u00e9nonc\u00e9es \u00e0 l'article 1 du \npr\u00e9sent arr\u00eat\u00e9. \nARTICLE 3 : \nEn cas d'absence ou d'emp\u00eachement de Mme Isabelle PRAT, rectrice d\u00e9l\u00e9gu\u00e9e  pour \nl'enseignement sup\u00e9rieur, la recherche et l'innovation de la r\u00e9gion acad\u00e9mique \u00cele -de-France, \nsubd\u00e9l\u00e9gation de signature est donn\u00e9e \u00e0 M. Alexandre BOSCH chef du service r\u00e9gional de \nl'enseignement sup\u00e9rieur, de la recherche et de l'innovation , secr\u00e9taire g\u00e9n\u00e9ral de \nl'\u00e9tablissement public Chancellerie des universit\u00e9s de Paris, dans les limites \u00e9nonc\u00e9es \u00e0 l'article \n1 du pr\u00e9sent arr\u00eat\u00e9. \n  \nRectorat de la r\u00e9gion acad\u00e9mique d'Ile-de-France, rectorat de l'acad\u00e9mie de Paris - IDF-2025-11-17-00023 - Arr\u00eat\u00e9 n\u00b02025-174-RRA\nportant subd\u00e9l\u00e9gation de signature en mati\u00e8re d'ordonnancement secondaire sur le programme \u00ab Soutien de la politique de\nl'\u00e9ducation nationale \u00bb (n\u00b0214)\n18\n \n3 \nARTICLE 4 : \nEn cas d'absence ou d'emp\u00eachement des personnes mentionn\u00e9es aux articles 1 \u00e0 3 du pr\u00e9sent \narr\u00eat\u00e9 subd\u00e9l\u00e9gation de signature est donn\u00e9e \u00e0 Mme Blandine MENDON\u00c7A et Mme Ga\u00eblle \nPOTET, assistantes de direction au sein du cabinet de la rectrice d\u00e9l\u00e9gu\u00e9e pour l'enseignement \nsup\u00e9rieur, la recherche et l'innovation de la r\u00e9gion acad\u00e9mique \u00cele -de-France, dans les limites \n\u00e9nonc\u00e9es \u00e0 l'article 1 du pr\u00e9sent arr\u00eat\u00e9. \nARTICLE 5 : \nEn cas d'absence ou d'emp\u00eachement des personnes mentionn\u00e9es aux articles 1 \u00e0 4 du pr\u00e9sent \narr\u00eat\u00e9, subd\u00e9l\u00e9gation de signature \u00e0 l'effet de valider les engagements juridiques, les demandes \nde paiement et de certifier le service fait \u00e0 M. J\u00e9r\u00f4me POISON, chef de la division des affaires \nfinanci\u00e8res de l'acad\u00e9mie de Paris. \nEn cas d'absence ou d'emp\u00eachement de M. J\u00e9r\u00f4me POISON, chef de la division des affaires \nfinanci\u00e8res, la d\u00e9l\u00e9gation de signature qui lui est donn\u00e9e sera exerc\u00e9e, au travers des seuls actes \nde validation CHORUS, par \n- Mme Marianne BICORNE, AAE ; \n- M. Florent DI CARLO, AAE ; \n- M. J\u00e9r\u00f4me BIHRY, SAENES ; \n- Mme Daniela LOGIN, SAENES ; \n- Mme Sandy LECLERC, SAENES ; \n- Mme Feiza MEDJAHDI, SAENES ; \n- Mme Florence NOTARIANNI, SAENES ; \n- M. Gabriel DONNE, SAENES ; \n- Mme Fanny GALMICHE, SAENES \n \n \nARTICLE 5 : \nLe secr\u00e9taire g\u00e9n\u00e9ral de la r\u00e9gion acad\u00e9mique \u00cele-de-France est charg\u00e9 de l'ex\u00e9cution du pr\u00e9sent \narr\u00eat\u00e9 qui sera publi\u00e9 au recueil des actes administratif s de la pr\u00e9fecture de r\u00e9gion d'\u00cele-de-\nFrance, pr\u00e9fecture de Paris. \n \n \n \nFait \u00e0 Paris, le 17 novembre 2025 \n \n \nLa rectrice de la r\u00e9gion acad\u00e9mique d'\u00cele-de-France, \nRectrice de l'acad\u00e9mie de Paris, \nChanceli\u00e8re des universit\u00e9s de Paris et d'\u00cele-de France \n \nSign\u00e9 \n \n \nJulie BENETTI \nRectorat de la r\u00e9gion acad\u00e9mique d'Ile-de-France, rectorat de l'acad\u00e9mie de Paris - IDF-2025-11-17-00023 - Arr\u00eat\u00e9 n\u00b02025-174-RRA\nportant subd\u00e9l\u00e9gation de signature en mati\u00e8re d'ordonnancement secondaire sur le programme \u00ab Soutien de la politique de\nl'\u00e9ducation nationale \u00bb (n\u00b0214)\n19","date":"2025-12-05","first_seen_on":"2025-12-05T20:14:14+00:00","id":"4fecb939d74c87a9e2e9560ceb57156a779c6ef9ed90e13f8b55c685fc5bf789","name":"recueilDS-idf-017-2025-12-recueil-des-actes-administratifs-special du 05.12.2025","pdf_creation_date":"2025-12-05T16:08:21+00:00","pdf_modification_date":null,"timezone":"Europe/Paris","url":"https://www.prefectures-regions.gouv.fr/ile-de-france/irecontenu/telechargement/133411/978336/file/recueilDS-idf-017-2025-12-recueil-des-actes-administratifs-special%20du%2005.12.2025.pdf"}
