{"administration":"pref83","administration_name":"Pr\u00e9fecture du Var","content":"VAR\nRECUEIL DES ACTES\nADMINISTRATIFS SP\u00c9CIAL\n(NOMINATIFS)\nN\u00b083-2026-090\nPUBLI\u00c9 LE 12 MARS 2026\nSommaire\nPr\u00e9fecture du VAR / Direction de la citoyennet\u00e9 et de la l\u00e9galit\u00e9\n83-2026-03-11-00013 - ARR\u00caT\u00c9 PR\u00c9FECTORAL n\u00b0\nDCL/BERG/2026/0039 du 11 mars 2026 portant habilitation de\nl'\u00e9tablissement \u00ab\u00a0POMPES FUNEBRES ET MARBRERIE\nMICHEL\u00a0\u00bb\n120 Avenue du Docteur Mazen - 83500 LA\nSEYNE-SUR-MER g\u00e9r\u00e9 par la SAS \u00ab\u00a0OGF SERVICES\nFUNERAIRES\u00a0\u00bb\n\nHabilitation N\u00b0 26-83-0319 (3 pages) Page 4\n83-2026-03-11-00015 - ARR\u00caT\u00c9 PR\u00c9FECTORAL n\u00b0\nDCL/BERG/2026/0040 du 11 mars 2026 portant habilitation de\nl'\u00e9tablissement \u00ab\u00a0PFG - SERVICES FUNERAIRES\u00a0\u00bb\n390 rue\nJoseph Aubenas - 83600 FREJUS\ng\u00e9r\u00e9 par la SAS \u00ab\u00a0OGF\nSERVICES FUNERAIRES\u00a0\u00bb\nHabilitation N\u00b0 26-83-0320 (3 pages) Page 8\n83-2026-03-11-00011 - ARR\u00caT\u00c9 PR\u00c9FECTORAL n\u00b0 DCL/BERG/2026/0041\ndu 11 mars 2026 portant habilitation de l'\u00e9tablissement \u00ab\u00a0PFG -\nSERVICES FUNERAIRES\u00a0\u00bb\n7 rue du Mar\u00e9chal Foch - 83250 LA\nLONDE-LES-MAURES g\u00e9r\u00e9 par la SAS \u00ab\u00a0OGF SERVICES\nFUNERAIRES\u00a0\u00bb\n\nHabilitation N\u00b0 26-83-0321 (3 pages) Page 12\n83-2026-03-11-00014 - ARR\u00caT\u00c9 PR\u00c9FECTORAL n\u00b0\nDCL/BERG/2026/0042 du 11 mars 2026 portant habilitation de\nl'\u00e9tablissement \u00ab\u00a0PFG - SERVICES FUNERAIRES\u00a0\u00bb\n422\navenue Fran\u00e7ois Cuzin - 83000 TOULON\ng\u00e9r\u00e9 par la SAS\n\u00ab\u00a0OGF SERVICES FUNERAIRES\u00a0\u00bb\nHabilitation N\u00b0 26-83-0322 (3\npages) Page 16\n83-2026-03-11-00012 - ARR\u00caT\u00c9 PR\u00c9FECTORAL n\u00b0\nDCL/BERG/2026/0045 du 11 mars 2026 portant habilitation de\nl'\u00e9tablissement \u00ab\u00a0MAISON ROBLOT\u00a0\u00bb\n17 place de la\nR\u00e9publique - 83400 HYERES\ng\u00e9r\u00e9 par la SAS \u00ab\u00a0OGF SERVICES\nFUNERAIRES\u00a0\u00bb\nHabilitation N\u00b0 26-83-0325 (3 pages) Page 20\n83-2026-03-11-00010 - ARR\u00caT\u00c9 PR\u00c9FECTORAL n\u00b0 DCL/BERG/2026/0051\ndu 11 mars 2026 portant habilitation de\nl'\u00e9tablissement\n\u00ab\u00a0POMPES FUNEBRES ET MARBRERIE\nMERIDIONALES\u00a0\u00bb 1429 Avenue Colonel Picot - 83100 TOULON\ng\u00e9r\u00e9 par la SAS \u00ab\u00a0OGF SERVICES FUNERAIRES\u00a0\u00bb\n\nHabilitation\nN\u00b0 26-83-0326 (3 pages) Page 24\n83-2026-03-09-00006 - ARR\u00caT\u00c9 PR\u00c9FECTORAL n\u00b0\nDCL/BERG/2026/0056 du 09 mars 2026\nportant habilitation de la\nchambre fun\u00e9raire 28 chemin de la Ritorte - 83400 HYERES g\u00e9r\u00e9e\npar la SAS \u00ab\u00a0OGF SERVICES FUN\u00c9RAIRES\u00a0\u00bb Habilitation N\u00b0\n26-83-0327 (2 pages) Page 28\n2\n83-2026-03-09-00007 - ARR\u00caT\u00c9 PR\u00c9FECTORAL n\u00b0\nDCL/BERG/2026/0057 du 09 mars 2026 portant habilitation de la chambre\nfun\u00e9raire 4 rue Charles Gounod - 83500 La Seyne-sur-Mer g\u00e9r\u00e9e\npar la SAS \u00ab OGF SERVICES FUN\u00c9RAIRES \u00bb Habilitation N\u00b0 26-83-0328\n(2 pages) Page 31\n83-2026-03-11-00008 - ARR\u00caT\u00c9 PR\u00c9FECTORAL n\u00b0\nDCL/BERG/2026/0076 du 11 mars 2026 portant renouvellement de\nl'habilitation de l'\u00e9tablissement\n\u00ab\u00a0POMPES FUN\u00c8BRES\nPASCAL LECLERC\u00a0\u00bb, 366 rue Sainte Claire Deville - 83100\nTOULON\ng\u00e9r\u00e9 par la SAS \u00ab\u00a0FUNECAP SUD-EST\u00a0\u00bb\nHabilitation\nN\u00b0 26-83-0222 (3 pages) Page 34\n83-2026-03-11-00009 - ARR\u00caT\u00c9 PR\u00c9FECTORAL n\u00b0\nDCL/BERG/2026/0082 du 11 mars 2026 portant renouvellement de\nl'habilitation de l'\u00e9tablissement\n\u00ab\u00a0MISTRE\u00a0\u00bb, 142 chemin\nClos du Haut - 83190 OLLIOULES g\u00e9r\u00e9 par la SAS \u00ab\u00a0FUNECAP\nSUD-EST\u00a0\u00bb Habilitation N\u00b0 26-83-0141 (3 pages) Page 38\n83-2026-03-11-00016 - ARR\u00caT\u00c9 PR\u00c9FECTORAL n\u00b0\nDCL/BERG/2026/0084 du 11 mars 2026 portant renouvellement de\nl'habilitation de l'\u00e9tablissement \n\u00ab\u00a0POMPES FUN\u00c8BRES DE\nFRANCE\u00a0\u00bb\n27 square Gueirard - 83500 LA\nSEYNE-SUR-MER\ng\u00e9r\u00e9 par la SARL \u00ab\u00a0FRANCE FUN\u00c9RAIRE POMPES\nFUN\u00c8BRES\u00a0\u00bb Habilitation N\u00b0 26-83-0117 (2 pages) Page 42\n3\nPr\u00e9fecture du VAR\n83-2026-03-11-00013\nARR\u00caT\u00c9 PR\u00c9FECTORAL n\u00b0 DCL/BERG/2026/0039\ndu 11 mars 2026 portant habilitation de\nl'\u00e9tablissement \u00ab\u00a0POMPES FUNEBRES ET\nMARBRERIE MICHEL\u00a0\u00bb\n120 Avenue du Docteur Mazen - 83500 LA\nSEYNE-SUR-MER g\u00e9r\u00e9 par la SAS \u00ab\u00a0OGF\nSERVICES FUNERAIRES\u00a0\u00bb\nHabilitation N\u00b0 26-83-0319\nPr\u00e9fecture du VAR - 83-2026-03-11-00013 - ARR\u00caT\u00c9 PR\u00c9FECTORAL n\u00b0 DCL/BERG/2026/0039 du 11 mars 2026 portant habilitation de\nl'\u00e9tablissement \u00ab\u00a0POMPES FUNEBRES ET MARBRERIE MICHEL\u00a0\u00bb\n120 Avenue du Docteur Mazen - 83500 LA SEYNE-SUR-MER g\u00e9r\u00e9 par la SAS \u00ab\u00a0OGF SERVICES FUNERAIRES\u00a0\u00bb\nHabilitation N\u00b0 26-83-0319\n4\n=mPREFETDU VARLibert\u00e9Egalit\u00e9Fraternit\u00e9\nDirection de la citoyennet\u00e9 et de la l\u00e9galit\u00e9\nBureau des \u00e9lections et de la r\u00e9glementation g\u00e9n\u00e9rale\nARR\u00caT\u00c9 PR\u00c9FECTORAL n\u00b0 DCL/BERG/2026/0039 du 11 mars 2026\nportant habilitation de l'\u00e9tablissement \u00ab POMPES FUNEBRES ET MARBRERIE MICHEL \u00bb\n120 Avenue du Docteur Mazen \u2013 83500 LA SEYNE-SUR-MER\ng\u00e9r\u00e9 par la SAS \u00ab OGF SERVICES FUNERAIRES \u00bb\nHabilitation N\u00b0 26-83-0319\nLe Pr\u00e9fet du Var,\nVu le code g\u00e9n\u00e9ral des collectivit\u00e9s territoriales  et notamment ses articles L2223-19, L2223-23 \net suivants ;\nVu la loi n\u00b0 2008-1350 du 19 d\u00e9cembre 2008 relative \u00e0 la l\u00e9gislation fun\u00e9raire ;\nVu le d\u00e9cret du Pr\u00e9sident de la R\u00e9publique du 15 mai 2025, portant nomination de Monsieur  \nSimon BABRE, pr\u00e9fet du Var ;\nVu  l'arr\u00eat\u00e9  pr\u00e9fectoral  n\u00b0  2025/12/MCI  du  2  juin  2025  portant  d\u00e9l\u00e9gation  de  signature  \u00e0 \nMonsieur  Lucien  GIUDICELLI,  secr\u00e9taire  g\u00e9n\u00e9ral  de  la  pr\u00e9fecture  du  Var,  sous-pr\u00e9fet  de  \nl'arrondissement de Toulon ;\nVu l'arr\u00eat\u00e9 pr\u00e9fectoral n\u00b0 2026/10 /MCI du 02 f\u00e9vrier 2026 portant d\u00e9l\u00e9gation de signature \u00e0  \nMadame Isabelle CATHERINEAU, directrice de la citoyennet\u00e9 et de la l\u00e9galit\u00e9 de la pr\u00e9fecture \ndu Var ;\nVu  l'arr\u00eat\u00e9  pr\u00e9fectoral  n\u00b0  DCL/BERG/2020/68  du  13  f\u00e9vrier  2020  portant  renouvellement \nd'habilitation de l'\u00e9tablissement secondaire \u00ab POMPES FUNEBRES ET MARBRERIE MICHEL \u00bb\nAvenue du Docteur Mazen \u2013 Le Jean Bart \u2013 B\u00e2timent B \u00e0 La Seyne-sur-Mer (83500) jusqu'au 29  \nmars 2026 inclus ;\nVu la demande du 08 janvier 2026 d'habilitation de l'\u00e9tablissement \u00ab POMPES FUNEBRES ET  \nMARBRERIE  MICHEL \u00bb  situ\u00e9  120  Avenue  du  Docteur  Mazen \u00e0  La  Seyne-sur-Mer  (83500) , \nformul\u00e9e  par  Monsieur  Pierrick  SARTORIO,  directeur  secteur  op\u00e9rationnel,  de  la  SAS  \n\u00ab OGF SERVICES FUNERAIRES \u00bb dont le si\u00e8ge est situ\u00e9 6 rue du G\u00e9n\u00e9ral Audran \u00e0 Courbevoie \n(92400) ;\nConsid\u00e9rant la fusion absorption de la soci\u00e9t\u00e9 OGF par la soci\u00e9t\u00e9 OBOL France devenant OGF \nSERVICES FUN\u00c9RAIRES, intervenue en date du 01 novembre 2025, impliquant la modification \ndu SIRET ;\nConsid\u00e9rant la compl\u00e9tude du dossier ;\nSur proposition du secr\u00e9taire g\u00e9n\u00e9ral de la pr\u00e9fecture ;\nARR\u00caTE\nArticle 1  : L'\u00e9tablissement  \u00ab POMPES FUNEBRES ET MARBRERIE MICHEL  \u00bb  situ\u00e9 120 Avenue  \ndu  Docteur  Mazen  \u00e0  La  Seyne-sur-Mer  (83500),  g\u00e9r\u00e9  par  la  SAS  \u00ab OGF SERVICES \nFUNERAIRES \u00bb  dont  le  si\u00e8ge  est  situ\u00e9  6  rue  du  G\u00e9n\u00e9ral  Audran  \u00e0  Courbevoie  (92400),  \n1/2\nPr\u00e9fecture du VAR - 83-2026-03-11-00013 - ARR\u00caT\u00c9 PR\u00c9FECTORAL n\u00b0 DCL/BERG/2026/0039 du 11 mars 2026 portant habilitation de\nl'\u00e9tablissement \u00ab\u00a0POMPES FUNEBRES ET MARBRERIE MICHEL\u00a0\u00bb\n120 Avenue du Docteur Mazen - 83500 LA SEYNE-SUR-MER g\u00e9r\u00e9 par la SAS \u00ab\u00a0OGF SERVICES FUNERAIRES\u00a0\u00bb\nHabilitation N\u00b0 26-83-0319\n5\nrepr\u00e9sent\u00e9 par son directeur secteur op\u00e9rationnel, Monsieur Pierrick SARTORIO, est habilit\u00e9  \npour exercer les activit\u00e9s suivantes :\n1 - Transport de corps avant et apr\u00e8s mise en bi\u00e8re,\n2 - Organisation des obs\u00e8ques,\n3 - Soins de con servation, en sous-traitance avec l'\u00e9tablissement \u00ab  HYGECO POST MORTEM  \nASSISTANCE\u00bb,  sis  12  rue  Sarah  Bernhardt  \u00e0  Asni\u00e8res  (92600),  habilit\u00e9  sous  le  num\u00e9ro  \n25-92-0216,\n4 - Fourniture des housses, cercueils et accessoires int\u00e9rieur et ext\u00e9rieur ainsi que des urnes\ncin\u00e9raires,\n7 - Fourniture des corbillards et voitures de deuil, list\u00e9s en annexe du pr\u00e9sent arr\u00eat\u00e9,\n8 - Fourniture  de  personnel  et  des  objets  et  prestations  n\u00e9cessaires  aux  obs\u00e8ques,  \ninhumations, exhumations et cr\u00e9mations.\nArticle 2     : L'habilitation porte le num\u00e9ro 26-83-0319.\nArticle  3     :  La  pr\u00e9sente  habilitation  est  accord\u00e9e pour  une  dur\u00e9e  de  cinq  ans  \u00e0  compter \ndu 30 mars 2026, et jusqu'au 29 mars 2031 inclus.\nPour  solliciter  le  renouvellement  de  la  pr\u00e9sente  habilitation,  le  b\u00e9n\u00e9ficiaire  devra  faire  \nparvenir sa demande en pr\u00e9fecture au plus tard deux mois avant sa date de fin de validit\u00e9.\nArticle  4     :  Conform\u00e9ment  aux  articles  L.2223-25  et  R.2223-64  du  code  g\u00e9n\u00e9ral  des  \ncollectivit\u00e9s  territoriales,  et  \u00e0  d\u00e9faut  de  la  production,  dans  les  meilleurs  d\u00e9lais,  des  \njustificatifs de conformit\u00e9 des \u00e9quipements, la pr\u00e9sente habilitation pourra \u00eatre suspendue  \npour une dur\u00e9e maximale d'un an ou retir\u00e9e, apr\u00e8s mise en demeure, pour les motifs suivants :\n- non-respect des conditions de sa d\u00e9livrance telles qu'elles sont d\u00e9finies par les dispositions  \ndu code g\u00e9n\u00e9ral des collectivit\u00e9s territoriales ;\n- non exercice ou cessation d'exercice des activit\u00e9s au titre desquelles elle a \u00e9t\u00e9 d\u00e9livr\u00e9e ;\n- atteinte \u00e0 l'ordre public ou danger pour la salubrit\u00e9 publique.\nDans  les  cas  o\u00f9  le  b\u00e9n\u00e9ficiaire  est  un  d\u00e9l\u00e9gataire,  le  retrait  d'habilitation  entra\u00eene  la  \nd\u00e9ch\u00e9ance des d\u00e9l\u00e9gations.\nArticle 5     : Le secr\u00e9taire g\u00e9n\u00e9ral de la pr\u00e9fecture du Var est charg\u00e9 de l'ex\u00e9cution du pr\u00e9sent  \narr\u00eat\u00e9 qui sera publi\u00e9 au recueil des actes administratifs de la pr\u00e9fecture du Var et dont une  \ncopie sera adress\u00e9e au maire de la commune de La Seyne-sur-Mer pour information.\nFait \u00e0 Toulon, le 11 mars 2026\nPour le Pr\u00e9fet et par d\u00e9l\u00e9gation,\nLa Directrice,\nSign\u00e9\nIsabelle CATH\u00c9RINEAU\nDans un d\u00e9lai de deux mois \u00e0 compter de la date de la notification ou de la publication du pr\u00e9sent arr\u00eat\u00e9 au recueil des actes administratifs de la \npr\u00e9fecture, les recours suivants peuvent \u00eatre introduits conform\u00e9ment aux dispositions des articles R. 421-1 et suivants du code de justice \nadministrative :\n- un recours gracieux, adress\u00e9 \u00e0 :\nM. le Pr\u00e9fet du Var - Boulevard du 112\u00e8me r\u00e9giment d'infanterie - CS 31209 - 83070 TOULON CEDEX\n- un recours hi\u00e9rarchique, adress\u00e9 au(x) ministre(s) concern\u00e9(s) ;\nDans ces deux cas, le silence de l'Administration vaut rejet implicite au terme d'un d\u00e9lai de deux mois.\nApr\u00e8s un recours gracieux ou hi\u00e9rarchique, le d\u00e9lai du recours contentieux ne court qu'\u00e0 compter du rejet explicite ou implicite de l'un de ces \nrecours.\n- un recours contentieux, en saisissant le Tribunal Administratif de Toulon : 5 rue Racine -BP 40510 - 83 041 TOULON CEDEX 9\nLe tribunal administratif peut \u00eatre saisi par l'application informatique \u00ab T\u00e9l\u00e9cours \u00bb accessible par le site internet www.telecours.fr.\n2/2\nPr\u00e9fecture du VAR - 83-2026-03-11-00013 - ARR\u00caT\u00c9 PR\u00c9FECTORAL n\u00b0 DCL/BERG/2026/0039 du 11 mars 2026 portant habilitation de\nl'\u00e9tablissement \u00ab\u00a0POMPES FUNEBRES ET MARBRERIE MICHEL\u00a0\u00bb\n120 Avenue du Docteur Mazen - 83500 LA SEYNE-SUR-MER g\u00e9r\u00e9 par la SAS \u00ab\u00a0OGF SERVICES FUNERAIRES\u00a0\u00bb\nHabilitation N\u00b0 26-83-0319\n6\n| =PREFETDU VARLibert\u00e9Egalit\u00e9Fraternit\u00e9\nDirection de la citoyennet\u00e9 et de la l\u00e9galit\u00e9\nBureau des \u00e9lections et de la r\u00e9glementation g\u00e9n\u00e9rale\nAnnexe \u00e0 l'arr\u00eat\u00e9 n\u00b0DCL/BERG/2026/0039 du 11 mars 2026\nHabilitation N\u00b026-83-0319\nIdentification des v\u00e9hicules intervenant pour l'\u00e9tablissement :\nPOMPES FUNEBRES ET MARBRERIE MICHEL\ng\u00e9r\u00e9 par la SAS OGF SERVICES FUNERAIRES\nSis 120 Avenue du Docteur Mazen \u00e0 La Seyne-sur-Mer\nTransport de corps avant et apr\u00e8s mise en bi\u00e8re\nGA-167-MS\nGA-136-MS\nEX-135-WZ\nEX-455-WZ\nEP-777-JA\nEP-299-JA\nEX-220-WW\nGF-797-LR\nGX-987-WH\nEX-197-WZ\nEX-307-XA\nHF-015-XE\nT\u00e9l : 04 94 18 83 83\nM\u00e9l : pref-funeraires@var.gouv.fr\nBd du 112\u00e8me R\u00e9giment d'Infanterie\nCS 31 209 - 83070 TOULON CEDEX\nPr\u00e9fecture du VAR - 83-2026-03-11-00013 - ARR\u00caT\u00c9 PR\u00c9FECTORAL n\u00b0 DCL/BERG/2026/0039 du 11 mars 2026 portant habilitation de\nl'\u00e9tablissement \u00ab\u00a0POMPES FUNEBRES ET MARBRERIE MICHEL\u00a0\u00bb\n120 Avenue du Docteur Mazen - 83500 LA SEYNE-SUR-MER g\u00e9r\u00e9 par la SAS \u00ab\u00a0OGF SERVICES FUNERAIRES\u00a0\u00bb\nHabilitation N\u00b0 26-83-0319\n7\nPr\u00e9fecture du VAR\n83-2026-03-11-00015\nARR\u00caT\u00c9 PR\u00c9FECTORAL n\u00b0 DCL/BERG/2026/0040\ndu 11 mars 2026 portant habilitation de\nl'\u00e9tablissement \u00ab\u00a0PFG - SERVICES FUNERAIRES\u00a0\u00bb\n390 rue Joseph Aubenas - 83600 FREJUS\ng\u00e9r\u00e9 par la SAS \u00ab\u00a0OGF SERVICES FUNERAIRES\u00a0\u00bb\nHabilitation N\u00b0 26-83-0320\nPr\u00e9fecture du VAR - 83-2026-03-11-00015 - ARR\u00caT\u00c9 PR\u00c9FECTORAL n\u00b0 DCL/BERG/2026/0040 du 11 mars 2026 portant habilitation de\nl'\u00e9tablissement \u00ab\u00a0PFG - SERVICES FUNERAIRES\u00a0\u00bb\n390 rue Joseph Aubenas - 83600 FREJUS\ng\u00e9r\u00e9 par la SAS \u00ab\u00a0OGF SERVICES FUNERAIRES\u00a0\u00bb\nHabilitation N\u00b0 26-83-0320\n8\n=mPREFETDU VARLibert\u00e9Egalit\u00e9Fraternit\u00e9\nDirection de la citoyennet\u00e9 et de la l\u00e9galit\u00e9\nBureau des \u00e9lections et de la r\u00e9glementation g\u00e9n\u00e9rale\nARR\u00caT\u00c9 PR\u00c9FECTORAL n\u00b0 DCL/BERG/2026/0040 du 11 mars 2026\nportant habilitation de l'\u00e9tablissement \u00ab PFG \u2013 SERVICES FUNERAIRES \u00bb\n390 rue Joseph Aubenas \u2013 83600 FREJUS\ng\u00e9r\u00e9 par la SAS \u00ab OGF SERVICES FUNERAIRES \u00bb\nHabilitation N\u00b0 26-83-0320\nLe Pr\u00e9fet du Var,\nVu le code g\u00e9n\u00e9ral des collectivit\u00e9s territoriales  et notamment ses articles L2223-19, L2223-23 \net suivants ;\nVu la loi n\u00b0 2008-1350 du 19 d\u00e9cembre 2008 relative \u00e0 la l\u00e9gislation fun\u00e9raire ;\nVu le d\u00e9cret du Pr\u00e9sident de la R\u00e9publique du 15 mai 2025, portant nomination de Monsieur  \nSimon BABRE, pr\u00e9fet du Var ;\nVu  l'arr\u00eat\u00e9  pr\u00e9fectoral  n\u00b0  2025/12/MCI  du  2  juin  2025  portant  d\u00e9l\u00e9gation  de  signature  \u00e0 \nMonsieur  Lucien  GIUDICELLI,  secr\u00e9taire  g\u00e9n\u00e9ral  de  la  pr\u00e9fecture  du  Var,  sous-pr\u00e9fet  de  \nl'arrondissement de Toulon ;\nVu l'arr\u00eat\u00e9 pr\u00e9fectoral n\u00b0 2026/10 /MCI du 02 f\u00e9vrier 2026 portant d\u00e9l\u00e9gation de signature \u00e0  \nMadame Isabelle CATHERINEAU, directrice de la citoyennet\u00e9 et de la l\u00e9galit\u00e9 de la pr\u00e9fecture \ndu Var ;\nVu l'arr\u00eat\u00e9 pr\u00e9fectoral n\u00b0 DCL/BERG/2020/83 du 02 mars 2020, portant renouvellement de  \nl'\u00e9tablissement secondaire \u00ab  PFG \u2013 SERVICES FUNERAIRES  \u00bb sis 390, rue Joseph Aubenas \u00e0  \nFr\u00e9jus (83600) jusqu'au 29 mars 2026 ;\nVu  la  demande  du  19  f\u00e9vrier  2026  d'habilitation  de  l'\u00e9tablissement  \u00ab PFG  \u2013  SERVICES \nFUN\u00c9RAIRES \u00bb, situ\u00e9 390 rue Joseph Aubenas \u00e0 Fr\u00e9jus (83600), formul\u00e9e par Monsieur Pierrick \nSARTORIO, directeur secteur op\u00e9rationnel, de la SAS \u00ab OGF SERVICES FUN\u00c9RAIRES \u00bb dont le \nsi\u00e8ge est situ\u00e9 6 rue du G\u00e9n\u00e9ral Audran \u00e0 Courbevoie (92400) ;\nConsid\u00e9rant la fusion  absorption de la soci\u00e9t\u00e9 OGF par la soci\u00e9t\u00e9 OBOL France devenant OGF  \nSERVICES FUN\u00c9RAIRES, intervenue en date du 01 novembre 2025, impliquant la modification  \ndu SIRET ;\nConsid\u00e9rant la compl\u00e9tude du dossier ;\nSur proposition du secr\u00e9taire g\u00e9n\u00e9ral de la pr\u00e9fecture ;\nARR\u00caTE\nArticle 1  : L'\u00e9tablissement \u00ab PFG \u2013 SERVICES FUNERAIRES  \u00bb, situ\u00e9 390 rue Joseph Aubenas \u00e0  \nFr\u00e9jus (83600), g\u00e9r\u00e9 par la SAS \u00ab OGF SERVICES FUNERAIRES \u00bb dont le si\u00e8ge est situ\u00e9 6 rue du \nG\u00e9n\u00e9ral Audran \u00e0 Courbevoie (92400), repr\u00e9sent\u00e9 par son directeur secteur op\u00e9rationnel,  \nMonsieur Pierrick SARTORIO, est habilit\u00e9 pour exercer les activit\u00e9s suivantes :\n1/2\nPr\u00e9fecture du VAR - 83-2026-03-11-00015 - ARR\u00caT\u00c9 PR\u00c9FECTORAL n\u00b0 DCL/BERG/2026/0040 du 11 mars 2026 portant habilitation de\nl'\u00e9tablissement \u00ab\u00a0PFG - SERVICES FUNERAIRES\u00a0\u00bb\n390 rue Joseph Aubenas - 83600 FREJUS\ng\u00e9r\u00e9 par la SAS \u00ab\u00a0OGF SERVICES FUNERAIRES\u00a0\u00bb\nHabilitation N\u00b0 26-83-0320\n9\n1 - Transport de corps avant et apr\u00e8s mise en bi\u00e8re,\n2 - Organisation des obs\u00e8ques,\n3 - Soins de con servation, en sous-traitance avec l'\u00e9tablissement \u00ab  HYGECO POST MORTEM  \nASSISTANCE\u00bb,  sis  12  rue  Sarah  Bernhardt  \u00e0  Asni\u00e8res  (92600),  habilit\u00e9  sous  le  num\u00e9ro  \n25-92-0216,\n4 - Fourniture des housses, cercueils et accessoires int\u00e9rieur et ext\u00e9rieur ainsi que des urnes\ncin\u00e9raires,\n7 - Fourniture des corbillards et voitures de deuil, list\u00e9s en annexe du pr\u00e9sent arr\u00eat\u00e9,\n8 - Fourniture  de  personnel  et  des  objets  et  prestations  n\u00e9cessaires  aux  obs\u00e8ques,  \ninhumations, exhumations et cr\u00e9mations.\nArticle 2     : L'habilitation porte le num\u00e9ro 26-83-0320.\nArticle  3     :  La  pr\u00e9sente  habilitation  est  accord\u00e9e pour  une  dur\u00e9e  de  cinq  ans  \u00e0  compter \ndu 30 mars 2026, et jusqu'au 29 mars 2031 inclus.\nPour  solliciter  le  renouvellement  de  la  pr\u00e9sente  habilitation,  le  b\u00e9n\u00e9ficiaire  devra  faire  \nparvenir sa demande en pr\u00e9fecture au plus tard deux mois avant sa date de fin de validit\u00e9.\nArticle  4     :  Conform\u00e9ment  aux  articles  L.2223-25  et  R.2223-64  du  code  g\u00e9n\u00e9ral  des  \ncollectivit\u00e9s  territoriales,  et  \u00e0  d\u00e9faut  de  la  production,  dans  les  meilleurs  d\u00e9lais,  des  \njustificatifs de conformit\u00e9 des \u00e9quipements, la pr\u00e9sente habilitation pourra \u00eatre suspendue  \npour une dur\u00e9e maximale d'un an ou retir\u00e9e, apr\u00e8s mise en demeure, pour les motifs suivants :\n- non-respect des conditions de sa d\u00e9livrance telles qu'elles sont d\u00e9finies par les dispositions  \ndu code g\u00e9n\u00e9ral des collectivit\u00e9s territoriales ;\n- non exercice ou cessation d'exercice des activit\u00e9s au titre desquelles elle a \u00e9t\u00e9 d\u00e9livr\u00e9e ;\n- atteinte \u00e0 l'ordre public ou danger pour la salubrit\u00e9 publique.\nDans  les  cas  o\u00f9  le  b\u00e9n\u00e9ficiaire  est  un  d\u00e9l\u00e9gataire,  le  retrait  d'habilitation  entra\u00eene  la  \nd\u00e9ch\u00e9ance des d\u00e9l\u00e9gations.\nArticle 5     : Le secr\u00e9taire g\u00e9n\u00e9ral de la pr\u00e9fecture du Var est charg\u00e9 de l'ex\u00e9cution du pr\u00e9sent  \narr\u00eat\u00e9 qui sera publi\u00e9 au recueil des actes administratifs de la pr\u00e9fecture du Var et dont une  \ncopie sera adress\u00e9e au maire de la commune de Fr\u00e9jus pour information.\nFait \u00e0 Toulon, le 11 mars 2026\nPour le Pr\u00e9fet et par d\u00e9l\u00e9gation,\nLa Directrice,\nSign\u00e9\nIsabelle CATH\u00c9RINEAU\nDans un d\u00e9lai de deux mois \u00e0 compter de la date de la notification ou de la publication du pr\u00e9sent arr\u00eat\u00e9 au recueil des actes administratifs de la \npr\u00e9fecture, les recours suivants peuvent \u00eatre introduits conform\u00e9ment aux dispositions des articles R. 421-1 et suivants du code de justice \nadministrative :\n- un recours gracieux, adress\u00e9 \u00e0 :\nM. le Pr\u00e9fet du Var - Boulevard du 112\u00e8me r\u00e9giment d'infanterie - CS 31209 - 83070 TOULON CEDEX\n- un recours hi\u00e9rarchique, adress\u00e9 au(x) ministre(s) concern\u00e9(s) ;\nDans ces deux cas, le silence de l'Administration vaut rejet implicite au terme d'un d\u00e9lai de deux mois.\nApr\u00e8s un recours gracieux ou hi\u00e9rarchique, le d\u00e9lai du recours contentieux ne court qu'\u00e0 compter du rejet explicite ou implicite de l'un de ces \nrecours.\n- un recours contentieux, en saisissant le Tribunal Administratif de Toulon : 5 rue Racine -BP 40510 - 83 041 TOULON CEDEX 9\nLe tribunal administratif peut \u00eatre saisi par l'application informatique \u00ab T\u00e9l\u00e9cours \u00bb accessible par le site internet www.telecours.fr.\n2/2\nPr\u00e9fecture du VAR - 83-2026-03-11-00015 - ARR\u00caT\u00c9 PR\u00c9FECTORAL n\u00b0 DCL/BERG/2026/0040 du 11 mars 2026 portant habilitation de\nl'\u00e9tablissement \u00ab\u00a0PFG - SERVICES FUNERAIRES\u00a0\u00bb\n390 rue Joseph Aubenas - 83600 FREJUS\ng\u00e9r\u00e9 par la SAS \u00ab\u00a0OGF SERVICES FUNERAIRES\u00a0\u00bb\nHabilitation N\u00b0 26-83-0320\n10\n| =PREFETDU VARLibert\u00e9Egalit\u00e9Fraternit\u00e9\nDirection de la citoyennet\u00e9 et de la l\u00e9galit\u00e9\nBureau des \u00e9lections et de la r\u00e9glementation g\u00e9n\u00e9rale\nAnnexe \u00e0 l'arr\u00eat\u00e9 n\u00b0DCL/BERG/2026/0040 du 11 mars 2026\nHabilitation N\u00b026-83-0320\nIdentification des v\u00e9hicules intervenant pour l'\u00e9tablissement :\nPFG SERVICES FUNERAIRES\ng\u00e9r\u00e9 par la SAS OGF SERVICES FUNERAIRES\nSis 390 rue Joseph Aubenas  \u2013 83600 Fr\u00e9jus\nTransport de corps avant et apr\u00e8s mise en bi\u00e8re\nGA-167-MS\nGA-136-MS\nEX-135-WZ\nEX-455-WZ\nEP-777-JA\nEP-299-JA\nEX-220-WW\nGF-797-LR\nGX-987-WH\nEX-197-WZ\nEX-307-XA\nHF-015-XE\nT\u00e9l : 04 94 18 83 83\nM\u00e9l : pref-funeraires@var.gouv.fr\nBd du 112\u00e8me R\u00e9giment d'Infanterie\nCS 31 209 - 83070 TOULON CEDEX\nPr\u00e9fecture du VAR - 83-2026-03-11-00015 - ARR\u00caT\u00c9 PR\u00c9FECTORAL n\u00b0 DCL/BERG/2026/0040 du 11 mars 2026 portant habilitation de\nl'\u00e9tablissement \u00ab\u00a0PFG - SERVICES FUNERAIRES\u00a0\u00bb\n390 rue Joseph Aubenas - 83600 FREJUS\ng\u00e9r\u00e9 par la SAS \u00ab\u00a0OGF SERVICES FUNERAIRES\u00a0\u00bb\nHabilitation N\u00b0 26-83-0320\n11\nPr\u00e9fecture du VAR\n83-2026-03-11-00011\nARR\u00caT\u00c9 PR\u00c9FECTORAL n\u00b0 DCL/BERG/2026/0041\ndu 11 mars 2026 portant habilitation de\nl'\u00e9tablissement \u00ab\u00a0PFG - SERVICES FUNERAIRES\u00a0\u00bb\n7 rue du Mar\u00e9chal Foch - 83250 LA\nLONDE-LES-MAURES g\u00e9r\u00e9 par la SAS \u00ab\u00a0OGF\nSERVICES FUNERAIRES\u00a0\u00bb\nHabilitation N\u00b0 26-83-0321\nPr\u00e9fecture du VAR - 83-2026-03-11-00011 - ARR\u00caT\u00c9 PR\u00c9FECTORAL n\u00b0 DCL/BERG/2026/0041 du 11 mars 2026 portant habilitation de\nl'\u00e9tablissement \u00ab\u00a0PFG - SERVICES FUNERAIRES\u00a0\u00bb\n7 rue du Mar\u00e9chal Foch - 83250 LA LONDE-LES-MAURES g\u00e9r\u00e9 par la SAS \u00ab\u00a0OGF SERVICES FUNERAIRES\u00a0\u00bb\nHabilitation N\u00b0 26-83-0321\n12\n=mPREFETDU VARLibert\u00e9Egalit\u00e9Fraternit\u00e9\nDirection de la citoyennet\u00e9 et de la l\u00e9galit\u00e9\nBureau des \u00e9lections et de la r\u00e9glementation g\u00e9n\u00e9rale\nARR\u00caT\u00c9 PR\u00c9FECTORAL n\u00b0 DCL/BERG/2026/0041 du 11 mars 2026 \nportant habilitation de l'\u00e9tablissement \u00ab PFG \u2013 SERVICES FUNERAIRES \u00bb\n7 rue du Mar\u00e9chal Foch \u2013 83250 LA LONDE-LES-MAURES\ng\u00e9r\u00e9 par la SAS \u00ab OGF SERVICES FUNERAIRES \u00bb\nHabilitation N\u00b0 26-83-0321\nLe Pr\u00e9fet du Var,\nVu le code g\u00e9n\u00e9ral des collectivit\u00e9s territoriales  et notamment ses articles L2223-19, L2223-23 \net suivants ;\nVu la loi n\u00b0 2008-1350 du 19 d\u00e9cembre 2008 relative \u00e0 la l\u00e9gislation fun\u00e9raire ;\nVu le d\u00e9cret du Pr\u00e9sident de la R\u00e9publique du 15 mai 2025, portant nomination de Monsieur  \nSimon BABRE, pr\u00e9fet du Var ;\nVu  l'arr\u00eat\u00e9  pr\u00e9fectoral  n\u00b0  2025/12/MCI  du  2  juin  2025  portant  d\u00e9l\u00e9gation  de  signature  \u00e0 \nMonsieur  Lucien  GIUDICELLI,  secr\u00e9taire  g\u00e9n\u00e9ral  de  la  pr\u00e9fecture  du  Var,  sous-pr\u00e9fet  de  \nl'arrondissement de Toulon ;\nVu l'arr\u00eat\u00e9 pr\u00e9fectoral n\u00b0 2026/10 /MCI du 02 f\u00e9vrier 2026 portant d\u00e9l\u00e9gation de signature \u00e0  \nMadame Isabelle CATHERINEAU, directrice de la citoyennet\u00e9 et de la l\u00e9galit\u00e9 de la pr\u00e9fecture \ndu Var ;\nVu l'arr\u00eat\u00e9 pr\u00e9fectoral n\u00b0 DCL/BERG/2021/102 du 8 avril 2021 portant habilitation dans le  \ndomaine  fun\u00e9raire  de  l'\u00e9tablissement  secondaire  \u00ab  PFG  \u2013  SERVICES  FUNERAIRES  \u00bb \nsis 7 , rue Mar\u00e9chal Foch \u00e0 La Londe-les-Maures (83250), jusqu'au 07 avril 2026 ;\nVu  la  demande  du  08  janvier  2026  d'habilitation  de  l'\u00e9tablissement  \u00ab PFG  \u2013  SERVICES \nFUN\u00c9RAIRES \u00bb, situ\u00e9 7 rue du Mar\u00e9chal Foch \u00e0 La-Londe-les-Maures (83250) , formul\u00e9e par  \nMonsieur  Pierrick  SARTORIO,  directeur  secteur  op\u00e9rationnel,  de  la  SAS  \u00ab OGF SERVICES \nFUNERAIRES \u00bb dont le si\u00e8ge est situ\u00e9 6 rue du G\u00e9n\u00e9ral Audran \u00e0 Courbevoie (92400) ;\nConsid\u00e9rant la fusion  absorption de la soci\u00e9t\u00e9 OGF par la soci\u00e9t\u00e9 OBOL France devenant OGF  \nSERVICES FUN\u00c9RAIRES, intervenue en date du 01 novembre 2025, impliquant la modification  \ndu SIRET ;\nConsid\u00e9rant la compl\u00e9tude du dossier ;\nSur proposition du secr\u00e9taire g\u00e9n\u00e9ral de la pr\u00e9fecture ;\nARR\u00caTE\nArticle 1  : L'\u00e9tablissement \u00ab PFG \u2013 SERVICES FUNERAIRES  \u00bb, situ\u00e9 7 rue du Mar\u00e9chal Foch \u00e0  \nLa-Londe-les-Maures (83250), g\u00e9r\u00e9 par la SAS \u00ab OGF SERVICES FUNERAIRES \u00bb dont le si\u00e8ge est \nsitu\u00e9 6 rue du G\u00e9n\u00e9ral Audran \u00e0 Courbevoie (92400), repr\u00e9sent\u00e9 par son directeur secteur  \nop\u00e9rationnel, Monsieur Pierrick SARTORIO, est habilit\u00e9 pour exercer les activit\u00e9s suivantes :\n1/2\nPr\u00e9fecture du VAR - 83-2026-03-11-00011 - ARR\u00caT\u00c9 PR\u00c9FECTORAL n\u00b0 DCL/BERG/2026/0041 du 11 mars 2026 portant habilitation de\nl'\u00e9tablissement \u00ab\u00a0PFG - SERVICES FUNERAIRES\u00a0\u00bb\n7 rue du Mar\u00e9chal Foch - 83250 LA LONDE-LES-MAURES g\u00e9r\u00e9 par la SAS \u00ab\u00a0OGF SERVICES FUNERAIRES\u00a0\u00bb\nHabilitation N\u00b0 26-83-0321\n13\n1 - Transport de corps avant et apr\u00e8s mise en bi\u00e8re,\n2 - Organisation des obs\u00e8ques,\n3 - Soins de con servation, en sous-traitance avec l'\u00e9tablissement \u00ab  HYGECO POST MORTEM  \nASSISTANCE\u00bb,  sis  12  rue  Sarah  Bernhardt  \u00e0  Asni\u00e8res  (92600),  habilit\u00e9  sous  le  num\u00e9ro  \n25-92-0216,\n4 - Fourniture des housses, cercueils et accessoires int\u00e9rieur et ext\u00e9rieur ainsi que des urnes\ncin\u00e9raires,\n7 - Fourniture des corbillards et voitures de deuil, list\u00e9s en annexe du pr\u00e9sent arr\u00eat\u00e9,\n8 - Fourniture  de  personnel  et  des  objets  et  prestations  n\u00e9cessaires  aux  obs\u00e8ques,  \ninhumations, exhumations et cr\u00e9mations.\nArticle 2     : L'habilitation porte le num\u00e9ro 26-83-0321.\nArticle  3     :  La  pr\u00e9sente  habilitation  est  accord\u00e9e pour  une  dur\u00e9e  de  cinq  ans  \u00e0  compter \ndu 07 avril 2026, et jusqu'au 8 avril 2031 inclus.\nPour  solliciter  le  renouvellement  de  la  pr\u00e9sente  habilitation,  le  b\u00e9n\u00e9ficiaire  devra  faire  \nparvenir sa demande en pr\u00e9fecture au plus tard deux mois avant sa date de fin de validit\u00e9.\nArticle  4     :  Conform\u00e9ment  aux  articles  L.2223-25  et  R.2223-64  du  code  g\u00e9n\u00e9ral  des  \ncollectivit\u00e9s  territoriales,  et  \u00e0  d\u00e9faut  de  la  production,  dans  les  meilleurs  d\u00e9lais,  des  \njustificatifs de conformit\u00e9 des \u00e9quipements, la pr\u00e9sente habilitation pourra \u00eatre suspendue  \npour une dur\u00e9e maximale d'un an ou retir\u00e9e, apr\u00e8s mise en demeure, pour les motifs suivants :\n- non-respect des conditions de sa d\u00e9livrance telles qu'elles sont d\u00e9finies par les dispositions  \ndu code g\u00e9n\u00e9ral des collectivit\u00e9s territoriales ;\n- non exercice ou cessation d'exercice des activit\u00e9s au titre desquelles elle a \u00e9t\u00e9 d\u00e9livr\u00e9e ;\n- atteinte \u00e0 l'ordre public ou danger pour la salubrit\u00e9 publique.\nDans  les  cas  o\u00f9  le  b\u00e9n\u00e9ficiaire  est  un  d\u00e9l\u00e9gataire,  le  retrait  d'habilitation  entra\u00eene  la  \nd\u00e9ch\u00e9ance des d\u00e9l\u00e9gations.\nArticle 5     : Le secr\u00e9taire g\u00e9n\u00e9ral de la pr\u00e9fecture du Var est charg\u00e9 de l'ex\u00e9cution du pr\u00e9sent  \narr\u00eat\u00e9 qui sera publi\u00e9 au recueil des actes administratifs de la pr\u00e9fecture du Var et dont une  \ncopie sera adress\u00e9e au maire de la commune de La Londe-les-Maures pour information.\nFait \u00e0 Toulon, le 11 mars 2026\nPour le Pr\u00e9fet et par d\u00e9l\u00e9gation,\nLa Directrice,\nSign\u00e9\nIsabelle CATH\u00c9RINEAU\nDans un d\u00e9lai de deux mois \u00e0 compter de la date de la notification ou de la publication du pr\u00e9sent arr\u00eat\u00e9 au recueil des actes administratifs de la \npr\u00e9fecture, les recours suivants peuvent \u00eatre introduits conform\u00e9ment aux dispositions des articles R. 421-1 et suivants du code de justice \nadministrative :\n- un recours gracieux, adress\u00e9 \u00e0 :\nM. le Pr\u00e9fet du Var - Boulevard du 112\u00e8me r\u00e9giment d'infanterie - CS 31209 - 83070 TOULON CEDEX\n- un recours hi\u00e9rarchique, adress\u00e9 au(x) ministre(s) concern\u00e9(s) ;\nDans ces deux cas, le silence de l'Administration vaut rejet implicite au terme d'un d\u00e9lai de deux mois.\nApr\u00e8s un recours gracieux ou hi\u00e9rarchique, le d\u00e9lai du recours contentieux ne court qu'\u00e0 compter du rejet explicite ou implicite de l'un de ces \nrecours.\n- un recours contentieux, en saisissant le Tribunal Administratif de Toulon : 5 rue Racine -BP 40510 - 83 041 TOULON CEDEX 9\nLe tribunal administratif peut \u00eatre saisi par l'application informatique \u00ab T\u00e9l\u00e9cours \u00bb accessible par le site internet www.telecours.fr.\n2/2\nPr\u00e9fecture du VAR - 83-2026-03-11-00011 - ARR\u00caT\u00c9 PR\u00c9FECTORAL n\u00b0 DCL/BERG/2026/0041 du 11 mars 2026 portant habilitation de\nl'\u00e9tablissement \u00ab\u00a0PFG - SERVICES FUNERAIRES\u00a0\u00bb\n7 rue du Mar\u00e9chal Foch - 83250 LA LONDE-LES-MAURES g\u00e9r\u00e9 par la SAS \u00ab\u00a0OGF SERVICES FUNERAIRES\u00a0\u00bb\nHabilitation N\u00b0 26-83-0321\n14\n| =PREFETDU VARLibert\u00e9Egalit\u00e9Fraternit\u00e9\nDirection de la citoyennet\u00e9 et de la l\u00e9galit\u00e9\nBureau des \u00e9lections et de la r\u00e9glementation g\u00e9n\u00e9rale\nAnnexe \u00e0 l'arr\u00eat\u00e9 n\u00b0DCL/BERG/2026/0041 du 11 mars 2026\nHabilitation N\u00b026-83-0321\nIdentification des v\u00e9hicules intervenant pour l'\u00e9tablissement :\nPFG SERVICES FUNERAIRES\ng\u00e9r\u00e9 par la SAS OGF SERVICES FUNERAIRES\nSis 7 rue du Mar\u00e9chal Foch \u2013 83250 La Londe-les-Maures\nTransport de corps avant et apr\u00e8s mise en bi\u00e8re\nGA-167-MS\nGA-136-MS\nEX-135-WZ\nEX-455-WZ\nEP-777-JA\nEP-299-JA\nEX-220-WW\nGF-797-LR\nGX-987-WH\nEX-197-WZ\nEX-307-XA\nHF-015-XE\nT\u00e9l : 04 94 18 83 83\nM\u00e9l : pref-funeraires@var.gouv.fr\nBd du 112\u00e8me R\u00e9giment d'Infanterie\nCS 31 209 - 83070 TOULON CEDEX\nPr\u00e9fecture du VAR - 83-2026-03-11-00011 - ARR\u00caT\u00c9 PR\u00c9FECTORAL n\u00b0 DCL/BERG/2026/0041 du 11 mars 2026 portant habilitation de\nl'\u00e9tablissement \u00ab\u00a0PFG - SERVICES FUNERAIRES\u00a0\u00bb\n7 rue du Mar\u00e9chal Foch - 83250 LA LONDE-LES-MAURES g\u00e9r\u00e9 par la SAS \u00ab\u00a0OGF SERVICES FUNERAIRES\u00a0\u00bb\nHabilitation N\u00b0 26-83-0321\n15\nPr\u00e9fecture du VAR\n83-2026-03-11-00014\nARR\u00caT\u00c9 PR\u00c9FECTORAL n\u00b0 DCL/BERG/2026/0042\ndu 11 mars 2026 portant habilitation de\nl'\u00e9tablissement \u00ab\u00a0PFG - SERVICES FUNERAIRES\u00a0\u00bb\n422 avenue Fran\u00e7ois Cuzin - 83000 TOULON\ng\u00e9r\u00e9 par la SAS \u00ab\u00a0OGF SERVICES FUNERAIRES\u00a0\u00bb\nHabilitation N\u00b0 26-83-0322\nPr\u00e9fecture du VAR - 83-2026-03-11-00014 - ARR\u00caT\u00c9 PR\u00c9FECTORAL n\u00b0 DCL/BERG/2026/0042 du 11 mars 2026 portant habilitation de\nl'\u00e9tablissement \u00ab\u00a0PFG - SERVICES FUNERAIRES\u00a0\u00bb\n422 avenue Fran\u00e7ois Cuzin - 83000 TOULON\ng\u00e9r\u00e9 par la SAS \u00ab\u00a0OGF SERVICES FUNERAIRES\u00a0\u00bb\nHabilitation N\u00b0 26-83-0322\n16\n=mPREFETDU VARLibert\u00e9Egalit\u00e9Fraternit\u00e9\nDirection de la citoyennet\u00e9 et de la l\u00e9galit\u00e9\nBureau des \u00e9lections et de la r\u00e9glementation g\u00e9n\u00e9rale\nARR\u00caT\u00c9 PR\u00c9FECTORAL n\u00b0 DCL/BERG/2026/0042 du 11 mars 2026\nportant habilitation de l'\u00e9tablissement \u00ab PFG \u2013 SERVICES FUNERAIRES \u00bb\n422 avenue Fran\u00e7ois Cuzin \u2013 83000 TOULON\ng\u00e9r\u00e9 par la SAS \u00ab OGF SERVICES FUNERAIRES \u00bb\nHabilitation N\u00b0 26-83-0322\nLe Pr\u00e9fet du Var,\nVu le code g\u00e9n\u00e9ral des collectivit\u00e9s territoriales  et notamment ses articles L2223-19, L2223-23 \net suivants ;\nVu la loi n\u00b0 2008-1350 du 19 d\u00e9cembre 2008 relative \u00e0 la l\u00e9gislation fun\u00e9raire ;\nVu le d\u00e9cret du Pr\u00e9sident de la R\u00e9publique du 15 mai 2025, portant nomination de Monsieur  \nSimon BABRE, pr\u00e9fet du Var ;\nVu  l'arr\u00eat\u00e9  pr\u00e9fectoral  n\u00b0  2025/12/MCI  du  2  juin  2025  portant  d\u00e9l\u00e9gation  de  signature  \u00e0 \nMonsieur  Lucien  GIUDICELLI,  secr\u00e9taire  g\u00e9n\u00e9ral  de  la  pr\u00e9fecture  du  Var,  sous-pr\u00e9fet  de  \nl'arrondissement de Toulon ;\nVu l'arr\u00eat\u00e9 pr\u00e9fectoral n\u00b0 2026/10 /MCI du 02 f\u00e9vrier 2026 portant d\u00e9l\u00e9gation de signature \u00e0  \nMadame Isabelle CATHERINEAU, directrice de la citoyennet\u00e9 et de la l\u00e9galit\u00e9 de la pr\u00e9fecture \ndu Var ;\nVu  l'arr\u00eat\u00e9  pr\u00e9fectoral  n\u00b0  DCL/BERG/2020/66  du  13  f\u00e9vrier  2020  portant  renouvellement \nd'habilitation de l'\u00e9tablissement secondaire \u00ab  FUNESCAPE \u00bb sis 422, avenue Fran\u00e7ois Cuzin \u00e0  \nToulon (83000) jusqu'au 29 mars 2026 inclus ;\nVu  la  demande  du  08  janvier  2026  d'habilitation  de  l'\u00e9tablissement  \u00ab PFG  \u2013  SERVICES \nFUNERAIRES \u00bb, situ\u00e9 422 avenue Fran\u00e7ois Cuzin \u00e0 Toulon (83000) , formul\u00e9e par Monsieur  \nPierrick SARTORIO, directeur secteur op\u00e9rationnel, de la SAS \u00ab OGF SERVICES FUNERAIRES \u00bb \ndont le si\u00e8ge est situ\u00e9 6 rue du G\u00e9n\u00e9ral Audran \u00e0 Courbevoie (92400) ;\nConsid\u00e9rant la fusion  absorption de la soci\u00e9t\u00e9 OGF par la soci\u00e9t\u00e9 OBOL France devenant OGF  \nSERVICES FUN\u00c9RAIRES, intervenue en date du 01 novembre 2025, impliquant la modification  \ndu SIRET ;\nConsid\u00e9rant la compl\u00e9tude du dossier ;\nSur proposition du secr\u00e9taire g\u00e9n\u00e9ral de la pr\u00e9fecture ;\nARR\u00caTE\nArticle 1 : L'\u00e9tablissement \u00ab PFG \u2013 SERVICES FUNERAIRES \u00bb, situ\u00e9 422 avenue Fran\u00e7ois Cuzin \u00e0 \nToulon (83000), g\u00e9r\u00e9 par la SAS \u00ab OGF SERVICES FUNERAIRES \u00bb dont le si\u00e8ge est situ\u00e9 6 rue  \ndu G\u00e9n\u00e9ral Audran \u00e0 Courbevoie (92400), repr\u00e9sent\u00e9 par son directeur secteur op\u00e9rationnel,  \nMonsieur Pierrick SARTORIO, est habilit\u00e9 pour exercer les activit\u00e9s suivantes :\n1/2\nPr\u00e9fecture du VAR - 83-2026-03-11-00014 - ARR\u00caT\u00c9 PR\u00c9FECTORAL n\u00b0 DCL/BERG/2026/0042 du 11 mars 2026 portant habilitation de\nl'\u00e9tablissement \u00ab\u00a0PFG - SERVICES FUNERAIRES\u00a0\u00bb\n422 avenue Fran\u00e7ois Cuzin - 83000 TOULON\ng\u00e9r\u00e9 par la SAS \u00ab\u00a0OGF SERVICES FUNERAIRES\u00a0\u00bb\nHabilitation N\u00b0 26-83-0322\n17\n1 - Transport de corps avant et apr\u00e8s mise en bi\u00e8re,\n2 - Organisation des obs\u00e8ques,\n3 - Soins de con servation, en sous-traitance avec l'\u00e9tablissement \u00ab  HYGECO POST MORTEM  \nASSISTANCE\u00bb,  sis  12  rue  Sarah  Bernhardt  \u00e0  Asni\u00e8res  (92600),  habilit\u00e9  sous  le  num\u00e9ro  \n25-92-0216,\n4 - Fourniture des housses, cercueils et accessoires int\u00e9rieur et ext\u00e9rieur ainsi que des urnes\ncin\u00e9raires,\n7 - Fourniture des corbillards et voitures de deuil, list\u00e9s en annexe du pr\u00e9sent arr\u00eat\u00e9,\n8 - Fourniture  de  personnel  et  des  objets  et  prestations  n\u00e9cessaires  aux  obs\u00e8ques,  \ninhumations, exhumations et cr\u00e9mations.\nArticle 2     : L'habilitation porte le num\u00e9ro 26-83-0322.\nArticle 3     : La pr\u00e9sente habilitation est accord\u00e9e pour une dur\u00e9e de cinq ans \u00e0 compter du 30  \nmars 2026, et jusqu'au 29 mars 2031 inclus.\nPour  solliciter  le  renouvellement  de  la  pr\u00e9sente  habilitation,  le  b\u00e9n\u00e9ficiaire  devra  faire  \nparvenir sa demande en pr\u00e9fecture au plus tard deux mois avant sa date de fin de validit\u00e9.\nArticle  4     :  Conform\u00e9ment  aux  articles  L.2223-25  et  R.2223-64  du  code  g\u00e9n\u00e9ral  des  \ncollectivit\u00e9s  territoriales,  et  \u00e0  d\u00e9faut  de  la  production,  dans  les  meilleurs  d\u00e9lais,  des  \njustificatifs de conformit\u00e9 des \u00e9quipements, la pr\u00e9sente habilitation pourra \u00eatre suspendue  \npour une dur\u00e9e maximale d'un an ou retir\u00e9e, apr\u00e8s mise en demeure, pour les motifs suivants :\n- non-respect des conditions de sa d\u00e9livrance telles qu'elles sont d\u00e9finies par les dispositions  \ndu code g\u00e9n\u00e9ral des collectivit\u00e9s territoriales ;\n- non exercice ou cessation d'exercice des activit\u00e9s au titre desquelles elle a \u00e9t\u00e9 d\u00e9livr\u00e9e ;\n- atteinte \u00e0 l'ordre public ou danger pour la salubrit\u00e9 publique.\nDans  les  cas  o\u00f9  le  b\u00e9n\u00e9ficiaire  est  un  d\u00e9l\u00e9gataire,  le  retrait  d'habilitation  entra\u00eene  la  \nd\u00e9ch\u00e9ance des d\u00e9l\u00e9gations.\nArticle 5     : Le secr\u00e9taire g\u00e9n\u00e9ral de la pr\u00e9fecture du Var est charg\u00e9 de l'ex\u00e9cution du pr\u00e9sent  \narr\u00eat\u00e9 qui sera publi\u00e9 au recueil des actes administratifs de la pr\u00e9fecture du Var et dont une  \ncopie sera adress\u00e9e au maire de la commune de Toulon pour information.\nFait \u00e0 Toulon, le 11 mars 2026\nPour le Pr\u00e9fet et par d\u00e9l\u00e9gation,\nLa Directrice,\nSign\u00e9\nIsabelle CATH\u00c9RINEAU\nDans un d\u00e9lai de deux mois \u00e0 compter de la date de la notification ou de la publication du pr\u00e9sent arr\u00eat\u00e9 au recueil des actes administratifs de la \npr\u00e9fecture, les recours suivants peuvent \u00eatre introduits conform\u00e9ment aux dispositions des articles R. 421-1 et suivants du code de justice \nadministrative :\n- un recours gracieux, adress\u00e9 \u00e0 :\nM. le Pr\u00e9fet du Var - Boulevard du 112\u00e8me r\u00e9giment d'infanterie - CS 31209 - 83070 TOULON CEDEX\n- un recours hi\u00e9rarchique, adress\u00e9 au(x) ministre(s) concern\u00e9(s) ;\nDans ces deux cas, le silence de l'Administration vaut rejet implicite au terme d'un d\u00e9lai de deux mois.\nApr\u00e8s un recours gracieux ou hi\u00e9rarchique, le d\u00e9lai du recours contentieux ne court qu'\u00e0 compter du rejet explicite ou implicite de l'un de ces \nrecours.\n- un recours contentieux, en saisissant le Tribunal Administratif de Toulon : 5 rue Racine -BP 40510 - 83 041 TOULON CEDEX 9\nLe tribunal administratif peut \u00eatre saisi par l'application informatique \u00ab T\u00e9l\u00e9cours \u00bb accessible par le site internet www.telecours.fr.\n2/2\nPr\u00e9fecture du VAR - 83-2026-03-11-00014 - ARR\u00caT\u00c9 PR\u00c9FECTORAL n\u00b0 DCL/BERG/2026/0042 du 11 mars 2026 portant habilitation de\nl'\u00e9tablissement \u00ab\u00a0PFG - SERVICES FUNERAIRES\u00a0\u00bb\n422 avenue Fran\u00e7ois Cuzin - 83000 TOULON\ng\u00e9r\u00e9 par la SAS \u00ab\u00a0OGF SERVICES FUNERAIRES\u00a0\u00bb\nHabilitation N\u00b0 26-83-0322\n18\n| =PREFETDU VARLibert\u00e9Egalit\u00e9Fraternit\u00e9\nDirection de la citoyennet\u00e9 et de la l\u00e9galit\u00e9\nBureau des \u00e9lections et de la r\u00e9glementation g\u00e9n\u00e9rale\nAnnexe \u00e0 l'arr\u00eat\u00e9 n\u00b0DCL/BERG/2026/0042 du 11 mars 2026\nHabilitation N\u00b026-83-0322\nIdentification des v\u00e9hicules intervenant pour l'\u00e9tablissement :\nPFG SERVICES FUNERAIRES\ng\u00e9r\u00e9 par la SAS OGF SERVICES FUNERAIRES\nSis 422 avenue Fran\u00e7ois Cuzin \u2013 83000 Toulon\nTransport de corps avant et apr\u00e8s mise en bi\u00e8re\nGA-167-MS\nGA-136-MS\nEX-135-WZ\nEX-455-WZ\nEP-777-JA\nEP-299-JA\nEX-220-WW\nGF-797-LR\nGX-987-WH\nEX-197-WZ\nEX-307-XA\nHF-015-XE\nT\u00e9l : 04 94 18 83 83\nM\u00e9l : pref-funeraires@var.gouv.fr\nBd du 112\u00e8me R\u00e9giment d'Infanterie\nCS 31 209 - 83070 TOULON CEDEX\nPr\u00e9fecture du VAR - 83-2026-03-11-00014 - ARR\u00caT\u00c9 PR\u00c9FECTORAL n\u00b0 DCL/BERG/2026/0042 du 11 mars 2026 portant habilitation de\nl'\u00e9tablissement \u00ab\u00a0PFG - SERVICES FUNERAIRES\u00a0\u00bb\n422 avenue Fran\u00e7ois Cuzin - 83000 TOULON\ng\u00e9r\u00e9 par la SAS \u00ab\u00a0OGF SERVICES FUNERAIRES\u00a0\u00bb\nHabilitation N\u00b0 26-83-0322\n19\nPr\u00e9fecture du VAR\n83-2026-03-11-00012\nARR\u00caT\u00c9 PR\u00c9FECTORAL n\u00b0 DCL/BERG/2026/0045\ndu 11 mars 2026 portant habilitation de\nl'\u00e9tablissement \u00ab\u00a0MAISON ROBLOT\u00a0\u00bb\n17 place de la R\u00e9publique - 83400 HYERES\ng\u00e9r\u00e9 par la SAS \u00ab\u00a0OGF SERVICES FUNERAIRES\u00a0\u00bb\nHabilitation N\u00b0 26-83-0325\nPr\u00e9fecture du VAR - 83-2026-03-11-00012 - ARR\u00caT\u00c9 PR\u00c9FECTORAL n\u00b0 DCL/BERG/2026/0045 du 11 mars 2026 portant habilitation de\nl'\u00e9tablissement \u00ab\u00a0MAISON ROBLOT\u00a0\u00bb\n17 place de la R\u00e9publique - 83400 HYERES\ng\u00e9r\u00e9 par la SAS \u00ab\u00a0OGF SERVICES FUNERAIRES\u00a0\u00bb\nHabilitation N\u00b0 26-83-0325\n20\n=mPREFETDU VARLibert\u00e9Egalit\u00e9Fraternit\u00e9\nDirection de la citoyennet\u00e9 et de la l\u00e9galit\u00e9\nBureau des \u00e9lections et de la r\u00e9glementation g\u00e9n\u00e9rale\nARR\u00caT\u00c9 PR\u00c9FECTORAL n\u00b0 DCL/BERG/2026/0045 du 11 mars 2026\nportant habilitation de l'\u00e9tablissement \u00ab MAISON ROBLOT \u00bb\n17 place de la R\u00e9publique \u2013 83400 HYERES\ng\u00e9r\u00e9 par la SAS \u00ab OGF SERVICES FUNERAIRES \u00bb\nHabilitation N\u00b0 26-83-0325\nLe Pr\u00e9fet du Var,\nVu le code g\u00e9n\u00e9ral des collectivit\u00e9s territoriales  et notamment ses articles L2223-19, L2223-23 \net suivants ;\nVu la loi n\u00b0 2008-1350 du 19 d\u00e9cembre 2008 relative \u00e0 la l\u00e9gislation fun\u00e9raire ;\nVu le d\u00e9cret du Pr\u00e9sident de la R\u00e9publique du 15 mai 2025, portant nomination de Monsieur  \nSimon BABRE, pr\u00e9fet du Var ;\nVu  l'arr\u00eat\u00e9  pr\u00e9fectoral  n\u00b0  2025/12/MCI  du  2  juin  2025  portant  d\u00e9l\u00e9gation  de  signature  \u00e0 \nMonsieur  Lucien  GIUDICELLI,  secr\u00e9taire  g\u00e9n\u00e9ral  de  la  pr\u00e9fecture  du  Var,  sous-pr\u00e9fet  de  \nl'arrondissement de Toulon ;\nVu l'arr\u00eat\u00e9 pr\u00e9fectoral n\u00b0 2026/10 /MCI du 02 f\u00e9vrier 2026 portant d\u00e9l\u00e9gation de signature \u00e0  \nMadame Isabelle CATHERINEAU, directrice de la citoyennet\u00e9 et de la l\u00e9galit\u00e9 de la pr\u00e9fecture \ndu Var ;\nVu  l'arr\u00eat\u00e9  pr\u00e9fectoral  n\u00b0  DCL/BERG/2020/67  du  13  f\u00e9vrier  2020  portant  renouvellement \nd'habilitation de l'\u00e9tablissement secondaire \u00ab ROBLOT \u00bb sis 17 place de la R\u00e9publique \u00e0 Hy\u00e8res \n(83400) jusqu'au 18 mars 2026 inclus ;\nVu la demande du 08 janvier 2026  d'habilitation de l'\u00e9tablissement  \u00ab MAISON ROBLOT \u00bb, \nsitu\u00e9 17 place de la R\u00e9publique \u00e0 Hy\u00e8res (83400) , formul\u00e9e par Monsieur Pierrick SARTORIO,  \ndirecteur secteur op\u00e9rationnel, de la SAS  \u00ab OGF SERVICES FUNERAIRES  \u00bb dont le si\u00e8ge est  \nsitu\u00e9 6 rue du G\u00e9n\u00e9ral Audran \u00e0 Courbevoie (92400) ;\nConsid\u00e9rant la fusion  absorption de la soci\u00e9t\u00e9 OGF par la soci\u00e9t\u00e9 OBOL France devenant OGF  \nSERVICES FUN\u00c9RAIRES, intervenue en date du 01 novembre 2025, impliquant la modification  \ndu SIRET ;\nConsid\u00e9rant la compl\u00e9tude du dossier ;\nSur proposition du secr\u00e9taire g\u00e9n\u00e9ral de la pr\u00e9fecture ;\nARR\u00caTE\nArticle 1  : L'\u00e9tablissement  \u00ab MAISON ROBLOT \u00bb, situ\u00e9 17 place de la R\u00e9publique \u00e0 Hy\u00e8res  \n(83400), g\u00e9r\u00e9 par la SAS  \u00ab OGF SERVICES FUNERAIRES  \u00bb  dont le si\u00e8ge est situ\u00e9 6 rue du  \nG\u00e9n\u00e9ral Audran \u00e0 Courbevoie (92400), repr\u00e9sent\u00e9 par son directeur secteur op\u00e9rationnel,  \nMonsieur Pierrick SARTORIO, est habilit\u00e9 pour exercer les activit\u00e9s suivantes :\n1/2\nPr\u00e9fecture du VAR - 83-2026-03-11-00012 - ARR\u00caT\u00c9 PR\u00c9FECTORAL n\u00b0 DCL/BERG/2026/0045 du 11 mars 2026 portant habilitation de\nl'\u00e9tablissement \u00ab\u00a0MAISON ROBLOT\u00a0\u00bb\n17 place de la R\u00e9publique - 83400 HYERES\ng\u00e9r\u00e9 par la SAS \u00ab\u00a0OGF SERVICES FUNERAIRES\u00a0\u00bb\nHabilitation N\u00b0 26-83-0325\n21\n1 - Transport de corps avant et apr\u00e8s mise en bi\u00e8re,\n2 - Organisation des obs\u00e8ques,\n3 - Soins de con servation, en sous-traitance avec l'\u00e9tablissement \u00ab  HYGECO POST MORTEM  \nASSISTANCE\u00bb,  sis  12  rue  Sarah  Bernhardt  \u00e0  Asni\u00e8res  (92600),  habilit\u00e9  sous  le  num\u00e9ro  \n25-92-0216,\n4 - Fourniture des housses, cercueils et accessoires int\u00e9rieur et ext\u00e9rieur ainsi que des urnes\ncin\u00e9raires,\n7 - Fourniture des corbillards et voitures de deuil, list\u00e9s en annexe du pr\u00e9sent arr\u00eat\u00e9,\n8 - Fourniture  de  personnel  et  des  objets  et  prestations  n\u00e9cessaires  aux  obs\u00e8ques,  \ninhumations, exhumations et cr\u00e9mations.\nArticle 2     : L'habilitation porte le num\u00e9ro 26-83-0325.\nArticle  3     :  La  pr\u00e9sente  habilitation  est  accord\u00e9e pour  une  dur\u00e9e  de  cinq  ans  \u00e0  compter \ndu 19 mars 2026, et jusqu'au 18 mars 2031 inclus.\nPour  solliciter  le  renouvellement  de  la  pr\u00e9sente  habilitation,  le  b\u00e9n\u00e9ficiaire  devra  faire  \nparvenir sa demande en pr\u00e9fecture au plus tard deux mois avant sa date de fin de validit\u00e9.\nArticle  4     :  Conform\u00e9ment  aux  articles  L.2223-25  et  R.2223-64  du  code  g\u00e9n\u00e9ral  des  \ncollectivit\u00e9s  territoriales,  et  \u00e0  d\u00e9faut  de  la  production,  dans  les  meilleurs  d\u00e9lais,  des  \njustificatifs de conformit\u00e9 des \u00e9quipements, la pr\u00e9sente habilitation pourra \u00eatre suspendue  \npour une dur\u00e9e maximale d'un an ou retir\u00e9e, apr\u00e8s mise en demeure, pour les motifs suivants :\n- non-respect des conditions de sa d\u00e9livrance telles qu'elles sont d\u00e9finies par les dispositions  \ndu code g\u00e9n\u00e9ral des collectivit\u00e9s territoriales ;\n- non exercice ou cessation d'exercice des activit\u00e9s au titre desquelles elle a \u00e9t\u00e9 d\u00e9livr\u00e9e ;\n- atteinte \u00e0 l'ordre public ou danger pour la salubrit\u00e9 publique.\nDans  les  cas  o\u00f9  le  b\u00e9n\u00e9ficiaire  est  un  d\u00e9l\u00e9gataire,  le  retrait  d'habilitation  entra\u00eene  la  \nd\u00e9ch\u00e9ance des d\u00e9l\u00e9gations.\nArticle 5     : Le secr\u00e9taire g\u00e9n\u00e9ral de la pr\u00e9fecture du Var est charg\u00e9 de l'ex\u00e9cution du pr\u00e9sent  \narr\u00eat\u00e9 qui sera publi\u00e9 au recueil des actes administratifs de la pr\u00e9fecture du Var et dont une  \ncopie sera adress\u00e9e au maire de la commune de Hy\u00e8res pour information.\nFait \u00e0 Toulon, le 11 mars 2026\nPour le Pr\u00e9fet et par d\u00e9l\u00e9gation,\nLa Directrice,\nSign\u00e9\nIsabelle CATH\u00c9RINEAU\nDans un d\u00e9lai de deux mois \u00e0 compter de la date de la notification ou de la publication du pr\u00e9sent arr\u00eat\u00e9 au recueil des actes administratifs de la \npr\u00e9fecture, les recours suivants peuvent \u00eatre introduits conform\u00e9ment aux dispositions des articles R. 421-1 et suivants du code de justice \nadministrative :\n- un recours gracieux, adress\u00e9 \u00e0 :\nM. le Pr\u00e9fet du Var - Boulevard du 112\u00e8me r\u00e9giment d'infanterie - CS 31209 - 83070 TOULON CEDEX\n- un recours hi\u00e9rarchique, adress\u00e9 au(x) ministre(s) concern\u00e9(s) ;\nDans ces deux cas, le silence de l'Administration vaut rejet implicite au terme d'un d\u00e9lai de deux mois.\nApr\u00e8s un recours gracieux ou hi\u00e9rarchique, le d\u00e9lai du recours contentieux ne court qu'\u00e0 compter du rejet explicite ou implicite de l'un de ces \nrecours.\n- un recours contentieux, en saisissant le Tribunal Administratif de Toulon : 5 rue Racine -BP 40510 - 83 041 TOULON CEDEX 9\nLe tribunal administratif peut \u00eatre saisi par l'application informatique \u00ab T\u00e9l\u00e9cours \u00bb accessible par le site internet www.telecours.fr.\n2/2\nPr\u00e9fecture du VAR - 83-2026-03-11-00012 - ARR\u00caT\u00c9 PR\u00c9FECTORAL n\u00b0 DCL/BERG/2026/0045 du 11 mars 2026 portant habilitation de\nl'\u00e9tablissement \u00ab\u00a0MAISON ROBLOT\u00a0\u00bb\n17 place de la R\u00e9publique - 83400 HYERES\ng\u00e9r\u00e9 par la SAS \u00ab\u00a0OGF SERVICES FUNERAIRES\u00a0\u00bb\nHabilitation N\u00b0 26-83-0325\n22\n| =PREFETDU VARLibert\u00e9Egalit\u00e9Fraternit\u00e9\nDirection de la citoyennet\u00e9 et de la l\u00e9galit\u00e9\nBureau des \u00e9lections et de la r\u00e9glementation g\u00e9n\u00e9rale\nAnnexe \u00e0 l'arr\u00eat\u00e9 n\u00b0DCL/BERG/2026/0045 du 11 mars 2026\nHabilitation N\u00b026-83-0325\nIdentification des v\u00e9hicules intervenant pour l'\u00e9tablissement :\nPFG SERVICES FUNERAIRES\ng\u00e9r\u00e9 par la SAS OGF SERVICES FUNERAIRES\nSis 17 place de la R\u00e9publique \u2013 83400 Hy\u00e8res\nTransport de corps avant et apr\u00e8s mise en bi\u00e8re\nGA-167-MS\nGA-136-MS\nEX-135-WZ\nEX-455-WZ\nEP-777-JA\nEP-299-JA\nEX-220-WW\nGF-797-LR\nGX-987-WH\nEX-197-WZ\nEX-307-XA\nHF-015-XE\nT\u00e9l : 04 94 18 83 83\nM\u00e9l : pref-funeraires@var.gouv.fr\nBd du 112\u00e8me R\u00e9giment d'Infanterie\nCS 31 209 - 83070 TOULON CEDEX\nPr\u00e9fecture du VAR - 83-2026-03-11-00012 - ARR\u00caT\u00c9 PR\u00c9FECTORAL n\u00b0 DCL/BERG/2026/0045 du 11 mars 2026 portant habilitation de\nl'\u00e9tablissement \u00ab\u00a0MAISON ROBLOT\u00a0\u00bb\n17 place de la R\u00e9publique - 83400 HYERES\ng\u00e9r\u00e9 par la SAS \u00ab\u00a0OGF SERVICES FUNERAIRES\u00a0\u00bb\nHabilitation N\u00b0 26-83-0325\n23\nPr\u00e9fecture du VAR\n83-2026-03-11-00010\nARR\u00caT\u00c9 PR\u00c9FECTORAL n\u00b0 DCL/BERG/2026/0051\ndu 11 mars 2026 portant habilitation de\nl'\u00e9tablissement\n\u00ab\u00a0POMPES FUNEBRES ET MARBRERIE\nMERIDIONALES\u00a0\u00bb 1429 Avenue Colonel Picot -\n83100 TOULON g\u00e9r\u00e9 par la SAS \u00ab\u00a0OGF SERVICES\nFUNERAIRES\u00a0\u00bb\nHabilitation N\u00b0 26-83-0326\nPr\u00e9fecture du VAR - 83-2026-03-11-00010 - ARR\u00caT\u00c9 PR\u00c9FECTORAL n\u00b0 DCL/BERG/2026/0051 du 11 mars 2026 portant habilitation de\nl'\u00e9tablissement\n\u00ab\u00a0POMPES FUNEBRES ET MARBRERIE MERIDIONALES\u00a0\u00bb 1429 Avenue Colonel Picot - 83100 TOULON g\u00e9r\u00e9 par la SAS \u00ab\u00a0OGF SERVICES\nFUNERAIRES\u00a0\u00bb\nHabilitation N\u00b0 26-83-0326\n24\n=mPREFETDU VARLibert\u00e9Egalit\u00e9Fraternit\u00e9\nDirection de la citoyennet\u00e9 et de la l\u00e9galit\u00e9\nBureau des \u00e9lections et de la r\u00e9glementation g\u00e9n\u00e9rale\nARR\u00caT\u00c9 PR\u00c9FECTORAL n\u00b0 DCL/BERG/2026/0051 du 11 mars 2026\nportant habilitation de l'\u00e9tablissement\n\u00ab POMPES FUNEBRES ET MARBRERIE MERIDIONALES \u00bb\n1429 Avenue Colonel Picot \u2013 83100 TOULON\ng\u00e9r\u00e9 par la SAS \u00ab OGF SERVICES FUNERAIRES \u00bb\nHabilitation N\u00b0 26-83-0326\nLe Pr\u00e9fet du Var,\nVu le code g\u00e9n\u00e9ral des collectivit\u00e9s territoriales  et notamment ses articles L2223-19, L2223-23 et  \nsuivants ;\nVu la loi n\u00b0 2008-1350 du 19 d\u00e9cembre 2008 relative \u00e0 la l\u00e9gislation fun\u00e9raire ;\nVu le d\u00e9cret du Pr\u00e9sident de la R\u00e9publique du 15 mai 2025, portant nomination de Monsieur  \nSimon BABRE, pr\u00e9fet du Var ;\nVu l'arr\u00eat\u00e9 pr\u00e9fectoral n\u00b0 2025/12/MCI du 2 juin 2025 portant d\u00e9l\u00e9gation de signature \u00e0 Monsieur  \nLucien GIUDICELLI, secr\u00e9taire g\u00e9n\u00e9ral de la pr\u00e9fecture du Var, sous-pr\u00e9fet de l'arrondissement de  \nToulon ;\nVu  l'arr\u00eat\u00e9  pr\u00e9fectoral  n\u00b0  2026/10/MCI  du  02  f\u00e9vrier  2026  portant  d\u00e9l\u00e9gation  de  signature  \u00e0 \nMadame Isabelle CATHERINEAU, directrice de la citoyennet\u00e9 et de la l\u00e9galit\u00e9 de la pr\u00e9fecture du  \nVar ;\nVu  l'arr\u00eat\u00e9  pr\u00e9fectoral  n\u00b0  DCL/BERG/2020/64  du  13  f\u00e9vrier  2020  portant  renouvellement  \nd'habilitation  de  l'\u00e9tablissement  secondaire  \u00ab POMPES  FUN\u00c8BRES  ET  MARBRERIE  \nMERIDIONALES \u00bb sis 1429 Avenue Colonel Picot \u00e0 Toulon (83100), jusqu'au 28 mars 2026 inclus ;\nVu l'avis satisfaisant du 21 janvier 2026 du rapport de v\u00e9rification de la chambre fun\u00e9raire \u00e9tablie  \npar l'organisme agr\u00e9\u00e9 \u00ab BUREAU VERITAS \u00bb ;\nVu la demande du 08 janvier 2026  d'habilitation de l'\u00e9tablissement  \u00ab POMPES FUN\u00c8BRES ET  \nMARBRERIE MERIDIONALES  \u00bb  situ\u00e9 1429 Avenue Colonel Picot \u00e0 Toulon (83100) , formul\u00e9e par  \nMonsieur  Pierrick  SARTORIO,  directeur  secteur  op\u00e9rationnel,  de  la  SAS  \u00ab OGF SERVICES \nFUNERAIRES \u00bb dont le si\u00e8ge est situ\u00e9 6 rue du G\u00e9n\u00e9ral Audran \u00e0 Courbevoie (92400) ;\nConsid\u00e9rant la fusion absorption de la soci\u00e9t\u00e9 OGF par la soci\u00e9t\u00e9 OBOL France devenant OGF  \nSERVICES FUN\u00c9RAIRES, intervenue en date du 01 novembre 2025, impliquant la modification du  \nSIRET ;\nConsid\u00e9rant la compl\u00e9tude du dossier ;\nSur proposition du secr\u00e9taire g\u00e9n\u00e9ral de la pr\u00e9fecture ;\nARR\u00caTE\nArticle  1 :  L'\u00e9tablissement  \u00ab POMPES  FUN\u00c8BRES  ET  MARBRERIE  MERIDIONALES  \u00bb  situ\u00e9  1429 \nAvenue Colonel Picot \u00e0 Toulon (83100) , g\u00e9r\u00e9 par la SAS \u00ab OGF SERVICES FUN\u00c9RAIRES \u00bb dont le \nsi\u00e8ge  est  situ\u00e9  6  rue  du  G\u00e9n\u00e9ral  Audran  \u00e0  Courbevoie  (92400),  repr\u00e9sent\u00e9  par  son  directeur \nsecteur op\u00e9rationnel, Monsieur Pierrick SARTORIO, est habilit\u00e9 pour exercer les activit\u00e9ssuivantes :\n1/2\nPr\u00e9fecture du VAR - 83-2026-03-11-00010 - ARR\u00caT\u00c9 PR\u00c9FECTORAL n\u00b0 DCL/BERG/2026/0051 du 11 mars 2026 portant habilitation de\nl'\u00e9tablissement\n\u00ab\u00a0POMPES FUNEBRES ET MARBRERIE MERIDIONALES\u00a0\u00bb 1429 Avenue Colonel Picot - 83100 TOULON g\u00e9r\u00e9 par la SAS \u00ab\u00a0OGF SERVICES\nFUNERAIRES\u00a0\u00bb\nHabilitation N\u00b0 26-83-0326\n25\n1 - Transport de corps avant et apr\u00e8s mise en bi\u00e8re,\n2 - Organisation des obs\u00e8ques,\n3 - Soins  de  con servation, en  sous-traitance  avec  l'\u00e9tablissement  \u00ab  HYGECO  POST  MORTEM \nASSISTANCE\u00bb, sis 12 rue Sarah Bernhardt \u00e0 Asni\u00e8res (92600), habilit\u00e9 sous le num\u00e9ro 25-92-0216,\n4 - Fourniture  des  housses,  cercueils  et  accessoires  int\u00e9rieur  et  ext\u00e9rieur  ainsi  que  des  urnes\ncin\u00e9raires,\n6 - Gestion et utilisation chambre fun\u00e9raire,\n7 - Fourniture des corbillards et voitures de deuil, list\u00e9s en annexe du pr\u00e9sent arr\u00eat\u00e9,\n8 - Fourniture de personnel et des objets et prestations n\u00e9cessaires aux obs\u00e8ques, inhumations,  \nexhumations et cr\u00e9mations.\nArticle 2     : L'habilitation porte le num\u00e9ro 26-83-0326.\nArticle  3     :  La  pr\u00e9sente  habilitation  est  accord\u00e9e  pour  une  dur\u00e9e  de  cinq  ans  \u00e0  compter  \ndu 29 mars 2026, et jusqu'au 28 mars 2031 inclus.\nPour solliciter le renouvellement de la pr\u00e9sente habilitation, le b\u00e9n\u00e9ficiaire devra faire parvenir sa  \ndemande en pr\u00e9fecture au plus tard deux mois avant sa date de fin de validit\u00e9.\nArticle 4     : Conform\u00e9ment aux articles  L.2223-25 et R2223-64, D.2223-87  du code g\u00e9n\u00e9ral des  \ncollectivit\u00e9s territoriales, et \u00e0 d\u00e9faut de la production, dans les meilleurs d\u00e9lais, des justificatifs de  \nconformit\u00e9 des \u00e9quipements, la pr\u00e9sente habilitation pourra \u00eatre suspendue pour une dur\u00e9e  \nmaximale d'un an ou retir\u00e9e, apr\u00e8s mise en demeure, pour les motifs suivants :\n- non-respect des conditions de sa d\u00e9livrance telles qu'elles sont d\u00e9finies par les dispositions du  \ncode g\u00e9n\u00e9ral des collectivit\u00e9s territoriales ;\n- non exercice ou cessation d'exercice des activit\u00e9s au titre desquelles elle a \u00e9t\u00e9 d\u00e9livr\u00e9e ;\n- atteinte \u00e0 l'ordre public ou danger pour la salubrit\u00e9 publique.\nDans les cas o\u00f9 le b\u00e9n\u00e9ficiaire est un d\u00e9l\u00e9gataire, le retrait d'habilitation entra\u00eene la d\u00e9ch\u00e9ance  \ndes d\u00e9l\u00e9gations.\nArticle 5     : Le secr\u00e9taire g\u00e9n\u00e9ral de la pr\u00e9fecture du Var est charg\u00e9 de l'ex\u00e9cution du pr\u00e9sent arr\u00eat\u00e9 \nqui sera publi\u00e9 au recueil des actes administratifs de la pr\u00e9fecture du Var et dont une copie sera  \nadress\u00e9e au maire de la commune de Toulon pour information.\nFait \u00e0 Toulon, le 11 mars 2026\nPour le Pr\u00e9fet et par d\u00e9l\u00e9gation,\nLa Directrice,\nSign\u00e9\nIsabelle CATH\u00c9RINEAU\nDans un d\u00e9lai de deux mois \u00e0 compter de la date de la notification ou de la publication du pr\u00e9sent arr\u00eat\u00e9 au recueil des actes administratifs de la \npr\u00e9fecture, les recours suivants peuvent \u00eatre introduits conform\u00e9ment aux dispositions des articles R. 421-1 et suivants du code de justice \nadministrative :\n- un recours gracieux, adress\u00e9 \u00e0 :\nM. le Pr\u00e9fet du Var - Boulevard du 112\u00e8me r\u00e9giment d'infanterie - CS 31209 - 83070 TOULON CEDEX\n- un recours hi\u00e9rarchique, adress\u00e9 au(x) ministre(s) concern\u00e9(s) ;\nDans ces deux cas, le silence de l'Administration vaut rejet implicite au terme d'un d\u00e9lai de deux mois.\nApr\u00e8s un recours gracieux ou hi\u00e9rarchique, le d\u00e9lai du recours contentieux ne court qu'\u00e0 compter du rejet explicite ou implicite de l'un de ces \nrecours.\n- un recours contentieux, en saisissant le Tribunal Administratif de Toulon : 5 rue Racine -BP 40510 - 83 041 TOULON CEDEX 9\nLe tribunal administratif peut \u00eatre saisi par l'application informatique \u00ab T\u00e9l\u00e9cours \u00bb accessible par le site internet www.telecours.fr.\n2/2\nPr\u00e9fecture du VAR - 83-2026-03-11-00010 - ARR\u00caT\u00c9 PR\u00c9FECTORAL n\u00b0 DCL/BERG/2026/0051 du 11 mars 2026 portant habilitation de\nl'\u00e9tablissement\n\u00ab\u00a0POMPES FUNEBRES ET MARBRERIE MERIDIONALES\u00a0\u00bb 1429 Avenue Colonel Picot - 83100 TOULON g\u00e9r\u00e9 par la SAS \u00ab\u00a0OGF SERVICES\nFUNERAIRES\u00a0\u00bb\nHabilitation N\u00b0 26-83-0326\n26\n| =PREFETDU VARLibert\u00e9Egalit\u00e9Fraternit\u00e9\nDirection de la citoyennet\u00e9 et de la l\u00e9galit\u00e9\nBureau des \u00e9lections et de la r\u00e9glementation g\u00e9n\u00e9rale\nAnnexe \u00e0 l'arr\u00eat\u00e9 n\u00b0DCL/BERG/2026/0051 du 11 mars 2026\nHabilitation N\u00b026-83-0326\nIdentification des v\u00e9hicules intervenant pour l'\u00e9tablissement :\nPOMPES FUNEBRES ET MARBRERIE MERIDIONALES\ng\u00e9r\u00e9 par la SAS OGF SERVICES FUNERAIRES\nSis 1429 Avenue du Colonel Picot \u00e0 Toulon (83100)\nTransport de corps avant et apr\u00e8s mise en bi\u00e8re\nGA-167-MS\nGA-136-MS\nEX-135-WZ\nEX-455-WZ\nEP-777-JA\nEP-299-JA\nEX-220-WW\nGF-797-LR\nGX-987-WH\nEX-197-WZ\nEX-307-XA\nHF-015-XE\nT\u00e9l : 04 94 18 83 83\nM\u00e9l : pref-funeraires@var.gouv.fr\nBd du 112\u00e8me R\u00e9giment d'Infanterie\nCS 31 209 - 83070 TOULON CEDEX\nPr\u00e9fecture du VAR - 83-2026-03-11-00010 - ARR\u00caT\u00c9 PR\u00c9FECTORAL n\u00b0 DCL/BERG/2026/0051 du 11 mars 2026 portant habilitation de\nl'\u00e9tablissement\n\u00ab\u00a0POMPES FUNEBRES ET MARBRERIE MERIDIONALES\u00a0\u00bb 1429 Avenue Colonel Picot - 83100 TOULON g\u00e9r\u00e9 par la SAS \u00ab\u00a0OGF SERVICES\nFUNERAIRES\u00a0\u00bb\nHabilitation N\u00b0 26-83-0326\n27\nPr\u00e9fecture du VAR\n83-2026-03-09-00006\nARR\u00caT\u00c9 PR\u00c9FECTORAL n\u00b0 DCL/BERG/2026/0056\ndu 09 mars 2026\nportant habilitation de la chambre fun\u00e9raire 28\nchemin de la Ritorte - 83400 HYERES g\u00e9r\u00e9e par la\nSAS \u00ab\u00a0OGF SERVICES FUN\u00c9RAIRES\u00a0\u00bb\nHabilitation N\u00b0 26-83-0327\nPr\u00e9fecture du VAR - 83-2026-03-09-00006 - ARR\u00caT\u00c9 PR\u00c9FECTORAL n\u00b0 DCL/BERG/2026/0056 du 09 mars 2026\nportant habilitation de la chambre fun\u00e9raire 28 chemin de la Ritorte - 83400 HYERES g\u00e9r\u00e9e par la SAS \u00ab\u00a0OGF SERVICES\nFUN\u00c9RAIRES\u00a0\u00bb Habilitation N\u00b0 26-83-0327\n28\n=mPREFETDU VARLibert\u00e9Egalit\u00e9Fraternit\u00e9\nDirection de la citoyennet\u00e9 et de la l\u00e9galit\u00e9\nBureau des \u00e9lections et de la r\u00e9glementation g\u00e9n\u00e9rale\nARR\u00caT\u00c9 PR\u00c9FECTORAL n\u00b0 DCL/BERG/2026/0056 du 09 mars 2026\nportant habilitation de la chambre fun\u00e9raire\n28 chemin de la Ritorte \u2013 83400 HYERES\ng\u00e9r\u00e9e par la SAS \u00ab OGF SERVICES FUN\u00c9RAIRES \u00bb\nHabilitation N\u00b0 26-83-0327\nLe Pr\u00e9fet du Var,\nVu le code g\u00e9n\u00e9ral des collectivit\u00e9s territoriales  et notamment ses articles L2223-19, L2223-23 \net suivants ;\nVu la loi n\u00b0 2008-1350 du 19 d\u00e9cembre 2008 relative \u00e0 la l\u00e9gislation fun\u00e9raire ;\nVu le d\u00e9cret du Pr\u00e9sident de la R\u00e9publique du 15 mai 2025, portant nomination de Monsieur  \nSimon BABRE, pr\u00e9fet du Var ;\nVu  l'arr\u00eat\u00e9  pr\u00e9fectoral  n\u00b0  2025/12/MCI  du  2  juin  2025  portant  d\u00e9l\u00e9gation  de  signature  \u00e0 \nMonsieur  Lucien  GIUDICELLI,  secr\u00e9taire  g\u00e9n\u00e9ral  de  la  pr\u00e9fecture  du  Var,  sous-pr\u00e9fet  de  \nl'arrondissement de Toulon ;\nVu l'arr\u00eat\u00e9 pr\u00e9fectoral n\u00b0 2026/10 /MCI du 02 f\u00e9vrier 2026 portant d\u00e9l\u00e9gation de signature \u00e0  \nMadame Isabelle CATH\u00c9RINEAU, directrice de la citoyennet\u00e9 et de la l\u00e9galit\u00e9 de la pr\u00e9fecture \ndu Var ;\nVu l'arr\u00eat\u00e9 pr\u00e9fectoral du 18 juillet 1994 portant cr\u00e9ation d'une chambre fun\u00e9raire situ\u00e9e 28  \nchemin de la Ritorte \u00e0 Hy\u00e8res ;\nVu  l'arr\u00eat\u00e9  pr\u00e9fectoral  DCL/BERG/2021/86  du  15  avril  2021  portant  renouvellement  de  \nl'habilitation dans le domaine fun\u00e9raire de la chambre fun\u00e9raire de Hy\u00e8res  \u00ab  OGF \u00bb jusqu'au \n14 avril 2026 inclus ;\nVu l'avis satisfaisant du 13 janvier 2026 du rapport de v\u00e9rification de la chambre fun\u00e9raire  \n\u00e9tablie par l'organisme agr\u00e9\u00e9 \u00ab BUREAU VERITAS \u00bb ;\n \nVu la demande du 03 f\u00e9vrier 2026 d'habilitation de l'\u00e9tablissement \u00ab MAISON FUN\u00c9RAIRE LA \nRITORTE \u00bb, situ\u00e9 28 chemin de la Ritorte \u00e0 Hy\u00e8res (83400) , formul\u00e9e par Monsieur Pierrick  \nSARTORIO, directeur secteur op\u00e9rationnel, de la SAS \u00ab OGF SERVICES FUN\u00c9RAIRES \u00bb dont le \nsi\u00e8ge est situ\u00e9 6 rue du G\u00e9n\u00e9ral Audran \u00e0 Courbevoie (92400) ;\nConsid\u00e9rant la fusion  absorption de la soci\u00e9t\u00e9 OGF par la soci\u00e9t\u00e9 OBOL France devenant OGF  \nSERVICES FUN\u00c9RAIRES, intervenue en date du 01 novembre 2025, impliquant la modification  \ndu SIRET ;\nConsid\u00e9rant la compl\u00e9tude du dossier ;\nSur proposition du secr\u00e9taire g\u00e9n\u00e9ral de la pr\u00e9fecture ;\n1/2\nPr\u00e9fecture du VAR - 83-2026-03-09-00006 - ARR\u00caT\u00c9 PR\u00c9FECTORAL n\u00b0 DCL/BERG/2026/0056 du 09 mars 2026\nportant habilitation de la chambre fun\u00e9raire 28 chemin de la Ritorte - 83400 HYERES g\u00e9r\u00e9e par la SAS \u00ab\u00a0OGF SERVICES\nFUN\u00c9RAIRES\u00a0\u00bb Habilitation N\u00b0 26-83-0327\n29\nARR\u00caTE\nArticle 1  : La  SAS  \u00ab OGF SERVICES FUN\u00c9RAIRES  \u00bb  dont le si\u00e8ge est situ\u00e9 6 rue du G\u00e9n\u00e9ral  \nAudran \u00e0 Courbevoie (92400), repr\u00e9sent\u00e9e par Monsieur Pierrick SARTORIO, g\u00e9rant de la  \nchambre fun\u00e9raire situ\u00e9e 28 chemin de la Ritorte \u00e0 Hy\u00e8res (83400), est habilit\u00e9 pour exercer  \nles activit\u00e9s suivantes :\n6 - Gestion et utilisation chambre fun\u00e9raire.\nArticle 2     : L'habilitation porte le num\u00e9ro 26-83-0327 .\nArticle 3     : La pr\u00e9sente habilitation est accord\u00e9e  pour une dur\u00e9e de cinq ans \u00e0 compter du 13 \navril 2026, et jusqu'au 14 avril 2031 inclus.\nPour  solliciter  le  renouvellement  de  la  pr\u00e9sente  habilitation,  le  b\u00e9n\u00e9ficiaire  devra  faire  \nparvenir sa demande en pr\u00e9fecture au plus tard deux mois avant sa date de fin de validit\u00e9.\nArticle 4     : Conform\u00e9ment aux articles L.2223-25, D.2223-87 et R.2223-64 du code g\u00e9n\u00e9ral des  \ncollectivit\u00e9s  territoriales,  et  \u00e0  d\u00e9faut  de  la  production,  dans  les  meilleurs  d\u00e9lais,  des  \njustificatifs de conformit\u00e9 des \u00e9quipements, la pr\u00e9sente habilitation pourra \u00eatre suspendue  \npour une dur\u00e9e maximale d'un an ou retir\u00e9e, apr\u00e8s mise en demeure, pour les motifs suivants :\n- non-respect des conditions de sa d\u00e9livrance telles qu'elles sont d\u00e9finies par les dispositions  \ndu code g\u00e9n\u00e9ral des collectivit\u00e9s territoriales ;\n- non exercice ou cessation d'exercice des activit\u00e9s au titre desquelles elle a \u00e9t\u00e9 d\u00e9livr\u00e9e ;\n- atteinte \u00e0 l'ordre public ou danger pour la salubrit\u00e9 publique.\nDans  les  cas  o\u00f9  le  b\u00e9n\u00e9ficiaire  est  un  d\u00e9l\u00e9gataire,  le  retrait  d'habilitation  entra\u00eene  la  \nd\u00e9ch\u00e9ance des d\u00e9l\u00e9gations.\nArticle 5     : Le secr\u00e9taire g\u00e9n\u00e9ral de la pr\u00e9fecture du Var est charg\u00e9 de l'ex\u00e9cution du pr\u00e9sent  \narr\u00eat\u00e9 qui sera publi\u00e9 au recueil des actes administratifs de la pr\u00e9fecture du Var et dont une  \ncopie sera adress\u00e9e au maire de la commune de Hy\u00e8res pour information.\nFait \u00e0 Toulon, le 09 mars 2026\nPour le Pr\u00e9fet et par d\u00e9l\u00e9gation,\nLa Directrice,\nsign\u00e9\nIsabelle CATH\u00c9RINEAU\nDans un d\u00e9lai de deux mois \u00e0 compter de la date de la notification ou de la publication du pr\u00e9sent arr\u00eat\u00e9 au recueil des actes administratifs de la \npr\u00e9fecture, les recours suivants peuvent \u00eatre introduits conform\u00e9ment aux dispositions des articles R. 421-1 et suivants du code de justice \nadministrative :\n- un recours gracieux, adress\u00e9 \u00e0 :\nM. le Pr\u00e9fet du Var - Boulevard du 112\u00e8me r\u00e9giment d'infanterie - CS 31209 - 83070 TOULON CEDEX\n- un recours hi\u00e9rarchique, adress\u00e9 au(x) ministre(s) concern\u00e9(s) ;\nDans ces deux cas, le silence de l'Administration vaut rejet implicite au terme d'un d\u00e9lai de deux mois.\nApr\u00e8s un recours gracieux ou hi\u00e9rarchique, le d\u00e9lai du recours contentieux ne court qu'\u00e0 compter du rejet explicite ou implicite de l'un de ces \nrecours.\n- un recours contentieux, en saisissant le Tribunal Administratif de Toulon : 5 rue Racine -BP 40510 - 83 041 TOULON CEDEX 9\nLe tribunal administratif peut \u00eatre saisi par l'application informatique \u00ab T\u00e9l\u00e9cours \u00bb accessible par le site internet www.telecours.fr.\n2/2\nPr\u00e9fecture du VAR - 83-2026-03-09-00006 - ARR\u00caT\u00c9 PR\u00c9FECTORAL n\u00b0 DCL/BERG/2026/0056 du 09 mars 2026\nportant habilitation de la chambre fun\u00e9raire 28 chemin de la Ritorte - 83400 HYERES g\u00e9r\u00e9e par la SAS \u00ab\u00a0OGF SERVICES\nFUN\u00c9RAIRES\u00a0\u00bb Habilitation N\u00b0 26-83-0327\n30\nPr\u00e9fecture du VAR\n83-2026-03-09-00007\nARR\u00caT\u00c9 PR\u00c9FECTORAL n\u00b0 DCL/BERG/2026/0057\ndu 09 mars 2026 portant habilitation de la\nchambre fun\u00e9raire 4 rue Charles Gounod - 83500\nLa Seyne-sur-Mer g\u00e9r\u00e9e par la SAS \u00ab OGF\nSERVICES FUN\u00c9RAIRES \u00bb Habilitation N\u00b0\n26-83-0328\nPr\u00e9fecture du VAR - 83-2026-03-09-00007 - ARR\u00caT\u00c9 PR\u00c9FECTORAL n\u00b0 DCL/BERG/2026/0057 du 09 mars 2026 portant habilitation de la\nchambre fun\u00e9raire 4 rue Charles Gounod - 83500 La Seyne-sur-Mer g\u00e9r\u00e9e par la SAS \u00ab OGF SERVICES FUN\u00c9RAIRES \u00bb Habilitation N\u00b0\n26-83-0328\n31\n=mPREFETDU VARLibert\u00e9Egalit\u00e9Fraternit\u00e9\nDirection de la citoyennet\u00e9 et de la l\u00e9galit\u00e9\nBureau des \u00e9lections et de la r\u00e9glementation g\u00e9n\u00e9rale\nARR\u00caT\u00c9 PR\u00c9FECTORAL n\u00b0 DCL/BERG/2026/0057 du 09 mars 2026\nportant habilitation de la chambre fun\u00e9raire\n4 rue Charles Gounod \u2013 83500 La Seyne-sur-Mer\ng\u00e9r\u00e9e par la SAS \u00ab OGF SERVICES FUN\u00c9RAIRES \u00bb\nHabilitation N\u00b0 26-83-0328\nLe Pr\u00e9fet du Var,\nVu le code g\u00e9n\u00e9ral des collectivit\u00e9s territoriales  et notamment ses articles L2223-19, L2223-23 \net suivants ;\nVu la loi n\u00b0 2008-1350 du 19 d\u00e9cembre 2008 relative \u00e0 la l\u00e9gislation fun\u00e9raire ;\nVu le d\u00e9cret du Pr\u00e9sident de la R\u00e9publique du 15 mai 2025, portant nomination de Monsieur  \nSimon BABRE, pr\u00e9fet du Var ;\nVu  l'arr\u00eat\u00e9  pr\u00e9fectoral  n\u00b0 2025/12/MCI  du  2  juin  2025  portant  d\u00e9l\u00e9gation  de  signature  \u00e0  \nMonsieur  Lucien  GIUDICELLI,  secr\u00e9taire  g\u00e9n\u00e9ral  de  la  pr\u00e9fecture  du  Var,  sous-pr\u00e9fet  de  \nl'arrondissement de Toulon ;\nVu l'arr\u00eat\u00e9 pr\u00e9fectoral n\u00b0 2026/10/MCI du 02 f\u00e9vrier 2026 portant d\u00e9l\u00e9gation de signature \u00e0  \nMadame Isabelle CATH\u00c9RINEAU, directrice de la citoyennet\u00e9 et de la l\u00e9galit\u00e9 de la pr\u00e9fecture \ndu Var ;\nVu l'arr\u00eat\u00e9 pr\u00e9fectoral du 19 avril 1988 portant cr\u00e9ation d'une chambre fun\u00e9raire situ\u00e9e 4 rue  \nCharles Gounod \u00e0 La Seyne-sur-Mer ;\nVu  l'arr\u00eat\u00e9  pr\u00e9fectoral  DCL/BERG/2021/106  du  15  avril  2021  portant  renouvellement  de  \nl'habilitation  dans  le  domaine  fun\u00e9raire  de  la  chambre  fun\u00e9raire  de  La  Seyne-sur-Mer  \n\u00ab OGF \u00bb jusqu'au 14 avril inclus ;\nVu le rapport de v\u00e9rification de la chambre fun\u00e9raire \u00e9tablie le 24 juillet 2025 par l'organisme  \nagr\u00e9\u00e9 \u00ab BUREAU VERITAS \u00bb ;\n \nVu la demande du 09 f\u00e9vrier 2026 d'habilitation de la chambre fun\u00e9raire, situ\u00e9e 4 rue Charles \nGounod \u00e0 La Seyne-sur-Mer (83500) , formul\u00e9e par Monsieur Pierrick SARTORIO, directeur  \nsecteur op\u00e9rationnel, de la SAS \u00ab OGF SERVICES FUN\u00c9RAIRES \u00bb dont le si\u00e8ge est situ\u00e9 6 rue  \ndu G\u00e9n\u00e9ral Audran \u00e0 Courbevoie (92400) ;\nConsid\u00e9rant la fusion  absorption de la soci\u00e9t\u00e9 OGF par la soci\u00e9t\u00e9 OBOL France devenant OGF  \nSERVICES FUN\u00c9RAIRES, intervenue en date du 01 novembre 2025, impliquant la modification  \ndu SIRET ;\nConsid\u00e9rant la compl\u00e9tude du dossier ;\nSur proposition du secr\u00e9taire g\u00e9n\u00e9ral de la pr\u00e9fecture ;\n1/2\nPr\u00e9fecture du VAR - 83-2026-03-09-00007 - ARR\u00caT\u00c9 PR\u00c9FECTORAL n\u00b0 DCL/BERG/2026/0057 du 09 mars 2026 portant habilitation de la\nchambre fun\u00e9raire 4 rue Charles Gounod - 83500 La Seyne-sur-Mer g\u00e9r\u00e9e par la SAS \u00ab OGF SERVICES FUN\u00c9RAIRES \u00bb Habilitation N\u00b0\n26-83-0328\n32\nARR\u00caTE\nArticle 1  : L a SAS  \u00ab OGF SERVICES FUN\u00c9RAIRES  \u00bb  dont le si\u00e8ge est situ\u00e9 6 rue du G\u00e9n\u00e9ral  \nAudran \u00e0 Courbevoie (92400), repr\u00e9sent\u00e9 par son directeur secteur op\u00e9rationnel, Monsieur  \nPierrick SARTORIO, g\u00e9rant la chambre fun\u00e9raire, situ\u00e9e 4 rue Charles Gounod \u00e0 La Seyne-sur-\nMer (83500), est habilit\u00e9 pour exercer les activit\u00e9s suivantes :\n6 - Gestion et utilisation chambre fun\u00e9raire.\nArticle 2     : L'habilitation porte le num\u00e9ro 26-83-0328.\nArticle 3     : La pr\u00e9sente habilitation est accord\u00e9e  pour une dur\u00e9e de cinq ans \u00e0 compter du 13 \navril 2026, et jusqu'au 14 avril 2031 inclus.\nPour  solliciter  le  renouvellement  de  la  pr\u00e9sente  habilitation,  le  b\u00e9n\u00e9ficiaire  devra  faire  \nparvenir sa demande en pr\u00e9fecture au plus tard deux mois avant sa date de fin de validit\u00e9.\nArticle 4     : Conform\u00e9ment aux articles L.2223-25, R.2223-64 et R. 2223-87 du code g\u00e9n\u00e9ral des \ncollectivit\u00e9s  territoriales,  et  \u00e0  d\u00e9faut  de  la  production,  dans  les  meilleurs  d\u00e9lais,  des  \njustificatifs de conformit\u00e9 des \u00e9quipements, la pr\u00e9sente habilitation pourra \u00eatre suspendue  \npour une dur\u00e9e maximale d'un an ou retir\u00e9e, apr\u00e8s mise en demeure, pour les motifs suivants :\n- non-respect des conditions de sa d\u00e9livrance telles qu'elles sont d\u00e9finies par les dispositions  \ndu code g\u00e9n\u00e9ral des collectivit\u00e9s territoriales ;\n- non exercice ou cessation d'exercice des activit\u00e9s au titre desquelles elle a \u00e9t\u00e9 d\u00e9livr\u00e9e ;\n- atteinte \u00e0 l'ordre public ou danger pour la salubrit\u00e9 publique.\nDans  les  cas  o\u00f9  le  b\u00e9n\u00e9ficiaire  est  un  d\u00e9l\u00e9gataire,  le  retrait  d'habilitation  entra\u00eene  la  \nd\u00e9ch\u00e9ance des d\u00e9l\u00e9gations.\nArticle 5     : Le secr\u00e9taire g\u00e9n\u00e9ral de la pr\u00e9fecture du Var est charg\u00e9 de l'ex\u00e9cution du pr\u00e9sent  \narr\u00eat\u00e9 qui sera publi\u00e9 au recueil des actes administratifs de la pr\u00e9fecture du Var et dont une  \ncopie sera adress\u00e9e au maire de la commune de La Seyne-sur-Mer pour information.\nFait \u00e0 Toulon, le 09 mars 2026\nPour le Pr\u00e9fet et par d\u00e9l\u00e9gation,\nLa Directrice,\nsign\u00e9\nIsabelle CATH\u00c9RINEAU\nDans un d\u00e9lai de deux mois \u00e0 compter de la date de la notification ou de la publication du pr\u00e9sent arr\u00eat\u00e9 au recueil des actes administratifs de la \npr\u00e9fecture, les recours suivants peuvent \u00eatre introduits conform\u00e9ment aux dispositions des articles R. 421-1 et suivants du code de justice \nadministrative :\n- un recours gracieux, adress\u00e9 \u00e0 :\nM. le Pr\u00e9fet du Var - Boulevard du 112\u00e8me r\u00e9giment d'infanterie - CS 31209 - 83070 TOULON CEDEX\n- un recours hi\u00e9rarchique, adress\u00e9 au(x) ministre(s) concern\u00e9(s) ;\nDans ces deux cas, le silence de l'Administration vaut rejet implicite au terme d'un d\u00e9lai de deux mois.\nApr\u00e8s un recours gracieux ou hi\u00e9rarchique, le d\u00e9lai du recours contentieux ne court qu'\u00e0 compter du rejet explicite ou implicite de l'un de ces \nrecours.\n- un recours contentieux, en saisissant le Tribunal Administratif de Toulon : 5 rue Racine -BP 40510 - 83 041 TOULON CEDEX 9\nLe tribunal administratif peut \u00eatre saisi par l'application informatique \u00ab T\u00e9l\u00e9cours \u00bb accessible par le site internet www.telecours.fr.\n2/2\nPr\u00e9fecture du VAR - 83-2026-03-09-00007 - ARR\u00caT\u00c9 PR\u00c9FECTORAL n\u00b0 DCL/BERG/2026/0057 du 09 mars 2026 portant habilitation de la\nchambre fun\u00e9raire 4 rue Charles Gounod - 83500 La Seyne-sur-Mer g\u00e9r\u00e9e par la SAS \u00ab OGF SERVICES FUN\u00c9RAIRES \u00bb Habilitation N\u00b0\n26-83-0328\n33\nPr\u00e9fecture du VAR\n83-2026-03-11-00008\nARR\u00caT\u00c9 PR\u00c9FECTORAL n\u00b0 DCL/BERG/2026/0076\ndu 11 mars 2026 portant renouvellement de\nl'habilitation de l'\u00e9tablissement\n\u00ab\u00a0POMPES FUN\u00c8BRES PASCAL LECLERC\u00a0\u00bb, 366\nrue Sainte Claire Deville - 83100 TOULON\ng\u00e9r\u00e9 par la SAS \u00ab\u00a0FUNECAP SUD-EST\u00a0\u00bb\nHabilitation N\u00b0 26-83-0222\nPr\u00e9fecture du VAR - 83-2026-03-11-00008 - ARR\u00caT\u00c9 PR\u00c9FECTORAL n\u00b0 DCL/BERG/2026/0076 du 11 mars 2026 portant renouvellement\nde l'habilitation de l'\u00e9tablissement\n\u00ab\u00a0POMPES FUN\u00c8BRES PASCAL LECLERC\u00a0\u00bb, 366 rue Sainte Claire Deville - 83100 TOULON\ng\u00e9r\u00e9 par la SAS \u00ab\u00a0FUNECAP SUD-EST\u00a0\u00bb\nHabilitation N\u00b0 26-83-0222\n34\n=mPREFETDU VARLibert\u00e9Egalit\u00e9Fraternit\u00e9\nDirection de la citoyennet\u00e9 et de la l\u00e9galit\u00e9\nBureau des \u00e9lections et de la r\u00e9glementation g\u00e9n\u00e9rale\nARR\u00caT\u00c9 PR\u00c9FECTORAL n\u00b0 DCL/BERG/2026/0076 du 11 mars 2026\nportant renouvellement de l'habilitation de l'\u00e9tablissement\n\u00ab POMPES FUN\u00c8BRES PASCAL LECLERC \u00bb, 366 rue Sainte Claire Deville \u2013 83100 TOULON\ng\u00e9r\u00e9 par la SAS \u00ab FUNECAP SUD-EST \u00bb\nHabilitation N\u00b0 26-83-0222\nLe Pr\u00e9fet du Var,\nVu le code g\u00e9n\u00e9ral des collectivit\u00e9s territoriales  et notamment ses articles L2223-19, L2223-23 et \nsuivants ;\nVu la loi n\u00b0 2008-1350 du 19 d\u00e9cembre 2008 relative \u00e0 la l\u00e9gislation fun\u00e9raire ;\nVu le d\u00e9cret du Pr\u00e9sident de la R\u00e9publique du 15 mai 2025, portant nomination de Monsieur  \nSimon BABRE, pr\u00e9fet du Var ;\nVu l'arr\u00eat\u00e9 pr\u00e9fectoral n\u00b0 2025/12/MCI du 2 juin 2025 portant d\u00e9l\u00e9gation de signature \u00e0 Monsieur  \nLucien GIUDICELLI, secr\u00e9taire g\u00e9n\u00e9ral de la pr\u00e9fecture du Var, sous-pr\u00e9fet de l'arrondissement de  \nToulon ;\nVu l'arr\u00eat\u00e9 pr\u00e9fectoral n\u00b0 2026/10 /MCI du 02 f\u00e9vrier 2026 portant d\u00e9l\u00e9gation de signature \u00e0  \nMadame Isabelle CATH\u00c9RINEAU, directrice de la citoyennet\u00e9 et de la l\u00e9galit\u00e9 de la pr\u00e9fecture \ndu Var ;\nVu  l'arr\u00eat\u00e9  pr\u00e9fectoral  n\u00b0  DCL/BERG/2021/77  du  18  mars  2021,  portant  renouvellement  \nd'habilitation dans le domaine fun\u00e9raire de l'\u00e9tablissement secondaire  \u00ab  POMPES FUN\u00c8BRES  \nPASCAL LECLERC \u00bb sis  366 rue Sainte Claire Deville \u00e0 Toulon  (83100), jusqu'au 17 mars 2026  \ninclus ;\nVu le rapport de v\u00e9rification de la chambre fun\u00e9raire \u00e9tablie le 23 f\u00e9vrier 2026 par l'organisme \nagr\u00e9\u00e9 \u00ab BUREAU VERITAS \u00bb ;\nVu  la  demande  du  11  f\u00e9vrier  2026  de  renouvellement  d'habilitation  de  l'\u00e9tablissement  \n\u00ab  POMPES FUN\u00c8BRES PASCAL LECLERC \u00bb, situ\u00e9 366 rue Sainte Claire Deville \u00e0 Toulon (83100), \nformul\u00e9e par Monsieur Gr\u00e9gory LECOUTEUX, directeur ex\u00e9cutif p\u00f4le PACA OUEST de la SAS  \n\u00ab FUNECAP SUD-EST  \u00bb dont le si\u00e8ge est situ\u00e9  rue du Souvenir Fran\u00e7ais, quartier Saint-Roch \u00e0  \nCuers (83390) ;\nConsid\u00e9rant la compl\u00e9tude du dossier ;\nSur proposition du secr\u00e9taire g\u00e9n\u00e9ral de la pr\u00e9fecture ;\nARR\u00caTE\nArticle 1 : L'\u00e9tablissement \u00ab POMPES FUN\u00c8BRES PASCAL LECLERC \u00bb, situ\u00e9  366 rue Sainte Claire \nDeville \u00e0 Toulon  (83100), g\u00e9r\u00e9 par la SAS  \u00ab FUNECAP SUD-EST  \u00bb  dont le si\u00e8ge est situ\u00e9 rue du  \nSouvenir Fran\u00e7ais, quartier Saint-Roch \u00e0 Cuers (83390), repr\u00e9sent\u00e9 par son directeur ex\u00e9cutif \u2013  \np\u00f4le PACA OUEST, Monsieur Gr\u00e9gory LECOUTEUX, est habilit\u00e9 pour exercer les activit\u00e9s suivantes :\n1/2\nPr\u00e9fecture du VAR - 83-2026-03-11-00008 - ARR\u00caT\u00c9 PR\u00c9FECTORAL n\u00b0 DCL/BERG/2026/0076 du 11 mars 2026 portant renouvellement\nde l'habilitation de l'\u00e9tablissement\n\u00ab\u00a0POMPES FUN\u00c8BRES PASCAL LECLERC\u00a0\u00bb, 366 rue Sainte Claire Deville - 83100 TOULON\ng\u00e9r\u00e9 par la SAS \u00ab\u00a0FUNECAP SUD-EST\u00a0\u00bb\nHabilitation N\u00b0 26-83-0222\n35\n1 - Transport de corps avant et apr\u00e8s mise en bi\u00e8re,\n2 - Organisation des obs\u00e8ques,\n3 - Soins de con servation, en sous-traitance avec l'\u00e9tablissement \u00ab  THANATHOPRAXIE SUD \u00bb, sis \nZI LIZAC Camps Grand \u2013 82202 Lizac, habilit\u00e9 sous le num\u00e9ro 22-82-124,\n4 - Fourniture  des  housses,  cercueils  et  accessoires  int\u00e9rieur  et  ext\u00e9rieur  ainsi  que  des  urnes\ncin\u00e9raires,\n6 \u2013 Gestion et utilisation chambre fun\u00e9raire,\n7 - Fourniture des corbillards et voitures de deuil, list\u00e9s en annexe du pr\u00e9sent arr\u00eat\u00e9,\n8 - Fourniture de personnel et des objets et prestations n\u00e9cessaires aux obs\u00e8ques, inhumations,  \nexhumations et cr\u00e9mations.\nArticle 2     : L'habilitation porte le num\u00e9ro 26-83-0222\nArticle 3     : La pr\u00e9sente habilitation est accord\u00e9e pour une dur\u00e9e de cinq ans \u00e0 compter du 18 mars \n2026, et jusqu'au 17 mars 2031 inclus.\nPour solliciter le renouvellement de la pr\u00e9sente habilitation, le b\u00e9n\u00e9ficiaire devra faire parvenir sa  \ndemande en pr\u00e9fecture au plus tard deux mois avant sa date de fin de validit\u00e9.\nArticle 4     : Conform\u00e9ment aux articles L.2223-25, R.2223-64 et R.2223\u201387 du code g\u00e9n\u00e9ral des  \ncollectivit\u00e9s territoriales, et \u00e0 d\u00e9faut de la production, dans les meilleurs d\u00e9lais, des justificatifs de  \nconformit\u00e9 des \u00e9quipements, la pr\u00e9sente habilitation pourra \u00eatre suspendue pour une dur\u00e9e  \nmaximale d'un an ou retir\u00e9e, apr\u00e8s mise en demeure, pour les motifs suivants :\n- non-respect des conditions de sa d\u00e9livrance telles qu'elles sont d\u00e9finies par les dispositions du  \ncode g\u00e9n\u00e9ral des collectivit\u00e9s territoriales ;\n- non exercice ou cessation d'exercice des activit\u00e9s au titre desquelles elle a \u00e9t\u00e9 d\u00e9livr\u00e9e ;\n- atteinte \u00e0 l'ordre public ou danger pour la salubrit\u00e9 publique.\nDans les cas o\u00f9 le b\u00e9n\u00e9ficiaire est un d\u00e9l\u00e9gataire, le retrait d'habilitation entra\u00eene la d\u00e9ch\u00e9ance  \ndes d\u00e9l\u00e9gations.\nArticle 5     : Le secr\u00e9taire g\u00e9n\u00e9ral de la pr\u00e9fecture du Var est charg\u00e9 de l'ex\u00e9cution du pr\u00e9sent arr\u00eat\u00e9 \nqui sera publi\u00e9 au recueil des actes administratifs de la pr\u00e9fecture du Var et dont une copie sera  \nadress\u00e9e au maire de la commune de Toulon pour information.\nFait \u00e0 Toulon, le 11 mars 2026\nPour le Pr\u00e9fet et par d\u00e9l\u00e9gation,\nLa Directrice,\nSign\u00e9\nIsabelle CATH\u00c9RINEAU\nDans un d\u00e9lai de deux mois \u00e0 compter de la date de la notification ou de la publication du pr\u00e9sent arr\u00eat\u00e9 au recueil des actes administratifs de la \npr\u00e9fecture, les recours suivants peuvent \u00eatre introduits conform\u00e9ment aux dispositions des articles R. 421-1 et suivants du code de justice \nadministrative :\n- un recours gracieux, adress\u00e9 \u00e0 :\nM. le Pr\u00e9fet du Var - Boulevard du 112\u00e8me r\u00e9giment d'infanterie - CS 31209 - 83070 TOULON CEDEX\n- un recours hi\u00e9rarchique, adress\u00e9 au(x) ministre(s) concern\u00e9(s) ;\nDans ces deux cas, le silence de l'Administration vaut rejet implicite au terme d'un d\u00e9lai de deux mois.\nApr\u00e8s un recours gracieux ou hi\u00e9rarchique, le d\u00e9lai du recours contentieux ne court qu'\u00e0 compter du rejet explicite ou implicite de l'un de ces \nrecours.\n- un recours contentieux, en saisissant le Tribunal Administratif de Toulon : 5 rue Racine -BP 40510 - 83 041 TOULON CEDEX 9\nLe tribunal administratif peut \u00eatre saisi par l'application informatique \u00ab T\u00e9l\u00e9cours \u00bb accessible par le site internet www.telecours.fr.\n2/2\nPr\u00e9fecture du VAR - 83-2026-03-11-00008 - ARR\u00caT\u00c9 PR\u00c9FECTORAL n\u00b0 DCL/BERG/2026/0076 du 11 mars 2026 portant renouvellement\nde l'habilitation de l'\u00e9tablissement\n\u00ab\u00a0POMPES FUN\u00c8BRES PASCAL LECLERC\u00a0\u00bb, 366 rue Sainte Claire Deville - 83100 TOULON\ng\u00e9r\u00e9 par la SAS \u00ab\u00a0FUNECAP SUD-EST\u00a0\u00bb\nHabilitation N\u00b0 26-83-0222\n36\n| =PREFETDU VARLibert\u00e9Egalit\u00e9Fraternit\u00e9\nDirection de la citoyennet\u00e9 et de la l\u00e9galit\u00e9\nBureau des \u00e9lections et de la r\u00e9glementation g\u00e9n\u00e9rale\nAnnexe \u00e0 l'arr\u00eat\u00e9 n\u00b0DCL/BERG/2026/0076 du 11 mars 2026\nHabilitation N\u00b026-83-0222\nIdentification des v\u00e9hicules intervenant pour l'\u00e9tablissement :\nPOMPES FUN\u00c8BRES PASCAL LECLERC\ng\u00e9r\u00e9 par la SAS FUNECAP SUD-EST\nSis 366 rue Henri Sainte Claire Deville - 83100 Toulon\nTransport de corps avant et apr\u00e8s mise en bi\u00e8re\nGV-389-BZ\nDY-716-KB\nEH-017-SN\nEH-236-SN\nEH-457-SM\nEH-616-SM\nEH-880-SM\nES-656-PE\nGL-005-XK\nGY-833-JL\nHG-451-WP\nHG-304-XJ\nGM-143-ZP\nGE-219-LR\nGE-589-XS\nT\u00e9l : 04 94 18 83 83\nM\u00e9l : pref-funeraires@var.gouv.fr\nBd du 112\u00e8me R\u00e9giment d'Infanterie\nCS 31 209 - 83070 TOULON CEDEX\nPr\u00e9fecture du VAR - 83-2026-03-11-00008 - ARR\u00caT\u00c9 PR\u00c9FECTORAL n\u00b0 DCL/BERG/2026/0076 du 11 mars 2026 portant renouvellement\nde l'habilitation de l'\u00e9tablissement\n\u00ab\u00a0POMPES FUN\u00c8BRES PASCAL LECLERC\u00a0\u00bb, 366 rue Sainte Claire Deville - 83100 TOULON\ng\u00e9r\u00e9 par la SAS \u00ab\u00a0FUNECAP SUD-EST\u00a0\u00bb\nHabilitation N\u00b0 26-83-0222\n37\nPr\u00e9fecture du VAR\n83-2026-03-11-00009\nARR\u00caT\u00c9 PR\u00c9FECTORAL n\u00b0 DCL/BERG/2026/0082\ndu 11 mars 2026 portant renouvellement de\nl'habilitation de l'\u00e9tablissement\n\u00ab\u00a0MISTRE\u00a0\u00bb, 142 chemin Clos du Haut - 83190\nOLLIOULES g\u00e9r\u00e9 par la SAS \u00ab\u00a0FUNECAP\nSUD-EST\u00a0\u00bb Habilitation N\u00b0 26-83-0141\nPr\u00e9fecture du VAR - 83-2026-03-11-00009 - ARR\u00caT\u00c9 PR\u00c9FECTORAL n\u00b0 DCL/BERG/2026/0082 du 11 mars 2026 portant renouvellement\nde l'habilitation de l'\u00e9tablissement\n\u00ab\u00a0MISTRE\u00a0\u00bb, 142 chemin Clos du Haut - 83190 OLLIOULES g\u00e9r\u00e9 par la SAS \u00ab\u00a0FUNECAP SUD-EST\u00a0\u00bb Habilitation N\u00b0 26-83-0141\n38\n=mPREFETDU VARLibert\u00e9Egalit\u00e9Fraternit\u00e9\nDirection de la citoyennet\u00e9 et de la l\u00e9galit\u00e9\nBureau des \u00e9lections et de la r\u00e9glementation g\u00e9n\u00e9rale\nARR\u00caT\u00c9 PR\u00c9FECTORAL n\u00b0 DCL/BERG/2026/0082 du 11 mars 2026\nportant renouvellement de l'habilitation de l'\u00e9tablissement\n\u00ab MISTRE \u00bb, 142 chemin Clos du Haut \u2013 83190 OLLIOULES\ng\u00e9r\u00e9 par la SAS \u00ab FUNECAP SUD-EST \u00bb\nHabilitation N\u00b0 26-83-0141\nLe Pr\u00e9fet du Var,\nVu le code g\u00e9n\u00e9ral des collectivit\u00e9s territoriales  et notamment ses articles L2223-19, L2223-23 et \nsuivants ;\nVu la loi n\u00b0 2008-1350 du 19 d\u00e9cembre 2008 relative \u00e0 la l\u00e9gislation fun\u00e9raire ;\nVu le d\u00e9cret du Pr\u00e9sident de la R\u00e9publique du 15 mai 2025, portant nomination de Monsieur  \nSimon BABRE, pr\u00e9fet du Var ;\nVu l'arr\u00eat\u00e9 pr\u00e9fectoral n\u00b0 2025/12/MCI du 2 juin 2025 portant d\u00e9l\u00e9gation de signature \u00e0 Monsieur  \nLucien GIUDICELLI, secr\u00e9taire g\u00e9n\u00e9ral de la pr\u00e9fecture du Var, sous-pr\u00e9fet de l'arrondissement de  \nToulon ;\nVu l'arr\u00eat\u00e9 pr\u00e9fectoral n\u00b0 2026/10 /MCI du 02 f\u00e9vrier 2026 portant d\u00e9l\u00e9gation de signature \u00e0  \nMadame Isabelle CATH\u00c9RINEAU, directrice de la citoyennet\u00e9 et de la l\u00e9galit\u00e9 de la pr\u00e9fecture \ndu Var ;\nVu  l'arr\u00eat\u00e9  pr\u00e9fectoral  n\u00b0  DCL/BERG/2020/33  du  16  janvier  2020,  portant  renouvellement  \nd'habilitation  dans  le  domaine  fun\u00e9raire  de  l'\u00e9tablissement  secondaire  \u00ab POMPES FUNEBRES  \nMISTRE - DURBANO  - CHAMBRE FUN\u00c9RAIRE D'OLLIOULES \u00bb  sis 142 chemin Clos du Haut \u00e0  \nOllioules (83190) jusqu'au 19 mars 2026 inclus ;\nVu le rapport de v\u00e9rification de la chambre fun\u00e9raire \u00e9tablie le 23 f\u00e9vrier 2026 par l'organisme \nagr\u00e9\u00e9 \u00ab BUREAU VERITAS \u00bb ;\nVu  la  demande  du  19  janvier  2026  de  renouvellement  d'habilitation  de  l'\u00e9tablissement \n\u00ab MISTRE \u00bb,  situ\u00e9  142  chemin  du  Clos  du  Haut  \u00e0  Ollioules  (83190) ,  formul\u00e9e  par  Monsieur \nGr\u00e9gory LECOUTEUX, directeur ex\u00e9cutif p\u00f4le PACA OUEST de la SAS \u00ab FUNECAP SUD-EST \u00bb \ndont le si\u00e8ge social est situ\u00e9 rue du Souvenir Fran\u00e7ais, quartier Saint-Roch \u00e0 Cuers (83390) ;\nConsid\u00e9rant la compl\u00e9tude du dossier ;\nSur proposition du secr\u00e9taire g\u00e9n\u00e9ral de la pr\u00e9fecture ;\nARR\u00caTE\nArticle 1 : L'\u00e9tablissement \u00ab MISTRE \u00bb, situ\u00e9 142 chemin du Clos Haut  \u00e0 Ollioules (83190) , g\u00e9r\u00e9 par \nla SAS \u00ab FUNECAP SUD-EST \u00bb dont le si\u00e8ge est situ\u00e9 rue du Souvenir Fran\u00e7ais, quartier Saint-Roch  \n\u00e0 Cuers (83390), repr\u00e9sent\u00e9 par son directeur ex\u00e9cutif \u2013 p\u00f4le PACA OUEST, Monsieur Gr\u00e9gory  \nLECOUTEUX, est habilit\u00e9 pour exercer les activit\u00e9s suivantes :\n1/2\nPr\u00e9fecture du VAR - 83-2026-03-11-00009 - ARR\u00caT\u00c9 PR\u00c9FECTORAL n\u00b0 DCL/BERG/2026/0082 du 11 mars 2026 portant renouvellement\nde l'habilitation de l'\u00e9tablissement\n\u00ab\u00a0MISTRE\u00a0\u00bb, 142 chemin Clos du Haut - 83190 OLLIOULES g\u00e9r\u00e9 par la SAS \u00ab\u00a0FUNECAP SUD-EST\u00a0\u00bb Habilitation N\u00b0 26-83-0141\n39\n1 - Transport de corps avant et apr\u00e8s mise en bi\u00e8re,\n2 - Organisation des obs\u00e8ques,\n3 - Soins de con servation, en sous-traitance avec l'\u00e9tablissement \u00ab  THANATHOPRAXIE SUD \u00bb, sis \nZI LIZAC Camps Grand \u2013 82202 Lizac, habilit\u00e9 sous le num\u00e9ro 22-82-124,\n4 - Fourniture  des  housses,  cercueils  et  accessoires  int\u00e9rieur  et  ext\u00e9rieur  ainsi  que  des  urnes\ncin\u00e9raires,\n6 \u2013 Gestion et utilisation chambre fun\u00e9raire,\n7 - Fourniture des corbillards et voitures de deuil, list\u00e9s en annexe du pr\u00e9sent arr\u00eat\u00e9,\n8 - Fourniture de personnel et des objets et prestations n\u00e9cessaires aux obs\u00e8ques, inhumations,  \nexhumations et cr\u00e9mations.\nArticle 2     : L'habilitation porte le num\u00e9ro 26-83-0141\nArticle 3     : La pr\u00e9sente habilitation est accord\u00e9e pour une dur\u00e9e de cinq ans \u00e0 compter du 20 mars \n2026, et jusqu'au 19 mars 2031 inclus.\nPour solliciter le renouvellement de la pr\u00e9sente habilitation, le b\u00e9n\u00e9ficiaire devra faire parvenir sa  \ndemande en pr\u00e9fecture au plus tard deux mois avant sa date de fin de validit\u00e9.\nArticle 4     : Conform\u00e9ment aux articles L.2223-25, R.2223-64 et R.2223-87 du code g\u00e9n\u00e9ral des  \ncollectivit\u00e9s territoriales, et \u00e0 d\u00e9faut de la production, dans les meilleurs d\u00e9lais, des justificatifs de  \nconformit\u00e9 des \u00e9quipements, la pr\u00e9sente habilitation pourra \u00eatre suspendue pour une dur\u00e9e  \nmaximale d'un an ou retir\u00e9e, apr\u00e8s mise en demeure, pour les motifs suivants :\n- non-respect des conditions de sa d\u00e9livrance telles qu'elles sont d\u00e9finies par les dispositions du  \ncode g\u00e9n\u00e9ral des collectivit\u00e9s territoriales ;\n- non exercice ou cessation d'exercice des activit\u00e9s au titre desquelles elle a \u00e9t\u00e9 d\u00e9livr\u00e9e ;\n- atteinte \u00e0 l'ordre public ou danger pour la salubrit\u00e9 publique.\nDans les cas o\u00f9 le b\u00e9n\u00e9ficiaire est un d\u00e9l\u00e9gataire, le retrait d'habilitation entra\u00eene la d\u00e9ch\u00e9ance  \ndes d\u00e9l\u00e9gations.\nArticle 5     : Le secr\u00e9taire g\u00e9n\u00e9ral de la pr\u00e9fecture du Var est charg\u00e9 de l'ex\u00e9cution du pr\u00e9sent arr\u00eat\u00e9 \nqui sera publi\u00e9 au recueil des actes administratifs de la pr\u00e9fecture du Var et dont une copie sera  \nadress\u00e9e au maire de la commune d'Ollioules pour information.\nFait \u00e0 Toulon, le 11 mars 2026\nPour le Pr\u00e9fet et par d\u00e9l\u00e9gation,\nLa Directrice,\nSign\u00e9\nIsabelle CATH\u00c9RINEAU\nDans un d\u00e9lai de deux mois \u00e0 compter de la date de la notification ou de la publication du pr\u00e9sent arr\u00eat\u00e9 au recueil des actes administratifs de la \npr\u00e9fecture, les recours suivants peuvent \u00eatre introduits conform\u00e9ment aux dispositions des articles R. 421-1 et suivants du code de justice \nadministrative :\n- un recours gracieux, adress\u00e9 \u00e0 :\nM. le Pr\u00e9fet du Var - Boulevard du 112\u00e8me r\u00e9giment d'infanterie - CS 31209 - 83070 TOULON CEDEX\n- un recours hi\u00e9rarchique, adress\u00e9 au(x) ministre(s) concern\u00e9(s) ;\nDans ces deux cas, le silence de l'Administration vaut rejet implicite au terme d'un d\u00e9lai de deux mois.\nApr\u00e8s un recours gracieux ou hi\u00e9rarchique, le d\u00e9lai du recours contentieux ne court qu'\u00e0 compter du rejet explicite ou implicite de l'un de ces \nrecours.\n- un recours contentieux, en saisissant le Tribunal Administratif de Toulon : 5 rue Racine -BP 40510 - 83 041 TOULON CEDEX 9\nLe tribunal administratif peut \u00eatre saisi par l'application informatique \u00ab T\u00e9l\u00e9cours \u00bb accessible par le site internet www.telecours.fr.\n2/2\nPr\u00e9fecture du VAR - 83-2026-03-11-00009 - ARR\u00caT\u00c9 PR\u00c9FECTORAL n\u00b0 DCL/BERG/2026/0082 du 11 mars 2026 portant renouvellement\nde l'habilitation de l'\u00e9tablissement\n\u00ab\u00a0MISTRE\u00a0\u00bb, 142 chemin Clos du Haut - 83190 OLLIOULES g\u00e9r\u00e9 par la SAS \u00ab\u00a0FUNECAP SUD-EST\u00a0\u00bb Habilitation N\u00b0 26-83-0141\n40\n| =PREFETDU VARLibert\u00e9Egalit\u00e9Fraternit\u00e9\nDirection de la citoyennet\u00e9 et de la l\u00e9galit\u00e9\nBureau des \u00e9lections et de la r\u00e9glementation g\u00e9n\u00e9rale\nAnnexe \u00e0 l'arr\u00eat\u00e9 n\u00b0DCL/BERG/2026/0082 du 11 mars 2026\nHabilitation N\u00b026-83-0141\nIdentification des v\u00e9hicules intervenant pour l'\u00e9tablissement :\nMISTRE\ng\u00e9r\u00e9 par la SAS FUNECAP SUD-EST\nSis 142 chemin du Clos du Haut - 83190 Ollioules\nTransport de corps avant et apr\u00e8s mise en bi\u00e8re\nGV-389-BZ\nDY-716-KB\nEH-017-SN\nEH-236-SN\nEH-457-SM\nEH-616-SM\nEH-880-SM\nES-656-PE\nGL-005-XK\nGY-833-JL\nHG-451-WP\nHG-304-XJ\nGM-143-ZP\nGE-219-LR\nGE-589-XS\nT\u00e9l : 04 94 18 83 83\nM\u00e9l : pref-funeraires@var.gouv.fr\nBd du 112\u00e8me R\u00e9giment d'Infanterie\nCS 31 209 - 83070 TOULON CEDEX\nPr\u00e9fecture du VAR - 83-2026-03-11-00009 - ARR\u00caT\u00c9 PR\u00c9FECTORAL n\u00b0 DCL/BERG/2026/0082 du 11 mars 2026 portant renouvellement\nde l'habilitation de l'\u00e9tablissement\n\u00ab\u00a0MISTRE\u00a0\u00bb, 142 chemin Clos du Haut - 83190 OLLIOULES g\u00e9r\u00e9 par la SAS \u00ab\u00a0FUNECAP SUD-EST\u00a0\u00bb Habilitation N\u00b0 26-83-0141\n41\nPr\u00e9fecture du VAR\n83-2026-03-11-00016\nARR\u00caT\u00c9 PR\u00c9FECTORAL n\u00b0 DCL/BERG/2026/0084\ndu 11 mars 2026 portant renouvellement de\nl'habilitation de l'\u00e9tablissement \n\u00ab\u00a0POMPES FUN\u00c8BRES DE FRANCE\u00a0\u00bb\n27 square Gueirard - 83500 LA SEYNE-SUR-MER\ng\u00e9r\u00e9 par la SARL \u00ab\u00a0FRANCE FUN\u00c9RAIRE POMPES\nFUN\u00c8BRES\u00a0\u00bb Habilitation N\u00b0 26-83-0117\nPr\u00e9fecture du VAR - 83-2026-03-11-00016 - ARR\u00caT\u00c9 PR\u00c9FECTORAL n\u00b0 DCL/BERG/2026/0084 du 11 mars 2026 portant renouvellement de\nl'habilitation de l'\u00e9tablissement \n\u00ab\u00a0POMPES FUN\u00c8BRES DE FRANCE\u00a0\u00bb\n27 square Gueirard - 83500 LA SEYNE-SUR-MER\ng\u00e9r\u00e9 par la SARL \u00ab\u00a0FRANCE FUN\u00c9RAIRE POMPES FUN\u00c8BRES\u00a0\u00bb Habilitation N\u00b0 26-83-0117\n42\n=mPREFETDU VARLibert\u00e9Egalit\u00e9Fraternit\u00e9\nDirection de la citoyennet\u00e9 et de la l\u00e9galit\u00e9\nBureau des \u00e9lections et de la r\u00e9glementation g\u00e9n\u00e9rale\nARR\u00caT\u00c9 PR\u00c9FECTORAL n\u00b0 DCL/BERG/2026/0084 du 11 mars 2026\nportant renouvellement de l'habilitation de l'\u00e9tablissement \n\u00ab POMPES FUN\u00c8BRES DE FRANCE \u00bb\n27 square Gueirard \u2013 83500 LA SEYNE-SUR-MER\ng\u00e9r\u00e9 par la SARL \u00ab FRANCE FUN\u00c9RAIRE POMPES FUN\u00c8BRES \u00bb\nHabilitation N\u00b0 26-83-0117\nLe Pr\u00e9fet du Var,\nVu le code g\u00e9n\u00e9ral des collectivit\u00e9s territoriales  et notamment ses articles L2223-19, L2223-23 \net suivants ;\nVu la loi n\u00b0 2008-1350 du 19 d\u00e9cembre 2008 relative \u00e0 la l\u00e9gislation fun\u00e9raire ;\nVu le d\u00e9cret du Pr\u00e9sident de la R\u00e9publique du 15 mai 2025, portant nomination de Monsieur  \nSimon BABRE, pr\u00e9fet du Var ;\nVu  l'arr\u00eat\u00e9  pr\u00e9fectoral  n\u00b0 2025/12/MCI  du  2  juin  2025  portant  d\u00e9l\u00e9gation  de  signature  \u00e0  \nMonsieur  Lucien  GIUDICELLI,  secr\u00e9taire  g\u00e9n\u00e9ral  de  la  pr\u00e9fecture  du  Var,  sous-pr\u00e9fet  de  \nl'arrondissement de Toulon ;\nVu l'arr\u00eat\u00e9 pr\u00e9fectoral n\u00b0 2026/10/MCI du 02 f\u00e9vrier 2026 portant d\u00e9l\u00e9gation de signature \u00e0  \nMadame Isabelle CATH\u00c9RINEAU, directrice de la citoyennet\u00e9 et de la l\u00e9galit\u00e9 de la pr\u00e9fecture \ndu Var ;\nVu l'arr\u00eat\u00e9 pr\u00e9fectoral n\u00b0  DCL/BERG/2020/86 du 03 mars 2020, portant habilitation dans le  \ndomaine fun\u00e9raire de l'\u00e9tablissement secondaire  \u00ab POMPES FUN\u00c8BRES DE FRANCE \u00bb  sis 27 \nsquare Gueirard \u00e0 La Seyne-sur-Mer (83500), jusqu'au 29 mars 2026 inclus ;\nVu  la  demande  du  04  f\u00e9vrier  2026  de  renouvellement  d'habilitation  de  l'\u00e9tablissement  \n\u00ab POMPES  FUN\u00c8BRES  DE  FRANCE  \u00bb  sis  27  square  Gueirard  \u00e0  la  Seyne-sur-Mer  (83500),  \nformul\u00e9e par Monsieur Fr\u00e9d\u00e9ric DELESSE, g\u00e9rant de la SARL \u00e0 associ\u00e9 unique, \u00ab  FRANCE \nFUN\u00c9RAIRE POMPES FUN\u00c8BRES  \u00bb, dont le si\u00e8ge social est situ\u00e9 309 Chemin Gabriel Ventre \u00e0  \nLa Valette-du-Var (83160) ;\nConsid\u00e9rant la compl\u00e9tude du dossier ;\nSur proposition du secr\u00e9taire g\u00e9n\u00e9ral de la pr\u00e9fecture ;\nARR\u00caTE\nArticle 1  :  L'\u00e9tablissement  \u00ab POMPES FUN\u00c8BRES DE FRANCE \u00bb  sis 27 square Gueirard \u00e0 la  \nSeyne-sur-Mer (83500), g\u00e9r\u00e9e par la SARL \u00e0 associ\u00e9 unique  \u00ab FRANCE FUN\u00c9RAIRE POMPES  \nFUN\u00c8BRES \u00bb, dont le si\u00e8ge est situ\u00e9 309 chemin Gabriel Ventre \u00e0 La Valette-du-Var (83160),  \nrepr\u00e9sent\u00e9 par son g\u00e9rant, Monsieur Fr\u00e9d\u00e9ric DELESSE, est habilit\u00e9 pour exercer les activit\u00e9s  \nsuivantes :\n1/2\nPr\u00e9fecture du VAR - 83-2026-03-11-00016 - ARR\u00caT\u00c9 PR\u00c9FECTORAL n\u00b0 DCL/BERG/2026/0084 du 11 mars 2026 portant renouvellement de\nl'habilitation de l'\u00e9tablissement \n\u00ab\u00a0POMPES FUN\u00c8BRES DE FRANCE\u00a0\u00bb\n27 square Gueirard - 83500 LA SEYNE-SUR-MER\ng\u00e9r\u00e9 par la SARL \u00ab\u00a0FRANCE FUN\u00c9RAIRE POMPES FUN\u00c8BRES\u00a0\u00bb Habilitation N\u00b0 26-83-0117\n43\n1 - Transport de corps avant et apr\u00e8s mise en bi\u00e8re,\n2 - Organisation des obs\u00e8ques,\n3 - Soins de con servation, en sous-traitance avec la soci\u00e9t\u00e9 \u00ab  OL\u00c9A SERVICES FUN\u00c9RAIRES  \u00bb, \nsise  525  Chemin  de  la  Farl\u00e8de,  ZA  Les  Playes  \u00e0  La  Seyne-sur-Mer  (83500),  habilit\u00e9e  sous \nle num\u00e9ro 22-83-0097 ,\n4 - Fourniture des housses, cercueils et accessoires int\u00e9rieur et ext\u00e9rieur ainsi que des urnes\ncin\u00e9raires,\n7 - Fourniture des corbillards et voitures de deuil, list\u00e9s en annexe du pr\u00e9sent arr\u00eat\u00e9,\n8 - Fourniture  de  personnels  et  des  objets  et  prestations  n\u00e9cessaires  aux  obs\u00e8ques,  \ninhumations, exhumations et cr\u00e9mations.\nArticle 2     : L'habilitation porte le num\u00e9ro 26-83-0117 .\nArticle  3     :  La  pr\u00e9sente  habilitation  est  accord\u00e9e  pour  une  dur\u00e9e  de  cinq  ans  \u00e0  compter \ndu 30 mars 2026, et jusqu'au 29 mars 2031 inclus.\nPour  solliciter  le  renouvellement  de  la  pr\u00e9sente  habilitation,  le  b\u00e9n\u00e9ficiaire  devra  faire  \nparvenir sa demande en pr\u00e9fecture au plus tard deux mois avant sa date de fin de validit\u00e9.\nArticle  4     :  Conform\u00e9ment  aux  articles  L.2223-25  et  R.2223-64  du  code  g\u00e9n\u00e9ral  des  \ncollectivit\u00e9s  territoriales,  et  \u00e0  d\u00e9faut  de  la  production,  dans  les  meilleurs  d\u00e9lais,  des  \njustificatifs de conformit\u00e9 des \u00e9quipements, la pr\u00e9sente habilitation pourra \u00eatre suspendue  \npour une dur\u00e9e maximale d'un an ou retir\u00e9e, apr\u00e8s mise en demeure, pour les motifs suivants :\n- non-respect des conditions de sa d\u00e9livrance telles qu'elles sont d\u00e9finies par les dispositions  \ndu code g\u00e9n\u00e9ral des collectivit\u00e9s territoriales ;\n- non exercice ou cessation d'exercice des activit\u00e9s au titre desquelles elle a \u00e9t\u00e9 d\u00e9livr\u00e9e ;\n- atteinte \u00e0 l'ordre public ou danger pour la salubrit\u00e9 publique.\nDans  les  cas  o\u00f9  le  b\u00e9n\u00e9ficiaire  est  un  d\u00e9l\u00e9gataire,  le  retrait  d'habilitation  entra\u00eene  la  \nd\u00e9ch\u00e9ance des d\u00e9l\u00e9gations.\nArticle 5     : Le secr\u00e9taire g\u00e9n\u00e9ral de la pr\u00e9fecture du Var est charg\u00e9 de l'ex\u00e9cution du pr\u00e9sent  \narr\u00eat\u00e9 qui sera publi\u00e9 au recueil des actes administratifs de la pr\u00e9fecture du Var et dont une  \ncopie sera adress\u00e9e au maire de la commune de La Seyne-sur-Mer pour information.\nFait \u00e0 Toulon, le 11 mars 2026\nPour le Pr\u00e9fet et par d\u00e9l\u00e9gation,\nLa Directrice,\nSign\u00e9\nIsabelle CATH\u00c9RINEAU\nDans un d\u00e9lai de deux mois \u00e0 compter de la date de la notification ou de la publication du pr\u00e9sent arr\u00eat\u00e9 au recueil des actes administratifs de la \npr\u00e9fecture, les recours suivants peuvent \u00eatre introduits conform\u00e9ment aux dispositions des articles R. 421-1 et suivants du code de justice \nadministrative :\n- un recours gracieux, adress\u00e9 \u00e0 :\nM. le Pr\u00e9fet du Var - Boulevard du 112\u00e8me r\u00e9giment d'infanterie - CS 31209 - 83070 TOULON CEDEX\n- un recours hi\u00e9rarchique, adress\u00e9 au(x) ministre(s) concern\u00e9(s) ;\nDans ces deux cas, le silence de l'Administration vaut rejet implicite au terme d'un d\u00e9lai de deux mois.\nApr\u00e8s un recours gracieux ou hi\u00e9rarchique, le d\u00e9lai du recours contentieux ne court qu'\u00e0 compter du rejet explicite ou implicite de l'un de ces \nrecours.\n- un recours contentieux, en saisissant le Tribunal Administratif de Toulon : 5 rue Racine -BP 40510 - 83 041 TOULON CEDEX 9\nLe tribunal administratif peut \u00eatre saisi par l'application informatique \u00ab T\u00e9l\u00e9cours \u00bb accessible par le site internet www.telecours.fr.\n2/2\nPr\u00e9fecture du VAR - 83-2026-03-11-00016 - ARR\u00caT\u00c9 PR\u00c9FECTORAL n\u00b0 DCL/BERG/2026/0084 du 11 mars 2026 portant renouvellement de\nl'habilitation de l'\u00e9tablissement \n\u00ab\u00a0POMPES FUN\u00c8BRES DE FRANCE\u00a0\u00bb\n27 square Gueirard - 83500 LA SEYNE-SUR-MER\ng\u00e9r\u00e9 par la SARL \u00ab\u00a0FRANCE FUN\u00c9RAIRE POMPES FUN\u00c8BRES\u00a0\u00bb Habilitation N\u00b0 26-83-0117\n44","date":"2026-03-12","first_seen_on":"2026-03-12T15:52:14+00:00","id":"504a48325676ed1d2ffabb3762a4bde73d2681f3656493148164d4c7980b155c","name":"RAA N\u00b090 du 12 mars 2026","pdf_creation_date":"2026-03-12T14:58:05+00:00","pdf_modification_date":null,"timezone":"Europe/Paris","url":"https://www.var.gouv.fr/contenu/telechargement/45455/296314/file/RAA%20N%C2%B090%20du%2012%20mars%202026.pdf"}
