{"administration":"pref21","administration_name":"Pr\u00e9fecture de C\u00f4te-d\u2019Or","content":"PR\u00c9FET\nDE LA C\u00d4TE-D'OR\nRECUEIL DES ACTES\nADMINISTRATIFS SP\u00c9CIAL\nN\u00b021-2025-031\nPUBLI\u00c9 LE 24 F\u00c9VRIER 2025\nSommaire\nDirection d\u00e9partementale de l'emploi, du travail et des solidarit\u00e9s de\nC\u00f4te-d'Or /\n21-2025-02-17-00005 - R\u00e9c\u00e9piss\u00e9 d\u00e9claration modificative SAP\nn\u00b0938320991 STELLA DIJON  (3 pages) Page 3\n21-2025-02-17-00004 - R\u00e9c\u00e9piss\u00e9 d\u00e9claration SAP n\u00b0931077093\nHILS Axel (2 pages) Page 7\nDirection d\u00e9partementale des territoires de la C\u00f4te-d'Or / Service\nPr\u00e9servation et Am\u00e9nagement de l'Espace (SPAE)\n21-2025-02-21-00006 - Commission d\u00e9partementale de la chasse et de la\nfaune sauvage\nFormation sp\u00e9cialis\u00e9e pour l'indemnisation des\nd\u00e9g\u00e2ts de gibier\naux cultures et r\u00e9coltes agricoles\nd\u00e9partement\nde la C\u00f4te-d'Or\nRelev\u00e9 de d\u00e9cisions suite \u00e0 la consultation\n\u00e9crite du 6 au 18 f\u00e9vrier 2025\nFixation du bar\u00e8me d\u00e9partemental\n\u00ab remise en \u00e9tat des prairies et ressemis\ndes principales cultures \u00bb\npour 2025 (2 pages) Page 10\n2\nDirection d\u00e9partementale de l'emploi, du travail\net des solidarit\u00e9s de C\u00f4te-d'Or\n21-2025-02-17-00005\nR\u00e9c\u00e9piss\u00e9 d\u00e9claration modificative SAP\nn\u00b0938320991 STELLA DIJON \nDirection d\u00e9partementale de l'emploi, du travail et des solidarit\u00e9s de C\u00f4te-d'Or - 21-2025-02-17-00005 - R\u00e9c\u00e9piss\u00e9 d\u00e9claration\nmodificative SAP n\u00b0938320991 STELLA DIJON 3\nPREFETDE LACOTE-D'ORLibert\u00e9\u00c9xgalit\u00e9Fraternit\u00e9\nDirection D\u00e9partementale de l'Emploi, \ndu Travail et des Solidarit\u00e9s - DDETS \n \nDDETS 21, 21 Bd Voltaire, BP 81110 - 21011 DIJON Cedex \nT\u00e9l. : 03 80 45 75 45 (Accueil) \nwww.cote-dor.gouv.fr \nAffaire suivie par Sophie LACROIX                          Dijon, le 17/02/2025 \nP\u00f4le Emploi-Coh\u00e9sion Territoriale, \nT\u00e9l. : 03 80 45 75 07 // 06 84 89 20 33 \nCourriel : sophie.lacroix@cote-dor.gouv.fr \nSTELLA DIJON  \n33 rue du Faubourg Raines \n21000 DIJON \n \n \n \nRECEPISSE DE DECLARATION \nd'un Organisme de Services \u00e0 la Personne \nEnregistr\u00e9 sous le n\u00b0 SAP/ 938320991 \n \n \n \nLe Pr\u00e9fet de la C\u00f4te-d'Or, et par subd\u00e9l\u00e9gation de la Directrice D\u00e9partementale de la DDETS, la \nCheffe du P\u00f4le Emploi et Coh\u00e9sion Territoriale/la Responsable de l'Unit\u00e9 Formation, Emploi, Insertion \n \n \n \nVU la loi n\u00b0 2015-1776 du 28 d\u00e9cembre 2015 relative \u00e0 l'adaptation de la soci\u00e9t\u00e9 au vieillissement, \n \nVU le d\u00e9cret n\u00b0 2016-750 du 6 juin 2016 relatif \u00e0 la liste des activit\u00e9s de services \u00e0 la personne soumises \n\u00e0 agr\u00e9ment ou \u00e0 autorisation dans le cadre du r\u00e9gime commun de la d\u00e9claration, \n \nVU le code du travail et notamment les articles L 7231-1 \u00e0 L 7233-2, R 7232-16 \u00e0 R 7232-22, D7231-1 \net D 7233-1 \u00e0 D 7233-5. \n \n \nConstate \n \nQu'une d\u00e9claration d'activit\u00e9s de services \u00e0 la personne a \u00e9t\u00e9 accord\u00e9e par la DDETS de C\u00f4te d'Or, le \n16 janvier 2025, \u00e0 la soci\u00e9t\u00e9 SAS \"STELLA DIJON\", repr\u00e9sent\u00e9e par M. Baptiste CORRE-ALLIOT, dont \nle si\u00e8ge social est situ\u00e9 33 rue du Faubourg Raines 21000 DIJON et enregistr\u00e9e sous le n\u00b0 \nSAP/938320991. \n \n A la suite de la demande de d\u00e9claration modificative n\u00b0  1909740 du 30 janvier 2024, une nouvelle \nd\u00e9claration modificative s'applique pour les activit\u00e9s suivantes \u00e0 l'exclusion de toute autre : \n \n \n \n \n \n \nDirection d\u00e9partementale de l'emploi, du travail et des solidarit\u00e9s de C\u00f4te-d'Or - 21-2025-02-17-00005 - R\u00e9c\u00e9piss\u00e9 d\u00e9claration\nmodificative SAP n\u00b0938320991 STELLA DIJON 4\nDirection D\u00e9partementale de l'Emploi, \ndu Travail et des Solidarit\u00e9s - DDETS \n \nDDETS 21, 21 Bd Voltaire, BP 81110 - 21011 DIJON Cedex \nT\u00e9l. : 03 80 45 75 45 (Accueil) \nwww.cote-dor.gouv.fr \nPrestations relevant de la seule d\u00e9claration - mode prestataire : \n \n \n1. Entretien de la maison et travaux m\u00e9nagers \n2. Petits travaux de jardinage \n3. Travaux de petit bricolage \n4. Pr\u00e9paration de repas \u00e0 domicile \n5. Livraison de repas \u00e0 domicile \n6. Collecte et livraison \u00e0 domicile de linge repass\u00e9 \n7. Livraison de courses \u00e0 domicile \n8. Maintenance, entretien et vigilance temporaires \u00e0 domicile \n9. Assistance informatique \u00e0 domicile \n10. Assistance administrative \u00e0 domicile \n11. T\u00e9l\u00e9-assistance et visio-assistance \n12. Soins d'esth\u00e9tique \u00e0 domicile pour personnes d\u00e9pendantes \n13. Soins et promenade(s) d'animaux pour personnes d\u00e9pendantes \n14. Conduite du v\u00e9hicule des personnes en cas d'invalidit\u00e9 temporaire \n15. Accompagnement des personnes pr\u00e9sentant une invalidit\u00e9 temporaire \n16. Assistance aux personnes ayant besoin d'une aide temporaire \u00e0 leur domicile \n17. Coordination et d\u00e9livrance des SAP. \n \nPrestations relevant de l'agr\u00e9ment en mode mandataire pour le d\u00e9partement de la C\u00f4te d'Or (21) \n: \n- Assistance dans les actes quotidiens de la vie ou aide \u00e0 l'insertion sociale aux personnes \u00e2g\u00e9es et \naux personnes handicap\u00e9es ou atteintes de pathologies chroniques qui ont besoin de telles prestations \n\u00e0 domicile, \u00e0 l'exclusion d'actes de soins relevant d'actes m\u00e9dicaux ; \n - Accompagnement des personnes \u00e2g\u00e9es, des personnes handicap\u00e9es ou atteintes de pathologies \nchroniques, dans leurs d\u00e9placements en dehors de leur domicile (promenades, aide \u00e0 la mobilit\u00e9 et au \ntransport, actes de la vie courante) \u00e0 la condition que la prestation soit comprise dans une offre globale \nde services incluant une activit\u00e9 effectu\u00e9e \u00e0 domicile ; \n- Prestation de conduite du v\u00e9hicule personnel des personnes \u00e2g\u00e9es, des personnes handicap\u00e9es ou \natteintes de pathologies chroniques du domicile au travail, sur le lieu de vacances, pour les d\u00e9marches \nadministratives ; \nToute modification concernant les activit\u00e9s exerc\u00e9es devra faire l'objet d'une d\u00e9cla ration modificative \npr\u00e9alable. \n \nDirection d\u00e9partementale de l'emploi, du travail et des solidarit\u00e9s de C\u00f4te-d'Or - 21-2025-02-17-00005 - R\u00e9c\u00e9piss\u00e9 d\u00e9claration\nmodificative SAP n\u00b0938320991 STELLA DIJON 5\nDirection D\u00e9partementale de l'Emploi, \ndu Travail et des Solidarit\u00e9s - DDETS \n \nDDETS 21, 21 Bd Voltaire, BP 81110 - 21011 DIJON Cedex \nT\u00e9l. : 03 80 45 75 45 (Accueil) \nwww.cote-dor.gouv.fr \n \nSous r\u00e9serve d'\u00eatre exerc\u00e9e \u00e0 titre exclusif ou de tenir une comptabilit\u00e9 s\u00e9par\u00e9e pour les organismes \npouvant d\u00e9roger \u00e0 la condition d'activit\u00e9 exclusive (art L 7232-1-2 Code travail), cette activit\u00e9 ouvre droit \nau b\u00e9n\u00e9fice des dispositions des articles L. 7233-2 du code du travail et L. 241-10 du code de la s\u00e9curit\u00e9 \nsociale dans les conditions pr\u00e9vues par ces articles. \nL'enregistrement de la d\u00e9claration peut \u00eatre retir\u00e9 dans les conditions fix\u00e9es aux articles R.7232 -20 \u00e0 \nR.7232-22 du code du travail. \nLe pr\u00e9sent r\u00e9c\u00e9piss\u00e9 n'est pas limit\u00e9 dans le temps et sera publi\u00e9 au recueil des actes administratifs de \nla pr\u00e9fecture de la C\u00f4te d'Or. \n \nPour le Pr\u00e9fet de C\u00f4te d'Or, \nEt par subd\u00e9l\u00e9gation de \nla Directrice D\u00e9partementale emp\u00each\u00e9e,   \nLa Responsable de l'Unit\u00e9, Formation, Emploi et Insertion, \nSIGNE \nMarie BEGRAND \nDirection d\u00e9partementale de l'emploi, du travail et des solidarit\u00e9s de C\u00f4te-d'Or - 21-2025-02-17-00005 - R\u00e9c\u00e9piss\u00e9 d\u00e9claration\nmodificative SAP n\u00b0938320991 STELLA DIJON 6\nDirection d\u00e9partementale de l'emploi, du travail\net des solidarit\u00e9s de C\u00f4te-d'Or\n21-2025-02-17-00004\nR\u00e9c\u00e9piss\u00e9 d\u00e9claration SAP n\u00b0931077093 HILS\nAxel\nDirection d\u00e9partementale de l'emploi, du travail et des solidarit\u00e9s de C\u00f4te-d'Or - 21-2025-02-17-00004 - R\u00e9c\u00e9piss\u00e9 d\u00e9claration SAP\nn\u00b0931077093 HILS Axel 7\nPREFETDE LACOTE-D'ORLibert\u00e9\u00c9galit\u00e9Fraternit\u00e9\nDirection D\u00e9partementale de l'Emploi, \ndu Travail et des Solidarit\u00e9s - DDETS \nDDETS 21, 21 Bd Voltaire, BP 81110 - 21011 DIJON Cedex \nT\u00e9l. : 03 80 45 75 45 (Accueil) \nwww.cote-dor.gouv.fr \nAffaire suivie par Sophie LACROIX                          Dijon, le 17/02/2025 \nP\u00f4le Emploi-Coh\u00e9sion Territoriale, \nT\u00e9l : 03 80 45 75 07 // 06 84 89 20 33 \nCourriel : sophie.lacroix@cote-dor.gouv.fr \nM. HILS Axel \n31 rue de la chapelle Saint Louis \n21000 DIJON \n \n \n \nRECEPISSE DE DECLARATION \nd'un Organisme de Services \u00e0 la Personne \nEnregistr\u00e9 sous le n\u00b0 SAP/931077093 \n \n \nLe Pr\u00e9fet de la C\u00f4te-d'Or, et par subd\u00e9l\u00e9gation de la Directrice D\u00e9partementale de la DDETS, la \nCheffe du P\u00f4le Emploi et Coh\u00e9sion Territoriale/la Responsable de l'Unit\u00e9 Formation, Emploi, Insertion \n \n \n \nVU la loi n\u00b0 2015-1776 du 28 d\u00e9cembre 2015 relative \u00e0 l'adaptation de la soci\u00e9t\u00e9 au vieillissement, \n \nVU le d\u00e9cret n\u00b0 2016-750 du 6 juin 2016 relatif \u00e0 la liste des activit\u00e9s de services \u00e0 la personne soumises \n\u00e0 agr\u00e9ment ou \u00e0 autorisation dans le cadre du r\u00e9gime commun de la d\u00e9claration, \n \nVU le code du travail et notamment les articles L 7231-1 \u00e0 L 7233-2, R 7232-16 \u00e0 R 7232-22, D7231-1 \net D 7233-1 \u00e0 D 7233-5. \n \n \nConstate \n \nQu'une d\u00e9claration d'activit\u00e9s de services \u00e0 la personne a \u00e9t\u00e9 d\u00e9pos\u00e9e sous le n\u00b0 1804740 aupr\u00e8s de \nla DDETS de la C\u00f4te d'Or, le 27 d\u00e9cembre 2024, par M. HILS Axel, dans le cadre de la micro entreprise \n\" HILS Cours \u00e0 domicile  \", repr\u00e9sent\u00e9e par M. HILS Axel, dont le si\u00e8ge social est situ\u00e9 31 rue de la \nchapelle Saint Louis 21000 DIJON et enregistr\u00e9e sous le n\u00b0 SAP/931077093 pour l'activit\u00e9 suivante \u00e0 \nl'exclusion de toute autre :  \n \n1. Soutien scolaire ou cours \u00e0 domicile. \n \nCette activit\u00e9 est exerc\u00e9e en qualit\u00e9 de prestataire. \n \n \nDirection d\u00e9partementale de l'emploi, du travail et des solidarit\u00e9s de C\u00f4te-d'Or - 21-2025-02-17-00004 - R\u00e9c\u00e9piss\u00e9 d\u00e9claration SAP\nn\u00b0931077093 HILS Axel 8\nDDETS 21, 21 Bd Voltaire, BP 81110 - 21011 DIJON Cedex \nT\u00e9l. : 03 80 45 75 45 (Accueil) \nwww.cote-dor.gouv.fr \nL'\u00e9tablissement principal, \u00e9galement si\u00e8ge social, se situe \u00e0 l'adresse ci-dessus et poss\u00e8de le num\u00e9ro \nSIRET suivant, 931 077 093 00033. \nToute modification concernant l'activit\u00e9 exerc\u00e9e devra faire l'objet d'une d\u00e9claration modificative \npr\u00e9alable. \nSous r\u00e9serve d'\u00eatre exerc\u00e9e \u00e0 titre exclusif (ou sous r\u00e9serve d'une comptabilit\u00e9 s\u00e9par\u00e9e pour les \npersonnes morales dispens\u00e9es de cette condition), ces activit\u00e9s ouvrent droit au b\u00e9n\u00e9fice des \ndispositions des articles L. 7233-2 du code du travail et L. 241 -10 du code de la s\u00e9curit\u00e9 sociale dans \nles conditions pr\u00e9vues par ces articles. \nLes effets de la d\u00e9claration courent \u00e0 compter du jour de d\u00e9p\u00f4t de la demande, conform\u00e9ment \u00e0 l'article \nR.7232-18 du code du travail. \nL'enregistrement de la d\u00e9claration peut \u00eatre retir\u00e9 dans les conditions fix\u00e9es aux articles R.7232 -20 \u00e0 \nR.7232-22 du code du travail. \nLe pr\u00e9sent r\u00e9c\u00e9piss\u00e9 n'est pas limit\u00e9 dans le temps et sera publi\u00e9 au recueil des actes administratifs de \nla pr\u00e9fecture de la C\u00f4te d'Or. \n \nPour le Pr\u00e9fet de C\u00f4te d'Or \nEt par subd\u00e9l\u00e9gation de \nla Directrice D\u00e9partementale emp\u00each\u00e9e, \n   \nLa Responsable de l'Unit\u00e9, Formation, Emploi et Insertion, \nSIGNE \nMarie BEGRAND \nDirection d\u00e9partementale de l'emploi, du travail et des solidarit\u00e9s de C\u00f4te-d'Or - 21-2025-02-17-00004 - R\u00e9c\u00e9piss\u00e9 d\u00e9claration SAP\nn\u00b0931077093 HILS Axel 9\nDirection d\u00e9partementale des territoires de la\nC\u00f4te-d'Or\nService Pr\u00e9servation et Am\u00e9nagement de\nl'Espace (SPAE)\n21-2025-02-21-00006\nCommission d\u00e9partementale de la chasse et de\nla faune sauvage\nFormation sp\u00e9cialis\u00e9e pour l'indemnisation des\nd\u00e9g\u00e2ts de gibier\naux cultures et r\u00e9coltes agricoles\nd\u00e9partement de la C\u00f4te-d'Or\nRelev\u00e9 de d\u00e9cisions suite \u00e0 la consultation \u00e9crite\ndu 6 au 18 f\u00e9vrier 2025\nFixation du bar\u00e8me d\u00e9partemental \u00ab remise en\n\u00e9tat des prairies et ressemis\ndes principales cultures \u00bb pour 2025\nDirection d\u00e9partementale des territoires de la C\u00f4te-d'Or - 21-2025-02-21-00006 - Commission d\u00e9partementale de la chasse et de la\nfaune sauvage\nFormation sp\u00e9cialis\u00e9e pour l'indemnisation des d\u00e9g\u00e2ts de gibier\naux cultures et r\u00e9coltes agricoles\nd\u00e9partement de la C\u00f4te-d'Or\nRelev\u00e9 de d\u00e9cisions suite \u00e0 la consultation \u00e9crite du 6 au 18 f\u00e9vrier 2025\nFixation du bar\u00e8me d\u00e9partemental \u00ab remise en \u00e9tat des prairies et ressemis\ndes principales cultures \u00bb pour 2025\n10\nCommission d\u00e9partementale de la chasse et de la faune sauvage\nFormation sp\u00e9cialis\u00e9e pour l'indemnisation des d\u00e9g\u00e2ts de gibier\naux cultures et r\u00e9coltes agricoles\nd\u00e9partement de la C\u00f4te-d'Or\nRelev\u00e9 de d\u00e9cisions suite \u00e0 la consultation \u00e9crite du 6 au 18 f\u00e9vrier 2025\nFixation du bar\u00e8me d\u00e9partemental \u00ab remise en \u00e9tat des prairies et ressemis\ndes principales cultures \u00bb pour 2025\nUne consultation \u00e9crite a \u00e9t\u00e9 organis\u00e9e du 6 au 18 f\u00e9vrier 2025 inclus pour recueillir l'avis des membres de la\ncommission d\u00e9partementale de la chasse et de la faune sauvage, dans sa formation sp\u00e9cialis\u00e9e \u00ab  indemnisation\ndes d\u00e9g\u00e2ts de gibier aux cultures et r\u00e9coltes agricoles  \u00bb afin de fixer le bar\u00e8me d\u00e9partemental \u00ab  remise en \u00e9tat\ndes prairies et ressemis des principales cultures \u00bb pour 2025.\nA  l'issue  de  cette  consultation  \u00e9crite,  Madame  Nadine  MUCKENSTURM,  directrice  d\u00e9partementale  des\nterritoires par int\u00e9rim, repr\u00e9sentant le pr\u00e9fet de la C\u00f4te d'Or, a valid\u00e9 les avis \u00e9mis par les membres de la\nformation sp\u00e9cialis\u00e9e, qui se sont exprim\u00e9s en faveur du prix moyen du bar\u00e8me adopt\u00e9 par la commission\nnationale d'indemnisation le 28 janvier 2025.\nLe bar\u00e8me d\u00e9partemental d'indemnisation est donc fix\u00e9 comme suit pour l'ann\u00e9e 2025 :\nI. Remise en \u00e9tat des prairies\nop\u00e9rations bar\u00e8mes (en \u20ac/ha)\nManuelle  22,81 \u20ac/heure (1)\nHerse (2 passages crois\u00e9s) 96,36\nHerse \u00e0 prairie, \u00e9taupinoir 73,58\nHerse rotative ou alternative (seule) 98,57\nHerse rotative ou alternative + semoir 141,44\nBroyeur \u00e0 marteaux \u00e0 axe horizontal 104,05\nRouleau 40,05\nCharrue 144,98\nRotavator 104,04\nSemoir 73,58\nTraitement 54,26\nSemoir \u00e0 semis direct 84,20\nSemences fourrag\u00e8res 186,58\nDirection d\u00e9partementale des territoires de la C\u00f4te-d'Or - 21-2025-02-21-00006 - Commission d\u00e9partementale de la chasse et de la\nfaune sauvage\nFormation sp\u00e9cialis\u00e9e pour l'indemnisation des d\u00e9g\u00e2ts de gibier\naux cultures et r\u00e9coltes agricoles\nd\u00e9partement de la C\u00f4te-d'Or\nRelev\u00e9 de d\u00e9cisions suite \u00e0 la consultation \u00e9crite du 6 au 18 f\u00e9vrier 2025\nFixation du bar\u00e8me d\u00e9partemental \u00ab remise en \u00e9tat des prairies et ressemis\ndes principales cultures \u00bb pour 2025\n11\n(1) Le temps n\u00e9cessaire \u00e0 la remise en \u00e9tat est fix\u00e9 d'un commun accord entre l'estimateur et le r\u00e9clamant. Il est\nfonction d'\u00e9l\u00e9ments objectifs inh\u00e9rents \u00e0 la parcelle, la dispersion et \u00e0 la taille des trous. Le nombre de trous qui\nest usuellement possible de reboucher par heure est entre 50 et 70.\nSelon l'importance des travaux de remise en \u00e9tat, il peut \u00eatre n\u00e9cessaire de proc\u00e9der au passage de plusieurs\noutils. Dans ce cas le prix global de la remise en \u00e9tat est obtenu en additionnant le prix unitaire de chacun des\noutils.\nLe surco\u00fbt d'acquisition (HT) de m\u00e9lange de semences sp\u00e9cifiques sera pris en compte sous condition de la\nfourniture de factures justificatives de l'achat des semences employ\u00e9es pour la r\u00e9implantation (composition\n\u00e9quivalente \u00e0 la prairie en place).\nII. Ressemis des principales cultures\nop\u00e9rations bar\u00e8mes (en \u20ac/ha)\nHerse rotative ou alternative + semoir 141,44\nSemoir 73,58\nTraitement 54,26\nSemoir \u00e0 semis direct 84,20\nSemence certifi\u00e9e de c\u00e9r\u00e9ales 121,15\nSemence certifi\u00e9e de ma\u00efs 216,37\nSemence certifi\u00e9e de pois 226,12\nSemence certifi\u00e9e de colza 109,23\nSemences fourrag\u00e8res 186,58\nLes modalit\u00e9s de ressemis sont fix\u00e9es d'un commun accord entre l'estimateur et le r\u00e9clamant.\nCe bar\u00e8me est valable pour l'indemnisation des travaux effectu\u00e9s entre le 1er janvier et le 31 d\u00e9cembre 2025.\nLa pr\u00e9sidente de la formation sp\u00e9cialis\u00e9e,\nSign\u00e9 : Nadine MUCKENSTURM\nConform\u00e9ment aux dispositions de l'article R426-8-2 du code de l'environnement, le pr\u00e9sent relev\u00e9 de d\u00e9cision est\npubli\u00e9 au recueil des actes administratifs de la pr\u00e9fecture de la C\u00f4te d'Or.\nDirection d\u00e9partementale des territoires de la C\u00f4te-d'Or - 21-2025-02-21-00006 - Commission d\u00e9partementale de la chasse et de la\nfaune sauvage\nFormation sp\u00e9cialis\u00e9e pour l'indemnisation des d\u00e9g\u00e2ts de gibier\naux cultures et r\u00e9coltes agricoles\nd\u00e9partement de la C\u00f4te-d'Or\nRelev\u00e9 de d\u00e9cisions suite \u00e0 la consultation \u00e9crite du 6 au 18 f\u00e9vrier 2025\nFixation du bar\u00e8me d\u00e9partemental \u00ab remise en \u00e9tat des prairies et ressemis\ndes principales cultures \u00bb pour 2025\n12","date":"2025-02-24","first_seen_on":"2025-09-14T01:02:26+00:00","id":"50a4dbec241248642c7ae8879f99aae6fbf7281b4196dc6e2f0d137625a43f3b","name":"RAA n\u00b0 031 du 24 f\u00e9vrier 2025","pdf_creation_date":"2025-02-24T15:10:59+00:00","pdf_modification_date":null,"timezone":"Europe/Paris","url":"https://www.cote-dor.gouv.fr/contenu/telechargement/22893/174728/file/recueil-21-2025-031-recueil-des-actes-administratifs-special.pdf"}
