{"administration":"pref69","administration_name":"Pr\u00e9fecture du Rh\u00f4ne","content":"PR\u00c9F\u00c8TE\nDU RH\u00d4NE\nRECUEIL DES ACTES\nADMINISTRATIFS SP\u00c9CIAL\nN\u00b069-2025-247\nPUBLI\u00c9 LE  1 OCTOBRE 2025\nSommaire\n69_DDT_Direction d\u00e9partementale des territoires du Rh\u00f4ne /\n69-2025-09-30-00002 - Arr\u00eat\u00e9 pr\u00e9fectoral n\u00b0 DDT - 2025-A147 du 30\nseptembre 2025\nrelatif \u00e0 l'indemnisation des d\u00e9g\u00e2ts de gibier\npour la campagne 2025\nBar\u00e8mes I - 2 partie Perte de r\u00e9colte des\nprairies (2 pages) Page 3\n69-2025-10-01-00004 - Arr\u00eat\u00e9 pr\u00e9fectoral n\u00b0 DDT -SEA_20251001016\ndu 1er octobre 2025 portant d\u00e9rogation temporaire au calendrier\nd'\u00e9pandage de fertilisants azot\u00e9s dans les zones vuln\u00e9rables \u00e0 la\npollution par les nitrates d'origine agricole sur le territoire du\nd\u00e9partement du Rh\u00f4ne (3 pages) Page 6\n69_Pr\u00e9f_Pr\u00e9fecture du Rh\u00f4ne / Direction de la Coordination des\nPolitiques Interminist\u00e9rielles\n69-2025-10-01-00003 - Arr\u00eat\u00e9 pr\u00e9fectoral portant d\u00e9l\u00e9gation de\nsignature aux agents de la pr\u00e9fecture (7 pages) Page 10\n69_Pr\u00e9f_Pr\u00e9fecture du Rh\u00f4ne / Direction de la s\u00e9curit\u00e9 et de la\nprotection civile\n69-2025-09-30-00001 - arrete agr\u00e9ment secourisme ST PRIEST\nSECOURISME 2025 (2 pages) Page 18\n69_Pr\u00e9f_Pr\u00e9fecture du Rh\u00f4ne / Pr\u00e9fet d\u00e9l\u00e9gu\u00e9 pour la\nd\u00e9fense et la s\u00e9curit\u00e9\n69-2025-09-30-00003 - Arr\u00eat\u00e9 Pr\u00e9fectoral 2025-09-30-002 modifiant la\nligne fronti\u00e8re du terminal A1 de l'a\u00e9roport de Lyon Saint-Exup\u00e9ry\npendant les travaux de la zone d'enregistrement 15. (3 pages) Page 21\n2\n69_DDT_Direction d\u00e9partementale des\nterritoires du Rh\u00f4ne\n69-2025-09-30-00002\nArr\u00eat\u00e9 pr\u00e9fectoral n\u00b0 DDT - 2025-A147 du 30\nseptembre 2025\nrelatif \u00e0 l'indemnisation des d\u00e9g\u00e2ts de gibier\npour la campagne 2025\nBar\u00e8mes I - 2 partie Perte de r\u00e9colte des prairies\n69_DDT_Direction d\u00e9partementale des territoires du Rh\u00f4ne - 69-2025-09-30-00002 - Arr\u00eat\u00e9 pr\u00e9fectoral n\u00b0 DDT - 2025-A147 du 30\nseptembre 2025\nrelatif \u00e0 l'indemnisation des d\u00e9g\u00e2ts de gibier pour la campagne 2025\nBar\u00e8mes I - 2 partie Perte de r\u00e9colte des prairies\n3\nesPREFETEDU RHONELibert\u00e9Egalit\u00e9Fraternit\u00e9\nDirection d\u00e9partementale\ndes territoires\nArr\u00eat\u00e9 pr\u00e9fectoral n\u00b0 DDT - 2025-A147 du 30 septembre 2025\nrelatif \u00e0 l'indemnisation des d\u00e9g\u00e2ts de gibier pour la campagne 2025 \nBar\u00e8mes I - 2  partie Perte de r\u00e9colte des prairies\u1d49\nLa Pr\u00e9f\u00e8te de la R\u00e9gion Auvergne-Rh\u00f4ne-Alpes,\nPr\u00e9f\u00e8te de la Zone de d\u00e9fense et de s\u00e9curit\u00e9 sud-est,\nPr\u00e9f\u00e8te du Rh\u00f4ne,\nCommandeur de la L\u00e9gion d'Honneur,\nCommandeur de l'Ordre National du M\u00e9rite,\nVU le Code de l'environnement, notamment les articles  L. 426-1 \u00e0 L. 426-6 et R. 426-6 \u00e0 R. 426-9,\nVU l'arr\u00eat\u00e9 pr\u00e9fectoral n\u00b0 69-2025-09-08-00008 du 8 septembre 2025 portant d\u00e9l\u00e9gation de signature \u00e0\nMonsieur Xavier CEREZA, directeur d\u00e9partemental des territoires du Rh\u00f4ne,\nVU la d\u00e9cision n\u00b0 69-2025-09-11-00001 du 11 septembre 2025 portant subd\u00e9l\u00e9gation de signature en\nmati\u00e8re d'attributions g\u00e9n\u00e9rales,\nVU la d\u00e9cision de la Commission nationale d'indemnisation des d\u00e9g\u00e2ts de gibier du 11 septembre 2025,\nVU l'avis \u00e9mis par la Commission d\u00e9partementale de la chasse et de la faune sauvage du Rh\u00f4ne dans sa\nformation sp\u00e9cialis\u00e9e en mati\u00e8re d'indemnisation des d\u00e9g\u00e2ts de gibier, r\u00e9unie le 23 septembre 2025,\nSur proposition du directeur d\u00e9partemental des territoires\nARR\u00caTE\nA  rticle     1   : Fixation des bar\u00e8mes de pertes de r\u00e9colte des prairies  pour la campagne d'indemnisation\n2025 en fonction des prix fix\u00e9s par la commission nationale du 11 septembre 2025 :\nBar\u00e8me de perte de r\u00e9colte des prairies\nFoin 10,81 \u20ac/Q\nFoin bio 14,05 \u20ac/Q\nCe bar\u00e8me de perte de r\u00e9colte des prairies est valable pour l'indemnisation des travaux effectu\u00e9s entre\nle 1er janvier et le 31 d\u00e9cembre 2025.\n69_DDT_Direction d\u00e9partementale des territoires du Rh\u00f4ne - 69-2025-09-30-00002 - Arr\u00eat\u00e9 pr\u00e9fectoral n\u00b0 DDT - 2025-A147 du 30\nseptembre 2025\nrelatif \u00e0 l'indemnisation des d\u00e9g\u00e2ts de gibier pour la campagne 2025\nBar\u00e8mes I - 2 partie Perte de r\u00e9colte des prairies\n4\nArticle     2   : La pr\u00e9sente d\u00e9cision est notifi\u00e9e \u00e0 Messieurs le directeur d\u00e9partemental des  territoires, le\nchef du service d\u00e9partemental de l' Office  fran\u00e7ais de la biodiversit\u00e9  du Rh\u00f4ne, le pr\u00e9sident de la\nChambre d\u00e9partementale d'agriculture, le pr\u00e9sident de la F\u00e9d\u00e9ration d\u00e9partementale des chasseurs du\nRh\u00f4ne et de la M\u00e9tropole de Lyon.\nChacun en ce qui le concerne est charg\u00e9 de l'ex\u00e9cution du pr\u00e9sent arr\u00eat\u00e9, qui sera publi\u00e9 au recueil des\nactes administratifs du Rh\u00f4ne et publi\u00e9 dans la presse agricole.\nPour le Directeur d\u00e9partemental et par d\u00e9l\u00e9gation,\nL'adjoint au chef du service eau, nature et risques\nsign\u00e9\nDenis FAVIER\nD\u00e9lais et voies de recours     :  \nConform\u00e9ment \u00e0 l'article R.421-1 du Code de justice administrative, la pr\u00e9sente d\u00e9cision peut faire l'objet\nd'un recours contentieux, dans le d\u00e9lai de deux mois \u00e0 compter de sa notification, devant le tribunal\nadministratif  de  Lyon  (184,  rue  Duguesclin  \u2013  69  433  Lyon  Cedex  03,  ou  sur  l'application\nwww.telerecours.fr). Elle peut \u00e9galement faire l'objet d'un recours gracieux aupr\u00e8s de Madame la Pr\u00e9f\u00e8te\ndu Rh\u00f4ne. Cette d\u00e9marche interrompt le d\u00e9lai de recours contentieux, ce dernier devant \u00eatre introduit\ndans le d\u00e9lai de deux mois suivant une d\u00e9cision implicite ou explicite de l'autorit\u00e9 comp\u00e9tente (le silence\nde l'administration pendant un d\u00e9lai de deux mois valant d\u00e9cision implicite de rejet).\n69_DDT_Direction d\u00e9partementale des territoires du Rh\u00f4ne - 69-2025-09-30-00002 - Arr\u00eat\u00e9 pr\u00e9fectoral n\u00b0 DDT - 2025-A147 du 30\nseptembre 2025\nrelatif \u00e0 l'indemnisation des d\u00e9g\u00e2ts de gibier pour la campagne 2025\nBar\u00e8mes I - 2 partie Perte de r\u00e9colte des prairies\n5\n69_DDT_Direction d\u00e9partementale des\nterritoires du Rh\u00f4ne\n69-2025-10-01-00004\nArr\u00eat\u00e9 pr\u00e9fectoral n\u00b0 DDT -SEA_20251001016 du\n1er octobre 2025 portant d\u00e9rogation temporaire\nau calendrier d'\u00e9pandage de fertilisants azot\u00e9s\ndans les zones vuln\u00e9rables \u00e0 la pollution par les\nnitrates d'origine agricole sur le territoire du\nd\u00e9partement du Rh\u00f4ne\n69_DDT_Direction d\u00e9partementale des territoires du Rh\u00f4ne - 69-2025-10-01-00004 - Arr\u00eat\u00e9 pr\u00e9fectoral n\u00b0 DDT -SEA_20251001016 du\n1er octobre 2025 portant d\u00e9rogation temporaire au calendrier d'\u00e9pandage de fertilisants azot\u00e9s dans les zones vuln\u00e9rables \u00e0 la\npollution par les nitrates d'origine agricole sur le territoire du d\u00e9partement du Rh\u00f4ne\n6\nesPREFETEDU RHONELibert\u00e9Egalit\u00e9Fraternit\u00e9\nDirection d\u00e9partementale\ndes territoires\nArr\u00eat\u00e9 pr\u00e9fectoral n\u00b0 DDT -SEA_20251001016 du 1er octobre 2025\nportant d\u00e9rogation temporaire au calendrier d'\u00e9pandage de fertilisants azot\u00e9s dans les zones \nvuln\u00e9rables \u00e0 la pollution par les nitrates d'origine agricole sur le territoire du d\u00e9partement du Rh\u00f4ne\nLa Pr\u00e9f\u00e8te de la R\u00e9gion Auvergne-Rh\u00f4ne-Alpes,\nPr\u00e9f\u00e8te de la Zone de d\u00e9fense et de s\u00e9curit\u00e9 sud-est,\nPr\u00e9f\u00e8te du Rh\u00f4ne,\nCommandeur de la L\u00e9gion d'honneur,\nCommandeur de l'ordre national du M\u00e9rite,\nVU la directive europ\u00e9enne n\u00b0 91/676/CEE du 12 d\u00e9cembre 1991 concernant la protection des eaux  \ncontre la pollution par les nitrates \u00e0 partir de sources agricoles, dite directive \u00ab nitrates \u00bb,\nVU le Code de l'environnement, notamment ses articles R. 211-80 et suivants,\nVU le d\u00e9cret du 11 janvier 2023 en conseil des ministres portant nomination de Mme Fabienne BUCCIO  \nen qualit\u00e9 de pr\u00e9f\u00e8te de la r\u00e9gion Auvergne-Rh\u00f4ne-Alpes, pr\u00e9f\u00e8te de la zone de d\u00e9fense et de s\u00e9curit\u00e9  \nSud-Est, pr\u00e9f\u00e8te du Rh\u00f4ne (hors) classe,\nVU l'arr\u00eat\u00e9 minist\u00e9riel du 19 d\u00e9cembre 2011 modifi\u00e9 relatif au programme d'action national \u00e0 mettre en \n\u0153uvre dans les zones vuln\u00e9rables afin de r\u00e9duire la pollution des eaux par les nitrates d'origine agricole,\nVU l'arr\u00eat\u00e9 pr\u00e9fectoral n\u00b0 21-325 du 23 juillet 2021 portant d\u00e9signation des zones vuln\u00e9rables \u00e0 la  \npollution par les nitrates d'origine agricole dans le bassin Rh\u00f4ne-M\u00e9diterran\u00e9e,\nVU l'arr\u00eat\u00e9 pr\u00e9fectoral n\u00b0 21-329 du 23 juillet 2021 portant d\u00e9limitation des zones vuln\u00e9rables \u00e0 la  \npollution par les nitrates d'origine agricole dans le bassin Rh\u00f4ne-M\u00e9diterran\u00e9e,\nVU l'arr\u00eat\u00e9  pr\u00e9fectoral  n\u00b0  21-231  du  30  ao\u00fbt  2021  portant  d\u00e9signation  des  zones  vuln\u00e9rables  \u00e0  la \npollution par les nitrates d'origine agricole dans le bassin Loire-Bretagne,\nVU l'arr\u00eat\u00e9 pr\u00e9fectoral n\u00b0 21-230 du 30 ao\u00fbt 2021 portant d\u00e9limitation des zones vuln\u00e9rables \u00e0 la  \npollution par les nitrates d'origine agricole dans le bassin Loire-Bretagne,\n1/3\n69_DDT_Direction d\u00e9partementale des territoires du Rh\u00f4ne - 69-2025-10-01-00004 - Arr\u00eat\u00e9 pr\u00e9fectoral n\u00b0 DDT -SEA_20251001016 du\n1er octobre 2025 portant d\u00e9rogation temporaire au calendrier d'\u00e9pandage de fertilisants azot\u00e9s dans les zones vuln\u00e9rables \u00e0 la\npollution par les nitrates d'origine agricole sur le territoire du d\u00e9partement du Rh\u00f4ne\n7\nVU l'arr\u00eat\u00e9 n\u00b0 2024-135 de la pr\u00e9f\u00e8te de la r\u00e9gion Auvergne-Rh\u00f4ne-Alpes en date du 19 juillet 2024,  \nrelatif au programme d'action r\u00e9gional en vue de la protection des eaux contre la pollution par les  \nnitrates d'origine agricole pour la r\u00e9gion Auvergne-Rh\u00f4ne-Alpes,\nVU l'arr\u00eat\u00e9  pr\u00e9fectoral  n\u00b069-2025-06-16-00003  du  16  juin  2025  portant  d\u00e9l\u00e9gation  de  signature  \u00e0 \nM. Fabrice ROSAY, pr\u00e9fet, secr\u00e9taire g\u00e9n\u00e9ral de la pr\u00e9fecture du Rh\u00f4ne, pr\u00e9fet d\u00e9l\u00e9gu\u00e9 pour l'\u00e9galit\u00e9  \ndes chances aupr\u00e8s de la pr\u00e9f\u00e8te de la r\u00e9gion Auvergne-Rh\u00f4ne-Alpes, pr\u00e9f\u00e8te de la zone de d\u00e9fense et  \nde s\u00e9curit\u00e9 Sud-Est, pr\u00e9f\u00e8te du Rh\u00f4ne,\nVU l'arr\u00eat\u00e9 pr\u00e9fectoral n\u00b0SPA 2025-179 du 19 septembre 2025 d\u00e9terminant une zone r\u00e9glement\u00e9e suite \n\u00e0 un foyer de dermatose nodulaire contagieuse bovine (DNCB),\nVU la demande d\u00e9pos\u00e9e le 29 septembre 2025 par la chambre d'agriculture du Rh\u00f4ne pour reporter la  \ndate limite d'\u00e9pandage des effluents de type II en zones vuln\u00e9rables sur les cultures d'hiver,\nCONSID\u00c9RANT que les fortes pluviom\u00e9tries du mois de septembre (plus de 100  mm sur les Monts du  \nLyonnais depuis le 1er septembre) constituent une situation climatique exceptionnelle, \nCONSID\u00c9RANT la mise en place d'une zone r\u00e9glement\u00e9e suite \u00e0 la d\u00e9tection d'un foyer de dermatose  \nnodulaire contagieuse bovine dans le Rh\u00f4ne le 19 septembre 2025, r\u00e9glementant l'ensemble de la zone \nvuln\u00e9rable nitrate du d\u00e9partement du Rh\u00f4ne,\nCONSID\u00c9RANT que l'incertitude quant aux possibilit\u00e9s d'\u00e9pandage de fertilisants azot\u00e9s de type II  \nsuite au constat d'un foyer de Dermatose Nodulaire Contagieuse Bovine (DNCB) dans le d\u00e9partement  \ndu Rh\u00f4ne a retard\u00e9 les \u00e9pandages,\nCONSID\u00c9RANT que les articles R. 211-81-5 du Code de l'environnement et 4 de l'arr\u00eat\u00e9 pr\u00e9fectoral n\u00b0  \n2024-135 du 19 juillet 2024 \u00e9tablissant le programme d'action r\u00e9gional en vue de la protection des eaux \ncontre  la  pollution  par  les  nitrates  d'origine  agricole  permettent,  dans  les  cas  de  situations \nexceptionnelles, de d\u00e9roger temporairement \u00e0 certaines mesures pr\u00e9vues des programmes d'action  \nnitrates apr\u00e8s avoir pris l'avis du Conseil D\u00e9partemental de l'Environnement et des Risques Sanitaires et \nTechnologiques (CODERST),\nCONSID\u00c9RANT que les conditions pr\u00e9cit\u00e9es \u00e0 l'article 4 de l'arr\u00eat\u00e9 pr\u00e9fectoral n\u00b0 2024-135 du 19 juillet  \n2024 pour accorder une telle d\u00e9rogation exceptionnelle sont remplies, \u00e0 savoir une demande d\u00e9pos\u00e9e  \npar la chambre d'agriculture et une situation exceptionnelle, climatique et sanitaire,\nCONSID\u00c9RANT que les d\u00e9lais de mise en \u0153uvre de la d\u00e9rogation sollicit\u00e9e ne permettent pas une  \nconsultation  des  membres  du  CODERST,  une  information  de  cette  instance  \u00e9tant  effectu\u00e9e  a \nposteriori,\nSur proposition du directeur d\u00e9partemental des territoires du Rh\u00f4ne ;\nARR\u00caTE\nArticle     1  \u00a0: Objet\nA titre d\u00e9rogatoire et temporaire, l'\u00e9pandage des fertilisants organiques de type II sur des parcelles  \nsitu\u00e9es en zone vuln\u00e9rable qui seront emblav\u00e9es en 2025 avec une culture d'hiver (bl\u00e9, orge, \u2026.) est  \nautoris\u00e9 jusqu'au 31 octobre 2025 pour les exploitants qui se signalent aupr\u00e8s de la DDT.\nCette  d\u00e9rogation  porte  exclusivement  sur  les  \u00e9pandages  r\u00e9alis\u00e9s  avant  l'implantation  des  cultures \nd'hiver.\n2/3\n69_DDT_Direction d\u00e9partementale des territoires du Rh\u00f4ne - 69-2025-10-01-00004 - Arr\u00eat\u00e9 pr\u00e9fectoral n\u00b0 DDT -SEA_20251001016 du\n1er octobre 2025 portant d\u00e9rogation temporaire au calendrier d'\u00e9pandage de fertilisants azot\u00e9s dans les zones vuln\u00e9rables \u00e0 la\npollution par les nitrates d'origine agricole sur le territoire du d\u00e9partement du Rh\u00f4ne\n8\nIl  est  rappel\u00e9  que  les  r\u00e8gles  d'\u00e9pandage  d'effluents  animaux  relatives  \u00e0  la  crise  de  la  dermatose \nnodulaire contagieuse bovine pour \u00e9carter tout risque sanitaire doivent \u00e9galement \u00eatre respect\u00e9es.\nArticle 2     :   Modalit\u00e9s de d\u00e9claration\nLes exploitants int\u00e9ress\u00e9s par cette d\u00e9rogation se signalent avant le 31 octobre 2025 aupr\u00e8s de la DDT  \ndu Rh\u00f4ne par mail \u00e0 l'adresse suivante : ddt-aides-pac@rhone.gouv.fr\nLa demande contient le nom de l'exploitant, son n\u00b0 PACAGE ainsi que le ou les num\u00e9ros de parcelle, la  \nsurface et les cultures d'hiver concern\u00e9es.\nArticle     3   : Ex\u00e9cution\nLe pr\u00e9fet, secr\u00e9taire g\u00e9n\u00e9ral, pr\u00e9fet d\u00e9l\u00e9gu\u00e9 pour l'\u00e9galit\u00e9 des chances, le directeur d\u00e9partemental des  \nterritoires et le directeur d\u00e9partemental de la protection des populations sont charg\u00e9s, chacun en ce  \nqui le concerne, de l'ex\u00e9cution du pr\u00e9sent arr\u00eat\u00e9 qui sera publi\u00e9 au recueil des actes administratifs de  \nla pr\u00e9fecture du Rh\u00f4ne.\nLe 1er octobre 2025\nPour la pr\u00e9f\u00e8te et par d\u00e9l\u00e9gation,\nle pr\u00e9fet, secr\u00e9taire g\u00e9n\u00e9ral,\nPr\u00e9fet d\u00e9l\u00e9gu\u00e9 pour l'\u00e9galit\u00e9 des chances\nsign\u00e9\nFabrice ROSAY\nD\u00e9lais et voies de recours :\nConform\u00e9ment \u00e0 l'article R.421-1 du Code de justice administrative, la pr\u00e9sente d\u00e9cision peut faire l'objet  \nd'un recours contentieux, dans le d\u00e9lai de deux mois \u00e0 compter de sa notification, devant le tribunal  \nadministratif  de  Lyon  (184,  rue  Duguesclin  \u2013  69  433  Lyon  Cedex  03,  ou  sur  l'application  \nwww.telerecours.fr). Elle peut \u00e9galement faire l'objet d'un recours gracieux aupr\u00e8s de Madame la Pr\u00e9f\u00e8te  \ndu Rh\u00f4ne. Cette d\u00e9marche interrompt le d\u00e9lai de recours contentieux, ce dernier devant \u00eatre introduit  \ndans le d\u00e9lai de deux mois suivant une d\u00e9cision implicite ou explicite de l'autorit\u00e9 comp\u00e9tente (le silence  \nde l'administration pendant un d\u00e9lai de deux mois valant d\u00e9cision implicite de rejet).\n3/3\n69_DDT_Direction d\u00e9partementale des territoires du Rh\u00f4ne - 69-2025-10-01-00004 - Arr\u00eat\u00e9 pr\u00e9fectoral n\u00b0 DDT -SEA_20251001016 du\n1er octobre 2025 portant d\u00e9rogation temporaire au calendrier d'\u00e9pandage de fertilisants azot\u00e9s dans les zones vuln\u00e9rables \u00e0 la\npollution par les nitrates d'origine agricole sur le territoire du d\u00e9partement du Rh\u00f4ne\n9\n69_Pr\u00e9f_Pr\u00e9fecture du Rh\u00f4ne\n69-2025-10-01-00003\nArr\u00eat\u00e9 pr\u00e9fectoral portant d\u00e9l\u00e9gation de\nsignature aux agents de la pr\u00e9fecture\n69_Pr\u00e9f_Pr\u00e9fecture du Rh\u00f4ne - 69-2025-10-01-00003 - Arr\u00eat\u00e9 pr\u00e9fectoral portant d\u00e9l\u00e9gation de signature aux agents de la pr\u00e9fecture 10\nesPREFETEDU RHONELibert\u00e9Egalit\u00e9Fraternit\u00e9\nDirection de la coordination\ndes politiques interminist\u00e9rielles\nLyon, le 01 octobre 2025\nARR\u00caT\u00c9 PR\u00c9FECTORAL N\u00b0                                        \nportant d\u00e9l\u00e9gation de signature aux agents de la pr\u00e9fecture\nLA PR\u00c9F\u00c8TE DE LA R\u00c9GION AUVERGNE-RH\u00d4NE-ALPES,\nPR\u00c9F\u00c8TE DE LA ZONE DE D\u00c9FENSE ET DE S\u00c9CURIT\u00c9 SUD-EST,\nPR\u00c9F\u00c8TE DU RH\u00d4NE\nCommandeur de la L\u00e9gion d'honneur\nCommandeur de l'ordre national du M\u00e9rite\nVu la loi n\u00b0 82-213 du 2 mars 1982 modifi\u00e9e relative aux droits et libert\u00e9s des communes, des  \nd\u00e9partements et des r\u00e9gions ;\nVu la loi n\u00b0 92-125 du 6 f\u00e9vrier 1992 modifi\u00e9e relative \u00e0 l'administration territoriale de la R\u00e9publique ;\nVu la loi n\u00b0 2004-809 du 13 ao\u00fbt 2004 modifi\u00e9e relative aux libert\u00e9s et responsabilit\u00e9s locales ;\nVu le d\u00e9cret n\u00b0 2004-374 du 29 avril 2004 modifi\u00e9 relatif aux pouvoirs des pr\u00e9fets, \u00e0 l'organisation et \n\u00e0 l'action des services de l'\u00c9tat dans les r\u00e9gions et d\u00e9partements ;\nVu  le  d\u00e9cret  n\u00b0  2019-38  du  23  janvier  2019  relatif  aux  comp\u00e9tences  des  pr\u00e9fets  en  mati\u00e8re \nd'enregistrement de la demande d'asile et de mise en \u0153uvre des proc\u00e9dures relevant du r\u00e8glement  \ndu 26 juin 2013 dit \u00ab Dublin III \u00bb  et l'a rr\u00eat\u00e9 du 12 d\u00e9cembre 2018 portant r\u00e9gionalisation de la  \nproc\u00e9dure de d\u00e9termination de l'\u00c9tat responsable de l'examen de la demande d'asile dans la r\u00e9gion \nAuvergne-Rh\u00f4ne-Alpes ;\nVu le d\u00e9cret du  11 janvier 2023  en conseil des ministres portant nomination de Mme Fabienne  \nBUCCIO en qualit\u00e9 de pr\u00e9f\u00e8te de la r\u00e9gion Auvergne-Rh\u00f4ne-Alpes, pr\u00e9f\u00e8te de la zone de d\u00e9fense et  \nde s\u00e9curit\u00e9 Sud-Est, pr\u00e9f\u00e8te du Rh\u00f4ne (hors classe) ;\nVu le proc\u00e8s-verbal d'installation de Mme Fabienne BUCCIO en qualit\u00e9 de pr\u00e9f\u00e8te de la r\u00e9gion  \nAuvergne-Rh\u00f4ne-Alpes, pr\u00e9f\u00e8te de la zone de d\u00e9fense et de s\u00e9curit\u00e9 Sud-Est, pr\u00e9f\u00e8te du Rh\u00f4ne , \u00e0 \ncompter du 30 janvier 2023 ;\nVu le d\u00e9cret du 15 mai 2025 portant nomination du pr\u00e9fet, secr\u00e9taire g\u00e9n\u00e9ral de la pr\u00e9fecture du  \nRh\u00f4ne, pr\u00e9fet d\u00e9l\u00e9gu\u00e9 pour l'\u00e9galit\u00e9 des chances aupr\u00e8s de la pr\u00e9f\u00e8te de la r\u00e9gion Auvergne-Rh\u00f4ne-\nAlpes, pr\u00e9f\u00e8te de la zone de d\u00e9fense et de s\u00e9curit\u00e9 Sud-Est, pr\u00e9f\u00e8te du Rh\u00f4ne - M. Fabrice ROSAY ;\nVu  les  d\u00e9cisions  pr\u00e9fectorales  portant  affectation  des  personnels  au  sein  des  services  de  la \npr\u00e9fecture ;\nSur proposition du pr\u00e9fet, secr\u00e9taire g\u00e9n\u00e9ral de la pr\u00e9fecture du Rh\u00f4ne ;\n1/7\n69_Pr\u00e9f_Pr\u00e9fecture du Rh\u00f4ne - 69-2025-10-01-00003 - Arr\u00eat\u00e9 pr\u00e9fectoral portant d\u00e9l\u00e9gation de signature aux agents de la pr\u00e9fecture 11\nARR\u00caTE\nArticle 1  : D\u00e9l\u00e9gation de signature est donn\u00e9e aux directeurs et aux chefs de bureau d\u00e9sign\u00e9s  \nci-apr\u00e8s  \u00e0 l'effet  de  signer  d'une  mani\u00e8re  permanente  les  actes  administratifs,  \u00e9tablis  par  leur \ndirection,  ou  bureau,  \u00e0  l'exception  des  actes  \u00e0  caract\u00e8re  r\u00e9glementaire,  des  circulaires,  des \ninstructions g\u00e9n\u00e9rales et des correspondances destin\u00e9es aux \u00e9lus :\n\u2022 Mme Maud BESSON, directrice des migrations et de l'int\u00e9gration,\n\u2022 Mme Catherine M\u00c9RIC, directrice des affaires juridiques et de l'administration locale\n\u2022 M. Ernest MOUTOUSSAMY, directeur de la s\u00e9curit\u00e9 et de la protection civile,\n\u2022 M. St\u00e9phane TRONTIN, directeur de la coordination des politiques interminist\u00e9rielles,\n\u2022 M. Nordine SAOUDI, directeur du centre d'expertise et de ressources titres,\n\u2022 M. Chaouki AMARA, chef de cabinet,\n\u2022 M. Fabien DESPINASSE, chef du service r\u00e9gional de la communication interminist\u00e9rielle.\nArticle 2  : En cas d'absence ou d'emp\u00eachement des personnes cit\u00e9es \u00e0 l'article 1, d\u00e9l\u00e9gation de  \nsignature est donn\u00e9e aux agents dont les noms suivent, \u00e0 l'effet de signer la totalit\u00e9 des actes  \n\u00e9tablis  par  la  direction  dont  ils  d\u00e9pendent,  dans  leurs  domaines  de  comp\u00e9tence  respectifs,  \u00e0 \nl'exception des actes \u00e0 caract\u00e8re r\u00e9glementaire, des circulaires, des instructions g\u00e9n\u00e9rales et des  \ncorrespondances destin\u00e9es aux \u00e9lus :\nDIRECTION DES MIGRATIONS ET DE L'INT\u00c9GRATION\n\u2022 Mme  Maryke  LE  MOGNE,  attach\u00e9e  principale,  directrice  adjointe  des  migrations  et  de \nl'int\u00e9gration,\n\u2022 Mme Margaux LARUE, attach\u00e9e principale, cheffe du bureau de l'accueil et de l'admission au \ns\u00e9jour,\n\u2022 Mme Aude SIGNOUREL, attach\u00e9e principale, cheffe du bureau des examens sp\u00e9cialis\u00e9s,\n\u2022 Mme G\u00e9raldine SEMOULIN, attach\u00e9e principale, cheffe du bureau de l'\u00e9loignement,\n\u2022 Mme Anna EUZET, attach\u00e9e principale,  cheffe du bureau de l'asile et de l'h\u00e9bergement -  \nguichet unique des demandeurs d'asile de Lyon,\n\u2022 M.  Patrick  LAFABRIER,  attach\u00e9  principal,  chef  du  bureau  des  affaires  g\u00e9n\u00e9rales  et  du \ncontentieux,\n\u2022 M.  Olivier  VERCASSON,  attach\u00e9  principal,  responsable  de  la  plateforme  \ninterd\u00e9partementale des naturalisations,\n\u2022 Mme Jessica PERON, attach\u00e9e, cheffe du p\u00f4le r\u00e9gional Dublin.\nDIRECTION DES AFFAIRES JURIDIQUES ET DE L'ADMINISTRATION LOCALE\n\u2022 Mme Agn\u00e8s RAICHL, attach\u00e9e principale, cheffe du bureau de l'urbanisme et de l'utilit\u00e9  \npublique,\n\u2022 M. Jamal BENZIK , attach\u00e9 principal, chef du bureau des r\u00e9glementations, des \u00e9lections et  \ndes associations,\n\u2022 Mme A\u00efda CHAMBE, attach\u00e9e, cheffe du bureau du contr\u00f4le budg\u00e9taire et des dotations de \nl'\u00c9tat,\n\u2022 M. Bastien MORIN, attach\u00e9, chef du bureau du contr\u00f4le de l\u00e9galit\u00e9 et de l'intercommunalit\u00e9,\n\u2022 M. Thibault PICHON-MATHIEU, attach\u00e9, chef du p\u00f4le juridique.\nDIRECTION DE LA S\u00c9CURIT\u00c9 ET DE LA PROTECTION CIVILE\n\u2022 M. Emmanuel BERNE, ing\u00e9nieur divisionnaire, chef du service interminist\u00e9riel de d\u00e9fense et  \nde protection civiles,\n\u2022 M. Richard WILPOTTE attach\u00e9 principal, chef du bureau des polices administratives,\n\u2022 Mme Sylvia LEGRIS, attach\u00e9e, cheffe du bureau de la planification, de la d\u00e9fense et des  \nrisques sanitaires,\n2/7\n69_Pr\u00e9f_Pr\u00e9fecture du Rh\u00f4ne - 69-2025-10-01-00003 - Arr\u00eat\u00e9 pr\u00e9fectoral portant d\u00e9l\u00e9gation de signature aux agents de la pr\u00e9fecture 12\n\u2022 Mme Marie PAUGET, attach\u00e9e, cheffe du bureau de la pr\u00e9vention,\n\u2022 Mme Carole ZMYSLONY, attach\u00e9e, cheffe du bureau de la s\u00e9curit\u00e9 routi\u00e8re.\nDIRECTION DE LA COORDINATION DES POLITIQUES INTERMINIST\u00c9RIELLES\n\u2022 Mme  Sandrine  CANDELA,  attach\u00e9e  principale,  cheffe  du  centre  de  services  partag\u00e9s \nr\u00e9gional CHORUS (CSPR),\n\u2022 Mme Fran\u00e7oise CONRAD, attach\u00e9e principale, cheffe de la mission d'appui territorial.\nCENTRE D'EXPERTISE ET DE RESSOURCES DES TITRES PERMIS DE CONDUIRE\n\u2022 Mme  Nadine  CHANAVAT,  attach\u00e9e,  adjointe  au  directeur  du  CERT,  cheffe  du  p\u00f4le \ninstruction.\nArticle 3 : Sans pr\u00e9judice des dispositions de l'article 1 er, d\u00e9l\u00e9gation de signature est donn\u00e9e \u00e0 Mme  \nMaud BESSON, directrice des migrations et de l'int\u00e9gration, \u00e0 l'effet de signer :\n\u2022 les  d\u00e9cisions  concernant  l'aide  sociale  en  mati\u00e8re  d'h\u00e9bergement  pour  les  demandeurs \nd'asile et les r\u00e9fugi\u00e9s ;\n\u2022 les d\u00e9cisions concernant l'orientation, l'admission ou la sortie d'un centre d'accueil pour  \ndemandeurs d'asile ou d'un centre provisoire d'h\u00e9bergement ;\n\u2022 tout  courrier  pr\u00e9paratoire  \u00e0  la  signature  de  conventions  avec  les  associations  priv\u00e9es, \ncentres  communaux  d'action  sociale,  municipalit\u00e9s,  pour  l'octroi  des  cr\u00e9dits  destin\u00e9s  \u00e0 \nl'action  sociale  en  faveur  des  demandeurs  d'asile,  des  r\u00e9fugi\u00e9s  et  des  \u00e9trangers  primo-\narrivants ;\n\u2022 les d\u00e9cisions et conventions avec les associations priv\u00e9es pour l'octroi de cr\u00e9dits destin\u00e9s \u00e0  \nl'action  sociale  en  faveur  des  demandeurs  d'asile,  des  r\u00e9fugi\u00e9s  et  des  \u00e9trangers  primo-\narrivants ;\n\u2022 les proc\u00e9dures et d\u00e9cisions de tarification des \u00e9tablissements sociaux d'h\u00e9bergement pour  \ndemandeurs d'asile et r\u00e9fugi\u00e9s (centre de transit, CADA et CPH) ;\n\u2022 les requ\u00eates introductives d'instance, m\u00e9moires en d\u00e9fense et actes d'ex\u00e9cution relatifs \u00e0 la  \nproc\u00e9dure d'expulsion des structures d'h\u00e9bergement en mati\u00e8re de r\u00e9f\u00e9r\u00e9s mesures-utiles.\nArticle 4 : En cas d'absence ou d'emp\u00eachement de Mme Maud BESSON, d\u00e9l\u00e9gation de signature est \ndonn\u00e9e \u00e0 l'effet de signer les actes vis\u00e9s \u00e0 l'article 3, \u00e0 : \n\u2022 Mme  Maryke  LE  MOGNE,  attach\u00e9e  principale,  directrice  adjointe  des  migrations  et  de \nl'int\u00e9gration,\n\u2022 Mme Anna EUZET, attach\u00e9e principale,  cheffe du bureau de l'asile et de l'h\u00e9bergement -  \nguichet unique des demandeurs d'asile de Lyon,\nArticle 5 : D\u00e9l\u00e9gation de signature est donn\u00e9e \u00e0 Mme Maud BESSON, directrice des migrations et de \nl'int\u00e9gration, \u00e0 l'effet de signer de mani\u00e8re permanente les actes de saisine, les m\u00e9moires et les  \nrequ\u00eates en premi\u00e8re instance et en appel aupr\u00e8s des diff\u00e9rents ordres de juridiction en mati\u00e8re  \nd'entr\u00e9e, de s\u00e9jour des \u00e9trangers et du droit d'asile, et en mati\u00e8re de contentieux y aff\u00e9rent.\nArticle 6 : En cas d'absence ou d'emp\u00eachement de Mme Maud BESSON, d\u00e9l\u00e9gation de signature est \ndonn\u00e9e \u00e0 l'effet de signer les actes vis\u00e9s \u00e0 l'article 5, \u00e0  :\n\u2022 Mme  Maryke  LE  MOGNE,  attach\u00e9e  principale,  directrice  adjointe  des  migrations  et  de \nl'int\u00e9gration,\n\u2022 M.  Patrick  LAFABRIER,  attach\u00e9  principal,  chef  du  bureau  des  affaires  g\u00e9n\u00e9rales  et  du \ncontentieux,\n3/7\n69_Pr\u00e9f_Pr\u00e9fecture du Rh\u00f4ne - 69-2025-10-01-00003 - Arr\u00eat\u00e9 pr\u00e9fectoral portant d\u00e9l\u00e9gation de signature aux agents de la pr\u00e9fecture 13\n\u2022 M.  Alexandre  FOREL,  attach\u00e9,  adjoint  au  chef  de  bureau  des  affaires  g\u00e9n\u00e9rales  et  du \ncontentieux, chef de la section contentieux,\n\u2022 Mme G\u00e9raldine SEMOULIN, attach\u00e9e principale, cheffe du bureau de l'\u00e9loignement,\n\u2022 M. Fr\u00e9d\u00e9ric DEHEUNYNCK, d\u00e9l\u00e9gu\u00e9 principal au permis de conduire et \u00e0 la s\u00e9curit\u00e9 routi\u00e8re, \nadjoint \u00e0 la cheffe du bureau de l'\u00e9loignement,\n\u2022 M. Joris ARNAUDIES, attach\u00e9, adjoint \u00e0 la cheffe du bureau de l'\u00e9loignement.\nArticle 7 : D\u00e9l\u00e9gation de signature est donn\u00e9e \u00e0 Mme Maud BESSON, directrice des migrations et de \nl'int\u00e9gration, \u00e0 l'effet de signer de mani\u00e8re permanente les mesures aff\u00e9rentes au transfert des  \ndemandeurs d'asile plac\u00e9s sous proc\u00e9dure Dublin et ce, \u00e0 l'\u00e9chelle r\u00e9gionale, ainsi que les mesures  \nd'ex\u00e9cution  \u00e9ventuelles  telles  que  les  d\u00e9cisions  d'assignation  \u00e0  r\u00e9sidence  et  de  placement  en \nr\u00e9tention, les m\u00e9moires et les requ\u00eates en premi\u00e8re instance et en appel aupr\u00e8s des diff\u00e9rents  \nordres de juridiction relatifs \u00e0 la proc\u00e9dure Dublin.\nArticle 8 : En cas d'absence ou d'emp\u00eachement de Mme Maud BESSON, d\u00e9l\u00e9gation de signature est \ndonn\u00e9e \u00e0 l'effet de signer les actes vis\u00e9s \u00e0 l'article 7 , \u00e0 :\n\u2022 Mme  Maryke  LE  MOGNE,  attach\u00e9e  principale,  directrice  adjointe  des  migrations  et  de \nl'int\u00e9gration,\n\u2022 Mme Jessica PERON, attach\u00e9e, cheffe du p\u00f4le r\u00e9gional Dublin,\n\u2022 Mme Cl\u00e9mentine ELONGBIL EWANE, attach\u00e9e, adjointe \u00e0 la cheffe du p\u00f4le r\u00e9gional Dublin,  \nchef de la section instruction,\n\u2022 M. Nicolas MUGUET, secr\u00e9taire administratif de classe normale, chef de la section accueil au \np\u00f4le r\u00e9gional Dublin,\n\u2022 Mme Marine BIANCO, secr\u00e9taire administrative de classe normale au p\u00f4le r\u00e9gional Dublin,\n\u2022 Mme G\u00e9raldine SEMOULIN, attach\u00e9e principale, cheffe du bureau de l'\u00e9loignement,\n\u2022 M. Fr\u00e9d\u00e9ric DEHEUNYNCK, d\u00e9l\u00e9gu\u00e9 principal au permis de conduire et \u00e0 la s\u00e9curit\u00e9 routi\u00e8re, \nadjoint \u00e0 la cheffe du bureau de l'\u00e9loignement,\n\u2022 M. Joris ARNAUDIES, attach\u00e9, adjoint \u00e0 la cheffe du bureau de l'\u00e9loignement.\nArticle  9 : Sans  pr\u00e9judice  des  dispositions  de  l'article  1, d\u00e9l\u00e9gation  de  signature  est  plus \nparticuli\u00e8rement  donn\u00e9e  \u00e0  Mme  Catherine  M\u00c9RIC,  directrice  des  affaires  juridiques  et  de \nl'administration locale, \u00e0 l'effet de signer :\nEn mati\u00e8re d'actes r\u00e9glementaires (par d\u00e9rogation \u00e0 l'article 1) :\n\u2022 les conventions de t\u00e9l\u00e9transmissions des actes et leurs avenants ;\n\u2022 les  arr\u00eat\u00e9s  fixant  la  composition  des  commissions  d\u00e9partementales  d'am\u00e9nagement \ncommercial (CDAC) ;\n\u2022 les  arr\u00eat\u00e9s  fixant  la  composition  des  commissions  d\u00e9partementales  d'am\u00e9nagement \ncin\u00e9matographique (CDACi) ;\n\u2022 les arr\u00eat\u00e9s portant habilitation des organismes en application du III de l'article L. 752-6 et de \nl'article L.752-23 du code de commerce ;\n\u2022 les actes relatifs \u00e0 la r\u00e9glementation fun\u00e9raire ;\n\u2022 les actes relatifs \u00e0 la domiciliation d'entreprises ;\n\u2022 les arr\u00eat\u00e9s fixant le taux des indemnit\u00e9s repr\u00e9sentatives de logement des instituteurs (IRL).\nEn mati\u00e8re de correspondances destin\u00e9es aux \u00e9lus (par d\u00e9rogation \u00e0 l'article 1) :\n\u2022 les accus\u00e9s de r\u00e9ception et les demandes de pi\u00e8ces compl\u00e9mentaires adress\u00e9es aux maires  \ndans le cadre du contr\u00f4le de l\u00e9galit\u00e9 et budg\u00e9taire, \u00e0 l'exception des lettres d'observation et \np\u00e9dagogique, des recours gracieux, et des requ\u00eates et m\u00e9moires en d\u00e9f\u00e9r\u00e9 ;\n\u2022 les actes et correspondances relatifs \u00e0 l'examen conjoint des dispositions propos\u00e9es pour  \nassurer la mise en compatibilit\u00e9 des documents d'urbanisme pr\u00e9vu aux articles L 143-44 et L  \n153-54 du code de l'urbanisme.\n4/7\n69_Pr\u00e9f_Pr\u00e9fecture du Rh\u00f4ne - 69-2025-10-01-00003 - Arr\u00eat\u00e9 pr\u00e9fectoral portant d\u00e9l\u00e9gation de signature aux agents de la pr\u00e9fecture 14\nEn mati\u00e8re d'actes individuels (liste indicative non exhaustive) :\n\u2022 les arr\u00eat\u00e9s d'indemnisation des commissaires enqu\u00eateurs ;\n\u2022 les r\u00e9c\u00e9piss\u00e9s d\u00e9finitifs d'enregistrement de candidatures pour le second tour des \u00e9lections  \nmunicipales,  d\u00e9partementales,  m\u00e9tropolitaines,  r\u00e9gionales  et  l\u00e9gislatives  g\u00e9n\u00e9rales  et \npartielles ;\n\u2022 les d\u00e9rogations au d\u00e9lai d'inhumation et de cr\u00e9mation, les transports de corps et d'urnes  \nfun\u00e9raires, et les laissez-passer mortuaires ;\n\u2022 les r\u00e9c\u00e9piss\u00e9s de d\u00e9claration de revendeurs d'objets mobiliers ;\n\u2022 les cartes de guide conf\u00e9rencier et les titres de ma\u00eetre restaurateur.\nArticle 10 : En cas d'absence ou d'emp\u00eachement de Mme Catherine M\u00c9RIC, d\u00e9l\u00e9gation de signature \nest donn\u00e9e, \u00e0 l'effet de signer les actes vis\u00e9s \u00e0 l'article 9 dans leurs domaines de comp\u00e9tence  \nrespectifs, \u00e0 :\n\u2022 Mme Agn\u00e8s RAICHL, attach\u00e9e principale , cheffe du bureau de l'urbanisme et de l'utilit\u00e9  \npublique,\n\u2022 M. Youssef BELLAHBIB, attach\u00e9 principal, adjoint \u00e0 la cheffe  de bureau de l'urbanisme et de  \nl'utilit\u00e9 publique,\n\u2022 Mme Ouarda BELAHCENE, attach\u00e9e, adjointe \u00e0 la cheffe de bureau de l'urbanisme et de  \nl'utilit\u00e9 publique,\n\u2022 M. Jamal BENZIK, attach\u00e9 principal, chef du bureau des r\u00e9glementations, des \u00e9lections et  \ndes associations,\n\u2022 Mme Delphine LOPEZ-PERSAT, attach\u00e9e, adjointe au chef du bureau des r\u00e9glementations,  \ndes \u00e9lections et des associations,\n\u2022 Mme A\u00efda CHAMBE, attach\u00e9e, cheffe du bureau du contr\u00f4le budg\u00e9taire et des dotations de  \nl'\u00c9tat,\n\u2022 M.  S\u00e9bastien  GAUDERAT,  attach\u00e9  principal,  adjoint  \u00e0  la  cheffe  de  bureau  du  contr\u00f4le \nbudg\u00e9taire et des dotations de l'\u00c9tat,\n\u2022 M. Bastien MORIN, attach\u00e9, chef du bureau du contr\u00f4le de l\u00e9galit\u00e9 et de l'intercommunalit\u00e9,\n\u2022 M. Thibault PICHON-MATHIEU, attach\u00e9, chef du p\u00f4le juridique,\n\u2022 M. Robin DESCOMBES, attach\u00e9, adjoint au chef du p\u00f4le juridique.\nArticle  11 : D\u00e9l\u00e9gation  est  donn\u00e9e  pour  la  signature  des  documents  vis\u00e9s  \u00e0  l'article  1er en  cas \nd'absence ou d'emp\u00eachement :\nDIRECTION DES MIGRATIONS ET DE L'INT\u00c9GRATION\n\u2022 de  Mme  Margaux  LARUE,  attach\u00e9e  principale,  cheffe  du  bureau  de  l'accueil  et  de \nl'admission au s\u00e9jour, \u00e0 :\n\u25e6 Mme  C\u00e9line  MEYRAND,  attach\u00e9e,  adjointe  \u00e0  la  cheffe  de  bureau  de  l'accueil  et  de \nl'admission au s\u00e9jour, cheffe de la section motifs professionnels,\n\u25e6 M. Adrien LHEUREUX, attach\u00e9 principal, chef de la section accueil et d\u00e9marches rapides,\n\u25e6 M. Ivan SABATIER, secr\u00e9taire administratif de classe exceptionnelle, chef de la section  \nfamille et vuln\u00e9rabilit\u00e9s.\n\u25e6\nPar ailleurs, pour la signature de certains documents vis\u00e9s \u00e0 l'article 1 er, \u00e0 savoir les attestations de  \nremboursement de timbres fiscaux, les d\u00e9cisions de d\u00e9livrance de titres de s\u00e9jour, les d\u00e9cisions de  \nrefus simple de d\u00e9livrance de cartes de r\u00e9sidents et les d\u00e9cisions de refus de d\u00e9p\u00f4t de demandes  \nde titre de s\u00e9jour, d\u00e9l\u00e9gation est donn\u00e9e en cas d'absence ou d'emp\u00eachement de Mme C\u00e9line  \nMEYRAND, attach\u00e9e, adjointe \u00e0 la cheffe de bureau de l'accueil et de l'admission au s\u00e9jour, cheffe  \nde la section motifs professionnels, de M. Adrien LHEUREUX, attach\u00e9 principal, chef de la section  \naccueil  et  d\u00e9marches  rapides  et  de  M.  Ivan  SABATIER,  secr\u00e9taire  administratif  de  classe \nexceptionnelle, chef de la section famille et vuln\u00e9rabilit\u00e9s, \u00e0 :\n5/7\n69_Pr\u00e9f_Pr\u00e9fecture du Rh\u00f4ne - 69-2025-10-01-00003 - Arr\u00eat\u00e9 pr\u00e9fectoral portant d\u00e9l\u00e9gation de signature aux agents de la pr\u00e9fecture 15\n\u25aa M.  Thomas  COURTAUD,  secr\u00e9taire  administratif  de  classe  normale,  adjoint  \u00e0  la \ncheffe de la section motifs professionnels,\n\u25aa Mme  Aline  LESPAGNOL-RIZZI,  secr\u00e9taire  administrative  de  classe  exceptionnelle, \nadjointe au chef de section accueil et d\u00e9marches rapides,\n\u25aa Mme Magdalena CORNECI, secr\u00e9taire administrative de classe sup\u00e9rieure, adjointe  \nau chef de section famille et vuln\u00e9rabilit\u00e9s.\n\u2022 de Mme Aude SIGNOUREL , attach\u00e9e principale, cheffe du bureau des examens sp\u00e9cialis\u00e9s,  \n\u00e0 :\n\u25e6 Mme M\u00e9lanie BOULAY, attach\u00e9e, adjointe \u00e0 la cheffe de bureau,\n\u25e6 Mme  Isabelle  FETROT-FAVROT,  secr\u00e9taire  administrative  de  classe  exceptionnelle, \nadjointe \u00e0 la cheffe de bureau,\n\u2022 de Mme G\u00e9raldine SEMOULIN, attach\u00e9e principale, cheffe du bureau de l'\u00e9loignement, \u00e0 :\n\u25e6 M. Fr\u00e9d\u00e9ric DEHEUNYNCK, d\u00e9l\u00e9gu\u00e9 principal au permis de conduire et \u00e0 la s\u00e9curit\u00e9  \nrouti\u00e8re, adjoint \u00e0 la cheffe du bureau de l'\u00e9loignement,\n\u25e6 M. Joris ARNAUDIES, attach\u00e9, adjoint \u00e0 la cheffe du bureau de l'\u00e9loignement.\n\u2022 de Mme Anna EUZET, attach\u00e9e principale, cheffe du bureau de l'asile et de l'h\u00e9bergement -  \nguichet unique des demandeurs d'asile de Lyon, \u00e0 :\n\u25e6 Mme Anne-Laure ZERR, attach\u00e9e, cheffe de la section instruction,\n\u25e6 Mme Ingrid DELAHAYE, attach\u00e9e, cheffe de la section accueil,\n\u25e6 Mme Carole SOULARD, secr\u00e9taire administrative de classe exceptionnelle, adjointe \u00e0 la  \ncheffe de section accueil.\n\u2022 de M. Patrick LAFABRIER , attach\u00e9 principal, chef du bureau des affaires g\u00e9n\u00e9rales et du  \ncontentieux, \u00e0 :\n\u25e6 M. Alexandre FOREL, attach\u00e9, adjoint au chef de bureau, chef de la section contentieux,\n\u25e6 Mme M\u00e9ry-Pierre LEROY, secr\u00e9taire administrative de classe exceptionnelle, cheffe de la  \nsection relation avec les usagers,\n\u25e6 M.  MEDDOUR  Amar,  secr\u00e9taire  administratif  de  classe  normale,  chef  de  la  section \naffaires g\u00e9n\u00e9rales.\n\u2022 de  M.  Olivier  VERCASSON ,  attach\u00e9  principal,  responsable  de  la  plateforme  \ninterd\u00e9partementale des naturalisations, \u00e0 :\n\u25e6 Mme  Magali  DONNET,  attach\u00e9e ,  adjointe  au  responsable  de  la  plateforme  \ninterd\u00e9partementale des naturalisations.\n\u2022 de Mme Jessica PERON, attach\u00e9e, cheffe du p\u00f4le r\u00e9gional Dublin, \u00e0 :\n\u25e6 Mme Cl\u00e9mentine ELONGBIL EWANE, attach\u00e9e, adjointe \u00e0 la cheffe de p\u00f4le, cheffe de la  \nsection instruction,\n\u25e6 M.  Nicolas  MUGUET,  secr\u00e9taire  administratif  de  classe  normale,  chef  de  la  section \naccueil au p\u00f4le r\u00e9gional Dublin,\n\u25e6 Mme  Marine  BIANCO,  secr\u00e9taire  administrative  de  classe  normale  au  p\u00f4le  r\u00e9gional \nDublin.\nDIRECTION DE LA S\u00c9CURIT\u00c9 ET DE LA PROTECTION CIVILE\n\u2022 de M. Richard WILPOTTE, attach\u00e9 principal, chef du bureau des polices administratives, \u00e0 :\n\u25e6 Mme Alice TARDY, attach\u00e9e, adjointe au chef de bureau,\n\u25e6 Mme C\u00e9cile DAFFIX, secr\u00e9taire administrative de classe exceptionnelle, cheffe de la  \nsection r\u00e9glementation routi\u00e8re.\n6/7\n69_Pr\u00e9f_Pr\u00e9fecture du Rh\u00f4ne - 69-2025-10-01-00003 - Arr\u00eat\u00e9 pr\u00e9fectoral portant d\u00e9l\u00e9gation de signature aux agents de la pr\u00e9fecture 16\nPar ailleurs, pour la signature de certains documents vis\u00e9s \u00e0 l'article 1 er, \u00e0 savoir les actes relatifs aux \nsous-commissions  issues  de  la  commission  consultative  d\u00e9partementale  de  s\u00e9curit\u00e9  et  \nd'accessibilit\u00e9  (CCDSA),  d\u00e9l\u00e9gation  est  donn\u00e9e  en  cas  d'absence  ou  d'emp\u00eachement  de  \nM. Emmanuel  BERNE,  ing\u00e9nieur  divisionnaire,  chef  du  service  interminist\u00e9riel  de  d\u00e9fense  et  de \nprotection civiles et de Mme Marie PAUGET, attach\u00e9e, cheffe du bureau de la pr\u00e9vention, \u00e0 :\n\u25aa Mme Mathilde VIRAT, secr\u00e9taire administrative de classe normale, charg\u00e9e du suivi  \nde  la  commission  s\u00e9curit\u00e9  incendie  /  r\u00e9glementation  ERP/IGH,  de  la  commission \nconsultative d\u00e9partementale de s\u00e9curit\u00e9 et d'accessibilit\u00e9,\n\u25aa Mme  Chlo\u00e9  GAYET,  contractuelle  de  cat\u00e9gorie  B,  charg\u00e9e  du  suivi  des  sous-\ncommissions de s\u00e9curit\u00e9.\nDIRECTION DE LA COORDINATION DES POLITIQUES INTERMINIST\u00c9RIELLES\n\u2022 de Mme Sandrine CANDELA , attach\u00e9e  principale, cheffe du centre de services partag\u00e9s  \nr\u00e9gional CHORUS (CSPR), \u00e0 :\n\u25e6 M. Jean-Luc BUCHSBAUM, attach\u00e9, adjoint \u00e0 la cheffe du centre de services partag\u00e9s  \nr\u00e9gional Chorus et chef de la section subventions et recettes,\n\u25e6 Mme Aur\u00e9lie HOARAU, attach\u00e9e, cheffe de la section d\u00e9penses de fonctionnement et  \nresponsables des demandes de paiement,\n\u25e6 M. Franck BEQIRAJ, attach\u00e9, chef de la section d\u00e9penses sur march\u00e9s,\n\u25e6 Mme G\u00e9raldine GRANGE, attach\u00e9e, charg\u00e9e de mission,\n\u25e6 Mme V\u00e9ronique REYNAUD, secr\u00e9taire administrative de classe sup\u00e9rieure, responsable  \ndes prestations financi\u00e8res,\n\u25e6 Mme Sylvie BOUCHAKER, adjointe administrative principale de 2 \u00e8me classe, responsable \ndes engagements juridiques,\n\u25e6 Mme Isabelle PEILLON, adjointe administrative principale de 1 \u00e8re classe, responsable des  \ndemandes de paiement.\nCABINET DE LA PR\u00c9F\u00c8TE DE R\u00c9GION, PR\u00c9F\u00c8TE DU RH\u00d4NE\n\u2022 M. Chaouki AMARA, attach\u00e9 principal, chef de cabinet, \u00e0 :\n\u25e6 Mme May KARMY, attach\u00e9e, adjointe au chef de cabinet ;\nArticle  12  : Le  pr\u00e9sent  arr\u00eat\u00e9  peut  faire  l'objet  d'un  recours  contentieux  devant  le  tribunal \nadministratif  de  Lyon  dans  un  d\u00e9lai  de  deux  mois  \u00e0  compter  de  sa  publication.  Le  tribunal \nadministratif peut \u00eatre saisi d'une requ\u00eate d\u00e9pos\u00e9e sur le site www.telerecours.fr.\nArticle 13 :  Le pr\u00e9fet, secr\u00e9taire g\u00e9n\u00e9ral de la pr\u00e9fecture, pr\u00e9fet d\u00e9l\u00e9gu\u00e9 pour l'\u00e9galit\u00e9 des chances,  \nest charg\u00e9 de l'ex\u00e9cution du pr\u00e9sent arr\u00eat\u00e9 qui sera publi\u00e9 au recueil des actes administratifs de la  \npr\u00e9fecture du Rh\u00f4ne.\n7/7\nLa pr\u00e9f\u00e8te,\nSign\u00e9\nFabienne BUCCIO\n69_Pr\u00e9f_Pr\u00e9fecture du Rh\u00f4ne - 69-2025-10-01-00003 - Arr\u00eat\u00e9 pr\u00e9fectoral portant d\u00e9l\u00e9gation de signature aux agents de la pr\u00e9fecture 17\n69_Pr\u00e9f_Pr\u00e9fecture du Rh\u00f4ne\n69-2025-09-30-00001\narrete agr\u00e9ment secourisme ST PRIEST\nSECOURISME 2025\n69_Pr\u00e9f_Pr\u00e9fecture du Rh\u00f4ne - 69-2025-09-30-00001 - arrete agr\u00e9ment secourisme ST PRIEST SECOURISME 2025 18\neaPREFETEDU RHONELibert\u00e9Egalit\u00e9Fraternit\u00e9\n    \nARR\u00caT\u00c9 N\u00b0\nportant renouvellement d'un agr\u00e9ment d\u00e9partemental de s\u00e9curit\u00e9 civile\nLe Pr\u00e9fet de la R\u00e9gion Auvergne-Rh\u00f4ne-Alpes\nPr\u00e9fet du Rh\u00f4ne\nOfficier de la L\u00e9gion d'honneur\nCommandeur de l'ordre national du M\u00e9rite\nVu le code de la s\u00e9curit\u00e9 int\u00e9rieure, notamment ses articles L.725-1, L.725-3 et R.725-1 \u00e0 R.725-9 ;\nVu le d\u00e9cret n\u00b02017-908 du 6 mai 2017 portant notamment diverses dispositions relatives au r\u00e9gime juridique  \ndes associations, article 15 \u00e0 21 ;\nVu l'arr\u00eat\u00e9 du 27 f\u00e9vrier 2017 relatif \u00e0 l'agr\u00e9ment de s\u00e9curit\u00e9 civile \u00ab D \u00bb ;\nVu l'arr\u00eat\u00e9 du 7 novembre 2006 fixant le r\u00e9f\u00e9rentiel national relatif aux dispositifs pr\u00e9visionnels de secours ;\nVu le d\u00e9cret du 11 janvier 2023 portant nomination de la pr\u00e9f\u00e8te de la r\u00e9gion Auvergne-Rh\u00f4ne-Alpes, pr\u00e9f\u00e8te de \nla zone de d\u00e9fense et de s\u00e9curit\u00e9 Sud-Est, pr\u00e9f\u00e8te du Rh\u00f4ne - Mme BUCCIO ;\nVu le d\u00e9cret du 6 novembre 2024 portant nomination de Monsieur Antoine GU\u00c9RIN, pr\u00e9fet d\u00e9l\u00e9gu\u00e9 pour la  \nd\u00e9fense et la s\u00e9curit\u00e9 aupr\u00e8s de la pr\u00e9f\u00e8te de la r\u00e9gion Auvergne-Rh\u00f4ne-Alpes, pr\u00e9f\u00e8te de la zone de d\u00e9fense et \nde s\u00e9curit\u00e9 Sud-Est, pr\u00e9f\u00e8te du Rh\u00f4ne ;\nVu l'arr\u00eat\u00e9 pr\u00e9fectoral n\u00b069-2024-11-15-00001 du 15 novembre 2024 portant d\u00e9l\u00e9gation de signature \u00e0 Monsieur \nAntoine GU\u00c9RIN, pr\u00e9fet d\u00e9l\u00e9gu\u00e9 pour la d\u00e9fense et la s\u00e9curit\u00e9 aupr\u00e8s de la pr\u00e9f\u00e8te de la r\u00e9gion Auvergne-\nRh\u00f4ne-Alpes, pr\u00e9f\u00e8te de la zone de d\u00e9fense et de s\u00e9curit\u00e9 Sud-Est, pr\u00e9f\u00e8te du Rh\u00f4ne ;\nVu  la demande de renouvellement d'agr\u00e9ment d\u00e9partemental de s\u00e9curit\u00e9 civile pr\u00e9sent\u00e9e par l'association  \nSAINT PRIEST SECOURISME, le 13 juin 2025.\nSur proposition du Directeur de la S\u00e9curit\u00e9 et de la Protection Civile ;\nA R R \u00ca T E\nArticle 1 : \nL' association  SAINT PRIEST SECOURISME est agr\u00e9\u00e9e dans le d\u00e9partement du Rh\u00f4ne, pour une dur\u00e9e de 3 ans, \npour la mission d\u00e9finie ci-dessous :\n\u2022 D dispositifs pr\u00e9visionnels de secours (D \u2013 points d'alerte et de premiers secours (D-PAPS)\n\u2022 D - dispositifs pr\u00e9visionnels de secours de petite \u00e0 grande envergure (D-PAPS-PE \u00e0 GE)\nArticle 2: \nCet agr\u00e9ment peut \u00eatre retir\u00e9 ou abrog\u00e9 notamment en cas de non-respect d'une des conditions fix\u00e9es par les  \narticles R.725-1 \u00e0 R.725-11 du Code de la s\u00e9curit\u00e9 int\u00e9rieure susvis\u00e9s, et dans les formes pr\u00e9vues par le code des \nrelations entre le public et l'administration.\nPr\u00e9fecture du Rh\u00f4ne \u2013 adresse postale : 69419 Lyon cedex 03 \u2013 adresse d'accueil : 18, rue de Bonnel 69003 Lyon \u2013 t\u00e9l. : 04.72.61.61.61 - \nwww.rhone.gouv.fr\nService Interminist\u00e9riel \nde D\u00e9fense et de \nProtection Civiles\nDirection de la s\u00e9curit\u00e9\net de la protection civile\n69_Pr\u00e9f_Pr\u00e9fecture du Rh\u00f4ne - 69-2025-09-30-00001 - arrete agr\u00e9ment secourisme ST PRIEST SECOURISME 2025 19\nArticle 3 : \nL'association  SAINT  PRIEST  SECOURISME  s'engage  \u00e0  signaler  sans  d\u00e9lai,  au  pr\u00e9fet,  toute  modification \nsubstantielle des \u00e9l\u00e9ments au vu desquels l'agr\u00e9ment a \u00e9t\u00e9 accord\u00e9.\nArticle 4 :  Le pr\u00e9sent arr\u00eat\u00e9 peut faire l'objet des recours suivants :\n\u2022 gracieux motiv\u00e9 aupr\u00e8s de la pr\u00e9f\u00e8te du Rh\u00f4ne,\n\u2022 hi\u00e9rarchique introduit aupr\u00e8s de Monsieur le Ministre de l'Int\u00e9rieur,\n\u2022 contentieux form\u00e9 devant le tribunal administratif de Lyon.\nLe tribunal administratif peut \u00eatre saisi par un recours d\u00e9pos\u00e9 via l'application T\u00e9l\u00e9-recours citoyens accessible \npar le site internet www.telerecours.fr.\nLe d\u00e9lai de recours est de deux mois \u00e0 compter de la date de notification de l'arr\u00eat\u00e9. \nDans le cas du recours gracieux ou du recours hi\u00e9rarchique, l'absence de r\u00e9ponse dans un d\u00e9lai de deux mois \u00e0 \ncompter de la r\u00e9ception du recours \u00e9quivaut \u00e0 un rejet implicite ouvrant droit \u00e0 un nouveau d\u00e9lai de recours  \ncontentieux de deux mois. \nArticle   5   : \nLe pr\u00e9fet d\u00e9l\u00e9gu\u00e9 pour la d\u00e9fense et la s\u00e9curit\u00e9 est charg\u00e9 de l'ex\u00e9cution du pr\u00e9sent arr\u00eat\u00e9,  qui sera publi\u00e9 au  \nrecueil des actes administratifs.\nPr\u00e9fecture du Rh\u00f4ne \u2013 adresse postale : 69419 Lyon cedex 03 \u2013 adresse d'accueil : 18, rue de Bonnel 69003 Lyon \u2013 t\u00e9l. : 04.72.61.61.61 - \nwww.rhone.gouv.fr\n Fait \u00e0 Lyon, le 30 septembre 2025\nPour la Pr\u00e9f\u00e8te,\nle pr\u00e9fet d\u00e9l\u00e9gu\u00e9 pour la d\u00e9fense \net la s\u00e9curit\u00e9 \nAntoine GU\u00c9RIN\n69_Pr\u00e9f_Pr\u00e9fecture du Rh\u00f4ne - 69-2025-09-30-00001 - arrete agr\u00e9ment secourisme ST PRIEST SECOURISME 2025 20\n69_Pr\u00e9f_Pr\u00e9fecture du Rh\u00f4ne\n69-2025-09-30-00003\nArr\u00eat\u00e9 Pr\u00e9fectoral 2025-09-30-002 modifiant la\nligne fronti\u00e8re du terminal A1 de l'a\u00e9roport de\nLyon Saint-Exup\u00e9ry pendant les travaux de la\nzone d'enregistrement 15.\n69_Pr\u00e9f_Pr\u00e9fecture du Rh\u00f4ne - 69-2025-09-30-00003 - Arr\u00eat\u00e9 Pr\u00e9fectoral 2025-09-30-002 modifiant la ligne fronti\u00e8re du terminal A1 de\nl'a\u00e9roport de Lyon Saint-Exup\u00e9ry pendant les travaux de la zone d'enregistrement 15. 21\nARR\u00caT\u00c9 n\u00b0 2025-09-30-002\nModifiant l'arr\u00eat\u00e9 pr\u00e9fectoral du 06 ao\u00fbt 2025 n\u00b0 PDDS 2025-08-05-001 relatif aux mesures de\ns\u00fbret\u00e9 applicables sur l'a\u00e9rodrome de Lyon Saint-Exup\u00e9ry\nLE PR\u00c9FET DE LA ZONE DE D\u00c9FENSE ET DE S\u00c9CURIT\u00c9 SUD-EST,\nPR\u00c9FET DE LA R\u00c9GION AUVERGNE-RH\u00d4NE-ALPES,\nPR\u00c9FET DU RH\u00d4NE,\nOFFICIER DE LA L\u00c9GION D'HONNEUR,\nCOMMANDEUR DE L'ORDRE NATIONAL DU M\u00c9RITE,\nVu le r\u00e8glement (CE) n\u00b0 300/2008 du parlement europ\u00e9en et du conseil du 11 mars 2008 modifi\u00e9\nd\u00e9finissant des r\u00e8gles communes dans le domaine de la s\u00fbret\u00e9 de l'aviation civile et ses r\u00e8glements et\nd\u00e9cisions de mise en \u0153uvre,\nVu le r\u00e8glement (CE) n\u00b0 562/2006 du 15 mars 2006 modifi\u00e9 \u00e9tablissant un Code communautaire\nrelatif au r\u00e9gime de franchissement des personnes,\nVu le r\u00e8glement (UE) n\u00b0 2018/1139 du parlement europ\u00e9en et du conseil du 4 juillet 2018 concernant\ndes r\u00e8gles communes dans le domaine de l'aviation civile,\nVu le r\u00e8glement (UE) n\u00b0 139/2014 de la Commission du 12 f\u00e9vrier 2014 modifi\u00e9 \u00e9tablissant des\nexigences et des proc\u00e9dures administratives relatives aux a\u00e9rodromes,\nVu le code des transports,\nVu le code de l'aviation civile,\nVu le d\u00e9cret n\u00b0 74-78 du 1er f\u00e9vrier 1974 relatif aux attributions des pr\u00e9fets en mati\u00e8re de maintien de\nl'ordre sur certains a\u00e9rodromes,\nVu le d\u00e9cret n\u00b0 2004-374 du 29 avril 2004 relatif aux pouvoirs des pr\u00e9fets, \u00e0 l'organisation et \u00e0\nl'action des services de l'Etat dans les r\u00e9gions et d\u00e9partements,\nVu l'arr\u00eat\u00e9 du 20 avril 1998 portant ouverture des a\u00e9rodromes au trafic a\u00e9rien international,\nVu l'arr\u00eat\u00e9 du 7 janvier 2000 relatif \u00e0 la r\u00e9partition des missions de s\u00e9curit\u00e9 et de paix publiques entre\nla police nationale et la gendarmerie nationale sur l'emprise des a\u00e9rodromes ouverts \u00e0 la circulation\na\u00e9rienne publique,\nVu l'arr\u00eat\u00e9 du 2 novembre 2006 modifi\u00e9 relatif aux mesures de s\u00fbret\u00e9 du transport a\u00e9rien,\nVu l'arr\u00eat\u00e9 du 2 mars 2007 autorisant le transfert de la concession des a\u00e9rodromes de Lyon Saint-\nExup\u00e9ry et Lyon-Bron \u00e0 la soci\u00e9t\u00e9 A\u00e9roports de Lyon,\nVu l'arr\u00eat\u00e9 du 11 mai 2007 modifiant la concession des a\u00e9rodromes de Lyon Saint-Exup\u00e9ry et de\nLyon-Bron,\nVu l'arr\u00eat\u00e9 interminist\u00e9riel du 11 septembre 2013 modifi\u00e9 relatif aux mesures de s\u00fbret\u00e9 de\nl'aviation civile, \n69_Pr\u00e9f_Pr\u00e9fecture du Rh\u00f4ne - 69-2025-09-30-00003 - Arr\u00eat\u00e9 Pr\u00e9fectoral 2025-09-30-002 modifiant la ligne fronti\u00e8re du terminal A1 de\nl'a\u00e9roport de Lyon Saint-Exup\u00e9ry pendant les travaux de la zone d'enregistrement 15. 22\nVu l'arr\u00eat\u00e9 du 27 juin 2017 portant agr\u00e9ment d'un certificat de qualification professionnelle relatif aux\nactivit\u00e9s de s\u00fbret\u00e9 a\u00e9roportuaire,\nVu la circulaire du 14 mai 2010 relative \u00e0 la d\u00e9livrance de titres de circulation des personnes dans la\nzone r\u00e9serv\u00e9e des a\u00e9rodromes,\nVu l'avis de la directrice de la s\u00e9curit\u00e9 de l'aviation civile Centre-Est,\nVu l'avis du directeur zonal Sud-Est de la Police aux Fronti\u00e8res,\nVu l'avis du commandant de compagnie de la Gendarmerie des Transports A\u00e9riens de Lyon\nVu l'avis du directeur interr\u00e9gional des douanes Centre-Est,\nVu l'avis du pr\u00e9sident du directoire de la soci\u00e9t\u00e9 A\u00e9roports de Lyon, concessionnaire de l'a\u00e9roport,\nVu l'avis de l'officier g\u00e9n\u00e9ral de la zone de d\u00e9fense Sud-Est,\nArr\u00eate\nArticle 1 \nDans le cadre des travaux d'am\u00e9nagement de la zone \u00ab Enregistrement 15 \u00bb au rez-de-chauss\u00e9e du\nterminal 1A de l'a\u00e9roport de Lyon Saint-Exup\u00e9ry, la ligne fronti\u00e8re est modifi\u00e9e en deux phases\ndistinctes \u00e0 partir du 6 octobre 2025 et pour la dur\u00e9e du chantier, selon les plans joints \u00e0 cet arr\u00eat\u00e9\npour chaque phase.\nArticle 2 \nL'annexe n\u00b0 13 : \u00ab plan terminal 1 hall A niveau rez-de-chauss\u00e9e \u00bb de l'arr\u00eat\u00e9 pr\u00e9fectoral n\u00b0 PDDS\n2025-08-05-001 du 06 ao\u00fbt 2025 est modifi\u00e9e par les plans joints au pr\u00e9sent arr\u00eat\u00e9. \nArticle 3\nLors du reclassement de la zone, une d\u00e9contamination est r\u00e9alis\u00e9e. \nArticle 4\nLe pr\u00e9sent arr\u00eat\u00e9 entre en vigueur le 6 octobre 2025, et jusqu'\u00e0 la fin des travaux. \nArticle 5\n- La directrice de la s\u00e9curit\u00e9 de l'aviation civile Centre-Est ;\n- le directeur d\u00e9partemental des territoires du Rh\u00f4ne ;\n- le directeur zonal de la police aux fronti\u00e8res ;\n- le directeur d\u00e9partemental de la s\u00e9curit\u00e9 publique ;\n- le directeur du service interr\u00e9gional des douanes et des droits indirects ;\n- le commandant du groupement de gendarmerie du Rh\u00f4ne ;\n- le commandant de la compagnie de gendarmerie des transports a\u00e9riens de Lyon ;\n- le pr\u00e9sident du directoire de la soci\u00e9t\u00e9 A\u00e9roports de Lyon ;\nsont charg\u00e9s, chacun en ce qui le concerne, de l'ex\u00e9cution du pr\u00e9sent arr\u00eat\u00e9.\nFait \u00e0 Lyon, le 30 septembre 2025\nPour la pr\u00e9f\u00e8te du Rh\u00f4ne et par d\u00e9l\u00e9gation,\nLe pr\u00e9fet d\u00e9l\u00e9gu\u00e9 pour la D\u00e9fense et de S\u00e9curit\u00e9 Sud-Est\nAntoine GUERIN\n69_Pr\u00e9f_Pr\u00e9fecture du Rh\u00f4ne - 69-2025-09-30-00003 - Arr\u00eat\u00e9 Pr\u00e9fectoral 2025-09-30-002 modifiant la ligne fronti\u00e8re du terminal A1 de\nl'a\u00e9roport de Lyon Saint-Exup\u00e9ry pendant les travaux de la zone d'enregistrement 15. 23\n{ 7/i)ETTVI\nTERMINAL1 HISTORIQUENIVEAU REZ-DE-CHAUSS\u00c9E\nLEE bate\nAIRPORTS\nPiste (CP\u00c0\nAlRtPORTs\nPassages\nne Vile\nACBPURTS DE OMBF 10-4805 Larr Sabet Crp\u00e9y A\u00e9rapert\u2014Trancz\nTRAVAUX\nLLCAON TECHNO | OUPEAU OAL TUES\nTRAVAUX\nmite ZPNLA / CaSurface tr\u00e9ieuse ZPNLA\n\u00bb VINCI \"\u2014\n\u00bbw VINCI \"\nSurface im\u00e9neur Cot\u00e9 Piste (CP)sectes siret\u00e9Se\nDECLASSEMENTPLAN NIVEAU RDC PHASE 1 (1/750)\nDECLASSEMENTPLAN NIVEAU RDC PHASE 1 (1/750)\nENREGISTREMENT 15\nne secteur sorely\nd de chantier\nENREGISTREMENT 15\nconenipts\nA\u00c9ROPORT\ndel'tmenour. Ne ps same tat ke Gee | 'ates de or dese oe ton naar eepemaldBe\u00f1 b \"1 + a\nmS, \u00a9 Emprise chantier {stockage + base vie}\nLYONAEROPORT\nLYON\nPOWERED\nf\n=> Passage auto t\u00e9\nEchege& ate tater\nPOWERED\n4\nFret\nns | pete: Cond Piste (PCZSAN / Cond VileSJ Surface Int\u00e9deuse Cot\u00e9NS Secteur soreth 97e\nPhase 1:\nYlYL:\nPhase 2:\nL\u00e9gendes\nTERMINAL1 HISTORIQUENIVEAU REZ-DE-CHAUSS\u00c9E\nmemie kite\n6 Pete (CPIsages)(PaesCet\nn\u00e9 Vile\nAPEC TEC ov [Uta TUDES\nCom durgremdon\nSurface im\u00e9deuerat\u00e9 tre\ntrite ZPNLA/ CeSurface jrr\u00e9rieuse ZPNLA\npois Comalaerewt\nARCS DE DOMBP 10. ANUS ere Set 5 A i\nSecteur sire\nJcommentipes\na ', Sy Emprise chantier {stockage+ base vie}\n\"dees b \u00f1 : \u2014 rGe Serco Me pis rase sur be Gene | sates de oe dees be pond are eperaalsDe\u00f1 be de1 ' a '\nns | polie Cond Pete [PCZSAR) / Cond Ville\nCbd babe\nZfyWZ Surface im\u00e9neure Cot\u00e9 Piste (CP)KLEE Sans vecteur shret\u00e9YW:Pat\nPhare d'\u00e9ude\n\u00e9gures\n(ete\n69_Pr\u00e9f_Pr\u00e9fecture du Rh\u00f4ne - 69-2025-09-30-00003 - Arr\u00eat\u00e9 Pr\u00e9fectoral 2025-09-30-002 modifiant la ligne fronti\u00e8re du terminal A1 de\nl'a\u00e9roport de Lyon Saint-Exup\u00e9ry pendant les travaux de la zone d'enregistrement 15. 24","date":"2025-10-01","first_seen_on":"2025-10-01T14:42:55+00:00","id":"51a1986a3715090ad0dc29c4a94bab8083fd60fe6977a87ea80cd34be916b850","name":"RAA_69-2025-247-011025","pdf_creation_date":"2025-10-01T14:00:33+00:00","pdf_modification_date":"2025-10-01T15:01:18+00:00","timezone":"Europe/Paris","url":"https://www.rhone.gouv.fr/contenu/telechargement/65670/442747/file/RAA_69-2025-247-011025.pdf"}
