{"administration":"pref56","administration_name":"Pr\u00e9fecture du Morbihan","content":"PR\u00c9FET\nDU MORBIHAN\nRECUEIL DES ACTES\nADMINISTRATIFS SP\u00c9CIAL\n(NOMINATIFS)\nN\u00b0 56-2025-100\nPUBLI\u00c9 LE 14 OCTOBRE 2025\nSommaire\n5601_Pr\u00e9fecture et sous-pr\u00e9fectures / CAB/ Bureau de la repr\u00e9sentation de l'Etat ( BRE )\n56-2025-09-26-00003 - Arr\u00eat\u00e9 modificatif \u00e0 l'arr\u00eat\u00e9 du 14 juillet 2025 accordant la m\u00e9daille\nd'honneur r\u00e9gionale, d\u00e9partementale et communale (MHRDC) (1 page) Page 3\n5602_Direction d\u00e9partementale des territoires et de la mer (DDTM) / Service eau,\nbiodiversit\u00e9 et risques ( SEBR )\n56-2025-10-09-00002 - D\u00e9cision du 9 octobre 2025 de la commission d\u00e9partementale de la\nchasse et de la faune sauvage sp\u00e9cialis\u00e9e \u00ab indemnisation des d\u00e9g\u00e2ts de gibier \u00bb (2\npages) Page 4\n5603_Direction d\u00e9partementale de l'emploi, du travail et des solidarit\u00e9s du Morbihan / P\u00f4le\nlutte contre l'exclusions et protection des personnes\n56-2025-09-18-00003 - Arr\u00eat\u00e9 pr\u00e9fectoral du 18 septembre 2025 modifiant la composition des\ndeux conseils de famille des pupilles de l'\u00e9tat dans le Morbihan (1 page) Page 6\n5603_Direction d\u00e9partementale de l'emploi, du travail et des solidarit\u00e9s du Morbihan\n(DDETS) /\n56-2025-09-29-00001 - D\u00e9cision du 29 septembre 2025 portant affectation AC et int\u00e9rims\nDDETS 56 (6 pages) Page 7\n5606_Direction des Services D\u00e9partementaux de l'Education Nationale DSDEN /\n56-2025-09-25-00001 - arr\u00eat\u00e9 de composition de la commission administrative paritaire\nd\u00e9partementale au 01/09/2025 (2 pages) Page 13\n56-2025-10-09-00004 - Arr\u00eat\u00e9 pr\u00e9fectoral du 9 octobre 2025 modifiant l'arr\u00eat\u00e9 fixant la\ncomposition du conseil d\u00e9partemental de l'\u00e9ducation nationale (CDEN) (4 pages) Page 15\n2\nExPREFETDU MORBIHANLibert\u00e9Egalit\u00e9Fraternit\u00e9\n \nARR\u00caT\u00c9 MODIFICATIF\n \u00e0 l'arr\u00eat\u00e9 du 14 juillet 2025 accordant la m\u00e9daille d'honneur \nr\u00e9gionale, d\u00e9partementale et communale (M.H.R.D.C)\nLE PR\u00c9FET DU MORBIHAN\nChevalier de l'ordre national du M\u00e9rite\nVU le d\u00e9cret n\u00b087-594 du 22 juillet 1987, portant cr\u00e9ation de la m\u00e9daille d'honneur r\u00e9gionale, d\u00e9partementale et communale ;\nVU le code des communes, et notamment ses articles R. 411-41 \u00e0 R. 411-54 ;\nVU le d\u00e9cret n\u00b02005-48 du 25 janvier 2005 modifiant les conditions d'attribution de m\u00e9daille d'honneur r\u00e9gionale, d\u00e9partementale et  \ncommunale ;\nVU l'arr\u00eat\u00e9 pr\u00e9fectoral du 14 juillet 2025 accordant la m\u00e9daille d'honneur r\u00e9gionale, d\u00e9partementale et communale ;\nVu l'erreur signal\u00e9e, le 18 juillet 2025, par la mairie de Saint-Philibert, Monsieur Piter MASSON, responsable du service espaces verts,  \nayant d\u00e9j\u00e0 obtenu la m\u00e9daille d'argent \u00e0 la promotion du 14 juillet 2016 ;\nVu l'erreur signal\u00e9e, le 30 juillet 2025, par la mairie d'Ambon, Madame Christine EVAIN, adjoint technique principal de 2\u00e8me classe,  \nayant d\u00e9j\u00e0 obtenu la m\u00e9daille d'argent \u00e0 la promotion du 14 juillet 2015 ;\nA R R \u00ca T E :\nArticle 1  : L'arr\u00eat\u00e9 du 14 juillet 2025 accordant  la m\u00e9daille d'honneur r\u00e9gionale, d\u00e9partementale et communale  \u00e0 l'occasion de la  \npromotion du 14 juillet 2025 est modifi\u00e9 comme suit : \nLes candidats dont les noms suivent, ont \u00e9t\u00e9 retir\u00e9s de la liste des r\u00e9cipiendaires : \n- Monsieur Piter MASSON\nResponsable du service espaces verts, demeurant \u00e0 HENNEBONT\n- Madame Christine EVAIN\nAdjoint technique principal de 2\u00e8me classe, demeurant \u00e0 AMBON\nArticle 2 : Le pr\u00e9sent arr\u00eat\u00e9 peut faire l'objet d'un recours contentieux devant le tribunal administratif de Rennes, 3 Contour de la Motte,  \n35044 Rennes Cedex, dans un d\u00e9lai de deux mois \u00e0 compter de la parution de la mention au recueil des actes administratifs de la  \npr\u00e9fecture. Ce recours contentieux peut-\u00eatre formul\u00e9 en utilisant l'application \u00ab T\u00e9l\u00e9recours citoyens \u00bb sur le site www.telerecours.fr.\nArticle 3 : Monsieur le secr\u00e9taire g\u00e9n\u00e9ral et Monsieur le directeur de cabinet sont charg\u00e9s, chacun en ce qui le concerne, de l'ex\u00e9cution  \ndu pr\u00e9sent arr\u00eat\u00e9 qui sera ins\u00e9r\u00e9 au recueil des actes administratifs de la pr\u00e9fecture,\nVannes, le 26 septembre 2025\n                                                                               Pour le pr\u00e9fet et par d\u00e9l\u00e9gation,\n                                                                           Le sous-pr\u00e9fet, directeur de cabinet\n                                                                                          Ronan LE PAGE\n5601_Pr\u00e9fecture et sous-pr\u00e9fectures -  56-2025-09-26-00003 - Arr\u00eat\u00e9 modificatif \u00e0 l'arr\u00eat\u00e9 du 14 juillet 2025 accordant la m\u00e9daille d'honneur\nr\u00e9gionale, d\u00e9partementale et communale (MHRDC) 3\nPREFETDU MORBIHAN\nFraternit\u00e9\nDirection d\u00e9partementale des territoires et de la mer\nService eau, biodiversit\u00e9, ris\nD\u00e9cision de la commission d\u00e9partementale de la chasse et de la faune sauvage sp\u00e9cialis\u00e9e \u00ab indemnisation des d\u00e9g\u00e2ts de gibier \u00bb\nVu le Code de l'environnement ;\nVu le d\u00e9cret n\u00b0 2013-1221 du 23 d\u00e9cembre 2013 relatif \u00e0 l'indemnisation des d\u00e9g\u00e2ts caus\u00e9s par le grand gibier aux cultures et aux  \nr\u00e9coltes agricoles et modifiant le Code de l'environnement ;\nVu l'arr\u00eat\u00e9 pr\u00e9fectoral du 26 mai 2025 portant d\u00e9l\u00e9gation de signature \u00e0 Monsieur Thierry CHATELAIN, directeur d\u00e9partemental des  \nterritoires et de la mer du Morbihan ;\nVu la d\u00e9cision du directeur d\u00e9partemental des territoires et de la mer du 7 octobre 2025 portant subd\u00e9l\u00e9gation de signature aux agents  \nde la DDTM ;\nConsid\u00e9rant les fourchettes de prix retenues, pour l'indemnisation des d\u00e9g\u00e2ts de gibiers sur les  prairies (foins)   par la commission  \nnationale d'indemnisation des d\u00e9g\u00e2ts de gibier en s\u00e9ances du 11 septembre 2025 ;\nConsid\u00e9rant les nouveaux bar\u00e8mes d'indemnisation de denr\u00e9es en Bretagne propos\u00e9s par la commission d'harmonisation r\u00e9gionale  \n\"d\u00e9g\u00e2ts de gibiers\" r\u00e9unie en s\u00e9ance le 23 septembre 2025 ;\nConsid\u00e9rant l'avis favorable \u00e9mis par les membres de la commission d\u00e9partementale de la chasse et de la faune sauvage sp\u00e9cialis\u00e9e  \n\u00ab indemnisation des d\u00e9g\u00e2ts de gibier \u00bb lors de la consultation \u00e9lectronique du 1er octobre 2025 au 8 octobre 2025 inclus ;\nD\u00c9CIDE :\nArticle 1 \u2013 Estimateurs\nLa liste des estimateurs est \u00e9tablie ainsi qu'il suit :\nFr\u00e9d\u00e9ric BOUSSION 47 rue de la Gare\n56 800 PLOERMEL\nAndr\u00e9 CAILLEAU La cour de TREMELGON\n56190 AMBON\nFabrice COIRIER 6, all\u00e9e Fran\u00e7ois Joseph Broussais\n56000 VANNES\nThierry DELHORME 6, all\u00e9e Fran\u00e7ois Joseph Broussais\n56000 VANNES\nJean-Paul GAUTIER 5, rue des d\u00e9port\u00e9s\n56380 GUER\nJean-Philippe GRUSON 6, all\u00e9e Fran\u00e7ois Joseph Broussais\n56000 VANNES\nGilles JAGUT Les landaises\n56220 PLUHERLIN\nVictor LE NAGARD 1, rue Poh Rouzic \u2013 Perret\n22570 BON REPOS SUR BLAVET\nS\u00e9bastien LEHAGRE 6, all\u00e9e Fran\u00e7ois Joseph Broussais\n56000 VANNES\nSylvain MURS 6, all\u00e9e Fran\u00e7ois Joseph Broussais\n56000 VANNES\nAlain PARCHEMIN 648 Kergoen\n56110 GOURIN\nArticle 2 \u2013 Bar\u00e8me d'indemnisation des prairies (foin).\nLe bar\u00e8me d'indemnisation des denr\u00e9es, pour 2025, notamment les prairies (foins), est \u00e9tabli     ainsi     :  \nBAREME DES DENREES\nDENREES\nPrix du quintal Date limite d'enl\u00e8vement \ndes r\u00e9coltes (3)Cultures ordinaires Cultures biologiques \n(2)\nPrairies : Foin 10,81 \u20ac   \nPourcentage de perte et calendrier d'enl  \u00e8vement des r\u00e9coltes de foin.  \nLes prairies font l'objet de plusieurs exploitations dans l'ann\u00e9e (coupe ou mise en p\u00e2ture). Elles seront en cons\u00e9quence indemnis\u00e9es en  \ntenant compte des dispositions suivantes.\nA./ - PRAIRIES ARTIFICIELLES, TEMPORAIRES.\n\uf0b7 Semis d'automne (et toutes prairies de 2\u00e8me, 3\u00e8me, 4\u00e8me ann\u00e9e)\n- d\u00e9g\u00e2ts avant 1\u00e8re exploitation \u2026\u2026\u2026\u2026\u2026\u2026 100 % de la 1\u00e8re coupe soit avant le 31 mai.\n- d\u00e9g\u00e2ts entre la 1\u00e8re et la 2\u00e8me exploitation\u2026. 70 % de la 1\u00e8re coupe soit du 31 mai au 30 juin.\n5602_Direction d\u00e9partementale des territoires et de la mer (DDTM) -  56-2025-10-09-00002 - D\u00e9cision du 9 octobre 2025 de la commission\nd\u00e9partementale de la chasse et de la faune sauvage sp\u00e9cialis\u00e9e \u00ab indemnisation des d\u00e9g\u00e2ts de gibier \u00bb 4\nEntretien minimalRendement moyen(en T MS/ha)\nFa\u00e7on culturaleintensive(% en - par rapport (red\u00e9fini (% en + par rapportau rendement moyen annuellement) au rendement moyenannuel ) annuel)\nP\u00e2turage rapidepoturege -12,5% 7,5 +12,5%\nsans sans sansavec remise en avec remise en avec remise enremise en | ioe remise en | ie remiseen | iooo D\u00e9finkion technique: P\u00e2turage tous \u00e9tat ero \u00e9tat \u00a9 \u00e9tat \u00a9er les 45 jours maximum au printemps[enLen}\u00a9 P\u00e2turage lent ou= conduite mixte (p\u00e2turage -10% 7 +10%plus fauche)\u2014 sans sans sansoO . avec remise . avec remise . avec remiseremise en . remise en 7 remise en AA D\u00e9finkion technique : 3 P\u00e2turages \u00e0 \u00e9tat en \u00e9tat \u00e9tat en \u00e9tat \u00e9tat en \u00e9tatco fann\u00e9eov 1 \u00e0 2 p\u00f4turageset i7 LfaucheLen]\u20144 Fauches rapidesoO -\u2014 exclusives dont luzerne 25% 10 +25%a sans sans sansavec remise avec remise avec remiseremise en . remise en , remise en :D\u00e9finition technique: Fauche tous tes \u00e9tat en \u00e9tat \u00e9tat en \u00e9tat \u00e9tat en \u00e9tatSO jours moximum ou printemps\nP\u00e2turage ou fauchepr\u00e9coce et p\u00e2turage ou -10% 5,5 +12,5%ND) fauche de repousse= D\u00e9finition technique : 2 exploitations ft sans Rat avec \u00e9t sans Rat avec fe sans Rat avec\u2014 \u00e0 fann\u00e9e (fouche ou p\u00f4turage) remise \u20ac\" | remise en \u00e9tat remse \u00a9\" | remise en \u00e9tat Fremse EN | remise en \u00e9tat\u00e9tat \u00e9tat \u00e9tatwv~~ P\u00e2turage ou faucheCc -10% 4,5 +12,5%tardifsLe_ sans . sans . sans _.oO avec remise avec remise . avec remiseQ. remise en en \u00e9tat remise en en \u00e9tat remise en en \u00e9tatD\u00e9finition technique : 1exploitotion | \u00e9tat a  ep  \u00e9tat 1-O \u00e0 fann\u00e9eped)\u2014las) -15% 2,5 +15%\u2014 Prairie. d\u00e9laiss\u00e9e sans avec remise sans avec remise sans avec remiseremise en_ jen \u00e9tat remise en_ |en \u00e9tat remise en_ jen \u00e9tatpr\u00e9sence de jonc ou ajoncs, etd'une flore de faible qualit\u00e9aaricole\n- d\u00e9g\u00e2ts entre la 2\u00e8me et la 3\u00e8me exploitation\u2026 40 % de la 1\u00e8re coupe soit du 1er juillet au 31 ao\u00fbt.\n- d\u00e9g\u00e2ts entre la 3\u00e8me et la 4\u00e8me exploitation\u2026 20 % de la 1\u00e8re coupe soit apr\u00e8s le 31 ao\u00fbt.\n\uf0b7 Semis de printemps (1\u00e8re ann\u00e9e)\n- d\u00e9g\u00e2ts avant 1\u00e8re exploitation \u2026\u2026\u2026\u2026\u2026\u2026 100 % de la 1\u00e8re coupe soit avant le 1er juillet.\n- d\u00e9g\u00e2ts entre la 1\u00e8re et la 2\u00e8me exploitation\u2026. 80 % de la 1\u00e8re coupe soit du 1er juillet au 31 ao\u00fbt.\n- d\u00e9g\u00e2ts entre la 2\u00e8me et la 3\u00e8me exploitation\u2026 40 % de la 1\u00e8re coupe soit apr\u00e8s le 31 ao\u00fbt.\nLes dates pr\u00e9cis\u00e9es ci-dessus peuvent \u00eatre modifi\u00e9es par la commission d\u00e9partementale en fonction des conditions climatiques.\nB./ - PRAIRIES PERMANENTES\n- d\u00e9g\u00e2ts avant 1\u00e8re exploitation \u2026\u2026\u2026\u2026\u2026\u2026 100 % soit avant le 31 juillet.\n- en cas de p\u00e2ture apr\u00e8s coupe (1) \u2026\u2026\u2026\u2026 30 % .\n(1) dans le cas o\u00f9 une coupe (1\u00e8re exploitation) aurait pr\u00e9c\u00e9d\u00e9 la mise en p\u00e2ture.\nPour les bandes enherb\u00e9es, la FDC indemnise la perte de r\u00e9colte si elle est exploit\u00e9e. La d\u00e9claration est n\u00e9cessaire en cas de contr\u00f4le  \nPAC. \nLa typologie d\u00e9partementale simplifi\u00e9e des prairies et le rendement moyen annuel en foin de chaque type de prairie est arr\u00eat\u00e9 comme  \nsuit :\nArticle 3 \u2013 Dispositions particuli\u00e8res.\nR\u00e9ensemencement d'une autre culture apr\u00e8s d\u00e9g\u00e2ts     :  \nSi la destruction d'un semis ne permet pas, en fonction de la saison, un r\u00e9ensemencement dans la m\u00eame culture, en accord avec  \nl'estimateur et le pr\u00e9sident de la f\u00e9d\u00e9ration des chasseurs, l'agriculteur pourra envisager une autre culture et n\u00e9anmoins sera indemnis\u00e9 \nsur la valeur de r\u00e9ensemencement de la culture d\u00e9truite, y compris un labour, s'il est n\u00e9cessaire, \u00e0 la nouvelle culture. Aucune remise  \nen \u00e9tat ne pourra \u00eatre r\u00e9gl\u00e9e si elle n'a pas \u00e9t\u00e9 r\u00e9alis\u00e9e.\nAutres dispositions     :  \nPour toute culture non cit\u00e9e dans la pr\u00e9sente d\u00e9cision, le pr\u00e9sident de la f\u00e9d\u00e9ration des chasseurs pourra proposer un r\u00e8glement \u00e0  \nl'amiable du dossier. En cas de d\u00e9saccord de l'agriculteur, le dossier sera pr\u00e9sent\u00e9 \u00e0 la commission d\u00e9partementale afin que le prix de  \nla denr\u00e9e soit ent\u00e9rin\u00e9 en additif au bar\u00e8me de l'ann\u00e9e en cours.\nEn ce qui concerne les productions biologiques, les estimations seront faites au cas par cas en tenant compte des contrats.\nArticle 4 \u2013 Publication\nLa liste des estimateurs et les bar\u00e8mes d'indemnisation seront publi\u00e9s au recueil des actes administratifs de la pr\u00e9fecture du Morbihan  \net pourront \u00eatre consult\u00e9s \u00e0 la direction d\u00e9partementale des territoires et de la mer \u2013 service eau, nature et biodiversit\u00e9.\nVannes, le 09 octobre 2025\nLe pr\u00e9fet,\nPour le pr\u00e9fet et par d\u00e9l\u00e9gation,\nLe chef du service eau, biodiversit\u00e9, risques\nJean-Fran\u00e7ois CHAUVET\n5602_Direction d\u00e9partementale des territoires et de la mer (DDTM) -  56-2025-10-09-00002 - D\u00e9cision du 9 octobre 2025 de la commission\nd\u00e9partementale de la chasse et de la faune sauvage sp\u00e9cialis\u00e9e \u00ab indemnisation des d\u00e9g\u00e2ts de gibier \u00bb 5\nEuPREFETDU MORBIHAN\nFraternit\u00e9\nDirection D\u00e9partementale\nde l'Emploi, du Travail et des Solidarit\u00e9s\nArr\u00eat\u00e9 pr\u00e9fectoral du 18 septembre 2025 modifiant la composition des deux conseils de famille des pupilles de \nl'\u00e9tat dans le Morbihan\nLe pr\u00e9fet du Morbihan\nChevalier de l'Ordre national du M\u00e9rite\nVu le code de l'action sociale et des familles et notamment son article L.224-2 ;\nVu la loi n\uf0b0 2022-219 du 21 f\u00e9vrier 2022 visant \u00e0 r\u00e9former l'adoption ;\nVu le d\u00e9cret n\u00b0 98-818 du 11 septembre 1998 modifiant le d\u00e9cret n\u00b0 85-937 du 23 ao\u00fbt 1985 relatif au conseil de famille  \ndes pupilles de l'\u00c9tat ;\nVu le d\u00e9cret n\u00b0 2004-374 modifi\u00e9 du 29 avril 2004 relatif aux pouvoirs des pr\u00e9fets, \u00e0 l'organisation et \u00e0 l'action des  \nservices de l'\u00c9tat dans les r\u00e9gions et d\u00e9partements, modifi\u00e9 par le d\u00e9cret n\u00b0 2010-146 du 16 f\u00e9vrier 2010 ;\nVu le d\u00e9cret n \u00b0 2009-1484 du 03 d\u00e9cembre 2009 relatif aux missions et attributions des directions d\u00e9partementales  \ninterminist\u00e9rielles ;\nVu le d\u00e9cret n\u00b0 2024-491 du 30 mai 2024 relatif au conseil de famille des pupilles de l'\u00c9tat ;\nVu le d\u00e9cret du 7 mai 2025 nommant Monsieur Micha\u00ebl GALY, pr\u00e9fet du Morbihan ; \nVu l'arr\u00eat\u00e9 du 25 avril 2025 fixant la composition du Conseil de Famille des Pupilles de l'\u00c9tat dans le Morbihan ;\nSur proposition du directeur d\u00e9partemental de l'emploi, du travail et des solidarit\u00e9s du Morbihan,\nARR\u00caTE\nArticle 1 - L'article 2 de l'arr\u00eat\u00e9 du 25 avril 2025 susvis\u00e9 est modifi\u00e9 comme suit :\nPersonnalit\u00e9 qualifi\u00e9e en raison de sa comp\u00e9tence et de son exp\u00e9rience professionnelle en mati\u00e8re d'\u00e9thique et de  \nlutte contre les discriminations  :\nmadame Laurence MALLET, membre titulaire\nmonsieur Thomas LE TELLIER, membre suppl\u00e9ant\nArticle 2 - L'article 3 de l'arr\u00eat\u00e9 du 25 avril 2025 susvis\u00e9 est modifi\u00e9 comme suit :\nPersonnalit\u00e9 qualifi\u00e9e en raison de sa comp\u00e9tence et de son exp\u00e9rience professionnelle en mati\u00e8re d'\u00e9thique et de  \nlutte contre les discriminations  :\nmonsieur Thomas LE TELLIER, membre titulaire\nmadame Laurence MALLET, membre suppl\u00e9ant\nLe reste sans changement.\nArticle   3   \u2013 Le secr\u00e9taire g\u00e9n\u00e9ral de la pr\u00e9fecture du Morbihan et le directeur d\u00e9partemental de l'emploi, du travail et des  \nsolidarit\u00e9s du Morbihan sont charg\u00e9s, chacun en ce qui le concerne, de l'ex\u00e9cution du pr\u00e9sent arr\u00eat\u00e9 qui sera publi\u00e9 au  \nrecueil des actes administratifs de la pr\u00e9fecture du Morbihan.\nVannes, le 18 septembre 2025\nPour le pr\u00e9fet, par d\u00e9l\u00e9gation,\nLe secr\u00e9taire g\u00e9n\u00e9ral,\nSt\u00e9phane JARL\u00c9GAND\n5603_Direction d\u00e9partementale de l'emploi, du travail et des solidarit\u00e9s du Morbihan -  56-2025-09-18-00003 - Arr\u00eat\u00e9 pr\u00e9fectoral du 18 septembre\n2025 modifiant la composition des deux conseils de famille des pupilles de l'\u00e9tat dans le Morbihan 6\n| | | | Direction r\u00e9gionaleMINIST\u00c8RE : de l'\u00e9conomie, de l'emploi,DU TRAVAIL, DE LA SANT\u00c9, du travail et des solidarit\u00e9sDES SOLIDARITES | |ET DES FAMILLESLibert\u00e9Egalit\u00e9Fraternit\u00e9\nD\u00e9cision du 29 septembre 2025 portant affectation des agents de contr\u00f4le dans les unit\u00e9s de contr\u00f4leet gestion des int\u00e9rims de la direction d\u00e9partementale de l'emploi, du travail et des solidarit\u00e9s duMorbihanLA DIRECTRICE R\u00c9GIONALE DE L'\u00c9CONOMIE, DE L'EMPLOI,_ DU TRAVAIL ET DES SOLIDARIT\u00c9S DE BRETAGNE |\nLa Directrice r\u00e9gionale de l'\u00e9conomie, de l'emploi, du travail et des solidarit\u00e9s de la r\u00e9gion BretagneVu le code du travail, notamment ses articles R. 8122-3 et suivants,Vu le d\u00e9cret n\u00b02020-1545 du 9 d\u00e9cembre 2020 relatif \u00e0 l'organisation et aux missions des directions r\u00e9gionales del'\u00e9conomie, de l'emploi, du travail et des solidarit\u00e9s et des directions d\u00e9partementales de l'emploi, du travail, dessolidarit\u00e9s et de la protection des populations,Vu le d\u00e9cret n\u00b0 2014-359 du 20 mars 2014 relatif \u00e0 l'organisation du syst\u00e8me d'inspection du travail,Vu l'arr\u00eat\u00e9 minist\u00e9riel du 27 novembre 2024 portant r\u00e9partition des unit\u00e9s de contr\u00f4le de l'inspection du travail,Vu l'arr\u00eat\u00e9 du ministre de l'\u00c9conomie, de la finance et de la relance, de la ministre du travail, de l'emploi, del'insertion, du ministre des Solidarit\u00e9s et de la sant\u00e9 en date du 25 mars 2021 confiant l'emploi de directeur r\u00e9gionalde l'\u00e9conomie, de l'emploi, du travail et des solidarit\u00e9s de Bretagne \u00e0 Madame V\u00e9ronique DESCACQ \u00e0 compter duter avril 2021;Vu l'arr\u00eat\u00e9 du Premier ministre et du ministre de l'Int\u00e9rieur et des Outre-Mer en date du 9 avril 2024 nommant M.Bertrand LE ROY, directeur d\u00e9partemental de l'emploi, du travail et des solidarit\u00e9s du Morbihan \u00e0 compter du 1\u00b0mai 2024 ;Vu l'arr\u00eat\u00e9 r\u00e9gional du 29 septembre 2025 relatif \u00e0 la localisation et \u00e0 la d\u00e9limitation des unit\u00e9s de contr\u00f4le et dessections d'inspection du travail pour la r\u00e9gion Bretagne ;Vu la d\u00e9cisionde l\u00e0 Directrice de la DREETS Bretagne du 1\u00b0 septembre 2025 relative \u00e0 l'affectation des agents decontr\u00f4le dans les unit\u00e9s de contr\u00f4le et gestion des int\u00e9rims de la direction d\u00e9partementale de l'emploi, du travailet des solidarit\u00e9s du Morbihan,\nDECISIONArticle 1\u00b0 : Responsables d'unit\u00e9 de contr\u00f4le (RUC)Sont nomm\u00e9s comme responsables des unit\u00e9s de contr\u00f4le de la direction d\u00e9partementale de l'emploi, du travailet des solidarit\u00e9s du Morbihan les agents suivants :Le responsable de l'unit\u00e9 de contr\u00f4le OUEST est : Monsieur Claude GUILLOULe responsable de l'unit\u00e9 de contr\u00f4le EST est : Monsieur Nicolas EPIPHANE\n5603_Direction d\u00e9partementale de l'emploi, du travail et des solidarit\u00e9s du Morbihan (DDETS) -  56-2025-09-29-00001 - D\u00e9cision du 29\nseptembre 2025 portant affectation AC et int\u00e9rims DDETS 56 7\nArticle 2 : Sections d'inspection du travail de la DDETS du MorbihanLes inspecteurs et contr\u00f4leurs du travail dont les noms suivent sont charg\u00e9s des actions d'inspection de la l\u00e9gislationdu travail dans les entreprises relevant des sections d'inspection du travail composant les unit\u00e9s de contr\u00f4le dud\u00e9partement du Morbihan.Unit\u00e9 de contr\u00f4le OUEST : 3, rue Jean Le Coutaller \u2014 56100 LORIENT \u2014 02.90.79.51.51.Section Nom et pr\u00e9nom de l'agent GradeOAM1 ORGEBIN Erick Inspecteur du travailO2 LE SAUX Christian Inspecteur du travail-O3 EATON Alain. Inspecteur du travail- O4 COCQUERELLE Micha\u00e9l Inspecteur du travailO5 PESCHELOCHE Sylvie Inspectrice du travailO6 GERNEZ Perrine Inspectrice du travailO7 Poste vacant |O8 TOUPIN B\u00e9n\u00e9dicte Inspectrice du travail-O9 GRAFFION Jeanne Inspectrice du travail\nUnit\u00e9 de contr\u00f4le EST : Parc Pompidou \u2014 Rue de Rohan - BP 70519 - 56017 VANNES CEDEX -\u2014 02.97.26.26.26.Section Nom et pr\u00e9nom de l'agent GradeEA1 MONNERET Nicolas Inspecteur du travailEAM2 CLAUSS Philippe Inspecteur du travailES MOELO Leila Inspectrice du travail -E4 CATROS Arnaud Inspecteur du travailES DONVAL-BOLTEAU Sandrine Inspectrice du travailE6 BUCHERON Olivier Inspecteur du travailE7 CHEVANCE Jessica Inspectrice du travailE8 'DO NASCIMENTO Lino Inspecteur du travailE9 LE GUENNEC Marie-Paule Inspectrice du travailE10 COLAS Val\u00e9rie Inspectrice du travailE11 HOSTIN Elodie Inspectrice du travail\nArticle 3 : Pouvoir de contr\u00f4leConform\u00e9ment \u00e0 l'article R. 8122-10, lorsque l'action le rend n\u00e9cessaire, les agents mentionn\u00e9s aux articles 1 et 2participent aux actions d'inspection de la l\u00e9gislation du travail sur le territoire de la direction d\u00e9partementale \u00e0laquelle est rattach\u00e9e l'unit\u00e9 de contr\u00f4le o\u00f9 ils sont affect\u00e9s.Article 4 : Int\u00e9rim des responsables d'unit\u00e9 de contr\u00f4leEn cas d'absence ou d'emp\u00e9chement de l'un des responsables d'unit\u00e9 de contr\u00f4le d\u00e9sign\u00e9s \u00e0 l'article 1, l'int\u00e9rim estorganis\u00e9 selon les modalit\u00e9s ci-apr\u00e8s :RUC de l'UC Ouest : RUC de l'UC EstRUC de l'UC Est : RUC de l'UC OuestEn cas d'absence de tout responsable d'unit\u00e9 de contr\u00f4le, l'int\u00e9rim est assur\u00e9 par Monsieur Bruno JOURDAN,directeur du travail - directeur adjoint P\u00f4le Entreprises et Travail \u00e0 la DDETS du Morbihan, ou en cas d'absence oud'emp\u00e9chement par Monsieur Bertrand LE ROY, directeur d\u00e9partemental de la DDETS du Morbihan.\n5603_Direction d\u00e9partementale de l'emploi, du travail et des solidarit\u00e9s du Morbihan (DDETS) -  56-2025-09-29-00001 - D\u00e9cision du 29\nseptembre 2025 portant affectation AC et int\u00e9rims DDETS 56 8\nArticle 5 : Int\u00e9rim des agents de contr\u00f4leEn cas d'absence ou d'emp\u00e9chement de l'un des agents de contr\u00f4le d\u00e9sign\u00e9s \u00e0 l'article 2, l'int\u00e9rim est organis\u00e9 selonles modalit\u00e9s ci-apr\u00e8s.5.1 Int\u00e9rim en l'absence des inspecteurs du travail d\u00e9sign\u00e9s en application de l'article 2 de la pr\u00e9sente d\u00e9cisionL'int\u00e9rim de la section OAM1 est assur\u00e9 par l'inspecteur du travail de la section EAM2,ou en cas d'emp\u00e9chement de ce dernier par l'inspecteur du travail de la section EA1,ou en cas d'emp\u00e9chement de ce dernier par l'inspecteur du travail de la section O2,ou en cas d'emp\u00eachement de ce dernier par l'inspecteur du travail de la section O3,ou en cas d'emp\u00eachement de ce dernier par l'inspecteur du travail de la section O4,ou en cas d'emp\u00e9chement de ce dernier par l'inspecteur du travail de la section O8,ou en cas d'emp\u00eachement de ce dernier par l'inspecteur du travail de la section O6,ou en cas d'emp\u00eachement de ce dernier par l'inspecteur du travail de la section O7,ou en cas d'emp\u00e9chement de ce dernier par l'inspecteur du travail de la section O8.ou en cas d'emp\u00e9chement de ce dernier par l'inspecteur du travail de la section O9.L'int\u00e9rim de la section O2 est assur\u00e9 par l'inspecteur du travail de la section O3,ou en cas d'emp\u00e9chement de ce dernier par l'inspecteur du travail de la section O4,ou en cas d'emp\u00eachement de ce dernier par l'inspecteur du travail de la section Os,ou en cas d'emp\u00e9chement de ce dernier par l'inspecteur du travail de la section O6,ou en cas d'emp\u00eachement de ce dernier par l'inspecteur du travail de la section O7,ou en cas d'emp\u00e9chement de ce dernier par l'inspecteur du travail de la section O8,ou en cas d'emp\u00eachement de ce dernier par l'inspecteur du travail de la section O9.ou en cas d'emp\u00e9chement de ce dernier par l'inspecteur du travail de la section OAM1.L'int\u00e9rim de la section O3 est assur\u00e9 par l'inspecteur du travail de la section O4,ou en cas d'emp\u00eachement de ce dernier par l'inspecteur du travail de la section Os,ou en cas d'emp\u00e9chement de ce dernier par l'inspecteur du travail de la section O6,ou en cas d'emp\u00e9chement de ce dernier par l'inspecteur du travail de la section O7,ou en cas d'emp\u00e9chement de ce dernier par l'inspecteur du travail de la section O8,ou en cas d'emp\u00e9chement de ce dernier par l'inspecteur du travail de la section O9,ou en cas d'emp\u00e9chement de ce dernier par l'inspecteur du travail de la section OAM1,ou en cas d'emp\u00e9chement de ce dernier par l'inspecteur du travail de la section O2.L'int\u00e9rim de la section O4 est assur\u00e9 par l'inspecteur du travail de la section Os,ou en cas d''emp\u00e9chement de ce dernier par l'inspecteur du travail de la section O6,ou en cas d'emp\u00e9chement de ce dernier par l'inspecteur du travail de la section O7,ou en cas d'emp\u00e9chement de ce dernier par l'inspecteur du travail de la section O8,ou en cas d'emp\u00e9chement de ce dernier par | l'inspecteur du travail de la section O9,ou en cas d'emp\u00e9chement de ce dernier par l'inspecteur du travail de la section OAM1, |ou en cas d'emp\u00e9chement de ce dernier par l'inspecteur dutravail de la section O2,ou en cas d'emp\u00e9chement de ce dernier par l'inspecteur du travail de la section O3.L'int\u00e9rim de la section OS est assur\u00e9 par l'inspecteur du travail de la section O6,ou en cas d'emp\u00e9chement de ce dernier par l'inspecteur du travail de la section O7,ou en cas d'emp\u00e9chement de ce dernier par l'inspecteur du travail de la section O8,ou en cas d'emp\u00e9chement de ce dernier par l'inspecteur du travail de la section O9,ou en cas d'emp\u00e9chement de ce dernier par l'inspecteur du travail.de la section OAM1,ou en cas d'emp\u00e9chement de ce dernier par l'inspecteur du travail de la section O2,ou en cas d'emp\u00e9chement de ce dernier par l'inspecteur du travail de la section O3,ou en cas d''emp\u00eachement de ce dernier par l'inspecteur du travail de la section O4.L'int\u00e9rim de la section O6 est assur\u00e9 par l'inspecteur du travail de la section O7,ou en cas d'emp\u00e9chement de ce dernier par l'inspecteur du travail de la section O8,ou en cas d'emp\u00eachement de ce dernier par l'inspecteur du travail de la section O9,ou en cas d'emp\u00e9chement de ce dernier par l'inspecteur du travail de la section OAM1,\n5603_Direction d\u00e9partementale de l'emploi, du travail et des solidarit\u00e9s du Morbihan (DDETS) -  56-2025-09-29-00001 - D\u00e9cision du 29\nseptembre 2025 portant affectation AC et int\u00e9rims DDETS 56 9\nen cas d'emp\u00e9chement de ce dernier par l'inspecteur du travail de la section O2,ou en cas d'emp\u00e9chement de ce dernier par l'inspecteurdu travail de la section O3,ou en cas d'emp\u00e9chement de ce dernier par l'inspecteur du travail de la section O4,ou en cas d'emp\u00e9chement de ce dernier par l'inspecteur du travail de la section Os.L'int\u00e9rim de la section O7 est assur\u00e9 par l'inspecteur du travail de la section O8,ou en cas d'emp\u00e9chement de ce dernier par l'inspecteur du travail de la section O9,ou en cas d'emp\u00e9chement de ce dernier par l'inspecteur du travail de la section OAM1,ou en cas d'emp\u00e9chement de ce dernier par l'inspecteur du travail de la section O2,ou en cas d'emp\u00e9chement de ce dernier par l'inspecteur du travail de la section O3,ou en cas d'emp\u00e9chement de ce dernier par l'inspecteur du travail de la section O4,ou en cas d'emp\u00e9chement de ce dernier par l'inspecteur du travail.de la section O5,ou en cas d'emp\u00e9chement de ce dernier par l'inspecteur du travail de la section O6.\nL'int\u00e9rim de la section O8 est assur\u00e9 par l'inspecteur du travail de la section O9,ou en cas d'emp\u00e9chement de ce dernier par l'inspecteur du travail de la section OAM1,ou en cas d'emp\u00e9chement de ce dernier par l'inspecteur du travail de la section O2,ou en cas d'emp\u00e9chement de ce dernier par l'inspecteur du travail de la section O3,ou en cas d'emp\u00e9chement de ce dernier par l'inspecteur du travail de la section O4,ou en cas d'emp\u00e9chement de ce dernier par l'inspecteur du travail de la section O5,ou en cas d'emp\u00e9chement de ce dernier par l'inspecteur du travail de la section O6,ou en cas d'emp\u00e9chement de ce dernier par l'inspecteur du travailde la section O7.L'int\u00e9rim de la section O9 est assur\u00e9 par l'inspecteur du travail de la section O2,ou en cas d'emp\u00e9chement de ce dernier par l'inspecteur du travail de la section OAM1,ou en cas d'emp\u00e9chement de ce dernier par l'inspecteur du travail de la section O3,ou en cas d'emp\u00e9chement de ce dernier par l'inspecteur du travail de la section O4,ou en cas d'emp\u00e9chement de ce dernier par l'inspecteur du travail de la section O5,ou en cas d'emp\u00e9chement de ce dernier par l'inspecteur du travail de la section O6,' ou en cas d'emp\u00e9chement de ce dernier par l'inspecteur du travail de la section O7,ou en cas d'emp\u00e9chement de ce dernier par l'inspecteur du travail de la section O8.L'int\u00e9rim de la section EA1 est assur\u00e9 par l'inspecteur du travail de la section EAM2ou en cas d'emp\u00e9chement de ce dernier par l'inspecteur du travail de la section OAM1,ou en cas d'emp\u00e9chement de ce dernier par l'inspecteur dutravail de la section E11,ou en cas d'emp\u00e9chement de ce dernier par l'inspecteur du travail de la section E8,ou en cas d'emp\u00e9chement de ce dernier par l'inspecteur du travail de la section E10,ou en cas d'emp\u00e9chement de ce dernier par l'inspecteur du travail de la section E4,ou en cas d'emp\u00e9chement de ce dernier par l'inspecteur du travail de la section E7,ou en cas d'emp\u00e9chement de ce dernier par l'inspecteur du travail de la section E6.L'int\u00e9rim de la section EAM2 est assur\u00e9 par l'inspecteur du travail de la section EA1,_ ou en cas d'emp\u00e9chement de ce dernier par l'inspecteur du travail de la section OAM1,ou en cas d'emp\u00e9chement de ce dernier par l'inspecteur du travail de la section E11,ou en cas d'emp\u00e9chement de ce dernier par l'inspecteur du travail de la section E8,ou en cas d'emp\u00e9chement de ce dernier par l'inspecteur du travail de la section E10,ou en cas d'emp\u00e9chement de ce dernier par l'inspecteur du travail de la section E4,ou en cas d'emp\u00e9chement de ce dernier par l'inspecteur du travail de la section E7,ou en cas d'emp\u00e9chement de ce dernier par l'inspecteur du travail de la section E6.L'int\u00e9rim de la section E3 est assur\u00e9 par l'inspecteur du travail de la section E4,ou en cas d'emp\u00e9chement de ce dernier par l'inspecteur du travail de la section E10,ou en cas d'emp\u00e9chement de ce dernier par l'inspecteurdu travail de la section E11,ou en cas d''emp\u00e9chement de ce dernier par l'inspecteur du travail de la section E8,ou en cas d'emp\u00e9chement de ce dernier par l'inspecteur du travail de la section E7,ou en cas d'emp\u00eachement de ce dernier par l'inspecteur du travail de la section E6, |ou en cas d'emp\u00e9chement de ce dernier par l'inspecteur du travail de la section EAM2,ou en cas d'emp\u00e9chement de ce dernier par l'inspecteur du travail de la section EA1.'4\n5603_Direction d\u00e9partementale de l'emploi, du travail et des solidarit\u00e9s du Morbihan (DDETS) -  56-2025-09-29-00001 - D\u00e9cision du 29\nseptembre 2025 portant affectation AC et int\u00e9rims DDETS 56 10\nL'int\u00e9rim de la section E4 est assur\u00e9 par l'inspecteur du travail de la section E7,ou en cas d'emp\u00e9chement de ce dernier par l'inspecteur du travail de la section ES,ou en cas d'emp\u00e9chement de ce dernier par l'inspecteur du travail de la section E8,ou en cas d'emp\u00e9chement de ce dernier par l'inspecteur du travail de la section E3,ou en cas d'emp\u00e9chement de ce dernier par l'inspecteur du travail de la section E6,ou en cas d'emp\u00e9chement de ce dernier par l'inspecteur du travail de la section EA1,ou en cas d'emp\u00e9chement de ce dernier par l'inspecteur du travail de la section E10,ou en cas d'emp\u00e9chement de ce dernier par l'inspecteur du travail de la section E9,ou en cas d'emp\u00e9chement de ce dernier par l'inspecteur du travail de la section EAM2,L'int\u00e9rim de la section ES est assur\u00e9 par l'inspecteur du travail de la section E8ou en cas d'emp\u00eachement de ce dernier par l'inspecteur du travail de la section E6,ou en cas d'emp\u00e9chement de ce dernier par l'inspecteur du travail de la section E10,ou en cas d'emp\u00e9chement de ce dernier par l'inspecteur du travail de la section E11,Ou en cas d'emp\u00eachement de ce dernier par l'inspecteur du travail de la section EAM2,ou en cas d'emp\u00e9chement de ce dernier par l'inspecteur du travail de la section E7,ou en cas d'emp\u00eachement de ce dernier par l'inspecteur du travail de la section E4,ou en cas d'emp\u00eachement de ce dernier par l'inspecteur du travail de la section EA1L'int\u00e9rim de la section E6 est assur\u00e9 par l'inspecteur du travail de la section E9,ou en cas d'emp\u00e9chement de ce dernier par l'inspecteur du travail de la section E10,ou en cas d'emp\u00e9chement de ce dernier par l'inspecteur du travail de la section E11,ou en cas d''emp\u00e9chement de ce dernier par l'inspecteur du travail de la section E4,ou en cas d'emp\u00e9chement de ce dernier par l'inspecteur du travail de la section E7,ou en cas d'emp\u00e9chement de ce dernier par l'inspecteur du travail de la section EA1,ou en cas d'emp\u00e9chement de ce dernier par l'inspecteur du travail de la section E3,ou en cas d'emp\u00e9chement de ce dernier par l'inspecteur du travail de la section E8.L'int\u00e9rim de la section E7 est assur\u00e9 par l'inspecteur du travail de la section E11,ou en cas d'emp\u00e9chement de ce dernier par l'inspecteur du travail de la section E8,-ou en cas d'emp\u00e9chement de ce dernier par l'inspecteur du travail de la section E4,ou en cas d'emp\u00e9chement de ce dernier par l'inspecteur du travail de la section E10,ou en cas d'emp\u00e9chement de ce dernier par l'inspecteur du travail de la section EAM2,ou en cas d'emp\u00e9chement de ce dernier par l'inspecteur du travail de la section E6,ou en cas d'emp\u00e9chement de ce dernier par l'inspecteur du travail de la section EA1,ou en cas d'emp\u00e9chement de ce dernier par l'inspecteur du travail de la section E3.L'int\u00e9rim de la section E8 est assur\u00e9 par l'inspecteur du travail de la section E5,ou en cas d'emp\u00e9chement de ce dernier par l'inspecteur du travail de la section E4,ou en cas d'emp\u00e9chement de ce dernier par l'inspecteur du travail de la section E6,ou en cas d'emp\u00e9chement de ce dernier par l'inspecteur du travail de la section E10,ou en cas d'emp\u00e9chement de ce dernier par l'inspecteur du travail de la section EY,ou en cas d'emp\u00e9chement de ce dernier par l'inspecteur du travail de la section E3,ou en cas d'emp\u00e9chement de ce dernier par l'inspecteur du travail de la section E9,ou en cas d'emp\u00e9chement de ce dernier par l'inspecteur du travail de la section E11,ou en cas d'emp\u00e9chement de ce dernier par l'inspecteur du travail de la section EAM2,ou en cas d'emp\u00e9chement de ce dernier par l'inspecteur du travail de la section EA1,L'int\u00e9rim de la section E9 est assur\u00e9 par l'inspecteur de la section E10,ou en cas d'emp\u00e9chement de ce dernier par l'inspecteur du travail de la section E3,ou en cas d'emp\u00e9chement de ce dernier par l'inspecteur du travail de la section E8,ou en cas d'emp\u00eachement de ce dernier par l'inspecteur du travail de la section E11,ou en cas d'emp\u00e9chement de ce dernier par l'inspecteur du travail de la section EAM2,ou en cas d'emp\u00e9chement de ce dernier par l'inspecteur du travail de la section E7,ou en cas d'emp\u00eachement de ce dernier par l'inspecteur du travail de la section E6,ou en cas d'emp\u00e9chement de ce dernier par l'inspecteur du travail de la section EA1,\n5603_Direction d\u00e9partementale de l'emploi, du travail et des solidarit\u00e9s du Morbihan (DDETS) -  56-2025-09-29-00001 - D\u00e9cision du 29\nseptembre 2025 portant affectation AC et int\u00e9rims DDETS 56 11\nL'int\u00e9rim de la section E10 est assur\u00e9 par l'inspecteur du travail de la section E6,ou en cas d'emp\u00e9chement de ce dernier par l'inspecteur du travail de la section E8,ou en cas d'emp\u00e9chement de ce dernier par l'inspecteur du travail de la section E11,ou en cas d'emp\u00e9chement de ce dernier par l'inspecteur du travail de la section EAM2,ou en cas d'emp\u00e9chement de ce dernier par l'inspecteur du travail de la. section E7,ou en cas d'emp\u00e9chement de ce dernier par l'inspecteur du travail de la section EA1,ou en cas d'emp\u00e9chement de ce dernier par l'inspecteur du travail de la section E3,ou en cas d'emp\u00e9chement de ce dernier par l'inspecteur du travail-de la section E9.L'int\u00e9rim de la section E11 est assur\u00e9 par l'inspecteur du travail de la section E3,ou en cas d'emp\u00e9chement de ce dernier par l'inspecteur du travail de la section E7,ou en cas d'emp\u00e9chement de ce dernier par l'inspecteur du travail de la section EAM2,ou en cas d'emp\u00e9chement de ce dernier par l'inspecteur du travail de la section E4,ou en cas d'emp\u00e9chement de ce dernier par l'inspecteur du travail de la section E6,O\u00d9 en cas d'emp\u00e9chement de ce dernier par l'inspecteur du travail de la section EA1ou en cas d'emp\u00e9chement de ce dernier par l'inspecteur du travail de la section E9ou en cas d'emp\u00e9chement de ce dernier par l'inspecteur du travail de la section E5\n5.2 Int\u00e9rim en l'absence des inspecteurs du travail en charge d\u00e9 la comp\u00e9tence carri\u00e8res :L'int\u00e9rim de la section EA1 est assur\u00e9 par l'inspecteur du travail de la section EAM2,ou en cas d'emp\u00e9chement de ce dernier par l'inspecteur du travail de la section E11,ou en cas d'emp\u00e9chement de ce dernier par l'inspecteur du travail de la section E8,ou en cas d'emp\u00eachement de ce dernier par l'inspecteur du travail de la section. Es,ou en cas d'emp\u00e9chement de ce dernier par le responsable de l'unit\u00e9 de contr\u00f4le EstL'int\u00e9rim de la section EAM2 est assur\u00e9 par l'inspecteur du travail de la section EA1,ou en cas d'emp\u00eachement de ce dernier par l'inspecteur du travail de la section E11,ou en cas d'emp\u00e9chement de ce dernier par l'inspecteur du travail de la section E8,ou en cas d'emp\u00e9chement de ce dernier par l'inspecteur du travail de la section E5,ou en cas d'emp\u00e9chement de ce dernier par le responsable de l'unit\u00e9 de contr\u00f4le EstL'int\u00e9rim de la section E11 est assur\u00e9 par l'inspecteur du travail de la section EAM2,ou en cas d'emp\u00e9chement de ce dernier par l'inspecteur du travail de la section EA1,ou en cas d'emp\u00e9chement de ce dernier par l'inspecteur du travail de la section E8,ou en cas d'emp\u00e9chement de ce dernier par l'inspecteur du travail de la section E5,ou en cas d'emp\u00e9chement de ce dernier par le responsable de l'unit\u00e9 de contr\u00f4le Est |\nArticle 6: La pr\u00e9sente d\u00e9cision abroge et remplace la d\u00e9cision du 1\u00b0 septembre 2025, relative \u00e0 l'affectation desagents de contr\u00f4le dans les unit\u00e9s de contr\u00f4le et gestion des int\u00e9rims au sein de la direction d\u00e9partementale del'emploi, du travail et des solidarit\u00e9s du Morbihan \u00e0 compter de sa publication.Article 7 : La directrice r\u00e9gionale de l'\u00e9conomie, de l'emploi, du travail et des solidarit\u00e9s de la r\u00e9gion Bretagne et ledirecteur d\u00e9partemental de l'emploi, du travail et des solidarit\u00e9s du Morbihan sont charg\u00e9s de l'ex\u00e9cution de lapr\u00e9sente d\u00e9cision qui sera publi\u00e9e au recueil des actes administratifs de la pr\u00e9fecture du d\u00e9partement du Morbihan.Fait \u00e0 Cesson- S\u00e9vign\u00e9, le 29 septembre 2025La Directrice r\u00e9gionale de l'\u00e9conomie, de l'emploi,du travail et des solidarit\u00e9s de la r\u00e9gion Bretagne\nV\u00e9ronique DESCACQ\n5603_Direction d\u00e9partementale de l'emploi, du travail et des solidarit\u00e9s du Morbihan (DDETS) -  56-2025-09-29-00001 - D\u00e9cision du 29\nseptembre 2025 portant affectation AC et int\u00e9rims DDETS 56 12\n| aLibert\u00e9 + Egalit\u00e9 + Fraternit\u00e9R\u00c9PUBLIQUE FRAN\u00c7AISE\nacademieArr\u00eat\u00e9 portant nomination des repr\u00e9sentants \u00e0 la commission administrative paritaired\u00e9partementale unique commune aux corps des instituteurs et des professeursdes \u00e9coles du MorbihanRennesdirection des servicesd\u00e9partementauxMorbihan< . L'Inspecteur d'acad\u00e9mie,Education Directeur acad\u00e9mique des services de l'\u00e9ducation nationale du Morbihan,nationale agissant par d\u00e9l\u00e9gation de la rectrice de l'acad\u00e9mie de Rennes,\nVu le code de l'\u00e9ducation, notamment l'article L.921-3 ;Vu la loi n\u00b0 84-16 du 11 janvier 1984 modifi\u00e9e portant dispositions statutaires relatives \u00e0 la fonction publique de l'Etat ;Vu le code g\u00e9n\u00e9ral de la fonction publique, et notamment le titre VI relatif aux commissions administratives paritaires (articles R261.1 \u00e0R264.83) ;Vu la nomination de monsieur St\u00e9phane CARON en qualit\u00e9 d'inspecteur d'acad\u00e9mie, directeur acad\u00e9mique des services de l'\u00e9ducationnationale du Morbihan, au 23 septembre 2024 ;Vu le proc\u00e8s-verbal de proclamation des r\u00e9sultats \u00e0 l'\u00e9lection des repr\u00e9sentants du personnel \u00e0 la commission administrative paritaired\u00e9partementale des instituteurs et professeurs des \u00e9coles du Morbihan du 8 d\u00e9cembre 2022 ;Vu le mouvement des personnels \u00e0 la rentr\u00e9e scolaire 20285 ;\nARRETEArt. 1\u00b0: Sont nomm\u00e9s, \u00e0 la commission administrative paritaire unique commune aux corps des instituteurs et des professeurs des\u00e9coles, les repr\u00e9sentants de l'administration suivants :\nTitulairesM. St\u00e9phane CARONInspecteur d'acad\u00e9mie,Directeur acad\u00e9mique des servicesde l'\u00e9ducation nationale du MorbihanM. St\u00e9phane CHARPENTIERSecr\u00e9taire g\u00e9n\u00e9ral des services d\u00e9partementauxde l'\u00e9ducation nationale du MorbihanM. Claude ROUSSEAUAdjoint au directeur acad\u00e9mique des servicesde l'\u00e9ducation nationale, en charge du 1er degr\u00e9M. Ludovic ARRAULTInspecteur de l'\u00e9ducation nationale charg\u00e9 deLa circonscription du 1\u00b0 degr\u00e9 de Lorient NordM. Philippe KEREBELInspecteur de l'\u00e9ducation nationale charg\u00e9 dela circonscription du 1\u00b0 degr\u00e9 de VannesM. Laurent MOUTARDInspecteur de l'\u00e9ducation nationale charg\u00e9 dela circonscription du 1\u00b0' degr\u00e9 des Landes de LanvauxMme Claire ARRAULTInspectrice de l'\u00e9ducation nationale charg\u00e9e dela circonscription du 1\u00b0 degr\u00e9 d'Hennebont\nSuppl\u00e9antsMme Estelle OLIVOCheffe de la division des personnelsenseignants du 1\u00b0 degr\u00e9 publicMme S\u00e9verine POULMARCHAdjointe \u00e0 la cheffe de division des personnelsenseignants du 1\u00b0 degr\u00e9 publicM. Jean-No\u00ebl JOSSEInspecteur de l'\u00e9ducation nationale charg\u00e9 dela circonscription du 1% degr\u00e9 d'AurayM. Jean-Ren\u00e9 LEANDRIInspecteur de l'\u00e9ducation nationale en charge del'adaptation scolaire et de la scolarisation des \u00e9l\u00e8ves handicap\u00e9sMme H\u00e9l\u00e8ne CONANInspectrice de l'\u00e9ducation nationale charg\u00e9e dela circonscription du 1\u00b0 degr\u00e9 de Lorient SudM. Yves LE GACInspecteur de l'\u00e9ducation nationale en charge del'enseignement pr\u00e9l\u00e9mentaireMme RAFFARD CarolineInspectrice de l'\u00e9ducation nationale charg\u00e9e dela circonscription du 1\u00b0 degr\u00e9 du Golfe\n5606_Direction des Services D\u00e9partementaux de l'Education Nationale DSDEN -  56-2025-09-25-00001 - arr\u00eat\u00e9 de composition de la commission\nadministrative paritaire d\u00e9partementale au 01/09/2025 13\nArt. 2: Sont nomm\u00e9s, a la commission administrative paritaire unique commune aux corps des instituteurs et des professeurs des\u00e9coles, les repr\u00e9sentants des personnels suivants :Titulaires Suppl\u00e9ants- en qualit\u00e9 de repr\u00e9sentants du SNUIPP - f\u00e9d\u00e9ration syndicale unitaire :Mme Anne-Sophie DEULLYProfesseur des \u00e9coles de classe exceptionnelleEcole maternelle Marcel Pagnol de LorientMme Marine RICOProfesseur des \u00e9coles de classe normaleEcole primaire La Farandole de Lauzach Mme Am\u00e9lie LE GENDREProfesseur des \u00e9coles de classe normaleEcole primaire Suzanne Bourquin de JosselinM. Ewen SALIOUProfesseur des \u00e9coles de classe normaleEcole \u00e9l\u00e9mentaire Philippe Meirieu de PlougoumelenMme Violaine PESCHOTProfesseur des \u00e9coles de classe normaleEcole primaire Arlecan de PlouhinecMme Ga\u00eblle TAROUProfesseur des \u00e9coles hors classeEcole \u00e9l\u00e9mentaire Jules Verne de Caudan Mme Aur\u00e9lie HAMONProfesseur des \u00e9coles de classe normaleEcole primaire Le Manio de LorientM. Harry RENNERProfesseur des \u00e9coles de classe normaleEcole maternelle Nouvelle Ville de LorientMme Lauriane TOUTAINProfesseur des \u00e9coles de classe normaleEcole primaire les Korrigans de GuernMme Soraya GRAMOULLEProfesseur des \u00e9coles de classe normaleSEGPA du coll\u00e8ge Le Verger d'Auray M. Lo\u00efc PLANCHONProfesseur des \u00e9coles de classe normaleEcole primaire Marcel Collet de PontivyMme Val\u00e9rie FLEURYProfesseur des \u00e9coles de classe exceptionnelleEcole \u00e9l\u00e9mentaire Prat Foen de Guidel\n- en qualit\u00e9 de repr\u00e9sentants du syndicat Sud \u00c9ducation :Mme Lily RAPPART PARENTProfesseur des \u00e9coles de classe normale_ Ecole maternelle Ren\u00e9e Raymond de LanesterM. Olivier LE ROUXProfesseur des \u00e9coles de classe normaleEcole primaire Georges Brassens de Bern\u00e9\n: L'arr\u00eat\u00e9 du 9 janvier 2025 portant nomination des repr\u00e9sentants \u00e0 la commission administrative paritaire d\u00e9partementale uniquecommune aux corps des instituteurs et des professeurs des \u00e9coles du Morbihan est abrog\u00e9..4 : Le secr\u00e9taire g\u00e9n\u00e9ral des services d\u00e9partementaux de l'\u00e9ducation nationale du Morbihan est charg\u00e9 de l'ex\u00e9cution du pr\u00e9sentarr\u00eat\u00e9 qui sera publi\u00e9 au recueil des actes administratifs de la pr\u00e9fecture du d\u00e9partement du Morbihan et prendra effet au 1\u00b0septembre 2025.\nA Vannes, le 25 septembre 2025\nPour la rectrice et par d\u00e9l\u00e9gation,l'inspecteur d'acad\u00e9mie,directeur acad\u00e9mique des servicesde l'\u00e9ducation nationale du MorbihanSt\u00e9phane CARON\n5606_Direction des Services D\u00e9partementaux de l'Education Nationale DSDEN -  56-2025-09-25-00001 - arr\u00eat\u00e9 de composition de la commission\nadministrative paritaire d\u00e9partementale au 01/09/2025 14\nPREFETDU MORBIHANLibert\u00e9Egalit\u00e9Fraternit\u00e9\nDirection des services d\u00e9partementaux\nde l'\u00e9ducation nationale\nArr\u00eat\u00e9 pr\u00e9fectoral modifiant l'arr\u00eat\u00e9 fixant la composition\n du conseil d\u00e9partemental de l'\u00e9ducation nationale :\n(CDEN)\nLe pr\u00e9fet du Morbihan\nChevalier de l'ordre national du M\u00e9rite\nVu le code de l'\u00e9ducation et notamment ses articles R235-1 et suivants ;\nVu  la  loi  n\u00b0  82-213  du  2  mars  1982  modifi\u00e9e,  relative  aux  droits  et  libert\u00e9s  des  communes,  des\nd\u00e9partements et des r\u00e9gions ;\nVu la loi n\u00b0 83-663 du 22 juillet 1983 compl\u00e9tant la loi n\u00b0 83-8 du 7 janvier 1983 relative \u00e0 la r\u00e9partition de\ncomp\u00e9tences entre les communes, les d\u00e9partements, les r\u00e9gions et l'Etat ;\nVu la loi n\u00b0 85-97 du 25 janvier 1985 modifiant et compl\u00e9tant la loi n\u00b0 83-663 du 22 juillet 1983 et portant\ndispositions diverses relatives aux rapports entre l'Etat et les collectivit\u00e9s territoriales ;\nVu le d\u00e9cret du 07 mai 2025 nommant Monsieur Micha\u00ebl GALY, pr\u00e9fet du Morbihan ;\nVu l'arr\u00eat\u00e9 56-2025-07-03-00002 du  03 juillet 2025 fixant la composition du conseil  d\u00e9partemental de\nl'\u00e9ducation nationale ;\nSur proposition du secr\u00e9taire g\u00e9n\u00e9ral de la pr\u00e9fecture du Morbihan,\nARRETE\nArticle 1\n : L'arr\u00eat\u00e9 pr\u00e9fectoral susvis\u00e9 portant nomination des membres du conseil d\u00e9partemental de\nl'\u00e9ducation nationale est abrog\u00e9.\nArticle 2\n : A compter de la d\u00e9signation des repr\u00e9sentants et dans la limite de trois ans, sont nomm\u00e9s\nmembres du conseil d\u00e9partemental de l'\u00e9ducation nationale :\nTitulaires Suppl\u00e9ants\nI \u2013 en qualit\u00e9 de repr\u00e9sentants des collectivit\u00e9s territoriales :\nI \u2013 a : Commune\nMonsieur Fabrice ROBELET Madame No\u00eblle CHENOT\nMaire de BRECH Maire de SURZUR\n5606_Direction des Services D\u00e9partementaux de l'Education Nationale DSDEN -  56-2025-10-09-00004 - Arr\u00eat\u00e9 pr\u00e9fectoral du 9 octobre 2025\nmodifiant l'arr\u00eat\u00e9 fixant la composition du conseil d\u00e9partemental de l'\u00e9ducation nationale (CDEN) 15\nMadame Claire MASSON Madame Sandrine CADORET\nMaire d'AURAY Maire de PLUMERGAT\nMadame Marie-H\u00e9l\u00e8ne HERRY Monsieur S\u00e9bastien WACRENI ER\nMaire de Saint MALO de BEIGNON Maire de MESLAN\nMonsieur David GUILLOUX\nMaire de BERNE\nI \u2013 b : D\u00e9partement\nMadame Fran\u00e7oise BALLESTER Monsieur Ronan LOAS\nCanton de GUIDEL Canton de PLOEMEUR\nMadame Dominique LE MEUR Monsieur Michel JALU\nCanton de GRAND-CHAMP Canton d'AURAY\nMadame Rozenn GUEGAN Monsieur Mohamed AZGAG\nCanton de MOR\u00c9AC Canton de VANNES-1\nMonsieur Dominique LE NINIVEN Madame Ga\u00eblle FAVENNEC\nCanton de GOURIN Canton de VANNES 3\nMonsieur Alain CARIS Madame Marie LE BOTERFF\nCanton de LANESTER Canton de QUESTEMBERT\nI \u2013 c : R\u00e9gion\nMonsieur Simon UZENAT Monsieur Benjamin FLOHIC\nConseiller r\u00e9gional Conseiller r\u00e9gional\nII \u2013 en qualit\u00e9 de repr\u00e9sentants des personnels de l'Etat dans le d\u00e9partement :\nII \u2013 a : F\u00e9d\u00e9ration syndicale universitaire\nMonsieur R\u00e9gis BARRUE                                                               Monsieur Fabrice RABAT\nProfesseur certifi\u00e9                                                                         Professeur certifi\u00e9\nLyc\u00e9e Jean Mac\u00e9 - LANESTER                                                      Coll\u00e8ge de Gaulle- PLOEMEUR\nMadame Ga\u00efd LE GOFF Monsieur Philippe LEAUSTIC\nProfesseure certifi\u00e9e Professeur agr\u00e9g\u00e9\nColl\u00e8ge J.Rostand \u2013 MUZILLAC Lyc\u00e9e Colbert - LORIENT\nMonsieur Harry RENNER                                                         Monsieur Olivier LEROY\nProfesseur des \u00e9coles   Professeur d'\u00e9ducation physique et sportive\nBrigade d\u00e9partementale                                                            Coll\u00e8ge de Trefaven - LORIENT\n5606_Direction des Services D\u00e9partementaux de l'Education Nationale DSDEN -  56-2025-10-09-00004 - Arr\u00eat\u00e9 pr\u00e9fectoral du 9 octobre 2025\nmodifiant l'arr\u00eat\u00e9 fixant la composition du conseil d\u00e9partemental de l'\u00e9ducation nationale (CDEN) 16\nMonsieur Ewen SALIOU Madame Violaine PESCHOT\nProfesseur des \u00e9coles                                                                  Professeure des \u00e9coles \u2013 Ecole arlecan -\nEcole Les aigrettes- NOSTANG                                                   PLOUHINEC\nMadame Marine RICO Madame Ga\u00eblle TAROU\nProfesseure des \u00e9coles Professeure des \u00e9coles\nEcole La farandole \u2013 LAUZACH Ecole J. Verne - CAUDA N\nMonsieur Fr\u00e9d\u00e9ric BIOTTEAU Madame Enza CASSARO\nProfesseur agr\u00e9g\u00e9 Professeure agr\u00e9g\u00e9e\nLyc\u00e9e C.de Gaulle - VANNES Lyc\u00e9e Lesage - VANNES\nII \u2013 b : Syndicat Sud Education\nMadame C\u00e9line LE PESTIPON Monsieur Benjamin SCHOEMAN N\nProfesseure des \u00e9coles Professeur certifi\u00e9\nEcole Le manio - LORIENT Coll\u00e8ge E. Maz\u00e9 \u2013 GUEMENE/S CORFF\nII \u2013 c : F\u00e9d\u00e9ration nationale de l'enseignement, de la culture et de la formation professionnelle \u2013 Force\nouvri\u00e8re\nMonsieur Lo\u00efc AVRY Monsieur Laurent JACQUEMIN\nProfesseur certifi\u00e9 Professeur des \u00e9coles\nLyc\u00e9e V.Hugo- HENNEBONT Ecole Bisson - LORIENT\nII \u2013 d : Syndicat g\u00e9n\u00e9ral de l'Education nationale-Conf\u00e9d\u00e9ration fran\u00e7aise d\u00e9mocratique du travail (SGEN-\nCFDT)\nMadame Florence PECK Monsieur Mathias PALARIC\nProfesseure des \u00e9coles Professeur certifi\u00e9\nBrigade de remplacement \u2013 PONTIVY TZR LORIENT\nII \u2013 e : Conf\u00e9d\u00e9ration g\u00e9n\u00e9rale des travailleurs (CGT Educ'action 56)\nMonsieur R\u00e9mi HAMON Monsieur Robin DANILO\nProfesseur de lyc\u00e9e professionnel Professeur certifi \u00e9\nLyc\u00e9e Marie LE FRANC Lyc\u00e9e LESAGE-VANNES\nLORIENT\nIII \u2013 en qualit\u00e9 de repr\u00e9sentants des usagers :\nIII \u2013 a : les parents d'\u00e9l\u00e8ves :\n- F\u00e9d\u00e9ration des conseils de parents d'\u00e9l\u00e8ves (FCPE) :\nMonsieur Emmanuel GUEVARA Madame Isabelle HAMERY\nMadame Am\u00e9lie LE MOULINIER                                                 Monsieur Laurent BOUREILLE\nMadame Rachel LE BIHAN Monsieur Jo\u00ebl GOURSAT\nMonsieur Marc PENARD-FRANC Madame Sonia COUFFIN\n5606_Direction des Services D\u00e9partementaux de l'Education Nationale DSDEN -  56-2025-10-09-00004 - Arr\u00eat\u00e9 pr\u00e9fectoral du 9 octobre 2025\nmodifiant l'arr\u00eat\u00e9 fixant la composition du conseil d\u00e9partemental de l'\u00e9ducation nationale (CDEN) 17\nMonsieur Adrien LEMOINE Madame Adeline CADORET\nMonsieur Romain GUIDER\nMadame Audrey JACQUEMIN\nIII \u2013 b : les associations compl\u00e9mentaires de l'enseignement public\n- La ligue de l'enseignement \u2013 F\u00e9d\u00e9ration d\u00e9partementale du Morbihan\nMonsieur William BECQUE Madame H\u00e9l\u00e8ne GARRABE BRUS\nIII \u2013 c : les personnalit\u00e9s qualifi\u00e9es :\nIII \u2013 c -1\u00b0) d\u00e9sign\u00e9es par le pr\u00e9fet\nMonsieur Pierrick LE BRIS Madame Claude JAHIER\nIII \u2013 c -2\u00b0) d\u00e9sign\u00e9es par le pr\u00e9sident du Conseil d\u00e9partemental\nMadame Kareen LE PABIC-MAYER Monsieur Yvon DANIEL\nIII \u2013 d : le d\u00e9l\u00e9gu\u00e9 d\u00e9partemental de l'Education nationale :\nMonsieur Claude GIRAULT Monsieur Christian TANGUY\nArticle  3\n :  Le  secr\u00e9taire  g\u00e9n\u00e9ral  de  la  pr\u00e9fecture  du  Morbihan,  le secr\u00e9taire  g\u00e9n\u00e9ral  des  services\nd\u00e9partementaux de l'\u00e9ducation nationale du Morbihan, le directeur g\u00e9n\u00e9ral des services du Conseil\nd\u00e9partemental sont charg\u00e9s, chacun pour ce qui le concerne, de l'ex\u00e9cution du pr\u00e9sent arr\u00eat\u00e9 qui sera\npubli\u00e9  au  recueil  des  actes  administratifs  de  la  pr\u00e9fecture  du  Morbihan  et  au  recueil  des  actes\nadministratifs du d\u00e9partement du Morbihan.\n               Vannes, le 09 octobre 2025\n        \n       Pour le pr\u00e9fet, par d\u00e9l\u00e9gation, \n               le  secr\u00e9taire g\u00e9n\u00e9ral\n       \n              Sign\u00e9\n                 St\u00e9phane JARLEGAND\n5606_Direction des Services D\u00e9partementaux de l'Education Nationale DSDEN -  56-2025-10-09-00004 - Arr\u00eat\u00e9 pr\u00e9fectoral du 9 octobre 2025\nmodifiant l'arr\u00eat\u00e9 fixant la composition du conseil d\u00e9partemental de l'\u00e9ducation nationale (CDEN) 18","date":"2025-10-14","first_seen_on":"2025-10-14T16:26:15+00:00","id":"526515deff181f67d8e3b5d662acafa992ce30a7339b445bf8de95b102f834b5","name":"56-2025-100 - RAA Sp\u00e9cial (NOMINATIF) du 14 octobre 2025","pdf_creation_date":"2025-10-14T14:57:43+00:00","pdf_modification_date":null,"timezone":"Europe/Paris","url":"https://www.morbihan.gouv.fr/contenu/telechargement/78224/607438/file/56-2025-100%20-%20RAA%20Sp%C3%A9cial%20(NOMINATIF)%20du%2014%20octobre%202025.pdf"}
