{"administration":"pref83","administration_name":"Pr\u00e9fecture du Var","content":"RECUEIL\nDES ACTES\nADMINISTRATIFS\nDE LA\nPR\u00c9FECTURE\nDU VAR\nNum\u00e9ro 7\nPubli\u00e9 le 9 janvier 2024\nBOULEVARD DU 112EME REGIMENT D'INFANTERIE \u2013 83070 TOULON CEDEX \u2013 TEL 04.94.18.83.83 TELECOPIE 04.94.18.82.83\nRECUEIL DES ACTES ADMINISTRATIFS\nDE LA PR\u00c9FECTURE DU VAR \nSOMMAIRE N\u00b07 publi\u00e9 le   9 janvier 2024  \nBUREAU DE LA REPR\u00c9SENTATION DE L'\u00c9TAT\n- Arr\u00eat\u00e9 pr\u00e9fectoral N\u00b0001 conf\u00e9rant l'honorariat \u00e0 Monsieur Yves BACQUET ancien\nmaire de Bargemon\nDIRECTION DE LA COORDINATION DES POLITIQUES PUBLIQUES\nET DE L'APPUI TERRITORIAL\n- Arr\u00eat\u00e9 pr\u00e9fectoral du 8 janvier 2024 portant renouvellement de la composition de\nla  commission  de  suivi  du  site  pour  l'installation  de  stockage  de  d\u00e9chets  non\ndangereux de Roumagayrol, \u00e0 Pierrefeu-du-Var\nDIRECTION D\u00c9PARTEMENTALE DES TERRITOIRES ET DE LA MER\n- Arr\u00eat\u00e9  pr\u00e9fectoral  N\u00b0DDTM/SAF/BFDFCI/2023-27  du  15  d\u00e9cembre  2023  portant\n\u00e9tablissement  d'une  servitude  de  passage  et  d'am\u00e9nagement  sur  la  piste  D153\n\u00ab Vignes du Peirol \u00bb commune de Collobri\u00e8res.\nDIRECTION D\u00c9PARTEMENTALE DES FINANCES PUBLIQUES\n- Arr\u00eat\u00e9 de cl\u00f4ture des travaux de remaniement du cadastre de la commune de\nPuget-Ville\n- Mandat \u00e0 Madame Sylvie LANGEVIN\n- Mandat \u00e0 Monsieur Fr\u00e9d\u00e9ric MENISSEZ\n- Mandat \u00e0 Monsieur Patrick NAVARRO\nDIRECTION D\u00c9PARTEMENTALE DE L'EMPLOI DU TRAVAIL ET DES SOLIDARIT\u00c9S\n- R\u00e9c\u00e9piss\u00e9 de d\u00e9claration d'un organisme de services \u00e0 la personne enregistr\u00e9 sous le\nN\u00b0 SAP382585073\n- R\u00e9c\u00e9piss\u00e9 de d\u00e9claration d'un organisme de services \u00e0 la personne enregistr\u00e9 sous le\nN\u00b0 SAP982339475 N\u00b0 SIREN 982339475\n- R\u00e9c\u00e9piss\u00e9 de d\u00e9claration d'un organisme de services \u00e0 la personne enregistr\u00e9 sous le\nN\u00b0 SAP982339475\n- R\u00e9c\u00e9piss\u00e9 de d\u00e9claration d'un organisme de services \u00e0 la personne enregistr\u00e9 sous le\nN\u00b0 SAP979997665\nBOULEVARD DU 112EME REGIMENT D'INFANTERIE \u2013 83070 TOULON CEDEX \u2013 TEL 04.94.18.83.83 TELECOPIE 04.94.18.82.83\n-  Demande  de  renonciation  N\u00b0  85720  du  07/01/2024  de  Madame  LELIEVRE\nNafissatou\n- R\u00e9c\u00e9piss\u00e9 de d\u00e9claration d'un organisme de services \u00e0 la personne enregistr\u00e9 sous le\nN\u00b0 SAP983041203\n- R\u00e9c\u00e9piss\u00e9 de d\u00e9claration d'un organisme de services \u00e0 la personne enregistr\u00e9 sous le\nN\u00b0 SAP982208316\nCENTRE HOSPITALIER HENRI GUERIN\n- D\u00e9cision N\u00b02024/01/04 portant constitution du coll\u00e8ge de l'article L 3211-2 du code\nde la sant\u00e9 publique\nBOULEVARD DU 112EME REGIMENT D'INFANTERIE \u2013 83070 TOULON CEDEX \u2013 TEL 04.94.18.83.83 TELECOPIE 04.94.18.82.83\nE X .\nCabinet\nPD\u00ceIE{:I\u00cb\\TI\u00ce(  Bureau de la Repr\u00e9sentation  de I'Etat\nLibert\u00e9\n\u00c9galit\u00e9\nFraternit\u00e9\nARR\u00caT\u00c9  PR\u00c9FECTORAL  n\u00b0 0 0 1\nconf\u00e9rant  l'honorariat  \u00e0 Monsieur  Yves BACQU  ET\nancien  maire  de BARGEMON  _\nLe Pr\u00e9fet  du Var,\nVu l'article  L.2122-35  modifi\u00e9  du code g\u00e9n\u00e9ral  des collectivit\u00e9s  territoriales  qui pr\u00e9voit  que\nl'honorariat  est conf\u00e9r\u00e9  par le repr\u00e9sentant  de I'Etat dans le d\u00e9partement  aux anciens  maires,\nmaires d\u00e9l\u00e9gu\u00e9s  et adjoints  qui ont exerc\u00e9 des fonctions  municipales  pendant  au moins dix-\nhuit  ann\u00e9es,\nVu le courrier  en date du 6 d\u00e9cembre  2023 de l'association  des anciens  maires et adjoints  du\nVar sollicitant  le titre de maire  honoraire  pour Monsieur  Yves BACQUET,\nQUET  a exerc\u00e9  sur la commune  de Bargemon  un mandatConsid\u00e9rant  que Monsieur  Yves  BAC\n07, ainsi que les fonctions  d'adjoint  au maire  de 2007 \u00e0\nde conseiller  municipal  de 2001  \u00e0 20\n2014  et de maire  de 2014  \u00e0 2020,\nSur proposition  de Madame  la sous-pr\u00e9f\u00e8te,  directrice  de cabinet  du Pr\u00e9fet du Var,\nARR\u00caTE:\nArticle  1\u00b0: Monsieur  Yves BACQUET,  ancien maire de la commune  de Bargemon,  est nomm\u00e9\nmaire  honoraire.\nr\u00e9fet  du Var, est charg\u00e9e  deArticle  2 : Madame  la sous-pr\u00e9f\u00e8te,  directrice  de cabinet  du P\nes administratifs  et dont  unl'ex\u00e9cution  du pr\u00e9sent  arr\u00eat\u00e9  qui sera publi\u00e9  au recueil  des act\nexemplaire  sera notifi\u00e9  \u00e0 Monsieur  Yves BACQUET.\nFait \u00e0 Toulon,  le \u00fb 9 JAN,  \u00cf,EZ\u00cf!\nLe Pr\u00e9fet\nPr\u00e9fecture  du Var\nBd du 112\u00e8me  R\u00e9giment  d'Infanterie  e\nCS 31 209 - 83070  TOULON  CEDEX\nM\u00e8l : pref-representation-etat@va  r.gouv:fr\n\nPREFET\nDU VAR  Direction  de la coordination\ni  des politiques  publiques  et\nFraternit\u00e9  de l'appui  territorial\nBureau  de l'environnement  et\ndu d\u00e9veloppement  durable\nARR\u00caT\u00c9  PR\u00c9FECTORAL  du - 8 JAN.  2024\nportant  renouvellement  de la composition  de la commission  de suivi  du site  pour\nI'installation  de stockage  de d\u00e9chets  non  dangereux  de Roumagayrol,  \u00e0 Pierrefeu-du-Var.\nLe Pr\u00e9fet  du Var\nVu la directive  (CEE)  n\u00b0 2003-4  du 28 janvier  2003  du Parlement  europ\u00e9en  et du Conseil\nconcernant  l'acc\u00e8s  du public  \u00e0 I'information  en mati\u00e8re  d'environnement  ;\nVu le code  de l'environnement,  notamment  ses articles  L125-1,  L125-2-1,  R125-5,  R125-8,\nR125-8-1  \u00e0 R125-8-5  et son  livre  V, titres  Ter et IV-relatifs  aux  installations  class\u00e9es  pour  la\nprotection  de l'environnement  et aux  d\u00e9chets  ;\nVu le code  du travail  notamment  l'article  L241111  ;\nVu le code  g\u00e9n\u00e9ral  des  collectivit\u00e9s  territoriales  ;\nVu le code  des  relations  entre  le public  et l'administration  notamment  les articles  R133-1  \u00e0\nR133-13;\nVu le d\u00e9cret  n\u00b0 2012-189  du 7 f\u00e9vrier  2012  relatif  aux  commissions  de suivi  de site  ;\nVu le d\u00e9cret  du Pr\u00e9sident  de la R\u00e9publique  du 13 juillet  2023  nommant  M. Philippe  MAH\u00c9,\npr\u00e9fet  du Var  ;\nVu le d\u00e9cret  du Pr\u00e9sident  de la R\u00e9publique  du 15 avril  2022  nommant  M. Lucien  GIUDICELLI,\nsecr\u00e9taire  g\u00e9n\u00e9ral  de la pr\u00e9fecture  du Var,  sous-pr\u00e9fet  de l'arrondissement  de Toulon  ;\nVu l'arr\u00e9t\u00e9  pr\u00e9fectoral  n\u00b02023/47/MCI  du 21 ao\u00fbt  2023  portant  d\u00e9l\u00e9gation  de signature  \u00e0\nM. Lucien  GIUDICELLI,  secr\u00e9taire  g\u00e9n\u00e9ral  de la pr\u00e9fecture  du Var  ;\nVu l'arr\u00eat\u00e9  pr\u00e9fectoral  du 6 novembre  2003,  modifi\u00e9  et compl\u00e9t\u00e9,  autorisant  la soci\u00e9t\u00e9\nSOVATRAM  (groupe  Pizzorno  Environnement)  \u00e0 exploiter  une  installation  de stockage  de\nd\u00e9chets  non  dangereux  au lieu-dit  \u00ab Roumagayrol  \u00bb, \u00e0 Pierrefeu-du-Var  ;\nVu l'arr\u00e9t\u00e9  pr\u00e9fectoral  du 15 d\u00e9cembre  2014  autorisant  la soci\u00e9t\u00e9  Azur  Valorisation  \u00e0\nexploiter,  en lieu  et place  de la SOVATRAM,  linstallation  de stockage  de d\u00e9chets  non\ndangereux  de Roumagayrol,  \u00e0 Pierrefeu-du-Var  ;\nVu l'arr\u00eat\u00e9  pr\u00e9fectoral  du 15 f\u00e9vrier  2013,  modifi\u00e9,  portant  cr\u00e9ation  d'une  commission  de suivi\nde site  pour  l'installation  de stockage  de d\u00e9chets  non  dangereux  de Roumagayrol,  \u00e0\nPierrefeu-du-Var  ;\n1/3\n\nVu l'arr\u00e9t\u00e9  pr\u00e9fectoral  du 25 septembre  2018,  modifi\u00e9,  portant  renouvellement  de la\ncomposition  de la commission  de suivi  de site  de l'installation  de stockage  de d\u00e9chets  non\ndangereux  de Roumagayrol  ;\nConsid\u00e9rant  que  le mandat  des  membres  de la commission  de suivi  de site  pour  l'installation\nde stockage  de d\u00e9chets  non  dangereux  de Roumagayrol,  d'une  dur\u00e9e  de cing  ans,  est venu  \u00e0\n\u00e9ch\u00e9ance  le 25 septembre  2023  et qu'il  convient  de proc\u00e9der  \u00e0 la recomposition  des\ndiff\u00e9rents  coll\u00e8ges  si\u00e9geant  au sein  de ladite  commission  ;\nConsid\u00e9rant  les consultations  effectu\u00e9es  par lettres  et courriels  des  6 et 7 septembre  2023  ;\nSur  proposition  du secr\u00e9taire  g\u00e9n\u00e9ral  de la pr\u00e9fecture  du Var,\nARR\u00caTE  :\nArticle  1\u00b0\"  :\nLa commission  est compos\u00e9e  des  membres  suivants,  r\u00e9partis  en cing  coll\u00e8ges  :\nColl\u00e8ge  des administrations  de l'\u00c9tat\n\u2014 le pr\u00e9fet  du Var  ou son  repr\u00e9sentant  ;\n- le directeur  r\u00e9gional  de l'environnement,  de l'am\u00e9nagement  et du logement  Provence-\nAlpes-C\u00f4te  d'Azur  ou son  repr\u00e9sentant  ;\n- le d\u00e9l\u00e9gu\u00e9  d\u00e9partemental  de l'agence  r\u00e9gionale  de sant\u00e9  ou son  repr\u00e9sentant  ;\n- le directeur  d\u00e9partemental  des  territoires  et de la mer  ou son  repr\u00e9sentant  ;\n\u2014 le directeur  du service  d\u00e9partemental  d'incendie  et de secours  ou son  repr\u00e9sentant  ;\n\u2014le  directeur  r\u00e9gional  de l''\u00e9conomie,  de l'emploi,  du travail  et des  solidarit\u00e9s  ou son\nrepr\u00e9sentant.\nColl\u00e8ge  des  collectivit\u00e9s  territoriales\nPierrefeu-du-Var\n\u2014 M. Patrick  MARTINELLI,  maire,  titulaire  ;\n- M. Jean-Luc  ROVERE,  5\u00b0 adjoint  au maire,  suppl\u00e9ant  ;\nCollobri\u00e8res\n- M. Michel  ARMANDI,  3\u00b0 adjoint  au maire,  titulaire  ;\n\u2014 M. Jean-Pierre  RIZZO,  1* adjoint  au maire,  suppl\u00e9ant  ;\nLa Londe-les-Maures\n\u2014 M. Fran\u00e7ois  de CANSON,  maire,  titulaire  ;\n\u2014 M. Bernard  MARTINEZ,  conseiller  municipal,  suppl\u00e9ant  ;\nPuget-Ville\n\u2014 Mme  Catherine  ALTARE,  maire,  titulaire  ;\n- M. Jean-Pierre  ROUX,  conseil  municipal,  suppl\u00e9ant  ;\nConseil  d\u00e9partemental  du Var\n- Mme  Christine  AMRANE,  conseill\u00e8re  d\u00e9partementale,  titulaire  ;\n2/3\n\n- M. Jean-Martin  GUISIANO,  conseiller  d\u00e9partemental  suppl\u00e9ant.\nColl\u00e8ge  des  riverains  et des  associations  de protection  de l'environnement\n\u2014 Mme  Martine  MARCEL,  pr\u00e9sidente  de l'association  \u00ab protection  de l'environnement\npierrefeucain  \u00bb domicili\u00e9e  a Pierrefeu-du-Var,  Hameau  Beauvais,  ou son  suppl\u00e9ant  ;\n-\n\u2014 M. Daniel  PEUVRIER,  repr\u00e9sentant  l'association  varoise  pour  la sauvegarde  de l'agriculture,\nde la nature  et de l'environnement  (AVSANE)  ou son  suppl\u00e9ant  ;\n- M. Michel  PIERRE,  vice-pr\u00e9sident  de I'union  d\u00e9partementale  pour  la sauvegarde  de la vie,  de\nla nature  et de l'environnement  (UDVN.  - FN83)  ou son  suppl\u00e9ant  ;\n\u2014 M. Louis  FONTICELLLI,  pr\u00e9sident  de la f\u00e9d\u00e9ration  d\u00e9partementale  pour  la p\u00eache  et la\nprotection  du milieu  aquatique  (FDPPMA)  ou son  suppl\u00e9ant.\nColl\u00e8ge  de l'exploitant  de l'installation  class\u00e9e  (Azur  Valorisation)\n\u2014 M. Herv\u00e9  ANTONSANTI,  titulaire  M. Fr\u00e9d\u00e9ric  DEVALLE,  suppl\u00e9ant  ;\n\u2014 Mme  Christine  YUSTE,  titulaire  M. Philippe  BONIFACIO,  suppl\u00e9ant  ;\n- M. Yves  GUIRRIEC,  titulaire  Mme  Floriane  PASCALE,  suppl\u00e9ante.\nColl\u00e8ge  des  salari\u00e9s  d'Azur  Valorisation,  propos\u00e9s  par  la d\u00e9l\u00e9gation  du personnel  au comit\u00e9\nd'hygi\u00e8ne,  de s\u00e9curit\u00e9  et des  conditions  de travail  et choisis  parmi  les salari\u00e9s  prot\u00e9g\u00e9s  au\nsens  du code  du travail  :\n\u2014 M. Mehdi  DANESI,  titulaire  ;\n\u2014 M. Nordine  HANOU,  titulaire  ;\n\u2014 Mme  Nathalie  STEBIG,  titulaire.\n- M. Guy  DANESI,  suppl\u00e9ant  ;\n- M. David  FAUCHET,  suppl\u00e9ant  ;\n- M. Pascal  REMONDON,  suppl\u00e9ant.  \u00bb\nLa dur\u00e9e  du mandat  des  membres  de la commission  est fix\u00e9e  \u00e0 cinqg  ans.\nArticle  2 :\nLe pr\u00e9sent  arr\u00eat\u00e9  peut  faire  l'objet  d'un  recours  aupr\u00e8s  du tribunal  administratif  de Toulon\ndans  un d\u00e9lai  de deux  mois  \u00e0 compter  de sa publication.\nDans  le cas  oU un recours  contentieux  serait  engag\u00e9  devant  le tribunal  administratif  de\nToulon,  il intervient  par  un d\u00e9p\u00f4t  de requ\u00eate,  soit  aupr\u00e8s  de l'accueil  de la juridiction,  soit  par\ncourrier,  soit  par  t\u00e9l\u00e9copie  ou au moyen  de l'application  informatique  \"T\u00e9l\u00e9recours  citoyen\"\naccessible  par  le site  internet  www.telerecours.fr\nArticle  3 :\nLe secr\u00e9taire  g\u00e9n\u00e9ral  de la pr\u00e9fecture  du Var  et le directeur  r\u00e9gional  de l'environnement,  de\nI'am\u00e9nagement  et du logement  Provence-Alpes-C\u00f4te  d'Azur  sont  charg\u00e9s,  chacun  en ce qui  le\nconcerne,  de l'ex\u00e9cution  du pr\u00e9sent  arr\u00eat\u00e9,  qui  sera  publi\u00e9  au recueil  des  actes  administratifs\nde la pr\u00e9fecture  du Var  et dont  une  copie  sera  adress\u00e9e  aux  membres  de la commission  de\nsuivi  de site.\nFait \u00e0 Toulon,  le =8 JAN. 2024\nPour le Pr\u00e9 \u00e9gatiof,\n\u00e9ecr\u00e9taire  g\u00e9n\u00e9ral,\n3/3\n\nPREFET  =i  I\nDU VAR  Direction  d\u00e9partementale\nLibert\u00e9  des territoires  et de la mer  du Var\n\u00c9galit\u00e9\nFraternit\u00e9\nARR\u00caT\u00c9  PR\u00c9FECTORAL  n\u00b0 DDTM/SAF/BFDFCI/2023-27  du 15 DEC. 2023\nportant  \u00e9tablissement  d'une  servitude  de passage  et d'am\u00e9nagement\nsur la piste  D153  \u00ab Vignes  du Peirol  \u00bb\ncommune  de Collobri\u00e8res\nLe pr\u00e9fet  du Var,\nVu le Code  Forestier  notamment  les articles  L.134-1,  L134-2,  L.134-3  et I'ordonnance  n\u00b02012-92\ndu 26 janvier  2012  ;\nVu le d\u00e9cret  n\u00b02004-374  du 29 avril  2004  modifi\u00e9  relatif  aux  pouvoirs  des  pr\u00e9fets,  \u00e0\nI'organisation  et \u00e0 l'action  des services  de l'\u00c9tat  dans  les r\u00e9gions  et les d\u00e9partements  ;\nVu le d\u00e9cret  n\u00b0 2012-836  du 29 juin  2012  relatif  \u00e0 la partie  r\u00e9glementaire  du code  forestier,\nnotamment  les articles  R134-1,  R134-2,  R134-3  ;\nVu le d\u00e9cret  du Pr\u00e9sident  de la R\u00e9publique  du 15 avril  2022  portant  nomination  de Monsieur\nLucien  GIUDICELLI,  secr\u00e9taire  g\u00e9n\u00e9ral  de la pr\u00e9fecture  du Var  ; '\nVu le d\u00e9cret  du Pr\u00e9sident  de la R\u00e9publique  du 13 juillet  2023  portant  nomination  de Monsieur\nPhilippe  MAH\u00c9,  pr\u00e9fet  du Var  ;\nVu l'arr\u00eat\u00e9  pr\u00e9fectoral  du 29 d\u00e9cembre  2008  approuvant  le plan  d\u00e9partemental  de\nprotection  des  for\u00eats  contre  l'incendie  (PDPFCI)  ;\nVu l'arr\u00eat\u00e9  pr\u00e9fectoral  du 19 juin  2018  r\u00e9glementant  dans  le d\u00e9partement  du Var  la\np\u00e9n\u00e9tration  dans  les massifs  forestiers,  la circulation  et le stationnement  sur certaines  voies\nles desservant  et l'usage  de certains  appareils  et mat\u00e9riels  \u00e0 l'int\u00e9rieur  de ces  massifs  ;\nVu l'arr\u00eat\u00e9  pr\u00e9fectoral  n\u00b02022/65/MCI  du 26 d\u00e9cembre  2022  portant  d\u00e9l\u00e9gation  de signature\n\u00e0 M. Lucien  GIUDICELLI,  secr\u00e9taire  g\u00e9n\u00e9ral  de la pr\u00e9fecture  du Var  ;\nVu le plan  intercommunal  de d\u00e9broussaillement  et am\u00e9nagement  forestier  (PIDAF)  de la\ncommunaut\u00e9  de communes  M\u00e9diterran\u00e9e  Porte  des  Maures,  approuv\u00e9  par arr\u00eat\u00e9  pr\u00e9fectoral\nen date  du 05 f\u00e9vrier  2020  ;\nVu la d\u00e9lib\u00e9ration  n\u00b048/2022  de la communaut\u00e9  de communes  M\u00e9diterran\u00e9e  Porte  des\nMaures  en date  du 24 mars  2022  ;\nVu la d\u00e9lib\u00e9ration  n\u00b023.03  de la commune  de Collobri\u00e8res,  en date  du 17 mars  2023  ;\nVu le certificat  d'affichage  de la commune  de Collobri\u00e8res  en date  du 24 novembre  2023  ;\nVu l'avis  favorable  \u00e9mis  par  la sous-commission  d\u00e9partementale  pour  la s\u00e9curit\u00e9  contre  les\nrisques  d'incendies  de for\u00eat,  lande,  maquis  et garrigue  en date  du 14 avril  2023  ;\nVu les pi\u00e8ces  du dossier  port\u00e9es  \u00e0 la connaissance  des  propri\u00e9taires  notamment  le rapport  de\npr\u00e9sentation  et le plan  parcellaire  ;\nConsid\u00e9rant  que  cette  voie,  par  sa localisation  et sa situation  topographique,  constitue  un\nouvrage  tr\u00e8s  favorable  pour  l'appui  \u00e0 la lutte  contre  les incendies  de for\u00eats  ;\n1/3\n\nConsid\u00e9rant  la n\u00e9cessit\u00e9  d'assurer  la p\u00e9rennit\u00e9  de cette  voie  et sa mise  aux  normes  par  des\ntravaux  adapt\u00e9s  (largeur  de la bande  de roulement,  aires  de croisement  et de retournement)  ;\nConsid\u00e9rant  que  cet  ouvrage  DFCI  (d\u00e9fense  des  for\u00e9ts  contre  I'incendie),  par sa situation\ntopographique,  est destin\u00e9  \u00e0 prot\u00e9ger  le territoire  de la communaut\u00e9  de communes\nM\u00e9diterran\u00e9e  Porte  des  Maures  et qu'il  est donc  r\u00e9alis\u00e9  \u00e0 son  profit  exclusif  ;\nSur  proposition  du directeur  d\u00e9partemental  des  territoires  et de la mer  du Var,\nARR\u00caTE  :\nArticle  1\u00b0':  Une  servitude  de passage  et d'am\u00e9nagement  est cr\u00e9\u00e9e  pour  assurer  la mise  aux\nnormes  et la p\u00e9rennit\u00e9  de la piste  D153  \u00ab Vignes  du Peirol  \u00bb, sur le territoire  de la commune\nde Collobri\u00e8res.\nLa piste  D153,  d'une  longueur  de 2 480  ml a une  vocation  de liaison.\nElle  d\u00e9bute  au sud  \u00e0 la D14  et se poursuit  vers  le nord-ouest  jusqu'a  I'intersection  avec  la piste\nD12.\nCette  servitude  est \u00e9tablie  au profit  de la communaut\u00e9  de communes  M\u00e9diterran\u00e9e  Porte\ndes  Maures,  d\u00e9sign\u00e9e  ensuite  sous  le terme  de \u00ab b\u00e9n\u00e9ficiaire  \u00bb.\nArticle  2 : L'emprise  de la servitude  porte  sur une  largeur  de bande  de roulement  minimale  de\n4 m et n'exc\u00e9dant  pas  6 m. Cette  emprise  de la servitude  porte  \u00e9galement  sur les aires  de\ncroisement  et de retournement  connexes  (\u00e9quipements  ayant  une  surface  au sol inf\u00e9rieure  \u00e0\n500  m?).\nL'\u00e9tablissement  de la servitude  n'est  pas  soumis  \u00e0 enqu\u00eate  publique.\nArticle  3 : Les parcelles  concern\u00e9es  par  cette  servitude  sont  les suivantes  :\nCommune  Section  Parcelle  Contenance  (are) S:;::\u00ca\u00ee;;\"\u00efmr  izs;e\nCollobri\u00e8res  H 0657  1ha60a80ca  194\nCollobri\u00e8res  H 0653  2ha79a60ca  1128\nCollobri\u00e8res  H 0652  2ha79a60ca  1182\nCollobri\u00e8res  H 0649  5ha27a50ca  5\nCollobri\u00e8res  H 0172  Oha41a40ca  556\nArticle  4: Conform\u00e9ment  \u00e0 l'article  L134-2  du Code  forestier,  le b\u00e9n\u00e9ficiaire  de cette\nservitude  peut  proc\u00e9der,  \u00e0 ses frais,  \u00e0 un d\u00e9broussaillement  des  abords  de la voie  sur deux\nbandes  lat\u00e9rales,  sans  que  le total  des  largeurs  de ces  bandes  n'exc\u00e8de  100  m\u00e8tres.\nL'entretien  de la voie,  ainsi  que  le maintien  en \u00e9tat  d\u00e9broussaill\u00e9  des  abords  de la voie,  est \u00e0 la\ncharge  du b\u00e9n\u00e9ficiaire  de la servitude.\n2/3\n\nArticle  5: La servitude  comporte  un droit  d'am\u00e9nagement  afin  d'assurer  la continuit\u00e9  des\nvoies  de d\u00e9fense  des  for\u00eats  contre  l'incendie.  Elle  comporte  aussi  un droit  de passage  \u00e0 usage\nDFCI,  sur la piste  qui sera  am\u00e9nag\u00e9e  \u00e0 cet effet.\nL'acc\u00e8s  \u00e0 la piste  pour  en assurer  son  entretien  et son  maintien  en condition  op\u00e9rationnelle,\nn'est  autoris\u00e9  que  pour  les services  de l'\u00c9tat  ou l'entreprise  mandat\u00e9e  par  le b\u00e9n\u00e9ficiaire  de la\nservitude.\nLes propri\u00e9taires  de terrains  touch\u00e9s  par  cette  servitude  et leurs  ayants  droit  pourront  utiliser\nla piste  pour  l'exploitation  des  fonds  asservis.\nArticle  6: La pose  de la signalisation  aux  deux  extr\u00e9mit\u00e9s  de la piste  sera  \u00e0 la charge  du\nb\u00e9n\u00e9ficiaire.  Cette  signalisation  comportera  des  panneaux  indiquant  le num\u00e9ro  de la piste,\nson  nom  et un panneau  d'interdiction  de circuler  cod\u00e9  BO. Elle  sera  plac\u00e9e  \u00e0 chaque  entr\u00e9e\nde la piste,  c\u00f4t\u00e9  droit,  et quelques  m\u00e8tres  en retrait.\nArticle  7 : Le plan  de situation  de la piste  et les plans  cadastraux  sont  joints  au pr\u00e9sent  arr\u00eat\u00e9.\nArticle  8 : Le pr\u00e9sent  arr\u00eat\u00e9  sera  affich\u00e9  en mairie  de la commune  de Collobri\u00e8res  pendant  2\nmois  et publi\u00e9  au recueil  des  actes  administratifs.\nDe plus,  il sera,  par  les soins  du b\u00e9n\u00e9ficiaire,  notifi\u00e9  \u00e0 chacun  des  propri\u00e9taires  concern\u00e9s  par\ncourrier  recommand\u00e9  avec  accus\u00e9  de r\u00e9ception.\nArticle  9: L'existence  de cette  servitude  sera  mentionn\u00e9e  en annexe  du document\nd'urbanisme  en vigueur  de la commune  de Collobri\u00e8res.  La servitude  pourra  \u00eatre  publi\u00e9e  \u00e0 la\nConservation  des  Hypoth\u00e8ques  \u00e0 la diligence  du b\u00e9n\u00e9ficiaire.\nArticle  10 : Les propri\u00e9taires  de chacun  des  fonds  concern\u00e9s  seront  avis\u00e9s  par  la communaut\u00e9\nde communes  M\u00e9diterran\u00e9e  Porte  des  Maures,  dix jours  au moins  avant  le commencement\ndes  travaux  d'am\u00e9nagement,  par  courrier  recommand\u00e9  avec  accus\u00e9  de r\u00e9ception.  Ce courrier\nindiquera  la date  du d\u00e9but  des  travaux  ainsi  que  leur  dur\u00e9e  pr\u00e9visionnelle.\nArticle  11: Si la comp\u00e9tence  DFCI  n'est  plus  assur\u00e9e  par  le b\u00e9n\u00e9ficiaire  de la servitude,  la\nstructure  territoriale  qui sera  charg\u00e9e  de la mise  en \u0153uvre  de la comp\u00e9tence  DFCI,  deviendra\nalors  le nouveau  b\u00e9n\u00e9ficiaire.  \u00c0 d\u00e9faut,  la servitude  reviendra  \u00e0 la commune  de Collobri\u00e8res.\nArticle  12 : Le secr\u00e9taire  g\u00e9n\u00e9ral  de la Pr\u00e9fecture,  le directeur  d\u00e9partemental  des  territoires  et\nde la mer  du Var,  le pr\u00e9sident  de la communaut\u00e9  de communes  M\u00e9diterran\u00e9e  Porte  des\nMaures,  le maire  de la commune  de Collobri\u00e8res  sont  charg\u00e9s,  chacun  en ce qui  le concerne,\nde l'application  du pr\u00e9sent  arr\u00eat\u00e9.\n3/3\n\nPREFECTURE  DU  VAR\nARRETE\nde cloture  des  travaux  de remaniement  du cadastre\nde la commune  de PUGET-VILLE\nLe Pr\u00e9fet  du Var,\nVu la loi du 6 juillet  1943  relative  \u00e0 l'ex\u00e9cution  des  travaux  g\u00e9od\u00e9siques  et cadastraux  et\n\u00e0 la conservation  des signaux,  bornes  et rep\u00e8res  ;\nVu le d\u00e9cret  n\u00b0 55-471  du 30 avril  1955  relatif  \u00e0 la r\u00e9novation  et \u00e0 la conservation  du\nCadastre  ;\nVu la loi n\u00b0 74-645  du 18 juillet  1974  relative  \u00e0 la mise  \u00e0 jour  p\u00e9riodique  de valeurs\nlocatives  servant  de base  aux  impositions  directes  locales  ;\nSur la proposition  du Directeur  D\u00e9partemental  des Finances  publiques,\nARR\u00caTE\nArticle  1\" \u2014 La date  d'ach\u00e8vement  des  travaux  de remaniement  du cadastre  dans  la commune  de\nPUGET-VILLE  est fix\u00e9e  au 31 janvier  2024.\nArticle  2 \u2014 Le pr\u00e9sent  arr\u00eat\u00e9  sera  affich\u00e9  \u00e0 la mairie  de la commune  de PUGET-VILLE  et des\ncommunes  limitrophes.  Il sera  publi\u00e9  dans  la forme  ordinaire.\nArticle  3 \u2014 Le texte  du pr\u00e9sent  arr\u00eat\u00e9  sera  ins\u00e9r\u00e9  au Recueil  des  actes  administratifs  de la pr\u00e9fecture  du\nVar.\nFait \u00e0 Toulon,  le 0 9 JAN.  2024\n\n\u0152x\nMINIST\u00c8RE\nDE-L'ACTION  .\nET DES  COMPTES\nPUBLICS\nLibert\u00e9\n\u00c9galit\u00e9\nFraternit\u00e9\nObjet  :\nRepr\u00e9sentation  de la Direction\nG\u00e9n\u00e9rale  des  Finances  Publiques\ndevant  les instances  judiciaires\nAffaire  :\nMandat  g\u00e9n\u00e9ral  de repr\u00e9sentation\nJe soussign\u00e9,  Jean-Michel  BLANCHARD,  Directeur  D\u00e9partemental  des Finances  Publiques  du Var,\ndonne  mandat  \u00e0 Madame  Sylvie  LANGEVIN  en charge  des relations  avec  le Parquet  pr\u00e8s  la Cour\nd'Appel  d'Aix-en-Provence,  susceptible  de se pr\u00e9senter  en audience,  afin de me repr\u00e9senter  dans\nles affaires  examin\u00e9es  en Cour  d'Appel  d'Aix-en-Provence,  en qualit\u00e9  de repr\u00e9sentant  de partie\ncivile  aupr\u00e8s  de la Cour  d'Appel  d'Aix-en-Provence  et d'effectuer  en mon  nom  tout  acte de\nproc\u00e9dure  y aff\u00e9rent.\nLe Directeur  d\u00e9partemental  d'es'F'inances  publiques  du VarToulon,  le 20/12/2023\nMANDAT\n_\nJean-Michel  BLANCHARD| Direction  g\u00e9n\u00e9rale\ndes Finances  publiques\nDIRECTION  D\u00c9PARTEMENTALE  DES FINANCES  PUBLIQUES  DU VAR\nPLACE  BESAGNE  - CS 91409\n83056  TOULON  CEDEX\n\n\u00cb\u00e8'\u00ef}\u00e2\u00e4'}\u00e2N  Direction  g\u00e9n\u00e9rale\nET DES COMPTES  des Finances  publiques\nPUBLICS  DIRECTION  DEPARTEMENTALE  DES FINANCES  PUBLIQUES  DU VAR\nLibert\u00e9  - PLACE  BESAGNE  - CS 91409\n\u00c9galit\u00e9  . 83056 TOULON  CEDEX\nFraternit\u00e9\nObjet  :\nRepr\u00e9sentation  de la Direction\nG\u00e9n\u00e9rale  des Finances  Publiques\ndevant  les instances  judiciaires\nAffaire  :\nMandat  g\u00e9n\u00e9ral  de repr\u00e9sentation\nToulon,  le 20/12/2023\nMANDAT\nJe soussign\u00e9,  Jean-Michel  BLANCHARD,  Directeur  D\u00e9partemental  des Finances  Publiques  du Var,\ndonne  mandat  \u00e0 Monsieur  Fr\u00e9d\u00e9ric  MENISSEZ  en charge  des relations  avec  le Parquet  pr\u00e8s la\nCour  d'Appel  d'Aix-en-Provence,  susceptible  de se pr\u00e9senter  en audience,  afin de me repr\u00e9senter\ndans les affaires  examin\u00e9es  en Cour  d'Appel  d'Aix-en-Provence,  en qualit\u00e9  de repr\u00e9sentant  de\npartie  civile  aupr\u00e8s  de la Cour  d'Appel  d'Aix-en-Provence  et d'effectuer  en mon-nom  tout acte de\nproc\u00e9dure  y aff\u00e9rent.\nLe Directeur d\u00e9partementa'l  g\u00e9\u00e4 nances publiques du Var\nJean-Michel  BLANCHARD\n\nE N\nMINISTERE\nDE L'ACTION\nET DES  COMPTES\nPUBLICS\nLibert\u00e9\n\u00c9galit\u00e9\nFraternit\u00e9\nObjet  :\nRepr\u00e9sentation  de ia Direction\nG\u00e9n\u00e9rale  des Finances  Publiques\ndevant  les instances  judiciaires\nAffaire  :\nMandat  g\u00e9n\u00e9ral  de repr\u00e9sentationDirection  g\u00e9n\u00e9rale\ndes Finances  publiques\nDIRECTION  DEPARTEMENTALE  DES FINANCES  PUBLIQUES  DU VAR\nPLACE  BESAGNE  - CS 91409\n83056  TOULON  CEDEX\nToulon,  le 20/12/2023\nMANDAT\nJe soussign\u00e9,  Jean-Michel  BLANCHARD,  Directeur  D\u00e9partemental  des Finances  Publiques  du Var,\ndonne  mandat  & Monsieur  Patrick  NAVARRO  en charge  des relations  avec  le Parquet  pr\u00e9s  la Cour\nd'Appel  d'Aix-en-Provence,  susceptible  de se pr\u00e9senter  en audience,  afin de me repr\u00e9senter  dans\nles affaires  examin\u00e9es  en Cour  d'Appel  d'Aix-en-Provence,  en qualit\u00e9  de repr\u00e9sentant  de partie\ncivile  aupr\u00e9s  de la Cour  d'Appel  d'Aix-en-Provence  et d'effectuer  en mon  nom  tout  acte  de\nproc\u00e9dure  y aff\u00e9rent.\nLe Directeur d\u00e9partemental  deA;nces  publiques du Var\np\n=\nJean-Michel  BLANCHARD\n\n2E l\nLibert\u00e9  \u00bb \u00c9galit\u00e9  \u00bb Fraternit\u00e9\nR\u00c9PUBLIQUE  FRAN\u00c7AISE\nR\u00e9c\u00e9piss\u00e9  de d\u00e9claration\nd'un  organisme  de services  \u00e0 la personne\nenregistr\u00e9  sous  le N\u00b0 SAP382585073\nVu le code  du travail  et notamment  les articles  L.7231-1  \u00e0 L.7233-2,  R.7232-16  \u00e0 R.7232-22,  D.7231-1  et\nD.7233-1  \u00e0 D.7233-5  ;\nVu la demande  de d\u00e9claration  d\u00e9pos\u00e9e  par  l'organisme  Antonietta  Incatasciato,  24 BD STALINGRAD\n83500  LA SEYNE-SUR-MER,  le 03/01/24  ;\nLe pr\u00e9fet  du Var\nConstate  :\nQu'une  d\u00e9claration  d'activit\u00e9s  de services  \u00e0 la personne  a \u00e9t\u00e9  d\u00e9pos\u00e9e  aupr\u00e8s  du service  instructeur\ndu Var,  le 03/01/24  par  Mme.  INCATASCIATO  ANTONIETTA  en qualit\u00e9  de dirigeant(e),  pour\nI'organisme  Antonietta  Incatasciato  dont  l'\u00e9tablissement  principal  est situ\u00e9  24 BD STALINGRAD\n83500  LA SEYNE-SUR-MER  et enregistr\u00e9  sous  le N\u00b0 SAP382585073  pour  les activit\u00e9s  suivantes  :\n\u00bb Entretien  de la maison  et travaux  m\u00e9nagers  (mode  d'intervention  Prestataire)\n* Pr\u00e9paration  de repas  \u00e0 domicile  (mode  d'intervention  Prestataire)\n\u00bb Collecte  et livraison  \u00e0 domicile  de linge  repass\u00e9  (mode  d'intervention  Prestataire)\n\u00bb Livraison  de courses  \u00e0 domicile  (mode  d'intervention  Prestataire)\n\u00bb Maintenance,  entretien  et vigilance  temporaires  \u00e0 domicile  (mode  d'intervention  Prestataire)\n\u00ab Assistance  administrative  \u00e0 domicile  (mode  d'intervention  Prestataire)\n\u00ab Soins  et promenade(s)  d'animaux  pour  personnes  d\u00e9pendantes  (mode  d'intervention  Prestataire)\n\u00ab Conduite  du v\u00e9hicule  des  personnes  en cas  d'invalidit\u00e9  temporaire  (mode  d'intervention\nPrestataire)\n\u00bb Accompagnement  des  personnes  pr\u00e9sentant  une  invalidit\u00e9  temporaire  (mode  d'intervention\nPrestataire)\nToute  modification  concernant  les activit\u00e9s  exerc\u00e9es  devra  faire  l'objet  d'une  d\u00e9claration\nmodificative  pr\u00e9alable.\nSous  r\u00e9serve  d'\u00eatre  exerc\u00e9es  \u00e0 titre  exclusif  (ou  sous  r\u00e9serve  d'une  comptabilit\u00e9  s\u00e9par\u00e9e  pour  les\npersonnes  morales  dispens\u00e9es  de cette  condition),  ces  activit\u00e9s  ouvrent  droit  au b\u00e9n\u00e9fice  'des\ndispositions  des  articles  L. 7233-2  du code  du travail  et L.241-10  du code  de la s\u00e9curit\u00e9  sociale  dans\nles conditions  pr\u00e9vues  par  ces  articles.\nLes  effets  de la d\u00e9claration  courent  \u00e0 compter  du jour  du d\u00e9p\u00f4t  de la d\u00e9claration  sous  r\u00e9serve  des\ndispositions  de l'article  R.7232-18  du code  du travail.  Le pr\u00e9sent  r\u00e9c\u00e9piss\u00e9  n'est  pas  limit\u00e9  dans  le\ntemps.  La d\u00e9claration  a une  port\u00e9e  nationale.\nL'enregistrement  de la d\u00e9claration  peut  \u00eatre  retir\u00e9  dans  les conditions  fix\u00e9es  aux  articles  R.7232-\n20 \u00e0 R.7232-22  du code  du travail.\nLe pr\u00e9sent  r\u00e9c\u00e9piss\u00e9  sera  publi\u00e9  au recueil  des  actes  administratifs  de la pr\u00e9fecture.\nLe pr\u00e9sent  r\u00e9c\u00e9piss\u00e9  peut,  \u00e0 compter  de sa notification,  faire  l'objet  d'un  recours  gracieux  aupr\u00e8s\nservice  instructeur  du Var  ou d'un  recours  hi\u00e9rarchique  adress\u00e9  au ministre  charg\u00e9  de l'\u00e9conomie  -\nDirection  g\u00e9n\u00e9rale  des  entreprises  \u2014 sous-direction  des  services  marchands,  61 Boulevard  Vincent\nAuriol,  75703  PARIS  CEDEX  13.\nIl peut  \u00e9galement  faire  l'objet  d'un  recours  contentieux  dans  un d\u00e9lai  de deux  mois  \u00e0 compter  de sa\nnotification  aupr\u00e8s  du tribunal  administratif  de Toulon.\n\nLe tribunal  administratif  peut  aussi  \u00eatre  saisi  par  I'application  informatique  \u00ab T\u00e9l\u00e9recours  citoyen  \u00bb\naccessible  sur le site  internet  http://www.telerecours.fr/\nEn cas  de rejet  du recours  gracieux  ou hi\u00e9rarchique  ou en l'absence  de r\u00e9ponse  \u00e0 ce recours  (rejet\nimplicite),  un recours  contentieux  devant  le tribunal  administratif  de Toulon  peut  \u00e9galement  \u00eatre\nform\u00e9  contre  la d\u00e9cision  initiale  dans  un d\u00e9lai  de deux  mois  \u00e0 compter  de ce rejet.\nFait  \u00e0 CS 31209  - 83070  TOULON  Cedex,  le\n04/01/24\n3\n>4\n\nd\nLibert\u00e9  \u00ab \u00c9galit\u00e9  < Fraternit\u00e9\nR\u00c9PUBLIQUE  FRAN\u00c7AISE\nArr\u00eat\u00e9  portant  agr\u00e9ment\nd'un  organisme  de services  \u00e0 la personne\nN\u00b0 SAP982339475\nN\u00b0 SIREN  982339475\nVu le code  du travail,  notamment  ses articles  L. 7232-1,  R. 7232-1  \u00e0 R. 7232-10,  D. 7231-1,  D.7231-2  et\nD.7233-1;\nVu le cahier  des  charges  pr\u00e9vu  \u00e0 l'article  R. 7232-6  du code  du travail  ;\nVu la demande  d'agr\u00e9ment  pr\u00e9sent\u00e9e  le 15/12/2023,  par  M. ABELLA  Cyrille  en qualit\u00e9  de\ndirigeant(e),\nLe pr\u00e9fet  du Var\nArr\u00eate  :\nArticle  1er\nL'agr\u00e9ment  de l'organisme  SAP982339475,  dont  l'\u00e9tablissement  principal  est situ\u00e9  AV  MARECHAL\nDELATTRE  DE TASSIGNY  83140  SANARY-SUR-MER  est  accord\u00e9  pour  une  dur\u00e9e  de cinq  ans  \u00e0\ncompter  du 15/12/2023.\nLa demande  de renouvellement  devra  \u00eatre  d\u00e9pos\u00e9e  dans  les conditions  fix\u00e9es  par  l'article  R.7232-8\net, au plus  tard,  trois  mois  avant  la fin de cet  agr\u00e9ment.\nArticle  2\nCet  agr\u00e9ment  couvre  les activit\u00e9s  selon  le mode  d'intervention  indiqu\u00e9  et les d\u00e9partements\nsuivants  :\n\u00bb Assistance  aux  personnes  \u00e2g\u00e9es  (mandataire  et/ou  mise  \u00e0 disposition)  (mode\nd'intervention  Mandataire)  - (83)\n\u00ab Assistance  aux  personnes  handicap\u00e9es  (mandataire  et/ou  mise  \u00e0 disposition)  (mode\nd'intervention  Mandataire)  - (83)\n\u00bb Conduite  de v\u00e9hicule  des  PA/PH  (mandataire  et/ou  mise  \u00e0 disposition)  (mode\nd'intervention  Mandataire)  - (83)\n\u00bb Accompagnement  des  PA/PH  dans  leurs  d\u00e9placements  (mandataire  et/ou  mise  \u00e0\ndisposition)  (mode  d'intervention  Mandataire)  - (83)\nArticle  3\nSi l'organisme  envisage  de fournir  des  activit\u00e9s  autres  que  celles  pour  lesquelles  il est agr\u00e9\u00e9  ou\nd'exercer  ses activit\u00e9s  dans  un d\u00e9partement  autre  que  celui  pour  lequel  il est agr\u00e9\u00e9,  il devra\nsolliciter  une  modification  pr\u00e9alable  de son  agr\u00e9ment.\nSi l'organisme  propose  des  activit\u00e9s  de garde  ou d'accompagnement  d'enfants  de moins  de 3 ans\n>u de moins  de 18 ans  handicap\u00e9s,  il devra  solliciter  une  modification  pr\u00e9alable  de son  agr\u00e9ment  en\nzas de changement  de mode  d'intervention.\n-'ouverture  d'un  nouvel  \u00e9tablissement  dans  un d\u00e9partement  pour  lequel  il est agr\u00e9\u00e9  devra\nsgalement  faire  l'objet  d'une  information  pr\u00e9alable  aupr\u00e8s  du service  instructeur.\n\nArticle  4\nLe pr\u00e9sent  agr\u00e9ment  pourra  \u00eatre  retir\u00e9  si l'organisme  agr\u00e9\u00e9  :\n- cesse  de remplir  les conditions  ou de respecter  les obligations  mentionn\u00e9es  aux  articles\nR.7232-4  \u00e0 R.7232-9  du code  du travail.  d\n- ne respecte  pas  les dispositions  l\u00e9gales  relatives  \u00e0 la sant\u00e9  et \u00e0 la s\u00e9curit\u00e9  au travail,\n\u00ab- _ exerce  d'autres  activit\u00e9s  que  celles  mentionn\u00e9es  dans  le pr\u00e9sent  arr\u00eat\u00e9,\n\u00bb ne transmet  pas  au pr\u00e9fet  comp\u00e9tent  les statistiques  mentionn\u00e9es  \u00e0 l'article  R.7232-9  du\ncode  du travail.  :\nArticle  5\nCet  agr\u00e9ment  n'ouvre  pas  droit  aux  avantages  fiscaux  et sociaux  fix\u00e9s  par  l'article  L.7233-2  du code\ndu travail  et L.241-10  du code  de la s\u00e9curit\u00e9  sociale.  Conform\u00e9ment  \u00e0 l'article  L.7232-1-1  du code  du\ntravail,  pour  ouvrir  droit  \u00e0 ces  dispositions,  l'organisme  doit  se d\u00e9clarer  et n'exercer  que  les\nactivit\u00e9s  d\u00e9clar\u00e9es,  \u00e0 l'exclusion  de toute  autre  (ou  tenir  une  comptabilit\u00e9  s\u00e9par\u00e9e  pour  les\norganismes  dispens\u00e9s  de cette  condition  par  l'article  L. 7232-1-2).\nArticle  6\nLe pr\u00e9sent  arr\u00eat\u00e9  sera  publi\u00e9  au recueil  des  actes  administratifs  de la pr\u00e9fecture.\nIl peut,  dans  les deux  mois  \u00e0 compter  de sa notification,  faire  l'objet  d'un  recours  gracieux  aupr\u00e8s\ndu .service  instructeur  du Var  ou d'un  recours  hi\u00e9rarchique  adress\u00e9  au ministre  charg\u00e9  de\nl'\u00e9conomie  - direction  g\u00e9n\u00e9rale  des  entreprises  - sous-direction  des  services  marchands,  61\nBoulevard  Vincent  Auriol,  75703  PARIS  CEDEX  13.\nIl peut  \u00e9galement  faire  l'objet  d'un  recours  contentieux  aupr\u00e8s  du tribunal  administratif  de de\nToulon  dans  un d\u00e9lai  de deux  mois  \u00e0 compter  de sa notification.\nLe tribunal  administratif  peut  aussi  \u00eatre  saisi  par  l'application  informatique  \u00ab T\u00e9l\u00e9recours  citoyen  \u00bb\naccessible  sur  le site  internet  http://www.telerecours.fr/\nEn cas  de rejet  du recours  gracieux  ou hi\u00e9rarchique  ou en l'absence  de r\u00e9ponse  \u00e0 ce recours  (rejet\nimplicite),  un recours  contentieux  devant  le tribunal  administratif  peut  \u00e9galement  \u00eatre  form\u00e9\ncontre  la d\u00e9cision  initiale  dans  un d\u00e9lai  de deux  mois  \u00e0 compter  de ce rejet.\n)\nFait  a CS 31209  - 83070  TOULON\nCedex,  le 05/01/24\nddets  du var\n_P/Le-Pr\u00e9fet  ue  e\n\u2014 et par d\u00e9l\u00e9ga\nP/Le  Direct\u00eeu  \u00e9partemental\ndidiat te Directeur-Adi\nAlain\u00e4%OT\n\n7E l\nLibert\u00e9  \u00ab \u00c9galit\u00e9  * Fraternit\u00e9\nR\u00c9PUBLIQUE  FRAN\u00c7AISE\nR\u00e9c\u00e9piss\u00e9  de d\u00e9claration\nd'un  organisme  de services  \u00e0 la personne\nenregistr\u00e9  sous  le N\u00b0 SAP982339475\nVu le code  du travail  et notamment  les articles  L.7231-1  \u00e0 L.7233-2,  R.7232-16  \u00e0 R.7232-22,  D.7231-1  et\nD.7233-1  \u00e0 D.7233-5  ;\nVu la demande  de d\u00e9claration  d\u00e9pos\u00e9e  par  l'organisme  nos  aim\u00e9s,  AV MARECHAL  DELATTRE  DE\nTASSIGNY  83140  SANARY-SUR-MER,  le 15/12/2023  ;\nLe pr\u00e9fet  du Var\nConstate  :\nQu'une  d\u00e9claration  modificative  d'activit\u00e9s  de services  \u00e0 la personne  a \u00e9t\u00e9  d\u00e9pos\u00e9e  aupr\u00e8s  du service\ninstructeur  du Var  , le 15/12/2023  par  M. ABELLA  Cyrille  en qualit\u00e9  de dirigeant(e),  pour  l'organisme\nnos  aim\u00e9s  dont  l'\u00e9tablissement  principal  est  situ\u00e9  AV  MARECHAL  DELATTRE  DE TASSIGNY  83140\nSANARY-SUR-MER  et enregistr\u00e9  sous  le N\u00b0 SAP982339475  pour  les activit\u00e9s  suivantes  :\n\u00ab Assistance  \u00e2ux  personnes  \u00e2g\u00e9es  (mandataire  et/ou  mise  \u00e0 disposition)  (mode  d'intervention\nMandataire)  - (83)\n\u00ab Assistance  aux  personnes  handicap\u00e9es  (mandataire  et/ou  mise  \u00e0 disposition)  (mode  d'intervention\nMandataire)  - (83)\n\u00ab Conduite  de v\u00e9hicule  des  PA/PH  (mandataire  et/ou  mise  \u00e0 disposition)  (mode  d'intervention\nMandataire)  - (83)  ;\n\u00bb Accompagnement  des  PA/PH  dans  leurs  d\u00e9placements  (mandataire  et/ou  mise  \u00e0 disposition)\n(mode  d'intervention  Mandataire)  - (83)\n\u00bb -Entretien  de la maison  et travaux  m\u00e9nagers  (mode  d'intervention  Mandataire)\n\u00ab Pr\u00e9paration  de repas  \u00e0 domicile  (mode  d'intervention  Mandataire)\n\u00bb Livraison  de repas  \u00e0 domicile  (mode  d'intervention  Mandataire)\n\u00ab Livraison  de courses  \u00e0 domicile  (mode  d'intervention  Mandataire)\n\u00ab Soins  et promenade(s)  d'animaux  pour  personnes  d\u00e9pendantes  (mode  d'intervention  Mandataire)\n\u00bb Accompagnement  des  personnes  pr\u00e9sentant  une  invalidit\u00e9  temporaire  (mode  d'intervention\nMandataire)\n\u00bb Assistance  aux  personnes  ayant  besoin  d'une  aide  temporaire'\u00e0  leur  domicile  (mode\nd'intervention  Mandataire)\nToute  modification  concernant  les activit\u00e9s  exerc\u00e9es  devra  faire  l'objet  d'une  d\u00e9claration\nmodificative  pr\u00e9alable.\nSous  r\u00e9serve  d'\u00eatre  exerc\u00e9es  \u00e0 titre  exclusif  (ou  sous  r\u00e9serve  d'une  comptabilit\u00e9  s\u00e9par\u00e9e  pour  les\npersonnes  morales  dispens\u00e9es  de cette  condition),  ces  activit\u00e9s  ouvrent  droit  au b\u00e9n\u00e9fice  des\ndispositions  des  articles  L. 7233-2  du code  du travail  et L.241-10  du code  de la s\u00e9curit\u00e9  sociale  dans\nles conditions  pr\u00e9vues  par  ces  articles.\nLes  effets  de la d\u00e9claration  courent  \u00e0 compter  du jour  du d\u00e9p\u00f4t  de la d\u00e9claration  sous  r\u00e9serve  des\ndispositions  de l'article  R.7232-18  du code  du travail.  Le pr\u00e9sent  r\u00e9c\u00e9piss\u00e9  n'est  pas  limit\u00e9  dans  le\ntemps.  La d\u00e9claration  a une  port\u00e9e  nationale.\nL'enregistrement  de la d\u00e9claration  peut  \u00eatre  retir\u00e9  dans  les conditions  fix\u00e9es  aux  articles  R.7232-\n20 \u00e0 R.7232-22  du code  du travail.\nLe pr\u00e9sent  r\u00e9c\u00e9piss\u00e9  sera  publi\u00e9  au recueil  des  actes  administratifs  de la pr\u00e9fecture.\nLe pr\u00e9sent  r\u00e9c\u00e9piss\u00e9  peut,  \u00e0 compter  de sa notification,  faire  l'objet  d'un  recours  gracieux  aupr\u00e8s\nservice  instructeur  du Var  ou d'un  recours  hi\u00e9rarchique  adress\u00e9  au ministre  charg\u00e9  de l'\u00e9conomie  -\nDirection  g\u00e9n\u00e9rale  des  entreprises  - sous-direction  des  services  marchands,  61 Boulevard  Vincent\nAuriol,  75703  PARIS  CEDEX  13.\n\nIl peut  \u00e9galement  faire  l'objet  d'un  recours  contentieux  dans  un d\u00e9lai  de deux  mois  \u00e0 compter  de sa\nnotification  aupr\u00e8s  du tribunal  administratif  de Toulon.\nLe tribunal  administratif  peut  aussi  \u00eatre  saisi  par  l'application  informatique  \u00ab T\u00e9l\u00e9recours  citoyen  \u00bb\naccessible  sur  le site  internet  http://www.telerecours.fr/\nEn cas  de rejet  du recours  gracieux  ou hi\u00e9rarchique  ou en l'absence  de r\u00e9ponse  \u00e0 ce recours  (rejet\nimplicite),  un recours  contentieux  devant  le tribunal  administratif  de Toulon  peut  \u00e9galement  \u00eatre\nform\u00e9  contre  la d\u00e9cision  initiale  dans  un d\u00e9lai  de deux  mois  \u00e0 compter  de ce rejet.\nFait  \u00e0 CS 31209  - 83070  TOULON  Cedex,  le\n05/01/24\nddets  du var\n____PiLe  Pr\u00e9fet\n\u20act par d\u00e9 :\n5 P/Le  0\n\nLibert\u00e9  < \u00cagulu(  * Fraternit\u00e9\nR\u00c9PUBLIQUE  FRAN\u00c7AISE\nR\u00e9c\u00e9piss\u00e9  de d\u00e9claration\nd'un  organisme  de services  \u00e0 la personne\nenregistr\u00e9  sous  le N\u00b0 SAP979997665\nVu le code  du travail  et notamment  les articles  L.7231-1  \u00e0 L.7233-2,  R.7232-16  \u00e0 R.7232-22,  D.7231-1  et\nD.7233-1  \u00e0 D.7233-5  ;\nVu la demande  de d\u00e9claration  d\u00e9pos\u00e9e  par  l'organisme  Garcia  Nad\u00e8ge,  316  CHE  HAUT  DE FAISSES\n83630  REGUSSE,  le 05/01/24  ;\nLe pr\u00e9fet  du Var\nConstate  :\nQu'une  d\u00e9claration  d'activit\u00e9s  de services  \u00e0 la personne  a \u00e9t\u00e9  d\u00e9pos\u00e9e  aupr\u00e8s  du service  instructeur\ndu Var  , le 05/01/24  par  Mme.  Garcia  Pazzagli  Nadege  en qualit\u00e9  de dirigeant(e),  pour  l'organisme\nGarcia  Nad\u00e8ge  dont  l'\u00e9tablissement  principal  est situ\u00e9  316  CHE  HAUT  DE FAISSES  83630  REGUSSE  et\nenregistr\u00e9  sous  le N\u00b0 SAP979997665  pour  les activit\u00e9s  suivantes  :\n- Entretien  de la maison  et travaux  m\u00e9nagers  (mode  d'intervention  Prestataire)\n- Travaux  de petit  bricolage  (mode  d'intervention  Prestataire)\nToute  modification  concernant  les activit\u00e9s  exerc\u00e9es  devra  faire  l'objet  d'une  d\u00e9claration\nmodificative  pr\u00e9alable.\nSous  r\u00e9serve  d'\u00eatre  exerc\u00e9es  \u00e0 titre  exclusif  (ou  sous  r\u00e9serve  d'une  comptabilit\u00e9  s\u00e9par\u00e9e  pour  les\npersonnes  morales  dispens\u00e9es  de cette  condition),  ces  activit\u00e9s  ouvrent  droit  au b\u00e9n\u00e9fice  des\ndispositions  des  articles  L. 7233-2  du code  du travail  et L.241-10  du code  de la s\u00e9curit\u00e9  sociale  dans\nles conditions  pr\u00e9vues  par  ces  articles.\nLes  effets  de la d\u00e9claration  courent  \u00e0 compter  du jour  du d\u00e9p\u00f4t  de la d\u00e9claration  sous  r\u00e9serve  des\ndispositions  de l'article  R.7232-18  du code  du travail.  Le pr\u00e9sent  r\u00e9c\u00e9piss\u00e9  n'est  pas  limit\u00e9  dans  le\ntemps.  La d\u00e9claration  a une  port\u00e9e  nationale.\nL'enregistrement  de la d\u00e9claration  peut  \u00eatre  retir\u00e9  dans  les conditions  fix\u00e9es  aux  articles  R.7232-\n20 \u00e0 R.7232-22  du code  du travail.  Le pr\u00e9sent  r\u00e9c\u00e9piss\u00e9  sera  publi\u00e9  au recueil  des  actes\nadministratifs  de la pr\u00e9fecture.\nLe pr\u00e9sent  r\u00e9c\u00e9piss\u00e9  peut,  \u00e0 compter  de sa notification,  faire  l'objet  d'un  recours  gracieux  aupr\u00e8s\nservice  instructeur  du Var  ou d'un  recours  hi\u00e9rarchique  adress\u00e9  au ministre  charg\u00e9  de l'\u00e9conomie  -\nDirection  g\u00e9n\u00e9rale  des  entreprises  - sous-direction  des  services  marchands,  61 Boulevard  Vincent\nAuriol,  75703  PARIS  CEDEX  13.\nIl peut  \u00e9galement  faire  l'objet  d'un  recours  contentieux  dans  un d\u00e9lai  de deux  mois  \u00e0 compter  de sa\nnotification  aupr\u00e8s  du tribunal  administratif  de Toulon.\nLe tribunal  administratif  peut  aussi  \u00eatre  saisi  par  l'application  informatique  \u00ab T\u00e9l\u00e9recours  citoyen  \u00bb\naccessible  sur le site  internet  http://www.telerecours.fr/\nEn cas  de rejet  du recours  gracieux  ou hi\u00e9rarchique  ou en l'absence  de r\u00e9ponse  \u00e0 ce recours  (rejet\nimplicite),  un recours  contentieux  devant  le tribunal  administratif  de Toulon  peut  \u00e9galement  \u00eatre\nform\u00e9  contre  la d\u00e9cision  initiale  dans  un d\u00e9lai  de deux  mois  \u00e0 compter  de ce rejet.\nFait  \u00e0 CS 31209  - 83070  TOULON  Cedex,  le\n05/01/24\nAlain  T\u00c9STOT\n\nzE] .\nLibert\u00e9  \u00bb \u00c9galit\u00e9  + Fraternit\u00e9\nR\u00c9PUBLIQUE  FRAN\u00c7AISE\nR\u00e9f  : Demande  de renonciation  n\u00b0 85720  du 07/01/2024  de Madame  LELIEVRE  Nafissatou\nAffaire  suivie  par  Anne  MAGGIO\nMail  : ddets-sap@var.gouv.f\nMadame,\nVous  m'avez  inform\u00e9  de votre  d\u00e9cision  de cesser  les activit\u00e9s  de votre  organisme\nenregistr\u00e9  dans  mes  services  sous  le N\u00b0 SAP893724682.\nJe vous  confirme  que  l'enregistrement  de la d\u00e9claration  de votre  organisme  est  abrog\u00e9  \u00e0\ncompter  de la r\u00e9ception  de ce courrier  et que  votre  dossier  est  d\u00e9sormais  clos.\nJe vous  rappelle  que  les avantages  fiscaux  et sociaux  associ\u00e9s  \u00e0 votre  d\u00e9claration\nd'activit\u00e9s  sont  supprim\u00e9s  et je vous  demande  d'en  avertir,  pour  le cas  o\u00f9 vous  ne l'auriez\npas  encore  fait,  les b\u00e9n\u00e9ficiaires  de vos  prestations.\nJe reste  \u00e0 votre  enti\u00e8re  disposition  pour  vous  apporter  toute  information  compl\u00e9mentaire.\nJe vous  prie  d'agr\u00e9er,  Madame  l'expression  de mes  salutations  distingu\u00e9es.\nFait  \u00e0 CS 31209  - 83070  TOULON  Cedex,\nle 08/01/24\nddets  du var\n_PiLe-Pr\u00e9fet\u2014\u2014\u2014\u2014\net par d\u00e9l\u00e9gation\nP/Le  Directeur\n8 Rue  DES  BONNETIERES\n83000  TOULON Alain  TENTOT\n\nLibert\u00e9  \u00bb \u00c8galnl  * Fraternit\u00e9\nR\u00c9PUBLIQUE  FRAN\u00c7AISE\nR\u00e9c\u00e9piss\u00e9  de d\u00e9claration\nd'un  organisme  de services  \u00e0 la personne\nenregistr\u00e9  sous  le N\u00b0 SAP983041203\nVu le code  du travail  et notamment  les articles  L.7231-1  \u00e0 L.7233-2,  R.7232-16  \u00e0 R.7232-22,  D.7231-1  et\nD.7233-1  \u00e0 D.7233-5  ;\nLe pr\u00e9fet  du Var\nConstate  :\nQu'une  d\u00e9claration  d'activit\u00e9s  de services  \u00e0 la personne  a \u00e9t\u00e9  d\u00e9pos\u00e9e  aupr\u00e8s  du service  instructeur\ndu Var  , le 05/01/24  par  M. dorne  christopher  en qualit\u00e9  de dirigeant(e),  pour  l'organisme  CD  M\u00e9nage\ndont  l'\u00e9tablissement  principal  est situ\u00e9  345  avenue  joseph  raynaud  83140  SIX-FOURS-LES-PLAGES  et\nenregistr\u00e9  sous  le N\u00b0 SAP983041203  pour  les activit\u00e9s  suivantes  :\n\u00ab Entretien  de la maison  et travaux  m\u00e9nagers  (mode  d'intervention  Prestataire)\n\u00ab Petits  travaux  de jardinage  (mode  d'intervention  Prestataire)\n- Travaux  de petit  bricolage  (mode  d'intervention  Prestataire)\n\u00ab Pr\u00e9paration  de repas  \u00e0 domicile  (mode  d'intervention  Prestataire)\n\u00ab Livraison  de repas  \u00e0 domicile  (mode  d'intervention  Prestataire)\n\u00ab Livraison  de courses  \u00e0 domicile  (mode  d'intervention  Prestataire)\nToute  modification  concernant  les activit\u00e9s  exerc\u00e9es  devra  faire  l'objet  d'une  d\u00e9claration\nmodificative  pr\u00e9alable.\nSous  r\u00e9serve  d'\u00eatre  exerc\u00e9es  \u00e0 titre  exclusif  (ou  sous  r\u00e9serve  d'une  comptabilit\u00e9  s\u00e9par\u00e9e  pour  les\npersonnes  morales  dispens\u00e9es  de cette  condition),  ces  activit\u00e9s  ouvrent  droit  au b\u00e9n\u00e9fice  des\ndispositions  des  articles  L. 7233-2  du code  du travail  et L.241-10  du code  de la s\u00e9curit\u00e9  sociale  dans\nles conditions  pr\u00e9vues  par  ces  articles.\nLes effets  de la d\u00e9claration  courent  \u00e0 compter  du jour  du d\u00e9p\u00f4t  de la d\u00e9claration  sous  r\u00e9serve  des\ndispositions  de l'article  R.7232-18  du code  du travail.  Le pr\u00e9sent  r\u00e9c\u00e9piss\u00e9  n'est  pas  limit\u00e9  dans  le\ntemps.  La d\u00e9claration  a une  port\u00e9e  nationale.\nL'enregistrement  de la d\u00e9claration  peut  \u00eatre  retir\u00e9  dans  les conditions  fix\u00e9es  aux  articles  R.7232-\n20 \u00e0 R.7232-22  du code  du travail.  Le pr\u00e9sent  r\u00e9c\u00e9piss\u00e9  sera  publi\u00e9  au recueil  des  actes\nadministratifs  de la pr\u00e9fecture.\nLe pr\u00e9sent  r\u00e9c\u00e9piss\u00e9  peut,  \u00e0 compter  de sa notification,  faire  l'objet  d'un  recours  gracieux  aupr\u00e8s\nservice  instructeur  du Var  ou d'un  recours  hi\u00e9rarchique  adress\u00e9  au ministre  charg\u00e9  de l'\u00e9conomie  -\nDirection  g\u00e9n\u00e9rale  des  entreprises  \u2014 sous-direction  des  services  marchands,  61 Boulevard  Vincent\nAuriol,  75703  PARIS  CEDEX  13.\nIl peut  \u00e9galement  faire  l'objet  d'un  recours  contentieux  dans  un d\u00e9lai  de deux  mois  \u00e0 compter  de sa\nnotification  aupr\u00e8s  du tribunal  administratif  de Toulon.  Le tribunal  administratif  peut  aussi  \u00eatre  saisi\npar  l'application  informatique  \u00ab T\u00e9l\u00e9recours  citoyen  \u00bb accessible  sur le. site  internet\nhttp://www.telerecours.fr  \u00e4\nEn cas  de rejet  du recours  gracieux  ou hi\u00e9rarchique  ou en l'absence  de r\u00e9ponse  \u00e0 ce recours  (rejet\nimplicite),  un recours  contentieux  devant  le tribunal  administratif  de Toulon  peut  \u00e9galement  \u00eatre\nform\u00e9  contre  la d\u00e9cision  initiale  dans  un d\u00e9lai  de deux  mois  \u00e0 compter  de ce rejet.\nFait  \u00e0 CS 31209  - 83070  TOULON  Cedex,  le\n09/01/24\nddets  du var\n_P/Le  Pr\u00e9fet\u2014\net par d\u00e9l\u00e9gation\nAlain  TESYOT\n\nLibert\u00e9  \u00bb t:'gahw  Fraternit\u00e9\nR\u00c9PUBLIQUE  FRAN\u00c7AISE\nR\u00e9c\u00e9piss\u00e9  de d\u00e9claration\nd'un  organisme  de services  \u00e0 la personne\nenregistr\u00e9  sous  le N\u00b0 SAP982208316\nVu le code  du travail  et notamment  les articles  L.7231-1  \u00e0 L.7233-2,  R.7232-16  \u00e0 R.7232-22,  D.7231-1  et\nD.7233-1  \u00e0 D.7233-5  ;\nVu la demande  de d\u00e9claration  d\u00e9pos\u00e9e  par  l'organisme  , 299  RUE  JEAN  AICARD  83300\nDRAGUIGNAN,  le 08/01/24  ;\nLe pr\u00e9fet  du Var\nConstate  :\nQu'une  d\u00e9claration  d'activit\u00e9s  de services  \u00e0 la personne  a \u00e9t\u00e9  d\u00e9pos\u00e9e  aupr\u00e8s  du service  instructeur\ndu Var  , le 08/01/24  par  Mme.  DA SILVA  BRUNA  en qualit\u00e9  de dirigeant(e),  pour  l'organisme  dont\nl'\u00e9tablissement  principal  est situ\u00e9  299  RUE  JEAN  AICARD  83300  DRAGUIGNAN  et enregistr\u00e9  sous  le\nN\u00b0 SAP982208316  pour  les activit\u00e9s  suivantes  :\n- Entretien  de la maison  et travaux  m\u00e9nagers  (mode  d'intervention  Prestataire)\nToute  modification  concernant  les activit\u00e9s  exerc\u00e9es  devra  faire  l'objet  d'une  d\u00e9claration\nmodificative  pr\u00e9alable.\nSous  r\u00e9serve  d'\u00eatre  exerc\u00e9es  \u00e0 titre  exclusif  (ou  sous  r\u00e9serve  d'une  comptabilit\u00e9  s\u00e9par\u00e9e  pour  les\npersonnes  morales  dispens\u00e9es  de cette  condition),  ces  activit\u00e9s  ouvrent  droit  au b\u00e9n\u00e9fice  des\ndispositions  des  articles  L. 7233-2  du code  du travail  et L.241-10  du code  de la s\u00e9curit\u00e9  sociale  dans\nles conditions  pr\u00e9vues  par  ces  articles.\nLes effets  de la d\u00e9claration  courent  \u00e0 compter  du jour  du d\u00e9p\u00f4t  de la d\u00e9claration  sous  r\u00e9serve  des\ndispositions  de l'article  R.7232-18  du code  du travail.  Le pr\u00e9sent  r\u00e9c\u00e9piss\u00e9  n'est  pas  limit\u00e9  dans  le\ntemps.  La d\u00e9claration  a une  port\u00e9e  nationale.\nL'enregistrement  de la d\u00e9claration  peut  \u00eatre  retir\u00e9  dans  les conditions  fix\u00e9es  aux  articles  R.7232-\n20 \u00e0 R.7232-22  du code  du travail.\nLe pr\u00e9sent  r\u00e9c\u00e9piss\u00e9  sera  publi\u00e9  au recueil  des  actes  administratifs  de la pr\u00e9fecture.\nLe pr\u00e9sent  r\u00e9c\u00e9piss\u00e9  peut,  \u00e0 compter  de sa notification,  faire  I'objet  d'un  recours  gracieux  aupr\u00e8s\nservice  instructeur  du Var  ou d'un  recours  hi\u00e9rarchique  adress\u00e9  au ministre  charg\u00e9  de l'\u00e9conomie  -\nDirection  g\u00e9n\u00e9rale  des  entreprises  \u2014 sous-direction  des  services  marchands,  61 Boulevard  Vincent\nAuriol,  75703  PARIS  CEDEX  13.\nIl peut  \u00e9galement  faire  l'objet  d'un  recours  contentieux  dans  un d\u00e9lai  de deux  mois  \u00e0 compter  de sa\nnotification  aupr\u00e8s  du tribunal  administratif  de Toulon.\nLe tribunal  administratif  peut  aussi  \u00eatre  saisi  par  l'application  informatique  \u00ab T\u00e9l\u00e9recours  citoyen  \u00bb\naccessible  sur le site  internet  http://www.telerecours.fr/\nEn cas  de rejet  du recours  gracieux  ou hi\u00e9rarchique  ou en l'absence  de r\u00e9ponse  \u00e0 ce recours  (rejet\nimplicite),  un recours  contentieux.  devant  le tribunal  administratif  de Toulon  peut  \u00e9galement  \u00eatre\nform\u00e9  contre  la d\u00e9cision  initiale  dans  un d\u00e9lai  de deux  mois  \u00e0 compter  de ce rejet.\nFait  \u00e0 CS 31209  - 83070  TOULON  Cedex,  le\n09/01/24\nddets  duvar  __  B\n\u2014\u2014PlLe  Pr\u00e9fet  = \\\net par d\u00e9l\u00e9gation( P/Le D\\r;ctew\nAlain T\u00c8STOT\n\nCENTRE  HOSPITALIER  HENRI  GUERIN\nQuartier  Barnencq\n83390  PIERREFEU  DU VAR\nDECISION  N\u00b0 2024/01/04CENTRE(HOSPITALIER\nHENFI  GUERIN\nORTANT  CONSTITUTION  DU COLLEGE  DE L'ARTICLE  L 3211-2P\ng A \" DU CODE DE LA SANTE PUBLIQUE\nLE DIRECTEUR\nVu le Code  de Sant\u00e9  Publique  et notamment  l'article  L 3211-9,\nVu la Loi n\u00b02009-879  du 21 juillet  2009  portant  r\u00e9forme  de l'h\u00f4pital  et relative  aux patients,  \u00e0\nla sant\u00e9  et aux  territoires,\nVu la Loi n\u00b02011-803  du 5 juillet  2011  modifi\u00e9e  relative  aux  droits  et \u00e0 la protection  des\npersonnes  faisant  I'objet  de soins  psychiatriques  et aux  modalit\u00e9s  de leur  prise  en charge,\nVu le d\u00e9cret  d'application  n\u00b0 2011-847  du 18 juillet  2011  relatif  aux  droits  et \u00e0 la protection\ndes personnes  faisant  l'objet  de soins  psychiatriques  et aux  modalit\u00e9s  de leur  prise  en -\ncharge,\nDECIDE\nArticle  1 :\nIl est constitu\u00e9  un coll\u00e8ge  sur le fondement  de larticle  L 3211-9  du Code  de'la  Sant\u00e9  .\nPublique.\nCe coll\u00e8ge  est constitu\u00e9  pour  chacun  des  patients  concern\u00e9s  par son  champ  de comp\u00e9tence\npar  : '\n1\u00b0) \u2014- Madame  le Docteur  FRATTA  Sara,  responsable  \u00e0 titre  principal  du patient  dont  la\nsituation  sera  examin\u00e9e,\n2\u00b0) \u2014 Madame  TELLIER  Marie-Pierre,  repr\u00e9sentant  quwpe  pluridisciplinaire  participant  \u00e0 la\nprise  en charge  des  patients,\n3\u00b0) - Madame  le Docteur  COCCHI  Valentina,  Psychiatre.\nArticle  2:\nLa pr\u00e9sente  d\u00e9cision  est \u00e0 effet  imm\u00e9diat.\nElle  fera  l'objet  d'une  publication  par tous  moyens  la rendant  consultable  et sera  notamment\npubli\u00e9e  au Recueil  des  actes  administratifs  de la Pr\u00e9fecture  du Var.\nPierrefeu-du-Var,  le Mardi  09 Janvier  2024\nPour  le Directeur  et P.O.\nL'Attach\u00e9e  d'Administration  Hospitali\u00e8re,\no\nBIANCHINI  ' C&}LWOM  \u2014\u20147\n/\"/\nQUARTIER  HARNENQ  - 83390  PIERREFEU  DU VAR  - T\u00c9L.  04 94 33 18 00 - FAX 04 94 28 28 12 - TELEX  N\u00b0: CHSP404753  F\nToute  correspondance  !'oit \u00eatre adress\u00e9e  impersonnellement  au Directeur","date":"2024-01-09","first_seen_on":"2024-08-21T11:22:43+00:00","id":"52a0afb79ffb9e47b64b8811c0b4edfde0bf6cda2e2f4da845df8bf1f9b6fae8","name":"RAA N\u00b0 007 du 9 janvier 2024","pdf_creation_date":null,"pdf_modification_date":"2024-01-09T17:05:49+00:00","timezone":"Europe/Paris","url":"https://www.var.gouv.fr/contenu/telechargement/32375/216043/file/RAA%20N%C2%B0%20007%20du%209%20janvier%202024%20.pdf"}
