{"administration":"ppparis","administration_name":"Pr\u00e9fecture de police de Paris","content":"ExPR\u00c9FECTUREDE POLICELibert\u00e9Egalit\u00e9Fraternit\u00e9\nG\nCABINET DU PREFET\nParis, le 31 mars 2026\nARRETE N\u00b02026-00357\nmodifiant provisoirement le stationnement et la circulation\ndans plusieurs voies de Paris les 4 et 5 avril 2026\n\u00e0 l'occasion de \u00ab La Grande Course RATP  du Grand Paris Saint-Denis \u00bb\nLE PREFET DE POLICE\nVu le code g\u00e9n\u00e9ral des collectivit\u00e9s territoriales, notamment ses articles L.2512-13\net L.2512-14 ;\nVu le code de la route, notamment ses articles L.325-1 \u00e0 L.325-3, R.411-8 et\nR.411-25 ;\nVu l'avis de la Ville de Paris en date du 30 mars 2026 ;\nConsid\u00e9rant l'organisation de la 7\u00e8me \u00e9dition de la course p\u00e9destre \u00ab La Grande\nCourse RATP du Grand Paris Saint-Denis \u00bb qui se d\u00e9roulera le 5 avril 2026 ;\nConsid\u00e9rant que cet \u00e9v\u00e8nement implique de prendre des mesures provisoires de\ncirculation et de stationnement n\u00e9cessaires \u00e0 son bon d\u00e9roulement et \u00e0 la s\u00e9curit\u00e9 des\nparticipants ;\nSur proposition du pr\u00e9fet, directeur de cabinet :\nA R R E T E :\nArticle 1  er  \nLe stationnement de tout v\u00e9hicule est interdit route de la Ferme, entre la route de\nla Pyramide et la route de la Tourelle, \u00e0 Paris 12\u00e8me, du 4 avril 2026 \u00e0 14h00 au 5 avril 2026\n\u00e0 12h00.\nArticle 2\nLa circulation de tout v\u00e9hicule est interdit route de la Ferme, entre la route de la\nPyramide et la route de la Tourelle, \u00e0 Paris 12\u00e8me,  le 5 avril 2026 \u00e0  05h00 \u00e0 10h00.\nArticle 3\nLa circulation de tout v\u00e9hicule est interdit route du Pesage, \u00e0 Paris 12\u00e8me,  le 5 avril\n2026 \u00e0  05h00 \u00e0 12h00.\nArticle 4\nLe stationnement de tout v\u00e9hicule est interdit le 5 avril 2026 de 05h00 \u00e0 12h00\ndans les voies et portions de voies suivantes de Paris 10\u00e8me, 11\u00e8me, 12\u00e8me et 19\u00e8me :\n- avenue Daumesnil, entre l'avenue des Minimes et la Chauss\u00e9e de l'Etang ;\n- route de la Tourelle ;\n- avenue Anna Politkovska\u00efa ;\n- chauss\u00e9e de l'Etang, entre l'avenue Anna Politkovska\u00efa et la rue Renault ( situ\u00e9 \u00e0\nSaint- Mand\u00e9) ;\n- all\u00e9e Vivaldi, c\u00f4t\u00e9 pair ;\n- rue Antoine Julien H\u00e9nard, entre le n\u00b010 et le n\u00b028 ;\n- rue Riesener ;\n- rue Jacques Hillairet, entre la rue Riesener et la rue de Reuilly ;\n- rue de Reuilly, entre la rue du Sergent Bauchat et la rue du Faubourg Saint-\nAntoine ;\n- rue Faidherbe ;\n- rue Godefroy Cavaignac ;\n- boulevard Voltaire, entre la place L\u00e9on Blum et le boulevard Richard Lenoir ;\n- boulevard Richard Lenoir, entre le n\u00b060 et le n\u00b0140 ;\n- boulevard jules Ferry, c\u00f4t\u00e9 pair.\nArticle 5\nLe stationnement de tout v\u00e9hicule est interdit le 5 avril 2026 de 05h00 \u00e0 16h00\ndans les voies et portions de voies suivantes de Paris 10\u00e8me, 11\u00e8me, 12\u00e8me et 19\u00e8me :\n- rue du Faubourg du Temple, entre la place de la R\u00e9publique et la rue de la Folie-\nM\u00e9ricourt ;\n- quai de Jemmapes, entre la rue du Faubourg du Temple et le pont Maria\nCasares ;\n- quai de Valmy, entre la rue Eug\u00e8ne Varlin et entre la rue La Fayette ; \n- quai de la Seine ;\n- quai de l'Oise ;\n- quai de la Gironde, entre le quai de l'Oise et l'avenue Corentin Cariou ;\n- quai de la Charente ;\n- quai de l'Allier.\n2\nArticle 6\nLa circulation de tout v\u00e9hicule est interdite le 5 avril 2026 de 05h00 \u00e0 12h00 dans\nles voies et portions de voies suivantes de Paris 10\u00e8me, 11\u00e8me, 12\u00e8me et 19\u00e8me :\n- avenue Daumesnil, entre l'avenue des Minimes et la Chauss\u00e9e de l'\u00c9tang ;\n- route de la Tourelle ;\n- avenue Anna Politkovska\u00efa ;\n- chauss\u00e9e de l'\u00c9tang, entre l'avenue Anna Politkovska\u00efa et la rue Renault ( Saint\nMand\u00e9) ;\n- rue \u00c9douard Lartet, entre le boulevard de la Guyane et la coul\u00e9e Verte ;\n- all\u00e9e Vivaldi ;\n- rue Antoine Julien H\u00e9nard, entre l'all\u00e9e Vivaldi et la rue Riesener ;\n- rue Riesener ;\n- rue Jacques Hillairet, entre la rue Riesener et la rue de Reuilly ;\n- rue de Reuilly, entre la rue du Sergent Bauchat et la rue du Faubourg Saint-\nAntoine ;\n- rue Faidherbe ;\n- rue de Charonne, entre la rue Faidherbe et la rue Godefroy Cavignac ;\n- rue Godefroy Cavaignac ;\n- place L\u00e9on Blum ;\n- boulevard Voltaire, entre la place L\u00e9on Blum et le boulevard Richard Lenoir ;\n- boulevard Richard Lenoir, entre le boulevard Voltaire et le boulevard Jules\nFerry ;\n- boulevard Jules Ferry.\nArticle 7\nLa circulation de tout v\u00e9hicule est interdite le 5 avril 2026 de 05h00 \u00e0 16h00 dans\nles voies et portions de voies suivantes de Paris 10\u00e8me, 11\u00e8me, 12\u00e8me et 19\u00e8me :\n- place de la R\u00e9publique, c\u00f4t\u00e9 Est, entre l'avenue de la R\u00e9publique et boulevard\nde Magenta ;\n- rue du Faubourg du Temple, entre la place de la R\u00e9publique et la rue de la Folie-\nM\u00e9ricourt ;\n- quai de Jemmapes, entre la rue du Faubourg du Temple et le pont Maria\nCasares ;\n- pont Maria Casares ;\n- quai de Valmy, entre la rue Eug\u00e8ne Varlin et entre la rue La Fayette ; \n- rue de Lafayette, entre quai de Valmy et avenue Jean Jaur\u00e8s ;\n- place de la Bataille de Stalingrad ;\n- quai de la Seine ;\n- rue de Crim\u00e9e, entre quai de la Seine et quai de l'Oise ;\n- quai de l'Oise ;\n- quai de la Gironde, entre quai de l'Oise et avenue Corentin Cariou ;\n- avenue Corentin Cariou, entre quai de la Gironde et quai de la Charente ;\n- quai de la Charente ;\n- quai de l'Allier.\n3\nArticle   8   \nLes dispositions du pr\u00e9sent arr\u00eat\u00e9 ne sont pas applicables aux v\u00e9hicules d'int\u00e9r\u00eat\ng\u00e9n\u00e9ral prioritaires au sens des dispositions de l'article R.311-1 6.5 du code de la route.\nArticle 9\nSans pr\u00e9judice des sanctions p\u00e9nales auxquelles s'exposent les personnes en\ninfraction avec les dispositions du pr\u00e9sent arr\u00eat\u00e9, les v\u00e9hicules ayant servi \u00e0 commettre\nces infractions peuvent \u00eatre immobilis\u00e9s et mis en fourri\u00e8re dans les conditions pr\u00e9vues\naux articles L.325-1 \u00e0 L.325-3 du code de la route.\nArticle 10\nLe directeur de l'ordre public et de la circulation, la directrice de la s\u00e9curit\u00e9 de\nproximit\u00e9 de l'agglom\u00e9ration parisienne de la Pr\u00e9fecture de Police, le directeur de la\nvoirie et des d\u00e9placements et le directeur de la police municipale et de la pr\u00e9vention de\nla Ville de Paris sont charg\u00e9s, chacun en ce qui le concerne, de l'ex\u00e9cution du pr\u00e9sent\narr\u00eat\u00e9 qui sera publi\u00e9 au recueil des actes administratifs de la pr\u00e9fecture de la r\u00e9gion\nd'\u00cele-de-France, pr\u00e9fecture de Paris et de la pr\u00e9fecture de Police et sur le site internet de\nla Pr\u00e9fecture de Police de Paris. Il sera affich\u00e9 aux portes de la Pr\u00e9fecture de Police (1 rue\nde Lut\u00e8ce), des mairies du 10\u00e8me, 11\u00e8me, 12\u00e8me et 19\u00e8me, et des commissariats concern\u00e9s. Ces\nmesures prendront effet apr\u00e8s leur affichage et d\u00e8s la mise en place de la signalisation\ncorrespondante.\n   Pour le Pr\u00e9fet de Police,\nLe sous-pr\u00e9fet, \n Directeur adjoint du cabinet\n   Charles BARBIER\n     SIGNE\n4\nANNEXE A L'ARRETE N\u00b0 2026-00357 DU  31 MARS 2026\nVOIES ET DELAIS DE RECOURS\n_______________________\nSi vous estimez devoir contester la pr\u00e9sente d\u00e9cision, il vous est possible, dans un d\u00e9lai de\ndeux mois \u00e0 compter de la date de son affichage :\n- soit de saisir d'un RECOURS GRACIEUX\nle Pr\u00e9fet de Police\n7/9, boulevard du Palais - 75195 PARIS RP\n- ou de former un RECOURS HIERARCHIQUE\n aupr\u00e8s du Ministre de l'int\u00e9rieur\n Direction des libert\u00e9s publiques et des affaires juridiques\n place Beauvau - 75008 PARIS\n- soit de saisir d'un RECOURS CONTENTIEUX\n le Tribunal Administratif comp\u00e9tent\nAucune de ces voies et recours ne suspend l'application de la pr\u00e9sente d\u00e9cision.\nLes recours GRACIEUX et HIERARCHIQUE doivent \u00eatre \u00e9crits, exposer les arguments ou faits\nnouveaux et comprendre la copie de la d\u00e9cision contest\u00e9e.\nLe recours contentieux, qui vise \u00e0 contester la LEGALITE de la pr\u00e9sente d\u00e9cision, doit\n\u00e9galement \u00eatre \u00e9crit et exposer votre argumentation juridique.\nSi vous n'aviez pas de r\u00e9ponse \u00e0 votre recours GRACIEUX ou HIERARCHIQUE dans un d\u00e9lai\nde deux mois \u00e0 compter de la r\u00e9ception de votre recours par l'administration, votre\ndemande devra \u00eatre consid\u00e9r\u00e9e comme rejet\u00e9e (d\u00e9cision implicite de rejet).\nEn cas de rejet des RECOURS GRACIEUX ou HIERARCHIQUE, le Tribunal administratif peut\n\u00eatre saisi d'un recours contentieux dans le d\u00e9lai de deux mois \u00e0 compter de la date de la\nd\u00e9cision de rejet.\n5","date":"2026-03-31","first_seen_on":"2026-04-05T07:25:00+00:00","id":"52e5a8ae12dcc01ebcc9756ce59dfacf6b4843a40557baa36c43bfc62a971513","name":"Arr\u00eat\u00e9 pr\u00e9fectoral n\u00b0 2026-00357 du 31 mars 2026 modifiant provisoirement le stationnement et la circulation dans plusieurs voies de Paris les 4 et 5 avril 2026 \u00e0 l\u2019occasion de \u00ab La Grande Course RATP du Grand Paris Saint-Denis \u00bb ","pdf_creation_date":"2026-03-31T11:24:03+00:00","pdf_modification_date":"2026-03-31T11:24:03+00:00","timezone":"Europe/Paris","url":"https://www.prefecturedepolice.interieur.gouv.fr/sites/default/files/Documents/arrete_pdf_12.pdf"}
