{"administration":"pref83","administration_name":"Pr\u00e9fecture du Var","content":"VAR\nRECUEIL DES ACTES\nADMINISTRATIFS\nN\u00b083-2026-101\nPUBLI\u00c9 LE 23 MARS 2026\nSommaire\nDirection d\u00e9partementale des finances publiques du Var / Direction de la\nDDFIP\n83-2026-03-18-00003 - Arr\u00eat\u00e9 de fermeture exceptionnelle Service de\nPublicit\u00e9 Fonci\u00e8re et d'Enregistrement de Draguignan  (1 page) Page 3\n83-2026-03-18-00004 - Arr\u00eat\u00e9 de fermeture exceptionnelle Service de\nPublicit\u00e9 Fonci\u00e8re et d'Enregistrement de Toulon (1 page) Page 5\nPr\u00e9fecture du VAR /\n83-2026-03-23-00002 - AAP P104 action 12 - ann\u00e9e 2026 sign\u00e9 23 03\n2026 (29 pages) Page 7\nPr\u00e9fecture du VAR / Direction de la coordination des politiques publiques\net de l'appui territorial\n83-2026-03-20-00004 - ARR\u00caT\u00c9 PR\u00c9FECTORAL n\u00b0 2026/09/MCI du 20\nmars 2026\nportant d\u00e9l\u00e9gation de signature pour\nl'ordonnancement secondaire\ndes recettes et des d\u00e9penses\nimput\u00e9es sur le budget de l'\u00c9tat\nau sein de la direction des services\nd\u00e9partementaux de l'\u00e9ducation nationale du Var (3 pages) Page 37\nPr\u00e9fecture du VAR / Direction des s\u00e9curit\u00e9s\n83-2026-03-23-00001 - Arr\u00eate pr\u00e9fectoral n\u00b02026-03-005 ALYCE du 23\nmars 2026 portant r\u00e9glementation temporaire de la circulation pour la\nr\u00e9alisation d'une enqu\u00eate de circulation sur l'autoroute A8 sur le\nterritoire de la commune de Fr\u00e9jus (3 pages) Page 41\n2\nDirection d\u00e9partementale des finances\npubliques du Var\n83-2026-03-18-00003\nArr\u00eat\u00e9 de fermeture exceptionnelle Service de\nPublicit\u00e9 Fonci\u00e8re et d'Enregistrement de\nDraguignan \nDirection d\u00e9partementale des finances publiques du Var - 83-2026-03-18-00003 - Arr\u00eat\u00e9 de fermeture exceptionnelle Service de\nPublicit\u00e9 Fonci\u00e8re et d'Enregistrement de Draguignan 3\nREPUBLIQUEFRANCAISELibert\u00e9Egalit\u00e9Fraternit\u00e9\nTFINANCES PUBLIQUES\nCS 91409\n83056 TOULON CEDEX\nArr\u00eat\u00e9 relatif \u00e0 la fermeture exceptionnelle du Service de la Publicit\u00e9 Fonci\u00e8re et de l'Enregistrement de\nDraguignan \nLe Directeur d\u00e9partemental des Finances publiques du Var, \nVu le d\u00e9cret n\u00b071-69 du 26 janvier 1971 relatif au r\u00e9gime d'ouverture au public des services ext\u00e9rieurs de\nl'Etat ;\nVu le d\u00e9cret n\u00b0 2004-374 du 29 avril 2004 modifi\u00e9 relatif aux pouvoirs des pr\u00e9fets, \u00e0 l'organisation et \u00e0\nl'action des services de l'\u00c9tat, dans les r\u00e9gions et les d\u00e9partements ;\nVu le d\u00e9cret n\u00b02008-310 du 3 avril 2008 relatif \u00e0 la Direction g\u00e9n\u00e9rale des Finances publiques ;\nVu le d\u00e9cret n\u00b02009-208 du 20 f\u00e9vrier 2009 relatif au statut particulier des administrateurs des Finances\npubliques ;\nVu le d\u00e9cret n\u00b02009-707 du 16 juin 2009 modifi\u00e9 relatif aux services d\u00e9concentr\u00e9s de la direction\ng\u00e9n\u00e9rale des Finances publiques ;\nVu l'arr\u00eat\u00e9 pr\u00e9fectoral n\u00b02025/27/MCI du 2 juin 2025 portant d\u00e9l\u00e9gation de signature en mati\u00e8re\nd'ouverture et de fermeture des services d\u00e9concentr\u00e9s de la direction d\u00e9partementale des Finances\nPubliques du Var ;\nArr\u00eate :\nArticle  1\ner : Le Service de la Publicit\u00e9 Fonci\u00e8re et de l'Enregistrement de Draguignan sis  \n43,  Chemin  de  Ste  Barbe  83008  Draguignan,  sera  ferm\u00e9  au  public  \u00e0  titre  exceptionnel  \nles 8 et 9 avril 2026.\nArticle 2 : Le pr\u00e9sent arr\u00eat\u00e9 sera publi\u00e9 au recueil des actes administratifs de la Pr\u00e9fecture et affich\u00e9\ndans le local vis\u00e9 \u00e0 l'article 1\ner.\nFait \u00e0 Toulon, le 18 mars 2026\nPar d\u00e9l\u00e9gation du pr\u00e9fet,\nPour le Directeur d\u00e9partemental des Finances publiques du Var\nSign\u00e9\nG\u00e9rard BLANC\nAdministrateur de l'Etat\nDIRECTION D\u00c9PARTEMENTALE\nDES FINANCES PUBLIQUES DU VAR\nDirection d\u00e9partementale\ndes Finances publiques du Var\nDivision Strat\u00e9gie \u2013 Relations aux publics - Cabinet-\nCommunication\nPlace Besagne \u2013 Centre Mayol\nDirection d\u00e9partementale des finances publiques du Var - 83-2026-03-18-00003 - Arr\u00eat\u00e9 de fermeture exceptionnelle Service de\nPublicit\u00e9 Fonci\u00e8re et d'Enregistrement de Draguignan 4\nDirection d\u00e9partementale des finances\npubliques du Var\n83-2026-03-18-00004\nArr\u00eat\u00e9 de fermeture exceptionnelle Service de\nPublicit\u00e9 Fonci\u00e8re et d'Enregistrement de Toulon\nDirection d\u00e9partementale des finances publiques du Var - 83-2026-03-18-00004 - Arr\u00eat\u00e9 de fermeture exceptionnelle Service de\nPublicit\u00e9 Fonci\u00e8re et d'Enregistrement de Toulon 5\nREPUBLIQUEFRANCAISELibert\u00e9Egalit\u00e9Fraternit\u00e9\nTFINANCES PUBLIQUES\nCS 91409\n83056 TOULON CEDEX\nArr\u00eat\u00e9 relatif \u00e0 la fermeture exceptionnelle du Service de la Publicit\u00e9 Fonci\u00e8re et \nde l'Enregistrement de Toulon \nLe Directeur d\u00e9partemental des Finances publiques du Var, \nVu le d\u00e9cret n\u00b071-69 du 26 janvier 1971 relatif au r\u00e9gime d'ouverture au public des services ext\u00e9rieurs de\nl'Etat ;\nVu le d\u00e9cret n\u00b0 2004-374 du 29 avril 2004 modifi\u00e9 relatif aux pouvoirs des pr\u00e9fets, \u00e0 l'organisation et \u00e0\nl'action des services de l'\u00c9tat, dans les r\u00e9gions et les d\u00e9partements ;\nVu le d\u00e9cret n\u00b02008-310 du 3 avril 2008 relatif \u00e0 la Direction g\u00e9n\u00e9rale des Finances publiques ;\nVu le d\u00e9cret n\u00b02009-208 du 20 f\u00e9vrier 2009 relatif au statut particulier des administrateurs des Finances\npubliques ;\nVu le d\u00e9cret n\u00b02009-707 du 16 juin 2009 modifi\u00e9 relatif aux services d\u00e9concentr\u00e9s de la direction\ng\u00e9n\u00e9rale des Finances publiques ;\nVu l'arr\u00eat\u00e9 pr\u00e9fectoral n\u00b02025/27/MCI du 2 juin 2025 portant d\u00e9l\u00e9gation de signature en mati\u00e8re\nd'ouverture et de fermeture des services d\u00e9concentr\u00e9s de la direction d\u00e9partementale des Finances\nPubliques du Var ;\nArr\u00eate :\nArticle 1\ner : Le Service de la Publicit\u00e9 Fonci\u00e8re et de l'Enregistrement de Toulon sis 171, avenue de Vert\nC\u00f4teau 83071 Toulon, sera ferm\u00e9 au public les 8 et 9 avril 2026 \u00e0 titre exceptionnel .\nArticle 2 : Le pr\u00e9sent arr\u00eat\u00e9 sera publi\u00e9 au recueil des actes administratifs de la Pr\u00e9fecture et affich\u00e9\ndans le local vis\u00e9 \u00e0 l'article 1er.\nFait \u00e0 Toulon, le 18 mars 2026\nPar d\u00e9l\u00e9gation du pr\u00e9fet,\nPour le Directeur d\u00e9partemental des Finances publiques du Var\nSign\u00e9\nG\u00e9rard BLANC\nAdministrateur de l'\u00c9tat\nDIRECTION D\u00c9PARTEMENTALE\nDES FINANCES PUBLIQUES DU VAR\nDirection d\u00e9partementale\ndes Finances publiques du Var\nMission SR2C\nPlace de Besagne \u2013 Centre Mayol\nDirection d\u00e9partementale des finances publiques du Var - 83-2026-03-18-00004 - Arr\u00eat\u00e9 de fermeture exceptionnelle Service de\nPublicit\u00e9 Fonci\u00e8re et d'Enregistrement de Toulon 6\nPr\u00e9fecture du VAR\n83-2026-03-23-00002\nAAP P104 action 12 - ann\u00e9e 2026 sign\u00e9 23 03\n2026\nPr\u00e9fecture du VAR - 83-2026-03-23-00002 - AAP P104 action 12 - ann\u00e9e 2026 sign\u00e9 23 03 2026 7\nPREFETDU VARLibert\u00e9Egalit\u00e9Fraternit\u00e9\nDirection d\u00e9partementale\nde l'emploi, du travail\net des solidarit\u00e9s\nService acc\u00e8s \u00e0 l'autonomie\ndes populations vuln\u00e9rables\nAppel \u00e0 projets 2026\nPolitique d'accueil et d'int\u00e9gration des \u00e9trangers en France\nBOP 104\u00a0: Int\u00e9gration et acc\u00e8s \u00e0 la nationalit\u00e9 fran\u00e7aise\nAction 12\u00a0 : \u00ab\u00a0 Actions d'int\u00e9gration des \u00e9trangers en situation r\u00e9guli\u00e8re\u00a0 \u00bb\nDate limite de d\u00e9p\u00f4t des projets\u00a0:\nvendredi 24 avril 2026\u00a0(minuit)\n1/29\nPr\u00e9fecture du VAR - 83-2026-03-23-00002 - AAP P104 action 12 - ann\u00e9e 2026 sign\u00e9 23 03 2026 8\n2/29\nPr\u00e9fecture du VAR - 83-2026-03-23-00002 - AAP P104 action 12 - ann\u00e9e 2026 sign\u00e9 23 03 2026 9\n1. Cadre et priorit\u00e9s de la politique d'int\u00e9gration d\u00e9partementale en 2026\nL'appel \u00e0 projets s'inscrit dans la strat\u00e9gie nationale d'int\u00e9gration et l'instruction du  \n30\u00a0avril 2025, marqu\u00e9e par la mont\u00e9e en exigence linguistique et civique (loi n\u00b0 2024-42 \ndu 26\u00a0janvier 2024, voir annexe 1 - examen civique), un focus sur l'acc\u00e8s \u00e0 l'emploi, la  \ng\u00e9n\u00e9ralisation d'AGIR et un pilotage r\u00e9gional et d\u00e9partemental renforc\u00e9s.\n\u00c0 ce titre, l'emploi des \u00e9trangers devient une action prioritaire de la feuille de route  \n2026 du comit\u00e9 d\u00e9partemental pour l'emploi.\nDans  le  Var,  les  priorit\u00e9s  2026  prolongent  celles  de  2025,  avec  une  attention  \nparticuli\u00e8re port\u00e9e \u00e0 la stabilisation du dispositif AGIR, au lien avec le r\u00e9seau pour  \nl'emploi et \u00e0 la coordination des actions sur le territoire.\nPriorit\u00e9s d\u00e9partementales 2026 :\n\u2022 formation linguistique et accompagnement vers l'emploi avec focus sur les  \nb\u00e9n\u00e9ficiaires de la protection internationale,\n\u2022 suivi  d'AGIR  (programme  d'int\u00e9gration  des  b\u00e9n\u00e9ficiaires  de  la  protection  \ninternationale \u2013 BPI voir annexe 2) et coordination de ce dispositif avec le droit \ncommun des politiques d'insertion, d'acc\u00e8s au logement et d'acc\u00e8s \u00e0 l'emploi.  \nLe  programme  AGIR  est  consid\u00e9r\u00e9  comme  un  \u00ab \u00a0laboratoire\u00a0\u00bb \nd'exp\u00e9rimentation  pour  les  autres  publics  primo-arrivants,  notamment  \ns'agissant de l'accompagnement vers l'emploi,\n\u2022 renforcement de l'accompagnement \u00e0 la validation des acquis de l'exp\u00e9rience  \n(VAE) et \u00e0 la reconnaissance des dipl\u00f4mes, rappel des valeurs de la R\u00e9publique  \nfran\u00e7aise,\n\u2022 maintien du soutien \u00e0 l 'acc\u00e8s \u00e0 la  sant\u00e9 (notamment sant\u00e9 psychique), \u00e0 la  \nculture et au sport comme vecteurs d'int\u00e9gration,\n\u2022 d\u00e9veloppement du partenariat avec les collectivit\u00e9s territoriales et les EPCI, via \nnotamment les contrats territoriaux d'accueil et d'int\u00e9gration.\nLe programme AGIR, d\u00e9ploy\u00e9 dans le Var depuis 2023, assure un accompagnement  \nglobal vers l'emploi et le logement pour les b\u00e9n\u00e9ficiaires de la protection internationale \nsignataires  d'un  contrat  d'int\u00e9gration  r\u00e9publicaine  (CIR).  En  2025,  il  a  accompagn\u00e9 \nplusieurs centaines de b\u00e9n\u00e9ficiaires et structur\u00e9 sa gouvernance. Il poursuit en 2026 la  \nstabilisation  de  ses  files  actives  et  la  pr\u00e9paration  du  renouvellement  de  march\u00e9  \u00e0 \nl'\u00e9ch\u00e9ance de juillet 2026.\n3/29\nPr\u00e9fecture du VAR - 83-2026-03-23-00002 - AAP P104 action 12 - ann\u00e9e 2026 sign\u00e9 23 03 2026 10\nLes travaux du comit\u00e9 d\u00e9partemental d'int\u00e9gration et des instances de suivi (comit\u00e9s  \nde  pilotage  et  comit\u00e9s  techniques  AGIR,  feuille  de  route  d\u00e9partementale)  se  \npoursuivent pour adapter les actions sur 2026-2027 , notamment sur l'acc\u00e8s aux droits, \u00e0 \nla sant\u00e9, au logement, \u00e0 l'emploi, au sport et \u00e0 la culture.\n4/29\nPr\u00e9fecture du VAR - 83-2026-03-23-00002 - AAP P104 action 12 - ann\u00e9e 2026 sign\u00e9 23 03 2026 11\n2.  Axes  prioritaires  de  l'appel  \u00e0  projet  \u00ab \u00a0Int\u00e9gration  des  publics  primo-\narrivants\u00a0\u00bb\nIssus des priorit\u00e9s d\u00e9partementales, les axes prioritaires du pr\u00e9sent appel \u00e0 projet sont \nles suivants\u00a0:\n2.1 Accompagnement vers l'emploi\nLes projets devront :\n\u2022 analyser  et  prendre  en  compte  les  freins  sp\u00e9cifiques  du  public  \n(administratifs, linguistiques, culturels, mobilit\u00e9, garde d'enfants, sant\u00e9\u2026),\n\u2022 valoriser  les  qualifications  et  exp\u00e9riences  professionnelles  acquises  \u00e0  \nl'\u00e9tranger,\n\u2022 proposer un accompagnement global et individualis\u00e9 vers l'emploi et les  \ndispositifs de droit commun (France Travail, missions locales, formations),\n\u2022 viser des emplois qualifi\u00e9s et prioriser les 4 secteurs les plus en tension dans  \nle d\u00e9partement\u00a0:\n- le b\u00e2timent et les travaux publics (BTP)\n- l'aide et le soin \u00e0 la personne\n- l'h\u00f4tellerie/restauration\n- le commerce/la vente\n\u2022 articuler syst\u00e9matiquement l'orientation des b\u00e9n\u00e9ficiaires de la protection  \ninternationale avec le dispositif AGIR.\n2.2 Apprentissage de la langue\nLes actions linguistiques devront :\n- compl\u00e9ter la formation prescrite par l'OFII, sans rupture de parcours, en coh\u00e9rence  \navec le CIR,\n- s'adresser \u00e0 un public de niveau A1 et plus ; \u00e0 titre exceptionnel, des actions visant  \nl'atteinte du niveau A1 sont possibles lorsque ce niveau n'est pas atteint en sortie de  \nformation OFII,\n- prioriser le fran\u00e7ais en contexte professionnel et le langage de l'entreprise,\n- s'inscrire dans un parcours progressif et coh\u00e9rent, avec indication des objectifs de  \nprogression, des niveaux vis\u00e9s et des taux de r\u00e9ussite aux examens,\n5/29\nPr\u00e9fecture du VAR - 83-2026-03-23-00002 - AAP P104 action 12 - ann\u00e9e 2026 sign\u00e9 23 03 2026 12\n- \u00eatre  coordonn\u00e9es  via  la  plateforme  linguistique  d\u00e9partementale  ABCD  FLE,  avec  \nengagement formel de conventionnement.\n6/29\nPr\u00e9fecture du VAR - 83-2026-03-23-00002 - AAP P104 action 12 - ann\u00e9e 2026 sign\u00e9 23 03 2026 13\nLes intervenants enseignants devront \u00eatre :\n- des professionnels salari\u00e9s titulaires d'un dipl\u00f4me FLE/FLI,\n- ou des b\u00e9n\u00e9voles exp\u00e9riment\u00e9s, encadr\u00e9s par un professionnel salari\u00e9 dipl\u00f4m\u00e9.\nLes porteurs d\u00e9tailleront les qualifications des intervenants.\n2.3 Actions d'accompagnement global\nElles ciblent les primo-arrivants (hors BPI \u00e9ligibles \u00e0 AGIR) sur :\n\u2022 l'acc\u00e8s aux droits, \u00e0 l'emploi et au logement,\n\u2022 la mobilit\u00e9,\n\u2022 la sant\u00e9 (dont la sant\u00e9 mentale, en cofinancement avec des budgets d\u00e9di\u00e9s),\n\u2022 la garde d'enfants.\nLes  actions  ciblant  les  femmes  primo-arrivantes  (acc\u00e8s  \u00e0  l'emploi,  garde  d'enfants) \nseront particuli\u00e8rement regard\u00e9es.\n2.4 Action sur et avec la soci\u00e9t\u00e9 d'accueil\nPoursuite du programme Volont'R en 2026 pour les \u00e9trangers \u00e9ligibles, en lien avec  \nl'Agence du Service Civique\u00a0:\nIl est possible  de financer, via l'action 12, l'ing\u00e9nierie d'accompagnement des jeunes  \nr\u00e9fugi\u00e9s et \u00e9trangers en service civique (cours de fran\u00e7ais, tutorat, accompagnement du \nprojet d'avenir) et l'animation du programme au niveau r\u00e9gional ou d\u00e9partemental. Les  \nmissions en bin\u00f4me entre jeunes \u00e9trangers et jeunes Fran\u00e7ais seront privil\u00e9gi\u00e9es.\n2.5 Projets innovants\nLes actions innovantes dans le domaine de l'int\u00e9gration sont recherch\u00e9es. Elles peuvent \nconsister, par exemple, en un dispositif qui combine accompagnement global (social,  \nlinguistique,  num\u00e9rique),  mise  en  lien  directe  avec  les  employeurs  locaux  et  \nmobilisation  des  habitants  du  territoire  (parrainage  de  familles,  mentorat  citoyen,  \nateliers coop\u00e9ratifs). L'approche participative et l'attention particuli\u00e8re \u00e0 des publics  \npeu ou mal couverts par les dispositifs existants seront valoris\u00e9es.\n3. Publics et territoires concern\u00e9s par l'appel \u00e0 projets\nAnnexe 3-Donn\u00e9es statistiques des signataires de CIR.\n3.1 Public cible\nSont \u00e9ligibles\u00a0:\n7/29\nPr\u00e9fecture du VAR - 83-2026-03-23-00002 - AAP P104 action 12 - ann\u00e9e 2026 sign\u00e9 23 03 2026 14\n\u2022 les \u00e9trangers primo-arrivants, ressortissants de pays tiers \u00e0 l'Union europ\u00e9enne, \nayant sign\u00e9 un contrat d'int\u00e9gration r\u00e9publicaine (CIR), titulaires depuis moins \nde 5 ans d'un titre de s\u00e9jour au titre :\n\u2022 de l'immigration familiale,\n\u2022 de l'immigration professionnelle,\n\u2022 de la protection internationale,\n\u2022 les  b\u00e9n\u00e9ficiaires  de  la  protection  temporaire  disposant  d'une  autorisation  \nprovisoire de s\u00e9jour en cours de validit\u00e9.\nNe sont pas \u00e9ligibles :\n\u2022 les \u00e9tudiants \u00e9trangers,\n\u2022 les travailleurs temporaires, saisonniers ou d\u00e9tach\u00e9s,\n\u2022 les demandeurs d'asile, d\u00e9bout\u00e9s de l'asile et les personnes sans titre de s\u00e9jour,\n\u2022 les mineurs non accompagn\u00e9s.\n3.2 Territoires\nL'ensemble du d\u00e9partement du Var est \u00e9ligible.\nPriorit\u00e9 aux territoires o\u00f9 le nombre de signataires de CIR au 31 d\u00e9cembre 2025 est le  \nplus \u00e9lev\u00e9 : Toulon, Fr\u00e9jus, Draguignan, La Seyne-sur-Mer, Hy\u00e8res.\nUne attention particuli\u00e8re sera port\u00e9e au Centre Var et au Haut-Var et aux projets  \ncouvrant plusieurs communes.\n4. D\u00e9penses et compl\u00e9mentarit\u00e9\n4.1 D\u00e9penses \u00e9ligibles\nLes principes d'\u00e9ligibilit\u00e9 des d\u00e9penses sont les suivants\u00a0:\n\u2022 d\u00e9penses  directement  li\u00e9es  \u00e0  la  mise  en  \u0153uvre  de  l'action  (hors  \nfonctionnement courant de la structure),\n\u2022 taux de subvention maximal : 80% des d\u00e9penses \u00e9ligibles,\n\u2022 d\u00e9penses d'investissement exclues,\n\u2022 en cas de public plus large que les primo-arrivants cibl\u00e9s, les cofinancements  \nsont obligatoires au prorata.\nLa s\u00e9lection des projets en ann\u00e9e N-1 ne vaut pas reconduction en ann\u00e9e N.\n4.2 Compl\u00e9mentarit\u00e9 exig\u00e9e\nLes projets devront :\n\u2022 s'articuler  avec  le  dispositif  AGIR  (convention  ou,  a  minima,  courrier  \nd'intention de conventionnement),\n8/29\nPr\u00e9fecture du VAR - 83-2026-03-23-00002 - AAP P104 action 12 - ann\u00e9e 2026 sign\u00e9 23 03 2026 15\n\u2022 se  coordonner  avec  la  plateforme  linguistique  d\u00e9partementale  pour  les  \nformations de fran\u00e7ais,\n\u2022 prendre  en  compte  les  autres  actions  d'int\u00e9gration  (collectivit\u00e9s,  EPCI,  \nassociations) et les actions obligatoires de l'OFII dans le cadre du CIR,\n\u2022 s'inscrire dans le droit commun (logement, emploi, acc\u00e8s aux droits, formation \nprofessionnelle, offre r\u00e9gionale de formation).\nLes porteurs joignent \u00e0 leur candidature :\n\u2022 une fiche de pr\u00e9sentation de l'action (annexe 4- fiche action).\n\u2022 une convention de partenariat avec le dispositif AGIR ou \u00e0 d\u00e9faut un courrier  \nd'intention, et, le cas \u00e9ch\u00e9ant, la lettre d'engagement de conventionnement  \navec la plateforme linguistique varoise.\n9/29\nPr\u00e9fecture du VAR - 83-2026-03-23-00002 - AAP P104 action 12 - ann\u00e9e 2026 sign\u00e9 23 03 2026 16\n5. Crit\u00e8res de s\u00e9lection\n5.1 Recevabilit\u00e9 (forme)\nLe dossier devra comporter notamment :\n\u2022 le formulaire CERFA n\u00b0 12156*06 d\u00fbment compl\u00e9t\u00e9 et sign\u00e9, conform\u00e9ment \u00e0  \nla notice n\u00b0 51781#04,\n\u2022 une fiche de pr\u00e9sentation de l'action et son calendrier,\n\u2022 les statuts, la liste des dirigeants, la d\u00e9l\u00e9gation de signature le cas \u00e9ch\u00e9ant,\n\u2022 le budget pr\u00e9visionnel de l'action,\n\u2022 un relev\u00e9 d'identit\u00e9 bancaire conforme,\n\u2022 une lettre d'engagement \u00e0 r\u00e9f\u00e9rencer l'action sur refugies.info et sur le r\u00e9seau  \nCarif-Oref (ou les liens URL des r\u00e9f\u00e9rencements effectu\u00e9s en 2025),\n\u2022 une  lettre  d'engagement  \u00e0  pr\u00e9senter  l'action  aux  collectivit\u00e9s  /  EPCI  \nconcern\u00e9es  dans  les  6  mois  suivant  la  notification  d'attribution  de  la  \nsubvention (pour les porteurs d\u00e9j\u00e0 subventionn\u00e9s en 2025, tout justificatif des  \nd\u00e9marches effectu\u00e9es en 2025),\n\u2022 l'adh\u00e9sion  au  contrat  d'engagement  r\u00e9publicain  (d\u00e9cret  n\u00b0  2021-1947  du  \n31\u00a0d\u00e9cembre 2021).\nPour les structures subventionn\u00e9es en 2025, le dossier devra comporter :\n\u2022 le  compte-rendu  financier  CERFA  n\u00b0  15059*02,  le  bilan  interm\u00e9diaire,  les  \njustificatifs  des  cofinancements,  les  demandes  \u00e9ventuelles  de  report  de  \ncr\u00e9dits,\n\u2022 les indicateurs de suivi et de r\u00e9sultats (annexe 5-Indicateurs).\n\u2022 les comptes annuels et le rapport du commissaire aux comptes, si applicable.\n\u2022 les  conventions  pass\u00e9es  avec  la  plateforme  linguistique  varoise  et  le  \nprogramme AGIR.\nLes dossiers incomplets ou d\u00e9pos\u00e9s hors d\u00e9lai ne seront pas examin\u00e9s.\n5.2 Contenu attendu du projet\nLes projets devront pr\u00e9ciser :\n- l'analyse des besoins du public et la mani\u00e8re de le rep\u00e9rer. Le projet devra d\u00e9crire les  \nmodalit\u00e9s de publicit\u00e9 utilis\u00e9es pour atteindre les signataires du CIR,\n-  le  public  cible  (nombre  total,  r\u00e9partition  femmes/hommes,  justification  des  \nd\u00e9s\u00e9quilibres \u00e9ventuels). Il s'agit de d\u00e9finir pr\u00e9cis\u00e9ment le public vis\u00e9 et sa proportion  \ndans l'action, d'indiquer le nombre de signataires de CIR et de b\u00e9n\u00e9ficiaires de la  \nprotection internationale cibl\u00e9s. Les outils et m\u00e9thodes d'identification des publics  \n\u00e9ligibles doivent \u00eatre pr\u00e9sent\u00e9s,\n-  le  partenariat  (travail  en  r\u00e9seau  effectif  avec  les  acteurs  de  l'int\u00e9gration,  AGIR,  \nplateforme linguistique, collectivit\u00e9s, etc.),\n10/29\nPr\u00e9fecture du VAR - 83-2026-03-23-00002 - AAP P104 action 12 - ann\u00e9e 2026 sign\u00e9 23 03 2026 17\n- la  couverture  territoriale,  la  compl\u00e9mentarit\u00e9  et  la  mutualisation  avec  les  autres  \nactions,\n-  la  soutenabilit\u00e9  du  budget  et  du  plan  de  financement,  la  justification  des  \ncofinancements, la mention des services/budgets sollicit\u00e9s (DDETS, ARS, FAMI, etc.),\n- les comp\u00e9tences et l'exp\u00e9rience du porteur (dipl\u00f4mes, qualification des intervenants),\n-  les  modalit\u00e9s  d'\u00e9valuation  interne  et  les  indicateurs  choisis,  dans  le  respect  des  \nindicateurs du plan national d'\u00e9valuation (PNE).\n11/29\nPr\u00e9fecture du VAR - 83-2026-03-23-00002 - AAP P104 action 12 - ann\u00e9e 2026 sign\u00e9 23 03 2026 18\nPour les actions d\u00e9j\u00e0 financ\u00e9es au titre du programme 104 action 12 en 2025, le dossier  \ndevra \u00e9galement comporter :\n- le bilan quantitatif et qualitatif d\u00e9taill\u00e9 (nombre de primo-arrivants, part dans la file  \nactive totale, progression des participants, r\u00e9sultats obtenus et analyse des \u00e9carts) voir  \nannexe 7-Questionnaire d'\u00e9valuation,\n- une liste anonymis\u00e9e des personnes suivies et la dur\u00e9e de prise en charge.\nEn l'absence de ces \u00e9l\u00e9ments, le projet sera irrecevable.\n6. Suivi, \u00e9valuation et obligations\nUne \u00e9valuation nationale de l'impact des actions financ\u00e9es par le programme 104 a lieu \nannuellement. Les porteurs s'engagent \u00e0 renseigner les outils et indicateurs transmis,  \ndans les d\u00e9lais.\nLes services de l'\u00c9tat peuvent effectuer des visites sur site. Les porteurs doivent \u00eatre en  \nmesure de justifier la qualit\u00e9 de primo-arrivant et l'adresse des b\u00e9n\u00e9ficiaires, dans le  \nrespect du RGPD (tableaux anonymis\u00e9s, feuilles d'\u00e9margement, etc.) - voir annexe 8 -\nRGPD fiche utile aux associations.\nLes  porteurs  retenus  devront  transmettre,  avant  le  30  juin  2026,  le  compte-rendu \nfinancier CERFA n\u00b0 15059*02 (bilan quantitatif et qualitatif).\n7 . Date limite et modalit\u00e9s de d\u00e9p\u00f4t des dossiers\nLa date limite de d\u00e9p\u00f4t des dossiers est fix\u00e9e au 24  avril 2026 (minuit). Aucun dossier ne \nsera accept\u00e9 apr\u00e8s cette \u00e9ch\u00e9ance.\nLes dossiers complets sont transmis uniquement par voie d\u00e9mat\u00e9rialis\u00e9e \u00e0 la direction  \nd\u00e9partementale de l'emploi, du travail et des solidarit\u00e9s (DDETS) \u00e0 l'adresse\u00a0: \nddets-saapv@var.gouv.fr\nL'instruction et la notification des d\u00e9cisions attributives de subvention interviendront \u00e0 \ncompter  de  mai  2026.  La  mise  en  paiement  sera  effectu\u00e9e  en  d\u00e9but  de  second  \nsemestre, sous r\u00e9serve de d\u00e9l\u00e9gation des cr\u00e9dits.\n                                       Sign\u00e9\nLe pr\u00e9fet,\n12/29\nPr\u00e9fecture du VAR - 83-2026-03-23-00002 - AAP P104 action 12 - ann\u00e9e 2026 sign\u00e9 23 03 2026 19\nSimon BABRE\n13/29\nPr\u00e9fecture du VAR - 83-2026-03-23-00002 - AAP P104 action 12 - ann\u00e9e 2026 sign\u00e9 23 03 2026 20\nAnnexe 1\u00a0: Examen civique\n(source direction g\u00e9n\u00e9rale des \u00e9trangers en France-12 d\u00e9cembre 2025)\nA partir du 1 er\u00a0janvier 2026, la r\u00e9ussite \u00e0 l'examen civique sera n\u00e9cessaire pour obtenir une carte  \nde s\u00e9jour pluriannuelle, une carte de r\u00e9sident ou la naturalisation.\nLa  loi  du  26  janvier  2024  pour \u00a0contr\u00f4ler  l'immigration,  am\u00e9liorer  l'int\u00e9gration \u00a0renforce  les \nexigences en mati\u00e8re de ma\u00eetrise du fran\u00e7ais et d'int\u00e9gration r\u00e9publicaine pour les \u00e9trangers  \nsouhaitant demeurer durablement en France.\nElle cr\u00e9e notamment un examen civique, qui deviendra obligatoire et devra \u00eatre certifi\u00e9 par une \nattestation de r\u00e9ussite \u00e0 compter du 1 er\u00a0janvier 2026, pour toute premi\u00e8re demande de titre de  \ns\u00e9jour pluriannuel  (carte de s\u00e9jour pluriannuelle ou carte de r\u00e9sident) de la part de r\u00e9sidents  \n\u00e9trangers ressortissants de pays non membres de l'Union europ\u00e9enne.\nPar d\u00e9cret du 15 juillet 2025, l'examen civique a \u00e9galement \u00e9t\u00e9 rendu obligatoire, \u00e0 la m\u00eame  \ndate, pour les\u00a0demandes de naturalisation.\nToutes les informations concernant l'examen civique sont disponibles dans la rubrique Examen \ncivique pour une premi\u00e8re demande de titre de s\u00e9jour pluriannuel  \u00a0  :\nhttps://immigration.interieur.gouv.fr/Immigration/Examen-civique-pour-une-premi\u00e8re-demande-\nde-titre-de-sejour-pluriannuel     \n\u2022 Pour  accompagner  les  \u00e9trangers  dans  cette  nouvelle  d\u00e9marche,  n\u00e9cessaire  pour  \nl'acquisition  d'un  titre  de  s\u00e9jour  pluriannuel,  la  direction  g\u00e9n\u00e9rale  des  \u00e9trangers  en \nFrance du minist\u00e8re de l'Int\u00e9rieur met en ligne un site enti\u00e8rement d\u00e9di\u00e9 \u00e0 la formation  \ncivique :\u00a0https://formation-civique.interieur.gouv.fr/\nCette formation, inscrite dans le contrat d'int\u00e9gration r\u00e9publicaine (CIR), et dispens\u00e9e par  \nl'OFII, permet de comprendre les principes et les valeurs de la R\u00e9publique, de conna\u00eetre le  \nfonctionnement des institutions, ainsi que les droits et devoirs li\u00e9s \u00e0 la vie en France.\nLe site rassemble 222 fiches th\u00e9matiques et des contenus structur\u00e9s pour aider les \u00e9trangers \u00e0  \nsuivre  leur  formation,  approfondir  les  notions  essentielles  et  pr\u00e9parer  l'examen  civique.  Il \napporte \u00e9galement des r\u00e9ponses pratiques sur le contenu et les modalit\u00e9s de passage de  \nl'examen.\nLes questions susceptibles d'\u00eatre pos\u00e9es y sont \u00e9galement mises en ligne. Ce n'est pas le cas des \nmises en situation.\nEnfin, il permet de conna\u00eetre les centres agr\u00e9\u00e9s pour faire passer l'examen, r\u00e9partis sur le  \nterritoire national.\nCette  nouvelle  plateforme  sera  r\u00e9guli\u00e8rement  enrichie  pour  offrir  aux  \u00e9trangers  un  \naccompagnement complet dans leur parcours d'int\u00e9gration et vers la r\u00e9ussite de l'examen  \ncivique.\n\u2022 Pour les demandes de naturalisation, les exigences sont renforc\u00e9es.\n14/29\nPr\u00e9fecture du VAR - 83-2026-03-23-00002 - AAP P104 action 12 - ann\u00e9e 2026 sign\u00e9 23 03 2026 21\nLes informations relatives \u00e0 cette d\u00e9marche sont disponibles dans la rubrique. Les proc\u00e9dures \nd'acc\u00e8s \u00e0 la nationalit\u00e9 fran\u00e7aise\u00a0: https://immigration.interieur.gouv.fr/I  ntegration-et-Acces-a-la-  \nnationalite/La-nationalite-francaise/Les-procedures-d-acces-a-la-nationalite-fran\u00e7aise\n15/29\nPr\u00e9fecture du VAR - 83-2026-03-23-00002 - AAP P104 action 12 - ann\u00e9e 2026 sign\u00e9 23 03 2026 22\nMINISTEREDE L'INT\u00c9RIEURET DES OUTRE-MERLibert\u00e9Egalit\u00e9Fraterait\u00e9\nCOMMUNIQUE DE PRESSEAGIR, pour le logement et l'emploi des personnes r\u00e9fugi\u00e9es\nAGIR est un programme d'accompagnement global et individualis\u00e9 vers l'emploi et le logement destin\u00e9aux personnes b\u00e9n\u00e9ficiaires de la protection internationale (BPI). Il consiste en un guichet uniqued\u00e9partemental de l'int\u00e9gration des r\u00e9fugi\u00e9s visant \u00e0 assurer un parcours d'int\u00e9gration sans rupture \u00e0tous les r\u00e9fugi\u00e9s.L'ambition du programme AGIR est de conduire au moins 60% des r\u00e9fugi\u00e9s accompagn\u00e9s vers l'emploiou la formation, et 80% vers le logement.Le programme se d\u00e9ploie dans 27 d\u00e9partements m\u00e9tropolitains en 2022 Une nouvelle vague ded\u00e9ploiement s'ouvrira en 2023 dans 25 d\u00e9partements. L'objectif est sa g\u00e9n\u00e9ralisation sur le territoirenational en 2024,Pourquoi le programme AGIR ?500 000 b\u00e9n\u00e9ficiaires de la protection internationale (BPI) sont install\u00e9s en France. Leur int\u00e9gration estun enjeu majeur pour la coh\u00e9sion de notre soci\u00e9t\u00e9. Destin\u00e9s \u00e0 rester durablement sur notre territoire,ceux-ci doivent pouvoir acc\u00e9der en particulier \u00e0 un travail et \u00e0 un logement, facteurs essentielsd'int\u00e9gration. Les programmes d'accompagnement global, charg\u00e9s d'apporter une r\u00e9ponseindividualis\u00e9e aux diff\u00e9rents besoins de prise en charge rencontr\u00e9s par les BPI dans leurs parcoursd'int\u00e9gration pr\u00e9sentent le plus de garantie de succ\u00e8s avec un acc\u00e8s p\u00e9renne de leurs b\u00e9n\u00e9ficiaires \u00e0l'emploi et au logement.Issu d'un travail collaboratif \u00e9troit entre les minist\u00e8res charg\u00e9s de l'int\u00e9rieur, du travail, la d\u00e9l\u00e9gationinterminist\u00e9rielle \u00e0 l'h\u00e9bergement et \u00e0 l'acc\u00e8s au logement (DIHAL), la d\u00e9l\u00e9gation interminist\u00e9rielle \u00e0l'accueil et \u00e0 l'int\u00e9gration des r\u00e9fugi\u00e9s (DIAIR) et l'Office francais de l'immigration et de l'int\u00e9gration(OFII), AGIR marque un engagement sans pr\u00e9c\u00e9dent de l'Etat pour acc\u00e9l\u00e9rer l'autonomie des BPI parl'acc\u00e8s au logement et \u00e0 l'emploi.Les b\u00e9n\u00e9ficiaires d'AGIR :\u00abLes r\u00e9fugi\u00e9s majeurs et mineurs signataires du contrat d'int\u00e9gration r\u00e9publicaine (CIR) ayant obtenu lestatut de la protection internationale depuis moins de deux ans;+ Les personnes les rejoignant (conjoints, enfants mineurs, parents), m\u00eame s'ils n'ont pas eux-m\u00eames lestatut de r\u00e9fugi\u00e9s b\u00e9n\u00e9ficiaires de la protection internationale.AGIR n'est pas obligatoire : les b\u00e9n\u00e9ficiaires int\u00e8grent le programme sur la base du volontariat.L'accompagnement d'AGIR c'est...Un accompagnement social : s\u00e9curisation des droits au s\u00e9jour, document de voyages, prestationssociales et familiales; information, orientation, acc\u00e8s \u00e0 la sant\u00e9; soutien \u00e0 la parentalit\u00e9; orientationvers des dispositifs d'int\u00e9gration ; soutien dans les d\u00e9marches en fonction du degr\u00e9 d'autonomie(compte bancaire...).Un accompagnement vers le logement : diagnostic de l'acc\u00e8s au logement, \u00e9laboration du projet delogement, aide \u00e0 l'installation dans le logement, aide au maintien dans le logement.Un accompagnement vers la formation professionnelle et l'emploi durable: diagnostic de la situationprofessionnelle, inscription \u00e0 P\u00f4le Emploi; appui et orientation vers des formations en tenant comptede la barri\u00e8re de la langue; accompagnement direct par P\u00f4le Emploi, Missions locales et APEC si niveaude langue requis; consolidation d'un projet professionnel.\nAnnexe 2\u00a0: AGIR\u00a0: communiqu\u00e9 de presse (2022)\nsource\u00a0: https://www.immigration.interieur.gouv.fr/Integration-et-Acces-a-la-nationalite/AGIR-\npour-l-emploi-et-le-logement-des-personnes-refugiees \n16/29\nPr\u00e9fecture du VAR - 83-2026-03-23-00002 - AAP P104 action 12 - ann\u00e9e 2026 sign\u00e9 23 03 2026 23\nAnnexe 3\u00a0: Etrangers primo-arrivants dans le Var - Donn\u00e9es statistiques (au 31/12/2025)\n(source\u00a0: OFII direction territoriale de Marseille)\n820 CIR sign\u00e9s (dont 80 BPI)\nR\u00e9partition des Contrats d'Int\u00e9gration R\u00e9publicaine (CIR) sign\u00e9s par sexe\nSEXE 2025          2024            Evolution (%)\n Hommes (44,27%)     363            381            - 4,72 \nFemmes (55,73%)    457           460              -0,65\n \nTOTAL G\u00c9N\u00c9RAL     820           841            - 2,49      \nR\u00e9partition des CIR sign\u00e9s par statut\nSTATUT 2025         2024        Evolution (%)\nASILE  80             226           - 64,6\nIncluant les R\u00e9fugi\u00e9s et les B\u00e9n\u00e9ficiaires de la protection subsidiaire\nFAMILIAL    565         478          + 15,4\nIncluant :\nFamilles de fran\u00e7ais : conjoints\nFamilles de fran\u00e7ais : parent d'enfant fran\u00e7ais\nLiens personnels et familiaux\nRegroupement familial\nMembres de familles de r\u00e9fugi\u00e9s/apatrides/protection subsidiaire\nFamilles de travailleurs\n\u00c9CONOMIQUE\n   \n 154       111        + 27,9\nIncluant :\nSalari\u00e9s\nEntrepreneurs/Professions lib\u00e9rales\nActifs non salari\u00e9s\nAUTRES\n \n21              26        - 19,2 \nIncluant :\nConsid\u00e9rations humanitaires\nDivers (aide sociale \u00e0 l'enfance etc...)\nEnfants entr\u00e9s en France avant l'\u00e2ge de 16 ans dans le cadre du \nregroupement familial\nTotal g\u00e9n\u00e9ral  820          841       -2,49\n17/29\nPr\u00e9fecture du VAR - 83-2026-03-23-00002 - AAP P104 action 12 - ann\u00e9e 2026 sign\u00e9 23 03 2026 24\nR\u00e9partition des CIR sign\u00e9s par tranche d'\u00e2ges\nTranche d'\u00e2ges 2025        2024            Evolution (%)\n16-18 ans   11              10                +10 %\n19-25 ans  149           159               -6,3 %\n26-45 ans  524           547               -4,2 %\n46-65 ans   130          112               +7,1 %\nPlus 65 ans     6               12               -50 % \nTotal g\u00e9n\u00e9ral    820          841                \nR\u00e9partition des CIR sign\u00e9s tous statuts par commune de r\u00e9sidence dans le Var\nPrincipales communes de r\u00e9sidence Nombre de signataires de CIR\nTOULON 193\nFREJUS 74\nDRAGUIGNAN 71\n LA SEYNE-SUR-MER 58\nHYERES 49\nBRIGNOLES 27\nSAINT-RAPHAEL 24\nSIX-FOURS-LES-PLAGES 23\nCOGOLIN 17\nLE MUY 16\nLA GARDE 15\nLE LUC 14\nSAINTE-MAXIME 13\nVIDAUBAN 11\nPUGET-SUR-ARGENS 8\nSAINT MAXIMIN LA SAINTE BAUME 7\nLORGUES 6\nSOLLIES-PONT 6\nLA VALETTE DU VAR 6\nCUERS 6\nTRANS-EN-PROVENCE 6\nLE LAVANDOU 5\nBAGNOLS-EN-FORET 5\nR\u00e9partition des CIR sign\u00e9s par niveau d'\u00e9tude et dipl\u00f4m\u00e9s \u00e0 l'\u00e9tranger\nNiveau d'\u00e9tude & dipl\u00f4me \n(Etranger) CIR\nNon renseign\u00e9 - NA 1\nNon scolaris\u00e9 - NA 56\nPrimaire - NA 80\nSecondaire - Dipl\u00f4me/certification 119\nSecondaire - Non renseign\u00e9 1\nSecondaire - Sans dipl\u00f4me 269\nSup\u00e9rieur - Bac + 2 (DUT, BTS, DEUG) 68\nSup\u00e9rieur - Bac + 3 80\nSup\u00e9rieur - Bac + 4 et plus 136\nSup\u00e9rieur - Sans dipl\u00f4me 10\nTOTAL 820\n18/29\nPr\u00e9fecture du VAR - 83-2026-03-23-00002 - AAP P104 action 12 - ann\u00e9e 2026 sign\u00e9 23 03 2026 25\nA l'\u00e9tranger, activit\u00e9 professionnelle  \u00a0  :  \n73.59% des signataires de CIR d\u00e9clarent avoir exerc\u00e9 une activit\u00e9 \u00e0 l'\u00e9tranger.\nR\u00e9partition par domaine d'activit\u00e9\nDomaine activit\u00e9 professionnelle (Etr) CIR\nAdministration publique 9\nAgriculture / Agroalimentaire 34\nArchitecture / D\u00e9coration 4\nArt et design 10\nArtisanat 28\nBanque - Finance / Assurance / Immobilier 13\nB\u00e2timent / Travaux Publics 59\nBeaut\u00e9/Esth\u00e9tique/Bien-\u00eatre 21\nBiologie/Physique/Chimie 8\nCin\u00e9ma / Audiovisuel 7\nCommerce / Distribution 78\nCommunication / Journalisme / Marketing 11\nDroit / Justice 7\nElectricit\u00e9 / Electronique / Maintenance 12\nEnseignement / Formation 29\nEnvironnement/Nature 3\nGestion / Comptabilit\u00e9 / RH 16\nH\u00f4tellerie - Restauration / Tourisme / Animation 80\nIndustrie 35\nInformatique / T\u00e9l\u00e9communication / Multim\u00e9dia 16\nLettres / Sciences Humaines / Langues 4\nM\u00e9canique 20\nPropret\u00e9 et services associ\u00e9s 6\nSant\u00e9 - Service associ\u00e9s param\u00e9dical 27\nSecr\u00e9tariat / Accueil 19\nS\u00e9curit\u00e9/Arm\u00e9e 6\nSocial - Service d'aide \u00e0 la personne / Services associ\u00e9s 7\nSport 7\nTransport / Logistique 26\nTOTAL 602\n19/29\nPr\u00e9fecture du VAR - 83-2026-03-23-00002 - AAP P104 action 12 - ann\u00e9e 2026 sign\u00e9 23 03 2026 26\nEn France, activit\u00e9 professionnelle  \u00a0  :  \n48,53% des signataires de CIR d\u00e9clarent avoir d\u00e9j\u00e0 exerc\u00e9 une activit\u00e9 professionnelle en France \nou \u00eatre en emploi.\nR\u00e9partition par domaine d'activit\u00e9\nDomaine activit\u00e9 professionnelle (Fr) CIR\nAgriculture / Agroalimentaire 15\nArchitecture / D\u00e9coration 2\nArt et design 3\nArtisanat 12\nBanque - Finance / Assurance / Immobilier 3\nB\u00e2timent / Travaux Publics 84\nBeaut\u00e9/Esth\u00e9tique/Bien-\u00eatre 7\nBiologie/Physique/Chimie 5\nCin\u00e9ma / Audiovisuel 1\nCommerce / Distribution 21\nCommunication / Journalisme / Marketing 2\nElectricit\u00e9 / Electronique / Maintenance 5\nEnseignement / Formation 1\nEnvironnement/Nature 3\nGestion / Comptabilit\u00e9 / RH 3\nH\u00f4tellerie - Restauration / Tourisme / Animation 106\nIndustrie 13\nInformatique / T\u00e9l\u00e9communication / Multim\u00e9dia 9\nLettres / Sciences Humaines / Langues 1\nM\u00e9canique 14\nPropret\u00e9 et services associ\u00e9s 35\nSant\u00e9 - Service associ\u00e9s param\u00e9dical 7\nSecr\u00e9tariat / Accueil 5\nSocial - Service d'aide \u00e0 la personne / Services associ\u00e9s 20\nSport 2\nTransport / Logistique 18\nTOTAL 397\nTaux de prescription linguistique\n52.07 % des signataires ont \u00e9t\u00e9 orient\u00e9s vers une prescription linguistique.\n\u00c0 noter, le changement de march\u00e9 OFII \u00e0 compter du 1 er\n juillet 2025 a r\u00e9\u00e9valu\u00e9 le niveau de  \nlangue, avec un passage au niveau A2.\n20/29\nPr\u00e9fecture du VAR - 83-2026-03-23-00002 - AAP P104 action 12 - ann\u00e9e 2026 sign\u00e9 23 03 2026 27\nAnnexe 4\u00a0: FICHE ACTION\nFournir une version modifiable\nPORTEUR\nNOM ORGANISME\u00a0:\nAdresse\u00a0:\nsite internet\u00a0:\ncontact AAP\u00a0:T\u00e9l\u00a0:                           M\u00e9l\u00a0:\nINTITULE DE L'ACTION\nOBJECTIF DE L'ACTION\nMISSIONS DE L'ACTION\nMODALIT\u00c9S DE MISE EN \n\u0152UVRE DE L'ACTION\nOUTILS, MOYENS, \nM\u00c9THODES MIS EN \n\u0152UVRE (dont moyens \nhumains\u00a0: nombre ETP , \nETPT, qualifications \ndipl\u00f4mes\u2026)\nPUBLIC VIS\u00c9 \n(B\u00e9n\u00e9ficiaires attendus en \nqualit\u00e9 et nombre annuel \ncible)\nPublic cible primo-arrivants signataires de CIR\u00a0:\n- dont nombre de femmes\u00a0:\n- dont nombre d'hommes\u00a0:\n- dont nombre de b\u00e9n\u00e9ficiaires de la protection internationale d\u00e9j\u00e0 \ncibl\u00e9s\u00a0: \nTERRITOIRE \nD'INTERVENTION\nNOMBRE DE CESSIONS \n(ex\u00a0: nombre de \ncours/semaine..)\n21/29\nPr\u00e9fecture du VAR - 83-2026-03-23-00002 - AAP P104 action 12 - ann\u00e9e 2026 sign\u00e9 23 03 2026 28\nDUR\u00c9E TOTALE DU \nPARCOURS\nPARTENARIAT (dont \ntravail en r\u00e9seau\u2026)\nCO\u00dbT DE L'ACTION\nMontant de financement sollicit\u00e9 (Programme 104-action 12)\u00a0:\nMontant de l'action/personne\u00a0:\nVentilation des financements obtenus en ann\u00e9e N-1 (tous programmes \n\u00c9tat, tous cofinancements)\u00a0:\nVentilation des financements sollicit\u00e9s en ann\u00e9e N (tous programmes \n\u00c9tat, tous cofinancements)\u00a0:\nINDICATEURS DE \nPERFORMANCE\n(atteinte cible ann\u00e9e N-1 \net cible ann\u00e9e N)\nNombre de b\u00e9n\u00e9ficiaires (ann\u00e9e N-1)\u00a0:\nNombre de b\u00e9n\u00e9ficiaires (cible ann\u00e9e N)\u00a0:\nIndicateurs de suivi\u00a0:\nIndicateurs de r\u00e9sultats\u00a0: (ex\u00a0: taux de progression, taux de passage des \nexamens, taux de r\u00e9ussite)\n22/29\nPr\u00e9fecture du VAR - 83-2026-03-23-00002 - AAP P104 action 12 - ann\u00e9e 2026 sign\u00e9 23 03 2026 29\nAnnexe 5\u00a0: Indicateurs de suivi et de r\u00e9sultats\n1. Publics\n1. 1 Pour les actions \u00e0 destination des publics \u00e9ligibles\nNombre total d'\u00e9trangers \n\u00e9ligibles b\u00e9n\u00e9ficiaires de \nl'action\nOBJECTIF REALISE\nIndiquer la valeur cible \nd'\u00e9trangers \u00e9ligibles (dont BPI) \nb\u00e9n\u00e9ficiaires de l'action\nDont hommes\nDont femmes\nDont moins de 25 ans\nDont BPI\n      Dont BPI hommes\n      Dont BPI femmes\n      Dont BPI moins de 25 ans\nCommentaire\u00a0: en ce qui concerne la d\u00e9finition des objectifs, indiquer une valeur-cible \nuniquement pour le nombre total d'\u00e9trangers \u00e9ligibles b\u00e9n\u00e9ficiaires de l'action (et non pour \ntoutes les sous-cat\u00e9gories). Pour le \u00ab\u00a0r\u00e9alis\u00e9\u00a0\u00bb, il convient en revanche de renseigner toutes les \ncellules de la colonne de droite.\n1.2 Pour les actions \u00e0 destination des acteurs de l'int\u00e9gration\nObjectif R\u00e9alis\u00e9\nNombre d'acteurs de l'int\u00e9gration \nb\u00e9n\u00e9ficiaires d'une action de \nformation\nIndiquer la valeur cible \nd'acteurs de l'int\u00e9gration \nb\u00e9n\u00e9ficiaires de l'action\nR\u00e9alis\u00e9\nNombre d'heures de formation dispens\u00e9es aux acteurs de \nl'int\u00e9gration\n(comptabiliser les heures de formation ind\u00e9pendamment du \nnombre de participants. Exemple\u00a0: 6 heures de formation pour 12 \nparticipants = 6)\nR\u00e9alis\u00e9\nOutils cr\u00e9\u00e9s\net/ou mis \u00e0 disposition des professionnels\n2. Indicateurs financiers (obligatoires pour toutes les actions)\nR\u00e9alis\u00e9\n23/29\nPr\u00e9fecture du VAR - 83-2026-03-23-00002 - AAP P104 action 12 - ann\u00e9e 2026 sign\u00e9 23 03 2026 30\nCo\u00fbt total de l'action\nDont montant de la subvention sur les cr\u00e9dits du programme \n104 action 12\n24/29\nPr\u00e9fecture du VAR - 83-2026-03-23-00002 - AAP P104 action 12 - ann\u00e9e 2026 sign\u00e9 23 03 2026 31\n3. Les indicateurs th\u00e9matiques\n3. 1 Apprentissage du fran\u00e7ais (y compris \u00e0 vis\u00e9e professionnelle)\nR\u00e9alis\u00e9\nNombre d'heures de formation dispens\u00e9es\n(comptabiliser les heures de formation ind\u00e9pendamment du \nnombre de participants. Exemple\u00a0: 6 heures de formation pour 12 \nparticipants = 6)\nR\u00e9alis\u00e9\nNombre de participants assidus\n(nombre de participants dont le taux de pr\u00e9sence aux s\u00e9ances de \nformation dispens\u00e9es est \u00e9gal ou sup\u00e9rieur \u00e0 80\u00a0% du nombre \nd'heures pr\u00e9vues dans leur parcours individuel de formation)\nR\u00e9alis\u00e9\nNombre de participants ayant progress\u00e9 d'au moins un niveau \ndu Cadre Europ\u00e9en Commun de R\u00e9f\u00e9rence pour les Langues \n(CECRL) entre le d\u00e9but et la fin de la formation\n3.2 Accompagnement vers l'emploi\nR\u00e9alis\u00e9\nDur\u00e9e moyenne du parcours d'accompagnement vers l'emploi\n(exprim\u00e9e en mois entre l'inscription du b\u00e9n\u00e9ficiaire dans le \nparcours et sa sortie)\nR\u00e9alis\u00e9\nNombre de b\u00e9n\u00e9ficiaires en sortie positive \u00e0 l'issue du parcours \nd'accompagnement vers l'emploi\n(est consid\u00e9r\u00e9 comme une sortie positive une sortie en emploi \nquels qu'en soient la nature et le type ainsi qu'une formation pr\u00e9-\nqualifiante/qualifiante/certifiante ou dipl\u00f4mante)\nDont nombre de b\u00e9n\u00e9ficiaires en formation professionnelle\nDont nombre de b\u00e9n\u00e9ficiaires en emploi durable \u00e0 l'issue du \nparcours (un emploi durable correspond \u00e0 tout contrat de plus \nde 6 mois quel qu'en soit la nature et le type)\nDont nombre de b\u00e9n\u00e9ficiaires en sortie positive 6 mois apr\u00e8s \nleur sortie de parcours. Si ce suivi \u00e0 6 mois n'est pas r\u00e9alis\u00e9, \nmerci de le pr\u00e9ciser\n25/29\nPr\u00e9fecture du VAR - 83-2026-03-23-00002 - AAP P104 action 12 - ann\u00e9e 2026 sign\u00e9 23 03 2026 32\n3.3 Appropriation des principes de la R\u00e9publique et des usages de la soci\u00e9t\u00e9 fran\u00e7aise\nR\u00e9alis\u00e9\nNombre d'heures de formation dispens\u00e9es\n(comptabiliser les heures de formation ind\u00e9pendamment du \nnombre de participants. Exemple\u00a0: 6 heures de formation pour 12 \nparticipants = 6)\nOutils et m\u00e9thodes utilis\u00e9s pour l'appropriation des principes \nde la R\u00e9publique et les usages de la soci\u00e9t\u00e9 fran\u00e7aise\nDescription des outils et des \nm\u00e9thodes\nTh\u00e9matiques de l'action men\u00e9e\u00a0(plusieurs r\u00e9ponses possibles) :\n la\u00efcit\u00e9\n\u00e9galit\u00e9 femmes hommes\ncitoyennet\u00e9\nparentalit\u00e9\nliens avec la soci\u00e9t\u00e9 d'accueil (parrainage, mentorat\u2026)\nautres (pr\u00e9ciser)\n3.4 Acc\u00e8s au logement\nR\u00e9alis\u00e9\nNombre de m\u00e9nages \u00e9trangers \u00e9ligibles ayant pu acc\u00e9der \u00e0 un \nlogement p\u00e9renne\n3.5 Acc\u00e8s \u00e0 la sant\u00e9\nR\u00e9alis\u00e9\nNombre de consultations m\u00e9dicales pour les \u00e9trangers \n\u00e9ligibles\n3.6 Lutte contre la fracture num\u00e9rique et l'illectronisme\nR\u00e9alis\u00e9\nNombre d'outils (tablette\u2026) mis \u00e0 disposition individuellement \ndes \u00e9trangers \u00e9ligibles\nR\u00e9alis\u00e9\nNombre d'heures de formation consacr\u00e9e \u00e0 la r\u00e9duction de \nl'illectronisme\n(comptabiliser les heures de formation ind\u00e9pendamment du \n26/29\nPr\u00e9fecture du VAR - 83-2026-03-23-00002 - AAP P104 action 12 - ann\u00e9e 2026 sign\u00e9 23 03 2026 33\nnombre de participants. Exemple\u00a0: 6 heures de formation pour 12 \nparticipants = 6)\n27/29\nPr\u00e9fecture du VAR - 83-2026-03-23-00002 - AAP P104 action 12 - ann\u00e9e 2026 sign\u00e9 23 03 2026 34\n3.7 Actions de mentorat/parrainage\nR\u00e9alis\u00e9\nNombre de bin\u00f4mes constitu\u00e9s\n3.8 Acc\u00e8s au sport et \u00e0 la culture\nR\u00e9alis\u00e9\nNombre d'\u00e9v\u00e8nements sportifs auxquels les b\u00e9n\u00e9ficiaires ont \nparticip\u00e9\nR\u00e9alis\u00e9\nNombre d'\u00e9v\u00e8nements culturels auxquels les b\u00e9n\u00e9ficiaires ont \nparticip\u00e9\n3.9 Accompagnement global\nCette th\u00e9matique ne comprend pas d'indicateurs sp\u00e9cifiques, mais reprend les indicateurs  \ncorrespondant  aux  diff\u00e9rents  axes  d'intervention  du  projet  d'accompagnement  global  \n(exemple\u00a0: apprentissage du fran\u00e7ais, accompagnement vers l'emploi\u2026).\n28/29\nPr\u00e9fecture du VAR - 83-2026-03-23-00002 - AAP P104 action 12 - ann\u00e9e 2026 sign\u00e9 23 03 2026 35\nAnnexe 6 - R\u00e8glement G\u00e9n\u00e9ral sur la Protection des Donn\u00e9es\nFiche utile pour les associations\n(source : site officiel de l'administration fran\u00e7aise, obligation en mati\u00e8re de protection des donn\u00e9es  \npersonnelles consult\u00e9 le 3 avril 2019, Direction de l'information l\u00e9gale et administrative, Minist\u00e8re de la  \njustice)\nPublic vis\u00e9 : Associations sociolinguistiques de la loi 1901, financ\u00e9es par une DDETS\nContexte : Dans le cadre de votre activit\u00e9 vous \u00eates amen\u00e9 \u00e0 collecter diverses informations rendant  \nidentifiables vos b\u00e9n\u00e9ficiaires. Cette collecte d'informations est soumise au R\u00e8glement europ\u00e9en sur la  \nprotection des donn\u00e9es (RGPD).\nObjectif : Fournir des \u00e9l\u00e9ments de base pour \u00eatre en conformit\u00e9 avec le RGPD.\nCadre juridique : Le RGPD est un r\u00e8glement de l'Union europ\u00e9enne qui a pour objectif de prot\u00e9ger les  \ndroits fondamentaux des citoyens europ\u00e9ens qui sont : la vie priv\u00e9e et le droit \u00e0 la protection des  \ndonn\u00e9es personnelles.\nLes changements dus \u00e0 l'adoption du RGPD :\n\u2022 La d\u00e9claration pr\u00e9alable de fichier aupr\u00e8s de la CNIL est supprim\u00e9e ;\n\u2022 Le traitement papier est consid\u00e9r\u00e9 comme un traitement de donn\u00e9es personnelles ;\nNouvelles obligations :\nObligation g\u00e9n\u00e9rale :\n\u2022 Mettre en \u0153uvre les mesures de s\u00e9curit\u00e9 des locaux et des syst\u00e8mes d'information pour emp\u00eacher  \nque les fichiers soient d\u00e9form\u00e9s, endommag\u00e9s ou que des tiers non autoris\u00e9s y aient acc\u00e8s.\nLorsque qu'une association re\u00e7oit et collecte des informations, elle doit informer le b\u00e9n\u00e9ficiaire de :\n\u2022 L'identit\u00e9 du responsable du fichier ;\n\u2022 La finalit\u00e9 du traitement des donn\u00e9es ;\n\u2022 Le caract\u00e8re obligatoire ou facultatif des r\u00e9ponses ;\n\u2022 Les droits d'acc\u00e8s aux informations d\u00e9livr\u00e9es, de rectification, d'interrogation et d'opposition.\nLes autres obligations li\u00e9es au RGPD sont de :\n\u2022  Recueillir  l'accord  des  b\u00e9n\u00e9ficiaires  et  leur  consentement  d'une  mani\u00e8re  explicite  (\u00e0  travers  la  \nsignature d'une fiche l'information de ces droits et la demande de son consentement pour traiter les  \ninformations) ;\n\u2022 Veiller \u00e0 la s\u00e9curit\u00e9 des syst\u00e8mes d'information ;\n\u2022 Assurer la confidentialit\u00e9 des donn\u00e9es ;\n\u2022 Indiquer une dur\u00e9e de conservation des donn\u00e9es.\nAttention, le non-respect du r\u00e8glement peut entra\u00eener des sanctions administratives et/ou p\u00e9nales.\n29/29\nPr\u00e9fecture du VAR - 83-2026-03-23-00002 - AAP P104 action 12 - ann\u00e9e 2026 sign\u00e9 23 03 2026 36\nPr\u00e9fecture du VAR\n83-2026-03-20-00004\nARR\u00caT\u00c9 PR\u00c9FECTORAL n\u00b0 2026/09/MCI du 20\nmars 2026\nportant d\u00e9l\u00e9gation de signature pour\nl'ordonnancement secondaire\ndes recettes et des d\u00e9penses imput\u00e9es sur le\nbudget de l'\u00c9tat\nau sein de la direction des services\nd\u00e9partementaux de l'\u00e9ducation nationale du Var\nPr\u00e9fecture du VAR - 83-2026-03-20-00004 - ARR\u00caT\u00c9 PR\u00c9FECTORAL n\u00b0 2026/09/MCI du 20 mars 2026\nportant d\u00e9l\u00e9gation de signature pour l'ordonnancement secondaire\ndes recettes et des d\u00e9penses imput\u00e9es sur le budget de l'\u00c9tat\nau sein de la direction des services d\u00e9partementaux de l'\u00e9ducation nationale du Var\n37\n=mPREFETDU VARLibert\u00e9Egalit\u00e9Fraternit\u00e9\nDirection de la coordination des politiques publiques\net de l'appui territorial\nMission de coordination interminist\u00e9rielle\nARR\u00caT\u00c9 PR\u00c9FECTORAL n\u00b0 2026/09/MCI du 20 mars 2026 \nportant d\u00e9l\u00e9gation de signature pour l'ordonnancement secondaire\ndes recettes et des d\u00e9penses imput\u00e9es sur le budget de l'\u00c9tat\nau sein de la direction des services d\u00e9partementaux de l'\u00e9ducation nationale du Var\nLe Pr\u00e9fet du Var,\nOfficier de la L\u00e9gion d'Honneur,\n \nVu le Code des march\u00e9s publics ;\nVu le Code de l'\u00e9ducation ;\nVu le Code des juridictions financi\u00e8res ;\nVu la loi organique n\u00b0 2001-692 du 1er ao\u00fbt 2001 modifi\u00e9e relative aux lois de finances ;\nVu la loi n\u00b0 82-213 du 2 mars 1982 modifi\u00e9e relative aux droits et libert\u00e9s des communes, des  \nd\u00e9partements et des r\u00e9gions ;\nVu la loi n\u00b0 83-8 du 7 janvier 1983 modifi\u00e9e relatives \u00e0 la r\u00e9partition des comp\u00e9tences entre  \nles communes, les d\u00e9partements, les r\u00e9gions et l'\u00c9tat ;\nVu la loi n\u00b0 2004-809 du 13 ao\u00fbt 2004 modifi\u00e9e relative aux libert\u00e9s et responsabilit\u00e9s locales ;\nVu  le  d\u00e9cret  n\u00b0  2004-374  du  29  avril  2004  modifi\u00e9  relatif  aux  pouvoirs  des  pr\u00e9fets,  \u00e0  \nl'organisation et \u00e0 l'action des services de l'\u00c9tat dans les r\u00e9gions et d\u00e9partements ;\nVu le d\u00e9cret n\u00b0 2012-1246  du 7 novembre 2012 modifi\u00e9 relatif \u00e0 la gestion budg\u00e9taire et  \ncomptable publique ;\nVu le d\u00e9cret n\u00b0 2012-1247 du 7 novembre 2012 modifi\u00e9 portant adaptation de divers textes  \naux nouvelles r\u00e8gles de la gestion budg\u00e9taire et comptable publique ;\nVu le d\u00e9cret n\u00b0 2015-510 du 7 mai 2015 modifi\u00e9 portant charte de d\u00e9concentration ;\nVu l'arr\u00eat\u00e9 du ministre du budget, des comptes publics, de la fonction publique et de la  \nr\u00e9forme de l'\u00c9tat et du ministre de l'\u00e9ducation nationale en date du 3 juillet 2009 portant  \nr\u00e8glement de comptabilit\u00e9 pour la d\u00e9signation des ordonnateurs secondaires et de leurs  \nd\u00e9l\u00e9gu\u00e9s en ce qui concerne le minist\u00e8re de l'\u00c9ducation nationale ;\nVu le d\u00e9cret du Pr\u00e9sident de la R\u00e9publique du 15 avril 2022  portant nomination de Monsieur  \nLucien GIUDICELLI, secr\u00e9taire g\u00e9n\u00e9ral de la pr\u00e9fecture du Var, sous-pr\u00e9fet de l'arrondissement \nde Toulon ;\nVu le d\u00e9cret du Pr\u00e9sident de la R\u00e9publique du 15 mai 2025 portant nomination de M. Simon  \nBABRE, pr\u00e9fet du Var ;\nVu le d\u00e9cret du Pr\u00e9sident de la R\u00e9publique du 6 juin 2025 publi\u00e9 au Journal officiel de la  \nR\u00e9publique fran\u00e7aise le 8 juin 2025 nommant Mme Fr\u00e9d\u00e9rique KLEIN directrice acad\u00e9mique  \nadjointe des services de l'\u00e9ducation nationale du Var ;\nVu  l'arr\u00eat\u00e9  de  la  Ministre  de  l'\u00c9ducation  nationale,  de  l'enseignement  sup\u00e9rieur  et  de  la \nrecherche  du  21  f\u00e9vrier  2025  portant  nomination  de  Mme  Myriam  PERRIER,  secr\u00e9taire  \ng\u00e9n\u00e9rale  de  la  direction  des  services  d\u00e9partementaux  de  l'\u00c9ducation  nationale  du  Var  \u00e0 \ncompter du 3 mars 2025 ;\n1/3\nPr\u00e9fecture du VAR - 83-2026-03-20-00004 - ARR\u00caT\u00c9 PR\u00c9FECTORAL n\u00b0 2026/09/MCI du 20 mars 2026\nportant d\u00e9l\u00e9gation de signature pour l'ordonnancement secondaire\ndes recettes et des d\u00e9penses imput\u00e9es sur le budget de l'\u00c9tat\nau sein de la direction des services d\u00e9partementaux de l'\u00e9ducation nationale du Var\n38\nSur proposition du secr\u00e9taire g\u00e9n\u00e9ral de la pr\u00e9fecture,\nARRETE:\nARTICLE 1\nD\u00e9l\u00e9gation est donn\u00e9e \u00e0 Mme Fr\u00e9d\u00e9rique KLEIN, directrice acad\u00e9mique adjointe des services  \nde  l'\u00c9ducation  nationale  du  Var , en  tant  que  responsable  d'unit\u00e9  op\u00e9rationnelle,  pour  \nproc\u00e9der \u00e0 l'ordonnancement secondaire des recettes et des d\u00e9penses de l'\u00c9tat concernant  \nles programmes de la mission suivante :\n1 / Mission Enseignement scolaire :\nProgrammes\n\u2022 139 : enseignement priv\u00e9 du premier et second degr\u00e9s,\n\u2022 140 : enseignement scolaire public du premier degr\u00e9,\n\u2022 141 : enseignement scolaire public du second degr\u00e9,\n\u2022 214 : soutien de la politique de l'\u00c9ducation nationale,\n\u2022 230 : vie de l'\u00e9l\u00e8ve,\n\u2022 163 : Jeunesse et Engagement\n\u2022 219 : Sports\n\u2022 309 : entretien des b\u00e2timents de l'\u00c9tat,\n\u2022 333 : moyens mutualis\u00e9s des administrations d\u00e9concentr\u00e9es.\nCette d\u00e9l\u00e9gation porte sur l'engagement, la liquidation et le mandatement des d\u00e9penses,  \nainsi que sur l'\u00e9mission et la signature des titres de recettes.\nARTICLE 2\nPour les programmes susvis\u00e9s, demeurent r\u00e9serv\u00e9s \u00e0 la signature du pr\u00e9fet du Var :\n\uf0a7 les  arr\u00eat\u00e9s  de  subvention  d'investissement  et  de  fonctionnement  de  l'\u00c9tat  aux  \ncommunes et aux associations, quel que soit le montant ;\n\uf0a7 les ordres de r\u00e9quisition du comptable public ;\n\uf0a7 en cas d'avis pr\u00e9alable d\u00e9favorable de l'autorit\u00e9 charg\u00e9e du contr\u00f4le financier, le  \ncourrier informant cette autorit\u00e9 des motifs de la d\u00e9cision de ne pas se conformer \u00e0  \nl'avis donn\u00e9 ;\n\uf0a7 les d\u00e9cisions de passer outre.\nARTICLE 3\nUn compte-rendu d'utilisation des cr\u00e9dits sera adress\u00e9 trimestriellement  au pr\u00e9fet du Var . \nToute r\u00e9allocation de moyens effectu\u00e9e en cours d'exercice, exc\u00e9dant 10  % de la r\u00e9partition  \ninitialement op\u00e9r\u00e9e sera soumise \u00e0 son avis pr\u00e9alable.\nARTICLE 4\nLes conditions d'information et d'ex\u00e9cution dans lesquelles s'exercera la d\u00e9l\u00e9gation sont les  \nsuivantes :\n2/3\nPr\u00e9fecture du VAR - 83-2026-03-20-00004 - ARR\u00caT\u00c9 PR\u00c9FECTORAL n\u00b0 2026/09/MCI du 20 mars 2026\nportant d\u00e9l\u00e9gation de signature pour l'ordonnancement secondaire\ndes recettes et des d\u00e9penses imput\u00e9es sur le budget de l'\u00c9tat\nau sein de la direction des services d\u00e9partementaux de l'\u00e9ducation nationale du Var\n39\nLes  services  relevant  de  l'unit\u00e9  op\u00e9rationnelle  sont  charg\u00e9s  d'\u00e9laborer,  sous  l'autorit\u00e9  du \npr\u00e9fet, une proposition de budget indiquant les activit\u00e9s qu'ils se proposent de mener et  \nl'enveloppe  budg\u00e9taire  associ\u00e9e  pour  la  mise  en  \u0153uvre  du  budget  op\u00e9rationnel  de  \nprogramme (BOP).\nAfin d'assurer un suivi de la gestion d\u00e9l\u00e9gu\u00e9e, seront transmis  au pr\u00e9fet  et au secr\u00e9taire  \ng\u00e9n\u00e9ral de la pr\u00e9fecture charg\u00e9s de l'administration de l'\u00c9tat dans le d\u00e9partement du Var :\n\u2022 la copie des lettres de cadrage adress\u00e9es par le responsable de BOP , dans le cas o\u00f9 elles \nne seraient pas adress\u00e9es sous son couvert ;\n\u2022 la proposition du budget concernant chaque unit\u00e9 op\u00e9rationnelle sera transmise au  \nresponsable de BOP , sous couvert du pr\u00e9fet ;\n\u2022 le tableau pr\u00e9visionnel des op\u00e9rations qui seront propos\u00e9es \u00e0 la programmation au  \ncours de l'exercice dans le cadre de l'unit\u00e9 op\u00e9rationnelle concern\u00e9e.\nARTICLE 5\nEn application du d\u00e9cret n\u00b0 2004-374 du 29 avril 2004 modifi\u00e9 susvis\u00e9, Mme Fr\u00e9d\u00e9rique KLEIN \ndirectrice acad\u00e9mique adjointe des services de l'\u00c9ducation nationale du Var , d\u00e9finira, par  \narr\u00eat\u00e9 pris au nom du pr\u00e9fet et publi\u00e9 au recueil des actes administratifs de la pr\u00e9fecture, la  \nliste  des  agents  plac\u00e9s  sous  son  autorit\u00e9  habilit\u00e9s  \u00e0  effectuer  les  actes  et  op\u00e9rations  \nd'ordonnancement  de  la  d\u00e9pense  (saisie,  validation,  certification  de  service  fait,  ordre  \u00e0 \npayer)  dans  les  applications  financi\u00e8res  d\u00e9di\u00e9es,  dans  la  limite  des  attributions  des  \nprogrammes ci-dessus et des missions de la direction. La signature des agents ainsi habilit\u00e9s  \ndevra \u00eatre tenue \u00e0 jour et accr\u00e9dit\u00e9e aupr\u00e8s du comptable assignataire.\nARTICLE 6\nEn  cas  d'absence  ou  d'emp\u00eachement  de  Mme  Fr\u00e9d\u00e9rique  KLEIN ,  la  d\u00e9l\u00e9gation  pour  \nl'ordonnancement secondaire des recettes et des d\u00e9penses qui lui est accord\u00e9e par le pr\u00e9sent \narr\u00eat\u00e9 est exerc\u00e9e par Mme Myriam PERRIER, secr\u00e9taire g\u00e9n\u00e9rale de la direction des services  \nd\u00e9partementaux de l'\u00e9ducation nationale du Var.\nARTICLE 7\nLe secr\u00e9taire g\u00e9n\u00e9ral de la pr\u00e9fecture du Var et le directeur acad\u00e9mique des services de  \nl'\u00c9ducation Nationale du Var sont charg\u00e9s, chacun en ce qui le concerne, de l'ex\u00e9cution du  \npr\u00e9sent arr\u00eat\u00e9 qui sera publi\u00e9 au recueil des actes administratifs de la pr\u00e9fecture du Var.\nFait \u00e0 Toulon, le 20 mars 2026\nPr\u00e9fet du Var\nSign\u00e9 :\nSimon BABRE\n3/3\nPr\u00e9fecture du VAR - 83-2026-03-20-00004 - ARR\u00caT\u00c9 PR\u00c9FECTORAL n\u00b0 2026/09/MCI du 20 mars 2026\nportant d\u00e9l\u00e9gation de signature pour l'ordonnancement secondaire\ndes recettes et des d\u00e9penses imput\u00e9es sur le budget de l'\u00c9tat\nau sein de la direction des services d\u00e9partementaux de l'\u00e9ducation nationale du Var\n40\nPr\u00e9fecture du VAR\n83-2026-03-23-00001\nArr\u00eate pr\u00e9fectoral n\u00b02026-03-005 ALYCE du 23\nmars 2026 portant r\u00e9glementation temporaire\nde la circulation pour la r\u00e9alisation d'une\nenqu\u00eate de circulation sur l'autoroute A8 sur le\nterritoire de la commune de Fr\u00e9jus\nPr\u00e9fecture du VAR - 83-2026-03-23-00001 - Arr\u00eate pr\u00e9fectoral n\u00b02026-03-005 ALYCE du 23 mars 2026 portant r\u00e9glementation\ntemporaire de la circulation pour la r\u00e9alisation d'une enqu\u00eate de circulation sur l'autoroute A8 sur le territoire de la commune de\nFr\u00e9jus\n41\n=mPREFETDU VARLibert\u00e9Egalit\u00e9Fraternit\u00e9\nDirection des s\u00e9curit\u00e9s\nService de l'\u00e9ducation et \nde la s\u00e9curit\u00e9 routi\u00e8res\nP\u00f4le \u00e9tudes et ing\u00e9nierie\n           ARR\u00caT\u00c9 PR\u00c9FECTORAL n\u00b0 2026-03-005 ALYCE du 23 mars 202602/07/2020\nportant r\u00e9glementation temporaire de la circulation pour la r\u00e9alisation\nd'une enqu\u00eate de circulation sur l'autoroute A8 sur le territoire de la commune de Fr\u00e9jus\nLe Pr\u00e9fet du Var,\nChevalier de la L\u00e9gion d'Honneur, \nChevalier de l'Ordre National du M\u00e9rite,\nVu le Code de la route ;\nVu le Code de la voirie routi\u00e8re ;\nVu le d\u00e9cret n\u00b0 2025-723 du 30 juillet 2025 modifiant le d\u00e9cret n\u00b02004-374 du 29 avril 2004  \nmodifi\u00e9 relatif aux pouvoirs des pr\u00e9fets, \u00e0 l'organisation et \u00e0 l'action des services de l'\u00c9tat  \ndans les r\u00e9gions et d\u00e9partements ;\nVu le d\u00e9cret n\u00b0 2006-235 du 27 f\u00e9vrier 2006, relatif aux enqu\u00eates de circulation au bord des  \nroutes ;\nVu le d\u00e9cret du Pr\u00e9sident de la R\u00e9publique du 15 mai 2025 portant nomination de M. Simon  \nBABRE, pr\u00e9fet du Var ;\nVu l'instruction  interminist\u00e9rielle  sur  la  signalisation  routi\u00e8re,  8  partie  concernant  la\u1d49  \nsignalisation temporaire ;\nVu l'arr\u00eat\u00e9 pr\u00e9fectoral n\u00b0 2026/07/MCI du 18 f\u00e9vrier 2026 portant d\u00e9l\u00e9gation de signature \u00e0  \nMme Jos\u00e9phine GUIGLIANO-BOUTONNET, directrice de cabinet du pr\u00e9fet du Var ;\nVu la lettre d'intention de la Direction G\u00e9n\u00e9rale des Infrastructures, des Transports et des  \nMobilit\u00e9s  (DGITM)  en  date  du  26  novembre  2025  mandatant  la  soci\u00e9t\u00e9  ALYCE  pour  la  \nr\u00e9alisation de comptages de trafic et des enqu\u00eates origine-destination par interviews ;\nVu la demande en date du 27 f\u00e9vrier 2026  par laquelle la soci\u00e9t\u00e9 ALYCE demeurant 109, rue  \ndu 1er Mars 1943 \u2013 69100 Villeurbanne, repr\u00e9sent\u00e9e par Monsieur Fabien ZELNIK, sollicite un  \narr\u00eat\u00e9  temporaire  de  circulation  pour  la  r\u00e9alisation  d'une  enqu\u00eate  de  circulation  sur  le  \ndomaine public ;\nVu  le  dossier  d'exploitation  \u00e9tabli  par  la  soci\u00e9t\u00e9  ALYCE,  signalant  l'emplacement,  la  \ndescription des postes d'enqu\u00eate, la signalisation, les modalit\u00e9s d'interception, sur lesquelles  \nles gestionnaires concern\u00e9s se sont prononc\u00e9s ;\nConsid\u00e9rant que  l'enqu\u00eate  de  circulation  effectu\u00e9e  par  la  soci\u00e9t\u00e9  ALYCE  a  pour  objet,  \nl'observation de l'origine et de la destination des usagers au droit de la barri\u00e8re de p\u00e9age du  \nCapitou \u00e0 Fr\u00e9jus, sur l'autoroute A8, dans le sens Aix-en-Provence vers Nice et n\u00e9cessite de  \nr\u00e9glementer  la  circulation  aux  abords  des  postes  d'enqu\u00eate  afin  de  permettre  son  bon  \nd\u00e9roulement. \nArr\u00eat\u00e9 pr\u00e9fectoral n\u00b0 2026 \u2013 03 \u2013 005 ALYCE Page 1/3\nPr\u00e9fecture du VAR - 83-2026-03-23-00001 - Arr\u00eate pr\u00e9fectoral n\u00b02026-03-005 ALYCE du 23 mars 2026 portant r\u00e9glementation\ntemporaire de la circulation pour la r\u00e9alisation d'une enqu\u00eate de circulation sur l'autoroute A8 sur le territoire de la commune de\nFr\u00e9jus\n42\nSur proposition de la directrice de cabinet du pr\u00e9fet du Var,\nARR\u00caTE :\nArticle 1  er   : La soci\u00e9t\u00e9 ALYCE est autoris\u00e9e \u00e0 r\u00e9aliser une enqu\u00eate de circulation routi\u00e8re sur le  \nr\u00e9seau autoroutier de l'autoroute A8 \u00e0 la barri\u00e8re de p\u00e9age du Capitou \u00e0 Fr\u00e9jus, dans le sens  \nAix-en-Provence vers Nice, le mardi 24 mars 2026, de 07h00 \u00e0 19h00. \nEn  cas  d'\u00e9v\u00e9nement  exceptionnel  susceptible  de  perturber  la  circulation  (gr\u00e8ve,  travaux  \nimpr\u00e9vus etc), des dates de report sont pr\u00e9vues :  \n- jeudi 26 mars 2026\n- mardi 31 mars 2026\n- jeudi 02 avril 2026\nArticle  2 : Pour  la  r\u00e9alisation  de  cette  enqu\u00eate,  la  circulation  de  tous  les  v\u00e9hicules  est  \nr\u00e9glement\u00e9e par un dispositif situ\u00e9 au niveau de la barri\u00e8re de p\u00e9age. \nL'enqu\u00eate est r\u00e9alis\u00e9e sur les \u00eelots des voies n\u00b051 \u00e0 n\u00b053, n\u00b061 \u00e0 n\u00b066 et n\u00b069 \u00e0 n\u00b074. Les voies de \nt\u00e9l\u00e9p\u00e9age sans arr\u00eat (TSA) n\u00b045, 46, 67 et 68 sont ferm\u00e9es en dehors des heures de pointes.  \nAfin d'inciter les usagers \u00e0 emprunter les voies centrales o\u00f9 sont positionn\u00e9s les enqu\u00eateurs,  \nVINCI/ESCOTA se r\u00e9serve le droit de fermer les voies situ\u00e9es aux extr\u00e9mit\u00e9s. \nLes enqu\u00eateurs sont plac\u00e9s sous l'autorit\u00e9 d'un chef d'\u00e9quipe charg\u00e9 de l'encadrement. \nLes enqu\u00eateurs interrogent les conducteurs de v\u00e9hicules l\u00e9gers et de poids lourds, avant la  \ntransaction, lorsque ceux-ci sont en phase de ralentissement \u00e0 l'approche du p\u00e9age. \nLe questionnaire, de courte dur\u00e9e (maximum 30 secondes), porte sur trois \u00e9l\u00e9ments : \n- le motif du d\u00e9placement, \n- l'origine,\n- la destination.\nL'enqu\u00eate est r\u00e9alis\u00e9e depuis les \u00eelots de p\u00e9age. Si un conducteur ne souhaite pas r\u00e9pondre,  \nl'enqu\u00eateur le laisse repartir sans insister. \nLes donn\u00e9es recueillies aupr\u00e8s des usagers sont anonymes. \nArticle 3 : Tous les enqu\u00eateurs ont pr\u00e9alablement suivi une formation sp\u00e9cifique portant sur  \nles consignes de s\u00e9curit\u00e9 en zone p\u00e9age. Leur positionnement est r\u00e9alis\u00e9 par le chef d'\u00e9quipe,  \nen conformit\u00e9 avec les cheminements pi\u00e9tons autoris\u00e9s. \nLes enqu\u00eateurs sont install\u00e9s en s\u00e9curit\u00e9, sur les \u00eelots, en retrait derri\u00e8re les glissi\u00e8res de  \ns\u00e9curit\u00e9 (gardes corps). \nIls ne doivent en aucun cas quitter leur poste, sauf instruction directe du chef d'\u00e9quipe.  \nAucun d\u00e9placement ne s'effectue sans sa pr\u00e9sence, y compris pour les temps de pause. \nDeux \u00e9quipes se relaient pour la r\u00e9alisation de cette enqu\u00eate selon les cr\u00e9neaux suivants : \n- \u00e9quipe du matin : de 07h00 \u00e0 13h00\n- \u00e9quipe de l'apr\u00e8s-midi : de 13h00 \u00e0 19h00\nLe chef d'\u00e9quipe assure la coordination entre les deux \u00e9quipes, le relais d'information ainsi  \nque le bon d\u00e9roulement des op\u00e9rations sur site.\nArr\u00eat\u00e9 pr\u00e9fectoral n\u00b0 2026 \u2013 03 \u2013 005 ALYCE Page 2/3\nPr\u00e9fecture du VAR - 83-2026-03-23-00001 - Arr\u00eate pr\u00e9fectoral n\u00b02026-03-005 ALYCE du 23 mars 2026 portant r\u00e9glementation\ntemporaire de la circulation pour la r\u00e9alisation d'une enqu\u00eate de circulation sur l'autoroute A8 sur le territoire de la commune de\nFr\u00e9jus\n43\nDes pauses sont pr\u00e9vues pour chaque \u00e9quipe, \u00e0 raison d'une ou deux pauses de 10 \u00e0 15  \nminutes par enqu\u00eateur. Afin de garantir la continuit\u00e9 du dispositif, les pauses sont prises  \nindividuellement. \nLa soci\u00e9t\u00e9 ALYCE est enti\u00e8rement responsable du respect des consignes de s\u00e9curit\u00e9.\nArticle  4     :  Chaque  enqu\u00eateur  doit  obligatoirement  \u00eatre  porteur  des  \u00c9quipements  de  \nProtection Individuelle (EPI) suivants : \n- gilet r\u00e9tro-r\u00e9fl\u00e9chissant rouge de classe 2\n- chaussures de s\u00e9curit\u00e9\nCes \u00e9quipements sont obligatoires pendant toute la dur\u00e9e de l'intervention. \nArticle 5 : La soci\u00e9t\u00e9 ALYCE s'engage \u00e0 respecter int\u00e9gralement le plan de pr\u00e9vention n\u00b0 2026-\n03-428 \u00e9tabli le 20/03/2026 avec le gestionnaire des autoroutes VINCI/ESCOTA.\nArticle 6  : Un dispositif compl\u00e9mentaire de recensement est mis en place par le biais de  \ncam\u00e9ras qui seront positionn\u00e9es sur les garde-corps du passage sup\u00e9rieur du PR 133.250 sur la  \nRD4A. Ces cam\u00e9ras seront orient\u00e9es dans le sens Aix-en-Provence vers Nice afin de recenser  \nl'ensemble des v\u00e9hicules, que leurs conducteurs aient \u00e9t\u00e9 interview\u00e9s ou non. \nArticle 7 : \u00c0 tout moment, \u00e0 la demande des repr\u00e9sentants de la soci\u00e9t\u00e9 VINCI/ESCOTA, d\u00e8s  \nlors qu'une file d'attente est estim\u00e9e trop importante, l'enqu\u00eate est suspendue de fa\u00e7on  \ntemporaire, et il est demand\u00e9 au chef d'\u00e9quipe d'\u00e9vacuer l'ensemble des enqu\u00eateurs des  \nvoies. L'enqu\u00eate ne peut reprendre qu'apr\u00e8s la d\u00e9cision de la soci\u00e9t\u00e9 VINCI/ESCOTA. \nArticle 8 : Ces dispositions ne s'appliquent pas aux d\u00e9placements li\u00e9s aux missions de s\u00e9curit\u00e9 \nexerc\u00e9es par les personnels de VINCI/ESCOTA, des forces de l'ordre ainsi qu'aux v\u00e9hicules de  \nsecours.\nArticle 9 : Les usagers sont inform\u00e9s aux abords du p\u00e9age via les panneaux \u00e0 message variable  \n(PMV).\nArticle 10  : La directrice de cabinet du pr\u00e9fet du Var , le pr\u00e9sident du conseil d\u00e9partemental  \ndu Var, le directeur interd\u00e9partemental de la police nationale du Var,  le commandant du  \ngroupement de gendarmerie d\u00e9partementale du Var, le directeur d\u00e9partemental des services \nd'incendie et de secours du Var, le maire de la commune  de Fr\u00e9jus, le directeur de la soci\u00e9t\u00e9  \ndes autoroutes Est\u00e9rel, C\u00f4te d'Azur, Provence Alpes et le directeur de la soci\u00e9t\u00e9 ALYCE sont  \ncharg\u00e9s, chacun en ce qui le concerne, de l'ex\u00e9cution du pr\u00e9sent arr\u00eat\u00e9 qui sera publi\u00e9 au  \nrecueil des actes administratifs de la pr\u00e9fecture du Var.\nFait \u00e0 Toulon, le 23 mars 2026\n                                                                Pour le Pr\u00e9fet et par d\u00e9l\u00e9gation, \n                                                              l'adjoint \u00e0 la cheffe du service\n                                                           de l'\u00e9ducation et de la s\u00e9curit\u00e9 routi\u00e8res\n                                                           sign\u00e9 :  Thierry LE GRAND\nConform\u00e9ment aux dispositions de l'article R. 421-1 et suivants du code de justice administrative, le pr\u00e9sent arr\u00eat\u00e9 peut faire l'objet dans un d\u00e9lai de  \ndeux mois \u00e0 compter de sa parution :\n\u2013  d'un recours administratif (recours gracieux aupr\u00e8s du pr\u00e9fet du Var ou recours hi\u00e9rarchique aupr\u00e8s du ministre de l'int\u00e9rieur)\n\u2013 d'un  recours  contentieux  devant  le  tribunal  administratif  de  Toulon.  Le  tribunal  administratif  peut  \u00eatre  saisi  par  l'application  informatique  \n\u00ab T\u00e9l\u00e9recours citoyens \u00bb accessible par le site Internet www.telerecours.fr\nArr\u00eat\u00e9 pr\u00e9fectoral n\u00b0 2026 \u2013 03 \u2013 005 ALYCE Page 3/3\nPr\u00e9fecture du VAR - 83-2026-03-23-00001 - Arr\u00eate pr\u00e9fectoral n\u00b02026-03-005 ALYCE du 23 mars 2026 portant r\u00e9glementation\ntemporaire de la circulation pour la r\u00e9alisation d'une enqu\u00eate de circulation sur l'autoroute A8 sur le territoire de la commune de\nFr\u00e9jus\n44","date":"2026-03-23","first_seen_on":"2026-03-23T15:41:44+00:00","id":"5330081d97aff587a5597c752b1d88e82065c5d31c7f043f1b6b3a0261ed5724","name":"RAA N\u00b0101 du 23 mars 2026","pdf_creation_date":"2026-03-23T15:23:45+00:00","pdf_modification_date":null,"timezone":"Europe/Paris","url":"https://www.var.gouv.fr/contenu/telechargement/45602/297346/file/RAA%20N%C2%B0101%20du%2023%20mars%202026.pdf"}
