{"administration":"pref50","administration_name":"Pr\u00e9fecture de la Manche","content":"RECUEIL DES ACTES\nADMINISTRATIFS\nDE LA MANCHE\nDOCUMENTATION\nET\nINFORMATIONS\nNOVEMBRE 2023\nNUMERO SPECIAL N\u00b0 100\nLe contenu int\u00e9gral des textes et/ou les documents et plans annex\u00e9s\npeut \u00eatre consult\u00e9 aupr\u00e8s du service sous le timbre duquel la publication\nest r\u00e9alis\u00e9e et sur le site Internet de la pr\u00e9fecture :\nhttp://www.manche.gouv.fr\nRubrique : Publications - Annonces et avis - Recueil des actes administratifs\n\nS O M M A I R E\nSOUS-PREFECTURE D'AVRANCHES......................................................................................................................................................................8\nArr\u00eat\u00e9 n\u00b0 2023-10 du 5 avril 2023 portant renouvellement d'un syst\u00e8me de vid\u00e9oprotection - CREDIT MUTUEL MAINE ANJOU BASSE\nNORMANDIE \u00e0 EQUEURDREVILLE-HAINNEVILLE (CHERBOURG-EN-COTENTIN)............................................................................................8\nArr\u00eat\u00e9 n\u00b0 2023-11 du 5 avril 2023 portant renouvellement d'un syst\u00e8me de vid\u00e9oprotection - CREDIT MUTUEL MAINE ANJOU BASSE\nNORMANDIE \u00e0 TOURLAVILLE (CHERBOURG-EN-COTENTIN).............................................................................................................................8\nArr\u00eat\u00e9 n\u00b0 2023-12 du 5 avril 2023 portant renouvellement d'un syst\u00e8me de vid\u00e9oprotection - CREDIT MUTUEL MAINE ANJOU BASSE\nNORMANDIE \u00e0 BREHAL............................................................................................................................................................................................8\nArr\u00eat\u00e9 n\u00b0 2023-13 du 17 avril 2023 portant renouvellement d'un syst\u00e8me de vid\u00e9oprotection CREDIT MUTUEL MAINE ANJOU BASSE\nNORMANDIE \u00e0 GOUVILLE-SUR-MER......................................................................................................................................................................9\nArr\u00eat\u00e9 n\u00b0 2023-14 du 5 avril 2023 portant renouvellement d'un syst\u00e8me de vid\u00e9oprotection - CREDIT MUTUEL MAINE ANJOU BASSE\nNORMANDIE \u00e0 MARIGNY-LE-LOZON.......................................................................................................................................................................9\nArr\u00eat\u00e9 n\u00b0 2023-15 du 5 avril 2023 portant renouvellement d'un syst\u00e8me de vid\u00e9oprotection - Caisse Epargne Normandie \u00e0 SAINT-\nHILAIRE-DU-HARCOUET...........................................................................................................................................................................................9\nArr\u00eat\u00e9 n\u00b0 2023-16 du 5 avril 2023 portant renouvellement d'un syst\u00e8me de vid\u00e9oprotection - Caisse Epargne Normandie \u00e0 VALOGNES\n...................................................................................................................................................................................................................................10\nArr\u00eat\u00e9 n\u00b0 2023-17 portant renouvellement d'un syst\u00e8me de vid\u00e9oprotection - Caisse Epargne Normandie \u00e0 VILLEDIEU-LES-POELES-\nROUFFIGNY..............................................................................................................................................................................................................10\nArr\u00eat\u00e9 n\u00b0 2023-18 du 5 avril 2023 portant renouvellement d'un syst\u00e8me de vid\u00e9oprotection - Sarl MALLVEN services \u00e0 GRANVILLE............10\nArr\u00eat\u00e9 n\u00b0 2023-19 du 5 avril 2023 portant renouvellement d'un syst\u00e8me de vid\u00e9oprotection - PHARMACIE PASTEUR \u00e0 CHERBOURG-\nEN-COTENTIN..........................................................................................................................................................................................................11\nArr\u00eat\u00e9  n\u00b0  2023-21  du  5  avril  2023  portant  renouvellement  d'un  syst\u00e8me  de  vid\u00e9oprotection  -  La  Civette  bar-tabac-journaux  \u00e0\nCHERBOURG-EN-COTENTIN..................................................................................................................................................................................11\nArr\u00eat\u00e9 n\u00b0 2023-22 du 5 avril 2023 portant renouvellement d'un syst\u00e8me de vid\u00e9oprotection - Boulangerie P\u00e2tisserie SARL CARRE\nGUERIN \u00e0 BREHAL...................................................................................................................................................................................................11\nArr\u00eat\u00e9 n\u00b0 2023-23 du 5 avril 2023 portant renouvellement d'un syst\u00e8me de vid\u00e9oprotection - SAS Complexe Aquatique des 3 Provinces\n\u00e0 SAINT-HILAIRE-DU-HARCOUET..........................................................................................................................................................................12\nArr\u00eat\u00e9 n\u00b0 2023-24 du 5 avril 2023 portant renouvellement d'un syst\u00e8me de vid\u00e9oprotection - Lavance Exploitation station de lavage \u00e0\nGRANDPARIGNY......................................................................................................................................................................................................12\nArr\u00eat\u00e9 n\u00b0 2023-25 du 5 avril 2023 portant renouvellement d'un syst\u00e8me de vid\u00e9oprotection - LIDL \u00e0 LA COLOMBE........................................12\nArr\u00eat\u00e9 n\u00b0 2023-26 du 5 avril 2023 portant renouvellement d'un syst\u00e8me de vid\u00e9oprotection - Usine de La Divette \u00e0 CHERBOURG-EN-\nCOTENTIN................................................................................................................................................................................................................13\nArr\u00eat\u00e9 n\u00b0 2023-27 du 5 avril 2023 portant renouvellement d'un syst\u00e8me de vid\u00e9oprotection - sarl LHPC El\u00e9phant Bleu \u00e0 CHERBOURG-\nEN-COTENTIN..........................................................................................................................................................................................................13\nArr\u00eat\u00e9 n\u00b0 2023-30 du 5 avril 2023 portant  modification d'un syst\u00e8me de vid\u00e9oprotection - BNP PARIBAS  \u00e0 CHERBOURG-EN-\nCOTENTIN................................................................................................................................................................................................................13\nArr\u00eat\u00e9 n\u00b0 2023-32 du 5 avril 2023 portant modification d'un syst\u00e8me de vid\u00e9oprotection - Direction D\u00e9partementale de la S\u00e9curit\u00e9\nPublique de la MANCHE \u00e0 CHERBOURG-EN-COTENTIN......................................................................................................................................14\nArr\u00eat\u00e9 n\u00b0 2023-33 du 5 avril 2023 portant modification d'un syst\u00e8me de vid\u00e9oprotection - Direction D\u00e9partementale de la S\u00e9curit\u00e9\nPublique de la Manche \u00e0 SAINT-LO..........................................................................................................................................................................14\nArr\u00eat\u00e9 n\u00b0 2023-34 du 5 avril 2023 portant modification d'un syst\u00e8me de vid\u00e9oprotection - Direction d\u00e9partementale de la s\u00e9curit\u00e9\npublique \u00e0 GRANVILLE.............................................................................................................................................................................................14\nArr\u00eat\u00e9 n\u00b0 2023-35 du 5 avril 2023 portant modification d'un syst\u00e8me de vid\u00e9oprotection - Direction D\u00e9partementale de la S\u00e9curit\u00e9\nPublique de la Manche \u00e0 COUTANCES...................................................................................................................................................................15\nArr\u00eat\u00e9 n\u00b0 2023-36 du 5 avril 2023 portant modification d'un syst\u00e8me de vid\u00e9oprotection - MAISON DE LA PRESSE bar tabac presse \u00e0\nLES PIEUX................................................................................................................................................................................................................15\nArr\u00eat\u00e9 n\u00b0 2023-38 du 5 avril 2023 portant modification d'un syst\u00e8me de vid\u00e9oprotection - K\u00e9olis Mont-Saint-Michel \u00e0 BEAUVOIR................. 15\nArr\u00eat\u00e9 n\u00b0 2023-39 du 5 avril 2023 portant modification d'un syst\u00e8me de vid\u00e9oprotection - MAISON DE LA PRESSE / SNC Davenas \u00e0\nCHERBOURG-EN-COTENTIN.................................................................................................................................................................................16\nArr\u00eat\u00e9 n\u00b0 2023-40 du 5 avril 2023 portant modification d'un syst\u00e8me de vid\u00e9oprotection - CASTEL PUB \u00e0 SAINT-LO..................................... 16\nArr\u00eat\u00e9 n\u00b0 2023-41 du 5 avril 2023 portant modification d'un syst\u00e8me de vid\u00e9oprotection - CENTRE COMMERCIAL AUCHAN \u00e0\nCHERBOURG-EN-COTENTIN.................................................................................................................................................................................16\nArr\u00eat\u00e9 n\u00b0 2023-42 du 5 avril 2023 portant modification d'un syst\u00e8me de vid\u00e9oprotection - LIDL \u00e0 GRANVILLE................................................ 17\nArr\u00eat\u00e9 n\u00b0 2023-43 du 5 avril 2023 portant modification d'un syst\u00e8me de vid\u00e9oprotection - BAR TABAC PRESSE LOTO - SNC\nDELACOUDRE \u00e0 SAINT-SAUVEUR-LE-VICOMTE.................................................................................................................................................17\nArr\u00eat\u00e9 n\u00b0 2023-44 du 5 avril 2023 portant modification d'un syst\u00e8me de vid\u00e9oprotection - Ville de Cherbourg-en-Cotentin.............................. 17\nArr\u00eat\u00e9 n\u00b0 2023-45 du 5 avril 2023 portant modification d'un syst\u00e8me de vid\u00e9oprotection - Boulangerie Louise \u00e0 AVRANCHES.......................18\nArr\u00eat\u00e9 n\u00b0  2023-46 du 5 avril 2023 portant  modification d'un syst\u00e8me de vid\u00e9oprotection - Commune de SAINT-SAUVEUR-LE-\nVICOMTE..................................................................................................................................................................................................................18\nArr\u00eat\u00e9 n\u00b0 2023-48 du 5 avril 2023 portant autorisation d'un syst\u00e8me de vid\u00e9oprotection - Centre hospitalier de proximit\u00e9 \u00e0 CARENTAN-\nLES-MARAIS.............................................................................................................................................................................................................18\nArr\u00eat\u00e9 n\u00b0 2023-49 du 5 avril 2023 portant autorisation d'un syst\u00e8me de vid\u00e9oprotection - SAS GTFL \u00e0 CHERBOURG-EN-COTENTIN\n...................................................................................................................................................................................................................................19\nArr\u00eat\u00e9 n\u00b0 2023-51 du 5 avril 2023 portant autorisation d'un syst\u00e8me de vid\u00e9oprotection - SELARL PHARMACIE DES CAPS \u00e0 LES\nPIEUX........................................................................................................................................................................................................................19\nArr\u00eat\u00e9 n\u00b0 2023-52 du 5 avril 2023 portant autorisation d'un syst\u00e8me de vid\u00e9oprotection - LS Tubes \u00e0 SAINT-QUENTIN-SUR-LE-\nHOMME.....................................................................................................................................................................................................................20\nArr\u00eat\u00e9 n\u00b0 2023-53 du 5 avril 2023 portant autorisation d'un syst\u00e8me de vid\u00e9oprotection - M.L.D.V \u00e0 DONVILLE-LES-BAINS..........................20\nArr\u00eat\u00e9 n\u00b0 2023-54 du 5 avril 2023 portant autorisation d'un syst\u00e8me de vid\u00e9oprotection - DOMITYS LES SALINES \u00e0 CHERBOURG-\nEN-COTENTIN..........................................................................................................................................................................................................21\nArr\u00eat\u00e9 n\u00b0 2023-55 du 5 avril 2023 portant autorisation d'un syst\u00e8me de vid\u00e9oprotection - SNC HOUVET-DEMANGE \u00e0 CHERBOURG-\nEN-COTENTIN..........................................................................................................................................................................................................21\nArr\u00eat\u00e9 n\u00b0 2023-56 du 5 avril 2023 portant autorisation d'un syst\u00e8me de vid\u00e9oprotection - SARL SAINT VAAST MARINE \u00e0 SAINT-\nVAAST-LA-HOUGUE.................................................................................................................................................................................................21\nArr\u00eat\u00e9 n\u00b0 2023-57 du 5 avril 2023 portant autorisation d'un syst\u00e8me de vid\u00e9oprotection - SARL YANNICK GERVAISE \u00e0 GRIMESNIL........... 22\nArr\u00eat\u00e9 n\u00b0 2023-58 du 5 avril 2023 portant autorisation d'un syst\u00e8me de vid\u00e9oprotection - H\u00f4tel Les Montois \u00e0 CEAUX................................... 22\nArr\u00eat\u00e9 n\u00b0 2023-59 du 5 avril 2023 portant autorisation d'un syst\u00e8me de vid\u00e9oprotection - SARL La cit\u00e9 de la bi\u00e8re \u00e0 CARENTAN-LES-\nMARAIS.....................................................................................................................................................................................................................23\nArr\u00eat\u00e9 n\u00b0 2023-60 du 5 avril 2023 portant autorisation d'un syst\u00e8me de vid\u00e9oprotection - SARL lesauvage \u00e0 RAUVILLE-LA-BIGOT.............. 23\nArr\u00eat\u00e9 n\u00b0 2023-61 du 5 avril 2023 portant autorisation d'un syst\u00e8me de vid\u00e9oprotection - EURL D.E'VINS \u00e0 CHERBOURG-EN-\nCOTENTIN................................................................................................................................................................................................................24\nArr\u00eat\u00e9 n\u00b0 2023-62 du 5 avril 2023 portant autorisation d'un syst\u00e8me de vid\u00e9oprotection - SARL HARDY OPTIC 2000 \u00e0 SAINT-LO................ 24\nArr\u00eat\u00e9 n\u00b0 2023-63 du 5 avril 2023 portant autorisation d'un syst\u00e8me de vid\u00e9oprotection - Mondial Relay - Consigne N\u00b0 30891 \u00e0 LA\nHAGUE......................................................................................................................................................................................................................24\nArr\u00eat\u00e9 n\u00b0 2023-64 du 5 avril 2023portant autorisation d'un syst\u00e8me de vid\u00e9oprotection - Mondial Relay - Consigne N\u00b0 61746 \u00e0\nSOTTEVAST..............................................................................................................................................................................................................25\nArr\u00eat\u00e9 n\u00b0 2023-65 du 5 avril 2023 portant autorisation d'un syst\u00e8me de vid\u00e9oprotection - Mondial Relay - Consigne N\u00b0 67826 \u00e0\nCHERBOURG-EN-COTENTIN.................................................................................................................................................................................25\nArr\u00eat\u00e9 n\u00b0 2023-66 du 5 avril 2023 portant autorisation d'un syst\u00e8me de vid\u00e9oprotection - Mondial Relay - Consigne N\u00b0 38535 \u00e0\nBRECEY....................................................................................................................................................................................................................26\nArr\u00eat\u00e9 n\u00b0 2023-67 du 5 avril 2023 portant autorisation d'un syst\u00e8me de vid\u00e9oprotection - Mondial Relay - Consigne N\u00b0 14903 \u00e0\nSAINTE-MERE-EGLISE............................................................................................................................................................................................26\nArr\u00eat\u00e9 n\u00b0 2023-68 du 5 avril 2023 portant autorisation d'un syst\u00e8me de vid\u00e9oprotection - Mondial Relay - Consigne N\u00b0 71037 \u00e0\nCOUTANCES.............................................................................................................................................................................................................26\nArr\u00eat\u00e9 n\u00b0 2023-69 du 5 avril 2023 portant autorisation d'un syst\u00e8me de vid\u00e9oprotection - Mondial Relay - consigne n\u00b016458 \u00e0\nCARENTAN-LES-MARAIS........................................................................................................................................................................................27\nArr\u00eat\u00e9 n\u00b0 2023-70 du 5 avril 2023 portant autorisation d'un syst\u00e8me de vid\u00e9oprotection - Mondial Relay - consigne n\u00b014809 \u00e0\nCHERBOURG-EN-COTENTIN.................................................................................................................................................................................27\nArr\u00eat\u00e9 n\u00b0 2023-71 du 5 avril 2023 portant autorisation d'un syst\u00e8me de vid\u00e9oprotection - ADSEAM \u00e0 CHERBOURG-EN-COTENTIN............28\nArr\u00eat\u00e9 n\u00b0 2023-72 du 5 avril 2023 portant autorisation d'un syst\u00e8me de vid\u00e9oprotection - Foyer des Jeunes Travailleurs \u00e0 GRANVILLE\n...................................................................................................................................................................................................................................28\nArr\u00eat\u00e9 n\u00b0 2023-73 du 5 avril 2023 portant autorisation d'un syst\u00e8me de vid\u00e9oprotection - NALEAL \u00e0 CHERBOURG-EN-COTENTIN............. 29\nArr\u00eat\u00e9 n\u00b0 2023-74 du 5 avril 2023 portant autorisation d'un syst\u00e8me de vid\u00e9oprotection - Mondial Relay - Consigne N\u00b0 14925 \u00e0\nBREHAL.....................................................................................................................................................................................................................29\nArr\u00eat\u00e9 n\u00b0 2023-75 du 5 avril 2023 portant autorisation d'un syst\u00e8me de vid\u00e9oprotection - Mondial Relay - consigne n\u00b0 16244 \u00e0 LA\nHAYE.........................................................................................................................................................................................................................29\nArr\u00eat\u00e9 n\u00b0 2023-76 du 5 avril 2023 portant autorisation d'un syst\u00e8me de vid\u00e9oprotection - Mondial Relay - consigne n\u00b015010 \u00e0\nSARTILLY-BAIE-BOCAGE........................................................................................................................................................................................30\nArr\u00eat\u00e9 n\u00b0 2023-77 du 5 avril 2023 portant autorisation d'un syst\u00e8me de vid\u00e9oprotection - Mondial Relay - consigne n\u00b014902 \u00e0\nBRICQUEBEC-EN-COTENTIN.................................................................................................................................................................................30\nArr\u00eat\u00e9 n\u00b0 2023-78 du 5 avril 2023 portant autorisation d'un syst\u00e8me de vid\u00e9oprotection - Mairie \u00e0 SAINT-JACQUES-DE-NEHOU..................31\nArr\u00eat\u00e9 n\u00b0 2023-79 du 5 avril 2023 portant autorisation d'un syst\u00e8me de vid\u00e9oprotection - SARL Auto Net \u00e0 VALOGNES.................................31\nArr\u00eat\u00e9 n\u00b0 2023-80 du 5 avril 2023 portant autorisation d'un syst\u00e8me de vid\u00e9oprotection - TLC Lavage \u00e0 SAINT-JEAN-DE-DAYE................... 32\nArr\u00eat\u00e9  n\u00b0  2023-81  du  5  avril  2023  portant  autorisation  d'un  syst\u00e8me  de  vid\u00e9oprotection  -  ASSOCIATION  CHARLES  SHAY  \u00e0\nPICAUVILLE..............................................................................................................................................................................................................32\nArr\u00eat\u00e9 n\u00b0 2023-82 du 5 avril 2023 portant autorisation d'un syst\u00e8me de vid\u00e9oprotection - Mondial Relay - Consigne N\u00b0 40936 \u00e0\nJULLOUVILLE...........................................................................................................................................................................................................32\nArr\u00eat\u00e9 n\u00b0 2023-83 du 5 avril 2023 portant autorisation d'un syst\u00e8me de vid\u00e9oprotection - Mondial Relay - Consigne N\u00b0 14744 \u00e0\nLESSAY.....................................................................................................................................................................................................................33\nArr\u00eat\u00e9 n\u00b0 2023-84 du 5 avril 2023 portant autorisation d'un syst\u00e8me de vid\u00e9oprotection - Commune de Carentan-Les-Marais \u00e0\nCARENTAN-LES-MARAIS........................................................................................................................................................................................33\nArr\u00eat\u00e9 n\u00b0 2023-85 du 5 avril 2023 portant autorisation d'un syst\u00e8me de vid\u00e9oprotection - SOLIDUR \u00e0 ROMAGNY FONTENAY......................34\nArr\u00eat\u00e9 n\u00b0 2023-86 du 5 avril 2023 portant autorisation d'un syst\u00e8me de vid\u00e9oprotection - FDAAPPMA 50 \u00e0 PONT-HEBERT.......................... 34\nArr\u00eat\u00e9 n\u00b0 2023-88 du 5 avril 2023 portant autorisation d'un syst\u00e8me de vid\u00e9oprotection - Sarl ABELA-NEGAA \u00e0 PONTORSON.....................35\nArr\u00eat\u00e9 n\u00b0 2023-89 du 5 avril 2023 portant autorisation d'un syst\u00e8me de vid\u00e9oprotection - SAS Maison Gu\u00e9rin Pompes Fun\u00e8bres \u00e0\nGRANVILLE...............................................................................................................................................................................................................35\nArr\u00eat\u00e9 n\u00b0 2023-20 du 17 avril 2023 portant renouvellement d'un syst\u00e8me de vid\u00e9oprotection - communaut\u00e9 d'agglom\u00e9ration du cotentin\n\u00e0 CHERBOURG-EN-COTENTIN..............................................................................................................................................................................35\nArr\u00eat\u00e9  n\u00b0  2023-31 du  17  avril  2023 portant  modification  d'un syst\u00e8me de  vid\u00e9oprotection - LE  ROLLON  \u00e0 CHERBOURG-EN-\nCOTENTIN................................................................................................................................................................................................................36\nArr\u00eat\u00e9 n\u00b0 2023-37 du 17 avril 2023 portant modification d'un syst\u00e8me de vid\u00e9oprotection - Ville de Carentan \u00e0 CARENTAN-LES-\nMARAIS.....................................................................................................................................................................................................................36\nArr\u00eat\u00e9  n\u00b0  2023-50 du  17  avril  2023 portant  autorisation d'un  syst\u00e8me de vid\u00e9oprotection -  SARL MAKALO  \u00e0 SAINT-PIERRE-\nLANGERS..................................................................................................................................................................................................................37\nArr\u00eat\u00e9 n\u00b0 2023-87 du 17 avril 2023 portant autorisation d'un syst\u00e8me de vid\u00e9oprotection - Commune de M\u00e9autis \u00e0 MEAUTIS....................... 37\nArr\u00eat\u00e9  n\u00b0  2023-90  du  17  avril  2023  portant  autorisation  d'un  syst\u00e8me  de  vid\u00e9oprotection  -  Sous-Pr\u00e9fecture  de  Coutances  \u00e0\nCOUTANCES.............................................................................................................................................................................................................38\nArr\u00eat\u00e9 n\u00b0 2023-92 du 20 avril 2023 portant renouvellement d'un syst\u00e8me de vid\u00e9oprotection - CARREFOUR MARKET \u00e0 BLAINVILLE-\nSUR-MER..................................................................................................................................................................................................................38\nArr\u00eat\u00e9 n\u00b0 2023-116 du 3 juillet 2023 portant modification d'un syst\u00e8me de vid\u00e9oprotection - CAFE DE LA GARE \u00e0 GRANVILLE.................... 38\nArr\u00eat\u00e9 n\u00b0 2023-117 du 3 juillet 2023 portant modification d'un syst\u00e8me de vid\u00e9oprotection - H2S Formation \u00e0 CRASVILLE.............................39\nArr\u00eat\u00e9 n\u00b0 2023-118 du 3 juillet 2023 portant modification d'un syst\u00e8me de vid\u00e9oprotection - CREDIT MUTUEL MAINE-ANJOU BASSE\nNORMANDIE \u00e0 SAINT-POIS.....................................................................................................................................................................................39\nArr\u00eat\u00e9 n\u00b0 2023-119 du 3 juillet 2023 portant modification d'un syst\u00e8me de vid\u00e9oprotection - Carrefour contact \u00e0 PICAUVILLE........................40\nArr\u00eat\u00e9 n\u00b0 2023-120 du 3 juillet 2023 portant modification d'un syst\u00e8me de vid\u00e9oprotection - Caisse d'Epargne Normandie \u00e0 SAINT-\nPAIR-SUR-MER.........................................................................................................................................................................................................40\nArr\u00eat\u00e9 n\u00b0 2023-121 du 3 juillet 2023 portant modification d'un syst\u00e8me de vid\u00e9oprotection - GROUPE GIFI \u00e0 CHERBOURG-EN-\nCOTENTIN................................................................................................................................................................................................................40\nArr\u00eat\u00e9 n\u00b0 2023-122 du 3 juillet 2023 portant modification d'un syst\u00e8me de vid\u00e9oprotection - Commune de La Haye \u00e0 LA HAYE..................... 41\nArr\u00eat\u00e9 n\u00b0 2023-124 du 3 juillet 2023 portant modification d'un syst\u00e8me de vid\u00e9oprotection - GIFI \u00e0 GRANVILLE.............................................41\nArr\u00eat\u00e9 n\u00b0 2023-125 du 3 juillet 2023 portant modification d'un syst\u00e8me de vid\u00e9oprotection - Ports de Normandie \u00e0 CHERBOURG-EN-\nCOTENTIN................................................................................................................................................................................................................41\nArr\u00eat\u00e9 n\u00b0 2023-126 du 3 juillet 2023 portant modification d'un syst\u00e8me de vid\u00e9oprotection - Ports de Granville \u00e0 GRANVILLE....................... 42\nArr\u00eat\u00e9 n\u00b0 2023-127 du 3 juillet 2023 portant modification d'un syst\u00e8me de vid\u00e9oprotection - SNC LE PENALTY \u00e0 AGNEAUX.........................42\nArr\u00eat\u00e9 n\u00b0 2023-128 du 3 juillet 2023 portant modification d'un syst\u00e8me de vid\u00e9oprotection - Commune de Br\u00e9hal \u00e0 BREHAL.........................42\nArr\u00eat\u00e9 n\u00b0 2023-129 du 3 juillet 2023 portant autorisation d'un syst\u00e8me de vid\u00e9oprotection - La Maison.fr \u00e0 VILLEDIEU-LES-POELES-\nROUFFIGNY..............................................................................................................................................................................................................43\nArr\u00eat\u00e9 n\u00b0 2023-130 du 3 juillet 2023 portant autorisation d'un syst\u00e8me de vid\u00e9oprotection - MAISON DE RETRAITE EHPAD \u00e0 SAINT\nJOSEPH SOURDEVAL.............................................................................................................................................................................................43\nArr\u00eat\u00e9 n\u00b0 2023-131 du 3 juillet 2023 portant autorisation d'un syst\u00e8me de vid\u00e9oprotection - SAS COOP SAVEURS \u00e0 SAINT-LO....................44\nArr\u00eat\u00e9 n\u00b0 2023-132 du 3 juillet 2023 portant autorisation d'un syst\u00e8me de vid\u00e9oprotection - Mondial Relay - Consigne N\u00b0 27334 \u00e0\nSAINT-LO...................................................................................................................................................................................................................44\nArr\u00eat\u00e9 n\u00b0 2023-133 du 3 juillet 2023 portant autorisation d'un syst\u00e8me de vid\u00e9oprotection - Mondial Relay - Consigne N\u00b027333 \u00e0\nSAINT-LO...................................................................................................................................................................................................................45\nArr\u00eat\u00e9 n\u00b0 2023-134 du 3 juillet 2023 portant autorisation d'un syst\u00e8me de vid\u00e9oprotection - Mondial Relay - Consigne N\u00b0 27349 \u00e0\nAVRANCHES.............................................................................................................................................................................................................45\nArr\u00eat\u00e9 n\u00b0 2023-135 du 3 juillet 2023 portant autorisation d'un syst\u00e8me de vid\u00e9oprotection - SNC LES GARSMELLES \u00e0 NOTRE-DAME-\nDE-CENILLY..............................................................................................................................................................................................................45\nArr\u00eat\u00e9 n\u00b0 2023-136 du 3 juillet 2023 portant autorisation d'un syst\u00e8me de vid\u00e9oprotection - Mondial Relay - Consigne N\u00b0 66055 \u00e0\nCHERBOURG-EN-COTENTIN.................................................................................................................................................................................46\nArr\u00eat\u00e9 n\u00b0 2023-137 du 3 juillet 2023 portant autorisation d'un syst\u00e8me de vid\u00e9oprotection - Mondial Relay - Consigne N\u00b0 37149 \u00e0\nGAVRAY-SUR-SIENNE.............................................................................................................................................................................................46\nArr\u00eat\u00e9 n\u00b0 2023-138 du 3 juillet 2023 portant autorisation d'un syst\u00e8me de vid\u00e9oprotection - Mondial Relay - Consigne N\u00b0 16147 \u00e0\nCARENTAN-LES-MARAIS........................................................................................................................................................................................47\nArr\u00eat\u00e9 du 11 juillet 2023 portant nomination des membres de la commission de contr\u00f4le charg\u00e9e de la r\u00e9gularit\u00e9 des listes \u00e9lectorales\ndans la commune de BRICQUEVILLE SUR MER (communes de 1 000 habitants et plus avec 1 liste).................................................................47\nArr\u00eat\u00e9 du 11 juillet 2023 portant nomination des membres de la commission de contr\u00f4le charg\u00e9e de la r\u00e9gularit\u00e9 des listes \u00e9lectorales\ndans la commune de FOLLIGNY (communes de 1 000 habitants et plus avec 1 liste)...........................................................................................47\nArr\u00eat\u00e9 du 11 juillet 2023 portant nomination des membres de la commission de contr\u00f4le charg\u00e9e de la r\u00e9gularit\u00e9 des listes \u00e9lectorales\ndans la commune de GRANDPARIGNY (communes de 1 000 habitants et plus avec 1 liste)................................................................................48\nArr\u00eat\u00e9 du 11 juillet 2023 portant nomination des membres de la commission de contr\u00f4le charg\u00e9e de la r\u00e9gularit\u00e9 des listes \u00e9lectorales\ndans la commune de LE TEILLEUL (communes de 1 000 habitants et plus avec 1 liste).......................................................................................48\nArr\u00eat\u00e9 du 11 juillet 2023 portant nomination des membres de la commission de contr\u00f4le charg\u00e9e de la r\u00e9gularit\u00e9 des listes \u00e9lectorales\ndans la commune de LE VAL-SAINT-P\u00c8RE (communes de 1 000 habitants et plus avec 1 liste)..........................................................................48\nArr\u00eat\u00e9 du 11 juillet 2023 portant nomination des membres de la commission de contr\u00f4le charg\u00e9e de la r\u00e9gularit\u00e9 des listes \u00e9lectorales\ndans la commune de MARCEY-LES-GREVES (communes de 1 000 habitants et plus avec 1 liste).....................................................................48\nArr\u00eat\u00e9 du 11 juillet 2023 portant nomination des membres de la commission de contr\u00f4le charg\u00e9e de la r\u00e9gularit\u00e9 des listes \u00e9lectorales\ndans la commune de MORTAIN-BOCAGE (communes de 1 000 habitants et plus avec 1 liste)............................................................................49\nArr\u00eat\u00e9 du 11 juillet 2023 portant nomination des membres de la commission de contr\u00f4le charg\u00e9e de la r\u00e9gularit\u00e9 des listes \u00e9lectorales\ndans la commune de ROMAGNY-FONTENAY (communes de 1 000 habitants et plus avec 1 liste)......................................................................49\nArr\u00eat\u00e9 du 11 juillet 2023 portant nomination des membres de la commission de contr\u00f4le charg\u00e9e de la r\u00e9gularit\u00e9 des listes \u00e9lectorales\ndans la commune de SAINT-JEAN-DES-CHAMPS (communes de 1 000 habitants et plus avec 1 liste)...............................................................49\nArr\u00eat\u00e9 du 11 juillet 2023 portant nomination des membres de la commission de contr\u00f4le charg\u00e9e de la r\u00e9gularit\u00e9 des listes \u00e9lectorales\ndans la commune de SAINT-QUENTIN-SUR-LE-HOMME (communes de 1 000 habitants et plus avec 1 liste)....................................................49\nArr\u00eat\u00e9 du 11 juillet 2023 portant nomination des membres de la commission de contr\u00f4le charg\u00e9e de la r\u00e9gularit\u00e9 des listes \u00e9lectorales\ndans la commune de YQUELON (communes de 1 000 habitants et plus avec 1 liste)...........................................................................................50\nArr\u00eat\u00e9 du 11 juillet 2023 portant nomination des membres de la commission de contr\u00f4le charg\u00e9e de la r\u00e9gularit\u00e9 des listes \u00e9lectorales\ndans la commune de (communes de 1 000 habitants et plus avec 1 liste)..............................................................................................................50\nArr\u00eat\u00e9 du 11 juillet 2023 portant nomination des membres de la commission de contr\u00f4le charg\u00e9e de la r\u00e9gularit\u00e9 des listes \u00e9lectorales\ndans la commune de ANCTOVILLE SUR BOSCQ (communes de moins de 1 000 habitants et assimil\u00e9es).........................................................50\nArr\u00eat\u00e9 du 11 juillet 2023 portant nomination des membres de la commission de contr\u00f4le charg\u00e9e de la r\u00e9gularit\u00e9 des listes \u00e9lectorales\ndans la commune de AUCEY LA PLAINE (communes de moins de 1 000 habitants et assimil\u00e9es).......................................................................50\nArr\u00eat\u00e9 du 11 juillet 2023 portant nomination des membres de la commission de contr\u00f4le charg\u00e9e de la r\u00e9gularit\u00e9 des listes \u00e9lectorales\ndans la commune de BACILLY (communes de moins de 1 000 habitants et assimil\u00e9es)........................................................................................51\nArr\u00eat\u00e9 du 11 juillet 2023 portant nomination des membres de la commission de contr\u00f4le charg\u00e9e de la r\u00e9gularit\u00e9 des listes \u00e9lectorales\ndans la commune de BEAUCHAMPS (communes de moins de 1 000 habitants et assimil\u00e9es).............................................................................51\nArr\u00eat\u00e9 du 11 juillet 2023 portant nomination des membres de la commission de contr\u00f4le charg\u00e9e de la r\u00e9gularit\u00e9 des listes \u00e9lectorales\ndans la commune de BEAUFICEL (communes de moins de 1 000 habitants et assimil\u00e9es)..................................................................................51\nArr\u00eat\u00e9 du 11 juillet 2023 portant nomination des membres de la commission de contr\u00f4le charg\u00e9e de la r\u00e9gularit\u00e9 des listes \u00e9lectorales\ndans la commune de BEAUVOIR (communes de moins de 1 000 habitants et assimil\u00e9es)....................................................................................51\nArr\u00eat\u00e9 du 11 juillet 2023 portant nomination des membres de la commission de contr\u00f4le charg\u00e9e de la r\u00e9gularit\u00e9 des listes \u00e9lectorales\ndans la commune de BOISYVON (communes de moins de 1 000 habitants et assimil\u00e9es)...................................................................................52\nArr\u00eat\u00e9 du 11 juillet 2023 portant nomination des membres de la commission de contr\u00f4le charg\u00e9e de la r\u00e9gularit\u00e9 des listes \u00e9lectorales\ndans la commune de BREVILLE SUR MER (communes de moins de 1 000 habitants et assimil\u00e9es)...................................................................52\nArr\u00eat\u00e9 du 11 juillet 2023 portant nomination des membres de la commission de contr\u00f4le charg\u00e9e de la r\u00e9gularit\u00e9 des listes \u00e9lectorales\ndans la commune de BROUAINS (communes de moins de 1 000 habitants et assimil\u00e9es)...................................................................................52\nArr\u00eat\u00e9 du 11 juillet 2023 portant nomination des membres de la commission de contr\u00f4le charg\u00e9e de la r\u00e9gularit\u00e9 des listes \u00e9lectorales\ndans la commune de BUAIS-LES MONTS (communes de moins de 1 000 habitants et assimil\u00e9es).....................................................................52\nArr\u00eat\u00e9 du 11 juillet 2023 portant nomination des membres de la commission de contr\u00f4le charg\u00e9e de la r\u00e9gularit\u00e9 des listes \u00e9lectorales\ndans la commune de CAROLLES (communes de moins de 1 000 habitants et assimil\u00e9es)...................................................................................53\nArr\u00eat\u00e9 du 11 juillet 2023 portant nomination des membres de la commission de contr\u00f4le charg\u00e9e de la r\u00e9gularit\u00e9 des listes \u00e9lectorales\ndans la commune de CEAUX (communes de moins de 1 000 habitants et assimil\u00e9es)..........................................................................................53\nArr\u00eat\u00e9 du 11 juillet 2023 portant nomination des membres de la commission de contr\u00f4le charg\u00e9e de la r\u00e9gularit\u00e9 des listes \u00e9lectorales\ndans la commune de CHAMPEAUX (communes de moins de 1 000 habitants et assimil\u00e9es)...............................................................................53\nArr\u00eat\u00e9 du 11 juillet 2023 portant nomination des membres de la commission de contr\u00f4le charg\u00e9e de la r\u00e9gularit\u00e9 des listes \u00e9lectorales\ndans la commune de CHANTELOUP (communes de moins de 1 000 habitants et assimil\u00e9es)..............................................................................53\nArr\u00eat\u00e9 du 11 juillet 2023 portant nomination des membres de la commission de contr\u00f4le charg\u00e9e de la r\u00e9gularit\u00e9 des listes \u00e9lectorales\ndans la commune de CHAULIEU (communes de moins de 1 000 habitants et assimil\u00e9es)....................................................................................54\nArr\u00eat\u00e9 du 11 juillet 2023 portant nomination des membres de la commission de contr\u00f4le charg\u00e9e de la r\u00e9gularit\u00e9 des listes \u00e9lectorales\ndans la commune de CHAVOY (communes de moins de 1 000 habitants et assimil\u00e9es).......................................................................................54\nArr\u00eat\u00e9 du 11 juillet 2023 portant nomination des membres de la commission de contr\u00f4le charg\u00e9e de la r\u00e9gularit\u00e9 des listes \u00e9lectorales\ndans la commune de COUDEVILLE SUR MER (communes de moins de 1 000 habitants et assimil\u00e9es)..............................................................54\nArr\u00eat\u00e9 du 11 juillet 2023 portant nomination des membres de la commission de contr\u00f4le charg\u00e9e de la r\u00e9gularit\u00e9 des listes \u00e9lectorales\ndans la commune de COULOUVRAY-BOISBENATRE (communes de moins de 1 000 habitants et assimil\u00e9es)...................................................54\nArr\u00eat\u00e9 du 11 juillet 2023 portant nomination des membres de la commission de contr\u00f4le charg\u00e9e de la r\u00e9gularit\u00e9 des listes \u00e9lectorales\ndans la commune de COURTILS (communes de moins de 1 000 habitants et assimil\u00e9es)....................................................................................55\nArr\u00eat\u00e9 du 11 juillet 2023 portant nomination des membres de la commission de contr\u00f4le charg\u00e9e de la r\u00e9gularit\u00e9 des listes \u00e9lectorales\ndans la commune de CROLLON (communes de moins de 1 000 habitants et assimil\u00e9es).....................................................................................55\nArr\u00eat\u00e9 du 11 juillet 2023 portant nomination des membres de la commission de contr\u00f4le charg\u00e9e de la r\u00e9gularit\u00e9 des listes \u00e9lectorales\ndans la commune de CUVES (communes de moins de 1 000 habitants et assimil\u00e9es)..........................................................................................55\nArr\u00eat\u00e9 du 11 juillet 2023 portant nomination des membres de la commission de contr\u00f4le charg\u00e9e de la r\u00e9gularit\u00e9 des listes \u00e9lectorales\ndans la commune de DRAGEY-RONTHON (communes de moins de 1 000 habitants et assimil\u00e9es)....................................................................55\nArr\u00eat\u00e9 du 11 juillet 2023 portant nomination des membres de la commission de contr\u00f4le charg\u00e9e de la r\u00e9gularit\u00e9 des listes \u00e9lectorales\ndans la commune de EQUILLY (communes de moins de 1 000 habitants et assimil\u00e9es).......................................................................................56\nArr\u00eat\u00e9 du 11 juillet 2023 portant nomination des membres de la commission de contr\u00f4le charg\u00e9e de la r\u00e9gularit\u00e9 des listes \u00e9lectorales\ndans la commune de GATHEMO (communes de moins de 1 000 habitants et assimil\u00e9es)....................................................................................56\nArr\u00eat\u00e9 du 11 juillet 2023 portant nomination des membres de la commission de contr\u00f4le charg\u00e9e de la r\u00e9gularit\u00e9 des listes \u00e9lectorales\ndans la commune de GENETS (communes de moins de 1 000 habitants et assimil\u00e9es).......................................................................................56\nArr\u00eat\u00e9 du 11 juillet 2023 portant nomination des membres de la commission de contr\u00f4le charg\u00e9e de la r\u00e9gularit\u00e9 des listes \u00e9lectorales\ndans la commune de GER (communes de moins de 1 000 habitants et assimil\u00e9es)..............................................................................................56\nArr\u00eat\u00e9 du 11 juillet 2023 portant nomination des membres de la commission de contr\u00f4le charg\u00e9e de la r\u00e9gularit\u00e9 des listes \u00e9lectorales\ndans la commune de HAMELIN (communes de moins de 1 000 habitants et assimil\u00e9es)......................................................................................57\nArr\u00eat\u00e9 du 11 juillet 2023 portant nomination des membres de la commission de contr\u00f4le charg\u00e9e de la r\u00e9gularit\u00e9 des listes \u00e9lectorales\ndans la commune de HOCQUIGNY (communes de moins de 1 000 habitants et assimil\u00e9es)................................................................................57\nArr\u00eat\u00e9 du 11 juillet 2023 portant nomination des membres de la commission de contr\u00f4le charg\u00e9e de la r\u00e9gularit\u00e9 des listes \u00e9lectorales\ndans la commune de HUDIMESNIL (communes de moins de 1 000 habitants et assimil\u00e9es)................................................................................57\nArr\u00eat\u00e9 du 11 juillet 2023 portant nomination des membres de la commission de contr\u00f4le charg\u00e9e de la r\u00e9gularit\u00e9 des listes \u00e9lectorales\ndans la commune de HUISNES SUR MER (communes de moins de 1 000 habitants et assimil\u00e9es)....................................................................57\nArr\u00eat\u00e9 du 11 juillet 2023 portant nomination des membres de la commission de contr\u00f4le charg\u00e9e de la r\u00e9gularit\u00e9 des listes \u00e9lectorales\ndans la commune de JUILLEY (communes de moins de 1 000 habitants et assimil\u00e9es)........................................................................................58\nArr\u00eat\u00e9 du 11 juillet 2023 portant nomination des membres de la commission de contr\u00f4le charg\u00e9e de la r\u00e9gularit\u00e9 des listes \u00e9lectorales\ndans la commune de LA CHAISE-BAUDOUIN (communes de moins de 1 000 habitants et assimil\u00e9es)...............................................................58\nArr\u00eat\u00e9 du 11 juillet 2023 portant nomination des membres de la commission de contr\u00f4le charg\u00e9e de la r\u00e9gularit\u00e9 des listes \u00e9lectorales\ndans la commune de LA CHAPELLE-CECELIN (communes de moins de 1 000 habitants et assimil\u00e9es).............................................................58\nArr\u00eat\u00e9 du 11 juillet 2023 portant nomination des membres de la commission de contr\u00f4le charg\u00e9e de la r\u00e9gularit\u00e9 des listes \u00e9lectorales\ndans la commune de LA CHAPELLE-UREE (communes de moins de 1 000 habitants et assimil\u00e9es)...................................................................58\nArr\u00eat\u00e9 du 11 juillet 2023 portant nomination des membres de la commission de contr\u00f4le charg\u00e9e de la r\u00e9gularit\u00e9 des listes \u00e9lectorales\ndans la commune de LA GODEFROY (communes de moins de 1 000 habitants et assimil\u00e9es)............................................................................59\nArr\u00eat\u00e9 du 11 juillet 2023 portant nomination des membres de la commission de contr\u00f4le charg\u00e9e de la r\u00e9gularit\u00e9 des listes \u00e9lectorales\ndans la commune de LA LUCERNE D'OUTREMER (communes de moins de 1 000 habitants et assimil\u00e9es)...................................................... 59\nArr\u00eat\u00e9 du 11 juillet 2023 portant nomination des membres de la commission de contr\u00f4le charg\u00e9e de la r\u00e9gularit\u00e9 des listes \u00e9lectorales\ndans la commune de LA MEURDRAQUIERE (communes de moins de 1 000 habitants et assimil\u00e9es).................................................................59\nArr\u00eat\u00e9 du 11 juillet 2023 portant nomination des membres de la commission de contr\u00f4le charg\u00e9e de la r\u00e9gularit\u00e9 des listes \u00e9lectorales\ndans la commune de LA MOUCHE (communes de moins de 1 000 habitants et assimil\u00e9es).................................................................................59\nArr\u00eat\u00e9 du 11 juillet 2023 portant nomination des membres de la commission de contr\u00f4le charg\u00e9e de la r\u00e9gularit\u00e9 des listes \u00e9lectorales\ndans la commune de LAPENTY (communes de moins de 1 000 habitants et assimil\u00e9es)......................................................................................60\nArr\u00eat\u00e9 du 11 juillet 2023 portant nomination des membres de la commission de contr\u00f4le charg\u00e9e de la r\u00e9gularit\u00e9 des listes \u00e9lectorales\ndans la commune de LE FRESNE-PORET (communes de moins de 1 000 habitants et assimil\u00e9es)....................................................................60\nArr\u00eat\u00e9 du 11 juillet 2023 portant nomination des membres de la commission de contr\u00f4le charg\u00e9e de la r\u00e9gularit\u00e9 des listes \u00e9lectorales\ndans la commune de LE GRAND CELLAND (communes de moins de 1 000 habitants et assimil\u00e9es)..................................................................60\nArr\u00eat\u00e9 du 11 juillet 2023 portant nomination des membres de la commission de contr\u00f4le charg\u00e9e de la r\u00e9gularit\u00e9 des listes \u00e9lectorales\ndans la commune de LE GRIPPON (communes de moins de 1 000 habitants et assimil\u00e9es)................................................................................60\nArr\u00eat\u00e9 du 11 juillet 2023 portant nomination des membres de la commission de contr\u00f4le charg\u00e9e de la r\u00e9gularit\u00e9 des listes \u00e9lectorales\ndans la commune de LE LOREUR (communes de moins de 1 000 habitants et assimil\u00e9es)..................................................................................61\nArr\u00eat\u00e9 du 11 juillet 2023 portant nomination des membres de la commission de contr\u00f4le charg\u00e9e de la r\u00e9gularit\u00e9 des listes \u00e9lectorales\ndans la commune de LE LUOT (communes de moins de 1 000 habitants et assimil\u00e9es).......................................................................................61\nArr\u00eat\u00e9 du 11 juillet 2023 portant nomination des membres de la commission de contr\u00f4le charg\u00e9e de la r\u00e9gularit\u00e9 des listes \u00e9lectorales\ndans la commune de LE MESNIL-ADELEE (communes de moins de 1 000 habitants et assimil\u00e9es)....................................................................61\nArr\u00eat\u00e9 du 11 juillet 2023 portant nomination des membres de la commission de contr\u00f4le charg\u00e9e de la r\u00e9gularit\u00e9 des listes \u00e9lectorales\ndans la commune de LE MESNIL-AUBERT (communes de moins de 1 000 habitants et assimil\u00e9es)...................................................................61\nArr\u00eat\u00e9 du 11 juillet 2023 portant nomination des membres de la commission de contr\u00f4le charg\u00e9e de la r\u00e9gularit\u00e9 des listes \u00e9lectorales\ndans la commune de LE MESNIL-GILBERT (communes de moins de 1 000 habitants et assimil\u00e9es)...................................................................62\nArr\u00eat\u00e9 du 11 juillet 2023 portant nomination des membres de la commission de contr\u00f4le charg\u00e9e de la r\u00e9gularit\u00e9 des listes \u00e9lectorales\ndans la commune de LE MESNIL-OZENNE (communes de moins de 1 000 habitants et assimil\u00e9es)...................................................................62\nArr\u00eat\u00e9 du 11 juillet 2023 portant nomination des membres de la commission de contr\u00f4le charg\u00e9e de la r\u00e9gularit\u00e9 des listes \u00e9lectorales\ndans la commune de LE MESNILLARD (communes de moins de 1 000 habitants et assimil\u00e9es)..........................................................................62\nArr\u00eat\u00e9 du 11 juillet 2023 portant nomination des membres de la commission de contr\u00f4le charg\u00e9e de la r\u00e9gularit\u00e9 des listes \u00e9lectorales\ndans la commune de LE MONT-SAINT-MICHEL (communes de moins de 1 000 habitants et assimil\u00e9es)............................................................62\nArr\u00eat\u00e9 du 11 juillet 2023 portant nomination des membres de la commission de contr\u00f4le charg\u00e9e de la r\u00e9gularit\u00e9 des listes \u00e9lectorales\ndans la commune de LE NEUFBOURG (communes de moins de 1 000 habitants et assimil\u00e9es)..........................................................................63\nArr\u00eat\u00e9 du 11 juillet 2023 portant nomination des membres de la commission de contr\u00f4le charg\u00e9e de la r\u00e9gularit\u00e9 des listes \u00e9lectorales\ndans la commune de LE PARC (communes de moins de 1 000 habitants et assimil\u00e9es).......................................................................................63\nArr\u00eat\u00e9 du 11 juillet 2023 portant nomination des membres de la commission de contr\u00f4le charg\u00e9e de la r\u00e9gularit\u00e9 des listes \u00e9lectorales\ndans la commune de LE PETIT-CELLAND (communes de moins de 1 000 habitants et assimil\u00e9es).....................................................................63\nArr\u00eat\u00e9 du 11 juillet 2023 portant nomination des membres de la commission de contr\u00f4le charg\u00e9e de la r\u00e9gularit\u00e9 des listes \u00e9lectorales\ndans la commune de LE TANU \u2013 NOIRPALU (communes de moins de 1 000 habitants et assimil\u00e9es).................................................................63\nArr\u00eat\u00e9 du 11 juillet 2023 portant nomination des membres de la commission de contr\u00f4le charg\u00e9e de la r\u00e9gularit\u00e9 des listes \u00e9lectorales\ndans la commune de LES CRESNAYS (communes de moins de 1 000 habitants et assimil\u00e9es)...........................................................................64\nArr\u00eat\u00e9 du 11 juillet 2023 portant nomination des membres de la commission de contr\u00f4le charg\u00e9e de la r\u00e9gularit\u00e9 des listes \u00e9lectorales\ndans la commune de LES LOGES-MARCHIS (communes de moins de 1 000 habitants et assimil\u00e9es)................................................................64\nArr\u00eat\u00e9 du 11 juillet 2023 portant nomination des membres de la commission de contr\u00f4le charg\u00e9e de la r\u00e9gularit\u00e9 des listes \u00e9lectorales\ndans la commune de LES LOGES-SUR-BRECEY (communes de moins de 1 000 habitants et assimil\u00e9es).........................................................64\nArr\u00eat\u00e9 du 11 juillet 2023 portant nomination des membres de la commission de contr\u00f4le charg\u00e9e de la r\u00e9gularit\u00e9 des listes \u00e9lectorales\ndans la commune de LINGEARD (communes de moins de 1 000 habitants et assimil\u00e9es)....................................................................................64\nArr\u00eat\u00e9 du 11 juillet 2023 portant nomination des membres de la commission de contr\u00f4le charg\u00e9e de la r\u00e9gularit\u00e9 des listes \u00e9lectorales\ndans la commune de LOLIF (communes de moins de 1 000 habitants et assimil\u00e9es)............................................................................................65\nArr\u00eat\u00e9 du 11 juillet 2023 portant nomination des membres de la commission de contr\u00f4le charg\u00e9e de la r\u00e9gularit\u00e9 des listes \u00e9lectorales\ndans la commune de LONGUEVILLE (communes de moins de 1 000 habitants et assimil\u00e9es).............................................................................65\nArr\u00eat\u00e9 du 11 juillet 2023 portant nomination des membres de la commission de contr\u00f4le charg\u00e9e de la r\u00e9gularit\u00e9 des listes \u00e9lectorales\ndans la commune de MARCILLY (communes de moins de 1 000 habitants et assimil\u00e9es).....................................................................................65\nArr\u00eat\u00e9 du 11 juillet 2023 portant nomination des membres de la commission de contr\u00f4le charg\u00e9e de la r\u00e9gularit\u00e9 des listes \u00e9lectorales\ndans la commune de MONTJOIE-ST-MARTIN (communes de moins de 1 000 habitants et assimil\u00e9es)...............................................................65\nArr\u00eat\u00e9 du 11 juillet 2023 portant nomination des membres de la commission de contr\u00f4le charg\u00e9e de la r\u00e9gularit\u00e9 des listes \u00e9lectorales\ndans la commune de MOULINES (communes de moins de 1 000 habitants et assimil\u00e9es)...................................................................................66\nArr\u00eat\u00e9 du 11 juillet 2023 portant nomination des membres de la commission de contr\u00f4le charg\u00e9e de la r\u00e9gularit\u00e9 des listes \u00e9lectorales\ndans la commune de MUNEVILLE SUR MER (communes de moins de 1 000 habitants et assimil\u00e9es)................................................................66\nArr\u00eat\u00e9 du 11 juillet 2023 portant nomination des membres de la commission de contr\u00f4le charg\u00e9e de la r\u00e9gularit\u00e9 des listes \u00e9lectorales\ndans la commune de NOTRE-DAME-DE-LIVOYE (communes de moins de 1 000 habitants et assimil\u00e9es).........................................................66\nArr\u00eat\u00e9 du 11 juillet 2023 portant nomination des membres de la commission de contr\u00f4le charg\u00e9e de la r\u00e9gularit\u00e9 des listes \u00e9lectorales\ndans la commune de PERRIERS-EN-BEAUFICEL (communes de moins de 1 000 habitants et assimil\u00e9es)........................................................66\nArr\u00eat\u00e9 du 11 juillet 2023 portant nomination des membres de la commission de contr\u00f4le charg\u00e9e de la r\u00e9gularit\u00e9 des listes \u00e9lectorales\ndans la commune de POILLEY (communes de moins de 1 000 habitants et assimil\u00e9es).......................................................................................67\nArr\u00eat\u00e9 du 11 juillet 2023 portant nomination des membres de la commission de contr\u00f4le charg\u00e9e de la r\u00e9gularit\u00e9 des listes \u00e9lectorales\ndans la commune de PONTAUBAULT (communes de moins de 1 000 habitants et assimil\u00e9es)............................................................................67\nArr\u00eat\u00e9 du 11 juillet 2023 portant nomination des membres de la commission de contr\u00f4le charg\u00e9e de la r\u00e9gularit\u00e9 des listes \u00e9lectorales\ndans la commune de PONTS (communes de moins de 1 000 habitants et assimil\u00e9es)..........................................................................................67\nArr\u00eat\u00e9 du 11 juillet 2023 portant nomination des membres de la commission de contr\u00f4le charg\u00e9e de la r\u00e9gularit\u00e9 des listes \u00e9lectorales\ndans la commune de PRECEY (communes de moins de 1 000 habitants et assimil\u00e9es).......................................................................................67\nArr\u00eat\u00e9 du 11 juillet 2023 portant nomination des membres de la commission de contr\u00f4le charg\u00e9e de la r\u00e9gularit\u00e9 des listes \u00e9lectorales\ndans la commune de REFFUVEILLE (communes de moins de 1 000 habitants et assimil\u00e9es)..............................................................................68\nArr\u00eat\u00e9 du 11 juillet 2023 portant nomination des membres de la commission de contr\u00f4le charg\u00e9e de la r\u00e9gularit\u00e9 des listes \u00e9lectorales\ndans la commune de SACEY (communes de moins de 1 000 habitants et assimil\u00e9es)..........................................................................................68\nArr\u00eat\u00e9 du 11 juillet 2023 portant nomination des membres de la commission de contr\u00f4le charg\u00e9e de la r\u00e9gularit\u00e9 des listes \u00e9lectorales\ndans la commune de SAINT-AUBIN-DE-TERREGATTE (communes de moins de 1 000 habitants et assimil\u00e9es)................................................68\nArr\u00eat\u00e9 du 11 juillet 2023 portant nomination des membres de la commission de contr\u00f4le charg\u00e9e de la r\u00e9gularit\u00e9 des listes \u00e9lectorales\ndans la commune de SAINT-AUBIN-DES-PREAUX (communes de moins de 1 000 habitants et assimil\u00e9es).......................................................68\nArr\u00eat\u00e9 du 11 juillet 2023 portant nomination des membres de la commission de contr\u00f4le charg\u00e9e de la r\u00e9gularit\u00e9 des listes \u00e9lectorales\ndans la commune de SAINT-BARTHELEMY (communes de moins de 1 000 habitants et assimil\u00e9es)..................................................................69\nArr\u00eat\u00e9 du 11 juillet 2023 portant nomination des membres de la commission de contr\u00f4le charg\u00e9e de la r\u00e9gularit\u00e9 des listes \u00e9lectorales\ndans la commune de SAINT-BRICE (communes de moins de 1 000 habitants et assimil\u00e9es)................................................................................69\nArr\u00eat\u00e9 du 11 juillet 2023 portant nomination des membres de la commission de contr\u00f4le charg\u00e9e de la r\u00e9gularit\u00e9 des listes \u00e9lectorales\ndans la commune de SAINT-BRICE-DE-LANDELLES (communes de moins de 1 000 habitants et assimil\u00e9es)...................................................69\nArr\u00eat\u00e9 du 11 juillet 2023 portant nomination des membres de la commission de contr\u00f4le charg\u00e9e de la r\u00e9gularit\u00e9 des listes \u00e9lectorales\ndans la commune de SAINT-CLEMENT-RANCOUDRAY (communes de moins de 1 000 habitants et assimil\u00e9es)...............................................69\nArr\u00eat\u00e9 du 11 juillet 2023 portant nomination des membres de la commission de contr\u00f4le charg\u00e9e de la r\u00e9gularit\u00e9 des listes \u00e9lectorales\ndans la commune de SAINT-CYR-DU-BAILLEUL (communes de moins de 1 000 habitants et assimil\u00e9es).......................................................... 70\nArr\u00eat\u00e9 du 11 juillet 2023 portant nomination des membres de la commission de contr\u00f4le charg\u00e9e de la r\u00e9gularit\u00e9 des listes \u00e9lectorales\ndans la commune de SAINT-GEORGES-DE-LIVOYE (communes de moins de 1 000 habitants et assimil\u00e9es)....................................................70\nArr\u00eat\u00e9 du 11 juillet 2023 portant nomination des membres de la commission de contr\u00f4le charg\u00e9e de la r\u00e9gularit\u00e9 des listes \u00e9lectorales\ndans la commune de SAINT-GEORGES-DE-ROUELLEY (communes de moins de 1 000 habitants et assimil\u00e9es)..............................................70\nArr\u00eat\u00e9 du 11 juillet 2023 portant nomination des membres de la commission de contr\u00f4le charg\u00e9e de la r\u00e9gularit\u00e9 des listes \u00e9lectorales\ndans la commune de SAINT-JEAN-DE-LA-HAIZE (communes de moins de 1 000 habitants et assimil\u00e9es)..........................................................70\nArr\u00eat\u00e9 du 11 juillet 2023 portant nomination des membres de la commission de contr\u00f4le charg\u00e9e de la r\u00e9gularit\u00e9 des listes \u00e9lectorales\ndans la commune de SAINT-JEAN-DU-CORAIL-DES-BOIS (communes de moins de 1 000 habitants et assimil\u00e9es)..........................................71\nArr\u00eat\u00e9 du 11 juillet 2023 portant nomination des membres de la commission de contr\u00f4le charg\u00e9e de la r\u00e9gularit\u00e9 des listes \u00e9lectorales\ndans la commune de SAINT-JEAN-LE-THOMAS (communes de moins de 1 000 habitants et assimil\u00e9es)...........................................................71\nArr\u00eat\u00e9 du 11 juillet 2023 portant nomination des membres de la commission de contr\u00f4le charg\u00e9e de la r\u00e9gularit\u00e9 des listes \u00e9lectorales\ndans la commune de SAINT-LAURENT-DE-CUVES (communes de moins de 1 000 habitants et assimil\u00e9es)......................................................71\nArr\u00eat\u00e9 du 11 juillet 2023 portant nomination des membres de la commission de contr\u00f4le charg\u00e9e de la r\u00e9gularit\u00e9 des listes \u00e9lectorales\ndans la commune de SAINT-LAURENT-DE-TERREGATTE (communes de moins de 1 000 habitants et assimil\u00e9es).......................................... 71\nArr\u00eat\u00e9 du 11 juillet 2023 portant nomination des membres de la commission de contr\u00f4le charg\u00e9e de la r\u00e9gularit\u00e9 des listes \u00e9lectorales\ndans la commune de SAINT-LOUP (communes de moins de 1 000 habitants et assimil\u00e9es).................................................................................72\nArr\u00eat\u00e9 du 11 juillet 2023 portant nomination des membres de la commission de contr\u00f4le charg\u00e9e de la r\u00e9gularit\u00e9 des listes \u00e9lectorales\ndans la commune de SAINT-MARTIN-LE-BOUILLANT (communes de moins de 1 000 habitants et assimil\u00e9es)..................................................72\nArr\u00eat\u00e9 du 11 juillet 2023 portant nomination des membres de la commission de contr\u00f4le charg\u00e9e de la r\u00e9gularit\u00e9 des listes \u00e9lectorales\ndans la commune de SAINT-MAUR-DES-BOIS (communes de moins de 1 000 habitants et assimil\u00e9es)............................................................. 72\nArr\u00eat\u00e9 du 11 juillet 2023 portant nomination des membres de la commission de contr\u00f4le charg\u00e9e de la r\u00e9gularit\u00e9 des listes \u00e9lectorales\ndans la commune de SAINT-MICHEL-DE-MONTJOIE (communes de moins de 1 000 habitants et assimil\u00e9es)...................................................72\nArr\u00eat\u00e9 du 11 juillet 2023 portant nomination des membres de la commission de contr\u00f4le charg\u00e9e de la r\u00e9gularit\u00e9 des listes \u00e9lectorales\ndans la commune de SAINT-NICOLAS DES BOIS (communes de moins de 1 000 habitants et assimil\u00e9es).........................................................73\nArr\u00eat\u00e9 du 11 juillet 2023 portant nomination des membres de la commission de contr\u00f4le charg\u00e9e de la r\u00e9gularit\u00e9 des listes \u00e9lectorales\ndans la commune de SAINT-OVIN (communes de moins de 1 000 habitants et assimil\u00e9es)..................................................................................73\nArr\u00eat\u00e9 du 11 juillet 2023 portant nomination des membres de la commission de contr\u00f4le charg\u00e9e de la r\u00e9gularit\u00e9 des listes \u00e9lectorales\ndans la commune de SAINT-PIERRE LANGERS (communes de moins de 1 000 habitants et assimil\u00e9es)...........................................................73\nArr\u00eat\u00e9 du 11 juillet 2023 portant nomination des membres de la commission de contr\u00f4le charg\u00e9e de la r\u00e9gularit\u00e9 des listes \u00e9lectorales\ndans la commune de SAINT-POIS (communes de moins de 1 000 habitants et assimil\u00e9es)..................................................................................73\nArr\u00eat\u00e9 du 11 juillet 2023 portant nomination des membres de la commission de contr\u00f4le charg\u00e9e de la r\u00e9gularit\u00e9 des listes \u00e9lectorales\ndans la commune de SAINT-SAUVEUR-LA POMMERAYE (communes de moins de 1 000 habitants et assimil\u00e9es)...........................................74\nArr\u00eat\u00e9 du 11 juillet 2023 portant nomination des membres de la commission de contr\u00f4le charg\u00e9e de la r\u00e9gularit\u00e9 des listes \u00e9lectorales\ndans la commune de SAINT-SENIER-DE-BEUVRON (communes de moins de 1 000 habitants et assimil\u00e9es)....................................................74\nArr\u00eat\u00e9 du 11 juillet 2023 portant nomination des membres de la commission de contr\u00f4le charg\u00e9e de la r\u00e9gularit\u00e9 des listes \u00e9lectorales\ndans la commune de SAVIGNY-LE-VIEUX (communes de moins de 1 000 habitants et assimil\u00e9es).....................................................................74\nArr\u00eat\u00e9 du juillet 2023 portant nomination des membres de la commission de contr\u00f4le charg\u00e9e de la r\u00e9gularit\u00e9 des listes \u00e9lectorales\ndans la commune de SERVON (communes de moins de 1 000 habitants et assimil\u00e9es).......................................................................................74\nArr\u00eat\u00e9 du 11 juillet 2023 portant nomination des membres de la commission de contr\u00f4le charg\u00e9e de la r\u00e9gularit\u00e9 des listes \u00e9lectorales\ndans la commune de SUBLIGNY (communes de moins de 1 000 habitants et assimil\u00e9es)....................................................................................75\nArr\u00eat\u00e9 du 11 juillet 2023 portant nomination des membres de la commission de contr\u00f4le charg\u00e9e de la r\u00e9gularit\u00e9 des listes \u00e9lectorales\ndans la commune de TANIS (communes de moins de 1 000 habitants et assimil\u00e9es)............................................................................................75\nArr\u00eat\u00e9 du 11 juillet 2023 portant nomination des membres de la commission de contr\u00f4le charg\u00e9e de la r\u00e9gularit\u00e9 des listes \u00e9lectorales\ndans la commune de TIREPIED-SUR-S\u00c9E (communes de moins de 1 000 habitants et assimil\u00e9es)....................................................................75\nArr\u00eat\u00e9 du 11 juillet 2023 portant nomination des membres de la commission de contr\u00f4le charg\u00e9e de la r\u00e9gularit\u00e9 des listes \u00e9lectorales\ndans la commune de VAINS (communes de moins de 1 000 habitants et assimil\u00e9es)............................................................................................75\nArr\u00eat\u00e9 du 11 juillet 2023 portant nomination des membres de la commission de contr\u00f4le charg\u00e9e de la r\u00e9gularit\u00e9 des listes \u00e9lectorales\ndans la commune de VERNIX (communes de moins de 1 000 habitants et assimil\u00e9es).........................................................................................76\nArr\u00eat\u00e9 du 11 juillet 2023 portant nomination des membres de la commission de contr\u00f4le charg\u00e9e de la r\u00e9gularit\u00e9 des listes \u00e9lectorales\ndans la commune de (communes de moins de 1 000 habitants et assimil\u00e9es).......................................................................................................76\nArr\u00eat\u00e9 n\u00b0 2023-152 du 11 juillet 2023 portant autorisation d'un syst\u00e8me de vid\u00e9oprotection - MAIRIE DE TORIGNY LES VILLES\nTORIGNY-LES-VILLES.............................................................................................................................................................................................76\nArr\u00eat\u00e9 n\u00b0 2023-154 du 11 juillet 2023 portant autorisation d'un syst\u00e8me de vid\u00e9oprotection - TRANSDEV NORMANDIE MANCHE \u00e0\nGRANVILLE...............................................................................................................................................................................................................77\nArr\u00eat\u00e9 n\u00b0 2023-155 du 11 juillet 2023 portant autorisation d'un syst\u00e8me de vid\u00e9oprotection - GROUPE Nocib\u00e9 \u00e0 AVRANCHES..................... 77\nArr\u00eat\u00e9 n\u00b0 2023-156 du 11 juillet 2023 portant autorisation d'un syst\u00e8me de vid\u00e9oprotection - PHARMACIE DE LA SELUNE \u00e0 DUCEY-\nLES CHERIS.............................................................................................................................................................................................................78\nArr\u00eat\u00e9 n\u00b0 2023-157 du 11 juillet 2023 portant autorisation d'un syst\u00e8me de vid\u00e9oprotection - Sas le bambou \u00e0 JULLOUVILLE....................... 78\nArr\u00eat\u00e9 n\u00b0 2023-159 du 11 juillet 2023 portant autorisation d'un syst\u00e8me de vid\u00e9oprotection - AXEL LOCATION \u00e0 TORIGNY-LES-\nVILLES.......................................................................................................................................................................................................................78\nArr\u00eat\u00e9 n\u00b0 2023-160 du 11 juillet 2023 portant autorisation d'un syst\u00e8me de vid\u00e9oprotection - WELDOM LE CAP \u00e0 LES PIEUX.......................79\nArr\u00eat\u00e9 n\u00b0 2023-161 du 11 juillet 2023 portant autorisation d'un syst\u00e8me de vid\u00e9oprotection - L'ESTAMINET \u00e0 MARTINVAST.........................79\nArr\u00eat\u00e9 n\u00b0 2023-162 du 11 juillet 2023 portant autorisation d'un syst\u00e8me de vid\u00e9oprotection - CAMPING BELLE ETOILE \u00e0 GOUVILLE-\nSUR-MER..................................................................................................................................................................................................................80\nArr\u00eat\u00e9 n\u00b0 2023-163 du 11 juillet 2023 portant autorisation d'un syst\u00e8me de vid\u00e9oprotection - Commune de Barfleur - Camping Municipal\nLa Blanche Nef \u00e0 GATTEVILLE-LE-PHARE.............................................................................................................................................................80\nArr\u00eat\u00e9 n\u00b0 2023-123 du 12 juillet 2023 portant modification d'un syst\u00e8me de vid\u00e9oprotection - GROUPE GIFI \u00e0 AVRANCHES.........................81\nArr\u00eat\u00e9 n\u00b0 2023-139 du 12 juillet 2023 portant autorisation d'un syst\u00e8me de vid\u00e9oprotection - Mondial Relay - Consigne N\u00b0 16154 \u00e0\nCOUTANCES.............................................................................................................................................................................................................81\nArr\u00eat\u00e9 n\u00b0 2023-140 du 12 juillet 2023 portant autorisation d'un syst\u00e8me de vid\u00e9oprotection Mondial Relay - Consigne N\u00b0 16146 \u00e0 LA\nCOLOMBE.................................................................................................................................................................................................................81\nArr\u00eat\u00e9 n\u00b0 2023-141 du 12 juillet 2023 portant autorisation d'un syst\u00e8me de vid\u00e9oprotection - Mondial Relay - Consigne N\u00b0 16182 \u00e0\nSAINT-HILAIRE-DU-HARCOUET.............................................................................................................................................................................82\nArr\u00eat\u00e9 n\u00b0 2023-142 du 12 juillet 2023 portant autorisation d'un syst\u00e8me de vid\u00e9oprotection - Mondial Relay - Consigne N\u00b0 93288 \u00e0\nSAINT-HILAIRE-DU-HARCOUET.............................................................................................................................................................................82\nArr\u00eat\u00e9 n\u00b0 2023-143 du 12 juillet portant autorisation d'un syst\u00e8me de vid\u00e9oprotection - Mondial Relay - Consigne N\u00b0 17847 \u00e0 SAINT-\nAMAND-VILLAGES...................................................................................................................................................................................................83\nArr\u00eat\u00e9 n\u00b0 2023-144 du 12 juillet 2023 portant autorisation d'un syst\u00e8me de vid\u00e9oprotection - Mondial Relay - Consigne N\u00b0 15715 \u00e0 LES\nPIEUX........................................................................................................................................................................................................................83\nArr\u00eat\u00e9 n\u00b0 2023-145 du 12 juillet 2023 portant autorisation d'un syst\u00e8me de vid\u00e9oprotection - AU ROT D'LA ME \u00e0 CHERBOURG-EN-\nCOTENTIN................................................................................................................................................................................................................83\nArr\u00eat\u00e9 n\u00b0 2023-146 du 12 juillet 2023 portant autorisation d'un syst\u00e8me de vid\u00e9oprotection - CAMPING LES CAROLINS \u00e0 PORT-BAIL-\nSUR-MER..................................................................................................................................................................................................................84\nArr\u00eat\u00e9 n\u00b0 2023-147 du 12 juillet 2023 portant autorisation d'un syst\u00e8me de vid\u00e9oprotection - CIC NORD OUEST LA HAYE DU PUITS\nREPLI L \u00e0 LA HAYE...................................................................................................................................................................................................84\nArr\u00eat\u00e9 n\u00b0 2023-148 du 12 juillet 2023 portant autorisation d'un syst\u00e8me de vid\u00e9oprotection - MUTUALITE FRANCAISE NORMANDIE \u00e0\nYQUELON.................................................................................................................................................................................................................85\nArr\u00eat\u00e9 n\u00b0 2023-149 du 12 juillet 2023 portant autorisation d'un syst\u00e8me de vid\u00e9oprotection - SAS TERACTIVE AUTOMOBILES \u00e0\nROMAGNY FONTENAY............................................................................................................................................................................................85\nArr\u00eat\u00e9 n\u00b0 2023-150 du 12 juillet 2023 portant autorisation d'un syst\u00e8me de vid\u00e9oprotection - CAMPING-CAR PARK \u00e0 BEAUVOIR................86\nArr\u00eat\u00e9 n\u00b0 2023-151 du 12 juillet 2023 portant autorisation d'un syst\u00e8me de vid\u00e9oprotection - MARIE Didier Automobiles \u00e0 JUVIGNY\nLES VALLEES...........................................................................................................................................................................................................86\nArr\u00eat\u00e9 n\u00b0 2023-153 du 12 juillet 2023 portant autorisation d'un syst\u00e8me de vid\u00e9oprotection - La Boh\u00e8me \u00e0 BOURGVALLEES....................... 86\nArr\u00eat\u00e9 n\u00b0 2023-107 du 13 juillet 2023 portant renouvellement d'un syst\u00e8me de vid\u00e9oprotection - SARL Garage Dep\u00e9riers \u00e0 SAINT-\nSAUVEUR-VILLAGES...............................................................................................................................................................................................87\nArr\u00eat\u00e9 n\u00b0 2023-108 du 13 juillet 2023 portant renouvellement d'un syst\u00e8me de vid\u00e9oprotection - tabac du Parvis \u00e0 COUTANCES..................87\nArr\u00eat\u00e9 n\u00b0 2023-109 du 13 juillet 2023 portant renouvellement d'un syst\u00e8me de vid\u00e9oprotection - commune de Montbray \u00e0 MONTBRAY\n...................................................................................................................................................................................................................................87\nArr\u00eat\u00e9 n\u00b0 2023-110 du 13 juillet 2023 portant renouvellement d'un syst\u00e8me de vid\u00e9oprotection - LIDL \u00e0 SAINT-SENIER-SOUS-\nAVRANCHES.............................................................................................................................................................................................................88\nArr\u00eat\u00e9 n\u00b0 2023-111 du 13 juillet 2023 portant renouvellement d'un syst\u00e8me de vid\u00e9oprotection - Ville de P\u00e9riers \u00e0 PERIERS......................... 88\nArr\u00eat\u00e9 n\u00b0 2023-112 du 13 juillet 2023 portant renouvellement d'un syst\u00e8me de vid\u00e9oprotection - Bar du D\u00e9part \u00e0 MOON-SUR-ELLE.............88\nArr\u00eat\u00e9 n\u00b0 2023-113 du 13 juillet 2023 portant modification d'un syst\u00e8me de vid\u00e9oprotection - CREDIT MUTUEL MAINE ANJOU BASSE\nNORMANDIE \u00e0 AGON-COUTAINVILLE...................................................................................................................................................................89\nArr\u00eat\u00e9 n\u00b0 2023-106 du 17 juillet 2023 portant renouvellement d'un syst\u00e8me de vid\u00e9oprotection - Bar Tabac SNC Robert Le Saint-\nThomas \u00e0 SAINT-LO.................................................................................................................................................................................................89\nArr\u00eat\u00e9 n\u00b0 2013-114 du 17 juillet 2023 portant modification d'un syst\u00e8me de vid\u00e9oprotection - BNP PARIBAS \u00e0 SAINT-LO...............................89\nArr\u00eat\u00e9  n\u00b0  2023-115  du  17  juillet  2023  portant  modification  d'un  syst\u00e8me  de  vid\u00e9oprotection  -  Caisse  \u00e9pargne  Normandie  \u00e0\nCHERBOURG-EN-COTENTIN.................................................................................................................................................................................90\nArr\u00eat\u00e9 n\u00b0 2013-158 du 17 juillet 2023 portant autorisation d'un syst\u00e8me de vid\u00e9oprotection - PROXYMED \u00e0 GRANVILLE..............................90\nArr\u00eat\u00e9 du 21 ao\u00fbt 2023 portant nomination des membres de la commission de contr\u00f4le charg\u00e9e de la r\u00e9gularit\u00e9 des listes \u00e9lectorales\ndans la commune de ROMAGNY-FONTENAY (communes de 1 000 habitants et plus avec 1 liste)......................................................................91\nArr\u00eat\u00e9 du 28 ao\u00fbt 2023 portant nomination des membres de la commission de contr\u00f4le charg\u00e9e de la r\u00e9gularit\u00e9 des listes \u00e9lectorales\ndans la commune de LA CHAISE-BAUDOUIN (communes de moins de 1 000 habitants et assimil\u00e9es)...............................................................91\nArr\u00eat\u00e9 du 28 ao\u00fbt 2023 portant nomination des membres de la commission de contr\u00f4le charg\u00e9e de la r\u00e9gularit\u00e9 des listes \u00e9lectorales\ndans la commune de LA GODEFROY (communes de moins de 1 000 habitants et assimil\u00e9es)............................................................................91\nArr\u00eat\u00e9 du 28 ao\u00fbt 2023 portant nomination des membres de la commission de contr\u00f4le charg\u00e9e de la r\u00e9gularit\u00e9 des listes \u00e9lectorales\ndans la commune de LA LUCERNE D'OUTREMER (communes de moins de 1 000 habitants et assimil\u00e9es)...................................................... 91\nArr\u00eat\u00e9 du 28 ao\u00fbt 2023 portant nomination des membres de la commission de contr\u00f4le charg\u00e9e de la r\u00e9gularit\u00e9 des listes \u00e9lectorales\ndans la commune de LA MEURDRAQUIERE (communes de moins de 1 000 habitants et assimil\u00e9es).................................................................92\nArr\u00eat\u00e9 du 28 ao\u00fbt 2023 portant nomination des membres de la commission de contr\u00f4le charg\u00e9e de la r\u00e9gularit\u00e9 des listes \u00e9lectorales\ndans la commune de LES LOGES-MARCHIS (communes de moins de 1 000 habitants et assimil\u00e9es)................................................................92\nArr\u00eat\u00e9 du 28 ao\u00fbt 2023 portant nomination des membres de la commission de contr\u00f4le charg\u00e9e de la r\u00e9gularit\u00e9 des listes \u00e9lectorales\ndans la commune de NOTRE-DAME-DE-LIVOYE (communes de moins de 1 000 habitants et assimil\u00e9es).........................................................92\nArr\u00eat\u00e9 du 28 ao\u00fbt 2023 portant nomination des membres de la commission de contr\u00f4le charg\u00e9e de la r\u00e9gularit\u00e9 des listes \u00e9lectorales\ndans la commune de REFFUVEILLE (communes de moins de 1 000 habitants et assimil\u00e9es)..............................................................................92\nArr\u00eat\u00e9 du 28 ao\u00fbt 2023 portant nomination des membres de la commission de contr\u00f4le charg\u00e9e de la r\u00e9gularit\u00e9 des listes \u00e9lectorales\ndans la commune de SACEY (communes de moins de 1 000 habitants et assimil\u00e9es)..........................................................................................93\nArr\u00eat\u00e9 du 28 ao\u00fbt 2023 portant nomination des membres de la commission de contr\u00f4le charg\u00e9e de la r\u00e9gularit\u00e9 des listes \u00e9lectorales\ndans la commune de SAINT-CLEMENT-RANCOUDRAY (communes de moins de 1 000 habitants et assimil\u00e9es)...............................................93\nArr\u00eat\u00e9 du 28 ao\u00fbt 2023 portant nomination des membres de la commission de contr\u00f4le charg\u00e9e de la r\u00e9gularit\u00e9 des listes \u00e9lectorales\ndans la commune de SAINT-JEAN-DU-CORAIL-DES-BOIS (communes de moins de 1 000 habitants et assimil\u00e9es)..........................................93\nArr\u00eat\u00e9 du 28 ao\u00fbt 2023 portant nomination des membres de la commission de contr\u00f4le charg\u00e9e de la r\u00e9gularit\u00e9 des listes \u00e9lectorales\ndans la commune de SAVIGNY-LE-VIEUX (communes de moins de 1 000 habitants et assimil\u00e9es).....................................................................93\nArr\u00eat\u00e9 du 28 ao\u00fbt 2023 portant nomination des membres de la commission de contr\u00f4le charg\u00e9e de la r\u00e9gularit\u00e9 des listes \u00e9lectorales\ndans la commune de SERVON (communes de moins de 1 000 habitants et assimil\u00e9es).......................................................................................94\nArr\u00eat\u00e9 du 11 septembre 2023 portant nomination des membres de la commission de contr\u00f4le charg\u00e9e de la r\u00e9gularit\u00e9 des listes\n\u00e9lectorales dans la commune de SOURDEVAL (communes de 1 000 habitants et plus avec 2 ou 3 listes)...........................................................94\nArr\u00eat\u00e9 du 21 septembre 2023 portant nomination des membres de la commission de contr\u00f4le charg\u00e9e de la r\u00e9gularit\u00e9 des listes\n\u00e9lectorales dans la commune de GENETS (communes de moins de 1 000 habitants et assimil\u00e9es).....................................................................94\nArr\u00eat\u00e9 du 21 septembre 2023 portant nomination des membres de la commission de contr\u00f4le charg\u00e9e de la r\u00e9gularit\u00e9 des listes\n\u00e9lectorales dans la commune de HAMELIN (communes de moins de 1 000 habitants et assimil\u00e9es)....................................................................94\nArr\u00eat\u00e9 du 21 septembre 2023 portant nomination des membres de la commission de contr\u00f4lecharg\u00e9e de la r\u00e9gularit\u00e9 des listes\n\u00e9lectorales dans la commune de LES CRESNAYS (communes de moins de 1 000 habitants et assimil\u00e9es)........................................................95\nArr\u00eat\u00e9 du 21 septembre 2023 portant nomination des membres de la commission de contr\u00f4le charg\u00e9e de la r\u00e9gularit\u00e9 des listes\n\u00e9lectorales dans la commune de SAINT BRICE (communes de moins de 1 000 habitants et assimil\u00e9es).............................................................95\nArr\u00eat\u00e9 du 21 septembre 2023 portant nomination des membres de la commission de contr\u00f4le charg\u00e9e de la r\u00e9gularit\u00e9 des listes\n\u00e9lectorales dans la commune de SAINT JEAN LE THOMAS (communes de moins de 1 000 habitants et assimil\u00e9es).........................................95\nArr\u00eat\u00e9 du 5 octobre 2023 portant nomination des membres de la commission de contr\u00f4le charg\u00e9e de la r\u00e9gularit\u00e9 des listes \u00e9lectorales\ndans la commune de DUCEY LES CHERIS (communes de 1 000 habitants et plus avec 2 ou 3 listes)................................................................95\nArr\u00eat\u00e9 du 5 octobre 2023 portant nomination des membres de la commission de contr\u00f4le charg\u00e9e de la r\u00e9gularit\u00e9 des listes \u00e9lectorales\ndans la commune de DUCEY LES CHERIS (communes de 1 000 habitants et plus avec 2 ou 3 listes)................................................................96\nArr\u00eat\u00e9 du 11 octobre 2023 portant  nomination des  membres  de la commission de contr\u00f4le charg\u00e9e de la r\u00e9gularit\u00e9 des  listes\n\u00e9lectorales dans la commune de CHAVOY (communes de moins de 1 000 habitants et assimil\u00e9es).....................................................................96\n\uf0bf\nSOUS-PREFECTURE D'AVRANCHES\nArr\u00eat\u00e9 n\u00b0 2023-10 du 5 avril 2023 portant renouvellement d'un syst\u00e8me de vid\u00e9oprotection - CREDIT MUTUEL MAINE ANJOU BASSE\nNORMANDIE \u00e0 EQUEURDREVILLE-HAINNEVILLE (CHERBOURG-EN-COTENTIN)\nArt. 1 : L'autorisation, pr\u00e9c\u00e9demment accord\u00e9e, pour installer 5 cam\u00e9ras int\u00e9rieures permettant une dur\u00e9e de conservation des images \u00e0 30\njours au sein de l'\u00e9tablissement CREDIT MUTUEL MAINE ANJOU BASSE NORMANDIE 22 A rue des Pr\u00e8s Equeurdreville-Hainneville 50120\nCHERBOURG-EN-COTENTIN, par arr\u00eat\u00e9 pr\u00e9fectoral du 12 d\u00e9cembre 2012, au charg\u00e9 de s\u00e9curit\u00e9, est reconduite, pour une dur\u00e9e de cinq ans\nrenouvelable, conform\u00e9ment au dossier pr\u00e9sent\u00e9 et annex\u00e9 \u00e0 la demande enregistr\u00e9e sous le num\u00e9ro 2009/0077.\nArt. 2 : Les dispositions pr\u00e9vues par l'arr\u00eat\u00e9 du 12 d\u00e9cembre 2012 demeurent applicables.\nArt. 3 : Le charg\u00e9 de s\u00e9curit\u00e9, responsable de la mise en \u0153uvre du syst\u00e8me doit se porter garant des personnes susceptibles d'intervenir dans\nl'exploitation ou le visionnage des images, ainsi que dans la maintenance du syst\u00e8me mis en place. Des consignes tr\u00e8s pr\u00e9cises sur la\nconfidentialit\u00e9 des images capt\u00e9es ou/et enregistr\u00e9es et des atteintes \u00e0 la vie priv\u00e9e qu'elles peuvent \u00e9ventuellement impliquer sont donn\u00e9es \u00e0\ntoutes les personnes concern\u00e9es.\nArt. 4 : Toute modification pr\u00e9sentant un caract\u00e8re substantiel devra faire l'objet d'une d\u00e9claration aupr\u00e8s des services pr\u00e9fectoraux, notamment\nchangement d'activit\u00e9 dans les lieux prot\u00e9g\u00e9s, changement dans la configuration des lieux, changement affectant la protection des images.\nArt. 5 : Sans pr\u00e9judice des sanctions p\u00e9nales applicables, la pr\u00e9sente autorisation peut, apr\u00e8s que l'int\u00e9ress\u00e9 ait \u00e9t\u00e9 mis \u00e0 m\u00eame de pr\u00e9senter\nses observations, \u00eatre retir\u00e9e en cas de manquement aux dispositions figurant aux articles L.251-2, L.251-3, L.252-1 \u00e0 L.252-6, L.253-1 \u00e0\nL.253-5 et R.251-1 \u00e0 R.253-4 du code de la s\u00e9curit\u00e9 int\u00e9rieure susvis\u00e9 ou encore en cas de modification des conditions au vu desquelles cette\nautorisation a \u00e9t\u00e9 d\u00e9livr\u00e9e.\nArt. 6 : La pr\u00e9sente autorisation peut faire l'objet d'un recours devant le Tribunal Administratif de Caen dans un d\u00e9lai de deux mois \u00e0 compter de\nla date de sa notification \u00e0 l'int\u00e9ress\u00e9.\nArt. 7  : Le syst\u00e8me concern\u00e9 devra faire l'objet d'une nouvelle autorisation administrative pr\u00e9alable au terme du d\u00e9lai des cinq ans  : une\nnouvelle demande devra \u00eatre d\u00e9pos\u00e9e par t\u00e9l\u00e9proc\u00e9dure disponible sur le site \u00abvideoprotection.interieur.gouv.fr\u00bb, quatre mois avant l'\u00e9ch\u00e9ance\nde ce d\u00e9lai.\nSign\u00e9 : Pour le pr\u00e9fet et par d\u00e9l\u00e9gation, le sous-pr\u00e9fet d'Avranches : Gilles TRAIMOND\n\uf0bf\nArr\u00eat\u00e9 n\u00b0 2023-11 du 5 avril 2023 portant renouvellement d'un syst\u00e8me de vid\u00e9oprotection - CREDIT MUTUEL MAINE ANJOU BASSE\nNORMANDIE \u00e0 TOURLAVILLE (CHERBOURG-EN-COTENTIN)\nArt. 1 : L'autorisation, pr\u00e9c\u00e9demment accord\u00e9e, pour installer 5 cam\u00e9ras int\u00e9rieures permettant une dur\u00e9e de conservation des images \u00e0 30\njours au sein de l'\u00e9tablissement CREDIT MUTUEL MAINE ANJOU BASSE NORMANDIE 1 rue du g\u00e9n\u00e9ral de Gaulle - Tourlaville  50110\nCHERBOURG-EN-COTENTIN, par arr\u00eat\u00e9 pr\u00e9fectoral du 12 d\u00e9cembre 2012, au charg\u00e9 de s\u00e9curit\u00e9, est reconduite, pour une dur\u00e9e de cinq ans\nrenouvelable, conform\u00e9ment au dossier pr\u00e9sent\u00e9 et annex\u00e9 \u00e0 la demande enregistr\u00e9e sous le num\u00e9ro 2009/0083.\nArt. 2 : Les dispositions pr\u00e9vues par l'arr\u00eat\u00e9 du 12 d\u00e9cembre 2012 demeurent applicables.\nArt. 3 : Le charg\u00e9 de s\u00e9curit\u00e9, responsable de la mise en \u0153uvre du syst\u00e8me doit se porter garant des personnes susceptibles d'intervenir dans\nl'exploitation ou le visionnage des images, ainsi que dans la maintenance du syst\u00e8me mis en place. Des consignes tr\u00e8s pr\u00e9cises sur la\nconfidentialit\u00e9 des images capt\u00e9es ou/et enregistr\u00e9es et des atteintes \u00e0 la vie priv\u00e9e qu'elles peuvent \u00e9ventuellement impliquer sont donn\u00e9es \u00e0\ntoutes les personnes concern\u00e9es.\nArt. 4 : Toute modification pr\u00e9sentant un caract\u00e8re substantiel devra faire l'objet d'une d\u00e9claration aupr\u00e8s des services pr\u00e9fectoraux, notamment\nchangement d'activit\u00e9 dans les lieux prot\u00e9g\u00e9s, changement dans la configuration des lieux, changement affectant la protection des images.\nArt. 5 : Sans pr\u00e9judice des sanctions p\u00e9nales applicables, la pr\u00e9sente autorisation peut, apr\u00e8s que l'int\u00e9ress\u00e9 ait \u00e9t\u00e9 mis \u00e0 m\u00eame de pr\u00e9senter\nses observations, \u00eatre retir\u00e9e en cas de manquement aux dispositions figurant aux articles L.251-2, L.251-3, L.252-1 \u00e0 L.252-6, L.253-1 \u00e0\nL.253-5 et R.251-1 \u00e0 R.253-4 du code de la s\u00e9curit\u00e9 int\u00e9rieure susvis\u00e9 ou encore en cas de modification des conditions au vu desquelles cette\nautorisation a \u00e9t\u00e9 d\u00e9livr\u00e9e.\nArt. 6 : La pr\u00e9sente autorisation peut faire l'objet d'un recours devant le Tribunal Administratif de Caen dans un d\u00e9lai de deux mois \u00e0 compter de\nla date de sa notification \u00e0 l'int\u00e9ress\u00e9.\nArt. 7  : Le syst\u00e8me concern\u00e9 devra faire l'objet d'une nouvelle autorisation administrative pr\u00e9alable au terme du d\u00e9lai des cinq ans  : une\nnouvelle demande devra \u00eatre d\u00e9pos\u00e9e par t\u00e9l\u00e9proc\u00e9dure disponible sur le site \u00abvideoprotection.interieur.gouv.fr\u00bb, quatre mois avant l'\u00e9ch\u00e9ance\nde ce d\u00e9lai.\nSign\u00e9 : Pour le pr\u00e9fet et par d\u00e9l\u00e9gation, le sous-pr\u00e9fet d'Avranches : Gilles TRAIMOND\n\uf0bf\nArr\u00eat\u00e9 n\u00b0 2023-12 du 5 avril 2023 portant renouvellement d'un syst\u00e8me de vid\u00e9oprotection - CREDIT MUTUEL MAINE ANJOU BASSE\nNORMANDIE \u00e0 BREHAL\nArt. 1 : L'autorisation, pr\u00e9c\u00e9demment accord\u00e9e, pour installer 5 cam\u00e9ras int\u00e9rieures permettant une dur\u00e9e de conservation des images \u00e0 30\njours au sein de l'\u00e9tablissement CREDIT MUTUEL MAINE ANJOU BASSE NORMANDIE 2 rue Guy Mocquet  50290 BREHAL, par arr\u00eat\u00e9\npr\u00e9fectoral du 12 d\u00e9cembre 2012, au charg\u00e9 de s\u00e9curit\u00e9, est reconduite, pour une dur\u00e9e de cinq ans renouvelable, conform\u00e9ment au dossier\npr\u00e9sent\u00e9 et annex\u00e9 \u00e0 la demande enregistr\u00e9e sous le num\u00e9ro 2009/0089.\nArt. 2 : Les dispositions pr\u00e9vues par l'arr\u00eat\u00e9 du 12 d\u00e9cembre 2012 demeurent applicables.\nArt. 3 : Le charg\u00e9 de s\u00e9curit\u00e9, responsable de la mise en \u0153uvre du syst\u00e8me doit se porter garant des personnes susceptibles d'intervenir dans\nl'exploitation ou le visionnage des images, ainsi que dans la maintenance du syst\u00e8me mis en place. Des consignes tr\u00e8s pr\u00e9cises sur la\nconfidentialit\u00e9 des images capt\u00e9es ou/et enregistr\u00e9es et des atteintes \u00e0 la vie priv\u00e9e qu'elles peuvent \u00e9ventuellement impliquer sont donn\u00e9es \u00e0\ntoutes les personnes concern\u00e9es.\nArt. 4 : Toute modification pr\u00e9sentant un caract\u00e8re substantiel devra faire l'objet d'une d\u00e9claration aupr\u00e8s des services pr\u00e9fectoraux, notamment\nchangement d'activit\u00e9 dans les lieux prot\u00e9g\u00e9s, changement dans la configuration des lieux, changement affectant la protection des images.\nArt. 5 : Sans pr\u00e9judice des sanctions p\u00e9nales applicables, la pr\u00e9sente autorisation peut, apr\u00e8s que l'int\u00e9ress\u00e9 ait \u00e9t\u00e9 mis \u00e0 m\u00eame de pr\u00e9senter\nses observations, \u00eatre retir\u00e9e en cas de manquement aux dispositions figurant aux articles L.251-2, L.251-3, L.252-1 \u00e0 L.252-6, L.253-1 \u00e0\nL.253-5 et R.251-1 \u00e0 R.253-4 du code de la s\u00e9curit\u00e9 int\u00e9rieure susvis\u00e9 ou encore en cas de modification des conditions au vu desquelles cette\nautorisation a \u00e9t\u00e9 d\u00e9livr\u00e9e.\nArt. 6 : La pr\u00e9sente autorisation peut faire l'objet d'un recours devant le Tribunal Administratif de Caen dans un d\u00e9lai de deux mois \u00e0 compter de\nla date de sa notification \u00e0 l'int\u00e9ress\u00e9.\nArt. 7  : Le syst\u00e8me concern\u00e9 devra faire l'objet d'une nouvelle autorisation administrative pr\u00e9alable au terme du d\u00e9lai des cinq ans  : une\nnouvelle demande devra \u00eatre d\u00e9pos\u00e9e par t\u00e9l\u00e9proc\u00e9dure disponible sur le site \u00abvideoprotection.interieur.gouv.fr\u00bb, quatre mois avant l'\u00e9ch\u00e9ance\nde ce d\u00e9lai.\nSign\u00e9 : Pour le pr\u00e9fet et par d\u00e9l\u00e9gation, le sous-pr\u00e9fet d'Avranches : Gilles TRAIMOND\n\uf0bf\nArr\u00eat\u00e9 n\u00b0 2023-13 du 17 avril 2023 portant renouvellement d'un syst\u00e8me de vid\u00e9oprotection CREDIT MUTUEL MAINE ANJOU BASSE\nNORMANDIE \u00e0 GOUVILLE-SUR-MER\nArt. 1 : L'autorisation, pr\u00e9c\u00e9demment accord\u00e9e, pour installer 4 cam\u00e9ras int\u00e9rieures permettant une dur\u00e9e de conservation des images \u00e0 30\njours au sein de l'\u00e9tablissement CREDIT MUTUEL MAINE ANJOU BASSE NORMANDIE 15 rue de Coutances  50560 GOUVILLE-SUR-MER,\npar arr\u00eat\u00e9 pr\u00e9fectoral du 12 d\u00e9cembre 2012, au charg\u00e9 de s\u00e9curit\u00e9, est reconduite, pour une dur\u00e9e de cinq ans renouvelable, conform\u00e9ment au\ndossier pr\u00e9sent\u00e9 et annex\u00e9 \u00e0 la demande enregistr\u00e9e sous le num\u00e9ro 2009/0092.\nArt. 2 : Les dispositions pr\u00e9vues par l'arr\u00eat\u00e9 du 12 d\u00e9cembre 2012 demeurent applicables.\nArt. 3 : Le charg\u00e9 de s\u00e9curit\u00e9, responsable de la mise en \u0153uvre du syst\u00e8me doit se porter garant des personnes susceptibles d'intervenir dans\nl'exploitation ou le visionnage des images, ainsi que dans la maintenance du syst\u00e8me mis en place. Des consignes tr\u00e8s pr\u00e9cises sur la\nconfidentialit\u00e9 des images capt\u00e9es ou/et enregistr\u00e9es et des atteintes \u00e0 la vie priv\u00e9e qu'elles peuvent \u00e9ventuellement impliquer sont donn\u00e9es \u00e0\ntoutes les personnes concern\u00e9es.\nArt. 4 : Toute modification pr\u00e9sentant un caract\u00e8re substantiel devra faire l'objet d'une d\u00e9claration aupr\u00e8s des services pr\u00e9fectoraux, notamment\nchangement d'activit\u00e9 dans les lieux prot\u00e9g\u00e9s, changement dans la configuration des lieux, changement affectant la protection des images.\nArt. 5 : Sans pr\u00e9judice des sanctions p\u00e9nales applicables, la pr\u00e9sente autorisation peut, apr\u00e8s que l'int\u00e9ress\u00e9 ait \u00e9t\u00e9 mis \u00e0 m\u00eame de pr\u00e9senter\nses observations, \u00eatre retir\u00e9e en cas de manquement aux dispositions figurant aux articles L.251-2, L.251-3, L.252-1 \u00e0 L.252-6, L.253-1 \u00e0\nL.253-5 et R.251-1 \u00e0 R.253-4 du code de la s\u00e9curit\u00e9 int\u00e9rieure susvis\u00e9 ou encore en cas de modification des conditions au vu desquelles cette\nautorisation a \u00e9t\u00e9 d\u00e9livr\u00e9e.\nArt. 6 : La pr\u00e9sente autorisation peut faire l'objet d'un recours devant le Tribunal Administratif de Caen dans un d\u00e9lai de deux mois \u00e0 compter de\nla date de sa notification \u00e0 l'int\u00e9ress\u00e9.\nArt. 7  : Le syst\u00e8me concern\u00e9 devra faire l'objet d'une nouvelle autorisation administrative pr\u00e9alable au terme du d\u00e9lai des cinq ans  : une\nnouvelle demande devra \u00eatre d\u00e9pos\u00e9e par t\u00e9l\u00e9proc\u00e9dure disponible sur le site \u00abvideoprotection.interieur.gouv.fr\u00bb, quatre mois avant l'\u00e9ch\u00e9ance\nde ce d\u00e9lai.\nSign\u00e9 : Pour le pr\u00e9fet et par d\u00e9l\u00e9gation, le sous-pr\u00e9fet d'Avranches : Gilles TRAIMOND\n\uf0bf\nArr\u00eat\u00e9 n\u00b0 2023-14 du 5 avril 2023 portant renouvellement d'un syst\u00e8me de vid\u00e9oprotection - CREDIT MUTUEL MAINE ANJOU BASSE\nNORMANDIE \u00e0 MARIGNY-LE-LOZON\nArt. 1 : L'autorisation, pr\u00e9c\u00e9demment accord\u00e9e, pour installer 4 cam\u00e9ras int\u00e9rieures permettant une dur\u00e9e de conservation des images \u00e0 30\njours au sein de l'\u00e9tablissement CREDIT MUTUEL MAINE ANJOU BASSE NORMANDIE 2 place du docteur Guillard  50570 MARIGNY-LE-\nLOZON,  par  arr\u00eat\u00e9  pr\u00e9fectoral  du 12  d\u00e9cembre  2012,  \u00e0 Monsieur  le charg\u00e9  de s\u00e9curit\u00e9,  est  reconduite,  pour  une dur\u00e9e  de cinq ans\nrenouvelable, conform\u00e9ment au dossier pr\u00e9sent\u00e9 et annex\u00e9 \u00e0 la demande enregistr\u00e9e sous le num\u00e9ro 2009/0093.\nArt. 2 : Les dispositions pr\u00e9vues par l'arr\u00eat\u00e9 du 12 d\u00e9cembre 2012 demeurent applicables.\nArt. 3  : Monsieur le charg\u00e9 de s\u00e9curit\u00e9, responsable de la mise en \u0153uvre du syst\u00e8me doit se porter garant(e) des personnes susceptibles\nd'intervenir dans l'exploitation ou le visionnage des images, ainsi que dans la maintenance du syst\u00e8me mis en place. Des consignes tr\u00e8s\npr\u00e9cises sur la confidentialit\u00e9 des images capt\u00e9es ou/et enregistr\u00e9es et des atteintes \u00e0 la vie priv\u00e9e qu'elles peuvent \u00e9ventuellement impliquer\nsont donn\u00e9es \u00e0 toutes les personnes concern\u00e9es.\nArt. 4 : Toute modification pr\u00e9sentant un caract\u00e8re substantiel devra faire l'objet d'une d\u00e9claration aupr\u00e8s des services pr\u00e9fectoraux, notamment\nchangement d'activit\u00e9 dans les lieux prot\u00e9g\u00e9s, changement dans la configuration des lieux, changement affectant la protection des images.\nArt. 5 : Sans pr\u00e9judice des sanctions p\u00e9nales applicables, la pr\u00e9sente autorisation peut, apr\u00e8s que l'int\u00e9ress\u00e9 ait \u00e9t\u00e9 mis \u00e0 m\u00eame de pr\u00e9senter\nses observations, \u00eatre retir\u00e9e en cas de manquement aux dispositions figurant aux articles L.251-2, L.251-3, L.252-1 \u00e0 L.252-6, L.253-1 \u00e0\nL.253-5 et R.251-1 \u00e0 R.253-4 du code de la s\u00e9curit\u00e9 int\u00e9rieure susvis\u00e9 ou encore en cas de modification des conditions au vu desquelles cette\nautorisation a \u00e9t\u00e9 d\u00e9livr\u00e9e.\nArt. 6 : La pr\u00e9sente autorisation peut faire l'objet d'un recours devant le Tribunal Administratif de Caen dans un d\u00e9lai de deux mois \u00e0 compter de\nla date de sa notification \u00e0 l'int\u00e9ress\u00e9.\nArt. 7  : Le syst\u00e8me concern\u00e9 devra faire l'objet d'une nouvelle autorisation administrative pr\u00e9alable au terme du d\u00e9lai des cinq ans  : une\nnouvelle demande devra \u00eatre d\u00e9pos\u00e9e par t\u00e9l\u00e9proc\u00e9dure disponible sur le site \u00abvideoprotection.interieur.gouv.fr\u00bb, quatre mois avant l'\u00e9ch\u00e9ance\nde ce d\u00e9lai.\nSign\u00e9 : Pour le pr\u00e9fet et par d\u00e9l\u00e9gation, le sous-pr\u00e9fet d'Avranches : Gilles TRAIMOND\n\uf0bf\nArr\u00eat\u00e9 n\u00b0 2023-15 du 5 avril 2023 portant renouvellement d'un syst\u00e8me de vid\u00e9oprotection - Caisse Epargne Normandie \u00e0 SAINT-\nHILAIRE-DU-HARCOUET\nArt.  1 :  L'autorisation,  pr\u00e9c\u00e9demment  accord\u00e9e,  pour  installer  4  cam\u00e9ras  int\u00e9rieures  et  1  cam\u00e9ra  ext\u00e9rieure  permettant  une  dur\u00e9e  de\nconservation des images \u00e0 30 jours au sein de l'\u00e9tablissement Caisse Epargne Normandie 66/68 rue de Mortain  50600 SAINT-HILAIRE-DU-\nHARCOUET, par arr\u00eat\u00e9 pr\u00e9fectoral du 08 septembre 1997, au charg\u00e9 de s\u00e9curit\u00e9 personnes et biens, est reconduite, pour une dur\u00e9e de cinq\nans renouvelable, conform\u00e9ment au dossier pr\u00e9sent\u00e9 et annex\u00e9 \u00e0 la demande enregistr\u00e9e sous le num\u00e9ro 2011/0185.\nArt. 2 : Les dispositions pr\u00e9vues par l'arr\u00eat\u00e9 du 08 septembre 1997 demeurent applicables.\nArt. 3  : Le charg\u00e9 de s\u00e9curit\u00e9 personnes et biens, responsable de la mise en \u0153uvre du syst\u00e8me doit se porter garant des personnes\nsusceptibles d'intervenir dans l'exploitation ou le visionnage des images, ainsi que dans la maintenance du syst\u00e8me mis en place. Des\nconsignes  tr\u00e8s  pr\u00e9cises  sur  la  confidentialit\u00e9  des  images  capt\u00e9es  ou/et  enregistr\u00e9es  et  des  atteintes  \u00e0  la  vie  priv\u00e9e  qu'elles  peuvent\n\u00e9ventuellement impliquer sont donn\u00e9es \u00e0 toutes les personnes concern\u00e9es.\nArt. 4 : Toute modification pr\u00e9sentant un caract\u00e8re substantiel devra faire l'objet d'une d\u00e9claration aupr\u00e8s des services pr\u00e9fectoraux, notamment\nchangement d'activit\u00e9 dans les lieux prot\u00e9g\u00e9s, changement dans la configuration des lieux, changement affectant la protection des images.\nArt. 5 : Sans pr\u00e9judice des sanctions p\u00e9nales applicables, la pr\u00e9sente autorisation peut, apr\u00e8s que l'int\u00e9ress\u00e9 ait \u00e9t\u00e9 mis \u00e0 m\u00eame de pr\u00e9senter\nses observations, \u00eatre retir\u00e9e en cas de manquement aux dispositions figurant aux articles L.251-2, L.251-3, L.252-1 \u00e0 L.252-6, L.253-1 \u00e0\nL.253-5 et R.251-1 \u00e0 R.253-4 du code de la s\u00e9curit\u00e9 int\u00e9rieure susvis\u00e9 ou encore en cas de modification des conditions au vu desquelles cette\nautorisation a \u00e9t\u00e9 d\u00e9livr\u00e9e.\nArt. 6 : La pr\u00e9sente autorisation peut faire l'objet d'un recours devant le Tribunal Administratif de Caen dans un d\u00e9lai de deux mois \u00e0 compter de\nla date de sa notification \u00e0 l'int\u00e9ress\u00e9.\nArt. 7  : Le syst\u00e8me concern\u00e9 devra faire l'objet d'une nouvelle autorisation administrative pr\u00e9alable au terme du d\u00e9lai des cinq ans  : une\nnouvelle demande devra \u00eatre d\u00e9pos\u00e9e \u00e0 la pr\u00e9fecture par t\u00e9l\u00e9proc\u00e9dure disponible sur le site \u00abvideoprotection.interieur.gouv.fr\u00bb, quatre mois\navant l'\u00e9ch\u00e9ance de ce d\u00e9lai.\nSign\u00e9 : Pour le pr\u00e9fet et par d\u00e9l\u00e9gation, le sous-pr\u00e9fet d'Avranches : Gilles TRAIMOND\n\uf0bf\nArr\u00eat\u00e9 n\u00b0 2023-16 du 5 avril 2023 portant renouvellement d'un syst\u00e8me de vid\u00e9oprotection - Caisse Epargne Normandie \u00e0 VALOGNES\nArt.  1 :  L'autorisation,  pr\u00e9c\u00e9demment  accord\u00e9e,  pour  installer  6  cam\u00e9ras  int\u00e9rieures  et  1  cam\u00e9ra  ext\u00e9rieure  permettant  une  dur\u00e9e  de\nconservation des images \u00e0 30 jours au sein de l'\u00e9tablissement Caisse Epargne Normandie place vicq d'azir  50700 VALOGNES, par arr\u00eat\u00e9\npr\u00e9fectoral du 08 septembre 1997, au charg\u00e9 de s\u00e9curit\u00e9 personnes et biens, est reconduite, pour une dur\u00e9e de cinq ans renouvelable,\nconform\u00e9ment au dossier pr\u00e9sent\u00e9 et annex\u00e9 \u00e0 la demande enregistr\u00e9e sous le num\u00e9ro 2011/0186.\nArt. 2 : Les dispositions pr\u00e9vues par l'arr\u00eat\u00e9 du 08 septembre 1997 demeurent applicables.\nArt. 3  : Le charg\u00e9 de s\u00e9curit\u00e9 personnes et biens, responsable de la mise en \u0153uvre du syst\u00e8me doit se porter garant des personnes\nsusceptibles d'intervenir dans l'exploitation ou le visionnage des images, ainsi que dans la maintenance du syst\u00e8me mis en place. Des\nconsignes  tr\u00e8s  pr\u00e9cises  sur  la  confidentialit\u00e9  des  images  capt\u00e9es  ou/et  enregistr\u00e9es  et  des  atteintes  \u00e0  la  vie  priv\u00e9e  qu'elles  peuvent\n\u00e9ventuellement impliquer sont donn\u00e9es \u00e0 toutes les personnes concern\u00e9es.\nArt. 4 : Toute modification pr\u00e9sentant un caract\u00e8re substantiel devra faire l'objet d'une d\u00e9claration aupr\u00e8s des services pr\u00e9fectoraux, notamment\nchangement d'activit\u00e9 dans les lieux prot\u00e9g\u00e9s, changement dans la configuration des lieux, changement affectant la protection des images.\nArt. 5  : Sans pr\u00e9judice des sanctions p\u00e9nales applicables, la pr\u00e9sente autorisation peut, apr\u00e8s que l'int\u00e9ress\u00e9(e) ait \u00e9t\u00e9 mis \u00e0 m\u00eame de\npr\u00e9senter ses observations, \u00eatre retir\u00e9e en cas de manquement aux dispositions figurant aux articles L.251-2, L.251-3, L.252-1 \u00e0 L.252-6,\nL.253-1 \u00e0 L.253-5 et R.251-1 \u00e0 R.253-4 du code de la s\u00e9curit\u00e9 int\u00e9rieure susvis\u00e9 ou encore en cas de modification des conditions au vu\ndesquelles cette autorisation a \u00e9t\u00e9 d\u00e9livr\u00e9e.\nArt. 6 : La pr\u00e9sente autorisation peut faire l'objet d'un recours devant le Tribunal Administratif de Caen dans un d\u00e9lai de deux mois \u00e0 compter de\nla date de sa notification \u00e0 l'int\u00e9ress\u00e9.\nArt. 7  : Le syst\u00e8me concern\u00e9 devra faire l'objet d'une nouvelle autorisation administrative pr\u00e9alable au terme du d\u00e9lai des cinq ans  : une\nnouvelle demande devra \u00eatre d\u00e9pos\u00e9e par t\u00e9l\u00e9proc\u00e9dure disponible sur le site \u00abvideoprotection.interieur.gouv.fr\u00bb, quatre mois avant l'\u00e9ch\u00e9ance\nde ce d\u00e9lai.\nSign\u00e9 : Pour le pr\u00e9fet et par d\u00e9l\u00e9gation, le sous-pr\u00e9fet d'Avranches : Gilles TRAIMOND\n\uf0bf\nArr\u00eat\u00e9 n\u00b0 2023-17 portant renouvellement d'un syst\u00e8me de vid\u00e9oprotection - Caisse Epargne Normandie \u00e0 VILLEDIEU-LES-POELES-\nROUFFIGNY\nArt.  1 :  L'autorisation,  pr\u00e9c\u00e9demment  accord\u00e9e,  pour  installer  3  cam\u00e9ras  int\u00e9rieures  et  1  cam\u00e9ra  ext\u00e9rieure  permettant  une  dur\u00e9e  de\nconservation des images \u00e0 30 jours au sein de l'\u00e9tablissement Caisse Epargne Normandie 3 rue Gambetta  50800 VILLEDIEU-LES-POELES-\nROUFFIGNY, par arr\u00eat\u00e9 pr\u00e9fectoral du 08 septembre 1997, au charg\u00e9 de s\u00e9curit\u00e9 personnes et biens, est reconduite, pour une dur\u00e9e de cinq\nans renouvelable, conform\u00e9ment au dossier pr\u00e9sent\u00e9 et annex\u00e9 \u00e0 la demande enregistr\u00e9e sous le num\u00e9ro 2011/0247.\nArt. 2 : Les dispositions pr\u00e9vues par l'arr\u00eat\u00e9 du 08 septembre 1997 demeurent applicables.\nArt. 3  : Le  charg\u00e9 de s\u00e9curit\u00e9 personnes et biens, responsable de la mise en \u0153uvre du syst\u00e8me doit se porter garant des personnes\nsusceptibles d'intervenir dans l'exploitation ou le visionnage des images, ainsi que dans la maintenance du syst\u00e8me mis en place. Des\nconsignes  tr\u00e8s  pr\u00e9cises  sur  la  confidentialit\u00e9  des  images  capt\u00e9es  ou/et  enregistr\u00e9es  et  des  atteintes  \u00e0  la  vie  priv\u00e9e  qu'elles  peuvent\n\u00e9ventuellement impliquer sont donn\u00e9es \u00e0 toutes les personnes concern\u00e9es.\nArt. 4 : Toute modification pr\u00e9sentant un caract\u00e8re substantiel devra faire l'objet d'une d\u00e9claration aupr\u00e8s des services pr\u00e9fectoraux, notamment\nchangement d'activit\u00e9 dans les lieux prot\u00e9g\u00e9s, changement dans la configuration des lieux, changement affectant la protection des images.\nArt. 5 : Sans pr\u00e9judice des sanctions p\u00e9nales applicables, la pr\u00e9sente autorisation peut, apr\u00e8s que l'int\u00e9ress\u00e9 ait \u00e9t\u00e9 mis \u00e0 m\u00eame de pr\u00e9senter\nses observations, \u00eatre retir\u00e9e en cas de manquement aux dispositions figurant aux articles L.251-2, L.251-3, L.252-1 \u00e0 L.252-6, L.253-1 \u00e0\nL.253-5 et R.251-1 \u00e0 R.253-4 du code de la s\u00e9curit\u00e9 int\u00e9rieure susvis\u00e9 ou encore en cas de modification des conditions au vu desquelles cette\nautorisation a \u00e9t\u00e9 d\u00e9livr\u00e9e.\nArt. 6 : La pr\u00e9sente autorisation peut faire l'objet d'un recours devant le Tribunal Administratif de Caen dans un d\u00e9lai de deux mois \u00e0 compter de\nla date de sa notification \u00e0 l'int\u00e9ress\u00e9.\nArt. 7  : Le syst\u00e8me concern\u00e9 devra faire l'objet d'une nouvelle autorisation administrative pr\u00e9alable au terme du d\u00e9lai des cinq ans  : une\nnouvelle  demande  devra  \u00eatre  d\u00e9pos\u00e9e  \u00e0  la  pr\u00e9fecture  soit  par  courrier,  soit  par  t\u00e9l\u00e9proc\u00e9dure  disponible  sur  le  site\n\u00abvideoprotection.interieur.gouv.fr\u00bb, quatre mois avant l'\u00e9ch\u00e9ance de ce d\u00e9lai.\nSign\u00e9 : Pour le pr\u00e9fet et par d\u00e9l\u00e9gation, le sous-pr\u00e9fet d'Avranches : Gilles TRAIMOND\n\uf0bf\nArr\u00eat\u00e9 n\u00b0 2023-18 du 5 avril 2023 portant renouvellement d'un syst\u00e8me de vid\u00e9oprotection - Sarl MALLVEN services \u00e0 GRANVILLE\nArt. 1 : L'autorisation, pr\u00e9c\u00e9demment accord\u00e9e, pour installer 2 cam\u00e9ras int\u00e9rieures permettant une dur\u00e9e de conservation des images \u00e0 14\njours au sein de l'\u00e9tablissement Sarl MALLVEN services 9 place Albert Godal  50400 GRANVILLE, par arr\u00eat\u00e9 pr\u00e9fectoral du 17 juin 2013, \u00e0\nMadame LAURENCE TROUSSIER, est reconduite, pour une dur\u00e9e de cinq ans renouvelable, conform\u00e9ment au dossier pr\u00e9sent\u00e9 et annex\u00e9 \u00e0\nla demande enregistr\u00e9e sous le num\u00e9ro 2012/0131.\nArt. 2 : Les dispositions pr\u00e9vues par l'arr\u00eat\u00e9 du 17 juin 2013 demeurent applicables.\nArt. 3 : Madame LAURENCE TROUSSIER, responsable de la mise en \u0153uvre du syst\u00e8me doit se porter garante des personnes susceptibles\nd'intervenir dans l'exploitation ou le visionnage des images, ainsi que dans la maintenance du syst\u00e8me mis en place. Des consignes tr\u00e8s\npr\u00e9cises sur la confidentialit\u00e9 des images capt\u00e9es ou/et enregistr\u00e9es et des atteintes \u00e0 la vie priv\u00e9e qu'elles peuvent \u00e9ventuellement impliquer\nsont donn\u00e9es \u00e0 toutes les personnes concern\u00e9es.\nArt. 4 : Toute modification pr\u00e9sentant un caract\u00e8re substantiel devra faire l'objet d'une d\u00e9claration aupr\u00e8s des services pr\u00e9fectoraux, notamment\nchangement d'activit\u00e9 dans les lieux prot\u00e9g\u00e9s, changement dans la configuration des lieux, changement affectant la protection des images.\nArt. 5 : Sans pr\u00e9judice des sanctions p\u00e9nales applicables, la pr\u00e9sente autorisation peut, apr\u00e8s que l'int\u00e9ress\u00e9e ait \u00e9t\u00e9 mis \u00e0 m\u00eame de pr\u00e9senter\nses observations, \u00eatre retir\u00e9e en cas de manquement aux dispositions figurant aux articles L.251-2, L.251-3, L.252-1 \u00e0 L.252-6, L.253-1 \u00e0\nL.253-5 et R.251-1 \u00e0 R.253-4 du code de la s\u00e9curit\u00e9 int\u00e9rieure susvis\u00e9 ou encore en cas de modification des conditions au vu desquelles cette\nautorisation a \u00e9t\u00e9 d\u00e9livr\u00e9e.\nArt. 6 : La pr\u00e9sente autorisation peut faire l'objet d'un recours devant le Tribunal Administratif de Caen dans un d\u00e9lai de deux mois \u00e0 compter de\nla date de sa notification \u00e0 l'int\u00e9ress\u00e9e.\nArt. 7  : Le syst\u00e8me concern\u00e9 devra faire l'objet d'une nouvelle autorisation administrative pr\u00e9alable au terme du d\u00e9lai des cinq ans  : une\nnouvelle demande devra \u00eatre d\u00e9pos\u00e9e par t\u00e9l\u00e9proc\u00e9dure disponible sur le site \u00abvideoprotection.interieur.gouv.fr\u00bb, quatre mois avant l'\u00e9ch\u00e9ance\nde ce d\u00e9lai.\nSign\u00e9 : Pour le pr\u00e9fet et par d\u00e9l\u00e9gation, le sous-pr\u00e9fet d'Avranches : Gilles TRAIMOND\n\uf0bf\nArr\u00eat\u00e9 n\u00b0 2023-19 du 5 avril 2023 portant renouvellement d'un syst\u00e8me de vid\u00e9oprotection - PHARMACIE PASTEUR \u00e0 CHERBOURG-\nEN-COTENTIN\nArt. 1 : L'autorisation, pr\u00e9c\u00e9demment accord\u00e9e, pour installer 6 cam\u00e9ras int\u00e9rieures permettant une dur\u00e9e de conservation des images \u00e0 10\njours au sein de l'\u00e9tablissement PHARMACIE PASTEUR 73 rue du Val de Saire  50100 CHERBOURG-EN-COTENTIN, par arr\u00eat\u00e9 pr\u00e9fectoral\ndu 07 avril 2015, \u00e0 Monsieur NICOLAS HARDY, est reconduite, pour une dur\u00e9e de cinq ans renouvelable, conform\u00e9ment au dossier pr\u00e9sent\u00e9 et\nannex\u00e9 \u00e0 la demande enregistr\u00e9e sous le num\u00e9ro 2015/0036.\nArt. 2 : Les dispositions pr\u00e9vues par l'arr\u00eat\u00e9 du 07 avril 2015 demeurent applicables.\nArt. 3 : Monsieur NICOLAS HARDY, responsable de la mise en \u0153uvre du syst\u00e8me doit se porter garant des personnes susceptibles d'intervenir\ndans l'exploitation ou le visionnage des images, ainsi que dans la maintenance du syst\u00e8me mis en place. Des consignes tr\u00e8s pr\u00e9cises sur la\nconfidentialit\u00e9 des images capt\u00e9es ou/et enregistr\u00e9es et des atteintes \u00e0 la vie priv\u00e9e qu'elles peuvent \u00e9ventuellement impliquer sont donn\u00e9es \u00e0\ntoutes les personnes concern\u00e9es.\nArt. 4 : Toute modification pr\u00e9sentant un caract\u00e8re substantiel devra faire l'objet d'une d\u00e9claration aupr\u00e8s des services pr\u00e9fectoraux, notamment\nchangement d'activit\u00e9 dans les lieux prot\u00e9g\u00e9s, changement dans la configuration des lieux, changement affectant la protection des images.\nArt. 5 : Sans pr\u00e9judice des sanctions p\u00e9nales applicables, la pr\u00e9sente autorisation peut, apr\u00e8s que l'int\u00e9ress\u00e9 ait \u00e9t\u00e9 mis \u00e0 m\u00eame de pr\u00e9senter\nses observations, \u00eatre retir\u00e9e en cas de manquement aux dispositions figurant aux articles L.251-2, L.251-3, L.252-1 \u00e0 L.252-6, L.253-1 \u00e0\nL.253-5 et R.251-1 \u00e0 R.253-4 du code de la s\u00e9curit\u00e9 int\u00e9rieure susvis\u00e9 ou encore en cas de modification des conditions au vu desquelles cette\nautorisation a \u00e9t\u00e9 d\u00e9livr\u00e9e.\nArt. 6 : La pr\u00e9sente autorisation peut faire l'objet d'un recours devant le Tribunal Administratif de Caen dans un d\u00e9lai de deux mois \u00e0 compter de\nla date de sa notification \u00e0 l'int\u00e9ress\u00e9.\nArt. 7  : Le syst\u00e8me concern\u00e9 devra faire l'objet d'une nouvelle autorisation administrative pr\u00e9alable au terme du d\u00e9lai des cinq ans  : une\nnouvelle demande devra \u00eatre d\u00e9pos\u00e9e par t\u00e9l\u00e9proc\u00e9dure disponible sur le site \u00abvideoprotection.interieur.gouv.fr\u00bb, quatre mois avant l'\u00e9ch\u00e9ance\nde ce d\u00e9lai.\nSign\u00e9 : Pour le pr\u00e9fet et par d\u00e9l\u00e9gation, le sous-pr\u00e9fet d'Avranches : Gilles TRAIMOND\n\uf0bf\nArr\u00eat\u00e9 n\u00b0 2023-21 du 5 avril 2023 portant renouvellement d'un syst\u00e8me de vid\u00e9oprotection - La Civette bar-tabac-journaux \u00e0\nCHERBOURG-EN-COTENTIN\nArt. 1 : L'autorisation, pr\u00e9c\u00e9demment accord\u00e9e, pour installer 5 cam\u00e9ras int\u00e9rieures permettant une dur\u00e9e de conservation des images \u00e0 30\njours au sein de l'\u00e9tablissement La Civette bar-tabac-journaux 107 rue du Val de Saire  50100 CHERBOURG-EN-COTENTIN, par arr\u00eat\u00e9\npr\u00e9fectoral du 10 novembre 2017, \u00e0 Madame CLAIRE JANON, est reconduite, pour une dur\u00e9e de cinq ans renouvelable, conform\u00e9ment au\ndossier pr\u00e9sent\u00e9 et annex\u00e9 \u00e0 la demande enregistr\u00e9e sous le num\u00e9ro 2017/0156.\nArt. 2 : Les dispositions pr\u00e9vues par l'arr\u00eat\u00e9 du 10 novembre 2017 demeurent applicables.\nArt. 3 : Madame CLAIRE JANON, responsable de la mise en \u0153uvre du syst\u00e8me doit se porter garante des personnes susceptibles d'intervenir\ndans l'exploitation ou le visionnage des images, ainsi que dans la maintenance du syst\u00e8me mis en place. Des consignes tr\u00e8s pr\u00e9cises sur la\nconfidentialit\u00e9 des images capt\u00e9es ou/et enregistr\u00e9es et des atteintes \u00e0 la vie priv\u00e9e qu'elles peuvent \u00e9ventuellement impliquer sont donn\u00e9es \u00e0\ntoutes les personnes concern\u00e9es.\nArt. 4 : Toute modification pr\u00e9sentant un caract\u00e8re substantiel devra faire l'objet d'une d\u00e9claration aupr\u00e8s des services pr\u00e9fectoraux, notamment\nchangement d'activit\u00e9 dans les lieux prot\u00e9g\u00e9s, changement dans la configuration des lieux, changement affectant la protection des images.\nArt. 5 : Sans pr\u00e9judice des sanctions p\u00e9nales applicables, la pr\u00e9sente autorisation peut, apr\u00e8s que l'int\u00e9ress\u00e9e ait \u00e9t\u00e9 mis \u00e0 m\u00eame de pr\u00e9senter\nses observations, \u00eatre retir\u00e9e en cas de manquement aux dispositions figurant aux articles L.251-2, L.251-3, L.252-1 \u00e0 L.252-6, L.253-1 \u00e0\nL.253-5 et R.251-1 \u00e0 R.253-4 du code de la s\u00e9curit\u00e9 int\u00e9rieure susvis\u00e9 ou encore en cas de modification des conditions au vu desquelles cette\nautorisation a \u00e9t\u00e9 d\u00e9livr\u00e9e.\nArt. 6 : La pr\u00e9sente autorisation peut faire l'objet d'un recours devant le Tribunal Administratif de Caen dans un d\u00e9lai de deux mois \u00e0 compter de\nla date de sa notification \u00e0 l'int\u00e9ress\u00e9e.\nArt. 7  : Le syst\u00e8me concern\u00e9 devra faire l'objet d'une nouvelle autorisation administrative pr\u00e9alable au terme du d\u00e9lai des cinq ans  : une\nnouvelle demande devra \u00eatre d\u00e9pos\u00e9e par t\u00e9l\u00e9proc\u00e9dure disponible sur le site \u00abvideoprotection.interieur.gouv.fr\u00bb, quatre mois avant l'\u00e9ch\u00e9ance\nde ce d\u00e9lai.\nSign\u00e9 : Pour le pr\u00e9fet et par d\u00e9l\u00e9gation, le sous-pr\u00e9fet d'Avranches : Gilles TRAIMOND\n\uf0bf\nArr\u00eat\u00e9 n\u00b0 2023-22 du 5 avril 2023 portant renouvellement d'un syst\u00e8me de vid\u00e9oprotection - Boulangerie P\u00e2tisserie SARL CARRE\nGUERIN \u00e0 BREHAL\nArt. 1 : L'autorisation, pr\u00e9c\u00e9demment accord\u00e9e, pour installer 1 cam\u00e9ra int\u00e9rieure permettant une dur\u00e9e de conservation des images \u00e0 30 jours\nau sein de l'\u00e9tablissement  Boulangerie P\u00e2tisserie SARL CARRE GUERIN 8 rue Ancienne Halle  50290 BREHAL, par arr\u00eat\u00e9 pr\u00e9fectoral du 29\njanvier 2018, \u00e0 Monsieur J\u00e9r\u00f4me CARRE, est reconduite, pour une dur\u00e9e de cinq ans renouvelable, conform\u00e9ment au dossier pr\u00e9sent\u00e9 et\nannex\u00e9 \u00e0 la demande enregistr\u00e9e sous le num\u00e9ro 2017/0210.\nArt. 2 : Les dispositions pr\u00e9vues par l'arr\u00eat\u00e9 du 29 janvier 2018 demeurent applicables.\nArt. 3 : Monsieur J\u00e9r\u00f4me CARRE, responsable de la mise en \u0153uvre du syst\u00e8me doit se porter garant des personnes susceptibles d'intervenir\ndans l'exploitation ou le visionnage des images, ainsi que dans la maintenance du syst\u00e8me mis en place. Des consignes tr\u00e8s pr\u00e9cises sur la\nconfidentialit\u00e9 des images capt\u00e9es ou/et enregistr\u00e9es et des atteintes \u00e0 la vie priv\u00e9e qu'elles peuvent \u00e9ventuellement impliquer sont donn\u00e9es \u00e0\ntoutes les personnes concern\u00e9es.\nArt. 4 : Toute modification pr\u00e9sentant un caract\u00e8re substantiel devra faire l'objet d'une d\u00e9claration aupr\u00e8s des services pr\u00e9fectoraux, notamment\nchangement d'activit\u00e9 dans les lieux prot\u00e9g\u00e9s, changement dans la configuration des lieux, changement affectant la protection des images.\nArt. 5 : Sans pr\u00e9judice des sanctions p\u00e9nales applicables, la pr\u00e9sente autorisation peut, apr\u00e8s que l'int\u00e9ress\u00e9 ait \u00e9t\u00e9 mis \u00e0 m\u00eame de pr\u00e9senter\nses observations, \u00eatre retir\u00e9e en cas de manquement aux dispositions figurant aux articles L.251-2, L.251-3, L.252-1 \u00e0 L.252-6, L.253-1 \u00e0\nL.253-5 et R.251-1 \u00e0 R.253-4 du code de la s\u00e9curit\u00e9 int\u00e9rieure susvis\u00e9 ou encore en cas de modification des conditions au vu desquelles cette\nautorisation a \u00e9t\u00e9 d\u00e9livr\u00e9e.\nArt. 6 : La pr\u00e9sente autorisation peut faire l'objet d'un recours devant le Tribunal Administratif de Caen dans un d\u00e9lai de deux mois \u00e0 compter de\nla date de sa notification \u00e0 l'int\u00e9ress\u00e9.\nArt. 7  : Le syst\u00e8me concern\u00e9 devra faire l'objet d'une nouvelle autorisation administrative pr\u00e9alable au terme du d\u00e9lai des cinq ans  : une\nnouvelle demande devra \u00eatre d\u00e9pos\u00e9e par t\u00e9l\u00e9proc\u00e9dure disponible sur le site \u00abvideoprotection.interieur.gouv.fr\u00bb, quatre mois avant l'\u00e9ch\u00e9ance\nde ce d\u00e9lai.\nSign\u00e9 : Pour le pr\u00e9fet et par d\u00e9l\u00e9gation, le sous-pr\u00e9fet d'Avranches : Gilles TRAIMOND\n\uf0bf\nArr\u00eat\u00e9 n\u00b0 2023-23 du 5 avril 2023 portant renouvellement d'un syst\u00e8me de vid\u00e9oprotection - SAS Complexe Aquatique des 3 Provinces\n\u00e0 SAINT-HILAIRE-DU-HARCOUET\nArt. 1 : L'autorisation, pr\u00e9c\u00e9demment accord\u00e9e, pour installer 2 cam\u00e9ras int\u00e9rieures permettant une dur\u00e9e de conservation des images \u00e0 7 jours\nau sein de l'\u00e9tablissement SAS Complexe Aquatique des 3 Provinces 63  la R\u00e8terie  50600 SAINT-HILAIRE-DU-HARCOUET, par arr\u00eat\u00e9\npr\u00e9fectoral du 29 janvier 2018, \u00e0 Monsieur Aymeric ROYER, est reconduite, pour une dur\u00e9e de cinq ans renouvelable, conform\u00e9ment au\ndossier pr\u00e9sent\u00e9 et annex\u00e9 \u00e0 la demande enregistr\u00e9e sous le num\u00e9ro 2017/0214.\nArt. 2 : Les dispositions pr\u00e9vues par l'arr\u00eat\u00e9 du 29 janvier 2018 demeurent applicables.\nArt. 3 : Monsieur Aymeric ROYER, responsable de la mise en \u0153uvre du syst\u00e8me doit se porter garant des personnes susceptibles d'intervenir\ndans l'exploitation ou le visionnage des images, ainsi que dans la maintenance du syst\u00e8me mis en place. Des consignes tr\u00e8s pr\u00e9cises sur la\nconfidentialit\u00e9 des images capt\u00e9es ou/et enregistr\u00e9es et des atteintes \u00e0 la vie priv\u00e9e qu'elles peuvent \u00e9ventuellement impliquer sont donn\u00e9es \u00e0\ntoutes les personnes concern\u00e9es.\nArt. 4 : Toute modification pr\u00e9sentant un caract\u00e8re substantiel devra faire l'objet d'une d\u00e9claration aupr\u00e8s des services pr\u00e9fectoraux, notamment\nchangement d'activit\u00e9 dans les lieux prot\u00e9g\u00e9s, changement dans la configuration des lieux, changement affectant la protection des images.\nArt. 5 : Sans pr\u00e9judice des sanctions p\u00e9nales applicables, la pr\u00e9sente autorisation peut, apr\u00e8s que l'int\u00e9ress\u00e9 ait \u00e9t\u00e9 mis \u00e0 m\u00eame de pr\u00e9senter\nses observations, \u00eatre retir\u00e9e en cas de manquement aux dispositions figurant aux articles L.251-2, L.251-3, L.252-1 \u00e0 L.252-6, L.253-1 \u00e0\nL.253-5 et R.251-1 \u00e0 R.253-4 du code de la s\u00e9curit\u00e9 int\u00e9rieure susvis\u00e9 ou encore en cas de modification des conditions au vu desquelles cette\nautorisation a \u00e9t\u00e9 d\u00e9livr\u00e9e.\nArt. 6 : La pr\u00e9sente autorisation peut faire l'objet d'un recours devant le Tribunal Administratif de Caen dans un d\u00e9lai de deux mois \u00e0 compter de\nla date de sa notification \u00e0 l'int\u00e9ress\u00e9.\nArt. 7  : Le syst\u00e8me concern\u00e9 devra faire l'objet d'une nouvelle autorisation administrative pr\u00e9alable au terme du d\u00e9lai des cinq ans  : une\nnouvelle demande devra \u00eatre d\u00e9pos\u00e9e par t\u00e9l\u00e9proc\u00e9dure disponible sur le site \u00abvideoprotection.interieur.gouv.fr\u00bb, quatre mois avant l'\u00e9ch\u00e9ance\nde ce d\u00e9lai.\nSign\u00e9 : Pour le pr\u00e9fet et par d\u00e9l\u00e9gation, le sous-pr\u00e9fet d'Avranches : Gilles TRAIMOND\n\uf0bf\nArr\u00eat\u00e9 n\u00b0 2023-24 du 5 avril 2023 portant renouvellement d'un syst\u00e8me de vid\u00e9oprotection - Lavance Exploitation station de lavage \u00e0\nGRANDPARIGNY\nArt. 1 : L'autorisation, pr\u00e9c\u00e9demment accord\u00e9e, pour installer 1 cam\u00e9ra ext\u00e9rieure permettant une dur\u00e9e de conservation des images \u00e0 30 jours\nau sein de l'\u00e9tablissement Lavance Exploitation station de lavage 7 rue de la Vieille Rivi\u00e8re  50600 GRANDPARIGNY, par arr\u00eat\u00e9 pr\u00e9fectoral du\n29 janvier 2018, \u00e0 Monsieur Guillaume ROUX, est reconduite, pour une dur\u00e9e de cinq ans renouvelable, conform\u00e9ment au dossier pr\u00e9sent\u00e9 et\nannex\u00e9 \u00e0 la demande enregistr\u00e9e sous le num\u00e9ro 2017/0217.\nArt. 2 : Les dispositions pr\u00e9vues par l'arr\u00eat\u00e9 du 29 janvier 2018 demeurent applicables.\nArt. 3 : Monsieur Guillaume ROUX, responsable de la mise en \u0153uvre du syst\u00e8me doit se porter garant des personnes susceptibles d'intervenir\ndans l'exploitation ou le visionnage des images, ainsi que dans la maintenance du syst\u00e8me mis en place. Des consignes tr\u00e8s pr\u00e9cises sur la\nconfidentialit\u00e9 des images capt\u00e9es ou/et enregistr\u00e9es et des atteintes \u00e0 la vie priv\u00e9e qu'elles peuvent \u00e9ventuellement impliquer sont donn\u00e9es \u00e0\ntoutes les personnes concern\u00e9es.\nArt. 4 : Toute modification pr\u00e9sentant un caract\u00e8re substantiel devra faire l'objet d'une d\u00e9claration aupr\u00e8s des services pr\u00e9fectoraux, notamment\nchangement d'activit\u00e9 dans les lieux prot\u00e9g\u00e9s, changement dans la configuration des lieux, changement affectant la protection des images.\nArt. 5 : Sans pr\u00e9judice des sanctions p\u00e9nales applicables, la pr\u00e9sente autorisation peut, apr\u00e8s que l'int\u00e9ress\u00e9 ait \u00e9t\u00e9 mis \u00e0 m\u00eame de pr\u00e9senter\nses observations, \u00eatre retir\u00e9e en cas de manquement aux dispositions figurant aux articles L.251-2, L.251-3, L.252-1 \u00e0 L.252-6, L.253-1 \u00e0\nL.253-5 et R.251-1 \u00e0 R.253-4 du code de la s\u00e9curit\u00e9 int\u00e9rieure susvis\u00e9 ou encore en cas de modification des conditions au vu desquelles cette\nautorisation a \u00e9t\u00e9 d\u00e9livr\u00e9e.\nArt. 6 : La pr\u00e9sente autorisation peut faire l'objet d'un recours devant le Tribunal Administratif de Caen dans un d\u00e9lai de deux mois \u00e0 compter de\nla date de sa notification \u00e0 l'int\u00e9ress\u00e9.\nArt. 7  : Le syst\u00e8me concern\u00e9 devra faire l'objet d'une nouvelle autorisation administrative pr\u00e9alable au terme du d\u00e9lai des cinq ans  : une\nnouvelle demande devra \u00eatre d\u00e9pos\u00e9e par t\u00e9l\u00e9proc\u00e9dure disponible sur le site \u00abvideoprotection.interieur.gouv.fr\u00bb, quatre mois avant l'\u00e9ch\u00e9ance\nde ce d\u00e9lai.\nSign\u00e9 : Pour le pr\u00e9fet et par d\u00e9l\u00e9gation, le sous-pr\u00e9fet d'Avranches : Gilles TRAIMOND\n\uf0bf\nArr\u00eat\u00e9 n\u00b0 2023-25 du 5 avril 2023 portant renouvellement d'un syst\u00e8me de vid\u00e9oprotection - LIDL \u00e0 LA COLOMBE\nArt. 1  : L'autorisation, pr\u00e9c\u00e9demment accord\u00e9e, pour installer 27 cam\u00e9ras int\u00e9rieures et 2 cam\u00e9ras ext\u00e9rieures permettant une dur\u00e9e de\nconservation des images \u00e0 10 jours au sein de l'\u00e9tablissement LIDL Parc d'Activit\u00e9s La Hervi\u00e8re  50800 LA COLOMBE, par arr\u00eat\u00e9 pr\u00e9fectoral du\n09 avril 2018, \u00e0 Monsieur Jean-Michel LE GUILLERMIC, est reconduite, pour une dur\u00e9e de cinq ans renouvelable, conform\u00e9ment au dossier\npr\u00e9sent\u00e9 et annex\u00e9 \u00e0 la demande enregistr\u00e9e sous le num\u00e9ro 2018/0052.\nArt. 2 : Les dispositions pr\u00e9vues par l'arr\u00eat\u00e9 du 09 avril 2018 demeurent applicables.\nArt. 3 : Monsieur Jean-Michel LE GUILLERMIC, responsable de la mise en \u0153uvre du syst\u00e8me doit se porter garant des personnes susceptibles\nd'intervenir dans l'exploitation ou le visionnage des images, ainsi que dans la maintenance du syst\u00e8me mis en place. Des consignes tr\u00e8s\npr\u00e9cises sur la confidentialit\u00e9 des images capt\u00e9es ou/et enregistr\u00e9es et des atteintes \u00e0 la vie priv\u00e9e qu'elles peuvent \u00e9ventuellement impliquer\nsont donn\u00e9es \u00e0 toutes les personnes concern\u00e9es.\nArt. 4 : Toute modification pr\u00e9sentant un caract\u00e8re substantiel devra faire l'objet d'une d\u00e9claration aupr\u00e8s des services pr\u00e9fectoraux, notamment\nchangement d'activit\u00e9 dans les lieux prot\u00e9g\u00e9s, changement dans la configuration des lieux, changement affectant la protection des images.\nArt. 5 : Sans pr\u00e9judice des sanctions p\u00e9nales applicables, la pr\u00e9sente autorisation peut, apr\u00e8s que l'int\u00e9ress\u00e9 ait \u00e9t\u00e9 mis \u00e0 m\u00eame de pr\u00e9senter\nses observations, \u00eatre retir\u00e9e en cas de manquement aux dispositions figurant aux articles L.251-2, L.251-3, L.252-1 \u00e0 L.252-6, L.253-1 \u00e0\nL.253-5 et R.251-1 \u00e0 R.253-4 du code de la s\u00e9curit\u00e9 int\u00e9rieure susvis\u00e9 ou encore en cas de modification des conditions au vu desquelles cette\nautorisation a \u00e9t\u00e9 d\u00e9livr\u00e9e.\nArt. 6 : La pr\u00e9sente autorisation peut faire l'objet d'un recours devant le Tribunal Administratif de Caen dans un d\u00e9lai de deux mois \u00e0 compter de\nla date de sa notification \u00e0 l'int\u00e9ress\u00e9.\nArt. 7  : Le syst\u00e8me concern\u00e9 devra faire l'objet d'une nouvelle autorisation administrative pr\u00e9alable au terme du d\u00e9lai des cinq ans  : une\nnouvelle demande devra \u00eatre d\u00e9pos\u00e9e par t\u00e9l\u00e9proc\u00e9dure disponible sur le site \u00abvideoprotection.interieur.gouv.fr\u00bb, quatre mois avant l'\u00e9ch\u00e9ance\nde ce d\u00e9lai.\nSign\u00e9 : Pour le pr\u00e9fet et par d\u00e9l\u00e9gation, le sous-pr\u00e9fet d'Avranches : Gilles TRAIMOND\n\uf0bf\nArr\u00eat\u00e9 n\u00b0 2023-26 du 5 avril 2023 portant renouvellement d'un syst\u00e8me de vid\u00e9oprotection - Usine de La Divette \u00e0 CHERBOURG-EN-\nCOTENTIN\nArt. 1  : L'autorisation, pr\u00e9c\u00e9demment accord\u00e9e,  pour installer 2 cam\u00e9ras  int\u00e9rieures  et  8 cam\u00e9ras  ext\u00e9rieures  permettant une dur\u00e9e de\nconservation des images \u00e0 30 jours au sein de l'\u00e9tablissement  Usine de La Divette vall\u00e9e de Quincampoix  50100 CHERBOURG-EN-\nCOTENTIN, par arr\u00eat\u00e9 pr\u00e9fectoral du 09 avril 2018, \u00e0 Monsieur Jean-Ren\u00e9 LECHATREUX, vice-pr\u00e9sident de la communaut\u00e9 d'agglom\u00e9ration\ndu cotentin, est reconduite, pour une dur\u00e9e de cinq ans renouvelable, conform\u00e9ment au dossier pr\u00e9sent\u00e9 et annex\u00e9 \u00e0 la demande enregistr\u00e9e\nsous le num\u00e9ro 2018/0095.\nArt. 2 : Les dispositions pr\u00e9vues par l'arr\u00eat\u00e9 du 09 avril 2018 demeurent applicables.\nArt. 3 : Monsieur Jean-Ren\u00e9 LECHATREUX, responsable de la mise en \u0153uvre du syst\u00e8me doit se porter garant des personnes susceptibles\nd'intervenir dans l'exploitation ou le visionnage des images, ainsi que dans la maintenance du syst\u00e8me mis en place. Des consignes tr\u00e8s\npr\u00e9cises sur la confidentialit\u00e9 des images capt\u00e9es ou/et enregistr\u00e9es et des atteintes \u00e0 la vie priv\u00e9e qu'elles peuvent \u00e9ventuellement impliquer\nsont donn\u00e9es \u00e0 toutes les personnes concern\u00e9es.\nArt. 4 : Toute modification pr\u00e9sentant un caract\u00e8re substantiel devra faire l'objet d'une d\u00e9claration aupr\u00e8s des services pr\u00e9fectoraux, notamment\nchangement d'activit\u00e9 dans les lieux prot\u00e9g\u00e9s, changement dans la configuration des lieux, changement affectant la protection des images.\nArt. 5 : Sans pr\u00e9judice des sanctions p\u00e9nales applicables, la pr\u00e9sente autorisation peut, apr\u00e8s que l'int\u00e9ress\u00e9 ait \u00e9t\u00e9 mis \u00e0 m\u00eame de pr\u00e9senter\nses observations, \u00eatre retir\u00e9e en cas de manquement aux dispositions figurant aux articles L.251-2, L.251-3, L.252-1 \u00e0 L.252-6, L.253-1 \u00e0\nL.253-5 et R.251-1 \u00e0 R.253-4 du code de la s\u00e9curit\u00e9 int\u00e9rieure susvis\u00e9 ou encore en cas de modification des conditions au vu desquelles cette\nautorisation a \u00e9t\u00e9 d\u00e9livr\u00e9e.\nArt. 6 : La pr\u00e9sente autorisation peut faire l'objet d'un recours devant le Tribunal Administratif de Caen dans un d\u00e9lai de deux mois \u00e0 compter de\nla date de sa notification \u00e0 l'int\u00e9ress\u00e9.\nArt. 7  : Le syst\u00e8me concern\u00e9 devra faire l'objet d'une nouvelle autorisation administrative pr\u00e9alable au terme du d\u00e9lai des cinq ans  : une\nnouvelle demande devra \u00eatre d\u00e9pos\u00e9e par t\u00e9l\u00e9proc\u00e9dure disponible sur le site \u00abvideoprotection.interieur.gouv.fr\u00bb, quatre mois avant l'\u00e9ch\u00e9ance\nde ce d\u00e9lai.\nSign\u00e9 : Pour le pr\u00e9fet et par d\u00e9l\u00e9gation, le sous-pr\u00e9fet d'Avranches : Gilles TRAIMOND\n\uf0bf\nArr\u00eat\u00e9 n\u00b0 2023-27 du 5 avril 2023 portant renouvellement d'un syst\u00e8me de vid\u00e9oprotection - sarl LHPC El\u00e9phant Bleu \u00e0 CHERBOURG-\nEN-COTENTIN\nArt. 1 : L'autorisation, pr\u00e9c\u00e9demment accord\u00e9e, pour installer 7 cam\u00e9ras ext\u00e9rieures permettant une dur\u00e9e de conservation des images \u00e0 15\njours au sein de l'\u00e9tablissement sarl LHPC El\u00e9phant Bleu All\u00e9e du Fort  50130 CHERBOURG-EN-COTENTIN, par arr\u00eat\u00e9 pr\u00e9fectoral du 09 avril\n2018, \u00e0 Monsieur Francis GERMAIN, est reconduite, pour une dur\u00e9e de cinq ans renouvelable, conform\u00e9ment au dossier pr\u00e9sent\u00e9 et annex\u00e9 \u00e0\nla demande enregistr\u00e9e sous le num\u00e9ro 2018/0122.\nArt. 2 : Les dispositions pr\u00e9vues par l'arr\u00eat\u00e9 du 09 avril 2018 demeurent applicables.\nArt. 3 : Monsieur Francis GERMAIN, responsable de la mise en \u0153uvre du syst\u00e8me doit se porter garant des personnes susceptibles d'intervenir\ndans l'exploitation ou le visionnage des images, ainsi que dans la maintenance du syst\u00e8me mis en place. Des consignes tr\u00e8s pr\u00e9cises sur la\nconfidentialit\u00e9 des images capt\u00e9es ou/et enregistr\u00e9es et des atteintes \u00e0 la vie priv\u00e9e qu'elles peuvent \u00e9ventuellement impliquer sont donn\u00e9es \u00e0\ntoutes les personnes concern\u00e9es.\nArt. 4 : Toute modification pr\u00e9sentant un caract\u00e8re substantiel devra faire l'objet d'une d\u00e9claration aupr\u00e8s des services pr\u00e9fectoraux, notamment\nchangement d'activit\u00e9 dans les lieux prot\u00e9g\u00e9s, changement dans la configuration des lieux, changement affectant la protection des images.\nArt. 5 : Sans pr\u00e9judice des sanctions p\u00e9nales applicables, la pr\u00e9sente autorisation peut, apr\u00e8s que l'int\u00e9ress\u00e9 ait \u00e9t\u00e9 mis \u00e0 m\u00eame de pr\u00e9senter\nses observations, \u00eatre retir\u00e9e en cas de manquement aux dispositions figurant aux articles L.251-2, L.251-3, L.252-1 \u00e0 L.252-6, L.253-1 \u00e0\nL.253-5 et R.251-1 \u00e0 R.253-4 du code de la s\u00e9curit\u00e9 int\u00e9rieure susvis\u00e9 ou encore en cas de modification des conditions au vu desquelles cette\nautorisation a \u00e9t\u00e9 d\u00e9livr\u00e9e.\nArt. 6 : La pr\u00e9sente autorisation peut faire l'objet d'un recours devant le Tribunal Administratif de Caen dans un d\u00e9lai de deux mois \u00e0 compter de\nla date de sa notification \u00e0 l'int\u00e9ress\u00e9.\nArt. 7  : Le syst\u00e8me concern\u00e9 devra faire l'objet d'une nouvelle autorisation administrative pr\u00e9alable au terme du d\u00e9lai des cinq ans  : une\nnouvelle demande devra \u00eatre d\u00e9pos\u00e9e par t\u00e9l\u00e9proc\u00e9dure disponible sur le site \u00abvideoprotection.interieur.gouv.fr\u00bb, quatre mois avant l'\u00e9ch\u00e9ance\nde ce d\u00e9lai.\nSign\u00e9 : Pour le pr\u00e9fet et par d\u00e9l\u00e9gation, le sous-pr\u00e9fet d'Avranches : Gilles TRAIMOND\n\uf0bf\nArr\u00eat\u00e9 n\u00b0 2023-30 du 5 avril 2023 portant modification d'un syst\u00e8me de vid\u00e9oprotection - BNP PARIBAS \u00e0 CHERBOURG-EN-\nCOTENTIN\nArt. 1 :  Le responsable service s\u00e9curit\u00e9 BNP PARIBAS est autoris\u00e9, dans les conditions fix\u00e9es au pr\u00e9sent arr\u00eat\u00e9 et pour une dur\u00e9e de cinq ans\nrenouvelable, \u00e0 modifier l'installation de vid\u00e9oprotection au sein de l'\u00e9tablissement BNP PARIBAS 1 rue Gambetta  50100 CHERBOURG-EN-\nCOTENTIN, conform\u00e9ment au dossier annex\u00e9 \u00e0 la demande enregistr\u00e9e sous le num\u00e9ro 2010/0041.\nArt. 2 : Cette modification intervient sur l'installation de vid\u00e9oprotection pr\u00e9c\u00e9demment autoris\u00e9e par arr\u00eat\u00e9 pr\u00e9fectoral susvis\u00e9.\nArt. 3 : La modification porte sur l'ajout de 1 cam\u00e9ra int\u00e9rieure. Le syst\u00e8me comporte d\u00e9sormais  5 cam\u00e9ras int\u00e9rieures et 1 cam\u00e9ra ext\u00e9rieure.\nLa dur\u00e9e de conservation des images est fix\u00e9e \u00e0 30 jours.\nLe droit d'acc\u00e8s aux images s'exercera aupr\u00e8s du responsable de l'agence.\nArt. 4  : le responsable service s\u00e9curit\u00e9 BNP PARIBAS, responsable de la mise en \u0153uvre du syst\u00e8me doit se porter garant des personnes\nsusceptibles d'intervenir dans l'exploitation ou le visionnage des images, ainsi que dans la maintenance du syst\u00e8me mis en place. Des\nconsignes  tr\u00e8s  pr\u00e9cises  sur  la  confidentialit\u00e9  des  images  capt\u00e9es  ou/et  enregistr\u00e9es  et  des  atteintes  \u00e0  la  vie  priv\u00e9e  qu'elles  peuvent\n\u00e9ventuellement impliquer sont donn\u00e9es \u00e0 toutes les personnes concern\u00e9es.\nArt. 5 : Toute modification pr\u00e9sentant un caract\u00e8re substantiel devra faire l'objet d'une d\u00e9claration aupr\u00e8s des services pr\u00e9fectoraux, notamment\nchangement d'activit\u00e9 dans les lieux prot\u00e9g\u00e9s, changement dans la configuration des lieux, changement affectant la protection des images.\nArt. 6 : Sans pr\u00e9judice des sanctions p\u00e9nales applicables, la pr\u00e9sente autorisation peut, apr\u00e8s que l'int\u00e9ress\u00e9 ait \u00e9t\u00e9 mis \u00e0 m\u00eame de pr\u00e9senter\nses observations, \u00eatre retir\u00e9e en cas de manquement aux dispositions figurant aux articles L.251-2, L.251-3, L.252-1 \u00e0 L.252-6, L.253-1 \u00e0\nL.253-5 et R.251-1 \u00e0 R.253-4 du code de la s\u00e9curit\u00e9 int\u00e9rieure susvis\u00e9 ou encore en cas de modification des conditions au vu desquelles cette\nautorisation a \u00e9t\u00e9 d\u00e9livr\u00e9e.\nArt. 7 : La pr\u00e9sente autorisation peut faire l'objet d'un recours devant le Tribunal Administratif de Caen dans un d\u00e9lai de deux mois \u00e0 compter de\nla date de sa notification \u00e0 l'int\u00e9ress\u00e9.\nArt. 8  : Le syst\u00e8me concern\u00e9 devra faire l'objet d'une nouvelle autorisation administrative pr\u00e9alable au terme du d\u00e9lai des cinq ans  : une\nnouvelle demande devra \u00eatre d\u00e9pos\u00e9e par t\u00e9l\u00e9proc\u00e9dure disponible sur le site \u00abvideoprotection.interieur.gouv.fr\u00bb, quatre mois avant l'\u00e9ch\u00e9ance\nde ce d\u00e9lai.\nArt. 9 : Les autres dispositions pr\u00e9vues par l'arr\u00eat\u00e9 pr\u00e9fectoral susvis\u00e9 demeurent applicables.\nSign\u00e9 : Pour le pr\u00e9fet et par d\u00e9l\u00e9gation, le sous-pr\u00e9fet d'Avranches : Gilles TRAIMOND\n\uf0bf\nArr\u00eat\u00e9 n\u00b0 2023-32 du 5 avril 2023 portant modification d'un syst\u00e8me de vid\u00e9oprotection - Direction D\u00e9partementale de la S\u00e9curit\u00e9\nPublique de la MANCHE \u00e0 CHERBOURG-EN-COTENTIN\nArt. 1 : Monsieur Patrick ROUSSEL est autoris\u00e9, dans les conditions fix\u00e9es au pr\u00e9sent arr\u00eat\u00e9 et pour une dur\u00e9e de cinq ans renouvelable, \u00e0\nmodifier l'installation de vid\u00e9oprotection au sein de la Direction D\u00e9partementale de la S\u00e9curit\u00e9 Publique de la MANCHE 2 rue du Val de Saire\n50100 CHERBOURG-EN-COTENTIN, conform\u00e9ment au dossier annex\u00e9 \u00e0 la demande enregistr\u00e9e sous le num\u00e9ro 2011/0151.\nArt. 2 : Cette modification intervient sur l'installation de vid\u00e9oprotection pr\u00e9c\u00e9demment autoris\u00e9e par arr\u00eat\u00e9 pr\u00e9fectoral susvis\u00e9.\nArt. 3  : La modification porte sur l'ajout de 9 cam\u00e9ras int\u00e9rieures et 8 cam\u00e9ras ext\u00e9rieures. Le syst\u00e8me comporte d\u00e9sormais 10 cam\u00e9ras\nint\u00e9rieures 8 cam\u00e9ras ext\u00e9rieures et 3 voies publiques.\nLa dur\u00e9e de conservation des images passe de sans d\u00e9lai \u00e0 30 jours.\nLe droit d'acc\u00e8s aux images s'exercera aupr\u00e8s du directeur d\u00e9partemental de la s\u00e9curit\u00e9 publique de la Manche.\nArt. 4 : Monsieur Patrick ROUSSEL, Directeur D\u00e9partemental de la S\u00e9curit\u00e9 Publique, responsable de la mise en \u0153uvre du syst\u00e8me doit se\nporter garant des personnes susceptibles d'intervenir dans l'exploitation ou le visionnage des images, ainsi que dans la maintenance du\nsyst\u00e8me mis en place. Des consignes tr\u00e8s pr\u00e9cises sur la confidentialit\u00e9 des images capt\u00e9es ou/et enregistr\u00e9es et des atteintes \u00e0 la vie priv\u00e9e\nqu'elles peuvent \u00e9ventuellement impliquer sont donn\u00e9es \u00e0 toutes les personnes concern\u00e9es.\nArt. 5 : Toute modification pr\u00e9sentant un caract\u00e8re substantiel devra faire l'objet d'une d\u00e9claration aupr\u00e8s des services pr\u00e9fectoraux, notamment\nchangement d'activit\u00e9 dans les lieux prot\u00e9g\u00e9s, changement dans la configuration des lieux, changement affectant la protection des images.\nArt.  6 :  Sans  pr\u00e9judice des  sanctions  p\u00e9nales  applicables,  la pr\u00e9sente autorisation peut,  apr\u00e8s  que l'int\u00e9ress\u00e9 ait  \u00e9t\u00e9 mis  \u00e0 m\u00eame de\npr\u00e9senterses observations, \u00eatre retir\u00e9e en cas de manquement aux dispositions figurant aux articles L.251-2, L.251-3, L.252-1 \u00e0 L.252-6, L.253-\n1 \u00e0 L.253-5 et R.251-1 \u00e0 R.253-4 du code de la s\u00e9curit\u00e9 int\u00e9rieure susvis\u00e9 ou encore en cas de modification des conditions au vu desquelles\ncette autorisation a \u00e9t\u00e9 d\u00e9livr\u00e9e.\nArt. 7 : La pr\u00e9sente autorisation peut faire l'objet d'un recours devant le Tribunal Administratif de Caen dans un d\u00e9lai de deux mois \u00e0 compter de\nla date de sa notification \u00e0 l'int\u00e9ress\u00e9.\nArt. 8  : Le syst\u00e8me concern\u00e9 devra faire l'objet d'une nouvelle autorisation administrative pr\u00e9alable au terme du d\u00e9lai des cinq ans  : une\nnouvelle demande devra \u00eatre d\u00e9pos\u00e9e par t\u00e9l\u00e9proc\u00e9dure disponible sur le site \u00abvideoprotection.interieur.gouv.fr\u00bb, quatre mois avant l'\u00e9ch\u00e9ance\nde ce d\u00e9lai.\nArt. 9 : Les autres dispositions pr\u00e9vues par l'arr\u00eat\u00e9 pr\u00e9fectoral susvis\u00e9 demeurent applicables.\nSign\u00e9 : Pour le pr\u00e9fet et par d\u00e9l\u00e9gation, le sous-pr\u00e9fet d'Avranches : Gilles TRAIMOND\n\uf0bf\nArr\u00eat\u00e9 n\u00b0 2023-33 du 5 avril 2023 portant modification d'un syst\u00e8me de vid\u00e9oprotection - Direction D\u00e9partementale de la S\u00e9curit\u00e9\nPublique de la Manche \u00e0 SAINT-LO\nArt. 1 : Monsieur Patrick ROUSSEL, le  est autoris\u00e9, dans les conditions fix\u00e9es au pr\u00e9sent arr\u00eat\u00e9 et pour une dur\u00e9e de cinq ans renouvelable, \u00e0\nmodifier l'installation de vid\u00e9oprotection au sein de la Direction D\u00e9partementale de la S\u00e9curit\u00e9 Publique de la Manche 336 boulevard de la\nDoll\u00e9e  50000 SAINT-LO, conform\u00e9ment au dossier annex\u00e9 \u00e0 la demande enregistr\u00e9e sous le num\u00e9ro 2011/0152.\nArt. 2 : Cette modification intervient sur l'installation de vid\u00e9oprotection pr\u00e9c\u00e9demment autoris\u00e9e par arr\u00eat\u00e9 pr\u00e9fectoral susvis\u00e9.\nArt. 3  : La modification porte sur l'ajout de 3 cam\u00e9ras int\u00e9rieures et 1 cam\u00e9ra ext\u00e9rieure et retrait de 2 cam\u00e9ras voie publique. Le syst\u00e8me\ncomporte d\u00e9sormais 8 cam\u00e9ras int\u00e9rieures 4 cam\u00e9ras ext\u00e9rieures et 3 cam\u00e9ras voie publique.\nLa dur\u00e9e de conservation des images est fix\u00e9e \u00e0 30 jours.\nLe droit d'acc\u00e8s aux images s'exercera aupr\u00e8s du directeur d\u00e9partemental de la s\u00e9curit\u00e9 publique de la Manche.\nArt. 4 : Monsieur Patrick ROUSSEL, Directeur D\u00e9partemental de la S\u00e9curit\u00e9 Publique, responsable de la mise en \u0153uvre du syst\u00e8me doit se\nporter garant(e) des personnes susceptibles d'intervenir dans l'exploitation ou le visionnage des images, ainsi que dans la maintenance du\nsyst\u00e8me mis en place. Des consignes tr\u00e8s pr\u00e9cises sur la confidentialit\u00e9 des images capt\u00e9es ou/et enregistr\u00e9es et des atteintes \u00e0 la vie priv\u00e9e\nqu'elles peuvent \u00e9ventuellement impliquer sont donn\u00e9es \u00e0 toutes les personnes concern\u00e9es.\nArt. 5 : Toute modification pr\u00e9sentant un caract\u00e8re substantiel devra faire l'objet d'une d\u00e9claration aupr\u00e8s des services pr\u00e9fectoraux, notamment\nchangement d'activit\u00e9 dans les lieux prot\u00e9g\u00e9s, changement dans la configuration des lieux, changement affectant la protection des images.\nArt. 6 : Sans pr\u00e9judice des sanctions p\u00e9nales applicables, la pr\u00e9sente autorisation peut, apr\u00e8s que l'int\u00e9ress\u00e9 ait \u00e9t\u00e9 mis \u00e0 m\u00eame de pr\u00e9senter\nses observations, \u00eatre retir\u00e9e en cas de manquement aux dispositions figurant aux articles L.251-2, L.251-3, L.252-1 \u00e0 L.252-6, L.253-1 \u00e0\nL.253-5 et R.251-1 \u00e0 R.253-4 du code de la s\u00e9curit\u00e9 int\u00e9rieure susvis\u00e9 ou encore en cas de modification des conditions au vu desquelles cette\nautorisation a \u00e9t\u00e9 d\u00e9livr\u00e9e.\nArt. 7 : La pr\u00e9sente autorisation peut faire l'objet d'un recours devant le Tribunal Administratif de Caen dans un d\u00e9lai de deux mois \u00e0 compter de\nla date de sa notification \u00e0 l'int\u00e9ress\u00e9.\nArt. 8  : Le syst\u00e8me concern\u00e9 devra faire l'objet d'une nouvelle autorisation administrative pr\u00e9alable au terme du d\u00e9lai des cinq ans  : une\nnouvelle demande devra \u00eatre d\u00e9pos\u00e9e par t\u00e9l\u00e9proc\u00e9dure disponible sur le site \u00abvideoprotection.interieur.gouv.fr\u00bb, quatre mois avant l'\u00e9ch\u00e9ance\nde ce d\u00e9lai.\nArt. 9 : Les autres dispositions pr\u00e9vues par l'arr\u00eat\u00e9 pr\u00e9fectoral susvis\u00e9 demeurent applicables.\nSign\u00e9 : Pour le pr\u00e9fet et par d\u00e9l\u00e9gation, le sous-pr\u00e9fet d'Avranches : Gilles TRAIMOND\n\uf0bf\nArr\u00eat\u00e9 n\u00b0 2023-34 du 5 avril 2023 portant modification d'un syst\u00e8me de vid\u00e9oprotection - Direction d\u00e9partementale de la s\u00e9curit\u00e9\npublique \u00e0 GRANVILLE\nArt. 1 : Monsieur Patrick ROUSSEL est autoris\u00e9, dans les conditions fix\u00e9es au pr\u00e9sent arr\u00eat\u00e9 et pour une dur\u00e9e de cinq ans renouvelable, \u00e0\nmodifier l'installation de vid\u00e9oprotection au sein de la Direction D\u00e9partementale de la S\u00e9curit\u00e9 Publique 79 rue du port  50400 GRANVILLE,\nconform\u00e9ment au dossier annex\u00e9 \u00e0 la demande enregistr\u00e9e sous le num\u00e9ro 2011/0153.\nArt. 2 : Cette modification intervient sur l'installation de vid\u00e9oprotection pr\u00e9c\u00e9demment autoris\u00e9e par arr\u00eat\u00e9 pr\u00e9fectoral susvis\u00e9.\nArt. 3 : La modification porte sur l'ajout de 2 cam\u00e9ras int\u00e9rieures et 5 cam\u00e9ras ext\u00e9rieures et le retrait de 2 cam\u00e9ras voie publique. Le syst\u00e8me\ncomporte d\u00e9sormais 3 cam\u00e9ras int\u00e9rieures et 5 cam\u00e9ras ext\u00e9rieures.\nLa dur\u00e9e de conservation des images passe de 4 \u00e0 7 jours.\nLe droit d'acc\u00e8s aux images s'exercera aupr\u00e8s du directeur d\u00e9partemental de la s\u00e9curit\u00e9 publique de la Manche .\nArt. 4  : Monsieur Patrick ROUSSEL, Directeur D\u00e9partement de la S\u00e9curit\u00e9 Publique, responsable de la mise en \u0153uvre du syst\u00e8me doit se\nporter garant des personnes susceptibles d'intervenir dans l'exploitation ou le visionnage des images, ainsi que dans la maintenance du\nsyst\u00e8me mis en place. Des consignes tr\u00e8s pr\u00e9cises sur la confidentialit\u00e9 des images capt\u00e9es ou/et enregistr\u00e9es et des atteintes \u00e0 la vie priv\u00e9e\nqu'elles peuvent \u00e9ventuellement impliquer sont donn\u00e9es \u00e0 toutes les personnes concern\u00e9es.\nArt. 5 : Toute modification pr\u00e9sentant un caract\u00e8re substantiel devra faire l'objet d'une d\u00e9claration aupr\u00e8s des services pr\u00e9fectoraux, notamment\nchangement d'activit\u00e9 dans les lieux prot\u00e9g\u00e9s, changement dans la configuration des lieux, changement affectant la protection des images.\nArt. 6 : Sans pr\u00e9judice des sanctions p\u00e9nales applicables, la pr\u00e9sente autorisation peut, apr\u00e8s que l'int\u00e9ress\u00e9 ait \u00e9t\u00e9 mis \u00e0 m\u00eame de pr\u00e9senter\nses observations, \u00eatre retir\u00e9e en cas de manquement aux dispositions figurant aux articles L.251-2, L.251-3, L.252-1 \u00e0 L.252-6, L.253-1 \u00e0\nL.253-5 et R.251-1 \u00e0 R.253-4 du code de la s\u00e9curit\u00e9 int\u00e9rieure susvis\u00e9 ou encore en cas de modification des conditions au vu desquelles cette\nautorisation a \u00e9t\u00e9 d\u00e9livr\u00e9e.\nArt. 7 : La pr\u00e9sente autorisation peut faire l'objet d'un recours devant le Tribunal Administratif de Caen dans un d\u00e9lai de deux mois \u00e0 compter de\nla date de sa notification \u00e0 l'int\u00e9ress\u00e9.\nArt. 8  : Le syst\u00e8me concern\u00e9 devra faire l'objet d'une nouvelle autorisation administrative pr\u00e9alable au terme du d\u00e9lai des cinq ans  : une\nnouvelle demande devra \u00eatre d\u00e9pos\u00e9e par t\u00e9l\u00e9proc\u00e9dure disponible sur le site \u00abvideoprotection.interieur.gouv.fr\u00bb, quatre mois avant l'\u00e9ch\u00e9ance\nde ce d\u00e9lai.\nArt. 9 : Les autres dispositions pr\u00e9vues par l'arr\u00eat\u00e9 pr\u00e9fectoral susvis\u00e9 demeurent applicables.\nSign\u00e9 : Pour le pr\u00e9fet et par d\u00e9l\u00e9gation, le sous-pr\u00e9fet d'Avranches : Gilles TRAIMOND\n\uf0bf\nArr\u00eat\u00e9 n\u00b0 2023-35 du 5 avril 2023 portant modification d'un syst\u00e8me de vid\u00e9oprotection - Direction D\u00e9partementale de la S\u00e9curit\u00e9\nPublique de la Manche \u00e0 COUTANCES\nArt. 1 : Monsieur Patrick ROUSSEL, Directeur D\u00e9partemental de la S\u00e9curit\u00e9 Publique est autoris\u00e9, dans les conditions fix\u00e9es au pr\u00e9sent arr\u00eat\u00e9\net pour une dur\u00e9e de cinq ans renouvelable, \u00e0 modifier l'installation de vid\u00e9oprotection au sein de la Direction D\u00e9partementale de la S\u00e9curit\u00e9\nPublique de la Manche 1 rue du Palais de Justice  50200 COUTANCES, conform\u00e9ment au dossier annex\u00e9 \u00e0 la demande enregistr\u00e9e sous le\nnum\u00e9ro 2011/0154.\nArt. 2 : Cette modification intervient sur l'installation de vid\u00e9oprotection pr\u00e9c\u00e9demment autoris\u00e9e par arr\u00eat\u00e9 pr\u00e9fectoral susvis\u00e9.\nArt. 3 : La modification porte sur l'ajout de 1 cam\u00e9ra int\u00e9rieure et 4 cam\u00e9ras ext\u00e9rieures et le retrait de 3 cam\u00e9ras voie publique. Le syst\u00e8me\ncomporte d\u00e9sormais 1 cam\u00e9ra int\u00e9rieure et 4 cam\u00e9ras ext\u00e9rieures.\nLa dur\u00e9e de conservation des images est fix\u00e9e \u00e0 7 jours.\nLe droit d'acc\u00e8s aux images s'exercera aupr\u00e8s du directeur d\u00e9partemental de la s\u00e9curit\u00e9 publique.\nArt. 4 : Monsieur Patrick ROUSSEL, Directeur D\u00e9partemental de la S\u00e9curit\u00e9 Publique, responsable de la mise en \u0153uvre du syst\u00e8me doit se\nporter garant des personnes susceptibles d'intervenir dans l'exploitation ou le visionnage des images, ainsi que dans la maintenance du\nsyst\u00e8me mis en place. Des consignes tr\u00e8s pr\u00e9cises sur la confidentialit\u00e9 des images capt\u00e9es ou/et enregistr\u00e9es et des atteintes \u00e0 la vie priv\u00e9e\nqu'elles peuvent \u00e9ventuellement impliquer sont donn\u00e9es \u00e0 toutes les personnes concern\u00e9es.\nArt. 5 : Toute modification pr\u00e9sentant un caract\u00e8re substantiel devra faire l'objet d'une d\u00e9claration aupr\u00e8s des services pr\u00e9fectoraux, notamment\nchangement d'activit\u00e9 dans les lieux prot\u00e9g\u00e9s, changement dans la configuration des lieux, changement affectant la protection des images.\nArt. 6 : Sans pr\u00e9judice des sanctions p\u00e9nales applicables, la pr\u00e9sente autorisation peut, apr\u00e8s que l'int\u00e9ress\u00e9 ait \u00e9t\u00e9 mis \u00e0 m\u00eame de pr\u00e9senter\nses observations, \u00eatre retir\u00e9e en cas de manquement aux dispositions figurant aux articles L.251-2, L.251-3, L.252-1 \u00e0 L.252-6, L.253-1 \u00e0\nL.253-5 et R.251-1 \u00e0 R.253-4 du code de la s\u00e9curit\u00e9 int\u00e9rieure susvis\u00e9 ou encore en cas de modification des conditions au vu desquelles cette\nautorisation a \u00e9t\u00e9 d\u00e9livr\u00e9e.\nArt. 7 : La pr\u00e9sente autorisation peut faire l'objet d'un recours devant le Tribunal Administratif de Caen dans un d\u00e9lai de deux mois \u00e0 compter de\nla date de sa notification \u00e0 l'int\u00e9ress\u00e9.\nArt. 8  : Le syst\u00e8me concern\u00e9 devra faire l'objet d'une nouvelle autorisation administrative pr\u00e9alable au terme du d\u00e9lai des cinq ans  : une\nnouvelle demande devra \u00eatre d\u00e9pos\u00e9e par t\u00e9l\u00e9proc\u00e9dure disponible sur le site \u00abvideoprotection.interieur.gouv.fr\u00bb, quatre mois avant l'\u00e9ch\u00e9ance\nde ce d\u00e9lai.\nArt. 9 : Les autres dispositions pr\u00e9vues par l'arr\u00eat\u00e9 pr\u00e9fectoral susvis\u00e9 demeurent applicables.\nSign\u00e9 : Pour le pr\u00e9fet et par d\u00e9l\u00e9gation, le sous-pr\u00e9fet d'Avranches : Gilles TRAIMOND\n\uf0bf\nArr\u00eat\u00e9 n\u00b0 2023-36 du 5 avril 2023 portant modification d'un syst\u00e8me de vid\u00e9oprotection - MAISON DE LA PRESSE bar tabac presse \u00e0\nLES PIEUX\nArt. 1  : Madame Am\u00e9lie VIGER est autoris\u00e9e, dans les conditions fix\u00e9es au pr\u00e9sent arr\u00eat\u00e9 et pour une dur\u00e9e de cinq ans renouvelable, \u00e0\nmodifier l'installation de vid\u00e9oprotection au sein de l'\u00e9tablissement MAISON DE LA PRESSE bar tabac presse 13 rue Centrale  50340 LES\nPIEUX, conform\u00e9ment au dossier annex\u00e9 \u00e0 la demande enregistr\u00e9e sous le num\u00e9ro 2011/0193.\nArt. 2 : Cette modification intervient sur l'installation de vid\u00e9oprotection pr\u00e9c\u00e9demment autoris\u00e9e par arr\u00eat\u00e9 pr\u00e9fectoral susvis\u00e9.\nArt. 3 : La modification porte sur la dur\u00e9e de conservation des images. Elle passe de 7 \u00e0 30 jours.\nLe droit d'acc\u00e8s aux images s'exercera aupr\u00e8s de Madame Am\u00e9lie VIGER .\nArt. 4 : Madame Am\u00e9lie VIGER, responsable de la mise en \u0153uvre du syst\u00e8me doit se porter garante des personnes susceptibles d'intervenir\ndans l'exploitation ou le visionnage des images, ainsi que dans la maintenance du syst\u00e8me mis en place. Des consignes tr\u00e8s pr\u00e9cises sur la\nconfidentialit\u00e9 des images capt\u00e9es ou/et enregistr\u00e9es et des atteintes \u00e0 la vie priv\u00e9e qu'elles peuvent \u00e9ventuellement impliquer sont donn\u00e9es \u00e0\ntoutes les personnes concern\u00e9es.\nArt. 5 : Toute modification pr\u00e9sentant un caract\u00e8re substantiel devra faire l'objet d'une d\u00e9claration aupr\u00e8s des services pr\u00e9fectoraux, notamment\nchangement d'activit\u00e9 dans les lieux prot\u00e9g\u00e9s, changement dans la configuration des lieux, changement affectant la protection des images.\nArt. 6 : Sans pr\u00e9judice des sanctions p\u00e9nales applicables, la pr\u00e9sente autorisation peut, apr\u00e8s que l'int\u00e9ress\u00e9e ait \u00e9t\u00e9 mis \u00e0 m\u00eame de pr\u00e9senter\nses observations, \u00eatre retir\u00e9e en cas de manquement aux dispositions figurant aux articles L.251-2, L.251-3, L.252-1 \u00e0 L.252-6, L.253-1 \u00e0\nL.253-5 et R.251-1 \u00e0 R.253-4 du code de la s\u00e9curit\u00e9 int\u00e9rieure susvis\u00e9 ou encore en cas de modification des conditions au vu desquelles cette\nautorisation a \u00e9t\u00e9 d\u00e9livr\u00e9e.\nArt. 7 : La pr\u00e9sente autorisation peut faire l'objet d'un recours devant le Tribunal Administratif de Caen dans un d\u00e9lai de deux mois \u00e0 compter de\nla date de sa notification \u00e0 l'int\u00e9ress\u00e9e.\nArt. 8  : Le syst\u00e8me concern\u00e9 devra faire l'objet d'une nouvelle autorisation administrative pr\u00e9alable au terme du d\u00e9lai des cinq ans  : une\nnouvelle demande devra \u00eatre d\u00e9pos\u00e9e par t\u00e9l\u00e9proc\u00e9dure disponible sur le site \u00abvideoprotection.interieur.gouv.fr\u00bb, quatre mois avant l'\u00e9ch\u00e9ance\nde ce d\u00e9lai.\nArt. 9 : Les autres dispositions pr\u00e9vues par l'arr\u00eat\u00e9 pr\u00e9fectoral susvis\u00e9 demeurent applicables.\nSign\u00e9 : Pour le pr\u00e9fet et par d\u00e9l\u00e9gation, le sous-pr\u00e9fet d'Avranches : Gilles TRAIMOND\n\uf0bf\nArr\u00eat\u00e9 n\u00b0 2023-38 du 5 avril 2023 portant modification d'un syst\u00e8me de vid\u00e9oprotection - K\u00e9olis Mont-Saint-Michel \u00e0 BEAUVOIR\nArt. 1 : Monsieur Martial CHABRERIE, directeur de K\u00e9olis est autoris\u00e9, dans les conditions fix\u00e9es au pr\u00e9sent arr\u00eat\u00e9 et pour une dur\u00e9e de cinq\nans renouvelable, \u00e0 modifier l'installation de vid\u00e9oprotection au sein de l'\u00e9tablissement K\u00e9olis Mont-Saint-Michel Lieu dit Le Bas Pays  50170\nBEAUVOIR, conform\u00e9ment au dossier annex\u00e9 \u00e0 la demande enregistr\u00e9e sous le num\u00e9ro 2011/0315.\nArt. 2 : Cette modification intervient sur l'installation de vid\u00e9oprotection pr\u00e9c\u00e9demment autoris\u00e9e par arr\u00eat\u00e9 pr\u00e9fectoral susvis\u00e9.\nArt. 3  : La modification porte sur le retrait de 3 cam\u00e9ras int\u00e9rieures et l'ajout de 1 cam\u00e9ra ext\u00e9rieure. Le syst\u00e8me comporte d\u00e9sormais 51\ncam\u00e9ras int\u00e9rieures et 27 cam\u00e9ras ext\u00e9rieures.\nLa dur\u00e9e de conservation des images est fix\u00e9e \u00e0 15 jours.\nLe droit d'acc\u00e8s aux images s'exercera aupr\u00e8s du directeur.\nArt. 4  : Monsieur Martial CHABRERIE, responsable de la mise en \u0153uvre du syst\u00e8me doit se porter garant des personnes susceptibles\nd'intervenir dans l'exploitation ou le visionnage des images, ainsi que dans la maintenance du syst\u00e8me mis en place. Des consignes tr\u00e8s\npr\u00e9cises sur la confidentialit\u00e9 des images capt\u00e9es ou/et enregistr\u00e9es et des atteintes \u00e0 la vie priv\u00e9e qu'elles peuvent \u00e9ventuellement impliquer\nsont donn\u00e9es \u00e0 toutes les personnes concern\u00e9es.\nArt. 5 : Toute modification pr\u00e9sentant un caract\u00e8re substantiel devra faire l'objet d'une d\u00e9claration aupr\u00e8s des services pr\u00e9fectoraux, notamment\nchangement d'activit\u00e9 dans les lieux prot\u00e9g\u00e9s, changement dans la configuration des lieux, changement affectant la protection des images.\nArt. 6 : Sans pr\u00e9judice des sanctions p\u00e9nales applicables, la pr\u00e9sente autorisation peut, apr\u00e8s que l'int\u00e9ress\u00e9 ait \u00e9t\u00e9 mis \u00e0 m\u00eame de pr\u00e9senter\nses observations, \u00eatre retir\u00e9e en cas de manquement aux dispositions figurant aux articles L.251-2, L.251-3, L.252-1 \u00e0 L.252-6, L.253-1 \u00e0\nL.253-5 et R.251-1 \u00e0 R.253-4 du code de la s\u00e9curit\u00e9 int\u00e9rieure susvis\u00e9 ou encore en cas de modification des conditions au vu desquelles cette\nautorisation a \u00e9t\u00e9 d\u00e9livr\u00e9e.\nArt. 7 : La pr\u00e9sente autorisation peut faire l'objet d'un recours devant le Tribunal Administratif de Caen dans un d\u00e9lai de deux mois \u00e0 compter de\nla date de sa notification \u00e0 l'int\u00e9ress\u00e9.\nArt. 8  : Le syst\u00e8me concern\u00e9 devra faire l'objet d'une nouvelle autorisation administrative pr\u00e9alable au terme du d\u00e9lai des cinq ans  : une\nnouvelle demande devra \u00eatre d\u00e9pos\u00e9e par t\u00e9l\u00e9proc\u00e9dure disponible sur le site \u00abvideoprotection.interieur.gouv.fr\u00bb, quatre mois avant l'\u00e9ch\u00e9ance\nde ce d\u00e9lai.\nArt. 9 : Les autres dispositions pr\u00e9vues par l'arr\u00eat\u00e9 pr\u00e9fectoral susvis\u00e9 demeurent applicables.\nSign\u00e9 : Pour le pr\u00e9fet et par d\u00e9l\u00e9gation, le sous-pr\u00e9fet d'Avranches : Gilles TRAIMOND\n\uf0bf\nArr\u00eat\u00e9 n\u00b0 2023-39 du 5 avril 2023 portant modification d'un syst\u00e8me de vid\u00e9oprotection - MAISON DE LA PRESSE / SNC Davenas \u00e0\nCHERBOURG-EN-COTENTIN\nArt. 1  : Monsieur marc DAVENAS est autoris\u00e9, dans les conditions fix\u00e9es au pr\u00e9sent arr\u00eat\u00e9 et pour une dur\u00e9e de cinq ans renouvelable, \u00e0\nmodifier l'installation de vid\u00e9oprotection au sein de l'\u00e9tablissement MAISON DE LA PRESSE / SNC Davenas 2 rue des foss\u00e9s  50100\nCHERBOURG-EN-COTENTIN, conform\u00e9ment au dossier annex\u00e9 \u00e0 la demande enregistr\u00e9e sous le num\u00e9ro 2012/0084.\nArt. 2 : Cette modification intervient sur l'installation de vid\u00e9oprotection pr\u00e9c\u00e9demment autoris\u00e9e par arr\u00eat\u00e9 pr\u00e9fectoral susvis\u00e9.\nArt. 3 : La modification porte sur le retrait de 1 cam\u00e9ra int\u00e9rieure et ajout de 2 cam\u00e9ras ext\u00e9rieures. Le syst\u00e8me comporte d\u00e9sormais 4 cam\u00e9ras\nint\u00e9rieures et  2 cam\u00e9ras ext\u00e9rieures.\nLa dur\u00e9e de conservation des images passe de 30 \u00e0 15 jours.\nLe droit d'acc\u00e8s aux images s'exercera aupr\u00e8s du g\u00e9rant.\nArt. 4 : Monsieur marc DAVENAS, responsable de la mise en \u0153uvre du syst\u00e8me doit se porter garant des personnes susceptibles d'intervenir\ndans l'exploitation ou le visionnage des images, ainsi que dans la maintenance du syst\u00e8me mis en place. Des consignes tr\u00e8s pr\u00e9cises sur la\nconfidentialit\u00e9 des images capt\u00e9es ou/et enregistr\u00e9es et des atteintes \u00e0 la vie priv\u00e9e qu'elles peuvent \u00e9ventuellement impliquer sont donn\u00e9es \u00e0\ntoutes les personnes concern\u00e9es.\nArt. 5 : Toute modification pr\u00e9sentant un caract\u00e8re substantiel devra faire l'objet d'une d\u00e9claration aupr\u00e8s des services pr\u00e9fectoraux, notamment\nchangement d'activit\u00e9 dans les lieux prot\u00e9g\u00e9s, changement dans la configuration des lieux, changement affectant la protection des images.\nArt. 6 : Sans pr\u00e9judice des sanctions p\u00e9nales applicables, la pr\u00e9sente autorisation peut, apr\u00e8s que l'int\u00e9ress\u00e9 ait \u00e9t\u00e9 mis \u00e0 m\u00eame de pr\u00e9senter\nses observations, \u00eatre retir\u00e9e en cas de manquement aux dispositions figurant aux articles L.251-2, L.251-3, L.252-1 \u00e0 L.252-6, L.253-1 \u00e0\nL.253-5 et R.251-1 \u00e0 R.253-4 du code de la s\u00e9curit\u00e9 int\u00e9rieure susvis\u00e9 ou encore en cas de modification des conditions au vu desquelles cette\nautorisation a \u00e9t\u00e9 d\u00e9livr\u00e9e.\nArt. 7 : La pr\u00e9sente autorisation peut faire l'objet d'un recours devant le Tribunal Administratif de Caen dans un d\u00e9lai de deux mois \u00e0 compter de\nla date de sa notification \u00e0 l'int\u00e9ress\u00e9.\nArt. 8  : Le syst\u00e8me concern\u00e9 devra faire l'objet d'une nouvelle autorisation administrative pr\u00e9alable au terme du d\u00e9lai des cinq ans  : une\nnouvelle demande devra \u00eatre d\u00e9pos\u00e9e par t\u00e9l\u00e9proc\u00e9dure disponible sur le site \u00abvideoprotection.interieur.gouv.fr\u00bb, quatre mois avant l'\u00e9ch\u00e9ance\nde ce d\u00e9lai.\nArt. 9 : Les autres dispositions pr\u00e9vues par l'arr\u00eat\u00e9 pr\u00e9fectoral susvis\u00e9 demeurent applicables.\nSign\u00e9 : Pour le pr\u00e9fet et par d\u00e9l\u00e9gation, le sous-pr\u00e9fet d'Avranches : Gilles TRAIMOND\n\uf0bf\nArr\u00eat\u00e9 n\u00b0 2023-40 du 5 avril 2023 portant modification d'un syst\u00e8me de vid\u00e9oprotection - CASTEL PUB \u00e0 SAINT-LO\nArt. 1  : Monsieur Michel VIBERT est autoris\u00e9, dans les conditions fix\u00e9es au pr\u00e9sent arr\u00eat\u00e9 et pour une dur\u00e9e de cinq ans renouvelable, \u00e0\nmodifier l'installation de vid\u00e9oprotection au sein de l'\u00e9tablissement CASTEL PUB 45 rue Torteron  50000 SAINT-LO, conform\u00e9ment au dossier\nannex\u00e9 \u00e0 la demande enregistr\u00e9e sous le num\u00e9ro 2012/0175.\nArt. 2 : Cette modification intervient sur l'installation de vid\u00e9oprotection pr\u00e9c\u00e9demment autoris\u00e9e par arr\u00eat\u00e9 pr\u00e9fectoral susvis\u00e9.\nArt. 3 : La modification porte sur changement de propri\u00e9taire.\nLe nombre de cam\u00e9ras reste \u00e0 6 cam\u00e9ras int\u00e9rieures\nLa dur\u00e9e de conservation des images est fix\u00e9e \u00e0 8 jours.\nLe droit d'acc\u00e8s aux images s'exercera aupr\u00e8s de Monsieur Michel VIBERT.\nArt. 4 : Monsieur Michel VIBERT, responsable de la mise en \u0153uvre du syst\u00e8me doit se porter garant(e) des personnes susceptibles d'intervenir\ndans l'exploitation ou le visionnage des images, ainsi que dans la maintenance du syst\u00e8me mis en place. Des consignes tr\u00e8s pr\u00e9cises sur la\nconfidentialit\u00e9 des images capt\u00e9es ou/et enregistr\u00e9es et des atteintes \u00e0 la vie priv\u00e9e qu'elles peuvent \u00e9ventuellement impliquer sont donn\u00e9es \u00e0\ntoutes les personnes concern\u00e9es.\nArt. 5 : Toute modification pr\u00e9sentant un caract\u00e8re substantiel devra faire l'objet d'une d\u00e9claration aupr\u00e8s des services pr\u00e9fectoraux, notamment\nchangement d'activit\u00e9 dans les lieux prot\u00e9g\u00e9s, changement dans la configuration des lieux, changement affectant la protection des images.\nArt. 6 : Sans pr\u00e9judice des sanctions p\u00e9nales applicables, la pr\u00e9sente autorisation peut, apr\u00e8s que l'int\u00e9ress\u00e9 ait \u00e9t\u00e9 mis \u00e0 m\u00eame de pr\u00e9senter\nses observations, \u00eatre retir\u00e9e en cas de manquement aux dispositions figurant aux articles L.251-2, L.251-3, L.252-1 \u00e0 L.252-6, L.253-1 \u00e0\nL.253-5 et R.251-1 \u00e0 R.253-4 du code de la s\u00e9curit\u00e9 int\u00e9rieure susvis\u00e9 ou encore en cas de modification des conditions au vu desquelles cette\nautorisation a \u00e9t\u00e9 d\u00e9livr\u00e9e.\nArt. 7 : La pr\u00e9sente autorisation peut faire l'objet d'un recours devant le Tribunal Administratif de Caen dans un d\u00e9lai de deux mois \u00e0 compter de\nla date de sa notification \u00e0 l'int\u00e9ress\u00e9.\nArt. 8  : Le syst\u00e8me concern\u00e9 devra faire l'objet d'une nouvelle autorisation administrative pr\u00e9alable au terme du d\u00e9lai des cinq ans  : une\nnouvelle demande devra \u00eatre d\u00e9pos\u00e9e par t\u00e9l\u00e9proc\u00e9dure disponible sur le site \u00abvideoprotection.interieur.gouv.fr\u00bb, quatre mois avant l'\u00e9ch\u00e9ance\nde ce d\u00e9lai.\nArt. 9 : Les autres dispositions pr\u00e9vues par l'arr\u00eat\u00e9 pr\u00e9fectoral susvis\u00e9 demeurent applicables.\nSign\u00e9 : Pour le pr\u00e9fet et par d\u00e9l\u00e9gation, le sous-pr\u00e9fet d'Avranches : Gilles TRAIMOND\n\uf0bf\nArr\u00eat\u00e9 n\u00b0 2023-41 du 5 avril 2023 portant modification d'un syst\u00e8me de vid\u00e9oprotection - CENTRE COMMERCIAL AUCHAN \u00e0\nCHERBOURG-EN-COTENTIN\nArt. 1 : Monsieur FABRICE JAMES est autoris\u00e9, dans les conditions fix\u00e9es au pr\u00e9sent arr\u00eat\u00e9 et pour une dur\u00e9e de cinq ans renouvelable, \u00e0\nmodifier l'installation de vid\u00e9oprotection au sein de l'\u00e9tablissement CENTRE COMMERCIAL AUCHAN  La Glacerie 50470 CHERBOURG-EN-\nCOTENTIN, conform\u00e9ment au dossier annex\u00e9 \u00e0 la demande enregistr\u00e9e sous le num\u00e9ro 2013/0156.\nArt. 2 : Cette modification intervient sur l'installation de vid\u00e9oprotection pr\u00e9c\u00e9demment autoris\u00e9e par arr\u00eat\u00e9 pr\u00e9fectoral susvis\u00e9.\nArt. 3  : La modification porte sur l'ajout de 23 cam\u00e9ras int\u00e9rieures et 4 cam\u00e9ras ext\u00e9rieures. Le syst\u00e8me comporte d\u00e9sormais 53 cam\u00e9ras\nint\u00e9rieures et 21 cam\u00e9ras ext\u00e9rieures.\nLa dur\u00e9e de conservation des images passe de 15 \u00e0 30 jours.\nLe droit d'acc\u00e8s aux images s'exercera aupr\u00e8s du responsable s\u00e9curit\u00e9.\nArt. 4 : Monsieur FABRICE JAMES, responsable de la mise en \u0153uvre du syst\u00e8me doit se porter garant des personnes susceptibles d'intervenir\ndans l'exploitation ou le visionnage des images, ainsi que dans la maintenance du syst\u00e8me mis en place. Des consignes tr\u00e8s pr\u00e9cises sur la\nconfidentialit\u00e9 des images capt\u00e9es ou/et enregistr\u00e9es et des atteintes \u00e0 la vie priv\u00e9e qu'elles peuvent \u00e9ventuellement impliquer sont donn\u00e9es \u00e0\ntoutes les personnes concern\u00e9es.\nArt. 5 : Toute modification pr\u00e9sentant un caract\u00e8re substantiel devra faire l'objet d'une d\u00e9claration aupr\u00e8s des services pr\u00e9fectoraux, notamment\nchangement d'activit\u00e9 dans les lieux prot\u00e9g\u00e9s, changement dans la configuration des lieux, changement affectant la protection des images.\nArt. 6 : Sans pr\u00e9judice des sanctions p\u00e9nales applicables, la pr\u00e9sente autorisation peut, apr\u00e8s que l'int\u00e9ress\u00e9 ait \u00e9t\u00e9 mis \u00e0 m\u00eame de pr\u00e9senter\nses observations, \u00eatre retir\u00e9e en cas de manquement aux dispositions figurant aux articles L.251-2, L.251-3, L.252-1 \u00e0 L.252-6, L.253-1 \u00e0\nL.253-5 et R.251-1 \u00e0 R.253-4 du code de la s\u00e9curit\u00e9 int\u00e9rieure susvis\u00e9 ou encore en cas de modification des conditions au vu desquelles cette\nautorisation a \u00e9t\u00e9 d\u00e9livr\u00e9e.\nArt. 7 : La pr\u00e9sente autorisation peut faire l'objet d'un recours devant le Tribunal Administratif de Caen dans un d\u00e9lai de deux mois \u00e0 compter de\nla date de sa notification \u00e0 l'int\u00e9ress\u00e9.\nArt. 8  : Le syst\u00e8me concern\u00e9 devra faire l'objet d'une nouvelle autorisation administrative pr\u00e9alable au terme du d\u00e9lai des cinq ans  : une\nnouvelle demande devra \u00eatre d\u00e9pos\u00e9e par t\u00e9l\u00e9proc\u00e9dure disponible sur le site \u00abvideoprotection.interieur.gouv.fr\u00bb, quatre mois avant l'\u00e9ch\u00e9ance\nde ce d\u00e9lai.\nArt. 9 : Les autres dispositions pr\u00e9vues par l'arr\u00eat\u00e9 pr\u00e9fectoral susvis\u00e9 demeurent applicables.\nSign\u00e9 : Pour le pr\u00e9fet et par d\u00e9l\u00e9gation, le sous-pr\u00e9fet d'Avranches : Gilles TRAIMOND\n\uf0bf\nArr\u00eat\u00e9 n\u00b0 2023-42 du 5 avril 2023 portant modification d'un syst\u00e8me de vid\u00e9oprotection - LIDL \u00e0  GRANVILLE\nArt. 1  : Monsieur Jean-Michel LE GUILLERMIC est autoris\u00e9, dans les conditions fix\u00e9es au pr\u00e9sent arr\u00eat\u00e9 et pour une dur\u00e9e de cinq ans\nrenouvelable,  \u00e0  modifier  l'installation  de  vid\u00e9oprotection  au  sein  de  l'\u00e9tablissement  LIDL 53  rue  Aristide  Briand   50400  GRANVILLE,\nconform\u00e9ment au dossier annex\u00e9 \u00e0 la demande enregistr\u00e9e sous le num\u00e9ro 2013/0159.\nArt. 2 : Cette modification intervient sur l'installation de vid\u00e9oprotection pr\u00e9c\u00e9demment autoris\u00e9e par arr\u00eat\u00e9 pr\u00e9fectoral susvis\u00e9.\nArt. 3  : La modification porte sur l'ajout de 1 cam\u00e9ra ext\u00e9rieure. Le syst\u00e8me comporte d\u00e9sormais  12 cam\u00e9ras int\u00e9rieures et 1 cam\u00e9ra\next\u00e9rieure.\nLa dur\u00e9e de conservation des images est fix\u00e9e \u00e0 10 jours.\nLe droit d'acc\u00e8s aux images s'exercera aupr\u00e8s du responsable administratif.\nArt. 4 : Monsieur Jean-Michel LE GUILLERMIC, responsable de la mise en \u0153uvre du syst\u00e8me doit se porter garant des personnes susceptibles\nd'intervenir dans l'exploitation ou le visionnage des images, ainsi que dans la maintenance du syst\u00e8me mis en place. Des consignes tr\u00e8s\npr\u00e9cises sur la confidentialit\u00e9 des images capt\u00e9es ou/et enregistr\u00e9es et des atteintes \u00e0 la vie priv\u00e9e qu'elles peuvent \u00e9ventuellement impliquer\nsont donn\u00e9es \u00e0 toutes les personnes concern\u00e9es.\nArt. 5 : Toute modification pr\u00e9sentant un caract\u00e8re substantiel devra faire l'objet d'une d\u00e9claration aupr\u00e8s des services pr\u00e9fectoraux, notamment\nchangement d'activit\u00e9 dans les lieux prot\u00e9g\u00e9s, changement dans la configuration des lieux, changement affectant la protection des images.\nArt. 6 : Sans pr\u00e9judice des sanctions p\u00e9nales applicables, la pr\u00e9sente autorisation peut, apr\u00e8s que l'int\u00e9ress\u00e9 ait \u00e9t\u00e9 mis \u00e0 m\u00eame de pr\u00e9senter\nses observations, \u00eatre retir\u00e9e en cas de manquement aux dispositions figurant aux articles L.251-2, L.251-3, L.252-1 \u00e0 L.252-6, L.253-1 \u00e0\nL.253-5 et R.251-1 \u00e0 R.253-4 du code de la s\u00e9curit\u00e9 int\u00e9rieure susvis\u00e9 ou encore en cas de modification des conditions au vu desquelles cette\nautorisation a \u00e9t\u00e9 d\u00e9livr\u00e9e.\nArt. 7 : La pr\u00e9sente autorisation peut faire l'objet d'un recours devant le Tribunal Administratif de Caen dans un d\u00e9lai de deux mois \u00e0 compter de\nla date de sa notification \u00e0 l'int\u00e9ress\u00e9.\nArt. 8  : Le syst\u00e8me concern\u00e9 devra faire l'objet d'une nouvelle autorisation administrative pr\u00e9alable au terme du d\u00e9lai des cinq ans  : une\nnouvelle demande devra \u00eatre d\u00e9pos\u00e9e par t\u00e9l\u00e9proc\u00e9dure disponible sur le site \u00abvideoprotection.interieur.gouv.fr\u00bb, quatre mois avant l'\u00e9ch\u00e9ance\nde ce d\u00e9lai.\nArt. 9 : Les autres dispositions pr\u00e9vues par l'arr\u00eat\u00e9 pr\u00e9fectoral susvis\u00e9 demeurent applicables.\nSign\u00e9 : Pour le pr\u00e9fet et par d\u00e9l\u00e9gation, le sous-pr\u00e9fet d'Avranches : Gilles TRAIMOND\n\uf0bf\nArr\u00eat\u00e9 n\u00b0 2023-43 du 5 avril 2023 portant modification d'un syst\u00e8me de vid\u00e9oprotection - BAR TABAC PRESSE LOTO - SNC\nDELACOUDRE \u00e0 SAINT-SAUVEUR-LE-VICOMTE\nArt. 1 : Madame Anne-Sophie LENOBLE est autoris\u00e9e, dans les conditions fix\u00e9es au pr\u00e9sent arr\u00eat\u00e9 et pour une dur\u00e9e de cinq ans renouvelable,\n\u00e0 modifier l'installation de vid\u00e9oprotection au sein de l'\u00e9tablissement BAR TABAC PRESSE LOTO - SNC DELACOUDRE 7 place Ernest\nLegrand  50390 SAINT-SAUVEUR-LE-VICOMTE, conform\u00e9ment au dossier annex\u00e9 \u00e0 la demande enregistr\u00e9e sous le num\u00e9ro 2014/0021.\nArt. 2 : Cette modification intervient car changement de propri\u00e9taire.\nArt. 3 : La modification porte sur la dur\u00e9e de conservation des images qui passe de 7 \u00e0 15 jours.\nLe droit d'acc\u00e8s aux images s'exercera aupr\u00e8s du g\u00e9rant.\nArt. 4  : Madame Anne-Sophie LENOBLE, responsable de la mise en \u0153uvre du syst\u00e8me doit se porter garante des personnes susceptibles\nd'intervenir dans l'exploitation ou le visionnage des images, ainsi que dans la maintenance du syst\u00e8me mis en place. Des consignes tr\u00e8s\npr\u00e9cises sur la confidentialit\u00e9 des images capt\u00e9es ou/et enregistr\u00e9es et des atteintes \u00e0 la vie priv\u00e9e qu'elles peuvent \u00e9ventuellement impliquer\nsont donn\u00e9es \u00e0 toutes les personnes concern\u00e9es.\nArt. 5 : Toute modification pr\u00e9sentant un caract\u00e8re substantiel devra faire l'objet d'une d\u00e9claration aupr\u00e8s des services pr\u00e9fectoraux, notamment\nchangement d'activit\u00e9 dans les lieux prot\u00e9g\u00e9s, changement dans la configuration des lieux, changement affectant la protection des images.\nArt. 6 : Sans pr\u00e9judice des sanctions p\u00e9nales applicables, la pr\u00e9sente autorisation peut, apr\u00e8s que l'int\u00e9ress\u00e9e ait \u00e9t\u00e9 mis \u00e0 m\u00eame de pr\u00e9senter\nses observations, \u00eatre retir\u00e9e en cas de manquement aux dispositions figurant aux articles L.251-2, L.251-3, L.252-1 \u00e0 L.252-6, L.253-1 \u00e0\nL.253-5 et R.251-1 \u00e0 R.253-4 du code de la s\u00e9curit\u00e9 int\u00e9rieure susvis\u00e9 ou encore en cas de modification des conditions au vu desquelles cette\nautorisation a \u00e9t\u00e9 d\u00e9livr\u00e9e.\nArt. 7 : La pr\u00e9sente autorisation peut faire l'objet d'un recours devant le Tribunal Administratif de Caen dans un d\u00e9lai de deux mois \u00e0 compter de\nla date de sa notification \u00e0 l'int\u00e9ress\u00e9e.\nArt. 8  : Le syst\u00e8me concern\u00e9 devra faire l'objet d'une nouvelle autorisation administrative pr\u00e9alable au terme du d\u00e9lai des cinq ans  : une\nnouvelle demande devra \u00eatre d\u00e9pos\u00e9e par t\u00e9l\u00e9proc\u00e9dure disponible sur le site \u00abvideoprotection.interieur.gouv.fr\u00bb, quatre mois avant l'\u00e9ch\u00e9ance\nde ce d\u00e9lai.\nArt. 9 : Les autres dispositions pr\u00e9vues par l'arr\u00eat\u00e9 pr\u00e9fectoral susvis\u00e9 demeurent applicables.\nSign\u00e9 : Pour le pr\u00e9fet et par d\u00e9l\u00e9gation, le sous-pr\u00e9fet d'Avranches : Gilles TRAIMOND\n\uf0bf\nArr\u00eat\u00e9 n\u00b0 2023-44 du 5 avril 2023 portant modification d'un syst\u00e8me de vid\u00e9oprotection - Ville de Cherbourg-en-Cotentin \nArt. 1 : Monsieur Beno\u00eet ARRIVE, maire de Cherbourg-en-Cotentin est autoris\u00e9, dans les conditions fix\u00e9es au pr\u00e9sent arr\u00eat\u00e9 et pour une dur\u00e9e\nde cinq ans renouvelable, \u00e0 modifier l'installation de vid\u00e9oprotection au sein de l'\u00e9tablissement Ville de Cherbourg-en-Cotentin   50100\nCHERBOURG-EN-COTENTIN, conform\u00e9ment au dossier annex\u00e9 \u00e0 la demande enregistr\u00e9e sous le num\u00e9ro 2017/0158.\nArt. 2 : Cette modification intervient sur l'installation de vid\u00e9oprotection pr\u00e9c\u00e9demment autoris\u00e9e par arr\u00eat\u00e9 pr\u00e9fectoral susvis\u00e9.\nArt. 3 : La modification porte sur l'ajout de 8 cam\u00e9ras voie publique. Le syst\u00e8me comporte d\u00e9sormais  12 cam\u00e9ras voie publique.\nLa dur\u00e9e de conservation des images est fix\u00e9e \u00e0 30 jours.\nLe droit d'acc\u00e8s aux images s'exercera aupr\u00e8s du maire.\nArt. 4 : Monsieur Beno\u00eet ARRIVE, responsable de la mise en \u0153uvre du syst\u00e8me doit se porter garant des personnes susceptibles d'intervenir\ndans l'exploitation ou le visionnage des images, ainsi que dans la maintenance du syst\u00e8me mis en place. Des consignes tr\u00e8s pr\u00e9cises sur la\nconfidentialit\u00e9 des images capt\u00e9es ou/et enregistr\u00e9es et des atteintes \u00e0 la vie priv\u00e9e qu'elles peuvent \u00e9ventuellement impliquer sont donn\u00e9es \u00e0\ntoutes les personnes concern\u00e9es.\nArt. 5 : Toute modification pr\u00e9sentant un caract\u00e8re substantiel devra faire l'objet d'une d\u00e9claration aupr\u00e8s des services pr\u00e9fectoraux, notamment\nchangement d'activit\u00e9 dans les lieux prot\u00e9g\u00e9s, changement dans la configuration des lieux, changement affectant la protection des images.\nArt. 6 : Sans pr\u00e9judice des sanctions p\u00e9nales applicables, la pr\u00e9sente autorisation peut, apr\u00e8s que l'int\u00e9ress\u00e9 ait \u00e9t\u00e9 mis \u00e0 m\u00eame de pr\u00e9senter\nses observations, \u00eatre retir\u00e9e en cas de manquement aux dispositions figurant aux articles L.251-2, L.251-3, L.252-1 \u00e0 L.252-6, L.253-1 \u00e0\nL.253-5 et R.251-1 \u00e0 R.253-4 du code de la s\u00e9curit\u00e9 int\u00e9rieure susvis\u00e9 ou encore en cas de modification des conditions au vu desquelles cette\nautorisation a \u00e9t\u00e9 d\u00e9livr\u00e9e.\nArt. 7 : La pr\u00e9sente autorisation peut faire l'objet d'un recours devant le Tribunal Administratif de Caen dans un d\u00e9lai de deux mois \u00e0 compter de\nla date de sa notification \u00e0 l'int\u00e9ress\u00e9.\nArt. 8  : Le syst\u00e8me concern\u00e9 devra faire l'objet d'une nouvelle autorisation administrative pr\u00e9alable au terme du d\u00e9lai des cinq ans  : une\nnouvelle demande devra \u00eatre d\u00e9pos\u00e9e par t\u00e9l\u00e9proc\u00e9dure disponible sur le site \u00abvideoprotection.interieur.gouv.fr\u00bb, quatre mois avant l'\u00e9ch\u00e9ance\nde ce d\u00e9lai.\nArt. 9 : Les autres dispositions pr\u00e9vues par l'arr\u00eat\u00e9 pr\u00e9fectoral susvis\u00e9 demeurent applicables.\nSign\u00e9 : Pour le pr\u00e9fet et par d\u00e9l\u00e9gation, le sous-pr\u00e9fet d'Avranches : Gilles TRAIMOND\n\uf0bf\nArr\u00eat\u00e9 n\u00b0 2023-45 du 5 avril 2023  portant modification d'un syst\u00e8me de vid\u00e9oprotection - Boulangerie Louise \u00e0 AVRANCHES\nArt. 1 : Monsieur Michael FERJANI est autoris\u00e9, dans les conditions fix\u00e9es au pr\u00e9sent arr\u00eat\u00e9 et pour une dur\u00e9e de cinq ans renouvelable, \u00e0\nmodifier l'installation de vid\u00e9oprotection au sein de l'\u00e9tablissement Boulangerie Louise Centre Commercial CARREFOUR - Parc de la Baie\nSaint-Martin-des-Champs 50300 AVRANCHES, conform\u00e9ment au dossier annex\u00e9 \u00e0 la demande enregistr\u00e9e sous le num\u00e9ro 2019/0164.\nArt. 2 : Cette modification intervient sur l'installation de vid\u00e9oprotection pr\u00e9c\u00e9demment autoris\u00e9e par arr\u00eat\u00e9 pr\u00e9fectoral susvis\u00e9.\nArt. 3 : La modification porte sur l'ajout de 2 cam\u00e9ras int\u00e9rieures. Le syst\u00e8me comporte d\u00e9sormais 4 cam\u00e9ras int\u00e9rieures.\nLa dur\u00e9e de conservation des images passe de 15 \u00e0 30 jours.\nLe droit d'acc\u00e8s aux images s'exercera aupr\u00e8s du directeur op\u00e9rationnel.\nArt. 4 : Monsieur Michael FERJANI, responsable de la mise en \u0153uvre du syst\u00e8me doit se porter garant des personnes susceptibles d'intervenir\ndans l'exploitation ou le visionnage des images, ainsi que dans la maintenance du syst\u00e8me mis en place. Des consignes tr\u00e8s pr\u00e9cises sur la\nconfidentialit\u00e9 des images capt\u00e9es ou/et enregistr\u00e9es et des atteintes \u00e0 la vie priv\u00e9e qu'elles peuvent \u00e9ventuellement impliquer sont donn\u00e9es \u00e0\ntoutes les personnes concern\u00e9es.\nArt. 5 : Toute modification pr\u00e9sentant un caract\u00e8re substantiel devra faire l'objet d'une d\u00e9claration aupr\u00e8s des services pr\u00e9fectoraux, notamment\nchangement d'activit\u00e9 dans les lieux prot\u00e9g\u00e9s, changement dans la configuration des lieux, changement affectant la protection des images.\nArt. 6 : Sans pr\u00e9judice des sanctions p\u00e9nales applicables, la pr\u00e9sente autorisation peut, apr\u00e8s que l'int\u00e9ress\u00e9 ait \u00e9t\u00e9 mis \u00e0 m\u00eame de pr\u00e9senter\nses observations, \u00eatre retir\u00e9e en cas de manquement aux dispositions figurant aux articles L.251-2, L.251-3, L.252-1 \u00e0 L.252-6, L.253-1 \u00e0\nL.253-5 et R.251-1 \u00e0 R.253-4 du code de la s\u00e9curit\u00e9 int\u00e9rieure susvis\u00e9 ou encore en cas de modification des conditions au vu desquelles cette\nautorisation a \u00e9t\u00e9 d\u00e9livr\u00e9e.\nArt. 7 : La pr\u00e9sente autorisation peut faire l'objet d'un recours devant le Tribunal Administratif de Caen dans un d\u00e9lai de deux mois \u00e0 compter de\nla date de sa notification \u00e0 l'int\u00e9ress\u00e9.\nArt. 8  : Le syst\u00e8me concern\u00e9 devra faire l'objet d'une nouvelle autorisation administrative pr\u00e9alable au terme du d\u00e9lai des cinq ans  : une\nnouvelle demande devra \u00eatre d\u00e9pos\u00e9e par t\u00e9l\u00e9proc\u00e9dure disponible sur le site \u00abvideoprotection.interieur.gouv.fr\u00bb, quatre mois avant l'\u00e9ch\u00e9ance\nde ce d\u00e9lai.\nArt. 9 : Les autres dispositions pr\u00e9vues par l'arr\u00eat\u00e9 pr\u00e9fectoral susvis\u00e9 demeurent applicables.\nSign\u00e9 : Pour le pr\u00e9fet et par d\u00e9l\u00e9gation, le sous-pr\u00e9fet d'Avranches : Gilles TRAIMOND\n\uf0bf\nArr\u00eat\u00e9 n\u00b0 2023-46 du 5 avril 2023 portant modification d'un syst\u00e8me de vid\u00e9oprotection - Commune de SAINT-SAUVEUR-LE-VICOMTE\nArt. 1 : Monsieur le maire de Saint-Sauveur-le-Vicomte est autoris\u00e9, dans les conditions fix\u00e9es au pr\u00e9sent arr\u00eat\u00e9 et pour une dur\u00e9e de cinq ans\nrenouvelable, \u00e0 modifier l'installation de vid\u00e9oprotection au sein de la commune de Saint Sauveur le Vicomte p\u00e9rim\u00e8tre vid\u00e9oprot\u00e9g\u00e9 50390\nSAINT-SAUVEUR-LE-VICOMTE, conform\u00e9ment au dossier annex\u00e9 \u00e0 la demande enregistr\u00e9e sous le num\u00e9ro 2020/0072.\nArt. 2 : Cette modification intervient sur l'installation de vid\u00e9oprotection pr\u00e9c\u00e9demment autoris\u00e9e par arr\u00eat\u00e9 pr\u00e9fectoral susvis\u00e9.\nArt. 3 : La modification porte sur la dur\u00e9e de conservation des images. Elle passe de 21 \u00e0 20 jours.\nLe droit d'acc\u00e8s aux images s'exercera aupr\u00e8s du maire.\nArt. 4  : Monsieur le maire de Saint-Sauveur-le-Vicomte, responsable de la mise en \u0153uvre du syst\u00e8me doit se porter garant des personnes\nsusceptibles d'intervenir dans l'exploitation ou le visionnage des images, ainsi que dans la maintenance du syst\u00e8me mis en place. Des\nconsignes  tr\u00e8s  pr\u00e9cises  sur  la  confidentialit\u00e9  des  images  capt\u00e9es  ou/et  enregistr\u00e9es  et  des  atteintes  \u00e0  la  vie  priv\u00e9e  qu'elles  peuvent\n\u00e9ventuellement impliquer sont donn\u00e9es \u00e0 toutes les personnes concern\u00e9es.\nArt. 5 : Toute modification pr\u00e9sentant un caract\u00e8re substantiel devra faire l'objet d'une d\u00e9claration aupr\u00e8s des services pr\u00e9fectoraux, notamment\nchangement d'activit\u00e9 dans les lieux prot\u00e9g\u00e9s, changement dans la configuration des lieux, changement affectant la protection des images.\nArt. 6 : Sans pr\u00e9judice des sanctions p\u00e9nales applicables, la pr\u00e9sente autorisation peut, apr\u00e8s que l'int\u00e9ress\u00e9 ait \u00e9t\u00e9 mis \u00e0 m\u00eame de pr\u00e9senter\nses observations, \u00eatre retir\u00e9e en cas de manquement aux dispositions figurant aux articles L.251-2, L.251-3, L.252-1 \u00e0 L.252-6, L.253-1 \u00e0\nL.253-5 et R.251-1 \u00e0 R.253-4 du code de la s\u00e9curit\u00e9 int\u00e9rieure susvis\u00e9 ou encore en cas de modification des conditions au vu desquelles cette\nautorisation a \u00e9t\u00e9 d\u00e9livr\u00e9e.\nArt. 7 : La pr\u00e9sente autorisation peut faire l'objet d'un recours devant le Tribunal Administratif de Caen dans un d\u00e9lai de deux mois \u00e0 compter de\nla date de sa notification \u00e0 l'int\u00e9ress\u00e9.\nArt. 8  : Le syst\u00e8me concern\u00e9 devra faire l'objet d'une nouvelle autorisation administrative pr\u00e9alable au terme du d\u00e9lai des cinq ans  : une\nnouvelle demande devra \u00eatre d\u00e9pos\u00e9e par t\u00e9l\u00e9proc\u00e9dure disponible sur le site \u00abvideoprotection.interieur.gouv.fr\u00bb, quatre mois avant l'\u00e9ch\u00e9ance\nde ce d\u00e9lai.\nArt. 9 : Les autres dispositions pr\u00e9vues par l'arr\u00eat\u00e9 pr\u00e9fectoral susvis\u00e9 demeurent applicables.\nSign\u00e9 : Pour le pr\u00e9fet et par d\u00e9l\u00e9gation, le sous-pr\u00e9fet d'Avranches : Gilles TRAIMOND\n\uf0bf\nArr\u00eat\u00e9 n\u00b0 2023-48 du 5 avril 2023 portant autorisation d'un syst\u00e8me de vid\u00e9oprotection - Centre hospitalier de proximit\u00e9 \u00e0\nCARENTAN-LES-MARAIS\nConsid\u00e9rant que ce lieu est particuli\u00e8rement expos\u00e9 \u00e0 des risques d'agression ou de vol ;\nConsid\u00e9rant le caract\u00e8re proportionn\u00e9 du nombre de cam\u00e9ras envisag\u00e9es au regard des risques susmentionn\u00e9s ;\nArt. 1 : Madame Laurence Postel est autoris\u00e9e, dans les conditions fix\u00e9es au pr\u00e9sent arr\u00eat\u00e9 et pour une dur\u00e9e de cinq ans renouvelable, \u00e0\ninstaller 10 cam\u00e9ras ext\u00e9rieures de vid\u00e9oprotection au sein de l'\u00e9tablissement centre hospitalier de proximit\u00e9 de Carentan les Marais 1 avenue\nqui qu'en grogne  50500 CARENTAN-LES-MARAIS, conform\u00e9ment au dossier pr\u00e9sent\u00e9 et annex\u00e9 \u00e0 la demande enregistr\u00e9e sous le num\u00e9ro\n2022/0161.\nLe syst\u00e8me consid\u00e9r\u00e9 r\u00e9pond aux finalit\u00e9s pr\u00e9vues par le code de la s\u00e9curit\u00e9 int\u00e9rieure :\nS\u00e9curit\u00e9 des personnes, Protection des b\u00e2timents publics.\nArt. 2 : Le public est inform\u00e9 de la pr\u00e9sence de ces cam\u00e9ras, dans l'\u00e9tablissement cit\u00e9 \u00e0 l'article 1er, par une signal\u00e9tique appropri\u00e9e :\n- de mani\u00e8re claire, permanente et significative, \u00e0 chaque point d'acc\u00e8s du public, de l'existence du syst\u00e8me de vid\u00e9oprotection ;\n- \u00e0 chaque point d'acc\u00e8s du public, des affichettes mentionnent les r\u00e9f\u00e9rences du code de la s\u00e9curit\u00e9 int\u00e9rieure susvis\u00e9 et les coordonn\u00e9es du\nresponsable de l'\u00e9tablissement aupr\u00e8s duquel s'exerce le droit d'acc\u00e8s aux images.\nLe droit d'acc\u00e8s aux images pourra s'exercer aupr\u00e8s de la directrice .\nArt. 3  : Hormis le cas d'une enqu\u00eate de flagrant d\u00e9lit, d'une enqu\u00eate pr\u00e9liminaire ou d'une information judiciaire, les enregistrements sont\nd\u00e9truits dans un d\u00e9lai maximum de 14 jours.\nArt. 4 : Madame Laurence Postel, responsable de la mise en \u0153uvre du syst\u00e8me doit se porter garante des personnes susceptibles d'intervenir\ndans l'exploitation ou le visionnage des images, ainsi que dans la maintenance du syst\u00e8me mis en place. Des consignes tr\u00e8s pr\u00e9cises sur la\nconfidentialit\u00e9 des images capt\u00e9es ou/et enregistr\u00e9es et des atteintes \u00e0 la vie priv\u00e9e qu'elles peuvent \u00e9ventuellement impliquer sont donn\u00e9es \u00e0\ntoutes les personnes concern\u00e9es.\nArt. 5 : Toute modification pr\u00e9sentant un caract\u00e8re substantiel devra faire l'objet d'une d\u00e9claration aupr\u00e8s des services pr\u00e9fectoraux, notamment\nchangement d'activit\u00e9 dans les lieux prot\u00e9g\u00e9s, changement dans la configuration des lieux, changement affectant la protection des images.\nArt. 6 : Sans pr\u00e9judice des sanctions p\u00e9nales applicables, la pr\u00e9sente autorisation peut, apr\u00e8s que l'int\u00e9ress\u00e9e ait \u00e9t\u00e9 mis \u00e0 m\u00eame de pr\u00e9senter\nses observations, \u00eatre retir\u00e9e en cas de manquement aux dispositions figurant aux articles L.251-2, L.251-3, L.252-1 \u00e0 L.252-6, L.253-1 \u00e0\nL.253-5 et R.251-1 \u00e0 R.253-4 du code de la s\u00e9curit\u00e9 int\u00e9rieure susvis\u00e9 ou encore en cas de modification des conditions au vu desquelles cette\nautorisation a \u00e9t\u00e9 d\u00e9livr\u00e9e.\nArt. 7 : La pr\u00e9sente autorisation peut faire l'objet d'un recours devant le Tribunal Administratif de Caen dans un d\u00e9lai de deux mois \u00e0 compter de\nla date de sa notification \u00e0 l'int\u00e9ress\u00e9e.\nArt. 8  : Le syst\u00e8me concern\u00e9 devra faire l'objet d'une nouvelle autorisation administrative pr\u00e9alable au terme du d\u00e9lai des cinq ans  : une\nnouvelle demande devra \u00eatre d\u00e9pos\u00e9e par t\u00e9l\u00e9proc\u00e9dure disponible sur le site \u00abvideoprotection.interieur.gouv.fr\u00bb, quatre mois avant l'\u00e9ch\u00e9ance\nde ce d\u00e9lai.\nSign\u00e9 : Pour le pr\u00e9fet et par d\u00e9l\u00e9gation, le sous-pr\u00e9fet d'Avranches : Gilles TRAIMOND\n\uf0bf\nArr\u00eat\u00e9 n\u00b0 2023-49 du 5 avril 2023 portant autorisation d'un syst\u00e8me de vid\u00e9oprotection - SAS GTFL \u00e0 CHERBOURG-EN-COTENTIN\nConsid\u00e9rant que ce lieu est particuli\u00e8rement expos\u00e9 \u00e0 des risques d'agression ou de vol ;\nConsid\u00e9rant le caract\u00e8re proportionn\u00e9 du nombre de cam\u00e9ras envisag\u00e9es au regard des risques susmentionn\u00e9s ;\nArt. 1  : Madame SOPHIE EUDE est autoris\u00e9e, dans les conditions fix\u00e9es au pr\u00e9sent arr\u00eat\u00e9 et pour une dur\u00e9e de cinq ans renouvelable, \u00e0\ninstaller 5 cam\u00e9ras int\u00e9rieures de vid\u00e9oprotection au sein de l'\u00e9tablissement SAS GTFL 23 rue du Mar\u00e9chal Foch  50100 CHERBOURG-EN-\nCOTENTIN, conform\u00e9ment au dossier pr\u00e9sent\u00e9 et annex\u00e9 \u00e0 la demande enregistr\u00e9e sous le num\u00e9ro 2022/0181.\nLe syst\u00e8me consid\u00e9r\u00e9 r\u00e9pond aux finalit\u00e9s pr\u00e9vues par le code de la s\u00e9curit\u00e9 int\u00e9rieure :\nS\u00e9curit\u00e9 des personnes, Pr\u00e9vention des atteintes aux biens, Lutte contre la d\u00e9marque inconnue.\nArt. 2 : Le public est inform\u00e9 de la pr\u00e9sence de ces cam\u00e9ras, dans l'\u00e9tablissement cit\u00e9 \u00e0 l'article 1er, par une signal\u00e9tique appropri\u00e9e :\n- de mani\u00e8re claire, permanente et significative, \u00e0 chaque point d'acc\u00e8s du public, de l'existence du syst\u00e8me de vid\u00e9oprotection ;\n- \u00e0 chaque point d'acc\u00e8s du public, des affichettes mentionnent les r\u00e9f\u00e9rences du code de la s\u00e9curit\u00e9 int\u00e9rieure susvis\u00e9 et les coordonn\u00e9es du\nresponsable de l'\u00e9tablissement aupr\u00e8s duquel s'exerce le droit d'acc\u00e8s aux images.\nLe droit d'acc\u00e8s aux images pourra s'exercer aupr\u00e8s du pr\u00e9sident.\nArt. 3  : Hormis le cas d'une enqu\u00eate de flagrant d\u00e9lit, d'une enqu\u00eate pr\u00e9liminaire ou d'une information judiciaire, les enregistrements sont\nd\u00e9truits dans un d\u00e9lai maximum de 15 jours.\nArt. 4 : Madame SOPHIE EUDE, responsable de la mise en \u0153uvre du syst\u00e8me doit se porter garante des personnes susceptibles d'intervenir\ndans l'exploitation ou le visionnage des images, ainsi que dans la maintenance du syst\u00e8me mis en place. Des consignes tr\u00e8s pr\u00e9cises sur la\nconfidentialit\u00e9 des images capt\u00e9es ou/et enregistr\u00e9es et des atteintes \u00e0 la vie priv\u00e9e qu'elles peuvent \u00e9ventuellement impliquer sont donn\u00e9es \u00e0\ntoutes les personnes concern\u00e9es.\nArt. 5 : Toute modification pr\u00e9sentant un caract\u00e8re substantiel devra faire l'objet d'une d\u00e9claration aupr\u00e8s des services pr\u00e9fectoraux, notamment\nchangement d'activit\u00e9 dans les lieux prot\u00e9g\u00e9s, changement dans la configuration des lieux, changement affectant la protection des images.\nArt. 6 : Sans pr\u00e9judice des sanctions p\u00e9nales applicables, la pr\u00e9sente autorisation peut, apr\u00e8s que l'int\u00e9ress\u00e9e ait \u00e9t\u00e9 mis \u00e0 m\u00eame de pr\u00e9senter\nses observations, \u00eatre retir\u00e9e en cas de manquement aux dispositions figurant aux articles L.251-2, L.251-3, L.252-1 \u00e0 L.252-6, L.253-1 \u00e0\nL.253-5 et R.251-1 \u00e0 R.253-4 du code de la s\u00e9curit\u00e9 int\u00e9rieure susvis\u00e9 ou encore en cas de modification des conditions au vu desquelles cette\nautorisation a \u00e9t\u00e9 d\u00e9livr\u00e9e.\nArt. 7 : La pr\u00e9sente autorisation peut faire l'objet d'un recours devant le Tribunal Administratif de Caen dans un d\u00e9lai de deux mois \u00e0 compter de\nla date de sa notification \u00e0 l'int\u00e9ress\u00e9e.\nArt. 8  : Le syst\u00e8me concern\u00e9 devra faire l'objet d'une nouvelle autorisation administrative pr\u00e9alable au terme du d\u00e9lai des cinq ans  : une\nnouvelle demande devra \u00eatre d\u00e9pos\u00e9e par t\u00e9l\u00e9proc\u00e9dure disponible sur le site \u00abvideoprotection.interieur.gouv.fr\u00bb, quatre mois avant l'\u00e9ch\u00e9ance\nde ce d\u00e9lai.\nSign\u00e9 : Pour le pr\u00e9fet et par d\u00e9l\u00e9gation, le sous-pr\u00e9fet d'Avranches : Gilles TRAIMOND\n\uf0bf\nArr\u00eat\u00e9 n\u00b0 2023-51 du 5 avril 2023 portant autorisation d'un syst\u00e8me de vid\u00e9oprotection - SELARL PHARMACIE DES CAPS \u00e0 LES\nPIEUX\nConsid\u00e9rant que ce lieu est particuli\u00e8rement expos\u00e9 \u00e0 des risques d'agression ou de vol ;\nConsid\u00e9rant le caract\u00e8re proportionn\u00e9 du nombre de cam\u00e9ras envisag\u00e9es au regard des risques susmentionn\u00e9s ;\nArt. 1  : Madame Tesson H\u00e9l\u00e8ne est autoris\u00e9e, dans les conditions fix\u00e9es au pr\u00e9sent arr\u00eat\u00e9 et pour une dur\u00e9e de cinq ans renouvelable, \u00e0\ninstaller 16 cam\u00e9ras int\u00e9rieures et 2 cam\u00e9ras ext\u00e9rieures de vid\u00e9oprotection au sein de l'\u00e9tablissement SELARL PHARMACIE DES CAPS 5 rue\ndes Bouvreuils  50340 LES PIEUX, conform\u00e9ment au dossier pr\u00e9sent\u00e9 et annex\u00e9 \u00e0 la demande enregistr\u00e9e sous le num\u00e9ro 2022/0258.\nLe syst\u00e8me consid\u00e9r\u00e9 r\u00e9pond aux finalit\u00e9s pr\u00e9vues par le code de la s\u00e9curit\u00e9 int\u00e9rieure :\nS\u00e9curit\u00e9 des personnes, Pr\u00e9vention des atteintes aux biens.\nArt. 2 : Le public est inform\u00e9 de la pr\u00e9sence de ces cam\u00e9ras, dans l'\u00e9tablissement cit\u00e9 \u00e0 l'article 1er, par une signal\u00e9tique appropri\u00e9e :\n- de mani\u00e8re claire, permanente et significative, \u00e0 chaque point d'acc\u00e8s du public, de l'existence du syst\u00e8me de vid\u00e9oprotection ;\n- \u00e0 chaque point d'acc\u00e8s du public, des affichettes mentionnent les r\u00e9f\u00e9rences du code de la s\u00e9curit\u00e9 int\u00e9rieure susvis\u00e9 et les coordonn\u00e9es du\nresponsable de l'\u00e9tablissement aupr\u00e8s duquel s'exerce le droit d'acc\u00e8s aux images.\nLe droit d'acc\u00e8s aux images pourra s'exercer aupr\u00e8s de H\u00e9l\u00e8ne TESSON.\nArt. 3  : Hormis le cas d'une enqu\u00eate de flagrant d\u00e9lit, d'une enqu\u00eate pr\u00e9liminaire ou d'une information judiciaire, les enregistrements sont\nd\u00e9truits dans un d\u00e9lai maximum de 30 jours.\nArt. 4 : Madame Tesson H\u00e9l\u00e8ne, responsable de la mise en \u0153uvre du syst\u00e8me doit se porter garante des personnes susceptibles d'intervenir\ndans l'exploitation ou le visionnage des images, ainsi que dans la maintenance du syst\u00e8me mis en place. Des consignes tr\u00e8s pr\u00e9cises sur la\nconfidentialit\u00e9 des images capt\u00e9es ou/et enregistr\u00e9es et des atteintes \u00e0 la vie priv\u00e9e qu'elles peuvent \u00e9ventuellement impliquer sont donn\u00e9es \u00e0\ntoutes les personnes concern\u00e9es.\nArt. 5 : Toute modification pr\u00e9sentant un caract\u00e8re substantiel devra faire l'objet d'une d\u00e9claration aupr\u00e8s des services pr\u00e9fectoraux, notamment\nchangement d'activit\u00e9 dans les lieux prot\u00e9g\u00e9s, changement dans la configuration des lieux, changement affectant la protection des images.\nArt. 6 : Sans pr\u00e9judice des sanctions p\u00e9nales applicables, la pr\u00e9sente autorisation peut, apr\u00e8s que l'int\u00e9ress\u00e9e ait \u00e9t\u00e9 mis \u00e0 m\u00eame de pr\u00e9senter\nses observations, \u00eatre retir\u00e9e en cas de manquement aux dispositions figurant aux articles L.251-2, L.251-3, L.252-1 \u00e0 L.252-6, L.253-1 \u00e0\nL.253-5 et R.251-1 \u00e0 R.253-4 du code de la s\u00e9curit\u00e9 int\u00e9rieure susvis\u00e9 ou encore en cas de modification des conditions au vu desquelles cette\nautorisation a \u00e9t\u00e9 d\u00e9livr\u00e9e.\nArt. 7 : La pr\u00e9sente autorisation peut faire l'objet d'un recours devant le Tribunal Administratif de Caen dans un d\u00e9lai de deux mois \u00e0 compter de\nla date de sa notification \u00e0 l'int\u00e9ress\u00e9e.\nArt. 8  : Le syst\u00e8me concern\u00e9 devra faire l'objet d'une nouvelle autorisation administrative pr\u00e9alable au terme du d\u00e9lai des cinq ans  : une\nnouvelle demande devra \u00eatre d\u00e9pos\u00e9e par t\u00e9l\u00e9proc\u00e9dure disponible sur le site \u00abvideoprotection.interieur.gouv.fr\u00bb, quatre mois avant l'\u00e9ch\u00e9ance\nde ce d\u00e9lai.\nSign\u00e9 : Pour le pr\u00e9fet et par d\u00e9l\u00e9gation, le sous-pr\u00e9fet d'Avranches : Gilles TRAIMOND\n\uf0bf\nArr\u00eat\u00e9 n\u00b0 2023-52 du 5 avril 2023 portant autorisation d'un syst\u00e8me de vid\u00e9oprotection - LS Tubes \u00e0 SAINT-QUENTIN-SUR-LE-HOMME\nConsid\u00e9rant que ce lieu est particuli\u00e8rement expos\u00e9 \u00e0 des risques d'agression ou de vol ;\nConsid\u00e9rant le caract\u00e8re proportionn\u00e9 du nombre de cam\u00e9ras envisag\u00e9es au regard des risques susmentionn\u00e9s ;\nArt. 1  : Madame Sandra YGOUF est autoris\u00e9e, dans les conditions fix\u00e9es au pr\u00e9sent arr\u00eat\u00e9 et pour une dur\u00e9e de cinq ans renouvelable, \u00e0\ninstaller 2 cam\u00e9ras ext\u00e9rieures de vid\u00e9oprotection au sein de l'\u00e9tablissement LS Tubes 45 B rue des Estuaires  50220 SAINT-QUENTIN-SUR-\nLE-HOMME, conform\u00e9ment au dossier pr\u00e9sent\u00e9 et annex\u00e9 \u00e0 la demande enregistr\u00e9e sous le num\u00e9ro 2022/0301.\nLe syst\u00e8me consid\u00e9r\u00e9 r\u00e9pond aux finalit\u00e9s pr\u00e9vues par le code de la s\u00e9curit\u00e9 int\u00e9rieure :\nS\u00e9curit\u00e9 des personnes, Pr\u00e9vention des atteintes aux biens, Lutte contre la d\u00e9marque inconnue.\nArt. 2 : Le public est inform\u00e9 de la pr\u00e9sence de ces cam\u00e9ras, dans l'\u00e9tablissement cit\u00e9 \u00e0 l'article 1er, par une signal\u00e9tique appropri\u00e9e :\n- de mani\u00e8re claire, permanente et significative, \u00e0 chaque point d'acc\u00e8s du public, de l'existence du syst\u00e8me de vid\u00e9oprotection ;\n- \u00e0 chaque point d'acc\u00e8s du public, des affichettes mentionnent les r\u00e9f\u00e9rences du code de la s\u00e9curit\u00e9 int\u00e9rieure susvis\u00e9 et les coordonn\u00e9es du\nresponsable de l'\u00e9tablissement aupr\u00e8s duquel s'exerce le droit d'acc\u00e8s aux images.\nLe droit d'acc\u00e8s aux images pourra s'exercer aupr\u00e8s du g\u00e9rant.\nArt. 3  : Hormis le cas d'une enqu\u00eate de flagrant d\u00e9lit, d'une enqu\u00eate pr\u00e9liminaire ou d'une information judiciaire, les enregistrements sont\nd\u00e9truits dans un d\u00e9lai maximum de 30 jours.\nArt. 4 : Madame Sandra YGOUF, responsable de la mise en \u0153uvre du syst\u00e8me doit se porter garante des personnes susceptibles d'intervenir\ndans l'exploitation ou le visionnage des images, ainsi que dans la maintenance du syst\u00e8me mis en place. Des consignes tr\u00e8s pr\u00e9cises sur la\nconfidentialit\u00e9 des images capt\u00e9es ou/et enregistr\u00e9es et des atteintes \u00e0 la vie priv\u00e9e qu'elles peuvent \u00e9ventuellement impliquer sont donn\u00e9es \u00e0\ntoutes les personnes concern\u00e9es.\nArt. 5 : Toute modification pr\u00e9sentant un caract\u00e8re substantiel devra faire l'objet d'une d\u00e9claration aupr\u00e8s des services pr\u00e9fectoraux, notamment\nchangement d'activit\u00e9 dans les lieux prot\u00e9g\u00e9s, changement dans la configuration des lieux, changement affectant la protection des images.\nArt. 6 : Sans pr\u00e9judice des sanctions p\u00e9nales applicables, la pr\u00e9sente autorisation peut, apr\u00e8s que l'int\u00e9ress\u00e9e ait \u00e9t\u00e9 mis \u00e0 m\u00eame de pr\u00e9senter\nses observations, \u00eatre retir\u00e9e en cas de manquement aux dispositions figurant aux articles L.251-2, L.251-3, L.252-1 \u00e0 L.252-6, L.253-1 \u00e0\nL.253-5 et R.251-1 \u00e0 R.253-4 du code de la s\u00e9curit\u00e9 int\u00e9rieure susvis\u00e9 ou encore en cas de modification des conditions au vu desquelles cette\nautorisation a \u00e9t\u00e9 d\u00e9livr\u00e9e.\nArt. 7 : La pr\u00e9sente autorisation peut faire l'objet d'un recours devant le Tribunal Administratif de Caen dans un d\u00e9lai de deux mois \u00e0 compter de\nla date de sa notification \u00e0 l'int\u00e9ress\u00e9e.\nArt. 8  : Le syst\u00e8me concern\u00e9 devra faire l'objet d'une nouvelle autorisation administrative pr\u00e9alable au terme du d\u00e9lai des cinq ans  : une\nnouvelle demande devra \u00eatre d\u00e9pos\u00e9e par t\u00e9l\u00e9proc\u00e9dure disponible sur le site \u00abvideoprotection.interieur.gouv.fr\u00bb, quatre mois avant l'\u00e9ch\u00e9ance\nde ce d\u00e9lai.\nSign\u00e9 : Pour le pr\u00e9fet et par d\u00e9l\u00e9gation, le sous-pr\u00e9fet d'Avranches : Gilles TRAIMOND\n\uf0bf\nArr\u00eat\u00e9 n\u00b0 2023-53 du 5 avril 2023 portant autorisation d'un syst\u00e8me de vid\u00e9oprotection - M.L.D.V \u00e0 DONVILLE-LES-BAINS\nConsid\u00e9rant que ce lieu est particuli\u00e8rement expos\u00e9 \u00e0 des risques d'agression ou de vol ;\nConsid\u00e9rant le caract\u00e8re proportionn\u00e9 du nombre de cam\u00e9ras envisag\u00e9es au regard des risques susmentionn\u00e9s ;\nArt. 1 : Monsieur MATHIEU LEFEVRE est autoris\u00e9, dans les conditions fix\u00e9es au pr\u00e9sent arr\u00eat\u00e9 et pour une dur\u00e9e de cinq ans renouvelable, \u00e0\ninstaller 3 cam\u00e9ras int\u00e9rieures de vid\u00e9oprotection au sein de l'\u00e9tablissement M.L.D.V 216 route DE COUTANCES  50350 DONVILLE-LES-\nBAINS, conform\u00e9ment au dossier pr\u00e9sent\u00e9 et annex\u00e9 \u00e0 la demande enregistr\u00e9e sous le num\u00e9ro 2023/0001.\nLe syst\u00e8me consid\u00e9r\u00e9 r\u00e9pond aux finalit\u00e9s pr\u00e9vues par le code de la s\u00e9curit\u00e9 int\u00e9rieure :\nS\u00e9curit\u00e9 des personnes, Pr\u00e9vention des atteintes aux biens.\nArt. 2 : Le public est inform\u00e9 de la pr\u00e9sence de ces cam\u00e9ras, dans l'\u00e9tablissement cit\u00e9 \u00e0 l'article 1er, par une signal\u00e9tique appropri\u00e9e :\n- de mani\u00e8re claire, permanente et significative, \u00e0 chaque point d'acc\u00e8s du public, de l'existence du syst\u00e8me de vid\u00e9oprotection ;\n- \u00e0 chaque point d'acc\u00e8s du public, des affichettes mentionnent les r\u00e9f\u00e9rences du code de la s\u00e9curit\u00e9 int\u00e9rieure susvis\u00e9 et les coordonn\u00e9es du\nresponsable de l'\u00e9tablissement aupr\u00e8s duquel s'exerce le droit d'acc\u00e8s aux images.\nLe droit d'acc\u00e8s aux images pourra s'exercer aupr\u00e8s du g\u00e9rant.\nArt. 3  : Hormis le cas d'une enqu\u00eate de flagrant d\u00e9lit, d'une enqu\u00eate pr\u00e9liminaire ou d'une information judiciaire, les enregistrements sont\nd\u00e9truits dans un d\u00e9lai maximum de 07 jours.\nArt. 4  : Monsieur MATHIEU LEFEVRE, responsable de la mise en \u0153uvre du syst\u00e8me doit se porter garant des personnes susceptibles\nd'intervenir dans l'exploitation ou le visionnage des images, ainsi que dans la maintenance du syst\u00e8me mis en place. Des consignes tr\u00e8s\npr\u00e9cises sur la confidentialit\u00e9 des images capt\u00e9es ou/et enregistr\u00e9es et des atteintes \u00e0 la vie priv\u00e9e qu'elles peuvent \u00e9ventuellement impliquer\nsont donn\u00e9es \u00e0 toutes les personnes concern\u00e9es.\nArt. 5 : Toute modification pr\u00e9sentant un caract\u00e8re substantiel devra faire l'objet d'une d\u00e9claration aupr\u00e8s des services pr\u00e9fectoraux, notamment\nchangement d'activit\u00e9 dans les lieux prot\u00e9g\u00e9s, changement dans la configuration des lieux, changement affectant la protection des images.\nArt. 6 : Sans pr\u00e9judice des sanctions p\u00e9nales applicables, la pr\u00e9sente autorisation peut, apr\u00e8s que l'int\u00e9ress\u00e9 ait \u00e9t\u00e9 mis \u00e0 m\u00eame de pr\u00e9senter\nses observations, \u00eatre retir\u00e9e en cas de manquement aux dispositions figurant aux articles L.251-2, L.251-3, L.252-1 \u00e0 L.252-6, L.253-1 \u00e0\nL.253-5 et R.251-1 \u00e0 R.253-4 du code de la s\u00e9curit\u00e9 int\u00e9rieure susvis\u00e9 ou encore en cas de modification des conditions au vu desquelles cette\nautorisation a \u00e9t\u00e9 d\u00e9livr\u00e9e.\nArt. 7 : La pr\u00e9sente autorisation peut faire l'objet d'un recours devant le Tribunal Administratif de Caen dans un d\u00e9lai de deux mois \u00e0 compter de\nla date de sa notification \u00e0 l'int\u00e9ress\u00e9.\nArt. 8  : Le syst\u00e8me concern\u00e9 devra faire l'objet d'une nouvelle autorisation administrative pr\u00e9alable au terme du d\u00e9lai des cinq ans  : une\nnouvelle demande devra \u00eatre d\u00e9pos\u00e9e par t\u00e9l\u00e9proc\u00e9dure disponible sur le site \u00abvideoprotection.interieur.gouv.fr\u00bb, quatre mois avant l'\u00e9ch\u00e9ance\nde ce d\u00e9lai.\nSign\u00e9 : Pour le pr\u00e9fet et par d\u00e9l\u00e9gation, le sous-pr\u00e9fet d'Avranches : Gilles TRAIMOND\n\uf0bf\nArr\u00eat\u00e9 n\u00b0 2023-54 du 5 avril 2023 portant autorisation d'un syst\u00e8me de vid\u00e9oprotection - DOMITYS LES SALINES \u00e0 CHERBOURG-EN-\nCOTENTIN\nConsid\u00e9rant que ce lieu est particuli\u00e8rement expos\u00e9 \u00e0 des risques d'agression ou de vol ;\nConsid\u00e9rant le caract\u00e8re proportionn\u00e9 du nombre de cam\u00e9ras envisag\u00e9es au regard des risques susmentionn\u00e9s ;\nArt. 1  : Monsieur Baptiste ROZET est autoris\u00e9, dans les conditions fix\u00e9es au pr\u00e9sent arr\u00eat\u00e9 et pour une dur\u00e9e de cinq ans renouvelable, \u00e0\ninstaller 11 cam\u00e9ras int\u00e9rieures et 5 cam\u00e9ras ext\u00e9rieures de vid\u00e9oprotection au sein de l'\u00e9tablissement DOMITYS LES SALINES 61 avenue\nCarnot   50100 CHERBOURG-EN-COTENTIN,  conform\u00e9ment au dossier pr\u00e9sent\u00e9 et annex\u00e9 \u00e0 la demande enregistr\u00e9e sous le num\u00e9ro\n2023/0019.\nLe syst\u00e8me consid\u00e9r\u00e9 r\u00e9pond aux finalit\u00e9s pr\u00e9vues par le code de la s\u00e9curit\u00e9 int\u00e9rieure :\nS\u00e9curit\u00e9 des personnes, Pr\u00e9vention des atteintes aux biens.\nArt. 2 : Le public est inform\u00e9 de la pr\u00e9sence de ces cam\u00e9ras, dans l'\u00e9tablissement cit\u00e9 \u00e0 l'article 1er, par une signal\u00e9tique appropri\u00e9e :\n- de mani\u00e8re claire, permanente et significative, \u00e0 chaque point d'acc\u00e8s du public, de l'existence du syst\u00e8me de vid\u00e9oprotection ;\n- \u00e0 chaque point d'acc\u00e8s du public, des affichettes mentionnent les r\u00e9f\u00e9rences du code de la s\u00e9curit\u00e9 int\u00e9rieure susvis\u00e9 et les coordonn\u00e9es du\nresponsable de l'\u00e9tablissement aupr\u00e8s duquel s'exerce le droit d'acc\u00e8s aux images.\nLe droit d'acc\u00e8s aux images pourra s'exercer aupr\u00e8s de la direction.\nArt. 3  : Hormis le cas d'une enqu\u00eate de flagrant d\u00e9lit, d'une enqu\u00eate pr\u00e9liminaire ou d'une information judiciaire, les enregistrements sont\nd\u00e9truits dans un d\u00e9lai maximum de 28 jours.\nArt. 4 : Monsieur Baptiste ROZET, responsable de la mise en \u0153uvre du syst\u00e8me doit se porter garant des personnes susceptibles d'intervenir\ndans l'exploitation ou le visionnage des images, ainsi que dans la maintenance du syst\u00e8me mis en place. Des consignes tr\u00e8s pr\u00e9cises sur la\nconfidentialit\u00e9 des images capt\u00e9es ou/et enregistr\u00e9es et des atteintes \u00e0 la vie priv\u00e9e qu'elles peuvent \u00e9ventuellement impliquer sont donn\u00e9es \u00e0\ntoutes les personnes concern\u00e9es.\nArt. 5 : Toute modification pr\u00e9sentant un caract\u00e8re substantiel devra faire l'objet d'une d\u00e9claration aupr\u00e8s des services pr\u00e9fectoraux, notamment\nchangement d'activit\u00e9 dans les lieux prot\u00e9g\u00e9s, changement dans la configuration des lieux, changement affectant la protection des images.\nArt. 6 : Sans pr\u00e9judice des sanctions p\u00e9nales applicables, la pr\u00e9sente autorisation peut, apr\u00e8s que l'int\u00e9ress\u00e9 ait \u00e9t\u00e9 mis \u00e0 m\u00eame de pr\u00e9senter\nses observations, \u00eatre retir\u00e9e en cas de manquement aux dispositions figurant aux articles L.251-2, L.251-3, L.252-1 \u00e0 L.252-6, L.253-1 \u00e0\nL.253-5 et R.251-1 \u00e0 R.253-4 du code de la s\u00e9curit\u00e9 int\u00e9rieure susvis\u00e9 ou encore en cas de modification des conditions au vu desquelles cette\nautorisation a \u00e9t\u00e9 d\u00e9livr\u00e9e.\nArt. 7 : La pr\u00e9sente autorisation peut faire l'objet d'un recours devant le Tribunal Administratif de Caen dans un d\u00e9lai de deux mois \u00e0 compter de\nla date de sa notification \u00e0 l'int\u00e9ress\u00e9.\nArt. 8  : Le syst\u00e8me concern\u00e9 devra faire l'objet d'une nouvelle autorisation administrative pr\u00e9alable au terme du d\u00e9lai des cinq ans  : une\nnouvelle demande devra \u00eatre d\u00e9pos\u00e9e par t\u00e9l\u00e9proc\u00e9dure disponible sur le site \u00abvideoprotection.interieur.gouv.fr\u00bb, quatre mois avant l'\u00e9ch\u00e9ance\nde ce d\u00e9lai.\nSign\u00e9 : Pour le pr\u00e9fet et par d\u00e9l\u00e9gation, le sous-pr\u00e9fet d'Avranches : Gilles TRAIMOND\n\uf0bf\nArr\u00eat\u00e9 n\u00b0 2023-55 du 5 avril 2023 portant autorisation d'un syst\u00e8me de vid\u00e9oprotection - SNC HOUVET-DEMANGE \u00e0 CHERBOURG-EN-\nCOTENTIN\nConsid\u00e9rant que ce lieu est particuli\u00e8rement expos\u00e9 \u00e0 des risques d'agression ou de vol ;\nConsid\u00e9rant le caract\u00e8re proportionn\u00e9 du nombre de cam\u00e9ras envisag\u00e9es au regard des risques susmentionn\u00e9s ;\nArt. 1 : Madame Emilie DEMANGE est autoris\u00e9e, dans les conditions fix\u00e9es au pr\u00e9sent arr\u00eat\u00e9 et pour une dur\u00e9e de cinq ans renouvelable, \u00e0\ninstaller  6  cam\u00e9ras  int\u00e9rieures  de  vid\u00e9oprotection  au  sein  de  l'\u00e9tablissement  SNC  HOUVET-DEMANGE  17  rue  de  l'Union   50100\nCHERBOURG-EN-COTENTIN, conform\u00e9ment au dossier pr\u00e9sent\u00e9 et annex\u00e9 \u00e0 la demande enregistr\u00e9e sous le num\u00e9ro 2023/0021.\nLe syst\u00e8me consid\u00e9r\u00e9 r\u00e9pond aux finalit\u00e9s pr\u00e9vues par le code de la s\u00e9curit\u00e9 int\u00e9rieure :\nS\u00e9curit\u00e9 des personnes, Pr\u00e9vention des atteintes aux biens.\nArt. 2 : Le public est inform\u00e9 de la pr\u00e9sence de ces cam\u00e9ras, dans l'\u00e9tablissement cit\u00e9 \u00e0 l'article 1er, par une signal\u00e9tique appropri\u00e9e :\n- de mani\u00e8re claire, permanente et significative, \u00e0 chaque point d'acc\u00e8s du public, de l'existence du syst\u00e8me de vid\u00e9oprotection ;\n- \u00e0 chaque point d'acc\u00e8s du public, des affichettes mentionnent les r\u00e9f\u00e9rences du code de la s\u00e9curit\u00e9 int\u00e9rieure susvis\u00e9 et les coordonn\u00e9es du\nresponsable de l'\u00e9tablissement aupr\u00e8s duquel s'exerce le droit d'acc\u00e8s aux images.\nLe droit d'acc\u00e8s aux images pourra s'exercer aupr\u00e8s de  Emilie DEMANGE.\nArt. 3  : Hormis le cas d'une enqu\u00eate de flagrant d\u00e9lit, d'une enqu\u00eate pr\u00e9liminaire ou d'une information judiciaire, les enregistrements sont\nd\u00e9truits dans un d\u00e9lai maximum de 30  jours.\nArt.  4 :  Madame Emilie DEMANGE,  responsable de la mise en \u0153uvre du syst\u00e8me doit  se porter  garante des  personnes  susceptibles\nd'intervenir dans l'exploitation ou le visionnage des images, ainsi que dans la maintenance du syst\u00e8me mis en place. Des consignes tr\u00e8s\npr\u00e9cises sur la confidentialit\u00e9 des images capt\u00e9es ou/et enregistr\u00e9es et des atteintes \u00e0 la vie priv\u00e9e qu'elles peuvent \u00e9ventuellement impliquer\nsont donn\u00e9es \u00e0 toutes les personnes concern\u00e9es.\nArt. 5 : Toute modification pr\u00e9sentant un caract\u00e8re substantiel devra faire l'objet d'une d\u00e9claration aupr\u00e8s des services pr\u00e9fectoraux, notamment\nchangement d'activit\u00e9 dans les lieux prot\u00e9g\u00e9s, changement dans la configuration des lieux, changement affectant la protection des images.\nArt. 6 : Sans pr\u00e9judice des sanctions p\u00e9nales applicables, la pr\u00e9sente autorisation peut, apr\u00e8s que l'int\u00e9ress\u00e9e ait \u00e9t\u00e9 mis \u00e0 m\u00eame de pr\u00e9senter\nses observations, \u00eatre retir\u00e9e en cas de manquement aux dispositions figurant aux articles L.251-2, L.251-3, L.252-1 \u00e0 L.252-6, L.253-1 \u00e0\nL.253-5 et R.251-1 \u00e0 R.253-4 du code de la s\u00e9curit\u00e9 int\u00e9rieure susvis\u00e9 ou encore en cas de modification des conditions au vu desquelles cette\nautorisation a \u00e9t\u00e9 d\u00e9livr\u00e9e.\nArt. 7 : La pr\u00e9sente autorisation peut faire l'objet d'un recours devant le Tribunal Administratif de Caen dans un d\u00e9lai de deux mois \u00e0 compter de\nla date de sa notification \u00e0 l'int\u00e9ress\u00e9e.\nArt. 8  : Le syst\u00e8me concern\u00e9 devra faire l'objet d'une nouvelle autorisation administrative pr\u00e9alable au terme du d\u00e9lai des cinq ans  : une\nnouvelle demande devra \u00eatre d\u00e9pos\u00e9e par t\u00e9l\u00e9proc\u00e9dure disponible sur le site \u00abvideoprotection.interieur.gouv.fr\u00bb, quatre mois avant l'\u00e9ch\u00e9ance\nde ce d\u00e9lai.\nSign\u00e9 : Pour le pr\u00e9fet et par d\u00e9l\u00e9gation, le sous-pr\u00e9fet d'Avranches : Gilles TRAIMOND\n\uf0bf\nArr\u00eat\u00e9 n\u00b0 2023-56 du 5 avril 2023 portant autorisation d'un syst\u00e8me de vid\u00e9oprotection - SARL SAINT VAAST MARINE \u00e0 SAINT-VAAST-\nLA-HOUGUE\nConsid\u00e9rant que ce lieu est particuli\u00e8rement expos\u00e9 \u00e0 des risques d'agression ou de vol ;\nConsid\u00e9rant le caract\u00e8re proportionn\u00e9 du nombre de cam\u00e9ras envisag\u00e9es au regard des risques susmentionn\u00e9s ;\nArt. 1 : Monsieur PIERRE LEGRAVRAND est autoris\u00e9, dans les conditions fix\u00e9es au pr\u00e9sent arr\u00eat\u00e9 et pour une dur\u00e9e de cinq ans renouvelable,\n\u00e0 installer 3 cam\u00e9ras int\u00e9rieures de vid\u00e9oprotection au sein de l'\u00e9tablissement SARL SAINT VAAST MARINE 166 rue MARECHAL FOCH\n50550 SAINT-VAAST-LA-HOUGUE, conform\u00e9ment au dossier pr\u00e9sent\u00e9 et annex\u00e9 \u00e0 la demande enregistr\u00e9e sous le num\u00e9ro 2023/0022.\nLe syst\u00e8me consid\u00e9r\u00e9 r\u00e9pond aux finalit\u00e9s pr\u00e9vues par le code de la s\u00e9curit\u00e9 int\u00e9rieure :\nS\u00e9curit\u00e9 des personnes, Pr\u00e9vention des atteintes aux biens.\nArt. 2 : Le public est inform\u00e9 de la pr\u00e9sence de ces cam\u00e9ras, dans l'\u00e9tablissement cit\u00e9 \u00e0 l'article 1er, par une signal\u00e9tique appropri\u00e9e :\n- de mani\u00e8re claire, permanente et significative, \u00e0 chaque point d'acc\u00e8s du public, de l'existence du syst\u00e8me de vid\u00e9oprotection ;\n- \u00e0 chaque point d'acc\u00e8s du public, des affichettes mentionnent les r\u00e9f\u00e9rences du code de la s\u00e9curit\u00e9 int\u00e9rieure susvis\u00e9 et les coordonn\u00e9es du\nresponsable de l'\u00e9tablissement aupr\u00e8s duquel s'exerce le droit d'acc\u00e8s aux images.\nLe droit d'acc\u00e8s aux images pourra s'exercer aupr\u00e8s de Pierre LEGRAVRAND.\nArt. 3  : Hormis le cas d'une enqu\u00eate de flagrant d\u00e9lit, d'une enqu\u00eate pr\u00e9liminaire ou d'une information judiciaire, les enregistrements sont\nd\u00e9truits dans un d\u00e9lai maximum de 30 jours.\nArt. 4  : Monsieur PIERRE LEGRAVRAND, responsable de la mise en \u0153uvre du syst\u00e8me doit se porter garant des personnes susceptibles\nd'intervenir dans l'exploitation ou le visionnage des images, ainsi que dans la maintenance du syst\u00e8me mis en place. Des consignes tr\u00e8s\npr\u00e9cises sur la confidentialit\u00e9 des images capt\u00e9es ou/et enregistr\u00e9es et des atteintes \u00e0 la vie priv\u00e9e qu'elles peuvent \u00e9ventuellement impliquer\nsont donn\u00e9es \u00e0 toutes les personnes concern\u00e9es.\nArt. 5 : Toute modification pr\u00e9sentant un caract\u00e8re substantiel devra faire l'objet d'une d\u00e9claration aupr\u00e8s des services pr\u00e9fectoraux, notamment\nchangement d'activit\u00e9 dans les lieux prot\u00e9g\u00e9s, changement dans la configuration des lieux, changement affectant la protection des images.\nArt. 6 : Sans pr\u00e9judice des sanctions p\u00e9nales applicables, la pr\u00e9sente autorisation peut, apr\u00e8s que l'int\u00e9ress\u00e9 ait \u00e9t\u00e9 mis \u00e0 m\u00eame de pr\u00e9senter\nses observations, \u00eatre retir\u00e9e en cas de manquement aux dispositions figurant aux articles L.251-2, L.251-3, L.252-1 \u00e0 L.252-6, L.253-1 \u00e0\nL.253-5 et R.251-1 \u00e0 R.253-4 du code de la s\u00e9curit\u00e9 int\u00e9rieure susvis\u00e9 ou encore en cas de modification des conditions au vu desquelles cette\nautorisation a \u00e9t\u00e9 d\u00e9livr\u00e9e.\nArt. 7 : La pr\u00e9sente autorisation peut faire l'objet d'un recours devant le Tribunal Administratif de Caen dans un d\u00e9lai de deux mois \u00e0 compter de\nla date de sa notification \u00e0 l'int\u00e9ress\u00e9.\nArt. 8  : Le syst\u00e8me concern\u00e9 devra faire l'objet d'une nouvelle autorisation administrative pr\u00e9alable au terme du d\u00e9lai des cinq ans  : une\nnouvelle demande devra \u00eatre d\u00e9pos\u00e9e par t\u00e9l\u00e9proc\u00e9dure disponible sur le site \u00abvideoprotection.interieur.gouv.fr\u00bb, quatre mois avant l'\u00e9ch\u00e9ance\nde ce d\u00e9lai.\nSign\u00e9 : Pour le pr\u00e9fet et par d\u00e9l\u00e9gation, le sous-pr\u00e9fet d'Avranches : Gilles TRAIMOND\n\uf0bf\nArr\u00eat\u00e9 n\u00b0 2023-57 du 5 avril 2023 portant autorisation d'un syst\u00e8me de vid\u00e9oprotection - SARL YANNICK GERVAISE \u00e0 GRIMESNIL\nConsid\u00e9rant que ce lieu est particuli\u00e8rement expos\u00e9 \u00e0 des risques d'agression ou de vol ;\nConsid\u00e9rant le caract\u00e8re proportionn\u00e9 du nombre de cam\u00e9ras envisag\u00e9es au regard des risques susmentionn\u00e9s ;\nArt. 1 : Madame Laetitia Gervaise est autoris\u00e9e, dans les conditions fix\u00e9es au pr\u00e9sent arr\u00eat\u00e9 et pour une dur\u00e9e de cinq ans renouvelable, \u00e0\ninstaller 2 cam\u00e9ras int\u00e9rieures et 2 cam\u00e9ras ext\u00e9rieures de vid\u00e9oprotection au sein de l'\u00e9tablissement SARL YANNICK GERVAISE 8 route du\n30 juillet 44  50450 GRIMESNIL, conform\u00e9ment au dossier pr\u00e9sent\u00e9 et annex\u00e9 \u00e0 la demande enregistr\u00e9e sous le num\u00e9ro 2023/0024.\nLe syst\u00e8me consid\u00e9r\u00e9 r\u00e9pond aux finalit\u00e9s pr\u00e9vues par le code de la s\u00e9curit\u00e9 int\u00e9rieure :\nS\u00e9curit\u00e9 des personnes, Pr\u00e9vention des atteintes aux biens.\nArt. 2 : Le public est inform\u00e9 de la pr\u00e9sence de ces cam\u00e9ras, dans l'\u00e9tablissement cit\u00e9 \u00e0 l'article 1er, par une signal\u00e9tique appropri\u00e9e :\n- de mani\u00e8re claire, permanente et significative, \u00e0 chaque point d'acc\u00e8s du public, de l'existence du syst\u00e8me de vid\u00e9oprotection ;\n- \u00e0 chaque point d'acc\u00e8s du public, des affichettes mentionnent les r\u00e9f\u00e9rences du code de la s\u00e9curit\u00e9 int\u00e9rieure susvis\u00e9 et les coordonn\u00e9es du\nresponsable de l'\u00e9tablissement aupr\u00e8s duquel s'exerce le droit d'acc\u00e8s aux images.\nLe droit d'acc\u00e8s aux images pourra s'exercer aupr\u00e8s de Yannick GERVAISE.\nArt. 3  : Hormis le cas d'une enqu\u00eate de flagrant d\u00e9lit, d'une enqu\u00eate pr\u00e9liminaire ou d'une information judiciaire, les enregistrements sont\nd\u00e9truits dans un d\u00e9lai maximum de 30 jours.\nArt. 4 : Madame Laetitia Gervaise, responsable de la mise en \u0153uvre du syst\u00e8me doit se porter garante des personnes susceptibles d'intervenir\ndans l'exploitation ou le visionnage des images, ainsi que dans la maintenance du syst\u00e8me mis en place. Des consignes tr\u00e8s pr\u00e9cises sur la\nconfidentialit\u00e9 des images capt\u00e9es ou/et enregistr\u00e9es et des atteintes \u00e0 la vie priv\u00e9e qu'elles peuvent \u00e9ventuellement impliquer sont donn\u00e9es \u00e0\ntoutes les personnes concern\u00e9es.\nArt. 5 : Toute modification pr\u00e9sentant un caract\u00e8re substantiel devra faire l'objet d'une d\u00e9claration aupr\u00e8s des services pr\u00e9fectoraux, notamment\nchangement d'activit\u00e9 dans les lieux prot\u00e9g\u00e9s, changement dans la configuration des lieux, changement affectant la protection des images.\nArt. 6 : Sans pr\u00e9judice des sanctions p\u00e9nales applicables, la pr\u00e9sente autorisation peut, apr\u00e8s que l'int\u00e9ress\u00e9e ait \u00e9t\u00e9 mis \u00e0 m\u00eame de pr\u00e9senter\nses observations, \u00eatre retir\u00e9e en cas de manquement aux dispositions figurant aux articles L.251-2, L.251-3, L.252-1 \u00e0 L.252-6, L.253-1 \u00e0\nL.253-5 et R.251-1 \u00e0 R.253-4 du code de la s\u00e9curit\u00e9 int\u00e9rieure susvis\u00e9 ou encore en cas de modification des conditions au vu desquelles cette\nautorisation a \u00e9t\u00e9 d\u00e9livr\u00e9e.\nArt. 7 : La pr\u00e9sente autorisation peut faire l'objet d'un recours devant le Tribunal Administratif de Caen dans un d\u00e9lai de deux mois \u00e0 compter de\nla date de sa notification \u00e0 l'int\u00e9ress\u00e9e.\nArt. 8  : Le syst\u00e8me concern\u00e9 devra faire l'objet d'une nouvelle autorisation administrative pr\u00e9alable au terme du d\u00e9lai des cinq ans  : une\nnouvelle demande devra \u00eatre d\u00e9pos\u00e9e par t\u00e9l\u00e9proc\u00e9dure disponible sur le site \u00abvideoprotection.interieur.gouv.fr\u00bb, quatre mois avant l'\u00e9ch\u00e9ance\nde ce d\u00e9lai.\nSign\u00e9 : Pour le pr\u00e9fet et par d\u00e9l\u00e9gation, le sous-pr\u00e9fet d'Avranches : Gilles TRAIMOND\n\uf0bf\nArr\u00eat\u00e9 n\u00b0 2023-58 du 5 avril 2023 portant autorisation d'un syst\u00e8me de vid\u00e9oprotection - H\u00f4tel Les Montois \u00e0 CEAUX\nConsid\u00e9rant que ce lieu est particuli\u00e8rement expos\u00e9 \u00e0 des risques d'agression ou de vol ;\nConsid\u00e9rant le caract\u00e8re proportionn\u00e9 du nombre de cam\u00e9ras envisag\u00e9es au regard des risques susmentionn\u00e9s ;\nArt. 1 : Monsieur Fr\u00e9d\u00e9ric LEROUX est autoris\u00e9, dans les conditions fix\u00e9es au pr\u00e9sent arr\u00eat\u00e9 et pour une dur\u00e9e de cinq ans renouvelable, \u00e0\ninstaller 2 cam\u00e9ras int\u00e9rieures et 1 cam\u00e9ra ext\u00e9rieure de vid\u00e9oprotection au sein de l'\u00e9tablissement Hotel Les Montois 19 Le Pommeray  50220\nCEAUX, conform\u00e9ment au dossier pr\u00e9sent\u00e9 et annex\u00e9 \u00e0 la demande enregistr\u00e9e sous le num\u00e9ro 2023/0026.\nLe syst\u00e8me consid\u00e9r\u00e9 r\u00e9pond aux finalit\u00e9s pr\u00e9vues par le code de la s\u00e9curit\u00e9 int\u00e9rieure :\nS\u00e9curit\u00e9 des personnes, Pr\u00e9vention des atteintes aux biens, Autres (Pr\u00e9vention intrusions, vols et d\u00e9gradations).\nArt. 2 : Le public est inform\u00e9 de la pr\u00e9sence de ces cam\u00e9ras, dans l'\u00e9tablissement cit\u00e9 \u00e0 l'article 1er, par une signal\u00e9tique appropri\u00e9e :\n- de mani\u00e8re claire, permanente et significative, \u00e0 chaque point d'acc\u00e8s du public, de l'existence du syst\u00e8me de vid\u00e9oprotection ;\n- \u00e0 chaque point d'acc\u00e8s du public, des affichettes mentionnent les r\u00e9f\u00e9rences du code de la s\u00e9curit\u00e9 int\u00e9rieure susvis\u00e9 et les coordonn\u00e9es du\nresponsable de l'\u00e9tablissement aupr\u00e8s duquel s'exerce le droit d'acc\u00e8s aux images.\nLe droit d'acc\u00e8s aux images pourra s'exercer aupr\u00e8s de  Evgeniya et Fr\u00e9d\u00e9ric LEROUX.\nArt. 3  : Hormis le cas d'une enqu\u00eate de flagrant d\u00e9lit, d'une enqu\u00eate pr\u00e9liminaire ou d'une information judiciaire, les enregistrements sont\nd\u00e9truits dans un d\u00e9lai maximum de 30 jours.\nArt. 4 : Monsieur Fr\u00e9d\u00e9ric LEROUX, responsable de la mise en \u0153uvre du syst\u00e8me doit se porter garant des personnes susceptibles d'intervenir\ndans l'exploitation ou le visionnage des images, ainsi que dans la maintenance du syst\u00e8me mis en place. Des consignes tr\u00e8s pr\u00e9cises sur la\nconfidentialit\u00e9 des images capt\u00e9es ou/et enregistr\u00e9es et des atteintes \u00e0 la vie priv\u00e9e qu'elles peuvent \u00e9ventuellement impliquer sont donn\u00e9es \u00e0\ntoutes les personnes concern\u00e9es.\nArt. 5 : Toute modification pr\u00e9sentant un caract\u00e8re substantiel devra faire l'objet d'une d\u00e9claration aupr\u00e8s des services pr\u00e9fectoraux, notamment\nchangement d'activit\u00e9 dans les lieux prot\u00e9g\u00e9s, changement dans la configuration des lieux, changement affectant la protection des images.\nArt. 6 : Sans pr\u00e9judice des sanctions p\u00e9nales applicables, la pr\u00e9sente autorisation peut, apr\u00e8s que l'int\u00e9ress\u00e9 ait \u00e9t\u00e9 mis \u00e0 m\u00eame de pr\u00e9senter\nses observations, \u00eatre retir\u00e9e en cas de manquement aux dispositions figurant aux articles L.251-2, L.251-3, L.252-1 \u00e0 L.252-6, L.253-1 \u00e0\nL.253-5 et R.251-1 \u00e0 R.253-4 du code de la s\u00e9curit\u00e9 int\u00e9rieure susvis\u00e9 ou encore en cas de modification des conditions au vu desquelles cette\nautorisation a \u00e9t\u00e9 d\u00e9livr\u00e9e.\nArt. 7 : La pr\u00e9sente autorisation peut faire l'objet d'un recours devant le Tribunal Administratif de Caen dans un d\u00e9lai de deux mois \u00e0 compter de\nla date de sa notification \u00e0 l'int\u00e9ress\u00e9.\nArt. 8  : Le syst\u00e8me concern\u00e9 devra faire l'objet d'une nouvelle autorisation administrative pr\u00e9alable au terme du d\u00e9lai des cinq ans  : une\nnouvelle demande devra \u00eatre d\u00e9pos\u00e9e par t\u00e9l\u00e9proc\u00e9dure disponible sur le site \u00abvideoprotection.interieur.gouv.fr\u00bb, quatre mois avant l'\u00e9ch\u00e9ance\nde ce d\u00e9lai.\nSign\u00e9 : Pour le pr\u00e9fet et par d\u00e9l\u00e9gation, le sous-pr\u00e9fet d'Avranches : Gilles TRAIMOND\n\uf0bf\nArr\u00eat\u00e9 n\u00b0 2023-59 du 5 avril 2023 portant autorisation d'un syst\u00e8me de vid\u00e9oprotection - SARL La cit\u00e9 de la bi\u00e8re \u00e0 CARENTAN-LES-\nMARAIS\nConsid\u00e9rant que ce lieu est particuli\u00e8rement expos\u00e9 \u00e0 des risques d'agression ou de vol ;\nConsid\u00e9rant le caract\u00e8re proportionn\u00e9 du nombre de cam\u00e9ras envisag\u00e9es au regard des risques susmentionn\u00e9s ;\nArt. 1 : Monsieur Corentin SALVAYRE est autoris\u00e9, dans les conditions fix\u00e9es au pr\u00e9sent arr\u00eat\u00e9 et pour une dur\u00e9e de cinq ans renouvelable, \u00e0\ninstaller 2 cam\u00e9ras int\u00e9rieures de vid\u00e9oprotection au sein de l'\u00e9tablissement SARL La cit\u00e9 de la bi\u00e8re 8F route de St C\u00f4me  50500 CARENTAN-\nLES-MARAIS, conform\u00e9ment au dossier pr\u00e9sent\u00e9 et annex\u00e9 \u00e0 la demande enregistr\u00e9e sous le num\u00e9ro 2023/0029.\nLe syst\u00e8me consid\u00e9r\u00e9 r\u00e9pond aux finalit\u00e9s pr\u00e9vues par le code de la s\u00e9curit\u00e9 int\u00e9rieure :\nS\u00e9curit\u00e9 des personnes, Lutte contre la d\u00e9marque inconnue.\nArt. 2 : Le public est inform\u00e9 de la pr\u00e9sence de ces cam\u00e9ras, dans l'\u00e9tablissement cit\u00e9 \u00e0 l'article 1er, par une signal\u00e9tique appropri\u00e9e :\n- de mani\u00e8re claire, permanente et significative, \u00e0 chaque point d'acc\u00e8s du public, de l'existence du syst\u00e8me de vid\u00e9oprotection ;\n- \u00e0 chaque point d'acc\u00e8s du public, des affichettes mentionnent les r\u00e9f\u00e9rences du code de la s\u00e9curit\u00e9 int\u00e9rieure susvis\u00e9 et les coordonn\u00e9es du\nresponsable de l'\u00e9tablissement aupr\u00e8s duquel s'exerce le droit d'acc\u00e8s aux images.\nLe droit d'acc\u00e8s aux images pourra s'exercer aupr\u00e8s de Corentin SALVAYRE.\nArt. 3  : Hormis le cas d'une enqu\u00eate de flagrant d\u00e9lit, d'une enqu\u00eate pr\u00e9liminaire ou d'une information judiciaire, les enregistrements sont\nd\u00e9truits dans un d\u00e9lai maximum de 7 jours.\nArt. 4  : Monsieur Corentin SALVAYRE, responsable de la mise en \u0153uvre du syst\u00e8me doit se porter garant des personnes susceptibles\nd'intervenir dans l'exploitation ou le visionnage des images, ainsi que dans la maintenance du syst\u00e8me mis en place. Des consignes tr\u00e8s\npr\u00e9cises sur la confidentialit\u00e9 des images capt\u00e9es ou/et enregistr\u00e9es et des atteintes \u00e0 la vie priv\u00e9e qu'elles peuvent \u00e9ventuellement impliquer\nsont donn\u00e9es \u00e0 toutes les personnes concern\u00e9es.\nArt. 5 : Toute modification pr\u00e9sentant un caract\u00e8re substantiel devra faire l'objet d'une d\u00e9claration aupr\u00e8s des services pr\u00e9fectoraux, notamment\nchangement d'activit\u00e9 dans les lieux prot\u00e9g\u00e9s, changement dans la configuration des lieux, changement affectant la protection des images.\nArt. 6 : Sans pr\u00e9judice des sanctions p\u00e9nales applicables, la pr\u00e9sente autorisation peut, apr\u00e8s que l'int\u00e9ress\u00e9 ait \u00e9t\u00e9 mis \u00e0 m\u00eame de pr\u00e9senter\nses observations, \u00eatre retir\u00e9e en cas de manquement aux dispositions figurant aux articles L.251-2, L.251-3, L.252-1 \u00e0 L.252-6, L.253-1 \u00e0\nL.253-5 et R.251-1 \u00e0 R.253-4 du code de la s\u00e9curit\u00e9 int\u00e9rieure susvis\u00e9 ou encore en cas de modification des conditions au vu desquelles cette\nautorisation a \u00e9t\u00e9 d\u00e9livr\u00e9e.\nArt. 7 : La pr\u00e9sente autorisation peut faire l'objet d'un recours devant le Tribunal Administratif de Caen dans un d\u00e9lai de deux mois \u00e0 compter de\nla date de sa notification \u00e0 l'int\u00e9ress\u00e9.\nArt. 8  : Le syst\u00e8me concern\u00e9 devra faire l'objet d'une nouvelle autorisation administrative pr\u00e9alable au terme du d\u00e9lai des cinq ans  : une\nnouvelle demande devra \u00eatre d\u00e9pos\u00e9e par t\u00e9l\u00e9proc\u00e9dure disponible sur le site \u00abvideoprotection.interieur.gouv.fr\u00bb, quatre mois avant l'\u00e9ch\u00e9ance\nde ce d\u00e9lai.\nSign\u00e9 : Pour le pr\u00e9fet et par d\u00e9l\u00e9gation, le sous-pr\u00e9fet d'Avranches : Gilles TRAIMOND\n\uf0bf\nArr\u00eat\u00e9 n\u00b0 2023-60 du 5 avril 2023 portant autorisation d'un syst\u00e8me de vid\u00e9oprotection - SARL lesauvage \u00e0 RAUVILLE-LA-BIGOT\nConsid\u00e9rant que ce lieu est particuli\u00e8rement expos\u00e9 \u00e0 des risques d'agression ou de vol ;\nConsid\u00e9rant le caract\u00e8re proportionn\u00e9 du nombre de cam\u00e9ras envisag\u00e9es au regard des risques susmentionn\u00e9s ;\nArt. 1 : Madame Ang\u00e9lique  Lesauvage  est autoris\u00e9e, dans les conditions fix\u00e9es au pr\u00e9sent arr\u00eat\u00e9 et pour une dur\u00e9e de cinq ans renouvelable,\n\u00e0 installer 5 cam\u00e9ras int\u00e9rieures de vid\u00e9oprotection au sein de l'\u00e9tablissement SARL lesauvage  13 Le bourg   50260 RAUVILLE-LA-BIGOT,\nconform\u00e9ment au dossier pr\u00e9sent\u00e9 et annex\u00e9 \u00e0 la demande enregistr\u00e9e sous le num\u00e9ro 2023/0033.\nLe syst\u00e8me consid\u00e9r\u00e9 r\u00e9pond aux finalit\u00e9s pr\u00e9vues par le code de la s\u00e9curit\u00e9 int\u00e9rieure :\nS\u00e9curit\u00e9 des personnes, Pr\u00e9vention des atteintes aux biens, Protection des b\u00e2timents publics.\nArt. 2 : Le public est inform\u00e9 de la pr\u00e9sence de ces cam\u00e9ras, dans l'\u00e9tablissement cit\u00e9 \u00e0 l'article 1er, par une signal\u00e9tique appropri\u00e9e :\n- de mani\u00e8re claire, permanente et significative, \u00e0 chaque point d'acc\u00e8s du public, de l'existence du syst\u00e8me de vid\u00e9oprotection ;\n- \u00e0 chaque point d'acc\u00e8s du public, des affichettes mentionnent les r\u00e9f\u00e9rences du code de la s\u00e9curit\u00e9 int\u00e9rieure susvis\u00e9 et les coordonn\u00e9es du\nresponsable de l'\u00e9tablissement aupr\u00e8s duquel s'exerce le droit d'acc\u00e8s aux images.\nLe droit d'acc\u00e8s aux images pourra s'exercer aupr\u00e8s du g\u00e9rant.\nArt. 3  : Hormis le cas d'une enqu\u00eate de flagrant d\u00e9lit, d'une enqu\u00eate pr\u00e9liminaire ou d'une information judiciaire, les enregistrements sont\nd\u00e9truits dans un d\u00e9lai maximum de 10 jours.\nArt. 4  : Madame Ang\u00e9lique Lesauvage , responsable de la mise en \u0153uvre du syst\u00e8me doit se porter garante des personnes susceptibles\nd'intervenir dans l'exploitation ou le visionnage des images, ainsi que dans la maintenance du syst\u00e8me mis en place. Des consignes tr\u00e8s\npr\u00e9cises sur la confidentialit\u00e9 des images capt\u00e9es ou/et enregistr\u00e9es et des atteintes \u00e0 la vie priv\u00e9e qu'elles peuvent \u00e9ventuellement impliquer\nsont donn\u00e9es \u00e0 toutes les personnes concern\u00e9es.\nArt. 5 : Toute modification pr\u00e9sentant un caract\u00e8re substantiel devra faire l'objet d'une d\u00e9claration aupr\u00e8s des services pr\u00e9fectoraux, notamment\nchangement d'activit\u00e9 dans les lieux prot\u00e9g\u00e9s, changement dans la configuration des lieux, changement affectant la protection des images.\nArt. 6 : Sans pr\u00e9judice des sanctions p\u00e9nales applicables, la pr\u00e9sente autorisation peut, apr\u00e8s que l'int\u00e9ress\u00e9e ait \u00e9t\u00e9 mis \u00e0 m\u00eame de pr\u00e9senter\nses observations, \u00eatre retir\u00e9e en cas de manquement aux dispositions figurant aux articles L.251-2, L.251-3, L.252-1 \u00e0 L.252-6, L.253-1 \u00e0\nL.253-5 et R.251-1 \u00e0 R.253-4 du code de la s\u00e9curit\u00e9 int\u00e9rieure susvis\u00e9 ou encore en cas de modification des conditions au vu desquelles cette\nautorisation a \u00e9t\u00e9 d\u00e9livr\u00e9e.\nArt. 7 : La pr\u00e9sente autorisation peut faire l'objet d'un recours devant le Tribunal Administratif de Caen dans un d\u00e9lai de deux mois \u00e0 compter de\nla date de sa notification \u00e0 l'int\u00e9ress\u00e9e.\nArt. 8  : Le syst\u00e8me concern\u00e9 devra faire l'objet d'une nouvelle autorisation administrative pr\u00e9alable au terme du d\u00e9lai des cinq ans  : une\nnouvelle demande devra \u00eatre d\u00e9pos\u00e9e par t\u00e9l\u00e9proc\u00e9dure disponible sur le site \u00abvideoprotection.interieur.gouv.fr\u00bb, quatre mois avant l'\u00e9ch\u00e9ance\nde ce d\u00e9lai.\nSign\u00e9 : Pour le pr\u00e9fet et par d\u00e9l\u00e9gation, le sous-pr\u00e9fet d'Avranches : Gilles TRAIMOND\n\uf0bf\nArr\u00eat\u00e9 n\u00b0 2023-61 du 5 avril 2023 portant autorisation d'un syst\u00e8me de vid\u00e9oprotection - EURL D.E'VINS \u00e0 CHERBOURG-EN-\nCOTENTIN\nConsid\u00e9rant que ce lieu est particuli\u00e8rement expos\u00e9 \u00e0 des risques d'agression ou de vol ;\nConsid\u00e9rant le caract\u00e8re proportionn\u00e9 du nombre de cam\u00e9ras envisag\u00e9es au regard des risques susmentionn\u00e9s ;\nArt. 1 : Monsieur ERWANN DINCUFF est autoris\u00e9, dans les conditions fix\u00e9es au pr\u00e9sent arr\u00eat\u00e9 et pour une dur\u00e9e de cinq ans renouvelable, \u00e0\ninstaller 1 cam\u00e9ra int\u00e9rieure de vid\u00e9oprotection au sein de l'\u00e9tablissement EURL D.E'VINS 3 rue GRANDE RUE  50100 CHERBOURG-EN-\nCOTENTIN, conform\u00e9ment au dossier pr\u00e9sent\u00e9 et annex\u00e9 \u00e0 la demande enregistr\u00e9e sous le num\u00e9ro 2023/0036.\nLe syst\u00e8me consid\u00e9r\u00e9 r\u00e9pond aux finalit\u00e9s pr\u00e9vues par le code de la s\u00e9curit\u00e9 int\u00e9rieure :\nS\u00e9curit\u00e9 des personnes, Lutte contre la d\u00e9marque inconnue.\nArt. 2 : Le public est inform\u00e9 de la pr\u00e9sence de ces cam\u00e9ras, dans l'\u00e9tablissement cit\u00e9 \u00e0 l'article 1er, par une signal\u00e9tique appropri\u00e9e :\n- de mani\u00e8re claire, permanente et significative, \u00e0 chaque point d'acc\u00e8s du public, de l'existence du syst\u00e8me de vid\u00e9oprotection ;\n- \u00e0 chaque point d'acc\u00e8s du public, des affichettes mentionnent les r\u00e9f\u00e9rences du code de la s\u00e9curit\u00e9 int\u00e9rieure susvis\u00e9 et les coordonn\u00e9es du\nresponsable de l'\u00e9tablissement aupr\u00e8s duquel s'exerce le droit d'acc\u00e8s aux images.\nLe droit d'acc\u00e8s aux images pourra s'exercer aupr\u00e8s du g\u00e9rant.\nArt. 3  : Hormis le cas d'une enqu\u00eate de flagrant d\u00e9lit, d'une enqu\u00eate pr\u00e9liminaire ou d'une information judiciaire, les enregistrements sont\nd\u00e9truits dans un d\u00e9lai maximum de 30 jours.\nArt. 4  : Monsieur ERWANN DINCUFF, responsable de la mise en \u0153uvre du syst\u00e8me doit se porter garant des personnes susceptibles\nd'intervenir dans l'exploitation ou le visionnage des images, ainsi que dans la maintenance du syst\u00e8me mis en place. Des consignes tr\u00e8s\npr\u00e9cises sur la confidentialit\u00e9 des images capt\u00e9es ou/et enregistr\u00e9es et des atteintes \u00e0 la vie priv\u00e9e qu'elles peuvent \u00e9ventuellement impliquer\nsont donn\u00e9es \u00e0 toutes les personnes concern\u00e9es.\nArt. 5 : Toute modification pr\u00e9sentant un caract\u00e8re substantiel devra faire l'objet d'une d\u00e9claration aupr\u00e8s des services pr\u00e9fectoraux, notamment\nchangement d'activit\u00e9 dans les lieux prot\u00e9g\u00e9s, changement dans la configuration des lieux, changement affectant la protection des images.\nArt. 6 : Sans pr\u00e9judice des sanctions p\u00e9nales applicables, la pr\u00e9sente autorisation peut, apr\u00e8s que l'int\u00e9ress\u00e9 ait \u00e9t\u00e9 mis \u00e0 m\u00eame de pr\u00e9senter\nses observations, \u00eatre retir\u00e9e en cas de manquement aux dispositions figurant aux articles L.251-2, L.251-3, L.252-1 \u00e0 L.252-6, L.253-1 \u00e0\nL.253-5 et R.251-1 \u00e0 R.253-4 du code de la s\u00e9curit\u00e9 int\u00e9rieure susvis\u00e9 ou encore en cas de modification des conditions au vu desquelles cette\nautorisation a \u00e9t\u00e9 d\u00e9livr\u00e9e.\nArt. 7 : La pr\u00e9sente autorisation peut faire l'objet d'un recours devant le Tribunal Administratif de Caen dans un d\u00e9lai de deux mois \u00e0 compter de\nla date de sa notification \u00e0 l'int\u00e9ress\u00e9.\nArt. 8  : Le syst\u00e8me concern\u00e9 devra faire l'objet d'une nouvelle autorisation administrative pr\u00e9alable au terme du d\u00e9lai des cinq ans  : une\nnouvelle demande devra \u00eatre d\u00e9pos\u00e9e par t\u00e9l\u00e9proc\u00e9dure disponible sur le site \u00abvideoprotection.interieur.gouv.fr\u00bb, quatre mois avant l'\u00e9ch\u00e9ance\nde ce d\u00e9lai.\nSign\u00e9 : Pour le pr\u00e9fet et par d\u00e9l\u00e9gation, le sous-pr\u00e9fet d'Avranches : Gilles TRAIMOND\n\uf0bf\nArr\u00eat\u00e9 n\u00b0 2023-62 du 5 avril 2023 portant autorisation d'un syst\u00e8me de vid\u00e9oprotection - SARL HARDY OPTIC 2000 \u00e0 SAINT-LO\nConsid\u00e9rant que ce lieu est particuli\u00e8rement expos\u00e9 \u00e0 des risques d'agression ou de vol ;\nConsid\u00e9rant le caract\u00e8re proportionn\u00e9 du nombre de cam\u00e9ras envisag\u00e9es au regard des risques susmentionn\u00e9s ;\nArt. 1  : Monsieur Philippe VIALLE est autoris\u00e9, dans les conditions fix\u00e9es au pr\u00e9sent arr\u00eat\u00e9 et pour une dur\u00e9e de cinq ans renouvelable, \u00e0\ninstaller 6 cam\u00e9ras int\u00e9rieures de vid\u00e9oprotection au sein de l'\u00e9tablissement SARL HARDY OPTIC 2000 12 rue DOCTEUR LETUR  50000\nSAINT-LO, conform\u00e9ment au dossier pr\u00e9sent\u00e9 et annex\u00e9 \u00e0 la demande enregistr\u00e9e sous le num\u00e9ro 2023/0037.\nLe syst\u00e8me consid\u00e9r\u00e9 r\u00e9pond aux finalit\u00e9s pr\u00e9vues par le code de la s\u00e9curit\u00e9 int\u00e9rieure :\nS\u00e9curit\u00e9 des personnes, Autres (EVITER LES VOLS DANS LE MAGASIN).\nArt. 2 : Le public est inform\u00e9 de la pr\u00e9sence de ces cam\u00e9ras, dans l'\u00e9tablissement cit\u00e9 \u00e0 l'article 1er, par une signal\u00e9tique appropri\u00e9e :\n- de mani\u00e8re claire, permanente et significative, \u00e0 chaque point d'acc\u00e8s du public, de l'existence du syst\u00e8me de vid\u00e9oprotection ;\n- \u00e0 chaque point d'acc\u00e8s du public, des affichettes mentionnent les r\u00e9f\u00e9rences du code de la s\u00e9curit\u00e9 int\u00e9rieure susvis\u00e9 et les coordonn\u00e9es du\nresponsable de l'\u00e9tablissement aupr\u00e8s duquel s'exerce le droit d'acc\u00e8s aux images.\nLe droit d'acc\u00e8s aux images pourra s'exercer aupr\u00e8s de Philippe VIALLE.\nArt. 3  : Hormis le cas d'une enqu\u00eate de flagrant d\u00e9lit, d'une enqu\u00eate pr\u00e9liminaire ou d'une information judiciaire, les enregistrements sont\nd\u00e9truits dans un d\u00e9lai maximum de 30 jours.\nArt. 4 : Monsieur Philippe VIALLE, responsable de la mise en \u0153uvre du syst\u00e8me doit se porter garant des personnes susceptibles d'intervenir\ndans l'exploitation ou le visionnage des images, ainsi que dans la maintenance du syst\u00e8me mis en place. Des consignes tr\u00e8s pr\u00e9cises sur la\nconfidentialit\u00e9 des images capt\u00e9es ou/et enregistr\u00e9es et des atteintes \u00e0 la vie priv\u00e9e qu'elles peuvent \u00e9ventuellement impliquer sont donn\u00e9es \u00e0\ntoutes les personnes concern\u00e9es.\nArt. 5 : Toute modification pr\u00e9sentant un caract\u00e8re substantiel devra faire l'objet d'une d\u00e9claration aupr\u00e8s des services pr\u00e9fectoraux, notamment\nchangement d'activit\u00e9 dans les lieux prot\u00e9g\u00e9s, changement dans la configuration des lieux, changement affectant la protection des images.\nArt. 6 : Sans pr\u00e9judice des sanctions p\u00e9nales applicables, la pr\u00e9sente autorisation peut, apr\u00e8s que l'int\u00e9ress\u00e9 ait \u00e9t\u00e9 mis \u00e0 m\u00eame de pr\u00e9senter\nses observations, \u00eatre retir\u00e9e en cas de manquement aux dispositions figurant aux articles L.251-2, L.251-3, L.252-1 \u00e0 L.252-6, L.253-1 \u00e0\nL.253-5 et R.251-1 \u00e0 R.253-4 du code de la s\u00e9curit\u00e9 int\u00e9rieure susvis\u00e9 ou encore en cas de modification des conditions au vu desquelles cette\nautorisation a \u00e9t\u00e9 d\u00e9livr\u00e9e.\nArt. 7 : La pr\u00e9sente autorisation peut faire l'objet d'un recours devant le Tribunal Administratif de Caen dans un d\u00e9lai de deux mois \u00e0 compter de\nla date de sa notification \u00e0 l'int\u00e9ress\u00e9.\nArt. 8  : Le syst\u00e8me concern\u00e9 devra faire l'objet d'une nouvelle autorisation administrative pr\u00e9alable au terme du d\u00e9lai des cinq ans  : une\nnouvelle  demande  devra  \u00eatre  d\u00e9pos\u00e9e  \u00e0  la  pr\u00e9fecture  soit  par  courrier,  soit  par  t\u00e9l\u00e9proc\u00e9dure  disponible  sur  le  site\n\u00abvideoprotection.interieur.gouv.fr\u00bb, quatre mois avant l'\u00e9ch\u00e9ance de ce d\u00e9lai.\nSign\u00e9 : Pour le pr\u00e9fet et par d\u00e9l\u00e9gation, le sous-pr\u00e9fet d'Avranches : Gilles TRAIMOND\n\uf0bf\nArr\u00eat\u00e9 n\u00b0 2023-63 du 5 avril 2023 portant autorisation d'un syst\u00e8me de vid\u00e9oprotection - Mondial Relay  - Consigne N\u00b0 30891 \u00e0 LA\nHAGUE\nConsid\u00e9rant que ce lieu est particuli\u00e8rement expos\u00e9 \u00e0 des risques d'agression ou de vol ;\nConsid\u00e9rant le caract\u00e8re proportionn\u00e9 du nombre de cam\u00e9ras envisag\u00e9es au regard des risques susmentionn\u00e9s ;\nArt. 1 : Monsieur QUENTIN BENAULT est autoris\u00e9, dans les conditions fix\u00e9es au pr\u00e9sent arr\u00eat\u00e9 et pour une dur\u00e9e de cinq ans renouvelable, \u00e0\ninstaller  2  cam\u00e9ras ext\u00e9rieures de vid\u00e9oprotection au sein de l'\u00e9tablissement Mondial Relay  - Consigne N\u00b0 30891 7 rue DU VIEUX CHEMIN\n50440 LA HAGUE, conform\u00e9ment au dossier pr\u00e9sent\u00e9 et annex\u00e9 \u00e0 la demande enregistr\u00e9e sous le num\u00e9ro 2023/0038.\nLe syst\u00e8me consid\u00e9r\u00e9 r\u00e9pond aux finalit\u00e9s pr\u00e9vues par le code de la s\u00e9curit\u00e9 int\u00e9rieure :\nS\u00e9curit\u00e9 des personnes, Pr\u00e9vention des atteintes aux biens, Autres (Informations service client Mondial Relay).\nArt. 2 : Le public est inform\u00e9 de la pr\u00e9sence de ces cam\u00e9ras, dans l'\u00e9tablissement cit\u00e9 \u00e0 l'article 1er, par une signal\u00e9tique appropri\u00e9e :\n- de mani\u00e8re claire, permanente et significative, \u00e0 chaque point d'acc\u00e8s du public, de l'existence du syst\u00e8me de vid\u00e9oprotection ;\n- \u00e0 chaque point d'acc\u00e8s du public, des affichettes mentionnent les r\u00e9f\u00e9rences du code de la s\u00e9curit\u00e9 int\u00e9rieure susvis\u00e9 et les coordonn\u00e9es du\nresponsable de l'\u00e9tablissement aupr\u00e8s duquel s'exerce le droit d'acc\u00e8s aux images.\nLe droit d'acc\u00e8s aux images pourra s'exercer aupr\u00e8s du responsable s\u00fbret\u00e9.\nArt. 3  : Hormis le cas d'une enqu\u00eate de flagrant d\u00e9lit, d'une enqu\u00eate pr\u00e9liminaire ou d'une information judiciaire, les enregistrements sont\nd\u00e9truits dans un d\u00e9lai maximum de 30 jours.\nArt. 4  : Monsieur QUENTIN BENAULT, responsable de la mise en \u0153uvre du syst\u00e8me doit se porter garant des personnes susceptibles\nd'intervenir dans l'exploitation ou le visionnage des images, ainsi que dans la maintenance du syst\u00e8me mis en place. Des consignes tr\u00e8s\npr\u00e9cises sur la confidentialit\u00e9 des images capt\u00e9es ou/et enregistr\u00e9es et des atteintes \u00e0 la vie priv\u00e9e qu'elles peuvent \u00e9ventuellement impliquer\nsont donn\u00e9es \u00e0 toutes les personnes concern\u00e9es.\nArt. 5 : Toute modification pr\u00e9sentant un caract\u00e8re substantiel devra faire l'objet d'une d\u00e9claration aupr\u00e8s des services pr\u00e9fectoraux, notamment\nchangement d'activit\u00e9 dans les lieux prot\u00e9g\u00e9s, changement dans la configuration des lieux, changement affectant la protection des images.\nArt. 6 : Sans pr\u00e9judice des sanctions p\u00e9nales applicables, la pr\u00e9sente autorisation peut, apr\u00e8s que l'int\u00e9ress\u00e9 ait \u00e9t\u00e9 mis \u00e0 m\u00eame de pr\u00e9senter\nses observations, \u00eatre retir\u00e9e en cas de manquement aux dispositions figurant aux articles L.251-2, L.251-3, L.252-1 \u00e0 L.252-6, L.253-1 \u00e0\nL.253-5 et R.251-1 \u00e0 R.253-4 du code de la s\u00e9curit\u00e9 int\u00e9rieure susvis\u00e9 ou encore en cas de modification des conditions au vu desquelles cette\nautorisation a \u00e9t\u00e9 d\u00e9livr\u00e9e.\nArt. 7 : La pr\u00e9sente autorisation peut faire l'objet d'un recours devant le Tribunal Administratif de Caen dans un d\u00e9lai de deux mois \u00e0 compter de\nla date de sa notification \u00e0 l'int\u00e9ress\u00e9.\nArt. 8  : Le syst\u00e8me concern\u00e9 devra faire l'objet d'une nouvelle autorisation administrative pr\u00e9alable au terme du d\u00e9lai des cinq ans  : une\nnouvelle demande devra \u00eatre d\u00e9pos\u00e9e par t\u00e9l\u00e9proc\u00e9dure disponible sur le site \u00abvideoprotection.interieur.gouv.fr\u00bb, quatre mois avant l'\u00e9ch\u00e9ance\nde ce d\u00e9lai.\nSign\u00e9 : Pour le pr\u00e9fet et par d\u00e9l\u00e9gation, le sous-pr\u00e9fet d'Avranches : Gilles TRAIMOND\n\uf0bf\nArr\u00eat\u00e9 n\u00b0 2023-64 du 5 avril 2023portant autorisation d'un syst\u00e8me de vid\u00e9oprotection - Mondial Relay - Consigne N\u00b0 61746 \u00e0\nSOTTEVAST\nConsid\u00e9rant que ce lieu est particuli\u00e8rement expos\u00e9 \u00e0 des risques d'agression ou de vol ;\nConsid\u00e9rant le caract\u00e8re proportionn\u00e9 du nombre de cam\u00e9ras envisag\u00e9es au regard des risques susmentionn\u00e9s ;\nArt. 1 : Monsieur QUENTIN BENAULT est autoris\u00e9, dans les conditions fix\u00e9es au pr\u00e9sent arr\u00eat\u00e9 et pour une dur\u00e9e de cinq ans renouvelable, \u00e0\ninstaller  2  cam\u00e9ras ext\u00e9rieures de vid\u00e9oprotection au sein de l'\u00e9tablissement Mondial Relay - Consigne N\u00b0 61746 39 route de Valognes\n50260 SOTTEVAST, conform\u00e9ment au dossier pr\u00e9sent\u00e9 et annex\u00e9 \u00e0 la demande enregistr\u00e9e sous le num\u00e9ro 2023/0039.\nLe syst\u00e8me consid\u00e9r\u00e9 r\u00e9pond aux finalit\u00e9s pr\u00e9vues par le code de la s\u00e9curit\u00e9 int\u00e9rieure :\nS\u00e9curit\u00e9 des personnes, Pr\u00e9vention des atteintes aux biens, Autres (Informations service client Mondial Relay ).\nArt. 2 : Le public est inform\u00e9 de la pr\u00e9sence de ces cam\u00e9ras, dans l'\u00e9tablissement cit\u00e9 \u00e0 l'article 1er, par une signal\u00e9tique appropri\u00e9e :\n- de mani\u00e8re claire, permanente et significative, \u00e0 chaque point d'acc\u00e8s du public, de l'existence du syst\u00e8me de vid\u00e9oprotection ;\n- \u00e0 chaque point d'acc\u00e8s du public, des affichettes mentionnent les r\u00e9f\u00e9rences du code de la s\u00e9curit\u00e9 int\u00e9rieure susvis\u00e9 et les coordonn\u00e9es du\nresponsable de l'\u00e9tablissement aupr\u00e8s duquel s'exerce le droit d'acc\u00e8s aux images.\nLe droit d'acc\u00e8s aux images pourra s'exercer aupr\u00e8s du responsable s\u00fbret\u00e9.\nArt. 3  : Hormis le cas d'une enqu\u00eate de flagrant d\u00e9lit, d'une enqu\u00eate pr\u00e9liminaire ou d'une information judiciaire, les enregistrements sont\nd\u00e9truits dans un d\u00e9lai maximum de 30 jours.\nArt. 4  : Monsieur QUENTIN BENAULT, responsable de la mise en \u0153uvre du syst\u00e8me doit se porter garant des personnes susceptibles\nd'intervenir dans l'exploitation ou le visionnage des images, ainsi que dans la maintenance du syst\u00e8me mis en place. Des consignes tr\u00e8s\npr\u00e9cises sur la confidentialit\u00e9 des images capt\u00e9es ou/et enregistr\u00e9es et des atteintes \u00e0 la vie priv\u00e9e qu'elles peuvent \u00e9ventuellement impliquer\nsont donn\u00e9es \u00e0 toutes les personnes concern\u00e9es.\nArt. 5 : Toute modification pr\u00e9sentant un caract\u00e8re substantiel devra faire l'objet d'une d\u00e9claration aupr\u00e8s des services pr\u00e9fectoraux, notamment\nchangement d'activit\u00e9 dans les lieux prot\u00e9g\u00e9s, changement dans la configuration des lieux, changement affectant la protection des images.\nArt. 6 : Sans pr\u00e9judice des sanctions p\u00e9nales applicables, la pr\u00e9sente autorisation peut, apr\u00e8s que l'int\u00e9ress\u00e9 ait \u00e9t\u00e9 mis \u00e0 m\u00eame de pr\u00e9senter\nses observations, \u00eatre retir\u00e9e en cas de manquement aux dispositions figurant aux articles L.251-2, L.251-3, L.252-1 \u00e0 L.252-6, L.253-1 \u00e0\nL.253-5 et R.251-1 \u00e0 R.253-4 du code de la s\u00e9curit\u00e9 int\u00e9rieure susvis\u00e9 ou encore en cas de modification des conditions au vu desquelles cette\nautorisation a \u00e9t\u00e9 d\u00e9livr\u00e9e.\nArt. 7 : La pr\u00e9sente autorisation peut faire l'objet d'un recours devant le Tribunal Administratif de Caen dans un d\u00e9lai de deux mois \u00e0 compter de\nla date de sa notification \u00e0 l'int\u00e9ress\u00e9.\nArt. 8  : Le syst\u00e8me concern\u00e9 devra faire l'objet d'une nouvelle autorisation administrative pr\u00e9alable au terme du d\u00e9lai des cinq ans  : une\nnouvelle demande devra \u00eatre d\u00e9pos\u00e9e par t\u00e9l\u00e9proc\u00e9dure disponible sur le site \u00abvideoprotection.interieur.gouv.fr\u00bb, quatre mois avant l'\u00e9ch\u00e9ance\nde ce d\u00e9lai.\nSign\u00e9 : Pour le pr\u00e9fet et par d\u00e9l\u00e9gation, le sous-pr\u00e9fet d'Avranches : Gilles TRAIMOND\n\uf0bf\nArr\u00eat\u00e9 n\u00b0 2023-65 du 5 avril 2023 portant autorisation d'un syst\u00e8me de vid\u00e9oprotection - Mondial Relay  - Consigne N\u00b0 67826 \u00e0\nCHERBOURG-EN-COTENTIN\nConsid\u00e9rant que ce lieu est particuli\u00e8rement expos\u00e9 \u00e0 des risques d'agression ou de vol ;\nConsid\u00e9rant le caract\u00e8re proportionn\u00e9 du nombre de cam\u00e9ras envisag\u00e9es au regard des risques susmentionn\u00e9s ;\nArt. 1 : Monsieur QUENTIN BENAULT est autoris\u00e9, dans les conditions fix\u00e9es au pr\u00e9sent arr\u00eat\u00e9 et pour une dur\u00e9e de cinq ans renouvelable, \u00e0\ninstaller  2  cam\u00e9ras ext\u00e9rieures de vid\u00e9oprotection au sein de l'\u00e9tablissement Mondial Relay  - Consigne N\u00b0 67826 ZONE  DU ROND POINT\n50470 CHERBOURG-EN-COTENTIN, conform\u00e9ment au dossier pr\u00e9sent\u00e9 et annex\u00e9 \u00e0 la demande enregistr\u00e9e sous le num\u00e9ro 2023/0040.\nLe syst\u00e8me consid\u00e9r\u00e9 r\u00e9pond aux finalit\u00e9s pr\u00e9vues par le code de la s\u00e9curit\u00e9 int\u00e9rieure :\nS\u00e9curit\u00e9 des personnes, Pr\u00e9vention des atteintes aux biens, Autres (Informations service client Mondial Relay).\nArt. 2 : Le public est inform\u00e9 de la pr\u00e9sence de ces cam\u00e9ras, dans l'\u00e9tablissement cit\u00e9 \u00e0 l'article 1er, par une signal\u00e9tique appropri\u00e9e :\n- de mani\u00e8re claire, permanente et significative, \u00e0 chaque point d'acc\u00e8s du public, de l'existence du syst\u00e8me de vid\u00e9oprotection ;\n- \u00e0 chaque point d'acc\u00e8s du public, des affichettes mentionnent les r\u00e9f\u00e9rences du code de la s\u00e9curit\u00e9 int\u00e9rieure susvis\u00e9 et les coordonn\u00e9es du\nresponsable de l'\u00e9tablissement aupr\u00e8s duquel s'exerce le droit d'acc\u00e8s aux images.\nLe droit d'acc\u00e8s aux images pourra s'exercer aupr\u00e8s du responsable s\u00fbret\u00e9.\nArt. 3  : Hormis le cas d'une enqu\u00eate de flagrant d\u00e9lit, d'une enqu\u00eate pr\u00e9liminaire ou d'une information judiciaire, les enregistrements sont\nd\u00e9truits dans un d\u00e9lai maximum de 30 jours.\nArt. 4  : Monsieur QUENTIN BENAULT, responsable de la mise en \u0153uvre du syst\u00e8me doit se porter garant des personnes susceptibles\nd'intervenir dans l'exploitation ou le visionnage des images, ainsi que dans la maintenance du syst\u00e8me mis en place. Des consignes tr\u00e8s\npr\u00e9cises sur la confidentialit\u00e9 des images capt\u00e9es ou/et enregistr\u00e9es et des atteintes \u00e0 la vie priv\u00e9e qu'elles peuvent \u00e9ventuellement impliquer\nsont donn\u00e9es \u00e0 toutes les personnes concern\u00e9es.\nArt. 5 : Toute modification pr\u00e9sentant un caract\u00e8re substantiel devra faire l'objet d'une d\u00e9claration aupr\u00e8s des services pr\u00e9fectoraux, notamment\nchangement d'activit\u00e9 dans les lieux prot\u00e9g\u00e9s, changement dans la configuration des lieux, changement affectant la protection des images.\nArt. 6 : Sans pr\u00e9judice des sanctions p\u00e9nales applicables, la pr\u00e9sente autorisation peut, apr\u00e8s que l'int\u00e9ress\u00e9 ait \u00e9t\u00e9 mis \u00e0 m\u00eame de pr\u00e9senter\nses observations, \u00eatre retir\u00e9e en cas de manquement aux dispositions figurant aux articles L.251-2, L.251-3, L.252-1 \u00e0 L.252-6, L.253-1 \u00e0\nL.253-5 et R.251-1 \u00e0 R.253-4 du code de la s\u00e9curit\u00e9 int\u00e9rieure susvis\u00e9 ou encore en cas de modification des conditions au vu desquelles cette\nautorisation a \u00e9t\u00e9 d\u00e9livr\u00e9e.\nArt. 7 : La pr\u00e9sente autorisation peut faire l'objet d'un recours devant le Tribunal Administratif de Caen dans un d\u00e9lai de deux mois \u00e0 compter de\nla date de sa notification \u00e0 l'int\u00e9ress\u00e9.\nArt. 8  : Le syst\u00e8me concern\u00e9 devra faire l'objet d'une nouvelle autorisation administrative pr\u00e9alable au terme du d\u00e9lai des cinq ans  : une\nnouvelle demande devra \u00eatre d\u00e9pos\u00e9e par t\u00e9l\u00e9proc\u00e9dure disponible sur le site \u00abvideoprotection.interieur.gouv.fr\u00bb, quatre mois avant l'\u00e9ch\u00e9ance\nde ce d\u00e9lai.\nSign\u00e9 : Pour le pr\u00e9fet et par d\u00e9l\u00e9gation, le sous-pr\u00e9fet d'Avranches : Gilles TRAIMOND\n\uf0bf\nArr\u00eat\u00e9 n\u00b0 2023-66 du 5 avril 2023 portant autorisation d'un syst\u00e8me de vid\u00e9oprotection - Mondial Relay  - Consigne N\u00b0 38535 \u00e0\nBRECEY\nConsid\u00e9rant que ce lieu est particuli\u00e8rement expos\u00e9 \u00e0 des risques d'agression ou de vol ;\nConsid\u00e9rant le caract\u00e8re proportionn\u00e9 du nombre de cam\u00e9ras envisag\u00e9es au regard des risques susmentionn\u00e9s ;\nArt. 1 : Monsieur QUENTIN BENAULT est autoris\u00e9, dans les conditions fix\u00e9es au pr\u00e9sent arr\u00eat\u00e9 et pour une dur\u00e9e de cinq ans renouvelable, \u00e0\ninstaller  2  cam\u00e9ras ext\u00e9rieures de vid\u00e9oprotection au sein de l'\u00e9tablissement Mondial Relay  - Consigne N\u00b0 38535 5 rue JEANNE D ARC\n50370 BRECEY, conform\u00e9ment au dossier pr\u00e9sent\u00e9 et annex\u00e9 \u00e0 la demande enregistr\u00e9e sous le num\u00e9ro 2023/0041.\nLe syst\u00e8me consid\u00e9r\u00e9 r\u00e9pond aux finalit\u00e9s pr\u00e9vues par le code de la s\u00e9curit\u00e9 int\u00e9rieure :\nS\u00e9curit\u00e9 des personnes, Pr\u00e9vention des atteintes aux biens, Autres (Informations service client Mondial Relay).\nArt. 2 : Le public est inform\u00e9 de la pr\u00e9sence de ces cam\u00e9ras, dans l'\u00e9tablissement cit\u00e9 \u00e0 l'article 1er, par une signal\u00e9tique appropri\u00e9e :\n- de mani\u00e8re claire, permanente et significative, \u00e0 chaque point d'acc\u00e8s du public, de l'existence du syst\u00e8me de vid\u00e9oprotection ;\n- \u00e0 chaque point d'acc\u00e8s du public, des affichettes mentionnent les r\u00e9f\u00e9rences du code de la s\u00e9curit\u00e9 int\u00e9rieure susvis\u00e9 et les coordonn\u00e9es du\nresponsable de l'\u00e9tablissement aupr\u00e8s duquel s'exerce le droit d'acc\u00e8s aux images.\nLe droit d'acc\u00e8s aux images pourra s'exercer aupr\u00e8s du responsable s\u00fbret\u00e9.\nArt. 3  : Hormis le cas d'une enqu\u00eate de flagrant d\u00e9lit, d'une enqu\u00eate pr\u00e9liminaire ou d'une information judiciaire, les enregistrements sont\nd\u00e9truits dans un d\u00e9lai maximum de 30 jours.\nArt. 4  : Monsieur QUENTIN BENAULT, responsable de la mise en \u0153uvre du syst\u00e8me doit se porter garant des personnes susceptibles\nd'intervenir dans l'exploitation ou le visionnage des images, ainsi que dans la maintenance du syst\u00e8me mis en place. Des consignes tr\u00e8s\npr\u00e9cises sur la confidentialit\u00e9 des images capt\u00e9es ou/et enregistr\u00e9es et des atteintes \u00e0 la vie priv\u00e9e qu'elles peuvent \u00e9ventuellement impliquer\nsont donn\u00e9es \u00e0 toutes les personnes concern\u00e9es.\nArt. 5 : Toute modification pr\u00e9sentant un caract\u00e8re substantiel devra faire l'objet d'une d\u00e9claration aupr\u00e8s des services pr\u00e9fectoraux, notamment\nchangement d'activit\u00e9 dans les lieux prot\u00e9g\u00e9s, changement dans la configuration des lieux, changement affectant la protection des images.\nArt. 6 : Sans pr\u00e9judice des sanctions p\u00e9nales applicables, la pr\u00e9sente autorisation peut, apr\u00e8s que l'int\u00e9ress\u00e9 ait \u00e9t\u00e9 mis \u00e0 m\u00eame de pr\u00e9senter\nses observations, \u00eatre retir\u00e9e en cas de manquement aux dispositions figurant aux articles L.251-2, L.251-3, L.252-1 \u00e0 L.252-6, L.253-1 \u00e0\nL.253-5 et R.251-1 \u00e0 R.253-4 du code de la s\u00e9curit\u00e9 int\u00e9rieure susvis\u00e9 ou encore en cas de modification des conditions au vu desquelles cette\nautorisation a \u00e9t\u00e9 d\u00e9livr\u00e9e.\nArt. 7 : La pr\u00e9sente autorisation peut faire l'objet d'un recours devant le Tribunal Administratif de Caen dans un d\u00e9lai de deux mois \u00e0 compter de\nla date de sa notification \u00e0 l'int\u00e9ress\u00e9.\nArt. 8  : Le syst\u00e8me concern\u00e9 devra faire l'objet d'une nouvelle autorisation administrative pr\u00e9alable au terme du d\u00e9lai des cinq ans  : une\nnouvelle demande devra \u00eatre d\u00e9pos\u00e9e par t\u00e9l\u00e9proc\u00e9dure disponible sur le site \u00abvideoprotection.interieur.gouv.fr\u00bb, quatre mois avant l'\u00e9ch\u00e9ance\nde ce d\u00e9lai.\nSign\u00e9 : Pour le pr\u00e9fet et par d\u00e9l\u00e9gation, le sous-pr\u00e9fet d'Avranches : Gilles TRAIMOND\n\uf0bf\nArr\u00eat\u00e9 n\u00b0 2023-67 du 5 avril 2023 portant autorisation d'un syst\u00e8me de vid\u00e9oprotection - Mondial Relay  - Consigne N\u00b0 14903 \u00e0\nSAINTE-MERE-EGLISE\nConsid\u00e9rant que ce lieu est particuli\u00e8rement expos\u00e9 \u00e0 des risques d'agression ou de vol ;\nConsid\u00e9rant le caract\u00e8re proportionn\u00e9 du nombre de cam\u00e9ras envisag\u00e9es au regard des risques susmentionn\u00e9s ;\nArt. 1 : Monsieur QUENTIN BENAULT est autoris\u00e9, dans les conditions fix\u00e9es au pr\u00e9sent arr\u00eat\u00e9 et pour une dur\u00e9e de cinq ans renouvelable, \u00e0\ninstaller  2  cam\u00e9ras ext\u00e9rieures de vid\u00e9oprotection au sein de l'\u00e9tablissement Mondial Relay  - Consigne N\u00b0 14903 rue DU GENERAL\nTHEODORE ROOSEVELT JUNIOR  50480 SAINTE-MERE-EGLISE, conform\u00e9ment au dossier pr\u00e9sent\u00e9 et annex\u00e9 \u00e0 la demande enregistr\u00e9e\nsous le num\u00e9ro 2023/0042.\nLe syst\u00e8me consid\u00e9r\u00e9 r\u00e9pond aux finalit\u00e9s pr\u00e9vues par le code de la s\u00e9curit\u00e9 int\u00e9rieure :\nS\u00e9curit\u00e9 des personnes, Pr\u00e9vention des atteintes aux biens, Autres (Informations service client Mondial Relay).\nArt. 2 : Le public est inform\u00e9 de la pr\u00e9sence de ces cam\u00e9ras, dans l'\u00e9tablissement cit\u00e9 \u00e0 l'article 1er, par une signal\u00e9tique appropri\u00e9e :\n- de mani\u00e8re claire, permanente et significative, \u00e0 chaque point d'acc\u00e8s du public, de l'existence du syst\u00e8me de vid\u00e9oprotection ;\n- \u00e0 chaque point d'acc\u00e8s du public, des affichettes mentionnent les r\u00e9f\u00e9rences du code de la s\u00e9curit\u00e9 int\u00e9rieure susvis\u00e9 et les coordonn\u00e9es du\nresponsable de l'\u00e9tablissement aupr\u00e8s duquel s'exerce le droit d'acc\u00e8s aux images.\nLe droit d'acc\u00e8s aux images pourra s'exercer aupr\u00e8s du responsable s\u00fbret\u00e9.\nArt. 3  : Hormis le cas d'une enqu\u00eate de flagrant d\u00e9lit, d'une enqu\u00eate pr\u00e9liminaire ou d'une information judiciaire, les enregistrements sont\nd\u00e9truits dans un d\u00e9lai maximum de 30 jours.\nArt. 4  : Monsieur QUENTIN BENAULT, responsable de la mise en \u0153uvre du syst\u00e8me doit se porter garant des personnes susceptibles\nd'intervenir dans l'exploitation ou le visionnage des images, ainsi que dans la maintenance du syst\u00e8me mis en place. Des consignes tr\u00e8s\npr\u00e9cises sur la confidentialit\u00e9 des images capt\u00e9es ou/et enregistr\u00e9es et des atteintes \u00e0 la vie priv\u00e9e qu'elles peuvent \u00e9ventuellement impliquer\nsont donn\u00e9es \u00e0 toutes les personnes concern\u00e9es.\nArt. 5 : Toute modification pr\u00e9sentant un caract\u00e8re substantiel devra faire l'objet d'une d\u00e9claration aupr\u00e8s des services pr\u00e9fectoraux, notamment\nchangement d'activit\u00e9 dans les lieux prot\u00e9g\u00e9s, changement dans la configuration des lieux, changement affectant la protection des images.\nArt. 6 : Sans pr\u00e9judice des sanctions p\u00e9nales applicables, la pr\u00e9sente autorisation peut, apr\u00e8s que l'int\u00e9ress\u00e9 ait \u00e9t\u00e9 mis \u00e0 m\u00eame de pr\u00e9senter\nses observations, \u00eatre retir\u00e9e en cas de manquement aux dispositions figurant aux articles L.251-2, L.251-3, L.252-1 \u00e0 L.252-6, L.253-1 \u00e0\nL.253-5 et R.251-1 \u00e0 R.253-4 du code de la s\u00e9curit\u00e9 int\u00e9rieure susvis\u00e9 ou encore en cas de modification des conditions au vu desquelles cette\nautorisation a \u00e9t\u00e9 d\u00e9livr\u00e9e.\nArt. 7 : La pr\u00e9sente autorisation peut faire l'objet d'un recours devant le Tribunal Administratif de Caen dans un d\u00e9lai de deux mois \u00e0 compter de\nla date de sa notification \u00e0 l'int\u00e9ress\u00e9.\nArt. 8  : Le syst\u00e8me concern\u00e9 devra faire l'objet d'une nouvelle autorisation administrative pr\u00e9alable au terme du d\u00e9lai des cinq ans  : une\nnouvelle demande devra \u00eatre d\u00e9pos\u00e9e par t\u00e9l\u00e9proc\u00e9dure disponible sur le site \u00abvideoprotection.interieur.gouv.fr\u00bb, quatre mois avant l'\u00e9ch\u00e9ance\nde ce d\u00e9lai.\nSign\u00e9 : Pour le pr\u00e9fet et par d\u00e9l\u00e9gation, le sous-pr\u00e9fet d'Avranches : Gilles TRAIMOND\n\uf0bf\nArr\u00eat\u00e9 n\u00b0 2023-68 du 5 avril 2023 portant autorisation d'un syst\u00e8me de vid\u00e9oprotection - Mondial Relay - Consigne N\u00b0 71037 \u00e0\nCOUTANCES\nConsid\u00e9rant que ce lieu est particuli\u00e8rement expos\u00e9 \u00e0 des risques d'agression ou de vol ;\nConsid\u00e9rant le caract\u00e8re proportionn\u00e9 du nombre de cam\u00e9ras envisag\u00e9es au regard des risques susmentionn\u00e9s ;\nArt. 1 : Monsieur QUENTIN BENAULT est autoris\u00e9, dans les conditions fix\u00e9es au pr\u00e9sent arr\u00eat\u00e9 et pour une dur\u00e9e de cinq ans renouvelable, \u00e0\ninstaller  2  cam\u00e9ras ext\u00e9rieures de vid\u00e9oprotection au sein de l'\u00e9tablissement Mondial Relay - Consigne N\u00b0 71037 ZI Ch\u00e2teau de la Mare\n50200 COUTANCES, conform\u00e9ment au dossier pr\u00e9sent\u00e9 et annex\u00e9 \u00e0 la demande enregistr\u00e9e sous le num\u00e9ro 2023/0043.\nLe syst\u00e8me consid\u00e9r\u00e9 r\u00e9pond aux finalit\u00e9s pr\u00e9vues par le code de la s\u00e9curit\u00e9 int\u00e9rieure :\nS\u00e9curit\u00e9 des personnes, Pr\u00e9vention des atteintes aux biens, Autres (Informations service client Mondial Relay ).\nArt. 2 : Le public est inform\u00e9 de la pr\u00e9sence de ces cam\u00e9ras, dans l'\u00e9tablissement cit\u00e9 \u00e0 l'article 1er, par une signal\u00e9tique appropri\u00e9e :\n- de mani\u00e8re claire, permanente et significative, \u00e0 chaque point d'acc\u00e8s du public, de l'existence du syst\u00e8me de vid\u00e9oprotection ;\n- \u00e0 chaque point d'acc\u00e8s du public, des affichettes mentionnent les r\u00e9f\u00e9rences du code de la s\u00e9curit\u00e9 int\u00e9rieure susvis\u00e9 et les coordonn\u00e9es du\nresponsable de l'\u00e9tablissement aupr\u00e8s duquel s'exerce le droit d'acc\u00e8s aux images.\nLe droit d'acc\u00e8s aux images pourra s'exercer aupr\u00e8s du responsable s\u00fbret\u00e9.\nArt. 3  : Hormis le cas d'une enqu\u00eate de flagrant d\u00e9lit, d'une enqu\u00eate pr\u00e9liminaire ou d'une information judiciaire, les enregistrements sont\nd\u00e9truits dans un d\u00e9lai maximum de 30 jours.\nArt. 4  : Monsieur QUENTIN BENAULT, responsable de la mise en \u0153uvre du syst\u00e8me doit se porter garant des personnes susceptibles\nd'intervenir dans l'exploitation ou le visionnage des images, ainsi que dans la maintenance du syst\u00e8me mis en place. Des consignes tr\u00e8s\npr\u00e9cises sur la confidentialit\u00e9 des images capt\u00e9es ou/et enregistr\u00e9es et des atteintes \u00e0 la vie priv\u00e9e qu'elles peuvent \u00e9ventuellement impliquer\nsont donn\u00e9es \u00e0 toutes les personnes concern\u00e9es.\nArt. 5 : Toute modification pr\u00e9sentant un caract\u00e8re substantiel devra faire l'objet d'une d\u00e9claration aupr\u00e8s des services pr\u00e9fectoraux, notamment\nchangement d'activit\u00e9 dans les lieux prot\u00e9g\u00e9s, changement dans la configuration des lieux, changement affectant la protection des images.\nArt. 6 : Sans pr\u00e9judice des sanctions p\u00e9nales applicables, la pr\u00e9sente autorisation peut, apr\u00e8s que l'int\u00e9ress\u00e9 ait \u00e9t\u00e9 mis \u00e0 m\u00eame de pr\u00e9senter\nses observations, \u00eatre retir\u00e9e en cas de manquement aux dispositions figurant aux articles L.251-2, L.251-3, L.252-1 \u00e0 L.252-6, L.253-1 \u00e0\nL.253-5 et R.251-1 \u00e0 R.253-4 du code de la s\u00e9curit\u00e9 int\u00e9rieure susvis\u00e9 ou encore en cas de modification des conditions au vu desquelles cette\nautorisation a \u00e9t\u00e9 d\u00e9livr\u00e9e.\nArt. 7 : La pr\u00e9sente autorisation peut faire l'objet d'un recours devant le Tribunal Administratif de Caen dans un d\u00e9lai de deux mois \u00e0 compter de\nla date de sa notification \u00e0 l'int\u00e9ress\u00e9.\nArt. 8  : Le syst\u00e8me concern\u00e9 devra faire l'objet d'une nouvelle autorisation administrative pr\u00e9alable au terme du d\u00e9lai des cinq ans  : une\nnouvelle demande devra \u00eatre d\u00e9pos\u00e9e par t\u00e9l\u00e9proc\u00e9dure disponible sur le site \u00abvideoprotection.interieur.gouv.fr\u00bb, quatre mois avant l'\u00e9ch\u00e9ance\nde ce d\u00e9lai.\nSign\u00e9 : Pour le pr\u00e9fet et par d\u00e9l\u00e9gation, le sous-pr\u00e9fet d'Avranches : Gilles TRAIMOND\n\uf0bf\nArr\u00eat\u00e9 n\u00b0 2023-69 du 5 avril 2023 portant autorisation d'un syst\u00e8me de vid\u00e9oprotection - Mondial Relay - consigne n\u00b016458 \u00e0\nCARENTAN-LES-MARAIS\nConsid\u00e9rant que ce lieu est particuli\u00e8rement expos\u00e9 \u00e0 des risques d'agression ou de vol ;\nConsid\u00e9rant le caract\u00e8re proportionn\u00e9 du nombre de cam\u00e9ras envisag\u00e9es au regard des risques susmentionn\u00e9s ;\nArt. 1 : Monsieur Quentin BENAULT est autoris\u00e9, dans les conditions fix\u00e9es au pr\u00e9sent arr\u00eat\u00e9 et pour une dur\u00e9e de cinq ans renouvelable, \u00e0\ninstaller  2  cam\u00e9ras ext\u00e9rieures de vid\u00e9oprotection au sein de l'\u00e9tablissement Mondial Relay - consigne n\u00b016458 rue de la Guinguette  50500\nCARENTAN-LES-MARAIS, conform\u00e9ment au dossier pr\u00e9sent\u00e9 et annex\u00e9 \u00e0 la demande enregistr\u00e9e sous le num\u00e9ro 2023/0044.\nLe syst\u00e8me consid\u00e9r\u00e9 r\u00e9pond aux finalit\u00e9s pr\u00e9vues par le code de la s\u00e9curit\u00e9 int\u00e9rieure :\nS\u00e9curit\u00e9 des personnes, Pr\u00e9vention des atteintes aux biens, Autres (Informations service client Mondial Relay).\nArt. 2 : Le public est inform\u00e9 de la pr\u00e9sence de ces cam\u00e9ras, dans l'\u00e9tablissement cit\u00e9 \u00e0 l'article 1er, par une signal\u00e9tique appropri\u00e9e :\n- de mani\u00e8re claire, permanente et significative, \u00e0 chaque point d'acc\u00e8s du public, de l'existence du syst\u00e8me de vid\u00e9oprotection ;\n- \u00e0 chaque point d'acc\u00e8s du public, des affichettes mentionnent les r\u00e9f\u00e9rences du code de la s\u00e9curit\u00e9 int\u00e9rieure susvis\u00e9 et les coordonn\u00e9es du\nresponsable de l'\u00e9tablissement aupr\u00e8s duquel s'exerce le droit d'acc\u00e8s aux images.\nLe droit d'acc\u00e8s aux images pourra s'exercer aupr\u00e8s du responsable s\u00fbret\u00e9.\nArt. 3  : Hormis le cas d'une enqu\u00eate de flagrant d\u00e9lit, d'une enqu\u00eate pr\u00e9liminaire ou d'une information judiciaire, les enregistrements sont\nd\u00e9truits dans un d\u00e9lai maximum de 30 jours.\nArt. 4 : Monsieur Quentin BENAULT, responsable de la mise en \u0153uvre du syst\u00e8me doit se porter garant des personnes susceptibles d'intervenir\ndans l'exploitation ou le visionnage des images, ainsi que dans la maintenance du syst\u00e8me mis en place. Des consignes tr\u00e8s pr\u00e9cises sur la\nconfidentialit\u00e9 des images capt\u00e9es ou/et enregistr\u00e9es et des atteintes \u00e0 la vie priv\u00e9e qu'elles peuvent \u00e9ventuellement impliquer sont donn\u00e9es \u00e0\ntoutes les personnes concern\u00e9es.\nArt. 5 : Toute modification pr\u00e9sentant un caract\u00e8re substantiel devra faire l'objet d'une d\u00e9claration aupr\u00e8s des services pr\u00e9fectoraux, notamment\nchangement d'activit\u00e9 dans les lieux prot\u00e9g\u00e9s, changement dans la configuration des lieux, changement affectant la protection des images.\nArt. 6 : Sans pr\u00e9judice des sanctions p\u00e9nales applicables, la pr\u00e9sente autorisation peut, apr\u00e8s que l'int\u00e9ress\u00e9 ait \u00e9t\u00e9 mis \u00e0 m\u00eame de pr\u00e9senter\nses observations, \u00eatre retir\u00e9e en cas de manquement aux dispositions figurant aux articles L.251-2, L.251-3, L.252-1 \u00e0 L.252-6, L.253-1 \u00e0\nL.253-5 et R.251-1 \u00e0 R.253-4 du code de la s\u00e9curit\u00e9 int\u00e9rieure susvis\u00e9 ou encore en cas de modification des conditions au vu desquelles cette\nautorisation a \u00e9t\u00e9 d\u00e9livr\u00e9e.\nArt. 7 : La pr\u00e9sente autorisation peut faire l'objet d'un recours devant le Tribunal Administratif de Caen dans un d\u00e9lai de deux mois \u00e0 compter de\nla date de sa notification \u00e0 l'int\u00e9ress\u00e9.\nArt. 8  : Le syst\u00e8me concern\u00e9 devra faire l'objet d'une nouvelle autorisation administrative pr\u00e9alable au terme du d\u00e9lai des cinq ans  : une\nnouvelle demande devra \u00eatre d\u00e9pos\u00e9e par t\u00e9l\u00e9proc\u00e9dure disponible sur le site \u00abvideoprotection.interieur.gouv.fr\u00bb, quatre mois avant l'\u00e9ch\u00e9ance\nde ce d\u00e9lai.\nSign\u00e9 : Pour le pr\u00e9fet et par d\u00e9l\u00e9gation, le sous-pr\u00e9fet d'Avranches : Gilles TRAIMOND\n\uf0bf\nArr\u00eat\u00e9 n\u00b0 2023-70 du 5 avril 2023 portant autorisation d'un syst\u00e8me de vid\u00e9oprotection - Mondial Relay - consigne n\u00b014809 \u00e0\nCHERBOURG-EN-COTENTIN\nConsid\u00e9rant que ce lieu est particuli\u00e8rement expos\u00e9 \u00e0 des risques d'agression ou de vol ;\nConsid\u00e9rant le caract\u00e8re proportionn\u00e9 du nombre de cam\u00e9ras envisag\u00e9es au regard des risques susmentionn\u00e9s ;\nArt. 1 : Monsieur Quentin BENAULT est autoris\u00e9, dans les conditions fix\u00e9es au pr\u00e9sent arr\u00eat\u00e9 et pour une dur\u00e9e de cinq ans renouvelable, \u00e0\ninstaller  2  cam\u00e9ras ext\u00e9rieures de vid\u00e9oprotection au sein de l'\u00e9tablissement Mondial Relay - consigne n\u00b014809 260 rue du Grand Pr\u00e9\n(Tourlaville)  50110 CHERBOURG-EN-COTENTIN, conform\u00e9ment au dossier pr\u00e9sent\u00e9 et annex\u00e9 \u00e0 la demande enregistr\u00e9e sous le num\u00e9ro\n2023/0045.\nLe syst\u00e8me consid\u00e9r\u00e9 r\u00e9pond aux finalit\u00e9s pr\u00e9vues par le code de la s\u00e9curit\u00e9 int\u00e9rieure :\nS\u00e9curit\u00e9 des personnes, Pr\u00e9vention des atteintes aux biens, Autres (Informations service client Mondial Relay).\nArt. 2 : Le public est inform\u00e9 de la pr\u00e9sence de ces cam\u00e9ras, dans l'\u00e9tablissement cit\u00e9 \u00e0 l'article 1er, par une signal\u00e9tique appropri\u00e9e :\n- de mani\u00e8re claire, permanente et significative, \u00e0 chaque point d'acc\u00e8s du public, de l'existence du syst\u00e8me de vid\u00e9oprotection ;\n- \u00e0 chaque point d'acc\u00e8s du public, des affichettes mentionnent les r\u00e9f\u00e9rences du code de la s\u00e9curit\u00e9 int\u00e9rieure susvis\u00e9 et les coordonn\u00e9es du\nresponsable de l'\u00e9tablissement aupr\u00e8s duquel s'exerce le droit d'acc\u00e8s aux images.\nLe droit d'acc\u00e8s aux images pourra s'exercer aupr\u00e8s du responsable s\u00fbret\u00e9.\nArt. 3  : Hormis le cas d'une enqu\u00eate de flagrant d\u00e9lit, d'une enqu\u00eate pr\u00e9liminaire ou d'une information judiciaire, les enregistrements sont\nd\u00e9truits dans un d\u00e9lai maximum de 30 jours.\nArt. 4 : Monsieur Quentin BENAULT, responsable de la mise en \u0153uvre du syst\u00e8me doit se porter garant des personnes susceptibles d'intervenir\ndans l'exploitation ou le visionnage des images, ainsi que dans la maintenance du syst\u00e8me mis en place. Des consignes tr\u00e8s pr\u00e9cises sur la\nconfidentialit\u00e9 des images capt\u00e9es ou/et enregistr\u00e9es et des atteintes \u00e0 la vie priv\u00e9e qu'elles peuvent \u00e9ventuellement impliquer sont donn\u00e9es \u00e0\ntoutes les personnes concern\u00e9es.\nArt. 5 : Toute modification pr\u00e9sentant un caract\u00e8re substantiel devra faire l'objet d'une d\u00e9claration aupr\u00e8s des services pr\u00e9fectoraux, notamment\nchangement d'activit\u00e9 dans les lieux prot\u00e9g\u00e9s, changement dans la configuration des lieux, changement affectant la protection des images.\nArt. 6 : Sans pr\u00e9judice des sanctions p\u00e9nales applicables, la pr\u00e9sente autorisation peut, apr\u00e8s que l'int\u00e9ress\u00e9 ait \u00e9t\u00e9 mis \u00e0 m\u00eame de pr\u00e9senter\nses observations, \u00eatre retir\u00e9e en cas de manquement aux dispositions figurant aux articles L.251-2, L.251-3, L.252-1 \u00e0 L.252-6, L.253-1 \u00e0\nL.253-5 et R.251-1 \u00e0 R.253-4 du code de la s\u00e9curit\u00e9 int\u00e9rieure susvis\u00e9 ou encore en cas de modification des conditions au vu desquelles cette\nautorisation a \u00e9t\u00e9 d\u00e9livr\u00e9e.\nArt. 7 : La pr\u00e9sente autorisation peut faire l'objet d'un recours devant le Tribunal Administratif de Caen dans un d\u00e9lai de deux mois \u00e0 compter de\nla date de sa notification \u00e0 l'int\u00e9ress\u00e9.\nArt. 8  : Le syst\u00e8me concern\u00e9 devra faire l'objet d'une nouvelle autorisation administrative pr\u00e9alable au terme du d\u00e9lai des cinq ans  : une\nnouvelle demande devra \u00eatre d\u00e9pos\u00e9e par t\u00e9l\u00e9proc\u00e9dure disponible sur le site \u00abvideoprotection.interieur.gouv.fr\u00bb, quatre mois avant l'\u00e9ch\u00e9ance\nde ce d\u00e9lai.\nSign\u00e9 : Pour le pr\u00e9fet et par d\u00e9l\u00e9gation, le sous-pr\u00e9fet d'Avranches : Gilles TRAIMOND\n\uf0bf\nArr\u00eat\u00e9 n\u00b0 2023-71 du 5 avril 2023 portant autorisation d'un syst\u00e8me de vid\u00e9oprotection - ADSEAM \u00e0 CHERBOURG-EN-COTENTIN\nConsid\u00e9rant que ce lieu est particuli\u00e8rement expos\u00e9 \u00e0 des risques d'agression ou de vol ;\nConsid\u00e9rant le caract\u00e8re proportionn\u00e9 du nombre de cam\u00e9ras envisag\u00e9es au regard des risques susmentionn\u00e9s ;\nArt. 1  : Madame H\u00e9l\u00e8ne L'ANGE est autoris\u00e9e, dans les conditions fix\u00e9es au pr\u00e9sent arr\u00eat\u00e9 et pour une dur\u00e9e de cinq ans renouvelable, \u00e0\ninstaller 8 cam\u00e9ras int\u00e9rieures et 1 cam\u00e9ra ext\u00e9rieure de vid\u00e9oprotection au sein de l'\u00e9tablissement ADSEAM 2 rue de Cambresis  50100\nCHERBOURG-EN-COTENTIN, conform\u00e9ment au dossier pr\u00e9sent\u00e9 et annex\u00e9 \u00e0 la demande enregistr\u00e9e sous le num\u00e9ro 2023/0048.\nLe syst\u00e8me consid\u00e9r\u00e9 r\u00e9pond aux finalit\u00e9s pr\u00e9vues par le code de la s\u00e9curit\u00e9 int\u00e9rieure :\nS\u00e9curit\u00e9 des personnes, Pr\u00e9vention des atteintes aux biens.\nArt. 2 : Le public est inform\u00e9 de la pr\u00e9sence de ces cam\u00e9ras, dans l'\u00e9tablissement cit\u00e9 \u00e0 l'article 1er, par une signal\u00e9tique appropri\u00e9e :\n- de mani\u00e8re claire, permanente et significative, \u00e0 chaque point d'acc\u00e8s du public, de l'existence du syst\u00e8me de vid\u00e9oprotection ;\n- \u00e0 chaque point d'acc\u00e8s du public, des affichettes mentionnent les r\u00e9f\u00e9rences du code de la s\u00e9curit\u00e9 int\u00e9rieure susvis\u00e9 et les coordonn\u00e9es du\nresponsable de l'\u00e9tablissement aupr\u00e8s duquel s'exerce le droit d'acc\u00e8s aux images.\nLe droit d'acc\u00e8s aux images pourra s'exercer aupr\u00e8s de la directrice - p\u00f4le insertion.\nArt. 3  : Hormis le cas d'une enqu\u00eate de flagrant d\u00e9lit, d'une enqu\u00eate pr\u00e9liminaire ou d'une information judiciaire, les enregistrements sont\nd\u00e9truits dans un d\u00e9lai maximum de 30 jours.\nArt. 4 : Madame H\u00e9l\u00e8ne L'ANGE, responsable de la mise en \u0153uvre du syst\u00e8me doit se porter garante des personnes susceptibles d'intervenir\ndans l'exploitation ou le visionnage des images, ainsi que dans la maintenance du syst\u00e8me mis en place. Des consignes tr\u00e8s pr\u00e9cises sur la\nconfidentialit\u00e9 des images capt\u00e9es ou/et enregistr\u00e9es et des atteintes \u00e0 la vie priv\u00e9e qu'elles peuvent \u00e9ventuellement impliquer sont donn\u00e9es \u00e0\ntoutes les personnes concern\u00e9es.\nArt. 5 : Toute modification pr\u00e9sentant un caract\u00e8re substantiel devra faire l'objet d'une d\u00e9claration aupr\u00e8s des services pr\u00e9fectoraux, notamment\nchangement d'activit\u00e9 dans les lieux prot\u00e9g\u00e9s, changement dans la configuration des lieux, changement affectant la protection des images.\nArt. 6 : Sans pr\u00e9judice des sanctions p\u00e9nales applicables, la pr\u00e9sente autorisation peut, apr\u00e8s que l'int\u00e9ress\u00e9e ait \u00e9t\u00e9 mis \u00e0 m\u00eame de pr\u00e9senter\nses observations, \u00eatre retir\u00e9e en cas de manquement aux dispositions figurant aux articles L.251-2, L.251-3, L.252-1 \u00e0 L.252-6, L.253-1 \u00e0\nL.253-5 et R.251-1 \u00e0 R.253-4 du code de la s\u00e9curit\u00e9 int\u00e9rieure susvis\u00e9 ou encore en cas de modification des conditions au vu desquelles cette\nautorisation a \u00e9t\u00e9 d\u00e9livr\u00e9e.\nArt. 7 : La pr\u00e9sente autorisation peut faire l'objet d'un recours devant le Tribunal Administratif de Caen dans un d\u00e9lai de deux mois \u00e0 compter de\nla date de sa notification \u00e0 l'int\u00e9ress\u00e9e.\nArt. 8  : Le syst\u00e8me concern\u00e9 devra faire l'objet d'une nouvelle autorisation administrative pr\u00e9alable au terme du d\u00e9lai des cinq ans  : une\nnouvelle demande devra \u00eatre d\u00e9pos\u00e9e par t\u00e9l\u00e9proc\u00e9dure disponible sur le site \u00abvideoprotection.interieur.gouv.fr\u00bb, quatre mois avant l'\u00e9ch\u00e9ance\nde ce d\u00e9lai.\nSign\u00e9 : Pour le pr\u00e9fet et par d\u00e9l\u00e9gation, le sous-pr\u00e9fet d'Avranches : Gilles TRAIMOND\n\uf0bf\nArr\u00eat\u00e9 n\u00b0 2023-72 du 5 avril 2023 portant autorisation d'un syst\u00e8me de vid\u00e9oprotection - Foyer des Jeunes Travailleurs \u00e0 GRANVILLE\nConsid\u00e9rant que ce lieu est particuli\u00e8rement expos\u00e9 \u00e0 des risques d'agression ou de vol ;\nConsid\u00e9rant le caract\u00e8re proportionn\u00e9 du nombre de cam\u00e9ras envisag\u00e9es au regard des risques susmentionn\u00e9s ;\nArt. 1 : Monsieur Gilles MENARD, maire de Granville, est autoris\u00e9, dans les conditions fix\u00e9es au pr\u00e9sent arr\u00eat\u00e9 et pour une dur\u00e9e de cinq ans\nrenouvelable, \u00e0 installer 4 cam\u00e9ras int\u00e9rieures de vid\u00e9oprotection au sein de l'\u00e9tablissement Foyer des Jeunes Travailleurs 12 Place d'Armes\n50400 GRANVILLE, conform\u00e9ment au dossier pr\u00e9sent\u00e9 et annex\u00e9 \u00e0 la demande enregistr\u00e9e sous le num\u00e9ro 2023/0049.\nLe syst\u00e8me consid\u00e9r\u00e9 r\u00e9pond aux finalit\u00e9s pr\u00e9vues par le code de la s\u00e9curit\u00e9 int\u00e9rieure :\nS\u00e9curit\u00e9 des personnes, Protection Incendie/Accidents, Pr\u00e9vention des atteintes aux biens, Protection des b\u00e2timents publics, Pr\u00e9vention du\ntrafic de stup\u00e9fiants.\nArt. 2 : Le public est inform\u00e9 de la pr\u00e9sence de ces cam\u00e9ras, dans l'\u00e9tablissement cit\u00e9 \u00e0 l'article 1er, par une signal\u00e9tique appropri\u00e9e :\n- de mani\u00e8re claire, permanente et significative, \u00e0 chaque point d'acc\u00e8s du public, de l'existence du syst\u00e8me de vid\u00e9oprotection ;\n- \u00e0 chaque point d'acc\u00e8s du public, des affichettes mentionnent les r\u00e9f\u00e9rences du code de la s\u00e9curit\u00e9 int\u00e9rieure susvis\u00e9 et les coordonn\u00e9es du\nresponsable de l'\u00e9tablissement aupr\u00e8s duquel s'exerce le droit d'acc\u00e8s aux images.\nLe droit d'acc\u00e8s aux images pourra s'exercer aupr\u00e8s de la direction.\nArt. 3  : Hormis le cas d'une enqu\u00eate de flagrant d\u00e9lit, d'une enqu\u00eate pr\u00e9liminaire ou d'une information judiciaire, les enregistrements sont\nd\u00e9truits dans un d\u00e9lai maximum de 30 jours.\nArt. 4 : Monsieur Gilles MENARD, responsable de la mise en \u0153uvre du syst\u00e8me doit se porter garant des personnes susceptibles d'intervenir\ndans l'exploitation ou le visionnage des images, ainsi que dans la maintenance du syst\u00e8me mis en place. Des consignes tr\u00e8s pr\u00e9cises sur la\nconfidentialit\u00e9 des images capt\u00e9es ou/et enregistr\u00e9es et des atteintes \u00e0 la vie priv\u00e9e qu'elles peuvent \u00e9ventuellement impliquer sont donn\u00e9es \u00e0\ntoutes les personnes concern\u00e9es.\nArt. 5 : Toute modification pr\u00e9sentant un caract\u00e8re substantiel devra faire l'objet d'une d\u00e9claration aupr\u00e8s des services pr\u00e9fectoraux, notamment\nchangement d'activit\u00e9 dans les lieux prot\u00e9g\u00e9s, changement dans la configuration des lieux, changement affectant la protection des images.\nArt. 6 : Sans pr\u00e9judice des sanctions p\u00e9nales applicables, la pr\u00e9sente autorisation peut, apr\u00e8s que l'int\u00e9ress\u00e9 ait \u00e9t\u00e9 mis \u00e0 m\u00eame de pr\u00e9senter\nses observations, \u00eatre retir\u00e9e en cas de manquement aux dispositions figurant aux articles L.251-2, L.251-3, L.252-1 \u00e0 L.252-6, L.253-1 \u00e0\nL.253-5 et R.251-1 \u00e0 R.253-4 du code de la s\u00e9curit\u00e9 int\u00e9rieure susvis\u00e9 ou encore en cas de modification des conditions au vu desquelles cette\nautorisation a \u00e9t\u00e9 d\u00e9livr\u00e9e.\nArt. 7 : La pr\u00e9sente autorisation peut faire l'objet d'un recours devant le Tribunal Administratif de Caen dans un d\u00e9lai de deux mois \u00e0 compter de\nla date de sa notification \u00e0 l'int\u00e9ress\u00e9.\nArt. 8  : Le syst\u00e8me concern\u00e9 devra faire l'objet d'une nouvelle autorisation administrative pr\u00e9alable au terme du d\u00e9lai des cinq ans  : une\nnouvelle demande devra \u00eatre d\u00e9pos\u00e9e par t\u00e9l\u00e9proc\u00e9dure disponible sur le site \u00abvideoprotection.interieur.gouv.fr\u00bb, quatre mois avant l'\u00e9ch\u00e9ance\nde ce d\u00e9lai.\nSign\u00e9 : Pour le pr\u00e9fet et par d\u00e9l\u00e9gation, le sous-pr\u00e9fet d'Avranches : Gilles TRAIMOND\n\uf0bf\nArr\u00eat\u00e9 n\u00b0 2023-73 du 5 avril 2023 portant autorisation d'un syst\u00e8me de vid\u00e9oprotection - NALEAL \u00e0  CHERBOURG-EN-COTENTIN\nConsid\u00e9rant que ce lieu est particuli\u00e8rement expos\u00e9 \u00e0 des risques d'agression ou de vol ;\nConsid\u00e9rant le caract\u00e8re proportionn\u00e9 du nombre de cam\u00e9ras envisag\u00e9es au regard des risques susmentionn\u00e9s ;\nArt. 1 : Monsieur Alexandre WENTZEL est autoris\u00e9, dans les conditions fix\u00e9es au pr\u00e9sent arr\u00eat\u00e9 et pour une dur\u00e9e de cinq ans renouvelable, \u00e0\ninstaller 6 cam\u00e9ras int\u00e9rieures et 2 cam\u00e9ras ext\u00e9rieures de vid\u00e9oprotection au sein de l'\u00e9tablissement NALEAL 212A rue des ch\u00eanes -\nTourlaville  50110 CHERBOURG-EN-COTENTIN, conform\u00e9ment au dossier pr\u00e9sent\u00e9 et annex\u00e9 \u00e0 la demande enregistr\u00e9e sous le num\u00e9ro\n2023/0050.\nLe syst\u00e8me consid\u00e9r\u00e9 r\u00e9pond aux finalit\u00e9s pr\u00e9vues par le code de la s\u00e9curit\u00e9 int\u00e9rieure :\nS\u00e9curit\u00e9 des  personnes,  Protection  Incendie/Accidents,  Pr\u00e9vention  des  atteintes  aux  biens,  Lutte contre la d\u00e9marque  inconnue,  Autres\n(cambriolages).\nArt. 2 : Le public est inform\u00e9 de la pr\u00e9sence de ces cam\u00e9ras, dans l'\u00e9tablissement cit\u00e9 \u00e0 l'article 1er, par une signal\u00e9tique appropri\u00e9e :\n- de mani\u00e8re claire, permanente et significative, \u00e0 chaque point d'acc\u00e8s du public, de l'existence du syst\u00e8me de vid\u00e9oprotection ;\n- \u00e0 chaque point d'acc\u00e8s du public, des affichettes mentionnent les r\u00e9f\u00e9rences du code de la s\u00e9curit\u00e9 int\u00e9rieure susvis\u00e9 et les coordonn\u00e9es du\nresponsable de l'\u00e9tablissement aupr\u00e8s duquel s'exerce le droit d'acc\u00e8s aux images.\nLe droit d'acc\u00e8s aux images pourra s'exercer aupr\u00e8s de la direction.\nArt. 3  : Hormis le cas d'une enqu\u00eate de flagrant d\u00e9lit, d'une enqu\u00eate pr\u00e9liminaire ou d'une information judiciaire, les enregistrements sont\nd\u00e9truits dans un d\u00e9lai maximum de 15 jours.\nArt. 4  : Monsieur Alexandre WENTZEL, responsable de la mise en \u0153uvre du syst\u00e8me doit se porter garant des personnes susceptibles\nd'intervenir dans l'exploitation ou le visionnage des images, ainsi que dans la maintenance du syst\u00e8me mis en place. Des consignes tr\u00e8s\npr\u00e9cises sur la confidentialit\u00e9 des images capt\u00e9es ou/et enregistr\u00e9es et des atteintes \u00e0 la vie priv\u00e9e qu'elles peuvent \u00e9ventuellement impliquer\nsont donn\u00e9es \u00e0 toutes les personnes concern\u00e9es.\nArt. 5 : Toute modification pr\u00e9sentant un caract\u00e8re substantiel devra faire l'objet d'une d\u00e9claration aupr\u00e8s des services pr\u00e9fectoraux, notamment\nchangement d'activit\u00e9 dans les lieux prot\u00e9g\u00e9s, changement dans la configuration des lieux, changement affectant la protection des images.\nArt. 6 : Sans pr\u00e9judice des sanctions p\u00e9nales applicables, la pr\u00e9sente autorisation peut, apr\u00e8s que l'int\u00e9ress\u00e9 ait \u00e9t\u00e9 mis \u00e0 m\u00eame de pr\u00e9senter\nses observations, \u00eatre retir\u00e9e en cas de manquement aux dispositions figurant aux articles L.251-2, L.251-3, L.252-1 \u00e0 L.252-6, L.253-1 \u00e0\nL.253-5 et R.251-1 \u00e0 R.253-4 du code de la s\u00e9curit\u00e9 int\u00e9rieure susvis\u00e9 ou encore en cas de modification des conditions au vu desquelles cette\nautorisation a \u00e9t\u00e9 d\u00e9livr\u00e9e.\nArt. 7 : La pr\u00e9sente autorisation peut faire l'objet d'un recours devant le Tribunal Administratif de Caen dans un d\u00e9lai de deux mois \u00e0 compter de\nla date de sa notification \u00e0 l'int\u00e9ress\u00e9.\nArt. 8  : Le syst\u00e8me concern\u00e9 devra faire l'objet d'une nouvelle autorisation administrative pr\u00e9alable au terme du d\u00e9lai des cinq ans  : une\nnouvelle demande devra \u00eatre d\u00e9pos\u00e9e par t\u00e9l\u00e9proc\u00e9dure disponible sur le site \u00abvideoprotection.interieur.gouv.fr\u00bb, quatre mois avant l'\u00e9ch\u00e9ance\nde ce d\u00e9lai.\nSign\u00e9 : Pour le pr\u00e9fet et par d\u00e9l\u00e9gation, le sous-pr\u00e9fet d'Avranches : Gilles TRAIMOND\n\uf0bf\nArr\u00eat\u00e9 n\u00b0 2023-74 du 5 avril 2023 portant autorisation d'un syst\u00e8me de vid\u00e9oprotection - Mondial Relay - Consigne N\u00b0 14925 \u00e0\nBREHAL\nConsid\u00e9rant que ce lieu est particuli\u00e8rement expos\u00e9 \u00e0 des risques d'agression ou de vol ;\nConsid\u00e9rant le caract\u00e8re proportionn\u00e9 du nombre de cam\u00e9ras envisag\u00e9es au regard des risques susmentionn\u00e9s ;\nArt. 1 : Monsieur QUENTIN BENAULT est autoris\u00e9, dans les conditions fix\u00e9es au pr\u00e9sent arr\u00eat\u00e9 et pour une dur\u00e9e de cinq ans renouvelable, \u00e0\ninstaller 2  cam\u00e9ras ext\u00e9rieures de vid\u00e9oprotection au sein de l'\u00e9tablissement Mondial Relay - Consigne N\u00b0 14925 rue du Clos des Mares, Imp\nde la Tannerie  50290 BREHAL, conform\u00e9ment au dossier pr\u00e9sent\u00e9 et annex\u00e9 \u00e0 la demande enregistr\u00e9e sous le num\u00e9ro 2023/0051.\nLe syst\u00e8me consid\u00e9r\u00e9 r\u00e9pond aux finalit\u00e9s pr\u00e9vues par le code de la s\u00e9curit\u00e9 int\u00e9rieure :\nS\u00e9curit\u00e9 des personnes, Pr\u00e9vention des atteintes aux biens, Autres (Informations service client Mondial Relay ).\nArt. 2 : Le public est inform\u00e9 de la pr\u00e9sence de ces cam\u00e9ras, dans l'\u00e9tablissement cit\u00e9 \u00e0 l'article 1er, par une signal\u00e9tique appropri\u00e9e :\n- de mani\u00e8re claire, permanente et significative, \u00e0 chaque point d'acc\u00e8s du public, de l'existence du syst\u00e8me de vid\u00e9oprotection ;\n- \u00e0 chaque point d'acc\u00e8s du public, des affichettes mentionnent les r\u00e9f\u00e9rences du code de la s\u00e9curit\u00e9 int\u00e9rieure susvis\u00e9 et les coordonn\u00e9es du\nresponsable de l'\u00e9tablissement aupr\u00e8s duquel s'exerce le droit d'acc\u00e8s aux images.\nLe droit d'acc\u00e8s aux images pourra s'exercer aupr\u00e8s du responsable s\u00fbret\u00e9.\nArt. 3  : Hormis le cas d'une enqu\u00eate de flagrant d\u00e9lit, d'une enqu\u00eate pr\u00e9liminaire ou d'une information judiciaire, les enregistrements sont\nd\u00e9truits dans un d\u00e9lai maximum de 30 jours.\nArt. 4  : Monsieur QUENTIN BENAULT, responsable de la mise en \u0153uvre du syst\u00e8me doit se porter garant des personnes susceptibles\nd'intervenir dans l'exploitation ou le visionnage des images, ainsi que dans la maintenance du syst\u00e8me mis en place. Des consignes tr\u00e8s\npr\u00e9cises sur la confidentialit\u00e9 des images capt\u00e9es ou/et enregistr\u00e9es et des atteintes \u00e0 la vie priv\u00e9e qu'elles peuvent \u00e9ventuellement impliquer\nsont donn\u00e9es \u00e0 toutes les personnes concern\u00e9es.\nArt. 5 : Toute modification pr\u00e9sentant un caract\u00e8re substantiel devra faire l'objet d'une d\u00e9claration aupr\u00e8s des services pr\u00e9fectoraux, notamment\nchangement d'activit\u00e9 dans les lieux prot\u00e9g\u00e9s, changement dans la configuration des lieux, changement affectant la protection des images.\nArt. 6 : Sans pr\u00e9judice des sanctions p\u00e9nales applicables, la pr\u00e9sente autorisation peut, apr\u00e8s que l'int\u00e9ress\u00e9 ait \u00e9t\u00e9 mis \u00e0 m\u00eame de pr\u00e9senter\nses observations, \u00eatre retir\u00e9e en cas de manquement aux dispositions figurant aux articles L.251-2, L.251-3, L.252-1 \u00e0 L.252-6, L.253-1 \u00e0\nL.253-5 et R.251-1 \u00e0 R.253-4 du code de la s\u00e9curit\u00e9 int\u00e9rieure susvis\u00e9 ou encore en cas de modification des conditions au vu desquelles cette\nautorisation a \u00e9t\u00e9 d\u00e9livr\u00e9e.\nArt. 7 : La pr\u00e9sente autorisation peut faire l'objet d'un recours devant le Tribunal Administratif de Caen dans un d\u00e9lai de deux mois \u00e0 compter de\nla date de sa notification \u00e0 l'int\u00e9ress\u00e9.\nArt. 8  : Le syst\u00e8me concern\u00e9 devra faire l'objet d'une nouvelle autorisation administrative pr\u00e9alable au terme du d\u00e9lai des cinq ans  : une\nnouvelle demande devra \u00eatre d\u00e9pos\u00e9e par t\u00e9l\u00e9proc\u00e9dure disponible sur le site \u00abvideoprotection.interieur.gouv.fr\u00bb, quatre mois avant l'\u00e9ch\u00e9ance\nde ce d\u00e9lai.\nSign\u00e9 : Pour le pr\u00e9fet et par d\u00e9l\u00e9gation, le sous-pr\u00e9fet d'Avranches : Gilles TRAIMOND\n\uf0bf\nArr\u00eat\u00e9 n\u00b0 2023-75 du 5 avril 2023 portant autorisation d'un syst\u00e8me de vid\u00e9oprotection - Mondial Relay - consigne n\u00b0 16244 \u00e0 LA HAYE\nConsid\u00e9rant que ce lieu est particuli\u00e8rement expos\u00e9 \u00e0 des risques d'agression ou de vol ;\nConsid\u00e9rant le caract\u00e8re proportionn\u00e9 du nombre de cam\u00e9ras envisag\u00e9es au regard des risques susmentionn\u00e9s ;\nArt. 1 : Monsieur Quentin BENAULT est autoris\u00e9, dans les conditions fix\u00e9es au pr\u00e9sent arr\u00eat\u00e9 et pour une dur\u00e9e de cinq ans renouvelable, \u00e0\ninstaller 2 cam\u00e9ras ext\u00e9rieures de vid\u00e9oprotection au sein de l'\u00e9tablissement Mondial Relay - consigne n\u00b016244 ZA de l'\u00e9trier Saint Symphorien\nle Valois  50250 LA HAYE, conform\u00e9ment au dossier pr\u00e9sent\u00e9 et annex\u00e9 \u00e0 la demande enregistr\u00e9e sous le num\u00e9ro 2023/0052.\nLe syst\u00e8me consid\u00e9r\u00e9 r\u00e9pond aux finalit\u00e9s pr\u00e9vues par le code de la s\u00e9curit\u00e9 int\u00e9rieure :\nS\u00e9curit\u00e9 des personnes, Pr\u00e9vention des atteintes aux biens, Autres (Informations service client Mondial Relay).\nArt. 2 : Le public est inform\u00e9 de la pr\u00e9sence de ces cam\u00e9ras, dans l'\u00e9tablissement cit\u00e9 \u00e0 l'article 1er, par une signal\u00e9tique appropri\u00e9e :\n- de mani\u00e8re claire, permanente et significative, \u00e0 chaque point d'acc\u00e8s du public, de l'existence du syst\u00e8me de vid\u00e9oprotection ;\n- \u00e0 chaque point d'acc\u00e8s du public, des affichettes mentionnent les r\u00e9f\u00e9rences du code de la s\u00e9curit\u00e9 int\u00e9rieure susvis\u00e9 et les coordonn\u00e9es du\nresponsable de l'\u00e9tablissement aupr\u00e8s duquel s'exerce le droit d'acc\u00e8s aux images.\nLe droit d'acc\u00e8s aux images pourra s'exercer aupr\u00e8s du responsable s\u00fbret\u00e9.\nArt. 3  : Hormis le cas d'une enqu\u00eate de flagrant d\u00e9lit, d'une enqu\u00eate pr\u00e9liminaire ou d'une information judiciaire, les enregistrements sont\nd\u00e9truits dans un d\u00e9lai maximum de 30 jours.\nArt. 4 : Monsieur Quentin BENAULT, responsable de la mise en \u0153uvre du syst\u00e8me doit se porter garant des personnes susceptibles d'intervenir\ndans l'exploitation ou le visionnage des images, ainsi que dans la maintenance du syst\u00e8me mis en place. Des consignes tr\u00e8s pr\u00e9cises sur la\nconfidentialit\u00e9 des images capt\u00e9es ou/et enregistr\u00e9es et des atteintes \u00e0 la vie priv\u00e9e qu'elles peuvent \u00e9ventuellement impliquer sont donn\u00e9es \u00e0\ntoutes les personnes concern\u00e9es.\nArt. 5 : Toute modification pr\u00e9sentant un caract\u00e8re substantiel devra faire l'objet d'une d\u00e9claration aupr\u00e8s des services pr\u00e9fectoraux, notamment\nchangement d'activit\u00e9 dans les lieux prot\u00e9g\u00e9s, changement dans la configuration des lieux, changement affectant la protection des images.\nArt. 6 : Sans pr\u00e9judice des sanctions p\u00e9nales applicables, la pr\u00e9sente autorisation peut, apr\u00e8s que l'int\u00e9ress\u00e9 ait \u00e9t\u00e9 mis \u00e0 m\u00eame de pr\u00e9senter\nses observations, \u00eatre retir\u00e9e en cas de manquement aux dispositions figurant aux articles L.251-2, L.251-3, L.252-1 \u00e0 L.252-6, L.253-1 \u00e0\nL.253-5 et R.251-1 \u00e0 R.253-4 du code de la s\u00e9curit\u00e9 int\u00e9rieure susvis\u00e9 ou encore en cas de modification des conditions au vu desquelles cette\nautorisation a \u00e9t\u00e9 d\u00e9livr\u00e9e.\nArt. 7 : La pr\u00e9sente autorisation peut faire l'objet d'un recours devant le Tribunal Administratif de Caen dans un d\u00e9lai de deux mois \u00e0 compter de\nla date de sa notification \u00e0 l'int\u00e9ress\u00e9.\nArt. 8  : Le syst\u00e8me concern\u00e9 devra faire l'objet d'une nouvelle autorisation administrative pr\u00e9alable au terme du d\u00e9lai des cinq ans  : une\nnouvelle demande devra \u00eatre d\u00e9pos\u00e9e par t\u00e9l\u00e9proc\u00e9dure disponible sur le site \u00abvideoprotection.interieur.gouv.fr\u00bb, quatre mois avant l'\u00e9ch\u00e9ance\nde ce d\u00e9lai.\nSign\u00e9 : Pour le pr\u00e9fet et par d\u00e9l\u00e9gation, le sous-pr\u00e9fet d'Avranches : Gilles TRAIMOND\n\uf0bf\nArr\u00eat\u00e9 n\u00b0 2023-76 du 5 avril 2023 portant autorisation d'un syst\u00e8me de vid\u00e9oprotection - Mondial Relay - consigne n\u00b015010 \u00e0\nSARTILLY-BAIE-BOCAGE\nConsid\u00e9rant que ce lieu est particuli\u00e8rement expos\u00e9 \u00e0 des risques d'agression ou de vol ;\nConsid\u00e9rant le caract\u00e8re proportionn\u00e9 du nombre de cam\u00e9ras envisag\u00e9es au regard des risques susmentionn\u00e9s ;\nArt. 1 : Monsieur Quentin BENAULT est autoris\u00e9, dans les conditions fix\u00e9es au pr\u00e9sent arr\u00eat\u00e9 et pour une dur\u00e9e de cinq ans renouvelable, \u00e0\ninstaller 2 cam\u00e9ras ext\u00e9rieures de vid\u00e9oprotection au sein de l'\u00e9tablissement Mondial Relay - consigne n\u00b015010 route de Carolles  50530\nSARTILLY-BAIE-BOCAGE, conform\u00e9ment au dossier pr\u00e9sent\u00e9 et annex\u00e9 \u00e0 la demande enregistr\u00e9e sous le num\u00e9ro 2023/0053.\nLe syst\u00e8me consid\u00e9r\u00e9 r\u00e9pond aux finalit\u00e9s pr\u00e9vues par le code de la s\u00e9curit\u00e9 int\u00e9rieure :\nS\u00e9curit\u00e9 des personnes, Pr\u00e9vention des atteintes aux biens, Autres (Informations service client Mondial Relay).\nArt. 2 : Le public est inform\u00e9 de la pr\u00e9sence de ces cam\u00e9ras, dans l'\u00e9tablissement cit\u00e9 \u00e0 l'article 1er, par une signal\u00e9tique appropri\u00e9e :\n- de mani\u00e8re claire, permanente et significative, \u00e0 chaque point d'acc\u00e8s du public, de l'existence du syst\u00e8me de vid\u00e9oprotection ;\n- \u00e0 chaque point d'acc\u00e8s du public, des affichettes mentionnent les r\u00e9f\u00e9rences du code de la s\u00e9curit\u00e9 int\u00e9rieure susvis\u00e9 et les coordonn\u00e9es du\nresponsable de l'\u00e9tablissement aupr\u00e8s duquel s'exerce le droit d'acc\u00e8s aux images.\nLe droit d'acc\u00e8s aux images pourra s'exercer aupr\u00e8s du responsable s\u00fbret\u00e9.\nArt. 3  : Hormis le cas d'une enqu\u00eate de flagrant d\u00e9lit, d'une enqu\u00eate pr\u00e9liminaire ou d'une information judiciaire, les enregistrements sont\nd\u00e9truits dans un d\u00e9lai maximum de 30 jours.\nArt. 4 : Monsieur Quentin BENAULT, responsable de la mise en \u0153uvre du syst\u00e8me doit se porter garant des personnes susceptibles d'intervenir\ndans l'exploitation ou le visionnage des images, ainsi que dans la maintenance du syst\u00e8me mis en place. Des consignes tr\u00e8s pr\u00e9cises sur la\nconfidentialit\u00e9 des images capt\u00e9es ou/et enregistr\u00e9es et des atteintes \u00e0 la vie priv\u00e9e qu'elles peuvent \u00e9ventuellement impliquer sont donn\u00e9es \u00e0\ntoutes les personnes concern\u00e9es.\nArt. 5 : Toute modification pr\u00e9sentant un caract\u00e8re substantiel devra faire l'objet d'une d\u00e9claration aupr\u00e8s des services pr\u00e9fectoraux, notamment\nchangement d'activit\u00e9 dans les lieux prot\u00e9g\u00e9s, changement dans la configuration des lieux, changement affectant la protection des images.\nArt. 6 : Sans pr\u00e9judice des sanctions p\u00e9nales applicables, la pr\u00e9sente autorisation peut, apr\u00e8s que l'int\u00e9ress\u00e9 ait \u00e9t\u00e9 mis \u00e0 m\u00eame de pr\u00e9senter\nses observations, \u00eatre retir\u00e9e en cas de manquement aux dispositions figurant aux articles L.251-2, L.251-3, L.252-1 \u00e0 L.252-6, L.253-1 \u00e0\nL.253-5 et R.251-1 \u00e0 R.253-4 du code de la s\u00e9curit\u00e9 int\u00e9rieure susvis\u00e9 ou encore en cas de modification des conditions au vu desquelles cette\nautorisation a \u00e9t\u00e9 d\u00e9livr\u00e9e.\nArt. 7 : La pr\u00e9sente autorisation peut faire l'objet d'un recours devant le Tribunal Administratif de Caen dans un d\u00e9lai de deux mois \u00e0 compter de\nla date de sa notification \u00e0 l'int\u00e9ress\u00e9.\nArt. 8  : Le syst\u00e8me concern\u00e9 devra faire l'objet d'une nouvelle autorisation administrative pr\u00e9alable au terme du d\u00e9lai des cinq ans  : une\nnouvelle demande devra \u00eatre d\u00e9pos\u00e9e par t\u00e9l\u00e9proc\u00e9dure disponible sur le site \u00abvideoprotection.interieur.gouv.fr\u00bb, quatre mois avant l'\u00e9ch\u00e9ance\nde ce d\u00e9lai.\nSign\u00e9 : Pour le pr\u00e9fet et par d\u00e9l\u00e9gation, le sous-pr\u00e9fet d'Avranches : Gilles TRAIMOND\n\uf0bf\nArr\u00eat\u00e9 n\u00b0 2023-77 du 5 avril 2023 portant autorisation d'un syst\u00e8me de vid\u00e9oprotection - Mondial Relay - consigne n\u00b014902 \u00e0\nBRICQUEBEC-EN-COTENTIN\nConsid\u00e9rant que ce lieu est particuli\u00e8rement expos\u00e9 \u00e0 des risques d'agression ou de vol ;\nConsid\u00e9rant le caract\u00e8re proportionn\u00e9 du nombre de cam\u00e9ras envisag\u00e9es au regard des risques susmentionn\u00e9s ;\nArt. 1 : Monsieur Quentin BENAULT est autoris\u00e9, dans les conditions fix\u00e9es au pr\u00e9sent arr\u00eat\u00e9 et pour une dur\u00e9e de cinq ans renouvelable, \u00e0\ninstaller 2 cam\u00e9ras ext\u00e9rieures de vid\u00e9oprotection au sein de l'\u00e9tablissement Mondial Relay - consigne n\u00b014902 240 rue Bitouze d'Auxmesnil\n50260 BRICQUEBEC-EN-COTENTIN, conform\u00e9ment au dossier pr\u00e9sent\u00e9 et annex\u00e9 \u00e0 la demande enregistr\u00e9e sous le num\u00e9ro 2023/0055.\nLe syst\u00e8me consid\u00e9r\u00e9 r\u00e9pond aux finalit\u00e9s pr\u00e9vues par le code de la s\u00e9curit\u00e9 int\u00e9rieure :\nS\u00e9curit\u00e9 des personnes, Pr\u00e9vention des atteintes aux biens, Autres (Informations service client Mondial Relay).\nArt. 2 : Le public est inform\u00e9 de la pr\u00e9sence de ces cam\u00e9ras, dans l'\u00e9tablissement cit\u00e9 \u00e0 l'article 1er, par une signal\u00e9tique appropri\u00e9e :\n- de mani\u00e8re claire, permanente et significative, \u00e0 chaque point d'acc\u00e8s du public, de l'existence du syst\u00e8me de vid\u00e9oprotection ;\n- \u00e0 chaque point d'acc\u00e8s du public, des affichettes mentionnent les r\u00e9f\u00e9rences du code de la s\u00e9curit\u00e9 int\u00e9rieure susvis\u00e9 et les coordonn\u00e9es du\nresponsable de l'\u00e9tablissement aupr\u00e8s duquel s'exerce le droit d'acc\u00e8s aux images.\nLe droit d'acc\u00e8s aux images pourra s'exercer aupr\u00e8s du responsable s\u00fbret\u00e9.\nArt. 3  : Hormis le cas d'une enqu\u00eate de flagrant d\u00e9lit, d'une enqu\u00eate pr\u00e9liminaire ou d'une information judiciaire, les enregistrements sont\nd\u00e9truits dans un d\u00e9lai maximum de 30 jours.\nArt. 4 : Monsieur Quentin BENAULT, responsable de la mise en \u0153uvre du syst\u00e8me doit se porter garant des personnes susceptibles d'intervenir\ndans l'exploitation ou le visionnage des images, ainsi que dans la maintenance du syst\u00e8me mis en place. Des consignes tr\u00e8s pr\u00e9cises sur la\nconfidentialit\u00e9 des images capt\u00e9es ou/et enregistr\u00e9es et des atteintes \u00e0 la vie priv\u00e9e qu'elles peuvent \u00e9ventuellement impliquer sont donn\u00e9es \u00e0\ntoutes les personnes concern\u00e9es.\nArt. 5 : Toute modification pr\u00e9sentant un caract\u00e8re substantiel devra faire l'objet d'une d\u00e9claration aupr\u00e8s des services pr\u00e9fectoraux, notamment\nchangement d'activit\u00e9 dans les lieux prot\u00e9g\u00e9s, changement dans la configuration des lieux, changement affectant la protection des images.\nArt. 6 : Sans pr\u00e9judice des sanctions p\u00e9nales applicables, la pr\u00e9sente autorisation peut, apr\u00e8s que l'int\u00e9ress\u00e9 ait \u00e9t\u00e9 mis \u00e0 m\u00eame de pr\u00e9senter\nses observations, \u00eatre retir\u00e9e en cas de manquement aux dispositions figurant aux articles L.251-2, L.251-3, L.252-1 \u00e0 L.252-6, L.253-1 \u00e0\nL.253-5 et R.251-1 \u00e0 R.253-4 du code de la s\u00e9curit\u00e9 int\u00e9rieure susvis\u00e9 ou encore en cas de modification des conditions au vu desquelles cette\nautorisation a \u00e9t\u00e9 d\u00e9livr\u00e9e.\nArt. 7 : La pr\u00e9sente autorisation peut faire l'objet d'un recours devant le Tribunal Administratif de Caen dans un d\u00e9lai de deux mois \u00e0 compter de\nla date de sa notification \u00e0 l'int\u00e9ress\u00e9.\nArt. 8  : Le syst\u00e8me concern\u00e9 devra faire l'objet d'une nouvelle autorisation administrative pr\u00e9alable au terme du d\u00e9lai des cinq ans  : une\nnouvelle demande devra \u00eatre d\u00e9pos\u00e9e par t\u00e9l\u00e9proc\u00e9dure disponible sur le site \u00abvideoprotection.interieur.gouv.fr\u00bb, quatre mois avant l'\u00e9ch\u00e9ance\nde ce d\u00e9lai.\nSign\u00e9 : Pour le pr\u00e9fet et par d\u00e9l\u00e9gation, le sous-pr\u00e9fet d'Avranches : Gilles TRAIMOND\n\uf0bf\nArr\u00eat\u00e9 n\u00b0 2023-78 du 5 avril 2023 portant autorisation d'un syst\u00e8me de vid\u00e9oprotection - Mairie \u00e0 SAINT-JACQUES-DE-NEHOU\nConsid\u00e9rant que ce lieu est particuli\u00e8rement expos\u00e9 \u00e0 des risques d'agression ou de vol ;\nConsid\u00e9rant le caract\u00e8re proportionn\u00e9 du nombre de cam\u00e9ras envisag\u00e9es au regard des risques susmentionn\u00e9s ;\nArt. 1 : Madame Fran\u00e7oise LEROSSIGNOL, maire de Saint-Jacques-de-N\u00e9hou est autoris\u00e9e, dans les conditions fix\u00e9es au pr\u00e9sent arr\u00eat\u00e9 et\npour une dur\u00e9e de cinq ans renouvelable, \u00e0 installer  1  cam\u00e9ra ext\u00e9rieure de vid\u00e9oprotection au sein du stade la Lande  50390 SAINT-\nJACQUES-DE-NEHOU, conform\u00e9ment au dossier pr\u00e9sent\u00e9 et annex\u00e9 \u00e0 la demande enregistr\u00e9e sous le num\u00e9ro 2023/0058.\nLe syst\u00e8me consid\u00e9r\u00e9 r\u00e9pond aux finalit\u00e9s pr\u00e9vues par le code de la s\u00e9curit\u00e9 int\u00e9rieure :\nPr\u00e9vention des atteintes aux biens.\nArt. 2 : Le public est inform\u00e9 de la pr\u00e9sence de ces cam\u00e9ras, dans l'\u00e9tablissement cit\u00e9 \u00e0 l'article 1er, par une signal\u00e9tique appropri\u00e9e :\n- de mani\u00e8re claire, permanente et significative, \u00e0 chaque point d'acc\u00e8s du public, de l'existence du syst\u00e8me de vid\u00e9oprotection ;\n- \u00e0 chaque point d'acc\u00e8s du public, des affichettes mentionnent les r\u00e9f\u00e9rences du code de la s\u00e9curit\u00e9 int\u00e9rieure susvis\u00e9 et les coordonn\u00e9es du\nresponsable de l'\u00e9tablissement aupr\u00e8s duquel s'exerce le droit d'acc\u00e8s aux images.\nLe droit d'acc\u00e8s aux images pourra s'exercer aupr\u00e8s du maire.\nArt. 3  : Hormis le cas d'une enqu\u00eate de flagrant d\u00e9lit, d'une enqu\u00eate pr\u00e9liminaire ou d'une information judiciaire, les enregistrements sont\nd\u00e9truits imm\u00e9diatement.\nArt. 4 : Madame Fran\u00e7oise LEROSSIGNOL, responsable de la mise en \u0153uvre du syst\u00e8me doit se porter garante des personnes susceptibles\nd'intervenir dans l'exploitation ou le visionnage des images, ainsi que dans la maintenance du syst\u00e8me mis en place. Des consignes tr\u00e8s\npr\u00e9cises sur la confidentialit\u00e9 des images capt\u00e9es ou/et enregistr\u00e9es et des atteintes \u00e0 la vie priv\u00e9e qu'elles peuvent \u00e9ventuellement impliquer\nsont donn\u00e9es \u00e0 toutes les personnes concern\u00e9es.\nArt. 5 : Toute modification pr\u00e9sentant un caract\u00e8re substantiel devra faire l'objet d'une d\u00e9claration aupr\u00e8s des services pr\u00e9fectoraux, notamment\nchangement d'activit\u00e9 dans les lieux prot\u00e9g\u00e9s, changement dans la configuration des lieux, changement affectant la protection des images.\nArt. 6 : Sans pr\u00e9judice des sanctions p\u00e9nales applicables, la pr\u00e9sente autorisation peut, apr\u00e8s que l'int\u00e9ress\u00e9e ait \u00e9t\u00e9 mis \u00e0 m\u00eame de pr\u00e9senter\nses observations, \u00eatre retir\u00e9e en cas de manquement aux dispositions figurant aux articles L.251-2, L.251-3, L.252-1 \u00e0 L.252-6, L.253-1 \u00e0\nL.253-5 et R.251-1 \u00e0 R.253-4 du code de la s\u00e9curit\u00e9 int\u00e9rieure susvis\u00e9 ou encore en cas de modification des conditions au vu desquelles cette\nautorisation a \u00e9t\u00e9 d\u00e9livr\u00e9e.\nArt. 7 : La pr\u00e9sente autorisation peut faire l'objet d'un recours devant le Tribunal Administratif de Caen dans un d\u00e9lai de deux mois \u00e0 compter de\nla date de sa notification \u00e0 l'int\u00e9ress\u00e9e.\nArt. 8  : Le syst\u00e8me concern\u00e9 devra faire l'objet d'une nouvelle autorisation administrative pr\u00e9alable au terme du d\u00e9lai des cinq ans  : une\nnouvelle demande devra \u00eatre d\u00e9pos\u00e9e par t\u00e9l\u00e9proc\u00e9dure disponible sur le site \u00abvideoprotection.interieur.gouv.fr\u00bb, quatre mois avant l'\u00e9ch\u00e9ance\nde ce d\u00e9lai.\nSign\u00e9 : Pour le pr\u00e9fet et par d\u00e9l\u00e9gation, le sous-pr\u00e9fet d'Avranches : Gilles TRAIMOND\n\uf0bf\nArr\u00eat\u00e9 n\u00b0 2023-79 du 5 avril 2023 portant autorisation d'un syst\u00e8me de vid\u00e9oprotection - SARL Auto Net \u00e0 VALOGNES\nConsid\u00e9rant que ce lieu est particuli\u00e8rement expos\u00e9 \u00e0 des risques d'agression ou de vol ;\nConsid\u00e9rant le caract\u00e8re proportionn\u00e9 du nombre de cam\u00e9ras envisag\u00e9es au regard des risques susmentionn\u00e9s ;\nArt. 1 : Monsieur Sylvain LAMOTTE est autoris\u00e9, dans les conditions fix\u00e9es au pr\u00e9sent arr\u00eat\u00e9 et pour une dur\u00e9e de cinq ans renouvelable, \u00e0\ninstaller 1 cam\u00e9ra int\u00e9rieure et 5 cam\u00e9ras ext\u00e9rieures de vid\u00e9oprotection au sein de l'\u00e9tablissement SARL Auto Net route de Montebourg  50700\nVALOGNES, conform\u00e9ment au dossier pr\u00e9sent\u00e9 et annex\u00e9 \u00e0 la demande enregistr\u00e9e sous le num\u00e9ro 2023/0061.\nLe syst\u00e8me consid\u00e9r\u00e9 r\u00e9pond aux finalit\u00e9s pr\u00e9vues par le code de la s\u00e9curit\u00e9 int\u00e9rieure :\nS\u00e9curit\u00e9 des personnes, Pr\u00e9vention des atteintes aux biens, Lutte contre la d\u00e9marque inconnue.\nArt. 2 : Le public est inform\u00e9 de la pr\u00e9sence de ces cam\u00e9ras, dans l'\u00e9tablissement cit\u00e9 \u00e0 l'article 1er, par une signal\u00e9tique appropri\u00e9e :\n- de mani\u00e8re claire, permanente et significative, \u00e0 chaque point d'acc\u00e8s du public, de l'existence du syst\u00e8me de vid\u00e9oprotection ;\n- \u00e0 chaque point d'acc\u00e8s du public, des affichettes mentionnent les r\u00e9f\u00e9rences du code de la s\u00e9curit\u00e9 int\u00e9rieure susvis\u00e9 et les coordonn\u00e9es du\nresponsable de l'\u00e9tablissement aupr\u00e8s duquel s'exerce le droit d'acc\u00e8s aux images.\nLe droit d'acc\u00e8s aux images pourra s'exercer aupr\u00e8s de Sylvain LAMOTTE.\nArt. 3  : Hormis le cas d'une enqu\u00eate de flagrant d\u00e9lit, d'une enqu\u00eate pr\u00e9liminaire ou d'une information judiciaire, les enregistrements sont\nd\u00e9truits dans un d\u00e9lai maximum de 30 jours.\nArt. 4 : Monsieur Sylvain LAMOTTE, responsable de la mise en \u0153uvre du syst\u00e8me doit se porter garant des personnes susceptibles d'intervenir\ndans l'exploitation ou le visionnage des images, ainsi que dans la maintenance du syst\u00e8me mis en place. Des consignes tr\u00e8s pr\u00e9cises sur la\nconfidentialit\u00e9 des images capt\u00e9es ou/et enregistr\u00e9es et des atteintes \u00e0 la vie priv\u00e9e qu'elles peuvent \u00e9ventuellement impliquer sont donn\u00e9es \u00e0\ntoutes les personnes concern\u00e9es.\nArt. 5 : Toute modification pr\u00e9sentant un caract\u00e8re substantiel devra faire l'objet d'une d\u00e9claration aupr\u00e8s des services pr\u00e9fectoraux, notamment\nchangement d'activit\u00e9 dans les lieux prot\u00e9g\u00e9s, changement dans la configuration des lieux, changement affectant la protection des images.\nArt. 6 : Sans pr\u00e9judice des sanctions p\u00e9nales applicables, la pr\u00e9sente autorisation peut, apr\u00e8s que l'int\u00e9ress\u00e9 ait \u00e9t\u00e9 mis \u00e0 m\u00eame de pr\u00e9senter\nses observations, \u00eatre retir\u00e9e en cas de manquement aux dispositions figurant aux articles L.251-2, L.251-3, L.252-1 \u00e0 L.252-6, L.253-1 \u00e0\nL.253-5 et R.251-1 \u00e0 R.253-4 du code de la s\u00e9curit\u00e9 int\u00e9rieure susvis\u00e9 ou encore en cas de modification des conditions au vu desquelles cette\nautorisation a \u00e9t\u00e9 d\u00e9livr\u00e9e.\nArt. 7 : La pr\u00e9sente autorisation peut faire l'objet d'un recours devant le Tribunal Administratif de Caen dans un d\u00e9lai de deux mois \u00e0 compter de\nla date de sa notification \u00e0 l'int\u00e9ress\u00e9.\nArt. 8  : Le syst\u00e8me concern\u00e9 devra faire l'objet d'une nouvelle autorisation administrative pr\u00e9alable au terme du d\u00e9lai des cinq ans  : une\nnouvelle demande devra \u00eatre d\u00e9pos\u00e9e par t\u00e9l\u00e9proc\u00e9dure disponible sur le site \u00abvideoprotection.interieur.gouv.fr\u00bb, quatre mois avant l'\u00e9ch\u00e9ance\nde ce d\u00e9lai.\nSign\u00e9 : Pour le pr\u00e9fet et par d\u00e9l\u00e9gation, le sous-pr\u00e9fet d'Avranches : Gilles TRAIMOND\n\uf0bf\nArr\u00eat\u00e9 n\u00b0 2023-80 du 5 avril 2023 portant autorisation d'un syst\u00e8me de vid\u00e9oprotection - TLC Lavage \u00e0 SAINT-JEAN-DE-DAYE\nConsid\u00e9rant que ce lieu est particuli\u00e8rement expos\u00e9 \u00e0 des risques d'agression ou de vol ;\nConsid\u00e9rant le caract\u00e8re proportionn\u00e9 du nombre de cam\u00e9ras envisag\u00e9es au regard des risques susmentionn\u00e9s ;\nArt. 1 : Monsieur Thomas CARVILLE est autoris\u00e9, dans les conditions fix\u00e9es au pr\u00e9sent arr\u00eat\u00e9 et pour une dur\u00e9e de cinq ans renouvelable, \u00e0\ninstaller 1 cam\u00e9ra int\u00e9rieure et 4 cam\u00e9ras ext\u00e9rieures de vid\u00e9oprotection au sein de l'\u00e9tablissement TLC Lavage 29 rue de Saint-Jean  50620\nSAINT-JEAN-DE-DAYE, conform\u00e9ment au dossier pr\u00e9sent\u00e9 et annex\u00e9 \u00e0 la demande enregistr\u00e9e sous le num\u00e9ro 2023/0064.\nLe syst\u00e8me consid\u00e9r\u00e9 r\u00e9pond aux finalit\u00e9s pr\u00e9vues par le code de la s\u00e9curit\u00e9 int\u00e9rieure :\nS\u00e9curit\u00e9 des personnes, Pr\u00e9vention des atteintes aux biens, Lutte contre la d\u00e9marque inconnue.\nArt. 2 : Le public est inform\u00e9 de la pr\u00e9sence de ces cam\u00e9ras, dans l'\u00e9tablissement cit\u00e9 \u00e0 l'article 1er, par une signal\u00e9tique appropri\u00e9e :\n- de mani\u00e8re claire, permanente et significative, \u00e0 chaque point d'acc\u00e8s du public, de l'existence du syst\u00e8me de vid\u00e9oprotection ;\n- \u00e0 chaque point d'acc\u00e8s du public, des affichettes mentionnent les r\u00e9f\u00e9rences du code de la s\u00e9curit\u00e9 int\u00e9rieure susvis\u00e9 et les coordonn\u00e9es du\nresponsable de l'\u00e9tablissement aupr\u00e8s duquel s'exerce le droit d'acc\u00e8s aux images.\nLe droit d'acc\u00e8s aux images pourra s'exercer aupr\u00e8s de Thomas CARVILLE.\nArt. 3  : Hormis le cas d'une enqu\u00eate de flagrant d\u00e9lit, d'une enqu\u00eate pr\u00e9liminaire ou d'une information judiciaire, les enregistrements sont\nd\u00e9truits dans un d\u00e9lai maximum de 30 jours.\nArt. 4  : Monsieur Thomas CARVILLE,  responsable de la mise en \u0153uvre du syst\u00e8me doit se porter garant  des  personnes  susceptibles\nd'intervenir dans l'exploitation ou le visionnage des images, ainsi que dans la maintenance du syst\u00e8me mis en place. Des consignes tr\u00e8s\npr\u00e9cises sur la confidentialit\u00e9 des images capt\u00e9es ou/et enregistr\u00e9es et des atteintes \u00e0 la vie priv\u00e9e qu'elles peuvent \u00e9ventuellement impliquer\nsont donn\u00e9es \u00e0 toutes les personnes concern\u00e9es.\nArt. 5 : Toute modification pr\u00e9sentant un caract\u00e8re substantiel devra faire l'objet d'une d\u00e9claration aupr\u00e8s des services pr\u00e9fectoraux, notamment\nchangement d'activit\u00e9 dans les lieux prot\u00e9g\u00e9s, changement dans la configuration des lieux, changement affectant la protection des images.\nArt. 6 : Sans pr\u00e9judice des sanctions p\u00e9nales applicables, la pr\u00e9sente autorisation peut, apr\u00e8s que l'int\u00e9ress\u00e9 ait \u00e9t\u00e9 mis \u00e0 m\u00eame de pr\u00e9senter\nses observations, \u00eatre retir\u00e9e en cas de manquement aux dispositions figurant aux articles L.251-2, L.251-3, L.252-1 \u00e0 L.252-6, L.253-1 \u00e0\nL.253-5 et R.251-1 \u00e0 R.253-4 du code de la s\u00e9curit\u00e9 int\u00e9rieure susvis\u00e9 ou encore en cas de modification des conditions au vu desquelles cette\nautorisation a \u00e9t\u00e9 d\u00e9livr\u00e9e.\nArt. 7 : La pr\u00e9sente autorisation peut faire l'objet d'un recours devant le Tribunal Administratif de Caen dans un d\u00e9lai de deux mois \u00e0 compter de\nla date de sa notification \u00e0 l'int\u00e9ress\u00e9.\nArt. 8  : Le syst\u00e8me concern\u00e9 devra faire l'objet d'une nouvelle autorisation administrative pr\u00e9alable au terme du d\u00e9lai des cinq ans  : une\nnouvelle demande devra \u00eatre d\u00e9pos\u00e9e par t\u00e9l\u00e9proc\u00e9dure disponible sur le site \u00abvideoprotection.interieur.gouv.fr\u00bb, quatre mois avant l'\u00e9ch\u00e9ance\nde ce d\u00e9lai.\nSign\u00e9 : Pour le pr\u00e9fet et par d\u00e9l\u00e9gation, le sous-pr\u00e9fet d'Avranches : Gilles TRAIMOND\n\uf0bf\nArr\u00eat\u00e9 n\u00b0 2023-81 du 5 avril 2023 portant autorisation d'un syst\u00e8me de vid\u00e9oprotection - ASSOCIATION CHARLES SHAY \u00e0\nPICAUVILLE\nConsid\u00e9rant que ce lieu est particuli\u00e8rement expos\u00e9 \u00e0 des risques d'agression ou de vol ;\nConsid\u00e9rant le caract\u00e8re proportionn\u00e9 du nombre de cam\u00e9ras envisag\u00e9es au regard des risques susmentionn\u00e9s ;\nArt. 1  : Madame MARIE PASCALE LEGRAND est autoris\u00e9e, dans les conditions fix\u00e9es au pr\u00e9sent arr\u00eat\u00e9 et pour une dur\u00e9e de cinq ans\nrenouvelable, \u00e0 installer 2  cam\u00e9ras ext\u00e9rieures de vid\u00e9oprotection au sein de l'\u00e9tablissement ASSOCIATION CHARLES SHAY rue DE LA\nCHEVALERIE  50360 PICAUVILLE, conform\u00e9ment au dossier pr\u00e9sent\u00e9 et annex\u00e9 \u00e0 la demande enregistr\u00e9e sous le num\u00e9ro 2023/0066.\nLe syst\u00e8me consid\u00e9r\u00e9 r\u00e9pond aux finalit\u00e9s pr\u00e9vues par le code de la s\u00e9curit\u00e9 int\u00e9rieure :\nPr\u00e9vention des atteintes aux biens, Autres (PREVENTION DEGRADATION DU SITE).\nArt. 2 : Le public est inform\u00e9 de la pr\u00e9sence de ces cam\u00e9ras, dans l'\u00e9tablissement cit\u00e9 \u00e0 l'article 1er, par une signal\u00e9tique appropri\u00e9e :\n- de mani\u00e8re claire, permanente et significative, \u00e0 chaque point d'acc\u00e8s du public, de l'existence du syst\u00e8me de vid\u00e9oprotection ;\n- \u00e0 chaque point d'acc\u00e8s du public, des affichettes mentionnent les r\u00e9f\u00e9rences du code de la s\u00e9curit\u00e9 int\u00e9rieure susvis\u00e9 et les coordonn\u00e9es du\nresponsable de l'\u00e9tablissement aupr\u00e8s duquel s'exerce le droit d'acc\u00e8s aux images.\nLe droit d'acc\u00e8s aux images pourra s'exercer aupr\u00e8s de la pr\u00e9sidente.\nArt. 3  : Hormis le cas d'une enqu\u00eate de flagrant d\u00e9lit, d'une enqu\u00eate pr\u00e9liminaire ou d'une information judiciaire, les enregistrements sont\nd\u00e9truits dans un d\u00e9lai maximum de 7 jours.\nArt. 4 : Madame MARIE PASCALE LEGRAND, responsable de la mise en \u0153uvre du syst\u00e8me doit se porter garante des personnes susceptibles\nd'intervenir dans l'exploitation ou le visionnage des images, ainsi que dans la maintenance du syst\u00e8me mis en place. Des consignes tr\u00e8s\npr\u00e9cises sur la confidentialit\u00e9 des images capt\u00e9es ou/et enregistr\u00e9es et des atteintes \u00e0 la vie priv\u00e9e qu'elles peuvent \u00e9ventuellement impliquer\nsont donn\u00e9es \u00e0 toutes les personnes concern\u00e9es.\nArt. 5 : Toute modification pr\u00e9sentant un caract\u00e8re substantiel devra faire l'objet d'une d\u00e9claration aupr\u00e8s des services pr\u00e9fectoraux, notamment\nchangement d'activit\u00e9 dans les lieux prot\u00e9g\u00e9s, changement dans la configuration des lieux, changement affectant la protection des images.\nArt. 6 : Sans pr\u00e9judice des sanctions p\u00e9nales applicables, la pr\u00e9sente autorisation peut, apr\u00e8s que l'int\u00e9ress\u00e9e ait \u00e9t\u00e9 mis \u00e0 m\u00eame de pr\u00e9senter\nses observations, \u00eatre retir\u00e9e en cas de manquement aux dispositions figurant aux articles L.251-2, L.251-3, L.252-1 \u00e0 L.252-6, L.253-1 \u00e0\nL.253-5 et R.251-1 \u00e0 R.253-4 du code de la s\u00e9curit\u00e9 int\u00e9rieure susvis\u00e9 ou encore en cas de modification des conditions au vu desquelles cette\nautorisation a \u00e9t\u00e9 d\u00e9livr\u00e9e.\nArt. 7 : La pr\u00e9sente autorisation peut faire l'objet d'un recours devant le Tribunal Administratif de Caen dans un d\u00e9lai de deux mois \u00e0 compter de\nla date de sa notification \u00e0 l'int\u00e9ress\u00e9e.\nArt. 8  : Le syst\u00e8me concern\u00e9 devra faire l'objet d'une nouvelle autorisation administrative pr\u00e9alable au terme du d\u00e9lai des cinq ans  : une\nnouvelle demande devra \u00eatre d\u00e9pos\u00e9e par t\u00e9l\u00e9proc\u00e9dure disponible sur le site \u00abvideoprotection.interieur.gouv.fr\u00bb, quatre mois avant l'\u00e9ch\u00e9ance\nde ce d\u00e9lai.\nSign\u00e9 : Pour le pr\u00e9fet et par d\u00e9l\u00e9gation, le sous-pr\u00e9fet d'Avranches : Gilles TRAIMOND\n\uf0bf\nArr\u00eat\u00e9 n\u00b0 2023-82 du 5 avril 2023 portant autorisation d'un syst\u00e8me de vid\u00e9oprotection - Mondial Relay  - Consigne N\u00b0 40936 \u00e0\nJULLOUVILLE\nConsid\u00e9rant que ce lieu est particuli\u00e8rement expos\u00e9 \u00e0 des risques d'agression ou de vol ;\nConsid\u00e9rant le caract\u00e8re proportionn\u00e9 du nombre de cam\u00e9ras envisag\u00e9es au regard des risques susmentionn\u00e9s ;\nArt. 1 : Monsieur QUENTIN BENAULT est autoris\u00e9, dans les conditions fix\u00e9es au pr\u00e9sent arr\u00eat\u00e9 et pour une dur\u00e9e de cinq ans renouvelable, \u00e0\ninstaller  2 cam\u00e9ras  ext\u00e9rieures  de vid\u00e9oprotection au sein de l'\u00e9tablissement  Mondial Relay   - Consigne N\u00b0  40936 40 avenue DE  LA\nLIBERATION  50610 JULLOUVILLE, conform\u00e9ment au dossier pr\u00e9sent\u00e9 et annex\u00e9 \u00e0 la demande enregistr\u00e9e sous le num\u00e9ro 2023/0069.\nLe syst\u00e8me consid\u00e9r\u00e9 r\u00e9pond aux finalit\u00e9s pr\u00e9vues par le code de la s\u00e9curit\u00e9 int\u00e9rieure :\nS\u00e9curit\u00e9 des personnes, Pr\u00e9vention des atteintes aux biens, Autres (Informations service client Mondial Relay).\nArt. 2 : Le public est inform\u00e9 de la pr\u00e9sence de ces cam\u00e9ras, dans l'\u00e9tablissement cit\u00e9 \u00e0 l'article 1er, par une signal\u00e9tique appropri\u00e9e :\n- de mani\u00e8re claire, permanente et significative, \u00e0 chaque point d'acc\u00e8s du public, de l'existence du syst\u00e8me de vid\u00e9oprotection ;\n- \u00e0 chaque point d'acc\u00e8s du public, des affichettes mentionnent les r\u00e9f\u00e9rences du code de la s\u00e9curit\u00e9 int\u00e9rieure susvis\u00e9 et les coordonn\u00e9es du\nresponsable de l'\u00e9tablissement aupr\u00e8s duquel s'exerce le droit d'acc\u00e8s aux images.\nLe droit d'acc\u00e8s aux images pourra s'exercer aupr\u00e8s du responsable s\u00fbret\u00e9.\nArt. 3  : Hormis le cas d'une enqu\u00eate de flagrant d\u00e9lit, d'une enqu\u00eate pr\u00e9liminaire ou d'une information judiciaire, les enregistrements sont\nd\u00e9truits dans un d\u00e9lai maximum de 30 jours.\nArt. 4  : Monsieur QUENTIN BENAULT, responsable de la mise en \u0153uvre du syst\u00e8me doit se porter garant des personnes susceptibles\nd'intervenir dans l'exploitation ou le visionnage des images, ainsi que dans la maintenance du syst\u00e8me mis en place. Des consignes tr\u00e8s\npr\u00e9cises sur la confidentialit\u00e9 des images capt\u00e9es ou/et enregistr\u00e9es et des atteintes \u00e0 la vie priv\u00e9e qu'elles peuvent \u00e9ventuellement impliquer\nsont donn\u00e9es \u00e0 toutes les personnes concern\u00e9es.\nArt. 5 : Toute modification pr\u00e9sentant un caract\u00e8re substantiel devra faire l'objet d'une d\u00e9claration aupr\u00e8s des services pr\u00e9fectoraux, notamment\nchangement d'activit\u00e9 dans les lieux prot\u00e9g\u00e9s, changement dans la configuration des lieux, changement affectant la protection des images.\nArt. 6 : Sans pr\u00e9judice des sanctions p\u00e9nales applicables, la pr\u00e9sente autorisation peut, apr\u00e8s que l'int\u00e9ress\u00e9 ait \u00e9t\u00e9 mis \u00e0 m\u00eame de pr\u00e9senter\nses observations, \u00eatre retir\u00e9e en cas de manquement aux dispositions figurant aux articles L.251-2, L.251-3, L.252-1 \u00e0 L.252-6, L.253-1 \u00e0\nL.253-5 et R.251-1 \u00e0 R.253-4 du code de la s\u00e9curit\u00e9 int\u00e9rieure susvis\u00e9 ou encore en cas de modification des conditions au vu desquelles cette\nautorisation a \u00e9t\u00e9 d\u00e9livr\u00e9e.\nArt. 7 : La pr\u00e9sente autorisation peut faire l'objet d'un recours devant le Tribunal Administratif de Caen dans un d\u00e9lai de deux mois \u00e0 compter de\nla date de sa notification \u00e0 l'int\u00e9ress\u00e9.\nArt. 8  : Le syst\u00e8me concern\u00e9 devra faire l'objet d'une nouvelle autorisation administrative pr\u00e9alable au terme du d\u00e9lai des cinq ans  : une\nnouvelle demande devra \u00eatre d\u00e9pos\u00e9e par t\u00e9l\u00e9proc\u00e9dure disponible sur le site \u00abvideoprotection.interieur.gouv.fr\u00bb, quatre mois avant l'\u00e9ch\u00e9ance\nde ce d\u00e9lai.\nSign\u00e9 : Pour le pr\u00e9fet et par d\u00e9l\u00e9gation, le sous-pr\u00e9fet d'Avranches : Gilles TRAIMOND\n\uf0bf\nArr\u00eat\u00e9 n\u00b0 2023-83 du 5 avril 2023 portant autorisation d'un syst\u00e8me de vid\u00e9oprotection - Mondial Relay - Consigne N\u00b0 14744 \u00e0 LESSAY\nConsid\u00e9rant que ce lieu est particuli\u00e8rement expos\u00e9 \u00e0 des risques d'agression ou de vol ;\nConsid\u00e9rant le caract\u00e8re proportionn\u00e9 du nombre de cam\u00e9ras envisag\u00e9es au regard des risques susmentionn\u00e9s ;\nArt. 1 : Monsieur QUENTIN BENAULT est autoris\u00e9, dans les conditions fix\u00e9es au pr\u00e9sent arr\u00eat\u00e9 et pour une dur\u00e9e de cinq ans renouvelable, \u00e0\ninstaller  2  cam\u00e9ras ext\u00e9rieures de vid\u00e9oprotection au sein de l'\u00e9tablissement Mondial Relay - Consigne N\u00b0 14744 1A rue Tanguiers  50430\nLESSAY, conform\u00e9ment au dossier pr\u00e9sent\u00e9 et annex\u00e9 \u00e0 la demande enregistr\u00e9e sous le num\u00e9ro 2023/0070.\nLe syst\u00e8me consid\u00e9r\u00e9 r\u00e9pond aux finalit\u00e9s pr\u00e9vues par le code de la s\u00e9curit\u00e9 int\u00e9rieure :\nS\u00e9curit\u00e9 des personnes, Pr\u00e9vention des atteintes aux biens, Autres (Informations service client Mondial Relay ).\nArt. 2 : Le public est inform\u00e9 de la pr\u00e9sence de ces cam\u00e9ras, dans l'\u00e9tablissement cit\u00e9 \u00e0 l'article 1er, par une signal\u00e9tique appropri\u00e9e :\n- de mani\u00e8re claire, permanente et significative, \u00e0 chaque point d'acc\u00e8s du public, de l'existence du syst\u00e8me de vid\u00e9oprotection ;\n- \u00e0 chaque point d'acc\u00e8s du public, des affichettes mentionnent les r\u00e9f\u00e9rences du code de la s\u00e9curit\u00e9 int\u00e9rieure susvis\u00e9 et les coordonn\u00e9es du\nresponsable de l'\u00e9tablissement aupr\u00e8s duquel s'exerce le droit d'acc\u00e8s aux images.\nLe droit d'acc\u00e8s aux images pourra s'exercer aupr\u00e8s du responsable s\u00fbret\u00e9.\nArt. 3  : Hormis le cas d'une enqu\u00eate de flagrant d\u00e9lit, d'une enqu\u00eate pr\u00e9liminaire ou d'une information judiciaire, les enregistrements sont\nd\u00e9truits dans un d\u00e9lai maximum de 30 jours.\nArt. 4  : Monsieur QUENTIN BENAULT, responsable de la mise en \u0153uvre du syst\u00e8me doit se porter garant des personnes susceptibles\nd'intervenir dans l'exploitation ou le visionnage des images, ainsi que dans la maintenance du syst\u00e8me mis en place. Des consignes tr\u00e8s\npr\u00e9cises sur la confidentialit\u00e9 des images capt\u00e9es ou/et enregistr\u00e9es et des atteintes \u00e0 la vie priv\u00e9e qu'elles peuvent \u00e9ventuellement impliquer\nsont donn\u00e9es \u00e0 toutes les personnes concern\u00e9es.\nArt. 5 : Toute modification pr\u00e9sentant un caract\u00e8re substantiel devra faire l'objet d'une d\u00e9claration aupr\u00e8s des services pr\u00e9fectoraux, notamment\nchangement d'activit\u00e9 dans les lieux prot\u00e9g\u00e9s, changement dans la configuration des lieux, changement affectant la protection des images.\nArt. 6 : Sans pr\u00e9judice des sanctions p\u00e9nales applicables, la pr\u00e9sente autorisation peut, apr\u00e8s que l'int\u00e9ress\u00e9 ait \u00e9t\u00e9 mis \u00e0 m\u00eame de pr\u00e9senter\nses observations, \u00eatre retir\u00e9e en cas de manquement aux dispositions figurant aux articles L.251-2, L.251-3, L.252-1 \u00e0 L.252-6, L.253-1 \u00e0\nL.253-5 et R.251-1 \u00e0 R.253-4 du code de la s\u00e9curit\u00e9 int\u00e9rieure susvis\u00e9 ou encore en cas de modification des conditions au vu desquelles cette\nautorisation a \u00e9t\u00e9 d\u00e9livr\u00e9e.\nArt. 7 : La pr\u00e9sente autorisation peut faire l'objet d'un recours devant le Tribunal Administratif de Caen dans un d\u00e9lai de deux mois \u00e0 compter de\nla date de sa notification \u00e0 l'int\u00e9ress\u00e9.\nArt. 8  : Le syst\u00e8me concern\u00e9 devra faire l'objet d'une nouvelle autorisation administrative pr\u00e9alable au terme du d\u00e9lai des cinq ans  : une\nnouvelle demande devra \u00eatre d\u00e9pos\u00e9e par t\u00e9l\u00e9proc\u00e9dure disponible sur le site \u00abvideoprotection.interieur.gouv.fr\u00bb, quatre mois avant l'\u00e9ch\u00e9ance\nde ce d\u00e9lai.\nSign\u00e9 : Pour le pr\u00e9fet et par d\u00e9l\u00e9gation, le sous-pr\u00e9fet d'Avranches : Gilles TRAIMOND\n\uf0bf\nArr\u00eat\u00e9 n\u00b0 2023-84 du 5 avril 2023 portant autorisation d'un syst\u00e8me de vid\u00e9oprotection - Commune de Carentan-Les-Marais \u00e0\nCARENTAN-LES-MARAIS \nConsid\u00e9rant que ce lieu est particuli\u00e8rement expos\u00e9 \u00e0 des risques d'agression ou de vol ;\nConsid\u00e9rant le caract\u00e8re proportionn\u00e9 du nombre de cam\u00e9ras envisag\u00e9es au regard des risques susmentionn\u00e9s ;\nArt. 1 : Monsieur Jean-Pierre LHONNEUR, maire de Carentan-les-Marais est autoris\u00e9, dans les conditions fix\u00e9es au pr\u00e9sent arr\u00eat\u00e9 et pour une\ndur\u00e9e de cinq ans renouvelable, \u00e0 installer  2 cam\u00e9ras int\u00e9rieures de vid\u00e9oprotection au sein des Toilettes Publiques de la Commune de\nCarentan-Les-Marais   50500 CARENTAN-LES-MARAIS, conform\u00e9ment au dossier pr\u00e9sent\u00e9 et annex\u00e9 \u00e0 la demande enregistr\u00e9e sous le\nnum\u00e9ro 2023/0074.\nLe syst\u00e8me consid\u00e9r\u00e9 r\u00e9pond aux finalit\u00e9s pr\u00e9vues par le code de la s\u00e9curit\u00e9 int\u00e9rieure :\nS\u00e9curit\u00e9 des personnes, Pr\u00e9vention des atteintes aux biens, Protection des b\u00e2timents publics.\nArt. 2 : Le public est inform\u00e9 de la pr\u00e9sence de ces cam\u00e9ras, dans l'\u00e9tablissement cit\u00e9 \u00e0 l'article 1er, par une signal\u00e9tique appropri\u00e9e :\n- de mani\u00e8re claire, permanente et significative, \u00e0 chaque point d'acc\u00e8s du public, de l'existence du syst\u00e8me de vid\u00e9oprotection ;\n- \u00e0 chaque point d'acc\u00e8s du public, des affichettes mentionnent les r\u00e9f\u00e9rences du code de la s\u00e9curit\u00e9 int\u00e9rieure susvis\u00e9 et les coordonn\u00e9es du\nresponsable de l'\u00e9tablissement aupr\u00e8s duquel s'exerce le droit d'acc\u00e8s aux images.\nLe droit d'acc\u00e8s aux images pourra s'exercer aupr\u00e8s du maire.\nArt. 3  : Hormis le cas d'une enqu\u00eate de flagrant d\u00e9lit, d'une enqu\u00eate pr\u00e9liminaire ou d'une information judiciaire, les enregistrements sont\nd\u00e9truits dans un d\u00e9lai maximum de 30 jours.\nArt. 4 : Monsieur Jean-Pierre LHONNEUR, maire de Carentan-les-Marais, responsable de la mise en \u0153uvre du syst\u00e8me doit se porter garant\ndes personnes susceptibles d'intervenir dans l'exploitation ou le visionnage des images, ainsi que dans la maintenance du syst\u00e8me mis en\nplace. Des consignes tr\u00e8s pr\u00e9cises sur la confidentialit\u00e9 des images capt\u00e9es ou/et enregistr\u00e9es et des atteintes \u00e0 la vie priv\u00e9e qu'elles peuvent\n\u00e9ventuellement impliquer sont donn\u00e9es \u00e0 toutes les personnes concern\u00e9es.\nArt. 5 : Toute modification pr\u00e9sentant un caract\u00e8re substantiel devra faire l'objet d'une d\u00e9claration aupr\u00e8s des services pr\u00e9fectoraux, notamment\nchangement d'activit\u00e9 dans les lieux prot\u00e9g\u00e9s, changement dans la configuration des lieux, changement affectant la protection des images.\nArt. 6 : Sans pr\u00e9judice des sanctions p\u00e9nales applicables, la pr\u00e9sente autorisation peut, apr\u00e8s que l'int\u00e9ress\u00e9 ait \u00e9t\u00e9 mis \u00e0 m\u00eame de pr\u00e9senter\nses observations, \u00eatre retir\u00e9e en cas de manquement aux dispositions figurant aux articles L.251-2, L.251-3, L.252-1 \u00e0 L.252-6, L.253-1 \u00e0\nL.253-5 et R.251-1 \u00e0 R.253-4 du code de la s\u00e9curit\u00e9 int\u00e9rieure susvis\u00e9 ou encore en cas de modification des conditions au vu desquelles cette\nautorisation a \u00e9t\u00e9 d\u00e9livr\u00e9e.\nArt. 7 : La pr\u00e9sente autorisation peut faire l'objet d'un recours devant le Tribunal Administratif de Caen dans un d\u00e9lai de deux mois \u00e0 compter de\nla date de sa notification \u00e0 l'int\u00e9ress\u00e9.\nArt. 8  : Le syst\u00e8me concern\u00e9 devra faire l'objet d'une nouvelle autorisation administrative pr\u00e9alable au terme du d\u00e9lai des cinq ans  : une\nnouvelle demande devra \u00eatre d\u00e9pos\u00e9e par t\u00e9l\u00e9proc\u00e9dure disponible sur le site \u00abvideoprotection.interieur.gouv.fr\u00bb, quatre mois avant l'\u00e9ch\u00e9ance\nde ce d\u00e9lai.\nSign\u00e9 : Pour le pr\u00e9fet et par d\u00e9l\u00e9gation, le sous-pr\u00e9fet d'Avranches : Gilles TRAIMOND\n\uf0bf\nArr\u00eat\u00e9 n\u00b0 2023-85 du 5 avril 2023 portant autorisation d'un syst\u00e8me de vid\u00e9oprotection - SOLIDUR \u00e0 ROMAGNY FONTENAY \nConsid\u00e9rant que ce lieu est particuli\u00e8rement expos\u00e9 \u00e0 des risques d'agression ou de vol ;\nConsid\u00e9rant le caract\u00e8re proportionn\u00e9 du nombre de cam\u00e9ras envisag\u00e9es au regard des risques susmentionn\u00e9s ;\nArt. 1 : Monsieur ANTHONY LE BIGOT est autoris\u00e9, dans les conditions fix\u00e9es au pr\u00e9sent arr\u00eat\u00e9 et pour une dur\u00e9e de cinq ans renouvelable, \u00e0\ninstaller 7 cam\u00e9ras int\u00e9rieures et 7 cam\u00e9ras ext\u00e9rieures de vid\u00e9oprotection au sein de l'\u00e9tablissement SOLIDUR 355 impasse TERACTIVE\nOUEST  50140 ROMAGNY FONTENAY, conform\u00e9ment au dossier pr\u00e9sent\u00e9 et annex\u00e9 \u00e0 la demande enregistr\u00e9e sous le num\u00e9ro 2023/0075.\nLe syst\u00e8me consid\u00e9r\u00e9 r\u00e9pond aux finalit\u00e9s pr\u00e9vues par le code de la s\u00e9curit\u00e9 int\u00e9rieure :\nS\u00e9curit\u00e9 des personnes, Pr\u00e9vention des atteintes aux biens, Pr\u00e9vention des fraudes douani\u00e8res.\nArt. 2 : Le public est inform\u00e9 de la pr\u00e9sence de ces cam\u00e9ras, dans l'\u00e9tablissement cit\u00e9 \u00e0 l'article 1er, par une signal\u00e9tique appropri\u00e9e :\n- de mani\u00e8re claire, permanente et significative, \u00e0 chaque point d'acc\u00e8s du public, de l'existence du syst\u00e8me de vid\u00e9oprotection ;\n- \u00e0 chaque point d'acc\u00e8s du public, des affichettes mentionnent les r\u00e9f\u00e9rences du code de la s\u00e9curit\u00e9 int\u00e9rieure susvis\u00e9 et les coordonn\u00e9es du\nresponsable de l'\u00e9tablissement aupr\u00e8s duquel s'exerce le droit d'acc\u00e8s aux images.\nLe droit d'acc\u00e8s aux images pourra s'exercer aupr\u00e8s du g\u00e9rant.\nArt. 3  : Hormis le cas d'une enqu\u00eate de flagrant d\u00e9lit, d'une enqu\u00eate pr\u00e9liminaire ou d'une information judiciaire, les enregistrements sont\nd\u00e9truits dans un d\u00e9lai maximum de 10 jours.\nArt. 4  : Monsieur ANTHONY LE BIGOT, responsable de la mise en \u0153uvre du syst\u00e8me doit se porter garant des personnes susceptibles\nd'intervenir dans l'exploitation ou le visionnage des images, ainsi que dans la maintenance du syst\u00e8me mis en place. Des consignes tr\u00e8s\npr\u00e9cises sur la confidentialit\u00e9 des images capt\u00e9es ou/et enregistr\u00e9es et des atteintes \u00e0 la vie priv\u00e9e qu'elles peuvent \u00e9ventuellement impliquer\nsont donn\u00e9es \u00e0 toutes les personnes concern\u00e9es.\nArt. 5 : Toute modification pr\u00e9sentant un caract\u00e8re substantiel devra faire l'objet d'une d\u00e9claration aupr\u00e8s des services pr\u00e9fectoraux, notamment\nchangement d'activit\u00e9 dans les lieux prot\u00e9g\u00e9s, changement dans la configuration des lieux, changement affectant la protection des images.\nArt. 6 : Sans pr\u00e9judice des sanctions p\u00e9nales applicables, la pr\u00e9sente autorisation peut, apr\u00e8s que l'int\u00e9ress\u00e9 ait \u00e9t\u00e9 mis \u00e0 m\u00eame de pr\u00e9senter\nses observations, \u00eatre retir\u00e9e en cas de manquement aux dispositions figurant aux articles L.251-2, L.251-3, L.252-1 \u00e0 L.252-6, L.253-1 \u00e0\nL.253-5 et R.251-1 \u00e0 R.253-4 du code de la s\u00e9curit\u00e9 int\u00e9rieure susvis\u00e9 ou encore en cas de modification des conditions au vu desquelles cette\nautorisation a \u00e9t\u00e9 d\u00e9livr\u00e9e.\nArt. 7 : La pr\u00e9sente autorisation peut faire l'objet d'un recours devant le Tribunal Administratif de Caen dans un d\u00e9lai de deux mois \u00e0 compter de\nla date de sa notification \u00e0 l'int\u00e9ress\u00e9.\nArt. 8  : Le syst\u00e8me concern\u00e9 devra faire l'objet d'une nouvelle autorisation administrative pr\u00e9alable au terme du d\u00e9lai des cinq ans  : une\nnouvelle demande devra \u00eatre d\u00e9pos\u00e9e \u00e0 la pr\u00e9fecture par t\u00e9l\u00e9proc\u00e9dure disponible sur le site \u00abvideoprotection.interieur.gouv.fr\u00bb, quatre mois\navant l'\u00e9ch\u00e9ance de ce d\u00e9lai.\nSign\u00e9 : Pour le pr\u00e9fet et par d\u00e9l\u00e9gation, le sous-pr\u00e9fet d'Avranches : Gilles TRAIMOND\n\uf0bf\nArr\u00eat\u00e9 n\u00b0 2023-86 du 5 avril 2023 portant autorisation d'un syst\u00e8me de vid\u00e9oprotection - FDAAPPMA 50 \u00e0 PONT-HEBERT\nConsid\u00e9rant que ce lieu est particuli\u00e8rement expos\u00e9 \u00e0 des risques d'agression ou de vol ;\nConsid\u00e9rant le caract\u00e8re proportionn\u00e9 du nombre de cam\u00e9ras envisag\u00e9es au regard des risques susmentionn\u00e9s ;\nArt. 1  : Monsieur Claude BUHAN est autoris\u00e9, dans les conditions fix\u00e9es au pr\u00e9sent arr\u00eat\u00e9 et pour une dur\u00e9e de cinq ans renouvelable, \u00e0\ninstaller  1 cam\u00e9ra int\u00e9rieure de vid\u00e9oprotection au  sein  de  l'\u00e9tablissement  FDAAPPMA 50 la  Pi\u00e8ce du Genet   50880  PONT-HEBERT,\nconform\u00e9ment au dossier pr\u00e9sent\u00e9 et annex\u00e9 \u00e0 la demande enregistr\u00e9e sous le num\u00e9ro 2023/0078.\nLe syst\u00e8me consid\u00e9r\u00e9 r\u00e9pond aux finalit\u00e9s pr\u00e9vues par le code de la s\u00e9curit\u00e9 int\u00e9rieure :\nPr\u00e9vention des atteintes aux biens.\nArt. 2 : Le public est inform\u00e9 de la pr\u00e9sence de ces cam\u00e9ras, dans l'\u00e9tablissement cit\u00e9 \u00e0 l'article 1er, par une signal\u00e9tique appropri\u00e9e :\n- de mani\u00e8re claire, permanente et significative, \u00e0 chaque point d'acc\u00e8s du public, de l'existence du syst\u00e8me de vid\u00e9oprotection ;\n- \u00e0 chaque point d'acc\u00e8s du public, des affichettes mentionnent les r\u00e9f\u00e9rences du code de la s\u00e9curit\u00e9 int\u00e9rieure susvis\u00e9 et les coordonn\u00e9es du\nresponsable de l'\u00e9tablissement aupr\u00e8s duquel s'exerce le droit d'acc\u00e8s aux images.\nLe droit d'acc\u00e8s aux images pourra s'exercer aupr\u00e8s du pr\u00e9sident.\nArt. 3  : Hormis le cas d'une enqu\u00eate de flagrant d\u00e9lit, d'une enqu\u00eate pr\u00e9liminaire ou d'une information judiciaire, les enregistrements sont\nd\u00e9truits dans un d\u00e9lai maximum de 30 jours.\nArt. 4 : Monsieur Claude BUHAN, responsable de la mise en \u0153uvre du syst\u00e8me doit se porter garant des personnes susceptibles d'intervenir\ndans l'exploitation ou le visionnage des images, ainsi que dans la maintenance du syst\u00e8me mis en place. Des consignes tr\u00e8s pr\u00e9cises sur la\nconfidentialit\u00e9 des images capt\u00e9es ou/et enregistr\u00e9es et des atteintes \u00e0 la vie priv\u00e9e qu'elles peuvent \u00e9ventuellement impliquer sont donn\u00e9es \u00e0\ntoutes les personnes concern\u00e9es.\nArt. 5 : Toute modification pr\u00e9sentant un caract\u00e8re substantiel devra faire l'objet d'une d\u00e9claration aupr\u00e8s des services pr\u00e9fectoraux, notamment\nchangement d'activit\u00e9 dans les lieux prot\u00e9g\u00e9s, changement dans la configuration des lieux, changement affectant la protection des images.\nArt. 6 : Sans pr\u00e9judice des sanctions p\u00e9nales applicables, la pr\u00e9sente autorisation peut, apr\u00e8s que l'int\u00e9ress\u00e9 ait \u00e9t\u00e9 mis \u00e0 m\u00eame de pr\u00e9senter\nses observations, \u00eatre retir\u00e9e en cas de manquement aux dispositions figurant aux articles L.251-2, L.251-3, L.252-1 \u00e0 L.252-6, L.253-1 \u00e0\nL.253-5 et R.251-1 \u00e0 R.253-4 du code de la s\u00e9curit\u00e9 int\u00e9rieure susvis\u00e9 ou encore en cas de modification des conditions au vu desquelles cette\nautorisation a \u00e9t\u00e9 d\u00e9livr\u00e9e.\nArt. 7 : La pr\u00e9sente autorisation peut faire l'objet d'un recours devant le Tribunal Administratif de Caen dans un d\u00e9lai de deux mois \u00e0 compter de\nla date de sa notification \u00e0 l'int\u00e9ress\u00e9.\nArt. 8  : Le syst\u00e8me concern\u00e9 devra faire l'objet d'une nouvelle autorisation administrative pr\u00e9alable au terme du d\u00e9lai des cinq ans  : une\nnouvelle demande devra \u00eatre d\u00e9pos\u00e9e par t\u00e9l\u00e9proc\u00e9dure disponible sur le site \u00abvideoprotection.interieur.gouv.fr\u00bb, quatre mois avant l'\u00e9ch\u00e9ance\nde ce d\u00e9lai.\nSign\u00e9 : Pour le pr\u00e9fet et par d\u00e9l\u00e9gation, le sous-pr\u00e9fet d'Avranches : Gilles TRAIMOND\n\uf0bf\nArr\u00eat\u00e9 n\u00b0 2023-88 du 5 avril 2023 portant autorisation d'un syst\u00e8me de vid\u00e9oprotection - Sarl ABELA-NEGAA \u00e0 PONTORSON\nConsid\u00e9rant que ce lieu est particuli\u00e8rement expos\u00e9 \u00e0 des risques d'agression ou de vol ;\nConsid\u00e9rant le caract\u00e8re proportionn\u00e9 du nombre de cam\u00e9ras envisag\u00e9es au regard des risques susmentionn\u00e9s ;\nArt. 1  : Monsieur Richard ABELA est autoris\u00e9, dans les conditions fix\u00e9es au pr\u00e9sent arr\u00eat\u00e9 et pour une dur\u00e9e de cinq ans renouvelable, \u00e0\ninstaller 4 cam\u00e9ras int\u00e9rieures de vid\u00e9oprotection au sein de l'\u00e9tablissement Sarl ABELA-NEGAA 92 rue du Couesnon  50170 PONTORSON,\nconform\u00e9ment au dossier pr\u00e9sent\u00e9 et annex\u00e9 \u00e0 la demande enregistr\u00e9e sous le num\u00e9ro 2023/0080.\nLe syst\u00e8me consid\u00e9r\u00e9 r\u00e9pond aux finalit\u00e9s pr\u00e9vues par le code de la s\u00e9curit\u00e9 int\u00e9rieure :\nS\u00e9curit\u00e9 des personnes, Pr\u00e9vention des atteintes aux biens.\nArt. 2 : Le public est inform\u00e9 de la pr\u00e9sence de ces cam\u00e9ras, dans l'\u00e9tablissement cit\u00e9 \u00e0 l'article 1er, par une signal\u00e9tique appropri\u00e9e :\n- de mani\u00e8re claire, permanente et significative, \u00e0 chaque point d'acc\u00e8s du public, de l'existence du syst\u00e8me de vid\u00e9oprotection ;\n- \u00e0 chaque point d'acc\u00e8s du public, des affichettes mentionnent les r\u00e9f\u00e9rences du code de la s\u00e9curit\u00e9 int\u00e9rieure susvis\u00e9 et les coordonn\u00e9es du\nresponsable de l'\u00e9tablissement aupr\u00e8s duquel s'exerce le droit d'acc\u00e8s aux images.\nLe droit d'acc\u00e8s aux images pourra s'exercer aupr\u00e8s du g\u00e9rant.\nArt. 3  : Hormis le cas d'une enqu\u00eate de flagrant d\u00e9lit, d'une enqu\u00eate pr\u00e9liminaire ou d'une information judiciaire, les enregistrements sont\nd\u00e9truits dans un d\u00e9lai maximum de 30 jours.\nArt. 4 : Monsieur Richard ABELA, responsable de la mise en \u0153uvre du syst\u00e8me doit se porter garant des personnes susceptibles d'intervenir\ndans l'exploitation ou le visionnage des images, ainsi que dans la maintenance du syst\u00e8me mis en place. Des consignes tr\u00e8s pr\u00e9cises sur la\nconfidentialit\u00e9 des images capt\u00e9es ou/et enregistr\u00e9es et des atteintes \u00e0 la vie priv\u00e9e qu'elles peuvent \u00e9ventuellement impliquer sont donn\u00e9es \u00e0\ntoutes les personnes concern\u00e9es.\nArt. 5 : Toute modification pr\u00e9sentant un caract\u00e8re substantiel devra faire l'objet d'une d\u00e9claration aupr\u00e8s des services pr\u00e9fectoraux, notamment\nchangement d'activit\u00e9 dans les lieux prot\u00e9g\u00e9s, changement dans la configuration des lieux, changement affectant la protection des images.\nArt. 6 : Sans pr\u00e9judice des sanctions p\u00e9nales applicables, la pr\u00e9sente autorisation peut, apr\u00e8s que l'int\u00e9ress\u00e9 ait \u00e9t\u00e9 mis \u00e0 m\u00eame de pr\u00e9senter\nses observations, \u00eatre retir\u00e9e en cas de manquement aux dispositions figurant aux articles L.251-2, L.251-3, L.252-1 \u00e0 L.252-6, L.253-1 \u00e0\nL.253-5 et R.251-1 \u00e0 R.253-4 du code de la s\u00e9curit\u00e9 int\u00e9rieure susvis\u00e9 ou encore en cas de modification des conditions au vu desquelles cette\nautorisation a \u00e9t\u00e9 d\u00e9livr\u00e9e.\nArt. 7 : La pr\u00e9sente autorisation peut faire l'objet d'un recours devant le Tribunal Administratif de Caen dans un d\u00e9lai de deux mois \u00e0 compter de\nla date de sa notification \u00e0 l'int\u00e9ress\u00e9.\nArt. 8  : Le syst\u00e8me concern\u00e9 devra faire l'objet d'une nouvelle autorisation administrative pr\u00e9alable au terme du d\u00e9lai des cinq ans  : une\nnouvelle demande devra \u00eatre d\u00e9pos\u00e9e par t\u00e9l\u00e9proc\u00e9dure disponible sur le site \u00abvideoprotection.interieur.gouv.fr\u00bb, quatre mois avant l'\u00e9ch\u00e9ance\nde ce d\u00e9lai.\nSign\u00e9 : Pour le pr\u00e9fet et par d\u00e9l\u00e9gation, le sous-pr\u00e9fet d'Avranches : Gilles TRAIMOND\n\uf0bf\nArr\u00eat\u00e9 n\u00b0 2023-89 du 5 avril 2023 portant autorisation d'un syst\u00e8me de vid\u00e9oprotection - SAS Maison Gu\u00e9rin Pompes Fun\u00e8bres \u00e0\nGRANVILLE \nConsid\u00e9rant que ce lieu est particuli\u00e8rement expos\u00e9 \u00e0 des risques d'agression ou de vol ;\nConsid\u00e9rant le caract\u00e8re proportionn\u00e9 du nombre de cam\u00e9ras envisag\u00e9es au regard des risques susmentionn\u00e9s ;\nArt. 1 : Monsieur Pascal ROCHELLE est autoris\u00e9, dans les conditions fix\u00e9es au pr\u00e9sent arr\u00eat\u00e9 et pour une dur\u00e9e de cinq ans renouvelable, \u00e0\ninstaller 4 cam\u00e9ras int\u00e9rieures et 4 cam\u00e9ras ext\u00e9rieures de vid\u00e9oprotection au sein de l'\u00e9tablissement SAS Maison Gu\u00e9rin Pompes Fun\u00e8bres 97\nrue du Vieux Moulin  50400 GRANVILLE, conform\u00e9ment au dossier pr\u00e9sent\u00e9 et annex\u00e9 \u00e0 la demande enregistr\u00e9e sous le num\u00e9ro 2023/0081.\nLe syst\u00e8me consid\u00e9r\u00e9 r\u00e9pond aux finalit\u00e9s pr\u00e9vues par le code de la s\u00e9curit\u00e9 int\u00e9rieure :\nS\u00e9curit\u00e9 des personnes, Pr\u00e9vention des atteintes aux biens, Lutte contre la d\u00e9marque inconnue.\nArt. 2 : Le public est inform\u00e9 de la pr\u00e9sence de ces cam\u00e9ras, dans l'\u00e9tablissement cit\u00e9 \u00e0 l'article 1er, par une signal\u00e9tique appropri\u00e9e :\n- de mani\u00e8re claire, permanente et significative, \u00e0 chaque point d'acc\u00e8s du public, de l'existence du syst\u00e8me de vid\u00e9oprotection ;\n- \u00e0 chaque point d'acc\u00e8s du public, des affichettes mentionnent les r\u00e9f\u00e9rences du code de la s\u00e9curit\u00e9 int\u00e9rieure susvis\u00e9 et les coordonn\u00e9es du\nresponsable de l'\u00e9tablissement aupr\u00e8s duquel s'exerce le droit d'acc\u00e8s aux images.\nLe droit d'acc\u00e8s aux images pourra s'exercer aupr\u00e8s de Olivier GUERIN.\nArt. 3  : Hormis le cas d'une enqu\u00eate de flagrant d\u00e9lit, d'une enqu\u00eate pr\u00e9liminaire ou d'une information judiciaire, les enregistrements sont\nd\u00e9truits dans un d\u00e9lai maximum de 30 jours.\nArt. 4  : Monsieur Pascal  ROCHELLE, responsable de la mise en \u0153uvre du syst\u00e8me doit  se porter garant des personnes susceptibles\nd'intervenir dans l'exploitation ou le visionnage des images, ainsi que dans la maintenance du syst\u00e8me mis en place. Des consignes tr\u00e8s\npr\u00e9cises sur la confidentialit\u00e9 des images capt\u00e9es ou/et enregistr\u00e9es et des atteintes \u00e0 la vie priv\u00e9e qu'elles peuvent \u00e9ventuellement impliquer\nsont donn\u00e9es \u00e0 toutes les personnes concern\u00e9es.\nArt. 5 : Toute modification pr\u00e9sentant un caract\u00e8re substantiel devra faire l'objet d'une d\u00e9claration aupr\u00e8s des services pr\u00e9fectoraux, notamment\nchangement d'activit\u00e9 dans les lieux prot\u00e9g\u00e9s, changement dans la configuration des lieux, changement affectant la protection des images.\nArt. 6 : Sans pr\u00e9judice des sanctions p\u00e9nales applicables, la pr\u00e9sente autorisation peut, apr\u00e8s que l'int\u00e9ress\u00e9 ait \u00e9t\u00e9 mis \u00e0 m\u00eame de pr\u00e9senter\nses observations, \u00eatre retir\u00e9e en cas de manquement aux dispositions figurant aux articles L.251-2, L.251-3, L.252-1 \u00e0 L.252-6, L.253-1 \u00e0\nL.253-5 et R.251-1 \u00e0 R.253-4 du code de la s\u00e9curit\u00e9 int\u00e9rieure susvis\u00e9 ou encore en cas de modification des conditions au vu desquelles cette\nautorisation a \u00e9t\u00e9 d\u00e9livr\u00e9e.\nArt. 7 : La pr\u00e9sente autorisation peut faire l'objet d'un recours devant le Tribunal Administratif de Caen dans un d\u00e9lai de deux mois \u00e0 compter de\nla date de sa notification \u00e0 l'int\u00e9ress\u00e9.\nArt. 8  : Le syst\u00e8me concern\u00e9 devra faire l'objet d'une nouvelle autorisation administrative pr\u00e9alable au terme du d\u00e9lai des cinq ans  : une\nnouvelle demande devra \u00eatre d\u00e9pos\u00e9e par t\u00e9l\u00e9proc\u00e9dure disponible sur le site \u00abvideoprotection.interieur.gouv.fr\u00bb, quatre mois avant l'\u00e9ch\u00e9ance\nde ce d\u00e9lai.\nSign\u00e9 : Pour le pr\u00e9fet et par d\u00e9l\u00e9gation, le sous-pr\u00e9fet d'Avranches : Gilles TRAIMOND\n\uf0bf\nArr\u00eat\u00e9 n\u00b0 2023-20 du 17 avril 2023 portant renouvellement d'un syst\u00e8me de vid\u00e9oprotection - communaut\u00e9 d'agglom\u00e9ration du\ncotentin \u00e0 CHERBOURG-EN-COTENTIN\nArt. 1 : L'autorisation, pr\u00e9c\u00e9demment accord\u00e9e au maire de Cherbourg-en-Cotentin, pour installer 6 cam\u00e9ras ext\u00e9rieures permettant une dur\u00e9e\nde  conservation  des  images  \u00e0  30  jours  au  sein  de  l'\u00e9tablissement  Ville  de  Cherbourg-en-Cotentin  Parc  de  la  Fauconni\u00e8re   50100\nCHERBOURG-EN-COTENTIN, par arr\u00eat\u00e9 pr\u00e9fectoral du 03 f\u00e9vrier 2017, est reconduite pour la communaut\u00e9 d'agglom\u00e9ration du cotention Parc\nde la Fauconni\u00e8re, pour une dur\u00e9e de cinq ans renouvelable, conform\u00e9ment au dossier pr\u00e9sent\u00e9 et annex\u00e9 \u00e0 la demande enregistr\u00e9e sous le\nnum\u00e9ro 2016/0312.\nArt. 2 : Les dispositions pr\u00e9vues par l'arr\u00eat\u00e9 du 03 f\u00e9vrier 2017 demeurent applicables.\nArt. 3 : Monsieur Jean-Ren\u00e9 LECHATREUX, responsable de la mise en \u0153uvre du syst\u00e8me doit se porter garant des personnes susceptibles\nd'intervenir dans l'exploitation ou le visionnage des images, ainsi que dans la maintenance du syst\u00e8me mis en place. Des consignes tr\u00e8s\npr\u00e9cises sur la confidentialit\u00e9 des images capt\u00e9es ou/et enregistr\u00e9es et des atteintes \u00e0 la vie priv\u00e9e qu'elles peuvent \u00e9ventuellement impliquer\nsont donn\u00e9es \u00e0 toutes les personnes concern\u00e9es.\nArt. 4 : Toute modification pr\u00e9sentant un caract\u00e8re substantiel devra faire l'objet d'une d\u00e9claration aupr\u00e8s des services pr\u00e9fectoraux, notamment\nchangement d'activit\u00e9 dans les lieux prot\u00e9g\u00e9s, changement dans la configuration des lieux, changement affectant la protection des images.\nArt. 5 : Sans pr\u00e9judice des sanctions p\u00e9nales applicables, la pr\u00e9sente autorisation peut, apr\u00e8s que l'int\u00e9ress\u00e9 ait \u00e9t\u00e9 mis \u00e0 m\u00eame de pr\u00e9senter\nses observations, \u00eatre retir\u00e9e en cas de manquement aux dispositions figurant aux articles L.251-2, L.251-3, L.252-1 \u00e0 L.252-6, L.253-1 \u00e0\nL.253-5 et R.251-1 \u00e0 R.253-4 du code de la s\u00e9curit\u00e9 int\u00e9rieure susvis\u00e9 ou encore en cas de modification des conditions au vu desquelles cette\nautorisation a \u00e9t\u00e9 d\u00e9livr\u00e9e.\nArt. 6 : La pr\u00e9sente autorisation peut faire l'objet d'un recours devant le Tribunal Administratif de Caen dans un d\u00e9lai de deux mois \u00e0 compter de\nla date de sa notification \u00e0 l'int\u00e9ress\u00e9.\nArt. 7  : Le syst\u00e8me concern\u00e9 devra faire l'objet d'une nouvelle autorisation administrative pr\u00e9alable au terme du d\u00e9lai des cinq ans  : une\nnouvelle demande devra \u00eatre d\u00e9pos\u00e9e par t\u00e9l\u00e9proc\u00e9dure disponible sur le site \u00abvideoprotection.interieur.gouv.fr\u00bb, quatre mois avant l'\u00e9ch\u00e9ance\nde ce d\u00e9lai.\nSign\u00e9 : Pour le pr\u00e9fet et par d\u00e9l\u00e9gation, le sous-pr\u00e9fet d'Avranches : Gilles TRAIMOND\n\uf0bf\nArr\u00eat\u00e9 n\u00b0 2023-31 du 17 avril 2023 portant modification d'un syst\u00e8me de vid\u00e9oprotection - LE ROLLON \u00e0 CHERBOURG-EN-COTENTIN\nArt. 1  : Monsieur Thierry SIMON est autoris\u00e9, dans les conditions fix\u00e9es au pr\u00e9sent arr\u00eat\u00e9 et pour une dur\u00e9e de cinq ans renouvelable, \u00e0\nmodifier l'installation de vid\u00e9oprotection au sein de l'\u00e9tablissement LE ROLLON 27 rue Roger Glinel Querqueville 50460 CHERBOURG-EN-\nCOTENTIN, conform\u00e9ment au dossier annex\u00e9 \u00e0 la demande enregistr\u00e9e sous le num\u00e9ro 2010/0122.\nArt. 2 : Cette modification intervient sur l'installation de vid\u00e9oprotection pr\u00e9c\u00e9demment autoris\u00e9e par arr\u00eat\u00e9 pr\u00e9fectoral susvis\u00e9.\nArt. 3 : La modification porte sur la conservation des images, elle passe de 7 \u00e0 30 jours.\nLe droit d'acc\u00e8s aux images s'exercera aupr\u00e8s de Monsieur Thierry SIMON.\nArt. 4 : Monsieur Thierry SIMON, responsable de la mise en \u0153uvre du syst\u00e8me doit se porter garant des personnes susceptibles d'intervenir\ndans l'exploitation ou le visionnage des images, ainsi que dans la maintenance du syst\u00e8me mis en place. Des consignes tr\u00e8s pr\u00e9cises sur la\nconfidentialit\u00e9 des images capt\u00e9es ou/et enregistr\u00e9es et des atteintes \u00e0 la vie priv\u00e9e qu'elles peuvent \u00e9ventuellement impliquer sont donn\u00e9es \u00e0\ntoutes les personnes concern\u00e9es.\nArt. 5 : Toute modification pr\u00e9sentant un caract\u00e8re substantiel devra faire l'objet d'une d\u00e9claration aupr\u00e8s des services pr\u00e9fectoraux, notamment\nchangement d'activit\u00e9 dans les lieux prot\u00e9g\u00e9s, changement dans la configuration des lieux, changement affectant la protection des images.\nArt. 6 : Sans pr\u00e9judice des sanctions p\u00e9nales applicables, la pr\u00e9sente autorisation peut, apr\u00e8s que l'int\u00e9ress\u00e9 ait \u00e9t\u00e9 mis \u00e0 m\u00eame de pr\u00e9senter\nses observations, \u00eatre retir\u00e9e en cas de manquement aux dispositions figurant aux articles L.251-2, L.251-3, L.252-1 \u00e0 L.252-6, L.253-1 \u00e0\nL.253-5 et R.251-1 \u00e0 R.253-4 du code de la s\u00e9curit\u00e9 int\u00e9rieure susvis\u00e9 ou encore en cas de modification des conditions au vu desquelles cette\nautorisation a \u00e9t\u00e9 d\u00e9livr\u00e9e.\nArt. 7 : La pr\u00e9sente autorisation peut faire l'objet d'un recours devant le Tribunal Administratif de Caen dans un d\u00e9lai de deux mois \u00e0 compter de\nla date de sa notification \u00e0 l'int\u00e9ress\u00e9.\nArt. 8  : Le syst\u00e8me concern\u00e9 devra faire l'objet d'une nouvelle autorisation administrative pr\u00e9alable au terme du d\u00e9lai des cinq ans  : une\nnouvelle demande devra \u00eatre d\u00e9pos\u00e9e par t\u00e9l\u00e9proc\u00e9dure disponible sur le site \u00abvideoprotection.interieur.gouv.fr\u00bb, quatre mois avant l'\u00e9ch\u00e9ance\nde ce d\u00e9lai.\nArt. 9 : Les autres dispositions pr\u00e9vues par l'arr\u00eat\u00e9 pr\u00e9fectoral susvis\u00e9 demeurent applicables.\nSign\u00e9 : Pour le pr\u00e9fet et par d\u00e9l\u00e9gation, le sous-pr\u00e9fet d'Avranches : Gilles TRAIMOND\n\uf0bf\nArr\u00eat\u00e9 n\u00b0 2023-37 du 17 avril 2023 portant modification d'un syst\u00e8me de vid\u00e9oprotection - Ville de Carentan \u00e0 CARENTAN-LES-\nMARAIS\nArt. 1 : Monsieur Jean-Pierre LHONNEUR, maire de la commune de Carentan-les-Marais, est autoris\u00e9, dans les conditions fix\u00e9es au pr\u00e9sent\narr\u00eat\u00e9 et pour une dur\u00e9e de cinq ans renouvelable, \u00e0 modifier l'installation de vid\u00e9oprotection au sein de la commune d\u00e9l\u00e9gu\u00e9e de Carentan\n50500 CARENTAN-LES-MARAIS, conform\u00e9ment au dossier annex\u00e9 \u00e0 la demande enregistr\u00e9e sous le num\u00e9ro 2011/0232.\nArt. 2 : Cette modification intervient sur l'installation de vid\u00e9oprotection pr\u00e9c\u00e9demment autoris\u00e9e par arr\u00eat\u00e9 pr\u00e9fectoral susvis\u00e9.\nArt. 3 : La modification porte sur la dur\u00e9e de conservation des images. Elle passe de 5 \u00e0 30 jours.\nLe nombre de cam\u00e9ra reste identique, \u00e0 savoir :\nCam\u00e9ras Adresse installation Surveillance Type et num\u00e9ros\n1 Square Herv\u00e9 Mangon Entr\u00e9e rue Holgate Ext\u00e9rieur \u2013 01-1\n2 Square Herv\u00e9 Mangon Sortie boulevard de Verdun Ext\u00e9rieur \u2013 01-2\n3 Boulevard de Verdun Rond-Point  ascenceur  passerelle\nSNCF\nExt\u00e9rieur \u2013 02-1\n4 Boulevard de Verdun Cabine int\u00e9rieure ascenceur Int\u00e9rieur \u2013 02-2\n5 Boulevard de Verdun Passage passerelle ascenceur Ext\u00e9rieur \u2013 02-3\n6 Rue des Fontaines Carrefour  rue  des  Fontaines/Rue\nHolgate\nExt\u00e9rieur \u2013 02-4\n7 Rue des Fontaines Cabine int\u00e9rieur ascenceur Int\u00e9rieur \u2013 02-5\n8 Rue des Fontaines Passage passerelle ascenceur Ext\u00e9rieur \u2013 02-6\n9 Rue de la Halle Rond-Point  place  Desplanque\nDumesnil et rue de la Halle\nExt\u00e9rieur \u2013 03-1 A\n                   03-1 B\n10 Tour du lavoir rue des Fontaines Lavoir Ext\u00e9rieur \u2013 04-1\n11 Pignon m\u00e9diath\u00e8que rue Holgate Rue Holgate (multi vue et ronde) Ext\u00e9rieur \u2013 05-1 A\n                   05-1 B\n12 Toilettes publiques place Grand Valnoble Place Grand Valnoble (multi vue et\nronde)\nExt\u00e9rieur \u2013 06-1A\n                   06-1 B\n13 Carrefour rue Holgate Place  Vauban,  place  March\u00e9  aux\npommes,  Rue  S\u00e9bline  et  rue\nDocteur Caillard (ronde)\nExt\u00e9rieur \u2013 07-1\n14 Carrefour rue Holgate Carrefour  rue  Docteur  Caillard/rueExt\u00e9rieur \u2013 07-2\nS\u00e9bline\n15 Boulevard des Fortifications Place Grand Valnoble et Boulevard\ndes Fortifications\nExt\u00e9rieur \u2013 08-1\n16 Pignon salle des f\u00eates place de la R\u00e9publique Place de la R\u00e9publique et  rue de\nl'\u00c9glise (multi vie et ronde)\nExt\u00e9rieur \u2013 09-1 A\n                   09-1 B\n17 Pignon Police Municipale boulevard de Verdun Conteneurs rue des Fontaines Ext\u00e9rieur - 13-4\nLe droit d'acc\u00e8s aux images s'exercera aupr\u00e8s de la police municipale.\nArt. 4  : Monsieur Jean-Pierre LHONNEUR, responsable de la mise en \u0153uvre du syst\u00e8me doit se porter garant des personnes susceptibles\nd'intervenir dans l'exploitation ou le visionnage des images, ainsi que dans la maintenance du syst\u00e8me mis en place. Des consignes tr\u00e8s\npr\u00e9cises sur la confidentialit\u00e9 des images capt\u00e9es ou/et enregistr\u00e9es et des atteintes \u00e0 la vie priv\u00e9e qu'elles peuvent \u00e9ventuellement impliquer\nsont donn\u00e9es \u00e0 toutes les personnes concern\u00e9es.\nArt. 5 : Toute modification pr\u00e9sentant un caract\u00e8re substantiel devra faire l'objet d'une d\u00e9claration aupr\u00e8s des services pr\u00e9fectoraux, notamment\nchangement d'activit\u00e9 dans les lieux prot\u00e9g\u00e9s, changement dans la configuration des lieux, changement affectant la protection des images.\nArt. 6  : Sans pr\u00e9judice des sanctions p\u00e9nales applicables, la pr\u00e9sente autorisation peut, apr\u00e8s que l'int\u00e9ress\u00e9 ait \u00e9t\u00e9 mis \u00e0 m\u00eame de\npr\u00e9senter ses observations, \u00eatre retir\u00e9e en cas de manquement aux dispositions figurant aux articles L.251-2, L.251-3, L.252-1 \u00e0 L.252-6,\nL.253-1 \u00e0 L.253-5 et R.251-1 \u00e0 R.253-4 du code de la s\u00e9curit\u00e9 int\u00e9rieure susvis\u00e9 ou encore en cas de modification des conditions au vu\ndesquelles cette autorisation a \u00e9t\u00e9 d\u00e9livr\u00e9e.\nArt. 7 : La pr\u00e9sente autorisation peut faire l'objet d'un recours devant le Tribunal Administratif de Caen dans un d\u00e9lai de deux mois \u00e0 compter de\nla date de sa notification \u00e0 l'int\u00e9ress\u00e9.\nArt. 8  : Le syst\u00e8me concern\u00e9 devra faire l'objet d'une nouvelle autorisation administrative pr\u00e9alable au terme du d\u00e9lai des cinq ans  : une\nnouvelle demande devra \u00eatre d\u00e9pos\u00e9e par t\u00e9l\u00e9proc\u00e9dure disponible sur le site \u00abvideoprotection.interieur.gouv.fr\u00bb, quatre mois avant l'\u00e9ch\u00e9ance\nde ce d\u00e9lai.\nArt. 9 : Les autres dispositions pr\u00e9vues par l'arr\u00eat\u00e9 pr\u00e9fectoral susvis\u00e9 demeurent applicables.\nSign\u00e9 : Pour le pr\u00e9fet et par d\u00e9l\u00e9gation, le sous-pr\u00e9fet d'Avranches : Gilles TRAIMOND\n\uf0bf\nArr\u00eat\u00e9 n\u00b0 2023-50 du 17 avril 2023 portant autorisation d'un syst\u00e8me de vid\u00e9oprotection - SARL MAKALO \u00e0 SAINT-PIERRE-LANGERS\nConsid\u00e9rant que ce lieu est particuli\u00e8rement expos\u00e9 \u00e0 des risques d'agression ou de vol ;\nConsid\u00e9rant le caract\u00e8re proportionn\u00e9 du nombre de cam\u00e9ras envisag\u00e9es au regard des risques susmentionn\u00e9s ;\nArt. 1  : Monsieur MARC-ETIENNE PLOUFFE est autoris\u00e9, dans les conditions fix\u00e9es au pr\u00e9sent arr\u00eat\u00e9 et pour une dur\u00e9e de cinq ans\nrenouvelable, \u00e0 installer 2 cam\u00e9ras int\u00e9rieures de vid\u00e9oprotection au sein de l'\u00e9tablissement SARL MAKALO 24 route de la Havaudi\u00e8re  50530\nSAINT-PIERRE-LANGERS, conform\u00e9ment au dossier pr\u00e9sent\u00e9 et annex\u00e9 \u00e0 la demande enregistr\u00e9e sous le num\u00e9ro 2022/0230.Le syst\u00e8me\nconsid\u00e9r\u00e9 r\u00e9pond aux finalit\u00e9s pr\u00e9vues par le code de la s\u00e9curit\u00e9 int\u00e9rieure :\nS\u00e9curit\u00e9 des personnes, Pr\u00e9vention des atteintes aux biens.\nArt. 2 : Le public est inform\u00e9 de la pr\u00e9sence de ces cam\u00e9ras, dans l'\u00e9tablissement cit\u00e9 \u00e0 l'article 1er, par une signal\u00e9tique appropri\u00e9e :\n- de mani\u00e8re claire, permanente et significative, \u00e0 chaque point d'acc\u00e8s du public, de l'existence du syst\u00e8me de vid\u00e9oprotection ;\n- \u00e0 chaque point d'acc\u00e8s du public, des affichettes mentionnent les r\u00e9f\u00e9rences du code de la s\u00e9curit\u00e9 int\u00e9rieure susvis\u00e9 et les coordonn\u00e9es du\nresponsable de l'\u00e9tablissement aupr\u00e8s duquel s'exerce le droit d'acc\u00e8s aux images.\nLe droit d'acc\u00e8s aux images pourra s'exercer aupr\u00e8s de Marc-Etienne PLOUFFE.\nArt. 3  : Hormis le cas d'une enqu\u00eate de flagrant d\u00e9lit, d'une enqu\u00eate pr\u00e9liminaire ou d'une information judiciaire, les enregistrements sont\nd\u00e9truits dans un d\u00e9lai maximum de 30 jours.\nArt. 4 : Monsieur MARC-ETIENNE PLOUFFE, responsable de la mise en \u0153uvre du syst\u00e8me doit se porter garant des personnes susceptibles\nd'intervenir dans l'exploitation ou le visionnage des images, ainsi que dans la maintenance du syst\u00e8me mis en place. Des consignes tr\u00e8s\npr\u00e9cises sur la confidentialit\u00e9 des images capt\u00e9es ou/et enregistr\u00e9es et des atteintes \u00e0 la vie priv\u00e9e qu'elles peuvent \u00e9ventuellement impliquer\nsont donn\u00e9es \u00e0 toutes les personnes concern\u00e9es.\nArt. 5 : Toute modification pr\u00e9sentant un caract\u00e8re substantiel devra faire l'objet d'une d\u00e9claration aupr\u00e8s des services pr\u00e9fectoraux, notamment\nchangement d'activit\u00e9 dans les lieux prot\u00e9g\u00e9s, changement dans la configuration des lieux, changement affectant la protection des images.\nArt. 6 : Sans pr\u00e9judice des sanctions p\u00e9nales applicables, la pr\u00e9sente autorisation peut, apr\u00e8s que l'int\u00e9ress\u00e9 ait \u00e9t\u00e9 mis \u00e0 m\u00eame de pr\u00e9senter\nses observations, \u00eatre retir\u00e9e en cas de manquement aux dispositions figurant aux articles L.251-2, L.251-3, L.252-1 \u00e0 L.252-6, L.253-1 \u00e0\nL.253-5 et R.251-1 \u00e0 R.253-4 du code de la s\u00e9curit\u00e9 int\u00e9rieure susvis\u00e9 ou encore en cas de modification des conditions au vu desquelles cette\nautorisation a \u00e9t\u00e9 d\u00e9livr\u00e9e.\nArt. 7 : La pr\u00e9sente autorisation peut faire l'objet d'un recours devant le Tribunal Administratif de Caen dans un d\u00e9lai de deux mois \u00e0 compter de\nla date de sa notification \u00e0 l'int\u00e9ress\u00e9.\nArt. 8  : Le syst\u00e8me concern\u00e9 devra faire l'objet d'une nouvelle autorisation administrative pr\u00e9alable au terme du d\u00e9lai des cinq ans  : une\nnouvelle demande devra \u00eatre d\u00e9pos\u00e9e par t\u00e9l\u00e9proc\u00e9dure disponible sur le site \u00abvideoprotection.interieur.gouv.fr\u00bb, quatre mois avant l'\u00e9ch\u00e9ance\nde ce d\u00e9lai.\nSign\u00e9 : Pour le pr\u00e9fet et par d\u00e9l\u00e9gation, le sous-pr\u00e9fet d'Avranches : Gilles TRAIMOND\n\uf0bf\nArr\u00eat\u00e9 n\u00b0 2023-87 du 17 avril 2023 portant autorisation d'un syst\u00e8me de vid\u00e9oprotection - Commune de M\u00e9autis \u00e0 MEAUTIS\nConsid\u00e9rant que ce lieu est particuli\u00e8rement expos\u00e9 \u00e0 des risques d'agression ou de vol ;\nConsid\u00e9rant le caract\u00e8re proportionn\u00e9 du nombre de cam\u00e9ras envisag\u00e9es au regard des risques susmentionn\u00e9s ;\nArt. 1  : Le maire de la Commune de M\u00e9autis est autoris\u00e9, dans les conditions fix\u00e9es au pr\u00e9sent arr\u00eat\u00e9 et pour une dur\u00e9e de cinq ans\nrenouvelable, \u00e0 installer 4 cam\u00e9ras voie publique de vid\u00e9oprotection au sein de la Commune de M\u00e9autis, conform\u00e9ment au dossier pr\u00e9sent\u00e9 et\nannex\u00e9 \u00e0 la demande enregistr\u00e9e sous le num\u00e9ro 2023/0079.\nLe syst\u00e8me consid\u00e9r\u00e9 r\u00e9pond aux finalit\u00e9s pr\u00e9vues par le code de la s\u00e9curit\u00e9 int\u00e9rieure :\nS\u00e9curit\u00e9 des personnes, Pr\u00e9vention des atteintes aux biens, Protection des b\u00e2timents publics.\nArt. 2 : Le public est inform\u00e9 de la pr\u00e9sence de ces cam\u00e9ras, dans l'\u00e9tablissement cit\u00e9 \u00e0 l'article 1er, par une signal\u00e9tique appropri\u00e9e :\n- de mani\u00e8re claire, permanente et significative, \u00e0 chaque point d'acc\u00e8s du public, de l'existence du syst\u00e8me de vid\u00e9oprotection ;\n- \u00e0 chaque point d'acc\u00e8s du public, des affichettes mentionnent les r\u00e9f\u00e9rences du code de la s\u00e9curit\u00e9 int\u00e9rieure susvis\u00e9 et les coordonn\u00e9es du\nresponsable de l'\u00e9tablissement aupr\u00e8s duquel s'exerce le droit d'acc\u00e8s aux images.\nLe droit d'acc\u00e8s aux images pourra s'exercer aupr\u00e8s du maire.\nArt. 3  : Hormis le cas d'une enqu\u00eate de flagrant d\u00e9lit, d'une enqu\u00eate pr\u00e9liminaire ou d'une information judiciaire, les enregistrements sont\nd\u00e9truits dans un d\u00e9lai maximum de 15 jours.\nArt. 4 : Le maire de la Commune de M\u00e9autis, responsable de la mise en \u0153uvre du syst\u00e8me doit se porter garant des personnes susceptibles\nd'intervenir dans l'exploitation ou le visionnage des images, ainsi que dans la maintenance du syst\u00e8me mis en place. Des consignes tr\u00e8s\npr\u00e9cises sur la confidentialit\u00e9 des images capt\u00e9es ou/et enregistr\u00e9es et des atteintes \u00e0 la vie priv\u00e9e qu'elles peuvent \u00e9ventuellement impliquer\nsont donn\u00e9es \u00e0 toutes les personnes concern\u00e9es.\nArt. 5 : Toute modification pr\u00e9sentant un caract\u00e8re substantiel devra faire l'objet d'une d\u00e9claration aupr\u00e8s des services pr\u00e9fectoraux, notamment\nchangement d'activit\u00e9 dans les lieux prot\u00e9g\u00e9s, changement dans la configuration des lieux, changement affectant la protection des images.\nArt. 6 : Sans pr\u00e9judice des sanctions p\u00e9nales applicables, la pr\u00e9sente autorisation peut, apr\u00e8s que l'int\u00e9ress\u00e9 ait \u00e9t\u00e9 mis \u00e0 m\u00eame de pr\u00e9senter\nses observations, \u00eatre retir\u00e9e en cas de manquement aux dispositions figurant aux articles L.251-2, L.251-3, L.252-1 \u00e0 L.252-6, L.253-1 \u00e0\nL.253-5 et R.251-1 \u00e0 R.253-4 du code de la s\u00e9curit\u00e9 int\u00e9rieure susvis\u00e9 ou encore en cas de modification des conditions au vu desquelles cette\nautorisation a \u00e9t\u00e9 d\u00e9livr\u00e9e.\nArt. 7 : La pr\u00e9sente autorisation peut faire l'objet d'un recours devant le Tribunal Administratif de Caen dans un d\u00e9lai de deux mois \u00e0 compter de\nla date de sa notification \u00e0 l'int\u00e9ress\u00e9.\nArt. 8  : Le syst\u00e8me concern\u00e9 devra faire l'objet d'une nouvelle autorisation administrative pr\u00e9alable au terme du d\u00e9lai des cinq ans  : une\nnouvelle demande devra \u00eatre d\u00e9pos\u00e9e par t\u00e9l\u00e9proc\u00e9dure disponible sur le site \u00abvideoprotection.interieur.gouv.fr\u00bb, quatre mois avant l'\u00e9ch\u00e9ance\nde ce d\u00e9lai.\nSign\u00e9 : Pour le pr\u00e9fet et par d\u00e9l\u00e9gation, le sous-pr\u00e9fet d'Avranches : Gilles TRAIMOND\n\uf0bf\nArr\u00eat\u00e9 n\u00b0 2023-90 du 17 avril 2023 portant autorisation d'un syst\u00e8me de vid\u00e9oprotection - Sous-Pr\u00e9fecture de Coutances \u00e0\nCOUTANCES\nConsid\u00e9rant que ce lieu est particuli\u00e8rement expos\u00e9 \u00e0 des risques d'agression ou de vol ;\nConsid\u00e9rant le caract\u00e8re proportionn\u00e9 du nombre de cam\u00e9ras envisag\u00e9es au regard des risques susmentionn\u00e9s ;\nArt. 1  : Monsieur le sous-pr\u00e9fet de Coutances est autoris\u00e9 dans les conditions fix\u00e9es au pr\u00e9sent arr\u00eat\u00e9 et pour une dur\u00e9e de cinq ans\nrenouvelable,  \u00e0  installer  1  cam\u00e9ra  int\u00e9rieure  et  1  cam\u00e9ra  ext\u00e9rieure  de  vid\u00e9oprotection  au  sein  de  l'\u00e9tablissement  Sous-Pr\u00e9fecture  de\nCoutances square Lebrun  50300 COUTANCES, conform\u00e9ment au dossier pr\u00e9sent\u00e9 et annex\u00e9 \u00e0 la demande enregistr\u00e9e sous le num\u00e9ro\n2023/0083.\nLe syst\u00e8me consid\u00e9r\u00e9 r\u00e9pond aux finalit\u00e9s pr\u00e9vues par le code de la s\u00e9curit\u00e9 int\u00e9rieure :\nS\u00e9curit\u00e9 des personnes, Pr\u00e9vention des atteintes aux biens, Protection des b\u00e2timents publics, Pr\u00e9vention d'actes terroristes.\nArt. 2 : Le public est inform\u00e9 de la pr\u00e9sence de ces cam\u00e9ras, dans l'\u00e9tablissement cit\u00e9 \u00e0 l'article 1er, par une signal\u00e9tique appropri\u00e9e :\n- de mani\u00e8re claire, permanente et significative, \u00e0 chaque point d'acc\u00e8s du public, de l'existence du syst\u00e8me de vid\u00e9oprotection ;\n- \u00e0 chaque point d'acc\u00e8s du public, des affichettes mentionnent les r\u00e9f\u00e9rences du code de la s\u00e9curit\u00e9 int\u00e9rieure susvis\u00e9 et les coordonn\u00e9es du\nresponsable de l'\u00e9tablissement aupr\u00e8s duquel s'exerce le droit d'acc\u00e8s aux images.\nLe droit d'acc\u00e8s aux images pourra s'exercer aupr\u00e8s de la sous-pr\u00e9f\u00e8te.\nArt. 3  : Hormis le cas d'une enqu\u00eate de flagrant d\u00e9lit, d'une enqu\u00eate pr\u00e9liminaire ou d'une information judiciaire, les enregistrements sont\nd\u00e9truits dans un d\u00e9lai maximum de 30 jours.\nArt. 4 : Monsieur le sous-pr\u00e9fet de Coutances, responsable de la mise en \u0153uvre du syst\u00e8me doit se porter garante des personnes susceptibles\nd'intervenir dans l'exploitation ou le visionnage des images, ainsi que dans la maintenance du syst\u00e8me mis en place. Des consignes tr\u00e8s\npr\u00e9cises sur la confidentialit\u00e9 des images capt\u00e9es ou/et enregistr\u00e9es et des atteintes \u00e0 la vie priv\u00e9e qu'elles peuvent \u00e9ventuellement impliquer\nsont donn\u00e9es \u00e0 toutes les personnes concern\u00e9es.\nArt. 5 : Toute modification pr\u00e9sentant un caract\u00e8re substantiel devra faire l'objet d'une d\u00e9claration aupr\u00e8s des services pr\u00e9fectoraux, notamment\nchangement d'activit\u00e9 dans les lieux prot\u00e9g\u00e9s, changement dans la configuration des lieux, changement affectant la protection des images.\nArt. 6 : Sans pr\u00e9judice des sanctions p\u00e9nales applicables, la pr\u00e9sente autorisation peut, apr\u00e8s que l'int\u00e9ress\u00e9e ait \u00e9t\u00e9 mis \u00e0 m\u00eame de pr\u00e9senter\nses observations, \u00eatre retir\u00e9e en cas de manquement aux dispositions figurant aux articles L.251-2, L.251-3, L.252-1 \u00e0 L.252-6, L.253-1 \u00e0\nL.253-5 et R.251-1 \u00e0 R.253-4 du code de la s\u00e9curit\u00e9 int\u00e9rieure susvis\u00e9 ou encore en cas de modification des conditions au vu desquelles cette\nautorisation a \u00e9t\u00e9 d\u00e9livr\u00e9e.\nArt. 7 : La pr\u00e9sente autorisation peut faire l'objet d'un recours devant le Tribunal Administratif de Caen dans un d\u00e9lai de deux mois \u00e0 compter de\nla date de sa notification \u00e0 l'int\u00e9ress\u00e9e.\nArt. 8  : Le syst\u00e8me concern\u00e9 devra faire l'objet d'une nouvelle autorisation administrative pr\u00e9alable au terme du d\u00e9lai des cinq ans  : une\nnouvelle demande devra \u00eatre d\u00e9pos\u00e9e par t\u00e9l\u00e9proc\u00e9dure disponible sur le site \u00abvideoprotection.interieur.gouv.fr\u00bb, quatre mois avant l'\u00e9ch\u00e9ance\nde ce d\u00e9lai.\nSign\u00e9 : Pour le pr\u00e9fet et par d\u00e9l\u00e9gation, le sous-pr\u00e9fet d'Avranches : Gilles TRAIMOND\n\uf0bf\nArr\u00eat\u00e9 n\u00b0 2023-92 du 20 avril 2023 portant renouvellement d'un syst\u00e8me de vid\u00e9oprotection - CARREFOUR MARKET \u00e0 BLAINVILLE-\nSUR-MER\nArt. 1  : L'autorisation, pr\u00e9c\u00e9demment accord\u00e9e, pour installer 14 cam\u00e9ras int\u00e9rieures et 4 cam\u00e9ras ext\u00e9rieures permettant une dur\u00e9e de\nconservation des images \u00e0 12 jours au sein de l'\u00e9tablissement CARREFOUR MARKET ZA Les Landelles  50560 BLAINVILLE-SUR-MER, par\narr\u00eat\u00e9 pr\u00e9fectoral du 04 avril 2015, au directeur, est reconduite, pour une dur\u00e9e de cinq ans renouvelable, conform\u00e9ment au dossier pr\u00e9sent\u00e9 et\nannex\u00e9 \u00e0 la demande enregistr\u00e9e sous le num\u00e9ro 2015/0040.\nArt. 2 : Les dispositions pr\u00e9vues par l'arr\u00eat\u00e9 du 04 avril 2015 demeurent applicables.\nArt. 3  : Le directeur,  responsable de la mise en \u0153uvre du syst\u00e8me doit se porter garant des  personnes  susceptibles d'intervenir dans\nl'exploitation ou le visionnage des images, ainsi que dans la maintenance du syst\u00e8me mis en place. Des consignes tr\u00e8s pr\u00e9cises sur la\nconfidentialit\u00e9 des images capt\u00e9es ou/et enregistr\u00e9es et des atteintes \u00e0 la vie priv\u00e9e qu'elles peuvent \u00e9ventuellement impliquer sont donn\u00e9es \u00e0\ntoutes les personnes concern\u00e9es.\nArt. 4 : Toute modification pr\u00e9sentant un caract\u00e8re substantiel devra faire l'objet d'une d\u00e9claration aupr\u00e8s des services pr\u00e9fectoraux, notamment\nchangement d'activit\u00e9 dans les lieux prot\u00e9g\u00e9s, changement dans la configuration des lieux, changement affectant la protection des images.\nArt. 5 : Sans pr\u00e9judice des sanctions p\u00e9nales applicables, la pr\u00e9sente autorisation peut, apr\u00e8s que l'int\u00e9ress\u00e9 ait \u00e9t\u00e9 mis \u00e0 m\u00eame de pr\u00e9senter\nses observations, \u00eatre retir\u00e9e en cas de manquement aux dispositions figurant aux articles L.251-2, L.251-3, L.252-1 \u00e0 L.252-6, L.253-1 \u00e0\nL.253-5 et R.251-1 \u00e0 R.253-4 du code de la s\u00e9curit\u00e9 int\u00e9rieure susvis\u00e9 ou encore en cas de modification des conditions au vu desquelles cette\nautorisation a \u00e9t\u00e9 d\u00e9livr\u00e9e.\nArt. 6 : La pr\u00e9sente autorisation peut faire l'objet d'un recours devant le Tribunal Administratif de Caen dans un d\u00e9lai de deux mois \u00e0 compter de\nla date de sa notification \u00e0 l'int\u00e9ress\u00e9.\nArt. 7  : Le syst\u00e8me concern\u00e9 devra faire l'objet d'une nouvelle autorisation administrative pr\u00e9alable au terme du d\u00e9lai des cinq ans  : une\nnouvelle  demande  devra  \u00eatre  d\u00e9pos\u00e9e  \u00e0  la  pr\u00e9fecture  soit  par  courrier,  soit  par  t\u00e9l\u00e9proc\u00e9dure  disponible  sur  le  site\n\u00abvideoprotection.interieur.gouv.fr\u00bb, quatre mois avant l'\u00e9ch\u00e9ance de ce d\u00e9lai.\nSign\u00e9 : Pour le Pr\u00e9fet et par d\u00e9l\u00e9gation, le sous-pr\u00e9fet d'Avranches : Gilles TRAIMOND\n\uf0bf\nArr\u00eat\u00e9 n\u00b0 2023-116 du 3 juillet 2023 portant modification d'un syst\u00e8me de vid\u00e9oprotection - CAFE DE LA GARE \u00e0 GRANVILLE\nArt. 1 : Monsieur Jean-Luc HAZIM est autoris\u00e9, dans les conditions fix\u00e9es au pr\u00e9sent arr\u00eat\u00e9 et pour une dur\u00e9e de cinq ans renouvelable, \u00e0\nmodifier l'installation de vid\u00e9oprotection au sein de l'\u00e9tablissement CAFE DE LA GARE 131 rue de Couraye  50400 GRANVILLE, conform\u00e9ment\nau dossier annex\u00e9 \u00e0 la demande enregistr\u00e9e sous le num\u00e9ro 2012/0014.\nArt. 2 : Cette modification intervient sur l'installation de vid\u00e9oprotection pr\u00e9c\u00e9demment autoris\u00e9e par arr\u00eat\u00e9 pr\u00e9fectoral susvis\u00e9.\nArt. 3 : La modification porte sur le retrait d'une cam\u00e9ra int\u00e9rieure. Le syst\u00e8me comporte d\u00e9sormais  3 cam\u00e9ras int\u00e9rieures.\nLa dur\u00e9e de conservation des images reste fix\u00e9e \u00e0 30 jours.\nLe droit d'acc\u00e8s aux images s'exercera aupr\u00e8s du r\u00e9ponsable.\nArt. 4 : Monsieur Jean-Luc HAZIM, responsable de la mise en \u0153uvre du syst\u00e8me doit se porter garant des personnes susceptibles d'intervenir\ndans l'exploitation ou le visionnage des images, ainsi que dans la maintenance du syst\u00e8me mis en place. Des consignes tr\u00e8s pr\u00e9cises sur la\nconfidentialit\u00e9 des images capt\u00e9es ou/et enregistr\u00e9es et des atteintes \u00e0 la vie priv\u00e9e qu'elles peuvent \u00e9ventuellement impliquer sont donn\u00e9es \u00e0\ntoutes les personnes concern\u00e9es.\nArt. 5 : Toute modification pr\u00e9sentant un caract\u00e8re substantiel devra faire l'objet d'une d\u00e9claration aupr\u00e8s des services pr\u00e9fectoraux, notamment\nchangement d'activit\u00e9 dans les lieux prot\u00e9g\u00e9s, changement dans la configuration des lieux, changement affectant la protection des images.\nArt. 6 : Sans pr\u00e9judice des sanctions p\u00e9nales applicables, la pr\u00e9sente autorisation peut, apr\u00e8s que l'int\u00e9ress\u00e9 ait \u00e9t\u00e9 mis \u00e0 m\u00eame de pr\u00e9senter\nses observations, \u00eatre retir\u00e9e en cas de manquement aux dispositions figurant aux articles L.251-2, L.251-3, L.252-1 \u00e0 L.252-6, L.253-1 \u00e0\nL.253-5 et R.251-1 \u00e0 R.253-4 du code de la s\u00e9curit\u00e9 int\u00e9rieure susvis\u00e9 ou encore en cas de modification des conditions au vu desquelles cette\nautorisation a \u00e9t\u00e9 d\u00e9livr\u00e9e.\nArt. 7: La pr\u00e9sente autorisation peut faire l'objet d'un recours devant le Tribunal Administratif de Caen dans un d\u00e9lai de deux mois \u00e0 compter de\nla date de sa notification \u00e0 l'int\u00e9ress\u00e9.\nArt. 8  : Le syst\u00e8me concern\u00e9 devra faire l'objet d'une nouvelle autorisation administrative pr\u00e9alable au terme du d\u00e9lai des cinq ans  : une\nnouvelle demande devra \u00eatre d\u00e9pos\u00e9e par t\u00e9l\u00e9proc\u00e9dure disponible sur le site \u00abvideoprotection.interieur.gouv.fr\u00bb, quatre mois avant l'\u00e9ch\u00e9ance\nde ce d\u00e9lai.\nArt. 9 :  Les autres dispositions pr\u00e9vues par l'arr\u00eat\u00e9 pr\u00e9fectoral susvis\u00e9 demeurent applicables.\nSign\u00e9 : Pour le Pr\u00e9fet et par d\u00e9l\u00e9gation, le sous-pr\u00e9fet de Coutances, sous-pr\u00e9fet d'Avranches par interim : Julien MINICONI\n\uf0bf\nArr\u00eat\u00e9 n\u00b0 2023-117 du 3 juillet 2023 portant modification d'un syst\u00e8me de vid\u00e9oprotection - H2S Formation \u00e0 CRASVILLE\nArt. 1 : Madame Marion CHAIGNEAU \u00e9pouse CHOMBEAU est autoris\u00e9e, dans les conditions fix\u00e9es au pr\u00e9sent arr\u00eat\u00e9 et pour une dur\u00e9e de\ncinq ans renouvelable, \u00e0 modifier l'installation de vid\u00e9oprotection au sein de l'\u00e9tablissement H2S Formation 29  Hameau Belle Croix  50630\nCRASVILLE, conform\u00e9ment au dossier annex\u00e9 \u00e0 la demande enregistr\u00e9e sous le num\u00e9ro 2012/0034.\nArt. 2 : Cette modification intervient sur l'installation de vid\u00e9oprotection pr\u00e9c\u00e9demment autoris\u00e9e par arr\u00eat\u00e9 pr\u00e9fectoral susvis\u00e9.\nArt. 3 : La modification porte sur l'habilitation. Personnes habilit\u00e9es Mme CHOMBEAU Marion et Mme CHOMBEAU M\u00e9lanie. \nLe syst\u00e8me reste compos\u00e9 de 2 cam\u00e9ras int\u00e9rieures et de 2 cam\u00e9ras ext\u00e9rieures.\nLa dur\u00e9e de conservation des images reste fix\u00e9e \u00e0 10 jours.\nLe droit d'acc\u00e8s aux images s'exercera aupr\u00e8s de la g\u00e9rante.\nArt. 4     :   Madame Marion CHAIGNEAU \u00e9pouse CHOMBEAU, responsable de la mise en \u0153uvre du syst\u00e8me doit se porter garante des personnes\nsusceptibles d'intervenir dans l'exploitation ou le visionnage des images, ainsi que dans la maintenance du syst\u00e8me mis en place. Des\nconsignes  tr\u00e8s  pr\u00e9cises  sur  la  confidentialit\u00e9  des  images  capt\u00e9es  ou/et  enregistr\u00e9es  et  des  atteintes  \u00e0  la  vie  priv\u00e9e  qu'elles  peuvent\n\u00e9ventuellement impliquer sont donn\u00e9es \u00e0 toutes les personnes concern\u00e9es.\nArt. 5     :   Toute modification pr\u00e9sentant un caract\u00e8re substantiel devra faire l'objet d'une d\u00e9claration aupr\u00e8s des services pr\u00e9fectoraux, notamment\nchangement d'activit\u00e9 dans les lieux prot\u00e9g\u00e9s, changement dans la configuration des lieux, changement affectant la protection des images.\nArt. 6 : Sans pr\u00e9judice des sanctions p\u00e9nales applicables, la pr\u00e9sente autorisation peut, apr\u00e8s que l'int\u00e9ress\u00e9e ait \u00e9t\u00e9 mis \u00e0 m\u00eame de pr\u00e9senter\nses observations, \u00eatre retir\u00e9e en cas de manquement aux dispositions figurant aux articles L.251-2, L.251-3, L.252-1 \u00e0 L.252-6, L.253-1 \u00e0\nL.253-5 et R.251-1 \u00e0 R.253-4 du code de la s\u00e9curit\u00e9 int\u00e9rieure susvis\u00e9 ou encore en cas de modification des conditions au vu desquelles cette\nautorisation a \u00e9t\u00e9 d\u00e9livr\u00e9e.\nArt. 7 : La pr\u00e9sente autorisation peut faire l'objet d'un recours devant le Tribunal Administratif de Caen dans un d\u00e9lai de deux mois \u00e0 compter de\nla date de sa notification \u00e0 l'int\u00e9ress\u00e9e.\nArt. 8  : Le syst\u00e8me concern\u00e9 devra faire l'objet d'une nouvelle autorisation administrative pr\u00e9alable au terme du d\u00e9lai des cinq ans  : une\nnouvelle demande devra \u00eatre d\u00e9pos\u00e9e par t\u00e9l\u00e9proc\u00e9dure disponible sur le site \u00abvideoprotection.interieur.gouv.fr\u00bb, quatre mois avant l'\u00e9ch\u00e9ance\nde ce d\u00e9lai.\nArt. 9 : Les autres dispositions pr\u00e9vues par l'arr\u00eat\u00e9 pr\u00e9fectoral susvis\u00e9 demeurent applicables.\nSign\u00e9 : Pour le Pr\u00e9fet et par d\u00e9l\u00e9gation, le sous-pr\u00e9fet de Coutances, sous-pr\u00e9fet d'Avranches par interim : Julien MINICONI\n\uf0bf\nArr\u00eat\u00e9 n\u00b0 2023-118 du 3 juillet 2023 portant modification d'un syst\u00e8me de vid\u00e9oprotection - CREDIT MUTUEL MAINE-ANJOU BASSE\nNORMANDIE \u00e0 SAINT-POIS\nArt. 1 : Le charg\u00e9 de s\u00e9curit\u00e9 est autoris\u00e9, dans les conditions fix\u00e9es au pr\u00e9sent arr\u00eat\u00e9 et pour une dur\u00e9e de cinq ans renouvelable, \u00e0 modifier\nl'installation de vid\u00e9oprotection au sein de l'\u00e9tablissement CREDIT MUTUEL MAINE-ANJOU BASSE NORMANDIE 18 route de Saint Laurent\n50670 SAINT-POIS, conform\u00e9ment au dossier annex\u00e9 \u00e0 la demande enregistr\u00e9e sous le num\u00e9ro 2013/0053.\nArt. 2 : Cette modification intervient sur l'installation de vid\u00e9oprotection pr\u00e9c\u00e9demment autoris\u00e9e par arr\u00eat\u00e9 pr\u00e9fectoral susvis\u00e9.\nArt. 3 : La modification porte sur l'habilitation. Personnes habilit\u00e9es \u00e0 acc\u00e9der aux images  : le personnel du service s\u00e9curit\u00e9, le personnel de la\nbanque, les techniciens de l'installateur mainteneur,  les op\u00e9rateurs du centre de t\u00e9l\u00e9surveillance.\nLe syst\u00e8me reste compos\u00e9 de 2 cam\u00e9ras int\u00e9rieures et de 2 cam\u00e9ras ext\u00e9rieures.\nLa dur\u00e9e de conservation des images reste fix\u00e9e \u00e0 30 jours.\nLe droit d'acc\u00e8s aux images s'exercera aupr\u00e8s du charg\u00e9 de s\u00e9curit\u00e9.\nArt. 4 : Le charg\u00e9 de s\u00e9curit\u00e9, responsable de la mise en \u0153uvre du syst\u00e8me doit se porter garant des personnes susceptibles d'intervenir dans\nl'exploitation ou le visionnage des images, ainsi que dans la maintenance du syst\u00e8me mis en place. Des consignes tr\u00e8s pr\u00e9cises sur la\nconfidentialit\u00e9 des images capt\u00e9es ou/et enregistr\u00e9es et des atteintes \u00e0 la vie priv\u00e9e qu'elles peuvent \u00e9ventuellement impliquer sont donn\u00e9es \u00e0\ntoutes les personnes concern\u00e9es.\nArt. 5 : Toute modification pr\u00e9sentant un caract\u00e8re substantiel devra faire l'objet d'une d\u00e9claration aupr\u00e8s des services pr\u00e9fectoraux, notamment\nchangement d'activit\u00e9 dans les lieux prot\u00e9g\u00e9s, changement dans la configuration des lieux, changement affectant la protection des images.\nArt. 6 : Sans pr\u00e9judice des sanctions p\u00e9nales applicables, la pr\u00e9sente autorisation peut, apr\u00e8s que l'int\u00e9ress\u00e9 ait \u00e9t\u00e9 mis \u00e0 m\u00eame de pr\u00e9senter\nses observations, \u00eatre retir\u00e9e en cas de manquement aux dispositions figurant aux articles L.251-2, L.251-3, L.252-1 \u00e0 L.252-6, L.253-1 \u00e0\nL.253-5 et R.251-1 \u00e0 R.253-4 du code de la s\u00e9curit\u00e9 int\u00e9rieure susvis\u00e9 ou encore en cas de modification des conditions au vu desquelles cette\nautorisation a \u00e9t\u00e9 d\u00e9livr\u00e9e.\nArt. 7 : La pr\u00e9sente autorisation peut faire l'objet d'un recours devant le Tribunal Administratif de Caen dans un d\u00e9lai de deux mois \u00e0 compter de\nla date de sa notification \u00e0 l'int\u00e9ress\u00e9.\nArt. 8  : Le syst\u00e8me concern\u00e9 devra faire l'objet d'une nouvelle autorisation administrative pr\u00e9alable au terme du d\u00e9lai des cinq ans  : une\nnouvelle demande devra \u00eatre d\u00e9pos\u00e9e par t\u00e9l\u00e9proc\u00e9dure disponible sur le site \u00abvideoprotection.interieur.gouv.fr\u00bb, quatre mois avant l'\u00e9ch\u00e9ance\nde ce d\u00e9lai.\nArt. 9 : Les autres dispositions pr\u00e9vues par l'arr\u00eat\u00e9 pr\u00e9fectoral susvis\u00e9 demeurent applicables.\nSign\u00e9 : Pour le Pr\u00e9fet et par d\u00e9l\u00e9gation, le sous-pr\u00e9fet de Coutances, sous-pr\u00e9fet d'Avranches par interim : Julien MINICONI\n\uf0bf\nArr\u00eat\u00e9 n\u00b0 2023-119 du 3 juillet 2023 portant modification d'un syst\u00e8me de vid\u00e9oprotection - Carrefour contact \u00e0 PICAUVILLE\nArt. 1 : Monsieur J\u00e9r\u00f4me THOMAS est autoris\u00e9, dans les conditions fix\u00e9es au pr\u00e9sent arr\u00eat\u00e9 et pour une dur\u00e9e de cinq ans renouvelable, \u00e0\nmodifier l'installation de vid\u00e9oprotection au sein de l'\u00e9tablissement Carrefour contact rue Cornu  50360 PICAUVILLE, conform\u00e9ment au dossier\nannex\u00e9 \u00e0 la demande enregistr\u00e9e sous le num\u00e9ro 2017/0151.\nArt. 2 : Cette modification intervient sur l'installation de vid\u00e9oprotection pr\u00e9c\u00e9demment autoris\u00e9e par arr\u00eat\u00e9 pr\u00e9fectoral susvis\u00e9.\nArt. 3  : La modification porte sur l'ajout de 11 cam\u00e9ras int\u00e9rieures et l'ajout d'une cam\u00e9ra ext\u00e9rieure. Le syst\u00e8me comporte d\u00e9sormais 27\ncam\u00e9ras int\u00e9rieures et 5 cam\u00e9ras ext\u00e9rieures.\nLa dur\u00e9e de conservation des images passe de 12 \u00e0 14 jours.\nLe droit d'acc\u00e8s aux images s'exercera aupr\u00e8s du g\u00e9rant.\nArt. 4 : Monsieur J\u00e9r\u00f4me THOMAS, responsable de la mise en \u0153uvre du syst\u00e8me doit se porter garant des personnes susceptibles d'intervenir\ndans l'exploitation ou le visionnage des images, ainsi que dans la maintenance du syst\u00e8me mis en place. Des consignes tr\u00e8s pr\u00e9cises sur la\nconfidentialit\u00e9 des images capt\u00e9es ou/et enregistr\u00e9es et des atteintes \u00e0 la vie priv\u00e9e qu'elles peuvent \u00e9ventuellement impliquer sont donn\u00e9es \u00e0\ntoutes les personnes concern\u00e9es.\nArt. 5 : Toute modification pr\u00e9sentant un caract\u00e8re substantiel devra faire l'objet d'une d\u00e9claration aupr\u00e8s des services pr\u00e9fectoraux, notamment\nchangement d'activit\u00e9 dans les lieux prot\u00e9g\u00e9s, changement dans la configuration des lieux, changement affectant la protection des images.\nArt. 6 : Sans pr\u00e9judice des sanctions p\u00e9nales applicables, la pr\u00e9sente autorisation peut, apr\u00e8s que l'int\u00e9ress\u00e9 ait \u00e9t\u00e9 mis \u00e0 m\u00eame de pr\u00e9senter\nses observations, \u00eatre retir\u00e9e en cas de manquement aux dispositions figurant aux articles L.251-2, L.251-3, L.252-1 \u00e0 L.252-6, L.253-1 \u00e0\nL.253-5 et R.251-1 \u00e0 R.253-4 du code de la s\u00e9curit\u00e9 int\u00e9rieure susvis\u00e9 ou encore en cas de modification des conditions au vu desquelles cette\nautorisation a \u00e9t\u00e9 d\u00e9livr\u00e9e.\nArt. 7 :  La pr\u00e9sente autorisation peut faire l'objet d'un recours devant le Tribunal Administratif de Caen dans un d\u00e9lai de deux mois \u00e0 compter\nde la date de sa notification \u00e0 l'int\u00e9ress\u00e9.\nArt. 8  : Le syst\u00e8me concern\u00e9 devra faire l'objet d'une nouvelle autorisation administrative pr\u00e9alable au terme du d\u00e9lai des cinq ans  : une\nnouvelle demande devra \u00eatre d\u00e9pos\u00e9e par t\u00e9l\u00e9proc\u00e9dure disponible sur le site \u00abvideoprotection.interieur.gouv.fr\u00bb, quatre mois avant l'\u00e9ch\u00e9ance\nde ce d\u00e9lai.\nArt. 9 : Les autres dispositions pr\u00e9vues par l'arr\u00eat\u00e9 pr\u00e9fectoral susvis\u00e9 demeurent applicables.\nSign\u00e9 : Pour le Pr\u00e9fet et par d\u00e9l\u00e9gation, le sous-pr\u00e9fet de Coutances, sous-pr\u00e9fet d'Avranches par interim : Julien MINICONI\n\uf0bf\nArr\u00eat\u00e9 n\u00b0 2023-120 du 3 juillet 2023  portant modification d'un syst\u00e8me de vid\u00e9oprotection - Caisse d'Epargne Normandie \u00e0 SAINT-\nPAIR-SUR-MER\nArt. 1  : Le charg\u00e9 de s\u00e9curit\u00e9 personnes et biens est autoris\u00e9, dans les conditions fix\u00e9es au pr\u00e9sent arr\u00eat\u00e9 et pour une dur\u00e9e de cinq ans\nrenouvelable, \u00e0 modifier l'installation de vid\u00e9oprotection au sein de l'\u00e9tablissement Caisse d'Epargne Normandie 43 rue de Granville   50380\nSAINT-PAIR-SUR-MER, conform\u00e9ment au dossier annex\u00e9 \u00e0 la demande enregistr\u00e9e sous le num\u00e9ro 2018/0076.\nArt. 2 : Cette modification intervient sur l'installation de vid\u00e9oprotection pr\u00e9c\u00e9demment autoris\u00e9e par arr\u00eat\u00e9 pr\u00e9fectoral susvis\u00e9.\nArt. 3  : La modification porte sur l'ajout d'une cam\u00e9ra int\u00e9rieure et le retrait d'une cam\u00e9ra ext\u00e9rieure. Le syst\u00e8me comporte d\u00e9sormais 6\ncam\u00e9ras int\u00e9rieures.\nLa dur\u00e9e de conservation des images reste fix\u00e9e \u00e0 30 jours.\nLe droit d'acc\u00e8s aux images s'exercera aupr\u00e8s du charg\u00e9 de s\u00e9curit\u00e9.\nArt. 4  : Le charg\u00e9 de s\u00e9curit\u00e9 personnes et biens, responsable de la mise en \u0153uvre du syst\u00e8me doit se porter garant des personnes\nsusceptibles d'intervenir dans l'exploitation ou le visionnage des images, ainsi que dans la maintenance du syst\u00e8me mis en place. Des\nconsignes  tr\u00e8s  pr\u00e9cises  sur  la  confidentialit\u00e9  des  images  capt\u00e9es  ou/et  enregistr\u00e9es  et  des  atteintes  \u00e0  la  vie  priv\u00e9e  qu'elles  peuvent\n\u00e9ventuellement impliquer sont donn\u00e9es \u00e0 toutes les personnes concern\u00e9es.\nArt. 5     : Toute modification pr\u00e9sentant un caract\u00e8re substantiel devra faire l'objet d'une d\u00e9claration aupr\u00e8s des services pr\u00e9fectoraux, notamment\nchangement d'activit\u00e9 dans les lieux prot\u00e9g\u00e9s, changement dans la configuration des lieux, changement affectant la protection des images.\nArt. 6 : Sans pr\u00e9judice des sanctions p\u00e9nales applicables, la pr\u00e9sente autorisation peut, apr\u00e8s que l'int\u00e9ress\u00e9 ait \u00e9t\u00e9 mis \u00e0 m\u00eame de pr\u00e9senter\nses observations, \u00eatre retir\u00e9e en cas de manquement aux dispositions figurant aux articles L.251-2, L.251-3, L.252-1 \u00e0 L.252-6, L.253-1 \u00e0\nL.253-5 et R.251-1 \u00e0 R.253-4 du code de la s\u00e9curit\u00e9 int\u00e9rieure susvis\u00e9 ou encore en cas de modification des conditions au vu desquelles cette\nautorisation a \u00e9t\u00e9 d\u00e9livr\u00e9e.\nArt. 7 : La pr\u00e9sente autorisation peut faire l'objet d'un recours devant le Tribunal Administratif de Caen dans un d\u00e9lai de deux mois \u00e0 compter de\nla date de sa notification \u00e0 l'int\u00e9ress\u00e9.\nArt. 8  : Le syst\u00e8me concern\u00e9 devra faire l'objet d'une nouvelle autorisation administrative pr\u00e9alable au terme du d\u00e9lai des cinq ans  : une\nnouvelle demande devra \u00eatre d\u00e9pos\u00e9e par t\u00e9l\u00e9proc\u00e9dure disponible sur le site \u00abvideoprotection.interieur.gouv.fr\u00bb, quatre mois avant l'\u00e9ch\u00e9ance\nde ce d\u00e9lai.\nArt. 9 : Les autres dispositions pr\u00e9vues par l'arr\u00eat\u00e9 pr\u00e9fectoral susvis\u00e9 demeurent applicables.\nSign\u00e9 : Pour le Pr\u00e9fet et par d\u00e9l\u00e9gation, le sous-pr\u00e9fet de Coutances, sous-pr\u00e9fet d'Avranches par interim : Julien MINICONI\n\uf0bf\nArr\u00eat\u00e9 n\u00b0 2023-121 du 3 juillet 2023 portant modification d'un syst\u00e8me de vid\u00e9oprotection - GROUPE GIFI \u00e0 CHERBOURG-EN-\nCOTENTIN\nArt. 1 : Monsieur Laurent MARDAGA est autoris\u00e9, dans les conditions fix\u00e9es au pr\u00e9sent arr\u00eat\u00e9 et pour une dur\u00e9e de cinq ans renouvelable, \u00e0\nmodifier  l'installation  de  vid\u00e9oprotection  au  sein  de  l'\u00e9tablissement  GROUPE  GIFI  38  Av  du  Mar\u00e9chal  de  Lattre  de  Tassigny   50100\nCHERBOURG-EN-COTENTIN, conform\u00e9ment au dossier annex\u00e9 \u00e0 la demande enregistr\u00e9e sous le num\u00e9ro 2018/0081.\nArt. 2 : Cette modification intervient sur l'installation de vid\u00e9oprotection pr\u00e9c\u00e9demment autoris\u00e9e par arr\u00eat\u00e9 pr\u00e9fectoral susvis\u00e9.\nArt. 3     : La modification porte sur l'ajout de 2 cam\u00e9ras int\u00e9rieures. Le syst\u00e8me comporte d\u00e9sormais  11 cam\u00e9ras int\u00e9rieures.\nLa dur\u00e9e de conservation des images reste fix\u00e9e \u00e0 30 jours.\nLe droit d'acc\u00e8s aux images s'exercera aupr\u00e8s du responsable s\u00e9curit\u00e9 et moyens g\u00e9n\u00e9raux.\nArt. 4     : Monsieur Laurent MARDAGA,  responsable de la mise en \u0153uvre du syst\u00e8me doit se porter garant  des  personnes  susceptibles\nd'intervenir dans l'exploitation ou le visionnage des images, ainsi que dans la maintenance du syst\u00e8me mis en place. Des consignes tr\u00e8s\npr\u00e9cises sur la confidentialit\u00e9 des images capt\u00e9es ou/et enregistr\u00e9es et des atteintes \u00e0 la vie priv\u00e9e qu'elles peuvent \u00e9ventuellement impliquer\nsont donn\u00e9es \u00e0 toutes les personnes concern\u00e9es.\nArt. 5 : Toute modification pr\u00e9sentant un caract\u00e8re substantiel devra faire l'objet d'une d\u00e9claration aupr\u00e8s des services pr\u00e9fectoraux, notamment\nchangement d'activit\u00e9 dans les lieux prot\u00e9g\u00e9s, changement dans la configuration des lieux, changement affectant la protection des images.\nArt. 6 : Sans pr\u00e9judice des sanctions p\u00e9nales applicables, la pr\u00e9sente autorisation peut, apr\u00e8s que l'int\u00e9ress\u00e9 ait \u00e9t\u00e9 mis \u00e0 m\u00eame de pr\u00e9senter\nses observations, \u00eatre retir\u00e9e en cas de manquement aux dispositions figurant aux articles L.251-2, L.251-3, L.252-1 \u00e0 L.252-6, L.253-1 \u00e0\nL.253-5 et R.251-1 \u00e0 R.253-4 du code de la s\u00e9curit\u00e9 int\u00e9rieure susvis\u00e9 ou encore en cas de modification des conditions au vu desquelles cette\nautorisation a \u00e9t\u00e9 d\u00e9livr\u00e9e.\nArt. 7 : La pr\u00e9sente autorisation peut faire l'objet d'un recours devant le Tribunal Administratif de Caen dans un d\u00e9lai de deux mois \u00e0 compter de\nla date de sa notification \u00e0 l'int\u00e9ress\u00e9.\nArt. 8  : Le syst\u00e8me concern\u00e9 devra faire l'objet d'une nouvelle autorisation administrative pr\u00e9alable au terme du d\u00e9lai des cinq ans  : une\nnouvelle demande devra \u00eatre d\u00e9pos\u00e9e par t\u00e9l\u00e9proc\u00e9dure disponible sur le site \u00abvideoprotection.interieur.gouv.fr\u00bb, quatre mois avant l'\u00e9ch\u00e9ance\nde ce d\u00e9lai.\nArt. 9 : Les autres dispositions pr\u00e9vues par l'arr\u00eat\u00e9 pr\u00e9fectoral susvis\u00e9 demeurent applicables.\nSign\u00e9 : Pour le Pr\u00e9fet et par d\u00e9l\u00e9gation, le sous-pr\u00e9fet de Coutances, sous-pr\u00e9fet d'Avranches par interim : Julien MINICONI\n\uf0bf\nArr\u00eat\u00e9 n\u00b0 2023-122 du 3 juillet 2023  portant modification d'un syst\u00e8me de vid\u00e9oprotection - Commune de La Haye \u00e0 LA HAYE\nArt. 1 : Monsieur Alain LECLERE, maire de la Haye, est autoris\u00e9, dans les conditions fix\u00e9es au pr\u00e9sent arr\u00eat\u00e9 et pour une dur\u00e9e de cinq ans\nrenouvelable, \u00e0 modifier l'installation de vid\u00e9oprotection au sein de l'\u00e9tablissement Commune de La Haye   50250 LA HAYE, conform\u00e9ment au\ndossier annex\u00e9 \u00e0 la demande enregistr\u00e9e sous le num\u00e9ro 2018/0091.\nArt. 2 : Cette modification intervient sur l'installation de vid\u00e9oprotection pr\u00e9c\u00e9demment autoris\u00e9e par arr\u00eat\u00e9 pr\u00e9fectoral susvis\u00e9.\nArt. 3 : La modification porte sur l'ajout de 21 cam\u00e9ras voie publique. Le syst\u00e8me comporte d\u00e9sormais  39 cam\u00e9ras voie publique.\nLa dur\u00e9e de conservation des images reste fix\u00e9e \u00e0 15 jours.\nLe droit d'acc\u00e8s aux images s'exercera aupr\u00e8s du maire.\nArt. 4  : Monsieur Alain LECLERE, maire de la Haye, responsable de la mise en \u0153uvre du syst\u00e8me doit se porter garant des personnes\nsusceptibles d'intervenir dans l'exploitation ou le visionnage des images, ainsi que dans la maintenance du syst\u00e8me mis en place. Des\nconsignes  tr\u00e8s  pr\u00e9cises  sur  la  confidentialit\u00e9  des  images  capt\u00e9es  ou/et  enregistr\u00e9es  et  des  atteintes  \u00e0  la  vie  priv\u00e9e  qu'elles  peuvent\n\u00e9ventuellement impliquer sont donn\u00e9es \u00e0 toutes les personnes concern\u00e9es.\nArt. 5     : Toute modification pr\u00e9sentant un caract\u00e8re substantiel devra faire l'objet d'une d\u00e9claration aupr\u00e8s des services pr\u00e9fectoraux, notamment\nchangement d'activit\u00e9 dans les lieux prot\u00e9g\u00e9s, changement dans la configuration des lieux, changement affectant la protection des images.\nArt. 6 : Sans pr\u00e9judice des sanctions p\u00e9nales applicables, la pr\u00e9sente autorisation peut, apr\u00e8s que l'int\u00e9ress\u00e9 ait \u00e9t\u00e9 mis \u00e0 m\u00eame de pr\u00e9senter\nses observations, \u00eatre retir\u00e9e en cas de manquement aux dispositions figurant aux articles L.251-2, L.251-3, L.252-1 \u00e0 L.252-6, L.253-1 \u00e0\nL.253-5 et R.251-1 \u00e0 R.253-4 du code de la s\u00e9curit\u00e9 int\u00e9rieure susvis\u00e9 ou encore en cas de modification des conditions au vu desquelles cette\nautorisation a \u00e9t\u00e9 d\u00e9livr\u00e9e.\nArt. 7 : La pr\u00e9sente autorisation peut faire l'objet d'un recours devant le Tribunal Administratif de Caen dans un d\u00e9lai de deux mois \u00e0 compter de\nla date de sa notification \u00e0 l'int\u00e9ress\u00e9.\nArt. 8  : Le syst\u00e8me concern\u00e9 devra faire l'objet d'une nouvelle autorisation administrative pr\u00e9alable au terme du d\u00e9lai des cinq ans  : une\nnouvelle demande devra \u00eatre d\u00e9pos\u00e9e par t\u00e9l\u00e9proc\u00e9dure disponible sur le site \u00abvideoprotection.interieur.gouv.fr\u00bb, quatre mois avant l'\u00e9ch\u00e9ance\nde ce d\u00e9lai.\nArt. 9 : Les autres dispositions pr\u00e9vues par l'arr\u00eat\u00e9 pr\u00e9fectoral susvis\u00e9 demeurent applicables.\nSign\u00e9 : Pour le Pr\u00e9fet et par d\u00e9l\u00e9gation, le sous-pr\u00e9fet de Coutances, sous-pr\u00e9fet d'Avranches par interim : Julien MINICONI\n\uf0bf\nArr\u00eat\u00e9 n\u00b0 2023-124 du 3 juillet 2023 portant modification d'un syst\u00e8me de vid\u00e9oprotection - GIFI \u00e0 GRANVILLE\nArt. 1 : Monsieur Laurent MARDAGA  est autoris\u00e9, dans les conditions fix\u00e9es au pr\u00e9sent arr\u00eat\u00e9 et pour une dur\u00e9e de cinq ans renouvelable,\n\u00e0  modifier  l'installation  de  vid\u00e9oprotection  au  sein  de  l'\u00e9tablissement  GIFI  220  rue  du  Conillot  Zone  Industrielle  du  Mesnil  50400\nGRANVILLE, conform\u00e9ment au dossier annex\u00e9 \u00e0 la demande enregistr\u00e9e sous le num\u00e9ro 2018/0161.\nArt. 2 : Cette modification intervient sur l'installation de vid\u00e9oprotection pr\u00e9c\u00e9demment autoris\u00e9e par arr\u00eat\u00e9 pr\u00e9fectoral susvis\u00e9.\nArt. 3  : La modification porte sur l'habilitation. Personnes habilit\u00e9es  : responsable s\u00e9curit\u00e9 et moyens g\u00e9n\u00e9raux, contr\u00f4leur audit interne,\nresponsable magasin.\nLe syst\u00e8me reste inchang\u00e9 et comporte 9 cam\u00e9ras int\u00e9rieures et 2 cam\u00e9ras ext\u00e9rieures.\nLa dur\u00e9e de conservation des images reste fix\u00e9e \u00e0 30 jours.\nLe droit d'acc\u00e8s aux images s'exercera aupr\u00e8s du responsable s\u00fbret\u00e9.\nArt. 4  : Monsieur Laurent MARDAGA , responsable de la mise en \u0153uvre du syst\u00e8me doit se porter garant des personnes susceptibles\nd'intervenir dans l'exploitation ou le visionnage des images, ainsi que dans la maintenance du syst\u00e8me mis en place. Des consignes tr\u00e8s\npr\u00e9cises sur la confidentialit\u00e9 des images capt\u00e9es ou/et enregistr\u00e9es et des atteintes \u00e0 la vie priv\u00e9e qu'elles peuvent \u00e9ventuellement\nimpliquer sont donn\u00e9es \u00e0 toutes les personnes concern\u00e9es.\nArt. 5  : Toute modification pr\u00e9sentant un caract\u00e8re substantiel devra faire l'objet d'une d\u00e9claration aupr\u00e8s des services pr\u00e9fectoraux,\nnotamment changement d'activit\u00e9 dans les lieux prot\u00e9g\u00e9s, changement dans la configuration des lieux, changement affectant la protection\ndes images.\nArt. 6  : Sans pr\u00e9judice des sanctions p\u00e9nales applicables, la pr\u00e9sente autorisation peut, apr\u00e8s que l'int\u00e9ress\u00e9 ait \u00e9t\u00e9 mis \u00e0 m\u00eame de\npr\u00e9senter ses observations, \u00eatre retir\u00e9e en cas de manquement aux dispositions figurant aux articles L.251-2, L.251-3, L.252-1 \u00e0 L.252-6,\nL.253-1 \u00e0 L.253-5 et R.251-1 \u00e0 R.253-4 du code de la s\u00e9curit\u00e9 int\u00e9rieure susvis\u00e9 ou encore en cas de modification des conditions au vu\ndesquelles cette autorisation a \u00e9t\u00e9 d\u00e9livr\u00e9e.\nArt. 7  : La pr\u00e9sente autorisation peut faire l'objet d'un recours devant le Tribunal Administratif de Caen dans un d\u00e9lai de deux mois \u00e0\ncompter de la date de sa notification \u00e0 l'int\u00e9ress\u00e9.\nArt. 8 : Le syst\u00e8me concern\u00e9 devra faire l'objet d'une nouvelle autorisation administrative pr\u00e9alable au terme du d\u00e9lai des cinq ans  : une\nnouvelle  demande  devra  \u00eatre  d\u00e9pos\u00e9e  \u00e0  la  pr\u00e9fecture  soit  par  courrier,  soit  par  t\u00e9l\u00e9proc\u00e9dure  disponible  sur  le  site\n\u00abvideoprotection.interieur.gouv.fr\u00bb, quatre mois avant l'\u00e9ch\u00e9ance de ce d\u00e9lai.\nArt. 9 : Les autres dispositions pr\u00e9vues par l'arr\u00eat\u00e9 pr\u00e9fectoral susvis\u00e9 demeurent applicables.\nSign\u00e9 : Pour le Pr\u00e9fet et par d\u00e9l\u00e9gation, le sous-pr\u00e9fet de Coutances, sous-pr\u00e9fet d'Avranches par interim : Julien MINICONI\n\uf0bf\nArr\u00eat\u00e9 n\u00b0 2023-125 du 3 juillet 2023 portant modification d'un syst\u00e8me de vid\u00e9oprotection - Ports de Normandie \u00e0 CHERBOURG-EN-\nCOTENTIN\nArt. 1 : Monsieur le Directeur G\u00e9n\u00e9ral est autoris\u00e9, dans les conditions fix\u00e9es au pr\u00e9sent arr\u00eat\u00e9 et pour une dur\u00e9e de cinq ans renouvelable,\n\u00e0  modifier  l'installation  de  vid\u00e9oprotection  au  sein  de  l'\u00e9tablissement  Ports  de  Normandie  50100  CHERBOURG-EN-COTENTIN,\nconform\u00e9ment au dossier annex\u00e9 \u00e0 la demande enregistr\u00e9e sous le num\u00e9ro 2018/0193.\nArt. 2 : Cette modification intervient sur l'installation de vid\u00e9oprotection pr\u00e9c\u00e9demment autoris\u00e9e par arr\u00eat\u00e9 pr\u00e9fectoral susvis\u00e9.\nArt. 3 : La modification porte sur le changement de direction. \nLe syst\u00e8me n'est pas modifi\u00e9 et comporte 6 cam\u00e9ras int\u00e9rieures et 2 cam\u00e9ras ext\u00e9rieures.\nLa dur\u00e9e de conservation des images reste fix\u00e9e \u00e0 6 jours.\nLe droit d'acc\u00e8s aux images s'exercera aupr\u00e8s du directeur g\u00e9n\u00e9ral.\nArt. 4  : Monsieur le Directeur G\u00e9n\u00e9ral, responsable de la mise en \u0153uvre du syst\u00e8me doit se porter garant des personnes susceptibles\nd'intervenir dans l'exploitation ou le visionnage des images, ainsi que dans la maintenance du syst\u00e8me mis en place. Des consignes tr\u00e8s\npr\u00e9cises sur la confidentialit\u00e9 des images capt\u00e9es ou/et enregistr\u00e9es et des atteintes \u00e0 la vie priv\u00e9e qu'elles peuvent \u00e9ventuellement\nimpliquer sont donn\u00e9es \u00e0 toutes les personnes concern\u00e9es.\nArt. 5  : Toute modification pr\u00e9sentant un caract\u00e8re substantiel devra faire l'objet d'une d\u00e9claration aupr\u00e8s des services pr\u00e9fectoraux,\nnotamment changement d'activit\u00e9 dans les lieux prot\u00e9g\u00e9s, changement dans la configuration des lieux, changement affectant la protection\ndes images.\nArt. 6  : Sans pr\u00e9judice des sanctions p\u00e9nales applicables, la pr\u00e9sente autorisation peut, apr\u00e8s que l'int\u00e9ress\u00e9 ait \u00e9t\u00e9 mis \u00e0 m\u00eame de\npr\u00e9senter ses observations, \u00eatre retir\u00e9e en cas de manquement aux dispositions figurant aux articles L.251-2, L.251-3, L.252-1 \u00e0 L.252-6,\nL.253-1 \u00e0 L.253-5 et R.251-1 \u00e0 R.253-4 du code de la s\u00e9curit\u00e9 int\u00e9rieure susvis\u00e9 ou encore en cas de modification des conditions au vu\ndesquelles cette autorisation a \u00e9t\u00e9 d\u00e9livr\u00e9e.\nArt. 7  : La pr\u00e9sente autorisation peut faire l'objet d'un recours devant le Tribunal Administratif de Caen dans un d\u00e9lai de deux mois \u00e0\ncompter de la date de sa notification \u00e0 l'int\u00e9ress\u00e9.\nArt. 8 : Le syst\u00e8me concern\u00e9 devra faire l'objet d'une nouvelle autorisation administrative pr\u00e9alable au terme du d\u00e9lai des cinq ans  : une\nnouvelle demande devra \u00eatre d\u00e9pos\u00e9e par  t\u00e9l\u00e9proc\u00e9dure disponible sur le site \u00abvideoprotection.interieur.gouv.fr\u00bb,  quatre mois avant\nl'\u00e9ch\u00e9ance de ce d\u00e9lai.\nArt. 9 : Les autres dispositions pr\u00e9vues par l'arr\u00eat\u00e9 pr\u00e9fectoral susvis\u00e9 demeurent applicables.\nSign\u00e9 : Pour le Pr\u00e9fet et par d\u00e9l\u00e9gation, le sous-pr\u00e9fet de Coutances, sous-pr\u00e9fet d'Avranches par interim : Julien MINICONI\n\uf0bf\nArr\u00eat\u00e9 n\u00b0 2023-126 du 3 juillet 2023 portant modification d'un syst\u00e8me de vid\u00e9oprotection -  Ports de Granville \u00e0 GRANVILLE\nArt. 1 : Monsieur Olivier LEMAIGNEN est autoris\u00e9, dans les conditions fix\u00e9es au pr\u00e9sent arr\u00eat\u00e9 et pour une dur\u00e9e de cinq ans renouvelable,\n\u00e0 modifier l'installation de vid\u00e9oprotection au sein de l'\u00e9tablissement  Ports de Granville p\u00e9rim\u00e8tre vid\u00e9oprot\u00e9g\u00e9 (5)  50400 GRANVILLE,\nconform\u00e9ment au dossier annex\u00e9 \u00e0 la demande enregistr\u00e9e sous le num\u00e9ro 2018/0231.\nArt. 2 : Cette modification intervient sur l'installation de vid\u00e9oprotection pr\u00e9c\u00e9demment autoris\u00e9e par arr\u00eat\u00e9 pr\u00e9fectoral susvis\u00e9.\nArt. 3 : La modification porte sur le changement de direction\nLa dur\u00e9e de conservation des images reste fix\u00e9e \u00e0 10 jours.\nLe droit d'acc\u00e8s aux images s'exercera aupr\u00e8s du directeur des syst\u00e8mes d'information.\nArt. 4  : Monsieur Olivier LEMAIGNEN, responsable de la mise en \u0153uvre du syst\u00e8me doit se porter garant des personnes susceptibles\nd'intervenir dans l'exploitation ou le visionnage des images, ainsi que dans la maintenance du syst\u00e8me mis en place. Des consignes tr\u00e8s\npr\u00e9cises sur la confidentialit\u00e9 des images capt\u00e9es ou/et enregistr\u00e9es et des atteintes \u00e0 la vie priv\u00e9e qu'elles peuvent \u00e9ventuellement\nimpliquer sont donn\u00e9es \u00e0 toutes les personnes concern\u00e9es.\nArt. 5  : Toute modification pr\u00e9sentant un caract\u00e8re substantiel devra faire l'objet d'une d\u00e9claration aupr\u00e8s des services pr\u00e9fectoraux,\nnotamment changement d'activit\u00e9 dans les lieux prot\u00e9g\u00e9s, changement dans la configuration des lieux, changement affectant la protection\ndes images.\nArt. 6  : Sans pr\u00e9judice des sanctions p\u00e9nales applicables, la pr\u00e9sente autorisation peut, apr\u00e8s que l'int\u00e9ress\u00e9 ait \u00e9t\u00e9 mis \u00e0 m\u00eame de\npr\u00e9senter ses observations, \u00eatre retir\u00e9e en cas de manquement aux dispositions figurant aux articles L.251-2, L.251-3, L.252-1 \u00e0 L.252-6,\nL.253-1 \u00e0 L.253-5 et R.251-1 \u00e0 R.253-4 du code de la s\u00e9curit\u00e9 int\u00e9rieure susvis\u00e9 ou encore en cas de modification des conditions au vu\ndesquelles cette autorisation a \u00e9t\u00e9 d\u00e9livr\u00e9e.\nArt. 7  : La pr\u00e9sente autorisation peut faire l'objet d'un recours devant le Tribunal Administratif de Caen dans un d\u00e9lai de deux mois \u00e0\ncompter de la date de sa notification \u00e0 l'int\u00e9ress\u00e9.\nArt. 8 : Le syst\u00e8me concern\u00e9 devra faire l'objet d'une nouvelle autorisation administrative pr\u00e9alable au terme du d\u00e9lai des cinq ans  : une\nnouvelle demande devra \u00eatre d\u00e9pos\u00e9e par  t\u00e9l\u00e9proc\u00e9dure disponible sur le site \u00abvideoprotection.interieur.gouv.fr\u00bb,  quatre mois avant\nl'\u00e9ch\u00e9ance de ce d\u00e9lai.\nArt. 9 : Les autres dispositions pr\u00e9vues par l'arr\u00eat\u00e9 pr\u00e9fectoral susvis\u00e9 demeurent applicables.\nSign\u00e9 : Pour le Pr\u00e9fet et par d\u00e9l\u00e9gation, le sous-pr\u00e9fet de Coutances, sous-pr\u00e9fet d'Avranches par interim : Julien MINICONI\n\uf0bf\nArr\u00eat\u00e9 n\u00b0 2023-127 du 3 juillet 2023 portant modification d'un syst\u00e8me de vid\u00e9oprotection - SNC LE PENALTY \u00e0  AGNEAUX\nArt.  1 :  Madame  Laurence  FONTAINE  est  autoris\u00e9e,  dans  les  conditions  fix\u00e9es  au  pr\u00e9sent  arr\u00eat\u00e9  et  pour  une  dur\u00e9e  de  cinq  ans\nrenouvelable, \u00e0 modifier l'installation de vid\u00e9oprotection au sein de l'\u00e9tablissement SNC LE PENALTY 84 route de Coutances  50180\nAGNEAUX, conform\u00e9ment au dossier annex\u00e9 \u00e0 la demande enregistr\u00e9e sous le num\u00e9ro 2020/0068.\nArt. 2 : Cette modification intervient sur l'installation de vid\u00e9oprotection pr\u00e9c\u00e9demment autoris\u00e9e par arr\u00eat\u00e9 pr\u00e9fectoral susvis\u00e9.\nArt. 3  : La modification porte sur l'ajout d'une cam\u00e9ra int\u00e9rieure. Le syst\u00e8me comporte d\u00e9sormais  5 cam\u00e9ras int\u00e9rieures et 1 cam\u00e9ra\next\u00e9rieure.\nLa dur\u00e9e de conservation des images passe de 12 \u00e0 15 jours.\nLe droit d'acc\u00e8s aux images s'exercera aupr\u00e8s de la g\u00e9rante.\nArt. 4 : Madame Laurence FONTAINE, responsable de la mise en \u0153uvre du syst\u00e8me doit se porter garante des personnes susceptibles\nd'intervenir dans l'exploitation ou le visionnage des images, ainsi que dans la maintenance du syst\u00e8me mis en place. Des consignes tr\u00e8s\npr\u00e9cises sur la confidentialit\u00e9 des images capt\u00e9es ou/et enregistr\u00e9es et des atteintes \u00e0 la vie priv\u00e9e qu'elles peuvent \u00e9ventuellement\nimpliquer sont donn\u00e9es \u00e0 toutes les personnes concern\u00e9es.\nArt. 5  : Toute modification pr\u00e9sentant un caract\u00e8re substantiel devra faire l'objet d'une d\u00e9claration aupr\u00e8s des services pr\u00e9fectoraux,\nnotamment changement d'activit\u00e9 dans les lieux prot\u00e9g\u00e9s, changement dans la configuration des lieux, changement affectant la protection\ndes images.\nArt. 6  : Sans pr\u00e9judice des sanctions p\u00e9nales applicables, la pr\u00e9sente autorisation peut, apr\u00e8s que l'int\u00e9ress\u00e9e ait \u00e9t\u00e9 mis \u00e0 m\u00eame de\npr\u00e9senter ses observations, \u00eatre retir\u00e9e en cas de manquement aux dispositions figurant aux articles L.251-2, L.251-3, L.252-1 \u00e0 L.252-6,\nL.253-1 \u00e0 L.253-5 et R.251-1 \u00e0 R.253-4 du code de la s\u00e9curit\u00e9 int\u00e9rieure susvis\u00e9 ou encore en cas de modification des conditions au vu\ndesquelles cette autorisation a \u00e9t\u00e9 d\u00e9livr\u00e9e.\nArt. 7  : La pr\u00e9sente autorisation peut faire l'objet d'un recours devant le Tribunal Administratif de Caen dans un d\u00e9lai de deux mois \u00e0\ncompter de la date de sa notification \u00e0 l'int\u00e9ress\u00e9e.\nArt. 8 : Le syst\u00e8me concern\u00e9 devra faire l'objet d'une nouvelle autorisation administrative pr\u00e9alable au terme du d\u00e9lai des cinq ans  : une\nnouvelle demande devra \u00eatre d\u00e9pos\u00e9e par  t\u00e9l\u00e9proc\u00e9dure disponible sur le site \u00abvideoprotection.interieur.gouv.fr\u00bb,  quatre mois avant\nl'\u00e9ch\u00e9ance de ce d\u00e9lai.\nArt. 9 : Les autres dispositions pr\u00e9vues par l'arr\u00eat\u00e9 pr\u00e9fectoral susvis\u00e9 demeurent applicables.\nSign\u00e9 : Pour le Pr\u00e9fet et par d\u00e9l\u00e9gation, le sous-pr\u00e9fet de Coutances, sous-pr\u00e9fet d'Avranches par interim : Julien MINICONI\n\uf0bf\nArr\u00eat\u00e9 n\u00b0 2023-128 du 3 juillet 2023 portant modification d'un syst\u00e8me de vid\u00e9oprotection - Commune de Br\u00e9hal \u00e0 BREHAL\nArt. 1 : Monsieur Le Maire de Br\u00e9hal est autoris\u00e9, dans les conditions fix\u00e9es au pr\u00e9sent arr\u00eat\u00e9 et pour une dur\u00e9e de cinq ans renouvelable,\n\u00e0 modifier l'installation de vid\u00e9oprotection au sein de la Commune de Br\u00e9hal 20 rue du G\u00e9n\u00e9ral De Gaulle  50290 BREHAL, conform\u00e9ment\nau dossier annex\u00e9 \u00e0 la demande enregistr\u00e9e sous le num\u00e9ro 2021/0114.\nArt. 2 : Cette modification intervient sur l'installation de vid\u00e9oprotection pr\u00e9c\u00e9demment autoris\u00e9e par arr\u00eat\u00e9 pr\u00e9fectoral susvis\u00e9.\nArt. 3 : La modification porte sur l'habilitation. Ajout de Madame C\u00e9cile CHEVALLIER.\nLe syst\u00e8me reste compos\u00e9 de 21 cam\u00e9ras voie publique.\nLa dur\u00e9e de conservation des images reste fix\u00e9e \u00e0 14 jours.\nLe droit d'acc\u00e8s aux images s'exercera aupr\u00e8s du policier municipal.\nArt. 4 : Monsieur Le Maire de Br\u00e9hal, responsable de la mise en \u0153uvre du syst\u00e8me doit se porter garant(e) des personnes susceptibles\nd'intervenir dans l'exploitation ou le visionnage des images, ainsi que dans la maintenance du syst\u00e8me mis en place. Des consignes tr\u00e8s\npr\u00e9cises sur la confidentialit\u00e9 des images capt\u00e9es ou/et enregistr\u00e9es et des atteintes \u00e0 la vie priv\u00e9e qu'elles peuvent \u00e9ventuellement\nimpliquer sont donn\u00e9es \u00e0 toutes les personnes concern\u00e9es.\nArt. 5  : Toute modification pr\u00e9sentant un caract\u00e8re substantiel devra faire l'objet d'une d\u00e9claration aupr\u00e8s des services pr\u00e9fectoraux,\nnotamment changement d'activit\u00e9 dans les lieux prot\u00e9g\u00e9s, changement dans la configuration des lieux, changement affectant la protection\ndes images.\nArt. 6  : Sans pr\u00e9judice des sanctions p\u00e9nales applicables, la pr\u00e9sente autorisation peut, apr\u00e8s que l'int\u00e9ress\u00e9 ait \u00e9t\u00e9 mis \u00e0 m\u00eame de\npr\u00e9senter ses observations, \u00eatre retir\u00e9e en cas de manquement aux dispositions figurant aux articles L.251-2, L.251-3, L.252-1 \u00e0 L.252-6,\nL.253-1 \u00e0 L.253-5 et R.251-1 \u00e0 R.253-4 du code de la s\u00e9curit\u00e9 int\u00e9rieure susvis\u00e9 ou encore en cas de modification des conditions au vu\ndesquelles cette autorisation a \u00e9t\u00e9 d\u00e9livr\u00e9e.\nArt. 7  : La pr\u00e9sente autorisation peut faire l'objet d'un recours devant le Tribunal Administratif de Caen dans un d\u00e9lai de deux mois \u00e0\ncompter de la date de sa notification \u00e0 l'int\u00e9ress\u00e9.\nArt. 8 : Le syst\u00e8me concern\u00e9 devra faire l'objet d'une nouvelle autorisation administrative pr\u00e9alable au terme du d\u00e9lai des cinq ans  : une\nnouvelle demande devra \u00eatre d\u00e9pos\u00e9e par  t\u00e9l\u00e9proc\u00e9dure disponible sur le site \u00abvideoprotection.interieur.gouv.fr\u00bb,  quatre mois avant\nl'\u00e9ch\u00e9ance de ce d\u00e9lai.\nArt. 9 : Les autres dispositions pr\u00e9vues par l'arr\u00eat\u00e9 pr\u00e9fectoral susvis\u00e9 demeurent applicables.\nSign\u00e9 : Pour le Pr\u00e9fet et par d\u00e9l\u00e9gation, le sous-pr\u00e9fet de Coutances, sous-pr\u00e9fet d'Avranches par interim : Julien MINICONI\n\uf0bf\nArr\u00eat\u00e9 n\u00b0 2023-129 du 3 juillet 2023 portant autorisation d'un syst\u00e8me de vid\u00e9oprotection - La Maison.fr \u00e0 VILLEDIEU-LES-POELES-\nROUFFIGNY\nConsid\u00e9rant que ce lieu est particuli\u00e8rement expos\u00e9 \u00e0 des risques d'agression ou de vol ;\nConsid\u00e9rant le caract\u00e8re proportionn\u00e9 du nombre de cam\u00e9ras envisag\u00e9es au regard des risques susmentionn\u00e9s ;\nArt. 1 : Le responsable du magasin est autoris\u00e9, dans les conditions fix\u00e9es au pr\u00e9sent arr\u00eat\u00e9 et pour une dur\u00e9e de cinq ans renouvelable, \u00e0\ninstaller 11 cam\u00e9ras int\u00e9rieures et 4 cam\u00e9ras ext\u00e9rieures de vid\u00e9oprotection au sein de l'\u00e9tablissement La Maison.fr 2 rond-point des\nEstuaires  50800 VILLEDIEU-LES-POELES-ROUFFIGNY, conform\u00e9ment au dossier pr\u00e9sent\u00e9 et annex\u00e9 \u00e0 la demande enregistr\u00e9e sous le\nnum\u00e9ro 2021/0095.\nLe syst\u00e8me consid\u00e9r\u00e9 r\u00e9pond aux finalit\u00e9s pr\u00e9vues par le code de la s\u00e9curit\u00e9 int\u00e9rieure :\nPr\u00e9vention des atteintes aux biens.\nArt. 2 : Le public est inform\u00e9 de la pr\u00e9sence de ces cam\u00e9ras, dans l'\u00e9tablissement cit\u00e9 \u00e0 l'article 1er, par une signal\u00e9tique appropri\u00e9e :\n- de mani\u00e8re claire, permanente et significative, \u00e0 chaque point d'acc\u00e8s du public, de l'existence du syst\u00e8me de vid\u00e9oprotection ;\n- \u00e0 chaque point d'acc\u00e8s du public, des affichettes mentionnent les r\u00e9f\u00e9rences du code de la s\u00e9curit\u00e9 int\u00e9rieure susvis\u00e9 et les coordonn\u00e9es\ndu responsable de l'\u00e9tablissement aupr\u00e8s duquel s'exerce le droit d'acc\u00e8s aux images.\nLe droit d'acc\u00e8s aux images pourra s'exercer aupr\u00e8s du responsable du site.\nArt. 3 : Hormis le cas d'une enqu\u00eate de flagrant d\u00e9lit, d'une enqu\u00eate pr\u00e9liminaire ou d'une information judiciaire, les enregistrements sont\nd\u00e9truits dans un d\u00e9lai maximum de 15 jours.\nArt. 4  : Le responsable du magasin, responsable de la mise en \u0153uvre du syst\u00e8me doit se porter garant des personnes susceptibles\nd'intervenir dans l'exploitation ou le visionnage des images, ainsi que dans la maintenance du syst\u00e8me mis en place. Des consignes tr\u00e8s\npr\u00e9cises sur la confidentialit\u00e9 des images capt\u00e9es ou/et enregistr\u00e9es et des atteintes \u00e0 la vie priv\u00e9e qu'elles peuvent \u00e9ventuellement\nimpliquer sont donn\u00e9es \u00e0 toutes les personnes concern\u00e9es.\nArt. 5  : Toute modification pr\u00e9sentant un caract\u00e8re substantiel devra faire l'objet d'une d\u00e9claration aupr\u00e8s des services pr\u00e9fectoraux,\nnotamment changement d'activit\u00e9 dans les lieux prot\u00e9g\u00e9s, changement dans la configuration des lieux, changement affectant la protection\ndes images.\nArt. 6  : Sans pr\u00e9judice des sanctions p\u00e9nales applicables, la pr\u00e9sente autorisation peut, apr\u00e8s que l'int\u00e9ress\u00e9 ait \u00e9t\u00e9 mis \u00e0 m\u00eame de\npr\u00e9senter ses observations, \u00eatre retir\u00e9e en cas de manquement aux dispositions figurant aux articles L.251-2, L.251-3, L.252-1 \u00e0 L.252-6,\nL.253-1 \u00e0 L.253-5 et R.251-1 \u00e0 R.253-4 du code de la s\u00e9curit\u00e9 int\u00e9rieure susvis\u00e9 ou encore en cas de modification des conditions au vu\ndesquelles cette autorisation a \u00e9t\u00e9 d\u00e9livr\u00e9e.\nArt. 7  : La pr\u00e9sente autorisation peut faire l'objet d'un recours devant le Tribunal Administratif de Caen dans un d\u00e9lai de deux mois \u00e0\ncompter de la date de sa notification \u00e0 l'int\u00e9ress\u00e9.\nArt. 8 : Le syst\u00e8me concern\u00e9 devra faire l'objet d'une nouvelle autorisation administrative pr\u00e9alable au terme du d\u00e9lai des cinq ans  : une\nnouvelle demande devra \u00eatre d\u00e9pos\u00e9e par  t\u00e9l\u00e9proc\u00e9dure disponible sur le site \u00abvideoprotection.interieur.gouv.fr\u00bb,  quatre mois avant\nl'\u00e9ch\u00e9ance de ce d\u00e9lai.\nSign\u00e9 : Pour le Pr\u00e9fet et par d\u00e9l\u00e9gation, le sous-pr\u00e9fet de Coutances, sous-pr\u00e9fet d'Avranches par interim : Julien MINICONI\n\uf0bf\nArr\u00eat\u00e9 n\u00b0 2023-130 du 3 juillet 2023 portant autorisation d'un syst\u00e8me de vid\u00e9oprotection - MAISON DE RETRAITE EHPAD \u00e0 SAINT\nJOSEPH  SOURDEVAL\nConsid\u00e9rant que ce lieu est particuli\u00e8rement expos\u00e9 \u00e0 des risques d'agression ou de vol ;\nConsid\u00e9rant le caract\u00e8re proportionn\u00e9 du nombre de cam\u00e9ras envisag\u00e9es au regard des risques susmentionn\u00e9s ;\nArt. 1 : Madame KARINE LEPETIT est autoris\u00e9e, dans les conditions fix\u00e9es au pr\u00e9sent arr\u00eat\u00e9 et pour une dur\u00e9e de cinq ans renouvelable, \u00e0\ninstaller 2 cam\u00e9ras int\u00e9rieures et 10 cam\u00e9ras ext\u00e9rieures de vid\u00e9oprotection au sein de l'\u00e9tablissement MAISON DE RETRAITE EHPAD\nSAINT JOSEPH  23 avenue MARECHAL FOSH   50150 SOURDEVAL, conform\u00e9ment au dossier pr\u00e9sent\u00e9 et annex\u00e9 \u00e0 la demande\nenregistr\u00e9e sous le num\u00e9ro 2022/0132.\nLe syst\u00e8me consid\u00e9r\u00e9 r\u00e9pond aux finalit\u00e9s pr\u00e9vues par le code de la s\u00e9curit\u00e9 int\u00e9rieure :\nS\u00e9curit\u00e9 des personnes, Pr\u00e9vention d'actes terroristes.\nArt. 2     : Le public est inform\u00e9 de la pr\u00e9sence de ces cam\u00e9ras, dans l'\u00e9tablissement cit\u00e9 \u00e0 l'article 1er, par une signal\u00e9tique appropri\u00e9e :\n- de mani\u00e8re claire, permanente et significative, \u00e0 chaque point d'acc\u00e8s du public, de l'existence du syst\u00e8me de vid\u00e9oprotection ;\n- \u00e0 chaque point d'acc\u00e8s du public, des affichettes mentionnent les r\u00e9f\u00e9rences du code de la s\u00e9curit\u00e9 int\u00e9rieure susvis\u00e9 et les coordonn\u00e9es\ndu responsable de l'\u00e9tablissement aupr\u00e8s duquel s'exerce le droit d'acc\u00e8s aux images.\nLe droit d'acc\u00e8s aux images pourra s'exercer aupr\u00e8s de Madame Karine LEPETIT.\nArt. 3 : Hormis le cas d'une enqu\u00eate de flagrant d\u00e9lit, d'une enqu\u00eate pr\u00e9liminaire ou d'une information judiciaire, les enregistrements sont\nd\u00e9truits dans un d\u00e9lai maximum de 7 jours.\nArt. 4  : Madame KARINE LEPETIT, responsable de la mise en \u0153uvre du syst\u00e8me doit se porter garante des personnes susceptibles\nd'intervenir dans l'exploitation ou le visionnage des images, ainsi que dans la maintenance du syst\u00e8me mis en place. Des consignes tr\u00e8s\npr\u00e9cises sur la confidentialit\u00e9 des images capt\u00e9es ou/et enregistr\u00e9es et des atteintes \u00e0 la vie priv\u00e9e qu'elles peuvent \u00e9ventuellement\nimpliquer sont donn\u00e9es \u00e0 toutes les personnes concern\u00e9es.\nArt. 5  : Toute modification pr\u00e9sentant un caract\u00e8re substantiel devra faire l'objet d'une d\u00e9claration aupr\u00e8s des services pr\u00e9fectoraux,\nnotamment changement d'activit\u00e9 dans les lieux prot\u00e9g\u00e9s, changement dans la configuration des lieux, changement affectant la protection\ndes images.\nArt. 6  : Sans pr\u00e9judice des sanctions p\u00e9nales applicables, la pr\u00e9sente autorisation peut, apr\u00e8s que l'int\u00e9ress\u00e9e ait \u00e9t\u00e9 mis \u00e0 m\u00eame de\npr\u00e9senter ses observations, \u00eatre retir\u00e9e en cas de manquement aux dispositions figurant aux articles L.251-2, L.251-3, L.252-1 \u00e0 L.252-6,\nL.253-1 \u00e0 L.253-5 et R.251-1 \u00e0 R.253-4 du code de la s\u00e9curit\u00e9 int\u00e9rieure susvis\u00e9 ou encore en cas de modification des conditions au vu\ndesquelles cette autorisation a \u00e9t\u00e9 d\u00e9livr\u00e9e.\nArt. 7  : La pr\u00e9sente autorisation peut faire l'objet d'un recours devant le Tribunal Administratif de Caen dans un d\u00e9lai de deux mois \u00e0\ncompter de la date de sa notification \u00e0 l'int\u00e9ress\u00e9e.\nArt. 8     : Le syst\u00e8me concern\u00e9 devra faire l'objet d'une nouvelle autorisation administrative pr\u00e9alable au terme du d\u00e9lai des cinq ans  : une\nnouvelle demande devra \u00eatre d\u00e9pos\u00e9e par  t\u00e9l\u00e9proc\u00e9dure disponible sur le site \u00abvideoprotection.interieur.gouv.fr\u00bb,  quatre mois avant\nl'\u00e9ch\u00e9ance de ce d\u00e9lai.\nSign\u00e9 : Pour le Pr\u00e9fet et par d\u00e9l\u00e9gation, le sous-pr\u00e9fet de Coutances, sous-pr\u00e9fet d'Avranches par interim : Julien MINICONI\n\uf0bf\nArr\u00eat\u00e9 n\u00b0 2023-131 du 3 juillet 2023 portant autorisation d'un syst\u00e8me de vid\u00e9oprotection - SAS COOP SAVEURS  \u00e0 SAINT-LO \nConsid\u00e9rant que ce lieu est particuli\u00e8rement expos\u00e9 \u00e0 des risques d'agression ou de vol ;\nConsid\u00e9rant le caract\u00e8re proportionn\u00e9 du nombre de cam\u00e9ras envisag\u00e9es au regard des risques susmentionn\u00e9s ;\nArt. 1     : Madame VERONIQUE LEBARBEY est autoris\u00e9e, dans les conditions fix\u00e9es au pr\u00e9sent arr\u00eat\u00e9 et pour une dur\u00e9e de cinq ans\nrenouvelable, \u00e0 installer 2 cam\u00e9ras int\u00e9rieures de vid\u00e9oprotection au sein de l'\u00e9tablissement SAS COOP SAVEURS 1338 rue HENRI\nDUNANT  50000 SAINT-LO, conform\u00e9ment au dossier pr\u00e9sent\u00e9 et annex\u00e9 \u00e0 la demande enregistr\u00e9e sous le num\u00e9ro 2022/0206.\nLe syst\u00e8me consid\u00e9r\u00e9 r\u00e9pond aux finalit\u00e9s pr\u00e9vues par le code de la s\u00e9curit\u00e9 int\u00e9rieure :\nS\u00e9curit\u00e9 des personnes, Pr\u00e9vention des atteintes aux biens, Lutte contre la d\u00e9marque inconnue.\nArt. 2 : Le public est inform\u00e9 de la pr\u00e9sence de ces cam\u00e9ras, dans l'\u00e9tablissement cit\u00e9 \u00e0 l'article 1er, par une signal\u00e9tique appropri\u00e9e :\n- de mani\u00e8re claire, permanente et significative, \u00e0 chaque point d'acc\u00e8s du public, de l'existence du syst\u00e8me de vid\u00e9oprotection ;\n- \u00e0 chaque point d'acc\u00e8s du public, des affichettes mentionnent les r\u00e9f\u00e9rences du code de la s\u00e9curit\u00e9 int\u00e9rieure susvis\u00e9 et les coordonn\u00e9es\ndu responsable de l'\u00e9tablissement aupr\u00e8s duquel s'exerce le droit d'acc\u00e8s aux images.\nLe droit d'acc\u00e8s aux images pourra s'exercer aupr\u00e8s du directeur.\nArt. 3 : Hormis le cas d'une enqu\u00eate de flagrant d\u00e9lit, d'une enqu\u00eate pr\u00e9liminaire ou d'une information judiciaire, les enregistrements sont\nd\u00e9truits dans un d\u00e9lai maximum de 30 jours.\nArt.  4     :  Madame  VERONIQUE  LEBARBEY,  responsable  de  la  mise  en  \u0153uvre  du  syst\u00e8me  doit  se  porter  garante  des  personnes\nsusceptibles d'intervenir dans l'exploitation ou le visionnage des images, ainsi que dans la maintenance du syst\u00e8me mis en place. Des\nconsignes tr\u00e8s pr\u00e9cises sur la confidentialit\u00e9 des images capt\u00e9es ou/et enregistr\u00e9es et des atteintes \u00e0 la vie priv\u00e9e qu'elles peuvent\n\u00e9ventuellement impliquer sont donn\u00e9es \u00e0 toutes les personnes concern\u00e9es.\nArt. 5  : Toute modification pr\u00e9sentant un caract\u00e8re substantiel devra faire l'objet d'une d\u00e9claration aupr\u00e8s des services pr\u00e9fectoraux,\nnotamment changement d'activit\u00e9 dans les lieux prot\u00e9g\u00e9s, changement dans la configuration des lieux, changement affectant la protection\ndes images.\nArt. 6     : Sans pr\u00e9judice des sanctions p\u00e9nales applicables, la pr\u00e9sente autorisation peut, apr\u00e8s que l'int\u00e9ress\u00e9e ait \u00e9t\u00e9 mis \u00e0 m\u00eame de\npr\u00e9senter ses observations, \u00eatre retir\u00e9e en cas de manquement aux dispositions figurant aux articles L.251-2, L.251-3, L.252-1 \u00e0 L.252-6,\nL.253-1 \u00e0 L.253-5 et R.251-1 \u00e0 R.253-4 du code de la s\u00e9curit\u00e9 int\u00e9rieure susvis\u00e9 ou encore en cas de modification des conditions au vu\ndesquelles cette autorisation a \u00e9t\u00e9 d\u00e9livr\u00e9e.\nArt. 7  : La pr\u00e9sente autorisation peut faire l'objet d'un recours devant le Tribunal Administratif de Caen dans un d\u00e9lai de deux mois \u00e0\ncompter de la date de sa notification \u00e0 l'int\u00e9ress\u00e9e.\nArt. 8 : Le syst\u00e8me concern\u00e9 devra faire l'objet d'une nouvelle autorisation administrative pr\u00e9alable au terme du d\u00e9lai des cinq ans  : une\nnouvelle demande devra \u00eatre d\u00e9pos\u00e9e par  t\u00e9l\u00e9proc\u00e9dure disponible sur le site \u00abvideoprotection.interieur.gouv.fr\u00bb,  quatre mois avant\nl'\u00e9ch\u00e9ance de ce d\u00e9lai.\nSign\u00e9 : Pour le Pr\u00e9fet et par d\u00e9l\u00e9gation, le sous-pr\u00e9fet de Coutances, sous-pr\u00e9fet d'Avranches par interim : Julien MINICONI\n\uf0bf\nArr\u00eat\u00e9 n\u00b0 2023-132 du 3 juillet 2023 portant autorisation d'un syst\u00e8me de vid\u00e9oprotection - Mondial Relay - Consigne N\u00b0 27334 \u00e0\nSAINT-LO\nConsid\u00e9rant que ce lieu est particuli\u00e8rement expos\u00e9 \u00e0 des risques d'agression ou de vol ;\nConsid\u00e9rant le caract\u00e8re proportionn\u00e9 du nombre de cam\u00e9ras envisag\u00e9es au regard des risques susmentionn\u00e9s ;\nArt. 1 : Monsieur DIDIER DEHENT est autoris\u00e9(e), dans les conditions fix\u00e9es au pr\u00e9sent arr\u00eat\u00e9 et pour une dur\u00e9e de cinq ans renouvelable,\n\u00e0 installer 2 cam\u00e9ras ext\u00e9rieures de vid\u00e9oprotection au sein de l'\u00e9tablissement Mondial Relay - Consigne N\u00b0 27334 700 avenue De Paris\n50000 SAINT-LO, conform\u00e9ment au dossier pr\u00e9sent\u00e9 et annex\u00e9 \u00e0 la demande enregistr\u00e9e sous le num\u00e9ro 2023/0013.\nLe syst\u00e8me consid\u00e9r\u00e9 r\u00e9pond aux finalit\u00e9s pr\u00e9vues par le code de la s\u00e9curit\u00e9 int\u00e9rieure :\nS\u00e9curit\u00e9 des personnes, Pr\u00e9vention des atteintes aux biens, Autres (Informations service client Mondial Relay ).\nArt. 2 : Le public est inform\u00e9 de la pr\u00e9sence de ces cam\u00e9ras, dans l'\u00e9tablissement cit\u00e9 \u00e0 l'article 1er, par une signal\u00e9tique appropri\u00e9e :\n- de mani\u00e8re claire, permanente et significative, \u00e0 chaque point d'acc\u00e8s du public, de l'existence du syst\u00e8me de vid\u00e9oprotection ;\n- \u00e0 chaque point d'acc\u00e8s du public, des affichettes mentionnent les r\u00e9f\u00e9rences du code de la s\u00e9curit\u00e9 int\u00e9rieure susvis\u00e9 et les coordonn\u00e9es\ndu responsable de l'\u00e9tablissement aupr\u00e8s duquel s'exerce le droit d'acc\u00e8s aux images.\nLe droit d'acc\u00e8s aux images pourra s'exercer aupr\u00e8s du responsable s\u00fbret\u00e9.\nArt. 3 : Hormis le cas d'une enqu\u00eate de flagrant d\u00e9lit, d'une enqu\u00eate pr\u00e9liminaire ou d'une information judiciaire, les enregistrements sont\nd\u00e9truits dans un d\u00e9lai maximum de 30 jours.\nArt. 4     : Monsieur DIDIER DEHENT, responsable de la mise en \u0153uvre du syst\u00e8me doit se porter garant des personnes susceptibles\nd'intervenir dans l'exploitation ou le visionnage des images, ainsi que dans la maintenance du syst\u00e8me mis en place. Des consignes tr\u00e8s\npr\u00e9cises sur la confidentialit\u00e9 des images capt\u00e9es ou/et enregistr\u00e9es et des atteintes \u00e0 la vie priv\u00e9e qu'elles peuvent \u00e9ventuellement\nimpliquer sont donn\u00e9es \u00e0 toutes les personnes concern\u00e9es.\nArt. 5  : Toute modification pr\u00e9sentant un caract\u00e8re substantiel devra faire l'objet d'une d\u00e9claration aupr\u00e8s des services pr\u00e9fectoraux,\nnotamment changement d'activit\u00e9 dans les lieux prot\u00e9g\u00e9s, changement dans la configuration des lieux, changement affectant la protection\ndes images.\nArt. 6  : Sans pr\u00e9judice des sanctions p\u00e9nales applicables, la pr\u00e9sente autorisation peut, apr\u00e8s que l'int\u00e9ress\u00e9 ait \u00e9t\u00e9 mis \u00e0 m\u00eame de\npr\u00e9senter ses observations, \u00eatre retir\u00e9e en cas de manquement aux dispositions figurant aux articles L.251-2, L.251-3, L.252-1 \u00e0 L.252-6,\nL.253-1 \u00e0 L.253-5 et R.251-1 \u00e0 R.253-4 du code de la s\u00e9curit\u00e9 int\u00e9rieure susvis\u00e9 ou encore en cas de modification des conditions au vu\ndesquelles cette autorisation a \u00e9t\u00e9 d\u00e9livr\u00e9e.\nArt. 7     : La pr\u00e9sente autorisation peut faire l'objet d'un recours devant le Tribunal Administratif de Caen dans un d\u00e9lai de deux mois \u00e0\ncompter de la date de sa notification \u00e0 l'int\u00e9ress\u00e9.\nArt. 8     : Le syst\u00e8me concern\u00e9 devra faire l'objet d'une nouvelle autorisation administrative pr\u00e9alable au terme du d\u00e9lai des cinq ans  : une\nnouvelle demande devra \u00eatre d\u00e9pos\u00e9e par  t\u00e9l\u00e9proc\u00e9dure disponible sur le site \u00abvideoprotection.interieur.gouv.fr\u00bb,  quatre mois avant\nl'\u00e9ch\u00e9ance de ce d\u00e9lai.\nSign\u00e9 : Pour le Pr\u00e9fet et par d\u00e9l\u00e9gation, le sous-pr\u00e9fet de Coutances, sous-pr\u00e9fet d'Avranches par interim : Julien MINICONI\n\uf0bf\nArr\u00eat\u00e9 n\u00b0 2023-133 du 3 juillet 2023 portant autorisation d'un syst\u00e8me de vid\u00e9oprotection - Mondial Relay - Consigne N\u00b027333 \u00e0\nSAINT-LO\nConsid\u00e9rant que ce lieu est particuli\u00e8rement expos\u00e9 \u00e0 des risques d'agression ou de vol ;\nConsid\u00e9rant le caract\u00e8re proportionn\u00e9 du nombre de cam\u00e9ras envisag\u00e9es au regard des risques susmentionn\u00e9s ;\nArt. 1 : Monsieur DIDIER DEHENT est autoris\u00e9, dans les conditions fix\u00e9es au pr\u00e9sent arr\u00eat\u00e9 et pour une dur\u00e9e de cinq ans renouvelable, \u00e0\ninstaller 2 cam\u00e9ras ext\u00e9rieures de vid\u00e9oprotection au sein de l'\u00e9tablissement Mondial Relay - Consigne N\u00b027333 Rond-point de L'europe\nD972  50000 SAINT-LO, conform\u00e9ment au dossier pr\u00e9sent\u00e9 et annex\u00e9 \u00e0 la demande enregistr\u00e9e sous le num\u00e9ro 2023/0014.\nLe syst\u00e8me consid\u00e9r\u00e9 r\u00e9pond aux finalit\u00e9s pr\u00e9vues par le code de la s\u00e9curit\u00e9 int\u00e9rieure :\nS\u00e9curit\u00e9 des personnes, Pr\u00e9vention des atteintes aux biens, Autres (Informations service client Mondial Relay ).\nArt. 2 : Le public est inform\u00e9 de la pr\u00e9sence de ces cam\u00e9ras, dans l'\u00e9tablissement cit\u00e9 \u00e0 l'article 1er, par une signal\u00e9tique appropri\u00e9e :\n- de mani\u00e8re claire, permanente et significative, \u00e0 chaque point d'acc\u00e8s du public, de l'existence du syst\u00e8me de vid\u00e9oprotection ;\n- \u00e0 chaque point d'acc\u00e8s du public, des affichettes mentionnent les r\u00e9f\u00e9rences du code de la s\u00e9curit\u00e9 int\u00e9rieure susvis\u00e9 et les coordonn\u00e9es\ndu responsable de l'\u00e9tablissement aupr\u00e8s duquel s'exerce le droit d'acc\u00e8s aux images.\nLe droit d'acc\u00e8s aux images pourra s'exercer aupr\u00e8s du responsable s\u00fbret\u00e9.\nArt. 3 : Hormis le cas d'une enqu\u00eate de flagrant d\u00e9lit, d'une enqu\u00eate pr\u00e9liminaire ou d'une information judiciaire, les enregistrements sont\nd\u00e9truits dans un d\u00e9lai maximum de 30 jours.\nArt. 4  : Monsieur DIDIER DEHENT, responsable de la mise en \u0153uvre du syst\u00e8me doit se porter garant des personnes susceptibles\nd'intervenir dans l'exploitation ou le visionnage des images, ainsi que dans la maintenance du syst\u00e8me mis en place. Des consignes tr\u00e8s\npr\u00e9cises sur la confidentialit\u00e9 des images capt\u00e9es ou/et enregistr\u00e9es et des atteintes \u00e0 la vie priv\u00e9e qu'elles peuvent \u00e9ventuellement\nimpliquer sont donn\u00e9es \u00e0 toutes les personnes concern\u00e9es.\nArt. 5  : Toute modification pr\u00e9sentant un caract\u00e8re substantiel devra faire l'objet d'une d\u00e9claration aupr\u00e8s des services pr\u00e9fectoraux,\nnotamment changement d'activit\u00e9 dans les lieux prot\u00e9g\u00e9s, changement dans la configuration des lieux, changement affectant la protection\ndes images.\nArt. 6  : Sans pr\u00e9judice des sanctions p\u00e9nales applicables, la pr\u00e9sente autorisation peut, apr\u00e8s que l'int\u00e9ress\u00e9 ait \u00e9t\u00e9 mis \u00e0 m\u00eame de\npr\u00e9senter ses observations, \u00eatre retir\u00e9e en cas de manquement aux dispositions figurant aux articles L.251-2, L.251-3, L.252-1 \u00e0 L.252-6,\nL.253-1 \u00e0 L.253-5 et R.251-1 \u00e0 R.253-4 du code de la s\u00e9curit\u00e9 int\u00e9rieure susvis\u00e9 ou encore en cas de modification des conditions au vu\ndesquelles cette autorisation a \u00e9t\u00e9 d\u00e9livr\u00e9e.\nArt. 7  : La pr\u00e9sente autorisation peut faire l'objet d'un recours devant le Tribunal Administratif de Caen dans un d\u00e9lai de deux mois \u00e0\ncompter de la date de sa notification \u00e0 l'int\u00e9ress\u00e9.\nArt. 8 : Le syst\u00e8me concern\u00e9 devra faire l'objet d'une nouvelle autorisation administrative pr\u00e9alable au terme du d\u00e9lai des cinq ans  : une\nnouvelle demande devra \u00eatre d\u00e9pos\u00e9e par  t\u00e9l\u00e9proc\u00e9dure disponible sur le site \u00abvideoprotection.interieur.gouv.fr\u00bb,  quatre mois avant\nl'\u00e9ch\u00e9ance de ce d\u00e9lai.\nSign\u00e9 : Pour le Pr\u00e9fet et par d\u00e9l\u00e9gation, le sous-pr\u00e9fet de Coutances, sous-pr\u00e9fet d'Avranches par interim : Julien MINICONI\n\uf0bf\nArr\u00eat\u00e9 n\u00b0 2023-134 du 3 juillet 2023 portant autorisation d'un syst\u00e8me de vid\u00e9oprotection - Mondial Relay - Consigne N\u00b0 27349 \u00e0\nAVRANCHES\nConsid\u00e9rant que ce lieu est particuli\u00e8rement expos\u00e9 \u00e0 des risques d'agression ou de vol ;\nConsid\u00e9rant le caract\u00e8re proportionn\u00e9 du nombre de cam\u00e9ras envisag\u00e9es au regard des risques susmentionn\u00e9s ;\nArt. 1 : Monsieur DIDIER DEHENT est autoris\u00e9, dans les conditions fix\u00e9es au pr\u00e9sent arr\u00eat\u00e9 et pour une dur\u00e9e de cinq ans renouvelable, \u00e0\ninstaller 2 cam\u00e9ras ext\u00e9rieures de vid\u00e9oprotection au sein de l'\u00e9tablissement Mondial Relay - Consigne N\u00b0 27349, 9 avenue  du Quesnoy\n50300 AVRANCHES, conform\u00e9ment au dossier pr\u00e9sent\u00e9 et annex\u00e9 \u00e0 la demande enregistr\u00e9e sous le num\u00e9ro 2023/0016.\nLe syst\u00e8me consid\u00e9r\u00e9 r\u00e9pond aux finalit\u00e9s pr\u00e9vues par le code de la s\u00e9curit\u00e9 int\u00e9rieure :\nS\u00e9curit\u00e9 des personnes, Pr\u00e9vention des atteintes aux biens, Autres (Informations service client Mondial Relay ).\nArt. 2 : Le public est inform\u00e9 de la pr\u00e9sence de ces cam\u00e9ras, dans l'\u00e9tablissement cit\u00e9 \u00e0 l'article 1er, par une signal\u00e9tique appropri\u00e9e :\n- de mani\u00e8re claire, permanente et significative, \u00e0 chaque point d'acc\u00e8s du public, de l'existence du syst\u00e8me de vid\u00e9oprotection ;\n- \u00e0 chaque point d'acc\u00e8s du public, des affichettes mentionnent les r\u00e9f\u00e9rences du code de la s\u00e9curit\u00e9 int\u00e9rieure susvis\u00e9 et les coordonn\u00e9es\ndu responsable de l'\u00e9tablissement aupr\u00e8s duquel s'exerce le droit d'acc\u00e8s aux images.\nLe droit d'acc\u00e8s aux images pourra s'exercer aupr\u00e8s du responsable s\u00fbret\u00e9.\nArt. 3 : Hormis le cas d'une enqu\u00eate de flagrant d\u00e9lit, d'une enqu\u00eate pr\u00e9liminaire ou d'une information judiciaire, les enregistrements sont\nd\u00e9truits dans un d\u00e9lai maximum de 30 jours.\nArt. 4  : Monsieur DIDIER DEHENT, responsable de la mise en \u0153uvre du syst\u00e8me doit se porter garant des personnes susceptibles\nd'intervenir dans l'exploitation ou le visionnage des images, ainsi que dans la maintenance du syst\u00e8me mis en place. Des consignes tr\u00e8s\npr\u00e9cises sur la confidentialit\u00e9 des images capt\u00e9es ou/et enregistr\u00e9es et des atteintes \u00e0 la vie priv\u00e9e qu'elles peuvent \u00e9ventuellement\nimpliquer sont donn\u00e9es \u00e0 toutes les personnes concern\u00e9es.\nArt. 5  : Toute modification pr\u00e9sentant un caract\u00e8re substantiel devra faire l'objet d'une d\u00e9claration aupr\u00e8s des services pr\u00e9fectoraux,\nnotamment changement d'activit\u00e9 dans les lieux prot\u00e9g\u00e9s, changement dans la configuration des lieux, changement affectant la protection\ndes images.\nArt. 6  : Sans pr\u00e9judice des sanctions p\u00e9nales applicables, la pr\u00e9sente autorisation peut, apr\u00e8s que l'int\u00e9ress\u00e9 ait \u00e9t\u00e9 mis \u00e0 m\u00eame de\npr\u00e9senter ses observations, \u00eatre retir\u00e9e en cas de manquement aux dispositions figurant aux articles L.251-2, L.251-3, L.252-1 \u00e0 L.252-6,\nL.253-1 \u00e0 L.253-5 et R.251-1 \u00e0 R.253-4 du code de la s\u00e9curit\u00e9 int\u00e9rieure susvis\u00e9 ou encore en cas de modification des conditions au vu\ndesquelles cette autorisation a \u00e9t\u00e9 d\u00e9livr\u00e9e.\nArt. 7     : La pr\u00e9sente autorisation peut faire l'objet d'un recours devant le Tribunal Administratif de Caen dans un d\u00e9lai de deux mois \u00e0\ncompter de la date de sa notification \u00e0 l'int\u00e9ress\u00e9.\nArt. 8 : Le syst\u00e8me concern\u00e9 devra faire l'objet d'une nouvelle autorisation administrative pr\u00e9alable au terme du d\u00e9lai des cinq ans  : une\nnouvelle demande devra \u00eatre d\u00e9pos\u00e9e par  t\u00e9l\u00e9proc\u00e9dure disponible sur le site \u00abvideoprotection.interieur.gouv.fr\u00bb,  quatre mois avant\nl'\u00e9ch\u00e9ance de ce d\u00e9lai.\nSign\u00e9 : Pour le Pr\u00e9fet et par d\u00e9l\u00e9gation, le sous-pr\u00e9fet de Coutances, sous-pr\u00e9fet d'Avranches par interim : Julien MINICONI\n\uf0bf\nArr\u00eat\u00e9 n\u00b0 2023-135 du 3 juillet 2023 portant autorisation d'un syst\u00e8me de vid\u00e9oprotection - SNC LES GARSMELLES \u00e0 NOTRE-DAME-\nDE-CENILLY \nConsid\u00e9rant que ce lieu est particuli\u00e8rement expos\u00e9 \u00e0 des risques d'agression ou de vol ;\nConsid\u00e9rant le caract\u00e8re proportionn\u00e9 du nombre de cam\u00e9ras envisag\u00e9es au regard des risques susmentionn\u00e9s ;\nArt.  1 :  Monsieur  Nicolas  HENNEQUIN  est  autoris\u00e9,  dans  les  conditions  fix\u00e9es  au  pr\u00e9sent  arr\u00eat\u00e9  et  pour  une  dur\u00e9e  de  cinq  ans\nrenouvelable,  \u00e0  installer  1  cam\u00e9ra  int\u00e9rieure  et  2  cam\u00e9ras  ext\u00e9rieures  de  vid\u00e9oprotection  au  sein  de  l'\u00e9tablissement  SNC  LES\nGARSMELLES 2 rue Thomas Douville  50210 NOTRE-DAME-DE-CENILLY, conform\u00e9ment au dossier pr\u00e9sent\u00e9 et annex\u00e9 \u00e0 la demande\nenregistr\u00e9e sous le num\u00e9ro 2023/0034.\nLe syst\u00e8me consid\u00e9r\u00e9 r\u00e9pond aux finalit\u00e9s pr\u00e9vues par le code de la s\u00e9curit\u00e9 int\u00e9rieure :\nS\u00e9curit\u00e9 des personnes, Pr\u00e9vention des atteintes aux biens.\nArt. 2 : Le public est inform\u00e9 de la pr\u00e9sence de ces cam\u00e9ras, dans l'\u00e9tablissement cit\u00e9 \u00e0 l'article 1er, par une signal\u00e9tique appropri\u00e9e :\n- de mani\u00e8re claire, permanente et significative, \u00e0 chaque point d'acc\u00e8s du public, de l'existence du syst\u00e8me de vid\u00e9oprotection ;\n- \u00e0 chaque point d'acc\u00e8s du public, des affichettes mentionnent les r\u00e9f\u00e9rences du code de la s\u00e9curit\u00e9 int\u00e9rieure susvis\u00e9 et les coordonn\u00e9es\ndu responsable de l'\u00e9tablissement aupr\u00e8s duquel s'exerce le droit d'acc\u00e8s aux images.\nLe droit d'acc\u00e8s aux images pourra s'exercer aupr\u00e8s du g\u00e9rant.\nArt. 3 : Hormis le cas d'une enqu\u00eate de flagrant d\u00e9lit, d'une enqu\u00eate pr\u00e9liminaire ou d'une information judiciaire, les enregistrements sont\nd\u00e9truits dans un d\u00e9lai maximum de 15 jours.\nArt. 4 : Monsieur Nicolas HENNEQUIN, responsable de la mise en \u0153uvre du syst\u00e8me doit se porter garant des personnes susceptibles\nd'intervenir dans l'exploitation ou le visionnage des images, ainsi que dans la maintenance du syst\u00e8me mis en place. Des consignes tr\u00e8s\npr\u00e9cises sur la confidentialit\u00e9 des images capt\u00e9es ou/et enregistr\u00e9es et des atteintes \u00e0 la vie priv\u00e9e qu'elles peuvent \u00e9ventuellement\nimpliquer sont donn\u00e9es \u00e0 toutes les personnes concern\u00e9es.\nArt. 5  : Toute modification pr\u00e9sentant un caract\u00e8re substantiel devra faire l'objet d'une d\u00e9claration aupr\u00e8s des services pr\u00e9fectoraux,\nnotamment changement d'activit\u00e9 dans les lieux prot\u00e9g\u00e9s, changement dans la configuration des lieux, changement affectant la protection\ndes images.\nArt. 6  : Sans pr\u00e9judice des sanctions p\u00e9nales applicables, la pr\u00e9sente autorisation peut, apr\u00e8s que l'int\u00e9ress\u00e9 ait \u00e9t\u00e9 mis \u00e0 m\u00eame de\npr\u00e9senter ses observations, \u00eatre retir\u00e9e en cas de manquement aux dispositions figurant aux articles L.251-2, L.251-3, L.252-1 \u00e0 L.252-6,\nL.253-1 \u00e0 L.253-5 et R.251-1 \u00e0 R.253-4 du code de la s\u00e9curit\u00e9 int\u00e9rieure susvis\u00e9 ou encore en cas de modification des conditions au vu\ndesquelles cette autorisation a \u00e9t\u00e9 d\u00e9livr\u00e9e.\nArt. 7  : La pr\u00e9sente autorisation peut faire l'objet d'un recours devant le Tribunal Administratif de Caen dans un d\u00e9lai de deux mois \u00e0\ncompter de la date de sa notification \u00e0 l'int\u00e9ress\u00e9.\nArt. 8 : Le syst\u00e8me concern\u00e9 devra faire l'objet d'une nouvelle autorisation administrative pr\u00e9alable au terme du d\u00e9lai des cinq ans  : une\nnouvelle demande devra \u00eatre d\u00e9pos\u00e9e par  t\u00e9l\u00e9proc\u00e9dure disponible sur le site \u00abvideoprotection.interieur.gouv.fr\u00bb,  quatre mois avant\nl'\u00e9ch\u00e9ance de ce d\u00e9lai.\nSign\u00e9 : Pour le Pr\u00e9fet et par d\u00e9l\u00e9gation, le sous-pr\u00e9fet de Coutances, sous-pr\u00e9fet d'Avranches par interim : Julien MINICONI\n\uf0bf\nArr\u00eat\u00e9 n\u00b0 2023-136 du 3 juillet 2023 portant autorisation d'un syst\u00e8me de vid\u00e9oprotection - Mondial Relay  - Consigne N\u00b0 66055 \u00e0\nCHERBOURG-EN-COTENTIN\nConsid\u00e9rant que ce lieu est particuli\u00e8rement expos\u00e9 \u00e0 des risques d'agression ou de vol ;\nConsid\u00e9rant le caract\u00e8re proportionn\u00e9 du nombre de cam\u00e9ras envisag\u00e9es au regard des risques susmentionn\u00e9s ;\nArt.  1 :  Monsieur  QUENTIN  BENAULT est  autoris\u00e9,  dans  les  conditions  fix\u00e9es  au  pr\u00e9sent  arr\u00eat\u00e9  et  pour  une  dur\u00e9e  de  cinq  ans\nrenouvelable, \u00e0 installer 2  cam\u00e9ras ext\u00e9rieures de vid\u00e9oprotection au sein de l'\u00e9tablissement Mondial Relay  - Consigne N\u00b0 66055 rue de la\nFonderie  50110 CHERBOURG-EN-COTENTIN, conform\u00e9ment au dossier pr\u00e9sent\u00e9 et annex\u00e9 \u00e0 la demande enregistr\u00e9e sous le num\u00e9ro\n2023/0093.\nLe syst\u00e8me consid\u00e9r\u00e9 r\u00e9pond aux finalit\u00e9s pr\u00e9vues par le code de la s\u00e9curit\u00e9 int\u00e9rieure :\nS\u00e9curit\u00e9 des personnes, Pr\u00e9vention des atteintes aux biens, Autres (Informations service client Mondial Relay).\nArt. 2 : Le public est inform\u00e9 de la pr\u00e9sence de ces cam\u00e9ras, dans l'\u00e9tablissement cit\u00e9 \u00e0 l'article 1er, par une signal\u00e9tique appropri\u00e9e :\n- de mani\u00e8re claire, permanente et significative, \u00e0 chaque point d'acc\u00e8s du public, de l'existence du syst\u00e8me de vid\u00e9oprotection ;\n- \u00e0 chaque point d'acc\u00e8s du public, des affichettes mentionnent les r\u00e9f\u00e9rences du code de la s\u00e9curit\u00e9 int\u00e9rieure susvis\u00e9 et les coordonn\u00e9es\ndu responsable de l'\u00e9tablissement aupr\u00e8s duquel s'exerce le droit d'acc\u00e8s aux images.\nLe droit d'acc\u00e8s aux images pourra s'exercer aupr\u00e8s du responsable s\u00fbret\u00e9.\nArt. 3 : Hormis le cas d'une enqu\u00eate de flagrant d\u00e9lit, d'une enqu\u00eate pr\u00e9liminaire ou d'une information judiciaire, les enregistrements sont\nd\u00e9truits dans un d\u00e9lai maximum de 30 jours.\nArt. 4  : Monsieur QUENTIN BENAULT, responsable de la mise en \u0153uvre du syst\u00e8me doit se porter garant des personnes susceptibles\nd'intervenir dans l'exploitation ou le visionnage des images, ainsi que dans la maintenance du syst\u00e8me mis en place. Des consignes tr\u00e8s\npr\u00e9cises sur la confidentialit\u00e9 des images capt\u00e9es ou/et enregistr\u00e9es et des atteintes \u00e0 la vie priv\u00e9e qu'elles peuvent \u00e9ventuellement\nimpliquer sont donn\u00e9es \u00e0 toutes les personnes concern\u00e9es.\nArt. 5  : Toute modification pr\u00e9sentant un caract\u00e8re substantiel devra faire l'objet d'une d\u00e9claration aupr\u00e8s des services pr\u00e9fectoraux,\nnotamment changement d'activit\u00e9 dans les lieux prot\u00e9g\u00e9s, changement dans la configuration des lieux, changement affectant la protection\ndes images.\nArt. 6  : Sans pr\u00e9judice des sanctions p\u00e9nales applicables, la pr\u00e9sente autorisation peut, apr\u00e8s que l'int\u00e9ress\u00e9 ait \u00e9t\u00e9 mis \u00e0 m\u00eame de\npr\u00e9senter ses observations, \u00eatre retir\u00e9e en cas de manquement aux dispositions figurant aux articles L.251-2, L.251-3, L.252-1 \u00e0 L.252-6,\nL.253-1 \u00e0 L.253-5 et R.251-1 \u00e0 R.253-4 du code de la s\u00e9curit\u00e9 int\u00e9rieure susvis\u00e9 ou encore en cas de modification des conditions au vu\ndesquelles cette autorisation a \u00e9t\u00e9 d\u00e9livr\u00e9e.\nArt. 7  : La pr\u00e9sente autorisation peut faire l'objet d'un recours devant le Tribunal Administratif de Caen dans un d\u00e9lai de deux mois \u00e0\ncompter de la date de sa notification \u00e0 l'int\u00e9ress\u00e9.\nArt. 8 : Le syst\u00e8me concern\u00e9 devra faire l'objet d'une nouvelle autorisation administrative pr\u00e9alable au terme du d\u00e9lai des cinq ans  : une\nnouvelle demande devra \u00eatre d\u00e9pos\u00e9e par  t\u00e9l\u00e9proc\u00e9dure disponible sur le site \u00abvideoprotection.interieur.gouv.fr\u00bb,  quatre mois avant\nl'\u00e9ch\u00e9ance de ce d\u00e9lai.\nSign\u00e9 : Pour le Pr\u00e9fet et par d\u00e9l\u00e9gation, le sous-pr\u00e9fet de Coutances, sous-pr\u00e9fet d'Avranches par interim : Julien MINICONI\n\uf0bf\nArr\u00eat\u00e9 n\u00b0 2023-137 du 3 juillet 2023 portant autorisation d'un syst\u00e8me de vid\u00e9oprotection - Mondial Relay - Consigne N\u00b0 37149 \u00e0\nGAVRAY-SUR-SIENNE\nConsid\u00e9rant que ce lieu est particuli\u00e8rement expos\u00e9 \u00e0 des risques d'agression ou de vol ;\nConsid\u00e9rant le caract\u00e8re proportionn\u00e9 du nombre de cam\u00e9ras envisag\u00e9es au regard des risques susmentionn\u00e9s ;\nArt.  1 :  Monsieur  QUENTIN  BENAULT est  autoris\u00e9,  dans  les  conditions  fix\u00e9es  au  pr\u00e9sent  arr\u00eat\u00e9  et  pour  une  dur\u00e9e  de  cinq  ans\nrenouvelable, \u00e0 installer  2  cam\u00e9ras ext\u00e9rieures de vid\u00e9oprotection au sein de l'\u00e9tablissement Mondial Relay - Consigne N\u00b0 37149 25 rue\nde L'H\u00f4tel Saint-Denis   50450 GAVRAY-SUR-SIENNE, conform\u00e9ment au dossier pr\u00e9sent\u00e9 et annex\u00e9 \u00e0 la demande enregistr\u00e9e sous le\nnum\u00e9ro 2023/0094.\nLe syst\u00e8me consid\u00e9r\u00e9 r\u00e9pond aux finalit\u00e9s pr\u00e9vues par le code de la s\u00e9curit\u00e9 int\u00e9rieure :\nS\u00e9curit\u00e9 des personnes, Pr\u00e9vention des atteintes aux biens, Autres (Informations service client Mondial Relay ).\nArt. 2 : Le public est inform\u00e9 de la pr\u00e9sence de ces cam\u00e9ras, dans l'\u00e9tablissement cit\u00e9 \u00e0 l'article 1er, par une signal\u00e9tique appropri\u00e9e :\n- de mani\u00e8re claire, permanente et significative, \u00e0 chaque point d'acc\u00e8s du public, de l'existence du syst\u00e8me de vid\u00e9oprotection ;\n- \u00e0 chaque point d'acc\u00e8s du public, des affichettes mentionnent les r\u00e9f\u00e9rences du code de la s\u00e9curit\u00e9 int\u00e9rieure susvis\u00e9 et les coordonn\u00e9es\ndu responsable de l'\u00e9tablissement aupr\u00e8s duquel s'exerce le droit d'acc\u00e8s aux images.\nLe droit d'acc\u00e8s aux images pourra s'exercer aupr\u00e8s du responsable s\u00fbret\u00e9.\nArt. 3 : Hormis le cas d'une enqu\u00eate de flagrant d\u00e9lit, d'une enqu\u00eate pr\u00e9liminaire ou d'une information judiciaire, les enregistrements sont\nd\u00e9truits dans un d\u00e9lai maximum de 30 jours.\nArt. 4  : Monsieur QUENTIN BENAULT, responsable de la mise en \u0153uvre du syst\u00e8me doit se porter garant des personnes susceptibles\nd'intervenir dans l'exploitation ou le visionnage des images, ainsi que dans la maintenance du syst\u00e8me mis en place. Des consignes tr\u00e8s\npr\u00e9cises sur la confidentialit\u00e9 des images capt\u00e9es ou/et enregistr\u00e9es et des atteintes \u00e0 la vie priv\u00e9e qu'elles peuvent \u00e9ventuellement\nimpliquer sont donn\u00e9es \u00e0 toutes les personnes concern\u00e9es.\nArt. 5  : Toute modification pr\u00e9sentant un caract\u00e8re substantiel devra faire l'objet d'une d\u00e9claration aupr\u00e8s des services pr\u00e9fectoraux,\nnotamment changement d'activit\u00e9 dans les lieux prot\u00e9g\u00e9s, changement dans la configuration des lieux, changement affectant la protection\ndes images.\nArt. 6  : Sans pr\u00e9judice des sanctions p\u00e9nales applicables, la pr\u00e9sente autorisation peut, apr\u00e8s que l'int\u00e9ress\u00e9 ait \u00e9t\u00e9 mis \u00e0 m\u00eame de\npr\u00e9senter ses observations, \u00eatre retir\u00e9e en cas de manquement aux dispositions figurant aux articles L.251-2, L.251-3, L.252-1 \u00e0 L.252-6,\nL.253-1 \u00e0 L.253-5 et R.251-1 \u00e0 R.253-4 du code de la s\u00e9curit\u00e9 int\u00e9rieure susvis\u00e9 ou encore en cas de modification des conditions au vu\ndesquelles cette autorisation a \u00e9t\u00e9 d\u00e9livr\u00e9e.\nArt. 7  : La pr\u00e9sente autorisation peut faire l'objet d'un recours devant le Tribunal Administratif de Caen dans un d\u00e9lai de deux mois \u00e0\ncompter de la date de sa notification \u00e0 l'int\u00e9ress\u00e9.\nArt. 8     : Le syst\u00e8me concern\u00e9 devra faire l'objet d'une nouvelle autorisation administrative pr\u00e9alable au terme du d\u00e9lai des cinq ans  : une\nnouvelle demande devra \u00eatre d\u00e9pos\u00e9e par  t\u00e9l\u00e9proc\u00e9dure disponible sur le site \u00abvideoprotection.interieur.gouv.fr\u00bb,  quatre mois avant\nl'\u00e9ch\u00e9ance de ce d\u00e9lai.\nSign\u00e9 : Pour le Pr\u00e9fet et par d\u00e9l\u00e9gation, le sous-pr\u00e9fet de Coutances, sous-pr\u00e9fet d'Avranches par interim : Julien MINICONI\n\uf0bf\nArr\u00eat\u00e9 n\u00b0 2023-138 du 3 juillet 2023 portant autorisation d'un syst\u00e8me de vid\u00e9oprotection - Mondial Relay  - Consigne N\u00b0 16147 \u00e0\nCARENTAN-LES-MARAIS\nConsid\u00e9rant que ce lieu est particuli\u00e8rement expos\u00e9 \u00e0 des risques d'agression ou de vol ;\nConsid\u00e9rant le caract\u00e8re proportionn\u00e9 du nombre de cam\u00e9ras envisag\u00e9es au regard des risques susmentionn\u00e9s ;\nArt.  1     :  Monsieur  QUENTIN  BENAULT est  autoris\u00e9,  dans  les  conditions  fix\u00e9es  au  pr\u00e9sent  arr\u00eat\u00e9  et  pour  une  dur\u00e9e  de  cinq  ans\nrenouvelable, \u00e0 installer  2  cam\u00e9ras ext\u00e9rieures de vid\u00e9oprotection au sein de l'\u00e9tablissement Mondial Relay  - Consigne N\u00b0 16147 route de\nST COME  50500 CARENTAN-LES-MARAIS, conform\u00e9ment au dossier pr\u00e9sent\u00e9 et annex\u00e9 \u00e0 la demande enregistr\u00e9e sous le num\u00e9ro\n2023/0095.\nLe syst\u00e8me consid\u00e9r\u00e9 r\u00e9pond aux finalit\u00e9s pr\u00e9vues par le code de la s\u00e9curit\u00e9 int\u00e9rieure :\nS\u00e9curit\u00e9 des personnes, Pr\u00e9vention des atteintes aux biens, Autres (Informations service client Mondial Relay).\nArt. 2 : Le public est inform\u00e9 de la pr\u00e9sence de ces cam\u00e9ras, dans l'\u00e9tablissement cit\u00e9 \u00e0 l'article 1er, par une signal\u00e9tique appropri\u00e9e :\n- de mani\u00e8re claire, permanente et significative, \u00e0 chaque point d'acc\u00e8s du public, de l'existence du syst\u00e8me de vid\u00e9oprotection ;\n- \u00e0 chaque point d'acc\u00e8s du public, des affichettes mentionnent les r\u00e9f\u00e9rences du code de la s\u00e9curit\u00e9 int\u00e9rieure susvis\u00e9 et les coordonn\u00e9es\ndu responsable de l'\u00e9tablissement aupr\u00e8s duquel s'exerce le droit d'acc\u00e8s aux images.\nLe droit d'acc\u00e8s aux images pourra s'exercer aupr\u00e8s du responsable s\u00fbret\u00e9.\nArt. 3 : Hormis le cas d'une enqu\u00eate de flagrant d\u00e9lit, d'une enqu\u00eate pr\u00e9liminaire ou d'une information judiciaire, les enregistrements sont\nd\u00e9truits dans un d\u00e9lai maximum de 30 jours.\nArt. 4  : Monsieur QUENTIN BENAULT, responsable de la mise en \u0153uvre du syst\u00e8me doit se porter garant des personnes susceptibles\nd'intervenir dans l'exploitation ou le visionnage des images, ainsi que dans la maintenance du syst\u00e8me mis en place. Des consignes tr\u00e8s\npr\u00e9cises sur la confidentialit\u00e9 des images capt\u00e9es ou/et enregistr\u00e9es et des atteintes \u00e0 la vie priv\u00e9e qu'elles peuvent \u00e9ventuellement\nimpliquer sont donn\u00e9es \u00e0 toutes les personnes concern\u00e9es.\nArt. 5  : Toute modification pr\u00e9sentant un caract\u00e8re substantiel devra faire l'objet d'une d\u00e9claration aupr\u00e8s des services pr\u00e9fectoraux,\nnotamment changement d'activit\u00e9 dans les lieux prot\u00e9g\u00e9s, changement dans la configuration des lieux, changement affectant la protection\ndes images.\nArt. 6     : Sans pr\u00e9judice des sanctions p\u00e9nales applicables, la pr\u00e9sente autorisation peut, apr\u00e8s que l'int\u00e9ress\u00e9(e) ait \u00e9t\u00e9 mis \u00e0 m\u00eame de\npr\u00e9senter ses observations, \u00eatre retir\u00e9e en cas de manquement aux dispositions figurant aux articles L.251-2, L.251-3, L.252-1 \u00e0 L.252-6,\nL.253-1 \u00e0 L.253-5 et R.251-1 \u00e0 R.253-4 du code de la s\u00e9curit\u00e9 int\u00e9rieure susvis\u00e9 ou encore en cas de modification des conditions au vu\ndesquelles cette autorisation a \u00e9t\u00e9 d\u00e9livr\u00e9e.\nArt. 7  : La pr\u00e9sente autorisation peut faire l'objet d'un recours devant le Tribunal Administratif de Caen dans un d\u00e9lai de deux mois \u00e0\ncompter de la date de sa notification \u00e0 l'int\u00e9ress\u00e9.\nArt. 8 : Le syst\u00e8me concern\u00e9 devra faire l'objet d'une nouvelle autorisation administrative pr\u00e9alable au terme du d\u00e9lai des cinq ans  : une\nnouvelle  demande  devra  \u00eatre  d\u00e9pos\u00e9epar  t\u00e9l\u00e9proc\u00e9dure  disponible  sur  le  site  \u00abvideoprotection.interieur.gouv.fr\u00bb,  quatre  mois  avant\nl'\u00e9ch\u00e9ance de ce d\u00e9lai.\nSign\u00e9 : Pour le Pr\u00e9fet et par d\u00e9l\u00e9gation, le sous-pr\u00e9fet de Coutances, sous-pr\u00e9fet d'Avranches par interim : Julien MINICONI\n\uf0bf\nArr\u00eat\u00e9 du 11 juillet 2023 portant nomination des membres de la commission de contr\u00f4le charg\u00e9e de la r\u00e9gularit\u00e9 des listes \u00e9lectorales\ndans la commune de BRICQUEVILLE SUR MER (communes de 1 000 habitants et plus avec 1 liste)\nConsid\u00e9rant qu'il convient de nommer, dans chaque commune, les membres de la commission de contr\u00f4le charg\u00e9e de la r\u00e9gularit\u00e9 des listes\n\u00e9lectorales pour une dur\u00e9e de trois ans et apr\u00e8s chaque renouvellement int\u00e9gral du conseil municipal,\nArt. 1 :La commission de contr\u00f4le, institu\u00e9e dans la commune de BRICQUEVILLE SUR MER est compos\u00e9e comme suit :\nConseiller municipal :\nTitulaire : M. Gilles LE GENDRE\nSuppl\u00e9ant : Mme M\u00e9lanie DUVAL\nD\u00e9l\u00e9gu\u00e9 de l'administration :\nTitulaire : Mme Brigitte PICOT\nSuppl\u00e9ant : Mme Brigitte LEGENTIL\nD\u00e9l\u00e9gu\u00e9 du tribunal :\nTitulaire : M. Alain DESCHAMPS-BREIT\nSuppl\u00e9ant : N\u00e9ant\nArt. 2 :Les membres de la commission de contr\u00f4le charg\u00e9e de la r\u00e9gularit\u00e9 des listes \u00e9lectorales sont d\u00e9sign\u00e9s pour trois ans.\nArt. 3 :  L'arr\u00eat\u00e9 en date du 11/01/21 portant nomination des membres de la commission de contr\u00f4le charg\u00e9e de la r\u00e9gularit\u00e9 des listes\n\u00e9lectorales de BRICQUEVILLE SUR MER est abrog\u00e9.\nSign\u00e9 : Pour le Pr\u00e9fet, le Sous-Pr\u00e9fet d'Avranches : Pierre CHAULEUR\n\uf0bf\nArr\u00eat\u00e9 du 11 juillet 2023 portant nomination des membres de la commission de contr\u00f4le charg\u00e9e de la r\u00e9gularit\u00e9 des listes \u00e9lectorales\ndans la commune de FOLLIGNY (communes de 1 000 habitants et plus avec 1 liste)\nConsid\u00e9rant qu'il convient de nommer, dans chaque commune, les membres de la commission de contr\u00f4le charg\u00e9e de la r\u00e9gularit\u00e9 des listes\n\u00e9lectorales pour une dur\u00e9e de trois ans et apr\u00e8s chaque renouvellement int\u00e9gral du conseil municipal,\nArt. 1 :La commission de contr\u00f4le, institu\u00e9e dans la commune de FOLLIGNY est compos\u00e9e comme suit :\nConseiller municipal :\nTitulaire : M. Jacky MOULIN\nSuppl\u00e9ant : Mme Jocelyne BENSET\nD\u00e9l\u00e9gu\u00e9 de l'administration :\nTitulaire : Mme Christine HARASSE\nSuppl\u00e9ant : Mme Martine DELABROUSSE\nD\u00e9l\u00e9gu\u00e9 du tribunal :\nTitulaire : M. Patrick LECOEUR\nSuppl\u00e9ant : Mme Jacqueline DAIROU\nArt. 2 :Les membres de la commission de contr\u00f4le charg\u00e9e de la r\u00e9gularit\u00e9 des listes \u00e9lectorales sont d\u00e9sign\u00e9s pour trois ans.\nArt. 3 :  L'arr\u00eat\u00e9 en date du 11/01/21 portant nomination des membres de la commission de contr\u00f4le charg\u00e9e de la r\u00e9gularit\u00e9 des listes\n\u00e9lectorales de FOLLIGNY est abrog\u00e9.\nSign\u00e9 : Pour le Pr\u00e9fet, le Sous-Pr\u00e9fet d'Avranches : Pierre CHAULEUR\n\uf0bf\nArr\u00eat\u00e9 du 11 juillet 2023 portant nomination des membres de la commission de contr\u00f4le charg\u00e9e de la r\u00e9gularit\u00e9 des listes \u00e9lectorales\ndans la commune de GRANDPARIGNY (communes de 1 000 habitants et plus avec 1 liste)\nConsid\u00e9rant qu'il convient de nommer, dans chaque commune, les membres de la commission de contr\u00f4le charg\u00e9e de la r\u00e9gularit\u00e9 des listes\n\u00e9lectorales pour une dur\u00e9e de trois ans et apr\u00e8s chaque renouvellement int\u00e9gral du conseil municipal,\nArt. 1 :La commission de contr\u00f4le, institu\u00e9e dans la commune de GRANDPARIGNY est compos\u00e9e comme suit :\nConseiller municipal :\nTitulaire : M. Roger THELLIER\nSuppl\u00e9ant : M. Christophe AMIOT\nD\u00e9l\u00e9gu\u00e9 de l'administration :\nTitulaire : M. Lucien LUCAS\nSuppl\u00e9ant : M. Serge RICHARD\nD\u00e9l\u00e9gu\u00e9 du tribunal :\nTitulaire : Mme Monique PIEL\nSuppl\u00e9ant : Mme Christiane LANEELLE\nArt. 2 :Les membres de la commission de contr\u00f4le charg\u00e9e de la r\u00e9gularit\u00e9 des listes \u00e9lectorales sont d\u00e9sign\u00e9s pour trois ans.\nArt. 3 :  L'arr\u00eat\u00e9 en date du 11/01/21 portant nomination des membres de la commission de contr\u00f4le charg\u00e9e de la r\u00e9gularit\u00e9 des listes\n\u00e9lectorales de GRANDPARIGNY est abrog\u00e9.\nSign\u00e9 : Pour le Pr\u00e9fet, le Sous-Pr\u00e9fet d'Avranches : Pierre CHAULEUR\n\uf0bf\nArr\u00eat\u00e9 du 11 juillet 2023 portant nomination des membres de la commission de contr\u00f4le charg\u00e9e de la r\u00e9gularit\u00e9 des listes \u00e9lectorales\ndans la commune de LE TEILLEUL (communes de 1 000 habitants et plus avec 1 liste)\nConsid\u00e9rant qu'il convient de nommer, dans chaque commune, les membres de la commission de contr\u00f4le charg\u00e9e de la r\u00e9gularit\u00e9 des listes\n\u00e9lectorales pour une dur\u00e9e de trois ans et apr\u00e8s chaque renouvellement int\u00e9gral du conseil municipal,\nArt. 1 :La commission de contr\u00f4le, institu\u00e9e dans la commune de LE TEILLEUL est compos\u00e9e comme suit :\nConseiller municipal :\nTitulaire : M. Jacques DUZERT\nSuppl\u00e9ant : M. Jo\u00ebl BAGOT\nD\u00e9l\u00e9gu\u00e9 de l'administration :\nTitulaire : M. G\u00e9rard BIDAULT\nSuppl\u00e9ant : Mme Marie-Th\u00e9r\u00e8se LEGRAIN\nD\u00e9l\u00e9gu\u00e9 du tribunal :\nTitulaire : Mme Christine FOUCAULT\nSuppl\u00e9ant : M. Denis BOURGET\nArt. 2 :Les membres de la commission de contr\u00f4le charg\u00e9e de la r\u00e9gularit\u00e9 des listes \u00e9lectorales sont d\u00e9sign\u00e9s pour trois ans.\nArt. 3 :  L'arr\u00eat\u00e9 en date du 11/01/21 portant nomination des membres de la commission de contr\u00f4le charg\u00e9e de la r\u00e9gularit\u00e9 des listes\n\u00e9lectorales de LE TEILLEUL est abrog\u00e9.\nSign\u00e9 : Pour le Pr\u00e9fet, le Sous-Pr\u00e9fet d'Avranches : Pierre CHAULEUR\n\uf0bf\nArr\u00eat\u00e9 du 11 juillet 2023 portant nomination des membres de la commission de contr\u00f4le charg\u00e9e de la r\u00e9gularit\u00e9 des listes \u00e9lectorales\ndans la commune de LE VAL-SAINT-P\u00c8RE (communes de 1 000 habitants et plus avec 1 liste)\nConsid\u00e9rant qu'il convient de nommer, dans chaque commune, les membres de la commission de contr\u00f4le charg\u00e9e de la r\u00e9gularit\u00e9 des listes\n\u00e9lectorales pour une dur\u00e9e de trois ans et apr\u00e8s chaque renouvellement int\u00e9gral du conseil municipal,\nArt. 1 :La commission de contr\u00f4le, institu\u00e9e dans la commune de LE VAL-SAINT-P\u00c8RE est compos\u00e9e comme suit :\nConseiller municipal :\nTitulaire : Mme Anne POUSSIELGUE \nSuppl\u00e9ant : M. Beno\u00eet RABEL\nD\u00e9l\u00e9gu\u00e9 de l'administration :\nTitulaire : M. Thierry GUEUDRE\nSuppl\u00e9ant : M. Bernard BOUTEMY\nD\u00e9l\u00e9gu\u00e9 du tribunal :\nTitulaire : Mme Christelle COMPAGNON\nSuppl\u00e9ant : M. Patrick ESNOUF\nArt. 2 :Les membres de la commission de contr\u00f4le charg\u00e9e de la r\u00e9gularit\u00e9 des listes \u00e9lectorales sont d\u00e9sign\u00e9s pour trois ans.\nArt. 3 :  L'arr\u00eat\u00e9 en date du 11/01/21 portant nomination des membres de la commission de contr\u00f4le charg\u00e9e de la r\u00e9gularit\u00e9 des listes\n\u00e9lectorales de LE VAL-SAINT-P\u00c8RE est abrog\u00e9.\nSign\u00e9 : Pour le Pr\u00e9fet, le Sous-Pr\u00e9fet d'Avranches : Pierre CHAULEUR\n\uf0bf\nArr\u00eat\u00e9 du 11 juillet 2023 portant nomination des membres de la commission de contr\u00f4le charg\u00e9e de la r\u00e9gularit\u00e9 des listes \u00e9lectorales\ndans la commune de MARCEY-LES-GREVES (communes de 1 000 habitants et plus avec 1 liste)\nConsid\u00e9rant qu'il convient de nommer, dans chaque commune, les membres de la commission de contr\u00f4le charg\u00e9e de la r\u00e9gularit\u00e9 des listes\n\u00e9lectorales pour une dur\u00e9e de trois ans et apr\u00e8s chaque renouvellement int\u00e9gral du conseil municipal,\nArt. 1 :La commission de contr\u00f4le, institu\u00e9e dans la commune de MARCEY-LES-GREVES est compos\u00e9e comme suit :\nConseiller municipal :\nTitulaire : M. Jo\u00ebl LENOBLE \nSuppl\u00e9ant : M. G\u00e9rald HAILLOT\nD\u00e9l\u00e9gu\u00e9 de l'administration :\nTitulaire : Mme Th\u00e9r\u00e8se  LETOURNEUR\nSuppl\u00e9ant : N\u00e9ant\nD\u00e9l\u00e9gu\u00e9 du tribunal :\nTitulaire : M. Marc TARAL\nSuppl\u00e9ant : N\u00e9ant\nArt. 2 :Les membres de la commission de contr\u00f4le charg\u00e9e de la r\u00e9gularit\u00e9 des listes \u00e9lectorales sont d\u00e9sign\u00e9s pour trois ans.\nArt. 3 :  L'arr\u00eat\u00e9 en date du 11/01/21 portant nomination des membres de la commission de contr\u00f4le charg\u00e9e de la r\u00e9gularit\u00e9 des listes\n\u00e9lectorales de MARCEY-LES-GREVES est abrog\u00e9.\nSign\u00e9 : Pour le Pr\u00e9fet, le Sous-Pr\u00e9fet d'Avranches : Pierre CHAULEUR\n\uf0bf\nArr\u00eat\u00e9 du 11 juillet 2023 portant nomination des membres de la commission de contr\u00f4le charg\u00e9e de la r\u00e9gularit\u00e9 des listes \u00e9lectorales\ndans la commune de MORTAIN-BOCAGE (communes de 1 000 habitants et plus avec 1 liste)\nConsid\u00e9rant qu'il convient de nommer, dans chaque commune, les membres de la commission de contr\u00f4le charg\u00e9e de la r\u00e9gularit\u00e9 des listes\n\u00e9lectorales pour une dur\u00e9e de trois ans et apr\u00e8s chaque renouvellement int\u00e9gral du conseil municipal,\nArt. 1 :La commission de contr\u00f4le, institu\u00e9e dans la commune de MORTAIN-BOCAGE est compos\u00e9e comme suit :\nConseiller municipal :\nTitulaire : M. Philippe LEBRUN\nSuppl\u00e9ant : N\u00e9ant\nD\u00e9l\u00e9gu\u00e9 de l'administration :\nTitulaire : Mme Nicole JEHAN\nSuppl\u00e9ant : N\u00e9ant\nD\u00e9l\u00e9gu\u00e9 du tribunal :\nTitulaire : Mme Jocelyne SEBIRE\nSuppl\u00e9ant : N\u00e9ant\nArt. 2 :Les membres de la commission de contr\u00f4le charg\u00e9e de la r\u00e9gularit\u00e9 des listes \u00e9lectorales sont d\u00e9sign\u00e9s pour trois ans.\nArt. 3 :  L'arr\u00eat\u00e9 en date du 11/01/21 portant nomination des membres de la commission de contr\u00f4le charg\u00e9e de la r\u00e9gularit\u00e9 des listes\n\u00e9lectorales de MORTAIN-BOCAGE est abrog\u00e9.\nSign\u00e9 : Pour le Pr\u00e9fet, le Sous-Pr\u00e9fet d'Avranches : Pierre CHAULEUR\n\uf0bf\nArr\u00eat\u00e9 du 11 juillet 2023 portant nomination des membres de la commission de contr\u00f4le charg\u00e9e de la r\u00e9gularit\u00e9 des listes \u00e9lectorales\ndans la commune de ROMAGNY-FONTENAY (communes de 1 000 habitants et plus avec 1 liste)\nConsid\u00e9rant qu'il convient de nommer, dans chaque commune, les membres de la commission de contr\u00f4le charg\u00e9e de la r\u00e9gularit\u00e9 des listes\n\u00e9lectorales pour une dur\u00e9e de trois ans et apr\u00e8s chaque renouvellement int\u00e9gral du conseil municipal,\nArt. 1 :La commission de contr\u00f4le, institu\u00e9e dans la commune de ROMAGNY-FONTENAY est compos\u00e9e comme suit :\nConseiller municipal :\nTitulaire : Mme Annick BUSNEL\nSuppl\u00e9ant : M. Franck HESLOUIS\nD\u00e9l\u00e9gu\u00e9 de l'administration :\nTitulaire : \nSuppl\u00e9ant : \nD\u00e9l\u00e9gu\u00e9 du tribunal :\nTitulaire : Mme Amandine BEDIN\nSuppl\u00e9ant : M. Daniel GONTIER\nArt. 2 :Les membres de la commission de contr\u00f4le charg\u00e9e de la r\u00e9gularit\u00e9 des listes \u00e9lectorales sont d\u00e9sign\u00e9s pour trois ans.\nArt. 3 :  L'arr\u00eat\u00e9 en date du 11/01/21 portant nomination des membres de la commission de contr\u00f4le charg\u00e9e de la r\u00e9gularit\u00e9 des listes\n\u00e9lectorales de ROMAGNY-FONTENAY est abrog\u00e9.\nSign\u00e9 : Pour le Pr\u00e9fet, le Sous-Pr\u00e9fet d'Avranches : Pierre CHAULEUR\n\uf0bf\nArr\u00eat\u00e9 du 11 juillet 2023 portant nomination des membres de la commission de contr\u00f4le charg\u00e9e de la r\u00e9gularit\u00e9 des listes \u00e9lectorales\ndans la commune de SAINT-JEAN-DES-CHAMPS (communes de 1 000 habitants et plus avec 1 liste)\nConsid\u00e9rant qu'il convient de nommer, dans chaque commune, les membres de la commission de contr\u00f4le charg\u00e9e de la r\u00e9gularit\u00e9 des listes\n\u00e9lectorales pour une dur\u00e9e de trois ans et apr\u00e8s chaque renouvellement int\u00e9gral du conseil municipal,\nArt. 1 :La commission de contr\u00f4le, institu\u00e9e dans la commune de SAINT-JEAN-DES-CHAMPS est compos\u00e9e comme suit :\nConseiller municipal :\nTitulaire : M. Jean-Claude LEPENANT\nSuppl\u00e9ant : M. Alain BEAUQUET\nD\u00e9l\u00e9gu\u00e9 de l'administration :\nTitulaire : M. Pierrick LELIEVRE\nSuppl\u00e9ant : M. Patrick AVICE\nD\u00e9l\u00e9gu\u00e9 du tribunal :\nTitulaire : Mme Jo\u00eblle HAMELIN\nSuppl\u00e9ant : M. Hubert PELLERIN\nArt. 2 :Les membres de la commission de contr\u00f4le charg\u00e9e de la r\u00e9gularit\u00e9 des listes \u00e9lectorales sont d\u00e9sign\u00e9s pour trois ans.\nArt. 3 :  L'arr\u00eat\u00e9 en date du 11/01/21 portant nomination des membres de la commission de contr\u00f4le charg\u00e9e de la r\u00e9gularit\u00e9 des listes\n\u00e9lectorales de SAINT-JEAN-DES-CHAMPS est abrog\u00e9.\nSign\u00e9 : Pour le Pr\u00e9fet, le Sous-Pr\u00e9fet d'Avranches : Pierre CHAULEUR\n\uf0bf\nArr\u00eat\u00e9 du 11 juillet 2023 portant nomination des membres de la commission de contr\u00f4le charg\u00e9e de la r\u00e9gularit\u00e9 des listes \u00e9lectorales\ndans la commune de SAINT-QUENTIN-SUR-LE-HOMME (communes de 1 000 habitants et plus avec 1 liste)\nConsid\u00e9rant qu'il convient de nommer, dans chaque commune, les membres de la commission de contr\u00f4le charg\u00e9e de la r\u00e9gularit\u00e9 des listes\n\u00e9lectorales pour une dur\u00e9e de trois ans et apr\u00e8s chaque renouvellement int\u00e9gral du conseil municipal,\nArt. 1 :La commission de contr\u00f4le, institu\u00e9e dans la commune de SAINT-QUENTIN-SUR-LE-HOMME est compos\u00e9e comme suit :\nConseiller municipal :\nTitulaire : Mme Nicole ROUXELIN\nSuppl\u00e9ant : M. Claude HARDY\nD\u00e9l\u00e9gu\u00e9 de l'administration :\nTitulaire : M. Claude BAILLARD\nSuppl\u00e9ant : M. Claude COHIER\nD\u00e9l\u00e9gu\u00e9 du tribunal :\nTitulaire : M. Patrice BOUDET\nSuppl\u00e9ant : M. Christian DUROUX\nArt. 2 :Les membres de la commission de contr\u00f4le charg\u00e9e de la r\u00e9gularit\u00e9 des listes \u00e9lectorales sont d\u00e9sign\u00e9s pour trois ans.\nArt. 3 :  L'arr\u00eat\u00e9 en date du 11/01/21 portant nomination des membres de la commission de contr\u00f4le charg\u00e9e de la r\u00e9gularit\u00e9 des listes\n\u00e9lectorales de SAINT-QUENTIN-SUR-LE-HOMME est abrog\u00e9.\nSign\u00e9 : Pour le Pr\u00e9fet, le Sous-Pr\u00e9fet d'Avranches : Pierre CHAULEUR\n\uf0bf\nArr\u00eat\u00e9 du 11 juillet 2023 portant nomination des membres de la commission de contr\u00f4le charg\u00e9e de la r\u00e9gularit\u00e9 des listes \u00e9lectorales\ndans la commune de YQUELON (communes de 1 000 habitants et plus avec 1 liste)\nConsid\u00e9rant qu'il convient de nommer, dans chaque commune, les membres de la commission de contr\u00f4le charg\u00e9e de la r\u00e9gularit\u00e9 des listes\n\u00e9lectorales pour une dur\u00e9e de trois ans et apr\u00e8s chaque renouvellement int\u00e9gral du conseil municipal,\nArt. 1 :La commission de contr\u00f4le, institu\u00e9e dans la commune de YQUELON est compos\u00e9e comme suit :\nConseiller municipal :\nTitulaire : M. No\u00ebl GUILLOUET\nSuppl\u00e9ant : M. Ren\u00e9 LEROUX\nD\u00e9l\u00e9gu\u00e9 de l'administration :\nTitulaire : M. Daniel DOLLEY\nSuppl\u00e9ant : Mme Perrine CLAUDE\nD\u00e9l\u00e9gu\u00e9 du tribunal :\nTitulaire : Mme Th\u00e9r\u00e8se MESNILDREY\nSuppl\u00e9ant : M. Jean-Luc TABARD\nArt. 2 :Les membres de la commission de contr\u00f4le charg\u00e9e de la r\u00e9gularit\u00e9 des listes \u00e9lectorales sont d\u00e9sign\u00e9s pour trois ans.\nArt. 3 :  L'arr\u00eat\u00e9 en date du 11/01/21 portant nomination des membres de la commission de contr\u00f4le charg\u00e9e de la r\u00e9gularit\u00e9 des listes\n\u00e9lectorales de YQUELON est abrog\u00e9.\nSign\u00e9 : Pour le Pr\u00e9fet, le Sous-Pr\u00e9fet d'Avranches : Pierre CHAULEUR\n\uf0bf\nArr\u00eat\u00e9 du 11 juillet 2023 portant nomination des membres de la commission de contr\u00f4le charg\u00e9e de la r\u00e9gularit\u00e9 des listes \u00e9lectorales\ndans la commune de (communes de 1 000 habitants et plus avec 1 liste)\nConsid\u00e9rant qu'il convient de nommer, dans chaque commune, les membres de la commission de contr\u00f4le charg\u00e9e de la r\u00e9gularit\u00e9 des listes\n\u00e9lectorales pour une dur\u00e9e de trois ans et apr\u00e8s chaque renouvellement int\u00e9gral du conseil municipal,\nArt. 1 :La commission de contr\u00f4le, institu\u00e9e dans la commune de  est compos\u00e9e comme suit :\nConseiller municipal :\nTitulaire : \nSuppl\u00e9ant : Nombre de communes\nD\u00e9l\u00e9gu\u00e9 de l'administration :\nTitulaire : 11\nSuppl\u00e9ant : \nD\u00e9l\u00e9gu\u00e9 du tribunal :\nTitulaire : \nSuppl\u00e9ant : \nArt. 2 :Les membres de la commission de contr\u00f4le charg\u00e9e de la r\u00e9gularit\u00e9 des listes \u00e9lectorales sont d\u00e9sign\u00e9s pour trois ans.\nArt. 3 : L'arr\u00eat\u00e9 en date du  portant nomination des membres de la commission de contr\u00f4le charg\u00e9e de la r\u00e9gularit\u00e9 des listes \u00e9lectorales de  est\nabrog\u00e9.\nSign\u00e9 : Pour le Pr\u00e9fet, le Sous-Pr\u00e9fet d'Avranches : Pierre CHAULEUR\n\uf0bf\nArr\u00eat\u00e9 du 11 juillet 2023 portant nomination des membres de la commission de contr\u00f4le charg\u00e9e de la r\u00e9gularit\u00e9 des listes \u00e9lectorales\ndans la commune de ANCTOVILLE SUR BOSCQ (communes de moins de 1 000 habitants et assimil\u00e9es)\nConsid\u00e9rant qu'il convient de nommer, dans chaque commune, les membres de la commission de contr\u00f4le charg\u00e9e de la r\u00e9gularit\u00e9 des listes\n\u00e9lectorales pour une dur\u00e9e de trois ans et apr\u00e8s chaque renouvellement int\u00e9gral du conseil municipal,\nArt. 1     :    La commission de contr\u00f4le, institu\u00e9e dans la commune de ANCTOVILLE SUR BOSCQ, est compos\u00e9e comme suit :\nConseiller municipal :\nTitulaire : Mme Brigitte GEORGES\nSuppl\u00e9ant : Mme Dominique DEROUET\nD\u00e9l\u00e9gu\u00e9 de l'administration :\nTitulaire : M. Thierry PRUVEL\nSuppl\u00e9ant : Mme G\u00e9raldine BEDOUIN\nD\u00e9l\u00e9gu\u00e9 du tribunal :\nTitulaire : Mme Chantal GEOFFROY\nSuppl\u00e9ant : Mme Sylvie TESNIERE\nArt. 2 : Les membres de la commission de contr\u00f4le charg\u00e9e de la r\u00e9gularit\u00e9 des listes \u00e9lectorales sont d\u00e9sign\u00e9s pour trois ans.\nArt. 3 :  L'arr\u00eat\u00e9 en date du 11/01/21 portant nomination des membres de la commission de contr\u00f4le charg\u00e9e de la r\u00e9gularit\u00e9 des listes\n\u00e9lectorales de ANCTOVILLE SUR BOSCQ est abrog\u00e9.\nSign\u00e9 : Pour le Pr\u00e9fet, le Sous-Pr\u00e9fet d'Avranches : Pierre CHAULEUR\n\uf0bf\nArr\u00eat\u00e9 du 11 juillet 2023 portant nomination des membres de la commission de contr\u00f4le charg\u00e9e de la r\u00e9gularit\u00e9 des listes \u00e9lectorales\ndans la commune de AUCEY LA PLAINE (communes de moins de 1 000 habitants et assimil\u00e9es)\nConsid\u00e9rant qu'il convient de nommer, dans chaque commune, les membres de la commission de contr\u00f4le charg\u00e9e de la r\u00e9gularit\u00e9 des listes\n\u00e9lectorales pour une dur\u00e9e de trois ans et apr\u00e8s chaque renouvellement int\u00e9gral du conseil municipal,\nArt. 1 : La commission de contr\u00f4le, institu\u00e9e dans la commune de AUCEY LA PLAINE, est compos\u00e9e comme suit :\nConseiller municipal :\nTitulaire : Mme Chantale DAUGUET\nSuppl\u00e9ant : M. Bruno BOURGET\nD\u00e9l\u00e9gu\u00e9 de l'administration :\nTitulaire : M. Jean-Michel GUICHARD\nSuppl\u00e9ant : M. Philippe RONCIER\nD\u00e9l\u00e9gu\u00e9 du tribunal :\nTitulaire : Mme Chantal GUILLARD\nSuppl\u00e9ant : Mme Marie-Fran\u00e7oise GERMAIN\nArt. 2 : Les membres de la commission de contr\u00f4le charg\u00e9e de la r\u00e9gularit\u00e9 des listes \u00e9lectorales sont d\u00e9sign\u00e9s pour trois ans.\nArt. 3 :  L'arr\u00eat\u00e9 en date du 11/01/21 portant nomination des membres de la commission de contr\u00f4le charg\u00e9e de la r\u00e9gularit\u00e9 des listes\n\u00e9lectorales de AUCEY LA PLAINE est abrog\u00e9.\nSign\u00e9 : Pour le Pr\u00e9fet, le Sous-Pr\u00e9fet d'Avranches : Pierre CHAULEUR\n\uf0bf\nArr\u00eat\u00e9 du 11 juillet 2023 portant nomination des membres de la commission de contr\u00f4le charg\u00e9e de la r\u00e9gularit\u00e9 des listes \u00e9lectorales\ndans la commune de BACILLY (communes de moins de 1 000 habitants et assimil\u00e9es)\nConsid\u00e9rant qu'il convient de nommer, dans chaque commune, les membres de la commission de contr\u00f4le charg\u00e9e de la r\u00e9gularit\u00e9 des listes\n\u00e9lectorales pour une dur\u00e9e de trois ans et apr\u00e8s chaque renouvellement int\u00e9gral du conseil municipal,\nArt. 1 : La commission de contr\u00f4le, institu\u00e9e dans la commune de BACILLY, est compos\u00e9e comme suit :\nConseiller municipal :\nTitulaire : Mme Mich\u00e8le DESVAUX\nSuppl\u00e9ant : M. Vincent PICARD\nD\u00e9l\u00e9gu\u00e9 de l'administration :\nTitulaire : Mme Laetitia LALISSE\nSuppl\u00e9ant : N\u00e9ant\nD\u00e9l\u00e9gu\u00e9 du tribunal :\nTitulaire : Mme Florence LAISNE\nSuppl\u00e9ant : M. Jean-Luc OLIVIER \nArt. 2 : Les membres de la commission de contr\u00f4le charg\u00e9e de la r\u00e9gularit\u00e9 des listes \u00e9lectorales sont d\u00e9sign\u00e9s pour trois ans.\nArt. 3 :  L'arr\u00eat\u00e9 en date du 11/01/21 portant nomination des membres de la commission de contr\u00f4le charg\u00e9e de la r\u00e9gularit\u00e9 des listes\n\u00e9lectorales de BACILLY est abrog\u00e9.\nSign\u00e9 : Pour le Pr\u00e9fet, le Sous-Pr\u00e9fet d'Avranches : Pierre CHAULEUR\n\uf0bf\nArr\u00eat\u00e9 du 11 juillet 2023 portant nomination des membres de la commission de contr\u00f4le charg\u00e9e de la r\u00e9gularit\u00e9 des listes \u00e9lectorales\ndans la commune de BEAUCHAMPS (communes de moins de 1 000 habitants et assimil\u00e9es)\nConsid\u00e9rant qu'il convient de nommer, dans chaque commune, les membres de la commission de contr\u00f4le charg\u00e9e de la r\u00e9gularit\u00e9 des listes\n\u00e9lectorales pour une dur\u00e9e de trois ans et apr\u00e8s chaque renouvellement int\u00e9gral du conseil municipal,\nArt. 1 : La commission de contr\u00f4le, institu\u00e9e dans la commune de BEAUCHAMPS, est compos\u00e9e comme suit :\nConseiller municipal :\nTitulaire : M. Hubert DUCHANT\nSuppl\u00e9ant : Mme Myl\u00e8ne LECANU\nD\u00e9l\u00e9gu\u00e9 de l'administration :\nTitulaire : M. Ange LOTTON\nSuppl\u00e9ant : Mme Jocelyne BURGOT\nD\u00e9l\u00e9gu\u00e9 du tribunal :\nTitulaire : M. Roger EVARISTE\nSuppl\u00e9ant : Mme Brigitte  CANU\nArt. 2 : Les membres de la commission de contr\u00f4le charg\u00e9e de la r\u00e9gularit\u00e9 des listes \u00e9lectorales sont d\u00e9sign\u00e9s pour trois ans.\nArt. 3 :  L'arr\u00eat\u00e9 en date du 11/01/21 portant nomination des membres de la commission de contr\u00f4le charg\u00e9e de la r\u00e9gularit\u00e9 des listes\n\u00e9lectorales de BEAUCHAMPS est abrog\u00e9.\nSign\u00e9 : Pour le Pr\u00e9fet, le Sous-Pr\u00e9fet d'Avranches : Pierre CHAULEUR\n\uf0bf\nArr\u00eat\u00e9 du 11 juillet 2023 portant nomination des membres de la commission de contr\u00f4le charg\u00e9e de la r\u00e9gularit\u00e9 des listes \u00e9lectorales\ndans la commune de BEAUFICEL (communes de moins de 1 000 habitants et assimil\u00e9es)\nConsid\u00e9rant qu'il convient de nommer, dans chaque commune, les membres de la commission de contr\u00f4le charg\u00e9e de la r\u00e9gularit\u00e9 des listes\n\u00e9lectorales pour une dur\u00e9e de trois ans et apr\u00e8s chaque renouvellement int\u00e9gral du conseil municipal,\nArt. 1 : La commission de contr\u00f4le, institu\u00e9e dans la commune de BEAUFICEL, est compos\u00e9e comme suit :\nConseiller municipal :\nTitulaire : M. Pierre TOULLIER\nSuppl\u00e9ant : Mme Christine MELIS\nD\u00e9l\u00e9gu\u00e9 de l'administration :\nTitulaire : Mme Th\u00e9r\u00e8se LELOGEAIS\nSuppl\u00e9ant : Mme Edith BRIENS\nD\u00e9l\u00e9gu\u00e9 du tribunal :\nTitulaire : Mme Pauline HERBERT\nSuppl\u00e9ant : M. Serge LEVALLET\nArt. 2 : Les membres de la commission de contr\u00f4le charg\u00e9e de la r\u00e9gularit\u00e9 des listes \u00e9lectorales sont d\u00e9sign\u00e9s pour trois ans.\nArt. 3 :  L'arr\u00eat\u00e9 en date du 21/01/21 portant nomination des membres de la commission de contr\u00f4le charg\u00e9e de la r\u00e9gularit\u00e9 des listes\n\u00e9lectorales de BEAUFICEL est abrog\u00e9.\nSign\u00e9 : Pour le Pr\u00e9fet, le Sous-Pr\u00e9fet d'Avranches : Pierre CHAULEUR\n\uf0bf\nArr\u00eat\u00e9 du 11 juillet 2023 portant nomination des membres de la commission de contr\u00f4le charg\u00e9e de la r\u00e9gularit\u00e9 des listes \u00e9lectorales\ndans la commune de BEAUVOIR (communes de moins de 1 000 habitants et assimil\u00e9es)\nConsid\u00e9rant qu'il convient de nommer, dans chaque commune, les membres de la commission de contr\u00f4le charg\u00e9e de la r\u00e9gularit\u00e9 des listes\n\u00e9lectorales pour une dur\u00e9e de trois ans et apr\u00e8s chaque renouvellement int\u00e9gral du conseil municipal,\nArt. 1 : La commission de contr\u00f4le, institu\u00e9e dans la commune de BEAUVOIR, est compos\u00e9e comme suit :\nConseiller municipal :\nTitulaire : M. Philippe COQUELIN\nSuppl\u00e9ant : Mme Ida PEIGNE\nD\u00e9l\u00e9gu\u00e9 de l'administration :\nTitulaire : M. Gilbert CORBEAU\nSuppl\u00e9ant : Mme Jocelyne BODIN-LENOUVEL\nD\u00e9l\u00e9gu\u00e9 du tribunal :\nTitulaire : M. St\u00e9phane DELAVESNE\nSuppl\u00e9ant : Mme Sabrina BOUTROUELLE\nArt. 2 : Les membres de la commission de contr\u00f4le charg\u00e9e de la r\u00e9gularit\u00e9 des listes \u00e9lectorales sont d\u00e9sign\u00e9s pour trois ans.\nArt. 3 :  L'arr\u00eat\u00e9 en date du 11/01/21 portant nomination des membres de la commission de contr\u00f4le charg\u00e9e de la r\u00e9gularit\u00e9 des listes\n\u00e9lectorales de BEAUVOIR est abrog\u00e9.\nSign\u00e9 : Pour le Pr\u00e9fet, le Sous-Pr\u00e9fet d'Avranches : Pierre CHAULEUR\n\uf0bf\nArr\u00eat\u00e9 du 11 juillet 2023 portant nomination des membres de la commission de contr\u00f4le charg\u00e9e de la r\u00e9gularit\u00e9 des listes \u00e9lectorales\ndans la commune de BOISYVON (communes de moins de 1 000 habitants et assimil\u00e9es)\nConsid\u00e9rant qu'il convient de nommer, dans chaque commune, les membres de la commission de contr\u00f4le charg\u00e9e de la r\u00e9gularit\u00e9 des listes\n\u00e9lectorales pour une dur\u00e9e de trois ans et apr\u00e8s chaque renouvellement int\u00e9gral du conseil municipal,\nArt. 1 : La commission de contr\u00f4le, institu\u00e9e dans la commune de BOISYVON, est compos\u00e9e comme suit :\nConseiller municipal :\nTitulaire : M. Roger BARBE\nSuppl\u00e9ant : Mme Carole PRIMOIS\nD\u00e9l\u00e9gu\u00e9 de l'administration :\nTitulaire : Mme Marie-Laure PRIMOIS\nSuppl\u00e9ant : Mme Chantal LUNEL\nD\u00e9l\u00e9gu\u00e9 du tribunal :\nTitulaire : M. Andr\u00e9 PICHON\nSuppl\u00e9ant : M. Florent LELANDAIS\nArt. 2 : Les membres de la commission de contr\u00f4le charg\u00e9e de la r\u00e9gularit\u00e9 des listes \u00e9lectorales sont d\u00e9sign\u00e9s pour trois ans.\nArt. 3 :  L'arr\u00eat\u00e9 en date du 13/01/21 portant nomination des membres de la commission de contr\u00f4le charg\u00e9e de la r\u00e9gularit\u00e9 des listes\n\u00e9lectorales de BOISYVON est abrog\u00e9.\nSign\u00e9 : Pour le Pr\u00e9fet, le Sous-Pr\u00e9fet d'Avranches : Pierre CHAULEUR\n\uf0bf\nArr\u00eat\u00e9 du 11 juillet 2023 portant nomination des membres de la commission de contr\u00f4le charg\u00e9e de la r\u00e9gularit\u00e9 des listes \u00e9lectorales\ndans la commune de BREVILLE SUR MER (communes de moins de 1 000 habitants et assimil\u00e9es)\nConsid\u00e9rant qu'il convient de nommer, dans chaque commune, les membres de la commission de contr\u00f4le charg\u00e9e de la r\u00e9gularit\u00e9 des listes\n\u00e9lectorales pour une dur\u00e9e de trois ans et apr\u00e8s chaque renouvellement int\u00e9gral du conseil municipal,\nArt. 1 : La commission de contr\u00f4le, institu\u00e9e dans la commune de BREVILLE SUR MER, est compos\u00e9e comme suit :\nConseiller municipal :\nTitulaire : Mme Myriam ROULEAU\nSuppl\u00e9ant : Mme Emeline THEVENIN\nD\u00e9l\u00e9gu\u00e9 de l'administration :\nTitulaire : Mme Nelly MARESCHAL\nSuppl\u00e9ant : Mme Dominique BOUTOUYRIE\nD\u00e9l\u00e9gu\u00e9 du tribunal :\nTitulaire : Mme Evelyne DUHOO\nSuppl\u00e9ant : Mme Evelyne TISSOT\nArt. 2 : Les membres de la commission de contr\u00f4le charg\u00e9e de la r\u00e9gularit\u00e9 des listes \u00e9lectorales sont d\u00e9sign\u00e9s pour trois ans.\nArt. 3 :  L'arr\u00eat\u00e9 en date du 11/01/21 portant nomination des membres de la commission de contr\u00f4le charg\u00e9e de la r\u00e9gularit\u00e9 des listes\n\u00e9lectorales de BREVILLE SUR MER est abrog\u00e9.\nSign\u00e9 : Pour le Pr\u00e9fet, le Sous-Pr\u00e9fet d'Avranches : Pierre CHAULEUR\n\uf0bf\nArr\u00eat\u00e9 du 11 juillet 2023 portant nomination des membres de la commission de contr\u00f4le charg\u00e9e de la r\u00e9gularit\u00e9 des listes \u00e9lectorales\ndans la commune de BROUAINS (communes de moins de 1 000 habitants et assimil\u00e9es)\nConsid\u00e9rant qu'il convient de nommer, dans chaque commune, les membres de la commission de contr\u00f4le charg\u00e9e de la r\u00e9gularit\u00e9 des listes\n\u00e9lectorales pour une dur\u00e9e de trois ans et apr\u00e8s chaque renouvellement int\u00e9gral du conseil municipal,\nArt. 1 : La commission de contr\u00f4le, institu\u00e9e dans la commune de BROUAINS, est compos\u00e9e comme suit :\nConseiller municipal :\nTitulaire : M. Marc DUBOIS\nSuppl\u00e9ant : M. Jean-Luc JARDIN\nD\u00e9l\u00e9gu\u00e9 de l'administration :\nTitulaire : M. Andr\u00e9 LECORDIER\nSuppl\u00e9ant : M. Philippe BOCKELANDT\nD\u00e9l\u00e9gu\u00e9 du tribunal :\nTitulaire : Mme Brigitte LETHUILLIER\nSuppl\u00e9ant : Mme Ellyn GARDIEN\nArt. 2 : Les membres de la commission de contr\u00f4le charg\u00e9e de la r\u00e9gularit\u00e9 des listes \u00e9lectorales sont d\u00e9sign\u00e9s pour trois ans.\nArt. 3 :  L'arr\u00eat\u00e9 en date du 11/01/21 portant nomination des membres de la commission de contr\u00f4le charg\u00e9e de la r\u00e9gularit\u00e9 des listes\n\u00e9lectorales de BROUAINS est abrog\u00e9.\nSign\u00e9 : Pour le Pr\u00e9fet, le Sous-Pr\u00e9fet d'Avranches : Pierre CHAULEUR\n\uf0bf\nArr\u00eat\u00e9 du 11 juillet 2023 portant nomination des membres de la commission de contr\u00f4le charg\u00e9e de la r\u00e9gularit\u00e9 des listes \u00e9lectorales\ndans la commune de BUAIS-LES MONTS (communes de moins de 1 000 habitants et assimil\u00e9es)\nConsid\u00e9rant qu'il convient de nommer, dans chaque commune, les membres de la commission de contr\u00f4le charg\u00e9e de la r\u00e9gularit\u00e9 des listes\n\u00e9lectorales pour une dur\u00e9e de trois ans et apr\u00e8s chaque renouvellement int\u00e9gral du conseil municipal,\nArt. 1 : La commission de contr\u00f4le, institu\u00e9e dans la commune de BUAIS-LES MONTS, est compos\u00e9e comme suit :\nConseiller municipal :\nTitulaire : Mme Solange PARIS\nSuppl\u00e9ant : N\u00e9ant\nD\u00e9l\u00e9gu\u00e9 de l'administration :\nTitulaire : Mme Bernadette FOISNET\nSuppl\u00e9ant : N\u00e9ant\nD\u00e9l\u00e9gu\u00e9 du tribunal :\nTitulaire : M. G\u00e9rard TREHET\nSuppl\u00e9ant : N\u00e9ant\nArt. 2 : Les membres de la commission de contr\u00f4le charg\u00e9e de la r\u00e9gularit\u00e9 des listes \u00e9lectorales sont d\u00e9sign\u00e9s pour trois ans.\nArt. 3 :  L'arr\u00eat\u00e9 en date du 11/01/21 portant nomination des membres de la commission de contr\u00f4le charg\u00e9e de la r\u00e9gularit\u00e9 des listes\n\u00e9lectorales de BUAIS-LES MONTS est abrog\u00e9.\nSign\u00e9 : Pour le Pr\u00e9fet, le Sous-Pr\u00e9fet d'Avranches : Pierre CHAULEUR\n\uf0bf\nArr\u00eat\u00e9 du 11 juillet 2023 portant nomination des membres de la commission de contr\u00f4le charg\u00e9e de la r\u00e9gularit\u00e9 des listes \u00e9lectorales\ndans la commune de CAROLLES (communes de moins de 1 000 habitants et assimil\u00e9es)\nConsid\u00e9rant qu'il convient de nommer, dans chaque commune, les membres de la commission de contr\u00f4le charg\u00e9e de la r\u00e9gularit\u00e9 des listes\n\u00e9lectorales pour une dur\u00e9e de trois ans et apr\u00e8s chaque renouvellement int\u00e9gral du conseil municipal,\nArt. 1 : La commission de contr\u00f4le, institu\u00e9e dans la commune de CAROLLES, est compos\u00e9e comme suit :\nConseiller municipal :\nTitulaire : M. Georges LOURDAIS\nSuppl\u00e9ant : M. Laurent TOURY\nD\u00e9l\u00e9gu\u00e9 de l'administration :\nTitulaire : Mme Catherine BOYER\nSuppl\u00e9ant : M. Didier TRIPARD\nD\u00e9l\u00e9gu\u00e9 du tribunal :\nTitulaire : M. Jean-Pierre LEMESNIL\nSuppl\u00e9ant : Mme Caroline ZVEGUINTZOFF\nArt. 2 : Les membres de la commission de contr\u00f4le charg\u00e9e de la r\u00e9gularit\u00e9 des listes \u00e9lectorales sont d\u00e9sign\u00e9s pour trois ans.\nArt. 3 :  L'arr\u00eat\u00e9 en date du 11/01/21 portant nomination des membres de la commission de contr\u00f4le charg\u00e9e de la r\u00e9gularit\u00e9 des listes\n\u00e9lectorales de CAROLLES est abrog\u00e9.\nSign\u00e9 : Pour le Pr\u00e9fet, le Sous-Pr\u00e9fet d'Avranches : Pierre CHAULEUR\n\uf0bf\nArr\u00eat\u00e9 du 11 juillet 2023 portant nomination des membres de la commission de contr\u00f4le charg\u00e9e de la r\u00e9gularit\u00e9 des listes \u00e9lectorales\ndans la commune de CEAUX (communes de moins de 1 000 habitants et assimil\u00e9es)\nConsid\u00e9rant qu'il convient de nommer, dans chaque commune, les membres de la commission de contr\u00f4le charg\u00e9e de la r\u00e9gularit\u00e9 des listes\n\u00e9lectorales pour une dur\u00e9e de trois ans et apr\u00e8s chaque renouvellement int\u00e9gral du conseil municipal,\nArt. 1 : La commission de contr\u00f4le, institu\u00e9e dans la commune de CEAUX, est compos\u00e9e comme suit :\nConseiller municipal :\nTitulaire : Mme C\u00e9line HOURDIN\nSuppl\u00e9ant : Mme Ang\u00e9lique BIGOT \nD\u00e9l\u00e9gu\u00e9 de l'administration :\nTitulaire : M. Herv\u00e9 LELIEVRE \nSuppl\u00e9ant : Mme Catherine THIEURMEL\nD\u00e9l\u00e9gu\u00e9 du tribunal :\nTitulaire : Mme Fran\u00e7oise JUIN\nSuppl\u00e9ant : M. Jo\u00ebl LECENNE\nArt. 2 : Les membres de la commission de contr\u00f4le charg\u00e9e de la r\u00e9gularit\u00e9 des listes \u00e9lectorales sont d\u00e9sign\u00e9s pour trois ans.\nArt. 3 :  L'arr\u00eat\u00e9 en date du 11/01/21 portant nomination des membres de la commission de contr\u00f4le charg\u00e9e de la r\u00e9gularit\u00e9 des listes\n\u00e9lectorales de CEAUX est abrog\u00e9.\nSign\u00e9 : Pour le Pr\u00e9fet, le Sous-Pr\u00e9fet d'Avranches : Pierre CHAULEUR\n\uf0bf\nArr\u00eat\u00e9 du 11 juillet 2023 portant nomination des membres de la commission de contr\u00f4le charg\u00e9e de la r\u00e9gularit\u00e9 des listes \u00e9lectorales\ndans la commune de CHAMPEAUX (communes de moins de 1 000 habitants et assimil\u00e9es)\nConsid\u00e9rant qu'il convient de nommer, dans chaque commune, les membres de la commission de contr\u00f4le charg\u00e9e de la r\u00e9gularit\u00e9 des listes\n\u00e9lectorales pour une dur\u00e9e de trois ans et apr\u00e8s chaque renouvellement int\u00e9gral du conseil municipal,\nArt. 1 : La commission de contr\u00f4le, institu\u00e9e dans la commune de CHAMPEAUX, est compos\u00e9e comme suit :\nConseiller municipal :\nTitulaire : Mme Sophie PAGES\nSuppl\u00e9ant : Mme Dominique SEZILLE\nD\u00e9l\u00e9gu\u00e9 de l'administration :\nTitulaire : Mme Yvonne LETHIMONNIER\nSuppl\u00e9ant : N\u00e9ant\nD\u00e9l\u00e9gu\u00e9 du tribunal :\nTitulaire : Mme Denise LEGATHE\nSuppl\u00e9ant : Mme Dani\u00e8le LANCRENON\nArt. 2 : Les membres de la commission de contr\u00f4le charg\u00e9e de la r\u00e9gularit\u00e9 des listes \u00e9lectorales sont d\u00e9sign\u00e9s pour trois ans.\nArt. 3 :  L'arr\u00eat\u00e9 en date du 26/01/21 portant nomination des membres de la commission de contr\u00f4le charg\u00e9e de la r\u00e9gularit\u00e9 des listes\n\u00e9lectorales de CHAMPEAUX est abrog\u00e9.\nSign\u00e9 : Pour le Pr\u00e9fet, le Sous-Pr\u00e9fet d'Avranches : Pierre CHAULEUR\n\uf0bf\nArr\u00eat\u00e9 du 11 juillet 2023 portant nomination des membres de la commission de contr\u00f4le charg\u00e9e de la r\u00e9gularit\u00e9 des listes \u00e9lectorales\ndans la commune de CHANTELOUP (communes de moins de 1 000 habitants et assimil\u00e9es)\nConsid\u00e9rant qu'il convient de nommer, dans chaque commune, les membres de la commission de contr\u00f4le charg\u00e9e de la r\u00e9gularit\u00e9 des listes\n\u00e9lectorales pour une dur\u00e9e de trois ans et apr\u00e8s chaque renouvellement int\u00e9gral du conseil municipal,\nArt. 1 : La commission de contr\u00f4le, institu\u00e9e dans la commune de CHANTELOUP, est compos\u00e9e comme suit :\nConseiller municipal :\nTitulaire : M. Jacky MAHE\nSuppl\u00e9ant : N\u00e9ant\nD\u00e9l\u00e9gu\u00e9 de l'administration :\nTitulaire : M. Michel ROBINNE\nSuppl\u00e9ant : N\u00e9ant\nD\u00e9l\u00e9gu\u00e9 du tribunal :\nTitulaire : Mme Fran\u00e7oise VIGOT\nSuppl\u00e9ant : N\u00e9ant\nArt. 2 : Les membres de la commission de contr\u00f4le charg\u00e9e de la r\u00e9gularit\u00e9 des listes \u00e9lectorales sont d\u00e9sign\u00e9s pour trois ans.\nArt. 3 :  L'arr\u00eat\u00e9 en date du 11/01/21 portant nomination des membres de la commission de contr\u00f4le charg\u00e9e de la r\u00e9gularit\u00e9 des listes\n\u00e9lectorales de CHANTELOUP est abrog\u00e9.\nSign\u00e9 : Pour le Pr\u00e9fet, le Sous-Pr\u00e9fet d'Avranches : Pierre CHAULEUR\n\uf0bf\nArr\u00eat\u00e9 du 11 juillet 2023 portant nomination des membres de la commission de contr\u00f4le charg\u00e9e de la r\u00e9gularit\u00e9 des listes \u00e9lectorales\ndans la commune de CHAULIEU (communes de moins de 1 000 habitants et assimil\u00e9es)\nConsid\u00e9rant qu'il convient de nommer, dans chaque commune, les membres de la commission de contr\u00f4le charg\u00e9e de la r\u00e9gularit\u00e9 des listes\n\u00e9lectorales pour une dur\u00e9e de trois ans et apr\u00e8s chaque renouvellement int\u00e9gral du conseil municipal,\nArt. 1 : La commission de contr\u00f4le, institu\u00e9e dans la commune de CHAULIEU, est compos\u00e9e comme suit :\nConseiller municipal :\nTitulaire : Mme Agn\u00e8s JUGE \nSuppl\u00e9ant : N\u00e9ant\nD\u00e9l\u00e9gu\u00e9 de l'administration :\nTitulaire : Mme Nelly ROUSSEL\nSuppl\u00e9ant : N\u00e9ant\nD\u00e9l\u00e9gu\u00e9 du tribunal :\nTitulaire : Mme Marie-France VAULEGEARD\nSuppl\u00e9ant : N\u00e9ant\nArt. 2 : Les membres de la commission de contr\u00f4le charg\u00e9e de la r\u00e9gularit\u00e9 des listes \u00e9lectorales sont d\u00e9sign\u00e9s pour trois ans.\nArt. 3 :  L'arr\u00eat\u00e9 en date du 11/01/21 portant nomination des membres de la commission de contr\u00f4le charg\u00e9e de la r\u00e9gularit\u00e9 des listes\n\u00e9lectorales de CHAULIEU est abrog\u00e9.\nSign\u00e9 : Pour le Pr\u00e9fet, le Sous-Pr\u00e9fet d'Avranches : Pierre CHAULEUR\n\uf0bf\nArr\u00eat\u00e9 du 11 juillet 2023 portant nomination des membres de la commission de contr\u00f4le charg\u00e9e de la r\u00e9gularit\u00e9 des listes \u00e9lectorales\ndans la commune de CHAVOY (communes de moins de 1 000 habitants et assimil\u00e9es)\nConsid\u00e9rant qu'il convient de nommer, dans chaque commune, les membres de la commission de contr\u00f4le charg\u00e9e de la r\u00e9gularit\u00e9 des listes\n\u00e9lectorales pour une dur\u00e9e de trois ans et apr\u00e8s chaque renouvellement int\u00e9gral du conseil municipal,\nArt. 1 : La commission de contr\u00f4le, institu\u00e9e dans la commune de CHAVOY, est compos\u00e9e comme suit :\nConseiller municipal :\nTitulaire : Mme Alexandra LEBAILLY\nSuppl\u00e9ant : Mme Gwenaelle CORNILLE\nD\u00e9l\u00e9gu\u00e9 de l'administration :\nTitulaire : M. Eric BOISIVON\nSuppl\u00e9ant : Mme St\u00e9phanie  COUETIL\nD\u00e9l\u00e9gu\u00e9 du tribunal :\nTitulaire : \nSuppl\u00e9ant : \nArt. 2 : Les membres de la commission de contr\u00f4le charg\u00e9e de la r\u00e9gularit\u00e9 des listes \u00e9lectorales sont d\u00e9sign\u00e9s pour trois ans.\nArt. 3 :  L'arr\u00eat\u00e9 en date du 13/01/21 portant nomination des membres de la commission de contr\u00f4le charg\u00e9e de la r\u00e9gularit\u00e9 des listes\n\u00e9lectorales de CHAVOY est abrog\u00e9.\nSign\u00e9 : Pour le Pr\u00e9fet, le Sous-Pr\u00e9fet d'Avranches : Pierre CHAULEUR\n\uf0bf\nArr\u00eat\u00e9 du 11 juillet 2023 portant nomination des membres de la commission de contr\u00f4le charg\u00e9e de la r\u00e9gularit\u00e9 des listes \u00e9lectorales\ndans la commune de COUDEVILLE SUR MER (communes de moins de 1 000 habitants et assimil\u00e9es)\nConsid\u00e9rant qu'il convient de nommer, dans chaque commune, les membres de la commission de contr\u00f4le charg\u00e9e de la r\u00e9gularit\u00e9 des listes\n\u00e9lectorales pour une dur\u00e9e de trois ans et apr\u00e8s chaque renouvellement int\u00e9gral du conseil municipal,\nArt. 1 : La commission de contr\u00f4le, institu\u00e9e dans la commune de COUDEVILLE SUR MER, est compos\u00e9e comme suit :\nConseiller municipal :\nTitulaire : M. Herv\u00e9 NOEL\nSuppl\u00e9ant : Mme Fran\u00e7oise QUATANNENS\nD\u00e9l\u00e9gu\u00e9 de l'administration :\nTitulaire : Mme Fran\u00e7oise HOLLANDE \nSuppl\u00e9ant : Mme Claudine DEMUTRECY\nD\u00e9l\u00e9gu\u00e9 du tribunal :\nTitulaire : Mme Ludivine MARIE\nSuppl\u00e9ant : \nArt. 2 : Les membres de la commission de contr\u00f4le charg\u00e9e de la r\u00e9gularit\u00e9 des listes \u00e9lectorales sont d\u00e9sign\u00e9s pour trois ans.\nArt. 3 :  L'arr\u00eat\u00e9 en date du 11/01/21 portant nomination des membres de la commission de contr\u00f4le charg\u00e9e de la r\u00e9gularit\u00e9 des listes\n\u00e9lectorales de COUDEVILLE SUR MER est abrog\u00e9.\nSign\u00e9 : Pour le Pr\u00e9fet, le Sous-Pr\u00e9fet d'Avranches : Pierre CHAULEUR\n\uf0bf\nArr\u00eat\u00e9 du 11 juillet 2023 portant nomination des membres de la commission de contr\u00f4le charg\u00e9e de la r\u00e9gularit\u00e9 des listes \u00e9lectorales\ndans la commune de COULOUVRAY-BOISBENATRE (communes de moins de 1 000 habitants et assimil\u00e9es)\nConsid\u00e9rant qu'il convient de nommer, dans chaque commune, les membres de la commission de contr\u00f4le charg\u00e9e de la r\u00e9gularit\u00e9 des listes\n\u00e9lectorales pour une dur\u00e9e de trois ans et apr\u00e8s chaque renouvellement int\u00e9gral du conseil municipal,\nArt. 1 : La commission de contr\u00f4le, institu\u00e9e dans la commune de COULOUVRAY-BOISBENATRE, est compos\u00e9e comme suit :\nConseiller municipal :\nTitulaire : Mme Magalie AUVRAY\nSuppl\u00e9ant : M. Olivier MARIETTE \nD\u00e9l\u00e9gu\u00e9 de l'administration :\nTitulaire : Mme Mich\u00e8le LETELLIER\nSuppl\u00e9ant : M. G\u00e9rard CHAPDELAINE\nD\u00e9l\u00e9gu\u00e9 du tribunal :\nTitulaire : Mme Adeline ENAUX\nSuppl\u00e9ant : M. Lionel HONORE\nArt. 2 : Les membres de la commission de contr\u00f4le charg\u00e9e de la r\u00e9gularit\u00e9 des listes \u00e9lectorales sont d\u00e9sign\u00e9s pour trois ans.\nArt. 3 :  L'arr\u00eat\u00e9 en date du 11/01/21 portant nomination des membres de la commission de contr\u00f4le charg\u00e9e de la r\u00e9gularit\u00e9 des listes\n\u00e9lectorales de COULOUVRAY-BOISBENATRE est abrog\u00e9.\nSign\u00e9 : Pour le Pr\u00e9fet, le Sous-Pr\u00e9fet d'Avranches : Pierre CHAULEUR\n\uf0bf\nArr\u00eat\u00e9 du 11 juillet 2023 portant nomination des membres de la commission de contr\u00f4le charg\u00e9e de la r\u00e9gularit\u00e9 des listes \u00e9lectorales\ndans la commune de COURTILS (communes de moins de 1 000 habitants et assimil\u00e9es)\nConsid\u00e9rant qu'il convient de nommer, dans chaque commune, les membres de la commission de contr\u00f4le charg\u00e9e de la r\u00e9gularit\u00e9 des listes\n\u00e9lectorales pour une dur\u00e9e de trois ans et apr\u00e8s chaque renouvellement int\u00e9gral du conseil municipal,\nArt. 1 : La commission de contr\u00f4le, institu\u00e9e dans la commune de COURTILS, est compos\u00e9e comme suit :\nConseiller municipal :\nTituaire : M. Jean-Fran\u00e7ois GAILLARD\nSuppl\u00e9ant : Mme Aurore POLFLIET\nD\u00e9l\u00e9gu\u00e9 de l'administration :\nTitulaire : M. G\u00e9rard CHAUVOIS\nSuppl\u00e9ant : M. Ren\u00e9 SEGOUIN \nD\u00e9l\u00e9gu\u00e9 du tribunal :\nTitulaire : M. Jean-Yves TEISSIER\nSuppl\u00e9ant : M. G\u00e9rard CORNILLE\nArt. 2 : Les membres de la commission de contr\u00f4le charg\u00e9e de la r\u00e9gularit\u00e9 des listes \u00e9lectorales sont d\u00e9sign\u00e9s pour trois ans.\nArtilcle 3 \u2013 L'arr\u00eat\u00e9 en date du 11/01/21 portant nomination des membres de la commission de contr\u00f4le charg\u00e9e de la r\u00e9gularit\u00e9 des listes\n\u00e9lectorales de COURTILS est abrog\u00e9.\nSign\u00e9 : Pour le Pr\u00e9fet, le Sous-Pr\u00e9fet d'Avranches : Pierre CHAULEUR\n\uf0bf\nArr\u00eat\u00e9 du 11 juillet 2023 portant nomination des membres de la commission de contr\u00f4le charg\u00e9e de la r\u00e9gularit\u00e9 des listes \u00e9lectorales\ndans la commune de CROLLON (communes de moins de 1 000 habitants et assimil\u00e9es)\nConsid\u00e9rant qu'il convient de nommer, dans chaque commune, les membres de la commission de contr\u00f4le charg\u00e9e de la r\u00e9gularit\u00e9 des listes\n\u00e9lectorales pour une dur\u00e9e de trois ans et apr\u00e8s chaque renouvellement int\u00e9gral du conseil municipal,\nArt. 1 : La commission de contr\u00f4le, institu\u00e9e dans la commune de CROLLON, est compos\u00e9e comme suit :\nConseiller municipal :\nTitulaire : Mme Fran\u00e7oise REVEIL\nSuppl\u00e9ant : M. Nicolas LEROY\nD\u00e9l\u00e9gu\u00e9 de l'administration :\nTitulaire : M.  Fran\u00e7ois HARDY\nSuppl\u00e9ant : Mme Maryvonne BOUTELOUP\nD\u00e9l\u00e9gu\u00e9 du tribunal :\nTitulaire : M. David HARDY\nSuppl\u00e9ant : M. Claude BLOUIN\nArt. 2 : Les membres de la commission de contr\u00f4le charg\u00e9e de la r\u00e9gularit\u00e9 des listes \u00e9lectorales sont d\u00e9sign\u00e9s pour trois ans.\nArt. 3 :  L'arr\u00eat\u00e9 en date du 11/01/21 portant nomination des membres de la commission de contr\u00f4le charg\u00e9e de la r\u00e9gularit\u00e9 des listes\n\u00e9lectorales de CROLLON est abrog\u00e9.\nSign\u00e9 : Pour le Pr\u00e9fet, le Sous-Pr\u00e9fet d'Avranches : Pierre CHAULEUR\n\uf0bf\nArr\u00eat\u00e9 du 11 juillet 2023 portant nomination des membres de la commission de contr\u00f4le charg\u00e9e de la r\u00e9gularit\u00e9 des listes \u00e9lectorales\ndans la commune de CUVES (communes de moins de 1 000 habitants et assimil\u00e9es)\nConsid\u00e9rant qu'il convient de nommer, dans chaque commune, les membres de la commission de contr\u00f4le charg\u00e9e de la r\u00e9gularit\u00e9 des listes\n\u00e9lectorales pour une dur\u00e9e de trois ans et apr\u00e8s chaque renouvellement int\u00e9gral du conseil municipal,\nArt. 1 : La commission de contr\u00f4le, institu\u00e9e dans la commune de CUVES, est compos\u00e9e comme suit :\nConseiller municipal :\nTitulaire : M. Christian LECOURT\nSuppl\u00e9ant : N\u00e9ant\nD\u00e9l\u00e9gu\u00e9 de l'administration :\nTitulaire : Mme Odile JEANNE\nSuppl\u00e9ant : M. Lo\u00efc AUVRE\nD\u00e9l\u00e9gu\u00e9 du tribunal :\nTitulaire : Mme Marie-Fran\u00e7oise BARBOT\nSuppl\u00e9ant : M. Louis LEGUILLON\nArt. 2 : Les membres de la commission de contr\u00f4le charg\u00e9e de la r\u00e9gularit\u00e9 des listes \u00e9lectorales sont d\u00e9sign\u00e9s pour trois ans.\nArt. 3 :  L'arr\u00eat\u00e9 en date du 11/01/21 portant nomination des membres de la commission de contr\u00f4le charg\u00e9e de la r\u00e9gularit\u00e9 des listes\n\u00e9lectorales de CUVES est abrog\u00e9.\nSign\u00e9 : Pour le Pr\u00e9fet, le Sous-Pr\u00e9fet d'Avranches : Pierre CHAULEUR\n\uf0bf\nArr\u00eat\u00e9 du 11 juillet 2023 portant nomination des membres de la commission de contr\u00f4le charg\u00e9e de la r\u00e9gularit\u00e9 des listes \u00e9lectorales\ndans la commune de DRAGEY-RONTHON (communes de moins de 1 000 habitants et assimil\u00e9es)\nConsid\u00e9rant qu'il convient de nommer, dans chaque commune, les membres de la commission de contr\u00f4le charg\u00e9e de la r\u00e9gularit\u00e9 des listes\n\u00e9lectorales pour une dur\u00e9e de trois ans et apr\u00e8s chaque renouvellement int\u00e9gral du conseil municipal,\nArt. 1 : La commission de contr\u00f4le, institu\u00e9e dans la commune de DRAGEY-RONTHON, est compos\u00e9e comme suit :\nConseiller municipal :\nTitulaire : Mme Michelle LEMARCHAND\nSuppl\u00e9ant : Mme Sophie MOUCHEL DIT MUSCADIN\nD\u00e9l\u00e9gu\u00e9 de l'administration :\nTitulaire : M. St\u00e9phane HONORE\nSuppl\u00e9ant : Mme Monique CACQUEVEL\nD\u00e9l\u00e9gu\u00e9 du tribunal :\nTitulaire : Mme Marie-Ange BAILBLED\nSuppl\u00e9ant : Mme M\u00e9linda QUAY\nArt. 2 : Les membres de la commission de contr\u00f4le charg\u00e9e de la r\u00e9gularit\u00e9 des listes \u00e9lectorales sont d\u00e9sign\u00e9s pour trois ans.\nArt. 3 :  L'arr\u00eat\u00e9 en date du 11/01/21 portant nomination des membres de la commission de contr\u00f4le charg\u00e9e de la r\u00e9gularit\u00e9 des listes\n\u00e9lectorales de DRAGEY-RONTHON est abrog\u00e9.\nSign\u00e9 : Pour le Pr\u00e9fet, le Sous-Pr\u00e9fet d'Avranches : Pierre CHAULEUR\n\uf0bf\nArr\u00eat\u00e9 du 11 juillet 2023 portant nomination des membres de la commission de contr\u00f4le charg\u00e9e de la r\u00e9gularit\u00e9 des listes \u00e9lectorales\ndans la commune de EQUILLY (communes de moins de 1 000 habitants et assimil\u00e9es)\nConsid\u00e9rant qu'il convient de nommer, dans chaque commune, les membres de la commission de contr\u00f4le charg\u00e9e de la r\u00e9gularit\u00e9 des listes\n\u00e9lectorales pour une dur\u00e9e de trois ans et apr\u00e8s chaque renouvellement int\u00e9gral du conseil municipal,\nArt. 1 : La commission de contr\u00f4le, institu\u00e9e dans la commune de EQUILLY, est compos\u00e9e comme suit :\nConseiller municipal :\nTitulaire : Mme Ludivine COFFRE\nSuppl\u00e9ant : N\u00e9ant\nD\u00e9l\u00e9gu\u00e9 de l'administration :\nTitulaire : M. Jean-Pierre BALLART\nSuppl\u00e9ant : N\u00e9ant\nD\u00e9l\u00e9gu\u00e9 du tribunal :\nTitulaire : Mme Marie-Anne FRETEL\nSuppl\u00e9ant : Mme Michelle BLONDELLE\nArt. 2 : Les membres de la commission de contr\u00f4le charg\u00e9e de la r\u00e9gularit\u00e9 des listes \u00e9lectorales sont d\u00e9sign\u00e9s pour trois ans.\nArt. 3 :  L'arr\u00eat\u00e9 en date du 11/01/21 portant nomination des membres de la commission de contr\u00f4le charg\u00e9e de la r\u00e9gularit\u00e9 des listes\n\u00e9lectorales de EQUILLY est abrog\u00e9.\nSign\u00e9 : Pour le Pr\u00e9fet, le Sous-Pr\u00e9fet d'Avranches : Pierre CHAULEUR\n\uf0bf\nArr\u00eat\u00e9 du 11 juillet 2023 portant nomination des membres de la commission de contr\u00f4le charg\u00e9e de la r\u00e9gularit\u00e9 des listes \u00e9lectorales\ndans la commune de GATHEMO (communes de moins de 1 000 habitants et assimil\u00e9es)\nConsid\u00e9rant qu'il convient de nommer, dans chaque commune, les membres de la commission de contr\u00f4le charg\u00e9e de la r\u00e9gularit\u00e9 des listes\n\u00e9lectorales pour une dur\u00e9e de trois ans et apr\u00e8s chaque renouvellement int\u00e9gral du conseil municipal,\nArt. 1 : La commission de contr\u00f4le, institu\u00e9e dans la commune de GATHEMO, est compos\u00e9e comme suit :\nConseiller municipal :\nTitulaire : mail le 07/06\nSuppl\u00e9ant : \nD\u00e9l\u00e9gu\u00e9 de l'administration :\nTitulaire : \nSuppl\u00e9ant : \nD\u00e9l\u00e9gu\u00e9 du tribunal :\nTitulaire : \nSuppl\u00e9ant : \nArt. 2 : Les membres de la commission de contr\u00f4le charg\u00e9e de la r\u00e9gularit\u00e9 des listes \u00e9lectorales sont d\u00e9sign\u00e9s pour trois ans.\nArt. 3 :  L'arr\u00eat\u00e9 en date du 11/01/21 portant nomination des membres de la commission de contr\u00f4le charg\u00e9e de la r\u00e9gularit\u00e9 des listes\n\u00e9lectorales de GATHEMO est abrog\u00e9.\nSign\u00e9 : Pour le Pr\u00e9fet, le Sous-Pr\u00e9fet d'Avranches : Pierre CHAULEUR\n\uf0bf\nArr\u00eat\u00e9 du 11 juillet 2023 portant nomination des membres de la commission de contr\u00f4le charg\u00e9e de la r\u00e9gularit\u00e9 des listes \u00e9lectorales\ndans la commune de GENETS (communes de moins de 1 000 habitants et assimil\u00e9es)\nConsid\u00e9rant qu'il convient de nommer, dans chaque commune, les membres de la commission de contr\u00f4le charg\u00e9e de la r\u00e9gularit\u00e9 des listes\n\u00e9lectorales pour une dur\u00e9e de trois ans et apr\u00e8s chaque renouvellement int\u00e9gral du conseil municipal,\nArt. 1 : La commission de contr\u00f4le, institu\u00e9e dans la commune de GENETS, est compos\u00e9e comme suit :\nConseiller municipal :\nTitulaire : mail le 07/06\nSuppl\u00e9ant : \nD\u00e9l\u00e9gu\u00e9 de l'administration :\nTitulaire : \nSuppl\u00e9ant : \nD\u00e9l\u00e9gu\u00e9 du tribunal :\nTitulaire : \nSuppl\u00e9ant : \nArt. 2 : Les membres de la commission de contr\u00f4le charg\u00e9e de la r\u00e9gularit\u00e9 des listes \u00e9lectorales sont d\u00e9sign\u00e9s pour trois ans.\nArt. 3 :  L'arr\u00eat\u00e9 en date du 11/01/21 portant nomination des membres de la commission de contr\u00f4le charg\u00e9e de la r\u00e9gularit\u00e9 des listes\n\u00e9lectorales de GENETS est abrog\u00e9.\nSign\u00e9 : Pour le Pr\u00e9fet, le Sous-Pr\u00e9fet d'Avranches : Pierre CHAULEUR\n\uf0bf\nArr\u00eat\u00e9 du 11 juillet 2023 portant nomination des membres de la commission de contr\u00f4le charg\u00e9e de la r\u00e9gularit\u00e9 des listes \u00e9lectorales\ndans la commune de GER (communes de moins de 1 000 habitants et assimil\u00e9es)\nConsid\u00e9rant qu'il convient de nommer, dans chaque commune, les membres de la commission de contr\u00f4le charg\u00e9e de la r\u00e9gularit\u00e9 des listes\n\u00e9lectorales pour une dur\u00e9e de trois ans et apr\u00e8s chaque renouvellement int\u00e9gral du conseil municipal,\nArt. 1 : La commission de contr\u00f4le, institu\u00e9e dans la commune de GER, est compos\u00e9e comme suit :\nConseiller municipal :\nTitulaire : M. Jean-Louis L'HUISSIER\nSuppl\u00e9ant : M. Gilbert FOUILLEUL\nD\u00e9l\u00e9gu\u00e9 de l'administration :\nTitulaire : M. Claude GOGUET\nSuppl\u00e9ant : Mme Fran\u00e7oise FORTIN\nD\u00e9l\u00e9gu\u00e9 du tribunal :\nTitulaire : M. Raymond DESDOITS\nSuppl\u00e9ant : M. G\u00e9rard COUILLARD\nArt. 2 : Les membres de la commission de contr\u00f4le charg\u00e9e de la r\u00e9gularit\u00e9 des listes \u00e9lectorales sont d\u00e9sign\u00e9s pour trois ans.\nArt. 3 :  L'arr\u00eat\u00e9 en date du 11/01/21 portant nomination des membres de la commission de contr\u00f4le charg\u00e9e de la r\u00e9gularit\u00e9 des listes\n\u00e9lectorales de GER est abrog\u00e9.\nSign\u00e9 : Pour le Pr\u00e9fet, le Sous-Pr\u00e9fet d'Avranches : Pierre CHAULEUR\n\uf0bf\nArr\u00eat\u00e9 du 11 juillet 2023 portant nomination des membres de la commission de contr\u00f4le charg\u00e9e de la r\u00e9gularit\u00e9 des listes \u00e9lectorales\ndans la commune de HAMELIN (communes de moins de 1 000 habitants et assimil\u00e9es)\nConsid\u00e9rant qu'il convient de nommer, dans chaque commune, les membres de la commission de contr\u00f4le charg\u00e9e de la r\u00e9gularit\u00e9 des listes\n\u00e9lectorales pour une dur\u00e9e de trois ans et apr\u00e8s chaque renouvellement int\u00e9gral du conseil municipal,\nArt. 1 : La commission de contr\u00f4le, institu\u00e9e dans la commune de HAMELIN, est compos\u00e9e comme suit :\nConseiller municipal :\nTitulaire : M. Dominique BESLAY\nSuppl\u00e9ant : \nD\u00e9l\u00e9gu\u00e9 de l'administration :\nTitulaire : Mme Jeanne LE CAMPION\nSuppl\u00e9ant : M. Guy CHEVALLIER\nD\u00e9l\u00e9gu\u00e9 du tribunal :\nTitulaire : \nSuppl\u00e9ant : \nArt. 2 : Les membres de la commission de contr\u00f4le charg\u00e9e de la r\u00e9gularit\u00e9 des listes \u00e9lectorales sont d\u00e9sign\u00e9s pour trois ans.\nArt. 3 :  L'arr\u00eat\u00e9 en date du 02/06/21 portant nomination des membres de la commission de contr\u00f4le charg\u00e9e de la r\u00e9gularit\u00e9 des listes\n\u00e9lectorales de HAMELIN est abrog\u00e9.\nSign\u00e9 : Pour le Pr\u00e9fet, le Sous-Pr\u00e9fet d'Avranches : Pierre CHAULEUR\n\uf0bf\nArr\u00eat\u00e9 du 11 juillet 2023 portant nomination des membres de la commission de contr\u00f4le charg\u00e9e de la r\u00e9gularit\u00e9 des listes \u00e9lectorales\ndans la commune de HOCQUIGNY (communes de moins de 1 000 habitants et assimil\u00e9es)\nConsid\u00e9rant qu'il convient de nommer, dans chaque commune, les membres de la commission de contr\u00f4le charg\u00e9e de la r\u00e9gularit\u00e9 des listes\n\u00e9lectorales pour une dur\u00e9e de trois ans et apr\u00e8s chaque renouvellement int\u00e9gral du conseil municipal,\nArt. 1 : La commission de contr\u00f4le, institu\u00e9e dans la commune de HOCQUIGNY, est compos\u00e9e comme suit :\nConseiller municipal :\nTitulaire : M. Alain TETREL\nSuppl\u00e9ant : Mme Val\u00e9rie VAUTIER\nD\u00e9l\u00e9gu\u00e9 de l'administration :\nTitulaire : Mme Maryvonne LENOAN\nSuppl\u00e9ant : Mme Colette PINOT\nD\u00e9l\u00e9gu\u00e9 du tribunal :\nTitulaire : Mme Fran\u00e7oise MARIE\nSuppl\u00e9ant : M. Claude LENOAN\nArt. 2 : Les membres de la commission de contr\u00f4le charg\u00e9e de la r\u00e9gularit\u00e9 des listes \u00e9lectorales sont d\u00e9sign\u00e9s pour trois ans.\nArt. 3 :  L'arr\u00eat\u00e9 en date du 11/01/21 portant nomination des membres de la commission de contr\u00f4le charg\u00e9e de la r\u00e9gularit\u00e9 des listes\n\u00e9lectorales de HOCQUIGNY est abrog\u00e9.\nSign\u00e9 : Pour le Pr\u00e9fet, le Sous-Pr\u00e9fet d'Avranches : Pierre CHAULEUR\n\uf0bf\nArr\u00eat\u00e9 du 11 juillet 2023 portant nomination des membres de la commission de contr\u00f4le charg\u00e9e de la r\u00e9gularit\u00e9 des listes \u00e9lectorales\ndans la commune de HUDIMESNIL (communes de moins de 1 000 habitants et assimil\u00e9es)\nConsid\u00e9rant qu'il convient de nommer, dans chaque commune, les membres de la commission de contr\u00f4le charg\u00e9e de la r\u00e9gularit\u00e9 des listes\n\u00e9lectorales pour une dur\u00e9e de trois ans et apr\u00e8s chaque renouvellement int\u00e9gral du conseil municipal,\nArt. 1 : La commission de contr\u00f4le, institu\u00e9e dans la commune de HUDIMESNIL, est compos\u00e9e comme suit :\nConseiller municipal :\nTitulaire : \nSuppl\u00e9ant : \nD\u00e9l\u00e9gu\u00e9 de l'administration :\nTitulaire : \nSuppl\u00e9ant : \nD\u00e9l\u00e9gu\u00e9 du tribunal :\nTitulaire : \nSuppl\u00e9ant : \nArt. 2 : Les membres de la commission de contr\u00f4le charg\u00e9e de la r\u00e9gularit\u00e9 des listes \u00e9lectorales sont d\u00e9sign\u00e9s pour trois ans.\nArt. 3 :  L'arr\u00eat\u00e9 en date du 11/01/21 portant nomination des membres de la commission de contr\u00f4le charg\u00e9e de la r\u00e9gularit\u00e9 des listes\n\u00e9lectorales de HUDIMESNIL est abrog\u00e9.\nSign\u00e9 : Pour le Pr\u00e9fet, le Sous-Pr\u00e9fet d'Avranches : Pierre CHAULEUR\n\uf0bf\nArr\u00eat\u00e9 du 11 juillet 2023 portant nomination des membres de la commission de contr\u00f4le charg\u00e9e de la r\u00e9gularit\u00e9 des listes \u00e9lectorales\ndans la commune de HUISNES SUR MER (communes de moins de 1 000 habitants et assimil\u00e9es)\nConsid\u00e9rant qu'il convient de nommer, dans chaque commune, les membres de la commission de contr\u00f4le charg\u00e9e de la r\u00e9gularit\u00e9 des listes\n\u00e9lectorales pour une dur\u00e9e de trois ans et apr\u00e8s chaque renouvellement int\u00e9gral du conseil municipal,\nArt. 1 : La commission de contr\u00f4le, institu\u00e9e dans la commune de HUISNES SUR MER, est compos\u00e9e comme suit :\nConseiller municipal :\nTitulaire : M. Michel MURIEL\nSuppl\u00e9ant : Mme Catherine GAILLARDON\nD\u00e9l\u00e9gu\u00e9 de l'administration :\nTitulaire : M. Eug\u00e8ne TOUQUET\nSuppl\u00e9ant : Mme Colette LUME \nD\u00e9l\u00e9gu\u00e9 du tribunal :\nTitulaire : M. Eric ALIX\nSuppl\u00e9ant : Mme B\u00e9atrice RABASTE\nArt. 2 : Les membres de la commission de contr\u00f4le charg\u00e9e de la r\u00e9gularit\u00e9 des listes \u00e9lectorales sont d\u00e9sign\u00e9s pour trois ans.\nArt. 3 :  L'arr\u00eat\u00e9 en date du 11/01/21 portant nomination des membres de la commission de contr\u00f4le charg\u00e9e de la r\u00e9gularit\u00e9 des listes\n\u00e9lectorales de HUISNES SUR MER est abrog\u00e9.\nSign\u00e9 : Pour le Pr\u00e9fet, le Sous-Pr\u00e9fet d'Avranches : Pierre CHAULEUR\n\uf0bf\nArr\u00eat\u00e9 du 11 juillet 2023 portant nomination des membres de la commission de contr\u00f4le charg\u00e9e de la r\u00e9gularit\u00e9 des listes \u00e9lectorales\ndans la commune de JUILLEY (communes de moins de 1 000 habitants et assimil\u00e9es)\nConsid\u00e9rant qu'il convient de nommer, dans chaque commune, les membres de la commission de contr\u00f4le charg\u00e9e de la r\u00e9gularit\u00e9 des listes\n\u00e9lectorales pour une dur\u00e9e de trois ans et apr\u00e8s chaque renouvellement int\u00e9gral du conseil municipal,\nArt. 1 : La commission de contr\u00f4le, institu\u00e9e dans la commune de JUILLEY, est compos\u00e9e comme suit :\nConseiller municipal :\nTitulaire : M. Eric TRINCOT\nSuppl\u00e9ant : N\u00e9ant\nD\u00e9l\u00e9gu\u00e9 de l'administration :\nTitulaire : M. Gilbert PEPIN\nSuppl\u00e9ant : M. Daniel COSTENTIN\nD\u00e9l\u00e9gu\u00e9 du tribunal :\nTitulaire : M. Bruno LEMEE\nSuppl\u00e9ant : M. Christophe ROETYNCK\nArt. 2 : Les membres de la commission de contr\u00f4le charg\u00e9e de la r\u00e9gularit\u00e9 des listes \u00e9lectorales sont d\u00e9sign\u00e9s pour trois ans.\nArt. 3 :  L'arr\u00eat\u00e9 en date du 11/01/21 portant nomination des membres de la commission de contr\u00f4le charg\u00e9e de la r\u00e9gularit\u00e9 des listes\n\u00e9lectorales de JUILLEY est abrog\u00e9.\nSign\u00e9 : Pour le Pr\u00e9fet, le Sous-Pr\u00e9fet d'Avranches : Pierre CHAULEUR\n\uf0bf\nArr\u00eat\u00e9 du 11 juillet 2023 portant nomination des membres de la commission de contr\u00f4le charg\u00e9e de la r\u00e9gularit\u00e9 des listes \u00e9lectorales\ndans la commune de LA CHAISE-BAUDOUIN (communes de moins de 1 000 habitants et assimil\u00e9es)\nConsid\u00e9rant qu'il convient de nommer, dans chaque commune, les membres de la commission de contr\u00f4le charg\u00e9e de la r\u00e9gularit\u00e9 des listes\n\u00e9lectorales pour une dur\u00e9e de trois ans et apr\u00e8s chaque renouvellement int\u00e9gral du conseil municipal,\nArt. 1 : La commission de contr\u00f4le, institu\u00e9e dans la commune de LA CHAISE-BAUDOUIN, est compos\u00e9e comme suit :\nConseiller municipal :\nTitulaire : Mme Alexandra COSSE\nSuppl\u00e9ant : M. St\u00e9phane BUSSON\nD\u00e9l\u00e9gu\u00e9 de l'administration :\nTitulaire : M. Serge PICHARD\nSuppl\u00e9ant : M. Jean-Pierre RUAULT\nD\u00e9l\u00e9gu\u00e9 du tribunal :\nTitulaire : \nSuppl\u00e9ant : \nArt. 2 : Les membres de la commission de contr\u00f4le charg\u00e9e de la r\u00e9gularit\u00e9 des listes \u00e9lectorales sont d\u00e9sign\u00e9s pour trois ans.\nArt. 3 :  L'arr\u00eat\u00e9 en date du 11/01/21 portant nomination des membres de la commission de contr\u00f4le charg\u00e9e de la r\u00e9gularit\u00e9 des listes\n\u00e9lectorales de LA CHAISE-BAUDOUIN est abrog\u00e9.\nSign\u00e9 : Pour le Pr\u00e9fet, le Sous-Pr\u00e9fet d'Avranches : Pierre CHAULEUR\n\uf0bf\nArr\u00eat\u00e9 du 11 juillet 2023 portant nomination des membres de la commission de contr\u00f4le charg\u00e9e de la r\u00e9gularit\u00e9 des listes \u00e9lectorales\ndans la commune de LA CHAPELLE-CECELIN (communes de moins de 1 000 habitants et assimil\u00e9es)\nConsid\u00e9rant qu'il convient de nommer, dans chaque commune, les membres de la commission de contr\u00f4le charg\u00e9e de la r\u00e9gularit\u00e9 des listes\n\u00e9lectorales pour une dur\u00e9e de trois ans et apr\u00e8s chaque renouvellement int\u00e9gral du conseil municipal,\nArt. 1 : La commission de contr\u00f4le, institu\u00e9e dans la commune de LA CHAPELLE-CECELIN, est compos\u00e9e comme suit :\nConseiller municipal :\nTitulaire : Mme Brigitte CHISTEL\nSuppl\u00e9ant : M. Laurent BOURDON\nD\u00e9l\u00e9gu\u00e9 de l'administration :\nTitulaire : M. Jo\u00ebl SAVEY\nSuppl\u00e9ant : M. G\u00e9rard THOMAS\nD\u00e9l\u00e9gu\u00e9 du tribunal :\nTitulaire : Mme Jacqueline CHANCE\nSuppl\u00e9ant : M. G\u00e9rard THOMAS\nArt. 2 : Les membres de la commission de contr\u00f4le charg\u00e9e de la r\u00e9gularit\u00e9 des listes \u00e9lectorales sont d\u00e9sign\u00e9s pour trois ans.\nArt. 3 :  L'arr\u00eat\u00e9 en date du 11/01/21 portant nomination des membres de la commission de contr\u00f4le charg\u00e9e de la r\u00e9gularit\u00e9 des listes\n\u00e9lectorales de LA CHAPELLE-CECELIN est abrog\u00e9.\nSign\u00e9 : Pour le Pr\u00e9fet, le Sous-Pr\u00e9fet d'Avranches : Pierre CHAULEUR\n\uf0bf\nArr\u00eat\u00e9 du 11 juillet 2023 portant nomination des membres de la commission de contr\u00f4le charg\u00e9e de la r\u00e9gularit\u00e9 des listes \u00e9lectorales\ndans la commune de LA CHAPELLE-UREE (communes de moins de 1 000 habitants et assimil\u00e9es)\nConsid\u00e9rant qu'il convient de nommer, dans chaque commune, les membres de la commission de contr\u00f4le charg\u00e9e de la r\u00e9gularit\u00e9 des listes\n\u00e9lectorales pour une dur\u00e9e de trois ans et apr\u00e8s chaque renouvellement int\u00e9gral du conseil municipal,\nArt. 1 : La commission de contr\u00f4le, institu\u00e9e dans la commune de LA CHAPELLE-UREE, est compos\u00e9e comme suit :\nConseiller municipal :\nTitulaire : M. Jean-Louis PACILLY\nSuppl\u00e9ant : Mme Chlo\u00e9 POUPINET\nD\u00e9l\u00e9gu\u00e9 de l'administration :\nTitulaire : M. Bernard ROCHEFORT\nSuppl\u00e9ant : M. Micka\u00ebl LAISNEY\nD\u00e9l\u00e9gu\u00e9 du tribunal :\nTitulaire : M. Andr\u00e9 QUIRIN\nSuppl\u00e9ant : N\u00e9ant\nArt. 2 : Les membres de la commission de contr\u00f4le charg\u00e9e de la r\u00e9gularit\u00e9 des listes \u00e9lectorales sont d\u00e9sign\u00e9s pour trois ans.\nArt. 3 :  L'arr\u00eat\u00e9 en date du 11/01/21 portant nomination des membres de la commission de contr\u00f4le charg\u00e9e de la r\u00e9gularit\u00e9 des listes\n\u00e9lectorales de LA CHAPELLE-UREE est abrog\u00e9.\nSign\u00e9 : Pour le Pr\u00e9fet, le Sous-Pr\u00e9fet d'Avranches : Pierre CHAULEUR\n\uf0bf\nArr\u00eat\u00e9 du 11 juillet 2023 portant nomination des membres de la commission de contr\u00f4le charg\u00e9e de la r\u00e9gularit\u00e9 des listes \u00e9lectorales\ndans la commune de LA GODEFROY (communes de moins de 1 000 habitants et assimil\u00e9es)\nConsid\u00e9rant qu'il convient de nommer, dans chaque commune, les membres de la commission de contr\u00f4le charg\u00e9e de la r\u00e9gularit\u00e9 des listes\n\u00e9lectorales pour une dur\u00e9e de trois ans et apr\u00e8s chaque renouvellement int\u00e9gral du conseil municipal,\nArt. 1 : La commission de contr\u00f4le, institu\u00e9e dans la commune de LA GODEFROY, est compos\u00e9e comme suit :\nConseiller municipal :\nTitulaire : Mme Annick BOUCAUD\nSuppl\u00e9ant : M. Thomas AUCOUTURIER\nD\u00e9l\u00e9gu\u00e9 de l'administration :\nTitulaire : M. Daniel COUENNE\nSuppl\u00e9ant : M. Patrick GENAITAY \nD\u00e9l\u00e9gu\u00e9 du tribunal :\nTitulaire : \nSuppl\u00e9ant : \nArt. 2 : Les membres de la commission de contr\u00f4le charg\u00e9e de la r\u00e9gularit\u00e9 des listes \u00e9lectorales sont d\u00e9sign\u00e9s pour trois ans.\nArt. 3 :  L'arr\u00eat\u00e9 en date du 11/01/21 portant nomination des membres de la commission de contr\u00f4le charg\u00e9e de la r\u00e9gularit\u00e9 des listes\n\u00e9lectorales de LA GODEFROY est abrog\u00e9.\nSign\u00e9 : Pour le Pr\u00e9fet, le Sous-Pr\u00e9fet d'Avranches : Pierre CHAULEUR\n\uf0bf\nArr\u00eat\u00e9 du 11 juillet 2023 portant nomination des membres de la commission de contr\u00f4le charg\u00e9e de la r\u00e9gularit\u00e9 des listes \u00e9lectorales\ndans la commune de LA LUCERNE D'OUTREMER (communes de moins de 1 000 habitants et assimil\u00e9es)\nConsid\u00e9rant qu'il convient de nommer, dans chaque commune, les membres de la commission de contr\u00f4le charg\u00e9e de la r\u00e9gularit\u00e9 des listes\n\u00e9lectorales pour une dur\u00e9e de trois ans et apr\u00e8s chaque renouvellement int\u00e9gral du conseil municipal,\nArt. 1 : La commission de contr\u00f4le, institu\u00e9e dans la commune de LA LUCERNE D'OUTREMER, est compos\u00e9e comme suit :\nConseiller municipal :\nTitulaire : Mme Morgane DESRIAC\nSuppl\u00e9ant : M. Anthony DAVENEL \nD\u00e9l\u00e9gu\u00e9 de l'administration :\nTitulaire : Mme Odile MONSIGNY\nSuppl\u00e9ant : M. Aldo  SOLINI\nD\u00e9l\u00e9gu\u00e9 du tribunal :\nTitulaire : \nSuppl\u00e9ant : \nArt. 2 : Les membres de la commission de contr\u00f4le charg\u00e9e de la r\u00e9gularit\u00e9 des listes \u00e9lectorales sont d\u00e9sign\u00e9s pour trois ans.\nArt. 3 :  L'arr\u00eat\u00e9 en date du 11/01/21 portant nomination des membres de la commission de contr\u00f4le charg\u00e9e de la r\u00e9gularit\u00e9 des listes\n\u00e9lectorales de LA LUCERNE D'OUTREMER est abrog\u00e9.\nSign\u00e9 : Pour le Pr\u00e9fet, le Sous-Pr\u00e9fet d'Avranches : Pierre CHAULEUR\n\uf0bf\nArr\u00eat\u00e9 du 11 juillet 2023 portant nomination des membres de la commission de contr\u00f4le charg\u00e9e de la r\u00e9gularit\u00e9 des listes \u00e9lectorales\ndans la commune de LA MEURDRAQUIERE (communes de moins de 1 000 habitants et assimil\u00e9es)\nConsid\u00e9rant qu'il convient de nommer, dans chaque commune, les membres de la commission de contr\u00f4le charg\u00e9e de la r\u00e9gularit\u00e9 des listes\n\u00e9lectorales pour une dur\u00e9e de trois ans et apr\u00e8s chaque renouvellement int\u00e9gral du conseil municipal,\nArt. 1 : La commission de contr\u00f4le, institu\u00e9e dans la commune de LA MEURDRAQUIERE, est compos\u00e9e comme suit :\nConseiller municipal :\nTitulaire : Mme France CLEMENT\nSuppl\u00e9ant : \nD\u00e9l\u00e9gu\u00e9 de l'administration :\nTitulaire : Mme Marie-Christine GIRON\nSuppl\u00e9ant : \nD\u00e9l\u00e9gu\u00e9 du tribunal :\nTitulaire : \nSuppl\u00e9ant : \nArt. 2 : Les membres de la commission de contr\u00f4le charg\u00e9e de la r\u00e9gularit\u00e9 des listes \u00e9lectorales sont d\u00e9sign\u00e9s pour trois ans.\nArt. 3 :  L'arr\u00eat\u00e9 en date du 11/01/21 portant nomination des membres de la commission de contr\u00f4le charg\u00e9e de la r\u00e9gularit\u00e9 des listes\n\u00e9lectorales de LA MEURDRAQUIERE est abrog\u00e9.\nSign\u00e9 : Pour le Pr\u00e9fet, le Sous-Pr\u00e9fet d'Avranches : Pierre CHAULEUR\n\uf0bf\nArr\u00eat\u00e9 du 11 juillet 2023  portant nomination des membres de la commission de contr\u00f4le charg\u00e9e de la r\u00e9gularit\u00e9 des listes\n\u00e9lectorales dans la commune de LA MOUCHE (communes de moins de 1 000 habitants et assimil\u00e9es)\nConsid\u00e9rant qu'il convient de nommer, dans chaque commune, les membres de la commission de contr\u00f4le charg\u00e9e de la r\u00e9gularit\u00e9 des listes\n\u00e9lectorales pour une dur\u00e9e de trois ans et apr\u00e8s chaque renouvellement int\u00e9gral du conseil municipal,\nArt. 1 : La commission de contr\u00f4le, institu\u00e9e dans la commune de LA MOUCHE, est compos\u00e9e comme suit :\nConseiller municipal :\nTitulaire : Mme C\u00e9cile JOUIN\nSuppl\u00e9ant : M. Herv\u00e9 VIVIER\nD\u00e9l\u00e9gu\u00e9 de l'administration :\nTitulaire : M. Serge COSSE\nSuppl\u00e9ant : Mme Marie-Ange TURGOT\nD\u00e9l\u00e9gu\u00e9 du tribunal :\nTitulaire : M. Xavier CUCUEL\nSuppl\u00e9ant : M. Dominique CORBIN\nArt. 2 : Les membres de la commission de contr\u00f4le charg\u00e9e de la r\u00e9gularit\u00e9 des listes \u00e9lectorales sont d\u00e9sign\u00e9s pour trois ans.\nArt. 3 :  L'arr\u00eat\u00e9 en date du 11/01/21 portant nomination des membres de la commission de contr\u00f4le charg\u00e9e de la r\u00e9gularit\u00e9 des listes\n\u00e9lectorales de LA MOUCHE est abrog\u00e9.\nSign\u00e9 : Pour le Pr\u00e9fet, le Sous-Pr\u00e9fet d'Avranches : Pierre CHAULEUR\n\uf0bf\nArr\u00eat\u00e9 du 11 juillet 2023 portant nomination des membres de la commission de contr\u00f4le charg\u00e9e de la r\u00e9gularit\u00e9 des listes \u00e9lectorales\ndans la commune de LAPENTY (communes de moins de 1 000 habitants et assimil\u00e9es)\nConsid\u00e9rant qu'il convient de nommer, dans chaque commune, les membres de la commission de contr\u00f4le charg\u00e9e de la r\u00e9gularit\u00e9 des listes\n\u00e9lectorales pour une dur\u00e9e de trois ans et apr\u00e8s chaque renouvellement int\u00e9gral du conseil municipal,\nArt. 1 : La commission de contr\u00f4le, institu\u00e9e dans la commune de LAPENTY, est compos\u00e9e comme suit :\nConseiller municipal :\nTitulaire : M. J\u00e9r\u00f4me BRODIN \nSuppl\u00e9ant : N\u00e9ant\nD\u00e9l\u00e9gu\u00e9 de l'administration :\nTitulaire : M. Pierre SEBIRE \nSuppl\u00e9ant : N\u00e9ant\nD\u00e9l\u00e9gu\u00e9 du tribunal :\nTitulaire : Mme Isabelle GATE\nSuppl\u00e9ant : N\u00e9ant\nArt. 2 : Les membres de la commission de contr\u00f4le charg\u00e9e de la r\u00e9gularit\u00e9 des listes \u00e9lectorales sont d\u00e9sign\u00e9s pour trois ans.\nArt. 3 :  L'arr\u00eat\u00e9 en date du 11/01/21 portant nomination des membres de la commission de contr\u00f4le charg\u00e9e de la r\u00e9gularit\u00e9 des listes\n\u00e9lectorales de LAPENTY est abrog\u00e9.\nSign\u00e9 : Pour le Pr\u00e9fet, le Sous-Pr\u00e9fet d'Avranches : Pierre CHAULEUR\n\uf0bf\nArr\u00eat\u00e9 du 11 juillet 2023 portant nomination des membres de la commission de contr\u00f4le charg\u00e9e de la r\u00e9gularit\u00e9 des listes \u00e9lectorales\ndans la commune de LE FRESNE-PORET (communes de moins de 1 000 habitants et assimil\u00e9es)\nConsid\u00e9rant qu'il convient de nommer, dans chaque commune, les membres de la commission de contr\u00f4le charg\u00e9e de la r\u00e9gularit\u00e9 des listes\n\u00e9lectorales pour une dur\u00e9e de trois ans et apr\u00e8s chaque renouvellement int\u00e9gral du conseil municipal,\nArt. 1 : La commission de contr\u00f4le, institu\u00e9e dans la commune de LE FRESNE-PORET, est compos\u00e9e comme suit :\nConseiller municipal :\nTitulaire : Mme Sandrine PELLERIN\nSuppl\u00e9ant : Mme Christine TRAVERS\nD\u00e9l\u00e9gu\u00e9 de l'administration :\nTitulaire : Mme Mich\u00e8le MIQUELARD\nSuppl\u00e9ant : Mme Laurence GRENTE\nD\u00e9l\u00e9gu\u00e9 du tribunal :\nTitulaire : Mme Nicolle MIQUELARD\nSuppl\u00e9ant : Mme Marie LEPOITTEVIN\nArt. 2 : Les membres de la commission de contr\u00f4le charg\u00e9e de la r\u00e9gularit\u00e9 des listes \u00e9lectorales sont d\u00e9sign\u00e9s pour trois ans.\nArt. 3 :  L'arr\u00eat\u00e9 en date du 11/01/21 portant nomination des membres de la commission de contr\u00f4le charg\u00e9e de la r\u00e9gularit\u00e9 des listes\n\u00e9lectorales de LE FRESNE-PORET est abrog\u00e9.\nSign\u00e9 : Pour le Pr\u00e9fet, le Sous-Pr\u00e9fet d'Avranches : Pierre CHAULEUR\n\uf0bf\nArr\u00eat\u00e9 du 11 juillet 2023 portant nomination des membres de la commission de contr\u00f4le charg\u00e9e de la r\u00e9gularit\u00e9 des listes \u00e9lectorales\ndans la commune de LE GRAND CELLAND (communes de moins de 1 000 habitants et assimil\u00e9es)\nConsid\u00e9rant qu'il convient de nommer, dans chaque commune, les membres de la commission de contr\u00f4le charg\u00e9e de la r\u00e9gularit\u00e9 des listes\n\u00e9lectorales pour une dur\u00e9e de trois ans et apr\u00e8s chaque renouvellement int\u00e9gral du conseil municipal,\nArt. 1 : La commission de contr\u00f4le, institu\u00e9e dans la commune de LE GRAND CELLAND, est compos\u00e9e comme suit :\nConseiller municipal :\nTitulaire : Mme Dani\u00e8le RENAULT\nSuppl\u00e9ant : M. Raymond LOISON\nD\u00e9l\u00e9gu\u00e9 de l'administration :\nTitulaire : Mme Magali JAMONT\nSuppl\u00e9ant : N\u00e9ant\nD\u00e9l\u00e9gu\u00e9 du tribunal :\nTitulaire : Mme Maryline LOISON\nSuppl\u00e9ant : N\u00e9ant\nArt. 2 : Les membres de la commission de contr\u00f4le charg\u00e9e de la r\u00e9gularit\u00e9 des listes \u00e9lectorales sont d\u00e9sign\u00e9s pour trois ans.\nArt. 3 :  L'arr\u00eat\u00e9 en date du 11/01/21 portant nomination des membres de la commission de contr\u00f4le charg\u00e9e de la r\u00e9gularit\u00e9 des listes\n\u00e9lectorales de LE GRAND CELLAND est abrog\u00e9.\nSign\u00e9 : Pour le Pr\u00e9fet, le Sous-Pr\u00e9fet d'Avranches : Pierre CHAULEUR\n\uf0bf\nArr\u00eat\u00e9 du 11 juillet 2023 portant nomination des membres de la commission de contr\u00f4le charg\u00e9e de la r\u00e9gularit\u00e9 des listes \u00e9lectorales\ndans la commune de LE GRIPPON (communes de moins de 1 000 habitants et assimil\u00e9es)\nConsid\u00e9rant qu'il convient de nommer, dans chaque commune, les membres de la commission de contr\u00f4le charg\u00e9e de la r\u00e9gularit\u00e9 des listes\n\u00e9lectorales pour une dur\u00e9e de trois ans et apr\u00e8s chaque renouvellement int\u00e9gral du conseil municipal,\nArt. 1 : La commission de contr\u00f4le, institu\u00e9e dans la commune de LE GRIPPON, est compos\u00e9e comme suit :\nConseiller municipal :\nTitulaire : Mme Virginie LEPENANT\nSuppl\u00e9ant : M. Florian CROCHET\nD\u00e9l\u00e9gu\u00e9 de l'administration :\nTitulaire : M. Thierry BRODIN\nSuppl\u00e9ant : Mme Christelle DUQUESNEY\nD\u00e9l\u00e9gu\u00e9 du tribunal :\nTitulaire : Mme Raymonde FROMEAUX\nSuppl\u00e9ant : M. Didier ARONDEL\nArt. 2 : Les membres de la commission de contr\u00f4le charg\u00e9e de la r\u00e9gularit\u00e9 des listes \u00e9lectorales sont d\u00e9sign\u00e9s pour trois ans.\nArt. 3 :  L'arr\u00eat\u00e9 en date du 11/01/21 portant nomination des membres de la commission de contr\u00f4le charg\u00e9e de la r\u00e9gularit\u00e9 des listes\n\u00e9lectorales de LE GRIPPON est abrog\u00e9.\nSign\u00e9 : Pour le Pr\u00e9fet, le Sous-Pr\u00e9fet d'Avranches : Pierre CHAULEUR\n\uf0bf\nArr\u00eat\u00e9 du 11 juillet 2023 portant nomination des membres de la commission de contr\u00f4le charg\u00e9e de la r\u00e9gularit\u00e9 des listes \u00e9lectorales\ndans la commune de LE LOREUR (communes de moins de 1 000 habitants et assimil\u00e9es)\nConsid\u00e9rant qu'il convient de nommer, dans chaque commune, les membres de la commission de contr\u00f4le charg\u00e9e de la r\u00e9gularit\u00e9 des listes\n\u00e9lectorales pour une dur\u00e9e de trois ans et apr\u00e8s chaque renouvellement int\u00e9gral du conseil municipal,\nArt. 1 : La commission de contr\u00f4le, institu\u00e9e dans la commune de LE LOREUR, est compos\u00e9e comme suit :\nConseiller municipal :\nTitulaire : Mme Delphine LEGRAND\nSuppl\u00e9ant : N\u00e9ant\nD\u00e9l\u00e9gu\u00e9 de l'administration :\nTitulaire : Mme Chantal GALLIER\nSuppl\u00e9ant : N\u00e9ant\nD\u00e9l\u00e9gu\u00e9 du tribunal :\nTitulaire : Mme Agn\u00e8s BELLETOILE\nSuppl\u00e9ant : Mme Patricia VILLAN\nArt. 2 : Les membres de la commission de contr\u00f4le charg\u00e9e de la r\u00e9gularit\u00e9 des listes \u00e9lectorales sont d\u00e9sign\u00e9s pour trois ans.\nArt. 3 :  L'arr\u00eat\u00e9 en date du 11/01/21 portant nomination des membres de la commission de contr\u00f4le charg\u00e9e de la r\u00e9gularit\u00e9 des listes\n\u00e9lectorales de LE LOREUR est abrog\u00e9.\nSign\u00e9 : Pour le Pr\u00e9fet, le Sous-Pr\u00e9fet d'Avranches : Pierre CHAULEUR\n\uf0bf\nArr\u00eat\u00e9 du 11 juillet 2023 portant nomination des membres de la commission de contr\u00f4le charg\u00e9e de la r\u00e9gularit\u00e9 des listes \u00e9lectorales\ndans la commune de LE LUOT (communes de moins de 1 000 habitants et assimil\u00e9es)\nConsid\u00e9rant qu'il convient de nommer, dans chaque commune, les membres de la commission de contr\u00f4le charg\u00e9e de la r\u00e9gularit\u00e9 des listes\n\u00e9lectorales pour une dur\u00e9e de trois ans et apr\u00e8s chaque renouvellement int\u00e9gral du conseil municipal,\nArt. 1 : La commission de contr\u00f4le, institu\u00e9e dans la commune de LE LUOT, est compos\u00e9e comme suit :\nConseiller municipal :\nTitulaire : Mme Christine DUBOIS\nSuppl\u00e9ant : M. Alain ALEXIS\nD\u00e9l\u00e9gu\u00e9 de l'administration :\nTitulaire : Mme Gis\u00e8le DEHEZE\nSuppl\u00e9ant : M. Didier GILLES\nD\u00e9l\u00e9gu\u00e9 du tribunal :\nTitulaire : M. Jean-Paul CAILLOT\nSuppl\u00e9ant : M. Jean-Pierre CHALME\nArt. 2 : Les membres de la commission de contr\u00f4le charg\u00e9e de la r\u00e9gularit\u00e9 des listes \u00e9lectorales sont d\u00e9sign\u00e9s pour trois ans.\nArt. 3 :  L'arr\u00eat\u00e9 en date du 11/01/21 portant nomination des membres de la commission de contr\u00f4le charg\u00e9e de la r\u00e9gularit\u00e9 des listes\n\u00e9lectorales de LE LUOT est abrog\u00e9.\nSign\u00e9 : Pour le Pr\u00e9fet, le Sous-Pr\u00e9fet d'Avranches : Pierre CHAULEUR\n\uf0bf\nArr\u00eat\u00e9 du 11 juillet 2023 portant nomination des membres de la commission de contr\u00f4le charg\u00e9e de la r\u00e9gularit\u00e9 des listes \u00e9lectorales\ndans la commune de LE MESNIL-ADELEE (communes de moins de 1 000 habitants et assimil\u00e9es)\nConsid\u00e9rant qu'il convient de nommer, dans chaque commune, les membres de la commission de contr\u00f4le charg\u00e9e de la r\u00e9gularit\u00e9 des listes\n\u00e9lectorales pour une dur\u00e9e de trois ans et apr\u00e8s chaque renouvellement int\u00e9gral du conseil municipal,\nArt. 1 : La commission de contr\u00f4le, institu\u00e9e dans la commune de LE MESNIL-ADELEE, est compos\u00e9e comme suit :\nConseiller municipal :\nTitulaire : Mme Dominique ROSSIGNOL\nSuppl\u00e9ant : Mme Annick LEHERICEY\nD\u00e9l\u00e9gu\u00e9 de l'administration :\nTitulaire : Mme Sylvie LEMENAGER \nSuppl\u00e9ant : M. Jean-Luc BLANCHERE\nD\u00e9l\u00e9gu\u00e9 du tribunal :\nTitulaire : Mme Nathalie HESLOUIN\nSuppl\u00e9ant : M. Michel LEMARTINEL\nArt. 2 : Les membres de la commission de contr\u00f4le charg\u00e9e de la r\u00e9gularit\u00e9 des listes \u00e9lectorales sont d\u00e9sign\u00e9s pour trois ans.\nArt. 3 :  L'arr\u00eat\u00e9 en date du 11/01/21 portant nomination des membres de la commission de contr\u00f4le charg\u00e9e de la r\u00e9gularit\u00e9 des listes\n\u00e9lectorales de LE MESNIL-ADELEE est abrog\u00e9.\nSign\u00e9 : Pour le Pr\u00e9fet, le Sous-Pr\u00e9fet d'Avranches : Pierre CHAULEUR\n\uf0bf\nArr\u00eat\u00e9 du 11 juillet 2023 portant nomination des membres de la commission de contr\u00f4le charg\u00e9e de la r\u00e9gularit\u00e9 des listes \u00e9lectorales\ndans la commune de LE MESNIL-AUBERT (communes de moins de 1 000 habitants et assimil\u00e9es)\nConsid\u00e9rant qu'il convient de nommer, dans chaque commune, les membres de la commission de contr\u00f4le charg\u00e9e de la r\u00e9gularit\u00e9 des listes\n\u00e9lectorales pour une dur\u00e9e de trois ans et apr\u00e8s chaque renouvellement int\u00e9gral du conseil municipal,\nArt. 1 : La commission de contr\u00f4le, institu\u00e9e dans la commune de LE MESNIL-AUBERT, est compos\u00e9e comme suit :\nConseiller municipal :\nTitulaire : Mme V\u00e9ronique COQUIERE-NAXOS\nSuppl\u00e9ant : M. Lo\u00efc JOURDAN\nD\u00e9l\u00e9gu\u00e9 de l'administration :\nTitulaire : M. Thomas NOCLERCQ\nSuppl\u00e9ant : M. Baptiste GENIER-SOLIGET\nD\u00e9l\u00e9gu\u00e9 du tribunal :\nTitulaire : Mme Annick LEROUGE\nSuppl\u00e9ant : N\u00e9ant\nArt. 2 : Les membres de la commission de contr\u00f4le charg\u00e9e de la r\u00e9gularit\u00e9 des listes \u00e9lectorales sont d\u00e9sign\u00e9s pour trois ans.\nArt. 3 :  L'arr\u00eat\u00e9 en date du 11/01/21 portant nomination des membres de la commission de contr\u00f4le charg\u00e9e de la r\u00e9gularit\u00e9 des listes\n\u00e9lectorales de LE MESNIL-AUBERT est abrog\u00e9.\nSign\u00e9 : Pour le Pr\u00e9fet, le Sous-Pr\u00e9fet d'Avranches : Pierre CHAULEUR\n\uf0bf\nArr\u00eat\u00e9 du 11 juillet 2023 portant nomination des membres de la commission de contr\u00f4le charg\u00e9e de la r\u00e9gularit\u00e9 des listes \u00e9lectorales\ndans la commune de LE MESNIL-GILBERT (communes de moins de 1 000 habitants et assimil\u00e9es)\nConsid\u00e9rant qu'il convient de nommer, dans chaque commune, les membres de la commission de contr\u00f4le charg\u00e9e de la r\u00e9gularit\u00e9 des listes\n\u00e9lectorales pour une dur\u00e9e de trois ans et apr\u00e8s chaque renouvellement int\u00e9gral du conseil municipal,\nArt. 1 : La commission de contr\u00f4le, institu\u00e9e dans la commune de LE MESNIL-GILBERT, est compos\u00e9e comme suit :\nConseiller municipal :\nTitulaire : Mme Sandrine MAYORA\nSuppl\u00e9ant : M. Serge MICHEL\nD\u00e9l\u00e9gu\u00e9 de l'administration :\nTitulaire : M. J\u00e9r\u00f4me HESLOUIN\nSuppl\u00e9ant : Mme Lesley MARTIN\nD\u00e9l\u00e9gu\u00e9 du tribunal :\nTitulaire : Mme M\u00e9lanie GUEGUEN\nSuppl\u00e9ant : M. Jo\u00ebl CHAUSSARD\nArt. 2 : Les membres de la commission de contr\u00f4le charg\u00e9e de la r\u00e9gularit\u00e9 des listes \u00e9lectorales sont d\u00e9sign\u00e9s pour trois ans.\nArt. 3 :  L'arr\u00eat\u00e9 en date du 11/01/21 portant nomination des membres de la commission de contr\u00f4le charg\u00e9e de la r\u00e9gularit\u00e9 des listes\n\u00e9lectorales de LE MESNIL-GILBERT est abrog\u00e9.\nSign\u00e9 : Pour le Pr\u00e9fet, le Sous-Pr\u00e9fet d'Avranches : Pierre CHAULEUR\n\uf0bf\nArr\u00eat\u00e9 du 11 juillet 2023 portant nomination des membres de la commission de contr\u00f4le charg\u00e9e de la r\u00e9gularit\u00e9 des listes \u00e9lectorales\ndans la commune de LE MESNIL-OZENNE (communes de moins de 1 000 habitants et assimil\u00e9es)\nConsid\u00e9rant qu'il convient de nommer, dans chaque commune, les membres de la commission de contr\u00f4le charg\u00e9e de la r\u00e9gularit\u00e9 des listes\n\u00e9lectorales pour une dur\u00e9e de trois ans et apr\u00e8s chaque renouvellement int\u00e9gral du conseil municipal,\nArt. 1 : La commission de contr\u00f4le, institu\u00e9e dans la commune de LE MESNIL-OZENNE, est compos\u00e9e comme suit :\nConseiller municipal :\nTitulaire : M. Michel LEMARCHAND\nSuppl\u00e9ant : M. Jacob BOUGON\nD\u00e9l\u00e9gu\u00e9 de l'administration :\nTitulaire : M. Philippe ROSSIER\nSuppl\u00e9ant : Mme Martine LOUBLIER \nD\u00e9l\u00e9gu\u00e9 du tribunal :\nTitulaire : M. Roland DESFEUX\nSuppl\u00e9ant : Mme Val\u00e9rie LEFEVRE\nArt. 2 : Les membres de la commission de contr\u00f4le charg\u00e9e de la r\u00e9gularit\u00e9 des listes \u00e9lectorales sont d\u00e9sign\u00e9s pour trois ans.\nArt. 3 :  L'arr\u00eat\u00e9 en date du 11/01/21 portant nomination des membres de la commission de contr\u00f4le charg\u00e9e de la r\u00e9gularit\u00e9 des listes\n\u00e9lectorales de LE MESNIL-OZENNE est abrog\u00e9.\nSign\u00e9 : Pour le Pr\u00e9fet, le Sous-Pr\u00e9fet d'Avranches : Pierre CHAULEUR\n\uf0bf\nArr\u00eat\u00e9 du 11 juillet 2023 portant nomination des membres de la commission de contr\u00f4le charg\u00e9e de la r\u00e9gularit\u00e9 des listes \u00e9lectorales\ndans la commune de LE MESNILLARD (communes de moins de 1 000 habitants et assimil\u00e9es)\nConsid\u00e9rant qu'il convient de nommer, dans chaque commune, les membres de la commission de contr\u00f4le charg\u00e9e de la r\u00e9gularit\u00e9 des listes\n\u00e9lectorales pour une dur\u00e9e de trois ans et apr\u00e8s chaque renouvellement int\u00e9gral du conseil municipal,\nArt. 1 : La commission de contr\u00f4le, institu\u00e9e dans la commune de LE MESNILLARD, est compos\u00e9e comme suit :\nConseiller municipal :\nTitulaire : M. Christophe CALLU\nSuppl\u00e9ant : \nD\u00e9l\u00e9gu\u00e9 de l'administration :\nTitulaire : M. Daniel BOUTELOUP\nSuppl\u00e9ant : M. Roger LEROUX\nD\u00e9l\u00e9gu\u00e9 du tribunal :\nTitulaire : \nSuppl\u00e9ant : \nArt. 2 : Les membres de la commission de contr\u00f4le charg\u00e9e de la r\u00e9gularit\u00e9 des listes \u00e9lectorales sont d\u00e9sign\u00e9s pour trois ans.\nArt. 3 :  L'arr\u00eat\u00e9 en date du 13/01/21 portant nomination des membres de la commission de contr\u00f4le charg\u00e9e de la r\u00e9gularit\u00e9 des listes\n\u00e9lectorales de LE MESNILLARD est abrog\u00e9.\nSign\u00e9 : Pour le Pr\u00e9fet, le Sous-Pr\u00e9fet d'Avranches : Pierre CHAULEUR\n\uf0bf\nArr\u00eat\u00e9 du 11 juillet 2023 portant nomination des membres de la commission de contr\u00f4le charg\u00e9e de la r\u00e9gularit\u00e9 des listes \u00e9lectorales\ndans la commune de LE MONT-SAINT-MICHEL (communes de moins de 1 000 habitants et assimil\u00e9es)\nConsid\u00e9rant qu'il convient de nommer, dans chaque commune, les membres de la commission de contr\u00f4le charg\u00e9e de la r\u00e9gularit\u00e9 des listes\n\u00e9lectorales pour une dur\u00e9e de trois ans et apr\u00e8s chaque renouvellement int\u00e9gral du conseil municipal,\nArt. 1 : La commission de contr\u00f4le, institu\u00e9e dans la commune de LE MONT-SAINT-MICHEL, est compos\u00e9e comme suit :\nConseiller municipal :\nTitulaire : Mme Nelly ROUX\nSuppl\u00e9ant : M. Herv\u00e9 GUICHARD\nD\u00e9l\u00e9gu\u00e9 de l'administration :\nTitulaire : M. Jean-Pierre PIQUEREL \nSuppl\u00e9ant : - M. Michel BESNARD\nD\u00e9l\u00e9gu\u00e9 du tribunal :\nTitulaire : Mme Ad\u00e8le CORNET\nSuppl\u00e9ant : M. Jean-Yves LEBREC\nArt. 2 : Les membres de la commission de contr\u00f4le charg\u00e9e de la r\u00e9gularit\u00e9 des listes \u00e9lectorales sont d\u00e9sign\u00e9s pour trois ans.\nArt. 3 :  L'arr\u00eat\u00e9 en date du 11/01/21 portant nomination des membres de la commission de contr\u00f4le charg\u00e9e de la r\u00e9gularit\u00e9 des listes\n\u00e9lectorales de LE MONT-SAINT-MICHEL est abrog\u00e9.\nSign\u00e9 : Pour le Pr\u00e9fet, le Sous-Pr\u00e9fet d'Avranches : Pierre CHAULEUR\n\uf0bf\nArr\u00eat\u00e9 du 11 juillet 2023 portant nomination des membres de la commission de contr\u00f4le charg\u00e9e de la r\u00e9gularit\u00e9 des listes \u00e9lectorales\ndans la commune de LE NEUFBOURG (communes de moins de 1 000 habitants et assimil\u00e9es)\nConsid\u00e9rant qu'il convient de nommer, dans chaque commune, les membres de la commission de contr\u00f4le charg\u00e9e de la r\u00e9gularit\u00e9 des listes\n\u00e9lectorales pour une dur\u00e9e de trois ans et apr\u00e8s chaque renouvellement int\u00e9gral du conseil municipal,\nArt. 1 : La commission de contr\u00f4le, institu\u00e9e dans la commune de LE NEUFBOURG, est compos\u00e9e comme suit :\nConseiller municipal :\nTitulaire : M. Philippe BOUILLON\nSuppl\u00e9ant : Mme Marie-C\u00e9line BEUNET\nD\u00e9l\u00e9gu\u00e9 de l'administration :\nTitulaire : Mme Genevi\u00e8ve BOITON\nSuppl\u00e9ant : M. Daniel OLIVIER\nD\u00e9l\u00e9gu\u00e9 du tribunal :\nTitulaire : M. Claude SOULARD\nSuppl\u00e9ant : M. Didier BOUVET\nArt. 2 : Les membres de la commission de contr\u00f4le charg\u00e9e de la r\u00e9gularit\u00e9 des listes \u00e9lectorales sont d\u00e9sign\u00e9s pour trois ans.\nArt. 3 :  L'arr\u00eat\u00e9 en date du 11/01/21 portant nomination des membres de la commission de contr\u00f4le charg\u00e9e de la r\u00e9gularit\u00e9 des listes\n\u00e9lectorales de LE NEUFBOURG est abrog\u00e9.\nSign\u00e9 : Pour le Pr\u00e9fet, le Sous-Pr\u00e9fet d'Avranches : Pierre CHAULEUR\n\uf0bf\nArr\u00eat\u00e9 du 11 juillet 2023 portant nomination des membres de la commission de contr\u00f4le charg\u00e9e de la r\u00e9gularit\u00e9 des listes \u00e9lectorales\ndans la commune de LE PARC (communes de moins de 1 000 habitants et assimil\u00e9es)\nConsid\u00e9rant qu'il convient de nommer, dans chaque commune, les membres de la commission de contr\u00f4le charg\u00e9e de la r\u00e9gularit\u00e9 des listes\n\u00e9lectorales pour une dur\u00e9e de trois ans et apr\u00e8s chaque renouvellement int\u00e9gral du conseil municipal,\nArt. 1 : La commission de contr\u00f4le, institu\u00e9e dans la commune de LE PARC, est compos\u00e9e comme suit :\nConseiller municipal :\nTitulaire : Mme Christine JOSSEAUME \nSuppl\u00e9ant : Mme Catherine VIBERT\nD\u00e9l\u00e9gu\u00e9 de l'administration :\nTitulaire : M. Roger PAISANT \nSuppl\u00e9ant : M. Herv\u00e9 LHERMELIN\nD\u00e9l\u00e9gu\u00e9 du tribunal :\nTitulaire : M. Serge DEBON\nSuppl\u00e9ant : M. Jean-Luc VIGOT\nArt. 2 : Les membres de la commission de contr\u00f4le charg\u00e9e de la r\u00e9gularit\u00e9 des listes \u00e9lectorales sont d\u00e9sign\u00e9s pour trois ans.\nArt. 3 :  L'arr\u00eat\u00e9 en date du 11/01/21 portant nomination des membres de la commission de contr\u00f4le charg\u00e9e de la r\u00e9gularit\u00e9 des listes\n\u00e9lectorales de LE PARC est abrog\u00e9.\nSign\u00e9 : Pour le Pr\u00e9fet, le Sous-Pr\u00e9fet d'Avranches : Pierre CHAULEUR\n\uf0bf\nArr\u00eat\u00e9 du 11 juillet 2023 portant nomination des membres de la commission de contr\u00f4le charg\u00e9e de la r\u00e9gularit\u00e9 des listes \u00e9lectorales\ndans la commune de LE PETIT-CELLAND (communes de moins de 1 000 habitants et assimil\u00e9es)\nConsid\u00e9rant qu'il convient de nommer, dans chaque commune, les membres de la commission de contr\u00f4le charg\u00e9e de la r\u00e9gularit\u00e9 des listes\n\u00e9lectorales pour une dur\u00e9e de trois ans et apr\u00e8s chaque renouvellement int\u00e9gral du conseil municipal,\nArt. 1 : La commission de contr\u00f4le, institu\u00e9e dans la commune de LE PETIT-CELLAND, est compos\u00e9e comme suit :\nConseiller municipal :\nTitulaire : M. Alain AUBEUT\nSuppl\u00e9ant : N\u00e9ant\nD\u00e9l\u00e9gu\u00e9 de l'administration :\nTitulaire : M. Marc LEHERICEY\nSuppl\u00e9ant : N\u00e9ant\nD\u00e9l\u00e9gu\u00e9 du tribunal :\nTitulaire : Mme B\u00e9reng\u00e8re JEHAN\nSuppl\u00e9ant : N\u00e9ant\nArt. 2 : Les membres de la commission de contr\u00f4le charg\u00e9e de la r\u00e9gularit\u00e9 des listes \u00e9lectorales sont d\u00e9sign\u00e9s pour trois ans.\nArt. 3 :  L'arr\u00eat\u00e9 en date du 11/01/21 portant nomination des membres de la commission de contr\u00f4le charg\u00e9e de la r\u00e9gularit\u00e9 des listes\n\u00e9lectorales de LE PETIT-CELLAND est abrog\u00e9.\nSign\u00e9 : Pour le Pr\u00e9fet, le Sous-Pr\u00e9fet d'Avranches : Pierre CHAULEUR\n\uf0bf\nArr\u00eat\u00e9 du 11 juillet 2023 portant nomination des membres de la commission de contr\u00f4le charg\u00e9e de la r\u00e9gularit\u00e9 des listes \u00e9lectorales\ndans la commune de LE TANU \u2013 NOIRPALU (communes de moins de 1 000 habitants et assimil\u00e9es)\nConsid\u00e9rant qu'il convient de nommer, dans chaque commune, les membres de la commission de contr\u00f4le charg\u00e9e de la r\u00e9gularit\u00e9 des listes\n\u00e9lectorales pour une dur\u00e9e de trois ans et apr\u00e8s chaque renouvellement int\u00e9gral du conseil municipal,\nArt. 1 : La commission de contr\u00f4le, institu\u00e9e dans la commune de LE TANU \u2013 NOIRPALU, est compos\u00e9e comme suit :\nConseiller municipal :\nTitulaire : Mme Maud BESNIER\nSuppl\u00e9ant : M. Eric MALENFANT\nD\u00e9l\u00e9gu\u00e9 de l'administration :\nTitulaire : Mme Maryline HERBERT\nSuppl\u00e9ant : M. Jo\u00ebl FLEURY\nD\u00e9l\u00e9gu\u00e9 du tribunal :\nTitulaire : M. Guy ARONDEL\nSuppl\u00e9ant : M. Dominique BESNIER\nArt. 2 : Les membres de la commission de contr\u00f4le charg\u00e9e de la r\u00e9gularit\u00e9 des listes \u00e9lectorales sont d\u00e9sign\u00e9s pour trois ans.\nArt. 3 :  L'arr\u00eat\u00e9 en date du 11/01/21 portant nomination des membres de la commission de contr\u00f4le charg\u00e9e de la r\u00e9gularit\u00e9 des listes\n\u00e9lectorales de LE TANU \u2013 NOIRPALU est abrog\u00e9.\nSign\u00e9 : Pour le Pr\u00e9fet, le Sous-Pr\u00e9fet d'Avranches : Pierre CHAULEUR\n\uf0bf\nArr\u00eat\u00e9 du 11 juillet 2023 portant nomination des membres de la commission de contr\u00f4le charg\u00e9e de la r\u00e9gularit\u00e9 des listes \u00e9lectorales\ndans la commune de LES CRESNAYS (communes de moins de 1 000 habitants et assimil\u00e9es)\nConsid\u00e9rant qu'il convient de nommer, dans chaque commune, les membres de la commission de contr\u00f4le charg\u00e9e de la r\u00e9gularit\u00e9 des listes\n\u00e9lectorales pour une dur\u00e9e de trois ans et apr\u00e8s chaque renouvellement int\u00e9gral du conseil municipal,\nArt. 1 : La commission de contr\u00f4le, institu\u00e9e dans la commune de LES CRESNAYS, est compos\u00e9e comme suit :\nConseiller municipal :\nTitulaire : \nSuppl\u00e9ant : \nD\u00e9l\u00e9gu\u00e9 de l'administration :\nTitulaire : \nSuppl\u00e9ant : \nD\u00e9l\u00e9gu\u00e9 du tribunal :\nTitulaire : \nSuppl\u00e9ant : \nArt. 2 : Les membres de la commission de contr\u00f4le charg\u00e9e de la r\u00e9gularit\u00e9 des listes \u00e9lectorales sont d\u00e9sign\u00e9s pour trois ans.\nArt. 3 :  L'arr\u00eat\u00e9 en date du 20/01/21 portant nomination des membres de la commission de contr\u00f4le charg\u00e9e de la r\u00e9gularit\u00e9 des listes\n\u00e9lectorales de LES CRESNAYS est abrog\u00e9.\nSign\u00e9 : Pour le Pr\u00e9fet, le Sous-Pr\u00e9fet d'Avranches : Pierre CHAULEUR\n\uf0bf\nArr\u00eat\u00e9 du 11 juillet 2023 portant nomination des membres de la commission de contr\u00f4le charg\u00e9e de la r\u00e9gularit\u00e9 des listes \u00e9lectorales\ndans la commune de LES LOGES-MARCHIS (communes de moins de 1 000 habitants et assimil\u00e9es)\nConsid\u00e9rant qu'il convient de nommer, dans chaque commune, les membres de la commission de contr\u00f4le charg\u00e9e de la r\u00e9gularit\u00e9 des listes\n\u00e9lectorales pour une dur\u00e9e de trois ans et apr\u00e8s chaque renouvellement int\u00e9gral du conseil municipal,\nArt. 1 : La commission de contr\u00f4le, institu\u00e9e dans la commune de LES LOGES-MARCHIS, est compos\u00e9e comme suit :\nConseiller municipal :\nTitulaire : M. Jean-Yves GOUSSIN\nSuppl\u00e9ant : \nD\u00e9l\u00e9gu\u00e9 de l'administration :\nTitulaire : M. Raymond LEBOCEY\nSuppl\u00e9ant : \nD\u00e9l\u00e9gu\u00e9 du tribunal :\nTitulaire : \nSuppl\u00e9ant : \nArt. 2 : Les membres de la commission de contr\u00f4le charg\u00e9e de la r\u00e9gularit\u00e9 des listes \u00e9lectorales sont d\u00e9sign\u00e9s pour trois ans.\nArt. 3 :  L'arr\u00eat\u00e9 en date du 11/01/21 portant nomination des membres de la commission de contr\u00f4le charg\u00e9e de la r\u00e9gularit\u00e9 des listes\n\u00e9lectorales de LES LOGES-MARCHIS est abrog\u00e9.\nSign\u00e9 : Pour le Pr\u00e9fet, le Sous-Pr\u00e9fet d'Avranches : Pierre CHAULEUR\n\uf0bf\nArr\u00eat\u00e9 du 11 juillet 2023 portant nomination des membres de la commission de contr\u00f4le charg\u00e9e de la r\u00e9gularit\u00e9 des listes \u00e9lectorales\ndans la commune de LES LOGES-SUR-BRECEY (communes de moins de 1 000 habitants et assimil\u00e9es)\nConsid\u00e9rant qu'il convient de nommer, dans chaque commune, les membres de la commission de contr\u00f4le charg\u00e9e de la r\u00e9gularit\u00e9 des listes\n\u00e9lectorales pour une dur\u00e9e de trois ans et apr\u00e8s chaque renouvellement int\u00e9gral du conseil municipal,\nArt. 1 : La commission de contr\u00f4le, institu\u00e9e dans la commune de LES LOGES-SUR-BRECEY, est compos\u00e9e comme suit :\nConseiller municipal :\nTitulaire : Mme Florence FERRE \nSuppl\u00e9ant : M. Raymond LECHAPELAIN\nD\u00e9l\u00e9gu\u00e9 de l'administration :\nTitulaire : Mme Sylvie SEIGNEUR\nSuppl\u00e9ant : M. Alain ROBERT\nD\u00e9l\u00e9gu\u00e9 du tribunal :\nTitulaire : \nSuppl\u00e9ant : \nArt. 2 : Les membres de la commission de contr\u00f4le charg\u00e9e de la r\u00e9gularit\u00e9 des listes \u00e9lectorales sont d\u00e9sign\u00e9s pour trois ans.\nArt. 3 :  L'arr\u00eat\u00e9 en date du 11/01/21 portant nomination des membres de la commission de contr\u00f4le charg\u00e9e de la r\u00e9gularit\u00e9 des listes\n\u00e9lectorales de LES LOGES-SUR-BRECEY est abrog\u00e9.\nSign\u00e9 : Pour le Pr\u00e9fet, le Sous-Pr\u00e9fet d'Avranches : Pierre CHAULEUR\n\uf0bf\nArr\u00eat\u00e9 du 11 juillet 2023 portant nomination des membres de la commission de contr\u00f4le charg\u00e9e de la r\u00e9gularit\u00e9 des listes \u00e9lectorales\ndans la commune de LINGEARD (communes de moins de 1 000 habitants et assimil\u00e9es)\nConsid\u00e9rant qu'il convient de nommer, dans chaque commune, les membres de la commission de contr\u00f4le charg\u00e9e de la r\u00e9gularit\u00e9 des listes\n\u00e9lectorales pour une dur\u00e9e de trois ans et apr\u00e8s chaque renouvellement int\u00e9gral du conseil municipal,\nArt. 1 : La commission de contr\u00f4le, institu\u00e9e dans la commune de LINGEARD, est compos\u00e9e comme suit :\nConseiller municipal :\nTitulaire : M. Andr\u00e9 BRIONNE\nSuppl\u00e9ant : N\u00e9ant\nD\u00e9l\u00e9gu\u00e9 de l'administration :\nTitulaire : Mme Adrienne JUBAULT\nSuppl\u00e9ant : \nD\u00e9l\u00e9gu\u00e9 du tribunal :\nTitulaire : M. Francis LIBAN\nSuppl\u00e9ant : N\u00e9ant\nArt. 2 : Les membres de la commission de contr\u00f4le charg\u00e9e de la r\u00e9gularit\u00e9 des listes \u00e9lectorales sont d\u00e9sign\u00e9s pour trois ans.\nArt. 3 :  L'arr\u00eat\u00e9 en date du 11/01/21 portant nomination des membres de la commission de contr\u00f4le charg\u00e9e de la r\u00e9gularit\u00e9 des listes\n\u00e9lectorales de LINGEARD est abrog\u00e9.\nSign\u00e9 : Pour le Pr\u00e9fet, le Sous-Pr\u00e9fet d'Avranches : Pierre CHAULEUR\n\uf0bf\nArr\u00eat\u00e9 du 11 juillet 2023 portant nomination des membres de la commission de contr\u00f4le charg\u00e9e de la r\u00e9gularit\u00e9 des listes \u00e9lectorales\ndans la commune de LOLIF (communes de moins de 1 000 habitants et assimil\u00e9es)\nConsid\u00e9rant qu'il convient de nommer, dans chaque commune, les membres de la commission de contr\u00f4le charg\u00e9e de la r\u00e9gularit\u00e9 des listes\n\u00e9lectorales pour une dur\u00e9e de trois ans et apr\u00e8s chaque renouvellement int\u00e9gral du conseil municipal,\nArt. 1 : La commission de contr\u00f4le, institu\u00e9e dans la commune de LOLIF, est compos\u00e9e comme suit :\nConseiller municipal :\nTitulaire : M. Luc HUREL\nSuppl\u00e9ant : M. Lionel YVES\nD\u00e9l\u00e9gu\u00e9 de l'administration :\nTitulaire : M. Damien ANDRE\nSuppl\u00e9ant : \nD\u00e9l\u00e9gu\u00e9 du tribunal :\nTitulaire : \nSuppl\u00e9ant : \nArt. 2 : Les membres de la commission de contr\u00f4le charg\u00e9e de la r\u00e9gularit\u00e9 des listes \u00e9lectorales sont d\u00e9sign\u00e9s pour trois ans.\nArt. 3 :  L'arr\u00eat\u00e9 en date du 26/01/21 portant nomination des membres de la commission de contr\u00f4le charg\u00e9e de la r\u00e9gularit\u00e9 des listes\n\u00e9lectorales de LOLIF est abrog\u00e9.\nSign\u00e9 : Pour le Pr\u00e9fet, le Sous-Pr\u00e9fet d'Avranches : Pierre CHAULEUR\n\uf0bf\nArr\u00eat\u00e9 du 11 juillet 2023 portant nomination des membres de la commission de contr\u00f4le charg\u00e9e de la r\u00e9gularit\u00e9 des listes \u00e9lectorales\ndans la commune de LONGUEVILLE (communes de moins de 1 000 habitants et assimil\u00e9es)\nArt. 1 : La commission de contr\u00f4le, institu\u00e9e dans la commune de LONGUEVILLE, est compos\u00e9e comme suit :\nConseiller municipal :\nTitulaire : M. Patrick NIOBEY\nSuppl\u00e9ant : Mme Janine LETESSIER\nD\u00e9l\u00e9gu\u00e9 de l'administration :\nTitulaire : M. Yves COQUELIN\nSuppl\u00e9ant : M. G\u00e9rard ETIENNE\nD\u00e9l\u00e9gu\u00e9 du tribunal :\nTitulaire : M. Michel VIGOT\nSuppl\u00e9ant : M. Philippe LETESSIER\nArt. 2 : Les membres de la commission de contr\u00f4le charg\u00e9e de la r\u00e9gularit\u00e9 des listes \u00e9lectorales sont d\u00e9sign\u00e9s pour trois ans.\nArt. 3 :  L'arr\u00eat\u00e9 en date du 11/01/21 portant nomination des membres de la commission de contr\u00f4le charg\u00e9e de la r\u00e9gularit\u00e9 des listes\n\u00e9lectorales de LONGUEVILLE est abrog\u00e9.\nSign\u00e9 : Pour le Pr\u00e9fet, le Sous-Pr\u00e9fet d'Avranches : Pierre CHAULEUR\n\uf0bf\nArr\u00eat\u00e9 du 11 juillet 2023 portant nomination des membres de la commission de contr\u00f4le charg\u00e9e de la r\u00e9gularit\u00e9 des listes \u00e9lectorales\ndans la commune de MARCILLY (communes de moins de 1 000 habitants et assimil\u00e9es)\nConsid\u00e9rant qu'il convient de nommer, dans chaque commune, les membres de la commission de contr\u00f4le charg\u00e9e de la r\u00e9gularit\u00e9 des listes\n\u00e9lectorales pour une dur\u00e9e de trois ans et apr\u00e8s chaque renouvellement int\u00e9gral du conseil municipal,\nArt. 1 : La commission de contr\u00f4le, institu\u00e9e dans la commune de MARCILLY, est compos\u00e9e comme suit :\nConseiller municipal :\nTitulaire : M. Hubert JULIEN\nSuppl\u00e9ant : M. Laurent PIHAN\nD\u00e9l\u00e9gu\u00e9 de l'administration :\nTitulaire : Mme Martine CHEVAL\nSuppl\u00e9ant : M. Louis ANFRAY\nD\u00e9l\u00e9gu\u00e9 du tribunal :\nTitulaire : M. G\u00e9rard TROCHON\nSuppl\u00e9ant : M. Eric BAUDRY\nArt. 2 : Les membres de la commission de contr\u00f4le charg\u00e9e de la r\u00e9gularit\u00e9 des listes \u00e9lectorales sont d\u00e9sign\u00e9s pour trois ans.\nArt. 3 :  L'arr\u00eat\u00e9 en date du 11/01/21 portant nomination des membres de la commission de contr\u00f4le charg\u00e9e de la r\u00e9gularit\u00e9 des listes\n\u00e9lectorales de MARCILLY est abrog\u00e9.\nSign\u00e9 : Pour le Pr\u00e9fet, le Sous-Pr\u00e9fet d'Avranches : Pierre CHAULEUR\n\uf0bf\nArr\u00eat\u00e9 du 11 juillet 2023 portant nomination des membres de la commission de contr\u00f4le charg\u00e9e de la r\u00e9gularit\u00e9 des listes \u00e9lectorales\ndans la commune de MONTJOIE-ST-MARTIN (communes de moins de 1 000 habitants et assimil\u00e9es)\nConsid\u00e9rant qu'il convient de nommer, dans chaque commune, les membres de la commission de contr\u00f4le charg\u00e9e de la r\u00e9gularit\u00e9 des listes\n\u00e9lectorales pour une dur\u00e9e de trois ans et apr\u00e8s chaque renouvellement int\u00e9gral du conseil municipal,\nArt. 1 : La commission de contr\u00f4le, institu\u00e9e dans la commune de MONTJOIE-ST-MARTIN, est compos\u00e9e comme suit :\nConseiller municipal :\nTitulaire : M. G\u00e9rard PLANTIS\nSuppl\u00e9ant : M. Claude LETENDRE\nD\u00e9l\u00e9gu\u00e9 de l'administration :\nTitulaire : M. Bernard ROUGEUL \nSuppl\u00e9ant : M. Jean-Pierre FOUASSE\nD\u00e9l\u00e9gu\u00e9 du tribunal :\nTitulaire : M. Christian CHEVALLIER\nSuppl\u00e9ant : M. Maurice BARON\nArt. 2 : Les membres de la commission de contr\u00f4le charg\u00e9e de la r\u00e9gularit\u00e9 des listes \u00e9lectorales sont d\u00e9sign\u00e9s pour trois ans.\nArt. 3 :  L'arr\u00eat\u00e9 en date du 11/01/21 portant nomination des membres de la commission de contr\u00f4le charg\u00e9e de la r\u00e9gularit\u00e9 des listes\n\u00e9lectorales de MONTJOIE-ST-MARTIN est abrog\u00e9.\nSign\u00e9 : Pour le Pr\u00e9fet, le Sous-Pr\u00e9fet d'Avranches : Pierre CHAULEUR\n\uf0bf\nArr\u00eat\u00e9 du 11 juillet 2023 portant nomination des membres de la commission de contr\u00f4le charg\u00e9e de la r\u00e9gularit\u00e9 des listes \u00e9lectorales\ndans la commune de MOULINES (communes de moins de 1 000 habitants et assimil\u00e9es)\nConsid\u00e9rant qu'il convient de nommer, dans chaque commune, les membres de la commission de contr\u00f4le charg\u00e9e de la r\u00e9gularit\u00e9 des listes\n\u00e9lectorales pour une dur\u00e9e de trois ans et apr\u00e8s chaque renouvellement int\u00e9gral du conseil municipal,\nArt. 1 : La commission de contr\u00f4le, institu\u00e9e dans la commune de MOULINES, est compos\u00e9e comme suit :\nConseiller municipal :\nTitulaire : M. Patrick CANIOU\nSuppl\u00e9ant : M. St\u00e9phane MANCEL\nD\u00e9l\u00e9gu\u00e9 de l'administration :\nTitulaire : M. Michel LAIR\nSuppl\u00e9ant : Mme Claudine MONDHER\nD\u00e9l\u00e9gu\u00e9 du tribunal :\nTitulaire : Mme Th\u00e9r\u00e8se BOURGET\nSuppl\u00e9ant : M. Michel MANCEL\nArt. 2 : Les membres de la commission de contr\u00f4le charg\u00e9e de la r\u00e9gularit\u00e9 des listes \u00e9lectorales sont d\u00e9sign\u00e9s pour trois ans.\nArt. 3 :  L'arr\u00eat\u00e9 en date du 11/01/21 portant nomination des membres de la commission de contr\u00f4le charg\u00e9e de la r\u00e9gularit\u00e9 des listes\n\u00e9lectorales de MOULINES est abrog\u00e9.\nSign\u00e9 : Pour le Pr\u00e9fet, le Sous-Pr\u00e9fet d'Avranches : Pierre CHAULEUR\n\uf0bf\nArr\u00eat\u00e9 du 11 juillet 2023 portant nomination des membres de la commission de contr\u00f4le charg\u00e9e de la r\u00e9gularit\u00e9 des listes \u00e9lectorales\ndans la commune de MUNEVILLE SUR MER (communes de moins de 1 000 habitants et assimil\u00e9es)\nConsid\u00e9rant qu'il convient de nommer, dans chaque commune, les membres de la commission de contr\u00f4le charg\u00e9e de la r\u00e9gularit\u00e9 des listes\n\u00e9lectorales pour une dur\u00e9e de trois ans et apr\u00e8s chaque renouvellement int\u00e9gral du conseil municipal,\nArt. 1 : La commission de contr\u00f4le, institu\u00e9e dans la commune de MUNEVILLE SUR MER, est compos\u00e9e comme suit :\nConseiller municipal :\nTitulaire : M. J\u00e9r\u00f4me TIREAU\nSuppl\u00e9ant : Mme st\u00e9phanie DESTAIS\nD\u00e9l\u00e9gu\u00e9 de l'administration :\nTitulaire : Mme Nadine HAREL\nSuppl\u00e9ant : Mme Ella DESTAIS\nD\u00e9l\u00e9gu\u00e9 du tribunal :\nTitulaire : Mme  Laureen MARIE\nSuppl\u00e9ant : Mme Fleur LENOEL\nArt. 2 : Les membres de la commission de contr\u00f4le charg\u00e9e de la r\u00e9gularit\u00e9 des listes \u00e9lectorales sont d\u00e9sign\u00e9s pour trois ans.\nArt. 3 :  L'arr\u00eat\u00e9 en date du 11/01/21 portant nomination des membres de la commission de contr\u00f4le charg\u00e9e de la r\u00e9gularit\u00e9 des listes\n\u00e9lectorales de MUNEVILLE SUR MER est abrog\u00e9.\nSign\u00e9 : Pour le Pr\u00e9fet, le Sous-Pr\u00e9fet d'Avranches : Pierre CHAULEUR\n\uf0bf\nArr\u00eat\u00e9 du 11 juillet 2023 portant nomination des membres de la commission de contr\u00f4le charg\u00e9e de la r\u00e9gularit\u00e9 des listes \u00e9lectorales\ndans la commune de NOTRE-DAME-DE-LIVOYE (communes de moins de 1 000 habitants et assimil\u00e9es)\nConsid\u00e9rant qu'il convient de nommer, dans chaque commune, les membres de la commission de contr\u00f4le charg\u00e9e de la r\u00e9gularit\u00e9 des listes\n\u00e9lectorales pour une dur\u00e9e de trois ans et apr\u00e8s chaque renouvellement int\u00e9gral du conseil municipal,\nArt. 1 : La commission de contr\u00f4le, institu\u00e9e dans la commune de NOTRE-DAME-DE-LIVOYE, est compos\u00e9e comme suit :\nConseiller municipal :\nTitulaire : \nSuppl\u00e9ant : \nD\u00e9l\u00e9gu\u00e9 de l'administration :\nTitulaire : \nSuppl\u00e9ant : \nD\u00e9l\u00e9gu\u00e9 du tribunal :\nTitulaire : M. Julien BESNIER\nSuppl\u00e9ant : \nArt. 2 : Les membres de la commission de contr\u00f4le charg\u00e9e de la r\u00e9gularit\u00e9 des listes \u00e9lectorales sont d\u00e9sign\u00e9s pour trois ans.\nArt. 3 :  L'arr\u00eat\u00e9 en date du 11/01/21 portant nomination des membres de la commission de contr\u00f4le charg\u00e9e de la r\u00e9gularit\u00e9 des listes\n\u00e9lectorales de NOTRE-DAME-DE-LIVOYE est abrog\u00e9.\nSign\u00e9 : Pour le Pr\u00e9fet, le Sous-Pr\u00e9fet d'Avranches : Pierre CHAULEUR\n\uf0bf\nArr\u00eat\u00e9 du 11 juillet 2023 portant nomination des membres de la commission de contr\u00f4le charg\u00e9e de la r\u00e9gularit\u00e9 des listes \u00e9lectorales\ndans la commune de PERRIERS-EN-BEAUFICEL (communes de moins de 1 000 habitants et assimil\u00e9es)\nConsid\u00e9rant qu'il convient de nommer, dans chaque commune, les membres de la commission de contr\u00f4le charg\u00e9e de la r\u00e9gularit\u00e9 des listes\n\u00e9lectorales pour une dur\u00e9e de trois ans et apr\u00e8s chaque renouvellement int\u00e9gral du conseil municipal,\nArt. 1 : La commission de contr\u00f4le, institu\u00e9e dans la commune de PERRIERS-EN-BEAUFICEL, est compos\u00e9e comme suit :\nConseiller municipal :\nTitulaire : Mme Pascale BLANCHARD\nSuppl\u00e9ant : M. Thierry HEDOU\nD\u00e9l\u00e9gu\u00e9 de l'administration :\nTitulaire : Mme Catherine WYZGOLIK\nSuppl\u00e9ant : M. Christophe CHOTARD\nD\u00e9l\u00e9gu\u00e9 du tribunal :\nTitulaire : Mme Agn\u00e8s ESNEE\nSuppl\u00e9ant : M. Patrick VAUTTIER\nArt. 2 : Les membres de la commission de contr\u00f4le charg\u00e9e de la r\u00e9gularit\u00e9 des listes \u00e9lectorales sont d\u00e9sign\u00e9s pour trois ans.\nArt. 3 :  L'arr\u00eat\u00e9 en date du 11/01/21 portant nomination des membres de la commission de contr\u00f4le charg\u00e9e de la r\u00e9gularit\u00e9 des listes\n\u00e9lectorales de PERRIERS-EN-BEAUFICEL est abrog\u00e9.\nSign\u00e9 : Pour le Pr\u00e9fet, le Sous-Pr\u00e9fet d'Avranches : Pierre CHAULEUR\n\uf0bf\nArr\u00eat\u00e9 du 11 juillet 2023 portant nomination des membres de la commission de contr\u00f4le charg\u00e9e de la r\u00e9gularit\u00e9 des listes \u00e9lectorales\ndans la commune de POILLEY (communes de moins de 1 000 habitants et assimil\u00e9es)\nConsid\u00e9rant qu'il convient de nommer, dans chaque commune, les membres de la commission de contr\u00f4le charg\u00e9e de la r\u00e9gularit\u00e9 des listes\n\u00e9lectorales pour une dur\u00e9e de trois ans et apr\u00e8s chaque renouvellement int\u00e9gral du conseil municipal,\nArt. 1 : La commission de contr\u00f4le, institu\u00e9e dans la commune de POILLEY, est compos\u00e9e comme suit :\nConseiller municipal :\nTitulaire : M. St\u00e9phane JOUIN\nSuppl\u00e9ant : M. Romain JACQUETTE\nD\u00e9l\u00e9gu\u00e9 de l'administration :\nTitulaire : M. Jean-Michel VOISIN\nSuppl\u00e9ant : M. Yvon GUERLAVAIS\nD\u00e9l\u00e9gu\u00e9 du tribunal :\nTitulaire : M. Michel GERARD\nSuppl\u00e9ant : N\u00e9ant\nArt. 2 : Les membres de la commission de contr\u00f4le charg\u00e9e de la r\u00e9gularit\u00e9 des listes \u00e9lectorales sont d\u00e9sign\u00e9s pour trois ans.\nArt. 3 :  L'arr\u00eat\u00e9 en date du 11/01/21 portant nomination des membres de la commission de contr\u00f4le charg\u00e9e de la r\u00e9gularit\u00e9 des listes\n\u00e9lectorales de POILLEY est abrog\u00e9.\nSign\u00e9 : Pour le Pr\u00e9fet, le Sous-Pr\u00e9fet d'Avranches : Pierre CHAULEUR\n\uf0bf\nArr\u00eat\u00e9 du 11 juillet 2023 portant nomination des membres de la commission de contr\u00f4le charg\u00e9e de la r\u00e9gularit\u00e9 des listes \u00e9lectorales\ndans la commune de PONTAUBAULT (communes de moins de 1 000 habitants et assimil\u00e9es)\nConsid\u00e9rant qu'il convient de nommer, dans chaque commune, les membres de la commission de contr\u00f4le charg\u00e9e de la r\u00e9gularit\u00e9 des listes\n\u00e9lectorales pour une dur\u00e9e de trois ans et apr\u00e8s chaque renouvellement int\u00e9gral du conseil municipal,\nArt. 1 : La commission de contr\u00f4le, institu\u00e9e dans la commune de PONTAUBAULT, est compos\u00e9e comme suit :\nConseiller municipal :\nTitulaire : Mme Ad\u00e9la\u00efde EUDES\nSuppl\u00e9ant : Mme Flavie ROUX\nD\u00e9l\u00e9gu\u00e9 de l'administration :\nTitulaire : M. Marc BESNIER\nSuppl\u00e9ant : Mme Monique LAURENT\nD\u00e9l\u00e9gu\u00e9 du tribunal :\nTitulaire : M. Michel LEMAITRE\nSuppl\u00e9ant : M. Claude HARDY\nArt. 2 : Les membres de la commission de contr\u00f4le charg\u00e9e de la r\u00e9gularit\u00e9 des listes \u00e9lectorales sont d\u00e9sign\u00e9s pour trois ans.\nArt. 3 :  L'arr\u00eat\u00e9 en date du 11/01/21 portant nomination des membres de la commission de contr\u00f4le charg\u00e9e de la r\u00e9gularit\u00e9 des listes\n\u00e9lectorales de PONTAUBAULT est abrog\u00e9.\nSign\u00e9 : Pour le Pr\u00e9fet, le Sous-Pr\u00e9fet d'Avranches : Pierre CHAULEUR\n\uf0bf\nArr\u00eat\u00e9 du 11 juillet 2023 portant nomination des membres de la commission de contr\u00f4le charg\u00e9e de la r\u00e9gularit\u00e9 des listes \u00e9lectorales\ndans la commune de PONTS (communes de moins de 1 000 habitants et assimil\u00e9es)\nConsid\u00e9rant qu'il convient de nommer, dans chaque commune, les membres de la commission de contr\u00f4le charg\u00e9e de la r\u00e9gularit\u00e9 des listes\n\u00e9lectorales pour une dur\u00e9e de trois ans et apr\u00e8s chaque renouvellement int\u00e9gral du conseil municipal,\nArt. 1 : La commission de contr\u00f4le, institu\u00e9e dans la commune de PONTS, est compos\u00e9e comme suit :\nConseiller municipal :\nTitulaire : M. Romain COSTILS\nSuppl\u00e9ant : M. Serge ALLAIN\nD\u00e9l\u00e9gu\u00e9 de l'administration :\nTitulaire : Mme Fran\u00e7oise COUENNE\nSuppl\u00e9ant : Mme Martine PILLE\nD\u00e9l\u00e9gu\u00e9 du tribunal :\nTitulaire : M. Dominique BURNOUF\nSuppl\u00e9ant : Mme Marie-H\u00e9l\u00e8ne CHEVAL\nArt. 2 : Les membres de la commission de contr\u00f4le charg\u00e9e de la r\u00e9gularit\u00e9 des listes \u00e9lectorales sont d\u00e9sign\u00e9s pour trois ans.\nArt. 3 :  L'arr\u00eat\u00e9 en date du 11/01/21 portant nomination des membres de la commission de contr\u00f4le charg\u00e9e de la r\u00e9gularit\u00e9 des listes\n\u00e9lectorales de PONTS est abrog\u00e9.\nSign\u00e9 : Pour le Pr\u00e9fet, le Sous-Pr\u00e9fet d'Avranches : Pierre CHAULEUR\n\uf0bf\nArr\u00eat\u00e9 du 11 juillet 2023 portant nomination des membres de la commission de contr\u00f4le charg\u00e9e de la r\u00e9gularit\u00e9 des listes \u00e9lectorales\ndans la commune de PRECEY (communes de moins de 1 000 habitants et assimil\u00e9es)\nConsid\u00e9rant qu'il convient de nommer, dans chaque commune, les membres de la commission de contr\u00f4le charg\u00e9e de la r\u00e9gularit\u00e9 des listes\n\u00e9lectorales pour une dur\u00e9e de trois ans et apr\u00e8s chaque renouvellement int\u00e9gral du conseil municipal,\nArt. 1 : La commission de contr\u00f4le, institu\u00e9e dans la commune de PRECEY, est compos\u00e9e comme suit :\nConseiller municipal :\nTitulaire : M. Hubert FRANCQ\nSuppl\u00e9ant : Mme Marina ROYER\nD\u00e9l\u00e9gu\u00e9 de l'administration :\nTitulaire : M. Daniel BRAULT\nSuppl\u00e9ant : Mme Michelle LEBON\nD\u00e9l\u00e9gu\u00e9 du tribunal :\nTitulaire : Mme Christelle BAUBIGNY\nSuppl\u00e9ant : M. Yves BRAULT\nArt. 2 : Les membres de la commission de contr\u00f4le charg\u00e9e de la r\u00e9gularit\u00e9 des listes \u00e9lectorales sont d\u00e9sign\u00e9s pour trois ans.\nArt. 3 :  L'arr\u00eat\u00e9 en date du 11/01/21 portant nomination des membres de la commission de contr\u00f4le charg\u00e9e de la r\u00e9gularit\u00e9 des listes\n\u00e9lectorales de PRECEY est abrog\u00e9.\nSign\u00e9 : Pour le Pr\u00e9fet, le Sous-Pr\u00e9fet d'Avranches : Pierre CHAULEUR\n\uf0bf\nArr\u00eat\u00e9 du 11 juillet 2023 portant nomination des membres de la commission de contr\u00f4le charg\u00e9e de la r\u00e9gularit\u00e9 des listes \u00e9lectorales\ndans la commune de REFFUVEILLE (communes de moins de 1 000 habitants et assimil\u00e9es)\nConsid\u00e9rant qu'il convient de nommer, dans chaque commune, les membres de la commission de contr\u00f4le charg\u00e9e de la r\u00e9gularit\u00e9 des listes\n\u00e9lectorales pour une dur\u00e9e de trois ans et apr\u00e8s chaque renouvellement int\u00e9gral du conseil municipal,\nArt. 1 : La commission de contr\u00f4le, institu\u00e9e dans la commune de REFFUVEILLE, est compos\u00e9e comme suit :\nConseiller municipal :\nTitulaire : Mme Emilie CAUSSIN\nSuppl\u00e9ant : Mme Jo\u00eblle CWYL-LAVIALLE \nD\u00e9l\u00e9gu\u00e9 de l'administration :\nTitulaire : M. Pierre HAMEL\nSuppl\u00e9ant : Mme Odile LEVALLOIS\nD\u00e9l\u00e9gu\u00e9 du tribunal :\nTitulaire : \nSuppl\u00e9ant : \nArt. 2 : Les membres de la commission de contr\u00f4le charg\u00e9e de la r\u00e9gularit\u00e9 des listes \u00e9lectorales sont d\u00e9sign\u00e9s pour trois ans.\nArt. 3 :  L'arr\u00eat\u00e9 en date du 11/01/21 portant nomination des membres de la commission de contr\u00f4le charg\u00e9e de la r\u00e9gularit\u00e9 des listes\n\u00e9lectorales de REFFUVEILLE est abrog\u00e9.\nSign\u00e9 : Pour le Pr\u00e9fet, le Sous-Pr\u00e9fet d'Avranches : Pierre CHAULEUR\n\uf0bf\nArr\u00eat\u00e9 du 11 juillet 2023 portant nomination des membres de la commission de contr\u00f4le charg\u00e9e de la r\u00e9gularit\u00e9 des listes \u00e9lectorales\ndans la commune de SACEY (communes de moins de 1 000 habitants et assimil\u00e9es)\nConsid\u00e9rant qu'il convient de nommer, dans chaque commune, les membres de la commission de contr\u00f4le charg\u00e9e de la r\u00e9gularit\u00e9 des listes\n\u00e9lectorales pour une dur\u00e9e de trois ans et apr\u00e8s chaque renouvellement int\u00e9gral du conseil municipal,\nArt. 1 : La commission de contr\u00f4le, institu\u00e9e dans la commune de SACEY, est compos\u00e9e comme suit :\nConseiller municipal :\nTitulaire : M. Roland LABBE \nSuppl\u00e9ant : Mme Florence BLANCHET\nD\u00e9l\u00e9gu\u00e9 de l'administration :\nTitulaire : M. Bernard NICOLLE\nSuppl\u00e9ant : Mme Fran\u00e7oise LAUNAY\nD\u00e9l\u00e9gu\u00e9 du tribunal :\nTitulaire : \nSuppl\u00e9ant : \nArt. 2 : Les membres de la commission de contr\u00f4le charg\u00e9e de la r\u00e9gularit\u00e9 des listes \u00e9lectorales sont d\u00e9sign\u00e9s pour trois ans.\nArt. 3 :  L'arr\u00eat\u00e9 en date du 11/01/21 portant nomination des membres de la commission de contr\u00f4le charg\u00e9e de la r\u00e9gularit\u00e9 des listes\n\u00e9lectorales de SACEY est abrog\u00e9.\nSign\u00e9 : Pour le Pr\u00e9fet, le Sous-Pr\u00e9fet d'Avranches : Pierre CHAULEUR\n\uf0bf\nArr\u00eat\u00e9 du 11 juillet 2023 portant nomination des membres de la commission de contr\u00f4le charg\u00e9e de la r\u00e9gularit\u00e9 des listes \u00e9lectorales\ndans la commune de SAINT-AUBIN-DE-TERREGATTE (communes de moins de 1 000 habitants et assimil\u00e9es)\nConsid\u00e9rant qu'il convient de nommer, dans chaque commune, les membres de la commission de contr\u00f4le charg\u00e9e de la r\u00e9gularit\u00e9 des listes\n\u00e9lectorales pour une dur\u00e9e de trois ans et apr\u00e8s chaque renouvellement int\u00e9gral du conseil municipal,\nArt. 1 : La commission de contr\u00f4le, institu\u00e9e dans la commune de SAINT-AUBIN-DE-TERREGATTE, est compos\u00e9e comme suit :\nConseiller municipal :\nTitulaire : M. Jean DELHOSTAL\nSuppl\u00e9ant : Mme Marie-Eve MIGLIORE\nD\u00e9l\u00e9gu\u00e9 de l'administration :\nTitulaire : M. Jean-Pierre CARNET\nSuppl\u00e9ant : Mme Th\u00e9r\u00e8se GARNIER\nD\u00e9l\u00e9gu\u00e9 du tribunal :\nTitulaire : M. Philippe BRUNO\nSuppl\u00e9ant : \nArt. 2 : Les membres de la commission de contr\u00f4le charg\u00e9e de la r\u00e9gularit\u00e9 des listes \u00e9lectorales sont d\u00e9sign\u00e9s pour trois ans.\nArt. 3 :  L'arr\u00eat\u00e9 en date du 11/01/21 portant nomination des membres de la commission de contr\u00f4le charg\u00e9e de la r\u00e9gularit\u00e9 des listes\n\u00e9lectorales de SAINT-AUBIN-DE-TERREGATTE est abrog\u00e9.\nSign\u00e9 : Pour le Pr\u00e9fet, le Sous-Pr\u00e9fet d'Avranches : Pierre CHAULEUR\n\uf0bf\nArr\u00eat\u00e9 du 11 juillet 2023 portant nomination des membres de la commission de contr\u00f4le charg\u00e9e de la r\u00e9gularit\u00e9 des listes \u00e9lectorales\ndans la commune de SAINT-AUBIN-DES-PREAUX (communes de moins de 1 000 habitants et assimil\u00e9es)\nConsid\u00e9rant qu'il convient de nommer, dans chaque commune, les membres de la commission de contr\u00f4le charg\u00e9e de la r\u00e9gularit\u00e9 des listes\n\u00e9lectorales pour une dur\u00e9e de trois ans et apr\u00e8s chaque renouvellement int\u00e9gral du conseil municipal,\nArt. 1 : La commission de contr\u00f4le, institu\u00e9e dans la commune de SAINT-AUBIN-DES-PREAUX, est compos\u00e9e comme suit :\nConseiller municipal :\nTitulaire : Mme Maryline LE NAOUR\nSuppl\u00e9ant : M. Franck LEFEVRE\nD\u00e9l\u00e9gu\u00e9 de l'administration :\nTitulaire : M. Sylvain CLERAUX\nSuppl\u00e9ant : Mme Gwenaelle PAUTRET-TRIQUET\nD\u00e9l\u00e9gu\u00e9 du tribunal :\nTitulaire : Mme Th\u00e9r\u00e8se MORISSET\nSuppl\u00e9ant : Mme Claudine THOMAS\nArt. 2 : Les membres de la commission de contr\u00f4le charg\u00e9e de la r\u00e9gularit\u00e9 des listes \u00e9lectorales sont d\u00e9sign\u00e9s pour trois ans.\nArt. 3 :  L'arr\u00eat\u00e9 en date du 11/01/21 portant nomination des membres de la commission de contr\u00f4le charg\u00e9e de la r\u00e9gularit\u00e9 des listes\n\u00e9lectorales de SAINT-AUBIN-DES-PREAUX est abrog\u00e9.\nSign\u00e9 : Pour le Pr\u00e9fet, le Sous-Pr\u00e9fet d'Avranches : Pierre CHAULEUR\n\uf0bf\nArr\u00eat\u00e9 du 11 juillet 2023 portant nomination des membres de la commission de contr\u00f4le charg\u00e9e de la r\u00e9gularit\u00e9 des listes \u00e9lectorales\ndans la commune de SAINT-BARTHELEMY (communes de moins de 1 000 habitants et assimil\u00e9es)\nConsid\u00e9rant qu'il convient de nommer, dans chaque commune, les membres de la commission de contr\u00f4le charg\u00e9e de la r\u00e9gularit\u00e9 des listes\n\u00e9lectorales pour une dur\u00e9e de trois ans et apr\u00e8s chaque renouvellement int\u00e9gral du conseil municipal,\nArt. 1 : La commission de contr\u00f4le, institu\u00e9e dans la commune de SAINT-BARTHELEMY, est compos\u00e9e comme suit :\nConseiller municipal :\nTitulaire : Mme Jocelyne MARIE\nSuppl\u00e9ant : M. Julien CLOUARD\nD\u00e9l\u00e9gu\u00e9 de l'administration :\nTitulaire : M. Gilbert DUMONT\nSuppl\u00e9ant : M. S\u00e9bastien JEHAN\nD\u00e9l\u00e9gu\u00e9 du tribunal :\nTitulaire : M. Christian POISNEL\nSuppl\u00e9ant : M. Guillaume DESGUE\nArt. 2 : Les membres de la commission de contr\u00f4le charg\u00e9e de la r\u00e9gularit\u00e9 des listes \u00e9lectorales sont d\u00e9sign\u00e9s pour trois ans.\nArt. 3 :  L'arr\u00eat\u00e9 en date du 11/01/21 portant nomination des membres de la commission de contr\u00f4le charg\u00e9e de la r\u00e9gularit\u00e9 des listes\n\u00e9lectorales de SAINT-BARTHELEMY est abrog\u00e9.\nSign\u00e9 : Pour le Pr\u00e9fet, le Sous-Pr\u00e9fet d'Avranches : Pierre CHAULEUR\n\uf0bf\nArr\u00eat\u00e9 du 11 juillet 2023 portant nomination des membres de la commission de contr\u00f4le charg\u00e9e de la r\u00e9gularit\u00e9 des listes \u00e9lectorales\ndans la commune de SAINT-BRICE (communes de moins de 1 000 habitants et assimil\u00e9es)\nConsid\u00e9rant qu'il convient de nommer, dans chaque commune, les membres de la commission de contr\u00f4le charg\u00e9e de la r\u00e9gularit\u00e9 des listes\n\u00e9lectorales pour une dur\u00e9e de trois ans et apr\u00e8s chaque renouvellement int\u00e9gral du conseil municipal,\nArt. 1 : La commission de contr\u00f4le, institu\u00e9e dans la commune de SAINT-BRICE, est compos\u00e9e comme suit :\nConseiller municipal :\nTitulaire : mail le 19/06/23\nSuppl\u00e9ant : \nD\u00e9l\u00e9gu\u00e9 de l'administration :\nTitulaire : \nSuppl\u00e9ant : \nD\u00e9l\u00e9gu\u00e9 du tribunal :\nTitulaire : \nSuppl\u00e9ant : \nArt. 2 : Les membres de la commission de contr\u00f4le charg\u00e9e de la r\u00e9gularit\u00e9 des listes \u00e9lectorales sont d\u00e9sign\u00e9s pour trois ans.\nArt. 3 :  L'arr\u00eat\u00e9 en date du 14/04/21 portant nomination des membres de la commission de contr\u00f4le charg\u00e9e de la r\u00e9gularit\u00e9 des listes\n\u00e9lectorales de SAINT-BRICE est abrog\u00e9.\nSign\u00e9 : Pour le Pr\u00e9fet, le Sous-Pr\u00e9fet d'Avranches : Pierre CHAULEUR\n\uf0bf\nArr\u00eat\u00e9 du 11 juillet 2023 portant nomination des membres de la commission de contr\u00f4le charg\u00e9e de la r\u00e9gularit\u00e9 des listes \u00e9lectorales\ndans la commune de SAINT-BRICE-DE-LANDELLES (communes de moins de 1 000 habitants et assimil\u00e9es)\nConsid\u00e9rant qu'il convient de nommer, dans chaque commune, les membres de la commission de contr\u00f4le charg\u00e9e de la r\u00e9gularit\u00e9 des listes\n\u00e9lectorales pour une dur\u00e9e de trois ans et apr\u00e8s chaque renouvellement int\u00e9gral du conseil municipal,\nArt. 1 : La commission de contr\u00f4le, institu\u00e9e dans la commune de SAINT-BRICE-DE-LANDELLES, est compos\u00e9e comme suit :\nConseiller municipal :\nTitulaire : M. Vincent BOISBUNON\nSuppl\u00e9ant : Mme Nelly ROCHELLE\nD\u00e9l\u00e9gu\u00e9 de l'administration :\nTitulaire : Mme Isabelle CHARUEL\nSuppl\u00e9ant : Mme Patricia BONNISSENT\nD\u00e9l\u00e9gu\u00e9 du tribunal :\nTitulaire : M. Roland GAUTIER\nSuppl\u00e9ant : M. Patrick DEBROIZE\nArt. 2 : Les membres de la commission de contr\u00f4le charg\u00e9e de la r\u00e9gularit\u00e9 des listes \u00e9lectorales sont d\u00e9sign\u00e9s pour trois ans.\nArt. 3 :  L'arr\u00eat\u00e9 en date du 11/01/21 portant nomination des membres de la commission de contr\u00f4le charg\u00e9e de la r\u00e9gularit\u00e9 des listes\n\u00e9lectorales de SAINT-BRICE-DE-LANDELLES est abrog\u00e9.\nSign\u00e9 : Pour le Pr\u00e9fet, le Sous-Pr\u00e9fet d'Avranches : Pierre CHAULEUR\n\uf0bf\nArr\u00eat\u00e9 du 11 juillet 2023 portant nomination des membres de la commission de contr\u00f4le charg\u00e9e de la r\u00e9gularit\u00e9 des listes \u00e9lectorales\ndans la commune de SAINT-CLEMENT-RANCOUDRAY (communes de moins de 1 000 habitants et assimil\u00e9es)\nConsid\u00e9rant qu'il convient de nommer, dans chaque commune, les membres de la commission de contr\u00f4le charg\u00e9e de la r\u00e9gularit\u00e9 des listes\n\u00e9lectorales pour une dur\u00e9e de trois ans et apr\u00e8s chaque renouvellement int\u00e9gral du conseil municipal,\nArt. 1 : La commission de contr\u00f4le, institu\u00e9e dans la commune de SAINT-CLEMENT-RANCOUDRAY, est compos\u00e9e comme suit :\nConseiller municipal :\nTitulaire : M. Damien KILHOFFER \nSuppl\u00e9ant : M. Jean CHANVIN\nD\u00e9l\u00e9gu\u00e9 de l'administration :\nTitulaire : M. Edouard DEBOCK\nSuppl\u00e9ant : M. R\u00e9mi GOUTTE\nD\u00e9l\u00e9gu\u00e9 du tribunal :\nTitulaire : \nSuppl\u00e9ant : \nArt. 2 : Les membres de la commission de contr\u00f4le charg\u00e9e de la r\u00e9gularit\u00e9 des listes \u00e9lectorales sont d\u00e9sign\u00e9s pour trois ans.\nArt. 3 :  L'arr\u00eat\u00e9 en date du 11/01/21 portant nomination des membres de la commission de contr\u00f4le charg\u00e9e de la r\u00e9gularit\u00e9 des listes\n\u00e9lectorales de SAINT-CLEMENT-RANCOUDRAY est abrog\u00e9.\nSign\u00e9 : Pour le Pr\u00e9fet, le Sous-Pr\u00e9fet d'Avranches : Pierre CHAULEUR\n\uf0bf\nArr\u00eat\u00e9 du 11 juillet 2023 portant nomination des membres de la commission de contr\u00f4le charg\u00e9e de la r\u00e9gularit\u00e9 des listes \u00e9lectorales\ndans la commune de SAINT-CYR-DU-BAILLEUL (communes de moins de 1 000 habitants et assimil\u00e9es)\nConsid\u00e9rant qu'il convient de nommer, dans chaque commune, les membres de la commission de contr\u00f4le charg\u00e9e de la r\u00e9gularit\u00e9 des listes\n\u00e9lectorales pour une dur\u00e9e de trois ans et apr\u00e8s chaque renouvellement int\u00e9gral du conseil municipal,\nArt. 1 : La commission de contr\u00f4le, institu\u00e9e dans la commune de SAINT-CYR-DU-BAILLEUL, est compos\u00e9e comme suit :\nConseiller municipal :\nTitulaire : Mme Maryline LEMAITRE\nSuppl\u00e9ant : M. Franck RUAULT\nD\u00e9l\u00e9gu\u00e9 de l'administration :\nTitulaire : Mme Marie-Th\u00e9r\u00e8se BOULLE\nSuppl\u00e9ant : M. Georges RUAULT\nD\u00e9l\u00e9gu\u00e9 du tribunal :\nTitulaire : M. Denis GANNE\nSuppl\u00e9ant : N\u00e9ant\nArt. 2 : Les membres de la commission de contr\u00f4le charg\u00e9e de la r\u00e9gularit\u00e9 des listes \u00e9lectorales sont d\u00e9sign\u00e9s pour trois ans.\nArt. 3 :  L'arr\u00eat\u00e9 en date du 11/01/21 portant nomination des membres de la commission de contr\u00f4le charg\u00e9e de la r\u00e9gularit\u00e9 des listes\n\u00e9lectorales de SAINT-CYR-DU-BAILLEUL est abrog\u00e9.\nSign\u00e9 : Pour le Pr\u00e9fet, le Sous-Pr\u00e9fet d'Avranches : Pierre CHAULEUR\n\uf0bf\nArr\u00eat\u00e9 du 11 juillet 2023 portant nomination des membres de la commission de contr\u00f4le charg\u00e9e de la r\u00e9gularit\u00e9 des listes \u00e9lectorales\ndans la commune de SAINT-GEORGES-DE-LIVOYE (communes de moins de 1 000 habitants et assimil\u00e9es)\nConsid\u00e9rant qu'il convient de nommer, dans chaque commune, les membres de la commission de contr\u00f4le charg\u00e9e de la r\u00e9gularit\u00e9 des listes\n\u00e9lectorales pour une dur\u00e9e de trois ans et apr\u00e8s chaque renouvellement int\u00e9gral du conseil municipal,\nArt. 1 : La commission de contr\u00f4le, institu\u00e9e dans la commune de SAINT-GEORGES-DE-LIVOYE, est compos\u00e9e comme suit :\nConseiller municipal :\nTitulaire : Mme Monique GUI\nSuppl\u00e9ant : Mme Florence JOUVIN\nD\u00e9l\u00e9gu\u00e9 de l'administration :\nTitulaire : M. Andr\u00e9 BARBOT\nSuppl\u00e9ant : Mme Chantal COLIN\nD\u00e9l\u00e9gu\u00e9 du tribunal :\nTitulaire : Mme Gis\u00e8le PINCHON\nSuppl\u00e9ant : M. Michel LEHERICEY\nArt. 2 : Les membres de la commission de contr\u00f4le charg\u00e9e de la r\u00e9gularit\u00e9 des listes \u00e9lectorales sont d\u00e9sign\u00e9s pour trois ans.\nArt. 3 :  L'arr\u00eat\u00e9 en date du 11/01/21 portant nomination des membres de la commission de contr\u00f4le charg\u00e9e de la r\u00e9gularit\u00e9 des listes\n\u00e9lectorales de SAINT-GEORGES-DE-LIVOYE est abrog\u00e9.\nSign\u00e9 : Pour le Pr\u00e9fet, le Sous-Pr\u00e9fet d'Avranches : Pierre CHAULEUR\n\uf0bf\nArr\u00eat\u00e9 du 11 juillet 2023 portant nomination des membres de la commission de contr\u00f4le charg\u00e9e de la r\u00e9gularit\u00e9 des listes \u00e9lectorales\ndans la commune de SAINT-GEORGES-DE-ROUELLEY (communes de moins de 1 000 habitants et assimil\u00e9es)\nConsid\u00e9rant qu'il convient de nommer, dans chaque commune, les membres de la commission de contr\u00f4le charg\u00e9e de la r\u00e9gularit\u00e9 des listes\n\u00e9lectorales pour une dur\u00e9e de trois ans et apr\u00e8s chaque renouvellement int\u00e9gral du conseil municipal,\nArt. 1 : La commission de contr\u00f4le, institu\u00e9e dans la commune de SAINT-GEORGES-DE-ROUELLEY, est compos\u00e9e comme suit :\nConseiller municipal :\nTitulaire : Mme Odile SILANDRE\nSuppl\u00e9ant : Mme Marie-Claire DESGRIPPES\nD\u00e9l\u00e9gu\u00e9 de l'administration :\nTitulaire : M. Daniel LEVERRIER\nSuppl\u00e9ant : Mme Annick PICOT\nD\u00e9l\u00e9gu\u00e9 du tribunal :\nTitulaire : M. Albert LESERGENT\nSuppl\u00e9ant : M. Bernard DUCREUX\nArt. 2 : Les membres de la commission de contr\u00f4le charg\u00e9e de la r\u00e9gularit\u00e9 des listes \u00e9lectorales sont d\u00e9sign\u00e9s pour trois ans.\nArt. 3 :  L'arr\u00eat\u00e9 en date du 11/01/21 portant nomination des membres de la commission de contr\u00f4le charg\u00e9e de la r\u00e9gularit\u00e9 des listes\n\u00e9lectorales de SAINT-GEORGES-DE-ROUELLEY est abrog\u00e9.\nSign\u00e9 : Pour le Pr\u00e9fet, le Sous-Pr\u00e9fet d'Avranches : Pierre CHAULEUR\n\uf0bf\nArr\u00eat\u00e9 du 11 juillet 2023 portant nomination des membres de la commission de contr\u00f4le charg\u00e9e de la r\u00e9gularit\u00e9 des listes \u00e9lectorales\ndans la commune de SAINT-JEAN-DE-LA-HAIZE (communes de moins de 1 000 habitants et assimil\u00e9es)\nConsid\u00e9rant qu'il convient de nommer, dans chaque commune, les membres de la commission de contr\u00f4le charg\u00e9e de la r\u00e9gularit\u00e9 des listes\n\u00e9lectorales pour une dur\u00e9e de trois ans et apr\u00e8s chaque renouvellement int\u00e9gral du conseil municipal,\nArt. 1 : La commission de contr\u00f4le, institu\u00e9e dans la commune de SAINT-JEAN-DE-LA-HAIZE, est compos\u00e9e comme suit :\nConseiller municipal :\nTitulaire : Mme Sonia LEMARIEY \nSuppl\u00e9ant : M. Nicolas DELVILLE\nD\u00e9l\u00e9gu\u00e9 de l'administration :\nTitulaire : M. Didier TETREL \nSuppl\u00e9ant : N\u00e9ant\nD\u00e9l\u00e9gu\u00e9 du tribunal :\nTitulaire : Mme Nadine ANFRAY\nSuppl\u00e9ant : M. Patrick GUERIN\nArt. 2 : Les membres de la commission de contr\u00f4le charg\u00e9e de la r\u00e9gularit\u00e9 des listes \u00e9lectorales sont d\u00e9sign\u00e9s pour trois ans.\nArt. 3 :  L'arr\u00eat\u00e9 en date du 11/01/21 portant nomination des membres de la commission de contr\u00f4le charg\u00e9e de la r\u00e9gularit\u00e9 des listes\n\u00e9lectorales de SAINT-JEAN-DE-LA-HAIZE est abrog\u00e9.\nSign\u00e9 : Pour le Pr\u00e9fet, le Sous-Pr\u00e9fet d'Avranches : Pierre CHAULEUR\n\uf0bf\nArr\u00eat\u00e9 du 11 juillet 2023 portant nomination des membres de la commission de contr\u00f4le charg\u00e9e de la r\u00e9gularit\u00e9 des listes \u00e9lectorales\ndans la commune de SAINT-JEAN-DU-CORAIL-DES-BOIS (communes de moins de 1 000 habitants et assimil\u00e9es)\nConsid\u00e9rant qu'il convient de nommer, dans chaque commune, les membres de la commission de contr\u00f4le charg\u00e9e de la r\u00e9gularit\u00e9 des listes\n\u00e9lectorales pour une dur\u00e9e de trois ans et apr\u00e8s chaque renouvellement int\u00e9gral du conseil municipal,\nArt. 1 : La commission de contr\u00f4le, institu\u00e9e dans la commune de SAINT-JEAN-DU-CORAIL-DES-BOIS, est compos\u00e9e comme suit :\nConseiller municipal :\nTitulaire : M. Daniel LEROYER\nSuppl\u00e9ant : Mme Marie-Odile JOURDHEUIL PHILIPPE\nD\u00e9l\u00e9gu\u00e9 de l'administration :\nTitulaire : Mme Janine BOISSEL FRANCOIS\nSuppl\u00e9ant : Mme Lydie LAMY BINET\nD\u00e9l\u00e9gu\u00e9 du tribunal :\nTitulaire : \nSuppl\u00e9ant : \nArt. 2 : Les membres de la commission de contr\u00f4le charg\u00e9e de la r\u00e9gularit\u00e9 des listes \u00e9lectorales sont d\u00e9sign\u00e9s pour trois ans.\nArt. 3 :  L'arr\u00eat\u00e9 en date du 11/01/21 portant nomination des membres de la commission de contr\u00f4le charg\u00e9e de la r\u00e9gularit\u00e9 des listes\n\u00e9lectorales de SAINT-JEAN-DU-CORAIL-DES-BOIS est abrog\u00e9.\nSign\u00e9 : Pour le Pr\u00e9fet, le Sous-Pr\u00e9fet d'Avranches : Pierre CHAULEUR\n\uf0bf\nArr\u00eat\u00e9 du 11 juillet 2023 portant nomination des membres de la commission de contr\u00f4le charg\u00e9e de la r\u00e9gularit\u00e9 des listes \u00e9lectorales\ndans la commune de SAINT-JEAN-LE-THOMAS (communes de moins de 1 000 habitants et assimil\u00e9es)\nConsid\u00e9rant qu'il convient de nommer, dans chaque commune, les membres de la commission de contr\u00f4le charg\u00e9e de la r\u00e9gularit\u00e9 des listes\n\u00e9lectorales pour une dur\u00e9e de trois ans et apr\u00e8s chaque renouvellement int\u00e9gral du conseil municipal,\nArt. 1 : La commission de contr\u00f4le, institu\u00e9e dans la commune de SAINT-JEAN-LE-THOMAS, est compos\u00e9e comme suit :\nConseiller municipal :\nTitulaire : M. Dominique GONTHIER\nSuppl\u00e9ant : M. Tancr\u00e8de LEROY\nD\u00e9l\u00e9gu\u00e9 de l'administration :\nTitulaire : Mme Monique ARBION\nSuppl\u00e9ant : Mme Monique DELBOS\nD\u00e9l\u00e9gu\u00e9 du tribunal :\nTitulaire : \nSuppl\u00e9ant : \nArt. 2 : Les membres de la commission de contr\u00f4le charg\u00e9e de la r\u00e9gularit\u00e9 des listes \u00e9lectorales sont d\u00e9sign\u00e9s pour trois ans.\nArt. 3 :  L'arr\u00eat\u00e9 en date du 20/01/21 portant nomination des membres de la commission de contr\u00f4le charg\u00e9e de la r\u00e9gularit\u00e9 des listes\n\u00e9lectorales de SAINT-JEAN-LE-THOMAS est abrog\u00e9.\nSign\u00e9 : Pour le Pr\u00e9fet, le Sous-Pr\u00e9fet d'Avranches : Pierre CHAULEUR\n\uf0bf\nArr\u00eat\u00e9 du 11 juillet 2023 portant nomination des membres de la commission de contr\u00f4le charg\u00e9e de la r\u00e9gularit\u00e9 des listes \u00e9lectorales\ndans la commune de SAINT-LAURENT-DE-CUVES (communes de moins de 1 000 habitants et assimil\u00e9es)\nConsid\u00e9rant qu'il convient de nommer, dans chaque commune, les membres de la commission de contr\u00f4le charg\u00e9e de la r\u00e9gularit\u00e9 des listes\n\u00e9lectorales pour une dur\u00e9e de trois ans et apr\u00e8s chaque renouvellement int\u00e9gral du conseil municipal,\nArt. 1 : La commission de contr\u00f4le, institu\u00e9e dans la commune de SAINT-LAURENT-DE-CUVES, est compos\u00e9e comme suit :\nConseiller municipal :\nTitulaire : M. Pierre LOYSON\nSuppl\u00e9ant : Mme Christine VIGOR\nD\u00e9l\u00e9gu\u00e9 de l'administration :\nTitulaire : M. Denis JAMES\nSuppl\u00e9ant : M. Valentin RUBY\nD\u00e9l\u00e9gu\u00e9 du tribunal :\nTitulaire : Mme Eveline COLASSE\nSuppl\u00e9ant : M. Sylvain ANFRAY\nArt. 2 : Les membres de la commission de contr\u00f4le charg\u00e9e de la r\u00e9gularit\u00e9 des listes \u00e9lectorales sont d\u00e9sign\u00e9s pour trois ans.\nArt. 3 :  L'arr\u00eat\u00e9 en date du 11/01/21 portant nomination des membres de la commission de contr\u00f4le charg\u00e9e de la r\u00e9gularit\u00e9 des listes\n\u00e9lectorales de SAINT-LAURENT-DE-CUVES est abrog\u00e9.\nSign\u00e9 : Pour le Pr\u00e9fet, le Sous-Pr\u00e9fet d'Avranches : Pierre CHAULEUR\n\uf0bf\nArr\u00eat\u00e9 du 11 juillet 2023 portant nomination des membres de la commission de contr\u00f4le charg\u00e9e de la r\u00e9gularit\u00e9 des listes \u00e9lectorales\ndans la commune de SAINT-LAURENT-DE-TERREGATTE (communes de moins de 1 000 habitants et assimil\u00e9es)\nConsid\u00e9rant qu'il convient de nommer, dans chaque commune, les membres de la commission de contr\u00f4le charg\u00e9e de la r\u00e9gularit\u00e9 des listes\n\u00e9lectorales pour une dur\u00e9e de trois ans et apr\u00e8s chaque renouvellement int\u00e9gral du conseil municipal,\nArt. 1 : La commission de contr\u00f4le, institu\u00e9e dans la commune de SAINT-LAURENT-DE-TERREGATTE, est compos\u00e9e comme suit :\nConseiller municipal :\nTitulaire : M. Joseph MANCEAU\nSuppl\u00e9ant : M. Jean-Luc DELARUE\nD\u00e9l\u00e9gu\u00e9 de l'administration :\nTitulaire : M. Jean-Claude MARQUER\nSuppl\u00e9ant : M. Beno\u00eet HOUEL\nD\u00e9l\u00e9gu\u00e9 du tribunal :\nTitulaire : Mme Bernadette DUPARD\nSuppl\u00e9ant : M. Laurent LEMONNIER\nArt. 2 : Les membres de la commission de contr\u00f4le charg\u00e9e de la r\u00e9gularit\u00e9 des listes \u00e9lectorales sont d\u00e9sign\u00e9s pour trois ans.\nArt. 3 :  L'arr\u00eat\u00e9 en date du 10/09/20 portant nomination des membres de la commission de contr\u00f4le charg\u00e9e de la r\u00e9gularit\u00e9 des listes\n\u00e9lectorales de SAINT-LAURENT-DE-TERREGATTE est abrog\u00e9.\nSign\u00e9 : Pour le Pr\u00e9fet, le Sous-Pr\u00e9fet d'Avranches : Pierre CHAULEUR\n\uf0bf\nArr\u00eat\u00e9 du 11 juillet 2023 portant nomination des membres de la commission de contr\u00f4le charg\u00e9e de la r\u00e9gularit\u00e9 des listes \u00e9lectorales\ndans la commune de SAINT-LOUP (communes de moins de 1 000 habitants et assimil\u00e9es)\nConsid\u00e9rant qu'il convient de nommer, dans chaque commune, les membres de la commission de contr\u00f4le charg\u00e9e de la r\u00e9gularit\u00e9 des listes\n\u00e9lectorales pour une dur\u00e9e de trois ans et apr\u00e8s chaque renouvellement int\u00e9gral du conseil municipal,\nArt. 1 : La commission de contr\u00f4le, institu\u00e9e dans la commune de SAINT-LOUP, est compos\u00e9e comme suit :\nConseiller municipal :\nTitulaire : M. Dominique PINSON\nSuppl\u00e9ant : M. Jean-Louis GODEY\nD\u00e9l\u00e9gu\u00e9 de l'administration :\nTitulaire : M. Daniel DALIGAULT\nSuppl\u00e9ant : M. Roland MADELAINE\nD\u00e9l\u00e9gu\u00e9 du tribunal :\nTitulaire : M. Richard BREHIER\nSuppl\u00e9ant : M. Olivier LEMARDELE\nArt. 2 : Les membres de la commission de contr\u00f4le charg\u00e9e de la r\u00e9gularit\u00e9 des listes \u00e9lectorales sont d\u00e9sign\u00e9s pour trois ans.\nArt. 3 :  L'arr\u00eat\u00e9 en date du 11/01/21 portant nomination des membres de la commission de contr\u00f4le charg\u00e9e de la r\u00e9gularit\u00e9 des listes\n\u00e9lectorales de SAINT-LOUP est abrog\u00e9.\nSign\u00e9 : Pour le Pr\u00e9fet, le Sous-Pr\u00e9fet d'Avranches : Pierre CHAULEUR\n\uf0bf\nArr\u00eat\u00e9 du 11 juillet 2023 portant nomination des membres de la commission de contr\u00f4le charg\u00e9e de la r\u00e9gularit\u00e9 des listes \u00e9lectorales\ndans la commune de SAINT-MARTIN-LE-BOUILLANT (communes de moins de 1 000 habitants et assimil\u00e9es)\nConsid\u00e9rant qu'il convient de nommer, dans chaque commune, les membres de la commission de contr\u00f4le charg\u00e9e de la r\u00e9gularit\u00e9 des listes\n\u00e9lectorales pour une dur\u00e9e de trois ans et apr\u00e8s chaque renouvellement int\u00e9gral du conseil municipal,\nArt. 1 : La commission de contr\u00f4le, institu\u00e9e dans la commune de SAINT-MARTIN-LE-BOUILLANT, est compos\u00e9e comme suit :\nConseiller municipal :\nTitulaire : M. Rodophe DEBROISE\nSuppl\u00e9ant : N\u00e9ant\nD\u00e9l\u00e9gu\u00e9 de l'administration :\nTitulaire : M. Bernard LEJEMBLE\nSuppl\u00e9ant : N\u00e9ant\nD\u00e9l\u00e9gu\u00e9 du tribunal :\nTitulaire : M. Marc NORGEOT\nSuppl\u00e9ant : Mme Guylaine LEBOISSELIER\nArt. 2 : Les membres de la commission de contr\u00f4le charg\u00e9e de la r\u00e9gularit\u00e9 des listes \u00e9lectorales sont d\u00e9sign\u00e9s pour trois ans.\nArt. 3 :  L'arr\u00eat\u00e9 en date du 11/01/21 portant nomination des membres de la commission de contr\u00f4le charg\u00e9e de la r\u00e9gularit\u00e9 des listes\n\u00e9lectorales de SAINT-MARTIN-LE-BOUILLANT est abrog\u00e9.\nSign\u00e9 : Pour le Pr\u00e9fet, le Sous-Pr\u00e9fet d'Avranches : Pierre CHAULEUR\n\uf0bf\nArr\u00eat\u00e9 du 11 juillet 2023 portant nomination des membres de la commission de contr\u00f4le charg\u00e9e de la r\u00e9gularit\u00e9 des listes \u00e9lectorales\ndans la commune de SAINT-MAUR-DES-BOIS (communes de moins de 1 000 habitants et assimil\u00e9es)\nConsid\u00e9rant qu'il convient de nommer, dans chaque commune, les membres de la commission de contr\u00f4le charg\u00e9e de la r\u00e9gularit\u00e9 des listes\n\u00e9lectorales pour une dur\u00e9e de trois ans et apr\u00e8s chaque renouvellement int\u00e9gral du conseil municipal,\nArt. 1 : La commission de contr\u00f4le, institu\u00e9e dans la commune de SAINT-MAUR-DES-BOIS, est compos\u00e9e comme suit :\nConseiller municipal :\nTitulaire : M. Philippe LAVILLE\nSuppl\u00e9ant : M. Patrick BAZIN\nD\u00e9l\u00e9gu\u00e9 de l'administration :\nTitulaire : M. Micka\u00ebl ROBINE \nSuppl\u00e9ant : Mme Rolande GESNOUIN\nD\u00e9l\u00e9gu\u00e9 du tribunal :\nTitulaire : M. Maurice LEMESLE \nSuppl\u00e9ant : M. Michel MAUDUIT\nArt. 2 : Les membres de la commission de contr\u00f4le charg\u00e9e de la r\u00e9gularit\u00e9 des listes \u00e9lectorales sont d\u00e9sign\u00e9s pour trois ans.\nArt. 3 :  L'arr\u00eat\u00e9 en date du 11/01/21 portant nomination des membres de la commission de contr\u00f4le charg\u00e9e de la r\u00e9gularit\u00e9 des listes\n\u00e9lectorales de SAINT-MAUR-DES-BOIS est abrog\u00e9.\nSign\u00e9 : Pour le Pr\u00e9fet, le Sous-Pr\u00e9fet d'Avranches : Pierre CHAULEUR\n\uf0bf\nArr\u00eat\u00e9 du 11 juillet 2023 portant nomination des membres de la commission de contr\u00f4le charg\u00e9e de la r\u00e9gularit\u00e9 des listes \u00e9lectorales\ndans la commune de SAINT-MICHEL-DE-MONTJOIE (communes de moins de 1 000 habitants et assimil\u00e9es)\nConsid\u00e9rant qu'il convient de nommer, dans chaque commune, les membres de la commission de contr\u00f4le charg\u00e9e de la r\u00e9gularit\u00e9 des listes\n\u00e9lectorales pour une dur\u00e9e de trois ans et apr\u00e8s chaque renouvellement int\u00e9gral du conseil municipal,\nArt. 1 : La commission de contr\u00f4le, institu\u00e9e dans la commune de SAINT-MICHEL-DE-MONTJOIE, est compos\u00e9e comme suit :\nConseiller municipal :\nTitulaire : M. Michel HOUSTIN\nSuppl\u00e9ant : M. Christian VIEL\nD\u00e9l\u00e9gu\u00e9 de l'administration :\nTitulaire : M. Nicolas RENAULT\nSuppl\u00e9ant : Mme Louise DANET\nD\u00e9l\u00e9gu\u00e9 du tribunal :\nTitulaire : \nSuppl\u00e9ant : \nArt. 2 : Les membres de la commission de contr\u00f4le charg\u00e9e de la r\u00e9gularit\u00e9 des listes \u00e9lectorales sont d\u00e9sign\u00e9s pour trois ans.\nArt. 3 :  L'arr\u00eat\u00e9 en date du 11/01/21 portant nomination des membres de la commission de contr\u00f4le charg\u00e9e de la r\u00e9gularit\u00e9 des listes\n\u00e9lectorales de SAINT-MICHEL-DE-MONTJOIE est abrog\u00e9.\nSign\u00e9 : Pour le Pr\u00e9fet, le Sous-Pr\u00e9fet d'Avranches : Pierre CHAULEUR\n\uf0bf\nArr\u00eat\u00e9 du 11 juillet 2023 portant nomination des membres de la commission de contr\u00f4le charg\u00e9e de la r\u00e9gularit\u00e9 des listes \u00e9lectorales\ndans la commune de SAINT-NICOLAS DES BOIS (communes de moins de 1 000 habitants et assimil\u00e9es)\nConsid\u00e9rant qu'il convient de nommer, dans chaque commune, les membres de la commission de contr\u00f4le charg\u00e9e de la r\u00e9gularit\u00e9 des listes\n\u00e9lectorales pour une dur\u00e9e de trois ans et apr\u00e8s chaque renouvellement int\u00e9gral du conseil municipal,\nArt. 1 : La commission de contr\u00f4le, institu\u00e9e dans la commune de SAINT-NICOLAS DES BOIS, est compos\u00e9e comme suit :\nConseiller municipal :\nTitulaire : M. C\u00e9dric PECATE\nSuppl\u00e9ant : Mme Gwendolyn NOBLET\nD\u00e9l\u00e9gu\u00e9 de l'administration :\nTitulaire : Mme Am\u00e9lie DUVAL\nSuppl\u00e9ant : Mme H\u00e9l\u00e8ne NATIVELLE\nD\u00e9l\u00e9gu\u00e9 du tribunal :\nTitulaire : Mme Noella LETROUIT\nSuppl\u00e9ant : M. Simon MOREL\nArt. 2 : Les membres de la commission de contr\u00f4le charg\u00e9e de la r\u00e9gularit\u00e9 des listes \u00e9lectorales sont d\u00e9sign\u00e9s pour trois ans.\nArt. 3 :  L'arr\u00eat\u00e9 en date du 11/01/21 portant nomination des membres de la commission de contr\u00f4le charg\u00e9e de la r\u00e9gularit\u00e9 des listes\n\u00e9lectorales de SAINT-NICOLAS DES BOIS est abrog\u00e9.\nSign\u00e9 : Pour le Pr\u00e9fet, le Sous-Pr\u00e9fet d'Avranches : Pierre CHAULEUR\n\uf0bf\nArr\u00eat\u00e9 du 11 juillet 2023 portant nomination des membres de la commission de contr\u00f4le charg\u00e9e de la r\u00e9gularit\u00e9 des listes \u00e9lectorales\ndans la commune de SAINT-OVIN (communes de moins de 1 000 habitants et assimil\u00e9es)\nConsid\u00e9rant qu'il convient de nommer, dans chaque commune, les membres de la commission de contr\u00f4le charg\u00e9e de la r\u00e9gularit\u00e9 des listes\n\u00e9lectorales pour une dur\u00e9e de trois ans et apr\u00e8s chaque renouvellement int\u00e9gral du conseil municipal,\nArt. 1 : La commission de contr\u00f4le, institu\u00e9e dans la commune de SAINT-OVIN, est compos\u00e9e comme suit :\nConseiller municipal :\nTitulaire : M. Philippe LAUTH\nSuppl\u00e9ant : M. Jean-Pierre CLAVEAU\nD\u00e9l\u00e9gu\u00e9 de l'administration :\nTitulaire : M. Fernand BADIER\nSuppl\u00e9ant : M. Alain ROSSIGNOL\nD\u00e9l\u00e9gu\u00e9 du tribunal :\nTitulaire : Mme Catherine MARIELLE\nSuppl\u00e9ant : Mme Nathalie PIGEON\nArt. 2 : Les membres de la commission de contr\u00f4le charg\u00e9e de la r\u00e9gularit\u00e9 des listes \u00e9lectorales sont d\u00e9sign\u00e9s pour trois ans.\nArt. 3 :  L'arr\u00eat\u00e9 en date du 17/03/21 portant nomination des membres de la commission de contr\u00f4le charg\u00e9e de la r\u00e9gularit\u00e9 des listes\n\u00e9lectorales de SAINT-OVIN est abrog\u00e9.\nSign\u00e9 : Pour le Pr\u00e9fet, le Sous-Pr\u00e9fet d'Avranches : Pierre CHAULEUR\n\uf0bf\nArr\u00eat\u00e9 du 11 juillet 2023 portant nomination des membres de la commission de contr\u00f4le charg\u00e9e de la r\u00e9gularit\u00e9 des listes \u00e9lectorales\ndans la commune de SAINT-PIERRE LANGERS (communes de moins de 1 000 habitants et assimil\u00e9es)\nConsid\u00e9rant qu'il convient de nommer, dans chaque commune, les membres de la commission de contr\u00f4le charg\u00e9e de la r\u00e9gularit\u00e9 des listes\n\u00e9lectorales pour une dur\u00e9e de trois ans et apr\u00e8s chaque renouvellement int\u00e9gral du conseil municipal,\nArt. 1 : La commission de contr\u00f4le, institu\u00e9e dans la commune de SAINT-PIERRE LANGERS, est compos\u00e9e comme suit :\nConseiller municipal :\nTitulaire : Mme Patricia LEPERTEL\nSuppl\u00e9ant : \nD\u00e9l\u00e9gu\u00e9 de l'administration :\nTitulaire : M. Albert LETOURNEUR\nSuppl\u00e9ant : Mme Marie-Jos\u00e8phe ROMUALD\nD\u00e9l\u00e9gu\u00e9 du tribunal :\nTitulaire : \nSuppl\u00e9ant : \nArt. 2 : Les membres de la commission de contr\u00f4le charg\u00e9e de la r\u00e9gularit\u00e9 des listes \u00e9lectorales sont d\u00e9sign\u00e9s pour trois ans.\nArt. 3 :  L'arr\u00eat\u00e9 en date du 11/01/21 portant nomination des membres de la commission de contr\u00f4le charg\u00e9e de la r\u00e9gularit\u00e9 des listes\n\u00e9lectorales de SAINT-PIERRE LANGERS est abrog\u00e9.\nSign\u00e9 : Pour le Pr\u00e9fet, le Sous-Pr\u00e9fet d'Avranches : Pierre CHAULEUR\n\uf0bf\nArr\u00eat\u00e9 du 11 juillet 2023 portant nomination des membres de la commission de contr\u00f4le charg\u00e9e de la r\u00e9gularit\u00e9 des listes \u00e9lectorales\ndans la commune de SAINT-POIS (communes de moins de 1 000 habitants et assimil\u00e9es)\nConsid\u00e9rant qu'il convient de nommer, dans chaque commune, les membres de la commission de contr\u00f4le charg\u00e9e de la r\u00e9gularit\u00e9 des listes\n\u00e9lectorales pour une dur\u00e9e de trois ans et apr\u00e8s chaque renouvellement int\u00e9gral du conseil municipal,\nArt. 1 : La commission de contr\u00f4le, institu\u00e9e dans la commune de SAINT-POIS, est compos\u00e9e comme suit :\nConseiller municipal :\nTitulaire : M. Jo\u00ebl CUDELOU\nSuppl\u00e9ant : Mme Colombe FLEURY\nD\u00e9l\u00e9gu\u00e9 de l'administration :\nTitulaire : M. Bernard OZENNE\nSuppl\u00e9ant : Mme Nelly LAIR\nD\u00e9l\u00e9gu\u00e9 du tribunal :\nTitulaire : Mme Nelly PLESSIS\nSuppl\u00e9ant : N\u00e9ant\nArt. 2 : Les membres de la commission de contr\u00f4le charg\u00e9e de la r\u00e9gularit\u00e9 des listes \u00e9lectorales sont d\u00e9sign\u00e9s pour trois ans.\nArt. 3 :  L'arr\u00eat\u00e9 en date du 11/01/21 portant nomination des membres de la commission de contr\u00f4le charg\u00e9e de la r\u00e9gularit\u00e9 des listes\n\u00e9lectorales de SAINT-POIS est abrog\u00e9.\nSign\u00e9 : Pour le Pr\u00e9fet, le Sous-Pr\u00e9fet d'Avranches : Pierre CHAULEUR\n\uf0bf\nArr\u00eat\u00e9 du 11 juillet 2023 portant nomination des membres de la commission de contr\u00f4le charg\u00e9e de la r\u00e9gularit\u00e9 des listes \u00e9lectorales\ndans la commune de SAINT-SAUVEUR-LA POMMERAYE (communes de moins de 1 000 habitants et assimil\u00e9es)\nConsid\u00e9rant qu'il convient de nommer, dans chaque commune, les membres de la commission de contr\u00f4le charg\u00e9e de la r\u00e9gularit\u00e9 des listes\n\u00e9lectorales pour une dur\u00e9e de trois ans et apr\u00e8s chaque renouvellement int\u00e9gral du conseil municipal,\nArt. 1 : La commission de contr\u00f4le, institu\u00e9e dans la commune de SAINT-SAUVEUR-LA POMMERAYE, est compos\u00e9e comme suit :\nConseiller municipal :\nTitulaire : M. Michel SEBIRE\nSuppl\u00e9ant : M. Alain MORTELECQ\nD\u00e9l\u00e9gu\u00e9 de l'administration :\nTitulaire : Mme Fran\u00e7oise ALLAIN MORICET \nSuppl\u00e9ant : M. Benoit BONJOUR\nD\u00e9l\u00e9gu\u00e9 du tribunal :\nTitulaire : M. Jean-Fran\u00e7ois LION\nSuppl\u00e9ant : M. R\u00e9mi GRESOISET\nArt. 2 : Les membres de la commission de contr\u00f4le charg\u00e9e de la r\u00e9gularit\u00e9 des listes \u00e9lectorales sont d\u00e9sign\u00e9s pour trois ans.\nArt. 3 :  L'arr\u00eat\u00e9 en date du 11/01/21 portant nomination des membres de la commission de contr\u00f4le charg\u00e9e de la r\u00e9gularit\u00e9 des listes\n\u00e9lectorales de SAINT-SAUVEUR-LA POMMERAYE est abrog\u00e9.\nSign\u00e9 : Pour le Pr\u00e9fet, le Sous-Pr\u00e9fet d'Avranches : Pierre CHAULEUR\n\uf0bf\nArr\u00eat\u00e9 du 11 juillet 2023 portant nomination des membres de la commission de contr\u00f4le charg\u00e9e de la r\u00e9gularit\u00e9 des listes \u00e9lectorales\ndans la commune de SAINT-SENIER-DE-BEUVRON (communes de moins de 1 000 habitants et assimil\u00e9es)\nConsid\u00e9rant qu'il convient de nommer, dans chaque commune, les membres de la commission de contr\u00f4le charg\u00e9e de la r\u00e9gularit\u00e9 des listes\n\u00e9lectorales pour une dur\u00e9e de trois ans et apr\u00e8s chaque renouvellement int\u00e9gral du conseil municipal,\nArt. 1 : La commission de contr\u00f4le, institu\u00e9e dans la commune de SAINT-SENIER-DE-BEUVRON, est compos\u00e9e comme suit :\nConseiller municipal :\nTitulaire : Mme Aude VANHEE\nSuppl\u00e9ant : Mme Karine DUFOUR\nD\u00e9l\u00e9gu\u00e9 de l'administration :\nTitulaire : Mme Odile LETRANCHANT\nSuppl\u00e9ant : M. Eug\u00e8ne BRAULT\nD\u00e9l\u00e9gu\u00e9 du tribunal :\nTitulaire : M. Albert POIRIER\nSuppl\u00e9ant : Mme Emilie DUFOUR\nArt. 2 : Les membres de la commission de contr\u00f4le charg\u00e9e de la r\u00e9gularit\u00e9 des listes \u00e9lectorales sont d\u00e9sign\u00e9s pour trois ans.\nArt. 3 :  L'arr\u00eat\u00e9 en date du 13/01/21 portant nomination des membres de la commission de contr\u00f4le charg\u00e9e de la r\u00e9gularit\u00e9 des listes\n\u00e9lectorales de SAINT-SENIER-DE-BEUVRON est abrog\u00e9.\nSign\u00e9 : Pour le Pr\u00e9fet, le Sous-Pr\u00e9fet d'Avranches : Pierre CHAULEUR\n\uf0bf\nArr\u00eat\u00e9 du 11 juillet 2023 portant nomination des membres de la commission de contr\u00f4le charg\u00e9e de la r\u00e9gularit\u00e9 des listes \u00e9lectorales\ndans la commune de SAVIGNY-LE-VIEUX (communes de moins de 1 000 habitants et assimil\u00e9es)\nConsid\u00e9rant qu'il convient de nommer, dans chaque commune, les membres de la commission de contr\u00f4le charg\u00e9e de la r\u00e9gularit\u00e9 des listes\n\u00e9lectorales pour une dur\u00e9e de trois ans et apr\u00e8s chaque renouvellement int\u00e9gral du conseil municipal,\nArt. 1 : La commission de contr\u00f4le, institu\u00e9e dans la commune de SAVIGNY-LE-VIEUX, est compos\u00e9e comme suit :\nConseiller municipal :\nTitulaire : \nSuppl\u00e9ant : \nD\u00e9l\u00e9gu\u00e9 de l'administration :\nTitulaire : \nSuppl\u00e9ant : \nD\u00e9l\u00e9gu\u00e9 du tribunal :\nTitulaire : \nSuppl\u00e9ant : \nArt. 2 : Les membres de la commission de contr\u00f4le charg\u00e9e de la r\u00e9gularit\u00e9 des listes \u00e9lectorales sont d\u00e9sign\u00e9s pour trois ans.\nArt. 3 :  L'arr\u00eat\u00e9 en date du 11/01/21 portant nomination des membres de la commission de contr\u00f4le charg\u00e9e de la r\u00e9gularit\u00e9 des listes\n\u00e9lectorales de SAVIGNY-LE-VIEUX est abrog\u00e9.\nSign\u00e9 : Pour le Pr\u00e9fet, le Sous-Pr\u00e9fet d'Avranches : Pierre CHAULEUR\n\uf0bf\nArr\u00eat\u00e9 du juillet 2023 portant nomination des membres de la commission de contr\u00f4le charg\u00e9e de la r\u00e9gularit\u00e9 des listes \u00e9lectorales\ndans la commune de SERVON (communes de moins de 1 000 habitants et assimil\u00e9es)\nConsid\u00e9rant qu'il convient de nommer, dans chaque commune, les membres de la commission de contr\u00f4le charg\u00e9e de la r\u00e9gularit\u00e9 des listes\n\u00e9lectorales pour une dur\u00e9e de trois ans et apr\u00e8s chaque renouvellement int\u00e9gral du conseil municipal,\nArt. 1 : La commission de contr\u00f4le, institu\u00e9e dans la commune de SERVON, est compos\u00e9e comme suit :\nConseiller municipal :\nTitulaire : \nSuppl\u00e9ant : \nD\u00e9l\u00e9gu\u00e9 de l'administration :\nTitulaire : \nSuppl\u00e9ant : \nD\u00e9l\u00e9gu\u00e9 du tribunal :\nTitulaire : \nSuppl\u00e9ant : \nArt. 2 : Les membres de la commission de contr\u00f4le charg\u00e9e de la r\u00e9gularit\u00e9 des listes \u00e9lectorales sont d\u00e9sign\u00e9s pour trois ans.\nArt. 3 :  L'arr\u00eat\u00e9 en date du 11/01/21 portant nomination des membres de la commission de contr\u00f4le charg\u00e9e de la r\u00e9gularit\u00e9 des listes\n\u00e9lectorales de SERVON est abrog\u00e9.\nSign\u00e9 : Pour le Pr\u00e9fet, le Sous-Pr\u00e9fet d'Avranches : Pierre CHAULEUR\n\uf0bf\nArr\u00eat\u00e9 du 11 juillet 2023 portant nomination des membres de la commission de contr\u00f4le charg\u00e9e de la r\u00e9gularit\u00e9 des listes \u00e9lectorales\ndans la commune de SUBLIGNY (communes de moins de 1 000 habitants et assimil\u00e9es)\nConsid\u00e9rant qu'il convient de nommer, dans chaque commune, les membres de la commission de contr\u00f4le charg\u00e9e de la r\u00e9gularit\u00e9 des listes\n\u00e9lectorales pour une dur\u00e9e de trois ans et apr\u00e8s chaque renouvellement int\u00e9gral du conseil municipal,\nArt. 1 : La commission de contr\u00f4le, institu\u00e9e dans la commune de SUBLIGNY, est compos\u00e9e comme suit :\nConseiller municipal :\nTitulaire : Mme Agn\u00e8s FONTENAY\nSuppl\u00e9ant : Mme Sabrina GARDIE\nD\u00e9l\u00e9gu\u00e9 de l'administration :\nTitulaire : Mme Nathalie NORMAND\nSuppl\u00e9ant : Mme Anita LELERRE\nD\u00e9l\u00e9gu\u00e9 du tribunal :\nTitulaire : Mme Hilaire LEMASLE\nSuppl\u00e9ant : Mme Manuela SAUVE\nArt. 2 : Les membres de la commission de contr\u00f4le charg\u00e9e de la r\u00e9gularit\u00e9 des listes \u00e9lectorales sont d\u00e9sign\u00e9s pour trois ans.\nArt. 3 :  L'arr\u00eat\u00e9 en date du 11/01/21 portant nomination des membres de la commission de contr\u00f4le charg\u00e9e de la r\u00e9gularit\u00e9 des listes\n\u00e9lectorales de SUBLIGNY est abrog\u00e9.\nSign\u00e9 : Pour le Pr\u00e9fet, le Sous-Pr\u00e9fet d'Avranches : Pierre CHAULEUR\n\uf0bf\nArr\u00eat\u00e9 du 11 juillet 2023 portant nomination des membres de la commission de contr\u00f4le charg\u00e9e de la r\u00e9gularit\u00e9 des listes \u00e9lectorales\ndans la commune de TANIS (communes de moins de 1 000 habitants et assimil\u00e9es)\nConsid\u00e9rant qu'il convient de nommer, dans chaque commune, les membres de la commission de contr\u00f4le charg\u00e9e de la r\u00e9gularit\u00e9 des listes\n\u00e9lectorales pour une dur\u00e9e de trois ans et apr\u00e8s chaque renouvellement int\u00e9gral du conseil municipal,\nArt. 1 : La commission de contr\u00f4le, institu\u00e9e dans la commune de TANIS, est compos\u00e9e comme suit :\nConseiller municipal :\nTitulaire : M. Emmanuel GILLES\nSuppl\u00e9ant : Mme Emeline CHAPDELAINE\nD\u00e9l\u00e9gu\u00e9 de l'administration :\nTitulaire : M. Laurent VIAL\nSuppl\u00e9ant : M. Michel LEJEUNE\nD\u00e9l\u00e9gu\u00e9 du tribunal :\nTitulaire : M. Bruno LETRANCHANT\nSuppl\u00e9ant : M. Pascal SCHERER\nArt. 2 : Les membres de la commission de contr\u00f4le charg\u00e9e de la r\u00e9gularit\u00e9 des listes \u00e9lectorales sont d\u00e9sign\u00e9s pour trois ans.\nArt. 3 :  L'arr\u00eat\u00e9 en date du 11/01/21 portant nomination des membres de la commission de contr\u00f4le charg\u00e9e de la r\u00e9gularit\u00e9 des listes\n\u00e9lectorales de TANIS est abrog\u00e9.\nSign\u00e9 : Pour le Pr\u00e9fet, le Sous-Pr\u00e9fet d'Avranches : Pierre CHAULEUR\n\uf0bf\nArr\u00eat\u00e9 du 11 juillet 2023 portant nomination des membres de la commission de contr\u00f4le charg\u00e9e de la r\u00e9gularit\u00e9 des listes \u00e9lectorales\ndans la commune de TIREPIED-SUR-S\u00c9E (communes de moins de 1 000 habitants et assimil\u00e9es)\nConsid\u00e9rant qu'il convient de nommer, dans chaque commune, les membres de la commission de contr\u00f4le charg\u00e9e de la r\u00e9gularit\u00e9 des listes\n\u00e9lectorales pour une dur\u00e9e de trois ans et apr\u00e8s chaque renouvellement int\u00e9gral du conseil municipal,\nArt. 1 : La commission de contr\u00f4le, institu\u00e9e dans la commune de TIREPIED-SUR-S\u00c9E, est compos\u00e9e comme suit :\nConseiller municipal :\nTitulaire : M. Fr\u00e9d\u00e9ric JOLIVET\nSuppl\u00e9ant : Mme Sandy HOUSSIN\nD\u00e9l\u00e9gu\u00e9 de l'administration :\nTitulaire : Mme Colette LEMOUSSU TAINTURE\nSuppl\u00e9ant : M. Jo\u00ebl  LESERVOISIER\nD\u00e9l\u00e9gu\u00e9 du tribunal :\nTitulaire : M. Gilbert LEHERICEY\nSuppl\u00e9ant : Mme B\u00e9atrice ODIENNE\nArt. 2 : Les membres de la commission de contr\u00f4le charg\u00e9e de la r\u00e9gularit\u00e9 des listes \u00e9lectorales sont d\u00e9sign\u00e9s pour trois ans.\nArt. 3 :  L'arr\u00eat\u00e9 en date du 11/01/21 portant nomination des membres de la commission de contr\u00f4le charg\u00e9e de la r\u00e9gularit\u00e9 des listes\n\u00e9lectorales de TIREPIED-SUR-S\u00c9E est abrog\u00e9.\nSign\u00e9 : Pour le Pr\u00e9fet, le Sous-Pr\u00e9fet d'Avranches : Pierre CHAULEUR\n\uf0bf\nArr\u00eat\u00e9 du 11 juillet 2023 portant nomination des membres de la commission de contr\u00f4le charg\u00e9e de la r\u00e9gularit\u00e9 des listes \u00e9lectorales\ndans la commune de VAINS (communes de moins de 1 000 habitants et assimil\u00e9es)\nConsid\u00e9rant qu'il convient de nommer, dans chaque commune, les membres de la commission de contr\u00f4le charg\u00e9e de la r\u00e9gularit\u00e9 des listes\n\u00e9lectorales pour une dur\u00e9e de trois ans et apr\u00e8s chaque renouvellement int\u00e9gral du conseil municipal,\nArt. 1 : La commission de contr\u00f4le, institu\u00e9e dans la commune de VAINS, est compos\u00e9e comme suit :\nConseiller municipal :\nTitulaire : Mme Nathalie JUGAN\nSuppl\u00e9ant : Mme Guyl\u00e8ne TETREL\nD\u00e9l\u00e9gu\u00e9 de l'administration :\nTitulaire : M. Ren\u00e9 MOREL\nSuppl\u00e9ant : Mme Marie-Joseph MANNEHEUT\nD\u00e9l\u00e9gu\u00e9 du tribunal :\nTitulaire : Mme Cl\u00e9mence LEMASLE \nSuppl\u00e9ant : M. Daniel TETREL\nArt. 2 : Les membres de la commission de contr\u00f4le charg\u00e9e de la r\u00e9gularit\u00e9 des listes \u00e9lectorales sont d\u00e9sign\u00e9s pour trois ans.\nArt. 3 :  L'arr\u00eat\u00e9 en date du 11/01/21 portant nomination des membres de la commission de contr\u00f4le charg\u00e9e de la r\u00e9gularit\u00e9 des listes\n\u00e9lectorales de VAINS est abrog\u00e9.\nSign\u00e9 : Pour le Pr\u00e9fet, le Sous-Pr\u00e9fet d'Avranches : Pierre CHAULEUR\n\uf0bf\nArr\u00eat\u00e9 du 11 juillet 2023 portant nomination des membres de la commission de contr\u00f4le charg\u00e9e de la r\u00e9gularit\u00e9 des listes \u00e9lectorales\ndans la commune de VERNIX (communes de moins de 1 000 habitants et assimil\u00e9es)\nConsid\u00e9rant qu'il convient de nommer, dans chaque commune, les membres de la commission de contr\u00f4le charg\u00e9e de la r\u00e9gularit\u00e9 des listes\n\u00e9lectorales pour une dur\u00e9e de trois ans et apr\u00e8s chaque renouvellement int\u00e9gral du conseil municipal,\nArt. 1 : La commission de contr\u00f4le, institu\u00e9e dans la commune de VERNIX, est compos\u00e9e comme suit :\nConseiller municipal :\nTitulaire : M. Philippe LEMARIE\nSuppl\u00e9ant : M. Baptiste PERRON\nD\u00e9l\u00e9gu\u00e9 de l'administration :\nTitulaire : Mme Aim\u00e9e BLANDIN\nSuppl\u00e9ant : M. Yves FERON \nD\u00e9l\u00e9gu\u00e9 du tribunal :\nTitulaire : M. Georges DESFEUX\nSuppl\u00e9ant : M. Jean-Louis HALLAIS\nArt. 2 : Les membres de la commission de contr\u00f4le charg\u00e9e de la r\u00e9gularit\u00e9 des listes \u00e9lectorales sont d\u00e9sign\u00e9s pour trois ans.\nArt. 3 :  L'arr\u00eat\u00e9 en date du 11/01/21 portant nomination des membres de la commission de contr\u00f4le charg\u00e9e de la r\u00e9gularit\u00e9 des listes\n\u00e9lectorales de VERNIX est abrog\u00e9.\nSign\u00e9 : Pour le Pr\u00e9fet, le Sous-Pr\u00e9fet d'Avranches : Pierre CHAULEUR\n\uf0bf\nArr\u00eat\u00e9 du 11 juillet 2023 portant nomination des membres de la commission de contr\u00f4le charg\u00e9e de la r\u00e9gularit\u00e9 des listes \u00e9lectorales\ndans la commune de (communes de moins de 1 000 habitants et assimil\u00e9es)\nConsid\u00e9rant qu'il convient de nommer, dans chaque commune, les membres de la commission de contr\u00f4le charg\u00e9e de la r\u00e9gularit\u00e9 des listes\n\u00e9lectorales pour une dur\u00e9e de trois ans et apr\u00e8s chaque renouvellement int\u00e9gral du conseil municipal,\nArt. 1 : La commission de contr\u00f4le, institu\u00e9e dans la commune de , est compos\u00e9e comme suit :\nConseiller municipal :\nTitulaire : \nSuppl\u00e9ant : Nombre de communes\nD\u00e9l\u00e9gu\u00e9 de l'administration :\nTitulaire : 103\nSuppl\u00e9ant : \nD\u00e9l\u00e9gu\u00e9 du tribunal :\nTitulaire : \nSuppl\u00e9ant : \nArt. 2 : Les membres de la commission de contr\u00f4le charg\u00e9e de la r\u00e9gularit\u00e9 des listes \u00e9lectorales sont d\u00e9sign\u00e9s pour trois ans.\nArt. 3 : L'arr\u00eat\u00e9 en date du  portant nomination des membres de la commission de contr\u00f4le charg\u00e9e de la r\u00e9gularit\u00e9 des listes \u00e9lectorales de  est\nabrog\u00e9.\nSign\u00e9 : Pour le Pr\u00e9fet, le Sous-Pr\u00e9fet d'Avranches : Pierre CHAULEUR\n\uf0bf\nArr\u00eat\u00e9 n\u00b0 2023-152 du 11 juillet 2023 portant autorisation d'un syst\u00e8me de vid\u00e9oprotection - MAIRIE DE TORIGNY LES VILLES\nTORIGNY-LES-VILLES\nConsid\u00e9rant que ce lieu est particuli\u00e8rement expos\u00e9 \u00e0 des risques d'agression ou de vol ;\nConsid\u00e9rant le caract\u00e8re proportionn\u00e9 du nombre de cam\u00e9ras envisag\u00e9es au regard des risques susmentionn\u00e9s ;\nArt. 1 : Monsieur MICHAEL GRANDIN, maire de Torigny-les-Villes est autoris\u00e9, dans les conditions fix\u00e9es au pr\u00e9sent arr\u00eat\u00e9 et pour une\ndur\u00e9e de cinq  ans  renouvelable,  \u00e0  installer  de la vid\u00e9oprotection au sein  de la COMMUNE  DE  TORIGNY LES  VILLES  p\u00e9rim\u00e8tre\nvid\u00e9oprot\u00e9g\u00e9 (6)  50160 TORIGNY-LES-VILLES, conform\u00e9ment au dossier pr\u00e9sent\u00e9 et annex\u00e9 \u00e0 la demande enregistr\u00e9e sous le num\u00e9ro\n2023/0121.\nLes diff\u00e9rentes adresses qui constituent l'environnement du p\u00e9rim\u00e8tre vid\u00e9oprot\u00e9g\u00e9 sont :\n- carrefour D96/ P.A le Sausey\n- place parking \u2013 chemin ds Terriers\n- 10 rue de la R\u00e9publique\n- Place du Ch\u00e2teau\n- Rue du Ch\u00e2teau\n- 2,6 rue Stade Richard Vivien\nLe syst\u00e8me consid\u00e9r\u00e9 r\u00e9pond aux finalit\u00e9s pr\u00e9vues par le code de la s\u00e9curit\u00e9 int\u00e9rieure :\nS\u00e9curit\u00e9 des personnes, Pr\u00e9vention des atteintes aux biens, Protection des b\u00e2timents publics.\nArt. 2 : Le public est inform\u00e9 de la pr\u00e9sence de ces cam\u00e9ras, dans l'\u00e9tablissement cit\u00e9 \u00e0 l'article 1er, par une signal\u00e9tique appropri\u00e9e :\n- de mani\u00e8re claire, permanente et significative, \u00e0 chaque point d'acc\u00e8s du public, de l'existence du syst\u00e8me de vid\u00e9oprotection ;\n- \u00e0 chaque point d'acc\u00e8s du public, des affichettes mentionnent les r\u00e9f\u00e9rences du code de la s\u00e9curit\u00e9 int\u00e9rieure susvis\u00e9 et les coordonn\u00e9es\ndu responsable de l'\u00e9tablissement aupr\u00e8s duquel s'exerce le droit d'acc\u00e8s aux images.\nLe droit d'acc\u00e8s aux images pourra s'exercer aupr\u00e8s du maire.\nArt. 3 : Hormis le cas d'une enqu\u00eate de flagrant d\u00e9lit, d'une enqu\u00eate pr\u00e9liminaire ou d'une information judiciaire, les enregistrements sont\nd\u00e9truits dans un d\u00e9lai maximum de 20 jours.\nArt. 4 : Monsieur MICHAEL GRANDIN, maire de Torigny-les-Villes, responsable de la mise en \u0153uvre du syst\u00e8me doit se porter garant des\npersonnes susceptibles d'intervenir dans l'exploitation ou le visionnage des images, ainsi que dans la maintenance du syst\u00e8me mis en\nplace. Des consignes tr\u00e8s pr\u00e9cises sur la confidentialit\u00e9 des images capt\u00e9es ou/et enregistr\u00e9es et des atteintes \u00e0 la vie priv\u00e9e qu'elles\npeuvent \u00e9ventuellement impliquer sont donn\u00e9es \u00e0 toutes les personnes concern\u00e9es.\nArt. 5  : Toute modification pr\u00e9sentant un caract\u00e8re substantiel devra faire l'objet d'une d\u00e9claration aupr\u00e8s des services pr\u00e9fectoraux,\nnotamment changement d'activit\u00e9 dans les lieux prot\u00e9g\u00e9s, changement dans la configuration des lieux, changement affectant la protection\ndes images.\nArt. 6  : Sans pr\u00e9judice des sanctions p\u00e9nales applicables, la pr\u00e9sente autorisation peut, apr\u00e8s que l'int\u00e9ress\u00e9 ait \u00e9t\u00e9 mis \u00e0 m\u00eame de\npr\u00e9senter ses observations, \u00eatre retir\u00e9e en cas de manquement aux dispositions figurant aux articles L.251-2, L.251-3, L.252-1 \u00e0 L.252-6,\nL.253-1 \u00e0 L.253-5 et R.251-1 \u00e0 R.253-4 du code de la s\u00e9curit\u00e9 int\u00e9rieure susvis\u00e9 ou encore en cas de modification des conditions au vu\ndesquelles cette autorisation a \u00e9t\u00e9 d\u00e9livr\u00e9e.\nArt. 7  : La pr\u00e9sente autorisation peut faire l'objet d'un recours devant le Tribunal Administratif de Caen dans un d\u00e9lai de deux mois \u00e0\ncompter de la date de sa notification \u00e0 l'int\u00e9ress\u00e9.\nArt. 8 : Le syst\u00e8me concern\u00e9 devra faire l'objet d'une nouvelle autorisation administrative pr\u00e9alable au terme du d\u00e9lai des cinq ans  : une\nnouvelle demande devra \u00eatre d\u00e9pos\u00e9e par  t\u00e9l\u00e9proc\u00e9dure disponible sur le site \u00abvideoprotection.interieur.gouv.fr\u00bb,  quatre mois avant\nl'\u00e9ch\u00e9ance de ce d\u00e9lai.\nSign\u00e9 : Pour le Pr\u00e9fet, le Sous-Pr\u00e9fet d'Avranches : Pierre CHAULEUR\n\uf0bf\nArr\u00eat\u00e9 n\u00b0 2023-154 du 11 juillet 2023 portant autorisation d'un syst\u00e8me de vid\u00e9oprotection - TRANSDEV NORMANDIE MANCHE \u00e0\nGRANVILLE\nConsid\u00e9rant que ce lieu est particuli\u00e8rement expos\u00e9 \u00e0 des risques d'agression ou de vol ;\nConsid\u00e9rant le caract\u00e8re proportionn\u00e9 du nombre de cam\u00e9ras envisag\u00e9es au regard des risques susmentionn\u00e9s ;\nArt. 1 : Monsieur JEROME FELIZA est autoris\u00e9, dans les conditions fix\u00e9es au pr\u00e9sent arr\u00eat\u00e9 et pour une dur\u00e9e de cinq ans renouvelable, \u00e0\ninstaller 1 cam\u00e9ra int\u00e9rieure de vid\u00e9oprotection au sein de l'\u00e9tablissement TRANSDEV NORMANDIE MANCHE   50400 GRANVILLE,\nconform\u00e9ment au dossier pr\u00e9sent\u00e9 et annex\u00e9 \u00e0 la demande enregistr\u00e9e sous le num\u00e9ro 2023/0127.\nLe syst\u00e8me consid\u00e9r\u00e9 r\u00e9pond aux finalit\u00e9s pr\u00e9vues par le code de la s\u00e9curit\u00e9 int\u00e9rieure :\nS\u00e9curit\u00e9 des personnes, Pr\u00e9vention des atteintes aux biens.\nArt. 2 : Le public est inform\u00e9 de la pr\u00e9sence de ces cam\u00e9ras, dans l'\u00e9tablissement cit\u00e9 \u00e0 l'article 1er, par une signal\u00e9tique appropri\u00e9e :\n- de mani\u00e8re claire, permanente et significative, \u00e0 chaque point d'acc\u00e8s du public, de l'existence du syst\u00e8me de vid\u00e9oprotection ;\n- \u00e0 chaque point d'acc\u00e8s du public, des affichettes mentionnent les r\u00e9f\u00e9rences du code de la s\u00e9curit\u00e9 int\u00e9rieure susvis\u00e9 et les coordonn\u00e9es\ndu responsable de l'\u00e9tablissement aupr\u00e8s duquel s'exerce le droit d'acc\u00e8s aux images.\nLe droit d'acc\u00e8s aux images pourra s'exercer aupr\u00e8s de l'adjoint responsable d'exploitation.\nArt. 3 : Hormis le cas d'une enqu\u00eate de flagrant d\u00e9lit, d'une enqu\u00eate pr\u00e9liminaire ou d'une information judiciaire, les enregistrements sont\nd\u00e9truits dans un d\u00e9lai maximum de 30 jours.\nArt. 4     : Monsieur JEROME FELIZA, responsable de la mise en \u0153uvre du syst\u00e8me doit se porter garant des personnes susceptibles\nd'intervenir dans l'exploitation ou le visionnage des images, ainsi que dans la maintenance du syst\u00e8me mis en place. Des consignes tr\u00e8s\npr\u00e9cises sur la confidentialit\u00e9 des images capt\u00e9es ou/et enregistr\u00e9es et des atteintes \u00e0 la vie priv\u00e9e qu'elles peuvent \u00e9ventuellement\nimpliquer sont donn\u00e9es \u00e0 toutes les personnes concern\u00e9es.\nArt. 5  : Toute modification pr\u00e9sentant un caract\u00e8re substantiel devra faire l'objet d'une d\u00e9claration aupr\u00e8s des services pr\u00e9fectoraux,\nnotamment changement d'activit\u00e9 dans les lieux prot\u00e9g\u00e9s, changement dans la configuration des lieux, changement affectant la protection\ndes images.\nArt. 6  : Sans pr\u00e9judice des sanctions p\u00e9nales applicables, la pr\u00e9sente autorisation peut, apr\u00e8s que l'int\u00e9ress\u00e9 ait \u00e9t\u00e9 mis \u00e0 m\u00eame de\npr\u00e9senter ses observations, \u00eatre retir\u00e9e en cas de manquement aux dispositions figurant aux articles L.251-2, L.251-3, L.252-1 \u00e0 L.252-6,\nL.253-1 \u00e0 L.253-5 et R.251-1 \u00e0 R.253-4 du code de la s\u00e9curit\u00e9 int\u00e9rieure susvis\u00e9 ou encore en cas de modification des conditions au vu\ndesquelles cette autorisation a \u00e9t\u00e9 d\u00e9livr\u00e9e.\nArt. 7  : La pr\u00e9sente autorisation peut faire l'objet d'un recours devant le Tribunal Administratif de Caen dans un d\u00e9lai de deux mois \u00e0\ncompter de la date de sa notification \u00e0 l'int\u00e9ress\u00e9.\nArt. 8 : Le syst\u00e8me concern\u00e9 devra faire l'objet d'une nouvelle autorisation administrative pr\u00e9alable au terme du d\u00e9lai des cinq ans  : une\nnouvelle demande devra \u00eatre d\u00e9pos\u00e9e par  t\u00e9l\u00e9proc\u00e9dure disponible sur le site \u00abvideoprotection.interieur.gouv.fr\u00bb,  quatre mois avant\nl'\u00e9ch\u00e9ance de ce d\u00e9lai.\nSign\u00e9 : Pour le Pr\u00e9fet, le Sous-Pr\u00e9fet d'Avranches : Pierre CHAULEUR\n\uf0bf\nArr\u00eat\u00e9 n\u00b0 2023-155 du 11 juillet 2023 portant autorisation d'un syst\u00e8me de vid\u00e9oprotection - GROUPE Nocib\u00e9 \u00e0 AVRANCHES\nConsid\u00e9rant que ce lieu est particuli\u00e8rement expos\u00e9 \u00e0 des risques d'agression ou de vol ;\nConsid\u00e9rant le caract\u00e8re proportionn\u00e9 du nombre de cam\u00e9ras envisag\u00e9es au regard des risques susmentionn\u00e9s ;\nArt.  1 :  Monsieur  BENJAMIN  POLLART est  autoris\u00e9,  dans  les  conditions  fix\u00e9es  au  pr\u00e9sent  arr\u00eat\u00e9 et  pour  une dur\u00e9e de cinq  ans\nrenouvelable, \u00e0 installer 7 cam\u00e9ras int\u00e9rieures de vid\u00e9oprotection au sein de l'\u00e9tablissement GROUPE Nocib\u00e9 31 rue De la constitution\n50300 AVRANCHES, conform\u00e9ment au dossier pr\u00e9sent\u00e9 et annex\u00e9 \u00e0 la demande enregistr\u00e9e sous le num\u00e9ro 2023/0153.\nLe syst\u00e8me consid\u00e9r\u00e9 r\u00e9pond aux finalit\u00e9s pr\u00e9vues par le code de la s\u00e9curit\u00e9 int\u00e9rieure :\nS\u00e9curit\u00e9 des personnes, Pr\u00e9vention des atteintes aux biens, Lutte contre la d\u00e9marque inconnue.\nArt. 2 : Le public est inform\u00e9 de la pr\u00e9sence de ces cam\u00e9ras, dans l'\u00e9tablissement cit\u00e9 \u00e0 l'article 1er, par une signal\u00e9tique appropri\u00e9e :\n- de mani\u00e8re claire, permanente et significative, \u00e0 chaque point d'acc\u00e8s du public, de l'existence du syst\u00e8me de vid\u00e9oprotection ;\n- \u00e0 chaque point d'acc\u00e8s du public, des affichettes mentionnent les r\u00e9f\u00e9rences du code de la s\u00e9curit\u00e9 int\u00e9rieure susvis\u00e9 et les coordonn\u00e9es\ndu responsable de l'\u00e9tablissement aupr\u00e8s duquel s'exerce le droit d'acc\u00e8s aux images.\nLe droit d'acc\u00e8s aux images pourra s'exercer aupr\u00e8s du responsable magasin.\nArt. 3 : Hormis le cas d'une enqu\u00eate de flagrant d\u00e9lit, d'une enqu\u00eate pr\u00e9liminaire ou d'une information judiciaire, les enregistrements sont\nd\u00e9truits dans un d\u00e9lai maximum de 30 jours.\nArt. 4 : Monsieur BENJAMIN POLLART, responsable de la mise en \u0153uvre du syst\u00e8me doit se porter garant des personnes susceptibles\nd'intervenir dans l'exploitation ou le visionnage des images, ainsi que dans la maintenance du syst\u00e8me mis en place. Des consignes tr\u00e8s\npr\u00e9cises sur la confidentialit\u00e9 des images capt\u00e9es ou/et enregistr\u00e9es et des atteintes \u00e0 la vie priv\u00e9e qu'elles peuvent \u00e9ventuellement\nimpliquer sont donn\u00e9es \u00e0 toutes les personnes concern\u00e9es.\nArt. 5     : Toute modification pr\u00e9sentant un caract\u00e8re substantiel devra faire l'objet d'une d\u00e9claration aupr\u00e8s des services pr\u00e9fectoraux,\nnotamment changement d'activit\u00e9 dans les lieux prot\u00e9g\u00e9s, changement dans la configuration des lieux, changement affectant la protection\ndes images.\nArt. 6     : Sans pr\u00e9judice des sanctions p\u00e9nales applicables, la pr\u00e9sente autorisation peut, apr\u00e8s que l'int\u00e9ress\u00e9 ait \u00e9t\u00e9 mis \u00e0 m\u00eame de\npr\u00e9senter ses observations, \u00eatre retir\u00e9e en cas de manquement aux dispositions figurant aux articles L.251-2, L.251-3, L.252-1 \u00e0 L.252-6,\nL.253-1 \u00e0 L.253-5 et R.251-1 \u00e0 R.253-4 du code de la s\u00e9curit\u00e9 int\u00e9rieure susvis\u00e9 ou encore en cas de modification des conditions au vu\ndesquelles cette autorisation a \u00e9t\u00e9 d\u00e9livr\u00e9e.\nArt. 7  : La pr\u00e9sente autorisation peut faire l'objet d'un recours devant le Tribunal Administratif de Caen dans un d\u00e9lai de deux mois \u00e0\ncompter de la date de sa notification \u00e0 l'int\u00e9ress\u00e9.\nArt. 8 : Le syst\u00e8me concern\u00e9 devra faire l'objet d'une nouvelle autorisation administrative pr\u00e9alable au terme du d\u00e9lai des cinq ans  : une\nnouvelle demande devra \u00eatre d\u00e9pos\u00e9e par  t\u00e9l\u00e9proc\u00e9dure disponible sur le site \u00abvideoprotection.interieur.gouv.fr\u00bb,  quatre mois avant\nl'\u00e9ch\u00e9ance de ce d\u00e9lai.\nSign\u00e9 : Pour le Pr\u00e9fet, le Sous-Pr\u00e9fet d'Avranches : Pierre CHAULEUR\n\uf0bf\nArr\u00eat\u00e9 n\u00b0 2023-156 du 11 juillet 2023 portant autorisation d'un syst\u00e8me de vid\u00e9oprotection - PHARMACIE DE LA SELUNE \u00e0 DUCEY-\nLES CHERIS\nConsid\u00e9rant que ce lieu est particuli\u00e8rement expos\u00e9 \u00e0 des risques d'agression ou de vol ;\nConsid\u00e9rant le caract\u00e8re proportionn\u00e9 du nombre de cam\u00e9ras envisag\u00e9es au regard des risques susmentionn\u00e9s ;\nArt.  1 :  Monsieur  VINCENT  LAPEYRE  est  autoris\u00e9,  dans  les  conditions  fix\u00e9es  au  pr\u00e9sent  arr\u00eat\u00e9  et  pour  une  dur\u00e9e  de  cinq  ans\nrenouvelable, \u00e0 installer 5 cam\u00e9ras int\u00e9rieures de vid\u00e9oprotection au sein de l'\u00e9tablissement PHARMACIE DE LA SELUNE 25 GRANDE\nRUE  50220 DUCEY-LES CHERIS, conform\u00e9ment au dossier pr\u00e9sent\u00e9 et annex\u00e9 \u00e0 la demande enregistr\u00e9e sous le num\u00e9ro 2023/0154.\nLe syst\u00e8me consid\u00e9r\u00e9 r\u00e9pond aux finalit\u00e9s pr\u00e9vues par le code de la s\u00e9curit\u00e9 int\u00e9rieure :\nS\u00e9curit\u00e9 des personnes, Pr\u00e9vention des atteintes aux biens.\nArt. 2     : Le public est inform\u00e9 de la pr\u00e9sence de ces cam\u00e9ras, dans l'\u00e9tablissement cit\u00e9 \u00e0 l'article 1er, par une signal\u00e9tique appropri\u00e9e :\n- de mani\u00e8re claire, permanente et significative, \u00e0 chaque point d'acc\u00e8s du public, de l'existence du syst\u00e8me de vid\u00e9oprotection ;\n- \u00e0 chaque point d'acc\u00e8s du public, des affichettes mentionnent les r\u00e9f\u00e9rences du code de la s\u00e9curit\u00e9 int\u00e9rieure susvis\u00e9 et les coordonn\u00e9es\ndu responsable de l'\u00e9tablissement aupr\u00e8s duquel s'exerce le droit d'acc\u00e8s aux images.\nLe droit d'acc\u00e8s aux images pourra s'exercer aupr\u00e8s du g\u00e9rant.\nArt. 3 : Hormis le cas d'une enqu\u00eate de flagrant d\u00e9lit, d'une enqu\u00eate pr\u00e9liminaire ou d'une information judiciaire, les enregistrements sont\nd\u00e9truits dans un d\u00e9lai maximum de 20 jours.\nArt. 4  : Monsieur VINCENT LAPEYRE, responsable de la mise en \u0153uvre du syst\u00e8me doit se porter garant des personnes susceptibles\nd'intervenir dans l'exploitation ou le visionnage des images, ainsi que dans la maintenance du syst\u00e8me mis en place. Des consignes tr\u00e8s\npr\u00e9cises sur la confidentialit\u00e9 des images capt\u00e9es ou/et enregistr\u00e9es et des atteintes \u00e0 la vie priv\u00e9e qu'elles peuvent \u00e9ventuellement\nimpliquer sont donn\u00e9es \u00e0 toutes les personnes concern\u00e9es.\nArt. 5  : Toute modification pr\u00e9sentant un caract\u00e8re substantiel devra faire l'objet d'une d\u00e9claration aupr\u00e8s des services pr\u00e9fectoraux,\nnotamment changement d'activit\u00e9 dans les lieux prot\u00e9g\u00e9s, changement dans la configuration des lieux, changement affectant la protection\ndes images.\nArt. 6  : Sans pr\u00e9judice des sanctions p\u00e9nales applicables, la pr\u00e9sente autorisation peut, apr\u00e8s que l'int\u00e9ress\u00e9 ait \u00e9t\u00e9 mis \u00e0 m\u00eame de\npr\u00e9senter ses observations, \u00eatre retir\u00e9e en cas de manquement aux dispositions figurant aux articles L.251-2, L.251-3, L.252-1 \u00e0 L.252-6,\nL.253-1 \u00e0 L.253-5 et R.251-1 \u00e0 R.253-4 du code de la s\u00e9curit\u00e9 int\u00e9rieure susvis\u00e9 ou encore en cas de modification des conditions au vu\ndesquelles cette autorisation a \u00e9t\u00e9 d\u00e9livr\u00e9e.\nArt. 7  : La pr\u00e9sente autorisation peut faire l'objet d'un recours devant le Tribunal Administratif de Caen dans un d\u00e9lai de deux mois \u00e0\ncompter de la date de sa notification \u00e0 l'int\u00e9ress\u00e9.\nArt. 8 : Le syst\u00e8me concern\u00e9 devra faire l'objet d'une nouvelle autorisation administrative pr\u00e9alable au terme du d\u00e9lai des cinq ans  : une\nnouvelle demande devra \u00eatre d\u00e9pos\u00e9e par  t\u00e9l\u00e9proc\u00e9dure disponible sur le site \u00abvideoprotection.interieur.gouv.fr\u00bb,  quatre mois avant\nl'\u00e9ch\u00e9ance de ce d\u00e9lai.\nSign\u00e9 : Pour le Pr\u00e9fet, le Sous-Pr\u00e9fet d'Avranches : Pierre CHAULEUR\n\uf0bf\nArr\u00eat\u00e9 n\u00b0 2023-157 du 11 juillet 2023 portant autorisation d'un syst\u00e8me de vid\u00e9oprotection - Sas le bambou \u00e0 JULLOUVILLE\nConsid\u00e9rant que ce lieu est particuli\u00e8rement expos\u00e9 \u00e0 des risques d'agression ou de vol ;\nConsid\u00e9rant le caract\u00e8re proportionn\u00e9 du nombre de cam\u00e9ras envisag\u00e9es au regard des risques susmentionn\u00e9s ;\nArt. 1 : Madame Pauline  Grare est autoris\u00e9e, dans les conditions fix\u00e9es au pr\u00e9sent arr\u00eat\u00e9 et pour une dur\u00e9e de cinq ans renouvelable, \u00e0\ninstaller 2 cam\u00e9ras int\u00e9rieures de vid\u00e9oprotection au sein de l'\u00e9tablissement Sas le bambou  2 avenue Des sapins   50610 JULLOUVILLE,\nconform\u00e9ment au dossier pr\u00e9sent\u00e9 et annex\u00e9 \u00e0 la demande enregistr\u00e9e sous le num\u00e9ro 2023/0155.\nLe syst\u00e8me consid\u00e9r\u00e9 r\u00e9pond aux finalit\u00e9s pr\u00e9vues par le code de la s\u00e9curit\u00e9 int\u00e9rieure :\nS\u00e9curit\u00e9 des personnes, Pr\u00e9vention des atteintes aux biens.\nArt. 2     : Le public est inform\u00e9 de la pr\u00e9sence de ces cam\u00e9ras, dans l'\u00e9tablissement cit\u00e9 \u00e0 l'article 1er, par une signal\u00e9tique appropri\u00e9e :\n- de mani\u00e8re claire, permanente et significative, \u00e0 chaque point d'acc\u00e8s du public, de l'existence du syst\u00e8me de vid\u00e9oprotection ;\n- \u00e0 chaque point d'acc\u00e8s du public, des affichettes mentionnent les r\u00e9f\u00e9rences du code de la s\u00e9curit\u00e9 int\u00e9rieure susvis\u00e9 et les coordonn\u00e9es\ndu responsable de l'\u00e9tablissement aupr\u00e8s duquel s'exerce le droit d'acc\u00e8s aux images.\nLe droit d'acc\u00e8s aux images pourra s'exercer aupr\u00e8s de Madame Pauline Grare.\nArt. 3 : Hormis le cas d'une enqu\u00eate de flagrant d\u00e9lit, d'une enqu\u00eate pr\u00e9liminaire ou d'une information judiciaire, les enregistrements sont\nd\u00e9truits sans d\u00e9lai.\nArt. 4 : Madame Pauline Grare, responsable de la mise en \u0153uvre du syst\u00e8me doit se porter garante des personnes susceptibles d'intervenir\ndans l'exploitation ou le visionnage des images, ainsi que dans la maintenance du syst\u00e8me mis en place. Des consignes tr\u00e8s pr\u00e9cises sur la\nconfidentialit\u00e9 des images capt\u00e9es ou/et enregistr\u00e9es et des atteintes \u00e0 la vie priv\u00e9e qu'elles peuvent \u00e9ventuellement impliquer sont\ndonn\u00e9es \u00e0 toutes les personnes concern\u00e9es.\nArt. 5  : Toute modification pr\u00e9sentant un caract\u00e8re substantiel devra faire l'objet d'une d\u00e9claration aupr\u00e8s des services pr\u00e9fectoraux,\nnotamment changement d'activit\u00e9 dans les lieux prot\u00e9g\u00e9s, changement dans la configuration des lieux, changement affectant la protection\ndes images.\nArt. 6  : Sans pr\u00e9judice des sanctions p\u00e9nales applicables, la pr\u00e9sente autorisation peut, apr\u00e8s que l'int\u00e9ress\u00e9e ait \u00e9t\u00e9 mis \u00e0 m\u00eame de\npr\u00e9senter ses observations, \u00eatre retir\u00e9e en cas de manquement aux dispositions figurant aux articles L.251-2, L.251-3, L.252-1 \u00e0 L.252-6,\nL.253-1 \u00e0 L.253-5 et R.251-1 \u00e0 R.253-4 du code de la s\u00e9curit\u00e9 int\u00e9rieure susvis\u00e9 ou encore en cas de modification des conditions au vu\ndesquelles cette autorisation a \u00e9t\u00e9 d\u00e9livr\u00e9e.\nArt. 7  : La pr\u00e9sente autorisation peut faire l'objet d'un recours devant le Tribunal Administratif de Caen dans un d\u00e9lai de deux mois \u00e0\ncompter de la date de sa notification \u00e0 l'int\u00e9ress\u00e9e.\nArt. 8 : Le syst\u00e8me concern\u00e9 devra faire l'objet d'une nouvelle autorisation administrative pr\u00e9alable au terme du d\u00e9lai des cinq ans  : une\nnouvelle demande devra \u00eatre d\u00e9pos\u00e9e par  t\u00e9l\u00e9proc\u00e9dure disponible sur le site \u00abvideoprotection.interieur.gouv.fr\u00bb,  quatre mois avant\nl'\u00e9ch\u00e9ance de ce d\u00e9lai.\nSign\u00e9 : Pour le Pr\u00e9fet, le Sous-Pr\u00e9fet d'Avranches : Pierre CHAULEUR\n\uf0bf\nArr\u00eat\u00e9 n\u00b0 2023-159 du 11 juillet 2023 portant autorisation d'un syst\u00e8me de vid\u00e9oprotection - AXEL LOCATION \u00e0 TORIGNY-LES-VILLES\nConsid\u00e9rant que ce lieu est particuli\u00e8rement expos\u00e9 \u00e0 des risques d'agression ou de vol ;\nConsid\u00e9rant le caract\u00e8re proportionn\u00e9 du nombre de cam\u00e9ras envisag\u00e9es au regard des risques susmentionn\u00e9s ;\nArt. 1 : Monsieur R\u00e9gis MAHIER est autoris\u00e9, dans les conditions fix\u00e9es au pr\u00e9sent arr\u00eat\u00e9 et pour une dur\u00e9e de cinq ans renouvelable, \u00e0\ninstaller 7 cam\u00e9ras ext\u00e9rieures de vid\u00e9oprotection au sein de l'\u00e9tablissement AXEL LOCATION Zone de la D\u00e9tourbe  50160 TORIGNY-LES-\nVILLES, conform\u00e9ment au dossier pr\u00e9sent\u00e9 et annex\u00e9 \u00e0 la demande enregistr\u00e9e sous le num\u00e9ro 2023/0163.\nLe syst\u00e8me consid\u00e9r\u00e9 r\u00e9pond aux finalit\u00e9s pr\u00e9vues par le code de la s\u00e9curit\u00e9 int\u00e9rieure :\nS\u00e9curit\u00e9 des personnes, Pr\u00e9vention des atteintes aux biens.\nArt. 2 : Le public est inform\u00e9 de la pr\u00e9sence de ces cam\u00e9ras, dans l'\u00e9tablissement cit\u00e9 \u00e0 l'article 1er, par une signal\u00e9tique appropri\u00e9e :\n- de mani\u00e8re claire, permanente et significative, \u00e0 chaque point d'acc\u00e8s du public, de l'existence du syst\u00e8me de vid\u00e9oprotection ;\n- \u00e0 chaque point d'acc\u00e8s du public, des affichettes mentionnent les r\u00e9f\u00e9rences du code de la s\u00e9curit\u00e9 int\u00e9rieure susvis\u00e9 et les coordonn\u00e9es\ndu responsable de l'\u00e9tablissement aupr\u00e8s duquel s'exerce le droit d'acc\u00e8s aux images.\nLe droit d'acc\u00e8s aux images pourra s'exercer aupr\u00e8s du dirigeant.\nArt. 3 : Hormis le cas d'une enqu\u00eate de flagrant d\u00e9lit, d'une enqu\u00eate pr\u00e9liminaire ou d'une information judiciaire, les enregistrements sont\nd\u00e9truits dans un d\u00e9lai maximum de 30 jours.\nArt.  4 :  Monsieur  R\u00e9gis  MAHIER,  responsable de la mise en \u0153uvre du syst\u00e8me doit  se porter  garant  des  personnes  susceptibles\nd'intervenir dans l'exploitation ou le visionnage des images, ainsi que dans la maintenance du syst\u00e8me mis en place. Des consignes tr\u00e8s\npr\u00e9cises sur la confidentialit\u00e9 des images capt\u00e9es ou/et enregistr\u00e9es et des atteintes \u00e0 la vie priv\u00e9e qu'elles peuvent \u00e9ventuellement\nimpliquer sont donn\u00e9es \u00e0 toutes les personnes concern\u00e9es.\nArt. 5     : Toute modification pr\u00e9sentant un caract\u00e8re substantiel devra faire l'objet d'une d\u00e9claration aupr\u00e8s des services pr\u00e9fectoraux,\nnotamment changement d'activit\u00e9 dans les lieux prot\u00e9g\u00e9s, changement dans la configuration des lieux, changement affectant la protection\ndes images.\nArt. 6     : Sans pr\u00e9judice des sanctions p\u00e9nales applicables, la pr\u00e9sente autorisation peut, apr\u00e8s que l'int\u00e9ress\u00e9 ait \u00e9t\u00e9 mis \u00e0 m\u00eame de\npr\u00e9senter ses observations, \u00eatre retir\u00e9e en cas de manquement aux dispositions figurant aux articles L.251-2, L.251-3, L.252-1 \u00e0 L.252-6,\nL.253-1 \u00e0 L.253-5 et R.251-1 \u00e0 R.253-4 du code de la s\u00e9curit\u00e9 int\u00e9rieure susvis\u00e9 ou encore en cas de modification des conditions au vu\ndesquelles cette autorisation a \u00e9t\u00e9 d\u00e9livr\u00e9e.\nArt. 7  : La pr\u00e9sente autorisation peut faire l'objet d'un recours devant le Tribunal Administratif de Caen dans un d\u00e9lai de deux mois \u00e0\ncompter de la date de sa notification \u00e0 l'int\u00e9ress\u00e9.\nArt. 8 : Le syst\u00e8me concern\u00e9 devra faire l'objet d'une nouvelle autorisation administrative pr\u00e9alable au terme du d\u00e9lai des cinq ans  : une\nnouvelle  demande  devra  \u00eatre  d\u00e9pos\u00e9e  \u00e0  la  pr\u00e9fecture  soit  par  courrier,  soit  par  t\u00e9l\u00e9proc\u00e9dure  disponible  sur  le  site\n\u00abvideoprotection.interieur.gouv.fr\u00bb, quatre mois avant l'\u00e9ch\u00e9ance de ce d\u00e9lai.\nSign\u00e9 : Pour le Pr\u00e9fet, le Sous-Pr\u00e9fet d'Avranches : Pierre CHAULEUR\n\uf0bf\nArr\u00eat\u00e9 n\u00b0 2023-160 du 11 juillet 2023 portant autorisation d'un syst\u00e8me de vid\u00e9oprotection - WELDOM LE CAP \u00e0 LES PIEUX\nConsid\u00e9rant que ce lieu est particuli\u00e8rement expos\u00e9 \u00e0 des risques d'agression ou de vol ;\nConsid\u00e9rant le caract\u00e8re proportionn\u00e9 du nombre de cam\u00e9ras envisag\u00e9es au regard des risques susmentionn\u00e9s ;\nArt. 1 : Monsieur Gr\u00e9gory POLLET est autoris\u00e9, dans les conditions fix\u00e9es au pr\u00e9sent arr\u00eat\u00e9 et pour une dur\u00e9e de cinq ans renouvelable, \u00e0\ninstaller 18 cam\u00e9ras int\u00e9rieures et 3 cam\u00e9ras ext\u00e9rieures de vid\u00e9oprotection au sein de l'\u00e9tablissement WELDOM LE CAP 26bis route de\nCherbourg  50340 LES PIEUX, conform\u00e9ment au dossier pr\u00e9sent\u00e9 et annex\u00e9 \u00e0 la demande enregistr\u00e9e sous le num\u00e9ro 2023/0170.\nLe syst\u00e8me consid\u00e9r\u00e9 r\u00e9pond aux finalit\u00e9s pr\u00e9vues par le code de la s\u00e9curit\u00e9 int\u00e9rieure :\nS\u00e9curit\u00e9 des personnes, Protection Incendie/Accidents, Pr\u00e9vention des atteintes aux biens, Lutte contre la d\u00e9marque inconnue, Autres\n(cambriolages).\nArt. 2 : Le public est inform\u00e9 de la pr\u00e9sence de ces cam\u00e9ras, dans l'\u00e9tablissement cit\u00e9 \u00e0 l'article 1er, par une signal\u00e9tique appropri\u00e9e :\n- de mani\u00e8re claire, permanente et significative, \u00e0 chaque point d'acc\u00e8s du public, de l'existence du syst\u00e8me de vid\u00e9oprotection ;\n- \u00e0 chaque point d'acc\u00e8s du public, des affichettes mentionnent les r\u00e9f\u00e9rences du code de la s\u00e9curit\u00e9 int\u00e9rieure susvis\u00e9 et les coordonn\u00e9es\ndu responsable de l'\u00e9tablissement aupr\u00e8s duquel s'exerce le droit d'acc\u00e8s aux images.\nLe droit d'acc\u00e8s aux images pourra s'exercer aupr\u00e8s du g\u00e9rant.\nArt. 3 : Hormis le cas d'une enqu\u00eate de flagrant d\u00e9lit, d'une enqu\u00eate pr\u00e9liminaire ou d'une information judiciaire, les enregistrements sont\nd\u00e9truits dans un d\u00e9lai maximum de 15 jours.\nArt. 4  : Monsieur Gr\u00e9gory POLLET, responsable de la mise en \u0153uvre du syst\u00e8me doit se porter garant des personnes susceptibles\nd'intervenir dans l'exploitation ou le visionnage des images, ainsi que dans la maintenance du syst\u00e8me mis en place. Des consignes tr\u00e8s\npr\u00e9cises sur la confidentialit\u00e9 des images capt\u00e9es ou/et enregistr\u00e9es et des atteintes \u00e0 la vie priv\u00e9e qu'elles peuvent \u00e9ventuellement\nimpliquer sont donn\u00e9es \u00e0 toutes les personnes concern\u00e9es.\nArt. 5  : Toute modification pr\u00e9sentant un caract\u00e8re substantiel devra faire l'objet d'une d\u00e9claration aupr\u00e8s des services pr\u00e9fectoraux,\nnotamment changement d'activit\u00e9 dans les lieux prot\u00e9g\u00e9s, changement dans la configuration des lieux, changement affectant la protection\ndes images.\nArt. 6  : Sans pr\u00e9judice des sanctions p\u00e9nales applicables, la pr\u00e9sente autorisation peut, apr\u00e8s que l'int\u00e9ress\u00e9 ait \u00e9t\u00e9 mis \u00e0 m\u00eame de\npr\u00e9senter ses observations, \u00eatre retir\u00e9e en cas de manquement aux dispositions figurant aux articles L.251-2, L.251-3, L.252-1 \u00e0 L.252-6,\nL.253-1 \u00e0 L.253-5 et R.251-1 \u00e0 R.253-4 du code de la s\u00e9curit\u00e9 int\u00e9rieure susvis\u00e9 ou encore en cas de modification des conditions au vu\ndesquelles cette autorisation a \u00e9t\u00e9 d\u00e9livr\u00e9e.\nArt. 7  : La pr\u00e9sente autorisation peut faire l'objet d'un recours devant le Tribunal Administratif de Caen dans un d\u00e9lai de deux mois \u00e0\ncompter de la date de sa notification \u00e0 l'int\u00e9ress\u00e9.\nArt. 8 : Le syst\u00e8me concern\u00e9 devra faire l'objet d'une nouvelle autorisation administrative pr\u00e9alable au terme du d\u00e9lai des cinq ans  : une\nnouvelle demande devra \u00eatre d\u00e9pos\u00e9e par  t\u00e9l\u00e9proc\u00e9dure disponible sur le site \u00abvideoprotection.interieur.gouv.fr\u00bb,  quatre mois avant\nl'\u00e9ch\u00e9ance de ce d\u00e9lai.\nSign\u00e9 : Pour le Pr\u00e9fet, le Sous-Pr\u00e9fet d'Avranches : Pierre CHAULEUR\n\uf0bf\nArr\u00eat\u00e9 n\u00b0 2023-161 du 11 juillet 2023 portant autorisation d'un syst\u00e8me de vid\u00e9oprotection - L'ESTAMINET \u00e0 MARTINVAST \nConsid\u00e9rant que ce lieu est particuli\u00e8rement expos\u00e9 \u00e0 des risques d'agression ou de vol ;\nConsid\u00e9rant le caract\u00e8re proportionn\u00e9 du nombre de cam\u00e9ras envisag\u00e9es au regard des risques susmentionn\u00e9s ;\nArt. 1  : Monsieur STANISLAS  SAUVAGE  est autoris\u00e9, dans les conditions fix\u00e9es au pr\u00e9sent arr\u00eat\u00e9 et pour une dur\u00e9e de cinq ans\nrenouvelable, \u00e0 installer 8 cam\u00e9ras int\u00e9rieures  de vid\u00e9oprotection au sein de l'\u00e9tablissement L'ESTAMINET  2 rue DE LA CROIX PINEL\n50690 MARTINVAST, conform\u00e9ment au dossier pr\u00e9sent\u00e9 et annex\u00e9 \u00e0 la demande enregistr\u00e9e sous le num\u00e9ro 2023/0171.\nLe syst\u00e8me consid\u00e9r\u00e9 r\u00e9pond aux finalit\u00e9s pr\u00e9vues par le code de la s\u00e9curit\u00e9 int\u00e9rieure :\nS\u00e9curit\u00e9 des personnes, Pr\u00e9vention des atteintes aux biens.\nArt. 2 : Le public est inform\u00e9 de la pr\u00e9sence de ces cam\u00e9ras, dans l'\u00e9tablissement cit\u00e9 \u00e0 l'article 1er, par une signal\u00e9tique appropri\u00e9e :\n- de mani\u00e8re claire, permanente et significative, \u00e0 chaque point d'acc\u00e8s du public, de l'existence du syst\u00e8me de vid\u00e9oprotection ;\n- \u00e0 chaque point d'acc\u00e8s du public, des affichettes mentionnent les r\u00e9f\u00e9rences du code de la s\u00e9curit\u00e9 int\u00e9rieure susvis\u00e9 et les coordonn\u00e9es\ndu responsable de l'\u00e9tablissement aupr\u00e8s duquel s'exerce le droit d'acc\u00e8s aux images.\nLe droit d'acc\u00e8s aux images pourra s'exercer aupr\u00e8s du g\u00e9rant.\nArt. 3 : Hormis le cas d'une enqu\u00eate de flagrant d\u00e9lit, d'une enqu\u00eate pr\u00e9liminaire ou d'une information judiciaire, les enregistrements sont\nd\u00e9truits dans un d\u00e9lai maximum de 7 jours.\nArt. 4 : Monsieur STANISLAS SAUVAGE , responsable de la mise en \u0153uvre du syst\u00e8me doit se porter garant des personnes susceptibles\nd'intervenir dans l'exploitation ou le visionnage des images, ainsi que dans la maintenance du syst\u00e8me mis en place. Des consignes tr\u00e8s\npr\u00e9cises sur la confidentialit\u00e9 des images capt\u00e9es ou/et enregistr\u00e9es et des atteintes \u00e0 la vie priv\u00e9e qu'elles peuvent \u00e9ventuellement\nimpliquer sont donn\u00e9es \u00e0 toutes les personnes concern\u00e9es.\nArt. 5  : Toute modification pr\u00e9sentant un caract\u00e8re substantiel devra faire l'objet d'une d\u00e9claration aupr\u00e8s des services pr\u00e9fectoraux,\nnotamment changement d'activit\u00e9 dans les lieux prot\u00e9g\u00e9s, changement dans la configuration des lieux, changement affectant la protection\ndes images.\nArt. 6  : Sans pr\u00e9judice des sanctions p\u00e9nales applicables, la pr\u00e9sente autorisation peut, apr\u00e8s que l'int\u00e9ress\u00e9 ait \u00e9t\u00e9 mis \u00e0 m\u00eame de\npr\u00e9senter ses observations, \u00eatre retir\u00e9e en cas de manquement aux dispositions figurant aux articles L.251-2, L.251-3, L.252-1 \u00e0 L.252-6,\nL.253-1 \u00e0 L.253-5 et R.251-1 \u00e0 R.253-4 du code de la s\u00e9curit\u00e9 int\u00e9rieure susvis\u00e9 ou encore en cas de modification des conditions au vu\ndesquelles cette autorisation a \u00e9t\u00e9 d\u00e9livr\u00e9e.\nArt. 7  : La pr\u00e9sente autorisation peut faire l'objet d'un recours devant le Tribunal Administratif de Caen dans un d\u00e9lai de deux mois \u00e0\ncompter de la date de sa notification \u00e0 l'int\u00e9ress\u00e9.\nArt. 8 : Le syst\u00e8me concern\u00e9 devra faire l'objet d'une nouvelle autorisation administrative pr\u00e9alable au terme du d\u00e9lai des cinq ans  : une\nnouvelle  demande  devra  \u00eatre  d\u00e9pos\u00e9e  \u00e0  la  pr\u00e9fecture  soit  par  courrier,  soit  par  t\u00e9l\u00e9proc\u00e9dure  disponible  sur  le  site\n\u00abvideoprotection.interieur.gouv.fr\u00bb, quatre mois avant l'\u00e9ch\u00e9ance de ce d\u00e9lai.\nSign\u00e9 : Pour le Pr\u00e9fet, le Sous-Pr\u00e9fet d'Avranches : Pierre CHAULEUR\n\uf0bf\nArr\u00eat\u00e9 n\u00b0 2023-162 du 11 juillet 2023 portant autorisation d'un syst\u00e8me de vid\u00e9oprotection - CAMPING BELLE ETOILE \u00e0 GOUVILLE-\nSUR-MER \nConsid\u00e9rant que ce lieu est particuli\u00e8rement expos\u00e9 \u00e0 des risques d'agression ou de vol ;\nConsid\u00e9rant le caract\u00e8re proportionn\u00e9 du nombre de cam\u00e9ras envisag\u00e9es au regard des risques susmentionn\u00e9s ;\nArt. 1 : Monsieur LUC CATHERINE est autoris\u00e9, dans les conditions fix\u00e9es au pr\u00e9sent arr\u00eat\u00e9 et pour une dur\u00e9e de cinq ans renouvelable, \u00e0\ninstaller 1 cam\u00e9ra int\u00e9rieure et 8 cam\u00e9ras ext\u00e9rieures de vid\u00e9oprotection au sein de l'\u00e9tablissement CAMPING BELLE ETOILE 50 rue\nBEAU RIVAGE  50560 GOUVILLE-SUR-MER, conform\u00e9ment au dossier pr\u00e9sent\u00e9 et annex\u00e9 \u00e0 la demande enregistr\u00e9e sous le num\u00e9ro\n2023/0172.\nLe syst\u00e8me consid\u00e9r\u00e9 r\u00e9pond aux finalit\u00e9s pr\u00e9vues par le code de la s\u00e9curit\u00e9 int\u00e9rieure :\nS\u00e9curit\u00e9 des personnes, Pr\u00e9vention des atteintes aux biens.\nArt. 2 : Le public est inform\u00e9 de la pr\u00e9sence de ces cam\u00e9ras, dans l'\u00e9tablissement cit\u00e9 \u00e0 l'article 1er, par une signal\u00e9tique appropri\u00e9e :\n- de mani\u00e8re claire, permanente et significative, \u00e0 chaque point d'acc\u00e8s du public, de l'existence du syst\u00e8me de vid\u00e9oprotection ;\n- \u00e0 chaque point d'acc\u00e8s du public, des affichettes mentionnent les r\u00e9f\u00e9rences du code de la s\u00e9curit\u00e9 int\u00e9rieure susvis\u00e9 et les coordonn\u00e9es\ndu responsable de l'\u00e9tablissement aupr\u00e8s duquel s'exerce le droit d'acc\u00e8s aux images.\nLe droit d'acc\u00e8s aux images pourra s'exercer aupr\u00e8s du g\u00e9rant.\nArt. 3 : Hormis le cas d'une enqu\u00eate de flagrant d\u00e9lit, d'une enqu\u00eate pr\u00e9liminaire ou d'une information judiciaire, les enregistrements sont\nd\u00e9truits dans un d\u00e9lai maximum de 18 jours.\nArt. 4  : Monsieur LUC CATHERINE, responsable de la mise en \u0153uvre du syst\u00e8me doit se porter garant des personnes susceptibles\nd'intervenir dans l'exploitation ou le visionnage des images, ainsi que dans la maintenance du syst\u00e8me mis en place. Des consignes tr\u00e8s\npr\u00e9cises sur la confidentialit\u00e9 des images capt\u00e9es ou/et enregistr\u00e9es et des atteintes \u00e0 la vie priv\u00e9e qu'elles peuvent \u00e9ventuellement\nimpliquer sont donn\u00e9es \u00e0 toutes les personnes concern\u00e9es.\nArt. 5  : Toute modification pr\u00e9sentant un caract\u00e8re substantiel devra faire l'objet d'une d\u00e9claration aupr\u00e8s des services pr\u00e9fectoraux,\nnotamment changement d'activit\u00e9 dans les lieux prot\u00e9g\u00e9s, changement dans la configuration des lieux, changement affectant la protection\ndes images.\nArt. 6  : Sans pr\u00e9judice des sanctions p\u00e9nales applicables, la pr\u00e9sente autorisation peut, apr\u00e8s que l'int\u00e9ress\u00e9 ait \u00e9t\u00e9 mis \u00e0 m\u00eame de\npr\u00e9senter ses observations, \u00eatre retir\u00e9e en cas de manquement aux dispositions figurant aux articles L.251-2, L.251-3, L.252-1 \u00e0 L.252-6,\nL.253-1 \u00e0 L.253-5 et R.251-1 \u00e0 R.253-4 du code de la s\u00e9curit\u00e9 int\u00e9rieure susvis\u00e9 ou encore en cas de modification des conditions au vu\ndesquelles cette autorisation a \u00e9t\u00e9 d\u00e9livr\u00e9e.\nArt. 7  : La pr\u00e9sente autorisation peut faire l'objet d'un recours devant le Tribunal Administratif de Caen dans un d\u00e9lai de deux mois \u00e0\ncompter de la date de sa notification \u00e0 l'int\u00e9ress\u00e9.\nArt. 8 : Le syst\u00e8me concern\u00e9 devra faire l'objet d'une nouvelle autorisation administrative pr\u00e9alable au terme du d\u00e9lai des cinq ans  : une\nnouvelle demande devra \u00eatre d\u00e9pos\u00e9e par  t\u00e9l\u00e9proc\u00e9dure disponible sur le site \u00abvideoprotection.interieur.gouv.fr\u00bb,  quatre mois avant\nl'\u00e9ch\u00e9ance de ce d\u00e9lai.\nSign\u00e9 : Pour le Pr\u00e9fet, le Sous-Pr\u00e9fet d'Avranches : Pierre CHAULEUR\n\uf0bf\nArr\u00eat\u00e9 n\u00b0 2023-163 du 11 juillet 2023 portant autorisation d'un syst\u00e8me de vid\u00e9oprotection - Commune de Barfleur - Camping\nMunicipal La Blanche Nef \u00e0 GATTEVILLE-LE-PHARE\nConsid\u00e9rant que ce lieu est particuli\u00e8rement expos\u00e9 \u00e0 des risques d'agression ou de vol ;\nConsid\u00e9rant le caract\u00e8re proportionn\u00e9 du nombre de cam\u00e9ras envisag\u00e9es au regard des risques susmentionn\u00e9s ;\nArt. 1 : Monsieur Michel MAUGER, maire de Barfleur, est autoris\u00e9, dans les conditions fix\u00e9es au pr\u00e9sent arr\u00eat\u00e9 et pour une dur\u00e9e de cinq\nans renouvelable, \u00e0 installer 2 cam\u00e9ras int\u00e9rieures et 2 cam\u00e9ras ext\u00e9rieures de vid\u00e9oprotection au sein de la Commune de Barfleur -\nCamping Municipal La Blanche Nef   50760 GATTEVILLE-LE-PHARE, conform\u00e9ment au dossier pr\u00e9sent\u00e9 et annex\u00e9 \u00e0 la demande\nenregistr\u00e9e sous le num\u00e9ro 2023/0179.\nLe syst\u00e8me consid\u00e9r\u00e9 r\u00e9pond aux finalit\u00e9s pr\u00e9vues par le code de la s\u00e9curit\u00e9 int\u00e9rieure :\nPr\u00e9vention des atteintes aux biens, Protection des b\u00e2timents publics.\nArt. 2 : Le public est inform\u00e9 de la pr\u00e9sence de ces cam\u00e9ras, dans l'\u00e9tablissement cit\u00e9 \u00e0 l'article 1er, par une signal\u00e9tique appropri\u00e9e :\n- de mani\u00e8re claire, permanente et significative, \u00e0 chaque point d'acc\u00e8s du public, de l'existence du syst\u00e8me de vid\u00e9oprotection ;\n- \u00e0 chaque point d'acc\u00e8s du public, des affichettes mentionnent les r\u00e9f\u00e9rences du code de la s\u00e9curit\u00e9 int\u00e9rieure susvis\u00e9 et les coordonn\u00e9es\ndu responsable de l'\u00e9tablissement aupr\u00e8s duquel s'exerce le droit d'acc\u00e8s aux images.\nLe droit d'acc\u00e8s aux images pourra s'exercer aupr\u00e8s du maire.\nArt. 3 : Hormis le cas d'une enqu\u00eate de flagrant d\u00e9lit, d'une enqu\u00eate pr\u00e9liminaire ou d'une information judiciaire, les enregistrements sont\nd\u00e9truits dans un d\u00e9lai maximum de 30 jours.\nArt. 4 : Monsieur le maire, responsable de la mise en \u0153uvre du syst\u00e8me doit se porter garant des personnes susceptibles d'intervenir dans\nl'exploitation ou le visionnage des images, ainsi que dans la maintenance du syst\u00e8me mis en place. Des consignes tr\u00e8s pr\u00e9cises sur la\nconfidentialit\u00e9 des images capt\u00e9es ou/et enregistr\u00e9es et des atteintes \u00e0 la vie priv\u00e9e qu'elles peuvent \u00e9ventuellement impliquer sont\ndonn\u00e9es \u00e0 toutes les personnes concern\u00e9es.\nArt. 5  : Toute modification pr\u00e9sentant un caract\u00e8re substantiel devra faire l'objet d'une d\u00e9claration aupr\u00e8s des services pr\u00e9fectoraux,\nnotamment changement d'activit\u00e9 dans les lieux prot\u00e9g\u00e9s, changement dans la configuration des lieux, changement affectant la protection\ndes images.\nArt. 6  : Sans pr\u00e9judice des sanctions p\u00e9nales applicables, la pr\u00e9sente autorisation peut, apr\u00e8s que l'int\u00e9ress\u00e9 ait \u00e9t\u00e9 mis \u00e0 m\u00eame de\npr\u00e9senter ses observations, \u00eatre retir\u00e9e en cas de manquement aux dispositions figurant aux articles L.251-2, L.251-3, L.252-1 \u00e0 L.252-6,\nL.253-1 \u00e0 L.253-5 et R.251-1 \u00e0 R.253-4 du code de la s\u00e9curit\u00e9 int\u00e9rieure susvis\u00e9 ou encore en cas de modification des conditions au vu\ndesquelles cette autorisation a \u00e9t\u00e9 d\u00e9livr\u00e9e.\nArt. 7  : La pr\u00e9sente autorisation peut faire l'objet d'un recours devant le Tribunal Administratif de Caen dans un d\u00e9lai de deux mois \u00e0\ncompter de la date de sa notification \u00e0 l'int\u00e9ress\u00e9.\nArt. 8 : Le syst\u00e8me concern\u00e9 devra faire l'objet d'une nouvelle autorisation administrative pr\u00e9alable au terme du d\u00e9lai des cinq ans  : une\nnouvelle demande devra \u00eatre d\u00e9pos\u00e9e par  t\u00e9l\u00e9proc\u00e9dure disponible sur le site \u00abvideoprotection.interieur.gouv.fr\u00bb,  quatre mois avant\nl'\u00e9ch\u00e9ance de ce d\u00e9lai.\n\uf0bf\nArr\u00eat\u00e9 n\u00b0 2023-123 du 12 juillet 2023 portant modification d'un syst\u00e8me de vid\u00e9oprotection - GROUPE GIFI \u00e0 AVRANCHES\nArt. 1 : Monsieur Laurent MARDAGA est autoris\u00e9, dans les conditions fix\u00e9es au pr\u00e9sent arr\u00eat\u00e9 et pour une dur\u00e9e de cinq ans renouvelable, \u00e0\nmodifier l'installation de vid\u00e9oprotection au sein de l'\u00e9tablissement GROUPE GIFI Parc d'activit\u00e9s de la Baie Saint-Martin-des-Champs 50300\nAVRANCHES, conform\u00e9ment au dossier annex\u00e9 \u00e0 la demande enregistr\u00e9e sous le num\u00e9ro 2018/0160.\nArt. 2 : Cette modification intervient sur l'installation de vid\u00e9oprotection pr\u00e9c\u00e9demment autoris\u00e9e par arr\u00eat\u00e9 pr\u00e9fectoral susvis\u00e9.\nArt. 3  : La modification porte sur le retrait d'une cam\u00e9ra int\u00e9rieure. Le syst\u00e8me comporte d\u00e9sormais  7 cam\u00e9ras int\u00e9rieures et 1 cam\u00e9ra\next\u00e9rieure.\nLa dur\u00e9e de conservation des images reste fix\u00e9e \u00e0 30 jours.\nLe droit d'acc\u00e8s aux images s'exercera aupr\u00e8s du responsable s\u00e9curit\u00e9 et moyens g\u00e9n\u00e9raux.\nArt. 4  : Monsieur Laurent MARDAGA,  responsable de la mise en \u0153uvre du syst\u00e8me doit se porter garant  des  personnes  susceptibles\nd'intervenir dans l'exploitation ou le visionnage des images, ainsi que dans la maintenance du syst\u00e8me mis en place. Des consignes tr\u00e8s\npr\u00e9cises sur la confidentialit\u00e9 des images capt\u00e9es ou/et enregistr\u00e9es et des atteintes \u00e0 la vie priv\u00e9e qu'elles peuvent \u00e9ventuellement impliquer\nsont donn\u00e9es \u00e0 toutes les personnes concern\u00e9es.\nArt. 5 : Toute modification pr\u00e9sentant un caract\u00e8re substantiel devra faire l'objet d'une d\u00e9claration aupr\u00e8s des services pr\u00e9fectoraux, notamment\nchangement d'activit\u00e9 dans les lieux prot\u00e9g\u00e9s, changement dans la configuration des lieux, changement affectant la protection des images.\nArt. 6 : Sans pr\u00e9judice des sanctions p\u00e9nales applicables, la pr\u00e9sente autorisation peut, apr\u00e8s que l'int\u00e9ress\u00e9 ait \u00e9t\u00e9 mis \u00e0 m\u00eame de pr\u00e9senter\nses observations, \u00eatre retir\u00e9e en cas de manquement aux dispositions figurant aux articles L.251-2, L.251-3, L.252-1 \u00e0 L.252-6, L.253-1 \u00e0\nL.253-5 et R.251-1 \u00e0 R.253-4 du code de la s\u00e9curit\u00e9 int\u00e9rieure susvis\u00e9 ou encore en cas de modification des conditions au vu desquelles cette\nautorisation a \u00e9t\u00e9 d\u00e9livr\u00e9e.\nArt. 7 : La pr\u00e9sente autorisation peut faire l'objet d'un recours devant le Tribunal Administratif de Caen dans un d\u00e9lai de deux mois \u00e0 compter de\nla date de sa notification \u00e0 l'int\u00e9ress\u00e9.\nArt. 8  : Le syst\u00e8me concern\u00e9 devra faire l'objet d'une nouvelle autorisation administrative pr\u00e9alable au terme du d\u00e9lai des cinq ans  : une\nnouvelle demande devra \u00eatre d\u00e9pos\u00e9e par t\u00e9l\u00e9proc\u00e9dure disponible sur le site \u00abvideoprotection.interieur.gouv.fr\u00bb, quatre mois avant l'\u00e9ch\u00e9ance\nde ce d\u00e9lai.\nArt. 9 : Les autres dispositions pr\u00e9vues par l'arr\u00eat\u00e9 pr\u00e9fectoral susvis\u00e9 demeurent applicables.\nSign\u00e9 : Pour le Pr\u00e9fet, le Sous-Pr\u00e9fet d'Avranches : Pierre CHAULEUR\n\uf0bf\nArr\u00eat\u00e9 n\u00b0 2023-139 du 12 juillet 2023 portant autorisation d'un syst\u00e8me de vid\u00e9oprotection - Mondial Relay  - Consigne N\u00b0 16154 \u00e0\nCOUTANCES\nConsid\u00e9rant que ce lieu est particuli\u00e8rement expos\u00e9 \u00e0 des risques d'agression ou de vol ;\nConsid\u00e9rant le caract\u00e8re proportionn\u00e9 du nombre de cam\u00e9ras envisag\u00e9es au regard des risques susmentionn\u00e9s ;\nArt. 1 : Monsieur QUENTIN BENAULT est autoris\u00e9, dans les conditions fix\u00e9es au pr\u00e9sent arr\u00eat\u00e9 et pour une dur\u00e9e de cinq ans renouvelable, \u00e0\ninstaller 2 cam\u00e9ras ext\u00e9rieures de vid\u00e9oprotection au sein de l'\u00e9tablissement Mondial Relay  - Consigne N\u00b0 16154 41 avenue DE LA DIVISION\nLECLERC  50200 COUTANCES, conform\u00e9ment au dossier pr\u00e9sent\u00e9 et annex\u00e9 \u00e0 la demande enregistr\u00e9e sous le num\u00e9ro 2023/0096.\nLe syst\u00e8me consid\u00e9r\u00e9 r\u00e9pond aux finalit\u00e9s pr\u00e9vues par le code de la s\u00e9curit\u00e9 int\u00e9rieure :\nS\u00e9curit\u00e9 des personnes, Pr\u00e9vention des atteintes aux biens, Autres (Informations service client Mondial Relay).\nArt. 2 : Le public est inform\u00e9 de la pr\u00e9sence de ces cam\u00e9ras, dans l'\u00e9tablissement cit\u00e9 \u00e0 l'article 1er, par une signal\u00e9tique appropri\u00e9e :\n- de mani\u00e8re claire, permanente et significative, \u00e0 chaque point d'acc\u00e8s du public, de l'existence du syst\u00e8me de vid\u00e9oprotection ;\n- \u00e0 chaque point d'acc\u00e8s du public, des affichettes mentionnent les r\u00e9f\u00e9rences du code de la s\u00e9curit\u00e9 int\u00e9rieure susvis\u00e9 et les coordonn\u00e9es du\nresponsable de l'\u00e9tablissement aupr\u00e8s duquel s'exerce le droit d'acc\u00e8s aux images.\nLe droit d'acc\u00e8s aux images pourra s'exercer aupr\u00e8s du responsable s\u00fbret\u00e9.\nArt. 3  : Hormis le cas d'une enqu\u00eate de flagrant d\u00e9lit, d'une enqu\u00eate pr\u00e9liminaire ou d'une information judiciaire, les enregistrements sont\nd\u00e9truits dans un d\u00e9lai maximum de 30 jours.\nArt. 4  : Monsieur QUENTIN BENAULT, responsable de la mise en \u0153uvre du syst\u00e8me doit se porter garant des personnes susceptibles\nd'intervenir dans l'exploitation ou le visionnage des images, ainsi que dans la maintenance du syst\u00e8me mis en place. Des consignes tr\u00e8s\npr\u00e9cises sur la confidentialit\u00e9 des images capt\u00e9es ou/et enregistr\u00e9es et des atteintes \u00e0 la vie priv\u00e9e qu'elles peuvent \u00e9ventuellement impliquer\nsont donn\u00e9es \u00e0 toutes les personnes concern\u00e9es.\nArt. 5 : Toute modification pr\u00e9sentant un caract\u00e8re substantiel devra faire l'objet d'une d\u00e9claration aupr\u00e8s des services pr\u00e9fectoraux, notamment\nchangement d'activit\u00e9 dans les lieux prot\u00e9g\u00e9s, changement dans la configuration des lieux, changement affectant la protection des images.\nArt. 6 : Sans pr\u00e9judice des sanctions p\u00e9nales applicables, la pr\u00e9sente autorisation peut, apr\u00e8s que l'int\u00e9ress\u00e9 ait \u00e9t\u00e9 mis \u00e0 m\u00eame de pr\u00e9senter\nses observations, \u00eatre retir\u00e9e en cas de manquement aux dispositions figurant aux articles L.251-2, L.251-3, L.252-1 \u00e0 L.252-6, L.253-1 \u00e0\nL.253-5 et R.251-1 \u00e0 R.253-4 du code de la s\u00e9curit\u00e9 int\u00e9rieure susvis\u00e9 ou encore en cas de modification des conditions au vu desquelles cette\nautorisation a \u00e9t\u00e9 d\u00e9livr\u00e9e.\nArt. 7     : La pr\u00e9sente autorisation peut faire l'objet d'un recours devant le Tribunal Administratif de Caen dans un d\u00e9lai de deux mois \u00e0 compter de\nla date de sa notification \u00e0 l'int\u00e9ress\u00e9.\nArt. 8  : Le syst\u00e8me concern\u00e9 devra faire l'objet d'une nouvelle autorisation administrative pr\u00e9alable au terme du d\u00e9lai des cinq ans  : une\nnouvelle demande devra \u00eatre d\u00e9pos\u00e9e par t\u00e9l\u00e9proc\u00e9dure disponible sur le site \u00abvideoprotection.interieur.gouv.fr\u00bb, quatre mois avant l'\u00e9ch\u00e9ance\nde ce d\u00e9lai.\nSign\u00e9 : Pour le Pr\u00e9fet, le Sous-Pr\u00e9fet d'Avranches : Pierre CHAULEUR\n\uf0bf\nArr\u00eat\u00e9 n\u00b0 2023-140 du 12 juillet 2023 portant autorisation d'un syst\u00e8me de vid\u00e9oprotection Mondial Relay  - Consigne N\u00b0 16146 \u00e0 LA\nCOLOMBE\nConsid\u00e9rant que ce lieu est particuli\u00e8rement expos\u00e9 \u00e0 des risques d'agression ou de vol ;\nConsid\u00e9rant le caract\u00e8re proportionn\u00e9 du nombre de cam\u00e9ras envisag\u00e9es au regard des risques susmentionn\u00e9s ;\nArt. 1 : Monsieur QUENTIN BENAULT est autoris\u00e9, dans les conditions fix\u00e9es au pr\u00e9sent arr\u00eat\u00e9 et pour une dur\u00e9e de cinq ans renouvelable, \u00e0\ninstaller 2 cam\u00e9ras ext\u00e9rieures de vid\u00e9oprotection au sein de l'\u00e9tablissement Mondial Relay  - Consigne N\u00b0 16146 10 rue DE LA HERVIERE\n50800 LA COLOMBE, conform\u00e9ment au dossier pr\u00e9sent\u00e9 et annex\u00e9 \u00e0 la demande enregistr\u00e9e sous le num\u00e9ro 2023/0097.\nLe syst\u00e8me consid\u00e9r\u00e9 r\u00e9pond aux finalit\u00e9s pr\u00e9vues par le code de la s\u00e9curit\u00e9 int\u00e9rieure :\nS\u00e9curit\u00e9 des personnes, Pr\u00e9vention des atteintes aux biens, Autres (Informations service client Mondial Relay).\nArt. 2 : Le public est inform\u00e9 de la pr\u00e9sence de ces cam\u00e9ras, dans l'\u00e9tablissement cit\u00e9 \u00e0 l'article 1er, par une signal\u00e9tique appropri\u00e9e :\n- de mani\u00e8re claire, permanente et significative, \u00e0 chaque point d'acc\u00e8s du public, de l'existence du syst\u00e8me de vid\u00e9oprotection ;\n- \u00e0 chaque point d'acc\u00e8s du public, des affichettes mentionnent les r\u00e9f\u00e9rences du code de la s\u00e9curit\u00e9 int\u00e9rieure susvis\u00e9 et les coordonn\u00e9es du\nresponsable de l'\u00e9tablissement aupr\u00e8s duquel s'exerce le droit d'acc\u00e8s aux images.\nLe droit d'acc\u00e8s aux images pourra s'exercer aupr\u00e8s du responsable s\u00fbret\u00e9.\nArt. 3  : Hormis le cas d'une enqu\u00eate de flagrant d\u00e9lit, d'une enqu\u00eate pr\u00e9liminaire ou d'une information judiciaire, les enregistrements sont\nd\u00e9truits dans un d\u00e9lai maximum de 30 jours.\nArt. 4  : Monsieur QUENTIN BENAULT, responsable de la mise en \u0153uvre du syst\u00e8me doit se porter garant des personnes susceptibles\nd'intervenir dans l'exploitation ou le visionnage des images, ainsi que dans la maintenance du syst\u00e8me mis en place. Des consignes tr\u00e8s\npr\u00e9cises sur la confidentialit\u00e9 des images capt\u00e9es ou/et enregistr\u00e9es et des atteintes \u00e0 la vie priv\u00e9e qu'elles peuvent \u00e9ventuellement impliquer\nsont donn\u00e9es \u00e0 toutes les personnes concern\u00e9es.\nArt. 5 : Toute modification pr\u00e9sentant un caract\u00e8re substantiel devra faire l'objet d'une d\u00e9claration aupr\u00e8s des services pr\u00e9fectoraux, notamment\nchangement d'activit\u00e9 dans les lieux prot\u00e9g\u00e9s, changement dans la configuration des lieux, changement affectant la protection des images.\nArt. 6 : Sans pr\u00e9judice des sanctions p\u00e9nales applicables, la pr\u00e9sente autorisation peut, apr\u00e8s que l'int\u00e9ress\u00e9 ait \u00e9t\u00e9 mis \u00e0 m\u00eame de pr\u00e9senter\nses observations, \u00eatre retir\u00e9e en cas de manquement aux dispositions figurant aux articles L.251-2, L.251-3, L.252-1 \u00e0 L.252-6, L.253-1 \u00e0\nL.253-5 et R.251-1 \u00e0 R.253-4 du code de la s\u00e9curit\u00e9 int\u00e9rieure susvis\u00e9 ou encore en cas de modification des conditions au vu desquelles cette\nautorisation a \u00e9t\u00e9 d\u00e9livr\u00e9e.\nArt. 7 : La pr\u00e9sente autorisation peut faire l'objet d'un recours devant le Tribunal Administratif de Caen dans un d\u00e9lai de deux mois \u00e0 compter de\nla date de sa notification \u00e0 l'int\u00e9ress\u00e9.\nArt. 8  : Le syst\u00e8me concern\u00e9 devra faire l'objet d'une nouvelle autorisation administrative pr\u00e9alable au terme du d\u00e9lai des cinq ans  : une\nnouvelle demande devra \u00eatre d\u00e9pos\u00e9e par t\u00e9l\u00e9proc\u00e9dure disponible sur le site \u00abvideoprotection.interieur.gouv.fr\u00bb, quatre mois avant l'\u00e9ch\u00e9ance\nde ce d\u00e9lai.\nSign\u00e9 : Pour le Pr\u00e9fet, le Sous-Pr\u00e9fet d'Avranches : Pierre CHAULEUR\n\uf0bf\nArr\u00eat\u00e9 n\u00b0 2023-141 du 12 juillet 2023 portant autorisation d'un syst\u00e8me de vid\u00e9oprotection - Mondial Relay  - Consigne N\u00b0 16182 \u00e0\nSAINT-HILAIRE-DU-HARCOUET\nConsid\u00e9rant que ce lieu est particuli\u00e8rement expos\u00e9 \u00e0 des risques d'agression ou de vol ;\nConsid\u00e9rant le caract\u00e8re proportionn\u00e9 du nombre de cam\u00e9ras envisag\u00e9es au regard des risques susmentionn\u00e9s ;\nArt. 1 : Monsieur QUENTIN BENAULT est autoris\u00e9, dans les conditions fix\u00e9es au pr\u00e9sent arr\u00eat\u00e9 et pour une dur\u00e9e de cinq ans renouvelable, \u00e0\ninstaller 2 cam\u00e9ras ext\u00e9rieures de vid\u00e9oprotection au sein de l'\u00e9tablissement Mondial Relay  - Consigne N\u00b0 16182 route de PARIS  50600\nSAINT-HILAIRE-DU-HARCOUET, conform\u00e9ment au dossier pr\u00e9sent\u00e9 et annex\u00e9 \u00e0 la demande enregistr\u00e9e sous le num\u00e9ro 2023/0098.\nLe syst\u00e8me consid\u00e9r\u00e9 r\u00e9pond aux finalit\u00e9s pr\u00e9vues par le code de la s\u00e9curit\u00e9 int\u00e9rieure :\nS\u00e9curit\u00e9 des personnes, Pr\u00e9vention des atteintes aux biens, Autres (Informations service client Mondial Relay).\nArt. 2 : Le public est inform\u00e9 de la pr\u00e9sence de ces cam\u00e9ras, dans l'\u00e9tablissement cit\u00e9 \u00e0 l'article 1er, par une signal\u00e9tique appropri\u00e9e :\n- de mani\u00e8re claire, permanente et significative, \u00e0 chaque point d'acc\u00e8s du public, de l'existence du syst\u00e8me de vid\u00e9oprotection ;\n- \u00e0 chaque point d'acc\u00e8s du public, des affichettes mentionnent les r\u00e9f\u00e9rences du code de la s\u00e9curit\u00e9 int\u00e9rieure susvis\u00e9 et les coordonn\u00e9es du\nresponsable de l'\u00e9tablissement aupr\u00e8s duquel s'exerce le droit d'acc\u00e8s aux images.\nLe droit d'acc\u00e8s aux images pourra s'exercer aupr\u00e8s du responsable s\u00fbret\u00e9.\nArt. 3  : Hormis le cas d'une enqu\u00eate de flagrant d\u00e9lit, d'une enqu\u00eate pr\u00e9liminaire ou d'une information judiciaire, les enregistrements sont\nd\u00e9truits dans un d\u00e9lai maximum de 30 jours.\nArt. 4  : Monsieur QUENTIN BENAULT, responsable de la mise en \u0153uvre du syst\u00e8me doit se porter garant des personnes susceptibles\nd'intervenir dans l'exploitation ou le visionnage des images, ainsi que dans la maintenance du syst\u00e8me mis en place. Des consignes tr\u00e8s\npr\u00e9cises sur la confidentialit\u00e9 des images capt\u00e9es ou/et enregistr\u00e9es et des atteintes \u00e0 la vie priv\u00e9e qu'elles peuvent \u00e9ventuellement impliquer\nsont donn\u00e9es \u00e0 toutes les personnes concern\u00e9es.\nArt. 5 : Toute modification pr\u00e9sentant un caract\u00e8re substantiel devra faire l'objet d'une d\u00e9claration aupr\u00e8s des services pr\u00e9fectoraux, notamment\nchangement d'activit\u00e9 dans les lieux prot\u00e9g\u00e9s, changement dans la configuration des lieux, changement affectant la protection des images.\nArt. 6 : Sans pr\u00e9judice des sanctions p\u00e9nales applicables, la pr\u00e9sente autorisation peut, apr\u00e8s que l'int\u00e9ress\u00e9 ait \u00e9t\u00e9 mis \u00e0 m\u00eame de pr\u00e9senter\nses observations, \u00eatre retir\u00e9e en cas de manquement aux dispositions figurant aux articles L.251-2, L.251-3, L.252-1 \u00e0 L.252-6, L.253-1 \u00e0\nL.253-5 et R.251-1 \u00e0 R.253-4 du code de la s\u00e9curit\u00e9 int\u00e9rieure susvis\u00e9 ou encore en cas de modification des conditions au vu desquelles cette\nautorisation a \u00e9t\u00e9 d\u00e9livr\u00e9e.\nArt. 7 : La pr\u00e9sente autorisation peut faire l'objet d'un recours devant le Tribunal Administratif de Caen dans un d\u00e9lai de deux mois \u00e0 compter de\nla date de sa notification \u00e0 l'int\u00e9ress\u00e9.\nArt. 8  : Le syst\u00e8me concern\u00e9 devra faire l'objet d'une nouvelle autorisation administrative pr\u00e9alable au terme du d\u00e9lai des cinq ans  : une\nnouvelle demande devra \u00eatre d\u00e9pos\u00e9e par t\u00e9l\u00e9proc\u00e9dure disponible sur le site \u00abvideoprotection.interieur.gouv.fr\u00bb, quatre mois avant l'\u00e9ch\u00e9ance\nde ce d\u00e9lai.\nSign\u00e9 : Pour le Pr\u00e9fet, le Sous-Pr\u00e9fet d'Avranches : Pierre CHAULEUR\n\uf0bf\nArr\u00eat\u00e9 n\u00b0 2023-142 du 12 juillet 2023 portant autorisation d'un syst\u00e8me de vid\u00e9oprotection - Mondial Relay  - Consigne N\u00b0 93288 \u00e0\nSAINT-HILAIRE-DU-HARCOUET\nConsid\u00e9rant que ce lieu est particuli\u00e8rement expos\u00e9 \u00e0 des risques d'agression ou de vol ;\nConsid\u00e9rant le caract\u00e8re proportionn\u00e9 du nombre de cam\u00e9ras envisag\u00e9es au regard des risques susmentionn\u00e9s ;\nArt. 1 : Monsieur QUENTIN BENAULT est autoris\u00e9, dans les conditions fix\u00e9es au pr\u00e9sent arr\u00eat\u00e9 et pour une dur\u00e9e de cinq ans renouvelable, \u00e0\ninstaller 2 cam\u00e9ras ext\u00e9rieures de vid\u00e9oprotection au sein de l'\u00e9tablissement Mondial Relay  - Consigne N\u00b0 93288 LA FOSSE AUX LOUPS\n50600 SAINT-HILAIRE-DU-HARCOUET, conform\u00e9ment au dossier pr\u00e9sent\u00e9 et annex\u00e9 \u00e0 la demande enregistr\u00e9e sous le num\u00e9ro 2023/0099.\nLe syst\u00e8me consid\u00e9r\u00e9 r\u00e9pond aux finalit\u00e9s pr\u00e9vues par le code de la s\u00e9curit\u00e9 int\u00e9rieure :\nS\u00e9curit\u00e9 des personnes, Pr\u00e9vention des atteintes aux biens, Autres (Informations service client Mondial Relay).\nArt. 2 : Le public est inform\u00e9 de la pr\u00e9sence de ces cam\u00e9ras, dans l'\u00e9tablissement cit\u00e9 \u00e0 l'article 1er, par une signal\u00e9tique appropri\u00e9e :\n- de mani\u00e8re claire, permanente et significative, \u00e0 chaque point d'acc\u00e8s du public, de l'existence du syst\u00e8me de vid\u00e9oprotection ;\n- \u00e0 chaque point d'acc\u00e8s du public, des affichettes mentionnent les r\u00e9f\u00e9rences du code de la s\u00e9curit\u00e9 int\u00e9rieure susvis\u00e9 et les coordonn\u00e9es du\nresponsable de l'\u00e9tablissement aupr\u00e8s duquel s'exerce le droit d'acc\u00e8s aux images.\nLe droit d'acc\u00e8s aux images pourra s'exercer aupr\u00e8s du responsable s\u00fbret\u00e9.\nArt. 3  : Hormis le cas d'une enqu\u00eate de flagrant d\u00e9lit, d'une enqu\u00eate pr\u00e9liminaire ou d'une information judiciaire, les enregistrements sont\nd\u00e9truits dans un d\u00e9lai maximum de 30 jours.\nArt. 4  : Monsieur QUENTIN BENAULT, responsable de la mise en \u0153uvre du syst\u00e8me doit se porter garant des personnes susceptibles\nd'intervenir dans l'exploitation ou le visionnage des images, ainsi que dans la maintenance du syst\u00e8me mis en place. Des consignes tr\u00e8s\npr\u00e9cises sur la confidentialit\u00e9 des images capt\u00e9es ou/et enregistr\u00e9es et des atteintes \u00e0 la vie priv\u00e9e qu'elles peuvent \u00e9ventuellement impliquer\nsont donn\u00e9es \u00e0 toutes les personnes concern\u00e9es.\nArt. 5 : Toute modification pr\u00e9sentant un caract\u00e8re substantiel devra faire l'objet d'une d\u00e9claration aupr\u00e8s des services pr\u00e9fectoraux, notamment\nchangement d'activit\u00e9 dans les lieux prot\u00e9g\u00e9s, changement dans la configuration des lieux, changement affectant la protection des images.\nArt. 6 : Sans pr\u00e9judice des sanctions p\u00e9nales applicables, la pr\u00e9sente autorisation peut, apr\u00e8s que l'int\u00e9ress\u00e9 ait \u00e9t\u00e9 mis \u00e0 m\u00eame de pr\u00e9senter\nses observations, \u00eatre retir\u00e9e en cas de manquement aux dispositions figurant aux articles L.251-2, L.251-3, L.252-1 \u00e0 L.252-6, L.253-1 \u00e0\nL.253-5 et R.251-1 \u00e0 R.253-4 du code de la s\u00e9curit\u00e9 int\u00e9rieure susvis\u00e9 ou encore en cas de modification des conditions au vu desquelles cette\nautorisation a \u00e9t\u00e9 d\u00e9livr\u00e9e.\nArt. 7 : La pr\u00e9sente autorisation peut faire l'objet d'un recours devant le Tribunal Administratif de Caen dans un d\u00e9lai de deux mois \u00e0 compter de\nla date de sa notification \u00e0 l'int\u00e9ress\u00e9.\nArt. 8  : Le syst\u00e8me concern\u00e9 devra faire l'objet d'une nouvelle autorisation administrative pr\u00e9alable au terme du d\u00e9lai des cinq ans  : une\nnouvelle demande devra \u00eatre d\u00e9pos\u00e9e par t\u00e9l\u00e9proc\u00e9dure disponible sur le site \u00abvideoprotection.interieur.gouv.fr\u00bb, quatre mois avant l'\u00e9ch\u00e9ance\nde ce d\u00e9lai.\nSign\u00e9 : Pour le Pr\u00e9fet, le Sous-Pr\u00e9fet d'Avranches : Pierre CHAULEUR\n\uf0bf\nArr\u00eat\u00e9 n\u00b0 2023-143 du 12 juillet  portant autorisation d'un syst\u00e8me de vid\u00e9oprotection - Mondial Relay - Consigne N\u00b0 17847 \u00e0 SAINT-\nAMAND-VILLAGES\nConsid\u00e9rant que ce lieu est particuli\u00e8rement expos\u00e9 \u00e0 des risques d'agression ou de vol ;\nConsid\u00e9rant le caract\u00e8re proportionn\u00e9 du nombre de cam\u00e9ras envisag\u00e9es au regard des risques susmentionn\u00e9s ;\nArt. 1 : Monsieur QUENTIN BENAULT est autoris\u00e9, dans les conditions fix\u00e9es au pr\u00e9sent arr\u00eat\u00e9 et pour une dur\u00e9e de cinq ans renouvelable, \u00e0\ninstaller 2 cam\u00e9ras ext\u00e9rieures de vid\u00e9oprotection au sein de l'\u00e9tablissement Mondial Relay - Consigne N\u00b0 17847 29 route De Saint-L\u00f4  50160\nSAINT-AMAND-VILLAGES, conform\u00e9ment au dossier pr\u00e9sent\u00e9 et annex\u00e9 \u00e0 la demande enregistr\u00e9e sous le num\u00e9ro 2023/0100.\nLe syst\u00e8me consid\u00e9r\u00e9 r\u00e9pond aux finalit\u00e9s pr\u00e9vues par le code de la s\u00e9curit\u00e9 int\u00e9rieure :\nS\u00e9curit\u00e9 des personnes, Pr\u00e9vention des atteintes aux biens, Autres (Informations service client Mondial Relay ).\nArt. 2 : Le public est inform\u00e9 de la pr\u00e9sence de ces cam\u00e9ras, dans l'\u00e9tablissement cit\u00e9 \u00e0 l'article 1er, par une signal\u00e9tique appropri\u00e9e :\n- de mani\u00e8re claire, permanente et significative, \u00e0 chaque point d'acc\u00e8s du public, de l'existence du syst\u00e8me de vid\u00e9oprotection ;\n- \u00e0 chaque point d'acc\u00e8s du public, des affichettes mentionnent les r\u00e9f\u00e9rences du code de la s\u00e9curit\u00e9 int\u00e9rieure susvis\u00e9 et les coordonn\u00e9es du\nresponsable de l'\u00e9tablissement aupr\u00e8s duquel s'exerce le droit d'acc\u00e8s aux images.\nLe droit d'acc\u00e8s aux images pourra s'exercer aupr\u00e8s du responsable s\u00fbret\u00e9.\nArt. 3  : Hormis le cas d'une enqu\u00eate de flagrant d\u00e9lit, d'une enqu\u00eate pr\u00e9liminaire ou d'une information judiciaire, les enregistrements sont\nd\u00e9truits dans un d\u00e9lai maximum de 30 jours.\nArt. 4  : Monsieur QUENTIN BENAULT, responsable de la mise en \u0153uvre du syst\u00e8me doit se porter garant des personnes susceptibles\nd'intervenir dans l'exploitation ou le visionnage des images, ainsi que dans la maintenance du syst\u00e8me mis en place. Des consignes tr\u00e8s\npr\u00e9cises sur la confidentialit\u00e9 des images capt\u00e9es ou/et enregistr\u00e9es et des atteintes \u00e0 la vie priv\u00e9e qu'elles peuvent \u00e9ventuellement impliquer\nsont donn\u00e9es \u00e0 toutes les personnes concern\u00e9es.\nArt. 5 : Toute modification pr\u00e9sentant un caract\u00e8re substantiel devra faire l'objet d'une d\u00e9claration aupr\u00e8s des services pr\u00e9fectoraux, notamment\nchangement d'activit\u00e9 dans les lieux prot\u00e9g\u00e9s, changement dans la configuration des lieux, changement affectant la protection des images.\nArt. 6     : Sans pr\u00e9judice des sanctions p\u00e9nales applicables, la pr\u00e9sente autorisation peut, apr\u00e8s que l'int\u00e9ress\u00e9 ait \u00e9t\u00e9 mis \u00e0 m\u00eame de pr\u00e9senter\nses observations, \u00eatre retir\u00e9e en cas de manquement aux dispositions figurant aux articles L.251-2, L.251-3, L.252-1 \u00e0 L.252-6, L.253-1 \u00e0\nL.253-5 et R.251-1 \u00e0 R.253-4 du code de la s\u00e9curit\u00e9 int\u00e9rieure susvis\u00e9 ou encore en cas de modification des conditions au vu desquelles cette\nautorisation a \u00e9t\u00e9 d\u00e9livr\u00e9e.\nArt. 7 : La pr\u00e9sente autorisation peut faire l'objet d'un recours devant le Tribunal Administratif de Caen dans un d\u00e9lai de deux mois \u00e0 compter de\nla date de sa notification \u00e0 l'int\u00e9ress\u00e9.\nArt. 8  : Le syst\u00e8me concern\u00e9 devra faire l'objet d'une nouvelle autorisation administrative pr\u00e9alable au terme du d\u00e9lai des cinq ans  : une\nnouvelle demande devra \u00eatre d\u00e9pos\u00e9e par t\u00e9l\u00e9proc\u00e9dure disponible sur le site \u00abvideoprotection.interieur.gouv.fr\u00bb, quatre mois avant l'\u00e9ch\u00e9ance\nde ce d\u00e9lai.\nSign\u00e9 : Pour le Pr\u00e9fet, le Sous-Pr\u00e9fet d'Avranches : Pierre CHAULEUR\n\uf0bf\nArr\u00eat\u00e9 n\u00b0 2023-144 du 12 juillet 2023 portant autorisation d'un syst\u00e8me de vid\u00e9oprotection - Mondial Relay - Consigne N\u00b0 15715 \u00e0 LES\nPIEUX\nConsid\u00e9rant que ce lieu est particuli\u00e8rement expos\u00e9 \u00e0 des risques d'agression ou de vol ;\nConsid\u00e9rant le caract\u00e8re proportionn\u00e9 du nombre de cam\u00e9ras envisag\u00e9es au regard des risques susmentionn\u00e9s ;\nArt. 1 : Monsieur QUENTIN BENAULT est autoris\u00e9, dans les conditions fix\u00e9es au pr\u00e9sent arr\u00eat\u00e9 et pour une dur\u00e9e de cinq ans renouvelable, \u00e0\ninstaller 2 cam\u00e9ras ext\u00e9rieures de vid\u00e9oprotection au sein de l'\u00e9tablissement Mondial Relay - Consigne N\u00b0 15715 26 Bis Route de Cherbourg\n50340 LES PIEUX, conform\u00e9ment au dossier pr\u00e9sent\u00e9 et annex\u00e9 \u00e0 la demande enregistr\u00e9e sous le num\u00e9ro 2023/0101.\nLe syst\u00e8me consid\u00e9r\u00e9 r\u00e9pond aux finalit\u00e9s pr\u00e9vues par le code de la s\u00e9curit\u00e9 int\u00e9rieure :\nS\u00e9curit\u00e9 des personnes, Pr\u00e9vention des atteintes aux biens, Autres (Informations service client Mondial Relay ).\nArt. 2 : Le public est inform\u00e9 de la pr\u00e9sence de ces cam\u00e9ras, dans l'\u00e9tablissement cit\u00e9 \u00e0 l'article 1er, par une signal\u00e9tique appropri\u00e9e :\n- de mani\u00e8re claire, permanente et significative, \u00e0 chaque point d'acc\u00e8s du public, de l'existence du syst\u00e8me de vid\u00e9oprotection ;\n- \u00e0 chaque point d'acc\u00e8s du public, des affichettes mentionnent les r\u00e9f\u00e9rences du code de la s\u00e9curit\u00e9 int\u00e9rieure susvis\u00e9 et les coordonn\u00e9es du\nresponsable de l'\u00e9tablissement aupr\u00e8s duquel s'exerce le droit d'acc\u00e8s aux images.\nLe droit d'acc\u00e8s aux images pourra s'exercer aupr\u00e8s du responsable s\u00fbret\u00e9.\nArt. 3  : Hormis le cas d'une enqu\u00eate de flagrant d\u00e9lit, d'une enqu\u00eate pr\u00e9liminaire ou d'une information judiciaire, les enregistrements sont\nd\u00e9truits dans un d\u00e9lai maximum de 30 jours.\nArt. 4  : Monsieur QUENTIN BENAULT, responsable de la mise en \u0153uvre du syst\u00e8me doit se porter garant des personnes susceptibles\nd'intervenir dans l'exploitation ou le visionnage des images, ainsi que dans la maintenance du syst\u00e8me mis en place. Des consignes tr\u00e8s\npr\u00e9cises sur la confidentialit\u00e9 des images capt\u00e9es ou/et enregistr\u00e9es et des atteintes \u00e0 la vie priv\u00e9e qu'elles peuvent \u00e9ventuellement impliquer\nsont donn\u00e9es \u00e0 toutes les personnes concern\u00e9es.\nArt. 5 : Toute modification pr\u00e9sentant un caract\u00e8re substantiel devra faire l'objet d'une d\u00e9claration aupr\u00e8s des services pr\u00e9fectoraux, notamment\nchangement d'activit\u00e9 dans les lieux prot\u00e9g\u00e9s, changement dans la configuration des lieux, changement affectant la protection des images.\nArt. 6 : Sans pr\u00e9judice des sanctions p\u00e9nales applicables, la pr\u00e9sente autorisation peut, apr\u00e8s que l'int\u00e9ress\u00e9 ait \u00e9t\u00e9 mis \u00e0 m\u00eame de pr\u00e9senter\nses observations, \u00eatre retir\u00e9e en cas de manquement aux dispositions figurant aux articles L.251-2, L.251-3, L.252-1 \u00e0 L.252-6, L.253-1 \u00e0\nL.253-5 et R.251-1 \u00e0 R.253-4 du code de la s\u00e9curit\u00e9 int\u00e9rieure susvis\u00e9 ou encore en cas de modification des conditions au vu desquelles cette\nautorisation a \u00e9t\u00e9 d\u00e9livr\u00e9e.\nArt. 7 : La pr\u00e9sente autorisation peut faire l'objet d'un recours devant le Tribunal Administratif de Caen dans un d\u00e9lai de deux mois \u00e0 compter de\nla date de sa notification \u00e0 l'int\u00e9ress\u00e9.\nArt. 8  : Le syst\u00e8me concern\u00e9 devra faire l'objet d'une nouvelle autorisation administrative pr\u00e9alable au terme du d\u00e9lai des cinq ans  : une\nnouvelle demande devra \u00eatre d\u00e9pos\u00e9e par t\u00e9l\u00e9proc\u00e9dure disponible sur le site \u00abvideoprotection.interieur.gouv.fr\u00bb, quatre mois avant l'\u00e9ch\u00e9ance\nde ce d\u00e9lai.\nSign\u00e9 : Pour le Pr\u00e9fet, le Sous-Pr\u00e9fet d'Avranches : Pierre CHAULEUR\n\uf0bf\nArr\u00eat\u00e9 n\u00b0 2023-145 du 12 juillet 2023 portant autorisation d'un syst\u00e8me de vid\u00e9oprotection - AU ROT D'LA ME \u00e0 CHERBOURG-EN-\nCOTENTIN\nConsid\u00e9rant que ce lieu est particuli\u00e8rement expos\u00e9 \u00e0 des risques d'agression ou de vol ;\nConsid\u00e9rant le caract\u00e8re proportionn\u00e9 du nombre de cam\u00e9ras envisag\u00e9es au regard des risques susmentionn\u00e9s ;\nArt. 1  : Madame Brigitte SOREL est autoris\u00e9, dans les conditions fix\u00e9es au pr\u00e9sent arr\u00eat\u00e9 et pour une dur\u00e9e de cinq ans renouvelable, \u00e0\ninstaller 4 cam\u00e9ras int\u00e9rieures de vid\u00e9oprotection au sein de l'\u00e9tablissement AU ROT D'LA ME 5 rue Roger Lucas  50110 CHERBOURG-EN-\nCOTENTIN, conform\u00e9ment au dossier pr\u00e9sent\u00e9 et annex\u00e9 \u00e0 la demande enregistr\u00e9e sous le num\u00e9ro 2023/0102.\nLe syst\u00e8me consid\u00e9r\u00e9 r\u00e9pond aux finalit\u00e9s pr\u00e9vues par le code de la s\u00e9curit\u00e9 int\u00e9rieure :\nS\u00e9curit\u00e9 des personnes, Pr\u00e9vention des atteintes aux biens.\nArt. 2 : Le public est inform\u00e9 de la pr\u00e9sence de ces cam\u00e9ras, dans l'\u00e9tablissement cit\u00e9 \u00e0 l'article 1er, par une signal\u00e9tique appropri\u00e9e :\n- de mani\u00e8re claire, permanente et significative, \u00e0 chaque point d'acc\u00e8s du public, de l'existence du syst\u00e8me de vid\u00e9oprotection ;\n- \u00e0 chaque point d'acc\u00e8s du public, des affichettes mentionnent les r\u00e9f\u00e9rences du code de la s\u00e9curit\u00e9 int\u00e9rieure susvis\u00e9 et les coordonn\u00e9es du\nresponsable de l'\u00e9tablissement aupr\u00e8s duquel s'exerce le droit d'acc\u00e8s aux images.\nLe droit d'acc\u00e8s aux images pourra s'exercer aupr\u00e8s de la g\u00e9rante.\nArt. 3  : Hormis le cas d'une enqu\u00eate de flagrant d\u00e9lit, d'une enqu\u00eate pr\u00e9liminaire ou d'une information judiciaire, les enregistrements sont\nd\u00e9truits dans un d\u00e9lai maximum de 30 jours.\nArt. 4 : Madame Brigitte SOREL, responsable de la mise en \u0153uvre du syst\u00e8me doit se porter garante des personnes susceptibles d'intervenir\ndans l'exploitation ou le visionnage des images, ainsi que dans la maintenance du syst\u00e8me mis en place. Des consignes tr\u00e8s pr\u00e9cises sur la\nconfidentialit\u00e9 des images capt\u00e9es ou/et enregistr\u00e9es et des atteintes \u00e0 la vie priv\u00e9e qu'elles peuvent \u00e9ventuellement impliquer sont donn\u00e9es \u00e0\ntoutes les personnes concern\u00e9es.\nArt. 5 : Toute modification pr\u00e9sentant un caract\u00e8re substantiel devra faire l'objet d'une d\u00e9claration aupr\u00e8s des services pr\u00e9fectoraux, notamment\nchangement d'activit\u00e9 dans les lieux prot\u00e9g\u00e9s, changement dans la configuration des lieux, changement affectant la protection des images.\nArt. 6 : Sans pr\u00e9judice des sanctions p\u00e9nales applicables, la pr\u00e9sente autorisation peut, apr\u00e8s que l'int\u00e9ress\u00e9e ait \u00e9t\u00e9 mis \u00e0 m\u00eame de pr\u00e9senter\nses observations, \u00eatre retir\u00e9e en cas de manquement aux dispositions figurant aux articles L.251-2, L.251-3, L.252-1 \u00e0 L.252-6, L.253-1 \u00e0\nL.253-5 et R.251-1 \u00e0 R.253-4 du code de la s\u00e9curit\u00e9 int\u00e9rieure susvis\u00e9 ou encore en cas de modification des conditions au vu desquelles cette\nautorisation a \u00e9t\u00e9 d\u00e9livr\u00e9e.\nArt. 7 : La pr\u00e9sente autorisation peut faire l'objet d'un recours devant le Tribunal Administratif de Caen dans un d\u00e9lai de deux mois \u00e0 compter de\nla date de sa notification \u00e0 l'int\u00e9ress\u00e9e.\nArt. 8  : Le syst\u00e8me concern\u00e9 devra faire l'objet d'une nouvelle autorisation administrative pr\u00e9alable au terme du d\u00e9lai des cinq ans  : une\nnouvelle demande devra \u00eatre d\u00e9pos\u00e9e par t\u00e9l\u00e9proc\u00e9dure disponible sur le site \u00abvideoprotection.interieur.gouv.fr\u00bb, quatre mois avant l'\u00e9ch\u00e9ance\nde ce d\u00e9lai.\nSign\u00e9 : Pour le Pr\u00e9fet, le Sous-Pr\u00e9fet d'Avranches : Pierre CHAULEUR\n\uf0bf\nArr\u00eat\u00e9 n\u00b0 2023-146 du 12 juillet 2023 portant autorisation d'un syst\u00e8me de vid\u00e9oprotection - CAMPING LES CAROLINS \u00e0 PORT-BAIL-\nSUR-MER\nConsid\u00e9rant que ce lieu est particuli\u00e8rement expos\u00e9 \u00e0 des risques d'agression ou de vol ;\nConsid\u00e9rant le caract\u00e8re proportionn\u00e9 du nombre de cam\u00e9ras envisag\u00e9es au regard des risques susmentionn\u00e9s ;\nArt.  1 :  Monsieur  GREGORY  DESSOLIERS  est  autoris\u00e9,  dans  les  conditions  fix\u00e9es  au  pr\u00e9sent  arr\u00eat\u00e9 et  pour  une dur\u00e9e de cinq ans\nrenouvelable,  \u00e0  installer  8  cam\u00e9ras  int\u00e9rieures  et  8 cam\u00e9ras  ext\u00e9rieures  de  vid\u00e9oprotection  au  sein  de l'\u00e9tablissement  CAMPING  LES\nCAROLINS 2 rue du rivage  50580 PORT-BAIL-SUR-MER, conform\u00e9ment au dossier pr\u00e9sent\u00e9 et annex\u00e9 \u00e0 la demande enregistr\u00e9e sous le\nnum\u00e9ro 2023/0105.\nLe syst\u00e8me consid\u00e9r\u00e9 r\u00e9pond aux finalit\u00e9s pr\u00e9vues par le code de la s\u00e9curit\u00e9 int\u00e9rieure :\nS\u00e9curit\u00e9 des personnes, Pr\u00e9vention des atteintes aux biens.\nArt. 2 : Le public est inform\u00e9 de la pr\u00e9sence de ces cam\u00e9ras, dans l'\u00e9tablissement cit\u00e9 \u00e0 l'article 1er, par une signal\u00e9tique appropri\u00e9e :\n- de mani\u00e8re claire, permanente et significative, \u00e0 chaque point d'acc\u00e8s du public, de l'existence du syst\u00e8me de vid\u00e9oprotection ;\n- \u00e0 chaque point d'acc\u00e8s du public, des affichettes mentionnent les r\u00e9f\u00e9rences du code de la s\u00e9curit\u00e9 int\u00e9rieure susvis\u00e9 et les coordonn\u00e9es du\nresponsable de l'\u00e9tablissement aupr\u00e8s duquel s'exerce le droit d'acc\u00e8s aux images.\nLe droit d'acc\u00e8s aux images pourra s'exercer aupr\u00e8s du g\u00e9rant.\nArt. 3  : Hormis le cas d'une enqu\u00eate de flagrant d\u00e9lit, d'une enqu\u00eate pr\u00e9liminaire ou d'une information judiciaire, les enregistrements sont\nd\u00e9truits dans un d\u00e9lai maximum de 14 jours.\nArt. 4 : Monsieur GREGORY DESSOLIERS, responsable de la mise en \u0153uvre du syst\u00e8me doit se porter garant des personnes susceptibles\nd'intervenir dans l'exploitation ou le visionnage des images, ainsi que dans la maintenance du syst\u00e8me mis en place. Des consignes tr\u00e8s\npr\u00e9cises sur la confidentialit\u00e9 des images capt\u00e9es ou/et enregistr\u00e9es et des atteintes \u00e0 la vie priv\u00e9e qu'elles peuvent \u00e9ventuellement impliquer\nsont donn\u00e9es \u00e0 toutes les personnes concern\u00e9es.\nArt. 5     : Toute modification pr\u00e9sentant un caract\u00e8re substantiel devra faire l'objet d'une d\u00e9claration aupr\u00e8s des services pr\u00e9fectoraux, notamment\nchangement d'activit\u00e9 dans les lieux prot\u00e9g\u00e9s, changement dans la configuration des lieux, changement affectant la protection des images.\nArt. 6 : Sans pr\u00e9judice des sanctions p\u00e9nales applicables, la pr\u00e9sente autorisation peut, apr\u00e8s que l'int\u00e9ress\u00e9 ait \u00e9t\u00e9 mis \u00e0 m\u00eame de pr\u00e9senter\nses observations, \u00eatre retir\u00e9e en cas de manquement aux dispositions figurant aux articles L.251-2, L.251-3, L.252-1 \u00e0 L.252-6, L.253-1 \u00e0\nL.253-5 et R.251-1 \u00e0 R.253-4 du code de la s\u00e9curit\u00e9 int\u00e9rieure susvis\u00e9 ou encore en cas de modification des conditions au vu desquelles cette\nautorisation a \u00e9t\u00e9 d\u00e9livr\u00e9e.\nArt. 7 : La pr\u00e9sente autorisation peut faire l'objet d'un recours devant le Tribunal Administratif de Caen dans un d\u00e9lai de deux mois \u00e0 compter de\nla date de sa notification \u00e0 l'int\u00e9ress\u00e9.\nArt. 8  : Le syst\u00e8me concern\u00e9 devra faire l'objet d'une nouvelle autorisation administrative pr\u00e9alable au terme du d\u00e9lai des cinq ans  : une\nnouvelle demande devra \u00eatre d\u00e9pos\u00e9e par t\u00e9l\u00e9proc\u00e9dure disponible sur le site \u00abvideoprotection.interieur.gouv.fr\u00bb, quatre mois avant l'\u00e9ch\u00e9ance\nde ce d\u00e9lai.\nSign\u00e9 : Pour le Pr\u00e9fet, le Sous-Pr\u00e9fet d'Avranches : Pierre CHAULEUR\n\uf0bf\nArr\u00eat\u00e9 n\u00b0 2023-147 du 12 juillet 2023 portant autorisation d'un syst\u00e8me de vid\u00e9oprotection - CIC NORD OUEST LA HAYE DU PUITS\nREPLI L \u00e0 LA HAYE\nConsid\u00e9rant que ce lieu est particuli\u00e8rement expos\u00e9 \u00e0 des risques d'agression ou de vol ;\nConsid\u00e9rant le caract\u00e8re proportionn\u00e9 du nombre de cam\u00e9ras envisag\u00e9es au regard des risques susmentionn\u00e9s ;\nArt. 1 :  Le charg\u00e9 de s\u00e9curit\u00e9 est autoris\u00e9, dans les conditions fix\u00e9es au pr\u00e9sent arr\u00eat\u00e9 et pour une dur\u00e9e de cinq ans renouvelable, \u00e0 installer 2\ncam\u00e9ras int\u00e9rieures de vid\u00e9oprotection au sein de l'\u00e9tablissement CIC NORD OUEST LA HAYE DU PUITS REPLI 4 route DE LA MAIRIE\n50250 LA HAYE, conform\u00e9ment au dossier pr\u00e9sent\u00e9 et annex\u00e9 \u00e0 la demande enregistr\u00e9e sous le num\u00e9ro 2023/0108.\nLe syst\u00e8me consid\u00e9r\u00e9 r\u00e9pond aux finalit\u00e9s pr\u00e9vues par le code de la s\u00e9curit\u00e9 int\u00e9rieure :\nS\u00e9curit\u00e9 des personnes, Protection Incendie/Accidents, Pr\u00e9vention des atteintes aux biens.\nArt. 2 : Le public est inform\u00e9 de la pr\u00e9sence de ces cam\u00e9ras, dans l'\u00e9tablissement cit\u00e9 \u00e0 l'article 1er, par une signal\u00e9tique appropri\u00e9e :\n- de mani\u00e8re claire, permanente et significative, \u00e0 chaque point d'acc\u00e8s du public, de l'existence du syst\u00e8me de vid\u00e9oprotection ;\n- \u00e0 chaque point d'acc\u00e8s du public, des affichettes mentionnent les r\u00e9f\u00e9rences du code de la s\u00e9curit\u00e9 int\u00e9rieure susvis\u00e9 et les coordonn\u00e9es du\nresponsable de l'\u00e9tablissement aupr\u00e8s duquel s'exerce le droit d'acc\u00e8s aux images.\nLe droit d'acc\u00e8s aux images pourra s'exercer aupr\u00e8s du charg\u00e9 de s\u00e9curit\u00e9.\nArt. 3     : Hormis le cas d'une enqu\u00eate de flagrant d\u00e9lit, d'une enqu\u00eate pr\u00e9liminaire ou d'une information judiciaire, les enregistrements sont\nd\u00e9truits dans un d\u00e9lai maximum de 30 jours.\nArt. 4 : Le charg\u00e9 de s\u00e9curit\u00e9, responsable de la mise en \u0153uvre du syst\u00e8me doit se porter garant des personnes susceptibles d'intervenir dans\nl'exploitation ou le visionnage des images, ainsi que dans la maintenance du syst\u00e8me mis en place. Des consignes tr\u00e8s pr\u00e9cises sur la\nconfidentialit\u00e9 des images capt\u00e9es ou/et enregistr\u00e9es et des atteintes \u00e0 la vie priv\u00e9e qu'elles peuvent \u00e9ventuellement impliquer sont donn\u00e9es \u00e0\ntoutes les personnes concern\u00e9es.\nArt. 5 : Toute modification pr\u00e9sentant un caract\u00e8re substantiel devra faire l'objet d'une d\u00e9claration aupr\u00e8s des services pr\u00e9fectoraux, notamment\nchangement d'activit\u00e9 dans les lieux prot\u00e9g\u00e9s, changement dans la configuration des lieux, changement affectant la protection des images.\nArt. 6 : Sans pr\u00e9judice des sanctions p\u00e9nales applicables, la pr\u00e9sente autorisation peut, apr\u00e8s que l'int\u00e9ress\u00e9 ait \u00e9t\u00e9 mis \u00e0 m\u00eame de pr\u00e9senter\nses observations, \u00eatre retir\u00e9e en cas de manquement aux dispositions figurant aux articles L.251-2, L.251-3, L.252-1 \u00e0 L.252-6, L.253-1 \u00e0\nL.253-5 et R.251-1 \u00e0 R.253-4 du code de la s\u00e9curit\u00e9 int\u00e9rieure susvis\u00e9 ou encore en cas de modification des conditions au vu desquelles cette\nautorisation a \u00e9t\u00e9 d\u00e9livr\u00e9e.\nArt. 7 : La pr\u00e9sente autorisation peut faire l'objet d'un recours devant le Tribunal Administratif de Caen dans un d\u00e9lai de deux mois \u00e0 compter de\nla date de sa notification \u00e0 l'int\u00e9ress\u00e9.\nArt. 8  : Le syst\u00e8me concern\u00e9 devra faire l'objet d'une nouvelle autorisation administrative pr\u00e9alable au terme du d\u00e9lai des cinq ans  : une\nnouvelle demande devra \u00eatre d\u00e9pos\u00e9e par t\u00e9l\u00e9proc\u00e9dure disponible sur le site \u00abvideoprotection.interieur.gouv.fr\u00bb, quatre mois avant l'\u00e9ch\u00e9ance\nde ce d\u00e9lai.\nSign\u00e9 : Pour le Pr\u00e9fet, le Sous-Pr\u00e9fet d'Avranches : Pierre CHAULEUR\n\uf0bf\nArr\u00eat\u00e9 n\u00b0 2023-148 du 12 juillet 2023 portant autorisation d'un syst\u00e8me de vid\u00e9oprotection - MUTUALITE FRANCAISE NORMANDIE \u00e0\nYQUELON\nConsid\u00e9rant que ce lieu est particuli\u00e8rement expos\u00e9 \u00e0 des risques d'agression ou de vol ;\nConsid\u00e9rant le caract\u00e8re proportionn\u00e9 du nombre de cam\u00e9ras envisag\u00e9es au regard des risques susmentionn\u00e9s ;\nArt. 1 : Madame M\u00e9lanie HAMARD est autoris\u00e9e, dans les conditions fix\u00e9es au pr\u00e9sent arr\u00eat\u00e9 et pour une dur\u00e9e de cinq ans renouvelable, \u00e0\ninstaller 6 cam\u00e9ras int\u00e9rieures de vid\u00e9oprotection au sein de l'\u00e9tablissement MUTUALITE FRANCAISE NORMANDIE 788 avenue de l'Europe\n50400 YQUELON, conform\u00e9ment au dossier pr\u00e9sent\u00e9 et annex\u00e9 \u00e0 la demande enregistr\u00e9e sous le num\u00e9ro 2023/0109.\nLe syst\u00e8me consid\u00e9r\u00e9 r\u00e9pond aux finalit\u00e9s pr\u00e9vues par le code de la s\u00e9curit\u00e9 int\u00e9rieure :\nS\u00e9curit\u00e9 des personnes, Pr\u00e9vention des atteintes aux biens.\nArt. 2 : Le public est inform\u00e9 de la pr\u00e9sence de ces cam\u00e9ras, dans l'\u00e9tablissement cit\u00e9 \u00e0 l'article 1er, par une signal\u00e9tique appropri\u00e9e :\n- de mani\u00e8re claire, permanente et significative, \u00e0 chaque point d'acc\u00e8s du public, de l'existence du syst\u00e8me de vid\u00e9oprotection ;\n- \u00e0 chaque point d'acc\u00e8s du public, des affichettes mentionnent les r\u00e9f\u00e9rences du code de la s\u00e9curit\u00e9 int\u00e9rieure susvis\u00e9 et les coordonn\u00e9es du\nresponsable de l'\u00e9tablissement aupr\u00e8s duquel s'exerce le droit d'acc\u00e8s aux images.\nLe droit d'acc\u00e8s aux images pourra s'exercer aupr\u00e8s du directeur.\nArt. 3  : Hormis le cas d'une enqu\u00eate de flagrant d\u00e9lit, d'une enqu\u00eate pr\u00e9liminaire ou d'une information judiciaire, les enregistrements sont\nd\u00e9truits dans un d\u00e9lai maximum de 15 jours.\nArt.  4 :  Madame M\u00e9lanie HAMARD,  responsable de la mise en \u0153uvre du syst\u00e8me doit  se porter  garante des  personnes  susceptibles\nd'intervenir dans l'exploitation ou le visionnage des images, ainsi que dans la maintenance du syst\u00e8me mis en place. Des consignes tr\u00e8s\npr\u00e9cises sur la confidentialit\u00e9 des images capt\u00e9es ou/et enregistr\u00e9es et des atteintes \u00e0 la vie priv\u00e9e qu'elles peuvent \u00e9ventuellement impliquer\nsont donn\u00e9es \u00e0 toutes les personnes concern\u00e9es.\nArt. 5 : Toute modification pr\u00e9sentant un caract\u00e8re substantiel devra faire l'objet d'une d\u00e9claration aupr\u00e8s des services pr\u00e9fectoraux, notamment\nchangement d'activit\u00e9 dans les lieux prot\u00e9g\u00e9s, changement dans la configuration des lieux, changement affectant la protection des images.\nArt. 6 : Sans pr\u00e9judice des sanctions p\u00e9nales applicables, la pr\u00e9sente autorisation peut, apr\u00e8s que l'int\u00e9ress\u00e9e ait \u00e9t\u00e9 mis \u00e0 m\u00eame de pr\u00e9senter\nses observations, \u00eatre retir\u00e9e en cas de manquement aux dispositions figurant aux articles L.251-2, L.251-3, L.252-1 \u00e0 L.252-6, L.253-1 \u00e0\nL.253-5 et R.251-1 \u00e0 R.253-4 du code de la s\u00e9curit\u00e9 int\u00e9rieure susvis\u00e9 ou encore en cas de modification des conditions au vu desquelles cette\nautorisation a \u00e9t\u00e9 d\u00e9livr\u00e9e.\nArt. 7 : La pr\u00e9sente autorisation peut faire l'objet d'un recours devant le Tribunal Administratif de Caen dans un d\u00e9lai de deux mois \u00e0 compter de\nla date de sa notification \u00e0 l'int\u00e9ress\u00e9e.\nArt. 8  : Le syst\u00e8me concern\u00e9 devra faire l'objet d'une nouvelle autorisation administrative pr\u00e9alable au terme du d\u00e9lai des cinq ans  : une\nnouvelle demande devra \u00eatre d\u00e9pos\u00e9e par t\u00e9l\u00e9proc\u00e9dure disponible sur le site \u00abvideoprotection.interieur.gouv.fr\u00bb, quatre mois avant l'\u00e9ch\u00e9ance\nde ce d\u00e9lai.\nSign\u00e9 : Pour le Pr\u00e9fet, le Sous-Pr\u00e9fet d'Avranches : Pierre CHAULEUR\n\uf0bf\nArr\u00eat\u00e9 n\u00b0 2023-149 du 12 juillet 2023 portant autorisation d'un syst\u00e8me de vid\u00e9oprotection - SAS TERACTIVE AUTOMOBILES \u00e0\nROMAGNY FONTENAY\nConsid\u00e9rant que ce lieu est particuli\u00e8rement expos\u00e9 \u00e0 des risques d'agression ou de vol ;\nConsid\u00e9rant le caract\u00e8re proportionn\u00e9 du nombre de cam\u00e9ras envisag\u00e9es au regard des risques susmentionn\u00e9s ;\nArt. 1  : Monsieur JULIEN HEDOU est autoris\u00e9, dans les conditions fix\u00e9es au pr\u00e9sent arr\u00eat\u00e9 et pour une dur\u00e9e de cinq ans renouvelable, \u00e0\ninstaller 1 cam\u00e9ra int\u00e9rieure et 4 cam\u00e9ras ext\u00e9rieures de vid\u00e9oprotection au sein de l'\u00e9tablissement SAS TERACTIVE AUTOMOBILES 90\nimpasse TERACTIVE OUEST  50140 ROMAGNY FONTENAY, conform\u00e9ment au dossier pr\u00e9sent\u00e9 et annex\u00e9 \u00e0 la demande enregistr\u00e9e sous le\nnum\u00e9ro 2023/0110.\nLe syst\u00e8me consid\u00e9r\u00e9 r\u00e9pond aux finalit\u00e9s pr\u00e9vues par le code de la s\u00e9curit\u00e9 int\u00e9rieure :\nS\u00e9curit\u00e9 des personnes, Pr\u00e9vention des atteintes aux biens.\nArt. 2 : Le public est inform\u00e9 de la pr\u00e9sence de ces cam\u00e9ras, dans l'\u00e9tablissement cit\u00e9 \u00e0 l'article 1er, par une signal\u00e9tique appropri\u00e9e :\n- de mani\u00e8re claire, permanente et significative, \u00e0 chaque point d'acc\u00e8s du public, de l'existence du syst\u00e8me de vid\u00e9oprotection ;\n- \u00e0 chaque point d'acc\u00e8s du public, des affichettes mentionnent les r\u00e9f\u00e9rences du code de la s\u00e9curit\u00e9 int\u00e9rieure susvis\u00e9 et les coordonn\u00e9es du\nresponsable de l'\u00e9tablissement aupr\u00e8s duquel s'exerce le droit d'acc\u00e8s aux images.\nLe droit d'acc\u00e8s aux images pourra s'exercer aupr\u00e8s de Monsieur HEDOU.\nArt. 3  : Hormis le cas d'une enqu\u00eate de flagrant d\u00e9lit, d'une enqu\u00eate pr\u00e9liminaire ou d'une information judiciaire, les enregistrements sont\nd\u00e9truits dans un d\u00e9lai maximum de 20 jours.\nArt. 4 : Monsieur JULIEN HEDOU, responsable de la mise en \u0153uvre du syst\u00e8me doit se porter garant des personnes susceptibles d'intervenir\ndans l'exploitation ou le visionnage des images, ainsi que dans la maintenance du syst\u00e8me mis en place. Des consignes tr\u00e8s pr\u00e9cises sur la\nconfidentialit\u00e9 des images capt\u00e9es ou/et enregistr\u00e9es et des atteintes \u00e0 la vie priv\u00e9e qu'elles peuvent \u00e9ventuellement impliquer sont donn\u00e9es \u00e0\ntoutes les personnes concern\u00e9es.\nArt. 5 : Toute modification pr\u00e9sentant un caract\u00e8re substantiel devra faire l'objet d'une d\u00e9claration aupr\u00e8s des services pr\u00e9fectoraux, notamment\nchangement d'activit\u00e9 dans les lieux prot\u00e9g\u00e9s, changement dans la configuration des lieux, changement affectant la protection des images.\nArt. 6 : Sans pr\u00e9judice des sanctions p\u00e9nales applicables, la pr\u00e9sente autorisation peut, apr\u00e8s que l'int\u00e9ress\u00e9 ait \u00e9t\u00e9 mis \u00e0 m\u00eame de pr\u00e9senter\nses observations, \u00eatre retir\u00e9e en cas de manquement aux dispositions figurant aux articles L.251-2, L.251-3, L.252-1 \u00e0 L.252-6, L.253-1 \u00e0\nL.253-5 et R.251-1 \u00e0 R.253-4 du code de la s\u00e9curit\u00e9 int\u00e9rieure susvis\u00e9 ou encore en cas de modification des conditions au vu desquelles cette\nautorisation a \u00e9t\u00e9 d\u00e9livr\u00e9e.\nArt. 7 : La pr\u00e9sente autorisation peut faire l'objet d'un recours devant le Tribunal Administratif de Caen dans un d\u00e9lai de deux mois \u00e0 compter de\nla date de sa notification \u00e0 l'int\u00e9ress\u00e9.\nArt. 8  : Le syst\u00e8me concern\u00e9 devra faire l'objet d'une nouvelle autorisation administrative pr\u00e9alable au terme du d\u00e9lai des cinq ans  : une\nnouvelle demande devra \u00eatre d\u00e9pos\u00e9e par t\u00e9l\u00e9proc\u00e9dure disponible sur le site \u00abvideoprotection.interieur.gouv.fr\u00bb, quatre mois avant l'\u00e9ch\u00e9ance\nde ce d\u00e9lai.\nSign\u00e9 : Pour le Pr\u00e9fet, le Sous-Pr\u00e9fet d'Avranches : Pierre CHAULEUR\n\uf0bf\nArr\u00eat\u00e9 n\u00b0 2023-150 du 12 juillet 2023 portant autorisation d'un syst\u00e8me de vid\u00e9oprotection - CAMPING-CAR PARK \u00e0 BEAUVOIR\nConsid\u00e9rant que ce lieu est particuli\u00e8rement expos\u00e9 \u00e0 des risques d'agression ou de vol ;\nConsid\u00e9rant le caract\u00e8re proportionn\u00e9 du nombre de cam\u00e9ras envisag\u00e9es au regard des risques susmentionn\u00e9s ;\nArt. 1 : Monsieur Olivier COUDRETTE est autoris\u00e9, dans les conditions fix\u00e9es au pr\u00e9sent arr\u00eat\u00e9 et pour une dur\u00e9e de cinq ans renouvelable, \u00e0\ninstaller  2  cam\u00e9ras  ext\u00e9rieures  de  vid\u00e9oprotection  au  sein  de  l'\u00e9tablissement  CAMPING-CAR  PARK  route  du  Mont  St  Michel   50170\nBEAUVOIR, conform\u00e9ment au dossier pr\u00e9sent\u00e9 et annex\u00e9 \u00e0 la demande enregistr\u00e9e sous le num\u00e9ro 2023/0115.\nLe syst\u00e8me consid\u00e9r\u00e9 r\u00e9pond aux finalit\u00e9s pr\u00e9vues par le code de la s\u00e9curit\u00e9 int\u00e9rieure :\nS\u00e9curit\u00e9 des personnes, Pr\u00e9vention des atteintes aux biens.\nArt. 2 : Le public est inform\u00e9 de la pr\u00e9sence de ces cam\u00e9ras, dans l'\u00e9tablissement cit\u00e9 \u00e0 l'article 1er, par une signal\u00e9tique appropri\u00e9e :\n- de mani\u00e8re claire, permanente et significative, \u00e0 chaque point d'acc\u00e8s du public, de l'existence du syst\u00e8me de vid\u00e9oprotection ;\n- \u00e0 chaque point d'acc\u00e8s du public, des affichettes mentionnent les r\u00e9f\u00e9rences du code de la s\u00e9curit\u00e9 int\u00e9rieure susvis\u00e9 et les coordonn\u00e9es du\nresponsable de l'\u00e9tablissement aupr\u00e8s duquel s'exerce le droit d'acc\u00e8s aux images.\nLe droit d'acc\u00e8s aux images pourra s'exercer aupr\u00e8s du directeur g\u00e9n\u00e9ral.\nArt. 3  : Hormis le cas d'une enqu\u00eate de flagrant d\u00e9lit, d'une enqu\u00eate pr\u00e9liminaire ou d'une information judiciaire, les enregistrements sont\nd\u00e9truits dans un d\u00e9lai maximum de 30 jours.\nArt. 4  : Monsieur Olivier COUDRETTE, responsable de la mise en \u0153uvre du syst\u00e8me doit se porter garant des personnes susceptibles\nd'intervenir dans l'exploitation ou le visionnage des images, ainsi que dans la maintenance du syst\u00e8me mis en place. Des consignes tr\u00e8s\npr\u00e9cises sur la confidentialit\u00e9 des images capt\u00e9es ou/et enregistr\u00e9es et des atteintes \u00e0 la vie priv\u00e9e qu'elles peuvent \u00e9ventuellement impliquer\nsont donn\u00e9es \u00e0 toutes les personnes concern\u00e9es.\nArt. 5 : Toute modification pr\u00e9sentant un caract\u00e8re substantiel devra faire l'objet d'une d\u00e9claration aupr\u00e8s des services pr\u00e9fectoraux, notamment\nchangement d'activit\u00e9 dans les lieux prot\u00e9g\u00e9s, changement dans la configuration des lieux, changement affectant la protection des images.\nArt. 6 : Sans pr\u00e9judice des sanctions p\u00e9nales applicables, la pr\u00e9sente autorisation peut, apr\u00e8s que l'int\u00e9ress\u00e9 ait \u00e9t\u00e9 mis \u00e0 m\u00eame de pr\u00e9senter\nses observations, \u00eatre retir\u00e9e en cas de manquement aux dispositions figurant aux articles L.251-2, L.251-3, L.252-1 \u00e0 L.252-6, L.253-1 \u00e0\nL.253-5 et R.251-1 \u00e0 R.253-4 du code de la s\u00e9curit\u00e9 int\u00e9rieure susvis\u00e9 ou encore en cas de modification des conditions au vu desquelles cette\nautorisation a \u00e9t\u00e9 d\u00e9livr\u00e9e.\nArt. 7 : La pr\u00e9sente autorisation peut faire l'objet d'un recours devant le Tribunal Administratif de Caen dans un d\u00e9lai de deux mois \u00e0 compter de\nla date de sa notification \u00e0 l'int\u00e9ress\u00e9.\nArt. 8  : Le syst\u00e8me concern\u00e9 devra faire l'objet d'une nouvelle autorisation administrative pr\u00e9alable au terme du d\u00e9lai des cinq ans  : une\nnouvelle demande devra \u00eatre d\u00e9pos\u00e9e par t\u00e9l\u00e9proc\u00e9dure disponible sur le site \u00abvideoprotection.interieur.gouv.fr\u00bb, quatre mois avant l'\u00e9ch\u00e9ance\nde ce d\u00e9lai.\nSign\u00e9 : Pour le Pr\u00e9fet, le Sous-Pr\u00e9fet d'Avranches : Pierre CHAULEUR\n\uf0bf\nArr\u00eat\u00e9 n\u00b0 2023-151 du 12 juillet 2023 portant autorisation d'un syst\u00e8me de vid\u00e9oprotection - MARIE Didier Automobiles \u00e0 JUVIGNY\nLES VALLEES\nConsid\u00e9rant que ce lieu est particuli\u00e8rement expos\u00e9 \u00e0 des risques d'agression ou de vol ;\nConsid\u00e9rant le caract\u00e8re proportionn\u00e9 du nombre de cam\u00e9ras envisag\u00e9es au regard des risques susmentionn\u00e9s ;\nArt. 1  : Monsieur Franck MARIE est autoris\u00e9, dans les conditions fix\u00e9es au pr\u00e9sent arr\u00eat\u00e9 et pour une dur\u00e9e de cinq ans renouvelable, \u00e0\ninstaller 6 cam\u00e9ras int\u00e9rieures et 25 cam\u00e9ras ext\u00e9rieures de vid\u00e9oprotection au sein de l'\u00e9tablissement MARIE Didier Automobiles 880 route de\nla Fieffe Mariette - Le Mesnil T\u00f4ve  50520 JUVIGNY LES VALLEES, conform\u00e9ment au dossier pr\u00e9sent\u00e9 et annex\u00e9 \u00e0 la demande enregistr\u00e9e\nsous le num\u00e9ro 2023/0117.\nLe syst\u00e8me consid\u00e9r\u00e9 r\u00e9pond aux finalit\u00e9s pr\u00e9vues par le code de la s\u00e9curit\u00e9 int\u00e9rieure :\nS\u00e9curit\u00e9 des personnes, Protection Incendie/Accidents.\nArt. 2 : Le public est inform\u00e9 de la pr\u00e9sence de ces cam\u00e9ras, dans l'\u00e9tablissement cit\u00e9 \u00e0 l'article 1er, par une signal\u00e9tique appropri\u00e9e :\n- de mani\u00e8re claire, permanente et significative, \u00e0 chaque point d'acc\u00e8s du public, de l'existence du syst\u00e8me de vid\u00e9oprotection ;\n- \u00e0 chaque point d'acc\u00e8s du public, des affichettes mentionnent les r\u00e9f\u00e9rences du code de la s\u00e9curit\u00e9 int\u00e9rieure susvis\u00e9 et les coordonn\u00e9es du\nresponsable de l'\u00e9tablissement aupr\u00e8s duquel s'exerce le droit d'acc\u00e8s aux images.\nLe droit d'acc\u00e8s aux images pourra s'exercer aupr\u00e8s du dirigeant.\nArt. 3  : Hormis le cas d'une enqu\u00eate de flagrant d\u00e9lit, d'une enqu\u00eate pr\u00e9liminaire ou d'une information judiciaire, les enregistrements sont\nd\u00e9truits dans un d\u00e9lai maximum de 17 jours.\nArt. 4 : Monsieur Franck MARIE, responsable de la mise en \u0153uvre du syst\u00e8me doit se porter garant des personnes susceptibles d'intervenir\ndans l'exploitation ou le visionnage des images, ainsi que dans la maintenance du syst\u00e8me mis en place. Des consignes tr\u00e8s pr\u00e9cises sur la\nconfidentialit\u00e9 des images capt\u00e9es ou/et enregistr\u00e9es et des atteintes \u00e0 la vie priv\u00e9e qu'elles peuvent \u00e9ventuellement impliquer sont donn\u00e9es \u00e0\ntoutes les personnes concern\u00e9es.\nArt. 5 : Toute modification pr\u00e9sentant un caract\u00e8re substantiel devra faire l'objet d'une d\u00e9claration aupr\u00e8s des services pr\u00e9fectoraux, notamment\nchangement d'activit\u00e9 dans les lieux prot\u00e9g\u00e9s, changement dans la configuration des lieux, changement affectant la protection des images.\nArt. 6 : Sans pr\u00e9judice des sanctions p\u00e9nales applicables, la pr\u00e9sente autorisation peut, apr\u00e8s que l'int\u00e9ress\u00e9 ait \u00e9t\u00e9 mis \u00e0 m\u00eame de pr\u00e9senter\nses observations, \u00eatre retir\u00e9e en cas de manquement aux dispositions figurant aux articles L.251-2, L.251-3, L.252-1 \u00e0 L.252-6, L.253-1 \u00e0\nL.253-5 et R.251-1 \u00e0 R.253-4 du code de la s\u00e9curit\u00e9 int\u00e9rieure susvis\u00e9 ou encore en cas de modification des conditions au vu desquelles cette\nautorisation a \u00e9t\u00e9 d\u00e9livr\u00e9e.\nArt. 7 : La pr\u00e9sente autorisation peut faire l'objet d'un recours devant le Tribunal Administratif de Caen dans un d\u00e9lai de deux mois \u00e0 compter de\nla date de sa notification \u00e0 l'int\u00e9ress\u00e9.\nArt. 8  : Le syst\u00e8me concern\u00e9 devra faire l'objet d'une nouvelle autorisation administrative pr\u00e9alable au terme du d\u00e9lai des cinq ans  : une\nnouvelle demande devra \u00eatre d\u00e9pos\u00e9e par t\u00e9l\u00e9proc\u00e9dure disponible sur le site \u00abvideoprotection.interieur.gouv.fr\u00bb, quatre mois avant l'\u00e9ch\u00e9ance\nde ce d\u00e9lai.\nSign\u00e9 : Pour le Pr\u00e9fet, le Sous-Pr\u00e9fet d'Avranches : Pierre CHAULEUR\n\uf0bf\nArr\u00eat\u00e9 n\u00b0 2023-153 du 12 juillet 2023  portant autorisation d'un syst\u00e8me de vid\u00e9oprotection - La Boh\u00e8me \u00e0 BOURGVALLEES\nConsid\u00e9rant que ce lieu est particuli\u00e8rement expos\u00e9 \u00e0 des risques d'agression ou de vol ;\nConsid\u00e9rant le caract\u00e8re proportionn\u00e9 du nombre de cam\u00e9ras envisag\u00e9es au regard des risques susmentionn\u00e9s ;\nArt. 1 : Madame S\u00e9verine PELLAN est autoris\u00e9e, dans les conditions fix\u00e9es au pr\u00e9sent arr\u00eat\u00e9 et pour une dur\u00e9e de cinq ans renouvelable, \u00e0\ninstaller 3 cam\u00e9ras int\u00e9rieures et 1 cam\u00e9ra ext\u00e9rieure de vid\u00e9oprotection au sein de l'\u00e9tablissement La Boh\u00e8me 13 rue de la Lib\u00e9ration  50750\nBOURGVALLEES, conform\u00e9ment au dossier pr\u00e9sent\u00e9 et annex\u00e9 \u00e0 la demande enregistr\u00e9e sous le num\u00e9ro 2023/0122.\nLe syst\u00e8me consid\u00e9r\u00e9 r\u00e9pond aux finalit\u00e9s pr\u00e9vues par le code de la s\u00e9curit\u00e9 int\u00e9rieure :\nS\u00e9curit\u00e9 des personnes, Lutte contre la d\u00e9marque inconnue.\nArt. 2 : Le public est inform\u00e9 de la pr\u00e9sence de ces cam\u00e9ras, dans l'\u00e9tablissement cit\u00e9 \u00e0 l'article 1er, par une signal\u00e9tique appropri\u00e9e :\n- de mani\u00e8re claire, permanente et significative, \u00e0 chaque point d'acc\u00e8s du public, de l'existence du syst\u00e8me de vid\u00e9oprotection ;\n- \u00e0 chaque point d'acc\u00e8s du public, des affichettes mentionnent les r\u00e9f\u00e9rences du code de la s\u00e9curit\u00e9 int\u00e9rieure susvis\u00e9 et les coordonn\u00e9es du\nresponsable de l'\u00e9tablissement aupr\u00e8s duquel s'exerce le droit d'acc\u00e8s aux images.\nLe droit d'acc\u00e8s aux images pourra s'exercer aupr\u00e8s de la g\u00e9rante.\nArt. 3  : Hormis le cas d'une enqu\u00eate de flagrant d\u00e9lit, d'une enqu\u00eate pr\u00e9liminaire ou d'une information judiciaire, les enregistrements sont\nd\u00e9truits dans un d\u00e9lai maximum de 15 jours.\nArt.  4 :  Madame S\u00e9verine PELLAN,  responsable de la mise en \u0153uvre du syst\u00e8me doit  se porter garante des  personnes  susceptibles\nd'intervenir dans l'exploitation ou le visionnage des images, ainsi que dans la maintenance du syst\u00e8me mis en place. Des consignes tr\u00e8s\npr\u00e9cises sur la confidentialit\u00e9 des images capt\u00e9es ou/et enregistr\u00e9es et des atteintes \u00e0 la vie priv\u00e9e qu'elles peuvent \u00e9ventuellement impliquer\nsont donn\u00e9es \u00e0 toutes les personnes concern\u00e9es.\nArt. 5 : Toute modification pr\u00e9sentant un caract\u00e8re substantiel devra faire l'objet d'une d\u00e9claration aupr\u00e8s des services pr\u00e9fectoraux, notamment\nchangement d'activit\u00e9 dans les lieux prot\u00e9g\u00e9s, changement dans la configuration des lieux, changement affectant la protection des images.\nArt. 6 : Sans pr\u00e9judice des sanctions p\u00e9nales applicables, la pr\u00e9sente autorisation peut, apr\u00e8s que l'int\u00e9ress\u00e9e ait \u00e9t\u00e9 mis \u00e0 m\u00eame de pr\u00e9senter\nses observations, \u00eatre retir\u00e9e en cas de manquement aux dispositions figurant aux articles L.251-2, L.251-3, L.252-1 \u00e0 L.252-6, L.253-1 \u00e0\nL.253-5 et R.251-1 \u00e0 R.253-4 du code de la s\u00e9curit\u00e9 int\u00e9rieure susvis\u00e9 ou encore en cas de modification des conditions au vu desquelles cette\nautorisation a \u00e9t\u00e9 d\u00e9livr\u00e9e.\nArt. 7 : La pr\u00e9sente autorisation peut faire l'objet d'un recours devant le Tribunal Administratif de Caen dans un d\u00e9lai de deux mois \u00e0 compter de\nla date de sa notification \u00e0 l'int\u00e9ress\u00e9e.\nArt. 8  : Le syst\u00e8me concern\u00e9 devra faire l'objet d'une nouvelle autorisation administrative pr\u00e9alable au terme du d\u00e9lai des cinq ans  : une\nnouvelle demande devra \u00eatre d\u00e9pos\u00e9e par t\u00e9l\u00e9proc\u00e9dure disponible sur le site \u00abvideoprotection.interieur.gouv.fr\u00bb, quatre mois avant l'\u00e9ch\u00e9ance\nde ce d\u00e9lai.\nSign\u00e9 : Pour le Pr\u00e9fet, le Sous-Pr\u00e9fet d'Avranches : Pierre CHAULEUR\n\uf0bf\nArr\u00eat\u00e9 n\u00b0 2023-107 du 13 juillet 2023 portant renouvellement d'un syst\u00e8me de vid\u00e9oprotection - SARL Garage Dep\u00e9riers \u00e0 SAINT-\nSAUVEUR-VILLAGES\nArt. 1 : L'autorisation, pr\u00e9c\u00e9demment accord\u00e9e, pour installer  4  cam\u00e9ras ext\u00e9rieures permettant une dur\u00e9e de conservation des images \u00e0 30\njours au sein de l'\u00e9tablissement SARL Garage Dep\u00e9riers ZA du pont vert  50490 SAINT-SAUVEUR-VILLAGES, par arr\u00eat\u00e9 pr\u00e9fectoral du 26 juin\n2013, \u00e0 Monsieur SERGE DEPERIERS, est reconduite, pour une dur\u00e9e de cinq ans renouvelable, conform\u00e9ment au dossier pr\u00e9sent\u00e9 et\nannex\u00e9 \u00e0 la demande enregistr\u00e9e sous le num\u00e9ro 2013/0073.\nArt. 2: Les dispositions pr\u00e9vues par l'arr\u00eat\u00e9 du 26 juin 2013 demeurent applicables.\nArt. 3 :  Monsieur SERGE DEPERIERS, responsable de la mise en \u0153uvre du syst\u00e8me doit se porter garant des personnes susceptibles\nd'intervenir dans l'exploitation ou le visionnage des images, ainsi que dans la maintenance du syst\u00e8me mis en place. Des consignes tr\u00e8s\npr\u00e9cises sur la confidentialit\u00e9 des images capt\u00e9es ou/et enregistr\u00e9es et des atteintes \u00e0 la vie priv\u00e9e qu'elles peuvent \u00e9ventuellement impliquer\nsont donn\u00e9es \u00e0 toutes les personnes concern\u00e9es.\nArt. 4 : Toute modification pr\u00e9sentant un caract\u00e8re substantiel devra faire l'objet d'une d\u00e9claration aupr\u00e8s des services pr\u00e9fectoraux, notamment\nchangement d'activit\u00e9 dans les lieux prot\u00e9g\u00e9s, changement dans la configuration des lieux, changement affectant la protection des images.\nArt. 5 : Sans pr\u00e9judice des sanctions p\u00e9nales applicables, la pr\u00e9sente autorisation peut, apr\u00e8s que l'int\u00e9ress\u00e9 ait \u00e9t\u00e9 mis \u00e0 m\u00eame de pr\u00e9senter\nses observations, \u00eatre retir\u00e9e en cas de manquement aux dispositions figurant aux articles L.251-2, L.251-3, L.252-1 \u00e0 L.252-6, L.253-1 \u00e0\nL.253-5 et R.251-1 \u00e0 R.253-4 du code de la s\u00e9curit\u00e9 int\u00e9rieure susvis\u00e9 ou encore en cas de modification des conditions au vu desquelles cette\nautorisation a \u00e9t\u00e9 d\u00e9livr\u00e9e.\nArt. 6 : La pr\u00e9sente autorisation peut faire l'objet d'un recours devant le Tribunal Administratif de Caen dans un d\u00e9lai de deux mois \u00e0 compter de\nla date de sa notification \u00e0 l'int\u00e9ress\u00e9.\nArt. 7 :  Le syst\u00e8me concern\u00e9 devra faire l'objet d'une nouvelle autorisation administrative pr\u00e9alable au terme du d\u00e9lai des cinq ans  : une\nnouvelle demande devra \u00eatre d\u00e9pos\u00e9e par t\u00e9l\u00e9proc\u00e9dure disponible sur le site \u00abvideoprotection.interieur.gouv.fr\u00bb, quatre mois avant l'\u00e9ch\u00e9ance\nde ce d\u00e9lai.\nSign\u00e9 : Pour le Pr\u00e9fet, le Sous-Pr\u00e9fet d'Avranches : Pierre CHAULEUR\n\uf0bf\nArr\u00eat\u00e9 n\u00b0 2023-108 du 13 juillet 2023 portant renouvellement d'un syst\u00e8me de vid\u00e9oprotection - tabac du Parvis \u00e0 COUTANCES\nArt. 1 : L'autorisation, pr\u00e9c\u00e9demment accord\u00e9e, pour installer 2 cam\u00e9ras int\u00e9rieures permettant une dur\u00e9e de conservation des images \u00e0 15\njours au sein de l'\u00e9tablissement tabac du Parvis 19 rue Geoffroy de Montbray  50200 COUTANCES, par arr\u00eat\u00e9 pr\u00e9fectoral du 30 novembre\n2016, \u00e0 Madame Corinne DAUBE, est reconduite, pour une dur\u00e9e de cinq ans renouvelable, conform\u00e9ment au dossier pr\u00e9sent\u00e9 et annex\u00e9\n\u00e0 la demande enregistr\u00e9e sous le num\u00e9ro 2016/0284.\nArt. 2: Les dispositions pr\u00e9vues par l'arr\u00eat\u00e9 du 30 novembre 2016 demeurent applicables.\nArt. 3 :  Madame Corinne DAUBE, responsable de la mise en \u0153uvre du syst\u00e8me doit se porter garante des personnes susceptibles\nd'intervenir dans l'exploitation ou le visionnage des images, ainsi que dans la maintenance du syst\u00e8me mis en place. Des consignes tr\u00e8s\npr\u00e9cises sur la confidentialit\u00e9 des images capt\u00e9es ou/et enregistr\u00e9es et des atteintes \u00e0 la vie priv\u00e9e qu'elles peuvent \u00e9ventuellement\nimpliquer sont donn\u00e9es \u00e0 toutes les personnes concern\u00e9es.\nArt. 4 :  Toute modification pr\u00e9sentant un caract\u00e8re substantiel devra faire l'objet d'une d\u00e9claration aupr\u00e8s des services pr\u00e9fectoraux,\nnotamment changement d'activit\u00e9 dans les lieux prot\u00e9g\u00e9s, changement dans la configuration des lieux, changement affectant la protection\ndes images.\nArt. 5 :   Sans pr\u00e9judice des sanctions p\u00e9nales applicables, la pr\u00e9sente autorisation peut, apr\u00e8s que l'int\u00e9ress\u00e9e ait \u00e9t\u00e9 mis \u00e0 m\u00eame de\npr\u00e9senter ses observations, \u00eatre retir\u00e9e en cas de manquement aux dispositions figurant aux articles L.251-2, L.251-3, L.252-1 \u00e0 L.252-6,\nL.253-1 \u00e0 L.253-5 et R.251-1 \u00e0 R.253-4 du code de la s\u00e9curit\u00e9 int\u00e9rieure susvis\u00e9 ou encore en cas de modification des conditions au vu\ndesquelles cette autorisation a \u00e9t\u00e9 d\u00e9livr\u00e9e.\nArt. 6 :  La pr\u00e9sente autorisation peut faire l'objet d'un recours devant le Tribunal Administratif de Caen dans un d\u00e9lai de deux mois \u00e0\ncompter de la date de sa notification \u00e0 l'int\u00e9ress\u00e9e.\nArt. 7 :  Le syst\u00e8me concern\u00e9 devra faire l'objet d'une nouvelle autorisation administrative pr\u00e9alable au terme du d\u00e9lai des cinq ans  : une\nnouvelle demande devra \u00eatre d\u00e9pos\u00e9e par  t\u00e9l\u00e9proc\u00e9dure disponible sur le site \u00abvideoprotection.interieur.gouv.fr\u00bb,  quatre mois avant\nl'\u00e9ch\u00e9ance de ce d\u00e9lai.\nSign\u00e9 : Pour le Pr\u00e9fet, le Sous-Pr\u00e9fet d'Avranches : Pierre CHAULEUR\n\uf0bf\nArr\u00eat\u00e9 n\u00b0 2023-109 du 13 juillet 2023 portant renouvellement d'un syst\u00e8me de vid\u00e9oprotection - commune de Montbray \u00e0 MONTBRAY\nArt. 1 : L'autorisation, pr\u00e9c\u00e9demment accord\u00e9e, pour installer 1 cam\u00e9ra voie publique permettant une dur\u00e9e de conservation des images \u00e0 7\njours au sein de l'\u00e9tablissement commune de Montbray route de Courson  50410 MONTBRAY, par arr\u00eat\u00e9 pr\u00e9fectoral du 25 juillet 2017, \u00e0\nMonsieur Jean-Marie LIGNEUL, est reconduite, pour une dur\u00e9e de cinq ans renouvelable, conform\u00e9ment au dossier pr\u00e9sent\u00e9 et annex\u00e9 \u00e0\nla demande enregistr\u00e9e sous le num\u00e9ro 2017/0116.\nArt. 2 : Les dispositions pr\u00e9vues par l'arr\u00eat\u00e9 du 25 juillet 2017 demeurent applicables.\nArt. 3 :  Monsieur Jean-Marie LIGNEUL, maire de Montbray, responsable de la mise en \u0153uvre du syst\u00e8me doit se porter garant des\npersonnes susceptibles d'intervenir dans l'exploitation ou le visionnage des images, ainsi que dans la maintenance du syst\u00e8me mis en\nplace. Des consignes tr\u00e8s pr\u00e9cises sur la confidentialit\u00e9 des images capt\u00e9es ou/et enregistr\u00e9es et des atteintes \u00e0 la vie priv\u00e9e qu'elles\npeuvent \u00e9ventuellement impliquer sont donn\u00e9es \u00e0 toutes les personnes concern\u00e9es.\nArt. 4 :  Toute modification pr\u00e9sentant un caract\u00e8re substantiel devra faire l'objet d'une d\u00e9claration aupr\u00e8s des services pr\u00e9fectoraux,\nnotamment changement d'activit\u00e9 dans les lieux prot\u00e9g\u00e9s, changement dans la configuration des lieux, changement affectant la protection\ndes images.\nArt. 5 :  Sans pr\u00e9judice des sanctions p\u00e9nales applicables, la pr\u00e9sente autorisation peut, apr\u00e8s que l'int\u00e9ress\u00e9 ait \u00e9t\u00e9 mis \u00e0 m\u00eame de\npr\u00e9senter ses observations, \u00eatre retir\u00e9e en cas de manquement aux dispositions figurant aux articles L.251-2, L.251-3, L.252-1 \u00e0 L.252-6,\nL.253-1 \u00e0 L.253-5 et R.251-1 \u00e0 R.253-4 du code de la s\u00e9curit\u00e9 int\u00e9rieure susvis\u00e9 ou encore en cas de modification des conditions au vu\ndesquelles cette autorisation a \u00e9t\u00e9 d\u00e9livr\u00e9e.\nArt. 6 :  La pr\u00e9sente autorisation peut faire l'objet d'un recours devant le Tribunal Administratif de Caen dans un d\u00e9lai de deux mois \u00e0\ncompter de la date de sa notification \u00e0 l'int\u00e9ress\u00e9.\nArt. 7 :  Le syst\u00e8me concern\u00e9 devra faire l'objet d'une nouvelle autorisation administrative pr\u00e9alable au terme du d\u00e9lai des cinq ans  : une\nnouvelle demande devra \u00eatre d\u00e9pos\u00e9e par  t\u00e9l\u00e9proc\u00e9dure disponible sur le site \u00abvideoprotection.interieur.gouv.fr\u00bb,  quatre mois avant\nl'\u00e9ch\u00e9ance de ce d\u00e9lai.\nSign\u00e9 : Pour le Pr\u00e9fet, le Sous-Pr\u00e9fet d'Avranches : Pierre CHAULEUR\n\uf0bf\nArr\u00eat\u00e9 n\u00b0 2023-110 du 13 juillet 2023 portant renouvellement d'un syst\u00e8me de vid\u00e9oprotection - LIDL \u00e0 SAINT-SENIER-SOUS-\nAVRANCHES\nArt. 1 :  L'autorisation, pr\u00e9c\u00e9demment accord\u00e9e, pour installer 12 cam\u00e9ras int\u00e9rieures et 2 cam\u00e9ras ext\u00e9rieures permettant une dur\u00e9e de\nconservation des images \u00e0 10 jours au sein de l'\u00e9tablissement LIDL avenue du Rocher - ZI Saint Germain  50300 SAINT-SENIER-SOUS-\nAVRANCHES, par arr\u00eat\u00e9 pr\u00e9fectoral du 10 avril 2018, \u00e0 Monsieur Jean-Michel LE GUILLERMIC, est reconduite, pour une dur\u00e9e de cinq\nans renouvelable, conform\u00e9ment au dossier pr\u00e9sent\u00e9 et annex\u00e9 \u00e0 la demande enregistr\u00e9e sous le num\u00e9ro 2018/0087.\nArt. 2 : Les dispositions pr\u00e9vues par l'arr\u00eat\u00e9 du 10 avril 2018 demeurent applicables.\nArt. 3 :  Monsieur Jean-Michel LE GUILLERMIC, responsable de la mise en \u0153uvre du syst\u00e8me doit se porter garant des personnes\nsusceptibles d'intervenir dans l'exploitation ou le visionnage des images, ainsi que dans la maintenance du syst\u00e8me mis en place. Des\nconsignes tr\u00e8s pr\u00e9cises sur la confidentialit\u00e9 des images capt\u00e9es ou/et enregistr\u00e9es et des atteintes \u00e0 la vie priv\u00e9e qu'elles peuvent\n\u00e9ventuellement impliquer sont donn\u00e9es \u00e0 toutes les personnes concern\u00e9es.\nArt. 4 :  Toute modification pr\u00e9sentant un caract\u00e8re substantiel devra faire l'objet d'une d\u00e9claration aupr\u00e8s des services pr\u00e9fectoraux,\nnotamment changement d'activit\u00e9 dans les lieux prot\u00e9g\u00e9s, changement dans la configuration des lieux, changement affectant la protection\ndes images.\nArt. 5 :  Sans pr\u00e9judice des sanctions p\u00e9nales applicables, la pr\u00e9sente autorisation peut, apr\u00e8s que l'int\u00e9ress\u00e9 ait \u00e9t\u00e9 mis \u00e0 m\u00eame de\npr\u00e9senter ses observations, \u00eatre retir\u00e9e en cas de manquement aux dispositions figurant aux articles L.251-2, L.251-3, L.252-1 \u00e0 L.252-6,\nL.253-1 \u00e0 L.253-5 et R.251-1 \u00e0 R.253-4 du code de la s\u00e9curit\u00e9 int\u00e9rieure susvis\u00e9 ou encore en cas de modification des conditions au vu\ndesquelles cette autorisation a \u00e9t\u00e9 d\u00e9livr\u00e9e.\nArt. 6 :  La pr\u00e9sente autorisation peut faire l'objet d'un recours devant le Tribunal Administratif de Caen dans un d\u00e9lai de deux mois \u00e0\ncompter de la date de sa notification \u00e0 l'int\u00e9ress\u00e9.\nArt. 7 :  Le syst\u00e8me concern\u00e9 devra faire l'objet d'une nouvelle autorisation administrative pr\u00e9alable au terme du d\u00e9lai des cinq ans  : une\nnouvelle demande devra \u00eatre d\u00e9pos\u00e9e par  t\u00e9l\u00e9proc\u00e9dure disponible sur le site \u00abvideoprotection.interieur.gouv.fr\u00bb,  quatre mois avant\nl'\u00e9ch\u00e9ance de ce d\u00e9lai.\nSign\u00e9 : Pour le Pr\u00e9fet, le Sous-Pr\u00e9fet d'Avranches : Pierre CHAULEUR\n\uf0bf\nArr\u00eat\u00e9 n\u00b0 2023-111 du 13 juillet 2023 portant renouvellement d'un syst\u00e8me de vid\u00e9oprotection - Ville de P\u00e9riers \u00e0 PERIERS\nArt. 1 : L'autorisation, pr\u00e9c\u00e9demment accord\u00e9e, pour installer 3 cam\u00e9ras voie publique permettant une dur\u00e9e de conservation des images \u00e0\n15 jours au sein de la Ville de P\u00e9riers 1 place du G\u00e9n\u00e9ral de Gaulle  50190 PERIERS, par arr\u00eat\u00e9 pr\u00e9fectoral du 14 novembre 2018, \u00e0\nMonsieur Le Maire, est reconduite, pour une dur\u00e9e de cinq ans renouvelable, conform\u00e9ment au dossier pr\u00e9sent\u00e9 et annex\u00e9 \u00e0 la demande\nenregistr\u00e9e sous le num\u00e9ro 2018/0283.\nArt. 2 : Les dispositions pr\u00e9vues par l'arr\u00eat\u00e9 du 14 novembre 2018 demeurent applicables.\nArt. 3 :  Monsieur Le Maire de P\u00e9riers, responsable de la mise en \u0153uvre du syst\u00e8me doit se porter garant des personnes susceptibles\nd'intervenir dans l'exploitation ou le visionnage des images, ainsi que dans la maintenance du syst\u00e8me mis en place. Des consignes tr\u00e8s\npr\u00e9cises sur la confidentialit\u00e9 des images capt\u00e9es ou/et enregistr\u00e9es et des atteintes \u00e0 la vie priv\u00e9e qu'elles peuvent \u00e9ventuellement\nimpliquer sont donn\u00e9es \u00e0 toutes les personnes concern\u00e9es.\nArt. 4 :  Toute modification pr\u00e9sentant un caract\u00e8re substantiel devra faire l'objet d'une d\u00e9claration aupr\u00e8s des services pr\u00e9fectoraux,\nnotamment changement d'activit\u00e9 dans les lieux prot\u00e9g\u00e9s, changement dans la configuration des lieux, changement affectant la protection\ndes images.\nArt. 5 :  Sans pr\u00e9judice des sanctions p\u00e9nales applicables, la pr\u00e9sente autorisation peut, apr\u00e8s que l'int\u00e9ress\u00e9 ait \u00e9t\u00e9 mis \u00e0 m\u00eame de\npr\u00e9senter ses observations, \u00eatre retir\u00e9e en cas de manquement aux dispositions figurant aux articles L.251-2, L.251-3, L.252-1 \u00e0 L.252-6,\nL.253-1 \u00e0 L.253-5 et R.251-1 \u00e0 R.253-4 du code de la s\u00e9curit\u00e9 int\u00e9rieure susvis\u00e9 ou encore en cas de modification des conditions au vu\ndesquelles cette autorisation a \u00e9t\u00e9 d\u00e9livr\u00e9e.\nArt. 6 :  La pr\u00e9sente autorisation peut faire l'objet d'un recours devant le Tribunal Administratif de Caen dans un d\u00e9lai de deux mois \u00e0\ncompter de la date de sa notification \u00e0 l'int\u00e9ress\u00e9.\nArt. 7 :  Le syst\u00e8me concern\u00e9 devra faire l'objet d'une nouvelle autorisation administrative pr\u00e9alable au terme du d\u00e9lai des cinq ans  : une\nnouvelle demande devra \u00eatre d\u00e9pos\u00e9e par  t\u00e9l\u00e9proc\u00e9dure disponible sur le site \u00abvideoprotection.interieur.gouv.fr\u00bb,  quatre mois avant\nl'\u00e9ch\u00e9ance de ce d\u00e9lai.\nSign\u00e9 : Pour le Pr\u00e9fet, le Sous-Pr\u00e9fet d'Avranches : Pierre CHAULEUR\n\uf0bf\nArr\u00eat\u00e9 n\u00b0 2023-112 du 13 juillet 2023 portant renouvellement d'un syst\u00e8me de vid\u00e9oprotection - Bar du D\u00e9part \u00e0 MOON-SUR-ELLE\nArt. 1 : L'autorisation, pr\u00e9c\u00e9demment accord\u00e9e, pour installer 2 cam\u00e9ras int\u00e9rieures permettant une dur\u00e9e de conservation des images \u00e0 15\njours au sein de l'\u00e9tablissement Bar du D\u00e9part 15 rue de la gare  50680 MOON-SUR-ELLE, par arr\u00eat\u00e9 pr\u00e9fectoral du 14 novembre 2018, \u00e0\nMonsieur FABIEN CORNEVILLE, est reconduite, pour une dur\u00e9e de cinq ans renouvelable, conform\u00e9ment au dossier pr\u00e9sent\u00e9 et annex\u00e9 \u00e0\nla demande enregistr\u00e9e sous le num\u00e9ro 2018/0312.\nArt. 2 : Les dispositions pr\u00e9vues par l'arr\u00eat\u00e9 du 14 novembre 2018 demeurent applicables.\nArt. 3 :  Monsieur FABIEN CORNEVILLE, responsable de la mise en \u0153uvre du syst\u00e8me doit se porter garant des personnes susceptibles\nd'intervenir dans l'exploitation ou le visionnage des images, ainsi que dans la maintenance du syst\u00e8me mis en place. Des consignes tr\u00e8s\npr\u00e9cises sur la confidentialit\u00e9 des images capt\u00e9es ou/et enregistr\u00e9es et des atteintes \u00e0 la vie priv\u00e9e qu'elles peuvent \u00e9ventuellement\nimpliquer sont donn\u00e9es \u00e0 toutes les personnes concern\u00e9es.\nArt. 4 :   Toute modification pr\u00e9sentant un caract\u00e8re substantiel devra faire l'objet d'une d\u00e9claration aupr\u00e8s des services pr\u00e9fectoraux,\nnotamment changement d'activit\u00e9 dans les lieux prot\u00e9g\u00e9s, changement dans la configuration des lieux, changement affectant la protection\ndes images.\nArt. 5 :   Sans pr\u00e9judice des sanctions p\u00e9nales applicables, la pr\u00e9sente autorisation peut, apr\u00e8s que l'int\u00e9ress\u00e9 ait \u00e9t\u00e9 mis \u00e0 m\u00eame de\npr\u00e9senter ses observations, \u00eatre retir\u00e9e en cas de manquement aux dispositions figurant aux articles L.251-2, L.251-3, L.252-1 \u00e0 L.252-6,\nL.253-1 \u00e0 L.253-5 et R.251-1 \u00e0 R.253-4 du code de la s\u00e9curit\u00e9 int\u00e9rieure susvis\u00e9 ou encore en cas de modification des conditions au vu\ndesquelles cette autorisation a \u00e9t\u00e9 d\u00e9livr\u00e9e.\nArt. 6 :  La pr\u00e9sente autorisation peut faire l'objet d'un recours devant le Tribunal Administratif de Caen dans un d\u00e9lai de deux mois \u00e0\ncompter de la date de sa notification \u00e0 l'int\u00e9ress\u00e9.\nArt. 7 :   Le syst\u00e8me concern\u00e9 devra faire l'objet d'une nouvelle autorisation administrative pr\u00e9alable au terme du d\u00e9lai des cinq ans  : une\nnouvelle demande devra \u00eatre d\u00e9pos\u00e9e par  t\u00e9l\u00e9proc\u00e9dure disponible sur le site \u00abvideoprotection.interieur.gouv.fr\u00bb,  quatre mois avant\nl'\u00e9ch\u00e9ance de ce d\u00e9lai.\nSign\u00e9 : Pour le Pr\u00e9fet, le Sous-Pr\u00e9fet d'Avranches : Pierre CHAULEUR\n\uf0bf\nArr\u00eat\u00e9 n\u00b0 2023-113 du 13 juillet 2023 portant modification d'un syst\u00e8me de vid\u00e9oprotection - CREDIT MUTUEL MAINE ANJOU BASSE\nNORMANDIE \u00e0 AGON-COUTAINVILLE \nArt. 1 :  Le charg\u00e9 de s\u00e9curit\u00e9 est autoris\u00e9, dans les conditions fix\u00e9es au pr\u00e9sent arr\u00eat\u00e9 et pour une dur\u00e9e de cinq ans renouvelable, \u00e0\nmodifier l'installation de vid\u00e9oprotection au sein de l'\u00e9tablissement CREDIT MUTUEL MAINE ANJOU BASSE NORMANDIE 8 rue Amiral\nTourville  50230 AGON-COUTAINVILLE, conform\u00e9ment au dossier annex\u00e9 \u00e0 la demande enregistr\u00e9e sous le num\u00e9ro 2009/0087.\nArt. 2 : Cette modification intervient sur l'installation de vid\u00e9oprotection pr\u00e9c\u00e9demment autoris\u00e9e par arr\u00eat\u00e9 pr\u00e9fectoral susvis\u00e9.\nArt. 3: La modification porte sur l'ajout de 1 cam\u00e9ra int\u00e9rieure. Le syst\u00e8me comporte d\u00e9sormais  6 cam\u00e9ras int\u00e9rieures.\nLa dur\u00e9e de conservation des images reste fix\u00e9e \u00e0 30 jours.\nLe droit d'acc\u00e8s aux images s'exercera aupr\u00e8s du charg\u00e9 de s\u00e9curit\u00e9.\nArt. 4 : Le charg\u00e9 de s\u00e9curit\u00e9, responsable de la mise en \u0153uvre du syst\u00e8me doit se porter garant des personnes susceptibles d'intervenir\ndans l'exploitation ou le visionnage des images, ainsi que dans la maintenance du syst\u00e8me mis en place. Des consignes tr\u00e8s pr\u00e9cises sur la\nconfidentialit\u00e9 des images capt\u00e9es ou/et enregistr\u00e9es et des atteintes \u00e0 la vie priv\u00e9e qu'elles peuvent \u00e9ventuellement impliquer sont\ndonn\u00e9es \u00e0 toutes les personnes concern\u00e9es.\nArt. 5 :  Toute modification pr\u00e9sentant un caract\u00e8re substantiel devra faire l'objet d'une d\u00e9claration aupr\u00e8s des services pr\u00e9fectoraux,\nnotamment changement d'activit\u00e9 dans les lieux prot\u00e9g\u00e9s, changement dans la configuration des lieux, changement affectant la protection\ndes images.\nArt. 6 :  Sans pr\u00e9judice des sanctions p\u00e9nales applicables, la pr\u00e9sente autorisation peut, apr\u00e8s que l'int\u00e9ress\u00e9 ait \u00e9t\u00e9 mis \u00e0 m\u00eame de\npr\u00e9senter ses observations, \u00eatre retir\u00e9e en cas de manquement aux dispositions figurant aux articles L.251-2, L.251-3, L.252-1 \u00e0 L.252-6,\nL.253-1 \u00e0 L.253-5 et R.251-1 \u00e0 R.253-4 du code de la s\u00e9curit\u00e9 int\u00e9rieure susvis\u00e9 ou encore en cas de modification des conditions au vu\ndesquelles cette autorisation a \u00e9t\u00e9 d\u00e9livr\u00e9e.\nArt. 7 :  La pr\u00e9sente autorisation peut faire l'objet d'un recours devant le Tribunal Administratif de Caen dans un d\u00e9lai de deux mois \u00e0\ncompter de la date de sa notification \u00e0 l'int\u00e9ress\u00e9.\nArt. 8 :  Le syst\u00e8me concern\u00e9 devra faire l'objet d'une nouvelle autorisation administrative pr\u00e9alable au terme du d\u00e9lai des cinq ans  : une\nnouvelle demande devra \u00eatre d\u00e9pos\u00e9e par  t\u00e9l\u00e9proc\u00e9dure disponible sur le site \u00abvideoprotection.interieur.gouv.fr\u00bb,  quatre mois avant\nl'\u00e9ch\u00e9ance de ce d\u00e9lai.\nArt. 9 : Les autres dispositions pr\u00e9vues par l'arr\u00eat\u00e9 pr\u00e9fectoral susvis\u00e9 demeurent applicables.\nSign\u00e9 : Pour le Pr\u00e9fet, le Sous-Pr\u00e9fet d'Avranches : Pierre CHAULEUR\n\uf0bf\nArr\u00eat\u00e9 n\u00b0 2023-106 du 17 juillet 2023 portant renouvellement d'un syst\u00e8me de vid\u00e9oprotection - Bar Tabac SNC Robert Le Saint-\nThomas \u00e0 SAINT-LO\nArt. 1 :  L'autorisation, pr\u00e9c\u00e9demment accord\u00e9e, pour installer 3 cam\u00e9ras int\u00e9rieures permettant une dur\u00e9e de conservation des images \u00e0 15\njours au sein de l'\u00e9tablissement  Bar Tabac SNC Robert Le Saint-Thomas 34 rue Saint-Thomas  50000 SAINT-LO, par arr\u00eat\u00e9 pr\u00e9fectoral du 6\njuillet 2018, \u00e0 Monsieur Pierre Henri ROBERT, est reconduite, pour une dur\u00e9e de cinq ans renouvelable, conform\u00e9ment au dossier pr\u00e9sent\u00e9 et\nannex\u00e9 \u00e0 la demande enregistr\u00e9e sous le num\u00e9ro 2013/0028.\nArt. 2 : Les dispositions pr\u00e9vues par l'arr\u00eat\u00e9 du 17 juin 2013 demeurent applicables.\nArt. 3 :  Monsieur Pierre Henri ROBERT, responsable de la mise en \u0153uvre du syst\u00e8me doit se porter garant des personnes susceptibles\nd'intervenir dans l'exploitation ou le visionnage des images, ainsi que dans la maintenance du syst\u00e8me mis en place. Des consignes tr\u00e8s\npr\u00e9cises sur la confidentialit\u00e9 des images capt\u00e9es ou/et enregistr\u00e9es et des atteintes \u00e0 la vie priv\u00e9e qu'elles peuvent \u00e9ventuellement impliquer\nsont donn\u00e9es \u00e0 toutes les personnes concern\u00e9es.\nArt. 4: Toute modification pr\u00e9sentant un caract\u00e8re substantiel devra faire l'objet d'une d\u00e9claration aupr\u00e8s des services pr\u00e9fectoraux, notamment\nchangement d'activit\u00e9 dans les lieux prot\u00e9g\u00e9s, changement dans la configuration des lieux, changement affectant la protection des images.\nArt. 5 :  Sans pr\u00e9judice des sanctions p\u00e9nales applicables, la pr\u00e9sente autorisation peut, apr\u00e8s que l'int\u00e9ress\u00e9 ait \u00e9t\u00e9 mis \u00e0 m\u00eame de pr\u00e9senter\nses observations, \u00eatre retir\u00e9e en cas de manquement aux dispositions figurant aux articles L.251-2, L.251-3, L.252-1 \u00e0 L.252-6, L.253-1 \u00e0\nL.253-5 et R.251-1 \u00e0 R.253-4 du code de la s\u00e9curit\u00e9 int\u00e9rieure susvis\u00e9 ou encore en cas de modification des conditions au vu desquelles cette\nautorisation a \u00e9t\u00e9 d\u00e9livr\u00e9e.\nArt. 6 : La pr\u00e9sente autorisation peut faire l'objet d'un recours devant le Tribunal Administratif de Caen dans un d\u00e9lai de deux mois \u00e0 compter de\nla date de sa notification \u00e0 l'int\u00e9ress\u00e9.\nArt. 7 :  Le syst\u00e8me concern\u00e9 devra faire l'objet d'une nouvelle autorisation administrative pr\u00e9alable au terme du d\u00e9lai des cinq ans  : une\nnouvelle demande devra \u00eatre d\u00e9pos\u00e9e par t\u00e9l\u00e9proc\u00e9dure disponible sur le site \u00abvideoprotection.interieur.gouv.fr\u00bb, quatre mois avant l'\u00e9ch\u00e9ance\nde ce d\u00e9lai.\nSign\u00e9 : Pour le Pr\u00e9fet, le Sous-Pr\u00e9fet d'Avranches : Pierre CHAULEUR\n\uf0bf\nArr\u00eat\u00e9 n\u00b0 2013-114 du 17 juillet 2023 portant modification d'un syst\u00e8me de vid\u00e9oprotection - BNP PARIBAS \u00e0 SAINT-LO \nArt. 1 : Le responsable service s\u00e9curit\u00e9 BNP PARIBAS est autoris\u00e9, dans les conditions fix\u00e9es au pr\u00e9sent arr\u00eat\u00e9 et pour une dur\u00e9e de cinq ans\nrenouvelable, \u00e0 modifier l'installation de vid\u00e9oprotection au sein de l'\u00e9tablissement BNP PARIBAS 1 rue Havin  50000 SAINT-LO, conform\u00e9ment\nau dossier annex\u00e9 \u00e0 la demande enregistr\u00e9e sous le num\u00e9ro 2010/0044.\nArt. 2 : Cette modification intervient sur l'installation de vid\u00e9oprotection pr\u00e9c\u00e9demment autoris\u00e9e par arr\u00eat\u00e9 pr\u00e9fectoral susvis\u00e9.\nArt. 3 :  La modification porte sur le retrait de 2 cam\u00e9ras int\u00e9rieures et le retrait d'une cam\u00e9ra ext\u00e9rieure. Le syst\u00e8me comporte d\u00e9sormais 5\ncam\u00e9ras int\u00e9rieures.\nLa dur\u00e9e de conservation des images reste fix\u00e9e \u00e0 30 jours.\nLe droit d'acc\u00e8s aux images s'exercera aupr\u00e8s du responsable s\u00e9curit\u00e9.\nArt. 4 :  Le responsable service s\u00e9curit\u00e9 BNP PARIBAS, responsable de la mise en \u0153uvre du syst\u00e8me doit se porter garant des personnes\nsusceptibles d'intervenir dans l'exploitation ou le visionnage des images, ainsi que dans la maintenance du syst\u00e8me mis en place. Des\nconsignes  tr\u00e8s  pr\u00e9cises  sur  la  confidentialit\u00e9  des  images  capt\u00e9es  ou/et  enregistr\u00e9es  et  des  atteintes  \u00e0  la  vie  priv\u00e9e  qu'elles  peuvent\n\u00e9ventuellement impliquer sont donn\u00e9es \u00e0 toutes les personnes concern\u00e9es.\nArt. 5 : Toute modification pr\u00e9sentant un caract\u00e8re substantiel devra faire l'objet d'une d\u00e9claration aupr\u00e8s des services pr\u00e9fectoraux, notamment\nchangement d'activit\u00e9 dans les lieux prot\u00e9g\u00e9s, changement dans la configuration des lieux, changement affectant la protection des images.\nArt. 6 : Sans pr\u00e9judice des sanctions p\u00e9nales applicables, la pr\u00e9sente autorisation peut, apr\u00e8s que l'int\u00e9ress\u00e9 ait \u00e9t\u00e9 mis \u00e0 m\u00eame de pr\u00e9senter\nses observations, \u00eatre retir\u00e9e en cas de manquement aux dispositions figurant aux articles L.251-2, L.251-3, L.252-1 \u00e0 L.252-6, L.253-1 \u00e0\nL.253-5 et R.251-1 \u00e0 R.253-4 du code de la s\u00e9curit\u00e9 int\u00e9rieure susvis\u00e9 ou encore en cas de modification des conditions au vu desquelles cette\nautorisation a \u00e9t\u00e9 d\u00e9livr\u00e9e.\nArt. 7 : La pr\u00e9sente autorisation peut faire l'objet d'un recours devant le Tribunal Administratif de Caen dans un d\u00e9lai de deux mois \u00e0 compter de\nla date de sa notification \u00e0 l'int\u00e9ress\u00e9.\nArt. 8  : Le syst\u00e8me concern\u00e9 devra faire l'objet d'une nouvelle autorisation administrative pr\u00e9alable au terme du d\u00e9lai des cinq ans  : une\nnouvelle demande devra \u00eatre d\u00e9pos\u00e9e par t\u00e9l\u00e9proc\u00e9dure disponible sur le site \u00abvideoprotection.interieur.gouv.fr\u00bb, quatre mois avant l'\u00e9ch\u00e9ance\nde ce d\u00e9lai.\nArt. 9 : Les autres dispositions pr\u00e9vues par l'arr\u00eat\u00e9 pr\u00e9fectoral susvis\u00e9 demeurent applicables.\nSign\u00e9 : Pour le Pr\u00e9fet, le Sous-Pr\u00e9fet d'Avranches : Pierre CHAULEUR\n\uf0bf\nArr\u00eat\u00e9 n\u00b0 2023-115 du 17 juillet 2023 portant modification d'un syst\u00e8me de vid\u00e9oprotection - Caisse \u00e9pargne Normandie \u00e0\nCHERBOURG-EN-COTENTIN\nArt. 1 :  Le charg\u00e9 de s\u00e9curit\u00e9 personnes et biens est autoris\u00e9, dans les conditions fix\u00e9es au pr\u00e9sent arr\u00eat\u00e9 et pour une dur\u00e9e de cinq ans\nrenouvelable, \u00e0 modifier l'installation de vid\u00e9oprotection au sein de l'\u00e9tablissement Caisse d'Epargne Normandie 116 rue des prairies Tourlaville\n50110 CHERBOURG-EN-COTENTIN, conform\u00e9ment au dossier annex\u00e9 \u00e0 la demande enregistr\u00e9e sous le num\u00e9ro 2011/0246.\nArt. 2 : Cette modification intervient sur l'installation de vid\u00e9oprotection pr\u00e9c\u00e9demment autoris\u00e9e par arr\u00eat\u00e9 pr\u00e9fectoral susvis\u00e9.\nArt. 3 : La modification porte sur l'ajout de 1 cam\u00e9ra int\u00e9rieure. Le syst\u00e8me comporte d\u00e9sormais  5 cam\u00e9ras int\u00e9rieures et 1 cam\u00e9ra ext\u00e9rieure.\nLa dur\u00e9e de conservation des images reste fix\u00e9e \u00e0 30 jours.\nLe droit d'acc\u00e8s aux images s'exercera aupr\u00e8s du charg\u00e9 de s\u00e9curit\u00e9.\nArt. 4 :  Le charg\u00e9 de s\u00e9curit\u00e9 personnes et biens, responsable de la mise en \u0153uvre du syst\u00e8me doit se porter garant des personnes\nsusceptibles d'intervenir dans l'exploitation ou le visionnage des images, ainsi que dans la maintenance du syst\u00e8me mis en place. Des\nconsignes  tr\u00e8s  pr\u00e9cises  sur  la  confidentialit\u00e9  des  images  capt\u00e9es  ou/et  enregistr\u00e9es  et  des  atteintes  \u00e0  la  vie  priv\u00e9e  qu'elles  peuvent\n\u00e9ventuellement impliquer sont donn\u00e9es \u00e0 toutes les personnes concern\u00e9es.\nArt. 5: Toute modification pr\u00e9sentant un caract\u00e8re substantiel devra faire l'objet d'une d\u00e9claration aupr\u00e8s des services pr\u00e9fectoraux, notamment\nchangement d'activit\u00e9 dans les lieux prot\u00e9g\u00e9s, changement dans la configuration des lieux, changement affectant la protection des images.\nArt. 6 : Sans pr\u00e9judice des sanctions p\u00e9nales applicables, la pr\u00e9sente autorisation peut, apr\u00e8s que l'int\u00e9ress\u00e9 ait \u00e9t\u00e9 mis \u00e0 m\u00eame de pr\u00e9senter\nses observations, \u00eatre retir\u00e9e en cas de manquement aux dispositions figurant aux articles L.251-2, L.251-3, L.252-1 \u00e0 L.252-6, L.253-1 \u00e0\nL.253-5 et R.251-1 \u00e0 R.253-4 du code de la s\u00e9curit\u00e9 int\u00e9rieure susvis\u00e9 ou encore en cas de modification des conditions au vu desquelles cette\nautorisation a \u00e9t\u00e9 d\u00e9livr\u00e9e.\nArt. 7 : La pr\u00e9sente autorisation peut faire l'objet d'un recours devant le Tribunal Administratif de Caen dans un d\u00e9lai de deux mois \u00e0 compter de\nla date de sa notification \u00e0 l'int\u00e9ress\u00e9.\nArt. 8 :  Le syst\u00e8me concern\u00e9 devra faire l'objet d'une nouvelle autorisation administrative pr\u00e9alable au terme du d\u00e9lai des cinq ans  : une\nnouvelle demande devra \u00eatre d\u00e9pos\u00e9e par t\u00e9l\u00e9proc\u00e9dure disponible sur le site \u00abvideoprotection.interieur.gouv.fr\u00bb, quatre mois avant l'\u00e9ch\u00e9ance\nde ce d\u00e9lai.\nArt. 9: Les autres dispositions pr\u00e9vues par l'arr\u00eat\u00e9 pr\u00e9fectoral susvis\u00e9 demeurent applicables.\nSign\u00e9 : Pour le Pr\u00e9fet, le Sous-Pr\u00e9fet d'Avranches : Pierre CHAULEUR\n\uf0bf\nArr\u00eat\u00e9 n\u00b0 2013-158 du 17 juillet 2023 portant autorisation d'un syst\u00e8me de vid\u00e9oprotection - PROXYMED \u00e0 GRANVILLE\nConsid\u00e9rant que ce lieu est particuli\u00e8rement expos\u00e9 \u00e0 des risques d'agression ou de vol ;\nConsid\u00e9rant le caract\u00e8re proportionn\u00e9 du nombre de cam\u00e9ras envisag\u00e9es au regard des risques susmentionn\u00e9s ;\nArt. 1 : Monsieur Fr\u00e9d\u00e9ric CUVELLIER est autoris\u00e9, dans les conditions fix\u00e9es au pr\u00e9sent arr\u00eat\u00e9 et pour une dur\u00e9e de cinq ans renouvelable, \u00e0\ninstaller   2  cam\u00e9ras  ext\u00e9rieures  de vid\u00e9oprotection  au sein  de  l'\u00e9tablissement  PROXYMED  145 impasse  de  l'aimable  grenot   50400\nGRANVILLE, conform\u00e9ment au dossier pr\u00e9sent\u00e9 et annex\u00e9 \u00e0 la demande enregistr\u00e9e sous le num\u00e9ro 2023/0161.\nLe syst\u00e8me consid\u00e9r\u00e9 r\u00e9pond aux finalit\u00e9s pr\u00e9vues par le code de la s\u00e9curit\u00e9 int\u00e9rieure :\nS\u00e9curit\u00e9 des personnes, Pr\u00e9vention des atteintes aux biens, Lutte contre la d\u00e9marque inconnue.\nArt. 2     : Le public est inform\u00e9 de la pr\u00e9sence de ces cam\u00e9ras, dans l'\u00e9tablissement cit\u00e9 \u00e0 l'article 1er, par une signal\u00e9tique appropri\u00e9e :\n- de mani\u00e8re claire, permanente et significative, \u00e0 chaque point d'acc\u00e8s du public, de l'existence du syst\u00e8me de vid\u00e9oprotection ;\n- \u00e0 chaque point d'acc\u00e8s du public, des affichettes mentionnent les r\u00e9f\u00e9rences du code de la s\u00e9curit\u00e9 int\u00e9rieure susvis\u00e9 et les coordonn\u00e9es du\nresponsable de l'\u00e9tablissement aupr\u00e8s duquel s'exerce le droit d'acc\u00e8s aux images.\nLe droit d'acc\u00e8s aux images pourra s'exercer aupr\u00e8s du directeur g\u00e9n\u00e9ral.\nArt. 3  : Hormis le cas d'une enqu\u00eate de flagrant d\u00e9lit, d'une enqu\u00eate pr\u00e9liminaire ou d'une information judiciaire, les enregistrements sont\nd\u00e9truits dans un d\u00e9lai maximum de 15 jours.\nArt. 4  : Monsieur Fr\u00e9d\u00e9ric CUVELLIER, responsable de la mise en \u0153uvre du syst\u00e8me doit se porter garant des personnes susceptibles\nd'intervenir dans l'exploitation ou le visionnage des images, ainsi que dans la maintenance du syst\u00e8me mis en place. Des consignes tr\u00e8s\npr\u00e9cises sur la confidentialit\u00e9 des images capt\u00e9es ou/et enregistr\u00e9es et des atteintes \u00e0 la vie priv\u00e9e qu'elles peuvent \u00e9ventuellement impliquer\nsont donn\u00e9es \u00e0 toutes les personnes concern\u00e9es.\nArt. 5 : Toute modification pr\u00e9sentant un caract\u00e8re substantiel devra faire l'objet d'une d\u00e9claration aupr\u00e8s des services pr\u00e9fectoraux, notamment\nchangement d'activit\u00e9 dans les lieux prot\u00e9g\u00e9s, changement dans la configuration des lieux, changement affectant la protection des images.\nArt. 6 : Sans pr\u00e9judice des sanctions p\u00e9nales applicables, la pr\u00e9sente autorisation peut, apr\u00e8s que l'int\u00e9ress\u00e9 ait \u00e9t\u00e9 mis \u00e0 m\u00eame de pr\u00e9senter\nses observations, \u00eatre retir\u00e9e en cas de manquement aux dispositions figurant aux articles L.251-2, L.251-3, L.252-1 \u00e0 L.252-6, L.253-1 \u00e0\nL.253-5 et R.251-1 \u00e0 R.253-4 du code de la s\u00e9curit\u00e9 int\u00e9rieure susvis\u00e9 ou encore en cas de modification des conditions au vu desquelles cette\nautorisation a \u00e9t\u00e9 d\u00e9livr\u00e9e.\nArt. 7 : La pr\u00e9sente autorisation peut faire l'objet d'un recours devant le Tribunal Administratif de Caen dans un d\u00e9lai de deux mois \u00e0 compter de\nla date de sa notification \u00e0 l'int\u00e9ress\u00e9.\nArt. 8     : Le syst\u00e8me concern\u00e9 devra faire l'objet d'une nouvelle autorisation administrative pr\u00e9alable au terme du d\u00e9lai des cinq ans  : une\nnouvelle demande devra \u00eatre d\u00e9pos\u00e9e par t\u00e9l\u00e9proc\u00e9dure disponible sur le site \u00abvideoprotection.interieur.gouv.fr\u00bb, quatre mois avant l'\u00e9ch\u00e9ance\nde ce d\u00e9lai.\nSign\u00e9 : Pour le Pr\u00e9fet, le Sous-Pr\u00e9fet d'Avranches : Pierre CHAULEUR\n\uf0bf\n\uf0bf\nArr\u00eat\u00e9 du 21 ao\u00fbt 2023 portant nomination des membres de la commission de contr\u00f4le charg\u00e9e de la r\u00e9gularit\u00e9 des listes \u00e9lectorales\ndans la commune de ROMAGNY-FONTENAY (communes de 1 000 habitants et plus avec 1 liste)\nConsid\u00e9rant qu'il convient de nommer, dans chaque commune, les membres de la commission de contr\u00f4le charg\u00e9e de la r\u00e9gularit\u00e9 des listes\n\u00e9lectorales pour une dur\u00e9e de trois ans et apr\u00e8s chaque renouvellement int\u00e9gral du conseil municipal,\nArt. 1 : La commission de contr\u00f4le, institu\u00e9e dans la commune de ROMAGNY-FONTENAY est compos\u00e9e comme suit :\nConseiller municipal :\nTitulaire : Mme Annick BUSNEL\nSuppl\u00e9ant : M. Franck HESLOUIS\nD\u00e9l\u00e9gu\u00e9 de l'administration :\nTitulaire : M. Bernard POULLAIN\nSuppl\u00e9ant : Mme Claudine GARNIER\nD\u00e9l\u00e9gu\u00e9 du tribunal :\nTitulaire : Mme Amandine BEDIN\nSuppl\u00e9ant : M. Daniel GONTIER\nArt. 2 : Les membres de la commission de contr\u00f4le charg\u00e9e de la r\u00e9gularit\u00e9 des listes \u00e9lectorales sont d\u00e9sign\u00e9s pour trois ans.\nArt. 3 :   L'arr\u00eat\u00e9 en date du 11/01/21 portant nomination des membres de la commission de contr\u00f4le charg\u00e9e de la r\u00e9gularit\u00e9 des listes\n\u00e9lectorales de ROMAGNY-FONTENAY  est abrog\u00e9.\nSign\u00e9 : Pour le Pr\u00e9fet, le Sous-Pr\u00e9fet d'Avranches : Pierre CHAULEUR\n\uf0bf\nArr\u00eat\u00e9 du 28 ao\u00fbt 2023 portant nomination des membres de la commission de contr\u00f4le charg\u00e9e de la r\u00e9gularit\u00e9 des listes \u00e9lectorales\ndans la commune de LA CHAISE-BAUDOUIN (communes de moins de 1 000 habitants et assimil\u00e9es)\nConsid\u00e9rant qu'il convient de nommer, dans chaque commune, les membres de la commission de contr\u00f4le charg\u00e9e de la r\u00e9gularit\u00e9 des listes\n\u00e9lectorales pour une dur\u00e9e de trois ans et apr\u00e8s chaque renouvellement int\u00e9gral du conseil municipal,\nArt. 1 : La commission de contr\u00f4le, institu\u00e9e dans la commune de LA CHAISE-BAUDOUIN, est compos\u00e9e comme suit :\nConseiller municipal :\nTitulaire : Mme Alexandra COSSE\nSuppl\u00e9ant : M. St\u00e9phane BUSSON\nD\u00e9l\u00e9gu\u00e9 de l'administration :\nTitulaire : M. Serge PICHARD\nSuppl\u00e9ant : M. Jean-Pierre RUAULT\nD\u00e9l\u00e9gu\u00e9 du tribunal :\nTitulaire : M. David MILLET\nSuppl\u00e9ant : \nArt. 2 : Les membres de la commission de contr\u00f4le charg\u00e9e de la r\u00e9gularit\u00e9 des listes \u00e9lectorales sont d\u00e9sign\u00e9s pour trois ans.\nArt. 3  : L'arr\u00eat\u00e9 en date du 11/01/21 portant nomination des membres de la commission de contr\u00f4le charg\u00e9e de la r\u00e9gularit\u00e9 des listes\n\u00e9lectorales de LA CHAISE-BAUDOUIN est abrog\u00e9.\nSign\u00e9 : Pour le Pr\u00e9fet, le Sous-Pr\u00e9fet d'Avranches : Pierre CHAULEUR\n\uf0bf\nArr\u00eat\u00e9 du 28 ao\u00fbt 2023 portant nomination des membres de la commission de contr\u00f4le charg\u00e9e de la r\u00e9gularit\u00e9 des listes \u00e9lectorales\ndans la commune de LA GODEFROY (communes de moins de 1 000 habitants et assimil\u00e9es)\nConsid\u00e9rant qu'il convient de nommer, dans chaque commune, les membres de la commission de contr\u00f4le charg\u00e9e de la r\u00e9gularit\u00e9 des listes\n\u00e9lectorales pour une dur\u00e9e de trois ans et apr\u00e8s chaque renouvellement int\u00e9gral du conseil municipal,\nArt. 1 : La commission de contr\u00f4le, institu\u00e9e dans la commune de LA GODEFROY, est compos\u00e9e comme suit :\nConseiller municipal :\nTitulaire : Mme Annick BOUCAUD\nSuppl\u00e9ant : M. Thomas AUCOUTURIER\nD\u00e9l\u00e9gu\u00e9 de l'administration :\nTitulaire : Mme Marie-Paule PERREAU-SAUSSINE\nSuppl\u00e9ant : \nD\u00e9l\u00e9gu\u00e9 du tribunal :\nTitulaire : Mme Lydia PONTAIS\nSuppl\u00e9ant : M. Patrick GENAITAY \nArt. 2 : Les membres de la commission de contr\u00f4le charg\u00e9e de la r\u00e9gularit\u00e9 des listes \u00e9lectorales sont d\u00e9sign\u00e9s pour trois ans.\nArt. 3  : L'arr\u00eat\u00e9 en date du 11/01/21 portant nomination des membres de la commission de contr\u00f4le charg\u00e9e de la r\u00e9gularit\u00e9 des listes\n\u00e9lectorales de LA GODEFROY est abrog\u00e9.\nSign\u00e9 : Pour le Pr\u00e9fet, le Sous-Pr\u00e9fet d'Avranches : Pierre CHAULEUR\n\uf0bf\nArr\u00eat\u00e9 du 28 ao\u00fbt 2023 portant nomination des membres de la commission de contr\u00f4le charg\u00e9e de la r\u00e9gularit\u00e9 des listes \u00e9lectorales\ndans la commune de LA LUCERNE D'OUTREMER (communes de moins de 1 000 habitants et assimil\u00e9es)\nConsid\u00e9rant qu'il convient de nommer, dans chaque commune, les membres de la commission de contr\u00f4le charg\u00e9e de la r\u00e9gularit\u00e9 des listes\n\u00e9lectorales pour une dur\u00e9e de trois ans et apr\u00e8s chaque renouvellement int\u00e9gral du conseil municipal,\nArt. 1 : La commission de contr\u00f4le, institu\u00e9e dans la commune de LA LUCERNE D'OUTREMER, est compos\u00e9e comme suit :\nConseiller municipal :\nTitulaire : Mme Morgane DESRIAC\nSuppl\u00e9ant : M. Anthony DAVENEL \nD\u00e9l\u00e9gu\u00e9 de l'administration :\nTitulaire : Mme Odile MONSIGNY\nSuppl\u00e9ant : M. Aldo  SOLINI\nD\u00e9l\u00e9gu\u00e9 du tribunal :\nTitulaire : Mme Claire LETELLIER\nSuppl\u00e9ant : \nArt. 2 : Les membres de la commission de contr\u00f4le charg\u00e9e de la r\u00e9gularit\u00e9 des listes \u00e9lectorales sont d\u00e9sign\u00e9s pour trois ans.\nArt. 3  : L'arr\u00eat\u00e9 en date du 11/01/21 portant nomination des membres de la commission de contr\u00f4le charg\u00e9e de la r\u00e9gularit\u00e9 des listes\n\u00e9lectorales de LA LUCERNE D'OUTREMER est abrog\u00e9.\nSign\u00e9 : Pour le Pr\u00e9fet, le Sous-Pr\u00e9fet d'Avranches : Pierre CHAULEUR\n\uf0bf\nArr\u00eat\u00e9 du 28 ao\u00fbt 2023  portant nomination des membres de la commission de contr\u00f4le charg\u00e9e de la r\u00e9gularit\u00e9 des listes \u00e9lectorales\ndans la commune de LA MEURDRAQUIERE (communes de moins de 1 000 habitants et assimil\u00e9es)\nArt. 1 : La commission de contr\u00f4le, institu\u00e9e dans la commune de LA MEURDRAQUIERE, est compos\u00e9e comme suit :\nConseiller municipal :\nTitulaire : Mme France CLEMENT\nSuppl\u00e9ant : \nD\u00e9l\u00e9gu\u00e9 de l'administration :\nTitulaire : Mme Marie-Christine GIRON\nSuppl\u00e9ant : \nD\u00e9l\u00e9gu\u00e9 du tribunal :\nTitulaire : M. Luc PICHARD\nSuppl\u00e9ant : \nArt. 2 : Les membres de la commission de contr\u00f4le charg\u00e9e de la r\u00e9gularit\u00e9 des listes \u00e9lectorales sont d\u00e9sign\u00e9s pour trois ans.\nArt. 3  : L'arr\u00eat\u00e9 en date du 11/01/21 portant nomination des membres de la commission de contr\u00f4le charg\u00e9e de la r\u00e9gularit\u00e9 des listes\n\u00e9lectorales de LA MEURDRAQUIERE est abrog\u00e9.\nSign\u00e9 : Pour le Pr\u00e9fet, le Sous-Pr\u00e9fet d'Avranches : Pierre CHAULEUR\n\uf0bf\nArr\u00eat\u00e9 du 28 ao\u00fbt 2023 portant nomination des membres de la commission de contr\u00f4le charg\u00e9e de la r\u00e9gularit\u00e9 des listes \u00e9lectorales\ndans la commune de LES LOGES-MARCHIS (communes de moins de 1 000 habitants et assimil\u00e9es)\nConsid\u00e9rant qu'il convient de nommer, dans chaque commune, les membres de la commission de contr\u00f4le charg\u00e9e de la r\u00e9gularit\u00e9 des listes\n\u00e9lectorales pour une dur\u00e9e de trois ans et apr\u00e8s chaque renouvellement int\u00e9gral du conseil municipal,\nArt. 1 : La commission de contr\u00f4le, institu\u00e9e dans la commune de LES LOGES-MARCHIS, est compos\u00e9e comme suit :\nConseiller municipal :\nTitulaire : M. Jean-Yves GOUSSIN\nSuppl\u00e9ant : \nD\u00e9l\u00e9gu\u00e9 de l'administration :\nTitulaire : M. Raymond LEBOCEY\nSuppl\u00e9ant : \nD\u00e9l\u00e9gu\u00e9 du tribunal :\nTitulaire : Mme Th\u00e9r\u00e8se NOEL\nSuppl\u00e9ant : \nArt. 2 : Les membres de la commission de contr\u00f4le charg\u00e9e de la r\u00e9gularit\u00e9 des listes \u00e9lectorales sont d\u00e9sign\u00e9s pour trois ans.\nArt. 3  : L'arr\u00eat\u00e9 en date du 11/01/21 portant nomination des membres de la commission de contr\u00f4le charg\u00e9e de la r\u00e9gularit\u00e9 des listes\n\u00e9lectorales de LES LOGES-MARCHIS est abrog\u00e9.\nSign\u00e9 : Pour le Pr\u00e9fet, le Sous-Pr\u00e9fet d'Avranches : Pierre CHAULEUR\n\uf0bf\nArr\u00eat\u00e9 du 28 ao\u00fbt 2023 portant nomination des membres de la commission de contr\u00f4le charg\u00e9e de la r\u00e9gularit\u00e9 des listes \u00e9lectorales\ndans la commune de NOTRE-DAME-DE-LIVOYE (communes de moins de 1 000 habitants et assimil\u00e9es)\nConsid\u00e9rant qu'il convient de nommer, dans chaque commune, les membres de la commission de contr\u00f4le charg\u00e9e de la r\u00e9gularit\u00e9 des listes\n\u00e9lectorales pour une dur\u00e9e de trois ans et apr\u00e8s chaque renouvellement int\u00e9gral du conseil municipal,\nArt. 1 : La commission de contr\u00f4le, institu\u00e9e dans la commune de NOTRE-DAME-DE-LIVOYE, est compos\u00e9e comme suit :\nConseiller municipal :\nTitulaire : M. Hubert LETONDU\nSuppl\u00e9ant : \nD\u00e9l\u00e9gu\u00e9 de l'administration :\nTitulaire : M. Cl\u00e9ment BRUNNEVAL\nSuppl\u00e9ant : M. Julien BESNIER\nD\u00e9l\u00e9gu\u00e9 du tribunal :\nTitulaire : M. Julien BESNIER\nSuppl\u00e9ant : \nArt. 2 : Les membres de la commission de contr\u00f4le charg\u00e9e de la r\u00e9gularit\u00e9 des listes \u00e9lectorales sont d\u00e9sign\u00e9s pour trois ans.\nArt. 3  : L'arr\u00eat\u00e9 en date du 11/01/21 portant nomination des membres de la commission de contr\u00f4le charg\u00e9e de la r\u00e9gularit\u00e9 des listes\n\u00e9lectorales de NOTRE-DAME-DE-LIVOYE est abrog\u00e9.\nSign\u00e9 : Pour le Pr\u00e9fet, le Sous-Pr\u00e9fet d'Avranches : Pierre CHAULEUR\n\uf0bf\nArr\u00eat\u00e9 du 28 ao\u00fbt 2023 portant nomination des membres de la commission de contr\u00f4le charg\u00e9e de la r\u00e9gularit\u00e9 des listes \u00e9lectorales\ndans la commune de REFFUVEILLE (communes de moins de 1 000 habitants et assimil\u00e9es)\nConsid\u00e9rant qu'il convient de nommer, dans chaque commune, les membres de la commission de contr\u00f4le charg\u00e9e de la r\u00e9gularit\u00e9 des listes\n\u00e9lectorales pour une dur\u00e9e de trois ans et apr\u00e8s chaque renouvellement int\u00e9gral du conseil municipal,\nArt. 1 : La commission de contr\u00f4le, institu\u00e9e dans la commune de REFFUVEILLE, est compos\u00e9e comme suit :\nConseiller municipal :\nTitulaire : Mme Emilie CAUSSIN\nSuppl\u00e9ant : Mme Jo\u00eblle CWYL-LAVIALLE \nD\u00e9l\u00e9gu\u00e9 de l'administration :\nTitulaire : M. Pierre HAMEL\nSuppl\u00e9ant : Mme Odile LEVALLOIS\nD\u00e9l\u00e9gu\u00e9 du tribunal :\nTitulaire : Mme Maryvonne FRANCOIS\nSuppl\u00e9ant : M. Daniel POULAIN\nArt. 2 : Les membres de la commission de contr\u00f4le charg\u00e9e de la r\u00e9gularit\u00e9 des listes \u00e9lectorales sont d\u00e9sign\u00e9s pour trois ans.\nArt. 3  : L'arr\u00eat\u00e9 en date du 11/01/21 portant nomination des membres de la commission de contr\u00f4le charg\u00e9e de la r\u00e9gularit\u00e9 des listes\n\u00e9lectorales de REFFUVEILLE est abrog\u00e9.\nSign\u00e9 : Pour le Pr\u00e9fet, le Sous-Pr\u00e9fet d'Avranches : Pierre CHAULEUR\n\uf0bf\nArr\u00eat\u00e9 du 28 ao\u00fbt 2023 portant nomination des membres de la commission de contr\u00f4le charg\u00e9e de la r\u00e9gularit\u00e9 des listes \u00e9lectorales\ndans la commune de SACEY (communes de moins de 1 000 habitants et assimil\u00e9es)\nConsid\u00e9rant qu'il convient de nommer, dans chaque commune, les membres de la commission de contr\u00f4le charg\u00e9e de la r\u00e9gularit\u00e9 des listes\n\u00e9lectorales pour une dur\u00e9e de trois ans et apr\u00e8s chaque renouvellement int\u00e9gral du conseil municipal,\nArt. 1 : La commission de contr\u00f4le, institu\u00e9e dans la commune de SACEY, est compos\u00e9e comme suit :\nConseiller municipal :\nTitulaire : M. Roland LABBE \nSuppl\u00e9ant : Mme Florence BLANCHET\nD\u00e9l\u00e9gu\u00e9 de l'administration :\nTitulaire : M. Bernard NICOLLE\nSuppl\u00e9ant : Mme Fran\u00e7oise LAUNAY\nD\u00e9l\u00e9gu\u00e9 du tribunal :\nTitulaire : M. Alain CUDELOU\nSuppl\u00e9ant : M. Elie HEDOU\nArt. 2 : Les membres de la commission de contr\u00f4le charg\u00e9e de la r\u00e9gularit\u00e9 des listes \u00e9lectorales sont d\u00e9sign\u00e9s pour trois ans.\nArt. 3  : L'arr\u00eat\u00e9 en date du 11/01/21 portant nomination des membres de la commission de contr\u00f4le charg\u00e9e de la r\u00e9gularit\u00e9 des listes\n\u00e9lectorales de SACEY est abrog\u00e9.\nSign\u00e9 : Pour le Pr\u00e9fet, le Sous-Pr\u00e9fet d'Avranches : Pierre CHAULEUR\n\uf0bf\nArr\u00eat\u00e9 du 28 ao\u00fbt 2023 portant nomination des membres de la commission de contr\u00f4le charg\u00e9e de la r\u00e9gularit\u00e9 des listes \u00e9lectorales\ndans la commune de SAINT-CLEMENT-RANCOUDRAY (communes de moins de 1 000 habitants et assimil\u00e9es)\nConsid\u00e9rant qu'il convient de nommer, dans chaque commune, les membres de la commission de contr\u00f4le charg\u00e9e de la r\u00e9gularit\u00e9 des listes\n\u00e9lectorales pour une dur\u00e9e de trois ans et apr\u00e8s chaque renouvellement int\u00e9gral du conseil municipal,\nArt. 1 : La commission de contr\u00f4le, institu\u00e9e dans la commune de SAINT-CLEMENT-RANCOUDRAY, est compos\u00e9e comme suit :\nConseiller municipal :\nTitulaire : M. Damien KILHOFFER \nSuppl\u00e9ant : M. Jean CHANVIN\nD\u00e9l\u00e9gu\u00e9 de l'administration :\nTitulaire : M. Edouard DEBOCK\nSuppl\u00e9ant : M. R\u00e9mi GOUTTE\nD\u00e9l\u00e9gu\u00e9 du tribunal :\nTitulaire : M. Patrice MARTIN\nSuppl\u00e9ant : N\u00e9ant\nArt. 2 : Les membres de la commission de contr\u00f4le charg\u00e9e de la r\u00e9gularit\u00e9 des listes \u00e9lectorales sont d\u00e9sign\u00e9s pour trois ans.\nArt. 3  : L'arr\u00eat\u00e9 en date du 11/01/21 portant nomination des membres de la commission de contr\u00f4le charg\u00e9e de la r\u00e9gularit\u00e9 des listes\n\u00e9lectorales de SAINT-CLEMENT-RANCOUDRAY est abrog\u00e9.\nSign\u00e9 : Pour le Pr\u00e9fet, le Sous-Pr\u00e9fet d'Avranches : Pierre CHAULEUR\n\uf0bf\nArr\u00eat\u00e9 du 28 ao\u00fbt 2023 portant nomination des membres de la commission de contr\u00f4le charg\u00e9e de la r\u00e9gularit\u00e9 des listes \u00e9lectorales\ndans la commune de SAINT-JEAN-DU-CORAIL-DES-BOIS (communes de moins de 1 000 habitants et assimil\u00e9es)\nConsid\u00e9rant qu'il convient de nommer, dans chaque commune, les membres de la commission de contr\u00f4le charg\u00e9e de la r\u00e9gularit\u00e9 des listes\n\u00e9lectorales pour une dur\u00e9e de trois ans et apr\u00e8s chaque renouvellement int\u00e9gral du conseil municipal,\nArt. 1 : La commission de contr\u00f4le, institu\u00e9e dans la commune de SAINT-JEAN-DU-CORAIL-DES-BOIS, est compos\u00e9e comme suit :\nConseiller municipal :\nTitulaire : M. Daniel LEROYER\nSuppl\u00e9ant : Mme Marie-Odile JOURDHEUIL PHILIPPE\nD\u00e9l\u00e9gu\u00e9 de l'administration :\nTitulaire : Mme Janine BOISSEL FRANCOIS\nSuppl\u00e9ant : Mme Lydie LAMY BINET\nD\u00e9l\u00e9gu\u00e9 du tribunal :\nTitulaire : Mme Huguette LEMARDELE\nSuppl\u00e9ant : M. Patrick BRIGANDAT\nArt. 2 : Les membres de la commission de contr\u00f4le charg\u00e9e de la r\u00e9gularit\u00e9 des listes \u00e9lectorales sont d\u00e9sign\u00e9s pour trois ans.\nArt. 3  : L'arr\u00eat\u00e9 en date du 11/01/21 portant nomination des membres de la commission de contr\u00f4le charg\u00e9e de la r\u00e9gularit\u00e9 des listes\n\u00e9lectorales de SAINT-JEAN-DU-CORAIL-DES-BOIS est abrog\u00e9.\nSign\u00e9 : Pour le Pr\u00e9fet, le Sous-Pr\u00e9fet d'Avranches : Pierre CHAULEUR\n\uf0bf\nArr\u00eat\u00e9 du 28 ao\u00fbt 2023 portant nomination des membres de la commission de contr\u00f4le charg\u00e9e de la r\u00e9gularit\u00e9 des listes \u00e9lectorales\ndans la commune de SAVIGNY-LE-VIEUX (communes de moins de 1 000 habitants et assimil\u00e9es)\nConsid\u00e9rant qu'il convient de nommer, dans chaque commune, les membres de la commission de contr\u00f4le charg\u00e9e de la r\u00e9gularit\u00e9 des listes\n\u00e9lectorales pour une dur\u00e9e de trois ans et apr\u00e8s chaque renouvellement int\u00e9gral du conseil municipal,\nArt. 1 : La commission de contr\u00f4le, institu\u00e9e dans la commune de SAVIGNY-LE-VIEUX, est compos\u00e9e comme suit :\nConseiller municipal :\nTitulaire : M. J\u00e9r\u00f4me MANCEL\nSuppl\u00e9ant : Mme Patricia LIGER\nD\u00e9l\u00e9gu\u00e9 de l'administration :\nTitulaire : M. Claude CANIOU \nSuppl\u00e9ant : M. Bertrand GEHAN \nD\u00e9l\u00e9gu\u00e9 du tribunal :\nTitulaire : Mme Sabrina MANCEL\nSuppl\u00e9ant : M. Guy POMMEREUL\nArt. 2 : Les membres de la commission de contr\u00f4le charg\u00e9e de la r\u00e9gularit\u00e9 des listes \u00e9lectorales sont d\u00e9sign\u00e9s pour trois ans.\nArt. 3  : L'arr\u00eat\u00e9 en date du 11/01/21 portant nomination des membres de la commission de contr\u00f4le charg\u00e9e de la r\u00e9gularit\u00e9 des listes\n\u00e9lectorales de SAVIGNY-LE-VIEUX est abrog\u00e9.\nSign\u00e9 : Pour le Pr\u00e9fet, le Sous-Pr\u00e9fet d'Avranches : Pierre CHAULEUR\n\uf0bf\nArr\u00eat\u00e9 du 28 ao\u00fbt 2023 portant nomination des membres de la commission de contr\u00f4le charg\u00e9e de la r\u00e9gularit\u00e9 des listes \u00e9lectorales\ndans la commune de SERVON (communes de moins de 1 000 habitants et assimil\u00e9es)\nConsid\u00e9rant qu'il convient de nommer, dans chaque commune, les membres de la commission de contr\u00f4le charg\u00e9e de la r\u00e9gularit\u00e9 des listes\n\u00e9lectorales pour une dur\u00e9e de trois ans et apr\u00e8s chaque renouvellement int\u00e9gral du conseil municipal,\nArt. 1 : La commission de contr\u00f4le, institu\u00e9e dans la commune de SERVON, est compos\u00e9e comme suit :\nConseiller municipal :\nTitulaire : Mme Lydie QUENAULT\nSuppl\u00e9ant : M. Fr\u00e9d\u00e9rick MOLLIE\nD\u00e9l\u00e9gu\u00e9 de l'administration :\nTitulaire : M. Jo\u00ebl FARCY\nSuppl\u00e9ant : M. Ga\u00ebl FARCY\nD\u00e9l\u00e9gu\u00e9 du tribunal :\nTitulaire : M. Andr\u00e9 TOUQUET\nSuppl\u00e9ant : M. Rapha\u00ebl FURCY\nArt. 2 : Les membres de la commission de contr\u00f4le charg\u00e9e de la r\u00e9gularit\u00e9 des listes \u00e9lectorales sont d\u00e9sign\u00e9s pour trois ans.\nArt. 3  : L'arr\u00eat\u00e9 en date du 11/01/21 portant nomination des membres de la commission de contr\u00f4le charg\u00e9e de la r\u00e9gularit\u00e9 des listes\n\u00e9lectorales de SERVON est abrog\u00e9.\nSign\u00e9 : Pour le Pr\u00e9fet, le Sous-Pr\u00e9fet d'Avranches : Pierre CHAULEUR\n\uf0bf\nArr\u00eat\u00e9 du 11 septembre 2023 portant nomination des membres de la commission de contr\u00f4le charg\u00e9e de la r\u00e9gularit\u00e9 des listes\n\u00e9lectorales dans la commune de SOURDEVAL (communes de 1 000 habitants et plus avec 2 ou 3 listes)\nArt. 1 : La commission de contr\u00f4le, institu\u00e9e dans la commune de SOURDEVAL, est compos\u00e9e comme suit :\nTitulaires :  \n- M. Jean-Claude DESMASURES\n- M. Louis-Ren\u00e9 DE LE PERRAUDIERE\n- M. Damien HILI\n- Mme Elisabeth LEFRANC\n- M. Nicolas GALLIER\nSuppl\u00e9ants :\n- N\u00e9ant\nArt. 2 : Les membres de la commission de contr\u00f4le charg\u00e9e de la r\u00e9gularit\u00e9 des listes \u00e9lectorales sont d\u00e9sign\u00e9s pour trois ans.\nArt. 3 : L'arr\u00eat\u00e9 en date du 11 septembre 2021 portant nomination des membres de la commission de contr\u00f4le charg\u00e9e de la r\u00e9gularit\u00e9 des listes\n\u00e9lectorales de SourdevaL est abrog\u00e9.\nSign\u00e9 : Pour le Pr\u00e9fet, le Sous-Pr\u00e9fet d'Avranches : Pierre CHAULEUR\n\uf0bf\nArr\u00eat\u00e9 du 21 septembre 2023 portant nomination des membres de la commission de contr\u00f4le charg\u00e9e de la r\u00e9gularit\u00e9 des listes\n\u00e9lectorales dans la commune de GENETS (communes de moins de 1 000 habitants et assimil\u00e9es)\nConsid\u00e9rant qu'il convient de nommer, dans chaque commune, les membres de la commission de contr\u00f4le charg\u00e9e de la r\u00e9gularit\u00e9 des listes\n\u00e9lectorales pour une dur\u00e9e de trois ans et apr\u00e8s chaque renouvellement int\u00e9gral du conseil municipal,\nArt. 1 : La commission de contr\u00f4le, institu\u00e9e dans la commune de GENETS, est compos\u00e9e comme suit :\nConseiller municipal :\nTitulaire : M. Herv\u00e9 GAUTIER\nSuppl\u00e9ant : Mme Muriel FERRY\nD\u00e9l\u00e9gu\u00e9 de l'administration :\nTitulaire : M. Arnaud GUIGNY\nSuppl\u00e9ant : N\u00e9ant\nD\u00e9l\u00e9gu\u00e9 du tribunal :\nTitulaire : Mme Christine TENNIERE\nSuppl\u00e9ant : N\u00e9ant\nArt. 2 : Les membres de la commission de contr\u00f4le charg\u00e9e de la r\u00e9gularit\u00e9 des listes \u00e9lectorales sont d\u00e9sign\u00e9s pour trois ans.\nArt. 3 :   L'arr\u00eat\u00e9 en date du 11/01/21 portant nomination des membres de la commission de contr\u00f4le charg\u00e9e de la r\u00e9gularit\u00e9 des listes\n\u00e9lectorales de GENETS est abrog\u00e9.\nSign\u00e9 : Pour le Pr\u00e9fet, le Sous-Pr\u00e9fet d'Avranches : Pierre CHAULEUR\n\uf0bf\nArr\u00eat\u00e9 du 21 septembre 2023 portant nomination des membres de la commission de contr\u00f4le charg\u00e9e de la r\u00e9gularit\u00e9 des listes\n\u00e9lectorales dans la commune de HAMELIN (communes de moins de 1 000 habitants et assimil\u00e9es)\nConsid\u00e9rant qu'il convient de nommer, dans chaque commune, les membres de la commission de contr\u00f4le charg\u00e9e de la r\u00e9gularit\u00e9 des listes\n\u00e9lectorales pour une dur\u00e9e de trois ans et apr\u00e8s chaque renouvellement int\u00e9gral du conseil municipal,\nArt. 1 : La commission de contr\u00f4le, institu\u00e9e dans la commune de HAMELIN, est compos\u00e9e comme suit :\nConseiller municipal :\nTitulaire : M. Dominique BESLAY\nSuppl\u00e9ant : \nD\u00e9l\u00e9gu\u00e9 de l'administration :\nTitulaire : Mme Jeanne LE CAMPION\nSuppl\u00e9ant : \nD\u00e9l\u00e9gu\u00e9 du tribunal :\nTitulaire : M. Guy CHEVALLIER\nSuppl\u00e9ant : \nArt. 2 : Les membres de la commission de contr\u00f4le charg\u00e9e de la r\u00e9gularit\u00e9 des listes \u00e9lectorales sont d\u00e9sign\u00e9s pour trois ans.\nArt. 3 :   L'arr\u00eat\u00e9 en date du 02/06/21 portant nomination des membres de la commission de contr\u00f4le charg\u00e9e de la r\u00e9gularit\u00e9 des listes\n\u00e9lectorales de HAMELIN est abrog\u00e9.\nSign\u00e9 : Pour le Pr\u00e9fet, le Sous-Pr\u00e9fet d'Avranches : Pierre CHAULEUR\n\uf0bf\nArr\u00eat\u00e9 du 21 septembre 2023 portant nomination des membres de la commission de contr\u00f4lecharg\u00e9e de la r\u00e9gularit\u00e9 des listes\n\u00e9lectorales dans la commune de LES CRESNAYS (communes de moins de 1 000 habitants et assimil\u00e9es)\nConsid\u00e9rant qu'il convient de nommer, dans chaque commune, les membres de la commission de contr\u00f4le charg\u00e9e de la r\u00e9gularit\u00e9 des listes\n\u00e9lectorales pour une dur\u00e9e de trois ans et apr\u00e8s chaque renouvellement int\u00e9gral du conseil municipal,\nArt. 1 : La commission de contr\u00f4le, institu\u00e9e dans la commune de LES CRESNAYS, est compos\u00e9e comme suit :\nConseiller municipal :\nTitulaire : M. Alain HARIVEL\nSuppl\u00e9ant : N\u00e9ant\nD\u00e9l\u00e9gu\u00e9 de l'administration :\nTitulaire : M. Michel AUBEUT\nSuppl\u00e9ant : N\u00e9ant\nD\u00e9l\u00e9gu\u00e9 du tribunal :\nTitulaire : Mme Genevi\u00e8ve AUGEARD\nSuppl\u00e9ant : N\u00e9ant\nArt. 2 : Les membres de la commission de contr\u00f4le charg\u00e9e de la r\u00e9gularit\u00e9 des listes \u00e9lectorales sont d\u00e9sign\u00e9s pour trois ans.\nArt. 3 :   L'arr\u00eat\u00e9 en date du 20/01/21 portant nomination des membres de la commission de contr\u00f4le charg\u00e9e de la r\u00e9gularit\u00e9 des listes\n\u00e9lectorales de LES CRESNAYS est abrog\u00e9.\nSign\u00e9 : Pour le Pr\u00e9fet, le Sous-Pr\u00e9fet d'Avranches : Pierre CHAULEUR\n\uf0bf\nArr\u00eat\u00e9 du 21 septembre 2023 portant nomination des membres de la commission de contr\u00f4le charg\u00e9e de la r\u00e9gularit\u00e9 des listes\n\u00e9lectorales dans la commune de SAINT BRICE (communes de moins de 1 000 habitants et assimil\u00e9es)\nConsid\u00e9rant qu'il convient de nommer, dans chaque commune, les membres de la commission de contr\u00f4le charg\u00e9e de la r\u00e9gularit\u00e9 des listes\n\u00e9lectorales pour une dur\u00e9e de trois ans et apr\u00e8s chaque renouvellement int\u00e9gral du conseil municipal,\nArt. 1 : La commission de contr\u00f4le, institu\u00e9e dans la commune de SAINT BRICE, est compos\u00e9e comme suit :\nConseiller municipal :\nTitulaire : M. Lo\u00efc ROCHEFORT\nSuppl\u00e9ant : M. Sylvain PONTAIS\nD\u00e9l\u00e9gu\u00e9 de l'administration :\nTitulaire : M. Yves COLLIN\nSuppl\u00e9ant : N\u00e9ant\nD\u00e9l\u00e9gu\u00e9 du tribunal :\nTitulaire : Mme Claudine HARDY\nSuppl\u00e9ant : N\u00e9ant\nArt. 2 : Les membres de la commission de contr\u00f4le charg\u00e9e de la r\u00e9gularit\u00e9 des listes \u00e9lectorales sont d\u00e9sign\u00e9s pour trois ans.\nArt. 3 :  L'arr\u00eat\u00e9 en date du 14/04/21 portant nomination des membres de la commission de contr\u00f4le charg\u00e9e de la r\u00e9gularit\u00e9 des listes\n\u00e9lectorales de SAINT BRICE est abrog\u00e9.\nSign\u00e9 : Pour le Pr\u00e9fet, le Sous-Pr\u00e9fet d'Avranches : Pierre CHAULEUR\n\uf0bf\nArr\u00eat\u00e9 du 21 septembre 2023 portant nomination des membres de la commission de contr\u00f4le charg\u00e9e de la r\u00e9gularit\u00e9 des listes\n\u00e9lectorales dans la commune de SAINT JEAN LE THOMAS (communes de moins de 1 000 habitants et assimil\u00e9es)\nConsid\u00e9rant qu'il convient de nommer, dans chaque commune, les membres de la commission de contr\u00f4le charg\u00e9e de la r\u00e9gularit\u00e9 des listes\n\u00e9lectorales pour une dur\u00e9e de trois ans et apr\u00e8s chaque renouvellement int\u00e9gral du conseil municipal,\nArt. 1 :  La commission de contr\u00f4le, institu\u00e9e dans la commune de SAINT JEAN LE THOMAS, est compos\u00e9e comme suit :\nConseiller municipal :\nTitulaire : M. Dominique GONTHIER\nSuppl\u00e9ant : M. Tancr\u00e8de LEROY\nD\u00e9l\u00e9gu\u00e9 de l'administration :\nTitulaire : Mme Monique ARBION\nSuppl\u00e9ant : Mme Monique DELBOS\nD\u00e9l\u00e9gu\u00e9 du tribunal :\nTitulaire : Mme Sabine BONNOT\nSuppl\u00e9ant : Mme Claire RENAULT\nArt. 2 : Les membres de la commission de contr\u00f4le charg\u00e9e de la r\u00e9gularit\u00e9 des listes \u00e9lectorales sont d\u00e9sign\u00e9s pour trois ans.\nArt. 3 :  L'arr\u00eat\u00e9 en date du 20/01/21 portant nomination des membres de la commission de contr\u00f4le charg\u00e9e de la r\u00e9gularit\u00e9 des listes\n\u00e9lectorales de SAINT JEAN LE THOMAS est abrog\u00e9.\nSign\u00e9 : Pour le Pr\u00e9fet, le Sous-Pr\u00e9fet d'Avranches : Pierre CHAULEUR\n\uf0bf\nArr\u00eat\u00e9 du 5 octobre 2023 portant nomination des membres de la commission de contr\u00f4le charg\u00e9e de la r\u00e9gularit\u00e9 des listes\n\u00e9lectorales dans la commune de DUCEY LES CHERIS (communes de 1 000 habitants et plus avec 2 ou 3 listes)\nConsid\u00e9rant qu'il convient de nommer, dans chaque commune, les membres de la commission de contr\u00f4le charg\u00e9e de la r\u00e9gularit\u00e9 des listes\n\u00e9lectorales pour une dur\u00e9e de trois ans et apr\u00e8s chaque renouvellement int\u00e9gral du conseil municipal,\nArt. 1 : La commission de contr\u00f4le, institu\u00e9e dans la commune de DUCEY LES CHERIS, est compos\u00e9e comme suit :\nTitulaires :  \n- Madame Michelle ROGER\n- M. Denis LAPORTE\n- Mme Edith GLORIA\n- M. Patrick LEVOYER\n- M. Claude CHEYMOL\nSuppl\u00e9ants :\n- Mme Isabelle HAMEL\n- Mme Marie MAZIER\n- M. Willy FAUCHON\nArt. 2 : Les membres de la commission de contr\u00f4le charg\u00e9e de la r\u00e9gularit\u00e9 des listes \u00e9lectorales sont d\u00e9sign\u00e9s pour trois ans.\nArt. 3 :  L'arr\u00eat\u00e9 en date du 11 janvier 2021 portant nomination des membres de la commission de contr\u00f4le charg\u00e9e de la r\u00e9gularit\u00e9 des listes\n\u00e9lectorales de Ducey les Ch\u00e9ris est abrog\u00e9.\nSign\u00e9 : Pour le Pr\u00e9fet, le Sous-Pr\u00e9fet d'Avranches : Pierre CHAULEUR\n\uf0bf\nArr\u00eat\u00e9 du 5 octobre 2023 portant nomination des membres de la commission de contr\u00f4le charg\u00e9e de la r\u00e9gularit\u00e9 des listes\n\u00e9lectorales dans la commune de DUCEY LES CHERIS (communes de 1 000 habitants et plus avec 2 ou 3 listes)\nConsid\u00e9rant qu'il convient de nommer, dans chaque commune, les membres de la commission de contr\u00f4le charg\u00e9e de la r\u00e9gularit\u00e9 des listes\n\u00e9lectorales pour une dur\u00e9e de trois ans et apr\u00e8s chaque renouvellement int\u00e9gral du conseil municipal,\nArt. 1 :La commission de contr\u00f4le, institu\u00e9e dans la commune de DUCEY LES CHERIS, est compos\u00e9e comme suit :\nTitulaires :  \n- Madame Michelle ROGER\n- M. Denis LAPORTE\n- Mme Edith GLORIA\n- M. Patrick LEVOYER\n- M. Claude CHEYMOL\nSuppl\u00e9ants :\n- Mme Isabelle HAMEL\n- Mme Marie MAZIER\n- M. Willy FAUCHON\nArt. 2 :Les membres de la commission de contr\u00f4le charg\u00e9e de la r\u00e9gularit\u00e9 des listes \u00e9lectorales sont d\u00e9sign\u00e9s pour trois ans.\nArt. 3 :  L'arr\u00eat\u00e9 en date du 11 janvier 2021 portant nomination des membres de la commission de contr\u00f4le charg\u00e9e de la r\u00e9gularit\u00e9 des listes\n\u00e9lectorales de Ducey les Ch\u00e9ris est abrog\u00e9.\nSign\u00e9 : Pour le Pr\u00e9fet, le Sous-Pr\u00e9fet d'Avranches : Pierre CHAULEUR\n\uf0bf\nArr\u00eat\u00e9 du 11 octobre 2023 portant nomination des membres de la commission de contr\u00f4le charg\u00e9e de la r\u00e9gularit\u00e9 des listes\n\u00e9lectorales dans la commune de CHAVOY (communes de moins de 1 000 habitants et assimil\u00e9es)\nConsid\u00e9rant qu'il convient de nommer, dans chaque commune, les membres de la commission de contr\u00f4le charg\u00e9e de la r\u00e9gularit\u00e9 des listes\n\u00e9lectorales pour une dur\u00e9e de trois ans et apr\u00e8s chaque renouvellement int\u00e9gral du conseil municipal,\nArt. 1 :  La commission de contr\u00f4le, institu\u00e9e dans la commune de CHAVOY, est compos\u00e9e comme suit :\nConseiller municipal :\nTitulaire : Mme Gwenaelle CORNILLE\nSuppl\u00e9ant : N\u00e9ant\nD\u00e9l\u00e9gu\u00e9 de l'administration :\nTitulaire : M. Eric BOISIVON\nSuppl\u00e9ant : Mme St\u00e9phanie COUETIL\nD\u00e9l\u00e9gu\u00e9 du tribunal :\nTitulaire : Mme Marie-Louise FOLLAIN\nSuppl\u00e9ant : N\u00e9ant\nArt. 2 :  Les membres de la commission de contr\u00f4le charg\u00e9e de la r\u00e9gularit\u00e9 des listes \u00e9lectorales sont d\u00e9sign\u00e9s pour trois ans.\nArt. 3 :   L'arr\u00eat\u00e9 en date du 13/01/21 portant nomination des membres de la commission de contr\u00f4le charg\u00e9e de la r\u00e9gularit\u00e9 des listes\n\u00e9lectorales de CHAVOY est abrog\u00e9.\nSign\u00e9 : Pour le Pr\u00e9fet, le Sous-Pr\u00e9fet d'Avranches : Pierre CHAULEUR\n\uf0bf\nD\u00e9partement de la Manche - Imprimerie administrative - Directeur de la publication : Mme la Secr\u00e9taire g\u00e9n\u00e9ralle","date":"2023-11-22","first_seen_on":"2025-07-18T12:23:55+00:00","id":"536f1c0096b440da5334a5c0f3d18963e046298d5ec58395fe3cf4f614066a64","name":"RAA sp\u00e9cial n\u00b0 100","pdf_creation_date":"2023-11-22T13:37:57+00:00","pdf_modification_date":null,"timezone":"Europe/Paris","url":"https://www.manche.gouv.fr/contenu/telechargement/58780/455027/file/SP100%20-%20NON%20INDEXE.pdf"}
