{"administration":"pref83","administration_name":"Pr\u00e9fecture du Var","content":"VAR\nRECUEIL DES ACTES\nADMINISTRATIFS SP\u00c9CIAL\n(NOMINATIFS)\nN\u00b083-2024-142\nPUBLI\u00c9 LE 17 JUIN 2024\nSommaire\nAgence r\u00e9gionale de sant\u00e9 du Var /\n83-2024-06-07-00004 - Arr\u00eat\u00e9 n\u00b0DD83-0524-5058-D du 23 mai 2024 portant\nmodification de l'arr\u00eat\u00e9 n\u00b0DD83-0923-8554-D du 27 octobre 2023 fixant la\ncomposition du CODAMUPS-TS du Var (2 pages) Page 3\nDirection d\u00e9partementale de l'emploi, du travail et des solidarit\u00e9s du Var /\nDirection de la DDETS\n83-2024-06-05-00007 - 390-2024-recepisse declaration BOSUIOC AUDREY\ndu 050624 (1 page) Page 6\n83-2024-06-06-00008 - 391-2024-recepisse declaration ALLOUCHE ALICE du\n06062024 (2 pages) Page 8\n83-2024-06-06-00010 - 393-2024-recepisse declaration modificative MUNOZ\nINGRID du 06062024 (1 page) Page 11\n83-2024-06-07-00002 - 395-2024-recepisse BRUN CASSANDRA du\n07062024 (1 page) Page 13\n83-2024-06-07-00003 - 396-2024-recepisse declaration DAUBRESSE\nAMANDINE du 07062024 (1 page) Page 15\n83-2024-06-11-00009 - 400-2024-recepisse declaration CLAIN\nSERVICES-CLAIN THEO du 11062024 (1 page) Page 17\n83-2024-06-12-00016 - 403-2024-recepisse declaration AP&S- MAZELLA\nREMY du 120624 (1 page) Page 19\n83-2024-04-01-00001 - Arr\u00eate pr\u00e9fectoral en date du 1 avril 2024 (9 pages) Page 21\n83-2024-06-17-00003 - D\u00e9cision portant affectation des agents de cont\u00f4le\ndes services de l'inspection du Travail et gestion des int\u00e9rims et\nsuppl\u00e9ances de l'unit\u00e9 d\u00e9partementale du var (10 pages) Page 31\nDirection d\u00e9partementale des territoires et de la mer du Var / Service\nagriculture et for\u00eat de la DDTM\n83-2024-06-13-00008 - ARR\u00caT\u00c9 PR\u00c9FECTORAL n\u00b0 DDTM/SAF/2024- 02 du 13\njuin 2024 portant modification \u00e0 l\u25a1arr\u00eat\u00e9 pr\u00e9fectoral DDTM/SAF/2024-01\ndu 08 avril 2024 portant autorisation de p\u00e2turage en for\u00eat incendi\u00e9e de M.\nGilles MISTRAL, entre la coupure des Plaines et la RD48, sur la commune de\nLa Garde-Freinet (2 pages) Page 42\n2\nAgence r\u00e9gionale de sant\u00e9 du Var\n83-2024-06-07-00004\nArr\u00eat\u00e9 n\u00b0DD83-0524-5058-D du 23 mai 2024\nportant modification de l'arr\u00eat\u00e9\nn\u00b0DD83-0923-8554-D du 27 octobre 2023 fixant\nla composition du CODAMUPS-TS du Var\nAgence r\u00e9gionale de sant\u00e9 du Var - 83-2024-06-07-00004 - Arr\u00eat\u00e9 n\u00b0DD83-0524-5058-D du 23 mai 2024 portant modification de\nl'arr\u00eat\u00e9 n\u00b0DD83-0923-8554-D du 27 octobre 2023 fixant la composition du CODAMUPS-TS du Var 3\n \n  \n  \nD\u00e9l\u00e9gation D\u00e9partementale du Var \n \n \n \nArr\u00eat\u00e9 N\u00b0 DD83-0524-5068-D du 23 mai 2024 \n \nPortant modification de l'arr\u00eat\u00e9 n\u00b0  DD83-0923-8554-D du 27 octobre 2023 fixant la composition du \ncomit\u00e9 d\u00e9partemental de l'aide m\u00e9dicale urgente, de la permanence des soins et des transports \nsanitaires (CODAMUPS-TS) du d\u00e9partement du Var \n \n \nLe Pr\u00e9fet du Var, \n \nLe Directeur g\u00e9n\u00e9ral de l'Agence r\u00e9gional de sant\u00e9 de Provence-Alpes-C\u00f4te d'Azur, \n \nVu le code de la sant\u00e9 publique et notamment les articles L. 1435-5 et L. 6314-1, R. 6313-1 \u00e0 R.6313-5 ; \n \nVu le code des relations entre le public et l'administration et notamment les articles R.133-1 et suivants ;  \n \nVu la loi 2009-879 du 21 juillet 2009 portant r\u00e9forme de l'h\u00f4pital et relative aux patients, \u00e0 la sant\u00e9 et aux \nterritoires, et modifiant le code de la sant\u00e9 publique ; \n \nVu la loi n\u00b0 2016-41 du 26 janvier 2016 de modernisation de notre syst\u00e8me de sant\u00e9 ; \n \nVu la loi n\u00b0 2019-774 du 24 juillet 2019 relative \u00e0 l'organisation et \u00e0 la transformation du syst\u00e8me de sant\u00e9 ; \n \nVu le d\u00e9cret n\u00b0 2004-374 du 29 avril 2004 modifi\u00e9 relatif aux pouvoirs des pr\u00e9fets, \u00e0 l'organisation et \u00e0 l'action \ndes services de l'\u00c9tat dans les r\u00e9gions et d\u00e9partements ; \n \nVu le d\u00e9cret 2010-336 du 31 mars 2010 portant cr\u00e9ation des agences r\u00e9gionales de sant\u00e9 ; \n \nVu le d\u00e9cret du Pr\u00e9sident de la R\u00e9publique du 13 juillet 2023 portant nomination de Monsieur Philippe MAHE en \nqualit\u00e9 de pr\u00e9fet du d\u00e9partement du Var \u00e0 compter du 21 ao\u00fbt 2023 ; \n \nVu l'arr\u00eat\u00e9 du 17 avril 2024 portant nomination de Monsieur S\u00e9bastien DEBEAUMONT en qualit\u00e9 de Directeur \ng\u00e9n\u00e9ral par int\u00e9rim de l'Agence r\u00e9gionale de sant\u00e9 Provence-Alpes-C\u00f4te d'Azur ; \n \nVu l'arr\u00eat\u00e9 n\u00b0 DD83-0923-8554-D du 27 octobre 2023, fixant la composition du comit\u00e9 d\u00e9partemental de l'aide \nm\u00e9dicale urgente, de la permanence des soins et des transports sanitaires (CODAMUPS-TS) du d\u00e9partement \ndu Var ; \n \nVu l'arr\u00eat\u00e9 n\u00b0 DD83-0224-2138-D du 26 f\u00e9vrier 2024 portant modification de l'arr\u00eat\u00e9 n\u00b0 DD83-0923-8554-D du \n27 octobre 2023 ;  \n \nVu le d\u00e9cret n\u00b0 2020-1165 du 24 septembre 2020 renouvelant notamment le comit\u00e9 de l'aide m\u00e9dicale urgente, \nde la permanence des soins et des transports sanitaires jusqu'au 8 juin 2025 ; \n \nVu le protocole d\u00e9partemental relatif aux modalit\u00e9s de coop\u00e9ration entre le repr\u00e9sentant de l'\u00c9tat dans le \nd\u00e9partement du Var et l'Agence r\u00e9gionale de sant\u00e9 Provence-Alpes-C\u00f4te d'Azur sign\u00e9 le 2 avril 2014 ; \n \nVu les r\u00e9ponses aux lettres de saisine des organismes repr\u00e9sentatifs concernant les d\u00e9signations pour les \nmembres cit\u00e9s au 3\u00b0 de l'article R-6313-1-1 du code de la sant\u00e9 publique ;  \n \nAgence r\u00e9gionale de sant\u00e9 du Var - 83-2024-06-07-00004 - Arr\u00eat\u00e9 n\u00b0DD83-0524-5058-D du 23 mai 2024 portant modification de\nl'arr\u00eat\u00e9 n\u00b0DD83-0923-8554-D du 27 octobre 2023 fixant la composition du CODAMUPS-TS du Var 4\n  \n \n \n \n \nARRETENT \n \n \nArticle 1er : L'arr\u00eat\u00e9 n\u00b0 DD83-0923-8554-D du 27 octobre 2023, portant composition du comit\u00e9 d\u00e9partemental \nde l'aide m\u00e9dicale urgente, de la permanence des soins et des transports sanitaires du d\u00e9partement du Var est \nmodifi\u00e9 comme suit : \n \nh) un repr\u00e9sentant de chacune des deux organisations d'hospitalisation priv\u00e9e les plus repr\u00e9sentatives au \nplan d\u00e9partemental, dont un directeur d'\u00e9tablissement de sant\u00e9 priv\u00e9 assurant des transports sanitaires :  \n \n \nAu lieu de : \n \nPour la FHP \nSuppl\u00e9ant : Monsieur Beno\u00eet CARON, directeur du Centre de r\u00e9\u00e9ducation fonctionnelle (CRF) du \nBessillon  \n \n     Pour la FEHAP \nTitulaire : Madame Marion DEGUILLE, directrice adjointe de l'h\u00f4pital L\u00e9on B\u00e9rard  \nSuppl\u00e9ant : Monsieur Bernard MALATERRE, directeur de l'h\u00f4pital L\u00e9on B\u00e9rard  \n \n \nLire : \n \nPour la FHP \nSuppl\u00e9ant : Madame Anne DUCHET, Directrice de la Clinique des Monts du Toulonnais  \n \nPour la FEHAP \nTitulaire : Madame Val\u00e9rie MASSENET, directrice de la Clinique Malartic  \nSuppl\u00e9ant : Madame Magali GUERDER, Directrice de l'H\u00f4pital L\u00e9on B\u00e9rard  \n \n \n \nArticle 2 :  Le secr\u00e9taire g\u00e9n\u00e9ral de la pr\u00e9fecture du Var et le directeur d\u00e9partemental du Var de l'Agence \nr\u00e9gionale de sant\u00e9 sont charg\u00e9s, chacun en ce qui le concerne, de l'ex\u00e9cution du pr\u00e9sent arr\u00eat\u00e9 qui sera publi\u00e9 \nau recueil des actes administratifs de la pr\u00e9fecture du d\u00e9partement du Var et de la pr\u00e9fecture de r\u00e9gion \nProvence-Alpes-C\u00f4te d'Azur. \n \n \n Fait \u00e0 Toulon, le 07/06/2024 \n \n \n \n \nLe Pr\u00e9fet du Var Le Directeur g\u00e9n\u00e9ral de l'ARS Paca \n   \n \n       \n \nPhilippe MAHE   S\u00e9bastien DEBEAUMONT  \n \n \n \n \n \nAgence R\u00e9gionale de Sant\u00e9 Provence-Alpes-C\u00f4te d'Azur  \nD\u00e9l\u00e9gation d\u00e9partementale du Var \u2013  177, boulevard Charles Barnier \u2013 CS31302 \u2013 83076 TOULON Cedex \nT\u00e9l 04.13.55.84.00   \nhttp:// www.ars.paca.sante.fr  Agence r\u00e9gionale de sant\u00e9 du Var - 83-2024-06-07-00004 - Arr\u00eat\u00e9 n\u00b0DD83-0524-5058-D du 23 mai 2024 portant modification de\nl'arr\u00eat\u00e9 n\u00b0DD83-0923-8554-D du 27 octobre 2023 fixant la composition du CODAMUPS-TS du Var 5\nDirection d\u00e9partementale de l'emploi, du travail\net des solidarit\u00e9s du Var\n83-2024-06-05-00007\n390-2024-recepisse declaration BOSUIOC\nAUDREY du 050624\nDirection d\u00e9partementale de l'emploi, du travail et des solidarit\u00e9s du Var - 83-2024-06-05-00007 - 390-2024-recepisse declaration\nBOSUIOC AUDREY du 050624 6\nR\u00e9c\u00e9piss\u00e9 de d\u00e9claration\nd'un organisme de services \u00e0 la personne\nenregistr\u00e9 sous le N\u00b0 SAP792868705\nVu le code du travail et notamment les articles L.7231-1 \u00e0 L.7233-2, R.7232-16 \u00e0 R.7232-22, D.7231-1 et\nD.7233-1 \u00e0 D.7233-5 ; \nVu la demande de d\u00e9claration d\u00e9pos\u00e9e par l'organisme AUDREY BOSUIOC, 1045 BD LEO LAGRANGE \n83300 DRAGUIGNAN, le 05/06/24  ;\nLe pr\u00e9fet du Var\nConstate : \nQu'une d\u00e9claration d'activit\u00e9s de services \u00e0 la personne a \u00e9t\u00e9 d\u00e9pos\u00e9e aupr\u00e8s du service instructeur\ndu Var, le 05/06/24 par Mme. BOSUIOC AUDREY en qualit\u00e9 de dirigeant(e), pour l'organisme AUDREY\nBOSUIOC dont l'\u00e9tablissement principal est situ\u00e9 1045 BD LEO LAGRANGE 83300 DRAGUIGNAN et\nenregistr\u00e9 sous le N\u00b0 SAP792868705 pour les activit\u00e9s suivantes :\n  \u2022   Entretien de la maison et travaux m\u00e9nagers (mode d'intervention Prestataire)\nToute  modification  concernant  les  activit\u00e9s  exerc\u00e9es  devra  faire  l'objet  d'une  d\u00e9claration\nmodificative pr\u00e9alable.\nSous r\u00e9serve d'\u00eatre exerc\u00e9es \u00e0 titre exclusif (ou sous r\u00e9serve d'une comptabilit\u00e9 s\u00e9par\u00e9e pour les\npersonnes  morales  dispens\u00e9es  de  cette  condition),  ces  activit\u00e9s  ouvrent  droit  au  b\u00e9n\u00e9fice  des\ndispositions des articles L. 7233-2 du code du travail et L.241-10 du code de la s\u00e9curit\u00e9 sociale dans\nles conditions pr\u00e9vues par ces articles.\nLes effets de la d\u00e9claration courent \u00e0 compter du jour du d\u00e9p\u00f4t de la d\u00e9claration sous r\u00e9serve des\ndispositions de l'article R.7232-18 du code du travail. Le pr\u00e9sent r\u00e9c\u00e9piss\u00e9 n'est pas limit\u00e9 dans le\ntemps. La d\u00e9claration a une port\u00e9e nationale.\nL'enregistrement de la d\u00e9claration peut \u00eatre retir\u00e9 dans les conditions fix\u00e9es aux articles R.7232-\n20 \u00e0 R.7232-22 du code du travail.\nLe pr\u00e9sent r\u00e9c\u00e9piss\u00e9 sera publi\u00e9 au recueil des actes administratifs de la pr\u00e9fecture.\nLe pr\u00e9sent r\u00e9c\u00e9piss\u00e9 peut, \u00e0 compter de sa notification, faire l'objet d'un recours gracieux aupr\u00e8s\nservice instructeur du Var ou d'un recours hi\u00e9rarchique adress\u00e9 au ministre charg\u00e9 de l'\u00e9conomie -\nDirection g\u00e9n\u00e9rale des entreprises \u2013 sous-direction des services marchands, 61 Boulevard Vincent\nAuriol, 75703 PARIS CEDEX 13.\nIl peut \u00e9galement faire l'objet d'un recours contentieux dans un d\u00e9lai de deux mois \u00e0 compter de sa\nnotification aupr\u00e8s du tribunal administratif de Toulon.\nLe tribunal administratif peut aussi \u00eatre saisi par l'application informatique \u00ab T\u00e9l\u00e9recours citoyen \u00bb\naccessible sur le site internet   http://www.telerecours.fr/\nEn cas de rejet du recours gracieux ou hi\u00e9rarchique ou en l'absence de r\u00e9ponse \u00e0 ce recours (rejet\nimplicite), un recours contentieux devant le tribunal administratif de Toulon peut \u00e9galement \u00eatre\nform\u00e9 contre la d\u00e9cision initiale dans un d\u00e9lai de deux mois \u00e0 compter de ce rejet. \nFait \u00e0 CS 31209 - 83070 TOULON Cedex, le\n05/06/24\nddets du var\nSign\u00e9 par Monsieur POULY\nDirection d\u00e9partementale de l'emploi, du travail et des solidarit\u00e9s du Var - 83-2024-06-05-00007 - 390-2024-recepisse declaration\nBOSUIOC AUDREY du 050624 7\nDirection d\u00e9partementale de l'emploi, du travail\net des solidarit\u00e9s du Var\n83-2024-06-06-00008\n391-2024-recepisse declaration ALLOUCHE\nALICE du 06062024\nDirection d\u00e9partementale de l'emploi, du travail et des solidarit\u00e9s du Var - 83-2024-06-06-00008 - 391-2024-recepisse declaration\nALLOUCHE ALICE du 06062024 8\nR\u00e9c\u00e9piss\u00e9 de d\u00e9claration\nd'un organisme de services \u00e0 la personne\nenregistr\u00e9 sous le N\u00b0 SAP929174829\nVu le code du travail et notamment les articles L.7231-1 \u00e0 L.7233-2, R.7232-16 \u00e0 R.7232-22, D.7231-1 et\nD.7233-1 \u00e0 D.7233-5 ; \nVu la demande de d\u00e9claration d\u00e9pos\u00e9e par l'organisme WAKA SERVICE, 98 rue des roses 83500 La \nSeyne Sur Mer, le 03/06/24  ;\nLe pr\u00e9fet du Var\nConstate : \nQu'une d\u00e9claration d'activit\u00e9s de services \u00e0 la personne a \u00e9t\u00e9 d\u00e9pos\u00e9e aupr\u00e8s du service instructeur\ndu Var, le 03/06/24 par Mme. allouche alice en qualit\u00e9 de dirigeant(e), pour l'organisme WAKA\nSERVICE  dont  l'\u00e9tablissement  principal  est  situ\u00e9  98  rue  des  roses  83500  La  Seyne  Sur  Mer  et\nenregistr\u00e9 sous le N\u00b0 SAP929174829 pour les activit\u00e9s suivantes :\n  \u2022   Garde d'enfants de plus de 3 ans \u00e0 domicile (mode d'intervention Prestataire)\n  \u2022   Entretien de la maison et travaux m\u00e9nagers (mode d'intervention Prestataire)\n  \u2022   Pr\u00e9paration de repas \u00e0 domicile (mode d'intervention Prestataire)\n  \u2022   Collecte et livraison \u00e0 domicile de linge repass\u00e9 (mode d'intervention Prestataire)\n  \u2022   Livraison de courses \u00e0 domicile (mode d'intervention Prestataire)\n  \u2022   Maintenance, entretien et vigilance temporaires \u00e0 domicile (mode d'intervention Prestataire)\n  \u2022   T\u00e9l\u00e9-assistance et visio-assistance (mode d'intervention Prestataire)\n  \u2022   Soins et promenade(s) d'animaux pour personnes d\u00e9pendantes (mode d'intervention Prestataire)\n  \u2022   Accompagnement des personnes pr\u00e9sentant une invalidit\u00e9 temporaire (mode d'intervention \nPrestataire)\n  \u2022   Assistance aux personnes ayant besoin d'une aide temporaire \u00e0 leur domicile (mode \nd'intervention Prestataire)\nToute  modification  concernant  les  activit\u00e9s  exerc\u00e9es  devra  faire  l'objet  d'une  d\u00e9claration\nmodificative pr\u00e9alable.\nSous r\u00e9serve d'\u00eatre exerc\u00e9es \u00e0 titre exclusif (ou sous r\u00e9serve d'une comptabilit\u00e9 s\u00e9par\u00e9e pour les\npersonnes  morales  dispens\u00e9es  de  cette  condition),  ces  activit\u00e9s  ouvrent  droit  au  b\u00e9n\u00e9fice  des\ndispositions des articles L. 7233-2 du code du travail et L.241-10 du code de la s\u00e9curit\u00e9 sociale dans\nles conditions pr\u00e9vues par ces articles.\nLes effets de la d\u00e9claration courent \u00e0 compter du jour du d\u00e9p\u00f4t de la d\u00e9claration sous r\u00e9serve des\ndispositions de l'article R.7232-18 du code du travail. Le pr\u00e9sent r\u00e9c\u00e9piss\u00e9 n'est pas limit\u00e9 dans le\ntemps. La d\u00e9claration a une port\u00e9e nationale.\nL'enregistrement de la d\u00e9claration peut \u00eatre retir\u00e9 dans les conditions fix\u00e9es aux articles R.7232-\n20 \u00e0 R.7232-22 du code du travail.\nLe pr\u00e9sent r\u00e9c\u00e9piss\u00e9 sera publi\u00e9 au recueil des actes administratifs de la pr\u00e9fecture.\nLe pr\u00e9sent r\u00e9c\u00e9piss\u00e9 peut, \u00e0 compter de sa notification, faire l'objet d'un recours gracieux aupr\u00e8s\nservice instructeur du Var ou d'un recours hi\u00e9rarchique adress\u00e9 au ministre charg\u00e9 de l'\u00e9conomie -\nDirection g\u00e9n\u00e9rale des entreprises \u2013 sous-direction des services marchands, 61 Boulevard Vincent\nAuriol, 75703 PARIS CEDEX 13.\nIl peut \u00e9galement faire l'objet d'un recours contentieux dans un d\u00e9lai de deux mois \u00e0 compter de sa\nnotification aupr\u00e8s du tribunal administratif de Toulon.\nLe tribunal administratif peut aussi \u00eatre saisi par l'application informatique \u00ab T\u00e9l\u00e9recours citoyen \u00bb\naccessible sur le site internet   http://www.telerecours.fr/\nDirection d\u00e9partementale de l'emploi, du travail et des solidarit\u00e9s du Var - 83-2024-06-06-00008 - 391-2024-recepisse declaration\nALLOUCHE ALICE du 06062024 9\nEn cas de rejet du recours gracieux ou hi\u00e9rarchique ou en l'absence de r\u00e9ponse \u00e0 ce recours (rejet\nimplicite), un recours contentieux devant le tribunal administratif de Toulon peut \u00e9galement \u00eatre\nform\u00e9 contre la d\u00e9cision initiale dans un d\u00e9lai de deux mois \u00e0 compter de ce rejet. \nFait \u00e0 CS 31209 - 83070 TOULON Cedex, le\n06/06/24\nddets du var\nSign\u00e9 par Monsieur POULYDirection d\u00e9partementale de l'emploi, du travail et des solidarit\u00e9s du Var - 83-2024-06-06-00008 - 391-2024-recepisse declaration\nALLOUCHE ALICE du 06062024 10\nDirection d\u00e9partementale de l'emploi, du travail\net des solidarit\u00e9s du Var\n83-2024-06-06-00010\n393-2024-recepisse declaration modificative\nMUNOZ INGRID du 06062024\nDirection d\u00e9partementale de l'emploi, du travail et des solidarit\u00e9s du Var - 83-2024-06-06-00010 - 393-2024-recepisse declaration\nmodificative MUNOZ INGRID du 06062024 11\nR\u00e9c\u00e9piss\u00e9 de d\u00e9claration\nd'un organisme de services \u00e0 la personne\nenregistr\u00e9 sous le N\u00b0 SAP979892221\nVu le code du travail et notamment les articles L.7231-1 \u00e0 L.7233-2, R.7232-16 \u00e0 R.7232-22, D.7231-1 et\nD.7233-1 \u00e0 D.7233-5 ; \nVu la demande de d\u00e9claration modificative d\u00e9pos\u00e9e par l'organisme , Val des Rougi\u00e8res BT 7- 274 \nChemin de L'Excelsior -83400 HYERES, le 06/06/24  ;\nLe pr\u00e9fet du Var\nConstate : \nQu'une d\u00e9claration modificative d'activit\u00e9s de services \u00e0 la personne a \u00e9t\u00e9 d\u00e9pos\u00e9e aupr\u00e8s du service\ninstructeur du Var, le 06/06/24 par Mme. MUNOZ INGRID en qualit\u00e9 de dirigeant(e), pour l'organisme\ndont l'\u00e9tablissement principal est situ\u00e9 Val des Rougi\u00e8res BT 7- 274 Chemin de L'Excelsior 83400\nHYERES et enregistr\u00e9 sous le N\u00b0 SAP979892221 pour les activit\u00e9s suivantes :\n  \u2022   Garde d'enfants de plus de 3 ans \u00e0 domicile (mode d'intervention Prestataire)\n  \u2022   Entretien de la maison et travaux m\u00e9nagers (mode d'intervention Prestataire)\n  \u2022   Pr\u00e9paration de repas \u00e0 domicile (mode d'intervention Prestataire)\nToute  modification  concernant  les  activit\u00e9s  exerc\u00e9es  devra  faire  l'objet  d'une  d\u00e9claration\nmodificative pr\u00e9alable.\nSous r\u00e9serve d'\u00eatre exerc\u00e9es \u00e0 titre exclusif (ou sous r\u00e9serve d'une comptabilit\u00e9 s\u00e9par\u00e9e pour les\npersonnes  morales  dispens\u00e9es  de  cette  condition),  ces  activit\u00e9s  ouvrent  droit  au  b\u00e9n\u00e9fice  des\ndispositions des articles L. 7233-2 du code du travail et L.241-10 du code de la s\u00e9curit\u00e9 sociale dans\nles conditions pr\u00e9vues par ces articles.\nLes effets de la d\u00e9claration courent \u00e0 compter du jour du d\u00e9p\u00f4t de la d\u00e9claration sous r\u00e9serve des\ndispositions de l'article R.7232-18 du code du travail. Le pr\u00e9sent r\u00e9c\u00e9piss\u00e9 n'est pas limit\u00e9 dans le\ntemps. La d\u00e9claration a une port\u00e9e nationale.\nL'enregistrement de la d\u00e9claration peut \u00eatre retir\u00e9 dans les conditions fix\u00e9es aux articles R.7232-\n20  \u00e0  R.7232-22  du  code  du  travail.  Le  pr\u00e9sent  r\u00e9c\u00e9piss\u00e9  sera  publi\u00e9  au  recueil  des  actes\nadministratifs de la pr\u00e9fecture.\nLe pr\u00e9sent r\u00e9c\u00e9piss\u00e9 peut, \u00e0 compter de sa notification, faire l'objet d'un recours gracieux aupr\u00e8s\nservice instructeur du Var ou d'un recours hi\u00e9rarchique adress\u00e9 au ministre charg\u00e9 de l'\u00e9conomie -\nDirection g\u00e9n\u00e9rale des entreprises \u2013 sous-direction des services marchands, 61 Boulevard Vincent\nAuriol, 75703 PARIS CEDEX 13.\nIl peut \u00e9galement faire l'objet d'un recours contentieux dans un d\u00e9lai de deux mois \u00e0 compter de sa\nnotification aupr\u00e8s du tribunal administratif de Toulon.\nLe tribunal administratif peut aussi \u00eatre saisi par l'application informatique \u00ab T\u00e9l\u00e9recours citoyen \u00bb\naccessible sur le site internet   http://www.telerecours.fr/\nEn cas de rejet du recours gracieux ou hi\u00e9rarchique ou en l'absence de r\u00e9ponse \u00e0 ce recours (rejet\nimplicite), un recours contentieux devant le tribunal administratif de Toulon peut \u00e9galement \u00eatre\nform\u00e9 contre la d\u00e9cision initiale dans un d\u00e9lai de deux mois \u00e0 compter de ce rejet. \nFait \u00e0 CS 31209 - 83070 TOULON Cedex, le\n06/06/24\nddets du var\n Sign\u00e9 par Monsieur Pouly\nDirection d\u00e9partementale de l'emploi, du travail et des solidarit\u00e9s du Var - 83-2024-06-06-00010 - 393-2024-recepisse declaration\nmodificative MUNOZ INGRID du 06062024 12\nDirection d\u00e9partementale de l'emploi, du travail\net des solidarit\u00e9s du Var\n83-2024-06-07-00002\n395-2024-recepisse BRUN CASSANDRA du\n07062024\nDirection d\u00e9partementale de l'emploi, du travail et des solidarit\u00e9s du Var - 83-2024-06-07-00002 - 395-2024-recepisse BRUN\nCASSANDRA du 07062024 13\nR\u00e9c\u00e9piss\u00e9 de d\u00e9claration\nd'un organisme de services \u00e0 la personne\nenregistr\u00e9 sous le N\u00b0 SAP917386187\nVu le code du travail et notamment les articles L.7231-1 \u00e0 L.7233-2, R.7232-16 \u00e0 R.7232-22, D.7231-1 et\nD.7233-1 \u00e0 D.7233-5 ; \nLe pr\u00e9fet du Var\nConstate : \nQu'une d\u00e9claration d'activit\u00e9s de services \u00e0 la personne a \u00e9t\u00e9 d\u00e9pos\u00e9e aupr\u00e8s du service instructeur\ndu Var, le 06/06/24 par Mme. BRUN Cassandra en qualit\u00e9 de dirigeant(e), pour l'organisme cassandra\nbrun dont l'\u00e9tablissement principal est situ\u00e9 La Beaucaire Bt 74 - 432 mont\u00e9e Acacias 83200 Toulon\net enregistr\u00e9 sous le N\u00b0 SAP917386187 pour les activit\u00e9s suivantes :\n  \u2022   Entretien de la maison et travaux m\u00e9nagers (mode d'intervention Prestataire)\n  \u2022   Petits travaux de jardinage (mode d'intervention Prestataire)\n  \u2022   Travaux de petit bricolage (mode d'intervention Prestataire)\n  \u2022   Pr\u00e9paration de repas \u00e0 domicile (mode d'intervention Prestataire)\n  \u2022   Livraison de repas \u00e0 domicile (mode d'intervention Prestataire)\n  \u2022   Livraison de courses \u00e0 domicile (mode d'intervention Prestataire)\n  \u2022   Maintenance, entretien et vigilance temporaires \u00e0 domicile (mode d'intervention Prestataire)\nToute  modification  concernant  les  activit\u00e9s  exerc\u00e9es  devra  faire  l'objet  d'une  d\u00e9claration\nmodificative pr\u00e9alable.\nSous r\u00e9serve d'\u00eatre exerc\u00e9es \u00e0 titre exclusif (ou sous r\u00e9serve d'une comptabilit\u00e9 s\u00e9par\u00e9e pour les\npersonnes  morales  dispens\u00e9es  de  cette  condition),  ces  activit\u00e9s  ouvrent  droit  au  b\u00e9n\u00e9fice  des\ndispositions des articles L. 7233-2 du code du travail et L.241-10 du code de la s\u00e9curit\u00e9 sociale dans\nles conditions pr\u00e9vues par ces articles.\nLes effets de la d\u00e9claration courent \u00e0 compter du jour du d\u00e9p\u00f4t de la d\u00e9claration sous r\u00e9serve des\ndispositions de l'article R.7232-18 du code du travail. Le pr\u00e9sent r\u00e9c\u00e9piss\u00e9 n'est pas limit\u00e9 dans le\ntemps. La d\u00e9claration a une port\u00e9e nationale. L'enregistrement de la d\u00e9claration peut \u00eatre retir\u00e9\ndans les conditions fix\u00e9es aux articles R.7232-20 \u00e0 R.7232-22 du code du travail. Le pr\u00e9sent r\u00e9c\u00e9piss\u00e9\nsera publi\u00e9 au recueil des actes administratifs de la pr\u00e9fecture.\nLe pr\u00e9sent r\u00e9c\u00e9piss\u00e9 peut, \u00e0 compter de sa notification, faire l'objet d'un recours gracieux aupr\u00e8s\nservice instructeur du Var ou d'un recours hi\u00e9rarchique adress\u00e9 au ministre charg\u00e9 de l'\u00e9conomie -\nDirection g\u00e9n\u00e9rale des entreprises \u2013 sous-direction des services marchands, 61 Boulevard Vincent\nAuriol, 75703 PARIS CEDEX 13.\nIl peut \u00e9galement faire l'objet d'un recours contentieux dans un d\u00e9lai de deux mois \u00e0 compter de sa\nnotification aupr\u00e8s du tribunal administratif de Toulon.\nLe tribunal administratif peut aussi \u00eatre saisi par l'application informatique \u00ab T\u00e9l\u00e9recours citoyen \u00bb\naccessible sur le site internet   http://www.telerecours.fr/\nEn cas de rejet du recours gracieux ou hi\u00e9rarchique ou en l'absence de r\u00e9ponse \u00e0 ce recours (rejet\nimplicite), un recours contentieux devant le tribunal administratif de Toulon peut \u00e9galement \u00eatre\nform\u00e9 contre la d\u00e9cision initiale dans un d\u00e9lai de deux mois \u00e0 compter de ce rejet. \nFait \u00e0 CS 31209 - 83070 TOULON Cedex, le\n07/06/24\nddets du var\n Sign\u00e9 par Monsieur POULY\nDirection d\u00e9partementale de l'emploi, du travail et des solidarit\u00e9s du Var - 83-2024-06-07-00002 - 395-2024-recepisse BRUN\nCASSANDRA du 07062024 14\nDirection d\u00e9partementale de l'emploi, du travail\net des solidarit\u00e9s du Var\n83-2024-06-07-00003\n396-2024-recepisse declaration DAUBRESSE\nAMANDINE du 07062024\nDirection d\u00e9partementale de l'emploi, du travail et des solidarit\u00e9s du Var - 83-2024-06-07-00003 - 396-2024-recepisse declaration\nDAUBRESSE AMANDINE du 07062024 15\nR\u00e9c\u00e9piss\u00e9 de d\u00e9claration\nd'un organisme de services \u00e0 la personne\nenregistr\u00e9 sous le N\u00b0 SAP537887374\nVu le code du travail et notamment les articles L.7231-1 \u00e0 L.7233-2, R.7232-16 \u00e0 R.7232-22, D.7231-1 et\nD.7233-1 \u00e0 D.7233-5 ; \nVu la demande de d\u00e9claration d\u00e9pos\u00e9e par l'organisme , 35 RUE DU ROMARIN 83230 BORMES-LES-\nMIMOSAS, le 14/05/24  ;\nLe pr\u00e9fet du Var\nConstate : \nQu'une d\u00e9claration d'activit\u00e9s de services \u00e0 la personne a \u00e9t\u00e9 d\u00e9pos\u00e9e aupr\u00e8s du service instructeur\ndu Var, le 14/05/24 par Mme. DAUBRESSE AMANDINE en qualit\u00e9 de dirigeant(e), pour l'organisme\ndont  l'\u00e9tablissement  principal  est  situ\u00e9  35  RUE  DU  ROMARIN  83230  BORMES-LES-MIMOSAS  et\nenregistr\u00e9 sous le N\u00b0 SAP537887374 pour les activit\u00e9s suivantes :\n  \u2022   Soutien scolaire ou cours \u00e0 domicile (mode d'intervention Prestataire)\nToute  modification  concernant  les  activit\u00e9s  exerc\u00e9es  devra  faire  l'objet  d'une  d\u00e9claration\nmodificative pr\u00e9alable.\nSous r\u00e9serve d'\u00eatre exerc\u00e9es \u00e0 titre exclusif (ou sous r\u00e9serve d'une comptabilit\u00e9 s\u00e9par\u00e9e pour les\npersonnes  morales  dispens\u00e9es  de  cette  condition),  ces  activit\u00e9s  ouvrent  droit  au  b\u00e9n\u00e9fice  des\ndispositions des articles L. 7233-2 du code du travail et L.241-10 du code de la s\u00e9curit\u00e9 sociale dans\nles conditions pr\u00e9vues par ces articles.\nLes effets de la d\u00e9claration courent \u00e0 compter du jour du d\u00e9p\u00f4t de la d\u00e9claration sous r\u00e9serve des\ndispositions de l'article R.7232-18 du code du travail. Le pr\u00e9sent r\u00e9c\u00e9piss\u00e9 n'est pas limit\u00e9 dans le\ntemps. La d\u00e9claration a une port\u00e9e nationale.\nL'enregistrement de la d\u00e9claration peut \u00eatre retir\u00e9 dans les conditions fix\u00e9es aux articles R.7232-\n20  \u00e0  R.7232-22  du  code  du  travail.  Le  pr\u00e9sent  r\u00e9c\u00e9piss\u00e9  sera  publi\u00e9  au  recueil  des  actes\nadministratifs de la pr\u00e9fecture.\nLe pr\u00e9sent r\u00e9c\u00e9piss\u00e9 peut, \u00e0 compter de sa notification, faire l'objet d'un recours gracieux aupr\u00e8s\nservice instructeur du Var ou d'un recours hi\u00e9rarchique adress\u00e9 au ministre charg\u00e9 de l'\u00e9conomie -\nDirection g\u00e9n\u00e9rale des entreprises \u2013 sous-direction des services marchands, 61 Boulevard Vincent\nAuriol, 75703 PARIS CEDEX 13.\nIl peut \u00e9galement faire l'objet d'un recours contentieux dans un d\u00e9lai de deux mois \u00e0 compter de sa\nnotification aupr\u00e8s du tribunal administratif de Toulon. Le tribunal administratif peut aussi \u00eatre saisi\npar  l'application  informatique  \u00ab  T\u00e9l\u00e9recours  citoyen  \u00bb  accessible  sur  le  site  internet\nhttp://www.telerecours.fr/\nEn cas de rejet du recours gracieux ou hi\u00e9rarchique ou en l'absence de r\u00e9ponse \u00e0 ce recours (rejet\nimplicite), un recours contentieux devant le tribunal administratif de Toulon peut \u00e9galement \u00eatre\nform\u00e9 contre la d\u00e9cision initiale dans un d\u00e9lai de deux mois \u00e0 compter de ce rejet. \nFait \u00e0 CS 31209 - 83070 TOULON Cedex, le\n07/06/24\nddets du var\nSign\u00e9 par Monsieur POULY \n \nDirection d\u00e9partementale de l'emploi, du travail et des solidarit\u00e9s du Var - 83-2024-06-07-00003 - 396-2024-recepisse declaration\nDAUBRESSE AMANDINE du 07062024 16\nDirection d\u00e9partementale de l'emploi, du travail\net des solidarit\u00e9s du Var\n83-2024-06-11-00009\n400-2024-recepisse declaration CLAIN\nSERVICES-CLAIN THEO du 11062024\nDirection d\u00e9partementale de l'emploi, du travail et des solidarit\u00e9s du Var - 83-2024-06-11-00009 - 400-2024-recepisse declaration\nCLAIN SERVICES-CLAIN THEO du 11062024 17\nR\u00e9c\u00e9piss\u00e9 de d\u00e9claration\nd'un organisme de services \u00e0 la personne\nenregistr\u00e9 sous le N\u00b0 SAP981587512\nVu le code du travail et notamment les articles L.7231-1 \u00e0 L.7233-2, R.7232-16 \u00e0 R.7232-22, D.7231-1 et\nD.7233-1 \u00e0 D.7233-5 ; \nVu la demande de d\u00e9claration d\u00e9pos\u00e9e par l'organisme CLAIN SERVICES, 449 chemin des \nCadenettes 83390 Cuers, le 10/06/24  ;\nLe pr\u00e9fet du Var\nConstate : \nQu'une d\u00e9claration d'activit\u00e9s de services \u00e0 la personne a \u00e9t\u00e9 d\u00e9pos\u00e9e aupr\u00e8s du service instructeur\ndu Var, le 10/06/24 par M. CLAIN THEO en qualit\u00e9 de dirigeant(e), pour l'organisme CLAIN SERVICES\ndont l'\u00e9tablissement principal est situ\u00e9 449 chemin des Cadenettes 83390 Cuers et enregistr\u00e9 sous le\nN\u00b0 SAP981587512 pour les activit\u00e9s suivantes :\n  \u2022   Entretien de la maison et travaux m\u00e9nagers (mode d'intervention Prestataire)\n  \u2022   Petits travaux de jardinage (mode d'intervention Prestataire)\n  \u2022   Travaux de petit bricolage (mode d'intervention Prestataire)\nToute  modification  concernant  les  activit\u00e9s  exerc\u00e9es  devra  faire  l'objet  d'une  d\u00e9claration\nmodificative pr\u00e9alable.\nSous r\u00e9serve d'\u00eatre exerc\u00e9es \u00e0 titre exclusif (ou sous r\u00e9serve d'une comptabilit\u00e9 s\u00e9par\u00e9e pour les\npersonnes  morales  dispens\u00e9es  de  cette  condition),  ces  activit\u00e9s  ouvrent  droit  au  b\u00e9n\u00e9fice  des\ndispositions des articles L. 7233-2 du code du travail et L.241-10 du code de la s\u00e9curit\u00e9 sociale dans\nles conditions pr\u00e9vues par ces articles.\nLes effets de la d\u00e9claration courent \u00e0 compter du jour du d\u00e9p\u00f4t de la d\u00e9claration sous r\u00e9serve des\ndispositions de l'article R.7232-18 du code du travail. Le pr\u00e9sent r\u00e9c\u00e9piss\u00e9 n'est pas limit\u00e9 dans le\ntemps. La d\u00e9claration a une port\u00e9e nationale.\nL'enregistrement de la d\u00e9claration peut \u00eatre retir\u00e9 dans les conditions fix\u00e9es aux articles R.7232-\n20  \u00e0  R.7232-22  du  code  du  travail.  Le  pr\u00e9sent  r\u00e9c\u00e9piss\u00e9  sera  publi\u00e9  au  recueil  des  actes\nadministratifs de la pr\u00e9fecture.\nLe pr\u00e9sent r\u00e9c\u00e9piss\u00e9 peut, \u00e0 compter de sa notification, faire l'objet d'un recours gracieux aupr\u00e8s\nservice instructeur du Var ou d'un recours hi\u00e9rarchique adress\u00e9 au ministre charg\u00e9 de l'\u00e9conomie -\nDirection g\u00e9n\u00e9rale des entreprises \u2013 sous-direction des services marchands, 61 Boulevard Vincent\nAuriol, 75703 PARIS CEDEX 13.\nIl peut \u00e9galement faire l'objet d'un recours contentieux dans un d\u00e9lai de deux mois \u00e0 compter de sa\nnotification aupr\u00e8s du tribunal administratif de Toulon.\nLe tribunal administratif peut aussi \u00eatre saisi par l'application informatique \u00ab T\u00e9l\u00e9recours citoyen \u00bb\naccessible sur le site internet   http://www.telerecours.fr/\nEn cas de rejet du recours gracieux ou hi\u00e9rarchique ou en l'absence de r\u00e9ponse \u00e0 ce recours (rejet\nimplicite), un recours contentieux devant le tribunal administratif de Toulon peut \u00e9galement \u00eatre\nform\u00e9 contre la d\u00e9cision initiale dans un d\u00e9lai de deux mois \u00e0 compter de ce rejet. \nFait \u00e0 CS 31209 - 83070 TOULON Cedex, le\n11/06/24\nddets du var\n Sign\u00e9 par Monsieur POULY\nDirection d\u00e9partementale de l'emploi, du travail et des solidarit\u00e9s du Var - 83-2024-06-11-00009 - 400-2024-recepisse declaration\nCLAIN SERVICES-CLAIN THEO du 11062024 18\nDirection d\u00e9partementale de l'emploi, du travail\net des solidarit\u00e9s du Var\n83-2024-06-12-00016\n403-2024-recepisse declaration AP&S- MAZELLA\nREMY du 120624\nDirection d\u00e9partementale de l'emploi, du travail et des solidarit\u00e9s du Var - 83-2024-06-12-00016 - 403-2024-recepisse declaration\nAP&S- MAZELLA REMY du 120624 19\nR\u00e9c\u00e9piss\u00e9 de d\u00e9claration\nd'un organisme de services \u00e0 la personne\nenregistr\u00e9 sous le N\u00b0 SAP927508572\nVu le code du travail et notamment les articles L.7231-1 \u00e0 L.7233-2, R.7232-16 \u00e0 R.7232-22, D.7231-1 et\nD.7233-1 \u00e0 D.7233-5 ; \nVu la demande de d\u00e9claration d\u00e9pos\u00e9e par l'organisme AP&S DOMICILE, 36 chemin de la ripelle \n83200 Le revest les eaux, le 26/04/2024  ;\nLe pr\u00e9fet du Var\nConstate : \nQu'une d\u00e9claration d'activit\u00e9s de services \u00e0 la personne a \u00e9t\u00e9 d\u00e9pos\u00e9e aupr\u00e8s du service instructeur\ndu Var, le 26/04/2024  par M. MAZELLA R\u00e9my en qualit\u00e9 de dirigeant(e), pour l'organisme AP&S\nDOMICILE dont l'\u00e9tablissement principal est situ\u00e9 36 chemin de la ripelle 83200 Le revest les eaux et\nenregistr\u00e9 sous le N\u00b0 SAP927508572 pour les activit\u00e9s suivantes :\n  \u2022   Soutien scolaire ou cours \u00e0 domicile (mode d'intervention Prestataire)\nToute  modification  concernant  les  activit\u00e9s  exerc\u00e9es  devra  faire  l'objet  d'une  d\u00e9claration\nmodificative pr\u00e9alable.\nSous r\u00e9serve d'\u00eatre exerc\u00e9es \u00e0 titre exclusif (ou sous r\u00e9serve d'une comptabilit\u00e9 s\u00e9par\u00e9e pour les\npersonnes  morales  dispens\u00e9es  de  cette  condition),  ces  activit\u00e9s  ouvrent  droit  au  b\u00e9n\u00e9fice  des\ndispositions des articles L. 7233-2 du code du travail et L.241-10 du code de la s\u00e9curit\u00e9 sociale dans\nles conditions pr\u00e9vues par ces articles.\nLes effets de la d\u00e9claration courent \u00e0 compter du jour du d\u00e9p\u00f4t de la d\u00e9claration sous r\u00e9serve des\ndispositions de l'article R.7232-18 du code du travail. Le pr\u00e9sent r\u00e9c\u00e9piss\u00e9 n'est pas limit\u00e9 dans le\ntemps. La d\u00e9claration a une port\u00e9e nationale.\nL'enregistrement de la d\u00e9claration peut \u00eatre retir\u00e9 dans les conditions fix\u00e9es aux articles R.7232-\n20  \u00e0  R.7232-22  du  code  du  travail.  Le  pr\u00e9sent  r\u00e9c\u00e9piss\u00e9  sera  publi\u00e9  au  recueil  des  actes\nadministratifs de la pr\u00e9fecture.\nLe pr\u00e9sent r\u00e9c\u00e9piss\u00e9 peut, \u00e0 compter de sa notification, faire l'objet d'un recours gracieux aupr\u00e8s\nservice instructeur du Var ou d'un recours hi\u00e9rarchique adress\u00e9 au ministre charg\u00e9 de l'\u00e9conomie -\nDirection g\u00e9n\u00e9rale des entreprises \u2013 sous-direction des services marchands, 61 Boulevard Vincent\nAuriol, 75703 PARIS CEDEX 13.\nIl peut \u00e9galement faire l'objet d'un recours contentieux dans un d\u00e9lai de deux mois \u00e0 compter de sa\nnotification aupr\u00e8s du tribunal administratif de Toulon.\nLe tribunal administratif peut aussi \u00eatre saisi par l'application informatique \u00ab T\u00e9l\u00e9recours citoyen \u00bb\naccessible sur le site internet   http://www.telerecours.fr/\nEn cas de rejet du recours gracieux ou hi\u00e9rarchique ou en l'absence de r\u00e9ponse \u00e0 ce recours (rejet\nimplicite), un recours contentieux devant le tribunal administratif de Toulon peut \u00e9galement \u00eatre\nform\u00e9 contre la d\u00e9cision initiale dans un d\u00e9lai de deux mois \u00e0 compter de ce rejet. \nFait \u00e0 CS 31209 - 83070 TOULON Cedex, le\n12/06/24\nddets du var\nSign\u00e9 par Monsieur POULY\nDirection d\u00e9partementale de l'emploi, du travail et des solidarit\u00e9s du Var - 83-2024-06-12-00016 - 403-2024-recepisse declaration\nAP&S- MAZELLA REMY du 120624 20\nDirection d\u00e9partementale de l'emploi, du travail\net des solidarit\u00e9s du Var\n83-2024-04-01-00001\nArr\u00eate pr\u00e9fectoral en date du 1 avril 2024\nDirection d\u00e9partementale de l'emploi, du travail et des solidarit\u00e9s du Var - 83-2024-04-01-00001 - Arr\u00eate pr\u00e9fectoral en date du 1 avril\n2024 21\nDirection D\u00e9partementale de l'Emploi, \n du Travail et des Solidarit\u00e9s \nDirection \nARR\u00caT\u00c9 PR\u00c9FECTORAL  en date du 1er avril 2024\nportant subd\u00e9l\u00e9gation de signature au titre de l'article 8 du d\u00e9cret du 7 novembre 2012\nportant r\u00e8glement g\u00e9n\u00e9ral sur la comptabilit\u00e9 publique au sein de la direction\nd\u00e9partementale de l 'emploi, du travail et des solidarit\u00e9s  du Var pour l'ordonnancement\nsecondaire des recettes et des d\u00e9penses imput\u00e9es sur le budget l'\u00c9tat.\nLe Pr\u00e9fet du Var,\nVu la loi n\u00b0 82.213 du 2 mars modifi\u00e9e, relative aux droits et libert\u00e9s des communes, des\nd\u00e9partements et des r\u00e9gions, \nVu la loi n\u00b0 83-8 du 7 janvier 1983 modifi\u00e9e, relative \u00e0 la r\u00e9partition des comp\u00e9tences entre les\ncommunes, les d\u00e9partements, les r\u00e9gions et l'\u00c9tat, \nVu  la  loi  d'orientation  n\u00b0  92-125  du  6  f\u00e9vrier  1992  modifi\u00e9e,  relative  \u00e0  l'administration\nterritoriale de la r\u00e9publique,\nVu la loi organique n\u00b0 2001-692 du 1er ao\u00fbt 2001 modifi\u00e9e, relative aux lois de finances, \nVu la loi n\u00b0 2004-809 du 13 ao\u00fbt 2004 modifi\u00e9e, relative aux libert\u00e9s et responsabilit\u00e9s locales,\nVu  le  d\u00e9cret  n\u00b0  2004-374  du  29  avril  2004  modifi\u00e9,  relatif  aux  pouvoirs  des  pr\u00e9fets,  \u00e0\nl'organisation et \u00e0 l'action des services de l'\u00c9tat dans les r\u00e9gions et les d\u00e9partements,\nVu  le  d\u00e9cret  n\u00b0  2009-1484  du  3  d\u00e9cembre  2009  relatif  aux  directions  d\u00e9partementales\ninterminist\u00e9rielles,\nVu le d\u00e9cret n\u00b0 2012-1246 du 7 novembre 2012 modifi\u00e9 portant r\u00e8glement g\u00e9n\u00e9ral sur la\ncomptabilit\u00e9 publique abrogeant le d\u00e9cret n\u00b0 62-1587 du 29 d\u00e9cembre 1962,\nVu le d\u00e9cret n\u00b0 2012-1247 du 7 novembre 2012 modifi\u00e9 portant adaptation de divers textes\naux nouvelles r\u00e8gles de la gestion budg\u00e9taire et comptable publique, \nVu le d\u00e9cret 2015-510 du 7 mai 2015 portant charte de la d\u00e9concentration,\n1/9\nDirection d\u00e9partementale de l'emploi, du travail et des solidarit\u00e9s du Var - 83-2024-04-01-00001 - Arr\u00eate pr\u00e9fectoral en date du 1 avril\n2024 22\nVu le d\u00e9cret du Pr\u00e9sident de la R\u00e9publique du 13 juillet 2023 portant nomination de Monsieur\nPhilippe Mah\u00e9, Pr\u00e9fet du Var,\nVu l'arr\u00eat\u00e9 interminist\u00e9riel du 30 d\u00e9cembre 1982 modifi\u00e9, portant r\u00e8glement de comptabilit\u00e9\npour  la  d\u00e9signation des  ordonnateurs  secondaires  et de  leurs d\u00e9l\u00e9gu\u00e9s  du minist\u00e8re des\naffaires sanitaires et sociales et de la solidarit\u00e9 nationale,\nVu  l'arr\u00eat\u00e9  interminist\u00e9riel  du  4  janvier  1994  portant  r\u00e8glement  de  comptabilit\u00e9  pour  la\nd\u00e9signation des  ordonnateurs  secondaires  et de  leurs  d\u00e9l\u00e9gu\u00e9s  du  minist\u00e8re  des  affaires\nsociales, de la sant\u00e9 et de la ville dans le cadre de la section budg\u00e9taire ville du budget des\naffaires sociales, sant\u00e9 et ville,\nVu l'arr\u00eat\u00e9 conjoint du Premier ministre et du Ministre de l'int\u00e9rieur en date du 22 mars 2021\nportant nomination de Monsieur Arnaud POULY, directeur d\u00e9partemental de l'emploi, du\ntravail et des solidarit\u00e9s, \nVu l'arr\u00eat\u00e9 conjoint du Premier ministre et du Ministre de l'int\u00e9rieur en date du 22 mars 2021\nnommant Madame Nelcie FERRERE, directrice d\u00e9partementale adjointe de l'emploi, du travail\net des solidarit\u00e9s, \nVu l'arr\u00eat\u00e9 conjoint du Premier ministre et du Ministre de l'int\u00e9rieur en date du 29 mars 2024\nnommant Pascale ROBERDEAU, directrice d\u00e9partementale adjointe de l'emploi, du travail et\ndes solidarit\u00e9s, \nVu  l'arr\u00eat\u00e9  pr\u00e9fectoral  en  date  du  25  mars  2021  portant  organisation  de  la  direction\nd\u00e9partementale de l'emploi, du travail et des solidarit\u00e9s,\nVu l'arr\u00eat\u00e9 pr\u00e9fectoral n\u00b0 2023/87/MCI du 21 ao\u00fbt 2023 portant d\u00e9l\u00e9gation de signature \u00e0\nMonsieur Arnaud POULY, directeur d\u00e9partemental de l'emploi, du travail et des solidarit\u00e9s,\npour l'ordonnancement secondaire des recettes et des d\u00e9penses relevant des attributions de\nla direction d\u00e9partementale de l'emploi, du travail et des solidarit\u00e9s  du Var, imput\u00e9es sur le\nbudget de l'\u00c9tat.\nARR\u00caTE :\nArticle  1  er   :   D\u00e9l\u00e9gation  de  signature  est  donn\u00e9e  \u00e0  Madame  Nelcie  FERRERE,  directrice\nd\u00e9partementale  adjointe  de  l'emploi,  du  travail  et  des  solidarit\u00e9s,  pour  proc\u00e9der  \u00e0\nl'ordonnancement  secondaire  des  recettes  et  des  d\u00e9penses  de  l'\u00c9tat  relevant  de  ses\nattributions, imput\u00e9es sur les programmes des budgets de l'\u00c9tat suivants  : \nMission Administration g\u00e9n\u00e9rale et territoriale de l'\u00c9tat\nProgramme  216 :  Conduite  et  pilotage  des  politiques  de  l'int\u00e9rieur  (indemnisation  aux\npropri\u00e9taires-bailleurs), hors d\u00e9penses d'action sociale, \nMission \u00c9galit\u00e9 des territoires et logement\nProgramme 135 : Urbanisme, territoires et am\u00e9lioration de l'habitat\n2/9Direction d\u00e9partementale de l'emploi, du travail et des solidarit\u00e9s du Var - 83-2024-04-01-00001 - Arr\u00eate pr\u00e9fectoral en date du 1 avril\n2024 23\nProgramme  177 :  H\u00e9bergement,  parcours  vers  le  logement  et  insertion  des  personnes\nvuln\u00e9rables\nMission Immigration, asile et int\u00e9gration\nProgramme 104 : Int\u00e9gration et acc\u00e8s \u00e0 la nationalit\u00e9 fran\u00e7aise\nProgramme 303 : Immigration et asile\nMission politique des territoires\nProgramme 147 : Politique de la ville\nMission Sant\u00e9\nProgramme 183 : Protection maladie\nMission Solidarit\u00e9, insertion et \u00e9galit\u00e9 des chances\nProgramme  124 :  Conduite  et  soutien  des  politiques  sanitaires,  sociales,  du  sport,  de  la\njeunesse et de la vie associative, hors d\u00e9penses d'action sociale\nProgramme 157 : Handicap et d\u00e9pendance\nProgramme 304 : Inclusion sociale et protection des personnes\nMission Lutte contre les discriminations (DILCRAH)\nProgramme 129 : Lutte contre le racisme, l'antis\u00e9mitisme et la haine anti-LGBT\nMission travail et Emploi \nProgramme 102 : Acc\u00e8s et retour \u00e0 l'emploi\nProgramme  103 :  Accompagnement  des  mutations  \u00e9conomiques  et  d\u00e9veloppement  de\nl'emploi\nProgramme 111 : Am\u00e9lioration de la qualit\u00e9 de l'emploi et des relations de travail\nProgramme 155 : Conception, gestion et \u00e9valuation des politiques de l'emploi et du travail\nArticle 2 : D\u00e9l\u00e9gation de signature est donn\u00e9e \u00e0 madame Pascale ROBERDEAU, directrice\nd\u00e9partementale  adjointe  de  l'emploi,  du  travail  et  des  solidarit\u00e9s,  pour  proc\u00e9der  \u00e0\nl'ordonnancement  secondaire  des  recettes  et  des  d\u00e9penses  de  l'\u00c9tat  relevant  de  ses\nattributions, imput\u00e9es sur les programmes des budgets de l'\u00c9tat suivants  : \nMission Administration g\u00e9n\u00e9rale et territoriale de l'\u00c9tat\nProgramme  216 :  Conduite  et  pilotage  des  politiques  de  l'int\u00e9rieur  (indemnisation  aux\npropri\u00e9taires-bailleurs), hors d\u00e9penses d'action sociale, \nMission \u00c9galit\u00e9 des territoires et logement\nProgramme 135 : Urbanisme, territoires et am\u00e9lioration de l'habitat\nProgramme  177 :  H\u00e9bergement,  parcours  vers  le  logement  et  insertion  des  personnes\nvuln\u00e9rables\nMission Immigration, asile et int\u00e9gration\nProgramme 104 : Int\u00e9gration et acc\u00e8s \u00e0 la nationalit\u00e9 fran\u00e7aise\nProgramme 303 : Immigration et asile\nMission politique des territoires\nProgramme 147 : Politique de la ville\n3/9Direction d\u00e9partementale de l'emploi, du travail et des solidarit\u00e9s du Var - 83-2024-04-01-00001 - Arr\u00eate pr\u00e9fectoral en date du 1 avril\n2024 24\nMission Sant\u00e9\nProgramme 183 : Protection maladie\nMission Solidarit\u00e9, insertion et \u00e9galit\u00e9 des chances\nProgramme  124 :  Conduite  et  soutien  des  politiques  sanitaires,  sociales,  du  sport,  de  la\njeunesse et de la vie associative, hors d\u00e9penses d'action sociale\nProgramme 157 : Handicap et d\u00e9pendance\nProgramme 304 : Inclusion sociale et protection des personnes\nMission Lutte contre les discriminations (DILCRAH)\nProgramme 129 : Lutte contre le racisme, l'antis\u00e9mitisme et la haine anti-LGBT\nMission travail et Emploi \nProgramme 102 : Acc\u00e8s et retour \u00e0 l'emploi\nProgramme  103 :  Accompagnement  des  mutations  \u00e9conomiques  et  d\u00e9veloppement  de\nl'emploi\nProgramme 111 : Am\u00e9lioration de la qualit\u00e9 de l'emploi et des relations de travail\nProgramme 155 : Conception, gestion et \u00e9valuation des politiques de l'emploi et du travail\nArticle 3: D\u00e9l\u00e9gation de signature est donn\u00e9e \u00e0 Madame Amandine MARTIN, inspectrice hors\nclasse de l'action sanitaire et sociale, cheffe du service \u00ab  Acc\u00e8s au logement  \u00bb, pour proc\u00e9der\n\u00e0  l'ordonnancement  secondaire  des  recettes  et  des  d\u00e9penses  de  l'\u00c9tat  relevant  de  ses\nattributions, imput\u00e9es sur les programmes de budgets de l'\u00c9tat suivants  :\nMission \u00c9galit\u00e9 des territoires et logement\nProgramme 135 : Urbanisme, territoires et am\u00e9lioration de l'habitat\nProgramme  177 :  H\u00e9bergement,  parcours  vers  le  logement  et  insertion  des  personnes\nvuln\u00e9rables\nMission Administration g\u00e9n\u00e9rale et territoriale de l'\u00c9tat\nProgramme  216 :  Conduite  et  pilotage  des  politiques  de  l'int\u00e9rieur  (indemnisation  aux\npropri\u00e9taires bailleurs)\nMission Solidarit\u00e9, insertion et \u00e9galit\u00e9 des chances\nProgramme 304 : Inclusion sociale et protection des personnes\nArticle  4  : D\u00e9l\u00e9gation  de  signature  est  donn\u00e9e  \u00e0  Madame  Ang\u00e9lique  FRITZ,  attach\u00e9e\nprincipale  d'administration,  adjointe  \u00e0  la  cheffe  du  service  \u00ab  Acc\u00e8s  au  logement  \u00bb  pour\nproc\u00e9der \u00e0 l'ordonnancement secondaire des recettes et des d\u00e9penses de l'\u00c9tat relevant de\nses attributions, imput\u00e9es sur les programmes des budgets de l'\u00c9tat suivants  : \nMission \u00c9galit\u00e9 des territoires et logement\nProgramme 135 : Urbanisme, territoires et am\u00e9lioration de l'habitat\nProgramme  177:  H\u00e9bergement,  parcours  vers  le  logement  et  insertion  des  personnes\nvuln\u00e9rables\nMission Administration g\u00e9n\u00e9rale et territoriale de l'\u00c9tat\nProgramme  216 :  conduite  et  pilotage  des  politiques  de  l'int\u00e9rieur  (indemnisation  aux\npropri\u00e9taires bailleurs)\n4/9Direction d\u00e9partementale de l'emploi, du travail et des solidarit\u00e9s du Var - 83-2024-04-01-00001 - Arr\u00eate pr\u00e9fectoral en date du 1 avril\n2024 25\nMission Solidarit\u00e9, insertion et \u00e9galit\u00e9 des chances\nProgramme 304 : Inclusion sociale et protection des personnes\nArticle 5 : D\u00e9l\u00e9gation de signature est donn\u00e9e \u00e0 Madame Florence REYGROBELLET, attach\u00e9e\nprincipale  d'administration,  responsable  du  d\u00e9partement  \u00ab  Pr\u00e9vention  des  expulsions\nlocatives et contentieux\u00bb, pour proc\u00e9der \u00e0 l'ordonnancement secondaire des recettes et des\nd\u00e9penses de l'\u00c9tat relevant de ses attributions, imput\u00e9es sur les programmes des budgets de\nl'\u00c9tat suivants : \nMission \u00c9galit\u00e9 des territoires et logement\nProgramme 135 : Urbanisme, territoires et am\u00e9lioration de l'habitat\nProgramme  177 :  H\u00e9bergement,  parcours  vers  le  logement  et  insertion  des  personnes\nvuln\u00e9rables\nMission Administration g\u00e9n\u00e9rale et territoriale de l'\u00c9tat\nProgramme  216 :  Conduite  et  pilotage  des  politiques  de  l'int\u00e9rieur  (indemnisation  aux\npropri\u00e9taires bailleurs)\nMission Solidarit\u00e9, insertion et \u00e9galit\u00e9 des chances\nProgramme 304 : Inclusion sociale et protection des personnes\nArticle 6 : D\u00e9l\u00e9gation de signature  est donn\u00e9e \u00e0 Madame  Ariane ROUQUETTE,  attach\u00e9e\nd'administration, responsable du d\u00e9partement \u00ab  Insertion par le logement \u00bb, pour proc\u00e9der \u00e0\nl'ordonnancement  secondaire  des  recettes  et  des  d\u00e9penses  de  l'\u00c9tat  relevant  de  ses\nattributions, imput\u00e9es sur les programmes des budgets de l'\u00c9tat suivants  :\nMission \u00c9galit\u00e9 des territoires et logement\nProgramme 135 : Urbanisme, territoires et am\u00e9lioration de l'habitat\nProgramme  177 :  H\u00e9bergement,  parcours  vers  le  logement  et  insertion  des  personnes\nvuln\u00e9rables\nMission Solidarit\u00e9, insertion et \u00e9galit\u00e9 des chances\nProgramme 304 : Inclusion sociale et protection des personnes\nArticle  7  : D\u00e9l\u00e9gation  de  signature  est  donn\u00e9e  \u00e0  Madame  Justine  MASSIP ,  attach\u00e9e\nd'administration, responsable du d\u00e9partement \u00ab  Insertion par le logement \u00bb, pour proc\u00e9der \u00e0\nl'ordonnancement  secondaire  des  recettes  et  des  d\u00e9penses  de  l'\u00c9tat  relevant  de  ses\nattributions, imput\u00e9es sur les programmes des budgets de l'\u00c9tat suivants  :\nMission \u00c9galit\u00e9 des territoires et logement\nProgramme 135 : Urbanisme, territoires et am\u00e9lioration de l'habitat\nProgramme  177 :  H\u00e9bergement,  parcours  vers  le  logement  et  insertion  des  personnes\nvuln\u00e9rables\nMission Solidarit\u00e9, insertion et \u00e9galit\u00e9 des chances\nProgramme 304 : Inclusion sociale et protection des personnes\n5/9Direction d\u00e9partementale de l'emploi, du travail et des solidarit\u00e9s du Var - 83-2024-04-01-00001 - Arr\u00eate pr\u00e9fectoral en date du 1 avril\n2024 26\nArticle 8 : D\u00e9l\u00e9gation de signature est donn\u00e9e \u00e0 Madame Emma IACIANCIO, inspectrice hors\nclasse de l'action sanitaire et sociale, cheffe du service \u00ab  Acc\u00e8s \u00e0 l'autonomie des populations\nvuln\u00e9rables \u00bb, pour proc\u00e9der \u00e0 l'ordonnancement secondaire des recettes et des d\u00e9penses de\nl'\u00c9tat  relevant  de  ses  attributions,  imput\u00e9es  sur  les  programmes  des  budgets  de  l'\u00c9tat\nsuivants : \nMission \u00c9galit\u00e9 des territoires et logement\nProgramme  177 :  H\u00e9bergement,  parcours  vers  le  logement  et  insertion  des  personnes\nvuln\u00e9rables\nMission Immigration, asile et int\u00e9gration\nProgramme 104 : Int\u00e9gration et acc\u00e8s \u00e0 la nationalit\u00e9 fran\u00e7aise\nProgramme 303 : Immigration et asile\nMission Solidarit\u00e9, insertion et \u00e9galit\u00e9 des chances\nProgramme 157 : Handicap et d\u00e9pendance\nProgramme 304 : Inclusion sociale et protection des personnes\nMission Sant\u00e9\nProgramme 183 : Protection maladie\nArticle 9 : D\u00e9l\u00e9gation de signature est donn\u00e9e \u00e0 Madame Val\u00e9rie LETOURNIANT, attach\u00e9e\nprincipale  d'administration,  adjointe  \u00e0  la  cheffe  du  service  \u00ab  Acc\u00e8s  \u00e0  l'autonomie  des\npopulations vuln\u00e9rables  \u00bb, pour proc\u00e9der \u00e0 l'ordonnancement secondaire des recettes et des\nd\u00e9penses de l'\u00c9tat relevant de ses attributions, imput\u00e9es sur les programmes des budgets de\nl'\u00c9tat suivants : \nMission \u00c9galit\u00e9 des territoires et logement\nProgramme  177 :  H\u00e9bergement,  parcours  vers  le  logement  et  insertion  des  personnes\nvuln\u00e9rables\nMission Immigration, asile et int\u00e9gration\nProgramme 104 : Int\u00e9gration et acc\u00e8s \u00e0 la nationalit\u00e9 fran\u00e7aise\nProgramme 303 : Immigration et asile\nMission Solidarit\u00e9, insertion et \u00e9galit\u00e9 des chances\nProgramme 157 : Handicap et d\u00e9pendance\nProgramme 304 : Inclusion sociale et protection des personnes\nMission Sant\u00e9\nProgramme 183 : Protection maladie\nArticle 10 : D\u00e9l\u00e9gation de signature est donn\u00e9e \u00e0 Madame Marie Laure ALVAREZ, attach\u00e9e\nd'administration,responsable  du  d\u00e9partement  int\u00e9gration,  pour  proc\u00e9der  \u00e0\nl'ordonnancement  secondaire  des  recettes  et  des  d\u00e9penses  de  l'\u00c9tat  relevant  de  ses\nattributions, imput\u00e9es sur les programmes des budgets de l'\u00c9tat suivants  : \n6/9Direction d\u00e9partementale de l'emploi, du travail et des solidarit\u00e9s du Var - 83-2024-04-01-00001 - Arr\u00eate pr\u00e9fectoral en date du 1 avril\n2024 27\nMission \u00c9galit\u00e9 des territoires et logement\nProgramme  177 :  H\u00e9bergement,  parcours  vers  le  logement  et  insertion  des  personnes\nvuln\u00e9rables\nMission Immigration, asile et int\u00e9gration\nProgramme 104 : Int\u00e9gration et acc\u00e8s \u00e0 la nationalit\u00e9 fran\u00e7aise\nProgramme 303 : Immigration et asile\nMission Solidarit\u00e9, insertion et \u00e9galit\u00e9 des chances\nProgramme 157 : Handicap et d\u00e9pendance\nProgramme 304 : Inclusion sociale et protection des personnes\nMission Sant\u00e9\nProgramme 183 : Protection maladie\nArticle  11  : D\u00e9l\u00e9gation  de  signature  est  donn\u00e9e  \u00e0  Madame  M\u00e9lanie  COLLAR,  attach\u00e9e\nprincipale  d'administration,  cheffe  du  service  \u00abAcc\u00e8s  \u00e0  l'Emploi  \u00bb,  pour  proc\u00e9der  \u00e0\nl'ordonnancement  secondaire  des  recettes  et  des  d\u00e9penses  de  l'\u00c9tat  relevant  de  ses\nattributions, imput\u00e9es sur les programmes des budgets de l'\u00c9tat suivants  : \nMission Politique des territoires\nProgramme 147 : Politique de la ville\nMission Travail et Emploi\nProgramme 102 : Acc\u00e8s et retour \u00e0 l'emploi\nArticle  12  : D\u00e9l\u00e9gation  de  signature  est  donn\u00e9e  \u00e0  Madame  Corinne  CESARI,  attach\u00e9e\nprincipale d'administration, adjointe \u00e0 la cheffe du service \u00abAcc\u00e8s \u00e0 l'Emploi  \u00bb, pour proc\u00e9der\n\u00e0  l'ordonnancement  secondaire  des  recettes  et  des  d\u00e9penses  de  l'\u00c9tat  relevant  de  ses\nattributions, imput\u00e9es sur les programmes des budgets de l'\u00c9tat suivants  : \nMission Politique des territoires\nProgramme 147 : Politique de la ville\nMission Travail et Emploi\nProgramme 102 : Acc\u00e8s et retour \u00e0 l'emploi\nArticle  13  : D\u00e9l\u00e9gation  de  signature  est  donn\u00e9e  \u00e0  Madame  Sylvie  GERMI,  attach\u00e9e\nd'administration,  responsable  du  d\u00e9partement  \u00ab\u00c9galit\u00e9  des  chances\u00bb,  pour  proc\u00e9der  \u00e0\nl'ordonnancement  secondaire  des  recettes  et  des  d\u00e9penses  de  l'\u00c9tat  relevant  de  ses\nattributions, imput\u00e9es sur les programmes des budgets de l'\u00c9tat suivants  : \nMission Politique des territoires\nProgramme 147 : Politique de la ville\nMission Travail et Emploi\nProgramme 102 : Acc\u00e8s et retour \u00e0 l'emploi\n7/9Direction d\u00e9partementale de l'emploi, du travail et des solidarit\u00e9s du Var - 83-2024-04-01-00001 - Arr\u00eate pr\u00e9fectoral en date du 1 avril\n2024 28\nArticle  14  : D\u00e9l\u00e9gation  de  signature  est  donn\u00e9e  \u00e0  Madame  Fatiha  PERROT,  attach\u00e9e\nd'administration, responsable du d\u00e9partement \u00abMesures en faveur des publics \u00e9loign\u00e9s de\nl'emploi\u00bb, pour proc\u00e9der \u00e0 l'ordonnancement secondaire des recettes et des d\u00e9penses de\nl'\u00c9tat  relevant  de  ses  attributions,  imput\u00e9es  sur  les  programmes  des  budgets  de  l'\u00c9tat\nsuivants : \nMission Politique des territoires\nProgramme 147 : Politique de la ville\nMission Travail et Emploi\nProgramme 102 : Acc\u00e8s et retour \u00e0 l'emploi\nArticle 15 : D\u00e9l\u00e9gation de signature est donn\u00e9e \u00e0 Madame Severine LARDERET, attach\u00e9e\nprincipale  d'administration,  cheffe  du  service  \u00abAccompagnement  des  entreprises  et\nd\u00e9veloppement des territoires\u00bb,pour proc\u00e9der \u00e0 l'ordonnancement secondaire des recettes\net des d\u00e9penses de l'\u00c9tat relevant de ses attributions, imput\u00e9es sur les programmes des\nbudgets de l'\u00c9tat suivants  : \nMission Travail et Emploi\nProgramme  103 :  Accompagnement  des  mutations  \u00e9conomiques  et  d\u00e9veloppement  de\nl'emploi\nArticle 16 : D\u00e9l\u00e9gation de signature est donn\u00e9e \u00e0 Madame Coralie PHILIP-MONGE attach\u00e9e\nd'administration,  adjointe  \u00e0  la  cheffe  du  service  \u00abAccompagnement  des  entreprises  et\nd\u00e9veloppement des territoires\u00bb, pour proc\u00e9der \u00e0 l'ordonnancement secondaire des recettes\net des d\u00e9penses de l'\u00c9tat relevant de ses attributions, imput\u00e9es sur les programmes des\nbudgets de l'\u00c9tat suivants  : \nMission Travail et Emploi\nProgramme  103 :  Accompagnement  des  mutations  \u00e9conomiques  et  d\u00e9veloppement  de\nl'emploi\nArticle 17 : D\u00e9l\u00e9gation de signature est donn\u00e9e \u00e0 Monsieur Emmanuel JOLY, directeur du\ntravail, chef du service \u00abAppui et relations du travail\u00bb,pour proc\u00e9der \u00e0 l'ordonnancement\nsecondaire des recettes et des d\u00e9penses de l'\u00c9tat relevant de ses attributions, imput\u00e9es sur\nles programmes des budgets de l'\u00c9tat suivants  : \nMission Travail et Emploi\nProgramme 111 : Am\u00e9lioration de la qualit\u00e9 de l'emploi et des relations du travail\nProgramme 155: Conception, gestion et \u00e9valuation des politiques de l'emploi et du travail\n8/9Direction d\u00e9partementale de l'emploi, du travail et des solidarit\u00e9s du Var - 83-2024-04-01-00001 - Arr\u00eate pr\u00e9fectoral en date du 1 avril\n2024 29\nArticle 18 : D\u00e9l\u00e9gation de signature est donn\u00e9e \u00e0 Madame St\u00e9phanie DESEEZ, inspectrice\nhors  classe  de  l'action  sanitaire  et  sociale,  cheffe  de  la  mission   \u00ab  appui  aux  politiques\npubliques \u00bb, pour proc\u00e9der \u00e0 l'ordonnancement secondaire des recettes et des d\u00e9penses de\nl'\u00c9tat  relevant  de  ses  attributions,  imput\u00e9es  sur  les  programmes  des  budgets  de  l'\u00c9tat\nsuivants : \nMission Lutte contre les discriminations (DILCRAH)\nProgramme 129 : Lutte contre le racisme, l'antis\u00e9mitisme et la haine anti-LGBT\nMission Solidarit\u00e9, insertion et \u00e9galit\u00e9 des chances\nProgramme 304 : Inclusion sociale et protection des personnes\nArticle 19 : L'arr\u00eat\u00e9 pr\u00e9fectoral en date du 16 juin 2021 portant subd\u00e9l\u00e9gation de signature au\ntitre  de  l'article  8  du  d\u00e9cret  du  7  novembre  2012  portant  r\u00e8glement  g\u00e9n\u00e9ral  sur  la\ncomptabilit\u00e9 publique au sein de la direction d\u00e9partementale de l'emploi, du travail et des\nsolidarit\u00e9s du Var pour l'ordonnancement secondaire des recettes et des d\u00e9penses imput\u00e9es\nsur le budget de l'\u00c9tat est abrog\u00e9.\nArticle 20 : Le directeur d\u00e9partemental de l'emploi, du travail et des solidarit\u00e9s du Var est\ncharg\u00e9 de l'ex\u00e9cution du pr\u00e9sent arr\u00eat\u00e9 qui sera publi\u00e9 au recueil des actes administratifs de\nla pr\u00e9fecture du Var et dont copie sera adress\u00e9e au directeur d\u00e9partemental des finances\npubliques du Var et au directeur r\u00e9gional des finances publiques des Bouches-du-Rh\u00f4ne.\nFait \u00e0 Toulon, le 1er avril 2024\nSign\u00e9 par Arnaud POULY\n \n9/9Direction d\u00e9partementale de l'emploi, du travail et des solidarit\u00e9s du Var - 83-2024-04-01-00001 - Arr\u00eate pr\u00e9fectoral en date du 1 avril\n2024 30\nDirection d\u00e9partementale de l'emploi, du travail\net des solidarit\u00e9s du Var\n83-2024-06-17-00003\nD\u00e9cision portant affectation des agents de\ncont\u00f4le des services de l'inspection du Travail et\ngestion des int\u00e9rims et suppl\u00e9ances de l'unit\u00e9\nd\u00e9partementale du var\nDirection d\u00e9partementale de l'emploi, du travail et des solidarit\u00e9s du Var - 83-2024-06-17-00003 - D\u00e9cision portant affectation des\nagents de cont\u00f4le des services de l'inspection du Travail et gestion des int\u00e9rims et suppl\u00e9ances de l'unit\u00e9 d\u00e9partementale du var 31\nDirection r\u00e9gionale\nde l'\u00e9conomie de l'emploi\ndu travail et des solidarit\u00e9s\nProvence Alpes C\u00f4te d'Azur\nDECISION portant affectation des agents de contr\u00f4le des services d'inspection du travail \net gestion des int\u00e9rims et suppl\u00e9ances de l'unit\u00e9 d\u00e9partementale du Var\nLe directeur r\u00e9gional de l'\u00e9conomie, de l'emploi, du travail et des solidarit\u00e9s de la r\u00e9gion Provence Alpes C\u00f4te\nd'Azur,\nVu le code du travail, notamment ses articles R. 8122-3 et suivants,\nVu le d\u00e9cret n\u00b0 2020-1545 du 9 d\u00e9cembre 2020 relatif \u00e0 l'organisation et aux missions des directions r\u00e9gionales de\nl'\u00e9conomie, de l'emploi, du travail et des solidarit\u00e9s, des directions d\u00e9partementales de l'emploi, du travail et des\nsolidarit\u00e9s  et  des  directions  d\u00e9partementales  de  l'emploi,  du  travail,  des  solidarit\u00e9s  et  de  la  protection  des\npopulations,\nVu l'arr\u00eat\u00e9 minist\u00e9riel du 25 mars 2024 portant r\u00e9partition des unit\u00e9s de contr\u00f4le de l'inspection du travail,\nVu la d\u00e9cision du DREETS du 30 janvier 2024 relative \u00e0 la localisation et \u00e0 la d\u00e9limitation des unit\u00e9s de contr\u00f4le\net des sections d'inspection du travail pour la direction d\u00e9partementale de l'emploi, du travail et des solidarit\u00e9s du\nVar,\nDECIDE\nArticle 1 : Sont nomm\u00e9s comme responsables des unit\u00e9s de contr\u00f4le de direction d\u00e9partementale de l'emploi, du\ntravail et des solidarit\u00e9s du Var les agents suivants :\n-Unit\u00e9 de contr\u00f4le UC1 - Var Ouest : Madame GRIMA Virginie\n-Unit\u00e9 de contr\u00f4le UC2 - Var Centre : Madame SAUVIAT B\u00e9atrice\n-Unit\u00e9 de contr\u00f4le UC3 - Var Est : Monsieur AMIC J\u00e9r\u00e9my\nArticle 2 :  Sans pr\u00e9judice des dispositions de l'article R.8122-10-I du code du travail et conform\u00e9ment aux\ndispositions de l'article R.8122-11 du code du travail, sont affect\u00e9s dans les sections d'inspection de la direction\nd\u00e9partementale de l'emploi, du travail et des solidarit\u00e9s du Var les agents suivants :\nAu sein de l'unit\u00e9 de contr\u00f4le \"UC1 - Var Ouest\" :\nSection 83-01-01 : Madame Sonia RAMI, contr\u00f4leur du travail\nSection 83-01-02 : Section vacante\nSection 83-01-03 : Monsieur Riad KABACHE, inspecteur du travail\nSection 83-01-04 : section vacante\nSection 83-01-05 : Madame Laurie JORDA, inspectrice du travail  \nSection 83-01-06 : Monsieur Gilles TORRENTE, inspecteur du travail\nSection 83-01-07 : Madame Sylvie MUTEL, inspectrice  du travail\nSection 83-01-08 : Madame Catherine PLANTEGENEST, inspectrice du travail\nSection 83-01-09 : Madame Florence BOURELLY,  contr\u00f4leur du travailDirection d\u00e9partementale de l'emploi, du travail et des solidarit\u00e9s du Var - 83-2024-06-17-00003 - D\u00e9cision portant affectation des\nagents de cont\u00f4le des services de l'inspection du Travail et gestion des int\u00e9rims et suppl\u00e9ances de l'unit\u00e9 d\u00e9partementale du var 32\nAu sein de l'Unit\u00e9 de contr\u00f4le \u00ab UC2 - Var Centre \u00bb :\nSection 83-02-01 : Monsieur Tom FILIPPI, inspecteur du travail  \nSection 83-02-02 : Madame Roselyne SOULE, inspectrice du travail\nSection 83-02-03 : Madame In\u00e8s GABERT, inspectrice du travail\nSection 83-02-04 : Madame Malika MAUCOURT, inspectrice du travail\nSection 83-02-05 : Monsieur Vivien DE FARIA, inspecteur du travail  \nSection 83-02-06 : Monsieur J\u00e9r\u00e9my MOREL, inspecteur du travail  \nSection 83-02-07 : section vacante\nSection 83-02-08 : Madame Nathalie TENDIL, inspectrice du travail\nAu sein de l'Unit\u00e9 de contr\u00f4le \u00ab UC3 - Var Est\u00bb :\nSection 83-03-01 : Monsieur Yves-Laurent DAADOUN, inspecteur du travail\nSection 83-03-02 : Madame Asmaa FRANCOIS, inspectrice du travail  \nSection 83-03-03 : section vacante\nSection 83-03-04 : Monsieur  Fabian DARCISSAC, inspecteur du travail\nSection 83-03-05 : section vacante\nSection 83-03-06 : Madame Isabelle DEMELLIER, inspectrice du travail\nSection 83-03-07 : section vacante\nSection 83-03-08 : Monsieur  Guillaume BESSET, inspecteur du travail  \nSection 83-03-09 : Monsieur David SAVELLI, inspecteur du travail\nArticle 3 : En cas d'absence ou d'emp\u00eachement d'un ou plusieurs agents de contr\u00f4le d\u00e9sign\u00e9s aux articles 1 et\n2, l'int\u00e9rim est organis\u00e9 selon les modalit\u00e9s ci-apr\u00e8s :\nAu sein de l'unit\u00e9 de contr\u00f4le \"UC1 - Var Ouest\" :\n\uf0b7L'int\u00e9rim du responsable de l'unit\u00e9 de contr\u00f4le est assur\u00e9 par l'un des responsables des unit\u00e9s de\ncontr\u00f4le \"UC2 - Var Centre\" ou \"UC3 - Var Est\"\n\uf0b7L'int\u00e9rim du contr\u00f4leur du travail de la section 83-01-01 est assur\u00e9 par l'inspecteur du travail de la\nsection 83-01-03 ou en cas d'absence ou d'emp\u00eachement de ce dernier par l'inspecteur du travail de la  \nsection 83-01-05 ou en cas d'absence ou d'emp\u00eachement de ce dernier par l'inspecteur du travail de la  \nsection 83-01-06 ou en cas d'absence ou d'emp\u00eachement de ce dernier par l'inspecteur du travail de la  \nsection 83-01-07 ou en cas d'absence ou d'emp\u00eachement de ce dernier par l'inspecteur du travail de la  \nsection 83-01-08 ou en cas d'absence ou d'emp\u00eachement de ce dernier par le contr\u00f4leur du travail de la\nsection 83-01-09 ou en cas d'absence ou d'emp\u00eachement de ce dernier par l'inspecteur du travail de la  \nsection 83-02-01 ou en cas d'absence ou d'emp\u00eachement de ce dernier par l'inspecteur du travail de la  \nsection 83-02-02 ou en cas d'absence ou d'emp\u00eachement de ce dernier par l'inspecteur du travail de la  \nsection 83-02-03 ou en cas d'absence ou d'emp\u00eachement de ce dernier par l'inspecteur du travail de la  \nsection 83-02-04 ou en cas d'absence ou d'emp\u00eachement de ce dernier par l'inspecteur du travail de la  \nsection 83-02-05 ou en cas d'absence ou d'emp\u00eachement de ce dernier par l'inspecteur du travail de la  \nsection 83-02-06 ou en cas d'absence ou d'emp\u00eachement de ce dernier par l'inspecteur du travail de la  \nsection 83-02-08 ou en cas d'absence ou d'emp\u00eachement de ce dernier par l'inspecteur du travail de la  \nsection 83-03-01 ou en cas d'absence ou d'emp\u00eachement de ce dernier par l'inspecteur du travail de la  \nsection 83-03-02 ou en cas d'absence ou d'emp\u00eachement de ce dernier par l'inspecteur du travail de la  \nsection 83-03-04 ou en cas d'absence ou d'emp\u00eachement de ce dernier par l'inspecteur du travail de la  \nsection 83-03-06 ou en cas d'absence ou d'emp\u00eachement de ce dernier par l'inspecteur du travail de la  \nsection 83-03-08 ou en cas d'absence ou d'emp\u00eachement de ce dernier par l'inspecteur du travail de la  \nsection 83-03-09\n\uf0b7L'int\u00e9rim de l'inspecteur du travail de la section 83-01-03 est assur\u00e9 par l'inspecteur du travail de la\nsection 83-01-05 ou en cas d'absence ou d'emp\u00eachement de ce dernier par l'inspecteur du travail de la  \nsection 83-01-06 ou en cas d'absence ou d'emp\u00eachement de ce dernier par l'inspecteur du travail de la  \nsection 83-01-07 ou en cas d'absence ou d'emp\u00eachement de ce dernier par l'inspecteur du travail de la  \nsection 83-01-08 ou en cas d'absence ou d'emp\u00eachement de ce dernier par l'inspecteur du travail de la  \nsection 83-02-01 ou en cas d'absence ou d'emp\u00eachement de ce dernier par l'inspecteur du travail de la  \nsection 83-02-02 ou en cas d'absence ou d'emp\u00eachement de ce dernier par l'inspecteur du travail de la  \nsection 83-02-03 ou en cas d'absence ou d'emp\u00eachement de ce dernier par l'inspecteur du travail de la\n2Direction d\u00e9partementale de l'emploi, du travail et des solidarit\u00e9s du Var - 83-2024-06-17-00003 - D\u00e9cision portant affectation des\nagents de cont\u00f4le des services de l'inspection du Travail et gestion des int\u00e9rims et suppl\u00e9ances de l'unit\u00e9 d\u00e9partementale du var 33\nsection 83-02-04 ou en cas d'absence ou d'emp\u00eachement de ce dernier par l'inspecteur du travail de la\nsection 83-02-05 ou en cas d'absence ou d'emp\u00eachement de ce dernier par l'inspecteur du travail de la\nsection 83-02-06 ou en cas d'absence ou d'emp\u00eachement de ce dernier par l'inspecteur du travail de la\nsection 83-02-08 ou en cas d'absence ou d'emp\u00eachement de ce dernier par l'inspecteur du travail de la\nsection 83-03-01 ou en cas d'absence ou d'emp\u00eachement de ce dernier par l'inspecteur du travail de la\nsection 83-03-02 ou en cas d'absence ou d'emp\u00eachement de ce dernier par l'inspecteur du travail de la\nsection 83-03-04 ou en cas d'absence ou d'emp\u00eachement de ce dernier par l'inspecteur du travail de la\nsection 83-03-06 ou en cas d'absence ou d'emp\u00eachement de ce dernier par l'inspecteur du travail de la\nsection 83-03-08 ou en cas d'absence ou d'emp\u00eachement de ce dernier par l'inspecteur du travail de la\nsection 83-03-09\n\uf0b7L'int\u00e9rim de l'inspecteur du travail de la section 83-01-05 est assur\u00e9 par l'inspecteur du travail de la\nsection 83-01-06 ou en cas d'absence ou d'emp\u00eachement de  ce dernier par l'inspecteur du travail de la\nsection 83-01-07 ou en cas d'absence ou d'emp\u00eachement de ce dernier par l'inspecteur du travail de la\nsection 83-01-08 ou en cas d'absence ou d'emp\u00eachement de ce dernier par l'inspecteur du travail de la\nsection 83-01-03 ou en cas d'absence ou d'emp\u00eachement de ce dernier par l'inspecteur du travail de la\nsection 83-02-01 ou en cas d'absence ou d'emp\u00eachement de ce dernier par l'inspecteur du travail de la\nsection 83-02-02 ou en cas d'absence ou d'emp\u00eachement de ce dernier par l'inspecteur du travail de la\nsection 83-02-03 ou en cas d'absence ou d'emp\u00eachement de ce dernier par l'inspecteur du travail de la\nsection 83-02-04 ou en cas d'absence ou d'emp\u00eachement de ce dernier par l'inspecteur du travail de la\nsection 83-02-05 ou en cas d'absence ou d'emp\u00eachement de ce dernier par l'inspecteur du travail de la\nsection 83-02-06 ou en cas d'absence ou d'emp\u00eachement de ce dernier par l'inspecteur du travail de la\nsection 83-02-08 ou en cas d'absence ou d'emp\u00eachement de ce dernier par l'inspecteur du travail de la\nsection 83-03-01 ou en cas d'absence ou d'emp\u00eachement de ce dernier par l'inspecteur du travail de la\nsection 83-03-02 ou en cas d'absence ou d'emp\u00eachement de ce dernier par l'inspecteur du travail de la\nsection 83-03-04 ou en cas d'absence ou d'emp\u00eachement de ce dernier par l'inspecteur du travail de la\nsection 83-03-06 ou en cas d'absence ou d'emp\u00eachement de ce dernier par l'inspecteur du travail de la\nsection 83-03-08 ou en cas d'absence ou d'emp\u00eachement de ce dernier par l'inspecteur du travail de la\nsection 83-03-09\n\uf0b7L'int\u00e9rim de l'inspecteur du travail de la section 83-01-06 est assur\u00e9 par l'inspecteur du travail de la\nsection 83-01-07 ou en cas d'absence ou d'emp\u00eachement de ce dernier par l'inspecteur du travail de la\nsection 83-01-08 ou en cas d'absence ou d'emp\u00eachement de ce dernier par l'inspecteur du travail de la\nsection 83-01-03 ou en cas d'absence ou d'emp\u00eachement de ce dernier par l'inspecteur du travail de la\nsection 83-01-05 ou en cas d'absence ou d'emp\u00eachement de ce dernier par l'inspecteur du travail de la\nsection 83-02-01 ou en cas d'absence ou d'emp\u00eachement de ce dernier par l'inspecteur du travail de la\nsection 83-02-02 ou en cas d'absence ou d'emp\u00eachement de ce dernier par l'inspecteur du travail de la\nsection 83-02-03 ou en cas d'absence ou d'emp\u00eachement de ce dernier par l'inspecteur du travail de la\nsection 83-02-04 ou en cas d'absence ou d'emp\u00eachement de ce dernier par l'inspecteur du travail de la\nsection 83-02-05 ou en cas d'absence ou d'emp\u00eachement de ce dernier par l'inspecteur du travail de la\nsection 83-02-06 ou en cas d'absence ou d'emp\u00eachement de ce dernier par l'inspecteur du travail de la\nsection 83-02-08 ou en cas d'absence ou d'emp\u00eachement de ce dernier par l'inspecteur du travail de la\nsection 83-03-01 ou en cas d'absence ou d'emp\u00eachement de ce dernier par l'inspecteur du travail de la\nsection 83-03-02 ou en cas d'absence ou d'emp\u00eachement de ce dernier par l'inspecteur du travail de la\nsection 83-03-04 ou en cas d'absence ou d'emp\u00eachement de ce dernier par l'inspecteur du travail de la\nsection 83-03-06 ou en cas d'absence ou d'emp\u00eachement de ce dernier par l'inspecteur du travail de la\nsection 83-03-08 ou en cas d'absence ou d'emp\u00eachement de ce dernier par l'inspecteur du travail de la\nsection 83-03-09\n\uf0b7L'int\u00e9rim de l'inspecteur du travail de la section 83-01-07 est assur\u00e9 par l'inspecteur du travail de la\nsection 83-01-08 ou en cas d'absence ou d'emp\u00eachement de ce dernier par l'inspecteur du travail de la  \nsection 83-01-03 ou en cas d'absence ou d'emp\u00eachement de ce dernier par l'inspecteur du travail de la  \nsection 83-01-05 ou en cas d'absence ou d'emp\u00eachement de ce dernier par l'inspecteur du travail de la  \nsection 83-01-06 ou en cas d'absence ou d'emp\u00eachement de ce dernier par l'inspecteur du travail de la  \nsection 83-02-01 ou en cas d'absence ou d'emp\u00eachement de ce dernier par l'inspecteur du travail de la  \nsection 83-02-02 ou en cas d'absence ou d'emp\u00eachement de ce dernier par l'inspecteur du travail de la  \nsection 83-02-03 ou en cas d'absence ou d'emp\u00eachement de ce dernier par l'inspecteur du travail de la  \nsection 83-02-04 ou en cas d'absence ou d'emp\u00eachement de ce dernier par l'inspecteur du travail de la  \nsection 83-02-05 ou en cas d'absence ou d'emp\u00eachement de ce dernier par l'inspecteur du travail de la  \nsection 83-02-06 ou en cas d'absence ou d'emp\u00eachement de ce dernier par l'inspecteur du travail de la  \nsection 83-02-08 ou en cas d'absence ou d'emp\u00eachement de ce dernier par l'inspecteur du travail de la  \nsection 83-03-01 ou en cas d'absence ou d'emp\u00eachement de ce dernier par l'inspecteur du travail de la  \nsection 83-03-02 ou en cas d'absence ou d'emp\u00eachement de ce dernier par l'inspecteur du travail de la \nsection 83-03-04 ou en cas d'absence ou d'emp\u00eachement de ce dernier par l'inspecteur du travail de la  Direction d\u00e9partementale de l'emploi, du travail et des solidarit\u00e9s du Var - 83-2024-06-17-00003 - D\u00e9cision portant affectation des\nagents de cont\u00f4le des services de l'inspection du Travail et gestion des int\u00e9rims et suppl\u00e9ances de l'unit\u00e9 d\u00e9partementale du var 34\n                    section 83-03-06 ou en cas d'absence ou d'emp\u00eachement de ce dernier par l'inspecteur du travail de la\n         section 83-03-08 ou en cas d'absence ou d'emp\u00eachement de  ce dernier par l'inspecteur du travail de  \nla section 83-03-09 \n\uf0b7L'int\u00e9rim de l'inspecteur du travail de la section 83-01-08 est assur\u00e9 par l'inspecteur du travail de la\nsection 83-01-03 ou en cas d'absence ou d'emp\u00eachement de ce dernier par l'inspecteur du travail de la  \nsection 83-01-05 ou en cas d'absence ou d'emp\u00eachement de ce dernier par l'inspecteur du travail de la  \nsection 83-01-06 ou en cas d'absence ou d'emp\u00eachement de ce dernier par l'inspecteur du travail de la  \nsection 83-01-07 ou en cas d'absence ou d'emp\u00eachement de ce dernier par l'inspecteur du travail de la  \nsection 83-02-01 ou en cas d'absence ou d'emp\u00eachement de ce dernier par l'inspecteur du travail de la  \nsection 83-02-02 ou en cas d'absence ou d'emp\u00eachement de ce dernier par l'inspecteur du travail de la  \nsection 83-02-03 ou en cas d'absence ou d'emp\u00eachement de ce dernier par l'inspecteur du travail de la  \nsection 83-02-04 ou en cas d'absence ou d'emp\u00eachement de ce dernier par l'inspecteur du travail de la  \nsection 83-02-05 ou en cas d'absence ou d'emp\u00eachement de ce dernier par l'inspecteur du travail de la  \nsection 83-02-06 ou en cas d'absence ou d'emp\u00eachement de ce dernier par l'inspecteur du travail de la  \nsection 83-02-08 ou en cas d'absence ou d'emp\u00eachement de ce dernier par l'inspecteur du travail de la  \nsection 83-03-01 ou en cas d'absence ou d'emp\u00eachement de ce dernier par l'inspecteur du travail de la  \nsection 83-03-02 ou en cas d'absence ou d'emp\u00eachement de ce dernier par l'inspecteur du travail de la \nsection 83-03-04 ou en cas d'absence ou d'emp\u00eachement de ce dernier par l'inspecteur du travail de la  \nsection 83-03-06 ou en cas d'absence ou d'emp\u00eachement de ce dernier par l'inspecteur du travail de la  \nsection 83-03-08 ou en cas d'absence ou d'emp\u00eachement de ce dernier par l'inspecteur du travail de la  \nsection 83-03-09\n\uf0b7L'int\u00e9rim du contr\u00f4leur du travail de la section 83-01-09 est assur\u00e9 par le contr\u00f4leur du travail de \nla section 83-01-01 ou en cas d'absence ou d'emp\u00eachement de ce dernier par l'inspecteur du travail de la  \nsection 83-01-03 ou en cas d'absence ou d'emp\u00eachement de ce dernier par l'inspecteur du travail de la  \nsection 83-01-05 ou en cas d'absence ou d'emp\u00eachement de ce dernier par l'inspecteur du travail de la  \nsection 83-01-06 ou en cas d'absence ou d'emp\u00eachement de ce dernier par l'inspecteur du travail de la  \nsection 83-01-07 ou en cas d'absence ou d'emp\u00eachement de ce dernier par l'inspecteur du travail de la  \nsection 83-01-08 ou en cas d'absence ou d'emp\u00eachement de ce dernier par l'inspecteur du travail de la  \nsection 83-02-01 ou en cas d'absence ou d'emp\u00eachement de ce dernier par l'inspecteur du travail de la  \nsection 83-02-02 ou en cas d'absence ou d'emp\u00eachement de ce dernier par l'inspecteur du travail de la  \nsection 83-02-03 ou en cas d'absence ou d'emp\u00eachement de ce dernier par l'inspecteur du travail de la  \nsection 83-02-04 ou en cas d'absence ou d'emp\u00eachement de ce dernier par l'inspecteur du travail de la  \nsection 83-02-05 ou en cas d'absence ou d'emp\u00eachement de ce dernier par l'inspecteur du travail de la  \nsection 83-02-06 ou en cas d'absence ou d'emp\u00eachement de ce dernier par l'inspecteur du travail de la  \nsection 83-02-08 ou en cas d'absence ou d'emp\u00eachement de ce dernier par l'inspecteur du travail de la  \nsection 83-03-01 ou en cas d'absence ou d'emp\u00eachement de ce dernier par l'inspecteur du travail de la  \nsection 83-03-02 ou en cas d'absence ou d'emp\u00eachement de ce dernier par l'inspecteur du travail de la  \nsection 83-03-04 ou en cas d'absence ou d'emp\u00eachement de ce dernier par l'inspecteur du travail de la  \nsection 83-03-06 ou en cas d'absence ou d'emp\u00eachement de ce dernier par l'inspecteur du travail de la  \nsection 83-03-08 ou en cas d'absence ou d'emp\u00eachement de ce dernier par l'inspecteur du travail de la  \nsection 83-03-09\nAu sein de l'unit\u00e9 de contr\u00f4le \"UC2 - Var Centre\" :\n\uf0b7L'int\u00e9rim du responsable de l'unit\u00e9 de contr\u00f4le est assur\u00e9 par l'un des responsables des unit\u00e9s de\ncontr\u00f4le \"UC1 - Var Ouest\" ou \"UC3 - Var Est\"\nL'int\u00e9rim de l'inspecteur du travail de la section 83-02-01 est assur\u00e9 par l'inspecteur du travail de la\nsection 83-02-02 ou en cas d'absence ou d'emp\u00eachement de ce dernier par l'inspecteur du travail de la  \nsection 83-02-03 ou en cas d'absence ou d'emp\u00eachement de ce dernier par l'inspecteur du travail de la  \nsection 83-02-04 ou en cas d'absence ou d'emp\u00eachement de ce dernier par l'inspecteur du travail de la  \nsection 83-02-05 ou en cas d'absence ou d'emp\u00eachement de ce dernier par l'inspecteur du travail de la  \nsection 83-02-06 ou en cas d'absence ou d'emp\u00eachement de ce dernier par l'inspecteur du travail de la  \nsection 83-02-08 ou en cas d'absence ou d'emp\u00eachement de ce dernier par l'inspecteur du travail de la  \nsection 83-03-01 ou en cas d'absence ou d'emp\u00eachement de ce dernier par l'inspecteur du travail de la  \nsection 83-03-02 ou en cas d'absence ou d'emp\u00eachement de ce dernier par l'inspecteur du travail de la\nsection 83-03-04 ou en cas d'absence ou d'emp\u00eachement de ce dernier par l'inspecteur du travail de la  \nsection 83-03-06 ou en cas d'absence ou d'emp\u00eachement de ce dernier par l'inspecteur du travail de la  \nsection 83-03-08 ou en cas d'absence ou d'emp\u00eachement de ce dernier par l'inspecteur du travail de la  \nsection 83-03-09 ou en cas d'absence ou d'emp\u00eachement de ce dernier par l'inspecteur du travail de la  \nsection 83-01-03 ou en cas d'absence ou d'emp\u00eachement de ce dernier par l'inspecteur du travail de la  \nsection 83-01-05 ou en cas d'absence ou d'emp\u00eachement de ce dernier par l'inspecteur du travail de la  Direction d\u00e9partementale de l'emploi, du travail et des solidarit\u00e9s du Var - 83-2024-06-17-00003 - D\u00e9cision portant affectation des\nagents de cont\u00f4le des services de l'inspection du Travail et gestion des int\u00e9rims et suppl\u00e9ances de l'unit\u00e9 d\u00e9partementale du var 35\nsection 83-01-06 ou en cas d'absence ou d'emp\u00eachement de ce dernier par l'inspecteur du travail de la  \nsection 83-01-07 ou en cas d'absence ou d'emp\u00eachement de  ce dernier par l'inspecteur du travail de la \nsection 83-01-08\n\uf0b7L'int\u00e9rim de l'inspecteur du travail de la section 83-02-02 est assur\u00e9 par l'inspecteur du travail de la\nsection 83-02-03 ou en cas d'absence ou d'emp\u00eachement de ce dernier par l'inspecteur du travail de la  \nsection 83-02-04 ou en cas d'absence ou d'emp\u00eachement de ce dernier par l'inspecteur du travail de la  \nsection 83-02-05 ou en cas d'absence ou d'emp\u00eachement de ce dernier par l'inspecteur du travail de la  \nsection 83-02-06 ou en cas d'absence ou d'emp\u00eachement de ce dernier par l'inspecteur du travail de la  \nsection 83-02-08 ou en cas d'absence ou d'emp\u00eachement de ce dernier par l'inspecteur du travail de la  \nsection 83-02-01 ou en cas d'absence ou d'emp\u00eachement de ce dernier par l'inspecteur du travail de la  \nsection 83-03-01 ou en cas d'absence ou d'emp\u00eachement de ce dernier par l'inspecteur du travail de la  \nsection 83-03-02 ou en cas d'absence ou d'emp\u00eachement de ce dernier par l'inspecteur du travail de la  \nsection 83-03-04 ou en cas d'absence ou d'emp\u00eachement de ce dernier par l'inspecteur du travail de la  \nsection 83-03-06 ou en cas d'absence ou d'emp\u00eachement de ce dernier par l'inspecteur du travail de la  \nsection 83-03-08 ou en cas d'absence ou d'emp\u00eachement de ce dernier par l'inspecteur du travail de la  \nsection 83-03-09 ou en cas d'absence ou d'emp\u00eachement de ce dernier par l'inspecteur du travail de la  \nsection 83-01-03 ou en cas d'absence ou d'emp\u00eachement de ce dernier par l'inspecteur du travail de la  \nsection 83-01-05 ou en cas d'absence ou d'emp\u00eachement de ce dernier par l'inspecteur du travail de la  \nsection 83-01-06 ou en cas d'absence ou d'emp\u00eachement de ce dernier par l'inspecteur du travail de la  \nsection 83-01-07 ou en cas d'absence ou d'emp\u00eachement de ce dernier par l'inspecteur du travail de la  \nsection 83-01-08\n\uf0b7L'int\u00e9rim de l'inspecteur du travail de la section 83-02-03 est assur\u00e9 par l'inspecteur du travail de la\nsection 83-02-04 ou en cas d'absence ou d'emp\u00eachement de ce dernier par l'inspecteur du travail de la  \nsection 83-02-05 ou en cas d'absence ou d'emp\u00eachement de ce dernier par l'inspecteur du travail de la  \nsection 83-02-06 ou en cas d'absence ou d'emp\u00eachement de ce dernier par l'inspecteur du travail de la  \nsection 83-02-08 ou en cas d'absence ou d'emp\u00eachement de ce dernier par l'inspecteur du travail de la  \nsection 83-02-01 ou en cas d'absence ou d'emp\u00eachement de ce dernier par l'inspecteur du travail de la  \nsection 83-02-02 ou en cas d'absence ou d'emp\u00eachement de ce dernier par l'inspecteur du travail de la  \nsection 83-03-01 ou en cas d'absence ou d'emp\u00eachement de ce dernier par l'inspecteur du travail de la  \nsection 83-03-02 ou en cas d'absence ou d'emp\u00eachement de ce dernier par l'inspecteur du travail de la  \nsection 83-03-04 ou en cas d'absence ou d'emp\u00eachement de ce dernier par l'inspecteur du travail de la  \nsection 83-03-06 ou en cas d'absence ou d'emp\u00eachement de ce dernier par l'inspecteur du travail de la  \nsection 83-03-08 ou en cas d'absence ou d'emp\u00eachement de ce dernier par l'inspecteur du travail de la  \nsection 83-03-09 ou en cas d'absence ou d'emp\u00eachement de ce dernier par l'inspecteur du travail de la  \nsection 83-01-03 ou en cas d'absence ou d'emp\u00eachement de ce dernier par l'inspecteur du travail de la  \nsection 83-01-05 ou en cas d'absence ou d'emp\u00eachement de ce dernier par l'inspecteur du travail de la  \nsection 83-01-06 ou en cas d'absence ou d'emp\u00eachement de ce dernier par l'inspecteur du travail de la  \nsection 83-01-07 ou en cas d'absence ou d'emp\u00eachement de ce dernier par l'inspecteur du travail de la  \nsection 83-01-08\n\uf0b7L'int\u00e9rim de l'inspecteur du travail de la section 83-02-04 est assur\u00e9 par l'inspecteur du travail de la\nsection 83-02-05 ou en cas d'absence ou d'emp\u00eachement de ce dernier par l'inspecteur du travail de la  \nsection 83-02-06 ou en cas d'absence ou d'emp\u00eachement de ce dernier par l'inspecteur du travail de la  \nsection 83-02-08 ou en cas d'absence ou d'emp\u00eachement de ce dernier par l'inspecteur du travail de la  \nsection 83-02-01 ou en cas d'absence ou d'emp\u00eachement de ce dernier par l'inspecteur du travail de la  \nsection 83-02-02 ou en cas d'absence ou d'emp\u00eachement de ce dernier par l'inspecteur du travail de la  \nsection 83-02-03 ou en cas d'absence ou d'emp\u00eachement de ce dernier par l'inspecteur du travail de la  \nsection 83-03-01 ou en cas d'absence ou d'emp\u00eachement de ce dernier par l'inspecteur du travail de la  \nsection 83-03-02 ou en cas d'absence ou d'emp\u00eachement de ce dernier par l'inspecteur du travail de la  \nsection 83-03-04 ou en cas d'absence ou d'emp\u00eachement de ce dernier par l'inspecteur du travail de la  \nsection 83-03-06 ou en cas d'absence ou d'emp\u00eachement de ce dernier par l'inspecteur du travail de la  \nsection 83-03-08 ou en cas d'absence ou d'emp\u00eachement de ce dernier par l'inspecteur du travail de la  \nsection 83-03-09 ou en cas d'absence ou d'emp\u00eachement de ce dernier par l'inspecteur du travail de la  \nsection 83-01-03 ou en cas d'absence ou d'emp\u00eachement de ce dernier par l'inspecteur du travail de la  \nsection 83-01-05 ou en cas d'absence ou d'emp\u00eachement de ce dernier par l'inspecteur du travail de la  \nsection 83-01-06 ou en cas d'absence ou d'emp\u00eachement de ce dernier par l'inspecteur du travail de la  \nsection 83-01-07 ou en cas d'absence ou d'emp\u00eachement de ce dernier par l'inspecteur du travail de la  \nsection 83-01-08\n\uf0b7L'int\u00e9rim de l'inspecteur du travail de la section 83-02-05  est assur\u00e9 par l'inspecteur du travail de la\nsection 83-02-06 ou en cas d'absence ou d'emp\u00eachement de ce dernier par l'inspecteur du travail de la \nsection 83-02-08 ou en cas d'absence ou d'emp\u00eachement de ce dernier par l'inspecteur du travail de la \nsection 83-02-01 ou en cas d'absence ou d'emp\u00eachement de ce dernier par l'inspecteur du travail de la Direction d\u00e9partementale de l'emploi, du travail et des solidarit\u00e9s du Var - 83-2024-06-17-00003 - D\u00e9cision portant affectation des\nagents de cont\u00f4le des services de l'inspection du Travail et gestion des int\u00e9rims et suppl\u00e9ances de l'unit\u00e9 d\u00e9partementale du var 36\nsection 83-02-02 ou en cas d'absence ou d'emp\u00eachement de ce dernier par l'inspecteur du travail de la \nsection 83-02-03 ou en cas d'absence ou d'emp\u00eachement de ce dernier par l'inspecteur du travail de la \nsection 83-02-04 ou en cas d'absence ou d'emp\u00eachement de ce dernier par l'inspecteur du travail de la  \nsection 83-03-01 ou en cas d'absence ou d'emp\u00eachement de ce dernier par l'inspecteur du travail de la  \nsection 83-03-02 ou en cas d'absence ou d'emp\u00eachement de ce dernier par l'inspecteur du travail de la  \nsection 83-03-04 ou en cas d'absence ou d'emp\u00eachement de ce dernier par l'inspecteur du travail de la  \nsection 83-03-06 ou en cas d'absence ou d'emp\u00eachement de ce dernier par l'inspecteur du travail de la  \nsection 83-03-08 ou en cas d'absence ou d'emp\u00eachement de ce dernier par l'inspecteur du travail de la  \nsection 83-03-09 ou en cas d'absence ou d'emp\u00eachement de ce dernier par l'inspecteur du travail de la  \nsection 83-01-03 ou en cas d'absence ou d'emp\u00eachement de ce dernier par l'inspecteur du travail de la  \nsection 83-01-05 ou en cas d'absence ou d'emp\u00eachement de ce dernier par l'inspecteur du travail de la  \nsection 83-01-06 ou en cas d'absence ou d'emp\u00eachement de ce dernier par l'inspecteur du travail de la  \nsection 83-01-07 ou en cas d'absence ou d'emp\u00eachement de ce dernier par l'inspecteur du travail de la  \nsection 83-01-08\n\uf0b7L'int\u00e9rim de l'inspecteur du travail de la section 83-02-06 est assur\u00e9 par l'inspecteur du travail de la\nsection 83-02-08 ou en cas d'absence ou d'emp\u00eachement de ce dernier par l'inspecteur du travail de la  \nsection 83-02-01 ou en cas d'absence ou d'emp\u00eachement de ce dernier par l'inspecteur du travail de la  \nsection 83-02-02 ou en cas d'absence ou d'emp\u00eachement de ce dernier par l'inspecteur du travail de la  \nsection 83-02-03 ou en cas d'absence ou d'emp\u00eachement de ce dernier par l'inspecteur du travail de la  \nsection 83-02-04 ou en cas d'absence ou d'emp\u00eachement de ce dernier par l'inspecteur du travail de la  \nsection 83-02-05 ou en cas d'absence ou d'emp\u00eachement de ce dernier par l'inspecteur du travail de la  \nsection 83-03-01 ou en cas d'absence ou d'emp\u00eachement de ce dernier par l'inspecteur du travail de la  \nsection 83-03-02 ou en cas d'absence ou d'emp\u00eachement de ce dernier par l'inspecteur du travail de la  \nsection 83-03-04 ou en cas d'absence ou d'emp\u00eachement de ce dernier par l'inspecteur du travail de la  \nsection 83-03-06 ou en cas d'absence ou d'emp\u00eachement de ce dernier par l'inspecteur du travail de la  \nsection 83-03-08 ou en cas d'absence ou d'emp\u00eachement de ce dernier par l'inspecteur du travail de la  \nsection 83-03-09 ou en cas d'absence ou d'emp\u00eachement de ce dernier par l'inspecteur du travail de la  \nsection 83-01-03 ou en cas d'absence ou d'emp\u00eachement de ce dernier par l'inspecteur du travail de la  \nsection 83-01-05 ou en cas d'absence ou d'emp\u00eachement de ce dernier par l'inspecteur du travail de la  \nsection 83-01-06 ou en cas d'absence ou d'emp\u00eachement de ce dernier par l'inspecteur du travail de la  \nsection 83-01-07 ou en cas d'absence ou d'emp\u00eachement de ce dernier par l'inspecteur du travail de la  \nsection 83-01-08\n\uf0b7L'int\u00e9rim de l'inspecteur du travail de la section 83-02-08 est assur\u00e9 par l'inspecteur du travail de la\nsection 83-02-01 ou en cas d'absence ou d'emp\u00eachement de ce dernier par l'inspecteur du travail de la  \nsection 83-02-02 ou en cas d'absence ou d'emp\u00eachement de ce dernier par l'inspecteur du travail de la  \nsection 83-02-03 ou en cas d'absence ou d'emp\u00eachement de ce dernier par l'inspecteur du travail de la  \nsection 83-02-04 ou en cas d'absence ou d'emp\u00eachement de ce dernier par l'inspecteur du travail de la  \nsection 83-02-05 ou en cas d'absence ou d'emp\u00eachement de ce dernier par l'inspecteur du travail de la  \nsection 83-02-06 ou en cas d'absence ou d'emp\u00eachement de ce dernier par l'inspecteur du travail de la  \nsection 83-03-01 ou en cas d'absence ou d'emp\u00eachement de ce dernier par l'inspecteur du travail de la  \nsection 83-03-02 ou en cas d'absence ou d'emp\u00eachement de ce dernier par l'inspecteur du travail de la  \nsection 83-03-04 ou en cas d'absence ou d'emp\u00eachement de ce dernier par l'inspecteur du travail de la  \nsection 83-03-06 ou en cas d'absence ou d'emp\u00eachement de ce dernier par l'inspecteur du travail de la  \nsection 83-03-08 ou en cas d'absence ou d'emp\u00eachement de ce dernier par l'inspecteur du travail de la  \nsection 83-03-09 ou en cas d'absence ou d'emp\u00eachement de ce dernier par l'inspecteur du travail de la  \nsection 83-01-03 ou en cas d'absence ou d'emp\u00eachement de ce dernier par l'inspecteur du travail de la  \nsection 83-01-05 ou en cas d'absence ou d'emp\u00eachement de ce dernier par l'inspecteur du travail de la  \nsection 83-01-06 ou en cas d'absence ou d'emp\u00eachement de ce dernier par l'inspecteur du travail de la  \nsection 83-01-07 ou en cas d'absence ou d'emp\u00eachement de ce dernier par l'inspecteur du travail de la  \nsection 83-01-08\nAu sein de l'unit\u00e9 de contr\u00f4le \"UC3 - Var Est\" :\n\uf0b7L'int\u00e9rim du responsable de l'unit\u00e9 de contr\u00f4le est assur\u00e9 par l'un des responsables des unit\u00e9s de \ncontr\u00f4le \"UC1 - Var Ouest\" ou \"UC2 - Var Centre\"\n\uf0b7L'int\u00e9rim de l'inspecteur du travail de la section 83-03-01 est assur\u00e9 par l'inspecteur du travail de la  \nsection 83-03-02 ou en cas d'absence ou d'emp\u00eachement de ce dernier par l'inspecteur du travail de la  \nsection 83-03-04 ou en cas d'absence ou d'emp\u00eachement de ce dernier par l'inspecteur du travail de la  \nsection 83-03-06 ou en cas d'absence ou d'emp\u00eachement de ce dernier par l'inspecteur du travail de la  \nsection 83-03-08 ou en cas d'absence ou d'emp\u00eachement de ce dernier par l'inspecteur du travail de la  \nsection 83-03-09 ou en cas d'absence ou d'emp\u00eachement de ce dernier par l'inspecteur du travail de la  \nsection 83-01-03 ou en cas d'absence ou d'emp\u00eachement de ce dernier par l'inspecteur du travail de la  Direction d\u00e9partementale de l'emploi, du travail et des solidarit\u00e9s du Var - 83-2024-06-17-00003 - D\u00e9cision portant affectation des\nagents de cont\u00f4le des services de l'inspection du Travail et gestion des int\u00e9rims et suppl\u00e9ances de l'unit\u00e9 d\u00e9partementale du var 37\nsection 83-01-05 ou en cas d'absence ou d'emp\u00eachement de ce dernier par l'inspecteur du travail de la  \nsection 83-01-06 ou en cas d'absence ou d'emp\u00eachement de ce dernier par l'inspecteur du travail de la  \nsection 83-01-07 ou en cas d'absence ou d'emp\u00eachement de ce dernier par l'inspecteur du travail de la  \nsection 83-01-08 ou en cas d'absence ou d'emp\u00eachement de ce dernier par l'inspecteur du travail de la  \nsection 83-02-01 ou en cas d'absence ou d'emp\u00eachement de ce dernier par l'inspecteur du travail de la  \nsection 83-02-02 ou en cas d'absence ou d'emp\u00eachement de ce dernier par l'inspecteur du travail de la  \nsection 83-02-03 ou en cas d'absence ou d'emp\u00eachement de ce dernier par l'inspecteur du travail de la  \nsection 83-02-04 ou en cas d'absence ou d'emp\u00eachement de ce dernier par l'inspecteur du travail de la  \nsection 83-02-05 ou en cas d'absence ou d'emp\u00eachement de ce dernier par l'inspecteur du travail de la  \nsection 83-02-06 ou en cas d'absence ou d'emp\u00eachement de ce dernier par l'inspecteur du travail de la  \nsection 83-02-08\n\uf0b7L'int\u00e9rim de l'inspecteur du travail de la section 83-03-02 est assur\u00e9 par l'inspecteur du travail de la\nsection 83-03-04 ou en cas d'absence ou d'emp\u00eachement de ce dernier par l'inspecteur du travail de la  \nsection 83-03-06 ou en cas d'absence ou d'emp\u00eachement de ce dernier par l'inspecteur du travail de la  \nsection 83-03-08 ou en cas d'absence ou d'emp\u00eachement de ce dernier par l'inspecteur du travail de la  \nsection 83-03-09 ou en cas d'absence ou d'emp\u00eachement de ce dernier par l'inspecteur du travail de la  \nsection 83-03-01 ou en cas d'absence ou d'emp\u00eachement de ce dernier par l'inspecteur du travail de la  \nsection 83-01-03 ou en cas d'absence ou d'emp\u00eachement de ce dernier par l'inspecteur du travail de la  \nsection 83-01-05 ou en cas d'absence ou d'emp\u00eachement de ce dernier par l'inspecteur du travail de la  \nsection 83-01-06 ou en cas d'absence ou d'emp\u00eachement de ce dernier par l'inspecteur du travail de la  \nsection 83-01-07 ou en cas d'absence ou d'emp\u00eachement de ce dernier par l'inspecteur du travail de la  \nsection 83-01-08 ou en cas d'absence ou d'emp\u00eachement de ce dernier par l'inspecteur du travail de la  \nsection 83-02-01 ou en cas d'absence ou d'emp\u00eachement de ce dernier par l'inspecteur du travail de la  \nsection 83-02-02 ou en cas d'absence ou d'emp\u00eachement de ce dernier par l'inspecteur du travail de la  \nsection 83-02-03 ou en cas d'absence ou d'emp\u00eachement de ce dernier par l'inspecteur du travail de la  \nsection 83-02-04 ou en cas d'absence ou d'emp\u00eachement de ce dernier par l'inspecteur du travail de la  \nsection 83-02-05 ou en cas d'absence ou d'emp\u00eachement de ce dernier par l'inspecteur du travail de la  \nsection 83-02-06 ou en cas d'absence ou d'emp\u00eachement de ce dernier par l'inspecteur du travail de la  \nsection 83-02-08 ou en cas d'absence ou d'emp\u00eachement de  ce dernier par l'inspecteur du travail de la\n\uf0b7L'int\u00e9rim de l'inspecteur du travail de la section 83-03-04 est assur\u00e9 par l'inspecteur du travail de la\nsection 83-03-06 ou en cas d'absence ou d'emp\u00eachement de ce dernier par l'inspecteur du travail de la  \nsection 83-03-08 ou en cas d'absence ou d'emp\u00eachement de ce dernier par l'inspecteur du travail de la  \nsection 83-03-09 ou en cas d'absence ou d'emp\u00eachement de ce dernier par l'inspecteur du travail de la  \nsection 83-03-01 ou en cas d'absence ou d'emp\u00eachement de ce dernier par l'inspecteur du travail de la  \nsection 83-03-02 ou en cas d'absence ou d'emp\u00eachement de ce dernier par l'inspecteur du travail de la  \nsection 83-01-03 ou en cas d'absence ou d'emp\u00eachement de ce dernier par l'inspecteur du travail de la  \nsection 83-01-05 ou en cas d'absence ou d'emp\u00eachement de ce dernier par l'inspecteur du travail de la  \nsection 83-01-06 ou en cas d'absence ou d'emp\u00eachement de ce dernier par l'inspecteur du travail de la  \nsection 83-01-07 ou en cas d'absence ou d'emp\u00eachement de ce dernier par l'inspecteur du travail de la  \nsection 83-01-08 ou en cas d'absence ou d'emp\u00eachement de ce dernier par l'inspecteur du travail de la  \nsection 83-02-01 ou en cas d'absence ou d'emp\u00eachement de ce dernier par l'inspecteur du travail de la  \nsection 83-02-02 ou en cas d'absence ou d'emp\u00eachement de ce dernier par l'inspecteur du travail de la  \nsection 83-02-03 ou en cas d'absence ou d'emp\u00eachement de ce dernier par l'inspecteur du travail de la  \nsection 83-02-04 ou en cas d'absence ou d'emp\u00eachement de ce dernier par l'inspecteur du travail de la  \nsection 83-02-05 ou en cas d'absence ou d'emp\u00eachement de ce dernier par l'inspecteur du travail de la  \nsection 83-02-06 ou en cas d'absence ou d'emp\u00eachement de ce dernier par l'inspecteur du travail de la  \nsection 83-02-08\n\uf0b7L'int\u00e9rim de l'inspecteur du travail de la section 83-03-06 est assur\u00e9 par l'inspecteur du travail de la\nsection 83-03-08 ou en cas d'absence ou d'emp\u00eachement de ce dernier par l'inspecteur du travail de la  \nsection 83-03-09 ou en cas d'absence ou d'emp\u00eachement de ce dernier par l'inspecteur du travail de la  \nsection 83-03-01 ou en cas d'absence ou d'emp\u00eachement de  ce dernier par l'inspecteur du travail de la \nsection 83-03-02 ou en cas d'absence ou d'emp\u00eachement de ce dernier par l'inspecteur du travail de la  \nsection 83-03-04 ou en cas d'absence ou d'emp\u00eachement de ce dernier par l'inspecteur du travail de la  \nsection 83-01-03 ou en cas d'absence ou d'emp\u00eachement de ce dernier par l'inspecteur du travail de la  \nsection 83-01-05 ou en cas d'absence ou d'emp\u00eachement de ce dernier par l'inspecteur du travail de la  \nsection 83-01-06 ou en cas d'absence ou d'emp\u00eachement de ce dernier par l'inspecteur du travail de la  \nsection 83-01-07 ou en cas d'absence ou d'emp\u00eachement de ce dernier par l'inspecteur du travail de la  \nsection 83-01-08 ou en cas d'absence ou d'emp\u00eachement de ce dernier par l'inspecteur du travail de la  \nsection 83-02-01 ou en cas d'absence ou d'emp\u00eachement de ce dernier par l'inspecteur du travail de la  \nsection 83-02-02 ou en cas d'absence ou d'emp\u00eachement de ce dernier par l'inspecteur du travail de la  \nsection 83-02-03 ou en cas d'absence ou d'emp\u00eachement de ce dernier par l'inspecteur du travail de la  \nsection 83-02-04 ou en cas d'absence ou d'emp\u00eachement de ce dernier par l'inspecteur du travail de la  \nsection 83-02-05 ou en cas d'absence ou d'emp\u00eachement de ce dernier par l'inspecteur du travail de la  Direction d\u00e9partementale de l'emploi, du travail et des solidarit\u00e9s du Var - 83-2024-06-17-00003 - D\u00e9cision portant affectation des\nagents de cont\u00f4le des services de l'inspection du Travail et gestion des int\u00e9rims et suppl\u00e9ances de l'unit\u00e9 d\u00e9partementale du var 38\nsection 83-02-06 ou en cas d'absence ou d'emp\u00eachement de ce dernier par l'inspecteur du travail de la  \nsection 83-02-08\n\uf0b7L'int\u00e9rim de l'inspecteur du travail de la section 83-03-08 est assur\u00e9 par l'inspecteur du travail de la\nsection 83-03-09 ou en cas d'absence ou d'emp\u00eachement de ce dernier par l'inspecteur du travail de la  \nsection 83-03-01 ou en cas d'absence ou d'emp\u00eachement de ce dernier par l'inspecteur du travail de la  \nsection 83-03-02 ou en cas d'absence ou d'emp\u00eachement de ce dernier par l'inspecteur du travail de la  \nsection 83-03-04 ou en cas d'absence ou d'emp\u00eachement de ce dernier par l'inspecteur du travail de la  \nsection 83-03-06 ou en cas d'absence ou d'emp\u00eachement de ce dernier par l'inspecteur du travail de la  \nsection 83-01-03 ou en cas d'absence ou d'emp\u00eachement de ce dernier par l'inspecteur du travail de la  \nsection 83-01-05 ou en cas d'absence ou d'emp\u00eachement de ce dernier par l'inspecteur du travail de la  \nsection 83-01-06 ou en cas d'absence ou d'emp\u00eachement de ce dernier par l'inspecteur du travail de la  \nsection 83-01-07 ou en cas d'absence ou d'emp\u00eachement de ce dernier par l'inspecteur du travail de la  \nsection 83-01-08 ou en cas d'absence ou d'emp\u00eachement de ce dernier par l'inspecteur du travail de la  \nsection 83-02-01 ou en cas d'absence ou d'emp\u00eachement de ce dernier par l'inspecteur du travail de la  \nsection 83-02-02 ou en cas d'absence ou d'emp\u00eachement de ce dernier par l'inspecteur du travail de la  \nsection 83-02-03 ou en cas d'absence ou d'emp\u00eachement de ce dernier par l'inspecteur du travail de la  \nsection 83-02-04 ou en cas d'absence ou d'emp\u00eachement de ce dernier par l'inspecteur du travail de la  \nsection 83-02-05 ou en cas d'absence ou d'emp\u00eachement de ce dernier par l'inspecteur du travail de la  \nsection 83-02-06 ou en cas d'absence ou d'emp\u00eachement de ce dernier par l'inspecteur du travail de la  \nsection 83-02-08\n\uf0b7L'int\u00e9rim de l'inspecteur du travail de la section 83-03-09 est assur\u00e9 par l'inspecteur du travail de la\nsection 83-03-01 ou en cas d'absence ou d'emp\u00eachement de ce dernier par l'inspecteur du travail de la  \nsection 83-03-02 ou en cas d'absence ou d'emp\u00eachement de ce dernier par l'inspecteur du travail de la  \nsection 83-03-04 ou en cas d'absence ou d'emp\u00eachement de ce dernier par l'inspecteur du travail de la  \nsection 83-03-06 ou en cas d'absence ou d'emp\u00eachement de ce dernier par l'inspecteur du travail de la  \nsection 83-03-08 ou en cas d'absence ou d'emp\u00eachement de ce dernier par l'inspecteur du travail de la  \nsection 83-01-03 ou en cas d'absence ou d'emp\u00eachement de ce dernier par l'inspecteur du travail de la  \nsection 83-01-05 ou en cas d'absence ou d'emp\u00eachement de ce dernier par l'inspecteur du travail de la  \nsection 83-01-06 ou en cas d'absence ou d'emp\u00eachement de ce dernier par l'inspecteur du travail de la  \nsection 83-01-07 ou en cas d'absence ou d'emp\u00eachement de ce dernier par l'inspecteur du travail de la  \nsection 83-01-08 ou en cas d'absence ou d'emp\u00eachement de ce dernier par l'inspecteur du travail de la  \nsection 83-02-01 ou en cas d'absence ou d'emp\u00eachement de ce dernier par l'inspecteur du travail de la  \nsection 83-02-02 ou en cas d'absence ou d'emp\u00eachement de ce dernier par l'inspecteur du travail de la  \nsection 83-02-03 ou en cas d'absence ou d'emp\u00eachement de ce dernier par l'inspecteur du travail de la  \nsection 83-02-04 ou en cas d'absence ou d'emp\u00eachement de ce dernier par l'inspecteur du travail de la  \nsection 83-02-05 ou en cas d'absence ou d'emp\u00eachement de ce dernier par l'inspecteur du travail de la  \nsection 83-02-06 ou en cas d'absence ou d'emp\u00eachement de ce dernier par l'inspecteur du travail de la  \nsection 83-02-08\nArticle 4: Les agents du corps de l'inspection du travail  sont charg\u00e9s de l'int\u00e9rim des postes soit non pourvus,\nsoit vacants en raison de l'absence de longue dur\u00e9e de leur titulaire, tel que d\u00e9fini dans le tableau des affectations,\nd'int\u00e9rims et de suppl\u00e9ances des sections, r\u00e9f\u00e9renc\u00e9s dans la colonne B de l'annexe en vigueur.\nArticle 5 : Conform\u00e9ment aux dispositions de l'article R.8122-11-1\u00b0 du code du travail, les pouvoirs de d\u00e9cision\nadministrative relevant de la comp\u00e9tence exclusive d'un inspecteur du travail sont confi\u00e9s aux inspecteurs du\ntravail mentionn\u00e9s tel que d\u00e9fini dans le tableau des affectations, d'int\u00e9rims et de suppl\u00e9ances des sections,\nr\u00e9f\u00e9renc\u00e9s dans la colonne C de l'annexe en vigueur.\nArticle 6 : Conform\u00e9ment aux dispositions de l'article R.8122-11-2\u00b0 du code du travail, le contr\u00f4le de tout ou  partie des\n\u00e9tablissements d'au moins cinquante salari\u00e9s qui ne serait pas assur\u00e9 par les contr\u00f4leurs du travail est  confi\u00e9 aux \ninspecteurs du travail tel que d\u00e9fini dans le tableau des affectations, d'int\u00e9rims et de suppl\u00e9ances des  sections, r\u00e9f\u00e9renc\u00e9s\ndans la colonne D de l'annexe en vigueur.\nArticle 7 : La pr\u00e9sente d\u00e9cision abroge et remplace, \u00e0 compter de sa date de publication au recueil des Actes\nAdministratifs, toutes les d\u00e9cisions prises pr\u00e9c\u00e9demment dans ce domaine. Direction d\u00e9partementale de l'emploi, du travail et des solidarit\u00e9s du Var - 83-2024-06-17-00003 - D\u00e9cision portant affectation des\nagents de cont\u00f4le des services de l'inspection du Travail et gestion des int\u00e9rims et suppl\u00e9ances de l'unit\u00e9 d\u00e9partementale du var 39\nArticle 8 : Le Directeur r\u00e9gional de l'\u00e9conomie, de l'emploi, du travail et des solidarit\u00e9s de la r\u00e9gion Provence\nAlpes C\u00f4te d'Azur et le directeur d\u00e9partemental de l'emploi, du travail et des solidarit\u00e9s du Var sont charg\u00e9s de\nl'application de la pr\u00e9sente d\u00e9cision qui sera publi\u00e9e au recueil des actes administratifs de la pr\u00e9fecture du Var.\nAnnexe : Tableau affectations int\u00e9rims suppl\u00e9ances des sections d'inspection du travail du Var.\nFait \u00e0 MARSEILLE, le 17 JUIN 2024\nPo/Le directeur r\u00e9gional de l'\u00e9conomie, de l'emploi, du travail \net des solidarit\u00e9s de la r\u00e9gion Provence-Alpes-C\u00f4te d'Azur\nFabienne FOURNIER-BERAUD\nDirectrice r\u00e9gionale adjointe,\nResponsable du p\u00f4le Entreprises, Emploi, Comp\u00e9tencesDirection d\u00e9partementale de l'emploi, du travail et des solidarit\u00e9s du Var - 83-2024-06-17-00003 - D\u00e9cision portant affectation des\nagents de cont\u00f4le des services de l'inspection du Travail et gestion des int\u00e9rims et suppl\u00e9ances de l'unit\u00e9 d\u00e9partementale du var 40\nAnnexe\nTableau des affectations des agents de contr\u00f4les dans les Unit\u00e9s de\nContr\u00f4le des services d'inspection du travail de la DDETS du Var\nGestion des int\u00e9rims et des suppl\u00e9ances\nSuppl\u00e9ance des sections CT par des IT\nColonne A Colonne B Colonne CColonne D\nUC 1\nVarOuestSectionNOM Pr\u00e9nomGradeUC/Section Int\u00e9rim > 1 moisD\u00e9cisions administrativesEts de+ de 50 salari\u00e9s\nRUCGRIMA Virginie\n83-01-01RAMI Sonia CT FILIPPI Tom\n83-01-02Section vacante RAMI Sonia    MUTEL Sylvie\n83-01-03KABACHE RiadIT\n83-01-04Section vacante BOURELLY Florence   MAUCOURT Malika\n83-01-05JORDA LaurieIT\n83-01-06TORRENTE GillesIT\n83-01-07MUTEL SylvieIT\n83-01-08PLANTEGENEST CatherineIT\n83-01-09BOURELLY FlorenceCT DARCISSAC Fabian\nUC 2\nVar\nCentreSectionNOM Pr\u00e9nomGradeUC/Section \nInt\u00e9rim > 1 \nmoisD\u00e9cisions \nadministrativesEts de\n+ de 50 salari\u00e9s\nRUCSAUVIAT B\u00e9atrice\n83-02-01FILIPPI TomIT\n83-02-02SOULE RoselyneIT \n83-02-03GABERT In\u00e8sIT\n83-02-04MAUCOURT MalikaIT\n83-02-05DE FARIA VivienIT\n83-02-06MOREL J\u00e9r\u00e9myIT\n83-02-07Section vacante DE FARIA Vivien\n83-02-08TENDIL NathalieIT\nUC 3\nVarEstSectionNOM Pr\u00e9nomGradeUC/Section Int\u00e9rim > 1 moisD\u00e9cisions administrativesEts de+ de 50 salari\u00e9s\nRUCAMIC J\u00e9r\u00e9my\n83-03-01DAADOUN Yves-LaurentIT\n83-03-02FRANCOIS AsmaaIT\n83-03-03Section vacante DEMELLIER Isabelle\n83-03-04DARCISSAC FabianIT\n83-03-05Section vacante SAVELLI DAVID\n83-03-06DEMELLIER IsabelleIT\n83-03-07Section vacante DAADOUN Yves-Laurent\n83-03-08BESSET GuillaumeIT\n83-03-09SAVELLI DavidITDirection d\u00e9partementale de l'emploi, du travail et des solidarit\u00e9s du Var - 83-2024-06-17-00003 - D\u00e9cision portant affectation des\nagents de cont\u00f4le des services de l'inspection du Travail et gestion des int\u00e9rims et suppl\u00e9ances de l'unit\u00e9 d\u00e9partementale du var 41\nDirection d\u00e9partementale des territoires et de la\nmer du Var\n83-2024-06-13-00008\nARR\u00caT\u00c9 PR\u00c9FECTORAL n\u00b0 DDTM/SAF/2024- 02 du\n13 juin 2024 portant modification \u00e0 l\u25a1arr\u00eat\u00e9\npr\u00e9fectoral DDTM/SAF/2024-01 du 08 avril 2024\nportant autorisation de p\u00e2turage en for\u00eat\nincendi\u00e9e de M. Gilles MISTRAL, entre la coupure\ndes Plaines et la RD48, sur la commune de La\nGarde-Freinet\nDirection d\u00e9partementale des territoires et de la mer du Var - 83-2024-06-13-00008 - ARR\u00caT\u00c9 PR\u00c9FECTORAL n\u00b0 DDTM/SAF/2024- 02 du\n13 juin 2024 portant modification \u00e0 l\u25a1arr\u00eat\u00e9 pr\u00e9fectoral DDTM/SAF/2024-01 du 08 avril 2024 portant autorisation de p\u00e2turage en for\u00eat\nincendi\u00e9e de M. Gilles MISTRAL, entre la coupure des Plaines et la RD48, sur la commune de La Garde-Freinet42\nDirection d\u00e9partementale\ndes territoires et de la mer du Var\nARR\u00caT\u00c9 PR\u00c9FECTORAL n\u00b0 DDTM /SAF/2024- 02  du 13 juin 2024\nportant modification \u00e0 l'arr\u00eat\u00e9 pr\u00e9fectoral DDTM/SAF/2024-01 du 08 avril 2024 portant\nautorisation de p\u00e2turage en for\u00eat incendi\u00e9e de M. Gilles MISTRAL, entre la coupure des\nPlaines et la RD48, sur la commune de La Garde-Freinet\nLe pr\u00e9fet du Var,\nVu l'article L. 131-4 du Code forestier ;\nVu le d\u00e9cret n\u00b02004-374 du 29 avril 2004 relatif aux pouvoirs des pr\u00e9fets, \u00e0 l'organisation et \u00e0\nl'action des services de l'\u00c9tat dans les r\u00e9gions et les d\u00e9partements  ; \nVu l'arr\u00eat\u00e9  du  4  mars  2022  portant  nomination  de  M.  Laurent  BOULET,  directeur\nd\u00e9partemental des territoires et de la mer du Var  ;\nVu l'arr\u00eat\u00e9 pr\u00e9fectoral n\u00b02023/63/MCI du 21 ao\u00fbt 2023 portant d\u00e9l\u00e9gation de signature \u00e0 M.\nLaurent BOULET, directeur d\u00e9partemental des territoires et de la mer du Var  ;\nConsid\u00e9rant la demande de M. Gilles MISTRAL, sollicitant l'autorisation de faire p\u00e2turer son\ntroupeau d'ovins entre l'ouvrage \u00ab  coupure de combustible  \u00bb Les Plaines et la RD48, sur la\ncommune de La Garde-Freinet  ;\nConsid\u00e9rant la  demande  de  d\u00e9rogation  port\u00e9e  par  le  centre  d'\u00e9tudes  et  de  r\u00e9alisations\npastorales Alpes-M\u00e9diterran\u00e9e (CERPAM) en date du 15 mars 2024 ;\nConsid\u00e9rant l'avis favorable n\u00b0 AG-2024-42 du 19 mars 2024 de la R\u00e9serve naturelle nationale\nde la plaine des Maures (RNNPM) ; \nConsid\u00e9rant qu'au regard des attaques r\u00e9centes et importantes de loup sur les communes\nvoisines M.Gilles MISTRAL a d\u00e9cid\u00e9 de rajouter 2 chiens de surveillance pour prot\u00e9ger son\ntroupeau ;\nSur proposition du directeur d\u00e9partemental des territoires et de la mer du Var,\nARR\u00caTE \nArticle 1  er     :     \nL'article 1er de l'arr\u00eat\u00e9 pr\u00e9fectoral DDTM/SAF/2024-01 du 08 avril 2024 portant autorisation de\np\u00e2turage en for\u00eat incendi\u00e9e de M. Gilles MISTRAL, entre la coupure des Plaines et la RD48, sur\nla commune de La Garde-Freinet est corrig\u00e9 et compl\u00e9t\u00e9 ainsi  :\n1/2\nDirection d\u00e9partementale des territoires et de la mer du Var - 83-2024-06-13-00008 - ARR\u00caT\u00c9 PR\u00c9FECTORAL n\u00b0 DDTM/SAF/2024- 02 du\n13 juin 2024 portant modification \u00e0 l\u25a1arr\u00eat\u00e9 pr\u00e9fectoral DDTM/SAF/2024-01 du 08 avril 2024 portant autorisation de p\u00e2turage en for\u00eat\nincendi\u00e9e de M. Gilles MISTRAL, entre la coupure des Plaines et la RD48, sur la commune de La Garde-Freinet43\n\u2013 Les chiens de conduite  et de surveillance  du troupeau devront rester sous la ma\u00eetrise du\nberger et ne devront en aucun cas attraper, d\u00e9placer ni consommer des individus de la faune\nsauvage (tortues d'Hermann...).\n-  En  cas  d'incident  de  tout  type  (morsure,  pincement,  attaque,...),  entre  un  chien  de\nsurveillance et un usager de la R\u00e9serve naturelle nationale de la plaine des Maures (RNNPM),\nune  alerte  est  faite  aupr\u00e8s  de  la  DDTM  du  Var  par  mail  \u00e0  l'adresse  suivante  :  ddtm-\nloup@var.gouv.fr.\nArticle 2     :   En cas de non-respect de ces consignes, le demandeur s'expose \u00e0 des constats\nd'infraction r\u00e9alis\u00e9s par des agents commissionn\u00e9s au titre du Code de l'environnement et du\nCode forestier.\nArticle 3     :   Le pr\u00e9sent arr\u00eat\u00e9 peut faire l'objet d'un recours aupr\u00e8s du tribunal administratif de\nToulon,  dans  un  d\u00e9lai  de  deux  mois  \u00e0  compter  de  sa  publication  au  recueil  des  actes\nadministratifs\nArticle 4     :   Le secr\u00e9taire g\u00e9n\u00e9ral de la pr\u00e9fecture du Var et le directeur d\u00e9partemental des\nterritoires et de la mer du Var sont charg\u00e9s, chacun en ce qui le concerne, de l'application du\npr\u00e9sent arr\u00eat\u00e9 qui sera publi\u00e9 au recueil des actes administratifs de la pr\u00e9fecture du Var.\nFait \u00e0 Toulon, le 13 juin 2024\nPour le Pr\u00e9fet et par d\u00e9l\u00e9gation,\nLe directeur d\u00e9partemental des territoires\net de la mer\nSign\u00e9\nLaurent BOULET\n2/2Direction d\u00e9partementale des territoires et de la mer du Var - 83-2024-06-13-00008 - ARR\u00caT\u00c9 PR\u00c9FECTORAL n\u00b0 DDTM/SAF/2024- 02 du\n13 juin 2024 portant modification \u00e0 l\u25a1arr\u00eat\u00e9 pr\u00e9fectoral DDTM/SAF/2024-01 du 08 avril 2024 portant autorisation de p\u00e2turage en for\u00eat\nincendi\u00e9e de M. Gilles MISTRAL, entre la coupure des Plaines et la RD48, sur la commune de La Garde-Freinet44","date":"2024-06-17","first_seen_on":"2024-06-17T15:09:23+00:00","id":"537d34222ffedae7bafa650f34b5b26ba93add6fa04a9a84c54386431d7be4e5","name":"RAA N\u00b0142 du 17 juin 2024","pdf_creation_date":"2024-06-17T14:09:08+00:00","pdf_modification_date":null,"timezone":"Europe/Paris","url":"https://www.var.gouv.fr/contenu/telechargement/35037/232816/file/RAA%20N%C2%B0142%20du%2017%20juin%202024%20NOMINATIF.pdf"}
